{"id":125784,"date":"2016-03-16T08:10:53","date_gmt":"2016-03-16T08:10:53","guid":{"rendered":"http:\/\/blog.supercars.net\/blog\/?p=125784"},"modified":"2024-01-11T19:29:53","modified_gmt":"2024-01-11T19:29:53","slug":"2013-6-hours-of-silverstone-1","status":"publish","type":"post","link":"https:\/\/www.supercars.net\/blog\/2013-6-hours-of-silverstone-1\/","title":{"rendered":"2013 6 Hours of Silverstone-1"},"content":{"rendered":"<p>Held 14th April at the Silverstone Circuit in England. Won by the #2 Audi R18 e-tron quattro of Tom Kristensen, Lo\u00efc Duval, Allan McNish. GT honors went to the Aston Martin Vantage V8 of Darren Turner, Stefan Mucke and Bruno Senna. Main photos by Alexandre Guillamot.<\/p>\n<figure class='gallery-item'>\r\n            <div class='gallery-icon landscape'>\r\n                <a href='https:\/\/www.supercars.net\/blog\/wp-content\/uploads\/2016\/03\/1063970-1536.jpg' class='tipi-lightbox'>\r\n\t\t\t\t<img decoding=\"async\" width=\"1536\" height=\"1024\" src=\"https:\/\/www.supercars.net\/blog\/wp-content\/uploads\/2016\/03\/1063970-1536.jpg\" class=\"attachment-full size-full\" alt=\"2013 6 Hours of Silverstone-1\" srcset=\"https:\/\/www.supercars.net\/blog\/wp-content\/uploads\/2016\/03\/1063970-1536.jpg 1536w, https:\/\/www.supercars.net\/blog\/wp-content\/uploads\/2016\/03\/1063970-1536-300x200.jpg 300w, https:\/\/www.supercars.net\/blog\/wp-content\/uploads\/2016\/03\/1063970-1536-1024x683.jpg 1024w, https:\/\/www.supercars.net\/blog\/wp-content\/uploads\/2016\/03\/1063970-1536-100x67.jpg 100w, https:\/\/www.supercars.net\/blog\/wp-content\/uploads\/2016\/03\/1063970-1536-770x513.jpg 770w, https:\/\/www.supercars.net\/blog\/wp-content\/uploads\/2016\/03\/1063970-1536-360x240.jpg 360w, https:\/\/www.supercars.net\/blog\/wp-content\/uploads\/2016\/03\/1063970-1536-1155x770.jpg 1155w, https:\/\/www.supercars.net\/blog\/wp-content\/uploads\/2016\/03\/1063970-1536-370x247.jpg 370w, https:\/\/www.supercars.net\/blog\/wp-content\/uploads\/2016\/03\/1063970-1536-293x195.jpg 293w, https:\/\/www.supercars.net\/blog\/wp-content\/uploads\/2016\/03\/1063970-1536-1400x933.jpg 1400w\" sizes=\"(max-width: 1536px) 100vw, 1536px\" \/>\r\n\t\t\t\t<\/a>\r\n            <\/div>\r\n                <div class='wp-caption-text gallery-caption'>\r\n                Alexander Wurz (AUT) \/ Nicolas Lapierre (FRA) Toyota Racing, Toyota TS030, Hybrid leads at the start of the race.\nFIA World Endurance Championship, Round 1, Sunday 14 April 2013. Silverstone, England.\r\n                <\/div><\/figure><figure class='gallery-item'>\r\n            <div class='gallery-icon landscape'>\r\n                <a href='https:\/\/www.supercars.net\/blog\/wp-content\/uploads\/2016\/03\/1063971-1536.jpg' class='tipi-lightbox'>\r\n\t\t\t\t<img decoding=\"async\" width=\"1536\" height=\"1024\" src=\"https:\/\/www.supercars.net\/blog\/wp-content\/uploads\/2016\/03\/1063971-1536.jpg\" class=\"attachment-full size-full\" alt=\"2013 6 Hours of Silverstone-1\" srcset=\"https:\/\/www.supercars.net\/blog\/wp-content\/uploads\/2016\/03\/1063971-1536.jpg 1536w, https:\/\/www.supercars.net\/blog\/wp-content\/uploads\/2016\/03\/1063971-1536-300x200.jpg 300w, https:\/\/www.supercars.net\/blog\/wp-content\/uploads\/2016\/03\/1063971-1536-1024x683.jpg 1024w, https:\/\/www.supercars.net\/blog\/wp-content\/uploads\/2016\/03\/1063971-1536-100x67.jpg 100w, https:\/\/www.supercars.net\/blog\/wp-content\/uploads\/2016\/03\/1063971-1536-770x513.jpg 770w, https:\/\/www.supercars.net\/blog\/wp-content\/uploads\/2016\/03\/1063971-1536-360x240.jpg 360w, https:\/\/www.supercars.net\/blog\/wp-content\/uploads\/2016\/03\/1063971-1536-1155x770.jpg 1155w, https:\/\/www.supercars.net\/blog\/wp-content\/uploads\/2016\/03\/1063971-1536-370x247.jpg 370w, https:\/\/www.supercars.net\/blog\/wp-content\/uploads\/2016\/03\/1063971-1536-293x195.jpg 293w, https:\/\/www.supercars.net\/blog\/wp-content\/uploads\/2016\/03\/1063971-1536-1400x933.jpg 1400w\" sizes=\"(max-width: 1536px) 100vw, 1536px\" \/>\r\n\t\t\t\t<\/a>\r\n            <\/div>\r\n                <div class='wp-caption-text gallery-caption'>\r\n                The podium (L to R): Marcel Fassler (SUI) \/ Andre Lotterer (GER) \/ Benoit Treluyer (FRA) Audi Sport Team Joest, Audi R18 e-tron quattro second; Tom Kristensen (DEN) \/ Loic Duval (FRA) \/  Allan McNish (GBR) Audi Sport Team Joest, Audi R18 e-tron quattro, race winners; Anthony Davidson (GBR) \/  Sebastien Buemi (SUI) \/ Stephane Sarrazin (FRA) Toyota Racing, Toyota TS030, Hybrid, third.\nFIA World Endurance Championship, Round 1, Sunday 14 April 2013. Silverstone, England.\r\n                <\/div><\/figure><figure class='gallery-item'>\r\n            <div class='gallery-icon landscape'>\r\n                <a href='https:\/\/www.supercars.net\/blog\/wp-content\/uploads\/2016\/03\/1063972-1536.jpg' class='tipi-lightbox'>\r\n\t\t\t\t<img decoding=\"async\" width=\"1536\" height=\"1024\" src=\"https:\/\/www.supercars.net\/blog\/wp-content\/uploads\/2016\/03\/1063972-1536.jpg\" class=\"attachment-full size-full\" alt=\"2013 6 Hours of Silverstone-1\" srcset=\"https:\/\/www.supercars.net\/blog\/wp-content\/uploads\/2016\/03\/1063972-1536.jpg 1536w, https:\/\/www.supercars.net\/blog\/wp-content\/uploads\/2016\/03\/1063972-1536-300x200.jpg 300w, https:\/\/www.supercars.net\/blog\/wp-content\/uploads\/2016\/03\/1063972-1536-1024x683.jpg 1024w, https:\/\/www.supercars.net\/blog\/wp-content\/uploads\/2016\/03\/1063972-1536-100x67.jpg 100w, https:\/\/www.supercars.net\/blog\/wp-content\/uploads\/2016\/03\/1063972-1536-770x513.jpg 770w, https:\/\/www.supercars.net\/blog\/wp-content\/uploads\/2016\/03\/1063972-1536-360x240.jpg 360w, https:\/\/www.supercars.net\/blog\/wp-content\/uploads\/2016\/03\/1063972-1536-1155x770.jpg 1155w, https:\/\/www.supercars.net\/blog\/wp-content\/uploads\/2016\/03\/1063972-1536-370x247.jpg 370w, https:\/\/www.supercars.net\/blog\/wp-content\/uploads\/2016\/03\/1063972-1536-293x195.jpg 293w, https:\/\/www.supercars.net\/blog\/wp-content\/uploads\/2016\/03\/1063972-1536-1400x933.jpg 1400w\" sizes=\"(max-width: 1536px) 100vw, 1536px\" \/>\r\n\t\t\t\t<\/a>\r\n            <\/div>\r\n                <div class='wp-caption-text gallery-caption'>\r\n                Pit lane fans walkabout.\nFIA World Endurance Championship, Round 1, Sunday 14 April 2013. Silverstone, England.\r\n                <\/div><\/figure><figure class='gallery-item'>\r\n            <div class='gallery-icon landscape'>\r\n                <a href='https:\/\/www.supercars.net\/blog\/wp-content\/uploads\/2016\/03\/1063973-1536.jpg' class='tipi-lightbox'>\r\n\t\t\t\t<img decoding=\"async\" width=\"1536\" height=\"1024\" src=\"https:\/\/www.supercars.net\/blog\/wp-content\/uploads\/2016\/03\/1063973-1536.jpg\" class=\"attachment-full size-full\" alt=\"2013 6 Hours of Silverstone-1\" srcset=\"https:\/\/www.supercars.net\/blog\/wp-content\/uploads\/2016\/03\/1063973-1536.jpg 1536w, https:\/\/www.supercars.net\/blog\/wp-content\/uploads\/2016\/03\/1063973-1536-300x200.jpg 300w, https:\/\/www.supercars.net\/blog\/wp-content\/uploads\/2016\/03\/1063973-1536-1024x683.jpg 1024w, https:\/\/www.supercars.net\/blog\/wp-content\/uploads\/2016\/03\/1063973-1536-100x67.jpg 100w, https:\/\/www.supercars.net\/blog\/wp-content\/uploads\/2016\/03\/1063973-1536-770x513.jpg 770w, https:\/\/www.supercars.net\/blog\/wp-content\/uploads\/2016\/03\/1063973-1536-360x240.jpg 360w, https:\/\/www.supercars.net\/blog\/wp-content\/uploads\/2016\/03\/1063973-1536-1155x770.jpg 1155w, https:\/\/www.supercars.net\/blog\/wp-content\/uploads\/2016\/03\/1063973-1536-370x247.jpg 370w, https:\/\/www.supercars.net\/blog\/wp-content\/uploads\/2016\/03\/1063973-1536-293x195.jpg 293w, https:\/\/www.supercars.net\/blog\/wp-content\/uploads\/2016\/03\/1063973-1536-1400x933.jpg 1400w\" sizes=\"(max-width: 1536px) 100vw, 1536px\" \/>\r\n\t\t\t\t<\/a>\r\n            <\/div><\/figure><figure class='gallery-item'>\r\n            <div class='gallery-icon landscape'>\r\n                <a href='https:\/\/www.supercars.net\/blog\/wp-content\/uploads\/2016\/03\/1063974-1536.jpg' class='tipi-lightbox'>\r\n\t\t\t\t<img decoding=\"async\" width=\"1536\" height=\"1024\" src=\"https:\/\/www.supercars.net\/blog\/wp-content\/uploads\/2016\/03\/1063974-1536.jpg\" class=\"attachment-full size-full\" alt=\"2013 6 Hours of Silverstone-1\" srcset=\"https:\/\/www.supercars.net\/blog\/wp-content\/uploads\/2016\/03\/1063974-1536.jpg 1536w, https:\/\/www.supercars.net\/blog\/wp-content\/uploads\/2016\/03\/1063974-1536-300x200.jpg 300w, https:\/\/www.supercars.net\/blog\/wp-content\/uploads\/2016\/03\/1063974-1536-1024x683.jpg 1024w, https:\/\/www.supercars.net\/blog\/wp-content\/uploads\/2016\/03\/1063974-1536-100x67.jpg 100w, https:\/\/www.supercars.net\/blog\/wp-content\/uploads\/2016\/03\/1063974-1536-770x513.jpg 770w, https:\/\/www.supercars.net\/blog\/wp-content\/uploads\/2016\/03\/1063974-1536-360x240.jpg 360w, https:\/\/www.supercars.net\/blog\/wp-content\/uploads\/2016\/03\/1063974-1536-1155x770.jpg 1155w, https:\/\/www.supercars.net\/blog\/wp-content\/uploads\/2016\/03\/1063974-1536-370x247.jpg 370w, https:\/\/www.supercars.net\/blog\/wp-content\/uploads\/2016\/03\/1063974-1536-293x195.jpg 293w, https:\/\/www.supercars.net\/blog\/wp-content\/uploads\/2016\/03\/1063974-1536-1400x933.jpg 1400w\" sizes=\"(max-width: 1536px) 100vw, 1536px\" \/>\r\n\t\t\t\t<\/a>\r\n            <\/div>\r\n                <div class='wp-caption-text gallery-caption'>\r\n                (L to R): Alexander Wurz (AUT) \/ Nicolas Lapierre (FRA) Toyota Racing, Toyota TS030, Hybrid and Anthony Davidson (GBR) \/  Sebastien Buemi (SUI) \/ Stephane Sarrazin (FRA) Toyota Racing, Toyota TS030, Hybrid lead on the formation lap.\nFIA World Endurance Championship, Round 1, Sunday 14 April 2013. Silverstone, England.\r\n                <\/div><\/figure><figure class='gallery-item'>\r\n            <div class='gallery-icon landscape'>\r\n                <a href='https:\/\/www.supercars.net\/blog\/wp-content\/uploads\/2016\/03\/1063975-1536.jpg' class='tipi-lightbox'>\r\n\t\t\t\t<img decoding=\"async\" width=\"1536\" height=\"1024\" src=\"https:\/\/www.supercars.net\/blog\/wp-content\/uploads\/2016\/03\/1063975-1536.jpg\" class=\"attachment-full size-full\" alt=\"2013 6 Hours of Silverstone-1\" srcset=\"https:\/\/www.supercars.net\/blog\/wp-content\/uploads\/2016\/03\/1063975-1536.jpg 1536w, https:\/\/www.supercars.net\/blog\/wp-content\/uploads\/2016\/03\/1063975-1536-300x200.jpg 300w, https:\/\/www.supercars.net\/blog\/wp-content\/uploads\/2016\/03\/1063975-1536-1024x683.jpg 1024w, https:\/\/www.supercars.net\/blog\/wp-content\/uploads\/2016\/03\/1063975-1536-100x67.jpg 100w, https:\/\/www.supercars.net\/blog\/wp-content\/uploads\/2016\/03\/1063975-1536-770x513.jpg 770w, https:\/\/www.supercars.net\/blog\/wp-content\/uploads\/2016\/03\/1063975-1536-360x240.jpg 360w, https:\/\/www.supercars.net\/blog\/wp-content\/uploads\/2016\/03\/1063975-1536-1155x770.jpg 1155w, https:\/\/www.supercars.net\/blog\/wp-content\/uploads\/2016\/03\/1063975-1536-370x247.jpg 370w, https:\/\/www.supercars.net\/blog\/wp-content\/uploads\/2016\/03\/1063975-1536-293x195.jpg 293w, https:\/\/www.supercars.net\/blog\/wp-content\/uploads\/2016\/03\/1063975-1536-1400x933.jpg 1400w\" sizes=\"(max-width: 1536px) 100vw, 1536px\" \/>\r\n\t\t\t\t<\/a>\r\n            <\/div>\r\n                <div class='wp-caption-text gallery-caption'>\r\n                WEC 2013 start of season group photo.\nFIA World Endurance Championship, Round 1, Friday 12 April 2013. Silverstone, England.\r\n                <\/div><\/figure><figure class='gallery-item'>\r\n            <div class='gallery-icon landscape'>\r\n                <a href='https:\/\/www.supercars.net\/blog\/wp-content\/uploads\/2016\/03\/1063976-1536.jpg' class='tipi-lightbox'>\r\n\t\t\t\t<img decoding=\"async\" width=\"1536\" height=\"1024\" src=\"https:\/\/www.supercars.net\/blog\/wp-content\/uploads\/2016\/03\/1063976-1536.jpg\" class=\"attachment-full size-full\" alt=\"2013 6 Hours of Silverstone-1\" srcset=\"https:\/\/www.supercars.net\/blog\/wp-content\/uploads\/2016\/03\/1063976-1536.jpg 1536w, https:\/\/www.supercars.net\/blog\/wp-content\/uploads\/2016\/03\/1063976-1536-300x200.jpg 300w, https:\/\/www.supercars.net\/blog\/wp-content\/uploads\/2016\/03\/1063976-1536-1024x683.jpg 1024w, https:\/\/www.supercars.net\/blog\/wp-content\/uploads\/2016\/03\/1063976-1536-100x67.jpg 100w, https:\/\/www.supercars.net\/blog\/wp-content\/uploads\/2016\/03\/1063976-1536-770x513.jpg 770w, https:\/\/www.supercars.net\/blog\/wp-content\/uploads\/2016\/03\/1063976-1536-360x240.jpg 360w, https:\/\/www.supercars.net\/blog\/wp-content\/uploads\/2016\/03\/1063976-1536-1155x770.jpg 1155w, https:\/\/www.supercars.net\/blog\/wp-content\/uploads\/2016\/03\/1063976-1536-370x247.jpg 370w, https:\/\/www.supercars.net\/blog\/wp-content\/uploads\/2016\/03\/1063976-1536-293x195.jpg 293w, https:\/\/www.supercars.net\/blog\/wp-content\/uploads\/2016\/03\/1063976-1536-1400x933.jpg 1400w\" sizes=\"(max-width: 1536px) 100vw, 1536px\" \/>\r\n\t\t\t\t<\/a>\r\n            <\/div>\r\n                <div class='wp-caption-text gallery-caption'>\r\n                The podium (L to R): Marcel Fassler (SUI) \/ Andre Lotterer (GER) \/ Benoit Treluyer (FRA) Audi Sport Team Joest, Audi R18 e-tron quattro second; Tom Kristensen (DEN) \/ Loic Duval (FRA) \/  Allan McNish (GBR) Audi Sport Team Joest, Audi R18 e-tron quattro, race winners; Anthony Davidson (GBR) \/  Sebastien Buemi (SUI) \/ Stephane Sarrazin (FRA) Toyota Racing, Toyota TS030, Hybrid, third.\nFIA World Endurance Championship, Round 1, Sunday 14 April 2013. Silverstone, England.\r\n                <\/div><\/figure><figure class='gallery-item'>\r\n            <div class='gallery-icon landscape'>\r\n                <a href='https:\/\/www.supercars.net\/blog\/wp-content\/uploads\/2016\/03\/1063977-1536.jpg' class='tipi-lightbox'>\r\n\t\t\t\t<img decoding=\"async\" width=\"1536\" height=\"1027\" src=\"https:\/\/www.supercars.net\/blog\/wp-content\/uploads\/2016\/03\/1063977-1536.jpg\" class=\"attachment-full size-full\" alt=\"2013 6 Hours of Silverstone-1\" srcset=\"https:\/\/www.supercars.net\/blog\/wp-content\/uploads\/2016\/03\/1063977-1536.jpg 1536w, https:\/\/www.supercars.net\/blog\/wp-content\/uploads\/2016\/03\/1063977-1536-300x201.jpg 300w, https:\/\/www.supercars.net\/blog\/wp-content\/uploads\/2016\/03\/1063977-1536-1024x685.jpg 1024w, https:\/\/www.supercars.net\/blog\/wp-content\/uploads\/2016\/03\/1063977-1536-100x67.jpg 100w, https:\/\/www.supercars.net\/blog\/wp-content\/uploads\/2016\/03\/1063977-1536-770x515.jpg 770w, https:\/\/www.supercars.net\/blog\/wp-content\/uploads\/2016\/03\/1063977-1536-360x240.jpg 360w, https:\/\/www.supercars.net\/blog\/wp-content\/uploads\/2016\/03\/1063977-1536-370x247.jpg 370w, https:\/\/www.supercars.net\/blog\/wp-content\/uploads\/2016\/03\/1063977-1536-293x196.jpg 293w, https:\/\/www.supercars.net\/blog\/wp-content\/uploads\/2016\/03\/1063977-1536-1400x936.jpg 1400w\" sizes=\"(max-width: 1536px) 100vw, 1536px\" \/>\r\n\t\t\t\t<\/a>\r\n            <\/div>\r\n                <div class='wp-caption-text gallery-caption'>\r\n                WEC 6h Silverstone 2013\nAudi R18 e-tron quattro #2 (Audi Sport Team Joest), \nLoic Duval (F), Tom Kristensen (DK), Allan McNish (GB)\r\n                <\/div><\/figure><figure class='gallery-item'>\r\n            <div class='gallery-icon landscape'>\r\n                <a href='https:\/\/www.supercars.net\/blog\/wp-content\/uploads\/2016\/03\/1063978-1536.jpg' class='tipi-lightbox'>\r\n\t\t\t\t<img decoding=\"async\" width=\"1536\" height=\"1027\" src=\"https:\/\/www.supercars.net\/blog\/wp-content\/uploads\/2016\/03\/1063978-1536.jpg\" class=\"attachment-full size-full\" alt=\"2013 6 Hours of Silverstone-1\" srcset=\"https:\/\/www.supercars.net\/blog\/wp-content\/uploads\/2016\/03\/1063978-1536.jpg 1536w, https:\/\/www.supercars.net\/blog\/wp-content\/uploads\/2016\/03\/1063978-1536-300x201.jpg 300w, https:\/\/www.supercars.net\/blog\/wp-content\/uploads\/2016\/03\/1063978-1536-1024x685.jpg 1024w, https:\/\/www.supercars.net\/blog\/wp-content\/uploads\/2016\/03\/1063978-1536-100x67.jpg 100w, https:\/\/www.supercars.net\/blog\/wp-content\/uploads\/2016\/03\/1063978-1536-770x515.jpg 770w, https:\/\/www.supercars.net\/blog\/wp-content\/uploads\/2016\/03\/1063978-1536-360x240.jpg 360w, https:\/\/www.supercars.net\/blog\/wp-content\/uploads\/2016\/03\/1063978-1536-370x247.jpg 370w, https:\/\/www.supercars.net\/blog\/wp-content\/uploads\/2016\/03\/1063978-1536-293x196.jpg 293w, https:\/\/www.supercars.net\/blog\/wp-content\/uploads\/2016\/03\/1063978-1536-1400x936.jpg 1400w\" sizes=\"(max-width: 1536px) 100vw, 1536px\" \/>\r\n\t\t\t\t<\/a>\r\n            <\/div>\r\n                <div class='wp-caption-text gallery-caption'>\r\n                Audi R18 e-tron quattro #2 (Audi Sport Team Joest), \nLo\u0457c Duval (F), Tom Kristensen (DK), Allan McNish (GB)\r\n                <\/div><\/figure><figure class='gallery-item'>\r\n            <div class='gallery-icon landscape'>\r\n                <a href='https:\/\/www.supercars.net\/blog\/wp-content\/uploads\/2016\/03\/1063979-1536.jpg' class='tipi-lightbox'>\r\n\t\t\t\t<img decoding=\"async\" width=\"1536\" height=\"1025\" src=\"https:\/\/www.supercars.net\/blog\/wp-content\/uploads\/2016\/03\/1063979-1536.jpg\" class=\"attachment-full size-full\" alt=\"2013 6 Hours of Silverstone-1\" srcset=\"https:\/\/www.supercars.net\/blog\/wp-content\/uploads\/2016\/03\/1063979-1536.jpg 1536w, https:\/\/www.supercars.net\/blog\/wp-content\/uploads\/2016\/03\/1063979-1536-300x200.jpg 300w, https:\/\/www.supercars.net\/blog\/wp-content\/uploads\/2016\/03\/1063979-1536-1024x683.jpg 1024w, https:\/\/www.supercars.net\/blog\/wp-content\/uploads\/2016\/03\/1063979-1536-100x67.jpg 100w, https:\/\/www.supercars.net\/blog\/wp-content\/uploads\/2016\/03\/1063979-1536-770x514.jpg 770w, https:\/\/www.supercars.net\/blog\/wp-content\/uploads\/2016\/03\/1063979-1536-360x240.jpg 360w, https:\/\/www.supercars.net\/blog\/wp-content\/uploads\/2016\/03\/1063979-1536-1155x770.jpg 1155w, https:\/\/www.supercars.net\/blog\/wp-content\/uploads\/2016\/03\/1063979-1536-370x247.jpg 370w, https:\/\/www.supercars.net\/blog\/wp-content\/uploads\/2016\/03\/1063979-1536-293x196.jpg 293w, https:\/\/www.supercars.net\/blog\/wp-content\/uploads\/2016\/03\/1063979-1536-1400x934.jpg 1400w\" sizes=\"(max-width: 1536px) 100vw, 1536px\" \/>\r\n\t\t\t\t<\/a>\r\n            <\/div>\r\n                <div class='wp-caption-text gallery-caption'>\r\n                Audi R18 e-tron quattro #2 (Audi Sport Team Joest), \nLo\u0457c Duval (F), Tom Kristensen (DK), Allan McNish (GB)\r\n                <\/div><\/figure><figure class='gallery-item'>\r\n            <div class='gallery-icon landscape'>\r\n                <a href='https:\/\/www.supercars.net\/blog\/wp-content\/uploads\/2016\/03\/1063980-1536.jpg' class='tipi-lightbox'>\r\n\t\t\t\t<img decoding=\"async\" width=\"1536\" height=\"1027\" src=\"https:\/\/www.supercars.net\/blog\/wp-content\/uploads\/2016\/03\/1063980-1536.jpg\" class=\"attachment-full size-full\" alt=\"2013 6 Hours of Silverstone-1\" srcset=\"https:\/\/www.supercars.net\/blog\/wp-content\/uploads\/2016\/03\/1063980-1536.jpg 1536w, https:\/\/www.supercars.net\/blog\/wp-content\/uploads\/2016\/03\/1063980-1536-300x201.jpg 300w, https:\/\/www.supercars.net\/blog\/wp-content\/uploads\/2016\/03\/1063980-1536-1024x685.jpg 1024w, https:\/\/www.supercars.net\/blog\/wp-content\/uploads\/2016\/03\/1063980-1536-100x67.jpg 100w, https:\/\/www.supercars.net\/blog\/wp-content\/uploads\/2016\/03\/1063980-1536-770x515.jpg 770w, https:\/\/www.supercars.net\/blog\/wp-content\/uploads\/2016\/03\/1063980-1536-360x240.jpg 360w, https:\/\/www.supercars.net\/blog\/wp-content\/uploads\/2016\/03\/1063980-1536-370x247.jpg 370w, https:\/\/www.supercars.net\/blog\/wp-content\/uploads\/2016\/03\/1063980-1536-293x196.jpg 293w, https:\/\/www.supercars.net\/blog\/wp-content\/uploads\/2016\/03\/1063980-1536-1400x936.jpg 1400w\" sizes=\"(max-width: 1536px) 100vw, 1536px\" \/>\r\n\t\t\t\t<\/a>\r\n            <\/div>\r\n                <div class='wp-caption-text gallery-caption'>\r\n                Audi R18 e-tron quattro #2 (Audi Sport Team Joest), \nLo\u0457c Duval (F), Tom Kristensen (DK), Allan McNish (GB)\r\n                <\/div><\/figure><figure class='gallery-item'>\r\n            <div class='gallery-icon landscape'>\r\n                <a href='https:\/\/www.supercars.net\/blog\/wp-content\/uploads\/2016\/03\/1063981-1536.jpg' class='tipi-lightbox'>\r\n\t\t\t\t<img decoding=\"async\" width=\"1536\" height=\"1024\" src=\"https:\/\/www.supercars.net\/blog\/wp-content\/uploads\/2016\/03\/1063981-1536.jpg\" class=\"attachment-full size-full\" alt=\"2013 6 Hours of Silverstone-1\" srcset=\"https:\/\/www.supercars.net\/blog\/wp-content\/uploads\/2016\/03\/1063981-1536.jpg 1536w, https:\/\/www.supercars.net\/blog\/wp-content\/uploads\/2016\/03\/1063981-1536-300x200.jpg 300w, https:\/\/www.supercars.net\/blog\/wp-content\/uploads\/2016\/03\/1063981-1536-1024x683.jpg 1024w, https:\/\/www.supercars.net\/blog\/wp-content\/uploads\/2016\/03\/1063981-1536-100x67.jpg 100w, https:\/\/www.supercars.net\/blog\/wp-content\/uploads\/2016\/03\/1063981-1536-770x513.jpg 770w, https:\/\/www.supercars.net\/blog\/wp-content\/uploads\/2016\/03\/1063981-1536-360x240.jpg 360w, https:\/\/www.supercars.net\/blog\/wp-content\/uploads\/2016\/03\/1063981-1536-1155x770.jpg 1155w, https:\/\/www.supercars.net\/blog\/wp-content\/uploads\/2016\/03\/1063981-1536-370x247.jpg 370w, https:\/\/www.supercars.net\/blog\/wp-content\/uploads\/2016\/03\/1063981-1536-293x195.jpg 293w, https:\/\/www.supercars.net\/blog\/wp-content\/uploads\/2016\/03\/1063981-1536-1400x933.jpg 1400w\" sizes=\"(max-width: 1536px) 100vw, 1536px\" \/>\r\n\t\t\t\t<\/a>\r\n            <\/div>\r\n                <div class='wp-caption-text gallery-caption'>\r\n                Lo\u0457c Duval (F)\nAudi R18 e-tron quattro #2 (Audi Sport Team Joest)\r\n                <\/div><\/figure><figure class='gallery-item'>\r\n            <div class='gallery-icon landscape'>\r\n                <a href='https:\/\/www.supercars.net\/blog\/wp-content\/uploads\/2016\/03\/1063982-1536.jpg' class='tipi-lightbox'>\r\n\t\t\t\t<img decoding=\"async\" width=\"1536\" height=\"1024\" src=\"https:\/\/www.supercars.net\/blog\/wp-content\/uploads\/2016\/03\/1063982-1536.jpg\" class=\"attachment-full size-full\" alt=\"2013 6 Hours of Silverstone-1\" srcset=\"https:\/\/www.supercars.net\/blog\/wp-content\/uploads\/2016\/03\/1063982-1536.jpg 1536w, https:\/\/www.supercars.net\/blog\/wp-content\/uploads\/2016\/03\/1063982-1536-300x200.jpg 300w, https:\/\/www.supercars.net\/blog\/wp-content\/uploads\/2016\/03\/1063982-1536-1024x683.jpg 1024w, https:\/\/www.supercars.net\/blog\/wp-content\/uploads\/2016\/03\/1063982-1536-100x67.jpg 100w, https:\/\/www.supercars.net\/blog\/wp-content\/uploads\/2016\/03\/1063982-1536-770x513.jpg 770w, https:\/\/www.supercars.net\/blog\/wp-content\/uploads\/2016\/03\/1063982-1536-360x240.jpg 360w, https:\/\/www.supercars.net\/blog\/wp-content\/uploads\/2016\/03\/1063982-1536-1155x770.jpg 1155w, https:\/\/www.supercars.net\/blog\/wp-content\/uploads\/2016\/03\/1063982-1536-370x247.jpg 370w, https:\/\/www.supercars.net\/blog\/wp-content\/uploads\/2016\/03\/1063982-1536-293x195.jpg 293w, https:\/\/www.supercars.net\/blog\/wp-content\/uploads\/2016\/03\/1063982-1536-1400x933.jpg 1400w\" sizes=\"(max-width: 1536px) 100vw, 1536px\" \/>\r\n\t\t\t\t<\/a>\r\n            <\/div>\r\n                <div class='wp-caption-text gallery-caption'>\r\n                Audi R18 e-tron quattro #1 (Audi Sport Team Joest), \nMarcel F\u00e4ssler (CH), Andr\u00e8 Lotterer (D), Beno\u00eet Tr\u00e9luyer (F)\r\n                <\/div><\/figure><figure class='gallery-item'>\r\n            <div class='gallery-icon landscape'>\r\n                <a href='https:\/\/www.supercars.net\/blog\/wp-content\/uploads\/2016\/03\/1063983-1536.jpg' class='tipi-lightbox'>\r\n\t\t\t\t<img decoding=\"async\" width=\"1536\" height=\"1024\" src=\"https:\/\/www.supercars.net\/blog\/wp-content\/uploads\/2016\/03\/1063983-1536.jpg\" class=\"attachment-full size-full\" alt=\"2013 6 Hours of Silverstone-1\" srcset=\"https:\/\/www.supercars.net\/blog\/wp-content\/uploads\/2016\/03\/1063983-1536.jpg 1536w, https:\/\/www.supercars.net\/blog\/wp-content\/uploads\/2016\/03\/1063983-1536-300x200.jpg 300w, https:\/\/www.supercars.net\/blog\/wp-content\/uploads\/2016\/03\/1063983-1536-1024x683.jpg 1024w, https:\/\/www.supercars.net\/blog\/wp-content\/uploads\/2016\/03\/1063983-1536-100x67.jpg 100w, https:\/\/www.supercars.net\/blog\/wp-content\/uploads\/2016\/03\/1063983-1536-770x513.jpg 770w, https:\/\/www.supercars.net\/blog\/wp-content\/uploads\/2016\/03\/1063983-1536-360x240.jpg 360w, https:\/\/www.supercars.net\/blog\/wp-content\/uploads\/2016\/03\/1063983-1536-1155x770.jpg 1155w, https:\/\/www.supercars.net\/blog\/wp-content\/uploads\/2016\/03\/1063983-1536-370x247.jpg 370w, https:\/\/www.supercars.net\/blog\/wp-content\/uploads\/2016\/03\/1063983-1536-293x195.jpg 293w, https:\/\/www.supercars.net\/blog\/wp-content\/uploads\/2016\/03\/1063983-1536-1400x933.jpg 1400w\" sizes=\"(max-width: 1536px) 100vw, 1536px\" \/>\r\n\t\t\t\t<\/a>\r\n            <\/div>\r\n                <div class='wp-caption-text gallery-caption'>\r\n                WEC 6h Silverstone 2013\nAudi R18 e-tron quattro #1 (Audi Sport Team Joest), \nMarcel F\u00e4ssler (CH), Andr\u00e8 Lotterer (D), Beno\u00eet Tr\u00e9luyer (F)\r\n                <\/div><\/figure><figure class='gallery-item'>\r\n            <div class='gallery-icon landscape'>\r\n                <a href='https:\/\/www.supercars.net\/blog\/wp-content\/uploads\/2016\/03\/1063984-1536.jpg' class='tipi-lightbox'>\r\n\t\t\t\t<img decoding=\"async\" width=\"1536\" height=\"1025\" src=\"https:\/\/www.supercars.net\/blog\/wp-content\/uploads\/2016\/03\/1063984-1536.jpg\" class=\"attachment-full size-full\" alt=\"2013 6 Hours of Silverstone-1\" srcset=\"https:\/\/www.supercars.net\/blog\/wp-content\/uploads\/2016\/03\/1063984-1536.jpg 1536w, https:\/\/www.supercars.net\/blog\/wp-content\/uploads\/2016\/03\/1063984-1536-300x200.jpg 300w, https:\/\/www.supercars.net\/blog\/wp-content\/uploads\/2016\/03\/1063984-1536-1024x683.jpg 1024w, https:\/\/www.supercars.net\/blog\/wp-content\/uploads\/2016\/03\/1063984-1536-100x67.jpg 100w, https:\/\/www.supercars.net\/blog\/wp-content\/uploads\/2016\/03\/1063984-1536-770x514.jpg 770w, https:\/\/www.supercars.net\/blog\/wp-content\/uploads\/2016\/03\/1063984-1536-360x240.jpg 360w, https:\/\/www.supercars.net\/blog\/wp-content\/uploads\/2016\/03\/1063984-1536-1155x770.jpg 1155w, https:\/\/www.supercars.net\/blog\/wp-content\/uploads\/2016\/03\/1063984-1536-370x247.jpg 370w, https:\/\/www.supercars.net\/blog\/wp-content\/uploads\/2016\/03\/1063984-1536-293x196.jpg 293w, https:\/\/www.supercars.net\/blog\/wp-content\/uploads\/2016\/03\/1063984-1536-1400x934.jpg 1400w\" sizes=\"(max-width: 1536px) 100vw, 1536px\" \/>\r\n\t\t\t\t<\/a>\r\n            <\/div>\r\n                <div class='wp-caption-text gallery-caption'>\r\n                WEC 6h Silverstone 2013\nAudi R18 e-tron quattro #1 (Audi Sport Team Joest), \nMarcel F\u00e4ssler (CH), Andr\u00e8 Lotterer (D), Beno\u00eet Tr\u00e9luyer (F)\r\n                <\/div><\/figure><figure class='gallery-item'>\r\n            <div class='gallery-icon landscape'>\r\n                <a href='https:\/\/www.supercars.net\/blog\/wp-content\/uploads\/2016\/03\/1063986-1536.jpg' class='tipi-lightbox'>\r\n\t\t\t\t<img decoding=\"async\" width=\"1536\" height=\"1026\" src=\"https:\/\/www.supercars.net\/blog\/wp-content\/uploads\/2016\/03\/1063986-1536.jpg\" class=\"attachment-full size-full\" alt=\"2013 6 Hours of Silverstone-1\" srcset=\"https:\/\/www.supercars.net\/blog\/wp-content\/uploads\/2016\/03\/1063986-1536.jpg 1536w, https:\/\/www.supercars.net\/blog\/wp-content\/uploads\/2016\/03\/1063986-1536-300x200.jpg 300w, https:\/\/www.supercars.net\/blog\/wp-content\/uploads\/2016\/03\/1063986-1536-1024x684.jpg 1024w, https:\/\/www.supercars.net\/blog\/wp-content\/uploads\/2016\/03\/1063986-1536-100x67.jpg 100w, https:\/\/www.supercars.net\/blog\/wp-content\/uploads\/2016\/03\/1063986-1536-770x514.jpg 770w, https:\/\/www.supercars.net\/blog\/wp-content\/uploads\/2016\/03\/1063986-1536-360x240.jpg 360w, https:\/\/www.supercars.net\/blog\/wp-content\/uploads\/2016\/03\/1063986-1536-370x247.jpg 370w, https:\/\/www.supercars.net\/blog\/wp-content\/uploads\/2016\/03\/1063986-1536-293x196.jpg 293w, https:\/\/www.supercars.net\/blog\/wp-content\/uploads\/2016\/03\/1063986-1536-1400x935.jpg 1400w\" sizes=\"(max-width: 1536px) 100vw, 1536px\" \/>\r\n\t\t\t\t<\/a>\r\n            <\/div>\r\n                <div class='wp-caption-text gallery-caption'>\r\n                WEC 6h Silverstone 2013\nAudi R18 e-tron quattro #1 (Audi Sport Team Joest), \nMarcel F\u00e4ssler (CH), Andr\u00e8 Lotterer (D), Beno\u00eet Tr\u00e9luyer (F)\r\n                <\/div><\/figure><figure class='gallery-item'>\r\n            <div class='gallery-icon landscape'>\r\n                <a href='https:\/\/www.supercars.net\/blog\/wp-content\/uploads\/2016\/03\/1063987-1536.jpg' class='tipi-lightbox'>\r\n\t\t\t\t<img decoding=\"async\" width=\"1536\" height=\"1024\" src=\"https:\/\/www.supercars.net\/blog\/wp-content\/uploads\/2016\/03\/1063987-1536.jpg\" class=\"attachment-full size-full\" alt=\"2013 6 Hours of Silverstone-1\" srcset=\"https:\/\/www.supercars.net\/blog\/wp-content\/uploads\/2016\/03\/1063987-1536.jpg 1536w, https:\/\/www.supercars.net\/blog\/wp-content\/uploads\/2016\/03\/1063987-1536-300x200.jpg 300w, https:\/\/www.supercars.net\/blog\/wp-content\/uploads\/2016\/03\/1063987-1536-1024x683.jpg 1024w, https:\/\/www.supercars.net\/blog\/wp-content\/uploads\/2016\/03\/1063987-1536-100x67.jpg 100w, https:\/\/www.supercars.net\/blog\/wp-content\/uploads\/2016\/03\/1063987-1536-770x513.jpg 770w, https:\/\/www.supercars.net\/blog\/wp-content\/uploads\/2016\/03\/1063987-1536-360x240.jpg 360w, https:\/\/www.supercars.net\/blog\/wp-content\/uploads\/2016\/03\/1063987-1536-1155x770.jpg 1155w, https:\/\/www.supercars.net\/blog\/wp-content\/uploads\/2016\/03\/1063987-1536-370x247.jpg 370w, https:\/\/www.supercars.net\/blog\/wp-content\/uploads\/2016\/03\/1063987-1536-293x195.jpg 293w, https:\/\/www.supercars.net\/blog\/wp-content\/uploads\/2016\/03\/1063987-1536-1400x933.jpg 1400w\" sizes=\"(max-width: 1536px) 100vw, 1536px\" \/>\r\n\t\t\t\t<\/a>\r\n            <\/div>\r\n                <div class='wp-caption-text gallery-caption'>\r\n                Mechanix\r\n                <\/div><\/figure><figure class='gallery-item'>\r\n            <div class='gallery-icon landscape'>\r\n                <a href='https:\/\/www.supercars.net\/blog\/wp-content\/uploads\/2016\/03\/1063988-1536.jpg' class='tipi-lightbox'>\r\n\t\t\t\t<img decoding=\"async\" width=\"1536\" height=\"1024\" src=\"https:\/\/www.supercars.net\/blog\/wp-content\/uploads\/2016\/03\/1063988-1536.jpg\" class=\"attachment-full size-full\" alt=\"2013 6 Hours of Silverstone-1\" srcset=\"https:\/\/www.supercars.net\/blog\/wp-content\/uploads\/2016\/03\/1063988-1536.jpg 1536w, https:\/\/www.supercars.net\/blog\/wp-content\/uploads\/2016\/03\/1063988-1536-300x200.jpg 300w, https:\/\/www.supercars.net\/blog\/wp-content\/uploads\/2016\/03\/1063988-1536-1024x683.jpg 1024w, https:\/\/www.supercars.net\/blog\/wp-content\/uploads\/2016\/03\/1063988-1536-100x67.jpg 100w, https:\/\/www.supercars.net\/blog\/wp-content\/uploads\/2016\/03\/1063988-1536-770x513.jpg 770w, https:\/\/www.supercars.net\/blog\/wp-content\/uploads\/2016\/03\/1063988-1536-360x240.jpg 360w, https:\/\/www.supercars.net\/blog\/wp-content\/uploads\/2016\/03\/1063988-1536-1155x770.jpg 1155w, https:\/\/www.supercars.net\/blog\/wp-content\/uploads\/2016\/03\/1063988-1536-370x247.jpg 370w, https:\/\/www.supercars.net\/blog\/wp-content\/uploads\/2016\/03\/1063988-1536-293x195.jpg 293w, https:\/\/www.supercars.net\/blog\/wp-content\/uploads\/2016\/03\/1063988-1536-1400x933.jpg 1400w\" sizes=\"(max-width: 1536px) 100vw, 1536px\" \/>\r\n\t\t\t\t<\/a>\r\n            <\/div>\r\n                <div class='wp-caption-text gallery-caption'>\r\n                World Endurance Championship. 11th-14th April 2013. Silverstone, UK.\r\n                <\/div><\/figure><figure class='gallery-item'>\r\n            <div class='gallery-icon landscape'>\r\n                <a href='https:\/\/www.supercars.net\/blog\/wp-content\/uploads\/2016\/03\/1063989-1536.jpg' class='tipi-lightbox'>\r\n\t\t\t\t<img decoding=\"async\" width=\"1536\" height=\"1024\" src=\"https:\/\/www.supercars.net\/blog\/wp-content\/uploads\/2016\/03\/1063989-1536.jpg\" class=\"attachment-full size-full\" alt=\"2013 6 Hours of Silverstone-1\" srcset=\"https:\/\/www.supercars.net\/blog\/wp-content\/uploads\/2016\/03\/1063989-1536.jpg 1536w, https:\/\/www.supercars.net\/blog\/wp-content\/uploads\/2016\/03\/1063989-1536-300x200.jpg 300w, https:\/\/www.supercars.net\/blog\/wp-content\/uploads\/2016\/03\/1063989-1536-1024x683.jpg 1024w, https:\/\/www.supercars.net\/blog\/wp-content\/uploads\/2016\/03\/1063989-1536-100x67.jpg 100w, https:\/\/www.supercars.net\/blog\/wp-content\/uploads\/2016\/03\/1063989-1536-770x513.jpg 770w, https:\/\/www.supercars.net\/blog\/wp-content\/uploads\/2016\/03\/1063989-1536-360x240.jpg 360w, https:\/\/www.supercars.net\/blog\/wp-content\/uploads\/2016\/03\/1063989-1536-1155x770.jpg 1155w, https:\/\/www.supercars.net\/blog\/wp-content\/uploads\/2016\/03\/1063989-1536-370x247.jpg 370w, https:\/\/www.supercars.net\/blog\/wp-content\/uploads\/2016\/03\/1063989-1536-293x195.jpg 293w, https:\/\/www.supercars.net\/blog\/wp-content\/uploads\/2016\/03\/1063989-1536-1400x933.jpg 1400w\" sizes=\"(max-width: 1536px) 100vw, 1536px\" \/>\r\n\t\t\t\t<\/a>\r\n            <\/div>\r\n                <div class='wp-caption-text gallery-caption'>\r\n                World Endurance Championship. 11th-14th April 2013. Silverstone, UK.\r\n                <\/div><\/figure><figure class='gallery-item'>\r\n            <div class='gallery-icon landscape'>\r\n                <a href='https:\/\/www.supercars.net\/blog\/wp-content\/uploads\/2016\/03\/1063990-1536.jpg' class='tipi-lightbox'>\r\n\t\t\t\t<img decoding=\"async\" width=\"1536\" height=\"1024\" src=\"https:\/\/www.supercars.net\/blog\/wp-content\/uploads\/2016\/03\/1063990-1536.jpg\" class=\"attachment-full size-full\" alt=\"2013 6 Hours of Silverstone-1\" srcset=\"https:\/\/www.supercars.net\/blog\/wp-content\/uploads\/2016\/03\/1063990-1536.jpg 1536w, https:\/\/www.supercars.net\/blog\/wp-content\/uploads\/2016\/03\/1063990-1536-300x200.jpg 300w, https:\/\/www.supercars.net\/blog\/wp-content\/uploads\/2016\/03\/1063990-1536-1024x683.jpg 1024w, https:\/\/www.supercars.net\/blog\/wp-content\/uploads\/2016\/03\/1063990-1536-100x67.jpg 100w, https:\/\/www.supercars.net\/blog\/wp-content\/uploads\/2016\/03\/1063990-1536-770x513.jpg 770w, https:\/\/www.supercars.net\/blog\/wp-content\/uploads\/2016\/03\/1063990-1536-360x240.jpg 360w, https:\/\/www.supercars.net\/blog\/wp-content\/uploads\/2016\/03\/1063990-1536-1155x770.jpg 1155w, https:\/\/www.supercars.net\/blog\/wp-content\/uploads\/2016\/03\/1063990-1536-370x247.jpg 370w, https:\/\/www.supercars.net\/blog\/wp-content\/uploads\/2016\/03\/1063990-1536-293x195.jpg 293w, https:\/\/www.supercars.net\/blog\/wp-content\/uploads\/2016\/03\/1063990-1536-1400x933.jpg 1400w\" sizes=\"(max-width: 1536px) 100vw, 1536px\" \/>\r\n\t\t\t\t<\/a>\r\n            <\/div>\r\n                <div class='wp-caption-text gallery-caption'>\r\n                World Endurance Championship. 11th-14th April 2013. Silverstone, UK.\r\n                <\/div><\/figure><figure class='gallery-item'>\r\n            <div class='gallery-icon landscape'>\r\n                <a href='https:\/\/www.supercars.net\/blog\/wp-content\/uploads\/2016\/03\/1063991-1536.jpg' class='tipi-lightbox'>\r\n\t\t\t\t<img decoding=\"async\" width=\"1536\" height=\"1024\" src=\"https:\/\/www.supercars.net\/blog\/wp-content\/uploads\/2016\/03\/1063991-1536.jpg\" class=\"attachment-full size-full\" alt=\"2013 6 Hours of Silverstone-1\" srcset=\"https:\/\/www.supercars.net\/blog\/wp-content\/uploads\/2016\/03\/1063991-1536.jpg 1536w, https:\/\/www.supercars.net\/blog\/wp-content\/uploads\/2016\/03\/1063991-1536-300x200.jpg 300w, https:\/\/www.supercars.net\/blog\/wp-content\/uploads\/2016\/03\/1063991-1536-1024x683.jpg 1024w, https:\/\/www.supercars.net\/blog\/wp-content\/uploads\/2016\/03\/1063991-1536-100x67.jpg 100w, https:\/\/www.supercars.net\/blog\/wp-content\/uploads\/2016\/03\/1063991-1536-770x513.jpg 770w, https:\/\/www.supercars.net\/blog\/wp-content\/uploads\/2016\/03\/1063991-1536-360x240.jpg 360w, https:\/\/www.supercars.net\/blog\/wp-content\/uploads\/2016\/03\/1063991-1536-1155x770.jpg 1155w, https:\/\/www.supercars.net\/blog\/wp-content\/uploads\/2016\/03\/1063991-1536-370x247.jpg 370w, https:\/\/www.supercars.net\/blog\/wp-content\/uploads\/2016\/03\/1063991-1536-293x195.jpg 293w, https:\/\/www.supercars.net\/blog\/wp-content\/uploads\/2016\/03\/1063991-1536-1400x933.jpg 1400w\" sizes=\"(max-width: 1536px) 100vw, 1536px\" \/>\r\n\t\t\t\t<\/a>\r\n            <\/div>\r\n                <div class='wp-caption-text gallery-caption'>\r\n                World Endurance Championship. 11th-14th April 2013. Silverstone, UK.\r\n                <\/div><\/figure><figure class='gallery-item'>\r\n            <div class='gallery-icon landscape'>\r\n                <a href='https:\/\/www.supercars.net\/blog\/wp-content\/uploads\/2016\/03\/1063992-1536.jpg' class='tipi-lightbox'>\r\n\t\t\t\t<img decoding=\"async\" width=\"1536\" height=\"1024\" src=\"https:\/\/www.supercars.net\/blog\/wp-content\/uploads\/2016\/03\/1063992-1536.jpg\" class=\"attachment-full size-full\" alt=\"2013 6 Hours of Silverstone-1\" srcset=\"https:\/\/www.supercars.net\/blog\/wp-content\/uploads\/2016\/03\/1063992-1536.jpg 1536w, https:\/\/www.supercars.net\/blog\/wp-content\/uploads\/2016\/03\/1063992-1536-300x200.jpg 300w, https:\/\/www.supercars.net\/blog\/wp-content\/uploads\/2016\/03\/1063992-1536-1024x683.jpg 1024w, https:\/\/www.supercars.net\/blog\/wp-content\/uploads\/2016\/03\/1063992-1536-100x67.jpg 100w, https:\/\/www.supercars.net\/blog\/wp-content\/uploads\/2016\/03\/1063992-1536-770x513.jpg 770w, https:\/\/www.supercars.net\/blog\/wp-content\/uploads\/2016\/03\/1063992-1536-360x240.jpg 360w, https:\/\/www.supercars.net\/blog\/wp-content\/uploads\/2016\/03\/1063992-1536-1155x770.jpg 1155w, https:\/\/www.supercars.net\/blog\/wp-content\/uploads\/2016\/03\/1063992-1536-370x247.jpg 370w, https:\/\/www.supercars.net\/blog\/wp-content\/uploads\/2016\/03\/1063992-1536-293x195.jpg 293w, https:\/\/www.supercars.net\/blog\/wp-content\/uploads\/2016\/03\/1063992-1536-1400x933.jpg 1400w\" sizes=\"(max-width: 1536px) 100vw, 1536px\" \/>\r\n\t\t\t\t<\/a>\r\n            <\/div>\r\n                <div class='wp-caption-text gallery-caption'>\r\n                World Endurance Championship. 11th-14th April 2013. Silverstone, UK.\r\n                <\/div><\/figure><figure class='gallery-item'>\r\n            <div class='gallery-icon landscape'>\r\n                <a href='https:\/\/www.supercars.net\/blog\/wp-content\/uploads\/2016\/03\/1063993-1536.jpg' class='tipi-lightbox'>\r\n\t\t\t\t<img decoding=\"async\" width=\"1536\" height=\"1024\" src=\"https:\/\/www.supercars.net\/blog\/wp-content\/uploads\/2016\/03\/1063993-1536.jpg\" class=\"attachment-full size-full\" alt=\"2013 6 Hours of Silverstone-1\" srcset=\"https:\/\/www.supercars.net\/blog\/wp-content\/uploads\/2016\/03\/1063993-1536.jpg 1536w, https:\/\/www.supercars.net\/blog\/wp-content\/uploads\/2016\/03\/1063993-1536-300x200.jpg 300w, https:\/\/www.supercars.net\/blog\/wp-content\/uploads\/2016\/03\/1063993-1536-1024x683.jpg 1024w, https:\/\/www.supercars.net\/blog\/wp-content\/uploads\/2016\/03\/1063993-1536-100x67.jpg 100w, https:\/\/www.supercars.net\/blog\/wp-content\/uploads\/2016\/03\/1063993-1536-770x513.jpg 770w, https:\/\/www.supercars.net\/blog\/wp-content\/uploads\/2016\/03\/1063993-1536-360x240.jpg 360w, https:\/\/www.supercars.net\/blog\/wp-content\/uploads\/2016\/03\/1063993-1536-1155x770.jpg 1155w, https:\/\/www.supercars.net\/blog\/wp-content\/uploads\/2016\/03\/1063993-1536-370x247.jpg 370w, https:\/\/www.supercars.net\/blog\/wp-content\/uploads\/2016\/03\/1063993-1536-293x195.jpg 293w, https:\/\/www.supercars.net\/blog\/wp-content\/uploads\/2016\/03\/1063993-1536-1400x933.jpg 1400w\" sizes=\"(max-width: 1536px) 100vw, 1536px\" \/>\r\n\t\t\t\t<\/a>\r\n            <\/div>\r\n                <div class='wp-caption-text gallery-caption'>\r\n                World Endurance Championship. 11th-14th April 2013. Silverstone, UK.\r\n                <\/div><\/figure><figure class='gallery-item'>\r\n            <div class='gallery-icon landscape'>\r\n                <a href='https:\/\/www.supercars.net\/blog\/wp-content\/uploads\/2016\/03\/1063994-1536.jpg' class='tipi-lightbox'>\r\n\t\t\t\t<img decoding=\"async\" width=\"1536\" height=\"1024\" src=\"https:\/\/www.supercars.net\/blog\/wp-content\/uploads\/2016\/03\/1063994-1536.jpg\" class=\"attachment-full size-full\" alt=\"2013 6 Hours of Silverstone-1\" srcset=\"https:\/\/www.supercars.net\/blog\/wp-content\/uploads\/2016\/03\/1063994-1536.jpg 1536w, https:\/\/www.supercars.net\/blog\/wp-content\/uploads\/2016\/03\/1063994-1536-300x200.jpg 300w, https:\/\/www.supercars.net\/blog\/wp-content\/uploads\/2016\/03\/1063994-1536-1024x683.jpg 1024w, https:\/\/www.supercars.net\/blog\/wp-content\/uploads\/2016\/03\/1063994-1536-100x67.jpg 100w, https:\/\/www.supercars.net\/blog\/wp-content\/uploads\/2016\/03\/1063994-1536-770x513.jpg 770w, https:\/\/www.supercars.net\/blog\/wp-content\/uploads\/2016\/03\/1063994-1536-360x240.jpg 360w, https:\/\/www.supercars.net\/blog\/wp-content\/uploads\/2016\/03\/1063994-1536-1155x770.jpg 1155w, https:\/\/www.supercars.net\/blog\/wp-content\/uploads\/2016\/03\/1063994-1536-370x247.jpg 370w, https:\/\/www.supercars.net\/blog\/wp-content\/uploads\/2016\/03\/1063994-1536-293x195.jpg 293w, https:\/\/www.supercars.net\/blog\/wp-content\/uploads\/2016\/03\/1063994-1536-1400x933.jpg 1400w\" sizes=\"(max-width: 1536px) 100vw, 1536px\" \/>\r\n\t\t\t\t<\/a>\r\n            <\/div>\r\n                <div class='wp-caption-text gallery-caption'>\r\n                World Endurance Championship. 11th-14th April 2013. Silverstone, UK.\r\n                <\/div><\/figure><figure class='gallery-item'>\r\n            <div class='gallery-icon landscape'>\r\n                <a href='https:\/\/www.supercars.net\/blog\/wp-content\/uploads\/2016\/03\/1063995-1536.jpg' class='tipi-lightbox'>\r\n\t\t\t\t<img decoding=\"async\" width=\"1536\" height=\"1024\" src=\"https:\/\/www.supercars.net\/blog\/wp-content\/uploads\/2016\/03\/1063995-1536.jpg\" class=\"attachment-full size-full\" alt=\"2013 6 Hours of Silverstone-1\" srcset=\"https:\/\/www.supercars.net\/blog\/wp-content\/uploads\/2016\/03\/1063995-1536.jpg 1536w, https:\/\/www.supercars.net\/blog\/wp-content\/uploads\/2016\/03\/1063995-1536-300x200.jpg 300w, https:\/\/www.supercars.net\/blog\/wp-content\/uploads\/2016\/03\/1063995-1536-1024x683.jpg 1024w, https:\/\/www.supercars.net\/blog\/wp-content\/uploads\/2016\/03\/1063995-1536-100x67.jpg 100w, https:\/\/www.supercars.net\/blog\/wp-content\/uploads\/2016\/03\/1063995-1536-770x513.jpg 770w, https:\/\/www.supercars.net\/blog\/wp-content\/uploads\/2016\/03\/1063995-1536-360x240.jpg 360w, https:\/\/www.supercars.net\/blog\/wp-content\/uploads\/2016\/03\/1063995-1536-1155x770.jpg 1155w, https:\/\/www.supercars.net\/blog\/wp-content\/uploads\/2016\/03\/1063995-1536-370x247.jpg 370w, https:\/\/www.supercars.net\/blog\/wp-content\/uploads\/2016\/03\/1063995-1536-293x195.jpg 293w, https:\/\/www.supercars.net\/blog\/wp-content\/uploads\/2016\/03\/1063995-1536-1400x933.jpg 1400w\" sizes=\"(max-width: 1536px) 100vw, 1536px\" \/>\r\n\t\t\t\t<\/a>\r\n            <\/div>\r\n                <div class='wp-caption-text gallery-caption'>\r\n                World Endurance Championship. 11th-14th April 2013. Silverstone, UK.\r\n                <\/div><\/figure><figure class='gallery-item'>\r\n            <div class='gallery-icon landscape'>\r\n                <a href='https:\/\/www.supercars.net\/blog\/wp-content\/uploads\/2016\/03\/1063996-1536.jpg' class='tipi-lightbox'>\r\n\t\t\t\t<img decoding=\"async\" width=\"1536\" height=\"1024\" src=\"https:\/\/www.supercars.net\/blog\/wp-content\/uploads\/2016\/03\/1063996-1536.jpg\" class=\"attachment-full size-full\" alt=\"2013 6 Hours of Silverstone-1\" srcset=\"https:\/\/www.supercars.net\/blog\/wp-content\/uploads\/2016\/03\/1063996-1536.jpg 1536w, https:\/\/www.supercars.net\/blog\/wp-content\/uploads\/2016\/03\/1063996-1536-300x200.jpg 300w, https:\/\/www.supercars.net\/blog\/wp-content\/uploads\/2016\/03\/1063996-1536-1024x683.jpg 1024w, https:\/\/www.supercars.net\/blog\/wp-content\/uploads\/2016\/03\/1063996-1536-100x67.jpg 100w, https:\/\/www.supercars.net\/blog\/wp-content\/uploads\/2016\/03\/1063996-1536-770x513.jpg 770w, https:\/\/www.supercars.net\/blog\/wp-content\/uploads\/2016\/03\/1063996-1536-360x240.jpg 360w, https:\/\/www.supercars.net\/blog\/wp-content\/uploads\/2016\/03\/1063996-1536-1155x770.jpg 1155w, https:\/\/www.supercars.net\/blog\/wp-content\/uploads\/2016\/03\/1063996-1536-370x247.jpg 370w, https:\/\/www.supercars.net\/blog\/wp-content\/uploads\/2016\/03\/1063996-1536-293x195.jpg 293w, https:\/\/www.supercars.net\/blog\/wp-content\/uploads\/2016\/03\/1063996-1536-1400x933.jpg 1400w\" sizes=\"(max-width: 1536px) 100vw, 1536px\" \/>\r\n\t\t\t\t<\/a>\r\n            <\/div>\r\n                <div class='wp-caption-text gallery-caption'>\r\n                Nicolas Prost (FRA) \/ Neel Jani (FRA) \/ Nick Heidfeld (GER) Rebellion Racing, Lola B12\/60 Coupe, Toyota.\nFIA World Endurance Championship, Round 1, Friday 12 April 2013. Silverstone, England.\r\n                <\/div><\/figure><figure class='gallery-item'>\r\n            <div class='gallery-icon landscape'>\r\n                <a href='https:\/\/www.supercars.net\/blog\/wp-content\/uploads\/2016\/03\/1063997-1536.jpg' class='tipi-lightbox'>\r\n\t\t\t\t<img decoding=\"async\" width=\"1536\" height=\"1024\" src=\"https:\/\/www.supercars.net\/blog\/wp-content\/uploads\/2016\/03\/1063997-1536.jpg\" class=\"attachment-full size-full\" alt=\"2013 6 Hours of Silverstone-1\" srcset=\"https:\/\/www.supercars.net\/blog\/wp-content\/uploads\/2016\/03\/1063997-1536.jpg 1536w, https:\/\/www.supercars.net\/blog\/wp-content\/uploads\/2016\/03\/1063997-1536-300x200.jpg 300w, https:\/\/www.supercars.net\/blog\/wp-content\/uploads\/2016\/03\/1063997-1536-1024x683.jpg 1024w, https:\/\/www.supercars.net\/blog\/wp-content\/uploads\/2016\/03\/1063997-1536-100x67.jpg 100w, https:\/\/www.supercars.net\/blog\/wp-content\/uploads\/2016\/03\/1063997-1536-770x513.jpg 770w, https:\/\/www.supercars.net\/blog\/wp-content\/uploads\/2016\/03\/1063997-1536-360x240.jpg 360w, https:\/\/www.supercars.net\/blog\/wp-content\/uploads\/2016\/03\/1063997-1536-1155x770.jpg 1155w, https:\/\/www.supercars.net\/blog\/wp-content\/uploads\/2016\/03\/1063997-1536-370x247.jpg 370w, https:\/\/www.supercars.net\/blog\/wp-content\/uploads\/2016\/03\/1063997-1536-293x195.jpg 293w, https:\/\/www.supercars.net\/blog\/wp-content\/uploads\/2016\/03\/1063997-1536-1400x933.jpg 1400w\" sizes=\"(max-width: 1536px) 100vw, 1536px\" \/>\r\n\t\t\t\t<\/a>\r\n            <\/div><\/figure><figure class='gallery-item'>\r\n            <div class='gallery-icon landscape'>\r\n                <a href='https:\/\/www.supercars.net\/blog\/wp-content\/uploads\/2016\/03\/1063999-1536.jpg' class='tipi-lightbox'>\r\n\t\t\t\t<img decoding=\"async\" width=\"1536\" height=\"1024\" src=\"https:\/\/www.supercars.net\/blog\/wp-content\/uploads\/2016\/03\/1063999-1536.jpg\" class=\"attachment-full size-full\" alt=\"2013 6 Hours of Silverstone-1\" srcset=\"https:\/\/www.supercars.net\/blog\/wp-content\/uploads\/2016\/03\/1063999-1536.jpg 1536w, https:\/\/www.supercars.net\/blog\/wp-content\/uploads\/2016\/03\/1063999-1536-300x200.jpg 300w, https:\/\/www.supercars.net\/blog\/wp-content\/uploads\/2016\/03\/1063999-1536-1024x683.jpg 1024w, https:\/\/www.supercars.net\/blog\/wp-content\/uploads\/2016\/03\/1063999-1536-100x67.jpg 100w, https:\/\/www.supercars.net\/blog\/wp-content\/uploads\/2016\/03\/1063999-1536-770x513.jpg 770w, https:\/\/www.supercars.net\/blog\/wp-content\/uploads\/2016\/03\/1063999-1536-360x240.jpg 360w, https:\/\/www.supercars.net\/blog\/wp-content\/uploads\/2016\/03\/1063999-1536-1155x770.jpg 1155w, https:\/\/www.supercars.net\/blog\/wp-content\/uploads\/2016\/03\/1063999-1536-370x247.jpg 370w, https:\/\/www.supercars.net\/blog\/wp-content\/uploads\/2016\/03\/1063999-1536-293x195.jpg 293w, https:\/\/www.supercars.net\/blog\/wp-content\/uploads\/2016\/03\/1063999-1536-1400x933.jpg 1400w\" sizes=\"(max-width: 1536px) 100vw, 1536px\" \/>\r\n\t\t\t\t<\/a>\r\n            <\/div>\r\n                <div class='wp-caption-text gallery-caption'>\r\n                Thomas Holzer (GER) \/ Dominik Kraihamer (AUT) \/  Jan Charouz (CZE) Lotus T128.32\nFIA World Endurance Championship, Round 1, Sunday 14 April 2013. Silverstone, England.\r\n                <\/div><\/figure><figure class='gallery-item'>\r\n            <div class='gallery-icon landscape'>\r\n                <a href='https:\/\/www.supercars.net\/blog\/wp-content\/uploads\/2016\/03\/1064000-1536.jpg' class='tipi-lightbox'>\r\n\t\t\t\t<img decoding=\"async\" width=\"1536\" height=\"1024\" src=\"https:\/\/www.supercars.net\/blog\/wp-content\/uploads\/2016\/03\/1064000-1536.jpg\" class=\"attachment-full size-full\" alt=\"2013 6 Hours of Silverstone-1\" srcset=\"https:\/\/www.supercars.net\/blog\/wp-content\/uploads\/2016\/03\/1064000-1536.jpg 1536w, https:\/\/www.supercars.net\/blog\/wp-content\/uploads\/2016\/03\/1064000-1536-300x200.jpg 300w, https:\/\/www.supercars.net\/blog\/wp-content\/uploads\/2016\/03\/1064000-1536-1024x683.jpg 1024w, https:\/\/www.supercars.net\/blog\/wp-content\/uploads\/2016\/03\/1064000-1536-100x67.jpg 100w, https:\/\/www.supercars.net\/blog\/wp-content\/uploads\/2016\/03\/1064000-1536-770x513.jpg 770w, https:\/\/www.supercars.net\/blog\/wp-content\/uploads\/2016\/03\/1064000-1536-360x240.jpg 360w, https:\/\/www.supercars.net\/blog\/wp-content\/uploads\/2016\/03\/1064000-1536-1155x770.jpg 1155w, https:\/\/www.supercars.net\/blog\/wp-content\/uploads\/2016\/03\/1064000-1536-370x247.jpg 370w, https:\/\/www.supercars.net\/blog\/wp-content\/uploads\/2016\/03\/1064000-1536-293x195.jpg 293w, https:\/\/www.supercars.net\/blog\/wp-content\/uploads\/2016\/03\/1064000-1536-1400x933.jpg 1400w\" sizes=\"(max-width: 1536px) 100vw, 1536px\" \/>\r\n\t\t\t\t<\/a>\r\n            <\/div>\r\n                <div class='wp-caption-text gallery-caption'>\r\n                Kevin Weeda (USA) \/ Vitantonio Liuzzi (ITA) \/ Christophe Bouchut (FRA) Lotus T128.\nFIA World Endurance Championship, Round 1, Friday 12 April 2013. Silverstone, England.\r\n                <\/div><\/figure><figure class='gallery-item'>\r\n            <div class='gallery-icon landscape'>\r\n                <a href='https:\/\/www.supercars.net\/blog\/wp-content\/uploads\/2016\/03\/1064001-1536.jpg' class='tipi-lightbox'>\r\n\t\t\t\t<img decoding=\"async\" width=\"1536\" height=\"1024\" src=\"https:\/\/www.supercars.net\/blog\/wp-content\/uploads\/2016\/03\/1064001-1536.jpg\" class=\"attachment-full size-full\" alt=\"2013 6 Hours of Silverstone-1\" srcset=\"https:\/\/www.supercars.net\/blog\/wp-content\/uploads\/2016\/03\/1064001-1536.jpg 1536w, https:\/\/www.supercars.net\/blog\/wp-content\/uploads\/2016\/03\/1064001-1536-300x200.jpg 300w, https:\/\/www.supercars.net\/blog\/wp-content\/uploads\/2016\/03\/1064001-1536-1024x683.jpg 1024w, https:\/\/www.supercars.net\/blog\/wp-content\/uploads\/2016\/03\/1064001-1536-100x67.jpg 100w, https:\/\/www.supercars.net\/blog\/wp-content\/uploads\/2016\/03\/1064001-1536-770x513.jpg 770w, https:\/\/www.supercars.net\/blog\/wp-content\/uploads\/2016\/03\/1064001-1536-360x240.jpg 360w, https:\/\/www.supercars.net\/blog\/wp-content\/uploads\/2016\/03\/1064001-1536-1155x770.jpg 1155w, https:\/\/www.supercars.net\/blog\/wp-content\/uploads\/2016\/03\/1064001-1536-370x247.jpg 370w, https:\/\/www.supercars.net\/blog\/wp-content\/uploads\/2016\/03\/1064001-1536-293x195.jpg 293w, https:\/\/www.supercars.net\/blog\/wp-content\/uploads\/2016\/03\/1064001-1536-1400x933.jpg 1400w\" sizes=\"(max-width: 1536px) 100vw, 1536px\" \/>\r\n\t\t\t\t<\/a>\r\n            <\/div>\r\n                <div class='wp-caption-text gallery-caption'>\r\n                Olivier Pla (FRA) \/ David Heinemeier Hansson (DEN) \/ Alex Brundle (GBR) Oak Racing, Morgan &#8211; Nissan.\nFIA World Endurance Championship, Round 1, Friday 12 April 2013. Silverstone, England.\r\n                <\/div><\/figure><figure class='gallery-item'>\r\n            <div class='gallery-icon landscape'>\r\n                <a href='https:\/\/www.supercars.net\/blog\/wp-content\/uploads\/2016\/03\/1064002-1536.jpg' class='tipi-lightbox'>\r\n\t\t\t\t<img decoding=\"async\" width=\"1536\" height=\"1024\" src=\"https:\/\/www.supercars.net\/blog\/wp-content\/uploads\/2016\/03\/1064002-1536.jpg\" class=\"attachment-full size-full\" alt=\"2013 6 Hours of Silverstone-1\" srcset=\"https:\/\/www.supercars.net\/blog\/wp-content\/uploads\/2016\/03\/1064002-1536.jpg 1536w, https:\/\/www.supercars.net\/blog\/wp-content\/uploads\/2016\/03\/1064002-1536-300x200.jpg 300w, https:\/\/www.supercars.net\/blog\/wp-content\/uploads\/2016\/03\/1064002-1536-1024x683.jpg 1024w, https:\/\/www.supercars.net\/blog\/wp-content\/uploads\/2016\/03\/1064002-1536-100x67.jpg 100w, https:\/\/www.supercars.net\/blog\/wp-content\/uploads\/2016\/03\/1064002-1536-770x513.jpg 770w, https:\/\/www.supercars.net\/blog\/wp-content\/uploads\/2016\/03\/1064002-1536-360x240.jpg 360w, https:\/\/www.supercars.net\/blog\/wp-content\/uploads\/2016\/03\/1064002-1536-1155x770.jpg 1155w, https:\/\/www.supercars.net\/blog\/wp-content\/uploads\/2016\/03\/1064002-1536-370x247.jpg 370w, https:\/\/www.supercars.net\/blog\/wp-content\/uploads\/2016\/03\/1064002-1536-293x195.jpg 293w, https:\/\/www.supercars.net\/blog\/wp-content\/uploads\/2016\/03\/1064002-1536-1400x933.jpg 1400w\" sizes=\"(max-width: 1536px) 100vw, 1536px\" \/>\r\n\t\t\t\t<\/a>\r\n            <\/div>\r\n                <div class='wp-caption-text gallery-caption'>\r\n                MOTORSPORT &#8211; WEC 2013 &#8211; WORLD ENDURANCE CHAMPIONSHIP 2013 &#8211; 6 HOURS OF SILVERSTONE \/ 6 HEURES DE SILVERSTONE &#8211; SILVERSTONE (GBR) &#8211;  11 TO 15\/04\/2013 &#8211; PHOTO JEAN MICHEL LE MEUR \/ DPPI &#8211; \n49 COMPANC LUIS PEREZ (ARG) &#8211; MINASSIAN NICOLAS (FRA) &#8211; KAFFER PIERRE (DEU) \/ WEC LMP2 \/ ORECA 03 NISSAN TEAM PECOM RACING \/ ACTION\r\n                <\/div><\/figure><figure class='gallery-item'>\r\n            <div class='gallery-icon landscape'>\r\n                <a href='https:\/\/www.supercars.net\/blog\/wp-content\/uploads\/2016\/03\/1064004-1536.jpg' class='tipi-lightbox'>\r\n\t\t\t\t<img decoding=\"async\" width=\"1536\" height=\"1024\" src=\"https:\/\/www.supercars.net\/blog\/wp-content\/uploads\/2016\/03\/1064004-1536.jpg\" class=\"attachment-full size-full\" alt=\"2013 6 Hours of Silverstone-1\" srcset=\"https:\/\/www.supercars.net\/blog\/wp-content\/uploads\/2016\/03\/1064004-1536.jpg 1536w, https:\/\/www.supercars.net\/blog\/wp-content\/uploads\/2016\/03\/1064004-1536-300x200.jpg 300w, https:\/\/www.supercars.net\/blog\/wp-content\/uploads\/2016\/03\/1064004-1536-1024x683.jpg 1024w, https:\/\/www.supercars.net\/blog\/wp-content\/uploads\/2016\/03\/1064004-1536-100x67.jpg 100w, https:\/\/www.supercars.net\/blog\/wp-content\/uploads\/2016\/03\/1064004-1536-770x513.jpg 770w, https:\/\/www.supercars.net\/blog\/wp-content\/uploads\/2016\/03\/1064004-1536-360x240.jpg 360w, https:\/\/www.supercars.net\/blog\/wp-content\/uploads\/2016\/03\/1064004-1536-1155x770.jpg 1155w, https:\/\/www.supercars.net\/blog\/wp-content\/uploads\/2016\/03\/1064004-1536-370x247.jpg 370w, https:\/\/www.supercars.net\/blog\/wp-content\/uploads\/2016\/03\/1064004-1536-293x195.jpg 293w, https:\/\/www.supercars.net\/blog\/wp-content\/uploads\/2016\/03\/1064004-1536-1400x933.jpg 1400w\" sizes=\"(max-width: 1536px) 100vw, 1536px\" \/>\r\n\t\t\t\t<\/a>\r\n            <\/div>\r\n                <div class='wp-caption-text gallery-caption'>\r\n                Thomas Holzer (GER) \/ Dominik Kraihamer (AUT) \/  Jan Charouz (CZE) Lotus T128.\nFIA World Endurance Championship, Round 1, Friday 12 April 2013. Silverstone, England.\r\n                <\/div><\/figure><figure class='gallery-item'>\r\n            <div class='gallery-icon landscape'>\r\n                <a href='https:\/\/www.supercars.net\/blog\/wp-content\/uploads\/2016\/03\/1064006-1536.jpg' class='tipi-lightbox'>\r\n\t\t\t\t<img decoding=\"async\" width=\"1536\" height=\"1024\" src=\"https:\/\/www.supercars.net\/blog\/wp-content\/uploads\/2016\/03\/1064006-1536.jpg\" class=\"attachment-full size-full\" alt=\"2013 6 Hours of Silverstone-1\" srcset=\"https:\/\/www.supercars.net\/blog\/wp-content\/uploads\/2016\/03\/1064006-1536.jpg 1536w, https:\/\/www.supercars.net\/blog\/wp-content\/uploads\/2016\/03\/1064006-1536-300x200.jpg 300w, https:\/\/www.supercars.net\/blog\/wp-content\/uploads\/2016\/03\/1064006-1536-1024x683.jpg 1024w, https:\/\/www.supercars.net\/blog\/wp-content\/uploads\/2016\/03\/1064006-1536-100x67.jpg 100w, https:\/\/www.supercars.net\/blog\/wp-content\/uploads\/2016\/03\/1064006-1536-770x513.jpg 770w, https:\/\/www.supercars.net\/blog\/wp-content\/uploads\/2016\/03\/1064006-1536-360x240.jpg 360w, https:\/\/www.supercars.net\/blog\/wp-content\/uploads\/2016\/03\/1064006-1536-1155x770.jpg 1155w, https:\/\/www.supercars.net\/blog\/wp-content\/uploads\/2016\/03\/1064006-1536-370x247.jpg 370w, https:\/\/www.supercars.net\/blog\/wp-content\/uploads\/2016\/03\/1064006-1536-293x195.jpg 293w, https:\/\/www.supercars.net\/blog\/wp-content\/uploads\/2016\/03\/1064006-1536-1400x933.jpg 1400w\" sizes=\"(max-width: 1536px) 100vw, 1536px\" \/>\r\n\t\t\t\t<\/a>\r\n            <\/div>\r\n                <div class='wp-caption-text gallery-caption'>\r\n                Chris Dyson (USA) \/ Michael Marsal (USA) \/ Tom Kimber-Smith (GBR) Greaves Motorsport, Zytek Z11SN &#8211; Nissan.\nFIA World Endurance Championship, Round 1, Friday 12 April 2013. Silverstone, England.\r\n                <\/div><\/figure><figure class='gallery-item'>\r\n            <div class='gallery-icon landscape'>\r\n                <a href='https:\/\/www.supercars.net\/blog\/wp-content\/uploads\/2016\/03\/1064012-1536.jpg' class='tipi-lightbox'>\r\n\t\t\t\t<img decoding=\"async\" width=\"1536\" height=\"1024\" src=\"https:\/\/www.supercars.net\/blog\/wp-content\/uploads\/2016\/03\/1064012-1536.jpg\" class=\"attachment-full size-full\" alt=\"\" srcset=\"https:\/\/www.supercars.net\/blog\/wp-content\/uploads\/2016\/03\/1064012-1536.jpg 1536w, https:\/\/www.supercars.net\/blog\/wp-content\/uploads\/2016\/03\/1064012-1536-300x200.jpg 300w, https:\/\/www.supercars.net\/blog\/wp-content\/uploads\/2016\/03\/1064012-1536-1024x683.jpg 1024w, https:\/\/www.supercars.net\/blog\/wp-content\/uploads\/2016\/03\/1064012-1536-100x67.jpg 100w, https:\/\/www.supercars.net\/blog\/wp-content\/uploads\/2016\/03\/1064012-1536-770x513.jpg 770w, https:\/\/www.supercars.net\/blog\/wp-content\/uploads\/2016\/03\/1064012-1536-360x240.jpg 360w, https:\/\/www.supercars.net\/blog\/wp-content\/uploads\/2016\/03\/1064012-1536-1155x770.jpg 1155w, https:\/\/www.supercars.net\/blog\/wp-content\/uploads\/2016\/03\/1064012-1536-370x247.jpg 370w, https:\/\/www.supercars.net\/blog\/wp-content\/uploads\/2016\/03\/1064012-1536-293x195.jpg 293w, https:\/\/www.supercars.net\/blog\/wp-content\/uploads\/2016\/03\/1064012-1536-1400x933.jpg 1400w\" sizes=\"(max-width: 1536px) 100vw, 1536px\" \/>\r\n\t\t\t\t<\/a>\r\n            <\/div>\r\n                <div class='wp-caption-text gallery-caption'>\r\n                Aston Martin Racing.\r\rWorld Endurance Championship. \rRound One, Silverstone, UK. \r11th &#8211; 14th April 2013. \r\rPhoto: Drew Gibson\r\n                <\/div><\/figure><figure class='gallery-item'>\r\n            <div class='gallery-icon landscape'>\r\n                <a href='https:\/\/www.supercars.net\/blog\/wp-content\/uploads\/2016\/03\/1064008-1536.jpg' class='tipi-lightbox'>\r\n\t\t\t\t<img decoding=\"async\" width=\"1536\" height=\"1024\" src=\"https:\/\/www.supercars.net\/blog\/wp-content\/uploads\/2016\/03\/1064008-1536.jpg\" class=\"attachment-full size-full\" alt=\"2013 6 Hours of Silverstone-1\" srcset=\"https:\/\/www.supercars.net\/blog\/wp-content\/uploads\/2016\/03\/1064008-1536.jpg 1536w, https:\/\/www.supercars.net\/blog\/wp-content\/uploads\/2016\/03\/1064008-1536-300x200.jpg 300w, https:\/\/www.supercars.net\/blog\/wp-content\/uploads\/2016\/03\/1064008-1536-1024x683.jpg 1024w, https:\/\/www.supercars.net\/blog\/wp-content\/uploads\/2016\/03\/1064008-1536-100x67.jpg 100w, https:\/\/www.supercars.net\/blog\/wp-content\/uploads\/2016\/03\/1064008-1536-770x513.jpg 770w, https:\/\/www.supercars.net\/blog\/wp-content\/uploads\/2016\/03\/1064008-1536-360x240.jpg 360w, https:\/\/www.supercars.net\/blog\/wp-content\/uploads\/2016\/03\/1064008-1536-1155x770.jpg 1155w, https:\/\/www.supercars.net\/blog\/wp-content\/uploads\/2016\/03\/1064008-1536-370x247.jpg 370w, https:\/\/www.supercars.net\/blog\/wp-content\/uploads\/2016\/03\/1064008-1536-293x195.jpg 293w, https:\/\/www.supercars.net\/blog\/wp-content\/uploads\/2016\/03\/1064008-1536-1400x933.jpg 1400w\" sizes=\"(max-width: 1536px) 100vw, 1536px\" \/>\r\n\t\t\t\t<\/a>\r\n            <\/div>\r\n                <div class='wp-caption-text gallery-caption'>\r\n                Alexander Wurz (AUT) \/ Nicolas Lapierre (FRA) Toyota Racing, Toyota TS030, Hybrid and Alexander Wurz (AUT) \/ Nicolas Lapierre (FRA) Toyota Racing, Toyota TS030, Hybrid on the grid.\nFIA World Endurance Championship, Round 1, Sunday 14 April 2013. Silverstone, England.\r\n                <\/div><\/figure><figure class='gallery-item'>\r\n            <div class='gallery-icon landscape'>\r\n                <a href='https:\/\/www.supercars.net\/blog\/wp-content\/uploads\/2016\/03\/1064009-1536.jpg' class='tipi-lightbox'>\r\n\t\t\t\t<img decoding=\"async\" width=\"1536\" height=\"1024\" src=\"https:\/\/www.supercars.net\/blog\/wp-content\/uploads\/2016\/03\/1064009-1536.jpg\" class=\"attachment-full size-full\" alt=\"2013 6 Hours of Silverstone-1\" srcset=\"https:\/\/www.supercars.net\/blog\/wp-content\/uploads\/2016\/03\/1064009-1536.jpg 1536w, https:\/\/www.supercars.net\/blog\/wp-content\/uploads\/2016\/03\/1064009-1536-300x200.jpg 300w, https:\/\/www.supercars.net\/blog\/wp-content\/uploads\/2016\/03\/1064009-1536-1024x683.jpg 1024w, https:\/\/www.supercars.net\/blog\/wp-content\/uploads\/2016\/03\/1064009-1536-100x67.jpg 100w, https:\/\/www.supercars.net\/blog\/wp-content\/uploads\/2016\/03\/1064009-1536-770x513.jpg 770w, https:\/\/www.supercars.net\/blog\/wp-content\/uploads\/2016\/03\/1064009-1536-360x240.jpg 360w, https:\/\/www.supercars.net\/blog\/wp-content\/uploads\/2016\/03\/1064009-1536-1155x770.jpg 1155w, https:\/\/www.supercars.net\/blog\/wp-content\/uploads\/2016\/03\/1064009-1536-370x247.jpg 370w, https:\/\/www.supercars.net\/blog\/wp-content\/uploads\/2016\/03\/1064009-1536-293x195.jpg 293w, https:\/\/www.supercars.net\/blog\/wp-content\/uploads\/2016\/03\/1064009-1536-1400x933.jpg 1400w\" sizes=\"(max-width: 1536px) 100vw, 1536px\" \/>\r\n\t\t\t\t<\/a>\r\n            <\/div><\/figure><figure class='gallery-item'>\r\n            <div class='gallery-icon landscape'>\r\n                <a href='https:\/\/www.supercars.net\/blog\/wp-content\/uploads\/2016\/03\/1064010-1536.jpg' class='tipi-lightbox'>\r\n\t\t\t\t<img decoding=\"async\" width=\"1536\" height=\"1024\" src=\"https:\/\/www.supercars.net\/blog\/wp-content\/uploads\/2016\/03\/1064010-1536.jpg\" class=\"attachment-full size-full\" alt=\"2013 6 Hours of Silverstone-1\" srcset=\"https:\/\/www.supercars.net\/blog\/wp-content\/uploads\/2016\/03\/1064010-1536.jpg 1536w, https:\/\/www.supercars.net\/blog\/wp-content\/uploads\/2016\/03\/1064010-1536-300x200.jpg 300w, https:\/\/www.supercars.net\/blog\/wp-content\/uploads\/2016\/03\/1064010-1536-1024x683.jpg 1024w, https:\/\/www.supercars.net\/blog\/wp-content\/uploads\/2016\/03\/1064010-1536-100x67.jpg 100w, https:\/\/www.supercars.net\/blog\/wp-content\/uploads\/2016\/03\/1064010-1536-770x513.jpg 770w, https:\/\/www.supercars.net\/blog\/wp-content\/uploads\/2016\/03\/1064010-1536-360x240.jpg 360w, https:\/\/www.supercars.net\/blog\/wp-content\/uploads\/2016\/03\/1064010-1536-1155x770.jpg 1155w, https:\/\/www.supercars.net\/blog\/wp-content\/uploads\/2016\/03\/1064010-1536-370x247.jpg 370w, https:\/\/www.supercars.net\/blog\/wp-content\/uploads\/2016\/03\/1064010-1536-293x195.jpg 293w, https:\/\/www.supercars.net\/blog\/wp-content\/uploads\/2016\/03\/1064010-1536-1400x933.jpg 1400w\" sizes=\"(max-width: 1536px) 100vw, 1536px\" \/>\r\n\t\t\t\t<\/a>\r\n            <\/div>\r\n                <div class='wp-caption-text gallery-caption'>\r\n                Andrea Belicchi (ITA) \/ Mathias Beche (SUI) \/ Cong Fu Cheng (CHN) Rebellion Racing, Lola B12\/60 Coupe, Toyota.\nFIA World Endurance Championship, Round 1, Sunday 14 April 2013. Silverstone, England.\r\n                <\/div><\/figure><figure class='gallery-item'>\r\n            <div class='gallery-icon landscape'>\r\n                <a href='https:\/\/www.supercars.net\/blog\/wp-content\/uploads\/2016\/03\/1064011-1536.jpg' class='tipi-lightbox'>\r\n\t\t\t\t<img decoding=\"async\" width=\"1536\" height=\"1024\" src=\"https:\/\/www.supercars.net\/blog\/wp-content\/uploads\/2016\/03\/1064011-1536.jpg\" class=\"attachment-full size-full\" alt=\"2013 6 Hours of Silverstone-1\" srcset=\"https:\/\/www.supercars.net\/blog\/wp-content\/uploads\/2016\/03\/1064011-1536.jpg 1536w, https:\/\/www.supercars.net\/blog\/wp-content\/uploads\/2016\/03\/1064011-1536-300x200.jpg 300w, https:\/\/www.supercars.net\/blog\/wp-content\/uploads\/2016\/03\/1064011-1536-1024x683.jpg 1024w, https:\/\/www.supercars.net\/blog\/wp-content\/uploads\/2016\/03\/1064011-1536-100x67.jpg 100w, https:\/\/www.supercars.net\/blog\/wp-content\/uploads\/2016\/03\/1064011-1536-770x513.jpg 770w, https:\/\/www.supercars.net\/blog\/wp-content\/uploads\/2016\/03\/1064011-1536-360x240.jpg 360w, https:\/\/www.supercars.net\/blog\/wp-content\/uploads\/2016\/03\/1064011-1536-1155x770.jpg 1155w, https:\/\/www.supercars.net\/blog\/wp-content\/uploads\/2016\/03\/1064011-1536-370x247.jpg 370w, https:\/\/www.supercars.net\/blog\/wp-content\/uploads\/2016\/03\/1064011-1536-293x195.jpg 293w, https:\/\/www.supercars.net\/blog\/wp-content\/uploads\/2016\/03\/1064011-1536-1400x933.jpg 1400w\" sizes=\"(max-width: 1536px) 100vw, 1536px\" \/>\r\n\t\t\t\t<\/a>\r\n            <\/div><\/figure><figure class='gallery-item'>\r\n            <div class='gallery-icon landscape'>\r\n                <a href='https:\/\/www.supercars.net\/blog\/wp-content\/uploads\/2016\/03\/1064013-1536.jpg' class='tipi-lightbox'>\r\n\t\t\t\t<img decoding=\"async\" width=\"1536\" height=\"1024\" src=\"https:\/\/www.supercars.net\/blog\/wp-content\/uploads\/2016\/03\/1064013-1536.jpg\" class=\"attachment-full size-full\" alt=\"2013 6 Hours of Silverstone-1\" srcset=\"https:\/\/www.supercars.net\/blog\/wp-content\/uploads\/2016\/03\/1064013-1536.jpg 1536w, https:\/\/www.supercars.net\/blog\/wp-content\/uploads\/2016\/03\/1064013-1536-300x200.jpg 300w, https:\/\/www.supercars.net\/blog\/wp-content\/uploads\/2016\/03\/1064013-1536-1024x683.jpg 1024w, https:\/\/www.supercars.net\/blog\/wp-content\/uploads\/2016\/03\/1064013-1536-100x67.jpg 100w, https:\/\/www.supercars.net\/blog\/wp-content\/uploads\/2016\/03\/1064013-1536-770x513.jpg 770w, https:\/\/www.supercars.net\/blog\/wp-content\/uploads\/2016\/03\/1064013-1536-360x240.jpg 360w, https:\/\/www.supercars.net\/blog\/wp-content\/uploads\/2016\/03\/1064013-1536-1155x770.jpg 1155w, https:\/\/www.supercars.net\/blog\/wp-content\/uploads\/2016\/03\/1064013-1536-370x247.jpg 370w, https:\/\/www.supercars.net\/blog\/wp-content\/uploads\/2016\/03\/1064013-1536-293x195.jpg 293w, https:\/\/www.supercars.net\/blog\/wp-content\/uploads\/2016\/03\/1064013-1536-1400x933.jpg 1400w\" sizes=\"(max-width: 1536px) 100vw, 1536px\" \/>\r\n\t\t\t\t<\/a>\r\n            <\/div>\r\n                <div class='wp-caption-text gallery-caption'>\r\n                Aston Martin Racing.\n\nWorld Endurance Championship. \nRound One, Silverstone, UK. \n11th &#8211; 14th April 2013. \n\nPhoto: Drew Gibson\r\n                <\/div><\/figure><figure class='gallery-item'>\r\n            <div class='gallery-icon landscape'>\r\n                <a href='https:\/\/www.supercars.net\/blog\/wp-content\/uploads\/2016\/03\/1064014-1536.jpg' class='tipi-lightbox'>\r\n\t\t\t\t<img decoding=\"async\" width=\"1536\" height=\"1024\" src=\"https:\/\/www.supercars.net\/blog\/wp-content\/uploads\/2016\/03\/1064014-1536.jpg\" class=\"attachment-full size-full\" alt=\"2013 6 Hours of Silverstone-1\" srcset=\"https:\/\/www.supercars.net\/blog\/wp-content\/uploads\/2016\/03\/1064014-1536.jpg 1536w, https:\/\/www.supercars.net\/blog\/wp-content\/uploads\/2016\/03\/1064014-1536-300x200.jpg 300w, https:\/\/www.supercars.net\/blog\/wp-content\/uploads\/2016\/03\/1064014-1536-1024x683.jpg 1024w, https:\/\/www.supercars.net\/blog\/wp-content\/uploads\/2016\/03\/1064014-1536-100x67.jpg 100w, https:\/\/www.supercars.net\/blog\/wp-content\/uploads\/2016\/03\/1064014-1536-770x513.jpg 770w, https:\/\/www.supercars.net\/blog\/wp-content\/uploads\/2016\/03\/1064014-1536-360x240.jpg 360w, https:\/\/www.supercars.net\/blog\/wp-content\/uploads\/2016\/03\/1064014-1536-1155x770.jpg 1155w, https:\/\/www.supercars.net\/blog\/wp-content\/uploads\/2016\/03\/1064014-1536-370x247.jpg 370w, https:\/\/www.supercars.net\/blog\/wp-content\/uploads\/2016\/03\/1064014-1536-293x195.jpg 293w, https:\/\/www.supercars.net\/blog\/wp-content\/uploads\/2016\/03\/1064014-1536-1400x933.jpg 1400w\" sizes=\"(max-width: 1536px) 100vw, 1536px\" \/>\r\n\t\t\t\t<\/a>\r\n            <\/div>\r\n                <div class='wp-caption-text gallery-caption'>\r\n                Aston Martin Racing.\n\nWorld Endurance Championship. \nRound One, Silverstone, UK. \n11th &#8211; 14th April 2013. \n\nPhoto: Drew Gibson\r\n                <\/div><\/figure><figure class='gallery-item'>\r\n            <div class='gallery-icon landscape'>\r\n                <a href='https:\/\/www.supercars.net\/blog\/wp-content\/uploads\/2016\/03\/1064015-1536.jpg' class='tipi-lightbox'>\r\n\t\t\t\t<img decoding=\"async\" width=\"1536\" height=\"1024\" src=\"https:\/\/www.supercars.net\/blog\/wp-content\/uploads\/2016\/03\/1064015-1536.jpg\" class=\"attachment-full size-full\" alt=\"2013 6 Hours of Silverstone-1\" srcset=\"https:\/\/www.supercars.net\/blog\/wp-content\/uploads\/2016\/03\/1064015-1536.jpg 1536w, https:\/\/www.supercars.net\/blog\/wp-content\/uploads\/2016\/03\/1064015-1536-300x200.jpg 300w, https:\/\/www.supercars.net\/blog\/wp-content\/uploads\/2016\/03\/1064015-1536-1024x683.jpg 1024w, https:\/\/www.supercars.net\/blog\/wp-content\/uploads\/2016\/03\/1064015-1536-100x67.jpg 100w, https:\/\/www.supercars.net\/blog\/wp-content\/uploads\/2016\/03\/1064015-1536-770x513.jpg 770w, https:\/\/www.supercars.net\/blog\/wp-content\/uploads\/2016\/03\/1064015-1536-360x240.jpg 360w, https:\/\/www.supercars.net\/blog\/wp-content\/uploads\/2016\/03\/1064015-1536-1155x770.jpg 1155w, https:\/\/www.supercars.net\/blog\/wp-content\/uploads\/2016\/03\/1064015-1536-370x247.jpg 370w, https:\/\/www.supercars.net\/blog\/wp-content\/uploads\/2016\/03\/1064015-1536-293x195.jpg 293w, https:\/\/www.supercars.net\/blog\/wp-content\/uploads\/2016\/03\/1064015-1536-1400x933.jpg 1400w\" sizes=\"(max-width: 1536px) 100vw, 1536px\" \/>\r\n\t\t\t\t<\/a>\r\n            <\/div>\r\n                <div class='wp-caption-text gallery-caption'>\r\n                Aston Martin Racing.\n\nWorld Endurance Championship. \nRound One, Silverstone, UK. \n11th &#8211; 14th April 2013. \n\nPhoto: Drew Gibson\r\n                <\/div><\/figure><figure class='gallery-item'>\r\n            <div class='gallery-icon landscape'>\r\n                <a href='https:\/\/www.supercars.net\/blog\/wp-content\/uploads\/2016\/03\/1064018-1536.jpg' class='tipi-lightbox'>\r\n\t\t\t\t<img decoding=\"async\" width=\"1536\" height=\"787\" src=\"https:\/\/www.supercars.net\/blog\/wp-content\/uploads\/2016\/03\/1064018-1536.jpg\" class=\"attachment-full size-full\" alt=\"2013 6 Hours of Silverstone-1\" srcset=\"https:\/\/www.supercars.net\/blog\/wp-content\/uploads\/2016\/03\/1064018-1536.jpg 1536w, https:\/\/www.supercars.net\/blog\/wp-content\/uploads\/2016\/03\/1064018-1536-300x154.jpg 300w, https:\/\/www.supercars.net\/blog\/wp-content\/uploads\/2016\/03\/1064018-1536-1024x525.jpg 1024w, https:\/\/www.supercars.net\/blog\/wp-content\/uploads\/2016\/03\/1064018-1536-100x51.jpg 100w, https:\/\/www.supercars.net\/blog\/wp-content\/uploads\/2016\/03\/1064018-1536-770x395.jpg 770w, https:\/\/www.supercars.net\/blog\/wp-content\/uploads\/2016\/03\/1064018-1536-293x150.jpg 293w, https:\/\/www.supercars.net\/blog\/wp-content\/uploads\/2016\/03\/1064018-1536-1400x717.jpg 1400w\" sizes=\"(max-width: 1536px) 100vw, 1536px\" \/>\r\n\t\t\t\t<\/a>\r\n            <\/div><\/figure><figure class='gallery-item'>\r\n            <div class='gallery-icon landscape'>\r\n                <a href='https:\/\/www.supercars.net\/blog\/wp-content\/uploads\/2016\/03\/1064021-1536.jpg' class='tipi-lightbox'>\r\n\t\t\t\t<img decoding=\"async\" width=\"1536\" height=\"1022\" src=\"https:\/\/www.supercars.net\/blog\/wp-content\/uploads\/2016\/03\/1064021-1536.jpg\" class=\"attachment-full size-full\" alt=\"2013 6 Hours of Silverstone-1\" srcset=\"https:\/\/www.supercars.net\/blog\/wp-content\/uploads\/2016\/03\/1064021-1536.jpg 1536w, https:\/\/www.supercars.net\/blog\/wp-content\/uploads\/2016\/03\/1064021-1536-300x200.jpg 300w, https:\/\/www.supercars.net\/blog\/wp-content\/uploads\/2016\/03\/1064021-1536-1024x681.jpg 1024w, https:\/\/www.supercars.net\/blog\/wp-content\/uploads\/2016\/03\/1064021-1536-100x67.jpg 100w, https:\/\/www.supercars.net\/blog\/wp-content\/uploads\/2016\/03\/1064021-1536-770x512.jpg 770w, https:\/\/www.supercars.net\/blog\/wp-content\/uploads\/2016\/03\/1064021-1536-360x240.jpg 360w, https:\/\/www.supercars.net\/blog\/wp-content\/uploads\/2016\/03\/1064021-1536-370x247.jpg 370w, https:\/\/www.supercars.net\/blog\/wp-content\/uploads\/2016\/03\/1064021-1536-293x195.jpg 293w, https:\/\/www.supercars.net\/blog\/wp-content\/uploads\/2016\/03\/1064021-1536-1400x932.jpg 1400w\" sizes=\"(max-width: 1536px) 100vw, 1536px\" \/>\r\n\t\t\t\t<\/a>\r\n            <\/div><\/figure><figure class='gallery-item'>\r\n            <div class='gallery-icon landscape'>\r\n                <a href='https:\/\/www.supercars.net\/blog\/wp-content\/uploads\/2016\/03\/1064022-1536.jpg' class='tipi-lightbox'>\r\n\t\t\t\t<img decoding=\"async\" width=\"1536\" height=\"1022\" src=\"https:\/\/www.supercars.net\/blog\/wp-content\/uploads\/2016\/03\/1064022-1536.jpg\" class=\"attachment-full size-full\" alt=\"2013 6 Hours of Silverstone-1\" srcset=\"https:\/\/www.supercars.net\/blog\/wp-content\/uploads\/2016\/03\/1064022-1536.jpg 1536w, https:\/\/www.supercars.net\/blog\/wp-content\/uploads\/2016\/03\/1064022-1536-300x200.jpg 300w, https:\/\/www.supercars.net\/blog\/wp-content\/uploads\/2016\/03\/1064022-1536-1024x681.jpg 1024w, https:\/\/www.supercars.net\/blog\/wp-content\/uploads\/2016\/03\/1064022-1536-100x67.jpg 100w, https:\/\/www.supercars.net\/blog\/wp-content\/uploads\/2016\/03\/1064022-1536-770x512.jpg 770w, https:\/\/www.supercars.net\/blog\/wp-content\/uploads\/2016\/03\/1064022-1536-360x240.jpg 360w, https:\/\/www.supercars.net\/blog\/wp-content\/uploads\/2016\/03\/1064022-1536-370x247.jpg 370w, https:\/\/www.supercars.net\/blog\/wp-content\/uploads\/2016\/03\/1064022-1536-293x195.jpg 293w, https:\/\/www.supercars.net\/blog\/wp-content\/uploads\/2016\/03\/1064022-1536-1400x932.jpg 1400w\" sizes=\"(max-width: 1536px) 100vw, 1536px\" \/>\r\n\t\t\t\t<\/a>\r\n            <\/div><\/figure><figure class='gallery-item'>\r\n            <div class='gallery-icon landscape'>\r\n                <a href='https:\/\/www.supercars.net\/blog\/wp-content\/uploads\/2016\/03\/1064023-1536.jpg' class='tipi-lightbox'>\r\n\t\t\t\t<img decoding=\"async\" width=\"1536\" height=\"1019\" src=\"https:\/\/www.supercars.net\/blog\/wp-content\/uploads\/2016\/03\/1064023-1536.jpg\" class=\"attachment-full size-full\" alt=\"2013 6 Hours of Silverstone-1\" srcset=\"https:\/\/www.supercars.net\/blog\/wp-content\/uploads\/2016\/03\/1064023-1536.jpg 1536w, https:\/\/www.supercars.net\/blog\/wp-content\/uploads\/2016\/03\/1064023-1536-300x199.jpg 300w, https:\/\/www.supercars.net\/blog\/wp-content\/uploads\/2016\/03\/1064023-1536-1024x679.jpg 1024w, https:\/\/www.supercars.net\/blog\/wp-content\/uploads\/2016\/03\/1064023-1536-100x66.jpg 100w, https:\/\/www.supercars.net\/blog\/wp-content\/uploads\/2016\/03\/1064023-1536-770x511.jpg 770w, https:\/\/www.supercars.net\/blog\/wp-content\/uploads\/2016\/03\/1064023-1536-360x240.jpg 360w, https:\/\/www.supercars.net\/blog\/wp-content\/uploads\/2016\/03\/1064023-1536-293x194.jpg 293w, https:\/\/www.supercars.net\/blog\/wp-content\/uploads\/2016\/03\/1064023-1536-1400x929.jpg 1400w\" sizes=\"(max-width: 1536px) 100vw, 1536px\" \/>\r\n\t\t\t\t<\/a>\r\n            <\/div><\/figure><figure class='gallery-item'>\r\n            <div class='gallery-icon landscape'>\r\n                <a href='https:\/\/www.supercars.net\/blog\/wp-content\/uploads\/2016\/03\/1064028-1536.jpg' class='tipi-lightbox'>\r\n\t\t\t\t<img decoding=\"async\" width=\"1536\" height=\"1024\" src=\"https:\/\/www.supercars.net\/blog\/wp-content\/uploads\/2016\/03\/1064028-1536.jpg\" class=\"attachment-full size-full\" alt=\"2013 6 Hours of Silverstone-1\" srcset=\"https:\/\/www.supercars.net\/blog\/wp-content\/uploads\/2016\/03\/1064028-1536.jpg 1536w, https:\/\/www.supercars.net\/blog\/wp-content\/uploads\/2016\/03\/1064028-1536-300x200.jpg 300w, https:\/\/www.supercars.net\/blog\/wp-content\/uploads\/2016\/03\/1064028-1536-1024x683.jpg 1024w, https:\/\/www.supercars.net\/blog\/wp-content\/uploads\/2016\/03\/1064028-1536-100x67.jpg 100w, https:\/\/www.supercars.net\/blog\/wp-content\/uploads\/2016\/03\/1064028-1536-770x513.jpg 770w, https:\/\/www.supercars.net\/blog\/wp-content\/uploads\/2016\/03\/1064028-1536-360x240.jpg 360w, https:\/\/www.supercars.net\/blog\/wp-content\/uploads\/2016\/03\/1064028-1536-1155x770.jpg 1155w, https:\/\/www.supercars.net\/blog\/wp-content\/uploads\/2016\/03\/1064028-1536-370x247.jpg 370w, https:\/\/www.supercars.net\/blog\/wp-content\/uploads\/2016\/03\/1064028-1536-293x195.jpg 293w, https:\/\/www.supercars.net\/blog\/wp-content\/uploads\/2016\/03\/1064028-1536-1400x933.jpg 1400w\" sizes=\"(max-width: 1536px) 100vw, 1536px\" \/>\r\n\t\t\t\t<\/a>\r\n            <\/div>\r\n                <div class='wp-caption-text gallery-caption'>\r\n                Porsche 911 RSR, Porsche AG Team Manthey: Joerg Bergmeister, Timo Bernhard, Patrick Pilet \nPorsche AG Team Manthey: Marc Lieb, Richard Lietz, Romain Dumas\r\n                <\/div><\/figure><figure class='gallery-item'>\r\n            <div class='gallery-icon landscape'>\r\n                <a href='https:\/\/www.supercars.net\/blog\/wp-content\/uploads\/2016\/03\/1064029-1536.jpg' class='tipi-lightbox'>\r\n\t\t\t\t<img decoding=\"async\" width=\"1536\" height=\"1024\" src=\"https:\/\/www.supercars.net\/blog\/wp-content\/uploads\/2016\/03\/1064029-1536.jpg\" class=\"attachment-full size-full\" alt=\"2013 6 Hours of Silverstone-1\" srcset=\"https:\/\/www.supercars.net\/blog\/wp-content\/uploads\/2016\/03\/1064029-1536.jpg 1536w, https:\/\/www.supercars.net\/blog\/wp-content\/uploads\/2016\/03\/1064029-1536-300x200.jpg 300w, https:\/\/www.supercars.net\/blog\/wp-content\/uploads\/2016\/03\/1064029-1536-1024x683.jpg 1024w, https:\/\/www.supercars.net\/blog\/wp-content\/uploads\/2016\/03\/1064029-1536-100x67.jpg 100w, https:\/\/www.supercars.net\/blog\/wp-content\/uploads\/2016\/03\/1064029-1536-770x513.jpg 770w, https:\/\/www.supercars.net\/blog\/wp-content\/uploads\/2016\/03\/1064029-1536-360x240.jpg 360w, https:\/\/www.supercars.net\/blog\/wp-content\/uploads\/2016\/03\/1064029-1536-1155x770.jpg 1155w, https:\/\/www.supercars.net\/blog\/wp-content\/uploads\/2016\/03\/1064029-1536-370x247.jpg 370w, https:\/\/www.supercars.net\/blog\/wp-content\/uploads\/2016\/03\/1064029-1536-293x195.jpg 293w, https:\/\/www.supercars.net\/blog\/wp-content\/uploads\/2016\/03\/1064029-1536-1400x933.jpg 1400w\" sizes=\"(max-width: 1536px) 100vw, 1536px\" \/>\r\n\t\t\t\t<\/a>\r\n            <\/div>\r\n                <div class='wp-caption-text gallery-caption'>\r\n                Porsche 911 RSR, Porsche AG Team Manthey: Marc Lieb, Richard Lietz, Romain Dumas\r\n                <\/div><\/figure><figure class='gallery-item'>\r\n            <div class='gallery-icon landscape'>\r\n                <a href='https:\/\/www.supercars.net\/blog\/wp-content\/uploads\/2016\/03\/1064030-1536.jpg' class='tipi-lightbox'>\r\n\t\t\t\t<img decoding=\"async\" width=\"1536\" height=\"1041\" src=\"https:\/\/www.supercars.net\/blog\/wp-content\/uploads\/2016\/03\/1064030-1536.jpg\" class=\"attachment-full size-full\" alt=\"2013 6 Hours of Silverstone-1\" srcset=\"https:\/\/www.supercars.net\/blog\/wp-content\/uploads\/2016\/03\/1064030-1536.jpg 1536w, https:\/\/www.supercars.net\/blog\/wp-content\/uploads\/2016\/03\/1064030-1536-300x203.jpg 300w, https:\/\/www.supercars.net\/blog\/wp-content\/uploads\/2016\/03\/1064030-1536-1024x694.jpg 1024w, https:\/\/www.supercars.net\/blog\/wp-content\/uploads\/2016\/03\/1064030-1536-100x68.jpg 100w, https:\/\/www.supercars.net\/blog\/wp-content\/uploads\/2016\/03\/1064030-1536-770x522.jpg 770w, https:\/\/www.supercars.net\/blog\/wp-content\/uploads\/2016\/03\/1064030-1536-293x199.jpg 293w, https:\/\/www.supercars.net\/blog\/wp-content\/uploads\/2016\/03\/1064030-1536-1400x949.jpg 1400w\" sizes=\"(max-width: 1536px) 100vw, 1536px\" \/>\r\n\t\t\t\t<\/a>\r\n            <\/div>\r\n                <div class='wp-caption-text gallery-caption'>\r\n                Porsche 911 RSR, Porsche AG Team Manthey: Marc Lieb, Richard Lietz, Romain Dumas\r\n                <\/div><\/figure><figure class='gallery-item'>\r\n            <div class='gallery-icon landscape'>\r\n                <a href='https:\/\/www.supercars.net\/blog\/wp-content\/uploads\/2016\/03\/1064031-1536.jpg' class='tipi-lightbox'>\r\n\t\t\t\t<img decoding=\"async\" width=\"1536\" height=\"1024\" src=\"https:\/\/www.supercars.net\/blog\/wp-content\/uploads\/2016\/03\/1064031-1536.jpg\" class=\"attachment-full size-full\" alt=\"2013 6 Hours of Silverstone-1\" srcset=\"https:\/\/www.supercars.net\/blog\/wp-content\/uploads\/2016\/03\/1064031-1536.jpg 1536w, https:\/\/www.supercars.net\/blog\/wp-content\/uploads\/2016\/03\/1064031-1536-300x200.jpg 300w, https:\/\/www.supercars.net\/blog\/wp-content\/uploads\/2016\/03\/1064031-1536-1024x683.jpg 1024w, https:\/\/www.supercars.net\/blog\/wp-content\/uploads\/2016\/03\/1064031-1536-100x67.jpg 100w, https:\/\/www.supercars.net\/blog\/wp-content\/uploads\/2016\/03\/1064031-1536-770x513.jpg 770w, https:\/\/www.supercars.net\/blog\/wp-content\/uploads\/2016\/03\/1064031-1536-360x240.jpg 360w, https:\/\/www.supercars.net\/blog\/wp-content\/uploads\/2016\/03\/1064031-1536-1155x770.jpg 1155w, https:\/\/www.supercars.net\/blog\/wp-content\/uploads\/2016\/03\/1064031-1536-370x247.jpg 370w, https:\/\/www.supercars.net\/blog\/wp-content\/uploads\/2016\/03\/1064031-1536-293x195.jpg 293w, https:\/\/www.supercars.net\/blog\/wp-content\/uploads\/2016\/03\/1064031-1536-1400x933.jpg 1400w\" sizes=\"(max-width: 1536px) 100vw, 1536px\" \/>\r\n\t\t\t\t<\/a>\r\n            <\/div>\r\n                <div class='wp-caption-text gallery-caption'>\r\n                Porsche 911 RSR , Porsche AG Team Manthey: Joerg Bergmeister, Timo Bernhard, Patrick Pilet\r\n                <\/div><\/figure><figure class='gallery-item'>\r\n            <div class='gallery-icon landscape'>\r\n                <a href='https:\/\/www.supercars.net\/blog\/wp-content\/uploads\/2016\/03\/1064032-1536.jpg' class='tipi-lightbox'>\r\n\t\t\t\t<img decoding=\"async\" width=\"1536\" height=\"1024\" src=\"https:\/\/www.supercars.net\/blog\/wp-content\/uploads\/2016\/03\/1064032-1536.jpg\" class=\"attachment-full size-full\" alt=\"2013 6 Hours of Silverstone-1\" srcset=\"https:\/\/www.supercars.net\/blog\/wp-content\/uploads\/2016\/03\/1064032-1536.jpg 1536w, https:\/\/www.supercars.net\/blog\/wp-content\/uploads\/2016\/03\/1064032-1536-300x200.jpg 300w, https:\/\/www.supercars.net\/blog\/wp-content\/uploads\/2016\/03\/1064032-1536-1024x683.jpg 1024w, https:\/\/www.supercars.net\/blog\/wp-content\/uploads\/2016\/03\/1064032-1536-100x67.jpg 100w, https:\/\/www.supercars.net\/blog\/wp-content\/uploads\/2016\/03\/1064032-1536-770x513.jpg 770w, https:\/\/www.supercars.net\/blog\/wp-content\/uploads\/2016\/03\/1064032-1536-360x240.jpg 360w, https:\/\/www.supercars.net\/blog\/wp-content\/uploads\/2016\/03\/1064032-1536-1155x770.jpg 1155w, https:\/\/www.supercars.net\/blog\/wp-content\/uploads\/2016\/03\/1064032-1536-370x247.jpg 370w, https:\/\/www.supercars.net\/blog\/wp-content\/uploads\/2016\/03\/1064032-1536-293x195.jpg 293w, https:\/\/www.supercars.net\/blog\/wp-content\/uploads\/2016\/03\/1064032-1536-1400x933.jpg 1400w\" sizes=\"(max-width: 1536px) 100vw, 1536px\" \/>\r\n\t\t\t\t<\/a>\r\n            <\/div>\r\n                <div class='wp-caption-text gallery-caption'>\r\n                Porsche 911 RSR , Porsche AG Team Manthey: Joerg Bergmeister, Timo Bernhard, Patrick Pilet\r\n                <\/div><\/figure><figure class='gallery-item'>\r\n            <div class='gallery-icon landscape'>\r\n                <a href='https:\/\/www.supercars.net\/blog\/wp-content\/uploads\/2016\/03\/1064034-1536.jpg' class='tipi-lightbox'>\r\n\t\t\t\t<img decoding=\"async\" width=\"1536\" height=\"1024\" src=\"https:\/\/www.supercars.net\/blog\/wp-content\/uploads\/2016\/03\/1064034-1536.jpg\" class=\"attachment-full size-full\" alt=\"2013 6 Hours of Silverstone-1\" srcset=\"https:\/\/www.supercars.net\/blog\/wp-content\/uploads\/2016\/03\/1064034-1536.jpg 1536w, https:\/\/www.supercars.net\/blog\/wp-content\/uploads\/2016\/03\/1064034-1536-300x200.jpg 300w, https:\/\/www.supercars.net\/blog\/wp-content\/uploads\/2016\/03\/1064034-1536-1024x683.jpg 1024w, https:\/\/www.supercars.net\/blog\/wp-content\/uploads\/2016\/03\/1064034-1536-100x67.jpg 100w, https:\/\/www.supercars.net\/blog\/wp-content\/uploads\/2016\/03\/1064034-1536-770x513.jpg 770w, https:\/\/www.supercars.net\/blog\/wp-content\/uploads\/2016\/03\/1064034-1536-360x240.jpg 360w, https:\/\/www.supercars.net\/blog\/wp-content\/uploads\/2016\/03\/1064034-1536-1155x770.jpg 1155w, https:\/\/www.supercars.net\/blog\/wp-content\/uploads\/2016\/03\/1064034-1536-370x247.jpg 370w, https:\/\/www.supercars.net\/blog\/wp-content\/uploads\/2016\/03\/1064034-1536-293x195.jpg 293w, https:\/\/www.supercars.net\/blog\/wp-content\/uploads\/2016\/03\/1064034-1536-1400x933.jpg 1400w\" sizes=\"(max-width: 1536px) 100vw, 1536px\" \/>\r\n\t\t\t\t<\/a>\r\n            <\/div>\r\n                <div class='wp-caption-text gallery-caption'>\r\n                Richard Lietz, Porsche AG Team Manthey\r\n                <\/div><\/figure><figure class='gallery-item'>\r\n            <div class='gallery-icon landscape'>\r\n                <a href='https:\/\/www.supercars.net\/blog\/wp-content\/uploads\/2016\/03\/1064035-1536.jpg' class='tipi-lightbox'>\r\n\t\t\t\t<img decoding=\"async\" width=\"1536\" height=\"1024\" src=\"https:\/\/www.supercars.net\/blog\/wp-content\/uploads\/2016\/03\/1064035-1536.jpg\" class=\"attachment-full size-full\" alt=\"2013 6 Hours of Silverstone-1\" srcset=\"https:\/\/www.supercars.net\/blog\/wp-content\/uploads\/2016\/03\/1064035-1536.jpg 1536w, https:\/\/www.supercars.net\/blog\/wp-content\/uploads\/2016\/03\/1064035-1536-300x200.jpg 300w, https:\/\/www.supercars.net\/blog\/wp-content\/uploads\/2016\/03\/1064035-1536-1024x683.jpg 1024w, https:\/\/www.supercars.net\/blog\/wp-content\/uploads\/2016\/03\/1064035-1536-100x67.jpg 100w, https:\/\/www.supercars.net\/blog\/wp-content\/uploads\/2016\/03\/1064035-1536-770x513.jpg 770w, https:\/\/www.supercars.net\/blog\/wp-content\/uploads\/2016\/03\/1064035-1536-360x240.jpg 360w, https:\/\/www.supercars.net\/blog\/wp-content\/uploads\/2016\/03\/1064035-1536-1155x770.jpg 1155w, https:\/\/www.supercars.net\/blog\/wp-content\/uploads\/2016\/03\/1064035-1536-370x247.jpg 370w, https:\/\/www.supercars.net\/blog\/wp-content\/uploads\/2016\/03\/1064035-1536-293x195.jpg 293w, https:\/\/www.supercars.net\/blog\/wp-content\/uploads\/2016\/03\/1064035-1536-1400x933.jpg 1400w\" sizes=\"(max-width: 1536px) 100vw, 1536px\" \/>\r\n\t\t\t\t<\/a>\r\n            <\/div>\r\n                <div class='wp-caption-text gallery-caption'>\r\n                Porsche 911 RSR, Porsche AG Team Manthey: Marc Lieb, Richard Lietz, Romain Dumas\r\n                <\/div><\/figure><figure class='gallery-item'>\r\n            <div class='gallery-icon landscape'>\r\n                <a href='https:\/\/www.supercars.net\/blog\/wp-content\/uploads\/2016\/03\/1064037-1536.jpg' class='tipi-lightbox'>\r\n\t\t\t\t<img decoding=\"async\" width=\"1536\" height=\"1024\" src=\"https:\/\/www.supercars.net\/blog\/wp-content\/uploads\/2016\/03\/1064037-1536.jpg\" class=\"attachment-full size-full\" alt=\"2013 6 Hours of Silverstone-1\" srcset=\"https:\/\/www.supercars.net\/blog\/wp-content\/uploads\/2016\/03\/1064037-1536.jpg 1536w, https:\/\/www.supercars.net\/blog\/wp-content\/uploads\/2016\/03\/1064037-1536-300x200.jpg 300w, https:\/\/www.supercars.net\/blog\/wp-content\/uploads\/2016\/03\/1064037-1536-1024x683.jpg 1024w, https:\/\/www.supercars.net\/blog\/wp-content\/uploads\/2016\/03\/1064037-1536-100x67.jpg 100w, https:\/\/www.supercars.net\/blog\/wp-content\/uploads\/2016\/03\/1064037-1536-770x513.jpg 770w, https:\/\/www.supercars.net\/blog\/wp-content\/uploads\/2016\/03\/1064037-1536-360x240.jpg 360w, https:\/\/www.supercars.net\/blog\/wp-content\/uploads\/2016\/03\/1064037-1536-1155x770.jpg 1155w, https:\/\/www.supercars.net\/blog\/wp-content\/uploads\/2016\/03\/1064037-1536-370x247.jpg 370w, https:\/\/www.supercars.net\/blog\/wp-content\/uploads\/2016\/03\/1064037-1536-293x195.jpg 293w, https:\/\/www.supercars.net\/blog\/wp-content\/uploads\/2016\/03\/1064037-1536-1400x933.jpg 1400w\" sizes=\"(max-width: 1536px) 100vw, 1536px\" \/>\r\n\t\t\t\t<\/a>\r\n            <\/div>\r\n                <div class='wp-caption-text gallery-caption'>\r\n                Porsche 911 GT3 RSR, Proton Competition, Christian Ried, Gianluca Roda, Paolo Ruberti\r\n                <\/div><\/figure><figure class='gallery-item'>\r\n            <div class='gallery-icon landscape'>\r\n                <a href='https:\/\/www.supercars.net\/blog\/wp-content\/uploads\/2016\/03\/1064038-1536.jpg' class='tipi-lightbox'>\r\n\t\t\t\t<img decoding=\"async\" width=\"1536\" height=\"1024\" src=\"https:\/\/www.supercars.net\/blog\/wp-content\/uploads\/2016\/03\/1064038-1536.jpg\" class=\"attachment-full size-full\" alt=\"2013 6 Hours of Silverstone-1\" srcset=\"https:\/\/www.supercars.net\/blog\/wp-content\/uploads\/2016\/03\/1064038-1536.jpg 1536w, https:\/\/www.supercars.net\/blog\/wp-content\/uploads\/2016\/03\/1064038-1536-300x200.jpg 300w, https:\/\/www.supercars.net\/blog\/wp-content\/uploads\/2016\/03\/1064038-1536-1024x683.jpg 1024w, https:\/\/www.supercars.net\/blog\/wp-content\/uploads\/2016\/03\/1064038-1536-100x67.jpg 100w, https:\/\/www.supercars.net\/blog\/wp-content\/uploads\/2016\/03\/1064038-1536-770x513.jpg 770w, https:\/\/www.supercars.net\/blog\/wp-content\/uploads\/2016\/03\/1064038-1536-360x240.jpg 360w, https:\/\/www.supercars.net\/blog\/wp-content\/uploads\/2016\/03\/1064038-1536-1155x770.jpg 1155w, https:\/\/www.supercars.net\/blog\/wp-content\/uploads\/2016\/03\/1064038-1536-370x247.jpg 370w, https:\/\/www.supercars.net\/blog\/wp-content\/uploads\/2016\/03\/1064038-1536-293x195.jpg 293w, https:\/\/www.supercars.net\/blog\/wp-content\/uploads\/2016\/03\/1064038-1536-1400x933.jpg 1400w\" sizes=\"(max-width: 1536px) 100vw, 1536px\" \/>\r\n\t\t\t\t<\/a>\r\n            <\/div>\r\n                <div class='wp-caption-text gallery-caption'>\r\n                FIA World Endurance Championship.\n\nRound One, Silverstone, UK. \n11th &#8211; 14th April 2013. \n\nPhoto: Drew Gibson \/ Nissan\r\n                <\/div><\/figure><figure class='gallery-item'>\r\n            <div class='gallery-icon landscape'>\r\n                <a href='https:\/\/www.supercars.net\/blog\/wp-content\/uploads\/2016\/03\/1064040-1536.jpg' class='tipi-lightbox'>\r\n\t\t\t\t<img decoding=\"async\" width=\"1536\" height=\"1024\" src=\"https:\/\/www.supercars.net\/blog\/wp-content\/uploads\/2016\/03\/1064040-1536.jpg\" class=\"attachment-full size-full\" alt=\"2013 6 Hours of Silverstone-1\" srcset=\"https:\/\/www.supercars.net\/blog\/wp-content\/uploads\/2016\/03\/1064040-1536.jpg 1536w, https:\/\/www.supercars.net\/blog\/wp-content\/uploads\/2016\/03\/1064040-1536-300x200.jpg 300w, https:\/\/www.supercars.net\/blog\/wp-content\/uploads\/2016\/03\/1064040-1536-1024x683.jpg 1024w, https:\/\/www.supercars.net\/blog\/wp-content\/uploads\/2016\/03\/1064040-1536-100x67.jpg 100w, https:\/\/www.supercars.net\/blog\/wp-content\/uploads\/2016\/03\/1064040-1536-770x513.jpg 770w, https:\/\/www.supercars.net\/blog\/wp-content\/uploads\/2016\/03\/1064040-1536-360x240.jpg 360w, https:\/\/www.supercars.net\/blog\/wp-content\/uploads\/2016\/03\/1064040-1536-1155x770.jpg 1155w, https:\/\/www.supercars.net\/blog\/wp-content\/uploads\/2016\/03\/1064040-1536-370x247.jpg 370w, https:\/\/www.supercars.net\/blog\/wp-content\/uploads\/2016\/03\/1064040-1536-293x195.jpg 293w, https:\/\/www.supercars.net\/blog\/wp-content\/uploads\/2016\/03\/1064040-1536-1400x933.jpg 1400w\" sizes=\"(max-width: 1536px) 100vw, 1536px\" \/>\r\n\t\t\t\t<\/a>\r\n            <\/div>\r\n                <div class='wp-caption-text gallery-caption'>\r\n                FIA World Endurance Championship. \n\nRound One, Silverstone, UK. \n11th &#8211; 14th April 2013. \n\nPhoto: Drew Gibson \/ Nissan\r\n                <\/div><\/figure><figure class='gallery-item'>\r\n            <div class='gallery-icon landscape'>\r\n                <a href='https:\/\/www.supercars.net\/blog\/wp-content\/uploads\/2016\/03\/1064041-1536.jpg' class='tipi-lightbox'>\r\n\t\t\t\t<img decoding=\"async\" width=\"1536\" height=\"1024\" src=\"https:\/\/www.supercars.net\/blog\/wp-content\/uploads\/2016\/03\/1064041-1536.jpg\" class=\"attachment-full size-full\" alt=\"2013 6 Hours of Silverstone-1\" srcset=\"https:\/\/www.supercars.net\/blog\/wp-content\/uploads\/2016\/03\/1064041-1536.jpg 1536w, https:\/\/www.supercars.net\/blog\/wp-content\/uploads\/2016\/03\/1064041-1536-300x200.jpg 300w, https:\/\/www.supercars.net\/blog\/wp-content\/uploads\/2016\/03\/1064041-1536-1024x683.jpg 1024w, https:\/\/www.supercars.net\/blog\/wp-content\/uploads\/2016\/03\/1064041-1536-100x67.jpg 100w, https:\/\/www.supercars.net\/blog\/wp-content\/uploads\/2016\/03\/1064041-1536-770x513.jpg 770w, https:\/\/www.supercars.net\/blog\/wp-content\/uploads\/2016\/03\/1064041-1536-360x240.jpg 360w, https:\/\/www.supercars.net\/blog\/wp-content\/uploads\/2016\/03\/1064041-1536-1155x770.jpg 1155w, https:\/\/www.supercars.net\/blog\/wp-content\/uploads\/2016\/03\/1064041-1536-370x247.jpg 370w, https:\/\/www.supercars.net\/blog\/wp-content\/uploads\/2016\/03\/1064041-1536-293x195.jpg 293w, https:\/\/www.supercars.net\/blog\/wp-content\/uploads\/2016\/03\/1064041-1536-1400x933.jpg 1400w\" sizes=\"(max-width: 1536px) 100vw, 1536px\" \/>\r\n\t\t\t\t<\/a>\r\n            <\/div>\r\n                <div class='wp-caption-text gallery-caption'>\r\n                FIA World Endurance Championship. \n\nRound One, Silverstone, UK. \n11th &#8211; 14th April 2013. \n\nPhoto: Drew Gibson \/ Nissan\r\n                <\/div><\/figure><figure class='gallery-item'>\r\n            <div class='gallery-icon landscape'>\r\n                <a href='https:\/\/www.supercars.net\/blog\/wp-content\/uploads\/2016\/03\/1064042-1536.jpg' class='tipi-lightbox'>\r\n\t\t\t\t<img decoding=\"async\" width=\"1536\" height=\"1024\" src=\"https:\/\/www.supercars.net\/blog\/wp-content\/uploads\/2016\/03\/1064042-1536.jpg\" class=\"attachment-full size-full\" alt=\"2013 6 Hours of Silverstone-1\" srcset=\"https:\/\/www.supercars.net\/blog\/wp-content\/uploads\/2016\/03\/1064042-1536.jpg 1536w, https:\/\/www.supercars.net\/blog\/wp-content\/uploads\/2016\/03\/1064042-1536-300x200.jpg 300w, https:\/\/www.supercars.net\/blog\/wp-content\/uploads\/2016\/03\/1064042-1536-1024x683.jpg 1024w, https:\/\/www.supercars.net\/blog\/wp-content\/uploads\/2016\/03\/1064042-1536-100x67.jpg 100w, https:\/\/www.supercars.net\/blog\/wp-content\/uploads\/2016\/03\/1064042-1536-770x513.jpg 770w, https:\/\/www.supercars.net\/blog\/wp-content\/uploads\/2016\/03\/1064042-1536-360x240.jpg 360w, https:\/\/www.supercars.net\/blog\/wp-content\/uploads\/2016\/03\/1064042-1536-1155x770.jpg 1155w, https:\/\/www.supercars.net\/blog\/wp-content\/uploads\/2016\/03\/1064042-1536-370x247.jpg 370w, https:\/\/www.supercars.net\/blog\/wp-content\/uploads\/2016\/03\/1064042-1536-293x195.jpg 293w, https:\/\/www.supercars.net\/blog\/wp-content\/uploads\/2016\/03\/1064042-1536-1400x933.jpg 1400w\" sizes=\"(max-width: 1536px) 100vw, 1536px\" \/>\r\n\t\t\t\t<\/a>\r\n            <\/div>\r\n                <div class='wp-caption-text gallery-caption'>\r\n                FIA World Endurance Championship.\n\nRound One, Silverstone, UK. \n11th &#8211; 14th April 2013. \n\nPhoto: Drew Gibson \/ Nissan\r\n                <\/div><\/figure><figure class='gallery-item'>\r\n            <div class='gallery-icon landscape'>\r\n                <a href='https:\/\/www.supercars.net\/blog\/wp-content\/uploads\/2016\/03\/1064043-1536.jpg' class='tipi-lightbox'>\r\n\t\t\t\t<img decoding=\"async\" width=\"1536\" height=\"1024\" src=\"https:\/\/www.supercars.net\/blog\/wp-content\/uploads\/2016\/03\/1064043-1536.jpg\" class=\"attachment-full size-full\" alt=\"2013 6 Hours of Silverstone-1\" srcset=\"https:\/\/www.supercars.net\/blog\/wp-content\/uploads\/2016\/03\/1064043-1536.jpg 1536w, https:\/\/www.supercars.net\/blog\/wp-content\/uploads\/2016\/03\/1064043-1536-300x200.jpg 300w, https:\/\/www.supercars.net\/blog\/wp-content\/uploads\/2016\/03\/1064043-1536-1024x683.jpg 1024w, https:\/\/www.supercars.net\/blog\/wp-content\/uploads\/2016\/03\/1064043-1536-100x67.jpg 100w, https:\/\/www.supercars.net\/blog\/wp-content\/uploads\/2016\/03\/1064043-1536-770x513.jpg 770w, https:\/\/www.supercars.net\/blog\/wp-content\/uploads\/2016\/03\/1064043-1536-360x240.jpg 360w, https:\/\/www.supercars.net\/blog\/wp-content\/uploads\/2016\/03\/1064043-1536-1155x770.jpg 1155w, https:\/\/www.supercars.net\/blog\/wp-content\/uploads\/2016\/03\/1064043-1536-370x247.jpg 370w, https:\/\/www.supercars.net\/blog\/wp-content\/uploads\/2016\/03\/1064043-1536-293x195.jpg 293w, https:\/\/www.supercars.net\/blog\/wp-content\/uploads\/2016\/03\/1064043-1536-1400x933.jpg 1400w\" sizes=\"(max-width: 1536px) 100vw, 1536px\" \/>\r\n\t\t\t\t<\/a>\r\n            <\/div>\r\n                <div class='wp-caption-text gallery-caption'>\r\n                FIA World Endurance Championship. \n\nRound One, Silverstone, UK. \n11th &#8211; 14th April 2013. \n\nPhoto: Drew Gibson \/ Nissan\r\n                <\/div><\/figure><figure class='gallery-item'>\r\n            <div class='gallery-icon landscape'>\r\n                <a href='https:\/\/www.supercars.net\/blog\/wp-content\/uploads\/2016\/03\/1064044-1536.jpg' class='tipi-lightbox'>\r\n\t\t\t\t<img decoding=\"async\" width=\"1536\" height=\"1024\" src=\"https:\/\/www.supercars.net\/blog\/wp-content\/uploads\/2016\/03\/1064044-1536.jpg\" class=\"attachment-full size-full\" alt=\"2013 6 Hours of Silverstone-1\" srcset=\"https:\/\/www.supercars.net\/blog\/wp-content\/uploads\/2016\/03\/1064044-1536.jpg 1536w, https:\/\/www.supercars.net\/blog\/wp-content\/uploads\/2016\/03\/1064044-1536-300x200.jpg 300w, https:\/\/www.supercars.net\/blog\/wp-content\/uploads\/2016\/03\/1064044-1536-1024x683.jpg 1024w, https:\/\/www.supercars.net\/blog\/wp-content\/uploads\/2016\/03\/1064044-1536-100x67.jpg 100w, https:\/\/www.supercars.net\/blog\/wp-content\/uploads\/2016\/03\/1064044-1536-770x513.jpg 770w, https:\/\/www.supercars.net\/blog\/wp-content\/uploads\/2016\/03\/1064044-1536-360x240.jpg 360w, https:\/\/www.supercars.net\/blog\/wp-content\/uploads\/2016\/03\/1064044-1536-1155x770.jpg 1155w, https:\/\/www.supercars.net\/blog\/wp-content\/uploads\/2016\/03\/1064044-1536-370x247.jpg 370w, https:\/\/www.supercars.net\/blog\/wp-content\/uploads\/2016\/03\/1064044-1536-293x195.jpg 293w, https:\/\/www.supercars.net\/blog\/wp-content\/uploads\/2016\/03\/1064044-1536-1400x933.jpg 1400w\" sizes=\"(max-width: 1536px) 100vw, 1536px\" \/>\r\n\t\t\t\t<\/a>\r\n            <\/div>\r\n                <div class='wp-caption-text gallery-caption'>\r\n                FIA World Endurance Championship.\n\nRound One, Silverstone, UK. \n11th &#8211; 14th April 2013. \n\nPhoto: Drew Gibson \/ Nissan\r\n                <\/div><\/figure><figure class='gallery-item'>\r\n            <div class='gallery-icon landscape'>\r\n                <a href='https:\/\/www.supercars.net\/blog\/wp-content\/uploads\/2016\/03\/1064045-1536.jpg' class='tipi-lightbox'>\r\n\t\t\t\t<img decoding=\"async\" width=\"1536\" height=\"1024\" src=\"https:\/\/www.supercars.net\/blog\/wp-content\/uploads\/2016\/03\/1064045-1536.jpg\" class=\"attachment-full size-full\" alt=\"2013 6 Hours of Silverstone-1\" srcset=\"https:\/\/www.supercars.net\/blog\/wp-content\/uploads\/2016\/03\/1064045-1536.jpg 1536w, https:\/\/www.supercars.net\/blog\/wp-content\/uploads\/2016\/03\/1064045-1536-300x200.jpg 300w, https:\/\/www.supercars.net\/blog\/wp-content\/uploads\/2016\/03\/1064045-1536-1024x683.jpg 1024w, https:\/\/www.supercars.net\/blog\/wp-content\/uploads\/2016\/03\/1064045-1536-100x67.jpg 100w, https:\/\/www.supercars.net\/blog\/wp-content\/uploads\/2016\/03\/1064045-1536-770x513.jpg 770w, https:\/\/www.supercars.net\/blog\/wp-content\/uploads\/2016\/03\/1064045-1536-360x240.jpg 360w, https:\/\/www.supercars.net\/blog\/wp-content\/uploads\/2016\/03\/1064045-1536-1155x770.jpg 1155w, https:\/\/www.supercars.net\/blog\/wp-content\/uploads\/2016\/03\/1064045-1536-370x247.jpg 370w, https:\/\/www.supercars.net\/blog\/wp-content\/uploads\/2016\/03\/1064045-1536-293x195.jpg 293w, https:\/\/www.supercars.net\/blog\/wp-content\/uploads\/2016\/03\/1064045-1536-1400x933.jpg 1400w\" sizes=\"(max-width: 1536px) 100vw, 1536px\" \/>\r\n\t\t\t\t<\/a>\r\n            <\/div>\r\n                <div class='wp-caption-text gallery-caption'>\r\n                Nick Leventis \/ Danny Watts \/ Jonny Kane Strakka Racing HPD ARX-03c Honda\r\n                <\/div><\/figure><figure class='gallery-item'>\r\n            <div class='gallery-icon landscape'>\r\n                <a href='https:\/\/www.supercars.net\/blog\/wp-content\/uploads\/2016\/03\/1064046-1536.jpg' class='tipi-lightbox'>\r\n\t\t\t\t<img decoding=\"async\" width=\"1536\" height=\"1024\" src=\"https:\/\/www.supercars.net\/blog\/wp-content\/uploads\/2016\/03\/1064046-1536.jpg\" class=\"attachment-full size-full\" alt=\"2013 6 Hours of Silverstone-1\" srcset=\"https:\/\/www.supercars.net\/blog\/wp-content\/uploads\/2016\/03\/1064046-1536.jpg 1536w, https:\/\/www.supercars.net\/blog\/wp-content\/uploads\/2016\/03\/1064046-1536-300x200.jpg 300w, https:\/\/www.supercars.net\/blog\/wp-content\/uploads\/2016\/03\/1064046-1536-1024x683.jpg 1024w, https:\/\/www.supercars.net\/blog\/wp-content\/uploads\/2016\/03\/1064046-1536-100x67.jpg 100w, https:\/\/www.supercars.net\/blog\/wp-content\/uploads\/2016\/03\/1064046-1536-770x513.jpg 770w, https:\/\/www.supercars.net\/blog\/wp-content\/uploads\/2016\/03\/1064046-1536-360x240.jpg 360w, https:\/\/www.supercars.net\/blog\/wp-content\/uploads\/2016\/03\/1064046-1536-1155x770.jpg 1155w, https:\/\/www.supercars.net\/blog\/wp-content\/uploads\/2016\/03\/1064046-1536-370x247.jpg 370w, https:\/\/www.supercars.net\/blog\/wp-content\/uploads\/2016\/03\/1064046-1536-293x195.jpg 293w, https:\/\/www.supercars.net\/blog\/wp-content\/uploads\/2016\/03\/1064046-1536-1400x933.jpg 1400w\" sizes=\"(max-width: 1536px) 100vw, 1536px\" \/>\r\n\t\t\t\t<\/a>\r\n            <\/div>\r\n                <div class='wp-caption-text gallery-caption'>\r\n                Nick Leventis \/ Danny Watts \/ Jonny Kane Strakka Racing HPD ARX-03c Honda\r\n                <\/div><\/figure><figure class='gallery-item'>\r\n            <div class='gallery-icon landscape'>\r\n                <a href='https:\/\/www.supercars.net\/blog\/wp-content\/uploads\/2016\/03\/1064047-1536.jpg' class='tipi-lightbox'>\r\n\t\t\t\t<img decoding=\"async\" width=\"1536\" height=\"1024\" src=\"https:\/\/www.supercars.net\/blog\/wp-content\/uploads\/2016\/03\/1064047-1536.jpg\" class=\"attachment-full size-full\" alt=\"2013 6 Hours of Silverstone-1\" srcset=\"https:\/\/www.supercars.net\/blog\/wp-content\/uploads\/2016\/03\/1064047-1536.jpg 1536w, https:\/\/www.supercars.net\/blog\/wp-content\/uploads\/2016\/03\/1064047-1536-300x200.jpg 300w, https:\/\/www.supercars.net\/blog\/wp-content\/uploads\/2016\/03\/1064047-1536-1024x683.jpg 1024w, https:\/\/www.supercars.net\/blog\/wp-content\/uploads\/2016\/03\/1064047-1536-100x67.jpg 100w, https:\/\/www.supercars.net\/blog\/wp-content\/uploads\/2016\/03\/1064047-1536-770x513.jpg 770w, https:\/\/www.supercars.net\/blog\/wp-content\/uploads\/2016\/03\/1064047-1536-360x240.jpg 360w, https:\/\/www.supercars.net\/blog\/wp-content\/uploads\/2016\/03\/1064047-1536-1155x770.jpg 1155w, https:\/\/www.supercars.net\/blog\/wp-content\/uploads\/2016\/03\/1064047-1536-370x247.jpg 370w, https:\/\/www.supercars.net\/blog\/wp-content\/uploads\/2016\/03\/1064047-1536-293x195.jpg 293w, https:\/\/www.supercars.net\/blog\/wp-content\/uploads\/2016\/03\/1064047-1536-1400x933.jpg 1400w\" sizes=\"(max-width: 1536px) 100vw, 1536px\" \/>\r\n\t\t\t\t<\/a>\r\n            <\/div>\r\n                <div class='wp-caption-text gallery-caption'>\r\n                Nick Leventis \/ Danny Watts \/ Jonny Kane Strakka Racing HPD ARX-03c Honda\r\n                <\/div><\/figure><figure class='gallery-item'>\r\n            <div class='gallery-icon landscape'>\r\n                <a href='https:\/\/www.supercars.net\/blog\/wp-content\/uploads\/2016\/03\/1064048-1536.jpg' class='tipi-lightbox'>\r\n\t\t\t\t<img decoding=\"async\" width=\"1536\" height=\"1024\" src=\"https:\/\/www.supercars.net\/blog\/wp-content\/uploads\/2016\/03\/1064048-1536.jpg\" class=\"attachment-full size-full\" alt=\"2013 6 Hours of Silverstone-1\" srcset=\"https:\/\/www.supercars.net\/blog\/wp-content\/uploads\/2016\/03\/1064048-1536.jpg 1536w, https:\/\/www.supercars.net\/blog\/wp-content\/uploads\/2016\/03\/1064048-1536-300x200.jpg 300w, https:\/\/www.supercars.net\/blog\/wp-content\/uploads\/2016\/03\/1064048-1536-1024x683.jpg 1024w, https:\/\/www.supercars.net\/blog\/wp-content\/uploads\/2016\/03\/1064048-1536-100x67.jpg 100w, https:\/\/www.supercars.net\/blog\/wp-content\/uploads\/2016\/03\/1064048-1536-770x513.jpg 770w, https:\/\/www.supercars.net\/blog\/wp-content\/uploads\/2016\/03\/1064048-1536-360x240.jpg 360w, https:\/\/www.supercars.net\/blog\/wp-content\/uploads\/2016\/03\/1064048-1536-1155x770.jpg 1155w, https:\/\/www.supercars.net\/blog\/wp-content\/uploads\/2016\/03\/1064048-1536-370x247.jpg 370w, https:\/\/www.supercars.net\/blog\/wp-content\/uploads\/2016\/03\/1064048-1536-293x195.jpg 293w, https:\/\/www.supercars.net\/blog\/wp-content\/uploads\/2016\/03\/1064048-1536-1400x933.jpg 1400w\" sizes=\"(max-width: 1536px) 100vw, 1536px\" \/>\r\n\t\t\t\t<\/a>\r\n            <\/div>\r\n                <div class='wp-caption-text gallery-caption'>\r\n                Nick Leventis \/ Danny Watts \/ Jonny Kane Strakka Racing HPD ARX-03c Honda\r\n                <\/div><\/figure><figure class='gallery-item'>\r\n            <div class='gallery-icon landscape'>\r\n                <a href='https:\/\/www.supercars.net\/blog\/wp-content\/uploads\/2016\/03\/1064049-1536.jpg' class='tipi-lightbox'>\r\n\t\t\t\t<img decoding=\"async\" width=\"1536\" height=\"1024\" src=\"https:\/\/www.supercars.net\/blog\/wp-content\/uploads\/2016\/03\/1064049-1536.jpg\" class=\"attachment-full size-full\" alt=\"2013 6 Hours of Silverstone-1\" srcset=\"https:\/\/www.supercars.net\/blog\/wp-content\/uploads\/2016\/03\/1064049-1536.jpg 1536w, https:\/\/www.supercars.net\/blog\/wp-content\/uploads\/2016\/03\/1064049-1536-300x200.jpg 300w, https:\/\/www.supercars.net\/blog\/wp-content\/uploads\/2016\/03\/1064049-1536-1024x683.jpg 1024w, https:\/\/www.supercars.net\/blog\/wp-content\/uploads\/2016\/03\/1064049-1536-100x67.jpg 100w, https:\/\/www.supercars.net\/blog\/wp-content\/uploads\/2016\/03\/1064049-1536-770x513.jpg 770w, https:\/\/www.supercars.net\/blog\/wp-content\/uploads\/2016\/03\/1064049-1536-360x240.jpg 360w, https:\/\/www.supercars.net\/blog\/wp-content\/uploads\/2016\/03\/1064049-1536-1155x770.jpg 1155w, https:\/\/www.supercars.net\/blog\/wp-content\/uploads\/2016\/03\/1064049-1536-370x247.jpg 370w, https:\/\/www.supercars.net\/blog\/wp-content\/uploads\/2016\/03\/1064049-1536-293x195.jpg 293w, https:\/\/www.supercars.net\/blog\/wp-content\/uploads\/2016\/03\/1064049-1536-1400x933.jpg 1400w\" sizes=\"(max-width: 1536px) 100vw, 1536px\" \/>\r\n\t\t\t\t<\/a>\r\n            <\/div>\r\n                <div class='wp-caption-text gallery-caption'>\r\n                Audi leading car\r\n                <\/div><\/figure><figure class='gallery-item'>\r\n            <div class='gallery-icon landscape'>\r\n                <a href='https:\/\/www.supercars.net\/blog\/wp-content\/uploads\/2016\/03\/1064050-1536.jpg' class='tipi-lightbox'>\r\n\t\t\t\t<img decoding=\"async\" width=\"1536\" height=\"1024\" src=\"https:\/\/www.supercars.net\/blog\/wp-content\/uploads\/2016\/03\/1064050-1536.jpg\" class=\"attachment-full size-full\" alt=\"2013 6 Hours of Silverstone-1\" srcset=\"https:\/\/www.supercars.net\/blog\/wp-content\/uploads\/2016\/03\/1064050-1536.jpg 1536w, https:\/\/www.supercars.net\/blog\/wp-content\/uploads\/2016\/03\/1064050-1536-300x200.jpg 300w, https:\/\/www.supercars.net\/blog\/wp-content\/uploads\/2016\/03\/1064050-1536-1024x683.jpg 1024w, https:\/\/www.supercars.net\/blog\/wp-content\/uploads\/2016\/03\/1064050-1536-100x67.jpg 100w, https:\/\/www.supercars.net\/blog\/wp-content\/uploads\/2016\/03\/1064050-1536-770x513.jpg 770w, https:\/\/www.supercars.net\/blog\/wp-content\/uploads\/2016\/03\/1064050-1536-360x240.jpg 360w, https:\/\/www.supercars.net\/blog\/wp-content\/uploads\/2016\/03\/1064050-1536-1155x770.jpg 1155w, https:\/\/www.supercars.net\/blog\/wp-content\/uploads\/2016\/03\/1064050-1536-370x247.jpg 370w, https:\/\/www.supercars.net\/blog\/wp-content\/uploads\/2016\/03\/1064050-1536-293x195.jpg 293w, https:\/\/www.supercars.net\/blog\/wp-content\/uploads\/2016\/03\/1064050-1536-1400x933.jpg 1400w\" sizes=\"(max-width: 1536px) 100vw, 1536px\" \/>\r\n\t\t\t\t<\/a>\r\n            <\/div>\r\n                <div class='wp-caption-text gallery-caption'>\r\n                Audi race control car\r\n                <\/div><\/figure><figure class='gallery-item'>\r\n            <div class='gallery-icon landscape'>\r\n                <a href='https:\/\/www.supercars.net\/blog\/wp-content\/uploads\/2016\/03\/1064510-1536.jpg' class='tipi-lightbox'>\r\n\t\t\t\t<img decoding=\"async\" width=\"1536\" height=\"1024\" src=\"https:\/\/www.supercars.net\/blog\/wp-content\/uploads\/2016\/03\/1064510-1536.jpg\" class=\"attachment-full size-full\" alt=\"2013 6 Hours of Silverstone-1\" srcset=\"https:\/\/www.supercars.net\/blog\/wp-content\/uploads\/2016\/03\/1064510-1536.jpg 1536w, https:\/\/www.supercars.net\/blog\/wp-content\/uploads\/2016\/03\/1064510-1536-300x200.jpg 300w, https:\/\/www.supercars.net\/blog\/wp-content\/uploads\/2016\/03\/1064510-1536-1024x683.jpg 1024w, https:\/\/www.supercars.net\/blog\/wp-content\/uploads\/2016\/03\/1064510-1536-100x67.jpg 100w, https:\/\/www.supercars.net\/blog\/wp-content\/uploads\/2016\/03\/1064510-1536-770x513.jpg 770w, https:\/\/www.supercars.net\/blog\/wp-content\/uploads\/2016\/03\/1064510-1536-360x240.jpg 360w, https:\/\/www.supercars.net\/blog\/wp-content\/uploads\/2016\/03\/1064510-1536-1155x770.jpg 1155w, https:\/\/www.supercars.net\/blog\/wp-content\/uploads\/2016\/03\/1064510-1536-370x247.jpg 370w, https:\/\/www.supercars.net\/blog\/wp-content\/uploads\/2016\/03\/1064510-1536-293x195.jpg 293w, https:\/\/www.supercars.net\/blog\/wp-content\/uploads\/2016\/03\/1064510-1536-1400x933.jpg 1400w\" sizes=\"(max-width: 1536px) 100vw, 1536px\" \/>\r\n\t\t\t\t<\/a>\r\n            <\/div>\r\n                <div class='wp-caption-text gallery-caption'>\r\n                Team Lotus LMP2, WEC Round 1, 12.-14.04.2013,\nSilverstone\r\n                <\/div><\/figure><figure class='gallery-item'>\r\n            <div class='gallery-icon landscape'>\r\n                <a href='https:\/\/www.supercars.net\/blog\/wp-content\/uploads\/2016\/03\/1064511-1536.jpg' class='tipi-lightbox'>\r\n\t\t\t\t<img decoding=\"async\" width=\"1536\" height=\"1024\" src=\"https:\/\/www.supercars.net\/blog\/wp-content\/uploads\/2016\/03\/1064511-1536.jpg\" class=\"attachment-full size-full\" alt=\"2013 6 Hours of Silverstone-1\" srcset=\"https:\/\/www.supercars.net\/blog\/wp-content\/uploads\/2016\/03\/1064511-1536.jpg 1536w, https:\/\/www.supercars.net\/blog\/wp-content\/uploads\/2016\/03\/1064511-1536-300x200.jpg 300w, https:\/\/www.supercars.net\/blog\/wp-content\/uploads\/2016\/03\/1064511-1536-1024x683.jpg 1024w, https:\/\/www.supercars.net\/blog\/wp-content\/uploads\/2016\/03\/1064511-1536-100x67.jpg 100w, https:\/\/www.supercars.net\/blog\/wp-content\/uploads\/2016\/03\/1064511-1536-770x513.jpg 770w, https:\/\/www.supercars.net\/blog\/wp-content\/uploads\/2016\/03\/1064511-1536-360x240.jpg 360w, https:\/\/www.supercars.net\/blog\/wp-content\/uploads\/2016\/03\/1064511-1536-1155x770.jpg 1155w, https:\/\/www.supercars.net\/blog\/wp-content\/uploads\/2016\/03\/1064511-1536-370x247.jpg 370w, https:\/\/www.supercars.net\/blog\/wp-content\/uploads\/2016\/03\/1064511-1536-293x195.jpg 293w, https:\/\/www.supercars.net\/blog\/wp-content\/uploads\/2016\/03\/1064511-1536-1400x933.jpg 1400w\" sizes=\"(max-width: 1536px) 100vw, 1536px\" \/>\r\n\t\t\t\t<\/a>\r\n            <\/div>\r\n                <div class='wp-caption-text gallery-caption'>\r\n                Team Lotus LMP2, WEC Round 1, 12.-14.04.2013,\nSilverstone\r\n                <\/div><\/figure><figure class='gallery-item'>\r\n            <div class='gallery-icon landscape'>\r\n                <a href='https:\/\/www.supercars.net\/blog\/wp-content\/uploads\/2016\/03\/1064512-1536.jpg' class='tipi-lightbox'>\r\n\t\t\t\t<img decoding=\"async\" width=\"1536\" height=\"1024\" src=\"https:\/\/www.supercars.net\/blog\/wp-content\/uploads\/2016\/03\/1064512-1536.jpg\" class=\"attachment-full size-full\" alt=\"2013 6 Hours of Silverstone-1\" srcset=\"https:\/\/www.supercars.net\/blog\/wp-content\/uploads\/2016\/03\/1064512-1536.jpg 1536w, https:\/\/www.supercars.net\/blog\/wp-content\/uploads\/2016\/03\/1064512-1536-300x200.jpg 300w, https:\/\/www.supercars.net\/blog\/wp-content\/uploads\/2016\/03\/1064512-1536-1024x683.jpg 1024w, https:\/\/www.supercars.net\/blog\/wp-content\/uploads\/2016\/03\/1064512-1536-100x67.jpg 100w, https:\/\/www.supercars.net\/blog\/wp-content\/uploads\/2016\/03\/1064512-1536-770x513.jpg 770w, https:\/\/www.supercars.net\/blog\/wp-content\/uploads\/2016\/03\/1064512-1536-360x240.jpg 360w, https:\/\/www.supercars.net\/blog\/wp-content\/uploads\/2016\/03\/1064512-1536-1155x770.jpg 1155w, https:\/\/www.supercars.net\/blog\/wp-content\/uploads\/2016\/03\/1064512-1536-370x247.jpg 370w, https:\/\/www.supercars.net\/blog\/wp-content\/uploads\/2016\/03\/1064512-1536-293x195.jpg 293w, https:\/\/www.supercars.net\/blog\/wp-content\/uploads\/2016\/03\/1064512-1536-1400x933.jpg 1400w\" sizes=\"(max-width: 1536px) 100vw, 1536px\" \/>\r\n\t\t\t\t<\/a>\r\n            <\/div>\r\n                <div class='wp-caption-text gallery-caption'>\r\n                Team Lotus LMP2, WEC Round 1, 12.-14.04.2013,\nSilverstone\r\n                <\/div><\/figure><figure class='gallery-item'>\r\n            <div class='gallery-icon landscape'>\r\n                <a href='https:\/\/www.supercars.net\/blog\/wp-content\/uploads\/2016\/03\/1064513-1536.jpg' class='tipi-lightbox'>\r\n\t\t\t\t<img decoding=\"async\" width=\"1536\" height=\"1024\" src=\"https:\/\/www.supercars.net\/blog\/wp-content\/uploads\/2016\/03\/1064513-1536.jpg\" class=\"attachment-full size-full\" alt=\"2013 6 Hours of Silverstone-1\" srcset=\"https:\/\/www.supercars.net\/blog\/wp-content\/uploads\/2016\/03\/1064513-1536.jpg 1536w, https:\/\/www.supercars.net\/blog\/wp-content\/uploads\/2016\/03\/1064513-1536-300x200.jpg 300w, https:\/\/www.supercars.net\/blog\/wp-content\/uploads\/2016\/03\/1064513-1536-1024x683.jpg 1024w, https:\/\/www.supercars.net\/blog\/wp-content\/uploads\/2016\/03\/1064513-1536-100x67.jpg 100w, https:\/\/www.supercars.net\/blog\/wp-content\/uploads\/2016\/03\/1064513-1536-770x513.jpg 770w, https:\/\/www.supercars.net\/blog\/wp-content\/uploads\/2016\/03\/1064513-1536-360x240.jpg 360w, https:\/\/www.supercars.net\/blog\/wp-content\/uploads\/2016\/03\/1064513-1536-1155x770.jpg 1155w, https:\/\/www.supercars.net\/blog\/wp-content\/uploads\/2016\/03\/1064513-1536-370x247.jpg 370w, https:\/\/www.supercars.net\/blog\/wp-content\/uploads\/2016\/03\/1064513-1536-293x195.jpg 293w, https:\/\/www.supercars.net\/blog\/wp-content\/uploads\/2016\/03\/1064513-1536-1400x933.jpg 1400w\" sizes=\"(max-width: 1536px) 100vw, 1536px\" \/>\r\n\t\t\t\t<\/a>\r\n            <\/div>\r\n                <div class='wp-caption-text gallery-caption'>\r\n                Team Lotus LMP2, WEC Round 1, 12.-14.04.2013,\nSilverstone\r\n                <\/div><\/figure><figure class='gallery-item'>\r\n            <div class='gallery-icon landscape'>\r\n                <a href='https:\/\/www.supercars.net\/blog\/wp-content\/uploads\/2016\/03\/1067672-1536.jpg' class='tipi-lightbox'>\r\n\t\t\t\t<img decoding=\"async\" width=\"1536\" height=\"1024\" src=\"https:\/\/www.supercars.net\/blog\/wp-content\/uploads\/2016\/03\/1067672-1536.jpg\" class=\"attachment-full size-full\" alt=\"2013 6 Hours of Silverstone-1\" srcset=\"https:\/\/www.supercars.net\/blog\/wp-content\/uploads\/2016\/03\/1067672-1536.jpg 1536w, https:\/\/www.supercars.net\/blog\/wp-content\/uploads\/2016\/03\/1067672-1536-300x200.jpg 300w, https:\/\/www.supercars.net\/blog\/wp-content\/uploads\/2016\/03\/1067672-1536-1024x683.jpg 1024w, https:\/\/www.supercars.net\/blog\/wp-content\/uploads\/2016\/03\/1067672-1536-100x67.jpg 100w, https:\/\/www.supercars.net\/blog\/wp-content\/uploads\/2016\/03\/1067672-1536-770x513.jpg 770w, https:\/\/www.supercars.net\/blog\/wp-content\/uploads\/2016\/03\/1067672-1536-360x240.jpg 360w, https:\/\/www.supercars.net\/blog\/wp-content\/uploads\/2016\/03\/1067672-1536-1155x770.jpg 1155w, https:\/\/www.supercars.net\/blog\/wp-content\/uploads\/2016\/03\/1067672-1536-370x247.jpg 370w, https:\/\/www.supercars.net\/blog\/wp-content\/uploads\/2016\/03\/1067672-1536-293x195.jpg 293w, https:\/\/www.supercars.net\/blog\/wp-content\/uploads\/2016\/03\/1067672-1536-1400x933.jpg 1400w\" sizes=\"(max-width: 1536px) 100vw, 1536px\" \/>\r\n\t\t\t\t<\/a>\r\n            <\/div>\r\n                <div class='wp-caption-text gallery-caption'>\r\n                Aston Martin Racing.\n\nWorld Endurance Championship. \nRound One, Silverstone, UK. \n11th &#8211; 14th April 2013. \n\nPhoto: Drew Gibson\r\n                <\/div><\/figure><figure class='gallery-item'>\r\n            <div class='gallery-icon landscape'>\r\n                <a href='https:\/\/www.supercars.net\/blog\/wp-content\/uploads\/2016\/03\/1067673-1536.jpg' class='tipi-lightbox'>\r\n\t\t\t\t<img decoding=\"async\" width=\"1536\" height=\"1024\" src=\"https:\/\/www.supercars.net\/blog\/wp-content\/uploads\/2016\/03\/1067673-1536.jpg\" class=\"attachment-full size-full\" alt=\"2013 6 Hours of Silverstone-1\" srcset=\"https:\/\/www.supercars.net\/blog\/wp-content\/uploads\/2016\/03\/1067673-1536.jpg 1536w, https:\/\/www.supercars.net\/blog\/wp-content\/uploads\/2016\/03\/1067673-1536-300x200.jpg 300w, https:\/\/www.supercars.net\/blog\/wp-content\/uploads\/2016\/03\/1067673-1536-1024x683.jpg 1024w, https:\/\/www.supercars.net\/blog\/wp-content\/uploads\/2016\/03\/1067673-1536-100x67.jpg 100w, https:\/\/www.supercars.net\/blog\/wp-content\/uploads\/2016\/03\/1067673-1536-770x513.jpg 770w, https:\/\/www.supercars.net\/blog\/wp-content\/uploads\/2016\/03\/1067673-1536-360x240.jpg 360w, https:\/\/www.supercars.net\/blog\/wp-content\/uploads\/2016\/03\/1067673-1536-1155x770.jpg 1155w, https:\/\/www.supercars.net\/blog\/wp-content\/uploads\/2016\/03\/1067673-1536-370x247.jpg 370w, https:\/\/www.supercars.net\/blog\/wp-content\/uploads\/2016\/03\/1067673-1536-293x195.jpg 293w, https:\/\/www.supercars.net\/blog\/wp-content\/uploads\/2016\/03\/1067673-1536-1400x933.jpg 1400w\" sizes=\"(max-width: 1536px) 100vw, 1536px\" \/>\r\n\t\t\t\t<\/a>\r\n            <\/div>\r\n                <div class='wp-caption-text gallery-caption'>\r\n                Aston Martin Racing.\n\nWorld Endurance Championship. \nRound One, Silverstone, UK. \n11th &#8211; 14th April 2013. \n\nPhoto: Drew Gibson\r\n                <\/div><\/figure><figure class='gallery-item'>\r\n            <div class='gallery-icon landscape'>\r\n                <a href='https:\/\/www.supercars.net\/blog\/wp-content\/uploads\/2016\/03\/1067674-1536.jpg' class='tipi-lightbox'>\r\n\t\t\t\t<img decoding=\"async\" width=\"1536\" height=\"1024\" src=\"https:\/\/www.supercars.net\/blog\/wp-content\/uploads\/2016\/03\/1067674-1536.jpg\" class=\"attachment-full size-full\" alt=\"2013 6 Hours of Silverstone-1\" srcset=\"https:\/\/www.supercars.net\/blog\/wp-content\/uploads\/2016\/03\/1067674-1536.jpg 1536w, https:\/\/www.supercars.net\/blog\/wp-content\/uploads\/2016\/03\/1067674-1536-300x200.jpg 300w, https:\/\/www.supercars.net\/blog\/wp-content\/uploads\/2016\/03\/1067674-1536-1024x683.jpg 1024w, https:\/\/www.supercars.net\/blog\/wp-content\/uploads\/2016\/03\/1067674-1536-100x67.jpg 100w, https:\/\/www.supercars.net\/blog\/wp-content\/uploads\/2016\/03\/1067674-1536-770x513.jpg 770w, https:\/\/www.supercars.net\/blog\/wp-content\/uploads\/2016\/03\/1067674-1536-360x240.jpg 360w, https:\/\/www.supercars.net\/blog\/wp-content\/uploads\/2016\/03\/1067674-1536-1155x770.jpg 1155w, https:\/\/www.supercars.net\/blog\/wp-content\/uploads\/2016\/03\/1067674-1536-370x247.jpg 370w, https:\/\/www.supercars.net\/blog\/wp-content\/uploads\/2016\/03\/1067674-1536-293x195.jpg 293w, https:\/\/www.supercars.net\/blog\/wp-content\/uploads\/2016\/03\/1067674-1536-1400x933.jpg 1400w\" sizes=\"(max-width: 1536px) 100vw, 1536px\" \/>\r\n\t\t\t\t<\/a>\r\n            <\/div>\r\n                <div class='wp-caption-text gallery-caption'>\r\n                Aston Martin Racing.\n\nWorld Endurance Championship. \nRound One, Silverstone, UK. \n11th &#8211; 14th April 2013. \n\nPhoto: Drew Gibson\r\n                <\/div><\/figure>\n","protected":false},"excerpt":{"rendered":"<p>Held 14th April at the Silverstone Circuit in England. Won by the #2 Audi R18 e-tron quattro of Tom Kristensen, Lo\u00efc Duval, Allan McNish. GT honors went to the Aston Martin Vantage V8 of Darren Turner, Stefan Mucke and Bruno Senna. Main photos by Alexandre Guillamot.<\/p>\n","protected":false},"author":2,"featured_media":163901,"comment_status":"open","ping_status":"closed","sticky":false,"template":"","format":"standard","meta":{"footnotes":""},"categories":[261,255,16918],"tags":[548,18575,17225,13104,18151],"class_list":["post-125784","post","type-post","status-publish","format-standard","has-post-thumbnail","hentry","category-motorsport-racing","category-news","category-races","tag-motorsport","tag-race-6-hours-of-silverstone","tag-race-recap","tag-silverstone-circuit","tag-racing-news"],"yoast_head":"<!-- This site is optimized with the Yoast SEO plugin v27.4 - https:\/\/yoast.com\/product\/yoast-seo-wordpress\/ -->\n<title>2013 6 Hours of Silverstone-1<\/title>\n<meta name=\"robots\" content=\"index, follow, max-snippet:-1, max-image-preview:large, max-video-preview:-1\" \/>\n<link rel=\"canonical\" href=\"https:\/\/www.supercars.net\/blog\/2013-6-hours-of-silverstone-1\/\" \/>\n<meta property=\"og:locale\" content=\"en_US\" \/>\n<meta property=\"og:type\" content=\"article\" \/>\n<meta property=\"og:title\" content=\"2013 6 Hours of Silverstone-1\" \/>\n<meta property=\"og:description\" content=\"Held 14th April at the Silverstone Circuit in England. Won by the #2 Audi R18 e-tron quattro of Tom Kristensen, Lo\u00efc Duval, Allan McNish. GT honors went to the Aston Martin Vantage V8 of Darren Turner, Stefan Mucke and Bruno Senna. Main photos by Alexandre Guillamot.\" \/>\n<meta property=\"og:url\" content=\"https:\/\/www.supercars.net\/blog\/2013-6-hours-of-silverstone-1\/\" \/>\n<meta property=\"og:site_name\" content=\"Supercars.net\" \/>\n<meta property=\"article:publisher\" content=\"https:\/\/www.facebook.com\/Supercars.net\/\" \/>\n<meta property=\"article:author\" content=\"https:\/\/www.facebook.com\/Supercars.net\/\" \/>\n<meta property=\"article:published_time\" content=\"2016-03-16T08:10:53+00:00\" \/>\n<meta property=\"article:modified_time\" content=\"2024-01-11T19:29:53+00:00\" \/>\n<meta property=\"og:image\" content=\"https:\/\/www.supercars.net\/blog\/wp-content\/uploads\/2016\/03\/1063971-1024.jpg\" \/>\n\t<meta property=\"og:image:width\" content=\"1024\" \/>\n\t<meta property=\"og:image:height\" content=\"683\" \/>\n\t<meta property=\"og:image:type\" content=\"image\/jpeg\" \/>\n<meta name=\"author\" content=\"Editorial Team\" \/>\n<meta name=\"twitter:card\" content=\"summary_large_image\" \/>\n<meta name=\"twitter:creator\" content=\"@https:\/\/twitter.com\/supercars_net\" \/>\n<meta name=\"twitter:site\" content=\"@supercars_net\" \/>\n<meta name=\"twitter:label1\" content=\"Written by\" \/>\n\t<meta name=\"twitter:data1\" content=\"Editorial Team\" \/>\n<script type=\"application\/ld+json\" class=\"yoast-schema-graph\">{\"@context\":\"https:\\\/\\\/schema.org\",\"@graph\":[{\"@type\":\"Article\",\"@id\":\"https:\\\/\\\/www.supercars.net\\\/blog\\\/2013-6-hours-of-silverstone-1\\\/#article\",\"isPartOf\":{\"@id\":\"https:\\\/\\\/www.supercars.net\\\/blog\\\/2013-6-hours-of-silverstone-1\\\/\"},\"author\":{\"name\":\"Editorial Team\",\"@id\":\"https:\\\/\\\/www.supercars.net\\\/blog\\\/#\\\/schema\\\/person\\\/08906293a84eafb03312b711c1507c7e\"},\"headline\":\"2013 6 Hours of Silverstone-1\",\"datePublished\":\"2016-03-16T08:10:53+00:00\",\"dateModified\":\"2024-01-11T19:29:53+00:00\",\"mainEntityOfPage\":{\"@id\":\"https:\\\/\\\/www.supercars.net\\\/blog\\\/2013-6-hours-of-silverstone-1\\\/\"},\"wordCount\":53,\"commentCount\":0,\"image\":{\"@id\":\"https:\\\/\\\/www.supercars.net\\\/blog\\\/2013-6-hours-of-silverstone-1\\\/#primaryimage\"},\"thumbnailUrl\":\"https:\\\/\\\/www.supercars.net\\\/blog\\\/wp-content\\\/uploads\\\/2016\\\/03\\\/1063971-1024.jpg\",\"keywords\":[\"Motorsport &amp; Racing\",\"Race (6 Hours of Silverstone)\",\"Race Recap\",\"Racetrack (Silverstone Circuit)\",\"Racing News\"],\"articleSection\":[\"Motorsport &amp; Racing\",\"News\",\"Race Recap\"],\"inLanguage\":\"en-US\",\"potentialAction\":[{\"@type\":\"CommentAction\",\"name\":\"Comment\",\"target\":[\"https:\\\/\\\/www.supercars.net\\\/blog\\\/2013-6-hours-of-silverstone-1\\\/#respond\"]}]},{\"@type\":\"WebPage\",\"@id\":\"https:\\\/\\\/www.supercars.net\\\/blog\\\/2013-6-hours-of-silverstone-1\\\/\",\"url\":\"https:\\\/\\\/www.supercars.net\\\/blog\\\/2013-6-hours-of-silverstone-1\\\/\",\"name\":\"2013 6 Hours of Silverstone-1\",\"isPartOf\":{\"@id\":\"https:\\\/\\\/www.supercars.net\\\/blog\\\/#website\"},\"primaryImageOfPage\":{\"@id\":\"https:\\\/\\\/www.supercars.net\\\/blog\\\/2013-6-hours-of-silverstone-1\\\/#primaryimage\"},\"image\":{\"@id\":\"https:\\\/\\\/www.supercars.net\\\/blog\\\/2013-6-hours-of-silverstone-1\\\/#primaryimage\"},\"thumbnailUrl\":\"https:\\\/\\\/www.supercars.net\\\/blog\\\/wp-content\\\/uploads\\\/2016\\\/03\\\/1063971-1024.jpg\",\"datePublished\":\"2016-03-16T08:10:53+00:00\",\"dateModified\":\"2024-01-11T19:29:53+00:00\",\"author\":{\"@id\":\"https:\\\/\\\/www.supercars.net\\\/blog\\\/#\\\/schema\\\/person\\\/08906293a84eafb03312b711c1507c7e\"},\"breadcrumb\":{\"@id\":\"https:\\\/\\\/www.supercars.net\\\/blog\\\/2013-6-hours-of-silverstone-1\\\/#breadcrumb\"},\"inLanguage\":\"en-US\",\"potentialAction\":[{\"@type\":\"ReadAction\",\"target\":[\"https:\\\/\\\/www.supercars.net\\\/blog\\\/2013-6-hours-of-silverstone-1\\\/\"]}]},{\"@type\":\"ImageObject\",\"inLanguage\":\"en-US\",\"@id\":\"https:\\\/\\\/www.supercars.net\\\/blog\\\/2013-6-hours-of-silverstone-1\\\/#primaryimage\",\"url\":\"https:\\\/\\\/www.supercars.net\\\/blog\\\/wp-content\\\/uploads\\\/2016\\\/03\\\/1063971-1024.jpg\",\"contentUrl\":\"https:\\\/\\\/www.supercars.net\\\/blog\\\/wp-content\\\/uploads\\\/2016\\\/03\\\/1063971-1024.jpg\",\"width\":1024,\"height\":683,\"caption\":\"The podium (L to R): Marcel Fassler (SUI) \\\/ Andre Lotterer (GER) \\\/ Benoit Treluyer (FRA) Audi Sport Team Joest, Audi R18 e-tron quattro second; Tom Kristensen (DEN) \\\/ Loic Duval (FRA) \\\/ Allan McNish (GBR) Audi Sport Team Joest, Audi R18 e-tron quattro, race winners; Anthony Davidson (GBR) \\\/ Sebastien Buemi (SUI) \\\/ Stephane Sarrazin (FRA) Toyota Racing, Toyota TS030, Hybrid, third. FIA World Endurance Championship, Round 1, Sunday 14 April 2013. Silverstone, England.\"},{\"@type\":\"BreadcrumbList\",\"@id\":\"https:\\\/\\\/www.supercars.net\\\/blog\\\/2013-6-hours-of-silverstone-1\\\/#breadcrumb\",\"itemListElement\":[{\"@type\":\"ListItem\",\"position\":1,\"name\":\"Home\",\"item\":\"https:\\\/\\\/www.supercars.net\\\/blog\\\/\"},{\"@type\":\"ListItem\",\"position\":2,\"name\":\"2013 6 Hours of Silverstone-1\"}]},{\"@type\":\"WebSite\",\"@id\":\"https:\\\/\\\/www.supercars.net\\\/blog\\\/#website\",\"url\":\"https:\\\/\\\/www.supercars.net\\\/blog\\\/\",\"name\":\"Supercars.net\",\"description\":\"Exotic and Supercar news, information, pictures and videos\",\"potentialAction\":[{\"@type\":\"SearchAction\",\"target\":{\"@type\":\"EntryPoint\",\"urlTemplate\":\"https:\\\/\\\/www.supercars.net\\\/blog\\\/?s={search_term_string}\"},\"query-input\":{\"@type\":\"PropertyValueSpecification\",\"valueRequired\":true,\"valueName\":\"search_term_string\"}}],\"inLanguage\":\"en-US\"},{\"@type\":\"Person\",\"@id\":\"https:\\\/\\\/www.supercars.net\\\/blog\\\/#\\\/schema\\\/person\\\/08906293a84eafb03312b711c1507c7e\",\"name\":\"Editorial Team\",\"image\":{\"@type\":\"ImageObject\",\"inLanguage\":\"en-US\",\"@id\":\"https:\\\/\\\/www.supercars.net\\\/blog\\\/wp-content\\\/uploads\\\/2012\\\/01\\\/196-293x293.jpg\",\"url\":\"https:\\\/\\\/www.supercars.net\\\/blog\\\/wp-content\\\/uploads\\\/2012\\\/01\\\/196-293x293.jpg\",\"contentUrl\":\"https:\\\/\\\/www.supercars.net\\\/blog\\\/wp-content\\\/uploads\\\/2012\\\/01\\\/196-293x293.jpg\",\"caption\":\"Editorial Team\"},\"description\":\"Regular people by day, car obsessed nutcases by night. We are like kids in a candy store, except the candy is made of metal, goes vroom-vroom, and occasionally bankrupts us faster than a sugar rush at a candy store sale! We spend hours debating the merits of turbochargers versus superchargers, and our weekends are a never-ending quest for the perfect polish and wax combo. We can identify every make and model by the sound of a revving engine, and our idea of a romantic evening is a candlelit dinner with our cars in the garage.\",\"sameAs\":[\"http:\\\/\\\/www.supercars.net\",\"https:\\\/\\\/www.facebook.com\\\/Supercars.net\\\/\",\"https:\\\/\\\/instagram.com\\\/super.cars.fans\",\"https:\\\/\\\/x.com\\\/https:\\\/\\\/twitter.com\\\/supercars_net\"],\"url\":\"https:\\\/\\\/www.supercars.net\\\/blog\\\/author\\\/supercars\\\/\"}]}<\/script>\n<!-- \/ Yoast SEO plugin. -->","yoast_head_json":{"title":"2013 6 Hours of Silverstone-1","robots":{"index":"index","follow":"follow","max-snippet":"max-snippet:-1","max-image-preview":"max-image-preview:large","max-video-preview":"max-video-preview:-1"},"canonical":"https:\/\/www.supercars.net\/blog\/2013-6-hours-of-silverstone-1\/","og_locale":"en_US","og_type":"article","og_title":"2013 6 Hours of Silverstone-1","og_description":"Held 14th April at the Silverstone Circuit in England. Won by the #2 Audi R18 e-tron quattro of Tom Kristensen, Lo\u00efc Duval, Allan McNish. GT honors went to the Aston Martin Vantage V8 of Darren Turner, Stefan Mucke and Bruno Senna. Main photos by Alexandre Guillamot.","og_url":"https:\/\/www.supercars.net\/blog\/2013-6-hours-of-silverstone-1\/","og_site_name":"Supercars.net","article_publisher":"https:\/\/www.facebook.com\/Supercars.net\/","article_author":"https:\/\/www.facebook.com\/Supercars.net\/","article_published_time":"2016-03-16T08:10:53+00:00","article_modified_time":"2024-01-11T19:29:53+00:00","og_image":[{"width":1024,"height":683,"url":"https:\/\/www.supercars.net\/blog\/wp-content\/uploads\/2016\/03\/1063971-1024.jpg","type":"image\/jpeg"}],"author":"Editorial Team","twitter_card":"summary_large_image","twitter_creator":"@https:\/\/twitter.com\/supercars_net","twitter_site":"@supercars_net","twitter_misc":{"Written by":"Editorial Team"},"schema":{"@context":"https:\/\/schema.org","@graph":[{"@type":"Article","@id":"https:\/\/www.supercars.net\/blog\/2013-6-hours-of-silverstone-1\/#article","isPartOf":{"@id":"https:\/\/www.supercars.net\/blog\/2013-6-hours-of-silverstone-1\/"},"author":{"name":"Editorial Team","@id":"https:\/\/www.supercars.net\/blog\/#\/schema\/person\/08906293a84eafb03312b711c1507c7e"},"headline":"2013 6 Hours of Silverstone-1","datePublished":"2016-03-16T08:10:53+00:00","dateModified":"2024-01-11T19:29:53+00:00","mainEntityOfPage":{"@id":"https:\/\/www.supercars.net\/blog\/2013-6-hours-of-silverstone-1\/"},"wordCount":53,"commentCount":0,"image":{"@id":"https:\/\/www.supercars.net\/blog\/2013-6-hours-of-silverstone-1\/#primaryimage"},"thumbnailUrl":"https:\/\/www.supercars.net\/blog\/wp-content\/uploads\/2016\/03\/1063971-1024.jpg","keywords":["Motorsport &amp; Racing","Race (6 Hours of Silverstone)","Race Recap","Racetrack (Silverstone Circuit)","Racing News"],"articleSection":["Motorsport &amp; Racing","News","Race Recap"],"inLanguage":"en-US","potentialAction":[{"@type":"CommentAction","name":"Comment","target":["https:\/\/www.supercars.net\/blog\/2013-6-hours-of-silverstone-1\/#respond"]}]},{"@type":"WebPage","@id":"https:\/\/www.supercars.net\/blog\/2013-6-hours-of-silverstone-1\/","url":"https:\/\/www.supercars.net\/blog\/2013-6-hours-of-silverstone-1\/","name":"2013 6 Hours of Silverstone-1","isPartOf":{"@id":"https:\/\/www.supercars.net\/blog\/#website"},"primaryImageOfPage":{"@id":"https:\/\/www.supercars.net\/blog\/2013-6-hours-of-silverstone-1\/#primaryimage"},"image":{"@id":"https:\/\/www.supercars.net\/blog\/2013-6-hours-of-silverstone-1\/#primaryimage"},"thumbnailUrl":"https:\/\/www.supercars.net\/blog\/wp-content\/uploads\/2016\/03\/1063971-1024.jpg","datePublished":"2016-03-16T08:10:53+00:00","dateModified":"2024-01-11T19:29:53+00:00","author":{"@id":"https:\/\/www.supercars.net\/blog\/#\/schema\/person\/08906293a84eafb03312b711c1507c7e"},"breadcrumb":{"@id":"https:\/\/www.supercars.net\/blog\/2013-6-hours-of-silverstone-1\/#breadcrumb"},"inLanguage":"en-US","potentialAction":[{"@type":"ReadAction","target":["https:\/\/www.supercars.net\/blog\/2013-6-hours-of-silverstone-1\/"]}]},{"@type":"ImageObject","inLanguage":"en-US","@id":"https:\/\/www.supercars.net\/blog\/2013-6-hours-of-silverstone-1\/#primaryimage","url":"https:\/\/www.supercars.net\/blog\/wp-content\/uploads\/2016\/03\/1063971-1024.jpg","contentUrl":"https:\/\/www.supercars.net\/blog\/wp-content\/uploads\/2016\/03\/1063971-1024.jpg","width":1024,"height":683,"caption":"The podium (L to R): Marcel Fassler (SUI) \/ Andre Lotterer (GER) \/ Benoit Treluyer (FRA) Audi Sport Team Joest, Audi R18 e-tron quattro second; Tom Kristensen (DEN) \/ Loic Duval (FRA) \/ Allan McNish (GBR) Audi Sport Team Joest, Audi R18 e-tron quattro, race winners; Anthony Davidson (GBR) \/ Sebastien Buemi (SUI) \/ Stephane Sarrazin (FRA) Toyota Racing, Toyota TS030, Hybrid, third. FIA World Endurance Championship, Round 1, Sunday 14 April 2013. Silverstone, England."},{"@type":"BreadcrumbList","@id":"https:\/\/www.supercars.net\/blog\/2013-6-hours-of-silverstone-1\/#breadcrumb","itemListElement":[{"@type":"ListItem","position":1,"name":"Home","item":"https:\/\/www.supercars.net\/blog\/"},{"@type":"ListItem","position":2,"name":"2013 6 Hours of Silverstone-1"}]},{"@type":"WebSite","@id":"https:\/\/www.supercars.net\/blog\/#website","url":"https:\/\/www.supercars.net\/blog\/","name":"Supercars.net","description":"Exotic and Supercar news, information, pictures and videos","potentialAction":[{"@type":"SearchAction","target":{"@type":"EntryPoint","urlTemplate":"https:\/\/www.supercars.net\/blog\/?s={search_term_string}"},"query-input":{"@type":"PropertyValueSpecification","valueRequired":true,"valueName":"search_term_string"}}],"inLanguage":"en-US"},{"@type":"Person","@id":"https:\/\/www.supercars.net\/blog\/#\/schema\/person\/08906293a84eafb03312b711c1507c7e","name":"Editorial Team","image":{"@type":"ImageObject","inLanguage":"en-US","@id":"https:\/\/www.supercars.net\/blog\/wp-content\/uploads\/2012\/01\/196-293x293.jpg","url":"https:\/\/www.supercars.net\/blog\/wp-content\/uploads\/2012\/01\/196-293x293.jpg","contentUrl":"https:\/\/www.supercars.net\/blog\/wp-content\/uploads\/2012\/01\/196-293x293.jpg","caption":"Editorial Team"},"description":"Regular people by day, car obsessed nutcases by night. We are like kids in a candy store, except the candy is made of metal, goes vroom-vroom, and occasionally bankrupts us faster than a sugar rush at a candy store sale! We spend hours debating the merits of turbochargers versus superchargers, and our weekends are a never-ending quest for the perfect polish and wax combo. We can identify every make and model by the sound of a revving engine, and our idea of a romantic evening is a candlelit dinner with our cars in the garage.","sameAs":["http:\/\/www.supercars.net","https:\/\/www.facebook.com\/Supercars.net\/","https:\/\/instagram.com\/super.cars.fans","https:\/\/x.com\/https:\/\/twitter.com\/supercars_net"],"url":"https:\/\/www.supercars.net\/blog\/author\/supercars\/"}]}},"_links":{"self":[{"href":"https:\/\/www.supercars.net\/blog\/wp-json\/wp\/v2\/posts\/125784","targetHints":{"allow":["GET"]}}],"collection":[{"href":"https:\/\/www.supercars.net\/blog\/wp-json\/wp\/v2\/posts"}],"about":[{"href":"https:\/\/www.supercars.net\/blog\/wp-json\/wp\/v2\/types\/post"}],"author":[{"embeddable":true,"href":"https:\/\/www.supercars.net\/blog\/wp-json\/wp\/v2\/users\/2"}],"replies":[{"embeddable":true,"href":"https:\/\/www.supercars.net\/blog\/wp-json\/wp\/v2\/comments?post=125784"}],"version-history":[{"count":0,"href":"https:\/\/www.supercars.net\/blog\/wp-json\/wp\/v2\/posts\/125784\/revisions"}],"wp:featuredmedia":[{"embeddable":true,"href":"https:\/\/www.supercars.net\/blog\/wp-json\/wp\/v2\/media\/163901"}],"wp:attachment":[{"href":"https:\/\/www.supercars.net\/blog\/wp-json\/wp\/v2\/media?parent=125784"}],"wp:term":[{"taxonomy":"category","embeddable":true,"href":"https:\/\/www.supercars.net\/blog\/wp-json\/wp\/v2\/categories?post=125784"},{"taxonomy":"post_tag","embeddable":true,"href":"https:\/\/www.supercars.net\/blog\/wp-json\/wp\/v2\/tags?post=125784"}],"curies":[{"name":"wp","href":"https:\/\/api.w.org\/{rel}","templated":true}]}}