{"id":126784,"date":"2016-03-16T08:22:57","date_gmt":"2016-03-16T08:22:57","guid":{"rendered":"http:\/\/blog.supercars.net\/blog\/?p=126784"},"modified":"2024-01-11T19:29:53","modified_gmt":"2024-01-11T19:29:53","slug":"2013-wec-6-hours-of-spa-francorchamps","status":"publish","type":"post","link":"https:\/\/www.supercars.net\/blog\/2013-wec-6-hours-of-spa-francorchamps\/","title":{"rendered":"2013 WEC 6-Hours of Spa-Francorchamps"},"content":{"rendered":"<p>Held Saturday May 4th at the Circuit de Spa-Francorchamps in Spa, Belgium. 2nd round of the FIA World Endurance Championship. Won outright by the Audi R18 e-tron quattro of Andr\u00e9 LOTTERER, Benoit TR\u00c9LUYER, Marcel F\u00c4SSLER.<\/p>\n<figure class='gallery-item'>\r\n            <div class='gallery-icon landscape'>\r\n                <a href='https:\/\/www.supercars.net\/blog\/wp-content\/uploads\/2016\/03\/1064907-2048.jpg' class='tipi-lightbox'>\r\n\t\t\t\t<img decoding=\"async\" width=\"2048\" height=\"1367\" src=\"https:\/\/www.supercars.net\/blog\/wp-content\/uploads\/2016\/03\/1064907-2048.jpg\" class=\"attachment-full size-full\" alt=\"2013 WEC 6-Hours of Spa-Francorchamps\" srcset=\"https:\/\/www.supercars.net\/blog\/wp-content\/uploads\/2016\/03\/1064907-2048.jpg 2048w, https:\/\/www.supercars.net\/blog\/wp-content\/uploads\/2016\/03\/1064907-2048-300x200.jpg 300w, https:\/\/www.supercars.net\/blog\/wp-content\/uploads\/2016\/03\/1064907-2048-1024x684.jpg 1024w, https:\/\/www.supercars.net\/blog\/wp-content\/uploads\/2016\/03\/1064907-2048-100x67.jpg 100w, https:\/\/www.supercars.net\/blog\/wp-content\/uploads\/2016\/03\/1064907-2048-770x514.jpg 770w, https:\/\/www.supercars.net\/blog\/wp-content\/uploads\/2016\/03\/1064907-2048-1536x1025.jpg 1536w, https:\/\/www.supercars.net\/blog\/wp-content\/uploads\/2016\/03\/1064907-2048-360x240.jpg 360w, https:\/\/www.supercars.net\/blog\/wp-content\/uploads\/2016\/03\/1064907-2048-1155x770.jpg 1155w, https:\/\/www.supercars.net\/blog\/wp-content\/uploads\/2016\/03\/1064907-2048-370x247.jpg 370w, https:\/\/www.supercars.net\/blog\/wp-content\/uploads\/2016\/03\/1064907-2048-293x196.jpg 293w, https:\/\/www.supercars.net\/blog\/wp-content\/uploads\/2016\/03\/1064907-2048-1400x934.jpg 1400w\" sizes=\"(max-width: 2048px) 100vw, 2048px\" \/>\r\n\t\t\t\t<\/a>\r\n            <\/div>\r\n                <div class='wp-caption-text gallery-caption'>\r\n                Start\r\n                <\/div><\/figure><figure class='gallery-item'>\r\n            <div class='gallery-icon landscape'>\r\n                <a href='https:\/\/www.supercars.net\/blog\/wp-content\/uploads\/2016\/03\/1064908-2048.jpg' class='tipi-lightbox'>\r\n\t\t\t\t<img decoding=\"async\" width=\"2048\" height=\"1369\" src=\"https:\/\/www.supercars.net\/blog\/wp-content\/uploads\/2016\/03\/1064908-2048.jpg\" class=\"attachment-full size-full\" alt=\"2013 WEC 6-Hours of Spa-Francorchamps\" srcset=\"https:\/\/www.supercars.net\/blog\/wp-content\/uploads\/2016\/03\/1064908-2048.jpg 2048w, https:\/\/www.supercars.net\/blog\/wp-content\/uploads\/2016\/03\/1064908-2048-300x201.jpg 300w, https:\/\/www.supercars.net\/blog\/wp-content\/uploads\/2016\/03\/1064908-2048-1024x685.jpg 1024w, https:\/\/www.supercars.net\/blog\/wp-content\/uploads\/2016\/03\/1064908-2048-100x67.jpg 100w, https:\/\/www.supercars.net\/blog\/wp-content\/uploads\/2016\/03\/1064908-2048-770x515.jpg 770w, https:\/\/www.supercars.net\/blog\/wp-content\/uploads\/2016\/03\/1064908-2048-1536x1027.jpg 1536w, https:\/\/www.supercars.net\/blog\/wp-content\/uploads\/2016\/03\/1064908-2048-360x240.jpg 360w, https:\/\/www.supercars.net\/blog\/wp-content\/uploads\/2016\/03\/1064908-2048-370x247.jpg 370w, https:\/\/www.supercars.net\/blog\/wp-content\/uploads\/2016\/03\/1064908-2048-293x196.jpg 293w, https:\/\/www.supercars.net\/blog\/wp-content\/uploads\/2016\/03\/1064908-2048-1400x936.jpg 1400w\" sizes=\"(max-width: 2048px) 100vw, 2048px\" \/>\r\n\t\t\t\t<\/a>\r\n            <\/div>\r\n                <div class='wp-caption-text gallery-caption'>\r\n                Podium\r\n                <\/div><\/figure><figure class='gallery-item'>\r\n            <div class='gallery-icon landscape'>\r\n                <a href='https:\/\/www.supercars.net\/blog\/wp-content\/uploads\/2016\/03\/1064909-2048.jpg' class='tipi-lightbox'>\r\n\t\t\t\t<img decoding=\"async\" width=\"2048\" height=\"1367\" src=\"https:\/\/www.supercars.net\/blog\/wp-content\/uploads\/2016\/03\/1064909-2048.jpg\" class=\"attachment-full size-full\" alt=\"2013 WEC 6-Hours of Spa-Francorchamps\" srcset=\"https:\/\/www.supercars.net\/blog\/wp-content\/uploads\/2016\/03\/1064909-2048.jpg 2048w, https:\/\/www.supercars.net\/blog\/wp-content\/uploads\/2016\/03\/1064909-2048-300x200.jpg 300w, https:\/\/www.supercars.net\/blog\/wp-content\/uploads\/2016\/03\/1064909-2048-1024x684.jpg 1024w, https:\/\/www.supercars.net\/blog\/wp-content\/uploads\/2016\/03\/1064909-2048-100x67.jpg 100w, https:\/\/www.supercars.net\/blog\/wp-content\/uploads\/2016\/03\/1064909-2048-770x514.jpg 770w, https:\/\/www.supercars.net\/blog\/wp-content\/uploads\/2016\/03\/1064909-2048-1536x1025.jpg 1536w, https:\/\/www.supercars.net\/blog\/wp-content\/uploads\/2016\/03\/1064909-2048-360x240.jpg 360w, https:\/\/www.supercars.net\/blog\/wp-content\/uploads\/2016\/03\/1064909-2048-1155x770.jpg 1155w, https:\/\/www.supercars.net\/blog\/wp-content\/uploads\/2016\/03\/1064909-2048-370x247.jpg 370w, https:\/\/www.supercars.net\/blog\/wp-content\/uploads\/2016\/03\/1064909-2048-293x196.jpg 293w, https:\/\/www.supercars.net\/blog\/wp-content\/uploads\/2016\/03\/1064909-2048-1400x934.jpg 1400w\" sizes=\"(max-width: 2048px) 100vw, 2048px\" \/>\r\n\t\t\t\t<\/a>\r\n            <\/div>\r\n                <div class='wp-caption-text gallery-caption'>\r\n                Audi R18 e-tron quattro #3 (Audi Sport Team Joest), \nLucas di Grassi (BR), Marc Gen\u00e9 (E), Oliver Jarvis (GB)\r\n                <\/div><\/figure><figure class='gallery-item'>\r\n            <div class='gallery-icon landscape'>\r\n                <a href='https:\/\/www.supercars.net\/blog\/wp-content\/uploads\/2016\/03\/1064910-2048.jpg' class='tipi-lightbox'>\r\n\t\t\t\t<img decoding=\"async\" width=\"2048\" height=\"1366\" src=\"https:\/\/www.supercars.net\/blog\/wp-content\/uploads\/2016\/03\/1064910-2048.jpg\" class=\"attachment-full size-full\" alt=\"\" srcset=\"https:\/\/www.supercars.net\/blog\/wp-content\/uploads\/2016\/03\/1064910-2048.jpg 2048w, https:\/\/www.supercars.net\/blog\/wp-content\/uploads\/2016\/03\/1064910-2048-300x200.jpg 300w, https:\/\/www.supercars.net\/blog\/wp-content\/uploads\/2016\/03\/1064910-2048-1024x683.jpg 1024w, https:\/\/www.supercars.net\/blog\/wp-content\/uploads\/2016\/03\/1064910-2048-100x67.jpg 100w, https:\/\/www.supercars.net\/blog\/wp-content\/uploads\/2016\/03\/1064910-2048-770x514.jpg 770w, https:\/\/www.supercars.net\/blog\/wp-content\/uploads\/2016\/03\/1064910-2048-1536x1025.jpg 1536w, https:\/\/www.supercars.net\/blog\/wp-content\/uploads\/2016\/03\/1064910-2048-360x240.jpg 360w, https:\/\/www.supercars.net\/blog\/wp-content\/uploads\/2016\/03\/1064910-2048-1155x770.jpg 1155w, https:\/\/www.supercars.net\/blog\/wp-content\/uploads\/2016\/03\/1064910-2048-370x247.jpg 370w, https:\/\/www.supercars.net\/blog\/wp-content\/uploads\/2016\/03\/1064910-2048-293x195.jpg 293w, https:\/\/www.supercars.net\/blog\/wp-content\/uploads\/2016\/03\/1064910-2048-1400x934.jpg 1400w\" sizes=\"(max-width: 2048px) 100vw, 2048px\" \/>\r\n\t\t\t\t<\/a>\r\n            <\/div>\r\n                <div class='wp-caption-text gallery-caption'>\r\n                Audi R18 e-tron quattro #3 (Audi Sport Team Joest), \nLucas di Grassi (BR), Marc Gen\u00e9 (E), Oliver Jarvis (GB)\r\n                <\/div><\/figure><figure class='gallery-item'>\r\n            <div class='gallery-icon landscape'>\r\n                <a href='https:\/\/www.supercars.net\/blog\/wp-content\/uploads\/2016\/03\/1064911-2048.jpg' class='tipi-lightbox'>\r\n\t\t\t\t<img decoding=\"async\" width=\"2048\" height=\"1365\" src=\"https:\/\/www.supercars.net\/blog\/wp-content\/uploads\/2016\/03\/1064911-2048.jpg\" class=\"attachment-full size-full\" alt=\"2013 WEC 6-Hours of Spa-Francorchamps\" srcset=\"https:\/\/www.supercars.net\/blog\/wp-content\/uploads\/2016\/03\/1064911-2048.jpg 2048w, https:\/\/www.supercars.net\/blog\/wp-content\/uploads\/2016\/03\/1064911-2048-300x200.jpg 300w, https:\/\/www.supercars.net\/blog\/wp-content\/uploads\/2016\/03\/1064911-2048-1024x683.jpg 1024w, https:\/\/www.supercars.net\/blog\/wp-content\/uploads\/2016\/03\/1064911-2048-100x67.jpg 100w, https:\/\/www.supercars.net\/blog\/wp-content\/uploads\/2016\/03\/1064911-2048-770x513.jpg 770w, https:\/\/www.supercars.net\/blog\/wp-content\/uploads\/2016\/03\/1064911-2048-1536x1024.jpg 1536w, https:\/\/www.supercars.net\/blog\/wp-content\/uploads\/2016\/03\/1064911-2048-360x240.jpg 360w, https:\/\/www.supercars.net\/blog\/wp-content\/uploads\/2016\/03\/1064911-2048-1155x770.jpg 1155w, https:\/\/www.supercars.net\/blog\/wp-content\/uploads\/2016\/03\/1064911-2048-370x247.jpg 370w, https:\/\/www.supercars.net\/blog\/wp-content\/uploads\/2016\/03\/1064911-2048-293x195.jpg 293w, https:\/\/www.supercars.net\/blog\/wp-content\/uploads\/2016\/03\/1064911-2048-1400x933.jpg 1400w\" sizes=\"(max-width: 2048px) 100vw, 2048px\" \/>\r\n\t\t\t\t<\/a>\r\n            <\/div>\r\n                <div class='wp-caption-text gallery-caption'>\r\n                Lucas Di Grassi (BRA) \/ Marc Gene (ESP) \/ Oliver Jarvis (GBR) Audi Sport Team Joest, Audi R18 e-tron quattro.\nFIA World Endurance Championship, Round 2, Friday 3 May 2013. Spa-Francorchamps, Belgium.\r\n                <\/div><\/figure><figure class='gallery-item'>\r\n            <div class='gallery-icon landscape'>\r\n                <a href='https:\/\/www.supercars.net\/blog\/wp-content\/uploads\/2016\/03\/1064912-2048.jpg' class='tipi-lightbox'>\r\n\t\t\t\t<img decoding=\"async\" width=\"2048\" height=\"1366\" src=\"https:\/\/www.supercars.net\/blog\/wp-content\/uploads\/2016\/03\/1064912-2048.jpg\" class=\"attachment-full size-full\" alt=\"2013 WEC 6-Hours of Spa-Francorchamps\" srcset=\"https:\/\/www.supercars.net\/blog\/wp-content\/uploads\/2016\/03\/1064912-2048.jpg 2048w, https:\/\/www.supercars.net\/blog\/wp-content\/uploads\/2016\/03\/1064912-2048-300x200.jpg 300w, https:\/\/www.supercars.net\/blog\/wp-content\/uploads\/2016\/03\/1064912-2048-1024x683.jpg 1024w, https:\/\/www.supercars.net\/blog\/wp-content\/uploads\/2016\/03\/1064912-2048-100x67.jpg 100w, https:\/\/www.supercars.net\/blog\/wp-content\/uploads\/2016\/03\/1064912-2048-770x514.jpg 770w, https:\/\/www.supercars.net\/blog\/wp-content\/uploads\/2016\/03\/1064912-2048-1536x1025.jpg 1536w, https:\/\/www.supercars.net\/blog\/wp-content\/uploads\/2016\/03\/1064912-2048-360x240.jpg 360w, https:\/\/www.supercars.net\/blog\/wp-content\/uploads\/2016\/03\/1064912-2048-1155x770.jpg 1155w, https:\/\/www.supercars.net\/blog\/wp-content\/uploads\/2016\/03\/1064912-2048-370x247.jpg 370w, https:\/\/www.supercars.net\/blog\/wp-content\/uploads\/2016\/03\/1064912-2048-293x195.jpg 293w, https:\/\/www.supercars.net\/blog\/wp-content\/uploads\/2016\/03\/1064912-2048-1400x934.jpg 1400w\" sizes=\"(max-width: 2048px) 100vw, 2048px\" \/>\r\n\t\t\t\t<\/a>\r\n            <\/div>\r\n                <div class='wp-caption-text gallery-caption'>\r\n                Audi R18 e-tron quattro #1 (Audi Sport Team Joest), \nAndr\u00e8 Lotterer (D), Beno\u00eet Tr\u00e9luyer (F), Marcel F\u00e4ssler (CH)\r\n                <\/div><\/figure><figure class='gallery-item'>\r\n            <div class='gallery-icon landscape'>\r\n                <a href='https:\/\/www.supercars.net\/blog\/wp-content\/uploads\/2016\/03\/1064913-2048.jpg' class='tipi-lightbox'>\r\n\t\t\t\t<img decoding=\"async\" width=\"2048\" height=\"1367\" src=\"https:\/\/www.supercars.net\/blog\/wp-content\/uploads\/2016\/03\/1064913-2048.jpg\" class=\"attachment-full size-full\" alt=\"2013 WEC 6-Hours of Spa-Francorchamps\" srcset=\"https:\/\/www.supercars.net\/blog\/wp-content\/uploads\/2016\/03\/1064913-2048.jpg 2048w, https:\/\/www.supercars.net\/blog\/wp-content\/uploads\/2016\/03\/1064913-2048-300x200.jpg 300w, https:\/\/www.supercars.net\/blog\/wp-content\/uploads\/2016\/03\/1064913-2048-1024x684.jpg 1024w, https:\/\/www.supercars.net\/blog\/wp-content\/uploads\/2016\/03\/1064913-2048-100x67.jpg 100w, https:\/\/www.supercars.net\/blog\/wp-content\/uploads\/2016\/03\/1064913-2048-770x514.jpg 770w, https:\/\/www.supercars.net\/blog\/wp-content\/uploads\/2016\/03\/1064913-2048-1536x1025.jpg 1536w, https:\/\/www.supercars.net\/blog\/wp-content\/uploads\/2016\/03\/1064913-2048-360x240.jpg 360w, https:\/\/www.supercars.net\/blog\/wp-content\/uploads\/2016\/03\/1064913-2048-1155x770.jpg 1155w, https:\/\/www.supercars.net\/blog\/wp-content\/uploads\/2016\/03\/1064913-2048-370x247.jpg 370w, https:\/\/www.supercars.net\/blog\/wp-content\/uploads\/2016\/03\/1064913-2048-293x196.jpg 293w, https:\/\/www.supercars.net\/blog\/wp-content\/uploads\/2016\/03\/1064913-2048-1400x934.jpg 1400w\" sizes=\"(max-width: 2048px) 100vw, 2048px\" \/>\r\n\t\t\t\t<\/a>\r\n            <\/div>\r\n                <div class='wp-caption-text gallery-caption'>\r\n                Audi R18 e-tron quattro #3 (Audi Sport Team Joest), \nLucas di Grassi (BR), Marc Gen\u00e9 (E), Oliver Jarvis (GB)\r\n                <\/div><\/figure><figure class='gallery-item'>\r\n            <div class='gallery-icon landscape'>\r\n                <a href='https:\/\/www.supercars.net\/blog\/wp-content\/uploads\/2016\/03\/1064914-2048.jpg' class='tipi-lightbox'>\r\n\t\t\t\t<img decoding=\"async\" width=\"2048\" height=\"1366\" src=\"https:\/\/www.supercars.net\/blog\/wp-content\/uploads\/2016\/03\/1064914-2048.jpg\" class=\"attachment-full size-full\" alt=\"2013 WEC 6-Hours of Spa-Francorchamps\" srcset=\"https:\/\/www.supercars.net\/blog\/wp-content\/uploads\/2016\/03\/1064914-2048.jpg 2048w, https:\/\/www.supercars.net\/blog\/wp-content\/uploads\/2016\/03\/1064914-2048-300x200.jpg 300w, https:\/\/www.supercars.net\/blog\/wp-content\/uploads\/2016\/03\/1064914-2048-1024x683.jpg 1024w, https:\/\/www.supercars.net\/blog\/wp-content\/uploads\/2016\/03\/1064914-2048-100x67.jpg 100w, https:\/\/www.supercars.net\/blog\/wp-content\/uploads\/2016\/03\/1064914-2048-770x514.jpg 770w, https:\/\/www.supercars.net\/blog\/wp-content\/uploads\/2016\/03\/1064914-2048-1536x1025.jpg 1536w, https:\/\/www.supercars.net\/blog\/wp-content\/uploads\/2016\/03\/1064914-2048-360x240.jpg 360w, https:\/\/www.supercars.net\/blog\/wp-content\/uploads\/2016\/03\/1064914-2048-1155x770.jpg 1155w, https:\/\/www.supercars.net\/blog\/wp-content\/uploads\/2016\/03\/1064914-2048-370x247.jpg 370w, https:\/\/www.supercars.net\/blog\/wp-content\/uploads\/2016\/03\/1064914-2048-293x195.jpg 293w, https:\/\/www.supercars.net\/blog\/wp-content\/uploads\/2016\/03\/1064914-2048-1400x934.jpg 1400w\" sizes=\"(max-width: 2048px) 100vw, 2048px\" \/>\r\n\t\t\t\t<\/a>\r\n            <\/div>\r\n                <div class='wp-caption-text gallery-caption'>\r\n                Audi Sport Team Joest ready for qualifying\r\n                <\/div><\/figure><figure class='gallery-item'>\r\n            <div class='gallery-icon landscape'>\r\n                <a href='https:\/\/www.supercars.net\/blog\/wp-content\/uploads\/2016\/03\/1064915-2048.jpg' class='tipi-lightbox'>\r\n\t\t\t\t<img decoding=\"async\" width=\"2048\" height=\"1365\" src=\"https:\/\/www.supercars.net\/blog\/wp-content\/uploads\/2016\/03\/1064915-2048.jpg\" class=\"attachment-full size-full\" alt=\"2013 WEC 6-Hours of Spa-Francorchamps\" srcset=\"https:\/\/www.supercars.net\/blog\/wp-content\/uploads\/2016\/03\/1064915-2048.jpg 2048w, https:\/\/www.supercars.net\/blog\/wp-content\/uploads\/2016\/03\/1064915-2048-300x200.jpg 300w, https:\/\/www.supercars.net\/blog\/wp-content\/uploads\/2016\/03\/1064915-2048-1024x683.jpg 1024w, https:\/\/www.supercars.net\/blog\/wp-content\/uploads\/2016\/03\/1064915-2048-100x67.jpg 100w, https:\/\/www.supercars.net\/blog\/wp-content\/uploads\/2016\/03\/1064915-2048-770x513.jpg 770w, https:\/\/www.supercars.net\/blog\/wp-content\/uploads\/2016\/03\/1064915-2048-1536x1024.jpg 1536w, https:\/\/www.supercars.net\/blog\/wp-content\/uploads\/2016\/03\/1064915-2048-360x240.jpg 360w, https:\/\/www.supercars.net\/blog\/wp-content\/uploads\/2016\/03\/1064915-2048-1155x770.jpg 1155w, https:\/\/www.supercars.net\/blog\/wp-content\/uploads\/2016\/03\/1064915-2048-370x247.jpg 370w, https:\/\/www.supercars.net\/blog\/wp-content\/uploads\/2016\/03\/1064915-2048-293x195.jpg 293w, https:\/\/www.supercars.net\/blog\/wp-content\/uploads\/2016\/03\/1064915-2048-1400x933.jpg 1400w\" sizes=\"(max-width: 2048px) 100vw, 2048px\" \/>\r\n\t\t\t\t<\/a>\r\n            <\/div>\r\n                <div class='wp-caption-text gallery-caption'>\r\n                Audi R18 e-tron quattro #2 (Audi Sport Team Joest), \nTom Kristensen (DK), Lo\u0457c Duval (F), Allan McNish (GB)\r\n                <\/div><\/figure><figure class='gallery-item'>\r\n            <div class='gallery-icon landscape'>\r\n                <a href='https:\/\/www.supercars.net\/blog\/wp-content\/uploads\/2016\/03\/1064916-2048.jpg' class='tipi-lightbox'>\r\n\t\t\t\t<img decoding=\"async\" width=\"2048\" height=\"1365\" src=\"https:\/\/www.supercars.net\/blog\/wp-content\/uploads\/2016\/03\/1064916-2048.jpg\" class=\"attachment-full size-full\" alt=\"2013 WEC 6-Hours of Spa-Francorchamps\" srcset=\"https:\/\/www.supercars.net\/blog\/wp-content\/uploads\/2016\/03\/1064916-2048.jpg 2048w, https:\/\/www.supercars.net\/blog\/wp-content\/uploads\/2016\/03\/1064916-2048-300x200.jpg 300w, https:\/\/www.supercars.net\/blog\/wp-content\/uploads\/2016\/03\/1064916-2048-1024x683.jpg 1024w, https:\/\/www.supercars.net\/blog\/wp-content\/uploads\/2016\/03\/1064916-2048-100x67.jpg 100w, https:\/\/www.supercars.net\/blog\/wp-content\/uploads\/2016\/03\/1064916-2048-770x513.jpg 770w, https:\/\/www.supercars.net\/blog\/wp-content\/uploads\/2016\/03\/1064916-2048-1536x1024.jpg 1536w, https:\/\/www.supercars.net\/blog\/wp-content\/uploads\/2016\/03\/1064916-2048-360x240.jpg 360w, https:\/\/www.supercars.net\/blog\/wp-content\/uploads\/2016\/03\/1064916-2048-1155x770.jpg 1155w, https:\/\/www.supercars.net\/blog\/wp-content\/uploads\/2016\/03\/1064916-2048-370x247.jpg 370w, https:\/\/www.supercars.net\/blog\/wp-content\/uploads\/2016\/03\/1064916-2048-293x195.jpg 293w, https:\/\/www.supercars.net\/blog\/wp-content\/uploads\/2016\/03\/1064916-2048-1400x933.jpg 1400w\" sizes=\"(max-width: 2048px) 100vw, 2048px\" \/>\r\n\t\t\t\t<\/a>\r\n            <\/div>\r\n                <div class='wp-caption-text gallery-caption'>\r\n                Audi R18 e-tron quattro #1 (Audi Sport Team Joest), \nAndr\u00e8 Lotterer (D), Beno\u00eet Tr\u00e9luyer (F), Marcel F\u00e4ssler (CH)\r\n                <\/div><\/figure><figure class='gallery-item'>\r\n            <div class='gallery-icon landscape'>\r\n                <a href='https:\/\/www.supercars.net\/blog\/wp-content\/uploads\/2016\/03\/1064917-2048.jpg' class='tipi-lightbox'>\r\n\t\t\t\t<img decoding=\"async\" width=\"2048\" height=\"1367\" src=\"https:\/\/www.supercars.net\/blog\/wp-content\/uploads\/2016\/03\/1064917-2048.jpg\" class=\"attachment-full size-full\" alt=\"2013 WEC 6-Hours of Spa-Francorchamps\" srcset=\"https:\/\/www.supercars.net\/blog\/wp-content\/uploads\/2016\/03\/1064917-2048.jpg 2048w, https:\/\/www.supercars.net\/blog\/wp-content\/uploads\/2016\/03\/1064917-2048-300x200.jpg 300w, https:\/\/www.supercars.net\/blog\/wp-content\/uploads\/2016\/03\/1064917-2048-1024x684.jpg 1024w, https:\/\/www.supercars.net\/blog\/wp-content\/uploads\/2016\/03\/1064917-2048-100x67.jpg 100w, https:\/\/www.supercars.net\/blog\/wp-content\/uploads\/2016\/03\/1064917-2048-770x514.jpg 770w, https:\/\/www.supercars.net\/blog\/wp-content\/uploads\/2016\/03\/1064917-2048-1536x1025.jpg 1536w, https:\/\/www.supercars.net\/blog\/wp-content\/uploads\/2016\/03\/1064917-2048-360x240.jpg 360w, https:\/\/www.supercars.net\/blog\/wp-content\/uploads\/2016\/03\/1064917-2048-1155x770.jpg 1155w, https:\/\/www.supercars.net\/blog\/wp-content\/uploads\/2016\/03\/1064917-2048-370x247.jpg 370w, https:\/\/www.supercars.net\/blog\/wp-content\/uploads\/2016\/03\/1064917-2048-293x196.jpg 293w, https:\/\/www.supercars.net\/blog\/wp-content\/uploads\/2016\/03\/1064917-2048-1400x934.jpg 1400w\" sizes=\"(max-width: 2048px) 100vw, 2048px\" \/>\r\n\t\t\t\t<\/a>\r\n            <\/div>\r\n                <div class='wp-caption-text gallery-caption'>\r\n                Audi R18 e-tron quattro #3 (Audi Sport Team Joest), \nLucas di Grassi (BR), Marc Gen\u00e9 (E), Oliver Jarvis (GB)\r\n                <\/div><\/figure><figure class='gallery-item'>\r\n            <div class='gallery-icon landscape'>\r\n                <a href='https:\/\/www.supercars.net\/blog\/wp-content\/uploads\/2016\/03\/1064918-2048.jpg' class='tipi-lightbox'>\r\n\t\t\t\t<img decoding=\"async\" width=\"2048\" height=\"1368\" src=\"https:\/\/www.supercars.net\/blog\/wp-content\/uploads\/2016\/03\/1064918-2048.jpg\" class=\"attachment-full size-full\" alt=\"2013 WEC 6-Hours of Spa-Francorchamps\" srcset=\"https:\/\/www.supercars.net\/blog\/wp-content\/uploads\/2016\/03\/1064918-2048.jpg 2048w, https:\/\/www.supercars.net\/blog\/wp-content\/uploads\/2016\/03\/1064918-2048-300x200.jpg 300w, https:\/\/www.supercars.net\/blog\/wp-content\/uploads\/2016\/03\/1064918-2048-1024x684.jpg 1024w, https:\/\/www.supercars.net\/blog\/wp-content\/uploads\/2016\/03\/1064918-2048-100x67.jpg 100w, https:\/\/www.supercars.net\/blog\/wp-content\/uploads\/2016\/03\/1064918-2048-770x514.jpg 770w, https:\/\/www.supercars.net\/blog\/wp-content\/uploads\/2016\/03\/1064918-2048-1536x1026.jpg 1536w, https:\/\/www.supercars.net\/blog\/wp-content\/uploads\/2016\/03\/1064918-2048-360x240.jpg 360w, https:\/\/www.supercars.net\/blog\/wp-content\/uploads\/2016\/03\/1064918-2048-370x247.jpg 370w, https:\/\/www.supercars.net\/blog\/wp-content\/uploads\/2016\/03\/1064918-2048-293x196.jpg 293w, https:\/\/www.supercars.net\/blog\/wp-content\/uploads\/2016\/03\/1064918-2048-1400x935.jpg 1400w\" sizes=\"(max-width: 2048px) 100vw, 2048px\" \/>\r\n\t\t\t\t<\/a>\r\n            <\/div>\r\n                <div class='wp-caption-text gallery-caption'>\r\n                Audi R18 e-tron quattro #1 (Audi Sport Team Joest), \nAndr\u00e8 Lotterer (D), Beno\u00eet Tr\u00e9luyer (F), Marcel F\u00e4ssler (CH)\r\n                <\/div><\/figure><figure class='gallery-item'>\r\n            <div class='gallery-icon landscape'>\r\n                <a href='https:\/\/www.supercars.net\/blog\/wp-content\/uploads\/2016\/03\/1064919-2048.jpg' class='tipi-lightbox'>\r\n\t\t\t\t<img decoding=\"async\" width=\"2048\" height=\"1365\" src=\"https:\/\/www.supercars.net\/blog\/wp-content\/uploads\/2016\/03\/1064919-2048.jpg\" class=\"attachment-full size-full\" alt=\"2013 WEC 6-Hours of Spa-Francorchamps\" srcset=\"https:\/\/www.supercars.net\/blog\/wp-content\/uploads\/2016\/03\/1064919-2048.jpg 2048w, https:\/\/www.supercars.net\/blog\/wp-content\/uploads\/2016\/03\/1064919-2048-300x200.jpg 300w, https:\/\/www.supercars.net\/blog\/wp-content\/uploads\/2016\/03\/1064919-2048-1024x683.jpg 1024w, https:\/\/www.supercars.net\/blog\/wp-content\/uploads\/2016\/03\/1064919-2048-100x67.jpg 100w, https:\/\/www.supercars.net\/blog\/wp-content\/uploads\/2016\/03\/1064919-2048-770x513.jpg 770w, https:\/\/www.supercars.net\/blog\/wp-content\/uploads\/2016\/03\/1064919-2048-1536x1024.jpg 1536w, https:\/\/www.supercars.net\/blog\/wp-content\/uploads\/2016\/03\/1064919-2048-360x240.jpg 360w, https:\/\/www.supercars.net\/blog\/wp-content\/uploads\/2016\/03\/1064919-2048-1155x770.jpg 1155w, https:\/\/www.supercars.net\/blog\/wp-content\/uploads\/2016\/03\/1064919-2048-370x247.jpg 370w, https:\/\/www.supercars.net\/blog\/wp-content\/uploads\/2016\/03\/1064919-2048-293x195.jpg 293w, https:\/\/www.supercars.net\/blog\/wp-content\/uploads\/2016\/03\/1064919-2048-1400x933.jpg 1400w\" sizes=\"(max-width: 2048px) 100vw, 2048px\" \/>\r\n\t\t\t\t<\/a>\r\n            <\/div>\r\n                <div class='wp-caption-text gallery-caption'>\r\n                Toyota Hybrid Racing. World Endurance Championship 2nd-4th May 2013. Spa Francorchamps, Belgium.\r\n                <\/div><\/figure><figure class='gallery-item'>\r\n            <div class='gallery-icon landscape'>\r\n                <a href='https:\/\/www.supercars.net\/blog\/wp-content\/uploads\/2016\/03\/1064920-2048.jpg' class='tipi-lightbox'>\r\n\t\t\t\t<img decoding=\"async\" width=\"2048\" height=\"1365\" src=\"https:\/\/www.supercars.net\/blog\/wp-content\/uploads\/2016\/03\/1064920-2048.jpg\" class=\"attachment-full size-full\" alt=\"2013 WEC 6-Hours of Spa-Francorchamps\" srcset=\"https:\/\/www.supercars.net\/blog\/wp-content\/uploads\/2016\/03\/1064920-2048.jpg 2048w, https:\/\/www.supercars.net\/blog\/wp-content\/uploads\/2016\/03\/1064920-2048-300x200.jpg 300w, https:\/\/www.supercars.net\/blog\/wp-content\/uploads\/2016\/03\/1064920-2048-1024x683.jpg 1024w, https:\/\/www.supercars.net\/blog\/wp-content\/uploads\/2016\/03\/1064920-2048-100x67.jpg 100w, https:\/\/www.supercars.net\/blog\/wp-content\/uploads\/2016\/03\/1064920-2048-770x513.jpg 770w, https:\/\/www.supercars.net\/blog\/wp-content\/uploads\/2016\/03\/1064920-2048-1536x1024.jpg 1536w, https:\/\/www.supercars.net\/blog\/wp-content\/uploads\/2016\/03\/1064920-2048-360x240.jpg 360w, https:\/\/www.supercars.net\/blog\/wp-content\/uploads\/2016\/03\/1064920-2048-1155x770.jpg 1155w, https:\/\/www.supercars.net\/blog\/wp-content\/uploads\/2016\/03\/1064920-2048-370x247.jpg 370w, https:\/\/www.supercars.net\/blog\/wp-content\/uploads\/2016\/03\/1064920-2048-293x195.jpg 293w, https:\/\/www.supercars.net\/blog\/wp-content\/uploads\/2016\/03\/1064920-2048-1400x933.jpg 1400w\" sizes=\"(max-width: 2048px) 100vw, 2048px\" \/>\r\n\t\t\t\t<\/a>\r\n            <\/div>\r\n                <div class='wp-caption-text gallery-caption'>\r\n                Toyota Hybrid Racing. World Endurance Championship 2nd-4th May 2013. Spa Francorchamps, Belgium.\r\n                <\/div><\/figure><figure class='gallery-item'>\r\n            <div class='gallery-icon landscape'>\r\n                <a href='https:\/\/www.supercars.net\/blog\/wp-content\/uploads\/2016\/03\/1064921-2048.jpg' class='tipi-lightbox'>\r\n\t\t\t\t<img decoding=\"async\" width=\"2048\" height=\"1365\" src=\"https:\/\/www.supercars.net\/blog\/wp-content\/uploads\/2016\/03\/1064921-2048.jpg\" class=\"attachment-full size-full\" alt=\"2013 WEC 6-Hours of Spa-Francorchamps\" srcset=\"https:\/\/www.supercars.net\/blog\/wp-content\/uploads\/2016\/03\/1064921-2048.jpg 2048w, https:\/\/www.supercars.net\/blog\/wp-content\/uploads\/2016\/03\/1064921-2048-300x200.jpg 300w, https:\/\/www.supercars.net\/blog\/wp-content\/uploads\/2016\/03\/1064921-2048-1024x683.jpg 1024w, https:\/\/www.supercars.net\/blog\/wp-content\/uploads\/2016\/03\/1064921-2048-100x67.jpg 100w, https:\/\/www.supercars.net\/blog\/wp-content\/uploads\/2016\/03\/1064921-2048-770x513.jpg 770w, https:\/\/www.supercars.net\/blog\/wp-content\/uploads\/2016\/03\/1064921-2048-1536x1024.jpg 1536w, https:\/\/www.supercars.net\/blog\/wp-content\/uploads\/2016\/03\/1064921-2048-360x240.jpg 360w, https:\/\/www.supercars.net\/blog\/wp-content\/uploads\/2016\/03\/1064921-2048-1155x770.jpg 1155w, https:\/\/www.supercars.net\/blog\/wp-content\/uploads\/2016\/03\/1064921-2048-370x247.jpg 370w, https:\/\/www.supercars.net\/blog\/wp-content\/uploads\/2016\/03\/1064921-2048-293x195.jpg 293w, https:\/\/www.supercars.net\/blog\/wp-content\/uploads\/2016\/03\/1064921-2048-1400x933.jpg 1400w\" sizes=\"(max-width: 2048px) 100vw, 2048px\" \/>\r\n\t\t\t\t<\/a>\r\n            <\/div>\r\n                <div class='wp-caption-text gallery-caption'>\r\n                Toyota Hybrid Racing. World Endurance Championship 2nd-4th May 2013. Spa Francorchamps, Belgium.\r\n                <\/div><\/figure><figure class='gallery-item'>\r\n            <div class='gallery-icon landscape'>\r\n                <a href='https:\/\/www.supercars.net\/blog\/wp-content\/uploads\/2016\/03\/1064922-2048.jpg' class='tipi-lightbox'>\r\n\t\t\t\t<img decoding=\"async\" width=\"2048\" height=\"1365\" src=\"https:\/\/www.supercars.net\/blog\/wp-content\/uploads\/2016\/03\/1064922-2048.jpg\" class=\"attachment-full size-full\" alt=\"\" srcset=\"https:\/\/www.supercars.net\/blog\/wp-content\/uploads\/2016\/03\/1064922-2048.jpg 2048w, https:\/\/www.supercars.net\/blog\/wp-content\/uploads\/2016\/03\/1064922-2048-300x200.jpg 300w, https:\/\/www.supercars.net\/blog\/wp-content\/uploads\/2016\/03\/1064922-2048-1024x683.jpg 1024w, https:\/\/www.supercars.net\/blog\/wp-content\/uploads\/2016\/03\/1064922-2048-100x67.jpg 100w, https:\/\/www.supercars.net\/blog\/wp-content\/uploads\/2016\/03\/1064922-2048-770x513.jpg 770w, https:\/\/www.supercars.net\/blog\/wp-content\/uploads\/2016\/03\/1064922-2048-1536x1024.jpg 1536w, https:\/\/www.supercars.net\/blog\/wp-content\/uploads\/2016\/03\/1064922-2048-360x240.jpg 360w, https:\/\/www.supercars.net\/blog\/wp-content\/uploads\/2016\/03\/1064922-2048-1155x770.jpg 1155w, https:\/\/www.supercars.net\/blog\/wp-content\/uploads\/2016\/03\/1064922-2048-370x247.jpg 370w, https:\/\/www.supercars.net\/blog\/wp-content\/uploads\/2016\/03\/1064922-2048-293x195.jpg 293w, https:\/\/www.supercars.net\/blog\/wp-content\/uploads\/2016\/03\/1064922-2048-1400x933.jpg 1400w\" sizes=\"(max-width: 2048px) 100vw, 2048px\" \/>\r\n\t\t\t\t<\/a>\r\n            <\/div>\r\n                <div class='wp-caption-text gallery-caption'>\r\n                Toyota Hybrid Racing. World Endurance Championship 2nd-4th May 2013. Spa Francorchamps, Belgium.\r\n                <\/div><\/figure><figure class='gallery-item'>\r\n            <div class='gallery-icon landscape'>\r\n                <a href='https:\/\/www.supercars.net\/blog\/wp-content\/uploads\/2016\/03\/1064923-2048.jpg' class='tipi-lightbox'>\r\n\t\t\t\t<img decoding=\"async\" width=\"2048\" height=\"1365\" src=\"https:\/\/www.supercars.net\/blog\/wp-content\/uploads\/2016\/03\/1064923-2048.jpg\" class=\"attachment-full size-full\" alt=\"2013 WEC 6-Hours of Spa-Francorchamps\" srcset=\"https:\/\/www.supercars.net\/blog\/wp-content\/uploads\/2016\/03\/1064923-2048.jpg 2048w, https:\/\/www.supercars.net\/blog\/wp-content\/uploads\/2016\/03\/1064923-2048-300x200.jpg 300w, https:\/\/www.supercars.net\/blog\/wp-content\/uploads\/2016\/03\/1064923-2048-1024x683.jpg 1024w, https:\/\/www.supercars.net\/blog\/wp-content\/uploads\/2016\/03\/1064923-2048-100x67.jpg 100w, https:\/\/www.supercars.net\/blog\/wp-content\/uploads\/2016\/03\/1064923-2048-770x513.jpg 770w, https:\/\/www.supercars.net\/blog\/wp-content\/uploads\/2016\/03\/1064923-2048-1536x1024.jpg 1536w, https:\/\/www.supercars.net\/blog\/wp-content\/uploads\/2016\/03\/1064923-2048-360x240.jpg 360w, https:\/\/www.supercars.net\/blog\/wp-content\/uploads\/2016\/03\/1064923-2048-1155x770.jpg 1155w, https:\/\/www.supercars.net\/blog\/wp-content\/uploads\/2016\/03\/1064923-2048-370x247.jpg 370w, https:\/\/www.supercars.net\/blog\/wp-content\/uploads\/2016\/03\/1064923-2048-293x195.jpg 293w, https:\/\/www.supercars.net\/blog\/wp-content\/uploads\/2016\/03\/1064923-2048-1400x933.jpg 1400w\" sizes=\"(max-width: 2048px) 100vw, 2048px\" \/>\r\n\t\t\t\t<\/a>\r\n            <\/div>\r\n                <div class='wp-caption-text gallery-caption'>\r\n                Toyota Hybrid Racing. World Endurance Championship 2nd-4th May 2013. Spa Francorchamps, Belgium.\r\n                <\/div><\/figure><figure class='gallery-item'>\r\n            <div class='gallery-icon landscape'>\r\n                <a href='https:\/\/www.supercars.net\/blog\/wp-content\/uploads\/2016\/03\/1064924-2048.jpg' class='tipi-lightbox'>\r\n\t\t\t\t<img decoding=\"async\" width=\"2048\" height=\"1365\" src=\"https:\/\/www.supercars.net\/blog\/wp-content\/uploads\/2016\/03\/1064924-2048.jpg\" class=\"attachment-full size-full\" alt=\"2013 WEC 6-Hours of Spa-Francorchamps\" srcset=\"https:\/\/www.supercars.net\/blog\/wp-content\/uploads\/2016\/03\/1064924-2048.jpg 2048w, https:\/\/www.supercars.net\/blog\/wp-content\/uploads\/2016\/03\/1064924-2048-300x200.jpg 300w, https:\/\/www.supercars.net\/blog\/wp-content\/uploads\/2016\/03\/1064924-2048-1024x683.jpg 1024w, https:\/\/www.supercars.net\/blog\/wp-content\/uploads\/2016\/03\/1064924-2048-100x67.jpg 100w, https:\/\/www.supercars.net\/blog\/wp-content\/uploads\/2016\/03\/1064924-2048-770x513.jpg 770w, https:\/\/www.supercars.net\/blog\/wp-content\/uploads\/2016\/03\/1064924-2048-1536x1024.jpg 1536w, https:\/\/www.supercars.net\/blog\/wp-content\/uploads\/2016\/03\/1064924-2048-360x240.jpg 360w, https:\/\/www.supercars.net\/blog\/wp-content\/uploads\/2016\/03\/1064924-2048-1155x770.jpg 1155w, https:\/\/www.supercars.net\/blog\/wp-content\/uploads\/2016\/03\/1064924-2048-370x247.jpg 370w, https:\/\/www.supercars.net\/blog\/wp-content\/uploads\/2016\/03\/1064924-2048-293x195.jpg 293w, https:\/\/www.supercars.net\/blog\/wp-content\/uploads\/2016\/03\/1064924-2048-1400x933.jpg 1400w\" sizes=\"(max-width: 2048px) 100vw, 2048px\" \/>\r\n\t\t\t\t<\/a>\r\n            <\/div>\r\n                <div class='wp-caption-text gallery-caption'>\r\n                Toyota Hybrid Racing. World Endurance Championship 2nd-4th May 2013. Spa Francorchamps, Belgium.\r\n                <\/div><\/figure><figure class='gallery-item'>\r\n            <div class='gallery-icon landscape'>\r\n                <a href='https:\/\/www.supercars.net\/blog\/wp-content\/uploads\/2016\/03\/1064925-2048.jpg' class='tipi-lightbox'>\r\n\t\t\t\t<img decoding=\"async\" width=\"2048\" height=\"1365\" src=\"https:\/\/www.supercars.net\/blog\/wp-content\/uploads\/2016\/03\/1064925-2048.jpg\" class=\"attachment-full size-full\" alt=\"2013 WEC 6-Hours of Spa-Francorchamps\" srcset=\"https:\/\/www.supercars.net\/blog\/wp-content\/uploads\/2016\/03\/1064925-2048.jpg 2048w, https:\/\/www.supercars.net\/blog\/wp-content\/uploads\/2016\/03\/1064925-2048-300x200.jpg 300w, https:\/\/www.supercars.net\/blog\/wp-content\/uploads\/2016\/03\/1064925-2048-1024x683.jpg 1024w, https:\/\/www.supercars.net\/blog\/wp-content\/uploads\/2016\/03\/1064925-2048-100x67.jpg 100w, https:\/\/www.supercars.net\/blog\/wp-content\/uploads\/2016\/03\/1064925-2048-770x513.jpg 770w, https:\/\/www.supercars.net\/blog\/wp-content\/uploads\/2016\/03\/1064925-2048-1536x1024.jpg 1536w, https:\/\/www.supercars.net\/blog\/wp-content\/uploads\/2016\/03\/1064925-2048-360x240.jpg 360w, https:\/\/www.supercars.net\/blog\/wp-content\/uploads\/2016\/03\/1064925-2048-1155x770.jpg 1155w, https:\/\/www.supercars.net\/blog\/wp-content\/uploads\/2016\/03\/1064925-2048-370x247.jpg 370w, https:\/\/www.supercars.net\/blog\/wp-content\/uploads\/2016\/03\/1064925-2048-293x195.jpg 293w, https:\/\/www.supercars.net\/blog\/wp-content\/uploads\/2016\/03\/1064925-2048-1400x933.jpg 1400w\" sizes=\"(max-width: 2048px) 100vw, 2048px\" \/>\r\n\t\t\t\t<\/a>\r\n            <\/div>\r\n                <div class='wp-caption-text gallery-caption'>\r\n                Toyota Hybrid Racing. World Endurance Championship 2nd-4th May 2013. Spa Francorchamps, Belgium.\r\n                <\/div><\/figure><figure class='gallery-item'>\r\n            <div class='gallery-icon landscape'>\r\n                <a href='https:\/\/www.supercars.net\/blog\/wp-content\/uploads\/2016\/03\/1064926-2048.jpg' class='tipi-lightbox'>\r\n\t\t\t\t<img decoding=\"async\" width=\"2048\" height=\"1365\" src=\"https:\/\/www.supercars.net\/blog\/wp-content\/uploads\/2016\/03\/1064926-2048.jpg\" class=\"attachment-full size-full\" alt=\"2013 WEC 6-Hours of Spa-Francorchamps\" srcset=\"https:\/\/www.supercars.net\/blog\/wp-content\/uploads\/2016\/03\/1064926-2048.jpg 2048w, https:\/\/www.supercars.net\/blog\/wp-content\/uploads\/2016\/03\/1064926-2048-300x200.jpg 300w, https:\/\/www.supercars.net\/blog\/wp-content\/uploads\/2016\/03\/1064926-2048-1024x683.jpg 1024w, https:\/\/www.supercars.net\/blog\/wp-content\/uploads\/2016\/03\/1064926-2048-100x67.jpg 100w, https:\/\/www.supercars.net\/blog\/wp-content\/uploads\/2016\/03\/1064926-2048-770x513.jpg 770w, https:\/\/www.supercars.net\/blog\/wp-content\/uploads\/2016\/03\/1064926-2048-1536x1024.jpg 1536w, https:\/\/www.supercars.net\/blog\/wp-content\/uploads\/2016\/03\/1064926-2048-360x240.jpg 360w, https:\/\/www.supercars.net\/blog\/wp-content\/uploads\/2016\/03\/1064926-2048-1155x770.jpg 1155w, https:\/\/www.supercars.net\/blog\/wp-content\/uploads\/2016\/03\/1064926-2048-370x247.jpg 370w, https:\/\/www.supercars.net\/blog\/wp-content\/uploads\/2016\/03\/1064926-2048-293x195.jpg 293w, https:\/\/www.supercars.net\/blog\/wp-content\/uploads\/2016\/03\/1064926-2048-1400x933.jpg 1400w\" sizes=\"(max-width: 2048px) 100vw, 2048px\" \/>\r\n\t\t\t\t<\/a>\r\n            <\/div>\r\n                <div class='wp-caption-text gallery-caption'>\r\n                Nick Leventis \/ Danny Watts \/ Jonny Kane Strakka Racing HPD ARX-03c Honda\r\n                <\/div><\/figure><figure class='gallery-item'>\r\n            <div class='gallery-icon landscape'>\r\n                <a href='https:\/\/www.supercars.net\/blog\/wp-content\/uploads\/2016\/03\/1064927-2048.jpg' class='tipi-lightbox'>\r\n\t\t\t\t<img decoding=\"async\" width=\"2048\" height=\"1365\" src=\"https:\/\/www.supercars.net\/blog\/wp-content\/uploads\/2016\/03\/1064927-2048.jpg\" class=\"attachment-full size-full\" alt=\"2013 WEC 6-Hours of Spa-Francorchamps\" srcset=\"https:\/\/www.supercars.net\/blog\/wp-content\/uploads\/2016\/03\/1064927-2048.jpg 2048w, https:\/\/www.supercars.net\/blog\/wp-content\/uploads\/2016\/03\/1064927-2048-300x200.jpg 300w, https:\/\/www.supercars.net\/blog\/wp-content\/uploads\/2016\/03\/1064927-2048-1024x683.jpg 1024w, https:\/\/www.supercars.net\/blog\/wp-content\/uploads\/2016\/03\/1064927-2048-100x67.jpg 100w, https:\/\/www.supercars.net\/blog\/wp-content\/uploads\/2016\/03\/1064927-2048-770x513.jpg 770w, https:\/\/www.supercars.net\/blog\/wp-content\/uploads\/2016\/03\/1064927-2048-1536x1024.jpg 1536w, https:\/\/www.supercars.net\/blog\/wp-content\/uploads\/2016\/03\/1064927-2048-360x240.jpg 360w, https:\/\/www.supercars.net\/blog\/wp-content\/uploads\/2016\/03\/1064927-2048-1155x770.jpg 1155w, https:\/\/www.supercars.net\/blog\/wp-content\/uploads\/2016\/03\/1064927-2048-370x247.jpg 370w, https:\/\/www.supercars.net\/blog\/wp-content\/uploads\/2016\/03\/1064927-2048-293x195.jpg 293w, https:\/\/www.supercars.net\/blog\/wp-content\/uploads\/2016\/03\/1064927-2048-1400x933.jpg 1400w\" sizes=\"(max-width: 2048px) 100vw, 2048px\" \/>\r\n\t\t\t\t<\/a>\r\n            <\/div>\r\n                <div class='wp-caption-text gallery-caption'>\r\n                Nick Leventis \/ Danny Watts \/ Jonny Kane Strakka Racing HPD ARX-03c Honda\r\n                <\/div><\/figure><figure class='gallery-item'>\r\n            <div class='gallery-icon landscape'>\r\n                <a href='https:\/\/www.supercars.net\/blog\/wp-content\/uploads\/2016\/03\/1064928-2048.jpg' class='tipi-lightbox'>\r\n\t\t\t\t<img decoding=\"async\" width=\"2048\" height=\"1365\" src=\"https:\/\/www.supercars.net\/blog\/wp-content\/uploads\/2016\/03\/1064928-2048.jpg\" class=\"attachment-full size-full\" alt=\"2013 WEC 6-Hours of Spa-Francorchamps\" srcset=\"https:\/\/www.supercars.net\/blog\/wp-content\/uploads\/2016\/03\/1064928-2048.jpg 2048w, https:\/\/www.supercars.net\/blog\/wp-content\/uploads\/2016\/03\/1064928-2048-300x200.jpg 300w, https:\/\/www.supercars.net\/blog\/wp-content\/uploads\/2016\/03\/1064928-2048-1024x683.jpg 1024w, https:\/\/www.supercars.net\/blog\/wp-content\/uploads\/2016\/03\/1064928-2048-100x67.jpg 100w, https:\/\/www.supercars.net\/blog\/wp-content\/uploads\/2016\/03\/1064928-2048-770x513.jpg 770w, https:\/\/www.supercars.net\/blog\/wp-content\/uploads\/2016\/03\/1064928-2048-1536x1024.jpg 1536w, https:\/\/www.supercars.net\/blog\/wp-content\/uploads\/2016\/03\/1064928-2048-360x240.jpg 360w, https:\/\/www.supercars.net\/blog\/wp-content\/uploads\/2016\/03\/1064928-2048-1155x770.jpg 1155w, https:\/\/www.supercars.net\/blog\/wp-content\/uploads\/2016\/03\/1064928-2048-370x247.jpg 370w, https:\/\/www.supercars.net\/blog\/wp-content\/uploads\/2016\/03\/1064928-2048-293x195.jpg 293w, https:\/\/www.supercars.net\/blog\/wp-content\/uploads\/2016\/03\/1064928-2048-1400x933.jpg 1400w\" sizes=\"(max-width: 2048px) 100vw, 2048px\" \/>\r\n\t\t\t\t<\/a>\r\n            <\/div>\r\n                <div class='wp-caption-text gallery-caption'>\r\n                Nick Leventis \/ Danny Watts \/ Jonny Kane Strakka Racing HPD ARX-03c Honda\r\n                <\/div><\/figure><figure class='gallery-item'>\r\n            <div class='gallery-icon landscape'>\r\n                <a href='https:\/\/www.supercars.net\/blog\/wp-content\/uploads\/2016\/03\/1064929-2048.jpg' class='tipi-lightbox'>\r\n\t\t\t\t<img decoding=\"async\" width=\"2048\" height=\"1365\" src=\"https:\/\/www.supercars.net\/blog\/wp-content\/uploads\/2016\/03\/1064929-2048.jpg\" class=\"attachment-full size-full\" alt=\"2013 WEC 6-Hours of Spa-Francorchamps\" srcset=\"https:\/\/www.supercars.net\/blog\/wp-content\/uploads\/2016\/03\/1064929-2048.jpg 2048w, https:\/\/www.supercars.net\/blog\/wp-content\/uploads\/2016\/03\/1064929-2048-300x200.jpg 300w, https:\/\/www.supercars.net\/blog\/wp-content\/uploads\/2016\/03\/1064929-2048-1024x683.jpg 1024w, https:\/\/www.supercars.net\/blog\/wp-content\/uploads\/2016\/03\/1064929-2048-100x67.jpg 100w, https:\/\/www.supercars.net\/blog\/wp-content\/uploads\/2016\/03\/1064929-2048-770x513.jpg 770w, https:\/\/www.supercars.net\/blog\/wp-content\/uploads\/2016\/03\/1064929-2048-1536x1024.jpg 1536w, https:\/\/www.supercars.net\/blog\/wp-content\/uploads\/2016\/03\/1064929-2048-360x240.jpg 360w, https:\/\/www.supercars.net\/blog\/wp-content\/uploads\/2016\/03\/1064929-2048-1155x770.jpg 1155w, https:\/\/www.supercars.net\/blog\/wp-content\/uploads\/2016\/03\/1064929-2048-370x247.jpg 370w, https:\/\/www.supercars.net\/blog\/wp-content\/uploads\/2016\/03\/1064929-2048-293x195.jpg 293w, https:\/\/www.supercars.net\/blog\/wp-content\/uploads\/2016\/03\/1064929-2048-1400x933.jpg 1400w\" sizes=\"(max-width: 2048px) 100vw, 2048px\" \/>\r\n\t\t\t\t<\/a>\r\n            <\/div>\r\n                <div class='wp-caption-text gallery-caption'>\r\n                Nick Leventis \/ Danny Watts \/ Jonny Kane Strakka Racing HPD ARX-03c Honda\r\n                <\/div><\/figure><figure class='gallery-item'>\r\n            <div class='gallery-icon landscape'>\r\n                <a href='https:\/\/www.supercars.net\/blog\/wp-content\/uploads\/2016\/03\/1064930-2048.jpg' class='tipi-lightbox'>\r\n\t\t\t\t<img decoding=\"async\" width=\"2048\" height=\"1365\" src=\"https:\/\/www.supercars.net\/blog\/wp-content\/uploads\/2016\/03\/1064930-2048.jpg\" class=\"attachment-full size-full\" alt=\"2013 WEC 6-Hours of Spa-Francorchamps\" srcset=\"https:\/\/www.supercars.net\/blog\/wp-content\/uploads\/2016\/03\/1064930-2048.jpg 2048w, https:\/\/www.supercars.net\/blog\/wp-content\/uploads\/2016\/03\/1064930-2048-300x200.jpg 300w, https:\/\/www.supercars.net\/blog\/wp-content\/uploads\/2016\/03\/1064930-2048-1024x683.jpg 1024w, https:\/\/www.supercars.net\/blog\/wp-content\/uploads\/2016\/03\/1064930-2048-100x67.jpg 100w, https:\/\/www.supercars.net\/blog\/wp-content\/uploads\/2016\/03\/1064930-2048-770x513.jpg 770w, https:\/\/www.supercars.net\/blog\/wp-content\/uploads\/2016\/03\/1064930-2048-1536x1024.jpg 1536w, https:\/\/www.supercars.net\/blog\/wp-content\/uploads\/2016\/03\/1064930-2048-360x240.jpg 360w, https:\/\/www.supercars.net\/blog\/wp-content\/uploads\/2016\/03\/1064930-2048-1155x770.jpg 1155w, https:\/\/www.supercars.net\/blog\/wp-content\/uploads\/2016\/03\/1064930-2048-370x247.jpg 370w, https:\/\/www.supercars.net\/blog\/wp-content\/uploads\/2016\/03\/1064930-2048-293x195.jpg 293w, https:\/\/www.supercars.net\/blog\/wp-content\/uploads\/2016\/03\/1064930-2048-1400x933.jpg 1400w\" sizes=\"(max-width: 2048px) 100vw, 2048px\" \/>\r\n\t\t\t\t<\/a>\r\n            <\/div>\r\n                <div class='wp-caption-text gallery-caption'>\r\n                Nissan.\n\nWorld Endurance Championship. \nRound Two, Spa, Belgium. \n3rd &#8211; 4th May 2013. \n\nPhoto: Drew Gibson\r\n                <\/div><\/figure><figure class='gallery-item'>\r\n            <div class='gallery-icon landscape'>\r\n                <a href='https:\/\/www.supercars.net\/blog\/wp-content\/uploads\/2016\/03\/1064931-2048.jpg' class='tipi-lightbox'>\r\n\t\t\t\t<img decoding=\"async\" width=\"2048\" height=\"1366\" src=\"https:\/\/www.supercars.net\/blog\/wp-content\/uploads\/2016\/03\/1064931-2048.jpg\" class=\"attachment-full size-full\" alt=\"2013 WEC 6-Hours of Spa-Francorchamps\" srcset=\"https:\/\/www.supercars.net\/blog\/wp-content\/uploads\/2016\/03\/1064931-2048.jpg 2048w, https:\/\/www.supercars.net\/blog\/wp-content\/uploads\/2016\/03\/1064931-2048-300x200.jpg 300w, https:\/\/www.supercars.net\/blog\/wp-content\/uploads\/2016\/03\/1064931-2048-1024x683.jpg 1024w, https:\/\/www.supercars.net\/blog\/wp-content\/uploads\/2016\/03\/1064931-2048-100x67.jpg 100w, https:\/\/www.supercars.net\/blog\/wp-content\/uploads\/2016\/03\/1064931-2048-770x514.jpg 770w, https:\/\/www.supercars.net\/blog\/wp-content\/uploads\/2016\/03\/1064931-2048-1536x1025.jpg 1536w, https:\/\/www.supercars.net\/blog\/wp-content\/uploads\/2016\/03\/1064931-2048-360x240.jpg 360w, https:\/\/www.supercars.net\/blog\/wp-content\/uploads\/2016\/03\/1064931-2048-1155x770.jpg 1155w, https:\/\/www.supercars.net\/blog\/wp-content\/uploads\/2016\/03\/1064931-2048-370x247.jpg 370w, https:\/\/www.supercars.net\/blog\/wp-content\/uploads\/2016\/03\/1064931-2048-293x195.jpg 293w, https:\/\/www.supercars.net\/blog\/wp-content\/uploads\/2016\/03\/1064931-2048-1400x934.jpg 1400w\" sizes=\"(max-width: 2048px) 100vw, 2048px\" \/>\r\n\t\t\t\t<\/a>\r\n            <\/div>\r\n                <div class='wp-caption-text gallery-caption'>\r\n                MOTORSPORT &#8211; WEC 2013 &#8211; WORLD ENDURANCE CHAMPIONSHIP 2013 &#8211; 6 HOURS OF SPA FRANCORCHAMPS \/ 6 HEURES DE SPA FRANCORCHAMPS &#8211; BELGIQUE &#8211; 02 TO 05\/05\/2013 &#8211; PHOTO FLORENT GOODEN \/ DPPI &#8211; \n35 BAGUETTE BERTRAND (BEL) &#8211; GONZALEZ RICARDO (MEX) &#8211; PLOWMAN MARTIN (GBR) \/ WEC LMP2 \/ MORGAN NISSAN TEAM OAK RACING \/ ACTION\r\n                <\/div><\/figure><figure class='gallery-item'>\r\n            <div class='gallery-icon landscape'>\r\n                <a href='https:\/\/www.supercars.net\/blog\/wp-content\/uploads\/2016\/03\/1064932-2048.jpg' class='tipi-lightbox'>\r\n\t\t\t\t<img decoding=\"async\" width=\"2048\" height=\"1366\" src=\"https:\/\/www.supercars.net\/blog\/wp-content\/uploads\/2016\/03\/1064932-2048.jpg\" class=\"attachment-full size-full\" alt=\"2013 WEC 6-Hours of Spa-Francorchamps\" srcset=\"https:\/\/www.supercars.net\/blog\/wp-content\/uploads\/2016\/03\/1064932-2048.jpg 2048w, https:\/\/www.supercars.net\/blog\/wp-content\/uploads\/2016\/03\/1064932-2048-300x200.jpg 300w, https:\/\/www.supercars.net\/blog\/wp-content\/uploads\/2016\/03\/1064932-2048-1024x683.jpg 1024w, https:\/\/www.supercars.net\/blog\/wp-content\/uploads\/2016\/03\/1064932-2048-100x67.jpg 100w, https:\/\/www.supercars.net\/blog\/wp-content\/uploads\/2016\/03\/1064932-2048-770x514.jpg 770w, https:\/\/www.supercars.net\/blog\/wp-content\/uploads\/2016\/03\/1064932-2048-1536x1025.jpg 1536w, https:\/\/www.supercars.net\/blog\/wp-content\/uploads\/2016\/03\/1064932-2048-360x240.jpg 360w, https:\/\/www.supercars.net\/blog\/wp-content\/uploads\/2016\/03\/1064932-2048-1155x770.jpg 1155w, https:\/\/www.supercars.net\/blog\/wp-content\/uploads\/2016\/03\/1064932-2048-370x247.jpg 370w, https:\/\/www.supercars.net\/blog\/wp-content\/uploads\/2016\/03\/1064932-2048-293x195.jpg 293w, https:\/\/www.supercars.net\/blog\/wp-content\/uploads\/2016\/03\/1064932-2048-1400x934.jpg 1400w\" sizes=\"(max-width: 2048px) 100vw, 2048px\" \/>\r\n\t\t\t\t<\/a>\r\n            <\/div>\r\n                <div class='wp-caption-text gallery-caption'>\r\n                Nissan.\n\nWorld Endurance Championship. \nRound Two, Spa, Belgium. \n3rd &#8211; 4th May 2013. \n\nPhoto: Drew Gibson\r\n                <\/div><\/figure><figure class='gallery-item'>\r\n            <div class='gallery-icon landscape'>\r\n                <a href='https:\/\/www.supercars.net\/blog\/wp-content\/uploads\/2016\/03\/1064933-2048.jpg' class='tipi-lightbox'>\r\n\t\t\t\t<img decoding=\"async\" width=\"2048\" height=\"1365\" src=\"https:\/\/www.supercars.net\/blog\/wp-content\/uploads\/2016\/03\/1064933-2048.jpg\" class=\"attachment-full size-full\" alt=\"2013 WEC 6-Hours of Spa-Francorchamps\" srcset=\"https:\/\/www.supercars.net\/blog\/wp-content\/uploads\/2016\/03\/1064933-2048.jpg 2048w, https:\/\/www.supercars.net\/blog\/wp-content\/uploads\/2016\/03\/1064933-2048-300x200.jpg 300w, https:\/\/www.supercars.net\/blog\/wp-content\/uploads\/2016\/03\/1064933-2048-1024x683.jpg 1024w, https:\/\/www.supercars.net\/blog\/wp-content\/uploads\/2016\/03\/1064933-2048-100x67.jpg 100w, https:\/\/www.supercars.net\/blog\/wp-content\/uploads\/2016\/03\/1064933-2048-770x513.jpg 770w, https:\/\/www.supercars.net\/blog\/wp-content\/uploads\/2016\/03\/1064933-2048-1536x1024.jpg 1536w, https:\/\/www.supercars.net\/blog\/wp-content\/uploads\/2016\/03\/1064933-2048-360x240.jpg 360w, https:\/\/www.supercars.net\/blog\/wp-content\/uploads\/2016\/03\/1064933-2048-1155x770.jpg 1155w, https:\/\/www.supercars.net\/blog\/wp-content\/uploads\/2016\/03\/1064933-2048-370x247.jpg 370w, https:\/\/www.supercars.net\/blog\/wp-content\/uploads\/2016\/03\/1064933-2048-293x195.jpg 293w, https:\/\/www.supercars.net\/blog\/wp-content\/uploads\/2016\/03\/1064933-2048-1400x933.jpg 1400w\" sizes=\"(max-width: 2048px) 100vw, 2048px\" \/>\r\n\t\t\t\t<\/a>\r\n            <\/div>\r\n                <div class='wp-caption-text gallery-caption'>\r\n                Nissan.\n\nWorld Endurance Championship. \nRound Two, Spa, Belgium. \n3rd &#8211; 4th May 2013. \n\nPhoto: Drew Gibson\r\n                <\/div><\/figure><figure class='gallery-item'>\r\n            <div class='gallery-icon landscape'>\r\n                <a href='https:\/\/www.supercars.net\/blog\/wp-content\/uploads\/2016\/03\/1064934-2048.jpg' class='tipi-lightbox'>\r\n\t\t\t\t<img decoding=\"async\" width=\"2048\" height=\"1365\" src=\"https:\/\/www.supercars.net\/blog\/wp-content\/uploads\/2016\/03\/1064934-2048.jpg\" class=\"attachment-full size-full\" alt=\"2013 WEC 6-Hours of Spa-Francorchamps\" srcset=\"https:\/\/www.supercars.net\/blog\/wp-content\/uploads\/2016\/03\/1064934-2048.jpg 2048w, https:\/\/www.supercars.net\/blog\/wp-content\/uploads\/2016\/03\/1064934-2048-300x200.jpg 300w, https:\/\/www.supercars.net\/blog\/wp-content\/uploads\/2016\/03\/1064934-2048-1024x683.jpg 1024w, https:\/\/www.supercars.net\/blog\/wp-content\/uploads\/2016\/03\/1064934-2048-100x67.jpg 100w, https:\/\/www.supercars.net\/blog\/wp-content\/uploads\/2016\/03\/1064934-2048-770x513.jpg 770w, https:\/\/www.supercars.net\/blog\/wp-content\/uploads\/2016\/03\/1064934-2048-1536x1024.jpg 1536w, https:\/\/www.supercars.net\/blog\/wp-content\/uploads\/2016\/03\/1064934-2048-360x240.jpg 360w, https:\/\/www.supercars.net\/blog\/wp-content\/uploads\/2016\/03\/1064934-2048-1155x770.jpg 1155w, https:\/\/www.supercars.net\/blog\/wp-content\/uploads\/2016\/03\/1064934-2048-370x247.jpg 370w, https:\/\/www.supercars.net\/blog\/wp-content\/uploads\/2016\/03\/1064934-2048-293x195.jpg 293w, https:\/\/www.supercars.net\/blog\/wp-content\/uploads\/2016\/03\/1064934-2048-1400x933.jpg 1400w\" sizes=\"(max-width: 2048px) 100vw, 2048px\" \/>\r\n\t\t\t\t<\/a>\r\n            <\/div>\r\n                <div class='wp-caption-text gallery-caption'>\r\n                Nissan.\n\nWorld Endurance Championship. \nRound Two, Spa, Belgium. \n3rd &#8211; 4th May 2013. \n\nPhoto: Drew Gibson\r\n                <\/div><\/figure><figure class='gallery-item'>\r\n            <div class='gallery-icon landscape'>\r\n                <a href='https:\/\/www.supercars.net\/blog\/wp-content\/uploads\/2016\/03\/1064935-2048.jpg' class='tipi-lightbox'>\r\n\t\t\t\t<img decoding=\"async\" width=\"2048\" height=\"1365\" src=\"https:\/\/www.supercars.net\/blog\/wp-content\/uploads\/2016\/03\/1064935-2048.jpg\" class=\"attachment-full size-full\" alt=\"2013 WEC 6-Hours of Spa-Francorchamps\" srcset=\"https:\/\/www.supercars.net\/blog\/wp-content\/uploads\/2016\/03\/1064935-2048.jpg 2048w, https:\/\/www.supercars.net\/blog\/wp-content\/uploads\/2016\/03\/1064935-2048-300x200.jpg 300w, https:\/\/www.supercars.net\/blog\/wp-content\/uploads\/2016\/03\/1064935-2048-1024x683.jpg 1024w, https:\/\/www.supercars.net\/blog\/wp-content\/uploads\/2016\/03\/1064935-2048-100x67.jpg 100w, https:\/\/www.supercars.net\/blog\/wp-content\/uploads\/2016\/03\/1064935-2048-770x513.jpg 770w, https:\/\/www.supercars.net\/blog\/wp-content\/uploads\/2016\/03\/1064935-2048-1536x1024.jpg 1536w, https:\/\/www.supercars.net\/blog\/wp-content\/uploads\/2016\/03\/1064935-2048-360x240.jpg 360w, https:\/\/www.supercars.net\/blog\/wp-content\/uploads\/2016\/03\/1064935-2048-1155x770.jpg 1155w, https:\/\/www.supercars.net\/blog\/wp-content\/uploads\/2016\/03\/1064935-2048-370x247.jpg 370w, https:\/\/www.supercars.net\/blog\/wp-content\/uploads\/2016\/03\/1064935-2048-293x195.jpg 293w, https:\/\/www.supercars.net\/blog\/wp-content\/uploads\/2016\/03\/1064935-2048-1400x933.jpg 1400w\" sizes=\"(max-width: 2048px) 100vw, 2048px\" \/>\r\n\t\t\t\t<\/a>\r\n            <\/div><\/figure><figure class='gallery-item'>\r\n            <div class='gallery-icon landscape'>\r\n                <a href='https:\/\/www.supercars.net\/blog\/wp-content\/uploads\/2016\/03\/1064936-2048.jpg' class='tipi-lightbox'>\r\n\t\t\t\t<img decoding=\"async\" width=\"2048\" height=\"1365\" src=\"https:\/\/www.supercars.net\/blog\/wp-content\/uploads\/2016\/03\/1064936-2048.jpg\" class=\"attachment-full size-full\" alt=\"2013 WEC 6-Hours of Spa-Francorchamps\" srcset=\"https:\/\/www.supercars.net\/blog\/wp-content\/uploads\/2016\/03\/1064936-2048.jpg 2048w, https:\/\/www.supercars.net\/blog\/wp-content\/uploads\/2016\/03\/1064936-2048-300x200.jpg 300w, https:\/\/www.supercars.net\/blog\/wp-content\/uploads\/2016\/03\/1064936-2048-1024x683.jpg 1024w, https:\/\/www.supercars.net\/blog\/wp-content\/uploads\/2016\/03\/1064936-2048-100x67.jpg 100w, https:\/\/www.supercars.net\/blog\/wp-content\/uploads\/2016\/03\/1064936-2048-770x513.jpg 770w, https:\/\/www.supercars.net\/blog\/wp-content\/uploads\/2016\/03\/1064936-2048-1536x1024.jpg 1536w, https:\/\/www.supercars.net\/blog\/wp-content\/uploads\/2016\/03\/1064936-2048-360x240.jpg 360w, https:\/\/www.supercars.net\/blog\/wp-content\/uploads\/2016\/03\/1064936-2048-1155x770.jpg 1155w, https:\/\/www.supercars.net\/blog\/wp-content\/uploads\/2016\/03\/1064936-2048-370x247.jpg 370w, https:\/\/www.supercars.net\/blog\/wp-content\/uploads\/2016\/03\/1064936-2048-293x195.jpg 293w, https:\/\/www.supercars.net\/blog\/wp-content\/uploads\/2016\/03\/1064936-2048-1400x933.jpg 1400w\" sizes=\"(max-width: 2048px) 100vw, 2048px\" \/>\r\n\t\t\t\t<\/a>\r\n            <\/div>\r\n                <div class='wp-caption-text gallery-caption'>\r\n                Nissan.\n\nWorld Endurance Championship. \nRound Two, Spa, Belgium. \n3rd &#8211; 4th May 2013. \n\nPhoto: Drew Gibson\r\n                <\/div><\/figure><figure class='gallery-item'>\r\n            <div class='gallery-icon landscape'>\r\n                <a href='https:\/\/www.supercars.net\/blog\/wp-content\/uploads\/2016\/03\/1064937-2048.jpg' class='tipi-lightbox'>\r\n\t\t\t\t<img decoding=\"async\" width=\"2048\" height=\"1365\" src=\"https:\/\/www.supercars.net\/blog\/wp-content\/uploads\/2016\/03\/1064937-2048.jpg\" class=\"attachment-full size-full\" alt=\"2013 WEC 6-Hours of Spa-Francorchamps\" srcset=\"https:\/\/www.supercars.net\/blog\/wp-content\/uploads\/2016\/03\/1064937-2048.jpg 2048w, https:\/\/www.supercars.net\/blog\/wp-content\/uploads\/2016\/03\/1064937-2048-300x200.jpg 300w, https:\/\/www.supercars.net\/blog\/wp-content\/uploads\/2016\/03\/1064937-2048-1024x683.jpg 1024w, https:\/\/www.supercars.net\/blog\/wp-content\/uploads\/2016\/03\/1064937-2048-100x67.jpg 100w, https:\/\/www.supercars.net\/blog\/wp-content\/uploads\/2016\/03\/1064937-2048-770x513.jpg 770w, https:\/\/www.supercars.net\/blog\/wp-content\/uploads\/2016\/03\/1064937-2048-1536x1024.jpg 1536w, https:\/\/www.supercars.net\/blog\/wp-content\/uploads\/2016\/03\/1064937-2048-360x240.jpg 360w, https:\/\/www.supercars.net\/blog\/wp-content\/uploads\/2016\/03\/1064937-2048-1155x770.jpg 1155w, https:\/\/www.supercars.net\/blog\/wp-content\/uploads\/2016\/03\/1064937-2048-370x247.jpg 370w, https:\/\/www.supercars.net\/blog\/wp-content\/uploads\/2016\/03\/1064937-2048-293x195.jpg 293w, https:\/\/www.supercars.net\/blog\/wp-content\/uploads\/2016\/03\/1064937-2048-1400x933.jpg 1400w\" sizes=\"(max-width: 2048px) 100vw, 2048px\" \/>\r\n\t\t\t\t<\/a>\r\n            <\/div>\r\n                <div class='wp-caption-text gallery-caption'>\r\n                Nissan.\n\nWorld Endurance Championship. \nRound Two, Spa, Belgium. \n3rd &#8211; 4th May 2013. \n\nPhoto: Drew Gibson\r\n                <\/div><\/figure><figure class='gallery-item'>\r\n            <div class='gallery-icon landscape'>\r\n                <a href='https:\/\/www.supercars.net\/blog\/wp-content\/uploads\/2016\/03\/1064938-2048.jpg' class='tipi-lightbox'>\r\n\t\t\t\t<img decoding=\"async\" width=\"2048\" height=\"1365\" src=\"https:\/\/www.supercars.net\/blog\/wp-content\/uploads\/2016\/03\/1064938-2048.jpg\" class=\"attachment-full size-full\" alt=\"2013 WEC 6-Hours of Spa-Francorchamps\" srcset=\"https:\/\/www.supercars.net\/blog\/wp-content\/uploads\/2016\/03\/1064938-2048.jpg 2048w, https:\/\/www.supercars.net\/blog\/wp-content\/uploads\/2016\/03\/1064938-2048-300x200.jpg 300w, https:\/\/www.supercars.net\/blog\/wp-content\/uploads\/2016\/03\/1064938-2048-1024x683.jpg 1024w, https:\/\/www.supercars.net\/blog\/wp-content\/uploads\/2016\/03\/1064938-2048-100x67.jpg 100w, https:\/\/www.supercars.net\/blog\/wp-content\/uploads\/2016\/03\/1064938-2048-770x513.jpg 770w, https:\/\/www.supercars.net\/blog\/wp-content\/uploads\/2016\/03\/1064938-2048-1536x1024.jpg 1536w, https:\/\/www.supercars.net\/blog\/wp-content\/uploads\/2016\/03\/1064938-2048-360x240.jpg 360w, https:\/\/www.supercars.net\/blog\/wp-content\/uploads\/2016\/03\/1064938-2048-1155x770.jpg 1155w, https:\/\/www.supercars.net\/blog\/wp-content\/uploads\/2016\/03\/1064938-2048-370x247.jpg 370w, https:\/\/www.supercars.net\/blog\/wp-content\/uploads\/2016\/03\/1064938-2048-293x195.jpg 293w, https:\/\/www.supercars.net\/blog\/wp-content\/uploads\/2016\/03\/1064938-2048-1400x933.jpg 1400w\" sizes=\"(max-width: 2048px) 100vw, 2048px\" \/>\r\n\t\t\t\t<\/a>\r\n            <\/div>\r\n                <div class='wp-caption-text gallery-caption'>\r\n                Nissan.\n\nWorld Endurance Championship. \nRound Two, Spa, Belgium. \n3rd &#8211; 4th May 2013. \n\nPhoto: Drew Gibson\r\n                <\/div><\/figure><figure class='gallery-item'>\r\n            <div class='gallery-icon landscape'>\r\n                <a href='https:\/\/www.supercars.net\/blog\/wp-content\/uploads\/2016\/03\/1064939-2048.jpg' class='tipi-lightbox'>\r\n\t\t\t\t<img decoding=\"async\" width=\"2048\" height=\"1365\" src=\"https:\/\/www.supercars.net\/blog\/wp-content\/uploads\/2016\/03\/1064939-2048.jpg\" class=\"attachment-full size-full\" alt=\"2013 WEC 6-Hours of Spa-Francorchamps\" srcset=\"https:\/\/www.supercars.net\/blog\/wp-content\/uploads\/2016\/03\/1064939-2048.jpg 2048w, https:\/\/www.supercars.net\/blog\/wp-content\/uploads\/2016\/03\/1064939-2048-300x200.jpg 300w, https:\/\/www.supercars.net\/blog\/wp-content\/uploads\/2016\/03\/1064939-2048-1024x683.jpg 1024w, https:\/\/www.supercars.net\/blog\/wp-content\/uploads\/2016\/03\/1064939-2048-100x67.jpg 100w, https:\/\/www.supercars.net\/blog\/wp-content\/uploads\/2016\/03\/1064939-2048-770x513.jpg 770w, https:\/\/www.supercars.net\/blog\/wp-content\/uploads\/2016\/03\/1064939-2048-1536x1024.jpg 1536w, https:\/\/www.supercars.net\/blog\/wp-content\/uploads\/2016\/03\/1064939-2048-360x240.jpg 360w, https:\/\/www.supercars.net\/blog\/wp-content\/uploads\/2016\/03\/1064939-2048-1155x770.jpg 1155w, https:\/\/www.supercars.net\/blog\/wp-content\/uploads\/2016\/03\/1064939-2048-370x247.jpg 370w, https:\/\/www.supercars.net\/blog\/wp-content\/uploads\/2016\/03\/1064939-2048-293x195.jpg 293w, https:\/\/www.supercars.net\/blog\/wp-content\/uploads\/2016\/03\/1064939-2048-1400x933.jpg 1400w\" sizes=\"(max-width: 2048px) 100vw, 2048px\" \/>\r\n\t\t\t\t<\/a>\r\n            <\/div>\r\n                <div class='wp-caption-text gallery-caption'>\r\n                Alexander Wurz (AUT) \/ Nicolas Lapierre (FRA) \/ Kazuki Nakajima (JPN) Toyota Racing, Toyota TS030, Hybrid and Marcel Fassler (SUI) \/ Andre Lotterer (GER) \/ Benoit Treluyer (FRA) Audi Sport Team Joest, Audi R18 e-tron quattro and Anthony Davidson (GBR) \/  Sebastien Buemi (SUI) \/ Stephane Sarrazin (FRA) Toyota Racing, Toyota TS030, Hybrid.\nFIA World Endurance Championship, Round 2, Friday 3 May 2013. Spa-Francorchamps, Belgium.\r\n                <\/div><\/figure><figure class='gallery-item'>\r\n            <div class='gallery-icon landscape'>\r\n                <a href='https:\/\/www.supercars.net\/blog\/wp-content\/uploads\/2016\/03\/1064940-2048.jpg' class='tipi-lightbox'>\r\n\t\t\t\t<img decoding=\"async\" width=\"2048\" height=\"1365\" src=\"https:\/\/www.supercars.net\/blog\/wp-content\/uploads\/2016\/03\/1064940-2048.jpg\" class=\"attachment-full size-full\" alt=\"2013 WEC 6-Hours of Spa-Francorchamps\" srcset=\"https:\/\/www.supercars.net\/blog\/wp-content\/uploads\/2016\/03\/1064940-2048.jpg 2048w, https:\/\/www.supercars.net\/blog\/wp-content\/uploads\/2016\/03\/1064940-2048-300x200.jpg 300w, https:\/\/www.supercars.net\/blog\/wp-content\/uploads\/2016\/03\/1064940-2048-1024x683.jpg 1024w, https:\/\/www.supercars.net\/blog\/wp-content\/uploads\/2016\/03\/1064940-2048-100x67.jpg 100w, https:\/\/www.supercars.net\/blog\/wp-content\/uploads\/2016\/03\/1064940-2048-770x513.jpg 770w, https:\/\/www.supercars.net\/blog\/wp-content\/uploads\/2016\/03\/1064940-2048-1536x1024.jpg 1536w, https:\/\/www.supercars.net\/blog\/wp-content\/uploads\/2016\/03\/1064940-2048-360x240.jpg 360w, https:\/\/www.supercars.net\/blog\/wp-content\/uploads\/2016\/03\/1064940-2048-1155x770.jpg 1155w, https:\/\/www.supercars.net\/blog\/wp-content\/uploads\/2016\/03\/1064940-2048-370x247.jpg 370w, https:\/\/www.supercars.net\/blog\/wp-content\/uploads\/2016\/03\/1064940-2048-293x195.jpg 293w, https:\/\/www.supercars.net\/blog\/wp-content\/uploads\/2016\/03\/1064940-2048-1400x933.jpg 1400w\" sizes=\"(max-width: 2048px) 100vw, 2048px\" \/>\r\n\t\t\t\t<\/a>\r\n            <\/div>\r\n                <div class='wp-caption-text gallery-caption'>\r\n                Alexander Wurz (AUT) \/ Nicolas Lapierre (FRA) \/ Kazuki Nakajima (JPN) Toyota Racing, Toyota TS030, Hybrid.\nFIA World Endurance Championship, Round 2, Friday 3 May 2013. Spa-Francorchamps, Belgium.\r\n                <\/div><\/figure><figure class='gallery-item'>\r\n            <div class='gallery-icon landscape'>\r\n                <a href='https:\/\/www.supercars.net\/blog\/wp-content\/uploads\/2016\/03\/1064942-2048.jpg' class='tipi-lightbox'>\r\n\t\t\t\t<img decoding=\"async\" width=\"2048\" height=\"1365\" src=\"https:\/\/www.supercars.net\/blog\/wp-content\/uploads\/2016\/03\/1064942-2048.jpg\" class=\"attachment-full size-full\" alt=\"2013 WEC 6-Hours of Spa-Francorchamps\" srcset=\"https:\/\/www.supercars.net\/blog\/wp-content\/uploads\/2016\/03\/1064942-2048.jpg 2048w, https:\/\/www.supercars.net\/blog\/wp-content\/uploads\/2016\/03\/1064942-2048-300x200.jpg 300w, https:\/\/www.supercars.net\/blog\/wp-content\/uploads\/2016\/03\/1064942-2048-1024x683.jpg 1024w, https:\/\/www.supercars.net\/blog\/wp-content\/uploads\/2016\/03\/1064942-2048-100x67.jpg 100w, https:\/\/www.supercars.net\/blog\/wp-content\/uploads\/2016\/03\/1064942-2048-770x513.jpg 770w, https:\/\/www.supercars.net\/blog\/wp-content\/uploads\/2016\/03\/1064942-2048-1536x1024.jpg 1536w, https:\/\/www.supercars.net\/blog\/wp-content\/uploads\/2016\/03\/1064942-2048-360x240.jpg 360w, https:\/\/www.supercars.net\/blog\/wp-content\/uploads\/2016\/03\/1064942-2048-1155x770.jpg 1155w, https:\/\/www.supercars.net\/blog\/wp-content\/uploads\/2016\/03\/1064942-2048-370x247.jpg 370w, https:\/\/www.supercars.net\/blog\/wp-content\/uploads\/2016\/03\/1064942-2048-293x195.jpg 293w, https:\/\/www.supercars.net\/blog\/wp-content\/uploads\/2016\/03\/1064942-2048-1400x933.jpg 1400w\" sizes=\"(max-width: 2048px) 100vw, 2048px\" \/>\r\n\t\t\t\t<\/a>\r\n            <\/div>\r\n                <div class='wp-caption-text gallery-caption'>\r\n                Nicolas Prost (FRA) \/ Neel Jani (FRA) \/ Nick Heidfeld (GER) Rebellion Racing, Lola B12\/60 Coupe, Toyota.\nFIA World Endurance Championship, Round 2, Friday 3 May 2013. Spa-Francorchamps, Belgium.\r\n                <\/div><\/figure><figure class='gallery-item'>\r\n            <div class='gallery-icon landscape'>\r\n                <a href='https:\/\/www.supercars.net\/blog\/wp-content\/uploads\/2016\/03\/1064943-2048.jpg' class='tipi-lightbox'>\r\n\t\t\t\t<img decoding=\"async\" width=\"2048\" height=\"1365\" src=\"https:\/\/www.supercars.net\/blog\/wp-content\/uploads\/2016\/03\/1064943-2048.jpg\" class=\"attachment-full size-full\" alt=\"2013 WEC 6-Hours of Spa-Francorchamps\" srcset=\"https:\/\/www.supercars.net\/blog\/wp-content\/uploads\/2016\/03\/1064943-2048.jpg 2048w, https:\/\/www.supercars.net\/blog\/wp-content\/uploads\/2016\/03\/1064943-2048-300x200.jpg 300w, https:\/\/www.supercars.net\/blog\/wp-content\/uploads\/2016\/03\/1064943-2048-1024x683.jpg 1024w, https:\/\/www.supercars.net\/blog\/wp-content\/uploads\/2016\/03\/1064943-2048-100x67.jpg 100w, https:\/\/www.supercars.net\/blog\/wp-content\/uploads\/2016\/03\/1064943-2048-770x513.jpg 770w, https:\/\/www.supercars.net\/blog\/wp-content\/uploads\/2016\/03\/1064943-2048-1536x1024.jpg 1536w, https:\/\/www.supercars.net\/blog\/wp-content\/uploads\/2016\/03\/1064943-2048-360x240.jpg 360w, https:\/\/www.supercars.net\/blog\/wp-content\/uploads\/2016\/03\/1064943-2048-1155x770.jpg 1155w, https:\/\/www.supercars.net\/blog\/wp-content\/uploads\/2016\/03\/1064943-2048-370x247.jpg 370w, https:\/\/www.supercars.net\/blog\/wp-content\/uploads\/2016\/03\/1064943-2048-293x195.jpg 293w, https:\/\/www.supercars.net\/blog\/wp-content\/uploads\/2016\/03\/1064943-2048-1400x933.jpg 1400w\" sizes=\"(max-width: 2048px) 100vw, 2048px\" \/>\r\n\t\t\t\t<\/a>\r\n            <\/div>\r\n                <div class='wp-caption-text gallery-caption'>\r\n                Kevin Weeda (USA) \/ Vitantonio Liuzzi (ITA) \/ James Rossiter (GBR) Lotus T128.\nFIA World Endurance Championship, Round 2, Friday 3 May 2013. Spa-Francorchamps, Belgium.\r\n                <\/div><\/figure><figure class='gallery-item'>\r\n            <div class='gallery-icon landscape'>\r\n                <a href='https:\/\/www.supercars.net\/blog\/wp-content\/uploads\/2016\/03\/1064944-2048.jpg' class='tipi-lightbox'>\r\n\t\t\t\t<img decoding=\"async\" width=\"2048\" height=\"1366\" src=\"https:\/\/www.supercars.net\/blog\/wp-content\/uploads\/2016\/03\/1064944-2048.jpg\" class=\"attachment-full size-full\" alt=\"2013 WEC 6-Hours of Spa-Francorchamps\" srcset=\"https:\/\/www.supercars.net\/blog\/wp-content\/uploads\/2016\/03\/1064944-2048.jpg 2048w, https:\/\/www.supercars.net\/blog\/wp-content\/uploads\/2016\/03\/1064944-2048-300x200.jpg 300w, https:\/\/www.supercars.net\/blog\/wp-content\/uploads\/2016\/03\/1064944-2048-1024x683.jpg 1024w, https:\/\/www.supercars.net\/blog\/wp-content\/uploads\/2016\/03\/1064944-2048-100x67.jpg 100w, https:\/\/www.supercars.net\/blog\/wp-content\/uploads\/2016\/03\/1064944-2048-770x514.jpg 770w, https:\/\/www.supercars.net\/blog\/wp-content\/uploads\/2016\/03\/1064944-2048-1536x1025.jpg 1536w, https:\/\/www.supercars.net\/blog\/wp-content\/uploads\/2016\/03\/1064944-2048-360x240.jpg 360w, https:\/\/www.supercars.net\/blog\/wp-content\/uploads\/2016\/03\/1064944-2048-1155x770.jpg 1155w, https:\/\/www.supercars.net\/blog\/wp-content\/uploads\/2016\/03\/1064944-2048-370x247.jpg 370w, https:\/\/www.supercars.net\/blog\/wp-content\/uploads\/2016\/03\/1064944-2048-293x195.jpg 293w, https:\/\/www.supercars.net\/blog\/wp-content\/uploads\/2016\/03\/1064944-2048-1400x934.jpg 1400w\" sizes=\"(max-width: 2048px) 100vw, 2048px\" \/>\r\n\t\t\t\t<\/a>\r\n            <\/div>\r\n                <div class='wp-caption-text gallery-caption'>\r\n                MOTORSPORT &#8211; WEC 2013 &#8211; WORLD ENDURANCE CHAMPIONSHIP 2013 &#8211; 6 HOURS OF SPA FRANCORCHAMPS \/ 6 HEURES DE SPA FRANCORCHAMPS &#8211; BELGIQUE &#8211; 02 TO 05\/05\/2013 &#8211; PHOTO JEAN MICHEL LE MEUR \/ DPPI &#8211; \n12 PROST NICOLAS (FRA) &#8211; JANI NEEL (CHE) &#8211; NICK HEIDFELD (GER) \/ WEC LMP1 \/ LOLA B12\/60 COUPE TOYOTA TEAM REBELLION RACING \/ ACTION\r\n                <\/div><\/figure><figure class='gallery-item'>\r\n            <div class='gallery-icon landscape'>\r\n                <a href='https:\/\/www.supercars.net\/blog\/wp-content\/uploads\/2016\/03\/1064946-2048.jpg' class='tipi-lightbox'>\r\n\t\t\t\t<img decoding=\"async\" width=\"2048\" height=\"1365\" src=\"https:\/\/www.supercars.net\/blog\/wp-content\/uploads\/2016\/03\/1064946-2048.jpg\" class=\"attachment-full size-full\" alt=\"2013 WEC 6-Hours of Spa-Francorchamps\" srcset=\"https:\/\/www.supercars.net\/blog\/wp-content\/uploads\/2016\/03\/1064946-2048.jpg 2048w, https:\/\/www.supercars.net\/blog\/wp-content\/uploads\/2016\/03\/1064946-2048-300x200.jpg 300w, https:\/\/www.supercars.net\/blog\/wp-content\/uploads\/2016\/03\/1064946-2048-1024x683.jpg 1024w, https:\/\/www.supercars.net\/blog\/wp-content\/uploads\/2016\/03\/1064946-2048-100x67.jpg 100w, https:\/\/www.supercars.net\/blog\/wp-content\/uploads\/2016\/03\/1064946-2048-770x513.jpg 770w, https:\/\/www.supercars.net\/blog\/wp-content\/uploads\/2016\/03\/1064946-2048-1536x1024.jpg 1536w, https:\/\/www.supercars.net\/blog\/wp-content\/uploads\/2016\/03\/1064946-2048-360x240.jpg 360w, https:\/\/www.supercars.net\/blog\/wp-content\/uploads\/2016\/03\/1064946-2048-1155x770.jpg 1155w, https:\/\/www.supercars.net\/blog\/wp-content\/uploads\/2016\/03\/1064946-2048-370x247.jpg 370w, https:\/\/www.supercars.net\/blog\/wp-content\/uploads\/2016\/03\/1064946-2048-293x195.jpg 293w, https:\/\/www.supercars.net\/blog\/wp-content\/uploads\/2016\/03\/1064946-2048-1400x933.jpg 1400w\" sizes=\"(max-width: 2048px) 100vw, 2048px\" \/>\r\n\t\t\t\t<\/a>\r\n            <\/div>\r\n                <div class='wp-caption-text gallery-caption'>\r\n                Kevin Weeda (USA) \/ Vitantonio Liuzzi (ITA) \/ James Rossiter (GBR) Lotus T128.\nFIA World Endurance Championship, Round 2, Friday 3 May 2013. Spa-Francorchamps, Belgium.\r\n                <\/div><\/figure><figure class='gallery-item'>\r\n            <div class='gallery-icon landscape'>\r\n                <a href='https:\/\/www.supercars.net\/blog\/wp-content\/uploads\/2016\/03\/1064947-2048.jpg' class='tipi-lightbox'>\r\n\t\t\t\t<img decoding=\"async\" width=\"2048\" height=\"1315\" src=\"https:\/\/www.supercars.net\/blog\/wp-content\/uploads\/2016\/03\/1064947-2048.jpg\" class=\"attachment-full size-full\" alt=\"2013 WEC 6-Hours of Spa-Francorchamps\" srcset=\"https:\/\/www.supercars.net\/blog\/wp-content\/uploads\/2016\/03\/1064947-2048.jpg 2048w, https:\/\/www.supercars.net\/blog\/wp-content\/uploads\/2016\/03\/1064947-2048-300x193.jpg 300w, https:\/\/www.supercars.net\/blog\/wp-content\/uploads\/2016\/03\/1064947-2048-1024x658.jpg 1024w, https:\/\/www.supercars.net\/blog\/wp-content\/uploads\/2016\/03\/1064947-2048-100x64.jpg 100w, https:\/\/www.supercars.net\/blog\/wp-content\/uploads\/2016\/03\/1064947-2048-770x494.jpg 770w, https:\/\/www.supercars.net\/blog\/wp-content\/uploads\/2016\/03\/1064947-2048-1536x986.jpg 1536w, https:\/\/www.supercars.net\/blog\/wp-content\/uploads\/2016\/03\/1064947-2048-293x188.jpg 293w, https:\/\/www.supercars.net\/blog\/wp-content\/uploads\/2016\/03\/1064947-2048-1400x899.jpg 1400w\" sizes=\"(max-width: 2048px) 100vw, 2048px\" \/>\r\n\t\t\t\t<\/a>\r\n            <\/div>\r\n                <div class='wp-caption-text gallery-caption'>\r\n                MOTORSPORT &#8211; WEC 2013 &#8211; WORLD ENDURANCE CHAMPIONSHIP 2013 &#8211; 6 HOURS OF SPA FRANCORCHAMPS \/ 6 HEURES DE SPA FRANCORCHAMPS &#8211; BELGIQUE &#8211; 02 TO 05\/05\/2013 &#8211; PHOTO FREDERIC LE FLOC&#8217;H \/ DPPI &#8211; \n13 BELICCHI ANDREA (ITA) &#8211; BECHE MATHIAS (CHE) &#8211; CHEN CONG FU (CHN) \/ WEC LMP1 \/ LOLA B12\/60 COUPE TOYOTA TEAM REBELLION RACING \/ ACTION\r\n                <\/div><\/figure><figure class='gallery-item'>\r\n            <div class='gallery-icon landscape'>\r\n                <a href='https:\/\/www.supercars.net\/blog\/wp-content\/uploads\/2016\/03\/1064948-2048.jpg' class='tipi-lightbox'>\r\n\t\t\t\t<img decoding=\"async\" width=\"2048\" height=\"1366\" src=\"https:\/\/www.supercars.net\/blog\/wp-content\/uploads\/2016\/03\/1064948-2048.jpg\" class=\"attachment-full size-full\" alt=\"2013 WEC 6-Hours of Spa-Francorchamps\" srcset=\"https:\/\/www.supercars.net\/blog\/wp-content\/uploads\/2016\/03\/1064948-2048.jpg 2048w, https:\/\/www.supercars.net\/blog\/wp-content\/uploads\/2016\/03\/1064948-2048-300x200.jpg 300w, https:\/\/www.supercars.net\/blog\/wp-content\/uploads\/2016\/03\/1064948-2048-1024x683.jpg 1024w, https:\/\/www.supercars.net\/blog\/wp-content\/uploads\/2016\/03\/1064948-2048-100x67.jpg 100w, https:\/\/www.supercars.net\/blog\/wp-content\/uploads\/2016\/03\/1064948-2048-770x514.jpg 770w, https:\/\/www.supercars.net\/blog\/wp-content\/uploads\/2016\/03\/1064948-2048-1536x1025.jpg 1536w, https:\/\/www.supercars.net\/blog\/wp-content\/uploads\/2016\/03\/1064948-2048-360x240.jpg 360w, https:\/\/www.supercars.net\/blog\/wp-content\/uploads\/2016\/03\/1064948-2048-1155x770.jpg 1155w, https:\/\/www.supercars.net\/blog\/wp-content\/uploads\/2016\/03\/1064948-2048-370x247.jpg 370w, https:\/\/www.supercars.net\/blog\/wp-content\/uploads\/2016\/03\/1064948-2048-293x195.jpg 293w, https:\/\/www.supercars.net\/blog\/wp-content\/uploads\/2016\/03\/1064948-2048-1400x934.jpg 1400w\" sizes=\"(max-width: 2048px) 100vw, 2048px\" \/>\r\n\t\t\t\t<\/a>\r\n            <\/div>\r\n                <div class='wp-caption-text gallery-caption'>\r\n                MOTORSPORT &#8211; WEC 2013 &#8211; WORLD ENDURANCE CHAMPIONSHIP 2013 &#8211; 6 HOURS OF SPA FRANCORCHAMPS \/ 6 HEURES DE SPA FRANCORCHAMPS &#8211; BELGIQUE &#8211; 02 TO 05\/05\/2013 &#8211; PHOTO FLORENT GOODEN \/ DPPI &#8211; \n32 HOLZER THOMAS (DEU) &#8211; DOMINIK KRAIHAMER (DNK) &#8211; CHAROUZ JAN (CZE) \/ WEC LMP2 \/ LOTUS T128 TEAM LOTUS \/ ACTION\r\n                <\/div><\/figure><figure class='gallery-item'>\r\n            <div class='gallery-icon landscape'>\r\n                <a href='https:\/\/www.supercars.net\/blog\/wp-content\/uploads\/2016\/03\/1064949-2048.jpg' class='tipi-lightbox'>\r\n\t\t\t\t<img decoding=\"async\" width=\"2048\" height=\"1366\" src=\"https:\/\/www.supercars.net\/blog\/wp-content\/uploads\/2016\/03\/1064949-2048.jpg\" class=\"attachment-full size-full\" alt=\"2013 WEC 6-Hours of Spa-Francorchamps\" srcset=\"https:\/\/www.supercars.net\/blog\/wp-content\/uploads\/2016\/03\/1064949-2048.jpg 2048w, https:\/\/www.supercars.net\/blog\/wp-content\/uploads\/2016\/03\/1064949-2048-300x200.jpg 300w, https:\/\/www.supercars.net\/blog\/wp-content\/uploads\/2016\/03\/1064949-2048-1024x683.jpg 1024w, https:\/\/www.supercars.net\/blog\/wp-content\/uploads\/2016\/03\/1064949-2048-100x67.jpg 100w, https:\/\/www.supercars.net\/blog\/wp-content\/uploads\/2016\/03\/1064949-2048-770x514.jpg 770w, https:\/\/www.supercars.net\/blog\/wp-content\/uploads\/2016\/03\/1064949-2048-1536x1025.jpg 1536w, https:\/\/www.supercars.net\/blog\/wp-content\/uploads\/2016\/03\/1064949-2048-360x240.jpg 360w, https:\/\/www.supercars.net\/blog\/wp-content\/uploads\/2016\/03\/1064949-2048-1155x770.jpg 1155w, https:\/\/www.supercars.net\/blog\/wp-content\/uploads\/2016\/03\/1064949-2048-370x247.jpg 370w, https:\/\/www.supercars.net\/blog\/wp-content\/uploads\/2016\/03\/1064949-2048-293x195.jpg 293w, https:\/\/www.supercars.net\/blog\/wp-content\/uploads\/2016\/03\/1064949-2048-1400x934.jpg 1400w\" sizes=\"(max-width: 2048px) 100vw, 2048px\" \/>\r\n\t\t\t\t<\/a>\r\n            <\/div>\r\n                <div class='wp-caption-text gallery-caption'>\r\n                MOTORSPORT &#8211; WEC 2013 &#8211; WORLD ENDURANCE CHAMPIONSHIP 2013 &#8211; 6 HOURS OF SPA FRANCORCHAMPS \/ 6 HEURES DE SPA FRANCORCHAMPS &#8211; BELGIQUE &#8211; 02 TO 05\/05\/2013 &#8211; PHOTO FLORENT GOODEN \/ DPPI &#8211; \nFOULE &#8211; CROWD\r\n                <\/div><\/figure><figure class='gallery-item'>\r\n            <div class='gallery-icon landscape'>\r\n                <a href='https:\/\/www.supercars.net\/blog\/wp-content\/uploads\/2016\/03\/1064950-2048.jpg' class='tipi-lightbox'>\r\n\t\t\t\t<img decoding=\"async\" width=\"2048\" height=\"1365\" src=\"https:\/\/www.supercars.net\/blog\/wp-content\/uploads\/2016\/03\/1064950-2048.jpg\" class=\"attachment-full size-full\" alt=\"2013 WEC 6-Hours of Spa-Francorchamps\" srcset=\"https:\/\/www.supercars.net\/blog\/wp-content\/uploads\/2016\/03\/1064950-2048.jpg 2048w, https:\/\/www.supercars.net\/blog\/wp-content\/uploads\/2016\/03\/1064950-2048-300x200.jpg 300w, https:\/\/www.supercars.net\/blog\/wp-content\/uploads\/2016\/03\/1064950-2048-1024x683.jpg 1024w, https:\/\/www.supercars.net\/blog\/wp-content\/uploads\/2016\/03\/1064950-2048-100x67.jpg 100w, https:\/\/www.supercars.net\/blog\/wp-content\/uploads\/2016\/03\/1064950-2048-770x513.jpg 770w, https:\/\/www.supercars.net\/blog\/wp-content\/uploads\/2016\/03\/1064950-2048-1536x1024.jpg 1536w, https:\/\/www.supercars.net\/blog\/wp-content\/uploads\/2016\/03\/1064950-2048-360x240.jpg 360w, https:\/\/www.supercars.net\/blog\/wp-content\/uploads\/2016\/03\/1064950-2048-1155x770.jpg 1155w, https:\/\/www.supercars.net\/blog\/wp-content\/uploads\/2016\/03\/1064950-2048-370x247.jpg 370w, https:\/\/www.supercars.net\/blog\/wp-content\/uploads\/2016\/03\/1064950-2048-293x195.jpg 293w, https:\/\/www.supercars.net\/blog\/wp-content\/uploads\/2016\/03\/1064950-2048-1400x933.jpg 1400w\" sizes=\"(max-width: 2048px) 100vw, 2048px\" \/>\r\n\t\t\t\t<\/a>\r\n            <\/div>\r\n                <div class='wp-caption-text gallery-caption'>\r\n                Grid girls.\nFIA World Endurance Championship, Round 2, Saturday 4 May 2013. Spa-Francorchamps, Belgium.\r\n                <\/div><\/figure><figure class='gallery-item'>\r\n            <div class='gallery-icon landscape'>\r\n                <a href='https:\/\/www.supercars.net\/blog\/wp-content\/uploads\/2016\/03\/1064951-2048.jpg' class='tipi-lightbox'>\r\n\t\t\t\t<img decoding=\"async\" width=\"2048\" height=\"1365\" src=\"https:\/\/www.supercars.net\/blog\/wp-content\/uploads\/2016\/03\/1064951-2048.jpg\" class=\"attachment-full size-full\" alt=\"2013 WEC 6-Hours of Spa-Francorchamps\" srcset=\"https:\/\/www.supercars.net\/blog\/wp-content\/uploads\/2016\/03\/1064951-2048.jpg 2048w, https:\/\/www.supercars.net\/blog\/wp-content\/uploads\/2016\/03\/1064951-2048-300x200.jpg 300w, https:\/\/www.supercars.net\/blog\/wp-content\/uploads\/2016\/03\/1064951-2048-1024x683.jpg 1024w, https:\/\/www.supercars.net\/blog\/wp-content\/uploads\/2016\/03\/1064951-2048-100x67.jpg 100w, https:\/\/www.supercars.net\/blog\/wp-content\/uploads\/2016\/03\/1064951-2048-770x513.jpg 770w, https:\/\/www.supercars.net\/blog\/wp-content\/uploads\/2016\/03\/1064951-2048-1536x1024.jpg 1536w, https:\/\/www.supercars.net\/blog\/wp-content\/uploads\/2016\/03\/1064951-2048-360x240.jpg 360w, https:\/\/www.supercars.net\/blog\/wp-content\/uploads\/2016\/03\/1064951-2048-1155x770.jpg 1155w, https:\/\/www.supercars.net\/blog\/wp-content\/uploads\/2016\/03\/1064951-2048-370x247.jpg 370w, https:\/\/www.supercars.net\/blog\/wp-content\/uploads\/2016\/03\/1064951-2048-293x195.jpg 293w, https:\/\/www.supercars.net\/blog\/wp-content\/uploads\/2016\/03\/1064951-2048-1400x933.jpg 1400w\" sizes=\"(max-width: 2048px) 100vw, 2048px\" \/>\r\n\t\t\t\t<\/a>\r\n            <\/div>\r\n                <div class='wp-caption-text gallery-caption'>\r\n                Nicolas Prost (FRA) \/ Neel Jani (FRA) \/ Nick Heidfeld (GER) Rebellion Racing, Lola B12\/60 Coupe, Toyota.\nFIA World Endurance Championship, Round 2, Saturday 4 May 2013. Spa-Francorchamps, Belgium.\r\n                <\/div><\/figure><figure class='gallery-item'>\r\n            <div class='gallery-icon landscape'>\r\n                <a href='https:\/\/www.supercars.net\/blog\/wp-content\/uploads\/2016\/03\/1064952-2048.jpg' class='tipi-lightbox'>\r\n\t\t\t\t<img decoding=\"async\" width=\"2048\" height=\"1366\" src=\"https:\/\/www.supercars.net\/blog\/wp-content\/uploads\/2016\/03\/1064952-2048.jpg\" class=\"attachment-full size-full\" alt=\"2013 WEC 6-Hours of Spa-Francorchamps\" srcset=\"https:\/\/www.supercars.net\/blog\/wp-content\/uploads\/2016\/03\/1064952-2048.jpg 2048w, https:\/\/www.supercars.net\/blog\/wp-content\/uploads\/2016\/03\/1064952-2048-300x200.jpg 300w, https:\/\/www.supercars.net\/blog\/wp-content\/uploads\/2016\/03\/1064952-2048-1024x683.jpg 1024w, https:\/\/www.supercars.net\/blog\/wp-content\/uploads\/2016\/03\/1064952-2048-100x67.jpg 100w, https:\/\/www.supercars.net\/blog\/wp-content\/uploads\/2016\/03\/1064952-2048-770x514.jpg 770w, https:\/\/www.supercars.net\/blog\/wp-content\/uploads\/2016\/03\/1064952-2048-1536x1025.jpg 1536w, https:\/\/www.supercars.net\/blog\/wp-content\/uploads\/2016\/03\/1064952-2048-360x240.jpg 360w, https:\/\/www.supercars.net\/blog\/wp-content\/uploads\/2016\/03\/1064952-2048-1155x770.jpg 1155w, https:\/\/www.supercars.net\/blog\/wp-content\/uploads\/2016\/03\/1064952-2048-370x247.jpg 370w, https:\/\/www.supercars.net\/blog\/wp-content\/uploads\/2016\/03\/1064952-2048-293x195.jpg 293w, https:\/\/www.supercars.net\/blog\/wp-content\/uploads\/2016\/03\/1064952-2048-1400x934.jpg 1400w\" sizes=\"(max-width: 2048px) 100vw, 2048px\" \/>\r\n\t\t\t\t<\/a>\r\n            <\/div>\r\n                <div class='wp-caption-text gallery-caption'>\r\n                MOTORSPORT &#8211; WEC 2013 &#8211; WORLD ENDURANCE CHAMPIONSHIP 2013 &#8211; 6 HOURS OF SPA FRANCORCHAMPS \/ 6 HEURES DE SPA FRANCORCHAMPS &#8211; BELGIQUE &#8211; 02 TO 05\/05\/2013 &#8211; PHOTO FLORENT GOODEN \/ DPPI &#8211; \nLOTTERER ANDRE (GER) \/ WEC LMP1 \/ AUDI R18 E-TRON QUATTRO TEAM AUDI SPORT JOEST \/ AMBIANCE &#8211; PORTRAIT\r\n                <\/div><\/figure><figure class='gallery-item'>\r\n            <div class='gallery-icon landscape'>\r\n                <a href='https:\/\/www.supercars.net\/blog\/wp-content\/uploads\/2016\/03\/1064953-2048.jpg' class='tipi-lightbox'>\r\n\t\t\t\t<img decoding=\"async\" width=\"2048\" height=\"1329\" src=\"https:\/\/www.supercars.net\/blog\/wp-content\/uploads\/2016\/03\/1064953-2048.jpg\" class=\"attachment-full size-full\" alt=\"2013 WEC 6-Hours of Spa-Francorchamps\" srcset=\"https:\/\/www.supercars.net\/blog\/wp-content\/uploads\/2016\/03\/1064953-2048.jpg 2048w, https:\/\/www.supercars.net\/blog\/wp-content\/uploads\/2016\/03\/1064953-2048-300x195.jpg 300w, https:\/\/www.supercars.net\/blog\/wp-content\/uploads\/2016\/03\/1064953-2048-1024x665.jpg 1024w, https:\/\/www.supercars.net\/blog\/wp-content\/uploads\/2016\/03\/1064953-2048-100x65.jpg 100w, https:\/\/www.supercars.net\/blog\/wp-content\/uploads\/2016\/03\/1064953-2048-770x500.jpg 770w, https:\/\/www.supercars.net\/blog\/wp-content\/uploads\/2016\/03\/1064953-2048-1536x997.jpg 1536w, https:\/\/www.supercars.net\/blog\/wp-content\/uploads\/2016\/03\/1064953-2048-293x190.jpg 293w, https:\/\/www.supercars.net\/blog\/wp-content\/uploads\/2016\/03\/1064953-2048-1400x908.jpg 1400w\" sizes=\"(max-width: 2048px) 100vw, 2048px\" \/>\r\n\t\t\t\t<\/a>\r\n            <\/div>\r\n                <div class='wp-caption-text gallery-caption'>\r\n                MOTORSPORT &#8211; WEC 2013 &#8211; WORLD ENDURANCE CHAMPIONSHIP 2013 &#8211; 6 HOURS OF SPA FRANCORCHAMPS \/ 6 HEURES DE SPA FRANCORCHAMPS &#8211; BELGIQUE &#8211; 02 TO 05\/05\/2013 &#8211; PHOTO JEAN MICHEL LE MEUR \/ DPPI &#8211; \n13 BELICCHI ANDREA (ITA) &#8211; BECHE MATHIAS (CHE) &#8211; CHEN CONG FU (CHN) \/ WEC LMP1 \/ LOLA B12\/60 COUPE TOYOTA TEAM REBELLION RACING \/ ACTION\r\n                <\/div><\/figure><figure class='gallery-item'>\r\n            <div class='gallery-icon landscape'>\r\n                <a href='https:\/\/www.supercars.net\/blog\/wp-content\/uploads\/2016\/03\/1064954-2048.jpg' class='tipi-lightbox'>\r\n\t\t\t\t<img decoding=\"async\" width=\"2048\" height=\"1365\" src=\"https:\/\/www.supercars.net\/blog\/wp-content\/uploads\/2016\/03\/1064954-2048.jpg\" class=\"attachment-full size-full\" alt=\"2013 WEC 6-Hours of Spa-Francorchamps\" srcset=\"https:\/\/www.supercars.net\/blog\/wp-content\/uploads\/2016\/03\/1064954-2048.jpg 2048w, https:\/\/www.supercars.net\/blog\/wp-content\/uploads\/2016\/03\/1064954-2048-300x200.jpg 300w, https:\/\/www.supercars.net\/blog\/wp-content\/uploads\/2016\/03\/1064954-2048-1024x683.jpg 1024w, https:\/\/www.supercars.net\/blog\/wp-content\/uploads\/2016\/03\/1064954-2048-100x67.jpg 100w, https:\/\/www.supercars.net\/blog\/wp-content\/uploads\/2016\/03\/1064954-2048-770x513.jpg 770w, https:\/\/www.supercars.net\/blog\/wp-content\/uploads\/2016\/03\/1064954-2048-1536x1024.jpg 1536w, https:\/\/www.supercars.net\/blog\/wp-content\/uploads\/2016\/03\/1064954-2048-360x240.jpg 360w, https:\/\/www.supercars.net\/blog\/wp-content\/uploads\/2016\/03\/1064954-2048-1155x770.jpg 1155w, https:\/\/www.supercars.net\/blog\/wp-content\/uploads\/2016\/03\/1064954-2048-370x247.jpg 370w, https:\/\/www.supercars.net\/blog\/wp-content\/uploads\/2016\/03\/1064954-2048-293x195.jpg 293w, https:\/\/www.supercars.net\/blog\/wp-content\/uploads\/2016\/03\/1064954-2048-1400x933.jpg 1400w\" sizes=\"(max-width: 2048px) 100vw, 2048px\" \/>\r\n\t\t\t\t<\/a>\r\n            <\/div>\r\n                <div class='wp-caption-text gallery-caption'>\r\n                Race winners Marcel Fassler (SUI) \/ Andre Lotterer (GER) \/ Benoit Treluyer (FRA) Audi Sport Team Joest, Audi R18 e-tron quattro enter parc ferme at the end of the race.\nFIA World Endurance Championship, Round 2, Saturday 4 May 2013. Spa-Francorchamps, Belgium.\r\n                <\/div><\/figure><figure class='gallery-item'>\r\n            <div class='gallery-icon landscape'>\r\n                <a href='https:\/\/www.supercars.net\/blog\/wp-content\/uploads\/2016\/03\/1064955-2048.jpg' class='tipi-lightbox'>\r\n\t\t\t\t<img decoding=\"async\" width=\"2048\" height=\"1366\" src=\"https:\/\/www.supercars.net\/blog\/wp-content\/uploads\/2016\/03\/1064955-2048.jpg\" class=\"attachment-full size-full\" alt=\"2013 WEC 6-Hours of Spa-Francorchamps\" srcset=\"https:\/\/www.supercars.net\/blog\/wp-content\/uploads\/2016\/03\/1064955-2048.jpg 2048w, https:\/\/www.supercars.net\/blog\/wp-content\/uploads\/2016\/03\/1064955-2048-300x200.jpg 300w, https:\/\/www.supercars.net\/blog\/wp-content\/uploads\/2016\/03\/1064955-2048-1024x683.jpg 1024w, https:\/\/www.supercars.net\/blog\/wp-content\/uploads\/2016\/03\/1064955-2048-100x67.jpg 100w, https:\/\/www.supercars.net\/blog\/wp-content\/uploads\/2016\/03\/1064955-2048-770x514.jpg 770w, https:\/\/www.supercars.net\/blog\/wp-content\/uploads\/2016\/03\/1064955-2048-1536x1025.jpg 1536w, https:\/\/www.supercars.net\/blog\/wp-content\/uploads\/2016\/03\/1064955-2048-360x240.jpg 360w, https:\/\/www.supercars.net\/blog\/wp-content\/uploads\/2016\/03\/1064955-2048-1155x770.jpg 1155w, https:\/\/www.supercars.net\/blog\/wp-content\/uploads\/2016\/03\/1064955-2048-370x247.jpg 370w, https:\/\/www.supercars.net\/blog\/wp-content\/uploads\/2016\/03\/1064955-2048-293x195.jpg 293w, https:\/\/www.supercars.net\/blog\/wp-content\/uploads\/2016\/03\/1064955-2048-1400x934.jpg 1400w\" sizes=\"(max-width: 2048px) 100vw, 2048px\" \/>\r\n\t\t\t\t<\/a>\r\n            <\/div>\r\n                <div class='wp-caption-text gallery-caption'>\r\n                MOTORSPORT &#8211; WEC 2013 &#8211; WORLD ENDURANCE CHAMPIONSHIP 2013 &#8211; 6 HOURS OF SPA FRANCORCHAMPS \/ 6 HEURES DE SPA FRANCORCHAMPS &#8211; BELGIQUE &#8211; 02 TO 05\/05\/2013 &#8211; PHOTO FLORENT GOODEN \/ DPPI &#8211; \nLOTTERER ANDRE (GER) \/ WEC LMP1 \/ AUDI R18 E-TRON QUATTRO TEAM AUDI SPORT JOEST \/ AMBIANCE &#8211; PORTRAIT &#8211; WINNER\r\n                <\/div><\/figure><figure class='gallery-item'>\r\n            <div class='gallery-icon landscape'>\r\n                <a href='https:\/\/www.supercars.net\/blog\/wp-content\/uploads\/2016\/03\/1064956-2048.jpg' class='tipi-lightbox'>\r\n\t\t\t\t<img decoding=\"async\" width=\"2048\" height=\"1365\" src=\"https:\/\/www.supercars.net\/blog\/wp-content\/uploads\/2016\/03\/1064956-2048.jpg\" class=\"attachment-full size-full\" alt=\"2013 WEC 6-Hours of Spa-Francorchamps\" srcset=\"https:\/\/www.supercars.net\/blog\/wp-content\/uploads\/2016\/03\/1064956-2048.jpg 2048w, https:\/\/www.supercars.net\/blog\/wp-content\/uploads\/2016\/03\/1064956-2048-300x200.jpg 300w, https:\/\/www.supercars.net\/blog\/wp-content\/uploads\/2016\/03\/1064956-2048-1024x683.jpg 1024w, https:\/\/www.supercars.net\/blog\/wp-content\/uploads\/2016\/03\/1064956-2048-100x67.jpg 100w, https:\/\/www.supercars.net\/blog\/wp-content\/uploads\/2016\/03\/1064956-2048-770x513.jpg 770w, https:\/\/www.supercars.net\/blog\/wp-content\/uploads\/2016\/03\/1064956-2048-1536x1024.jpg 1536w, https:\/\/www.supercars.net\/blog\/wp-content\/uploads\/2016\/03\/1064956-2048-360x240.jpg 360w, https:\/\/www.supercars.net\/blog\/wp-content\/uploads\/2016\/03\/1064956-2048-1155x770.jpg 1155w, https:\/\/www.supercars.net\/blog\/wp-content\/uploads\/2016\/03\/1064956-2048-370x247.jpg 370w, https:\/\/www.supercars.net\/blog\/wp-content\/uploads\/2016\/03\/1064956-2048-293x195.jpg 293w, https:\/\/www.supercars.net\/blog\/wp-content\/uploads\/2016\/03\/1064956-2048-1400x933.jpg 1400w\" sizes=\"(max-width: 2048px) 100vw, 2048px\" \/>\r\n\t\t\t\t<\/a>\r\n            <\/div><\/figure><figure class='gallery-item'>\r\n            <div class='gallery-icon landscape'>\r\n                <a href='https:\/\/www.supercars.net\/blog\/wp-content\/uploads\/2016\/03\/1064958-2048.jpg' class='tipi-lightbox'>\r\n\t\t\t\t<img decoding=\"async\" width=\"2048\" height=\"1365\" src=\"https:\/\/www.supercars.net\/blog\/wp-content\/uploads\/2016\/03\/1064958-2048.jpg\" class=\"attachment-full size-full\" alt=\"2013 WEC 6-Hours of Spa-Francorchamps\" srcset=\"https:\/\/www.supercars.net\/blog\/wp-content\/uploads\/2016\/03\/1064958-2048.jpg 2048w, https:\/\/www.supercars.net\/blog\/wp-content\/uploads\/2016\/03\/1064958-2048-300x200.jpg 300w, https:\/\/www.supercars.net\/blog\/wp-content\/uploads\/2016\/03\/1064958-2048-1024x683.jpg 1024w, https:\/\/www.supercars.net\/blog\/wp-content\/uploads\/2016\/03\/1064958-2048-100x67.jpg 100w, https:\/\/www.supercars.net\/blog\/wp-content\/uploads\/2016\/03\/1064958-2048-770x513.jpg 770w, https:\/\/www.supercars.net\/blog\/wp-content\/uploads\/2016\/03\/1064958-2048-1536x1024.jpg 1536w, https:\/\/www.supercars.net\/blog\/wp-content\/uploads\/2016\/03\/1064958-2048-360x240.jpg 360w, https:\/\/www.supercars.net\/blog\/wp-content\/uploads\/2016\/03\/1064958-2048-1155x770.jpg 1155w, https:\/\/www.supercars.net\/blog\/wp-content\/uploads\/2016\/03\/1064958-2048-370x247.jpg 370w, https:\/\/www.supercars.net\/blog\/wp-content\/uploads\/2016\/03\/1064958-2048-293x195.jpg 293w, https:\/\/www.supercars.net\/blog\/wp-content\/uploads\/2016\/03\/1064958-2048-1400x933.jpg 1400w\" sizes=\"(max-width: 2048px) 100vw, 2048px\" \/>\r\n\t\t\t\t<\/a>\r\n            <\/div><\/figure><figure class='gallery-item'>\r\n            <div class='gallery-icon landscape'>\r\n                <a href='https:\/\/www.supercars.net\/blog\/wp-content\/uploads\/2016\/03\/1064963-2048.jpg' class='tipi-lightbox'>\r\n\t\t\t\t<img decoding=\"async\" width=\"2048\" height=\"1365\" src=\"https:\/\/www.supercars.net\/blog\/wp-content\/uploads\/2016\/03\/1064963-2048.jpg\" class=\"attachment-full size-full\" alt=\"2013 WEC 6-Hours of Spa-Francorchamps\" srcset=\"https:\/\/www.supercars.net\/blog\/wp-content\/uploads\/2016\/03\/1064963-2048.jpg 2048w, https:\/\/www.supercars.net\/blog\/wp-content\/uploads\/2016\/03\/1064963-2048-300x200.jpg 300w, https:\/\/www.supercars.net\/blog\/wp-content\/uploads\/2016\/03\/1064963-2048-1024x683.jpg 1024w, https:\/\/www.supercars.net\/blog\/wp-content\/uploads\/2016\/03\/1064963-2048-100x67.jpg 100w, https:\/\/www.supercars.net\/blog\/wp-content\/uploads\/2016\/03\/1064963-2048-770x513.jpg 770w, https:\/\/www.supercars.net\/blog\/wp-content\/uploads\/2016\/03\/1064963-2048-1536x1024.jpg 1536w, https:\/\/www.supercars.net\/blog\/wp-content\/uploads\/2016\/03\/1064963-2048-360x240.jpg 360w, https:\/\/www.supercars.net\/blog\/wp-content\/uploads\/2016\/03\/1064963-2048-1155x770.jpg 1155w, https:\/\/www.supercars.net\/blog\/wp-content\/uploads\/2016\/03\/1064963-2048-370x247.jpg 370w, https:\/\/www.supercars.net\/blog\/wp-content\/uploads\/2016\/03\/1064963-2048-293x195.jpg 293w, https:\/\/www.supercars.net\/blog\/wp-content\/uploads\/2016\/03\/1064963-2048-1400x933.jpg 1400w\" sizes=\"(max-width: 2048px) 100vw, 2048px\" \/>\r\n\t\t\t\t<\/a>\r\n            <\/div>\r\n                <div class='wp-caption-text gallery-caption'>\r\n                DCIM100GOPRO\r\n                <\/div><\/figure><figure class='gallery-item'>\r\n            <div class='gallery-icon landscape'>\r\n                <a href='https:\/\/www.supercars.net\/blog\/wp-content\/uploads\/2016\/03\/1064964-2048.jpg' class='tipi-lightbox'>\r\n\t\t\t\t<img decoding=\"async\" width=\"2048\" height=\"1365\" src=\"https:\/\/www.supercars.net\/blog\/wp-content\/uploads\/2016\/03\/1064964-2048.jpg\" class=\"attachment-full size-full\" alt=\"2013 WEC 6-Hours of Spa-Francorchamps\" srcset=\"https:\/\/www.supercars.net\/blog\/wp-content\/uploads\/2016\/03\/1064964-2048.jpg 2048w, https:\/\/www.supercars.net\/blog\/wp-content\/uploads\/2016\/03\/1064964-2048-300x200.jpg 300w, https:\/\/www.supercars.net\/blog\/wp-content\/uploads\/2016\/03\/1064964-2048-1024x683.jpg 1024w, https:\/\/www.supercars.net\/blog\/wp-content\/uploads\/2016\/03\/1064964-2048-100x67.jpg 100w, https:\/\/www.supercars.net\/blog\/wp-content\/uploads\/2016\/03\/1064964-2048-770x513.jpg 770w, https:\/\/www.supercars.net\/blog\/wp-content\/uploads\/2016\/03\/1064964-2048-1536x1024.jpg 1536w, https:\/\/www.supercars.net\/blog\/wp-content\/uploads\/2016\/03\/1064964-2048-360x240.jpg 360w, https:\/\/www.supercars.net\/blog\/wp-content\/uploads\/2016\/03\/1064964-2048-1155x770.jpg 1155w, https:\/\/www.supercars.net\/blog\/wp-content\/uploads\/2016\/03\/1064964-2048-370x247.jpg 370w, https:\/\/www.supercars.net\/blog\/wp-content\/uploads\/2016\/03\/1064964-2048-293x195.jpg 293w, https:\/\/www.supercars.net\/blog\/wp-content\/uploads\/2016\/03\/1064964-2048-1400x933.jpg 1400w\" sizes=\"(max-width: 2048px) 100vw, 2048px\" \/>\r\n\t\t\t\t<\/a>\r\n            <\/div><\/figure><figure class='gallery-item'>\r\n            <div class='gallery-icon landscape'>\r\n                <a href='https:\/\/www.supercars.net\/blog\/wp-content\/uploads\/2016\/03\/1064965-2048.jpg' class='tipi-lightbox'>\r\n\t\t\t\t<img decoding=\"async\" width=\"2048\" height=\"1365\" src=\"https:\/\/www.supercars.net\/blog\/wp-content\/uploads\/2016\/03\/1064965-2048.jpg\" class=\"attachment-full size-full\" alt=\"2013 WEC 6-Hours of Spa-Francorchamps\" srcset=\"https:\/\/www.supercars.net\/blog\/wp-content\/uploads\/2016\/03\/1064965-2048.jpg 2048w, https:\/\/www.supercars.net\/blog\/wp-content\/uploads\/2016\/03\/1064965-2048-300x200.jpg 300w, https:\/\/www.supercars.net\/blog\/wp-content\/uploads\/2016\/03\/1064965-2048-1024x683.jpg 1024w, https:\/\/www.supercars.net\/blog\/wp-content\/uploads\/2016\/03\/1064965-2048-100x67.jpg 100w, https:\/\/www.supercars.net\/blog\/wp-content\/uploads\/2016\/03\/1064965-2048-770x513.jpg 770w, https:\/\/www.supercars.net\/blog\/wp-content\/uploads\/2016\/03\/1064965-2048-1536x1024.jpg 1536w, https:\/\/www.supercars.net\/blog\/wp-content\/uploads\/2016\/03\/1064965-2048-360x240.jpg 360w, https:\/\/www.supercars.net\/blog\/wp-content\/uploads\/2016\/03\/1064965-2048-1155x770.jpg 1155w, https:\/\/www.supercars.net\/blog\/wp-content\/uploads\/2016\/03\/1064965-2048-370x247.jpg 370w, https:\/\/www.supercars.net\/blog\/wp-content\/uploads\/2016\/03\/1064965-2048-293x195.jpg 293w, https:\/\/www.supercars.net\/blog\/wp-content\/uploads\/2016\/03\/1064965-2048-1400x933.jpg 1400w\" sizes=\"(max-width: 2048px) 100vw, 2048px\" \/>\r\n\t\t\t\t<\/a>\r\n            <\/div><\/figure><figure class='gallery-item'>\r\n            <div class='gallery-icon landscape'>\r\n                <a href='https:\/\/www.supercars.net\/blog\/wp-content\/uploads\/2016\/03\/1064966-2048.jpg' class='tipi-lightbox'>\r\n\t\t\t\t<img decoding=\"async\" width=\"2048\" height=\"1365\" src=\"https:\/\/www.supercars.net\/blog\/wp-content\/uploads\/2016\/03\/1064966-2048.jpg\" class=\"attachment-full size-full\" alt=\"2013 WEC 6-Hours of Spa-Francorchamps\" srcset=\"https:\/\/www.supercars.net\/blog\/wp-content\/uploads\/2016\/03\/1064966-2048.jpg 2048w, https:\/\/www.supercars.net\/blog\/wp-content\/uploads\/2016\/03\/1064966-2048-300x200.jpg 300w, https:\/\/www.supercars.net\/blog\/wp-content\/uploads\/2016\/03\/1064966-2048-1024x683.jpg 1024w, https:\/\/www.supercars.net\/blog\/wp-content\/uploads\/2016\/03\/1064966-2048-100x67.jpg 100w, https:\/\/www.supercars.net\/blog\/wp-content\/uploads\/2016\/03\/1064966-2048-770x513.jpg 770w, https:\/\/www.supercars.net\/blog\/wp-content\/uploads\/2016\/03\/1064966-2048-1536x1024.jpg 1536w, https:\/\/www.supercars.net\/blog\/wp-content\/uploads\/2016\/03\/1064966-2048-360x240.jpg 360w, https:\/\/www.supercars.net\/blog\/wp-content\/uploads\/2016\/03\/1064966-2048-1155x770.jpg 1155w, https:\/\/www.supercars.net\/blog\/wp-content\/uploads\/2016\/03\/1064966-2048-370x247.jpg 370w, https:\/\/www.supercars.net\/blog\/wp-content\/uploads\/2016\/03\/1064966-2048-293x195.jpg 293w, https:\/\/www.supercars.net\/blog\/wp-content\/uploads\/2016\/03\/1064966-2048-1400x933.jpg 1400w\" sizes=\"(max-width: 2048px) 100vw, 2048px\" \/>\r\n\t\t\t\t<\/a>\r\n            <\/div><\/figure><figure class='gallery-item'>\r\n            <div class='gallery-icon landscape'>\r\n                <a href='https:\/\/www.supercars.net\/blog\/wp-content\/uploads\/2016\/03\/1064967-2048.jpg' class='tipi-lightbox'>\r\n\t\t\t\t<img decoding=\"async\" width=\"2048\" height=\"1365\" src=\"https:\/\/www.supercars.net\/blog\/wp-content\/uploads\/2016\/03\/1064967-2048.jpg\" class=\"attachment-full size-full\" alt=\"2013 WEC 6-Hours of Spa-Francorchamps\" srcset=\"https:\/\/www.supercars.net\/blog\/wp-content\/uploads\/2016\/03\/1064967-2048.jpg 2048w, https:\/\/www.supercars.net\/blog\/wp-content\/uploads\/2016\/03\/1064967-2048-300x200.jpg 300w, https:\/\/www.supercars.net\/blog\/wp-content\/uploads\/2016\/03\/1064967-2048-1024x683.jpg 1024w, https:\/\/www.supercars.net\/blog\/wp-content\/uploads\/2016\/03\/1064967-2048-100x67.jpg 100w, https:\/\/www.supercars.net\/blog\/wp-content\/uploads\/2016\/03\/1064967-2048-770x513.jpg 770w, https:\/\/www.supercars.net\/blog\/wp-content\/uploads\/2016\/03\/1064967-2048-1536x1024.jpg 1536w, https:\/\/www.supercars.net\/blog\/wp-content\/uploads\/2016\/03\/1064967-2048-360x240.jpg 360w, https:\/\/www.supercars.net\/blog\/wp-content\/uploads\/2016\/03\/1064967-2048-1155x770.jpg 1155w, https:\/\/www.supercars.net\/blog\/wp-content\/uploads\/2016\/03\/1064967-2048-370x247.jpg 370w, https:\/\/www.supercars.net\/blog\/wp-content\/uploads\/2016\/03\/1064967-2048-293x195.jpg 293w, https:\/\/www.supercars.net\/blog\/wp-content\/uploads\/2016\/03\/1064967-2048-1400x933.jpg 1400w\" sizes=\"(max-width: 2048px) 100vw, 2048px\" \/>\r\n\t\t\t\t<\/a>\r\n            <\/div><\/figure><figure class='gallery-item'>\r\n            <div class='gallery-icon landscape'>\r\n                <a href='https:\/\/www.supercars.net\/blog\/wp-content\/uploads\/2016\/03\/1064968-2048.jpg' class='tipi-lightbox'>\r\n\t\t\t\t<img decoding=\"async\" width=\"2048\" height=\"1365\" src=\"https:\/\/www.supercars.net\/blog\/wp-content\/uploads\/2016\/03\/1064968-2048.jpg\" class=\"attachment-full size-full\" alt=\"2013 WEC 6-Hours of Spa-Francorchamps\" srcset=\"https:\/\/www.supercars.net\/blog\/wp-content\/uploads\/2016\/03\/1064968-2048.jpg 2048w, https:\/\/www.supercars.net\/blog\/wp-content\/uploads\/2016\/03\/1064968-2048-300x200.jpg 300w, https:\/\/www.supercars.net\/blog\/wp-content\/uploads\/2016\/03\/1064968-2048-1024x683.jpg 1024w, https:\/\/www.supercars.net\/blog\/wp-content\/uploads\/2016\/03\/1064968-2048-100x67.jpg 100w, https:\/\/www.supercars.net\/blog\/wp-content\/uploads\/2016\/03\/1064968-2048-770x513.jpg 770w, https:\/\/www.supercars.net\/blog\/wp-content\/uploads\/2016\/03\/1064968-2048-1536x1024.jpg 1536w, https:\/\/www.supercars.net\/blog\/wp-content\/uploads\/2016\/03\/1064968-2048-360x240.jpg 360w, https:\/\/www.supercars.net\/blog\/wp-content\/uploads\/2016\/03\/1064968-2048-1155x770.jpg 1155w, https:\/\/www.supercars.net\/blog\/wp-content\/uploads\/2016\/03\/1064968-2048-370x247.jpg 370w, https:\/\/www.supercars.net\/blog\/wp-content\/uploads\/2016\/03\/1064968-2048-293x195.jpg 293w, https:\/\/www.supercars.net\/blog\/wp-content\/uploads\/2016\/03\/1064968-2048-1400x933.jpg 1400w\" sizes=\"(max-width: 2048px) 100vw, 2048px\" \/>\r\n\t\t\t\t<\/a>\r\n            <\/div>\r\n                <div class='wp-caption-text gallery-caption'>\r\n                Porsche 911 RSR, Porsche AG Team Manthey: Marc Lieb, Richard Lietz, Romain Dumas\r\n                <\/div><\/figure><figure class='gallery-item'>\r\n            <div class='gallery-icon landscape'>\r\n                <a href='https:\/\/www.supercars.net\/blog\/wp-content\/uploads\/2016\/03\/1064969-2048.jpg' class='tipi-lightbox'>\r\n\t\t\t\t<img decoding=\"async\" width=\"2048\" height=\"1286\" src=\"https:\/\/www.supercars.net\/blog\/wp-content\/uploads\/2016\/03\/1064969-2048.jpg\" class=\"attachment-full size-full\" alt=\"2013 WEC 6-Hours of Spa-Francorchamps\" srcset=\"https:\/\/www.supercars.net\/blog\/wp-content\/uploads\/2016\/03\/1064969-2048.jpg 2048w, https:\/\/www.supercars.net\/blog\/wp-content\/uploads\/2016\/03\/1064969-2048-300x188.jpg 300w, https:\/\/www.supercars.net\/blog\/wp-content\/uploads\/2016\/03\/1064969-2048-1024x643.jpg 1024w, https:\/\/www.supercars.net\/blog\/wp-content\/uploads\/2016\/03\/1064969-2048-100x63.jpg 100w, https:\/\/www.supercars.net\/blog\/wp-content\/uploads\/2016\/03\/1064969-2048-770x484.jpg 770w, https:\/\/www.supercars.net\/blog\/wp-content\/uploads\/2016\/03\/1064969-2048-1536x965.jpg 1536w, https:\/\/www.supercars.net\/blog\/wp-content\/uploads\/2016\/03\/1064969-2048-293x184.jpg 293w, https:\/\/www.supercars.net\/blog\/wp-content\/uploads\/2016\/03\/1064969-2048-1400x879.jpg 1400w\" sizes=\"(max-width: 2048px) 100vw, 2048px\" \/>\r\n\t\t\t\t<\/a>\r\n            <\/div><\/figure><figure class='gallery-item'>\r\n            <div class='gallery-icon landscape'>\r\n                <a href='https:\/\/www.supercars.net\/blog\/wp-content\/uploads\/2016\/03\/1064970-2048.jpg' class='tipi-lightbox'>\r\n\t\t\t\t<img decoding=\"async\" width=\"2048\" height=\"1365\" src=\"https:\/\/www.supercars.net\/blog\/wp-content\/uploads\/2016\/03\/1064970-2048.jpg\" class=\"attachment-full size-full\" alt=\"2013 WEC 6-Hours of Spa-Francorchamps\" srcset=\"https:\/\/www.supercars.net\/blog\/wp-content\/uploads\/2016\/03\/1064970-2048.jpg 2048w, https:\/\/www.supercars.net\/blog\/wp-content\/uploads\/2016\/03\/1064970-2048-300x200.jpg 300w, https:\/\/www.supercars.net\/blog\/wp-content\/uploads\/2016\/03\/1064970-2048-1024x683.jpg 1024w, https:\/\/www.supercars.net\/blog\/wp-content\/uploads\/2016\/03\/1064970-2048-100x67.jpg 100w, https:\/\/www.supercars.net\/blog\/wp-content\/uploads\/2016\/03\/1064970-2048-770x513.jpg 770w, https:\/\/www.supercars.net\/blog\/wp-content\/uploads\/2016\/03\/1064970-2048-1536x1024.jpg 1536w, https:\/\/www.supercars.net\/blog\/wp-content\/uploads\/2016\/03\/1064970-2048-360x240.jpg 360w, https:\/\/www.supercars.net\/blog\/wp-content\/uploads\/2016\/03\/1064970-2048-1155x770.jpg 1155w, https:\/\/www.supercars.net\/blog\/wp-content\/uploads\/2016\/03\/1064970-2048-370x247.jpg 370w, https:\/\/www.supercars.net\/blog\/wp-content\/uploads\/2016\/03\/1064970-2048-293x195.jpg 293w, https:\/\/www.supercars.net\/blog\/wp-content\/uploads\/2016\/03\/1064970-2048-1400x933.jpg 1400w\" sizes=\"(max-width: 2048px) 100vw, 2048px\" \/>\r\n\t\t\t\t<\/a>\r\n            <\/div><\/figure><figure class='gallery-item'>\r\n            <div class='gallery-icon landscape'>\r\n                <a href='https:\/\/www.supercars.net\/blog\/wp-content\/uploads\/2016\/03\/1064971-2048.jpg' class='tipi-lightbox'>\r\n\t\t\t\t<img decoding=\"async\" width=\"2048\" height=\"1267\" src=\"https:\/\/www.supercars.net\/blog\/wp-content\/uploads\/2016\/03\/1064971-2048.jpg\" class=\"attachment-full size-full\" alt=\"2013 WEC 6-Hours of Spa-Francorchamps\" srcset=\"https:\/\/www.supercars.net\/blog\/wp-content\/uploads\/2016\/03\/1064971-2048.jpg 2048w, https:\/\/www.supercars.net\/blog\/wp-content\/uploads\/2016\/03\/1064971-2048-300x186.jpg 300w, https:\/\/www.supercars.net\/blog\/wp-content\/uploads\/2016\/03\/1064971-2048-1024x634.jpg 1024w, https:\/\/www.supercars.net\/blog\/wp-content\/uploads\/2016\/03\/1064971-2048-100x62.jpg 100w, https:\/\/www.supercars.net\/blog\/wp-content\/uploads\/2016\/03\/1064971-2048-770x476.jpg 770w, https:\/\/www.supercars.net\/blog\/wp-content\/uploads\/2016\/03\/1064971-2048-1536x950.jpg 1536w, https:\/\/www.supercars.net\/blog\/wp-content\/uploads\/2016\/03\/1064971-2048-293x181.jpg 293w, https:\/\/www.supercars.net\/blog\/wp-content\/uploads\/2016\/03\/1064971-2048-1400x866.jpg 1400w\" sizes=\"(max-width: 2048px) 100vw, 2048px\" \/>\r\n\t\t\t\t<\/a>\r\n            <\/div><\/figure><figure class='gallery-item'>\r\n            <div class='gallery-icon landscape'>\r\n                <a href='https:\/\/www.supercars.net\/blog\/wp-content\/uploads\/2016\/03\/1064972-2048.jpg' class='tipi-lightbox'>\r\n\t\t\t\t<img decoding=\"async\" width=\"2048\" height=\"1365\" src=\"https:\/\/www.supercars.net\/blog\/wp-content\/uploads\/2016\/03\/1064972-2048.jpg\" class=\"attachment-full size-full\" alt=\"2013 WEC 6-Hours of Spa-Francorchamps\" srcset=\"https:\/\/www.supercars.net\/blog\/wp-content\/uploads\/2016\/03\/1064972-2048.jpg 2048w, https:\/\/www.supercars.net\/blog\/wp-content\/uploads\/2016\/03\/1064972-2048-300x200.jpg 300w, https:\/\/www.supercars.net\/blog\/wp-content\/uploads\/2016\/03\/1064972-2048-1024x683.jpg 1024w, https:\/\/www.supercars.net\/blog\/wp-content\/uploads\/2016\/03\/1064972-2048-100x67.jpg 100w, https:\/\/www.supercars.net\/blog\/wp-content\/uploads\/2016\/03\/1064972-2048-770x513.jpg 770w, https:\/\/www.supercars.net\/blog\/wp-content\/uploads\/2016\/03\/1064972-2048-1536x1024.jpg 1536w, https:\/\/www.supercars.net\/blog\/wp-content\/uploads\/2016\/03\/1064972-2048-360x240.jpg 360w, https:\/\/www.supercars.net\/blog\/wp-content\/uploads\/2016\/03\/1064972-2048-1155x770.jpg 1155w, https:\/\/www.supercars.net\/blog\/wp-content\/uploads\/2016\/03\/1064972-2048-370x247.jpg 370w, https:\/\/www.supercars.net\/blog\/wp-content\/uploads\/2016\/03\/1064972-2048-293x195.jpg 293w, https:\/\/www.supercars.net\/blog\/wp-content\/uploads\/2016\/03\/1064972-2048-1400x933.jpg 1400w\" sizes=\"(max-width: 2048px) 100vw, 2048px\" \/>\r\n\t\t\t\t<\/a>\r\n            <\/div>\r\n                <div class='wp-caption-text gallery-caption'>\r\n                Porsche 911 RSR, Porsche AG Team Manthey: Marc Lieb, Richard Lietz, Romain Dumas\r\n                <\/div><\/figure><figure class='gallery-item'>\r\n            <div class='gallery-icon landscape'>\r\n                <a href='https:\/\/www.supercars.net\/blog\/wp-content\/uploads\/2016\/03\/1064973-2048.jpg' class='tipi-lightbox'>\r\n\t\t\t\t<img decoding=\"async\" width=\"2048\" height=\"1365\" src=\"https:\/\/www.supercars.net\/blog\/wp-content\/uploads\/2016\/03\/1064973-2048.jpg\" class=\"attachment-full size-full\" alt=\"2013 WEC 6-Hours of Spa-Francorchamps\" srcset=\"https:\/\/www.supercars.net\/blog\/wp-content\/uploads\/2016\/03\/1064973-2048.jpg 2048w, https:\/\/www.supercars.net\/blog\/wp-content\/uploads\/2016\/03\/1064973-2048-300x200.jpg 300w, https:\/\/www.supercars.net\/blog\/wp-content\/uploads\/2016\/03\/1064973-2048-1024x683.jpg 1024w, https:\/\/www.supercars.net\/blog\/wp-content\/uploads\/2016\/03\/1064973-2048-100x67.jpg 100w, https:\/\/www.supercars.net\/blog\/wp-content\/uploads\/2016\/03\/1064973-2048-770x513.jpg 770w, https:\/\/www.supercars.net\/blog\/wp-content\/uploads\/2016\/03\/1064973-2048-1536x1024.jpg 1536w, https:\/\/www.supercars.net\/blog\/wp-content\/uploads\/2016\/03\/1064973-2048-360x240.jpg 360w, https:\/\/www.supercars.net\/blog\/wp-content\/uploads\/2016\/03\/1064973-2048-1155x770.jpg 1155w, https:\/\/www.supercars.net\/blog\/wp-content\/uploads\/2016\/03\/1064973-2048-370x247.jpg 370w, https:\/\/www.supercars.net\/blog\/wp-content\/uploads\/2016\/03\/1064973-2048-293x195.jpg 293w, https:\/\/www.supercars.net\/blog\/wp-content\/uploads\/2016\/03\/1064973-2048-1400x933.jpg 1400w\" sizes=\"(max-width: 2048px) 100vw, 2048px\" \/>\r\n\t\t\t\t<\/a>\r\n            <\/div>\r\n                <div class='wp-caption-text gallery-caption'>\r\n                Porsche 911 RSR, Porsche AG Team Manthey: Marc Lieb, Richard Lietz, Romain Dumas\r\n                <\/div><\/figure><figure class='gallery-item'>\r\n            <div class='gallery-icon landscape'>\r\n                <a href='https:\/\/www.supercars.net\/blog\/wp-content\/uploads\/2016\/03\/1064975-2048.jpg' class='tipi-lightbox'>\r\n\t\t\t\t<img decoding=\"async\" width=\"2048\" height=\"1365\" src=\"https:\/\/www.supercars.net\/blog\/wp-content\/uploads\/2016\/03\/1064975-2048.jpg\" class=\"attachment-full size-full\" alt=\"2013 WEC 6-Hours of Spa-Francorchamps\" srcset=\"https:\/\/www.supercars.net\/blog\/wp-content\/uploads\/2016\/03\/1064975-2048.jpg 2048w, https:\/\/www.supercars.net\/blog\/wp-content\/uploads\/2016\/03\/1064975-2048-300x200.jpg 300w, https:\/\/www.supercars.net\/blog\/wp-content\/uploads\/2016\/03\/1064975-2048-1024x683.jpg 1024w, https:\/\/www.supercars.net\/blog\/wp-content\/uploads\/2016\/03\/1064975-2048-100x67.jpg 100w, https:\/\/www.supercars.net\/blog\/wp-content\/uploads\/2016\/03\/1064975-2048-770x513.jpg 770w, https:\/\/www.supercars.net\/blog\/wp-content\/uploads\/2016\/03\/1064975-2048-1536x1024.jpg 1536w, https:\/\/www.supercars.net\/blog\/wp-content\/uploads\/2016\/03\/1064975-2048-360x240.jpg 360w, https:\/\/www.supercars.net\/blog\/wp-content\/uploads\/2016\/03\/1064975-2048-1155x770.jpg 1155w, https:\/\/www.supercars.net\/blog\/wp-content\/uploads\/2016\/03\/1064975-2048-370x247.jpg 370w, https:\/\/www.supercars.net\/blog\/wp-content\/uploads\/2016\/03\/1064975-2048-293x195.jpg 293w, https:\/\/www.supercars.net\/blog\/wp-content\/uploads\/2016\/03\/1064975-2048-1400x933.jpg 1400w\" sizes=\"(max-width: 2048px) 100vw, 2048px\" \/>\r\n\t\t\t\t<\/a>\r\n            <\/div>\r\n                <div class='wp-caption-text gallery-caption'>\r\n                Aston Martin Racing.\n\nWorld Endurance Championship. \nRound Two, Spa, Belgium. \n3rd &#8211; 4th May 2013. \n\nPhoto: Drew Gibson\r\n                <\/div><\/figure><figure class='gallery-item'>\r\n            <div class='gallery-icon landscape'>\r\n                <a href='https:\/\/www.supercars.net\/blog\/wp-content\/uploads\/2016\/03\/1064976-2048.jpg' class='tipi-lightbox'>\r\n\t\t\t\t<img decoding=\"async\" width=\"2048\" height=\"1365\" src=\"https:\/\/www.supercars.net\/blog\/wp-content\/uploads\/2016\/03\/1064976-2048.jpg\" class=\"attachment-full size-full\" alt=\"2013 WEC 6-Hours of Spa-Francorchamps\" srcset=\"https:\/\/www.supercars.net\/blog\/wp-content\/uploads\/2016\/03\/1064976-2048.jpg 2048w, https:\/\/www.supercars.net\/blog\/wp-content\/uploads\/2016\/03\/1064976-2048-300x200.jpg 300w, https:\/\/www.supercars.net\/blog\/wp-content\/uploads\/2016\/03\/1064976-2048-1024x683.jpg 1024w, https:\/\/www.supercars.net\/blog\/wp-content\/uploads\/2016\/03\/1064976-2048-100x67.jpg 100w, https:\/\/www.supercars.net\/blog\/wp-content\/uploads\/2016\/03\/1064976-2048-770x513.jpg 770w, https:\/\/www.supercars.net\/blog\/wp-content\/uploads\/2016\/03\/1064976-2048-1536x1024.jpg 1536w, https:\/\/www.supercars.net\/blog\/wp-content\/uploads\/2016\/03\/1064976-2048-360x240.jpg 360w, https:\/\/www.supercars.net\/blog\/wp-content\/uploads\/2016\/03\/1064976-2048-1155x770.jpg 1155w, https:\/\/www.supercars.net\/blog\/wp-content\/uploads\/2016\/03\/1064976-2048-370x247.jpg 370w, https:\/\/www.supercars.net\/blog\/wp-content\/uploads\/2016\/03\/1064976-2048-293x195.jpg 293w, https:\/\/www.supercars.net\/blog\/wp-content\/uploads\/2016\/03\/1064976-2048-1400x933.jpg 1400w\" sizes=\"(max-width: 2048px) 100vw, 2048px\" \/>\r\n\t\t\t\t<\/a>\r\n            <\/div>\r\n                <div class='wp-caption-text gallery-caption'>\r\n                Aston Martin Racing.\n\nWorld Endurance Championship. \nRound Two, Spa, Belgium. \n3rd &#8211; 4th May 2013. \n\nPhoto: Drew Gibson\r\n                <\/div><\/figure><figure class='gallery-item'>\r\n            <div class='gallery-icon landscape'>\r\n                <a href='https:\/\/www.supercars.net\/blog\/wp-content\/uploads\/2016\/03\/1064978-2048.jpg' class='tipi-lightbox'>\r\n\t\t\t\t<img decoding=\"async\" width=\"2048\" height=\"1365\" src=\"https:\/\/www.supercars.net\/blog\/wp-content\/uploads\/2016\/03\/1064978-2048.jpg\" class=\"attachment-full size-full\" alt=\"2013 WEC 6-Hours of Spa-Francorchamps\" srcset=\"https:\/\/www.supercars.net\/blog\/wp-content\/uploads\/2016\/03\/1064978-2048.jpg 2048w, https:\/\/www.supercars.net\/blog\/wp-content\/uploads\/2016\/03\/1064978-2048-300x200.jpg 300w, https:\/\/www.supercars.net\/blog\/wp-content\/uploads\/2016\/03\/1064978-2048-1024x683.jpg 1024w, https:\/\/www.supercars.net\/blog\/wp-content\/uploads\/2016\/03\/1064978-2048-100x67.jpg 100w, https:\/\/www.supercars.net\/blog\/wp-content\/uploads\/2016\/03\/1064978-2048-770x513.jpg 770w, https:\/\/www.supercars.net\/blog\/wp-content\/uploads\/2016\/03\/1064978-2048-1536x1024.jpg 1536w, https:\/\/www.supercars.net\/blog\/wp-content\/uploads\/2016\/03\/1064978-2048-360x240.jpg 360w, https:\/\/www.supercars.net\/blog\/wp-content\/uploads\/2016\/03\/1064978-2048-1155x770.jpg 1155w, https:\/\/www.supercars.net\/blog\/wp-content\/uploads\/2016\/03\/1064978-2048-370x247.jpg 370w, https:\/\/www.supercars.net\/blog\/wp-content\/uploads\/2016\/03\/1064978-2048-293x195.jpg 293w, https:\/\/www.supercars.net\/blog\/wp-content\/uploads\/2016\/03\/1064978-2048-1400x933.jpg 1400w\" sizes=\"(max-width: 2048px) 100vw, 2048px\" \/>\r\n\t\t\t\t<\/a>\r\n            <\/div>\r\n                <div class='wp-caption-text gallery-caption'>\r\n                Audi Sport Team Joest, Audi R18 e-tron quattro.\nFIA World Endurance Championship, Round 2, Friday 3 May 2013. Spa-Francorchamps, Belgium.\r\n                <\/div><\/figure><figure class='gallery-item'>\r\n            <div class='gallery-icon landscape'>\r\n                <a href='https:\/\/www.supercars.net\/blog\/wp-content\/uploads\/2016\/03\/1064979-2048.jpg' class='tipi-lightbox'>\r\n\t\t\t\t<img decoding=\"async\" width=\"2048\" height=\"1366\" src=\"https:\/\/www.supercars.net\/blog\/wp-content\/uploads\/2016\/03\/1064979-2048.jpg\" class=\"attachment-full size-full\" alt=\"2013 WEC 6-Hours of Spa-Francorchamps\" srcset=\"https:\/\/www.supercars.net\/blog\/wp-content\/uploads\/2016\/03\/1064979-2048.jpg 2048w, https:\/\/www.supercars.net\/blog\/wp-content\/uploads\/2016\/03\/1064979-2048-300x200.jpg 300w, https:\/\/www.supercars.net\/blog\/wp-content\/uploads\/2016\/03\/1064979-2048-1024x683.jpg 1024w, https:\/\/www.supercars.net\/blog\/wp-content\/uploads\/2016\/03\/1064979-2048-100x67.jpg 100w, https:\/\/www.supercars.net\/blog\/wp-content\/uploads\/2016\/03\/1064979-2048-770x514.jpg 770w, https:\/\/www.supercars.net\/blog\/wp-content\/uploads\/2016\/03\/1064979-2048-1536x1025.jpg 1536w, https:\/\/www.supercars.net\/blog\/wp-content\/uploads\/2016\/03\/1064979-2048-360x240.jpg 360w, https:\/\/www.supercars.net\/blog\/wp-content\/uploads\/2016\/03\/1064979-2048-1155x770.jpg 1155w, https:\/\/www.supercars.net\/blog\/wp-content\/uploads\/2016\/03\/1064979-2048-370x247.jpg 370w, https:\/\/www.supercars.net\/blog\/wp-content\/uploads\/2016\/03\/1064979-2048-293x195.jpg 293w, https:\/\/www.supercars.net\/blog\/wp-content\/uploads\/2016\/03\/1064979-2048-1400x934.jpg 1400w\" sizes=\"(max-width: 2048px) 100vw, 2048px\" \/>\r\n\t\t\t\t<\/a>\r\n            <\/div>\r\n                <div class='wp-caption-text gallery-caption'>\r\n                MOTORSPORT &#8211; WEC 2013 &#8211; WORLD ENDURANCE CHAMPIONSHIP 2013 &#8211; 6 HOURS OF SPA FRANCORCHAMPS \/ 6 HEURES DE SPA FRANCORCHAMPS &#8211; BELGIQUE &#8211; 02 TO 05\/05\/2013 &#8211; PHOTO FREDERIC LE FLOC&#8217;H \/ DPPI &#8211; \n45 JACQUES NICOLET (FRA) &#8211; MERLIN JEAN JACQUES (FRA) \/ WEC LMP2 \/ MORGAN NISSAN TEAM OAK RACING \/ ACTION\r\n                <\/div><\/figure><figure class='gallery-item'>\r\n            <div class='gallery-icon landscape'>\r\n                <a href='https:\/\/www.supercars.net\/blog\/wp-content\/uploads\/2016\/03\/1064980-2048.jpg' class='tipi-lightbox'>\r\n\t\t\t\t<img decoding=\"async\" width=\"2048\" height=\"1366\" src=\"https:\/\/www.supercars.net\/blog\/wp-content\/uploads\/2016\/03\/1064980-2048.jpg\" class=\"attachment-full size-full\" alt=\"2013 WEC 6-Hours of Spa-Francorchamps\" srcset=\"https:\/\/www.supercars.net\/blog\/wp-content\/uploads\/2016\/03\/1064980-2048.jpg 2048w, https:\/\/www.supercars.net\/blog\/wp-content\/uploads\/2016\/03\/1064980-2048-300x200.jpg 300w, https:\/\/www.supercars.net\/blog\/wp-content\/uploads\/2016\/03\/1064980-2048-1024x683.jpg 1024w, https:\/\/www.supercars.net\/blog\/wp-content\/uploads\/2016\/03\/1064980-2048-100x67.jpg 100w, https:\/\/www.supercars.net\/blog\/wp-content\/uploads\/2016\/03\/1064980-2048-770x514.jpg 770w, https:\/\/www.supercars.net\/blog\/wp-content\/uploads\/2016\/03\/1064980-2048-1536x1025.jpg 1536w, https:\/\/www.supercars.net\/blog\/wp-content\/uploads\/2016\/03\/1064980-2048-360x240.jpg 360w, https:\/\/www.supercars.net\/blog\/wp-content\/uploads\/2016\/03\/1064980-2048-1155x770.jpg 1155w, https:\/\/www.supercars.net\/blog\/wp-content\/uploads\/2016\/03\/1064980-2048-370x247.jpg 370w, https:\/\/www.supercars.net\/blog\/wp-content\/uploads\/2016\/03\/1064980-2048-293x195.jpg 293w, https:\/\/www.supercars.net\/blog\/wp-content\/uploads\/2016\/03\/1064980-2048-1400x934.jpg 1400w\" sizes=\"(max-width: 2048px) 100vw, 2048px\" \/>\r\n\t\t\t\t<\/a>\r\n            <\/div>\r\n                <div class='wp-caption-text gallery-caption'>\r\n                MOTORSPORT &#8211; WEC 2013 &#8211; WORLD ENDURANCE CHAMPIONSHIP 2013 &#8211; 6 HOURS OF SPA FRANCORCHAMPS \/ 6 HEURES DE SPA FRANCORCHAMPS &#8211; BELGIQUE &#8211; 02 TO 05\/05\/2013 &#8211; PHOTO FLORENT GOODEN \/ DPPI &#8211; \n38 DOLAN SIMON (GBR) &#8211; TURVEY OLIVER (GBR) \/ ZYTEK Z11SN TEAM JOTA \/ ACTION\r\n                <\/div><\/figure><figure class='gallery-item'>\r\n            <div class='gallery-icon landscape'>\r\n                <a href='https:\/\/www.supercars.net\/blog\/wp-content\/uploads\/2016\/03\/1064981-2048.jpg' class='tipi-lightbox'>\r\n\t\t\t\t<img decoding=\"async\" width=\"2048\" height=\"1365\" src=\"https:\/\/www.supercars.net\/blog\/wp-content\/uploads\/2016\/03\/1064981-2048.jpg\" class=\"attachment-full size-full\" alt=\"2013 WEC 6-Hours of Spa-Francorchamps\" srcset=\"https:\/\/www.supercars.net\/blog\/wp-content\/uploads\/2016\/03\/1064981-2048.jpg 2048w, https:\/\/www.supercars.net\/blog\/wp-content\/uploads\/2016\/03\/1064981-2048-300x200.jpg 300w, https:\/\/www.supercars.net\/blog\/wp-content\/uploads\/2016\/03\/1064981-2048-1024x683.jpg 1024w, https:\/\/www.supercars.net\/blog\/wp-content\/uploads\/2016\/03\/1064981-2048-100x67.jpg 100w, https:\/\/www.supercars.net\/blog\/wp-content\/uploads\/2016\/03\/1064981-2048-770x513.jpg 770w, https:\/\/www.supercars.net\/blog\/wp-content\/uploads\/2016\/03\/1064981-2048-1536x1024.jpg 1536w, https:\/\/www.supercars.net\/blog\/wp-content\/uploads\/2016\/03\/1064981-2048-360x240.jpg 360w, https:\/\/www.supercars.net\/blog\/wp-content\/uploads\/2016\/03\/1064981-2048-1155x770.jpg 1155w, https:\/\/www.supercars.net\/blog\/wp-content\/uploads\/2016\/03\/1064981-2048-370x247.jpg 370w, https:\/\/www.supercars.net\/blog\/wp-content\/uploads\/2016\/03\/1064981-2048-293x195.jpg 293w, https:\/\/www.supercars.net\/blog\/wp-content\/uploads\/2016\/03\/1064981-2048-1400x933.jpg 1400w\" sizes=\"(max-width: 2048px) 100vw, 2048px\" \/>\r\n\t\t\t\t<\/a>\r\n            <\/div>\r\n                <div class='wp-caption-text gallery-caption'>\r\n                Yannick Mallegol (FRA) \/ Jean-Marc Bachelier (FRA) \/ Howard Blank (USA) AF Corse, Ferrari F458 Italia.\nFIA World Endurance Championship, Round 2, Saturday 4 May 2013. Spa-Francorchamps, Belgium.\r\n                <\/div><\/figure><figure class='gallery-item'>\r\n            <div class='gallery-icon landscape'>\r\n                <a href='https:\/\/www.supercars.net\/blog\/wp-content\/uploads\/2016\/03\/1067675-2048.jpg' class='tipi-lightbox'>\r\n\t\t\t\t<img decoding=\"async\" width=\"2048\" height=\"1365\" src=\"https:\/\/www.supercars.net\/blog\/wp-content\/uploads\/2016\/03\/1067675-2048.jpg\" class=\"attachment-full size-full\" alt=\"2013 WEC 6-Hours of Spa-Francorchamps\" srcset=\"https:\/\/www.supercars.net\/blog\/wp-content\/uploads\/2016\/03\/1067675-2048.jpg 2048w, https:\/\/www.supercars.net\/blog\/wp-content\/uploads\/2016\/03\/1067675-2048-300x200.jpg 300w, https:\/\/www.supercars.net\/blog\/wp-content\/uploads\/2016\/03\/1067675-2048-1024x683.jpg 1024w, https:\/\/www.supercars.net\/blog\/wp-content\/uploads\/2016\/03\/1067675-2048-100x67.jpg 100w, https:\/\/www.supercars.net\/blog\/wp-content\/uploads\/2016\/03\/1067675-2048-770x513.jpg 770w, https:\/\/www.supercars.net\/blog\/wp-content\/uploads\/2016\/03\/1067675-2048-1536x1024.jpg 1536w, https:\/\/www.supercars.net\/blog\/wp-content\/uploads\/2016\/03\/1067675-2048-360x240.jpg 360w, https:\/\/www.supercars.net\/blog\/wp-content\/uploads\/2016\/03\/1067675-2048-1155x770.jpg 1155w, https:\/\/www.supercars.net\/blog\/wp-content\/uploads\/2016\/03\/1067675-2048-370x247.jpg 370w, https:\/\/www.supercars.net\/blog\/wp-content\/uploads\/2016\/03\/1067675-2048-293x195.jpg 293w, https:\/\/www.supercars.net\/blog\/wp-content\/uploads\/2016\/03\/1067675-2048-1400x933.jpg 1400w\" sizes=\"(max-width: 2048px) 100vw, 2048px\" \/>\r\n\t\t\t\t<\/a>\r\n            <\/div>\r\n                <div class='wp-caption-text gallery-caption'>\r\n                Aston Martin Racing.\n\nWorld Endurance Championship. \nRound Two, Spa, Belgium. \n3rd &#8211; 4th May 2013. \n\nPhoto: Drew Gibson\r\n                <\/div><\/figure><figure class='gallery-item'>\r\n            <div class='gallery-icon landscape'>\r\n                <a href='https:\/\/www.supercars.net\/blog\/wp-content\/uploads\/2016\/03\/1067676-2048.jpg' class='tipi-lightbox'>\r\n\t\t\t\t<img decoding=\"async\" width=\"2048\" height=\"1365\" src=\"https:\/\/www.supercars.net\/blog\/wp-content\/uploads\/2016\/03\/1067676-2048.jpg\" class=\"attachment-full size-full\" alt=\"2013 WEC 6-Hours of Spa-Francorchamps\" srcset=\"https:\/\/www.supercars.net\/blog\/wp-content\/uploads\/2016\/03\/1067676-2048.jpg 2048w, https:\/\/www.supercars.net\/blog\/wp-content\/uploads\/2016\/03\/1067676-2048-300x200.jpg 300w, https:\/\/www.supercars.net\/blog\/wp-content\/uploads\/2016\/03\/1067676-2048-1024x683.jpg 1024w, https:\/\/www.supercars.net\/blog\/wp-content\/uploads\/2016\/03\/1067676-2048-100x67.jpg 100w, https:\/\/www.supercars.net\/blog\/wp-content\/uploads\/2016\/03\/1067676-2048-770x513.jpg 770w, https:\/\/www.supercars.net\/blog\/wp-content\/uploads\/2016\/03\/1067676-2048-1536x1024.jpg 1536w, https:\/\/www.supercars.net\/blog\/wp-content\/uploads\/2016\/03\/1067676-2048-360x240.jpg 360w, https:\/\/www.supercars.net\/blog\/wp-content\/uploads\/2016\/03\/1067676-2048-1155x770.jpg 1155w, https:\/\/www.supercars.net\/blog\/wp-content\/uploads\/2016\/03\/1067676-2048-370x247.jpg 370w, https:\/\/www.supercars.net\/blog\/wp-content\/uploads\/2016\/03\/1067676-2048-293x195.jpg 293w, https:\/\/www.supercars.net\/blog\/wp-content\/uploads\/2016\/03\/1067676-2048-1400x933.jpg 1400w\" sizes=\"(max-width: 2048px) 100vw, 2048px\" \/>\r\n\t\t\t\t<\/a>\r\n            <\/div>\r\n                <div class='wp-caption-text gallery-caption'>\r\n                Aston Martin Racing.\n\nWorld Endurance Championship. \nRound Two, Spa, Belgium. \n3rd &#8211; 4th May 2013. \n\nPhoto: Drew Gibson\r\n                <\/div><\/figure><figure class='gallery-item'>\r\n            <div class='gallery-icon landscape'>\r\n                <a href='https:\/\/www.supercars.net\/blog\/wp-content\/uploads\/2016\/03\/1067677-2048.jpg' class='tipi-lightbox'>\r\n\t\t\t\t<img decoding=\"async\" width=\"2048\" height=\"1365\" src=\"https:\/\/www.supercars.net\/blog\/wp-content\/uploads\/2016\/03\/1067677-2048.jpg\" class=\"attachment-full size-full\" alt=\"2013 WEC 6-Hours of Spa-Francorchamps\" srcset=\"https:\/\/www.supercars.net\/blog\/wp-content\/uploads\/2016\/03\/1067677-2048.jpg 2048w, https:\/\/www.supercars.net\/blog\/wp-content\/uploads\/2016\/03\/1067677-2048-300x200.jpg 300w, https:\/\/www.supercars.net\/blog\/wp-content\/uploads\/2016\/03\/1067677-2048-1024x683.jpg 1024w, https:\/\/www.supercars.net\/blog\/wp-content\/uploads\/2016\/03\/1067677-2048-100x67.jpg 100w, https:\/\/www.supercars.net\/blog\/wp-content\/uploads\/2016\/03\/1067677-2048-770x513.jpg 770w, https:\/\/www.supercars.net\/blog\/wp-content\/uploads\/2016\/03\/1067677-2048-1536x1024.jpg 1536w, https:\/\/www.supercars.net\/blog\/wp-content\/uploads\/2016\/03\/1067677-2048-360x240.jpg 360w, https:\/\/www.supercars.net\/blog\/wp-content\/uploads\/2016\/03\/1067677-2048-1155x770.jpg 1155w, https:\/\/www.supercars.net\/blog\/wp-content\/uploads\/2016\/03\/1067677-2048-370x247.jpg 370w, https:\/\/www.supercars.net\/blog\/wp-content\/uploads\/2016\/03\/1067677-2048-293x195.jpg 293w, https:\/\/www.supercars.net\/blog\/wp-content\/uploads\/2016\/03\/1067677-2048-1400x933.jpg 1400w\" sizes=\"(max-width: 2048px) 100vw, 2048px\" \/>\r\n\t\t\t\t<\/a>\r\n            <\/div>\r\n                <div class='wp-caption-text gallery-caption'>\r\n                Aston Martin Racing.\n\nWorld Endurance Championship. \nRound Two, Spa, Belgium. \n3rd &#8211; 4th May 2013. \n\nPhoto: Drew Gibson\r\n                <\/div><\/figure><figure class='gallery-item'>\r\n            <div class='gallery-icon landscape'>\r\n                <a href='https:\/\/www.supercars.net\/blog\/wp-content\/uploads\/2016\/03\/1067678-2048.jpg' class='tipi-lightbox'>\r\n\t\t\t\t<img decoding=\"async\" width=\"2048\" height=\"1366\" src=\"https:\/\/www.supercars.net\/blog\/wp-content\/uploads\/2016\/03\/1067678-2048.jpg\" class=\"attachment-full size-full\" alt=\"2013 WEC 6-Hours of Spa-Francorchamps\" srcset=\"https:\/\/www.supercars.net\/blog\/wp-content\/uploads\/2016\/03\/1067678-2048.jpg 2048w, https:\/\/www.supercars.net\/blog\/wp-content\/uploads\/2016\/03\/1067678-2048-300x200.jpg 300w, https:\/\/www.supercars.net\/blog\/wp-content\/uploads\/2016\/03\/1067678-2048-1024x683.jpg 1024w, https:\/\/www.supercars.net\/blog\/wp-content\/uploads\/2016\/03\/1067678-2048-100x67.jpg 100w, https:\/\/www.supercars.net\/blog\/wp-content\/uploads\/2016\/03\/1067678-2048-770x514.jpg 770w, https:\/\/www.supercars.net\/blog\/wp-content\/uploads\/2016\/03\/1067678-2048-1536x1025.jpg 1536w, https:\/\/www.supercars.net\/blog\/wp-content\/uploads\/2016\/03\/1067678-2048-360x240.jpg 360w, https:\/\/www.supercars.net\/blog\/wp-content\/uploads\/2016\/03\/1067678-2048-1155x770.jpg 1155w, https:\/\/www.supercars.net\/blog\/wp-content\/uploads\/2016\/03\/1067678-2048-370x247.jpg 370w, https:\/\/www.supercars.net\/blog\/wp-content\/uploads\/2016\/03\/1067678-2048-293x195.jpg 293w, https:\/\/www.supercars.net\/blog\/wp-content\/uploads\/2016\/03\/1067678-2048-1400x934.jpg 1400w\" sizes=\"(max-width: 2048px) 100vw, 2048px\" \/>\r\n\t\t\t\t<\/a>\r\n            <\/div>\r\n                <div class='wp-caption-text gallery-caption'>\r\n                Aston Martin Racing.\n\nWorld Endurance Championship. \nRound Two, Spa, Belgium. \n3rd &#8211; 4th May 2013. \n\nPhoto: Drew Gibson\r\n                <\/div><\/figure><figure class='gallery-item'>\r\n            <div class='gallery-icon landscape'>\r\n                <a href='https:\/\/www.supercars.net\/blog\/wp-content\/uploads\/2016\/03\/1067679-2048.jpg' class='tipi-lightbox'>\r\n\t\t\t\t<img decoding=\"async\" width=\"2048\" height=\"1365\" src=\"https:\/\/www.supercars.net\/blog\/wp-content\/uploads\/2016\/03\/1067679-2048.jpg\" class=\"attachment-full size-full\" alt=\"2013 WEC 6-Hours of Spa-Francorchamps\" srcset=\"https:\/\/www.supercars.net\/blog\/wp-content\/uploads\/2016\/03\/1067679-2048.jpg 2048w, https:\/\/www.supercars.net\/blog\/wp-content\/uploads\/2016\/03\/1067679-2048-300x200.jpg 300w, https:\/\/www.supercars.net\/blog\/wp-content\/uploads\/2016\/03\/1067679-2048-1024x683.jpg 1024w, https:\/\/www.supercars.net\/blog\/wp-content\/uploads\/2016\/03\/1067679-2048-100x67.jpg 100w, https:\/\/www.supercars.net\/blog\/wp-content\/uploads\/2016\/03\/1067679-2048-770x513.jpg 770w, https:\/\/www.supercars.net\/blog\/wp-content\/uploads\/2016\/03\/1067679-2048-1536x1024.jpg 1536w, https:\/\/www.supercars.net\/blog\/wp-content\/uploads\/2016\/03\/1067679-2048-360x240.jpg 360w, https:\/\/www.supercars.net\/blog\/wp-content\/uploads\/2016\/03\/1067679-2048-1155x770.jpg 1155w, https:\/\/www.supercars.net\/blog\/wp-content\/uploads\/2016\/03\/1067679-2048-370x247.jpg 370w, https:\/\/www.supercars.net\/blog\/wp-content\/uploads\/2016\/03\/1067679-2048-293x195.jpg 293w, https:\/\/www.supercars.net\/blog\/wp-content\/uploads\/2016\/03\/1067679-2048-1400x933.jpg 1400w\" sizes=\"(max-width: 2048px) 100vw, 2048px\" \/>\r\n\t\t\t\t<\/a>\r\n            <\/div>\r\n                <div class='wp-caption-text gallery-caption'>\r\n                Aston Martin Racing.\n\nWorld Endurance Championship. \nRound Two, Spa, Belgium. \n3rd &#8211; 4th May 2013. \n\nPhoto: Drew Gibson\r\n                <\/div><\/figure>\n","protected":false},"excerpt":{"rendered":"<p>Held Saturday May 4th at the Circuit de Spa-Francorchamps in Spa, Belgium. 2nd round of the FIA World Endurance Championship. Won outright by the Audi R18 e-tron quattro of Andr\u00e9 LOTTERER, Benoit TR\u00c9LUYER, Marcel F\u00c4SSLER.<\/p>\n","protected":false},"author":2,"featured_media":163918,"comment_status":"open","ping_status":"closed","sticky":false,"template":"","format":"standard","meta":{"footnotes":""},"categories":[261,255,16918],"tags":[548,18576,17225,504,18151],"class_list":["post-126784","post","type-post","status-publish","format-standard","has-post-thumbnail","hentry","category-motorsport-racing","category-news","category-races","tag-motorsport","tag-race-6-hours-of-spa","tag-race-recap","tag-spa","tag-racing-news"],"yoast_head":"<!-- This site is optimized with the Yoast SEO plugin v27.4 - https:\/\/yoast.com\/product\/yoast-seo-wordpress\/ -->\n<title>2013 WEC 6-Hours of Spa-Francorchamps<\/title>\n<meta name=\"robots\" content=\"index, follow, max-snippet:-1, max-image-preview:large, max-video-preview:-1\" \/>\n<link rel=\"canonical\" href=\"https:\/\/www.supercars.net\/blog\/2013-wec-6-hours-of-spa-francorchamps\/\" \/>\n<meta property=\"og:locale\" content=\"en_US\" \/>\n<meta property=\"og:type\" content=\"article\" \/>\n<meta property=\"og:title\" content=\"2013 WEC 6-Hours of Spa-Francorchamps\" \/>\n<meta property=\"og:description\" content=\"Held Saturday May 4th at the Circuit de Spa-Francorchamps in Spa, Belgium. 2nd round of the FIA World Endurance Championship. Won outright by the Audi R18 e-tron quattro of Andr\u00e9 LOTTERER, Benoit TR\u00c9LUYER, Marcel F\u00c4SSLER.\" \/>\n<meta property=\"og:url\" content=\"https:\/\/www.supercars.net\/blog\/2013-wec-6-hours-of-spa-francorchamps\/\" \/>\n<meta property=\"og:site_name\" content=\"Supercars.net\" \/>\n<meta property=\"article:publisher\" content=\"https:\/\/www.facebook.com\/Supercars.net\/\" \/>\n<meta property=\"article:author\" content=\"https:\/\/www.facebook.com\/Supercars.net\/\" \/>\n<meta property=\"article:published_time\" content=\"2016-03-16T08:22:57+00:00\" \/>\n<meta property=\"article:modified_time\" content=\"2024-01-11T19:29:53+00:00\" \/>\n<meta property=\"og:image\" content=\"https:\/\/www.supercars.net\/blog\/wp-content\/uploads\/2016\/03\/1064908-1024.jpg\" \/>\n\t<meta property=\"og:image:width\" content=\"1024\" \/>\n\t<meta property=\"og:image:height\" content=\"685\" \/>\n\t<meta property=\"og:image:type\" content=\"image\/jpeg\" \/>\n<meta name=\"author\" content=\"Editorial Team\" \/>\n<meta name=\"twitter:card\" content=\"summary_large_image\" \/>\n<meta name=\"twitter:creator\" content=\"@https:\/\/twitter.com\/supercars_net\" \/>\n<meta name=\"twitter:site\" content=\"@supercars_net\" \/>\n<meta name=\"twitter:label1\" content=\"Written by\" \/>\n\t<meta name=\"twitter:data1\" content=\"Editorial Team\" \/>\n<script type=\"application\/ld+json\" class=\"yoast-schema-graph\">{\"@context\":\"https:\\\/\\\/schema.org\",\"@graph\":[{\"@type\":\"Article\",\"@id\":\"https:\\\/\\\/www.supercars.net\\\/blog\\\/2013-wec-6-hours-of-spa-francorchamps\\\/#article\",\"isPartOf\":{\"@id\":\"https:\\\/\\\/www.supercars.net\\\/blog\\\/2013-wec-6-hours-of-spa-francorchamps\\\/\"},\"author\":{\"name\":\"Editorial Team\",\"@id\":\"https:\\\/\\\/www.supercars.net\\\/blog\\\/#\\\/schema\\\/person\\\/08906293a84eafb03312b711c1507c7e\"},\"headline\":\"2013 WEC 6-Hours of Spa-Francorchamps\",\"datePublished\":\"2016-03-16T08:22:57+00:00\",\"dateModified\":\"2024-01-11T19:29:53+00:00\",\"mainEntityOfPage\":{\"@id\":\"https:\\\/\\\/www.supercars.net\\\/blog\\\/2013-wec-6-hours-of-spa-francorchamps\\\/\"},\"wordCount\":45,\"commentCount\":0,\"image\":{\"@id\":\"https:\\\/\\\/www.supercars.net\\\/blog\\\/2013-wec-6-hours-of-spa-francorchamps\\\/#primaryimage\"},\"thumbnailUrl\":\"https:\\\/\\\/www.supercars.net\\\/blog\\\/wp-content\\\/uploads\\\/2016\\\/03\\\/1064908-1024.jpg\",\"keywords\":[\"Motorsport &amp; Racing\",\"Race (6 Hours of Spa)\",\"Race Recap\",\"Racetrack (Spa-Francorchamps)\",\"Racing News\"],\"articleSection\":[\"Motorsport &amp; Racing\",\"News\",\"Race Recap\"],\"inLanguage\":\"en-US\",\"potentialAction\":[{\"@type\":\"CommentAction\",\"name\":\"Comment\",\"target\":[\"https:\\\/\\\/www.supercars.net\\\/blog\\\/2013-wec-6-hours-of-spa-francorchamps\\\/#respond\"]}]},{\"@type\":\"WebPage\",\"@id\":\"https:\\\/\\\/www.supercars.net\\\/blog\\\/2013-wec-6-hours-of-spa-francorchamps\\\/\",\"url\":\"https:\\\/\\\/www.supercars.net\\\/blog\\\/2013-wec-6-hours-of-spa-francorchamps\\\/\",\"name\":\"2013 WEC 6-Hours of Spa-Francorchamps\",\"isPartOf\":{\"@id\":\"https:\\\/\\\/www.supercars.net\\\/blog\\\/#website\"},\"primaryImageOfPage\":{\"@id\":\"https:\\\/\\\/www.supercars.net\\\/blog\\\/2013-wec-6-hours-of-spa-francorchamps\\\/#primaryimage\"},\"image\":{\"@id\":\"https:\\\/\\\/www.supercars.net\\\/blog\\\/2013-wec-6-hours-of-spa-francorchamps\\\/#primaryimage\"},\"thumbnailUrl\":\"https:\\\/\\\/www.supercars.net\\\/blog\\\/wp-content\\\/uploads\\\/2016\\\/03\\\/1064908-1024.jpg\",\"datePublished\":\"2016-03-16T08:22:57+00:00\",\"dateModified\":\"2024-01-11T19:29:53+00:00\",\"author\":{\"@id\":\"https:\\\/\\\/www.supercars.net\\\/blog\\\/#\\\/schema\\\/person\\\/08906293a84eafb03312b711c1507c7e\"},\"breadcrumb\":{\"@id\":\"https:\\\/\\\/www.supercars.net\\\/blog\\\/2013-wec-6-hours-of-spa-francorchamps\\\/#breadcrumb\"},\"inLanguage\":\"en-US\",\"potentialAction\":[{\"@type\":\"ReadAction\",\"target\":[\"https:\\\/\\\/www.supercars.net\\\/blog\\\/2013-wec-6-hours-of-spa-francorchamps\\\/\"]}]},{\"@type\":\"ImageObject\",\"inLanguage\":\"en-US\",\"@id\":\"https:\\\/\\\/www.supercars.net\\\/blog\\\/2013-wec-6-hours-of-spa-francorchamps\\\/#primaryimage\",\"url\":\"https:\\\/\\\/www.supercars.net\\\/blog\\\/wp-content\\\/uploads\\\/2016\\\/03\\\/1064908-1024.jpg\",\"contentUrl\":\"https:\\\/\\\/www.supercars.net\\\/blog\\\/wp-content\\\/uploads\\\/2016\\\/03\\\/1064908-1024.jpg\",\"width\":1024,\"height\":685,\"caption\":\"Podium\"},{\"@type\":\"BreadcrumbList\",\"@id\":\"https:\\\/\\\/www.supercars.net\\\/blog\\\/2013-wec-6-hours-of-spa-francorchamps\\\/#breadcrumb\",\"itemListElement\":[{\"@type\":\"ListItem\",\"position\":1,\"name\":\"Home\",\"item\":\"https:\\\/\\\/www.supercars.net\\\/blog\\\/\"},{\"@type\":\"ListItem\",\"position\":2,\"name\":\"2013 WEC 6-Hours of Spa-Francorchamps\"}]},{\"@type\":\"WebSite\",\"@id\":\"https:\\\/\\\/www.supercars.net\\\/blog\\\/#website\",\"url\":\"https:\\\/\\\/www.supercars.net\\\/blog\\\/\",\"name\":\"Supercars.net\",\"description\":\"Exotic and Supercar news, information, pictures and videos\",\"potentialAction\":[{\"@type\":\"SearchAction\",\"target\":{\"@type\":\"EntryPoint\",\"urlTemplate\":\"https:\\\/\\\/www.supercars.net\\\/blog\\\/?s={search_term_string}\"},\"query-input\":{\"@type\":\"PropertyValueSpecification\",\"valueRequired\":true,\"valueName\":\"search_term_string\"}}],\"inLanguage\":\"en-US\"},{\"@type\":\"Person\",\"@id\":\"https:\\\/\\\/www.supercars.net\\\/blog\\\/#\\\/schema\\\/person\\\/08906293a84eafb03312b711c1507c7e\",\"name\":\"Editorial Team\",\"image\":{\"@type\":\"ImageObject\",\"inLanguage\":\"en-US\",\"@id\":\"https:\\\/\\\/www.supercars.net\\\/blog\\\/wp-content\\\/uploads\\\/2012\\\/01\\\/196-293x293.jpg\",\"url\":\"https:\\\/\\\/www.supercars.net\\\/blog\\\/wp-content\\\/uploads\\\/2012\\\/01\\\/196-293x293.jpg\",\"contentUrl\":\"https:\\\/\\\/www.supercars.net\\\/blog\\\/wp-content\\\/uploads\\\/2012\\\/01\\\/196-293x293.jpg\",\"caption\":\"Editorial Team\"},\"description\":\"Regular people by day, car obsessed nutcases by night. We are like kids in a candy store, except the candy is made of metal, goes vroom-vroom, and occasionally bankrupts us faster than a sugar rush at a candy store sale! We spend hours debating the merits of turbochargers versus superchargers, and our weekends are a never-ending quest for the perfect polish and wax combo. We can identify every make and model by the sound of a revving engine, and our idea of a romantic evening is a candlelit dinner with our cars in the garage.\",\"sameAs\":[\"http:\\\/\\\/www.supercars.net\",\"https:\\\/\\\/www.facebook.com\\\/Supercars.net\\\/\",\"https:\\\/\\\/instagram.com\\\/super.cars.fans\",\"https:\\\/\\\/x.com\\\/https:\\\/\\\/twitter.com\\\/supercars_net\"],\"url\":\"https:\\\/\\\/www.supercars.net\\\/blog\\\/author\\\/supercars\\\/\"}]}<\/script>\n<!-- \/ Yoast SEO plugin. -->","yoast_head_json":{"title":"2013 WEC 6-Hours of Spa-Francorchamps","robots":{"index":"index","follow":"follow","max-snippet":"max-snippet:-1","max-image-preview":"max-image-preview:large","max-video-preview":"max-video-preview:-1"},"canonical":"https:\/\/www.supercars.net\/blog\/2013-wec-6-hours-of-spa-francorchamps\/","og_locale":"en_US","og_type":"article","og_title":"2013 WEC 6-Hours of Spa-Francorchamps","og_description":"Held Saturday May 4th at the Circuit de Spa-Francorchamps in Spa, Belgium. 2nd round of the FIA World Endurance Championship. Won outright by the Audi R18 e-tron quattro of Andr\u00e9 LOTTERER, Benoit TR\u00c9LUYER, Marcel F\u00c4SSLER.","og_url":"https:\/\/www.supercars.net\/blog\/2013-wec-6-hours-of-spa-francorchamps\/","og_site_name":"Supercars.net","article_publisher":"https:\/\/www.facebook.com\/Supercars.net\/","article_author":"https:\/\/www.facebook.com\/Supercars.net\/","article_published_time":"2016-03-16T08:22:57+00:00","article_modified_time":"2024-01-11T19:29:53+00:00","og_image":[{"width":1024,"height":685,"url":"https:\/\/www.supercars.net\/blog\/wp-content\/uploads\/2016\/03\/1064908-1024.jpg","type":"image\/jpeg"}],"author":"Editorial Team","twitter_card":"summary_large_image","twitter_creator":"@https:\/\/twitter.com\/supercars_net","twitter_site":"@supercars_net","twitter_misc":{"Written by":"Editorial Team"},"schema":{"@context":"https:\/\/schema.org","@graph":[{"@type":"Article","@id":"https:\/\/www.supercars.net\/blog\/2013-wec-6-hours-of-spa-francorchamps\/#article","isPartOf":{"@id":"https:\/\/www.supercars.net\/blog\/2013-wec-6-hours-of-spa-francorchamps\/"},"author":{"name":"Editorial Team","@id":"https:\/\/www.supercars.net\/blog\/#\/schema\/person\/08906293a84eafb03312b711c1507c7e"},"headline":"2013 WEC 6-Hours of Spa-Francorchamps","datePublished":"2016-03-16T08:22:57+00:00","dateModified":"2024-01-11T19:29:53+00:00","mainEntityOfPage":{"@id":"https:\/\/www.supercars.net\/blog\/2013-wec-6-hours-of-spa-francorchamps\/"},"wordCount":45,"commentCount":0,"image":{"@id":"https:\/\/www.supercars.net\/blog\/2013-wec-6-hours-of-spa-francorchamps\/#primaryimage"},"thumbnailUrl":"https:\/\/www.supercars.net\/blog\/wp-content\/uploads\/2016\/03\/1064908-1024.jpg","keywords":["Motorsport &amp; Racing","Race (6 Hours of Spa)","Race Recap","Racetrack (Spa-Francorchamps)","Racing News"],"articleSection":["Motorsport &amp; Racing","News","Race Recap"],"inLanguage":"en-US","potentialAction":[{"@type":"CommentAction","name":"Comment","target":["https:\/\/www.supercars.net\/blog\/2013-wec-6-hours-of-spa-francorchamps\/#respond"]}]},{"@type":"WebPage","@id":"https:\/\/www.supercars.net\/blog\/2013-wec-6-hours-of-spa-francorchamps\/","url":"https:\/\/www.supercars.net\/blog\/2013-wec-6-hours-of-spa-francorchamps\/","name":"2013 WEC 6-Hours of Spa-Francorchamps","isPartOf":{"@id":"https:\/\/www.supercars.net\/blog\/#website"},"primaryImageOfPage":{"@id":"https:\/\/www.supercars.net\/blog\/2013-wec-6-hours-of-spa-francorchamps\/#primaryimage"},"image":{"@id":"https:\/\/www.supercars.net\/blog\/2013-wec-6-hours-of-spa-francorchamps\/#primaryimage"},"thumbnailUrl":"https:\/\/www.supercars.net\/blog\/wp-content\/uploads\/2016\/03\/1064908-1024.jpg","datePublished":"2016-03-16T08:22:57+00:00","dateModified":"2024-01-11T19:29:53+00:00","author":{"@id":"https:\/\/www.supercars.net\/blog\/#\/schema\/person\/08906293a84eafb03312b711c1507c7e"},"breadcrumb":{"@id":"https:\/\/www.supercars.net\/blog\/2013-wec-6-hours-of-spa-francorchamps\/#breadcrumb"},"inLanguage":"en-US","potentialAction":[{"@type":"ReadAction","target":["https:\/\/www.supercars.net\/blog\/2013-wec-6-hours-of-spa-francorchamps\/"]}]},{"@type":"ImageObject","inLanguage":"en-US","@id":"https:\/\/www.supercars.net\/blog\/2013-wec-6-hours-of-spa-francorchamps\/#primaryimage","url":"https:\/\/www.supercars.net\/blog\/wp-content\/uploads\/2016\/03\/1064908-1024.jpg","contentUrl":"https:\/\/www.supercars.net\/blog\/wp-content\/uploads\/2016\/03\/1064908-1024.jpg","width":1024,"height":685,"caption":"Podium"},{"@type":"BreadcrumbList","@id":"https:\/\/www.supercars.net\/blog\/2013-wec-6-hours-of-spa-francorchamps\/#breadcrumb","itemListElement":[{"@type":"ListItem","position":1,"name":"Home","item":"https:\/\/www.supercars.net\/blog\/"},{"@type":"ListItem","position":2,"name":"2013 WEC 6-Hours of Spa-Francorchamps"}]},{"@type":"WebSite","@id":"https:\/\/www.supercars.net\/blog\/#website","url":"https:\/\/www.supercars.net\/blog\/","name":"Supercars.net","description":"Exotic and Supercar news, information, pictures and videos","potentialAction":[{"@type":"SearchAction","target":{"@type":"EntryPoint","urlTemplate":"https:\/\/www.supercars.net\/blog\/?s={search_term_string}"},"query-input":{"@type":"PropertyValueSpecification","valueRequired":true,"valueName":"search_term_string"}}],"inLanguage":"en-US"},{"@type":"Person","@id":"https:\/\/www.supercars.net\/blog\/#\/schema\/person\/08906293a84eafb03312b711c1507c7e","name":"Editorial Team","image":{"@type":"ImageObject","inLanguage":"en-US","@id":"https:\/\/www.supercars.net\/blog\/wp-content\/uploads\/2012\/01\/196-293x293.jpg","url":"https:\/\/www.supercars.net\/blog\/wp-content\/uploads\/2012\/01\/196-293x293.jpg","contentUrl":"https:\/\/www.supercars.net\/blog\/wp-content\/uploads\/2012\/01\/196-293x293.jpg","caption":"Editorial Team"},"description":"Regular people by day, car obsessed nutcases by night. We are like kids in a candy store, except the candy is made of metal, goes vroom-vroom, and occasionally bankrupts us faster than a sugar rush at a candy store sale! We spend hours debating the merits of turbochargers versus superchargers, and our weekends are a never-ending quest for the perfect polish and wax combo. We can identify every make and model by the sound of a revving engine, and our idea of a romantic evening is a candlelit dinner with our cars in the garage.","sameAs":["http:\/\/www.supercars.net","https:\/\/www.facebook.com\/Supercars.net\/","https:\/\/instagram.com\/super.cars.fans","https:\/\/x.com\/https:\/\/twitter.com\/supercars_net"],"url":"https:\/\/www.supercars.net\/blog\/author\/supercars\/"}]}},"_links":{"self":[{"href":"https:\/\/www.supercars.net\/blog\/wp-json\/wp\/v2\/posts\/126784","targetHints":{"allow":["GET"]}}],"collection":[{"href":"https:\/\/www.supercars.net\/blog\/wp-json\/wp\/v2\/posts"}],"about":[{"href":"https:\/\/www.supercars.net\/blog\/wp-json\/wp\/v2\/types\/post"}],"author":[{"embeddable":true,"href":"https:\/\/www.supercars.net\/blog\/wp-json\/wp\/v2\/users\/2"}],"replies":[{"embeddable":true,"href":"https:\/\/www.supercars.net\/blog\/wp-json\/wp\/v2\/comments?post=126784"}],"version-history":[{"count":0,"href":"https:\/\/www.supercars.net\/blog\/wp-json\/wp\/v2\/posts\/126784\/revisions"}],"wp:featuredmedia":[{"embeddable":true,"href":"https:\/\/www.supercars.net\/blog\/wp-json\/wp\/v2\/media\/163918"}],"wp:attachment":[{"href":"https:\/\/www.supercars.net\/blog\/wp-json\/wp\/v2\/media?parent=126784"}],"wp:term":[{"taxonomy":"category","embeddable":true,"href":"https:\/\/www.supercars.net\/blog\/wp-json\/wp\/v2\/categories?post=126784"},{"taxonomy":"post_tag","embeddable":true,"href":"https:\/\/www.supercars.net\/blog\/wp-json\/wp\/v2\/tags?post=126784"}],"curies":[{"name":"wp","href":"https:\/\/api.w.org\/{rel}","templated":true}]}}