{"id":131658,"date":"2016-03-18T20:18:53","date_gmt":"2016-03-18T20:18:53","guid":{"rendered":"http:\/\/blog.supercars.net\/blog\/?p=131658"},"modified":"2025-01-06T00:26:27","modified_gmt":"2025-01-06T00:26:27","slug":"2013-24-hours-of-le-mans-2","status":"publish","type":"post","link":"https:\/\/www.supercars.net\/blog\/2013-24-hours-of-le-mans-2\/","title":{"rendered":"24 Hours of Le Mans 2013 &#8211; Report and Photos 2"},"content":{"rendered":"<p>Held by the Automobile Club de l&#8217;Ouest as a round of the FIA World Endurance Championship at the Circuit de la Sarthe, Le Mans, France. Held June 22nd to 23rd with leadup practice, qualifying and scrutineering. Won outright by the #2 Audi of Tom Kristensen, Allan McNish and Lo\u00efc Duval. This gallery is dedicated to Dedicated to Allan Simonsen who lost his life only 10 minutes into the race.<\/p>\n<figure class='gallery-item'>\r\n            <div class='gallery-icon landscape'>\r\n                <a href='https:\/\/www.supercars.net\/blog\/wp-content\/uploads\/2016\/03\/1067776-1536.jpg' class='tipi-lightbox'>\r\n\t\t\t\t<img decoding=\"async\" width=\"1536\" height=\"1024\" src=\"https:\/\/www.supercars.net\/blog\/wp-content\/uploads\/2016\/03\/1067776-1536.jpg\" class=\"attachment-full size-full\" alt=\"2013 24 Hours of Le Mans-2\" srcset=\"https:\/\/www.supercars.net\/blog\/wp-content\/uploads\/2016\/03\/1067776-1536.jpg 1536w, https:\/\/www.supercars.net\/blog\/wp-content\/uploads\/2016\/03\/1067776-1536-300x200.jpg 300w, https:\/\/www.supercars.net\/blog\/wp-content\/uploads\/2016\/03\/1067776-1536-1024x683.jpg 1024w, https:\/\/www.supercars.net\/blog\/wp-content\/uploads\/2016\/03\/1067776-1536-100x67.jpg 100w, https:\/\/www.supercars.net\/blog\/wp-content\/uploads\/2016\/03\/1067776-1536-770x513.jpg 770w, https:\/\/www.supercars.net\/blog\/wp-content\/uploads\/2016\/03\/1067776-1536-360x240.jpg 360w, https:\/\/www.supercars.net\/blog\/wp-content\/uploads\/2016\/03\/1067776-1536-1155x770.jpg 1155w, https:\/\/www.supercars.net\/blog\/wp-content\/uploads\/2016\/03\/1067776-1536-370x247.jpg 370w, https:\/\/www.supercars.net\/blog\/wp-content\/uploads\/2016\/03\/1067776-1536-293x195.jpg 293w, https:\/\/www.supercars.net\/blog\/wp-content\/uploads\/2016\/03\/1067776-1536-1400x933.jpg 1400w\" sizes=\"(max-width: 1536px) 100vw, 1536px\" \/>\r\n\t\t\t\t<\/a>\r\n            <\/div>\r\n                <div class='wp-caption-text gallery-caption'>\r\n                Nissan, Le Mans 24 Hours 2013.\n\nWorld Endurance Championship. \nRound Three, Le Mans, France. \n16th &#8211; 23rd June 2013. \n\nPhoto: Drew Gibson\r\n                <\/div><\/figure><figure class='gallery-item'>\r\n            <div class='gallery-icon landscape'>\r\n                <a href='https:\/\/www.supercars.net\/blog\/wp-content\/uploads\/2016\/03\/1067777-1536.jpg' class='tipi-lightbox'>\r\n\t\t\t\t<img decoding=\"async\" width=\"1536\" height=\"1025\" src=\"https:\/\/www.supercars.net\/blog\/wp-content\/uploads\/2016\/03\/1067777-1536.jpg\" class=\"attachment-full size-full\" alt=\"2013 24 Hours of Le Mans-2\" srcset=\"https:\/\/www.supercars.net\/blog\/wp-content\/uploads\/2016\/03\/1067777-1536.jpg 1536w, https:\/\/www.supercars.net\/blog\/wp-content\/uploads\/2016\/03\/1067777-1536-300x200.jpg 300w, https:\/\/www.supercars.net\/blog\/wp-content\/uploads\/2016\/03\/1067777-1536-1024x683.jpg 1024w, https:\/\/www.supercars.net\/blog\/wp-content\/uploads\/2016\/03\/1067777-1536-100x67.jpg 100w, https:\/\/www.supercars.net\/blog\/wp-content\/uploads\/2016\/03\/1067777-1536-770x514.jpg 770w, https:\/\/www.supercars.net\/blog\/wp-content\/uploads\/2016\/03\/1067777-1536-360x240.jpg 360w, https:\/\/www.supercars.net\/blog\/wp-content\/uploads\/2016\/03\/1067777-1536-1155x770.jpg 1155w, https:\/\/www.supercars.net\/blog\/wp-content\/uploads\/2016\/03\/1067777-1536-370x247.jpg 370w, https:\/\/www.supercars.net\/blog\/wp-content\/uploads\/2016\/03\/1067777-1536-293x196.jpg 293w, https:\/\/www.supercars.net\/blog\/wp-content\/uploads\/2016\/03\/1067777-1536-1400x934.jpg 1400w\" sizes=\"(max-width: 1536px) 100vw, 1536px\" \/>\r\n\t\t\t\t<\/a>\r\n            <\/div>\r\n                <div class='wp-caption-text gallery-caption'>\r\n                MOTORSPORT &#8211; WEC 2013 &#8211; WORLD ENDURANCE CHAMPIONSHIP 2013 &#8211;  24H DU MANS &#8211; CIRCUIT DES 24H DU MANS (FRA) &#8211; 16 TO 21\/06\/2013 &#8211; PHOTO : JEAN-MICHEL LE MEUR \/ DPPI &#8211; 35 BAGUETTE BERTRAND (BEL) &#8211; GONZALEZ RICARDO (MEX) &#8211; PLOWMAN MARTIN (GBR) \/ WEC LMP2 \/ MORGAN NISSAN TEAM OAK RACING \/ AMBIANCE \/ 45 JACQUES NICOLET (FRA) &#8211; MERLIN JEAN MARC &#8211; MONDOLOT PHILIPPE \/ (FRA) \/ WEC LMP2 \/ MORGAN NISSAN TEAM OAK RACING \/ AMBIANCE \/ 24 PLA OLIVIER (FRA) &#8211; BRUNDLE ALEX (GBR) &#8211; HEINEMEIER HANSSON (DNK) \/ WEC LMP2 \/ MORGAN NISSAN TEAM OAK RACING \/ AMBIANCE\r\n                <\/div><\/figure><figure class='gallery-item'>\r\n            <div class='gallery-icon landscape'>\r\n                <a href='https:\/\/www.supercars.net\/blog\/wp-content\/uploads\/2016\/03\/1067778-1536.jpg' class='tipi-lightbox'>\r\n\t\t\t\t<img decoding=\"async\" width=\"1536\" height=\"1025\" src=\"https:\/\/www.supercars.net\/blog\/wp-content\/uploads\/2016\/03\/1067778-1536.jpg\" class=\"attachment-full size-full\" alt=\"2013 24 Hours of Le Mans-2\" srcset=\"https:\/\/www.supercars.net\/blog\/wp-content\/uploads\/2016\/03\/1067778-1536.jpg 1536w, https:\/\/www.supercars.net\/blog\/wp-content\/uploads\/2016\/03\/1067778-1536-300x200.jpg 300w, https:\/\/www.supercars.net\/blog\/wp-content\/uploads\/2016\/03\/1067778-1536-1024x683.jpg 1024w, https:\/\/www.supercars.net\/blog\/wp-content\/uploads\/2016\/03\/1067778-1536-100x67.jpg 100w, https:\/\/www.supercars.net\/blog\/wp-content\/uploads\/2016\/03\/1067778-1536-770x514.jpg 770w, https:\/\/www.supercars.net\/blog\/wp-content\/uploads\/2016\/03\/1067778-1536-360x240.jpg 360w, https:\/\/www.supercars.net\/blog\/wp-content\/uploads\/2016\/03\/1067778-1536-1155x770.jpg 1155w, https:\/\/www.supercars.net\/blog\/wp-content\/uploads\/2016\/03\/1067778-1536-370x247.jpg 370w, https:\/\/www.supercars.net\/blog\/wp-content\/uploads\/2016\/03\/1067778-1536-293x196.jpg 293w, https:\/\/www.supercars.net\/blog\/wp-content\/uploads\/2016\/03\/1067778-1536-1400x934.jpg 1400w\" sizes=\"(max-width: 1536px) 100vw, 1536px\" \/>\r\n\t\t\t\t<\/a>\r\n            <\/div>\r\n                <div class='wp-caption-text gallery-caption'>\r\n                MOTORSPORT &#8211; WEC 2013 &#8211; WORLD ENDURANCE CHAMPIONSHIP 2013 &#8211;  24H DU MANS &#8211; CIRCUIT DES 24H DU MANS (FRA) &#8211; 16 TO 21\/06\/2013 &#8211; PHOTO : JEAN-MICHEL LE MEUR \/ DPPI &#8211; \n45 JACQUES NICOLET (FRA) &#8211; MERLIN JEAN MARC &#8211; MONDOLOT PHILIPPE \/ (FRA) \/ WEC LMP2 \/ MORGAN NISSAN TEAM OAK RACING \/ ACTION\r\n                <\/div><\/figure><figure class='gallery-item'>\r\n            <div class='gallery-icon landscape'>\r\n                <a href='https:\/\/www.supercars.net\/blog\/wp-content\/uploads\/2016\/03\/1067780-1536.jpg' class='tipi-lightbox'>\r\n\t\t\t\t<img decoding=\"async\" width=\"1536\" height=\"1024\" src=\"https:\/\/www.supercars.net\/blog\/wp-content\/uploads\/2016\/03\/1067780-1536.jpg\" class=\"attachment-full size-full\" alt=\"2013 24 Hours of Le Mans-2\" srcset=\"https:\/\/www.supercars.net\/blog\/wp-content\/uploads\/2016\/03\/1067780-1536.jpg 1536w, https:\/\/www.supercars.net\/blog\/wp-content\/uploads\/2016\/03\/1067780-1536-300x200.jpg 300w, https:\/\/www.supercars.net\/blog\/wp-content\/uploads\/2016\/03\/1067780-1536-1024x683.jpg 1024w, https:\/\/www.supercars.net\/blog\/wp-content\/uploads\/2016\/03\/1067780-1536-100x67.jpg 100w, https:\/\/www.supercars.net\/blog\/wp-content\/uploads\/2016\/03\/1067780-1536-770x513.jpg 770w, https:\/\/www.supercars.net\/blog\/wp-content\/uploads\/2016\/03\/1067780-1536-360x240.jpg 360w, https:\/\/www.supercars.net\/blog\/wp-content\/uploads\/2016\/03\/1067780-1536-1155x770.jpg 1155w, https:\/\/www.supercars.net\/blog\/wp-content\/uploads\/2016\/03\/1067780-1536-370x247.jpg 370w, https:\/\/www.supercars.net\/blog\/wp-content\/uploads\/2016\/03\/1067780-1536-293x195.jpg 293w, https:\/\/www.supercars.net\/blog\/wp-content\/uploads\/2016\/03\/1067780-1536-1400x933.jpg 1400w\" sizes=\"(max-width: 1536px) 100vw, 1536px\" \/>\r\n\t\t\t\t<\/a>\r\n            <\/div>\r\n                <div class='wp-caption-text gallery-caption'>\r\n                Nissan, Le Mans 24 Hours 2013.\n\nWorld Endurance Championship. \nRound Three, Le Mans, France. \n16th &#8211; 23rd June 2013. \n\nPhoto: Drew Gibson\r\n                <\/div><\/figure><figure class='gallery-item'>\r\n            <div class='gallery-icon landscape'>\r\n                <a href='https:\/\/www.supercars.net\/blog\/wp-content\/uploads\/2016\/03\/1067781-1536.jpg' class='tipi-lightbox'>\r\n\t\t\t\t<img decoding=\"async\" width=\"1536\" height=\"1024\" src=\"https:\/\/www.supercars.net\/blog\/wp-content\/uploads\/2016\/03\/1067781-1536.jpg\" class=\"attachment-full size-full\" alt=\"2013 24 Hours of Le Mans-2\" srcset=\"https:\/\/www.supercars.net\/blog\/wp-content\/uploads\/2016\/03\/1067781-1536.jpg 1536w, https:\/\/www.supercars.net\/blog\/wp-content\/uploads\/2016\/03\/1067781-1536-300x200.jpg 300w, https:\/\/www.supercars.net\/blog\/wp-content\/uploads\/2016\/03\/1067781-1536-1024x683.jpg 1024w, https:\/\/www.supercars.net\/blog\/wp-content\/uploads\/2016\/03\/1067781-1536-100x67.jpg 100w, https:\/\/www.supercars.net\/blog\/wp-content\/uploads\/2016\/03\/1067781-1536-770x513.jpg 770w, https:\/\/www.supercars.net\/blog\/wp-content\/uploads\/2016\/03\/1067781-1536-360x240.jpg 360w, https:\/\/www.supercars.net\/blog\/wp-content\/uploads\/2016\/03\/1067781-1536-1155x770.jpg 1155w, https:\/\/www.supercars.net\/blog\/wp-content\/uploads\/2016\/03\/1067781-1536-370x247.jpg 370w, https:\/\/www.supercars.net\/blog\/wp-content\/uploads\/2016\/03\/1067781-1536-293x195.jpg 293w, https:\/\/www.supercars.net\/blog\/wp-content\/uploads\/2016\/03\/1067781-1536-1400x933.jpg 1400w\" sizes=\"(max-width: 1536px) 100vw, 1536px\" \/>\r\n\t\t\t\t<\/a>\r\n            <\/div><\/figure><figure class='gallery-item'>\r\n            <div class='gallery-icon landscape'>\r\n                <a href='https:\/\/www.supercars.net\/blog\/wp-content\/uploads\/2016\/03\/1067782-1536.jpg' class='tipi-lightbox'>\r\n\t\t\t\t<img decoding=\"async\" width=\"1536\" height=\"1024\" src=\"https:\/\/www.supercars.net\/blog\/wp-content\/uploads\/2016\/03\/1067782-1536.jpg\" class=\"attachment-full size-full\" alt=\"2013 24 Hours of Le Mans-2\" srcset=\"https:\/\/www.supercars.net\/blog\/wp-content\/uploads\/2016\/03\/1067782-1536.jpg 1536w, https:\/\/www.supercars.net\/blog\/wp-content\/uploads\/2016\/03\/1067782-1536-300x200.jpg 300w, https:\/\/www.supercars.net\/blog\/wp-content\/uploads\/2016\/03\/1067782-1536-1024x683.jpg 1024w, https:\/\/www.supercars.net\/blog\/wp-content\/uploads\/2016\/03\/1067782-1536-100x67.jpg 100w, https:\/\/www.supercars.net\/blog\/wp-content\/uploads\/2016\/03\/1067782-1536-770x513.jpg 770w, https:\/\/www.supercars.net\/blog\/wp-content\/uploads\/2016\/03\/1067782-1536-360x240.jpg 360w, https:\/\/www.supercars.net\/blog\/wp-content\/uploads\/2016\/03\/1067782-1536-1155x770.jpg 1155w, https:\/\/www.supercars.net\/blog\/wp-content\/uploads\/2016\/03\/1067782-1536-370x247.jpg 370w, https:\/\/www.supercars.net\/blog\/wp-content\/uploads\/2016\/03\/1067782-1536-293x195.jpg 293w, https:\/\/www.supercars.net\/blog\/wp-content\/uploads\/2016\/03\/1067782-1536-1400x933.jpg 1400w\" sizes=\"(max-width: 1536px) 100vw, 1536px\" \/>\r\n\t\t\t\t<\/a>\r\n            <\/div><\/figure><figure class='gallery-item'>\r\n            <div class='gallery-icon landscape'>\r\n                <a href='https:\/\/www.supercars.net\/blog\/wp-content\/uploads\/2016\/03\/1067783-1536.jpg' class='tipi-lightbox'>\r\n\t\t\t\t<img decoding=\"async\" width=\"1536\" height=\"1025\" src=\"https:\/\/www.supercars.net\/blog\/wp-content\/uploads\/2016\/03\/1067783-1536.jpg\" class=\"attachment-full size-full\" alt=\"2013 24 Hours of Le Mans-2\" srcset=\"https:\/\/www.supercars.net\/blog\/wp-content\/uploads\/2016\/03\/1067783-1536.jpg 1536w, https:\/\/www.supercars.net\/blog\/wp-content\/uploads\/2016\/03\/1067783-1536-300x200.jpg 300w, https:\/\/www.supercars.net\/blog\/wp-content\/uploads\/2016\/03\/1067783-1536-1024x683.jpg 1024w, https:\/\/www.supercars.net\/blog\/wp-content\/uploads\/2016\/03\/1067783-1536-100x67.jpg 100w, https:\/\/www.supercars.net\/blog\/wp-content\/uploads\/2016\/03\/1067783-1536-770x514.jpg 770w, https:\/\/www.supercars.net\/blog\/wp-content\/uploads\/2016\/03\/1067783-1536-360x240.jpg 360w, https:\/\/www.supercars.net\/blog\/wp-content\/uploads\/2016\/03\/1067783-1536-1155x770.jpg 1155w, https:\/\/www.supercars.net\/blog\/wp-content\/uploads\/2016\/03\/1067783-1536-370x247.jpg 370w, https:\/\/www.supercars.net\/blog\/wp-content\/uploads\/2016\/03\/1067783-1536-293x196.jpg 293w, https:\/\/www.supercars.net\/blog\/wp-content\/uploads\/2016\/03\/1067783-1536-1400x934.jpg 1400w\" sizes=\"(max-width: 1536px) 100vw, 1536px\" \/>\r\n\t\t\t\t<\/a>\r\n            <\/div>\r\n                <div class='wp-caption-text gallery-caption'>\r\n                MOTORSPORT &#8211; WEC 2013 &#8211; WORLD ENDURANCE CHAMPIONSHIP 2013 &#8211;  24H DU MANS &#8211; CIRCUIT DES 24H DU MANS (FRA) &#8211; 16 TO 21\/06\/2013 &#8211; PHOTO : JEAN-MICHEL LE MEUR \/ DPPI &#8211; \n31 WEEDA KEVIN (USA) &#8211; ROSSITER JAMES (GBR) &#8211; BOUCHUT CHRISTOPHE  (FRA) &#8211; DE OLIVEIRA JOAO (BRA) \/ WEC LMP2 \/ LOTUS T128 TEAM LOTUS \/ AMBIANCE \/ 32 HOLZER THOMAS (DEU) &#8211; DOMINIK KRAIHAMER (DNK) &#8211; CHAROUZ JAN (CZE) \/ WEC LMP2 \/ LOTUS T128 TEAM LOTUS \/ ACTION\r\n                <\/div><\/figure><figure class='gallery-item'>\r\n            <div class='gallery-icon landscape'>\r\n                <a href='https:\/\/www.supercars.net\/blog\/wp-content\/uploads\/2016\/03\/1067784-1536.jpg' class='tipi-lightbox'>\r\n\t\t\t\t<img decoding=\"async\" width=\"1536\" height=\"1024\" src=\"https:\/\/www.supercars.net\/blog\/wp-content\/uploads\/2016\/03\/1067784-1536.jpg\" class=\"attachment-full size-full\" alt=\"2013 24 Hours of Le Mans-2\" srcset=\"https:\/\/www.supercars.net\/blog\/wp-content\/uploads\/2016\/03\/1067784-1536.jpg 1536w, https:\/\/www.supercars.net\/blog\/wp-content\/uploads\/2016\/03\/1067784-1536-300x200.jpg 300w, https:\/\/www.supercars.net\/blog\/wp-content\/uploads\/2016\/03\/1067784-1536-1024x683.jpg 1024w, https:\/\/www.supercars.net\/blog\/wp-content\/uploads\/2016\/03\/1067784-1536-100x67.jpg 100w, https:\/\/www.supercars.net\/blog\/wp-content\/uploads\/2016\/03\/1067784-1536-770x513.jpg 770w, https:\/\/www.supercars.net\/blog\/wp-content\/uploads\/2016\/03\/1067784-1536-360x240.jpg 360w, https:\/\/www.supercars.net\/blog\/wp-content\/uploads\/2016\/03\/1067784-1536-1155x770.jpg 1155w, https:\/\/www.supercars.net\/blog\/wp-content\/uploads\/2016\/03\/1067784-1536-370x247.jpg 370w, https:\/\/www.supercars.net\/blog\/wp-content\/uploads\/2016\/03\/1067784-1536-293x195.jpg 293w, https:\/\/www.supercars.net\/blog\/wp-content\/uploads\/2016\/03\/1067784-1536-1400x933.jpg 1400w\" sizes=\"(max-width: 1536px) 100vw, 1536px\" \/>\r\n\t\t\t\t<\/a>\r\n            <\/div>\r\n                <div class='wp-caption-text gallery-caption'>\r\n                MOTORSPORT &#8211; WEC 2013 &#8211; WORLD ENDURANCE CHAMPIONSHIP 2013 &#8211;  24H DU MANS &#8211; CIRCUIT DES 24H DU MANS (FRA) &#8211; 16 TO 21\/06\/2013 &#8211; PHOTO : JEAN-MICHEL LE MEUR \/ DPPI &#8211; \n43 MAILLEUX FRANCK (FRA) &#8211; GACHNANG NATACHA (CHE) &#8211; LOMBARD OLIVIER (CHE) \/ MORGAN JUDD TEAM MORAND RACING \/ ACTION\r\n                <\/div><\/figure><figure class='gallery-item'>\r\n            <div class='gallery-icon landscape'>\r\n                <a href='https:\/\/www.supercars.net\/blog\/wp-content\/uploads\/2016\/03\/1067785-1536.jpg' class='tipi-lightbox'>\r\n\t\t\t\t<img decoding=\"async\" width=\"1536\" height=\"1024\" src=\"https:\/\/www.supercars.net\/blog\/wp-content\/uploads\/2016\/03\/1067785-1536.jpg\" class=\"attachment-full size-full\" alt=\"2013 24 Hours of Le Mans-2\" srcset=\"https:\/\/www.supercars.net\/blog\/wp-content\/uploads\/2016\/03\/1067785-1536.jpg 1536w, https:\/\/www.supercars.net\/blog\/wp-content\/uploads\/2016\/03\/1067785-1536-300x200.jpg 300w, https:\/\/www.supercars.net\/blog\/wp-content\/uploads\/2016\/03\/1067785-1536-1024x683.jpg 1024w, https:\/\/www.supercars.net\/blog\/wp-content\/uploads\/2016\/03\/1067785-1536-100x67.jpg 100w, https:\/\/www.supercars.net\/blog\/wp-content\/uploads\/2016\/03\/1067785-1536-770x513.jpg 770w, https:\/\/www.supercars.net\/blog\/wp-content\/uploads\/2016\/03\/1067785-1536-360x240.jpg 360w, https:\/\/www.supercars.net\/blog\/wp-content\/uploads\/2016\/03\/1067785-1536-1155x770.jpg 1155w, https:\/\/www.supercars.net\/blog\/wp-content\/uploads\/2016\/03\/1067785-1536-370x247.jpg 370w, https:\/\/www.supercars.net\/blog\/wp-content\/uploads\/2016\/03\/1067785-1536-293x195.jpg 293w, https:\/\/www.supercars.net\/blog\/wp-content\/uploads\/2016\/03\/1067785-1536-1400x933.jpg 1400w\" sizes=\"(max-width: 1536px) 100vw, 1536px\" \/>\r\n\t\t\t\t<\/a>\r\n            <\/div>\r\n                <div class='wp-caption-text gallery-caption'>\r\n                MOTORSPORT &#8211; WEC 2013 &#8211; WORLD ENDURANCE CHAMPIONSHIP 2013 &#8211;  24H DU MANS &#8211; CIRCUIT DES 24H DU MANS (FRA) &#8211; 16 TO 21\/06\/2013 &#8211; PHOTO : JEAN-MICHEL LE MEUR \/ DPPI &#8211; \n36 PANCIATICI NELSON (FRA) &#8211; RAGUES PIERRE (FRA) &#8211; GOMMENDY TRISTAN (FRA) \/ ALPINE A450 NISSAN TEAM SIGNATECH ALPINE \/ ACTION\r\n                <\/div><\/figure><figure class='gallery-item'>\r\n            <div class='gallery-icon landscape'>\r\n                <a href='https:\/\/www.supercars.net\/blog\/wp-content\/uploads\/2016\/03\/1067786-1536.jpg' class='tipi-lightbox'>\r\n\t\t\t\t<img decoding=\"async\" width=\"1536\" height=\"1024\" src=\"https:\/\/www.supercars.net\/blog\/wp-content\/uploads\/2016\/03\/1067786-1536.jpg\" class=\"attachment-full size-full\" alt=\"2013 24 Hours of Le Mans-2\" srcset=\"https:\/\/www.supercars.net\/blog\/wp-content\/uploads\/2016\/03\/1067786-1536.jpg 1536w, https:\/\/www.supercars.net\/blog\/wp-content\/uploads\/2016\/03\/1067786-1536-300x200.jpg 300w, https:\/\/www.supercars.net\/blog\/wp-content\/uploads\/2016\/03\/1067786-1536-1024x683.jpg 1024w, https:\/\/www.supercars.net\/blog\/wp-content\/uploads\/2016\/03\/1067786-1536-100x67.jpg 100w, https:\/\/www.supercars.net\/blog\/wp-content\/uploads\/2016\/03\/1067786-1536-770x513.jpg 770w, https:\/\/www.supercars.net\/blog\/wp-content\/uploads\/2016\/03\/1067786-1536-360x240.jpg 360w, https:\/\/www.supercars.net\/blog\/wp-content\/uploads\/2016\/03\/1067786-1536-1155x770.jpg 1155w, https:\/\/www.supercars.net\/blog\/wp-content\/uploads\/2016\/03\/1067786-1536-370x247.jpg 370w, https:\/\/www.supercars.net\/blog\/wp-content\/uploads\/2016\/03\/1067786-1536-293x195.jpg 293w, https:\/\/www.supercars.net\/blog\/wp-content\/uploads\/2016\/03\/1067786-1536-1400x933.jpg 1400w\" sizes=\"(max-width: 1536px) 100vw, 1536px\" \/>\r\n\t\t\t\t<\/a>\r\n            <\/div>\r\n                <div class='wp-caption-text gallery-caption'>\r\n                MOTORSPORT &#8211; WEC 2013 &#8211; WORLD ENDURANCE CHAMPIONSHIP 2013 &#8211;  24H DU MANS &#8211; CIRCUIT DES 24H DU MANS (FRA) &#8211; 16 TO 21\/06\/2013 &#8211; PHOTO : JEAN-MICHEL LE MEUR \/ DPPI &#8211; \n34 FREY MICHEL (CHE) &#8211; NIEDERHAUSER PATRIC (GER) &#8211; BLEEKEMOLEN JEROEN (NDL) \/ ORECA 03 JUDD TEAM RACE PERFORMANCE \/ ACTION\r\n                <\/div><\/figure><figure class='gallery-item'>\r\n            <div class='gallery-icon landscape'>\r\n                <a href='https:\/\/www.supercars.net\/blog\/wp-content\/uploads\/2016\/03\/1067787-1536.jpg' class='tipi-lightbox'>\r\n\t\t\t\t<img decoding=\"async\" width=\"1536\" height=\"1024\" src=\"https:\/\/www.supercars.net\/blog\/wp-content\/uploads\/2016\/03\/1067787-1536.jpg\" class=\"attachment-full size-full\" alt=\"2013 24 Hours of Le Mans-2\" srcset=\"https:\/\/www.supercars.net\/blog\/wp-content\/uploads\/2016\/03\/1067787-1536.jpg 1536w, https:\/\/www.supercars.net\/blog\/wp-content\/uploads\/2016\/03\/1067787-1536-300x200.jpg 300w, https:\/\/www.supercars.net\/blog\/wp-content\/uploads\/2016\/03\/1067787-1536-1024x683.jpg 1024w, https:\/\/www.supercars.net\/blog\/wp-content\/uploads\/2016\/03\/1067787-1536-100x67.jpg 100w, https:\/\/www.supercars.net\/blog\/wp-content\/uploads\/2016\/03\/1067787-1536-770x513.jpg 770w, https:\/\/www.supercars.net\/blog\/wp-content\/uploads\/2016\/03\/1067787-1536-360x240.jpg 360w, https:\/\/www.supercars.net\/blog\/wp-content\/uploads\/2016\/03\/1067787-1536-1155x770.jpg 1155w, https:\/\/www.supercars.net\/blog\/wp-content\/uploads\/2016\/03\/1067787-1536-370x247.jpg 370w, https:\/\/www.supercars.net\/blog\/wp-content\/uploads\/2016\/03\/1067787-1536-293x195.jpg 293w, https:\/\/www.supercars.net\/blog\/wp-content\/uploads\/2016\/03\/1067787-1536-1400x933.jpg 1400w\" sizes=\"(max-width: 1536px) 100vw, 1536px\" \/>\r\n\t\t\t\t<\/a>\r\n            <\/div>\r\n                <div class='wp-caption-text gallery-caption'>\r\n                MOTORSPORT &#8211; WEC 2013 &#8211; WORLD ENDURANCE CHAMPIONSHIP 2013 &#8211;  24H DU MANS &#8211; CIRCUIT DES 24H DU MANS (FRA) &#8211; 16 TO 21\/06\/2013 &#8211; PHOTO : JEAN-MICHEL LE MEUR \/ DPPI &#8211; \n47 IMPERATORI ALEXANDRE (ITA) &#8211; TUNG HO PIN (CHN) &#8211; HOWSON MATTHEW (GBR) \/ MORGAN NISSAN TEAM KCMG \/ ACTION\r\n                <\/div><\/figure><figure class='gallery-item'>\r\n            <div class='gallery-icon landscape'>\r\n                <a href='https:\/\/www.supercars.net\/blog\/wp-content\/uploads\/2016\/03\/1067788-1536.jpg' class='tipi-lightbox'>\r\n\t\t\t\t<img decoding=\"async\" width=\"1536\" height=\"1024\" src=\"https:\/\/www.supercars.net\/blog\/wp-content\/uploads\/2016\/03\/1067788-1536.jpg\" class=\"attachment-full size-full\" alt=\"2013 24 Hours of Le Mans-2\" srcset=\"https:\/\/www.supercars.net\/blog\/wp-content\/uploads\/2016\/03\/1067788-1536.jpg 1536w, https:\/\/www.supercars.net\/blog\/wp-content\/uploads\/2016\/03\/1067788-1536-300x200.jpg 300w, https:\/\/www.supercars.net\/blog\/wp-content\/uploads\/2016\/03\/1067788-1536-1024x683.jpg 1024w, https:\/\/www.supercars.net\/blog\/wp-content\/uploads\/2016\/03\/1067788-1536-100x67.jpg 100w, https:\/\/www.supercars.net\/blog\/wp-content\/uploads\/2016\/03\/1067788-1536-770x513.jpg 770w, https:\/\/www.supercars.net\/blog\/wp-content\/uploads\/2016\/03\/1067788-1536-360x240.jpg 360w, https:\/\/www.supercars.net\/blog\/wp-content\/uploads\/2016\/03\/1067788-1536-1155x770.jpg 1155w, https:\/\/www.supercars.net\/blog\/wp-content\/uploads\/2016\/03\/1067788-1536-370x247.jpg 370w, https:\/\/www.supercars.net\/blog\/wp-content\/uploads\/2016\/03\/1067788-1536-293x195.jpg 293w, https:\/\/www.supercars.net\/blog\/wp-content\/uploads\/2016\/03\/1067788-1536-1400x933.jpg 1400w\" sizes=\"(max-width: 1536px) 100vw, 1536px\" \/>\r\n\t\t\t\t<\/a>\r\n            <\/div>\r\n                <div class='wp-caption-text gallery-caption'>\r\n                MOTORSPORT &#8211; WEC 2013 &#8211; WORLD ENDURANCE CHAMPIONSHIP 2013 &#8211;  24H DU MANS &#8211; CIRCUIT DES 24H DU MANS (FRA) &#8211; 16 TO 21\/06\/2013 &#8211; PHOTO : JEAN-MICHEL LE MEUR \/ DPPI &#8211; \n39 BRANDELA ROMAIN (FRA) &#8211; PORTA OLIVIER (FRA) &#8211; RAFFIN STEPHANE (FRA) \/ LOLA B11\/40 JUDD TEAM DKR ENGINEERING \/ AMBIANCE\r\n                <\/div><\/figure><figure class='gallery-item'>\r\n            <div class='gallery-icon landscape'>\r\n                <a href='https:\/\/www.supercars.net\/blog\/wp-content\/uploads\/2016\/03\/1067789-1536.jpg' class='tipi-lightbox'>\r\n\t\t\t\t<img decoding=\"async\" width=\"1536\" height=\"1024\" src=\"https:\/\/www.supercars.net\/blog\/wp-content\/uploads\/2016\/03\/1067789-1536.jpg\" class=\"attachment-full size-full\" alt=\"2013 24 Hours of Le Mans-2\" srcset=\"https:\/\/www.supercars.net\/blog\/wp-content\/uploads\/2016\/03\/1067789-1536.jpg 1536w, https:\/\/www.supercars.net\/blog\/wp-content\/uploads\/2016\/03\/1067789-1536-300x200.jpg 300w, https:\/\/www.supercars.net\/blog\/wp-content\/uploads\/2016\/03\/1067789-1536-1024x683.jpg 1024w, https:\/\/www.supercars.net\/blog\/wp-content\/uploads\/2016\/03\/1067789-1536-100x67.jpg 100w, https:\/\/www.supercars.net\/blog\/wp-content\/uploads\/2016\/03\/1067789-1536-770x513.jpg 770w, https:\/\/www.supercars.net\/blog\/wp-content\/uploads\/2016\/03\/1067789-1536-360x240.jpg 360w, https:\/\/www.supercars.net\/blog\/wp-content\/uploads\/2016\/03\/1067789-1536-1155x770.jpg 1155w, https:\/\/www.supercars.net\/blog\/wp-content\/uploads\/2016\/03\/1067789-1536-370x247.jpg 370w, https:\/\/www.supercars.net\/blog\/wp-content\/uploads\/2016\/03\/1067789-1536-293x195.jpg 293w, https:\/\/www.supercars.net\/blog\/wp-content\/uploads\/2016\/03\/1067789-1536-1400x933.jpg 1400w\" sizes=\"(max-width: 1536px) 100vw, 1536px\" \/>\r\n\t\t\t\t<\/a>\r\n            <\/div>\r\n                <div class='wp-caption-text gallery-caption'>\r\n                MOTORSPORT &#8211; WEC 2013 &#8211; WORLD ENDURANCE CHAMPIONSHIP 2013 &#8211;  24H DU MANS &#8211; CIRCUIT DES 24H DU MANS (FRA) &#8211; 16 TO 21\/06\/2013 &#8211; PHOTO : JEAN-MICHEL LE MEUR \/ DPPI &#8211; \n49 COMPANC LUIS PEREZ (ARG) &#8211; MINASSIAN NICOLAS (FRA) &#8211; KAFFER PIERRE (DEU) \/ WEC LMP2 \/ ORECA 03 NISSAN TEAM PECOM RACING \/ ACTION\r\n                <\/div><\/figure><figure class='gallery-item'>\r\n            <div class='gallery-icon landscape'>\r\n                <a href='https:\/\/www.supercars.net\/blog\/wp-content\/uploads\/2016\/03\/1067803-1536.jpg' class='tipi-lightbox'>\r\n\t\t\t\t<img decoding=\"async\" width=\"1536\" height=\"1022\" src=\"https:\/\/www.supercars.net\/blog\/wp-content\/uploads\/2016\/03\/1067803-1536.jpg\" class=\"attachment-full size-full\" alt=\"2013 24 Hours of Le Mans-2\" srcset=\"https:\/\/www.supercars.net\/blog\/wp-content\/uploads\/2016\/03\/1067803-1536.jpg 1536w, https:\/\/www.supercars.net\/blog\/wp-content\/uploads\/2016\/03\/1067803-1536-300x200.jpg 300w, https:\/\/www.supercars.net\/blog\/wp-content\/uploads\/2016\/03\/1067803-1536-1024x681.jpg 1024w, https:\/\/www.supercars.net\/blog\/wp-content\/uploads\/2016\/03\/1067803-1536-100x67.jpg 100w, https:\/\/www.supercars.net\/blog\/wp-content\/uploads\/2016\/03\/1067803-1536-770x512.jpg 770w, https:\/\/www.supercars.net\/blog\/wp-content\/uploads\/2016\/03\/1067803-1536-360x240.jpg 360w, https:\/\/www.supercars.net\/blog\/wp-content\/uploads\/2016\/03\/1067803-1536-370x247.jpg 370w, https:\/\/www.supercars.net\/blog\/wp-content\/uploads\/2016\/03\/1067803-1536-293x195.jpg 293w, https:\/\/www.supercars.net\/blog\/wp-content\/uploads\/2016\/03\/1067803-1536-1400x932.jpg 1400w\" sizes=\"(max-width: 1536px) 100vw, 1536px\" \/>\r\n\t\t\t\t<\/a>\r\n            <\/div><\/figure><figure class='gallery-item'>\r\n            <div class='gallery-icon landscape'>\r\n                <a href='https:\/\/www.supercars.net\/blog\/wp-content\/uploads\/2016\/03\/1067804-1536.jpg' class='tipi-lightbox'>\r\n\t\t\t\t<img decoding=\"async\" width=\"1536\" height=\"1022\" src=\"https:\/\/www.supercars.net\/blog\/wp-content\/uploads\/2016\/03\/1067804-1536.jpg\" class=\"attachment-full size-full\" alt=\"2013 24 Hours of Le Mans-2\" srcset=\"https:\/\/www.supercars.net\/blog\/wp-content\/uploads\/2016\/03\/1067804-1536.jpg 1536w, https:\/\/www.supercars.net\/blog\/wp-content\/uploads\/2016\/03\/1067804-1536-300x200.jpg 300w, https:\/\/www.supercars.net\/blog\/wp-content\/uploads\/2016\/03\/1067804-1536-1024x681.jpg 1024w, https:\/\/www.supercars.net\/blog\/wp-content\/uploads\/2016\/03\/1067804-1536-100x67.jpg 100w, https:\/\/www.supercars.net\/blog\/wp-content\/uploads\/2016\/03\/1067804-1536-770x512.jpg 770w, https:\/\/www.supercars.net\/blog\/wp-content\/uploads\/2016\/03\/1067804-1536-360x240.jpg 360w, https:\/\/www.supercars.net\/blog\/wp-content\/uploads\/2016\/03\/1067804-1536-370x247.jpg 370w, https:\/\/www.supercars.net\/blog\/wp-content\/uploads\/2016\/03\/1067804-1536-293x195.jpg 293w, https:\/\/www.supercars.net\/blog\/wp-content\/uploads\/2016\/03\/1067804-1536-1400x932.jpg 1400w\" sizes=\"(max-width: 1536px) 100vw, 1536px\" \/>\r\n\t\t\t\t<\/a>\r\n            <\/div><\/figure><figure class='gallery-item'>\r\n            <div class='gallery-icon landscape'>\r\n                <a href='https:\/\/www.supercars.net\/blog\/wp-content\/uploads\/2016\/03\/1067805-1536.jpg' class='tipi-lightbox'>\r\n\t\t\t\t<img decoding=\"async\" width=\"1536\" height=\"1025\" src=\"https:\/\/www.supercars.net\/blog\/wp-content\/uploads\/2016\/03\/1067805-1536.jpg\" class=\"attachment-full size-full\" alt=\"2013 24 Hours of Le Mans-2\" srcset=\"https:\/\/www.supercars.net\/blog\/wp-content\/uploads\/2016\/03\/1067805-1536.jpg 1536w, https:\/\/www.supercars.net\/blog\/wp-content\/uploads\/2016\/03\/1067805-1536-300x200.jpg 300w, https:\/\/www.supercars.net\/blog\/wp-content\/uploads\/2016\/03\/1067805-1536-1024x683.jpg 1024w, https:\/\/www.supercars.net\/blog\/wp-content\/uploads\/2016\/03\/1067805-1536-100x67.jpg 100w, https:\/\/www.supercars.net\/blog\/wp-content\/uploads\/2016\/03\/1067805-1536-770x514.jpg 770w, https:\/\/www.supercars.net\/blog\/wp-content\/uploads\/2016\/03\/1067805-1536-360x240.jpg 360w, https:\/\/www.supercars.net\/blog\/wp-content\/uploads\/2016\/03\/1067805-1536-1155x770.jpg 1155w, https:\/\/www.supercars.net\/blog\/wp-content\/uploads\/2016\/03\/1067805-1536-370x247.jpg 370w, https:\/\/www.supercars.net\/blog\/wp-content\/uploads\/2016\/03\/1067805-1536-293x196.jpg 293w, https:\/\/www.supercars.net\/blog\/wp-content\/uploads\/2016\/03\/1067805-1536-1400x934.jpg 1400w\" sizes=\"(max-width: 1536px) 100vw, 1536px\" \/>\r\n\t\t\t\t<\/a>\r\n            <\/div>\r\n                <div class='wp-caption-text gallery-caption'>\r\n                MOTORSPORT &#8211; WEC 2013 &#8211; WORLD ENDURANCE CHAMPIONSHIP 2013 &#8211;  24H DU MANS &#8211; CIRCUIT DES 24H DU MANS (FRA) &#8211; 16 TO 21\/06\/2013 &#8211; PHOTO : FRANCOIS FLAMAND \/ DPPI &#8211; \n41 KIMBER SMITH TOM (GBR) &#8211; LUX ERIC (USA) &#8211; ROSSI ALEXANDER (USA) \/ CATERHAM NISSAN TEAM GREAVES MOTORSPORT \/ AMBIANCE\r\n                <\/div><\/figure><figure class='gallery-item'>\r\n            <div class='gallery-icon landscape'>\r\n                <a href='https:\/\/www.supercars.net\/blog\/wp-content\/uploads\/2016\/03\/1067806-1536.jpg' class='tipi-lightbox'>\r\n\t\t\t\t<img decoding=\"async\" width=\"1536\" height=\"1024\" src=\"https:\/\/www.supercars.net\/blog\/wp-content\/uploads\/2016\/03\/1067806-1536.jpg\" class=\"attachment-full size-full\" alt=\"2013 24 Hours of Le Mans-2\" srcset=\"https:\/\/www.supercars.net\/blog\/wp-content\/uploads\/2016\/03\/1067806-1536.jpg 1536w, https:\/\/www.supercars.net\/blog\/wp-content\/uploads\/2016\/03\/1067806-1536-300x200.jpg 300w, https:\/\/www.supercars.net\/blog\/wp-content\/uploads\/2016\/03\/1067806-1536-1024x683.jpg 1024w, https:\/\/www.supercars.net\/blog\/wp-content\/uploads\/2016\/03\/1067806-1536-100x67.jpg 100w, https:\/\/www.supercars.net\/blog\/wp-content\/uploads\/2016\/03\/1067806-1536-770x513.jpg 770w, https:\/\/www.supercars.net\/blog\/wp-content\/uploads\/2016\/03\/1067806-1536-360x240.jpg 360w, https:\/\/www.supercars.net\/blog\/wp-content\/uploads\/2016\/03\/1067806-1536-1155x770.jpg 1155w, https:\/\/www.supercars.net\/blog\/wp-content\/uploads\/2016\/03\/1067806-1536-370x247.jpg 370w, https:\/\/www.supercars.net\/blog\/wp-content\/uploads\/2016\/03\/1067806-1536-293x195.jpg 293w, https:\/\/www.supercars.net\/blog\/wp-content\/uploads\/2016\/03\/1067806-1536-1400x933.jpg 1400w\" sizes=\"(max-width: 1536px) 100vw, 1536px\" \/>\r\n\t\t\t\t<\/a>\r\n            <\/div>\r\n                <div class='wp-caption-text gallery-caption'>\r\n                Nissan, Le Mans 24 Hours 2013.\n\nWorld Endurance Championship. \nRound Three, Le Mans, France. \n16th &#8211; 23rd June 2013. \n\nPhoto: Drew Gibson\r\n                <\/div><\/figure><figure class='gallery-item'>\r\n            <div class='gallery-icon landscape'>\r\n                <a href='https:\/\/www.supercars.net\/blog\/wp-content\/uploads\/2016\/03\/1067807-1536.jpg' class='tipi-lightbox'>\r\n\t\t\t\t<img decoding=\"async\" width=\"1536\" height=\"1025\" src=\"https:\/\/www.supercars.net\/blog\/wp-content\/uploads\/2016\/03\/1067807-1536.jpg\" class=\"attachment-full size-full\" alt=\"2013 24 Hours of Le Mans-2\" srcset=\"https:\/\/www.supercars.net\/blog\/wp-content\/uploads\/2016\/03\/1067807-1536.jpg 1536w, https:\/\/www.supercars.net\/blog\/wp-content\/uploads\/2016\/03\/1067807-1536-300x200.jpg 300w, https:\/\/www.supercars.net\/blog\/wp-content\/uploads\/2016\/03\/1067807-1536-1024x683.jpg 1024w, https:\/\/www.supercars.net\/blog\/wp-content\/uploads\/2016\/03\/1067807-1536-100x67.jpg 100w, https:\/\/www.supercars.net\/blog\/wp-content\/uploads\/2016\/03\/1067807-1536-770x514.jpg 770w, https:\/\/www.supercars.net\/blog\/wp-content\/uploads\/2016\/03\/1067807-1536-360x240.jpg 360w, https:\/\/www.supercars.net\/blog\/wp-content\/uploads\/2016\/03\/1067807-1536-1155x770.jpg 1155w, https:\/\/www.supercars.net\/blog\/wp-content\/uploads\/2016\/03\/1067807-1536-370x247.jpg 370w, https:\/\/www.supercars.net\/blog\/wp-content\/uploads\/2016\/03\/1067807-1536-293x196.jpg 293w, https:\/\/www.supercars.net\/blog\/wp-content\/uploads\/2016\/03\/1067807-1536-1400x934.jpg 1400w\" sizes=\"(max-width: 1536px) 100vw, 1536px\" \/>\r\n\t\t\t\t<\/a>\r\n            <\/div>\r\n                <div class='wp-caption-text gallery-caption'>\r\n                MOTORSPORT &#8211; WEC 2013 &#8211; WORLD ENDURANCE CHAMPIONSHIP 2013 &#8211;  24H DU MANS &#8211; CIRCUIT DES 24H DU MANS (FRA) &#8211; 16 TO 21\/06\/2013 &#8211; PHOTO : FRANCOIS FLAMAND \/ DPPI &#8211; \n38 DOLAN SIMON (GBR) &#8211; TURVEY OLIVER (GBR) &#8211; LUHR LUCAS (GER) \/ ZYTEK Z11SN TEAM JOTA \/ AMBIANCE\r\n                <\/div><\/figure><figure class='gallery-item'>\r\n            <div class='gallery-icon landscape'>\r\n                <a href='https:\/\/www.supercars.net\/blog\/wp-content\/uploads\/2016\/03\/1067830-1536.jpg' class='tipi-lightbox'>\r\n\t\t\t\t<img decoding=\"async\" width=\"1536\" height=\"1026\" src=\"https:\/\/www.supercars.net\/blog\/wp-content\/uploads\/2016\/03\/1067830-1536.jpg\" class=\"attachment-full size-full\" alt=\"2013 24 Hours of Le Mans-2\" srcset=\"https:\/\/www.supercars.net\/blog\/wp-content\/uploads\/2016\/03\/1067830-1536.jpg 1536w, https:\/\/www.supercars.net\/blog\/wp-content\/uploads\/2016\/03\/1067830-1536-300x200.jpg 300w, https:\/\/www.supercars.net\/blog\/wp-content\/uploads\/2016\/03\/1067830-1536-1024x684.jpg 1024w, https:\/\/www.supercars.net\/blog\/wp-content\/uploads\/2016\/03\/1067830-1536-100x67.jpg 100w, https:\/\/www.supercars.net\/blog\/wp-content\/uploads\/2016\/03\/1067830-1536-770x514.jpg 770w, https:\/\/www.supercars.net\/blog\/wp-content\/uploads\/2016\/03\/1067830-1536-360x240.jpg 360w, https:\/\/www.supercars.net\/blog\/wp-content\/uploads\/2016\/03\/1067830-1536-370x247.jpg 370w, https:\/\/www.supercars.net\/blog\/wp-content\/uploads\/2016\/03\/1067830-1536-293x196.jpg 293w, https:\/\/www.supercars.net\/blog\/wp-content\/uploads\/2016\/03\/1067830-1536-1400x935.jpg 1400w\" sizes=\"(max-width: 1536px) 100vw, 1536px\" \/>\r\n\t\t\t\t<\/a>\r\n            <\/div>\r\n                <div class='wp-caption-text gallery-caption'>\r\n                Audi R18 e-tron quattro #1 (Audi Sport Team Joest), Marcel F\u00e4ssler (CH), Andr\u00e9 Lotterer (D), Beno\u00eet Tr\u00e9luyer (F)\r\n                <\/div><\/figure><figure class='gallery-item'>\r\n            <div class='gallery-icon landscape'>\r\n                <a href='https:\/\/www.supercars.net\/blog\/wp-content\/uploads\/2016\/03\/1067851-1536.jpg' class='tipi-lightbox'>\r\n\t\t\t\t<img decoding=\"async\" width=\"1536\" height=\"1024\" src=\"https:\/\/www.supercars.net\/blog\/wp-content\/uploads\/2016\/03\/1067851-1536.jpg\" class=\"attachment-full size-full\" alt=\"2013 24 Hours of Le Mans-2\" srcset=\"https:\/\/www.supercars.net\/blog\/wp-content\/uploads\/2016\/03\/1067851-1536.jpg 1536w, https:\/\/www.supercars.net\/blog\/wp-content\/uploads\/2016\/03\/1067851-1536-300x200.jpg 300w, https:\/\/www.supercars.net\/blog\/wp-content\/uploads\/2016\/03\/1067851-1536-1024x683.jpg 1024w, https:\/\/www.supercars.net\/blog\/wp-content\/uploads\/2016\/03\/1067851-1536-100x67.jpg 100w, https:\/\/www.supercars.net\/blog\/wp-content\/uploads\/2016\/03\/1067851-1536-770x513.jpg 770w, https:\/\/www.supercars.net\/blog\/wp-content\/uploads\/2016\/03\/1067851-1536-360x240.jpg 360w, https:\/\/www.supercars.net\/blog\/wp-content\/uploads\/2016\/03\/1067851-1536-1155x770.jpg 1155w, https:\/\/www.supercars.net\/blog\/wp-content\/uploads\/2016\/03\/1067851-1536-370x247.jpg 370w, https:\/\/www.supercars.net\/blog\/wp-content\/uploads\/2016\/03\/1067851-1536-293x195.jpg 293w, https:\/\/www.supercars.net\/blog\/wp-content\/uploads\/2016\/03\/1067851-1536-1400x933.jpg 1400w\" sizes=\"(max-width: 1536px) 100vw, 1536px\" \/>\r\n\t\t\t\t<\/a>\r\n            <\/div>\r\n                <div class='wp-caption-text gallery-caption'>\r\n                MOTORSPORT &#8211; WEC 2013 &#8211; WORLD ENDURANCE CHAMPIONSHIP 2013 &#8211;  24H DU MANS &#8211; CIRCUIT DES 24H DU MANS (FRA) &#8211; 16 TO 21\/06\/2013 &#8211; PHOTO : JEAN-MICHEL LE MEUR \/ DPPI &#8211; \n46 THIRIET PIERRE (FRA) &#8211; BADEY LUDOVIC (FRA) &#8211; MARTIN MAXIME (BEL) \/ ORECA 03 NISSAN TEAM THIRIET BY TDS RACING \/ ACTION\r\n                <\/div><\/figure><figure class='gallery-item'>\r\n            <div class='gallery-icon landscape'>\r\n                <a href='https:\/\/www.supercars.net\/blog\/wp-content\/uploads\/2016\/03\/1067852-1536.jpg' class='tipi-lightbox'>\r\n\t\t\t\t<img decoding=\"async\" width=\"1536\" height=\"1024\" src=\"https:\/\/www.supercars.net\/blog\/wp-content\/uploads\/2016\/03\/1067852-1536.jpg\" class=\"attachment-full size-full\" alt=\"2013 24 Hours of Le Mans-2\" srcset=\"https:\/\/www.supercars.net\/blog\/wp-content\/uploads\/2016\/03\/1067852-1536.jpg 1536w, https:\/\/www.supercars.net\/blog\/wp-content\/uploads\/2016\/03\/1067852-1536-300x200.jpg 300w, https:\/\/www.supercars.net\/blog\/wp-content\/uploads\/2016\/03\/1067852-1536-1024x683.jpg 1024w, https:\/\/www.supercars.net\/blog\/wp-content\/uploads\/2016\/03\/1067852-1536-100x67.jpg 100w, https:\/\/www.supercars.net\/blog\/wp-content\/uploads\/2016\/03\/1067852-1536-770x513.jpg 770w, https:\/\/www.supercars.net\/blog\/wp-content\/uploads\/2016\/03\/1067852-1536-360x240.jpg 360w, https:\/\/www.supercars.net\/blog\/wp-content\/uploads\/2016\/03\/1067852-1536-1155x770.jpg 1155w, https:\/\/www.supercars.net\/blog\/wp-content\/uploads\/2016\/03\/1067852-1536-370x247.jpg 370w, https:\/\/www.supercars.net\/blog\/wp-content\/uploads\/2016\/03\/1067852-1536-293x195.jpg 293w, https:\/\/www.supercars.net\/blog\/wp-content\/uploads\/2016\/03\/1067852-1536-1400x933.jpg 1400w\" sizes=\"(max-width: 1536px) 100vw, 1536px\" \/>\r\n\t\t\t\t<\/a>\r\n            <\/div>\r\n                <div class='wp-caption-text gallery-caption'>\r\n                MOTORSPORT &#8211; WEC 2013 &#8211; WORLD ENDURANCE CHAMPIONSHIP 2013 &#8211;  24H DU MANS &#8211; CIRCUIT DES 24H DU MANS (FRA) &#8211; 22 TO 23\/06\/2013 &#8211; PHOTO : FRANCOIS FLAMAND \/ DPPI &#8211; \n36 PANCIATICI NELSON (FRA) &#8211; RAGUES PIERRE (FRA) &#8211; GOMMENDY TRISTAN (FRA) \/ ALPINE A450 NISSAN TEAM SIGNATECH ALPINE \/ ACTION\r\n                <\/div><\/figure><figure class='gallery-item'>\r\n            <div class='gallery-icon landscape'>\r\n                <a href='https:\/\/www.supercars.net\/blog\/wp-content\/uploads\/2016\/03\/1067854-1536.jpg' class='tipi-lightbox'>\r\n\t\t\t\t<img decoding=\"async\" width=\"1536\" height=\"1024\" src=\"https:\/\/www.supercars.net\/blog\/wp-content\/uploads\/2016\/03\/1067854-1536.jpg\" class=\"attachment-full size-full\" alt=\"2013 24 Hours of Le Mans-2\" srcset=\"https:\/\/www.supercars.net\/blog\/wp-content\/uploads\/2016\/03\/1067854-1536.jpg 1536w, https:\/\/www.supercars.net\/blog\/wp-content\/uploads\/2016\/03\/1067854-1536-300x200.jpg 300w, https:\/\/www.supercars.net\/blog\/wp-content\/uploads\/2016\/03\/1067854-1536-1024x683.jpg 1024w, https:\/\/www.supercars.net\/blog\/wp-content\/uploads\/2016\/03\/1067854-1536-100x67.jpg 100w, https:\/\/www.supercars.net\/blog\/wp-content\/uploads\/2016\/03\/1067854-1536-770x513.jpg 770w, https:\/\/www.supercars.net\/blog\/wp-content\/uploads\/2016\/03\/1067854-1536-360x240.jpg 360w, https:\/\/www.supercars.net\/blog\/wp-content\/uploads\/2016\/03\/1067854-1536-1155x770.jpg 1155w, https:\/\/www.supercars.net\/blog\/wp-content\/uploads\/2016\/03\/1067854-1536-370x247.jpg 370w, https:\/\/www.supercars.net\/blog\/wp-content\/uploads\/2016\/03\/1067854-1536-293x195.jpg 293w, https:\/\/www.supercars.net\/blog\/wp-content\/uploads\/2016\/03\/1067854-1536-1400x933.jpg 1400w\" sizes=\"(max-width: 1536px) 100vw, 1536px\" \/>\r\n\t\t\t\t<\/a>\r\n            <\/div>\r\n                <div class='wp-caption-text gallery-caption'>\r\n                MOTORSPORT &#8211; WEC 2013 &#8211; WORLD ENDURANCE CHAMPIONSHIP 2013 &#8211;  24H DU MANS &#8211; CIRCUIT DES 24H DU MANS (FRA) &#8211; 16 TO 21\/06\/2013 &#8211; PHOTO : JEAN-MICHEL LE MEUR \/ DPPI &#8211; \n49 COMPANC LUIS PEREZ (ARG) &#8211; MINASSIAN NICOLAS (FRA) &#8211; KAFFER PIERRE (DEU) \/ WEC LMP2 \/ ORECA 03 NISSAN TEAM PECOM RACING \/ ACTION\r\n                <\/div><\/figure><figure class='gallery-item'>\r\n            <div class='gallery-icon landscape'>\r\n                <a href='https:\/\/www.supercars.net\/blog\/wp-content\/uploads\/2016\/03\/1067859-1536.jpg' class='tipi-lightbox'>\r\n\t\t\t\t<img decoding=\"async\" width=\"1536\" height=\"1024\" src=\"https:\/\/www.supercars.net\/blog\/wp-content\/uploads\/2016\/03\/1067859-1536.jpg\" class=\"attachment-full size-full\" alt=\"2013 24 Hours of Le Mans-2\" srcset=\"https:\/\/www.supercars.net\/blog\/wp-content\/uploads\/2016\/03\/1067859-1536.jpg 1536w, https:\/\/www.supercars.net\/blog\/wp-content\/uploads\/2016\/03\/1067859-1536-300x200.jpg 300w, https:\/\/www.supercars.net\/blog\/wp-content\/uploads\/2016\/03\/1067859-1536-1024x683.jpg 1024w, https:\/\/www.supercars.net\/blog\/wp-content\/uploads\/2016\/03\/1067859-1536-100x67.jpg 100w, https:\/\/www.supercars.net\/blog\/wp-content\/uploads\/2016\/03\/1067859-1536-770x513.jpg 770w, https:\/\/www.supercars.net\/blog\/wp-content\/uploads\/2016\/03\/1067859-1536-360x240.jpg 360w, https:\/\/www.supercars.net\/blog\/wp-content\/uploads\/2016\/03\/1067859-1536-1155x770.jpg 1155w, https:\/\/www.supercars.net\/blog\/wp-content\/uploads\/2016\/03\/1067859-1536-370x247.jpg 370w, https:\/\/www.supercars.net\/blog\/wp-content\/uploads\/2016\/03\/1067859-1536-293x195.jpg 293w, https:\/\/www.supercars.net\/blog\/wp-content\/uploads\/2016\/03\/1067859-1536-1400x933.jpg 1400w\" sizes=\"(max-width: 1536px) 100vw, 1536px\" \/>\r\n\t\t\t\t<\/a>\r\n            <\/div>\r\n                <div class='wp-caption-text gallery-caption'>\r\n                MOTORSPORT &#8211; WEC 2013 &#8211; WORLD ENDURANCE CHAMPIONSHIP 2013 &#8211;  24H DU MANS &#8211; CIRCUIT DES 24H DU MANS (FRA) &#8211; 16 TO 21\/06\/2013 &#8211; PHOTO : FRANCOIS FLAMAND \/ DPPI &#8211; \n45 JACQUES NICOLET (FRA) &#8211; MERLIN JEAN MARC &#8211; MONDOLOT PHILIPPE \/ (FRA) \/ WEC LMP2 \/ MORGAN NISSAN TEAM OAK RACING \/ ACTION\r\n                <\/div><\/figure><figure class='gallery-item'>\r\n            <div class='gallery-icon landscape'>\r\n                <a href='https:\/\/www.supercars.net\/blog\/wp-content\/uploads\/2016\/03\/1067855-1536.jpg' class='tipi-lightbox'>\r\n\t\t\t\t<img decoding=\"async\" width=\"1536\" height=\"1024\" src=\"https:\/\/www.supercars.net\/blog\/wp-content\/uploads\/2016\/03\/1067855-1536.jpg\" class=\"attachment-full size-full\" alt=\"2013 24 Hours of Le Mans-2\" srcset=\"https:\/\/www.supercars.net\/blog\/wp-content\/uploads\/2016\/03\/1067855-1536.jpg 1536w, https:\/\/www.supercars.net\/blog\/wp-content\/uploads\/2016\/03\/1067855-1536-300x200.jpg 300w, https:\/\/www.supercars.net\/blog\/wp-content\/uploads\/2016\/03\/1067855-1536-1024x683.jpg 1024w, https:\/\/www.supercars.net\/blog\/wp-content\/uploads\/2016\/03\/1067855-1536-100x67.jpg 100w, https:\/\/www.supercars.net\/blog\/wp-content\/uploads\/2016\/03\/1067855-1536-770x513.jpg 770w, https:\/\/www.supercars.net\/blog\/wp-content\/uploads\/2016\/03\/1067855-1536-360x240.jpg 360w, https:\/\/www.supercars.net\/blog\/wp-content\/uploads\/2016\/03\/1067855-1536-1155x770.jpg 1155w, https:\/\/www.supercars.net\/blog\/wp-content\/uploads\/2016\/03\/1067855-1536-370x247.jpg 370w, https:\/\/www.supercars.net\/blog\/wp-content\/uploads\/2016\/03\/1067855-1536-293x195.jpg 293w, https:\/\/www.supercars.net\/blog\/wp-content\/uploads\/2016\/03\/1067855-1536-1400x933.jpg 1400w\" sizes=\"(max-width: 1536px) 100vw, 1536px\" \/>\r\n\t\t\t\t<\/a>\r\n            <\/div>\r\n                <div class='wp-caption-text gallery-caption'>\r\n                MOTORSPORT &#8211; WEC 2013 &#8211; WORLD ENDURANCE CHAMPIONSHIP 2013 &#8211;  24H DU MANS &#8211; CIRCUIT DES 24H DU MANS (FRA) &#8211; 16 TO 21\/06\/2013 &#8211; PHOTO : JEAN-MICHEL LE MEUR \/ DPPI &#8211; \n30 HIRSCHI JONATHAN (SUI) &#8211; BURGESS TONY (USA) &#8211; MOWLEM JOHNNY (USA) \/ WEC LMP2 \/ LOLA B12\/80 JUDD TEAM HVM STATUS GP \/ ACTION\r\n                <\/div><\/figure><figure class='gallery-item'>\r\n            <div class='gallery-icon landscape'>\r\n                <a href='https:\/\/www.supercars.net\/blog\/wp-content\/uploads\/2016\/03\/1067860-1536.jpg' class='tipi-lightbox'>\r\n\t\t\t\t<img decoding=\"async\" width=\"1536\" height=\"1024\" src=\"https:\/\/www.supercars.net\/blog\/wp-content\/uploads\/2016\/03\/1067860-1536.jpg\" class=\"attachment-full size-full\" alt=\"2013 24 Hours of Le Mans-2\" srcset=\"https:\/\/www.supercars.net\/blog\/wp-content\/uploads\/2016\/03\/1067860-1536.jpg 1536w, https:\/\/www.supercars.net\/blog\/wp-content\/uploads\/2016\/03\/1067860-1536-300x200.jpg 300w, https:\/\/www.supercars.net\/blog\/wp-content\/uploads\/2016\/03\/1067860-1536-1024x683.jpg 1024w, https:\/\/www.supercars.net\/blog\/wp-content\/uploads\/2016\/03\/1067860-1536-100x67.jpg 100w, https:\/\/www.supercars.net\/blog\/wp-content\/uploads\/2016\/03\/1067860-1536-770x513.jpg 770w, https:\/\/www.supercars.net\/blog\/wp-content\/uploads\/2016\/03\/1067860-1536-360x240.jpg 360w, https:\/\/www.supercars.net\/blog\/wp-content\/uploads\/2016\/03\/1067860-1536-1155x770.jpg 1155w, https:\/\/www.supercars.net\/blog\/wp-content\/uploads\/2016\/03\/1067860-1536-370x247.jpg 370w, https:\/\/www.supercars.net\/blog\/wp-content\/uploads\/2016\/03\/1067860-1536-293x195.jpg 293w, https:\/\/www.supercars.net\/blog\/wp-content\/uploads\/2016\/03\/1067860-1536-1400x933.jpg 1400w\" sizes=\"(max-width: 1536px) 100vw, 1536px\" \/>\r\n\t\t\t\t<\/a>\r\n            <\/div>\r\n                <div class='wp-caption-text gallery-caption'>\r\n                MOTORSPORT &#8211; WEC 2013 &#8211; WORLD ENDURANCE CHAMPIONSHIP 2013 &#8211;  24H DU MANS &#8211; CIRCUIT DES 24H DU MANS (FRA) &#8211; 16 TO 21\/06\/2013 &#8211; PHOTO : FRANCOIS FLAMAND \/ DPPI &#8211; \n45 JACQUES NICOLET (FRA) &#8211; MERLIN JEAN MARC &#8211; MONDOLOT PHILIPPE \/ (FRA) \/ WEC LMP2 \/ MORGAN NISSAN TEAM OAK RACING \/ ACTION\r\n                <\/div><\/figure><figure class='gallery-item'>\r\n            <div class='gallery-icon landscape'>\r\n                <a href='https:\/\/www.supercars.net\/blog\/wp-content\/uploads\/2016\/03\/1068042-1536.jpg' class='tipi-lightbox'>\r\n\t\t\t\t<img decoding=\"async\" width=\"1536\" height=\"1024\" src=\"https:\/\/www.supercars.net\/blog\/wp-content\/uploads\/2016\/03\/1068042-1536.jpg\" class=\"attachment-full size-full\" alt=\"2013 24 Hours of Le Mans-2\" srcset=\"https:\/\/www.supercars.net\/blog\/wp-content\/uploads\/2016\/03\/1068042-1536.jpg 1536w, https:\/\/www.supercars.net\/blog\/wp-content\/uploads\/2016\/03\/1068042-1536-300x200.jpg 300w, https:\/\/www.supercars.net\/blog\/wp-content\/uploads\/2016\/03\/1068042-1536-1024x683.jpg 1024w, https:\/\/www.supercars.net\/blog\/wp-content\/uploads\/2016\/03\/1068042-1536-100x67.jpg 100w, https:\/\/www.supercars.net\/blog\/wp-content\/uploads\/2016\/03\/1068042-1536-770x513.jpg 770w, https:\/\/www.supercars.net\/blog\/wp-content\/uploads\/2016\/03\/1068042-1536-360x240.jpg 360w, https:\/\/www.supercars.net\/blog\/wp-content\/uploads\/2016\/03\/1068042-1536-1155x770.jpg 1155w, https:\/\/www.supercars.net\/blog\/wp-content\/uploads\/2016\/03\/1068042-1536-370x247.jpg 370w, https:\/\/www.supercars.net\/blog\/wp-content\/uploads\/2016\/03\/1068042-1536-293x195.jpg 293w, https:\/\/www.supercars.net\/blog\/wp-content\/uploads\/2016\/03\/1068042-1536-1400x933.jpg 1400w\" sizes=\"(max-width: 1536px) 100vw, 1536px\" \/>\r\n\t\t\t\t<\/a>\r\n            <\/div><\/figure><figure class='gallery-item'>\r\n            <div class='gallery-icon landscape'>\r\n                <a href='https:\/\/www.supercars.net\/blog\/wp-content\/uploads\/2016\/03\/1068066-1536.jpg' class='tipi-lightbox'>\r\n\t\t\t\t<img decoding=\"async\" width=\"1536\" height=\"1024\" src=\"https:\/\/www.supercars.net\/blog\/wp-content\/uploads\/2016\/03\/1068066-1536.jpg\" class=\"attachment-full size-full\" alt=\"2013 24 Hours of Le Mans-2\" srcset=\"https:\/\/www.supercars.net\/blog\/wp-content\/uploads\/2016\/03\/1068066-1536.jpg 1536w, https:\/\/www.supercars.net\/blog\/wp-content\/uploads\/2016\/03\/1068066-1536-300x200.jpg 300w, https:\/\/www.supercars.net\/blog\/wp-content\/uploads\/2016\/03\/1068066-1536-1024x683.jpg 1024w, https:\/\/www.supercars.net\/blog\/wp-content\/uploads\/2016\/03\/1068066-1536-100x67.jpg 100w, https:\/\/www.supercars.net\/blog\/wp-content\/uploads\/2016\/03\/1068066-1536-770x513.jpg 770w, https:\/\/www.supercars.net\/blog\/wp-content\/uploads\/2016\/03\/1068066-1536-360x240.jpg 360w, https:\/\/www.supercars.net\/blog\/wp-content\/uploads\/2016\/03\/1068066-1536-1155x770.jpg 1155w, https:\/\/www.supercars.net\/blog\/wp-content\/uploads\/2016\/03\/1068066-1536-370x247.jpg 370w, https:\/\/www.supercars.net\/blog\/wp-content\/uploads\/2016\/03\/1068066-1536-293x195.jpg 293w, https:\/\/www.supercars.net\/blog\/wp-content\/uploads\/2016\/03\/1068066-1536-1400x933.jpg 1400w\" sizes=\"(max-width: 1536px) 100vw, 1536px\" \/>\r\n\t\t\t\t<\/a>\r\n            <\/div>\r\n                <div class='wp-caption-text gallery-caption'>\r\n                Nissan, Le Mans 24 Hours 2013.\n\nWorld Endurance Championship. \nRound Three, Le Mans, France. \n16th &#8211; 23rd June 2013. \n\nPhoto: Drew Gibson\r\n                <\/div><\/figure><figure class='gallery-item'>\r\n            <div class='gallery-icon landscape'>\r\n                <a href='https:\/\/www.supercars.net\/blog\/wp-content\/uploads\/2016\/03\/1068067-1536.jpg' class='tipi-lightbox'>\r\n\t\t\t\t<img decoding=\"async\" width=\"1536\" height=\"1024\" src=\"https:\/\/www.supercars.net\/blog\/wp-content\/uploads\/2016\/03\/1068067-1536.jpg\" class=\"attachment-full size-full\" alt=\"2013 24 Hours of Le Mans-2\" srcset=\"https:\/\/www.supercars.net\/blog\/wp-content\/uploads\/2016\/03\/1068067-1536.jpg 1536w, https:\/\/www.supercars.net\/blog\/wp-content\/uploads\/2016\/03\/1068067-1536-300x200.jpg 300w, https:\/\/www.supercars.net\/blog\/wp-content\/uploads\/2016\/03\/1068067-1536-1024x683.jpg 1024w, https:\/\/www.supercars.net\/blog\/wp-content\/uploads\/2016\/03\/1068067-1536-100x67.jpg 100w, https:\/\/www.supercars.net\/blog\/wp-content\/uploads\/2016\/03\/1068067-1536-770x513.jpg 770w, https:\/\/www.supercars.net\/blog\/wp-content\/uploads\/2016\/03\/1068067-1536-360x240.jpg 360w, https:\/\/www.supercars.net\/blog\/wp-content\/uploads\/2016\/03\/1068067-1536-1155x770.jpg 1155w, https:\/\/www.supercars.net\/blog\/wp-content\/uploads\/2016\/03\/1068067-1536-370x247.jpg 370w, https:\/\/www.supercars.net\/blog\/wp-content\/uploads\/2016\/03\/1068067-1536-293x195.jpg 293w, https:\/\/www.supercars.net\/blog\/wp-content\/uploads\/2016\/03\/1068067-1536-1400x933.jpg 1400w\" sizes=\"(max-width: 1536px) 100vw, 1536px\" \/>\r\n\t\t\t\t<\/a>\r\n            <\/div>\r\n                <div class='wp-caption-text gallery-caption'>\r\n                Nissan, Le Mans 24 Hours 2013.\n\nWorld Endurance Championship. \nRound Three, Le Mans, France. \n16th &#8211; 23rd June 2013. \n\nPhoto: Drew Gibson\r\n                <\/div><\/figure><figure class='gallery-item'>\r\n            <div class='gallery-icon landscape'>\r\n                <a href='https:\/\/www.supercars.net\/blog\/wp-content\/uploads\/2016\/03\/1068068-1536.jpg' class='tipi-lightbox'>\r\n\t\t\t\t<img decoding=\"async\" width=\"1536\" height=\"1024\" src=\"https:\/\/www.supercars.net\/blog\/wp-content\/uploads\/2016\/03\/1068068-1536.jpg\" class=\"attachment-full size-full\" alt=\"2013 24 Hours of Le Mans-2\" srcset=\"https:\/\/www.supercars.net\/blog\/wp-content\/uploads\/2016\/03\/1068068-1536.jpg 1536w, https:\/\/www.supercars.net\/blog\/wp-content\/uploads\/2016\/03\/1068068-1536-300x200.jpg 300w, https:\/\/www.supercars.net\/blog\/wp-content\/uploads\/2016\/03\/1068068-1536-1024x683.jpg 1024w, https:\/\/www.supercars.net\/blog\/wp-content\/uploads\/2016\/03\/1068068-1536-100x67.jpg 100w, https:\/\/www.supercars.net\/blog\/wp-content\/uploads\/2016\/03\/1068068-1536-770x513.jpg 770w, https:\/\/www.supercars.net\/blog\/wp-content\/uploads\/2016\/03\/1068068-1536-360x240.jpg 360w, https:\/\/www.supercars.net\/blog\/wp-content\/uploads\/2016\/03\/1068068-1536-1155x770.jpg 1155w, https:\/\/www.supercars.net\/blog\/wp-content\/uploads\/2016\/03\/1068068-1536-370x247.jpg 370w, https:\/\/www.supercars.net\/blog\/wp-content\/uploads\/2016\/03\/1068068-1536-293x195.jpg 293w, https:\/\/www.supercars.net\/blog\/wp-content\/uploads\/2016\/03\/1068068-1536-1400x933.jpg 1400w\" sizes=\"(max-width: 1536px) 100vw, 1536px\" \/>\r\n\t\t\t\t<\/a>\r\n            <\/div>\r\n                <div class='wp-caption-text gallery-caption'>\r\n                Nissan, Le Mans 24 Hours 2013.\n\nWorld Endurance Championship. \nRound Three, Le Mans, France. \n16th &#8211; 23rd June 2013. \n\nPhoto: Drew Gibson\r\n                <\/div><\/figure><figure class='gallery-item'>\r\n            <div class='gallery-icon landscape'>\r\n                <a href='https:\/\/www.supercars.net\/blog\/wp-content\/uploads\/2016\/03\/1068069-1536.jpg' class='tipi-lightbox'>\r\n\t\t\t\t<img decoding=\"async\" width=\"1536\" height=\"1024\" src=\"https:\/\/www.supercars.net\/blog\/wp-content\/uploads\/2016\/03\/1068069-1536.jpg\" class=\"attachment-full size-full\" alt=\"2013 24 Hours of Le Mans-2\" srcset=\"https:\/\/www.supercars.net\/blog\/wp-content\/uploads\/2016\/03\/1068069-1536.jpg 1536w, https:\/\/www.supercars.net\/blog\/wp-content\/uploads\/2016\/03\/1068069-1536-300x200.jpg 300w, https:\/\/www.supercars.net\/blog\/wp-content\/uploads\/2016\/03\/1068069-1536-1024x683.jpg 1024w, https:\/\/www.supercars.net\/blog\/wp-content\/uploads\/2016\/03\/1068069-1536-100x67.jpg 100w, https:\/\/www.supercars.net\/blog\/wp-content\/uploads\/2016\/03\/1068069-1536-770x513.jpg 770w, https:\/\/www.supercars.net\/blog\/wp-content\/uploads\/2016\/03\/1068069-1536-360x240.jpg 360w, https:\/\/www.supercars.net\/blog\/wp-content\/uploads\/2016\/03\/1068069-1536-1155x770.jpg 1155w, https:\/\/www.supercars.net\/blog\/wp-content\/uploads\/2016\/03\/1068069-1536-370x247.jpg 370w, https:\/\/www.supercars.net\/blog\/wp-content\/uploads\/2016\/03\/1068069-1536-293x195.jpg 293w, https:\/\/www.supercars.net\/blog\/wp-content\/uploads\/2016\/03\/1068069-1536-1400x933.jpg 1400w\" sizes=\"(max-width: 1536px) 100vw, 1536px\" \/>\r\n\t\t\t\t<\/a>\r\n            <\/div>\r\n                <div class='wp-caption-text gallery-caption'>\r\n                Nissan, Le Mans 24 Hours 2013.\n\nWorld Endurance Championship. \nRound Three, Le Mans, France. \n16th &#8211; 23rd June 2013. \n\nPhoto: Drew Gibson\r\n                <\/div><\/figure><figure class='gallery-item'>\r\n            <div class='gallery-icon landscape'>\r\n                <a href='https:\/\/www.supercars.net\/blog\/wp-content\/uploads\/2016\/03\/1068070-1536.jpg' class='tipi-lightbox'>\r\n\t\t\t\t<img decoding=\"async\" width=\"1536\" height=\"1024\" src=\"https:\/\/www.supercars.net\/blog\/wp-content\/uploads\/2016\/03\/1068070-1536.jpg\" class=\"attachment-full size-full\" alt=\"2013 24 Hours of Le Mans-2\" srcset=\"https:\/\/www.supercars.net\/blog\/wp-content\/uploads\/2016\/03\/1068070-1536.jpg 1536w, https:\/\/www.supercars.net\/blog\/wp-content\/uploads\/2016\/03\/1068070-1536-300x200.jpg 300w, https:\/\/www.supercars.net\/blog\/wp-content\/uploads\/2016\/03\/1068070-1536-1024x683.jpg 1024w, https:\/\/www.supercars.net\/blog\/wp-content\/uploads\/2016\/03\/1068070-1536-100x67.jpg 100w, https:\/\/www.supercars.net\/blog\/wp-content\/uploads\/2016\/03\/1068070-1536-770x513.jpg 770w, https:\/\/www.supercars.net\/blog\/wp-content\/uploads\/2016\/03\/1068070-1536-360x240.jpg 360w, https:\/\/www.supercars.net\/blog\/wp-content\/uploads\/2016\/03\/1068070-1536-1155x770.jpg 1155w, https:\/\/www.supercars.net\/blog\/wp-content\/uploads\/2016\/03\/1068070-1536-370x247.jpg 370w, https:\/\/www.supercars.net\/blog\/wp-content\/uploads\/2016\/03\/1068070-1536-293x195.jpg 293w, https:\/\/www.supercars.net\/blog\/wp-content\/uploads\/2016\/03\/1068070-1536-1400x933.jpg 1400w\" sizes=\"(max-width: 1536px) 100vw, 1536px\" \/>\r\n\t\t\t\t<\/a>\r\n            <\/div>\r\n                <div class='wp-caption-text gallery-caption'>\r\n                Nissan, Le Mans 24 Hours 2013.\n\nWorld Endurance Championship. \nRound Three, Le Mans, France. \n16th &#8211; 23rd June 2013. \n\nPhoto: Drew Gibson\r\n                <\/div><\/figure><figure class='gallery-item'>\r\n            <div class='gallery-icon landscape'>\r\n                <a href='https:\/\/www.supercars.net\/blog\/wp-content\/uploads\/2016\/03\/1068071-1536.jpg' class='tipi-lightbox'>\r\n\t\t\t\t<img decoding=\"async\" width=\"1536\" height=\"1024\" src=\"https:\/\/www.supercars.net\/blog\/wp-content\/uploads\/2016\/03\/1068071-1536.jpg\" class=\"attachment-full size-full\" alt=\"2013 24 Hours of Le Mans-2\" srcset=\"https:\/\/www.supercars.net\/blog\/wp-content\/uploads\/2016\/03\/1068071-1536.jpg 1536w, https:\/\/www.supercars.net\/blog\/wp-content\/uploads\/2016\/03\/1068071-1536-300x200.jpg 300w, https:\/\/www.supercars.net\/blog\/wp-content\/uploads\/2016\/03\/1068071-1536-1024x683.jpg 1024w, https:\/\/www.supercars.net\/blog\/wp-content\/uploads\/2016\/03\/1068071-1536-100x67.jpg 100w, https:\/\/www.supercars.net\/blog\/wp-content\/uploads\/2016\/03\/1068071-1536-770x513.jpg 770w, https:\/\/www.supercars.net\/blog\/wp-content\/uploads\/2016\/03\/1068071-1536-360x240.jpg 360w, https:\/\/www.supercars.net\/blog\/wp-content\/uploads\/2016\/03\/1068071-1536-1155x770.jpg 1155w, https:\/\/www.supercars.net\/blog\/wp-content\/uploads\/2016\/03\/1068071-1536-370x247.jpg 370w, https:\/\/www.supercars.net\/blog\/wp-content\/uploads\/2016\/03\/1068071-1536-293x195.jpg 293w, https:\/\/www.supercars.net\/blog\/wp-content\/uploads\/2016\/03\/1068071-1536-1400x933.jpg 1400w\" sizes=\"(max-width: 1536px) 100vw, 1536px\" \/>\r\n\t\t\t\t<\/a>\r\n            <\/div>\r\n                <div class='wp-caption-text gallery-caption'>\r\n                Nissan, Le Mans 24 Hours 2013.\n\nWorld Endurance Championship. \nRound Three, Le Mans, France. \n16th &#8211; 23rd June 2013. \n\nPhoto: Drew Gibson\r\n                <\/div><\/figure><figure class='gallery-item'>\r\n            <div class='gallery-icon landscape'>\r\n                <a href='https:\/\/www.supercars.net\/blog\/wp-content\/uploads\/2016\/03\/1068072-1536.jpg' class='tipi-lightbox'>\r\n\t\t\t\t<img decoding=\"async\" width=\"1536\" height=\"1024\" src=\"https:\/\/www.supercars.net\/blog\/wp-content\/uploads\/2016\/03\/1068072-1536.jpg\" class=\"attachment-full size-full\" alt=\"2013 24 Hours of Le Mans-2\" srcset=\"https:\/\/www.supercars.net\/blog\/wp-content\/uploads\/2016\/03\/1068072-1536.jpg 1536w, https:\/\/www.supercars.net\/blog\/wp-content\/uploads\/2016\/03\/1068072-1536-300x200.jpg 300w, https:\/\/www.supercars.net\/blog\/wp-content\/uploads\/2016\/03\/1068072-1536-1024x683.jpg 1024w, https:\/\/www.supercars.net\/blog\/wp-content\/uploads\/2016\/03\/1068072-1536-100x67.jpg 100w, https:\/\/www.supercars.net\/blog\/wp-content\/uploads\/2016\/03\/1068072-1536-770x513.jpg 770w, https:\/\/www.supercars.net\/blog\/wp-content\/uploads\/2016\/03\/1068072-1536-360x240.jpg 360w, https:\/\/www.supercars.net\/blog\/wp-content\/uploads\/2016\/03\/1068072-1536-1155x770.jpg 1155w, https:\/\/www.supercars.net\/blog\/wp-content\/uploads\/2016\/03\/1068072-1536-370x247.jpg 370w, https:\/\/www.supercars.net\/blog\/wp-content\/uploads\/2016\/03\/1068072-1536-293x195.jpg 293w, https:\/\/www.supercars.net\/blog\/wp-content\/uploads\/2016\/03\/1068072-1536-1400x933.jpg 1400w\" sizes=\"(max-width: 1536px) 100vw, 1536px\" \/>\r\n\t\t\t\t<\/a>\r\n            <\/div>\r\n                <div class='wp-caption-text gallery-caption'>\r\n                Nissan, Le Mans 24 Hours 2013.\n\nWorld Endurance Championship. \nRound Three, Le Mans, France. \n16th &#8211; 23rd June 2013. \n\nPhoto: Drew Gibson\r\n                <\/div><\/figure><figure class='gallery-item'>\r\n            <div class='gallery-icon landscape'>\r\n                <a href='https:\/\/www.supercars.net\/blog\/wp-content\/uploads\/2016\/03\/1068074-1536.jpg' class='tipi-lightbox'>\r\n\t\t\t\t<img decoding=\"async\" width=\"1536\" height=\"1024\" src=\"https:\/\/www.supercars.net\/blog\/wp-content\/uploads\/2016\/03\/1068074-1536.jpg\" class=\"attachment-full size-full\" alt=\"2013 24 Hours of Le Mans-2\" srcset=\"https:\/\/www.supercars.net\/blog\/wp-content\/uploads\/2016\/03\/1068074-1536.jpg 1536w, https:\/\/www.supercars.net\/blog\/wp-content\/uploads\/2016\/03\/1068074-1536-300x200.jpg 300w, https:\/\/www.supercars.net\/blog\/wp-content\/uploads\/2016\/03\/1068074-1536-1024x683.jpg 1024w, https:\/\/www.supercars.net\/blog\/wp-content\/uploads\/2016\/03\/1068074-1536-100x67.jpg 100w, https:\/\/www.supercars.net\/blog\/wp-content\/uploads\/2016\/03\/1068074-1536-770x513.jpg 770w, https:\/\/www.supercars.net\/blog\/wp-content\/uploads\/2016\/03\/1068074-1536-360x240.jpg 360w, https:\/\/www.supercars.net\/blog\/wp-content\/uploads\/2016\/03\/1068074-1536-1155x770.jpg 1155w, https:\/\/www.supercars.net\/blog\/wp-content\/uploads\/2016\/03\/1068074-1536-370x247.jpg 370w, https:\/\/www.supercars.net\/blog\/wp-content\/uploads\/2016\/03\/1068074-1536-293x195.jpg 293w, https:\/\/www.supercars.net\/blog\/wp-content\/uploads\/2016\/03\/1068074-1536-1400x933.jpg 1400w\" sizes=\"(max-width: 1536px) 100vw, 1536px\" \/>\r\n\t\t\t\t<\/a>\r\n            <\/div>\r\n                <div class='wp-caption-text gallery-caption'>\r\n                Nissan, Le Mans 24 Hours 2013.\n\nWorld Endurance Championship. \nRound Three, Le Mans, France. \n16th &#8211; 23rd June 2013. \n\nPhoto: Drew Gibson\r\n                <\/div><\/figure><figure class='gallery-item'>\r\n            <div class='gallery-icon landscape'>\r\n                <a href='https:\/\/www.supercars.net\/blog\/wp-content\/uploads\/2016\/03\/1068075-1536.jpg' class='tipi-lightbox'>\r\n\t\t\t\t<img decoding=\"async\" width=\"1536\" height=\"1024\" src=\"https:\/\/www.supercars.net\/blog\/wp-content\/uploads\/2016\/03\/1068075-1536.jpg\" class=\"attachment-full size-full\" alt=\"2013 24 Hours of Le Mans-2\" srcset=\"https:\/\/www.supercars.net\/blog\/wp-content\/uploads\/2016\/03\/1068075-1536.jpg 1536w, https:\/\/www.supercars.net\/blog\/wp-content\/uploads\/2016\/03\/1068075-1536-300x200.jpg 300w, https:\/\/www.supercars.net\/blog\/wp-content\/uploads\/2016\/03\/1068075-1536-1024x683.jpg 1024w, https:\/\/www.supercars.net\/blog\/wp-content\/uploads\/2016\/03\/1068075-1536-100x67.jpg 100w, https:\/\/www.supercars.net\/blog\/wp-content\/uploads\/2016\/03\/1068075-1536-770x513.jpg 770w, https:\/\/www.supercars.net\/blog\/wp-content\/uploads\/2016\/03\/1068075-1536-360x240.jpg 360w, https:\/\/www.supercars.net\/blog\/wp-content\/uploads\/2016\/03\/1068075-1536-1155x770.jpg 1155w, https:\/\/www.supercars.net\/blog\/wp-content\/uploads\/2016\/03\/1068075-1536-370x247.jpg 370w, https:\/\/www.supercars.net\/blog\/wp-content\/uploads\/2016\/03\/1068075-1536-293x195.jpg 293w, https:\/\/www.supercars.net\/blog\/wp-content\/uploads\/2016\/03\/1068075-1536-1400x933.jpg 1400w\" sizes=\"(max-width: 1536px) 100vw, 1536px\" \/>\r\n\t\t\t\t<\/a>\r\n            <\/div>\r\n                <div class='wp-caption-text gallery-caption'>\r\n                Nissan, Le Mans 24 Hours 2013.\n\nWorld Endurance Championship. \nRound Three, Le Mans, France. \n16th &#8211; 23rd June 2013. \n\nPhoto: Drew Gibson\r\n                <\/div><\/figure><figure class='gallery-item'>\r\n            <div class='gallery-icon landscape'>\r\n                <a href='https:\/\/www.supercars.net\/blog\/wp-content\/uploads\/2016\/03\/1068076-1536.jpg' class='tipi-lightbox'>\r\n\t\t\t\t<img decoding=\"async\" width=\"1536\" height=\"1024\" src=\"https:\/\/www.supercars.net\/blog\/wp-content\/uploads\/2016\/03\/1068076-1536.jpg\" class=\"attachment-full size-full\" alt=\"2013 24 Hours of Le Mans-2\" srcset=\"https:\/\/www.supercars.net\/blog\/wp-content\/uploads\/2016\/03\/1068076-1536.jpg 1536w, https:\/\/www.supercars.net\/blog\/wp-content\/uploads\/2016\/03\/1068076-1536-300x200.jpg 300w, https:\/\/www.supercars.net\/blog\/wp-content\/uploads\/2016\/03\/1068076-1536-1024x683.jpg 1024w, https:\/\/www.supercars.net\/blog\/wp-content\/uploads\/2016\/03\/1068076-1536-100x67.jpg 100w, https:\/\/www.supercars.net\/blog\/wp-content\/uploads\/2016\/03\/1068076-1536-770x513.jpg 770w, https:\/\/www.supercars.net\/blog\/wp-content\/uploads\/2016\/03\/1068076-1536-360x240.jpg 360w, https:\/\/www.supercars.net\/blog\/wp-content\/uploads\/2016\/03\/1068076-1536-1155x770.jpg 1155w, https:\/\/www.supercars.net\/blog\/wp-content\/uploads\/2016\/03\/1068076-1536-370x247.jpg 370w, https:\/\/www.supercars.net\/blog\/wp-content\/uploads\/2016\/03\/1068076-1536-293x195.jpg 293w, https:\/\/www.supercars.net\/blog\/wp-content\/uploads\/2016\/03\/1068076-1536-1400x933.jpg 1400w\" sizes=\"(max-width: 1536px) 100vw, 1536px\" \/>\r\n\t\t\t\t<\/a>\r\n            <\/div>\r\n                <div class='wp-caption-text gallery-caption'>\r\n                Nissan, Le Mans 24 Hours 2013.\n\nWorld Endurance Championship. \nRound Three, Le Mans, France. \n16th &#8211; 23rd June 2013. \n\nPhoto: Drew Gibson\r\n                <\/div><\/figure><figure class='gallery-item'>\r\n            <div class='gallery-icon landscape'>\r\n                <a href='https:\/\/www.supercars.net\/blog\/wp-content\/uploads\/2016\/03\/1068077-1536.jpg' class='tipi-lightbox'>\r\n\t\t\t\t<img decoding=\"async\" width=\"1536\" height=\"1024\" src=\"https:\/\/www.supercars.net\/blog\/wp-content\/uploads\/2016\/03\/1068077-1536.jpg\" class=\"attachment-full size-full\" alt=\"2013 24 Hours of Le Mans-2\" srcset=\"https:\/\/www.supercars.net\/blog\/wp-content\/uploads\/2016\/03\/1068077-1536.jpg 1536w, https:\/\/www.supercars.net\/blog\/wp-content\/uploads\/2016\/03\/1068077-1536-300x200.jpg 300w, https:\/\/www.supercars.net\/blog\/wp-content\/uploads\/2016\/03\/1068077-1536-1024x683.jpg 1024w, https:\/\/www.supercars.net\/blog\/wp-content\/uploads\/2016\/03\/1068077-1536-100x67.jpg 100w, https:\/\/www.supercars.net\/blog\/wp-content\/uploads\/2016\/03\/1068077-1536-770x513.jpg 770w, https:\/\/www.supercars.net\/blog\/wp-content\/uploads\/2016\/03\/1068077-1536-360x240.jpg 360w, https:\/\/www.supercars.net\/blog\/wp-content\/uploads\/2016\/03\/1068077-1536-1155x770.jpg 1155w, https:\/\/www.supercars.net\/blog\/wp-content\/uploads\/2016\/03\/1068077-1536-370x247.jpg 370w, https:\/\/www.supercars.net\/blog\/wp-content\/uploads\/2016\/03\/1068077-1536-293x195.jpg 293w, https:\/\/www.supercars.net\/blog\/wp-content\/uploads\/2016\/03\/1068077-1536-1400x933.jpg 1400w\" sizes=\"(max-width: 1536px) 100vw, 1536px\" \/>\r\n\t\t\t\t<\/a>\r\n            <\/div>\r\n                <div class='wp-caption-text gallery-caption'>\r\n                Nissan, Le Mans 24 Hours 2013.\n\nWorld Endurance Championship. \nRound Three, Le Mans, France. \n16th &#8211; 23rd June 2013. \n\nPhoto: Drew Gibson\r\n                <\/div><\/figure><figure class='gallery-item'>\r\n            <div class='gallery-icon landscape'>\r\n                <a href='https:\/\/www.supercars.net\/blog\/wp-content\/uploads\/2016\/03\/1068078-1536.jpg' class='tipi-lightbox'>\r\n\t\t\t\t<img decoding=\"async\" width=\"1536\" height=\"1024\" src=\"https:\/\/www.supercars.net\/blog\/wp-content\/uploads\/2016\/03\/1068078-1536.jpg\" class=\"attachment-full size-full\" alt=\"2013 24 Hours of Le Mans-2\" srcset=\"https:\/\/www.supercars.net\/blog\/wp-content\/uploads\/2016\/03\/1068078-1536.jpg 1536w, https:\/\/www.supercars.net\/blog\/wp-content\/uploads\/2016\/03\/1068078-1536-300x200.jpg 300w, https:\/\/www.supercars.net\/blog\/wp-content\/uploads\/2016\/03\/1068078-1536-1024x683.jpg 1024w, https:\/\/www.supercars.net\/blog\/wp-content\/uploads\/2016\/03\/1068078-1536-100x67.jpg 100w, https:\/\/www.supercars.net\/blog\/wp-content\/uploads\/2016\/03\/1068078-1536-770x513.jpg 770w, https:\/\/www.supercars.net\/blog\/wp-content\/uploads\/2016\/03\/1068078-1536-360x240.jpg 360w, https:\/\/www.supercars.net\/blog\/wp-content\/uploads\/2016\/03\/1068078-1536-1155x770.jpg 1155w, https:\/\/www.supercars.net\/blog\/wp-content\/uploads\/2016\/03\/1068078-1536-370x247.jpg 370w, https:\/\/www.supercars.net\/blog\/wp-content\/uploads\/2016\/03\/1068078-1536-293x195.jpg 293w, https:\/\/www.supercars.net\/blog\/wp-content\/uploads\/2016\/03\/1068078-1536-1400x933.jpg 1400w\" sizes=\"(max-width: 1536px) 100vw, 1536px\" \/>\r\n\t\t\t\t<\/a>\r\n            <\/div>\r\n                <div class='wp-caption-text gallery-caption'>\r\n                Nissan, Le Mans 24 Hours 2013.\n\nWorld Endurance Championship. \nRound Three, Le Mans, France. \n16th &#8211; 23rd June 2013. \n\nPhoto: Drew Gibson\r\n                <\/div><\/figure><figure class='gallery-item'>\r\n            <div class='gallery-icon landscape'>\r\n                <a href='https:\/\/www.supercars.net\/blog\/wp-content\/uploads\/2016\/03\/1068079-1536.jpg' class='tipi-lightbox'>\r\n\t\t\t\t<img decoding=\"async\" width=\"1536\" height=\"1024\" src=\"https:\/\/www.supercars.net\/blog\/wp-content\/uploads\/2016\/03\/1068079-1536.jpg\" class=\"attachment-full size-full\" alt=\"2013 24 Hours of Le Mans-2\" srcset=\"https:\/\/www.supercars.net\/blog\/wp-content\/uploads\/2016\/03\/1068079-1536.jpg 1536w, https:\/\/www.supercars.net\/blog\/wp-content\/uploads\/2016\/03\/1068079-1536-300x200.jpg 300w, https:\/\/www.supercars.net\/blog\/wp-content\/uploads\/2016\/03\/1068079-1536-1024x683.jpg 1024w, https:\/\/www.supercars.net\/blog\/wp-content\/uploads\/2016\/03\/1068079-1536-100x67.jpg 100w, https:\/\/www.supercars.net\/blog\/wp-content\/uploads\/2016\/03\/1068079-1536-770x513.jpg 770w, https:\/\/www.supercars.net\/blog\/wp-content\/uploads\/2016\/03\/1068079-1536-360x240.jpg 360w, https:\/\/www.supercars.net\/blog\/wp-content\/uploads\/2016\/03\/1068079-1536-1155x770.jpg 1155w, https:\/\/www.supercars.net\/blog\/wp-content\/uploads\/2016\/03\/1068079-1536-370x247.jpg 370w, https:\/\/www.supercars.net\/blog\/wp-content\/uploads\/2016\/03\/1068079-1536-293x195.jpg 293w, https:\/\/www.supercars.net\/blog\/wp-content\/uploads\/2016\/03\/1068079-1536-1400x933.jpg 1400w\" sizes=\"(max-width: 1536px) 100vw, 1536px\" \/>\r\n\t\t\t\t<\/a>\r\n            <\/div>\r\n                <div class='wp-caption-text gallery-caption'>\r\n                MOTORSPORT &#8211; WEC 2013 &#8211; WORLD ENDURANCE CHAMPIONSHIP 2013 &#8211;  24H DU MANS &#8211; CIRCUIT DES 24H DU MANS (FRA) &#8211; 16 TO 21\/06\/2013 &#8211; PHOTO : FRANCOIS FLAMAND \/ DPPI &#8211; \n36 PANCIATICI NELSON (FRA) &#8211; RAGUES PIERRE (FRA) &#8211; GOMMENDY TRISTAN (FRA) \/ ALPINE A450 NISSAN TEAM SIGNATECH ALPINE \/ ACTION\r\n                <\/div><\/figure><figure class='gallery-item'>\r\n            <div class='gallery-icon landscape'>\r\n                <a href='https:\/\/www.supercars.net\/blog\/wp-content\/uploads\/2016\/03\/1068081-1536.jpg' class='tipi-lightbox'>\r\n\t\t\t\t<img decoding=\"async\" width=\"1536\" height=\"1024\" src=\"https:\/\/www.supercars.net\/blog\/wp-content\/uploads\/2016\/03\/1068081-1536.jpg\" class=\"attachment-full size-full\" alt=\"2013 24 Hours of Le Mans-2\" srcset=\"https:\/\/www.supercars.net\/blog\/wp-content\/uploads\/2016\/03\/1068081-1536.jpg 1536w, https:\/\/www.supercars.net\/blog\/wp-content\/uploads\/2016\/03\/1068081-1536-300x200.jpg 300w, https:\/\/www.supercars.net\/blog\/wp-content\/uploads\/2016\/03\/1068081-1536-1024x683.jpg 1024w, https:\/\/www.supercars.net\/blog\/wp-content\/uploads\/2016\/03\/1068081-1536-100x67.jpg 100w, https:\/\/www.supercars.net\/blog\/wp-content\/uploads\/2016\/03\/1068081-1536-770x513.jpg 770w, https:\/\/www.supercars.net\/blog\/wp-content\/uploads\/2016\/03\/1068081-1536-360x240.jpg 360w, https:\/\/www.supercars.net\/blog\/wp-content\/uploads\/2016\/03\/1068081-1536-1155x770.jpg 1155w, https:\/\/www.supercars.net\/blog\/wp-content\/uploads\/2016\/03\/1068081-1536-370x247.jpg 370w, https:\/\/www.supercars.net\/blog\/wp-content\/uploads\/2016\/03\/1068081-1536-293x195.jpg 293w, https:\/\/www.supercars.net\/blog\/wp-content\/uploads\/2016\/03\/1068081-1536-1400x933.jpg 1400w\" sizes=\"(max-width: 1536px) 100vw, 1536px\" \/>\r\n\t\t\t\t<\/a>\r\n            <\/div>\r\n                <div class='wp-caption-text gallery-caption'>\r\n                Nissan, Le Mans 24 Hours 2013.\n\nWorld Endurance Championship. \nRound Three, Le Mans, France. \n16th &#8211; 23rd June 2013. \n\nPhoto: Drew Gibson\r\n                <\/div><\/figure><figure class='gallery-item'>\r\n            <div class='gallery-icon landscape'>\r\n                <a href='https:\/\/www.supercars.net\/blog\/wp-content\/uploads\/2016\/03\/1068082-1536.jpg' class='tipi-lightbox'>\r\n\t\t\t\t<img decoding=\"async\" width=\"1536\" height=\"1024\" src=\"https:\/\/www.supercars.net\/blog\/wp-content\/uploads\/2016\/03\/1068082-1536.jpg\" class=\"attachment-full size-full\" alt=\"2013 24 Hours of Le Mans-2\" srcset=\"https:\/\/www.supercars.net\/blog\/wp-content\/uploads\/2016\/03\/1068082-1536.jpg 1536w, https:\/\/www.supercars.net\/blog\/wp-content\/uploads\/2016\/03\/1068082-1536-300x200.jpg 300w, https:\/\/www.supercars.net\/blog\/wp-content\/uploads\/2016\/03\/1068082-1536-1024x683.jpg 1024w, https:\/\/www.supercars.net\/blog\/wp-content\/uploads\/2016\/03\/1068082-1536-100x67.jpg 100w, https:\/\/www.supercars.net\/blog\/wp-content\/uploads\/2016\/03\/1068082-1536-770x513.jpg 770w, https:\/\/www.supercars.net\/blog\/wp-content\/uploads\/2016\/03\/1068082-1536-360x240.jpg 360w, https:\/\/www.supercars.net\/blog\/wp-content\/uploads\/2016\/03\/1068082-1536-1155x770.jpg 1155w, https:\/\/www.supercars.net\/blog\/wp-content\/uploads\/2016\/03\/1068082-1536-370x247.jpg 370w, https:\/\/www.supercars.net\/blog\/wp-content\/uploads\/2016\/03\/1068082-1536-293x195.jpg 293w, https:\/\/www.supercars.net\/blog\/wp-content\/uploads\/2016\/03\/1068082-1536-1400x933.jpg 1400w\" sizes=\"(max-width: 1536px) 100vw, 1536px\" \/>\r\n\t\t\t\t<\/a>\r\n            <\/div>\r\n                <div class='wp-caption-text gallery-caption'>\r\n                Nissan, Le Mans 24 Hours 2013.\n\nWorld Endurance Championship. \nRound Three, Le Mans, France. \n16th &#8211; 23rd June 2013. \n\nPhoto: Drew Gibson\r\n                <\/div><\/figure><figure class='gallery-item'>\r\n            <div class='gallery-icon landscape'>\r\n                <a href='https:\/\/www.supercars.net\/blog\/wp-content\/uploads\/2016\/03\/1068085-1536.jpg' class='tipi-lightbox'>\r\n\t\t\t\t<img decoding=\"async\" width=\"1536\" height=\"1024\" src=\"https:\/\/www.supercars.net\/blog\/wp-content\/uploads\/2016\/03\/1068085-1536.jpg\" class=\"attachment-full size-full\" alt=\"2013 24 Hours of Le Mans-2\" srcset=\"https:\/\/www.supercars.net\/blog\/wp-content\/uploads\/2016\/03\/1068085-1536.jpg 1536w, https:\/\/www.supercars.net\/blog\/wp-content\/uploads\/2016\/03\/1068085-1536-300x200.jpg 300w, https:\/\/www.supercars.net\/blog\/wp-content\/uploads\/2016\/03\/1068085-1536-1024x683.jpg 1024w, https:\/\/www.supercars.net\/blog\/wp-content\/uploads\/2016\/03\/1068085-1536-100x67.jpg 100w, https:\/\/www.supercars.net\/blog\/wp-content\/uploads\/2016\/03\/1068085-1536-770x513.jpg 770w, https:\/\/www.supercars.net\/blog\/wp-content\/uploads\/2016\/03\/1068085-1536-360x240.jpg 360w, https:\/\/www.supercars.net\/blog\/wp-content\/uploads\/2016\/03\/1068085-1536-1155x770.jpg 1155w, https:\/\/www.supercars.net\/blog\/wp-content\/uploads\/2016\/03\/1068085-1536-370x247.jpg 370w, https:\/\/www.supercars.net\/blog\/wp-content\/uploads\/2016\/03\/1068085-1536-293x195.jpg 293w, https:\/\/www.supercars.net\/blog\/wp-content\/uploads\/2016\/03\/1068085-1536-1400x933.jpg 1400w\" sizes=\"(max-width: 1536px) 100vw, 1536px\" \/>\r\n\t\t\t\t<\/a>\r\n            <\/div>\r\n                <div class='wp-caption-text gallery-caption'>\r\n                Nissan, Le Mans 24 Hours 2013.\n\nWorld Endurance Championship. \nRound Three, Le Mans, France. \n16th &#8211; 23rd June 2013. \n\nPhoto: Drew Gibson\r\n                <\/div><\/figure><figure class='gallery-item'>\r\n            <div class='gallery-icon landscape'>\r\n                <a href='https:\/\/www.supercars.net\/blog\/wp-content\/uploads\/2016\/03\/1068086-1536.jpg' class='tipi-lightbox'>\r\n\t\t\t\t<img decoding=\"async\" width=\"1536\" height=\"1024\" src=\"https:\/\/www.supercars.net\/blog\/wp-content\/uploads\/2016\/03\/1068086-1536.jpg\" class=\"attachment-full size-full\" alt=\"2013 24 Hours of Le Mans-2\" srcset=\"https:\/\/www.supercars.net\/blog\/wp-content\/uploads\/2016\/03\/1068086-1536.jpg 1536w, https:\/\/www.supercars.net\/blog\/wp-content\/uploads\/2016\/03\/1068086-1536-300x200.jpg 300w, https:\/\/www.supercars.net\/blog\/wp-content\/uploads\/2016\/03\/1068086-1536-1024x683.jpg 1024w, https:\/\/www.supercars.net\/blog\/wp-content\/uploads\/2016\/03\/1068086-1536-100x67.jpg 100w, https:\/\/www.supercars.net\/blog\/wp-content\/uploads\/2016\/03\/1068086-1536-770x513.jpg 770w, https:\/\/www.supercars.net\/blog\/wp-content\/uploads\/2016\/03\/1068086-1536-360x240.jpg 360w, https:\/\/www.supercars.net\/blog\/wp-content\/uploads\/2016\/03\/1068086-1536-1155x770.jpg 1155w, https:\/\/www.supercars.net\/blog\/wp-content\/uploads\/2016\/03\/1068086-1536-370x247.jpg 370w, https:\/\/www.supercars.net\/blog\/wp-content\/uploads\/2016\/03\/1068086-1536-293x195.jpg 293w, https:\/\/www.supercars.net\/blog\/wp-content\/uploads\/2016\/03\/1068086-1536-1400x933.jpg 1400w\" sizes=\"(max-width: 1536px) 100vw, 1536px\" \/>\r\n\t\t\t\t<\/a>\r\n            <\/div>\r\n                <div class='wp-caption-text gallery-caption'>\r\n                Nissan, Le Mans 24 Hours 2013.\n\nWorld Endurance Championship. \nRound Three, Le Mans, France. \n16th &#8211; 23rd June 2013. \n\nPhoto: Drew Gibson\r\n                <\/div><\/figure><figure class='gallery-item'>\r\n            <div class='gallery-icon landscape'>\r\n                <a href='https:\/\/www.supercars.net\/blog\/wp-content\/uploads\/2016\/03\/1068087-1536.jpg' class='tipi-lightbox'>\r\n\t\t\t\t<img decoding=\"async\" width=\"1536\" height=\"1024\" src=\"https:\/\/www.supercars.net\/blog\/wp-content\/uploads\/2016\/03\/1068087-1536.jpg\" class=\"attachment-full size-full\" alt=\"2013 24 Hours of Le Mans-2\" srcset=\"https:\/\/www.supercars.net\/blog\/wp-content\/uploads\/2016\/03\/1068087-1536.jpg 1536w, https:\/\/www.supercars.net\/blog\/wp-content\/uploads\/2016\/03\/1068087-1536-300x200.jpg 300w, https:\/\/www.supercars.net\/blog\/wp-content\/uploads\/2016\/03\/1068087-1536-1024x683.jpg 1024w, https:\/\/www.supercars.net\/blog\/wp-content\/uploads\/2016\/03\/1068087-1536-100x67.jpg 100w, https:\/\/www.supercars.net\/blog\/wp-content\/uploads\/2016\/03\/1068087-1536-770x513.jpg 770w, https:\/\/www.supercars.net\/blog\/wp-content\/uploads\/2016\/03\/1068087-1536-360x240.jpg 360w, https:\/\/www.supercars.net\/blog\/wp-content\/uploads\/2016\/03\/1068087-1536-1155x770.jpg 1155w, https:\/\/www.supercars.net\/blog\/wp-content\/uploads\/2016\/03\/1068087-1536-370x247.jpg 370w, https:\/\/www.supercars.net\/blog\/wp-content\/uploads\/2016\/03\/1068087-1536-293x195.jpg 293w, https:\/\/www.supercars.net\/blog\/wp-content\/uploads\/2016\/03\/1068087-1536-1400x933.jpg 1400w\" sizes=\"(max-width: 1536px) 100vw, 1536px\" \/>\r\n\t\t\t\t<\/a>\r\n            <\/div>\r\n                <div class='wp-caption-text gallery-caption'>\r\n                Nissan, Le Mans 24 Hours 2013.\n\nWorld Endurance Championship. \nRound Three, Le Mans, France. \n16th &#8211; 23rd June 2013. \n\nPhoto: Drew Gibson\r\n                <\/div><\/figure><figure class='gallery-item'>\r\n            <div class='gallery-icon landscape'>\r\n                <a href='https:\/\/www.supercars.net\/blog\/wp-content\/uploads\/2016\/03\/1068088-1536.jpg' class='tipi-lightbox'>\r\n\t\t\t\t<img decoding=\"async\" width=\"1536\" height=\"1024\" src=\"https:\/\/www.supercars.net\/blog\/wp-content\/uploads\/2016\/03\/1068088-1536.jpg\" class=\"attachment-full size-full\" alt=\"2013 24 Hours of Le Mans-2\" srcset=\"https:\/\/www.supercars.net\/blog\/wp-content\/uploads\/2016\/03\/1068088-1536.jpg 1536w, https:\/\/www.supercars.net\/blog\/wp-content\/uploads\/2016\/03\/1068088-1536-300x200.jpg 300w, https:\/\/www.supercars.net\/blog\/wp-content\/uploads\/2016\/03\/1068088-1536-1024x683.jpg 1024w, https:\/\/www.supercars.net\/blog\/wp-content\/uploads\/2016\/03\/1068088-1536-100x67.jpg 100w, https:\/\/www.supercars.net\/blog\/wp-content\/uploads\/2016\/03\/1068088-1536-770x513.jpg 770w, https:\/\/www.supercars.net\/blog\/wp-content\/uploads\/2016\/03\/1068088-1536-360x240.jpg 360w, https:\/\/www.supercars.net\/blog\/wp-content\/uploads\/2016\/03\/1068088-1536-1155x770.jpg 1155w, https:\/\/www.supercars.net\/blog\/wp-content\/uploads\/2016\/03\/1068088-1536-370x247.jpg 370w, https:\/\/www.supercars.net\/blog\/wp-content\/uploads\/2016\/03\/1068088-1536-293x195.jpg 293w, https:\/\/www.supercars.net\/blog\/wp-content\/uploads\/2016\/03\/1068088-1536-1400x933.jpg 1400w\" sizes=\"(max-width: 1536px) 100vw, 1536px\" \/>\r\n\t\t\t\t<\/a>\r\n            <\/div>\r\n                <div class='wp-caption-text gallery-caption'>\r\n                Nissan, Le Mans 24 Hours 2013.\n\nWorld Endurance Championship. \nRound Three, Le Mans, France. \n16th &#8211; 23rd June 2013. \n\nPhoto: Drew Gibson\r\n                <\/div><\/figure><figure class='gallery-item'>\r\n            <div class='gallery-icon landscape'>\r\n                <a href='https:\/\/www.supercars.net\/blog\/wp-content\/uploads\/2016\/03\/1068089-1536.jpg' class='tipi-lightbox'>\r\n\t\t\t\t<img decoding=\"async\" width=\"1536\" height=\"1024\" src=\"https:\/\/www.supercars.net\/blog\/wp-content\/uploads\/2016\/03\/1068089-1536.jpg\" class=\"attachment-full size-full\" alt=\"2013 24 Hours of Le Mans-2\" srcset=\"https:\/\/www.supercars.net\/blog\/wp-content\/uploads\/2016\/03\/1068089-1536.jpg 1536w, https:\/\/www.supercars.net\/blog\/wp-content\/uploads\/2016\/03\/1068089-1536-300x200.jpg 300w, https:\/\/www.supercars.net\/blog\/wp-content\/uploads\/2016\/03\/1068089-1536-1024x683.jpg 1024w, https:\/\/www.supercars.net\/blog\/wp-content\/uploads\/2016\/03\/1068089-1536-100x67.jpg 100w, https:\/\/www.supercars.net\/blog\/wp-content\/uploads\/2016\/03\/1068089-1536-770x513.jpg 770w, https:\/\/www.supercars.net\/blog\/wp-content\/uploads\/2016\/03\/1068089-1536-360x240.jpg 360w, https:\/\/www.supercars.net\/blog\/wp-content\/uploads\/2016\/03\/1068089-1536-1155x770.jpg 1155w, https:\/\/www.supercars.net\/blog\/wp-content\/uploads\/2016\/03\/1068089-1536-370x247.jpg 370w, https:\/\/www.supercars.net\/blog\/wp-content\/uploads\/2016\/03\/1068089-1536-293x195.jpg 293w, https:\/\/www.supercars.net\/blog\/wp-content\/uploads\/2016\/03\/1068089-1536-1400x933.jpg 1400w\" sizes=\"(max-width: 1536px) 100vw, 1536px\" \/>\r\n\t\t\t\t<\/a>\r\n            <\/div>\r\n                <div class='wp-caption-text gallery-caption'>\r\n                Nissan, Le Mans 24 Hours 2013.\n\nWorld Endurance Championship. \nRound Three, Le Mans, France. \n16th &#8211; 23rd June 2013. \n\nPhoto: Drew Gibson\r\n                <\/div><\/figure><figure class='gallery-item'>\r\n            <div class='gallery-icon landscape'>\r\n                <a href='https:\/\/www.supercars.net\/blog\/wp-content\/uploads\/2016\/03\/1068090-1536.jpg' class='tipi-lightbox'>\r\n\t\t\t\t<img decoding=\"async\" width=\"1536\" height=\"1024\" src=\"https:\/\/www.supercars.net\/blog\/wp-content\/uploads\/2016\/03\/1068090-1536.jpg\" class=\"attachment-full size-full\" alt=\"2013 24 Hours of Le Mans-2\" srcset=\"https:\/\/www.supercars.net\/blog\/wp-content\/uploads\/2016\/03\/1068090-1536.jpg 1536w, https:\/\/www.supercars.net\/blog\/wp-content\/uploads\/2016\/03\/1068090-1536-300x200.jpg 300w, https:\/\/www.supercars.net\/blog\/wp-content\/uploads\/2016\/03\/1068090-1536-1024x683.jpg 1024w, https:\/\/www.supercars.net\/blog\/wp-content\/uploads\/2016\/03\/1068090-1536-100x67.jpg 100w, https:\/\/www.supercars.net\/blog\/wp-content\/uploads\/2016\/03\/1068090-1536-770x513.jpg 770w, https:\/\/www.supercars.net\/blog\/wp-content\/uploads\/2016\/03\/1068090-1536-360x240.jpg 360w, https:\/\/www.supercars.net\/blog\/wp-content\/uploads\/2016\/03\/1068090-1536-1155x770.jpg 1155w, https:\/\/www.supercars.net\/blog\/wp-content\/uploads\/2016\/03\/1068090-1536-370x247.jpg 370w, https:\/\/www.supercars.net\/blog\/wp-content\/uploads\/2016\/03\/1068090-1536-293x195.jpg 293w, https:\/\/www.supercars.net\/blog\/wp-content\/uploads\/2016\/03\/1068090-1536-1400x933.jpg 1400w\" sizes=\"(max-width: 1536px) 100vw, 1536px\" \/>\r\n\t\t\t\t<\/a>\r\n            <\/div>\r\n                <div class='wp-caption-text gallery-caption'>\r\n                MOTORSPORT &#8211; WEC 2013 &#8211; WORLD ENDURANCE CHAMPIONSHIP 2013 &#8211;  24H DU MANS &#8211; CIRCUIT DES 24H DU MANS (FRA) &#8211; 16 TO 21\/06\/2013 &#8211; PHOTO : JEAN-MICHEL LE MEUR \/ DPPI &#8211; \n24 PLA OLIVIER (FRA) &#8211; BRUNDLE ALEX (GBR) &#8211; HEINEMEIER HANSSON (DNK) \/ WEC LMP2 \/ MORGAN NISSAN TEAM OAK RACING \/ ACTION\r\n                <\/div><\/figure><figure class='gallery-item'>\r\n            <div class='gallery-icon landscape'>\r\n                <a href='https:\/\/www.supercars.net\/blog\/wp-content\/uploads\/2016\/03\/1068091-1536.jpg' class='tipi-lightbox'>\r\n\t\t\t\t<img decoding=\"async\" width=\"1536\" height=\"1024\" src=\"https:\/\/www.supercars.net\/blog\/wp-content\/uploads\/2016\/03\/1068091-1536.jpg\" class=\"attachment-full size-full\" alt=\"2013 24 Hours of Le Mans-2\" srcset=\"https:\/\/www.supercars.net\/blog\/wp-content\/uploads\/2016\/03\/1068091-1536.jpg 1536w, https:\/\/www.supercars.net\/blog\/wp-content\/uploads\/2016\/03\/1068091-1536-300x200.jpg 300w, https:\/\/www.supercars.net\/blog\/wp-content\/uploads\/2016\/03\/1068091-1536-1024x683.jpg 1024w, https:\/\/www.supercars.net\/blog\/wp-content\/uploads\/2016\/03\/1068091-1536-100x67.jpg 100w, https:\/\/www.supercars.net\/blog\/wp-content\/uploads\/2016\/03\/1068091-1536-770x513.jpg 770w, https:\/\/www.supercars.net\/blog\/wp-content\/uploads\/2016\/03\/1068091-1536-360x240.jpg 360w, https:\/\/www.supercars.net\/blog\/wp-content\/uploads\/2016\/03\/1068091-1536-1155x770.jpg 1155w, https:\/\/www.supercars.net\/blog\/wp-content\/uploads\/2016\/03\/1068091-1536-370x247.jpg 370w, https:\/\/www.supercars.net\/blog\/wp-content\/uploads\/2016\/03\/1068091-1536-293x195.jpg 293w, https:\/\/www.supercars.net\/blog\/wp-content\/uploads\/2016\/03\/1068091-1536-1400x933.jpg 1400w\" sizes=\"(max-width: 1536px) 100vw, 1536px\" \/>\r\n\t\t\t\t<\/a>\r\n            <\/div>\r\n                <div class='wp-caption-text gallery-caption'>\r\n                Nissan, Le Mans 24 Hours 2013.\n\nWorld Endurance Championship. \nRound Three, Le Mans, France. \n16th &#8211; 23rd June 2013. \n\nPhoto: Drew Gibson\r\n                <\/div><\/figure><figure class='gallery-item'>\r\n            <div class='gallery-icon landscape'>\r\n                <a href='https:\/\/www.supercars.net\/blog\/wp-content\/uploads\/2016\/03\/1068092-1536.jpg' class='tipi-lightbox'>\r\n\t\t\t\t<img decoding=\"async\" width=\"1536\" height=\"1024\" src=\"https:\/\/www.supercars.net\/blog\/wp-content\/uploads\/2016\/03\/1068092-1536.jpg\" class=\"attachment-full size-full\" alt=\"2013 24 Hours of Le Mans-2\" srcset=\"https:\/\/www.supercars.net\/blog\/wp-content\/uploads\/2016\/03\/1068092-1536.jpg 1536w, https:\/\/www.supercars.net\/blog\/wp-content\/uploads\/2016\/03\/1068092-1536-300x200.jpg 300w, https:\/\/www.supercars.net\/blog\/wp-content\/uploads\/2016\/03\/1068092-1536-1024x683.jpg 1024w, https:\/\/www.supercars.net\/blog\/wp-content\/uploads\/2016\/03\/1068092-1536-100x67.jpg 100w, https:\/\/www.supercars.net\/blog\/wp-content\/uploads\/2016\/03\/1068092-1536-770x513.jpg 770w, https:\/\/www.supercars.net\/blog\/wp-content\/uploads\/2016\/03\/1068092-1536-360x240.jpg 360w, https:\/\/www.supercars.net\/blog\/wp-content\/uploads\/2016\/03\/1068092-1536-1155x770.jpg 1155w, https:\/\/www.supercars.net\/blog\/wp-content\/uploads\/2016\/03\/1068092-1536-370x247.jpg 370w, https:\/\/www.supercars.net\/blog\/wp-content\/uploads\/2016\/03\/1068092-1536-293x195.jpg 293w, https:\/\/www.supercars.net\/blog\/wp-content\/uploads\/2016\/03\/1068092-1536-1400x933.jpg 1400w\" sizes=\"(max-width: 1536px) 100vw, 1536px\" \/>\r\n\t\t\t\t<\/a>\r\n            <\/div>\r\n                <div class='wp-caption-text gallery-caption'>\r\n                Nissan, Le Mans 24 Hours 2013.\n\nWorld Endurance Championship. \nRound Three, Le Mans, France. \n16th &#8211; 23rd June 2013. \n\nPhoto: Drew Gibson\r\n                <\/div><\/figure><figure class='gallery-item'>\r\n            <div class='gallery-icon landscape'>\r\n                <a href='https:\/\/www.supercars.net\/blog\/wp-content\/uploads\/2016\/03\/1068093-1536.jpg' class='tipi-lightbox'>\r\n\t\t\t\t<img decoding=\"async\" width=\"1536\" height=\"1024\" src=\"https:\/\/www.supercars.net\/blog\/wp-content\/uploads\/2016\/03\/1068093-1536.jpg\" class=\"attachment-full size-full\" alt=\"2013 24 Hours of Le Mans-2\" srcset=\"https:\/\/www.supercars.net\/blog\/wp-content\/uploads\/2016\/03\/1068093-1536.jpg 1536w, https:\/\/www.supercars.net\/blog\/wp-content\/uploads\/2016\/03\/1068093-1536-300x200.jpg 300w, https:\/\/www.supercars.net\/blog\/wp-content\/uploads\/2016\/03\/1068093-1536-1024x683.jpg 1024w, https:\/\/www.supercars.net\/blog\/wp-content\/uploads\/2016\/03\/1068093-1536-100x67.jpg 100w, https:\/\/www.supercars.net\/blog\/wp-content\/uploads\/2016\/03\/1068093-1536-770x513.jpg 770w, https:\/\/www.supercars.net\/blog\/wp-content\/uploads\/2016\/03\/1068093-1536-360x240.jpg 360w, https:\/\/www.supercars.net\/blog\/wp-content\/uploads\/2016\/03\/1068093-1536-1155x770.jpg 1155w, https:\/\/www.supercars.net\/blog\/wp-content\/uploads\/2016\/03\/1068093-1536-370x247.jpg 370w, https:\/\/www.supercars.net\/blog\/wp-content\/uploads\/2016\/03\/1068093-1536-293x195.jpg 293w, https:\/\/www.supercars.net\/blog\/wp-content\/uploads\/2016\/03\/1068093-1536-1400x933.jpg 1400w\" sizes=\"(max-width: 1536px) 100vw, 1536px\" \/>\r\n\t\t\t\t<\/a>\r\n            <\/div>\r\n                <div class='wp-caption-text gallery-caption'>\r\n                Nissan, Le Mans 24 Hours 2013.\n\nWorld Endurance Championship. \nRound Three, Le Mans, France. \n16th &#8211; 23rd June 2013. \n\nPhoto: Drew Gibson\r\n                <\/div><\/figure><figure class='gallery-item'>\r\n            <div class='gallery-icon landscape'>\r\n                <a href='https:\/\/www.supercars.net\/blog\/wp-content\/uploads\/2016\/03\/1068094-1536.jpg' class='tipi-lightbox'>\r\n\t\t\t\t<img decoding=\"async\" width=\"1536\" height=\"1024\" src=\"https:\/\/www.supercars.net\/blog\/wp-content\/uploads\/2016\/03\/1068094-1536.jpg\" class=\"attachment-full size-full\" alt=\"2013 24 Hours of Le Mans-2\" srcset=\"https:\/\/www.supercars.net\/blog\/wp-content\/uploads\/2016\/03\/1068094-1536.jpg 1536w, https:\/\/www.supercars.net\/blog\/wp-content\/uploads\/2016\/03\/1068094-1536-300x200.jpg 300w, https:\/\/www.supercars.net\/blog\/wp-content\/uploads\/2016\/03\/1068094-1536-1024x683.jpg 1024w, https:\/\/www.supercars.net\/blog\/wp-content\/uploads\/2016\/03\/1068094-1536-100x67.jpg 100w, https:\/\/www.supercars.net\/blog\/wp-content\/uploads\/2016\/03\/1068094-1536-770x513.jpg 770w, https:\/\/www.supercars.net\/blog\/wp-content\/uploads\/2016\/03\/1068094-1536-360x240.jpg 360w, https:\/\/www.supercars.net\/blog\/wp-content\/uploads\/2016\/03\/1068094-1536-1155x770.jpg 1155w, https:\/\/www.supercars.net\/blog\/wp-content\/uploads\/2016\/03\/1068094-1536-370x247.jpg 370w, https:\/\/www.supercars.net\/blog\/wp-content\/uploads\/2016\/03\/1068094-1536-293x195.jpg 293w, https:\/\/www.supercars.net\/blog\/wp-content\/uploads\/2016\/03\/1068094-1536-1400x933.jpg 1400w\" sizes=\"(max-width: 1536px) 100vw, 1536px\" \/>\r\n\t\t\t\t<\/a>\r\n            <\/div>\r\n                <div class='wp-caption-text gallery-caption'>\r\n                MOTORSPORT &#8211; WEC 2013 &#8211; WORLD ENDURANCE CHAMPIONSHIP 2013 &#8211;  24H DU MANS &#8211; CIRCUIT DES 24H DU MANS (FRA) &#8211; 16 TO 21\/06\/2013 &#8211; PHOTO : FRANCOIS FLAMAND \/ DPPI &#8211;\r\n                <\/div><\/figure><figure class='gallery-item'>\r\n            <div class='gallery-icon landscape'>\r\n                <a href='https:\/\/www.supercars.net\/blog\/wp-content\/uploads\/2016\/03\/1068095-1536.jpg' class='tipi-lightbox'>\r\n\t\t\t\t<img decoding=\"async\" width=\"1536\" height=\"1024\" src=\"https:\/\/www.supercars.net\/blog\/wp-content\/uploads\/2016\/03\/1068095-1536.jpg\" class=\"attachment-full size-full\" alt=\"2013 24 Hours of Le Mans-2\" srcset=\"https:\/\/www.supercars.net\/blog\/wp-content\/uploads\/2016\/03\/1068095-1536.jpg 1536w, https:\/\/www.supercars.net\/blog\/wp-content\/uploads\/2016\/03\/1068095-1536-300x200.jpg 300w, https:\/\/www.supercars.net\/blog\/wp-content\/uploads\/2016\/03\/1068095-1536-1024x683.jpg 1024w, https:\/\/www.supercars.net\/blog\/wp-content\/uploads\/2016\/03\/1068095-1536-100x67.jpg 100w, https:\/\/www.supercars.net\/blog\/wp-content\/uploads\/2016\/03\/1068095-1536-770x513.jpg 770w, https:\/\/www.supercars.net\/blog\/wp-content\/uploads\/2016\/03\/1068095-1536-360x240.jpg 360w, https:\/\/www.supercars.net\/blog\/wp-content\/uploads\/2016\/03\/1068095-1536-1155x770.jpg 1155w, https:\/\/www.supercars.net\/blog\/wp-content\/uploads\/2016\/03\/1068095-1536-370x247.jpg 370w, https:\/\/www.supercars.net\/blog\/wp-content\/uploads\/2016\/03\/1068095-1536-293x195.jpg 293w, https:\/\/www.supercars.net\/blog\/wp-content\/uploads\/2016\/03\/1068095-1536-1400x933.jpg 1400w\" sizes=\"(max-width: 1536px) 100vw, 1536px\" \/>\r\n\t\t\t\t<\/a>\r\n            <\/div>\r\n                <div class='wp-caption-text gallery-caption'>\r\n                MOTORSPORT &#8211; WEC 2013 &#8211; WORLD ENDURANCE CHAMPIONSHIP 2013 &#8211;  24H DU MANS &#8211; CIRCUIT DES 24H DU MANS (FRA) &#8211; 16 TO 21\/06\/2013 &#8211; PHOTO : JEAN-MICHEL LE MEUR \/ DPPI &#8211; \n35 BAGUETTE BERTRAND (BEL) &#8211; GONZALEZ RICARDO (MEX) &#8211; PLOWMAN MARTIN (GBR) \/ WEC LMP2 \/ MORGAN NISSAN TEAM OAK RACING \/ ACTION\r\n                <\/div><\/figure><figure class='gallery-item'>\r\n            <div class='gallery-icon landscape'>\r\n                <a href='https:\/\/www.supercars.net\/blog\/wp-content\/uploads\/2016\/03\/1068096-1536.jpg' class='tipi-lightbox'>\r\n\t\t\t\t<img decoding=\"async\" width=\"1536\" height=\"1024\" src=\"https:\/\/www.supercars.net\/blog\/wp-content\/uploads\/2016\/03\/1068096-1536.jpg\" class=\"attachment-full size-full\" alt=\"2013 24 Hours of Le Mans-2\" srcset=\"https:\/\/www.supercars.net\/blog\/wp-content\/uploads\/2016\/03\/1068096-1536.jpg 1536w, https:\/\/www.supercars.net\/blog\/wp-content\/uploads\/2016\/03\/1068096-1536-300x200.jpg 300w, https:\/\/www.supercars.net\/blog\/wp-content\/uploads\/2016\/03\/1068096-1536-1024x683.jpg 1024w, https:\/\/www.supercars.net\/blog\/wp-content\/uploads\/2016\/03\/1068096-1536-100x67.jpg 100w, https:\/\/www.supercars.net\/blog\/wp-content\/uploads\/2016\/03\/1068096-1536-770x513.jpg 770w, https:\/\/www.supercars.net\/blog\/wp-content\/uploads\/2016\/03\/1068096-1536-360x240.jpg 360w, https:\/\/www.supercars.net\/blog\/wp-content\/uploads\/2016\/03\/1068096-1536-1155x770.jpg 1155w, https:\/\/www.supercars.net\/blog\/wp-content\/uploads\/2016\/03\/1068096-1536-370x247.jpg 370w, https:\/\/www.supercars.net\/blog\/wp-content\/uploads\/2016\/03\/1068096-1536-293x195.jpg 293w, https:\/\/www.supercars.net\/blog\/wp-content\/uploads\/2016\/03\/1068096-1536-1400x933.jpg 1400w\" sizes=\"(max-width: 1536px) 100vw, 1536px\" \/>\r\n\t\t\t\t<\/a>\r\n            <\/div>\r\n                <div class='wp-caption-text gallery-caption'>\r\n                MOTORSPORT &#8211; WEC 2013 &#8211; WORLD ENDURANCE CHAMPIONSHIP 2013 &#8211;  24H DU MANS &#8211; CIRCUIT DES 24H DU MANS (FRA) &#8211; 16 TO 21\/06\/2013 &#8211; PHOTO : JEAN-MICHEL LE MEUR \/ DPPI &#8211; \n24 PLA OLIVIER (FRA) &#8211; BRUNDLE ALEX (GBR) &#8211; HEINEMEIER HANSSON (DNK) \/ WEC LMP2 \/ MORGAN NISSAN TEAM OAK RACING \/ ACTION\r\n                <\/div><\/figure><figure class='gallery-item'>\r\n            <div class='gallery-icon landscape'>\r\n                <a href='https:\/\/www.supercars.net\/blog\/wp-content\/uploads\/2016\/03\/1068097-1536.jpg' class='tipi-lightbox'>\r\n\t\t\t\t<img decoding=\"async\" width=\"1536\" height=\"1024\" src=\"https:\/\/www.supercars.net\/blog\/wp-content\/uploads\/2016\/03\/1068097-1536.jpg\" class=\"attachment-full size-full\" alt=\"2013 24 Hours of Le Mans-2\" srcset=\"https:\/\/www.supercars.net\/blog\/wp-content\/uploads\/2016\/03\/1068097-1536.jpg 1536w, https:\/\/www.supercars.net\/blog\/wp-content\/uploads\/2016\/03\/1068097-1536-300x200.jpg 300w, https:\/\/www.supercars.net\/blog\/wp-content\/uploads\/2016\/03\/1068097-1536-1024x683.jpg 1024w, https:\/\/www.supercars.net\/blog\/wp-content\/uploads\/2016\/03\/1068097-1536-100x67.jpg 100w, https:\/\/www.supercars.net\/blog\/wp-content\/uploads\/2016\/03\/1068097-1536-770x513.jpg 770w, https:\/\/www.supercars.net\/blog\/wp-content\/uploads\/2016\/03\/1068097-1536-360x240.jpg 360w, https:\/\/www.supercars.net\/blog\/wp-content\/uploads\/2016\/03\/1068097-1536-1155x770.jpg 1155w, https:\/\/www.supercars.net\/blog\/wp-content\/uploads\/2016\/03\/1068097-1536-370x247.jpg 370w, https:\/\/www.supercars.net\/blog\/wp-content\/uploads\/2016\/03\/1068097-1536-293x195.jpg 293w, https:\/\/www.supercars.net\/blog\/wp-content\/uploads\/2016\/03\/1068097-1536-1400x933.jpg 1400w\" sizes=\"(max-width: 1536px) 100vw, 1536px\" \/>\r\n\t\t\t\t<\/a>\r\n            <\/div>\r\n                <div class='wp-caption-text gallery-caption'>\r\n                MOTORSPORT &#8211; WEC 2013 &#8211; WORLD ENDURANCE CHAMPIONSHIP 2013 &#8211;  24H DU MANS &#8211; CIRCUIT DES 24H DU MANS (FRA) &#8211; 16 TO 21\/06\/2013 &#8211; PHOTO : JEAN-MICHEL LE MEUR \/ DPPI &#8211; \n45 JACQUES NICOLET (FRA) &#8211; MERLIN JEAN MARC &#8211; MONDOLOT PHILIPPE \/ (FRA) \/ WEC LMP2 \/ MORGAN NISSAN TEAM OAK RACING \/ ACTION\r\n                <\/div><\/figure><figure class='gallery-item'>\r\n            <div class='gallery-icon landscape'>\r\n                <a href='https:\/\/www.supercars.net\/blog\/wp-content\/uploads\/2016\/03\/1068122-1536.jpg' class='tipi-lightbox'>\r\n\t\t\t\t<img decoding=\"async\" width=\"1536\" height=\"1024\" src=\"https:\/\/www.supercars.net\/blog\/wp-content\/uploads\/2016\/03\/1068122-1536.jpg\" class=\"attachment-full size-full\" alt=\"2013 24 Hours of Le Mans-2\" srcset=\"https:\/\/www.supercars.net\/blog\/wp-content\/uploads\/2016\/03\/1068122-1536.jpg 1536w, https:\/\/www.supercars.net\/blog\/wp-content\/uploads\/2016\/03\/1068122-1536-300x200.jpg 300w, https:\/\/www.supercars.net\/blog\/wp-content\/uploads\/2016\/03\/1068122-1536-1024x683.jpg 1024w, https:\/\/www.supercars.net\/blog\/wp-content\/uploads\/2016\/03\/1068122-1536-100x67.jpg 100w, https:\/\/www.supercars.net\/blog\/wp-content\/uploads\/2016\/03\/1068122-1536-770x513.jpg 770w, https:\/\/www.supercars.net\/blog\/wp-content\/uploads\/2016\/03\/1068122-1536-360x240.jpg 360w, https:\/\/www.supercars.net\/blog\/wp-content\/uploads\/2016\/03\/1068122-1536-1155x770.jpg 1155w, https:\/\/www.supercars.net\/blog\/wp-content\/uploads\/2016\/03\/1068122-1536-370x247.jpg 370w, https:\/\/www.supercars.net\/blog\/wp-content\/uploads\/2016\/03\/1068122-1536-293x195.jpg 293w, https:\/\/www.supercars.net\/blog\/wp-content\/uploads\/2016\/03\/1068122-1536-1400x933.jpg 1400w\" sizes=\"(max-width: 1536px) 100vw, 1536px\" \/>\r\n\t\t\t\t<\/a>\r\n            <\/div>\r\n                <div class='wp-caption-text gallery-caption'>\r\n                Le Mans 24 Hours. 16th- 23rd June 2013. \nLe Mans, France.\r\n                <\/div><\/figure><figure class='gallery-item'>\r\n            <div class='gallery-icon landscape'>\r\n                <a href='https:\/\/www.supercars.net\/blog\/wp-content\/uploads\/2016\/03\/1068130-1536.jpg' class='tipi-lightbox'>\r\n\t\t\t\t<img decoding=\"async\" width=\"1536\" height=\"1024\" src=\"https:\/\/www.supercars.net\/blog\/wp-content\/uploads\/2016\/03\/1068130-1536.jpg\" class=\"attachment-full size-full\" alt=\"2013 24 Hours of Le Mans-2\" srcset=\"https:\/\/www.supercars.net\/blog\/wp-content\/uploads\/2016\/03\/1068130-1536.jpg 1536w, https:\/\/www.supercars.net\/blog\/wp-content\/uploads\/2016\/03\/1068130-1536-300x200.jpg 300w, https:\/\/www.supercars.net\/blog\/wp-content\/uploads\/2016\/03\/1068130-1536-1024x683.jpg 1024w, https:\/\/www.supercars.net\/blog\/wp-content\/uploads\/2016\/03\/1068130-1536-100x67.jpg 100w, https:\/\/www.supercars.net\/blog\/wp-content\/uploads\/2016\/03\/1068130-1536-770x513.jpg 770w, https:\/\/www.supercars.net\/blog\/wp-content\/uploads\/2016\/03\/1068130-1536-360x240.jpg 360w, https:\/\/www.supercars.net\/blog\/wp-content\/uploads\/2016\/03\/1068130-1536-1155x770.jpg 1155w, https:\/\/www.supercars.net\/blog\/wp-content\/uploads\/2016\/03\/1068130-1536-370x247.jpg 370w, https:\/\/www.supercars.net\/blog\/wp-content\/uploads\/2016\/03\/1068130-1536-293x195.jpg 293w, https:\/\/www.supercars.net\/blog\/wp-content\/uploads\/2016\/03\/1068130-1536-1400x933.jpg 1400w\" sizes=\"(max-width: 1536px) 100vw, 1536px\" \/>\r\n\t\t\t\t<\/a>\r\n            <\/div>\r\n                <div class='wp-caption-text gallery-caption'>\r\n                MOTORSPORT &#8211; WEC 2013 &#8211; WORLD ENDURANCE CHAMPIONSHIP 2013 &#8211;  24H DU MANS &#8211; CIRCUIT DES 24H DU MANS (FRA) &#8211; 16 TO 21\/06\/2013 &#8211; PHOTO : JEAN-MICHEL LE MEUR \/ DPPI &#8211; \n36 PANCIATICI NELSON (FRA) &#8211; RAGUES PIERRE (FRA) &#8211; GOMMENDY TRISTAN (FRA) \/ ALPINE A450 NISSAN TEAM SIGNATECH ALPINE \/ ACTION\r\n                <\/div><\/figure><figure class='gallery-item'>\r\n            <div class='gallery-icon landscape'>\r\n                <a href='https:\/\/www.supercars.net\/blog\/wp-content\/uploads\/2016\/03\/1068131-1536.jpg' class='tipi-lightbox'>\r\n\t\t\t\t<img decoding=\"async\" width=\"1536\" height=\"1024\" src=\"https:\/\/www.supercars.net\/blog\/wp-content\/uploads\/2016\/03\/1068131-1536.jpg\" class=\"attachment-full size-full\" alt=\"2013 24 Hours of Le Mans-2\" srcset=\"https:\/\/www.supercars.net\/blog\/wp-content\/uploads\/2016\/03\/1068131-1536.jpg 1536w, https:\/\/www.supercars.net\/blog\/wp-content\/uploads\/2016\/03\/1068131-1536-300x200.jpg 300w, https:\/\/www.supercars.net\/blog\/wp-content\/uploads\/2016\/03\/1068131-1536-1024x683.jpg 1024w, https:\/\/www.supercars.net\/blog\/wp-content\/uploads\/2016\/03\/1068131-1536-100x67.jpg 100w, https:\/\/www.supercars.net\/blog\/wp-content\/uploads\/2016\/03\/1068131-1536-770x513.jpg 770w, https:\/\/www.supercars.net\/blog\/wp-content\/uploads\/2016\/03\/1068131-1536-360x240.jpg 360w, https:\/\/www.supercars.net\/blog\/wp-content\/uploads\/2016\/03\/1068131-1536-1155x770.jpg 1155w, https:\/\/www.supercars.net\/blog\/wp-content\/uploads\/2016\/03\/1068131-1536-370x247.jpg 370w, https:\/\/www.supercars.net\/blog\/wp-content\/uploads\/2016\/03\/1068131-1536-293x195.jpg 293w, https:\/\/www.supercars.net\/blog\/wp-content\/uploads\/2016\/03\/1068131-1536-1400x933.jpg 1400w\" sizes=\"(max-width: 1536px) 100vw, 1536px\" \/>\r\n\t\t\t\t<\/a>\r\n            <\/div>\r\n                <div class='wp-caption-text gallery-caption'>\r\n                MOTORSPORT &#8211; WEC 2013 &#8211; WORLD ENDURANCE CHAMPIONSHIP 2013 &#8211;  24H DU MANS &#8211; CIRCUIT DES 24H DU MANS (FRA) &#8211; 16 TO 21\/06\/2013 &#8211; PHOTO : FRANCOIS FLAMAND \/ DPPI &#8211; \n36 PANCIATICI NELSON (FRA) &#8211; RAGUES PIERRE (FRA) &#8211; GOMMENDY TRISTAN (FRA) \/ ALPINE A450 NISSAN TEAM SIGNATECH ALPINE \/ ACTION\r\n                <\/div><\/figure><figure class='gallery-item'>\r\n            <div class='gallery-icon landscape'>\r\n                <a href='https:\/\/www.supercars.net\/blog\/wp-content\/uploads\/2016\/03\/1068132-1536.jpg' class='tipi-lightbox'>\r\n\t\t\t\t<img decoding=\"async\" width=\"1536\" height=\"1024\" src=\"https:\/\/www.supercars.net\/blog\/wp-content\/uploads\/2016\/03\/1068132-1536.jpg\" class=\"attachment-full size-full\" alt=\"2013 24 Hours of Le Mans-2\" srcset=\"https:\/\/www.supercars.net\/blog\/wp-content\/uploads\/2016\/03\/1068132-1536.jpg 1536w, https:\/\/www.supercars.net\/blog\/wp-content\/uploads\/2016\/03\/1068132-1536-300x200.jpg 300w, https:\/\/www.supercars.net\/blog\/wp-content\/uploads\/2016\/03\/1068132-1536-1024x683.jpg 1024w, https:\/\/www.supercars.net\/blog\/wp-content\/uploads\/2016\/03\/1068132-1536-100x67.jpg 100w, https:\/\/www.supercars.net\/blog\/wp-content\/uploads\/2016\/03\/1068132-1536-770x513.jpg 770w, https:\/\/www.supercars.net\/blog\/wp-content\/uploads\/2016\/03\/1068132-1536-360x240.jpg 360w, https:\/\/www.supercars.net\/blog\/wp-content\/uploads\/2016\/03\/1068132-1536-1155x770.jpg 1155w, https:\/\/www.supercars.net\/blog\/wp-content\/uploads\/2016\/03\/1068132-1536-370x247.jpg 370w, https:\/\/www.supercars.net\/blog\/wp-content\/uploads\/2016\/03\/1068132-1536-293x195.jpg 293w, https:\/\/www.supercars.net\/blog\/wp-content\/uploads\/2016\/03\/1068132-1536-1400x933.jpg 1400w\" sizes=\"(max-width: 1536px) 100vw, 1536px\" \/>\r\n\t\t\t\t<\/a>\r\n            <\/div>\r\n                <div class='wp-caption-text gallery-caption'>\r\n                MOTORSPORT &#8211; WEC 2013 &#8211; WORLD ENDURANCE CHAMPIONSHIP 2013 &#8211;  24H DU MANS &#8211; CIRCUIT DES 24H DU MANS (FRA) &#8211; 22 TO 23\/06\/2013 &#8211; PHOTO : ALEXANDRE GUILLAUMOT \/ DPPI &#8211; \n36 PANCIATICI NELSON (FRA) &#8211; RAGUES PIERRE (FRA) &#8211; GOMMENDY TRISTAN (FRA) \/ ALPINE A450 NISSAN TEAM SIGNATECH ALPINE \/ ACTION\r\n                <\/div><\/figure><figure class='gallery-item'>\r\n            <div class='gallery-icon landscape'>\r\n                <a href='https:\/\/www.supercars.net\/blog\/wp-content\/uploads\/2016\/03\/1068137-1536.jpg' class='tipi-lightbox'>\r\n\t\t\t\t<img decoding=\"async\" width=\"1536\" height=\"1024\" src=\"https:\/\/www.supercars.net\/blog\/wp-content\/uploads\/2016\/03\/1068137-1536.jpg\" class=\"attachment-full size-full\" alt=\"2013 24 Hours of Le Mans-2\" srcset=\"https:\/\/www.supercars.net\/blog\/wp-content\/uploads\/2016\/03\/1068137-1536.jpg 1536w, https:\/\/www.supercars.net\/blog\/wp-content\/uploads\/2016\/03\/1068137-1536-300x200.jpg 300w, https:\/\/www.supercars.net\/blog\/wp-content\/uploads\/2016\/03\/1068137-1536-1024x683.jpg 1024w, https:\/\/www.supercars.net\/blog\/wp-content\/uploads\/2016\/03\/1068137-1536-100x67.jpg 100w, https:\/\/www.supercars.net\/blog\/wp-content\/uploads\/2016\/03\/1068137-1536-770x513.jpg 770w, https:\/\/www.supercars.net\/blog\/wp-content\/uploads\/2016\/03\/1068137-1536-360x240.jpg 360w, https:\/\/www.supercars.net\/blog\/wp-content\/uploads\/2016\/03\/1068137-1536-1155x770.jpg 1155w, https:\/\/www.supercars.net\/blog\/wp-content\/uploads\/2016\/03\/1068137-1536-370x247.jpg 370w, https:\/\/www.supercars.net\/blog\/wp-content\/uploads\/2016\/03\/1068137-1536-293x195.jpg 293w, https:\/\/www.supercars.net\/blog\/wp-content\/uploads\/2016\/03\/1068137-1536-1400x933.jpg 1400w\" sizes=\"(max-width: 1536px) 100vw, 1536px\" \/>\r\n\t\t\t\t<\/a>\r\n            <\/div>\r\n                <div class='wp-caption-text gallery-caption'>\r\n                MOTORSPORT &#8211; WEC 2013 &#8211; WORLD ENDURANCE CHAMPIONSHIP 2013 &#8211;  24H DU MANS &#8211; CIRCUIT DES 24H DU MANS (FRA) &#8211; 22 TO 23\/06\/2013 &#8211; PHOTO : ALEXANDRE GUILLAUMOT \/ DPPI &#8211; \n36 PANCIATICI NELSON (FRA) &#8211; RAGUES PIERRE (FRA) &#8211; GOMMENDY TRISTAN (FRA) \/ ALPINE A450 NISSAN TEAM SIGNATECH ALPINE \/ ACTION\r\n                <\/div><\/figure><figure class='gallery-item'>\r\n            <div class='gallery-icon landscape'>\r\n                <a href='https:\/\/www.supercars.net\/blog\/wp-content\/uploads\/2016\/03\/1068138-1536.jpg' class='tipi-lightbox'>\r\n\t\t\t\t<img decoding=\"async\" width=\"1536\" height=\"1024\" src=\"https:\/\/www.supercars.net\/blog\/wp-content\/uploads\/2016\/03\/1068138-1536.jpg\" class=\"attachment-full size-full\" alt=\"2013 24 Hours of Le Mans-2\" srcset=\"https:\/\/www.supercars.net\/blog\/wp-content\/uploads\/2016\/03\/1068138-1536.jpg 1536w, https:\/\/www.supercars.net\/blog\/wp-content\/uploads\/2016\/03\/1068138-1536-300x200.jpg 300w, https:\/\/www.supercars.net\/blog\/wp-content\/uploads\/2016\/03\/1068138-1536-1024x683.jpg 1024w, https:\/\/www.supercars.net\/blog\/wp-content\/uploads\/2016\/03\/1068138-1536-100x67.jpg 100w, https:\/\/www.supercars.net\/blog\/wp-content\/uploads\/2016\/03\/1068138-1536-770x513.jpg 770w, https:\/\/www.supercars.net\/blog\/wp-content\/uploads\/2016\/03\/1068138-1536-360x240.jpg 360w, https:\/\/www.supercars.net\/blog\/wp-content\/uploads\/2016\/03\/1068138-1536-1155x770.jpg 1155w, https:\/\/www.supercars.net\/blog\/wp-content\/uploads\/2016\/03\/1068138-1536-370x247.jpg 370w, https:\/\/www.supercars.net\/blog\/wp-content\/uploads\/2016\/03\/1068138-1536-293x195.jpg 293w, https:\/\/www.supercars.net\/blog\/wp-content\/uploads\/2016\/03\/1068138-1536-1400x933.jpg 1400w\" sizes=\"(max-width: 1536px) 100vw, 1536px\" \/>\r\n\t\t\t\t<\/a>\r\n            <\/div>\r\n                <div class='wp-caption-text gallery-caption'>\r\n                MOTORSPORT &#8211; WEC 2013 &#8211; WORLD ENDURANCE CHAMPIONSHIP 2013 &#8211;  24H DU MANS &#8211; CIRCUIT DES 24H DU MANS (FRA) &#8211; 22 TO 23\/06\/2013 &#8211; PHOTO : ALEXANDRE GUILLAUMOT \/ DPPI &#8211; \n36 PANCIATICI NELSON (FRA) &#8211; RAGUES PIERRE (FRA) &#8211; GOMMENDY TRISTAN (FRA) \/ ALPINE A450 NISSAN TEAM SIGNATECH ALPINE \/ ACTION\r\n                <\/div><\/figure><figure class='gallery-item'>\r\n            <div class='gallery-icon landscape'>\r\n                <a href='https:\/\/www.supercars.net\/blog\/wp-content\/uploads\/2016\/03\/1068145-1536.jpg' class='tipi-lightbox'>\r\n\t\t\t\t<img decoding=\"async\" width=\"1536\" height=\"1024\" src=\"https:\/\/www.supercars.net\/blog\/wp-content\/uploads\/2016\/03\/1068145-1536.jpg\" class=\"attachment-full size-full\" alt=\"2013 24 Hours of Le Mans-2\" srcset=\"https:\/\/www.supercars.net\/blog\/wp-content\/uploads\/2016\/03\/1068145-1536.jpg 1536w, https:\/\/www.supercars.net\/blog\/wp-content\/uploads\/2016\/03\/1068145-1536-300x200.jpg 300w, https:\/\/www.supercars.net\/blog\/wp-content\/uploads\/2016\/03\/1068145-1536-1024x683.jpg 1024w, https:\/\/www.supercars.net\/blog\/wp-content\/uploads\/2016\/03\/1068145-1536-100x67.jpg 100w, https:\/\/www.supercars.net\/blog\/wp-content\/uploads\/2016\/03\/1068145-1536-770x513.jpg 770w, https:\/\/www.supercars.net\/blog\/wp-content\/uploads\/2016\/03\/1068145-1536-360x240.jpg 360w, https:\/\/www.supercars.net\/blog\/wp-content\/uploads\/2016\/03\/1068145-1536-1155x770.jpg 1155w, https:\/\/www.supercars.net\/blog\/wp-content\/uploads\/2016\/03\/1068145-1536-370x247.jpg 370w, https:\/\/www.supercars.net\/blog\/wp-content\/uploads\/2016\/03\/1068145-1536-293x195.jpg 293w, https:\/\/www.supercars.net\/blog\/wp-content\/uploads\/2016\/03\/1068145-1536-1400x933.jpg 1400w\" sizes=\"(max-width: 1536px) 100vw, 1536px\" \/>\r\n\t\t\t\t<\/a>\r\n            <\/div><\/figure><figure class='gallery-item'>\r\n            <div class='gallery-icon landscape'>\r\n                <a href='https:\/\/www.supercars.net\/blog\/wp-content\/uploads\/2016\/03\/1068147-1536.jpg' class='tipi-lightbox'>\r\n\t\t\t\t<img decoding=\"async\" width=\"1536\" height=\"1024\" src=\"https:\/\/www.supercars.net\/blog\/wp-content\/uploads\/2016\/03\/1068147-1536.jpg\" class=\"attachment-full size-full\" alt=\"2013 24 Hours of Le Mans-2\" srcset=\"https:\/\/www.supercars.net\/blog\/wp-content\/uploads\/2016\/03\/1068147-1536.jpg 1536w, https:\/\/www.supercars.net\/blog\/wp-content\/uploads\/2016\/03\/1068147-1536-300x200.jpg 300w, https:\/\/www.supercars.net\/blog\/wp-content\/uploads\/2016\/03\/1068147-1536-1024x683.jpg 1024w, https:\/\/www.supercars.net\/blog\/wp-content\/uploads\/2016\/03\/1068147-1536-100x67.jpg 100w, https:\/\/www.supercars.net\/blog\/wp-content\/uploads\/2016\/03\/1068147-1536-770x513.jpg 770w, https:\/\/www.supercars.net\/blog\/wp-content\/uploads\/2016\/03\/1068147-1536-360x240.jpg 360w, https:\/\/www.supercars.net\/blog\/wp-content\/uploads\/2016\/03\/1068147-1536-1155x770.jpg 1155w, https:\/\/www.supercars.net\/blog\/wp-content\/uploads\/2016\/03\/1068147-1536-370x247.jpg 370w, https:\/\/www.supercars.net\/blog\/wp-content\/uploads\/2016\/03\/1068147-1536-293x195.jpg 293w, https:\/\/www.supercars.net\/blog\/wp-content\/uploads\/2016\/03\/1068147-1536-1400x933.jpg 1400w\" sizes=\"(max-width: 1536px) 100vw, 1536px\" \/>\r\n\t\t\t\t<\/a>\r\n            <\/div><\/figure><figure class='gallery-item'>\r\n            <div class='gallery-icon landscape'>\r\n                <a href='https:\/\/www.supercars.net\/blog\/wp-content\/uploads\/2016\/03\/1068149-1536.jpg' class='tipi-lightbox'>\r\n\t\t\t\t<img decoding=\"async\" width=\"1536\" height=\"1024\" src=\"https:\/\/www.supercars.net\/blog\/wp-content\/uploads\/2016\/03\/1068149-1536.jpg\" class=\"attachment-full size-full\" alt=\"2013 24 Hours of Le Mans-2\" srcset=\"https:\/\/www.supercars.net\/blog\/wp-content\/uploads\/2016\/03\/1068149-1536.jpg 1536w, https:\/\/www.supercars.net\/blog\/wp-content\/uploads\/2016\/03\/1068149-1536-300x200.jpg 300w, https:\/\/www.supercars.net\/blog\/wp-content\/uploads\/2016\/03\/1068149-1536-1024x683.jpg 1024w, https:\/\/www.supercars.net\/blog\/wp-content\/uploads\/2016\/03\/1068149-1536-100x67.jpg 100w, https:\/\/www.supercars.net\/blog\/wp-content\/uploads\/2016\/03\/1068149-1536-770x513.jpg 770w, https:\/\/www.supercars.net\/blog\/wp-content\/uploads\/2016\/03\/1068149-1536-360x240.jpg 360w, https:\/\/www.supercars.net\/blog\/wp-content\/uploads\/2016\/03\/1068149-1536-1155x770.jpg 1155w, https:\/\/www.supercars.net\/blog\/wp-content\/uploads\/2016\/03\/1068149-1536-370x247.jpg 370w, https:\/\/www.supercars.net\/blog\/wp-content\/uploads\/2016\/03\/1068149-1536-293x195.jpg 293w, https:\/\/www.supercars.net\/blog\/wp-content\/uploads\/2016\/03\/1068149-1536-1400x933.jpg 1400w\" sizes=\"(max-width: 1536px) 100vw, 1536px\" \/>\r\n\t\t\t\t<\/a>\r\n            <\/div><\/figure><figure class='gallery-item'>\r\n            <div class='gallery-icon landscape'>\r\n                <a href='https:\/\/www.supercars.net\/blog\/wp-content\/uploads\/2016\/03\/1068153-1536.jpg' class='tipi-lightbox'>\r\n\t\t\t\t<img decoding=\"async\" width=\"1536\" height=\"1024\" src=\"https:\/\/www.supercars.net\/blog\/wp-content\/uploads\/2016\/03\/1068153-1536.jpg\" class=\"attachment-full size-full\" alt=\"2013 24 Hours of Le Mans-2\" srcset=\"https:\/\/www.supercars.net\/blog\/wp-content\/uploads\/2016\/03\/1068153-1536.jpg 1536w, https:\/\/www.supercars.net\/blog\/wp-content\/uploads\/2016\/03\/1068153-1536-300x200.jpg 300w, https:\/\/www.supercars.net\/blog\/wp-content\/uploads\/2016\/03\/1068153-1536-1024x683.jpg 1024w, https:\/\/www.supercars.net\/blog\/wp-content\/uploads\/2016\/03\/1068153-1536-100x67.jpg 100w, https:\/\/www.supercars.net\/blog\/wp-content\/uploads\/2016\/03\/1068153-1536-770x513.jpg 770w, https:\/\/www.supercars.net\/blog\/wp-content\/uploads\/2016\/03\/1068153-1536-360x240.jpg 360w, https:\/\/www.supercars.net\/blog\/wp-content\/uploads\/2016\/03\/1068153-1536-1155x770.jpg 1155w, https:\/\/www.supercars.net\/blog\/wp-content\/uploads\/2016\/03\/1068153-1536-370x247.jpg 370w, https:\/\/www.supercars.net\/blog\/wp-content\/uploads\/2016\/03\/1068153-1536-293x195.jpg 293w, https:\/\/www.supercars.net\/blog\/wp-content\/uploads\/2016\/03\/1068153-1536-1400x933.jpg 1400w\" sizes=\"(max-width: 1536px) 100vw, 1536px\" \/>\r\n\t\t\t\t<\/a>\r\n            <\/div><\/figure><figure class='gallery-item'>\r\n            <div class='gallery-icon landscape'>\r\n                <a href='https:\/\/www.supercars.net\/blog\/wp-content\/uploads\/2016\/03\/1068154-1536.jpg' class='tipi-lightbox'>\r\n\t\t\t\t<img decoding=\"async\" width=\"1536\" height=\"1024\" src=\"https:\/\/www.supercars.net\/blog\/wp-content\/uploads\/2016\/03\/1068154-1536.jpg\" class=\"attachment-full size-full\" alt=\"2013 24 Hours of Le Mans-2\" srcset=\"https:\/\/www.supercars.net\/blog\/wp-content\/uploads\/2016\/03\/1068154-1536.jpg 1536w, https:\/\/www.supercars.net\/blog\/wp-content\/uploads\/2016\/03\/1068154-1536-300x200.jpg 300w, https:\/\/www.supercars.net\/blog\/wp-content\/uploads\/2016\/03\/1068154-1536-1024x683.jpg 1024w, https:\/\/www.supercars.net\/blog\/wp-content\/uploads\/2016\/03\/1068154-1536-100x67.jpg 100w, https:\/\/www.supercars.net\/blog\/wp-content\/uploads\/2016\/03\/1068154-1536-770x513.jpg 770w, https:\/\/www.supercars.net\/blog\/wp-content\/uploads\/2016\/03\/1068154-1536-360x240.jpg 360w, https:\/\/www.supercars.net\/blog\/wp-content\/uploads\/2016\/03\/1068154-1536-1155x770.jpg 1155w, https:\/\/www.supercars.net\/blog\/wp-content\/uploads\/2016\/03\/1068154-1536-370x247.jpg 370w, https:\/\/www.supercars.net\/blog\/wp-content\/uploads\/2016\/03\/1068154-1536-293x195.jpg 293w, https:\/\/www.supercars.net\/blog\/wp-content\/uploads\/2016\/03\/1068154-1536-1400x933.jpg 1400w\" sizes=\"(max-width: 1536px) 100vw, 1536px\" \/>\r\n\t\t\t\t<\/a>\r\n            <\/div><\/figure><figure class='gallery-item'>\r\n            <div class='gallery-icon landscape'>\r\n                <a href='https:\/\/www.supercars.net\/blog\/wp-content\/uploads\/2016\/03\/1068155-1536.jpg' class='tipi-lightbox'>\r\n\t\t\t\t<img decoding=\"async\" width=\"1536\" height=\"1024\" src=\"https:\/\/www.supercars.net\/blog\/wp-content\/uploads\/2016\/03\/1068155-1536.jpg\" class=\"attachment-full size-full\" alt=\"2013 24 Hours of Le Mans-2\" srcset=\"https:\/\/www.supercars.net\/blog\/wp-content\/uploads\/2016\/03\/1068155-1536.jpg 1536w, https:\/\/www.supercars.net\/blog\/wp-content\/uploads\/2016\/03\/1068155-1536-300x200.jpg 300w, https:\/\/www.supercars.net\/blog\/wp-content\/uploads\/2016\/03\/1068155-1536-1024x683.jpg 1024w, https:\/\/www.supercars.net\/blog\/wp-content\/uploads\/2016\/03\/1068155-1536-100x67.jpg 100w, https:\/\/www.supercars.net\/blog\/wp-content\/uploads\/2016\/03\/1068155-1536-770x513.jpg 770w, https:\/\/www.supercars.net\/blog\/wp-content\/uploads\/2016\/03\/1068155-1536-360x240.jpg 360w, https:\/\/www.supercars.net\/blog\/wp-content\/uploads\/2016\/03\/1068155-1536-1155x770.jpg 1155w, https:\/\/www.supercars.net\/blog\/wp-content\/uploads\/2016\/03\/1068155-1536-370x247.jpg 370w, https:\/\/www.supercars.net\/blog\/wp-content\/uploads\/2016\/03\/1068155-1536-293x195.jpg 293w, https:\/\/www.supercars.net\/blog\/wp-content\/uploads\/2016\/03\/1068155-1536-1400x933.jpg 1400w\" sizes=\"(max-width: 1536px) 100vw, 1536px\" \/>\r\n\t\t\t\t<\/a>\r\n            <\/div><\/figure><figure class='gallery-item'>\r\n            <div class='gallery-icon landscape'>\r\n                <a href='https:\/\/www.supercars.net\/blog\/wp-content\/uploads\/2016\/03\/1068157-1536.jpg' class='tipi-lightbox'>\r\n\t\t\t\t<img decoding=\"async\" width=\"1536\" height=\"1024\" src=\"https:\/\/www.supercars.net\/blog\/wp-content\/uploads\/2016\/03\/1068157-1536.jpg\" class=\"attachment-full size-full\" alt=\"2013 24 Hours of Le Mans-2\" srcset=\"https:\/\/www.supercars.net\/blog\/wp-content\/uploads\/2016\/03\/1068157-1536.jpg 1536w, https:\/\/www.supercars.net\/blog\/wp-content\/uploads\/2016\/03\/1068157-1536-300x200.jpg 300w, https:\/\/www.supercars.net\/blog\/wp-content\/uploads\/2016\/03\/1068157-1536-1024x683.jpg 1024w, https:\/\/www.supercars.net\/blog\/wp-content\/uploads\/2016\/03\/1068157-1536-100x67.jpg 100w, https:\/\/www.supercars.net\/blog\/wp-content\/uploads\/2016\/03\/1068157-1536-770x513.jpg 770w, https:\/\/www.supercars.net\/blog\/wp-content\/uploads\/2016\/03\/1068157-1536-360x240.jpg 360w, https:\/\/www.supercars.net\/blog\/wp-content\/uploads\/2016\/03\/1068157-1536-1155x770.jpg 1155w, https:\/\/www.supercars.net\/blog\/wp-content\/uploads\/2016\/03\/1068157-1536-370x247.jpg 370w, https:\/\/www.supercars.net\/blog\/wp-content\/uploads\/2016\/03\/1068157-1536-293x195.jpg 293w, https:\/\/www.supercars.net\/blog\/wp-content\/uploads\/2016\/03\/1068157-1536-1400x933.jpg 1400w\" sizes=\"(max-width: 1536px) 100vw, 1536px\" \/>\r\n\t\t\t\t<\/a>\r\n            <\/div><\/figure><figure class='gallery-item'>\r\n            <div class='gallery-icon landscape'>\r\n                <a href='https:\/\/www.supercars.net\/blog\/wp-content\/uploads\/2016\/03\/1068160-1536.jpg' class='tipi-lightbox'>\r\n\t\t\t\t<img decoding=\"async\" width=\"1536\" height=\"1024\" src=\"https:\/\/www.supercars.net\/blog\/wp-content\/uploads\/2016\/03\/1068160-1536.jpg\" class=\"attachment-full size-full\" alt=\"2013 24 Hours of Le Mans-2\" srcset=\"https:\/\/www.supercars.net\/blog\/wp-content\/uploads\/2016\/03\/1068160-1536.jpg 1536w, https:\/\/www.supercars.net\/blog\/wp-content\/uploads\/2016\/03\/1068160-1536-300x200.jpg 300w, https:\/\/www.supercars.net\/blog\/wp-content\/uploads\/2016\/03\/1068160-1536-1024x683.jpg 1024w, https:\/\/www.supercars.net\/blog\/wp-content\/uploads\/2016\/03\/1068160-1536-100x67.jpg 100w, https:\/\/www.supercars.net\/blog\/wp-content\/uploads\/2016\/03\/1068160-1536-770x513.jpg 770w, https:\/\/www.supercars.net\/blog\/wp-content\/uploads\/2016\/03\/1068160-1536-360x240.jpg 360w, https:\/\/www.supercars.net\/blog\/wp-content\/uploads\/2016\/03\/1068160-1536-1155x770.jpg 1155w, https:\/\/www.supercars.net\/blog\/wp-content\/uploads\/2016\/03\/1068160-1536-370x247.jpg 370w, https:\/\/www.supercars.net\/blog\/wp-content\/uploads\/2016\/03\/1068160-1536-293x195.jpg 293w, https:\/\/www.supercars.net\/blog\/wp-content\/uploads\/2016\/03\/1068160-1536-1400x933.jpg 1400w\" sizes=\"(max-width: 1536px) 100vw, 1536px\" \/>\r\n\t\t\t\t<\/a>\r\n            <\/div><\/figure>\n","protected":false},"excerpt":{"rendered":"<p>Held by the Automobile Club de l&#8217;Ouest as a round of the FIA World Endurance Championship at the Circuit de la Sarthe, Le Mans, France. Held June 22nd to 23rd with leadup practice, qualifying and scrutineering. Won outright by the #2 Audi of Tom Kristensen, Allan McNish and Lo\u00efc Duval. This gallery is dedicated to Dedicated to Allan Simonsen who lost his life only 10 minutes into the race.<\/p>\n","protected":false},"author":2,"featured_media":165025,"comment_status":"open","ping_status":"closed","sticky":false,"template":"","format":"standard","meta":{"footnotes":""},"categories":[261,16918],"tags":[18323,16866,548,1148,17225],"class_list":["post-131658","post","type-post","status-publish","format-standard","has-post-thumbnail","hentry","category-motorsport-racing","category-races","tag-2010s-all","tag-2010s-races","tag-motorsport","tag-24-hours-of-le-mans","tag-race-recap"],"yoast_head":"<!-- This site is optimized with the Yoast SEO plugin v27.5 - https:\/\/yoast.com\/product\/yoast-seo-wordpress\/ -->\n<title>24 Hours of Le Mans 2013 - Report and Photos 2<\/title>\n<meta name=\"robots\" content=\"index, follow, max-snippet:-1, max-image-preview:large, max-video-preview:-1\" \/>\n<link rel=\"canonical\" href=\"https:\/\/www.supercars.net\/blog\/2013-24-hours-of-le-mans-2\/\" \/>\n<meta property=\"og:locale\" content=\"en_US\" \/>\n<meta property=\"og:type\" content=\"article\" \/>\n<meta property=\"og:title\" content=\"24 Hours of Le Mans 2013 - Report and Photos 2\" \/>\n<meta property=\"og:description\" content=\"Held by the Automobile Club de l&#8217;Ouest as a round of the FIA World Endurance Championship at the Circuit de la Sarthe, Le Mans, France. Held June 22nd to 23rd with leadup practice, qualifying and scrutineering. Won outright by the #2 Audi of Tom Kristensen, Allan McNish and Lo\u00efc Duval. This gallery is dedicated to Dedicated to Allan Simonsen who lost his life only 10 minutes into the race.\" \/>\n<meta property=\"og:url\" content=\"https:\/\/www.supercars.net\/blog\/2013-24-hours-of-le-mans-2\/\" \/>\n<meta property=\"og:site_name\" content=\"Supercars.net\" \/>\n<meta property=\"article:publisher\" content=\"https:\/\/www.facebook.com\/Supercars.net\/\" \/>\n<meta property=\"article:author\" content=\"https:\/\/www.facebook.com\/Supercars.net\/\" \/>\n<meta property=\"article:published_time\" content=\"2016-03-18T20:18:53+00:00\" \/>\n<meta property=\"article:modified_time\" content=\"2025-01-06T00:26:27+00:00\" \/>\n<meta property=\"og:image\" content=\"https:\/\/www.supercars.net\/blog\/wp-content\/uploads\/2016\/03\/1067776-1024.jpg\" \/>\n\t<meta property=\"og:image:width\" content=\"1024\" \/>\n\t<meta property=\"og:image:height\" content=\"683\" \/>\n\t<meta property=\"og:image:type\" content=\"image\/jpeg\" \/>\n<meta name=\"author\" content=\"Editorial Team\" \/>\n<meta name=\"twitter:card\" content=\"summary_large_image\" \/>\n<meta name=\"twitter:creator\" content=\"@https:\/\/twitter.com\/supercars_net\" \/>\n<meta name=\"twitter:site\" content=\"@supercars_net\" \/>\n<meta name=\"twitter:label1\" content=\"Written by\" \/>\n\t<meta name=\"twitter:data1\" content=\"Editorial Team\" \/>\n<script type=\"application\/ld+json\" class=\"yoast-schema-graph\">{\"@context\":\"https:\\\/\\\/schema.org\",\"@graph\":[{\"@type\":\"Article\",\"@id\":\"https:\\\/\\\/www.supercars.net\\\/blog\\\/2013-24-hours-of-le-mans-2\\\/#article\",\"isPartOf\":{\"@id\":\"https:\\\/\\\/www.supercars.net\\\/blog\\\/2013-24-hours-of-le-mans-2\\\/\"},\"author\":{\"name\":\"Editorial Team\",\"@id\":\"https:\\\/\\\/www.supercars.net\\\/blog\\\/#\\\/schema\\\/person\\\/08906293a84eafb03312b711c1507c7e\"},\"headline\":\"24 Hours of Le Mans 2013 &#8211; Report and Photos 2\",\"datePublished\":\"2016-03-18T20:18:53+00:00\",\"dateModified\":\"2025-01-06T00:26:27+00:00\",\"mainEntityOfPage\":{\"@id\":\"https:\\\/\\\/www.supercars.net\\\/blog\\\/2013-24-hours-of-le-mans-2\\\/\"},\"wordCount\":81,\"commentCount\":0,\"image\":{\"@id\":\"https:\\\/\\\/www.supercars.net\\\/blog\\\/2013-24-hours-of-le-mans-2\\\/#primaryimage\"},\"thumbnailUrl\":\"https:\\\/\\\/www.supercars.net\\\/blog\\\/wp-content\\\/uploads\\\/2016\\\/03\\\/1067776-1024.jpg\",\"keywords\":[\"2010s All\",\"2010s Races\",\"Motorsport &amp; Racing\",\"Race (24 Hours of Le Mans)\",\"Race Recap\"],\"articleSection\":[\"Motorsport &amp; Racing\",\"Race Recap\"],\"inLanguage\":\"en-US\",\"potentialAction\":[{\"@type\":\"CommentAction\",\"name\":\"Comment\",\"target\":[\"https:\\\/\\\/www.supercars.net\\\/blog\\\/2013-24-hours-of-le-mans-2\\\/#respond\"]}]},{\"@type\":\"WebPage\",\"@id\":\"https:\\\/\\\/www.supercars.net\\\/blog\\\/2013-24-hours-of-le-mans-2\\\/\",\"url\":\"https:\\\/\\\/www.supercars.net\\\/blog\\\/2013-24-hours-of-le-mans-2\\\/\",\"name\":\"24 Hours of Le Mans 2013 - Report and Photos 2\",\"isPartOf\":{\"@id\":\"https:\\\/\\\/www.supercars.net\\\/blog\\\/#website\"},\"primaryImageOfPage\":{\"@id\":\"https:\\\/\\\/www.supercars.net\\\/blog\\\/2013-24-hours-of-le-mans-2\\\/#primaryimage\"},\"image\":{\"@id\":\"https:\\\/\\\/www.supercars.net\\\/blog\\\/2013-24-hours-of-le-mans-2\\\/#primaryimage\"},\"thumbnailUrl\":\"https:\\\/\\\/www.supercars.net\\\/blog\\\/wp-content\\\/uploads\\\/2016\\\/03\\\/1067776-1024.jpg\",\"datePublished\":\"2016-03-18T20:18:53+00:00\",\"dateModified\":\"2025-01-06T00:26:27+00:00\",\"author\":{\"@id\":\"https:\\\/\\\/www.supercars.net\\\/blog\\\/#\\\/schema\\\/person\\\/08906293a84eafb03312b711c1507c7e\"},\"breadcrumb\":{\"@id\":\"https:\\\/\\\/www.supercars.net\\\/blog\\\/2013-24-hours-of-le-mans-2\\\/#breadcrumb\"},\"inLanguage\":\"en-US\",\"potentialAction\":[{\"@type\":\"ReadAction\",\"target\":[\"https:\\\/\\\/www.supercars.net\\\/blog\\\/2013-24-hours-of-le-mans-2\\\/\"]}]},{\"@type\":\"ImageObject\",\"inLanguage\":\"en-US\",\"@id\":\"https:\\\/\\\/www.supercars.net\\\/blog\\\/2013-24-hours-of-le-mans-2\\\/#primaryimage\",\"url\":\"https:\\\/\\\/www.supercars.net\\\/blog\\\/wp-content\\\/uploads\\\/2016\\\/03\\\/1067776-1024.jpg\",\"contentUrl\":\"https:\\\/\\\/www.supercars.net\\\/blog\\\/wp-content\\\/uploads\\\/2016\\\/03\\\/1067776-1024.jpg\",\"width\":1024,\"height\":683,\"caption\":\"Nissan, Le Mans 24 Hours 2013. World Endurance Championship. Round Three, Le Mans, France. 16th - 23rd June 2013. Photo: Drew Gibson\"},{\"@type\":\"BreadcrumbList\",\"@id\":\"https:\\\/\\\/www.supercars.net\\\/blog\\\/2013-24-hours-of-le-mans-2\\\/#breadcrumb\",\"itemListElement\":[{\"@type\":\"ListItem\",\"position\":1,\"name\":\"Home\",\"item\":\"https:\\\/\\\/www.supercars.net\\\/blog\\\/\"},{\"@type\":\"ListItem\",\"position\":2,\"name\":\"24 Hours of Le Mans 2013 &#8211; Report and Photos 2\"}]},{\"@type\":\"WebSite\",\"@id\":\"https:\\\/\\\/www.supercars.net\\\/blog\\\/#website\",\"url\":\"https:\\\/\\\/www.supercars.net\\\/blog\\\/\",\"name\":\"Supercars.net\",\"description\":\"Exotic and Supercar news, information, pictures and videos\",\"potentialAction\":[{\"@type\":\"SearchAction\",\"target\":{\"@type\":\"EntryPoint\",\"urlTemplate\":\"https:\\\/\\\/www.supercars.net\\\/blog\\\/?s={search_term_string}\"},\"query-input\":{\"@type\":\"PropertyValueSpecification\",\"valueRequired\":true,\"valueName\":\"search_term_string\"}}],\"inLanguage\":\"en-US\"},{\"@type\":\"Person\",\"@id\":\"https:\\\/\\\/www.supercars.net\\\/blog\\\/#\\\/schema\\\/person\\\/08906293a84eafb03312b711c1507c7e\",\"name\":\"Editorial Team\",\"image\":{\"@type\":\"ImageObject\",\"inLanguage\":\"en-US\",\"@id\":\"https:\\\/\\\/www.supercars.net\\\/blog\\\/wp-content\\\/uploads\\\/2012\\\/01\\\/196-293x293.jpg\",\"url\":\"https:\\\/\\\/www.supercars.net\\\/blog\\\/wp-content\\\/uploads\\\/2012\\\/01\\\/196-293x293.jpg\",\"contentUrl\":\"https:\\\/\\\/www.supercars.net\\\/blog\\\/wp-content\\\/uploads\\\/2012\\\/01\\\/196-293x293.jpg\",\"caption\":\"Editorial Team\"},\"description\":\"Regular people by day, car obsessed nutcases by night. We are like kids in a candy store, except the candy is made of metal, goes vroom-vroom, and occasionally bankrupts us faster than a sugar rush at a candy store sale! We spend hours debating the merits of turbochargers versus superchargers, and our weekends are a never-ending quest for the perfect polish and wax combo. We can identify every make and model by the sound of a revving engine, and our idea of a romantic evening is a candlelit dinner with our cars in the garage.\",\"sameAs\":[\"http:\\\/\\\/www.supercars.net\",\"https:\\\/\\\/www.facebook.com\\\/Supercars.net\\\/\",\"https:\\\/\\\/instagram.com\\\/super.cars.fans\",\"https:\\\/\\\/x.com\\\/https:\\\/\\\/twitter.com\\\/supercars_net\"],\"url\":\"https:\\\/\\\/www.supercars.net\\\/blog\\\/author\\\/supercars\\\/\"}]}<\/script>\n<!-- \/ Yoast SEO plugin. -->","yoast_head_json":{"title":"24 Hours of Le Mans 2013 - Report and Photos 2","robots":{"index":"index","follow":"follow","max-snippet":"max-snippet:-1","max-image-preview":"max-image-preview:large","max-video-preview":"max-video-preview:-1"},"canonical":"https:\/\/www.supercars.net\/blog\/2013-24-hours-of-le-mans-2\/","og_locale":"en_US","og_type":"article","og_title":"24 Hours of Le Mans 2013 - Report and Photos 2","og_description":"Held by the Automobile Club de l&#8217;Ouest as a round of the FIA World Endurance Championship at the Circuit de la Sarthe, Le Mans, France. Held June 22nd to 23rd with leadup practice, qualifying and scrutineering. Won outright by the #2 Audi of Tom Kristensen, Allan McNish and Lo\u00efc Duval. This gallery is dedicated to Dedicated to Allan Simonsen who lost his life only 10 minutes into the race.","og_url":"https:\/\/www.supercars.net\/blog\/2013-24-hours-of-le-mans-2\/","og_site_name":"Supercars.net","article_publisher":"https:\/\/www.facebook.com\/Supercars.net\/","article_author":"https:\/\/www.facebook.com\/Supercars.net\/","article_published_time":"2016-03-18T20:18:53+00:00","article_modified_time":"2025-01-06T00:26:27+00:00","og_image":[{"width":1024,"height":683,"url":"https:\/\/www.supercars.net\/blog\/wp-content\/uploads\/2016\/03\/1067776-1024.jpg","type":"image\/jpeg"}],"author":"Editorial Team","twitter_card":"summary_large_image","twitter_creator":"@https:\/\/twitter.com\/supercars_net","twitter_site":"@supercars_net","twitter_misc":{"Written by":"Editorial Team"},"schema":{"@context":"https:\/\/schema.org","@graph":[{"@type":"Article","@id":"https:\/\/www.supercars.net\/blog\/2013-24-hours-of-le-mans-2\/#article","isPartOf":{"@id":"https:\/\/www.supercars.net\/blog\/2013-24-hours-of-le-mans-2\/"},"author":{"name":"Editorial Team","@id":"https:\/\/www.supercars.net\/blog\/#\/schema\/person\/08906293a84eafb03312b711c1507c7e"},"headline":"24 Hours of Le Mans 2013 &#8211; Report and Photos 2","datePublished":"2016-03-18T20:18:53+00:00","dateModified":"2025-01-06T00:26:27+00:00","mainEntityOfPage":{"@id":"https:\/\/www.supercars.net\/blog\/2013-24-hours-of-le-mans-2\/"},"wordCount":81,"commentCount":0,"image":{"@id":"https:\/\/www.supercars.net\/blog\/2013-24-hours-of-le-mans-2\/#primaryimage"},"thumbnailUrl":"https:\/\/www.supercars.net\/blog\/wp-content\/uploads\/2016\/03\/1067776-1024.jpg","keywords":["2010s All","2010s Races","Motorsport &amp; Racing","Race (24 Hours of Le Mans)","Race Recap"],"articleSection":["Motorsport &amp; Racing","Race Recap"],"inLanguage":"en-US","potentialAction":[{"@type":"CommentAction","name":"Comment","target":["https:\/\/www.supercars.net\/blog\/2013-24-hours-of-le-mans-2\/#respond"]}]},{"@type":"WebPage","@id":"https:\/\/www.supercars.net\/blog\/2013-24-hours-of-le-mans-2\/","url":"https:\/\/www.supercars.net\/blog\/2013-24-hours-of-le-mans-2\/","name":"24 Hours of Le Mans 2013 - Report and Photos 2","isPartOf":{"@id":"https:\/\/www.supercars.net\/blog\/#website"},"primaryImageOfPage":{"@id":"https:\/\/www.supercars.net\/blog\/2013-24-hours-of-le-mans-2\/#primaryimage"},"image":{"@id":"https:\/\/www.supercars.net\/blog\/2013-24-hours-of-le-mans-2\/#primaryimage"},"thumbnailUrl":"https:\/\/www.supercars.net\/blog\/wp-content\/uploads\/2016\/03\/1067776-1024.jpg","datePublished":"2016-03-18T20:18:53+00:00","dateModified":"2025-01-06T00:26:27+00:00","author":{"@id":"https:\/\/www.supercars.net\/blog\/#\/schema\/person\/08906293a84eafb03312b711c1507c7e"},"breadcrumb":{"@id":"https:\/\/www.supercars.net\/blog\/2013-24-hours-of-le-mans-2\/#breadcrumb"},"inLanguage":"en-US","potentialAction":[{"@type":"ReadAction","target":["https:\/\/www.supercars.net\/blog\/2013-24-hours-of-le-mans-2\/"]}]},{"@type":"ImageObject","inLanguage":"en-US","@id":"https:\/\/www.supercars.net\/blog\/2013-24-hours-of-le-mans-2\/#primaryimage","url":"https:\/\/www.supercars.net\/blog\/wp-content\/uploads\/2016\/03\/1067776-1024.jpg","contentUrl":"https:\/\/www.supercars.net\/blog\/wp-content\/uploads\/2016\/03\/1067776-1024.jpg","width":1024,"height":683,"caption":"Nissan, Le Mans 24 Hours 2013. World Endurance Championship. Round Three, Le Mans, France. 16th - 23rd June 2013. Photo: Drew Gibson"},{"@type":"BreadcrumbList","@id":"https:\/\/www.supercars.net\/blog\/2013-24-hours-of-le-mans-2\/#breadcrumb","itemListElement":[{"@type":"ListItem","position":1,"name":"Home","item":"https:\/\/www.supercars.net\/blog\/"},{"@type":"ListItem","position":2,"name":"24 Hours of Le Mans 2013 &#8211; Report and Photos 2"}]},{"@type":"WebSite","@id":"https:\/\/www.supercars.net\/blog\/#website","url":"https:\/\/www.supercars.net\/blog\/","name":"Supercars.net","description":"Exotic and Supercar news, information, pictures and videos","potentialAction":[{"@type":"SearchAction","target":{"@type":"EntryPoint","urlTemplate":"https:\/\/www.supercars.net\/blog\/?s={search_term_string}"},"query-input":{"@type":"PropertyValueSpecification","valueRequired":true,"valueName":"search_term_string"}}],"inLanguage":"en-US"},{"@type":"Person","@id":"https:\/\/www.supercars.net\/blog\/#\/schema\/person\/08906293a84eafb03312b711c1507c7e","name":"Editorial Team","image":{"@type":"ImageObject","inLanguage":"en-US","@id":"https:\/\/www.supercars.net\/blog\/wp-content\/uploads\/2012\/01\/196-293x293.jpg","url":"https:\/\/www.supercars.net\/blog\/wp-content\/uploads\/2012\/01\/196-293x293.jpg","contentUrl":"https:\/\/www.supercars.net\/blog\/wp-content\/uploads\/2012\/01\/196-293x293.jpg","caption":"Editorial Team"},"description":"Regular people by day, car obsessed nutcases by night. We are like kids in a candy store, except the candy is made of metal, goes vroom-vroom, and occasionally bankrupts us faster than a sugar rush at a candy store sale! We spend hours debating the merits of turbochargers versus superchargers, and our weekends are a never-ending quest for the perfect polish and wax combo. We can identify every make and model by the sound of a revving engine, and our idea of a romantic evening is a candlelit dinner with our cars in the garage.","sameAs":["http:\/\/www.supercars.net","https:\/\/www.facebook.com\/Supercars.net\/","https:\/\/instagram.com\/super.cars.fans","https:\/\/x.com\/https:\/\/twitter.com\/supercars_net"],"url":"https:\/\/www.supercars.net\/blog\/author\/supercars\/"}]}},"_links":{"self":[{"href":"https:\/\/www.supercars.net\/blog\/wp-json\/wp\/v2\/posts\/131658","targetHints":{"allow":["GET"]}}],"collection":[{"href":"https:\/\/www.supercars.net\/blog\/wp-json\/wp\/v2\/posts"}],"about":[{"href":"https:\/\/www.supercars.net\/blog\/wp-json\/wp\/v2\/types\/post"}],"author":[{"embeddable":true,"href":"https:\/\/www.supercars.net\/blog\/wp-json\/wp\/v2\/users\/2"}],"replies":[{"embeddable":true,"href":"https:\/\/www.supercars.net\/blog\/wp-json\/wp\/v2\/comments?post=131658"}],"version-history":[{"count":0,"href":"https:\/\/www.supercars.net\/blog\/wp-json\/wp\/v2\/posts\/131658\/revisions"}],"wp:featuredmedia":[{"embeddable":true,"href":"https:\/\/www.supercars.net\/blog\/wp-json\/wp\/v2\/media\/165025"}],"wp:attachment":[{"href":"https:\/\/www.supercars.net\/blog\/wp-json\/wp\/v2\/media?parent=131658"}],"wp:term":[{"taxonomy":"category","embeddable":true,"href":"https:\/\/www.supercars.net\/blog\/wp-json\/wp\/v2\/categories?post=131658"},{"taxonomy":"post_tag","embeddable":true,"href":"https:\/\/www.supercars.net\/blog\/wp-json\/wp\/v2\/tags?post=131658"}],"curies":[{"name":"wp","href":"https:\/\/api.w.org\/{rel}","templated":true}]}}