{"id":13168,"date":"2014-02-01T00:19:45","date_gmt":"2014-02-01T08:19:45","guid":{"rendered":"https:\/\/sportscardigest.com\/\/?p=13168"},"modified":"2024-01-08T14:14:02","modified_gmt":"2024-01-08T14:14:02","slug":"jon-von-neumann-remembered","status":"publish","type":"post","link":"https:\/\/www.supercars.net\/blog\/jon-von-neumann-remembered\/","title":{"rendered":"Jon Von Neumann Remembered"},"content":{"rendered":"<figure id=\"attachment_523459\" aria-describedby=\"caption-attachment-523459\" style=\"width: 1080px\" class=\"wp-caption alignnone\"><a href=\"https:\/\/www.supercars.net\/blog\/wp-content\/uploads\/2014\/02\/RACEFEA201402-p1.jpg\"><img decoding=\"async\" class=\"wp-image-523459 size-full\" src=\"https:\/\/www.supercars.net\/blog\/wp-content\/uploads\/2014\/02\/RACEFEA201402-p1.jpg\" alt=\"\" width=\"1080\" height=\"720\" srcset=\"https:\/\/www.supercars.net\/blog\/wp-content\/uploads\/2014\/02\/RACEFEA201402-p1.jpg 1080w, https:\/\/www.supercars.net\/blog\/wp-content\/uploads\/2014\/02\/RACEFEA201402-p1-300x200.jpg 300w, https:\/\/www.supercars.net\/blog\/wp-content\/uploads\/2014\/02\/RACEFEA201402-p1-1024x683.jpg 1024w, https:\/\/www.supercars.net\/blog\/wp-content\/uploads\/2014\/02\/RACEFEA201402-p1-100x67.jpg 100w, https:\/\/www.supercars.net\/blog\/wp-content\/uploads\/2014\/02\/RACEFEA201402-p1-770x513.jpg 770w, https:\/\/www.supercars.net\/blog\/wp-content\/uploads\/2014\/02\/RACEFEA201402-p1-360x240.jpg 360w, https:\/\/www.supercars.net\/blog\/wp-content\/uploads\/2014\/02\/RACEFEA201402-p1-370x247.jpg 370w, https:\/\/www.supercars.net\/blog\/wp-content\/uploads\/2014\/02\/RACEFEA201402-p1-293x195.jpg 293w\" sizes=\"(max-width: 1080px) 100vw, 1080px\" \/><\/a><figcaption id=\"caption-attachment-523459\" class=\"wp-caption-text\">Von Neumann winning the main event at Torrey Pines in 1952 with his topless Porsche Le Mans Coupe.<\/figcaption><\/figure>\n<p style=\"text-align: justify;\">John Von Neumann was one of those towering figures in the sports car world of the \u201950s. He was one of the founders of the California Sports Car Club that eventually became the largest Region of the SCCA. He pioneered Porsche in the Western U.S., not only in racing, but also as daily drivers. He was also instrumental in helping elevate Ferrari to the top of the heap. And he was my friend.<\/p>\n<p style=\"text-align: justify;\">One day during the \u201990s, my kids and I were playing in the pool at our home on Rose Avenue in Palm Springs. My wife came out and said, \u201cHey, did you hear, our neighbor Johnny (Von Neumann) was kidnapped?\u201d \u201cWhat happened,\u201d I asked, \u201cis he okay?\u201d \u201cYes,\u201d she said, \u201cthey set him free and he\u2019s back home now.\u201d She had heard about it from a neighbor, Anna Polak (Vasek\u2019s wife). All three of us had homes on the same street then.<\/p>\n<p style=\"text-align: justify;\">Shortly afterward, we visited with John. He told us what happened: He was attacked in his house, bound and gagged, and put in the trunk of his Rolls-Royce. After being driven somewhere, he didn\u2019t know where, he was taken into a strange house and told to get ransom. So he called his business manager, Sam Weil, and, according to Sam\u2019s secretary, Mary Rundal,\u00a0$3 million in cash was delivered. After about a week, John was released along with his Rolls.<\/p>\n<figure id=\"attachment_523460\" aria-describedby=\"caption-attachment-523460\" style=\"width: 1080px\" class=\"wp-caption alignnone\"><a href=\"https:\/\/www.supercars.net\/blog\/wp-content\/uploads\/2014\/02\/RACEFEA201402-p2.jpg\"><img decoding=\"async\" class=\"wp-image-523460 size-full\" src=\"https:\/\/www.supercars.net\/blog\/wp-content\/uploads\/2014\/02\/RACEFEA201402-p2.jpg\" alt=\"\" width=\"1080\" height=\"684\" srcset=\"https:\/\/www.supercars.net\/blog\/wp-content\/uploads\/2014\/02\/RACEFEA201402-p2.jpg 1080w, https:\/\/www.supercars.net\/blog\/wp-content\/uploads\/2014\/02\/RACEFEA201402-p2-300x190.jpg 300w, https:\/\/www.supercars.net\/blog\/wp-content\/uploads\/2014\/02\/RACEFEA201402-p2-1024x649.jpg 1024w, https:\/\/www.supercars.net\/blog\/wp-content\/uploads\/2014\/02\/RACEFEA201402-p2-100x63.jpg 100w, https:\/\/www.supercars.net\/blog\/wp-content\/uploads\/2014\/02\/RACEFEA201402-p2-770x488.jpg 770w, https:\/\/www.supercars.net\/blog\/wp-content\/uploads\/2014\/02\/RACEFEA201402-p2-293x186.jpg 293w\" sizes=\"(max-width: 1080px) 100vw, 1080px\" \/><\/a><figcaption id=\"caption-attachment-523460\" class=\"wp-caption-text\">Von Neumann won the opening contest on the inaugural weekend of competition at Pebble Beach in 1950, prevailing in the Cypress Point Light Car Race with his modified MG (#11).<\/figcaption><\/figure>\n<p style=\"text-align: justify;\">The whole affair was kept very quiet with nothing in the press. This happened sometime after he had sold his Porsche and VW distributorships back to the companies. According to a mutual friend with whom I talked about this, $3 million by then was chump change for John.<\/p>\n<p style=\"text-align: justify;\">John Michael Neumann was born in Vienna, Austria on December 16, 1921. His father was Heinrich Neumann von H\u00e9th\u00e1rs, born in 1873 in H\u00e9th\u00e1rs, Hungary (now part of Slovakia). The \u201cvon\u201d means \u201cfrom\u201d indicating where he was born. In Germany, \u201cvon\u201d indicates titled nobility. This was certainly not the case for Neumann, an Austrian Jew. Heinrich studied at the University of Vienna and was awarded a doctorate of medicine in 1898. He became a world famous physician and was the foremost ear, nose and throat doctor in Vienna before WWII. Among his patients were King Edward VIII of England and King Alfonso XIII of Spain.<\/p>\n<p style=\"text-align: justify;\">One time during the \u201930s, Dr. Neumann was contacted by German doctors to treat Hitler, who was suffering from a larynx problem. He refused. Neumann also defended the rescue of Austrian Jews at the Conference of Evian in 1938. To put it mildly, he was not a favorite among Nazis, who by then were a significant factor in Austria. With war looming, Dr. Neumann stashed a lot of his assets in Canada. In addition, he got one of his patients, Bernard Baruch (who was close to President Roosevelt) to help him obtain visas to the U.S. Even then Johnny was enthralled with cars. He remembered riding his bicycle to visit Max Hoffman\u2019s Vienna showroom. Hoffman later moved to New York, becoming an early foreign car importer.<\/p>\n<p style=\"text-align: justify;\">On March 12, 1938, Germany occupied and annexed Austria. (As an aside: Austrian Chancellor Kurt Schuschnigg resisted the Anschluss, as the takeover was called, and was imprisoned. After the war, he emigrated to the U.S. and became a college professor. I studied modern European history under him at USC, straight from the horse\u2019s mouth, as it were.) Dr. Neumann was also imprisoned, but managed to escape.<\/p>\n<p style=\"text-align: justify;\">John, his father and mother, Maelitta, moved to New York City where Dr. Neumann had been offered a lectureship at the Presbyterian Hospital in Columbia University. They had an apartment on Park Avenue where Maelitta ended up living for the rest of her life. John\u2019s two older sisters, Anne Marie and Lisalotte had stayed behind in Geneva, Switzerland. Later, they were able to travel to Genoa, Italy, where they secured passage to the U.S. Unfortunately, Dr. Neumann died on November 6, 1939. Johnny was only 18 years old. Due to Dr. Neumann\u2019s foresight in sequestering funds in Canada, John was left what he called, \u201cQuite a bit of money.\u201d<\/p>\n<figure id=\"attachment_523461\" aria-describedby=\"caption-attachment-523461\" style=\"width: 1080px\" class=\"wp-caption alignnone\"><a href=\"https:\/\/www.supercars.net\/blog\/wp-content\/uploads\/2014\/02\/RACEFEA201402-p3.jpg\"><img decoding=\"async\" class=\"wp-image-523461 size-full\" src=\"https:\/\/www.supercars.net\/blog\/wp-content\/uploads\/2014\/02\/RACEFEA201402-p3.jpg\" alt=\"\" width=\"1080\" height=\"886\" srcset=\"https:\/\/www.supercars.net\/blog\/wp-content\/uploads\/2014\/02\/RACEFEA201402-p3.jpg 1080w, https:\/\/www.supercars.net\/blog\/wp-content\/uploads\/2014\/02\/RACEFEA201402-p3-300x246.jpg 300w, https:\/\/www.supercars.net\/blog\/wp-content\/uploads\/2014\/02\/RACEFEA201402-p3-1024x840.jpg 1024w, https:\/\/www.supercars.net\/blog\/wp-content\/uploads\/2014\/02\/RACEFEA201402-p3-100x82.jpg 100w, https:\/\/www.supercars.net\/blog\/wp-content\/uploads\/2014\/02\/RACEFEA201402-p3-770x632.jpg 770w, https:\/\/www.supercars.net\/blog\/wp-content\/uploads\/2014\/02\/RACEFEA201402-p3-293x240.jpg 293w\" sizes=\"(max-width: 1080px) 100vw, 1080px\" \/><\/a><figcaption id=\"caption-attachment-523461\" class=\"wp-caption-text\">The 1925 Indy 500 winner Peter DePaolo (left) was the starter for the first Cal Club road race at Palm Springs in 1950., shown here with John.<\/figcaption><\/figure>\n<p style=\"text-align: justify;\">Always enamored with cars, John bought a Talbot Figoni-Falaschi Teardrop Coupe from Max Hoffman, who by then had a showroom in New York City. An aficionado of the musical theater and a \u201cstage-door Johnny,\u201d young Neumann became enamored with a beautiful Ziegfeld dancer, Elinor Bigelow. Elinor was somewhat older than John and had a daughter, Josie, from a previous marriage to Joe Bigelow, a well-known radio and TV writer. (Bigelow\u2019s writing credits include the Jack Benny, Edgar Bergen and Fred Allen shows among a number of others.)\u00a0 John and Josie had a few seemingly similar facial characteristics and some assumed he was actually her father.<\/p>\n<p style=\"text-align: justify;\">According to school records, John Michael Neumann enrolled in the 1940 fall semester at New York University, majoring in Civil Engineering. (John was also accepted at Princeton, but decided on NYU because Princeton had a rule forbidding freshmen from having cars.) After completing the spring semester, he drove his Talbot to California and enrolled in the 1941 fall semester at the University of Southern California. After the war started, he enlisted in the U.S. Army early in 1942. (Note: I have been unable to verify John\u2019s war records using the Army\u2019s official electronic site. Even so, I don\u2019t doubt his service. I understand that a fire destroyed quite a number of WWII records before they could be digitized.)<\/p>\n<p style=\"text-align: justify;\">John later related: \u201cI went into the U.S. Infantry and took basic training at Camp Callan, just north of San Diego. (After the war, the camp was decommissioned. We know it as Torrey Pines, where John raced during the \u201950s on the streets where he had formerly marched.) I was sent overseas in 1944. First, I was sent to France where I acquired a girlfriend and measurably improved my French. Due to my German-language skill, I was assigned to Army intelligence where I worked interrogating German prisoners. During that time, I was wounded by shrapnel and awarded the Purple Heart. After the surrender, I was posted with the military government in Salzburg, Austria, where I worked as an investigator and interviewer in the de-Nazification program.\u201d After being discharged in 1946, he returned to New York where he married Elinor Bigelow.<\/p>\n<p><!--nextpage--><\/p>\n<p style=\"text-align: justify;\">The next year, they moved to Southern California and John assumed the name of Von Neumann. (In some accounts, he has been referred to as \u201cvon,\u201d with a lower-case \u201cv.\u201d Had he been German, a \u201cvon\u201d in his name would have indicated he was of the German nobility, but of course, this was not the case.)<\/p>\n<p style=\"text-align: justify;\">Due to his enthusiasm for exotic cars, John got a job as a salesman at a foreign car dealership on Sunset Boulevard in Hollywood called International Motors. It was owned and operated by Roger Barlow. Johnny remembered selling Phil Hill an MGTC.<\/p>\n<figure id=\"attachment_523462\" aria-describedby=\"caption-attachment-523462\" style=\"width: 1080px\" class=\"wp-caption alignnone\"><a href=\"https:\/\/www.supercars.net\/blog\/wp-content\/uploads\/2014\/02\/RACEFEA201402-p4-1.jpg\"><img decoding=\"async\" class=\"wp-image-523462 size-full\" src=\"https:\/\/www.supercars.net\/blog\/wp-content\/uploads\/2014\/02\/RACEFEA201402-p4-1.jpg\" alt=\"\" width=\"1080\" height=\"979\" srcset=\"https:\/\/www.supercars.net\/blog\/wp-content\/uploads\/2014\/02\/RACEFEA201402-p4-1.jpg 1080w, https:\/\/www.supercars.net\/blog\/wp-content\/uploads\/2014\/02\/RACEFEA201402-p4-1-300x272.jpg 300w, https:\/\/www.supercars.net\/blog\/wp-content\/uploads\/2014\/02\/RACEFEA201402-p4-1-1024x928.jpg 1024w, https:\/\/www.supercars.net\/blog\/wp-content\/uploads\/2014\/02\/RACEFEA201402-p4-1-100x91.jpg 100w, https:\/\/www.supercars.net\/blog\/wp-content\/uploads\/2014\/02\/RACEFEA201402-p4-1-770x698.jpg 770w, https:\/\/www.supercars.net\/blog\/wp-content\/uploads\/2014\/02\/RACEFEA201402-p4-1-293x266.jpg 293w\" sizes=\"(max-width: 1080px) 100vw, 1080px\" \/><\/a><figcaption id=\"caption-attachment-523462\" class=\"wp-caption-text\">After he became a Ferrari dealer in 1957, Von Neumann\u2019s new 625 TRC (#11)\u2008is shown chasing after his older Ferrari 500 TR, in the hands of his shop manager Richie Ginther, at Pomona. Their positions were reversed at the checker.<\/figcaption><\/figure>\n<p style=\"text-align: justify;\">In 1947, three enthusiasts got the idea of forming a sports car club in Southern California: Roger Barlow, Taylor Lucas (also an International Motors employee) and John Von Neumann. At the time, some foreign car enthusiasts had gatherings in the area. At a get together in Santa Barbara in 1947, Roger and John urged the group to organize a hill climb. The activity, however, was voted down because most thought it too dangerous. Whereupon, Barlow, Lucas and Von Neumann with their wives walked out and went for a drive, Roger in his Talbot-Darracq, Taylor in his Hotchkiss and John in his SS100 Jaguar. They stopped at the top of the San Marcos Pass, overlooking Santa Barbara and the Pacific Ocean. \u201cWhile breathing the aroma of hot tires, smoking brakes and over-warm engine oil,\u201d John remembered, \u201cWe decided to put together a club solely devoted to motor racing.\u201d<\/p>\n<p style=\"text-align: justify;\">Soon thereafter, an organizing meeting took place in Los Angeles. Jack Early, Phil Hill, Vilem Haan, Bill Pollack and a few others joined the three original instigators. So the California Sports Car Club was born on a date in 1947 now lost in the mists of time.<\/p>\n<p style=\"text-align: justify;\">The first Cal Club event on August 31, 1947 was held on the then mostly undeveloped hills of Palos Verdes. It was a time trial on paved public roads. Probably the police didn\u2019t notice what was happening at such a remote location. None of those who participated can recall which roads were used, but John Von Neumann remembered the ocean and Catalina Island as a backdrop, so obviously they were on the southwestern slope. John set the best time in his SS100 Jaguar.<\/p>\n<p style=\"text-align: justify;\">Meanwhile, at International Motors, and according to John, \u201cRoger and I competed for who could sell the most cars. But I wasn\u2019t getting my commissions. One day, I mentioned this to a customer\u2014Secondo Gausti\u2014who offered to back me if I opened my own dealership.\u201d Not long afterward, John took Gausti up on his offer and, in 1948, opened a speed shop that included the sale of used foreign cars. It was on Ventura Boulevard in North Hollywood and he called it Competition Motors. Secondo\u2014or Sec as he was called\u2014later sold out to John for the princely sum of $900.<\/p>\n<p style=\"text-align: justify;\">Another early event was called the \u201cCentro Miglia.\u201d It was an illegal open road race held, at night, in the hills north of Los Angeles near Saugus. Approximately 100 miles long, it started at the beginning of Bouquet Canyon Road and ended at Tips, a restaurant near Castaic. The competition was Von Neumann\u2019s idea. Elinor was the timer and scorekeeper, flagging them off at one-minute intervals. When all had gone, she would drive over to Tips and log the finishes. Bill Pollack remembers that Von Neumann had a Lea Francis convertible, while all the others were in MGTCs. The event was held a number of times during 1948.<\/p>\n<figure id=\"attachment_523463\" aria-describedby=\"caption-attachment-523463\" style=\"width: 1080px\" class=\"wp-caption alignnone\"><a href=\"https:\/\/www.supercars.net\/blog\/wp-content\/uploads\/2014\/02\/RACEFEA201402-p5.jpg\"><img decoding=\"async\" class=\"wp-image-523463 size-full\" src=\"https:\/\/www.supercars.net\/blog\/wp-content\/uploads\/2014\/02\/RACEFEA201402-p5.jpg\" alt=\"\" width=\"1080\" height=\"849\" srcset=\"https:\/\/www.supercars.net\/blog\/wp-content\/uploads\/2014\/02\/RACEFEA201402-p5.jpg 1080w, https:\/\/www.supercars.net\/blog\/wp-content\/uploads\/2014\/02\/RACEFEA201402-p5-300x236.jpg 300w, https:\/\/www.supercars.net\/blog\/wp-content\/uploads\/2014\/02\/RACEFEA201402-p5-1024x805.jpg 1024w, https:\/\/www.supercars.net\/blog\/wp-content\/uploads\/2014\/02\/RACEFEA201402-p5-100x79.jpg 100w, https:\/\/www.supercars.net\/blog\/wp-content\/uploads\/2014\/02\/RACEFEA201402-p5-770x605.jpg 770w, https:\/\/www.supercars.net\/blog\/wp-content\/uploads\/2014\/02\/RACEFEA201402-p5-293x230.jpg 293w\" sizes=\"(max-width: 1080px) 100vw, 1080px\" \/><\/a><figcaption id=\"caption-attachment-523463\" class=\"wp-caption-text\">Johnny takes a 1957 win with his Ferrari 625 TRC at San Diego\u2019s Hourglass Field.<\/figcaption><\/figure>\n<p style=\"text-align: justify;\">On November 14, 1948, and again on December 5, 1948, time trials were held on a 3\/10-mile test track at the Davis Motorcar Company in the San Fernando Valley. Roger Barlow in his Talbot-Fagoni won the first one. Phil Hill won the MG class with John Von Neumann 2nd. Sec Gausti in a supercharged Alfa Romeo 8C2300, formerly owned by Tazio Nuvolari, won the December event.<\/p>\n<p style=\"text-align: justify;\">During the summer of 1949, a time trial was held in Goleta, just north of Santa Barbara. The \u00be-mile course was laid out at what used to be a Marine Corps Air Station (now the Santa Barbara Airport) where Von Neumann drove his Talbot Coupe.<\/p>\n<p style=\"text-align: justify;\">The Cal Club ran a number of wheel-to-wheel races during the \u201940s at Carrell Speedway, a \u00bd-mile oval in Gardena, a suburb of Los Angeles. The first was held on July 24, 1949. The Speedway had frequent professional races plus occasional amateur sports car events. Von Neumann always took part.<\/p>\n<p style=\"text-align: justify;\">The first road race in Southern California was at Palm Springs on April 16, 1950 organized by the Cal Club. It\u2019s interesting to note that two of the officials were pre-war racing greats. The Chief Steward was Ralph De Palma (1915 Indy winner) and the Starter was Peter De Paolo (1925 Indy winner). Cal Club officials included founders Taylor Lucas, Roger Barlow and John Von Neumann.<\/p>\n<p style=\"text-align: justify;\">Practice was held all day Saturday, April 15. Johnny blew the head gasket in his supercharged MG, so he borrowed a Riley to compete in the main event. The first race on Sunday was ten laps for novices, 16 of whom were on the grid, including Bill Pollack. He remembers the entry fee was $20. Bill had an MGTC, but he was afraid its 52 horsepower wouldn\u2019t be a threat to more powerful cars. So he remembered that, \u201cMy friend and mechanic, John Von Neumann, suggested a supercharger. John just happened to have a new Shorrock unit for which he charged $325 installed. At the start, my TC jumped out in front and I was never threatened.\u201d So Bill had the honor of winning the very first event. (See Bill\u2019s book, Red Wheels and White Sidewalls, 2004, Brown Fox Books.)<\/p>\n<p style=\"text-align: justify;\">The 40-lap main event hosted a mixed bag of cars. Jack McAfee drove Tony Parravano\u2019s Cadillac convertible. Bill Pollack remembers, \u201cIt was very hot and a lot of cars fell by the wayside.\u201d Sterling Edwards led in his V8-60 Special with E. Forbes (Robbie) Robinson\u2019s MGTD 2nd. I ended up 3rd.\u201d Von Neumann didn\u2019t finish because the borrowed Riley ran out of gas.<\/p>\n<figure id=\"attachment_523464\" aria-describedby=\"caption-attachment-523464\" style=\"width: 1080px\" class=\"wp-caption alignnone\"><a href=\"https:\/\/www.supercars.net\/blog\/wp-content\/uploads\/2014\/02\/RACEFEA201402-p6.jpg\"><img decoding=\"async\" class=\"wp-image-523464 size-full\" src=\"https:\/\/www.supercars.net\/blog\/wp-content\/uploads\/2014\/02\/RACEFEA201402-p6.jpg\" alt=\"John accepts the spoils of victory as Elinor looks on.\" width=\"1080\" height=\"910\" srcset=\"https:\/\/www.supercars.net\/blog\/wp-content\/uploads\/2014\/02\/RACEFEA201402-p6.jpg 1080w, https:\/\/www.supercars.net\/blog\/wp-content\/uploads\/2014\/02\/RACEFEA201402-p6-300x253.jpg 300w, https:\/\/www.supercars.net\/blog\/wp-content\/uploads\/2014\/02\/RACEFEA201402-p6-1024x863.jpg 1024w, https:\/\/www.supercars.net\/blog\/wp-content\/uploads\/2014\/02\/RACEFEA201402-p6-100x84.jpg 100w, https:\/\/www.supercars.net\/blog\/wp-content\/uploads\/2014\/02\/RACEFEA201402-p6-770x649.jpg 770w, https:\/\/www.supercars.net\/blog\/wp-content\/uploads\/2014\/02\/RACEFEA201402-p6-293x247.jpg 293w\" sizes=\"(max-width: 1080px) 100vw, 1080px\" \/><\/a><figcaption id=\"caption-attachment-523464\" class=\"wp-caption-text\">John accepts the spoils of victory as Elinor looks on.<\/figcaption><\/figure>\n<p style=\"text-align: justify;\">The first race ever held at Pebble Beach took place on November 5, 1950. Von Neumann entered his modified MGTD and won the very first event\u2014the Cypress Point Light Car Race\u2014for cars under 1500-cc. The first race at Torrey Pines was on December 9, 1951. The course used roads originally built for Camp Callan. Johnny entered the MG. Josie Von Neumann, in her first race, ran away with the \u201cLadies Handicap Race\u201d in his MG. Later that day, Johnny blew the MG\u2019s engine during the main event.<\/p>\n<p style=\"text-align: justify;\">In early 1952, John went to New York and bought a Porsche Le Mans coupe from Max Hoffman, drove it back to California and entered the May 20 race at Pebble Beach. Pushing the Porsche hard, he led at first, but his brakes faded and he failed to finish. Next, he drove to San Francisco and entered the first Golden Gate race on May 30. Again, he had problems\u2014this time the Porsche overheated\u2014and the best he could manage was 16th. Back home, Johnny had maestro Emil Diedt cut the top off and form an aluminum tonneau cover. After considerable mechanical work, John won the main event for cars under 1500-cc at the second running of Torrey Pines on July 20. In doing so, he defeated his old employer, Roger Barlow in his Simca Special, who finished 2nd. Previously, the Simca had been dominant at West Coast events. This sparked an interest in others to buy Porsches, which John set about satisfying.<\/p>\n<p><!--nextpage--><\/p>\n<p style=\"text-align: justify;\">Bill Pollack remembers John for bringing Porsches to the West Coast: \u201cJohn and Elinor would fly back to New York, buy two cars from Max Hoffman, and drive them back to Los Angeles.\u201d Eventually, John arranged for cars to be shipped by rail and secured a Porsche dealership from Hoffman. Jim Sitz remembers that his wife, Dorothy Dean, loaned John the necessary funds, but Dorothy told Johnny that, \u201cThe real money is in VWs!\u201d<\/p>\n<p style=\"text-align: justify;\">\u201cIn January 1952 I opened the first Porsche agency in Southern California,\u201d Johnny recalled, \u201cthen in 1953 I acquired the exclusive VW distributorship for Southern California and moved to a Vine Street location in Hollywood.\u201d Later that year he added a Porsche distributorship. By the end of 1955, Von Neumann was the Porsche and VW distributor for Southern California, Southern Nevada, Arizona and Hawaii. During 1956, Competition Motors shipped some 10,000 cars to 37 dealerships.<\/p>\n<p style=\"text-align: justify;\">Through the 1954 season, Von Neumann competed in Porsches, taking home a number of trophies. He ran a 550 Porsche Spyder, first at Bergstrom Air Force Base and then at Pebble Beach in April where he was 2nd in the under-1500-cc main event. Later that year, he bought his first Ferrari\u2014an ex-Porfirio Rubirosa Mondial\u2014and from then on mostly raced different models of that marque.<\/p>\n<p style=\"text-align: justify;\">Porsches needed promotion, however, so Ken Miles\u2014then the top small-car pilot in his MG Specials\u2014was hired in 1955. Ken\u2019s first outing for Von Neumann was at Torrey Pines on January 14-15, 1956. During practice on Saturday, Miles managed to flip the 550 on the last turn and total it. Luckily, he was not injured. Von Neumann had another Spyder delivered from Competition Motors and on Sunday, Ken not only won the semi-main for under 1500-cc cars, but also came in 3rd behind Masten Gregory in a Maserati and Ernie McAfee in a Ferrari in the main event itself. Von Neumann himself was 4th in his Ferrari Monza.<\/p>\n<figure id=\"attachment_523465\" aria-describedby=\"caption-attachment-523465\" style=\"width: 839px\" class=\"wp-caption alignnone\"><a href=\"https:\/\/www.supercars.net\/blog\/wp-content\/uploads\/2014\/02\/RACEFEA201402-p7.jpg\"><img decoding=\"async\" class=\"wp-image-523465 size-full\" src=\"https:\/\/www.supercars.net\/blog\/wp-content\/uploads\/2014\/02\/RACEFEA201402-p7.jpg\" alt=\"Johnny\u2008and Elinor on the pre-grid. She got the Ferrari shop in their divorce.\" width=\"839\" height=\"1080\" srcset=\"https:\/\/www.supercars.net\/blog\/wp-content\/uploads\/2014\/02\/RACEFEA201402-p7.jpg 839w, https:\/\/www.supercars.net\/blog\/wp-content\/uploads\/2014\/02\/RACEFEA201402-p7-233x300.jpg 233w, https:\/\/www.supercars.net\/blog\/wp-content\/uploads\/2014\/02\/RACEFEA201402-p7-795x1024.jpg 795w, https:\/\/www.supercars.net\/blog\/wp-content\/uploads\/2014\/02\/RACEFEA201402-p7-78x100.jpg 78w, https:\/\/www.supercars.net\/blog\/wp-content\/uploads\/2014\/02\/RACEFEA201402-p7-770x991.jpg 770w, https:\/\/www.supercars.net\/blog\/wp-content\/uploads\/2014\/02\/RACEFEA201402-p7-293x377.jpg 293w\" sizes=\"(max-width: 839px) 100vw, 839px\" \/><\/a><figcaption id=\"caption-attachment-523465\" class=\"wp-caption-text\">Johnny\u2008and Elinor on the pre-grid. She got the Ferrari shop in their divorce.<\/figcaption><\/figure>\n<p style=\"text-align: justify;\">The first Cooper Bobtail sports car to attract much attention in Southern California was an 1100-cc Climax-engined example owned and driven by Lance Reventlow. The first time I spotted the car was at the first running of the Pomona Road Races on June 23-24, 1956. The reason I mention Lance\u2019s car is that Ken Miles noticed it. Ken took it around the course for a few laps during a practice session and I was able to photograph it.<\/p>\n<p style=\"text-align: justify;\">At the time, Ken\u2019s competition in the Von Neumann Porsche was Richie Ginther in another Von Neumann Spyder and Bob Drake in a Cooper Bobtail. Ken thought the Bobtail handled better than the Spyder. Not only that, it was lighter. Always wanting to win, Miles got the idea of installing a Porsche engine in a Cooper, so he persuaded Johnny to buy one.<\/p>\n<p style=\"text-align: justify;\">Von Neumann ordered a Bobtail sans engine and gearbox from John Cooper in England. When the roller arrived at Competition Motors, a Vasek Polak-prepared 4-cam engine and ZF gearbox were installed. Johnny entered the Porsche-Cooper for its first outing at Paramount Ranch on November 17-18, 1956. The press predicted an epic battle between the Porsche-Cooper with Ken Miles up and the Cooper-Climax driven by Bob Drake (entered by the Cooper importer, Joe Lubin). Miles posted a lap at 1:36.858, an all-time, never broken record at that track. Foretelling what was to come, the best Drake could do was 1:42.762, and Miles won the main event.<\/p>\n<p style=\"text-align: justify;\">The December Nassau Speed Week was the final event in the 1956 season. Von Neumann entered the Porsche-Cooper for Miles in the 20-lap Governor\u2019s Trophy race for under two-liter cars as well as the main event. Traditionally, Nassau attracted some of the best from both sides of the pond. In the under-two liter race, Miles finished 2nd to Howard Hively in a Ferrari, ahead of Ed Crawford in a Porsche and Masten Gregory in another Ferrari. Stirling Moss won the main event in a 3-liter Maserati with Masten Gregory and de Portago 2nd and 3rd, both in Ferrari Monzas, but there was Ken and the Cooper in 4th among all the big dogs.\u00a0 The Miles finish at Nassau raised a few eyebrows at the Porsche factory. Nassau wasn\u2019t just some local club event. Here was their West Coast U.S. distributor entering a Cooper in a world-class event and besting all the Spyders!<\/p>\n<p style=\"text-align: justify;\">The first West Coast event for 1957 was held January 19-20 at the Pomona Fairgrounds. The long-awaited duel between the Miles and Drake Coopers took place in both under-1500-cc semi-main events. It was Miles all the way in the pouring rain with Drake following by 6.8 seconds on Saturday and 21 seconds on Sunday. Road &amp; Track called the Porsche-Cooper \u201camazing.\u201d Afterward the short saga came to an abrupt halt. Von Neumann was ordered by the factory to stop entering the Cooper. So he sold it to Stan Sugarman of Scottsdale, Arizona, sans the 4-cam engine.<\/p>\n<figure id=\"attachment_523466\" aria-describedby=\"caption-attachment-523466\" style=\"width: 1080px\" class=\"wp-caption alignnone\"><a href=\"https:\/\/www.supercars.net\/blog\/wp-content\/uploads\/2014\/02\/RACEFEA201402-p8.jpg\"><img decoding=\"async\" class=\"size-full wp-image-523466\" src=\"https:\/\/www.supercars.net\/blog\/wp-content\/uploads\/2014\/02\/RACEFEA201402-p8.jpg\" alt=\"\" width=\"1080\" height=\"720\" srcset=\"https:\/\/www.supercars.net\/blog\/wp-content\/uploads\/2014\/02\/RACEFEA201402-p8.jpg 1080w, https:\/\/www.supercars.net\/blog\/wp-content\/uploads\/2014\/02\/RACEFEA201402-p8-300x200.jpg 300w, https:\/\/www.supercars.net\/blog\/wp-content\/uploads\/2014\/02\/RACEFEA201402-p8-1024x683.jpg 1024w, https:\/\/www.supercars.net\/blog\/wp-content\/uploads\/2014\/02\/RACEFEA201402-p8-100x67.jpg 100w, https:\/\/www.supercars.net\/blog\/wp-content\/uploads\/2014\/02\/RACEFEA201402-p8-770x513.jpg 770w, https:\/\/www.supercars.net\/blog\/wp-content\/uploads\/2014\/02\/RACEFEA201402-p8-360x240.jpg 360w, https:\/\/www.supercars.net\/blog\/wp-content\/uploads\/2014\/02\/RACEFEA201402-p8-370x247.jpg 370w, https:\/\/www.supercars.net\/blog\/wp-content\/uploads\/2014\/02\/RACEFEA201402-p8-293x195.jpg 293w\" sizes=\"(max-width: 1080px) 100vw, 1080px\" \/><\/a><figcaption id=\"caption-attachment-523466\" class=\"wp-caption-text\">Von Neumann\u2019s Ferrari is nicely reflected in a puddle during a wet January race at Pomona in 1957.<\/figcaption><\/figure>\n<p style=\"text-align: justify;\">During his Von Neumann tenure, Miles scored 41 podium finishes, 24 1sts and 12 2nds. (Ken would have stood on a podium had podiums been used at the time.) The association came to a parting of the ways, however, at the end of 1957. The first Riverside event\u2014organized by the Cal Club, of which Miles was then president\u2014was scheduled for September 21-22. Ken wanted very much to run. Johnny, however, was in Europe at the time and had left word that none of his cars were to be raced while he was away. Miles resigned in anger and went with Otto Zipper, for whom he raced Porsches from then on. (According to Michael Lynch, at one time Otto dated one of Johnny\u2019s sisters.)<\/p>\n<p style=\"text-align: justify;\">One occasion I can recall in some detail was one of those usual end-of-the-year dinner-dance banquets put on by the Cal Club. I had a date with Josie Von Neumann. (We didn\u2019t have any romantic interest in each other; we were just good friends.) We went with John and Elinor, the four of us sitting together. After the meal, I asked Josie to dance, but she didn\u2019t enjoy dancing. John was very quiet; I don\u2019t think he and Elinor were getting along too well then. So I asked Elinor to dance and we more or less danced the night away. As a former Ziegfeld Follies dancer she was perhaps the best I had ever danced with. (I was sort of picky since one of my very early jobs was teaching dancing at Arthur Murray\u2019s.)<\/p>\n<p style=\"text-align: justify;\">In 1957, Von Neumann added a Ferrari franchise to his empire\u2014called the Ferrari Representatives of California\u2014managed by Richie Ginther. In 1959, John and Elinor parted ways. His Ferraris and the Ferrari business went to Elinor in the divorce settlement. (She died in 1990.) Phil Hill drove Elinor\u2019s 250TR\/59 Ferrari to victory at the Los Angeles Times Grand Prix at Riverside in 1959.<\/p>\n<p style=\"text-align: justify;\">Johnny himself continued to race Ferraris until the end of the \u201950s, after which he hung it up. His best year behind the wheel was 1957. He raced all over the country, scoring 13 overall or class wins. He even ran two events in Europe and won Avandaro, Mexico, on April 7, as well as a heat race at Nassau on December 6. His very last race was at Avandaro on April 26, 1959 in his Ferrari TRC.<\/p>\n<p style=\"text-align: justify;\">Richie Ginther and Josie Von Neumann continued to race Ferraris, now for Elinor. Josie had stopped entering ladies races and competed in main events. I remember racing with Josie at Hourglass Field near San Diego in June 1959, me in my Devin SS, Josie in her mother\u2019s Ferrari 250TR. We were going at it hot and heavy when my brakes started to fade. Eventually she passed me, pulled away and finished 4th overall. When I pulled into my paddock, Josie came over, asked what happened and commiserated with me. She was not only a competent driver, but also a good and caring person. She ended up marring John McLaughlin, who used to work for me at Evans Industries. After the \u201950s, Josie and I sort of lost touch with one another. Last I heard, she had moved to Ojai and died in 1997.<\/p>\n<p><!--nextpage--><\/p>\n<figure id=\"attachment_523467\" aria-describedby=\"caption-attachment-523467\" style=\"width: 1080px\" class=\"wp-caption alignnone\"><a href=\"https:\/\/www.supercars.net\/blog\/wp-content\/uploads\/2014\/02\/RACEFEA201402-p9.jpg\"><img decoding=\"async\" class=\"size-full wp-image-523467\" src=\"https:\/\/www.supercars.net\/blog\/wp-content\/uploads\/2014\/02\/RACEFEA201402-p9.jpg\" alt=\"\" width=\"1080\" height=\"720\" srcset=\"https:\/\/www.supercars.net\/blog\/wp-content\/uploads\/2014\/02\/RACEFEA201402-p9.jpg 1080w, https:\/\/www.supercars.net\/blog\/wp-content\/uploads\/2014\/02\/RACEFEA201402-p9-300x200.jpg 300w, https:\/\/www.supercars.net\/blog\/wp-content\/uploads\/2014\/02\/RACEFEA201402-p9-1024x683.jpg 1024w, https:\/\/www.supercars.net\/blog\/wp-content\/uploads\/2014\/02\/RACEFEA201402-p9-100x67.jpg 100w, https:\/\/www.supercars.net\/blog\/wp-content\/uploads\/2014\/02\/RACEFEA201402-p9-770x513.jpg 770w, https:\/\/www.supercars.net\/blog\/wp-content\/uploads\/2014\/02\/RACEFEA201402-p9-360x240.jpg 360w, https:\/\/www.supercars.net\/blog\/wp-content\/uploads\/2014\/02\/RACEFEA201402-p9-370x247.jpg 370w, https:\/\/www.supercars.net\/blog\/wp-content\/uploads\/2014\/02\/RACEFEA201402-p9-293x195.jpg 293w\" sizes=\"(max-width: 1080px) 100vw, 1080px\" \/><\/a><figcaption id=\"caption-attachment-523467\" class=\"wp-caption-text\">Elinor and Ken Miles engage in a pit area chat at Goleta, near Santa Barbara, during the later Porsche days.<\/figcaption><\/figure>\n<p style=\"text-align: justify;\">During the \u201960s, John\u2019s Competition Motors acquired a 13-acre distribution center in Culver City, sending more than 70,000 cars to 144 dealers in 1968. One-third of all the Porsches sold in the U.S. and one-sixth of Porsche\u2019s total production were distributed by Von Neumann that year. In 1971, Johnny sold out to Porsche and Volkswagen, joining the ranks of the super-rich.<\/p>\n<p style=\"text-align: justify;\">Not content to rest on his laurels, Johnny acquired the Ferrari distributorship for Switzerland, established a Piper aircraft dealership in Los Angeles and imported Pipers to Switzerland. He was also a partner in a Learjet leasing enterprise, as well as the importation of yachts from Italy. Warren Olson told me that Johnny was a jet pilot and remembers that he flew with him in John\u2019s French MS. Everything Von Neumann did seemed to turn to gold.<\/p>\n<p style=\"text-align: justify;\">In 1985, I was involved in organizing the Palm Springs Vintage Grand Prix in remembrance of those races we had there long ago. The big event on Saturday was the Fabulous Fifties Reunion, a parade of more than 50 drivers who had raced during the \u201950s, hopefully in the same or similar cars. Very few had appropriate cars, so I set about borrowing from vintage entrants. Most appropriate for Johnny was Ron Kellogg\u2019s Ferrari Testa Rossa. John had raced that actual car at many \u201950s events.<\/p>\n<p style=\"text-align: justify;\">John showed up on Saturday before the Reunion event. I took him to Kellogg\u2019s paddock and introduced them. John said he wanted to re-familiarize himself with the car so Ron gave him the key and Johnny drove off. The time for the event rolled around and no Johnny, so the group took off without him. Hours later, as the sun was starting to set, John returned with a wide grin on his face. He thanked Ron and left!<\/p>\n<p style=\"text-align: justify;\">On Sunday, Race Seven was for older sports cars. The cars were due to line up at pre-grid, but an official hustled me over to their paddock. All of the drivers were suited up but sitting on the concrete beside their cars. Vasek Polak had entered his 1937 BMW 328 for John Von Neumann to drive. When I got there I was told that the entrants wouldn\u2019t compete against a replica, which, in fact, the BMW was. I talked with Vasek about it and he admitted it was a replica, but, he said, \u201cIt\u2019s an exact replica.\u201d I had to pull the BMW and the drivers climbed into their cars. Vasek was upset with me, but Johnny didn\u2019t seem to care that much.<\/p>\n<figure id=\"attachment_523468\" aria-describedby=\"caption-attachment-523468\" style=\"width: 792px\" class=\"wp-caption alignnone\"><a href=\"https:\/\/www.supercars.net\/blog\/wp-content\/uploads\/2014\/02\/RACEFEA201402-p10.jpg\"><img decoding=\"async\" class=\"size-full wp-image-523468\" src=\"https:\/\/www.supercars.net\/blog\/wp-content\/uploads\/2014\/02\/RACEFEA201402-p10.jpg\" alt=\"\" width=\"792\" height=\"1080\" srcset=\"https:\/\/www.supercars.net\/blog\/wp-content\/uploads\/2014\/02\/RACEFEA201402-p10.jpg 792w, https:\/\/www.supercars.net\/blog\/wp-content\/uploads\/2014\/02\/RACEFEA201402-p10-220x300.jpg 220w, https:\/\/www.supercars.net\/blog\/wp-content\/uploads\/2014\/02\/RACEFEA201402-p10-751x1024.jpg 751w, https:\/\/www.supercars.net\/blog\/wp-content\/uploads\/2014\/02\/RACEFEA201402-p10-73x100.jpg 73w, https:\/\/www.supercars.net\/blog\/wp-content\/uploads\/2014\/02\/RACEFEA201402-p10-770x1050.jpg 770w, https:\/\/www.supercars.net\/blog\/wp-content\/uploads\/2014\/02\/RACEFEA201402-p10-293x400.jpg 293w\" sizes=\"(max-width: 792px) 100vw, 792px\" \/><\/a><figcaption id=\"caption-attachment-523468\" class=\"wp-caption-text\">Johnny (right) with contemporary competitors Paul O\u2019Shea (left)\u2008and Carroll Shelby.<\/figcaption><\/figure>\n<p style=\"text-align: justify;\">In 1986, I was involved in helping put on a vintage open-road race in Mexico. The course was from Ensenada, across the peninsula to San Felipe. The starting line was a mile or so outside Ensenada. As we were setting cars off at one-minute intervals, Johnny drove up to the head of the line in a new Ferrari with Vasek Polak riding shotgun. He hadn\u2019t sent in an entry form and the event was for vintage cars. Nevertheless, I sent them off and I remember they had a grand old time at the party afterward.<\/p>\n<p style=\"text-align: justify;\">In 1987, John married Monica Potter, with whom he had a daughter, Dorian. When Johnny died, Monica apparently inherited all of John\u2019s wealth. Born in Detroit, she had moved to Los Angeles to be a dancer and model. She said that Sonny Bono, then mayor of Palm Springs, introduced her to John. These days she goes by the name of \u201cBaroness Monica von Neumann,\u201d the widow of \u201cAustrian Baron John von Neumann!\u201d (Note the lower-case \u201cv\u201d indicating inherited nobility!)<\/p>\n<p style=\"text-align: justify;\">Shortly after the marriage, John had an affair with a Charlotte Vega. A separation between John and Monica ensued. In 1989, Charlotte gave birth to a son she named John, claiming John was the father. In 1991, Johnny obtained a default judgment (affirmed on appeal) that he was not the father. According to Charlotte, however, \u201cJohn Von Neumann acknowledged my son as his son and provided support until his death.\u201d The son, who goes by the name of John Von Neumann II, claims to remember living with Johnny and calling him \u201cdad.\u201d<\/p>\n<p style=\"text-align: justify;\">One time a few years before his death, Johnny told me about what he called his \u201cboat\u201d harbored in Monaco. It was actually a ship complete with captain, crew and chef. He said it was one of the fastest in the world capable of speeds in excess of 50 knots. At that time he not only had a chalet near Geneva, but also the Rose Avenue house in Palm Springs and an estate in Bel Air (near Los Angeles).<\/p>\n<p style=\"text-align: justify;\">As I recall, there was usually one comely young lady or another living in the Palm Springs house. They would sometimes accompany Johnny to parties at my house. I vaguely seem to recall Monica visiting on occasion. One time John had me come to take photos of a girl named Lucilla, a model from Morocco, posing with his latest Ferrari. Later, I heard from historian Michael Lynch that Johnny had set her up in a boutique in La Jolla, a neighborhood of San Diego.<\/p>\n<p style=\"text-align: justify;\">In 1997, we were having a banquet at the Petersen Automotive Museum to commemorate the 50th anniversary of the founding of the Cal Club. John was then the only one still living among the three founders, but he wasn\u2019t there. About half way through the ceremony, he came in and sat next to me. He had just returned from Europe and had come directly from the airport.<\/p>\n<figure id=\"attachment_523469\" aria-describedby=\"caption-attachment-523469\" style=\"width: 500px\" class=\"wp-caption aligncenter\"><a href=\"https:\/\/www.supercars.net\/blog\/wp-content\/uploads\/2014\/02\/RACEFEA201402-p12.jpg\"><img decoding=\"async\" class=\"wp-image-523469 size-full\" src=\"https:\/\/www.supercars.net\/blog\/wp-content\/uploads\/2014\/02\/RACEFEA201402-p12.jpg\" alt=\"John Von Neumann in 1993. \" width=\"500\" height=\"700\" srcset=\"https:\/\/www.supercars.net\/blog\/wp-content\/uploads\/2014\/02\/RACEFEA201402-p12.jpg 500w, https:\/\/www.supercars.net\/blog\/wp-content\/uploads\/2014\/02\/RACEFEA201402-p12-214x300.jpg 214w, https:\/\/www.supercars.net\/blog\/wp-content\/uploads\/2014\/02\/RACEFEA201402-p12-71x100.jpg 71w, https:\/\/www.supercars.net\/blog\/wp-content\/uploads\/2014\/02\/RACEFEA201402-p12-293x410.jpg 293w\" sizes=\"(max-width: 500px) 100vw, 500px\" \/><\/a><figcaption id=\"caption-attachment-523469\" class=\"wp-caption-text\">John Von Neumann in 1993.<\/figcaption><\/figure>\n<figure id=\"attachment_523470\" aria-describedby=\"caption-attachment-523470\" style=\"width: 847px\" class=\"wp-caption alignnone\"><a href=\"https:\/\/www.supercars.net\/blog\/wp-content\/uploads\/2014\/02\/RACEFEA201402-p11.jpg\"><img decoding=\"async\" class=\"wp-image-523470 size-full\" src=\"https:\/\/www.supercars.net\/blog\/wp-content\/uploads\/2014\/02\/RACEFEA201402-p11.jpg\" alt=\"\" width=\"847\" height=\"1080\" srcset=\"https:\/\/www.supercars.net\/blog\/wp-content\/uploads\/2014\/02\/RACEFEA201402-p11.jpg 847w, https:\/\/www.supercars.net\/blog\/wp-content\/uploads\/2014\/02\/RACEFEA201402-p11-235x300.jpg 235w, https:\/\/www.supercars.net\/blog\/wp-content\/uploads\/2014\/02\/RACEFEA201402-p11-803x1024.jpg 803w, https:\/\/www.supercars.net\/blog\/wp-content\/uploads\/2014\/02\/RACEFEA201402-p11-78x100.jpg 78w, https:\/\/www.supercars.net\/blog\/wp-content\/uploads\/2014\/02\/RACEFEA201402-p11-770x982.jpg 770w, https:\/\/www.supercars.net\/blog\/wp-content\/uploads\/2014\/02\/RACEFEA201402-p11-293x374.jpg 293w\" sizes=\"(max-width: 847px) 100vw, 847px\" \/><\/a><figcaption id=\"caption-attachment-523470\" class=\"wp-caption-text\">In 1987, Von Neumann married aspiring dancer\/model Monica Potter, thanks to an introduction by then Palm Springs Mayor Sonny Bono.<\/figcaption><\/figure>\n<p style=\"text-align: justify;\">The last time I remember seeing Johnny was on the day we christened my grandson in July 2002 at the Catholic Church in Palm Springs. After the event we had a party in our house. John was the first to arrive and the last to leave. Afterward he took my wife and kids for a long ride in his new top-of-the-line Bentley. My wife was particularly fond of Johnny and she had me hang his portrait on the wall after his death.<\/p>\n<p style=\"text-align: justify;\">Depending on his mood, Johnny could be either taciturn or loquacious. At the christening party, he talked on and on into the night. On another occasion when we were all playing in the pool, we heard a motorcycle drive up. John in his leathers came and in sat by the pool, not saying a word. After a while, I told my son, David, \u201cGo and get Mr. Von Neumann a beer.\u201d He drank it, sat for a while longer and then rode off on his bike, still never having said a word. (John and Vasek Polak would often go dirt biking in the desert near Palm Springs before it became so developed.)<\/p>\n<p style=\"text-align: justify;\">John Michael Neumann died on Christmas night, 2003. John\u2019s widow, Monica, reserved the Petersen Automotive Museum for Sunday April 25, 2004 for a \u201cCelebration of the Life of John Von Neumann,\u201d but a few days before the date, abruptly cancelled the affair without any explanation and left for Europe.<\/p>\n","protected":false},"excerpt":{"rendered":"<p>John Von Neumann was one of those towering figures in the sports car world of the \u201950s. He was one of the founders of the California Sports Car Club that eventually became the largest Region of the SCCA. He pioneered Porsche in the Western U.S., not only in racing, but also as daily drivers. He was also instrumental in helping elevate Ferrari to the top of the heap. And he was my friend. One day during the \u201990s, my kids [&hellip;]<\/p>\n","protected":false},"author":121,"featured_media":523457,"comment_status":"open","ping_status":"closed","sticky":false,"template":"","format":"standard","meta":{"footnotes":""},"categories":[263,18114,18330],"tags":[17152,18435,12094,18107,16791],"class_list":["post-13168","post","type-post","status-publish","format-standard","has-post-thumbnail","hentry","category-car-culture","category-people","category-profiles-car-culture","tag-car-culture","tag-people","tag-john-von-neumann","tag-people-profiles","tag-profiles"],"yoast_head":"<!-- This site is optimized with the Yoast SEO plugin v27.5 - https:\/\/yoast.com\/product\/yoast-seo-wordpress\/ -->\n<title>Jon Von Neumann Remembered<\/title>\n<meta name=\"description\" content=\"Jon Von Neumann Remembered\" \/>\n<meta name=\"robots\" content=\"index, follow, max-snippet:-1, max-image-preview:large, max-video-preview:-1\" \/>\n<link rel=\"canonical\" href=\"https:\/\/www.supercars.net\/blog\/jon-von-neumann-remembered\/\" \/>\n<link rel=\"next\" href=\"https:\/\/www.supercars.net\/blog\/jon-von-neumann-remembered\/2\/\" \/>\n<meta property=\"og:locale\" content=\"en_US\" \/>\n<meta property=\"og:type\" content=\"article\" \/>\n<meta property=\"og:title\" content=\"Jon Von Neumann Remembered\" \/>\n<meta property=\"og:description\" content=\"Jon Von Neumann Remembered\" \/>\n<meta property=\"og:url\" content=\"https:\/\/www.supercars.net\/blog\/jon-von-neumann-remembered\/\" \/>\n<meta property=\"og:site_name\" content=\"Supercars.net\" \/>\n<meta property=\"article:publisher\" content=\"https:\/\/www.facebook.com\/Supercars.net\/\" \/>\n<meta property=\"article:published_time\" content=\"2014-02-01T08:19:45+00:00\" \/>\n<meta property=\"article:modified_time\" content=\"2024-01-08T14:14:02+00:00\" \/>\n<meta property=\"og:image\" content=\"https:\/\/www.supercars.net\/blog\/wp-content\/uploads\/2014\/02\/RACEFEA201402-p4.jpg\" \/>\n\t<meta property=\"og:image:width\" content=\"1080\" \/>\n\t<meta property=\"og:image:height\" content=\"979\" \/>\n\t<meta property=\"og:image:type\" content=\"image\/jpeg\" \/>\n<meta name=\"author\" content=\"Art Evans\" \/>\n<meta name=\"twitter:card\" content=\"summary_large_image\" \/>\n<meta name=\"twitter:creator\" content=\"@supercars_net\" \/>\n<meta name=\"twitter:site\" content=\"@supercars_net\" \/>\n<meta name=\"twitter:label1\" content=\"Written by\" \/>\n\t<meta name=\"twitter:data1\" content=\"Art Evans\" \/>\n\t<meta name=\"twitter:label2\" content=\"Est. reading time\" \/>\n\t<meta name=\"twitter:data2\" content=\"25 minutes\" \/>\n<script type=\"application\/ld+json\" class=\"yoast-schema-graph\">{\"@context\":\"https:\\\/\\\/schema.org\",\"@graph\":[{\"@type\":\"Article\",\"@id\":\"https:\\\/\\\/www.supercars.net\\\/blog\\\/jon-von-neumann-remembered\\\/#article\",\"isPartOf\":{\"@id\":\"https:\\\/\\\/www.supercars.net\\\/blog\\\/jon-von-neumann-remembered\\\/\"},\"author\":{\"name\":\"Art Evans\",\"@id\":\"https:\\\/\\\/www.supercars.net\\\/blog\\\/#\\\/schema\\\/person\\\/8cc1bdfceb5198fc557ef54c1dfcd1b1\"},\"headline\":\"Jon Von Neumann Remembered\",\"datePublished\":\"2014-02-01T08:19:45+00:00\",\"dateModified\":\"2024-01-08T14:14:02+00:00\",\"mainEntityOfPage\":{\"@id\":\"https:\\\/\\\/www.supercars.net\\\/blog\\\/jon-von-neumann-remembered\\\/\"},\"wordCount\":5109,\"commentCount\":0,\"image\":{\"@id\":\"https:\\\/\\\/www.supercars.net\\\/blog\\\/jon-von-neumann-remembered\\\/#primaryimage\"},\"thumbnailUrl\":\"https:\\\/\\\/www.supercars.net\\\/blog\\\/wp-content\\\/uploads\\\/2014\\\/02\\\/RACEFEA201402-p4.jpg\",\"keywords\":[\"Car Culture\",\"People\",\"People (John von Neumann)\",\"People Profiles (All)\",\"Profiles (All)\"],\"articleSection\":[\"Car Culture\",\"People\",\"Profiles\"],\"inLanguage\":\"en-US\",\"potentialAction\":[{\"@type\":\"CommentAction\",\"name\":\"Comment\",\"target\":[\"https:\\\/\\\/www.supercars.net\\\/blog\\\/jon-von-neumann-remembered\\\/#respond\"]}]},{\"@type\":\"WebPage\",\"@id\":\"https:\\\/\\\/www.supercars.net\\\/blog\\\/jon-von-neumann-remembered\\\/\",\"url\":\"https:\\\/\\\/www.supercars.net\\\/blog\\\/jon-von-neumann-remembered\\\/\",\"name\":\"Jon Von Neumann Remembered\",\"isPartOf\":{\"@id\":\"https:\\\/\\\/www.supercars.net\\\/blog\\\/#website\"},\"primaryImageOfPage\":{\"@id\":\"https:\\\/\\\/www.supercars.net\\\/blog\\\/jon-von-neumann-remembered\\\/#primaryimage\"},\"image\":{\"@id\":\"https:\\\/\\\/www.supercars.net\\\/blog\\\/jon-von-neumann-remembered\\\/#primaryimage\"},\"thumbnailUrl\":\"https:\\\/\\\/www.supercars.net\\\/blog\\\/wp-content\\\/uploads\\\/2014\\\/02\\\/RACEFEA201402-p4.jpg\",\"datePublished\":\"2014-02-01T08:19:45+00:00\",\"dateModified\":\"2024-01-08T14:14:02+00:00\",\"author\":{\"@id\":\"https:\\\/\\\/www.supercars.net\\\/blog\\\/#\\\/schema\\\/person\\\/8cc1bdfceb5198fc557ef54c1dfcd1b1\"},\"description\":\"Jon Von Neumann Remembered\",\"inLanguage\":\"en-US\",\"potentialAction\":[{\"@type\":\"ReadAction\",\"target\":[\"https:\\\/\\\/www.supercars.net\\\/blog\\\/jon-von-neumann-remembered\\\/\"]}]},{\"@type\":\"ImageObject\",\"inLanguage\":\"en-US\",\"@id\":\"https:\\\/\\\/www.supercars.net\\\/blog\\\/jon-von-neumann-remembered\\\/#primaryimage\",\"url\":\"https:\\\/\\\/www.supercars.net\\\/blog\\\/wp-content\\\/uploads\\\/2014\\\/02\\\/RACEFEA201402-p4.jpg\",\"contentUrl\":\"https:\\\/\\\/www.supercars.net\\\/blog\\\/wp-content\\\/uploads\\\/2014\\\/02\\\/RACEFEA201402-p4.jpg\",\"width\":1080,\"height\":979},{\"@type\":\"WebSite\",\"@id\":\"https:\\\/\\\/www.supercars.net\\\/blog\\\/#website\",\"url\":\"https:\\\/\\\/www.supercars.net\\\/blog\\\/\",\"name\":\"Supercars.net\",\"description\":\"Exotic and Supercar news, information, pictures and videos\",\"potentialAction\":[{\"@type\":\"SearchAction\",\"target\":{\"@type\":\"EntryPoint\",\"urlTemplate\":\"https:\\\/\\\/www.supercars.net\\\/blog\\\/?s={search_term_string}\"},\"query-input\":{\"@type\":\"PropertyValueSpecification\",\"valueRequired\":true,\"valueName\":\"search_term_string\"}}],\"inLanguage\":\"en-US\"},{\"@type\":\"Person\",\"@id\":\"https:\\\/\\\/www.supercars.net\\\/blog\\\/#\\\/schema\\\/person\\\/8cc1bdfceb5198fc557ef54c1dfcd1b1\",\"name\":\"Art Evans\",\"image\":{\"@type\":\"ImageObject\",\"inLanguage\":\"en-US\",\"@id\":\"https:\\\/\\\/www.supercars.net\\\/blog\\\/wp-content\\\/uploads\\\/2023\\\/10\\\/evans-293x293.jpg\",\"url\":\"https:\\\/\\\/www.supercars.net\\\/blog\\\/wp-content\\\/uploads\\\/2023\\\/10\\\/evans-293x293.jpg\",\"contentUrl\":\"https:\\\/\\\/www.supercars.net\\\/blog\\\/wp-content\\\/uploads\\\/2023\\\/10\\\/evans-293x293.jpg\",\"caption\":\"Art Evans\"},\"description\":\"Art Evans has a varied and extensive background. During the fifties, he and his partner, OCee Ritch, had a public relations and advertising company that represented the MG Mitten Company, Devin Enterprises and Gough Industries among other car-related organizations. The author of ten books about photography plus others on different subjects, Evans has written numerous articles for photography and automotive magazines as well as professional journals. In addition, he has written eleven books about motor racing. In retirement, Evans pursues pastimes including writing about the fabulous fifties and serving as secretary and newsletter editor of The Fabulous Fifties Association.\",\"url\":\"https:\\\/\\\/www.supercars.net\\\/blog\\\/author\\\/art-evans\\\/\"}]}<\/script>\n<!-- \/ Yoast SEO plugin. -->","yoast_head_json":{"title":"Jon Von Neumann Remembered","description":"Jon Von Neumann Remembered","robots":{"index":"index","follow":"follow","max-snippet":"max-snippet:-1","max-image-preview":"max-image-preview:large","max-video-preview":"max-video-preview:-1"},"canonical":"https:\/\/www.supercars.net\/blog\/jon-von-neumann-remembered\/","next":"https:\/\/www.supercars.net\/blog\/jon-von-neumann-remembered\/2\/","og_locale":"en_US","og_type":"article","og_title":"Jon Von Neumann Remembered","og_description":"Jon Von Neumann Remembered","og_url":"https:\/\/www.supercars.net\/blog\/jon-von-neumann-remembered\/","og_site_name":"Supercars.net","article_publisher":"https:\/\/www.facebook.com\/Supercars.net\/","article_published_time":"2014-02-01T08:19:45+00:00","article_modified_time":"2024-01-08T14:14:02+00:00","og_image":[{"width":1080,"height":979,"url":"https:\/\/www.supercars.net\/blog\/wp-content\/uploads\/2014\/02\/RACEFEA201402-p4.jpg","type":"image\/jpeg"}],"author":"Art Evans","twitter_card":"summary_large_image","twitter_creator":"@supercars_net","twitter_site":"@supercars_net","twitter_misc":{"Written by":"Art Evans","Est. reading time":"25 minutes"},"schema":{"@context":"https:\/\/schema.org","@graph":[{"@type":"Article","@id":"https:\/\/www.supercars.net\/blog\/jon-von-neumann-remembered\/#article","isPartOf":{"@id":"https:\/\/www.supercars.net\/blog\/jon-von-neumann-remembered\/"},"author":{"name":"Art Evans","@id":"https:\/\/www.supercars.net\/blog\/#\/schema\/person\/8cc1bdfceb5198fc557ef54c1dfcd1b1"},"headline":"Jon Von Neumann Remembered","datePublished":"2014-02-01T08:19:45+00:00","dateModified":"2024-01-08T14:14:02+00:00","mainEntityOfPage":{"@id":"https:\/\/www.supercars.net\/blog\/jon-von-neumann-remembered\/"},"wordCount":5109,"commentCount":0,"image":{"@id":"https:\/\/www.supercars.net\/blog\/jon-von-neumann-remembered\/#primaryimage"},"thumbnailUrl":"https:\/\/www.supercars.net\/blog\/wp-content\/uploads\/2014\/02\/RACEFEA201402-p4.jpg","keywords":["Car Culture","People","People (John von Neumann)","People Profiles (All)","Profiles (All)"],"articleSection":["Car Culture","People","Profiles"],"inLanguage":"en-US","potentialAction":[{"@type":"CommentAction","name":"Comment","target":["https:\/\/www.supercars.net\/blog\/jon-von-neumann-remembered\/#respond"]}]},{"@type":"WebPage","@id":"https:\/\/www.supercars.net\/blog\/jon-von-neumann-remembered\/","url":"https:\/\/www.supercars.net\/blog\/jon-von-neumann-remembered\/","name":"Jon Von Neumann Remembered","isPartOf":{"@id":"https:\/\/www.supercars.net\/blog\/#website"},"primaryImageOfPage":{"@id":"https:\/\/www.supercars.net\/blog\/jon-von-neumann-remembered\/#primaryimage"},"image":{"@id":"https:\/\/www.supercars.net\/blog\/jon-von-neumann-remembered\/#primaryimage"},"thumbnailUrl":"https:\/\/www.supercars.net\/blog\/wp-content\/uploads\/2014\/02\/RACEFEA201402-p4.jpg","datePublished":"2014-02-01T08:19:45+00:00","dateModified":"2024-01-08T14:14:02+00:00","author":{"@id":"https:\/\/www.supercars.net\/blog\/#\/schema\/person\/8cc1bdfceb5198fc557ef54c1dfcd1b1"},"description":"Jon Von Neumann Remembered","inLanguage":"en-US","potentialAction":[{"@type":"ReadAction","target":["https:\/\/www.supercars.net\/blog\/jon-von-neumann-remembered\/"]}]},{"@type":"ImageObject","inLanguage":"en-US","@id":"https:\/\/www.supercars.net\/blog\/jon-von-neumann-remembered\/#primaryimage","url":"https:\/\/www.supercars.net\/blog\/wp-content\/uploads\/2014\/02\/RACEFEA201402-p4.jpg","contentUrl":"https:\/\/www.supercars.net\/blog\/wp-content\/uploads\/2014\/02\/RACEFEA201402-p4.jpg","width":1080,"height":979},{"@type":"WebSite","@id":"https:\/\/www.supercars.net\/blog\/#website","url":"https:\/\/www.supercars.net\/blog\/","name":"Supercars.net","description":"Exotic and Supercar news, information, pictures and videos","potentialAction":[{"@type":"SearchAction","target":{"@type":"EntryPoint","urlTemplate":"https:\/\/www.supercars.net\/blog\/?s={search_term_string}"},"query-input":{"@type":"PropertyValueSpecification","valueRequired":true,"valueName":"search_term_string"}}],"inLanguage":"en-US"},{"@type":"Person","@id":"https:\/\/www.supercars.net\/blog\/#\/schema\/person\/8cc1bdfceb5198fc557ef54c1dfcd1b1","name":"Art Evans","image":{"@type":"ImageObject","inLanguage":"en-US","@id":"https:\/\/www.supercars.net\/blog\/wp-content\/uploads\/2023\/10\/evans-293x293.jpg","url":"https:\/\/www.supercars.net\/blog\/wp-content\/uploads\/2023\/10\/evans-293x293.jpg","contentUrl":"https:\/\/www.supercars.net\/blog\/wp-content\/uploads\/2023\/10\/evans-293x293.jpg","caption":"Art Evans"},"description":"Art Evans has a varied and extensive background. During the fifties, he and his partner, OCee Ritch, had a public relations and advertising company that represented the MG Mitten Company, Devin Enterprises and Gough Industries among other car-related organizations. The author of ten books about photography plus others on different subjects, Evans has written numerous articles for photography and automotive magazines as well as professional journals. In addition, he has written eleven books about motor racing. In retirement, Evans pursues pastimes including writing about the fabulous fifties and serving as secretary and newsletter editor of The Fabulous Fifties Association.","url":"https:\/\/www.supercars.net\/blog\/author\/art-evans\/"}]}},"_links":{"self":[{"href":"https:\/\/www.supercars.net\/blog\/wp-json\/wp\/v2\/posts\/13168","targetHints":{"allow":["GET"]}}],"collection":[{"href":"https:\/\/www.supercars.net\/blog\/wp-json\/wp\/v2\/posts"}],"about":[{"href":"https:\/\/www.supercars.net\/blog\/wp-json\/wp\/v2\/types\/post"}],"author":[{"embeddable":true,"href":"https:\/\/www.supercars.net\/blog\/wp-json\/wp\/v2\/users\/121"}],"replies":[{"embeddable":true,"href":"https:\/\/www.supercars.net\/blog\/wp-json\/wp\/v2\/comments?post=13168"}],"version-history":[{"count":0,"href":"https:\/\/www.supercars.net\/blog\/wp-json\/wp\/v2\/posts\/13168\/revisions"}],"wp:featuredmedia":[{"embeddable":true,"href":"https:\/\/www.supercars.net\/blog\/wp-json\/wp\/v2\/media\/523457"}],"wp:attachment":[{"href":"https:\/\/www.supercars.net\/blog\/wp-json\/wp\/v2\/media?parent=13168"}],"wp:term":[{"taxonomy":"category","embeddable":true,"href":"https:\/\/www.supercars.net\/blog\/wp-json\/wp\/v2\/categories?post=13168"},{"taxonomy":"post_tag","embeddable":true,"href":"https:\/\/www.supercars.net\/blog\/wp-json\/wp\/v2\/tags?post=13168"}],"curies":[{"name":"wp","href":"https:\/\/api.w.org\/{rel}","templated":true}]}}