{"id":142382,"date":"2016-03-16T16:46:00","date_gmt":"2016-03-16T16:46:00","guid":{"rendered":"http:\/\/blog.supercars.net\/blog\/?p=142382"},"modified":"2023-12-15T19:58:04","modified_gmt":"2023-12-15T19:58:04","slug":"2013-dtm-saisonauftakt-in-hockenheim-ring-1","status":"publish","type":"post","link":"https:\/\/www.supercars.net\/blog\/2013-dtm-saisonauftakt-in-hockenheim-ring-1\/","title":{"rendered":"2013 DTM Saisonauftakt in Hockenheim-Ring"},"content":{"rendered":"<p>First round of the 2013 DTM season held at . Won by Augusto Farfus Jr for BMW Team RBM.<\/p>\n<figure class='gallery-item'>\r\n            <div class='gallery-icon landscape'>\r\n                <a href='https:\/\/www.supercars.net\/blog\/wp-content\/uploads\/2016\/03\/1086489-2048.jpg' class='tipi-lightbox'>\r\n\t\t\t\t<img decoding=\"async\" width=\"2048\" height=\"1365\" src=\"https:\/\/www.supercars.net\/blog\/wp-content\/uploads\/2016\/03\/1086489-2048.jpg\" class=\"attachment-full size-full\" alt=\"2013 DTM Saisonauftakt in Hockenheim-Ring\" srcset=\"https:\/\/www.supercars.net\/blog\/wp-content\/uploads\/2016\/03\/1086489-2048.jpg 2048w, https:\/\/www.supercars.net\/blog\/wp-content\/uploads\/2016\/03\/1086489-2048-300x200.jpg 300w, https:\/\/www.supercars.net\/blog\/wp-content\/uploads\/2016\/03\/1086489-2048-1024x683.jpg 1024w, https:\/\/www.supercars.net\/blog\/wp-content\/uploads\/2016\/03\/1086489-2048-100x67.jpg 100w, https:\/\/www.supercars.net\/blog\/wp-content\/uploads\/2016\/03\/1086489-2048-770x513.jpg 770w, https:\/\/www.supercars.net\/blog\/wp-content\/uploads\/2016\/03\/1086489-2048-1536x1024.jpg 1536w, https:\/\/www.supercars.net\/blog\/wp-content\/uploads\/2016\/03\/1086489-2048-360x240.jpg 360w, https:\/\/www.supercars.net\/blog\/wp-content\/uploads\/2016\/03\/1086489-2048-1155x770.jpg 1155w, https:\/\/www.supercars.net\/blog\/wp-content\/uploads\/2016\/03\/1086489-2048-370x247.jpg 370w, https:\/\/www.supercars.net\/blog\/wp-content\/uploads\/2016\/03\/1086489-2048-293x195.jpg 293w, https:\/\/www.supercars.net\/blog\/wp-content\/uploads\/2016\/03\/1086489-2048-1400x933.jpg 1400w\" sizes=\"(max-width: 2048px) 100vw, 2048px\" \/>\r\n\t\t\t\t<\/a>\r\n            <\/div>\r\n                <div class='wp-caption-text gallery-caption'>\r\n                Start\r\n                <\/div><\/figure><figure class='gallery-item'>\r\n            <div class='gallery-icon landscape'>\r\n                <a href='https:\/\/www.supercars.net\/blog\/wp-content\/uploads\/2016\/03\/1086490-2048.jpg' class='tipi-lightbox'>\r\n\t\t\t\t<img decoding=\"async\" width=\"2048\" height=\"1365\" src=\"https:\/\/www.supercars.net\/blog\/wp-content\/uploads\/2016\/03\/1086490-2048.jpg\" class=\"attachment-full size-full\" alt=\"2013 DTM Saisonauftakt in Hockenheim-Ring\" srcset=\"https:\/\/www.supercars.net\/blog\/wp-content\/uploads\/2016\/03\/1086490-2048.jpg 2048w, https:\/\/www.supercars.net\/blog\/wp-content\/uploads\/2016\/03\/1086490-2048-300x200.jpg 300w, https:\/\/www.supercars.net\/blog\/wp-content\/uploads\/2016\/03\/1086490-2048-1024x683.jpg 1024w, https:\/\/www.supercars.net\/blog\/wp-content\/uploads\/2016\/03\/1086490-2048-100x67.jpg 100w, https:\/\/www.supercars.net\/blog\/wp-content\/uploads\/2016\/03\/1086490-2048-770x513.jpg 770w, https:\/\/www.supercars.net\/blog\/wp-content\/uploads\/2016\/03\/1086490-2048-1536x1024.jpg 1536w, https:\/\/www.supercars.net\/blog\/wp-content\/uploads\/2016\/03\/1086490-2048-360x240.jpg 360w, https:\/\/www.supercars.net\/blog\/wp-content\/uploads\/2016\/03\/1086490-2048-1155x770.jpg 1155w, https:\/\/www.supercars.net\/blog\/wp-content\/uploads\/2016\/03\/1086490-2048-370x247.jpg 370w, https:\/\/www.supercars.net\/blog\/wp-content\/uploads\/2016\/03\/1086490-2048-293x195.jpg 293w, https:\/\/www.supercars.net\/blog\/wp-content\/uploads\/2016\/03\/1086490-2048-1400x933.jpg 1400w\" sizes=\"(max-width: 2048px) 100vw, 2048px\" \/>\r\n\t\t\t\t<\/a>\r\n            <\/div>\r\n                <div class='wp-caption-text gallery-caption'>\r\n                Hockenheim (DE) 05th May 2013. BMW Motorsport. Augusto Farfus (BR) Castrol Edge BMW M3 DTM. This image is copyright free for editorial use \u00a9 BMW AG (05\/2013).\r\n                <\/div><\/figure><figure class='gallery-item'>\r\n            <div class='gallery-icon landscape'>\r\n                <a href='https:\/\/www.supercars.net\/blog\/wp-content\/uploads\/2016\/03\/1086491-2048.jpg' class='tipi-lightbox'>\r\n\t\t\t\t<img decoding=\"async\" width=\"2048\" height=\"1365\" src=\"https:\/\/www.supercars.net\/blog\/wp-content\/uploads\/2016\/03\/1086491-2048.jpg\" class=\"attachment-full size-full\" alt=\"2013 DTM Saisonauftakt in Hockenheim-Ring\" srcset=\"https:\/\/www.supercars.net\/blog\/wp-content\/uploads\/2016\/03\/1086491-2048.jpg 2048w, https:\/\/www.supercars.net\/blog\/wp-content\/uploads\/2016\/03\/1086491-2048-300x200.jpg 300w, https:\/\/www.supercars.net\/blog\/wp-content\/uploads\/2016\/03\/1086491-2048-1024x683.jpg 1024w, https:\/\/www.supercars.net\/blog\/wp-content\/uploads\/2016\/03\/1086491-2048-100x67.jpg 100w, https:\/\/www.supercars.net\/blog\/wp-content\/uploads\/2016\/03\/1086491-2048-770x513.jpg 770w, https:\/\/www.supercars.net\/blog\/wp-content\/uploads\/2016\/03\/1086491-2048-1536x1024.jpg 1536w, https:\/\/www.supercars.net\/blog\/wp-content\/uploads\/2016\/03\/1086491-2048-360x240.jpg 360w, https:\/\/www.supercars.net\/blog\/wp-content\/uploads\/2016\/03\/1086491-2048-1155x770.jpg 1155w, https:\/\/www.supercars.net\/blog\/wp-content\/uploads\/2016\/03\/1086491-2048-370x247.jpg 370w, https:\/\/www.supercars.net\/blog\/wp-content\/uploads\/2016\/03\/1086491-2048-293x195.jpg 293w, https:\/\/www.supercars.net\/blog\/wp-content\/uploads\/2016\/03\/1086491-2048-1400x933.jpg 1400w\" sizes=\"(max-width: 2048px) 100vw, 2048px\" \/>\r\n\t\t\t\t<\/a>\r\n            <\/div>\r\n                <div class='wp-caption-text gallery-caption'>\r\n                Hockenheim (DE) 05th May 2013. BMW Motorsport. Winner Augusto Farfus (BR) Castrol Edge BMW M3 DTM, Martin Tomczyk (DE) BMW M Performance Parts M3 DTM and Dirk Werner (DE) SAMSUNG BMW M3 DTM. This image is copyright free for editorial use \u00a9 BMW AG (05\/2013).\r\n                <\/div><\/figure><figure class='gallery-item'>\r\n            <div class='gallery-icon landscape'>\r\n                <a href='https:\/\/www.supercars.net\/blog\/wp-content\/uploads\/2016\/03\/1086492-2048.jpg' class='tipi-lightbox'>\r\n\t\t\t\t<img decoding=\"async\" width=\"2048\" height=\"1365\" src=\"https:\/\/www.supercars.net\/blog\/wp-content\/uploads\/2016\/03\/1086492-2048.jpg\" class=\"attachment-full size-full\" alt=\"2013 DTM Saisonauftakt in Hockenheim-Ring\" srcset=\"https:\/\/www.supercars.net\/blog\/wp-content\/uploads\/2016\/03\/1086492-2048.jpg 2048w, https:\/\/www.supercars.net\/blog\/wp-content\/uploads\/2016\/03\/1086492-2048-300x200.jpg 300w, https:\/\/www.supercars.net\/blog\/wp-content\/uploads\/2016\/03\/1086492-2048-1024x683.jpg 1024w, https:\/\/www.supercars.net\/blog\/wp-content\/uploads\/2016\/03\/1086492-2048-100x67.jpg 100w, https:\/\/www.supercars.net\/blog\/wp-content\/uploads\/2016\/03\/1086492-2048-770x513.jpg 770w, https:\/\/www.supercars.net\/blog\/wp-content\/uploads\/2016\/03\/1086492-2048-1536x1024.jpg 1536w, https:\/\/www.supercars.net\/blog\/wp-content\/uploads\/2016\/03\/1086492-2048-360x240.jpg 360w, https:\/\/www.supercars.net\/blog\/wp-content\/uploads\/2016\/03\/1086492-2048-1155x770.jpg 1155w, https:\/\/www.supercars.net\/blog\/wp-content\/uploads\/2016\/03\/1086492-2048-370x247.jpg 370w, https:\/\/www.supercars.net\/blog\/wp-content\/uploads\/2016\/03\/1086492-2048-293x195.jpg 293w, https:\/\/www.supercars.net\/blog\/wp-content\/uploads\/2016\/03\/1086492-2048-1400x933.jpg 1400w\" sizes=\"(max-width: 2048px) 100vw, 2048px\" \/>\r\n\t\t\t\t<\/a>\r\n            <\/div>\r\n                <div class='wp-caption-text gallery-caption'>\r\n                Hockenheim (DE) 05th May 2013. BMW Motorsport. Winner Augusto Farfus (BR) Castrol Edge BMW M3 DTM. This image is copyright free for editorial use \u00a9 BMW AG (05\/2013).\r\n                <\/div><\/figure><figure class='gallery-item'>\r\n            <div class='gallery-icon landscape'>\r\n                <a href='https:\/\/www.supercars.net\/blog\/wp-content\/uploads\/2016\/03\/1086493-2048.jpg' class='tipi-lightbox'>\r\n\t\t\t\t<img decoding=\"async\" width=\"2048\" height=\"1365\" src=\"https:\/\/www.supercars.net\/blog\/wp-content\/uploads\/2016\/03\/1086493-2048.jpg\" class=\"attachment-full size-full\" alt=\"2013 DTM Saisonauftakt in Hockenheim-Ring\" srcset=\"https:\/\/www.supercars.net\/blog\/wp-content\/uploads\/2016\/03\/1086493-2048.jpg 2048w, https:\/\/www.supercars.net\/blog\/wp-content\/uploads\/2016\/03\/1086493-2048-300x200.jpg 300w, https:\/\/www.supercars.net\/blog\/wp-content\/uploads\/2016\/03\/1086493-2048-1024x683.jpg 1024w, https:\/\/www.supercars.net\/blog\/wp-content\/uploads\/2016\/03\/1086493-2048-100x67.jpg 100w, https:\/\/www.supercars.net\/blog\/wp-content\/uploads\/2016\/03\/1086493-2048-770x513.jpg 770w, https:\/\/www.supercars.net\/blog\/wp-content\/uploads\/2016\/03\/1086493-2048-1536x1024.jpg 1536w, https:\/\/www.supercars.net\/blog\/wp-content\/uploads\/2016\/03\/1086493-2048-360x240.jpg 360w, https:\/\/www.supercars.net\/blog\/wp-content\/uploads\/2016\/03\/1086493-2048-1155x770.jpg 1155w, https:\/\/www.supercars.net\/blog\/wp-content\/uploads\/2016\/03\/1086493-2048-370x247.jpg 370w, https:\/\/www.supercars.net\/blog\/wp-content\/uploads\/2016\/03\/1086493-2048-293x195.jpg 293w, https:\/\/www.supercars.net\/blog\/wp-content\/uploads\/2016\/03\/1086493-2048-1400x933.jpg 1400w\" sizes=\"(max-width: 2048px) 100vw, 2048px\" \/>\r\n\t\t\t\t<\/a>\r\n            <\/div>\r\n                <div class='wp-caption-text gallery-caption'>\r\n                Hockenheim (DE) 05th May 2013. BMW Motorsport. Timo Glock (DE) Deutsche Post BMW M3 DTM and Augusto Farfus (BR) Castrol Edge BMW M3 DTM. This image is copyright free for editorial use \u00a9 BMW AG (05\/2013).\r\n                <\/div><\/figure><figure class='gallery-item'>\r\n            <div class='gallery-icon landscape'>\r\n                <a href='https:\/\/www.supercars.net\/blog\/wp-content\/uploads\/2016\/03\/1086494-2048-1.jpg' class='tipi-lightbox'>\r\n\t\t\t\t<img decoding=\"async\" width=\"2048\" height=\"1152\" src=\"https:\/\/www.supercars.net\/blog\/wp-content\/uploads\/2016\/03\/1086494-2048-1.jpg\" class=\"attachment-full size-full\" alt=\"2013 DTM Saisonauftakt in Hockenheim-Ring\" srcset=\"https:\/\/www.supercars.net\/blog\/wp-content\/uploads\/2016\/03\/1086494-2048-1.jpg 2048w, https:\/\/www.supercars.net\/blog\/wp-content\/uploads\/2016\/03\/1086494-2048-1-300x169.jpg 300w, https:\/\/www.supercars.net\/blog\/wp-content\/uploads\/2016\/03\/1086494-2048-1-1024x576.jpg 1024w, https:\/\/www.supercars.net\/blog\/wp-content\/uploads\/2016\/03\/1086494-2048-1-100x56.jpg 100w, https:\/\/www.supercars.net\/blog\/wp-content\/uploads\/2016\/03\/1086494-2048-1-770x433.jpg 770w, https:\/\/www.supercars.net\/blog\/wp-content\/uploads\/2016\/03\/1086494-2048-1-1536x864.jpg 1536w, https:\/\/www.supercars.net\/blog\/wp-content\/uploads\/2016\/03\/1086494-2048-1-293x165.jpg 293w, https:\/\/www.supercars.net\/blog\/wp-content\/uploads\/2016\/03\/1086494-2048-1-1400x788.jpg 1400w\" sizes=\"(max-width: 2048px) 100vw, 2048px\" \/>\r\n\t\t\t\t<\/a>\r\n            <\/div>\r\n                <div class='wp-caption-text gallery-caption'>\r\n                Wie jedes Jahr pilgerten wir auch in dieser Rennsaison wieder an den Hockenheimring, um uns die DTM und ihr Rahmenprogramm, den Carrera Cup und die Formel 3 Euroserie, anzuschauen. Das DTM Reglement wurde im Winter deutlich ver\u00e4ndert, um die Rennen, \u00e4hnlich wie bei der Formel 1, noch interessanter zu gestalten. Hinzugekommen ist eine neue Reifenmischung und das aus der Formel 1 bekannte DRS System am Heckfl\u00fcgel, wodurch mehr \u00dcberholman\u00f6ver generiert werden sollen.\nNach einem verregneten Qualifying am Samstag, was wir von zu Hause verfolgten, startete das erste Saisonrennen bei strahlendem Sonnenschein und 23 Grad im gut besetzten Motodrom.  Audi und Timo Scheider konnten die Pole Position nicht verteidigen und mussten sich am Ende der BMW Truppe geschlagen geben. Augusto Farfus fuhr ein tadelloses Rennen und gewann souver\u00e4n vor Markenkollege Dirk Werner, der immerhin von Platz 22 ins Rennen ging. Komplettiert wurde das Podium von Mercedes AMG Nachwuchsfahrer Christian Vietoris, der ebenfalls eine tolle Leistung zeigte. Generell schlugen sich fast alle Nachwuchsfahrer sehr gut und fuhren solide Punkte ein. Dem Formel 1 Aussteiger Timo Glock blieben in seinem ersten DTM Rennen Punkte jedoch verw\u00e4hrt, da er nach einem missgl\u00fcckten Boxenstopp ein Rad verlor und von der Strecke abkam. Dennoch lieferte er bis dahin eine solide Leistung und konnte sich zwischenzeitlich in die Top 10 vorarbeiten.\n\nhttp:\/\/www.dtm.com\n\nhttp:\/\/www.hockenheimring.net\n\nFollow me on Flickr:\nhttp:\/\/www.flickr.com\/photos\/johannesb1987\/\r\n                <\/div><\/figure><figure class='gallery-item'>\r\n            <div class='gallery-icon landscape'>\r\n                <a href='https:\/\/www.supercars.net\/blog\/wp-content\/uploads\/2016\/03\/1086494-2048.jpg' class='tipi-lightbox'>\r\n\t\t\t\t<img decoding=\"async\" width=\"2048\" height=\"1152\" src=\"https:\/\/www.supercars.net\/blog\/wp-content\/uploads\/2016\/03\/1086494-2048.jpg\" class=\"attachment-full size-full\" alt=\"2013 DTM Saisonauftakt in Hockenheim-Ring\" srcset=\"https:\/\/www.supercars.net\/blog\/wp-content\/uploads\/2016\/03\/1086494-2048.jpg 2048w, https:\/\/www.supercars.net\/blog\/wp-content\/uploads\/2016\/03\/1086494-2048-300x169.jpg 300w, https:\/\/www.supercars.net\/blog\/wp-content\/uploads\/2016\/03\/1086494-2048-1024x576.jpg 1024w, https:\/\/www.supercars.net\/blog\/wp-content\/uploads\/2016\/03\/1086494-2048-100x56.jpg 100w, https:\/\/www.supercars.net\/blog\/wp-content\/uploads\/2016\/03\/1086494-2048-770x433.jpg 770w, https:\/\/www.supercars.net\/blog\/wp-content\/uploads\/2016\/03\/1086494-2048-1536x864.jpg 1536w, https:\/\/www.supercars.net\/blog\/wp-content\/uploads\/2016\/03\/1086494-2048-293x165.jpg 293w, https:\/\/www.supercars.net\/blog\/wp-content\/uploads\/2016\/03\/1086494-2048-1400x788.jpg 1400w\" sizes=\"(max-width: 2048px) 100vw, 2048px\" \/>\r\n\t\t\t\t<\/a>\r\n            <\/div>\r\n                <div class='wp-caption-text gallery-caption'>\r\n                Wie jedes Jahr pilgerten wir auch in dieser Rennsaison wieder an den Hockenheimring, um uns die DTM und ihr Rahmenprogramm, den Carrera Cup und die Formel 3 Euroserie, anzuschauen. Das DTM Reglement wurde im Winter deutlich ver\u00e4ndert, um die Rennen, \u00e4hnlich wie bei der Formel 1, noch interessanter zu gestalten. Hinzugekommen ist eine neue Reifenmischung und das aus der Formel 1 bekannte DRS System am Heckfl\u00fcgel, wodurch mehr \u00dcberholman\u00f6ver generiert werden sollen.\nNach einem verregneten Qualifying am Samstag, was wir von zu Hause verfolgten, startete das erste Saisonrennen bei strahlendem Sonnenschein und 23 Grad im gut besetzten Motodrom.  Audi und Timo Scheider konnten die Pole Position nicht verteidigen und mussten sich am Ende der BMW Truppe geschlagen geben. Augusto Farfus fuhr ein tadelloses Rennen und gewann souver\u00e4n vor Markenkollege Dirk Werner, der immerhin von Platz 22 ins Rennen ging. Komplettiert wurde das Podium von Mercedes AMG Nachwuchsfahrer Christian Vietoris, der ebenfalls eine tolle Leistung zeigte. Generell schlugen sich fast alle Nachwuchsfahrer sehr gut und fuhren solide Punkte ein. Dem Formel 1 Aussteiger Timo Glock blieben in seinem ersten DTM Rennen Punkte jedoch verw\u00e4hrt, da er nach einem missgl\u00fcckten Boxenstopp ein Rad verlor und von der Strecke abkam. Dennoch lieferte er bis dahin eine solide Leistung und konnte sich zwischenzeitlich in die Top 10 vorarbeiten.\n\nhttp:\/\/www.dtm.com\n\nhttp:\/\/www.hockenheimring.net\n\nFollow me on Flickr:\nhttp:\/\/www.flickr.com\/photos\/johannesb1987\/\r\n                <\/div><\/figure><figure class='gallery-item'>\r\n            <div class='gallery-icon landscape'>\r\n                <a href='https:\/\/www.supercars.net\/blog\/wp-content\/uploads\/2016\/03\/1086495-2048.jpg' class='tipi-lightbox'>\r\n\t\t\t\t<img decoding=\"async\" width=\"2048\" height=\"1365\" src=\"https:\/\/www.supercars.net\/blog\/wp-content\/uploads\/2016\/03\/1086495-2048.jpg\" class=\"attachment-full size-full\" alt=\"2013 DTM Saisonauftakt in Hockenheim-Ring\" srcset=\"https:\/\/www.supercars.net\/blog\/wp-content\/uploads\/2016\/03\/1086495-2048.jpg 2048w, https:\/\/www.supercars.net\/blog\/wp-content\/uploads\/2016\/03\/1086495-2048-300x200.jpg 300w, https:\/\/www.supercars.net\/blog\/wp-content\/uploads\/2016\/03\/1086495-2048-1024x683.jpg 1024w, https:\/\/www.supercars.net\/blog\/wp-content\/uploads\/2016\/03\/1086495-2048-100x67.jpg 100w, https:\/\/www.supercars.net\/blog\/wp-content\/uploads\/2016\/03\/1086495-2048-770x513.jpg 770w, https:\/\/www.supercars.net\/blog\/wp-content\/uploads\/2016\/03\/1086495-2048-1536x1024.jpg 1536w, https:\/\/www.supercars.net\/blog\/wp-content\/uploads\/2016\/03\/1086495-2048-360x240.jpg 360w, https:\/\/www.supercars.net\/blog\/wp-content\/uploads\/2016\/03\/1086495-2048-1155x770.jpg 1155w, https:\/\/www.supercars.net\/blog\/wp-content\/uploads\/2016\/03\/1086495-2048-370x247.jpg 370w, https:\/\/www.supercars.net\/blog\/wp-content\/uploads\/2016\/03\/1086495-2048-293x195.jpg 293w, https:\/\/www.supercars.net\/blog\/wp-content\/uploads\/2016\/03\/1086495-2048-1400x933.jpg 1400w\" sizes=\"(max-width: 2048px) 100vw, 2048px\" \/>\r\n\t\t\t\t<\/a>\r\n            <\/div>\r\n                <div class='wp-caption-text gallery-caption'>\r\n                Hassloch (DE) 04th May 2013. BMW Motorsport. Andy Priaulx (GB) Crowne Plaza Hotels BMW M3 DTM. This image is copyright free for editorial use \u00a9 BMW AG (05\/2013).\r\n                <\/div><\/figure><figure class='gallery-item'>\r\n            <div class='gallery-icon landscape'>\r\n                <a href='https:\/\/www.supercars.net\/blog\/wp-content\/uploads\/2016\/03\/1086496-2048.jpg' class='tipi-lightbox'>\r\n\t\t\t\t<img decoding=\"async\" width=\"2048\" height=\"1366\" src=\"https:\/\/www.supercars.net\/blog\/wp-content\/uploads\/2016\/03\/1086496-2048.jpg\" class=\"attachment-full size-full\" alt=\"2013 DTM Saisonauftakt in Hockenheim-Ring\" srcset=\"https:\/\/www.supercars.net\/blog\/wp-content\/uploads\/2016\/03\/1086496-2048.jpg 2048w, https:\/\/www.supercars.net\/blog\/wp-content\/uploads\/2016\/03\/1086496-2048-300x200.jpg 300w, https:\/\/www.supercars.net\/blog\/wp-content\/uploads\/2016\/03\/1086496-2048-1024x683.jpg 1024w, https:\/\/www.supercars.net\/blog\/wp-content\/uploads\/2016\/03\/1086496-2048-100x67.jpg 100w, https:\/\/www.supercars.net\/blog\/wp-content\/uploads\/2016\/03\/1086496-2048-770x514.jpg 770w, https:\/\/www.supercars.net\/blog\/wp-content\/uploads\/2016\/03\/1086496-2048-1536x1025.jpg 1536w, https:\/\/www.supercars.net\/blog\/wp-content\/uploads\/2016\/03\/1086496-2048-360x240.jpg 360w, https:\/\/www.supercars.net\/blog\/wp-content\/uploads\/2016\/03\/1086496-2048-1155x770.jpg 1155w, https:\/\/www.supercars.net\/blog\/wp-content\/uploads\/2016\/03\/1086496-2048-370x247.jpg 370w, https:\/\/www.supercars.net\/blog\/wp-content\/uploads\/2016\/03\/1086496-2048-293x195.jpg 293w, https:\/\/www.supercars.net\/blog\/wp-content\/uploads\/2016\/03\/1086496-2048-1400x934.jpg 1400w\" sizes=\"(max-width: 2048px) 100vw, 2048px\" \/>\r\n\t\t\t\t<\/a>\r\n            <\/div>\r\n                <div class='wp-caption-text gallery-caption'>\r\n                21 Marco Wittmann (D), BMW Team MTEK, BMW M3 DTM\r\n                <\/div><\/figure><figure class='gallery-item'>\r\n            <div class='gallery-icon landscape'>\r\n                <a href='https:\/\/www.supercars.net\/blog\/wp-content\/uploads\/2016\/03\/1086497-2048.jpg' class='tipi-lightbox'>\r\n\t\t\t\t<img decoding=\"async\" width=\"2048\" height=\"1365\" src=\"https:\/\/www.supercars.net\/blog\/wp-content\/uploads\/2016\/03\/1086497-2048.jpg\" class=\"attachment-full size-full\" alt=\"2013 DTM Saisonauftakt in Hockenheim-Ring\" srcset=\"https:\/\/www.supercars.net\/blog\/wp-content\/uploads\/2016\/03\/1086497-2048.jpg 2048w, https:\/\/www.supercars.net\/blog\/wp-content\/uploads\/2016\/03\/1086497-2048-300x200.jpg 300w, https:\/\/www.supercars.net\/blog\/wp-content\/uploads\/2016\/03\/1086497-2048-1024x683.jpg 1024w, https:\/\/www.supercars.net\/blog\/wp-content\/uploads\/2016\/03\/1086497-2048-100x67.jpg 100w, https:\/\/www.supercars.net\/blog\/wp-content\/uploads\/2016\/03\/1086497-2048-770x513.jpg 770w, https:\/\/www.supercars.net\/blog\/wp-content\/uploads\/2016\/03\/1086497-2048-1536x1024.jpg 1536w, https:\/\/www.supercars.net\/blog\/wp-content\/uploads\/2016\/03\/1086497-2048-360x240.jpg 360w, https:\/\/www.supercars.net\/blog\/wp-content\/uploads\/2016\/03\/1086497-2048-1155x770.jpg 1155w, https:\/\/www.supercars.net\/blog\/wp-content\/uploads\/2016\/03\/1086497-2048-370x247.jpg 370w, https:\/\/www.supercars.net\/blog\/wp-content\/uploads\/2016\/03\/1086497-2048-293x195.jpg 293w, https:\/\/www.supercars.net\/blog\/wp-content\/uploads\/2016\/03\/1086497-2048-1400x933.jpg 1400w\" sizes=\"(max-width: 2048px) 100vw, 2048px\" \/>\r\n\t\t\t\t<\/a>\r\n            <\/div>\r\n                <div class='wp-caption-text gallery-caption'>\r\n                Hockenheim (DE) 05th May 2013. BMW Motorsport. Bruno Spengler (DE) BMW Bank M3 DTM. This image is copyright free for editorial use \u00a9 BMW AG (05\/2013).\r\n                <\/div><\/figure><figure class='gallery-item'>\r\n            <div class='gallery-icon landscape'>\r\n                <a href='https:\/\/www.supercars.net\/blog\/wp-content\/uploads\/2016\/03\/1086498-2048.jpg' class='tipi-lightbox'>\r\n\t\t\t\t<img decoding=\"async\" width=\"2048\" height=\"1365\" src=\"https:\/\/www.supercars.net\/blog\/wp-content\/uploads\/2016\/03\/1086498-2048.jpg\" class=\"attachment-full size-full\" alt=\"2013 DTM Saisonauftakt in Hockenheim-Ring\" srcset=\"https:\/\/www.supercars.net\/blog\/wp-content\/uploads\/2016\/03\/1086498-2048.jpg 2048w, https:\/\/www.supercars.net\/blog\/wp-content\/uploads\/2016\/03\/1086498-2048-300x200.jpg 300w, https:\/\/www.supercars.net\/blog\/wp-content\/uploads\/2016\/03\/1086498-2048-1024x683.jpg 1024w, https:\/\/www.supercars.net\/blog\/wp-content\/uploads\/2016\/03\/1086498-2048-100x67.jpg 100w, https:\/\/www.supercars.net\/blog\/wp-content\/uploads\/2016\/03\/1086498-2048-770x513.jpg 770w, https:\/\/www.supercars.net\/blog\/wp-content\/uploads\/2016\/03\/1086498-2048-1536x1024.jpg 1536w, https:\/\/www.supercars.net\/blog\/wp-content\/uploads\/2016\/03\/1086498-2048-360x240.jpg 360w, https:\/\/www.supercars.net\/blog\/wp-content\/uploads\/2016\/03\/1086498-2048-1155x770.jpg 1155w, https:\/\/www.supercars.net\/blog\/wp-content\/uploads\/2016\/03\/1086498-2048-370x247.jpg 370w, https:\/\/www.supercars.net\/blog\/wp-content\/uploads\/2016\/03\/1086498-2048-293x195.jpg 293w, https:\/\/www.supercars.net\/blog\/wp-content\/uploads\/2016\/03\/1086498-2048-1400x933.jpg 1400w\" sizes=\"(max-width: 2048px) 100vw, 2048px\" \/>\r\n\t\t\t\t<\/a>\r\n            <\/div>\r\n                <div class='wp-caption-text gallery-caption'>\r\n                Hockenheim (DE) 05th May 2013. BMW Motorsport. Joey Hand (US) BMW M3 DTM, Andy Priaulx (GB) Crowne Plaza Hotels BMW M3 DTM and Dirk Werner (DE) SAMSUNG BMW M3 DTM. This image is copyright free for editorial use \u00a9 BMW AG (05\/2013).\r\n                <\/div><\/figure><figure class='gallery-item'>\r\n            <div class='gallery-icon landscape'>\r\n                <a href='https:\/\/www.supercars.net\/blog\/wp-content\/uploads\/2016\/03\/1086499-2048.jpg' class='tipi-lightbox'>\r\n\t\t\t\t<img decoding=\"async\" width=\"2048\" height=\"1365\" src=\"https:\/\/www.supercars.net\/blog\/wp-content\/uploads\/2016\/03\/1086499-2048.jpg\" class=\"attachment-full size-full\" alt=\"2013 DTM Saisonauftakt in Hockenheim-Ring\" srcset=\"https:\/\/www.supercars.net\/blog\/wp-content\/uploads\/2016\/03\/1086499-2048.jpg 2048w, https:\/\/www.supercars.net\/blog\/wp-content\/uploads\/2016\/03\/1086499-2048-300x200.jpg 300w, https:\/\/www.supercars.net\/blog\/wp-content\/uploads\/2016\/03\/1086499-2048-1024x683.jpg 1024w, https:\/\/www.supercars.net\/blog\/wp-content\/uploads\/2016\/03\/1086499-2048-100x67.jpg 100w, https:\/\/www.supercars.net\/blog\/wp-content\/uploads\/2016\/03\/1086499-2048-770x513.jpg 770w, https:\/\/www.supercars.net\/blog\/wp-content\/uploads\/2016\/03\/1086499-2048-1536x1024.jpg 1536w, https:\/\/www.supercars.net\/blog\/wp-content\/uploads\/2016\/03\/1086499-2048-360x240.jpg 360w, https:\/\/www.supercars.net\/blog\/wp-content\/uploads\/2016\/03\/1086499-2048-1155x770.jpg 1155w, https:\/\/www.supercars.net\/blog\/wp-content\/uploads\/2016\/03\/1086499-2048-370x247.jpg 370w, https:\/\/www.supercars.net\/blog\/wp-content\/uploads\/2016\/03\/1086499-2048-293x195.jpg 293w, https:\/\/www.supercars.net\/blog\/wp-content\/uploads\/2016\/03\/1086499-2048-1400x933.jpg 1400w\" sizes=\"(max-width: 2048px) 100vw, 2048px\" \/>\r\n\t\t\t\t<\/a>\r\n            <\/div>\r\n                <div class='wp-caption-text gallery-caption'>\r\n                Saisonauftakt DTM 2013 &#8211; Hockenheimring\r\n                <\/div><\/figure><figure class='gallery-item'>\r\n            <div class='gallery-icon landscape'>\r\n                <a href='https:\/\/www.supercars.net\/blog\/wp-content\/uploads\/2016\/03\/1086500-2048.jpg' class='tipi-lightbox'>\r\n\t\t\t\t<img decoding=\"async\" width=\"2048\" height=\"1365\" src=\"https:\/\/www.supercars.net\/blog\/wp-content\/uploads\/2016\/03\/1086500-2048.jpg\" class=\"attachment-full size-full\" alt=\"2013 DTM Saisonauftakt in Hockenheim-Ring\" srcset=\"https:\/\/www.supercars.net\/blog\/wp-content\/uploads\/2016\/03\/1086500-2048.jpg 2048w, https:\/\/www.supercars.net\/blog\/wp-content\/uploads\/2016\/03\/1086500-2048-300x200.jpg 300w, https:\/\/www.supercars.net\/blog\/wp-content\/uploads\/2016\/03\/1086500-2048-1024x683.jpg 1024w, https:\/\/www.supercars.net\/blog\/wp-content\/uploads\/2016\/03\/1086500-2048-100x67.jpg 100w, https:\/\/www.supercars.net\/blog\/wp-content\/uploads\/2016\/03\/1086500-2048-770x513.jpg 770w, https:\/\/www.supercars.net\/blog\/wp-content\/uploads\/2016\/03\/1086500-2048-1536x1024.jpg 1536w, https:\/\/www.supercars.net\/blog\/wp-content\/uploads\/2016\/03\/1086500-2048-360x240.jpg 360w, https:\/\/www.supercars.net\/blog\/wp-content\/uploads\/2016\/03\/1086500-2048-1155x770.jpg 1155w, https:\/\/www.supercars.net\/blog\/wp-content\/uploads\/2016\/03\/1086500-2048-370x247.jpg 370w, https:\/\/www.supercars.net\/blog\/wp-content\/uploads\/2016\/03\/1086500-2048-293x195.jpg 293w, https:\/\/www.supercars.net\/blog\/wp-content\/uploads\/2016\/03\/1086500-2048-1400x933.jpg 1400w\" sizes=\"(max-width: 2048px) 100vw, 2048px\" \/>\r\n\t\t\t\t<\/a>\r\n            <\/div>\r\n                <div class='wp-caption-text gallery-caption'>\r\n                Hockenheim (DE) 05th May 2013. BMW Motorsport. Dirk Werner (DE) SAMSUNG BMW M3 DTM. This image is copyright free for editorial use \u00a9 BMW AG (05\/2013).\r\n                <\/div><\/figure><figure class='gallery-item'>\r\n            <div class='gallery-icon landscape'>\r\n                <a href='https:\/\/www.supercars.net\/blog\/wp-content\/uploads\/2016\/03\/1086501-2048.jpg' class='tipi-lightbox'>\r\n\t\t\t\t<img decoding=\"async\" width=\"2048\" height=\"1365\" src=\"https:\/\/www.supercars.net\/blog\/wp-content\/uploads\/2016\/03\/1086501-2048.jpg\" class=\"attachment-full size-full\" alt=\"2013 DTM Saisonauftakt in Hockenheim-Ring\" srcset=\"https:\/\/www.supercars.net\/blog\/wp-content\/uploads\/2016\/03\/1086501-2048.jpg 2048w, https:\/\/www.supercars.net\/blog\/wp-content\/uploads\/2016\/03\/1086501-2048-300x200.jpg 300w, https:\/\/www.supercars.net\/blog\/wp-content\/uploads\/2016\/03\/1086501-2048-1024x683.jpg 1024w, https:\/\/www.supercars.net\/blog\/wp-content\/uploads\/2016\/03\/1086501-2048-100x67.jpg 100w, https:\/\/www.supercars.net\/blog\/wp-content\/uploads\/2016\/03\/1086501-2048-770x513.jpg 770w, https:\/\/www.supercars.net\/blog\/wp-content\/uploads\/2016\/03\/1086501-2048-1536x1024.jpg 1536w, https:\/\/www.supercars.net\/blog\/wp-content\/uploads\/2016\/03\/1086501-2048-360x240.jpg 360w, https:\/\/www.supercars.net\/blog\/wp-content\/uploads\/2016\/03\/1086501-2048-1155x770.jpg 1155w, https:\/\/www.supercars.net\/blog\/wp-content\/uploads\/2016\/03\/1086501-2048-370x247.jpg 370w, https:\/\/www.supercars.net\/blog\/wp-content\/uploads\/2016\/03\/1086501-2048-293x195.jpg 293w, https:\/\/www.supercars.net\/blog\/wp-content\/uploads\/2016\/03\/1086501-2048-1400x933.jpg 1400w\" sizes=\"(max-width: 2048px) 100vw, 2048px\" \/>\r\n\t\t\t\t<\/a>\r\n            <\/div>\r\n                <div class='wp-caption-text gallery-caption'>\r\n                Hockenheim (DE) 05th May 2013. BMW Motorsport.Dirk Werner (DE) SAMSUNG BMW M3 DTM, Pit Stop BMW Team Schnitzer. This image is copyright free for editorial use \u00a9 BMW AG (05\/2013).\r\n                <\/div><\/figure><figure class='gallery-item'>\r\n            <div class='gallery-icon landscape'>\r\n                <a href='https:\/\/www.supercars.net\/blog\/wp-content\/uploads\/2016\/03\/1086502-2048.jpg' class='tipi-lightbox'>\r\n\t\t\t\t<img decoding=\"async\" width=\"2048\" height=\"1152\" src=\"https:\/\/www.supercars.net\/blog\/wp-content\/uploads\/2016\/03\/1086502-2048.jpg\" class=\"attachment-full size-full\" alt=\"2013 DTM Saisonauftakt in Hockenheim-Ring\" srcset=\"https:\/\/www.supercars.net\/blog\/wp-content\/uploads\/2016\/03\/1086502-2048.jpg 2048w, https:\/\/www.supercars.net\/blog\/wp-content\/uploads\/2016\/03\/1086502-2048-300x169.jpg 300w, https:\/\/www.supercars.net\/blog\/wp-content\/uploads\/2016\/03\/1086502-2048-1024x576.jpg 1024w, https:\/\/www.supercars.net\/blog\/wp-content\/uploads\/2016\/03\/1086502-2048-100x56.jpg 100w, https:\/\/www.supercars.net\/blog\/wp-content\/uploads\/2016\/03\/1086502-2048-770x433.jpg 770w, https:\/\/www.supercars.net\/blog\/wp-content\/uploads\/2016\/03\/1086502-2048-1536x864.jpg 1536w, https:\/\/www.supercars.net\/blog\/wp-content\/uploads\/2016\/03\/1086502-2048-293x165.jpg 293w, https:\/\/www.supercars.net\/blog\/wp-content\/uploads\/2016\/03\/1086502-2048-1400x788.jpg 1400w\" sizes=\"(max-width: 2048px) 100vw, 2048px\" \/>\r\n\t\t\t\t<\/a>\r\n            <\/div>\r\n                <div class='wp-caption-text gallery-caption'>\r\n                Wie jedes Jahr pilgerten wir auch in dieser Rennsaison wieder an den Hockenheimring, um uns die DTM und ihr Rahmenprogramm, den Carrera Cup und die Formel 3 Euroserie, anzuschauen. Das DTM Reglement wurde im Winter deutlich ver\u00e4ndert, um die Rennen, \u00e4hnlich wie bei der Formel 1, noch interessanter zu gestalten. Hinzugekommen ist eine neue Reifenmischung und das aus der Formel 1 bekannte DRS System am Heckfl\u00fcgel, wodurch mehr \u00dcberholman\u00f6ver generiert werden sollen.\nNach einem verregneten Qualifying am Samstag, was wir von zu Hause verfolgten, startete das erste Saisonrennen bei strahlendem Sonnenschein und 23 Grad im gut besetzten Motodrom.  Audi und Timo Scheider konnten die Pole Position nicht verteidigen und mussten sich am Ende der BMW Truppe geschlagen geben. Augusto Farfus fuhr ein tadelloses Rennen und gewann souver\u00e4n vor Markenkollege Dirk Werner, der immerhin von Platz 22 ins Rennen ging. Komplettiert wurde das Podium von Mercedes AMG Nachwuchsfahrer Christian Vietoris, der ebenfalls eine tolle Leistung zeigte. Generell schlugen sich fast alle Nachwuchsfahrer sehr gut und fuhren solide Punkte ein. Dem Formel 1 Aussteiger Timo Glock blieben in seinem ersten DTM Rennen Punkte jedoch verw\u00e4hrt, da er nach einem missgl\u00fcckten Boxenstopp ein Rad verlor und von der Strecke abkam. Dennoch lieferte er bis dahin eine solide Leistung und konnte sich zwischenzeitlich in die Top 10 vorarbeiten.\n\nhttp:\/\/www.dtm.com\n\nhttp:\/\/www.hockenheimring.net\n\nFollow me on Flickr:\nhttp:\/\/www.flickr.com\/photos\/johannesb1987\/\r\n                <\/div><\/figure><figure class='gallery-item'>\r\n            <div class='gallery-icon landscape'>\r\n                <a href='https:\/\/www.supercars.net\/blog\/wp-content\/uploads\/2016\/03\/1086503-2048.jpg' class='tipi-lightbox'>\r\n\t\t\t\t<img decoding=\"async\" width=\"2048\" height=\"1152\" src=\"https:\/\/www.supercars.net\/blog\/wp-content\/uploads\/2016\/03\/1086503-2048.jpg\" class=\"attachment-full size-full\" alt=\"2013 DTM Saisonauftakt in Hockenheim-Ring\" srcset=\"https:\/\/www.supercars.net\/blog\/wp-content\/uploads\/2016\/03\/1086503-2048.jpg 2048w, https:\/\/www.supercars.net\/blog\/wp-content\/uploads\/2016\/03\/1086503-2048-300x169.jpg 300w, https:\/\/www.supercars.net\/blog\/wp-content\/uploads\/2016\/03\/1086503-2048-1024x576.jpg 1024w, https:\/\/www.supercars.net\/blog\/wp-content\/uploads\/2016\/03\/1086503-2048-100x56.jpg 100w, https:\/\/www.supercars.net\/blog\/wp-content\/uploads\/2016\/03\/1086503-2048-770x433.jpg 770w, https:\/\/www.supercars.net\/blog\/wp-content\/uploads\/2016\/03\/1086503-2048-1536x864.jpg 1536w, https:\/\/www.supercars.net\/blog\/wp-content\/uploads\/2016\/03\/1086503-2048-293x165.jpg 293w, https:\/\/www.supercars.net\/blog\/wp-content\/uploads\/2016\/03\/1086503-2048-1400x788.jpg 1400w\" sizes=\"(max-width: 2048px) 100vw, 2048px\" \/>\r\n\t\t\t\t<\/a>\r\n            <\/div>\r\n                <div class='wp-caption-text gallery-caption'>\r\n                Wie jedes Jahr pilgerten wir auch in dieser Rennsaison wieder an den Hockenheimring, um uns die DTM und ihr Rahmenprogramm, den Carrera Cup und die Formel 3 Euroserie, anzuschauen. Das DTM Reglement wurde im Winter deutlich ver\u00e4ndert, um die Rennen, \u00e4hnlich wie bei der Formel 1, noch interessanter zu gestalten. Hinzugekommen ist eine neue Reifenmischung und das aus der Formel 1 bekannte DRS System am Heckfl\u00fcgel, wodurch mehr \u00dcberholman\u00f6ver generiert werden sollen.\nNach einem verregneten Qualifying am Samstag, was wir von zu Hause verfolgten, startete das erste Saisonrennen bei strahlendem Sonnenschein und 23 Grad im gut besetzten Motodrom.  Audi und Timo Scheider konnten die Pole Position nicht verteidigen und mussten sich am Ende der BMW Truppe geschlagen geben. Augusto Farfus fuhr ein tadelloses Rennen und gewann souver\u00e4n vor Markenkollege Dirk Werner, der immerhin von Platz 22 ins Rennen ging. Komplettiert wurde das Podium von Mercedes AMG Nachwuchsfahrer Christian Vietoris, der ebenfalls eine tolle Leistung zeigte. Generell schlugen sich fast alle Nachwuchsfahrer sehr gut und fuhren solide Punkte ein. Dem Formel 1 Aussteiger Timo Glock blieben in seinem ersten DTM Rennen Punkte jedoch verw\u00e4hrt, da er nach einem missgl\u00fcckten Boxenstopp ein Rad verlor und von der Strecke abkam. Dennoch lieferte er bis dahin eine solide Leistung und konnte sich zwischenzeitlich in die Top 10 vorarbeiten.\n\nhttp:\/\/www.dtm.com\n\nhttp:\/\/www.hockenheimring.net\n\nFollow me on Flickr:\nhttp:\/\/www.flickr.com\/photos\/johannesb1987\/\r\n                <\/div><\/figure><figure class='gallery-item'>\r\n            <div class='gallery-icon landscape'>\r\n                <a href='https:\/\/www.supercars.net\/blog\/wp-content\/uploads\/2016\/03\/1086504-2048.jpg' class='tipi-lightbox'>\r\n\t\t\t\t<img decoding=\"async\" width=\"2048\" height=\"1365\" src=\"https:\/\/www.supercars.net\/blog\/wp-content\/uploads\/2016\/03\/1086504-2048.jpg\" class=\"attachment-full size-full\" alt=\"2013 DTM Saisonauftakt in Hockenheim-Ring\" srcset=\"https:\/\/www.supercars.net\/blog\/wp-content\/uploads\/2016\/03\/1086504-2048.jpg 2048w, https:\/\/www.supercars.net\/blog\/wp-content\/uploads\/2016\/03\/1086504-2048-300x200.jpg 300w, https:\/\/www.supercars.net\/blog\/wp-content\/uploads\/2016\/03\/1086504-2048-1024x683.jpg 1024w, https:\/\/www.supercars.net\/blog\/wp-content\/uploads\/2016\/03\/1086504-2048-100x67.jpg 100w, https:\/\/www.supercars.net\/blog\/wp-content\/uploads\/2016\/03\/1086504-2048-770x513.jpg 770w, https:\/\/www.supercars.net\/blog\/wp-content\/uploads\/2016\/03\/1086504-2048-1536x1024.jpg 1536w, https:\/\/www.supercars.net\/blog\/wp-content\/uploads\/2016\/03\/1086504-2048-360x240.jpg 360w, https:\/\/www.supercars.net\/blog\/wp-content\/uploads\/2016\/03\/1086504-2048-1155x770.jpg 1155w, https:\/\/www.supercars.net\/blog\/wp-content\/uploads\/2016\/03\/1086504-2048-370x247.jpg 370w, https:\/\/www.supercars.net\/blog\/wp-content\/uploads\/2016\/03\/1086504-2048-293x195.jpg 293w, https:\/\/www.supercars.net\/blog\/wp-content\/uploads\/2016\/03\/1086504-2048-1400x933.jpg 1400w\" sizes=\"(max-width: 2048px) 100vw, 2048px\" \/>\r\n\t\t\t\t<\/a>\r\n            <\/div>\r\n                <div class='wp-caption-text gallery-caption'>\r\n                Motorsports \/ DTM: german touring cars championship 2013, 1. Race at Hockenheim, #10 Robert Wickens (CAN, Mercedes AMG DTM-Team \/ DTM Mercedes AMG C-Coupe),  *** Local Caption *** +++ www.hoch-zwei.net +++ copyright: HOCH ZWEI \/ Juergen Tap +++\r\n                <\/div><\/figure><figure class='gallery-item'>\r\n            <div class='gallery-icon landscape'>\r\n                <a href='https:\/\/www.supercars.net\/blog\/wp-content\/uploads\/2016\/03\/1086505-2048.jpg' class='tipi-lightbox'>\r\n\t\t\t\t<img decoding=\"async\" width=\"2048\" height=\"1365\" src=\"https:\/\/www.supercars.net\/blog\/wp-content\/uploads\/2016\/03\/1086505-2048.jpg\" class=\"attachment-full size-full\" alt=\"2013 DTM Saisonauftakt in Hockenheim-Ring\" srcset=\"https:\/\/www.supercars.net\/blog\/wp-content\/uploads\/2016\/03\/1086505-2048.jpg 2048w, https:\/\/www.supercars.net\/blog\/wp-content\/uploads\/2016\/03\/1086505-2048-300x200.jpg 300w, https:\/\/www.supercars.net\/blog\/wp-content\/uploads\/2016\/03\/1086505-2048-1024x683.jpg 1024w, https:\/\/www.supercars.net\/blog\/wp-content\/uploads\/2016\/03\/1086505-2048-100x67.jpg 100w, https:\/\/www.supercars.net\/blog\/wp-content\/uploads\/2016\/03\/1086505-2048-770x513.jpg 770w, https:\/\/www.supercars.net\/blog\/wp-content\/uploads\/2016\/03\/1086505-2048-1536x1024.jpg 1536w, https:\/\/www.supercars.net\/blog\/wp-content\/uploads\/2016\/03\/1086505-2048-360x240.jpg 360w, https:\/\/www.supercars.net\/blog\/wp-content\/uploads\/2016\/03\/1086505-2048-1155x770.jpg 1155w, https:\/\/www.supercars.net\/blog\/wp-content\/uploads\/2016\/03\/1086505-2048-370x247.jpg 370w, https:\/\/www.supercars.net\/blog\/wp-content\/uploads\/2016\/03\/1086505-2048-293x195.jpg 293w, https:\/\/www.supercars.net\/blog\/wp-content\/uploads\/2016\/03\/1086505-2048-1400x933.jpg 1400w\" sizes=\"(max-width: 2048px) 100vw, 2048px\" \/>\r\n\t\t\t\t<\/a>\r\n            <\/div><\/figure><figure class='gallery-item'>\r\n            <div class='gallery-icon landscape'>\r\n                <a href='https:\/\/www.supercars.net\/blog\/wp-content\/uploads\/2016\/03\/1086506-2048.jpg' class='tipi-lightbox'>\r\n\t\t\t\t<img decoding=\"async\" width=\"2048\" height=\"1365\" src=\"https:\/\/www.supercars.net\/blog\/wp-content\/uploads\/2016\/03\/1086506-2048.jpg\" class=\"attachment-full size-full\" alt=\"2013 DTM Saisonauftakt in Hockenheim-Ring\" srcset=\"https:\/\/www.supercars.net\/blog\/wp-content\/uploads\/2016\/03\/1086506-2048.jpg 2048w, https:\/\/www.supercars.net\/blog\/wp-content\/uploads\/2016\/03\/1086506-2048-300x200.jpg 300w, https:\/\/www.supercars.net\/blog\/wp-content\/uploads\/2016\/03\/1086506-2048-1024x683.jpg 1024w, https:\/\/www.supercars.net\/blog\/wp-content\/uploads\/2016\/03\/1086506-2048-100x67.jpg 100w, https:\/\/www.supercars.net\/blog\/wp-content\/uploads\/2016\/03\/1086506-2048-770x513.jpg 770w, https:\/\/www.supercars.net\/blog\/wp-content\/uploads\/2016\/03\/1086506-2048-1536x1024.jpg 1536w, https:\/\/www.supercars.net\/blog\/wp-content\/uploads\/2016\/03\/1086506-2048-360x240.jpg 360w, https:\/\/www.supercars.net\/blog\/wp-content\/uploads\/2016\/03\/1086506-2048-1155x770.jpg 1155w, https:\/\/www.supercars.net\/blog\/wp-content\/uploads\/2016\/03\/1086506-2048-370x247.jpg 370w, https:\/\/www.supercars.net\/blog\/wp-content\/uploads\/2016\/03\/1086506-2048-293x195.jpg 293w, https:\/\/www.supercars.net\/blog\/wp-content\/uploads\/2016\/03\/1086506-2048-1400x933.jpg 1400w\" sizes=\"(max-width: 2048px) 100vw, 2048px\" \/>\r\n\t\t\t\t<\/a>\r\n            <\/div><\/figure><figure class='gallery-item'>\r\n            <div class='gallery-icon landscape'>\r\n                <a href='https:\/\/www.supercars.net\/blog\/wp-content\/uploads\/2016\/03\/1086507-2048.jpg' class='tipi-lightbox'>\r\n\t\t\t\t<img decoding=\"async\" width=\"2048\" height=\"1365\" src=\"https:\/\/www.supercars.net\/blog\/wp-content\/uploads\/2016\/03\/1086507-2048.jpg\" class=\"attachment-full size-full\" alt=\"2013 DTM Saisonauftakt in Hockenheim-Ring\" srcset=\"https:\/\/www.supercars.net\/blog\/wp-content\/uploads\/2016\/03\/1086507-2048.jpg 2048w, https:\/\/www.supercars.net\/blog\/wp-content\/uploads\/2016\/03\/1086507-2048-300x200.jpg 300w, https:\/\/www.supercars.net\/blog\/wp-content\/uploads\/2016\/03\/1086507-2048-1024x683.jpg 1024w, https:\/\/www.supercars.net\/blog\/wp-content\/uploads\/2016\/03\/1086507-2048-100x67.jpg 100w, https:\/\/www.supercars.net\/blog\/wp-content\/uploads\/2016\/03\/1086507-2048-770x513.jpg 770w, https:\/\/www.supercars.net\/blog\/wp-content\/uploads\/2016\/03\/1086507-2048-1536x1024.jpg 1536w, https:\/\/www.supercars.net\/blog\/wp-content\/uploads\/2016\/03\/1086507-2048-360x240.jpg 360w, https:\/\/www.supercars.net\/blog\/wp-content\/uploads\/2016\/03\/1086507-2048-1155x770.jpg 1155w, https:\/\/www.supercars.net\/blog\/wp-content\/uploads\/2016\/03\/1086507-2048-370x247.jpg 370w, https:\/\/www.supercars.net\/blog\/wp-content\/uploads\/2016\/03\/1086507-2048-293x195.jpg 293w, https:\/\/www.supercars.net\/blog\/wp-content\/uploads\/2016\/03\/1086507-2048-1400x933.jpg 1400w\" sizes=\"(max-width: 2048px) 100vw, 2048px\" \/>\r\n\t\t\t\t<\/a>\r\n            <\/div><\/figure><figure class='gallery-item'>\r\n            <div class='gallery-icon landscape'>\r\n                <a href='https:\/\/www.supercars.net\/blog\/wp-content\/uploads\/2016\/03\/1086508-2048.jpg' class='tipi-lightbox'>\r\n\t\t\t\t<img decoding=\"async\" width=\"2048\" height=\"1365\" src=\"https:\/\/www.supercars.net\/blog\/wp-content\/uploads\/2016\/03\/1086508-2048.jpg\" class=\"attachment-full size-full\" alt=\"2013 DTM Saisonauftakt in Hockenheim-Ring\" srcset=\"https:\/\/www.supercars.net\/blog\/wp-content\/uploads\/2016\/03\/1086508-2048.jpg 2048w, https:\/\/www.supercars.net\/blog\/wp-content\/uploads\/2016\/03\/1086508-2048-300x200.jpg 300w, https:\/\/www.supercars.net\/blog\/wp-content\/uploads\/2016\/03\/1086508-2048-1024x683.jpg 1024w, https:\/\/www.supercars.net\/blog\/wp-content\/uploads\/2016\/03\/1086508-2048-100x67.jpg 100w, https:\/\/www.supercars.net\/blog\/wp-content\/uploads\/2016\/03\/1086508-2048-770x513.jpg 770w, https:\/\/www.supercars.net\/blog\/wp-content\/uploads\/2016\/03\/1086508-2048-1536x1024.jpg 1536w, https:\/\/www.supercars.net\/blog\/wp-content\/uploads\/2016\/03\/1086508-2048-360x240.jpg 360w, https:\/\/www.supercars.net\/blog\/wp-content\/uploads\/2016\/03\/1086508-2048-1155x770.jpg 1155w, https:\/\/www.supercars.net\/blog\/wp-content\/uploads\/2016\/03\/1086508-2048-370x247.jpg 370w, https:\/\/www.supercars.net\/blog\/wp-content\/uploads\/2016\/03\/1086508-2048-293x195.jpg 293w, https:\/\/www.supercars.net\/blog\/wp-content\/uploads\/2016\/03\/1086508-2048-1400x933.jpg 1400w\" sizes=\"(max-width: 2048px) 100vw, 2048px\" \/>\r\n\t\t\t\t<\/a>\r\n            <\/div>\r\n                <div class='wp-caption-text gallery-caption'>\r\n                17 Daniel Juncadella (E, RSC Muecke Motorsport, DTM Mercedes AMG C-Coupe), Motorsports \/ DTM: german touring cars championship 2013, 1. round at Hockenheim (D) *** Local Caption *** +++ www.hoch-zwei.net +++ copyright: HOCH ZWEI \/ Thomas Suer +++\r\n                <\/div><\/figure><figure class='gallery-item'>\r\n            <div class='gallery-icon landscape'>\r\n                <a href='https:\/\/www.supercars.net\/blog\/wp-content\/uploads\/2016\/03\/1086509-2048.jpg' class='tipi-lightbox'>\r\n\t\t\t\t<img decoding=\"async\" width=\"2048\" height=\"1365\" src=\"https:\/\/www.supercars.net\/blog\/wp-content\/uploads\/2016\/03\/1086509-2048.jpg\" class=\"attachment-full size-full\" alt=\"2013 DTM Saisonauftakt in Hockenheim-Ring\" srcset=\"https:\/\/www.supercars.net\/blog\/wp-content\/uploads\/2016\/03\/1086509-2048.jpg 2048w, https:\/\/www.supercars.net\/blog\/wp-content\/uploads\/2016\/03\/1086509-2048-300x200.jpg 300w, https:\/\/www.supercars.net\/blog\/wp-content\/uploads\/2016\/03\/1086509-2048-1024x683.jpg 1024w, https:\/\/www.supercars.net\/blog\/wp-content\/uploads\/2016\/03\/1086509-2048-100x67.jpg 100w, https:\/\/www.supercars.net\/blog\/wp-content\/uploads\/2016\/03\/1086509-2048-770x513.jpg 770w, https:\/\/www.supercars.net\/blog\/wp-content\/uploads\/2016\/03\/1086509-2048-1536x1024.jpg 1536w, https:\/\/www.supercars.net\/blog\/wp-content\/uploads\/2016\/03\/1086509-2048-360x240.jpg 360w, https:\/\/www.supercars.net\/blog\/wp-content\/uploads\/2016\/03\/1086509-2048-1155x770.jpg 1155w, https:\/\/www.supercars.net\/blog\/wp-content\/uploads\/2016\/03\/1086509-2048-370x247.jpg 370w, https:\/\/www.supercars.net\/blog\/wp-content\/uploads\/2016\/03\/1086509-2048-293x195.jpg 293w, https:\/\/www.supercars.net\/blog\/wp-content\/uploads\/2016\/03\/1086509-2048-1400x933.jpg 1400w\" sizes=\"(max-width: 2048px) 100vw, 2048px\" \/>\r\n\t\t\t\t<\/a>\r\n            <\/div>\r\n                <div class='wp-caption-text gallery-caption'>\r\n                DTM 2013 Hockenheimring Qualifikation- Samstag\r\n                <\/div><\/figure><figure class='gallery-item'>\r\n            <div class='gallery-icon landscape'>\r\n                <a href='https:\/\/www.supercars.net\/blog\/wp-content\/uploads\/2016\/03\/1086510-2048.jpg' class='tipi-lightbox'>\r\n\t\t\t\t<img decoding=\"async\" width=\"2048\" height=\"1365\" src=\"https:\/\/www.supercars.net\/blog\/wp-content\/uploads\/2016\/03\/1086510-2048.jpg\" class=\"attachment-full size-full\" alt=\"2013 DTM Saisonauftakt in Hockenheim-Ring\" srcset=\"https:\/\/www.supercars.net\/blog\/wp-content\/uploads\/2016\/03\/1086510-2048.jpg 2048w, https:\/\/www.supercars.net\/blog\/wp-content\/uploads\/2016\/03\/1086510-2048-300x200.jpg 300w, https:\/\/www.supercars.net\/blog\/wp-content\/uploads\/2016\/03\/1086510-2048-1024x683.jpg 1024w, https:\/\/www.supercars.net\/blog\/wp-content\/uploads\/2016\/03\/1086510-2048-100x67.jpg 100w, https:\/\/www.supercars.net\/blog\/wp-content\/uploads\/2016\/03\/1086510-2048-770x513.jpg 770w, https:\/\/www.supercars.net\/blog\/wp-content\/uploads\/2016\/03\/1086510-2048-1536x1024.jpg 1536w, https:\/\/www.supercars.net\/blog\/wp-content\/uploads\/2016\/03\/1086510-2048-360x240.jpg 360w, https:\/\/www.supercars.net\/blog\/wp-content\/uploads\/2016\/03\/1086510-2048-1155x770.jpg 1155w, https:\/\/www.supercars.net\/blog\/wp-content\/uploads\/2016\/03\/1086510-2048-370x247.jpg 370w, https:\/\/www.supercars.net\/blog\/wp-content\/uploads\/2016\/03\/1086510-2048-293x195.jpg 293w, https:\/\/www.supercars.net\/blog\/wp-content\/uploads\/2016\/03\/1086510-2048-1400x933.jpg 1400w\" sizes=\"(max-width: 2048px) 100vw, 2048px\" \/>\r\n\t\t\t\t<\/a>\r\n            <\/div>\r\n                <div class='wp-caption-text gallery-caption'>\r\n                10 Robert Wickens (CDN, HWA, DTM Mercedes AMG C-Coupe), 1 Bruno Spengler (CDN, BMW Team Schnitzer, BMW M3 DTM), Motorsports \/ DTM: german touring cars championship 2013, 1. round at Hockenheim (D) *** Local Caption *** +++ www.hoch-zwei.net +++ copyright: HOCH ZWEI \/ Thomas Suer +++\r\n                <\/div><\/figure><figure class='gallery-item'>\r\n            <div class='gallery-icon landscape'>\r\n                <a href='https:\/\/www.supercars.net\/blog\/wp-content\/uploads\/2016\/03\/1086511-2048.jpg' class='tipi-lightbox'>\r\n\t\t\t\t<img decoding=\"async\" width=\"2048\" height=\"1365\" src=\"https:\/\/www.supercars.net\/blog\/wp-content\/uploads\/2016\/03\/1086511-2048.jpg\" class=\"attachment-full size-full\" alt=\"2013 DTM Saisonauftakt in Hockenheim-Ring\" srcset=\"https:\/\/www.supercars.net\/blog\/wp-content\/uploads\/2016\/03\/1086511-2048.jpg 2048w, https:\/\/www.supercars.net\/blog\/wp-content\/uploads\/2016\/03\/1086511-2048-300x200.jpg 300w, https:\/\/www.supercars.net\/blog\/wp-content\/uploads\/2016\/03\/1086511-2048-1024x683.jpg 1024w, https:\/\/www.supercars.net\/blog\/wp-content\/uploads\/2016\/03\/1086511-2048-100x67.jpg 100w, https:\/\/www.supercars.net\/blog\/wp-content\/uploads\/2016\/03\/1086511-2048-770x513.jpg 770w, https:\/\/www.supercars.net\/blog\/wp-content\/uploads\/2016\/03\/1086511-2048-1536x1024.jpg 1536w, https:\/\/www.supercars.net\/blog\/wp-content\/uploads\/2016\/03\/1086511-2048-360x240.jpg 360w, https:\/\/www.supercars.net\/blog\/wp-content\/uploads\/2016\/03\/1086511-2048-1155x770.jpg 1155w, https:\/\/www.supercars.net\/blog\/wp-content\/uploads\/2016\/03\/1086511-2048-370x247.jpg 370w, https:\/\/www.supercars.net\/blog\/wp-content\/uploads\/2016\/03\/1086511-2048-293x195.jpg 293w, https:\/\/www.supercars.net\/blog\/wp-content\/uploads\/2016\/03\/1086511-2048-1400x933.jpg 1400w\" sizes=\"(max-width: 2048px) 100vw, 2048px\" \/>\r\n\t\t\t\t<\/a>\r\n            <\/div><\/figure><figure class='gallery-item'>\r\n            <div class='gallery-icon landscape'>\r\n                <a href='https:\/\/www.supercars.net\/blog\/wp-content\/uploads\/2016\/03\/1086513-2048.jpg' class='tipi-lightbox'>\r\n\t\t\t\t<img decoding=\"async\" width=\"2048\" height=\"1365\" src=\"https:\/\/www.supercars.net\/blog\/wp-content\/uploads\/2016\/03\/1086513-2048.jpg\" class=\"attachment-full size-full\" alt=\"2013 DTM Saisonauftakt in Hockenheim-Ring\" srcset=\"https:\/\/www.supercars.net\/blog\/wp-content\/uploads\/2016\/03\/1086513-2048.jpg 2048w, https:\/\/www.supercars.net\/blog\/wp-content\/uploads\/2016\/03\/1086513-2048-300x200.jpg 300w, https:\/\/www.supercars.net\/blog\/wp-content\/uploads\/2016\/03\/1086513-2048-1024x683.jpg 1024w, https:\/\/www.supercars.net\/blog\/wp-content\/uploads\/2016\/03\/1086513-2048-100x67.jpg 100w, https:\/\/www.supercars.net\/blog\/wp-content\/uploads\/2016\/03\/1086513-2048-770x513.jpg 770w, https:\/\/www.supercars.net\/blog\/wp-content\/uploads\/2016\/03\/1086513-2048-1536x1024.jpg 1536w, https:\/\/www.supercars.net\/blog\/wp-content\/uploads\/2016\/03\/1086513-2048-360x240.jpg 360w, https:\/\/www.supercars.net\/blog\/wp-content\/uploads\/2016\/03\/1086513-2048-1155x770.jpg 1155w, https:\/\/www.supercars.net\/blog\/wp-content\/uploads\/2016\/03\/1086513-2048-370x247.jpg 370w, https:\/\/www.supercars.net\/blog\/wp-content\/uploads\/2016\/03\/1086513-2048-293x195.jpg 293w, https:\/\/www.supercars.net\/blog\/wp-content\/uploads\/2016\/03\/1086513-2048-1400x933.jpg 1400w\" sizes=\"(max-width: 2048px) 100vw, 2048px\" \/>\r\n\t\t\t\t<\/a>\r\n            <\/div><\/figure><figure class='gallery-item'>\r\n            <div class='gallery-icon landscape'>\r\n                <a href='https:\/\/www.supercars.net\/blog\/wp-content\/uploads\/2016\/03\/1086514-2048.jpg' class='tipi-lightbox'>\r\n\t\t\t\t<img decoding=\"async\" width=\"2048\" height=\"1365\" src=\"https:\/\/www.supercars.net\/blog\/wp-content\/uploads\/2016\/03\/1086514-2048.jpg\" class=\"attachment-full size-full\" alt=\"2013 DTM Saisonauftakt in Hockenheim-Ring\" srcset=\"https:\/\/www.supercars.net\/blog\/wp-content\/uploads\/2016\/03\/1086514-2048.jpg 2048w, https:\/\/www.supercars.net\/blog\/wp-content\/uploads\/2016\/03\/1086514-2048-300x200.jpg 300w, https:\/\/www.supercars.net\/blog\/wp-content\/uploads\/2016\/03\/1086514-2048-1024x683.jpg 1024w, https:\/\/www.supercars.net\/blog\/wp-content\/uploads\/2016\/03\/1086514-2048-100x67.jpg 100w, https:\/\/www.supercars.net\/blog\/wp-content\/uploads\/2016\/03\/1086514-2048-770x513.jpg 770w, https:\/\/www.supercars.net\/blog\/wp-content\/uploads\/2016\/03\/1086514-2048-1536x1024.jpg 1536w, https:\/\/www.supercars.net\/blog\/wp-content\/uploads\/2016\/03\/1086514-2048-360x240.jpg 360w, https:\/\/www.supercars.net\/blog\/wp-content\/uploads\/2016\/03\/1086514-2048-1155x770.jpg 1155w, https:\/\/www.supercars.net\/blog\/wp-content\/uploads\/2016\/03\/1086514-2048-370x247.jpg 370w, https:\/\/www.supercars.net\/blog\/wp-content\/uploads\/2016\/03\/1086514-2048-293x195.jpg 293w, https:\/\/www.supercars.net\/blog\/wp-content\/uploads\/2016\/03\/1086514-2048-1400x933.jpg 1400w\" sizes=\"(max-width: 2048px) 100vw, 2048px\" \/>\r\n\t\t\t\t<\/a>\r\n            <\/div>\r\n                <div class='wp-caption-text gallery-caption'>\r\n                Saisonauftakt DTM 2013 &#8211; Hockenheimring\r\n                <\/div><\/figure><figure class='gallery-item'>\r\n            <div class='gallery-icon landscape'>\r\n                <a href='https:\/\/www.supercars.net\/blog\/wp-content\/uploads\/2016\/03\/1086515-2048.jpg' class='tipi-lightbox'>\r\n\t\t\t\t<img decoding=\"async\" width=\"2048\" height=\"1365\" src=\"https:\/\/www.supercars.net\/blog\/wp-content\/uploads\/2016\/03\/1086515-2048.jpg\" class=\"attachment-full size-full\" alt=\"2013 DTM Saisonauftakt in Hockenheim-Ring\" srcset=\"https:\/\/www.supercars.net\/blog\/wp-content\/uploads\/2016\/03\/1086515-2048.jpg 2048w, https:\/\/www.supercars.net\/blog\/wp-content\/uploads\/2016\/03\/1086515-2048-300x200.jpg 300w, https:\/\/www.supercars.net\/blog\/wp-content\/uploads\/2016\/03\/1086515-2048-1024x683.jpg 1024w, https:\/\/www.supercars.net\/blog\/wp-content\/uploads\/2016\/03\/1086515-2048-100x67.jpg 100w, https:\/\/www.supercars.net\/blog\/wp-content\/uploads\/2016\/03\/1086515-2048-770x513.jpg 770w, https:\/\/www.supercars.net\/blog\/wp-content\/uploads\/2016\/03\/1086515-2048-1536x1024.jpg 1536w, https:\/\/www.supercars.net\/blog\/wp-content\/uploads\/2016\/03\/1086515-2048-360x240.jpg 360w, https:\/\/www.supercars.net\/blog\/wp-content\/uploads\/2016\/03\/1086515-2048-1155x770.jpg 1155w, https:\/\/www.supercars.net\/blog\/wp-content\/uploads\/2016\/03\/1086515-2048-370x247.jpg 370w, https:\/\/www.supercars.net\/blog\/wp-content\/uploads\/2016\/03\/1086515-2048-293x195.jpg 293w, https:\/\/www.supercars.net\/blog\/wp-content\/uploads\/2016\/03\/1086515-2048-1400x933.jpg 1400w\" sizes=\"(max-width: 2048px) 100vw, 2048px\" \/>\r\n\t\t\t\t<\/a>\r\n            <\/div>\r\n                <div class='wp-caption-text gallery-caption'>\r\n                Saisonauftakt DTM 2013 &#8211; Hockenheimring\r\n                <\/div><\/figure><figure class='gallery-item'>\r\n            <div class='gallery-icon landscape'>\r\n                <a href='https:\/\/www.supercars.net\/blog\/wp-content\/uploads\/2016\/03\/1086516-2048.jpg' class='tipi-lightbox'>\r\n\t\t\t\t<img decoding=\"async\" width=\"2048\" height=\"1365\" src=\"https:\/\/www.supercars.net\/blog\/wp-content\/uploads\/2016\/03\/1086516-2048.jpg\" class=\"attachment-full size-full\" alt=\"2013 DTM Saisonauftakt in Hockenheim-Ring\" srcset=\"https:\/\/www.supercars.net\/blog\/wp-content\/uploads\/2016\/03\/1086516-2048.jpg 2048w, https:\/\/www.supercars.net\/blog\/wp-content\/uploads\/2016\/03\/1086516-2048-300x200.jpg 300w, https:\/\/www.supercars.net\/blog\/wp-content\/uploads\/2016\/03\/1086516-2048-1024x683.jpg 1024w, https:\/\/www.supercars.net\/blog\/wp-content\/uploads\/2016\/03\/1086516-2048-100x67.jpg 100w, https:\/\/www.supercars.net\/blog\/wp-content\/uploads\/2016\/03\/1086516-2048-770x513.jpg 770w, https:\/\/www.supercars.net\/blog\/wp-content\/uploads\/2016\/03\/1086516-2048-1536x1024.jpg 1536w, https:\/\/www.supercars.net\/blog\/wp-content\/uploads\/2016\/03\/1086516-2048-360x240.jpg 360w, https:\/\/www.supercars.net\/blog\/wp-content\/uploads\/2016\/03\/1086516-2048-1155x770.jpg 1155w, https:\/\/www.supercars.net\/blog\/wp-content\/uploads\/2016\/03\/1086516-2048-370x247.jpg 370w, https:\/\/www.supercars.net\/blog\/wp-content\/uploads\/2016\/03\/1086516-2048-293x195.jpg 293w, https:\/\/www.supercars.net\/blog\/wp-content\/uploads\/2016\/03\/1086516-2048-1400x933.jpg 1400w\" sizes=\"(max-width: 2048px) 100vw, 2048px\" \/>\r\n\t\t\t\t<\/a>\r\n            <\/div>\r\n                <div class='wp-caption-text gallery-caption'>\r\n                Saisonauftakt DTM 2013 &#8211; Hockenheimring\r\n                <\/div><\/figure><figure class='gallery-item'>\r\n            <div class='gallery-icon landscape'>\r\n                <a href='https:\/\/www.supercars.net\/blog\/wp-content\/uploads\/2016\/03\/1086517-2048.jpg' class='tipi-lightbox'>\r\n\t\t\t\t<img decoding=\"async\" width=\"2048\" height=\"1365\" src=\"https:\/\/www.supercars.net\/blog\/wp-content\/uploads\/2016\/03\/1086517-2048.jpg\" class=\"attachment-full size-full\" alt=\"2013 DTM Saisonauftakt in Hockenheim-Ring\" srcset=\"https:\/\/www.supercars.net\/blog\/wp-content\/uploads\/2016\/03\/1086517-2048.jpg 2048w, https:\/\/www.supercars.net\/blog\/wp-content\/uploads\/2016\/03\/1086517-2048-300x200.jpg 300w, https:\/\/www.supercars.net\/blog\/wp-content\/uploads\/2016\/03\/1086517-2048-1024x683.jpg 1024w, https:\/\/www.supercars.net\/blog\/wp-content\/uploads\/2016\/03\/1086517-2048-100x67.jpg 100w, https:\/\/www.supercars.net\/blog\/wp-content\/uploads\/2016\/03\/1086517-2048-770x513.jpg 770w, https:\/\/www.supercars.net\/blog\/wp-content\/uploads\/2016\/03\/1086517-2048-1536x1024.jpg 1536w, https:\/\/www.supercars.net\/blog\/wp-content\/uploads\/2016\/03\/1086517-2048-360x240.jpg 360w, https:\/\/www.supercars.net\/blog\/wp-content\/uploads\/2016\/03\/1086517-2048-1155x770.jpg 1155w, https:\/\/www.supercars.net\/blog\/wp-content\/uploads\/2016\/03\/1086517-2048-370x247.jpg 370w, https:\/\/www.supercars.net\/blog\/wp-content\/uploads\/2016\/03\/1086517-2048-293x195.jpg 293w, https:\/\/www.supercars.net\/blog\/wp-content\/uploads\/2016\/03\/1086517-2048-1400x933.jpg 1400w\" sizes=\"(max-width: 2048px) 100vw, 2048px\" \/>\r\n\t\t\t\t<\/a>\r\n            <\/div>\r\n                <div class='wp-caption-text gallery-caption'>\r\n                AUTO TEST Audi RS 5 DTM #23 (Audi Sport Team Abt), Timo Scheider\r\n                <\/div><\/figure><figure class='gallery-item'>\r\n            <div class='gallery-icon landscape'>\r\n                <a href='https:\/\/www.supercars.net\/blog\/wp-content\/uploads\/2016\/03\/1086518-2048.jpg' class='tipi-lightbox'>\r\n\t\t\t\t<img decoding=\"async\" width=\"2048\" height=\"1365\" src=\"https:\/\/www.supercars.net\/blog\/wp-content\/uploads\/2016\/03\/1086518-2048.jpg\" class=\"attachment-full size-full\" alt=\"2013 DTM Saisonauftakt in Hockenheim-Ring\" srcset=\"https:\/\/www.supercars.net\/blog\/wp-content\/uploads\/2016\/03\/1086518-2048.jpg 2048w, https:\/\/www.supercars.net\/blog\/wp-content\/uploads\/2016\/03\/1086518-2048-300x200.jpg 300w, https:\/\/www.supercars.net\/blog\/wp-content\/uploads\/2016\/03\/1086518-2048-1024x683.jpg 1024w, https:\/\/www.supercars.net\/blog\/wp-content\/uploads\/2016\/03\/1086518-2048-100x67.jpg 100w, https:\/\/www.supercars.net\/blog\/wp-content\/uploads\/2016\/03\/1086518-2048-770x513.jpg 770w, https:\/\/www.supercars.net\/blog\/wp-content\/uploads\/2016\/03\/1086518-2048-1536x1024.jpg 1536w, https:\/\/www.supercars.net\/blog\/wp-content\/uploads\/2016\/03\/1086518-2048-360x240.jpg 360w, https:\/\/www.supercars.net\/blog\/wp-content\/uploads\/2016\/03\/1086518-2048-1155x770.jpg 1155w, https:\/\/www.supercars.net\/blog\/wp-content\/uploads\/2016\/03\/1086518-2048-370x247.jpg 370w, https:\/\/www.supercars.net\/blog\/wp-content\/uploads\/2016\/03\/1086518-2048-293x195.jpg 293w, https:\/\/www.supercars.net\/blog\/wp-content\/uploads\/2016\/03\/1086518-2048-1400x933.jpg 1400w\" sizes=\"(max-width: 2048px) 100vw, 2048px\" \/>\r\n\t\t\t\t<\/a>\r\n            <\/div>\r\n                <div class='wp-caption-text gallery-caption'>\r\n                Motorsports \/ DTM: german touring cars championship 2013, 1. Race at Hockenheim, #18 Pascal Wehrlein (GER, Mercedes AMG DTM-Team \/ DTM Mercedes AMG C-Coupe), #3 Gary Paffett (GBR, Mercedes AMG DTM-Team \/ DTM Mercedes AMG C-Coupe),  *** Local Caption *** +++ www.hoch-zwei.net +++ copyright: HOCH ZWEI \/ Juergen Tap +++\r\n                <\/div><\/figure><figure class='gallery-item'>\r\n            <div class='gallery-icon landscape'>\r\n                <a href='https:\/\/www.supercars.net\/blog\/wp-content\/uploads\/2016\/03\/1086519-2048.jpg' class='tipi-lightbox'>\r\n\t\t\t\t<img decoding=\"async\" width=\"2048\" height=\"1365\" src=\"https:\/\/www.supercars.net\/blog\/wp-content\/uploads\/2016\/03\/1086519-2048.jpg\" class=\"attachment-full size-full\" alt=\"2013 DTM Saisonauftakt in Hockenheim-Ring\" srcset=\"https:\/\/www.supercars.net\/blog\/wp-content\/uploads\/2016\/03\/1086519-2048.jpg 2048w, https:\/\/www.supercars.net\/blog\/wp-content\/uploads\/2016\/03\/1086519-2048-300x200.jpg 300w, https:\/\/www.supercars.net\/blog\/wp-content\/uploads\/2016\/03\/1086519-2048-1024x683.jpg 1024w, https:\/\/www.supercars.net\/blog\/wp-content\/uploads\/2016\/03\/1086519-2048-100x67.jpg 100w, https:\/\/www.supercars.net\/blog\/wp-content\/uploads\/2016\/03\/1086519-2048-770x513.jpg 770w, https:\/\/www.supercars.net\/blog\/wp-content\/uploads\/2016\/03\/1086519-2048-1536x1024.jpg 1536w, https:\/\/www.supercars.net\/blog\/wp-content\/uploads\/2016\/03\/1086519-2048-360x240.jpg 360w, https:\/\/www.supercars.net\/blog\/wp-content\/uploads\/2016\/03\/1086519-2048-1155x770.jpg 1155w, https:\/\/www.supercars.net\/blog\/wp-content\/uploads\/2016\/03\/1086519-2048-370x247.jpg 370w, https:\/\/www.supercars.net\/blog\/wp-content\/uploads\/2016\/03\/1086519-2048-293x195.jpg 293w, https:\/\/www.supercars.net\/blog\/wp-content\/uploads\/2016\/03\/1086519-2048-1400x933.jpg 1400w\" sizes=\"(max-width: 2048px) 100vw, 2048px\" \/>\r\n\t\t\t\t<\/a>\r\n            <\/div>\r\n                <div class='wp-caption-text gallery-caption'>\r\n                Motorsports \/ DTM: german touring cars championship 2013, 1. Race at Hockenheim, #3 Gary Paffett (GBR, Mercedes AMG DTM-Team \/ DTM Mercedes AMG C-Coupe),  *** Local Caption *** +++ www.hoch-zwei.net +++ copyright: HOCH ZWEI \/ Juergen Tap +++\r\n                <\/div><\/figure><figure class='gallery-item'>\r\n            <div class='gallery-icon landscape'>\r\n                <a href='https:\/\/www.supercars.net\/blog\/wp-content\/uploads\/2016\/03\/1086520-2048.jpg' class='tipi-lightbox'>\r\n\t\t\t\t<img decoding=\"async\" width=\"2048\" height=\"1365\" src=\"https:\/\/www.supercars.net\/blog\/wp-content\/uploads\/2016\/03\/1086520-2048.jpg\" class=\"attachment-full size-full\" alt=\"2013 DTM Saisonauftakt in Hockenheim-Ring\" srcset=\"https:\/\/www.supercars.net\/blog\/wp-content\/uploads\/2016\/03\/1086520-2048.jpg 2048w, https:\/\/www.supercars.net\/blog\/wp-content\/uploads\/2016\/03\/1086520-2048-300x200.jpg 300w, https:\/\/www.supercars.net\/blog\/wp-content\/uploads\/2016\/03\/1086520-2048-1024x683.jpg 1024w, https:\/\/www.supercars.net\/blog\/wp-content\/uploads\/2016\/03\/1086520-2048-100x67.jpg 100w, https:\/\/www.supercars.net\/blog\/wp-content\/uploads\/2016\/03\/1086520-2048-770x513.jpg 770w, https:\/\/www.supercars.net\/blog\/wp-content\/uploads\/2016\/03\/1086520-2048-1536x1024.jpg 1536w, https:\/\/www.supercars.net\/blog\/wp-content\/uploads\/2016\/03\/1086520-2048-360x240.jpg 360w, https:\/\/www.supercars.net\/blog\/wp-content\/uploads\/2016\/03\/1086520-2048-1155x770.jpg 1155w, https:\/\/www.supercars.net\/blog\/wp-content\/uploads\/2016\/03\/1086520-2048-370x247.jpg 370w, https:\/\/www.supercars.net\/blog\/wp-content\/uploads\/2016\/03\/1086520-2048-293x195.jpg 293w, https:\/\/www.supercars.net\/blog\/wp-content\/uploads\/2016\/03\/1086520-2048-1400x933.jpg 1400w\" sizes=\"(max-width: 2048px) 100vw, 2048px\" \/>\r\n\t\t\t\t<\/a>\r\n            <\/div>\r\n                <div class='wp-caption-text gallery-caption'>\r\n                Motorsports \/ DTM 2013, 1. Rennen Hockenheim (D)Playboy Audi RS 5 DTM #5 (Audi Sport Team Rosberg), Edoardo Mortara,\r\n                <\/div><\/figure><figure class='gallery-item'>\r\n            <div class='gallery-icon landscape'>\r\n                <a href='https:\/\/www.supercars.net\/blog\/wp-content\/uploads\/2016\/03\/1086521-2048.jpg' class='tipi-lightbox'>\r\n\t\t\t\t<img decoding=\"async\" width=\"2048\" height=\"1365\" src=\"https:\/\/www.supercars.net\/blog\/wp-content\/uploads\/2016\/03\/1086521-2048.jpg\" class=\"attachment-full size-full\" alt=\"2013 DTM Saisonauftakt in Hockenheim-Ring\" srcset=\"https:\/\/www.supercars.net\/blog\/wp-content\/uploads\/2016\/03\/1086521-2048.jpg 2048w, https:\/\/www.supercars.net\/blog\/wp-content\/uploads\/2016\/03\/1086521-2048-300x200.jpg 300w, https:\/\/www.supercars.net\/blog\/wp-content\/uploads\/2016\/03\/1086521-2048-1024x683.jpg 1024w, https:\/\/www.supercars.net\/blog\/wp-content\/uploads\/2016\/03\/1086521-2048-100x67.jpg 100w, https:\/\/www.supercars.net\/blog\/wp-content\/uploads\/2016\/03\/1086521-2048-770x513.jpg 770w, https:\/\/www.supercars.net\/blog\/wp-content\/uploads\/2016\/03\/1086521-2048-1536x1024.jpg 1536w, https:\/\/www.supercars.net\/blog\/wp-content\/uploads\/2016\/03\/1086521-2048-360x240.jpg 360w, https:\/\/www.supercars.net\/blog\/wp-content\/uploads\/2016\/03\/1086521-2048-1155x770.jpg 1155w, https:\/\/www.supercars.net\/blog\/wp-content\/uploads\/2016\/03\/1086521-2048-370x247.jpg 370w, https:\/\/www.supercars.net\/blog\/wp-content\/uploads\/2016\/03\/1086521-2048-293x195.jpg 293w, https:\/\/www.supercars.net\/blog\/wp-content\/uploads\/2016\/03\/1086521-2048-1400x933.jpg 1400w\" sizes=\"(max-width: 2048px) 100vw, 2048px\" \/>\r\n\t\t\t\t<\/a>\r\n            <\/div>\r\n                <div class='wp-caption-text gallery-caption'>\r\n                Saisonauftakt DTM 2013 &#8211; Hockenheimring\r\n                <\/div><\/figure><figure class='gallery-item'>\r\n            <div class='gallery-icon landscape'>\r\n                <a href='https:\/\/www.supercars.net\/blog\/wp-content\/uploads\/2016\/03\/1086522-2048.jpg' class='tipi-lightbox'>\r\n\t\t\t\t<img decoding=\"async\" width=\"2048\" height=\"1365\" src=\"https:\/\/www.supercars.net\/blog\/wp-content\/uploads\/2016\/03\/1086522-2048.jpg\" class=\"attachment-full size-full\" alt=\"2013 DTM Saisonauftakt in Hockenheim-Ring\" srcset=\"https:\/\/www.supercars.net\/blog\/wp-content\/uploads\/2016\/03\/1086522-2048.jpg 2048w, https:\/\/www.supercars.net\/blog\/wp-content\/uploads\/2016\/03\/1086522-2048-300x200.jpg 300w, https:\/\/www.supercars.net\/blog\/wp-content\/uploads\/2016\/03\/1086522-2048-1024x683.jpg 1024w, https:\/\/www.supercars.net\/blog\/wp-content\/uploads\/2016\/03\/1086522-2048-100x67.jpg 100w, https:\/\/www.supercars.net\/blog\/wp-content\/uploads\/2016\/03\/1086522-2048-770x513.jpg 770w, https:\/\/www.supercars.net\/blog\/wp-content\/uploads\/2016\/03\/1086522-2048-1536x1024.jpg 1536w, https:\/\/www.supercars.net\/blog\/wp-content\/uploads\/2016\/03\/1086522-2048-360x240.jpg 360w, https:\/\/www.supercars.net\/blog\/wp-content\/uploads\/2016\/03\/1086522-2048-1155x770.jpg 1155w, https:\/\/www.supercars.net\/blog\/wp-content\/uploads\/2016\/03\/1086522-2048-370x247.jpg 370w, https:\/\/www.supercars.net\/blog\/wp-content\/uploads\/2016\/03\/1086522-2048-293x195.jpg 293w, https:\/\/www.supercars.net\/blog\/wp-content\/uploads\/2016\/03\/1086522-2048-1400x933.jpg 1400w\" sizes=\"(max-width: 2048px) 100vw, 2048px\" \/>\r\n\t\t\t\t<\/a>\r\n            <\/div>\r\n                <div class='wp-caption-text gallery-caption'>\r\n                Motorsports \/ DTM 2013, 1. Rennen Hockenheim (D)Audi RS 5 DTM #20 (Audi Sport Team Phoenix), Miguel Molina,\r\n                <\/div><\/figure><figure class='gallery-item'>\r\n            <div class='gallery-icon landscape'>\r\n                <a href='https:\/\/www.supercars.net\/blog\/wp-content\/uploads\/2016\/03\/1086523-2048.jpg' class='tipi-lightbox'>\r\n\t\t\t\t<img decoding=\"async\" width=\"2048\" height=\"1365\" src=\"https:\/\/www.supercars.net\/blog\/wp-content\/uploads\/2016\/03\/1086523-2048.jpg\" class=\"attachment-full size-full\" alt=\"2013 DTM Saisonauftakt in Hockenheim-Ring\" srcset=\"https:\/\/www.supercars.net\/blog\/wp-content\/uploads\/2016\/03\/1086523-2048.jpg 2048w, https:\/\/www.supercars.net\/blog\/wp-content\/uploads\/2016\/03\/1086523-2048-300x200.jpg 300w, https:\/\/www.supercars.net\/blog\/wp-content\/uploads\/2016\/03\/1086523-2048-1024x683.jpg 1024w, https:\/\/www.supercars.net\/blog\/wp-content\/uploads\/2016\/03\/1086523-2048-100x67.jpg 100w, https:\/\/www.supercars.net\/blog\/wp-content\/uploads\/2016\/03\/1086523-2048-770x513.jpg 770w, https:\/\/www.supercars.net\/blog\/wp-content\/uploads\/2016\/03\/1086523-2048-1536x1024.jpg 1536w, https:\/\/www.supercars.net\/blog\/wp-content\/uploads\/2016\/03\/1086523-2048-360x240.jpg 360w, https:\/\/www.supercars.net\/blog\/wp-content\/uploads\/2016\/03\/1086523-2048-1155x770.jpg 1155w, https:\/\/www.supercars.net\/blog\/wp-content\/uploads\/2016\/03\/1086523-2048-370x247.jpg 370w, https:\/\/www.supercars.net\/blog\/wp-content\/uploads\/2016\/03\/1086523-2048-293x195.jpg 293w, https:\/\/www.supercars.net\/blog\/wp-content\/uploads\/2016\/03\/1086523-2048-1400x933.jpg 1400w\" sizes=\"(max-width: 2048px) 100vw, 2048px\" \/>\r\n\t\t\t\t<\/a>\r\n            <\/div>\r\n                <div class='wp-caption-text gallery-caption'>\r\n                Motorsports \/ DTM 2013, 1. Rennen Hockenheim (D)Audi ultra RS 5 DTM #24 (Audi Sport Team Abt), Adrien Tambay\n,\r\n                <\/div><\/figure><figure class='gallery-item'>\r\n            <div class='gallery-icon landscape'>\r\n                <a href='https:\/\/www.supercars.net\/blog\/wp-content\/uploads\/2016\/03\/1086524-2048.jpg' class='tipi-lightbox'>\r\n\t\t\t\t<img decoding=\"async\" width=\"2048\" height=\"1365\" src=\"https:\/\/www.supercars.net\/blog\/wp-content\/uploads\/2016\/03\/1086524-2048.jpg\" class=\"attachment-full size-full\" alt=\"2013 DTM Saisonauftakt in Hockenheim-Ring\" srcset=\"https:\/\/www.supercars.net\/blog\/wp-content\/uploads\/2016\/03\/1086524-2048.jpg 2048w, https:\/\/www.supercars.net\/blog\/wp-content\/uploads\/2016\/03\/1086524-2048-300x200.jpg 300w, https:\/\/www.supercars.net\/blog\/wp-content\/uploads\/2016\/03\/1086524-2048-1024x683.jpg 1024w, https:\/\/www.supercars.net\/blog\/wp-content\/uploads\/2016\/03\/1086524-2048-100x67.jpg 100w, https:\/\/www.supercars.net\/blog\/wp-content\/uploads\/2016\/03\/1086524-2048-770x513.jpg 770w, https:\/\/www.supercars.net\/blog\/wp-content\/uploads\/2016\/03\/1086524-2048-1536x1024.jpg 1536w, https:\/\/www.supercars.net\/blog\/wp-content\/uploads\/2016\/03\/1086524-2048-360x240.jpg 360w, https:\/\/www.supercars.net\/blog\/wp-content\/uploads\/2016\/03\/1086524-2048-1155x770.jpg 1155w, https:\/\/www.supercars.net\/blog\/wp-content\/uploads\/2016\/03\/1086524-2048-370x247.jpg 370w, https:\/\/www.supercars.net\/blog\/wp-content\/uploads\/2016\/03\/1086524-2048-293x195.jpg 293w, https:\/\/www.supercars.net\/blog\/wp-content\/uploads\/2016\/03\/1086524-2048-1400x933.jpg 1400w\" sizes=\"(max-width: 2048px) 100vw, 2048px\" \/>\r\n\t\t\t\t<\/a>\r\n            <\/div>\r\n                <div class='wp-caption-text gallery-caption'>\r\n                Motorsports \/ DTM 2013, 1. Rennen Hockenheim (D)Audi Financial Services RS 5 DTM #6 (Audi Sport Team Rosberg), Filipe Albuquerque,\r\n                <\/div><\/figure><figure class='gallery-item'>\r\n            <div class='gallery-icon landscape'>\r\n                <a href='https:\/\/www.supercars.net\/blog\/wp-content\/uploads\/2016\/03\/1086525-2048.jpg' class='tipi-lightbox'>\r\n\t\t\t\t<img decoding=\"async\" width=\"2048\" height=\"1365\" src=\"https:\/\/www.supercars.net\/blog\/wp-content\/uploads\/2016\/03\/1086525-2048.jpg\" class=\"attachment-full size-full\" alt=\"\" srcset=\"https:\/\/www.supercars.net\/blog\/wp-content\/uploads\/2016\/03\/1086525-2048.jpg 2048w, https:\/\/www.supercars.net\/blog\/wp-content\/uploads\/2016\/03\/1086525-2048-300x200.jpg 300w, https:\/\/www.supercars.net\/blog\/wp-content\/uploads\/2016\/03\/1086525-2048-1024x683.jpg 1024w, https:\/\/www.supercars.net\/blog\/wp-content\/uploads\/2016\/03\/1086525-2048-100x67.jpg 100w, https:\/\/www.supercars.net\/blog\/wp-content\/uploads\/2016\/03\/1086525-2048-770x513.jpg 770w, https:\/\/www.supercars.net\/blog\/wp-content\/uploads\/2016\/03\/1086525-2048-1536x1024.jpg 1536w, https:\/\/www.supercars.net\/blog\/wp-content\/uploads\/2016\/03\/1086525-2048-360x240.jpg 360w, https:\/\/www.supercars.net\/blog\/wp-content\/uploads\/2016\/03\/1086525-2048-1155x770.jpg 1155w, https:\/\/www.supercars.net\/blog\/wp-content\/uploads\/2016\/03\/1086525-2048-370x247.jpg 370w, https:\/\/www.supercars.net\/blog\/wp-content\/uploads\/2016\/03\/1086525-2048-293x195.jpg 293w, https:\/\/www.supercars.net\/blog\/wp-content\/uploads\/2016\/03\/1086525-2048-1400x933.jpg 1400w\" sizes=\"(max-width: 2048px) 100vw, 2048px\" \/>\r\n\t\t\t\t<\/a>\r\n            <\/div>\r\n                <div class='wp-caption-text gallery-caption'>\r\n                DTM 2013 Hockenheimring Qualifikation- Samstag\r\n                <\/div><\/figure><figure class='gallery-item'>\r\n            <div class='gallery-icon landscape'>\r\n                <a href='https:\/\/www.supercars.net\/blog\/wp-content\/uploads\/2016\/03\/1086526-2048.jpg' class='tipi-lightbox'>\r\n\t\t\t\t<img decoding=\"async\" width=\"2048\" height=\"1365\" src=\"https:\/\/www.supercars.net\/blog\/wp-content\/uploads\/2016\/03\/1086526-2048.jpg\" class=\"attachment-full size-full\" alt=\"\" srcset=\"https:\/\/www.supercars.net\/blog\/wp-content\/uploads\/2016\/03\/1086526-2048.jpg 2048w, https:\/\/www.supercars.net\/blog\/wp-content\/uploads\/2016\/03\/1086526-2048-300x200.jpg 300w, https:\/\/www.supercars.net\/blog\/wp-content\/uploads\/2016\/03\/1086526-2048-1024x683.jpg 1024w, https:\/\/www.supercars.net\/blog\/wp-content\/uploads\/2016\/03\/1086526-2048-100x67.jpg 100w, https:\/\/www.supercars.net\/blog\/wp-content\/uploads\/2016\/03\/1086526-2048-770x513.jpg 770w, https:\/\/www.supercars.net\/blog\/wp-content\/uploads\/2016\/03\/1086526-2048-1536x1024.jpg 1536w, https:\/\/www.supercars.net\/blog\/wp-content\/uploads\/2016\/03\/1086526-2048-360x240.jpg 360w, https:\/\/www.supercars.net\/blog\/wp-content\/uploads\/2016\/03\/1086526-2048-1155x770.jpg 1155w, https:\/\/www.supercars.net\/blog\/wp-content\/uploads\/2016\/03\/1086526-2048-370x247.jpg 370w, https:\/\/www.supercars.net\/blog\/wp-content\/uploads\/2016\/03\/1086526-2048-293x195.jpg 293w, https:\/\/www.supercars.net\/blog\/wp-content\/uploads\/2016\/03\/1086526-2048-1400x933.jpg 1400w\" sizes=\"(max-width: 2048px) 100vw, 2048px\" \/>\r\n\t\t\t\t<\/a>\r\n            <\/div>\r\n                <div class='wp-caption-text gallery-caption'>\r\n                DTM 2013 Hockenheimring Qualifikation- Samstag\r\n                <\/div><\/figure><figure class='gallery-item'>\r\n            <div class='gallery-icon landscape'>\r\n                <a href='https:\/\/www.supercars.net\/blog\/wp-content\/uploads\/2016\/03\/1086527-2048.jpg' class='tipi-lightbox'>\r\n\t\t\t\t<img decoding=\"async\" width=\"2048\" height=\"1365\" src=\"https:\/\/www.supercars.net\/blog\/wp-content\/uploads\/2016\/03\/1086527-2048.jpg\" class=\"attachment-full size-full\" alt=\"2013 DTM Saisonauftakt in Hockenheim-Ring\" srcset=\"https:\/\/www.supercars.net\/blog\/wp-content\/uploads\/2016\/03\/1086527-2048.jpg 2048w, https:\/\/www.supercars.net\/blog\/wp-content\/uploads\/2016\/03\/1086527-2048-300x200.jpg 300w, https:\/\/www.supercars.net\/blog\/wp-content\/uploads\/2016\/03\/1086527-2048-1024x683.jpg 1024w, https:\/\/www.supercars.net\/blog\/wp-content\/uploads\/2016\/03\/1086527-2048-100x67.jpg 100w, https:\/\/www.supercars.net\/blog\/wp-content\/uploads\/2016\/03\/1086527-2048-770x513.jpg 770w, https:\/\/www.supercars.net\/blog\/wp-content\/uploads\/2016\/03\/1086527-2048-1536x1024.jpg 1536w, https:\/\/www.supercars.net\/blog\/wp-content\/uploads\/2016\/03\/1086527-2048-360x240.jpg 360w, https:\/\/www.supercars.net\/blog\/wp-content\/uploads\/2016\/03\/1086527-2048-1155x770.jpg 1155w, https:\/\/www.supercars.net\/blog\/wp-content\/uploads\/2016\/03\/1086527-2048-370x247.jpg 370w, https:\/\/www.supercars.net\/blog\/wp-content\/uploads\/2016\/03\/1086527-2048-293x195.jpg 293w, https:\/\/www.supercars.net\/blog\/wp-content\/uploads\/2016\/03\/1086527-2048-1400x933.jpg 1400w\" sizes=\"(max-width: 2048px) 100vw, 2048px\" \/>\r\n\t\t\t\t<\/a>\r\n            <\/div>\r\n                <div class='wp-caption-text gallery-caption'>\r\n                DTM 2013 Hockenheimring Qualifikation- Samstag\r\n                <\/div><\/figure><figure class='gallery-item'>\r\n            <div class='gallery-icon landscape'>\r\n                <a href='https:\/\/www.supercars.net\/blog\/wp-content\/uploads\/2016\/03\/1086528-2048.jpg' class='tipi-lightbox'>\r\n\t\t\t\t<img decoding=\"async\" width=\"2048\" height=\"1365\" src=\"https:\/\/www.supercars.net\/blog\/wp-content\/uploads\/2016\/03\/1086528-2048.jpg\" class=\"attachment-full size-full\" alt=\"2013 DTM Saisonauftakt in Hockenheim-Ring\" srcset=\"https:\/\/www.supercars.net\/blog\/wp-content\/uploads\/2016\/03\/1086528-2048.jpg 2048w, https:\/\/www.supercars.net\/blog\/wp-content\/uploads\/2016\/03\/1086528-2048-300x200.jpg 300w, https:\/\/www.supercars.net\/blog\/wp-content\/uploads\/2016\/03\/1086528-2048-1024x683.jpg 1024w, https:\/\/www.supercars.net\/blog\/wp-content\/uploads\/2016\/03\/1086528-2048-100x67.jpg 100w, https:\/\/www.supercars.net\/blog\/wp-content\/uploads\/2016\/03\/1086528-2048-770x513.jpg 770w, https:\/\/www.supercars.net\/blog\/wp-content\/uploads\/2016\/03\/1086528-2048-1536x1024.jpg 1536w, https:\/\/www.supercars.net\/blog\/wp-content\/uploads\/2016\/03\/1086528-2048-360x240.jpg 360w, https:\/\/www.supercars.net\/blog\/wp-content\/uploads\/2016\/03\/1086528-2048-1155x770.jpg 1155w, https:\/\/www.supercars.net\/blog\/wp-content\/uploads\/2016\/03\/1086528-2048-370x247.jpg 370w, https:\/\/www.supercars.net\/blog\/wp-content\/uploads\/2016\/03\/1086528-2048-293x195.jpg 293w, https:\/\/www.supercars.net\/blog\/wp-content\/uploads\/2016\/03\/1086528-2048-1400x933.jpg 1400w\" sizes=\"(max-width: 2048px) 100vw, 2048px\" \/>\r\n\t\t\t\t<\/a>\r\n            <\/div>\r\n                <div class='wp-caption-text gallery-caption'>\r\n                DTM 2013 Hockenheimring Qualifikation- Samstag\r\n                <\/div><\/figure>\n","protected":false},"excerpt":{"rendered":"<p>First round of the 2013 DTM season held at . Won by Augusto Farfus Jr for BMW Team RBM.<\/p>\n","protected":false},"author":2,"featured_media":164098,"comment_status":"open","ping_status":"closed","sticky":false,"template":"","format":"standard","meta":{"footnotes":""},"categories":[261],"tags":[548],"class_list":["post-142382","post","type-post","status-publish","format-standard","has-post-thumbnail","hentry","category-motorsport-racing","tag-motorsport"],"yoast_head":"<!-- This site is optimized with the Yoast SEO plugin v27.5 - https:\/\/yoast.com\/product\/yoast-seo-wordpress\/ -->\n<title>2013 DTM Saisonauftakt in Hockenheim-Ring<\/title>\n<meta name=\"robots\" content=\"index, follow, max-snippet:-1, max-image-preview:large, max-video-preview:-1\" \/>\n<link rel=\"canonical\" href=\"https:\/\/www.supercars.net\/blog\/2013-dtm-saisonauftakt-in-hockenheim-ring-1\/\" \/>\n<meta property=\"og:locale\" content=\"en_US\" \/>\n<meta property=\"og:type\" content=\"article\" \/>\n<meta property=\"og:title\" content=\"2013 DTM Saisonauftakt in Hockenheim-Ring\" \/>\n<meta property=\"og:description\" content=\"First round of the 2013 DTM season held at . Won by Augusto Farfus Jr for BMW Team RBM.\" \/>\n<meta property=\"og:url\" content=\"https:\/\/www.supercars.net\/blog\/2013-dtm-saisonauftakt-in-hockenheim-ring-1\/\" \/>\n<meta property=\"og:site_name\" content=\"Supercars.net\" \/>\n<meta property=\"article:publisher\" content=\"https:\/\/www.facebook.com\/Supercars.net\/\" \/>\n<meta property=\"article:author\" content=\"https:\/\/www.facebook.com\/Supercars.net\/\" \/>\n<meta property=\"article:published_time\" content=\"2016-03-16T16:46:00+00:00\" \/>\n<meta property=\"article:modified_time\" content=\"2023-12-15T19:58:04+00:00\" \/>\n<meta property=\"og:image\" content=\"https:\/\/www.supercars.net\/blog\/wp-content\/uploads\/2016\/03\/1086491-1024.jpg\" \/>\n\t<meta property=\"og:image:width\" content=\"1024\" \/>\n\t<meta property=\"og:image:height\" content=\"682\" \/>\n\t<meta property=\"og:image:type\" content=\"image\/jpeg\" \/>\n<meta name=\"author\" content=\"Editorial Team\" \/>\n<meta name=\"twitter:card\" content=\"summary_large_image\" \/>\n<meta name=\"twitter:creator\" content=\"@https:\/\/twitter.com\/supercars_net\" \/>\n<meta name=\"twitter:site\" content=\"@supercars_net\" \/>\n<meta name=\"twitter:label1\" content=\"Written by\" \/>\n\t<meta name=\"twitter:data1\" content=\"Editorial Team\" \/>\n<script type=\"application\/ld+json\" class=\"yoast-schema-graph\">{\"@context\":\"https:\\\/\\\/schema.org\",\"@graph\":[{\"@type\":\"Article\",\"@id\":\"https:\\\/\\\/www.supercars.net\\\/blog\\\/2013-dtm-saisonauftakt-in-hockenheim-ring-1\\\/#article\",\"isPartOf\":{\"@id\":\"https:\\\/\\\/www.supercars.net\\\/blog\\\/2013-dtm-saisonauftakt-in-hockenheim-ring-1\\\/\"},\"author\":{\"name\":\"Editorial Team\",\"@id\":\"https:\\\/\\\/www.supercars.net\\\/blog\\\/#\\\/schema\\\/person\\\/08906293a84eafb03312b711c1507c7e\"},\"headline\":\"2013 DTM Saisonauftakt in Hockenheim-Ring\",\"datePublished\":\"2016-03-16T16:46:00+00:00\",\"dateModified\":\"2023-12-15T19:58:04+00:00\",\"mainEntityOfPage\":{\"@id\":\"https:\\\/\\\/www.supercars.net\\\/blog\\\/2013-dtm-saisonauftakt-in-hockenheim-ring-1\\\/\"},\"wordCount\":25,\"commentCount\":0,\"image\":{\"@id\":\"https:\\\/\\\/www.supercars.net\\\/blog\\\/2013-dtm-saisonauftakt-in-hockenheim-ring-1\\\/#primaryimage\"},\"thumbnailUrl\":\"https:\\\/\\\/www.supercars.net\\\/blog\\\/wp-content\\\/uploads\\\/2016\\\/03\\\/1086491-1024.jpg\",\"keywords\":[\"Motorsport &amp; Racing\"],\"articleSection\":[\"Motorsport &amp; Racing\"],\"inLanguage\":\"en-US\",\"potentialAction\":[{\"@type\":\"CommentAction\",\"name\":\"Comment\",\"target\":[\"https:\\\/\\\/www.supercars.net\\\/blog\\\/2013-dtm-saisonauftakt-in-hockenheim-ring-1\\\/#respond\"]}]},{\"@type\":\"WebPage\",\"@id\":\"https:\\\/\\\/www.supercars.net\\\/blog\\\/2013-dtm-saisonauftakt-in-hockenheim-ring-1\\\/\",\"url\":\"https:\\\/\\\/www.supercars.net\\\/blog\\\/2013-dtm-saisonauftakt-in-hockenheim-ring-1\\\/\",\"name\":\"2013 DTM Saisonauftakt in Hockenheim-Ring\",\"isPartOf\":{\"@id\":\"https:\\\/\\\/www.supercars.net\\\/blog\\\/#website\"},\"primaryImageOfPage\":{\"@id\":\"https:\\\/\\\/www.supercars.net\\\/blog\\\/2013-dtm-saisonauftakt-in-hockenheim-ring-1\\\/#primaryimage\"},\"image\":{\"@id\":\"https:\\\/\\\/www.supercars.net\\\/blog\\\/2013-dtm-saisonauftakt-in-hockenheim-ring-1\\\/#primaryimage\"},\"thumbnailUrl\":\"https:\\\/\\\/www.supercars.net\\\/blog\\\/wp-content\\\/uploads\\\/2016\\\/03\\\/1086491-1024.jpg\",\"datePublished\":\"2016-03-16T16:46:00+00:00\",\"dateModified\":\"2023-12-15T19:58:04+00:00\",\"author\":{\"@id\":\"https:\\\/\\\/www.supercars.net\\\/blog\\\/#\\\/schema\\\/person\\\/08906293a84eafb03312b711c1507c7e\"},\"breadcrumb\":{\"@id\":\"https:\\\/\\\/www.supercars.net\\\/blog\\\/2013-dtm-saisonauftakt-in-hockenheim-ring-1\\\/#breadcrumb\"},\"inLanguage\":\"en-US\",\"potentialAction\":[{\"@type\":\"ReadAction\",\"target\":[\"https:\\\/\\\/www.supercars.net\\\/blog\\\/2013-dtm-saisonauftakt-in-hockenheim-ring-1\\\/\"]}]},{\"@type\":\"ImageObject\",\"inLanguage\":\"en-US\",\"@id\":\"https:\\\/\\\/www.supercars.net\\\/blog\\\/2013-dtm-saisonauftakt-in-hockenheim-ring-1\\\/#primaryimage\",\"url\":\"https:\\\/\\\/www.supercars.net\\\/blog\\\/wp-content\\\/uploads\\\/2016\\\/03\\\/1086491-1024.jpg\",\"contentUrl\":\"https:\\\/\\\/www.supercars.net\\\/blog\\\/wp-content\\\/uploads\\\/2016\\\/03\\\/1086491-1024.jpg\",\"width\":1024,\"height\":682,\"caption\":\"Hockenheim (DE) 05th May 2013. BMW Motorsport. Winner Augusto Farfus (BR) Castrol Edge BMW M3 DTM, Martin Tomczyk (DE) BMW M Performance Parts M3 DTM and Dirk Werner (DE) SAMSUNG BMW M3 DTM. This image is copyright free for editorial use \u00a9 BMW AG (05\\\/2013).\"},{\"@type\":\"BreadcrumbList\",\"@id\":\"https:\\\/\\\/www.supercars.net\\\/blog\\\/2013-dtm-saisonauftakt-in-hockenheim-ring-1\\\/#breadcrumb\",\"itemListElement\":[{\"@type\":\"ListItem\",\"position\":1,\"name\":\"Home\",\"item\":\"https:\\\/\\\/www.supercars.net\\\/blog\\\/\"},{\"@type\":\"ListItem\",\"position\":2,\"name\":\"2013 DTM Saisonauftakt in Hockenheim-Ring\"}]},{\"@type\":\"WebSite\",\"@id\":\"https:\\\/\\\/www.supercars.net\\\/blog\\\/#website\",\"url\":\"https:\\\/\\\/www.supercars.net\\\/blog\\\/\",\"name\":\"Supercars.net\",\"description\":\"Exotic and Supercar news, information, pictures and videos\",\"potentialAction\":[{\"@type\":\"SearchAction\",\"target\":{\"@type\":\"EntryPoint\",\"urlTemplate\":\"https:\\\/\\\/www.supercars.net\\\/blog\\\/?s={search_term_string}\"},\"query-input\":{\"@type\":\"PropertyValueSpecification\",\"valueRequired\":true,\"valueName\":\"search_term_string\"}}],\"inLanguage\":\"en-US\"},{\"@type\":\"Person\",\"@id\":\"https:\\\/\\\/www.supercars.net\\\/blog\\\/#\\\/schema\\\/person\\\/08906293a84eafb03312b711c1507c7e\",\"name\":\"Editorial Team\",\"image\":{\"@type\":\"ImageObject\",\"inLanguage\":\"en-US\",\"@id\":\"https:\\\/\\\/www.supercars.net\\\/blog\\\/wp-content\\\/uploads\\\/2012\\\/01\\\/196-293x293.jpg\",\"url\":\"https:\\\/\\\/www.supercars.net\\\/blog\\\/wp-content\\\/uploads\\\/2012\\\/01\\\/196-293x293.jpg\",\"contentUrl\":\"https:\\\/\\\/www.supercars.net\\\/blog\\\/wp-content\\\/uploads\\\/2012\\\/01\\\/196-293x293.jpg\",\"caption\":\"Editorial Team\"},\"description\":\"Regular people by day, car obsessed nutcases by night. We are like kids in a candy store, except the candy is made of metal, goes vroom-vroom, and occasionally bankrupts us faster than a sugar rush at a candy store sale! We spend hours debating the merits of turbochargers versus superchargers, and our weekends are a never-ending quest for the perfect polish and wax combo. We can identify every make and model by the sound of a revving engine, and our idea of a romantic evening is a candlelit dinner with our cars in the garage.\",\"sameAs\":[\"http:\\\/\\\/www.supercars.net\",\"https:\\\/\\\/www.facebook.com\\\/Supercars.net\\\/\",\"https:\\\/\\\/instagram.com\\\/super.cars.fans\",\"https:\\\/\\\/x.com\\\/https:\\\/\\\/twitter.com\\\/supercars_net\"],\"url\":\"https:\\\/\\\/www.supercars.net\\\/blog\\\/author\\\/supercars\\\/\"}]}<\/script>\n<!-- \/ Yoast SEO plugin. -->","yoast_head_json":{"title":"2013 DTM Saisonauftakt in Hockenheim-Ring","robots":{"index":"index","follow":"follow","max-snippet":"max-snippet:-1","max-image-preview":"max-image-preview:large","max-video-preview":"max-video-preview:-1"},"canonical":"https:\/\/www.supercars.net\/blog\/2013-dtm-saisonauftakt-in-hockenheim-ring-1\/","og_locale":"en_US","og_type":"article","og_title":"2013 DTM Saisonauftakt in Hockenheim-Ring","og_description":"First round of the 2013 DTM season held at . Won by Augusto Farfus Jr for BMW Team RBM.","og_url":"https:\/\/www.supercars.net\/blog\/2013-dtm-saisonauftakt-in-hockenheim-ring-1\/","og_site_name":"Supercars.net","article_publisher":"https:\/\/www.facebook.com\/Supercars.net\/","article_author":"https:\/\/www.facebook.com\/Supercars.net\/","article_published_time":"2016-03-16T16:46:00+00:00","article_modified_time":"2023-12-15T19:58:04+00:00","og_image":[{"width":1024,"height":682,"url":"https:\/\/www.supercars.net\/blog\/wp-content\/uploads\/2016\/03\/1086491-1024.jpg","type":"image\/jpeg"}],"author":"Editorial Team","twitter_card":"summary_large_image","twitter_creator":"@https:\/\/twitter.com\/supercars_net","twitter_site":"@supercars_net","twitter_misc":{"Written by":"Editorial Team"},"schema":{"@context":"https:\/\/schema.org","@graph":[{"@type":"Article","@id":"https:\/\/www.supercars.net\/blog\/2013-dtm-saisonauftakt-in-hockenheim-ring-1\/#article","isPartOf":{"@id":"https:\/\/www.supercars.net\/blog\/2013-dtm-saisonauftakt-in-hockenheim-ring-1\/"},"author":{"name":"Editorial Team","@id":"https:\/\/www.supercars.net\/blog\/#\/schema\/person\/08906293a84eafb03312b711c1507c7e"},"headline":"2013 DTM Saisonauftakt in Hockenheim-Ring","datePublished":"2016-03-16T16:46:00+00:00","dateModified":"2023-12-15T19:58:04+00:00","mainEntityOfPage":{"@id":"https:\/\/www.supercars.net\/blog\/2013-dtm-saisonauftakt-in-hockenheim-ring-1\/"},"wordCount":25,"commentCount":0,"image":{"@id":"https:\/\/www.supercars.net\/blog\/2013-dtm-saisonauftakt-in-hockenheim-ring-1\/#primaryimage"},"thumbnailUrl":"https:\/\/www.supercars.net\/blog\/wp-content\/uploads\/2016\/03\/1086491-1024.jpg","keywords":["Motorsport &amp; Racing"],"articleSection":["Motorsport &amp; Racing"],"inLanguage":"en-US","potentialAction":[{"@type":"CommentAction","name":"Comment","target":["https:\/\/www.supercars.net\/blog\/2013-dtm-saisonauftakt-in-hockenheim-ring-1\/#respond"]}]},{"@type":"WebPage","@id":"https:\/\/www.supercars.net\/blog\/2013-dtm-saisonauftakt-in-hockenheim-ring-1\/","url":"https:\/\/www.supercars.net\/blog\/2013-dtm-saisonauftakt-in-hockenheim-ring-1\/","name":"2013 DTM Saisonauftakt in Hockenheim-Ring","isPartOf":{"@id":"https:\/\/www.supercars.net\/blog\/#website"},"primaryImageOfPage":{"@id":"https:\/\/www.supercars.net\/blog\/2013-dtm-saisonauftakt-in-hockenheim-ring-1\/#primaryimage"},"image":{"@id":"https:\/\/www.supercars.net\/blog\/2013-dtm-saisonauftakt-in-hockenheim-ring-1\/#primaryimage"},"thumbnailUrl":"https:\/\/www.supercars.net\/blog\/wp-content\/uploads\/2016\/03\/1086491-1024.jpg","datePublished":"2016-03-16T16:46:00+00:00","dateModified":"2023-12-15T19:58:04+00:00","author":{"@id":"https:\/\/www.supercars.net\/blog\/#\/schema\/person\/08906293a84eafb03312b711c1507c7e"},"breadcrumb":{"@id":"https:\/\/www.supercars.net\/blog\/2013-dtm-saisonauftakt-in-hockenheim-ring-1\/#breadcrumb"},"inLanguage":"en-US","potentialAction":[{"@type":"ReadAction","target":["https:\/\/www.supercars.net\/blog\/2013-dtm-saisonauftakt-in-hockenheim-ring-1\/"]}]},{"@type":"ImageObject","inLanguage":"en-US","@id":"https:\/\/www.supercars.net\/blog\/2013-dtm-saisonauftakt-in-hockenheim-ring-1\/#primaryimage","url":"https:\/\/www.supercars.net\/blog\/wp-content\/uploads\/2016\/03\/1086491-1024.jpg","contentUrl":"https:\/\/www.supercars.net\/blog\/wp-content\/uploads\/2016\/03\/1086491-1024.jpg","width":1024,"height":682,"caption":"Hockenheim (DE) 05th May 2013. BMW Motorsport. Winner Augusto Farfus (BR) Castrol Edge BMW M3 DTM, Martin Tomczyk (DE) BMW M Performance Parts M3 DTM and Dirk Werner (DE) SAMSUNG BMW M3 DTM. This image is copyright free for editorial use \u00a9 BMW AG (05\/2013)."},{"@type":"BreadcrumbList","@id":"https:\/\/www.supercars.net\/blog\/2013-dtm-saisonauftakt-in-hockenheim-ring-1\/#breadcrumb","itemListElement":[{"@type":"ListItem","position":1,"name":"Home","item":"https:\/\/www.supercars.net\/blog\/"},{"@type":"ListItem","position":2,"name":"2013 DTM Saisonauftakt in Hockenheim-Ring"}]},{"@type":"WebSite","@id":"https:\/\/www.supercars.net\/blog\/#website","url":"https:\/\/www.supercars.net\/blog\/","name":"Supercars.net","description":"Exotic and Supercar news, information, pictures and videos","potentialAction":[{"@type":"SearchAction","target":{"@type":"EntryPoint","urlTemplate":"https:\/\/www.supercars.net\/blog\/?s={search_term_string}"},"query-input":{"@type":"PropertyValueSpecification","valueRequired":true,"valueName":"search_term_string"}}],"inLanguage":"en-US"},{"@type":"Person","@id":"https:\/\/www.supercars.net\/blog\/#\/schema\/person\/08906293a84eafb03312b711c1507c7e","name":"Editorial Team","image":{"@type":"ImageObject","inLanguage":"en-US","@id":"https:\/\/www.supercars.net\/blog\/wp-content\/uploads\/2012\/01\/196-293x293.jpg","url":"https:\/\/www.supercars.net\/blog\/wp-content\/uploads\/2012\/01\/196-293x293.jpg","contentUrl":"https:\/\/www.supercars.net\/blog\/wp-content\/uploads\/2012\/01\/196-293x293.jpg","caption":"Editorial Team"},"description":"Regular people by day, car obsessed nutcases by night. We are like kids in a candy store, except the candy is made of metal, goes vroom-vroom, and occasionally bankrupts us faster than a sugar rush at a candy store sale! We spend hours debating the merits of turbochargers versus superchargers, and our weekends are a never-ending quest for the perfect polish and wax combo. We can identify every make and model by the sound of a revving engine, and our idea of a romantic evening is a candlelit dinner with our cars in the garage.","sameAs":["http:\/\/www.supercars.net","https:\/\/www.facebook.com\/Supercars.net\/","https:\/\/instagram.com\/super.cars.fans","https:\/\/x.com\/https:\/\/twitter.com\/supercars_net"],"url":"https:\/\/www.supercars.net\/blog\/author\/supercars\/"}]}},"_links":{"self":[{"href":"https:\/\/www.supercars.net\/blog\/wp-json\/wp\/v2\/posts\/142382","targetHints":{"allow":["GET"]}}],"collection":[{"href":"https:\/\/www.supercars.net\/blog\/wp-json\/wp\/v2\/posts"}],"about":[{"href":"https:\/\/www.supercars.net\/blog\/wp-json\/wp\/v2\/types\/post"}],"author":[{"embeddable":true,"href":"https:\/\/www.supercars.net\/blog\/wp-json\/wp\/v2\/users\/2"}],"replies":[{"embeddable":true,"href":"https:\/\/www.supercars.net\/blog\/wp-json\/wp\/v2\/comments?post=142382"}],"version-history":[{"count":0,"href":"https:\/\/www.supercars.net\/blog\/wp-json\/wp\/v2\/posts\/142382\/revisions"}],"wp:featuredmedia":[{"embeddable":true,"href":"https:\/\/www.supercars.net\/blog\/wp-json\/wp\/v2\/media\/164098"}],"wp:attachment":[{"href":"https:\/\/www.supercars.net\/blog\/wp-json\/wp\/v2\/media?parent=142382"}],"wp:term":[{"taxonomy":"category","embeddable":true,"href":"https:\/\/www.supercars.net\/blog\/wp-json\/wp\/v2\/categories?post=142382"},{"taxonomy":"post_tag","embeddable":true,"href":"https:\/\/www.supercars.net\/blog\/wp-json\/wp\/v2\/tags?post=142382"}],"curies":[{"name":"wp","href":"https:\/\/api.w.org\/{rel}","templated":true}]}}