{"id":176230,"date":"2016-04-05T18:11:18","date_gmt":"2016-04-05T18:11:18","guid":{"rendered":"http:\/\/blog.supercars.net\/blog\/?p=176230"},"modified":"2024-02-27T19:35:24","modified_gmt":"2024-02-27T19:35:24","slug":"2011-bmw-650i-coupe-m-sport","status":"publish","type":"post","link":"https:\/\/www.supercars.net\/blog\/2011-bmw-650i-coupe-m-sport\/","title":{"rendered":"2011 BMW 650i Coup\u00e9 M Sport"},"content":{"rendered":"<h1>2011 BMW 650i Coup\u00e9 M Sport<\/h1>\n<p><span id=\"intelliTXT\">From autumn 2011, both the Coup\u00e9 and the Convertible version of the new BMW 6 Series will be available with an M Sport package, which includes features such as an M aerodynamics package, LED foglamps, 19-inch M light-alloy wheels in double-spoke design, sports seats with<\/span><\/p>\n<p>Alcantara\/leather upholstery and an M leather steering wheel. Also available for both models is the BMW Individual range, which comprises \u2013 among other features \u2013 exclusive paint finishes, light-alloy wheels and exceptionally sophisticated and stylish options when it comes to tailoring the interior of the car to the customer\u2019s tastes.<\/p>\n<figure class='gallery-item'>\r\n            <div class='gallery-icon landscape'>\r\n                <a href='https:\/\/www.supercars.net\/blog\/wp-content\/uploads\/2016\/03\/2011_BMW_650iCoupMSport1.jpg' class='tipi-lightbox'>\r\n\t\t\t\t<img decoding=\"async\" width=\"1024\" height=\"726\" src=\"https:\/\/www.supercars.net\/blog\/wp-content\/uploads\/2016\/03\/2011_BMW_650iCoupMSport1.jpg\" class=\"attachment-full size-full\" alt=\"2011 BMW 650i Coup\u00e9 M Sport\" srcset=\"https:\/\/www.supercars.net\/blog\/wp-content\/uploads\/2016\/03\/2011_BMW_650iCoupMSport1.jpg 1024w, https:\/\/www.supercars.net\/blog\/wp-content\/uploads\/2016\/03\/2011_BMW_650iCoupMSport1-300x213.jpg 300w, https:\/\/www.supercars.net\/blog\/wp-content\/uploads\/2016\/03\/2011_BMW_650iCoupMSport1-100x71.jpg 100w, https:\/\/www.supercars.net\/blog\/wp-content\/uploads\/2016\/03\/2011_BMW_650iCoupMSport1-770x546.jpg 770w, https:\/\/www.supercars.net\/blog\/wp-content\/uploads\/2016\/03\/2011_BMW_650iCoupMSport1-293x208.jpg 293w\" sizes=\"(max-width: 1024px) 100vw, 1024px\" \/>\r\n\t\t\t\t<\/a>\r\n            <\/div>\r\n                <div class='wp-caption-text gallery-caption'>\r\n                BMW 6 Series Coupe M Sport package &#8211; Exerior (07\/2011).\r\n                <\/div><\/figure><figure class='gallery-item'>\r\n            <div class='gallery-icon landscape'>\r\n                <a href='https:\/\/www.supercars.net\/blog\/wp-content\/uploads\/2016\/03\/2011_BMW_650iCoupMSport2.jpg' class='tipi-lightbox'>\r\n\t\t\t\t<img decoding=\"async\" width=\"1024\" height=\"722\" src=\"https:\/\/www.supercars.net\/blog\/wp-content\/uploads\/2016\/03\/2011_BMW_650iCoupMSport2.jpg\" class=\"attachment-full size-full\" alt=\"2011 BMW 650i Coup\u00e9 M Sport\" srcset=\"https:\/\/www.supercars.net\/blog\/wp-content\/uploads\/2016\/03\/2011_BMW_650iCoupMSport2.jpg 1024w, https:\/\/www.supercars.net\/blog\/wp-content\/uploads\/2016\/03\/2011_BMW_650iCoupMSport2-300x212.jpg 300w, https:\/\/www.supercars.net\/blog\/wp-content\/uploads\/2016\/03\/2011_BMW_650iCoupMSport2-100x71.jpg 100w, https:\/\/www.supercars.net\/blog\/wp-content\/uploads\/2016\/03\/2011_BMW_650iCoupMSport2-770x543.jpg 770w, https:\/\/www.supercars.net\/blog\/wp-content\/uploads\/2016\/03\/2011_BMW_650iCoupMSport2-293x207.jpg 293w\" sizes=\"(max-width: 1024px) 100vw, 1024px\" \/>\r\n\t\t\t\t<\/a>\r\n            <\/div>\r\n                <div class='wp-caption-text gallery-caption'>\r\n                BMW 6 Series Coupe M Sport package &#8211; Exerior (07\/2011).\r\n                <\/div><\/figure><figure class='gallery-item'>\r\n            <div class='gallery-icon landscape'>\r\n                <a href='https:\/\/www.supercars.net\/blog\/wp-content\/uploads\/2016\/03\/2011_BMW_650iCoupMSport3.jpg' class='tipi-lightbox'>\r\n\t\t\t\t<img decoding=\"async\" width=\"1024\" height=\"768\" src=\"https:\/\/www.supercars.net\/blog\/wp-content\/uploads\/2016\/03\/2011_BMW_650iCoupMSport3.jpg\" class=\"attachment-full size-full\" alt=\"2011 BMW 650i Coup\u00e9 M Sport\" srcset=\"https:\/\/www.supercars.net\/blog\/wp-content\/uploads\/2016\/03\/2011_BMW_650iCoupMSport3.jpg 1024w, https:\/\/www.supercars.net\/blog\/wp-content\/uploads\/2016\/03\/2011_BMW_650iCoupMSport3-300x225.jpg 300w, https:\/\/www.supercars.net\/blog\/wp-content\/uploads\/2016\/03\/2011_BMW_650iCoupMSport3-100x75.jpg 100w, https:\/\/www.supercars.net\/blog\/wp-content\/uploads\/2016\/03\/2011_BMW_650iCoupMSport3-770x578.jpg 770w, https:\/\/www.supercars.net\/blog\/wp-content\/uploads\/2016\/03\/2011_BMW_650iCoupMSport3-293x220.jpg 293w\" sizes=\"(max-width: 1024px) 100vw, 1024px\" \/>\r\n\t\t\t\t<\/a>\r\n            <\/div>\r\n                <div class='wp-caption-text gallery-caption'>\r\n                BMW 6 Series Coupe M Sport package &#8211; Exerior (07\/2011).\r\n                <\/div><\/figure><figure class='gallery-item'>\r\n            <div class='gallery-icon landscape'>\r\n                <a href='https:\/\/www.supercars.net\/blog\/wp-content\/uploads\/2016\/03\/2011_BMW_650iCoupMSport4.jpg' class='tipi-lightbox'>\r\n\t\t\t\t<img decoding=\"async\" width=\"1024\" height=\"768\" src=\"https:\/\/www.supercars.net\/blog\/wp-content\/uploads\/2016\/03\/2011_BMW_650iCoupMSport4.jpg\" class=\"attachment-full size-full\" alt=\"2011 BMW 650i Coup\u00e9 M Sport\" srcset=\"https:\/\/www.supercars.net\/blog\/wp-content\/uploads\/2016\/03\/2011_BMW_650iCoupMSport4.jpg 1024w, https:\/\/www.supercars.net\/blog\/wp-content\/uploads\/2016\/03\/2011_BMW_650iCoupMSport4-300x225.jpg 300w, https:\/\/www.supercars.net\/blog\/wp-content\/uploads\/2016\/03\/2011_BMW_650iCoupMSport4-100x75.jpg 100w, https:\/\/www.supercars.net\/blog\/wp-content\/uploads\/2016\/03\/2011_BMW_650iCoupMSport4-770x578.jpg 770w, https:\/\/www.supercars.net\/blog\/wp-content\/uploads\/2016\/03\/2011_BMW_650iCoupMSport4-293x220.jpg 293w\" sizes=\"(max-width: 1024px) 100vw, 1024px\" \/>\r\n\t\t\t\t<\/a>\r\n            <\/div>\r\n                <div class='wp-caption-text gallery-caption'>\r\n                BMW 6 Series Coupe M Sport package 19-inch M light alloys (07\/2011).\r\n                <\/div><\/figure><figure class='gallery-item'>\r\n            <div class='gallery-icon landscape'>\r\n                <a href='https:\/\/www.supercars.net\/blog\/wp-content\/uploads\/2016\/03\/2011_BMW_650iCoupMSport5.jpg' class='tipi-lightbox'>\r\n\t\t\t\t<img decoding=\"async\" width=\"1024\" height=\"768\" src=\"https:\/\/www.supercars.net\/blog\/wp-content\/uploads\/2016\/03\/2011_BMW_650iCoupMSport5.jpg\" class=\"attachment-full size-full\" alt=\"2011 BMW 650i Coup\u00e9 M Sport\" srcset=\"https:\/\/www.supercars.net\/blog\/wp-content\/uploads\/2016\/03\/2011_BMW_650iCoupMSport5.jpg 1024w, https:\/\/www.supercars.net\/blog\/wp-content\/uploads\/2016\/03\/2011_BMW_650iCoupMSport5-300x225.jpg 300w, https:\/\/www.supercars.net\/blog\/wp-content\/uploads\/2016\/03\/2011_BMW_650iCoupMSport5-100x75.jpg 100w, https:\/\/www.supercars.net\/blog\/wp-content\/uploads\/2016\/03\/2011_BMW_650iCoupMSport5-770x578.jpg 770w, https:\/\/www.supercars.net\/blog\/wp-content\/uploads\/2016\/03\/2011_BMW_650iCoupMSport5-293x220.jpg 293w\" sizes=\"(max-width: 1024px) 100vw, 1024px\" \/>\r\n\t\t\t\t<\/a>\r\n            <\/div>\r\n                <div class='wp-caption-text gallery-caption'>\r\n                BMW 6 Series Coupe M Sport package &#8211; Interior (07\/2011).\r\n                <\/div><\/figure>\n<h3>In Detail<\/h3>\n<table class=\"cardetails\" border=\"0\" cellspacing=\"0\" cellpadding=\"0\">\n<tbody>\n<tr>\n<td class=\"label\" align=\"left\" valign=\"bottom\" width=\"30%\"><\/td>\n<td class=\"value\" align=\"right\" valign=\"bottom\" width=\"70%\"><\/td>\n<\/tr>\n<tr>\n<td class=\"label\" align=\"left\" valign=\"bottom\" width=\"30%\">type<\/td>\n<td class=\"value\" align=\"right\" valign=\"bottom\" width=\"70%\">Series Production Car<\/td>\n<\/tr>\n<tr>\n<td class=\"label\" align=\"left\" valign=\"bottom\" width=\"30%\">built at<\/td>\n<td class=\"value\" align=\"right\" valign=\"bottom\" width=\"70%\">Dingolfing, Germany<\/td>\n<\/tr>\n<tr>\n<td class=\"label\" align=\"left\" valign=\"bottom\" width=\"30%\">body stylist<\/td>\n<td class=\"value\" align=\"right\" valign=\"bottom\" width=\"70%\">Nader Faghihzadeh<\/td>\n<\/tr>\n<tr>\n<td class=\"boldlabel\" align=\"left\" valign=\"bottom\" width=\"30%\">engine<\/td>\n<td class=\"boldvalue\" align=\"right\" valign=\"bottom\" width=\"70%\">N63 TwinPower Turbo V8<\/td>\n<\/tr>\n<tr>\n<td class=\"label\" align=\"left\" valign=\"bottom\" width=\"30%\">position<\/td>\n<td class=\"value\" align=\"right\" valign=\"bottom\" width=\"70%\">Front Longitudinal<\/td>\n<\/tr>\n<tr>\n<td class=\"label\" align=\"left\" valign=\"bottom\" width=\"30%\">aspiration<\/td>\n<td class=\"value\" align=\"right\" valign=\"bottom\" width=\"70%\">Twin Turbo<\/td>\n<\/tr>\n<tr>\n<td class=\"label\" align=\"left\" valign=\"bottom\" width=\"30%\">block material<\/td>\n<td class=\"value\" align=\"right\" valign=\"bottom\" width=\"70%\">Aluminum<\/td>\n<\/tr>\n<tr>\n<td class=\"label\" align=\"left\" valign=\"bottom\" width=\"30%\">valvetrain<\/td>\n<td class=\"value\" align=\"right\" valign=\"bottom\" width=\"70%\">DOHC, 4 Valves per Cyl<\/td>\n<\/tr>\n<tr>\n<td class=\"label\" align=\"left\" valign=\"bottom\" width=\"30%\">fuel feed<\/td>\n<td class=\"value\" align=\"right\" valign=\"bottom\" width=\"70%\">Direct Injection<\/td>\n<\/tr>\n<tr>\n<td class=\"label\" align=\"left\" valign=\"bottom\" width=\"30%\">displacement<\/td>\n<td class=\"value\" align=\"right\" valign=\"bottom\" width=\"70%\">4395 cc \/ 268.20 in\u00b3<\/td>\n<\/tr>\n<tr>\n<td class=\"label\" align=\"left\" valign=\"bottom\" width=\"30%\">bore<\/td>\n<td class=\"value\" align=\"right\" valign=\"bottom\" width=\"70%\">88.3 mm \/ 3.5 in<\/td>\n<\/tr>\n<tr>\n<td class=\"label\" align=\"left\" valign=\"bottom\" width=\"30%\">stroke<\/td>\n<td class=\"value\" align=\"right\" valign=\"bottom\" width=\"70%\">89.0 mm \/ 3.5 in<\/td>\n<\/tr>\n<tr>\n<td class=\"label\" align=\"left\" valign=\"bottom\" width=\"30%\">power<\/td>\n<td class=\"value\" align=\"right\" valign=\"bottom\" width=\"70%\">300 kw \/ 402.3 bhp @ 5500 rpm<\/td>\n<\/tr>\n<tr>\n<td class=\"label\" align=\"left\" valign=\"bottom\" width=\"30%\">specific output<\/td>\n<td class=\"value\" align=\"right\" valign=\"bottom\" width=\"70%\">91.54 bhp per litre<\/td>\n<\/tr>\n<tr>\n<td class=\"label\" align=\"left\" valign=\"bottom\" width=\"30%\">bhp\/weight<\/td>\n<td class=\"value\" align=\"right\" valign=\"bottom\" width=\"70%\">227.29 bhp per tonne<\/td>\n<\/tr>\n<tr>\n<td class=\"label\" align=\"left\" valign=\"bottom\" width=\"30%\">torque<\/td>\n<td class=\"value\" align=\"right\" valign=\"bottom\" width=\"70%\">600 nm \/ 442.5 ft lbs @ 1750 rpm<\/td>\n<\/tr>\n<tr>\n<td class=\"boldlabel\" align=\"left\" valign=\"bottom\" width=\"30%\">body \/ frame<\/td>\n<td class=\"boldvalue\" align=\"right\" valign=\"bottom\" width=\"70%\">Unitary Steel Monocoque<\/td>\n<\/tr>\n<tr>\n<td class=\"label\" align=\"left\" valign=\"bottom\" width=\"30%\">driven wheels<\/td>\n<td class=\"value\" align=\"right\" valign=\"bottom\" width=\"70%\">RWD<\/td>\n<\/tr>\n<tr>\n<td class=\"label\" align=\"left\" valign=\"bottom\" width=\"30%\">front tires<\/td>\n<td class=\"value\" align=\"right\" valign=\"bottom\" width=\"70%\">245\/45 R18 96Y RSC<\/td>\n<\/tr>\n<tr>\n<td class=\"label\" align=\"left\" valign=\"bottom\" width=\"30%\">rear tires<\/td>\n<td class=\"value\" align=\"right\" valign=\"bottom\" width=\"70%\">245\/45 R18 96Y RSC<\/td>\n<\/tr>\n<tr>\n<td class=\"label\" align=\"left\" valign=\"bottom\" width=\"30%\">front brakes<\/td>\n<td class=\"value\" align=\"right\" valign=\"bottom\" width=\"70%\">Ventilated Discs w\/Single-Piston Calipers<\/td>\n<\/tr>\n<tr>\n<td class=\"label\" align=\"left\" valign=\"bottom\" width=\"30%\">f brake size<\/td>\n<td class=\"value\" align=\"right\" valign=\"bottom\" width=\"70%\">36 x 374 mm \/ 1.4 x 14.7 in<\/td>\n<\/tr>\n<tr>\n<td class=\"label\" align=\"left\" valign=\"bottom\" width=\"30%\">rear brakes<\/td>\n<td class=\"value\" align=\"right\" valign=\"bottom\" width=\"70%\">Ventilated Discs w\/Single-Piston Calipers<\/td>\n<\/tr>\n<tr>\n<td class=\"label\" align=\"left\" valign=\"bottom\" width=\"30%\">r brake size<\/td>\n<td class=\"value\" align=\"right\" valign=\"bottom\" width=\"70%\">24 x 345 mm \/ 0.9 x 13.6 in<\/td>\n<\/tr>\n<tr>\n<td class=\"label\" align=\"left\" valign=\"bottom\" width=\"30%\">front wheels<\/td>\n<td class=\"value\" align=\"right\" valign=\"bottom\" width=\"70%\">F 45.7 x 20.3 cm \/ 18 x 8 in<\/td>\n<\/tr>\n<tr>\n<td class=\"label\" align=\"left\" valign=\"bottom\" width=\"30%\">rear wheels<\/td>\n<td class=\"value\" align=\"right\" valign=\"bottom\" width=\"70%\">R 45.7 x 20.3 cm \/ 18 x 8 in<\/td>\n<\/tr>\n<tr>\n<td class=\"label\" align=\"left\" valign=\"bottom\" width=\"30%\">f suspension<\/td>\n<td class=\"value\" align=\"right\" valign=\"bottom\" width=\"70%\">Double Control Arm<\/td>\n<\/tr>\n<tr>\n<td class=\"label\" align=\"left\" valign=\"bottom\" width=\"30%\">r suspension<\/td>\n<td class=\"value\" align=\"right\" valign=\"bottom\" width=\"70%\">Multi-Link<\/td>\n<\/tr>\n<tr>\n<td class=\"label\" align=\"left\" valign=\"bottom\" width=\"30%\">curb weight<\/td>\n<td class=\"value\" align=\"right\" valign=\"bottom\" width=\"70%\">1770 kg \/ 3903 lbs<\/td>\n<\/tr>\n<tr>\n<td class=\"label\" align=\"left\" valign=\"bottom\" width=\"30%\">wheelbase<\/td>\n<td class=\"value\" align=\"right\" valign=\"bottom\" width=\"70%\">2855 mm \/ 112.4 in<\/td>\n<\/tr>\n<tr>\n<td class=\"label\" align=\"left\" valign=\"bottom\" width=\"30%\">front track<\/td>\n<td class=\"value\" align=\"right\" valign=\"bottom\" width=\"70%\">1600 mm \/ 63.0 in<\/td>\n<\/tr>\n<tr>\n<td class=\"label\" align=\"left\" valign=\"bottom\" width=\"30%\">rear track<\/td>\n<td class=\"value\" align=\"right\" valign=\"bottom\" width=\"70%\">1657 mm \/ 65.2 in<\/td>\n<\/tr>\n<tr>\n<td class=\"label\" align=\"left\" valign=\"bottom\" width=\"30%\">length<\/td>\n<td class=\"value\" align=\"right\" valign=\"bottom\" width=\"70%\">4894 mm \/ 192.7 in<\/td>\n<\/tr>\n<tr>\n<td class=\"label\" align=\"left\" valign=\"bottom\" width=\"30%\">width<\/td>\n<td class=\"value\" align=\"right\" valign=\"bottom\" width=\"70%\">1894 mm \/ 74.6 in<\/td>\n<\/tr>\n<tr>\n<td class=\"label\" align=\"left\" valign=\"bottom\" width=\"30%\">height<\/td>\n<td class=\"value\" align=\"right\" valign=\"bottom\" width=\"70%\">1369 mm \/ 53.9 in<\/td>\n<\/tr>\n<tr>\n<td class=\"label\" align=\"left\" valign=\"bottom\" width=\"30%\">transmission<\/td>\n<td class=\"value\" align=\"right\" valign=\"bottom\" width=\"70%\">ZF 8HP 8-Speed Automatic<\/td>\n<\/tr>\n<tr>\n<td class=\"label\" align=\"left\" valign=\"bottom\" width=\"30%\">gear ratios<\/td>\n<td class=\"value\" align=\"right\" valign=\"bottom\" width=\"70%\">4.714:1, 3.143:1, 2.106:1, 1.667:1, 1.285:1, 1.000:1, 0.839:1, 0.667:1<\/td>\n<\/tr>\n<tr>\n<td class=\"label\" align=\"left\" valign=\"bottom\" width=\"30%\">final drive<\/td>\n<td class=\"value\" align=\"right\" valign=\"bottom\" width=\"70%\">3.077:1<\/td>\n<\/tr>\n<tr>\n<td class=\"boldlabel\" align=\"left\" valign=\"bottom\" width=\"30%\">top speed<\/td>\n<td class=\"boldvalue\" align=\"right\" valign=\"bottom\" width=\"70%\">~250 kph \/ 155.25 mph<\/td>\n<\/tr>\n<tr>\n<td class=\"label\" align=\"left\" valign=\"bottom\" width=\"30%\">0 &#8211; 100 kph<\/td>\n<td class=\"value\" align=\"right\" valign=\"bottom\" width=\"70%\">~4.9 seconds<\/td>\n<\/tr>\n<tr>\n<td class=\"label\" align=\"left\" valign=\"bottom\" width=\"30%\">city fuel econ epa<\/td>\n<td class=\"value\" align=\"right\" valign=\"bottom\" width=\"70%\">14.70 L\/100 km or 16 mpg-us<\/td>\n<\/tr>\n<tr>\n<td class=\"label\" align=\"left\" valign=\"bottom\" width=\"30%\">hwy fuel econ epa<\/td>\n<td class=\"value\" align=\"right\" valign=\"bottom\" width=\"70%\">9.80 L\/100 km or 24 mpg-us<\/td>\n<\/tr>\n<tr>\n<td class=\"label\" align=\"left\" valign=\"bottom\" width=\"30%\">urban fuel econ eu<\/td>\n<td class=\"value\" align=\"right\" valign=\"bottom\" width=\"70%\">15.4 L\/100 km or 15.27 mpg-us<\/td>\n<\/tr>\n<tr>\n<td class=\"label\" align=\"left\" valign=\"bottom\" width=\"30%\">extra urban fuel econ eu<\/td>\n<td class=\"value\" align=\"right\" valign=\"bottom\" width=\"70%\">7.7 L\/100 km or 30.55 mpg-us<\/td>\n<\/tr>\n<tr>\n<td class=\"label\" align=\"left\" valign=\"bottom\" width=\"30%\">combined fuel econ eu<\/td>\n<td class=\"value\" align=\"right\" valign=\"bottom\" width=\"70%\">10.5 L\/100 km or 22.40 mpg-us<\/td>\n<\/tr>\n<tr>\n<td class=\"label\" align=\"left\" valign=\"bottom\" width=\"30%\">emission<\/td>\n<td class=\"value\" align=\"right\" valign=\"bottom\" width=\"70%\">245 g\/km<\/td>\n<\/tr>\n<\/tbody>\n<\/table>\n<p><\/p>\n","protected":false},"excerpt":{"rendered":"<p>2011 BMW 650i Coup\u00e9 M Sport From autumn 2011, both the Coup\u00e9 and the Convertible version of the new BMW 6 Series will be available with an M Sport package, which includes features such as an M aerodynamics package, LED foglamps, 19-inch M light-alloy wheels in double-spoke design, sports seats with Alcantara\/leather upholstery and an M leather steering wheel. Also available for both models is the BMW Individual range, which comprises \u2013 among other features \u2013 exclusive paint finishes, light-alloy [&hellip;]<\/p>\n","protected":false},"author":2,"featured_media":176231,"comment_status":"open","ping_status":"closed","sticky":false,"template":"","format":"standard","meta":{"footnotes":""},"categories":[2191,226,9348,17105],"tags":[18323,6826,228,1610,19738,6444,6879,19701,13061,17106],"class_list":["post-176230","post","type-post","status-publish","format-standard","has-post-thumbnail","hentry","category-2010s","category-bmw","category-guides","category-model-guides-production-cars","tag-2010s-all","tag-2010s-cars","tag-bmw","tag-bmw-6-series","tag-bmw-model-guides-6-series","tag-bmw-model-in-depth","tag-bmw-non-m-car-in-depth","tag-bmw-model-guides-production-cars","tag-car-profiles","tag-model-guides-production-cars"],"yoast_head":"<!-- This site is optimized with the Yoast SEO plugin v27.4 - https:\/\/yoast.com\/product\/yoast-seo-wordpress\/ -->\n<title>2011 BMW 650i Coup\u00e9 M Sport<\/title>\n<meta name=\"robots\" content=\"index, follow, max-snippet:-1, max-image-preview:large, max-video-preview:-1\" \/>\n<link rel=\"canonical\" href=\"https:\/\/www.supercars.net\/blog\/2011-bmw-650i-coupe-m-sport\/\" \/>\n<meta property=\"og:locale\" content=\"en_US\" \/>\n<meta property=\"og:type\" content=\"article\" \/>\n<meta property=\"og:title\" content=\"2011 BMW 650i Coup\u00e9 M Sport\" \/>\n<meta property=\"og:description\" content=\"2011 BMW 650i Coup\u00e9 M Sport From autumn 2011, both the Coup\u00e9 and the Convertible version of the new BMW 6 Series will be available with an M Sport package, which includes features such as an M aerodynamics package, LED foglamps, 19-inch M light-alloy wheels in double-spoke design, sports seats with Alcantara\/leather upholstery and an M leather steering wheel. Also available for both models is the BMW Individual range, which comprises \u2013 among other features \u2013 exclusive paint finishes, light-alloy [&hellip;]\" \/>\n<meta property=\"og:url\" content=\"https:\/\/www.supercars.net\/blog\/2011-bmw-650i-coupe-m-sport\/\" \/>\n<meta property=\"og:site_name\" content=\"Supercars.net\" \/>\n<meta property=\"article:publisher\" content=\"https:\/\/www.facebook.com\/Supercars.net\/\" \/>\n<meta property=\"article:author\" content=\"https:\/\/www.facebook.com\/Supercars.net\/\" \/>\n<meta property=\"article:published_time\" content=\"2016-04-05T18:11:18+00:00\" \/>\n<meta property=\"article:modified_time\" content=\"2024-02-27T19:35:24+00:00\" \/>\n<meta property=\"og:image\" content=\"https:\/\/www.supercars.net\/blog\/wp-content\/uploads\/2016\/03\/2011_BMW_650iCoupMSport1.jpg\" \/>\n\t<meta property=\"og:image:width\" content=\"1024\" \/>\n\t<meta property=\"og:image:height\" content=\"726\" \/>\n\t<meta property=\"og:image:type\" content=\"image\/jpeg\" \/>\n<meta name=\"author\" content=\"Editorial Team\" \/>\n<meta name=\"twitter:card\" content=\"summary_large_image\" \/>\n<meta name=\"twitter:creator\" content=\"@https:\/\/twitter.com\/supercars_net\" \/>\n<meta name=\"twitter:site\" content=\"@supercars_net\" \/>\n<meta name=\"twitter:label1\" content=\"Written by\" \/>\n\t<meta name=\"twitter:data1\" content=\"Editorial Team\" \/>\n\t<meta name=\"twitter:label2\" content=\"Est. reading time\" \/>\n\t<meta name=\"twitter:data2\" content=\"2 minutes\" \/>\n<script type=\"application\/ld+json\" class=\"yoast-schema-graph\">{\"@context\":\"https:\\\/\\\/schema.org\",\"@graph\":[{\"@type\":\"Article\",\"@id\":\"https:\\\/\\\/www.supercars.net\\\/blog\\\/2011-bmw-650i-coupe-m-sport\\\/#article\",\"isPartOf\":{\"@id\":\"https:\\\/\\\/www.supercars.net\\\/blog\\\/2011-bmw-650i-coupe-m-sport\\\/\"},\"author\":{\"name\":\"Editorial Team\",\"@id\":\"https:\\\/\\\/www.supercars.net\\\/blog\\\/#\\\/schema\\\/person\\\/08906293a84eafb03312b711c1507c7e\"},\"headline\":\"2011 BMW 650i Coup\u00e9 M Sport\",\"datePublished\":\"2016-04-05T18:11:18+00:00\",\"dateModified\":\"2024-02-27T19:35:24+00:00\",\"mainEntityOfPage\":{\"@id\":\"https:\\\/\\\/www.supercars.net\\\/blog\\\/2011-bmw-650i-coupe-m-sport\\\/\"},\"wordCount\":324,\"commentCount\":0,\"image\":{\"@id\":\"https:\\\/\\\/www.supercars.net\\\/blog\\\/2011-bmw-650i-coupe-m-sport\\\/#primaryimage\"},\"thumbnailUrl\":\"https:\\\/\\\/www.supercars.net\\\/blog\\\/wp-content\\\/uploads\\\/2016\\\/03\\\/2011_BMW_650iCoupMSport1.jpg\",\"keywords\":[\"2010s All\",\"2010s Cars\",\"BMW\",\"BMW 6-Series\",\"BMW Model Guides (6-Series)\",\"BMW Model Guides (All)\",\"BMW Model Guides (Non M Cars)\",\"BMW Model Guides (Production Cars)\",\"Model Guides (All)\",\"Model Guides (Production Cars)\"],\"articleSection\":[\"2010s Cars\",\"BMW\",\"Model Guides (All)\",\"Model Guides (Production Cars)\"],\"inLanguage\":\"en-US\",\"potentialAction\":[{\"@type\":\"CommentAction\",\"name\":\"Comment\",\"target\":[\"https:\\\/\\\/www.supercars.net\\\/blog\\\/2011-bmw-650i-coupe-m-sport\\\/#respond\"]}]},{\"@type\":\"WebPage\",\"@id\":\"https:\\\/\\\/www.supercars.net\\\/blog\\\/2011-bmw-650i-coupe-m-sport\\\/\",\"url\":\"https:\\\/\\\/www.supercars.net\\\/blog\\\/2011-bmw-650i-coupe-m-sport\\\/\",\"name\":\"2011 BMW 650i Coup\u00e9 M Sport\",\"isPartOf\":{\"@id\":\"https:\\\/\\\/www.supercars.net\\\/blog\\\/#website\"},\"primaryImageOfPage\":{\"@id\":\"https:\\\/\\\/www.supercars.net\\\/blog\\\/2011-bmw-650i-coupe-m-sport\\\/#primaryimage\"},\"image\":{\"@id\":\"https:\\\/\\\/www.supercars.net\\\/blog\\\/2011-bmw-650i-coupe-m-sport\\\/#primaryimage\"},\"thumbnailUrl\":\"https:\\\/\\\/www.supercars.net\\\/blog\\\/wp-content\\\/uploads\\\/2016\\\/03\\\/2011_BMW_650iCoupMSport1.jpg\",\"datePublished\":\"2016-04-05T18:11:18+00:00\",\"dateModified\":\"2024-02-27T19:35:24+00:00\",\"author\":{\"@id\":\"https:\\\/\\\/www.supercars.net\\\/blog\\\/#\\\/schema\\\/person\\\/08906293a84eafb03312b711c1507c7e\"},\"breadcrumb\":{\"@id\":\"https:\\\/\\\/www.supercars.net\\\/blog\\\/2011-bmw-650i-coupe-m-sport\\\/#breadcrumb\"},\"inLanguage\":\"en-US\",\"potentialAction\":[{\"@type\":\"ReadAction\",\"target\":[\"https:\\\/\\\/www.supercars.net\\\/blog\\\/2011-bmw-650i-coupe-m-sport\\\/\"]}]},{\"@type\":\"ImageObject\",\"inLanguage\":\"en-US\",\"@id\":\"https:\\\/\\\/www.supercars.net\\\/blog\\\/2011-bmw-650i-coupe-m-sport\\\/#primaryimage\",\"url\":\"https:\\\/\\\/www.supercars.net\\\/blog\\\/wp-content\\\/uploads\\\/2016\\\/03\\\/2011_BMW_650iCoupMSport1.jpg\",\"contentUrl\":\"https:\\\/\\\/www.supercars.net\\\/blog\\\/wp-content\\\/uploads\\\/2016\\\/03\\\/2011_BMW_650iCoupMSport1.jpg\",\"width\":1024,\"height\":726,\"caption\":\"BMW 6 Series Coupe M Sport package - Exerior (07\\\/2011).\"},{\"@type\":\"BreadcrumbList\",\"@id\":\"https:\\\/\\\/www.supercars.net\\\/blog\\\/2011-bmw-650i-coupe-m-sport\\\/#breadcrumb\",\"itemListElement\":[{\"@type\":\"ListItem\",\"position\":1,\"name\":\"Home\",\"item\":\"https:\\\/\\\/www.supercars.net\\\/blog\\\/\"},{\"@type\":\"ListItem\",\"position\":2,\"name\":\"2011 BMW 650i Coup\u00e9 M Sport\"}]},{\"@type\":\"WebSite\",\"@id\":\"https:\\\/\\\/www.supercars.net\\\/blog\\\/#website\",\"url\":\"https:\\\/\\\/www.supercars.net\\\/blog\\\/\",\"name\":\"Supercars.net\",\"description\":\"Exotic and Supercar news, information, pictures and videos\",\"potentialAction\":[{\"@type\":\"SearchAction\",\"target\":{\"@type\":\"EntryPoint\",\"urlTemplate\":\"https:\\\/\\\/www.supercars.net\\\/blog\\\/?s={search_term_string}\"},\"query-input\":{\"@type\":\"PropertyValueSpecification\",\"valueRequired\":true,\"valueName\":\"search_term_string\"}}],\"inLanguage\":\"en-US\"},{\"@type\":\"Person\",\"@id\":\"https:\\\/\\\/www.supercars.net\\\/blog\\\/#\\\/schema\\\/person\\\/08906293a84eafb03312b711c1507c7e\",\"name\":\"Editorial Team\",\"image\":{\"@type\":\"ImageObject\",\"inLanguage\":\"en-US\",\"@id\":\"https:\\\/\\\/www.supercars.net\\\/blog\\\/wp-content\\\/uploads\\\/2012\\\/01\\\/196-293x293.jpg\",\"url\":\"https:\\\/\\\/www.supercars.net\\\/blog\\\/wp-content\\\/uploads\\\/2012\\\/01\\\/196-293x293.jpg\",\"contentUrl\":\"https:\\\/\\\/www.supercars.net\\\/blog\\\/wp-content\\\/uploads\\\/2012\\\/01\\\/196-293x293.jpg\",\"caption\":\"Editorial Team\"},\"description\":\"Regular people by day, car obsessed nutcases by night. We are like kids in a candy store, except the candy is made of metal, goes vroom-vroom, and occasionally bankrupts us faster than a sugar rush at a candy store sale! We spend hours debating the merits of turbochargers versus superchargers, and our weekends are a never-ending quest for the perfect polish and wax combo. We can identify every make and model by the sound of a revving engine, and our idea of a romantic evening is a candlelit dinner with our cars in the garage.\",\"sameAs\":[\"http:\\\/\\\/www.supercars.net\",\"https:\\\/\\\/www.facebook.com\\\/Supercars.net\\\/\",\"https:\\\/\\\/instagram.com\\\/super.cars.fans\",\"https:\\\/\\\/x.com\\\/https:\\\/\\\/twitter.com\\\/supercars_net\"],\"url\":\"https:\\\/\\\/www.supercars.net\\\/blog\\\/author\\\/supercars\\\/\"}]}<\/script>\n<!-- \/ Yoast SEO plugin. -->","yoast_head_json":{"title":"2011 BMW 650i Coup\u00e9 M Sport","robots":{"index":"index","follow":"follow","max-snippet":"max-snippet:-1","max-image-preview":"max-image-preview:large","max-video-preview":"max-video-preview:-1"},"canonical":"https:\/\/www.supercars.net\/blog\/2011-bmw-650i-coupe-m-sport\/","og_locale":"en_US","og_type":"article","og_title":"2011 BMW 650i Coup\u00e9 M Sport","og_description":"2011 BMW 650i Coup\u00e9 M Sport From autumn 2011, both the Coup\u00e9 and the Convertible version of the new BMW 6 Series will be available with an M Sport package, which includes features such as an M aerodynamics package, LED foglamps, 19-inch M light-alloy wheels in double-spoke design, sports seats with Alcantara\/leather upholstery and an M leather steering wheel. Also available for both models is the BMW Individual range, which comprises \u2013 among other features \u2013 exclusive paint finishes, light-alloy [&hellip;]","og_url":"https:\/\/www.supercars.net\/blog\/2011-bmw-650i-coupe-m-sport\/","og_site_name":"Supercars.net","article_publisher":"https:\/\/www.facebook.com\/Supercars.net\/","article_author":"https:\/\/www.facebook.com\/Supercars.net\/","article_published_time":"2016-04-05T18:11:18+00:00","article_modified_time":"2024-02-27T19:35:24+00:00","og_image":[{"width":1024,"height":726,"url":"https:\/\/www.supercars.net\/blog\/wp-content\/uploads\/2016\/03\/2011_BMW_650iCoupMSport1.jpg","type":"image\/jpeg"}],"author":"Editorial Team","twitter_card":"summary_large_image","twitter_creator":"@https:\/\/twitter.com\/supercars_net","twitter_site":"@supercars_net","twitter_misc":{"Written by":"Editorial Team","Est. reading time":"2 minutes"},"schema":{"@context":"https:\/\/schema.org","@graph":[{"@type":"Article","@id":"https:\/\/www.supercars.net\/blog\/2011-bmw-650i-coupe-m-sport\/#article","isPartOf":{"@id":"https:\/\/www.supercars.net\/blog\/2011-bmw-650i-coupe-m-sport\/"},"author":{"name":"Editorial Team","@id":"https:\/\/www.supercars.net\/blog\/#\/schema\/person\/08906293a84eafb03312b711c1507c7e"},"headline":"2011 BMW 650i Coup\u00e9 M Sport","datePublished":"2016-04-05T18:11:18+00:00","dateModified":"2024-02-27T19:35:24+00:00","mainEntityOfPage":{"@id":"https:\/\/www.supercars.net\/blog\/2011-bmw-650i-coupe-m-sport\/"},"wordCount":324,"commentCount":0,"image":{"@id":"https:\/\/www.supercars.net\/blog\/2011-bmw-650i-coupe-m-sport\/#primaryimage"},"thumbnailUrl":"https:\/\/www.supercars.net\/blog\/wp-content\/uploads\/2016\/03\/2011_BMW_650iCoupMSport1.jpg","keywords":["2010s All","2010s Cars","BMW","BMW 6-Series","BMW Model Guides (6-Series)","BMW Model Guides (All)","BMW Model Guides (Non M Cars)","BMW Model Guides (Production Cars)","Model Guides (All)","Model Guides (Production Cars)"],"articleSection":["2010s Cars","BMW","Model Guides (All)","Model Guides (Production Cars)"],"inLanguage":"en-US","potentialAction":[{"@type":"CommentAction","name":"Comment","target":["https:\/\/www.supercars.net\/blog\/2011-bmw-650i-coupe-m-sport\/#respond"]}]},{"@type":"WebPage","@id":"https:\/\/www.supercars.net\/blog\/2011-bmw-650i-coupe-m-sport\/","url":"https:\/\/www.supercars.net\/blog\/2011-bmw-650i-coupe-m-sport\/","name":"2011 BMW 650i Coup\u00e9 M Sport","isPartOf":{"@id":"https:\/\/www.supercars.net\/blog\/#website"},"primaryImageOfPage":{"@id":"https:\/\/www.supercars.net\/blog\/2011-bmw-650i-coupe-m-sport\/#primaryimage"},"image":{"@id":"https:\/\/www.supercars.net\/blog\/2011-bmw-650i-coupe-m-sport\/#primaryimage"},"thumbnailUrl":"https:\/\/www.supercars.net\/blog\/wp-content\/uploads\/2016\/03\/2011_BMW_650iCoupMSport1.jpg","datePublished":"2016-04-05T18:11:18+00:00","dateModified":"2024-02-27T19:35:24+00:00","author":{"@id":"https:\/\/www.supercars.net\/blog\/#\/schema\/person\/08906293a84eafb03312b711c1507c7e"},"breadcrumb":{"@id":"https:\/\/www.supercars.net\/blog\/2011-bmw-650i-coupe-m-sport\/#breadcrumb"},"inLanguage":"en-US","potentialAction":[{"@type":"ReadAction","target":["https:\/\/www.supercars.net\/blog\/2011-bmw-650i-coupe-m-sport\/"]}]},{"@type":"ImageObject","inLanguage":"en-US","@id":"https:\/\/www.supercars.net\/blog\/2011-bmw-650i-coupe-m-sport\/#primaryimage","url":"https:\/\/www.supercars.net\/blog\/wp-content\/uploads\/2016\/03\/2011_BMW_650iCoupMSport1.jpg","contentUrl":"https:\/\/www.supercars.net\/blog\/wp-content\/uploads\/2016\/03\/2011_BMW_650iCoupMSport1.jpg","width":1024,"height":726,"caption":"BMW 6 Series Coupe M Sport package - Exerior (07\/2011)."},{"@type":"BreadcrumbList","@id":"https:\/\/www.supercars.net\/blog\/2011-bmw-650i-coupe-m-sport\/#breadcrumb","itemListElement":[{"@type":"ListItem","position":1,"name":"Home","item":"https:\/\/www.supercars.net\/blog\/"},{"@type":"ListItem","position":2,"name":"2011 BMW 650i Coup\u00e9 M Sport"}]},{"@type":"WebSite","@id":"https:\/\/www.supercars.net\/blog\/#website","url":"https:\/\/www.supercars.net\/blog\/","name":"Supercars.net","description":"Exotic and Supercar news, information, pictures and videos","potentialAction":[{"@type":"SearchAction","target":{"@type":"EntryPoint","urlTemplate":"https:\/\/www.supercars.net\/blog\/?s={search_term_string}"},"query-input":{"@type":"PropertyValueSpecification","valueRequired":true,"valueName":"search_term_string"}}],"inLanguage":"en-US"},{"@type":"Person","@id":"https:\/\/www.supercars.net\/blog\/#\/schema\/person\/08906293a84eafb03312b711c1507c7e","name":"Editorial Team","image":{"@type":"ImageObject","inLanguage":"en-US","@id":"https:\/\/www.supercars.net\/blog\/wp-content\/uploads\/2012\/01\/196-293x293.jpg","url":"https:\/\/www.supercars.net\/blog\/wp-content\/uploads\/2012\/01\/196-293x293.jpg","contentUrl":"https:\/\/www.supercars.net\/blog\/wp-content\/uploads\/2012\/01\/196-293x293.jpg","caption":"Editorial Team"},"description":"Regular people by day, car obsessed nutcases by night. We are like kids in a candy store, except the candy is made of metal, goes vroom-vroom, and occasionally bankrupts us faster than a sugar rush at a candy store sale! We spend hours debating the merits of turbochargers versus superchargers, and our weekends are a never-ending quest for the perfect polish and wax combo. We can identify every make and model by the sound of a revving engine, and our idea of a romantic evening is a candlelit dinner with our cars in the garage.","sameAs":["http:\/\/www.supercars.net","https:\/\/www.facebook.com\/Supercars.net\/","https:\/\/instagram.com\/super.cars.fans","https:\/\/x.com\/https:\/\/twitter.com\/supercars_net"],"url":"https:\/\/www.supercars.net\/blog\/author\/supercars\/"}]}},"_links":{"self":[{"href":"https:\/\/www.supercars.net\/blog\/wp-json\/wp\/v2\/posts\/176230","targetHints":{"allow":["GET"]}}],"collection":[{"href":"https:\/\/www.supercars.net\/blog\/wp-json\/wp\/v2\/posts"}],"about":[{"href":"https:\/\/www.supercars.net\/blog\/wp-json\/wp\/v2\/types\/post"}],"author":[{"embeddable":true,"href":"https:\/\/www.supercars.net\/blog\/wp-json\/wp\/v2\/users\/2"}],"replies":[{"embeddable":true,"href":"https:\/\/www.supercars.net\/blog\/wp-json\/wp\/v2\/comments?post=176230"}],"version-history":[{"count":0,"href":"https:\/\/www.supercars.net\/blog\/wp-json\/wp\/v2\/posts\/176230\/revisions"}],"wp:featuredmedia":[{"embeddable":true,"href":"https:\/\/www.supercars.net\/blog\/wp-json\/wp\/v2\/media\/176231"}],"wp:attachment":[{"href":"https:\/\/www.supercars.net\/blog\/wp-json\/wp\/v2\/media?parent=176230"}],"wp:term":[{"taxonomy":"category","embeddable":true,"href":"https:\/\/www.supercars.net\/blog\/wp-json\/wp\/v2\/categories?post=176230"},{"taxonomy":"post_tag","embeddable":true,"href":"https:\/\/www.supercars.net\/blog\/wp-json\/wp\/v2\/tags?post=176230"}],"curies":[{"name":"wp","href":"https:\/\/api.w.org\/{rel}","templated":true}]}}