{"id":206386,"date":"2016-04-18T15:32:17","date_gmt":"2016-04-18T15:32:17","guid":{"rendered":"http:\/\/blog.supercars.net\/blog\/?p=206386"},"modified":"2024-12-27T12:53:03","modified_gmt":"2024-12-27T12:53:03","slug":"1993-mclaren-f1-gtr","status":"publish","type":"post","link":"https:\/\/www.supercars.net\/blog\/1993-mclaren-f1-gtr\/","title":{"rendered":"1993 McLaren F1 GTR"},"content":{"rendered":"<h1>1993 McLaren F1 GTR<\/h1>\n<p>&nbsp;<\/p>\n<p><span id=\"intelliTXT\">In 1995, McLaren took advantage of the new GT1 regulations to take the F1 to Le Mans. Since only one road-going version had to be made to homologate the model, it was a relatively easy process to get the race version approved. Not long thereafter McLaren Cars Ltd was offering the GTR to private customers for the BPR Global Endurance series and Le Mans.<\/span><\/p>\n<p>For the first season five cars were built including the prototype, owned by McLaren Cars, and eventual winner of the Le Mans 24 Hours in March 1995. This example was loaned to Kokusai Kaihatsu Racing for Drivers Yannick Dalmas, Masanori Sekiya and JJ Lehto. They outpaced the faster Le Mans Prototypes by maintaining a high average speed with little to no reliability issues.<\/p>\n<h4>Chassis<\/h4>\n<p>05R-Sold to industrialist Jean-Luc Maury-Laribi\u00e8re, entered by BBA Competition (Team Noel Del Bello), sponsored by Tuiles TBF. The art design was the work of C\u00e9sar who used prints of his crushed race trophies from Herv\u00e9 Poulain. When designing the car he explained <i>&#8220;It&#8217;s rather like protective armour&#8221;<\/i>.<\/p>\n<p>The car was driven at the 1995 Le Mans 24 Hours by Marc Sourd, Herv\u00e9 Poulain and Jean-Luc Maury-Laribi\u00e8re for BBA Comp\u00e9tition and placed 13th overall. The car was used extensively in the 1996 BPR series but failed to qualify after accident damage at Le Mans. 05R was retired half way through 1997. IN restored condition it was offered at Articurial&#8217;s 2010 &#8216;Sport &amp; GTS au Mans Classic&#8217; auction.<\/p>\n<h4><\/h4>\n<p>Story by Supercars.net<\/p>\n<figure class='gallery-item'>\r\n            <div class='gallery-icon landscape'>\r\n                <a href='https:\/\/www.supercars.net\/blog\/wp-content\/uploads\/2016\/04\/1993_McLaren_F1GTR-1-15361.jpg' class='tipi-lightbox'>\r\n\t\t\t\t<img decoding=\"async\" width=\"1536\" height=\"1019\" src=\"https:\/\/www.supercars.net\/blog\/wp-content\/uploads\/2016\/04\/1993_McLaren_F1GTR-1-15361.jpg\" class=\"attachment-full size-full\" alt=\"1993 McLaren F1 GTR\" srcset=\"https:\/\/www.supercars.net\/blog\/wp-content\/uploads\/2016\/04\/1993_McLaren_F1GTR-1-15361.jpg 1536w, https:\/\/www.supercars.net\/blog\/wp-content\/uploads\/2016\/04\/1993_McLaren_F1GTR-1-15361-300x199.jpg 300w, https:\/\/www.supercars.net\/blog\/wp-content\/uploads\/2016\/04\/1993_McLaren_F1GTR-1-15361-1024x679.jpg 1024w, https:\/\/www.supercars.net\/blog\/wp-content\/uploads\/2016\/04\/1993_McLaren_F1GTR-1-15361-100x66.jpg 100w, https:\/\/www.supercars.net\/blog\/wp-content\/uploads\/2016\/04\/1993_McLaren_F1GTR-1-15361-770x511.jpg 770w, https:\/\/www.supercars.net\/blog\/wp-content\/uploads\/2016\/04\/1993_McLaren_F1GTR-1-15361-360x240.jpg 360w, https:\/\/www.supercars.net\/blog\/wp-content\/uploads\/2016\/04\/1993_McLaren_F1GTR-1-15361-293x194.jpg 293w, https:\/\/www.supercars.net\/blog\/wp-content\/uploads\/2016\/04\/1993_McLaren_F1GTR-1-15361-1400x929.jpg 1400w\" sizes=\"(max-width: 1536px) 100vw, 1536px\" \/>\r\n\t\t\t\t<\/a>\r\n            <\/div>\r\n                <div class='wp-caption-text gallery-caption'>\r\n                1995 Le Mans 24 Hours.\nLe Mans, France. 17th &#8211; 18th June 1995.\nMark Blundell\/Ray Bellm\/Maurizio Sala   (McLaren F1 GTR) 4th position, action.\nWorld Copyright: LAT Photographic\nref: 95LM08.\r\n                <\/div><\/figure><figure class='gallery-item'>\r\n            <div class='gallery-icon landscape'>\r\n                <a href='https:\/\/www.supercars.net\/blog\/wp-content\/uploads\/2016\/04\/1993_McLaren_F1GTR-2-15361.jpg' class='tipi-lightbox'>\r\n\t\t\t\t<img decoding=\"async\" width=\"1536\" height=\"1018\" src=\"https:\/\/www.supercars.net\/blog\/wp-content\/uploads\/2016\/04\/1993_McLaren_F1GTR-2-15361.jpg\" class=\"attachment-full size-full\" alt=\"1993 McLaren F1 GTR\" srcset=\"https:\/\/www.supercars.net\/blog\/wp-content\/uploads\/2016\/04\/1993_McLaren_F1GTR-2-15361.jpg 1536w, https:\/\/www.supercars.net\/blog\/wp-content\/uploads\/2016\/04\/1993_McLaren_F1GTR-2-15361-300x199.jpg 300w, https:\/\/www.supercars.net\/blog\/wp-content\/uploads\/2016\/04\/1993_McLaren_F1GTR-2-15361-1024x679.jpg 1024w, https:\/\/www.supercars.net\/blog\/wp-content\/uploads\/2016\/04\/1993_McLaren_F1GTR-2-15361-100x66.jpg 100w, https:\/\/www.supercars.net\/blog\/wp-content\/uploads\/2016\/04\/1993_McLaren_F1GTR-2-15361-770x510.jpg 770w, https:\/\/www.supercars.net\/blog\/wp-content\/uploads\/2016\/04\/1993_McLaren_F1GTR-2-15361-360x240.jpg 360w, https:\/\/www.supercars.net\/blog\/wp-content\/uploads\/2016\/04\/1993_McLaren_F1GTR-2-15361-293x194.jpg 293w, https:\/\/www.supercars.net\/blog\/wp-content\/uploads\/2016\/04\/1993_McLaren_F1GTR-2-15361-1400x928.jpg 1400w\" sizes=\"(max-width: 1536px) 100vw, 1536px\" \/>\r\n\t\t\t\t<\/a>\r\n            <\/div>\r\n                <div class='wp-caption-text gallery-caption'>\r\n                1995 Le Mans 24 Hours. \nLe Mans, France. 17th &#8211; 18th June 1995. \nAndy Wallace\/Derek Bell\/Justin Bell (McLaren F1 GTR), 3rd position, action.  \nWorld Copyright: LAT Photographic.\nRef:  95LM\r\n                <\/div><\/figure><figure class='gallery-item'>\r\n            <div class='gallery-icon landscape'>\r\n                <a href='https:\/\/www.supercars.net\/blog\/wp-content\/uploads\/2016\/04\/1993_McLaren_F1GTR-3-15361.jpg' class='tipi-lightbox'>\r\n\t\t\t\t<img decoding=\"async\" width=\"1536\" height=\"1026\" src=\"https:\/\/www.supercars.net\/blog\/wp-content\/uploads\/2016\/04\/1993_McLaren_F1GTR-3-15361.jpg\" class=\"attachment-full size-full\" alt=\"1993 McLaren F1 GTR\" srcset=\"https:\/\/www.supercars.net\/blog\/wp-content\/uploads\/2016\/04\/1993_McLaren_F1GTR-3-15361.jpg 1536w, https:\/\/www.supercars.net\/blog\/wp-content\/uploads\/2016\/04\/1993_McLaren_F1GTR-3-15361-300x200.jpg 300w, https:\/\/www.supercars.net\/blog\/wp-content\/uploads\/2016\/04\/1993_McLaren_F1GTR-3-15361-1024x684.jpg 1024w, https:\/\/www.supercars.net\/blog\/wp-content\/uploads\/2016\/04\/1993_McLaren_F1GTR-3-15361-100x67.jpg 100w, https:\/\/www.supercars.net\/blog\/wp-content\/uploads\/2016\/04\/1993_McLaren_F1GTR-3-15361-770x514.jpg 770w, https:\/\/www.supercars.net\/blog\/wp-content\/uploads\/2016\/04\/1993_McLaren_F1GTR-3-15361-360x240.jpg 360w, https:\/\/www.supercars.net\/blog\/wp-content\/uploads\/2016\/04\/1993_McLaren_F1GTR-3-15361-370x247.jpg 370w, https:\/\/www.supercars.net\/blog\/wp-content\/uploads\/2016\/04\/1993_McLaren_F1GTR-3-15361-293x196.jpg 293w, https:\/\/www.supercars.net\/blog\/wp-content\/uploads\/2016\/04\/1993_McLaren_F1GTR-3-15361-1400x935.jpg 1400w\" sizes=\"(max-width: 1536px) 100vw, 1536px\" \/>\r\n\t\t\t\t<\/a>\r\n            <\/div>\r\n                <div class='wp-caption-text gallery-caption'>\r\n                1995 Le Mans 24 hours.\nLe Mans, France. 17th &#8211; 18th June 1995.\nJ.J. Lehto \/ Yannick Dalmas \/ Masanori Sekiya (McLaren F1 GTR), 1st position, action.\nWorld Copyright: LAT Photographic\nRef: 95 LM a\r\n                <\/div><\/figure><figure class='gallery-item'>\r\n            <div class='gallery-icon landscape'>\r\n                <a href='https:\/\/www.supercars.net\/blog\/wp-content\/uploads\/2016\/04\/1993_McLaren_F1GTR-4-15361.jpg' class='tipi-lightbox'>\r\n\t\t\t\t<img decoding=\"async\" width=\"1536\" height=\"1010\" src=\"https:\/\/www.supercars.net\/blog\/wp-content\/uploads\/2016\/04\/1993_McLaren_F1GTR-4-15361.jpg\" class=\"attachment-full size-full\" alt=\"1993 McLaren F1 GTR\" srcset=\"https:\/\/www.supercars.net\/blog\/wp-content\/uploads\/2016\/04\/1993_McLaren_F1GTR-4-15361.jpg 1536w, https:\/\/www.supercars.net\/blog\/wp-content\/uploads\/2016\/04\/1993_McLaren_F1GTR-4-15361-300x197.jpg 300w, https:\/\/www.supercars.net\/blog\/wp-content\/uploads\/2016\/04\/1993_McLaren_F1GTR-4-15361-1024x673.jpg 1024w, https:\/\/www.supercars.net\/blog\/wp-content\/uploads\/2016\/04\/1993_McLaren_F1GTR-4-15361-100x66.jpg 100w, https:\/\/www.supercars.net\/blog\/wp-content\/uploads\/2016\/04\/1993_McLaren_F1GTR-4-15361-770x506.jpg 770w, https:\/\/www.supercars.net\/blog\/wp-content\/uploads\/2016\/04\/1993_McLaren_F1GTR-4-15361-293x193.jpg 293w, https:\/\/www.supercars.net\/blog\/wp-content\/uploads\/2016\/04\/1993_McLaren_F1GTR-4-15361-1400x921.jpg 1400w\" sizes=\"(max-width: 1536px) 100vw, 1536px\" \/>\r\n\t\t\t\t<\/a>\r\n            <\/div>\r\n                <div class='wp-caption-text gallery-caption'>\r\n                1995 Le Mans 24 Hours.\nLe Mans, France. 17th &#8211; 18th June 1995.\nJean-Luc Maury-Laribiere\/Marc Sourd\/Herve Poulain (McLaren F1 GTR), 13th position, action.\nWorld Copyright: LAT Photographic.\nRef:  95LM25\r\n                <\/div><\/figure><figure class='gallery-item'>\r\n            <div class='gallery-icon landscape'>\r\n                <a href='https:\/\/www.supercars.net\/blog\/wp-content\/uploads\/2016\/04\/1993_McLaren_F1GTR-6-15361.jpg' class='tipi-lightbox'>\r\n\t\t\t\t<img decoding=\"async\" width=\"1536\" height=\"1066\" src=\"https:\/\/www.supercars.net\/blog\/wp-content\/uploads\/2016\/04\/1993_McLaren_F1GTR-6-15361.jpg\" class=\"attachment-full size-full\" alt=\"1993 McLaren F1 GTR\" srcset=\"https:\/\/www.supercars.net\/blog\/wp-content\/uploads\/2016\/04\/1993_McLaren_F1GTR-6-15361.jpg 1536w, https:\/\/www.supercars.net\/blog\/wp-content\/uploads\/2016\/04\/1993_McLaren_F1GTR-6-15361-300x208.jpg 300w, https:\/\/www.supercars.net\/blog\/wp-content\/uploads\/2016\/04\/1993_McLaren_F1GTR-6-15361-1024x711.jpg 1024w, https:\/\/www.supercars.net\/blog\/wp-content\/uploads\/2016\/04\/1993_McLaren_F1GTR-6-15361-100x69.jpg 100w, https:\/\/www.supercars.net\/blog\/wp-content\/uploads\/2016\/04\/1993_McLaren_F1GTR-6-15361-770x534.jpg 770w, https:\/\/www.supercars.net\/blog\/wp-content\/uploads\/2016\/04\/1993_McLaren_F1GTR-6-15361-293x203.jpg 293w, https:\/\/www.supercars.net\/blog\/wp-content\/uploads\/2016\/04\/1993_McLaren_F1GTR-6-15361-1400x972.jpg 1400w\" sizes=\"(max-width: 1536px) 100vw, 1536px\" \/>\r\n\t\t\t\t<\/a>\r\n            <\/div>\r\n                <div class='wp-caption-text gallery-caption'>\r\n                1995 Le Mans 24 Hours.\nLe Mans, France. 17th &#8211; 18th June 1995.\nAndy Wallace\/Derek Bell\/Justin Bell (McLaren F1 GTR), 3rd position, leads J.J. Lehto\/Yannick Dalmas\/Masanori Sekiya (McLaren F1 GTR), 1st position and Gary Ayles \/ Massimo Monti \/ Fabio Mancini (Ferrari F40 GTE), 18th position, action. \nWorld Copyright: LAT Photographic.\r\n                <\/div><\/figure><figure class='gallery-item'>\r\n            <div class='gallery-icon landscape'>\r\n                <a href='https:\/\/www.supercars.net\/blog\/wp-content\/uploads\/2016\/04\/1993_McLaren_F1GTR-7-15361.jpg' class='tipi-lightbox'>\r\n\t\t\t\t<img decoding=\"async\" width=\"1536\" height=\"1014\" src=\"https:\/\/www.supercars.net\/blog\/wp-content\/uploads\/2016\/04\/1993_McLaren_F1GTR-7-15361.jpg\" class=\"attachment-full size-full\" alt=\"1993 McLaren F1 GTR\" srcset=\"https:\/\/www.supercars.net\/blog\/wp-content\/uploads\/2016\/04\/1993_McLaren_F1GTR-7-15361.jpg 1536w, https:\/\/www.supercars.net\/blog\/wp-content\/uploads\/2016\/04\/1993_McLaren_F1GTR-7-15361-300x198.jpg 300w, https:\/\/www.supercars.net\/blog\/wp-content\/uploads\/2016\/04\/1993_McLaren_F1GTR-7-15361-1024x676.jpg 1024w, https:\/\/www.supercars.net\/blog\/wp-content\/uploads\/2016\/04\/1993_McLaren_F1GTR-7-15361-100x66.jpg 100w, https:\/\/www.supercars.net\/blog\/wp-content\/uploads\/2016\/04\/1993_McLaren_F1GTR-7-15361-770x508.jpg 770w, https:\/\/www.supercars.net\/blog\/wp-content\/uploads\/2016\/04\/1993_McLaren_F1GTR-7-15361-293x193.jpg 293w, https:\/\/www.supercars.net\/blog\/wp-content\/uploads\/2016\/04\/1993_McLaren_F1GTR-7-15361-1400x924.jpg 1400w\" sizes=\"(max-width: 1536px) 100vw, 1536px\" \/>\r\n\t\t\t\t<\/a>\r\n            <\/div>\r\n                <div class='wp-caption-text gallery-caption'>\r\n                95LM 5.tif\r\n                <\/div><\/figure>\n<p><strong>\u00a0<\/strong><\/p>\n<h3>In Detail<\/h3>\n<table class=\"cardetails\" border=\"0\" cellspacing=\"0\" cellpadding=\"0\">\n<tbody>\n<tr>\n<td class=\"label\" align=\"left\" valign=\"bottom\" width=\"30%\">submitted by<\/td>\n<td class=\"value\" align=\"right\" valign=\"bottom\" width=\"70%\"><a href=\"http:\/\/www.supercars.net\/garage\/72036\/index.html\">Richard Owen<\/a><\/td>\n<\/tr>\n<tr>\n<td class=\"label\" align=\"left\" valign=\"bottom\" width=\"30%\">type<\/td>\n<td class=\"value\" align=\"right\" valign=\"bottom\" width=\"70%\">Racing Car<\/td>\n<\/tr>\n<tr>\n<td class=\"label\" align=\"left\" valign=\"bottom\" width=\"30%\">built at<\/td>\n<td class=\"value\" align=\"right\" valign=\"bottom\" width=\"70%\">Woking, England<\/td>\n<\/tr>\n<tr>\n<td class=\"label\" align=\"left\" valign=\"bottom\" width=\"30%\">body stylist<\/td>\n<td class=\"value\" align=\"right\" valign=\"bottom\" width=\"70%\">Peter Stevens<\/td>\n<\/tr>\n<tr>\n<td class=\"label\" align=\"left\" valign=\"bottom\" width=\"30%\">engineers<\/td>\n<td class=\"value\" align=\"right\" valign=\"bottom\" width=\"70%\">Gordon Murray<\/td>\n<\/tr>\n<tr>\n<td class=\"boldlabel\" align=\"left\" valign=\"bottom\" width=\"30%\">engine<\/td>\n<td class=\"boldvalue\" align=\"right\" valign=\"bottom\" width=\"70%\">BMW Motorsport S 70\/3 GTR 60\u00b0 V12<\/td>\n<\/tr>\n<tr>\n<td class=\"label\" align=\"left\" valign=\"bottom\" width=\"30%\">position<\/td>\n<td class=\"value\" align=\"right\" valign=\"bottom\" width=\"70%\">Mid Longitudinal<\/td>\n<\/tr>\n<tr>\n<td class=\"label\" align=\"left\" valign=\"bottom\" width=\"30%\">block material<\/td>\n<td class=\"value\" align=\"right\" valign=\"bottom\" width=\"70%\">Aluminum<\/td>\n<\/tr>\n<tr>\n<td class=\"label\" align=\"left\" valign=\"bottom\" width=\"30%\">valvetrain<\/td>\n<td class=\"value\" align=\"right\" valign=\"bottom\" width=\"70%\">Chain Driven DOHC w\/Continuously Variable Inlet Valve Timing &amp; F<\/td>\n<\/tr>\n<tr>\n<td class=\"label\" align=\"left\" valign=\"bottom\" width=\"30%\">displacement<\/td>\n<td class=\"value\" align=\"right\" valign=\"bottom\" width=\"70%\">6064 cc \/ 370.0 in\u00b3<\/td>\n<\/tr>\n<tr>\n<td class=\"label\" align=\"left\" valign=\"bottom\" width=\"30%\">bore<\/td>\n<td class=\"value\" align=\"right\" valign=\"bottom\" width=\"70%\">86 mm \/ 3.39 in<\/td>\n<\/tr>\n<tr>\n<td class=\"label\" align=\"left\" valign=\"bottom\" width=\"30%\">stroke<\/td>\n<td class=\"value\" align=\"right\" valign=\"bottom\" width=\"70%\">87 mm \/ 3.43 in<\/td>\n<\/tr>\n<tr>\n<td class=\"label\" align=\"left\" valign=\"bottom\" width=\"30%\">power<\/td>\n<td class=\"value\" align=\"right\" valign=\"bottom\" width=\"70%\">474.3 kw \/ 636.0 bhp @ 7200 rpm<\/td>\n<\/tr>\n<tr>\n<td class=\"label\" align=\"left\" valign=\"bottom\" width=\"30%\">specific output<\/td>\n<td class=\"value\" align=\"right\" valign=\"bottom\" width=\"70%\">104.88 bhp per litre<\/td>\n<\/tr>\n<tr>\n<td class=\"label\" align=\"left\" valign=\"bottom\" width=\"30%\">bhp\/weight<\/td>\n<td class=\"value\" align=\"right\" valign=\"bottom\" width=\"70%\">567.86 bhp per tonne<\/td>\n<\/tr>\n<tr>\n<td class=\"label\" align=\"left\" valign=\"bottom\" width=\"30%\">torque<\/td>\n<td class=\"value\" align=\"right\" valign=\"bottom\" width=\"70%\">714.52 nm \/ 527.0 ft lbs @ 4500 rpm<\/td>\n<\/tr>\n<tr>\n<td class=\"label\" align=\"left\" valign=\"bottom\" width=\"30%\">redline<\/td>\n<td class=\"value\" align=\"right\" valign=\"bottom\" width=\"70%\">7500<\/td>\n<\/tr>\n<tr>\n<td class=\"boldlabel\" align=\"left\" valign=\"bottom\" width=\"30%\">body \/ frame<\/td>\n<td class=\"boldvalue\" align=\"right\" valign=\"bottom\" width=\"70%\">Carbon Fibre<\/td>\n<\/tr>\n<tr>\n<td class=\"label\" align=\"left\" valign=\"bottom\" width=\"30%\">driven wheels<\/td>\n<td class=\"value\" align=\"right\" valign=\"bottom\" width=\"70%\">RWD w\/Torsen Differential<\/td>\n<\/tr>\n<tr>\n<td class=\"label\" align=\"left\" valign=\"bottom\" width=\"30%\">front brakes<\/td>\n<td class=\"value\" align=\"right\" valign=\"bottom\" width=\"70%\">Unassisted Carbon Discs<\/td>\n<\/tr>\n<tr>\n<td class=\"label\" align=\"left\" valign=\"bottom\" width=\"30%\">rear brakes<\/td>\n<td class=\"value\" align=\"right\" valign=\"bottom\" width=\"70%\">Unassisted Carbon Discs<\/td>\n<\/tr>\n<tr>\n<td class=\"label\" align=\"left\" valign=\"bottom\" width=\"30%\">front wheels<\/td>\n<td class=\"value\" align=\"right\" valign=\"bottom\" width=\"70%\">F 45.7 x 27.6 cm \/ 18.0 x 10.9 in<\/td>\n<\/tr>\n<tr>\n<td class=\"label\" align=\"left\" valign=\"bottom\" width=\"30%\">rear wheels<\/td>\n<td class=\"value\" align=\"right\" valign=\"bottom\" width=\"70%\">R 45.7 x 33.0 cm \/ 18.0 x 13.0 in<\/td>\n<\/tr>\n<tr>\n<td class=\"label\" align=\"left\" valign=\"bottom\" width=\"30%\">steering<\/td>\n<td class=\"value\" align=\"right\" valign=\"bottom\" width=\"70%\">Unassisted Rack &amp; Pinion<\/td>\n<\/tr>\n<tr>\n<td class=\"label\" align=\"left\" valign=\"bottom\" width=\"30%\">f suspension<\/td>\n<td class=\"value\" align=\"right\" valign=\"bottom\" width=\"70%\">Double Wishbones w\/Light Alloy Dampers, Co-Axial Coil Springs, A<\/td>\n<\/tr>\n<tr>\n<td class=\"label\" align=\"left\" valign=\"bottom\" width=\"30%\">r suspension<\/td>\n<td class=\"value\" align=\"right\" valign=\"bottom\" width=\"70%\">Double Wishbones w\/Light Alloy Dampers, Co-Axial Coil Springs<\/td>\n<\/tr>\n<tr>\n<td class=\"label\" align=\"left\" valign=\"bottom\" width=\"30%\">curb weight<\/td>\n<td class=\"value\" align=\"right\" valign=\"bottom\" width=\"70%\">1120 kg \/ 2469 lbs<\/td>\n<\/tr>\n<tr>\n<td class=\"label\" align=\"left\" valign=\"bottom\" width=\"30%\">wheelbase<\/td>\n<td class=\"value\" align=\"right\" valign=\"bottom\" width=\"70%\">2718 mm \/ 107.0 in<\/td>\n<\/tr>\n<tr>\n<td class=\"label\" align=\"left\" valign=\"bottom\" width=\"30%\">front track<\/td>\n<td class=\"value\" align=\"right\" valign=\"bottom\" width=\"70%\">1568 mm \/ 61.7 in<\/td>\n<\/tr>\n<tr>\n<td class=\"label\" align=\"left\" valign=\"bottom\" width=\"30%\">rear track<\/td>\n<td class=\"value\" align=\"right\" valign=\"bottom\" width=\"70%\">1472 mm \/ 58.0 in<\/td>\n<\/tr>\n<tr>\n<td class=\"label\" align=\"left\" valign=\"bottom\" width=\"30%\">length<\/td>\n<td class=\"value\" align=\"right\" valign=\"bottom\" width=\"70%\">4288 mm \/ 168.8 in<\/td>\n<\/tr>\n<tr>\n<td class=\"label\" align=\"left\" valign=\"bottom\" width=\"30%\">width<\/td>\n<td class=\"value\" align=\"right\" valign=\"bottom\" width=\"70%\">1820 mm \/ 71.7 in<\/td>\n<\/tr>\n<tr>\n<td class=\"label\" align=\"left\" valign=\"bottom\" width=\"30%\">height<\/td>\n<td class=\"value\" align=\"right\" valign=\"bottom\" width=\"70%\">1080 mm \/ 42.5 in<\/td>\n<\/tr>\n<tr>\n<td class=\"label\" align=\"left\" valign=\"bottom\" width=\"30%\">transmission<\/td>\n<td class=\"value\" align=\"right\" valign=\"bottom\" width=\"70%\">Transverse Six Speed Manual<\/td>\n<\/tr>\n<tr>\n<td class=\"boldlabel\" align=\"left\" valign=\"bottom\" width=\"30%\">top speed<\/td>\n<td class=\"boldvalue\" align=\"right\" valign=\"bottom\" width=\"70%\">~362.02 kph \/ 225 mph<\/td>\n<\/tr>\n<\/tbody>\n<\/table>\n<h4>Auction Sales History<\/h4>\n<figure class='gallery-item'>\r\n            <div class='gallery-icon landscape'>\r\n                <a href='https:\/\/www.supercars.net\/blog\/wp-content\/uploads\/2016\/04\/9427831.jpg' class='tipi-lightbox'>\r\n\t\t\t\t<img decoding=\"async\" width=\"1024\" height=\"683\" src=\"https:\/\/www.supercars.net\/blog\/wp-content\/uploads\/2016\/04\/9427831.jpg\" class=\"attachment-full size-full\" alt=\"\" srcset=\"https:\/\/www.supercars.net\/blog\/wp-content\/uploads\/2016\/04\/9427831.jpg 1024w, https:\/\/www.supercars.net\/blog\/wp-content\/uploads\/2016\/04\/9427831-300x200.jpg 300w, https:\/\/www.supercars.net\/blog\/wp-content\/uploads\/2016\/04\/9427831-100x67.jpg 100w, https:\/\/www.supercars.net\/blog\/wp-content\/uploads\/2016\/04\/9427831-770x514.jpg 770w, https:\/\/www.supercars.net\/blog\/wp-content\/uploads\/2016\/04\/9427831-360x240.jpg 360w, https:\/\/www.supercars.net\/blog\/wp-content\/uploads\/2016\/04\/9427831-370x247.jpg 370w, https:\/\/www.supercars.net\/blog\/wp-content\/uploads\/2016\/04\/9427831-293x195.jpg 293w\" sizes=\"(max-width: 1024px) 100vw, 1024px\" \/>\r\n\t\t\t\t<\/a>\r\n            <\/div><\/figure>\n<p><b><a href=\"http:\/\/www.supercars.net\/Pics?viewCarPic=y&amp;source=carGal&amp;carID=1179&amp;pgID=1&amp;pID=942783\">1994 McLaren F1 GTR 05R<\/a> &#8211; did not sell for \u20ac1,800,000<\/b> Chassis number 5 was acquired by Jean-Luc Maury-Laribi\u00e8re &#8211; an industrialist from south-west France, defending the colours of his tile-making company TBF &#8211; who had taken part in the Venturi Trophy in 1992, 1993 and 1994, and in the 1994 Le Mans 24 Hours, behind the wheel of a Venturi 500 LM. Irrespective of its history and track record, this McLaren is of especial note as a member of the ArtCar Pantheon: it was decorated for the 1995 Le Mans 24 Hours by one of the most famous members of the Pop Art movement &#8211; the sculptor C\u00e9sar.<\/p>\n<p>In line with the initial spirit of the BPR Championship, the car was driven by amateurs assisted by a professional, who varied according to the type of race: Pascal Fabre (F1), Emmanuel Clerico (F3000), Olivier Grouillard (F1), Marc Sourd (French Supertouring Champion).<\/p>\n<p>At the Le Mans 24 Hours in 1996, Maury-Laribi\u00e8re teamed up with former Indy 500 Champion Arie Luyendyk and Le Mans 24 Hours winner Stanley Dickens. Sadly the splendid McLaren failed to qualify after sustaining damage during practice.<\/p>\n<p>Later the car was sold to a businessman who had taken part in the 1997 Lamborghini Trophy. He did not enter the N\u00b05 for any races, but meticulously maintained it so he could drive it at circuits whenever he felt like it.<\/p>\n<p>Like many demanding connoisseurs, we believe that the first seven GTRs, built for the BPR 1995 season, remain the finest and purest &#8211; reflecting Gordon Murray&#8217;s creative genius without correction or addition.<br \/>\n<b>Auction Source: <\/b><a href=\"http:\/\/www.supercars.net\/gallery\/119513\/2452\/1.html\">2010 Artcurial Sport &amp; GTs au Mans Classic<\/a><\/p>\n<p>&nbsp;<\/p>\n","protected":false},"excerpt":{"rendered":"<p>1993 McLaren F1 GTR &nbsp; In 1995, McLaren took advantage of the new GT1 regulations to take the F1 to Le Mans. Since only one road-going version had to be made to homologate the model, it was a relatively easy process to get the race version approved. Not long thereafter McLaren Cars Ltd was offering the GTR to private customers for the BPR Global Endurance series and Le Mans. For the first season five cars were built including the prototype, [&hellip;]<\/p>\n","protected":false},"author":2,"featured_media":206404,"comment_status":"open","ping_status":"closed","sticky":false,"template":"","format":"standard","meta":{"footnotes":""},"categories":[2189,74,9348,17100],"tags":[2952,6235,76,499,6545,20255,20246,13061,6722,245],"class_list":["post-206386","post","type-post","status-publish","format-standard","has-post-thumbnail","hentry","category-1990s","category-mclaren","category-guides","category-model-guides-race-cars","tag-1990s","tag-1990s-cars","tag-mclaren","tag-mclaren-f1","tag-mclaren-model-in-depth","tag-mclaren-model-guides-f1","tag-mclaren-model-guides-race-cars","tag-car-profiles","tag-race-car-in-depth","tag-race-car"],"yoast_head":"<!-- This site is optimized with the Yoast SEO plugin v27.5 - https:\/\/yoast.com\/product\/yoast-seo-wordpress\/ -->\n<title>1993 McLaren F1 GTR<\/title>\n<meta name=\"robots\" content=\"index, follow, max-snippet:-1, max-image-preview:large, max-video-preview:-1\" \/>\n<link rel=\"canonical\" href=\"https:\/\/www.supercars.net\/blog\/1993-mclaren-f1-gtr\/\" \/>\n<meta property=\"og:locale\" content=\"en_US\" \/>\n<meta property=\"og:type\" content=\"article\" \/>\n<meta property=\"og:title\" content=\"1993 McLaren F1 GTR\" \/>\n<meta property=\"og:description\" content=\"1993 McLaren F1 GTR &nbsp; In 1995, McLaren took advantage of the new GT1 regulations to take the F1 to Le Mans. Since only one road-going version had to be made to homologate the model, it was a relatively easy process to get the race version approved. Not long thereafter McLaren Cars Ltd was offering the GTR to private customers for the BPR Global Endurance series and Le Mans. For the first season five cars were built including the prototype, [&hellip;]\" \/>\n<meta property=\"og:url\" content=\"https:\/\/www.supercars.net\/blog\/1993-mclaren-f1-gtr\/\" \/>\n<meta property=\"og:site_name\" content=\"Supercars.net\" \/>\n<meta property=\"article:publisher\" content=\"https:\/\/www.facebook.com\/Supercars.net\/\" \/>\n<meta property=\"article:author\" content=\"https:\/\/www.facebook.com\/Supercars.net\/\" \/>\n<meta property=\"article:published_time\" content=\"2016-04-18T15:32:17+00:00\" \/>\n<meta property=\"article:modified_time\" content=\"2024-12-27T12:53:03+00:00\" \/>\n<meta property=\"og:image\" content=\"https:\/\/www.supercars.net\/blog\/wp-content\/uploads\/2016\/04\/1993_McLaren_F1GTR-7-15361.jpg\" \/>\n\t<meta property=\"og:image:width\" content=\"1536\" \/>\n\t<meta property=\"og:image:height\" content=\"1014\" \/>\n\t<meta property=\"og:image:type\" content=\"image\/jpeg\" \/>\n<meta name=\"author\" content=\"Editorial Team\" \/>\n<meta name=\"twitter:card\" content=\"summary_large_image\" \/>\n<meta name=\"twitter:creator\" content=\"@https:\/\/twitter.com\/supercars_net\" \/>\n<meta name=\"twitter:site\" content=\"@supercars_net\" \/>\n<meta name=\"twitter:label1\" content=\"Written by\" \/>\n\t<meta name=\"twitter:data1\" content=\"Editorial Team\" \/>\n\t<meta name=\"twitter:label2\" content=\"Est. reading time\" \/>\n\t<meta name=\"twitter:data2\" content=\"4 minutes\" \/>\n<script type=\"application\/ld+json\" class=\"yoast-schema-graph\">{\"@context\":\"https:\\\/\\\/schema.org\",\"@graph\":[{\"@type\":\"Article\",\"@id\":\"https:\\\/\\\/www.supercars.net\\\/blog\\\/1993-mclaren-f1-gtr\\\/#article\",\"isPartOf\":{\"@id\":\"https:\\\/\\\/www.supercars.net\\\/blog\\\/1993-mclaren-f1-gtr\\\/\"},\"author\":{\"name\":\"Editorial Team\",\"@id\":\"https:\\\/\\\/www.supercars.net\\\/blog\\\/#\\\/schema\\\/person\\\/08906293a84eafb03312b711c1507c7e\"},\"headline\":\"1993 McLaren F1 GTR\",\"datePublished\":\"2016-04-18T15:32:17+00:00\",\"dateModified\":\"2024-12-27T12:53:03+00:00\",\"mainEntityOfPage\":{\"@id\":\"https:\\\/\\\/www.supercars.net\\\/blog\\\/1993-mclaren-f1-gtr\\\/\"},\"wordCount\":692,\"commentCount\":0,\"image\":{\"@id\":\"https:\\\/\\\/www.supercars.net\\\/blog\\\/1993-mclaren-f1-gtr\\\/#primaryimage\"},\"thumbnailUrl\":\"https:\\\/\\\/www.supercars.net\\\/blog\\\/wp-content\\\/uploads\\\/2016\\\/04\\\/1993_McLaren_F1GTR-7-15361.jpg\",\"keywords\":[\"1990s All\",\"1990s Cars\",\"McLaren\",\"McLaren F1\",\"McLaren Model Guides (All)\",\"McLaren Model Guides (F1)\",\"McLaren Model Guides (Race Cars)\",\"Model Guides (All)\",\"Model Guides (Race Cars All)\",\"Race Cars\"],\"articleSection\":[\"1990s Cars\",\"McLaren\",\"Model Guides (All)\",\"Model Guides (Race Cars)\"],\"inLanguage\":\"en-US\",\"potentialAction\":[{\"@type\":\"CommentAction\",\"name\":\"Comment\",\"target\":[\"https:\\\/\\\/www.supercars.net\\\/blog\\\/1993-mclaren-f1-gtr\\\/#respond\"]}]},{\"@type\":\"WebPage\",\"@id\":\"https:\\\/\\\/www.supercars.net\\\/blog\\\/1993-mclaren-f1-gtr\\\/\",\"url\":\"https:\\\/\\\/www.supercars.net\\\/blog\\\/1993-mclaren-f1-gtr\\\/\",\"name\":\"1993 McLaren F1 GTR\",\"isPartOf\":{\"@id\":\"https:\\\/\\\/www.supercars.net\\\/blog\\\/#website\"},\"primaryImageOfPage\":{\"@id\":\"https:\\\/\\\/www.supercars.net\\\/blog\\\/1993-mclaren-f1-gtr\\\/#primaryimage\"},\"image\":{\"@id\":\"https:\\\/\\\/www.supercars.net\\\/blog\\\/1993-mclaren-f1-gtr\\\/#primaryimage\"},\"thumbnailUrl\":\"https:\\\/\\\/www.supercars.net\\\/blog\\\/wp-content\\\/uploads\\\/2016\\\/04\\\/1993_McLaren_F1GTR-7-15361.jpg\",\"datePublished\":\"2016-04-18T15:32:17+00:00\",\"dateModified\":\"2024-12-27T12:53:03+00:00\",\"author\":{\"@id\":\"https:\\\/\\\/www.supercars.net\\\/blog\\\/#\\\/schema\\\/person\\\/08906293a84eafb03312b711c1507c7e\"},\"breadcrumb\":{\"@id\":\"https:\\\/\\\/www.supercars.net\\\/blog\\\/1993-mclaren-f1-gtr\\\/#breadcrumb\"},\"inLanguage\":\"en-US\",\"potentialAction\":[{\"@type\":\"ReadAction\",\"target\":[\"https:\\\/\\\/www.supercars.net\\\/blog\\\/1993-mclaren-f1-gtr\\\/\"]}]},{\"@type\":\"ImageObject\",\"inLanguage\":\"en-US\",\"@id\":\"https:\\\/\\\/www.supercars.net\\\/blog\\\/1993-mclaren-f1-gtr\\\/#primaryimage\",\"url\":\"https:\\\/\\\/www.supercars.net\\\/blog\\\/wp-content\\\/uploads\\\/2016\\\/04\\\/1993_McLaren_F1GTR-7-15361.jpg\",\"contentUrl\":\"https:\\\/\\\/www.supercars.net\\\/blog\\\/wp-content\\\/uploads\\\/2016\\\/04\\\/1993_McLaren_F1GTR-7-15361.jpg\",\"width\":1536,\"height\":1014,\"caption\":\"95LM 5.tif\"},{\"@type\":\"BreadcrumbList\",\"@id\":\"https:\\\/\\\/www.supercars.net\\\/blog\\\/1993-mclaren-f1-gtr\\\/#breadcrumb\",\"itemListElement\":[{\"@type\":\"ListItem\",\"position\":1,\"name\":\"Home\",\"item\":\"https:\\\/\\\/www.supercars.net\\\/blog\\\/\"},{\"@type\":\"ListItem\",\"position\":2,\"name\":\"1993 McLaren F1 GTR\"}]},{\"@type\":\"WebSite\",\"@id\":\"https:\\\/\\\/www.supercars.net\\\/blog\\\/#website\",\"url\":\"https:\\\/\\\/www.supercars.net\\\/blog\\\/\",\"name\":\"Supercars.net\",\"description\":\"Exotic and Supercar news, information, pictures and videos\",\"potentialAction\":[{\"@type\":\"SearchAction\",\"target\":{\"@type\":\"EntryPoint\",\"urlTemplate\":\"https:\\\/\\\/www.supercars.net\\\/blog\\\/?s={search_term_string}\"},\"query-input\":{\"@type\":\"PropertyValueSpecification\",\"valueRequired\":true,\"valueName\":\"search_term_string\"}}],\"inLanguage\":\"en-US\"},{\"@type\":\"Person\",\"@id\":\"https:\\\/\\\/www.supercars.net\\\/blog\\\/#\\\/schema\\\/person\\\/08906293a84eafb03312b711c1507c7e\",\"name\":\"Editorial Team\",\"image\":{\"@type\":\"ImageObject\",\"inLanguage\":\"en-US\",\"@id\":\"https:\\\/\\\/www.supercars.net\\\/blog\\\/wp-content\\\/uploads\\\/2012\\\/01\\\/196-293x293.jpg\",\"url\":\"https:\\\/\\\/www.supercars.net\\\/blog\\\/wp-content\\\/uploads\\\/2012\\\/01\\\/196-293x293.jpg\",\"contentUrl\":\"https:\\\/\\\/www.supercars.net\\\/blog\\\/wp-content\\\/uploads\\\/2012\\\/01\\\/196-293x293.jpg\",\"caption\":\"Editorial Team\"},\"description\":\"Regular people by day, car obsessed nutcases by night. We are like kids in a candy store, except the candy is made of metal, goes vroom-vroom, and occasionally bankrupts us faster than a sugar rush at a candy store sale! We spend hours debating the merits of turbochargers versus superchargers, and our weekends are a never-ending quest for the perfect polish and wax combo. We can identify every make and model by the sound of a revving engine, and our idea of a romantic evening is a candlelit dinner with our cars in the garage.\",\"sameAs\":[\"http:\\\/\\\/www.supercars.net\",\"https:\\\/\\\/www.facebook.com\\\/Supercars.net\\\/\",\"https:\\\/\\\/instagram.com\\\/super.cars.fans\",\"https:\\\/\\\/x.com\\\/https:\\\/\\\/twitter.com\\\/supercars_net\"],\"url\":\"https:\\\/\\\/www.supercars.net\\\/blog\\\/author\\\/supercars\\\/\"}]}<\/script>\n<!-- \/ Yoast SEO plugin. -->","yoast_head_json":{"title":"1993 McLaren F1 GTR","robots":{"index":"index","follow":"follow","max-snippet":"max-snippet:-1","max-image-preview":"max-image-preview:large","max-video-preview":"max-video-preview:-1"},"canonical":"https:\/\/www.supercars.net\/blog\/1993-mclaren-f1-gtr\/","og_locale":"en_US","og_type":"article","og_title":"1993 McLaren F1 GTR","og_description":"1993 McLaren F1 GTR &nbsp; In 1995, McLaren took advantage of the new GT1 regulations to take the F1 to Le Mans. Since only one road-going version had to be made to homologate the model, it was a relatively easy process to get the race version approved. Not long thereafter McLaren Cars Ltd was offering the GTR to private customers for the BPR Global Endurance series and Le Mans. For the first season five cars were built including the prototype, [&hellip;]","og_url":"https:\/\/www.supercars.net\/blog\/1993-mclaren-f1-gtr\/","og_site_name":"Supercars.net","article_publisher":"https:\/\/www.facebook.com\/Supercars.net\/","article_author":"https:\/\/www.facebook.com\/Supercars.net\/","article_published_time":"2016-04-18T15:32:17+00:00","article_modified_time":"2024-12-27T12:53:03+00:00","og_image":[{"width":1536,"height":1014,"url":"https:\/\/www.supercars.net\/blog\/wp-content\/uploads\/2016\/04\/1993_McLaren_F1GTR-7-15361.jpg","type":"image\/jpeg"}],"author":"Editorial Team","twitter_card":"summary_large_image","twitter_creator":"@https:\/\/twitter.com\/supercars_net","twitter_site":"@supercars_net","twitter_misc":{"Written by":"Editorial Team","Est. reading time":"4 minutes"},"schema":{"@context":"https:\/\/schema.org","@graph":[{"@type":"Article","@id":"https:\/\/www.supercars.net\/blog\/1993-mclaren-f1-gtr\/#article","isPartOf":{"@id":"https:\/\/www.supercars.net\/blog\/1993-mclaren-f1-gtr\/"},"author":{"name":"Editorial Team","@id":"https:\/\/www.supercars.net\/blog\/#\/schema\/person\/08906293a84eafb03312b711c1507c7e"},"headline":"1993 McLaren F1 GTR","datePublished":"2016-04-18T15:32:17+00:00","dateModified":"2024-12-27T12:53:03+00:00","mainEntityOfPage":{"@id":"https:\/\/www.supercars.net\/blog\/1993-mclaren-f1-gtr\/"},"wordCount":692,"commentCount":0,"image":{"@id":"https:\/\/www.supercars.net\/blog\/1993-mclaren-f1-gtr\/#primaryimage"},"thumbnailUrl":"https:\/\/www.supercars.net\/blog\/wp-content\/uploads\/2016\/04\/1993_McLaren_F1GTR-7-15361.jpg","keywords":["1990s All","1990s Cars","McLaren","McLaren F1","McLaren Model Guides (All)","McLaren Model Guides (F1)","McLaren Model Guides (Race Cars)","Model Guides (All)","Model Guides (Race Cars All)","Race Cars"],"articleSection":["1990s Cars","McLaren","Model Guides (All)","Model Guides (Race Cars)"],"inLanguage":"en-US","potentialAction":[{"@type":"CommentAction","name":"Comment","target":["https:\/\/www.supercars.net\/blog\/1993-mclaren-f1-gtr\/#respond"]}]},{"@type":"WebPage","@id":"https:\/\/www.supercars.net\/blog\/1993-mclaren-f1-gtr\/","url":"https:\/\/www.supercars.net\/blog\/1993-mclaren-f1-gtr\/","name":"1993 McLaren F1 GTR","isPartOf":{"@id":"https:\/\/www.supercars.net\/blog\/#website"},"primaryImageOfPage":{"@id":"https:\/\/www.supercars.net\/blog\/1993-mclaren-f1-gtr\/#primaryimage"},"image":{"@id":"https:\/\/www.supercars.net\/blog\/1993-mclaren-f1-gtr\/#primaryimage"},"thumbnailUrl":"https:\/\/www.supercars.net\/blog\/wp-content\/uploads\/2016\/04\/1993_McLaren_F1GTR-7-15361.jpg","datePublished":"2016-04-18T15:32:17+00:00","dateModified":"2024-12-27T12:53:03+00:00","author":{"@id":"https:\/\/www.supercars.net\/blog\/#\/schema\/person\/08906293a84eafb03312b711c1507c7e"},"breadcrumb":{"@id":"https:\/\/www.supercars.net\/blog\/1993-mclaren-f1-gtr\/#breadcrumb"},"inLanguage":"en-US","potentialAction":[{"@type":"ReadAction","target":["https:\/\/www.supercars.net\/blog\/1993-mclaren-f1-gtr\/"]}]},{"@type":"ImageObject","inLanguage":"en-US","@id":"https:\/\/www.supercars.net\/blog\/1993-mclaren-f1-gtr\/#primaryimage","url":"https:\/\/www.supercars.net\/blog\/wp-content\/uploads\/2016\/04\/1993_McLaren_F1GTR-7-15361.jpg","contentUrl":"https:\/\/www.supercars.net\/blog\/wp-content\/uploads\/2016\/04\/1993_McLaren_F1GTR-7-15361.jpg","width":1536,"height":1014,"caption":"95LM 5.tif"},{"@type":"BreadcrumbList","@id":"https:\/\/www.supercars.net\/blog\/1993-mclaren-f1-gtr\/#breadcrumb","itemListElement":[{"@type":"ListItem","position":1,"name":"Home","item":"https:\/\/www.supercars.net\/blog\/"},{"@type":"ListItem","position":2,"name":"1993 McLaren F1 GTR"}]},{"@type":"WebSite","@id":"https:\/\/www.supercars.net\/blog\/#website","url":"https:\/\/www.supercars.net\/blog\/","name":"Supercars.net","description":"Exotic and Supercar news, information, pictures and videos","potentialAction":[{"@type":"SearchAction","target":{"@type":"EntryPoint","urlTemplate":"https:\/\/www.supercars.net\/blog\/?s={search_term_string}"},"query-input":{"@type":"PropertyValueSpecification","valueRequired":true,"valueName":"search_term_string"}}],"inLanguage":"en-US"},{"@type":"Person","@id":"https:\/\/www.supercars.net\/blog\/#\/schema\/person\/08906293a84eafb03312b711c1507c7e","name":"Editorial Team","image":{"@type":"ImageObject","inLanguage":"en-US","@id":"https:\/\/www.supercars.net\/blog\/wp-content\/uploads\/2012\/01\/196-293x293.jpg","url":"https:\/\/www.supercars.net\/blog\/wp-content\/uploads\/2012\/01\/196-293x293.jpg","contentUrl":"https:\/\/www.supercars.net\/blog\/wp-content\/uploads\/2012\/01\/196-293x293.jpg","caption":"Editorial Team"},"description":"Regular people by day, car obsessed nutcases by night. We are like kids in a candy store, except the candy is made of metal, goes vroom-vroom, and occasionally bankrupts us faster than a sugar rush at a candy store sale! We spend hours debating the merits of turbochargers versus superchargers, and our weekends are a never-ending quest for the perfect polish and wax combo. We can identify every make and model by the sound of a revving engine, and our idea of a romantic evening is a candlelit dinner with our cars in the garage.","sameAs":["http:\/\/www.supercars.net","https:\/\/www.facebook.com\/Supercars.net\/","https:\/\/instagram.com\/super.cars.fans","https:\/\/x.com\/https:\/\/twitter.com\/supercars_net"],"url":"https:\/\/www.supercars.net\/blog\/author\/supercars\/"}]}},"_links":{"self":[{"href":"https:\/\/www.supercars.net\/blog\/wp-json\/wp\/v2\/posts\/206386","targetHints":{"allow":["GET"]}}],"collection":[{"href":"https:\/\/www.supercars.net\/blog\/wp-json\/wp\/v2\/posts"}],"about":[{"href":"https:\/\/www.supercars.net\/blog\/wp-json\/wp\/v2\/types\/post"}],"author":[{"embeddable":true,"href":"https:\/\/www.supercars.net\/blog\/wp-json\/wp\/v2\/users\/2"}],"replies":[{"embeddable":true,"href":"https:\/\/www.supercars.net\/blog\/wp-json\/wp\/v2\/comments?post=206386"}],"version-history":[{"count":0,"href":"https:\/\/www.supercars.net\/blog\/wp-json\/wp\/v2\/posts\/206386\/revisions"}],"wp:featuredmedia":[{"embeddable":true,"href":"https:\/\/www.supercars.net\/blog\/wp-json\/wp\/v2\/media\/206404"}],"wp:attachment":[{"href":"https:\/\/www.supercars.net\/blog\/wp-json\/wp\/v2\/media?parent=206386"}],"wp:term":[{"taxonomy":"category","embeddable":true,"href":"https:\/\/www.supercars.net\/blog\/wp-json\/wp\/v2\/categories?post=206386"},{"taxonomy":"post_tag","embeddable":true,"href":"https:\/\/www.supercars.net\/blog\/wp-json\/wp\/v2\/tags?post=206386"}],"curies":[{"name":"wp","href":"https:\/\/api.w.org\/{rel}","templated":true}]}}