{"id":248138,"date":"2016-04-22T22:28:24","date_gmt":"2016-04-22T22:28:24","guid":{"rendered":"http:\/\/blog.supercars.net\/blog\/?p=248138"},"modified":"2024-12-31T12:45:33","modified_gmt":"2024-12-31T12:45:33","slug":"1987%e2%86%921989-sauber-mercedes-c9-share-499","status":"publish","type":"post","link":"https:\/\/www.supercars.net\/blog\/1987%e2%86%921989-sauber-mercedes-c9-share-499\/","title":{"rendered":"1987 &#8211; 1989 Sauber-Mercedes C9"},"content":{"rendered":"<h1>1987\u21921989 Sauber-Mercedes C9<\/h1>\n<div class=\"socialBar\">\n<div class=\"copy-paste-block\">\n<p><span id=\"intelliTXT\"><b>After a 30 year hiatus from endurance racing due to the 1955 tragedy at Le Mans, Mercedes thought enough time had passed to win there again.<\/b> Drivers Jochen Mass, Manuel Reuter and Stanley Dickens won the 1989 24 Hours of Le Mans outright in their Sauber-Mercedes C9.<\/span><\/p>\n<p>It was a good day for both Mercedes-Benz and Sauber. The winning number 63 car finished ahead of its sister car driven by Mauro Baldi, Kenny Acheson and Gianfranco Brancatelli. Two laps behind was the third-place Joest Racing Porsche 962C; a car which had won at Le Mans six previous times.<\/p>\n<p>The Sauber C9 was a Group C prototype that debuted in 1987 season. It was developed from a series of Le Mans Prototypes by Peter Sauber. The underpinnings of the C9 were an all-aluminum monocoque with a rear steel subframe for the Mercedes-Benz engine.<\/p>\n<p>Due to fuel restrictions at the time, the engine was made as efficient as possible. The production-based block was developed by Swiss engineer Heini Mader. It had a peak power of 720 bhp, but the unit was limited to 650 or less to conserve fuel.<\/p>\n<p>During the development year in 1987, the cars were fielded by Kouros Racing with little success. Once Mercedes-Benz made it an official team in 1988, five victories were scored despite heavy pressure from the Silk Cut Jaguar team.<\/p>\n<p>In 1989, the car was developed to its ultimate specification including a new DOHC-head M119 V8 engine. That season, the C9s dominated at every race, winning outright at all but one event. At the 24 Hours of Le Mans, a record was set at 247 mph (398 km\/h) on the Mulsanne Straight.<\/p>\n<p>After the string of successes including winning the 1989 World Sports Car Championship, Autosport declared the C9 as their Racing Car Of The Year. The team moved on and replaced the model with the C11 of 1990.<\/p>\n<figure class='gallery-item'>\r\n            <div class='gallery-icon landscape'>\r\n                <a href='https:\/\/www.supercars.net\/blog\/wp-content\/uploads\/2016\/04\/1987_SauberMercedes_C91.jpg' class='tipi-lightbox'>\r\n\t\t\t\t<img decoding=\"async\" width=\"1024\" height=\"671\" src=\"https:\/\/www.supercars.net\/blog\/wp-content\/uploads\/2016\/04\/1987_SauberMercedes_C91.jpg\" class=\"attachment-full size-full\" alt=\"1987\u21921989 Sauber-Mercedes C9 Share 499\" srcset=\"https:\/\/www.supercars.net\/blog\/wp-content\/uploads\/2016\/04\/1987_SauberMercedes_C91.jpg 1024w, https:\/\/www.supercars.net\/blog\/wp-content\/uploads\/2016\/04\/1987_SauberMercedes_C91-300x197.jpg 300w, https:\/\/www.supercars.net\/blog\/wp-content\/uploads\/2016\/04\/1987_SauberMercedes_C91-100x66.jpg 100w, https:\/\/www.supercars.net\/blog\/wp-content\/uploads\/2016\/04\/1987_SauberMercedes_C91-770x505.jpg 770w, https:\/\/www.supercars.net\/blog\/wp-content\/uploads\/2016\/04\/1987_SauberMercedes_C91-293x192.jpg 293w\" sizes=\"(max-width: 1024px) 100vw, 1024px\" \/>\r\n\t\t\t\t<\/a>\r\n            <\/div>\r\n                <div class='wp-caption-text gallery-caption'>\r\n                24 Stunden von Le Mans, 10.\/11. Juni 1989. Sauber-Mercedes Gruppe-C-Rennsportwagen C 9. Startnummer 63 &#8211; Sieger: Jochen Mass \/ Manuel Reuter \/ Stanley Dickens.\r\n                <\/div><\/figure><figure class='gallery-item'>\r\n            <div class='gallery-icon landscape'>\r\n                <a href='https:\/\/www.supercars.net\/blog\/wp-content\/uploads\/2016\/04\/1987_SauberMercedes_C92.jpg' class='tipi-lightbox'>\r\n\t\t\t\t<img decoding=\"async\" width=\"1024\" height=\"592\" src=\"https:\/\/www.supercars.net\/blog\/wp-content\/uploads\/2016\/04\/1987_SauberMercedes_C92.jpg\" class=\"attachment-full size-full\" alt=\"1987\u21921989 Sauber-Mercedes C9 Share 499\" srcset=\"https:\/\/www.supercars.net\/blog\/wp-content\/uploads\/2016\/04\/1987_SauberMercedes_C92.jpg 1024w, https:\/\/www.supercars.net\/blog\/wp-content\/uploads\/2016\/04\/1987_SauberMercedes_C92-300x173.jpg 300w, https:\/\/www.supercars.net\/blog\/wp-content\/uploads\/2016\/04\/1987_SauberMercedes_C92-100x58.jpg 100w, https:\/\/www.supercars.net\/blog\/wp-content\/uploads\/2016\/04\/1987_SauberMercedes_C92-770x445.jpg 770w, https:\/\/www.supercars.net\/blog\/wp-content\/uploads\/2016\/04\/1987_SauberMercedes_C92-293x169.jpg 293w\" sizes=\"(max-width: 1024px) 100vw, 1024px\" \/>\r\n\t\t\t\t<\/a>\r\n            <\/div>\r\n                <div class='wp-caption-text gallery-caption'>\r\n                24 Stunden von Le Mans, 10.\/11. Juni 1989. Sauber-Mercedes Gruppe-C-Rennsportwagen C 9. Startnummer 63 &#8211; Sieger: Jochen Mass \/ Manuel Reuter \/ Stanley Dickens.\r\n                <\/div><\/figure><figure class='gallery-item'>\r\n            <div class='gallery-icon landscape'>\r\n                <a href='https:\/\/www.supercars.net\/blog\/wp-content\/uploads\/2016\/04\/1987_SauberMercedes_C93.jpg' class='tipi-lightbox'>\r\n\t\t\t\t<img decoding=\"async\" width=\"1024\" height=\"678\" src=\"https:\/\/www.supercars.net\/blog\/wp-content\/uploads\/2016\/04\/1987_SauberMercedes_C93.jpg\" class=\"attachment-full size-full\" alt=\"1987\u21921989 Sauber-Mercedes C9 Share 499\" srcset=\"https:\/\/www.supercars.net\/blog\/wp-content\/uploads\/2016\/04\/1987_SauberMercedes_C93.jpg 1024w, https:\/\/www.supercars.net\/blog\/wp-content\/uploads\/2016\/04\/1987_SauberMercedes_C93-300x199.jpg 300w, https:\/\/www.supercars.net\/blog\/wp-content\/uploads\/2016\/04\/1987_SauberMercedes_C93-100x66.jpg 100w, https:\/\/www.supercars.net\/blog\/wp-content\/uploads\/2016\/04\/1987_SauberMercedes_C93-770x510.jpg 770w, https:\/\/www.supercars.net\/blog\/wp-content\/uploads\/2016\/04\/1987_SauberMercedes_C93-293x194.jpg 293w\" sizes=\"(max-width: 1024px) 100vw, 1024px\" \/>\r\n\t\t\t\t<\/a>\r\n            <\/div>\r\n                <div class='wp-caption-text gallery-caption'>\r\n                24 Stunden von Le Mans, 10.\/11. Juni 1989. Sieger auf Sauber-Mercedes Gruppe-C-Rennsportwagens C 9: Jochen Mass \/ Manuel Reuter \/ Stanley Dickens.\r\n                <\/div><\/figure><figure class='gallery-item'>\r\n            <div class='gallery-icon landscape'>\r\n                <a href='https:\/\/www.supercars.net\/blog\/wp-content\/uploads\/2016\/04\/1987_SauberMercedes_C94.jpg' class='tipi-lightbox'>\r\n\t\t\t\t<img decoding=\"async\" width=\"1024\" height=\"661\" src=\"https:\/\/www.supercars.net\/blog\/wp-content\/uploads\/2016\/04\/1987_SauberMercedes_C94.jpg\" class=\"attachment-full size-full\" alt=\"1987\u21921989 Sauber-Mercedes C9 Share 499\" srcset=\"https:\/\/www.supercars.net\/blog\/wp-content\/uploads\/2016\/04\/1987_SauberMercedes_C94.jpg 1024w, https:\/\/www.supercars.net\/blog\/wp-content\/uploads\/2016\/04\/1987_SauberMercedes_C94-300x194.jpg 300w, https:\/\/www.supercars.net\/blog\/wp-content\/uploads\/2016\/04\/1987_SauberMercedes_C94-100x65.jpg 100w, https:\/\/www.supercars.net\/blog\/wp-content\/uploads\/2016\/04\/1987_SauberMercedes_C94-770x497.jpg 770w, https:\/\/www.supercars.net\/blog\/wp-content\/uploads\/2016\/04\/1987_SauberMercedes_C94-293x189.jpg 293w\" sizes=\"(max-width: 1024px) 100vw, 1024px\" \/>\r\n\t\t\t\t<\/a>\r\n            <\/div>\r\n                <div class='wp-caption-text gallery-caption'>\r\n                24 Stunden von Le Mans, 10. &#8211; 11. Juni 1989. Das komplette Team mit Sauber-Mercedes Gruppe-C-Rennsportwagen C 9. Doppelsieg und f\u00fcnfter Platz. Startnummer 63 &#8211; Sieger: Jochen Mass \/ Manuel Reuter \/ Stanley Dickens. Startnummer 61 &#8211; Fahrerteam Mauro Baldi \/ Kenny Acheson \/ Gianfranco Brancatelli belegen den zweiten Platz. Startnummer 62 &#8211; Fahrerteam Jean-Louis Schlesser \/ Jean-Pierre Jabouille \/ Alain Cudini belegen den f\u00fcnften Platz.\r\n                <\/div><\/figure><figure class='gallery-item'>\r\n            <div class='gallery-icon landscape'>\r\n                <a href='https:\/\/www.supercars.net\/blog\/wp-content\/uploads\/2016\/04\/1987_SauberMercedes_C96.jpg' class='tipi-lightbox'>\r\n\t\t\t\t<img decoding=\"async\" width=\"1024\" height=\"689\" src=\"https:\/\/www.supercars.net\/blog\/wp-content\/uploads\/2016\/04\/1987_SauberMercedes_C96.jpg\" class=\"attachment-full size-full\" alt=\"1987\u21921989 Sauber-Mercedes C9 Share 499\" srcset=\"https:\/\/www.supercars.net\/blog\/wp-content\/uploads\/2016\/04\/1987_SauberMercedes_C96.jpg 1024w, https:\/\/www.supercars.net\/blog\/wp-content\/uploads\/2016\/04\/1987_SauberMercedes_C96-300x202.jpg 300w, https:\/\/www.supercars.net\/blog\/wp-content\/uploads\/2016\/04\/1987_SauberMercedes_C96-100x67.jpg 100w, https:\/\/www.supercars.net\/blog\/wp-content\/uploads\/2016\/04\/1987_SauberMercedes_C96-770x518.jpg 770w, https:\/\/www.supercars.net\/blog\/wp-content\/uploads\/2016\/04\/1987_SauberMercedes_C96-293x197.jpg 293w\" sizes=\"(max-width: 1024px) 100vw, 1024px\" \/>\r\n\t\t\t\t<\/a>\r\n            <\/div>\r\n                <div class='wp-caption-text gallery-caption'>\r\n                24 Stunden von Le Mans, 10.\/11. Juni 1989. N\u00e4chtlicher Boxenstopp des Sauber-Mercedes Gruppe-C-Rennsportwagens C 9 mit Startnummer 63. Der sp\u00e4tere Sieger Jochen Mass steht zum Fahrerwechsel bereit, um das Volant zu \u00fcbernehmen.\r\n                <\/div><\/figure><figure class='gallery-item'>\r\n            <div class='gallery-icon landscape'>\r\n                <a href='https:\/\/www.supercars.net\/blog\/wp-content\/uploads\/2016\/04\/1987_SauberMercedes_C97.jpg' class='tipi-lightbox'>\r\n\t\t\t\t<img decoding=\"async\" width=\"1024\" height=\"656\" src=\"https:\/\/www.supercars.net\/blog\/wp-content\/uploads\/2016\/04\/1987_SauberMercedes_C97.jpg\" class=\"attachment-full size-full\" alt=\"1987\u21921989 Sauber-Mercedes C9 Share 499\" srcset=\"https:\/\/www.supercars.net\/blog\/wp-content\/uploads\/2016\/04\/1987_SauberMercedes_C97.jpg 1024w, https:\/\/www.supercars.net\/blog\/wp-content\/uploads\/2016\/04\/1987_SauberMercedes_C97-300x192.jpg 300w, https:\/\/www.supercars.net\/blog\/wp-content\/uploads\/2016\/04\/1987_SauberMercedes_C97-100x64.jpg 100w, https:\/\/www.supercars.net\/blog\/wp-content\/uploads\/2016\/04\/1987_SauberMercedes_C97-770x493.jpg 770w, https:\/\/www.supercars.net\/blog\/wp-content\/uploads\/2016\/04\/1987_SauberMercedes_C97-293x188.jpg 293w\" sizes=\"(max-width: 1024px) 100vw, 1024px\" \/>\r\n\t\t\t\t<\/a>\r\n            <\/div>\r\n                <div class='wp-caption-text gallery-caption'>\r\n                24 Stunden von Le Mans, 10.\/11. Juni 1989. Doppelsieg und f\u00fcnfter Platz. Champagnerspritzen: Die Sieger bei der Ehrung. Sieger: Jochen Mass \/ Manuel Reuter \/ Stanley Dickens. Das Fahrerteam Mauro Baldi \/ Kenny Acheson \/ Gianfranco Brancatelli belegen den zweiten Platz. Das Team Jean-Louis Schlesser \/ Jean-Pierre Jabouille \/ Alain Cudini belegen den f\u00fcnften Platz. Peter Sauber in der Mitte.\r\n                <\/div><\/figure><figure class='gallery-item'>\r\n            <div class='gallery-icon landscape'>\r\n                <a href='https:\/\/www.supercars.net\/blog\/wp-content\/uploads\/2016\/04\/1987_SauberMercedes_C98.jpg' class='tipi-lightbox'>\r\n\t\t\t\t<img decoding=\"async\" width=\"1024\" height=\"711\" src=\"https:\/\/www.supercars.net\/blog\/wp-content\/uploads\/2016\/04\/1987_SauberMercedes_C98.jpg\" class=\"attachment-full size-full\" alt=\"1987\u21921989 Sauber-Mercedes C9 Share 499\" srcset=\"https:\/\/www.supercars.net\/blog\/wp-content\/uploads\/2016\/04\/1987_SauberMercedes_C98.jpg 1024w, https:\/\/www.supercars.net\/blog\/wp-content\/uploads\/2016\/04\/1987_SauberMercedes_C98-300x208.jpg 300w, https:\/\/www.supercars.net\/blog\/wp-content\/uploads\/2016\/04\/1987_SauberMercedes_C98-100x69.jpg 100w, https:\/\/www.supercars.net\/blog\/wp-content\/uploads\/2016\/04\/1987_SauberMercedes_C98-770x535.jpg 770w, https:\/\/www.supercars.net\/blog\/wp-content\/uploads\/2016\/04\/1987_SauberMercedes_C98-293x203.jpg 293w\" sizes=\"(max-width: 1024px) 100vw, 1024px\" \/>\r\n\t\t\t\t<\/a>\r\n            <\/div>\r\n                <div class='wp-caption-text gallery-caption'>\r\n                24 Stunden von Le Mans, 10.\/11. Juni 1989. Sauber-Mercedes Gruppe-C-Rennsportwagen C 9. Startnummer 63 &#8211; Sieger: Jochen Mass \/ Manuel Reuter \/ Stanley Dickens. Die Startnummer 62 &#8211; das Fahrerteam Jean-Louis Schlesser \/ Jean-Pierre Jabouille \/ Alain Cudini belegen den f\u00fcnften Platz.\r\n                <\/div><\/figure><figure class='gallery-item'>\r\n            <div class='gallery-icon landscape'>\r\n                <a href='https:\/\/www.supercars.net\/blog\/wp-content\/uploads\/2016\/04\/1987_SauberMercedes_C99.jpg' class='tipi-lightbox'>\r\n\t\t\t\t<img decoding=\"async\" width=\"1024\" height=\"678\" src=\"https:\/\/www.supercars.net\/blog\/wp-content\/uploads\/2016\/04\/1987_SauberMercedes_C99.jpg\" class=\"attachment-full size-full\" alt=\"1987\u21921989 Sauber-Mercedes C9 Share 499\" srcset=\"https:\/\/www.supercars.net\/blog\/wp-content\/uploads\/2016\/04\/1987_SauberMercedes_C99.jpg 1024w, https:\/\/www.supercars.net\/blog\/wp-content\/uploads\/2016\/04\/1987_SauberMercedes_C99-300x199.jpg 300w, https:\/\/www.supercars.net\/blog\/wp-content\/uploads\/2016\/04\/1987_SauberMercedes_C99-100x66.jpg 100w, https:\/\/www.supercars.net\/blog\/wp-content\/uploads\/2016\/04\/1987_SauberMercedes_C99-770x510.jpg 770w, https:\/\/www.supercars.net\/blog\/wp-content\/uploads\/2016\/04\/1987_SauberMercedes_C99-293x194.jpg 293w\" sizes=\"(max-width: 1024px) 100vw, 1024px\" \/>\r\n\t\t\t\t<\/a>\r\n            <\/div>\r\n                <div class='wp-caption-text gallery-caption'>\r\n                24 Stunden von Le Mans, 10.\/11. Juni 1989. Sauber-Mercedes Gruppe-C-Rennsportwagen C 9. Startnummer 63 &#8211; Sieger: Jochen Mass \/ Manuel Reuter \/ Stanley Dickens.\r\n                <\/div><\/figure>\n<div class=\"copy-paste-block\">\n<h3>In Detail<\/h3>\n<table class=\"cardetails\" border=\"0\" cellspacing=\"0\" cellpadding=\"0\">\n<tbody>\n<tr>\n<td class=\"label\" align=\"left\" valign=\"bottom\" width=\"30%\"><\/td>\n<td class=\"value\" align=\"right\" valign=\"bottom\" width=\"70%\"><\/td>\n<\/tr>\n<tr>\n<td class=\"label\" align=\"left\" valign=\"bottom\" width=\"30%\">submitted by<\/td>\n<td class=\"value\" align=\"right\" valign=\"bottom\" width=\"70%\">anonymous<\/td>\n<\/tr>\n<tr>\n<td class=\"label\" align=\"left\" valign=\"bottom\" width=\"30%\">type<\/td>\n<td class=\"value\" align=\"right\" valign=\"bottom\" width=\"70%\">Racing Car<\/td>\n<\/tr>\n<tr>\n<td class=\"label\" align=\"left\" valign=\"bottom\" width=\"30%\">production years<\/td>\n<td class=\"value\" align=\"right\" valign=\"bottom\" width=\"70%\">1987 &#8211; 1989<\/td>\n<\/tr>\n<tr>\n<td class=\"label\" align=\"left\" valign=\"bottom\" width=\"30%\">production<\/td>\n<td class=\"value\" align=\"right\" valign=\"bottom\" width=\"70%\">6<\/td>\n<\/tr>\n<tr>\n<td class=\"label\" align=\"left\" valign=\"bottom\" width=\"30%\">succeccesor<\/td>\n<td class=\"value\" align=\"right\" valign=\"bottom\" width=\"70%\"><a href=\"http:\/\/www.supercars.net\/cars\/1306.html\">1990 Sauber-Mercedes C11<\/a><\/td>\n<\/tr>\n<tr>\n<td class=\"boldlabel\" align=\"left\" valign=\"bottom\" width=\"30%\">engine<\/td>\n<td class=\"boldvalue\" align=\"right\" valign=\"bottom\" width=\"70%\">Mercedes-Benz M119 90\u00ba V8<\/td>\n<\/tr>\n<tr>\n<td class=\"label\" align=\"left\" valign=\"bottom\" width=\"30%\">position<\/td>\n<td class=\"value\" align=\"right\" valign=\"bottom\" width=\"70%\">Mid, Longitudinal<\/td>\n<\/tr>\n<tr>\n<td class=\"label\" align=\"left\" valign=\"bottom\" width=\"30%\">aspiration<\/td>\n<td class=\"value\" align=\"right\" valign=\"bottom\" width=\"70%\">Twin KKK Turbochargers<\/td>\n<\/tr>\n<tr>\n<td class=\"label\" align=\"left\" valign=\"bottom\" width=\"30%\">block material<\/td>\n<td class=\"value\" align=\"right\" valign=\"bottom\" width=\"70%\">Aluminum<\/td>\n<\/tr>\n<tr>\n<td class=\"label\" align=\"left\" valign=\"bottom\" width=\"30%\">valvetrain<\/td>\n<td class=\"value\" align=\"right\" valign=\"bottom\" width=\"70%\">DOHC, 4 Valves per Cyl w\/VVT<\/td>\n<\/tr>\n<tr>\n<td class=\"label\" align=\"left\" valign=\"bottom\" width=\"30%\">displacement<\/td>\n<td class=\"value\" align=\"right\" valign=\"bottom\" width=\"70%\">4973 cc \/ 303.47 in\u00b3<\/td>\n<\/tr>\n<tr>\n<td class=\"label\" align=\"left\" valign=\"bottom\" width=\"30%\">bore<\/td>\n<td class=\"value\" align=\"right\" valign=\"bottom\" width=\"70%\">96.5 mm \/ 3.8 in<\/td>\n<\/tr>\n<tr>\n<td class=\"label\" align=\"left\" valign=\"bottom\" width=\"30%\">stroke<\/td>\n<td class=\"value\" align=\"right\" valign=\"bottom\" width=\"70%\">85 mm \/ 3.3 in<\/td>\n<\/tr>\n<tr>\n<td class=\"label\" align=\"left\" valign=\"bottom\" width=\"30%\">compression<\/td>\n<td class=\"value\" align=\"right\" valign=\"bottom\" width=\"70%\">8.5:1<\/td>\n<\/tr>\n<tr>\n<td class=\"label\" align=\"left\" valign=\"bottom\" width=\"30%\">power<\/td>\n<td class=\"value\" align=\"right\" valign=\"bottom\" width=\"70%\">484.7 kw \/ 650 bhp @ 7000 rpm<\/td>\n<\/tr>\n<tr>\n<td class=\"label\" align=\"left\" valign=\"bottom\" width=\"30%\">specific output<\/td>\n<td class=\"value\" align=\"right\" valign=\"bottom\" width=\"70%\">130.71 bhp per litre<\/td>\n<\/tr>\n<tr>\n<td class=\"label\" align=\"left\" valign=\"bottom\" width=\"30%\">bhp\/weight<\/td>\n<td class=\"value\" align=\"right\" valign=\"bottom\" width=\"70%\">718.23 bhp per tonne<\/td>\n<\/tr>\n<tr>\n<td class=\"label\" align=\"left\" valign=\"bottom\" width=\"30%\">torque<\/td>\n<td class=\"value\" align=\"right\" valign=\"bottom\" width=\"70%\">810 nm \/ 597.4 ft lbs @ 3500 rpm<\/td>\n<\/tr>\n<tr>\n<td class=\"boldlabel\" align=\"left\" valign=\"bottom\" width=\"30%\">body \/ frame<\/td>\n<td class=\"boldvalue\" align=\"right\" valign=\"bottom\" width=\"70%\">Aluminum Tub Monocoque w\/Steel Rear Subframe<\/td>\n<\/tr>\n<tr>\n<td class=\"label\" align=\"left\" valign=\"bottom\" width=\"30%\">driven wheels<\/td>\n<td class=\"value\" align=\"right\" valign=\"bottom\" width=\"70%\">RWD<\/td>\n<\/tr>\n<tr>\n<td class=\"label\" align=\"left\" valign=\"bottom\" width=\"30%\">front brakes<\/td>\n<td class=\"value\" align=\"right\" valign=\"bottom\" width=\"70%\">Internally Ventilated Discs<\/td>\n<\/tr>\n<tr>\n<td class=\"label\" align=\"left\" valign=\"bottom\" width=\"30%\">rear brakes<\/td>\n<td class=\"value\" align=\"right\" valign=\"bottom\" width=\"70%\">Internally Ventilated Discs<\/td>\n<\/tr>\n<tr>\n<td class=\"label\" align=\"left\" valign=\"bottom\" width=\"30%\">f suspension<\/td>\n<td class=\"value\" align=\"right\" valign=\"bottom\" width=\"70%\">Double Wishbones<\/td>\n<\/tr>\n<tr>\n<td class=\"label\" align=\"left\" valign=\"bottom\" width=\"30%\">r suspension<\/td>\n<td class=\"value\" align=\"right\" valign=\"bottom\" width=\"70%\">Double Wishbones<\/td>\n<\/tr>\n<tr>\n<td class=\"label\" align=\"left\" valign=\"bottom\" width=\"30%\">curb weight<\/td>\n<td class=\"value\" align=\"right\" valign=\"bottom\" width=\"70%\">905 kg \/ 1996 lbs<\/td>\n<\/tr>\n<tr>\n<td class=\"label\" align=\"left\" valign=\"bottom\" width=\"30%\">wheelbase<\/td>\n<td class=\"value\" align=\"right\" valign=\"bottom\" width=\"70%\">2700 mm \/ 106.3 in<\/td>\n<\/tr>\n<tr>\n<td class=\"label\" align=\"left\" valign=\"bottom\" width=\"30%\">front track<\/td>\n<td class=\"value\" align=\"right\" valign=\"bottom\" width=\"70%\">1600 mm \/ 63.0 in<\/td>\n<\/tr>\n<tr>\n<td class=\"label\" align=\"left\" valign=\"bottom\" width=\"30%\">rear track<\/td>\n<td class=\"value\" align=\"right\" valign=\"bottom\" width=\"70%\">1550 mm \/ 61.0 in<\/td>\n<\/tr>\n<tr>\n<td class=\"label\" align=\"left\" valign=\"bottom\" width=\"30%\">length<\/td>\n<td class=\"value\" align=\"right\" valign=\"bottom\" width=\"70%\">4800 mm \/ 189.0 in<\/td>\n<\/tr>\n<tr>\n<td class=\"label\" align=\"left\" valign=\"bottom\" width=\"30%\">width<\/td>\n<td class=\"value\" align=\"right\" valign=\"bottom\" width=\"70%\">1980 mm \/ 78.0 in<\/td>\n<\/tr>\n<tr>\n<td class=\"label\" align=\"left\" valign=\"bottom\" width=\"30%\">height<\/td>\n<td class=\"value\" align=\"right\" valign=\"bottom\" width=\"70%\">1070 mm \/ 42.1 in<\/td>\n<\/tr>\n<tr>\n<td class=\"label\" align=\"left\" valign=\"bottom\" width=\"30%\">transmission<\/td>\n<td class=\"value\" align=\"right\" valign=\"bottom\" width=\"70%\">5-Speed Manual<\/td>\n<\/tr>\n<tr>\n<td class=\"boldlabel\" align=\"left\" valign=\"bottom\" width=\"30%\">top speed<\/td>\n<td class=\"boldvalue\" align=\"right\" valign=\"bottom\" width=\"70%\">~398 kph \/ 247.16 mph<\/td>\n<\/tr>\n<\/tbody>\n<\/table>\n<\/div>\n<\/div>\n<\/div>\n<p><span class=\"pw pw-widget ra1-pw-classicWidget ra1-pw_size_small pw-layout-horizontal pw-counter-horizontal pw-copypaste-true pw-widget-look-native\"><a class=\"pw-button pw-button-post-share button-type-post-share pw-size-small pw-button-counter-horizontal\"><span class=\"pw-button-counter\"><span class=\"pw-button-counter__count ra1-pw-button-counter-value\"><br \/>\n<\/span><\/span><\/a> <\/span><\/p>\n<h4>Auction Sales History<\/h4>\n<figure class='gallery-item'>\r\n            <div class='gallery-icon landscape'>\r\n                <a href='https:\/\/www.supercars.net\/blog\/wp-content\/uploads\/2016\/04\/7286181.jpg' class='tipi-lightbox'>\r\n\t\t\t\t<img decoding=\"async\" width=\"1024\" height=\"680\" src=\"https:\/\/www.supercars.net\/blog\/wp-content\/uploads\/2016\/04\/7286181.jpg\" class=\"attachment-full size-full\" alt=\"1987\u21921989 Sauber-Mercedes C9 Share 499\" srcset=\"https:\/\/www.supercars.net\/blog\/wp-content\/uploads\/2016\/04\/7286181.jpg 1024w, https:\/\/www.supercars.net\/blog\/wp-content\/uploads\/2016\/04\/7286181-300x199.jpg 300w, https:\/\/www.supercars.net\/blog\/wp-content\/uploads\/2016\/04\/7286181-100x66.jpg 100w, https:\/\/www.supercars.net\/blog\/wp-content\/uploads\/2016\/04\/7286181-770x511.jpg 770w, https:\/\/www.supercars.net\/blog\/wp-content\/uploads\/2016\/04\/7286181-360x240.jpg 360w, https:\/\/www.supercars.net\/blog\/wp-content\/uploads\/2016\/04\/7286181-370x247.jpg 370w, https:\/\/www.supercars.net\/blog\/wp-content\/uploads\/2016\/04\/7286181-293x195.jpg 293w\" sizes=\"(max-width: 1024px) 100vw, 1024px\" \/>\r\n\t\t\t\t<\/a>\r\n            <\/div><\/figure>\n<div class=\"copy-paste-block\">\n<p><b><a href=\"http:\/\/www.supercars.net\/Pics?viewCarPic=y&amp;source=carGal&amp;carID=5602&amp;pgID=1&amp;pID=728618\">1989 Sauber-Mercedes-Benz C9-05<\/a> &#8211; did not sell for \u20ac1,250,000<\/b><\/p>\n<div class=\"copy-paste-block\">\n<p>The car, chassis number five, took the 1989 World Sports Car Championship, and is the only model of the six likely to be offered for sale. Three of the other cars belong to the Mercedes Museum, one resides at Sauber and one at a private American collection.<\/p>\n<div id=\"example\">\n<p>The car also holds the record for the highest recorded speed during an officially timed race. It reached 253mph (407kph) with Jochen Mass at the wheel. It is currently ready to enter Group C historic motorsport events<\/p>\n<\/div>\n<\/div>\n<p><b>Auction Source: <\/b><a href=\"http:\/\/www.supercars.net\/gallery\/119513\/1706\/1.html\">2008 Retromobile<\/a><\/p>\n<\/div>\n<div class=\"copy-paste-block\"><\/div>\n<p><iframe class=\"zeen-lazy-load-base zeen-lazy-load\" src=\"about:blank\" data-lazy-src=\"https:\/\/www.youtube.com\/embed\/WGcFiJduuIU\" width=\"640\" height=\"510\" frameborder=\"0\" allowfullscreen=\"allowfullscreen\"><\/iframe><noscript><iframe src=\"https:\/\/www.youtube.com\/embed\/WGcFiJduuIU\" width=\"640\" height=\"510\" frameborder=\"0\" allowfullscreen=\"allowfullscreen\"><\/iframe><\/noscript><\/p>\n","protected":false},"excerpt":{"rendered":"<p>1987\u21921989 Sauber-Mercedes C9 After a 30 year hiatus from endurance racing due to the 1955 tragedy at Le Mans, Mercedes thought enough time had passed to win there again. Drivers Jochen Mass, Manuel Reuter and Stanley Dickens won the 1989 24 Hours of Le Mans outright in their Sauber-Mercedes C9. It was a good day for both Mercedes-Benz and Sauber. The winning number 63 car finished ahead of its sister car driven by Mauro Baldi, Kenny Acheson and Gianfranco Brancatelli. [&hellip;]<\/p>\n","protected":false},"author":2,"featured_media":248167,"comment_status":"open","ping_status":"closed","sticky":false,"template":"","format":"standard","meta":{"footnotes":""},"categories":[2188,73,9348,17100,20572],"tags":[2272,6834,75,6910,6735,6722,548,245,7338,20699,14540],"class_list":["post-248138","post","type-post","status-publish","format-standard","has-post-thumbnail","hentry","category-1980s","category-mercedes-benz","category-guides","category-model-guides-race-cars","category-sauber","tag-1980s","tag-1980s-cars","tag-mercedes-benz","tag-mercedes-model-in-depth","tag-mercedes-race-car-in-depth","tag-race-car-in-depth","tag-motorsport","tag-race-car","tag-sauber","tag-sauber-model-guides-all","tag-sauber-mercedes"],"yoast_head":"<!-- This site is optimized with the Yoast SEO plugin v27.4 - https:\/\/yoast.com\/product\/yoast-seo-wordpress\/ -->\n<title>1987 - 1989 Sauber-Mercedes C9<\/title>\n<meta name=\"robots\" content=\"index, follow, max-snippet:-1, max-image-preview:large, max-video-preview:-1\" \/>\n<link rel=\"canonical\" href=\"https:\/\/www.supercars.net\/blog\/1987\u21921989-sauber-mercedes-c9-share-499\/\" \/>\n<meta property=\"og:locale\" content=\"en_US\" \/>\n<meta property=\"og:type\" content=\"article\" \/>\n<meta property=\"og:title\" content=\"1987 - 1989 Sauber-Mercedes C9\" \/>\n<meta property=\"og:description\" content=\"1987\u21921989 Sauber-Mercedes C9 After a 30 year hiatus from endurance racing due to the 1955 tragedy at Le Mans, Mercedes thought enough time had passed to win there again. Drivers Jochen Mass, Manuel Reuter and Stanley Dickens won the 1989 24 Hours of Le Mans outright in their Sauber-Mercedes C9. It was a good day for both Mercedes-Benz and Sauber. The winning number 63 car finished ahead of its sister car driven by Mauro Baldi, Kenny Acheson and Gianfranco Brancatelli. [&hellip;]\" \/>\n<meta property=\"og:url\" content=\"https:\/\/www.supercars.net\/blog\/1987\u21921989-sauber-mercedes-c9-share-499\/\" \/>\n<meta property=\"og:site_name\" content=\"Supercars.net\" \/>\n<meta property=\"article:publisher\" content=\"https:\/\/www.facebook.com\/Supercars.net\/\" \/>\n<meta property=\"article:author\" content=\"https:\/\/www.facebook.com\/Supercars.net\/\" \/>\n<meta property=\"article:published_time\" content=\"2016-04-22T22:28:24+00:00\" \/>\n<meta property=\"article:modified_time\" content=\"2024-12-31T12:45:33+00:00\" \/>\n<meta property=\"og:image\" content=\"https:\/\/www.supercars.net\/blog\/wp-content\/uploads\/2016\/04\/1987_SauberMercedes_C91.jpg\" \/>\n\t<meta property=\"og:image:width\" content=\"1024\" \/>\n\t<meta property=\"og:image:height\" content=\"671\" \/>\n\t<meta property=\"og:image:type\" content=\"image\/jpeg\" \/>\n<meta name=\"author\" content=\"Editorial Team\" \/>\n<meta name=\"twitter:card\" content=\"summary_large_image\" \/>\n<meta name=\"twitter:creator\" content=\"@https:\/\/twitter.com\/supercars_net\" \/>\n<meta name=\"twitter:site\" content=\"@supercars_net\" \/>\n<meta name=\"twitter:label1\" content=\"Written by\" \/>\n\t<meta name=\"twitter:data1\" content=\"Editorial Team\" \/>\n\t<meta name=\"twitter:label2\" content=\"Est. reading time\" \/>\n\t<meta name=\"twitter:data2\" content=\"3 minutes\" \/>\n<script type=\"application\/ld+json\" class=\"yoast-schema-graph\">{\"@context\":\"https:\\\/\\\/schema.org\",\"@graph\":[{\"@type\":\"Article\",\"@id\":\"https:\\\/\\\/www.supercars.net\\\/blog\\\/1987%e2%86%921989-sauber-mercedes-c9-share-499\\\/#article\",\"isPartOf\":{\"@id\":\"https:\\\/\\\/www.supercars.net\\\/blog\\\/1987%e2%86%921989-sauber-mercedes-c9-share-499\\\/\"},\"author\":{\"name\":\"Editorial Team\",\"@id\":\"https:\\\/\\\/www.supercars.net\\\/blog\\\/#\\\/schema\\\/person\\\/08906293a84eafb03312b711c1507c7e\"},\"headline\":\"1987 &#8211; 1989 Sauber-Mercedes C9\",\"datePublished\":\"2016-04-22T22:28:24+00:00\",\"dateModified\":\"2024-12-31T12:45:33+00:00\",\"mainEntityOfPage\":{\"@id\":\"https:\\\/\\\/www.supercars.net\\\/blog\\\/1987%e2%86%921989-sauber-mercedes-c9-share-499\\\/\"},\"wordCount\":536,\"commentCount\":0,\"image\":{\"@id\":\"https:\\\/\\\/www.supercars.net\\\/blog\\\/1987%e2%86%921989-sauber-mercedes-c9-share-499\\\/#primaryimage\"},\"thumbnailUrl\":\"https:\\\/\\\/www.supercars.net\\\/blog\\\/wp-content\\\/uploads\\\/2016\\\/04\\\/1987_SauberMercedes_C91.jpg\",\"keywords\":[\"1980s All\",\"1980s Cars\",\"Mercedes-Benz\",\"Mercedes-Benz Model Guides (All)\",\"Mercedes-Benz Model Guides (Race Cars)\",\"Model Guides (Race Cars All)\",\"Motorsport &amp; Racing\",\"Race Cars\",\"Sauber\",\"Sauber Model Guides (All)\",\"Sauber-Mercedes\"],\"articleSection\":[\"1980s Cars\",\"Mercedes-Benz\",\"Model Guides (All)\",\"Model Guides (Race Cars)\",\"Sauber\"],\"inLanguage\":\"en-US\",\"potentialAction\":[{\"@type\":\"CommentAction\",\"name\":\"Comment\",\"target\":[\"https:\\\/\\\/www.supercars.net\\\/blog\\\/1987%e2%86%921989-sauber-mercedes-c9-share-499\\\/#respond\"]}]},{\"@type\":\"WebPage\",\"@id\":\"https:\\\/\\\/www.supercars.net\\\/blog\\\/1987%e2%86%921989-sauber-mercedes-c9-share-499\\\/\",\"url\":\"https:\\\/\\\/www.supercars.net\\\/blog\\\/1987%e2%86%921989-sauber-mercedes-c9-share-499\\\/\",\"name\":\"1987 - 1989 Sauber-Mercedes C9\",\"isPartOf\":{\"@id\":\"https:\\\/\\\/www.supercars.net\\\/blog\\\/#website\"},\"primaryImageOfPage\":{\"@id\":\"https:\\\/\\\/www.supercars.net\\\/blog\\\/1987%e2%86%921989-sauber-mercedes-c9-share-499\\\/#primaryimage\"},\"image\":{\"@id\":\"https:\\\/\\\/www.supercars.net\\\/blog\\\/1987%e2%86%921989-sauber-mercedes-c9-share-499\\\/#primaryimage\"},\"thumbnailUrl\":\"https:\\\/\\\/www.supercars.net\\\/blog\\\/wp-content\\\/uploads\\\/2016\\\/04\\\/1987_SauberMercedes_C91.jpg\",\"datePublished\":\"2016-04-22T22:28:24+00:00\",\"dateModified\":\"2024-12-31T12:45:33+00:00\",\"author\":{\"@id\":\"https:\\\/\\\/www.supercars.net\\\/blog\\\/#\\\/schema\\\/person\\\/08906293a84eafb03312b711c1507c7e\"},\"breadcrumb\":{\"@id\":\"https:\\\/\\\/www.supercars.net\\\/blog\\\/1987%e2%86%921989-sauber-mercedes-c9-share-499\\\/#breadcrumb\"},\"inLanguage\":\"en-US\",\"potentialAction\":[{\"@type\":\"ReadAction\",\"target\":[\"https:\\\/\\\/www.supercars.net\\\/blog\\\/1987%e2%86%921989-sauber-mercedes-c9-share-499\\\/\"]}]},{\"@type\":\"ImageObject\",\"inLanguage\":\"en-US\",\"@id\":\"https:\\\/\\\/www.supercars.net\\\/blog\\\/1987%e2%86%921989-sauber-mercedes-c9-share-499\\\/#primaryimage\",\"url\":\"https:\\\/\\\/www.supercars.net\\\/blog\\\/wp-content\\\/uploads\\\/2016\\\/04\\\/1987_SauberMercedes_C91.jpg\",\"contentUrl\":\"https:\\\/\\\/www.supercars.net\\\/blog\\\/wp-content\\\/uploads\\\/2016\\\/04\\\/1987_SauberMercedes_C91.jpg\",\"width\":1024,\"height\":671,\"caption\":\"24 Stunden von Le Mans, 10.\\\/11. Juni 1989. Sauber-Mercedes Gruppe-C-Rennsportwagen C 9. Startnummer 63 - Sieger: Jochen Mass \\\/ Manuel Reuter \\\/ Stanley Dickens.\"},{\"@type\":\"BreadcrumbList\",\"@id\":\"https:\\\/\\\/www.supercars.net\\\/blog\\\/1987%e2%86%921989-sauber-mercedes-c9-share-499\\\/#breadcrumb\",\"itemListElement\":[{\"@type\":\"ListItem\",\"position\":1,\"name\":\"Home\",\"item\":\"https:\\\/\\\/www.supercars.net\\\/blog\\\/\"},{\"@type\":\"ListItem\",\"position\":2,\"name\":\"1987 &#8211; 1989 Sauber-Mercedes C9\"}]},{\"@type\":\"WebSite\",\"@id\":\"https:\\\/\\\/www.supercars.net\\\/blog\\\/#website\",\"url\":\"https:\\\/\\\/www.supercars.net\\\/blog\\\/\",\"name\":\"Supercars.net\",\"description\":\"Exotic and Supercar news, information, pictures and videos\",\"potentialAction\":[{\"@type\":\"SearchAction\",\"target\":{\"@type\":\"EntryPoint\",\"urlTemplate\":\"https:\\\/\\\/www.supercars.net\\\/blog\\\/?s={search_term_string}\"},\"query-input\":{\"@type\":\"PropertyValueSpecification\",\"valueRequired\":true,\"valueName\":\"search_term_string\"}}],\"inLanguage\":\"en-US\"},{\"@type\":\"Person\",\"@id\":\"https:\\\/\\\/www.supercars.net\\\/blog\\\/#\\\/schema\\\/person\\\/08906293a84eafb03312b711c1507c7e\",\"name\":\"Editorial Team\",\"image\":{\"@type\":\"ImageObject\",\"inLanguage\":\"en-US\",\"@id\":\"https:\\\/\\\/www.supercars.net\\\/blog\\\/wp-content\\\/uploads\\\/2012\\\/01\\\/196-293x293.jpg\",\"url\":\"https:\\\/\\\/www.supercars.net\\\/blog\\\/wp-content\\\/uploads\\\/2012\\\/01\\\/196-293x293.jpg\",\"contentUrl\":\"https:\\\/\\\/www.supercars.net\\\/blog\\\/wp-content\\\/uploads\\\/2012\\\/01\\\/196-293x293.jpg\",\"caption\":\"Editorial Team\"},\"description\":\"Regular people by day, car obsessed nutcases by night. We are like kids in a candy store, except the candy is made of metal, goes vroom-vroom, and occasionally bankrupts us faster than a sugar rush at a candy store sale! We spend hours debating the merits of turbochargers versus superchargers, and our weekends are a never-ending quest for the perfect polish and wax combo. We can identify every make and model by the sound of a revving engine, and our idea of a romantic evening is a candlelit dinner with our cars in the garage.\",\"sameAs\":[\"http:\\\/\\\/www.supercars.net\",\"https:\\\/\\\/www.facebook.com\\\/Supercars.net\\\/\",\"https:\\\/\\\/instagram.com\\\/super.cars.fans\",\"https:\\\/\\\/x.com\\\/https:\\\/\\\/twitter.com\\\/supercars_net\"],\"url\":\"https:\\\/\\\/www.supercars.net\\\/blog\\\/author\\\/supercars\\\/\"}]}<\/script>\n<!-- \/ Yoast SEO plugin. -->","yoast_head_json":{"title":"1987 - 1989 Sauber-Mercedes C9","robots":{"index":"index","follow":"follow","max-snippet":"max-snippet:-1","max-image-preview":"max-image-preview:large","max-video-preview":"max-video-preview:-1"},"canonical":"https:\/\/www.supercars.net\/blog\/1987\u21921989-sauber-mercedes-c9-share-499\/","og_locale":"en_US","og_type":"article","og_title":"1987 - 1989 Sauber-Mercedes C9","og_description":"1987\u21921989 Sauber-Mercedes C9 After a 30 year hiatus from endurance racing due to the 1955 tragedy at Le Mans, Mercedes thought enough time had passed to win there again. Drivers Jochen Mass, Manuel Reuter and Stanley Dickens won the 1989 24 Hours of Le Mans outright in their Sauber-Mercedes C9. It was a good day for both Mercedes-Benz and Sauber. The winning number 63 car finished ahead of its sister car driven by Mauro Baldi, Kenny Acheson and Gianfranco Brancatelli. [&hellip;]","og_url":"https:\/\/www.supercars.net\/blog\/1987\u21921989-sauber-mercedes-c9-share-499\/","og_site_name":"Supercars.net","article_publisher":"https:\/\/www.facebook.com\/Supercars.net\/","article_author":"https:\/\/www.facebook.com\/Supercars.net\/","article_published_time":"2016-04-22T22:28:24+00:00","article_modified_time":"2024-12-31T12:45:33+00:00","og_image":[{"width":1024,"height":671,"url":"https:\/\/www.supercars.net\/blog\/wp-content\/uploads\/2016\/04\/1987_SauberMercedes_C91.jpg","type":"image\/jpeg"}],"author":"Editorial Team","twitter_card":"summary_large_image","twitter_creator":"@https:\/\/twitter.com\/supercars_net","twitter_site":"@supercars_net","twitter_misc":{"Written by":"Editorial Team","Est. reading time":"3 minutes"},"schema":{"@context":"https:\/\/schema.org","@graph":[{"@type":"Article","@id":"https:\/\/www.supercars.net\/blog\/1987%e2%86%921989-sauber-mercedes-c9-share-499\/#article","isPartOf":{"@id":"https:\/\/www.supercars.net\/blog\/1987%e2%86%921989-sauber-mercedes-c9-share-499\/"},"author":{"name":"Editorial Team","@id":"https:\/\/www.supercars.net\/blog\/#\/schema\/person\/08906293a84eafb03312b711c1507c7e"},"headline":"1987 &#8211; 1989 Sauber-Mercedes C9","datePublished":"2016-04-22T22:28:24+00:00","dateModified":"2024-12-31T12:45:33+00:00","mainEntityOfPage":{"@id":"https:\/\/www.supercars.net\/blog\/1987%e2%86%921989-sauber-mercedes-c9-share-499\/"},"wordCount":536,"commentCount":0,"image":{"@id":"https:\/\/www.supercars.net\/blog\/1987%e2%86%921989-sauber-mercedes-c9-share-499\/#primaryimage"},"thumbnailUrl":"https:\/\/www.supercars.net\/blog\/wp-content\/uploads\/2016\/04\/1987_SauberMercedes_C91.jpg","keywords":["1980s All","1980s Cars","Mercedes-Benz","Mercedes-Benz Model Guides (All)","Mercedes-Benz Model Guides (Race Cars)","Model Guides (Race Cars All)","Motorsport &amp; Racing","Race Cars","Sauber","Sauber Model Guides (All)","Sauber-Mercedes"],"articleSection":["1980s Cars","Mercedes-Benz","Model Guides (All)","Model Guides (Race Cars)","Sauber"],"inLanguage":"en-US","potentialAction":[{"@type":"CommentAction","name":"Comment","target":["https:\/\/www.supercars.net\/blog\/1987%e2%86%921989-sauber-mercedes-c9-share-499\/#respond"]}]},{"@type":"WebPage","@id":"https:\/\/www.supercars.net\/blog\/1987%e2%86%921989-sauber-mercedes-c9-share-499\/","url":"https:\/\/www.supercars.net\/blog\/1987%e2%86%921989-sauber-mercedes-c9-share-499\/","name":"1987 - 1989 Sauber-Mercedes C9","isPartOf":{"@id":"https:\/\/www.supercars.net\/blog\/#website"},"primaryImageOfPage":{"@id":"https:\/\/www.supercars.net\/blog\/1987%e2%86%921989-sauber-mercedes-c9-share-499\/#primaryimage"},"image":{"@id":"https:\/\/www.supercars.net\/blog\/1987%e2%86%921989-sauber-mercedes-c9-share-499\/#primaryimage"},"thumbnailUrl":"https:\/\/www.supercars.net\/blog\/wp-content\/uploads\/2016\/04\/1987_SauberMercedes_C91.jpg","datePublished":"2016-04-22T22:28:24+00:00","dateModified":"2024-12-31T12:45:33+00:00","author":{"@id":"https:\/\/www.supercars.net\/blog\/#\/schema\/person\/08906293a84eafb03312b711c1507c7e"},"breadcrumb":{"@id":"https:\/\/www.supercars.net\/blog\/1987%e2%86%921989-sauber-mercedes-c9-share-499\/#breadcrumb"},"inLanguage":"en-US","potentialAction":[{"@type":"ReadAction","target":["https:\/\/www.supercars.net\/blog\/1987%e2%86%921989-sauber-mercedes-c9-share-499\/"]}]},{"@type":"ImageObject","inLanguage":"en-US","@id":"https:\/\/www.supercars.net\/blog\/1987%e2%86%921989-sauber-mercedes-c9-share-499\/#primaryimage","url":"https:\/\/www.supercars.net\/blog\/wp-content\/uploads\/2016\/04\/1987_SauberMercedes_C91.jpg","contentUrl":"https:\/\/www.supercars.net\/blog\/wp-content\/uploads\/2016\/04\/1987_SauberMercedes_C91.jpg","width":1024,"height":671,"caption":"24 Stunden von Le Mans, 10.\/11. Juni 1989. Sauber-Mercedes Gruppe-C-Rennsportwagen C 9. Startnummer 63 - Sieger: Jochen Mass \/ Manuel Reuter \/ Stanley Dickens."},{"@type":"BreadcrumbList","@id":"https:\/\/www.supercars.net\/blog\/1987%e2%86%921989-sauber-mercedes-c9-share-499\/#breadcrumb","itemListElement":[{"@type":"ListItem","position":1,"name":"Home","item":"https:\/\/www.supercars.net\/blog\/"},{"@type":"ListItem","position":2,"name":"1987 &#8211; 1989 Sauber-Mercedes C9"}]},{"@type":"WebSite","@id":"https:\/\/www.supercars.net\/blog\/#website","url":"https:\/\/www.supercars.net\/blog\/","name":"Supercars.net","description":"Exotic and Supercar news, information, pictures and videos","potentialAction":[{"@type":"SearchAction","target":{"@type":"EntryPoint","urlTemplate":"https:\/\/www.supercars.net\/blog\/?s={search_term_string}"},"query-input":{"@type":"PropertyValueSpecification","valueRequired":true,"valueName":"search_term_string"}}],"inLanguage":"en-US"},{"@type":"Person","@id":"https:\/\/www.supercars.net\/blog\/#\/schema\/person\/08906293a84eafb03312b711c1507c7e","name":"Editorial Team","image":{"@type":"ImageObject","inLanguage":"en-US","@id":"https:\/\/www.supercars.net\/blog\/wp-content\/uploads\/2012\/01\/196-293x293.jpg","url":"https:\/\/www.supercars.net\/blog\/wp-content\/uploads\/2012\/01\/196-293x293.jpg","contentUrl":"https:\/\/www.supercars.net\/blog\/wp-content\/uploads\/2012\/01\/196-293x293.jpg","caption":"Editorial Team"},"description":"Regular people by day, car obsessed nutcases by night. We are like kids in a candy store, except the candy is made of metal, goes vroom-vroom, and occasionally bankrupts us faster than a sugar rush at a candy store sale! We spend hours debating the merits of turbochargers versus superchargers, and our weekends are a never-ending quest for the perfect polish and wax combo. We can identify every make and model by the sound of a revving engine, and our idea of a romantic evening is a candlelit dinner with our cars in the garage.","sameAs":["http:\/\/www.supercars.net","https:\/\/www.facebook.com\/Supercars.net\/","https:\/\/instagram.com\/super.cars.fans","https:\/\/x.com\/https:\/\/twitter.com\/supercars_net"],"url":"https:\/\/www.supercars.net\/blog\/author\/supercars\/"}]}},"_links":{"self":[{"href":"https:\/\/www.supercars.net\/blog\/wp-json\/wp\/v2\/posts\/248138","targetHints":{"allow":["GET"]}}],"collection":[{"href":"https:\/\/www.supercars.net\/blog\/wp-json\/wp\/v2\/posts"}],"about":[{"href":"https:\/\/www.supercars.net\/blog\/wp-json\/wp\/v2\/types\/post"}],"author":[{"embeddable":true,"href":"https:\/\/www.supercars.net\/blog\/wp-json\/wp\/v2\/users\/2"}],"replies":[{"embeddable":true,"href":"https:\/\/www.supercars.net\/blog\/wp-json\/wp\/v2\/comments?post=248138"}],"version-history":[{"count":0,"href":"https:\/\/www.supercars.net\/blog\/wp-json\/wp\/v2\/posts\/248138\/revisions"}],"wp:featuredmedia":[{"embeddable":true,"href":"https:\/\/www.supercars.net\/blog\/wp-json\/wp\/v2\/media\/248167"}],"wp:attachment":[{"href":"https:\/\/www.supercars.net\/blog\/wp-json\/wp\/v2\/media?parent=248138"}],"wp:term":[{"taxonomy":"category","embeddable":true,"href":"https:\/\/www.supercars.net\/blog\/wp-json\/wp\/v2\/categories?post=248138"},{"taxonomy":"post_tag","embeddable":true,"href":"https:\/\/www.supercars.net\/blog\/wp-json\/wp\/v2\/tags?post=248138"}],"curies":[{"name":"wp","href":"https:\/\/api.w.org\/{rel}","templated":true}]}}