{"id":2630,"date":"2015-12-22T15:22:35","date_gmt":"2015-12-22T15:22:35","guid":{"rendered":"http:\/\/blog.supercars.net\/blog\/?p=2630"},"modified":"2024-04-20T15:42:20","modified_gmt":"2024-04-20T15:42:20","slug":"2013-vorsteiner-mp4-vx","status":"publish","type":"post","link":"https:\/\/www.supercars.net\/blog\/2013-vorsteiner-mp4-vx\/","title":{"rendered":"2013 V\u00f6rsteiner MP4-VX"},"content":{"rendered":"<h1>2013 V\u00f6rsteiner MP4-VX<\/h1>\n<p><span id=\"intelliTXT\">In August of 2013, V\u00f6rsteiner International debuted their bodykit for the McLaren MP4-12 known as the MP4-VX. It consists of a front bumper, side sill extension plates and a rear bumper that can be fitted to both the coupe and spyder.<\/span><\/p>\n<p>All the pieces are made from carbon fiber which V\u00f6rsteiner describes as &#8220;<i>2&#215;2 Carbon Fiber Pre-Preg w. 4 Stage UV Inhibiting Clear Lacquer Coating<\/i>&#8221;<\/p>\n<h4>V\u00f6rsteiner describes the pieces:<\/h4>\n<p>Enhancing the aerodynamics of the front end, we have the front bumper with integrated spoiler. These pieces are created to keep functionality without the compromise quality, aesthetics, or performance. The styling of these components takes the MP4-12C a step away from sports car and a step closer to race car. Availble options are Carbon Fiber Aero Front Spoiler Replacement and PDC Sensor Opening.<\/p>\n<p>Remaining true to the Mclaren F1 race heritage, the addition of the rear bumper with the newly designed diffuser was engineered carefully to stabilize the additional down force provided by the front and side elements. Vorsteiner&#8217;s Autoclaved Pre-Preg Carbon Fiber structure gives our parts superior stiffness, aerospace strength &amp; durability compared to traditional hand laid carbon fiber composites. Availble option are PDC Sensor Opening, European License Plate Bracket Holder and Rear Diffuser with Dual Tunnels Replacement.<\/p>\n<figure class='gallery-item'>\r\n            <div class='gallery-icon landscape'>\r\n                <a href='https:\/\/www.supercars.net\/blog\/wp-content\/uploads\/2015\/12\/2013_Vrsteiner_MP4VX-2-1024.jpg' class='tipi-lightbox'>\r\n\t\t\t\t<img decoding=\"async\" width=\"1024\" height=\"640\" src=\"https:\/\/www.supercars.net\/blog\/wp-content\/uploads\/2015\/12\/2013_Vrsteiner_MP4VX-2-1024.jpg\" class=\"attachment-full size-full\" alt=\"2013 V\u00f6rsteiner MP4-VX\" srcset=\"https:\/\/www.supercars.net\/blog\/wp-content\/uploads\/2015\/12\/2013_Vrsteiner_MP4VX-2-1024.jpg 1024w, https:\/\/www.supercars.net\/blog\/wp-content\/uploads\/2015\/12\/2013_Vrsteiner_MP4VX-2-1024-300x188.jpg 300w, https:\/\/www.supercars.net\/blog\/wp-content\/uploads\/2015\/12\/2013_Vrsteiner_MP4VX-2-1024-100x63.jpg 100w, https:\/\/www.supercars.net\/blog\/wp-content\/uploads\/2015\/12\/2013_Vrsteiner_MP4VX-2-1024-770x481.jpg 770w, https:\/\/www.supercars.net\/blog\/wp-content\/uploads\/2015\/12\/2013_Vrsteiner_MP4VX-2-1024-293x183.jpg 293w\" sizes=\"(max-width: 1024px) 100vw, 1024px\" \/>\r\n\t\t\t\t<\/a>\r\n            <\/div><\/figure><figure class='gallery-item'>\r\n            <div class='gallery-icon landscape'>\r\n                <a href='https:\/\/www.supercars.net\/blog\/wp-content\/uploads\/2015\/12\/2013_Vrsteiner_MP4VX-6-1024.jpg' class='tipi-lightbox'>\r\n\t\t\t\t<img decoding=\"async\" width=\"1024\" height=\"640\" src=\"https:\/\/www.supercars.net\/blog\/wp-content\/uploads\/2015\/12\/2013_Vrsteiner_MP4VX-6-1024.jpg\" class=\"attachment-full size-full\" alt=\"2013 V\u00f6rsteiner MP4-VX\" srcset=\"https:\/\/www.supercars.net\/blog\/wp-content\/uploads\/2015\/12\/2013_Vrsteiner_MP4VX-6-1024.jpg 1024w, https:\/\/www.supercars.net\/blog\/wp-content\/uploads\/2015\/12\/2013_Vrsteiner_MP4VX-6-1024-300x188.jpg 300w, https:\/\/www.supercars.net\/blog\/wp-content\/uploads\/2015\/12\/2013_Vrsteiner_MP4VX-6-1024-100x63.jpg 100w, https:\/\/www.supercars.net\/blog\/wp-content\/uploads\/2015\/12\/2013_Vrsteiner_MP4VX-6-1024-770x481.jpg 770w, https:\/\/www.supercars.net\/blog\/wp-content\/uploads\/2015\/12\/2013_Vrsteiner_MP4VX-6-1024-293x183.jpg 293w\" sizes=\"(max-width: 1024px) 100vw, 1024px\" \/>\r\n\t\t\t\t<\/a>\r\n            <\/div><\/figure><figure class='gallery-item'>\r\n            <div class='gallery-icon landscape'>\r\n                <a href='https:\/\/www.supercars.net\/blog\/wp-content\/uploads\/2015\/12\/2013_Vrsteiner_MP4VX-3-1024.jpg' class='tipi-lightbox'>\r\n\t\t\t\t<img decoding=\"async\" width=\"1024\" height=\"640\" src=\"https:\/\/www.supercars.net\/blog\/wp-content\/uploads\/2015\/12\/2013_Vrsteiner_MP4VX-3-1024.jpg\" class=\"attachment-full size-full\" alt=\"2013 V\u00f6rsteiner MP4-VX\" srcset=\"https:\/\/www.supercars.net\/blog\/wp-content\/uploads\/2015\/12\/2013_Vrsteiner_MP4VX-3-1024.jpg 1024w, https:\/\/www.supercars.net\/blog\/wp-content\/uploads\/2015\/12\/2013_Vrsteiner_MP4VX-3-1024-300x188.jpg 300w, https:\/\/www.supercars.net\/blog\/wp-content\/uploads\/2015\/12\/2013_Vrsteiner_MP4VX-3-1024-100x63.jpg 100w, https:\/\/www.supercars.net\/blog\/wp-content\/uploads\/2015\/12\/2013_Vrsteiner_MP4VX-3-1024-770x481.jpg 770w, https:\/\/www.supercars.net\/blog\/wp-content\/uploads\/2015\/12\/2013_Vrsteiner_MP4VX-3-1024-293x183.jpg 293w\" sizes=\"(max-width: 1024px) 100vw, 1024px\" \/>\r\n\t\t\t\t<\/a>\r\n            <\/div><\/figure><figure class='gallery-item'>\r\n            <div class='gallery-icon landscape'>\r\n                <a href='https:\/\/www.supercars.net\/blog\/wp-content\/uploads\/2015\/12\/2013_Vrsteiner_MP4VX-4-1024.jpg' class='tipi-lightbox'>\r\n\t\t\t\t<img decoding=\"async\" width=\"1024\" height=\"640\" src=\"https:\/\/www.supercars.net\/blog\/wp-content\/uploads\/2015\/12\/2013_Vrsteiner_MP4VX-4-1024.jpg\" class=\"attachment-full size-full\" alt=\"2013 V\u00f6rsteiner MP4-VX\" srcset=\"https:\/\/www.supercars.net\/blog\/wp-content\/uploads\/2015\/12\/2013_Vrsteiner_MP4VX-4-1024.jpg 1024w, https:\/\/www.supercars.net\/blog\/wp-content\/uploads\/2015\/12\/2013_Vrsteiner_MP4VX-4-1024-300x188.jpg 300w, https:\/\/www.supercars.net\/blog\/wp-content\/uploads\/2015\/12\/2013_Vrsteiner_MP4VX-4-1024-100x63.jpg 100w, https:\/\/www.supercars.net\/blog\/wp-content\/uploads\/2015\/12\/2013_Vrsteiner_MP4VX-4-1024-770x481.jpg 770w, https:\/\/www.supercars.net\/blog\/wp-content\/uploads\/2015\/12\/2013_Vrsteiner_MP4VX-4-1024-293x183.jpg 293w\" sizes=\"(max-width: 1024px) 100vw, 1024px\" \/>\r\n\t\t\t\t<\/a>\r\n            <\/div><\/figure><figure class='gallery-item'>\r\n            <div class='gallery-icon landscape'>\r\n                <a href='https:\/\/www.supercars.net\/blog\/wp-content\/uploads\/2015\/12\/2013_Vrsteiner_MP4VX-0-1024.jpg' class='tipi-lightbox'>\r\n\t\t\t\t<img decoding=\"async\" width=\"1024\" height=\"640\" src=\"https:\/\/www.supercars.net\/blog\/wp-content\/uploads\/2015\/12\/2013_Vrsteiner_MP4VX-0-1024.jpg\" class=\"attachment-full size-full\" alt=\"2013 V\u00f6rsteiner MP4-VX\" srcset=\"https:\/\/www.supercars.net\/blog\/wp-content\/uploads\/2015\/12\/2013_Vrsteiner_MP4VX-0-1024.jpg 1024w, https:\/\/www.supercars.net\/blog\/wp-content\/uploads\/2015\/12\/2013_Vrsteiner_MP4VX-0-1024-300x188.jpg 300w, https:\/\/www.supercars.net\/blog\/wp-content\/uploads\/2015\/12\/2013_Vrsteiner_MP4VX-0-1024-100x63.jpg 100w, https:\/\/www.supercars.net\/blog\/wp-content\/uploads\/2015\/12\/2013_Vrsteiner_MP4VX-0-1024-770x481.jpg 770w, https:\/\/www.supercars.net\/blog\/wp-content\/uploads\/2015\/12\/2013_Vrsteiner_MP4VX-0-1024-293x183.jpg 293w\" sizes=\"(max-width: 1024px) 100vw, 1024px\" \/>\r\n\t\t\t\t<\/a>\r\n            <\/div><\/figure><figure class='gallery-item'>\r\n            <div class='gallery-icon landscape'>\r\n                <a href='https:\/\/www.supercars.net\/blog\/wp-content\/uploads\/2015\/12\/2013_Vrsteiner_MP4VX-7-1024.jpg' class='tipi-lightbox'>\r\n\t\t\t\t<img decoding=\"async\" width=\"1024\" height=\"640\" src=\"https:\/\/www.supercars.net\/blog\/wp-content\/uploads\/2015\/12\/2013_Vrsteiner_MP4VX-7-1024.jpg\" class=\"attachment-full size-full\" alt=\"2013 V\u00f6rsteiner MP4-VX\" srcset=\"https:\/\/www.supercars.net\/blog\/wp-content\/uploads\/2015\/12\/2013_Vrsteiner_MP4VX-7-1024.jpg 1024w, https:\/\/www.supercars.net\/blog\/wp-content\/uploads\/2015\/12\/2013_Vrsteiner_MP4VX-7-1024-300x188.jpg 300w, https:\/\/www.supercars.net\/blog\/wp-content\/uploads\/2015\/12\/2013_Vrsteiner_MP4VX-7-1024-100x63.jpg 100w, https:\/\/www.supercars.net\/blog\/wp-content\/uploads\/2015\/12\/2013_Vrsteiner_MP4VX-7-1024-770x481.jpg 770w, https:\/\/www.supercars.net\/blog\/wp-content\/uploads\/2015\/12\/2013_Vrsteiner_MP4VX-7-1024-293x183.jpg 293w\" sizes=\"(max-width: 1024px) 100vw, 1024px\" \/>\r\n\t\t\t\t<\/a>\r\n            <\/div><\/figure><figure class='gallery-item'>\r\n            <div class='gallery-icon landscape'>\r\n                <a href='https:\/\/www.supercars.net\/blog\/wp-content\/uploads\/2015\/12\/2013_Vrsteiner_MP4VX-8-1024.jpg' class='tipi-lightbox'>\r\n\t\t\t\t<img decoding=\"async\" width=\"1024\" height=\"640\" src=\"https:\/\/www.supercars.net\/blog\/wp-content\/uploads\/2015\/12\/2013_Vrsteiner_MP4VX-8-1024.jpg\" class=\"attachment-full size-full\" alt=\"2013 V\u00f6rsteiner MP4-VX\" srcset=\"https:\/\/www.supercars.net\/blog\/wp-content\/uploads\/2015\/12\/2013_Vrsteiner_MP4VX-8-1024.jpg 1024w, https:\/\/www.supercars.net\/blog\/wp-content\/uploads\/2015\/12\/2013_Vrsteiner_MP4VX-8-1024-300x188.jpg 300w, https:\/\/www.supercars.net\/blog\/wp-content\/uploads\/2015\/12\/2013_Vrsteiner_MP4VX-8-1024-100x63.jpg 100w, https:\/\/www.supercars.net\/blog\/wp-content\/uploads\/2015\/12\/2013_Vrsteiner_MP4VX-8-1024-770x481.jpg 770w, https:\/\/www.supercars.net\/blog\/wp-content\/uploads\/2015\/12\/2013_Vrsteiner_MP4VX-8-1024-293x183.jpg 293w\" sizes=\"(max-width: 1024px) 100vw, 1024px\" \/>\r\n\t\t\t\t<\/a>\r\n            <\/div><\/figure><figure class='gallery-item'>\r\n            <div class='gallery-icon landscape'>\r\n                <a href='https:\/\/www.supercars.net\/blog\/wp-content\/uploads\/2015\/12\/2013_Vrsteiner_MP4VX-5-1024.jpg' class='tipi-lightbox'>\r\n\t\t\t\t<img decoding=\"async\" width=\"1024\" height=\"640\" src=\"https:\/\/www.supercars.net\/blog\/wp-content\/uploads\/2015\/12\/2013_Vrsteiner_MP4VX-5-1024.jpg\" class=\"attachment-full size-full\" alt=\"2013 V\u00f6rsteiner MP4-VX\" srcset=\"https:\/\/www.supercars.net\/blog\/wp-content\/uploads\/2015\/12\/2013_Vrsteiner_MP4VX-5-1024.jpg 1024w, https:\/\/www.supercars.net\/blog\/wp-content\/uploads\/2015\/12\/2013_Vrsteiner_MP4VX-5-1024-300x188.jpg 300w, https:\/\/www.supercars.net\/blog\/wp-content\/uploads\/2015\/12\/2013_Vrsteiner_MP4VX-5-1024-100x63.jpg 100w, https:\/\/www.supercars.net\/blog\/wp-content\/uploads\/2015\/12\/2013_Vrsteiner_MP4VX-5-1024-770x481.jpg 770w, https:\/\/www.supercars.net\/blog\/wp-content\/uploads\/2015\/12\/2013_Vrsteiner_MP4VX-5-1024-293x183.jpg 293w\" sizes=\"(max-width: 1024px) 100vw, 1024px\" \/>\r\n\t\t\t\t<\/a>\r\n            <\/div><\/figure><figure class='gallery-item'>\r\n            <div class='gallery-icon landscape'>\r\n                <a href='https:\/\/www.supercars.net\/blog\/wp-content\/uploads\/2015\/12\/2013_Vrsteiner_MP4VX-1-1024.jpg' class='tipi-lightbox'>\r\n\t\t\t\t<img decoding=\"async\" width=\"1024\" height=\"640\" src=\"https:\/\/www.supercars.net\/blog\/wp-content\/uploads\/2015\/12\/2013_Vrsteiner_MP4VX-1-1024.jpg\" class=\"attachment-full size-full\" alt=\"2013 V\u00f6rsteiner MP4-VX\" srcset=\"https:\/\/www.supercars.net\/blog\/wp-content\/uploads\/2015\/12\/2013_Vrsteiner_MP4VX-1-1024.jpg 1024w, https:\/\/www.supercars.net\/blog\/wp-content\/uploads\/2015\/12\/2013_Vrsteiner_MP4VX-1-1024-300x188.jpg 300w, https:\/\/www.supercars.net\/blog\/wp-content\/uploads\/2015\/12\/2013_Vrsteiner_MP4VX-1-1024-100x63.jpg 100w, https:\/\/www.supercars.net\/blog\/wp-content\/uploads\/2015\/12\/2013_Vrsteiner_MP4VX-1-1024-770x481.jpg 770w, https:\/\/www.supercars.net\/blog\/wp-content\/uploads\/2015\/12\/2013_Vrsteiner_MP4VX-1-1024-293x183.jpg 293w\" sizes=\"(max-width: 1024px) 100vw, 1024px\" \/>\r\n\t\t\t\t<\/a>\r\n            <\/div><\/figure>\n<h3>In Detail<\/h3>\n<table class=\"cardetails\" border=\"0\" cellspacing=\"0\" cellpadding=\"0\">\n<tbody>\n<tr>\n<td class=\"label\" align=\"left\" valign=\"bottom\" width=\"30%\">type<\/td>\n<td class=\"value\" align=\"right\" valign=\"bottom\" width=\"70%\">Professionally Tuned Car<\/td>\n<\/tr>\n<tr>\n<td class=\"label\" align=\"left\" valign=\"bottom\" width=\"30%\">built at<\/td>\n<td class=\"value\" align=\"right\" valign=\"bottom\" width=\"70%\">Woking, England<\/td>\n<\/tr>\n<tr>\n<td class=\"boldlabel\" align=\"left\" valign=\"bottom\" width=\"30%\">engine<\/td>\n<td class=\"boldvalue\" align=\"right\" valign=\"bottom\" width=\"70%\">90\u00ba M838T V8 w\/Dry Sump Lubrication<\/td>\n<\/tr>\n<tr>\n<td class=\"label\" align=\"left\" valign=\"bottom\" width=\"30%\">position<\/td>\n<td class=\"value\" align=\"right\" valign=\"bottom\" width=\"70%\">Mid, Longitudinal<\/td>\n<\/tr>\n<tr>\n<td class=\"label\" align=\"left\" valign=\"bottom\" width=\"30%\">aspiration<\/td>\n<td class=\"value\" align=\"right\" valign=\"bottom\" width=\"70%\">Twin Turbo<\/td>\n<\/tr>\n<tr>\n<td class=\"label\" align=\"left\" valign=\"bottom\" width=\"30%\">block material<\/td>\n<td class=\"value\" align=\"right\" valign=\"bottom\" width=\"70%\">Aluminum<\/td>\n<\/tr>\n<tr>\n<td class=\"label\" align=\"left\" valign=\"bottom\" width=\"30%\">valvetrain<\/td>\n<td class=\"value\" align=\"right\" valign=\"bottom\" width=\"70%\">DOHC, 4 Valves per Cyl w\/dual VVT<\/td>\n<\/tr>\n<tr>\n<td class=\"label\" align=\"left\" valign=\"bottom\" width=\"30%\">displacement<\/td>\n<td class=\"value\" align=\"right\" valign=\"bottom\" width=\"70%\">3799 cc \/ 231.83 in\u00b3<\/td>\n<\/tr>\n<tr>\n<td class=\"label\" align=\"left\" valign=\"bottom\" width=\"30%\">bore<\/td>\n<td class=\"value\" align=\"right\" valign=\"bottom\" width=\"70%\">93 mm \/ 3.7 in<\/td>\n<\/tr>\n<tr>\n<td class=\"label\" align=\"left\" valign=\"bottom\" width=\"30%\">stroke<\/td>\n<td class=\"value\" align=\"right\" valign=\"bottom\" width=\"70%\">69.9 mm \/ 2.8 in<\/td>\n<\/tr>\n<tr>\n<td class=\"label\" align=\"left\" valign=\"bottom\" width=\"30%\">compression<\/td>\n<td class=\"value\" align=\"right\" valign=\"bottom\" width=\"70%\">8.7:1<\/td>\n<\/tr>\n<tr>\n<td class=\"label\" align=\"left\" valign=\"bottom\" width=\"30%\">power<\/td>\n<td class=\"value\" align=\"right\" valign=\"bottom\" width=\"70%\">447.4 kw \/ 600 bhp @ 7000 rpm<\/td>\n<\/tr>\n<tr>\n<td class=\"label\" align=\"left\" valign=\"bottom\" width=\"30%\">specific output<\/td>\n<td class=\"value\" align=\"right\" valign=\"bottom\" width=\"70%\">157.94 bhp per litre<\/td>\n<\/tr>\n<tr>\n<td class=\"label\" align=\"left\" valign=\"bottom\" width=\"30%\">bhp\/weight<\/td>\n<td class=\"value\" align=\"right\" valign=\"bottom\" width=\"70%\">418.41 bhp per tonne<\/td>\n<\/tr>\n<tr>\n<td class=\"label\" align=\"left\" valign=\"bottom\" width=\"30%\">torque<\/td>\n<td class=\"value\" align=\"right\" valign=\"bottom\" width=\"70%\">600 nm \/ 442.5 ft lbs @ 3000 rpm<\/td>\n<\/tr>\n<tr>\n<td class=\"label\" align=\"left\" valign=\"bottom\" width=\"30%\">redline<\/td>\n<td class=\"value\" align=\"right\" valign=\"bottom\" width=\"70%\">8500<\/td>\n<\/tr>\n<tr>\n<td class=\"boldlabel\" align=\"left\" valign=\"bottom\" width=\"30%\">body \/ frame<\/td>\n<td class=\"boldvalue\" align=\"right\" valign=\"bottom\" width=\"70%\">Carbon Fiber Monocoque &#8216;MonoCell&#8217; w\/Aluminum Front &amp; Rear Subframes<\/td>\n<\/tr>\n<tr>\n<td class=\"label\" align=\"left\" valign=\"bottom\" width=\"30%\">driven wheels<\/td>\n<td class=\"value\" align=\"right\" valign=\"bottom\" width=\"70%\">RWD<\/td>\n<\/tr>\n<tr>\n<td class=\"label\" align=\"left\" valign=\"bottom\" width=\"30%\">wheel type<\/td>\n<td class=\"value\" align=\"right\" valign=\"bottom\" width=\"70%\">Forged Aluminum<\/td>\n<\/tr>\n<tr>\n<td class=\"label\" align=\"left\" valign=\"bottom\" width=\"30%\">front tires<\/td>\n<td class=\"value\" align=\"right\" valign=\"bottom\" width=\"70%\">235\/35 R19 Pirelli PZero<\/td>\n<\/tr>\n<tr>\n<td class=\"label\" align=\"left\" valign=\"bottom\" width=\"30%\">rear tires<\/td>\n<td class=\"value\" align=\"right\" valign=\"bottom\" width=\"70%\">305\/30 R20 Pirelli PZero<\/td>\n<\/tr>\n<tr>\n<td class=\"label\" align=\"left\" valign=\"bottom\" width=\"30%\">front brakes<\/td>\n<td class=\"value\" align=\"right\" valign=\"bottom\" width=\"70%\">Cast Iron Discs<\/td>\n<\/tr>\n<tr>\n<td class=\"label\" align=\"left\" valign=\"bottom\" width=\"30%\">rear brakes<\/td>\n<td class=\"value\" align=\"right\" valign=\"bottom\" width=\"70%\">Cast Iron Discs<\/td>\n<\/tr>\n<tr>\n<td class=\"label\" align=\"left\" valign=\"bottom\" width=\"30%\">front wheels<\/td>\n<td class=\"value\" align=\"right\" valign=\"bottom\" width=\"70%\">F 48.3 x 21.6 cm \/ 19 x 8.5 in<\/td>\n<\/tr>\n<tr>\n<td class=\"label\" align=\"left\" valign=\"bottom\" width=\"30%\">rear wheels<\/td>\n<td class=\"value\" align=\"right\" valign=\"bottom\" width=\"70%\">R 50.8 x 27.9 cm \/ 20 x 11 in<\/td>\n<\/tr>\n<tr>\n<td class=\"label\" align=\"left\" valign=\"bottom\" width=\"30%\">f suspension<\/td>\n<td class=\"value\" align=\"right\" valign=\"bottom\" width=\"70%\">Double Wishbones w\/Coil Springs, Active Hydraulic Dampers<\/td>\n<\/tr>\n<tr>\n<td class=\"label\" align=\"left\" valign=\"bottom\" width=\"30%\">r suspension<\/td>\n<td class=\"value\" align=\"right\" valign=\"bottom\" width=\"70%\">Double Wishbones w\/Coil Springs, Active Hydraulic Dampers<\/td>\n<\/tr>\n<tr>\n<td class=\"label\" align=\"left\" valign=\"bottom\" width=\"30%\">curb weight<\/td>\n<td class=\"value\" align=\"right\" valign=\"bottom\" width=\"70%\">1434 kg \/ 3162 lbs<\/td>\n<\/tr>\n<tr>\n<td class=\"label\" align=\"left\" valign=\"bottom\" width=\"30%\">weight distro<\/td>\n<td class=\"value\" align=\"right\" valign=\"bottom\" width=\"70%\">42.5 % \/ 57.5 %<\/td>\n<\/tr>\n<tr>\n<td class=\"label\" align=\"left\" valign=\"bottom\" width=\"30%\">wheelbase<\/td>\n<td class=\"value\" align=\"right\" valign=\"bottom\" width=\"70%\">2670 mm \/ 105.1 in<\/td>\n<\/tr>\n<tr>\n<td class=\"label\" align=\"left\" valign=\"bottom\" width=\"30%\">front track<\/td>\n<td class=\"value\" align=\"right\" valign=\"bottom\" width=\"70%\">1656 mm \/ 65.2 in<\/td>\n<\/tr>\n<tr>\n<td class=\"label\" align=\"left\" valign=\"bottom\" width=\"30%\">rear track<\/td>\n<td class=\"value\" align=\"right\" valign=\"bottom\" width=\"70%\">1583 mm \/ 62.3 in<\/td>\n<\/tr>\n<tr>\n<td class=\"label\" align=\"left\" valign=\"bottom\" width=\"30%\">length<\/td>\n<td class=\"value\" align=\"right\" valign=\"bottom\" width=\"70%\">4507 mm \/ 177.4 in<\/td>\n<\/tr>\n<tr>\n<td class=\"label\" align=\"left\" valign=\"bottom\" width=\"30%\">width<\/td>\n<td class=\"value\" align=\"right\" valign=\"bottom\" width=\"70%\">1909 mm \/ 75.2 in<\/td>\n<\/tr>\n<tr>\n<td class=\"label\" align=\"left\" valign=\"bottom\" width=\"30%\">height<\/td>\n<td class=\"value\" align=\"right\" valign=\"bottom\" width=\"70%\">1199 mm \/ 47.2 in<\/td>\n<\/tr>\n<tr>\n<td class=\"label\" align=\"left\" valign=\"bottom\" width=\"30%\">transmission<\/td>\n<td class=\"value\" align=\"right\" valign=\"bottom\" width=\"70%\">7-Speed Seamless Shift<\/td>\n<\/tr>\n<tr>\n<td class=\"label\" align=\"left\" valign=\"bottom\" width=\"30%\">tran clutch<\/td>\n<td class=\"value\" align=\"right\" valign=\"bottom\" width=\"70%\">Dual-Clutch<\/td>\n<\/tr>\n<tr>\n<td class=\"boldlabel\" align=\"left\" valign=\"bottom\" width=\"30%\">top speed<\/td>\n<td class=\"boldvalue\" align=\"right\" valign=\"bottom\" width=\"70%\">~330 kph \/ 204.93 mph<\/td>\n<\/tr>\n<tr>\n<td class=\"label\" align=\"left\" valign=\"bottom\" width=\"30%\">0 &#8211; 1\/4 mile<\/td>\n<td class=\"value\" align=\"right\" valign=\"bottom\" width=\"70%\">~10.9 seconds<\/td>\n<\/tr>\n<tr>\n<td class=\"label\" align=\"left\" valign=\"bottom\" width=\"30%\">0 &#8211; 100 kph<\/td>\n<td class=\"value\" align=\"right\" valign=\"bottom\" width=\"70%\">~3.3 seconds<\/td>\n<\/tr>\n<tr>\n<td class=\"label\" align=\"left\" valign=\"bottom\" width=\"30%\">0 &#8211; 200 kph<\/td>\n<td class=\"value\" align=\"right\" valign=\"bottom\" width=\"70%\">~9.1 seconds<\/td>\n<\/tr>\n<tr>\n<td class=\"label\" align=\"left\" valign=\"bottom\" width=\"30%\">combined fuel econ eu<\/td>\n<td class=\"value\" align=\"right\" valign=\"bottom\" width=\"70%\">11.7 L\/100 km or 20.10 mpg-us<\/td>\n<\/tr>\n<tr>\n<td class=\"label\" align=\"left\" valign=\"bottom\" width=\"30%\">emission<\/td>\n<td class=\"value\" align=\"right\" valign=\"bottom\" width=\"70%\">279 g\/km<\/td>\n<\/tr>\n<\/tbody>\n<\/table>\n<p>Story by Supercars.net<\/p>\n<p>Above Images \u00a9 2013 V\u00f6rsteiner International, Inc.<\/p>\n","protected":false},"excerpt":{"rendered":"<p>2013 V\u00f6rsteiner MP4-VX In August of 2013, V\u00f6rsteiner International debuted their bodykit for the McLaren MP4-12 known as the MP4-VX. It consists of a front bumper, side sill extension plates and a rear bumper that can be fitted to both the coupe and spyder. All the pieces are made from carbon fiber which V\u00f6rsteiner describes as &#8220;2&#215;2 Carbon Fiber Pre-Preg w. 4 Stage UV Inhibiting Clear Lacquer Coating&#8221; V\u00f6rsteiner describes the pieces: Enhancing the aerodynamics of the front end, we [&hellip;]<\/p>\n","protected":false},"author":2,"featured_media":2634,"comment_status":"open","ping_status":"closed","sticky":false,"template":"","format":"standard","meta":{"footnotes":""},"categories":[74,255,223],"tags":[429,76],"class_list":["post-2630","post","type-post","status-publish","format-standard","has-post-thumbnail","hentry","category-mclaren","category-news","category-vorsteiner","tag-news","tag-mclaren"],"yoast_head":"<!-- This site is optimized with the Yoast SEO plugin v27.4 - https:\/\/yoast.com\/product\/yoast-seo-wordpress\/ -->\n<title>2013 V\u00f6rsteiner MP4-VX<\/title>\n<meta name=\"robots\" content=\"index, follow, max-snippet:-1, max-image-preview:large, max-video-preview:-1\" \/>\n<link rel=\"canonical\" href=\"https:\/\/www.supercars.net\/blog\/2013-vorsteiner-mp4-vx\/\" \/>\n<meta property=\"og:locale\" content=\"en_US\" \/>\n<meta property=\"og:type\" content=\"article\" \/>\n<meta property=\"og:title\" content=\"2013 V\u00f6rsteiner MP4-VX\" \/>\n<meta property=\"og:description\" content=\"2013 V\u00f6rsteiner MP4-VX In August of 2013, V\u00f6rsteiner International debuted their bodykit for the McLaren MP4-12 known as the MP4-VX. It consists of a front bumper, side sill extension plates and a rear bumper that can be fitted to both the coupe and spyder. All the pieces are made from carbon fiber which V\u00f6rsteiner describes as &#8220;2&#215;2 Carbon Fiber Pre-Preg w. 4 Stage UV Inhibiting Clear Lacquer Coating&#8221; V\u00f6rsteiner describes the pieces: Enhancing the aerodynamics of the front end, we [&hellip;]\" \/>\n<meta property=\"og:url\" content=\"https:\/\/www.supercars.net\/blog\/2013-vorsteiner-mp4-vx\/\" \/>\n<meta property=\"og:site_name\" content=\"Supercars.net\" \/>\n<meta property=\"article:publisher\" content=\"https:\/\/www.facebook.com\/Supercars.net\/\" \/>\n<meta property=\"article:author\" content=\"https:\/\/www.facebook.com\/Supercars.net\/\" \/>\n<meta property=\"article:published_time\" content=\"2015-12-22T15:22:35+00:00\" \/>\n<meta property=\"article:modified_time\" content=\"2024-04-20T15:42:20+00:00\" \/>\n<meta property=\"og:image\" content=\"https:\/\/www.supercars.net\/blog\/wp-content\/uploads\/2015\/12\/2013_Vrsteiner_MP4VX-5-1024.jpg\" \/>\n\t<meta property=\"og:image:width\" content=\"1024\" \/>\n\t<meta property=\"og:image:height\" content=\"640\" \/>\n\t<meta property=\"og:image:type\" content=\"image\/jpeg\" \/>\n<meta name=\"author\" content=\"Editorial Team\" \/>\n<meta name=\"twitter:card\" content=\"summary_large_image\" \/>\n<meta name=\"twitter:creator\" content=\"@https:\/\/twitter.com\/supercars_net\" \/>\n<meta name=\"twitter:site\" content=\"@supercars_net\" \/>\n<meta name=\"twitter:label1\" content=\"Written by\" \/>\n\t<meta name=\"twitter:data1\" content=\"Editorial Team\" \/>\n\t<meta name=\"twitter:label2\" content=\"Est. reading time\" \/>\n\t<meta name=\"twitter:data2\" content=\"2 minutes\" \/>\n<script type=\"application\/ld+json\" class=\"yoast-schema-graph\">{\"@context\":\"https:\\\/\\\/schema.org\",\"@graph\":[{\"@type\":\"Article\",\"@id\":\"https:\\\/\\\/www.supercars.net\\\/blog\\\/2013-vorsteiner-mp4-vx\\\/#article\",\"isPartOf\":{\"@id\":\"https:\\\/\\\/www.supercars.net\\\/blog\\\/2013-vorsteiner-mp4-vx\\\/\"},\"author\":{\"name\":\"Editorial Team\",\"@id\":\"https:\\\/\\\/www.supercars.net\\\/blog\\\/#\\\/schema\\\/person\\\/08906293a84eafb03312b711c1507c7e\"},\"headline\":\"2013 V\u00f6rsteiner MP4-VX\",\"datePublished\":\"2015-12-22T15:22:35+00:00\",\"dateModified\":\"2024-04-20T15:42:20+00:00\",\"mainEntityOfPage\":{\"@id\":\"https:\\\/\\\/www.supercars.net\\\/blog\\\/2013-vorsteiner-mp4-vx\\\/\"},\"wordCount\":435,\"commentCount\":0,\"image\":{\"@id\":\"https:\\\/\\\/www.supercars.net\\\/blog\\\/2013-vorsteiner-mp4-vx\\\/#primaryimage\"},\"thumbnailUrl\":\"https:\\\/\\\/www.supercars.net\\\/blog\\\/wp-content\\\/uploads\\\/2015\\\/12\\\/2013_Vrsteiner_MP4VX-5-1024.jpg\",\"keywords\":[\"Car News\",\"McLaren\"],\"articleSection\":[\"McLaren\",\"News\",\"V\u00f6rsteiner\"],\"inLanguage\":\"en-US\",\"potentialAction\":[{\"@type\":\"CommentAction\",\"name\":\"Comment\",\"target\":[\"https:\\\/\\\/www.supercars.net\\\/blog\\\/2013-vorsteiner-mp4-vx\\\/#respond\"]}]},{\"@type\":\"WebPage\",\"@id\":\"https:\\\/\\\/www.supercars.net\\\/blog\\\/2013-vorsteiner-mp4-vx\\\/\",\"url\":\"https:\\\/\\\/www.supercars.net\\\/blog\\\/2013-vorsteiner-mp4-vx\\\/\",\"name\":\"2013 V\u00f6rsteiner MP4-VX\",\"isPartOf\":{\"@id\":\"https:\\\/\\\/www.supercars.net\\\/blog\\\/#website\"},\"primaryImageOfPage\":{\"@id\":\"https:\\\/\\\/www.supercars.net\\\/blog\\\/2013-vorsteiner-mp4-vx\\\/#primaryimage\"},\"image\":{\"@id\":\"https:\\\/\\\/www.supercars.net\\\/blog\\\/2013-vorsteiner-mp4-vx\\\/#primaryimage\"},\"thumbnailUrl\":\"https:\\\/\\\/www.supercars.net\\\/blog\\\/wp-content\\\/uploads\\\/2015\\\/12\\\/2013_Vrsteiner_MP4VX-5-1024.jpg\",\"datePublished\":\"2015-12-22T15:22:35+00:00\",\"dateModified\":\"2024-04-20T15:42:20+00:00\",\"author\":{\"@id\":\"https:\\\/\\\/www.supercars.net\\\/blog\\\/#\\\/schema\\\/person\\\/08906293a84eafb03312b711c1507c7e\"},\"breadcrumb\":{\"@id\":\"https:\\\/\\\/www.supercars.net\\\/blog\\\/2013-vorsteiner-mp4-vx\\\/#breadcrumb\"},\"inLanguage\":\"en-US\",\"potentialAction\":[{\"@type\":\"ReadAction\",\"target\":[\"https:\\\/\\\/www.supercars.net\\\/blog\\\/2013-vorsteiner-mp4-vx\\\/\"]}]},{\"@type\":\"ImageObject\",\"inLanguage\":\"en-US\",\"@id\":\"https:\\\/\\\/www.supercars.net\\\/blog\\\/2013-vorsteiner-mp4-vx\\\/#primaryimage\",\"url\":\"https:\\\/\\\/www.supercars.net\\\/blog\\\/wp-content\\\/uploads\\\/2015\\\/12\\\/2013_Vrsteiner_MP4VX-5-1024.jpg\",\"contentUrl\":\"https:\\\/\\\/www.supercars.net\\\/blog\\\/wp-content\\\/uploads\\\/2015\\\/12\\\/2013_Vrsteiner_MP4VX-5-1024.jpg\",\"width\":1024,\"height\":640,\"caption\":\"2013 V\u00f6rsteiner MP4-VX\"},{\"@type\":\"BreadcrumbList\",\"@id\":\"https:\\\/\\\/www.supercars.net\\\/blog\\\/2013-vorsteiner-mp4-vx\\\/#breadcrumb\",\"itemListElement\":[{\"@type\":\"ListItem\",\"position\":1,\"name\":\"Home\",\"item\":\"https:\\\/\\\/www.supercars.net\\\/blog\\\/\"},{\"@type\":\"ListItem\",\"position\":2,\"name\":\"2013 V\u00f6rsteiner MP4-VX\"}]},{\"@type\":\"WebSite\",\"@id\":\"https:\\\/\\\/www.supercars.net\\\/blog\\\/#website\",\"url\":\"https:\\\/\\\/www.supercars.net\\\/blog\\\/\",\"name\":\"Supercars.net\",\"description\":\"Exotic and Supercar news, information, pictures and videos\",\"potentialAction\":[{\"@type\":\"SearchAction\",\"target\":{\"@type\":\"EntryPoint\",\"urlTemplate\":\"https:\\\/\\\/www.supercars.net\\\/blog\\\/?s={search_term_string}\"},\"query-input\":{\"@type\":\"PropertyValueSpecification\",\"valueRequired\":true,\"valueName\":\"search_term_string\"}}],\"inLanguage\":\"en-US\"},{\"@type\":\"Person\",\"@id\":\"https:\\\/\\\/www.supercars.net\\\/blog\\\/#\\\/schema\\\/person\\\/08906293a84eafb03312b711c1507c7e\",\"name\":\"Editorial Team\",\"image\":{\"@type\":\"ImageObject\",\"inLanguage\":\"en-US\",\"@id\":\"https:\\\/\\\/www.supercars.net\\\/blog\\\/wp-content\\\/uploads\\\/2012\\\/01\\\/196-293x293.jpg\",\"url\":\"https:\\\/\\\/www.supercars.net\\\/blog\\\/wp-content\\\/uploads\\\/2012\\\/01\\\/196-293x293.jpg\",\"contentUrl\":\"https:\\\/\\\/www.supercars.net\\\/blog\\\/wp-content\\\/uploads\\\/2012\\\/01\\\/196-293x293.jpg\",\"caption\":\"Editorial Team\"},\"description\":\"Regular people by day, car obsessed nutcases by night. We are like kids in a candy store, except the candy is made of metal, goes vroom-vroom, and occasionally bankrupts us faster than a sugar rush at a candy store sale! We spend hours debating the merits of turbochargers versus superchargers, and our weekends are a never-ending quest for the perfect polish and wax combo. We can identify every make and model by the sound of a revving engine, and our idea of a romantic evening is a candlelit dinner with our cars in the garage.\",\"sameAs\":[\"http:\\\/\\\/www.supercars.net\",\"https:\\\/\\\/www.facebook.com\\\/Supercars.net\\\/\",\"https:\\\/\\\/instagram.com\\\/super.cars.fans\",\"https:\\\/\\\/x.com\\\/https:\\\/\\\/twitter.com\\\/supercars_net\"],\"url\":\"https:\\\/\\\/www.supercars.net\\\/blog\\\/author\\\/supercars\\\/\"}]}<\/script>\n<!-- \/ Yoast SEO plugin. -->","yoast_head_json":{"title":"2013 V\u00f6rsteiner MP4-VX","robots":{"index":"index","follow":"follow","max-snippet":"max-snippet:-1","max-image-preview":"max-image-preview:large","max-video-preview":"max-video-preview:-1"},"canonical":"https:\/\/www.supercars.net\/blog\/2013-vorsteiner-mp4-vx\/","og_locale":"en_US","og_type":"article","og_title":"2013 V\u00f6rsteiner MP4-VX","og_description":"2013 V\u00f6rsteiner MP4-VX In August of 2013, V\u00f6rsteiner International debuted their bodykit for the McLaren MP4-12 known as the MP4-VX. It consists of a front bumper, side sill extension plates and a rear bumper that can be fitted to both the coupe and spyder. All the pieces are made from carbon fiber which V\u00f6rsteiner describes as &#8220;2&#215;2 Carbon Fiber Pre-Preg w. 4 Stage UV Inhibiting Clear Lacquer Coating&#8221; V\u00f6rsteiner describes the pieces: Enhancing the aerodynamics of the front end, we [&hellip;]","og_url":"https:\/\/www.supercars.net\/blog\/2013-vorsteiner-mp4-vx\/","og_site_name":"Supercars.net","article_publisher":"https:\/\/www.facebook.com\/Supercars.net\/","article_author":"https:\/\/www.facebook.com\/Supercars.net\/","article_published_time":"2015-12-22T15:22:35+00:00","article_modified_time":"2024-04-20T15:42:20+00:00","og_image":[{"width":1024,"height":640,"url":"https:\/\/www.supercars.net\/blog\/wp-content\/uploads\/2015\/12\/2013_Vrsteiner_MP4VX-5-1024.jpg","type":"image\/jpeg"}],"author":"Editorial Team","twitter_card":"summary_large_image","twitter_creator":"@https:\/\/twitter.com\/supercars_net","twitter_site":"@supercars_net","twitter_misc":{"Written by":"Editorial Team","Est. reading time":"2 minutes"},"schema":{"@context":"https:\/\/schema.org","@graph":[{"@type":"Article","@id":"https:\/\/www.supercars.net\/blog\/2013-vorsteiner-mp4-vx\/#article","isPartOf":{"@id":"https:\/\/www.supercars.net\/blog\/2013-vorsteiner-mp4-vx\/"},"author":{"name":"Editorial Team","@id":"https:\/\/www.supercars.net\/blog\/#\/schema\/person\/08906293a84eafb03312b711c1507c7e"},"headline":"2013 V\u00f6rsteiner MP4-VX","datePublished":"2015-12-22T15:22:35+00:00","dateModified":"2024-04-20T15:42:20+00:00","mainEntityOfPage":{"@id":"https:\/\/www.supercars.net\/blog\/2013-vorsteiner-mp4-vx\/"},"wordCount":435,"commentCount":0,"image":{"@id":"https:\/\/www.supercars.net\/blog\/2013-vorsteiner-mp4-vx\/#primaryimage"},"thumbnailUrl":"https:\/\/www.supercars.net\/blog\/wp-content\/uploads\/2015\/12\/2013_Vrsteiner_MP4VX-5-1024.jpg","keywords":["Car News","McLaren"],"articleSection":["McLaren","News","V\u00f6rsteiner"],"inLanguage":"en-US","potentialAction":[{"@type":"CommentAction","name":"Comment","target":["https:\/\/www.supercars.net\/blog\/2013-vorsteiner-mp4-vx\/#respond"]}]},{"@type":"WebPage","@id":"https:\/\/www.supercars.net\/blog\/2013-vorsteiner-mp4-vx\/","url":"https:\/\/www.supercars.net\/blog\/2013-vorsteiner-mp4-vx\/","name":"2013 V\u00f6rsteiner MP4-VX","isPartOf":{"@id":"https:\/\/www.supercars.net\/blog\/#website"},"primaryImageOfPage":{"@id":"https:\/\/www.supercars.net\/blog\/2013-vorsteiner-mp4-vx\/#primaryimage"},"image":{"@id":"https:\/\/www.supercars.net\/blog\/2013-vorsteiner-mp4-vx\/#primaryimage"},"thumbnailUrl":"https:\/\/www.supercars.net\/blog\/wp-content\/uploads\/2015\/12\/2013_Vrsteiner_MP4VX-5-1024.jpg","datePublished":"2015-12-22T15:22:35+00:00","dateModified":"2024-04-20T15:42:20+00:00","author":{"@id":"https:\/\/www.supercars.net\/blog\/#\/schema\/person\/08906293a84eafb03312b711c1507c7e"},"breadcrumb":{"@id":"https:\/\/www.supercars.net\/blog\/2013-vorsteiner-mp4-vx\/#breadcrumb"},"inLanguage":"en-US","potentialAction":[{"@type":"ReadAction","target":["https:\/\/www.supercars.net\/blog\/2013-vorsteiner-mp4-vx\/"]}]},{"@type":"ImageObject","inLanguage":"en-US","@id":"https:\/\/www.supercars.net\/blog\/2013-vorsteiner-mp4-vx\/#primaryimage","url":"https:\/\/www.supercars.net\/blog\/wp-content\/uploads\/2015\/12\/2013_Vrsteiner_MP4VX-5-1024.jpg","contentUrl":"https:\/\/www.supercars.net\/blog\/wp-content\/uploads\/2015\/12\/2013_Vrsteiner_MP4VX-5-1024.jpg","width":1024,"height":640,"caption":"2013 V\u00f6rsteiner MP4-VX"},{"@type":"BreadcrumbList","@id":"https:\/\/www.supercars.net\/blog\/2013-vorsteiner-mp4-vx\/#breadcrumb","itemListElement":[{"@type":"ListItem","position":1,"name":"Home","item":"https:\/\/www.supercars.net\/blog\/"},{"@type":"ListItem","position":2,"name":"2013 V\u00f6rsteiner MP4-VX"}]},{"@type":"WebSite","@id":"https:\/\/www.supercars.net\/blog\/#website","url":"https:\/\/www.supercars.net\/blog\/","name":"Supercars.net","description":"Exotic and Supercar news, information, pictures and videos","potentialAction":[{"@type":"SearchAction","target":{"@type":"EntryPoint","urlTemplate":"https:\/\/www.supercars.net\/blog\/?s={search_term_string}"},"query-input":{"@type":"PropertyValueSpecification","valueRequired":true,"valueName":"search_term_string"}}],"inLanguage":"en-US"},{"@type":"Person","@id":"https:\/\/www.supercars.net\/blog\/#\/schema\/person\/08906293a84eafb03312b711c1507c7e","name":"Editorial Team","image":{"@type":"ImageObject","inLanguage":"en-US","@id":"https:\/\/www.supercars.net\/blog\/wp-content\/uploads\/2012\/01\/196-293x293.jpg","url":"https:\/\/www.supercars.net\/blog\/wp-content\/uploads\/2012\/01\/196-293x293.jpg","contentUrl":"https:\/\/www.supercars.net\/blog\/wp-content\/uploads\/2012\/01\/196-293x293.jpg","caption":"Editorial Team"},"description":"Regular people by day, car obsessed nutcases by night. We are like kids in a candy store, except the candy is made of metal, goes vroom-vroom, and occasionally bankrupts us faster than a sugar rush at a candy store sale! We spend hours debating the merits of turbochargers versus superchargers, and our weekends are a never-ending quest for the perfect polish and wax combo. We can identify every make and model by the sound of a revving engine, and our idea of a romantic evening is a candlelit dinner with our cars in the garage.","sameAs":["http:\/\/www.supercars.net","https:\/\/www.facebook.com\/Supercars.net\/","https:\/\/instagram.com\/super.cars.fans","https:\/\/x.com\/https:\/\/twitter.com\/supercars_net"],"url":"https:\/\/www.supercars.net\/blog\/author\/supercars\/"}]}},"_links":{"self":[{"href":"https:\/\/www.supercars.net\/blog\/wp-json\/wp\/v2\/posts\/2630","targetHints":{"allow":["GET"]}}],"collection":[{"href":"https:\/\/www.supercars.net\/blog\/wp-json\/wp\/v2\/posts"}],"about":[{"href":"https:\/\/www.supercars.net\/blog\/wp-json\/wp\/v2\/types\/post"}],"author":[{"embeddable":true,"href":"https:\/\/www.supercars.net\/blog\/wp-json\/wp\/v2\/users\/2"}],"replies":[{"embeddable":true,"href":"https:\/\/www.supercars.net\/blog\/wp-json\/wp\/v2\/comments?post=2630"}],"version-history":[{"count":0,"href":"https:\/\/www.supercars.net\/blog\/wp-json\/wp\/v2\/posts\/2630\/revisions"}],"wp:featuredmedia":[{"embeddable":true,"href":"https:\/\/www.supercars.net\/blog\/wp-json\/wp\/v2\/media\/2634"}],"wp:attachment":[{"href":"https:\/\/www.supercars.net\/blog\/wp-json\/wp\/v2\/media?parent=2630"}],"wp:term":[{"taxonomy":"category","embeddable":true,"href":"https:\/\/www.supercars.net\/blog\/wp-json\/wp\/v2\/categories?post=2630"},{"taxonomy":"post_tag","embeddable":true,"href":"https:\/\/www.supercars.net\/blog\/wp-json\/wp\/v2\/tags?post=2630"}],"curies":[{"name":"wp","href":"https:\/\/api.w.org\/{rel}","templated":true}]}}