{"id":2682,"date":"2015-12-22T15:55:26","date_gmt":"2015-12-22T15:55:26","guid":{"rendered":"http:\/\/blog.supercars.net\/blog\/?p=2682"},"modified":"2024-12-27T00:22:19","modified_gmt":"2024-12-27T00:22:19","slug":"2013-vuhl-05","status":"publish","type":"post","link":"https:\/\/www.supercars.net\/blog\/2013-vuhl-05\/","title":{"rendered":"2013 V\u016aHL 05"},"content":{"rendered":"<h1>2013 V\u016aHL 05<\/h1>\n<p><span id=\"intelliTXT\">Royal Automobile Club, Pall Mall, London, July 3, 2013 &#8211; the V\u016aHL 05 is an innovative mid-engined two-seater born of a motorsport heritage.<\/span><\/p>\n<p>Guillermo Echeverria senior, the father of its designers Guillermo and Iker Echeverria, was a professional driver who built and successfully raced his own cars for 30 years. The sons inherited his passion and knowledge and added qualifications in transportation design. Guillermo Junior has direct experience of the performance car industry, while Iker won the Mexican QUORUM Industrial Design Award in 2007 when still a student &#8211; he was not only up against fellow scholars but senior designers, agencies and universities.<\/p>\n<p>The brothers subsequently formed their own Mexico City\/Detroit-based design agency, ETXE, which having worked on projects for numerous global brands then penned the 05 \u2013 a lightweight supercar for road and track in the vein of the BAC Mono, Ariel Atom, KTM X-Bow etc.<\/p>\n<p>Said Iker: \u201cOur background means the V\u016aHL 05 has been developed by enthusiasts for enthusiasts. We were determined to create a highly intuitive machine that was both stirringly fast and immense fun to drive \u2013 a car we ourselves would want to own. We have endeavoured to endow it with class-leading ergonomics and a contemporary silhouette of striking proportions, and the aim of uncompromising build quality has underpinned the project since day one.\u201d<\/p>\n<figure class='gallery-item'>\r\n            <div class='gallery-icon landscape'>\r\n                <a href='https:\/\/www.supercars.net\/blog\/wp-content\/uploads\/2015\/12\/2013_VHL_05-8-1024.jpg' class='tipi-lightbox'>\r\n\t\t\t\t<img decoding=\"async\" width=\"1024\" height=\"576\" src=\"https:\/\/www.supercars.net\/blog\/wp-content\/uploads\/2015\/12\/2013_VHL_05-8-1024.jpg\" class=\"attachment-full size-full\" alt=\"2013 V\u016aHL 05\" srcset=\"https:\/\/www.supercars.net\/blog\/wp-content\/uploads\/2015\/12\/2013_VHL_05-8-1024.jpg 1024w, https:\/\/www.supercars.net\/blog\/wp-content\/uploads\/2015\/12\/2013_VHL_05-8-1024-300x169.jpg 300w, https:\/\/www.supercars.net\/blog\/wp-content\/uploads\/2015\/12\/2013_VHL_05-8-1024-100x56.jpg 100w, https:\/\/www.supercars.net\/blog\/wp-content\/uploads\/2015\/12\/2013_VHL_05-8-1024-770x433.jpg 770w, https:\/\/www.supercars.net\/blog\/wp-content\/uploads\/2015\/12\/2013_VHL_05-8-1024-293x165.jpg 293w\" sizes=\"(max-width: 1024px) 100vw, 1024px\" \/>\r\n\t\t\t\t<\/a>\r\n            <\/div><\/figure><figure class='gallery-item'>\r\n            <div class='gallery-icon landscape'>\r\n                <a href='https:\/\/www.supercars.net\/blog\/wp-content\/uploads\/2015\/12\/1074396-1024.jpg' class='tipi-lightbox'>\r\n\t\t\t\t<img decoding=\"async\" width=\"1024\" height=\"683\" src=\"https:\/\/www.supercars.net\/blog\/wp-content\/uploads\/2015\/12\/1074396-1024.jpg\" class=\"attachment-full size-full\" alt=\"2013 V\u016aHL 05\" srcset=\"https:\/\/www.supercars.net\/blog\/wp-content\/uploads\/2015\/12\/1074396-1024.jpg 1024w, https:\/\/www.supercars.net\/blog\/wp-content\/uploads\/2015\/12\/1074396-1024-300x200.jpg 300w, https:\/\/www.supercars.net\/blog\/wp-content\/uploads\/2015\/12\/1074396-1024-100x67.jpg 100w, https:\/\/www.supercars.net\/blog\/wp-content\/uploads\/2015\/12\/1074396-1024-770x514.jpg 770w, https:\/\/www.supercars.net\/blog\/wp-content\/uploads\/2015\/12\/1074396-1024-360x240.jpg 360w, https:\/\/www.supercars.net\/blog\/wp-content\/uploads\/2015\/12\/1074396-1024-370x247.jpg 370w, https:\/\/www.supercars.net\/blog\/wp-content\/uploads\/2015\/12\/1074396-1024-293x195.jpg 293w\" sizes=\"(max-width: 1024px) 100vw, 1024px\" \/>\r\n\t\t\t\t<\/a>\r\n            <\/div><\/figure><figure class='gallery-item'>\r\n            <div class='gallery-icon landscape'>\r\n                <a href='https:\/\/www.supercars.net\/blog\/wp-content\/uploads\/2015\/12\/2013_VHL_05-6-1024.jpg' class='tipi-lightbox'>\r\n\t\t\t\t<img decoding=\"async\" width=\"1024\" height=\"576\" src=\"https:\/\/www.supercars.net\/blog\/wp-content\/uploads\/2015\/12\/2013_VHL_05-6-1024.jpg\" class=\"attachment-full size-full\" alt=\"2013 V\u016aHL 05\" srcset=\"https:\/\/www.supercars.net\/blog\/wp-content\/uploads\/2015\/12\/2013_VHL_05-6-1024.jpg 1024w, https:\/\/www.supercars.net\/blog\/wp-content\/uploads\/2015\/12\/2013_VHL_05-6-1024-300x169.jpg 300w, https:\/\/www.supercars.net\/blog\/wp-content\/uploads\/2015\/12\/2013_VHL_05-6-1024-100x56.jpg 100w, https:\/\/www.supercars.net\/blog\/wp-content\/uploads\/2015\/12\/2013_VHL_05-6-1024-770x433.jpg 770w, https:\/\/www.supercars.net\/blog\/wp-content\/uploads\/2015\/12\/2013_VHL_05-6-1024-293x165.jpg 293w\" sizes=\"(max-width: 1024px) 100vw, 1024px\" \/>\r\n\t\t\t\t<\/a>\r\n            <\/div><\/figure><figure class='gallery-item'>\r\n            <div class='gallery-icon landscape'>\r\n                <a href='https:\/\/www.supercars.net\/blog\/wp-content\/uploads\/2015\/12\/2013_VHL_05-3-1024.jpg' class='tipi-lightbox'>\r\n\t\t\t\t<img decoding=\"async\" width=\"1024\" height=\"576\" src=\"https:\/\/www.supercars.net\/blog\/wp-content\/uploads\/2015\/12\/2013_VHL_05-3-1024.jpg\" class=\"attachment-full size-full\" alt=\"2013 V\u016aHL 05\" srcset=\"https:\/\/www.supercars.net\/blog\/wp-content\/uploads\/2015\/12\/2013_VHL_05-3-1024.jpg 1024w, https:\/\/www.supercars.net\/blog\/wp-content\/uploads\/2015\/12\/2013_VHL_05-3-1024-300x169.jpg 300w, https:\/\/www.supercars.net\/blog\/wp-content\/uploads\/2015\/12\/2013_VHL_05-3-1024-100x56.jpg 100w, https:\/\/www.supercars.net\/blog\/wp-content\/uploads\/2015\/12\/2013_VHL_05-3-1024-770x433.jpg 770w, https:\/\/www.supercars.net\/blog\/wp-content\/uploads\/2015\/12\/2013_VHL_05-3-1024-293x165.jpg 293w\" sizes=\"(max-width: 1024px) 100vw, 1024px\" \/>\r\n\t\t\t\t<\/a>\r\n            <\/div><\/figure><figure class='gallery-item'>\r\n            <div class='gallery-icon landscape'>\r\n                <a href='https:\/\/www.supercars.net\/blog\/wp-content\/uploads\/2015\/12\/2013_VHL_05-0-1024.jpg' class='tipi-lightbox'>\r\n\t\t\t\t<img decoding=\"async\" width=\"1024\" height=\"576\" src=\"https:\/\/www.supercars.net\/blog\/wp-content\/uploads\/2015\/12\/2013_VHL_05-0-1024.jpg\" class=\"attachment-full size-full\" alt=\"2013 V\u016aHL 05\" srcset=\"https:\/\/www.supercars.net\/blog\/wp-content\/uploads\/2015\/12\/2013_VHL_05-0-1024.jpg 1024w, https:\/\/www.supercars.net\/blog\/wp-content\/uploads\/2015\/12\/2013_VHL_05-0-1024-300x169.jpg 300w, https:\/\/www.supercars.net\/blog\/wp-content\/uploads\/2015\/12\/2013_VHL_05-0-1024-100x56.jpg 100w, https:\/\/www.supercars.net\/blog\/wp-content\/uploads\/2015\/12\/2013_VHL_05-0-1024-770x433.jpg 770w, https:\/\/www.supercars.net\/blog\/wp-content\/uploads\/2015\/12\/2013_VHL_05-0-1024-293x165.jpg 293w\" sizes=\"(max-width: 1024px) 100vw, 1024px\" \/>\r\n\t\t\t\t<\/a>\r\n            <\/div><\/figure><figure class='gallery-item'>\r\n            <div class='gallery-icon landscape'>\r\n                <a href='https:\/\/www.supercars.net\/blog\/wp-content\/uploads\/2015\/12\/2013_VHL_05-4-1024.jpg' class='tipi-lightbox'>\r\n\t\t\t\t<img decoding=\"async\" width=\"1024\" height=\"576\" src=\"https:\/\/www.supercars.net\/blog\/wp-content\/uploads\/2015\/12\/2013_VHL_05-4-1024.jpg\" class=\"attachment-full size-full\" alt=\"2013 V\u016aHL 05\" srcset=\"https:\/\/www.supercars.net\/blog\/wp-content\/uploads\/2015\/12\/2013_VHL_05-4-1024.jpg 1024w, https:\/\/www.supercars.net\/blog\/wp-content\/uploads\/2015\/12\/2013_VHL_05-4-1024-300x169.jpg 300w, https:\/\/www.supercars.net\/blog\/wp-content\/uploads\/2015\/12\/2013_VHL_05-4-1024-100x56.jpg 100w, https:\/\/www.supercars.net\/blog\/wp-content\/uploads\/2015\/12\/2013_VHL_05-4-1024-770x433.jpg 770w, https:\/\/www.supercars.net\/blog\/wp-content\/uploads\/2015\/12\/2013_VHL_05-4-1024-293x165.jpg 293w\" sizes=\"(max-width: 1024px) 100vw, 1024px\" \/>\r\n\t\t\t\t<\/a>\r\n            <\/div><\/figure><figure class='gallery-item'>\r\n            <div class='gallery-icon landscape'>\r\n                <a href='https:\/\/www.supercars.net\/blog\/wp-content\/uploads\/2015\/12\/2013_VHL_05-2-1024.jpg' class='tipi-lightbox'>\r\n\t\t\t\t<img decoding=\"async\" width=\"1024\" height=\"576\" src=\"https:\/\/www.supercars.net\/blog\/wp-content\/uploads\/2015\/12\/2013_VHL_05-2-1024.jpg\" class=\"attachment-full size-full\" alt=\"2013 V\u016aHL 05\" srcset=\"https:\/\/www.supercars.net\/blog\/wp-content\/uploads\/2015\/12\/2013_VHL_05-2-1024.jpg 1024w, https:\/\/www.supercars.net\/blog\/wp-content\/uploads\/2015\/12\/2013_VHL_05-2-1024-300x169.jpg 300w, https:\/\/www.supercars.net\/blog\/wp-content\/uploads\/2015\/12\/2013_VHL_05-2-1024-100x56.jpg 100w, https:\/\/www.supercars.net\/blog\/wp-content\/uploads\/2015\/12\/2013_VHL_05-2-1024-770x433.jpg 770w, https:\/\/www.supercars.net\/blog\/wp-content\/uploads\/2015\/12\/2013_VHL_05-2-1024-293x165.jpg 293w\" sizes=\"(max-width: 1024px) 100vw, 1024px\" \/>\r\n\t\t\t\t<\/a>\r\n            <\/div><\/figure><figure class='gallery-item'>\r\n            <div class='gallery-icon landscape'>\r\n                <a href='https:\/\/www.supercars.net\/blog\/wp-content\/uploads\/2015\/12\/2013_VHL_05-5-1024.jpg' class='tipi-lightbox'>\r\n\t\t\t\t<img decoding=\"async\" width=\"1024\" height=\"576\" src=\"https:\/\/www.supercars.net\/blog\/wp-content\/uploads\/2015\/12\/2013_VHL_05-5-1024.jpg\" class=\"attachment-full size-full\" alt=\"2013 V\u016aHL 05\" srcset=\"https:\/\/www.supercars.net\/blog\/wp-content\/uploads\/2015\/12\/2013_VHL_05-5-1024.jpg 1024w, https:\/\/www.supercars.net\/blog\/wp-content\/uploads\/2015\/12\/2013_VHL_05-5-1024-300x169.jpg 300w, https:\/\/www.supercars.net\/blog\/wp-content\/uploads\/2015\/12\/2013_VHL_05-5-1024-100x56.jpg 100w, https:\/\/www.supercars.net\/blog\/wp-content\/uploads\/2015\/12\/2013_VHL_05-5-1024-770x433.jpg 770w, https:\/\/www.supercars.net\/blog\/wp-content\/uploads\/2015\/12\/2013_VHL_05-5-1024-293x165.jpg 293w\" sizes=\"(max-width: 1024px) 100vw, 1024px\" \/>\r\n\t\t\t\t<\/a>\r\n            <\/div><\/figure><figure class='gallery-item'>\r\n            <div class='gallery-icon landscape'>\r\n                <a href='https:\/\/www.supercars.net\/blog\/wp-content\/uploads\/2015\/12\/1074397-1024.jpg' class='tipi-lightbox'>\r\n\t\t\t\t<img decoding=\"async\" width=\"1024\" height=\"683\" src=\"https:\/\/www.supercars.net\/blog\/wp-content\/uploads\/2015\/12\/1074397-1024.jpg\" class=\"attachment-full size-full\" alt=\"2013 V\u016aHL 05\" srcset=\"https:\/\/www.supercars.net\/blog\/wp-content\/uploads\/2015\/12\/1074397-1024.jpg 1024w, https:\/\/www.supercars.net\/blog\/wp-content\/uploads\/2015\/12\/1074397-1024-300x200.jpg 300w, https:\/\/www.supercars.net\/blog\/wp-content\/uploads\/2015\/12\/1074397-1024-100x67.jpg 100w, https:\/\/www.supercars.net\/blog\/wp-content\/uploads\/2015\/12\/1074397-1024-770x514.jpg 770w, https:\/\/www.supercars.net\/blog\/wp-content\/uploads\/2015\/12\/1074397-1024-360x240.jpg 360w, https:\/\/www.supercars.net\/blog\/wp-content\/uploads\/2015\/12\/1074397-1024-370x247.jpg 370w, https:\/\/www.supercars.net\/blog\/wp-content\/uploads\/2015\/12\/1074397-1024-293x195.jpg 293w\" sizes=\"(max-width: 1024px) 100vw, 1024px\" \/>\r\n\t\t\t\t<\/a>\r\n            <\/div><\/figure><figure class='gallery-item'>\r\n            <div class='gallery-icon landscape'>\r\n                <a href='https:\/\/www.supercars.net\/blog\/wp-content\/uploads\/2015\/12\/1068773-1024.jpg' class='tipi-lightbox'>\r\n\t\t\t\t<img decoding=\"async\" width=\"1024\" height=\"684\" src=\"https:\/\/www.supercars.net\/blog\/wp-content\/uploads\/2015\/12\/1068773-1024.jpg\" class=\"attachment-full size-full\" alt=\"2013 V\u016aHL 05\" srcset=\"https:\/\/www.supercars.net\/blog\/wp-content\/uploads\/2015\/12\/1068773-1024.jpg 1024w, https:\/\/www.supercars.net\/blog\/wp-content\/uploads\/2015\/12\/1068773-1024-300x200.jpg 300w, https:\/\/www.supercars.net\/blog\/wp-content\/uploads\/2015\/12\/1068773-1024-100x67.jpg 100w, https:\/\/www.supercars.net\/blog\/wp-content\/uploads\/2015\/12\/1068773-1024-770x514.jpg 770w, https:\/\/www.supercars.net\/blog\/wp-content\/uploads\/2015\/12\/1068773-1024-360x240.jpg 360w, https:\/\/www.supercars.net\/blog\/wp-content\/uploads\/2015\/12\/1068773-1024-370x247.jpg 370w, https:\/\/www.supercars.net\/blog\/wp-content\/uploads\/2015\/12\/1068773-1024-293x196.jpg 293w\" sizes=\"(max-width: 1024px) 100vw, 1024px\" \/>\r\n\t\t\t\t<\/a>\r\n            <\/div><\/figure><figure class='gallery-item'>\r\n            <div class='gallery-icon landscape'>\r\n                <a href='https:\/\/www.supercars.net\/blog\/wp-content\/uploads\/2015\/12\/1068780-1024.jpg' class='tipi-lightbox'>\r\n\t\t\t\t<img decoding=\"async\" width=\"1024\" height=\"684\" src=\"https:\/\/www.supercars.net\/blog\/wp-content\/uploads\/2015\/12\/1068780-1024.jpg\" class=\"attachment-full size-full\" alt=\"2013 V\u016aHL 05\" srcset=\"https:\/\/www.supercars.net\/blog\/wp-content\/uploads\/2015\/12\/1068780-1024.jpg 1024w, https:\/\/www.supercars.net\/blog\/wp-content\/uploads\/2015\/12\/1068780-1024-300x200.jpg 300w, https:\/\/www.supercars.net\/blog\/wp-content\/uploads\/2015\/12\/1068780-1024-100x67.jpg 100w, https:\/\/www.supercars.net\/blog\/wp-content\/uploads\/2015\/12\/1068780-1024-770x514.jpg 770w, https:\/\/www.supercars.net\/blog\/wp-content\/uploads\/2015\/12\/1068780-1024-360x240.jpg 360w, https:\/\/www.supercars.net\/blog\/wp-content\/uploads\/2015\/12\/1068780-1024-370x247.jpg 370w, https:\/\/www.supercars.net\/blog\/wp-content\/uploads\/2015\/12\/1068780-1024-293x196.jpg 293w\" sizes=\"(max-width: 1024px) 100vw, 1024px\" \/>\r\n\t\t\t\t<\/a>\r\n            <\/div><\/figure><figure class='gallery-item'>\r\n            <div class='gallery-icon landscape'>\r\n                <a href='https:\/\/www.supercars.net\/blog\/wp-content\/uploads\/2015\/12\/1074398-1024.jpg' class='tipi-lightbox'>\r\n\t\t\t\t<img decoding=\"async\" width=\"1024\" height=\"683\" src=\"https:\/\/www.supercars.net\/blog\/wp-content\/uploads\/2015\/12\/1074398-1024.jpg\" class=\"attachment-full size-full\" alt=\"2013 V\u016aHL 05\" srcset=\"https:\/\/www.supercars.net\/blog\/wp-content\/uploads\/2015\/12\/1074398-1024.jpg 1024w, https:\/\/www.supercars.net\/blog\/wp-content\/uploads\/2015\/12\/1074398-1024-300x200.jpg 300w, https:\/\/www.supercars.net\/blog\/wp-content\/uploads\/2015\/12\/1074398-1024-100x67.jpg 100w, https:\/\/www.supercars.net\/blog\/wp-content\/uploads\/2015\/12\/1074398-1024-770x514.jpg 770w, https:\/\/www.supercars.net\/blog\/wp-content\/uploads\/2015\/12\/1074398-1024-360x240.jpg 360w, https:\/\/www.supercars.net\/blog\/wp-content\/uploads\/2015\/12\/1074398-1024-370x247.jpg 370w, https:\/\/www.supercars.net\/blog\/wp-content\/uploads\/2015\/12\/1074398-1024-293x195.jpg 293w\" sizes=\"(max-width: 1024px) 100vw, 1024px\" \/>\r\n\t\t\t\t<\/a>\r\n            <\/div><\/figure><figure class='gallery-item'>\r\n            <div class='gallery-icon landscape'>\r\n                <a href='https:\/\/www.supercars.net\/blog\/wp-content\/uploads\/2015\/12\/1068777-1024.jpg' class='tipi-lightbox'>\r\n\t\t\t\t<img decoding=\"async\" width=\"1024\" height=\"684\" src=\"https:\/\/www.supercars.net\/blog\/wp-content\/uploads\/2015\/12\/1068777-1024.jpg\" class=\"attachment-full size-full\" alt=\"2013 V\u016aHL 05\" srcset=\"https:\/\/www.supercars.net\/blog\/wp-content\/uploads\/2015\/12\/1068777-1024.jpg 1024w, https:\/\/www.supercars.net\/blog\/wp-content\/uploads\/2015\/12\/1068777-1024-300x200.jpg 300w, https:\/\/www.supercars.net\/blog\/wp-content\/uploads\/2015\/12\/1068777-1024-100x67.jpg 100w, https:\/\/www.supercars.net\/blog\/wp-content\/uploads\/2015\/12\/1068777-1024-770x514.jpg 770w, https:\/\/www.supercars.net\/blog\/wp-content\/uploads\/2015\/12\/1068777-1024-360x240.jpg 360w, https:\/\/www.supercars.net\/blog\/wp-content\/uploads\/2015\/12\/1068777-1024-370x247.jpg 370w, https:\/\/www.supercars.net\/blog\/wp-content\/uploads\/2015\/12\/1068777-1024-293x196.jpg 293w\" sizes=\"(max-width: 1024px) 100vw, 1024px\" \/>\r\n\t\t\t\t<\/a>\r\n            <\/div><\/figure><figure class='gallery-item'>\r\n            <div class='gallery-icon landscape'>\r\n                <a href='https:\/\/www.supercars.net\/blog\/wp-content\/uploads\/2015\/12\/1068772-1024.jpg' class='tipi-lightbox'>\r\n\t\t\t\t<img decoding=\"async\" width=\"1024\" height=\"684\" src=\"https:\/\/www.supercars.net\/blog\/wp-content\/uploads\/2015\/12\/1068772-1024.jpg\" class=\"attachment-full size-full\" alt=\"2013 V\u016aHL 05\" srcset=\"https:\/\/www.supercars.net\/blog\/wp-content\/uploads\/2015\/12\/1068772-1024.jpg 1024w, https:\/\/www.supercars.net\/blog\/wp-content\/uploads\/2015\/12\/1068772-1024-300x200.jpg 300w, https:\/\/www.supercars.net\/blog\/wp-content\/uploads\/2015\/12\/1068772-1024-100x67.jpg 100w, https:\/\/www.supercars.net\/blog\/wp-content\/uploads\/2015\/12\/1068772-1024-770x514.jpg 770w, https:\/\/www.supercars.net\/blog\/wp-content\/uploads\/2015\/12\/1068772-1024-360x240.jpg 360w, https:\/\/www.supercars.net\/blog\/wp-content\/uploads\/2015\/12\/1068772-1024-370x247.jpg 370w, https:\/\/www.supercars.net\/blog\/wp-content\/uploads\/2015\/12\/1068772-1024-293x196.jpg 293w\" sizes=\"(max-width: 1024px) 100vw, 1024px\" \/>\r\n\t\t\t\t<\/a>\r\n            <\/div><\/figure><figure class='gallery-item'>\r\n            <div class='gallery-icon landscape'>\r\n                <a href='https:\/\/www.supercars.net\/blog\/wp-content\/uploads\/2015\/12\/1068778-1024.jpg' class='tipi-lightbox'>\r\n\t\t\t\t<img decoding=\"async\" width=\"1024\" height=\"684\" src=\"https:\/\/www.supercars.net\/blog\/wp-content\/uploads\/2015\/12\/1068778-1024.jpg\" class=\"attachment-full size-full\" alt=\"2013 V\u016aHL 05\" srcset=\"https:\/\/www.supercars.net\/blog\/wp-content\/uploads\/2015\/12\/1068778-1024.jpg 1024w, https:\/\/www.supercars.net\/blog\/wp-content\/uploads\/2015\/12\/1068778-1024-300x200.jpg 300w, https:\/\/www.supercars.net\/blog\/wp-content\/uploads\/2015\/12\/1068778-1024-100x67.jpg 100w, https:\/\/www.supercars.net\/blog\/wp-content\/uploads\/2015\/12\/1068778-1024-770x514.jpg 770w, https:\/\/www.supercars.net\/blog\/wp-content\/uploads\/2015\/12\/1068778-1024-360x240.jpg 360w, https:\/\/www.supercars.net\/blog\/wp-content\/uploads\/2015\/12\/1068778-1024-370x247.jpg 370w, https:\/\/www.supercars.net\/blog\/wp-content\/uploads\/2015\/12\/1068778-1024-293x196.jpg 293w\" sizes=\"(max-width: 1024px) 100vw, 1024px\" \/>\r\n\t\t\t\t<\/a>\r\n            <\/div><\/figure><figure class='gallery-item'>\r\n            <div class='gallery-icon landscape'>\r\n                <a href='https:\/\/www.supercars.net\/blog\/wp-content\/uploads\/2015\/12\/1068779-1024.jpg' class='tipi-lightbox'>\r\n\t\t\t\t<img decoding=\"async\" width=\"1024\" height=\"684\" src=\"https:\/\/www.supercars.net\/blog\/wp-content\/uploads\/2015\/12\/1068779-1024.jpg\" class=\"attachment-full size-full\" alt=\"2013 V\u016aHL 05\" srcset=\"https:\/\/www.supercars.net\/blog\/wp-content\/uploads\/2015\/12\/1068779-1024.jpg 1024w, https:\/\/www.supercars.net\/blog\/wp-content\/uploads\/2015\/12\/1068779-1024-300x200.jpg 300w, https:\/\/www.supercars.net\/blog\/wp-content\/uploads\/2015\/12\/1068779-1024-100x67.jpg 100w, https:\/\/www.supercars.net\/blog\/wp-content\/uploads\/2015\/12\/1068779-1024-770x514.jpg 770w, https:\/\/www.supercars.net\/blog\/wp-content\/uploads\/2015\/12\/1068779-1024-360x240.jpg 360w, https:\/\/www.supercars.net\/blog\/wp-content\/uploads\/2015\/12\/1068779-1024-370x247.jpg 370w, https:\/\/www.supercars.net\/blog\/wp-content\/uploads\/2015\/12\/1068779-1024-293x196.jpg 293w\" sizes=\"(max-width: 1024px) 100vw, 1024px\" \/>\r\n\t\t\t\t<\/a>\r\n            <\/div><\/figure><figure class='gallery-item'>\r\n            <div class='gallery-icon landscape'>\r\n                <a href='https:\/\/www.supercars.net\/blog\/wp-content\/uploads\/2015\/12\/2013_VHL_05-1-1024.jpg' class='tipi-lightbox'>\r\n\t\t\t\t<img decoding=\"async\" width=\"1024\" height=\"576\" src=\"https:\/\/www.supercars.net\/blog\/wp-content\/uploads\/2015\/12\/2013_VHL_05-1-1024.jpg\" class=\"attachment-full size-full\" alt=\"2013 V\u016aHL 05\" srcset=\"https:\/\/www.supercars.net\/blog\/wp-content\/uploads\/2015\/12\/2013_VHL_05-1-1024.jpg 1024w, https:\/\/www.supercars.net\/blog\/wp-content\/uploads\/2015\/12\/2013_VHL_05-1-1024-300x169.jpg 300w, https:\/\/www.supercars.net\/blog\/wp-content\/uploads\/2015\/12\/2013_VHL_05-1-1024-100x56.jpg 100w, https:\/\/www.supercars.net\/blog\/wp-content\/uploads\/2015\/12\/2013_VHL_05-1-1024-770x433.jpg 770w, https:\/\/www.supercars.net\/blog\/wp-content\/uploads\/2015\/12\/2013_VHL_05-1-1024-293x165.jpg 293w\" sizes=\"(max-width: 1024px) 100vw, 1024px\" \/>\r\n\t\t\t\t<\/a>\r\n            <\/div><\/figure><figure class='gallery-item'>\r\n            <div class='gallery-icon landscape'>\r\n                <a href='https:\/\/www.supercars.net\/blog\/wp-content\/uploads\/2015\/12\/1074399-1024.jpg' class='tipi-lightbox'>\r\n\t\t\t\t<img decoding=\"async\" width=\"1024\" height=\"683\" src=\"https:\/\/www.supercars.net\/blog\/wp-content\/uploads\/2015\/12\/1074399-1024.jpg\" class=\"attachment-full size-full\" alt=\"2013 V\u016aHL 05\" srcset=\"https:\/\/www.supercars.net\/blog\/wp-content\/uploads\/2015\/12\/1074399-1024.jpg 1024w, https:\/\/www.supercars.net\/blog\/wp-content\/uploads\/2015\/12\/1074399-1024-300x200.jpg 300w, https:\/\/www.supercars.net\/blog\/wp-content\/uploads\/2015\/12\/1074399-1024-100x67.jpg 100w, https:\/\/www.supercars.net\/blog\/wp-content\/uploads\/2015\/12\/1074399-1024-770x514.jpg 770w, https:\/\/www.supercars.net\/blog\/wp-content\/uploads\/2015\/12\/1074399-1024-360x240.jpg 360w, https:\/\/www.supercars.net\/blog\/wp-content\/uploads\/2015\/12\/1074399-1024-370x247.jpg 370w, https:\/\/www.supercars.net\/blog\/wp-content\/uploads\/2015\/12\/1074399-1024-293x195.jpg 293w\" sizes=\"(max-width: 1024px) 100vw, 1024px\" \/>\r\n\t\t\t\t<\/a>\r\n            <\/div><\/figure><figure class='gallery-item'>\r\n            <div class='gallery-icon landscape'>\r\n                <a href='https:\/\/www.supercars.net\/blog\/wp-content\/uploads\/2015\/12\/2013_VHL_05-7-1024.jpg' class='tipi-lightbox'>\r\n\t\t\t\t<img decoding=\"async\" width=\"1024\" height=\"576\" src=\"https:\/\/www.supercars.net\/blog\/wp-content\/uploads\/2015\/12\/2013_VHL_05-7-1024.jpg\" class=\"attachment-full size-full\" alt=\"2013 V\u016aHL 05\" srcset=\"https:\/\/www.supercars.net\/blog\/wp-content\/uploads\/2015\/12\/2013_VHL_05-7-1024.jpg 1024w, https:\/\/www.supercars.net\/blog\/wp-content\/uploads\/2015\/12\/2013_VHL_05-7-1024-300x169.jpg 300w, https:\/\/www.supercars.net\/blog\/wp-content\/uploads\/2015\/12\/2013_VHL_05-7-1024-100x56.jpg 100w, https:\/\/www.supercars.net\/blog\/wp-content\/uploads\/2015\/12\/2013_VHL_05-7-1024-770x433.jpg 770w, https:\/\/www.supercars.net\/blog\/wp-content\/uploads\/2015\/12\/2013_VHL_05-7-1024-293x165.jpg 293w\" sizes=\"(max-width: 1024px) 100vw, 1024px\" \/>\r\n\t\t\t\t<\/a>\r\n            <\/div><\/figure>\n<h3>Chassis\/body<\/h3>\n<p>The 05\u2019s monocoque weighs in at a mere 78kg, while the dry weight of the entire car is a very competitive 695kg. The chassis comprises a three-section bonded tub constructed from aluminium extrusions and aluminium honeycomb &#8211; aerospace technology that endows the 05 with a remarkably high level of torsional rigidity for optimum handling. Bolted direct to the passenger cell is a chrome-moly steel subframe housing the engine and rear suspension. A three-stage forward crash structure and double layer sidewalls provide a matchless level of protection for the occupants. The standard body is made from RTM reinforced plastic, but carbonfibre is an option. The aero features include a flat underbody, front and lateral splitters, rear diffuser and rear spoiler.<\/p>\n<h4>Engine\/performance<\/h4>\n<p>Power comes from a 2-litre version of Ford\u2019s award-winning DOHC turbocharged EcoBoost engine, the output of which is 285bhp and 420Nm of torque, giving a power to weight ratio of 400bhp per tonne. This results in a 0-100kph time of 3.7 seconds and a top speed of 245kph.<\/p>\n<h4>Transmission\/steering<\/h4>\n<p>The engine drives through a six-speed manual gearbox. Steering is by a high ratio rack and pinion system.<\/p>\n<h4>Suspension\/brakes<\/h4>\n<p>The suspension is by unequal length double wishbones front and rear. Braking is by four-pot alloy callipers all-round, operating on 310mm ventilated cross-drilled discs at the front and 280mm units at the rear.<\/p>\n<h4>Wheels\/tyres<\/h4>\n<p>The 05 rides on OZ alloy wheels shod with Michelin tyres; the sizes of which are 205\/45 x 17 front; 235\/45 x 18 rear.<\/p>\n<h4>Interior<\/h4>\n<p>The unique specification can include: carbon bucket seats; 330mm quick release water-resistant suede-covered steering wheel; electronic data acquisition dash; integral HD camera; and water-resistant Dinamica suede trim.<\/p>\n<h4>Pricing\/availability<\/h4>\n<p>Orders are being taken now for delivery beginning in the spring of 2014. Pricing will start from c.\u00a355,000 (plus tax, plus shipping). There is a wide range of performance options available to allow the 05 to be upgraded to personal taste.<\/p>\n<p>Initial sales will be confined to the UK and North America (dealers are currently under appointment in both countries), but the intention is to make the car available in the other key European countries, China, Middle-East etc in due course.<\/p>\n<h3>In Detail<\/h3>\n<table class=\"cardetails\" border=\"0\" cellspacing=\"0\" cellpadding=\"0\">\n<tbody>\n<tr>\n<td class=\"label\" align=\"left\" valign=\"bottom\" width=\"30%\">type<\/td>\n<td class=\"value\" align=\"right\" valign=\"bottom\" width=\"70%\">Limited Production Car<\/td>\n<\/tr>\n<tr>\n<td class=\"label\" align=\"left\" valign=\"bottom\" width=\"30%\">released at<\/td>\n<td class=\"value\" align=\"right\" valign=\"bottom\" width=\"70%\">2013 Goodwood Festival of Speed<\/td>\n<\/tr>\n<tr>\n<td class=\"label\" align=\"left\" valign=\"bottom\" width=\"30%\">price \u00c2\u00a3\/td&gt;<\/td>\n<td class=\"value\" align=\"right\" valign=\"bottom\" width=\"70%\">\u00c2\u00a355,000<\/td>\n<\/tr>\n<tr>\n<td class=\"boldlabel\" align=\"left\" valign=\"bottom\" width=\"30%\">engine<\/td>\n<td class=\"boldvalue\" align=\"right\" valign=\"bottom\" width=\"70%\">Ford EcoBoost Inline-4<\/td>\n<\/tr>\n<tr>\n<td class=\"label\" align=\"left\" valign=\"bottom\" width=\"30%\">power<\/td>\n<td class=\"value\" align=\"right\" valign=\"bottom\" width=\"70%\">212.5 kw \/ 285 bhp<\/td>\n<\/tr>\n<tr>\n<td class=\"label\" align=\"left\" valign=\"bottom\" width=\"30%\">bhp\/weight<\/td>\n<td class=\"value\" align=\"right\" valign=\"bottom\" width=\"70%\">393.1 bhp per tonne<\/td>\n<\/tr>\n<tr>\n<td class=\"label\" align=\"left\" valign=\"bottom\" width=\"30%\">torque<\/td>\n<td class=\"value\" align=\"right\" valign=\"bottom\" width=\"70%\">402 nm \/ 296.5 ft lbs<\/td>\n<\/tr>\n<tr>\n<td class=\"boldlabel\" align=\"left\" valign=\"bottom\" width=\"30%\">body \/ frame<\/td>\n<td class=\"boldvalue\" align=\"right\" valign=\"bottom\" width=\"70%\">Bonded Tub Chassis<\/td>\n<\/tr>\n<tr>\n<td class=\"label\" align=\"left\" valign=\"bottom\" width=\"30%\">wheel type<\/td>\n<td class=\"value\" align=\"right\" valign=\"bottom\" width=\"70%\">OZ Alloy<\/td>\n<\/tr>\n<tr>\n<td class=\"label\" align=\"left\" valign=\"bottom\" width=\"30%\">front tires<\/td>\n<td class=\"value\" align=\"right\" valign=\"bottom\" width=\"70%\">205\/45 x 17 Michelin<\/td>\n<\/tr>\n<tr>\n<td class=\"label\" align=\"left\" valign=\"bottom\" width=\"30%\">rear tires<\/td>\n<td class=\"value\" align=\"right\" valign=\"bottom\" width=\"70%\">235\/45 x 18 Michelin<\/td>\n<\/tr>\n<tr>\n<td class=\"label\" align=\"left\" valign=\"bottom\" width=\"30%\">steering<\/td>\n<td class=\"value\" align=\"right\" valign=\"bottom\" width=\"70%\">Rack &amp; Pinion<\/td>\n<\/tr>\n<tr>\n<td class=\"label\" align=\"left\" valign=\"bottom\" width=\"30%\">curb weight<\/td>\n<td class=\"value\" align=\"right\" valign=\"bottom\" width=\"70%\">725 kg \/ 1599 lbs<\/td>\n<\/tr>\n<tr>\n<td class=\"label\" align=\"left\" valign=\"bottom\" width=\"30%\">dry weight<\/td>\n<td class=\"value\" align=\"right\" valign=\"bottom\" width=\"70%\">695 kg \/ 1532 lbs<\/td>\n<\/tr>\n<tr>\n<td class=\"label\" align=\"left\" valign=\"bottom\" width=\"30%\">weight distro<\/td>\n<td class=\"value\" align=\"right\" valign=\"bottom\" width=\"70%\">37 % \/ 63 %<\/td>\n<\/tr>\n<tr>\n<td class=\"label\" align=\"left\" valign=\"bottom\" width=\"30%\">wheelbase<\/td>\n<td class=\"value\" align=\"right\" valign=\"bottom\" width=\"70%\">2300 mm \/ 90.6 in<\/td>\n<\/tr>\n<tr>\n<td class=\"label\" align=\"left\" valign=\"bottom\" width=\"30%\">length<\/td>\n<td class=\"value\" align=\"right\" valign=\"bottom\" width=\"70%\">3718 mm \/ 146.4 in<\/td>\n<\/tr>\n<tr>\n<td class=\"label\" align=\"left\" valign=\"bottom\" width=\"30%\">width<\/td>\n<td class=\"value\" align=\"right\" valign=\"bottom\" width=\"70%\">1876 mm \/ 73.9 in<\/td>\n<\/tr>\n<tr>\n<td class=\"label\" align=\"left\" valign=\"bottom\" width=\"30%\">height<\/td>\n<td class=\"value\" align=\"right\" valign=\"bottom\" width=\"70%\">1120 mm \/ 44.1 in<\/td>\n<\/tr>\n<tr>\n<td class=\"label\" align=\"left\" valign=\"bottom\" width=\"30%\">transmission<\/td>\n<td class=\"value\" align=\"right\" valign=\"bottom\" width=\"70%\">6-Speed Manual<\/td>\n<\/tr>\n<tr>\n<td class=\"boldlabel\" align=\"left\" valign=\"bottom\" width=\"30%\">top speed<\/td>\n<td class=\"boldvalue\" align=\"right\" valign=\"bottom\" width=\"70%\">~245 kph \/ 152.15 mph<\/td>\n<\/tr>\n<tr>\n<td class=\"label\" align=\"left\" valign=\"bottom\" width=\"30%\">0 &#8211; 100 kph<\/td>\n<td class=\"value\" align=\"right\" valign=\"bottom\" width=\"70%\">~3.7 seconds<\/td>\n<\/tr>\n<\/tbody>\n<\/table>\n<p>&nbsp;<\/p>\n","protected":false},"excerpt":{"rendered":"<p>2013 V\u016aHL 05 Royal Automobile Club, Pall Mall, London, July 3, 2013 &#8211; the V\u016aHL 05 is an innovative mid-engined two-seater born of a motorsport heritage. Guillermo Echeverria senior, the father of its designers Guillermo and Iker Echeverria, was a professional driver who built and successfully raced his own cars for 30 years. The sons inherited his passion and knowledge and added qualifications in transportation design. Guillermo Junior has direct experience of the performance car industry, while Iker won the [&hellip;]<\/p>\n","protected":false},"author":2,"featured_media":2702,"comment_status":"open","ping_status":"closed","sticky":false,"template":"","format":"standard","meta":{"footnotes":""},"categories":[2191,9348,17102,233],"tags":[18323,6826,33,13061,17405,232,21050],"class_list":["post-2682","post","type-post","status-publish","format-standard","has-post-thumbnail","hentry","category-2010s","category-guides","category-model-guides-concept-cars","category-vuhl","tag-2010s-all","tag-2010s-cars","tag-concept","tag-car-profiles","tag-model-guides-concept-cars","tag-vuhl","tag-vuhl-model-guides-all"],"yoast_head":"<!-- This site is optimized with the Yoast SEO plugin v27.5 - https:\/\/yoast.com\/product\/yoast-seo-wordpress\/ -->\n<title>2013 V\u016aHL 05<\/title>\n<meta name=\"robots\" content=\"index, follow, max-snippet:-1, max-image-preview:large, max-video-preview:-1\" \/>\n<link rel=\"canonical\" href=\"https:\/\/www.supercars.net\/blog\/2013-vuhl-05\/\" \/>\n<meta property=\"og:locale\" content=\"en_US\" \/>\n<meta property=\"og:type\" content=\"article\" \/>\n<meta property=\"og:title\" content=\"2013 V\u016aHL 05\" \/>\n<meta property=\"og:description\" content=\"2013 V\u016aHL 05 Royal Automobile Club, Pall Mall, London, July 3, 2013 &#8211; the V\u016aHL 05 is an innovative mid-engined two-seater born of a motorsport heritage. Guillermo Echeverria senior, the father of its designers Guillermo and Iker Echeverria, was a professional driver who built and successfully raced his own cars for 30 years. The sons inherited his passion and knowledge and added qualifications in transportation design. Guillermo Junior has direct experience of the performance car industry, while Iker won the [&hellip;]\" \/>\n<meta property=\"og:url\" content=\"https:\/\/www.supercars.net\/blog\/2013-vuhl-05\/\" \/>\n<meta property=\"og:site_name\" content=\"Supercars.net\" \/>\n<meta property=\"article:publisher\" content=\"https:\/\/www.facebook.com\/Supercars.net\/\" \/>\n<meta property=\"article:author\" content=\"https:\/\/www.facebook.com\/Supercars.net\/\" \/>\n<meta property=\"article:published_time\" content=\"2015-12-22T15:55:26+00:00\" \/>\n<meta property=\"article:modified_time\" content=\"2024-12-27T00:22:19+00:00\" \/>\n<meta property=\"og:image\" content=\"https:\/\/www.supercars.net\/blog\/wp-content\/uploads\/2015\/12\/2013_VHL_05-0-1024.jpg\" \/>\n\t<meta property=\"og:image:width\" content=\"1024\" \/>\n\t<meta property=\"og:image:height\" content=\"576\" \/>\n\t<meta property=\"og:image:type\" content=\"image\/jpeg\" \/>\n<meta name=\"author\" content=\"Editorial Team\" \/>\n<meta name=\"twitter:card\" content=\"summary_large_image\" \/>\n<meta name=\"twitter:creator\" content=\"@https:\/\/twitter.com\/supercars_net\" \/>\n<meta name=\"twitter:site\" content=\"@supercars_net\" \/>\n<meta name=\"twitter:label1\" content=\"Written by\" \/>\n\t<meta name=\"twitter:data1\" content=\"Editorial Team\" \/>\n\t<meta name=\"twitter:label2\" content=\"Est. reading time\" \/>\n\t<meta name=\"twitter:data2\" content=\"3 minutes\" \/>\n<script type=\"application\/ld+json\" class=\"yoast-schema-graph\">{\"@context\":\"https:\\\/\\\/schema.org\",\"@graph\":[{\"@type\":\"Article\",\"@id\":\"https:\\\/\\\/www.supercars.net\\\/blog\\\/2013-vuhl-05\\\/#article\",\"isPartOf\":{\"@id\":\"https:\\\/\\\/www.supercars.net\\\/blog\\\/2013-vuhl-05\\\/\"},\"author\":{\"name\":\"Editorial Team\",\"@id\":\"https:\\\/\\\/www.supercars.net\\\/blog\\\/#\\\/schema\\\/person\\\/08906293a84eafb03312b711c1507c7e\"},\"headline\":\"2013 V\u016aHL 05\",\"datePublished\":\"2015-12-22T15:55:26+00:00\",\"dateModified\":\"2024-12-27T00:22:19+00:00\",\"mainEntityOfPage\":{\"@id\":\"https:\\\/\\\/www.supercars.net\\\/blog\\\/2013-vuhl-05\\\/\"},\"wordCount\":667,\"commentCount\":0,\"image\":{\"@id\":\"https:\\\/\\\/www.supercars.net\\\/blog\\\/2013-vuhl-05\\\/#primaryimage\"},\"thumbnailUrl\":\"https:\\\/\\\/www.supercars.net\\\/blog\\\/wp-content\\\/uploads\\\/2015\\\/12\\\/2013_VHL_05-0-1024.jpg\",\"keywords\":[\"2010s All\",\"2010s Cars\",\"Concept Cars\",\"Model Guides (All)\",\"Model Guides (Concept Cars)\",\"VUHL\",\"VUHL Model Guides (All)\"],\"articleSection\":[\"2010s Cars\",\"Model Guides (All)\",\"Model Guides (Concept Cars)\",\"V\u016aHL\"],\"inLanguage\":\"en-US\",\"potentialAction\":[{\"@type\":\"CommentAction\",\"name\":\"Comment\",\"target\":[\"https:\\\/\\\/www.supercars.net\\\/blog\\\/2013-vuhl-05\\\/#respond\"]}]},{\"@type\":\"WebPage\",\"@id\":\"https:\\\/\\\/www.supercars.net\\\/blog\\\/2013-vuhl-05\\\/\",\"url\":\"https:\\\/\\\/www.supercars.net\\\/blog\\\/2013-vuhl-05\\\/\",\"name\":\"2013 V\u016aHL 05\",\"isPartOf\":{\"@id\":\"https:\\\/\\\/www.supercars.net\\\/blog\\\/#website\"},\"primaryImageOfPage\":{\"@id\":\"https:\\\/\\\/www.supercars.net\\\/blog\\\/2013-vuhl-05\\\/#primaryimage\"},\"image\":{\"@id\":\"https:\\\/\\\/www.supercars.net\\\/blog\\\/2013-vuhl-05\\\/#primaryimage\"},\"thumbnailUrl\":\"https:\\\/\\\/www.supercars.net\\\/blog\\\/wp-content\\\/uploads\\\/2015\\\/12\\\/2013_VHL_05-0-1024.jpg\",\"datePublished\":\"2015-12-22T15:55:26+00:00\",\"dateModified\":\"2024-12-27T00:22:19+00:00\",\"author\":{\"@id\":\"https:\\\/\\\/www.supercars.net\\\/blog\\\/#\\\/schema\\\/person\\\/08906293a84eafb03312b711c1507c7e\"},\"breadcrumb\":{\"@id\":\"https:\\\/\\\/www.supercars.net\\\/blog\\\/2013-vuhl-05\\\/#breadcrumb\"},\"inLanguage\":\"en-US\",\"potentialAction\":[{\"@type\":\"ReadAction\",\"target\":[\"https:\\\/\\\/www.supercars.net\\\/blog\\\/2013-vuhl-05\\\/\"]}]},{\"@type\":\"ImageObject\",\"inLanguage\":\"en-US\",\"@id\":\"https:\\\/\\\/www.supercars.net\\\/blog\\\/2013-vuhl-05\\\/#primaryimage\",\"url\":\"https:\\\/\\\/www.supercars.net\\\/blog\\\/wp-content\\\/uploads\\\/2015\\\/12\\\/2013_VHL_05-0-1024.jpg\",\"contentUrl\":\"https:\\\/\\\/www.supercars.net\\\/blog\\\/wp-content\\\/uploads\\\/2015\\\/12\\\/2013_VHL_05-0-1024.jpg\",\"width\":1024,\"height\":576,\"caption\":\"2013 V\u016aHL 05\"},{\"@type\":\"BreadcrumbList\",\"@id\":\"https:\\\/\\\/www.supercars.net\\\/blog\\\/2013-vuhl-05\\\/#breadcrumb\",\"itemListElement\":[{\"@type\":\"ListItem\",\"position\":1,\"name\":\"Home\",\"item\":\"https:\\\/\\\/www.supercars.net\\\/blog\\\/\"},{\"@type\":\"ListItem\",\"position\":2,\"name\":\"2013 V\u016aHL 05\"}]},{\"@type\":\"WebSite\",\"@id\":\"https:\\\/\\\/www.supercars.net\\\/blog\\\/#website\",\"url\":\"https:\\\/\\\/www.supercars.net\\\/blog\\\/\",\"name\":\"Supercars.net\",\"description\":\"Exotic and Supercar news, information, pictures and videos\",\"potentialAction\":[{\"@type\":\"SearchAction\",\"target\":{\"@type\":\"EntryPoint\",\"urlTemplate\":\"https:\\\/\\\/www.supercars.net\\\/blog\\\/?s={search_term_string}\"},\"query-input\":{\"@type\":\"PropertyValueSpecification\",\"valueRequired\":true,\"valueName\":\"search_term_string\"}}],\"inLanguage\":\"en-US\"},{\"@type\":\"Person\",\"@id\":\"https:\\\/\\\/www.supercars.net\\\/blog\\\/#\\\/schema\\\/person\\\/08906293a84eafb03312b711c1507c7e\",\"name\":\"Editorial Team\",\"image\":{\"@type\":\"ImageObject\",\"inLanguage\":\"en-US\",\"@id\":\"https:\\\/\\\/www.supercars.net\\\/blog\\\/wp-content\\\/uploads\\\/2012\\\/01\\\/196-293x293.jpg\",\"url\":\"https:\\\/\\\/www.supercars.net\\\/blog\\\/wp-content\\\/uploads\\\/2012\\\/01\\\/196-293x293.jpg\",\"contentUrl\":\"https:\\\/\\\/www.supercars.net\\\/blog\\\/wp-content\\\/uploads\\\/2012\\\/01\\\/196-293x293.jpg\",\"caption\":\"Editorial Team\"},\"description\":\"Regular people by day, car obsessed nutcases by night. We are like kids in a candy store, except the candy is made of metal, goes vroom-vroom, and occasionally bankrupts us faster than a sugar rush at a candy store sale! We spend hours debating the merits of turbochargers versus superchargers, and our weekends are a never-ending quest for the perfect polish and wax combo. We can identify every make and model by the sound of a revving engine, and our idea of a romantic evening is a candlelit dinner with our cars in the garage.\",\"sameAs\":[\"http:\\\/\\\/www.supercars.net\",\"https:\\\/\\\/www.facebook.com\\\/Supercars.net\\\/\",\"https:\\\/\\\/instagram.com\\\/super.cars.fans\",\"https:\\\/\\\/x.com\\\/https:\\\/\\\/twitter.com\\\/supercars_net\"],\"url\":\"https:\\\/\\\/www.supercars.net\\\/blog\\\/author\\\/supercars\\\/\"}]}<\/script>\n<!-- \/ Yoast SEO plugin. -->","yoast_head_json":{"title":"2013 V\u016aHL 05","robots":{"index":"index","follow":"follow","max-snippet":"max-snippet:-1","max-image-preview":"max-image-preview:large","max-video-preview":"max-video-preview:-1"},"canonical":"https:\/\/www.supercars.net\/blog\/2013-vuhl-05\/","og_locale":"en_US","og_type":"article","og_title":"2013 V\u016aHL 05","og_description":"2013 V\u016aHL 05 Royal Automobile Club, Pall Mall, London, July 3, 2013 &#8211; the V\u016aHL 05 is an innovative mid-engined two-seater born of a motorsport heritage. Guillermo Echeverria senior, the father of its designers Guillermo and Iker Echeverria, was a professional driver who built and successfully raced his own cars for 30 years. The sons inherited his passion and knowledge and added qualifications in transportation design. Guillermo Junior has direct experience of the performance car industry, while Iker won the [&hellip;]","og_url":"https:\/\/www.supercars.net\/blog\/2013-vuhl-05\/","og_site_name":"Supercars.net","article_publisher":"https:\/\/www.facebook.com\/Supercars.net\/","article_author":"https:\/\/www.facebook.com\/Supercars.net\/","article_published_time":"2015-12-22T15:55:26+00:00","article_modified_time":"2024-12-27T00:22:19+00:00","og_image":[{"width":1024,"height":576,"url":"https:\/\/www.supercars.net\/blog\/wp-content\/uploads\/2015\/12\/2013_VHL_05-0-1024.jpg","type":"image\/jpeg"}],"author":"Editorial Team","twitter_card":"summary_large_image","twitter_creator":"@https:\/\/twitter.com\/supercars_net","twitter_site":"@supercars_net","twitter_misc":{"Written by":"Editorial Team","Est. reading time":"3 minutes"},"schema":{"@context":"https:\/\/schema.org","@graph":[{"@type":"Article","@id":"https:\/\/www.supercars.net\/blog\/2013-vuhl-05\/#article","isPartOf":{"@id":"https:\/\/www.supercars.net\/blog\/2013-vuhl-05\/"},"author":{"name":"Editorial Team","@id":"https:\/\/www.supercars.net\/blog\/#\/schema\/person\/08906293a84eafb03312b711c1507c7e"},"headline":"2013 V\u016aHL 05","datePublished":"2015-12-22T15:55:26+00:00","dateModified":"2024-12-27T00:22:19+00:00","mainEntityOfPage":{"@id":"https:\/\/www.supercars.net\/blog\/2013-vuhl-05\/"},"wordCount":667,"commentCount":0,"image":{"@id":"https:\/\/www.supercars.net\/blog\/2013-vuhl-05\/#primaryimage"},"thumbnailUrl":"https:\/\/www.supercars.net\/blog\/wp-content\/uploads\/2015\/12\/2013_VHL_05-0-1024.jpg","keywords":["2010s All","2010s Cars","Concept Cars","Model Guides (All)","Model Guides (Concept Cars)","VUHL","VUHL Model Guides (All)"],"articleSection":["2010s Cars","Model Guides (All)","Model Guides (Concept Cars)","V\u016aHL"],"inLanguage":"en-US","potentialAction":[{"@type":"CommentAction","name":"Comment","target":["https:\/\/www.supercars.net\/blog\/2013-vuhl-05\/#respond"]}]},{"@type":"WebPage","@id":"https:\/\/www.supercars.net\/blog\/2013-vuhl-05\/","url":"https:\/\/www.supercars.net\/blog\/2013-vuhl-05\/","name":"2013 V\u016aHL 05","isPartOf":{"@id":"https:\/\/www.supercars.net\/blog\/#website"},"primaryImageOfPage":{"@id":"https:\/\/www.supercars.net\/blog\/2013-vuhl-05\/#primaryimage"},"image":{"@id":"https:\/\/www.supercars.net\/blog\/2013-vuhl-05\/#primaryimage"},"thumbnailUrl":"https:\/\/www.supercars.net\/blog\/wp-content\/uploads\/2015\/12\/2013_VHL_05-0-1024.jpg","datePublished":"2015-12-22T15:55:26+00:00","dateModified":"2024-12-27T00:22:19+00:00","author":{"@id":"https:\/\/www.supercars.net\/blog\/#\/schema\/person\/08906293a84eafb03312b711c1507c7e"},"breadcrumb":{"@id":"https:\/\/www.supercars.net\/blog\/2013-vuhl-05\/#breadcrumb"},"inLanguage":"en-US","potentialAction":[{"@type":"ReadAction","target":["https:\/\/www.supercars.net\/blog\/2013-vuhl-05\/"]}]},{"@type":"ImageObject","inLanguage":"en-US","@id":"https:\/\/www.supercars.net\/blog\/2013-vuhl-05\/#primaryimage","url":"https:\/\/www.supercars.net\/blog\/wp-content\/uploads\/2015\/12\/2013_VHL_05-0-1024.jpg","contentUrl":"https:\/\/www.supercars.net\/blog\/wp-content\/uploads\/2015\/12\/2013_VHL_05-0-1024.jpg","width":1024,"height":576,"caption":"2013 V\u016aHL 05"},{"@type":"BreadcrumbList","@id":"https:\/\/www.supercars.net\/blog\/2013-vuhl-05\/#breadcrumb","itemListElement":[{"@type":"ListItem","position":1,"name":"Home","item":"https:\/\/www.supercars.net\/blog\/"},{"@type":"ListItem","position":2,"name":"2013 V\u016aHL 05"}]},{"@type":"WebSite","@id":"https:\/\/www.supercars.net\/blog\/#website","url":"https:\/\/www.supercars.net\/blog\/","name":"Supercars.net","description":"Exotic and Supercar news, information, pictures and videos","potentialAction":[{"@type":"SearchAction","target":{"@type":"EntryPoint","urlTemplate":"https:\/\/www.supercars.net\/blog\/?s={search_term_string}"},"query-input":{"@type":"PropertyValueSpecification","valueRequired":true,"valueName":"search_term_string"}}],"inLanguage":"en-US"},{"@type":"Person","@id":"https:\/\/www.supercars.net\/blog\/#\/schema\/person\/08906293a84eafb03312b711c1507c7e","name":"Editorial Team","image":{"@type":"ImageObject","inLanguage":"en-US","@id":"https:\/\/www.supercars.net\/blog\/wp-content\/uploads\/2012\/01\/196-293x293.jpg","url":"https:\/\/www.supercars.net\/blog\/wp-content\/uploads\/2012\/01\/196-293x293.jpg","contentUrl":"https:\/\/www.supercars.net\/blog\/wp-content\/uploads\/2012\/01\/196-293x293.jpg","caption":"Editorial Team"},"description":"Regular people by day, car obsessed nutcases by night. We are like kids in a candy store, except the candy is made of metal, goes vroom-vroom, and occasionally bankrupts us faster than a sugar rush at a candy store sale! We spend hours debating the merits of turbochargers versus superchargers, and our weekends are a never-ending quest for the perfect polish and wax combo. We can identify every make and model by the sound of a revving engine, and our idea of a romantic evening is a candlelit dinner with our cars in the garage.","sameAs":["http:\/\/www.supercars.net","https:\/\/www.facebook.com\/Supercars.net\/","https:\/\/instagram.com\/super.cars.fans","https:\/\/x.com\/https:\/\/twitter.com\/supercars_net"],"url":"https:\/\/www.supercars.net\/blog\/author\/supercars\/"}]}},"_links":{"self":[{"href":"https:\/\/www.supercars.net\/blog\/wp-json\/wp\/v2\/posts\/2682","targetHints":{"allow":["GET"]}}],"collection":[{"href":"https:\/\/www.supercars.net\/blog\/wp-json\/wp\/v2\/posts"}],"about":[{"href":"https:\/\/www.supercars.net\/blog\/wp-json\/wp\/v2\/types\/post"}],"author":[{"embeddable":true,"href":"https:\/\/www.supercars.net\/blog\/wp-json\/wp\/v2\/users\/2"}],"replies":[{"embeddable":true,"href":"https:\/\/www.supercars.net\/blog\/wp-json\/wp\/v2\/comments?post=2682"}],"version-history":[{"count":0,"href":"https:\/\/www.supercars.net\/blog\/wp-json\/wp\/v2\/posts\/2682\/revisions"}],"wp:featuredmedia":[{"embeddable":true,"href":"https:\/\/www.supercars.net\/blog\/wp-json\/wp\/v2\/media\/2702"}],"wp:attachment":[{"href":"https:\/\/www.supercars.net\/blog\/wp-json\/wp\/v2\/media?parent=2682"}],"wp:term":[{"taxonomy":"category","embeddable":true,"href":"https:\/\/www.supercars.net\/blog\/wp-json\/wp\/v2\/categories?post=2682"},{"taxonomy":"post_tag","embeddable":true,"href":"https:\/\/www.supercars.net\/blog\/wp-json\/wp\/v2\/tags?post=2682"}],"curies":[{"name":"wp","href":"https:\/\/api.w.org\/{rel}","templated":true}]}}