{"id":271277,"date":"2016-04-21T17:11:08","date_gmt":"2016-04-21T17:11:08","guid":{"rendered":"http:\/\/blog.supercars.net\/blog\/?p=271277"},"modified":"2024-02-10T02:03:16","modified_gmt":"2024-02-10T02:03:16","slug":"2012-audi-r18-e-tron-quattro-gallery-2","status":"publish","type":"post","link":"https:\/\/www.supercars.net\/blog\/2012-audi-r18-e-tron-quattro-gallery-2\/","title":{"rendered":"2012 Audi R18 e-tron quattro Image Gallery"},"content":{"rendered":"<h1>2012 Audi R18 e-tron quattro Gallery<\/h1>\n<figure class='gallery-item'>\r\n            <div class='gallery-icon landscape'>\r\n                <a href='https:\/\/www.supercars.net\/blog\/wp-content\/uploads\/2016\/04\/1033757.jpg' class='tipi-lightbox'>\r\n\t\t\t\t<img decoding=\"async\" width=\"1024\" height=\"683\" src=\"https:\/\/www.supercars.net\/blog\/wp-content\/uploads\/2016\/04\/1033757.jpg\" class=\"attachment-full size-full\" alt=\"2012 Audi R18 e-tron quattro Gallery\" srcset=\"https:\/\/www.supercars.net\/blog\/wp-content\/uploads\/2016\/04\/1033757.jpg 1024w, https:\/\/www.supercars.net\/blog\/wp-content\/uploads\/2016\/04\/1033757-300x200.jpg 300w, https:\/\/www.supercars.net\/blog\/wp-content\/uploads\/2016\/04\/1033757-100x67.jpg 100w, https:\/\/www.supercars.net\/blog\/wp-content\/uploads\/2016\/04\/1033757-770x514.jpg 770w, https:\/\/www.supercars.net\/blog\/wp-content\/uploads\/2016\/04\/1033757-360x240.jpg 360w, https:\/\/www.supercars.net\/blog\/wp-content\/uploads\/2016\/04\/1033757-370x247.jpg 370w, https:\/\/www.supercars.net\/blog\/wp-content\/uploads\/2016\/04\/1033757-293x195.jpg 293w\" sizes=\"(max-width: 1024px) 100vw, 1024px\" \/>\r\n\t\t\t\t<\/a>\r\n            <\/div>\r\n                <div class='wp-caption-text gallery-caption'>\r\n                Audi R18 e-tron quattro #1 (Audi Sport Team Joest)\nMarcel F\u00e4ssler (CH), Andr\u00e9 Lotterer (D), Beno\u00eet Tr\u00e9luyer (F)\r\n                <\/div><\/figure><figure class='gallery-item'>\r\n            <div class='gallery-icon landscape'>\r\n                <a href='https:\/\/www.supercars.net\/blog\/wp-content\/uploads\/2016\/04\/1033758.jpg' class='tipi-lightbox'>\r\n\t\t\t\t<img decoding=\"async\" width=\"1024\" height=\"683\" src=\"https:\/\/www.supercars.net\/blog\/wp-content\/uploads\/2016\/04\/1033758.jpg\" class=\"attachment-full size-full\" alt=\"2012 Audi R18 e-tron quattro Gallery\" srcset=\"https:\/\/www.supercars.net\/blog\/wp-content\/uploads\/2016\/04\/1033758.jpg 1024w, https:\/\/www.supercars.net\/blog\/wp-content\/uploads\/2016\/04\/1033758-300x200.jpg 300w, https:\/\/www.supercars.net\/blog\/wp-content\/uploads\/2016\/04\/1033758-100x67.jpg 100w, https:\/\/www.supercars.net\/blog\/wp-content\/uploads\/2016\/04\/1033758-770x514.jpg 770w, https:\/\/www.supercars.net\/blog\/wp-content\/uploads\/2016\/04\/1033758-360x240.jpg 360w, https:\/\/www.supercars.net\/blog\/wp-content\/uploads\/2016\/04\/1033758-370x247.jpg 370w, https:\/\/www.supercars.net\/blog\/wp-content\/uploads\/2016\/04\/1033758-293x195.jpg 293w\" sizes=\"(max-width: 1024px) 100vw, 1024px\" \/>\r\n\t\t\t\t<\/a>\r\n            <\/div>\r\n                <div class='wp-caption-text gallery-caption'>\r\n                Audi R18 e-tron quattro #1 (Audi Sport Team Joest)\nMarcel F\u00e4ssler (CH), Andr\u00e9 Lotterer (D), Beno\u00eet Tr\u00e9luyer (F)\r\n                <\/div><\/figure><figure class='gallery-item'>\r\n            <div class='gallery-icon landscape'>\r\n                <a href='https:\/\/www.supercars.net\/blog\/wp-content\/uploads\/2016\/04\/1033759.jpg' class='tipi-lightbox'>\r\n\t\t\t\t<img decoding=\"async\" width=\"1024\" height=\"683\" src=\"https:\/\/www.supercars.net\/blog\/wp-content\/uploads\/2016\/04\/1033759.jpg\" class=\"attachment-full size-full\" alt=\"2012 Audi R18 e-tron quattro Gallery\" srcset=\"https:\/\/www.supercars.net\/blog\/wp-content\/uploads\/2016\/04\/1033759.jpg 1024w, https:\/\/www.supercars.net\/blog\/wp-content\/uploads\/2016\/04\/1033759-300x200.jpg 300w, https:\/\/www.supercars.net\/blog\/wp-content\/uploads\/2016\/04\/1033759-100x67.jpg 100w, https:\/\/www.supercars.net\/blog\/wp-content\/uploads\/2016\/04\/1033759-770x514.jpg 770w, https:\/\/www.supercars.net\/blog\/wp-content\/uploads\/2016\/04\/1033759-360x240.jpg 360w, https:\/\/www.supercars.net\/blog\/wp-content\/uploads\/2016\/04\/1033759-370x247.jpg 370w, https:\/\/www.supercars.net\/blog\/wp-content\/uploads\/2016\/04\/1033759-293x195.jpg 293w\" sizes=\"(max-width: 1024px) 100vw, 1024px\" \/>\r\n\t\t\t\t<\/a>\r\n            <\/div>\r\n                <div class='wp-caption-text gallery-caption'>\r\n                Audi R18 e-tron quattro #1 (Audi Sport Team Joest)\nMarcel F\u00e4ssler (CH), Andr\u00e9 Lotterer (D), Beno\u00eet Tr\u00e9luyer (F)\r\n                <\/div><\/figure><figure class='gallery-item'>\r\n            <div class='gallery-icon landscape'>\r\n                <a href='https:\/\/www.supercars.net\/blog\/wp-content\/uploads\/2016\/04\/1033760.jpg' class='tipi-lightbox'>\r\n\t\t\t\t<img decoding=\"async\" width=\"1024\" height=\"683\" src=\"https:\/\/www.supercars.net\/blog\/wp-content\/uploads\/2016\/04\/1033760.jpg\" class=\"attachment-full size-full\" alt=\"2012 Audi R18 e-tron quattro Gallery\" srcset=\"https:\/\/www.supercars.net\/blog\/wp-content\/uploads\/2016\/04\/1033760.jpg 1024w, https:\/\/www.supercars.net\/blog\/wp-content\/uploads\/2016\/04\/1033760-300x200.jpg 300w, https:\/\/www.supercars.net\/blog\/wp-content\/uploads\/2016\/04\/1033760-100x67.jpg 100w, https:\/\/www.supercars.net\/blog\/wp-content\/uploads\/2016\/04\/1033760-770x514.jpg 770w, https:\/\/www.supercars.net\/blog\/wp-content\/uploads\/2016\/04\/1033760-360x240.jpg 360w, https:\/\/www.supercars.net\/blog\/wp-content\/uploads\/2016\/04\/1033760-370x247.jpg 370w, https:\/\/www.supercars.net\/blog\/wp-content\/uploads\/2016\/04\/1033760-293x195.jpg 293w\" sizes=\"(max-width: 1024px) 100vw, 1024px\" \/>\r\n\t\t\t\t<\/a>\r\n            <\/div>\r\n                <div class='wp-caption-text gallery-caption'>\r\n                Audi R18 e-tron quattro #1 (Audi Sport Team Joest)\nMarcel F\u00e4ssler (CH), Andr\u00e9 Lotterer (D), Beno\u00eet Tr\u00e9luyer (F)\r\n                <\/div><\/figure><figure class='gallery-item'>\r\n            <div class='gallery-icon landscape'>\r\n                <a href='https:\/\/www.supercars.net\/blog\/wp-content\/uploads\/2016\/04\/1033769.jpg' class='tipi-lightbox'>\r\n\t\t\t\t<img decoding=\"async\" width=\"1024\" height=\"683\" src=\"https:\/\/www.supercars.net\/blog\/wp-content\/uploads\/2016\/04\/1033769.jpg\" class=\"attachment-full size-full\" alt=\"2012 Audi R18 e-tron quattro Gallery\" srcset=\"https:\/\/www.supercars.net\/blog\/wp-content\/uploads\/2016\/04\/1033769.jpg 1024w, https:\/\/www.supercars.net\/blog\/wp-content\/uploads\/2016\/04\/1033769-300x200.jpg 300w, https:\/\/www.supercars.net\/blog\/wp-content\/uploads\/2016\/04\/1033769-100x67.jpg 100w, https:\/\/www.supercars.net\/blog\/wp-content\/uploads\/2016\/04\/1033769-770x514.jpg 770w, https:\/\/www.supercars.net\/blog\/wp-content\/uploads\/2016\/04\/1033769-360x240.jpg 360w, https:\/\/www.supercars.net\/blog\/wp-content\/uploads\/2016\/04\/1033769-370x247.jpg 370w, https:\/\/www.supercars.net\/blog\/wp-content\/uploads\/2016\/04\/1033769-293x195.jpg 293w\" sizes=\"(max-width: 1024px) 100vw, 1024px\" \/>\r\n\t\t\t\t<\/a>\r\n            <\/div>\r\n                <div class='wp-caption-text gallery-caption'>\r\n                Andr\u00e9 Lotterer (D) Audi R18 e-tron quattro #1 (Audi Sport Team Joest)\r\n                <\/div><\/figure><figure class='gallery-item'>\r\n            <div class='gallery-icon landscape'>\r\n                <a href='https:\/\/www.supercars.net\/blog\/wp-content\/uploads\/2016\/04\/1033770.jpg' class='tipi-lightbox'>\r\n\t\t\t\t<img decoding=\"async\" width=\"1024\" height=\"683\" src=\"https:\/\/www.supercars.net\/blog\/wp-content\/uploads\/2016\/04\/1033770.jpg\" class=\"attachment-full size-full\" alt=\"2012 Audi R18 e-tron quattro Gallery\" srcset=\"https:\/\/www.supercars.net\/blog\/wp-content\/uploads\/2016\/04\/1033770.jpg 1024w, https:\/\/www.supercars.net\/blog\/wp-content\/uploads\/2016\/04\/1033770-300x200.jpg 300w, https:\/\/www.supercars.net\/blog\/wp-content\/uploads\/2016\/04\/1033770-100x67.jpg 100w, https:\/\/www.supercars.net\/blog\/wp-content\/uploads\/2016\/04\/1033770-770x514.jpg 770w, https:\/\/www.supercars.net\/blog\/wp-content\/uploads\/2016\/04\/1033770-360x240.jpg 360w, https:\/\/www.supercars.net\/blog\/wp-content\/uploads\/2016\/04\/1033770-370x247.jpg 370w, https:\/\/www.supercars.net\/blog\/wp-content\/uploads\/2016\/04\/1033770-293x195.jpg 293w\" sizes=\"(max-width: 1024px) 100vw, 1024px\" \/>\r\n\t\t\t\t<\/a>\r\n            <\/div>\r\n                <div class='wp-caption-text gallery-caption'>\r\n                Audi R18 e-tron quattro #1 (Audi Sport Team Joest)\nMarcel F\u00e4ssler (CH), Andr\u00e9 Lotterer (D), Beno\u00eet Tr\u00e9luyer (F)\r\n                <\/div><\/figure><figure class='gallery-item'>\r\n            <div class='gallery-icon landscape'>\r\n                <a href='https:\/\/www.supercars.net\/blog\/wp-content\/uploads\/2016\/04\/1033786.jpg' class='tipi-lightbox'>\r\n\t\t\t\t<img decoding=\"async\" width=\"1024\" height=\"683\" src=\"https:\/\/www.supercars.net\/blog\/wp-content\/uploads\/2016\/04\/1033786.jpg\" class=\"attachment-full size-full\" alt=\"2012 Audi R18 e-tron quattro Gallery\" srcset=\"https:\/\/www.supercars.net\/blog\/wp-content\/uploads\/2016\/04\/1033786.jpg 1024w, https:\/\/www.supercars.net\/blog\/wp-content\/uploads\/2016\/04\/1033786-300x200.jpg 300w, https:\/\/www.supercars.net\/blog\/wp-content\/uploads\/2016\/04\/1033786-100x67.jpg 100w, https:\/\/www.supercars.net\/blog\/wp-content\/uploads\/2016\/04\/1033786-770x514.jpg 770w, https:\/\/www.supercars.net\/blog\/wp-content\/uploads\/2016\/04\/1033786-360x240.jpg 360w, https:\/\/www.supercars.net\/blog\/wp-content\/uploads\/2016\/04\/1033786-370x247.jpg 370w, https:\/\/www.supercars.net\/blog\/wp-content\/uploads\/2016\/04\/1033786-293x195.jpg 293w\" sizes=\"(max-width: 1024px) 100vw, 1024px\" \/>\r\n\t\t\t\t<\/a>\r\n            <\/div>\r\n                <div class='wp-caption-text gallery-caption'>\r\n                MOTORSPORT &#8211; WORLD ENDURANCE CHAMPIONSHIP 2012 &#8211; 6 HOURS OF SPA &#8211; SPA FRANCORCHAMPS (BEL) &#8211; 03 TO 06\/05\/2012 &#8211; PHOTO : FLORENT GOODEN \/ DPPI &#8211;\r\n                <\/div><\/figure><figure class='gallery-item'>\r\n            <div class='gallery-icon landscape'>\r\n                <a href='https:\/\/www.supercars.net\/blog\/wp-content\/uploads\/2016\/04\/1037227.jpg' class='tipi-lightbox'>\r\n\t\t\t\t<img decoding=\"async\" width=\"1024\" height=\"685\" src=\"https:\/\/www.supercars.net\/blog\/wp-content\/uploads\/2016\/04\/1037227.jpg\" class=\"attachment-full size-full\" alt=\"2012 Audi R18 e-tron quattro Gallery\" srcset=\"https:\/\/www.supercars.net\/blog\/wp-content\/uploads\/2016\/04\/1037227.jpg 1024w, https:\/\/www.supercars.net\/blog\/wp-content\/uploads\/2016\/04\/1037227-300x201.jpg 300w, https:\/\/www.supercars.net\/blog\/wp-content\/uploads\/2016\/04\/1037227-100x67.jpg 100w, https:\/\/www.supercars.net\/blog\/wp-content\/uploads\/2016\/04\/1037227-770x515.jpg 770w, https:\/\/www.supercars.net\/blog\/wp-content\/uploads\/2016\/04\/1037227-360x240.jpg 360w, https:\/\/www.supercars.net\/blog\/wp-content\/uploads\/2016\/04\/1037227-370x247.jpg 370w, https:\/\/www.supercars.net\/blog\/wp-content\/uploads\/2016\/04\/1037227-293x196.jpg 293w\" sizes=\"(max-width: 1024px) 100vw, 1024px\" \/>\r\n\t\t\t\t<\/a>\r\n            <\/div>\r\n                <div class='wp-caption-text gallery-caption'>\r\n                Audi R18 e-tron quattro #1 (Audi Sport Team Joest), \nMarcel F\u00e4ssler (CH), Andr\u00e9 Lotterer (D), Beno\u00eet Tr\u00e9luyer (F), Ralf J\u00fcttner (Technical Director Audi Sport Team Joest)\r\n                <\/div><\/figure><figure class='gallery-item'>\r\n            <div class='gallery-icon landscape'>\r\n                <a href='https:\/\/www.supercars.net\/blog\/wp-content\/uploads\/2016\/04\/1037230.jpg' class='tipi-lightbox'>\r\n\t\t\t\t<img decoding=\"async\" width=\"1024\" height=\"683\" src=\"https:\/\/www.supercars.net\/blog\/wp-content\/uploads\/2016\/04\/1037230.jpg\" class=\"attachment-full size-full\" alt=\"2012 Audi R18 e-tron quattro Gallery\" srcset=\"https:\/\/www.supercars.net\/blog\/wp-content\/uploads\/2016\/04\/1037230.jpg 1024w, https:\/\/www.supercars.net\/blog\/wp-content\/uploads\/2016\/04\/1037230-300x200.jpg 300w, https:\/\/www.supercars.net\/blog\/wp-content\/uploads\/2016\/04\/1037230-100x67.jpg 100w, https:\/\/www.supercars.net\/blog\/wp-content\/uploads\/2016\/04\/1037230-770x514.jpg 770w, https:\/\/www.supercars.net\/blog\/wp-content\/uploads\/2016\/04\/1037230-360x240.jpg 360w, https:\/\/www.supercars.net\/blog\/wp-content\/uploads\/2016\/04\/1037230-370x247.jpg 370w, https:\/\/www.supercars.net\/blog\/wp-content\/uploads\/2016\/04\/1037230-293x195.jpg 293w\" sizes=\"(max-width: 1024px) 100vw, 1024px\" \/>\r\n\t\t\t\t<\/a>\r\n            <\/div>\r\n                <div class='wp-caption-text gallery-caption'>\r\n                Audi R18 e-tron quattro #1 (Audi Sport Team Joest)\nMarcel F\u00e4ssler (CH), Andr\u00e9 Lotterer (D), Beno\u00eet Tr\u00e9luyer (F)\r\n                <\/div><\/figure><figure class='gallery-item'>\r\n            <div class='gallery-icon landscape'>\r\n                <a href='https:\/\/www.supercars.net\/blog\/wp-content\/uploads\/2016\/04\/1037231.jpg' class='tipi-lightbox'>\r\n\t\t\t\t<img decoding=\"async\" width=\"1024\" height=\"683\" src=\"https:\/\/www.supercars.net\/blog\/wp-content\/uploads\/2016\/04\/1037231.jpg\" class=\"attachment-full size-full\" alt=\"2012 Audi R18 e-tron quattro Gallery\" srcset=\"https:\/\/www.supercars.net\/blog\/wp-content\/uploads\/2016\/04\/1037231.jpg 1024w, https:\/\/www.supercars.net\/blog\/wp-content\/uploads\/2016\/04\/1037231-300x200.jpg 300w, https:\/\/www.supercars.net\/blog\/wp-content\/uploads\/2016\/04\/1037231-100x67.jpg 100w, https:\/\/www.supercars.net\/blog\/wp-content\/uploads\/2016\/04\/1037231-770x514.jpg 770w, https:\/\/www.supercars.net\/blog\/wp-content\/uploads\/2016\/04\/1037231-360x240.jpg 360w, https:\/\/www.supercars.net\/blog\/wp-content\/uploads\/2016\/04\/1037231-370x247.jpg 370w, https:\/\/www.supercars.net\/blog\/wp-content\/uploads\/2016\/04\/1037231-293x195.jpg 293w\" sizes=\"(max-width: 1024px) 100vw, 1024px\" \/>\r\n\t\t\t\t<\/a>\r\n            <\/div>\r\n                <div class='wp-caption-text gallery-caption'>\r\n                Audi R18 e-tron quattro #1 (Audi Sport Team Joest), \nMarcel F\u00e4ssler (CH), Andr\u00e9 Lotterer (D), Beno\u00eet Tr\u00e9luyer (F)\r\n                <\/div><\/figure><figure class='gallery-item'>\r\n            <div class='gallery-icon landscape'>\r\n                <a href='https:\/\/www.supercars.net\/blog\/wp-content\/uploads\/2016\/04\/1037232.jpg' class='tipi-lightbox'>\r\n\t\t\t\t<img decoding=\"async\" width=\"1024\" height=\"683\" src=\"https:\/\/www.supercars.net\/blog\/wp-content\/uploads\/2016\/04\/1037232.jpg\" class=\"attachment-full size-full\" alt=\"2012 Audi R18 e-tron quattro Gallery\" srcset=\"https:\/\/www.supercars.net\/blog\/wp-content\/uploads\/2016\/04\/1037232.jpg 1024w, https:\/\/www.supercars.net\/blog\/wp-content\/uploads\/2016\/04\/1037232-300x200.jpg 300w, https:\/\/www.supercars.net\/blog\/wp-content\/uploads\/2016\/04\/1037232-100x67.jpg 100w, https:\/\/www.supercars.net\/blog\/wp-content\/uploads\/2016\/04\/1037232-770x514.jpg 770w, https:\/\/www.supercars.net\/blog\/wp-content\/uploads\/2016\/04\/1037232-360x240.jpg 360w, https:\/\/www.supercars.net\/blog\/wp-content\/uploads\/2016\/04\/1037232-370x247.jpg 370w, https:\/\/www.supercars.net\/blog\/wp-content\/uploads\/2016\/04\/1037232-293x195.jpg 293w\" sizes=\"(max-width: 1024px) 100vw, 1024px\" \/>\r\n\t\t\t\t<\/a>\r\n            <\/div>\r\n                <div class='wp-caption-text gallery-caption'>\r\n                Audi R18 e-tron quattro #1 (Audi Sport Team Joest)\nMarcel F\u00e4ssler (CH), Andr\u00e9 Lotterer (D), Beno\u00eet Tr\u00e9luyer (F)\r\n                <\/div><\/figure><figure class='gallery-item'>\r\n            <div class='gallery-icon landscape'>\r\n                <a href='https:\/\/www.supercars.net\/blog\/wp-content\/uploads\/2016\/04\/1037233.jpg' class='tipi-lightbox'>\r\n\t\t\t\t<img decoding=\"async\" width=\"1024\" height=\"683\" src=\"https:\/\/www.supercars.net\/blog\/wp-content\/uploads\/2016\/04\/1037233.jpg\" class=\"attachment-full size-full\" alt=\"2012 Audi R18 e-tron quattro Gallery\" srcset=\"https:\/\/www.supercars.net\/blog\/wp-content\/uploads\/2016\/04\/1037233.jpg 1024w, https:\/\/www.supercars.net\/blog\/wp-content\/uploads\/2016\/04\/1037233-300x200.jpg 300w, https:\/\/www.supercars.net\/blog\/wp-content\/uploads\/2016\/04\/1037233-100x67.jpg 100w, https:\/\/www.supercars.net\/blog\/wp-content\/uploads\/2016\/04\/1037233-770x514.jpg 770w, https:\/\/www.supercars.net\/blog\/wp-content\/uploads\/2016\/04\/1037233-360x240.jpg 360w, https:\/\/www.supercars.net\/blog\/wp-content\/uploads\/2016\/04\/1037233-370x247.jpg 370w, https:\/\/www.supercars.net\/blog\/wp-content\/uploads\/2016\/04\/1037233-293x195.jpg 293w\" sizes=\"(max-width: 1024px) 100vw, 1024px\" \/>\r\n\t\t\t\t<\/a>\r\n            <\/div>\r\n                <div class='wp-caption-text gallery-caption'>\r\n                Audi R18 e-tron quattro #1 (Audi Sport Team Joest), \nMarcel F\u00e4ssler (CH), Andr\u00e9 Lotterer (D), Beno\u00eet Tr\u00e9luyer (F)\r\n                <\/div><\/figure><figure class='gallery-item'>\r\n            <div class='gallery-icon landscape'>\r\n                <a href='https:\/\/www.supercars.net\/blog\/wp-content\/uploads\/2016\/04\/1037234.jpg' class='tipi-lightbox'>\r\n\t\t\t\t<img decoding=\"async\" width=\"1024\" height=\"685\" src=\"https:\/\/www.supercars.net\/blog\/wp-content\/uploads\/2016\/04\/1037234.jpg\" class=\"attachment-full size-full\" alt=\"2012 Audi R18 e-tron quattro Gallery\" srcset=\"https:\/\/www.supercars.net\/blog\/wp-content\/uploads\/2016\/04\/1037234.jpg 1024w, https:\/\/www.supercars.net\/blog\/wp-content\/uploads\/2016\/04\/1037234-300x201.jpg 300w, https:\/\/www.supercars.net\/blog\/wp-content\/uploads\/2016\/04\/1037234-100x67.jpg 100w, https:\/\/www.supercars.net\/blog\/wp-content\/uploads\/2016\/04\/1037234-770x515.jpg 770w, https:\/\/www.supercars.net\/blog\/wp-content\/uploads\/2016\/04\/1037234-360x240.jpg 360w, https:\/\/www.supercars.net\/blog\/wp-content\/uploads\/2016\/04\/1037234-370x247.jpg 370w, https:\/\/www.supercars.net\/blog\/wp-content\/uploads\/2016\/04\/1037234-293x196.jpg 293w\" sizes=\"(max-width: 1024px) 100vw, 1024px\" \/>\r\n\t\t\t\t<\/a>\r\n            <\/div>\r\n                <div class='wp-caption-text gallery-caption'>\r\n                Audi R18 e-tron quattro #1 (Audi Sport Team Joest)\nMarcel F\u00e4ssler (CH), Andr\u00e9 Lotterer (D), Beno\u00eet Tr\u00e9luyer (F)\r\n                <\/div><\/figure><figure class='gallery-item'>\r\n            <div class='gallery-icon landscape'>\r\n                <a href='https:\/\/www.supercars.net\/blog\/wp-content\/uploads\/2016\/04\/1037235.jpg' class='tipi-lightbox'>\r\n\t\t\t\t<img decoding=\"async\" width=\"1024\" height=\"683\" src=\"https:\/\/www.supercars.net\/blog\/wp-content\/uploads\/2016\/04\/1037235.jpg\" class=\"attachment-full size-full\" alt=\"2012 Audi R18 e-tron quattro Gallery\" srcset=\"https:\/\/www.supercars.net\/blog\/wp-content\/uploads\/2016\/04\/1037235.jpg 1024w, https:\/\/www.supercars.net\/blog\/wp-content\/uploads\/2016\/04\/1037235-300x200.jpg 300w, https:\/\/www.supercars.net\/blog\/wp-content\/uploads\/2016\/04\/1037235-100x67.jpg 100w, https:\/\/www.supercars.net\/blog\/wp-content\/uploads\/2016\/04\/1037235-770x514.jpg 770w, https:\/\/www.supercars.net\/blog\/wp-content\/uploads\/2016\/04\/1037235-360x240.jpg 360w, https:\/\/www.supercars.net\/blog\/wp-content\/uploads\/2016\/04\/1037235-370x247.jpg 370w, https:\/\/www.supercars.net\/blog\/wp-content\/uploads\/2016\/04\/1037235-293x195.jpg 293w\" sizes=\"(max-width: 1024px) 100vw, 1024px\" \/>\r\n\t\t\t\t<\/a>\r\n            <\/div>\r\n                <div class='wp-caption-text gallery-caption'>\r\n                Audi R18 e-tron quattro #1 (Audi Sport Team Joest)\nMarcel F\u00e4ssler (CH), Andr\u00e9 Lotterer (D), Beno\u00eet Tr\u00e9luyer (F)\r\n                <\/div><\/figure><figure class='gallery-item'>\r\n            <div class='gallery-icon landscape'>\r\n                <a href='https:\/\/www.supercars.net\/blog\/wp-content\/uploads\/2016\/04\/1037236.jpg' class='tipi-lightbox'>\r\n\t\t\t\t<img decoding=\"async\" width=\"1024\" height=\"683\" src=\"https:\/\/www.supercars.net\/blog\/wp-content\/uploads\/2016\/04\/1037236.jpg\" class=\"attachment-full size-full\" alt=\"2012 Audi R18 e-tron quattro Gallery\" srcset=\"https:\/\/www.supercars.net\/blog\/wp-content\/uploads\/2016\/04\/1037236.jpg 1024w, https:\/\/www.supercars.net\/blog\/wp-content\/uploads\/2016\/04\/1037236-300x200.jpg 300w, https:\/\/www.supercars.net\/blog\/wp-content\/uploads\/2016\/04\/1037236-100x67.jpg 100w, https:\/\/www.supercars.net\/blog\/wp-content\/uploads\/2016\/04\/1037236-770x514.jpg 770w, https:\/\/www.supercars.net\/blog\/wp-content\/uploads\/2016\/04\/1037236-360x240.jpg 360w, https:\/\/www.supercars.net\/blog\/wp-content\/uploads\/2016\/04\/1037236-370x247.jpg 370w, https:\/\/www.supercars.net\/blog\/wp-content\/uploads\/2016\/04\/1037236-293x195.jpg 293w\" sizes=\"(max-width: 1024px) 100vw, 1024px\" \/>\r\n\t\t\t\t<\/a>\r\n            <\/div>\r\n                <div class='wp-caption-text gallery-caption'>\r\n                Audi R18 e-tron quattro #1 (Audi Sport Team Joest), \nMarcel F\u00e4ssler (CH), Andr\u00e9 Lotterer (D), Beno\u00eet Tr\u00e9luyer (F)\r\n                <\/div><\/figure><figure class='gallery-item'>\r\n            <div class='gallery-icon landscape'>\r\n                <a href='https:\/\/www.supercars.net\/blog\/wp-content\/uploads\/2016\/04\/1037239.jpg' class='tipi-lightbox'>\r\n\t\t\t\t<img decoding=\"async\" width=\"1024\" height=\"683\" src=\"https:\/\/www.supercars.net\/blog\/wp-content\/uploads\/2016\/04\/1037239.jpg\" class=\"attachment-full size-full\" alt=\"2012 Audi R18 e-tron quattro Gallery\" srcset=\"https:\/\/www.supercars.net\/blog\/wp-content\/uploads\/2016\/04\/1037239.jpg 1024w, https:\/\/www.supercars.net\/blog\/wp-content\/uploads\/2016\/04\/1037239-300x200.jpg 300w, https:\/\/www.supercars.net\/blog\/wp-content\/uploads\/2016\/04\/1037239-100x67.jpg 100w, https:\/\/www.supercars.net\/blog\/wp-content\/uploads\/2016\/04\/1037239-770x514.jpg 770w, https:\/\/www.supercars.net\/blog\/wp-content\/uploads\/2016\/04\/1037239-360x240.jpg 360w, https:\/\/www.supercars.net\/blog\/wp-content\/uploads\/2016\/04\/1037239-370x247.jpg 370w, https:\/\/www.supercars.net\/blog\/wp-content\/uploads\/2016\/04\/1037239-293x195.jpg 293w\" sizes=\"(max-width: 1024px) 100vw, 1024px\" \/>\r\n\t\t\t\t<\/a>\r\n            <\/div>\r\n                <div class='wp-caption-text gallery-caption'>\r\n                Audi R18 e-tron quattro #1 (Audi Sport Team Joest), \nMarcel F\u00e4ssler (CH), Andr\u00e9 Lotterer (D), Beno\u00eet Tr\u00e9luyer (F)\r\n                <\/div><\/figure><figure class='gallery-item'>\r\n            <div class='gallery-icon landscape'>\r\n                <a href='https:\/\/www.supercars.net\/blog\/wp-content\/uploads\/2016\/04\/1037240.jpg' class='tipi-lightbox'>\r\n\t\t\t\t<img decoding=\"async\" width=\"1024\" height=\"683\" src=\"https:\/\/www.supercars.net\/blog\/wp-content\/uploads\/2016\/04\/1037240.jpg\" class=\"attachment-full size-full\" alt=\"2012 Audi R18 e-tron quattro Gallery\" srcset=\"https:\/\/www.supercars.net\/blog\/wp-content\/uploads\/2016\/04\/1037240.jpg 1024w, https:\/\/www.supercars.net\/blog\/wp-content\/uploads\/2016\/04\/1037240-300x200.jpg 300w, https:\/\/www.supercars.net\/blog\/wp-content\/uploads\/2016\/04\/1037240-100x67.jpg 100w, https:\/\/www.supercars.net\/blog\/wp-content\/uploads\/2016\/04\/1037240-770x514.jpg 770w, https:\/\/www.supercars.net\/blog\/wp-content\/uploads\/2016\/04\/1037240-360x240.jpg 360w, https:\/\/www.supercars.net\/blog\/wp-content\/uploads\/2016\/04\/1037240-370x247.jpg 370w, https:\/\/www.supercars.net\/blog\/wp-content\/uploads\/2016\/04\/1037240-293x195.jpg 293w\" sizes=\"(max-width: 1024px) 100vw, 1024px\" \/>\r\n\t\t\t\t<\/a>\r\n            <\/div>\r\n                <div class='wp-caption-text gallery-caption'>\r\n                Audi R18 e-tron quattro #1 (Audi Sport Team Joest), \nMarcel F\u00e4ssler (CH), Andr\u00e9 Lotterer (D), Beno\u00eet Tr\u00e9luyer (F)\r\n                <\/div><\/figure><figure class='gallery-item'>\r\n            <div class='gallery-icon landscape'>\r\n                <a href='https:\/\/www.supercars.net\/blog\/wp-content\/uploads\/2016\/04\/1037244.jpg' class='tipi-lightbox'>\r\n\t\t\t\t<img decoding=\"async\" width=\"1024\" height=\"683\" src=\"https:\/\/www.supercars.net\/blog\/wp-content\/uploads\/2016\/04\/1037244.jpg\" class=\"attachment-full size-full\" alt=\"2012 Audi R18 e-tron quattro Gallery\" srcset=\"https:\/\/www.supercars.net\/blog\/wp-content\/uploads\/2016\/04\/1037244.jpg 1024w, https:\/\/www.supercars.net\/blog\/wp-content\/uploads\/2016\/04\/1037244-300x200.jpg 300w, https:\/\/www.supercars.net\/blog\/wp-content\/uploads\/2016\/04\/1037244-100x67.jpg 100w, https:\/\/www.supercars.net\/blog\/wp-content\/uploads\/2016\/04\/1037244-770x514.jpg 770w, https:\/\/www.supercars.net\/blog\/wp-content\/uploads\/2016\/04\/1037244-360x240.jpg 360w, https:\/\/www.supercars.net\/blog\/wp-content\/uploads\/2016\/04\/1037244-370x247.jpg 370w, https:\/\/www.supercars.net\/blog\/wp-content\/uploads\/2016\/04\/1037244-293x195.jpg 293w\" sizes=\"(max-width: 1024px) 100vw, 1024px\" \/>\r\n\t\t\t\t<\/a>\r\n            <\/div>\r\n                <div class='wp-caption-text gallery-caption'>\r\n                Audi R18 e-tron quattro #2 (Audi Sport Team Joest), \nDindo Capello (I), Tom Kristensen (DK), Allan McNish (GB)\r\n                <\/div><\/figure><figure class='gallery-item'>\r\n            <div class='gallery-icon landscape'>\r\n                <a href='https:\/\/www.supercars.net\/blog\/wp-content\/uploads\/2016\/04\/1037245.jpg' class='tipi-lightbox'>\r\n\t\t\t\t<img decoding=\"async\" width=\"1024\" height=\"683\" src=\"https:\/\/www.supercars.net\/blog\/wp-content\/uploads\/2016\/04\/1037245.jpg\" class=\"attachment-full size-full\" alt=\"2012 Audi R18 e-tron quattro Gallery\" srcset=\"https:\/\/www.supercars.net\/blog\/wp-content\/uploads\/2016\/04\/1037245.jpg 1024w, https:\/\/www.supercars.net\/blog\/wp-content\/uploads\/2016\/04\/1037245-300x200.jpg 300w, https:\/\/www.supercars.net\/blog\/wp-content\/uploads\/2016\/04\/1037245-100x67.jpg 100w, https:\/\/www.supercars.net\/blog\/wp-content\/uploads\/2016\/04\/1037245-770x514.jpg 770w, https:\/\/www.supercars.net\/blog\/wp-content\/uploads\/2016\/04\/1037245-360x240.jpg 360w, https:\/\/www.supercars.net\/blog\/wp-content\/uploads\/2016\/04\/1037245-370x247.jpg 370w, https:\/\/www.supercars.net\/blog\/wp-content\/uploads\/2016\/04\/1037245-293x195.jpg 293w\" sizes=\"(max-width: 1024px) 100vw, 1024px\" \/>\r\n\t\t\t\t<\/a>\r\n            <\/div>\r\n                <div class='wp-caption-text gallery-caption'>\r\n                Audi R18 e-tron quattro #2 (Audi Sport Team Joest)\nDindo Capello (I), Tom Kristensen (DK), Allan McNish(GB)\r\n                <\/div><\/figure><figure class='gallery-item'>\r\n            <div class='gallery-icon landscape'>\r\n                <a href='https:\/\/www.supercars.net\/blog\/wp-content\/uploads\/2016\/04\/1037246.jpg' class='tipi-lightbox'>\r\n\t\t\t\t<img decoding=\"async\" width=\"1024\" height=\"683\" src=\"https:\/\/www.supercars.net\/blog\/wp-content\/uploads\/2016\/04\/1037246.jpg\" class=\"attachment-full size-full\" alt=\"2012 Audi R18 e-tron quattro Gallery\" srcset=\"https:\/\/www.supercars.net\/blog\/wp-content\/uploads\/2016\/04\/1037246.jpg 1024w, https:\/\/www.supercars.net\/blog\/wp-content\/uploads\/2016\/04\/1037246-300x200.jpg 300w, https:\/\/www.supercars.net\/blog\/wp-content\/uploads\/2016\/04\/1037246-100x67.jpg 100w, https:\/\/www.supercars.net\/blog\/wp-content\/uploads\/2016\/04\/1037246-770x514.jpg 770w, https:\/\/www.supercars.net\/blog\/wp-content\/uploads\/2016\/04\/1037246-360x240.jpg 360w, https:\/\/www.supercars.net\/blog\/wp-content\/uploads\/2016\/04\/1037246-370x247.jpg 370w, https:\/\/www.supercars.net\/blog\/wp-content\/uploads\/2016\/04\/1037246-293x195.jpg 293w\" sizes=\"(max-width: 1024px) 100vw, 1024px\" \/>\r\n\t\t\t\t<\/a>\r\n            <\/div>\r\n                <div class='wp-caption-text gallery-caption'>\r\n                Audi R18 e-tron quattro #2 (Audi Sport Team Joest)\nDindo Capello (I), Tom Kristensen (DK), Allan McNish(GB)\r\n                <\/div><\/figure><figure class='gallery-item'>\r\n            <div class='gallery-icon landscape'>\r\n                <a href='https:\/\/www.supercars.net\/blog\/wp-content\/uploads\/2016\/04\/1037286.jpg' class='tipi-lightbox'>\r\n\t\t\t\t<img decoding=\"async\" width=\"1024\" height=\"683\" src=\"https:\/\/www.supercars.net\/blog\/wp-content\/uploads\/2016\/04\/1037286.jpg\" class=\"attachment-full size-full\" alt=\"2012 Audi R18 e-tron quattro Gallery\" srcset=\"https:\/\/www.supercars.net\/blog\/wp-content\/uploads\/2016\/04\/1037286.jpg 1024w, https:\/\/www.supercars.net\/blog\/wp-content\/uploads\/2016\/04\/1037286-300x200.jpg 300w, https:\/\/www.supercars.net\/blog\/wp-content\/uploads\/2016\/04\/1037286-100x67.jpg 100w, https:\/\/www.supercars.net\/blog\/wp-content\/uploads\/2016\/04\/1037286-770x514.jpg 770w, https:\/\/www.supercars.net\/blog\/wp-content\/uploads\/2016\/04\/1037286-360x240.jpg 360w, https:\/\/www.supercars.net\/blog\/wp-content\/uploads\/2016\/04\/1037286-370x247.jpg 370w, https:\/\/www.supercars.net\/blog\/wp-content\/uploads\/2016\/04\/1037286-293x195.jpg 293w\" sizes=\"(max-width: 1024px) 100vw, 1024px\" \/>\r\n\t\t\t\t<\/a>\r\n            <\/div>\r\n                <div class='wp-caption-text gallery-caption'>\r\n                Official handprint photo:\nMarcel F\u00e4ssler (CH), Beno\u00eet Tr\u00e9luyer (F), Andr\u00e9 Lotterer (D)\r\n                <\/div><\/figure><figure class='gallery-item'>\r\n            <div class='gallery-icon landscape'>\r\n                <a href='https:\/\/www.supercars.net\/blog\/wp-content\/uploads\/2016\/04\/1037291.jpg' class='tipi-lightbox'>\r\n\t\t\t\t<img decoding=\"async\" width=\"1024\" height=\"683\" src=\"https:\/\/www.supercars.net\/blog\/wp-content\/uploads\/2016\/04\/1037291.jpg\" class=\"attachment-full size-full\" alt=\"2012 Audi R18 e-tron quattro Gallery\" srcset=\"https:\/\/www.supercars.net\/blog\/wp-content\/uploads\/2016\/04\/1037291.jpg 1024w, https:\/\/www.supercars.net\/blog\/wp-content\/uploads\/2016\/04\/1037291-300x200.jpg 300w, https:\/\/www.supercars.net\/blog\/wp-content\/uploads\/2016\/04\/1037291-100x67.jpg 100w, https:\/\/www.supercars.net\/blog\/wp-content\/uploads\/2016\/04\/1037291-770x514.jpg 770w, https:\/\/www.supercars.net\/blog\/wp-content\/uploads\/2016\/04\/1037291-360x240.jpg 360w, https:\/\/www.supercars.net\/blog\/wp-content\/uploads\/2016\/04\/1037291-370x247.jpg 370w, https:\/\/www.supercars.net\/blog\/wp-content\/uploads\/2016\/04\/1037291-293x195.jpg 293w\" sizes=\"(max-width: 1024px) 100vw, 1024px\" \/>\r\n\t\t\t\t<\/a>\r\n            <\/div>\r\n                <div class='wp-caption-text gallery-caption'>\r\n                Marcel F\u00e4ssler (CH) Audi R18 e-tron quattro #1 (Audi Sport Team Joest)\r\n                <\/div><\/figure><figure class='gallery-item'>\r\n            <div class='gallery-icon landscape'>\r\n                <a href='https:\/\/www.supercars.net\/blog\/wp-content\/uploads\/2016\/04\/1037293.jpg' class='tipi-lightbox'>\r\n\t\t\t\t<img decoding=\"async\" width=\"1024\" height=\"683\" src=\"https:\/\/www.supercars.net\/blog\/wp-content\/uploads\/2016\/04\/1037293.jpg\" class=\"attachment-full size-full\" alt=\"2012 Audi R18 e-tron quattro Gallery\" srcset=\"https:\/\/www.supercars.net\/blog\/wp-content\/uploads\/2016\/04\/1037293.jpg 1024w, https:\/\/www.supercars.net\/blog\/wp-content\/uploads\/2016\/04\/1037293-300x200.jpg 300w, https:\/\/www.supercars.net\/blog\/wp-content\/uploads\/2016\/04\/1037293-100x67.jpg 100w, https:\/\/www.supercars.net\/blog\/wp-content\/uploads\/2016\/04\/1037293-770x514.jpg 770w, https:\/\/www.supercars.net\/blog\/wp-content\/uploads\/2016\/04\/1037293-360x240.jpg 360w, https:\/\/www.supercars.net\/blog\/wp-content\/uploads\/2016\/04\/1037293-370x247.jpg 370w, https:\/\/www.supercars.net\/blog\/wp-content\/uploads\/2016\/04\/1037293-293x195.jpg 293w\" sizes=\"(max-width: 1024px) 100vw, 1024px\" \/>\r\n\t\t\t\t<\/a>\r\n            <\/div>\r\n                <div class='wp-caption-text gallery-caption'>\r\n                Audi R18 e-tron quattro #2 (Audi Sport Team Joest), \nDindo Capello (I), Tom Kristensen (DK), Allan McNish (GB)\r\n                <\/div><\/figure><figure class='gallery-item'>\r\n            <div class='gallery-icon landscape'>\r\n                <a href='https:\/\/www.supercars.net\/blog\/wp-content\/uploads\/2016\/04\/1037295.jpg' class='tipi-lightbox'>\r\n\t\t\t\t<img decoding=\"async\" width=\"1024\" height=\"683\" src=\"https:\/\/www.supercars.net\/blog\/wp-content\/uploads\/2016\/04\/1037295.jpg\" class=\"attachment-full size-full\" alt=\"2012 Audi R18 e-tron quattro Gallery\" srcset=\"https:\/\/www.supercars.net\/blog\/wp-content\/uploads\/2016\/04\/1037295.jpg 1024w, https:\/\/www.supercars.net\/blog\/wp-content\/uploads\/2016\/04\/1037295-300x200.jpg 300w, https:\/\/www.supercars.net\/blog\/wp-content\/uploads\/2016\/04\/1037295-100x67.jpg 100w, https:\/\/www.supercars.net\/blog\/wp-content\/uploads\/2016\/04\/1037295-770x514.jpg 770w, https:\/\/www.supercars.net\/blog\/wp-content\/uploads\/2016\/04\/1037295-360x240.jpg 360w, https:\/\/www.supercars.net\/blog\/wp-content\/uploads\/2016\/04\/1037295-370x247.jpg 370w, https:\/\/www.supercars.net\/blog\/wp-content\/uploads\/2016\/04\/1037295-293x195.jpg 293w\" sizes=\"(max-width: 1024px) 100vw, 1024px\" \/>\r\n\t\t\t\t<\/a>\r\n            <\/div>\r\n                <div class='wp-caption-text gallery-caption'>\r\n                Audi R18 e-tron quattro #2 (Audi Sport Team Joest)\nDindo Capello (I), Tom Kristensen (DK), Allan McNish(GB)\r\n                <\/div><\/figure><figure class='gallery-item'>\r\n            <div class='gallery-icon landscape'>\r\n                <a href='https:\/\/www.supercars.net\/blog\/wp-content\/uploads\/2016\/04\/1037298.jpg' class='tipi-lightbox'>\r\n\t\t\t\t<img decoding=\"async\" width=\"1024\" height=\"683\" src=\"https:\/\/www.supercars.net\/blog\/wp-content\/uploads\/2016\/04\/1037298.jpg\" class=\"attachment-full size-full\" alt=\"2012 Audi R18 e-tron quattro Gallery\" srcset=\"https:\/\/www.supercars.net\/blog\/wp-content\/uploads\/2016\/04\/1037298.jpg 1024w, https:\/\/www.supercars.net\/blog\/wp-content\/uploads\/2016\/04\/1037298-300x200.jpg 300w, https:\/\/www.supercars.net\/blog\/wp-content\/uploads\/2016\/04\/1037298-100x67.jpg 100w, https:\/\/www.supercars.net\/blog\/wp-content\/uploads\/2016\/04\/1037298-770x514.jpg 770w, https:\/\/www.supercars.net\/blog\/wp-content\/uploads\/2016\/04\/1037298-360x240.jpg 360w, https:\/\/www.supercars.net\/blog\/wp-content\/uploads\/2016\/04\/1037298-370x247.jpg 370w, https:\/\/www.supercars.net\/blog\/wp-content\/uploads\/2016\/04\/1037298-293x195.jpg 293w\" sizes=\"(max-width: 1024px) 100vw, 1024px\" \/>\r\n\t\t\t\t<\/a>\r\n            <\/div>\r\n                <div class='wp-caption-text gallery-caption'>\r\n                Audi R18 e-tron quattro #1 (Audi Sport Team Joest)\nMarcel F\u00e4ssler (CH), Andr\u00e9 Lotterer (D), Beno\u00eet Tr\u00e9luyer (F)\r\n                <\/div><\/figure><figure class='gallery-item'>\r\n            <div class='gallery-icon landscape'>\r\n                <a href='https:\/\/www.supercars.net\/blog\/wp-content\/uploads\/2016\/04\/1037301.jpg' class='tipi-lightbox'>\r\n\t\t\t\t<img decoding=\"async\" width=\"1024\" height=\"683\" src=\"https:\/\/www.supercars.net\/blog\/wp-content\/uploads\/2016\/04\/1037301.jpg\" class=\"attachment-full size-full\" alt=\"2012 Audi R18 e-tron quattro Gallery\" srcset=\"https:\/\/www.supercars.net\/blog\/wp-content\/uploads\/2016\/04\/1037301.jpg 1024w, https:\/\/www.supercars.net\/blog\/wp-content\/uploads\/2016\/04\/1037301-300x200.jpg 300w, https:\/\/www.supercars.net\/blog\/wp-content\/uploads\/2016\/04\/1037301-100x67.jpg 100w, https:\/\/www.supercars.net\/blog\/wp-content\/uploads\/2016\/04\/1037301-770x514.jpg 770w, https:\/\/www.supercars.net\/blog\/wp-content\/uploads\/2016\/04\/1037301-360x240.jpg 360w, https:\/\/www.supercars.net\/blog\/wp-content\/uploads\/2016\/04\/1037301-370x247.jpg 370w, https:\/\/www.supercars.net\/blog\/wp-content\/uploads\/2016\/04\/1037301-293x195.jpg 293w\" sizes=\"(max-width: 1024px) 100vw, 1024px\" \/>\r\n\t\t\t\t<\/a>\r\n            <\/div>\r\n                <div class='wp-caption-text gallery-caption'>\r\n                Audi R18 e-tron quattro #2 (Audi Sport Team Joest), \nDindo Capello (I), Tom Kristensen (DK), Allan McNish (GB)\r\n                <\/div><\/figure><figure class='gallery-item'>\r\n            <div class='gallery-icon landscape'>\r\n                <a href='https:\/\/www.supercars.net\/blog\/wp-content\/uploads\/2016\/04\/1037311.jpg' class='tipi-lightbox'>\r\n\t\t\t\t<img decoding=\"async\" width=\"1024\" height=\"683\" src=\"https:\/\/www.supercars.net\/blog\/wp-content\/uploads\/2016\/04\/1037311.jpg\" class=\"attachment-full size-full\" alt=\"2012 Audi R18 e-tron quattro Gallery\" srcset=\"https:\/\/www.supercars.net\/blog\/wp-content\/uploads\/2016\/04\/1037311.jpg 1024w, https:\/\/www.supercars.net\/blog\/wp-content\/uploads\/2016\/04\/1037311-300x200.jpg 300w, https:\/\/www.supercars.net\/blog\/wp-content\/uploads\/2016\/04\/1037311-100x67.jpg 100w, https:\/\/www.supercars.net\/blog\/wp-content\/uploads\/2016\/04\/1037311-770x514.jpg 770w, https:\/\/www.supercars.net\/blog\/wp-content\/uploads\/2016\/04\/1037311-360x240.jpg 360w, https:\/\/www.supercars.net\/blog\/wp-content\/uploads\/2016\/04\/1037311-370x247.jpg 370w, https:\/\/www.supercars.net\/blog\/wp-content\/uploads\/2016\/04\/1037311-293x195.jpg 293w\" sizes=\"(max-width: 1024px) 100vw, 1024px\" \/>\r\n\t\t\t\t<\/a>\r\n            <\/div>\r\n                <div class='wp-caption-text gallery-caption'>\r\n                Audi R18 e-tron quattro #2 (Audi Sport Team Joest), \nDindo Capello (I), Tom Kristensen (DK), Allan McNish (GB)\r\n                <\/div><\/figure><figure class='gallery-item'>\r\n            <div class='gallery-icon landscape'>\r\n                <a href='https:\/\/www.supercars.net\/blog\/wp-content\/uploads\/2016\/04\/1037314.jpg' class='tipi-lightbox'>\r\n\t\t\t\t<img decoding=\"async\" width=\"1024\" height=\"683\" src=\"https:\/\/www.supercars.net\/blog\/wp-content\/uploads\/2016\/04\/1037314.jpg\" class=\"attachment-full size-full\" alt=\"2012 Audi R18 e-tron quattro Gallery\" srcset=\"https:\/\/www.supercars.net\/blog\/wp-content\/uploads\/2016\/04\/1037314.jpg 1024w, https:\/\/www.supercars.net\/blog\/wp-content\/uploads\/2016\/04\/1037314-300x200.jpg 300w, https:\/\/www.supercars.net\/blog\/wp-content\/uploads\/2016\/04\/1037314-100x67.jpg 100w, https:\/\/www.supercars.net\/blog\/wp-content\/uploads\/2016\/04\/1037314-770x514.jpg 770w, https:\/\/www.supercars.net\/blog\/wp-content\/uploads\/2016\/04\/1037314-360x240.jpg 360w, https:\/\/www.supercars.net\/blog\/wp-content\/uploads\/2016\/04\/1037314-370x247.jpg 370w, https:\/\/www.supercars.net\/blog\/wp-content\/uploads\/2016\/04\/1037314-293x195.jpg 293w\" sizes=\"(max-width: 1024px) 100vw, 1024px\" \/>\r\n\t\t\t\t<\/a>\r\n            <\/div>\r\n                <div class='wp-caption-text gallery-caption'>\r\n                Audi R18 e-tron quattro #2 (Audi Sport Team Joest), \nDindo Capello (I), Tom Kristensen (DK), Allan McNish (GB)\r\n                <\/div><\/figure><figure class='gallery-item'>\r\n            <div class='gallery-icon landscape'>\r\n                <a href='https:\/\/www.supercars.net\/blog\/wp-content\/uploads\/2016\/04\/1037315.jpg' class='tipi-lightbox'>\r\n\t\t\t\t<img decoding=\"async\" width=\"1024\" height=\"683\" src=\"https:\/\/www.supercars.net\/blog\/wp-content\/uploads\/2016\/04\/1037315.jpg\" class=\"attachment-full size-full\" alt=\"2012 Audi R18 e-tron quattro Gallery\" srcset=\"https:\/\/www.supercars.net\/blog\/wp-content\/uploads\/2016\/04\/1037315.jpg 1024w, https:\/\/www.supercars.net\/blog\/wp-content\/uploads\/2016\/04\/1037315-300x200.jpg 300w, https:\/\/www.supercars.net\/blog\/wp-content\/uploads\/2016\/04\/1037315-100x67.jpg 100w, https:\/\/www.supercars.net\/blog\/wp-content\/uploads\/2016\/04\/1037315-770x514.jpg 770w, https:\/\/www.supercars.net\/blog\/wp-content\/uploads\/2016\/04\/1037315-360x240.jpg 360w, https:\/\/www.supercars.net\/blog\/wp-content\/uploads\/2016\/04\/1037315-370x247.jpg 370w, https:\/\/www.supercars.net\/blog\/wp-content\/uploads\/2016\/04\/1037315-293x195.jpg 293w\" sizes=\"(max-width: 1024px) 100vw, 1024px\" \/>\r\n\t\t\t\t<\/a>\r\n            <\/div>\r\n                <div class='wp-caption-text gallery-caption'>\r\n                Audi R18 e-tron quattro #1 (Audi Sport Team Joest), \nMarcel F\u00e4ssler (CH), Andr\u00e9 Lotterer (D), Beno\u00eet Tr\u00e9luyer (F)\r\n                <\/div><\/figure><figure class='gallery-item'>\r\n            <div class='gallery-icon landscape'>\r\n                <a href='https:\/\/www.supercars.net\/blog\/wp-content\/uploads\/2016\/04\/1037317.jpg' class='tipi-lightbox'>\r\n\t\t\t\t<img decoding=\"async\" width=\"1024\" height=\"683\" src=\"https:\/\/www.supercars.net\/blog\/wp-content\/uploads\/2016\/04\/1037317.jpg\" class=\"attachment-full size-full\" alt=\"2012 Audi R18 e-tron quattro Gallery\" srcset=\"https:\/\/www.supercars.net\/blog\/wp-content\/uploads\/2016\/04\/1037317.jpg 1024w, https:\/\/www.supercars.net\/blog\/wp-content\/uploads\/2016\/04\/1037317-300x200.jpg 300w, https:\/\/www.supercars.net\/blog\/wp-content\/uploads\/2016\/04\/1037317-100x67.jpg 100w, https:\/\/www.supercars.net\/blog\/wp-content\/uploads\/2016\/04\/1037317-770x514.jpg 770w, https:\/\/www.supercars.net\/blog\/wp-content\/uploads\/2016\/04\/1037317-360x240.jpg 360w, https:\/\/www.supercars.net\/blog\/wp-content\/uploads\/2016\/04\/1037317-370x247.jpg 370w, https:\/\/www.supercars.net\/blog\/wp-content\/uploads\/2016\/04\/1037317-293x195.jpg 293w\" sizes=\"(max-width: 1024px) 100vw, 1024px\" \/>\r\n\t\t\t\t<\/a>\r\n            <\/div><\/figure><figure class='gallery-item'>\r\n            <div class='gallery-icon landscape'>\r\n                <a href='https:\/\/www.supercars.net\/blog\/wp-content\/uploads\/2016\/04\/1037421.jpg' class='tipi-lightbox'>\r\n\t\t\t\t<img decoding=\"async\" width=\"1024\" height=\"681\" src=\"https:\/\/www.supercars.net\/blog\/wp-content\/uploads\/2016\/04\/1037421.jpg\" class=\"attachment-full size-full\" alt=\"2012 Audi R18 e-tron quattro Gallery\" srcset=\"https:\/\/www.supercars.net\/blog\/wp-content\/uploads\/2016\/04\/1037421.jpg 1024w, https:\/\/www.supercars.net\/blog\/wp-content\/uploads\/2016\/04\/1037421-300x200.jpg 300w, https:\/\/www.supercars.net\/blog\/wp-content\/uploads\/2016\/04\/1037421-100x67.jpg 100w, https:\/\/www.supercars.net\/blog\/wp-content\/uploads\/2016\/04\/1037421-770x512.jpg 770w, https:\/\/www.supercars.net\/blog\/wp-content\/uploads\/2016\/04\/1037421-360x240.jpg 360w, https:\/\/www.supercars.net\/blog\/wp-content\/uploads\/2016\/04\/1037421-370x247.jpg 370w, https:\/\/www.supercars.net\/blog\/wp-content\/uploads\/2016\/04\/1037421-293x195.jpg 293w\" sizes=\"(max-width: 1024px) 100vw, 1024px\" \/>\r\n\t\t\t\t<\/a>\r\n            <\/div>\r\n                <div class='wp-caption-text gallery-caption'>\r\n                Gu\u00e9nole TREHOREL ACO\/Nikon\r\n                <\/div><\/figure><figure class='gallery-item'>\r\n            <div class='gallery-icon landscape'>\r\n                <a href='https:\/\/www.supercars.net\/blog\/wp-content\/uploads\/2016\/04\/1038525.jpg' class='tipi-lightbox'>\r\n\t\t\t\t<img decoding=\"async\" width=\"1024\" height=\"681\" src=\"https:\/\/www.supercars.net\/blog\/wp-content\/uploads\/2016\/04\/1038525.jpg\" class=\"attachment-full size-full\" alt=\"2012 Audi R18 e-tron quattro Gallery\" srcset=\"https:\/\/www.supercars.net\/blog\/wp-content\/uploads\/2016\/04\/1038525.jpg 1024w, https:\/\/www.supercars.net\/blog\/wp-content\/uploads\/2016\/04\/1038525-300x200.jpg 300w, https:\/\/www.supercars.net\/blog\/wp-content\/uploads\/2016\/04\/1038525-100x67.jpg 100w, https:\/\/www.supercars.net\/blog\/wp-content\/uploads\/2016\/04\/1038525-770x512.jpg 770w, https:\/\/www.supercars.net\/blog\/wp-content\/uploads\/2016\/04\/1038525-360x240.jpg 360w, https:\/\/www.supercars.net\/blog\/wp-content\/uploads\/2016\/04\/1038525-370x247.jpg 370w, https:\/\/www.supercars.net\/blog\/wp-content\/uploads\/2016\/04\/1038525-293x195.jpg 293w\" sizes=\"(max-width: 1024px) 100vw, 1024px\" \/>\r\n\t\t\t\t<\/a>\r\n            <\/div><\/figure><figure class='gallery-item'>\r\n            <div class='gallery-icon landscape'>\r\n                <a href='https:\/\/www.supercars.net\/blog\/wp-content\/uploads\/2016\/04\/1038800.jpg' class='tipi-lightbox'>\r\n\t\t\t\t<img decoding=\"async\" width=\"1024\" height=\"681\" src=\"https:\/\/www.supercars.net\/blog\/wp-content\/uploads\/2016\/04\/1038800.jpg\" class=\"attachment-full size-full\" alt=\"2012 Audi R18 e-tron quattro Gallery\" srcset=\"https:\/\/www.supercars.net\/blog\/wp-content\/uploads\/2016\/04\/1038800.jpg 1024w, https:\/\/www.supercars.net\/blog\/wp-content\/uploads\/2016\/04\/1038800-300x200.jpg 300w, https:\/\/www.supercars.net\/blog\/wp-content\/uploads\/2016\/04\/1038800-100x67.jpg 100w, https:\/\/www.supercars.net\/blog\/wp-content\/uploads\/2016\/04\/1038800-770x512.jpg 770w, https:\/\/www.supercars.net\/blog\/wp-content\/uploads\/2016\/04\/1038800-360x240.jpg 360w, https:\/\/www.supercars.net\/blog\/wp-content\/uploads\/2016\/04\/1038800-370x247.jpg 370w, https:\/\/www.supercars.net\/blog\/wp-content\/uploads\/2016\/04\/1038800-293x195.jpg 293w\" sizes=\"(max-width: 1024px) 100vw, 1024px\" \/>\r\n\t\t\t\t<\/a>\r\n            <\/div><\/figure><figure class='gallery-item'>\r\n            <div class='gallery-icon landscape'>\r\n                <a href='https:\/\/www.supercars.net\/blog\/wp-content\/uploads\/2016\/04\/1038805.jpg' class='tipi-lightbox'>\r\n\t\t\t\t<img decoding=\"async\" width=\"1024\" height=\"681\" src=\"https:\/\/www.supercars.net\/blog\/wp-content\/uploads\/2016\/04\/1038805.jpg\" class=\"attachment-full size-full\" alt=\"2012 Audi R18 e-tron quattro Gallery\" srcset=\"https:\/\/www.supercars.net\/blog\/wp-content\/uploads\/2016\/04\/1038805.jpg 1024w, https:\/\/www.supercars.net\/blog\/wp-content\/uploads\/2016\/04\/1038805-300x200.jpg 300w, https:\/\/www.supercars.net\/blog\/wp-content\/uploads\/2016\/04\/1038805-100x67.jpg 100w, https:\/\/www.supercars.net\/blog\/wp-content\/uploads\/2016\/04\/1038805-770x512.jpg 770w, https:\/\/www.supercars.net\/blog\/wp-content\/uploads\/2016\/04\/1038805-360x240.jpg 360w, https:\/\/www.supercars.net\/blog\/wp-content\/uploads\/2016\/04\/1038805-370x247.jpg 370w, https:\/\/www.supercars.net\/blog\/wp-content\/uploads\/2016\/04\/1038805-293x195.jpg 293w\" sizes=\"(max-width: 1024px) 100vw, 1024px\" \/>\r\n\t\t\t\t<\/a>\r\n            <\/div><\/figure><figure class='gallery-item'>\r\n            <div class='gallery-icon landscape'>\r\n                <a href='https:\/\/www.supercars.net\/blog\/wp-content\/uploads\/2016\/04\/1049352.jpg' class='tipi-lightbox'>\r\n\t\t\t\t<img decoding=\"async\" width=\"1024\" height=\"684\" src=\"https:\/\/www.supercars.net\/blog\/wp-content\/uploads\/2016\/04\/1049352.jpg\" class=\"attachment-full size-full\" alt=\"2012 Audi R18 e-tron quattro Gallery\" srcset=\"https:\/\/www.supercars.net\/blog\/wp-content\/uploads\/2016\/04\/1049352.jpg 1024w, https:\/\/www.supercars.net\/blog\/wp-content\/uploads\/2016\/04\/1049352-300x200.jpg 300w, https:\/\/www.supercars.net\/blog\/wp-content\/uploads\/2016\/04\/1049352-100x67.jpg 100w, https:\/\/www.supercars.net\/blog\/wp-content\/uploads\/2016\/04\/1049352-770x514.jpg 770w, https:\/\/www.supercars.net\/blog\/wp-content\/uploads\/2016\/04\/1049352-360x240.jpg 360w, https:\/\/www.supercars.net\/blog\/wp-content\/uploads\/2016\/04\/1049352-370x247.jpg 370w, https:\/\/www.supercars.net\/blog\/wp-content\/uploads\/2016\/04\/1049352-293x196.jpg 293w\" sizes=\"(max-width: 1024px) 100vw, 1024px\" \/>\r\n\t\t\t\t<\/a>\r\n            <\/div>\r\n                <div class='wp-caption-text gallery-caption'>\r\n                Audi R18 e-tron quattro #1 (Audi Sport Team Joest), \nMarcel F\u00e4ssler (CH), Andr\u00e9 Lotterer (D), Beno\u00eet Tr\u00e9luyer (F)\r\n                <\/div><\/figure><figure class='gallery-item'>\r\n            <div class='gallery-icon landscape'>\r\n                <a href='https:\/\/www.supercars.net\/blog\/wp-content\/uploads\/2016\/04\/1049353.jpg' class='tipi-lightbox'>\r\n\t\t\t\t<img decoding=\"async\" width=\"1024\" height=\"683\" src=\"https:\/\/www.supercars.net\/blog\/wp-content\/uploads\/2016\/04\/1049353.jpg\" class=\"attachment-full size-full\" alt=\"2012 Audi R18 e-tron quattro Gallery\" srcset=\"https:\/\/www.supercars.net\/blog\/wp-content\/uploads\/2016\/04\/1049353.jpg 1024w, https:\/\/www.supercars.net\/blog\/wp-content\/uploads\/2016\/04\/1049353-300x200.jpg 300w, https:\/\/www.supercars.net\/blog\/wp-content\/uploads\/2016\/04\/1049353-100x67.jpg 100w, https:\/\/www.supercars.net\/blog\/wp-content\/uploads\/2016\/04\/1049353-770x514.jpg 770w, https:\/\/www.supercars.net\/blog\/wp-content\/uploads\/2016\/04\/1049353-360x240.jpg 360w, https:\/\/www.supercars.net\/blog\/wp-content\/uploads\/2016\/04\/1049353-370x247.jpg 370w, https:\/\/www.supercars.net\/blog\/wp-content\/uploads\/2016\/04\/1049353-293x195.jpg 293w\" sizes=\"(max-width: 1024px) 100vw, 1024px\" \/>\r\n\t\t\t\t<\/a>\r\n            <\/div>\r\n                <div class='wp-caption-text gallery-caption'>\r\n                Audi R18 e-tron quattro #1 (Audi Sport Team Joest), \nMarcel F\u00e4ssler (CH), Andr\u00e9 Lotterer (D), Beno\u00eet Tr\u00e9luyer (F)\r\n                <\/div><\/figure><figure class='gallery-item'>\r\n            <div class='gallery-icon landscape'>\r\n                <a href='https:\/\/www.supercars.net\/blog\/wp-content\/uploads\/2016\/04\/1049354.jpg' class='tipi-lightbox'>\r\n\t\t\t\t<img decoding=\"async\" width=\"1024\" height=\"683\" src=\"https:\/\/www.supercars.net\/blog\/wp-content\/uploads\/2016\/04\/1049354.jpg\" class=\"attachment-full size-full\" alt=\"2012 Audi R18 e-tron quattro Gallery\" srcset=\"https:\/\/www.supercars.net\/blog\/wp-content\/uploads\/2016\/04\/1049354.jpg 1024w, https:\/\/www.supercars.net\/blog\/wp-content\/uploads\/2016\/04\/1049354-300x200.jpg 300w, https:\/\/www.supercars.net\/blog\/wp-content\/uploads\/2016\/04\/1049354-100x67.jpg 100w, https:\/\/www.supercars.net\/blog\/wp-content\/uploads\/2016\/04\/1049354-770x514.jpg 770w, https:\/\/www.supercars.net\/blog\/wp-content\/uploads\/2016\/04\/1049354-360x240.jpg 360w, https:\/\/www.supercars.net\/blog\/wp-content\/uploads\/2016\/04\/1049354-370x247.jpg 370w, https:\/\/www.supercars.net\/blog\/wp-content\/uploads\/2016\/04\/1049354-293x195.jpg 293w\" sizes=\"(max-width: 1024px) 100vw, 1024px\" \/>\r\n\t\t\t\t<\/a>\r\n            <\/div>\r\n                <div class='wp-caption-text gallery-caption'>\r\n                Audi R18 e-tron quattro, Audi R18 ultra\r\n                <\/div><\/figure><figure class='gallery-item'>\r\n            <div class='gallery-icon landscape'>\r\n                <a href='https:\/\/www.supercars.net\/blog\/wp-content\/uploads\/2016\/04\/1049355.jpg' class='tipi-lightbox'>\r\n\t\t\t\t<img decoding=\"async\" width=\"1024\" height=\"683\" src=\"https:\/\/www.supercars.net\/blog\/wp-content\/uploads\/2016\/04\/1049355.jpg\" class=\"attachment-full size-full\" alt=\"2012 Audi R18 e-tron quattro Gallery\" srcset=\"https:\/\/www.supercars.net\/blog\/wp-content\/uploads\/2016\/04\/1049355.jpg 1024w, https:\/\/www.supercars.net\/blog\/wp-content\/uploads\/2016\/04\/1049355-300x200.jpg 300w, https:\/\/www.supercars.net\/blog\/wp-content\/uploads\/2016\/04\/1049355-100x67.jpg 100w, https:\/\/www.supercars.net\/blog\/wp-content\/uploads\/2016\/04\/1049355-770x514.jpg 770w, https:\/\/www.supercars.net\/blog\/wp-content\/uploads\/2016\/04\/1049355-360x240.jpg 360w, https:\/\/www.supercars.net\/blog\/wp-content\/uploads\/2016\/04\/1049355-370x247.jpg 370w, https:\/\/www.supercars.net\/blog\/wp-content\/uploads\/2016\/04\/1049355-293x195.jpg 293w\" sizes=\"(max-width: 1024px) 100vw, 1024px\" \/>\r\n\t\t\t\t<\/a>\r\n            <\/div>\r\n                <div class='wp-caption-text gallery-caption'>\r\n                Marcel F\u00e4ssler (CH), Beno\u00eet Tr\u00e9luyer (F) Audi R18 e-tron quattro #1 (Audi Sport Team Joest)\r\n                <\/div><\/figure><figure class='gallery-item'>\r\n            <div class='gallery-icon landscape'>\r\n                <a href='https:\/\/www.supercars.net\/blog\/wp-content\/uploads\/2016\/04\/1049360.jpg' class='tipi-lightbox'>\r\n\t\t\t\t<img decoding=\"async\" width=\"1024\" height=\"683\" src=\"https:\/\/www.supercars.net\/blog\/wp-content\/uploads\/2016\/04\/1049360.jpg\" class=\"attachment-full size-full\" alt=\"2012 Audi R18 e-tron quattro Gallery\" srcset=\"https:\/\/www.supercars.net\/blog\/wp-content\/uploads\/2016\/04\/1049360.jpg 1024w, https:\/\/www.supercars.net\/blog\/wp-content\/uploads\/2016\/04\/1049360-300x200.jpg 300w, https:\/\/www.supercars.net\/blog\/wp-content\/uploads\/2016\/04\/1049360-100x67.jpg 100w, https:\/\/www.supercars.net\/blog\/wp-content\/uploads\/2016\/04\/1049360-770x514.jpg 770w, https:\/\/www.supercars.net\/blog\/wp-content\/uploads\/2016\/04\/1049360-360x240.jpg 360w, https:\/\/www.supercars.net\/blog\/wp-content\/uploads\/2016\/04\/1049360-370x247.jpg 370w, https:\/\/www.supercars.net\/blog\/wp-content\/uploads\/2016\/04\/1049360-293x195.jpg 293w\" sizes=\"(max-width: 1024px) 100vw, 1024px\" \/>\r\n\t\t\t\t<\/a>\r\n            <\/div>\r\n                <div class='wp-caption-text gallery-caption'>\r\n                Audi R18 e-tron quattro #1 (Audi Sport Team Joest), \nMarcel F\u00e4ssler (CH), Andr\u00e9 Lotterer (D), Beno\u00eet Tr\u00e9luyer (F)\r\n                <\/div><\/figure><figure class='gallery-item'>\r\n            <div class='gallery-icon landscape'>\r\n                <a href='https:\/\/www.supercars.net\/blog\/wp-content\/uploads\/2016\/04\/1063977-1024.jpg' class='tipi-lightbox'>\r\n\t\t\t\t<img decoding=\"async\" width=\"1024\" height=\"685\" src=\"https:\/\/www.supercars.net\/blog\/wp-content\/uploads\/2016\/04\/1063977-1024.jpg\" class=\"attachment-full size-full\" alt=\"2012 Audi R18 e-tron quattro Gallery\" srcset=\"https:\/\/www.supercars.net\/blog\/wp-content\/uploads\/2016\/04\/1063977-1024.jpg 1024w, https:\/\/www.supercars.net\/blog\/wp-content\/uploads\/2016\/04\/1063977-1024-300x201.jpg 300w, https:\/\/www.supercars.net\/blog\/wp-content\/uploads\/2016\/04\/1063977-1024-100x67.jpg 100w, https:\/\/www.supercars.net\/blog\/wp-content\/uploads\/2016\/04\/1063977-1024-770x515.jpg 770w, https:\/\/www.supercars.net\/blog\/wp-content\/uploads\/2016\/04\/1063977-1024-360x240.jpg 360w, https:\/\/www.supercars.net\/blog\/wp-content\/uploads\/2016\/04\/1063977-1024-370x247.jpg 370w, https:\/\/www.supercars.net\/blog\/wp-content\/uploads\/2016\/04\/1063977-1024-293x196.jpg 293w\" sizes=\"(max-width: 1024px) 100vw, 1024px\" \/>\r\n\t\t\t\t<\/a>\r\n            <\/div>\r\n                <div class='wp-caption-text gallery-caption'>\r\n                WEC 6h Silverstone 2013\nAudi R18 e-tron quattro #2 (Audi Sport Team Joest), \nLoic Duval (F), Tom Kristensen (DK), Allan McNish (GB)\r\n                <\/div><\/figure><figure class='gallery-item'>\r\n            <div class='gallery-icon landscape'>\r\n                <a href='https:\/\/www.supercars.net\/blog\/wp-content\/uploads\/2016\/04\/1063978-1024.jpg' class='tipi-lightbox'>\r\n\t\t\t\t<img decoding=\"async\" width=\"1024\" height=\"685\" src=\"https:\/\/www.supercars.net\/blog\/wp-content\/uploads\/2016\/04\/1063978-1024.jpg\" class=\"attachment-full size-full\" alt=\"2012 Audi R18 e-tron quattro Gallery\" srcset=\"https:\/\/www.supercars.net\/blog\/wp-content\/uploads\/2016\/04\/1063978-1024.jpg 1024w, https:\/\/www.supercars.net\/blog\/wp-content\/uploads\/2016\/04\/1063978-1024-300x201.jpg 300w, https:\/\/www.supercars.net\/blog\/wp-content\/uploads\/2016\/04\/1063978-1024-100x67.jpg 100w, https:\/\/www.supercars.net\/blog\/wp-content\/uploads\/2016\/04\/1063978-1024-770x515.jpg 770w, https:\/\/www.supercars.net\/blog\/wp-content\/uploads\/2016\/04\/1063978-1024-360x240.jpg 360w, https:\/\/www.supercars.net\/blog\/wp-content\/uploads\/2016\/04\/1063978-1024-370x247.jpg 370w, https:\/\/www.supercars.net\/blog\/wp-content\/uploads\/2016\/04\/1063978-1024-293x196.jpg 293w\" sizes=\"(max-width: 1024px) 100vw, 1024px\" \/>\r\n\t\t\t\t<\/a>\r\n            <\/div>\r\n                <div class='wp-caption-text gallery-caption'>\r\n                Audi R18 e-tron quattro #2 (Audi Sport Team Joest), \nLo\u0457c Duval (F), Tom Kristensen (DK), Allan McNish (GB)\r\n                <\/div><\/figure><figure class='gallery-item'>\r\n            <div class='gallery-icon landscape'>\r\n                <a href='https:\/\/www.supercars.net\/blog\/wp-content\/uploads\/2016\/04\/1063979-1024.jpg' class='tipi-lightbox'>\r\n\t\t\t\t<img decoding=\"async\" width=\"1024\" height=\"683\" src=\"https:\/\/www.supercars.net\/blog\/wp-content\/uploads\/2016\/04\/1063979-1024.jpg\" class=\"attachment-full size-full\" alt=\"2012 Audi R18 e-tron quattro Gallery\" srcset=\"https:\/\/www.supercars.net\/blog\/wp-content\/uploads\/2016\/04\/1063979-1024.jpg 1024w, https:\/\/www.supercars.net\/blog\/wp-content\/uploads\/2016\/04\/1063979-1024-300x200.jpg 300w, https:\/\/www.supercars.net\/blog\/wp-content\/uploads\/2016\/04\/1063979-1024-100x67.jpg 100w, https:\/\/www.supercars.net\/blog\/wp-content\/uploads\/2016\/04\/1063979-1024-770x514.jpg 770w, https:\/\/www.supercars.net\/blog\/wp-content\/uploads\/2016\/04\/1063979-1024-360x240.jpg 360w, https:\/\/www.supercars.net\/blog\/wp-content\/uploads\/2016\/04\/1063979-1024-370x247.jpg 370w, https:\/\/www.supercars.net\/blog\/wp-content\/uploads\/2016\/04\/1063979-1024-293x195.jpg 293w\" sizes=\"(max-width: 1024px) 100vw, 1024px\" \/>\r\n\t\t\t\t<\/a>\r\n            <\/div>\r\n                <div class='wp-caption-text gallery-caption'>\r\n                Audi R18 e-tron quattro #2 (Audi Sport Team Joest), \nLo\u0457c Duval (F), Tom Kristensen (DK), Allan McNish (GB)\r\n                <\/div><\/figure><figure class='gallery-item'>\r\n            <div class='gallery-icon landscape'>\r\n                <a href='https:\/\/www.supercars.net\/blog\/wp-content\/uploads\/2016\/04\/1063980-1024.jpg' class='tipi-lightbox'>\r\n\t\t\t\t<img decoding=\"async\" width=\"1024\" height=\"685\" src=\"https:\/\/www.supercars.net\/blog\/wp-content\/uploads\/2016\/04\/1063980-1024.jpg\" class=\"attachment-full size-full\" alt=\"2012 Audi R18 e-tron quattro Gallery\" srcset=\"https:\/\/www.supercars.net\/blog\/wp-content\/uploads\/2016\/04\/1063980-1024.jpg 1024w, https:\/\/www.supercars.net\/blog\/wp-content\/uploads\/2016\/04\/1063980-1024-300x201.jpg 300w, https:\/\/www.supercars.net\/blog\/wp-content\/uploads\/2016\/04\/1063980-1024-100x67.jpg 100w, https:\/\/www.supercars.net\/blog\/wp-content\/uploads\/2016\/04\/1063980-1024-770x515.jpg 770w, https:\/\/www.supercars.net\/blog\/wp-content\/uploads\/2016\/04\/1063980-1024-360x240.jpg 360w, https:\/\/www.supercars.net\/blog\/wp-content\/uploads\/2016\/04\/1063980-1024-370x247.jpg 370w, https:\/\/www.supercars.net\/blog\/wp-content\/uploads\/2016\/04\/1063980-1024-293x196.jpg 293w\" sizes=\"(max-width: 1024px) 100vw, 1024px\" \/>\r\n\t\t\t\t<\/a>\r\n            <\/div>\r\n                <div class='wp-caption-text gallery-caption'>\r\n                Audi R18 e-tron quattro #2 (Audi Sport Team Joest), \nLo\u0457c Duval (F), Tom Kristensen (DK), Allan McNish (GB)\r\n                <\/div><\/figure><figure class='gallery-item'>\r\n            <div class='gallery-icon landscape'>\r\n                <a href='https:\/\/www.supercars.net\/blog\/wp-content\/uploads\/2016\/04\/1063981-1024.jpg' class='tipi-lightbox'>\r\n\t\t\t\t<img decoding=\"async\" width=\"1024\" height=\"683\" src=\"https:\/\/www.supercars.net\/blog\/wp-content\/uploads\/2016\/04\/1063981-1024.jpg\" class=\"attachment-full size-full\" alt=\"2012 Audi R18 e-tron quattro Gallery\" srcset=\"https:\/\/www.supercars.net\/blog\/wp-content\/uploads\/2016\/04\/1063981-1024.jpg 1024w, https:\/\/www.supercars.net\/blog\/wp-content\/uploads\/2016\/04\/1063981-1024-300x200.jpg 300w, https:\/\/www.supercars.net\/blog\/wp-content\/uploads\/2016\/04\/1063981-1024-100x67.jpg 100w, https:\/\/www.supercars.net\/blog\/wp-content\/uploads\/2016\/04\/1063981-1024-770x514.jpg 770w, https:\/\/www.supercars.net\/blog\/wp-content\/uploads\/2016\/04\/1063981-1024-360x240.jpg 360w, https:\/\/www.supercars.net\/blog\/wp-content\/uploads\/2016\/04\/1063981-1024-370x247.jpg 370w, https:\/\/www.supercars.net\/blog\/wp-content\/uploads\/2016\/04\/1063981-1024-293x195.jpg 293w\" sizes=\"(max-width: 1024px) 100vw, 1024px\" \/>\r\n\t\t\t\t<\/a>\r\n            <\/div>\r\n                <div class='wp-caption-text gallery-caption'>\r\n                Lo\u0457c Duval (F)\nAudi R18 e-tron quattro #2 (Audi Sport Team Joest)\r\n                <\/div><\/figure><figure class='gallery-item'>\r\n            <div class='gallery-icon landscape'>\r\n                <a href='https:\/\/www.supercars.net\/blog\/wp-content\/uploads\/2016\/04\/1063982-1024.jpg' class='tipi-lightbox'>\r\n\t\t\t\t<img decoding=\"async\" width=\"1024\" height=\"683\" src=\"https:\/\/www.supercars.net\/blog\/wp-content\/uploads\/2016\/04\/1063982-1024.jpg\" class=\"attachment-full size-full\" alt=\"2012 Audi R18 e-tron quattro Gallery\" srcset=\"https:\/\/www.supercars.net\/blog\/wp-content\/uploads\/2016\/04\/1063982-1024.jpg 1024w, https:\/\/www.supercars.net\/blog\/wp-content\/uploads\/2016\/04\/1063982-1024-300x200.jpg 300w, https:\/\/www.supercars.net\/blog\/wp-content\/uploads\/2016\/04\/1063982-1024-100x67.jpg 100w, https:\/\/www.supercars.net\/blog\/wp-content\/uploads\/2016\/04\/1063982-1024-770x514.jpg 770w, https:\/\/www.supercars.net\/blog\/wp-content\/uploads\/2016\/04\/1063982-1024-360x240.jpg 360w, https:\/\/www.supercars.net\/blog\/wp-content\/uploads\/2016\/04\/1063982-1024-370x247.jpg 370w, https:\/\/www.supercars.net\/blog\/wp-content\/uploads\/2016\/04\/1063982-1024-293x195.jpg 293w\" sizes=\"(max-width: 1024px) 100vw, 1024px\" \/>\r\n\t\t\t\t<\/a>\r\n            <\/div>\r\n                <div class='wp-caption-text gallery-caption'>\r\n                Audi R18 e-tron quattro #1 (Audi Sport Team Joest), \nMarcel F\u00e4ssler (CH), Andr\u00e8 Lotterer (D), Beno\u00eet Tr\u00e9luyer (F)\r\n                <\/div><\/figure><figure class='gallery-item'>\r\n            <div class='gallery-icon landscape'>\r\n                <a href='https:\/\/www.supercars.net\/blog\/wp-content\/uploads\/2016\/04\/1063983-1024.jpg' class='tipi-lightbox'>\r\n\t\t\t\t<img decoding=\"async\" width=\"1024\" height=\"683\" src=\"https:\/\/www.supercars.net\/blog\/wp-content\/uploads\/2016\/04\/1063983-1024.jpg\" class=\"attachment-full size-full\" alt=\"2012 Audi R18 e-tron quattro Gallery\" srcset=\"https:\/\/www.supercars.net\/blog\/wp-content\/uploads\/2016\/04\/1063983-1024.jpg 1024w, https:\/\/www.supercars.net\/blog\/wp-content\/uploads\/2016\/04\/1063983-1024-300x200.jpg 300w, https:\/\/www.supercars.net\/blog\/wp-content\/uploads\/2016\/04\/1063983-1024-100x67.jpg 100w, https:\/\/www.supercars.net\/blog\/wp-content\/uploads\/2016\/04\/1063983-1024-770x514.jpg 770w, https:\/\/www.supercars.net\/blog\/wp-content\/uploads\/2016\/04\/1063983-1024-360x240.jpg 360w, https:\/\/www.supercars.net\/blog\/wp-content\/uploads\/2016\/04\/1063983-1024-370x247.jpg 370w, https:\/\/www.supercars.net\/blog\/wp-content\/uploads\/2016\/04\/1063983-1024-293x195.jpg 293w\" sizes=\"(max-width: 1024px) 100vw, 1024px\" \/>\r\n\t\t\t\t<\/a>\r\n            <\/div>\r\n                <div class='wp-caption-text gallery-caption'>\r\n                WEC 6h Silverstone 2013\nAudi R18 e-tron quattro #1 (Audi Sport Team Joest), \nMarcel F\u00e4ssler (CH), Andr\u00e8 Lotterer (D), Beno\u00eet Tr\u00e9luyer (F)\r\n                <\/div><\/figure><figure class='gallery-item'>\r\n            <div class='gallery-icon landscape'>\r\n                <a href='https:\/\/www.supercars.net\/blog\/wp-content\/uploads\/2016\/04\/1063984-1024.jpg' class='tipi-lightbox'>\r\n\t\t\t\t<img decoding=\"async\" width=\"1024\" height=\"683\" src=\"https:\/\/www.supercars.net\/blog\/wp-content\/uploads\/2016\/04\/1063984-1024.jpg\" class=\"attachment-full size-full\" alt=\"2012 Audi R18 e-tron quattro Gallery\" srcset=\"https:\/\/www.supercars.net\/blog\/wp-content\/uploads\/2016\/04\/1063984-1024.jpg 1024w, https:\/\/www.supercars.net\/blog\/wp-content\/uploads\/2016\/04\/1063984-1024-300x200.jpg 300w, https:\/\/www.supercars.net\/blog\/wp-content\/uploads\/2016\/04\/1063984-1024-100x67.jpg 100w, https:\/\/www.supercars.net\/blog\/wp-content\/uploads\/2016\/04\/1063984-1024-770x514.jpg 770w, https:\/\/www.supercars.net\/blog\/wp-content\/uploads\/2016\/04\/1063984-1024-360x240.jpg 360w, https:\/\/www.supercars.net\/blog\/wp-content\/uploads\/2016\/04\/1063984-1024-370x247.jpg 370w, https:\/\/www.supercars.net\/blog\/wp-content\/uploads\/2016\/04\/1063984-1024-293x195.jpg 293w\" sizes=\"(max-width: 1024px) 100vw, 1024px\" \/>\r\n\t\t\t\t<\/a>\r\n            <\/div>\r\n                <div class='wp-caption-text gallery-caption'>\r\n                WEC 6h Silverstone 2013\nAudi R18 e-tron quattro #1 (Audi Sport Team Joest), \nMarcel F\u00e4ssler (CH), Andr\u00e8 Lotterer (D), Beno\u00eet Tr\u00e9luyer (F)\r\n                <\/div><\/figure><figure class='gallery-item'>\r\n            <div class='gallery-icon landscape'>\r\n                <a href='https:\/\/www.supercars.net\/blog\/wp-content\/uploads\/2016\/04\/1063986-1024.jpg' class='tipi-lightbox'>\r\n\t\t\t\t<img decoding=\"async\" width=\"1024\" height=\"684\" src=\"https:\/\/www.supercars.net\/blog\/wp-content\/uploads\/2016\/04\/1063986-1024.jpg\" class=\"attachment-full size-full\" alt=\"2012 Audi R18 e-tron quattro Gallery\" srcset=\"https:\/\/www.supercars.net\/blog\/wp-content\/uploads\/2016\/04\/1063986-1024.jpg 1024w, https:\/\/www.supercars.net\/blog\/wp-content\/uploads\/2016\/04\/1063986-1024-300x200.jpg 300w, https:\/\/www.supercars.net\/blog\/wp-content\/uploads\/2016\/04\/1063986-1024-100x67.jpg 100w, https:\/\/www.supercars.net\/blog\/wp-content\/uploads\/2016\/04\/1063986-1024-770x514.jpg 770w, https:\/\/www.supercars.net\/blog\/wp-content\/uploads\/2016\/04\/1063986-1024-360x240.jpg 360w, https:\/\/www.supercars.net\/blog\/wp-content\/uploads\/2016\/04\/1063986-1024-370x247.jpg 370w, https:\/\/www.supercars.net\/blog\/wp-content\/uploads\/2016\/04\/1063986-1024-293x196.jpg 293w\" sizes=\"(max-width: 1024px) 100vw, 1024px\" \/>\r\n\t\t\t\t<\/a>\r\n            <\/div>\r\n                <div class='wp-caption-text gallery-caption'>\r\n                WEC 6h Silverstone 2013\nAudi R18 e-tron quattro #1 (Audi Sport Team Joest), \nMarcel F\u00e4ssler (CH), Andr\u00e8 Lotterer (D), Beno\u00eet Tr\u00e9luyer (F)\r\n                <\/div><\/figure><figure class='gallery-item'>\r\n            <div class='gallery-icon landscape'>\r\n                <a href='https:\/\/www.supercars.net\/blog\/wp-content\/uploads\/2016\/04\/1063987-1024.jpg' class='tipi-lightbox'>\r\n\t\t\t\t<img decoding=\"async\" width=\"1024\" height=\"683\" src=\"https:\/\/www.supercars.net\/blog\/wp-content\/uploads\/2016\/04\/1063987-1024.jpg\" class=\"attachment-full size-full\" alt=\"2012 Audi R18 e-tron quattro Gallery\" srcset=\"https:\/\/www.supercars.net\/blog\/wp-content\/uploads\/2016\/04\/1063987-1024.jpg 1024w, https:\/\/www.supercars.net\/blog\/wp-content\/uploads\/2016\/04\/1063987-1024-300x200.jpg 300w, https:\/\/www.supercars.net\/blog\/wp-content\/uploads\/2016\/04\/1063987-1024-100x67.jpg 100w, https:\/\/www.supercars.net\/blog\/wp-content\/uploads\/2016\/04\/1063987-1024-770x514.jpg 770w, https:\/\/www.supercars.net\/blog\/wp-content\/uploads\/2016\/04\/1063987-1024-360x240.jpg 360w, https:\/\/www.supercars.net\/blog\/wp-content\/uploads\/2016\/04\/1063987-1024-370x247.jpg 370w, https:\/\/www.supercars.net\/blog\/wp-content\/uploads\/2016\/04\/1063987-1024-293x195.jpg 293w\" sizes=\"(max-width: 1024px) 100vw, 1024px\" \/>\r\n\t\t\t\t<\/a>\r\n            <\/div>\r\n                <div class='wp-caption-text gallery-caption'>\r\n                Mechanix\r\n                <\/div><\/figure><figure class='gallery-item'>\r\n            <div class='gallery-icon landscape'>\r\n                <a href='https:\/\/www.supercars.net\/blog\/wp-content\/uploads\/2016\/04\/1075916-1024.jpg' class='tipi-lightbox'>\r\n\t\t\t\t<img decoding=\"async\" width=\"1024\" height=\"683\" src=\"https:\/\/www.supercars.net\/blog\/wp-content\/uploads\/2016\/04\/1075916-1024.jpg\" class=\"attachment-full size-full\" alt=\"2012 Audi R18 e-tron quattro Gallery\" srcset=\"https:\/\/www.supercars.net\/blog\/wp-content\/uploads\/2016\/04\/1075916-1024.jpg 1024w, https:\/\/www.supercars.net\/blog\/wp-content\/uploads\/2016\/04\/1075916-1024-300x200.jpg 300w, https:\/\/www.supercars.net\/blog\/wp-content\/uploads\/2016\/04\/1075916-1024-100x67.jpg 100w, https:\/\/www.supercars.net\/blog\/wp-content\/uploads\/2016\/04\/1075916-1024-770x514.jpg 770w, https:\/\/www.supercars.net\/blog\/wp-content\/uploads\/2016\/04\/1075916-1024-360x240.jpg 360w, https:\/\/www.supercars.net\/blog\/wp-content\/uploads\/2016\/04\/1075916-1024-370x247.jpg 370w, https:\/\/www.supercars.net\/blog\/wp-content\/uploads\/2016\/04\/1075916-1024-293x195.jpg 293w\" sizes=\"(max-width: 1024px) 100vw, 1024px\" \/>\r\n\t\t\t\t<\/a>\r\n            <\/div>\r\n                <div class='wp-caption-text gallery-caption'>\r\n                MOTORSPORT &#8211; WORLD ENDURANCE CHAMPIONSHIP 2013 &#8211; 6 HOURS OF AUSTIN \/ 6 HEURES D&#8217;AUSTIN &#8211; TEXAS (USA) &#8211; 19 TO 22\/09\/2013 &#8211; PHOTO CLEMENT MARIN \/ DPPI  &#8211; \nDEPART &#8211; START \/ ACTION\r\n                <\/div><\/figure>\n","protected":false},"excerpt":{"rendered":"<p>2012 Audi R18 e-tron quattro Gallery<\/p>\n","protected":false},"author":2,"featured_media":271326,"comment_status":"open","ping_status":"closed","sticky":false,"template":"","format":"gallery","meta":{"footnotes":""},"categories":[174,13],"tags":[18689,177,7072,6701,18599,15],"class_list":["post-271277","post","type-post","status-publish","format-gallery","has-post-thumbnail","hentry","category-audi","category-gallery","tag-2010s-galleries","tag-audi","tag-audi-galleries","tag-race-car-pictures","tag-media-car-image-galleries","tag-gallery","post_format-post-format-gallery"],"yoast_head":"<!-- This site is optimized with the Yoast SEO plugin v27.4 - https:\/\/yoast.com\/product\/yoast-seo-wordpress\/ -->\n<title>2012 Audi R18 e-tron quattro Image Gallery<\/title>\n<meta name=\"robots\" content=\"index, follow, max-snippet:-1, max-image-preview:large, max-video-preview:-1\" \/>\n<link rel=\"canonical\" href=\"https:\/\/www.supercars.net\/blog\/2012-audi-r18-e-tron-quattro-gallery-2\/\" \/>\n<meta property=\"og:locale\" content=\"en_US\" \/>\n<meta property=\"og:type\" content=\"article\" \/>\n<meta property=\"og:title\" content=\"2012 Audi R18 e-tron quattro Image Gallery\" \/>\n<meta property=\"og:description\" content=\"2012 Audi R18 e-tron quattro Gallery\" \/>\n<meta property=\"og:url\" content=\"https:\/\/www.supercars.net\/blog\/2012-audi-r18-e-tron-quattro-gallery-2\/\" \/>\n<meta property=\"og:site_name\" content=\"Supercars.net\" \/>\n<meta property=\"article:publisher\" content=\"https:\/\/www.facebook.com\/Supercars.net\/\" \/>\n<meta property=\"article:author\" content=\"https:\/\/www.facebook.com\/Supercars.net\/\" \/>\n<meta property=\"article:published_time\" content=\"2016-04-21T17:11:08+00:00\" \/>\n<meta property=\"article:modified_time\" content=\"2024-02-10T02:03:16+00:00\" \/>\n<meta property=\"og:image\" content=\"https:\/\/www.supercars.net\/blog\/wp-content\/uploads\/2016\/04\/1063983-1024.jpg\" \/>\n\t<meta property=\"og:image:width\" content=\"1024\" \/>\n\t<meta property=\"og:image:height\" content=\"683\" \/>\n\t<meta property=\"og:image:type\" content=\"image\/jpeg\" \/>\n<meta name=\"author\" content=\"Editorial Team\" \/>\n<meta name=\"twitter:card\" content=\"summary_large_image\" \/>\n<meta name=\"twitter:creator\" content=\"@https:\/\/twitter.com\/supercars_net\" \/>\n<meta name=\"twitter:site\" content=\"@supercars_net\" \/>\n<meta name=\"twitter:label1\" content=\"Written by\" \/>\n\t<meta name=\"twitter:data1\" content=\"Editorial Team\" \/>\n<script type=\"application\/ld+json\" class=\"yoast-schema-graph\">{\"@context\":\"https:\\\/\\\/schema.org\",\"@graph\":[{\"@type\":\"Article\",\"@id\":\"https:\\\/\\\/www.supercars.net\\\/blog\\\/2012-audi-r18-e-tron-quattro-gallery-2\\\/#article\",\"isPartOf\":{\"@id\":\"https:\\\/\\\/www.supercars.net\\\/blog\\\/2012-audi-r18-e-tron-quattro-gallery-2\\\/\"},\"author\":{\"name\":\"Editorial Team\",\"@id\":\"https:\\\/\\\/www.supercars.net\\\/blog\\\/#\\\/schema\\\/person\\\/08906293a84eafb03312b711c1507c7e\"},\"headline\":\"2012 Audi R18 e-tron quattro Image Gallery\",\"datePublished\":\"2016-04-21T17:11:08+00:00\",\"dateModified\":\"2024-02-10T02:03:16+00:00\",\"mainEntityOfPage\":{\"@id\":\"https:\\\/\\\/www.supercars.net\\\/blog\\\/2012-audi-r18-e-tron-quattro-gallery-2\\\/\"},\"wordCount\":15,\"commentCount\":0,\"image\":{\"@id\":\"https:\\\/\\\/www.supercars.net\\\/blog\\\/2012-audi-r18-e-tron-quattro-gallery-2\\\/#primaryimage\"},\"thumbnailUrl\":\"https:\\\/\\\/www.supercars.net\\\/blog\\\/wp-content\\\/uploads\\\/2016\\\/04\\\/1063983-1024.jpg\",\"keywords\":[\"2010s Galleries\",\"Audi\",\"Audi Media (Galleries)\",\"Galleries (Race Cars)\",\"Media (Car Galleries)\",\"Media (Galleries)\"],\"articleSection\":[\"Audi\",\"Photo Galleries\"],\"inLanguage\":\"en-US\",\"potentialAction\":[{\"@type\":\"CommentAction\",\"name\":\"Comment\",\"target\":[\"https:\\\/\\\/www.supercars.net\\\/blog\\\/2012-audi-r18-e-tron-quattro-gallery-2\\\/#respond\"]}]},{\"@type\":\"WebPage\",\"@id\":\"https:\\\/\\\/www.supercars.net\\\/blog\\\/2012-audi-r18-e-tron-quattro-gallery-2\\\/\",\"url\":\"https:\\\/\\\/www.supercars.net\\\/blog\\\/2012-audi-r18-e-tron-quattro-gallery-2\\\/\",\"name\":\"2012 Audi R18 e-tron quattro Image Gallery\",\"isPartOf\":{\"@id\":\"https:\\\/\\\/www.supercars.net\\\/blog\\\/#website\"},\"primaryImageOfPage\":{\"@id\":\"https:\\\/\\\/www.supercars.net\\\/blog\\\/2012-audi-r18-e-tron-quattro-gallery-2\\\/#primaryimage\"},\"image\":{\"@id\":\"https:\\\/\\\/www.supercars.net\\\/blog\\\/2012-audi-r18-e-tron-quattro-gallery-2\\\/#primaryimage\"},\"thumbnailUrl\":\"https:\\\/\\\/www.supercars.net\\\/blog\\\/wp-content\\\/uploads\\\/2016\\\/04\\\/1063983-1024.jpg\",\"datePublished\":\"2016-04-21T17:11:08+00:00\",\"dateModified\":\"2024-02-10T02:03:16+00:00\",\"author\":{\"@id\":\"https:\\\/\\\/www.supercars.net\\\/blog\\\/#\\\/schema\\\/person\\\/08906293a84eafb03312b711c1507c7e\"},\"breadcrumb\":{\"@id\":\"https:\\\/\\\/www.supercars.net\\\/blog\\\/2012-audi-r18-e-tron-quattro-gallery-2\\\/#breadcrumb\"},\"inLanguage\":\"en-US\",\"potentialAction\":[{\"@type\":\"ReadAction\",\"target\":[\"https:\\\/\\\/www.supercars.net\\\/blog\\\/2012-audi-r18-e-tron-quattro-gallery-2\\\/\"]}]},{\"@type\":\"ImageObject\",\"inLanguage\":\"en-US\",\"@id\":\"https:\\\/\\\/www.supercars.net\\\/blog\\\/2012-audi-r18-e-tron-quattro-gallery-2\\\/#primaryimage\",\"url\":\"https:\\\/\\\/www.supercars.net\\\/blog\\\/wp-content\\\/uploads\\\/2016\\\/04\\\/1063983-1024.jpg\",\"contentUrl\":\"https:\\\/\\\/www.supercars.net\\\/blog\\\/wp-content\\\/uploads\\\/2016\\\/04\\\/1063983-1024.jpg\",\"width\":1024,\"height\":683,\"caption\":\"WEC 6h Silverstone 2013 Audi R18 e-tron quattro #1 (Audi Sport Team Joest), Marcel F\u00e4ssler (CH), Andr\u00e8 Lotterer (D), Beno\u00eet Tr\u00e9luyer (F)\"},{\"@type\":\"BreadcrumbList\",\"@id\":\"https:\\\/\\\/www.supercars.net\\\/blog\\\/2012-audi-r18-e-tron-quattro-gallery-2\\\/#breadcrumb\",\"itemListElement\":[{\"@type\":\"ListItem\",\"position\":1,\"name\":\"Home\",\"item\":\"https:\\\/\\\/www.supercars.net\\\/blog\\\/\"},{\"@type\":\"ListItem\",\"position\":2,\"name\":\"2012 Audi R18 e-tron quattro Image Gallery\"}]},{\"@type\":\"WebSite\",\"@id\":\"https:\\\/\\\/www.supercars.net\\\/blog\\\/#website\",\"url\":\"https:\\\/\\\/www.supercars.net\\\/blog\\\/\",\"name\":\"Supercars.net\",\"description\":\"Exotic and Supercar news, information, pictures and videos\",\"potentialAction\":[{\"@type\":\"SearchAction\",\"target\":{\"@type\":\"EntryPoint\",\"urlTemplate\":\"https:\\\/\\\/www.supercars.net\\\/blog\\\/?s={search_term_string}\"},\"query-input\":{\"@type\":\"PropertyValueSpecification\",\"valueRequired\":true,\"valueName\":\"search_term_string\"}}],\"inLanguage\":\"en-US\"},{\"@type\":\"Person\",\"@id\":\"https:\\\/\\\/www.supercars.net\\\/blog\\\/#\\\/schema\\\/person\\\/08906293a84eafb03312b711c1507c7e\",\"name\":\"Editorial Team\",\"image\":{\"@type\":\"ImageObject\",\"inLanguage\":\"en-US\",\"@id\":\"https:\\\/\\\/www.supercars.net\\\/blog\\\/wp-content\\\/uploads\\\/2012\\\/01\\\/196-293x293.jpg\",\"url\":\"https:\\\/\\\/www.supercars.net\\\/blog\\\/wp-content\\\/uploads\\\/2012\\\/01\\\/196-293x293.jpg\",\"contentUrl\":\"https:\\\/\\\/www.supercars.net\\\/blog\\\/wp-content\\\/uploads\\\/2012\\\/01\\\/196-293x293.jpg\",\"caption\":\"Editorial Team\"},\"description\":\"Regular people by day, car obsessed nutcases by night. We are like kids in a candy store, except the candy is made of metal, goes vroom-vroom, and occasionally bankrupts us faster than a sugar rush at a candy store sale! We spend hours debating the merits of turbochargers versus superchargers, and our weekends are a never-ending quest for the perfect polish and wax combo. We can identify every make and model by the sound of a revving engine, and our idea of a romantic evening is a candlelit dinner with our cars in the garage.\",\"sameAs\":[\"http:\\\/\\\/www.supercars.net\",\"https:\\\/\\\/www.facebook.com\\\/Supercars.net\\\/\",\"https:\\\/\\\/instagram.com\\\/super.cars.fans\",\"https:\\\/\\\/x.com\\\/https:\\\/\\\/twitter.com\\\/supercars_net\"],\"url\":\"https:\\\/\\\/www.supercars.net\\\/blog\\\/author\\\/supercars\\\/\"}]}<\/script>\n<!-- \/ Yoast SEO plugin. -->","yoast_head_json":{"title":"2012 Audi R18 e-tron quattro Image Gallery","robots":{"index":"index","follow":"follow","max-snippet":"max-snippet:-1","max-image-preview":"max-image-preview:large","max-video-preview":"max-video-preview:-1"},"canonical":"https:\/\/www.supercars.net\/blog\/2012-audi-r18-e-tron-quattro-gallery-2\/","og_locale":"en_US","og_type":"article","og_title":"2012 Audi R18 e-tron quattro Image Gallery","og_description":"2012 Audi R18 e-tron quattro Gallery","og_url":"https:\/\/www.supercars.net\/blog\/2012-audi-r18-e-tron-quattro-gallery-2\/","og_site_name":"Supercars.net","article_publisher":"https:\/\/www.facebook.com\/Supercars.net\/","article_author":"https:\/\/www.facebook.com\/Supercars.net\/","article_published_time":"2016-04-21T17:11:08+00:00","article_modified_time":"2024-02-10T02:03:16+00:00","og_image":[{"width":1024,"height":683,"url":"https:\/\/www.supercars.net\/blog\/wp-content\/uploads\/2016\/04\/1063983-1024.jpg","type":"image\/jpeg"}],"author":"Editorial Team","twitter_card":"summary_large_image","twitter_creator":"@https:\/\/twitter.com\/supercars_net","twitter_site":"@supercars_net","twitter_misc":{"Written by":"Editorial Team"},"schema":{"@context":"https:\/\/schema.org","@graph":[{"@type":"Article","@id":"https:\/\/www.supercars.net\/blog\/2012-audi-r18-e-tron-quattro-gallery-2\/#article","isPartOf":{"@id":"https:\/\/www.supercars.net\/blog\/2012-audi-r18-e-tron-quattro-gallery-2\/"},"author":{"name":"Editorial Team","@id":"https:\/\/www.supercars.net\/blog\/#\/schema\/person\/08906293a84eafb03312b711c1507c7e"},"headline":"2012 Audi R18 e-tron quattro Image Gallery","datePublished":"2016-04-21T17:11:08+00:00","dateModified":"2024-02-10T02:03:16+00:00","mainEntityOfPage":{"@id":"https:\/\/www.supercars.net\/blog\/2012-audi-r18-e-tron-quattro-gallery-2\/"},"wordCount":15,"commentCount":0,"image":{"@id":"https:\/\/www.supercars.net\/blog\/2012-audi-r18-e-tron-quattro-gallery-2\/#primaryimage"},"thumbnailUrl":"https:\/\/www.supercars.net\/blog\/wp-content\/uploads\/2016\/04\/1063983-1024.jpg","keywords":["2010s Galleries","Audi","Audi Media (Galleries)","Galleries (Race Cars)","Media (Car Galleries)","Media (Galleries)"],"articleSection":["Audi","Photo Galleries"],"inLanguage":"en-US","potentialAction":[{"@type":"CommentAction","name":"Comment","target":["https:\/\/www.supercars.net\/blog\/2012-audi-r18-e-tron-quattro-gallery-2\/#respond"]}]},{"@type":"WebPage","@id":"https:\/\/www.supercars.net\/blog\/2012-audi-r18-e-tron-quattro-gallery-2\/","url":"https:\/\/www.supercars.net\/blog\/2012-audi-r18-e-tron-quattro-gallery-2\/","name":"2012 Audi R18 e-tron quattro Image Gallery","isPartOf":{"@id":"https:\/\/www.supercars.net\/blog\/#website"},"primaryImageOfPage":{"@id":"https:\/\/www.supercars.net\/blog\/2012-audi-r18-e-tron-quattro-gallery-2\/#primaryimage"},"image":{"@id":"https:\/\/www.supercars.net\/blog\/2012-audi-r18-e-tron-quattro-gallery-2\/#primaryimage"},"thumbnailUrl":"https:\/\/www.supercars.net\/blog\/wp-content\/uploads\/2016\/04\/1063983-1024.jpg","datePublished":"2016-04-21T17:11:08+00:00","dateModified":"2024-02-10T02:03:16+00:00","author":{"@id":"https:\/\/www.supercars.net\/blog\/#\/schema\/person\/08906293a84eafb03312b711c1507c7e"},"breadcrumb":{"@id":"https:\/\/www.supercars.net\/blog\/2012-audi-r18-e-tron-quattro-gallery-2\/#breadcrumb"},"inLanguage":"en-US","potentialAction":[{"@type":"ReadAction","target":["https:\/\/www.supercars.net\/blog\/2012-audi-r18-e-tron-quattro-gallery-2\/"]}]},{"@type":"ImageObject","inLanguage":"en-US","@id":"https:\/\/www.supercars.net\/blog\/2012-audi-r18-e-tron-quattro-gallery-2\/#primaryimage","url":"https:\/\/www.supercars.net\/blog\/wp-content\/uploads\/2016\/04\/1063983-1024.jpg","contentUrl":"https:\/\/www.supercars.net\/blog\/wp-content\/uploads\/2016\/04\/1063983-1024.jpg","width":1024,"height":683,"caption":"WEC 6h Silverstone 2013 Audi R18 e-tron quattro #1 (Audi Sport Team Joest), Marcel F\u00e4ssler (CH), Andr\u00e8 Lotterer (D), Beno\u00eet Tr\u00e9luyer (F)"},{"@type":"BreadcrumbList","@id":"https:\/\/www.supercars.net\/blog\/2012-audi-r18-e-tron-quattro-gallery-2\/#breadcrumb","itemListElement":[{"@type":"ListItem","position":1,"name":"Home","item":"https:\/\/www.supercars.net\/blog\/"},{"@type":"ListItem","position":2,"name":"2012 Audi R18 e-tron quattro Image Gallery"}]},{"@type":"WebSite","@id":"https:\/\/www.supercars.net\/blog\/#website","url":"https:\/\/www.supercars.net\/blog\/","name":"Supercars.net","description":"Exotic and Supercar news, information, pictures and videos","potentialAction":[{"@type":"SearchAction","target":{"@type":"EntryPoint","urlTemplate":"https:\/\/www.supercars.net\/blog\/?s={search_term_string}"},"query-input":{"@type":"PropertyValueSpecification","valueRequired":true,"valueName":"search_term_string"}}],"inLanguage":"en-US"},{"@type":"Person","@id":"https:\/\/www.supercars.net\/blog\/#\/schema\/person\/08906293a84eafb03312b711c1507c7e","name":"Editorial Team","image":{"@type":"ImageObject","inLanguage":"en-US","@id":"https:\/\/www.supercars.net\/blog\/wp-content\/uploads\/2012\/01\/196-293x293.jpg","url":"https:\/\/www.supercars.net\/blog\/wp-content\/uploads\/2012\/01\/196-293x293.jpg","contentUrl":"https:\/\/www.supercars.net\/blog\/wp-content\/uploads\/2012\/01\/196-293x293.jpg","caption":"Editorial Team"},"description":"Regular people by day, car obsessed nutcases by night. We are like kids in a candy store, except the candy is made of metal, goes vroom-vroom, and occasionally bankrupts us faster than a sugar rush at a candy store sale! We spend hours debating the merits of turbochargers versus superchargers, and our weekends are a never-ending quest for the perfect polish and wax combo. We can identify every make and model by the sound of a revving engine, and our idea of a romantic evening is a candlelit dinner with our cars in the garage.","sameAs":["http:\/\/www.supercars.net","https:\/\/www.facebook.com\/Supercars.net\/","https:\/\/instagram.com\/super.cars.fans","https:\/\/x.com\/https:\/\/twitter.com\/supercars_net"],"url":"https:\/\/www.supercars.net\/blog\/author\/supercars\/"}]}},"_links":{"self":[{"href":"https:\/\/www.supercars.net\/blog\/wp-json\/wp\/v2\/posts\/271277","targetHints":{"allow":["GET"]}}],"collection":[{"href":"https:\/\/www.supercars.net\/blog\/wp-json\/wp\/v2\/posts"}],"about":[{"href":"https:\/\/www.supercars.net\/blog\/wp-json\/wp\/v2\/types\/post"}],"author":[{"embeddable":true,"href":"https:\/\/www.supercars.net\/blog\/wp-json\/wp\/v2\/users\/2"}],"replies":[{"embeddable":true,"href":"https:\/\/www.supercars.net\/blog\/wp-json\/wp\/v2\/comments?post=271277"}],"version-history":[{"count":0,"href":"https:\/\/www.supercars.net\/blog\/wp-json\/wp\/v2\/posts\/271277\/revisions"}],"wp:featuredmedia":[{"embeddable":true,"href":"https:\/\/www.supercars.net\/blog\/wp-json\/wp\/v2\/media\/271326"}],"wp:attachment":[{"href":"https:\/\/www.supercars.net\/blog\/wp-json\/wp\/v2\/media?parent=271277"}],"wp:term":[{"taxonomy":"category","embeddable":true,"href":"https:\/\/www.supercars.net\/blog\/wp-json\/wp\/v2\/categories?post=271277"},{"taxonomy":"post_tag","embeddable":true,"href":"https:\/\/www.supercars.net\/blog\/wp-json\/wp\/v2\/tags?post=271277"}],"curies":[{"name":"wp","href":"https:\/\/api.w.org\/{rel}","templated":true}]}}