{"id":271498,"date":"2016-04-21T18:00:36","date_gmt":"2016-04-21T18:00:36","guid":{"rendered":"http:\/\/blog.supercars.net\/blog\/?p=271498"},"modified":"2024-02-10T02:03:16","modified_gmt":"2024-02-10T02:03:16","slug":"2012-audi-r18-ultra-gallery","status":"publish","type":"post","link":"https:\/\/www.supercars.net\/blog\/2012-audi-r18-ultra-gallery\/","title":{"rendered":"2012 Audi R18 ultra Image Gallery"},"content":{"rendered":"<h1>2012 Audi R18 ultra Gallery<\/h1>\n<figure class='gallery-item'>\r\n            <div class='gallery-icon landscape'>\r\n                <a href='https:\/\/www.supercars.net\/blog\/wp-content\/uploads\/2016\/04\/1033754.jpg' class='tipi-lightbox'>\r\n\t\t\t\t<img decoding=\"async\" width=\"1024\" height=\"683\" src=\"https:\/\/www.supercars.net\/blog\/wp-content\/uploads\/2016\/04\/1033754.jpg\" class=\"attachment-full size-full\" alt=\"2012 Audi R18 ultra Gallery\" srcset=\"https:\/\/www.supercars.net\/blog\/wp-content\/uploads\/2016\/04\/1033754.jpg 1024w, https:\/\/www.supercars.net\/blog\/wp-content\/uploads\/2016\/04\/1033754-300x200.jpg 300w, https:\/\/www.supercars.net\/blog\/wp-content\/uploads\/2016\/04\/1033754-100x67.jpg 100w, https:\/\/www.supercars.net\/blog\/wp-content\/uploads\/2016\/04\/1033754-770x514.jpg 770w, https:\/\/www.supercars.net\/blog\/wp-content\/uploads\/2016\/04\/1033754-360x240.jpg 360w, https:\/\/www.supercars.net\/blog\/wp-content\/uploads\/2016\/04\/1033754-370x247.jpg 370w, https:\/\/www.supercars.net\/blog\/wp-content\/uploads\/2016\/04\/1033754-293x195.jpg 293w\" sizes=\"(max-width: 1024px) 100vw, 1024px\" \/>\r\n\t\t\t\t<\/a>\r\n            <\/div>\r\n                <div class='wp-caption-text gallery-caption'>\r\n                Audi R18 ultra #3 (Audi Sport Team Joest)\nRomain Dumas (F), Lo?c Duval (F), Marc Gen\u00e9 (E)\r\n                <\/div><\/figure><figure class='gallery-item'>\r\n            <div class='gallery-icon landscape'>\r\n                <a href='https:\/\/www.supercars.net\/blog\/wp-content\/uploads\/2016\/04\/1033755.jpg' class='tipi-lightbox'>\r\n\t\t\t\t<img decoding=\"async\" width=\"1024\" height=\"683\" src=\"https:\/\/www.supercars.net\/blog\/wp-content\/uploads\/2016\/04\/1033755.jpg\" class=\"attachment-full size-full\" alt=\"2012 Audi R18 ultra Gallery\" srcset=\"https:\/\/www.supercars.net\/blog\/wp-content\/uploads\/2016\/04\/1033755.jpg 1024w, https:\/\/www.supercars.net\/blog\/wp-content\/uploads\/2016\/04\/1033755-300x200.jpg 300w, https:\/\/www.supercars.net\/blog\/wp-content\/uploads\/2016\/04\/1033755-100x67.jpg 100w, https:\/\/www.supercars.net\/blog\/wp-content\/uploads\/2016\/04\/1033755-770x514.jpg 770w, https:\/\/www.supercars.net\/blog\/wp-content\/uploads\/2016\/04\/1033755-360x240.jpg 360w, https:\/\/www.supercars.net\/blog\/wp-content\/uploads\/2016\/04\/1033755-370x247.jpg 370w, https:\/\/www.supercars.net\/blog\/wp-content\/uploads\/2016\/04\/1033755-293x195.jpg 293w\" sizes=\"(max-width: 1024px) 100vw, 1024px\" \/>\r\n\t\t\t\t<\/a>\r\n            <\/div>\r\n                <div class='wp-caption-text gallery-caption'>\r\n                Audi R18 ultra #3 (Audi Sport Team Joest)\nRomain Dumas (F), Lo?c Duval (F), Marc Gen\u00e9 (E)\r\n                <\/div><\/figure><figure class='gallery-item'>\r\n            <div class='gallery-icon landscape'>\r\n                <a href='https:\/\/www.supercars.net\/blog\/wp-content\/uploads\/2016\/04\/1033756.jpg' class='tipi-lightbox'>\r\n\t\t\t\t<img decoding=\"async\" width=\"1024\" height=\"683\" src=\"https:\/\/www.supercars.net\/blog\/wp-content\/uploads\/2016\/04\/1033756.jpg\" class=\"attachment-full size-full\" alt=\"2012 Audi R18 ultra Gallery\" srcset=\"https:\/\/www.supercars.net\/blog\/wp-content\/uploads\/2016\/04\/1033756.jpg 1024w, https:\/\/www.supercars.net\/blog\/wp-content\/uploads\/2016\/04\/1033756-300x200.jpg 300w, https:\/\/www.supercars.net\/blog\/wp-content\/uploads\/2016\/04\/1033756-100x67.jpg 100w, https:\/\/www.supercars.net\/blog\/wp-content\/uploads\/2016\/04\/1033756-770x514.jpg 770w, https:\/\/www.supercars.net\/blog\/wp-content\/uploads\/2016\/04\/1033756-360x240.jpg 360w, https:\/\/www.supercars.net\/blog\/wp-content\/uploads\/2016\/04\/1033756-370x247.jpg 370w, https:\/\/www.supercars.net\/blog\/wp-content\/uploads\/2016\/04\/1033756-293x195.jpg 293w\" sizes=\"(max-width: 1024px) 100vw, 1024px\" \/>\r\n\t\t\t\t<\/a>\r\n            <\/div>\r\n                <div class='wp-caption-text gallery-caption'>\r\n                Audi R18 ultra #3 (Audi Sport Team Joest)\nRomain Dumas (F), Lo?c Duval (F), Marc Gen\u00e9 (E)\r\n                <\/div><\/figure><figure class='gallery-item'>\r\n            <div class='gallery-icon landscape'>\r\n                <a href='https:\/\/www.supercars.net\/blog\/wp-content\/uploads\/2016\/04\/1033761.jpg' class='tipi-lightbox'>\r\n\t\t\t\t<img decoding=\"async\" width=\"1024\" height=\"684\" src=\"https:\/\/www.supercars.net\/blog\/wp-content\/uploads\/2016\/04\/1033761.jpg\" class=\"attachment-full size-full\" alt=\"2012 Audi R18 ultra Gallery\" srcset=\"https:\/\/www.supercars.net\/blog\/wp-content\/uploads\/2016\/04\/1033761.jpg 1024w, https:\/\/www.supercars.net\/blog\/wp-content\/uploads\/2016\/04\/1033761-300x200.jpg 300w, https:\/\/www.supercars.net\/blog\/wp-content\/uploads\/2016\/04\/1033761-100x67.jpg 100w, https:\/\/www.supercars.net\/blog\/wp-content\/uploads\/2016\/04\/1033761-770x514.jpg 770w, https:\/\/www.supercars.net\/blog\/wp-content\/uploads\/2016\/04\/1033761-360x240.jpg 360w, https:\/\/www.supercars.net\/blog\/wp-content\/uploads\/2016\/04\/1033761-370x247.jpg 370w, https:\/\/www.supercars.net\/blog\/wp-content\/uploads\/2016\/04\/1033761-293x196.jpg 293w\" sizes=\"(max-width: 1024px) 100vw, 1024px\" \/>\r\n\t\t\t\t<\/a>\r\n            <\/div>\r\n                <div class='wp-caption-text gallery-caption'>\r\n                Audi R18 ultra #4 (Audi Sport Team Joest)\rMarco Bonanomi (I), Oliver Jarvis (GB)\r\n                <\/div><\/figure><figure class='gallery-item'>\r\n            <div class='gallery-icon landscape'>\r\n                <a href='https:\/\/www.supercars.net\/blog\/wp-content\/uploads\/2016\/04\/1033762.jpg' class='tipi-lightbox'>\r\n\t\t\t\t<img decoding=\"async\" width=\"1024\" height=\"683\" src=\"https:\/\/www.supercars.net\/blog\/wp-content\/uploads\/2016\/04\/1033762.jpg\" class=\"attachment-full size-full\" alt=\"2012 Audi R18 ultra Gallery\" srcset=\"https:\/\/www.supercars.net\/blog\/wp-content\/uploads\/2016\/04\/1033762.jpg 1024w, https:\/\/www.supercars.net\/blog\/wp-content\/uploads\/2016\/04\/1033762-300x200.jpg 300w, https:\/\/www.supercars.net\/blog\/wp-content\/uploads\/2016\/04\/1033762-100x67.jpg 100w, https:\/\/www.supercars.net\/blog\/wp-content\/uploads\/2016\/04\/1033762-770x514.jpg 770w, https:\/\/www.supercars.net\/blog\/wp-content\/uploads\/2016\/04\/1033762-360x240.jpg 360w, https:\/\/www.supercars.net\/blog\/wp-content\/uploads\/2016\/04\/1033762-370x247.jpg 370w, https:\/\/www.supercars.net\/blog\/wp-content\/uploads\/2016\/04\/1033762-293x195.jpg 293w\" sizes=\"(max-width: 1024px) 100vw, 1024px\" \/>\r\n\t\t\t\t<\/a>\r\n            <\/div>\r\n                <div class='wp-caption-text gallery-caption'>\r\n                Audi R18 ultra #4 (Audi Sport Team Joest)\nMarco Bonanomi (I), Oliver Jarvis (GB)\r\n                <\/div><\/figure><figure class='gallery-item'>\r\n            <div class='gallery-icon landscape'>\r\n                <a href='https:\/\/www.supercars.net\/blog\/wp-content\/uploads\/2016\/04\/1033763.jpg' class='tipi-lightbox'>\r\n\t\t\t\t<img decoding=\"async\" width=\"1024\" height=\"683\" src=\"https:\/\/www.supercars.net\/blog\/wp-content\/uploads\/2016\/04\/1033763.jpg\" class=\"attachment-full size-full\" alt=\"2012 Audi R18 ultra Gallery\" srcset=\"https:\/\/www.supercars.net\/blog\/wp-content\/uploads\/2016\/04\/1033763.jpg 1024w, https:\/\/www.supercars.net\/blog\/wp-content\/uploads\/2016\/04\/1033763-300x200.jpg 300w, https:\/\/www.supercars.net\/blog\/wp-content\/uploads\/2016\/04\/1033763-100x67.jpg 100w, https:\/\/www.supercars.net\/blog\/wp-content\/uploads\/2016\/04\/1033763-770x514.jpg 770w, https:\/\/www.supercars.net\/blog\/wp-content\/uploads\/2016\/04\/1033763-360x240.jpg 360w, https:\/\/www.supercars.net\/blog\/wp-content\/uploads\/2016\/04\/1033763-370x247.jpg 370w, https:\/\/www.supercars.net\/blog\/wp-content\/uploads\/2016\/04\/1033763-293x195.jpg 293w\" sizes=\"(max-width: 1024px) 100vw, 1024px\" \/>\r\n\t\t\t\t<\/a>\r\n            <\/div>\r\n                <div class='wp-caption-text gallery-caption'>\r\n                Audi R18 ultra #4 (Audi Sport Team Joest)\nMarco Bonanomi (I), Oliver Jarvis (GB)\r\n                <\/div><\/figure><figure class='gallery-item'>\r\n            <div class='gallery-icon landscape'>\r\n                <a href='https:\/\/www.supercars.net\/blog\/wp-content\/uploads\/2016\/04\/1033764.jpg' class='tipi-lightbox'>\r\n\t\t\t\t<img decoding=\"async\" width=\"1024\" height=\"683\" src=\"https:\/\/www.supercars.net\/blog\/wp-content\/uploads\/2016\/04\/1033764.jpg\" class=\"attachment-full size-full\" alt=\"2012 Audi R18 ultra Gallery\" srcset=\"https:\/\/www.supercars.net\/blog\/wp-content\/uploads\/2016\/04\/1033764.jpg 1024w, https:\/\/www.supercars.net\/blog\/wp-content\/uploads\/2016\/04\/1033764-300x200.jpg 300w, https:\/\/www.supercars.net\/blog\/wp-content\/uploads\/2016\/04\/1033764-100x67.jpg 100w, https:\/\/www.supercars.net\/blog\/wp-content\/uploads\/2016\/04\/1033764-770x514.jpg 770w, https:\/\/www.supercars.net\/blog\/wp-content\/uploads\/2016\/04\/1033764-360x240.jpg 360w, https:\/\/www.supercars.net\/blog\/wp-content\/uploads\/2016\/04\/1033764-370x247.jpg 370w, https:\/\/www.supercars.net\/blog\/wp-content\/uploads\/2016\/04\/1033764-293x195.jpg 293w\" sizes=\"(max-width: 1024px) 100vw, 1024px\" \/>\r\n\t\t\t\t<\/a>\r\n            <\/div>\r\n                <div class='wp-caption-text gallery-caption'>\r\n                Audi R18 e-tron quattro #2 (Audi Sport Team Joest)\nDindo Capello (I), Tom Kristensen (DK), Allan McNish(GB)\r\n                <\/div><\/figure><figure class='gallery-item'>\r\n            <div class='gallery-icon landscape'>\r\n                <a href='https:\/\/www.supercars.net\/blog\/wp-content\/uploads\/2016\/04\/1033765.jpg' class='tipi-lightbox'>\r\n\t\t\t\t<img decoding=\"async\" width=\"1024\" height=\"683\" src=\"https:\/\/www.supercars.net\/blog\/wp-content\/uploads\/2016\/04\/1033765.jpg\" class=\"attachment-full size-full\" alt=\"2012 Audi R18 ultra Gallery\" srcset=\"https:\/\/www.supercars.net\/blog\/wp-content\/uploads\/2016\/04\/1033765.jpg 1024w, https:\/\/www.supercars.net\/blog\/wp-content\/uploads\/2016\/04\/1033765-300x200.jpg 300w, https:\/\/www.supercars.net\/blog\/wp-content\/uploads\/2016\/04\/1033765-100x67.jpg 100w, https:\/\/www.supercars.net\/blog\/wp-content\/uploads\/2016\/04\/1033765-770x514.jpg 770w, https:\/\/www.supercars.net\/blog\/wp-content\/uploads\/2016\/04\/1033765-360x240.jpg 360w, https:\/\/www.supercars.net\/blog\/wp-content\/uploads\/2016\/04\/1033765-370x247.jpg 370w, https:\/\/www.supercars.net\/blog\/wp-content\/uploads\/2016\/04\/1033765-293x195.jpg 293w\" sizes=\"(max-width: 1024px) 100vw, 1024px\" \/>\r\n\t\t\t\t<\/a>\r\n            <\/div>\r\n                <div class='wp-caption-text gallery-caption'>\r\n                Tom Kristensen (DK) Audi R18 e-tron quattro #2 (Audi Sport Team Joest)\r\n                <\/div><\/figure><figure class='gallery-item'>\r\n            <div class='gallery-icon landscape'>\r\n                <a href='https:\/\/www.supercars.net\/blog\/wp-content\/uploads\/2016\/04\/1033766.jpg' class='tipi-lightbox'>\r\n\t\t\t\t<img decoding=\"async\" width=\"1024\" height=\"683\" src=\"https:\/\/www.supercars.net\/blog\/wp-content\/uploads\/2016\/04\/1033766.jpg\" class=\"attachment-full size-full\" alt=\"2012 Audi R18 ultra Gallery\" srcset=\"https:\/\/www.supercars.net\/blog\/wp-content\/uploads\/2016\/04\/1033766.jpg 1024w, https:\/\/www.supercars.net\/blog\/wp-content\/uploads\/2016\/04\/1033766-300x200.jpg 300w, https:\/\/www.supercars.net\/blog\/wp-content\/uploads\/2016\/04\/1033766-100x67.jpg 100w, https:\/\/www.supercars.net\/blog\/wp-content\/uploads\/2016\/04\/1033766-770x514.jpg 770w, https:\/\/www.supercars.net\/blog\/wp-content\/uploads\/2016\/04\/1033766-360x240.jpg 360w, https:\/\/www.supercars.net\/blog\/wp-content\/uploads\/2016\/04\/1033766-370x247.jpg 370w, https:\/\/www.supercars.net\/blog\/wp-content\/uploads\/2016\/04\/1033766-293x195.jpg 293w\" sizes=\"(max-width: 1024px) 100vw, 1024px\" \/>\r\n\t\t\t\t<\/a>\r\n            <\/div>\r\n                <div class='wp-caption-text gallery-caption'>\r\n                Start, Audi R18 e-tron quattro #2 (Audi Sport Team Joest)\nDindo Capello (I), Tom Kristensen (DK), Allan McNish(GB)\r\n                <\/div><\/figure><figure class='gallery-item'>\r\n            <div class='gallery-icon landscape'>\r\n                <a href='https:\/\/www.supercars.net\/blog\/wp-content\/uploads\/2016\/04\/1033767.jpg' class='tipi-lightbox'>\r\n\t\t\t\t<img decoding=\"async\" width=\"1024\" height=\"683\" src=\"https:\/\/www.supercars.net\/blog\/wp-content\/uploads\/2016\/04\/1033767.jpg\" class=\"attachment-full size-full\" alt=\"2012 Audi R18 ultra Gallery\" srcset=\"https:\/\/www.supercars.net\/blog\/wp-content\/uploads\/2016\/04\/1033767.jpg 1024w, https:\/\/www.supercars.net\/blog\/wp-content\/uploads\/2016\/04\/1033767-300x200.jpg 300w, https:\/\/www.supercars.net\/blog\/wp-content\/uploads\/2016\/04\/1033767-100x67.jpg 100w, https:\/\/www.supercars.net\/blog\/wp-content\/uploads\/2016\/04\/1033767-770x514.jpg 770w, https:\/\/www.supercars.net\/blog\/wp-content\/uploads\/2016\/04\/1033767-360x240.jpg 360w, https:\/\/www.supercars.net\/blog\/wp-content\/uploads\/2016\/04\/1033767-370x247.jpg 370w, https:\/\/www.supercars.net\/blog\/wp-content\/uploads\/2016\/04\/1033767-293x195.jpg 293w\" sizes=\"(max-width: 1024px) 100vw, 1024px\" \/>\r\n\t\t\t\t<\/a>\r\n            <\/div>\r\n                <div class='wp-caption-text gallery-caption'>\r\n                Start, Audi R18 e-tron quattro #2 (Audi Sport Team Joest)\nDindo Capello (I), Tom Kristensen (DK), Allan McNish(GB)\r\n                <\/div><\/figure><figure class='gallery-item'>\r\n            <div class='gallery-icon landscape'>\r\n                <a href='https:\/\/www.supercars.net\/blog\/wp-content\/uploads\/2016\/04\/1033768.jpg' class='tipi-lightbox'>\r\n\t\t\t\t<img decoding=\"async\" width=\"1024\" height=\"683\" src=\"https:\/\/www.supercars.net\/blog\/wp-content\/uploads\/2016\/04\/1033768.jpg\" class=\"attachment-full size-full\" alt=\"2012 Audi R18 ultra Gallery\" srcset=\"https:\/\/www.supercars.net\/blog\/wp-content\/uploads\/2016\/04\/1033768.jpg 1024w, https:\/\/www.supercars.net\/blog\/wp-content\/uploads\/2016\/04\/1033768-300x200.jpg 300w, https:\/\/www.supercars.net\/blog\/wp-content\/uploads\/2016\/04\/1033768-100x67.jpg 100w, https:\/\/www.supercars.net\/blog\/wp-content\/uploads\/2016\/04\/1033768-770x514.jpg 770w, https:\/\/www.supercars.net\/blog\/wp-content\/uploads\/2016\/04\/1033768-360x240.jpg 360w, https:\/\/www.supercars.net\/blog\/wp-content\/uploads\/2016\/04\/1033768-370x247.jpg 370w, https:\/\/www.supercars.net\/blog\/wp-content\/uploads\/2016\/04\/1033768-293x195.jpg 293w\" sizes=\"(max-width: 1024px) 100vw, 1024px\" \/>\r\n\t\t\t\t<\/a>\r\n            <\/div>\r\n                <div class='wp-caption-text gallery-caption'>\r\n                Allan McNish (GB) Audi R18 e-tron quattro #2 (Audi Sport Team Joest)\r\n                <\/div><\/figure><figure class='gallery-item'>\r\n            <div class='gallery-icon landscape'>\r\n                <a href='https:\/\/www.supercars.net\/blog\/wp-content\/uploads\/2016\/04\/1033771.jpg' class='tipi-lightbox'>\r\n\t\t\t\t<img decoding=\"async\" width=\"1024\" height=\"683\" src=\"https:\/\/www.supercars.net\/blog\/wp-content\/uploads\/2016\/04\/1033771.jpg\" class=\"attachment-full size-full\" alt=\"2012 Audi R18 ultra Gallery\" srcset=\"https:\/\/www.supercars.net\/blog\/wp-content\/uploads\/2016\/04\/1033771.jpg 1024w, https:\/\/www.supercars.net\/blog\/wp-content\/uploads\/2016\/04\/1033771-300x200.jpg 300w, https:\/\/www.supercars.net\/blog\/wp-content\/uploads\/2016\/04\/1033771-100x67.jpg 100w, https:\/\/www.supercars.net\/blog\/wp-content\/uploads\/2016\/04\/1033771-770x514.jpg 770w, https:\/\/www.supercars.net\/blog\/wp-content\/uploads\/2016\/04\/1033771-360x240.jpg 360w, https:\/\/www.supercars.net\/blog\/wp-content\/uploads\/2016\/04\/1033771-370x247.jpg 370w, https:\/\/www.supercars.net\/blog\/wp-content\/uploads\/2016\/04\/1033771-293x195.jpg 293w\" sizes=\"(max-width: 1024px) 100vw, 1024px\" \/>\r\n\t\t\t\t<\/a>\r\n            <\/div>\r\n                <div class='wp-caption-text gallery-caption'>\r\n                Audi R18 e-tron quattro #2 (Audi Sport Team Joest)\nDindo Capello (I), Tom Kristensen (DK), Allan McNish(GB)\r\n                <\/div><\/figure><figure class='gallery-item'>\r\n            <div class='gallery-icon landscape'>\r\n                <a href='https:\/\/www.supercars.net\/blog\/wp-content\/uploads\/2016\/04\/1033772.jpg' class='tipi-lightbox'>\r\n\t\t\t\t<img decoding=\"async\" width=\"1024\" height=\"683\" src=\"https:\/\/www.supercars.net\/blog\/wp-content\/uploads\/2016\/04\/1033772.jpg\" class=\"attachment-full size-full\" alt=\"2012 Audi R18 ultra Gallery\" srcset=\"https:\/\/www.supercars.net\/blog\/wp-content\/uploads\/2016\/04\/1033772.jpg 1024w, https:\/\/www.supercars.net\/blog\/wp-content\/uploads\/2016\/04\/1033772-300x200.jpg 300w, https:\/\/www.supercars.net\/blog\/wp-content\/uploads\/2016\/04\/1033772-100x67.jpg 100w, https:\/\/www.supercars.net\/blog\/wp-content\/uploads\/2016\/04\/1033772-770x514.jpg 770w, https:\/\/www.supercars.net\/blog\/wp-content\/uploads\/2016\/04\/1033772-360x240.jpg 360w, https:\/\/www.supercars.net\/blog\/wp-content\/uploads\/2016\/04\/1033772-370x247.jpg 370w, https:\/\/www.supercars.net\/blog\/wp-content\/uploads\/2016\/04\/1033772-293x195.jpg 293w\" sizes=\"(max-width: 1024px) 100vw, 1024px\" \/>\r\n\t\t\t\t<\/a>\r\n            <\/div>\r\n                <div class='wp-caption-text gallery-caption'>\r\n                Audi R18 e-tron quattro #2 (Audi Sport Team Joest)\nDindo Capello (I), Tom Kristensen (DK), Allan McNish(GB)\r\n                <\/div><\/figure><figure class='gallery-item'>\r\n            <div class='gallery-icon landscape'>\r\n                <a href='https:\/\/www.supercars.net\/blog\/wp-content\/uploads\/2016\/04\/1033773.jpg' class='tipi-lightbox'>\r\n\t\t\t\t<img decoding=\"async\" width=\"1024\" height=\"683\" src=\"https:\/\/www.supercars.net\/blog\/wp-content\/uploads\/2016\/04\/1033773.jpg\" class=\"attachment-full size-full\" alt=\"2012 Audi R18 ultra Gallery\" srcset=\"https:\/\/www.supercars.net\/blog\/wp-content\/uploads\/2016\/04\/1033773.jpg 1024w, https:\/\/www.supercars.net\/blog\/wp-content\/uploads\/2016\/04\/1033773-300x200.jpg 300w, https:\/\/www.supercars.net\/blog\/wp-content\/uploads\/2016\/04\/1033773-100x67.jpg 100w, https:\/\/www.supercars.net\/blog\/wp-content\/uploads\/2016\/04\/1033773-770x514.jpg 770w, https:\/\/www.supercars.net\/blog\/wp-content\/uploads\/2016\/04\/1033773-360x240.jpg 360w, https:\/\/www.supercars.net\/blog\/wp-content\/uploads\/2016\/04\/1033773-370x247.jpg 370w, https:\/\/www.supercars.net\/blog\/wp-content\/uploads\/2016\/04\/1033773-293x195.jpg 293w\" sizes=\"(max-width: 1024px) 100vw, 1024px\" \/>\r\n\t\t\t\t<\/a>\r\n            <\/div>\r\n                <div class='wp-caption-text gallery-caption'>\r\n                Audi R18 e-tron quattro #2 (Audi Sport Team Joest)\nDindo Capello (I), Tom Kristensen (DK), Allan McNish(GB)\r\n                <\/div><\/figure><figure class='gallery-item'>\r\n            <div class='gallery-icon landscape'>\r\n                <a href='https:\/\/www.supercars.net\/blog\/wp-content\/uploads\/2016\/04\/1033778.jpg' class='tipi-lightbox'>\r\n\t\t\t\t<img decoding=\"async\" width=\"1024\" height=\"683\" src=\"https:\/\/www.supercars.net\/blog\/wp-content\/uploads\/2016\/04\/1033778.jpg\" class=\"attachment-full size-full\" alt=\"2012 Audi R18 ultra Gallery\" srcset=\"https:\/\/www.supercars.net\/blog\/wp-content\/uploads\/2016\/04\/1033778.jpg 1024w, https:\/\/www.supercars.net\/blog\/wp-content\/uploads\/2016\/04\/1033778-300x200.jpg 300w, https:\/\/www.supercars.net\/blog\/wp-content\/uploads\/2016\/04\/1033778-100x67.jpg 100w, https:\/\/www.supercars.net\/blog\/wp-content\/uploads\/2016\/04\/1033778-770x514.jpg 770w, https:\/\/www.supercars.net\/blog\/wp-content\/uploads\/2016\/04\/1033778-360x240.jpg 360w, https:\/\/www.supercars.net\/blog\/wp-content\/uploads\/2016\/04\/1033778-370x247.jpg 370w, https:\/\/www.supercars.net\/blog\/wp-content\/uploads\/2016\/04\/1033778-293x195.jpg 293w\" sizes=\"(max-width: 1024px) 100vw, 1024px\" \/>\r\n\t\t\t\t<\/a>\r\n            <\/div>\r\n                <div class='wp-caption-text gallery-caption'>\r\n                MOTORSPORT &#8211; WORLD ENDURANCE CHAMPIONSHIP 2012 &#8211; 6 HOURS OF SPA &#8211; SPA FRANCORCHAMPS (BEL) &#8211; 03 TO 06\/05\/2012 &#8211; PHOTO : FLORENT GOODEN \/ DPPI &#8211;\r\n                <\/div><\/figure><figure class='gallery-item'>\r\n            <div class='gallery-icon landscape'>\r\n                <a href='https:\/\/www.supercars.net\/blog\/wp-content\/uploads\/2016\/04\/1037247.jpg' class='tipi-lightbox'>\r\n\t\t\t\t<img decoding=\"async\" width=\"1024\" height=\"683\" src=\"https:\/\/www.supercars.net\/blog\/wp-content\/uploads\/2016\/04\/1037247.jpg\" class=\"attachment-full size-full\" alt=\"2012 Audi R18 ultra Gallery\" srcset=\"https:\/\/www.supercars.net\/blog\/wp-content\/uploads\/2016\/04\/1037247.jpg 1024w, https:\/\/www.supercars.net\/blog\/wp-content\/uploads\/2016\/04\/1037247-300x200.jpg 300w, https:\/\/www.supercars.net\/blog\/wp-content\/uploads\/2016\/04\/1037247-100x67.jpg 100w, https:\/\/www.supercars.net\/blog\/wp-content\/uploads\/2016\/04\/1037247-770x514.jpg 770w, https:\/\/www.supercars.net\/blog\/wp-content\/uploads\/2016\/04\/1037247-360x240.jpg 360w, https:\/\/www.supercars.net\/blog\/wp-content\/uploads\/2016\/04\/1037247-370x247.jpg 370w, https:\/\/www.supercars.net\/blog\/wp-content\/uploads\/2016\/04\/1037247-293x195.jpg 293w\" sizes=\"(max-width: 1024px) 100vw, 1024px\" \/>\r\n\t\t\t\t<\/a>\r\n            <\/div>\r\n                <div class='wp-caption-text gallery-caption'>\r\n                Audi R18 ultra #4 (Audi Sport Team Joest)\nMarco Bonanomi (I), Mike Rockenfeller (D)\r\n                <\/div><\/figure><figure class='gallery-item'>\r\n            <div class='gallery-icon landscape'>\r\n                <a href='https:\/\/www.supercars.net\/blog\/wp-content\/uploads\/2016\/04\/1037284.jpg' class='tipi-lightbox'>\r\n\t\t\t\t<img decoding=\"async\" width=\"1024\" height=\"683\" src=\"https:\/\/www.supercars.net\/blog\/wp-content\/uploads\/2016\/04\/1037284.jpg\" class=\"attachment-full size-full\" alt=\"2012 Audi R18 ultra Gallery\" srcset=\"https:\/\/www.supercars.net\/blog\/wp-content\/uploads\/2016\/04\/1037284.jpg 1024w, https:\/\/www.supercars.net\/blog\/wp-content\/uploads\/2016\/04\/1037284-300x200.jpg 300w, https:\/\/www.supercars.net\/blog\/wp-content\/uploads\/2016\/04\/1037284-100x67.jpg 100w, https:\/\/www.supercars.net\/blog\/wp-content\/uploads\/2016\/04\/1037284-770x514.jpg 770w, https:\/\/www.supercars.net\/blog\/wp-content\/uploads\/2016\/04\/1037284-360x240.jpg 360w, https:\/\/www.supercars.net\/blog\/wp-content\/uploads\/2016\/04\/1037284-370x247.jpg 370w, https:\/\/www.supercars.net\/blog\/wp-content\/uploads\/2016\/04\/1037284-293x195.jpg 293w\" sizes=\"(max-width: 1024px) 100vw, 1024px\" \/>\r\n\t\t\t\t<\/a>\r\n            <\/div>\r\n                <div class='wp-caption-text gallery-caption'>\r\n                Audi R18 ultra #4\r\n                <\/div><\/figure><figure class='gallery-item'>\r\n            <div class='gallery-icon landscape'>\r\n                <a href='https:\/\/www.supercars.net\/blog\/wp-content\/uploads\/2016\/04\/1037292.jpg' class='tipi-lightbox'>\r\n\t\t\t\t<img decoding=\"async\" width=\"1024\" height=\"683\" src=\"https:\/\/www.supercars.net\/blog\/wp-content\/uploads\/2016\/04\/1037292.jpg\" class=\"attachment-full size-full\" alt=\"2012 Audi R18 ultra Gallery\" srcset=\"https:\/\/www.supercars.net\/blog\/wp-content\/uploads\/2016\/04\/1037292.jpg 1024w, https:\/\/www.supercars.net\/blog\/wp-content\/uploads\/2016\/04\/1037292-300x200.jpg 300w, https:\/\/www.supercars.net\/blog\/wp-content\/uploads\/2016\/04\/1037292-100x67.jpg 100w, https:\/\/www.supercars.net\/blog\/wp-content\/uploads\/2016\/04\/1037292-770x514.jpg 770w, https:\/\/www.supercars.net\/blog\/wp-content\/uploads\/2016\/04\/1037292-360x240.jpg 360w, https:\/\/www.supercars.net\/blog\/wp-content\/uploads\/2016\/04\/1037292-370x247.jpg 370w, https:\/\/www.supercars.net\/blog\/wp-content\/uploads\/2016\/04\/1037292-293x195.jpg 293w\" sizes=\"(max-width: 1024px) 100vw, 1024px\" \/>\r\n\t\t\t\t<\/a>\r\n            <\/div>\r\n                <div class='wp-caption-text gallery-caption'>\r\n                Audi R18 ultra #3 (Audi Sport Team Joest)\nRomain Dumas (F), Lo\u0457c Duval (F), Marc Gen\u00e9 (E)\r\n                <\/div><\/figure><figure class='gallery-item'>\r\n            <div class='gallery-icon landscape'>\r\n                <a href='https:\/\/www.supercars.net\/blog\/wp-content\/uploads\/2016\/04\/1037294.jpg' class='tipi-lightbox'>\r\n\t\t\t\t<img decoding=\"async\" width=\"1024\" height=\"683\" src=\"https:\/\/www.supercars.net\/blog\/wp-content\/uploads\/2016\/04\/1037294.jpg\" class=\"attachment-full size-full\" alt=\"2012 Audi R18 ultra Gallery\" srcset=\"https:\/\/www.supercars.net\/blog\/wp-content\/uploads\/2016\/04\/1037294.jpg 1024w, https:\/\/www.supercars.net\/blog\/wp-content\/uploads\/2016\/04\/1037294-300x200.jpg 300w, https:\/\/www.supercars.net\/blog\/wp-content\/uploads\/2016\/04\/1037294-100x67.jpg 100w, https:\/\/www.supercars.net\/blog\/wp-content\/uploads\/2016\/04\/1037294-770x514.jpg 770w, https:\/\/www.supercars.net\/blog\/wp-content\/uploads\/2016\/04\/1037294-360x240.jpg 360w, https:\/\/www.supercars.net\/blog\/wp-content\/uploads\/2016\/04\/1037294-370x247.jpg 370w, https:\/\/www.supercars.net\/blog\/wp-content\/uploads\/2016\/04\/1037294-293x195.jpg 293w\" sizes=\"(max-width: 1024px) 100vw, 1024px\" \/>\r\n\t\t\t\t<\/a>\r\n            <\/div>\r\n                <div class='wp-caption-text gallery-caption'>\r\n                Audi R18 ultra #3 (Audi Sport Team Joest)\nRomain Dumas (F), Lo\u0457c Duval (F), Marc Gen\u00e9 (E)\r\n                <\/div><\/figure><figure class='gallery-item'>\r\n            <div class='gallery-icon landscape'>\r\n                <a href='https:\/\/www.supercars.net\/blog\/wp-content\/uploads\/2016\/04\/1037296.jpg' class='tipi-lightbox'>\r\n\t\t\t\t<img decoding=\"async\" width=\"1024\" height=\"683\" src=\"https:\/\/www.supercars.net\/blog\/wp-content\/uploads\/2016\/04\/1037296.jpg\" class=\"attachment-full size-full\" alt=\"2012 Audi R18 ultra Gallery\" srcset=\"https:\/\/www.supercars.net\/blog\/wp-content\/uploads\/2016\/04\/1037296.jpg 1024w, https:\/\/www.supercars.net\/blog\/wp-content\/uploads\/2016\/04\/1037296-300x200.jpg 300w, https:\/\/www.supercars.net\/blog\/wp-content\/uploads\/2016\/04\/1037296-100x67.jpg 100w, https:\/\/www.supercars.net\/blog\/wp-content\/uploads\/2016\/04\/1037296-770x514.jpg 770w, https:\/\/www.supercars.net\/blog\/wp-content\/uploads\/2016\/04\/1037296-360x240.jpg 360w, https:\/\/www.supercars.net\/blog\/wp-content\/uploads\/2016\/04\/1037296-370x247.jpg 370w, https:\/\/www.supercars.net\/blog\/wp-content\/uploads\/2016\/04\/1037296-293x195.jpg 293w\" sizes=\"(max-width: 1024px) 100vw, 1024px\" \/>\r\n\t\t\t\t<\/a>\r\n            <\/div>\r\n                <div class='wp-caption-text gallery-caption'>\r\n                Audi R18 ultra #3 (Audi Sport Team Joest)\nRomain Dumas (F), Lo\u0457c Duval (F), Marc Gen\u00e9 (E)\r\n                <\/div><\/figure><figure class='gallery-item'>\r\n            <div class='gallery-icon landscape'>\r\n                <a href='https:\/\/www.supercars.net\/blog\/wp-content\/uploads\/2016\/04\/1037300.jpg' class='tipi-lightbox'>\r\n\t\t\t\t<img decoding=\"async\" width=\"1024\" height=\"683\" src=\"https:\/\/www.supercars.net\/blog\/wp-content\/uploads\/2016\/04\/1037300.jpg\" class=\"attachment-full size-full\" alt=\"2012 Audi R18 ultra Gallery\" srcset=\"https:\/\/www.supercars.net\/blog\/wp-content\/uploads\/2016\/04\/1037300.jpg 1024w, https:\/\/www.supercars.net\/blog\/wp-content\/uploads\/2016\/04\/1037300-300x200.jpg 300w, https:\/\/www.supercars.net\/blog\/wp-content\/uploads\/2016\/04\/1037300-100x67.jpg 100w, https:\/\/www.supercars.net\/blog\/wp-content\/uploads\/2016\/04\/1037300-770x514.jpg 770w, https:\/\/www.supercars.net\/blog\/wp-content\/uploads\/2016\/04\/1037300-360x240.jpg 360w, https:\/\/www.supercars.net\/blog\/wp-content\/uploads\/2016\/04\/1037300-370x247.jpg 370w, https:\/\/www.supercars.net\/blog\/wp-content\/uploads\/2016\/04\/1037300-293x195.jpg 293w\" sizes=\"(max-width: 1024px) 100vw, 1024px\" \/>\r\n\t\t\t\t<\/a>\r\n            <\/div>\r\n                <div class='wp-caption-text gallery-caption'>\r\n                Romain Dumas (F) Audi R18 ultra #3 (Audi Sport Team Joest)\r\n                <\/div><\/figure><figure class='gallery-item'>\r\n            <div class='gallery-icon landscape'>\r\n                <a href='https:\/\/www.supercars.net\/blog\/wp-content\/uploads\/2016\/04\/1037306.jpg' class='tipi-lightbox'>\r\n\t\t\t\t<img decoding=\"async\" width=\"1024\" height=\"683\" src=\"https:\/\/www.supercars.net\/blog\/wp-content\/uploads\/2016\/04\/1037306.jpg\" class=\"attachment-full size-full\" alt=\"2012 Audi R18 ultra Gallery\" srcset=\"https:\/\/www.supercars.net\/blog\/wp-content\/uploads\/2016\/04\/1037306.jpg 1024w, https:\/\/www.supercars.net\/blog\/wp-content\/uploads\/2016\/04\/1037306-300x200.jpg 300w, https:\/\/www.supercars.net\/blog\/wp-content\/uploads\/2016\/04\/1037306-100x67.jpg 100w, https:\/\/www.supercars.net\/blog\/wp-content\/uploads\/2016\/04\/1037306-770x514.jpg 770w, https:\/\/www.supercars.net\/blog\/wp-content\/uploads\/2016\/04\/1037306-360x240.jpg 360w, https:\/\/www.supercars.net\/blog\/wp-content\/uploads\/2016\/04\/1037306-370x247.jpg 370w, https:\/\/www.supercars.net\/blog\/wp-content\/uploads\/2016\/04\/1037306-293x195.jpg 293w\" sizes=\"(max-width: 1024px) 100vw, 1024px\" \/>\r\n\t\t\t\t<\/a>\r\n            <\/div>\r\n                <div class='wp-caption-text gallery-caption'>\r\n                Audi R18 ultra #3 (Audi Sport Team Joest), \nRomain Dumas (F), Lo\u0457c Duval (F), Marc Gen\u00e9 (E)\r\n                <\/div><\/figure><figure class='gallery-item'>\r\n            <div class='gallery-icon landscape'>\r\n                <a href='https:\/\/www.supercars.net\/blog\/wp-content\/uploads\/2016\/04\/1037308.jpg' class='tipi-lightbox'>\r\n\t\t\t\t<img decoding=\"async\" width=\"1024\" height=\"683\" src=\"https:\/\/www.supercars.net\/blog\/wp-content\/uploads\/2016\/04\/1037308.jpg\" class=\"attachment-full size-full\" alt=\"2012 Audi R18 ultra Gallery\" srcset=\"https:\/\/www.supercars.net\/blog\/wp-content\/uploads\/2016\/04\/1037308.jpg 1024w, https:\/\/www.supercars.net\/blog\/wp-content\/uploads\/2016\/04\/1037308-300x200.jpg 300w, https:\/\/www.supercars.net\/blog\/wp-content\/uploads\/2016\/04\/1037308-100x67.jpg 100w, https:\/\/www.supercars.net\/blog\/wp-content\/uploads\/2016\/04\/1037308-770x514.jpg 770w, https:\/\/www.supercars.net\/blog\/wp-content\/uploads\/2016\/04\/1037308-360x240.jpg 360w, https:\/\/www.supercars.net\/blog\/wp-content\/uploads\/2016\/04\/1037308-370x247.jpg 370w, https:\/\/www.supercars.net\/blog\/wp-content\/uploads\/2016\/04\/1037308-293x195.jpg 293w\" sizes=\"(max-width: 1024px) 100vw, 1024px\" \/>\r\n\t\t\t\t<\/a>\r\n            <\/div>\r\n                <div class='wp-caption-text gallery-caption'>\r\n                Audi R18 ultra #3 (Audi Sport Team Joest), \nRomain Dumas (F), Lo\u0457c Duval (F), Marc Gen\u00e9 (E)\r\n                <\/div><\/figure><figure class='gallery-item'>\r\n            <div class='gallery-icon landscape'>\r\n                <a href='https:\/\/www.supercars.net\/blog\/wp-content\/uploads\/2016\/04\/1037313.jpg' class='tipi-lightbox'>\r\n\t\t\t\t<img decoding=\"async\" width=\"1024\" height=\"683\" src=\"https:\/\/www.supercars.net\/blog\/wp-content\/uploads\/2016\/04\/1037313.jpg\" class=\"attachment-full size-full\" alt=\"2012 Audi R18 ultra Gallery\" srcset=\"https:\/\/www.supercars.net\/blog\/wp-content\/uploads\/2016\/04\/1037313.jpg 1024w, https:\/\/www.supercars.net\/blog\/wp-content\/uploads\/2016\/04\/1037313-300x200.jpg 300w, https:\/\/www.supercars.net\/blog\/wp-content\/uploads\/2016\/04\/1037313-100x67.jpg 100w, https:\/\/www.supercars.net\/blog\/wp-content\/uploads\/2016\/04\/1037313-770x514.jpg 770w, https:\/\/www.supercars.net\/blog\/wp-content\/uploads\/2016\/04\/1037313-360x240.jpg 360w, https:\/\/www.supercars.net\/blog\/wp-content\/uploads\/2016\/04\/1037313-370x247.jpg 370w, https:\/\/www.supercars.net\/blog\/wp-content\/uploads\/2016\/04\/1037313-293x195.jpg 293w\" sizes=\"(max-width: 1024px) 100vw, 1024px\" \/>\r\n\t\t\t\t<\/a>\r\n            <\/div>\r\n                <div class='wp-caption-text gallery-caption'>\r\n                Audi R18 ultra #3 (Audi Sport Team Joest), \nRomain Dumas (F), Lo\u0457c Duval (F), Marc Gen\u00e9 (E)\r\n                <\/div><\/figure><figure class='gallery-item'>\r\n            <div class='gallery-icon landscape'>\r\n                <a href='https:\/\/www.supercars.net\/blog\/wp-content\/uploads\/2016\/04\/1049356.jpg' class='tipi-lightbox'>\r\n\t\t\t\t<img decoding=\"async\" width=\"1024\" height=\"683\" src=\"https:\/\/www.supercars.net\/blog\/wp-content\/uploads\/2016\/04\/1049356.jpg\" class=\"attachment-full size-full\" alt=\"2012 Audi R18 ultra Gallery\" srcset=\"https:\/\/www.supercars.net\/blog\/wp-content\/uploads\/2016\/04\/1049356.jpg 1024w, https:\/\/www.supercars.net\/blog\/wp-content\/uploads\/2016\/04\/1049356-300x200.jpg 300w, https:\/\/www.supercars.net\/blog\/wp-content\/uploads\/2016\/04\/1049356-100x67.jpg 100w, https:\/\/www.supercars.net\/blog\/wp-content\/uploads\/2016\/04\/1049356-770x514.jpg 770w, https:\/\/www.supercars.net\/blog\/wp-content\/uploads\/2016\/04\/1049356-360x240.jpg 360w, https:\/\/www.supercars.net\/blog\/wp-content\/uploads\/2016\/04\/1049356-370x247.jpg 370w, https:\/\/www.supercars.net\/blog\/wp-content\/uploads\/2016\/04\/1049356-293x195.jpg 293w\" sizes=\"(max-width: 1024px) 100vw, 1024px\" \/>\r\n\t\t\t\t<\/a>\r\n            <\/div>\r\n                <div class='wp-caption-text gallery-caption'>\r\n                Audi R18 e-tron quattro #2 (Audi Sport Team Joest), \nLucas di Grassi  (BRA), Tom Kristensen (DK), Allan McNish (GB)\r\n                <\/div><\/figure><figure class='gallery-item'>\r\n            <div class='gallery-icon landscape'>\r\n                <a href='https:\/\/www.supercars.net\/blog\/wp-content\/uploads\/2016\/04\/1049357.jpg' class='tipi-lightbox'>\r\n\t\t\t\t<img decoding=\"async\" width=\"1024\" height=\"683\" src=\"https:\/\/www.supercars.net\/blog\/wp-content\/uploads\/2016\/04\/1049357.jpg\" class=\"attachment-full size-full\" alt=\"2012 Audi R18 ultra Gallery\" srcset=\"https:\/\/www.supercars.net\/blog\/wp-content\/uploads\/2016\/04\/1049357.jpg 1024w, https:\/\/www.supercars.net\/blog\/wp-content\/uploads\/2016\/04\/1049357-300x200.jpg 300w, https:\/\/www.supercars.net\/blog\/wp-content\/uploads\/2016\/04\/1049357-100x67.jpg 100w, https:\/\/www.supercars.net\/blog\/wp-content\/uploads\/2016\/04\/1049357-770x514.jpg 770w, https:\/\/www.supercars.net\/blog\/wp-content\/uploads\/2016\/04\/1049357-360x240.jpg 360w, https:\/\/www.supercars.net\/blog\/wp-content\/uploads\/2016\/04\/1049357-370x247.jpg 370w, https:\/\/www.supercars.net\/blog\/wp-content\/uploads\/2016\/04\/1049357-293x195.jpg 293w\" sizes=\"(max-width: 1024px) 100vw, 1024px\" \/>\r\n\t\t\t\t<\/a>\r\n            <\/div>\r\n                <div class='wp-caption-text gallery-caption'>\r\n                WEC &#8211; 6h Sao Paulo 2012\nAudi R18 e-tron quattro #2 (Audi Sport Team Joest), \nLucas Di Grassi  (BRA), Tom Kristensen (DK), Allan McNish (GB)\r\n                <\/div><\/figure><figure class='gallery-item'>\r\n            <div class='gallery-icon landscape'>\r\n                <a href='https:\/\/www.supercars.net\/blog\/wp-content\/uploads\/2016\/04\/1049358.jpg' class='tipi-lightbox'>\r\n\t\t\t\t<img decoding=\"async\" width=\"1024\" height=\"685\" src=\"https:\/\/www.supercars.net\/blog\/wp-content\/uploads\/2016\/04\/1049358.jpg\" class=\"attachment-full size-full\" alt=\"2012 Audi R18 ultra Gallery\" srcset=\"https:\/\/www.supercars.net\/blog\/wp-content\/uploads\/2016\/04\/1049358.jpg 1024w, https:\/\/www.supercars.net\/blog\/wp-content\/uploads\/2016\/04\/1049358-300x201.jpg 300w, https:\/\/www.supercars.net\/blog\/wp-content\/uploads\/2016\/04\/1049358-100x67.jpg 100w, https:\/\/www.supercars.net\/blog\/wp-content\/uploads\/2016\/04\/1049358-770x515.jpg 770w, https:\/\/www.supercars.net\/blog\/wp-content\/uploads\/2016\/04\/1049358-360x240.jpg 360w, https:\/\/www.supercars.net\/blog\/wp-content\/uploads\/2016\/04\/1049358-370x247.jpg 370w, https:\/\/www.supercars.net\/blog\/wp-content\/uploads\/2016\/04\/1049358-293x196.jpg 293w\" sizes=\"(max-width: 1024px) 100vw, 1024px\" \/>\r\n\t\t\t\t<\/a>\r\n            <\/div>\r\n                <div class='wp-caption-text gallery-caption'>\r\n                Audi R18 ultra #2 (Audi Sport Team Joest), \nLucas di Grassi (BRA), Tom Kristensen (DK), Allan McNish (GB)\r\n                <\/div><\/figure><figure class='gallery-item'>\r\n            <div class='gallery-icon landscape'>\r\n                <a href='https:\/\/www.supercars.net\/blog\/wp-content\/uploads\/2016\/04\/1049359.jpg' class='tipi-lightbox'>\r\n\t\t\t\t<img decoding=\"async\" width=\"1024\" height=\"683\" src=\"https:\/\/www.supercars.net\/blog\/wp-content\/uploads\/2016\/04\/1049359.jpg\" class=\"attachment-full size-full\" alt=\"2012 Audi R18 ultra Gallery\" srcset=\"https:\/\/www.supercars.net\/blog\/wp-content\/uploads\/2016\/04\/1049359.jpg 1024w, https:\/\/www.supercars.net\/blog\/wp-content\/uploads\/2016\/04\/1049359-300x200.jpg 300w, https:\/\/www.supercars.net\/blog\/wp-content\/uploads\/2016\/04\/1049359-100x67.jpg 100w, https:\/\/www.supercars.net\/blog\/wp-content\/uploads\/2016\/04\/1049359-770x514.jpg 770w, https:\/\/www.supercars.net\/blog\/wp-content\/uploads\/2016\/04\/1049359-360x240.jpg 360w, https:\/\/www.supercars.net\/blog\/wp-content\/uploads\/2016\/04\/1049359-370x247.jpg 370w, https:\/\/www.supercars.net\/blog\/wp-content\/uploads\/2016\/04\/1049359-293x195.jpg 293w\" sizes=\"(max-width: 1024px) 100vw, 1024px\" \/>\r\n\t\t\t\t<\/a>\r\n            <\/div>\r\n                <div class='wp-caption-text gallery-caption'>\r\n                Audi R18 ultra #2 (Audi Sport Team Joest), \nLucas di Grassi (BRA), Tom Kristensen (DK), Allan McNish (GB)\r\n                <\/div><\/figure><figure class='gallery-item'>\r\n            <div class='gallery-icon landscape'>\r\n                <a href='https:\/\/www.supercars.net\/blog\/wp-content\/uploads\/2016\/04\/1064912-1024.jpg' class='tipi-lightbox'>\r\n\t\t\t\t<img decoding=\"async\" width=\"1024\" height=\"683\" src=\"https:\/\/www.supercars.net\/blog\/wp-content\/uploads\/2016\/04\/1064912-1024.jpg\" class=\"attachment-full size-full\" alt=\"2012 Audi R18 ultra Gallery\" srcset=\"https:\/\/www.supercars.net\/blog\/wp-content\/uploads\/2016\/04\/1064912-1024.jpg 1024w, https:\/\/www.supercars.net\/blog\/wp-content\/uploads\/2016\/04\/1064912-1024-300x200.jpg 300w, https:\/\/www.supercars.net\/blog\/wp-content\/uploads\/2016\/04\/1064912-1024-100x67.jpg 100w, https:\/\/www.supercars.net\/blog\/wp-content\/uploads\/2016\/04\/1064912-1024-770x514.jpg 770w, https:\/\/www.supercars.net\/blog\/wp-content\/uploads\/2016\/04\/1064912-1024-360x240.jpg 360w, https:\/\/www.supercars.net\/blog\/wp-content\/uploads\/2016\/04\/1064912-1024-370x247.jpg 370w, https:\/\/www.supercars.net\/blog\/wp-content\/uploads\/2016\/04\/1064912-1024-293x195.jpg 293w\" sizes=\"(max-width: 1024px) 100vw, 1024px\" \/>\r\n\t\t\t\t<\/a>\r\n            <\/div>\r\n                <div class='wp-caption-text gallery-caption'>\r\n                Audi R18 e-tron quattro #1 (Audi Sport Team Joest), \nAndr\u00e8 Lotterer (D), Beno\u00eet Tr\u00e9luyer (F), Marcel F\u00e4ssler (CH)\r\n                <\/div><\/figure><figure class='gallery-item'>\r\n            <div class='gallery-icon landscape'>\r\n                <a href='https:\/\/www.supercars.net\/blog\/wp-content\/uploads\/2016\/04\/1064914-1024.jpg' class='tipi-lightbox'>\r\n\t\t\t\t<img decoding=\"async\" width=\"1024\" height=\"683\" src=\"https:\/\/www.supercars.net\/blog\/wp-content\/uploads\/2016\/04\/1064914-1024.jpg\" class=\"attachment-full size-full\" alt=\"2012 Audi R18 ultra Gallery\" srcset=\"https:\/\/www.supercars.net\/blog\/wp-content\/uploads\/2016\/04\/1064914-1024.jpg 1024w, https:\/\/www.supercars.net\/blog\/wp-content\/uploads\/2016\/04\/1064914-1024-300x200.jpg 300w, https:\/\/www.supercars.net\/blog\/wp-content\/uploads\/2016\/04\/1064914-1024-100x67.jpg 100w, https:\/\/www.supercars.net\/blog\/wp-content\/uploads\/2016\/04\/1064914-1024-770x514.jpg 770w, https:\/\/www.supercars.net\/blog\/wp-content\/uploads\/2016\/04\/1064914-1024-360x240.jpg 360w, https:\/\/www.supercars.net\/blog\/wp-content\/uploads\/2016\/04\/1064914-1024-370x247.jpg 370w, https:\/\/www.supercars.net\/blog\/wp-content\/uploads\/2016\/04\/1064914-1024-293x195.jpg 293w\" sizes=\"(max-width: 1024px) 100vw, 1024px\" \/>\r\n\t\t\t\t<\/a>\r\n            <\/div>\r\n                <div class='wp-caption-text gallery-caption'>\r\n                Audi Sport Team Joest ready for qualifying\r\n                <\/div><\/figure><figure class='gallery-item'>\r\n            <div class='gallery-icon landscape'>\r\n                <a href='https:\/\/www.supercars.net\/blog\/wp-content\/uploads\/2016\/04\/1064915-1024.jpg' class='tipi-lightbox'>\r\n\t\t\t\t<img decoding=\"async\" width=\"1024\" height=\"683\" src=\"https:\/\/www.supercars.net\/blog\/wp-content\/uploads\/2016\/04\/1064915-1024.jpg\" class=\"attachment-full size-full\" alt=\"2012 Audi R18 ultra Gallery\" srcset=\"https:\/\/www.supercars.net\/blog\/wp-content\/uploads\/2016\/04\/1064915-1024.jpg 1024w, https:\/\/www.supercars.net\/blog\/wp-content\/uploads\/2016\/04\/1064915-1024-300x200.jpg 300w, https:\/\/www.supercars.net\/blog\/wp-content\/uploads\/2016\/04\/1064915-1024-100x67.jpg 100w, https:\/\/www.supercars.net\/blog\/wp-content\/uploads\/2016\/04\/1064915-1024-770x514.jpg 770w, https:\/\/www.supercars.net\/blog\/wp-content\/uploads\/2016\/04\/1064915-1024-360x240.jpg 360w, https:\/\/www.supercars.net\/blog\/wp-content\/uploads\/2016\/04\/1064915-1024-370x247.jpg 370w, https:\/\/www.supercars.net\/blog\/wp-content\/uploads\/2016\/04\/1064915-1024-293x195.jpg 293w\" sizes=\"(max-width: 1024px) 100vw, 1024px\" \/>\r\n\t\t\t\t<\/a>\r\n            <\/div>\r\n                <div class='wp-caption-text gallery-caption'>\r\n                Audi R18 e-tron quattro #2 (Audi Sport Team Joest), \nTom Kristensen (DK), Lo\u0457c Duval (F), Allan McNish (GB)\r\n                <\/div><\/figure><figure class='gallery-item'>\r\n            <div class='gallery-icon landscape'>\r\n                <a href='https:\/\/www.supercars.net\/blog\/wp-content\/uploads\/2016\/04\/1064916-1024.jpg' class='tipi-lightbox'>\r\n\t\t\t\t<img decoding=\"async\" width=\"1024\" height=\"683\" src=\"https:\/\/www.supercars.net\/blog\/wp-content\/uploads\/2016\/04\/1064916-1024.jpg\" class=\"attachment-full size-full\" alt=\"2012 Audi R18 ultra Gallery\" srcset=\"https:\/\/www.supercars.net\/blog\/wp-content\/uploads\/2016\/04\/1064916-1024.jpg 1024w, https:\/\/www.supercars.net\/blog\/wp-content\/uploads\/2016\/04\/1064916-1024-300x200.jpg 300w, https:\/\/www.supercars.net\/blog\/wp-content\/uploads\/2016\/04\/1064916-1024-100x67.jpg 100w, https:\/\/www.supercars.net\/blog\/wp-content\/uploads\/2016\/04\/1064916-1024-770x514.jpg 770w, https:\/\/www.supercars.net\/blog\/wp-content\/uploads\/2016\/04\/1064916-1024-360x240.jpg 360w, https:\/\/www.supercars.net\/blog\/wp-content\/uploads\/2016\/04\/1064916-1024-370x247.jpg 370w, https:\/\/www.supercars.net\/blog\/wp-content\/uploads\/2016\/04\/1064916-1024-293x195.jpg 293w\" sizes=\"(max-width: 1024px) 100vw, 1024px\" \/>\r\n\t\t\t\t<\/a>\r\n            <\/div><\/figure><figure class='gallery-item'>\r\n            <div class='gallery-icon landscape'>\r\n                <a href='https:\/\/www.supercars.net\/blog\/wp-content\/uploads\/2016\/04\/1064918-1024.jpg' class='tipi-lightbox'>\r\n\t\t\t\t<img decoding=\"async\" width=\"1024\" height=\"684\" src=\"https:\/\/www.supercars.net\/blog\/wp-content\/uploads\/2016\/04\/1064918-1024.jpg\" class=\"attachment-full size-full\" alt=\"2012 Audi R18 ultra Gallery\" srcset=\"https:\/\/www.supercars.net\/blog\/wp-content\/uploads\/2016\/04\/1064918-1024.jpg 1024w, https:\/\/www.supercars.net\/blog\/wp-content\/uploads\/2016\/04\/1064918-1024-300x200.jpg 300w, https:\/\/www.supercars.net\/blog\/wp-content\/uploads\/2016\/04\/1064918-1024-100x67.jpg 100w, https:\/\/www.supercars.net\/blog\/wp-content\/uploads\/2016\/04\/1064918-1024-770x514.jpg 770w, https:\/\/www.supercars.net\/blog\/wp-content\/uploads\/2016\/04\/1064918-1024-360x240.jpg 360w, https:\/\/www.supercars.net\/blog\/wp-content\/uploads\/2016\/04\/1064918-1024-370x247.jpg 370w, https:\/\/www.supercars.net\/blog\/wp-content\/uploads\/2016\/04\/1064918-1024-293x196.jpg 293w\" sizes=\"(max-width: 1024px) 100vw, 1024px\" \/>\r\n\t\t\t\t<\/a>\r\n            <\/div>\r\n                <div class='wp-caption-text gallery-caption'>\r\n                Audi R18 e-tron quattro #1 (Audi Sport Team Joest), \nAndr\u00e8 Lotterer (D), Beno\u00eet Tr\u00e9luyer (F), Marcel F\u00e4ssler (CH)\r\n                <\/div><\/figure><figure class='gallery-item'>\r\n            <div class='gallery-icon landscape'>\r\n                <a href='https:\/\/www.supercars.net\/blog\/wp-content\/uploads\/2016\/04\/1075917-1024.jpg' class='tipi-lightbox'>\r\n\t\t\t\t<img decoding=\"async\" width=\"1024\" height=\"683\" src=\"https:\/\/www.supercars.net\/blog\/wp-content\/uploads\/2016\/04\/1075917-1024.jpg\" class=\"attachment-full size-full\" alt=\"2012 Audi R18 ultra Gallery\" srcset=\"https:\/\/www.supercars.net\/blog\/wp-content\/uploads\/2016\/04\/1075917-1024.jpg 1024w, https:\/\/www.supercars.net\/blog\/wp-content\/uploads\/2016\/04\/1075917-1024-300x200.jpg 300w, https:\/\/www.supercars.net\/blog\/wp-content\/uploads\/2016\/04\/1075917-1024-100x67.jpg 100w, https:\/\/www.supercars.net\/blog\/wp-content\/uploads\/2016\/04\/1075917-1024-770x514.jpg 770w, https:\/\/www.supercars.net\/blog\/wp-content\/uploads\/2016\/04\/1075917-1024-360x240.jpg 360w, https:\/\/www.supercars.net\/blog\/wp-content\/uploads\/2016\/04\/1075917-1024-370x247.jpg 370w, https:\/\/www.supercars.net\/blog\/wp-content\/uploads\/2016\/04\/1075917-1024-293x195.jpg 293w\" sizes=\"(max-width: 1024px) 100vw, 1024px\" \/>\r\n\t\t\t\t<\/a>\r\n            <\/div>\r\n                <div class='wp-caption-text gallery-caption'>\r\n                MOTORSPORT &#8211; WORLD ENDURANCE CHAMPIONSHIP 2013 &#8211; 6 HOURS OF AUSTIN \/ 6 HEURES D&#8217;AUSTIN &#8211; TEXAS (USA) &#8211; 19 TO 22\/09\/2013 &#8211; PHOTO  FRANCOIS FLAMAND \/ DPPI &#8211; \n08 DAVIDSON ANTHONY (GBR) &#8211; BUEMI SEBASTIEN (CHE) &#8211; SARRAZIN STEPHANE (FRA) \/ WEC LMP1 \/ TOYOTA TS 030 HYBRID TEAM TOYOTA RACING \/ AMBIANCE\n02 KRISTENSEN TOM (DNK) &#8211; DUVAL LOIC (FRA) &#8211; MCNISH ALLAN (GBR) \/ WEC LMP1 \/ AUDI R18 E-TRON QUATTRO TEAM AUDI SPORT JOEST \/ AMBIANCE\n01 LOTTERER ANDRE (DEU) &#8211; TRELUYER BENOIT (FRA) &#8211; FASSLER MARCEL (CHE) \/ WEC LMP1 \/ AUDI R18 E-TRON QUATTRO TEAM AUDI SPORT JOEST \/ AMBIANCE\nPODIUM\r\n                <\/div><\/figure><figure class='gallery-item'>\r\n            <div class='gallery-icon landscape'>\r\n                <a href='https:\/\/www.supercars.net\/blog\/wp-content\/uploads\/2016\/04\/1075919-1024.jpg' class='tipi-lightbox'>\r\n\t\t\t\t<img decoding=\"async\" width=\"1024\" height=\"683\" src=\"https:\/\/www.supercars.net\/blog\/wp-content\/uploads\/2016\/04\/1075919-1024.jpg\" class=\"attachment-full size-full\" alt=\"2012 Audi R18 ultra Gallery\" srcset=\"https:\/\/www.supercars.net\/blog\/wp-content\/uploads\/2016\/04\/1075919-1024.jpg 1024w, https:\/\/www.supercars.net\/blog\/wp-content\/uploads\/2016\/04\/1075919-1024-300x200.jpg 300w, https:\/\/www.supercars.net\/blog\/wp-content\/uploads\/2016\/04\/1075919-1024-100x67.jpg 100w, https:\/\/www.supercars.net\/blog\/wp-content\/uploads\/2016\/04\/1075919-1024-770x514.jpg 770w, https:\/\/www.supercars.net\/blog\/wp-content\/uploads\/2016\/04\/1075919-1024-360x240.jpg 360w, https:\/\/www.supercars.net\/blog\/wp-content\/uploads\/2016\/04\/1075919-1024-370x247.jpg 370w, https:\/\/www.supercars.net\/blog\/wp-content\/uploads\/2016\/04\/1075919-1024-293x195.jpg 293w\" sizes=\"(max-width: 1024px) 100vw, 1024px\" \/>\r\n\t\t\t\t<\/a>\r\n            <\/div>\r\n                <div class='wp-caption-text gallery-caption'>\r\n                MOTORSPORT &#8211; WORLD ENDURANCE CHAMPIONSHIP 2013 &#8211; 6 HOURS OF AUSTIN \/ 6 HEURES D&#8217;AUSTIN &#8211; TEXAS (USA) &#8211; 19 TO 22\/09\/2013 &#8211; PHOTO  JEAN MICHEL LE MEUR \/ DPPI &#8211; 02 KRISTENSEN TOM (DNK) &#8211; DUVAL LOIC (FRA) &#8211; MCNISH ALLAN (GBR) \/ WEC LMP1 \/ AUDI R18 E-TRON QUATTRO TEAM AUDI SPORT JOEST \/ ACTION\r\n                <\/div><\/figure><figure class='gallery-item'>\r\n            <div class='gallery-icon landscape'>\r\n                <a href='https:\/\/www.supercars.net\/blog\/wp-content\/uploads\/2016\/04\/1075921-1024.jpg' class='tipi-lightbox'>\r\n\t\t\t\t<img decoding=\"async\" width=\"1024\" height=\"683\" src=\"https:\/\/www.supercars.net\/blog\/wp-content\/uploads\/2016\/04\/1075921-1024.jpg\" class=\"attachment-full size-full\" alt=\"2012 Audi R18 ultra Gallery\" srcset=\"https:\/\/www.supercars.net\/blog\/wp-content\/uploads\/2016\/04\/1075921-1024.jpg 1024w, https:\/\/www.supercars.net\/blog\/wp-content\/uploads\/2016\/04\/1075921-1024-300x200.jpg 300w, https:\/\/www.supercars.net\/blog\/wp-content\/uploads\/2016\/04\/1075921-1024-100x67.jpg 100w, https:\/\/www.supercars.net\/blog\/wp-content\/uploads\/2016\/04\/1075921-1024-770x514.jpg 770w, https:\/\/www.supercars.net\/blog\/wp-content\/uploads\/2016\/04\/1075921-1024-360x240.jpg 360w, https:\/\/www.supercars.net\/blog\/wp-content\/uploads\/2016\/04\/1075921-1024-370x247.jpg 370w, https:\/\/www.supercars.net\/blog\/wp-content\/uploads\/2016\/04\/1075921-1024-293x195.jpg 293w\" sizes=\"(max-width: 1024px) 100vw, 1024px\" \/>\r\n\t\t\t\t<\/a>\r\n            <\/div>\r\n                <div class='wp-caption-text gallery-caption'>\r\n                MOTORSPORT &#8211; WORLD ENDURANCE CHAMPIONSHIP 2013 &#8211; 6 HOURS OF AUSTIN \/ 6 HEURES D&#8217;AUSTIN &#8211; TEXAS (USA) &#8211; 19 TO 22\/09\/2013 &#8211; PHOTO CLEMENT MARIN \/ DPPI  &#8211; 01 LOTTERER ANDRE (DEU) &#8211; TRELUYER BENOIT (FRA) &#8211; FASSLER MARCEL (CHE) \/ WEC LMP1 \/ AUDI R18 E-TRON QUATTRO TEAM AUDI SPORT JOEST \/ ACTION\r\n                <\/div><\/figure><figure class='gallery-item'>\r\n            <div class='gallery-icon landscape'>\r\n                <a href='https:\/\/www.supercars.net\/blog\/wp-content\/uploads\/2016\/04\/1075932-1024.jpg' class='tipi-lightbox'>\r\n\t\t\t\t<img decoding=\"async\" width=\"1024\" height=\"683\" src=\"https:\/\/www.supercars.net\/blog\/wp-content\/uploads\/2016\/04\/1075932-1024.jpg\" class=\"attachment-full size-full\" alt=\"2012 Audi R18 ultra Gallery\" srcset=\"https:\/\/www.supercars.net\/blog\/wp-content\/uploads\/2016\/04\/1075932-1024.jpg 1024w, https:\/\/www.supercars.net\/blog\/wp-content\/uploads\/2016\/04\/1075932-1024-300x200.jpg 300w, https:\/\/www.supercars.net\/blog\/wp-content\/uploads\/2016\/04\/1075932-1024-100x67.jpg 100w, https:\/\/www.supercars.net\/blog\/wp-content\/uploads\/2016\/04\/1075932-1024-770x514.jpg 770w, https:\/\/www.supercars.net\/blog\/wp-content\/uploads\/2016\/04\/1075932-1024-360x240.jpg 360w, https:\/\/www.supercars.net\/blog\/wp-content\/uploads\/2016\/04\/1075932-1024-370x247.jpg 370w, https:\/\/www.supercars.net\/blog\/wp-content\/uploads\/2016\/04\/1075932-1024-293x195.jpg 293w\" sizes=\"(max-width: 1024px) 100vw, 1024px\" \/>\r\n\t\t\t\t<\/a>\r\n            <\/div>\r\n                <div class='wp-caption-text gallery-caption'>\r\n                MOTORSPORT &#8211; WORLD ENDURANCE CHAMPIONSHIP 2013 &#8211; 6 HOURS OF AUSTIN \/ 6 HEURES D&#8217;AUSTIN &#8211; TEXAS (USA) &#8211; 19 TO 22\/09\/2013 &#8211; PHOTO DPPI &#8211; 01 LOTTERER ANDRE (DEU) &#8211; TRELUYER BENOIT (FRA) &#8211; FASSLER MARCEL (CHE) \/ WEC LMP1 \/ AUDI R18 E-TRON QUATTRO TEAM AUDI SPORT JOEST \/ ACTION\r\n                <\/div><\/figure><figure class='gallery-item'>\r\n            <div class='gallery-icon landscape'>\r\n                <a href='https:\/\/www.supercars.net\/blog\/wp-content\/uploads\/2016\/04\/1075934-1024.jpg' class='tipi-lightbox'>\r\n\t\t\t\t<img decoding=\"async\" width=\"1024\" height=\"683\" src=\"https:\/\/www.supercars.net\/blog\/wp-content\/uploads\/2016\/04\/1075934-1024.jpg\" class=\"attachment-full size-full\" alt=\"2012 Audi R18 ultra Gallery\" srcset=\"https:\/\/www.supercars.net\/blog\/wp-content\/uploads\/2016\/04\/1075934-1024.jpg 1024w, https:\/\/www.supercars.net\/blog\/wp-content\/uploads\/2016\/04\/1075934-1024-300x200.jpg 300w, https:\/\/www.supercars.net\/blog\/wp-content\/uploads\/2016\/04\/1075934-1024-100x67.jpg 100w, https:\/\/www.supercars.net\/blog\/wp-content\/uploads\/2016\/04\/1075934-1024-770x514.jpg 770w, https:\/\/www.supercars.net\/blog\/wp-content\/uploads\/2016\/04\/1075934-1024-360x240.jpg 360w, https:\/\/www.supercars.net\/blog\/wp-content\/uploads\/2016\/04\/1075934-1024-370x247.jpg 370w, https:\/\/www.supercars.net\/blog\/wp-content\/uploads\/2016\/04\/1075934-1024-293x195.jpg 293w\" sizes=\"(max-width: 1024px) 100vw, 1024px\" \/>\r\n\t\t\t\t<\/a>\r\n            <\/div>\r\n                <div class='wp-caption-text gallery-caption'>\r\n                MOTORSPORT &#8211; WORLD ENDURANCE CHAMPIONSHIP 2013 &#8211; 6 HOURS OF AUSTIN \/ 6 HEURES D&#8217;AUSTIN &#8211; TEXAS (USA) &#8211; 19 TO 22\/09\/2013 &#8211; PHOTO DPPI &#8211; \n02 KRISTENSEN TOM (DNK) &#8211; DUVAL LOIC (FRA) &#8211; MCNISH ALLAN (GBR) \/ WEC LMP1 \/ AUDI R18 E-TRON QUATTRO TEAM AUDI SPORT JOEST \/ ACTION\r\n                <\/div><\/figure><figure class='gallery-item'>\r\n            <div class='gallery-icon landscape'>\r\n                <a href='https:\/\/www.supercars.net\/blog\/wp-content\/uploads\/2016\/04\/1075941-1024.jpg' class='tipi-lightbox'>\r\n\t\t\t\t<img decoding=\"async\" width=\"1024\" height=\"683\" src=\"https:\/\/www.supercars.net\/blog\/wp-content\/uploads\/2016\/04\/1075941-1024.jpg\" class=\"attachment-full size-full\" alt=\"2012 Audi R18 ultra Gallery\" srcset=\"https:\/\/www.supercars.net\/blog\/wp-content\/uploads\/2016\/04\/1075941-1024.jpg 1024w, https:\/\/www.supercars.net\/blog\/wp-content\/uploads\/2016\/04\/1075941-1024-300x200.jpg 300w, https:\/\/www.supercars.net\/blog\/wp-content\/uploads\/2016\/04\/1075941-1024-100x67.jpg 100w, https:\/\/www.supercars.net\/blog\/wp-content\/uploads\/2016\/04\/1075941-1024-770x514.jpg 770w, https:\/\/www.supercars.net\/blog\/wp-content\/uploads\/2016\/04\/1075941-1024-360x240.jpg 360w, https:\/\/www.supercars.net\/blog\/wp-content\/uploads\/2016\/04\/1075941-1024-370x247.jpg 370w, https:\/\/www.supercars.net\/blog\/wp-content\/uploads\/2016\/04\/1075941-1024-293x195.jpg 293w\" sizes=\"(max-width: 1024px) 100vw, 1024px\" \/>\r\n\t\t\t\t<\/a>\r\n            <\/div>\r\n                <div class='wp-caption-text gallery-caption'>\r\n                MOTORSPORT &#8211; WORLD ENDURANCE CHAMPIONSHIP 2013 &#8211; 6 HOURS OF AUSTIN \/ 6 HEURES D&#8217;AUSTIN &#8211; TEXAS (USA) &#8211; 19 TO 22\/09\/2013 &#8211; PHOTO  FRANCOIS FLAMAND \/ DPPI &#8211; 01 LOTTERER ANDRE (DEU) &#8211; TRELUYER BENOIT (FRA) &#8211; FASSLER MARCEL (CHE) \/ WEC LMP1 \/ AUDI R18 E-TRON QUATTRO TEAM AUDI SPORT JOEST \/ ACTION\r\n                <\/div><\/figure><figure class='gallery-item'>\r\n            <div class='gallery-icon landscape'>\r\n                <a href='https:\/\/www.supercars.net\/blog\/wp-content\/uploads\/2016\/04\/1075955-1024.jpg' class='tipi-lightbox'>\r\n\t\t\t\t<img decoding=\"async\" width=\"1024\" height=\"683\" src=\"https:\/\/www.supercars.net\/blog\/wp-content\/uploads\/2016\/04\/1075955-1024.jpg\" class=\"attachment-full size-full\" alt=\"2012 Audi R18 ultra Gallery\" srcset=\"https:\/\/www.supercars.net\/blog\/wp-content\/uploads\/2016\/04\/1075955-1024.jpg 1024w, https:\/\/www.supercars.net\/blog\/wp-content\/uploads\/2016\/04\/1075955-1024-300x200.jpg 300w, https:\/\/www.supercars.net\/blog\/wp-content\/uploads\/2016\/04\/1075955-1024-100x67.jpg 100w, https:\/\/www.supercars.net\/blog\/wp-content\/uploads\/2016\/04\/1075955-1024-770x514.jpg 770w, https:\/\/www.supercars.net\/blog\/wp-content\/uploads\/2016\/04\/1075955-1024-360x240.jpg 360w, https:\/\/www.supercars.net\/blog\/wp-content\/uploads\/2016\/04\/1075955-1024-370x247.jpg 370w, https:\/\/www.supercars.net\/blog\/wp-content\/uploads\/2016\/04\/1075955-1024-293x195.jpg 293w\" sizes=\"(max-width: 1024px) 100vw, 1024px\" \/>\r\n\t\t\t\t<\/a>\r\n            <\/div>\r\n                <div class='wp-caption-text gallery-caption'>\r\n                Audi R18 e-tron quattro #2 (Audi Sport Team Joest), Lo\u00efc Duval (F), Tom Kristensen (DK), Allan McNish (GB)\r\n                <\/div><\/figure><figure class='gallery-item'>\r\n            <div class='gallery-icon landscape'>\r\n                <a href='https:\/\/www.supercars.net\/blog\/wp-content\/uploads\/2016\/04\/1075956-1024.jpg' class='tipi-lightbox'>\r\n\t\t\t\t<img decoding=\"async\" width=\"1024\" height=\"683\" src=\"https:\/\/www.supercars.net\/blog\/wp-content\/uploads\/2016\/04\/1075956-1024.jpg\" class=\"attachment-full size-full\" alt=\"2012 Audi R18 ultra Gallery\" srcset=\"https:\/\/www.supercars.net\/blog\/wp-content\/uploads\/2016\/04\/1075956-1024.jpg 1024w, https:\/\/www.supercars.net\/blog\/wp-content\/uploads\/2016\/04\/1075956-1024-300x200.jpg 300w, https:\/\/www.supercars.net\/blog\/wp-content\/uploads\/2016\/04\/1075956-1024-100x67.jpg 100w, https:\/\/www.supercars.net\/blog\/wp-content\/uploads\/2016\/04\/1075956-1024-770x514.jpg 770w, https:\/\/www.supercars.net\/blog\/wp-content\/uploads\/2016\/04\/1075956-1024-360x240.jpg 360w, https:\/\/www.supercars.net\/blog\/wp-content\/uploads\/2016\/04\/1075956-1024-370x247.jpg 370w, https:\/\/www.supercars.net\/blog\/wp-content\/uploads\/2016\/04\/1075956-1024-293x195.jpg 293w\" sizes=\"(max-width: 1024px) 100vw, 1024px\" \/>\r\n\t\t\t\t<\/a>\r\n            <\/div>\r\n                <div class='wp-caption-text gallery-caption'>\r\n                Audi R18 e-tron quattro #2 (Audi Sport Team Joest), Lo\u00efc Duval (F), Tom Kristensen (DK), Allan McNish (GB)\r\n                <\/div><\/figure><figure class='gallery-item'>\r\n            <div class='gallery-icon landscape'>\r\n                <a href='https:\/\/www.supercars.net\/blog\/wp-content\/uploads\/2016\/04\/1075957-1024.jpg' class='tipi-lightbox'>\r\n\t\t\t\t<img decoding=\"async\" width=\"1024\" height=\"683\" src=\"https:\/\/www.supercars.net\/blog\/wp-content\/uploads\/2016\/04\/1075957-1024.jpg\" class=\"attachment-full size-full\" alt=\"2012 Audi R18 ultra Gallery\" srcset=\"https:\/\/www.supercars.net\/blog\/wp-content\/uploads\/2016\/04\/1075957-1024.jpg 1024w, https:\/\/www.supercars.net\/blog\/wp-content\/uploads\/2016\/04\/1075957-1024-300x200.jpg 300w, https:\/\/www.supercars.net\/blog\/wp-content\/uploads\/2016\/04\/1075957-1024-100x67.jpg 100w, https:\/\/www.supercars.net\/blog\/wp-content\/uploads\/2016\/04\/1075957-1024-770x514.jpg 770w, https:\/\/www.supercars.net\/blog\/wp-content\/uploads\/2016\/04\/1075957-1024-360x240.jpg 360w, https:\/\/www.supercars.net\/blog\/wp-content\/uploads\/2016\/04\/1075957-1024-370x247.jpg 370w, https:\/\/www.supercars.net\/blog\/wp-content\/uploads\/2016\/04\/1075957-1024-293x195.jpg 293w\" sizes=\"(max-width: 1024px) 100vw, 1024px\" \/>\r\n\t\t\t\t<\/a>\r\n            <\/div>\r\n                <div class='wp-caption-text gallery-caption'>\r\n                Audi R18 e-tron quattro #1 (Audi Sport Team Joest), Marcel F\u00e4ssler (CH), Andr\u00e9 Lotterer (D), Beno\u00eet Tr\u00e9luyer (F)\r\n                <\/div><\/figure><figure class='gallery-item'>\r\n            <div class='gallery-icon landscape'>\r\n                <a href='https:\/\/www.supercars.net\/blog\/wp-content\/uploads\/2016\/04\/1075958-1024.jpg' class='tipi-lightbox'>\r\n\t\t\t\t<img decoding=\"async\" width=\"1024\" height=\"683\" src=\"https:\/\/www.supercars.net\/blog\/wp-content\/uploads\/2016\/04\/1075958-1024.jpg\" class=\"attachment-full size-full\" alt=\"2012 Audi R18 ultra Gallery\" srcset=\"https:\/\/www.supercars.net\/blog\/wp-content\/uploads\/2016\/04\/1075958-1024.jpg 1024w, https:\/\/www.supercars.net\/blog\/wp-content\/uploads\/2016\/04\/1075958-1024-300x200.jpg 300w, https:\/\/www.supercars.net\/blog\/wp-content\/uploads\/2016\/04\/1075958-1024-100x67.jpg 100w, https:\/\/www.supercars.net\/blog\/wp-content\/uploads\/2016\/04\/1075958-1024-770x514.jpg 770w, https:\/\/www.supercars.net\/blog\/wp-content\/uploads\/2016\/04\/1075958-1024-360x240.jpg 360w, https:\/\/www.supercars.net\/blog\/wp-content\/uploads\/2016\/04\/1075958-1024-370x247.jpg 370w, https:\/\/www.supercars.net\/blog\/wp-content\/uploads\/2016\/04\/1075958-1024-293x195.jpg 293w\" sizes=\"(max-width: 1024px) 100vw, 1024px\" \/>\r\n\t\t\t\t<\/a>\r\n            <\/div>\r\n                <div class='wp-caption-text gallery-caption'>\r\n                Audi R18 e-tron quattro #2 (Audi Sport Team Joest), Lo\u00efc Duval (F), Tom Kristensen (DK), Allan McNish (GB)\r\n                <\/div><\/figure><figure class='gallery-item'>\r\n            <div class='gallery-icon landscape'>\r\n                <a href='https:\/\/www.supercars.net\/blog\/wp-content\/uploads\/2016\/04\/1075959-1024.jpg' class='tipi-lightbox'>\r\n\t\t\t\t<img decoding=\"async\" width=\"1024\" height=\"683\" src=\"https:\/\/www.supercars.net\/blog\/wp-content\/uploads\/2016\/04\/1075959-1024.jpg\" class=\"attachment-full size-full\" alt=\"2012 Audi R18 ultra Gallery\" srcset=\"https:\/\/www.supercars.net\/blog\/wp-content\/uploads\/2016\/04\/1075959-1024.jpg 1024w, https:\/\/www.supercars.net\/blog\/wp-content\/uploads\/2016\/04\/1075959-1024-300x200.jpg 300w, https:\/\/www.supercars.net\/blog\/wp-content\/uploads\/2016\/04\/1075959-1024-100x67.jpg 100w, https:\/\/www.supercars.net\/blog\/wp-content\/uploads\/2016\/04\/1075959-1024-770x514.jpg 770w, https:\/\/www.supercars.net\/blog\/wp-content\/uploads\/2016\/04\/1075959-1024-360x240.jpg 360w, https:\/\/www.supercars.net\/blog\/wp-content\/uploads\/2016\/04\/1075959-1024-370x247.jpg 370w, https:\/\/www.supercars.net\/blog\/wp-content\/uploads\/2016\/04\/1075959-1024-293x195.jpg 293w\" sizes=\"(max-width: 1024px) 100vw, 1024px\" \/>\r\n\t\t\t\t<\/a>\r\n            <\/div>\r\n                <div class='wp-caption-text gallery-caption'>\r\n                Audi R18 e-tron quattro #2 (Audi Sport Team Joest), Lo\u00efc Duval (F), Tom Kristensen (DK), Allan McNish (GB)\r\n                <\/div><\/figure>\n","protected":false},"excerpt":{"rendered":"<p>2012 Audi R18 ultra Gallery<\/p>\n","protected":false},"author":2,"featured_media":271544,"comment_status":"open","ping_status":"closed","sticky":false,"template":"","format":"gallery","meta":{"footnotes":""},"categories":[174,13],"tags":[18689,177,7072,6701,18599,15],"class_list":["post-271498","post","type-post","status-publish","format-gallery","has-post-thumbnail","hentry","category-audi","category-gallery","tag-2010s-galleries","tag-audi","tag-audi-galleries","tag-race-car-pictures","tag-media-car-image-galleries","tag-gallery","post_format-post-format-gallery"],"yoast_head":"<!-- This site is optimized with the Yoast SEO plugin v27.5 - https:\/\/yoast.com\/product\/yoast-seo-wordpress\/ -->\n<title>2012 Audi R18 ultra Image Gallery<\/title>\n<meta name=\"robots\" content=\"index, follow, max-snippet:-1, max-image-preview:large, max-video-preview:-1\" \/>\n<link rel=\"canonical\" href=\"https:\/\/www.supercars.net\/blog\/2012-audi-r18-ultra-gallery\/\" \/>\n<meta property=\"og:locale\" content=\"en_US\" \/>\n<meta property=\"og:type\" content=\"article\" \/>\n<meta property=\"og:title\" content=\"2012 Audi R18 ultra Image Gallery\" \/>\n<meta property=\"og:description\" content=\"2012 Audi R18 ultra Gallery\" \/>\n<meta property=\"og:url\" content=\"https:\/\/www.supercars.net\/blog\/2012-audi-r18-ultra-gallery\/\" \/>\n<meta property=\"og:site_name\" content=\"Supercars.net\" \/>\n<meta property=\"article:publisher\" content=\"https:\/\/www.facebook.com\/Supercars.net\/\" \/>\n<meta property=\"article:author\" content=\"https:\/\/www.facebook.com\/Supercars.net\/\" \/>\n<meta property=\"article:published_time\" content=\"2016-04-21T18:00:36+00:00\" \/>\n<meta property=\"article:modified_time\" content=\"2024-02-10T02:03:16+00:00\" \/>\n<meta property=\"og:image\" content=\"https:\/\/www.supercars.net\/blog\/wp-content\/uploads\/2016\/04\/1075941-1024.jpg\" \/>\n\t<meta property=\"og:image:width\" content=\"1024\" \/>\n\t<meta property=\"og:image:height\" content=\"683\" \/>\n\t<meta property=\"og:image:type\" content=\"image\/jpeg\" \/>\n<meta name=\"author\" content=\"Editorial Team\" \/>\n<meta name=\"twitter:card\" content=\"summary_large_image\" \/>\n<meta name=\"twitter:creator\" content=\"@https:\/\/twitter.com\/supercars_net\" \/>\n<meta name=\"twitter:site\" content=\"@supercars_net\" \/>\n<meta name=\"twitter:label1\" content=\"Written by\" \/>\n\t<meta name=\"twitter:data1\" content=\"Editorial Team\" \/>\n<script type=\"application\/ld+json\" class=\"yoast-schema-graph\">{\"@context\":\"https:\\\/\\\/schema.org\",\"@graph\":[{\"@type\":\"Article\",\"@id\":\"https:\\\/\\\/www.supercars.net\\\/blog\\\/2012-audi-r18-ultra-gallery\\\/#article\",\"isPartOf\":{\"@id\":\"https:\\\/\\\/www.supercars.net\\\/blog\\\/2012-audi-r18-ultra-gallery\\\/\"},\"author\":{\"name\":\"Editorial Team\",\"@id\":\"https:\\\/\\\/www.supercars.net\\\/blog\\\/#\\\/schema\\\/person\\\/08906293a84eafb03312b711c1507c7e\"},\"headline\":\"2012 Audi R18 ultra Image Gallery\",\"datePublished\":\"2016-04-21T18:00:36+00:00\",\"dateModified\":\"2024-02-10T02:03:16+00:00\",\"mainEntityOfPage\":{\"@id\":\"https:\\\/\\\/www.supercars.net\\\/blog\\\/2012-audi-r18-ultra-gallery\\\/\"},\"wordCount\":13,\"commentCount\":0,\"image\":{\"@id\":\"https:\\\/\\\/www.supercars.net\\\/blog\\\/2012-audi-r18-ultra-gallery\\\/#primaryimage\"},\"thumbnailUrl\":\"https:\\\/\\\/www.supercars.net\\\/blog\\\/wp-content\\\/uploads\\\/2016\\\/04\\\/1075941-1024.jpg\",\"keywords\":[\"2010s Galleries\",\"Audi\",\"Audi Media (Galleries)\",\"Galleries (Race Cars)\",\"Media (Car Galleries)\",\"Media (Galleries)\"],\"articleSection\":[\"Audi\",\"Photo Galleries\"],\"inLanguage\":\"en-US\",\"potentialAction\":[{\"@type\":\"CommentAction\",\"name\":\"Comment\",\"target\":[\"https:\\\/\\\/www.supercars.net\\\/blog\\\/2012-audi-r18-ultra-gallery\\\/#respond\"]}]},{\"@type\":\"WebPage\",\"@id\":\"https:\\\/\\\/www.supercars.net\\\/blog\\\/2012-audi-r18-ultra-gallery\\\/\",\"url\":\"https:\\\/\\\/www.supercars.net\\\/blog\\\/2012-audi-r18-ultra-gallery\\\/\",\"name\":\"2012 Audi R18 ultra Image Gallery\",\"isPartOf\":{\"@id\":\"https:\\\/\\\/www.supercars.net\\\/blog\\\/#website\"},\"primaryImageOfPage\":{\"@id\":\"https:\\\/\\\/www.supercars.net\\\/blog\\\/2012-audi-r18-ultra-gallery\\\/#primaryimage\"},\"image\":{\"@id\":\"https:\\\/\\\/www.supercars.net\\\/blog\\\/2012-audi-r18-ultra-gallery\\\/#primaryimage\"},\"thumbnailUrl\":\"https:\\\/\\\/www.supercars.net\\\/blog\\\/wp-content\\\/uploads\\\/2016\\\/04\\\/1075941-1024.jpg\",\"datePublished\":\"2016-04-21T18:00:36+00:00\",\"dateModified\":\"2024-02-10T02:03:16+00:00\",\"author\":{\"@id\":\"https:\\\/\\\/www.supercars.net\\\/blog\\\/#\\\/schema\\\/person\\\/08906293a84eafb03312b711c1507c7e\"},\"breadcrumb\":{\"@id\":\"https:\\\/\\\/www.supercars.net\\\/blog\\\/2012-audi-r18-ultra-gallery\\\/#breadcrumb\"},\"inLanguage\":\"en-US\",\"potentialAction\":[{\"@type\":\"ReadAction\",\"target\":[\"https:\\\/\\\/www.supercars.net\\\/blog\\\/2012-audi-r18-ultra-gallery\\\/\"]}]},{\"@type\":\"ImageObject\",\"inLanguage\":\"en-US\",\"@id\":\"https:\\\/\\\/www.supercars.net\\\/blog\\\/2012-audi-r18-ultra-gallery\\\/#primaryimage\",\"url\":\"https:\\\/\\\/www.supercars.net\\\/blog\\\/wp-content\\\/uploads\\\/2016\\\/04\\\/1075941-1024.jpg\",\"contentUrl\":\"https:\\\/\\\/www.supercars.net\\\/blog\\\/wp-content\\\/uploads\\\/2016\\\/04\\\/1075941-1024.jpg\",\"width\":1024,\"height\":683,\"caption\":\"MOTORSPORT - WORLD ENDURANCE CHAMPIONSHIP 2013 - 6 HOURS OF AUSTIN \\\/ 6 HEURES D'AUSTIN - TEXAS (USA) - 19 TO 22\\\/09\\\/2013 - PHOTO FRANCOIS FLAMAND \\\/ DPPI - 01 LOTTERER ANDRE (DEU) - TRELUYER BENOIT (FRA) - FASSLER MARCEL (CHE) \\\/ WEC LMP1 \\\/ AUDI R18 E-TRON QUATTRO TEAM AUDI SPORT JOEST \\\/ ACTION\"},{\"@type\":\"BreadcrumbList\",\"@id\":\"https:\\\/\\\/www.supercars.net\\\/blog\\\/2012-audi-r18-ultra-gallery\\\/#breadcrumb\",\"itemListElement\":[{\"@type\":\"ListItem\",\"position\":1,\"name\":\"Home\",\"item\":\"https:\\\/\\\/www.supercars.net\\\/blog\\\/\"},{\"@type\":\"ListItem\",\"position\":2,\"name\":\"2012 Audi R18 ultra Image Gallery\"}]},{\"@type\":\"WebSite\",\"@id\":\"https:\\\/\\\/www.supercars.net\\\/blog\\\/#website\",\"url\":\"https:\\\/\\\/www.supercars.net\\\/blog\\\/\",\"name\":\"Supercars.net\",\"description\":\"Exotic and Supercar news, information, pictures and videos\",\"potentialAction\":[{\"@type\":\"SearchAction\",\"target\":{\"@type\":\"EntryPoint\",\"urlTemplate\":\"https:\\\/\\\/www.supercars.net\\\/blog\\\/?s={search_term_string}\"},\"query-input\":{\"@type\":\"PropertyValueSpecification\",\"valueRequired\":true,\"valueName\":\"search_term_string\"}}],\"inLanguage\":\"en-US\"},{\"@type\":\"Person\",\"@id\":\"https:\\\/\\\/www.supercars.net\\\/blog\\\/#\\\/schema\\\/person\\\/08906293a84eafb03312b711c1507c7e\",\"name\":\"Editorial Team\",\"image\":{\"@type\":\"ImageObject\",\"inLanguage\":\"en-US\",\"@id\":\"https:\\\/\\\/www.supercars.net\\\/blog\\\/wp-content\\\/uploads\\\/2012\\\/01\\\/196-293x293.jpg\",\"url\":\"https:\\\/\\\/www.supercars.net\\\/blog\\\/wp-content\\\/uploads\\\/2012\\\/01\\\/196-293x293.jpg\",\"contentUrl\":\"https:\\\/\\\/www.supercars.net\\\/blog\\\/wp-content\\\/uploads\\\/2012\\\/01\\\/196-293x293.jpg\",\"caption\":\"Editorial Team\"},\"description\":\"Regular people by day, car obsessed nutcases by night. We are like kids in a candy store, except the candy is made of metal, goes vroom-vroom, and occasionally bankrupts us faster than a sugar rush at a candy store sale! We spend hours debating the merits of turbochargers versus superchargers, and our weekends are a never-ending quest for the perfect polish and wax combo. We can identify every make and model by the sound of a revving engine, and our idea of a romantic evening is a candlelit dinner with our cars in the garage.\",\"sameAs\":[\"http:\\\/\\\/www.supercars.net\",\"https:\\\/\\\/www.facebook.com\\\/Supercars.net\\\/\",\"https:\\\/\\\/instagram.com\\\/super.cars.fans\",\"https:\\\/\\\/x.com\\\/https:\\\/\\\/twitter.com\\\/supercars_net\"],\"url\":\"https:\\\/\\\/www.supercars.net\\\/blog\\\/author\\\/supercars\\\/\"}]}<\/script>\n<!-- \/ Yoast SEO plugin. -->","yoast_head_json":{"title":"2012 Audi R18 ultra Image Gallery","robots":{"index":"index","follow":"follow","max-snippet":"max-snippet:-1","max-image-preview":"max-image-preview:large","max-video-preview":"max-video-preview:-1"},"canonical":"https:\/\/www.supercars.net\/blog\/2012-audi-r18-ultra-gallery\/","og_locale":"en_US","og_type":"article","og_title":"2012 Audi R18 ultra Image Gallery","og_description":"2012 Audi R18 ultra Gallery","og_url":"https:\/\/www.supercars.net\/blog\/2012-audi-r18-ultra-gallery\/","og_site_name":"Supercars.net","article_publisher":"https:\/\/www.facebook.com\/Supercars.net\/","article_author":"https:\/\/www.facebook.com\/Supercars.net\/","article_published_time":"2016-04-21T18:00:36+00:00","article_modified_time":"2024-02-10T02:03:16+00:00","og_image":[{"width":1024,"height":683,"url":"https:\/\/www.supercars.net\/blog\/wp-content\/uploads\/2016\/04\/1075941-1024.jpg","type":"image\/jpeg"}],"author":"Editorial Team","twitter_card":"summary_large_image","twitter_creator":"@https:\/\/twitter.com\/supercars_net","twitter_site":"@supercars_net","twitter_misc":{"Written by":"Editorial Team"},"schema":{"@context":"https:\/\/schema.org","@graph":[{"@type":"Article","@id":"https:\/\/www.supercars.net\/blog\/2012-audi-r18-ultra-gallery\/#article","isPartOf":{"@id":"https:\/\/www.supercars.net\/blog\/2012-audi-r18-ultra-gallery\/"},"author":{"name":"Editorial Team","@id":"https:\/\/www.supercars.net\/blog\/#\/schema\/person\/08906293a84eafb03312b711c1507c7e"},"headline":"2012 Audi R18 ultra Image Gallery","datePublished":"2016-04-21T18:00:36+00:00","dateModified":"2024-02-10T02:03:16+00:00","mainEntityOfPage":{"@id":"https:\/\/www.supercars.net\/blog\/2012-audi-r18-ultra-gallery\/"},"wordCount":13,"commentCount":0,"image":{"@id":"https:\/\/www.supercars.net\/blog\/2012-audi-r18-ultra-gallery\/#primaryimage"},"thumbnailUrl":"https:\/\/www.supercars.net\/blog\/wp-content\/uploads\/2016\/04\/1075941-1024.jpg","keywords":["2010s Galleries","Audi","Audi Media (Galleries)","Galleries (Race Cars)","Media (Car Galleries)","Media (Galleries)"],"articleSection":["Audi","Photo Galleries"],"inLanguage":"en-US","potentialAction":[{"@type":"CommentAction","name":"Comment","target":["https:\/\/www.supercars.net\/blog\/2012-audi-r18-ultra-gallery\/#respond"]}]},{"@type":"WebPage","@id":"https:\/\/www.supercars.net\/blog\/2012-audi-r18-ultra-gallery\/","url":"https:\/\/www.supercars.net\/blog\/2012-audi-r18-ultra-gallery\/","name":"2012 Audi R18 ultra Image Gallery","isPartOf":{"@id":"https:\/\/www.supercars.net\/blog\/#website"},"primaryImageOfPage":{"@id":"https:\/\/www.supercars.net\/blog\/2012-audi-r18-ultra-gallery\/#primaryimage"},"image":{"@id":"https:\/\/www.supercars.net\/blog\/2012-audi-r18-ultra-gallery\/#primaryimage"},"thumbnailUrl":"https:\/\/www.supercars.net\/blog\/wp-content\/uploads\/2016\/04\/1075941-1024.jpg","datePublished":"2016-04-21T18:00:36+00:00","dateModified":"2024-02-10T02:03:16+00:00","author":{"@id":"https:\/\/www.supercars.net\/blog\/#\/schema\/person\/08906293a84eafb03312b711c1507c7e"},"breadcrumb":{"@id":"https:\/\/www.supercars.net\/blog\/2012-audi-r18-ultra-gallery\/#breadcrumb"},"inLanguage":"en-US","potentialAction":[{"@type":"ReadAction","target":["https:\/\/www.supercars.net\/blog\/2012-audi-r18-ultra-gallery\/"]}]},{"@type":"ImageObject","inLanguage":"en-US","@id":"https:\/\/www.supercars.net\/blog\/2012-audi-r18-ultra-gallery\/#primaryimage","url":"https:\/\/www.supercars.net\/blog\/wp-content\/uploads\/2016\/04\/1075941-1024.jpg","contentUrl":"https:\/\/www.supercars.net\/blog\/wp-content\/uploads\/2016\/04\/1075941-1024.jpg","width":1024,"height":683,"caption":"MOTORSPORT - WORLD ENDURANCE CHAMPIONSHIP 2013 - 6 HOURS OF AUSTIN \/ 6 HEURES D'AUSTIN - TEXAS (USA) - 19 TO 22\/09\/2013 - PHOTO FRANCOIS FLAMAND \/ DPPI - 01 LOTTERER ANDRE (DEU) - TRELUYER BENOIT (FRA) - FASSLER MARCEL (CHE) \/ WEC LMP1 \/ AUDI R18 E-TRON QUATTRO TEAM AUDI SPORT JOEST \/ ACTION"},{"@type":"BreadcrumbList","@id":"https:\/\/www.supercars.net\/blog\/2012-audi-r18-ultra-gallery\/#breadcrumb","itemListElement":[{"@type":"ListItem","position":1,"name":"Home","item":"https:\/\/www.supercars.net\/blog\/"},{"@type":"ListItem","position":2,"name":"2012 Audi R18 ultra Image Gallery"}]},{"@type":"WebSite","@id":"https:\/\/www.supercars.net\/blog\/#website","url":"https:\/\/www.supercars.net\/blog\/","name":"Supercars.net","description":"Exotic and Supercar news, information, pictures and videos","potentialAction":[{"@type":"SearchAction","target":{"@type":"EntryPoint","urlTemplate":"https:\/\/www.supercars.net\/blog\/?s={search_term_string}"},"query-input":{"@type":"PropertyValueSpecification","valueRequired":true,"valueName":"search_term_string"}}],"inLanguage":"en-US"},{"@type":"Person","@id":"https:\/\/www.supercars.net\/blog\/#\/schema\/person\/08906293a84eafb03312b711c1507c7e","name":"Editorial Team","image":{"@type":"ImageObject","inLanguage":"en-US","@id":"https:\/\/www.supercars.net\/blog\/wp-content\/uploads\/2012\/01\/196-293x293.jpg","url":"https:\/\/www.supercars.net\/blog\/wp-content\/uploads\/2012\/01\/196-293x293.jpg","contentUrl":"https:\/\/www.supercars.net\/blog\/wp-content\/uploads\/2012\/01\/196-293x293.jpg","caption":"Editorial Team"},"description":"Regular people by day, car obsessed nutcases by night. We are like kids in a candy store, except the candy is made of metal, goes vroom-vroom, and occasionally bankrupts us faster than a sugar rush at a candy store sale! We spend hours debating the merits of turbochargers versus superchargers, and our weekends are a never-ending quest for the perfect polish and wax combo. We can identify every make and model by the sound of a revving engine, and our idea of a romantic evening is a candlelit dinner with our cars in the garage.","sameAs":["http:\/\/www.supercars.net","https:\/\/www.facebook.com\/Supercars.net\/","https:\/\/instagram.com\/super.cars.fans","https:\/\/x.com\/https:\/\/twitter.com\/supercars_net"],"url":"https:\/\/www.supercars.net\/blog\/author\/supercars\/"}]}},"_links":{"self":[{"href":"https:\/\/www.supercars.net\/blog\/wp-json\/wp\/v2\/posts\/271498","targetHints":{"allow":["GET"]}}],"collection":[{"href":"https:\/\/www.supercars.net\/blog\/wp-json\/wp\/v2\/posts"}],"about":[{"href":"https:\/\/www.supercars.net\/blog\/wp-json\/wp\/v2\/types\/post"}],"author":[{"embeddable":true,"href":"https:\/\/www.supercars.net\/blog\/wp-json\/wp\/v2\/users\/2"}],"replies":[{"embeddable":true,"href":"https:\/\/www.supercars.net\/blog\/wp-json\/wp\/v2\/comments?post=271498"}],"version-history":[{"count":0,"href":"https:\/\/www.supercars.net\/blog\/wp-json\/wp\/v2\/posts\/271498\/revisions"}],"wp:featuredmedia":[{"embeddable":true,"href":"https:\/\/www.supercars.net\/blog\/wp-json\/wp\/v2\/media\/271544"}],"wp:attachment":[{"href":"https:\/\/www.supercars.net\/blog\/wp-json\/wp\/v2\/media?parent=271498"}],"wp:term":[{"taxonomy":"category","embeddable":true,"href":"https:\/\/www.supercars.net\/blog\/wp-json\/wp\/v2\/categories?post=271498"},{"taxonomy":"post_tag","embeddable":true,"href":"https:\/\/www.supercars.net\/blog\/wp-json\/wp\/v2\/tags?post=271498"}],"curies":[{"name":"wp","href":"https:\/\/api.w.org\/{rel}","templated":true}]}}