{"id":278831,"date":"2018-05-01T09:00:33","date_gmt":"2018-05-01T09:00:33","guid":{"rendered":"https:\/\/sportscardigest.com\/?p=278831"},"modified":"2024-02-07T03:41:02","modified_gmt":"2024-02-07T03:41:02","slug":"tour-auto-rally-2018-report-photos","status":"publish","type":"post","link":"https:\/\/www.supercars.net\/blog\/tour-auto-rally-2018-report-photos\/","title":{"rendered":"Tour Auto (2018) &#8211; Recap &#038; Photo Gallery"},"content":{"rendered":"<p>The Tour Auto Rally 2018 was held April 23-28 on the secondary roads and race circuits of France. After the traditional start in the Grand Palais, in which the cars were displayed for 10,000 Parisian enthusiasts, the 27th retrospective of the Tour de France Automobile followed a unique 2,100-kilometer course that was a blend of closed country roads and racing tracks. The crews ended their journey in Nice, the historic final destination of the original Tour de France automobile.<\/p>\n<p>Organized by Peter Auto, the Tour Auto Rally 2018 ended on Saturday April 28 with three special stages in the Provencal hinterland and the finish on the Place Massena in Nice. The 239 crews that took part left the Grand Palais in Paris five days earlier: they will take away unforgettable memories of the route that gave them the opportunity to discover the most beautiful roads in France.<\/p>\n<p>On their journey from the French capital to Nice with stopovers in Besan\u00e7on, Meg\u00e8ve, Avignon and Aix-en-Provence they drank in the beauty and variety of the landscapes they crossed. They all shared exciting moments at the wheel of the cars they had carefully prepared for the new 2100-kilometre route. And among them were the lucky few who tasted the magic thrill of victory.<\/p>\n<p>Highlighted in the 27th running were cars that have written the Tour&#8217;s legend: BMW, Ferrari, Alpine, Ford GT40, Jaguar E-Type and MK II, Lancia Stratos, Ligier JS2, Porsche, Shelby Cobra and other exceptional models produced from 1951 to 1980. Also celebrated in the 2018 Tour Auto Rally were very rare Italian makes that have now disappeared, such as Autobianchi, Cisitalia, De Tomaso, Osca, Lombardi, Moretti and Siata.<\/p>\n<p>The Swiss crew of Raphael Favaro and Yves Badan in their Lotus Elan 26R emerged victorious in the Tour Auto Rally 2018. They took advantage of the late gearbox problems that hit the seemingly invincible Ford GT40 driven by the British crew of Andrew Smith and James Cottingham in the second-to-last stage of the rally. The victors of the 2017 event had to retire after scoring 10 out of the 14 wins possible.<\/p>\n<p>Only their fellow-countrymen, Chris Ward and Andy Elcomb in a Jaguar E-Type were able to challenge their domination by clinching victory in two stages. Their hopes of a finish on the 2018 Tour Auto Optic 2ooo podium were dashed by a retirement on the Paul Ricard circuit. Thus, first place in the overall classification went to the Swiss duo Raphael Favaro-Yves Badan in their Lotus Elan 26R, followed by the French pair Fr\u00e9d\u00e9ric Jousset and Paul Miliotis in a Shelby Cobra 289 and Damien Kohler and Sylvie Laboisne in another Lotus Elan 26R.<\/p>\n<p>French crew Patrick Hautot-Sylvain Cantrel won Group G1 and G2 in their Ford GT40, while Americans Cooper Mac Neil-Gunnar Jeannette sealed victory in the H1\/H2\/I Group in their Porsche 911 RSR 3.0L and Jean-Fran\u00e7ois and Chlo\u00e9 P\u00e9nillard in their Porsche 356 Pre-A Coupe came first in the Index of Performance.<\/p>\n<p>In the Regularity category victory went to French crew Jean Rigondet-Olivier Souillard who dominated from the first to the last day of the rally in their CG 1200 S. The Alfa Romeo 1750 GTV of Nicolas Pagano-Michel P\u00e9rin scraped home in second place after coming under pressure from the Argentinean pairing, Tomas Hinrichsen and Solange Mayo&#8217;s Maserati 200 SI, who won the Index of Performance.<\/p>\n<p>Once again the spirit of the Tour Auto 2ooo conquered big crowds proved by the large number of spectators who thronged to the Grand Palais and the finish of the stages, as well as the Dijon-Prenois, Bresse, L\u00e9denon and Paul Ricard circuits. It was also the case at the ten special stages run on closed roads.<\/p>\n<p>The Tour Auto Rally is right near the top of our favorite events annually covered at Sports Car Digest. And simple as it sounds, it&#8217;s also an event we&#8217;d really like to participate in, which makes it much more exciting when pictures roll in from the field. This week brings our first gallery from the hyper-competitive rally staged on the back roads and race circuits of France.<\/p>\n<p>Similar to <a href=\"https:\/\/sportscardigest.com\/2010-tour-auto-optic-2000-results-photo-gallery\/\">2010<\/a>, <a href=\"https:\/\/sportscardigest.com\/tour-auto-rally-2011-report-results-and-photo-gallery\/\">2011<\/a>, <a title=\"2012 Tour Auto Rally Photos\" href=\"https:\/\/sportscardigest.com\/tour-auto-rally-2012-report-and-photos\/\">2012<\/a>, <a title=\"2013 Tour Auto Rally Photos\" href=\"https:\/\/sportscardigest.com\/tour-auto-rally-2013-report-and-photos\/\">2013<\/a>, <a title=\"2014 Tour Auto Rally Photos\" href=\"https:\/\/sportscardigest.com\/tour-auto-rally-2014-report-photos\/\">2014<\/a>, <a href=\"https:\/\/sportscardigest.com\/tour-auto-rally-2015-report-and-photos\/\">2015<\/a>, <a href=\"https:\/\/sportscardigest.com\/tour-auto-rally-2016-report-photos\/\">2016<\/a> and <a href=\"https:\/\/sportscardigest.com\/tour-auto-rally-2017-report-photos\/\">2017<\/a>, Sports Car Digest also documented the 2018 Tour Auto with the following stunning pictures that show the strong field of entrants and outstanding views of the French countryside.<\/p>\n<h2 style=\"text-align: center;\"><strong>Tour Auto Rally 2018 &#8211; Photo Gallery<\/strong> (photos: Peter Auto)<\/h2>\n<figure class='gallery-item'>\r\n            <div class='gallery-icon landscape'>\r\n                <a href='https:\/\/www.supercars.net\/blog\/wp-content\/uploads\/2018\/05\/2018-Tour-Auto-Rally-1-1.jpg' class='tipi-lightbox'>\r\n\t\t\t\t<a href='https:\/\/www.supercars.net\/blog\/wp-content\/uploads\/2018\/05\/2018-Tour-Auto-Rally-1-1.jpg'><img decoding=\"async\" width=\"1150\" height=\"767\" src=\"https:\/\/www.supercars.net\/blog\/wp-content\/uploads\/2018\/05\/2018-Tour-Auto-Rally-1-1.jpg\" class=\"attachment-full size-full\" alt=\"\" srcset=\"https:\/\/www.supercars.net\/blog\/wp-content\/uploads\/2018\/05\/2018-Tour-Auto-Rally-1-1.jpg 1150w, https:\/\/www.supercars.net\/blog\/wp-content\/uploads\/2018\/05\/2018-Tour-Auto-Rally-1-1-300x200.jpg 300w, https:\/\/www.supercars.net\/blog\/wp-content\/uploads\/2018\/05\/2018-Tour-Auto-Rally-1-1-1024x683.jpg 1024w, https:\/\/www.supercars.net\/blog\/wp-content\/uploads\/2018\/05\/2018-Tour-Auto-Rally-1-1-100x67.jpg 100w, https:\/\/www.supercars.net\/blog\/wp-content\/uploads\/2018\/05\/2018-Tour-Auto-Rally-1-1-770x514.jpg 770w, https:\/\/www.supercars.net\/blog\/wp-content\/uploads\/2018\/05\/2018-Tour-Auto-Rally-1-1-360x240.jpg 360w, https:\/\/www.supercars.net\/blog\/wp-content\/uploads\/2018\/05\/2018-Tour-Auto-Rally-1-1-370x247.jpg 370w, https:\/\/www.supercars.net\/blog\/wp-content\/uploads\/2018\/05\/2018-Tour-Auto-Rally-1-1-293x195.jpg 293w\" sizes=\"(max-width: 1150px) 100vw, 1150px\" \/><\/a>\r\n\t\t\t\t<\/a>\r\n            <\/div>\r\n                <div class='wp-caption-text gallery-caption'>\r\n                Christophe KUHBIER \/ Mathieu GAUTRIN FRA \/ FRA ALFA ROMEO 2600 Sprint 1964\r\n                <\/div><\/figure><figure class='gallery-item'>\r\n            <div class='gallery-icon landscape'>\r\n                <a href='https:\/\/www.supercars.net\/blog\/wp-content\/uploads\/2018\/05\/2018-Tour-Auto-Rally-2-1.jpg' class='tipi-lightbox'>\r\n\t\t\t\t<a href='https:\/\/www.supercars.net\/blog\/wp-content\/uploads\/2018\/05\/2018-Tour-Auto-Rally-2-1.jpg'><img decoding=\"async\" width=\"1150\" height=\"767\" src=\"https:\/\/www.supercars.net\/blog\/wp-content\/uploads\/2018\/05\/2018-Tour-Auto-Rally-2-1.jpg\" class=\"attachment-full size-full\" alt=\"\" srcset=\"https:\/\/www.supercars.net\/blog\/wp-content\/uploads\/2018\/05\/2018-Tour-Auto-Rally-2-1.jpg 1150w, https:\/\/www.supercars.net\/blog\/wp-content\/uploads\/2018\/05\/2018-Tour-Auto-Rally-2-1-300x200.jpg 300w, https:\/\/www.supercars.net\/blog\/wp-content\/uploads\/2018\/05\/2018-Tour-Auto-Rally-2-1-1024x683.jpg 1024w, https:\/\/www.supercars.net\/blog\/wp-content\/uploads\/2018\/05\/2018-Tour-Auto-Rally-2-1-100x67.jpg 100w, https:\/\/www.supercars.net\/blog\/wp-content\/uploads\/2018\/05\/2018-Tour-Auto-Rally-2-1-770x514.jpg 770w, https:\/\/www.supercars.net\/blog\/wp-content\/uploads\/2018\/05\/2018-Tour-Auto-Rally-2-1-360x240.jpg 360w, https:\/\/www.supercars.net\/blog\/wp-content\/uploads\/2018\/05\/2018-Tour-Auto-Rally-2-1-370x247.jpg 370w, https:\/\/www.supercars.net\/blog\/wp-content\/uploads\/2018\/05\/2018-Tour-Auto-Rally-2-1-293x195.jpg 293w\" sizes=\"(max-width: 1150px) 100vw, 1150px\" \/><\/a>\r\n\t\t\t\t<\/a>\r\n            <\/div>\r\n                <div class='wp-caption-text gallery-caption'>\r\n                Guillaume BRAJEUX \/ Augustin BRAJEUX FRA \/ FRA MORRIS Cooper S 1300 MKI 1964\r\n                <\/div><\/figure><figure class='gallery-item'>\r\n            <div class='gallery-icon landscape'>\r\n                <a href='https:\/\/www.supercars.net\/blog\/wp-content\/uploads\/2018\/05\/2018-Tour-Auto-Rally-3-1.jpg' class='tipi-lightbox'>\r\n\t\t\t\t<a href='https:\/\/www.supercars.net\/blog\/wp-content\/uploads\/2018\/05\/2018-Tour-Auto-Rally-3-1.jpg'><img decoding=\"async\" width=\"1150\" height=\"767\" src=\"https:\/\/www.supercars.net\/blog\/wp-content\/uploads\/2018\/05\/2018-Tour-Auto-Rally-3-1.jpg\" class=\"attachment-full size-full\" alt=\"\" srcset=\"https:\/\/www.supercars.net\/blog\/wp-content\/uploads\/2018\/05\/2018-Tour-Auto-Rally-3-1.jpg 1150w, https:\/\/www.supercars.net\/blog\/wp-content\/uploads\/2018\/05\/2018-Tour-Auto-Rally-3-1-300x200.jpg 300w, https:\/\/www.supercars.net\/blog\/wp-content\/uploads\/2018\/05\/2018-Tour-Auto-Rally-3-1-1024x683.jpg 1024w, https:\/\/www.supercars.net\/blog\/wp-content\/uploads\/2018\/05\/2018-Tour-Auto-Rally-3-1-100x67.jpg 100w, https:\/\/www.supercars.net\/blog\/wp-content\/uploads\/2018\/05\/2018-Tour-Auto-Rally-3-1-770x514.jpg 770w, https:\/\/www.supercars.net\/blog\/wp-content\/uploads\/2018\/05\/2018-Tour-Auto-Rally-3-1-360x240.jpg 360w, https:\/\/www.supercars.net\/blog\/wp-content\/uploads\/2018\/05\/2018-Tour-Auto-Rally-3-1-370x247.jpg 370w, https:\/\/www.supercars.net\/blog\/wp-content\/uploads\/2018\/05\/2018-Tour-Auto-Rally-3-1-293x195.jpg 293w\" sizes=\"(max-width: 1150px) 100vw, 1150px\" \/><\/a>\r\n\t\t\t\t<\/a>\r\n            <\/div>\r\n                <div class='wp-caption-text gallery-caption'>\r\n                Gaby von OPPENHEIM \/ Andreas MIDDENDORF DEU \/ DEU PORSCHE 911 2,0L 1965\r\n                <\/div><\/figure><figure class='gallery-item'>\r\n            <div class='gallery-icon landscape'>\r\n                <a href='https:\/\/www.supercars.net\/blog\/wp-content\/uploads\/2018\/05\/2018-Tour-Auto-Rally-4-1.jpg' class='tipi-lightbox'>\r\n\t\t\t\t<a href='https:\/\/www.supercars.net\/blog\/wp-content\/uploads\/2018\/05\/2018-Tour-Auto-Rally-4-1.jpg'><img decoding=\"async\" width=\"1150\" height=\"767\" src=\"https:\/\/www.supercars.net\/blog\/wp-content\/uploads\/2018\/05\/2018-Tour-Auto-Rally-4-1.jpg\" class=\"attachment-full size-full\" alt=\"\" srcset=\"https:\/\/www.supercars.net\/blog\/wp-content\/uploads\/2018\/05\/2018-Tour-Auto-Rally-4-1.jpg 1150w, https:\/\/www.supercars.net\/blog\/wp-content\/uploads\/2018\/05\/2018-Tour-Auto-Rally-4-1-300x200.jpg 300w, https:\/\/www.supercars.net\/blog\/wp-content\/uploads\/2018\/05\/2018-Tour-Auto-Rally-4-1-1024x683.jpg 1024w, https:\/\/www.supercars.net\/blog\/wp-content\/uploads\/2018\/05\/2018-Tour-Auto-Rally-4-1-100x67.jpg 100w, https:\/\/www.supercars.net\/blog\/wp-content\/uploads\/2018\/05\/2018-Tour-Auto-Rally-4-1-770x514.jpg 770w, https:\/\/www.supercars.net\/blog\/wp-content\/uploads\/2018\/05\/2018-Tour-Auto-Rally-4-1-360x240.jpg 360w, https:\/\/www.supercars.net\/blog\/wp-content\/uploads\/2018\/05\/2018-Tour-Auto-Rally-4-1-370x247.jpg 370w, https:\/\/www.supercars.net\/blog\/wp-content\/uploads\/2018\/05\/2018-Tour-Auto-Rally-4-1-293x195.jpg 293w\" sizes=\"(max-width: 1150px) 100vw, 1150px\" \/><\/a>\r\n\t\t\t\t<\/a>\r\n            <\/div>\r\n                <div class='wp-caption-text gallery-caption'>\r\n                Jean-Fran\u00e7ois PIQUET \/ Jean-Michel TAILLER FRA \/ FRA LANCIA Fulvia 1600 HF 1970\r\n                <\/div><\/figure><figure class='gallery-item'>\r\n            <div class='gallery-icon landscape'>\r\n                <a href='https:\/\/www.supercars.net\/blog\/wp-content\/uploads\/2018\/05\/2018-Tour-Auto-Rally-5-1.jpg' class='tipi-lightbox'>\r\n\t\t\t\t<a href='https:\/\/www.supercars.net\/blog\/wp-content\/uploads\/2018\/05\/2018-Tour-Auto-Rally-5-1.jpg'><img decoding=\"async\" width=\"1150\" height=\"768\" src=\"https:\/\/www.supercars.net\/blog\/wp-content\/uploads\/2018\/05\/2018-Tour-Auto-Rally-5-1.jpg\" class=\"attachment-full size-full\" alt=\"\" srcset=\"https:\/\/www.supercars.net\/blog\/wp-content\/uploads\/2018\/05\/2018-Tour-Auto-Rally-5-1.jpg 1150w, https:\/\/www.supercars.net\/blog\/wp-content\/uploads\/2018\/05\/2018-Tour-Auto-Rally-5-1-300x200.jpg 300w, https:\/\/www.supercars.net\/blog\/wp-content\/uploads\/2018\/05\/2018-Tour-Auto-Rally-5-1-1024x684.jpg 1024w, https:\/\/www.supercars.net\/blog\/wp-content\/uploads\/2018\/05\/2018-Tour-Auto-Rally-5-1-100x67.jpg 100w, https:\/\/www.supercars.net\/blog\/wp-content\/uploads\/2018\/05\/2018-Tour-Auto-Rally-5-1-770x514.jpg 770w, https:\/\/www.supercars.net\/blog\/wp-content\/uploads\/2018\/05\/2018-Tour-Auto-Rally-5-1-360x240.jpg 360w, https:\/\/www.supercars.net\/blog\/wp-content\/uploads\/2018\/05\/2018-Tour-Auto-Rally-5-1-370x247.jpg 370w, https:\/\/www.supercars.net\/blog\/wp-content\/uploads\/2018\/05\/2018-Tour-Auto-Rally-5-1-293x196.jpg 293w\" sizes=\"(max-width: 1150px) 100vw, 1150px\" \/><\/a>\r\n\t\t\t\t<\/a>\r\n            <\/div>\r\n                <div class='wp-caption-text gallery-caption'>\r\n                Laurent DESPLACES \/ Marion DESPLACES FRA \/ FRA FERRARI 275 GTB 1966\r\n                <\/div><\/figure><figure class='gallery-item'>\r\n            <div class='gallery-icon landscape'>\r\n                <a href='https:\/\/www.supercars.net\/blog\/wp-content\/uploads\/2018\/05\/2018-Tour-Auto-Rally-6-1.jpg' class='tipi-lightbox'>\r\n\t\t\t\t<a href='https:\/\/www.supercars.net\/blog\/wp-content\/uploads\/2018\/05\/2018-Tour-Auto-Rally-6-1.jpg'><img decoding=\"async\" width=\"1150\" height=\"768\" src=\"https:\/\/www.supercars.net\/blog\/wp-content\/uploads\/2018\/05\/2018-Tour-Auto-Rally-6-1.jpg\" class=\"attachment-full size-full\" alt=\"\" srcset=\"https:\/\/www.supercars.net\/blog\/wp-content\/uploads\/2018\/05\/2018-Tour-Auto-Rally-6-1.jpg 1150w, https:\/\/www.supercars.net\/blog\/wp-content\/uploads\/2018\/05\/2018-Tour-Auto-Rally-6-1-300x200.jpg 300w, https:\/\/www.supercars.net\/blog\/wp-content\/uploads\/2018\/05\/2018-Tour-Auto-Rally-6-1-1024x684.jpg 1024w, https:\/\/www.supercars.net\/blog\/wp-content\/uploads\/2018\/05\/2018-Tour-Auto-Rally-6-1-100x67.jpg 100w, https:\/\/www.supercars.net\/blog\/wp-content\/uploads\/2018\/05\/2018-Tour-Auto-Rally-6-1-770x514.jpg 770w, https:\/\/www.supercars.net\/blog\/wp-content\/uploads\/2018\/05\/2018-Tour-Auto-Rally-6-1-360x240.jpg 360w, https:\/\/www.supercars.net\/blog\/wp-content\/uploads\/2018\/05\/2018-Tour-Auto-Rally-6-1-370x247.jpg 370w, https:\/\/www.supercars.net\/blog\/wp-content\/uploads\/2018\/05\/2018-Tour-Auto-Rally-6-1-293x196.jpg 293w\" sizes=\"(max-width: 1150px) 100vw, 1150px\" \/><\/a>\r\n\t\t\t\t<\/a>\r\n            <\/div>\r\n                <div class='wp-caption-text gallery-caption'>\r\n                Luis DELSO \/ Carlos DE MIGUEL ESP \/ ESP ALFA ROMEO Giulietta Sprint 1957\r\n                <\/div><\/figure><figure class='gallery-item'>\r\n            <div class='gallery-icon landscape'>\r\n                <a href='https:\/\/www.supercars.net\/blog\/wp-content\/uploads\/2018\/05\/2018-Tour-Auto-Rally-7-1.jpg' class='tipi-lightbox'>\r\n\t\t\t\t<a href='https:\/\/www.supercars.net\/blog\/wp-content\/uploads\/2018\/05\/2018-Tour-Auto-Rally-7-1.jpg'><img decoding=\"async\" width=\"1150\" height=\"768\" src=\"https:\/\/www.supercars.net\/blog\/wp-content\/uploads\/2018\/05\/2018-Tour-Auto-Rally-7-1.jpg\" class=\"attachment-full size-full\" alt=\"\" srcset=\"https:\/\/www.supercars.net\/blog\/wp-content\/uploads\/2018\/05\/2018-Tour-Auto-Rally-7-1.jpg 1150w, https:\/\/www.supercars.net\/blog\/wp-content\/uploads\/2018\/05\/2018-Tour-Auto-Rally-7-1-300x200.jpg 300w, https:\/\/www.supercars.net\/blog\/wp-content\/uploads\/2018\/05\/2018-Tour-Auto-Rally-7-1-1024x684.jpg 1024w, https:\/\/www.supercars.net\/blog\/wp-content\/uploads\/2018\/05\/2018-Tour-Auto-Rally-7-1-100x67.jpg 100w, https:\/\/www.supercars.net\/blog\/wp-content\/uploads\/2018\/05\/2018-Tour-Auto-Rally-7-1-770x514.jpg 770w, https:\/\/www.supercars.net\/blog\/wp-content\/uploads\/2018\/05\/2018-Tour-Auto-Rally-7-1-360x240.jpg 360w, https:\/\/www.supercars.net\/blog\/wp-content\/uploads\/2018\/05\/2018-Tour-Auto-Rally-7-1-370x247.jpg 370w, https:\/\/www.supercars.net\/blog\/wp-content\/uploads\/2018\/05\/2018-Tour-Auto-Rally-7-1-293x196.jpg 293w\" sizes=\"(max-width: 1150px) 100vw, 1150px\" \/><\/a>\r\n\t\t\t\t<\/a>\r\n            <\/div>\r\n                <div class='wp-caption-text gallery-caption'>\r\n                Francois-Xavier ENTREMONT \/ Jacques ENTREMONT FRA \/ FRA FERRARI 308 Gr IV Michelotto 1980\r\n                <\/div><\/figure><figure class='gallery-item'>\r\n            <div class='gallery-icon landscape'>\r\n                <a href='https:\/\/www.supercars.net\/blog\/wp-content\/uploads\/2018\/05\/2018-Tour-Auto-Rally-8-1.jpg' class='tipi-lightbox'>\r\n\t\t\t\t<a href='https:\/\/www.supercars.net\/blog\/wp-content\/uploads\/2018\/05\/2018-Tour-Auto-Rally-8-1.jpg'><img decoding=\"async\" width=\"1150\" height=\"768\" src=\"https:\/\/www.supercars.net\/blog\/wp-content\/uploads\/2018\/05\/2018-Tour-Auto-Rally-8-1.jpg\" class=\"attachment-full size-full\" alt=\"\" srcset=\"https:\/\/www.supercars.net\/blog\/wp-content\/uploads\/2018\/05\/2018-Tour-Auto-Rally-8-1.jpg 1150w, https:\/\/www.supercars.net\/blog\/wp-content\/uploads\/2018\/05\/2018-Tour-Auto-Rally-8-1-300x200.jpg 300w, https:\/\/www.supercars.net\/blog\/wp-content\/uploads\/2018\/05\/2018-Tour-Auto-Rally-8-1-1024x684.jpg 1024w, https:\/\/www.supercars.net\/blog\/wp-content\/uploads\/2018\/05\/2018-Tour-Auto-Rally-8-1-100x67.jpg 100w, https:\/\/www.supercars.net\/blog\/wp-content\/uploads\/2018\/05\/2018-Tour-Auto-Rally-8-1-770x514.jpg 770w, https:\/\/www.supercars.net\/blog\/wp-content\/uploads\/2018\/05\/2018-Tour-Auto-Rally-8-1-360x240.jpg 360w, https:\/\/www.supercars.net\/blog\/wp-content\/uploads\/2018\/05\/2018-Tour-Auto-Rally-8-1-370x247.jpg 370w, https:\/\/www.supercars.net\/blog\/wp-content\/uploads\/2018\/05\/2018-Tour-Auto-Rally-8-1-293x196.jpg 293w\" sizes=\"(max-width: 1150px) 100vw, 1150px\" \/><\/a>\r\n\t\t\t\t<\/a>\r\n            <\/div>\r\n                <div class='wp-caption-text gallery-caption'>\r\n                Patrick PAPPALARDO \/ Henri BONNET FRA \/ FRA PORSCHE 911 Carrera RSR 2,8L 1973\r\n                <\/div><\/figure><figure class='gallery-item'>\r\n            <div class='gallery-icon landscape'>\r\n                <a href='https:\/\/www.supercars.net\/blog\/wp-content\/uploads\/2018\/05\/2018-Tour-Auto-Rally-9-1.jpg' class='tipi-lightbox'>\r\n\t\t\t\t<a href='https:\/\/www.supercars.net\/blog\/wp-content\/uploads\/2018\/05\/2018-Tour-Auto-Rally-9-1.jpg'><img decoding=\"async\" width=\"1150\" height=\"768\" src=\"https:\/\/www.supercars.net\/blog\/wp-content\/uploads\/2018\/05\/2018-Tour-Auto-Rally-9-1.jpg\" class=\"attachment-full size-full\" alt=\"\" srcset=\"https:\/\/www.supercars.net\/blog\/wp-content\/uploads\/2018\/05\/2018-Tour-Auto-Rally-9-1.jpg 1150w, https:\/\/www.supercars.net\/blog\/wp-content\/uploads\/2018\/05\/2018-Tour-Auto-Rally-9-1-300x200.jpg 300w, https:\/\/www.supercars.net\/blog\/wp-content\/uploads\/2018\/05\/2018-Tour-Auto-Rally-9-1-1024x684.jpg 1024w, https:\/\/www.supercars.net\/blog\/wp-content\/uploads\/2018\/05\/2018-Tour-Auto-Rally-9-1-100x67.jpg 100w, https:\/\/www.supercars.net\/blog\/wp-content\/uploads\/2018\/05\/2018-Tour-Auto-Rally-9-1-770x514.jpg 770w, https:\/\/www.supercars.net\/blog\/wp-content\/uploads\/2018\/05\/2018-Tour-Auto-Rally-9-1-360x240.jpg 360w, https:\/\/www.supercars.net\/blog\/wp-content\/uploads\/2018\/05\/2018-Tour-Auto-Rally-9-1-370x247.jpg 370w, https:\/\/www.supercars.net\/blog\/wp-content\/uploads\/2018\/05\/2018-Tour-Auto-Rally-9-1-293x196.jpg 293w\" sizes=\"(max-width: 1150px) 100vw, 1150px\" \/><\/a>\r\n\t\t\t\t<\/a>\r\n            <\/div>\r\n                <div class='wp-caption-text gallery-caption'>\r\n                Philippe VANDROMME \/ Frederic VIVIER FRA \/ FRA FORD GT40 MKII 1967\r\n                <\/div><\/figure><figure class='gallery-item'>\r\n            <div class='gallery-icon landscape'>\r\n                <a href='https:\/\/www.supercars.net\/blog\/wp-content\/uploads\/2018\/05\/2018-Tour-Auto-Rally-10-1.jpg' class='tipi-lightbox'>\r\n\t\t\t\t<a href='https:\/\/www.supercars.net\/blog\/wp-content\/uploads\/2018\/05\/2018-Tour-Auto-Rally-10-1.jpg'><img decoding=\"async\" width=\"1150\" height=\"768\" src=\"https:\/\/www.supercars.net\/blog\/wp-content\/uploads\/2018\/05\/2018-Tour-Auto-Rally-10-1.jpg\" class=\"attachment-full size-full\" alt=\"\" srcset=\"https:\/\/www.supercars.net\/blog\/wp-content\/uploads\/2018\/05\/2018-Tour-Auto-Rally-10-1.jpg 1150w, https:\/\/www.supercars.net\/blog\/wp-content\/uploads\/2018\/05\/2018-Tour-Auto-Rally-10-1-300x200.jpg 300w, https:\/\/www.supercars.net\/blog\/wp-content\/uploads\/2018\/05\/2018-Tour-Auto-Rally-10-1-1024x684.jpg 1024w, https:\/\/www.supercars.net\/blog\/wp-content\/uploads\/2018\/05\/2018-Tour-Auto-Rally-10-1-100x67.jpg 100w, https:\/\/www.supercars.net\/blog\/wp-content\/uploads\/2018\/05\/2018-Tour-Auto-Rally-10-1-770x514.jpg 770w, https:\/\/www.supercars.net\/blog\/wp-content\/uploads\/2018\/05\/2018-Tour-Auto-Rally-10-1-360x240.jpg 360w, https:\/\/www.supercars.net\/blog\/wp-content\/uploads\/2018\/05\/2018-Tour-Auto-Rally-10-1-370x247.jpg 370w, https:\/\/www.supercars.net\/blog\/wp-content\/uploads\/2018\/05\/2018-Tour-Auto-Rally-10-1-293x196.jpg 293w\" sizes=\"(max-width: 1150px) 100vw, 1150px\" \/><\/a>\r\n\t\t\t\t<\/a>\r\n            <\/div>\r\n                <div class='wp-caption-text gallery-caption'>\r\n                Jean-Marc MERLIN \/ Sophie MERLIN FRA \/ FRA PORSCHE 911 2,5L ST Gr.IV 1972\r\n                <\/div><\/figure><figure class='gallery-item'>\r\n            <div class='gallery-icon landscape'>\r\n                <a href='https:\/\/www.supercars.net\/blog\/wp-content\/uploads\/2018\/05\/2018-Tour-Auto-Rally-11-1.jpg' class='tipi-lightbox'>\r\n\t\t\t\t<a href='https:\/\/www.supercars.net\/blog\/wp-content\/uploads\/2018\/05\/2018-Tour-Auto-Rally-11-1.jpg'><img decoding=\"async\" width=\"1150\" height=\"768\" src=\"https:\/\/www.supercars.net\/blog\/wp-content\/uploads\/2018\/05\/2018-Tour-Auto-Rally-11-1.jpg\" class=\"attachment-full size-full\" alt=\"\" srcset=\"https:\/\/www.supercars.net\/blog\/wp-content\/uploads\/2018\/05\/2018-Tour-Auto-Rally-11-1.jpg 1150w, https:\/\/www.supercars.net\/blog\/wp-content\/uploads\/2018\/05\/2018-Tour-Auto-Rally-11-1-300x200.jpg 300w, https:\/\/www.supercars.net\/blog\/wp-content\/uploads\/2018\/05\/2018-Tour-Auto-Rally-11-1-1024x684.jpg 1024w, https:\/\/www.supercars.net\/blog\/wp-content\/uploads\/2018\/05\/2018-Tour-Auto-Rally-11-1-100x67.jpg 100w, https:\/\/www.supercars.net\/blog\/wp-content\/uploads\/2018\/05\/2018-Tour-Auto-Rally-11-1-770x514.jpg 770w, https:\/\/www.supercars.net\/blog\/wp-content\/uploads\/2018\/05\/2018-Tour-Auto-Rally-11-1-360x240.jpg 360w, https:\/\/www.supercars.net\/blog\/wp-content\/uploads\/2018\/05\/2018-Tour-Auto-Rally-11-1-370x247.jpg 370w, https:\/\/www.supercars.net\/blog\/wp-content\/uploads\/2018\/05\/2018-Tour-Auto-Rally-11-1-293x196.jpg 293w\" sizes=\"(max-width: 1150px) 100vw, 1150px\" \/><\/a>\r\n\t\t\t\t<\/a>\r\n            <\/div>\r\n                <div class='wp-caption-text gallery-caption'>\r\n                Amaury LATHAM \/ Didier BAUD FRA \/ FRA FERRARI 308 Gr IV Michelotto 1976\r\n                <\/div><\/figure><figure class='gallery-item'>\r\n            <div class='gallery-icon landscape'>\r\n                <a href='https:\/\/www.supercars.net\/blog\/wp-content\/uploads\/2018\/05\/2018-Tour-Auto-Rally-12-1.jpg' class='tipi-lightbox'>\r\n\t\t\t\t<a href='https:\/\/www.supercars.net\/blog\/wp-content\/uploads\/2018\/05\/2018-Tour-Auto-Rally-12-1.jpg'><img decoding=\"async\" width=\"1150\" height=\"767\" src=\"https:\/\/www.supercars.net\/blog\/wp-content\/uploads\/2018\/05\/2018-Tour-Auto-Rally-12-1.jpg\" class=\"attachment-full size-full\" alt=\"\" srcset=\"https:\/\/www.supercars.net\/blog\/wp-content\/uploads\/2018\/05\/2018-Tour-Auto-Rally-12-1.jpg 1150w, https:\/\/www.supercars.net\/blog\/wp-content\/uploads\/2018\/05\/2018-Tour-Auto-Rally-12-1-300x200.jpg 300w, https:\/\/www.supercars.net\/blog\/wp-content\/uploads\/2018\/05\/2018-Tour-Auto-Rally-12-1-1024x683.jpg 1024w, https:\/\/www.supercars.net\/blog\/wp-content\/uploads\/2018\/05\/2018-Tour-Auto-Rally-12-1-100x67.jpg 100w, https:\/\/www.supercars.net\/blog\/wp-content\/uploads\/2018\/05\/2018-Tour-Auto-Rally-12-1-770x514.jpg 770w, https:\/\/www.supercars.net\/blog\/wp-content\/uploads\/2018\/05\/2018-Tour-Auto-Rally-12-1-360x240.jpg 360w, https:\/\/www.supercars.net\/blog\/wp-content\/uploads\/2018\/05\/2018-Tour-Auto-Rally-12-1-370x247.jpg 370w, https:\/\/www.supercars.net\/blog\/wp-content\/uploads\/2018\/05\/2018-Tour-Auto-Rally-12-1-293x195.jpg 293w\" sizes=\"(max-width: 1150px) 100vw, 1150px\" \/><\/a>\r\n\t\t\t\t<\/a>\r\n            <\/div>\r\n                <div class='wp-caption-text gallery-caption'>\r\n                Jean-Pierre LAJOURNADE \/ Christophe BOUCHET FRA \/ FRA JAGUAR Type E 3,8L 1962\r\n                <\/div><\/figure><figure class='gallery-item'>\r\n            <div class='gallery-icon landscape'>\r\n                <a href='https:\/\/www.supercars.net\/blog\/wp-content\/uploads\/2018\/05\/2018-Tour-Auto-Rally-13-1.jpg' class='tipi-lightbox'>\r\n\t\t\t\t<a href='https:\/\/www.supercars.net\/blog\/wp-content\/uploads\/2018\/05\/2018-Tour-Auto-Rally-13-1.jpg'><img decoding=\"async\" width=\"1150\" height=\"767\" src=\"https:\/\/www.supercars.net\/blog\/wp-content\/uploads\/2018\/05\/2018-Tour-Auto-Rally-13-1.jpg\" class=\"attachment-full size-full\" alt=\"\" srcset=\"https:\/\/www.supercars.net\/blog\/wp-content\/uploads\/2018\/05\/2018-Tour-Auto-Rally-13-1.jpg 1150w, https:\/\/www.supercars.net\/blog\/wp-content\/uploads\/2018\/05\/2018-Tour-Auto-Rally-13-1-300x200.jpg 300w, https:\/\/www.supercars.net\/blog\/wp-content\/uploads\/2018\/05\/2018-Tour-Auto-Rally-13-1-1024x683.jpg 1024w, https:\/\/www.supercars.net\/blog\/wp-content\/uploads\/2018\/05\/2018-Tour-Auto-Rally-13-1-100x67.jpg 100w, https:\/\/www.supercars.net\/blog\/wp-content\/uploads\/2018\/05\/2018-Tour-Auto-Rally-13-1-770x514.jpg 770w, https:\/\/www.supercars.net\/blog\/wp-content\/uploads\/2018\/05\/2018-Tour-Auto-Rally-13-1-360x240.jpg 360w, https:\/\/www.supercars.net\/blog\/wp-content\/uploads\/2018\/05\/2018-Tour-Auto-Rally-13-1-370x247.jpg 370w, https:\/\/www.supercars.net\/blog\/wp-content\/uploads\/2018\/05\/2018-Tour-Auto-Rally-13-1-293x195.jpg 293w\" sizes=\"(max-width: 1150px) 100vw, 1150px\" \/><\/a>\r\n\t\t\t\t<\/a>\r\n            <\/div>\r\n                <div class='wp-caption-text gallery-caption'>\r\n                Stephen LASRY \/ Marc-Edouard EYMERI FRA \/ FRA MORRIS Cooper S 1300 MKI 1964\r\n                <\/div><\/figure><figure class='gallery-item'>\r\n            <div class='gallery-icon landscape'>\r\n                <a href='https:\/\/www.supercars.net\/blog\/wp-content\/uploads\/2018\/05\/2018-Tour-Auto-Rally-14-1.jpg' class='tipi-lightbox'>\r\n\t\t\t\t<a href='https:\/\/www.supercars.net\/blog\/wp-content\/uploads\/2018\/05\/2018-Tour-Auto-Rally-14-1.jpg'><img decoding=\"async\" width=\"1150\" height=\"767\" src=\"https:\/\/www.supercars.net\/blog\/wp-content\/uploads\/2018\/05\/2018-Tour-Auto-Rally-14-1.jpg\" class=\"attachment-full size-full\" alt=\"\" srcset=\"https:\/\/www.supercars.net\/blog\/wp-content\/uploads\/2018\/05\/2018-Tour-Auto-Rally-14-1.jpg 1150w, https:\/\/www.supercars.net\/blog\/wp-content\/uploads\/2018\/05\/2018-Tour-Auto-Rally-14-1-300x200.jpg 300w, https:\/\/www.supercars.net\/blog\/wp-content\/uploads\/2018\/05\/2018-Tour-Auto-Rally-14-1-1024x683.jpg 1024w, https:\/\/www.supercars.net\/blog\/wp-content\/uploads\/2018\/05\/2018-Tour-Auto-Rally-14-1-100x67.jpg 100w, https:\/\/www.supercars.net\/blog\/wp-content\/uploads\/2018\/05\/2018-Tour-Auto-Rally-14-1-770x514.jpg 770w, https:\/\/www.supercars.net\/blog\/wp-content\/uploads\/2018\/05\/2018-Tour-Auto-Rally-14-1-360x240.jpg 360w, https:\/\/www.supercars.net\/blog\/wp-content\/uploads\/2018\/05\/2018-Tour-Auto-Rally-14-1-370x247.jpg 370w, https:\/\/www.supercars.net\/blog\/wp-content\/uploads\/2018\/05\/2018-Tour-Auto-Rally-14-1-293x195.jpg 293w\" sizes=\"(max-width: 1150px) 100vw, 1150px\" \/><\/a>\r\n\t\t\t\t<\/a>\r\n            <\/div>\r\n                <div class='wp-caption-text gallery-caption'>\r\n                Mikael LOK \/ Mathieu VEDRENNE FRA \/ FRA JAGUAR Type E 3,8L 1962\r\n                <\/div><\/figure><figure class='gallery-item'>\r\n            <div class='gallery-icon landscape'>\r\n                <a href='https:\/\/www.supercars.net\/blog\/wp-content\/uploads\/2018\/05\/2018-Tour-Auto-Rally-15-1.jpg' class='tipi-lightbox'>\r\n\t\t\t\t<a href='https:\/\/www.supercars.net\/blog\/wp-content\/uploads\/2018\/05\/2018-Tour-Auto-Rally-15-1.jpg'><img decoding=\"async\" width=\"1150\" height=\"767\" src=\"https:\/\/www.supercars.net\/blog\/wp-content\/uploads\/2018\/05\/2018-Tour-Auto-Rally-15-1.jpg\" class=\"attachment-full size-full\" alt=\"\" srcset=\"https:\/\/www.supercars.net\/blog\/wp-content\/uploads\/2018\/05\/2018-Tour-Auto-Rally-15-1.jpg 1150w, https:\/\/www.supercars.net\/blog\/wp-content\/uploads\/2018\/05\/2018-Tour-Auto-Rally-15-1-300x200.jpg 300w, https:\/\/www.supercars.net\/blog\/wp-content\/uploads\/2018\/05\/2018-Tour-Auto-Rally-15-1-1024x683.jpg 1024w, https:\/\/www.supercars.net\/blog\/wp-content\/uploads\/2018\/05\/2018-Tour-Auto-Rally-15-1-100x67.jpg 100w, https:\/\/www.supercars.net\/blog\/wp-content\/uploads\/2018\/05\/2018-Tour-Auto-Rally-15-1-770x514.jpg 770w, https:\/\/www.supercars.net\/blog\/wp-content\/uploads\/2018\/05\/2018-Tour-Auto-Rally-15-1-360x240.jpg 360w, https:\/\/www.supercars.net\/blog\/wp-content\/uploads\/2018\/05\/2018-Tour-Auto-Rally-15-1-370x247.jpg 370w, https:\/\/www.supercars.net\/blog\/wp-content\/uploads\/2018\/05\/2018-Tour-Auto-Rally-15-1-293x195.jpg 293w\" sizes=\"(max-width: 1150px) 100vw, 1150px\" \/><\/a>\r\n\t\t\t\t<\/a>\r\n            <\/div>\r\n                <div class='wp-caption-text gallery-caption'>\r\n                Timm MEINRENKEN \/ Fynn SCHRODER DEU \/ DEU ALFA ROMEO 1750 GTAM 1968\r\n                <\/div><\/figure><figure class='gallery-item'>\r\n            <div class='gallery-icon landscape'>\r\n                <a href='https:\/\/www.supercars.net\/blog\/wp-content\/uploads\/2018\/05\/2018-Tour-Auto-Rally-16-1.jpg' class='tipi-lightbox'>\r\n\t\t\t\t<a href='https:\/\/www.supercars.net\/blog\/wp-content\/uploads\/2018\/05\/2018-Tour-Auto-Rally-16-1.jpg'><img decoding=\"async\" width=\"1150\" height=\"767\" src=\"https:\/\/www.supercars.net\/blog\/wp-content\/uploads\/2018\/05\/2018-Tour-Auto-Rally-16-1.jpg\" class=\"attachment-full size-full\" alt=\"\" srcset=\"https:\/\/www.supercars.net\/blog\/wp-content\/uploads\/2018\/05\/2018-Tour-Auto-Rally-16-1.jpg 1150w, https:\/\/www.supercars.net\/blog\/wp-content\/uploads\/2018\/05\/2018-Tour-Auto-Rally-16-1-300x200.jpg 300w, https:\/\/www.supercars.net\/blog\/wp-content\/uploads\/2018\/05\/2018-Tour-Auto-Rally-16-1-1024x683.jpg 1024w, https:\/\/www.supercars.net\/blog\/wp-content\/uploads\/2018\/05\/2018-Tour-Auto-Rally-16-1-100x67.jpg 100w, https:\/\/www.supercars.net\/blog\/wp-content\/uploads\/2018\/05\/2018-Tour-Auto-Rally-16-1-770x514.jpg 770w, https:\/\/www.supercars.net\/blog\/wp-content\/uploads\/2018\/05\/2018-Tour-Auto-Rally-16-1-360x240.jpg 360w, https:\/\/www.supercars.net\/blog\/wp-content\/uploads\/2018\/05\/2018-Tour-Auto-Rally-16-1-370x247.jpg 370w, https:\/\/www.supercars.net\/blog\/wp-content\/uploads\/2018\/05\/2018-Tour-Auto-Rally-16-1-293x195.jpg 293w\" sizes=\"(max-width: 1150px) 100vw, 1150px\" \/><\/a>\r\n\t\t\t\t<\/a>\r\n            <\/div>\r\n                <div class='wp-caption-text gallery-caption'>\r\n                Philippe VANDROMME \/ Frederic VIVIER FRA \/ FRA FORD GT40 MKII 1967\r\n                <\/div><\/figure><figure class='gallery-item'>\r\n            <div class='gallery-icon landscape'>\r\n                <a href='https:\/\/www.supercars.net\/blog\/wp-content\/uploads\/2018\/05\/2018-Tour-Auto-Rally-17-1.jpg' class='tipi-lightbox'>\r\n\t\t\t\t<a href='https:\/\/www.supercars.net\/blog\/wp-content\/uploads\/2018\/05\/2018-Tour-Auto-Rally-17-1.jpg'><img decoding=\"async\" width=\"1150\" height=\"767\" src=\"https:\/\/www.supercars.net\/blog\/wp-content\/uploads\/2018\/05\/2018-Tour-Auto-Rally-17-1.jpg\" class=\"attachment-full size-full\" alt=\"\" srcset=\"https:\/\/www.supercars.net\/blog\/wp-content\/uploads\/2018\/05\/2018-Tour-Auto-Rally-17-1.jpg 1150w, https:\/\/www.supercars.net\/blog\/wp-content\/uploads\/2018\/05\/2018-Tour-Auto-Rally-17-1-300x200.jpg 300w, https:\/\/www.supercars.net\/blog\/wp-content\/uploads\/2018\/05\/2018-Tour-Auto-Rally-17-1-1024x683.jpg 1024w, https:\/\/www.supercars.net\/blog\/wp-content\/uploads\/2018\/05\/2018-Tour-Auto-Rally-17-1-100x67.jpg 100w, https:\/\/www.supercars.net\/blog\/wp-content\/uploads\/2018\/05\/2018-Tour-Auto-Rally-17-1-770x514.jpg 770w, https:\/\/www.supercars.net\/blog\/wp-content\/uploads\/2018\/05\/2018-Tour-Auto-Rally-17-1-360x240.jpg 360w, https:\/\/www.supercars.net\/blog\/wp-content\/uploads\/2018\/05\/2018-Tour-Auto-Rally-17-1-370x247.jpg 370w, https:\/\/www.supercars.net\/blog\/wp-content\/uploads\/2018\/05\/2018-Tour-Auto-Rally-17-1-293x195.jpg 293w\" sizes=\"(max-width: 1150px) 100vw, 1150px\" \/><\/a>\r\n\t\t\t\t<\/a>\r\n            <\/div>\r\n                <div class='wp-caption-text gallery-caption'>\r\n                Ralf HUBER GUTIERREZ \/ Valerie DOT CHE \/ FRA SHELBY Cobra 289 1964\r\n                <\/div><\/figure><figure class='gallery-item'>\r\n            <div class='gallery-icon landscape'>\r\n                <a href='https:\/\/www.supercars.net\/blog\/wp-content\/uploads\/2018\/05\/2018-Tour-Auto-Rally-18-1.jpg' class='tipi-lightbox'>\r\n\t\t\t\t<a href='https:\/\/www.supercars.net\/blog\/wp-content\/uploads\/2018\/05\/2018-Tour-Auto-Rally-18-1.jpg'><img decoding=\"async\" width=\"1150\" height=\"767\" src=\"https:\/\/www.supercars.net\/blog\/wp-content\/uploads\/2018\/05\/2018-Tour-Auto-Rally-18-1.jpg\" class=\"attachment-full size-full\" alt=\"\" srcset=\"https:\/\/www.supercars.net\/blog\/wp-content\/uploads\/2018\/05\/2018-Tour-Auto-Rally-18-1.jpg 1150w, https:\/\/www.supercars.net\/blog\/wp-content\/uploads\/2018\/05\/2018-Tour-Auto-Rally-18-1-300x200.jpg 300w, https:\/\/www.supercars.net\/blog\/wp-content\/uploads\/2018\/05\/2018-Tour-Auto-Rally-18-1-1024x683.jpg 1024w, https:\/\/www.supercars.net\/blog\/wp-content\/uploads\/2018\/05\/2018-Tour-Auto-Rally-18-1-100x67.jpg 100w, https:\/\/www.supercars.net\/blog\/wp-content\/uploads\/2018\/05\/2018-Tour-Auto-Rally-18-1-770x514.jpg 770w, https:\/\/www.supercars.net\/blog\/wp-content\/uploads\/2018\/05\/2018-Tour-Auto-Rally-18-1-360x240.jpg 360w, https:\/\/www.supercars.net\/blog\/wp-content\/uploads\/2018\/05\/2018-Tour-Auto-Rally-18-1-370x247.jpg 370w, https:\/\/www.supercars.net\/blog\/wp-content\/uploads\/2018\/05\/2018-Tour-Auto-Rally-18-1-293x195.jpg 293w\" sizes=\"(max-width: 1150px) 100vw, 1150px\" \/><\/a>\r\n\t\t\t\t<\/a>\r\n            <\/div>\r\n                <div class='wp-caption-text gallery-caption'>\r\n                Mikael LOK \/ Mathieu VEDRENNE FRA \/ FRA JAGUAR Type E 3,8L 1962\r\n                <\/div><\/figure><figure class='gallery-item'>\r\n            <div class='gallery-icon landscape'>\r\n                <a href='https:\/\/www.supercars.net\/blog\/wp-content\/uploads\/2018\/05\/2018-Tour-Auto-Rally-19-1.jpg' class='tipi-lightbox'>\r\n\t\t\t\t<a href='https:\/\/www.supercars.net\/blog\/wp-content\/uploads\/2018\/05\/2018-Tour-Auto-Rally-19-1.jpg'><img decoding=\"async\" width=\"1150\" height=\"767\" src=\"https:\/\/www.supercars.net\/blog\/wp-content\/uploads\/2018\/05\/2018-Tour-Auto-Rally-19-1.jpg\" class=\"attachment-full size-full\" alt=\"\" srcset=\"https:\/\/www.supercars.net\/blog\/wp-content\/uploads\/2018\/05\/2018-Tour-Auto-Rally-19-1.jpg 1150w, https:\/\/www.supercars.net\/blog\/wp-content\/uploads\/2018\/05\/2018-Tour-Auto-Rally-19-1-300x200.jpg 300w, https:\/\/www.supercars.net\/blog\/wp-content\/uploads\/2018\/05\/2018-Tour-Auto-Rally-19-1-1024x683.jpg 1024w, https:\/\/www.supercars.net\/blog\/wp-content\/uploads\/2018\/05\/2018-Tour-Auto-Rally-19-1-100x67.jpg 100w, https:\/\/www.supercars.net\/blog\/wp-content\/uploads\/2018\/05\/2018-Tour-Auto-Rally-19-1-770x514.jpg 770w, https:\/\/www.supercars.net\/blog\/wp-content\/uploads\/2018\/05\/2018-Tour-Auto-Rally-19-1-360x240.jpg 360w, https:\/\/www.supercars.net\/blog\/wp-content\/uploads\/2018\/05\/2018-Tour-Auto-Rally-19-1-370x247.jpg 370w, https:\/\/www.supercars.net\/blog\/wp-content\/uploads\/2018\/05\/2018-Tour-Auto-Rally-19-1-293x195.jpg 293w\" sizes=\"(max-width: 1150px) 100vw, 1150px\" \/><\/a>\r\n\t\t\t\t<\/a>\r\n            <\/div>\r\n                <div class='wp-caption-text gallery-caption'>\r\n                Patrice GRAS \/ Daniel FARGEOT FRA \/ FRA FORD Mustang 1967\r\n                <\/div><\/figure><figure class='gallery-item'>\r\n            <div class='gallery-icon landscape'>\r\n                <a href='https:\/\/www.supercars.net\/blog\/wp-content\/uploads\/2018\/05\/2018-Tour-Auto-Rally-20-1.jpg' class='tipi-lightbox'>\r\n\t\t\t\t<a href='https:\/\/www.supercars.net\/blog\/wp-content\/uploads\/2018\/05\/2018-Tour-Auto-Rally-20-1.jpg'><img decoding=\"async\" width=\"1150\" height=\"767\" src=\"https:\/\/www.supercars.net\/blog\/wp-content\/uploads\/2018\/05\/2018-Tour-Auto-Rally-20-1.jpg\" class=\"attachment-full size-full\" alt=\"\" srcset=\"https:\/\/www.supercars.net\/blog\/wp-content\/uploads\/2018\/05\/2018-Tour-Auto-Rally-20-1.jpg 1150w, https:\/\/www.supercars.net\/blog\/wp-content\/uploads\/2018\/05\/2018-Tour-Auto-Rally-20-1-300x200.jpg 300w, https:\/\/www.supercars.net\/blog\/wp-content\/uploads\/2018\/05\/2018-Tour-Auto-Rally-20-1-1024x683.jpg 1024w, https:\/\/www.supercars.net\/blog\/wp-content\/uploads\/2018\/05\/2018-Tour-Auto-Rally-20-1-100x67.jpg 100w, https:\/\/www.supercars.net\/blog\/wp-content\/uploads\/2018\/05\/2018-Tour-Auto-Rally-20-1-770x514.jpg 770w, https:\/\/www.supercars.net\/blog\/wp-content\/uploads\/2018\/05\/2018-Tour-Auto-Rally-20-1-360x240.jpg 360w, https:\/\/www.supercars.net\/blog\/wp-content\/uploads\/2018\/05\/2018-Tour-Auto-Rally-20-1-370x247.jpg 370w, https:\/\/www.supercars.net\/blog\/wp-content\/uploads\/2018\/05\/2018-Tour-Auto-Rally-20-1-293x195.jpg 293w\" sizes=\"(max-width: 1150px) 100vw, 1150px\" \/><\/a>\r\n\t\t\t\t<\/a>\r\n            <\/div>\r\n                <div class='wp-caption-text gallery-caption'>\r\n                FERRARI 308 Gr IV Michelotto 1980\r\n                <\/div><\/figure><figure class='gallery-item'>\r\n            <div class='gallery-icon landscape'>\r\n                <a href='https:\/\/www.supercars.net\/blog\/wp-content\/uploads\/2018\/05\/2018-Tour-Auto-Rally-21-1.jpg' class='tipi-lightbox'>\r\n\t\t\t\t<a href='https:\/\/www.supercars.net\/blog\/wp-content\/uploads\/2018\/05\/2018-Tour-Auto-Rally-21-1.jpg'><img decoding=\"async\" width=\"1150\" height=\"767\" src=\"https:\/\/www.supercars.net\/blog\/wp-content\/uploads\/2018\/05\/2018-Tour-Auto-Rally-21-1.jpg\" class=\"attachment-full size-full\" alt=\"\" srcset=\"https:\/\/www.supercars.net\/blog\/wp-content\/uploads\/2018\/05\/2018-Tour-Auto-Rally-21-1.jpg 1150w, https:\/\/www.supercars.net\/blog\/wp-content\/uploads\/2018\/05\/2018-Tour-Auto-Rally-21-1-300x200.jpg 300w, https:\/\/www.supercars.net\/blog\/wp-content\/uploads\/2018\/05\/2018-Tour-Auto-Rally-21-1-1024x683.jpg 1024w, https:\/\/www.supercars.net\/blog\/wp-content\/uploads\/2018\/05\/2018-Tour-Auto-Rally-21-1-100x67.jpg 100w, https:\/\/www.supercars.net\/blog\/wp-content\/uploads\/2018\/05\/2018-Tour-Auto-Rally-21-1-770x514.jpg 770w, https:\/\/www.supercars.net\/blog\/wp-content\/uploads\/2018\/05\/2018-Tour-Auto-Rally-21-1-360x240.jpg 360w, https:\/\/www.supercars.net\/blog\/wp-content\/uploads\/2018\/05\/2018-Tour-Auto-Rally-21-1-370x247.jpg 370w, https:\/\/www.supercars.net\/blog\/wp-content\/uploads\/2018\/05\/2018-Tour-Auto-Rally-21-1-293x195.jpg 293w\" sizes=\"(max-width: 1150px) 100vw, 1150px\" \/><\/a>\r\n\t\t\t\t<\/a>\r\n            <\/div>\r\n                <div class='wp-caption-text gallery-caption'>\r\n                Jean-Marc MERLIN \/ Sophie MERLIN FRA \/ FRA PORSCHE 911 2,5L ST Gr.IV 1972\r\n                <\/div><\/figure><figure class='gallery-item'>\r\n            <div class='gallery-icon landscape'>\r\n                <a href='https:\/\/www.supercars.net\/blog\/wp-content\/uploads\/2018\/05\/2018-Tour-Auto-Rally-22-1.jpg' class='tipi-lightbox'>\r\n\t\t\t\t<a href='https:\/\/www.supercars.net\/blog\/wp-content\/uploads\/2018\/05\/2018-Tour-Auto-Rally-22-1.jpg'><img decoding=\"async\" width=\"1150\" height=\"767\" src=\"https:\/\/www.supercars.net\/blog\/wp-content\/uploads\/2018\/05\/2018-Tour-Auto-Rally-22-1.jpg\" class=\"attachment-full size-full\" alt=\"\" srcset=\"https:\/\/www.supercars.net\/blog\/wp-content\/uploads\/2018\/05\/2018-Tour-Auto-Rally-22-1.jpg 1150w, https:\/\/www.supercars.net\/blog\/wp-content\/uploads\/2018\/05\/2018-Tour-Auto-Rally-22-1-300x200.jpg 300w, https:\/\/www.supercars.net\/blog\/wp-content\/uploads\/2018\/05\/2018-Tour-Auto-Rally-22-1-1024x683.jpg 1024w, https:\/\/www.supercars.net\/blog\/wp-content\/uploads\/2018\/05\/2018-Tour-Auto-Rally-22-1-100x67.jpg 100w, https:\/\/www.supercars.net\/blog\/wp-content\/uploads\/2018\/05\/2018-Tour-Auto-Rally-22-1-770x514.jpg 770w, https:\/\/www.supercars.net\/blog\/wp-content\/uploads\/2018\/05\/2018-Tour-Auto-Rally-22-1-360x240.jpg 360w, https:\/\/www.supercars.net\/blog\/wp-content\/uploads\/2018\/05\/2018-Tour-Auto-Rally-22-1-370x247.jpg 370w, https:\/\/www.supercars.net\/blog\/wp-content\/uploads\/2018\/05\/2018-Tour-Auto-Rally-22-1-293x195.jpg 293w\" sizes=\"(max-width: 1150px) 100vw, 1150px\" \/><\/a>\r\n\t\t\t\t<\/a>\r\n            <\/div>\r\n                <div class='wp-caption-text gallery-caption'>\r\n                Stephane MOREAU \/ Emmanuel DURAND FRA \/ FRA MG B 1964\r\n                <\/div><\/figure><figure class='gallery-item'>\r\n            <div class='gallery-icon landscape'>\r\n                <a href='https:\/\/www.supercars.net\/blog\/wp-content\/uploads\/2018\/05\/2018-Tour-Auto-Rally-23-1.jpg' class='tipi-lightbox'>\r\n\t\t\t\t<a href='https:\/\/www.supercars.net\/blog\/wp-content\/uploads\/2018\/05\/2018-Tour-Auto-Rally-23-1.jpg'><img decoding=\"async\" width=\"1150\" height=\"767\" src=\"https:\/\/www.supercars.net\/blog\/wp-content\/uploads\/2018\/05\/2018-Tour-Auto-Rally-23-1.jpg\" class=\"attachment-full size-full\" alt=\"\" srcset=\"https:\/\/www.supercars.net\/blog\/wp-content\/uploads\/2018\/05\/2018-Tour-Auto-Rally-23-1.jpg 1150w, https:\/\/www.supercars.net\/blog\/wp-content\/uploads\/2018\/05\/2018-Tour-Auto-Rally-23-1-300x200.jpg 300w, https:\/\/www.supercars.net\/blog\/wp-content\/uploads\/2018\/05\/2018-Tour-Auto-Rally-23-1-1024x683.jpg 1024w, https:\/\/www.supercars.net\/blog\/wp-content\/uploads\/2018\/05\/2018-Tour-Auto-Rally-23-1-100x67.jpg 100w, https:\/\/www.supercars.net\/blog\/wp-content\/uploads\/2018\/05\/2018-Tour-Auto-Rally-23-1-770x514.jpg 770w, https:\/\/www.supercars.net\/blog\/wp-content\/uploads\/2018\/05\/2018-Tour-Auto-Rally-23-1-360x240.jpg 360w, https:\/\/www.supercars.net\/blog\/wp-content\/uploads\/2018\/05\/2018-Tour-Auto-Rally-23-1-370x247.jpg 370w, https:\/\/www.supercars.net\/blog\/wp-content\/uploads\/2018\/05\/2018-Tour-Auto-Rally-23-1-293x195.jpg 293w\" sizes=\"(max-width: 1150px) 100vw, 1150px\" \/><\/a>\r\n\t\t\t\t<\/a>\r\n            <\/div>\r\n                <div class='wp-caption-text gallery-caption'>\r\n                Jean-Francois PENILLARD \/ Chloe PENILLARD FRA \/ FRA PORSCHE 356 Pre A 1954\r\n                <\/div><\/figure><figure class='gallery-item'>\r\n            <div class='gallery-icon landscape'>\r\n                <a href='https:\/\/www.supercars.net\/blog\/wp-content\/uploads\/2018\/05\/2018-Tour-Auto-Rally-24-1.jpg' class='tipi-lightbox'>\r\n\t\t\t\t<a href='https:\/\/www.supercars.net\/blog\/wp-content\/uploads\/2018\/05\/2018-Tour-Auto-Rally-24-1.jpg'><img decoding=\"async\" width=\"1150\" height=\"767\" src=\"https:\/\/www.supercars.net\/blog\/wp-content\/uploads\/2018\/05\/2018-Tour-Auto-Rally-24-1.jpg\" class=\"attachment-full size-full\" alt=\"\" srcset=\"https:\/\/www.supercars.net\/blog\/wp-content\/uploads\/2018\/05\/2018-Tour-Auto-Rally-24-1.jpg 1150w, https:\/\/www.supercars.net\/blog\/wp-content\/uploads\/2018\/05\/2018-Tour-Auto-Rally-24-1-300x200.jpg 300w, https:\/\/www.supercars.net\/blog\/wp-content\/uploads\/2018\/05\/2018-Tour-Auto-Rally-24-1-1024x683.jpg 1024w, https:\/\/www.supercars.net\/blog\/wp-content\/uploads\/2018\/05\/2018-Tour-Auto-Rally-24-1-100x67.jpg 100w, https:\/\/www.supercars.net\/blog\/wp-content\/uploads\/2018\/05\/2018-Tour-Auto-Rally-24-1-770x514.jpg 770w, https:\/\/www.supercars.net\/blog\/wp-content\/uploads\/2018\/05\/2018-Tour-Auto-Rally-24-1-360x240.jpg 360w, https:\/\/www.supercars.net\/blog\/wp-content\/uploads\/2018\/05\/2018-Tour-Auto-Rally-24-1-370x247.jpg 370w, https:\/\/www.supercars.net\/blog\/wp-content\/uploads\/2018\/05\/2018-Tour-Auto-Rally-24-1-293x195.jpg 293w\" sizes=\"(max-width: 1150px) 100vw, 1150px\" \/><\/a>\r\n\t\t\t\t<\/a>\r\n            <\/div>\r\n                <div class='wp-caption-text gallery-caption'>\r\n                Gilles COURAUDON \/ Marielle COURAUDON FRA \/ FRA PORSCHE 356 Pre A 1954\r\n                <\/div><\/figure><figure class='gallery-item'>\r\n            <div class='gallery-icon landscape'>\r\n                <a href='https:\/\/www.supercars.net\/blog\/wp-content\/uploads\/2018\/05\/2018-Tour-Auto-Rally-25-1.jpg' class='tipi-lightbox'>\r\n\t\t\t\t<a href='https:\/\/www.supercars.net\/blog\/wp-content\/uploads\/2018\/05\/2018-Tour-Auto-Rally-25-1.jpg'><img decoding=\"async\" width=\"1150\" height=\"767\" src=\"https:\/\/www.supercars.net\/blog\/wp-content\/uploads\/2018\/05\/2018-Tour-Auto-Rally-25-1.jpg\" class=\"attachment-full size-full\" alt=\"\" srcset=\"https:\/\/www.supercars.net\/blog\/wp-content\/uploads\/2018\/05\/2018-Tour-Auto-Rally-25-1.jpg 1150w, https:\/\/www.supercars.net\/blog\/wp-content\/uploads\/2018\/05\/2018-Tour-Auto-Rally-25-1-300x200.jpg 300w, https:\/\/www.supercars.net\/blog\/wp-content\/uploads\/2018\/05\/2018-Tour-Auto-Rally-25-1-1024x683.jpg 1024w, https:\/\/www.supercars.net\/blog\/wp-content\/uploads\/2018\/05\/2018-Tour-Auto-Rally-25-1-100x67.jpg 100w, https:\/\/www.supercars.net\/blog\/wp-content\/uploads\/2018\/05\/2018-Tour-Auto-Rally-25-1-770x514.jpg 770w, https:\/\/www.supercars.net\/blog\/wp-content\/uploads\/2018\/05\/2018-Tour-Auto-Rally-25-1-360x240.jpg 360w, https:\/\/www.supercars.net\/blog\/wp-content\/uploads\/2018\/05\/2018-Tour-Auto-Rally-25-1-370x247.jpg 370w, https:\/\/www.supercars.net\/blog\/wp-content\/uploads\/2018\/05\/2018-Tour-Auto-Rally-25-1-293x195.jpg 293w\" sizes=\"(max-width: 1150px) 100vw, 1150px\" \/><\/a>\r\n\t\t\t\t<\/a>\r\n            <\/div>\r\n                <div class='wp-caption-text gallery-caption'>\r\n                Jean-Marie FABRE \/ Mathieu PLANCHON FRA \/ FRA AUSTIN HEALEY 100\/4 1956\r\n                <\/div><\/figure><figure class='gallery-item'>\r\n            <div class='gallery-icon landscape'>\r\n                <a href='https:\/\/www.supercars.net\/blog\/wp-content\/uploads\/2018\/05\/2018-Tour-Auto-Rally-26-1.jpg' class='tipi-lightbox'>\r\n\t\t\t\t<a href='https:\/\/www.supercars.net\/blog\/wp-content\/uploads\/2018\/05\/2018-Tour-Auto-Rally-26-1.jpg'><img decoding=\"async\" width=\"1150\" height=\"767\" src=\"https:\/\/www.supercars.net\/blog\/wp-content\/uploads\/2018\/05\/2018-Tour-Auto-Rally-26-1.jpg\" class=\"attachment-full size-full\" alt=\"\" srcset=\"https:\/\/www.supercars.net\/blog\/wp-content\/uploads\/2018\/05\/2018-Tour-Auto-Rally-26-1.jpg 1150w, https:\/\/www.supercars.net\/blog\/wp-content\/uploads\/2018\/05\/2018-Tour-Auto-Rally-26-1-300x200.jpg 300w, https:\/\/www.supercars.net\/blog\/wp-content\/uploads\/2018\/05\/2018-Tour-Auto-Rally-26-1-1024x683.jpg 1024w, https:\/\/www.supercars.net\/blog\/wp-content\/uploads\/2018\/05\/2018-Tour-Auto-Rally-26-1-100x67.jpg 100w, https:\/\/www.supercars.net\/blog\/wp-content\/uploads\/2018\/05\/2018-Tour-Auto-Rally-26-1-770x514.jpg 770w, https:\/\/www.supercars.net\/blog\/wp-content\/uploads\/2018\/05\/2018-Tour-Auto-Rally-26-1-360x240.jpg 360w, https:\/\/www.supercars.net\/blog\/wp-content\/uploads\/2018\/05\/2018-Tour-Auto-Rally-26-1-370x247.jpg 370w, https:\/\/www.supercars.net\/blog\/wp-content\/uploads\/2018\/05\/2018-Tour-Auto-Rally-26-1-293x195.jpg 293w\" sizes=\"(max-width: 1150px) 100vw, 1150px\" \/><\/a>\r\n\t\t\t\t<\/a>\r\n            <\/div>\r\n                <div class='wp-caption-text gallery-caption'>\r\n                Sebastien BERCHON \/ Julien CHADENET FRA \/ FRA AUSTIN HEALEY 100\/4 1956\r\n                <\/div><\/figure><figure class='gallery-item'>\r\n            <div class='gallery-icon landscape'>\r\n                <a href='https:\/\/www.supercars.net\/blog\/wp-content\/uploads\/2018\/05\/2018-Tour-Auto-Rally-27-1.jpg' class='tipi-lightbox'>\r\n\t\t\t\t<a href='https:\/\/www.supercars.net\/blog\/wp-content\/uploads\/2018\/05\/2018-Tour-Auto-Rally-27-1.jpg'><img decoding=\"async\" width=\"1150\" height=\"767\" src=\"https:\/\/www.supercars.net\/blog\/wp-content\/uploads\/2018\/05\/2018-Tour-Auto-Rally-27-1.jpg\" class=\"attachment-full size-full\" alt=\"\" srcset=\"https:\/\/www.supercars.net\/blog\/wp-content\/uploads\/2018\/05\/2018-Tour-Auto-Rally-27-1.jpg 1150w, https:\/\/www.supercars.net\/blog\/wp-content\/uploads\/2018\/05\/2018-Tour-Auto-Rally-27-1-300x200.jpg 300w, https:\/\/www.supercars.net\/blog\/wp-content\/uploads\/2018\/05\/2018-Tour-Auto-Rally-27-1-1024x683.jpg 1024w, https:\/\/www.supercars.net\/blog\/wp-content\/uploads\/2018\/05\/2018-Tour-Auto-Rally-27-1-100x67.jpg 100w, https:\/\/www.supercars.net\/blog\/wp-content\/uploads\/2018\/05\/2018-Tour-Auto-Rally-27-1-770x514.jpg 770w, https:\/\/www.supercars.net\/blog\/wp-content\/uploads\/2018\/05\/2018-Tour-Auto-Rally-27-1-360x240.jpg 360w, https:\/\/www.supercars.net\/blog\/wp-content\/uploads\/2018\/05\/2018-Tour-Auto-Rally-27-1-370x247.jpg 370w, https:\/\/www.supercars.net\/blog\/wp-content\/uploads\/2018\/05\/2018-Tour-Auto-Rally-27-1-293x195.jpg 293w\" sizes=\"(max-width: 1150px) 100vw, 1150px\" \/><\/a>\r\n\t\t\t\t<\/a>\r\n            <\/div>\r\n                <div class='wp-caption-text gallery-caption'>\r\n                Philippe BELIN \/ Dominique ROSELLO FRA \/ FRA AUSTIN Cooper S 1300 1968\r\n                <\/div><\/figure><figure class='gallery-item'>\r\n            <div class='gallery-icon landscape'>\r\n                <a href='https:\/\/www.supercars.net\/blog\/wp-content\/uploads\/2018\/05\/2018-Tour-Auto-Rally-28-1.jpg' class='tipi-lightbox'>\r\n\t\t\t\t<a href='https:\/\/www.supercars.net\/blog\/wp-content\/uploads\/2018\/05\/2018-Tour-Auto-Rally-28-1.jpg'><img decoding=\"async\" width=\"1150\" height=\"767\" src=\"https:\/\/www.supercars.net\/blog\/wp-content\/uploads\/2018\/05\/2018-Tour-Auto-Rally-28-1.jpg\" class=\"attachment-full size-full\" alt=\"\" srcset=\"https:\/\/www.supercars.net\/blog\/wp-content\/uploads\/2018\/05\/2018-Tour-Auto-Rally-28-1.jpg 1150w, https:\/\/www.supercars.net\/blog\/wp-content\/uploads\/2018\/05\/2018-Tour-Auto-Rally-28-1-300x200.jpg 300w, https:\/\/www.supercars.net\/blog\/wp-content\/uploads\/2018\/05\/2018-Tour-Auto-Rally-28-1-1024x683.jpg 1024w, https:\/\/www.supercars.net\/blog\/wp-content\/uploads\/2018\/05\/2018-Tour-Auto-Rally-28-1-100x67.jpg 100w, https:\/\/www.supercars.net\/blog\/wp-content\/uploads\/2018\/05\/2018-Tour-Auto-Rally-28-1-770x514.jpg 770w, https:\/\/www.supercars.net\/blog\/wp-content\/uploads\/2018\/05\/2018-Tour-Auto-Rally-28-1-360x240.jpg 360w, https:\/\/www.supercars.net\/blog\/wp-content\/uploads\/2018\/05\/2018-Tour-Auto-Rally-28-1-370x247.jpg 370w, https:\/\/www.supercars.net\/blog\/wp-content\/uploads\/2018\/05\/2018-Tour-Auto-Rally-28-1-293x195.jpg 293w\" sizes=\"(max-width: 1150px) 100vw, 1150px\" \/><\/a>\r\n\t\t\t\t<\/a>\r\n            <\/div>\r\n                <div class='wp-caption-text gallery-caption'>\r\n                Olivier MAZOYER \/ Rachid EL BAKKOURI FRA \/ FRA MG A 1959\r\n                <\/div><\/figure><figure class='gallery-item'>\r\n            <div class='gallery-icon landscape'>\r\n                <a href='https:\/\/www.supercars.net\/blog\/wp-content\/uploads\/2018\/05\/2018-Tour-Auto-Rally-29-1.jpg' class='tipi-lightbox'>\r\n\t\t\t\t<a href='https:\/\/www.supercars.net\/blog\/wp-content\/uploads\/2018\/05\/2018-Tour-Auto-Rally-29-1.jpg'><img decoding=\"async\" width=\"1150\" height=\"767\" src=\"https:\/\/www.supercars.net\/blog\/wp-content\/uploads\/2018\/05\/2018-Tour-Auto-Rally-29-1.jpg\" class=\"attachment-full size-full\" alt=\"\" srcset=\"https:\/\/www.supercars.net\/blog\/wp-content\/uploads\/2018\/05\/2018-Tour-Auto-Rally-29-1.jpg 1150w, https:\/\/www.supercars.net\/blog\/wp-content\/uploads\/2018\/05\/2018-Tour-Auto-Rally-29-1-300x200.jpg 300w, https:\/\/www.supercars.net\/blog\/wp-content\/uploads\/2018\/05\/2018-Tour-Auto-Rally-29-1-1024x683.jpg 1024w, https:\/\/www.supercars.net\/blog\/wp-content\/uploads\/2018\/05\/2018-Tour-Auto-Rally-29-1-100x67.jpg 100w, https:\/\/www.supercars.net\/blog\/wp-content\/uploads\/2018\/05\/2018-Tour-Auto-Rally-29-1-770x514.jpg 770w, https:\/\/www.supercars.net\/blog\/wp-content\/uploads\/2018\/05\/2018-Tour-Auto-Rally-29-1-360x240.jpg 360w, https:\/\/www.supercars.net\/blog\/wp-content\/uploads\/2018\/05\/2018-Tour-Auto-Rally-29-1-370x247.jpg 370w, https:\/\/www.supercars.net\/blog\/wp-content\/uploads\/2018\/05\/2018-Tour-Auto-Rally-29-1-293x195.jpg 293w\" sizes=\"(max-width: 1150px) 100vw, 1150px\" \/><\/a>\r\n\t\t\t\t<\/a>\r\n            <\/div>\r\n                <div class='wp-caption-text gallery-caption'>\r\n                Laurent DESPLACES \/ Marion DESPLACES FRA \/ FRA FERRARI 275 GTB 1966\r\n                <\/div><\/figure><figure class='gallery-item'>\r\n            <div class='gallery-icon landscape'>\r\n                <a href='https:\/\/www.supercars.net\/blog\/wp-content\/uploads\/2018\/05\/2018-Tour-Auto-Rally-30-1.jpg' class='tipi-lightbox'>\r\n\t\t\t\t<a href='https:\/\/www.supercars.net\/blog\/wp-content\/uploads\/2018\/05\/2018-Tour-Auto-Rally-30-1.jpg'><img decoding=\"async\" width=\"1150\" height=\"767\" src=\"https:\/\/www.supercars.net\/blog\/wp-content\/uploads\/2018\/05\/2018-Tour-Auto-Rally-30-1.jpg\" class=\"attachment-full size-full\" alt=\"\" srcset=\"https:\/\/www.supercars.net\/blog\/wp-content\/uploads\/2018\/05\/2018-Tour-Auto-Rally-30-1.jpg 1150w, https:\/\/www.supercars.net\/blog\/wp-content\/uploads\/2018\/05\/2018-Tour-Auto-Rally-30-1-300x200.jpg 300w, https:\/\/www.supercars.net\/blog\/wp-content\/uploads\/2018\/05\/2018-Tour-Auto-Rally-30-1-1024x683.jpg 1024w, https:\/\/www.supercars.net\/blog\/wp-content\/uploads\/2018\/05\/2018-Tour-Auto-Rally-30-1-100x67.jpg 100w, https:\/\/www.supercars.net\/blog\/wp-content\/uploads\/2018\/05\/2018-Tour-Auto-Rally-30-1-770x514.jpg 770w, https:\/\/www.supercars.net\/blog\/wp-content\/uploads\/2018\/05\/2018-Tour-Auto-Rally-30-1-360x240.jpg 360w, https:\/\/www.supercars.net\/blog\/wp-content\/uploads\/2018\/05\/2018-Tour-Auto-Rally-30-1-370x247.jpg 370w, https:\/\/www.supercars.net\/blog\/wp-content\/uploads\/2018\/05\/2018-Tour-Auto-Rally-30-1-293x195.jpg 293w\" sizes=\"(max-width: 1150px) 100vw, 1150px\" \/><\/a>\r\n\t\t\t\t<\/a>\r\n            <\/div>\r\n                <div class='wp-caption-text gallery-caption'>\r\n                Pascal DUHAMEL \/ Vincent CUNY FRA \/ FRA AC Aceca 1956\r\n                <\/div><\/figure><figure class='gallery-item'>\r\n            <div class='gallery-icon landscape'>\r\n                <a href='https:\/\/www.supercars.net\/blog\/wp-content\/uploads\/2018\/05\/2018-Tour-Auto-Rally-31-1.jpg' class='tipi-lightbox'>\r\n\t\t\t\t<a href='https:\/\/www.supercars.net\/blog\/wp-content\/uploads\/2018\/05\/2018-Tour-Auto-Rally-31-1.jpg'><img decoding=\"async\" width=\"1150\" height=\"767\" src=\"https:\/\/www.supercars.net\/blog\/wp-content\/uploads\/2018\/05\/2018-Tour-Auto-Rally-31-1.jpg\" class=\"attachment-full size-full\" alt=\"\" srcset=\"https:\/\/www.supercars.net\/blog\/wp-content\/uploads\/2018\/05\/2018-Tour-Auto-Rally-31-1.jpg 1150w, https:\/\/www.supercars.net\/blog\/wp-content\/uploads\/2018\/05\/2018-Tour-Auto-Rally-31-1-300x200.jpg 300w, https:\/\/www.supercars.net\/blog\/wp-content\/uploads\/2018\/05\/2018-Tour-Auto-Rally-31-1-1024x683.jpg 1024w, https:\/\/www.supercars.net\/blog\/wp-content\/uploads\/2018\/05\/2018-Tour-Auto-Rally-31-1-100x67.jpg 100w, https:\/\/www.supercars.net\/blog\/wp-content\/uploads\/2018\/05\/2018-Tour-Auto-Rally-31-1-770x514.jpg 770w, https:\/\/www.supercars.net\/blog\/wp-content\/uploads\/2018\/05\/2018-Tour-Auto-Rally-31-1-360x240.jpg 360w, https:\/\/www.supercars.net\/blog\/wp-content\/uploads\/2018\/05\/2018-Tour-Auto-Rally-31-1-370x247.jpg 370w, https:\/\/www.supercars.net\/blog\/wp-content\/uploads\/2018\/05\/2018-Tour-Auto-Rally-31-1-293x195.jpg 293w\" sizes=\"(max-width: 1150px) 100vw, 1150px\" \/><\/a>\r\n\t\t\t\t<\/a>\r\n            <\/div>\r\n                <div class='wp-caption-text gallery-caption'>\r\n                Luis DELSO \/ Carlos DE MIGUEL ESP \/ ESP ALFA ROMEO Giulietta Sprint 1957\r\n                <\/div><\/figure><figure class='gallery-item'>\r\n            <div class='gallery-icon landscape'>\r\n                <a href='https:\/\/www.supercars.net\/blog\/wp-content\/uploads\/2018\/05\/2018-Tour-Auto-Rally-32-1.jpg' class='tipi-lightbox'>\r\n\t\t\t\t<a href='https:\/\/www.supercars.net\/blog\/wp-content\/uploads\/2018\/05\/2018-Tour-Auto-Rally-32-1.jpg'><img decoding=\"async\" width=\"1150\" height=\"767\" src=\"https:\/\/www.supercars.net\/blog\/wp-content\/uploads\/2018\/05\/2018-Tour-Auto-Rally-32-1.jpg\" class=\"attachment-full size-full\" alt=\"\" srcset=\"https:\/\/www.supercars.net\/blog\/wp-content\/uploads\/2018\/05\/2018-Tour-Auto-Rally-32-1.jpg 1150w, https:\/\/www.supercars.net\/blog\/wp-content\/uploads\/2018\/05\/2018-Tour-Auto-Rally-32-1-300x200.jpg 300w, https:\/\/www.supercars.net\/blog\/wp-content\/uploads\/2018\/05\/2018-Tour-Auto-Rally-32-1-1024x683.jpg 1024w, https:\/\/www.supercars.net\/blog\/wp-content\/uploads\/2018\/05\/2018-Tour-Auto-Rally-32-1-100x67.jpg 100w, https:\/\/www.supercars.net\/blog\/wp-content\/uploads\/2018\/05\/2018-Tour-Auto-Rally-32-1-770x514.jpg 770w, https:\/\/www.supercars.net\/blog\/wp-content\/uploads\/2018\/05\/2018-Tour-Auto-Rally-32-1-360x240.jpg 360w, https:\/\/www.supercars.net\/blog\/wp-content\/uploads\/2018\/05\/2018-Tour-Auto-Rally-32-1-370x247.jpg 370w, https:\/\/www.supercars.net\/blog\/wp-content\/uploads\/2018\/05\/2018-Tour-Auto-Rally-32-1-293x195.jpg 293w\" sizes=\"(max-width: 1150px) 100vw, 1150px\" \/><\/a>\r\n\t\t\t\t<\/a>\r\n            <\/div>\r\n                <div class='wp-caption-text gallery-caption'>\r\n                Frederic LEMOS \/ Julien ROLLET FRA \/ FRA JAGUAR XK 150 S Coupe 1960\r\n                <\/div><\/figure><figure class='gallery-item'>\r\n            <div class='gallery-icon landscape'>\r\n                <a href='https:\/\/www.supercars.net\/blog\/wp-content\/uploads\/2018\/05\/2018-Tour-Auto-Rally-33-1.jpg' class='tipi-lightbox'>\r\n\t\t\t\t<a href='https:\/\/www.supercars.net\/blog\/wp-content\/uploads\/2018\/05\/2018-Tour-Auto-Rally-33-1.jpg'><img decoding=\"async\" width=\"1150\" height=\"767\" src=\"https:\/\/www.supercars.net\/blog\/wp-content\/uploads\/2018\/05\/2018-Tour-Auto-Rally-33-1.jpg\" class=\"attachment-full size-full\" alt=\"\" srcset=\"https:\/\/www.supercars.net\/blog\/wp-content\/uploads\/2018\/05\/2018-Tour-Auto-Rally-33-1.jpg 1150w, https:\/\/www.supercars.net\/blog\/wp-content\/uploads\/2018\/05\/2018-Tour-Auto-Rally-33-1-300x200.jpg 300w, https:\/\/www.supercars.net\/blog\/wp-content\/uploads\/2018\/05\/2018-Tour-Auto-Rally-33-1-1024x683.jpg 1024w, https:\/\/www.supercars.net\/blog\/wp-content\/uploads\/2018\/05\/2018-Tour-Auto-Rally-33-1-100x67.jpg 100w, https:\/\/www.supercars.net\/blog\/wp-content\/uploads\/2018\/05\/2018-Tour-Auto-Rally-33-1-770x514.jpg 770w, https:\/\/www.supercars.net\/blog\/wp-content\/uploads\/2018\/05\/2018-Tour-Auto-Rally-33-1-360x240.jpg 360w, https:\/\/www.supercars.net\/blog\/wp-content\/uploads\/2018\/05\/2018-Tour-Auto-Rally-33-1-370x247.jpg 370w, https:\/\/www.supercars.net\/blog\/wp-content\/uploads\/2018\/05\/2018-Tour-Auto-Rally-33-1-293x195.jpg 293w\" sizes=\"(max-width: 1150px) 100vw, 1150px\" \/><\/a>\r\n\t\t\t\t<\/a>\r\n            <\/div>\r\n                <div class='wp-caption-text gallery-caption'>\r\n                Christian CHAVY \/ Robert KORB FRA \/ FRA PORSCHE 911 2,0L 1965\r\n                <\/div><\/figure><figure class='gallery-item'>\r\n            <div class='gallery-icon landscape'>\r\n                <a href='https:\/\/www.supercars.net\/blog\/wp-content\/uploads\/2018\/05\/2018-Tour-Auto-Rally-34-1.jpg' class='tipi-lightbox'>\r\n\t\t\t\t<a href='https:\/\/www.supercars.net\/blog\/wp-content\/uploads\/2018\/05\/2018-Tour-Auto-Rally-34-1.jpg'><img decoding=\"async\" width=\"1150\" height=\"767\" src=\"https:\/\/www.supercars.net\/blog\/wp-content\/uploads\/2018\/05\/2018-Tour-Auto-Rally-34-1.jpg\" class=\"attachment-full size-full\" alt=\"\" srcset=\"https:\/\/www.supercars.net\/blog\/wp-content\/uploads\/2018\/05\/2018-Tour-Auto-Rally-34-1.jpg 1150w, https:\/\/www.supercars.net\/blog\/wp-content\/uploads\/2018\/05\/2018-Tour-Auto-Rally-34-1-300x200.jpg 300w, https:\/\/www.supercars.net\/blog\/wp-content\/uploads\/2018\/05\/2018-Tour-Auto-Rally-34-1-1024x683.jpg 1024w, https:\/\/www.supercars.net\/blog\/wp-content\/uploads\/2018\/05\/2018-Tour-Auto-Rally-34-1-100x67.jpg 100w, https:\/\/www.supercars.net\/blog\/wp-content\/uploads\/2018\/05\/2018-Tour-Auto-Rally-34-1-770x514.jpg 770w, https:\/\/www.supercars.net\/blog\/wp-content\/uploads\/2018\/05\/2018-Tour-Auto-Rally-34-1-360x240.jpg 360w, https:\/\/www.supercars.net\/blog\/wp-content\/uploads\/2018\/05\/2018-Tour-Auto-Rally-34-1-370x247.jpg 370w, https:\/\/www.supercars.net\/blog\/wp-content\/uploads\/2018\/05\/2018-Tour-Auto-Rally-34-1-293x195.jpg 293w\" sizes=\"(max-width: 1150px) 100vw, 1150px\" \/><\/a>\r\n\t\t\t\t<\/a>\r\n            <\/div>\r\n                <div class='wp-caption-text gallery-caption'>\r\n                Bertrand PENLAE \/ Anne PENLAE FRA \/ FRA PORSCHE 911 2,0L 1965\r\n                <\/div><\/figure><figure class='gallery-item'>\r\n            <div class='gallery-icon landscape'>\r\n                <a href='https:\/\/www.supercars.net\/blog\/wp-content\/uploads\/2018\/05\/2018-Tour-Auto-Rally-35-1.jpg' class='tipi-lightbox'>\r\n\t\t\t\t<a href='https:\/\/www.supercars.net\/blog\/wp-content\/uploads\/2018\/05\/2018-Tour-Auto-Rally-35-1.jpg'><img decoding=\"async\" width=\"1150\" height=\"767\" src=\"https:\/\/www.supercars.net\/blog\/wp-content\/uploads\/2018\/05\/2018-Tour-Auto-Rally-35-1.jpg\" class=\"attachment-full size-full\" alt=\"\" srcset=\"https:\/\/www.supercars.net\/blog\/wp-content\/uploads\/2018\/05\/2018-Tour-Auto-Rally-35-1.jpg 1150w, https:\/\/www.supercars.net\/blog\/wp-content\/uploads\/2018\/05\/2018-Tour-Auto-Rally-35-1-300x200.jpg 300w, https:\/\/www.supercars.net\/blog\/wp-content\/uploads\/2018\/05\/2018-Tour-Auto-Rally-35-1-1024x683.jpg 1024w, https:\/\/www.supercars.net\/blog\/wp-content\/uploads\/2018\/05\/2018-Tour-Auto-Rally-35-1-100x67.jpg 100w, https:\/\/www.supercars.net\/blog\/wp-content\/uploads\/2018\/05\/2018-Tour-Auto-Rally-35-1-770x514.jpg 770w, https:\/\/www.supercars.net\/blog\/wp-content\/uploads\/2018\/05\/2018-Tour-Auto-Rally-35-1-360x240.jpg 360w, https:\/\/www.supercars.net\/blog\/wp-content\/uploads\/2018\/05\/2018-Tour-Auto-Rally-35-1-370x247.jpg 370w, https:\/\/www.supercars.net\/blog\/wp-content\/uploads\/2018\/05\/2018-Tour-Auto-Rally-35-1-293x195.jpg 293w\" sizes=\"(max-width: 1150px) 100vw, 1150px\" \/><\/a>\r\n\t\t\t\t<\/a>\r\n            <\/div>\r\n                <div class='wp-caption-text gallery-caption'>\r\n                Gaby von OPPENHEIM \/ Andreas MIDDENDORF DEU \/ DEU PORSCHE 911 2,0L 1965\r\n                <\/div><\/figure><figure class='gallery-item'>\r\n            <div class='gallery-icon landscape'>\r\n                <a href='https:\/\/www.supercars.net\/blog\/wp-content\/uploads\/2018\/05\/2018-Tour-Auto-Rally-36-1.jpg' class='tipi-lightbox'>\r\n\t\t\t\t<a href='https:\/\/www.supercars.net\/blog\/wp-content\/uploads\/2018\/05\/2018-Tour-Auto-Rally-36-1.jpg'><img decoding=\"async\" width=\"1150\" height=\"767\" src=\"https:\/\/www.supercars.net\/blog\/wp-content\/uploads\/2018\/05\/2018-Tour-Auto-Rally-36-1.jpg\" class=\"attachment-full size-full\" alt=\"\" srcset=\"https:\/\/www.supercars.net\/blog\/wp-content\/uploads\/2018\/05\/2018-Tour-Auto-Rally-36-1.jpg 1150w, https:\/\/www.supercars.net\/blog\/wp-content\/uploads\/2018\/05\/2018-Tour-Auto-Rally-36-1-300x200.jpg 300w, https:\/\/www.supercars.net\/blog\/wp-content\/uploads\/2018\/05\/2018-Tour-Auto-Rally-36-1-1024x683.jpg 1024w, https:\/\/www.supercars.net\/blog\/wp-content\/uploads\/2018\/05\/2018-Tour-Auto-Rally-36-1-100x67.jpg 100w, https:\/\/www.supercars.net\/blog\/wp-content\/uploads\/2018\/05\/2018-Tour-Auto-Rally-36-1-770x514.jpg 770w, https:\/\/www.supercars.net\/blog\/wp-content\/uploads\/2018\/05\/2018-Tour-Auto-Rally-36-1-360x240.jpg 360w, https:\/\/www.supercars.net\/blog\/wp-content\/uploads\/2018\/05\/2018-Tour-Auto-Rally-36-1-370x247.jpg 370w, https:\/\/www.supercars.net\/blog\/wp-content\/uploads\/2018\/05\/2018-Tour-Auto-Rally-36-1-293x195.jpg 293w\" sizes=\"(max-width: 1150px) 100vw, 1150px\" \/><\/a>\r\n\t\t\t\t<\/a>\r\n            <\/div>\r\n                <div class='wp-caption-text gallery-caption'>\r\n                Joachim von FINCKENSTEIN \/ Christina von FINCKENSTEIN DEU \/ DEU AUTOBIANCHI A112 Abarth 1975\r\n                <\/div><\/figure><figure class='gallery-item'>\r\n            <div class='gallery-icon landscape'>\r\n                <a href='https:\/\/www.supercars.net\/blog\/wp-content\/uploads\/2018\/05\/2018-Tour-Auto-Rally-37-1.jpg' class='tipi-lightbox'>\r\n\t\t\t\t<a href='https:\/\/www.supercars.net\/blog\/wp-content\/uploads\/2018\/05\/2018-Tour-Auto-Rally-37-1.jpg'><img decoding=\"async\" width=\"1150\" height=\"767\" src=\"https:\/\/www.supercars.net\/blog\/wp-content\/uploads\/2018\/05\/2018-Tour-Auto-Rally-37-1.jpg\" class=\"attachment-full size-full\" alt=\"\" srcset=\"https:\/\/www.supercars.net\/blog\/wp-content\/uploads\/2018\/05\/2018-Tour-Auto-Rally-37-1.jpg 1150w, https:\/\/www.supercars.net\/blog\/wp-content\/uploads\/2018\/05\/2018-Tour-Auto-Rally-37-1-300x200.jpg 300w, https:\/\/www.supercars.net\/blog\/wp-content\/uploads\/2018\/05\/2018-Tour-Auto-Rally-37-1-1024x683.jpg 1024w, https:\/\/www.supercars.net\/blog\/wp-content\/uploads\/2018\/05\/2018-Tour-Auto-Rally-37-1-100x67.jpg 100w, https:\/\/www.supercars.net\/blog\/wp-content\/uploads\/2018\/05\/2018-Tour-Auto-Rally-37-1-770x514.jpg 770w, https:\/\/www.supercars.net\/blog\/wp-content\/uploads\/2018\/05\/2018-Tour-Auto-Rally-37-1-360x240.jpg 360w, https:\/\/www.supercars.net\/blog\/wp-content\/uploads\/2018\/05\/2018-Tour-Auto-Rally-37-1-370x247.jpg 370w, https:\/\/www.supercars.net\/blog\/wp-content\/uploads\/2018\/05\/2018-Tour-Auto-Rally-37-1-293x195.jpg 293w\" sizes=\"(max-width: 1150px) 100vw, 1150px\" \/><\/a>\r\n\t\t\t\t<\/a>\r\n            <\/div>\r\n                <div class='wp-caption-text gallery-caption'>\r\n                Frederic LEMOS \/ Julien ROLLET FRA \/ FRA JAGUAR XK 150 S Coupe 1960\r\n                <\/div><\/figure><figure class='gallery-item'>\r\n            <div class='gallery-icon landscape'>\r\n                <a href='https:\/\/www.supercars.net\/blog\/wp-content\/uploads\/2018\/05\/2018-Tour-Auto-Rally-38-1.jpg' class='tipi-lightbox'>\r\n\t\t\t\t<a href='https:\/\/www.supercars.net\/blog\/wp-content\/uploads\/2018\/05\/2018-Tour-Auto-Rally-38-1.jpg'><img decoding=\"async\" width=\"1150\" height=\"767\" src=\"https:\/\/www.supercars.net\/blog\/wp-content\/uploads\/2018\/05\/2018-Tour-Auto-Rally-38-1.jpg\" class=\"attachment-full size-full\" alt=\"\" srcset=\"https:\/\/www.supercars.net\/blog\/wp-content\/uploads\/2018\/05\/2018-Tour-Auto-Rally-38-1.jpg 1150w, https:\/\/www.supercars.net\/blog\/wp-content\/uploads\/2018\/05\/2018-Tour-Auto-Rally-38-1-300x200.jpg 300w, https:\/\/www.supercars.net\/blog\/wp-content\/uploads\/2018\/05\/2018-Tour-Auto-Rally-38-1-1024x683.jpg 1024w, https:\/\/www.supercars.net\/blog\/wp-content\/uploads\/2018\/05\/2018-Tour-Auto-Rally-38-1-100x67.jpg 100w, https:\/\/www.supercars.net\/blog\/wp-content\/uploads\/2018\/05\/2018-Tour-Auto-Rally-38-1-770x514.jpg 770w, https:\/\/www.supercars.net\/blog\/wp-content\/uploads\/2018\/05\/2018-Tour-Auto-Rally-38-1-360x240.jpg 360w, https:\/\/www.supercars.net\/blog\/wp-content\/uploads\/2018\/05\/2018-Tour-Auto-Rally-38-1-370x247.jpg 370w, https:\/\/www.supercars.net\/blog\/wp-content\/uploads\/2018\/05\/2018-Tour-Auto-Rally-38-1-293x195.jpg 293w\" sizes=\"(max-width: 1150px) 100vw, 1150px\" \/><\/a>\r\n\t\t\t\t<\/a>\r\n            <\/div>\r\n                <div class='wp-caption-text gallery-caption'>\r\n                Jean-Francois BARRE \/ Christophe de BOUET DU PORTAL FRA \/ FRA BMW 2002 1972\r\n                <\/div><\/figure><figure class='gallery-item'>\r\n            <div class='gallery-icon landscape'>\r\n                <a href='https:\/\/www.supercars.net\/blog\/wp-content\/uploads\/2018\/05\/2018-Tour-Auto-Rally-39-1.jpg' class='tipi-lightbox'>\r\n\t\t\t\t<a href='https:\/\/www.supercars.net\/blog\/wp-content\/uploads\/2018\/05\/2018-Tour-Auto-Rally-39-1.jpg'><img decoding=\"async\" width=\"1150\" height=\"767\" src=\"https:\/\/www.supercars.net\/blog\/wp-content\/uploads\/2018\/05\/2018-Tour-Auto-Rally-39-1.jpg\" class=\"attachment-full size-full\" alt=\"\" srcset=\"https:\/\/www.supercars.net\/blog\/wp-content\/uploads\/2018\/05\/2018-Tour-Auto-Rally-39-1.jpg 1150w, https:\/\/www.supercars.net\/blog\/wp-content\/uploads\/2018\/05\/2018-Tour-Auto-Rally-39-1-300x200.jpg 300w, https:\/\/www.supercars.net\/blog\/wp-content\/uploads\/2018\/05\/2018-Tour-Auto-Rally-39-1-1024x683.jpg 1024w, https:\/\/www.supercars.net\/blog\/wp-content\/uploads\/2018\/05\/2018-Tour-Auto-Rally-39-1-100x67.jpg 100w, https:\/\/www.supercars.net\/blog\/wp-content\/uploads\/2018\/05\/2018-Tour-Auto-Rally-39-1-770x514.jpg 770w, https:\/\/www.supercars.net\/blog\/wp-content\/uploads\/2018\/05\/2018-Tour-Auto-Rally-39-1-360x240.jpg 360w, https:\/\/www.supercars.net\/blog\/wp-content\/uploads\/2018\/05\/2018-Tour-Auto-Rally-39-1-370x247.jpg 370w, https:\/\/www.supercars.net\/blog\/wp-content\/uploads\/2018\/05\/2018-Tour-Auto-Rally-39-1-293x195.jpg 293w\" sizes=\"(max-width: 1150px) 100vw, 1150px\" \/><\/a>\r\n\t\t\t\t<\/a>\r\n            <\/div>\r\n                <div class='wp-caption-text gallery-caption'>\r\n                Frederic JOUSSET \/ Paul MILIOTIS FRA \/ FRA SHELBY Cobra 289 1965\r\n                <\/div><\/figure><figure class='gallery-item'>\r\n            <div class='gallery-icon landscape'>\r\n                <a href='https:\/\/www.supercars.net\/blog\/wp-content\/uploads\/2018\/05\/2018-Tour-Auto-Rally-40-1.jpg' class='tipi-lightbox'>\r\n\t\t\t\t<a href='https:\/\/www.supercars.net\/blog\/wp-content\/uploads\/2018\/05\/2018-Tour-Auto-Rally-40-1.jpg'><img decoding=\"async\" width=\"1150\" height=\"767\" src=\"https:\/\/www.supercars.net\/blog\/wp-content\/uploads\/2018\/05\/2018-Tour-Auto-Rally-40-1.jpg\" class=\"attachment-full size-full\" alt=\"\" srcset=\"https:\/\/www.supercars.net\/blog\/wp-content\/uploads\/2018\/05\/2018-Tour-Auto-Rally-40-1.jpg 1150w, https:\/\/www.supercars.net\/blog\/wp-content\/uploads\/2018\/05\/2018-Tour-Auto-Rally-40-1-300x200.jpg 300w, https:\/\/www.supercars.net\/blog\/wp-content\/uploads\/2018\/05\/2018-Tour-Auto-Rally-40-1-1024x683.jpg 1024w, https:\/\/www.supercars.net\/blog\/wp-content\/uploads\/2018\/05\/2018-Tour-Auto-Rally-40-1-100x67.jpg 100w, https:\/\/www.supercars.net\/blog\/wp-content\/uploads\/2018\/05\/2018-Tour-Auto-Rally-40-1-770x514.jpg 770w, https:\/\/www.supercars.net\/blog\/wp-content\/uploads\/2018\/05\/2018-Tour-Auto-Rally-40-1-360x240.jpg 360w, https:\/\/www.supercars.net\/blog\/wp-content\/uploads\/2018\/05\/2018-Tour-Auto-Rally-40-1-370x247.jpg 370w, https:\/\/www.supercars.net\/blog\/wp-content\/uploads\/2018\/05\/2018-Tour-Auto-Rally-40-1-293x195.jpg 293w\" sizes=\"(max-width: 1150px) 100vw, 1150px\" \/><\/a>\r\n\t\t\t\t<\/a>\r\n            <\/div>\r\n                <div class='wp-caption-text gallery-caption'>\r\n                FORD Mustang 289 1965\r\n                <\/div><\/figure><figure class='gallery-item'>\r\n            <div class='gallery-icon landscape'>\r\n                <a href='https:\/\/www.supercars.net\/blog\/wp-content\/uploads\/2018\/05\/2018-Tour-Auto-Rally-41-1.jpg' class='tipi-lightbox'>\r\n\t\t\t\t<a href='https:\/\/www.supercars.net\/blog\/wp-content\/uploads\/2018\/05\/2018-Tour-Auto-Rally-41-1.jpg'><img decoding=\"async\" width=\"1150\" height=\"767\" src=\"https:\/\/www.supercars.net\/blog\/wp-content\/uploads\/2018\/05\/2018-Tour-Auto-Rally-41-1.jpg\" class=\"attachment-full size-full\" alt=\"\" srcset=\"https:\/\/www.supercars.net\/blog\/wp-content\/uploads\/2018\/05\/2018-Tour-Auto-Rally-41-1.jpg 1150w, https:\/\/www.supercars.net\/blog\/wp-content\/uploads\/2018\/05\/2018-Tour-Auto-Rally-41-1-300x200.jpg 300w, https:\/\/www.supercars.net\/blog\/wp-content\/uploads\/2018\/05\/2018-Tour-Auto-Rally-41-1-1024x683.jpg 1024w, https:\/\/www.supercars.net\/blog\/wp-content\/uploads\/2018\/05\/2018-Tour-Auto-Rally-41-1-100x67.jpg 100w, https:\/\/www.supercars.net\/blog\/wp-content\/uploads\/2018\/05\/2018-Tour-Auto-Rally-41-1-770x514.jpg 770w, https:\/\/www.supercars.net\/blog\/wp-content\/uploads\/2018\/05\/2018-Tour-Auto-Rally-41-1-360x240.jpg 360w, https:\/\/www.supercars.net\/blog\/wp-content\/uploads\/2018\/05\/2018-Tour-Auto-Rally-41-1-370x247.jpg 370w, https:\/\/www.supercars.net\/blog\/wp-content\/uploads\/2018\/05\/2018-Tour-Auto-Rally-41-1-293x195.jpg 293w\" sizes=\"(max-width: 1150px) 100vw, 1150px\" \/><\/a>\r\n\t\t\t\t<\/a>\r\n            <\/div>\r\n                <div class='wp-caption-text gallery-caption'>\r\n                Philippe VANDROMME \/ Frederic VIVIER FRA \/ FRA FORD GT40 MKII 1967\r\n                <\/div><\/figure><figure class='gallery-item'>\r\n            <div class='gallery-icon landscape'>\r\n                <a href='https:\/\/www.supercars.net\/blog\/wp-content\/uploads\/2018\/05\/2018-Tour-Auto-Rally-42-1.jpg' class='tipi-lightbox'>\r\n\t\t\t\t<a href='https:\/\/www.supercars.net\/blog\/wp-content\/uploads\/2018\/05\/2018-Tour-Auto-Rally-42-1.jpg'><img decoding=\"async\" width=\"1150\" height=\"768\" src=\"https:\/\/www.supercars.net\/blog\/wp-content\/uploads\/2018\/05\/2018-Tour-Auto-Rally-42-1.jpg\" class=\"attachment-full size-full\" alt=\"\" srcset=\"https:\/\/www.supercars.net\/blog\/wp-content\/uploads\/2018\/05\/2018-Tour-Auto-Rally-42-1.jpg 1150w, https:\/\/www.supercars.net\/blog\/wp-content\/uploads\/2018\/05\/2018-Tour-Auto-Rally-42-1-300x200.jpg 300w, https:\/\/www.supercars.net\/blog\/wp-content\/uploads\/2018\/05\/2018-Tour-Auto-Rally-42-1-1024x684.jpg 1024w, https:\/\/www.supercars.net\/blog\/wp-content\/uploads\/2018\/05\/2018-Tour-Auto-Rally-42-1-100x67.jpg 100w, https:\/\/www.supercars.net\/blog\/wp-content\/uploads\/2018\/05\/2018-Tour-Auto-Rally-42-1-770x514.jpg 770w, https:\/\/www.supercars.net\/blog\/wp-content\/uploads\/2018\/05\/2018-Tour-Auto-Rally-42-1-360x240.jpg 360w, https:\/\/www.supercars.net\/blog\/wp-content\/uploads\/2018\/05\/2018-Tour-Auto-Rally-42-1-370x247.jpg 370w, https:\/\/www.supercars.net\/blog\/wp-content\/uploads\/2018\/05\/2018-Tour-Auto-Rally-42-1-293x196.jpg 293w\" sizes=\"(max-width: 1150px) 100vw, 1150px\" \/><\/a>\r\n\t\t\t\t<\/a>\r\n            <\/div>\r\n                <div class='wp-caption-text gallery-caption'>\r\n                Ferrari 275 GTB &#8211; 2018 Tour Auto Rally\r\n                <\/div><\/figure><figure class='gallery-item'>\r\n            <div class='gallery-icon landscape'>\r\n                <a href='https:\/\/www.supercars.net\/blog\/wp-content\/uploads\/2018\/05\/2018-Tour-Auto-Rally-43-1.jpg' class='tipi-lightbox'>\r\n\t\t\t\t<a href='https:\/\/www.supercars.net\/blog\/wp-content\/uploads\/2018\/05\/2018-Tour-Auto-Rally-43-1.jpg'><img decoding=\"async\" width=\"1150\" height=\"768\" src=\"https:\/\/www.supercars.net\/blog\/wp-content\/uploads\/2018\/05\/2018-Tour-Auto-Rally-43-1.jpg\" class=\"attachment-full size-full\" alt=\"\" srcset=\"https:\/\/www.supercars.net\/blog\/wp-content\/uploads\/2018\/05\/2018-Tour-Auto-Rally-43-1.jpg 1150w, https:\/\/www.supercars.net\/blog\/wp-content\/uploads\/2018\/05\/2018-Tour-Auto-Rally-43-1-300x200.jpg 300w, https:\/\/www.supercars.net\/blog\/wp-content\/uploads\/2018\/05\/2018-Tour-Auto-Rally-43-1-1024x684.jpg 1024w, https:\/\/www.supercars.net\/blog\/wp-content\/uploads\/2018\/05\/2018-Tour-Auto-Rally-43-1-100x67.jpg 100w, https:\/\/www.supercars.net\/blog\/wp-content\/uploads\/2018\/05\/2018-Tour-Auto-Rally-43-1-770x514.jpg 770w, https:\/\/www.supercars.net\/blog\/wp-content\/uploads\/2018\/05\/2018-Tour-Auto-Rally-43-1-360x240.jpg 360w, https:\/\/www.supercars.net\/blog\/wp-content\/uploads\/2018\/05\/2018-Tour-Auto-Rally-43-1-370x247.jpg 370w, https:\/\/www.supercars.net\/blog\/wp-content\/uploads\/2018\/05\/2018-Tour-Auto-Rally-43-1-293x196.jpg 293w\" sizes=\"(max-width: 1150px) 100vw, 1150px\" \/><\/a>\r\n\t\t\t\t<\/a>\r\n            <\/div>\r\n                <div class='wp-caption-text gallery-caption'>\r\n                2018 Tour Auto Rally\r\n                <\/div><\/figure><figure class='gallery-item'>\r\n            <div class='gallery-icon landscape'>\r\n                <a href='https:\/\/www.supercars.net\/blog\/wp-content\/uploads\/2018\/05\/2018-Tour-Auto-Rally-44-1.jpg' class='tipi-lightbox'>\r\n\t\t\t\t<a href='https:\/\/www.supercars.net\/blog\/wp-content\/uploads\/2018\/05\/2018-Tour-Auto-Rally-44-1.jpg'><img decoding=\"async\" width=\"1150\" height=\"768\" src=\"https:\/\/www.supercars.net\/blog\/wp-content\/uploads\/2018\/05\/2018-Tour-Auto-Rally-44-1.jpg\" class=\"attachment-full size-full\" alt=\"\" srcset=\"https:\/\/www.supercars.net\/blog\/wp-content\/uploads\/2018\/05\/2018-Tour-Auto-Rally-44-1.jpg 1150w, https:\/\/www.supercars.net\/blog\/wp-content\/uploads\/2018\/05\/2018-Tour-Auto-Rally-44-1-300x200.jpg 300w, https:\/\/www.supercars.net\/blog\/wp-content\/uploads\/2018\/05\/2018-Tour-Auto-Rally-44-1-1024x684.jpg 1024w, https:\/\/www.supercars.net\/blog\/wp-content\/uploads\/2018\/05\/2018-Tour-Auto-Rally-44-1-100x67.jpg 100w, https:\/\/www.supercars.net\/blog\/wp-content\/uploads\/2018\/05\/2018-Tour-Auto-Rally-44-1-770x514.jpg 770w, https:\/\/www.supercars.net\/blog\/wp-content\/uploads\/2018\/05\/2018-Tour-Auto-Rally-44-1-360x240.jpg 360w, https:\/\/www.supercars.net\/blog\/wp-content\/uploads\/2018\/05\/2018-Tour-Auto-Rally-44-1-370x247.jpg 370w, https:\/\/www.supercars.net\/blog\/wp-content\/uploads\/2018\/05\/2018-Tour-Auto-Rally-44-1-293x196.jpg 293w\" sizes=\"(max-width: 1150px) 100vw, 1150px\" \/><\/a>\r\n\t\t\t\t<\/a>\r\n            <\/div>\r\n                <div class='wp-caption-text gallery-caption'>\r\n                Jaguar XK &#8211; 2018 Tour Auto Rally\r\n                <\/div><\/figure><figure class='gallery-item'>\r\n            <div class='gallery-icon landscape'>\r\n                <a href='https:\/\/www.supercars.net\/blog\/wp-content\/uploads\/2018\/05\/2018-Tour-Auto-Rally-45-1.jpg' class='tipi-lightbox'>\r\n\t\t\t\t<a href='https:\/\/www.supercars.net\/blog\/wp-content\/uploads\/2018\/05\/2018-Tour-Auto-Rally-45-1.jpg'><img decoding=\"async\" width=\"1150\" height=\"768\" src=\"https:\/\/www.supercars.net\/blog\/wp-content\/uploads\/2018\/05\/2018-Tour-Auto-Rally-45-1.jpg\" class=\"attachment-full size-full\" alt=\"\" srcset=\"https:\/\/www.supercars.net\/blog\/wp-content\/uploads\/2018\/05\/2018-Tour-Auto-Rally-45-1.jpg 1150w, https:\/\/www.supercars.net\/blog\/wp-content\/uploads\/2018\/05\/2018-Tour-Auto-Rally-45-1-300x200.jpg 300w, https:\/\/www.supercars.net\/blog\/wp-content\/uploads\/2018\/05\/2018-Tour-Auto-Rally-45-1-1024x684.jpg 1024w, https:\/\/www.supercars.net\/blog\/wp-content\/uploads\/2018\/05\/2018-Tour-Auto-Rally-45-1-100x67.jpg 100w, https:\/\/www.supercars.net\/blog\/wp-content\/uploads\/2018\/05\/2018-Tour-Auto-Rally-45-1-770x514.jpg 770w, https:\/\/www.supercars.net\/blog\/wp-content\/uploads\/2018\/05\/2018-Tour-Auto-Rally-45-1-360x240.jpg 360w, https:\/\/www.supercars.net\/blog\/wp-content\/uploads\/2018\/05\/2018-Tour-Auto-Rally-45-1-370x247.jpg 370w, https:\/\/www.supercars.net\/blog\/wp-content\/uploads\/2018\/05\/2018-Tour-Auto-Rally-45-1-293x196.jpg 293w\" sizes=\"(max-width: 1150px) 100vw, 1150px\" \/><\/a>\r\n\t\t\t\t<\/a>\r\n            <\/div>\r\n                <div class='wp-caption-text gallery-caption'>\r\n                ALPINE RENAULT A110 1800 Gr.IV 1970\r\n                <\/div><\/figure><figure class='gallery-item'>\r\n            <div class='gallery-icon landscape'>\r\n                <a href='https:\/\/www.supercars.net\/blog\/wp-content\/uploads\/2018\/05\/2018-Tour-Auto-Rally-46-1.jpg' class='tipi-lightbox'>\r\n\t\t\t\t<a href='https:\/\/www.supercars.net\/blog\/wp-content\/uploads\/2018\/05\/2018-Tour-Auto-Rally-46-1.jpg'><img decoding=\"async\" width=\"1150\" height=\"767\" src=\"https:\/\/www.supercars.net\/blog\/wp-content\/uploads\/2018\/05\/2018-Tour-Auto-Rally-46-1.jpg\" class=\"attachment-full size-full\" alt=\"\" srcset=\"https:\/\/www.supercars.net\/blog\/wp-content\/uploads\/2018\/05\/2018-Tour-Auto-Rally-46-1.jpg 1150w, https:\/\/www.supercars.net\/blog\/wp-content\/uploads\/2018\/05\/2018-Tour-Auto-Rally-46-1-300x200.jpg 300w, https:\/\/www.supercars.net\/blog\/wp-content\/uploads\/2018\/05\/2018-Tour-Auto-Rally-46-1-1024x683.jpg 1024w, https:\/\/www.supercars.net\/blog\/wp-content\/uploads\/2018\/05\/2018-Tour-Auto-Rally-46-1-100x67.jpg 100w, https:\/\/www.supercars.net\/blog\/wp-content\/uploads\/2018\/05\/2018-Tour-Auto-Rally-46-1-770x514.jpg 770w, https:\/\/www.supercars.net\/blog\/wp-content\/uploads\/2018\/05\/2018-Tour-Auto-Rally-46-1-360x240.jpg 360w, https:\/\/www.supercars.net\/blog\/wp-content\/uploads\/2018\/05\/2018-Tour-Auto-Rally-46-1-370x247.jpg 370w, https:\/\/www.supercars.net\/blog\/wp-content\/uploads\/2018\/05\/2018-Tour-Auto-Rally-46-1-293x195.jpg 293w\" sizes=\"(max-width: 1150px) 100vw, 1150px\" \/><\/a>\r\n\t\t\t\t<\/a>\r\n            <\/div>\r\n                <div class='wp-caption-text gallery-caption'>\r\n                FERRARI 308 Gr.IV Michelotto\r\n                <\/div><\/figure><figure class='gallery-item'>\r\n            <div class='gallery-icon landscape'>\r\n                <a href='https:\/\/www.supercars.net\/blog\/wp-content\/uploads\/2018\/05\/2018-Tour-Auto-Rally-47-1.jpg' class='tipi-lightbox'>\r\n\t\t\t\t<a href='https:\/\/www.supercars.net\/blog\/wp-content\/uploads\/2018\/05\/2018-Tour-Auto-Rally-47-1.jpg'><img decoding=\"async\" width=\"1150\" height=\"767\" src=\"https:\/\/www.supercars.net\/blog\/wp-content\/uploads\/2018\/05\/2018-Tour-Auto-Rally-47-1.jpg\" class=\"attachment-full size-full\" alt=\"\" srcset=\"https:\/\/www.supercars.net\/blog\/wp-content\/uploads\/2018\/05\/2018-Tour-Auto-Rally-47-1.jpg 1150w, https:\/\/www.supercars.net\/blog\/wp-content\/uploads\/2018\/05\/2018-Tour-Auto-Rally-47-1-300x200.jpg 300w, https:\/\/www.supercars.net\/blog\/wp-content\/uploads\/2018\/05\/2018-Tour-Auto-Rally-47-1-1024x683.jpg 1024w, https:\/\/www.supercars.net\/blog\/wp-content\/uploads\/2018\/05\/2018-Tour-Auto-Rally-47-1-100x67.jpg 100w, https:\/\/www.supercars.net\/blog\/wp-content\/uploads\/2018\/05\/2018-Tour-Auto-Rally-47-1-770x514.jpg 770w, https:\/\/www.supercars.net\/blog\/wp-content\/uploads\/2018\/05\/2018-Tour-Auto-Rally-47-1-360x240.jpg 360w, https:\/\/www.supercars.net\/blog\/wp-content\/uploads\/2018\/05\/2018-Tour-Auto-Rally-47-1-370x247.jpg 370w, https:\/\/www.supercars.net\/blog\/wp-content\/uploads\/2018\/05\/2018-Tour-Auto-Rally-47-1-293x195.jpg 293w\" sizes=\"(max-width: 1150px) 100vw, 1150px\" \/><\/a>\r\n\t\t\t\t<\/a>\r\n            <\/div>\r\n                <div class='wp-caption-text gallery-caption'>\r\n                Gerard BESSON \/ Marie-Odile BESSON FRA \/ FRA ALPINE RENAULT A310 V6 Gr.IV 1979\r\n                <\/div><\/figure><figure class='gallery-item'>\r\n            <div class='gallery-icon landscape'>\r\n                <a href='https:\/\/www.supercars.net\/blog\/wp-content\/uploads\/2018\/05\/2018-Tour-Auto-Rally-48-1.jpg' class='tipi-lightbox'>\r\n\t\t\t\t<a href='https:\/\/www.supercars.net\/blog\/wp-content\/uploads\/2018\/05\/2018-Tour-Auto-Rally-48-1.jpg'><img decoding=\"async\" width=\"1150\" height=\"767\" src=\"https:\/\/www.supercars.net\/blog\/wp-content\/uploads\/2018\/05\/2018-Tour-Auto-Rally-48-1.jpg\" class=\"attachment-full size-full\" alt=\"\" srcset=\"https:\/\/www.supercars.net\/blog\/wp-content\/uploads\/2018\/05\/2018-Tour-Auto-Rally-48-1.jpg 1150w, https:\/\/www.supercars.net\/blog\/wp-content\/uploads\/2018\/05\/2018-Tour-Auto-Rally-48-1-300x200.jpg 300w, https:\/\/www.supercars.net\/blog\/wp-content\/uploads\/2018\/05\/2018-Tour-Auto-Rally-48-1-1024x683.jpg 1024w, https:\/\/www.supercars.net\/blog\/wp-content\/uploads\/2018\/05\/2018-Tour-Auto-Rally-48-1-100x67.jpg 100w, https:\/\/www.supercars.net\/blog\/wp-content\/uploads\/2018\/05\/2018-Tour-Auto-Rally-48-1-770x514.jpg 770w, https:\/\/www.supercars.net\/blog\/wp-content\/uploads\/2018\/05\/2018-Tour-Auto-Rally-48-1-360x240.jpg 360w, https:\/\/www.supercars.net\/blog\/wp-content\/uploads\/2018\/05\/2018-Tour-Auto-Rally-48-1-370x247.jpg 370w, https:\/\/www.supercars.net\/blog\/wp-content\/uploads\/2018\/05\/2018-Tour-Auto-Rally-48-1-293x195.jpg 293w\" sizes=\"(max-width: 1150px) 100vw, 1150px\" \/><\/a>\r\n\t\t\t\t<\/a>\r\n            <\/div>\r\n                <div class='wp-caption-text gallery-caption'>\r\n                FERRARI 308 Gr.IV Michelotto\r\n                <\/div><\/figure><figure class='gallery-item'>\r\n            <div class='gallery-icon landscape'>\r\n                <a href='https:\/\/www.supercars.net\/blog\/wp-content\/uploads\/2018\/05\/2018-Tour-Auto-Rally-49-1.jpg' class='tipi-lightbox'>\r\n\t\t\t\t<a href='https:\/\/www.supercars.net\/blog\/wp-content\/uploads\/2018\/05\/2018-Tour-Auto-Rally-49-1.jpg'><img decoding=\"async\" width=\"1150\" height=\"767\" src=\"https:\/\/www.supercars.net\/blog\/wp-content\/uploads\/2018\/05\/2018-Tour-Auto-Rally-49-1.jpg\" class=\"attachment-full size-full\" alt=\"\" srcset=\"https:\/\/www.supercars.net\/blog\/wp-content\/uploads\/2018\/05\/2018-Tour-Auto-Rally-49-1.jpg 1150w, https:\/\/www.supercars.net\/blog\/wp-content\/uploads\/2018\/05\/2018-Tour-Auto-Rally-49-1-300x200.jpg 300w, https:\/\/www.supercars.net\/blog\/wp-content\/uploads\/2018\/05\/2018-Tour-Auto-Rally-49-1-1024x683.jpg 1024w, https:\/\/www.supercars.net\/blog\/wp-content\/uploads\/2018\/05\/2018-Tour-Auto-Rally-49-1-100x67.jpg 100w, https:\/\/www.supercars.net\/blog\/wp-content\/uploads\/2018\/05\/2018-Tour-Auto-Rally-49-1-770x514.jpg 770w, https:\/\/www.supercars.net\/blog\/wp-content\/uploads\/2018\/05\/2018-Tour-Auto-Rally-49-1-360x240.jpg 360w, https:\/\/www.supercars.net\/blog\/wp-content\/uploads\/2018\/05\/2018-Tour-Auto-Rally-49-1-370x247.jpg 370w, https:\/\/www.supercars.net\/blog\/wp-content\/uploads\/2018\/05\/2018-Tour-Auto-Rally-49-1-293x195.jpg 293w\" sizes=\"(max-width: 1150px) 100vw, 1150px\" \/><\/a>\r\n\t\t\t\t<\/a>\r\n            <\/div>\r\n                <div class='wp-caption-text gallery-caption'>\r\n                2018 Tour Auto Rally\r\n                <\/div><\/figure><figure class='gallery-item'>\r\n            <div class='gallery-icon landscape'>\r\n                <a href='https:\/\/www.supercars.net\/blog\/wp-content\/uploads\/2018\/05\/2018-Tour-Auto-Rally-51-1.jpg' class='tipi-lightbox'>\r\n\t\t\t\t<a href='https:\/\/www.supercars.net\/blog\/wp-content\/uploads\/2018\/05\/2018-Tour-Auto-Rally-51-1.jpg'><img decoding=\"async\" width=\"1150\" height=\"767\" src=\"https:\/\/www.supercars.net\/blog\/wp-content\/uploads\/2018\/05\/2018-Tour-Auto-Rally-51-1.jpg\" class=\"attachment-full size-full\" alt=\"\" srcset=\"https:\/\/www.supercars.net\/blog\/wp-content\/uploads\/2018\/05\/2018-Tour-Auto-Rally-51-1.jpg 1150w, https:\/\/www.supercars.net\/blog\/wp-content\/uploads\/2018\/05\/2018-Tour-Auto-Rally-51-1-300x200.jpg 300w, https:\/\/www.supercars.net\/blog\/wp-content\/uploads\/2018\/05\/2018-Tour-Auto-Rally-51-1-1024x683.jpg 1024w, https:\/\/www.supercars.net\/blog\/wp-content\/uploads\/2018\/05\/2018-Tour-Auto-Rally-51-1-100x67.jpg 100w, https:\/\/www.supercars.net\/blog\/wp-content\/uploads\/2018\/05\/2018-Tour-Auto-Rally-51-1-770x514.jpg 770w, https:\/\/www.supercars.net\/blog\/wp-content\/uploads\/2018\/05\/2018-Tour-Auto-Rally-51-1-360x240.jpg 360w, https:\/\/www.supercars.net\/blog\/wp-content\/uploads\/2018\/05\/2018-Tour-Auto-Rally-51-1-370x247.jpg 370w, https:\/\/www.supercars.net\/blog\/wp-content\/uploads\/2018\/05\/2018-Tour-Auto-Rally-51-1-293x195.jpg 293w\" sizes=\"(max-width: 1150px) 100vw, 1150px\" \/><\/a>\r\n\t\t\t\t<\/a>\r\n            <\/div>\r\n                <div class='wp-caption-text gallery-caption'>\r\n                2018 Tour Auto Rally\r\n                <\/div><\/figure><figure class='gallery-item'>\r\n            <div class='gallery-icon landscape'>\r\n                <a href='https:\/\/www.supercars.net\/blog\/wp-content\/uploads\/2018\/05\/2018-Tour-Auto-Rally-52-1.jpg' class='tipi-lightbox'>\r\n\t\t\t\t<a href='https:\/\/www.supercars.net\/blog\/wp-content\/uploads\/2018\/05\/2018-Tour-Auto-Rally-52-1.jpg'><img decoding=\"async\" width=\"1150\" height=\"767\" src=\"https:\/\/www.supercars.net\/blog\/wp-content\/uploads\/2018\/05\/2018-Tour-Auto-Rally-52-1.jpg\" class=\"attachment-full size-full\" alt=\"\" srcset=\"https:\/\/www.supercars.net\/blog\/wp-content\/uploads\/2018\/05\/2018-Tour-Auto-Rally-52-1.jpg 1150w, https:\/\/www.supercars.net\/blog\/wp-content\/uploads\/2018\/05\/2018-Tour-Auto-Rally-52-1-300x200.jpg 300w, https:\/\/www.supercars.net\/blog\/wp-content\/uploads\/2018\/05\/2018-Tour-Auto-Rally-52-1-1024x683.jpg 1024w, https:\/\/www.supercars.net\/blog\/wp-content\/uploads\/2018\/05\/2018-Tour-Auto-Rally-52-1-100x67.jpg 100w, https:\/\/www.supercars.net\/blog\/wp-content\/uploads\/2018\/05\/2018-Tour-Auto-Rally-52-1-770x514.jpg 770w, https:\/\/www.supercars.net\/blog\/wp-content\/uploads\/2018\/05\/2018-Tour-Auto-Rally-52-1-360x240.jpg 360w, https:\/\/www.supercars.net\/blog\/wp-content\/uploads\/2018\/05\/2018-Tour-Auto-Rally-52-1-370x247.jpg 370w, https:\/\/www.supercars.net\/blog\/wp-content\/uploads\/2018\/05\/2018-Tour-Auto-Rally-52-1-293x195.jpg 293w\" sizes=\"(max-width: 1150px) 100vw, 1150px\" \/><\/a>\r\n\t\t\t\t<\/a>\r\n            <\/div>\r\n                <div class='wp-caption-text gallery-caption'>\r\n                2018 Tour Auto Rally\r\n                <\/div><\/figure><figure class='gallery-item'>\r\n            <div class='gallery-icon landscape'>\r\n                <a href='https:\/\/www.supercars.net\/blog\/wp-content\/uploads\/2018\/05\/2018-Tour-Auto-Rally-53-1.jpg' class='tipi-lightbox'>\r\n\t\t\t\t<a href='https:\/\/www.supercars.net\/blog\/wp-content\/uploads\/2018\/05\/2018-Tour-Auto-Rally-53-1.jpg'><img decoding=\"async\" width=\"1150\" height=\"767\" src=\"https:\/\/www.supercars.net\/blog\/wp-content\/uploads\/2018\/05\/2018-Tour-Auto-Rally-53-1.jpg\" class=\"attachment-full size-full\" alt=\"\" srcset=\"https:\/\/www.supercars.net\/blog\/wp-content\/uploads\/2018\/05\/2018-Tour-Auto-Rally-53-1.jpg 1150w, https:\/\/www.supercars.net\/blog\/wp-content\/uploads\/2018\/05\/2018-Tour-Auto-Rally-53-1-300x200.jpg 300w, https:\/\/www.supercars.net\/blog\/wp-content\/uploads\/2018\/05\/2018-Tour-Auto-Rally-53-1-1024x683.jpg 1024w, https:\/\/www.supercars.net\/blog\/wp-content\/uploads\/2018\/05\/2018-Tour-Auto-Rally-53-1-100x67.jpg 100w, https:\/\/www.supercars.net\/blog\/wp-content\/uploads\/2018\/05\/2018-Tour-Auto-Rally-53-1-770x514.jpg 770w, https:\/\/www.supercars.net\/blog\/wp-content\/uploads\/2018\/05\/2018-Tour-Auto-Rally-53-1-360x240.jpg 360w, https:\/\/www.supercars.net\/blog\/wp-content\/uploads\/2018\/05\/2018-Tour-Auto-Rally-53-1-370x247.jpg 370w, https:\/\/www.supercars.net\/blog\/wp-content\/uploads\/2018\/05\/2018-Tour-Auto-Rally-53-1-293x195.jpg 293w\" sizes=\"(max-width: 1150px) 100vw, 1150px\" \/><\/a>\r\n\t\t\t\t<\/a>\r\n            <\/div>\r\n                <div class='wp-caption-text gallery-caption'>\r\n                Dominique GEOFFRAY \/ Isabelle PINTENAT FRA \/ FRA FIAT 124 Abarth 1973\r\n                <\/div><\/figure><figure class='gallery-item'>\r\n            <div class='gallery-icon landscape'>\r\n                <a href='https:\/\/www.supercars.net\/blog\/wp-content\/uploads\/2018\/05\/2018-Tour-Auto-Rally-54-1.jpg' class='tipi-lightbox'>\r\n\t\t\t\t<a href='https:\/\/www.supercars.net\/blog\/wp-content\/uploads\/2018\/05\/2018-Tour-Auto-Rally-54-1.jpg'><img decoding=\"async\" width=\"1150\" height=\"767\" src=\"https:\/\/www.supercars.net\/blog\/wp-content\/uploads\/2018\/05\/2018-Tour-Auto-Rally-54-1.jpg\" class=\"attachment-full size-full\" alt=\"\" srcset=\"https:\/\/www.supercars.net\/blog\/wp-content\/uploads\/2018\/05\/2018-Tour-Auto-Rally-54-1.jpg 1150w, https:\/\/www.supercars.net\/blog\/wp-content\/uploads\/2018\/05\/2018-Tour-Auto-Rally-54-1-300x200.jpg 300w, https:\/\/www.supercars.net\/blog\/wp-content\/uploads\/2018\/05\/2018-Tour-Auto-Rally-54-1-1024x683.jpg 1024w, https:\/\/www.supercars.net\/blog\/wp-content\/uploads\/2018\/05\/2018-Tour-Auto-Rally-54-1-100x67.jpg 100w, https:\/\/www.supercars.net\/blog\/wp-content\/uploads\/2018\/05\/2018-Tour-Auto-Rally-54-1-770x514.jpg 770w, https:\/\/www.supercars.net\/blog\/wp-content\/uploads\/2018\/05\/2018-Tour-Auto-Rally-54-1-360x240.jpg 360w, https:\/\/www.supercars.net\/blog\/wp-content\/uploads\/2018\/05\/2018-Tour-Auto-Rally-54-1-370x247.jpg 370w, https:\/\/www.supercars.net\/blog\/wp-content\/uploads\/2018\/05\/2018-Tour-Auto-Rally-54-1-293x195.jpg 293w\" sizes=\"(max-width: 1150px) 100vw, 1150px\" \/><\/a>\r\n\t\t\t\t<\/a>\r\n            <\/div>\r\n                <div class='wp-caption-text gallery-caption'>\r\n                2018 Tour Auto Rally\r\n                <\/div><\/figure><figure class='gallery-item'>\r\n            <div class='gallery-icon landscape'>\r\n                <a href='https:\/\/www.supercars.net\/blog\/wp-content\/uploads\/2018\/05\/2018-Tour-Auto-Rally-55-1.jpg' class='tipi-lightbox'>\r\n\t\t\t\t<a href='https:\/\/www.supercars.net\/blog\/wp-content\/uploads\/2018\/05\/2018-Tour-Auto-Rally-55-1.jpg'><img decoding=\"async\" width=\"1150\" height=\"767\" src=\"https:\/\/www.supercars.net\/blog\/wp-content\/uploads\/2018\/05\/2018-Tour-Auto-Rally-55-1.jpg\" class=\"attachment-full size-full\" alt=\"\" srcset=\"https:\/\/www.supercars.net\/blog\/wp-content\/uploads\/2018\/05\/2018-Tour-Auto-Rally-55-1.jpg 1150w, https:\/\/www.supercars.net\/blog\/wp-content\/uploads\/2018\/05\/2018-Tour-Auto-Rally-55-1-300x200.jpg 300w, https:\/\/www.supercars.net\/blog\/wp-content\/uploads\/2018\/05\/2018-Tour-Auto-Rally-55-1-1024x683.jpg 1024w, https:\/\/www.supercars.net\/blog\/wp-content\/uploads\/2018\/05\/2018-Tour-Auto-Rally-55-1-100x67.jpg 100w, https:\/\/www.supercars.net\/blog\/wp-content\/uploads\/2018\/05\/2018-Tour-Auto-Rally-55-1-770x514.jpg 770w, https:\/\/www.supercars.net\/blog\/wp-content\/uploads\/2018\/05\/2018-Tour-Auto-Rally-55-1-360x240.jpg 360w, https:\/\/www.supercars.net\/blog\/wp-content\/uploads\/2018\/05\/2018-Tour-Auto-Rally-55-1-370x247.jpg 370w, https:\/\/www.supercars.net\/blog\/wp-content\/uploads\/2018\/05\/2018-Tour-Auto-Rally-55-1-293x195.jpg 293w\" sizes=\"(max-width: 1150px) 100vw, 1150px\" \/><\/a>\r\n\t\t\t\t<\/a>\r\n            <\/div>\r\n                <div class='wp-caption-text gallery-caption'>\r\n                James COTTINGHAM \/ Andrew SMITH GBR \/ GBR FORD GT40 MKI 1965\r\n                <\/div><\/figure><figure class='gallery-item'>\r\n            <div class='gallery-icon landscape'>\r\n                <a href='https:\/\/www.supercars.net\/blog\/wp-content\/uploads\/2018\/05\/2018-Tour-Auto-Rally-56-1.jpg' class='tipi-lightbox'>\r\n\t\t\t\t<a href='https:\/\/www.supercars.net\/blog\/wp-content\/uploads\/2018\/05\/2018-Tour-Auto-Rally-56-1.jpg'><img decoding=\"async\" width=\"1150\" height=\"767\" src=\"https:\/\/www.supercars.net\/blog\/wp-content\/uploads\/2018\/05\/2018-Tour-Auto-Rally-56-1.jpg\" class=\"attachment-full size-full\" alt=\"\" srcset=\"https:\/\/www.supercars.net\/blog\/wp-content\/uploads\/2018\/05\/2018-Tour-Auto-Rally-56-1.jpg 1150w, https:\/\/www.supercars.net\/blog\/wp-content\/uploads\/2018\/05\/2018-Tour-Auto-Rally-56-1-300x200.jpg 300w, https:\/\/www.supercars.net\/blog\/wp-content\/uploads\/2018\/05\/2018-Tour-Auto-Rally-56-1-1024x683.jpg 1024w, https:\/\/www.supercars.net\/blog\/wp-content\/uploads\/2018\/05\/2018-Tour-Auto-Rally-56-1-100x67.jpg 100w, https:\/\/www.supercars.net\/blog\/wp-content\/uploads\/2018\/05\/2018-Tour-Auto-Rally-56-1-770x514.jpg 770w, https:\/\/www.supercars.net\/blog\/wp-content\/uploads\/2018\/05\/2018-Tour-Auto-Rally-56-1-360x240.jpg 360w, https:\/\/www.supercars.net\/blog\/wp-content\/uploads\/2018\/05\/2018-Tour-Auto-Rally-56-1-370x247.jpg 370w, https:\/\/www.supercars.net\/blog\/wp-content\/uploads\/2018\/05\/2018-Tour-Auto-Rally-56-1-293x195.jpg 293w\" sizes=\"(max-width: 1150px) 100vw, 1150px\" \/><\/a>\r\n\t\t\t\t<\/a>\r\n            <\/div>\r\n                <div class='wp-caption-text gallery-caption'>\r\n                2018 Tour Auto Rally\r\n                <\/div><\/figure><figure class='gallery-item'>\r\n            <div class='gallery-icon landscape'>\r\n                <a href='https:\/\/www.supercars.net\/blog\/wp-content\/uploads\/2018\/05\/2018-Tour-Auto-Rally-57-1.jpg' class='tipi-lightbox'>\r\n\t\t\t\t<a href='https:\/\/www.supercars.net\/blog\/wp-content\/uploads\/2018\/05\/2018-Tour-Auto-Rally-57-1.jpg'><img decoding=\"async\" width=\"1150\" height=\"767\" src=\"https:\/\/www.supercars.net\/blog\/wp-content\/uploads\/2018\/05\/2018-Tour-Auto-Rally-57-1.jpg\" class=\"attachment-full size-full\" alt=\"\" srcset=\"https:\/\/www.supercars.net\/blog\/wp-content\/uploads\/2018\/05\/2018-Tour-Auto-Rally-57-1.jpg 1150w, https:\/\/www.supercars.net\/blog\/wp-content\/uploads\/2018\/05\/2018-Tour-Auto-Rally-57-1-300x200.jpg 300w, https:\/\/www.supercars.net\/blog\/wp-content\/uploads\/2018\/05\/2018-Tour-Auto-Rally-57-1-1024x683.jpg 1024w, https:\/\/www.supercars.net\/blog\/wp-content\/uploads\/2018\/05\/2018-Tour-Auto-Rally-57-1-100x67.jpg 100w, https:\/\/www.supercars.net\/blog\/wp-content\/uploads\/2018\/05\/2018-Tour-Auto-Rally-57-1-770x514.jpg 770w, https:\/\/www.supercars.net\/blog\/wp-content\/uploads\/2018\/05\/2018-Tour-Auto-Rally-57-1-360x240.jpg 360w, https:\/\/www.supercars.net\/blog\/wp-content\/uploads\/2018\/05\/2018-Tour-Auto-Rally-57-1-370x247.jpg 370w, https:\/\/www.supercars.net\/blog\/wp-content\/uploads\/2018\/05\/2018-Tour-Auto-Rally-57-1-293x195.jpg 293w\" sizes=\"(max-width: 1150px) 100vw, 1150px\" \/><\/a>\r\n\t\t\t\t<\/a>\r\n            <\/div>\r\n                <div class='wp-caption-text gallery-caption'>\r\n                2018 Tour Auto Rally\r\n                <\/div><\/figure><figure class='gallery-item'>\r\n            <div class='gallery-icon landscape'>\r\n                <a href='https:\/\/www.supercars.net\/blog\/wp-content\/uploads\/2018\/05\/2018-Tour-Auto-Rally-58-1.jpg' class='tipi-lightbox'>\r\n\t\t\t\t<a href='https:\/\/www.supercars.net\/blog\/wp-content\/uploads\/2018\/05\/2018-Tour-Auto-Rally-58-1.jpg'><img decoding=\"async\" width=\"1150\" height=\"767\" src=\"https:\/\/www.supercars.net\/blog\/wp-content\/uploads\/2018\/05\/2018-Tour-Auto-Rally-58-1.jpg\" class=\"attachment-full size-full\" alt=\"\" srcset=\"https:\/\/www.supercars.net\/blog\/wp-content\/uploads\/2018\/05\/2018-Tour-Auto-Rally-58-1.jpg 1150w, https:\/\/www.supercars.net\/blog\/wp-content\/uploads\/2018\/05\/2018-Tour-Auto-Rally-58-1-300x200.jpg 300w, https:\/\/www.supercars.net\/blog\/wp-content\/uploads\/2018\/05\/2018-Tour-Auto-Rally-58-1-1024x683.jpg 1024w, https:\/\/www.supercars.net\/blog\/wp-content\/uploads\/2018\/05\/2018-Tour-Auto-Rally-58-1-100x67.jpg 100w, https:\/\/www.supercars.net\/blog\/wp-content\/uploads\/2018\/05\/2018-Tour-Auto-Rally-58-1-770x514.jpg 770w, https:\/\/www.supercars.net\/blog\/wp-content\/uploads\/2018\/05\/2018-Tour-Auto-Rally-58-1-360x240.jpg 360w, https:\/\/www.supercars.net\/blog\/wp-content\/uploads\/2018\/05\/2018-Tour-Auto-Rally-58-1-370x247.jpg 370w, https:\/\/www.supercars.net\/blog\/wp-content\/uploads\/2018\/05\/2018-Tour-Auto-Rally-58-1-293x195.jpg 293w\" sizes=\"(max-width: 1150px) 100vw, 1150px\" \/><\/a>\r\n\t\t\t\t<\/a>\r\n            <\/div>\r\n                <div class='wp-caption-text gallery-caption'>\r\n                BMW 2002 &#8211; 2018 Tour Auto Rally\r\n                <\/div><\/figure><figure class='gallery-item'>\r\n            <div class='gallery-icon landscape'>\r\n                <a href='https:\/\/www.supercars.net\/blog\/wp-content\/uploads\/2018\/05\/2018-Tour-Auto-Rally-59-1.jpg' class='tipi-lightbox'>\r\n\t\t\t\t<a href='https:\/\/www.supercars.net\/blog\/wp-content\/uploads\/2018\/05\/2018-Tour-Auto-Rally-59-1.jpg'><img decoding=\"async\" width=\"1150\" height=\"767\" src=\"https:\/\/www.supercars.net\/blog\/wp-content\/uploads\/2018\/05\/2018-Tour-Auto-Rally-59-1.jpg\" class=\"attachment-full size-full\" alt=\"\" srcset=\"https:\/\/www.supercars.net\/blog\/wp-content\/uploads\/2018\/05\/2018-Tour-Auto-Rally-59-1.jpg 1150w, https:\/\/www.supercars.net\/blog\/wp-content\/uploads\/2018\/05\/2018-Tour-Auto-Rally-59-1-300x200.jpg 300w, https:\/\/www.supercars.net\/blog\/wp-content\/uploads\/2018\/05\/2018-Tour-Auto-Rally-59-1-1024x683.jpg 1024w, https:\/\/www.supercars.net\/blog\/wp-content\/uploads\/2018\/05\/2018-Tour-Auto-Rally-59-1-100x67.jpg 100w, https:\/\/www.supercars.net\/blog\/wp-content\/uploads\/2018\/05\/2018-Tour-Auto-Rally-59-1-770x514.jpg 770w, https:\/\/www.supercars.net\/blog\/wp-content\/uploads\/2018\/05\/2018-Tour-Auto-Rally-59-1-360x240.jpg 360w, https:\/\/www.supercars.net\/blog\/wp-content\/uploads\/2018\/05\/2018-Tour-Auto-Rally-59-1-370x247.jpg 370w, https:\/\/www.supercars.net\/blog\/wp-content\/uploads\/2018\/05\/2018-Tour-Auto-Rally-59-1-293x195.jpg 293w\" sizes=\"(max-width: 1150px) 100vw, 1150px\" \/><\/a>\r\n\t\t\t\t<\/a>\r\n            <\/div>\r\n                <div class='wp-caption-text gallery-caption'>\r\n                Richard MILLE \/ Yvan MAHE FRA \/ FRA FORD Galaxie 1963\r\n                <\/div><\/figure><figure class='gallery-item'>\r\n            <div class='gallery-icon landscape'>\r\n                <a href='https:\/\/www.supercars.net\/blog\/wp-content\/uploads\/2018\/05\/2018-Tour-Auto-Rally-60-1.jpg' class='tipi-lightbox'>\r\n\t\t\t\t<a href='https:\/\/www.supercars.net\/blog\/wp-content\/uploads\/2018\/05\/2018-Tour-Auto-Rally-60-1.jpg'><img decoding=\"async\" width=\"1150\" height=\"767\" src=\"https:\/\/www.supercars.net\/blog\/wp-content\/uploads\/2018\/05\/2018-Tour-Auto-Rally-60-1.jpg\" class=\"attachment-full size-full\" alt=\"\" srcset=\"https:\/\/www.supercars.net\/blog\/wp-content\/uploads\/2018\/05\/2018-Tour-Auto-Rally-60-1.jpg 1150w, https:\/\/www.supercars.net\/blog\/wp-content\/uploads\/2018\/05\/2018-Tour-Auto-Rally-60-1-300x200.jpg 300w, https:\/\/www.supercars.net\/blog\/wp-content\/uploads\/2018\/05\/2018-Tour-Auto-Rally-60-1-1024x683.jpg 1024w, https:\/\/www.supercars.net\/blog\/wp-content\/uploads\/2018\/05\/2018-Tour-Auto-Rally-60-1-100x67.jpg 100w, https:\/\/www.supercars.net\/blog\/wp-content\/uploads\/2018\/05\/2018-Tour-Auto-Rally-60-1-770x514.jpg 770w, https:\/\/www.supercars.net\/blog\/wp-content\/uploads\/2018\/05\/2018-Tour-Auto-Rally-60-1-360x240.jpg 360w, https:\/\/www.supercars.net\/blog\/wp-content\/uploads\/2018\/05\/2018-Tour-Auto-Rally-60-1-370x247.jpg 370w, https:\/\/www.supercars.net\/blog\/wp-content\/uploads\/2018\/05\/2018-Tour-Auto-Rally-60-1-293x195.jpg 293w\" sizes=\"(max-width: 1150px) 100vw, 1150px\" \/><\/a>\r\n\t\t\t\t<\/a>\r\n            <\/div>\r\n                <div class='wp-caption-text gallery-caption'>\r\n                2018 Tour Auto Rally\r\n                <\/div><\/figure><figure class='gallery-item'>\r\n            <div class='gallery-icon landscape'>\r\n                <a href='https:\/\/www.supercars.net\/blog\/wp-content\/uploads\/2018\/05\/2018-Tour-Auto-Rally-61-1.jpg' class='tipi-lightbox'>\r\n\t\t\t\t<a href='https:\/\/www.supercars.net\/blog\/wp-content\/uploads\/2018\/05\/2018-Tour-Auto-Rally-61-1.jpg'><img decoding=\"async\" width=\"1150\" height=\"767\" src=\"https:\/\/www.supercars.net\/blog\/wp-content\/uploads\/2018\/05\/2018-Tour-Auto-Rally-61-1.jpg\" class=\"attachment-full size-full\" alt=\"\" srcset=\"https:\/\/www.supercars.net\/blog\/wp-content\/uploads\/2018\/05\/2018-Tour-Auto-Rally-61-1.jpg 1150w, https:\/\/www.supercars.net\/blog\/wp-content\/uploads\/2018\/05\/2018-Tour-Auto-Rally-61-1-300x200.jpg 300w, https:\/\/www.supercars.net\/blog\/wp-content\/uploads\/2018\/05\/2018-Tour-Auto-Rally-61-1-1024x683.jpg 1024w, https:\/\/www.supercars.net\/blog\/wp-content\/uploads\/2018\/05\/2018-Tour-Auto-Rally-61-1-100x67.jpg 100w, https:\/\/www.supercars.net\/blog\/wp-content\/uploads\/2018\/05\/2018-Tour-Auto-Rally-61-1-770x514.jpg 770w, https:\/\/www.supercars.net\/blog\/wp-content\/uploads\/2018\/05\/2018-Tour-Auto-Rally-61-1-360x240.jpg 360w, https:\/\/www.supercars.net\/blog\/wp-content\/uploads\/2018\/05\/2018-Tour-Auto-Rally-61-1-370x247.jpg 370w, https:\/\/www.supercars.net\/blog\/wp-content\/uploads\/2018\/05\/2018-Tour-Auto-Rally-61-1-293x195.jpg 293w\" sizes=\"(max-width: 1150px) 100vw, 1150px\" \/><\/a>\r\n\t\t\t\t<\/a>\r\n            <\/div>\r\n                <div class='wp-caption-text gallery-caption'>\r\n                Tomas HINRICHSEN \/ Solange MAYO ARG \/ ARG MASERATI 200 SI 1957\r\n                <\/div><\/figure><figure class='gallery-item'>\r\n            <div class='gallery-icon landscape'>\r\n                <a href='https:\/\/www.supercars.net\/blog\/wp-content\/uploads\/2018\/05\/2018-Tour-Auto-Rally-62-1.jpg' class='tipi-lightbox'>\r\n\t\t\t\t<a href='https:\/\/www.supercars.net\/blog\/wp-content\/uploads\/2018\/05\/2018-Tour-Auto-Rally-62-1.jpg'><img decoding=\"async\" width=\"1150\" height=\"767\" src=\"https:\/\/www.supercars.net\/blog\/wp-content\/uploads\/2018\/05\/2018-Tour-Auto-Rally-62-1.jpg\" class=\"attachment-full size-full\" alt=\"\" srcset=\"https:\/\/www.supercars.net\/blog\/wp-content\/uploads\/2018\/05\/2018-Tour-Auto-Rally-62-1.jpg 1150w, https:\/\/www.supercars.net\/blog\/wp-content\/uploads\/2018\/05\/2018-Tour-Auto-Rally-62-1-300x200.jpg 300w, https:\/\/www.supercars.net\/blog\/wp-content\/uploads\/2018\/05\/2018-Tour-Auto-Rally-62-1-1024x683.jpg 1024w, https:\/\/www.supercars.net\/blog\/wp-content\/uploads\/2018\/05\/2018-Tour-Auto-Rally-62-1-100x67.jpg 100w, https:\/\/www.supercars.net\/blog\/wp-content\/uploads\/2018\/05\/2018-Tour-Auto-Rally-62-1-770x514.jpg 770w, https:\/\/www.supercars.net\/blog\/wp-content\/uploads\/2018\/05\/2018-Tour-Auto-Rally-62-1-360x240.jpg 360w, https:\/\/www.supercars.net\/blog\/wp-content\/uploads\/2018\/05\/2018-Tour-Auto-Rally-62-1-370x247.jpg 370w, https:\/\/www.supercars.net\/blog\/wp-content\/uploads\/2018\/05\/2018-Tour-Auto-Rally-62-1-293x195.jpg 293w\" sizes=\"(max-width: 1150px) 100vw, 1150px\" \/><\/a>\r\n\t\t\t\t<\/a>\r\n            <\/div>\r\n                <div class='wp-caption-text gallery-caption'>\r\n                Christophe MERY \/ Jacques de VOGEL CHE \/ FRA PORSCHE 356 A 1956\r\n                <\/div><\/figure><figure class='gallery-item'>\r\n            <div class='gallery-icon landscape'>\r\n                <a href='https:\/\/www.supercars.net\/blog\/wp-content\/uploads\/2018\/05\/2018-Tour-Auto-Rally-64-1.jpg' class='tipi-lightbox'>\r\n\t\t\t\t<a href='https:\/\/www.supercars.net\/blog\/wp-content\/uploads\/2018\/05\/2018-Tour-Auto-Rally-64-1.jpg'><img decoding=\"async\" width=\"1150\" height=\"767\" src=\"https:\/\/www.supercars.net\/blog\/wp-content\/uploads\/2018\/05\/2018-Tour-Auto-Rally-64-1.jpg\" class=\"attachment-full size-full\" alt=\"\" srcset=\"https:\/\/www.supercars.net\/blog\/wp-content\/uploads\/2018\/05\/2018-Tour-Auto-Rally-64-1.jpg 1150w, https:\/\/www.supercars.net\/blog\/wp-content\/uploads\/2018\/05\/2018-Tour-Auto-Rally-64-1-300x200.jpg 300w, https:\/\/www.supercars.net\/blog\/wp-content\/uploads\/2018\/05\/2018-Tour-Auto-Rally-64-1-1024x683.jpg 1024w, https:\/\/www.supercars.net\/blog\/wp-content\/uploads\/2018\/05\/2018-Tour-Auto-Rally-64-1-100x67.jpg 100w, https:\/\/www.supercars.net\/blog\/wp-content\/uploads\/2018\/05\/2018-Tour-Auto-Rally-64-1-770x514.jpg 770w, https:\/\/www.supercars.net\/blog\/wp-content\/uploads\/2018\/05\/2018-Tour-Auto-Rally-64-1-360x240.jpg 360w, https:\/\/www.supercars.net\/blog\/wp-content\/uploads\/2018\/05\/2018-Tour-Auto-Rally-64-1-370x247.jpg 370w, https:\/\/www.supercars.net\/blog\/wp-content\/uploads\/2018\/05\/2018-Tour-Auto-Rally-64-1-293x195.jpg 293w\" sizes=\"(max-width: 1150px) 100vw, 1150px\" \/><\/a>\r\n\t\t\t\t<\/a>\r\n            <\/div>\r\n                <div class='wp-caption-text gallery-caption'>\r\n                Norbert SCHMITZ KOEP \/ Stephen CURTIS DEU \/ GBR FERRARI 250 GT Boano 1957\r\n                <\/div><\/figure><figure class='gallery-item'>\r\n            <div class='gallery-icon landscape'>\r\n                <a href='https:\/\/www.supercars.net\/blog\/wp-content\/uploads\/2018\/05\/2018-Tour-Auto-Rally-65-1.jpg' class='tipi-lightbox'>\r\n\t\t\t\t<a href='https:\/\/www.supercars.net\/blog\/wp-content\/uploads\/2018\/05\/2018-Tour-Auto-Rally-65-1.jpg'><img decoding=\"async\" width=\"1150\" height=\"767\" src=\"https:\/\/www.supercars.net\/blog\/wp-content\/uploads\/2018\/05\/2018-Tour-Auto-Rally-65-1.jpg\" class=\"attachment-full size-full\" alt=\"\" srcset=\"https:\/\/www.supercars.net\/blog\/wp-content\/uploads\/2018\/05\/2018-Tour-Auto-Rally-65-1.jpg 1150w, https:\/\/www.supercars.net\/blog\/wp-content\/uploads\/2018\/05\/2018-Tour-Auto-Rally-65-1-300x200.jpg 300w, https:\/\/www.supercars.net\/blog\/wp-content\/uploads\/2018\/05\/2018-Tour-Auto-Rally-65-1-1024x683.jpg 1024w, https:\/\/www.supercars.net\/blog\/wp-content\/uploads\/2018\/05\/2018-Tour-Auto-Rally-65-1-100x67.jpg 100w, https:\/\/www.supercars.net\/blog\/wp-content\/uploads\/2018\/05\/2018-Tour-Auto-Rally-65-1-770x514.jpg 770w, https:\/\/www.supercars.net\/blog\/wp-content\/uploads\/2018\/05\/2018-Tour-Auto-Rally-65-1-360x240.jpg 360w, https:\/\/www.supercars.net\/blog\/wp-content\/uploads\/2018\/05\/2018-Tour-Auto-Rally-65-1-370x247.jpg 370w, https:\/\/www.supercars.net\/blog\/wp-content\/uploads\/2018\/05\/2018-Tour-Auto-Rally-65-1-293x195.jpg 293w\" sizes=\"(max-width: 1150px) 100vw, 1150px\" \/><\/a>\r\n\t\t\t\t<\/a>\r\n            <\/div>\r\n                <div class='wp-caption-text gallery-caption'>\r\n                Robert JANER \/ Antoine JANER FRA \/ FRA ASTON MARTIN DB 2\/4 Mk III 1958\r\n                <\/div><\/figure><figure class='gallery-item'>\r\n            <div class='gallery-icon landscape'>\r\n                <a href='https:\/\/www.supercars.net\/blog\/wp-content\/uploads\/2018\/05\/2018-Tour-Auto-Rally-66-1.jpg' class='tipi-lightbox'>\r\n\t\t\t\t<a href='https:\/\/www.supercars.net\/blog\/wp-content\/uploads\/2018\/05\/2018-Tour-Auto-Rally-66-1.jpg'><img decoding=\"async\" width=\"1150\" height=\"767\" src=\"https:\/\/www.supercars.net\/blog\/wp-content\/uploads\/2018\/05\/2018-Tour-Auto-Rally-66-1.jpg\" class=\"attachment-full size-full\" alt=\"\" srcset=\"https:\/\/www.supercars.net\/blog\/wp-content\/uploads\/2018\/05\/2018-Tour-Auto-Rally-66-1.jpg 1150w, https:\/\/www.supercars.net\/blog\/wp-content\/uploads\/2018\/05\/2018-Tour-Auto-Rally-66-1-300x200.jpg 300w, https:\/\/www.supercars.net\/blog\/wp-content\/uploads\/2018\/05\/2018-Tour-Auto-Rally-66-1-1024x683.jpg 1024w, https:\/\/www.supercars.net\/blog\/wp-content\/uploads\/2018\/05\/2018-Tour-Auto-Rally-66-1-100x67.jpg 100w, https:\/\/www.supercars.net\/blog\/wp-content\/uploads\/2018\/05\/2018-Tour-Auto-Rally-66-1-770x514.jpg 770w, https:\/\/www.supercars.net\/blog\/wp-content\/uploads\/2018\/05\/2018-Tour-Auto-Rally-66-1-360x240.jpg 360w, https:\/\/www.supercars.net\/blog\/wp-content\/uploads\/2018\/05\/2018-Tour-Auto-Rally-66-1-370x247.jpg 370w, https:\/\/www.supercars.net\/blog\/wp-content\/uploads\/2018\/05\/2018-Tour-Auto-Rally-66-1-293x195.jpg 293w\" sizes=\"(max-width: 1150px) 100vw, 1150px\" \/><\/a>\r\n\t\t\t\t<\/a>\r\n            <\/div>\r\n                <div class='wp-caption-text gallery-caption'>\r\n                Stephane PECULIER \/ Stephanie VIELLARD FRA \/ FRA OPEL 1900 GT 1973\r\n                <\/div><\/figure><figure class='gallery-item'>\r\n            <div class='gallery-icon landscape'>\r\n                <a href='https:\/\/www.supercars.net\/blog\/wp-content\/uploads\/2018\/05\/2018-Tour-Auto-Rally-67-1.jpg' class='tipi-lightbox'>\r\n\t\t\t\t<a href='https:\/\/www.supercars.net\/blog\/wp-content\/uploads\/2018\/05\/2018-Tour-Auto-Rally-67-1.jpg'><img decoding=\"async\" width=\"1150\" height=\"767\" src=\"https:\/\/www.supercars.net\/blog\/wp-content\/uploads\/2018\/05\/2018-Tour-Auto-Rally-67-1.jpg\" class=\"attachment-full size-full\" alt=\"\" srcset=\"https:\/\/www.supercars.net\/blog\/wp-content\/uploads\/2018\/05\/2018-Tour-Auto-Rally-67-1.jpg 1150w, https:\/\/www.supercars.net\/blog\/wp-content\/uploads\/2018\/05\/2018-Tour-Auto-Rally-67-1-300x200.jpg 300w, https:\/\/www.supercars.net\/blog\/wp-content\/uploads\/2018\/05\/2018-Tour-Auto-Rally-67-1-1024x683.jpg 1024w, https:\/\/www.supercars.net\/blog\/wp-content\/uploads\/2018\/05\/2018-Tour-Auto-Rally-67-1-100x67.jpg 100w, https:\/\/www.supercars.net\/blog\/wp-content\/uploads\/2018\/05\/2018-Tour-Auto-Rally-67-1-770x514.jpg 770w, https:\/\/www.supercars.net\/blog\/wp-content\/uploads\/2018\/05\/2018-Tour-Auto-Rally-67-1-360x240.jpg 360w, https:\/\/www.supercars.net\/blog\/wp-content\/uploads\/2018\/05\/2018-Tour-Auto-Rally-67-1-370x247.jpg 370w, https:\/\/www.supercars.net\/blog\/wp-content\/uploads\/2018\/05\/2018-Tour-Auto-Rally-67-1-293x195.jpg 293w\" sizes=\"(max-width: 1150px) 100vw, 1150px\" \/><\/a>\r\n\t\t\t\t<\/a>\r\n            <\/div>\r\n                <div class='wp-caption-text gallery-caption'>\r\n                Pierre MOREL \/ Xavier BONNEVILLE FRA \/ FRA CHEVROLET Corvette C3 1969\r\n                <\/div><\/figure><figure class='gallery-item'>\r\n            <div class='gallery-icon landscape'>\r\n                <a href='https:\/\/www.supercars.net\/blog\/wp-content\/uploads\/2018\/05\/2018-Tour-Auto-Rally-68-1.jpg' class='tipi-lightbox'>\r\n\t\t\t\t<a href='https:\/\/www.supercars.net\/blog\/wp-content\/uploads\/2018\/05\/2018-Tour-Auto-Rally-68-1.jpg'><img decoding=\"async\" width=\"1150\" height=\"767\" src=\"https:\/\/www.supercars.net\/blog\/wp-content\/uploads\/2018\/05\/2018-Tour-Auto-Rally-68-1.jpg\" class=\"attachment-full size-full\" alt=\"\" srcset=\"https:\/\/www.supercars.net\/blog\/wp-content\/uploads\/2018\/05\/2018-Tour-Auto-Rally-68-1.jpg 1150w, https:\/\/www.supercars.net\/blog\/wp-content\/uploads\/2018\/05\/2018-Tour-Auto-Rally-68-1-300x200.jpg 300w, https:\/\/www.supercars.net\/blog\/wp-content\/uploads\/2018\/05\/2018-Tour-Auto-Rally-68-1-1024x683.jpg 1024w, https:\/\/www.supercars.net\/blog\/wp-content\/uploads\/2018\/05\/2018-Tour-Auto-Rally-68-1-100x67.jpg 100w, https:\/\/www.supercars.net\/blog\/wp-content\/uploads\/2018\/05\/2018-Tour-Auto-Rally-68-1-770x514.jpg 770w, https:\/\/www.supercars.net\/blog\/wp-content\/uploads\/2018\/05\/2018-Tour-Auto-Rally-68-1-360x240.jpg 360w, https:\/\/www.supercars.net\/blog\/wp-content\/uploads\/2018\/05\/2018-Tour-Auto-Rally-68-1-370x247.jpg 370w, https:\/\/www.supercars.net\/blog\/wp-content\/uploads\/2018\/05\/2018-Tour-Auto-Rally-68-1-293x195.jpg 293w\" sizes=\"(max-width: 1150px) 100vw, 1150px\" \/><\/a>\r\n\t\t\t\t<\/a>\r\n            <\/div>\r\n                <div class='wp-caption-text gallery-caption'>\r\n                BMW 2002 Tii duo &#8211; 2018 Tour Auto Rally\r\n                <\/div><\/figure><figure class='gallery-item'>\r\n            <div class='gallery-icon landscape'>\r\n                <a href='https:\/\/www.supercars.net\/blog\/wp-content\/uploads\/2018\/05\/2018-Tour-Auto-Rally-69-1.jpg' class='tipi-lightbox'>\r\n\t\t\t\t<a href='https:\/\/www.supercars.net\/blog\/wp-content\/uploads\/2018\/05\/2018-Tour-Auto-Rally-69-1.jpg'><img decoding=\"async\" width=\"1150\" height=\"767\" src=\"https:\/\/www.supercars.net\/blog\/wp-content\/uploads\/2018\/05\/2018-Tour-Auto-Rally-69-1.jpg\" class=\"attachment-full size-full\" alt=\"\" srcset=\"https:\/\/www.supercars.net\/blog\/wp-content\/uploads\/2018\/05\/2018-Tour-Auto-Rally-69-1.jpg 1150w, https:\/\/www.supercars.net\/blog\/wp-content\/uploads\/2018\/05\/2018-Tour-Auto-Rally-69-1-300x200.jpg 300w, https:\/\/www.supercars.net\/blog\/wp-content\/uploads\/2018\/05\/2018-Tour-Auto-Rally-69-1-1024x683.jpg 1024w, https:\/\/www.supercars.net\/blog\/wp-content\/uploads\/2018\/05\/2018-Tour-Auto-Rally-69-1-100x67.jpg 100w, https:\/\/www.supercars.net\/blog\/wp-content\/uploads\/2018\/05\/2018-Tour-Auto-Rally-69-1-770x514.jpg 770w, https:\/\/www.supercars.net\/blog\/wp-content\/uploads\/2018\/05\/2018-Tour-Auto-Rally-69-1-360x240.jpg 360w, https:\/\/www.supercars.net\/blog\/wp-content\/uploads\/2018\/05\/2018-Tour-Auto-Rally-69-1-370x247.jpg 370w, https:\/\/www.supercars.net\/blog\/wp-content\/uploads\/2018\/05\/2018-Tour-Auto-Rally-69-1-293x195.jpg 293w\" sizes=\"(max-width: 1150px) 100vw, 1150px\" \/><\/a>\r\n\t\t\t\t<\/a>\r\n            <\/div>\r\n                <div class='wp-caption-text gallery-caption'>\r\n                Jean-Michel ARLAUD \/ Marie-Francoise ARLAUD FRA \/ FRA PORSCHE 356 B Coupe 1600 S 90 1961\r\n                <\/div><\/figure><figure class='gallery-item'>\r\n            <div class='gallery-icon landscape'>\r\n                <a href='https:\/\/www.supercars.net\/blog\/wp-content\/uploads\/2018\/05\/2018-Tour-Auto-Rally-70-1.jpg' class='tipi-lightbox'>\r\n\t\t\t\t<a href='https:\/\/www.supercars.net\/blog\/wp-content\/uploads\/2018\/05\/2018-Tour-Auto-Rally-70-1.jpg'><img decoding=\"async\" width=\"1150\" height=\"767\" src=\"https:\/\/www.supercars.net\/blog\/wp-content\/uploads\/2018\/05\/2018-Tour-Auto-Rally-70-1.jpg\" class=\"attachment-full size-full\" alt=\"\" srcset=\"https:\/\/www.supercars.net\/blog\/wp-content\/uploads\/2018\/05\/2018-Tour-Auto-Rally-70-1.jpg 1150w, https:\/\/www.supercars.net\/blog\/wp-content\/uploads\/2018\/05\/2018-Tour-Auto-Rally-70-1-300x200.jpg 300w, https:\/\/www.supercars.net\/blog\/wp-content\/uploads\/2018\/05\/2018-Tour-Auto-Rally-70-1-1024x683.jpg 1024w, https:\/\/www.supercars.net\/blog\/wp-content\/uploads\/2018\/05\/2018-Tour-Auto-Rally-70-1-100x67.jpg 100w, https:\/\/www.supercars.net\/blog\/wp-content\/uploads\/2018\/05\/2018-Tour-Auto-Rally-70-1-770x514.jpg 770w, https:\/\/www.supercars.net\/blog\/wp-content\/uploads\/2018\/05\/2018-Tour-Auto-Rally-70-1-360x240.jpg 360w, https:\/\/www.supercars.net\/blog\/wp-content\/uploads\/2018\/05\/2018-Tour-Auto-Rally-70-1-370x247.jpg 370w, https:\/\/www.supercars.net\/blog\/wp-content\/uploads\/2018\/05\/2018-Tour-Auto-Rally-70-1-293x195.jpg 293w\" sizes=\"(max-width: 1150px) 100vw, 1150px\" \/><\/a>\r\n\t\t\t\t<\/a>\r\n            <\/div>\r\n                <div class='wp-caption-text gallery-caption'>\r\n                Simon NOBILI \/ Emmanuel DRAI ITA \/ FRA JAGUAR MKII 3,8L 1961\r\n                <\/div><\/figure><figure class='gallery-item'>\r\n            <div class='gallery-icon landscape'>\r\n                <a href='https:\/\/www.supercars.net\/blog\/wp-content\/uploads\/2018\/05\/2018-Tour-Auto-Rally-71-1.jpg' class='tipi-lightbox'>\r\n\t\t\t\t<a href='https:\/\/www.supercars.net\/blog\/wp-content\/uploads\/2018\/05\/2018-Tour-Auto-Rally-71-1.jpg'><img decoding=\"async\" width=\"1150\" height=\"767\" src=\"https:\/\/www.supercars.net\/blog\/wp-content\/uploads\/2018\/05\/2018-Tour-Auto-Rally-71-1.jpg\" class=\"attachment-full size-full\" alt=\"\" srcset=\"https:\/\/www.supercars.net\/blog\/wp-content\/uploads\/2018\/05\/2018-Tour-Auto-Rally-71-1.jpg 1150w, https:\/\/www.supercars.net\/blog\/wp-content\/uploads\/2018\/05\/2018-Tour-Auto-Rally-71-1-300x200.jpg 300w, https:\/\/www.supercars.net\/blog\/wp-content\/uploads\/2018\/05\/2018-Tour-Auto-Rally-71-1-1024x683.jpg 1024w, https:\/\/www.supercars.net\/blog\/wp-content\/uploads\/2018\/05\/2018-Tour-Auto-Rally-71-1-100x67.jpg 100w, https:\/\/www.supercars.net\/blog\/wp-content\/uploads\/2018\/05\/2018-Tour-Auto-Rally-71-1-770x514.jpg 770w, https:\/\/www.supercars.net\/blog\/wp-content\/uploads\/2018\/05\/2018-Tour-Auto-Rally-71-1-360x240.jpg 360w, https:\/\/www.supercars.net\/blog\/wp-content\/uploads\/2018\/05\/2018-Tour-Auto-Rally-71-1-370x247.jpg 370w, https:\/\/www.supercars.net\/blog\/wp-content\/uploads\/2018\/05\/2018-Tour-Auto-Rally-71-1-293x195.jpg 293w\" sizes=\"(max-width: 1150px) 100vw, 1150px\" \/><\/a>\r\n\t\t\t\t<\/a>\r\n            <\/div>\r\n                <div class='wp-caption-text gallery-caption'>\r\n                Joachim von FINCKENSTEIN \/ Christina von FINCKENSTEIN DEU \/ DEU AUTOBIANCHI A112 Abarth 1975\r\n                <\/div><\/figure><figure class='gallery-item'>\r\n            <div class='gallery-icon landscape'>\r\n                <a href='https:\/\/www.supercars.net\/blog\/wp-content\/uploads\/2018\/05\/2018-Tour-Auto-Rally-72-1.jpg' class='tipi-lightbox'>\r\n\t\t\t\t<a href='https:\/\/www.supercars.net\/blog\/wp-content\/uploads\/2018\/05\/2018-Tour-Auto-Rally-72-1.jpg'><img decoding=\"async\" width=\"1150\" height=\"767\" src=\"https:\/\/www.supercars.net\/blog\/wp-content\/uploads\/2018\/05\/2018-Tour-Auto-Rally-72-1.jpg\" class=\"attachment-full size-full\" alt=\"\" srcset=\"https:\/\/www.supercars.net\/blog\/wp-content\/uploads\/2018\/05\/2018-Tour-Auto-Rally-72-1.jpg 1150w, https:\/\/www.supercars.net\/blog\/wp-content\/uploads\/2018\/05\/2018-Tour-Auto-Rally-72-1-300x200.jpg 300w, https:\/\/www.supercars.net\/blog\/wp-content\/uploads\/2018\/05\/2018-Tour-Auto-Rally-72-1-1024x683.jpg 1024w, https:\/\/www.supercars.net\/blog\/wp-content\/uploads\/2018\/05\/2018-Tour-Auto-Rally-72-1-100x67.jpg 100w, https:\/\/www.supercars.net\/blog\/wp-content\/uploads\/2018\/05\/2018-Tour-Auto-Rally-72-1-770x514.jpg 770w, https:\/\/www.supercars.net\/blog\/wp-content\/uploads\/2018\/05\/2018-Tour-Auto-Rally-72-1-360x240.jpg 360w, https:\/\/www.supercars.net\/blog\/wp-content\/uploads\/2018\/05\/2018-Tour-Auto-Rally-72-1-370x247.jpg 370w, https:\/\/www.supercars.net\/blog\/wp-content\/uploads\/2018\/05\/2018-Tour-Auto-Rally-72-1-293x195.jpg 293w\" sizes=\"(max-width: 1150px) 100vw, 1150px\" \/><\/a>\r\n\t\t\t\t<\/a>\r\n            <\/div>\r\n                <div class='wp-caption-text gallery-caption'>\r\n                Ombeline de CLERMONT-TONNERRE \/ Fabrice BOURGEOIS FRA \/ FRA ALFA ROMEO Giulia TZ 1963\r\n                <\/div><\/figure><figure class='gallery-item'>\r\n            <div class='gallery-icon landscape'>\r\n                <a href='https:\/\/www.supercars.net\/blog\/wp-content\/uploads\/2018\/05\/2018-Tour-Auto-Rally-73-1.jpg' class='tipi-lightbox'>\r\n\t\t\t\t<a href='https:\/\/www.supercars.net\/blog\/wp-content\/uploads\/2018\/05\/2018-Tour-Auto-Rally-73-1.jpg'><img decoding=\"async\" width=\"1150\" height=\"767\" src=\"https:\/\/www.supercars.net\/blog\/wp-content\/uploads\/2018\/05\/2018-Tour-Auto-Rally-73-1.jpg\" class=\"attachment-full size-full\" alt=\"\" srcset=\"https:\/\/www.supercars.net\/blog\/wp-content\/uploads\/2018\/05\/2018-Tour-Auto-Rally-73-1.jpg 1150w, https:\/\/www.supercars.net\/blog\/wp-content\/uploads\/2018\/05\/2018-Tour-Auto-Rally-73-1-300x200.jpg 300w, https:\/\/www.supercars.net\/blog\/wp-content\/uploads\/2018\/05\/2018-Tour-Auto-Rally-73-1-1024x683.jpg 1024w, https:\/\/www.supercars.net\/blog\/wp-content\/uploads\/2018\/05\/2018-Tour-Auto-Rally-73-1-100x67.jpg 100w, https:\/\/www.supercars.net\/blog\/wp-content\/uploads\/2018\/05\/2018-Tour-Auto-Rally-73-1-770x514.jpg 770w, https:\/\/www.supercars.net\/blog\/wp-content\/uploads\/2018\/05\/2018-Tour-Auto-Rally-73-1-360x240.jpg 360w, https:\/\/www.supercars.net\/blog\/wp-content\/uploads\/2018\/05\/2018-Tour-Auto-Rally-73-1-370x247.jpg 370w, https:\/\/www.supercars.net\/blog\/wp-content\/uploads\/2018\/05\/2018-Tour-Auto-Rally-73-1-293x195.jpg 293w\" sizes=\"(max-width: 1150px) 100vw, 1150px\" \/><\/a>\r\n\t\t\t\t<\/a>\r\n            <\/div>\r\n                <div class='wp-caption-text gallery-caption'>\r\n                James COTTINGHAM \/ Andrew SMITH GBR \/ GBR FORD GT40 MKI 1965\r\n                <\/div><\/figure><figure class='gallery-item'>\r\n            <div class='gallery-icon landscape'>\r\n                <a href='https:\/\/www.supercars.net\/blog\/wp-content\/uploads\/2018\/05\/2018-Tour-Auto-Rally-74-1.jpg' class='tipi-lightbox'>\r\n\t\t\t\t<a href='https:\/\/www.supercars.net\/blog\/wp-content\/uploads\/2018\/05\/2018-Tour-Auto-Rally-74-1.jpg'><img decoding=\"async\" width=\"1150\" height=\"767\" src=\"https:\/\/www.supercars.net\/blog\/wp-content\/uploads\/2018\/05\/2018-Tour-Auto-Rally-74-1.jpg\" class=\"attachment-full size-full\" alt=\"\" srcset=\"https:\/\/www.supercars.net\/blog\/wp-content\/uploads\/2018\/05\/2018-Tour-Auto-Rally-74-1.jpg 1150w, https:\/\/www.supercars.net\/blog\/wp-content\/uploads\/2018\/05\/2018-Tour-Auto-Rally-74-1-300x200.jpg 300w, https:\/\/www.supercars.net\/blog\/wp-content\/uploads\/2018\/05\/2018-Tour-Auto-Rally-74-1-1024x683.jpg 1024w, https:\/\/www.supercars.net\/blog\/wp-content\/uploads\/2018\/05\/2018-Tour-Auto-Rally-74-1-100x67.jpg 100w, https:\/\/www.supercars.net\/blog\/wp-content\/uploads\/2018\/05\/2018-Tour-Auto-Rally-74-1-770x514.jpg 770w, https:\/\/www.supercars.net\/blog\/wp-content\/uploads\/2018\/05\/2018-Tour-Auto-Rally-74-1-360x240.jpg 360w, https:\/\/www.supercars.net\/blog\/wp-content\/uploads\/2018\/05\/2018-Tour-Auto-Rally-74-1-370x247.jpg 370w, https:\/\/www.supercars.net\/blog\/wp-content\/uploads\/2018\/05\/2018-Tour-Auto-Rally-74-1-293x195.jpg 293w\" sizes=\"(max-width: 1150px) 100vw, 1150px\" \/><\/a>\r\n\t\t\t\t<\/a>\r\n            <\/div>\r\n                <div class='wp-caption-text gallery-caption'>\r\n                Ombeline de CLERMONT-TONNERRE \/ Fabrice BOURGEOIS FRA \/ FRA ALFA ROMEO Giulia TZ 1963\r\n                <\/div><\/figure><figure class='gallery-item'>\r\n            <div class='gallery-icon landscape'>\r\n                <a href='https:\/\/www.supercars.net\/blog\/wp-content\/uploads\/2018\/05\/2018-Tour-Auto-Rally-75-1.jpg' class='tipi-lightbox'>\r\n\t\t\t\t<a href='https:\/\/www.supercars.net\/blog\/wp-content\/uploads\/2018\/05\/2018-Tour-Auto-Rally-75-1.jpg'><img decoding=\"async\" width=\"1150\" height=\"767\" src=\"https:\/\/www.supercars.net\/blog\/wp-content\/uploads\/2018\/05\/2018-Tour-Auto-Rally-75-1.jpg\" class=\"attachment-full size-full\" alt=\"\" srcset=\"https:\/\/www.supercars.net\/blog\/wp-content\/uploads\/2018\/05\/2018-Tour-Auto-Rally-75-1.jpg 1150w, https:\/\/www.supercars.net\/blog\/wp-content\/uploads\/2018\/05\/2018-Tour-Auto-Rally-75-1-300x200.jpg 300w, https:\/\/www.supercars.net\/blog\/wp-content\/uploads\/2018\/05\/2018-Tour-Auto-Rally-75-1-1024x683.jpg 1024w, https:\/\/www.supercars.net\/blog\/wp-content\/uploads\/2018\/05\/2018-Tour-Auto-Rally-75-1-100x67.jpg 100w, https:\/\/www.supercars.net\/blog\/wp-content\/uploads\/2018\/05\/2018-Tour-Auto-Rally-75-1-770x514.jpg 770w, https:\/\/www.supercars.net\/blog\/wp-content\/uploads\/2018\/05\/2018-Tour-Auto-Rally-75-1-360x240.jpg 360w, https:\/\/www.supercars.net\/blog\/wp-content\/uploads\/2018\/05\/2018-Tour-Auto-Rally-75-1-370x247.jpg 370w, https:\/\/www.supercars.net\/blog\/wp-content\/uploads\/2018\/05\/2018-Tour-Auto-Rally-75-1-293x195.jpg 293w\" sizes=\"(max-width: 1150px) 100vw, 1150px\" \/><\/a>\r\n\t\t\t\t<\/a>\r\n            <\/div>\r\n                <div class='wp-caption-text gallery-caption'>\r\n                James COTTINGHAM \/ Andrew SMITH GBR \/ GBR FORD GT40 MKI 1965\r\n                <\/div><\/figure><figure class='gallery-item'>\r\n            <div class='gallery-icon landscape'>\r\n                <a href='https:\/\/www.supercars.net\/blog\/wp-content\/uploads\/2018\/05\/2018-Tour-Auto-Rally-76-1.jpg' class='tipi-lightbox'>\r\n\t\t\t\t<a href='https:\/\/www.supercars.net\/blog\/wp-content\/uploads\/2018\/05\/2018-Tour-Auto-Rally-76-1.jpg'><img decoding=\"async\" width=\"1150\" height=\"767\" src=\"https:\/\/www.supercars.net\/blog\/wp-content\/uploads\/2018\/05\/2018-Tour-Auto-Rally-76-1.jpg\" class=\"attachment-full size-full\" alt=\"\" srcset=\"https:\/\/www.supercars.net\/blog\/wp-content\/uploads\/2018\/05\/2018-Tour-Auto-Rally-76-1.jpg 1150w, https:\/\/www.supercars.net\/blog\/wp-content\/uploads\/2018\/05\/2018-Tour-Auto-Rally-76-1-300x200.jpg 300w, https:\/\/www.supercars.net\/blog\/wp-content\/uploads\/2018\/05\/2018-Tour-Auto-Rally-76-1-1024x683.jpg 1024w, https:\/\/www.supercars.net\/blog\/wp-content\/uploads\/2018\/05\/2018-Tour-Auto-Rally-76-1-100x67.jpg 100w, https:\/\/www.supercars.net\/blog\/wp-content\/uploads\/2018\/05\/2018-Tour-Auto-Rally-76-1-770x514.jpg 770w, https:\/\/www.supercars.net\/blog\/wp-content\/uploads\/2018\/05\/2018-Tour-Auto-Rally-76-1-360x240.jpg 360w, https:\/\/www.supercars.net\/blog\/wp-content\/uploads\/2018\/05\/2018-Tour-Auto-Rally-76-1-370x247.jpg 370w, https:\/\/www.supercars.net\/blog\/wp-content\/uploads\/2018\/05\/2018-Tour-Auto-Rally-76-1-293x195.jpg 293w\" sizes=\"(max-width: 1150px) 100vw, 1150px\" \/><\/a>\r\n\t\t\t\t<\/a>\r\n            <\/div>\r\n                <div class='wp-caption-text gallery-caption'>\r\n                James COTTINGHAM \/ Andrew SMITH GBR \/ GBR FORD GT40 MKI 1965\r\n                <\/div><\/figure><figure class='gallery-item'>\r\n            <div class='gallery-icon landscape'>\r\n                <a href='https:\/\/www.supercars.net\/blog\/wp-content\/uploads\/2018\/05\/2018-Tour-Auto-Rally-77-1.jpg' class='tipi-lightbox'>\r\n\t\t\t\t<a href='https:\/\/www.supercars.net\/blog\/wp-content\/uploads\/2018\/05\/2018-Tour-Auto-Rally-77-1.jpg'><img decoding=\"async\" width=\"1150\" height=\"767\" src=\"https:\/\/www.supercars.net\/blog\/wp-content\/uploads\/2018\/05\/2018-Tour-Auto-Rally-77-1.jpg\" class=\"attachment-full size-full\" alt=\"\" srcset=\"https:\/\/www.supercars.net\/blog\/wp-content\/uploads\/2018\/05\/2018-Tour-Auto-Rally-77-1.jpg 1150w, https:\/\/www.supercars.net\/blog\/wp-content\/uploads\/2018\/05\/2018-Tour-Auto-Rally-77-1-300x200.jpg 300w, https:\/\/www.supercars.net\/blog\/wp-content\/uploads\/2018\/05\/2018-Tour-Auto-Rally-77-1-1024x683.jpg 1024w, https:\/\/www.supercars.net\/blog\/wp-content\/uploads\/2018\/05\/2018-Tour-Auto-Rally-77-1-100x67.jpg 100w, https:\/\/www.supercars.net\/blog\/wp-content\/uploads\/2018\/05\/2018-Tour-Auto-Rally-77-1-770x514.jpg 770w, https:\/\/www.supercars.net\/blog\/wp-content\/uploads\/2018\/05\/2018-Tour-Auto-Rally-77-1-360x240.jpg 360w, https:\/\/www.supercars.net\/blog\/wp-content\/uploads\/2018\/05\/2018-Tour-Auto-Rally-77-1-370x247.jpg 370w, https:\/\/www.supercars.net\/blog\/wp-content\/uploads\/2018\/05\/2018-Tour-Auto-Rally-77-1-293x195.jpg 293w\" sizes=\"(max-width: 1150px) 100vw, 1150px\" \/><\/a>\r\n\t\t\t\t<\/a>\r\n            <\/div>\r\n                <div class='wp-caption-text gallery-caption'>\r\n                2018 Tour Auto Rally\r\n                <\/div><\/figure><figure class='gallery-item'>\r\n            <div class='gallery-icon landscape'>\r\n                <a href='https:\/\/www.supercars.net\/blog\/wp-content\/uploads\/2018\/05\/2018-Tour-Auto-Rally-78-1.jpg' class='tipi-lightbox'>\r\n\t\t\t\t<a href='https:\/\/www.supercars.net\/blog\/wp-content\/uploads\/2018\/05\/2018-Tour-Auto-Rally-78-1.jpg'><img decoding=\"async\" width=\"1150\" height=\"767\" src=\"https:\/\/www.supercars.net\/blog\/wp-content\/uploads\/2018\/05\/2018-Tour-Auto-Rally-78-1.jpg\" class=\"attachment-full size-full\" alt=\"\" srcset=\"https:\/\/www.supercars.net\/blog\/wp-content\/uploads\/2018\/05\/2018-Tour-Auto-Rally-78-1.jpg 1150w, https:\/\/www.supercars.net\/blog\/wp-content\/uploads\/2018\/05\/2018-Tour-Auto-Rally-78-1-300x200.jpg 300w, https:\/\/www.supercars.net\/blog\/wp-content\/uploads\/2018\/05\/2018-Tour-Auto-Rally-78-1-1024x683.jpg 1024w, https:\/\/www.supercars.net\/blog\/wp-content\/uploads\/2018\/05\/2018-Tour-Auto-Rally-78-1-100x67.jpg 100w, https:\/\/www.supercars.net\/blog\/wp-content\/uploads\/2018\/05\/2018-Tour-Auto-Rally-78-1-770x514.jpg 770w, https:\/\/www.supercars.net\/blog\/wp-content\/uploads\/2018\/05\/2018-Tour-Auto-Rally-78-1-360x240.jpg 360w, https:\/\/www.supercars.net\/blog\/wp-content\/uploads\/2018\/05\/2018-Tour-Auto-Rally-78-1-370x247.jpg 370w, https:\/\/www.supercars.net\/blog\/wp-content\/uploads\/2018\/05\/2018-Tour-Auto-Rally-78-1-293x195.jpg 293w\" sizes=\"(max-width: 1150px) 100vw, 1150px\" \/><\/a>\r\n\t\t\t\t<\/a>\r\n            <\/div>\r\n                <div class='wp-caption-text gallery-caption'>\r\n                Olivier ELLERBROCK \/ Oliver LOUISODER DEU \/ DEU SHELBY Cobra Daytona 1964\r\n                <\/div><\/figure><figure class='gallery-item'>\r\n            <div class='gallery-icon landscape'>\r\n                <a href='https:\/\/www.supercars.net\/blog\/wp-content\/uploads\/2018\/05\/2018-Tour-Auto-Rally-79-1.jpg' class='tipi-lightbox'>\r\n\t\t\t\t<a href='https:\/\/www.supercars.net\/blog\/wp-content\/uploads\/2018\/05\/2018-Tour-Auto-Rally-79-1.jpg'><img decoding=\"async\" width=\"1150\" height=\"767\" src=\"https:\/\/www.supercars.net\/blog\/wp-content\/uploads\/2018\/05\/2018-Tour-Auto-Rally-79-1.jpg\" class=\"attachment-full size-full\" alt=\"\" srcset=\"https:\/\/www.supercars.net\/blog\/wp-content\/uploads\/2018\/05\/2018-Tour-Auto-Rally-79-1.jpg 1150w, https:\/\/www.supercars.net\/blog\/wp-content\/uploads\/2018\/05\/2018-Tour-Auto-Rally-79-1-300x200.jpg 300w, https:\/\/www.supercars.net\/blog\/wp-content\/uploads\/2018\/05\/2018-Tour-Auto-Rally-79-1-1024x683.jpg 1024w, https:\/\/www.supercars.net\/blog\/wp-content\/uploads\/2018\/05\/2018-Tour-Auto-Rally-79-1-100x67.jpg 100w, https:\/\/www.supercars.net\/blog\/wp-content\/uploads\/2018\/05\/2018-Tour-Auto-Rally-79-1-770x514.jpg 770w, https:\/\/www.supercars.net\/blog\/wp-content\/uploads\/2018\/05\/2018-Tour-Auto-Rally-79-1-360x240.jpg 360w, https:\/\/www.supercars.net\/blog\/wp-content\/uploads\/2018\/05\/2018-Tour-Auto-Rally-79-1-370x247.jpg 370w, https:\/\/www.supercars.net\/blog\/wp-content\/uploads\/2018\/05\/2018-Tour-Auto-Rally-79-1-293x195.jpg 293w\" sizes=\"(max-width: 1150px) 100vw, 1150px\" \/><\/a>\r\n\t\t\t\t<\/a>\r\n            <\/div>\r\n                <div class='wp-caption-text gallery-caption'>\r\n                Regis HARDUIN \/ Guillaume de BEAUFORT FRA \/ FRA BMW 2002 Turbo 1975\r\n                <\/div><\/figure><figure class='gallery-item'>\r\n            <div class='gallery-icon landscape'>\r\n                <a href='https:\/\/www.supercars.net\/blog\/wp-content\/uploads\/2018\/05\/2018-Tour-Auto-Rally-80-1.jpg' class='tipi-lightbox'>\r\n\t\t\t\t<a href='https:\/\/www.supercars.net\/blog\/wp-content\/uploads\/2018\/05\/2018-Tour-Auto-Rally-80-1.jpg'><img decoding=\"async\" width=\"1150\" height=\"767\" src=\"https:\/\/www.supercars.net\/blog\/wp-content\/uploads\/2018\/05\/2018-Tour-Auto-Rally-80-1.jpg\" class=\"attachment-full size-full\" alt=\"\" srcset=\"https:\/\/www.supercars.net\/blog\/wp-content\/uploads\/2018\/05\/2018-Tour-Auto-Rally-80-1.jpg 1150w, https:\/\/www.supercars.net\/blog\/wp-content\/uploads\/2018\/05\/2018-Tour-Auto-Rally-80-1-300x200.jpg 300w, https:\/\/www.supercars.net\/blog\/wp-content\/uploads\/2018\/05\/2018-Tour-Auto-Rally-80-1-1024x683.jpg 1024w, https:\/\/www.supercars.net\/blog\/wp-content\/uploads\/2018\/05\/2018-Tour-Auto-Rally-80-1-100x67.jpg 100w, https:\/\/www.supercars.net\/blog\/wp-content\/uploads\/2018\/05\/2018-Tour-Auto-Rally-80-1-770x514.jpg 770w, https:\/\/www.supercars.net\/blog\/wp-content\/uploads\/2018\/05\/2018-Tour-Auto-Rally-80-1-360x240.jpg 360w, https:\/\/www.supercars.net\/blog\/wp-content\/uploads\/2018\/05\/2018-Tour-Auto-Rally-80-1-370x247.jpg 370w, https:\/\/www.supercars.net\/blog\/wp-content\/uploads\/2018\/05\/2018-Tour-Auto-Rally-80-1-293x195.jpg 293w\" sizes=\"(max-width: 1150px) 100vw, 1150px\" \/><\/a>\r\n\t\t\t\t<\/a>\r\n            <\/div>\r\n                <div class='wp-caption-text gallery-caption'>\r\n                Christophe d&#8217;INDY \/ Maxime LEPISSIER FRA \/ FRA BMW 2800 CS 1971\r\n                <\/div><\/figure><figure class='gallery-item'>\r\n            <div class='gallery-icon landscape'>\r\n                <a href='https:\/\/www.supercars.net\/blog\/wp-content\/uploads\/2018\/05\/2018-Tour-Auto-Rally-81-1.jpg' class='tipi-lightbox'>\r\n\t\t\t\t<a href='https:\/\/www.supercars.net\/blog\/wp-content\/uploads\/2018\/05\/2018-Tour-Auto-Rally-81-1.jpg'><img decoding=\"async\" width=\"1150\" height=\"767\" src=\"https:\/\/www.supercars.net\/blog\/wp-content\/uploads\/2018\/05\/2018-Tour-Auto-Rally-81-1.jpg\" class=\"attachment-full size-full\" alt=\"\" srcset=\"https:\/\/www.supercars.net\/blog\/wp-content\/uploads\/2018\/05\/2018-Tour-Auto-Rally-81-1.jpg 1150w, https:\/\/www.supercars.net\/blog\/wp-content\/uploads\/2018\/05\/2018-Tour-Auto-Rally-81-1-300x200.jpg 300w, https:\/\/www.supercars.net\/blog\/wp-content\/uploads\/2018\/05\/2018-Tour-Auto-Rally-81-1-1024x683.jpg 1024w, https:\/\/www.supercars.net\/blog\/wp-content\/uploads\/2018\/05\/2018-Tour-Auto-Rally-81-1-100x67.jpg 100w, https:\/\/www.supercars.net\/blog\/wp-content\/uploads\/2018\/05\/2018-Tour-Auto-Rally-81-1-770x514.jpg 770w, https:\/\/www.supercars.net\/blog\/wp-content\/uploads\/2018\/05\/2018-Tour-Auto-Rally-81-1-360x240.jpg 360w, https:\/\/www.supercars.net\/blog\/wp-content\/uploads\/2018\/05\/2018-Tour-Auto-Rally-81-1-370x247.jpg 370w, https:\/\/www.supercars.net\/blog\/wp-content\/uploads\/2018\/05\/2018-Tour-Auto-Rally-81-1-293x195.jpg 293w\" sizes=\"(max-width: 1150px) 100vw, 1150px\" \/><\/a>\r\n\t\t\t\t<\/a>\r\n            <\/div>\r\n                <div class='wp-caption-text gallery-caption'>\r\n                Eric ANDRE \/ Ugo ANDRE FRA \/ FRA VOLVO 122 S 1967\r\n                <\/div><\/figure><figure class='gallery-item'>\r\n            <div class='gallery-icon landscape'>\r\n                <a href='https:\/\/www.supercars.net\/blog\/wp-content\/uploads\/2018\/05\/2018-Tour-Auto-Rally-82-1.jpg' class='tipi-lightbox'>\r\n\t\t\t\t<a href='https:\/\/www.supercars.net\/blog\/wp-content\/uploads\/2018\/05\/2018-Tour-Auto-Rally-82-1.jpg'><img decoding=\"async\" width=\"1150\" height=\"767\" src=\"https:\/\/www.supercars.net\/blog\/wp-content\/uploads\/2018\/05\/2018-Tour-Auto-Rally-82-1.jpg\" class=\"attachment-full size-full\" alt=\"\" srcset=\"https:\/\/www.supercars.net\/blog\/wp-content\/uploads\/2018\/05\/2018-Tour-Auto-Rally-82-1.jpg 1150w, https:\/\/www.supercars.net\/blog\/wp-content\/uploads\/2018\/05\/2018-Tour-Auto-Rally-82-1-300x200.jpg 300w, https:\/\/www.supercars.net\/blog\/wp-content\/uploads\/2018\/05\/2018-Tour-Auto-Rally-82-1-1024x683.jpg 1024w, https:\/\/www.supercars.net\/blog\/wp-content\/uploads\/2018\/05\/2018-Tour-Auto-Rally-82-1-100x67.jpg 100w, https:\/\/www.supercars.net\/blog\/wp-content\/uploads\/2018\/05\/2018-Tour-Auto-Rally-82-1-770x514.jpg 770w, https:\/\/www.supercars.net\/blog\/wp-content\/uploads\/2018\/05\/2018-Tour-Auto-Rally-82-1-360x240.jpg 360w, https:\/\/www.supercars.net\/blog\/wp-content\/uploads\/2018\/05\/2018-Tour-Auto-Rally-82-1-370x247.jpg 370w, https:\/\/www.supercars.net\/blog\/wp-content\/uploads\/2018\/05\/2018-Tour-Auto-Rally-82-1-293x195.jpg 293w\" sizes=\"(max-width: 1150px) 100vw, 1150px\" \/><\/a>\r\n\t\t\t\t<\/a>\r\n            <\/div>\r\n                <div class='wp-caption-text gallery-caption'>\r\n                Francois ALLAIN \/ Robert PUYAL FRA \/ FRA CITROEN 2 CV Type A 1952\r\n                <\/div><\/figure><figure class='gallery-item'>\r\n            <div class='gallery-icon landscape'>\r\n                <a href='https:\/\/www.supercars.net\/blog\/wp-content\/uploads\/2018\/05\/2018-Tour-Auto-Rally-83-1.jpg' class='tipi-lightbox'>\r\n\t\t\t\t<a href='https:\/\/www.supercars.net\/blog\/wp-content\/uploads\/2018\/05\/2018-Tour-Auto-Rally-83-1.jpg'><img decoding=\"async\" width=\"1150\" height=\"767\" src=\"https:\/\/www.supercars.net\/blog\/wp-content\/uploads\/2018\/05\/2018-Tour-Auto-Rally-83-1.jpg\" class=\"attachment-full size-full\" alt=\"\" srcset=\"https:\/\/www.supercars.net\/blog\/wp-content\/uploads\/2018\/05\/2018-Tour-Auto-Rally-83-1.jpg 1150w, https:\/\/www.supercars.net\/blog\/wp-content\/uploads\/2018\/05\/2018-Tour-Auto-Rally-83-1-300x200.jpg 300w, https:\/\/www.supercars.net\/blog\/wp-content\/uploads\/2018\/05\/2018-Tour-Auto-Rally-83-1-1024x683.jpg 1024w, https:\/\/www.supercars.net\/blog\/wp-content\/uploads\/2018\/05\/2018-Tour-Auto-Rally-83-1-100x67.jpg 100w, https:\/\/www.supercars.net\/blog\/wp-content\/uploads\/2018\/05\/2018-Tour-Auto-Rally-83-1-770x514.jpg 770w, https:\/\/www.supercars.net\/blog\/wp-content\/uploads\/2018\/05\/2018-Tour-Auto-Rally-83-1-360x240.jpg 360w, https:\/\/www.supercars.net\/blog\/wp-content\/uploads\/2018\/05\/2018-Tour-Auto-Rally-83-1-370x247.jpg 370w, https:\/\/www.supercars.net\/blog\/wp-content\/uploads\/2018\/05\/2018-Tour-Auto-Rally-83-1-293x195.jpg 293w\" sizes=\"(max-width: 1150px) 100vw, 1150px\" \/><\/a>\r\n\t\t\t\t<\/a>\r\n            <\/div>\r\n                <div class='wp-caption-text gallery-caption'>\r\n                Pierre MOREL \/ Xavier BONNEVILLE FRA \/ FRA CHEVROLET Corvette C3 1969\r\n                <\/div><\/figure><figure class='gallery-item'>\r\n            <div class='gallery-icon landscape'>\r\n                <a href='https:\/\/www.supercars.net\/blog\/wp-content\/uploads\/2018\/05\/2018-Tour-Auto-Rally-84-1.jpg' class='tipi-lightbox'>\r\n\t\t\t\t<a href='https:\/\/www.supercars.net\/blog\/wp-content\/uploads\/2018\/05\/2018-Tour-Auto-Rally-84-1.jpg'><img decoding=\"async\" width=\"1150\" height=\"767\" src=\"https:\/\/www.supercars.net\/blog\/wp-content\/uploads\/2018\/05\/2018-Tour-Auto-Rally-84-1.jpg\" class=\"attachment-full size-full\" alt=\"\" srcset=\"https:\/\/www.supercars.net\/blog\/wp-content\/uploads\/2018\/05\/2018-Tour-Auto-Rally-84-1.jpg 1150w, https:\/\/www.supercars.net\/blog\/wp-content\/uploads\/2018\/05\/2018-Tour-Auto-Rally-84-1-300x200.jpg 300w, https:\/\/www.supercars.net\/blog\/wp-content\/uploads\/2018\/05\/2018-Tour-Auto-Rally-84-1-1024x683.jpg 1024w, https:\/\/www.supercars.net\/blog\/wp-content\/uploads\/2018\/05\/2018-Tour-Auto-Rally-84-1-100x67.jpg 100w, https:\/\/www.supercars.net\/blog\/wp-content\/uploads\/2018\/05\/2018-Tour-Auto-Rally-84-1-770x514.jpg 770w, https:\/\/www.supercars.net\/blog\/wp-content\/uploads\/2018\/05\/2018-Tour-Auto-Rally-84-1-360x240.jpg 360w, https:\/\/www.supercars.net\/blog\/wp-content\/uploads\/2018\/05\/2018-Tour-Auto-Rally-84-1-370x247.jpg 370w, https:\/\/www.supercars.net\/blog\/wp-content\/uploads\/2018\/05\/2018-Tour-Auto-Rally-84-1-293x195.jpg 293w\" sizes=\"(max-width: 1150px) 100vw, 1150px\" \/><\/a>\r\n\t\t\t\t<\/a>\r\n            <\/div>\r\n                <div class='wp-caption-text gallery-caption'>\r\n                Ford Mustang 289 &#8211; 2018 Tour Auto Rally\r\n                <\/div><\/figure><figure class='gallery-item'>\r\n            <div class='gallery-icon landscape'>\r\n                <a href='https:\/\/www.supercars.net\/blog\/wp-content\/uploads\/2018\/05\/2018-Tour-Auto-Rally-85-1.jpg' class='tipi-lightbox'>\r\n\t\t\t\t<a href='https:\/\/www.supercars.net\/blog\/wp-content\/uploads\/2018\/05\/2018-Tour-Auto-Rally-85-1.jpg'><img decoding=\"async\" width=\"1150\" height=\"767\" src=\"https:\/\/www.supercars.net\/blog\/wp-content\/uploads\/2018\/05\/2018-Tour-Auto-Rally-85-1.jpg\" class=\"attachment-full size-full\" alt=\"\" srcset=\"https:\/\/www.supercars.net\/blog\/wp-content\/uploads\/2018\/05\/2018-Tour-Auto-Rally-85-1.jpg 1150w, https:\/\/www.supercars.net\/blog\/wp-content\/uploads\/2018\/05\/2018-Tour-Auto-Rally-85-1-300x200.jpg 300w, https:\/\/www.supercars.net\/blog\/wp-content\/uploads\/2018\/05\/2018-Tour-Auto-Rally-85-1-1024x683.jpg 1024w, https:\/\/www.supercars.net\/blog\/wp-content\/uploads\/2018\/05\/2018-Tour-Auto-Rally-85-1-100x67.jpg 100w, https:\/\/www.supercars.net\/blog\/wp-content\/uploads\/2018\/05\/2018-Tour-Auto-Rally-85-1-770x514.jpg 770w, https:\/\/www.supercars.net\/blog\/wp-content\/uploads\/2018\/05\/2018-Tour-Auto-Rally-85-1-360x240.jpg 360w, https:\/\/www.supercars.net\/blog\/wp-content\/uploads\/2018\/05\/2018-Tour-Auto-Rally-85-1-370x247.jpg 370w, https:\/\/www.supercars.net\/blog\/wp-content\/uploads\/2018\/05\/2018-Tour-Auto-Rally-85-1-293x195.jpg 293w\" sizes=\"(max-width: 1150px) 100vw, 1150px\" \/><\/a>\r\n\t\t\t\t<\/a>\r\n            <\/div>\r\n                <div class='wp-caption-text gallery-caption'>\r\n                Alexandre LEFEVRE \/ Martial SAVLE FRA \/ FRA DE TOMASO Pantera 1974\r\n                <\/div><\/figure><figure class='gallery-item'>\r\n            <div class='gallery-icon landscape'>\r\n                <a href='https:\/\/www.supercars.net\/blog\/wp-content\/uploads\/2018\/05\/2018-Tour-Auto-Rally-86-1.jpg' class='tipi-lightbox'>\r\n\t\t\t\t<a href='https:\/\/www.supercars.net\/blog\/wp-content\/uploads\/2018\/05\/2018-Tour-Auto-Rally-86-1.jpg'><img decoding=\"async\" width=\"1150\" height=\"767\" src=\"https:\/\/www.supercars.net\/blog\/wp-content\/uploads\/2018\/05\/2018-Tour-Auto-Rally-86-1.jpg\" class=\"attachment-full size-full\" alt=\"\" srcset=\"https:\/\/www.supercars.net\/blog\/wp-content\/uploads\/2018\/05\/2018-Tour-Auto-Rally-86-1.jpg 1150w, https:\/\/www.supercars.net\/blog\/wp-content\/uploads\/2018\/05\/2018-Tour-Auto-Rally-86-1-300x200.jpg 300w, https:\/\/www.supercars.net\/blog\/wp-content\/uploads\/2018\/05\/2018-Tour-Auto-Rally-86-1-1024x683.jpg 1024w, https:\/\/www.supercars.net\/blog\/wp-content\/uploads\/2018\/05\/2018-Tour-Auto-Rally-86-1-100x67.jpg 100w, https:\/\/www.supercars.net\/blog\/wp-content\/uploads\/2018\/05\/2018-Tour-Auto-Rally-86-1-770x514.jpg 770w, https:\/\/www.supercars.net\/blog\/wp-content\/uploads\/2018\/05\/2018-Tour-Auto-Rally-86-1-360x240.jpg 360w, https:\/\/www.supercars.net\/blog\/wp-content\/uploads\/2018\/05\/2018-Tour-Auto-Rally-86-1-370x247.jpg 370w, https:\/\/www.supercars.net\/blog\/wp-content\/uploads\/2018\/05\/2018-Tour-Auto-Rally-86-1-293x195.jpg 293w\" sizes=\"(max-width: 1150px) 100vw, 1150px\" \/><\/a>\r\n\t\t\t\t<\/a>\r\n            <\/div>\r\n                <div class='wp-caption-text gallery-caption'>\r\n                Isabelle MARQUIS \/ Lisa COLIN FRA \/ FRA ALPINE RENAULT A110 1600 SC 1975\r\n                <\/div><\/figure><figure class='gallery-item'>\r\n            <div class='gallery-icon landscape'>\r\n                <a href='https:\/\/www.supercars.net\/blog\/wp-content\/uploads\/2018\/05\/2018-Tour-Auto-Rally-87-1.jpg' class='tipi-lightbox'>\r\n\t\t\t\t<a href='https:\/\/www.supercars.net\/blog\/wp-content\/uploads\/2018\/05\/2018-Tour-Auto-Rally-87-1.jpg'><img decoding=\"async\" width=\"1150\" height=\"767\" src=\"https:\/\/www.supercars.net\/blog\/wp-content\/uploads\/2018\/05\/2018-Tour-Auto-Rally-87-1.jpg\" class=\"attachment-full size-full\" alt=\"\" srcset=\"https:\/\/www.supercars.net\/blog\/wp-content\/uploads\/2018\/05\/2018-Tour-Auto-Rally-87-1.jpg 1150w, https:\/\/www.supercars.net\/blog\/wp-content\/uploads\/2018\/05\/2018-Tour-Auto-Rally-87-1-300x200.jpg 300w, https:\/\/www.supercars.net\/blog\/wp-content\/uploads\/2018\/05\/2018-Tour-Auto-Rally-87-1-1024x683.jpg 1024w, https:\/\/www.supercars.net\/blog\/wp-content\/uploads\/2018\/05\/2018-Tour-Auto-Rally-87-1-100x67.jpg 100w, https:\/\/www.supercars.net\/blog\/wp-content\/uploads\/2018\/05\/2018-Tour-Auto-Rally-87-1-770x514.jpg 770w, https:\/\/www.supercars.net\/blog\/wp-content\/uploads\/2018\/05\/2018-Tour-Auto-Rally-87-1-360x240.jpg 360w, https:\/\/www.supercars.net\/blog\/wp-content\/uploads\/2018\/05\/2018-Tour-Auto-Rally-87-1-370x247.jpg 370w, https:\/\/www.supercars.net\/blog\/wp-content\/uploads\/2018\/05\/2018-Tour-Auto-Rally-87-1-293x195.jpg 293w\" sizes=\"(max-width: 1150px) 100vw, 1150px\" \/><\/a>\r\n\t\t\t\t<\/a>\r\n            <\/div>\r\n                <div class='wp-caption-text gallery-caption'>\r\n                Philip KADOORIE \/ Julian BYRNE HKG \/ USA LANCIA Stratos Gr.IV 1974\r\n                <\/div><\/figure><figure class='gallery-item'>\r\n            <div class='gallery-icon landscape'>\r\n                <a href='https:\/\/www.supercars.net\/blog\/wp-content\/uploads\/2018\/05\/2018-Tour-Auto-Rally-88-1.jpg' class='tipi-lightbox'>\r\n\t\t\t\t<a href='https:\/\/www.supercars.net\/blog\/wp-content\/uploads\/2018\/05\/2018-Tour-Auto-Rally-88-1.jpg'><img decoding=\"async\" width=\"1150\" height=\"767\" src=\"https:\/\/www.supercars.net\/blog\/wp-content\/uploads\/2018\/05\/2018-Tour-Auto-Rally-88-1.jpg\" class=\"attachment-full size-full\" alt=\"\" srcset=\"https:\/\/www.supercars.net\/blog\/wp-content\/uploads\/2018\/05\/2018-Tour-Auto-Rally-88-1.jpg 1150w, https:\/\/www.supercars.net\/blog\/wp-content\/uploads\/2018\/05\/2018-Tour-Auto-Rally-88-1-300x200.jpg 300w, https:\/\/www.supercars.net\/blog\/wp-content\/uploads\/2018\/05\/2018-Tour-Auto-Rally-88-1-1024x683.jpg 1024w, https:\/\/www.supercars.net\/blog\/wp-content\/uploads\/2018\/05\/2018-Tour-Auto-Rally-88-1-100x67.jpg 100w, https:\/\/www.supercars.net\/blog\/wp-content\/uploads\/2018\/05\/2018-Tour-Auto-Rally-88-1-770x514.jpg 770w, https:\/\/www.supercars.net\/blog\/wp-content\/uploads\/2018\/05\/2018-Tour-Auto-Rally-88-1-360x240.jpg 360w, https:\/\/www.supercars.net\/blog\/wp-content\/uploads\/2018\/05\/2018-Tour-Auto-Rally-88-1-370x247.jpg 370w, https:\/\/www.supercars.net\/blog\/wp-content\/uploads\/2018\/05\/2018-Tour-Auto-Rally-88-1-293x195.jpg 293w\" sizes=\"(max-width: 1150px) 100vw, 1150px\" \/><\/a>\r\n\t\t\t\t<\/a>\r\n            <\/div>\r\n                <div class='wp-caption-text gallery-caption'>\r\n                Philippe FICHET \/ Xavier MALENFER FRA \/ FRA LANCIA Fulvia 1600 HF 1972\r\n                <\/div><\/figure><figure class='gallery-item'>\r\n            <div class='gallery-icon landscape'>\r\n                <a href='https:\/\/www.supercars.net\/blog\/wp-content\/uploads\/2018\/05\/2018-Tour-Auto-Rally-89-1.jpg' class='tipi-lightbox'>\r\n\t\t\t\t<a href='https:\/\/www.supercars.net\/blog\/wp-content\/uploads\/2018\/05\/2018-Tour-Auto-Rally-89-1.jpg'><img decoding=\"async\" width=\"1150\" height=\"767\" src=\"https:\/\/www.supercars.net\/blog\/wp-content\/uploads\/2018\/05\/2018-Tour-Auto-Rally-89-1.jpg\" class=\"attachment-full size-full\" alt=\"\" srcset=\"https:\/\/www.supercars.net\/blog\/wp-content\/uploads\/2018\/05\/2018-Tour-Auto-Rally-89-1.jpg 1150w, https:\/\/www.supercars.net\/blog\/wp-content\/uploads\/2018\/05\/2018-Tour-Auto-Rally-89-1-300x200.jpg 300w, https:\/\/www.supercars.net\/blog\/wp-content\/uploads\/2018\/05\/2018-Tour-Auto-Rally-89-1-1024x683.jpg 1024w, https:\/\/www.supercars.net\/blog\/wp-content\/uploads\/2018\/05\/2018-Tour-Auto-Rally-89-1-100x67.jpg 100w, https:\/\/www.supercars.net\/blog\/wp-content\/uploads\/2018\/05\/2018-Tour-Auto-Rally-89-1-770x514.jpg 770w, https:\/\/www.supercars.net\/blog\/wp-content\/uploads\/2018\/05\/2018-Tour-Auto-Rally-89-1-360x240.jpg 360w, https:\/\/www.supercars.net\/blog\/wp-content\/uploads\/2018\/05\/2018-Tour-Auto-Rally-89-1-370x247.jpg 370w, https:\/\/www.supercars.net\/blog\/wp-content\/uploads\/2018\/05\/2018-Tour-Auto-Rally-89-1-293x195.jpg 293w\" sizes=\"(max-width: 1150px) 100vw, 1150px\" \/><\/a>\r\n\t\t\t\t<\/a>\r\n            <\/div>\r\n                <div class='wp-caption-text gallery-caption'>\r\n                Auson EMRINGER \/ Charles-Edouard TRAEGER FRA \/ FRA LANCIA Flaminia Sport Zagato 1960\r\n                <\/div><\/figure><figure class='gallery-item'>\r\n            <div class='gallery-icon landscape'>\r\n                <a href='https:\/\/www.supercars.net\/blog\/wp-content\/uploads\/2018\/05\/2018-Tour-Auto-Rally-90-1.jpg' class='tipi-lightbox'>\r\n\t\t\t\t<a href='https:\/\/www.supercars.net\/blog\/wp-content\/uploads\/2018\/05\/2018-Tour-Auto-Rally-90-1.jpg'><img decoding=\"async\" width=\"1150\" height=\"767\" src=\"https:\/\/www.supercars.net\/blog\/wp-content\/uploads\/2018\/05\/2018-Tour-Auto-Rally-90-1.jpg\" class=\"attachment-full size-full\" alt=\"\" srcset=\"https:\/\/www.supercars.net\/blog\/wp-content\/uploads\/2018\/05\/2018-Tour-Auto-Rally-90-1.jpg 1150w, https:\/\/www.supercars.net\/blog\/wp-content\/uploads\/2018\/05\/2018-Tour-Auto-Rally-90-1-300x200.jpg 300w, https:\/\/www.supercars.net\/blog\/wp-content\/uploads\/2018\/05\/2018-Tour-Auto-Rally-90-1-1024x683.jpg 1024w, https:\/\/www.supercars.net\/blog\/wp-content\/uploads\/2018\/05\/2018-Tour-Auto-Rally-90-1-100x67.jpg 100w, https:\/\/www.supercars.net\/blog\/wp-content\/uploads\/2018\/05\/2018-Tour-Auto-Rally-90-1-770x514.jpg 770w, https:\/\/www.supercars.net\/blog\/wp-content\/uploads\/2018\/05\/2018-Tour-Auto-Rally-90-1-360x240.jpg 360w, https:\/\/www.supercars.net\/blog\/wp-content\/uploads\/2018\/05\/2018-Tour-Auto-Rally-90-1-370x247.jpg 370w, https:\/\/www.supercars.net\/blog\/wp-content\/uploads\/2018\/05\/2018-Tour-Auto-Rally-90-1-293x195.jpg 293w\" sizes=\"(max-width: 1150px) 100vw, 1150px\" \/><\/a>\r\n\t\t\t\t<\/a>\r\n            <\/div>\r\n                <div class='wp-caption-text gallery-caption'>\r\n                Pierre LE GLOAHEC-HENANFF \/ Guillaume LE METAYER FRA \/ FRA JAGUAR MKI 3,4L 1959\r\n                <\/div><\/figure><figure class='gallery-item'>\r\n            <div class='gallery-icon landscape'>\r\n                <a href='https:\/\/www.supercars.net\/blog\/wp-content\/uploads\/2018\/05\/2018-Tour-Auto-Rally-91-1.jpg' class='tipi-lightbox'>\r\n\t\t\t\t<a href='https:\/\/www.supercars.net\/blog\/wp-content\/uploads\/2018\/05\/2018-Tour-Auto-Rally-91-1.jpg'><img decoding=\"async\" width=\"1150\" height=\"767\" src=\"https:\/\/www.supercars.net\/blog\/wp-content\/uploads\/2018\/05\/2018-Tour-Auto-Rally-91-1.jpg\" class=\"attachment-full size-full\" alt=\"\" srcset=\"https:\/\/www.supercars.net\/blog\/wp-content\/uploads\/2018\/05\/2018-Tour-Auto-Rally-91-1.jpg 1150w, https:\/\/www.supercars.net\/blog\/wp-content\/uploads\/2018\/05\/2018-Tour-Auto-Rally-91-1-300x200.jpg 300w, https:\/\/www.supercars.net\/blog\/wp-content\/uploads\/2018\/05\/2018-Tour-Auto-Rally-91-1-1024x683.jpg 1024w, https:\/\/www.supercars.net\/blog\/wp-content\/uploads\/2018\/05\/2018-Tour-Auto-Rally-91-1-100x67.jpg 100w, https:\/\/www.supercars.net\/blog\/wp-content\/uploads\/2018\/05\/2018-Tour-Auto-Rally-91-1-770x514.jpg 770w, https:\/\/www.supercars.net\/blog\/wp-content\/uploads\/2018\/05\/2018-Tour-Auto-Rally-91-1-360x240.jpg 360w, https:\/\/www.supercars.net\/blog\/wp-content\/uploads\/2018\/05\/2018-Tour-Auto-Rally-91-1-370x247.jpg 370w, https:\/\/www.supercars.net\/blog\/wp-content\/uploads\/2018\/05\/2018-Tour-Auto-Rally-91-1-293x195.jpg 293w\" sizes=\"(max-width: 1150px) 100vw, 1150px\" \/><\/a>\r\n\t\t\t\t<\/a>\r\n            <\/div>\r\n                <div class='wp-caption-text gallery-caption'>\r\n                Jerome BARRE \/ Patrick PERCEVAULT FRA \/ FRA MG B 1963\r\n                <\/div><\/figure><figure class='gallery-item'>\r\n            <div class='gallery-icon landscape'>\r\n                <a href='https:\/\/www.supercars.net\/blog\/wp-content\/uploads\/2018\/05\/2018-Tour-Auto-Rally-92-1.jpg' class='tipi-lightbox'>\r\n\t\t\t\t<a href='https:\/\/www.supercars.net\/blog\/wp-content\/uploads\/2018\/05\/2018-Tour-Auto-Rally-92-1.jpg'><img decoding=\"async\" width=\"1150\" height=\"767\" src=\"https:\/\/www.supercars.net\/blog\/wp-content\/uploads\/2018\/05\/2018-Tour-Auto-Rally-92-1.jpg\" class=\"attachment-full size-full\" alt=\"\" srcset=\"https:\/\/www.supercars.net\/blog\/wp-content\/uploads\/2018\/05\/2018-Tour-Auto-Rally-92-1.jpg 1150w, https:\/\/www.supercars.net\/blog\/wp-content\/uploads\/2018\/05\/2018-Tour-Auto-Rally-92-1-300x200.jpg 300w, https:\/\/www.supercars.net\/blog\/wp-content\/uploads\/2018\/05\/2018-Tour-Auto-Rally-92-1-1024x683.jpg 1024w, https:\/\/www.supercars.net\/blog\/wp-content\/uploads\/2018\/05\/2018-Tour-Auto-Rally-92-1-100x67.jpg 100w, https:\/\/www.supercars.net\/blog\/wp-content\/uploads\/2018\/05\/2018-Tour-Auto-Rally-92-1-770x514.jpg 770w, https:\/\/www.supercars.net\/blog\/wp-content\/uploads\/2018\/05\/2018-Tour-Auto-Rally-92-1-360x240.jpg 360w, https:\/\/www.supercars.net\/blog\/wp-content\/uploads\/2018\/05\/2018-Tour-Auto-Rally-92-1-370x247.jpg 370w, https:\/\/www.supercars.net\/blog\/wp-content\/uploads\/2018\/05\/2018-Tour-Auto-Rally-92-1-293x195.jpg 293w\" sizes=\"(max-width: 1150px) 100vw, 1150px\" \/><\/a>\r\n\t\t\t\t<\/a>\r\n            <\/div>\r\n                <div class='wp-caption-text gallery-caption'>\r\n                Stephen LASRY \/ Marc-Edouard EYMERI FRA \/ FRA MORRIS Cooper S 1300 MKI 1964\r\n                <\/div><\/figure><figure class='gallery-item'>\r\n            <div class='gallery-icon landscape'>\r\n                <a href='https:\/\/www.supercars.net\/blog\/wp-content\/uploads\/2018\/05\/2018-Tour-Auto-Rally-93-1.jpg' class='tipi-lightbox'>\r\n\t\t\t\t<a href='https:\/\/www.supercars.net\/blog\/wp-content\/uploads\/2018\/05\/2018-Tour-Auto-Rally-93-1.jpg'><img decoding=\"async\" width=\"1150\" height=\"767\" src=\"https:\/\/www.supercars.net\/blog\/wp-content\/uploads\/2018\/05\/2018-Tour-Auto-Rally-93-1.jpg\" class=\"attachment-full size-full\" alt=\"\" srcset=\"https:\/\/www.supercars.net\/blog\/wp-content\/uploads\/2018\/05\/2018-Tour-Auto-Rally-93-1.jpg 1150w, https:\/\/www.supercars.net\/blog\/wp-content\/uploads\/2018\/05\/2018-Tour-Auto-Rally-93-1-300x200.jpg 300w, https:\/\/www.supercars.net\/blog\/wp-content\/uploads\/2018\/05\/2018-Tour-Auto-Rally-93-1-1024x683.jpg 1024w, https:\/\/www.supercars.net\/blog\/wp-content\/uploads\/2018\/05\/2018-Tour-Auto-Rally-93-1-100x67.jpg 100w, https:\/\/www.supercars.net\/blog\/wp-content\/uploads\/2018\/05\/2018-Tour-Auto-Rally-93-1-770x514.jpg 770w, https:\/\/www.supercars.net\/blog\/wp-content\/uploads\/2018\/05\/2018-Tour-Auto-Rally-93-1-360x240.jpg 360w, https:\/\/www.supercars.net\/blog\/wp-content\/uploads\/2018\/05\/2018-Tour-Auto-Rally-93-1-370x247.jpg 370w, https:\/\/www.supercars.net\/blog\/wp-content\/uploads\/2018\/05\/2018-Tour-Auto-Rally-93-1-293x195.jpg 293w\" sizes=\"(max-width: 1150px) 100vw, 1150px\" \/><\/a>\r\n\t\t\t\t<\/a>\r\n            <\/div>\r\n                <div class='wp-caption-text gallery-caption'>\r\n                Nicolas SIEBENSCHUH \/ Denis SIEBENSCHUH FRA \/ FRA BMW 2002 TI 1975\r\n                <\/div><\/figure><figure class='gallery-item'>\r\n            <div class='gallery-icon landscape'>\r\n                <a href='https:\/\/www.supercars.net\/blog\/wp-content\/uploads\/2018\/05\/2018-Tour-Auto-Rally-94-1.jpg' class='tipi-lightbox'>\r\n\t\t\t\t<a href='https:\/\/www.supercars.net\/blog\/wp-content\/uploads\/2018\/05\/2018-Tour-Auto-Rally-94-1.jpg'><img decoding=\"async\" width=\"1150\" height=\"767\" src=\"https:\/\/www.supercars.net\/blog\/wp-content\/uploads\/2018\/05\/2018-Tour-Auto-Rally-94-1.jpg\" class=\"attachment-full size-full\" alt=\"\" srcset=\"https:\/\/www.supercars.net\/blog\/wp-content\/uploads\/2018\/05\/2018-Tour-Auto-Rally-94-1.jpg 1150w, https:\/\/www.supercars.net\/blog\/wp-content\/uploads\/2018\/05\/2018-Tour-Auto-Rally-94-1-300x200.jpg 300w, https:\/\/www.supercars.net\/blog\/wp-content\/uploads\/2018\/05\/2018-Tour-Auto-Rally-94-1-1024x683.jpg 1024w, https:\/\/www.supercars.net\/blog\/wp-content\/uploads\/2018\/05\/2018-Tour-Auto-Rally-94-1-100x67.jpg 100w, https:\/\/www.supercars.net\/blog\/wp-content\/uploads\/2018\/05\/2018-Tour-Auto-Rally-94-1-770x514.jpg 770w, https:\/\/www.supercars.net\/blog\/wp-content\/uploads\/2018\/05\/2018-Tour-Auto-Rally-94-1-360x240.jpg 360w, https:\/\/www.supercars.net\/blog\/wp-content\/uploads\/2018\/05\/2018-Tour-Auto-Rally-94-1-370x247.jpg 370w, https:\/\/www.supercars.net\/blog\/wp-content\/uploads\/2018\/05\/2018-Tour-Auto-Rally-94-1-293x195.jpg 293w\" sizes=\"(max-width: 1150px) 100vw, 1150px\" \/><\/a>\r\n\t\t\t\t<\/a>\r\n            <\/div>\r\n                <div class='wp-caption-text gallery-caption'>\r\n                Lee MALONE \/ Glenn MOULE GBR \/ AUS PORSCHE 914\/6 1970\r\n                <\/div><\/figure><figure class='gallery-item'>\r\n            <div class='gallery-icon landscape'>\r\n                <a href='https:\/\/www.supercars.net\/blog\/wp-content\/uploads\/2018\/05\/2018-Tour-Auto-Rally-95-1.jpg' class='tipi-lightbox'>\r\n\t\t\t\t<a href='https:\/\/www.supercars.net\/blog\/wp-content\/uploads\/2018\/05\/2018-Tour-Auto-Rally-95-1.jpg'><img decoding=\"async\" width=\"1150\" height=\"767\" src=\"https:\/\/www.supercars.net\/blog\/wp-content\/uploads\/2018\/05\/2018-Tour-Auto-Rally-95-1.jpg\" class=\"attachment-full size-full\" alt=\"\" srcset=\"https:\/\/www.supercars.net\/blog\/wp-content\/uploads\/2018\/05\/2018-Tour-Auto-Rally-95-1.jpg 1150w, https:\/\/www.supercars.net\/blog\/wp-content\/uploads\/2018\/05\/2018-Tour-Auto-Rally-95-1-300x200.jpg 300w, https:\/\/www.supercars.net\/blog\/wp-content\/uploads\/2018\/05\/2018-Tour-Auto-Rally-95-1-1024x683.jpg 1024w, https:\/\/www.supercars.net\/blog\/wp-content\/uploads\/2018\/05\/2018-Tour-Auto-Rally-95-1-100x67.jpg 100w, https:\/\/www.supercars.net\/blog\/wp-content\/uploads\/2018\/05\/2018-Tour-Auto-Rally-95-1-770x514.jpg 770w, https:\/\/www.supercars.net\/blog\/wp-content\/uploads\/2018\/05\/2018-Tour-Auto-Rally-95-1-360x240.jpg 360w, https:\/\/www.supercars.net\/blog\/wp-content\/uploads\/2018\/05\/2018-Tour-Auto-Rally-95-1-370x247.jpg 370w, https:\/\/www.supercars.net\/blog\/wp-content\/uploads\/2018\/05\/2018-Tour-Auto-Rally-95-1-293x195.jpg 293w\" sizes=\"(max-width: 1150px) 100vw, 1150px\" \/><\/a>\r\n\t\t\t\t<\/a>\r\n            <\/div>\r\n                <div class='wp-caption-text gallery-caption'>\r\n                Robert DAVIS \/ Micah DAVIS USA \/ USA SIATA 208 S 1953\r\n                <\/div><\/figure><figure class='gallery-item'>\r\n            <div class='gallery-icon landscape'>\r\n                <a href='https:\/\/www.supercars.net\/blog\/wp-content\/uploads\/2018\/05\/2018-Tour-Auto-Rally-96-1.jpg' class='tipi-lightbox'>\r\n\t\t\t\t<a href='https:\/\/www.supercars.net\/blog\/wp-content\/uploads\/2018\/05\/2018-Tour-Auto-Rally-96-1.jpg'><img decoding=\"async\" width=\"1150\" height=\"767\" src=\"https:\/\/www.supercars.net\/blog\/wp-content\/uploads\/2018\/05\/2018-Tour-Auto-Rally-96-1.jpg\" class=\"attachment-full size-full\" alt=\"\" srcset=\"https:\/\/www.supercars.net\/blog\/wp-content\/uploads\/2018\/05\/2018-Tour-Auto-Rally-96-1.jpg 1150w, https:\/\/www.supercars.net\/blog\/wp-content\/uploads\/2018\/05\/2018-Tour-Auto-Rally-96-1-300x200.jpg 300w, https:\/\/www.supercars.net\/blog\/wp-content\/uploads\/2018\/05\/2018-Tour-Auto-Rally-96-1-1024x683.jpg 1024w, https:\/\/www.supercars.net\/blog\/wp-content\/uploads\/2018\/05\/2018-Tour-Auto-Rally-96-1-100x67.jpg 100w, https:\/\/www.supercars.net\/blog\/wp-content\/uploads\/2018\/05\/2018-Tour-Auto-Rally-96-1-770x514.jpg 770w, https:\/\/www.supercars.net\/blog\/wp-content\/uploads\/2018\/05\/2018-Tour-Auto-Rally-96-1-360x240.jpg 360w, https:\/\/www.supercars.net\/blog\/wp-content\/uploads\/2018\/05\/2018-Tour-Auto-Rally-96-1-370x247.jpg 370w, https:\/\/www.supercars.net\/blog\/wp-content\/uploads\/2018\/05\/2018-Tour-Auto-Rally-96-1-293x195.jpg 293w\" sizes=\"(max-width: 1150px) 100vw, 1150px\" \/><\/a>\r\n\t\t\t\t<\/a>\r\n            <\/div>\r\n                <div class='wp-caption-text gallery-caption'>\r\n                Richard HADJIMEGRIAN \/ Adrien DUTOUR FRA \/ FRA AUSTIN HEALEY 100\/4 1955\r\n                <\/div><\/figure><figure class='gallery-item'>\r\n            <div class='gallery-icon landscape'>\r\n                <a href='https:\/\/www.supercars.net\/blog\/wp-content\/uploads\/2018\/05\/2018-Tour-Auto-Rally-97-1.jpg' class='tipi-lightbox'>\r\n\t\t\t\t<a href='https:\/\/www.supercars.net\/blog\/wp-content\/uploads\/2018\/05\/2018-Tour-Auto-Rally-97-1.jpg'><img decoding=\"async\" width=\"1150\" height=\"767\" src=\"https:\/\/www.supercars.net\/blog\/wp-content\/uploads\/2018\/05\/2018-Tour-Auto-Rally-97-1.jpg\" class=\"attachment-full size-full\" alt=\"\" srcset=\"https:\/\/www.supercars.net\/blog\/wp-content\/uploads\/2018\/05\/2018-Tour-Auto-Rally-97-1.jpg 1150w, https:\/\/www.supercars.net\/blog\/wp-content\/uploads\/2018\/05\/2018-Tour-Auto-Rally-97-1-300x200.jpg 300w, https:\/\/www.supercars.net\/blog\/wp-content\/uploads\/2018\/05\/2018-Tour-Auto-Rally-97-1-1024x683.jpg 1024w, https:\/\/www.supercars.net\/blog\/wp-content\/uploads\/2018\/05\/2018-Tour-Auto-Rally-97-1-100x67.jpg 100w, https:\/\/www.supercars.net\/blog\/wp-content\/uploads\/2018\/05\/2018-Tour-Auto-Rally-97-1-770x514.jpg 770w, https:\/\/www.supercars.net\/blog\/wp-content\/uploads\/2018\/05\/2018-Tour-Auto-Rally-97-1-360x240.jpg 360w, https:\/\/www.supercars.net\/blog\/wp-content\/uploads\/2018\/05\/2018-Tour-Auto-Rally-97-1-370x247.jpg 370w, https:\/\/www.supercars.net\/blog\/wp-content\/uploads\/2018\/05\/2018-Tour-Auto-Rally-97-1-293x195.jpg 293w\" sizes=\"(max-width: 1150px) 100vw, 1150px\" \/><\/a>\r\n\t\t\t\t<\/a>\r\n            <\/div>\r\n                <div class='wp-caption-text gallery-caption'>\r\n                Francois DUMEZ \/ Julia CHAMOT ROOKE FRA \/ FRA BMW 507 1957\r\n                <\/div><\/figure><figure class='gallery-item'>\r\n            <div class='gallery-icon landscape'>\r\n                <a href='https:\/\/www.supercars.net\/blog\/wp-content\/uploads\/2018\/05\/2018-Tour-Auto-Rally-98-1.jpg' class='tipi-lightbox'>\r\n\t\t\t\t<a href='https:\/\/www.supercars.net\/blog\/wp-content\/uploads\/2018\/05\/2018-Tour-Auto-Rally-98-1.jpg'><img decoding=\"async\" width=\"1150\" height=\"767\" src=\"https:\/\/www.supercars.net\/blog\/wp-content\/uploads\/2018\/05\/2018-Tour-Auto-Rally-98-1.jpg\" class=\"attachment-full size-full\" alt=\"\" srcset=\"https:\/\/www.supercars.net\/blog\/wp-content\/uploads\/2018\/05\/2018-Tour-Auto-Rally-98-1.jpg 1150w, https:\/\/www.supercars.net\/blog\/wp-content\/uploads\/2018\/05\/2018-Tour-Auto-Rally-98-1-300x200.jpg 300w, https:\/\/www.supercars.net\/blog\/wp-content\/uploads\/2018\/05\/2018-Tour-Auto-Rally-98-1-1024x683.jpg 1024w, https:\/\/www.supercars.net\/blog\/wp-content\/uploads\/2018\/05\/2018-Tour-Auto-Rally-98-1-100x67.jpg 100w, https:\/\/www.supercars.net\/blog\/wp-content\/uploads\/2018\/05\/2018-Tour-Auto-Rally-98-1-770x514.jpg 770w, https:\/\/www.supercars.net\/blog\/wp-content\/uploads\/2018\/05\/2018-Tour-Auto-Rally-98-1-360x240.jpg 360w, https:\/\/www.supercars.net\/blog\/wp-content\/uploads\/2018\/05\/2018-Tour-Auto-Rally-98-1-370x247.jpg 370w, https:\/\/www.supercars.net\/blog\/wp-content\/uploads\/2018\/05\/2018-Tour-Auto-Rally-98-1-293x195.jpg 293w\" sizes=\"(max-width: 1150px) 100vw, 1150px\" \/><\/a>\r\n\t\t\t\t<\/a>\r\n            <\/div>\r\n                <div class='wp-caption-text gallery-caption'>\r\n                Bernard QUEYROIX \/ Francoise QUEYROIX FRA \/ FRA MORRIS Cooper S 1300 MKI 1965\r\n                <\/div><\/figure><figure class='gallery-item'>\r\n            <div class='gallery-icon landscape'>\r\n                <a href='https:\/\/www.supercars.net\/blog\/wp-content\/uploads\/2018\/05\/2018-Tour-Auto-Rally-99-1.jpg' class='tipi-lightbox'>\r\n\t\t\t\t<a href='https:\/\/www.supercars.net\/blog\/wp-content\/uploads\/2018\/05\/2018-Tour-Auto-Rally-99-1.jpg'><img decoding=\"async\" width=\"1150\" height=\"767\" src=\"https:\/\/www.supercars.net\/blog\/wp-content\/uploads\/2018\/05\/2018-Tour-Auto-Rally-99-1.jpg\" class=\"attachment-full size-full\" alt=\"\" srcset=\"https:\/\/www.supercars.net\/blog\/wp-content\/uploads\/2018\/05\/2018-Tour-Auto-Rally-99-1.jpg 1150w, https:\/\/www.supercars.net\/blog\/wp-content\/uploads\/2018\/05\/2018-Tour-Auto-Rally-99-1-300x200.jpg 300w, https:\/\/www.supercars.net\/blog\/wp-content\/uploads\/2018\/05\/2018-Tour-Auto-Rally-99-1-1024x683.jpg 1024w, https:\/\/www.supercars.net\/blog\/wp-content\/uploads\/2018\/05\/2018-Tour-Auto-Rally-99-1-100x67.jpg 100w, https:\/\/www.supercars.net\/blog\/wp-content\/uploads\/2018\/05\/2018-Tour-Auto-Rally-99-1-770x514.jpg 770w, https:\/\/www.supercars.net\/blog\/wp-content\/uploads\/2018\/05\/2018-Tour-Auto-Rally-99-1-360x240.jpg 360w, https:\/\/www.supercars.net\/blog\/wp-content\/uploads\/2018\/05\/2018-Tour-Auto-Rally-99-1-370x247.jpg 370w, https:\/\/www.supercars.net\/blog\/wp-content\/uploads\/2018\/05\/2018-Tour-Auto-Rally-99-1-293x195.jpg 293w\" sizes=\"(max-width: 1150px) 100vw, 1150px\" \/><\/a>\r\n\t\t\t\t<\/a>\r\n            <\/div>\r\n                <div class='wp-caption-text gallery-caption'>\r\n                Christophe d&#8217;INDY \/ Maxime LEPISSIER FRA \/ FRA BMW 2800 CS 1971\r\n                <\/div><\/figure><figure class='gallery-item'>\r\n            <div class='gallery-icon landscape'>\r\n                <a href='https:\/\/www.supercars.net\/blog\/wp-content\/uploads\/2018\/05\/2018-Tour-Auto-Rally-100-1.jpg' class='tipi-lightbox'>\r\n\t\t\t\t<a href='https:\/\/www.supercars.net\/blog\/wp-content\/uploads\/2018\/05\/2018-Tour-Auto-Rally-100-1.jpg'><img decoding=\"async\" width=\"1150\" height=\"767\" src=\"https:\/\/www.supercars.net\/blog\/wp-content\/uploads\/2018\/05\/2018-Tour-Auto-Rally-100-1.jpg\" class=\"attachment-full size-full\" alt=\"\" srcset=\"https:\/\/www.supercars.net\/blog\/wp-content\/uploads\/2018\/05\/2018-Tour-Auto-Rally-100-1.jpg 1150w, https:\/\/www.supercars.net\/blog\/wp-content\/uploads\/2018\/05\/2018-Tour-Auto-Rally-100-1-300x200.jpg 300w, https:\/\/www.supercars.net\/blog\/wp-content\/uploads\/2018\/05\/2018-Tour-Auto-Rally-100-1-1024x683.jpg 1024w, https:\/\/www.supercars.net\/blog\/wp-content\/uploads\/2018\/05\/2018-Tour-Auto-Rally-100-1-100x67.jpg 100w, https:\/\/www.supercars.net\/blog\/wp-content\/uploads\/2018\/05\/2018-Tour-Auto-Rally-100-1-770x514.jpg 770w, https:\/\/www.supercars.net\/blog\/wp-content\/uploads\/2018\/05\/2018-Tour-Auto-Rally-100-1-360x240.jpg 360w, https:\/\/www.supercars.net\/blog\/wp-content\/uploads\/2018\/05\/2018-Tour-Auto-Rally-100-1-370x247.jpg 370w, https:\/\/www.supercars.net\/blog\/wp-content\/uploads\/2018\/05\/2018-Tour-Auto-Rally-100-1-293x195.jpg 293w\" sizes=\"(max-width: 1150px) 100vw, 1150px\" \/><\/a>\r\n\t\t\t\t<\/a>\r\n            <\/div>\r\n                <div class='wp-caption-text gallery-caption'>\r\n                Georges ROCCHIETTA \/ Frederic LORENZI FRA \/ FRA MORRIS Cooper S 1300 MKI 1966\r\n                <\/div><\/figure><figure class='gallery-item'>\r\n            <div class='gallery-icon landscape'>\r\n                <a href='https:\/\/www.supercars.net\/blog\/wp-content\/uploads\/2018\/05\/2018-Tour-Auto-Rally-101-1.jpg' class='tipi-lightbox'>\r\n\t\t\t\t<a href='https:\/\/www.supercars.net\/blog\/wp-content\/uploads\/2018\/05\/2018-Tour-Auto-Rally-101-1.jpg'><img decoding=\"async\" width=\"1150\" height=\"767\" src=\"https:\/\/www.supercars.net\/blog\/wp-content\/uploads\/2018\/05\/2018-Tour-Auto-Rally-101-1.jpg\" class=\"attachment-full size-full\" alt=\"\" srcset=\"https:\/\/www.supercars.net\/blog\/wp-content\/uploads\/2018\/05\/2018-Tour-Auto-Rally-101-1.jpg 1150w, https:\/\/www.supercars.net\/blog\/wp-content\/uploads\/2018\/05\/2018-Tour-Auto-Rally-101-1-300x200.jpg 300w, https:\/\/www.supercars.net\/blog\/wp-content\/uploads\/2018\/05\/2018-Tour-Auto-Rally-101-1-1024x683.jpg 1024w, https:\/\/www.supercars.net\/blog\/wp-content\/uploads\/2018\/05\/2018-Tour-Auto-Rally-101-1-100x67.jpg 100w, https:\/\/www.supercars.net\/blog\/wp-content\/uploads\/2018\/05\/2018-Tour-Auto-Rally-101-1-770x514.jpg 770w, https:\/\/www.supercars.net\/blog\/wp-content\/uploads\/2018\/05\/2018-Tour-Auto-Rally-101-1-360x240.jpg 360w, https:\/\/www.supercars.net\/blog\/wp-content\/uploads\/2018\/05\/2018-Tour-Auto-Rally-101-1-370x247.jpg 370w, https:\/\/www.supercars.net\/blog\/wp-content\/uploads\/2018\/05\/2018-Tour-Auto-Rally-101-1-293x195.jpg 293w\" sizes=\"(max-width: 1150px) 100vw, 1150px\" \/><\/a>\r\n\t\t\t\t<\/a>\r\n            <\/div>\r\n                <div class='wp-caption-text gallery-caption'>\r\n                Alison EMRINGER \/ Charles-Edouard TRAEGER FRA \/ FRA LANCIA Flaminia Sport Zagato 1960\r\n                <\/div><\/figure><figure class='gallery-item'>\r\n            <div class='gallery-icon landscape'>\r\n                <a href='https:\/\/www.supercars.net\/blog\/wp-content\/uploads\/2018\/05\/2018-Tour-Auto-Rally-102-1.jpg' class='tipi-lightbox'>\r\n\t\t\t\t<a href='https:\/\/www.supercars.net\/blog\/wp-content\/uploads\/2018\/05\/2018-Tour-Auto-Rally-102-1.jpg'><img decoding=\"async\" width=\"1150\" height=\"767\" src=\"https:\/\/www.supercars.net\/blog\/wp-content\/uploads\/2018\/05\/2018-Tour-Auto-Rally-102-1.jpg\" class=\"attachment-full size-full\" alt=\"\" srcset=\"https:\/\/www.supercars.net\/blog\/wp-content\/uploads\/2018\/05\/2018-Tour-Auto-Rally-102-1.jpg 1150w, https:\/\/www.supercars.net\/blog\/wp-content\/uploads\/2018\/05\/2018-Tour-Auto-Rally-102-1-300x200.jpg 300w, https:\/\/www.supercars.net\/blog\/wp-content\/uploads\/2018\/05\/2018-Tour-Auto-Rally-102-1-1024x683.jpg 1024w, https:\/\/www.supercars.net\/blog\/wp-content\/uploads\/2018\/05\/2018-Tour-Auto-Rally-102-1-100x67.jpg 100w, https:\/\/www.supercars.net\/blog\/wp-content\/uploads\/2018\/05\/2018-Tour-Auto-Rally-102-1-770x514.jpg 770w, https:\/\/www.supercars.net\/blog\/wp-content\/uploads\/2018\/05\/2018-Tour-Auto-Rally-102-1-360x240.jpg 360w, https:\/\/www.supercars.net\/blog\/wp-content\/uploads\/2018\/05\/2018-Tour-Auto-Rally-102-1-370x247.jpg 370w, https:\/\/www.supercars.net\/blog\/wp-content\/uploads\/2018\/05\/2018-Tour-Auto-Rally-102-1-293x195.jpg 293w\" sizes=\"(max-width: 1150px) 100vw, 1150px\" \/><\/a>\r\n\t\t\t\t<\/a>\r\n            <\/div>\r\n                <div class='wp-caption-text gallery-caption'>\r\n                Luis DELSO \/ Carlos DE MIGUEL ESP \/ ESP ALFA ROMEO Giulietta Sprint 1957\r\n                <\/div><\/figure><figure class='gallery-item'>\r\n            <div class='gallery-icon landscape'>\r\n                <a href='https:\/\/www.supercars.net\/blog\/wp-content\/uploads\/2018\/05\/2018-Tour-Auto-Rally-103-1.jpg' class='tipi-lightbox'>\r\n\t\t\t\t<a href='https:\/\/www.supercars.net\/blog\/wp-content\/uploads\/2018\/05\/2018-Tour-Auto-Rally-103-1.jpg'><img decoding=\"async\" width=\"1150\" height=\"767\" src=\"https:\/\/www.supercars.net\/blog\/wp-content\/uploads\/2018\/05\/2018-Tour-Auto-Rally-103-1.jpg\" class=\"attachment-full size-full\" alt=\"\" srcset=\"https:\/\/www.supercars.net\/blog\/wp-content\/uploads\/2018\/05\/2018-Tour-Auto-Rally-103-1.jpg 1150w, https:\/\/www.supercars.net\/blog\/wp-content\/uploads\/2018\/05\/2018-Tour-Auto-Rally-103-1-300x200.jpg 300w, https:\/\/www.supercars.net\/blog\/wp-content\/uploads\/2018\/05\/2018-Tour-Auto-Rally-103-1-1024x683.jpg 1024w, https:\/\/www.supercars.net\/blog\/wp-content\/uploads\/2018\/05\/2018-Tour-Auto-Rally-103-1-100x67.jpg 100w, https:\/\/www.supercars.net\/blog\/wp-content\/uploads\/2018\/05\/2018-Tour-Auto-Rally-103-1-770x514.jpg 770w, https:\/\/www.supercars.net\/blog\/wp-content\/uploads\/2018\/05\/2018-Tour-Auto-Rally-103-1-360x240.jpg 360w, https:\/\/www.supercars.net\/blog\/wp-content\/uploads\/2018\/05\/2018-Tour-Auto-Rally-103-1-370x247.jpg 370w, https:\/\/www.supercars.net\/blog\/wp-content\/uploads\/2018\/05\/2018-Tour-Auto-Rally-103-1-293x195.jpg 293w\" sizes=\"(max-width: 1150px) 100vw, 1150px\" \/><\/a>\r\n\t\t\t\t<\/a>\r\n            <\/div>\r\n                <div class='wp-caption-text gallery-caption'>\r\n                Raphael FAVARO \/ Yves BADAN CHE \/ CHE LOTUS Elan 26R 1965\r\n                <\/div><\/figure><figure class='gallery-item'>\r\n            <div class='gallery-icon landscape'>\r\n                <a href='https:\/\/www.supercars.net\/blog\/wp-content\/uploads\/2018\/05\/2018-Tour-Auto-Rally-104-1.jpg' class='tipi-lightbox'>\r\n\t\t\t\t<a href='https:\/\/www.supercars.net\/blog\/wp-content\/uploads\/2018\/05\/2018-Tour-Auto-Rally-104-1.jpg'><img decoding=\"async\" width=\"1150\" height=\"767\" src=\"https:\/\/www.supercars.net\/blog\/wp-content\/uploads\/2018\/05\/2018-Tour-Auto-Rally-104-1.jpg\" class=\"attachment-full size-full\" alt=\"\" srcset=\"https:\/\/www.supercars.net\/blog\/wp-content\/uploads\/2018\/05\/2018-Tour-Auto-Rally-104-1.jpg 1150w, https:\/\/www.supercars.net\/blog\/wp-content\/uploads\/2018\/05\/2018-Tour-Auto-Rally-104-1-300x200.jpg 300w, https:\/\/www.supercars.net\/blog\/wp-content\/uploads\/2018\/05\/2018-Tour-Auto-Rally-104-1-1024x683.jpg 1024w, https:\/\/www.supercars.net\/blog\/wp-content\/uploads\/2018\/05\/2018-Tour-Auto-Rally-104-1-100x67.jpg 100w, https:\/\/www.supercars.net\/blog\/wp-content\/uploads\/2018\/05\/2018-Tour-Auto-Rally-104-1-770x514.jpg 770w, https:\/\/www.supercars.net\/blog\/wp-content\/uploads\/2018\/05\/2018-Tour-Auto-Rally-104-1-360x240.jpg 360w, https:\/\/www.supercars.net\/blog\/wp-content\/uploads\/2018\/05\/2018-Tour-Auto-Rally-104-1-370x247.jpg 370w, https:\/\/www.supercars.net\/blog\/wp-content\/uploads\/2018\/05\/2018-Tour-Auto-Rally-104-1-293x195.jpg 293w\" sizes=\"(max-width: 1150px) 100vw, 1150px\" \/><\/a>\r\n\t\t\t\t<\/a>\r\n            <\/div>\r\n                <div class='wp-caption-text gallery-caption'>\r\n                Christian ODIN \/ Roland SALVI FRA \/ FRA FORD Mustang 289 1965\r\n                <\/div><\/figure><figure class='gallery-item'>\r\n            <div class='gallery-icon landscape'>\r\n                <a href='https:\/\/www.supercars.net\/blog\/wp-content\/uploads\/2018\/05\/2018-Tour-Auto-Rally-105-1.jpg' class='tipi-lightbox'>\r\n\t\t\t\t<a href='https:\/\/www.supercars.net\/blog\/wp-content\/uploads\/2018\/05\/2018-Tour-Auto-Rally-105-1.jpg'><img decoding=\"async\" width=\"1150\" height=\"767\" src=\"https:\/\/www.supercars.net\/blog\/wp-content\/uploads\/2018\/05\/2018-Tour-Auto-Rally-105-1.jpg\" class=\"attachment-full size-full\" alt=\"\" srcset=\"https:\/\/www.supercars.net\/blog\/wp-content\/uploads\/2018\/05\/2018-Tour-Auto-Rally-105-1.jpg 1150w, https:\/\/www.supercars.net\/blog\/wp-content\/uploads\/2018\/05\/2018-Tour-Auto-Rally-105-1-300x200.jpg 300w, https:\/\/www.supercars.net\/blog\/wp-content\/uploads\/2018\/05\/2018-Tour-Auto-Rally-105-1-1024x683.jpg 1024w, https:\/\/www.supercars.net\/blog\/wp-content\/uploads\/2018\/05\/2018-Tour-Auto-Rally-105-1-100x67.jpg 100w, https:\/\/www.supercars.net\/blog\/wp-content\/uploads\/2018\/05\/2018-Tour-Auto-Rally-105-1-770x514.jpg 770w, https:\/\/www.supercars.net\/blog\/wp-content\/uploads\/2018\/05\/2018-Tour-Auto-Rally-105-1-360x240.jpg 360w, https:\/\/www.supercars.net\/blog\/wp-content\/uploads\/2018\/05\/2018-Tour-Auto-Rally-105-1-370x247.jpg 370w, https:\/\/www.supercars.net\/blog\/wp-content\/uploads\/2018\/05\/2018-Tour-Auto-Rally-105-1-293x195.jpg 293w\" sizes=\"(max-width: 1150px) 100vw, 1150px\" \/><\/a>\r\n\t\t\t\t<\/a>\r\n            <\/div>\r\n                <div class='wp-caption-text gallery-caption'>\r\n                Alain GADAL \/ Francois LALOGE FRA \/ FRA PORSCHE 911 Carrera RS 3,0L 1974\r\n                <\/div><\/figure><figure class='gallery-item'>\r\n            <div class='gallery-icon landscape'>\r\n                <a href='https:\/\/www.supercars.net\/blog\/wp-content\/uploads\/2018\/05\/2018-Tour-Auto-Rally-106-1.jpg' class='tipi-lightbox'>\r\n\t\t\t\t<a href='https:\/\/www.supercars.net\/blog\/wp-content\/uploads\/2018\/05\/2018-Tour-Auto-Rally-106-1.jpg'><img decoding=\"async\" width=\"1150\" height=\"767\" src=\"https:\/\/www.supercars.net\/blog\/wp-content\/uploads\/2018\/05\/2018-Tour-Auto-Rally-106-1.jpg\" class=\"attachment-full size-full\" alt=\"\" srcset=\"https:\/\/www.supercars.net\/blog\/wp-content\/uploads\/2018\/05\/2018-Tour-Auto-Rally-106-1.jpg 1150w, https:\/\/www.supercars.net\/blog\/wp-content\/uploads\/2018\/05\/2018-Tour-Auto-Rally-106-1-300x200.jpg 300w, https:\/\/www.supercars.net\/blog\/wp-content\/uploads\/2018\/05\/2018-Tour-Auto-Rally-106-1-1024x683.jpg 1024w, https:\/\/www.supercars.net\/blog\/wp-content\/uploads\/2018\/05\/2018-Tour-Auto-Rally-106-1-100x67.jpg 100w, https:\/\/www.supercars.net\/blog\/wp-content\/uploads\/2018\/05\/2018-Tour-Auto-Rally-106-1-770x514.jpg 770w, https:\/\/www.supercars.net\/blog\/wp-content\/uploads\/2018\/05\/2018-Tour-Auto-Rally-106-1-360x240.jpg 360w, https:\/\/www.supercars.net\/blog\/wp-content\/uploads\/2018\/05\/2018-Tour-Auto-Rally-106-1-370x247.jpg 370w, https:\/\/www.supercars.net\/blog\/wp-content\/uploads\/2018\/05\/2018-Tour-Auto-Rally-106-1-293x195.jpg 293w\" sizes=\"(max-width: 1150px) 100vw, 1150px\" \/><\/a>\r\n\t\t\t\t<\/a>\r\n            <\/div>\r\n                <div class='wp-caption-text gallery-caption'>\r\n                Alexandre DELAYE \/ Jean-Baptiste REPELLIN FRA \/ FRA BMW 2800 CS 1971\r\n                <\/div><\/figure><figure class='gallery-item'>\r\n            <div class='gallery-icon landscape'>\r\n                <a href='https:\/\/www.supercars.net\/blog\/wp-content\/uploads\/2018\/05\/2018-Tour-Auto-Rally-107-1.jpg' class='tipi-lightbox'>\r\n\t\t\t\t<a href='https:\/\/www.supercars.net\/blog\/wp-content\/uploads\/2018\/05\/2018-Tour-Auto-Rally-107-1.jpg'><img decoding=\"async\" width=\"1150\" height=\"767\" src=\"https:\/\/www.supercars.net\/blog\/wp-content\/uploads\/2018\/05\/2018-Tour-Auto-Rally-107-1.jpg\" class=\"attachment-full size-full\" alt=\"\" srcset=\"https:\/\/www.supercars.net\/blog\/wp-content\/uploads\/2018\/05\/2018-Tour-Auto-Rally-107-1.jpg 1150w, https:\/\/www.supercars.net\/blog\/wp-content\/uploads\/2018\/05\/2018-Tour-Auto-Rally-107-1-300x200.jpg 300w, https:\/\/www.supercars.net\/blog\/wp-content\/uploads\/2018\/05\/2018-Tour-Auto-Rally-107-1-1024x683.jpg 1024w, https:\/\/www.supercars.net\/blog\/wp-content\/uploads\/2018\/05\/2018-Tour-Auto-Rally-107-1-100x67.jpg 100w, https:\/\/www.supercars.net\/blog\/wp-content\/uploads\/2018\/05\/2018-Tour-Auto-Rally-107-1-770x514.jpg 770w, https:\/\/www.supercars.net\/blog\/wp-content\/uploads\/2018\/05\/2018-Tour-Auto-Rally-107-1-360x240.jpg 360w, https:\/\/www.supercars.net\/blog\/wp-content\/uploads\/2018\/05\/2018-Tour-Auto-Rally-107-1-370x247.jpg 370w, https:\/\/www.supercars.net\/blog\/wp-content\/uploads\/2018\/05\/2018-Tour-Auto-Rally-107-1-293x195.jpg 293w\" sizes=\"(max-width: 1150px) 100vw, 1150px\" \/><\/a>\r\n\t\t\t\t<\/a>\r\n            <\/div>\r\n                <div class='wp-caption-text gallery-caption'>\r\n                Jean-Claude BASSO \/ Robert VERBER FRA \/ FRA BMW 3.0 CSL 1972\r\n                <\/div><\/figure><figure class='gallery-item'>\r\n            <div class='gallery-icon landscape'>\r\n                <a href='https:\/\/www.supercars.net\/blog\/wp-content\/uploads\/2018\/05\/2018-Tour-Auto-Rally-108-1.jpg' class='tipi-lightbox'>\r\n\t\t\t\t<a href='https:\/\/www.supercars.net\/blog\/wp-content\/uploads\/2018\/05\/2018-Tour-Auto-Rally-108-1.jpg'><img decoding=\"async\" width=\"1150\" height=\"767\" src=\"https:\/\/www.supercars.net\/blog\/wp-content\/uploads\/2018\/05\/2018-Tour-Auto-Rally-108-1.jpg\" class=\"attachment-full size-full\" alt=\"\" srcset=\"https:\/\/www.supercars.net\/blog\/wp-content\/uploads\/2018\/05\/2018-Tour-Auto-Rally-108-1.jpg 1150w, https:\/\/www.supercars.net\/blog\/wp-content\/uploads\/2018\/05\/2018-Tour-Auto-Rally-108-1-300x200.jpg 300w, https:\/\/www.supercars.net\/blog\/wp-content\/uploads\/2018\/05\/2018-Tour-Auto-Rally-108-1-1024x683.jpg 1024w, https:\/\/www.supercars.net\/blog\/wp-content\/uploads\/2018\/05\/2018-Tour-Auto-Rally-108-1-100x67.jpg 100w, https:\/\/www.supercars.net\/blog\/wp-content\/uploads\/2018\/05\/2018-Tour-Auto-Rally-108-1-770x514.jpg 770w, https:\/\/www.supercars.net\/blog\/wp-content\/uploads\/2018\/05\/2018-Tour-Auto-Rally-108-1-360x240.jpg 360w, https:\/\/www.supercars.net\/blog\/wp-content\/uploads\/2018\/05\/2018-Tour-Auto-Rally-108-1-370x247.jpg 370w, https:\/\/www.supercars.net\/blog\/wp-content\/uploads\/2018\/05\/2018-Tour-Auto-Rally-108-1-293x195.jpg 293w\" sizes=\"(max-width: 1150px) 100vw, 1150px\" \/><\/a>\r\n\t\t\t\t<\/a>\r\n            <\/div>\r\n                <div class='wp-caption-text gallery-caption'>\r\n                Rolf RICHTER \/ Moritz RICHTER DEU \/ DEU PORSCHE 911 Carrera RS 3,0L 1973\r\n                <\/div><\/figure><figure class='gallery-item'>\r\n            <div class='gallery-icon landscape'>\r\n                <a href='https:\/\/www.supercars.net\/blog\/wp-content\/uploads\/2018\/05\/2018-Tour-Auto-Rally-109-1.jpg' class='tipi-lightbox'>\r\n\t\t\t\t<a href='https:\/\/www.supercars.net\/blog\/wp-content\/uploads\/2018\/05\/2018-Tour-Auto-Rally-109-1.jpg'><img decoding=\"async\" width=\"1150\" height=\"767\" src=\"https:\/\/www.supercars.net\/blog\/wp-content\/uploads\/2018\/05\/2018-Tour-Auto-Rally-109-1.jpg\" class=\"attachment-full size-full\" alt=\"\" srcset=\"https:\/\/www.supercars.net\/blog\/wp-content\/uploads\/2018\/05\/2018-Tour-Auto-Rally-109-1.jpg 1150w, https:\/\/www.supercars.net\/blog\/wp-content\/uploads\/2018\/05\/2018-Tour-Auto-Rally-109-1-300x200.jpg 300w, https:\/\/www.supercars.net\/blog\/wp-content\/uploads\/2018\/05\/2018-Tour-Auto-Rally-109-1-1024x683.jpg 1024w, https:\/\/www.supercars.net\/blog\/wp-content\/uploads\/2018\/05\/2018-Tour-Auto-Rally-109-1-100x67.jpg 100w, https:\/\/www.supercars.net\/blog\/wp-content\/uploads\/2018\/05\/2018-Tour-Auto-Rally-109-1-770x514.jpg 770w, https:\/\/www.supercars.net\/blog\/wp-content\/uploads\/2018\/05\/2018-Tour-Auto-Rally-109-1-360x240.jpg 360w, https:\/\/www.supercars.net\/blog\/wp-content\/uploads\/2018\/05\/2018-Tour-Auto-Rally-109-1-370x247.jpg 370w, https:\/\/www.supercars.net\/blog\/wp-content\/uploads\/2018\/05\/2018-Tour-Auto-Rally-109-1-293x195.jpg 293w\" sizes=\"(max-width: 1150px) 100vw, 1150px\" \/><\/a>\r\n\t\t\t\t<\/a>\r\n            <\/div>\r\n                <div class='wp-caption-text gallery-caption'>\r\n                Philippe VANDROMME \/ Frederic VIVIER FRA \/ FRA FORD GT40 MKII 1967\r\n                <\/div><\/figure><figure class='gallery-item'>\r\n            <div class='gallery-icon landscape'>\r\n                <a href='https:\/\/www.supercars.net\/blog\/wp-content\/uploads\/2018\/05\/2018-Tour-Auto-Rally-110-1.jpg' class='tipi-lightbox'>\r\n\t\t\t\t<a href='https:\/\/www.supercars.net\/blog\/wp-content\/uploads\/2018\/05\/2018-Tour-Auto-Rally-110-1.jpg'><img decoding=\"async\" width=\"1150\" height=\"767\" src=\"https:\/\/www.supercars.net\/blog\/wp-content\/uploads\/2018\/05\/2018-Tour-Auto-Rally-110-1.jpg\" class=\"attachment-full size-full\" alt=\"\" srcset=\"https:\/\/www.supercars.net\/blog\/wp-content\/uploads\/2018\/05\/2018-Tour-Auto-Rally-110-1.jpg 1150w, https:\/\/www.supercars.net\/blog\/wp-content\/uploads\/2018\/05\/2018-Tour-Auto-Rally-110-1-300x200.jpg 300w, https:\/\/www.supercars.net\/blog\/wp-content\/uploads\/2018\/05\/2018-Tour-Auto-Rally-110-1-1024x683.jpg 1024w, https:\/\/www.supercars.net\/blog\/wp-content\/uploads\/2018\/05\/2018-Tour-Auto-Rally-110-1-100x67.jpg 100w, https:\/\/www.supercars.net\/blog\/wp-content\/uploads\/2018\/05\/2018-Tour-Auto-Rally-110-1-770x514.jpg 770w, https:\/\/www.supercars.net\/blog\/wp-content\/uploads\/2018\/05\/2018-Tour-Auto-Rally-110-1-360x240.jpg 360w, https:\/\/www.supercars.net\/blog\/wp-content\/uploads\/2018\/05\/2018-Tour-Auto-Rally-110-1-370x247.jpg 370w, https:\/\/www.supercars.net\/blog\/wp-content\/uploads\/2018\/05\/2018-Tour-Auto-Rally-110-1-293x195.jpg 293w\" sizes=\"(max-width: 1150px) 100vw, 1150px\" \/><\/a>\r\n\t\t\t\t<\/a>\r\n            <\/div>\r\n                <div class='wp-caption-text gallery-caption'>\r\n                Armand MILLE \/ Guillaume MAHE FRA \/ FRA PORSCHE 911 Carrera RS 3,0L 1974\r\n                <\/div><\/figure><figure class='gallery-item'>\r\n            <div class='gallery-icon landscape'>\r\n                <a href='https:\/\/www.supercars.net\/blog\/wp-content\/uploads\/2018\/05\/2018-Tour-Auto-Rally-111-1.jpg' class='tipi-lightbox'>\r\n\t\t\t\t<a href='https:\/\/www.supercars.net\/blog\/wp-content\/uploads\/2018\/05\/2018-Tour-Auto-Rally-111-1.jpg'><img decoding=\"async\" width=\"1150\" height=\"767\" src=\"https:\/\/www.supercars.net\/blog\/wp-content\/uploads\/2018\/05\/2018-Tour-Auto-Rally-111-1.jpg\" class=\"attachment-full size-full\" alt=\"\" srcset=\"https:\/\/www.supercars.net\/blog\/wp-content\/uploads\/2018\/05\/2018-Tour-Auto-Rally-111-1.jpg 1150w, https:\/\/www.supercars.net\/blog\/wp-content\/uploads\/2018\/05\/2018-Tour-Auto-Rally-111-1-300x200.jpg 300w, https:\/\/www.supercars.net\/blog\/wp-content\/uploads\/2018\/05\/2018-Tour-Auto-Rally-111-1-1024x683.jpg 1024w, https:\/\/www.supercars.net\/blog\/wp-content\/uploads\/2018\/05\/2018-Tour-Auto-Rally-111-1-100x67.jpg 100w, https:\/\/www.supercars.net\/blog\/wp-content\/uploads\/2018\/05\/2018-Tour-Auto-Rally-111-1-770x514.jpg 770w, https:\/\/www.supercars.net\/blog\/wp-content\/uploads\/2018\/05\/2018-Tour-Auto-Rally-111-1-360x240.jpg 360w, https:\/\/www.supercars.net\/blog\/wp-content\/uploads\/2018\/05\/2018-Tour-Auto-Rally-111-1-370x247.jpg 370w, https:\/\/www.supercars.net\/blog\/wp-content\/uploads\/2018\/05\/2018-Tour-Auto-Rally-111-1-293x195.jpg 293w\" sizes=\"(max-width: 1150px) 100vw, 1150px\" \/><\/a>\r\n\t\t\t\t<\/a>\r\n            <\/div>\r\n                <div class='wp-caption-text gallery-caption'>\r\n                Patrick HAUTOT \/ Sylvain CANTREL FRA \/ FRA FORD GT40 MKII 1968\r\n                <\/div><\/figure><figure class='gallery-item'>\r\n            <div class='gallery-icon landscape'>\r\n                <a href='https:\/\/www.supercars.net\/blog\/wp-content\/uploads\/2018\/05\/2018-Tour-Auto-Rally-112-1.jpg' class='tipi-lightbox'>\r\n\t\t\t\t<a href='https:\/\/www.supercars.net\/blog\/wp-content\/uploads\/2018\/05\/2018-Tour-Auto-Rally-112-1.jpg'><img decoding=\"async\" width=\"1150\" height=\"767\" src=\"https:\/\/www.supercars.net\/blog\/wp-content\/uploads\/2018\/05\/2018-Tour-Auto-Rally-112-1.jpg\" class=\"attachment-full size-full\" alt=\"\" srcset=\"https:\/\/www.supercars.net\/blog\/wp-content\/uploads\/2018\/05\/2018-Tour-Auto-Rally-112-1.jpg 1150w, https:\/\/www.supercars.net\/blog\/wp-content\/uploads\/2018\/05\/2018-Tour-Auto-Rally-112-1-300x200.jpg 300w, https:\/\/www.supercars.net\/blog\/wp-content\/uploads\/2018\/05\/2018-Tour-Auto-Rally-112-1-1024x683.jpg 1024w, https:\/\/www.supercars.net\/blog\/wp-content\/uploads\/2018\/05\/2018-Tour-Auto-Rally-112-1-100x67.jpg 100w, https:\/\/www.supercars.net\/blog\/wp-content\/uploads\/2018\/05\/2018-Tour-Auto-Rally-112-1-770x514.jpg 770w, https:\/\/www.supercars.net\/blog\/wp-content\/uploads\/2018\/05\/2018-Tour-Auto-Rally-112-1-360x240.jpg 360w, https:\/\/www.supercars.net\/blog\/wp-content\/uploads\/2018\/05\/2018-Tour-Auto-Rally-112-1-370x247.jpg 370w, https:\/\/www.supercars.net\/blog\/wp-content\/uploads\/2018\/05\/2018-Tour-Auto-Rally-112-1-293x195.jpg 293w\" sizes=\"(max-width: 1150px) 100vw, 1150px\" \/><\/a>\r\n\t\t\t\t<\/a>\r\n            <\/div>\r\n                <div class='wp-caption-text gallery-caption'>\r\n                Christophe VAN RIET \/ Caroline GRIFNEE BEL \/ BEL PORSCHE 911 Carrera RSR 3,0L 1974\r\n                <\/div><\/figure><figure class='gallery-item'>\r\n            <div class='gallery-icon landscape'>\r\n                <a href='https:\/\/www.supercars.net\/blog\/wp-content\/uploads\/2018\/05\/2018-Tour-Auto-Rally-113-1.jpg' class='tipi-lightbox'>\r\n\t\t\t\t<a href='https:\/\/www.supercars.net\/blog\/wp-content\/uploads\/2018\/05\/2018-Tour-Auto-Rally-113-1.jpg'><img decoding=\"async\" width=\"1150\" height=\"767\" src=\"https:\/\/www.supercars.net\/blog\/wp-content\/uploads\/2018\/05\/2018-Tour-Auto-Rally-113-1.jpg\" class=\"attachment-full size-full\" alt=\"\" srcset=\"https:\/\/www.supercars.net\/blog\/wp-content\/uploads\/2018\/05\/2018-Tour-Auto-Rally-113-1.jpg 1150w, https:\/\/www.supercars.net\/blog\/wp-content\/uploads\/2018\/05\/2018-Tour-Auto-Rally-113-1-300x200.jpg 300w, https:\/\/www.supercars.net\/blog\/wp-content\/uploads\/2018\/05\/2018-Tour-Auto-Rally-113-1-1024x683.jpg 1024w, https:\/\/www.supercars.net\/blog\/wp-content\/uploads\/2018\/05\/2018-Tour-Auto-Rally-113-1-100x67.jpg 100w, https:\/\/www.supercars.net\/blog\/wp-content\/uploads\/2018\/05\/2018-Tour-Auto-Rally-113-1-770x514.jpg 770w, https:\/\/www.supercars.net\/blog\/wp-content\/uploads\/2018\/05\/2018-Tour-Auto-Rally-113-1-360x240.jpg 360w, https:\/\/www.supercars.net\/blog\/wp-content\/uploads\/2018\/05\/2018-Tour-Auto-Rally-113-1-370x247.jpg 370w, https:\/\/www.supercars.net\/blog\/wp-content\/uploads\/2018\/05\/2018-Tour-Auto-Rally-113-1-293x195.jpg 293w\" sizes=\"(max-width: 1150px) 100vw, 1150px\" \/><\/a>\r\n\t\t\t\t<\/a>\r\n            <\/div>\r\n                <div class='wp-caption-text gallery-caption'>\r\n                Cooper MAC NEIL \/ Gunnar JEANNETTE USA \/ USA PORSCHE 911 Carrera RSR 3,0L 1974\r\n                <\/div><\/figure><figure class='gallery-item'>\r\n            <div class='gallery-icon landscape'>\r\n                <a href='https:\/\/www.supercars.net\/blog\/wp-content\/uploads\/2018\/05\/2018-Tour-Auto-Rally-114-1.jpg' class='tipi-lightbox'>\r\n\t\t\t\t<a href='https:\/\/www.supercars.net\/blog\/wp-content\/uploads\/2018\/05\/2018-Tour-Auto-Rally-114-1.jpg'><img decoding=\"async\" width=\"1150\" height=\"767\" src=\"https:\/\/www.supercars.net\/blog\/wp-content\/uploads\/2018\/05\/2018-Tour-Auto-Rally-114-1.jpg\" class=\"attachment-full size-full\" alt=\"\" srcset=\"https:\/\/www.supercars.net\/blog\/wp-content\/uploads\/2018\/05\/2018-Tour-Auto-Rally-114-1.jpg 1150w, https:\/\/www.supercars.net\/blog\/wp-content\/uploads\/2018\/05\/2018-Tour-Auto-Rally-114-1-300x200.jpg 300w, https:\/\/www.supercars.net\/blog\/wp-content\/uploads\/2018\/05\/2018-Tour-Auto-Rally-114-1-1024x683.jpg 1024w, https:\/\/www.supercars.net\/blog\/wp-content\/uploads\/2018\/05\/2018-Tour-Auto-Rally-114-1-100x67.jpg 100w, https:\/\/www.supercars.net\/blog\/wp-content\/uploads\/2018\/05\/2018-Tour-Auto-Rally-114-1-770x514.jpg 770w, https:\/\/www.supercars.net\/blog\/wp-content\/uploads\/2018\/05\/2018-Tour-Auto-Rally-114-1-360x240.jpg 360w, https:\/\/www.supercars.net\/blog\/wp-content\/uploads\/2018\/05\/2018-Tour-Auto-Rally-114-1-370x247.jpg 370w, https:\/\/www.supercars.net\/blog\/wp-content\/uploads\/2018\/05\/2018-Tour-Auto-Rally-114-1-293x195.jpg 293w\" sizes=\"(max-width: 1150px) 100vw, 1150px\" \/><\/a>\r\n\t\t\t\t<\/a>\r\n            <\/div>\r\n                <div class='wp-caption-text gallery-caption'>\r\n                Nicolas LEROY-FLEURIOT \/ Adrien AUDIBERT FRA \/ FRA FERRARI 308 Gr.IV Michelotto 1977\r\n                <\/div><\/figure><figure class='gallery-item'>\r\n            <div class='gallery-icon landscape'>\r\n                <a href='https:\/\/www.supercars.net\/blog\/wp-content\/uploads\/2018\/05\/2018-Tour-Auto-Rally-115-1.jpg' class='tipi-lightbox'>\r\n\t\t\t\t<a href='https:\/\/www.supercars.net\/blog\/wp-content\/uploads\/2018\/05\/2018-Tour-Auto-Rally-115-1.jpg'><img decoding=\"async\" width=\"1150\" height=\"767\" src=\"https:\/\/www.supercars.net\/blog\/wp-content\/uploads\/2018\/05\/2018-Tour-Auto-Rally-115-1.jpg\" class=\"attachment-full size-full\" alt=\"\" srcset=\"https:\/\/www.supercars.net\/blog\/wp-content\/uploads\/2018\/05\/2018-Tour-Auto-Rally-115-1.jpg 1150w, https:\/\/www.supercars.net\/blog\/wp-content\/uploads\/2018\/05\/2018-Tour-Auto-Rally-115-1-300x200.jpg 300w, https:\/\/www.supercars.net\/blog\/wp-content\/uploads\/2018\/05\/2018-Tour-Auto-Rally-115-1-1024x683.jpg 1024w, https:\/\/www.supercars.net\/blog\/wp-content\/uploads\/2018\/05\/2018-Tour-Auto-Rally-115-1-100x67.jpg 100w, https:\/\/www.supercars.net\/blog\/wp-content\/uploads\/2018\/05\/2018-Tour-Auto-Rally-115-1-770x514.jpg 770w, https:\/\/www.supercars.net\/blog\/wp-content\/uploads\/2018\/05\/2018-Tour-Auto-Rally-115-1-360x240.jpg 360w, https:\/\/www.supercars.net\/blog\/wp-content\/uploads\/2018\/05\/2018-Tour-Auto-Rally-115-1-370x247.jpg 370w, https:\/\/www.supercars.net\/blog\/wp-content\/uploads\/2018\/05\/2018-Tour-Auto-Rally-115-1-293x195.jpg 293w\" sizes=\"(max-width: 1150px) 100vw, 1150px\" \/><\/a>\r\n\t\t\t\t<\/a>\r\n            <\/div>\r\n                <div class='wp-caption-text gallery-caption'>\r\n                Christian CHAMBORD \/ Patrick FOURESTIE BEL \/ FRA ALPINE RENAULT A110 1800 Gr.IV 1972\r\n                <\/div><\/figure><figure class='gallery-item'>\r\n            <div class='gallery-icon landscape'>\r\n                <a href='https:\/\/www.supercars.net\/blog\/wp-content\/uploads\/2018\/05\/2018-Tour-Auto-Rally-116-1.jpg' class='tipi-lightbox'>\r\n\t\t\t\t<a href='https:\/\/www.supercars.net\/blog\/wp-content\/uploads\/2018\/05\/2018-Tour-Auto-Rally-116-1.jpg'><img decoding=\"async\" width=\"1150\" height=\"767\" src=\"https:\/\/www.supercars.net\/blog\/wp-content\/uploads\/2018\/05\/2018-Tour-Auto-Rally-116-1.jpg\" class=\"attachment-full size-full\" alt=\"\" srcset=\"https:\/\/www.supercars.net\/blog\/wp-content\/uploads\/2018\/05\/2018-Tour-Auto-Rally-116-1.jpg 1150w, https:\/\/www.supercars.net\/blog\/wp-content\/uploads\/2018\/05\/2018-Tour-Auto-Rally-116-1-300x200.jpg 300w, https:\/\/www.supercars.net\/blog\/wp-content\/uploads\/2018\/05\/2018-Tour-Auto-Rally-116-1-1024x683.jpg 1024w, https:\/\/www.supercars.net\/blog\/wp-content\/uploads\/2018\/05\/2018-Tour-Auto-Rally-116-1-100x67.jpg 100w, https:\/\/www.supercars.net\/blog\/wp-content\/uploads\/2018\/05\/2018-Tour-Auto-Rally-116-1-770x514.jpg 770w, https:\/\/www.supercars.net\/blog\/wp-content\/uploads\/2018\/05\/2018-Tour-Auto-Rally-116-1-360x240.jpg 360w, https:\/\/www.supercars.net\/blog\/wp-content\/uploads\/2018\/05\/2018-Tour-Auto-Rally-116-1-370x247.jpg 370w, https:\/\/www.supercars.net\/blog\/wp-content\/uploads\/2018\/05\/2018-Tour-Auto-Rally-116-1-293x195.jpg 293w\" sizes=\"(max-width: 1150px) 100vw, 1150px\" \/><\/a>\r\n\t\t\t\t<\/a>\r\n            <\/div>\r\n                <div class='wp-caption-text gallery-caption'>\r\n                SEGOLEN \/ Andre ROCHER FRA \/ FRA RENAULT 12 Gordini 1973\r\n                <\/div><\/figure><figure class='gallery-item'>\r\n            <div class='gallery-icon landscape'>\r\n                <a href='https:\/\/www.supercars.net\/blog\/wp-content\/uploads\/2018\/05\/2018-Tour-Auto-Rally-117-1.jpg' class='tipi-lightbox'>\r\n\t\t\t\t<a href='https:\/\/www.supercars.net\/blog\/wp-content\/uploads\/2018\/05\/2018-Tour-Auto-Rally-117-1.jpg'><img decoding=\"async\" width=\"1150\" height=\"768\" src=\"https:\/\/www.supercars.net\/blog\/wp-content\/uploads\/2018\/05\/2018-Tour-Auto-Rally-117-1.jpg\" class=\"attachment-full size-full\" alt=\"\" srcset=\"https:\/\/www.supercars.net\/blog\/wp-content\/uploads\/2018\/05\/2018-Tour-Auto-Rally-117-1.jpg 1150w, https:\/\/www.supercars.net\/blog\/wp-content\/uploads\/2018\/05\/2018-Tour-Auto-Rally-117-1-300x200.jpg 300w, https:\/\/www.supercars.net\/blog\/wp-content\/uploads\/2018\/05\/2018-Tour-Auto-Rally-117-1-1024x684.jpg 1024w, https:\/\/www.supercars.net\/blog\/wp-content\/uploads\/2018\/05\/2018-Tour-Auto-Rally-117-1-100x67.jpg 100w, https:\/\/www.supercars.net\/blog\/wp-content\/uploads\/2018\/05\/2018-Tour-Auto-Rally-117-1-770x514.jpg 770w, https:\/\/www.supercars.net\/blog\/wp-content\/uploads\/2018\/05\/2018-Tour-Auto-Rally-117-1-360x240.jpg 360w, https:\/\/www.supercars.net\/blog\/wp-content\/uploads\/2018\/05\/2018-Tour-Auto-Rally-117-1-370x247.jpg 370w, https:\/\/www.supercars.net\/blog\/wp-content\/uploads\/2018\/05\/2018-Tour-Auto-Rally-117-1-293x196.jpg 293w\" sizes=\"(max-width: 1150px) 100vw, 1150px\" \/><\/a>\r\n\t\t\t\t<\/a>\r\n            <\/div>\r\n                <div class='wp-caption-text gallery-caption'>\r\n                Jurgen BODEN \/ Remi DARGEGEN AUT \/ FRA ABARTH SIMCA 2000 GT 1963\r\n                <\/div><\/figure><figure class='gallery-item'>\r\n            <div class='gallery-icon landscape'>\r\n                <a href='https:\/\/www.supercars.net\/blog\/wp-content\/uploads\/2018\/05\/2018-Tour-Auto-Rally-118-1.jpg' class='tipi-lightbox'>\r\n\t\t\t\t<a href='https:\/\/www.supercars.net\/blog\/wp-content\/uploads\/2018\/05\/2018-Tour-Auto-Rally-118-1.jpg'><img decoding=\"async\" width=\"1150\" height=\"768\" src=\"https:\/\/www.supercars.net\/blog\/wp-content\/uploads\/2018\/05\/2018-Tour-Auto-Rally-118-1.jpg\" class=\"attachment-full size-full\" alt=\"\" srcset=\"https:\/\/www.supercars.net\/blog\/wp-content\/uploads\/2018\/05\/2018-Tour-Auto-Rally-118-1.jpg 1150w, https:\/\/www.supercars.net\/blog\/wp-content\/uploads\/2018\/05\/2018-Tour-Auto-Rally-118-1-300x200.jpg 300w, https:\/\/www.supercars.net\/blog\/wp-content\/uploads\/2018\/05\/2018-Tour-Auto-Rally-118-1-1024x684.jpg 1024w, https:\/\/www.supercars.net\/blog\/wp-content\/uploads\/2018\/05\/2018-Tour-Auto-Rally-118-1-100x67.jpg 100w, https:\/\/www.supercars.net\/blog\/wp-content\/uploads\/2018\/05\/2018-Tour-Auto-Rally-118-1-770x514.jpg 770w, https:\/\/www.supercars.net\/blog\/wp-content\/uploads\/2018\/05\/2018-Tour-Auto-Rally-118-1-360x240.jpg 360w, https:\/\/www.supercars.net\/blog\/wp-content\/uploads\/2018\/05\/2018-Tour-Auto-Rally-118-1-370x247.jpg 370w, https:\/\/www.supercars.net\/blog\/wp-content\/uploads\/2018\/05\/2018-Tour-Auto-Rally-118-1-293x196.jpg 293w\" sizes=\"(max-width: 1150px) 100vw, 1150px\" \/><\/a>\r\n\t\t\t\t<\/a>\r\n            <\/div>\r\n                <div class='wp-caption-text gallery-caption'>\r\n                Jean-Pierre MARGAINAUD \/ Jean-Baptiste MARGAINAUD FRA \/ FRA BMW 2800 CS 1969\r\n                <\/div><\/figure><figure class='gallery-item'>\r\n            <div class='gallery-icon landscape'>\r\n                <a href='https:\/\/www.supercars.net\/blog\/wp-content\/uploads\/2018\/05\/2018-Tour-Auto-Rally-119-1.jpg' class='tipi-lightbox'>\r\n\t\t\t\t<a href='https:\/\/www.supercars.net\/blog\/wp-content\/uploads\/2018\/05\/2018-Tour-Auto-Rally-119-1.jpg'><img decoding=\"async\" width=\"1150\" height=\"768\" src=\"https:\/\/www.supercars.net\/blog\/wp-content\/uploads\/2018\/05\/2018-Tour-Auto-Rally-119-1.jpg\" class=\"attachment-full size-full\" alt=\"\" srcset=\"https:\/\/www.supercars.net\/blog\/wp-content\/uploads\/2018\/05\/2018-Tour-Auto-Rally-119-1.jpg 1150w, https:\/\/www.supercars.net\/blog\/wp-content\/uploads\/2018\/05\/2018-Tour-Auto-Rally-119-1-300x200.jpg 300w, https:\/\/www.supercars.net\/blog\/wp-content\/uploads\/2018\/05\/2018-Tour-Auto-Rally-119-1-1024x684.jpg 1024w, https:\/\/www.supercars.net\/blog\/wp-content\/uploads\/2018\/05\/2018-Tour-Auto-Rally-119-1-100x67.jpg 100w, https:\/\/www.supercars.net\/blog\/wp-content\/uploads\/2018\/05\/2018-Tour-Auto-Rally-119-1-770x514.jpg 770w, https:\/\/www.supercars.net\/blog\/wp-content\/uploads\/2018\/05\/2018-Tour-Auto-Rally-119-1-360x240.jpg 360w, https:\/\/www.supercars.net\/blog\/wp-content\/uploads\/2018\/05\/2018-Tour-Auto-Rally-119-1-370x247.jpg 370w, https:\/\/www.supercars.net\/blog\/wp-content\/uploads\/2018\/05\/2018-Tour-Auto-Rally-119-1-293x196.jpg 293w\" sizes=\"(max-width: 1150px) 100vw, 1150px\" \/><\/a>\r\n\t\t\t\t<\/a>\r\n            <\/div>\r\n                <div class='wp-caption-text gallery-caption'>\r\n                Simon NOBILI \/ Emmanuel DRAI ITA \/ FRA JAGUAR MKII 3,8L 1961\r\n                <\/div><\/figure><figure class='gallery-item'>\r\n            <div class='gallery-icon landscape'>\r\n                <a href='https:\/\/www.supercars.net\/blog\/wp-content\/uploads\/2018\/05\/2018-Tour-Auto-Rally-120-1.jpg' class='tipi-lightbox'>\r\n\t\t\t\t<a href='https:\/\/www.supercars.net\/blog\/wp-content\/uploads\/2018\/05\/2018-Tour-Auto-Rally-120-1.jpg'><img decoding=\"async\" width=\"1150\" height=\"768\" src=\"https:\/\/www.supercars.net\/blog\/wp-content\/uploads\/2018\/05\/2018-Tour-Auto-Rally-120-1.jpg\" class=\"attachment-full size-full\" alt=\"\" srcset=\"https:\/\/www.supercars.net\/blog\/wp-content\/uploads\/2018\/05\/2018-Tour-Auto-Rally-120-1.jpg 1150w, https:\/\/www.supercars.net\/blog\/wp-content\/uploads\/2018\/05\/2018-Tour-Auto-Rally-120-1-300x200.jpg 300w, https:\/\/www.supercars.net\/blog\/wp-content\/uploads\/2018\/05\/2018-Tour-Auto-Rally-120-1-1024x684.jpg 1024w, https:\/\/www.supercars.net\/blog\/wp-content\/uploads\/2018\/05\/2018-Tour-Auto-Rally-120-1-100x67.jpg 100w, https:\/\/www.supercars.net\/blog\/wp-content\/uploads\/2018\/05\/2018-Tour-Auto-Rally-120-1-770x514.jpg 770w, https:\/\/www.supercars.net\/blog\/wp-content\/uploads\/2018\/05\/2018-Tour-Auto-Rally-120-1-360x240.jpg 360w, https:\/\/www.supercars.net\/blog\/wp-content\/uploads\/2018\/05\/2018-Tour-Auto-Rally-120-1-370x247.jpg 370w, https:\/\/www.supercars.net\/blog\/wp-content\/uploads\/2018\/05\/2018-Tour-Auto-Rally-120-1-293x196.jpg 293w\" sizes=\"(max-width: 1150px) 100vw, 1150px\" \/><\/a>\r\n\t\t\t\t<\/a>\r\n            <\/div>\r\n                <div class='wp-caption-text gallery-caption'>\r\n                Georges ROCCHIETTA \/ Frederic LORENZI FRA \/ FRA MORRIS Cooper S 1300 MKI 1966\r\n                <\/div><\/figure><figure class='gallery-item'>\r\n            <div class='gallery-icon landscape'>\r\n                <a href='https:\/\/www.supercars.net\/blog\/wp-content\/uploads\/2018\/05\/2018-Tour-Auto-Rally-121-1.jpg' class='tipi-lightbox'>\r\n\t\t\t\t<a href='https:\/\/www.supercars.net\/blog\/wp-content\/uploads\/2018\/05\/2018-Tour-Auto-Rally-121-1.jpg'><img decoding=\"async\" width=\"1150\" height=\"768\" src=\"https:\/\/www.supercars.net\/blog\/wp-content\/uploads\/2018\/05\/2018-Tour-Auto-Rally-121-1.jpg\" class=\"attachment-full size-full\" alt=\"\" srcset=\"https:\/\/www.supercars.net\/blog\/wp-content\/uploads\/2018\/05\/2018-Tour-Auto-Rally-121-1.jpg 1150w, https:\/\/www.supercars.net\/blog\/wp-content\/uploads\/2018\/05\/2018-Tour-Auto-Rally-121-1-300x200.jpg 300w, https:\/\/www.supercars.net\/blog\/wp-content\/uploads\/2018\/05\/2018-Tour-Auto-Rally-121-1-1024x684.jpg 1024w, https:\/\/www.supercars.net\/blog\/wp-content\/uploads\/2018\/05\/2018-Tour-Auto-Rally-121-1-100x67.jpg 100w, https:\/\/www.supercars.net\/blog\/wp-content\/uploads\/2018\/05\/2018-Tour-Auto-Rally-121-1-770x514.jpg 770w, https:\/\/www.supercars.net\/blog\/wp-content\/uploads\/2018\/05\/2018-Tour-Auto-Rally-121-1-360x240.jpg 360w, https:\/\/www.supercars.net\/blog\/wp-content\/uploads\/2018\/05\/2018-Tour-Auto-Rally-121-1-370x247.jpg 370w, https:\/\/www.supercars.net\/blog\/wp-content\/uploads\/2018\/05\/2018-Tour-Auto-Rally-121-1-293x196.jpg 293w\" sizes=\"(max-width: 1150px) 100vw, 1150px\" \/><\/a>\r\n\t\t\t\t<\/a>\r\n            <\/div>\r\n                <div class='wp-caption-text gallery-caption'>\r\n                Gerard SALAT \/ Jean-Pierre BIGGI FRA \/ FRA RENAULT 8 Gordini 1967\r\n                <\/div><\/figure><figure class='gallery-item'>\r\n            <div class='gallery-icon landscape'>\r\n                <a href='https:\/\/www.supercars.net\/blog\/wp-content\/uploads\/2018\/05\/2018-Tour-Auto-Rally-122-1.jpg' class='tipi-lightbox'>\r\n\t\t\t\t<a href='https:\/\/www.supercars.net\/blog\/wp-content\/uploads\/2018\/05\/2018-Tour-Auto-Rally-122-1.jpg'><img decoding=\"async\" width=\"1150\" height=\"768\" src=\"https:\/\/www.supercars.net\/blog\/wp-content\/uploads\/2018\/05\/2018-Tour-Auto-Rally-122-1.jpg\" class=\"attachment-full size-full\" alt=\"\" srcset=\"https:\/\/www.supercars.net\/blog\/wp-content\/uploads\/2018\/05\/2018-Tour-Auto-Rally-122-1.jpg 1150w, https:\/\/www.supercars.net\/blog\/wp-content\/uploads\/2018\/05\/2018-Tour-Auto-Rally-122-1-300x200.jpg 300w, https:\/\/www.supercars.net\/blog\/wp-content\/uploads\/2018\/05\/2018-Tour-Auto-Rally-122-1-1024x684.jpg 1024w, https:\/\/www.supercars.net\/blog\/wp-content\/uploads\/2018\/05\/2018-Tour-Auto-Rally-122-1-100x67.jpg 100w, https:\/\/www.supercars.net\/blog\/wp-content\/uploads\/2018\/05\/2018-Tour-Auto-Rally-122-1-770x514.jpg 770w, https:\/\/www.supercars.net\/blog\/wp-content\/uploads\/2018\/05\/2018-Tour-Auto-Rally-122-1-360x240.jpg 360w, https:\/\/www.supercars.net\/blog\/wp-content\/uploads\/2018\/05\/2018-Tour-Auto-Rally-122-1-370x247.jpg 370w, https:\/\/www.supercars.net\/blog\/wp-content\/uploads\/2018\/05\/2018-Tour-Auto-Rally-122-1-293x196.jpg 293w\" sizes=\"(max-width: 1150px) 100vw, 1150px\" \/><\/a>\r\n\t\t\t\t<\/a>\r\n            <\/div>\r\n                <div class='wp-caption-text gallery-caption'>\r\n                James COTTINGHAM \/ Andrew SMITH GBR \/ GBR FORD GT40 MKI 1965\r\n                <\/div><\/figure><figure class='gallery-item'>\r\n            <div class='gallery-icon landscape'>\r\n                <a href='https:\/\/www.supercars.net\/blog\/wp-content\/uploads\/2018\/05\/2018-Tour-Auto-Rally-123-1.jpg' class='tipi-lightbox'>\r\n\t\t\t\t<a href='https:\/\/www.supercars.net\/blog\/wp-content\/uploads\/2018\/05\/2018-Tour-Auto-Rally-123-1.jpg'><img decoding=\"async\" width=\"1150\" height=\"768\" src=\"https:\/\/www.supercars.net\/blog\/wp-content\/uploads\/2018\/05\/2018-Tour-Auto-Rally-123-1.jpg\" class=\"attachment-full size-full\" alt=\"\" srcset=\"https:\/\/www.supercars.net\/blog\/wp-content\/uploads\/2018\/05\/2018-Tour-Auto-Rally-123-1.jpg 1150w, https:\/\/www.supercars.net\/blog\/wp-content\/uploads\/2018\/05\/2018-Tour-Auto-Rally-123-1-300x200.jpg 300w, https:\/\/www.supercars.net\/blog\/wp-content\/uploads\/2018\/05\/2018-Tour-Auto-Rally-123-1-1024x684.jpg 1024w, https:\/\/www.supercars.net\/blog\/wp-content\/uploads\/2018\/05\/2018-Tour-Auto-Rally-123-1-100x67.jpg 100w, https:\/\/www.supercars.net\/blog\/wp-content\/uploads\/2018\/05\/2018-Tour-Auto-Rally-123-1-770x514.jpg 770w, https:\/\/www.supercars.net\/blog\/wp-content\/uploads\/2018\/05\/2018-Tour-Auto-Rally-123-1-360x240.jpg 360w, https:\/\/www.supercars.net\/blog\/wp-content\/uploads\/2018\/05\/2018-Tour-Auto-Rally-123-1-370x247.jpg 370w, https:\/\/www.supercars.net\/blog\/wp-content\/uploads\/2018\/05\/2018-Tour-Auto-Rally-123-1-293x196.jpg 293w\" sizes=\"(max-width: 1150px) 100vw, 1150px\" \/><\/a>\r\n\t\t\t\t<\/a>\r\n            <\/div>\r\n                <div class='wp-caption-text gallery-caption'>\r\n                Jean-Francois BARRE \/ Christophe de BOUET DU PORTAL FRA \/ FRA BMW 2002 1972\r\n                <\/div><\/figure><figure class='gallery-item'>\r\n            <div class='gallery-icon landscape'>\r\n                <a href='https:\/\/www.supercars.net\/blog\/wp-content\/uploads\/2018\/05\/2018-Tour-Auto-Rally-124-1.jpg' class='tipi-lightbox'>\r\n\t\t\t\t<a href='https:\/\/www.supercars.net\/blog\/wp-content\/uploads\/2018\/05\/2018-Tour-Auto-Rally-124-1.jpg'><img decoding=\"async\" width=\"1150\" height=\"768\" src=\"https:\/\/www.supercars.net\/blog\/wp-content\/uploads\/2018\/05\/2018-Tour-Auto-Rally-124-1.jpg\" class=\"attachment-full size-full\" alt=\"\" srcset=\"https:\/\/www.supercars.net\/blog\/wp-content\/uploads\/2018\/05\/2018-Tour-Auto-Rally-124-1.jpg 1150w, https:\/\/www.supercars.net\/blog\/wp-content\/uploads\/2018\/05\/2018-Tour-Auto-Rally-124-1-300x200.jpg 300w, https:\/\/www.supercars.net\/blog\/wp-content\/uploads\/2018\/05\/2018-Tour-Auto-Rally-124-1-1024x684.jpg 1024w, https:\/\/www.supercars.net\/blog\/wp-content\/uploads\/2018\/05\/2018-Tour-Auto-Rally-124-1-100x67.jpg 100w, https:\/\/www.supercars.net\/blog\/wp-content\/uploads\/2018\/05\/2018-Tour-Auto-Rally-124-1-770x514.jpg 770w, https:\/\/www.supercars.net\/blog\/wp-content\/uploads\/2018\/05\/2018-Tour-Auto-Rally-124-1-360x240.jpg 360w, https:\/\/www.supercars.net\/blog\/wp-content\/uploads\/2018\/05\/2018-Tour-Auto-Rally-124-1-370x247.jpg 370w, https:\/\/www.supercars.net\/blog\/wp-content\/uploads\/2018\/05\/2018-Tour-Auto-Rally-124-1-293x196.jpg 293w\" sizes=\"(max-width: 1150px) 100vw, 1150px\" \/><\/a>\r\n\t\t\t\t<\/a>\r\n            <\/div>\r\n                <div class='wp-caption-text gallery-caption'>\r\n                Christian ODIN \/ Roland SALVI FRA \/ FRA FORD Mustang 289 1965\r\n                <\/div><\/figure><figure class='gallery-item'>\r\n            <div class='gallery-icon landscape'>\r\n                <a href='https:\/\/www.supercars.net\/blog\/wp-content\/uploads\/2018\/05\/2018-Tour-Auto-Rally-125-1.jpg' class='tipi-lightbox'>\r\n\t\t\t\t<a href='https:\/\/www.supercars.net\/blog\/wp-content\/uploads\/2018\/05\/2018-Tour-Auto-Rally-125-1.jpg'><img decoding=\"async\" width=\"1150\" height=\"768\" src=\"https:\/\/www.supercars.net\/blog\/wp-content\/uploads\/2018\/05\/2018-Tour-Auto-Rally-125-1.jpg\" class=\"attachment-full size-full\" alt=\"\" srcset=\"https:\/\/www.supercars.net\/blog\/wp-content\/uploads\/2018\/05\/2018-Tour-Auto-Rally-125-1.jpg 1150w, https:\/\/www.supercars.net\/blog\/wp-content\/uploads\/2018\/05\/2018-Tour-Auto-Rally-125-1-300x200.jpg 300w, https:\/\/www.supercars.net\/blog\/wp-content\/uploads\/2018\/05\/2018-Tour-Auto-Rally-125-1-1024x684.jpg 1024w, https:\/\/www.supercars.net\/blog\/wp-content\/uploads\/2018\/05\/2018-Tour-Auto-Rally-125-1-100x67.jpg 100w, https:\/\/www.supercars.net\/blog\/wp-content\/uploads\/2018\/05\/2018-Tour-Auto-Rally-125-1-770x514.jpg 770w, https:\/\/www.supercars.net\/blog\/wp-content\/uploads\/2018\/05\/2018-Tour-Auto-Rally-125-1-360x240.jpg 360w, https:\/\/www.supercars.net\/blog\/wp-content\/uploads\/2018\/05\/2018-Tour-Auto-Rally-125-1-370x247.jpg 370w, https:\/\/www.supercars.net\/blog\/wp-content\/uploads\/2018\/05\/2018-Tour-Auto-Rally-125-1-293x196.jpg 293w\" sizes=\"(max-width: 1150px) 100vw, 1150px\" \/><\/a>\r\n\t\t\t\t<\/a>\r\n            <\/div>\r\n                <div class='wp-caption-text gallery-caption'>\r\n                Timm MEINRENKEN \/ Fynn SCHRODER DEU \/ DEU ALFA ROMEO 1750 GTAM 1968\r\n                <\/div><\/figure><figure class='gallery-item'>\r\n            <div class='gallery-icon landscape'>\r\n                <a href='https:\/\/www.supercars.net\/blog\/wp-content\/uploads\/2018\/05\/2018-Tour-Auto-Rally-126-1.jpg' class='tipi-lightbox'>\r\n\t\t\t\t<a href='https:\/\/www.supercars.net\/blog\/wp-content\/uploads\/2018\/05\/2018-Tour-Auto-Rally-126-1.jpg'><img decoding=\"async\" width=\"1150\" height=\"768\" src=\"https:\/\/www.supercars.net\/blog\/wp-content\/uploads\/2018\/05\/2018-Tour-Auto-Rally-126-1.jpg\" class=\"attachment-full size-full\" alt=\"\" srcset=\"https:\/\/www.supercars.net\/blog\/wp-content\/uploads\/2018\/05\/2018-Tour-Auto-Rally-126-1.jpg 1150w, https:\/\/www.supercars.net\/blog\/wp-content\/uploads\/2018\/05\/2018-Tour-Auto-Rally-126-1-300x200.jpg 300w, https:\/\/www.supercars.net\/blog\/wp-content\/uploads\/2018\/05\/2018-Tour-Auto-Rally-126-1-1024x684.jpg 1024w, https:\/\/www.supercars.net\/blog\/wp-content\/uploads\/2018\/05\/2018-Tour-Auto-Rally-126-1-100x67.jpg 100w, https:\/\/www.supercars.net\/blog\/wp-content\/uploads\/2018\/05\/2018-Tour-Auto-Rally-126-1-770x514.jpg 770w, https:\/\/www.supercars.net\/blog\/wp-content\/uploads\/2018\/05\/2018-Tour-Auto-Rally-126-1-360x240.jpg 360w, https:\/\/www.supercars.net\/blog\/wp-content\/uploads\/2018\/05\/2018-Tour-Auto-Rally-126-1-370x247.jpg 370w, https:\/\/www.supercars.net\/blog\/wp-content\/uploads\/2018\/05\/2018-Tour-Auto-Rally-126-1-293x196.jpg 293w\" sizes=\"(max-width: 1150px) 100vw, 1150px\" \/><\/a>\r\n\t\t\t\t<\/a>\r\n            <\/div>\r\n                <div class='wp-caption-text gallery-caption'>\r\n                Alexandre DELAYE \/ Jean-Baptiste REPELLIN FRA \/ FRA BMW 2800 CS 1971\r\n                <\/div><\/figure><figure class='gallery-item'>\r\n            <div class='gallery-icon landscape'>\r\n                <a href='https:\/\/www.supercars.net\/blog\/wp-content\/uploads\/2018\/05\/2018-Tour-Auto-Rally-127-1.jpg' class='tipi-lightbox'>\r\n\t\t\t\t<a href='https:\/\/www.supercars.net\/blog\/wp-content\/uploads\/2018\/05\/2018-Tour-Auto-Rally-127-1.jpg'><img decoding=\"async\" width=\"1150\" height=\"768\" src=\"https:\/\/www.supercars.net\/blog\/wp-content\/uploads\/2018\/05\/2018-Tour-Auto-Rally-127-1.jpg\" class=\"attachment-full size-full\" alt=\"\" srcset=\"https:\/\/www.supercars.net\/blog\/wp-content\/uploads\/2018\/05\/2018-Tour-Auto-Rally-127-1.jpg 1150w, https:\/\/www.supercars.net\/blog\/wp-content\/uploads\/2018\/05\/2018-Tour-Auto-Rally-127-1-300x200.jpg 300w, https:\/\/www.supercars.net\/blog\/wp-content\/uploads\/2018\/05\/2018-Tour-Auto-Rally-127-1-1024x684.jpg 1024w, https:\/\/www.supercars.net\/blog\/wp-content\/uploads\/2018\/05\/2018-Tour-Auto-Rally-127-1-100x67.jpg 100w, https:\/\/www.supercars.net\/blog\/wp-content\/uploads\/2018\/05\/2018-Tour-Auto-Rally-127-1-770x514.jpg 770w, https:\/\/www.supercars.net\/blog\/wp-content\/uploads\/2018\/05\/2018-Tour-Auto-Rally-127-1-360x240.jpg 360w, https:\/\/www.supercars.net\/blog\/wp-content\/uploads\/2018\/05\/2018-Tour-Auto-Rally-127-1-370x247.jpg 370w, https:\/\/www.supercars.net\/blog\/wp-content\/uploads\/2018\/05\/2018-Tour-Auto-Rally-127-1-293x196.jpg 293w\" sizes=\"(max-width: 1150px) 100vw, 1150px\" \/><\/a>\r\n\t\t\t\t<\/a>\r\n            <\/div>\r\n                <div class='wp-caption-text gallery-caption'>\r\n                Maximo Jose BACCANELLI \/ Maria Paula SALIMEI ARG \/ ARG FERRARI 275 GTB 1965\r\n                <\/div><\/figure><figure class='gallery-item'>\r\n            <div class='gallery-icon landscape'>\r\n                <a href='https:\/\/www.supercars.net\/blog\/wp-content\/uploads\/2018\/05\/2018-Tour-Auto-Rally-128-1.jpg' class='tipi-lightbox'>\r\n\t\t\t\t<a href='https:\/\/www.supercars.net\/blog\/wp-content\/uploads\/2018\/05\/2018-Tour-Auto-Rally-128-1.jpg'><img decoding=\"async\" width=\"1150\" height=\"767\" src=\"https:\/\/www.supercars.net\/blog\/wp-content\/uploads\/2018\/05\/2018-Tour-Auto-Rally-128-1.jpg\" class=\"attachment-full size-full\" alt=\"\" srcset=\"https:\/\/www.supercars.net\/blog\/wp-content\/uploads\/2018\/05\/2018-Tour-Auto-Rally-128-1.jpg 1150w, https:\/\/www.supercars.net\/blog\/wp-content\/uploads\/2018\/05\/2018-Tour-Auto-Rally-128-1-300x200.jpg 300w, https:\/\/www.supercars.net\/blog\/wp-content\/uploads\/2018\/05\/2018-Tour-Auto-Rally-128-1-1024x683.jpg 1024w, https:\/\/www.supercars.net\/blog\/wp-content\/uploads\/2018\/05\/2018-Tour-Auto-Rally-128-1-100x67.jpg 100w, https:\/\/www.supercars.net\/blog\/wp-content\/uploads\/2018\/05\/2018-Tour-Auto-Rally-128-1-770x514.jpg 770w, https:\/\/www.supercars.net\/blog\/wp-content\/uploads\/2018\/05\/2018-Tour-Auto-Rally-128-1-360x240.jpg 360w, https:\/\/www.supercars.net\/blog\/wp-content\/uploads\/2018\/05\/2018-Tour-Auto-Rally-128-1-370x247.jpg 370w, https:\/\/www.supercars.net\/blog\/wp-content\/uploads\/2018\/05\/2018-Tour-Auto-Rally-128-1-293x195.jpg 293w\" sizes=\"(max-width: 1150px) 100vw, 1150px\" \/><\/a>\r\n\t\t\t\t<\/a>\r\n            <\/div>\r\n                <div class='wp-caption-text gallery-caption'>\r\n                Morris Mini Cooper S &#8211; 2018 Tour Auto Rally\r\n                <\/div><\/figure><figure class='gallery-item'>\r\n            <div class='gallery-icon landscape'>\r\n                <a href='https:\/\/www.supercars.net\/blog\/wp-content\/uploads\/2018\/05\/2018-Tour-Auto-Rally-129-1.jpg' class='tipi-lightbox'>\r\n\t\t\t\t<a href='https:\/\/www.supercars.net\/blog\/wp-content\/uploads\/2018\/05\/2018-Tour-Auto-Rally-129-1.jpg'><img decoding=\"async\" width=\"1150\" height=\"767\" src=\"https:\/\/www.supercars.net\/blog\/wp-content\/uploads\/2018\/05\/2018-Tour-Auto-Rally-129-1.jpg\" class=\"attachment-full size-full\" alt=\"\" srcset=\"https:\/\/www.supercars.net\/blog\/wp-content\/uploads\/2018\/05\/2018-Tour-Auto-Rally-129-1.jpg 1150w, https:\/\/www.supercars.net\/blog\/wp-content\/uploads\/2018\/05\/2018-Tour-Auto-Rally-129-1-300x200.jpg 300w, https:\/\/www.supercars.net\/blog\/wp-content\/uploads\/2018\/05\/2018-Tour-Auto-Rally-129-1-1024x683.jpg 1024w, https:\/\/www.supercars.net\/blog\/wp-content\/uploads\/2018\/05\/2018-Tour-Auto-Rally-129-1-100x67.jpg 100w, https:\/\/www.supercars.net\/blog\/wp-content\/uploads\/2018\/05\/2018-Tour-Auto-Rally-129-1-770x514.jpg 770w, https:\/\/www.supercars.net\/blog\/wp-content\/uploads\/2018\/05\/2018-Tour-Auto-Rally-129-1-360x240.jpg 360w, https:\/\/www.supercars.net\/blog\/wp-content\/uploads\/2018\/05\/2018-Tour-Auto-Rally-129-1-370x247.jpg 370w, https:\/\/www.supercars.net\/blog\/wp-content\/uploads\/2018\/05\/2018-Tour-Auto-Rally-129-1-293x195.jpg 293w\" sizes=\"(max-width: 1150px) 100vw, 1150px\" \/><\/a>\r\n\t\t\t\t<\/a>\r\n            <\/div>\r\n                <div class='wp-caption-text gallery-caption'>\r\n                Christian LIMMER \/ Ferdinand LIMMER DEU \/ DEU PORSCHE 911 2,0L 1965\r\n                <\/div><\/figure><figure class='gallery-item'>\r\n            <div class='gallery-icon landscape'>\r\n                <a href='https:\/\/www.supercars.net\/blog\/wp-content\/uploads\/2018\/05\/2018-Tour-Auto-Rally-130-1.jpg' class='tipi-lightbox'>\r\n\t\t\t\t<a href='https:\/\/www.supercars.net\/blog\/wp-content\/uploads\/2018\/05\/2018-Tour-Auto-Rally-130-1.jpg'><img decoding=\"async\" width=\"1150\" height=\"767\" src=\"https:\/\/www.supercars.net\/blog\/wp-content\/uploads\/2018\/05\/2018-Tour-Auto-Rally-130-1.jpg\" class=\"attachment-full size-full\" alt=\"\" srcset=\"https:\/\/www.supercars.net\/blog\/wp-content\/uploads\/2018\/05\/2018-Tour-Auto-Rally-130-1.jpg 1150w, https:\/\/www.supercars.net\/blog\/wp-content\/uploads\/2018\/05\/2018-Tour-Auto-Rally-130-1-300x200.jpg 300w, https:\/\/www.supercars.net\/blog\/wp-content\/uploads\/2018\/05\/2018-Tour-Auto-Rally-130-1-1024x683.jpg 1024w, https:\/\/www.supercars.net\/blog\/wp-content\/uploads\/2018\/05\/2018-Tour-Auto-Rally-130-1-100x67.jpg 100w, https:\/\/www.supercars.net\/blog\/wp-content\/uploads\/2018\/05\/2018-Tour-Auto-Rally-130-1-770x514.jpg 770w, https:\/\/www.supercars.net\/blog\/wp-content\/uploads\/2018\/05\/2018-Tour-Auto-Rally-130-1-360x240.jpg 360w, https:\/\/www.supercars.net\/blog\/wp-content\/uploads\/2018\/05\/2018-Tour-Auto-Rally-130-1-370x247.jpg 370w, https:\/\/www.supercars.net\/blog\/wp-content\/uploads\/2018\/05\/2018-Tour-Auto-Rally-130-1-293x195.jpg 293w\" sizes=\"(max-width: 1150px) 100vw, 1150px\" \/><\/a>\r\n\t\t\t\t<\/a>\r\n            <\/div>\r\n                <div class='wp-caption-text gallery-caption'>\r\n                Raphael FAVARO \/ Yves BADAN CHE \/ CHE LOTUS Elan 26R 1965\r\n                <\/div><\/figure><figure class='gallery-item'>\r\n            <div class='gallery-icon landscape'>\r\n                <a href='https:\/\/www.supercars.net\/blog\/wp-content\/uploads\/2018\/05\/2018-Tour-Auto-Rally-131-1.jpg' class='tipi-lightbox'>\r\n\t\t\t\t<a href='https:\/\/www.supercars.net\/blog\/wp-content\/uploads\/2018\/05\/2018-Tour-Auto-Rally-131-1.jpg'><img decoding=\"async\" width=\"1150\" height=\"767\" src=\"https:\/\/www.supercars.net\/blog\/wp-content\/uploads\/2018\/05\/2018-Tour-Auto-Rally-131-1.jpg\" class=\"attachment-full size-full\" alt=\"\" srcset=\"https:\/\/www.supercars.net\/blog\/wp-content\/uploads\/2018\/05\/2018-Tour-Auto-Rally-131-1.jpg 1150w, https:\/\/www.supercars.net\/blog\/wp-content\/uploads\/2018\/05\/2018-Tour-Auto-Rally-131-1-300x200.jpg 300w, https:\/\/www.supercars.net\/blog\/wp-content\/uploads\/2018\/05\/2018-Tour-Auto-Rally-131-1-1024x683.jpg 1024w, https:\/\/www.supercars.net\/blog\/wp-content\/uploads\/2018\/05\/2018-Tour-Auto-Rally-131-1-100x67.jpg 100w, https:\/\/www.supercars.net\/blog\/wp-content\/uploads\/2018\/05\/2018-Tour-Auto-Rally-131-1-770x514.jpg 770w, https:\/\/www.supercars.net\/blog\/wp-content\/uploads\/2018\/05\/2018-Tour-Auto-Rally-131-1-360x240.jpg 360w, https:\/\/www.supercars.net\/blog\/wp-content\/uploads\/2018\/05\/2018-Tour-Auto-Rally-131-1-370x247.jpg 370w, https:\/\/www.supercars.net\/blog\/wp-content\/uploads\/2018\/05\/2018-Tour-Auto-Rally-131-1-293x195.jpg 293w\" sizes=\"(max-width: 1150px) 100vw, 1150px\" \/><\/a>\r\n\t\t\t\t<\/a>\r\n            <\/div>\r\n                <div class='wp-caption-text gallery-caption'>\r\n                Overall Winners &#8211; Raphael FAVARO \/ Yves BADAN CHE \/ CHE LOTUS Elan 26R 1965\r\n                <\/div><\/figure><figure class='gallery-item'>\r\n            <div class='gallery-icon landscape'>\r\n                <a href='https:\/\/www.supercars.net\/blog\/wp-content\/uploads\/2018\/05\/2018-Tour-Auto-Rally-132-1.jpg' class='tipi-lightbox'>\r\n\t\t\t\t<a href='https:\/\/www.supercars.net\/blog\/wp-content\/uploads\/2018\/05\/2018-Tour-Auto-Rally-132-1.jpg'><img decoding=\"async\" width=\"1150\" height=\"767\" src=\"https:\/\/www.supercars.net\/blog\/wp-content\/uploads\/2018\/05\/2018-Tour-Auto-Rally-132-1.jpg\" class=\"attachment-full size-full\" alt=\"\" srcset=\"https:\/\/www.supercars.net\/blog\/wp-content\/uploads\/2018\/05\/2018-Tour-Auto-Rally-132-1.jpg 1150w, https:\/\/www.supercars.net\/blog\/wp-content\/uploads\/2018\/05\/2018-Tour-Auto-Rally-132-1-300x200.jpg 300w, https:\/\/www.supercars.net\/blog\/wp-content\/uploads\/2018\/05\/2018-Tour-Auto-Rally-132-1-1024x683.jpg 1024w, https:\/\/www.supercars.net\/blog\/wp-content\/uploads\/2018\/05\/2018-Tour-Auto-Rally-132-1-100x67.jpg 100w, https:\/\/www.supercars.net\/blog\/wp-content\/uploads\/2018\/05\/2018-Tour-Auto-Rally-132-1-770x514.jpg 770w, https:\/\/www.supercars.net\/blog\/wp-content\/uploads\/2018\/05\/2018-Tour-Auto-Rally-132-1-360x240.jpg 360w, https:\/\/www.supercars.net\/blog\/wp-content\/uploads\/2018\/05\/2018-Tour-Auto-Rally-132-1-370x247.jpg 370w, https:\/\/www.supercars.net\/blog\/wp-content\/uploads\/2018\/05\/2018-Tour-Auto-Rally-132-1-293x195.jpg 293w\" sizes=\"(max-width: 1150px) 100vw, 1150px\" \/><\/a>\r\n\t\t\t\t<\/a>\r\n            <\/div>\r\n                <div class='wp-caption-text gallery-caption'>\r\n                Daniela ELLERBROCK \/ Jackie ROHWER DEU \/ CRO ALFA ROMEO Giulia Sprint GTA 1965\r\n                <\/div><\/figure><figure class='gallery-item'>\r\n            <div class='gallery-icon landscape'>\r\n                <a href='https:\/\/www.supercars.net\/blog\/wp-content\/uploads\/2018\/05\/2018-Tour-Auto-Rally-133-1.jpg' class='tipi-lightbox'>\r\n\t\t\t\t<a href='https:\/\/www.supercars.net\/blog\/wp-content\/uploads\/2018\/05\/2018-Tour-Auto-Rally-133-1.jpg'><img decoding=\"async\" width=\"1150\" height=\"767\" src=\"https:\/\/www.supercars.net\/blog\/wp-content\/uploads\/2018\/05\/2018-Tour-Auto-Rally-133-1.jpg\" class=\"attachment-full size-full\" alt=\"\" srcset=\"https:\/\/www.supercars.net\/blog\/wp-content\/uploads\/2018\/05\/2018-Tour-Auto-Rally-133-1.jpg 1150w, https:\/\/www.supercars.net\/blog\/wp-content\/uploads\/2018\/05\/2018-Tour-Auto-Rally-133-1-300x200.jpg 300w, https:\/\/www.supercars.net\/blog\/wp-content\/uploads\/2018\/05\/2018-Tour-Auto-Rally-133-1-1024x683.jpg 1024w, https:\/\/www.supercars.net\/blog\/wp-content\/uploads\/2018\/05\/2018-Tour-Auto-Rally-133-1-100x67.jpg 100w, https:\/\/www.supercars.net\/blog\/wp-content\/uploads\/2018\/05\/2018-Tour-Auto-Rally-133-1-770x514.jpg 770w, https:\/\/www.supercars.net\/blog\/wp-content\/uploads\/2018\/05\/2018-Tour-Auto-Rally-133-1-360x240.jpg 360w, https:\/\/www.supercars.net\/blog\/wp-content\/uploads\/2018\/05\/2018-Tour-Auto-Rally-133-1-370x247.jpg 370w, https:\/\/www.supercars.net\/blog\/wp-content\/uploads\/2018\/05\/2018-Tour-Auto-Rally-133-1-293x195.jpg 293w\" sizes=\"(max-width: 1150px) 100vw, 1150px\" \/><\/a>\r\n\t\t\t\t<\/a>\r\n            <\/div>\r\n                <div class='wp-caption-text gallery-caption'>\r\n                Jean-Francois PENILLARD \/ Chloe PENILLARD FRA \/ FRA PORSCHE 356 Pre A 1954\r\n                <\/div><\/figure><figure class='gallery-item'>\r\n            <div class='gallery-icon landscape'>\r\n                <a href='https:\/\/www.supercars.net\/blog\/wp-content\/uploads\/2018\/05\/2018-Tour-Auto-Rally-134-1.jpg' class='tipi-lightbox'>\r\n\t\t\t\t<a href='https:\/\/www.supercars.net\/blog\/wp-content\/uploads\/2018\/05\/2018-Tour-Auto-Rally-134-1.jpg'><img decoding=\"async\" width=\"1150\" height=\"767\" src=\"https:\/\/www.supercars.net\/blog\/wp-content\/uploads\/2018\/05\/2018-Tour-Auto-Rally-134-1.jpg\" class=\"attachment-full size-full\" alt=\"\" srcset=\"https:\/\/www.supercars.net\/blog\/wp-content\/uploads\/2018\/05\/2018-Tour-Auto-Rally-134-1.jpg 1150w, https:\/\/www.supercars.net\/blog\/wp-content\/uploads\/2018\/05\/2018-Tour-Auto-Rally-134-1-300x200.jpg 300w, https:\/\/www.supercars.net\/blog\/wp-content\/uploads\/2018\/05\/2018-Tour-Auto-Rally-134-1-1024x683.jpg 1024w, https:\/\/www.supercars.net\/blog\/wp-content\/uploads\/2018\/05\/2018-Tour-Auto-Rally-134-1-100x67.jpg 100w, https:\/\/www.supercars.net\/blog\/wp-content\/uploads\/2018\/05\/2018-Tour-Auto-Rally-134-1-770x514.jpg 770w, https:\/\/www.supercars.net\/blog\/wp-content\/uploads\/2018\/05\/2018-Tour-Auto-Rally-134-1-360x240.jpg 360w, https:\/\/www.supercars.net\/blog\/wp-content\/uploads\/2018\/05\/2018-Tour-Auto-Rally-134-1-370x247.jpg 370w, https:\/\/www.supercars.net\/blog\/wp-content\/uploads\/2018\/05\/2018-Tour-Auto-Rally-134-1-293x195.jpg 293w\" sizes=\"(max-width: 1150px) 100vw, 1150px\" \/><\/a>\r\n\t\t\t\t<\/a>\r\n            <\/div>\r\n                <div class='wp-caption-text gallery-caption'>\r\n                Tomas HINRICHSEN \/ Solange MAYO ARG \/ ARG MASERATI 200 SI 1957\r\n                <\/div><\/figure><figure class='gallery-item'>\r\n            <div class='gallery-icon landscape'>\r\n                <a href='https:\/\/www.supercars.net\/blog\/wp-content\/uploads\/2018\/05\/2018-Tour-Auto-Rally-135-1.jpg' class='tipi-lightbox'>\r\n\t\t\t\t<a href='https:\/\/www.supercars.net\/blog\/wp-content\/uploads\/2018\/05\/2018-Tour-Auto-Rally-135-1.jpg'><img decoding=\"async\" width=\"1150\" height=\"767\" src=\"https:\/\/www.supercars.net\/blog\/wp-content\/uploads\/2018\/05\/2018-Tour-Auto-Rally-135-1.jpg\" class=\"attachment-full size-full\" alt=\"\" srcset=\"https:\/\/www.supercars.net\/blog\/wp-content\/uploads\/2018\/05\/2018-Tour-Auto-Rally-135-1.jpg 1150w, https:\/\/www.supercars.net\/blog\/wp-content\/uploads\/2018\/05\/2018-Tour-Auto-Rally-135-1-300x200.jpg 300w, https:\/\/www.supercars.net\/blog\/wp-content\/uploads\/2018\/05\/2018-Tour-Auto-Rally-135-1-1024x683.jpg 1024w, https:\/\/www.supercars.net\/blog\/wp-content\/uploads\/2018\/05\/2018-Tour-Auto-Rally-135-1-100x67.jpg 100w, https:\/\/www.supercars.net\/blog\/wp-content\/uploads\/2018\/05\/2018-Tour-Auto-Rally-135-1-770x514.jpg 770w, https:\/\/www.supercars.net\/blog\/wp-content\/uploads\/2018\/05\/2018-Tour-Auto-Rally-135-1-360x240.jpg 360w, https:\/\/www.supercars.net\/blog\/wp-content\/uploads\/2018\/05\/2018-Tour-Auto-Rally-135-1-370x247.jpg 370w, https:\/\/www.supercars.net\/blog\/wp-content\/uploads\/2018\/05\/2018-Tour-Auto-Rally-135-1-293x195.jpg 293w\" sizes=\"(max-width: 1150px) 100vw, 1150px\" \/><\/a>\r\n\t\t\t\t<\/a>\r\n            <\/div>\r\n                <div class='wp-caption-text gallery-caption'>\r\n                Nicolas PAGANO \/ Michel PERIN FRA \/ FRA ALFA ROMEO 1750 GTV 1968\r\n                <\/div><\/figure><figure class='gallery-item'>\r\n            <div class='gallery-icon landscape'>\r\n                <a href='https:\/\/www.supercars.net\/blog\/wp-content\/uploads\/2018\/05\/2018-Tour-Auto-Rally-136-1.jpg' class='tipi-lightbox'>\r\n\t\t\t\t<a href='https:\/\/www.supercars.net\/blog\/wp-content\/uploads\/2018\/05\/2018-Tour-Auto-Rally-136-1.jpg'><img decoding=\"async\" width=\"1150\" height=\"767\" src=\"https:\/\/www.supercars.net\/blog\/wp-content\/uploads\/2018\/05\/2018-Tour-Auto-Rally-136-1.jpg\" class=\"attachment-full size-full\" alt=\"\" srcset=\"https:\/\/www.supercars.net\/blog\/wp-content\/uploads\/2018\/05\/2018-Tour-Auto-Rally-136-1.jpg 1150w, https:\/\/www.supercars.net\/blog\/wp-content\/uploads\/2018\/05\/2018-Tour-Auto-Rally-136-1-300x200.jpg 300w, https:\/\/www.supercars.net\/blog\/wp-content\/uploads\/2018\/05\/2018-Tour-Auto-Rally-136-1-1024x683.jpg 1024w, https:\/\/www.supercars.net\/blog\/wp-content\/uploads\/2018\/05\/2018-Tour-Auto-Rally-136-1-100x67.jpg 100w, https:\/\/www.supercars.net\/blog\/wp-content\/uploads\/2018\/05\/2018-Tour-Auto-Rally-136-1-770x514.jpg 770w, https:\/\/www.supercars.net\/blog\/wp-content\/uploads\/2018\/05\/2018-Tour-Auto-Rally-136-1-360x240.jpg 360w, https:\/\/www.supercars.net\/blog\/wp-content\/uploads\/2018\/05\/2018-Tour-Auto-Rally-136-1-370x247.jpg 370w, https:\/\/www.supercars.net\/blog\/wp-content\/uploads\/2018\/05\/2018-Tour-Auto-Rally-136-1-293x195.jpg 293w\" sizes=\"(max-width: 1150px) 100vw, 1150px\" \/><\/a>\r\n\t\t\t\t<\/a>\r\n            <\/div>\r\n                <div class='wp-caption-text gallery-caption'>\r\n                Jean RIGONDET \/ Olivier SOUILLARD FRA \/ FRA CG 1200 S 1971\r\n                <\/div><\/figure><figure class='gallery-item'>\r\n            <div class='gallery-icon landscape'>\r\n                <a href='https:\/\/www.supercars.net\/blog\/wp-content\/uploads\/2018\/05\/2018-Tour-Auto-Rally-137-1.jpg' class='tipi-lightbox'>\r\n\t\t\t\t<a href='https:\/\/www.supercars.net\/blog\/wp-content\/uploads\/2018\/05\/2018-Tour-Auto-Rally-137-1.jpg'><img decoding=\"async\" width=\"1150\" height=\"767\" src=\"https:\/\/www.supercars.net\/blog\/wp-content\/uploads\/2018\/05\/2018-Tour-Auto-Rally-137-1.jpg\" class=\"attachment-full size-full\" alt=\"\" srcset=\"https:\/\/www.supercars.net\/blog\/wp-content\/uploads\/2018\/05\/2018-Tour-Auto-Rally-137-1.jpg 1150w, https:\/\/www.supercars.net\/blog\/wp-content\/uploads\/2018\/05\/2018-Tour-Auto-Rally-137-1-300x200.jpg 300w, https:\/\/www.supercars.net\/blog\/wp-content\/uploads\/2018\/05\/2018-Tour-Auto-Rally-137-1-1024x683.jpg 1024w, https:\/\/www.supercars.net\/blog\/wp-content\/uploads\/2018\/05\/2018-Tour-Auto-Rally-137-1-100x67.jpg 100w, https:\/\/www.supercars.net\/blog\/wp-content\/uploads\/2018\/05\/2018-Tour-Auto-Rally-137-1-770x514.jpg 770w, https:\/\/www.supercars.net\/blog\/wp-content\/uploads\/2018\/05\/2018-Tour-Auto-Rally-137-1-360x240.jpg 360w, https:\/\/www.supercars.net\/blog\/wp-content\/uploads\/2018\/05\/2018-Tour-Auto-Rally-137-1-370x247.jpg 370w, https:\/\/www.supercars.net\/blog\/wp-content\/uploads\/2018\/05\/2018-Tour-Auto-Rally-137-1-293x195.jpg 293w\" sizes=\"(max-width: 1150px) 100vw, 1150px\" \/><\/a>\r\n\t\t\t\t<\/a>\r\n            <\/div>\r\n                <div class='wp-caption-text gallery-caption'>\r\n                Damien KOHLER \/ Sylvie LABOISNE FRA \/ FRA LOTUS Elan 26R 1965\r\n                <\/div><\/figure><figure class='gallery-item'>\r\n            <div class='gallery-icon landscape'>\r\n                <a href='https:\/\/www.supercars.net\/blog\/wp-content\/uploads\/2018\/05\/2018-Tour-Auto-Rally-138-1.jpg' class='tipi-lightbox'>\r\n\t\t\t\t<a href='https:\/\/www.supercars.net\/blog\/wp-content\/uploads\/2018\/05\/2018-Tour-Auto-Rally-138-1.jpg'><img decoding=\"async\" width=\"1150\" height=\"767\" src=\"https:\/\/www.supercars.net\/blog\/wp-content\/uploads\/2018\/05\/2018-Tour-Auto-Rally-138-1.jpg\" class=\"attachment-full size-full\" alt=\"\" srcset=\"https:\/\/www.supercars.net\/blog\/wp-content\/uploads\/2018\/05\/2018-Tour-Auto-Rally-138-1.jpg 1150w, https:\/\/www.supercars.net\/blog\/wp-content\/uploads\/2018\/05\/2018-Tour-Auto-Rally-138-1-300x200.jpg 300w, https:\/\/www.supercars.net\/blog\/wp-content\/uploads\/2018\/05\/2018-Tour-Auto-Rally-138-1-1024x683.jpg 1024w, https:\/\/www.supercars.net\/blog\/wp-content\/uploads\/2018\/05\/2018-Tour-Auto-Rally-138-1-100x67.jpg 100w, https:\/\/www.supercars.net\/blog\/wp-content\/uploads\/2018\/05\/2018-Tour-Auto-Rally-138-1-770x514.jpg 770w, https:\/\/www.supercars.net\/blog\/wp-content\/uploads\/2018\/05\/2018-Tour-Auto-Rally-138-1-360x240.jpg 360w, https:\/\/www.supercars.net\/blog\/wp-content\/uploads\/2018\/05\/2018-Tour-Auto-Rally-138-1-370x247.jpg 370w, https:\/\/www.supercars.net\/blog\/wp-content\/uploads\/2018\/05\/2018-Tour-Auto-Rally-138-1-293x195.jpg 293w\" sizes=\"(max-width: 1150px) 100vw, 1150px\" \/><\/a>\r\n\t\t\t\t<\/a>\r\n            <\/div>\r\n                <div class='wp-caption-text gallery-caption'>\r\n                Frederic JOUSSET \/ Paul MILIOTIS FRA \/ FRA SHELBY Cobra 289 1965\r\n                <\/div><\/figure><figure class='gallery-item'>\r\n            <div class='gallery-icon landscape'>\r\n                <a href='https:\/\/www.supercars.net\/blog\/wp-content\/uploads\/2018\/05\/2018-Tour-Auto-Rally-139-1.jpg' class='tipi-lightbox'>\r\n\t\t\t\t<a href='https:\/\/www.supercars.net\/blog\/wp-content\/uploads\/2018\/05\/2018-Tour-Auto-Rally-139-1.jpg'><img decoding=\"async\" width=\"1150\" height=\"767\" src=\"https:\/\/www.supercars.net\/blog\/wp-content\/uploads\/2018\/05\/2018-Tour-Auto-Rally-139-1.jpg\" class=\"attachment-full size-full\" alt=\"\" srcset=\"https:\/\/www.supercars.net\/blog\/wp-content\/uploads\/2018\/05\/2018-Tour-Auto-Rally-139-1.jpg 1150w, https:\/\/www.supercars.net\/blog\/wp-content\/uploads\/2018\/05\/2018-Tour-Auto-Rally-139-1-300x200.jpg 300w, https:\/\/www.supercars.net\/blog\/wp-content\/uploads\/2018\/05\/2018-Tour-Auto-Rally-139-1-1024x683.jpg 1024w, https:\/\/www.supercars.net\/blog\/wp-content\/uploads\/2018\/05\/2018-Tour-Auto-Rally-139-1-100x67.jpg 100w, https:\/\/www.supercars.net\/blog\/wp-content\/uploads\/2018\/05\/2018-Tour-Auto-Rally-139-1-770x514.jpg 770w, https:\/\/www.supercars.net\/blog\/wp-content\/uploads\/2018\/05\/2018-Tour-Auto-Rally-139-1-360x240.jpg 360w, https:\/\/www.supercars.net\/blog\/wp-content\/uploads\/2018\/05\/2018-Tour-Auto-Rally-139-1-370x247.jpg 370w, https:\/\/www.supercars.net\/blog\/wp-content\/uploads\/2018\/05\/2018-Tour-Auto-Rally-139-1-293x195.jpg 293w\" sizes=\"(max-width: 1150px) 100vw, 1150px\" \/><\/a>\r\n\t\t\t\t<\/a>\r\n            <\/div>\r\n                <div class='wp-caption-text gallery-caption'>\r\n                Overall Winners &#8211; Raphael FAVARO \/ Yves BADAN CHE \/ CHE LOTUS Elan 26R 1965\r\n                <\/div><\/figure><figure class='gallery-item'>\r\n            <div class='gallery-icon landscape'>\r\n                <a href='https:\/\/www.supercars.net\/blog\/wp-content\/uploads\/2018\/05\/2018-Tour-Auto-Rally-631-1.jpg' class='tipi-lightbox'>\r\n\t\t\t\t<a href='https:\/\/www.supercars.net\/blog\/wp-content\/uploads\/2018\/05\/2018-Tour-Auto-Rally-631-1.jpg'><img decoding=\"async\" width=\"1150\" height=\"767\" src=\"https:\/\/www.supercars.net\/blog\/wp-content\/uploads\/2018\/05\/2018-Tour-Auto-Rally-631-1.jpg\" class=\"attachment-full size-full\" alt=\"\" srcset=\"https:\/\/www.supercars.net\/blog\/wp-content\/uploads\/2018\/05\/2018-Tour-Auto-Rally-631-1.jpg 1150w, https:\/\/www.supercars.net\/blog\/wp-content\/uploads\/2018\/05\/2018-Tour-Auto-Rally-631-1-300x200.jpg 300w, https:\/\/www.supercars.net\/blog\/wp-content\/uploads\/2018\/05\/2018-Tour-Auto-Rally-631-1-1024x683.jpg 1024w, https:\/\/www.supercars.net\/blog\/wp-content\/uploads\/2018\/05\/2018-Tour-Auto-Rally-631-1-100x67.jpg 100w, https:\/\/www.supercars.net\/blog\/wp-content\/uploads\/2018\/05\/2018-Tour-Auto-Rally-631-1-770x514.jpg 770w, https:\/\/www.supercars.net\/blog\/wp-content\/uploads\/2018\/05\/2018-Tour-Auto-Rally-631-1-360x240.jpg 360w, https:\/\/www.supercars.net\/blog\/wp-content\/uploads\/2018\/05\/2018-Tour-Auto-Rally-631-1-370x247.jpg 370w, https:\/\/www.supercars.net\/blog\/wp-content\/uploads\/2018\/05\/2018-Tour-Auto-Rally-631-1-293x195.jpg 293w\" sizes=\"(max-width: 1150px) 100vw, 1150px\" \/><\/a>\r\n\t\t\t\t<\/a>\r\n            <\/div>\r\n                <div class='wp-caption-text gallery-caption'>\r\n                Francois de GAILLARD \/ Geoffroy de GAILLARD FRA \/ FRA PEUGEOT 203 1951\r\n                <\/div><\/figure>\n<p>The unauthorized use and\/or duplication of any editorial or photographic content from sportscardigest.com without express and written permission from the publisher is strictly prohibited. Excerpts and links may be used, provided that full and clear credit is given to sportscardigest.com with appropriate and specific direction to the original content.<\/p>\n<p>&nbsp;<\/p>\n","protected":false},"excerpt":{"rendered":"<p>The Tour Auto Rally 2018 was held April 23-28 on the secondary roads and race circuits of France. After the traditional start in the Grand Palais, in which the cars were displayed for 10,000 Parisian enthusiasts, the 27th retrospective of the Tour de France Automobile followed a unique 2,100-kilometer course that was a blend of closed country roads and racing tracks. The crews ended their journey in Nice, the historic final destination of the original Tour de France automobile. Organized [&hellip;]<\/p>\n","protected":false},"author":106,"featured_media":811630,"comment_status":"open","ping_status":"closed","sticky":false,"template":"","format":"standard","meta":{"footnotes":""},"categories":[260,13063],"tags":[432,15234,17718],"class_list":["post-278831","post","type-post","status-publish","format-standard","has-post-thumbnail","hentry","category-car-events","category-vintage-car-racing","tag-events","tag-events-vintage-racing","tag-vintage-race-tour-auto"],"yoast_head":"<!-- This site is optimized with the Yoast SEO plugin v27.4 - https:\/\/yoast.com\/product\/yoast-seo-wordpress\/ -->\n<title>Tour Auto Rally 2018 - Photo Gallery, Results, Report<\/title>\n<meta name=\"description\" content=\"Photo gallery, race results and report from the Tour Auto Rally 2018, held April 23-28 on the secondary roads and race circuits of France.\" \/>\n<meta name=\"robots\" content=\"index, follow, max-snippet:-1, max-image-preview:large, max-video-preview:-1\" \/>\n<link rel=\"canonical\" href=\"https:\/\/www.supercars.net\/blog\/tour-auto-rally-2018-report-photos\/\" \/>\n<meta property=\"og:locale\" content=\"en_US\" \/>\n<meta property=\"og:type\" content=\"article\" \/>\n<meta property=\"og:title\" content=\"Tour Auto Rally 2018 - Photo Gallery, Results, Report\" \/>\n<meta property=\"og:description\" content=\"Photo gallery, race results and report from the Tour Auto Rally 2018, held April 23-28 on the secondary roads and race circuits of France.\" \/>\n<meta property=\"og:url\" content=\"https:\/\/www.supercars.net\/blog\/tour-auto-rally-2018-report-photos\/\" \/>\n<meta property=\"og:site_name\" content=\"Supercars.net\" \/>\n<meta property=\"article:publisher\" content=\"https:\/\/www.facebook.com\/Supercars.net\/\" \/>\n<meta property=\"article:published_time\" content=\"2018-05-01T09:00:33+00:00\" \/>\n<meta property=\"article:modified_time\" content=\"2024-02-07T03:41:02+00:00\" \/>\n<meta name=\"author\" content=\"Sports Car Digest\" \/>\n<meta name=\"twitter:card\" content=\"summary_large_image\" \/>\n<meta name=\"twitter:image\" content=\"http:\/\/s3.amazonaws.com\/scardigest\/wp-content\/uploads\/20180430154946\/2018-Tour-Auto-GT40.jpg\" \/>\n<meta name=\"twitter:creator\" content=\"@supercars_net\" \/>\n<meta name=\"twitter:site\" content=\"@supercars_net\" \/>\n<meta name=\"twitter:label1\" content=\"Written by\" \/>\n\t<meta name=\"twitter:data1\" content=\"Sports Car Digest\" \/>\n\t<meta name=\"twitter:label2\" content=\"Est. reading time\" \/>\n\t<meta name=\"twitter:data2\" content=\"4 minutes\" \/>\n<script type=\"application\/ld+json\" class=\"yoast-schema-graph\">{\"@context\":\"https:\\\/\\\/schema.org\",\"@graph\":[{\"@type\":\"Article\",\"@id\":\"https:\\\/\\\/www.supercars.net\\\/blog\\\/tour-auto-rally-2018-report-photos\\\/#article\",\"isPartOf\":{\"@id\":\"https:\\\/\\\/www.supercars.net\\\/blog\\\/tour-auto-rally-2018-report-photos\\\/\"},\"author\":{\"name\":\"Sports Car Digest\",\"@id\":\"https:\\\/\\\/www.supercars.net\\\/blog\\\/#\\\/schema\\\/person\\\/188bd99a52d1e69543c54566c30e906b\"},\"headline\":\"Tour Auto (2018) &#8211; Recap &#038; Photo Gallery\",\"datePublished\":\"2018-05-01T09:00:33+00:00\",\"dateModified\":\"2024-02-07T03:41:02+00:00\",\"mainEntityOfPage\":{\"@id\":\"https:\\\/\\\/www.supercars.net\\\/blog\\\/tour-auto-rally-2018-report-photos\\\/\"},\"wordCount\":781,\"commentCount\":10,\"image\":{\"@id\":\"https:\\\/\\\/www.supercars.net\\\/blog\\\/tour-auto-rally-2018-report-photos\\\/#primaryimage\"},\"thumbnailUrl\":\"https:\\\/\\\/www.supercars.net\\\/blog\\\/wp-content\\\/uploads\\\/2018\\\/05\\\/2018-Tour-Auto-Rally-122-1-1.jpg\",\"keywords\":[\"Event (Car Events &amp; Shows)\",\"Event (Vintage Races)\",\"Vintage Race (Tour Auto)\"],\"articleSection\":[\"Car Events &amp; Shows\",\"Vintage Races &amp; Rallies\"],\"inLanguage\":\"en-US\",\"potentialAction\":[{\"@type\":\"CommentAction\",\"name\":\"Comment\",\"target\":[\"https:\\\/\\\/www.supercars.net\\\/blog\\\/tour-auto-rally-2018-report-photos\\\/#respond\"]}]},{\"@type\":\"WebPage\",\"@id\":\"https:\\\/\\\/www.supercars.net\\\/blog\\\/tour-auto-rally-2018-report-photos\\\/\",\"url\":\"https:\\\/\\\/www.supercars.net\\\/blog\\\/tour-auto-rally-2018-report-photos\\\/\",\"name\":\"Tour Auto Rally 2018 - Photo Gallery, Results, Report\",\"isPartOf\":{\"@id\":\"https:\\\/\\\/www.supercars.net\\\/blog\\\/#website\"},\"primaryImageOfPage\":{\"@id\":\"https:\\\/\\\/www.supercars.net\\\/blog\\\/tour-auto-rally-2018-report-photos\\\/#primaryimage\"},\"image\":{\"@id\":\"https:\\\/\\\/www.supercars.net\\\/blog\\\/tour-auto-rally-2018-report-photos\\\/#primaryimage\"},\"thumbnailUrl\":\"https:\\\/\\\/www.supercars.net\\\/blog\\\/wp-content\\\/uploads\\\/2018\\\/05\\\/2018-Tour-Auto-Rally-122-1-1.jpg\",\"datePublished\":\"2018-05-01T09:00:33+00:00\",\"dateModified\":\"2024-02-07T03:41:02+00:00\",\"author\":{\"@id\":\"https:\\\/\\\/www.supercars.net\\\/blog\\\/#\\\/schema\\\/person\\\/188bd99a52d1e69543c54566c30e906b\"},\"description\":\"Photo gallery, race results and report from the Tour Auto Rally 2018, held April 23-28 on the secondary roads and race circuits of France.\",\"breadcrumb\":{\"@id\":\"https:\\\/\\\/www.supercars.net\\\/blog\\\/tour-auto-rally-2018-report-photos\\\/#breadcrumb\"},\"inLanguage\":\"en-US\",\"potentialAction\":[{\"@type\":\"ReadAction\",\"target\":[\"https:\\\/\\\/www.supercars.net\\\/blog\\\/tour-auto-rally-2018-report-photos\\\/\"]}]},{\"@type\":\"ImageObject\",\"inLanguage\":\"en-US\",\"@id\":\"https:\\\/\\\/www.supercars.net\\\/blog\\\/tour-auto-rally-2018-report-photos\\\/#primaryimage\",\"url\":\"https:\\\/\\\/www.supercars.net\\\/blog\\\/wp-content\\\/uploads\\\/2018\\\/05\\\/2018-Tour-Auto-Rally-122-1-1.jpg\",\"contentUrl\":\"https:\\\/\\\/www.supercars.net\\\/blog\\\/wp-content\\\/uploads\\\/2018\\\/05\\\/2018-Tour-Auto-Rally-122-1-1.jpg\",\"width\":1150,\"height\":768,\"caption\":\"James COTTINGHAM \\\/ Andrew SMITH GBR \\\/ GBR FORD GT40 MKI 1965\"},{\"@type\":\"BreadcrumbList\",\"@id\":\"https:\\\/\\\/www.supercars.net\\\/blog\\\/tour-auto-rally-2018-report-photos\\\/#breadcrumb\",\"itemListElement\":[{\"@type\":\"ListItem\",\"position\":1,\"name\":\"Home\",\"item\":\"https:\\\/\\\/www.supercars.net\\\/blog\\\/\"},{\"@type\":\"ListItem\",\"position\":2,\"name\":\"Tour Auto (2018) &#8211; Recap &#038; Photo Gallery\"}]},{\"@type\":\"WebSite\",\"@id\":\"https:\\\/\\\/www.supercars.net\\\/blog\\\/#website\",\"url\":\"https:\\\/\\\/www.supercars.net\\\/blog\\\/\",\"name\":\"Supercars.net\",\"description\":\"Exotic and Supercar news, information, pictures and videos\",\"potentialAction\":[{\"@type\":\"SearchAction\",\"target\":{\"@type\":\"EntryPoint\",\"urlTemplate\":\"https:\\\/\\\/www.supercars.net\\\/blog\\\/?s={search_term_string}\"},\"query-input\":{\"@type\":\"PropertyValueSpecification\",\"valueRequired\":true,\"valueName\":\"search_term_string\"}}],\"inLanguage\":\"en-US\"},{\"@type\":\"Person\",\"@id\":\"https:\\\/\\\/www.supercars.net\\\/blog\\\/#\\\/schema\\\/person\\\/188bd99a52d1e69543c54566c30e906b\",\"name\":\"Sports Car Digest\",\"image\":{\"@type\":\"ImageObject\",\"inLanguage\":\"en-US\",\"@id\":\"https:\\\/\\\/www.supercars.net\\\/blog\\\/wp-content\\\/uploads\\\/2023\\\/10\\\/D3S_76221-293x293.jpg\",\"url\":\"https:\\\/\\\/www.supercars.net\\\/blog\\\/wp-content\\\/uploads\\\/2023\\\/10\\\/D3S_76221-293x293.jpg\",\"contentUrl\":\"https:\\\/\\\/www.supercars.net\\\/blog\\\/wp-content\\\/uploads\\\/2023\\\/10\\\/D3S_76221-293x293.jpg\",\"caption\":\"Sports Car Digest\"},\"description\":\"We profile the world\u2019s finest sports cars, past and present automotive personalities, larger-than-life races and garages or museums. Profiles may include first-hand driving impressions, in-depth interviews and period racing stories and photographs. Profiles range from the Mario Righini Collection in Italy to the 1958 12 Hours of Sebring to a Shelby 427 Competition Cobra and everything in between.\",\"url\":\"https:\\\/\\\/www.supercars.net\\\/blog\\\/author\\\/scdigest\\\/\"}]}<\/script>\n<!-- \/ Yoast SEO plugin. -->","yoast_head_json":{"title":"Tour Auto Rally 2018 - Photo Gallery, Results, Report","description":"Photo gallery, race results and report from the Tour Auto Rally 2018, held April 23-28 on the secondary roads and race circuits of France.","robots":{"index":"index","follow":"follow","max-snippet":"max-snippet:-1","max-image-preview":"max-image-preview:large","max-video-preview":"max-video-preview:-1"},"canonical":"https:\/\/www.supercars.net\/blog\/tour-auto-rally-2018-report-photos\/","og_locale":"en_US","og_type":"article","og_title":"Tour Auto Rally 2018 - Photo Gallery, Results, Report","og_description":"Photo gallery, race results and report from the Tour Auto Rally 2018, held April 23-28 on the secondary roads and race circuits of France.","og_url":"https:\/\/www.supercars.net\/blog\/tour-auto-rally-2018-report-photos\/","og_site_name":"Supercars.net","article_publisher":"https:\/\/www.facebook.com\/Supercars.net\/","article_published_time":"2018-05-01T09:00:33+00:00","article_modified_time":"2024-02-07T03:41:02+00:00","author":"Sports Car Digest","twitter_card":"summary_large_image","twitter_image":"http:\/\/s3.amazonaws.com\/scardigest\/wp-content\/uploads\/20180430154946\/2018-Tour-Auto-GT40.jpg","twitter_creator":"@supercars_net","twitter_site":"@supercars_net","twitter_misc":{"Written by":"Sports Car Digest","Est. reading time":"4 minutes"},"schema":{"@context":"https:\/\/schema.org","@graph":[{"@type":"Article","@id":"https:\/\/www.supercars.net\/blog\/tour-auto-rally-2018-report-photos\/#article","isPartOf":{"@id":"https:\/\/www.supercars.net\/blog\/tour-auto-rally-2018-report-photos\/"},"author":{"name":"Sports Car Digest","@id":"https:\/\/www.supercars.net\/blog\/#\/schema\/person\/188bd99a52d1e69543c54566c30e906b"},"headline":"Tour Auto (2018) &#8211; Recap &#038; Photo Gallery","datePublished":"2018-05-01T09:00:33+00:00","dateModified":"2024-02-07T03:41:02+00:00","mainEntityOfPage":{"@id":"https:\/\/www.supercars.net\/blog\/tour-auto-rally-2018-report-photos\/"},"wordCount":781,"commentCount":10,"image":{"@id":"https:\/\/www.supercars.net\/blog\/tour-auto-rally-2018-report-photos\/#primaryimage"},"thumbnailUrl":"https:\/\/www.supercars.net\/blog\/wp-content\/uploads\/2018\/05\/2018-Tour-Auto-Rally-122-1-1.jpg","keywords":["Event (Car Events &amp; Shows)","Event (Vintage Races)","Vintage Race (Tour Auto)"],"articleSection":["Car Events &amp; Shows","Vintage Races &amp; Rallies"],"inLanguage":"en-US","potentialAction":[{"@type":"CommentAction","name":"Comment","target":["https:\/\/www.supercars.net\/blog\/tour-auto-rally-2018-report-photos\/#respond"]}]},{"@type":"WebPage","@id":"https:\/\/www.supercars.net\/blog\/tour-auto-rally-2018-report-photos\/","url":"https:\/\/www.supercars.net\/blog\/tour-auto-rally-2018-report-photos\/","name":"Tour Auto Rally 2018 - Photo Gallery, Results, Report","isPartOf":{"@id":"https:\/\/www.supercars.net\/blog\/#website"},"primaryImageOfPage":{"@id":"https:\/\/www.supercars.net\/blog\/tour-auto-rally-2018-report-photos\/#primaryimage"},"image":{"@id":"https:\/\/www.supercars.net\/blog\/tour-auto-rally-2018-report-photos\/#primaryimage"},"thumbnailUrl":"https:\/\/www.supercars.net\/blog\/wp-content\/uploads\/2018\/05\/2018-Tour-Auto-Rally-122-1-1.jpg","datePublished":"2018-05-01T09:00:33+00:00","dateModified":"2024-02-07T03:41:02+00:00","author":{"@id":"https:\/\/www.supercars.net\/blog\/#\/schema\/person\/188bd99a52d1e69543c54566c30e906b"},"description":"Photo gallery, race results and report from the Tour Auto Rally 2018, held April 23-28 on the secondary roads and race circuits of France.","breadcrumb":{"@id":"https:\/\/www.supercars.net\/blog\/tour-auto-rally-2018-report-photos\/#breadcrumb"},"inLanguage":"en-US","potentialAction":[{"@type":"ReadAction","target":["https:\/\/www.supercars.net\/blog\/tour-auto-rally-2018-report-photos\/"]}]},{"@type":"ImageObject","inLanguage":"en-US","@id":"https:\/\/www.supercars.net\/blog\/tour-auto-rally-2018-report-photos\/#primaryimage","url":"https:\/\/www.supercars.net\/blog\/wp-content\/uploads\/2018\/05\/2018-Tour-Auto-Rally-122-1-1.jpg","contentUrl":"https:\/\/www.supercars.net\/blog\/wp-content\/uploads\/2018\/05\/2018-Tour-Auto-Rally-122-1-1.jpg","width":1150,"height":768,"caption":"James COTTINGHAM \/ Andrew SMITH GBR \/ GBR FORD GT40 MKI 1965"},{"@type":"BreadcrumbList","@id":"https:\/\/www.supercars.net\/blog\/tour-auto-rally-2018-report-photos\/#breadcrumb","itemListElement":[{"@type":"ListItem","position":1,"name":"Home","item":"https:\/\/www.supercars.net\/blog\/"},{"@type":"ListItem","position":2,"name":"Tour Auto (2018) &#8211; Recap &#038; Photo Gallery"}]},{"@type":"WebSite","@id":"https:\/\/www.supercars.net\/blog\/#website","url":"https:\/\/www.supercars.net\/blog\/","name":"Supercars.net","description":"Exotic and Supercar news, information, pictures and videos","potentialAction":[{"@type":"SearchAction","target":{"@type":"EntryPoint","urlTemplate":"https:\/\/www.supercars.net\/blog\/?s={search_term_string}"},"query-input":{"@type":"PropertyValueSpecification","valueRequired":true,"valueName":"search_term_string"}}],"inLanguage":"en-US"},{"@type":"Person","@id":"https:\/\/www.supercars.net\/blog\/#\/schema\/person\/188bd99a52d1e69543c54566c30e906b","name":"Sports Car Digest","image":{"@type":"ImageObject","inLanguage":"en-US","@id":"https:\/\/www.supercars.net\/blog\/wp-content\/uploads\/2023\/10\/D3S_76221-293x293.jpg","url":"https:\/\/www.supercars.net\/blog\/wp-content\/uploads\/2023\/10\/D3S_76221-293x293.jpg","contentUrl":"https:\/\/www.supercars.net\/blog\/wp-content\/uploads\/2023\/10\/D3S_76221-293x293.jpg","caption":"Sports Car Digest"},"description":"We profile the world\u2019s finest sports cars, past and present automotive personalities, larger-than-life races and garages or museums. Profiles may include first-hand driving impressions, in-depth interviews and period racing stories and photographs. Profiles range from the Mario Righini Collection in Italy to the 1958 12 Hours of Sebring to a Shelby 427 Competition Cobra and everything in between.","url":"https:\/\/www.supercars.net\/blog\/author\/scdigest\/"}]}},"_links":{"self":[{"href":"https:\/\/www.supercars.net\/blog\/wp-json\/wp\/v2\/posts\/278831","targetHints":{"allow":["GET"]}}],"collection":[{"href":"https:\/\/www.supercars.net\/blog\/wp-json\/wp\/v2\/posts"}],"about":[{"href":"https:\/\/www.supercars.net\/blog\/wp-json\/wp\/v2\/types\/post"}],"author":[{"embeddable":true,"href":"https:\/\/www.supercars.net\/blog\/wp-json\/wp\/v2\/users\/106"}],"replies":[{"embeddable":true,"href":"https:\/\/www.supercars.net\/blog\/wp-json\/wp\/v2\/comments?post=278831"}],"version-history":[{"count":0,"href":"https:\/\/www.supercars.net\/blog\/wp-json\/wp\/v2\/posts\/278831\/revisions"}],"wp:featuredmedia":[{"embeddable":true,"href":"https:\/\/www.supercars.net\/blog\/wp-json\/wp\/v2\/media\/811630"}],"wp:attachment":[{"href":"https:\/\/www.supercars.net\/blog\/wp-json\/wp\/v2\/media?parent=278831"}],"wp:term":[{"taxonomy":"category","embeddable":true,"href":"https:\/\/www.supercars.net\/blog\/wp-json\/wp\/v2\/categories?post=278831"},{"taxonomy":"post_tag","embeddable":true,"href":"https:\/\/www.supercars.net\/blog\/wp-json\/wp\/v2\/tags?post=278831"}],"curies":[{"name":"wp","href":"https:\/\/api.w.org\/{rel}","templated":true}]}}