{"id":299279,"date":"2017-09-02T10:39:48","date_gmt":"2017-09-02T10:39:48","guid":{"rendered":"https:\/\/www.supercars.net\/blog\/?p=299279"},"modified":"2024-12-12T20:15:22","modified_gmt":"2024-12-12T20:15:22","slug":"2017-porsche-911-carrera-gts","status":"publish","type":"post","link":"https:\/\/www.supercars.net\/blog\/2017-porsche-911-carrera-gts\/","title":{"rendered":"2017 Porsche 911 Carrera GTS"},"content":{"rendered":"<p>No one can blame <a href=\"https:\/\/www.supercars.net\/blog\/category\/brand\/porsche\/\">Porsche<\/a> for not answering to the individual tastes of their fans with its 911 lineup. With their 911s having regular and wide bodies, coupes and targas having various engines and with each of having two states if tune, also don&#8217;t forget about the choices of two-wheel or four-wheel drive, front-only or all-wheel steering; it&#8217;s easy to be confused with what you are going to want.<\/p>\n<p>This leaves us wondering why Porsche has done this. Is it really necessary to expand their 911 lineup any further that it already has? They even added a GTS version for their 911 models. Faster and more athletic, the GTS version serves as a brilliant 911 middle ground between the Carrera S and the track-only GT3.<\/p>\n<p>The&nbsp;2017 Porsche 911 Carrera GTS might&nbsp;possibly be the perfect everyday Porsche 911 equipped with a faster new turbocharged 3.0-litre flat-six engine. You can also get it for any body style you like &#8211; Coupe, Cabriolet or Targa &#8211; with rear or four-wheel drive, and a manual or PDK automatic gearbox. The Carrera 4 GTS Coupe with PDK automatic gearbox is the fastest of them with a 0-62 mph acceleration of just 3.6 seconds and a maximum speed of 191 mph.<\/p>\n<p>GTS cars are all about pulling the best things from the option lists and then putting it into one attractively priced package. So with the exception of embroidered headrests, decals and 20-inch satin black, centre-locking Turbo S wheels, it would be possible to take a Carrera S and build a GTS in all but name. Add in the PASM sports suspension, a Sport Chrono pack, sports exhaust, Sport Design front bumper, sports seats, and the Powerkit that gives a boost to the engine by 30 bhp and 37 lb.-ft and you&#8217;ll now have a GTS without the badges.<\/p>\n<p>The good news though is that a GTS costs about $4000 less than adding all the kits one-by-one yourself.<\/p>\n<p>This GTS with a manual gearbox and rear-wheel drive is arguably the preferred choice by many car enthusiasts. The new twin-turbo 3.0-litre flat-six engine may take a little longer to get in action but once it does, it kicks noticeably faster in the mid-range than a standard Carrera S. You can really feel the improved performance of the engine here, but what makes&nbsp;Porsche 911 Carrera GTS more interesting is that you can really push it into a corner with full confidence. You can lean on the tires, trust the balance and marvel in the lack of body roll.<\/p>\n<p>While using manual and PDK on 911 have their pros and cons, the GTS benefits a lot from the PDK given more defined edges to the driving experience. You can upshift or downshift easily with your two hands on the wheel and for a car that gets you closer to the road, rolls less and tends to spreads its shoulders a bit wider than a standard car, the PDK is really the perfect.<\/p>\n<p>Simply put, the new Porsche 911 Carrera GTS is the perfect everyday sports car you can buy right now. It has the speed, the looks, and most importantly, serves as a great value for money.<\/p>\n<h2>2017 Porsche 911 Carrera GTS Press Release<\/h2>\n<p><strong>Faster and more capable than ever before &#8211; the new Porsche 911 GTS models<\/strong><\/p>\n<p><strong>Highest performing 911 Carrera and Targa variants announced<\/strong><\/p>\n<p>Atlanta, Georgia.Porsche is expanding the 911 model line with five new GTS models: the 911 Carrera GTS with rear-wheel drive, the 911 Carrera 4 GTS with all-wheel drive &#8211; both available as a Coup\u00e9 and Cabriolet &#8211; and the 911 Targa 4 GTS with all-wheel drive. The 3.0-liter flat-six cylinder with larger turbochargers delivers 450 horsepower, which is 30 horsepower more than the current 911 Carrera S and 20 horsepower above the previous, naturally-aspirated GTS model. All GTS variants are equipped as standard with a seven-speed manual transmission. The seven-speed Porsche Doppelkupplung (PDK) dual-clutch transmission is available as an option.<\/p>\n<p><strong>More power, even greater performance<\/strong><\/p>\n<p>405 lb.-ft. of torque (37 lb-ft. more than the Carrera S) further improves acceleration and responsiveness. Maximum torque is available between 2150 and 5000 rpm. Porsche Active Suspension Management (PASM) is included as standard on all GTS models. The GTS Coup\u00e9s feature the PASM Sport Suspension, which drops the ride height by 0.39 inches (10 millimeters) compared to the PASM suspension, which is standard on all 911 models including the Cabriolet and Targa variants of the GTS. The 911 GTS Coup\u00e9 models accelerate from 0 to 60 miles per hour 0.2 seconds faster than the respective Carrera S and 4S Coup\u00e9s. When equipped with the optional PDK (Porsche Doppelkupplung) transmission, the Carrera 4 GTS Coup\u00e9 takes just 3.4 seconds to reach 60 miles per hour. The GTS Cabriolet and Targa models reach 60 mph 0.3 seconds faster than the comparable Carrera S\/4S Cabriolet or Targa 4S models. Top track speed of the GTS models is up to 3 mph higher, depending on the variant. The 911 GTS Coup\u00e9 with manual transmission and rear-wheel drive is capable of 193 mph.<\/p>\n<p><strong>Typically GTS: Black elements accentuate the high-performance character<\/strong><\/p>\n<p>The GTS models distinguish themselves within the 911 model line not only in terms of technology, but also in their design: All GTS variants are based on the Carrera 4\/4S body, which measures 72.9 inches (1852 mm), even on the rear-wheel-drive models. The new Sport Design front end with a spoiler lip painted in black emphasizes the high-performance character. Combined with an increased rear spoiler extension height, it reduces lift on the front and rear axle compared to the Carrera S models. Tinted tail lights, rear lid grill strips with a satin black finish and tailpipes in high-gloss black, which are part of the standard Sport Exhaust system, give the GTS a particularly striking appearance. A new black trim strip between the tail lights is featured on the rear-wheel-drive variants. A light strip between the tail lights is reserved for the all-wheel-drive models. Sport Design exterior mirrors, 20-inch center lock wheels painted in satin black, and black GTS logos on the doors represent further visual enhancements. The characteristic Targa bar, which is black with a satin finish for the first time, also gives the 911 Targa 4 GTS a very distinctive look.<\/p>\n<p><strong>New Porsche Track Precision app included with extensive standard equipment <\/strong><\/p>\n<p>The GTS offers a unique interior. The stopwatch of the standard Sport Chrono Package is integrated as a central component of the dashboard. The included Porsche Track Precision App has been further enhanced for the market launch of the GTS models. Its features include automatic recording as well as a detailed display and analysis of driving data for smartphones. Standard Sport Seats Plus with GTS logos on the headrests provide increased lateral support and comfort. They are fitted with a combination of leather and Alcantara\u00ae that is highlighted with a new seat stitching. Alcantara\u00ae can also be found on the standard GT Sport steering wheel, the gear lever and the armrest. The brushed aluminum interior trim is anodized with a black finish.<\/p>\n<p>The 2017 911 GTS models are available to order now and are scheduled to arrive at dealerships in the United States in April 2017. The MSRP for each model is as follows:<\/p>\n<table width=\"400\">\n<tbody>\n<tr>\n<td>911 Carrera GTS<\/td>\n<td>$ 119,000<\/td>\n<\/tr>\n<tr>\n<td>911 Carrera 4 GTS<\/td>\n<td>$ 125,900<\/td>\n<\/tr>\n<tr>\n<td>911 Carrera GTS Cabriolet<\/td>\n<td>$ 131,300<\/td>\n<\/tr>\n<tr>\n<td>911 Carrera 4 GTS Cabriolet<\/td>\n<td>$ 138,200<\/td>\n<\/tr>\n<tr>\n<td>911 Targa 4 GTS<\/td>\n<td>$ 138,200<\/td>\n<\/tr>\n<\/tbody>\n<\/table>\n<h2>2017 Porsche 911 Carrera GTS Photos<\/h2>\n<figure class='gallery-item'>\r\n            <div class='gallery-icon landscape'>\r\n                <a href='https:\/\/www.supercars.net\/blog\/wp-content\/uploads\/2017\/04\/high_911_carrera_4_gts_2017_porsche_ag-2-scaled.jpg' class='tipi-lightbox'>\r\n\t\t\t\t<img decoding=\"async\" width=\"2560\" height=\"1443\" src=\"https:\/\/www.supercars.net\/blog\/wp-content\/uploads\/2017\/04\/high_911_carrera_4_gts_2017_porsche_ag-2-scaled.jpg\" class=\"attachment-full size-full\" alt=\"\" srcset=\"https:\/\/www.supercars.net\/blog\/wp-content\/uploads\/2017\/04\/high_911_carrera_4_gts_2017_porsche_ag-2-scaled.jpg 2560w, https:\/\/www.supercars.net\/blog\/wp-content\/uploads\/2017\/04\/high_911_carrera_4_gts_2017_porsche_ag-2-300x169.jpg 300w, https:\/\/www.supercars.net\/blog\/wp-content\/uploads\/2017\/04\/high_911_carrera_4_gts_2017_porsche_ag-2-1024x577.jpg 1024w, https:\/\/www.supercars.net\/blog\/wp-content\/uploads\/2017\/04\/high_911_carrera_4_gts_2017_porsche_ag-2-100x56.jpg 100w, https:\/\/www.supercars.net\/blog\/wp-content\/uploads\/2017\/04\/high_911_carrera_4_gts_2017_porsche_ag-2-770x434.jpg 770w, https:\/\/www.supercars.net\/blog\/wp-content\/uploads\/2017\/04\/high_911_carrera_4_gts_2017_porsche_ag-2-1536x866.jpg 1536w, https:\/\/www.supercars.net\/blog\/wp-content\/uploads\/2017\/04\/high_911_carrera_4_gts_2017_porsche_ag-2-2048x1154.jpg 2048w, https:\/\/www.supercars.net\/blog\/wp-content\/uploads\/2017\/04\/high_911_carrera_4_gts_2017_porsche_ag-2-293x165.jpg 293w, https:\/\/www.supercars.net\/blog\/wp-content\/uploads\/2017\/04\/high_911_carrera_4_gts_2017_porsche_ag-2-1400x789.jpg 1400w\" sizes=\"(max-width: 2560px) 100vw, 2560px\" \/>\r\n\t\t\t\t<\/a>\r\n            <\/div><\/figure><figure class='gallery-item'>\r\n            <div class='gallery-icon landscape'>\r\n                <a href='https:\/\/www.supercars.net\/blog\/wp-content\/uploads\/2017\/04\/high_911_carrera_4_gts_2017_porsche_ag-1-1-scaled.jpg' class='tipi-lightbox'>\r\n\t\t\t\t<img decoding=\"async\" width=\"2560\" height=\"1443\" src=\"https:\/\/www.supercars.net\/blog\/wp-content\/uploads\/2017\/04\/high_911_carrera_4_gts_2017_porsche_ag-1-1-scaled.jpg\" class=\"attachment-full size-full\" alt=\"\" srcset=\"https:\/\/www.supercars.net\/blog\/wp-content\/uploads\/2017\/04\/high_911_carrera_4_gts_2017_porsche_ag-1-1-scaled.jpg 2560w, https:\/\/www.supercars.net\/blog\/wp-content\/uploads\/2017\/04\/high_911_carrera_4_gts_2017_porsche_ag-1-1-300x169.jpg 300w, https:\/\/www.supercars.net\/blog\/wp-content\/uploads\/2017\/04\/high_911_carrera_4_gts_2017_porsche_ag-1-1-1024x577.jpg 1024w, https:\/\/www.supercars.net\/blog\/wp-content\/uploads\/2017\/04\/high_911_carrera_4_gts_2017_porsche_ag-1-1-100x56.jpg 100w, https:\/\/www.supercars.net\/blog\/wp-content\/uploads\/2017\/04\/high_911_carrera_4_gts_2017_porsche_ag-1-1-770x434.jpg 770w, https:\/\/www.supercars.net\/blog\/wp-content\/uploads\/2017\/04\/high_911_carrera_4_gts_2017_porsche_ag-1-1-1536x866.jpg 1536w, https:\/\/www.supercars.net\/blog\/wp-content\/uploads\/2017\/04\/high_911_carrera_4_gts_2017_porsche_ag-1-1-2048x1154.jpg 2048w, https:\/\/www.supercars.net\/blog\/wp-content\/uploads\/2017\/04\/high_911_carrera_4_gts_2017_porsche_ag-1-1-293x165.jpg 293w, https:\/\/www.supercars.net\/blog\/wp-content\/uploads\/2017\/04\/high_911_carrera_4_gts_2017_porsche_ag-1-1-1400x789.jpg 1400w\" sizes=\"(max-width: 2560px) 100vw, 2560px\" \/>\r\n\t\t\t\t<\/a>\r\n            <\/div><\/figure><figure class='gallery-item'>\r\n            <div class='gallery-icon landscape'>\r\n                <a href='https:\/\/www.supercars.net\/blog\/wp-content\/uploads\/2017\/04\/2017-Porsche-911-GTS-10.jpg' class='tipi-lightbox'>\r\n\t\t\t\t<img decoding=\"async\" width=\"2048\" height=\"1360\" src=\"https:\/\/www.supercars.net\/blog\/wp-content\/uploads\/2017\/04\/2017-Porsche-911-GTS-10.jpg\" class=\"attachment-full size-full\" alt=\"\" srcset=\"https:\/\/www.supercars.net\/blog\/wp-content\/uploads\/2017\/04\/2017-Porsche-911-GTS-10.jpg 2048w, https:\/\/www.supercars.net\/blog\/wp-content\/uploads\/2017\/04\/2017-Porsche-911-GTS-10-300x199.jpg 300w, https:\/\/www.supercars.net\/blog\/wp-content\/uploads\/2017\/04\/2017-Porsche-911-GTS-10-1024x680.jpg 1024w, https:\/\/www.supercars.net\/blog\/wp-content\/uploads\/2017\/04\/2017-Porsche-911-GTS-10-100x66.jpg 100w, https:\/\/www.supercars.net\/blog\/wp-content\/uploads\/2017\/04\/2017-Porsche-911-GTS-10-770x511.jpg 770w, https:\/\/www.supercars.net\/blog\/wp-content\/uploads\/2017\/04\/2017-Porsche-911-GTS-10-1536x1020.jpg 1536w, https:\/\/www.supercars.net\/blog\/wp-content\/uploads\/2017\/04\/2017-Porsche-911-GTS-10-360x240.jpg 360w, https:\/\/www.supercars.net\/blog\/wp-content\/uploads\/2017\/04\/2017-Porsche-911-GTS-10-370x247.jpg 370w, https:\/\/www.supercars.net\/blog\/wp-content\/uploads\/2017\/04\/2017-Porsche-911-GTS-10-293x195.jpg 293w, https:\/\/www.supercars.net\/blog\/wp-content\/uploads\/2017\/04\/2017-Porsche-911-GTS-10-1400x930.jpg 1400w\" sizes=\"(max-width: 2048px) 100vw, 2048px\" \/>\r\n\t\t\t\t<\/a>\r\n            <\/div><\/figure><figure class='gallery-item'>\r\n            <div class='gallery-icon landscape'>\r\n                <a href='https:\/\/www.supercars.net\/blog\/wp-content\/uploads\/2017\/04\/2017-Porsche-911-GTS-9.jpg' class='tipi-lightbox'>\r\n\t\t\t\t<img decoding=\"async\" width=\"2048\" height=\"1360\" src=\"https:\/\/www.supercars.net\/blog\/wp-content\/uploads\/2017\/04\/2017-Porsche-911-GTS-9.jpg\" class=\"attachment-full size-full\" alt=\"\" srcset=\"https:\/\/www.supercars.net\/blog\/wp-content\/uploads\/2017\/04\/2017-Porsche-911-GTS-9.jpg 2048w, https:\/\/www.supercars.net\/blog\/wp-content\/uploads\/2017\/04\/2017-Porsche-911-GTS-9-300x199.jpg 300w, https:\/\/www.supercars.net\/blog\/wp-content\/uploads\/2017\/04\/2017-Porsche-911-GTS-9-1024x680.jpg 1024w, https:\/\/www.supercars.net\/blog\/wp-content\/uploads\/2017\/04\/2017-Porsche-911-GTS-9-100x66.jpg 100w, https:\/\/www.supercars.net\/blog\/wp-content\/uploads\/2017\/04\/2017-Porsche-911-GTS-9-770x511.jpg 770w, https:\/\/www.supercars.net\/blog\/wp-content\/uploads\/2017\/04\/2017-Porsche-911-GTS-9-1536x1020.jpg 1536w, https:\/\/www.supercars.net\/blog\/wp-content\/uploads\/2017\/04\/2017-Porsche-911-GTS-9-360x240.jpg 360w, https:\/\/www.supercars.net\/blog\/wp-content\/uploads\/2017\/04\/2017-Porsche-911-GTS-9-370x247.jpg 370w, https:\/\/www.supercars.net\/blog\/wp-content\/uploads\/2017\/04\/2017-Porsche-911-GTS-9-293x195.jpg 293w, https:\/\/www.supercars.net\/blog\/wp-content\/uploads\/2017\/04\/2017-Porsche-911-GTS-9-1400x930.jpg 1400w\" sizes=\"(max-width: 2048px) 100vw, 2048px\" \/>\r\n\t\t\t\t<\/a>\r\n            <\/div><\/figure><figure class='gallery-item'>\r\n            <div class='gallery-icon landscape'>\r\n                <a href='https:\/\/www.supercars.net\/blog\/wp-content\/uploads\/2017\/04\/2017-Porsche-911-GTS-8.jpg' class='tipi-lightbox'>\r\n\t\t\t\t<img decoding=\"async\" width=\"2048\" height=\"1360\" src=\"https:\/\/www.supercars.net\/blog\/wp-content\/uploads\/2017\/04\/2017-Porsche-911-GTS-8.jpg\" class=\"attachment-full size-full\" alt=\"\" srcset=\"https:\/\/www.supercars.net\/blog\/wp-content\/uploads\/2017\/04\/2017-Porsche-911-GTS-8.jpg 2048w, https:\/\/www.supercars.net\/blog\/wp-content\/uploads\/2017\/04\/2017-Porsche-911-GTS-8-300x199.jpg 300w, https:\/\/www.supercars.net\/blog\/wp-content\/uploads\/2017\/04\/2017-Porsche-911-GTS-8-1024x680.jpg 1024w, https:\/\/www.supercars.net\/blog\/wp-content\/uploads\/2017\/04\/2017-Porsche-911-GTS-8-100x66.jpg 100w, https:\/\/www.supercars.net\/blog\/wp-content\/uploads\/2017\/04\/2017-Porsche-911-GTS-8-770x511.jpg 770w, https:\/\/www.supercars.net\/blog\/wp-content\/uploads\/2017\/04\/2017-Porsche-911-GTS-8-1536x1020.jpg 1536w, https:\/\/www.supercars.net\/blog\/wp-content\/uploads\/2017\/04\/2017-Porsche-911-GTS-8-360x240.jpg 360w, https:\/\/www.supercars.net\/blog\/wp-content\/uploads\/2017\/04\/2017-Porsche-911-GTS-8-370x247.jpg 370w, https:\/\/www.supercars.net\/blog\/wp-content\/uploads\/2017\/04\/2017-Porsche-911-GTS-8-293x195.jpg 293w, https:\/\/www.supercars.net\/blog\/wp-content\/uploads\/2017\/04\/2017-Porsche-911-GTS-8-1400x930.jpg 1400w\" sizes=\"(max-width: 2048px) 100vw, 2048px\" \/>\r\n\t\t\t\t<\/a>\r\n            <\/div><\/figure><figure class='gallery-item'>\r\n            <div class='gallery-icon landscape'>\r\n                <a href='https:\/\/www.supercars.net\/blog\/wp-content\/uploads\/2017\/04\/2017-Porsche-911-GTS-7.jpg' class='tipi-lightbox'>\r\n\t\t\t\t<img decoding=\"async\" width=\"2048\" height=\"1360\" src=\"https:\/\/www.supercars.net\/blog\/wp-content\/uploads\/2017\/04\/2017-Porsche-911-GTS-7.jpg\" class=\"attachment-full size-full\" alt=\"\" srcset=\"https:\/\/www.supercars.net\/blog\/wp-content\/uploads\/2017\/04\/2017-Porsche-911-GTS-7.jpg 2048w, https:\/\/www.supercars.net\/blog\/wp-content\/uploads\/2017\/04\/2017-Porsche-911-GTS-7-300x199.jpg 300w, https:\/\/www.supercars.net\/blog\/wp-content\/uploads\/2017\/04\/2017-Porsche-911-GTS-7-1024x680.jpg 1024w, https:\/\/www.supercars.net\/blog\/wp-content\/uploads\/2017\/04\/2017-Porsche-911-GTS-7-100x66.jpg 100w, https:\/\/www.supercars.net\/blog\/wp-content\/uploads\/2017\/04\/2017-Porsche-911-GTS-7-770x511.jpg 770w, https:\/\/www.supercars.net\/blog\/wp-content\/uploads\/2017\/04\/2017-Porsche-911-GTS-7-1536x1020.jpg 1536w, https:\/\/www.supercars.net\/blog\/wp-content\/uploads\/2017\/04\/2017-Porsche-911-GTS-7-360x240.jpg 360w, https:\/\/www.supercars.net\/blog\/wp-content\/uploads\/2017\/04\/2017-Porsche-911-GTS-7-370x247.jpg 370w, https:\/\/www.supercars.net\/blog\/wp-content\/uploads\/2017\/04\/2017-Porsche-911-GTS-7-293x195.jpg 293w, https:\/\/www.supercars.net\/blog\/wp-content\/uploads\/2017\/04\/2017-Porsche-911-GTS-7-1400x930.jpg 1400w\" sizes=\"(max-width: 2048px) 100vw, 2048px\" \/>\r\n\t\t\t\t<\/a>\r\n            <\/div><\/figure><figure class='gallery-item'>\r\n            <div class='gallery-icon landscape'>\r\n                <a href='https:\/\/www.supercars.net\/blog\/wp-content\/uploads\/2017\/04\/2017-Porsche-911-GTS-6.jpg' class='tipi-lightbox'>\r\n\t\t\t\t<img decoding=\"async\" width=\"2048\" height=\"1360\" src=\"https:\/\/www.supercars.net\/blog\/wp-content\/uploads\/2017\/04\/2017-Porsche-911-GTS-6.jpg\" class=\"attachment-full size-full\" alt=\"\" srcset=\"https:\/\/www.supercars.net\/blog\/wp-content\/uploads\/2017\/04\/2017-Porsche-911-GTS-6.jpg 2048w, https:\/\/www.supercars.net\/blog\/wp-content\/uploads\/2017\/04\/2017-Porsche-911-GTS-6-300x199.jpg 300w, https:\/\/www.supercars.net\/blog\/wp-content\/uploads\/2017\/04\/2017-Porsche-911-GTS-6-1024x680.jpg 1024w, https:\/\/www.supercars.net\/blog\/wp-content\/uploads\/2017\/04\/2017-Porsche-911-GTS-6-100x66.jpg 100w, https:\/\/www.supercars.net\/blog\/wp-content\/uploads\/2017\/04\/2017-Porsche-911-GTS-6-770x511.jpg 770w, https:\/\/www.supercars.net\/blog\/wp-content\/uploads\/2017\/04\/2017-Porsche-911-GTS-6-1536x1020.jpg 1536w, https:\/\/www.supercars.net\/blog\/wp-content\/uploads\/2017\/04\/2017-Porsche-911-GTS-6-360x240.jpg 360w, https:\/\/www.supercars.net\/blog\/wp-content\/uploads\/2017\/04\/2017-Porsche-911-GTS-6-370x247.jpg 370w, https:\/\/www.supercars.net\/blog\/wp-content\/uploads\/2017\/04\/2017-Porsche-911-GTS-6-293x195.jpg 293w, https:\/\/www.supercars.net\/blog\/wp-content\/uploads\/2017\/04\/2017-Porsche-911-GTS-6-1400x930.jpg 1400w\" sizes=\"(max-width: 2048px) 100vw, 2048px\" \/>\r\n\t\t\t\t<\/a>\r\n            <\/div><\/figure><figure class='gallery-item'>\r\n            <div class='gallery-icon landscape'>\r\n                <a href='https:\/\/www.supercars.net\/blog\/wp-content\/uploads\/2017\/04\/2017-Porsche-911-GTS-5.jpg' class='tipi-lightbox'>\r\n\t\t\t\t<img decoding=\"async\" width=\"2048\" height=\"1360\" src=\"https:\/\/www.supercars.net\/blog\/wp-content\/uploads\/2017\/04\/2017-Porsche-911-GTS-5.jpg\" class=\"attachment-full size-full\" alt=\"\" srcset=\"https:\/\/www.supercars.net\/blog\/wp-content\/uploads\/2017\/04\/2017-Porsche-911-GTS-5.jpg 2048w, https:\/\/www.supercars.net\/blog\/wp-content\/uploads\/2017\/04\/2017-Porsche-911-GTS-5-300x199.jpg 300w, https:\/\/www.supercars.net\/blog\/wp-content\/uploads\/2017\/04\/2017-Porsche-911-GTS-5-1024x680.jpg 1024w, https:\/\/www.supercars.net\/blog\/wp-content\/uploads\/2017\/04\/2017-Porsche-911-GTS-5-100x66.jpg 100w, https:\/\/www.supercars.net\/blog\/wp-content\/uploads\/2017\/04\/2017-Porsche-911-GTS-5-770x511.jpg 770w, https:\/\/www.supercars.net\/blog\/wp-content\/uploads\/2017\/04\/2017-Porsche-911-GTS-5-1536x1020.jpg 1536w, https:\/\/www.supercars.net\/blog\/wp-content\/uploads\/2017\/04\/2017-Porsche-911-GTS-5-360x240.jpg 360w, https:\/\/www.supercars.net\/blog\/wp-content\/uploads\/2017\/04\/2017-Porsche-911-GTS-5-370x247.jpg 370w, https:\/\/www.supercars.net\/blog\/wp-content\/uploads\/2017\/04\/2017-Porsche-911-GTS-5-293x195.jpg 293w, https:\/\/www.supercars.net\/blog\/wp-content\/uploads\/2017\/04\/2017-Porsche-911-GTS-5-1400x930.jpg 1400w\" sizes=\"(max-width: 2048px) 100vw, 2048px\" \/>\r\n\t\t\t\t<\/a>\r\n            <\/div><\/figure><figure class='gallery-item'>\r\n            <div class='gallery-icon landscape'>\r\n                <a href='https:\/\/www.supercars.net\/blog\/wp-content\/uploads\/2017\/04\/2017-Porsche-911-GTS-4.jpg' class='tipi-lightbox'>\r\n\t\t\t\t<img decoding=\"async\" width=\"2048\" height=\"1360\" src=\"https:\/\/www.supercars.net\/blog\/wp-content\/uploads\/2017\/04\/2017-Porsche-911-GTS-4.jpg\" class=\"attachment-full size-full\" alt=\"\" srcset=\"https:\/\/www.supercars.net\/blog\/wp-content\/uploads\/2017\/04\/2017-Porsche-911-GTS-4.jpg 2048w, https:\/\/www.supercars.net\/blog\/wp-content\/uploads\/2017\/04\/2017-Porsche-911-GTS-4-300x199.jpg 300w, https:\/\/www.supercars.net\/blog\/wp-content\/uploads\/2017\/04\/2017-Porsche-911-GTS-4-1024x680.jpg 1024w, https:\/\/www.supercars.net\/blog\/wp-content\/uploads\/2017\/04\/2017-Porsche-911-GTS-4-100x66.jpg 100w, https:\/\/www.supercars.net\/blog\/wp-content\/uploads\/2017\/04\/2017-Porsche-911-GTS-4-770x511.jpg 770w, https:\/\/www.supercars.net\/blog\/wp-content\/uploads\/2017\/04\/2017-Porsche-911-GTS-4-1536x1020.jpg 1536w, https:\/\/www.supercars.net\/blog\/wp-content\/uploads\/2017\/04\/2017-Porsche-911-GTS-4-360x240.jpg 360w, https:\/\/www.supercars.net\/blog\/wp-content\/uploads\/2017\/04\/2017-Porsche-911-GTS-4-370x247.jpg 370w, https:\/\/www.supercars.net\/blog\/wp-content\/uploads\/2017\/04\/2017-Porsche-911-GTS-4-293x195.jpg 293w, https:\/\/www.supercars.net\/blog\/wp-content\/uploads\/2017\/04\/2017-Porsche-911-GTS-4-1400x930.jpg 1400w\" sizes=\"(max-width: 2048px) 100vw, 2048px\" \/>\r\n\t\t\t\t<\/a>\r\n            <\/div><\/figure><figure class='gallery-item'>\r\n            <div class='gallery-icon landscape'>\r\n                <a href='https:\/\/www.supercars.net\/blog\/wp-content\/uploads\/2017\/04\/2017-Porsche-911-GTS-3.jpg' class='tipi-lightbox'>\r\n\t\t\t\t<img decoding=\"async\" width=\"2048\" height=\"1360\" src=\"https:\/\/www.supercars.net\/blog\/wp-content\/uploads\/2017\/04\/2017-Porsche-911-GTS-3.jpg\" class=\"attachment-full size-full\" alt=\"\" srcset=\"https:\/\/www.supercars.net\/blog\/wp-content\/uploads\/2017\/04\/2017-Porsche-911-GTS-3.jpg 2048w, https:\/\/www.supercars.net\/blog\/wp-content\/uploads\/2017\/04\/2017-Porsche-911-GTS-3-300x199.jpg 300w, https:\/\/www.supercars.net\/blog\/wp-content\/uploads\/2017\/04\/2017-Porsche-911-GTS-3-1024x680.jpg 1024w, https:\/\/www.supercars.net\/blog\/wp-content\/uploads\/2017\/04\/2017-Porsche-911-GTS-3-100x66.jpg 100w, https:\/\/www.supercars.net\/blog\/wp-content\/uploads\/2017\/04\/2017-Porsche-911-GTS-3-770x511.jpg 770w, https:\/\/www.supercars.net\/blog\/wp-content\/uploads\/2017\/04\/2017-Porsche-911-GTS-3-1536x1020.jpg 1536w, https:\/\/www.supercars.net\/blog\/wp-content\/uploads\/2017\/04\/2017-Porsche-911-GTS-3-360x240.jpg 360w, https:\/\/www.supercars.net\/blog\/wp-content\/uploads\/2017\/04\/2017-Porsche-911-GTS-3-370x247.jpg 370w, https:\/\/www.supercars.net\/blog\/wp-content\/uploads\/2017\/04\/2017-Porsche-911-GTS-3-293x195.jpg 293w, https:\/\/www.supercars.net\/blog\/wp-content\/uploads\/2017\/04\/2017-Porsche-911-GTS-3-1400x930.jpg 1400w\" sizes=\"(max-width: 2048px) 100vw, 2048px\" \/>\r\n\t\t\t\t<\/a>\r\n            <\/div><\/figure><figure class='gallery-item'>\r\n            <div class='gallery-icon landscape'>\r\n                <a href='https:\/\/www.supercars.net\/blog\/wp-content\/uploads\/2017\/04\/2017-Porsche-911-GTS-2.jpg' class='tipi-lightbox'>\r\n\t\t\t\t<img decoding=\"async\" width=\"2048\" height=\"1360\" src=\"https:\/\/www.supercars.net\/blog\/wp-content\/uploads\/2017\/04\/2017-Porsche-911-GTS-2.jpg\" class=\"attachment-full size-full\" alt=\"\" srcset=\"https:\/\/www.supercars.net\/blog\/wp-content\/uploads\/2017\/04\/2017-Porsche-911-GTS-2.jpg 2048w, https:\/\/www.supercars.net\/blog\/wp-content\/uploads\/2017\/04\/2017-Porsche-911-GTS-2-300x199.jpg 300w, https:\/\/www.supercars.net\/blog\/wp-content\/uploads\/2017\/04\/2017-Porsche-911-GTS-2-1024x680.jpg 1024w, https:\/\/www.supercars.net\/blog\/wp-content\/uploads\/2017\/04\/2017-Porsche-911-GTS-2-100x66.jpg 100w, https:\/\/www.supercars.net\/blog\/wp-content\/uploads\/2017\/04\/2017-Porsche-911-GTS-2-770x511.jpg 770w, https:\/\/www.supercars.net\/blog\/wp-content\/uploads\/2017\/04\/2017-Porsche-911-GTS-2-1536x1020.jpg 1536w, https:\/\/www.supercars.net\/blog\/wp-content\/uploads\/2017\/04\/2017-Porsche-911-GTS-2-360x240.jpg 360w, https:\/\/www.supercars.net\/blog\/wp-content\/uploads\/2017\/04\/2017-Porsche-911-GTS-2-370x247.jpg 370w, https:\/\/www.supercars.net\/blog\/wp-content\/uploads\/2017\/04\/2017-Porsche-911-GTS-2-293x195.jpg 293w, https:\/\/www.supercars.net\/blog\/wp-content\/uploads\/2017\/04\/2017-Porsche-911-GTS-2-1400x930.jpg 1400w\" sizes=\"(max-width: 2048px) 100vw, 2048px\" \/>\r\n\t\t\t\t<\/a>\r\n            <\/div><\/figure><figure class='gallery-item'>\r\n            <div class='gallery-icon landscape'>\r\n                <a href='https:\/\/www.supercars.net\/blog\/wp-content\/uploads\/2017\/04\/2017-Porsche-911-GTS-1.jpg' class='tipi-lightbox'>\r\n\t\t\t\t<img decoding=\"async\" width=\"1249\" height=\"829\" src=\"https:\/\/www.supercars.net\/blog\/wp-content\/uploads\/2017\/04\/2017-Porsche-911-GTS-1.jpg\" class=\"attachment-full size-full\" alt=\"\" srcset=\"https:\/\/www.supercars.net\/blog\/wp-content\/uploads\/2017\/04\/2017-Porsche-911-GTS-1.jpg 1249w, https:\/\/www.supercars.net\/blog\/wp-content\/uploads\/2017\/04\/2017-Porsche-911-GTS-1-300x199.jpg 300w, https:\/\/www.supercars.net\/blog\/wp-content\/uploads\/2017\/04\/2017-Porsche-911-GTS-1-1024x680.jpg 1024w, https:\/\/www.supercars.net\/blog\/wp-content\/uploads\/2017\/04\/2017-Porsche-911-GTS-1-100x66.jpg 100w, https:\/\/www.supercars.net\/blog\/wp-content\/uploads\/2017\/04\/2017-Porsche-911-GTS-1-770x511.jpg 770w, https:\/\/www.supercars.net\/blog\/wp-content\/uploads\/2017\/04\/2017-Porsche-911-GTS-1-360x240.jpg 360w, https:\/\/www.supercars.net\/blog\/wp-content\/uploads\/2017\/04\/2017-Porsche-911-GTS-1-370x247.jpg 370w, https:\/\/www.supercars.net\/blog\/wp-content\/uploads\/2017\/04\/2017-Porsche-911-GTS-1-293x194.jpg 293w\" sizes=\"(max-width: 1249px) 100vw, 1249px\" \/>\r\n\t\t\t\t<\/a>\r\n            <\/div><\/figure><figure class='gallery-item'>\r\n            <div class='gallery-icon landscape'>\r\n                <a href='https:\/\/www.supercars.net\/blog\/wp-content\/uploads\/2017\/04\/high_interieur_911_carrera_4_gts_cabriolet_2017_porsche_ag-scaled.jpg' class='tipi-lightbox'>\r\n\t\t\t\t<img decoding=\"async\" width=\"2560\" height=\"1443\" src=\"https:\/\/www.supercars.net\/blog\/wp-content\/uploads\/2017\/04\/high_interieur_911_carrera_4_gts_cabriolet_2017_porsche_ag-scaled.jpg\" class=\"attachment-full size-full\" alt=\"\" srcset=\"https:\/\/www.supercars.net\/blog\/wp-content\/uploads\/2017\/04\/high_interieur_911_carrera_4_gts_cabriolet_2017_porsche_ag-scaled.jpg 2560w, https:\/\/www.supercars.net\/blog\/wp-content\/uploads\/2017\/04\/high_interieur_911_carrera_4_gts_cabriolet_2017_porsche_ag-300x169.jpg 300w, https:\/\/www.supercars.net\/blog\/wp-content\/uploads\/2017\/04\/high_interieur_911_carrera_4_gts_cabriolet_2017_porsche_ag-1024x577.jpg 1024w, https:\/\/www.supercars.net\/blog\/wp-content\/uploads\/2017\/04\/high_interieur_911_carrera_4_gts_cabriolet_2017_porsche_ag-100x56.jpg 100w, https:\/\/www.supercars.net\/blog\/wp-content\/uploads\/2017\/04\/high_interieur_911_carrera_4_gts_cabriolet_2017_porsche_ag-770x434.jpg 770w, https:\/\/www.supercars.net\/blog\/wp-content\/uploads\/2017\/04\/high_interieur_911_carrera_4_gts_cabriolet_2017_porsche_ag-1536x866.jpg 1536w, https:\/\/www.supercars.net\/blog\/wp-content\/uploads\/2017\/04\/high_interieur_911_carrera_4_gts_cabriolet_2017_porsche_ag-2048x1154.jpg 2048w, https:\/\/www.supercars.net\/blog\/wp-content\/uploads\/2017\/04\/high_interieur_911_carrera_4_gts_cabriolet_2017_porsche_ag-293x165.jpg 293w, https:\/\/www.supercars.net\/blog\/wp-content\/uploads\/2017\/04\/high_interieur_911_carrera_4_gts_cabriolet_2017_porsche_ag-1400x789.jpg 1400w\" sizes=\"(max-width: 2560px) 100vw, 2560px\" \/>\r\n\t\t\t\t<\/a>\r\n            <\/div><\/figure><figure class='gallery-item'>\r\n            <div class='gallery-icon landscape'>\r\n                <a href='https:\/\/www.supercars.net\/blog\/wp-content\/uploads\/2017\/04\/high_911_targa_4_gts_2017_porsche_ag-scaled.jpg' class='tipi-lightbox'>\r\n\t\t\t\t<img decoding=\"async\" width=\"2560\" height=\"1443\" src=\"https:\/\/www.supercars.net\/blog\/wp-content\/uploads\/2017\/04\/high_911_targa_4_gts_2017_porsche_ag-scaled.jpg\" class=\"attachment-full size-full\" alt=\"\" srcset=\"https:\/\/www.supercars.net\/blog\/wp-content\/uploads\/2017\/04\/high_911_targa_4_gts_2017_porsche_ag-scaled.jpg 2560w, https:\/\/www.supercars.net\/blog\/wp-content\/uploads\/2017\/04\/high_911_targa_4_gts_2017_porsche_ag-300x169.jpg 300w, https:\/\/www.supercars.net\/blog\/wp-content\/uploads\/2017\/04\/high_911_targa_4_gts_2017_porsche_ag-1024x577.jpg 1024w, https:\/\/www.supercars.net\/blog\/wp-content\/uploads\/2017\/04\/high_911_targa_4_gts_2017_porsche_ag-100x56.jpg 100w, https:\/\/www.supercars.net\/blog\/wp-content\/uploads\/2017\/04\/high_911_targa_4_gts_2017_porsche_ag-770x434.jpg 770w, https:\/\/www.supercars.net\/blog\/wp-content\/uploads\/2017\/04\/high_911_targa_4_gts_2017_porsche_ag-1536x866.jpg 1536w, https:\/\/www.supercars.net\/blog\/wp-content\/uploads\/2017\/04\/high_911_targa_4_gts_2017_porsche_ag-2048x1154.jpg 2048w, https:\/\/www.supercars.net\/blog\/wp-content\/uploads\/2017\/04\/high_911_targa_4_gts_2017_porsche_ag-293x165.jpg 293w, https:\/\/www.supercars.net\/blog\/wp-content\/uploads\/2017\/04\/high_911_targa_4_gts_2017_porsche_ag-1400x789.jpg 1400w\" sizes=\"(max-width: 2560px) 100vw, 2560px\" \/>\r\n\t\t\t\t<\/a>\r\n            <\/div><\/figure><figure class='gallery-item'>\r\n            <div class='gallery-icon landscape'>\r\n                <a href='https:\/\/www.supercars.net\/blog\/wp-content\/uploads\/2017\/04\/high_911_targa_4_gts_2017_porsche_ag-2-scaled.jpg' class='tipi-lightbox'>\r\n\t\t\t\t<img decoding=\"async\" width=\"2560\" height=\"1443\" src=\"https:\/\/www.supercars.net\/blog\/wp-content\/uploads\/2017\/04\/high_911_targa_4_gts_2017_porsche_ag-2-scaled.jpg\" class=\"attachment-full size-full\" alt=\"\" srcset=\"https:\/\/www.supercars.net\/blog\/wp-content\/uploads\/2017\/04\/high_911_targa_4_gts_2017_porsche_ag-2-scaled.jpg 2560w, https:\/\/www.supercars.net\/blog\/wp-content\/uploads\/2017\/04\/high_911_targa_4_gts_2017_porsche_ag-2-300x169.jpg 300w, https:\/\/www.supercars.net\/blog\/wp-content\/uploads\/2017\/04\/high_911_targa_4_gts_2017_porsche_ag-2-1024x577.jpg 1024w, https:\/\/www.supercars.net\/blog\/wp-content\/uploads\/2017\/04\/high_911_targa_4_gts_2017_porsche_ag-2-100x56.jpg 100w, https:\/\/www.supercars.net\/blog\/wp-content\/uploads\/2017\/04\/high_911_targa_4_gts_2017_porsche_ag-2-770x434.jpg 770w, https:\/\/www.supercars.net\/blog\/wp-content\/uploads\/2017\/04\/high_911_targa_4_gts_2017_porsche_ag-2-1536x866.jpg 1536w, https:\/\/www.supercars.net\/blog\/wp-content\/uploads\/2017\/04\/high_911_targa_4_gts_2017_porsche_ag-2-2048x1154.jpg 2048w, https:\/\/www.supercars.net\/blog\/wp-content\/uploads\/2017\/04\/high_911_targa_4_gts_2017_porsche_ag-2-293x165.jpg 293w, https:\/\/www.supercars.net\/blog\/wp-content\/uploads\/2017\/04\/high_911_targa_4_gts_2017_porsche_ag-2-1400x789.jpg 1400w\" sizes=\"(max-width: 2560px) 100vw, 2560px\" \/>\r\n\t\t\t\t<\/a>\r\n            <\/div><\/figure><figure class='gallery-item'>\r\n            <div class='gallery-icon landscape'>\r\n                <a href='https:\/\/www.supercars.net\/blog\/wp-content\/uploads\/2017\/04\/high_911_targa_4_gts_2017_porsche_ag-1-scaled.jpg' class='tipi-lightbox'>\r\n\t\t\t\t<img decoding=\"async\" width=\"2560\" height=\"1443\" src=\"https:\/\/www.supercars.net\/blog\/wp-content\/uploads\/2017\/04\/high_911_targa_4_gts_2017_porsche_ag-1-scaled.jpg\" class=\"attachment-full size-full\" alt=\"\" srcset=\"https:\/\/www.supercars.net\/blog\/wp-content\/uploads\/2017\/04\/high_911_targa_4_gts_2017_porsche_ag-1-scaled.jpg 2560w, https:\/\/www.supercars.net\/blog\/wp-content\/uploads\/2017\/04\/high_911_targa_4_gts_2017_porsche_ag-1-300x169.jpg 300w, https:\/\/www.supercars.net\/blog\/wp-content\/uploads\/2017\/04\/high_911_targa_4_gts_2017_porsche_ag-1-1024x577.jpg 1024w, https:\/\/www.supercars.net\/blog\/wp-content\/uploads\/2017\/04\/high_911_targa_4_gts_2017_porsche_ag-1-100x56.jpg 100w, https:\/\/www.supercars.net\/blog\/wp-content\/uploads\/2017\/04\/high_911_targa_4_gts_2017_porsche_ag-1-770x434.jpg 770w, https:\/\/www.supercars.net\/blog\/wp-content\/uploads\/2017\/04\/high_911_targa_4_gts_2017_porsche_ag-1-1536x866.jpg 1536w, https:\/\/www.supercars.net\/blog\/wp-content\/uploads\/2017\/04\/high_911_targa_4_gts_2017_porsche_ag-1-2048x1154.jpg 2048w, https:\/\/www.supercars.net\/blog\/wp-content\/uploads\/2017\/04\/high_911_targa_4_gts_2017_porsche_ag-1-293x165.jpg 293w, https:\/\/www.supercars.net\/blog\/wp-content\/uploads\/2017\/04\/high_911_targa_4_gts_2017_porsche_ag-1-1400x789.jpg 1400w\" sizes=\"(max-width: 2560px) 100vw, 2560px\" \/>\r\n\t\t\t\t<\/a>\r\n            <\/div><\/figure><figure class='gallery-item'>\r\n            <div class='gallery-icon landscape'>\r\n                <a href='https:\/\/www.supercars.net\/blog\/wp-content\/uploads\/2017\/04\/high_911_targa_4_gts_911_carrera_4_gts_cabriolet_911_carrera_4_gts_2017_porsche_ag-scaled.jpg' class='tipi-lightbox'>\r\n\t\t\t\t<img decoding=\"async\" width=\"2560\" height=\"1443\" src=\"https:\/\/www.supercars.net\/blog\/wp-content\/uploads\/2017\/04\/high_911_targa_4_gts_911_carrera_4_gts_cabriolet_911_carrera_4_gts_2017_porsche_ag-scaled.jpg\" class=\"attachment-full size-full\" alt=\"\" srcset=\"https:\/\/www.supercars.net\/blog\/wp-content\/uploads\/2017\/04\/high_911_targa_4_gts_911_carrera_4_gts_cabriolet_911_carrera_4_gts_2017_porsche_ag-scaled.jpg 2560w, https:\/\/www.supercars.net\/blog\/wp-content\/uploads\/2017\/04\/high_911_targa_4_gts_911_carrera_4_gts_cabriolet_911_carrera_4_gts_2017_porsche_ag-300x169.jpg 300w, https:\/\/www.supercars.net\/blog\/wp-content\/uploads\/2017\/04\/high_911_targa_4_gts_911_carrera_4_gts_cabriolet_911_carrera_4_gts_2017_porsche_ag-1024x577.jpg 1024w, https:\/\/www.supercars.net\/blog\/wp-content\/uploads\/2017\/04\/high_911_targa_4_gts_911_carrera_4_gts_cabriolet_911_carrera_4_gts_2017_porsche_ag-100x56.jpg 100w, https:\/\/www.supercars.net\/blog\/wp-content\/uploads\/2017\/04\/high_911_targa_4_gts_911_carrera_4_gts_cabriolet_911_carrera_4_gts_2017_porsche_ag-770x434.jpg 770w, https:\/\/www.supercars.net\/blog\/wp-content\/uploads\/2017\/04\/high_911_targa_4_gts_911_carrera_4_gts_cabriolet_911_carrera_4_gts_2017_porsche_ag-1536x866.jpg 1536w, https:\/\/www.supercars.net\/blog\/wp-content\/uploads\/2017\/04\/high_911_targa_4_gts_911_carrera_4_gts_cabriolet_911_carrera_4_gts_2017_porsche_ag-2048x1154.jpg 2048w, https:\/\/www.supercars.net\/blog\/wp-content\/uploads\/2017\/04\/high_911_targa_4_gts_911_carrera_4_gts_cabriolet_911_carrera_4_gts_2017_porsche_ag-293x165.jpg 293w, https:\/\/www.supercars.net\/blog\/wp-content\/uploads\/2017\/04\/high_911_targa_4_gts_911_carrera_4_gts_cabriolet_911_carrera_4_gts_2017_porsche_ag-1400x789.jpg 1400w\" sizes=\"(max-width: 2560px) 100vw, 2560px\" \/>\r\n\t\t\t\t<\/a>\r\n            <\/div><\/figure><figure class='gallery-item'>\r\n            <div class='gallery-icon landscape'>\r\n                <a href='https:\/\/www.supercars.net\/blog\/wp-content\/uploads\/2017\/04\/high_911_carrera_gts_cabriolet_2017_porsche_ag-scaled.jpg' class='tipi-lightbox'>\r\n\t\t\t\t<img decoding=\"async\" width=\"2560\" height=\"1443\" src=\"https:\/\/www.supercars.net\/blog\/wp-content\/uploads\/2017\/04\/high_911_carrera_gts_cabriolet_2017_porsche_ag-scaled.jpg\" class=\"attachment-full size-full\" alt=\"\" srcset=\"https:\/\/www.supercars.net\/blog\/wp-content\/uploads\/2017\/04\/high_911_carrera_gts_cabriolet_2017_porsche_ag-scaled.jpg 2560w, https:\/\/www.supercars.net\/blog\/wp-content\/uploads\/2017\/04\/high_911_carrera_gts_cabriolet_2017_porsche_ag-300x169.jpg 300w, https:\/\/www.supercars.net\/blog\/wp-content\/uploads\/2017\/04\/high_911_carrera_gts_cabriolet_2017_porsche_ag-1024x577.jpg 1024w, https:\/\/www.supercars.net\/blog\/wp-content\/uploads\/2017\/04\/high_911_carrera_gts_cabriolet_2017_porsche_ag-100x56.jpg 100w, https:\/\/www.supercars.net\/blog\/wp-content\/uploads\/2017\/04\/high_911_carrera_gts_cabriolet_2017_porsche_ag-770x434.jpg 770w, https:\/\/www.supercars.net\/blog\/wp-content\/uploads\/2017\/04\/high_911_carrera_gts_cabriolet_2017_porsche_ag-1536x866.jpg 1536w, https:\/\/www.supercars.net\/blog\/wp-content\/uploads\/2017\/04\/high_911_carrera_gts_cabriolet_2017_porsche_ag-2048x1154.jpg 2048w, https:\/\/www.supercars.net\/blog\/wp-content\/uploads\/2017\/04\/high_911_carrera_gts_cabriolet_2017_porsche_ag-293x165.jpg 293w, https:\/\/www.supercars.net\/blog\/wp-content\/uploads\/2017\/04\/high_911_carrera_gts_cabriolet_2017_porsche_ag-1400x789.jpg 1400w\" sizes=\"(max-width: 2560px) 100vw, 2560px\" \/>\r\n\t\t\t\t<\/a>\r\n            <\/div><\/figure><figure class='gallery-item'>\r\n            <div class='gallery-icon landscape'>\r\n                <a href='https:\/\/www.supercars.net\/blog\/wp-content\/uploads\/2017\/04\/high_911_carrera_gts_2017_porsche_ag-scaled.jpg' class='tipi-lightbox'>\r\n\t\t\t\t<img decoding=\"async\" width=\"2560\" height=\"1443\" src=\"https:\/\/www.supercars.net\/blog\/wp-content\/uploads\/2017\/04\/high_911_carrera_gts_2017_porsche_ag-scaled.jpg\" class=\"attachment-full size-full\" alt=\"\" srcset=\"https:\/\/www.supercars.net\/blog\/wp-content\/uploads\/2017\/04\/high_911_carrera_gts_2017_porsche_ag-scaled.jpg 2560w, https:\/\/www.supercars.net\/blog\/wp-content\/uploads\/2017\/04\/high_911_carrera_gts_2017_porsche_ag-300x169.jpg 300w, https:\/\/www.supercars.net\/blog\/wp-content\/uploads\/2017\/04\/high_911_carrera_gts_2017_porsche_ag-1024x577.jpg 1024w, https:\/\/www.supercars.net\/blog\/wp-content\/uploads\/2017\/04\/high_911_carrera_gts_2017_porsche_ag-100x56.jpg 100w, https:\/\/www.supercars.net\/blog\/wp-content\/uploads\/2017\/04\/high_911_carrera_gts_2017_porsche_ag-770x434.jpg 770w, https:\/\/www.supercars.net\/blog\/wp-content\/uploads\/2017\/04\/high_911_carrera_gts_2017_porsche_ag-1536x866.jpg 1536w, https:\/\/www.supercars.net\/blog\/wp-content\/uploads\/2017\/04\/high_911_carrera_gts_2017_porsche_ag-2048x1154.jpg 2048w, https:\/\/www.supercars.net\/blog\/wp-content\/uploads\/2017\/04\/high_911_carrera_gts_2017_porsche_ag-293x165.jpg 293w, https:\/\/www.supercars.net\/blog\/wp-content\/uploads\/2017\/04\/high_911_carrera_gts_2017_porsche_ag-1400x789.jpg 1400w\" sizes=\"(max-width: 2560px) 100vw, 2560px\" \/>\r\n\t\t\t\t<\/a>\r\n            <\/div><\/figure><figure class='gallery-item'>\r\n            <div class='gallery-icon landscape'>\r\n                <a href='https:\/\/www.supercars.net\/blog\/wp-content\/uploads\/2017\/04\/high_911_carrera_gts_2017_porsche_ag-2-scaled.jpg' class='tipi-lightbox'>\r\n\t\t\t\t<img decoding=\"async\" width=\"2560\" height=\"1443\" src=\"https:\/\/www.supercars.net\/blog\/wp-content\/uploads\/2017\/04\/high_911_carrera_gts_2017_porsche_ag-2-scaled.jpg\" class=\"attachment-full size-full\" alt=\"\" srcset=\"https:\/\/www.supercars.net\/blog\/wp-content\/uploads\/2017\/04\/high_911_carrera_gts_2017_porsche_ag-2-scaled.jpg 2560w, https:\/\/www.supercars.net\/blog\/wp-content\/uploads\/2017\/04\/high_911_carrera_gts_2017_porsche_ag-2-300x169.jpg 300w, https:\/\/www.supercars.net\/blog\/wp-content\/uploads\/2017\/04\/high_911_carrera_gts_2017_porsche_ag-2-1024x577.jpg 1024w, https:\/\/www.supercars.net\/blog\/wp-content\/uploads\/2017\/04\/high_911_carrera_gts_2017_porsche_ag-2-100x56.jpg 100w, https:\/\/www.supercars.net\/blog\/wp-content\/uploads\/2017\/04\/high_911_carrera_gts_2017_porsche_ag-2-770x434.jpg 770w, https:\/\/www.supercars.net\/blog\/wp-content\/uploads\/2017\/04\/high_911_carrera_gts_2017_porsche_ag-2-1536x866.jpg 1536w, https:\/\/www.supercars.net\/blog\/wp-content\/uploads\/2017\/04\/high_911_carrera_gts_2017_porsche_ag-2-2048x1154.jpg 2048w, https:\/\/www.supercars.net\/blog\/wp-content\/uploads\/2017\/04\/high_911_carrera_gts_2017_porsche_ag-2-293x165.jpg 293w, https:\/\/www.supercars.net\/blog\/wp-content\/uploads\/2017\/04\/high_911_carrera_gts_2017_porsche_ag-2-1400x789.jpg 1400w\" sizes=\"(max-width: 2560px) 100vw, 2560px\" \/>\r\n\t\t\t\t<\/a>\r\n            <\/div><\/figure><figure class='gallery-item'>\r\n            <div class='gallery-icon landscape'>\r\n                <a href='https:\/\/www.supercars.net\/blog\/wp-content\/uploads\/2017\/04\/high_911_carrera_gts_2017_porsche_ag-1-scaled.jpg' class='tipi-lightbox'>\r\n\t\t\t\t<img decoding=\"async\" width=\"2560\" height=\"1443\" src=\"https:\/\/www.supercars.net\/blog\/wp-content\/uploads\/2017\/04\/high_911_carrera_gts_2017_porsche_ag-1-scaled.jpg\" class=\"attachment-full size-full\" alt=\"\" srcset=\"https:\/\/www.supercars.net\/blog\/wp-content\/uploads\/2017\/04\/high_911_carrera_gts_2017_porsche_ag-1-scaled.jpg 2560w, https:\/\/www.supercars.net\/blog\/wp-content\/uploads\/2017\/04\/high_911_carrera_gts_2017_porsche_ag-1-300x169.jpg 300w, https:\/\/www.supercars.net\/blog\/wp-content\/uploads\/2017\/04\/high_911_carrera_gts_2017_porsche_ag-1-1024x577.jpg 1024w, https:\/\/www.supercars.net\/blog\/wp-content\/uploads\/2017\/04\/high_911_carrera_gts_2017_porsche_ag-1-100x56.jpg 100w, https:\/\/www.supercars.net\/blog\/wp-content\/uploads\/2017\/04\/high_911_carrera_gts_2017_porsche_ag-1-770x434.jpg 770w, https:\/\/www.supercars.net\/blog\/wp-content\/uploads\/2017\/04\/high_911_carrera_gts_2017_porsche_ag-1-1536x866.jpg 1536w, https:\/\/www.supercars.net\/blog\/wp-content\/uploads\/2017\/04\/high_911_carrera_gts_2017_porsche_ag-1-2048x1154.jpg 2048w, https:\/\/www.supercars.net\/blog\/wp-content\/uploads\/2017\/04\/high_911_carrera_gts_2017_porsche_ag-1-293x165.jpg 293w, https:\/\/www.supercars.net\/blog\/wp-content\/uploads\/2017\/04\/high_911_carrera_gts_2017_porsche_ag-1-1400x789.jpg 1400w\" sizes=\"(max-width: 2560px) 100vw, 2560px\" \/>\r\n\t\t\t\t<\/a>\r\n            <\/div><\/figure><figure class='gallery-item'>\r\n            <div class='gallery-icon landscape'>\r\n                <a href='https:\/\/www.supercars.net\/blog\/wp-content\/uploads\/2017\/04\/high_911_carrera_4_gts_cabriolet_2017_porsche_ag-scaled.jpg' class='tipi-lightbox'>\r\n\t\t\t\t<img decoding=\"async\" width=\"2560\" height=\"1443\" src=\"https:\/\/www.supercars.net\/blog\/wp-content\/uploads\/2017\/04\/high_911_carrera_4_gts_cabriolet_2017_porsche_ag-scaled.jpg\" class=\"attachment-full size-full\" alt=\"\" srcset=\"https:\/\/www.supercars.net\/blog\/wp-content\/uploads\/2017\/04\/high_911_carrera_4_gts_cabriolet_2017_porsche_ag-scaled.jpg 2560w, https:\/\/www.supercars.net\/blog\/wp-content\/uploads\/2017\/04\/high_911_carrera_4_gts_cabriolet_2017_porsche_ag-300x169.jpg 300w, https:\/\/www.supercars.net\/blog\/wp-content\/uploads\/2017\/04\/high_911_carrera_4_gts_cabriolet_2017_porsche_ag-1024x577.jpg 1024w, https:\/\/www.supercars.net\/blog\/wp-content\/uploads\/2017\/04\/high_911_carrera_4_gts_cabriolet_2017_porsche_ag-100x56.jpg 100w, https:\/\/www.supercars.net\/blog\/wp-content\/uploads\/2017\/04\/high_911_carrera_4_gts_cabriolet_2017_porsche_ag-770x434.jpg 770w, https:\/\/www.supercars.net\/blog\/wp-content\/uploads\/2017\/04\/high_911_carrera_4_gts_cabriolet_2017_porsche_ag-1536x866.jpg 1536w, https:\/\/www.supercars.net\/blog\/wp-content\/uploads\/2017\/04\/high_911_carrera_4_gts_cabriolet_2017_porsche_ag-2048x1154.jpg 2048w, https:\/\/www.supercars.net\/blog\/wp-content\/uploads\/2017\/04\/high_911_carrera_4_gts_cabriolet_2017_porsche_ag-293x165.jpg 293w, https:\/\/www.supercars.net\/blog\/wp-content\/uploads\/2017\/04\/high_911_carrera_4_gts_cabriolet_2017_porsche_ag-1400x789.jpg 1400w\" sizes=\"(max-width: 2560px) 100vw, 2560px\" \/>\r\n\t\t\t\t<\/a>\r\n            <\/div><\/figure><figure class='gallery-item'>\r\n            <div class='gallery-icon landscape'>\r\n                <a href='https:\/\/www.supercars.net\/blog\/wp-content\/uploads\/2017\/04\/high_911_carrera_4_gts_cabriolet_2017_porsche_ag-1-scaled.jpg' class='tipi-lightbox'>\r\n\t\t\t\t<img decoding=\"async\" width=\"2560\" height=\"1443\" src=\"https:\/\/www.supercars.net\/blog\/wp-content\/uploads\/2017\/04\/high_911_carrera_4_gts_cabriolet_2017_porsche_ag-1-scaled.jpg\" class=\"attachment-full size-full\" alt=\"\" srcset=\"https:\/\/www.supercars.net\/blog\/wp-content\/uploads\/2017\/04\/high_911_carrera_4_gts_cabriolet_2017_porsche_ag-1-scaled.jpg 2560w, https:\/\/www.supercars.net\/blog\/wp-content\/uploads\/2017\/04\/high_911_carrera_4_gts_cabriolet_2017_porsche_ag-1-300x169.jpg 300w, https:\/\/www.supercars.net\/blog\/wp-content\/uploads\/2017\/04\/high_911_carrera_4_gts_cabriolet_2017_porsche_ag-1-1024x577.jpg 1024w, https:\/\/www.supercars.net\/blog\/wp-content\/uploads\/2017\/04\/high_911_carrera_4_gts_cabriolet_2017_porsche_ag-1-100x56.jpg 100w, https:\/\/www.supercars.net\/blog\/wp-content\/uploads\/2017\/04\/high_911_carrera_4_gts_cabriolet_2017_porsche_ag-1-770x434.jpg 770w, https:\/\/www.supercars.net\/blog\/wp-content\/uploads\/2017\/04\/high_911_carrera_4_gts_cabriolet_2017_porsche_ag-1-1536x866.jpg 1536w, https:\/\/www.supercars.net\/blog\/wp-content\/uploads\/2017\/04\/high_911_carrera_4_gts_cabriolet_2017_porsche_ag-1-2048x1154.jpg 2048w, https:\/\/www.supercars.net\/blog\/wp-content\/uploads\/2017\/04\/high_911_carrera_4_gts_cabriolet_2017_porsche_ag-1-293x165.jpg 293w, https:\/\/www.supercars.net\/blog\/wp-content\/uploads\/2017\/04\/high_911_carrera_4_gts_cabriolet_2017_porsche_ag-1-1400x789.jpg 1400w\" sizes=\"(max-width: 2560px) 100vw, 2560px\" \/>\r\n\t\t\t\t<\/a>\r\n            <\/div><\/figure><figure class='gallery-item'>\r\n            <div class='gallery-icon landscape'>\r\n                <a href='https:\/\/www.supercars.net\/blog\/wp-content\/uploads\/2017\/04\/high_911_carrera_4_gts_2017_porsche_ag-scaled.jpg' class='tipi-lightbox'>\r\n\t\t\t\t<img decoding=\"async\" width=\"2560\" height=\"1443\" src=\"https:\/\/www.supercars.net\/blog\/wp-content\/uploads\/2017\/04\/high_911_carrera_4_gts_2017_porsche_ag-scaled.jpg\" class=\"attachment-full size-full\" alt=\"\" srcset=\"https:\/\/www.supercars.net\/blog\/wp-content\/uploads\/2017\/04\/high_911_carrera_4_gts_2017_porsche_ag-scaled.jpg 2560w, https:\/\/www.supercars.net\/blog\/wp-content\/uploads\/2017\/04\/high_911_carrera_4_gts_2017_porsche_ag-300x169.jpg 300w, https:\/\/www.supercars.net\/blog\/wp-content\/uploads\/2017\/04\/high_911_carrera_4_gts_2017_porsche_ag-1024x577.jpg 1024w, https:\/\/www.supercars.net\/blog\/wp-content\/uploads\/2017\/04\/high_911_carrera_4_gts_2017_porsche_ag-100x56.jpg 100w, https:\/\/www.supercars.net\/blog\/wp-content\/uploads\/2017\/04\/high_911_carrera_4_gts_2017_porsche_ag-770x434.jpg 770w, https:\/\/www.supercars.net\/blog\/wp-content\/uploads\/2017\/04\/high_911_carrera_4_gts_2017_porsche_ag-1536x866.jpg 1536w, https:\/\/www.supercars.net\/blog\/wp-content\/uploads\/2017\/04\/high_911_carrera_4_gts_2017_porsche_ag-2048x1154.jpg 2048w, https:\/\/www.supercars.net\/blog\/wp-content\/uploads\/2017\/04\/high_911_carrera_4_gts_2017_porsche_ag-293x165.jpg 293w, https:\/\/www.supercars.net\/blog\/wp-content\/uploads\/2017\/04\/high_911_carrera_4_gts_2017_porsche_ag-1400x789.jpg 1400w\" sizes=\"(max-width: 2560px) 100vw, 2560px\" \/>\r\n\t\t\t\t<\/a>\r\n            <\/div><\/figure><figure class='gallery-item'>\r\n            <div class='gallery-icon landscape'>\r\n                <a href='https:\/\/www.supercars.net\/blog\/wp-content\/uploads\/2017\/04\/high_911_carrera_4_gts_2017_porsche_ag-3-scaled.jpg' class='tipi-lightbox'>\r\n\t\t\t\t<img decoding=\"async\" width=\"2560\" height=\"1443\" src=\"https:\/\/www.supercars.net\/blog\/wp-content\/uploads\/2017\/04\/high_911_carrera_4_gts_2017_porsche_ag-3-scaled.jpg\" class=\"attachment-full size-full\" alt=\"\" srcset=\"https:\/\/www.supercars.net\/blog\/wp-content\/uploads\/2017\/04\/high_911_carrera_4_gts_2017_porsche_ag-3-scaled.jpg 2560w, https:\/\/www.supercars.net\/blog\/wp-content\/uploads\/2017\/04\/high_911_carrera_4_gts_2017_porsche_ag-3-300x169.jpg 300w, https:\/\/www.supercars.net\/blog\/wp-content\/uploads\/2017\/04\/high_911_carrera_4_gts_2017_porsche_ag-3-1024x577.jpg 1024w, https:\/\/www.supercars.net\/blog\/wp-content\/uploads\/2017\/04\/high_911_carrera_4_gts_2017_porsche_ag-3-100x56.jpg 100w, https:\/\/www.supercars.net\/blog\/wp-content\/uploads\/2017\/04\/high_911_carrera_4_gts_2017_porsche_ag-3-770x434.jpg 770w, https:\/\/www.supercars.net\/blog\/wp-content\/uploads\/2017\/04\/high_911_carrera_4_gts_2017_porsche_ag-3-1536x866.jpg 1536w, https:\/\/www.supercars.net\/blog\/wp-content\/uploads\/2017\/04\/high_911_carrera_4_gts_2017_porsche_ag-3-2048x1154.jpg 2048w, https:\/\/www.supercars.net\/blog\/wp-content\/uploads\/2017\/04\/high_911_carrera_4_gts_2017_porsche_ag-3-293x165.jpg 293w, https:\/\/www.supercars.net\/blog\/wp-content\/uploads\/2017\/04\/high_911_carrera_4_gts_2017_porsche_ag-3-1400x789.jpg 1400w\" sizes=\"(max-width: 2560px) 100vw, 2560px\" \/>\r\n\t\t\t\t<\/a>\r\n            <\/div><\/figure>\n<h2>2017 Porsche 911 Carrera GTS Quick Specs<\/h2>\n<p><strong>Price:<\/strong> $316,600 (man), $323,990 (auto), plus on-road costs<\/p>\n<p><strong>Engine:<\/strong> 3.0-litre horizontally-opposed twin turbo 6-cylinder<\/p>\n<p><strong>Power:<\/strong> 331kW at 6500rpm<\/p>\n<p><strong>Torque:<\/strong> 550Nm at 2150-5000rpm<\/p>\n<p><strong>Transmission:<\/strong> 7-speed twin clutch auto, four-wheel drive<\/p>\n<p><strong>Fuel use:<\/strong> 9.7L\/100km (man), 8.7L\/100km (auto)<\/p>\n<h2>2017 Porsche 911 Carrera GTS&nbsp;Videos<\/h2>\n<p><iframe class=\"zeen-lazy-load-base zeen-lazy-load\" title=\"New Porsche 911 GTS review | Carrera 4 GTS tested | As good as a GT3? | Autocar\" width=\"1200\" height=\"675\" src=\"about:blank\" data-lazy-src=\"https:\/\/www.youtube.com\/embed\/RKD2fNVP7kw?start=241&#038;feature=oembed\" frameborder=\"0\" allow=\"accelerometer; autoplay; clipboard-write; encrypted-media; gyroscope; picture-in-picture; web-share\" allowfullscreen><\/iframe><noscript><iframe title=\"New Porsche 911 GTS review | Carrera 4 GTS tested | As good as a GT3? | Autocar\" width=\"1200\" height=\"675\" src=\"https:\/\/www.youtube.com\/embed\/RKD2fNVP7kw?start=241&#038;feature=oembed\" frameborder=\"0\" allow=\"accelerometer; autoplay; clipboard-write; encrypted-media; gyroscope; picture-in-picture; web-share\" allowfullscreen><\/iframe><\/noscript><\/p>\n<p><iframe class=\"zeen-lazy-load-base zeen-lazy-load\" title=\"Porsche 911 Carrera GTS Review\" width=\"1200\" height=\"675\" src=\"about:blank\" data-lazy-src=\"https:\/\/www.youtube.com\/embed\/TI9_D5HRErw?feature=oembed\" frameborder=\"0\" allow=\"accelerometer; autoplay; clipboard-write; encrypted-media; gyroscope; picture-in-picture; web-share\" allowfullscreen><\/iframe><noscript><iframe title=\"Porsche 911 Carrera GTS Review\" width=\"1200\" height=\"675\" src=\"https:\/\/www.youtube.com\/embed\/TI9_D5HRErw?feature=oembed\" frameborder=\"0\" allow=\"accelerometer; autoplay; clipboard-write; encrypted-media; gyroscope; picture-in-picture; web-share\" allowfullscreen><\/iframe><\/noscript><\/p>\n<p><iframe class=\"zeen-lazy-load-base zeen-lazy-load\" title=\"2017 Porsche 911 Carrera GTS \/ Targa4 GTS Road and Track Review\" width=\"1200\" height=\"675\" src=\"about:blank\" data-lazy-src=\"https:\/\/www.youtube.com\/embed\/zeqEl2Q8q1A?feature=oembed\" frameborder=\"0\" allow=\"accelerometer; autoplay; clipboard-write; encrypted-media; gyroscope; picture-in-picture; web-share\" allowfullscreen><\/iframe><noscript><iframe title=\"2017 Porsche 911 Carrera GTS \/ Targa4 GTS Road and Track Review\" width=\"1200\" height=\"675\" src=\"https:\/\/www.youtube.com\/embed\/zeqEl2Q8q1A?feature=oembed\" frameborder=\"0\" allow=\"accelerometer; autoplay; clipboard-write; encrypted-media; gyroscope; picture-in-picture; web-share\" allowfullscreen><\/iframe><\/noscript><\/p>\n<p>&nbsp;<\/p>\n","protected":false},"excerpt":{"rendered":"<p>No one can blame Porsche for not answering to the individual tastes of their fans with its 911 lineup. With their 911s having regular and wide bodies, coupes and targas having various engines and with each of having two states if tune, also don&#8217;t forget about the choices of two-wheel or four-wheel drive, front-only or all-wheel steering; it&#8217;s easy to be confused with what you are going to want. This leaves us wondering why Porsche has done this. Is it [&hellip;]<\/p>\n","protected":false},"author":10,"featured_media":299345,"comment_status":"closed","ping_status":"closed","sticky":false,"template":"","format":"standard","meta":{"footnotes":""},"categories":[2191,9348,17105,16906],"tags":[18323,6826,13061,17106,89,18837,1790,2659,22691,6577,6559,17108],"class_list":["post-299279","post","type-post","status-publish","format-standard","has-post-thumbnail","hentry","category-2010s","category-guides","category-model-guides-production-cars","category-porsche","tag-2010s-all","tag-2010s-cars","tag-car-profiles","tag-model-guides-production-cars","tag-porsche","tag-porsche-911","tag-porsche-911-991","tag-porsche-911-gts","tag-porsche-model-guides-911-991","tag-porsche-911-model-in-depth","tag-porsche-model-in-depth","tag-porsche-model-guides-production-cars"],"yoast_head":"<!-- This site is optimized with the Yoast SEO plugin v27.5 - https:\/\/yoast.com\/product\/yoast-seo-wordpress\/ -->\n<title>2017 Porsche 911 Carrera GTS<\/title>\n<meta name=\"robots\" content=\"index, follow, max-snippet:-1, max-image-preview:large, max-video-preview:-1\" \/>\n<link rel=\"canonical\" href=\"https:\/\/www.supercars.net\/blog\/2017-porsche-911-carrera-gts\/\" \/>\n<meta property=\"og:locale\" content=\"en_US\" \/>\n<meta property=\"og:type\" content=\"article\" \/>\n<meta property=\"og:title\" content=\"2017 Porsche 911 Carrera GTS\" \/>\n<meta property=\"og:description\" content=\"No one can blame Porsche for not answering to the individual tastes of their fans with its 911 lineup. With their 911s having regular and wide bodies, coupes and targas having various engines and with each of having two states if tune, also don&#8217;t forget about the choices of two-wheel or four-wheel drive, front-only or all-wheel steering; it&#8217;s easy to be confused with what you are going to want. This leaves us wondering why Porsche has done this. Is it [&hellip;]\" \/>\n<meta property=\"og:url\" content=\"https:\/\/www.supercars.net\/blog\/2017-porsche-911-carrera-gts\/\" \/>\n<meta property=\"og:site_name\" content=\"Supercars.net\" \/>\n<meta property=\"article:publisher\" content=\"https:\/\/www.facebook.com\/Supercars.net\/\" \/>\n<meta property=\"article:published_time\" content=\"2017-09-02T10:39:48+00:00\" \/>\n<meta property=\"article:modified_time\" content=\"2024-12-12T20:15:22+00:00\" \/>\n<meta property=\"og:image\" content=\"https:\/\/www.supercars.net\/blog\/wp-content\/uploads\/2017\/04\/2017_porsche_911_gts_carrera_gts-2560x1440.jpg\" \/>\n\t<meta property=\"og:image:width\" content=\"2560\" \/>\n\t<meta property=\"og:image:height\" content=\"1440\" \/>\n\t<meta property=\"og:image:type\" content=\"image\/jpeg\" \/>\n<meta name=\"author\" content=\"Mark Leofe Capayas\" \/>\n<meta name=\"twitter:card\" content=\"summary_large_image\" \/>\n<meta name=\"twitter:creator\" content=\"@supercars_net\" \/>\n<meta name=\"twitter:site\" content=\"@supercars_net\" \/>\n<meta name=\"twitter:label1\" content=\"Written by\" \/>\n\t<meta name=\"twitter:data1\" content=\"Mark Leofe Capayas\" \/>\n\t<meta name=\"twitter:label2\" content=\"Est. reading time\" \/>\n\t<meta name=\"twitter:data2\" content=\"6 minutes\" \/>\n<script type=\"application\/ld+json\" class=\"yoast-schema-graph\">{\"@context\":\"https:\\\/\\\/schema.org\",\"@graph\":[{\"@type\":\"Article\",\"@id\":\"https:\\\/\\\/www.supercars.net\\\/blog\\\/2017-porsche-911-carrera-gts\\\/#article\",\"isPartOf\":{\"@id\":\"https:\\\/\\\/www.supercars.net\\\/blog\\\/2017-porsche-911-carrera-gts\\\/\"},\"author\":{\"name\":\"Mark Leofe Capayas\",\"@id\":\"https:\\\/\\\/www.supercars.net\\\/blog\\\/#\\\/schema\\\/person\\\/257cd15ebb06ba3ddb7fcdcc4316d46b\"},\"headline\":\"2017 Porsche 911 Carrera GTS\",\"datePublished\":\"2017-09-02T10:39:48+00:00\",\"dateModified\":\"2024-12-12T20:15:22+00:00\",\"mainEntityOfPage\":{\"@id\":\"https:\\\/\\\/www.supercars.net\\\/blog\\\/2017-porsche-911-carrera-gts\\\/\"},\"wordCount\":1264,\"image\":{\"@id\":\"https:\\\/\\\/www.supercars.net\\\/blog\\\/2017-porsche-911-carrera-gts\\\/#primaryimage\"},\"thumbnailUrl\":\"https:\\\/\\\/www.supercars.net\\\/blog\\\/wp-content\\\/uploads\\\/2017\\\/04\\\/2017_porsche_911_gts_carrera_gts-2560x1440.jpg\",\"keywords\":[\"2010s All\",\"2010s Cars\",\"Model Guides (All)\",\"Model Guides (Production Cars)\",\"Porsche\",\"Porsche 911\",\"Porsche 911 (991)\",\"Porsche 911 GTS\",\"Porsche Model Guides (911) (991)\",\"Porsche Model Guides (911) (All)\",\"Porsche Model Guides (All)\",\"Porsche Model Guides (Production Cars)\"],\"articleSection\":[\"2010s Cars\",\"Model Guides (All)\",\"Model Guides (Production Cars)\",\"Porsche\"],\"inLanguage\":\"en-US\"},{\"@type\":\"WebPage\",\"@id\":\"https:\\\/\\\/www.supercars.net\\\/blog\\\/2017-porsche-911-carrera-gts\\\/\",\"url\":\"https:\\\/\\\/www.supercars.net\\\/blog\\\/2017-porsche-911-carrera-gts\\\/\",\"name\":\"2017 Porsche 911 Carrera GTS\",\"isPartOf\":{\"@id\":\"https:\\\/\\\/www.supercars.net\\\/blog\\\/#website\"},\"primaryImageOfPage\":{\"@id\":\"https:\\\/\\\/www.supercars.net\\\/blog\\\/2017-porsche-911-carrera-gts\\\/#primaryimage\"},\"image\":{\"@id\":\"https:\\\/\\\/www.supercars.net\\\/blog\\\/2017-porsche-911-carrera-gts\\\/#primaryimage\"},\"thumbnailUrl\":\"https:\\\/\\\/www.supercars.net\\\/blog\\\/wp-content\\\/uploads\\\/2017\\\/04\\\/2017_porsche_911_gts_carrera_gts-2560x1440.jpg\",\"datePublished\":\"2017-09-02T10:39:48+00:00\",\"dateModified\":\"2024-12-12T20:15:22+00:00\",\"author\":{\"@id\":\"https:\\\/\\\/www.supercars.net\\\/blog\\\/#\\\/schema\\\/person\\\/257cd15ebb06ba3ddb7fcdcc4316d46b\"},\"breadcrumb\":{\"@id\":\"https:\\\/\\\/www.supercars.net\\\/blog\\\/2017-porsche-911-carrera-gts\\\/#breadcrumb\"},\"inLanguage\":\"en-US\",\"potentialAction\":[{\"@type\":\"ReadAction\",\"target\":[\"https:\\\/\\\/www.supercars.net\\\/blog\\\/2017-porsche-911-carrera-gts\\\/\"]}]},{\"@type\":\"ImageObject\",\"inLanguage\":\"en-US\",\"@id\":\"https:\\\/\\\/www.supercars.net\\\/blog\\\/2017-porsche-911-carrera-gts\\\/#primaryimage\",\"url\":\"https:\\\/\\\/www.supercars.net\\\/blog\\\/wp-content\\\/uploads\\\/2017\\\/04\\\/2017_porsche_911_gts_carrera_gts-2560x1440.jpg\",\"contentUrl\":\"https:\\\/\\\/www.supercars.net\\\/blog\\\/wp-content\\\/uploads\\\/2017\\\/04\\\/2017_porsche_911_gts_carrera_gts-2560x1440.jpg\",\"width\":2560,\"height\":1440,\"caption\":\"2017_porsche_911_gts_carrera_gts-2560x1440\"},{\"@type\":\"BreadcrumbList\",\"@id\":\"https:\\\/\\\/www.supercars.net\\\/blog\\\/2017-porsche-911-carrera-gts\\\/#breadcrumb\",\"itemListElement\":[{\"@type\":\"ListItem\",\"position\":1,\"name\":\"Home\",\"item\":\"https:\\\/\\\/www.supercars.net\\\/blog\\\/\"},{\"@type\":\"ListItem\",\"position\":2,\"name\":\"2017 Porsche 911 Carrera GTS\"}]},{\"@type\":\"WebSite\",\"@id\":\"https:\\\/\\\/www.supercars.net\\\/blog\\\/#website\",\"url\":\"https:\\\/\\\/www.supercars.net\\\/blog\\\/\",\"name\":\"Supercars.net\",\"description\":\"Exotic and Supercar news, information, pictures and videos\",\"potentialAction\":[{\"@type\":\"SearchAction\",\"target\":{\"@type\":\"EntryPoint\",\"urlTemplate\":\"https:\\\/\\\/www.supercars.net\\\/blog\\\/?s={search_term_string}\"},\"query-input\":{\"@type\":\"PropertyValueSpecification\",\"valueRequired\":true,\"valueName\":\"search_term_string\"}}],\"inLanguage\":\"en-US\"},{\"@type\":\"Person\",\"@id\":\"https:\\\/\\\/www.supercars.net\\\/blog\\\/#\\\/schema\\\/person\\\/257cd15ebb06ba3ddb7fcdcc4316d46b\",\"name\":\"Mark Leofe Capayas\",\"image\":{\"@type\":\"ImageObject\",\"inLanguage\":\"en-US\",\"@id\":\"https:\\\/\\\/www.supercars.net\\\/blog\\\/wp-content\\\/uploads\\\/2023\\\/10\\\/1-1-293x293.jpg\",\"url\":\"https:\\\/\\\/www.supercars.net\\\/blog\\\/wp-content\\\/uploads\\\/2023\\\/10\\\/1-1-293x293.jpg\",\"contentUrl\":\"https:\\\/\\\/www.supercars.net\\\/blog\\\/wp-content\\\/uploads\\\/2023\\\/10\\\/1-1-293x293.jpg\",\"caption\":\"Mark Leofe Capayas\"},\"description\":\"Mark is a lifelong car fan with an insatiable hunger for speed and precision, immersing himself in the exhilarating realm of supercars and hypercars. Every day, he finds himself lost in the symphony of roaring engines, the allure of sleek aerodynamics, and the intricate tales of engineering prowess. From the racing circuits of Monaco to the opulent showrooms of Dubai, he chases every rumble, every gleam, and every innovation, ensuring no detail of these mechanical marvels escapes his keen eye. His obsession doesn't merely lie in their breathtaking speed but in the stories they tell, the legacy they carry, and the passion they ignite.\",\"url\":\"https:\\\/\\\/www.supercars.net\\\/blog\\\/author\\\/marklc\\\/\"}]}<\/script>\n<!-- \/ Yoast SEO plugin. -->","yoast_head_json":{"title":"2017 Porsche 911 Carrera GTS","robots":{"index":"index","follow":"follow","max-snippet":"max-snippet:-1","max-image-preview":"max-image-preview:large","max-video-preview":"max-video-preview:-1"},"canonical":"https:\/\/www.supercars.net\/blog\/2017-porsche-911-carrera-gts\/","og_locale":"en_US","og_type":"article","og_title":"2017 Porsche 911 Carrera GTS","og_description":"No one can blame Porsche for not answering to the individual tastes of their fans with its 911 lineup. With their 911s having regular and wide bodies, coupes and targas having various engines and with each of having two states if tune, also don&#8217;t forget about the choices of two-wheel or four-wheel drive, front-only or all-wheel steering; it&#8217;s easy to be confused with what you are going to want. This leaves us wondering why Porsche has done this. Is it [&hellip;]","og_url":"https:\/\/www.supercars.net\/blog\/2017-porsche-911-carrera-gts\/","og_site_name":"Supercars.net","article_publisher":"https:\/\/www.facebook.com\/Supercars.net\/","article_published_time":"2017-09-02T10:39:48+00:00","article_modified_time":"2024-12-12T20:15:22+00:00","og_image":[{"width":2560,"height":1440,"url":"https:\/\/www.supercars.net\/blog\/wp-content\/uploads\/2017\/04\/2017_porsche_911_gts_carrera_gts-2560x1440.jpg","type":"image\/jpeg"}],"author":"Mark Leofe Capayas","twitter_card":"summary_large_image","twitter_creator":"@supercars_net","twitter_site":"@supercars_net","twitter_misc":{"Written by":"Mark Leofe Capayas","Est. reading time":"6 minutes"},"schema":{"@context":"https:\/\/schema.org","@graph":[{"@type":"Article","@id":"https:\/\/www.supercars.net\/blog\/2017-porsche-911-carrera-gts\/#article","isPartOf":{"@id":"https:\/\/www.supercars.net\/blog\/2017-porsche-911-carrera-gts\/"},"author":{"name":"Mark Leofe Capayas","@id":"https:\/\/www.supercars.net\/blog\/#\/schema\/person\/257cd15ebb06ba3ddb7fcdcc4316d46b"},"headline":"2017 Porsche 911 Carrera GTS","datePublished":"2017-09-02T10:39:48+00:00","dateModified":"2024-12-12T20:15:22+00:00","mainEntityOfPage":{"@id":"https:\/\/www.supercars.net\/blog\/2017-porsche-911-carrera-gts\/"},"wordCount":1264,"image":{"@id":"https:\/\/www.supercars.net\/blog\/2017-porsche-911-carrera-gts\/#primaryimage"},"thumbnailUrl":"https:\/\/www.supercars.net\/blog\/wp-content\/uploads\/2017\/04\/2017_porsche_911_gts_carrera_gts-2560x1440.jpg","keywords":["2010s All","2010s Cars","Model Guides (All)","Model Guides (Production Cars)","Porsche","Porsche 911","Porsche 911 (991)","Porsche 911 GTS","Porsche Model Guides (911) (991)","Porsche Model Guides (911) (All)","Porsche Model Guides (All)","Porsche Model Guides (Production Cars)"],"articleSection":["2010s Cars","Model Guides (All)","Model Guides (Production Cars)","Porsche"],"inLanguage":"en-US"},{"@type":"WebPage","@id":"https:\/\/www.supercars.net\/blog\/2017-porsche-911-carrera-gts\/","url":"https:\/\/www.supercars.net\/blog\/2017-porsche-911-carrera-gts\/","name":"2017 Porsche 911 Carrera GTS","isPartOf":{"@id":"https:\/\/www.supercars.net\/blog\/#website"},"primaryImageOfPage":{"@id":"https:\/\/www.supercars.net\/blog\/2017-porsche-911-carrera-gts\/#primaryimage"},"image":{"@id":"https:\/\/www.supercars.net\/blog\/2017-porsche-911-carrera-gts\/#primaryimage"},"thumbnailUrl":"https:\/\/www.supercars.net\/blog\/wp-content\/uploads\/2017\/04\/2017_porsche_911_gts_carrera_gts-2560x1440.jpg","datePublished":"2017-09-02T10:39:48+00:00","dateModified":"2024-12-12T20:15:22+00:00","author":{"@id":"https:\/\/www.supercars.net\/blog\/#\/schema\/person\/257cd15ebb06ba3ddb7fcdcc4316d46b"},"breadcrumb":{"@id":"https:\/\/www.supercars.net\/blog\/2017-porsche-911-carrera-gts\/#breadcrumb"},"inLanguage":"en-US","potentialAction":[{"@type":"ReadAction","target":["https:\/\/www.supercars.net\/blog\/2017-porsche-911-carrera-gts\/"]}]},{"@type":"ImageObject","inLanguage":"en-US","@id":"https:\/\/www.supercars.net\/blog\/2017-porsche-911-carrera-gts\/#primaryimage","url":"https:\/\/www.supercars.net\/blog\/wp-content\/uploads\/2017\/04\/2017_porsche_911_gts_carrera_gts-2560x1440.jpg","contentUrl":"https:\/\/www.supercars.net\/blog\/wp-content\/uploads\/2017\/04\/2017_porsche_911_gts_carrera_gts-2560x1440.jpg","width":2560,"height":1440,"caption":"2017_porsche_911_gts_carrera_gts-2560x1440"},{"@type":"BreadcrumbList","@id":"https:\/\/www.supercars.net\/blog\/2017-porsche-911-carrera-gts\/#breadcrumb","itemListElement":[{"@type":"ListItem","position":1,"name":"Home","item":"https:\/\/www.supercars.net\/blog\/"},{"@type":"ListItem","position":2,"name":"2017 Porsche 911 Carrera GTS"}]},{"@type":"WebSite","@id":"https:\/\/www.supercars.net\/blog\/#website","url":"https:\/\/www.supercars.net\/blog\/","name":"Supercars.net","description":"Exotic and Supercar news, information, pictures and videos","potentialAction":[{"@type":"SearchAction","target":{"@type":"EntryPoint","urlTemplate":"https:\/\/www.supercars.net\/blog\/?s={search_term_string}"},"query-input":{"@type":"PropertyValueSpecification","valueRequired":true,"valueName":"search_term_string"}}],"inLanguage":"en-US"},{"@type":"Person","@id":"https:\/\/www.supercars.net\/blog\/#\/schema\/person\/257cd15ebb06ba3ddb7fcdcc4316d46b","name":"Mark Leofe Capayas","image":{"@type":"ImageObject","inLanguage":"en-US","@id":"https:\/\/www.supercars.net\/blog\/wp-content\/uploads\/2023\/10\/1-1-293x293.jpg","url":"https:\/\/www.supercars.net\/blog\/wp-content\/uploads\/2023\/10\/1-1-293x293.jpg","contentUrl":"https:\/\/www.supercars.net\/blog\/wp-content\/uploads\/2023\/10\/1-1-293x293.jpg","caption":"Mark Leofe Capayas"},"description":"Mark is a lifelong car fan with an insatiable hunger for speed and precision, immersing himself in the exhilarating realm of supercars and hypercars. Every day, he finds himself lost in the symphony of roaring engines, the allure of sleek aerodynamics, and the intricate tales of engineering prowess. From the racing circuits of Monaco to the opulent showrooms of Dubai, he chases every rumble, every gleam, and every innovation, ensuring no detail of these mechanical marvels escapes his keen eye. His obsession doesn't merely lie in their breathtaking speed but in the stories they tell, the legacy they carry, and the passion they ignite.","url":"https:\/\/www.supercars.net\/blog\/author\/marklc\/"}]}},"_links":{"self":[{"href":"https:\/\/www.supercars.net\/blog\/wp-json\/wp\/v2\/posts\/299279","targetHints":{"allow":["GET"]}}],"collection":[{"href":"https:\/\/www.supercars.net\/blog\/wp-json\/wp\/v2\/posts"}],"about":[{"href":"https:\/\/www.supercars.net\/blog\/wp-json\/wp\/v2\/types\/post"}],"author":[{"embeddable":true,"href":"https:\/\/www.supercars.net\/blog\/wp-json\/wp\/v2\/users\/10"}],"replies":[{"embeddable":true,"href":"https:\/\/www.supercars.net\/blog\/wp-json\/wp\/v2\/comments?post=299279"}],"version-history":[{"count":0,"href":"https:\/\/www.supercars.net\/blog\/wp-json\/wp\/v2\/posts\/299279\/revisions"}],"wp:featuredmedia":[{"embeddable":true,"href":"https:\/\/www.supercars.net\/blog\/wp-json\/wp\/v2\/media\/299345"}],"wp:attachment":[{"href":"https:\/\/www.supercars.net\/blog\/wp-json\/wp\/v2\/media?parent=299279"}],"wp:term":[{"taxonomy":"category","embeddable":true,"href":"https:\/\/www.supercars.net\/blog\/wp-json\/wp\/v2\/categories?post=299279"},{"taxonomy":"post_tag","embeddable":true,"href":"https:\/\/www.supercars.net\/blog\/wp-json\/wp\/v2\/tags?post=299279"}],"curies":[{"name":"wp","href":"https:\/\/api.w.org\/{rel}","templated":true}]}}