{"id":369864,"date":"2012-07-17T08:00:35","date_gmt":"2012-07-17T08:00:35","guid":{"rendered":"https:\/\/sportscardigest.com\/?p=42100"},"modified":"2024-01-12T13:47:06","modified_gmt":"2024-01-12T13:47:06","slug":"spa-summer-classic-2012-report-and-photos","status":"publish","type":"post","link":"https:\/\/www.supercars.net\/blog\/spa-summer-classic-2012-report-and-photos\/","title":{"rendered":"Spa Classic (Summer) (2012) &#8211; Recap &#038; Photo Gallery"},"content":{"rendered":"<p>Report and photos by Marcel Hundscheid<\/p>\n<p>The Belgian Roadbook organisation produced the 2012 Spa Summer Classic during the weekend of June 15th, 16th and 17th. Participants and spectators were treated with some vast grids featuring historic single seaters, sports cars, GT\u2019s and touring cars. Weather conditions during the event changed from autumn like grey and rainy on Friday and Saturday to nice and warm on Sunday, typically for the Spa region. Eleven different grids were presented featuring club racing from France and the UK as national historic championships from both Belgium and the Netherlands.<\/p>\n<h2 style=\"text-align: center;\"><strong>Belgian Historic Cup<\/strong><\/h2>\n<p>The BRAVO (Belgian Racing Automobile Vintage Organisation) has been existing for over thirty years. Since 2008 BRAVO set up a national historic championship known as Belgian Historic Cup, featuring events for historic cars in Belgium. The Belgian Historic Cup is divided into four different categories:<\/p>\n<p>Class 1 \/ HTP Historics (cars built up until end 1976, entirely original or with an adaptation according tot FIA homologation)<br \/>\nClass 2 \/ National Historics (cars up until end 1976)<br \/>\nClass 3 \/ Classics (cars built op until end 1976, according to appendix K)<br \/>\nClass 5 \/ Guests<\/p>\n<p>Belgian driver Jan van Elderen scored a perfect weekend winning both races on Saturday and Sunday in his 1978 Porsche 911RS. In the end he dominated both races without any threat from his fellow competitors. On Saturday Dirk van Rompuy finished second in a 1977 2.4 Opel Kadett GTE, followed by his brother Tom van Rompuy in a 1977 2.0 Opel Kadett GTE. Jeremy Knight scored a second place on Sunday in his 1978 Morgan +8, Bert Smeets finished third in his 1970 Dodge Challenger.<\/p>\n<h2 style=\"text-align: center;\"><strong>Formula Ford Historic and F3 1000cc Historic<\/strong><\/h2>\n<p>A combined grid of historic Formula Fords and Historic 1000 cc F3 cars brought no less than 51 cars to the Ardennes. The historic Formula Ford Challenge France was established in 2003 presenting Formula Ford cars between 1967 and 1981. The tiny cars are still in their original configuration as no technical changes are allowed, using a Ford 1600 Kent engine from that particular period. Cars from the very first generation of Formula 3 are gathered in the Historic F3 1000cc Trophy. The serie is open to every F3 1000cc built between 1.1.1964 and 31.12.1970. Some strong battles were fought in the Formula Ford Historic but it was Pierre-Alain Lombardi from France winning both races on Saturday and Sunday in his 1978 Lola T540. In F3 1000cc Historic it was Paul McMorran scoring victory on Saturday in a 1973 Crossle 25F. On Sunday it was Thiery Galo crossing the finish line first in a 1971 Merlyn Mk 20A.<\/p>\n<h2 style=\"text-align: center;\"><strong>Spa Ardennes Challenge \u2013 Asav\u00e9 Challenge GT Tourisme \u2013 Crossl\u00e9 Challenge<\/strong><\/h2>\n<p>Longest race of the event was presented in three combined grids, featuring a ninety minute race on Sunday seeing sixty one cars on the entry list. The Spa Ardennes Challenge is open to a great variety of cars such as Ford GT40, Aston Martin DB4 and DB5, Porsche 911, Ford Escort, Sunbeam Tiger etc. The French Challenge Asav\u00e9 GT\/Tourisme Historique was established in 2002 and is open to GT\u2019s and touring cars between 1947 and 1976. The Crossl\u00e9 Challenge is open to Crossl\u00e9 build sports cars. Swiss driver Kaspar Huggenburg scored an overall victory in the event in a 1966 Crossl\u00e9 9S. Second place was claimed by Briton\u2019s Cal Hatherwood and Geoff McConville in a same car. German drivers Georg Nolte and Frank Stippler finished third in a splendid looking 1965 Ford GT40.<\/p>\n<h2 style=\"text-align: center;\"><strong>Troph\u00e9e Formule Ford Kent \/ Formule Zetec<\/strong><\/h2>\n<p>If you own a Formula Ford built before 1993 you can participate in the French Troph\u00e9e Formule Ford Kent. As France doesn\u2019t have a national championship for Formula Ford the idea was created to offer drivers a series open to Formula Ford Zetec cars, powered by the Ford Duratec 1600 engine. Manuel Beguinot drove two lonely races as no other driver could get near his 1989 Van Diemen. The French driver scored two victories as he dominated both races. Second places were scored by Jo Zosso from Switzerland in a Tattuus and Benoit Cosi in a 1990 Van Diemen. Michel Paganin scored two consecutive third places in his 1990 Van Diemen.<\/p>\n<h2 style=\"text-align: center;\"><strong>Classic Sports Car Club Swinging Sixties<\/strong><\/h2>\n<p>In 2001 the Classic Sports Car Club was established by enthusiast racers who wanted to offer low budget racing. The series welcomes sports cars, touring cars and GT\u2019s from the sixties. The Classic Sports Car Club travels throughout Europe and ran on the Daytona race track in the USA. Briton Luke Woss scored two crushing victories in a Chevrolet Corvette. Mark Campbell from the UK claimed second place in a Triumph TR5, David Thomas finished third in a Ford Capri Mk.1 during Saturday\u2019s race, on Sunday he finished third. Second place on Sunday was claimed by Christian Marx in a Triump TR4.<\/p>\n<h2 style=\"text-align: center;\"><strong>Classic Sports Cars Inter Series Cup<\/strong><\/h2>\n<p>Part of the in 2001 established Classic Sports Car Club is the Inter Series Cup, open to five different categories. Mentioned above is the Swinging Sixties category, Tin Tops are open to original cars from the Mini Cooper S to the quite modern Honda Civic Type R. Owners of a Future Classic, cars from the 70s and 80s are welcome as well as Magnificient Sevens (Caterhams, Lotus, Seven, Westfield, Dax etc). Fifth and final category are Deutsche Marques, if it\u2019s German from 1990 or later then these cars are also welcome. Three Caterhams really set the pace on Saturday as well as on Sunday. In the end Briton James Sharrock claimed victory winning both races in his Caterham CSR. Jonathan Gibbs scored a second and third place in a Caterham C400. Anthony Bennet drove his Caterham R300 to a third and second place during the weekend.<\/p>\n<h2 style=\"text-align: center;\"><strong>Sports 2000<\/strong><\/h2>\n<p>The Sports 2000 Racing Car Club is open to Sports 2000 owners running cars powered by Duratec and Pinto engines. Besides these cars historic Sports 2000 are allowed as cars have to be built before December 31st 1982, using a standard Ford 2000cc engine. Patrick Sherrington drove to lonely races as no one couldn\u2019t match his performace driving a MCR-Duractec. The Briton won both races on Saturday and Sunday. Fellow country man Paul Tickner finished second in both races driving a Carbir CS2. Peter Williams (MCR-Duratec) and David Croft (Gun TS11) both scored third places.<\/p>\n<h2 style=\"text-align: center;\"><strong>Monoposto Racing Club \u2013 F3 Cup<\/strong><\/h2>\n<p style=\"text-align: left;\">The Monoposto Racing Club and MSV F3 Cup combined their entries to a large field of single seater cars. The Monoposto Racing Club is open to a.o. Anson SA4, Dallara F300, Dallara F393, Jamun M97Z, Jedi Mk6, Mygale Novis, OMS 2000M, Ralt RT3, Ray GR2002, Reynard 903, Swift SC97Z,Vauxhall and Lotus monopostos, owned by amateur drivers. In the F3 Cup drivers of modern Dallara\u2019s, Lola etc. Drivers from the F3 Cup were fastest during both races. Alex Lynn claimed two victories in a Dallara F302, in front of Aaron Steele (Dallara F304). Robbie Watts (Dallara F306) and Chris Needham (Dallara F302) finished third respectively on Saturday and Sunday.<\/p>\n<h2 style=\"text-align: center;\"><strong>Troph\u00e9e Maxi 1000 \u2013 Groupe 1 \u2013 Troph\u00e9e Lotus<\/strong><\/h2>\n<p>Three combined grid of the French Toph\u00e9e Maxi 1000, Group 1 and Troph\u00e9e Lotus brought no less than 67 cars to Spa. The Troph\u00e9e Maxi 1000 is open to small 1000cc cars as Groupe 1 features a lot of different European brands and types between 1968 and 1975. Troph\u00e9e Lotus is open to different types from the Lotus brand. A single sixty one minute race was held on Saturday won by Florent Lenisa in a Lotus Seven. Pierre Buffet finished second (Lotus Seven), Philippe Gaso finished third.<\/p>\n<h2 style=\"text-align: center;\"><strong>Historic Racing Drivers Club<\/strong><\/h2>\n<p>Owners of a Pre \u201960 Touring Car or Grand Touring Car found their way to the mythic Ardennes track. Michael Withaker dominated the single race in a 1965 splendid TVR Griffiths, finishing way up in front of Guillaume and Gregoire Colinet in a 1970 Alfa Romeo 2000 GTAm. Historic ace Andy Newall finished third in a 1963 MGB Roadster Works.<\/p>\n<h2 style=\"text-align: center;\"><strong>NK HTGT<\/strong><\/h2>\n<p>The Dutch Championship for Touring and GT cars from the period 1947 to 1965 appeared during two races. Belgian driver Christophe van Riet drove his 1965 Lotus Elan to victory on Saturday, as Rob Bergmans did the same on Sunday in a 1965 Iso Rivolta.<\/p>\n<p>Just like former editions of the Spa Summer Classic, it was an event not to be missed, especially for fans of historic motorsports. We\u2019re looking forward to the forthcoming 20th anniversary of the legendary Spa 6 Hours, as usual organised by the Roadbook organisation in September.<\/p>\n<p>[Source: Marcel Hundscheid]<\/p>\n","protected":false},"excerpt":{"rendered":"<p>Report and photos by Marcel Hundscheid The Belgian Roadbook organisation produced the 2012 Spa Summer Classic during the weekend of June 15th, 16th and 17th. Participants and spectators were treated with some vast grids featuring historic single seaters, sports cars, GT\u2019s and touring cars. Weather conditions during the event changed from autumn like grey and rainy on Friday and Saturday to nice and warm on Sunday, typically for the Spa region. Eleven different grids were presented featuring club racing from [&hellip;]<\/p>\n","protected":false},"author":114,"featured_media":560590,"comment_status":"open","ping_status":"closed","sticky":false,"template":"","format":"standard","meta":{"footnotes":""},"categories":[260,13063],"tags":[432,15234,504,17628],"class_list":["post-369864","post","type-post","status-publish","format-standard","has-post-thumbnail","hentry","category-car-events","category-vintage-car-racing","tag-events","tag-events-vintage-racing","tag-spa","tag-vintage-race-spa-classic"],"yoast_head":"<!-- This site is optimized with the Yoast SEO plugin v27.4 - https:\/\/yoast.com\/product\/yoast-seo-wordpress\/ -->\n<title>Spa Summer Classic 2012 - Report, Results, Photos<\/title>\n<meta name=\"description\" content=\"Report, results and photo gallery from the 2012 Spa Summer Classic historic car race, held June 15-17 at Spa-Francorchamps track in Belgium.\" \/>\n<meta name=\"robots\" content=\"index, follow, max-snippet:-1, max-image-preview:large, max-video-preview:-1\" \/>\n<link rel=\"canonical\" href=\"https:\/\/www.supercars.net\/blog\/spa-summer-classic-2012-report-and-photos\/\" \/>\n<meta property=\"og:locale\" content=\"en_US\" \/>\n<meta property=\"og:type\" content=\"article\" \/>\n<meta property=\"og:title\" content=\"Spa Summer Classic 2012 - Report, Results, Photos\" \/>\n<meta property=\"og:description\" content=\"Report, results and photo gallery from the 2012 Spa Summer Classic historic car race, held June 15-17 at Spa-Francorchamps track in Belgium.\" \/>\n<meta property=\"og:url\" content=\"https:\/\/www.supercars.net\/blog\/spa-summer-classic-2012-report-and-photos\/\" \/>\n<meta property=\"og:site_name\" content=\"Supercars.net\" \/>\n<meta property=\"article:publisher\" content=\"https:\/\/www.facebook.com\/Supercars.net\/\" \/>\n<meta property=\"article:published_time\" content=\"2012-07-17T08:00:35+00:00\" \/>\n<meta property=\"article:modified_time\" content=\"2024-01-12T13:47:06+00:00\" \/>\n<meta property=\"og:image\" content=\"https:\/\/www.supercars.net\/blog\/wp-content\/uploads\/2012\/07\/Spa-Summer-Classic-v1.jpg\" \/>\n\t<meta property=\"og:image:width\" content=\"690\" \/>\n\t<meta property=\"og:image:height\" content=\"280\" \/>\n\t<meta property=\"og:image:type\" content=\"image\/jpeg\" \/>\n<meta name=\"author\" content=\"Marcel Hundscheid\" \/>\n<meta name=\"twitter:card\" content=\"summary_large_image\" \/>\n<meta name=\"twitter:creator\" content=\"@supercars_net\" \/>\n<meta name=\"twitter:site\" content=\"@supercars_net\" \/>\n<meta name=\"twitter:label1\" content=\"Written by\" \/>\n\t<meta name=\"twitter:data1\" content=\"Marcel Hundscheid\" \/>\n\t<meta name=\"twitter:label2\" content=\"Est. reading time\" \/>\n\t<meta name=\"twitter:data2\" content=\"7 minutes\" \/>\n<script type=\"application\/ld+json\" class=\"yoast-schema-graph\">{\"@context\":\"https:\\\/\\\/schema.org\",\"@graph\":[{\"@type\":\"Article\",\"@id\":\"https:\\\/\\\/www.supercars.net\\\/blog\\\/spa-summer-classic-2012-report-and-photos\\\/#article\",\"isPartOf\":{\"@id\":\"https:\\\/\\\/www.supercars.net\\\/blog\\\/spa-summer-classic-2012-report-and-photos\\\/\"},\"author\":{\"name\":\"Marcel Hundscheid\",\"@id\":\"https:\\\/\\\/www.supercars.net\\\/blog\\\/#\\\/schema\\\/person\\\/95c54fda74e33697a8b8ba18b47debcd\"},\"headline\":\"Spa Classic (Summer) (2012) &#8211; Recap &#038; Photo Gallery\",\"datePublished\":\"2012-07-17T08:00:35+00:00\",\"dateModified\":\"2024-01-12T13:47:06+00:00\",\"mainEntityOfPage\":{\"@id\":\"https:\\\/\\\/www.supercars.net\\\/blog\\\/spa-summer-classic-2012-report-and-photos\\\/\"},\"wordCount\":1382,\"commentCount\":0,\"image\":{\"@id\":\"https:\\\/\\\/www.supercars.net\\\/blog\\\/spa-summer-classic-2012-report-and-photos\\\/#primaryimage\"},\"thumbnailUrl\":\"https:\\\/\\\/www.supercars.net\\\/blog\\\/wp-content\\\/uploads\\\/2012\\\/07\\\/Spa-Summer-Classic-v1.jpg\",\"keywords\":[\"Event (Car Events &amp; Shows)\",\"Event (Vintage Races)\",\"Racetrack (Spa-Francorchamps)\",\"Vintage Race (Spa Classic)\"],\"articleSection\":[\"Car Events &amp; Shows\",\"Vintage Races &amp; Rallies\"],\"inLanguage\":\"en-US\",\"potentialAction\":[{\"@type\":\"CommentAction\",\"name\":\"Comment\",\"target\":[\"https:\\\/\\\/www.supercars.net\\\/blog\\\/spa-summer-classic-2012-report-and-photos\\\/#respond\"]}]},{\"@type\":\"WebPage\",\"@id\":\"https:\\\/\\\/www.supercars.net\\\/blog\\\/spa-summer-classic-2012-report-and-photos\\\/\",\"url\":\"https:\\\/\\\/www.supercars.net\\\/blog\\\/spa-summer-classic-2012-report-and-photos\\\/\",\"name\":\"Spa Summer Classic 2012 - Report, Results, Photos\",\"isPartOf\":{\"@id\":\"https:\\\/\\\/www.supercars.net\\\/blog\\\/#website\"},\"primaryImageOfPage\":{\"@id\":\"https:\\\/\\\/www.supercars.net\\\/blog\\\/spa-summer-classic-2012-report-and-photos\\\/#primaryimage\"},\"image\":{\"@id\":\"https:\\\/\\\/www.supercars.net\\\/blog\\\/spa-summer-classic-2012-report-and-photos\\\/#primaryimage\"},\"thumbnailUrl\":\"https:\\\/\\\/www.supercars.net\\\/blog\\\/wp-content\\\/uploads\\\/2012\\\/07\\\/Spa-Summer-Classic-v1.jpg\",\"datePublished\":\"2012-07-17T08:00:35+00:00\",\"dateModified\":\"2024-01-12T13:47:06+00:00\",\"author\":{\"@id\":\"https:\\\/\\\/www.supercars.net\\\/blog\\\/#\\\/schema\\\/person\\\/95c54fda74e33697a8b8ba18b47debcd\"},\"description\":\"Report, results and photo gallery from the 2012 Spa Summer Classic historic car race, held June 15-17 at Spa-Francorchamps track in Belgium.\",\"breadcrumb\":{\"@id\":\"https:\\\/\\\/www.supercars.net\\\/blog\\\/spa-summer-classic-2012-report-and-photos\\\/#breadcrumb\"},\"inLanguage\":\"en-US\",\"potentialAction\":[{\"@type\":\"ReadAction\",\"target\":[\"https:\\\/\\\/www.supercars.net\\\/blog\\\/spa-summer-classic-2012-report-and-photos\\\/\"]}]},{\"@type\":\"ImageObject\",\"inLanguage\":\"en-US\",\"@id\":\"https:\\\/\\\/www.supercars.net\\\/blog\\\/spa-summer-classic-2012-report-and-photos\\\/#primaryimage\",\"url\":\"https:\\\/\\\/www.supercars.net\\\/blog\\\/wp-content\\\/uploads\\\/2012\\\/07\\\/Spa-Summer-Classic-v1.jpg\",\"contentUrl\":\"https:\\\/\\\/www.supercars.net\\\/blog\\\/wp-content\\\/uploads\\\/2012\\\/07\\\/Spa-Summer-Classic-v1.jpg\",\"width\":690,\"height\":280,\"caption\":\"Porsche 934_Audrey van Ham\"},{\"@type\":\"BreadcrumbList\",\"@id\":\"https:\\\/\\\/www.supercars.net\\\/blog\\\/spa-summer-classic-2012-report-and-photos\\\/#breadcrumb\",\"itemListElement\":[{\"@type\":\"ListItem\",\"position\":1,\"name\":\"Home\",\"item\":\"https:\\\/\\\/www.supercars.net\\\/blog\\\/\"},{\"@type\":\"ListItem\",\"position\":2,\"name\":\"Spa Classic (Summer) (2012) &#8211; Recap &#038; Photo Gallery\"}]},{\"@type\":\"WebSite\",\"@id\":\"https:\\\/\\\/www.supercars.net\\\/blog\\\/#website\",\"url\":\"https:\\\/\\\/www.supercars.net\\\/blog\\\/\",\"name\":\"Supercars.net\",\"description\":\"Exotic and Supercar news, information, pictures and videos\",\"potentialAction\":[{\"@type\":\"SearchAction\",\"target\":{\"@type\":\"EntryPoint\",\"urlTemplate\":\"https:\\\/\\\/www.supercars.net\\\/blog\\\/?s={search_term_string}\"},\"query-input\":{\"@type\":\"PropertyValueSpecification\",\"valueRequired\":true,\"valueName\":\"search_term_string\"}}],\"inLanguage\":\"en-US\"},{\"@type\":\"Person\",\"@id\":\"https:\\\/\\\/www.supercars.net\\\/blog\\\/#\\\/schema\\\/person\\\/95c54fda74e33697a8b8ba18b47debcd\",\"name\":\"Marcel Hundscheid\",\"image\":{\"@type\":\"ImageObject\",\"inLanguage\":\"en-US\",\"@id\":\"https:\\\/\\\/www.supercars.net\\\/blog\\\/wp-content\\\/uploads\\\/2023\\\/10\\\/Marcel-Hundscheid-293x293.png\",\"url\":\"https:\\\/\\\/www.supercars.net\\\/blog\\\/wp-content\\\/uploads\\\/2023\\\/10\\\/Marcel-Hundscheid-293x293.png\",\"contentUrl\":\"https:\\\/\\\/www.supercars.net\\\/blog\\\/wp-content\\\/uploads\\\/2023\\\/10\\\/Marcel-Hundscheid-293x293.png\",\"caption\":\"Marcel Hundscheid\"},\"description\":\"Marcel Hundscheid hails from the very south of the Netherlands, just 10 minutes away from the German border and about 20 minutes from the Belgian border. His start with photography in 1983 focused on military aviation, continuing with aviation photography until 2006. In that year Marcel started photographing motorsports, and since February 2009, he started his own company Speed-O-Graphica providing motorsports photography to teams, drivers, media and customers. He also works as a motorsports editor for the Dutch general sports news website Sportdome.nl, one of the largest sports news communitys in the Netherlands. Besides his work as a motorsports photographer and editor, Marcel works full-time as an IT specialist. He is married with a young daughter.\",\"url\":\"https:\\\/\\\/www.supercars.net\\\/blog\\\/author\\\/marcel-hundscheid\\\/\"}]}<\/script>\n<!-- \/ Yoast SEO plugin. -->","yoast_head_json":{"title":"Spa Summer Classic 2012 - Report, Results, Photos","description":"Report, results and photo gallery from the 2012 Spa Summer Classic historic car race, held June 15-17 at Spa-Francorchamps track in Belgium.","robots":{"index":"index","follow":"follow","max-snippet":"max-snippet:-1","max-image-preview":"max-image-preview:large","max-video-preview":"max-video-preview:-1"},"canonical":"https:\/\/www.supercars.net\/blog\/spa-summer-classic-2012-report-and-photos\/","og_locale":"en_US","og_type":"article","og_title":"Spa Summer Classic 2012 - Report, Results, Photos","og_description":"Report, results and photo gallery from the 2012 Spa Summer Classic historic car race, held June 15-17 at Spa-Francorchamps track in Belgium.","og_url":"https:\/\/www.supercars.net\/blog\/spa-summer-classic-2012-report-and-photos\/","og_site_name":"Supercars.net","article_publisher":"https:\/\/www.facebook.com\/Supercars.net\/","article_published_time":"2012-07-17T08:00:35+00:00","article_modified_time":"2024-01-12T13:47:06+00:00","og_image":[{"width":690,"height":280,"url":"https:\/\/www.supercars.net\/blog\/wp-content\/uploads\/2012\/07\/Spa-Summer-Classic-v1.jpg","type":"image\/jpeg"}],"author":"Marcel Hundscheid","twitter_card":"summary_large_image","twitter_creator":"@supercars_net","twitter_site":"@supercars_net","twitter_misc":{"Written by":"Marcel Hundscheid","Est. reading time":"7 minutes"},"schema":{"@context":"https:\/\/schema.org","@graph":[{"@type":"Article","@id":"https:\/\/www.supercars.net\/blog\/spa-summer-classic-2012-report-and-photos\/#article","isPartOf":{"@id":"https:\/\/www.supercars.net\/blog\/spa-summer-classic-2012-report-and-photos\/"},"author":{"name":"Marcel Hundscheid","@id":"https:\/\/www.supercars.net\/blog\/#\/schema\/person\/95c54fda74e33697a8b8ba18b47debcd"},"headline":"Spa Classic (Summer) (2012) &#8211; Recap &#038; Photo Gallery","datePublished":"2012-07-17T08:00:35+00:00","dateModified":"2024-01-12T13:47:06+00:00","mainEntityOfPage":{"@id":"https:\/\/www.supercars.net\/blog\/spa-summer-classic-2012-report-and-photos\/"},"wordCount":1382,"commentCount":0,"image":{"@id":"https:\/\/www.supercars.net\/blog\/spa-summer-classic-2012-report-and-photos\/#primaryimage"},"thumbnailUrl":"https:\/\/www.supercars.net\/blog\/wp-content\/uploads\/2012\/07\/Spa-Summer-Classic-v1.jpg","keywords":["Event (Car Events &amp; Shows)","Event (Vintage Races)","Racetrack (Spa-Francorchamps)","Vintage Race (Spa Classic)"],"articleSection":["Car Events &amp; Shows","Vintage Races &amp; Rallies"],"inLanguage":"en-US","potentialAction":[{"@type":"CommentAction","name":"Comment","target":["https:\/\/www.supercars.net\/blog\/spa-summer-classic-2012-report-and-photos\/#respond"]}]},{"@type":"WebPage","@id":"https:\/\/www.supercars.net\/blog\/spa-summer-classic-2012-report-and-photos\/","url":"https:\/\/www.supercars.net\/blog\/spa-summer-classic-2012-report-and-photos\/","name":"Spa Summer Classic 2012 - Report, Results, Photos","isPartOf":{"@id":"https:\/\/www.supercars.net\/blog\/#website"},"primaryImageOfPage":{"@id":"https:\/\/www.supercars.net\/blog\/spa-summer-classic-2012-report-and-photos\/#primaryimage"},"image":{"@id":"https:\/\/www.supercars.net\/blog\/spa-summer-classic-2012-report-and-photos\/#primaryimage"},"thumbnailUrl":"https:\/\/www.supercars.net\/blog\/wp-content\/uploads\/2012\/07\/Spa-Summer-Classic-v1.jpg","datePublished":"2012-07-17T08:00:35+00:00","dateModified":"2024-01-12T13:47:06+00:00","author":{"@id":"https:\/\/www.supercars.net\/blog\/#\/schema\/person\/95c54fda74e33697a8b8ba18b47debcd"},"description":"Report, results and photo gallery from the 2012 Spa Summer Classic historic car race, held June 15-17 at Spa-Francorchamps track in Belgium.","breadcrumb":{"@id":"https:\/\/www.supercars.net\/blog\/spa-summer-classic-2012-report-and-photos\/#breadcrumb"},"inLanguage":"en-US","potentialAction":[{"@type":"ReadAction","target":["https:\/\/www.supercars.net\/blog\/spa-summer-classic-2012-report-and-photos\/"]}]},{"@type":"ImageObject","inLanguage":"en-US","@id":"https:\/\/www.supercars.net\/blog\/spa-summer-classic-2012-report-and-photos\/#primaryimage","url":"https:\/\/www.supercars.net\/blog\/wp-content\/uploads\/2012\/07\/Spa-Summer-Classic-v1.jpg","contentUrl":"https:\/\/www.supercars.net\/blog\/wp-content\/uploads\/2012\/07\/Spa-Summer-Classic-v1.jpg","width":690,"height":280,"caption":"Porsche 934_Audrey van Ham"},{"@type":"BreadcrumbList","@id":"https:\/\/www.supercars.net\/blog\/spa-summer-classic-2012-report-and-photos\/#breadcrumb","itemListElement":[{"@type":"ListItem","position":1,"name":"Home","item":"https:\/\/www.supercars.net\/blog\/"},{"@type":"ListItem","position":2,"name":"Spa Classic (Summer) (2012) &#8211; Recap &#038; Photo Gallery"}]},{"@type":"WebSite","@id":"https:\/\/www.supercars.net\/blog\/#website","url":"https:\/\/www.supercars.net\/blog\/","name":"Supercars.net","description":"Exotic and Supercar news, information, pictures and videos","potentialAction":[{"@type":"SearchAction","target":{"@type":"EntryPoint","urlTemplate":"https:\/\/www.supercars.net\/blog\/?s={search_term_string}"},"query-input":{"@type":"PropertyValueSpecification","valueRequired":true,"valueName":"search_term_string"}}],"inLanguage":"en-US"},{"@type":"Person","@id":"https:\/\/www.supercars.net\/blog\/#\/schema\/person\/95c54fda74e33697a8b8ba18b47debcd","name":"Marcel Hundscheid","image":{"@type":"ImageObject","inLanguage":"en-US","@id":"https:\/\/www.supercars.net\/blog\/wp-content\/uploads\/2023\/10\/Marcel-Hundscheid-293x293.png","url":"https:\/\/www.supercars.net\/blog\/wp-content\/uploads\/2023\/10\/Marcel-Hundscheid-293x293.png","contentUrl":"https:\/\/www.supercars.net\/blog\/wp-content\/uploads\/2023\/10\/Marcel-Hundscheid-293x293.png","caption":"Marcel Hundscheid"},"description":"Marcel Hundscheid hails from the very south of the Netherlands, just 10 minutes away from the German border and about 20 minutes from the Belgian border. His start with photography in 1983 focused on military aviation, continuing with aviation photography until 2006. In that year Marcel started photographing motorsports, and since February 2009, he started his own company Speed-O-Graphica providing motorsports photography to teams, drivers, media and customers. He also works as a motorsports editor for the Dutch general sports news website Sportdome.nl, one of the largest sports news communitys in the Netherlands. Besides his work as a motorsports photographer and editor, Marcel works full-time as an IT specialist. He is married with a young daughter.","url":"https:\/\/www.supercars.net\/blog\/author\/marcel-hundscheid\/"}]}},"_links":{"self":[{"href":"https:\/\/www.supercars.net\/blog\/wp-json\/wp\/v2\/posts\/369864","targetHints":{"allow":["GET"]}}],"collection":[{"href":"https:\/\/www.supercars.net\/blog\/wp-json\/wp\/v2\/posts"}],"about":[{"href":"https:\/\/www.supercars.net\/blog\/wp-json\/wp\/v2\/types\/post"}],"author":[{"embeddable":true,"href":"https:\/\/www.supercars.net\/blog\/wp-json\/wp\/v2\/users\/114"}],"replies":[{"embeddable":true,"href":"https:\/\/www.supercars.net\/blog\/wp-json\/wp\/v2\/comments?post=369864"}],"version-history":[{"count":0,"href":"https:\/\/www.supercars.net\/blog\/wp-json\/wp\/v2\/posts\/369864\/revisions"}],"wp:featuredmedia":[{"embeddable":true,"href":"https:\/\/www.supercars.net\/blog\/wp-json\/wp\/v2\/media\/560590"}],"wp:attachment":[{"href":"https:\/\/www.supercars.net\/blog\/wp-json\/wp\/v2\/media?parent=369864"}],"wp:term":[{"taxonomy":"category","embeddable":true,"href":"https:\/\/www.supercars.net\/blog\/wp-json\/wp\/v2\/categories?post=369864"},{"taxonomy":"post_tag","embeddable":true,"href":"https:\/\/www.supercars.net\/blog\/wp-json\/wp\/v2\/tags?post=369864"}],"curies":[{"name":"wp","href":"https:\/\/api.w.org\/{rel}","templated":true}]}}