{"id":370495,"date":"2014-02-10T09:00:38","date_gmt":"2014-02-10T14:00:38","guid":{"rendered":"https:\/\/sportscardigest.com\/?p=58909"},"modified":"2024-01-15T10:58:34","modified_gmt":"2024-01-15T10:58:34","slug":"salon-retromobile-2014-report-and-photos","status":"publish","type":"post","link":"https:\/\/www.supercars.net\/blog\/salon-retromobile-2014-report-and-photos\/","title":{"rendered":"R\u00e9tromobile (2014) &#8211; Recap &#038; Photo Gallery 01"},"content":{"rendered":"<p>The 2014 Salon Retromobile was held 5-9 February at the Porte de Versailles Exhibition Center in Paris, France. The 39th annual Retromobile again focused entirely on classic collector cars, with more than 90,000 visiting the 450 booths spread over 44,000 square meters of exhibition space.<\/p>\n<p>This year&#8217;s Retromobile classic car event paid tribute to land speed titans J.G. Parry-Thomas and Sir Malcolm Campbell, the 100th anniversary of the First World War and the Cars of the Maharajas with the Swan Car of the Maharaja of Nabha, several polished aluminum Rolls-Royces, cars for hunting tigers and ceremonial cars.<\/p>\n<p>Retromobile also looked at the career of racing car enthusiast Jean R\u00e9d\u00e9l\u00e9, paying tribute to him and showcasing Alpines from his private collection. Some fifteen road and racing cars from 1963-1978 were on public display for the first time, as well as objects from the Alpine racing division including bodywork molds, wind tunnel models, Gordini engines, trophies, among others.<\/p>\n<p>Mercedes-Benz used the Paris event to launch their &#8220;120 Years of Motor Sport&#8221; celebration by focusing on brand\u2019s motor racing successes in France. Highlights included a Mercedes Grand Prix racing car from 1914, the 1954 Mercedes-Benz W 196 R &#8220;Streamliner&#8221; that won the French Grand Prix in Reims and the Sauber-Mercedes C 9 that won the 24 Hours of Le Mans in 1989.<\/p>\n<p>Bentley brought one of the most famous cars in the marque\u2019s history &#8212; the 3-Litre that won Le Mans in 1924 with John Duff and Frank Clement at the wheel &#8212; that started a period of domination for Bentley in the 1920s.<\/p>\n<p>A Ferrari 330 P4 was on display, shown at the 2014 Retromobile with the Fiat Bartoletti truck that brought it to Le Mans in 1967 where it finished second among all competitors and first in its category.<\/p>\n<p>JD Classics&#8217; debut at Retromobile included an 11-car display, highlighted by a 1954 Mercedes-Benz 300 SL, \u2018PLB 23\u2019, the practice car for Sir Stirling Moss prior to his famous 1955 Mille Miglia victory. Other notable cars included the ex-Juan Manuel Fangio Jaguar C-type, the 1952 Jaguar XK120 Jabbeke Land Speed Record &#8220;Bubble Car&#8221;, a 1952 Ferrari 225S Vignale Berlinetta that won its class at Le Mans and a 1972 Lamborghini Miura SV.<\/p>\n<p>Photographer Pavel Novitski documented the 2014 edition of Retromobile with a stirring selection of images that capture the excellent classic cars on display at the Porte de Versailles Exhibition Center in Paris. We split up the pictures Pavel captured into two galleries. The first gallery starting below features our favorite images, all displayed in the full-width of Sports Car Digest, while the second gallery can be found on the <a title=\"London to Brighton Veteran Car Run - Full Photo Gallery\" href=\"https:\/\/sportscardigest.com\/salon-retromobile-2014-report-and-photos\/7\/\">last page of the article<\/a> and gives a comprehensive view of all the photographs. To see more from Pavel, visit <a title=\"Pavel Novitski\" href=\"http:\/\/pavelnovitski.com\/\" target=\"_blank\" rel=\"noopener\">PavelNovitski.com\/<\/a>.<\/p>\n<h2 style=\"text-align: center;\"><strong>Salon Retromobile 2014 &#8211; Featured Photo Gallery<\/strong><\/h2>\n<figure id=\"attachment_562739\" aria-describedby=\"caption-attachment-562739\" style=\"width: 920px\" class=\"wp-caption alignnone\"><a href=\"https:\/\/www.supercars.net\/blog\/wp-content\/uploads\/2014\/02\/Bugatti-T59-Grand-Prix-Peter-Wiesner-stand.jpg\"><img decoding=\"async\" class=\"size-full wp-image-562739\" src=\"https:\/\/www.supercars.net\/blog\/wp-content\/uploads\/2014\/02\/Bugatti-T59-Grand-Prix-Peter-Wiesner-stand.jpg\" alt=\"\" width=\"920\" height=\"613\" srcset=\"https:\/\/www.supercars.net\/blog\/wp-content\/uploads\/2014\/02\/Bugatti-T59-Grand-Prix-Peter-Wiesner-stand.jpg 920w, https:\/\/www.supercars.net\/blog\/wp-content\/uploads\/2014\/02\/Bugatti-T59-Grand-Prix-Peter-Wiesner-stand-300x200.jpg 300w, https:\/\/www.supercars.net\/blog\/wp-content\/uploads\/2014\/02\/Bugatti-T59-Grand-Prix-Peter-Wiesner-stand-100x67.jpg 100w, https:\/\/www.supercars.net\/blog\/wp-content\/uploads\/2014\/02\/Bugatti-T59-Grand-Prix-Peter-Wiesner-stand-770x513.jpg 770w, https:\/\/www.supercars.net\/blog\/wp-content\/uploads\/2014\/02\/Bugatti-T59-Grand-Prix-Peter-Wiesner-stand-360x240.jpg 360w, https:\/\/www.supercars.net\/blog\/wp-content\/uploads\/2014\/02\/Bugatti-T59-Grand-Prix-Peter-Wiesner-stand-370x247.jpg 370w, https:\/\/www.supercars.net\/blog\/wp-content\/uploads\/2014\/02\/Bugatti-T59-Grand-Prix-Peter-Wiesner-stand-293x195.jpg 293w\" sizes=\"(max-width: 920px) 100vw, 920px\" \/><\/a><figcaption id=\"caption-attachment-562739\" class=\"wp-caption-text\">Bugatti T59 Grand Prix &#8211; Peter Wiesner stand<\/figcaption><\/figure>\n<figure id=\"attachment_562741\" aria-describedby=\"caption-attachment-562741\" style=\"width: 920px\" class=\"wp-caption alignnone\"><a href=\"https:\/\/www.supercars.net\/blog\/wp-content\/uploads\/2014\/02\/Comete.jpg\"><img decoding=\"async\" class=\"size-full wp-image-562741\" src=\"https:\/\/www.supercars.net\/blog\/wp-content\/uploads\/2014\/02\/Comete.jpg\" alt=\"\" width=\"920\" height=\"613\" srcset=\"https:\/\/www.supercars.net\/blog\/wp-content\/uploads\/2014\/02\/Comete.jpg 920w, https:\/\/www.supercars.net\/blog\/wp-content\/uploads\/2014\/02\/Comete-300x200.jpg 300w, https:\/\/www.supercars.net\/blog\/wp-content\/uploads\/2014\/02\/Comete-100x67.jpg 100w, https:\/\/www.supercars.net\/blog\/wp-content\/uploads\/2014\/02\/Comete-770x513.jpg 770w, https:\/\/www.supercars.net\/blog\/wp-content\/uploads\/2014\/02\/Comete-360x240.jpg 360w, https:\/\/www.supercars.net\/blog\/wp-content\/uploads\/2014\/02\/Comete-370x247.jpg 370w, https:\/\/www.supercars.net\/blog\/wp-content\/uploads\/2014\/02\/Comete-293x195.jpg 293w\" sizes=\"(max-width: 920px) 100vw, 920px\" \/><\/a><figcaption id=\"caption-attachment-562741\" class=\"wp-caption-text\">Ford Comete<\/figcaption><\/figure>\n<figure id=\"attachment_562740\" aria-describedby=\"caption-attachment-562740\" style=\"width: 920px\" class=\"wp-caption alignnone\"><a href=\"https:\/\/www.supercars.net\/blog\/wp-content\/uploads\/2014\/02\/Citroen-C10-concept.jpg\"><img decoding=\"async\" class=\"size-full wp-image-562740\" src=\"https:\/\/www.supercars.net\/blog\/wp-content\/uploads\/2014\/02\/Citroen-C10-concept.jpg\" alt=\"\" width=\"920\" height=\"613\" srcset=\"https:\/\/www.supercars.net\/blog\/wp-content\/uploads\/2014\/02\/Citroen-C10-concept.jpg 920w, https:\/\/www.supercars.net\/blog\/wp-content\/uploads\/2014\/02\/Citroen-C10-concept-300x200.jpg 300w, https:\/\/www.supercars.net\/blog\/wp-content\/uploads\/2014\/02\/Citroen-C10-concept-100x67.jpg 100w, https:\/\/www.supercars.net\/blog\/wp-content\/uploads\/2014\/02\/Citroen-C10-concept-770x513.jpg 770w, https:\/\/www.supercars.net\/blog\/wp-content\/uploads\/2014\/02\/Citroen-C10-concept-360x240.jpg 360w, https:\/\/www.supercars.net\/blog\/wp-content\/uploads\/2014\/02\/Citroen-C10-concept-370x247.jpg 370w, https:\/\/www.supercars.net\/blog\/wp-content\/uploads\/2014\/02\/Citroen-C10-concept-293x195.jpg 293w\" sizes=\"(max-width: 920px) 100vw, 920px\" \/><\/a><figcaption id=\"caption-attachment-562740\" class=\"wp-caption-text\">Citroen C10 concept<\/figcaption><\/figure>\n<figure id=\"attachment_562738\" aria-describedby=\"caption-attachment-562738\" style=\"width: 920px\" class=\"wp-caption alignnone\"><a href=\"https:\/\/www.supercars.net\/blog\/wp-content\/uploads\/2014\/02\/Bugatti-T57.jpg\"><img decoding=\"async\" class=\"size-full wp-image-562738\" src=\"https:\/\/www.supercars.net\/blog\/wp-content\/uploads\/2014\/02\/Bugatti-T57.jpg\" alt=\"\" width=\"920\" height=\"613\" srcset=\"https:\/\/www.supercars.net\/blog\/wp-content\/uploads\/2014\/02\/Bugatti-T57.jpg 920w, https:\/\/www.supercars.net\/blog\/wp-content\/uploads\/2014\/02\/Bugatti-T57-300x200.jpg 300w, https:\/\/www.supercars.net\/blog\/wp-content\/uploads\/2014\/02\/Bugatti-T57-100x67.jpg 100w, https:\/\/www.supercars.net\/blog\/wp-content\/uploads\/2014\/02\/Bugatti-T57-770x513.jpg 770w, https:\/\/www.supercars.net\/blog\/wp-content\/uploads\/2014\/02\/Bugatti-T57-360x240.jpg 360w, https:\/\/www.supercars.net\/blog\/wp-content\/uploads\/2014\/02\/Bugatti-T57-370x247.jpg 370w, https:\/\/www.supercars.net\/blog\/wp-content\/uploads\/2014\/02\/Bugatti-T57-293x195.jpg 293w\" sizes=\"(max-width: 920px) 100vw, 920px\" \/><\/a><figcaption id=\"caption-attachment-562738\" class=\"wp-caption-text\">Bugatti T57<\/figcaption><\/figure>\n<figure id=\"attachment_562737\" aria-describedby=\"caption-attachment-562737\" style=\"width: 920px\" class=\"wp-caption alignnone\"><a href=\"https:\/\/www.supercars.net\/blog\/wp-content\/uploads\/2014\/02\/Bugatti-T35B-Lukas-Huni-stand.jpg\"><img decoding=\"async\" class=\"size-full wp-image-562737\" src=\"https:\/\/www.supercars.net\/blog\/wp-content\/uploads\/2014\/02\/Bugatti-T35B-Lukas-Huni-stand.jpg\" alt=\"\" width=\"920\" height=\"613\" srcset=\"https:\/\/www.supercars.net\/blog\/wp-content\/uploads\/2014\/02\/Bugatti-T35B-Lukas-Huni-stand.jpg 920w, https:\/\/www.supercars.net\/blog\/wp-content\/uploads\/2014\/02\/Bugatti-T35B-Lukas-Huni-stand-300x200.jpg 300w, https:\/\/www.supercars.net\/blog\/wp-content\/uploads\/2014\/02\/Bugatti-T35B-Lukas-Huni-stand-100x67.jpg 100w, https:\/\/www.supercars.net\/blog\/wp-content\/uploads\/2014\/02\/Bugatti-T35B-Lukas-Huni-stand-770x513.jpg 770w, https:\/\/www.supercars.net\/blog\/wp-content\/uploads\/2014\/02\/Bugatti-T35B-Lukas-Huni-stand-360x240.jpg 360w, https:\/\/www.supercars.net\/blog\/wp-content\/uploads\/2014\/02\/Bugatti-T35B-Lukas-Huni-stand-370x247.jpg 370w, https:\/\/www.supercars.net\/blog\/wp-content\/uploads\/2014\/02\/Bugatti-T35B-Lukas-Huni-stand-293x195.jpg 293w\" sizes=\"(max-width: 920px) 100vw, 920px\" \/><\/a><figcaption id=\"caption-attachment-562737\" class=\"wp-caption-text\">Bugatti T35B &#8211; Lukas Huni stand<\/figcaption><\/figure>\n<figure id=\"attachment_562736\" aria-describedby=\"caption-attachment-562736\" style=\"width: 920px\" class=\"wp-caption alignnone\"><a href=\"https:\/\/www.supercars.net\/blog\/wp-content\/uploads\/2014\/02\/Brook-Swan.jpg\"><img decoding=\"async\" class=\"size-full wp-image-562736\" src=\"https:\/\/www.supercars.net\/blog\/wp-content\/uploads\/2014\/02\/Brook-Swan.jpg\" alt=\"\" width=\"920\" height=\"613\" srcset=\"https:\/\/www.supercars.net\/blog\/wp-content\/uploads\/2014\/02\/Brook-Swan.jpg 920w, https:\/\/www.supercars.net\/blog\/wp-content\/uploads\/2014\/02\/Brook-Swan-300x200.jpg 300w, https:\/\/www.supercars.net\/blog\/wp-content\/uploads\/2014\/02\/Brook-Swan-100x67.jpg 100w, https:\/\/www.supercars.net\/blog\/wp-content\/uploads\/2014\/02\/Brook-Swan-770x513.jpg 770w, https:\/\/www.supercars.net\/blog\/wp-content\/uploads\/2014\/02\/Brook-Swan-360x240.jpg 360w, https:\/\/www.supercars.net\/blog\/wp-content\/uploads\/2014\/02\/Brook-Swan-370x247.jpg 370w, https:\/\/www.supercars.net\/blog\/wp-content\/uploads\/2014\/02\/Brook-Swan-293x195.jpg 293w\" sizes=\"(max-width: 920px) 100vw, 920px\" \/><\/a><figcaption id=\"caption-attachment-562736\" class=\"wp-caption-text\">Brook Swan<\/figcaption><\/figure>\n<figure id=\"attachment_562742\" aria-describedby=\"caption-attachment-562742\" style=\"width: 920px\" class=\"wp-caption alignnone\"><a href=\"https:\/\/www.supercars.net\/blog\/wp-content\/uploads\/2014\/02\/Cygnet.jpg\"><img decoding=\"async\" class=\"size-full wp-image-562742\" src=\"https:\/\/www.supercars.net\/blog\/wp-content\/uploads\/2014\/02\/Cygnet.jpg\" alt=\"\" width=\"920\" height=\"613\" srcset=\"https:\/\/www.supercars.net\/blog\/wp-content\/uploads\/2014\/02\/Cygnet.jpg 920w, https:\/\/www.supercars.net\/blog\/wp-content\/uploads\/2014\/02\/Cygnet-300x200.jpg 300w, https:\/\/www.supercars.net\/blog\/wp-content\/uploads\/2014\/02\/Cygnet-100x67.jpg 100w, https:\/\/www.supercars.net\/blog\/wp-content\/uploads\/2014\/02\/Cygnet-770x513.jpg 770w, https:\/\/www.supercars.net\/blog\/wp-content\/uploads\/2014\/02\/Cygnet-360x240.jpg 360w, https:\/\/www.supercars.net\/blog\/wp-content\/uploads\/2014\/02\/Cygnet-370x247.jpg 370w, https:\/\/www.supercars.net\/blog\/wp-content\/uploads\/2014\/02\/Cygnet-293x195.jpg 293w\" sizes=\"(max-width: 920px) 100vw, 920px\" \/><\/a><figcaption id=\"caption-attachment-562742\" class=\"wp-caption-text\">Cygnet<\/figcaption><\/figure>\n<figure id=\"attachment_562735\" aria-describedby=\"caption-attachment-562735\" style=\"width: 920px\" class=\"wp-caption alignnone\"><a href=\"https:\/\/www.supercars.net\/blog\/wp-content\/uploads\/2014\/02\/Berliet.jpg\"><img decoding=\"async\" class=\"size-full wp-image-562735\" src=\"https:\/\/www.supercars.net\/blog\/wp-content\/uploads\/2014\/02\/Berliet.jpg\" alt=\"\" width=\"920\" height=\"613\" srcset=\"https:\/\/www.supercars.net\/blog\/wp-content\/uploads\/2014\/02\/Berliet.jpg 920w, https:\/\/www.supercars.net\/blog\/wp-content\/uploads\/2014\/02\/Berliet-300x200.jpg 300w, https:\/\/www.supercars.net\/blog\/wp-content\/uploads\/2014\/02\/Berliet-100x67.jpg 100w, https:\/\/www.supercars.net\/blog\/wp-content\/uploads\/2014\/02\/Berliet-770x513.jpg 770w, https:\/\/www.supercars.net\/blog\/wp-content\/uploads\/2014\/02\/Berliet-360x240.jpg 360w, https:\/\/www.supercars.net\/blog\/wp-content\/uploads\/2014\/02\/Berliet-370x247.jpg 370w, https:\/\/www.supercars.net\/blog\/wp-content\/uploads\/2014\/02\/Berliet-293x195.jpg 293w\" sizes=\"(max-width: 920px) 100vw, 920px\" \/><\/a><figcaption id=\"caption-attachment-562735\" class=\"wp-caption-text\">Berliet<\/figcaption><\/figure>\n<p>The unauthorized use and\/or duplication of any editorial or photographic content from sportscardigest.com without express and written permission from the publisher is strictly prohibited. Excerpts and links may be used, provided that full and clear credit is given to sportscardigest.com with appropriate and specific direction to the original content.<\/p>\n<figure id=\"attachment_562750\" aria-describedby=\"caption-attachment-562750\" style=\"width: 920px\" class=\"wp-caption alignnone\"><a href=\"https:\/\/www.supercars.net\/blog\/wp-content\/uploads\/2014\/02\/Lancia-B20-Lukas-Huni-stand.jpg\"><img decoding=\"async\" class=\"size-full wp-image-562750\" src=\"https:\/\/www.supercars.net\/blog\/wp-content\/uploads\/2014\/02\/Lancia-B20-Lukas-Huni-stand.jpg\" alt=\"\" width=\"920\" height=\"613\" srcset=\"https:\/\/www.supercars.net\/blog\/wp-content\/uploads\/2014\/02\/Lancia-B20-Lukas-Huni-stand.jpg 920w, https:\/\/www.supercars.net\/blog\/wp-content\/uploads\/2014\/02\/Lancia-B20-Lukas-Huni-stand-300x200.jpg 300w, https:\/\/www.supercars.net\/blog\/wp-content\/uploads\/2014\/02\/Lancia-B20-Lukas-Huni-stand-100x67.jpg 100w, https:\/\/www.supercars.net\/blog\/wp-content\/uploads\/2014\/02\/Lancia-B20-Lukas-Huni-stand-770x513.jpg 770w, https:\/\/www.supercars.net\/blog\/wp-content\/uploads\/2014\/02\/Lancia-B20-Lukas-Huni-stand-360x240.jpg 360w, https:\/\/www.supercars.net\/blog\/wp-content\/uploads\/2014\/02\/Lancia-B20-Lukas-Huni-stand-370x247.jpg 370w, https:\/\/www.supercars.net\/blog\/wp-content\/uploads\/2014\/02\/Lancia-B20-Lukas-Huni-stand-293x195.jpg 293w\" sizes=\"(max-width: 920px) 100vw, 920px\" \/><\/a><figcaption id=\"caption-attachment-562750\" class=\"wp-caption-text\">Lancia B20 &#8211; Lukas Huni stand<\/figcaption><\/figure>\n<figure id=\"attachment_562749\" aria-describedby=\"caption-attachment-562749\" style=\"width: 920px\" class=\"wp-caption alignnone\"><a href=\"https:\/\/www.supercars.net\/blog\/wp-content\/uploads\/2014\/02\/Jaguar-XK120-record-car-JD-Classics-stand.jpg\"><img decoding=\"async\" class=\"size-full wp-image-562749\" src=\"https:\/\/www.supercars.net\/blog\/wp-content\/uploads\/2014\/02\/Jaguar-XK120-record-car-JD-Classics-stand.jpg\" alt=\"\" width=\"920\" height=\"613\" srcset=\"https:\/\/www.supercars.net\/blog\/wp-content\/uploads\/2014\/02\/Jaguar-XK120-record-car-JD-Classics-stand.jpg 920w, https:\/\/www.supercars.net\/blog\/wp-content\/uploads\/2014\/02\/Jaguar-XK120-record-car-JD-Classics-stand-300x200.jpg 300w, https:\/\/www.supercars.net\/blog\/wp-content\/uploads\/2014\/02\/Jaguar-XK120-record-car-JD-Classics-stand-100x67.jpg 100w, https:\/\/www.supercars.net\/blog\/wp-content\/uploads\/2014\/02\/Jaguar-XK120-record-car-JD-Classics-stand-770x513.jpg 770w, https:\/\/www.supercars.net\/blog\/wp-content\/uploads\/2014\/02\/Jaguar-XK120-record-car-JD-Classics-stand-360x240.jpg 360w, https:\/\/www.supercars.net\/blog\/wp-content\/uploads\/2014\/02\/Jaguar-XK120-record-car-JD-Classics-stand-370x247.jpg 370w, https:\/\/www.supercars.net\/blog\/wp-content\/uploads\/2014\/02\/Jaguar-XK120-record-car-JD-Classics-stand-293x195.jpg 293w\" sizes=\"(max-width: 920px) 100vw, 920px\" \/><\/a><figcaption id=\"caption-attachment-562749\" class=\"wp-caption-text\">Jaguar XK120 record car &#8211; JD Classics stand<\/figcaption><\/figure>\n<figure id=\"attachment_562748\" aria-describedby=\"caption-attachment-562748\" style=\"width: 920px\" class=\"wp-caption alignnone\"><a href=\"https:\/\/www.supercars.net\/blog\/wp-content\/uploads\/2014\/02\/Jaguar-D-Type-Fiskens-stand.jpg\"><img decoding=\"async\" class=\"size-full wp-image-562748\" src=\"https:\/\/www.supercars.net\/blog\/wp-content\/uploads\/2014\/02\/Jaguar-D-Type-Fiskens-stand.jpg\" alt=\"\" width=\"920\" height=\"613\" srcset=\"https:\/\/www.supercars.net\/blog\/wp-content\/uploads\/2014\/02\/Jaguar-D-Type-Fiskens-stand.jpg 920w, https:\/\/www.supercars.net\/blog\/wp-content\/uploads\/2014\/02\/Jaguar-D-Type-Fiskens-stand-300x200.jpg 300w, https:\/\/www.supercars.net\/blog\/wp-content\/uploads\/2014\/02\/Jaguar-D-Type-Fiskens-stand-100x67.jpg 100w, https:\/\/www.supercars.net\/blog\/wp-content\/uploads\/2014\/02\/Jaguar-D-Type-Fiskens-stand-770x513.jpg 770w, https:\/\/www.supercars.net\/blog\/wp-content\/uploads\/2014\/02\/Jaguar-D-Type-Fiskens-stand-360x240.jpg 360w, https:\/\/www.supercars.net\/blog\/wp-content\/uploads\/2014\/02\/Jaguar-D-Type-Fiskens-stand-370x247.jpg 370w, https:\/\/www.supercars.net\/blog\/wp-content\/uploads\/2014\/02\/Jaguar-D-Type-Fiskens-stand-293x195.jpg 293w\" sizes=\"(max-width: 920px) 100vw, 920px\" \/><\/a><figcaption id=\"caption-attachment-562748\" class=\"wp-caption-text\">Jaguar D-Type &#8211; Fiskens stand<\/figcaption><\/figure>\n<figure id=\"attachment_562746\" aria-describedby=\"caption-attachment-562746\" style=\"width: 920px\" class=\"wp-caption alignnone\"><a href=\"https:\/\/www.supercars.net\/blog\/wp-content\/uploads\/2014\/02\/Hispano-Suiza-H6B-Maharajas-cars-stand.jpg\"><img decoding=\"async\" class=\"size-full wp-image-562746\" src=\"https:\/\/www.supercars.net\/blog\/wp-content\/uploads\/2014\/02\/Hispano-Suiza-H6B-Maharajas-cars-stand.jpg\" alt=\"\" width=\"920\" height=\"613\" srcset=\"https:\/\/www.supercars.net\/blog\/wp-content\/uploads\/2014\/02\/Hispano-Suiza-H6B-Maharajas-cars-stand.jpg 920w, https:\/\/www.supercars.net\/blog\/wp-content\/uploads\/2014\/02\/Hispano-Suiza-H6B-Maharajas-cars-stand-300x200.jpg 300w, https:\/\/www.supercars.net\/blog\/wp-content\/uploads\/2014\/02\/Hispano-Suiza-H6B-Maharajas-cars-stand-100x67.jpg 100w, https:\/\/www.supercars.net\/blog\/wp-content\/uploads\/2014\/02\/Hispano-Suiza-H6B-Maharajas-cars-stand-770x513.jpg 770w, https:\/\/www.supercars.net\/blog\/wp-content\/uploads\/2014\/02\/Hispano-Suiza-H6B-Maharajas-cars-stand-360x240.jpg 360w, https:\/\/www.supercars.net\/blog\/wp-content\/uploads\/2014\/02\/Hispano-Suiza-H6B-Maharajas-cars-stand-370x247.jpg 370w, https:\/\/www.supercars.net\/blog\/wp-content\/uploads\/2014\/02\/Hispano-Suiza-H6B-Maharajas-cars-stand-293x195.jpg 293w\" sizes=\"(max-width: 920px) 100vw, 920px\" \/><\/a><figcaption id=\"caption-attachment-562746\" class=\"wp-caption-text\">Hispano-Suiza H6B &#8211; Maharajas&#8217; cars stand<\/figcaption><\/figure>\n<hr \/>\n<hr \/>\n<p>&nbsp;<\/p>\n<figure id=\"attachment_562747\" aria-describedby=\"caption-attachment-562747\" style=\"width: 920px\" class=\"wp-caption alignnone\"><a href=\"https:\/\/www.supercars.net\/blog\/wp-content\/uploads\/2014\/02\/Jaguar-C-Type-JD-Classics-stand.jpg\"><img decoding=\"async\" class=\"size-full wp-image-562747\" src=\"https:\/\/www.supercars.net\/blog\/wp-content\/uploads\/2014\/02\/Jaguar-C-Type-JD-Classics-stand.jpg\" alt=\"\" width=\"920\" height=\"613\" srcset=\"https:\/\/www.supercars.net\/blog\/wp-content\/uploads\/2014\/02\/Jaguar-C-Type-JD-Classics-stand.jpg 920w, https:\/\/www.supercars.net\/blog\/wp-content\/uploads\/2014\/02\/Jaguar-C-Type-JD-Classics-stand-300x200.jpg 300w, https:\/\/www.supercars.net\/blog\/wp-content\/uploads\/2014\/02\/Jaguar-C-Type-JD-Classics-stand-100x67.jpg 100w, https:\/\/www.supercars.net\/blog\/wp-content\/uploads\/2014\/02\/Jaguar-C-Type-JD-Classics-stand-770x513.jpg 770w, https:\/\/www.supercars.net\/blog\/wp-content\/uploads\/2014\/02\/Jaguar-C-Type-JD-Classics-stand-360x240.jpg 360w, https:\/\/www.supercars.net\/blog\/wp-content\/uploads\/2014\/02\/Jaguar-C-Type-JD-Classics-stand-370x247.jpg 370w, https:\/\/www.supercars.net\/blog\/wp-content\/uploads\/2014\/02\/Jaguar-C-Type-JD-Classics-stand-293x195.jpg 293w\" sizes=\"(max-width: 920px) 100vw, 920px\" \/><\/a><figcaption id=\"caption-attachment-562747\" class=\"wp-caption-text\">Jaguar C-Type &#8211; JD Classics stand<\/figcaption><\/figure>\n<figure id=\"attachment_562745\" aria-describedby=\"caption-attachment-562745\" style=\"width: 920px\" class=\"wp-caption alignnone\"><a href=\"https:\/\/www.supercars.net\/blog\/wp-content\/uploads\/2014\/02\/Ferrari-275-GTB-2-long-nose-Fiskens-stand.jpg\"><img decoding=\"async\" class=\"size-full wp-image-562745\" src=\"https:\/\/www.supercars.net\/blog\/wp-content\/uploads\/2014\/02\/Ferrari-275-GTB-2-long-nose-Fiskens-stand.jpg\" alt=\"\" width=\"920\" height=\"613\" srcset=\"https:\/\/www.supercars.net\/blog\/wp-content\/uploads\/2014\/02\/Ferrari-275-GTB-2-long-nose-Fiskens-stand.jpg 920w, https:\/\/www.supercars.net\/blog\/wp-content\/uploads\/2014\/02\/Ferrari-275-GTB-2-long-nose-Fiskens-stand-300x200.jpg 300w, https:\/\/www.supercars.net\/blog\/wp-content\/uploads\/2014\/02\/Ferrari-275-GTB-2-long-nose-Fiskens-stand-100x67.jpg 100w, https:\/\/www.supercars.net\/blog\/wp-content\/uploads\/2014\/02\/Ferrari-275-GTB-2-long-nose-Fiskens-stand-770x513.jpg 770w, https:\/\/www.supercars.net\/blog\/wp-content\/uploads\/2014\/02\/Ferrari-275-GTB-2-long-nose-Fiskens-stand-360x240.jpg 360w, https:\/\/www.supercars.net\/blog\/wp-content\/uploads\/2014\/02\/Ferrari-275-GTB-2-long-nose-Fiskens-stand-370x247.jpg 370w, https:\/\/www.supercars.net\/blog\/wp-content\/uploads\/2014\/02\/Ferrari-275-GTB-2-long-nose-Fiskens-stand-293x195.jpg 293w\" sizes=\"(max-width: 920px) 100vw, 920px\" \/><\/a><figcaption id=\"caption-attachment-562745\" class=\"wp-caption-text\">Ferrari 275 GTB 2 long nose &#8211; Fiskens stand<\/figcaption><\/figure>\n<figure id=\"attachment_562744\" aria-describedby=\"caption-attachment-562744\" style=\"width: 920px\" class=\"wp-caption alignnone\"><a href=\"https:\/\/www.supercars.net\/blog\/wp-content\/uploads\/2014\/02\/Ferrari-225-Vignale-berlinetta-JD-Classics.jpg\"><img decoding=\"async\" class=\"size-full wp-image-562744\" src=\"https:\/\/www.supercars.net\/blog\/wp-content\/uploads\/2014\/02\/Ferrari-225-Vignale-berlinetta-JD-Classics.jpg\" alt=\"\" width=\"920\" height=\"613\" srcset=\"https:\/\/www.supercars.net\/blog\/wp-content\/uploads\/2014\/02\/Ferrari-225-Vignale-berlinetta-JD-Classics.jpg 920w, https:\/\/www.supercars.net\/blog\/wp-content\/uploads\/2014\/02\/Ferrari-225-Vignale-berlinetta-JD-Classics-300x200.jpg 300w, https:\/\/www.supercars.net\/blog\/wp-content\/uploads\/2014\/02\/Ferrari-225-Vignale-berlinetta-JD-Classics-100x67.jpg 100w, https:\/\/www.supercars.net\/blog\/wp-content\/uploads\/2014\/02\/Ferrari-225-Vignale-berlinetta-JD-Classics-770x513.jpg 770w, https:\/\/www.supercars.net\/blog\/wp-content\/uploads\/2014\/02\/Ferrari-225-Vignale-berlinetta-JD-Classics-360x240.jpg 360w, https:\/\/www.supercars.net\/blog\/wp-content\/uploads\/2014\/02\/Ferrari-225-Vignale-berlinetta-JD-Classics-370x247.jpg 370w, https:\/\/www.supercars.net\/blog\/wp-content\/uploads\/2014\/02\/Ferrari-225-Vignale-berlinetta-JD-Classics-293x195.jpg 293w\" sizes=\"(max-width: 920px) 100vw, 920px\" \/><\/a><figcaption id=\"caption-attachment-562744\" class=\"wp-caption-text\">Ferrari 225 Vignale berlinetta &#8211; JD Classics<\/figcaption><\/figure>\n<figure id=\"attachment_562743\" aria-describedby=\"caption-attachment-562743\" style=\"width: 920px\" class=\"wp-caption alignnone\"><a href=\"https:\/\/www.supercars.net\/blog\/wp-content\/uploads\/2014\/02\/Delahaye-135MS-Roadster-Maharajas-cars-stand.jpg\"><img decoding=\"async\" class=\"size-full wp-image-562743\" src=\"https:\/\/www.supercars.net\/blog\/wp-content\/uploads\/2014\/02\/Delahaye-135MS-Roadster-Maharajas-cars-stand.jpg\" alt=\"\" width=\"920\" height=\"613\" srcset=\"https:\/\/www.supercars.net\/blog\/wp-content\/uploads\/2014\/02\/Delahaye-135MS-Roadster-Maharajas-cars-stand.jpg 920w, https:\/\/www.supercars.net\/blog\/wp-content\/uploads\/2014\/02\/Delahaye-135MS-Roadster-Maharajas-cars-stand-300x200.jpg 300w, https:\/\/www.supercars.net\/blog\/wp-content\/uploads\/2014\/02\/Delahaye-135MS-Roadster-Maharajas-cars-stand-100x67.jpg 100w, https:\/\/www.supercars.net\/blog\/wp-content\/uploads\/2014\/02\/Delahaye-135MS-Roadster-Maharajas-cars-stand-770x513.jpg 770w, https:\/\/www.supercars.net\/blog\/wp-content\/uploads\/2014\/02\/Delahaye-135MS-Roadster-Maharajas-cars-stand-360x240.jpg 360w, https:\/\/www.supercars.net\/blog\/wp-content\/uploads\/2014\/02\/Delahaye-135MS-Roadster-Maharajas-cars-stand-370x247.jpg 370w, https:\/\/www.supercars.net\/blog\/wp-content\/uploads\/2014\/02\/Delahaye-135MS-Roadster-Maharajas-cars-stand-293x195.jpg 293w\" sizes=\"(max-width: 920px) 100vw, 920px\" \/><\/a><figcaption id=\"caption-attachment-562743\" class=\"wp-caption-text\">Delahaye 135MS Roadster &#8211; Maharajas&#8217; cars stand<\/figcaption><\/figure>\n<p>The unauthorized use and\/or duplication of any editorial or photographic content from sportscardigest.com without express and written permission from the publisher is strictly prohibited. Excerpts and links may be used, provided that full and clear credit is given to sportscardigest.com with appropriate and specific direction to the original content.<\/p>\n<figure id=\"attachment_562757\" aria-describedby=\"caption-attachment-562757\" style=\"width: 920px\" class=\"wp-caption alignnone\"><a href=\"https:\/\/www.supercars.net\/blog\/wp-content\/uploads\/2014\/02\/Mercedes-Benz-Classic-stand.jpg\"><img decoding=\"async\" class=\"size-full wp-image-562757\" src=\"https:\/\/www.supercars.net\/blog\/wp-content\/uploads\/2014\/02\/Mercedes-Benz-Classic-stand.jpg\" alt=\"\" width=\"920\" height=\"613\" srcset=\"https:\/\/www.supercars.net\/blog\/wp-content\/uploads\/2014\/02\/Mercedes-Benz-Classic-stand.jpg 920w, https:\/\/www.supercars.net\/blog\/wp-content\/uploads\/2014\/02\/Mercedes-Benz-Classic-stand-300x200.jpg 300w, https:\/\/www.supercars.net\/blog\/wp-content\/uploads\/2014\/02\/Mercedes-Benz-Classic-stand-100x67.jpg 100w, https:\/\/www.supercars.net\/blog\/wp-content\/uploads\/2014\/02\/Mercedes-Benz-Classic-stand-770x513.jpg 770w, https:\/\/www.supercars.net\/blog\/wp-content\/uploads\/2014\/02\/Mercedes-Benz-Classic-stand-360x240.jpg 360w, https:\/\/www.supercars.net\/blog\/wp-content\/uploads\/2014\/02\/Mercedes-Benz-Classic-stand-370x247.jpg 370w, https:\/\/www.supercars.net\/blog\/wp-content\/uploads\/2014\/02\/Mercedes-Benz-Classic-stand-293x195.jpg 293w\" sizes=\"(max-width: 920px) 100vw, 920px\" \/><\/a><figcaption id=\"caption-attachment-562757\" class=\"wp-caption-text\">Mercedes-Benz Classic stand<\/figcaption><\/figure>\n<figure id=\"attachment_562758\" aria-describedby=\"caption-attachment-562758\" style=\"width: 920px\" class=\"wp-caption alignnone\"><a href=\"https:\/\/www.supercars.net\/blog\/wp-content\/uploads\/2014\/02\/Mercedes-Benz-Classic-stand-1.jpg\"><img decoding=\"async\" class=\"size-full wp-image-562758\" src=\"https:\/\/www.supercars.net\/blog\/wp-content\/uploads\/2014\/02\/Mercedes-Benz-Classic-stand-1.jpg\" alt=\"\" width=\"920\" height=\"613\" srcset=\"https:\/\/www.supercars.net\/blog\/wp-content\/uploads\/2014\/02\/Mercedes-Benz-Classic-stand-1.jpg 920w, https:\/\/www.supercars.net\/blog\/wp-content\/uploads\/2014\/02\/Mercedes-Benz-Classic-stand-1-300x200.jpg 300w, https:\/\/www.supercars.net\/blog\/wp-content\/uploads\/2014\/02\/Mercedes-Benz-Classic-stand-1-100x67.jpg 100w, https:\/\/www.supercars.net\/blog\/wp-content\/uploads\/2014\/02\/Mercedes-Benz-Classic-stand-1-770x513.jpg 770w, https:\/\/www.supercars.net\/blog\/wp-content\/uploads\/2014\/02\/Mercedes-Benz-Classic-stand-1-360x240.jpg 360w, https:\/\/www.supercars.net\/blog\/wp-content\/uploads\/2014\/02\/Mercedes-Benz-Classic-stand-1-370x247.jpg 370w, https:\/\/www.supercars.net\/blog\/wp-content\/uploads\/2014\/02\/Mercedes-Benz-Classic-stand-1-293x195.jpg 293w\" sizes=\"(max-width: 920px) 100vw, 920px\" \/><\/a><figcaption id=\"caption-attachment-562758\" class=\"wp-caption-text\">Mercedes-Benz Classic stand<\/figcaption><\/figure>\n<figure id=\"attachment_562756\" aria-describedby=\"caption-attachment-562756\" style=\"width: 920px\" class=\"wp-caption alignnone\"><a href=\"https:\/\/www.supercars.net\/blog\/wp-content\/uploads\/2014\/02\/Mercedes-Benz-300-SLR-W196.jpg\"><img decoding=\"async\" class=\"size-full wp-image-562756\" src=\"https:\/\/www.supercars.net\/blog\/wp-content\/uploads\/2014\/02\/Mercedes-Benz-300-SLR-W196.jpg\" alt=\"\" width=\"920\" height=\"613\" srcset=\"https:\/\/www.supercars.net\/blog\/wp-content\/uploads\/2014\/02\/Mercedes-Benz-300-SLR-W196.jpg 920w, https:\/\/www.supercars.net\/blog\/wp-content\/uploads\/2014\/02\/Mercedes-Benz-300-SLR-W196-300x200.jpg 300w, https:\/\/www.supercars.net\/blog\/wp-content\/uploads\/2014\/02\/Mercedes-Benz-300-SLR-W196-100x67.jpg 100w, https:\/\/www.supercars.net\/blog\/wp-content\/uploads\/2014\/02\/Mercedes-Benz-300-SLR-W196-770x513.jpg 770w, https:\/\/www.supercars.net\/blog\/wp-content\/uploads\/2014\/02\/Mercedes-Benz-300-SLR-W196-360x240.jpg 360w, https:\/\/www.supercars.net\/blog\/wp-content\/uploads\/2014\/02\/Mercedes-Benz-300-SLR-W196-370x247.jpg 370w, https:\/\/www.supercars.net\/blog\/wp-content\/uploads\/2014\/02\/Mercedes-Benz-300-SLR-W196-293x195.jpg 293w\" sizes=\"(max-width: 920px) 100vw, 920px\" \/><\/a><figcaption id=\"caption-attachment-562756\" class=\"wp-caption-text\">Mercedes-Benz 300 SLR W196<\/figcaption><\/figure>\n<figure id=\"attachment_562754\" aria-describedby=\"caption-attachment-562754\" style=\"width: 920px\" class=\"wp-caption alignnone\"><a href=\"https:\/\/www.supercars.net\/blog\/wp-content\/uploads\/2014\/02\/Maserati.jpg\"><img decoding=\"async\" class=\"size-full wp-image-562754\" src=\"https:\/\/www.supercars.net\/blog\/wp-content\/uploads\/2014\/02\/Maserati.jpg\" alt=\"\" width=\"920\" height=\"613\" srcset=\"https:\/\/www.supercars.net\/blog\/wp-content\/uploads\/2014\/02\/Maserati.jpg 920w, https:\/\/www.supercars.net\/blog\/wp-content\/uploads\/2014\/02\/Maserati-300x200.jpg 300w, https:\/\/www.supercars.net\/blog\/wp-content\/uploads\/2014\/02\/Maserati-100x67.jpg 100w, https:\/\/www.supercars.net\/blog\/wp-content\/uploads\/2014\/02\/Maserati-770x513.jpg 770w, https:\/\/www.supercars.net\/blog\/wp-content\/uploads\/2014\/02\/Maserati-360x240.jpg 360w, https:\/\/www.supercars.net\/blog\/wp-content\/uploads\/2014\/02\/Maserati-370x247.jpg 370w, https:\/\/www.supercars.net\/blog\/wp-content\/uploads\/2014\/02\/Maserati-293x195.jpg 293w\" sizes=\"(max-width: 920px) 100vw, 920px\" \/><\/a><figcaption id=\"caption-attachment-562754\" class=\"wp-caption-text\">Maserati<\/figcaption><\/figure>\n<hr \/>\n<hr \/>\n<p>&nbsp;<\/p>\n<figure id=\"attachment_562753\" aria-describedby=\"caption-attachment-562753\" style=\"width: 920px\" class=\"wp-caption alignnone\"><a href=\"https:\/\/www.supercars.net\/blog\/wp-content\/uploads\/2014\/02\/Lukas-Huni-Stand-1.jpg\"><img decoding=\"async\" class=\"size-full wp-image-562753\" src=\"https:\/\/www.supercars.net\/blog\/wp-content\/uploads\/2014\/02\/Lukas-Huni-Stand-1.jpg\" alt=\"\" width=\"920\" height=\"368\" srcset=\"https:\/\/www.supercars.net\/blog\/wp-content\/uploads\/2014\/02\/Lukas-Huni-Stand-1.jpg 920w, https:\/\/www.supercars.net\/blog\/wp-content\/uploads\/2014\/02\/Lukas-Huni-Stand-1-300x120.jpg 300w, https:\/\/www.supercars.net\/blog\/wp-content\/uploads\/2014\/02\/Lukas-Huni-Stand-1-100x40.jpg 100w, https:\/\/www.supercars.net\/blog\/wp-content\/uploads\/2014\/02\/Lukas-Huni-Stand-1-770x308.jpg 770w, https:\/\/www.supercars.net\/blog\/wp-content\/uploads\/2014\/02\/Lukas-Huni-Stand-1-293x117.jpg 293w\" sizes=\"(max-width: 920px) 100vw, 920px\" \/><\/a><figcaption id=\"caption-attachment-562753\" class=\"wp-caption-text\">Lukas Huni Stand<\/figcaption><\/figure>\n<figure id=\"attachment_562755\" aria-describedby=\"caption-attachment-562755\" style=\"width: 920px\" class=\"wp-caption alignnone\"><a href=\"https:\/\/www.supercars.net\/blog\/wp-content\/uploads\/2014\/02\/Maserati-450S.jpg\"><img decoding=\"async\" class=\"size-full wp-image-562755\" src=\"https:\/\/www.supercars.net\/blog\/wp-content\/uploads\/2014\/02\/Maserati-450S.jpg\" alt=\"\" width=\"920\" height=\"613\" srcset=\"https:\/\/www.supercars.net\/blog\/wp-content\/uploads\/2014\/02\/Maserati-450S.jpg 920w, https:\/\/www.supercars.net\/blog\/wp-content\/uploads\/2014\/02\/Maserati-450S-300x200.jpg 300w, https:\/\/www.supercars.net\/blog\/wp-content\/uploads\/2014\/02\/Maserati-450S-100x67.jpg 100w, https:\/\/www.supercars.net\/blog\/wp-content\/uploads\/2014\/02\/Maserati-450S-770x513.jpg 770w, https:\/\/www.supercars.net\/blog\/wp-content\/uploads\/2014\/02\/Maserati-450S-360x240.jpg 360w, https:\/\/www.supercars.net\/blog\/wp-content\/uploads\/2014\/02\/Maserati-450S-370x247.jpg 370w, https:\/\/www.supercars.net\/blog\/wp-content\/uploads\/2014\/02\/Maserati-450S-293x195.jpg 293w\" sizes=\"(max-width: 920px) 100vw, 920px\" \/><\/a><figcaption id=\"caption-attachment-562755\" class=\"wp-caption-text\">Maserati 450S<\/figcaption><\/figure>\n<figure id=\"attachment_562752\" aria-describedby=\"caption-attachment-562752\" style=\"width: 920px\" class=\"wp-caption alignnone\"><a href=\"https:\/\/www.supercars.net\/blog\/wp-content\/uploads\/2014\/02\/Lister-Jaguar-Costin-Fiskens-stand.jpg\"><img decoding=\"async\" class=\"size-full wp-image-562752\" src=\"https:\/\/www.supercars.net\/blog\/wp-content\/uploads\/2014\/02\/Lister-Jaguar-Costin-Fiskens-stand.jpg\" alt=\"\" width=\"920\" height=\"613\" srcset=\"https:\/\/www.supercars.net\/blog\/wp-content\/uploads\/2014\/02\/Lister-Jaguar-Costin-Fiskens-stand.jpg 920w, https:\/\/www.supercars.net\/blog\/wp-content\/uploads\/2014\/02\/Lister-Jaguar-Costin-Fiskens-stand-300x200.jpg 300w, https:\/\/www.supercars.net\/blog\/wp-content\/uploads\/2014\/02\/Lister-Jaguar-Costin-Fiskens-stand-100x67.jpg 100w, https:\/\/www.supercars.net\/blog\/wp-content\/uploads\/2014\/02\/Lister-Jaguar-Costin-Fiskens-stand-770x513.jpg 770w, https:\/\/www.supercars.net\/blog\/wp-content\/uploads\/2014\/02\/Lister-Jaguar-Costin-Fiskens-stand-360x240.jpg 360w, https:\/\/www.supercars.net\/blog\/wp-content\/uploads\/2014\/02\/Lister-Jaguar-Costin-Fiskens-stand-370x247.jpg 370w, https:\/\/www.supercars.net\/blog\/wp-content\/uploads\/2014\/02\/Lister-Jaguar-Costin-Fiskens-stand-293x195.jpg 293w\" sizes=\"(max-width: 920px) 100vw, 920px\" \/><\/a><figcaption id=\"caption-attachment-562752\" class=\"wp-caption-text\">Lister Jaguar Costin &#8211; Fiskens stand<\/figcaption><\/figure>\n<figure id=\"attachment_562751\" aria-describedby=\"caption-attachment-562751\" style=\"width: 920px\" class=\"wp-caption alignnone\"><a href=\"https:\/\/www.supercars.net\/blog\/wp-content\/uploads\/2014\/02\/Lancia-D24-Lukas-Huni-stand.jpg\"><img decoding=\"async\" class=\"size-full wp-image-562751\" src=\"https:\/\/www.supercars.net\/blog\/wp-content\/uploads\/2014\/02\/Lancia-D24-Lukas-Huni-stand.jpg\" alt=\"\" width=\"920\" height=\"613\" srcset=\"https:\/\/www.supercars.net\/blog\/wp-content\/uploads\/2014\/02\/Lancia-D24-Lukas-Huni-stand.jpg 920w, https:\/\/www.supercars.net\/blog\/wp-content\/uploads\/2014\/02\/Lancia-D24-Lukas-Huni-stand-300x200.jpg 300w, https:\/\/www.supercars.net\/blog\/wp-content\/uploads\/2014\/02\/Lancia-D24-Lukas-Huni-stand-100x67.jpg 100w, https:\/\/www.supercars.net\/blog\/wp-content\/uploads\/2014\/02\/Lancia-D24-Lukas-Huni-stand-770x513.jpg 770w, https:\/\/www.supercars.net\/blog\/wp-content\/uploads\/2014\/02\/Lancia-D24-Lukas-Huni-stand-360x240.jpg 360w, https:\/\/www.supercars.net\/blog\/wp-content\/uploads\/2014\/02\/Lancia-D24-Lukas-Huni-stand-370x247.jpg 370w, https:\/\/www.supercars.net\/blog\/wp-content\/uploads\/2014\/02\/Lancia-D24-Lukas-Huni-stand-293x195.jpg 293w\" sizes=\"(max-width: 920px) 100vw, 920px\" \/><\/a><figcaption id=\"caption-attachment-562751\" class=\"wp-caption-text\">Lancia D24 &#8211; Lukas Huni stand<\/figcaption><\/figure>\n<p>The unauthorized use and\/or duplication of any editorial or photographic content from sportscardigest.com without express and written permission from the publisher is strictly prohibited. Excerpts and links may be used, provided that full and clear credit is given to sportscardigest.com with appropriate and specific direction to the original content.<\/p>\n<figure id=\"attachment_562767\" aria-describedby=\"caption-attachment-562767\" style=\"width: 920px\" class=\"wp-caption alignnone\"><a href=\"https:\/\/www.supercars.net\/blog\/wp-content\/uploads\/2014\/02\/Rolls-Royce-Phantom-I-Maharajas-cars-stand.jpg\"><img decoding=\"async\" class=\"size-full wp-image-562767\" src=\"https:\/\/www.supercars.net\/blog\/wp-content\/uploads\/2014\/02\/Rolls-Royce-Phantom-I-Maharajas-cars-stand.jpg\" alt=\"\" width=\"920\" height=\"613\" srcset=\"https:\/\/www.supercars.net\/blog\/wp-content\/uploads\/2014\/02\/Rolls-Royce-Phantom-I-Maharajas-cars-stand.jpg 920w, https:\/\/www.supercars.net\/blog\/wp-content\/uploads\/2014\/02\/Rolls-Royce-Phantom-I-Maharajas-cars-stand-300x200.jpg 300w, https:\/\/www.supercars.net\/blog\/wp-content\/uploads\/2014\/02\/Rolls-Royce-Phantom-I-Maharajas-cars-stand-100x67.jpg 100w, https:\/\/www.supercars.net\/blog\/wp-content\/uploads\/2014\/02\/Rolls-Royce-Phantom-I-Maharajas-cars-stand-770x513.jpg 770w, https:\/\/www.supercars.net\/blog\/wp-content\/uploads\/2014\/02\/Rolls-Royce-Phantom-I-Maharajas-cars-stand-360x240.jpg 360w, https:\/\/www.supercars.net\/blog\/wp-content\/uploads\/2014\/02\/Rolls-Royce-Phantom-I-Maharajas-cars-stand-370x247.jpg 370w, https:\/\/www.supercars.net\/blog\/wp-content\/uploads\/2014\/02\/Rolls-Royce-Phantom-I-Maharajas-cars-stand-293x195.jpg 293w\" sizes=\"(max-width: 920px) 100vw, 920px\" \/><\/a><figcaption id=\"caption-attachment-562767\" class=\"wp-caption-text\">Rolls-Royce Phantom I &#8211; Maharajas&#8217; cars stand<\/figcaption><\/figure>\n<figure id=\"attachment_562765\" aria-describedby=\"caption-attachment-562765\" style=\"width: 920px\" class=\"wp-caption alignnone\"><a href=\"https:\/\/www.supercars.net\/blog\/wp-content\/uploads\/2014\/02\/Rolls-Royce-Phantom-I-17EX-Maharajas-cars-stand.jpg\"><img decoding=\"async\" class=\"size-full wp-image-562765\" src=\"https:\/\/www.supercars.net\/blog\/wp-content\/uploads\/2014\/02\/Rolls-Royce-Phantom-I-17EX-Maharajas-cars-stand.jpg\" alt=\"\" width=\"920\" height=\"613\" srcset=\"https:\/\/www.supercars.net\/blog\/wp-content\/uploads\/2014\/02\/Rolls-Royce-Phantom-I-17EX-Maharajas-cars-stand.jpg 920w, https:\/\/www.supercars.net\/blog\/wp-content\/uploads\/2014\/02\/Rolls-Royce-Phantom-I-17EX-Maharajas-cars-stand-300x200.jpg 300w, https:\/\/www.supercars.net\/blog\/wp-content\/uploads\/2014\/02\/Rolls-Royce-Phantom-I-17EX-Maharajas-cars-stand-100x67.jpg 100w, https:\/\/www.supercars.net\/blog\/wp-content\/uploads\/2014\/02\/Rolls-Royce-Phantom-I-17EX-Maharajas-cars-stand-770x513.jpg 770w, https:\/\/www.supercars.net\/blog\/wp-content\/uploads\/2014\/02\/Rolls-Royce-Phantom-I-17EX-Maharajas-cars-stand-360x240.jpg 360w, https:\/\/www.supercars.net\/blog\/wp-content\/uploads\/2014\/02\/Rolls-Royce-Phantom-I-17EX-Maharajas-cars-stand-370x247.jpg 370w, https:\/\/www.supercars.net\/blog\/wp-content\/uploads\/2014\/02\/Rolls-Royce-Phantom-I-17EX-Maharajas-cars-stand-293x195.jpg 293w\" sizes=\"(max-width: 920px) 100vw, 920px\" \/><\/a><figcaption id=\"caption-attachment-562765\" class=\"wp-caption-text\">Rolls-Royce Phantom I 17EX &#8211; Maharajas&#8217; cars stand<\/figcaption><\/figure>\n<figure id=\"attachment_562764\" aria-describedby=\"caption-attachment-562764\" style=\"width: 920px\" class=\"wp-caption alignnone\"><a href=\"https:\/\/www.supercars.net\/blog\/wp-content\/uploads\/2014\/02\/Renault-taxi-WWI-commemoration-stand.jpg\"><img decoding=\"async\" class=\"size-full wp-image-562764\" src=\"https:\/\/www.supercars.net\/blog\/wp-content\/uploads\/2014\/02\/Renault-taxi-WWI-commemoration-stand.jpg\" alt=\"\" width=\"920\" height=\"613\" srcset=\"https:\/\/www.supercars.net\/blog\/wp-content\/uploads\/2014\/02\/Renault-taxi-WWI-commemoration-stand.jpg 920w, https:\/\/www.supercars.net\/blog\/wp-content\/uploads\/2014\/02\/Renault-taxi-WWI-commemoration-stand-300x200.jpg 300w, https:\/\/www.supercars.net\/blog\/wp-content\/uploads\/2014\/02\/Renault-taxi-WWI-commemoration-stand-100x67.jpg 100w, https:\/\/www.supercars.net\/blog\/wp-content\/uploads\/2014\/02\/Renault-taxi-WWI-commemoration-stand-770x513.jpg 770w, https:\/\/www.supercars.net\/blog\/wp-content\/uploads\/2014\/02\/Renault-taxi-WWI-commemoration-stand-360x240.jpg 360w, https:\/\/www.supercars.net\/blog\/wp-content\/uploads\/2014\/02\/Renault-taxi-WWI-commemoration-stand-370x247.jpg 370w, https:\/\/www.supercars.net\/blog\/wp-content\/uploads\/2014\/02\/Renault-taxi-WWI-commemoration-stand-293x195.jpg 293w\" sizes=\"(max-width: 920px) 100vw, 920px\" \/><\/a><figcaption id=\"caption-attachment-562764\" class=\"wp-caption-text\">Renault taxi &#8211; WWI commemoration stand<\/figcaption><\/figure>\n<figure id=\"attachment_562763\" aria-describedby=\"caption-attachment-562763\" style=\"width: 920px\" class=\"wp-caption alignnone\"><a href=\"https:\/\/www.supercars.net\/blog\/wp-content\/uploads\/2014\/02\/Renault-Gordini.jpg\"><img decoding=\"async\" class=\"wp-image-562763 size-full\" src=\"https:\/\/www.supercars.net\/blog\/wp-content\/uploads\/2014\/02\/Renault-Gordini.jpg\" alt=\"\" width=\"920\" height=\"613\" srcset=\"https:\/\/www.supercars.net\/blog\/wp-content\/uploads\/2014\/02\/Renault-Gordini.jpg 920w, https:\/\/www.supercars.net\/blog\/wp-content\/uploads\/2014\/02\/Renault-Gordini-300x200.jpg 300w, https:\/\/www.supercars.net\/blog\/wp-content\/uploads\/2014\/02\/Renault-Gordini-100x67.jpg 100w, https:\/\/www.supercars.net\/blog\/wp-content\/uploads\/2014\/02\/Renault-Gordini-770x513.jpg 770w, https:\/\/www.supercars.net\/blog\/wp-content\/uploads\/2014\/02\/Renault-Gordini-360x240.jpg 360w, https:\/\/www.supercars.net\/blog\/wp-content\/uploads\/2014\/02\/Renault-Gordini-370x247.jpg 370w, https:\/\/www.supercars.net\/blog\/wp-content\/uploads\/2014\/02\/Renault-Gordini-293x195.jpg 293w\" sizes=\"(max-width: 920px) 100vw, 920px\" \/><\/a><figcaption id=\"caption-attachment-562763\" class=\"wp-caption-text\">Renault Gordini<\/figcaption><\/figure>\n<p>&nbsp;<\/p>\n<figure id=\"attachment_562762\" aria-describedby=\"caption-attachment-562762\" style=\"width: 920px\" class=\"wp-caption alignnone\"><a href=\"https:\/\/www.supercars.net\/blog\/wp-content\/uploads\/2014\/02\/Porsche-356-Pre-A-Split-Window-Coupe.jpg\"><img decoding=\"async\" class=\"size-full wp-image-562762\" src=\"https:\/\/www.supercars.net\/blog\/wp-content\/uploads\/2014\/02\/Porsche-356-Pre-A-Split-Window-Coupe.jpg\" alt=\"\" width=\"920\" height=\"613\" srcset=\"https:\/\/www.supercars.net\/blog\/wp-content\/uploads\/2014\/02\/Porsche-356-Pre-A-Split-Window-Coupe.jpg 920w, https:\/\/www.supercars.net\/blog\/wp-content\/uploads\/2014\/02\/Porsche-356-Pre-A-Split-Window-Coupe-300x200.jpg 300w, https:\/\/www.supercars.net\/blog\/wp-content\/uploads\/2014\/02\/Porsche-356-Pre-A-Split-Window-Coupe-100x67.jpg 100w, https:\/\/www.supercars.net\/blog\/wp-content\/uploads\/2014\/02\/Porsche-356-Pre-A-Split-Window-Coupe-770x513.jpg 770w, https:\/\/www.supercars.net\/blog\/wp-content\/uploads\/2014\/02\/Porsche-356-Pre-A-Split-Window-Coupe-360x240.jpg 360w, https:\/\/www.supercars.net\/blog\/wp-content\/uploads\/2014\/02\/Porsche-356-Pre-A-Split-Window-Coupe-370x247.jpg 370w, https:\/\/www.supercars.net\/blog\/wp-content\/uploads\/2014\/02\/Porsche-356-Pre-A-Split-Window-Coupe-293x195.jpg 293w\" sizes=\"(max-width: 920px) 100vw, 920px\" \/><\/a><figcaption id=\"caption-attachment-562762\" class=\"wp-caption-text\">Porsche 356 Pre-A Split-Window Coupe<\/figcaption><\/figure>\n<figure id=\"attachment_562761\" aria-describedby=\"caption-attachment-562761\" style=\"width: 920px\" class=\"wp-caption alignnone\"><a href=\"https:\/\/www.supercars.net\/blog\/wp-content\/uploads\/2014\/02\/Peugeot-203-Cabrio.jpg\"><img decoding=\"async\" class=\"size-full wp-image-562761\" src=\"https:\/\/www.supercars.net\/blog\/wp-content\/uploads\/2014\/02\/Peugeot-203-Cabrio.jpg\" alt=\"\" width=\"920\" height=\"613\" srcset=\"https:\/\/www.supercars.net\/blog\/wp-content\/uploads\/2014\/02\/Peugeot-203-Cabrio.jpg 920w, https:\/\/www.supercars.net\/blog\/wp-content\/uploads\/2014\/02\/Peugeot-203-Cabrio-300x200.jpg 300w, https:\/\/www.supercars.net\/blog\/wp-content\/uploads\/2014\/02\/Peugeot-203-Cabrio-100x67.jpg 100w, https:\/\/www.supercars.net\/blog\/wp-content\/uploads\/2014\/02\/Peugeot-203-Cabrio-770x513.jpg 770w, https:\/\/www.supercars.net\/blog\/wp-content\/uploads\/2014\/02\/Peugeot-203-Cabrio-360x240.jpg 360w, https:\/\/www.supercars.net\/blog\/wp-content\/uploads\/2014\/02\/Peugeot-203-Cabrio-370x247.jpg 370w, https:\/\/www.supercars.net\/blog\/wp-content\/uploads\/2014\/02\/Peugeot-203-Cabrio-293x195.jpg 293w\" sizes=\"(max-width: 920px) 100vw, 920px\" \/><\/a><figcaption id=\"caption-attachment-562761\" class=\"wp-caption-text\">Peugeot 203 Cabrio<\/figcaption><\/figure>\n<figure id=\"attachment_562760\" aria-describedby=\"caption-attachment-562760\" style=\"width: 920px\" class=\"wp-caption alignnone\"><a href=\"https:\/\/www.supercars.net\/blog\/wp-content\/uploads\/2014\/02\/Panhard-Levassor.jpg\"><img decoding=\"async\" class=\"size-full wp-image-562760\" src=\"https:\/\/www.supercars.net\/blog\/wp-content\/uploads\/2014\/02\/Panhard-Levassor.jpg\" alt=\"\" width=\"920\" height=\"613\" srcset=\"https:\/\/www.supercars.net\/blog\/wp-content\/uploads\/2014\/02\/Panhard-Levassor.jpg 920w, https:\/\/www.supercars.net\/blog\/wp-content\/uploads\/2014\/02\/Panhard-Levassor-300x200.jpg 300w, https:\/\/www.supercars.net\/blog\/wp-content\/uploads\/2014\/02\/Panhard-Levassor-100x67.jpg 100w, https:\/\/www.supercars.net\/blog\/wp-content\/uploads\/2014\/02\/Panhard-Levassor-770x513.jpg 770w, https:\/\/www.supercars.net\/blog\/wp-content\/uploads\/2014\/02\/Panhard-Levassor-360x240.jpg 360w, https:\/\/www.supercars.net\/blog\/wp-content\/uploads\/2014\/02\/Panhard-Levassor-370x247.jpg 370w, https:\/\/www.supercars.net\/blog\/wp-content\/uploads\/2014\/02\/Panhard-Levassor-293x195.jpg 293w\" sizes=\"(max-width: 920px) 100vw, 920px\" \/><\/a><figcaption id=\"caption-attachment-562760\" class=\"wp-caption-text\">Panhard-Levassor<\/figcaption><\/figure>\n<figure id=\"attachment_562759\" aria-describedby=\"caption-attachment-562759\" style=\"width: 920px\" class=\"wp-caption alignnone\"><a href=\"https:\/\/www.supercars.net\/blog\/wp-content\/uploads\/2014\/02\/OSCA.jpg\"><img decoding=\"async\" class=\"size-full wp-image-562759\" src=\"https:\/\/www.supercars.net\/blog\/wp-content\/uploads\/2014\/02\/OSCA.jpg\" alt=\"\" width=\"920\" height=\"613\" srcset=\"https:\/\/www.supercars.net\/blog\/wp-content\/uploads\/2014\/02\/OSCA.jpg 920w, https:\/\/www.supercars.net\/blog\/wp-content\/uploads\/2014\/02\/OSCA-300x200.jpg 300w, https:\/\/www.supercars.net\/blog\/wp-content\/uploads\/2014\/02\/OSCA-100x67.jpg 100w, https:\/\/www.supercars.net\/blog\/wp-content\/uploads\/2014\/02\/OSCA-770x513.jpg 770w, https:\/\/www.supercars.net\/blog\/wp-content\/uploads\/2014\/02\/OSCA-360x240.jpg 360w, https:\/\/www.supercars.net\/blog\/wp-content\/uploads\/2014\/02\/OSCA-370x247.jpg 370w, https:\/\/www.supercars.net\/blog\/wp-content\/uploads\/2014\/02\/OSCA-293x195.jpg 293w\" sizes=\"(max-width: 920px) 100vw, 920px\" \/><\/a><figcaption id=\"caption-attachment-562759\" class=\"wp-caption-text\">OSCA<\/figcaption><\/figure>\n<p>The unauthorized use and\/or duplication of any editorial or photographic content from sportscardigest.com without express and written permission from the publisher is strictly prohibited. Excerpts and links may be used, provided that full and clear credit is given to sportscardigest.com with appropriate and specific direction to the original content.<\/p>\n<figure id=\"attachment_562726\" aria-describedby=\"caption-attachment-562726\" style=\"width: 920px\" class=\"wp-caption alignnone\"><a href=\"https:\/\/www.supercars.net\/blog\/wp-content\/uploads\/2014\/02\/Alpine-Renault-tribute1.jpg\"><img decoding=\"async\" class=\"size-full wp-image-562726\" src=\"https:\/\/www.supercars.net\/blog\/wp-content\/uploads\/2014\/02\/Alpine-Renault-tribute1.jpg\" alt=\"\" width=\"920\" height=\"613\" srcset=\"https:\/\/www.supercars.net\/blog\/wp-content\/uploads\/2014\/02\/Alpine-Renault-tribute1.jpg 920w, https:\/\/www.supercars.net\/blog\/wp-content\/uploads\/2014\/02\/Alpine-Renault-tribute1-300x200.jpg 300w, https:\/\/www.supercars.net\/blog\/wp-content\/uploads\/2014\/02\/Alpine-Renault-tribute1-100x67.jpg 100w, https:\/\/www.supercars.net\/blog\/wp-content\/uploads\/2014\/02\/Alpine-Renault-tribute1-770x513.jpg 770w, https:\/\/www.supercars.net\/blog\/wp-content\/uploads\/2014\/02\/Alpine-Renault-tribute1-360x240.jpg 360w, https:\/\/www.supercars.net\/blog\/wp-content\/uploads\/2014\/02\/Alpine-Renault-tribute1-370x247.jpg 370w, https:\/\/www.supercars.net\/blog\/wp-content\/uploads\/2014\/02\/Alpine-Renault-tribute1-293x195.jpg 293w\" sizes=\"(max-width: 920px) 100vw, 920px\" \/><\/a><figcaption id=\"caption-attachment-562726\" class=\"wp-caption-text\">Alpine Renault tribute<\/figcaption><\/figure>\n<figure id=\"attachment_562725\" aria-describedby=\"caption-attachment-562725\" style=\"width: 920px\" class=\"wp-caption alignnone\"><a href=\"https:\/\/www.supercars.net\/blog\/wp-content\/uploads\/2014\/02\/Alpine-Renault-tribute.jpg\"><img decoding=\"async\" class=\"size-full wp-image-562725\" src=\"https:\/\/www.supercars.net\/blog\/wp-content\/uploads\/2014\/02\/Alpine-Renault-tribute.jpg\" alt=\"\" width=\"920\" height=\"613\" srcset=\"https:\/\/www.supercars.net\/blog\/wp-content\/uploads\/2014\/02\/Alpine-Renault-tribute.jpg 920w, https:\/\/www.supercars.net\/blog\/wp-content\/uploads\/2014\/02\/Alpine-Renault-tribute-300x200.jpg 300w, https:\/\/www.supercars.net\/blog\/wp-content\/uploads\/2014\/02\/Alpine-Renault-tribute-100x67.jpg 100w, https:\/\/www.supercars.net\/blog\/wp-content\/uploads\/2014\/02\/Alpine-Renault-tribute-770x513.jpg 770w, https:\/\/www.supercars.net\/blog\/wp-content\/uploads\/2014\/02\/Alpine-Renault-tribute-360x240.jpg 360w, https:\/\/www.supercars.net\/blog\/wp-content\/uploads\/2014\/02\/Alpine-Renault-tribute-370x247.jpg 370w, https:\/\/www.supercars.net\/blog\/wp-content\/uploads\/2014\/02\/Alpine-Renault-tribute-293x195.jpg 293w\" sizes=\"(max-width: 920px) 100vw, 920px\" \/><\/a><figcaption id=\"caption-attachment-562725\" class=\"wp-caption-text\">Alpine Renault tribute<\/figcaption><\/figure>\n<figure id=\"attachment_562772\" aria-describedby=\"caption-attachment-562772\" style=\"width: 920px\" class=\"wp-caption alignnone\"><a href=\"https:\/\/www.supercars.net\/blog\/wp-content\/uploads\/2014\/02\/Alfa-Romeo-RLS-Maharajas-cars-stand.jpg\"><img decoding=\"async\" class=\"size-full wp-image-562772\" src=\"https:\/\/www.supercars.net\/blog\/wp-content\/uploads\/2014\/02\/Alfa-Romeo-RLS-Maharajas-cars-stand.jpg\" alt=\"\" width=\"920\" height=\"613\" srcset=\"https:\/\/www.supercars.net\/blog\/wp-content\/uploads\/2014\/02\/Alfa-Romeo-RLS-Maharajas-cars-stand.jpg 920w, https:\/\/www.supercars.net\/blog\/wp-content\/uploads\/2014\/02\/Alfa-Romeo-RLS-Maharajas-cars-stand-300x200.jpg 300w, https:\/\/www.supercars.net\/blog\/wp-content\/uploads\/2014\/02\/Alfa-Romeo-RLS-Maharajas-cars-stand-100x67.jpg 100w, https:\/\/www.supercars.net\/blog\/wp-content\/uploads\/2014\/02\/Alfa-Romeo-RLS-Maharajas-cars-stand-770x513.jpg 770w, https:\/\/www.supercars.net\/blog\/wp-content\/uploads\/2014\/02\/Alfa-Romeo-RLS-Maharajas-cars-stand-360x240.jpg 360w, https:\/\/www.supercars.net\/blog\/wp-content\/uploads\/2014\/02\/Alfa-Romeo-RLS-Maharajas-cars-stand-370x247.jpg 370w, https:\/\/www.supercars.net\/blog\/wp-content\/uploads\/2014\/02\/Alfa-Romeo-RLS-Maharajas-cars-stand-293x195.jpg 293w\" sizes=\"(max-width: 920px) 100vw, 920px\" \/><\/a><figcaption id=\"caption-attachment-562772\" class=\"wp-caption-text\">Alfa-Romeo RLS &#8211; Maharajas&#8217; cars stand<\/figcaption><\/figure>\n<figure id=\"attachment_562771\" aria-describedby=\"caption-attachment-562771\" style=\"width: 920px\" class=\"wp-caption alignnone\"><a href=\"https:\/\/www.supercars.net\/blog\/wp-content\/uploads\/2014\/02\/Talbot-Lago-T150S-Richard-Mille-stand.jpg\"><img decoding=\"async\" class=\"size-full wp-image-562771\" src=\"https:\/\/www.supercars.net\/blog\/wp-content\/uploads\/2014\/02\/Talbot-Lago-T150S-Richard-Mille-stand.jpg\" alt=\"\" width=\"920\" height=\"613\" srcset=\"https:\/\/www.supercars.net\/blog\/wp-content\/uploads\/2014\/02\/Talbot-Lago-T150S-Richard-Mille-stand.jpg 920w, https:\/\/www.supercars.net\/blog\/wp-content\/uploads\/2014\/02\/Talbot-Lago-T150S-Richard-Mille-stand-300x200.jpg 300w, https:\/\/www.supercars.net\/blog\/wp-content\/uploads\/2014\/02\/Talbot-Lago-T150S-Richard-Mille-stand-100x67.jpg 100w, https:\/\/www.supercars.net\/blog\/wp-content\/uploads\/2014\/02\/Talbot-Lago-T150S-Richard-Mille-stand-770x513.jpg 770w, https:\/\/www.supercars.net\/blog\/wp-content\/uploads\/2014\/02\/Talbot-Lago-T150S-Richard-Mille-stand-360x240.jpg 360w, https:\/\/www.supercars.net\/blog\/wp-content\/uploads\/2014\/02\/Talbot-Lago-T150S-Richard-Mille-stand-370x247.jpg 370w, https:\/\/www.supercars.net\/blog\/wp-content\/uploads\/2014\/02\/Talbot-Lago-T150S-Richard-Mille-stand-293x195.jpg 293w\" sizes=\"(max-width: 920px) 100vw, 920px\" \/><\/a><figcaption id=\"caption-attachment-562771\" class=\"wp-caption-text\">Talbot-Lago T150S &#8211; Richard Mille stand<\/figcaption><\/figure>\n<figure id=\"attachment_562770\" aria-describedby=\"caption-attachment-562770\" style=\"width: 920px\" class=\"wp-caption alignnone\"><img decoding=\"async\" class=\"size-full wp-image-562770\" src=\"https:\/\/www.supercars.net\/blog\/wp-content\/uploads\/2014\/02\/Talbot-Lago-T26-GS-Fiskens.jpg\" alt=\"\" width=\"920\" height=\"613\" srcset=\"https:\/\/www.supercars.net\/blog\/wp-content\/uploads\/2014\/02\/Talbot-Lago-T26-GS-Fiskens.jpg 920w, https:\/\/www.supercars.net\/blog\/wp-content\/uploads\/2014\/02\/Talbot-Lago-T26-GS-Fiskens-300x200.jpg 300w, https:\/\/www.supercars.net\/blog\/wp-content\/uploads\/2014\/02\/Talbot-Lago-T26-GS-Fiskens-100x67.jpg 100w, https:\/\/www.supercars.net\/blog\/wp-content\/uploads\/2014\/02\/Talbot-Lago-T26-GS-Fiskens-770x513.jpg 770w, https:\/\/www.supercars.net\/blog\/wp-content\/uploads\/2014\/02\/Talbot-Lago-T26-GS-Fiskens-360x240.jpg 360w, https:\/\/www.supercars.net\/blog\/wp-content\/uploads\/2014\/02\/Talbot-Lago-T26-GS-Fiskens-370x247.jpg 370w, https:\/\/www.supercars.net\/blog\/wp-content\/uploads\/2014\/02\/Talbot-Lago-T26-GS-Fiskens-293x195.jpg 293w\" sizes=\"(max-width: 920px) 100vw, 920px\" \/><\/a><figcaption id=\"caption-attachment-562770\" class=\"wp-caption-text\">Talbot-Lago T26 GS &#8211; Fiskens<\/figcaption><\/figure>\n<figure id=\"attachment_562769\" aria-describedby=\"caption-attachment-562769\" style=\"width: 920px\" class=\"wp-caption alignnone\"><a href=\"https:\/\/www.supercars.net\/blog\/wp-content\/uploads\/2014\/02\/Sunbeam-Bluebird.jpg\"><img decoding=\"async\" class=\"size-full wp-image-562769\" src=\"https:\/\/www.supercars.net\/blog\/wp-content\/uploads\/2014\/02\/Sunbeam-Bluebird.jpg\" alt=\"\" width=\"920\" height=\"613\" srcset=\"https:\/\/www.supercars.net\/blog\/wp-content\/uploads\/2014\/02\/Sunbeam-Bluebird.jpg 920w, https:\/\/www.supercars.net\/blog\/wp-content\/uploads\/2014\/02\/Sunbeam-Bluebird-300x200.jpg 300w, https:\/\/www.supercars.net\/blog\/wp-content\/uploads\/2014\/02\/Sunbeam-Bluebird-100x67.jpg 100w, https:\/\/www.supercars.net\/blog\/wp-content\/uploads\/2014\/02\/Sunbeam-Bluebird-770x513.jpg 770w, https:\/\/www.supercars.net\/blog\/wp-content\/uploads\/2014\/02\/Sunbeam-Bluebird-360x240.jpg 360w, https:\/\/www.supercars.net\/blog\/wp-content\/uploads\/2014\/02\/Sunbeam-Bluebird-370x247.jpg 370w, https:\/\/www.supercars.net\/blog\/wp-content\/uploads\/2014\/02\/Sunbeam-Bluebird-293x195.jpg 293w\" sizes=\"(max-width: 920px) 100vw, 920px\" \/><\/a><figcaption id=\"caption-attachment-562769\" class=\"wp-caption-text\">Sunbeam Bluebird<\/figcaption><\/figure>\n<figure id=\"attachment_562768\" aria-describedby=\"caption-attachment-562768\" style=\"width: 920px\" class=\"wp-caption alignnone\"><a href=\"https:\/\/www.supercars.net\/blog\/wp-content\/uploads\/2014\/02\/Skoda-streamline-Skoda-stand.jpg\"><img decoding=\"async\" class=\"size-full wp-image-562768\" src=\"https:\/\/www.supercars.net\/blog\/wp-content\/uploads\/2014\/02\/Skoda-streamline-Skoda-stand.jpg\" alt=\"\" width=\"920\" height=\"613\" srcset=\"https:\/\/www.supercars.net\/blog\/wp-content\/uploads\/2014\/02\/Skoda-streamline-Skoda-stand.jpg 920w, https:\/\/www.supercars.net\/blog\/wp-content\/uploads\/2014\/02\/Skoda-streamline-Skoda-stand-300x200.jpg 300w, https:\/\/www.supercars.net\/blog\/wp-content\/uploads\/2014\/02\/Skoda-streamline-Skoda-stand-100x67.jpg 100w, https:\/\/www.supercars.net\/blog\/wp-content\/uploads\/2014\/02\/Skoda-streamline-Skoda-stand-770x513.jpg 770w, https:\/\/www.supercars.net\/blog\/wp-content\/uploads\/2014\/02\/Skoda-streamline-Skoda-stand-360x240.jpg 360w, https:\/\/www.supercars.net\/blog\/wp-content\/uploads\/2014\/02\/Skoda-streamline-Skoda-stand-370x247.jpg 370w, https:\/\/www.supercars.net\/blog\/wp-content\/uploads\/2014\/02\/Skoda-streamline-Skoda-stand-293x195.jpg 293w\" sizes=\"(max-width: 920px) 100vw, 920px\" \/><\/a><figcaption id=\"caption-attachment-562768\" class=\"wp-caption-text\">Skoda streamline &#8211; Skoda stand<\/figcaption><\/figure>\n<figure id=\"attachment_562766\" aria-describedby=\"caption-attachment-562766\" style=\"width: 920px\" class=\"wp-caption alignnone\"><a href=\"https:\/\/www.supercars.net\/blog\/wp-content\/uploads\/2014\/02\/Rolls-Royce-Phantom-III.jpg\"><img decoding=\"async\" class=\"size-full wp-image-562766\" src=\"https:\/\/www.supercars.net\/blog\/wp-content\/uploads\/2014\/02\/Rolls-Royce-Phantom-III.jpg\" alt=\"\" width=\"920\" height=\"613\" srcset=\"https:\/\/www.supercars.net\/blog\/wp-content\/uploads\/2014\/02\/Rolls-Royce-Phantom-III.jpg 920w, https:\/\/www.supercars.net\/blog\/wp-content\/uploads\/2014\/02\/Rolls-Royce-Phantom-III-300x200.jpg 300w, https:\/\/www.supercars.net\/blog\/wp-content\/uploads\/2014\/02\/Rolls-Royce-Phantom-III-100x67.jpg 100w, https:\/\/www.supercars.net\/blog\/wp-content\/uploads\/2014\/02\/Rolls-Royce-Phantom-III-770x513.jpg 770w, https:\/\/www.supercars.net\/blog\/wp-content\/uploads\/2014\/02\/Rolls-Royce-Phantom-III-360x240.jpg 360w, https:\/\/www.supercars.net\/blog\/wp-content\/uploads\/2014\/02\/Rolls-Royce-Phantom-III-370x247.jpg 370w, https:\/\/www.supercars.net\/blog\/wp-content\/uploads\/2014\/02\/Rolls-Royce-Phantom-III-293x195.jpg 293w\" sizes=\"(max-width: 920px) 100vw, 920px\" \/><\/a><figcaption id=\"caption-attachment-562766\" class=\"wp-caption-text\">Rolls-Royce Phantom III<\/figcaption><\/figure>\n<p>The unauthorized use and\/or duplication of any editorial or photographic content from sportscardigest.com without express and written permission from the publisher is strictly prohibited. Excerpts and links may be used, provided that full and clear credit is given to sportscardigest.com with appropriate and specific direction to the original content.<\/p>\n<figure id=\"attachment_562734\" aria-describedby=\"caption-attachment-562734\" style=\"width: 920px\" class=\"wp-caption alignnone\"><a href=\"https:\/\/www.supercars.net\/blog\/wp-content\/uploads\/2014\/02\/Benz-White-Knight.jpg\"><img decoding=\"async\" class=\"size-full wp-image-562734\" src=\"https:\/\/www.supercars.net\/blog\/wp-content\/uploads\/2014\/02\/Benz-White-Knight.jpg\" alt=\"\" width=\"920\" height=\"613\" srcset=\"https:\/\/www.supercars.net\/blog\/wp-content\/uploads\/2014\/02\/Benz-White-Knight.jpg 920w, https:\/\/www.supercars.net\/blog\/wp-content\/uploads\/2014\/02\/Benz-White-Knight-300x200.jpg 300w, https:\/\/www.supercars.net\/blog\/wp-content\/uploads\/2014\/02\/Benz-White-Knight-100x67.jpg 100w, https:\/\/www.supercars.net\/blog\/wp-content\/uploads\/2014\/02\/Benz-White-Knight-770x513.jpg 770w, https:\/\/www.supercars.net\/blog\/wp-content\/uploads\/2014\/02\/Benz-White-Knight-360x240.jpg 360w, https:\/\/www.supercars.net\/blog\/wp-content\/uploads\/2014\/02\/Benz-White-Knight-370x247.jpg 370w, https:\/\/www.supercars.net\/blog\/wp-content\/uploads\/2014\/02\/Benz-White-Knight-293x195.jpg 293w\" sizes=\"(max-width: 920px) 100vw, 920px\" \/><\/a><figcaption id=\"caption-attachment-562734\" class=\"wp-caption-text\">Benz White Knight<\/figcaption><\/figure>\n<figure id=\"attachment_562733\" aria-describedby=\"caption-attachment-562733\" style=\"width: 920px\" class=\"wp-caption alignnone\"><a href=\"https:\/\/www.supercars.net\/blog\/wp-content\/uploads\/2014\/02\/Bentley-4.5-Litre-Fiskens-stand.jpg\"><img decoding=\"async\" class=\"size-full wp-image-562733\" src=\"https:\/\/www.supercars.net\/blog\/wp-content\/uploads\/2014\/02\/Bentley-4.5-Litre-Fiskens-stand.jpg\" alt=\"\" width=\"920\" height=\"613\" srcset=\"https:\/\/www.supercars.net\/blog\/wp-content\/uploads\/2014\/02\/Bentley-4.5-Litre-Fiskens-stand.jpg 920w, https:\/\/www.supercars.net\/blog\/wp-content\/uploads\/2014\/02\/Bentley-4.5-Litre-Fiskens-stand-300x200.jpg 300w, https:\/\/www.supercars.net\/blog\/wp-content\/uploads\/2014\/02\/Bentley-4.5-Litre-Fiskens-stand-100x67.jpg 100w, https:\/\/www.supercars.net\/blog\/wp-content\/uploads\/2014\/02\/Bentley-4.5-Litre-Fiskens-stand-770x513.jpg 770w, https:\/\/www.supercars.net\/blog\/wp-content\/uploads\/2014\/02\/Bentley-4.5-Litre-Fiskens-stand-360x240.jpg 360w, https:\/\/www.supercars.net\/blog\/wp-content\/uploads\/2014\/02\/Bentley-4.5-Litre-Fiskens-stand-370x247.jpg 370w, https:\/\/www.supercars.net\/blog\/wp-content\/uploads\/2014\/02\/Bentley-4.5-Litre-Fiskens-stand-293x195.jpg 293w\" sizes=\"(max-width: 920px) 100vw, 920px\" \/><\/a><figcaption id=\"caption-attachment-562733\" class=\"wp-caption-text\">Bentley 4.5 Litre &#8211; Fiskens stand<\/figcaption><\/figure>\n<figure id=\"attachment_562732\" aria-describedby=\"caption-attachment-562732\" style=\"width: 920px\" class=\"wp-caption alignnone\"><a href=\"https:\/\/www.supercars.net\/blog\/wp-content\/uploads\/2014\/02\/Bentley-3-Litre-Le-Mans.jpg\"><img decoding=\"async\" class=\"size-full wp-image-562732\" src=\"https:\/\/www.supercars.net\/blog\/wp-content\/uploads\/2014\/02\/Bentley-3-Litre-Le-Mans.jpg\" alt=\"\" width=\"920\" height=\"613\" srcset=\"https:\/\/www.supercars.net\/blog\/wp-content\/uploads\/2014\/02\/Bentley-3-Litre-Le-Mans.jpg 920w, https:\/\/www.supercars.net\/blog\/wp-content\/uploads\/2014\/02\/Bentley-3-Litre-Le-Mans-300x200.jpg 300w, https:\/\/www.supercars.net\/blog\/wp-content\/uploads\/2014\/02\/Bentley-3-Litre-Le-Mans-100x67.jpg 100w, https:\/\/www.supercars.net\/blog\/wp-content\/uploads\/2014\/02\/Bentley-3-Litre-Le-Mans-770x513.jpg 770w, https:\/\/www.supercars.net\/blog\/wp-content\/uploads\/2014\/02\/Bentley-3-Litre-Le-Mans-360x240.jpg 360w, https:\/\/www.supercars.net\/blog\/wp-content\/uploads\/2014\/02\/Bentley-3-Litre-Le-Mans-370x247.jpg 370w, https:\/\/www.supercars.net\/blog\/wp-content\/uploads\/2014\/02\/Bentley-3-Litre-Le-Mans-293x195.jpg 293w\" sizes=\"(max-width: 920px) 100vw, 920px\" \/><\/a><figcaption id=\"caption-attachment-562732\" class=\"wp-caption-text\">Bentley 3 Litre Le Mans<\/figcaption><\/figure>\n<figure id=\"attachment_562727\" aria-describedby=\"caption-attachment-562727\" style=\"width: 920px\" class=\"wp-caption alignnone\"><a href=\"https:\/\/www.supercars.net\/blog\/wp-content\/uploads\/2014\/02\/Aston-Martin-DBR3-Evanta-stand.jpg\"><img decoding=\"async\" class=\"size-full wp-image-562727\" src=\"https:\/\/www.supercars.net\/blog\/wp-content\/uploads\/2014\/02\/Aston-Martin-DBR3-Evanta-stand.jpg\" alt=\"\" width=\"920\" height=\"613\" srcset=\"https:\/\/www.supercars.net\/blog\/wp-content\/uploads\/2014\/02\/Aston-Martin-DBR3-Evanta-stand.jpg 920w, https:\/\/www.supercars.net\/blog\/wp-content\/uploads\/2014\/02\/Aston-Martin-DBR3-Evanta-stand-300x200.jpg 300w, https:\/\/www.supercars.net\/blog\/wp-content\/uploads\/2014\/02\/Aston-Martin-DBR3-Evanta-stand-100x67.jpg 100w, https:\/\/www.supercars.net\/blog\/wp-content\/uploads\/2014\/02\/Aston-Martin-DBR3-Evanta-stand-770x513.jpg 770w, https:\/\/www.supercars.net\/blog\/wp-content\/uploads\/2014\/02\/Aston-Martin-DBR3-Evanta-stand-360x240.jpg 360w, https:\/\/www.supercars.net\/blog\/wp-content\/uploads\/2014\/02\/Aston-Martin-DBR3-Evanta-stand-370x247.jpg 370w, https:\/\/www.supercars.net\/blog\/wp-content\/uploads\/2014\/02\/Aston-Martin-DBR3-Evanta-stand-293x195.jpg 293w\" sizes=\"(max-width: 920px) 100vw, 920px\" \/><\/a><figcaption id=\"caption-attachment-562727\" class=\"wp-caption-text\">Aston-Martin DBR3 &#8211; Evanta stand<\/figcaption><\/figure>\n<p>&nbsp;<\/p>\n<figure id=\"attachment_562730\" aria-describedby=\"caption-attachment-562730\" style=\"width: 920px\" class=\"wp-caption alignnone\"><a href=\"https:\/\/www.supercars.net\/blog\/wp-content\/uploads\/2014\/02\/Barnfind-300SL-HK-Engineering-stand.jpg\"><img decoding=\"async\" class=\"size-full wp-image-562730\" src=\"https:\/\/www.supercars.net\/blog\/wp-content\/uploads\/2014\/02\/Barnfind-300SL-HK-Engineering-stand.jpg\" alt=\"\" width=\"920\" height=\"613\" srcset=\"https:\/\/www.supercars.net\/blog\/wp-content\/uploads\/2014\/02\/Barnfind-300SL-HK-Engineering-stand.jpg 920w, https:\/\/www.supercars.net\/blog\/wp-content\/uploads\/2014\/02\/Barnfind-300SL-HK-Engineering-stand-300x200.jpg 300w, https:\/\/www.supercars.net\/blog\/wp-content\/uploads\/2014\/02\/Barnfind-300SL-HK-Engineering-stand-100x67.jpg 100w, https:\/\/www.supercars.net\/blog\/wp-content\/uploads\/2014\/02\/Barnfind-300SL-HK-Engineering-stand-770x513.jpg 770w, https:\/\/www.supercars.net\/blog\/wp-content\/uploads\/2014\/02\/Barnfind-300SL-HK-Engineering-stand-360x240.jpg 360w, https:\/\/www.supercars.net\/blog\/wp-content\/uploads\/2014\/02\/Barnfind-300SL-HK-Engineering-stand-370x247.jpg 370w, https:\/\/www.supercars.net\/blog\/wp-content\/uploads\/2014\/02\/Barnfind-300SL-HK-Engineering-stand-293x195.jpg 293w\" sizes=\"(max-width: 920px) 100vw, 920px\" \/><\/a><figcaption id=\"caption-attachment-562730\" class=\"wp-caption-text\">Barnfind 300SL &#8211; HK Engineering stand<\/figcaption><\/figure>\n<figure id=\"attachment_562731\" aria-describedby=\"caption-attachment-562731\" style=\"width: 920px\" class=\"wp-caption alignnone\"><a href=\"https:\/\/www.supercars.net\/blog\/wp-content\/uploads\/2014\/02\/Barnfind-300SL-HK-Engineering-stand-1.jpg\"><img decoding=\"async\" class=\"size-full wp-image-562731\" src=\"https:\/\/www.supercars.net\/blog\/wp-content\/uploads\/2014\/02\/Barnfind-300SL-HK-Engineering-stand-1.jpg\" alt=\"\" width=\"920\" height=\"613\" srcset=\"https:\/\/www.supercars.net\/blog\/wp-content\/uploads\/2014\/02\/Barnfind-300SL-HK-Engineering-stand-1.jpg 920w, https:\/\/www.supercars.net\/blog\/wp-content\/uploads\/2014\/02\/Barnfind-300SL-HK-Engineering-stand-1-300x200.jpg 300w, https:\/\/www.supercars.net\/blog\/wp-content\/uploads\/2014\/02\/Barnfind-300SL-HK-Engineering-stand-1-100x67.jpg 100w, https:\/\/www.supercars.net\/blog\/wp-content\/uploads\/2014\/02\/Barnfind-300SL-HK-Engineering-stand-1-770x513.jpg 770w, https:\/\/www.supercars.net\/blog\/wp-content\/uploads\/2014\/02\/Barnfind-300SL-HK-Engineering-stand-1-360x240.jpg 360w, https:\/\/www.supercars.net\/blog\/wp-content\/uploads\/2014\/02\/Barnfind-300SL-HK-Engineering-stand-1-370x247.jpg 370w, https:\/\/www.supercars.net\/blog\/wp-content\/uploads\/2014\/02\/Barnfind-300SL-HK-Engineering-stand-1-293x195.jpg 293w\" sizes=\"(max-width: 920px) 100vw, 920px\" \/><\/a><figcaption id=\"caption-attachment-562731\" class=\"wp-caption-text\">Barnfind 300SL &#8211; HK Engineering stand<\/figcaption><\/figure>\n<figure id=\"attachment_562728\" aria-describedby=\"caption-attachment-562728\" style=\"width: 920px\" class=\"wp-caption alignnone\"><a href=\"https:\/\/www.supercars.net\/blog\/wp-content\/uploads\/2014\/02\/BABS.jpg\"><img decoding=\"async\" class=\"size-full wp-image-562728\" src=\"https:\/\/www.supercars.net\/blog\/wp-content\/uploads\/2014\/02\/BABS.jpg\" alt=\"\" width=\"920\" height=\"613\" srcset=\"https:\/\/www.supercars.net\/blog\/wp-content\/uploads\/2014\/02\/BABS.jpg 920w, https:\/\/www.supercars.net\/blog\/wp-content\/uploads\/2014\/02\/BABS-300x200.jpg 300w, https:\/\/www.supercars.net\/blog\/wp-content\/uploads\/2014\/02\/BABS-100x67.jpg 100w, https:\/\/www.supercars.net\/blog\/wp-content\/uploads\/2014\/02\/BABS-770x513.jpg 770w, https:\/\/www.supercars.net\/blog\/wp-content\/uploads\/2014\/02\/BABS-360x240.jpg 360w, https:\/\/www.supercars.net\/blog\/wp-content\/uploads\/2014\/02\/BABS-370x247.jpg 370w, https:\/\/www.supercars.net\/blog\/wp-content\/uploads\/2014\/02\/BABS-293x195.jpg 293w\" sizes=\"(max-width: 920px) 100vw, 920px\" \/><\/a><figcaption id=\"caption-attachment-562728\" class=\"wp-caption-text\">Babs Land Speed Record Car<\/figcaption><\/figure>\n<figure id=\"attachment_562729\" aria-describedby=\"caption-attachment-562729\" style=\"width: 920px\" class=\"wp-caption alignnone\"><a href=\"https:\/\/www.supercars.net\/blog\/wp-content\/uploads\/2014\/02\/BABS-1.jpg\"><img decoding=\"async\" class=\"size-full wp-image-562729\" src=\"https:\/\/www.supercars.net\/blog\/wp-content\/uploads\/2014\/02\/BABS-1.jpg\" alt=\"\" width=\"920\" height=\"613\" srcset=\"https:\/\/www.supercars.net\/blog\/wp-content\/uploads\/2014\/02\/BABS-1.jpg 920w, https:\/\/www.supercars.net\/blog\/wp-content\/uploads\/2014\/02\/BABS-1-300x200.jpg 300w, https:\/\/www.supercars.net\/blog\/wp-content\/uploads\/2014\/02\/BABS-1-100x67.jpg 100w, https:\/\/www.supercars.net\/blog\/wp-content\/uploads\/2014\/02\/BABS-1-770x513.jpg 770w, https:\/\/www.supercars.net\/blog\/wp-content\/uploads\/2014\/02\/BABS-1-360x240.jpg 360w, https:\/\/www.supercars.net\/blog\/wp-content\/uploads\/2014\/02\/BABS-1-370x247.jpg 370w, https:\/\/www.supercars.net\/blog\/wp-content\/uploads\/2014\/02\/BABS-1-293x195.jpg 293w\" sizes=\"(max-width: 920px) 100vw, 920px\" \/><\/a><figcaption id=\"caption-attachment-562729\" class=\"wp-caption-text\">Babs Land Speed Record Car<\/figcaption><\/figure>\n<p>The unauthorized use and\/or duplication of any editorial or photographic content from sportscardigest.com without express and written permission from the publisher is strictly prohibited. Excerpts and links may be used, provided that full and clear credit is given to sportscardigest.com with appropriate and specific direction to the original content.<\/p>\n<p>The unauthorized use and\/or duplication of any editorial or photographic content from sportscardigest.com without express and written permission from the publisher is strictly prohibited. Excerpts and links may be used, provided that full and clear credit is given to sportscardigest.com with appropriate and specific direction to the original content.<\/p>\n<p>[Source: Salon Retromobile; photos: Pavel Novitski]<\/p>\n","protected":false},"excerpt":{"rendered":"<p>The 2014 Salon Retromobile was held 5-9 February at the Porte de Versailles Exhibition Center in Paris, France. The 39th annual Retromobile again focused entirely on classic collector cars, with more than 90,000 visiting the 450 booths spread over 44,000 square meters of exhibition space. This year&#8217;s Retromobile classic car event paid tribute to land speed titans J.G. Parry-Thomas and Sir Malcolm Campbell, the 100th anniversary of the First World War and the Cars of the Maharajas with the Swan [&hellip;]<\/p>\n","protected":false},"author":136,"featured_media":793321,"comment_status":"open","ping_status":"closed","sticky":false,"template":"","format":"standard","meta":{"footnotes":""},"categories":[260,16932],"tags":[432,16936,881],"class_list":["post-370495","post","type-post","status-publish","format-standard","has-post-thumbnail","hentry","category-car-events","category-festivals-shows","tag-events","tag-festivals-shows","tag-retromobile"],"yoast_head":"<!-- This site is optimized with the Yoast SEO plugin v27.4 - https:\/\/yoast.com\/product\/yoast-seo-wordpress\/ -->\n<title>Salon Retromobile 2014 - Report and Photo Gallery<\/title>\n<meta name=\"description\" content=\"Photo gallery and report from the 2014 Salon Retromobile, held 5-9 February at the Porte de Versailles Exhibition Center in Paris, France.\" \/>\n<meta name=\"robots\" content=\"index, follow, max-snippet:-1, max-image-preview:large, max-video-preview:-1\" \/>\n<link rel=\"canonical\" href=\"https:\/\/www.supercars.net\/blog\/salon-retromobile-2014-report-and-photos\/\" \/>\n<meta property=\"og:locale\" content=\"en_US\" \/>\n<meta property=\"og:type\" content=\"article\" \/>\n<meta property=\"og:title\" content=\"Salon Retromobile 2014 - Report and Photo Gallery\" \/>\n<meta property=\"og:description\" content=\"Photo gallery and report from the 2014 Salon Retromobile, held 5-9 February at the Porte de Versailles Exhibition Center in Paris, France.\" \/>\n<meta property=\"og:url\" content=\"https:\/\/www.supercars.net\/blog\/salon-retromobile-2014-report-and-photos\/\" \/>\n<meta property=\"og:site_name\" content=\"Supercars.net\" \/>\n<meta property=\"article:publisher\" content=\"https:\/\/www.facebook.com\/Supercars.net\/\" \/>\n<meta property=\"article:published_time\" content=\"2014-02-10T14:00:38+00:00\" \/>\n<meta property=\"article:modified_time\" content=\"2024-01-15T10:58:34+00:00\" \/>\n<meta property=\"og:image\" content=\"https:\/\/www.supercars.net\/blog\/wp-content\/uploads\/2014\/02\/Lukas-Huni-Stand-2-1.jpg\" \/>\n\t<meta property=\"og:image:width\" content=\"1024\" \/>\n\t<meta property=\"og:image:height\" content=\"409\" \/>\n\t<meta property=\"og:image:type\" content=\"image\/jpeg\" \/>\n<meta name=\"author\" content=\"Pavel Novitski\" \/>\n<meta name=\"twitter:card\" content=\"summary_large_image\" \/>\n<meta name=\"twitter:creator\" content=\"@supercars_net\" \/>\n<meta name=\"twitter:site\" content=\"@supercars_net\" \/>\n<meta name=\"twitter:label1\" content=\"Written by\" \/>\n\t<meta name=\"twitter:data1\" content=\"Pavel Novitski\" \/>\n\t<meta name=\"twitter:label2\" content=\"Est. reading time\" \/>\n\t<meta name=\"twitter:data2\" content=\"15 minutes\" \/>\n<script type=\"application\/ld+json\" class=\"yoast-schema-graph\">{\"@context\":\"https:\\\/\\\/schema.org\",\"@graph\":[{\"@type\":\"Article\",\"@id\":\"https:\\\/\\\/www.supercars.net\\\/blog\\\/salon-retromobile-2014-report-and-photos\\\/#article\",\"isPartOf\":{\"@id\":\"https:\\\/\\\/www.supercars.net\\\/blog\\\/salon-retromobile-2014-report-and-photos\\\/\"},\"author\":{\"name\":\"Pavel Novitski\",\"@id\":\"https:\\\/\\\/www.supercars.net\\\/blog\\\/#\\\/schema\\\/person\\\/65e0e585a3d09b798a8dbc2db099c1b2\"},\"headline\":\"R\u00e9tromobile (2014) &#8211; Recap &#038; Photo Gallery 01\",\"datePublished\":\"2014-02-10T14:00:38+00:00\",\"dateModified\":\"2024-01-15T10:58:34+00:00\",\"mainEntityOfPage\":{\"@id\":\"https:\\\/\\\/www.supercars.net\\\/blog\\\/salon-retromobile-2014-report-and-photos\\\/\"},\"wordCount\":1375,\"commentCount\":4,\"image\":{\"@id\":\"https:\\\/\\\/www.supercars.net\\\/blog\\\/salon-retromobile-2014-report-and-photos\\\/#primaryimage\"},\"thumbnailUrl\":\"https:\\\/\\\/www.supercars.net\\\/blog\\\/wp-content\\\/uploads\\\/2014\\\/02\\\/Lukas-Huni-Stand-2-1.jpg\",\"keywords\":[\"Event (Car Events &amp; Shows)\",\"Event (Festivals &amp; Shows)\",\"Event (Retromobile)\"],\"articleSection\":[\"Car Events &amp; Shows\",\"Festivals &amp; Shows\"],\"inLanguage\":\"en-US\",\"potentialAction\":[{\"@type\":\"CommentAction\",\"name\":\"Comment\",\"target\":[\"https:\\\/\\\/www.supercars.net\\\/blog\\\/salon-retromobile-2014-report-and-photos\\\/#respond\"]}]},{\"@type\":\"WebPage\",\"@id\":\"https:\\\/\\\/www.supercars.net\\\/blog\\\/salon-retromobile-2014-report-and-photos\\\/\",\"url\":\"https:\\\/\\\/www.supercars.net\\\/blog\\\/salon-retromobile-2014-report-and-photos\\\/\",\"name\":\"Salon Retromobile 2014 - Report and Photo Gallery\",\"isPartOf\":{\"@id\":\"https:\\\/\\\/www.supercars.net\\\/blog\\\/#website\"},\"primaryImageOfPage\":{\"@id\":\"https:\\\/\\\/www.supercars.net\\\/blog\\\/salon-retromobile-2014-report-and-photos\\\/#primaryimage\"},\"image\":{\"@id\":\"https:\\\/\\\/www.supercars.net\\\/blog\\\/salon-retromobile-2014-report-and-photos\\\/#primaryimage\"},\"thumbnailUrl\":\"https:\\\/\\\/www.supercars.net\\\/blog\\\/wp-content\\\/uploads\\\/2014\\\/02\\\/Lukas-Huni-Stand-2-1.jpg\",\"datePublished\":\"2014-02-10T14:00:38+00:00\",\"dateModified\":\"2024-01-15T10:58:34+00:00\",\"author\":{\"@id\":\"https:\\\/\\\/www.supercars.net\\\/blog\\\/#\\\/schema\\\/person\\\/65e0e585a3d09b798a8dbc2db099c1b2\"},\"description\":\"Photo gallery and report from the 2014 Salon Retromobile, held 5-9 February at the Porte de Versailles Exhibition Center in Paris, France.\",\"breadcrumb\":{\"@id\":\"https:\\\/\\\/www.supercars.net\\\/blog\\\/salon-retromobile-2014-report-and-photos\\\/#breadcrumb\"},\"inLanguage\":\"en-US\",\"potentialAction\":[{\"@type\":\"ReadAction\",\"target\":[\"https:\\\/\\\/www.supercars.net\\\/blog\\\/salon-retromobile-2014-report-and-photos\\\/\"]}]},{\"@type\":\"ImageObject\",\"inLanguage\":\"en-US\",\"@id\":\"https:\\\/\\\/www.supercars.net\\\/blog\\\/salon-retromobile-2014-report-and-photos\\\/#primaryimage\",\"url\":\"https:\\\/\\\/www.supercars.net\\\/blog\\\/wp-content\\\/uploads\\\/2014\\\/02\\\/Lukas-Huni-Stand-2-1.jpg\",\"contentUrl\":\"https:\\\/\\\/www.supercars.net\\\/blog\\\/wp-content\\\/uploads\\\/2014\\\/02\\\/Lukas-Huni-Stand-2-1.jpg\",\"width\":1024,\"height\":409,\"caption\":\"Lukas Huni Stand\"},{\"@type\":\"BreadcrumbList\",\"@id\":\"https:\\\/\\\/www.supercars.net\\\/blog\\\/salon-retromobile-2014-report-and-photos\\\/#breadcrumb\",\"itemListElement\":[{\"@type\":\"ListItem\",\"position\":1,\"name\":\"Home\",\"item\":\"https:\\\/\\\/www.supercars.net\\\/blog\\\/\"},{\"@type\":\"ListItem\",\"position\":2,\"name\":\"R\u00e9tromobile (2014) &#8211; Recap &#038; Photo Gallery 01\"}]},{\"@type\":\"WebSite\",\"@id\":\"https:\\\/\\\/www.supercars.net\\\/blog\\\/#website\",\"url\":\"https:\\\/\\\/www.supercars.net\\\/blog\\\/\",\"name\":\"Supercars.net\",\"description\":\"Exotic and Supercar news, information, pictures and videos\",\"potentialAction\":[{\"@type\":\"SearchAction\",\"target\":{\"@type\":\"EntryPoint\",\"urlTemplate\":\"https:\\\/\\\/www.supercars.net\\\/blog\\\/?s={search_term_string}\"},\"query-input\":{\"@type\":\"PropertyValueSpecification\",\"valueRequired\":true,\"valueName\":\"search_term_string\"}}],\"inLanguage\":\"en-US\"},{\"@type\":\"Person\",\"@id\":\"https:\\\/\\\/www.supercars.net\\\/blog\\\/#\\\/schema\\\/person\\\/65e0e585a3d09b798a8dbc2db099c1b2\",\"name\":\"Pavel Novitski\",\"image\":{\"@type\":\"ImageObject\",\"inLanguage\":\"en-US\",\"@id\":\"https:\\\/\\\/www.supercars.net\\\/blog\\\/wp-content\\\/uploads\\\/2023\\\/10\\\/Pavel-Novitski-293x293.png\",\"url\":\"https:\\\/\\\/www.supercars.net\\\/blog\\\/wp-content\\\/uploads\\\/2023\\\/10\\\/Pavel-Novitski-293x293.png\",\"contentUrl\":\"https:\\\/\\\/www.supercars.net\\\/blog\\\/wp-content\\\/uploads\\\/2023\\\/10\\\/Pavel-Novitski-293x293.png\",\"caption\":\"Pavel Novitski\"},\"description\":\"Pavel Novitski has been passionate about classic cars since his very early days and, naturally, in the last 10 years he expanded his interests well beyond classic car history into restoration, photography and consultancy, with the last two being his primary occupation. Based in London, Pavel is currently working on a number of projects, including, but not limited to, development of a collector car market in Russia. You may meet him at the major Concours, such as Villa d\u2019Este or St.James\u2019s, or historic rallies like the Mille Miglia. Pavel is a regular contributor to Classic &amp; Sport Cars (Russia) print edition as well as a number of online classic car magazines. To see more from Pavel, visit PavelNovitski.com.\",\"sameAs\":[\"https:\\\/\\\/pavelnovitski.wixsite.com\\\/novitski-classics\",\"https:\\\/\\\/www.instagram.com\\\/pavelnovitski\\\/\"],\"url\":\"https:\\\/\\\/www.supercars.net\\\/blog\\\/author\\\/pavel-novitski\\\/\"}]}<\/script>\n<!-- \/ Yoast SEO plugin. -->","yoast_head_json":{"title":"Salon Retromobile 2014 - Report and Photo Gallery","description":"Photo gallery and report from the 2014 Salon Retromobile, held 5-9 February at the Porte de Versailles Exhibition Center in Paris, France.","robots":{"index":"index","follow":"follow","max-snippet":"max-snippet:-1","max-image-preview":"max-image-preview:large","max-video-preview":"max-video-preview:-1"},"canonical":"https:\/\/www.supercars.net\/blog\/salon-retromobile-2014-report-and-photos\/","og_locale":"en_US","og_type":"article","og_title":"Salon Retromobile 2014 - Report and Photo Gallery","og_description":"Photo gallery and report from the 2014 Salon Retromobile, held 5-9 February at the Porte de Versailles Exhibition Center in Paris, France.","og_url":"https:\/\/www.supercars.net\/blog\/salon-retromobile-2014-report-and-photos\/","og_site_name":"Supercars.net","article_publisher":"https:\/\/www.facebook.com\/Supercars.net\/","article_published_time":"2014-02-10T14:00:38+00:00","article_modified_time":"2024-01-15T10:58:34+00:00","og_image":[{"width":1024,"height":409,"url":"https:\/\/www.supercars.net\/blog\/wp-content\/uploads\/2014\/02\/Lukas-Huni-Stand-2-1.jpg","type":"image\/jpeg"}],"author":"Pavel Novitski","twitter_card":"summary_large_image","twitter_creator":"@supercars_net","twitter_site":"@supercars_net","twitter_misc":{"Written by":"Pavel Novitski","Est. reading time":"15 minutes"},"schema":{"@context":"https:\/\/schema.org","@graph":[{"@type":"Article","@id":"https:\/\/www.supercars.net\/blog\/salon-retromobile-2014-report-and-photos\/#article","isPartOf":{"@id":"https:\/\/www.supercars.net\/blog\/salon-retromobile-2014-report-and-photos\/"},"author":{"name":"Pavel Novitski","@id":"https:\/\/www.supercars.net\/blog\/#\/schema\/person\/65e0e585a3d09b798a8dbc2db099c1b2"},"headline":"R\u00e9tromobile (2014) &#8211; Recap &#038; Photo Gallery 01","datePublished":"2014-02-10T14:00:38+00:00","dateModified":"2024-01-15T10:58:34+00:00","mainEntityOfPage":{"@id":"https:\/\/www.supercars.net\/blog\/salon-retromobile-2014-report-and-photos\/"},"wordCount":1375,"commentCount":4,"image":{"@id":"https:\/\/www.supercars.net\/blog\/salon-retromobile-2014-report-and-photos\/#primaryimage"},"thumbnailUrl":"https:\/\/www.supercars.net\/blog\/wp-content\/uploads\/2014\/02\/Lukas-Huni-Stand-2-1.jpg","keywords":["Event (Car Events &amp; Shows)","Event (Festivals &amp; Shows)","Event (Retromobile)"],"articleSection":["Car Events &amp; Shows","Festivals &amp; Shows"],"inLanguage":"en-US","potentialAction":[{"@type":"CommentAction","name":"Comment","target":["https:\/\/www.supercars.net\/blog\/salon-retromobile-2014-report-and-photos\/#respond"]}]},{"@type":"WebPage","@id":"https:\/\/www.supercars.net\/blog\/salon-retromobile-2014-report-and-photos\/","url":"https:\/\/www.supercars.net\/blog\/salon-retromobile-2014-report-and-photos\/","name":"Salon Retromobile 2014 - Report and Photo Gallery","isPartOf":{"@id":"https:\/\/www.supercars.net\/blog\/#website"},"primaryImageOfPage":{"@id":"https:\/\/www.supercars.net\/blog\/salon-retromobile-2014-report-and-photos\/#primaryimage"},"image":{"@id":"https:\/\/www.supercars.net\/blog\/salon-retromobile-2014-report-and-photos\/#primaryimage"},"thumbnailUrl":"https:\/\/www.supercars.net\/blog\/wp-content\/uploads\/2014\/02\/Lukas-Huni-Stand-2-1.jpg","datePublished":"2014-02-10T14:00:38+00:00","dateModified":"2024-01-15T10:58:34+00:00","author":{"@id":"https:\/\/www.supercars.net\/blog\/#\/schema\/person\/65e0e585a3d09b798a8dbc2db099c1b2"},"description":"Photo gallery and report from the 2014 Salon Retromobile, held 5-9 February at the Porte de Versailles Exhibition Center in Paris, France.","breadcrumb":{"@id":"https:\/\/www.supercars.net\/blog\/salon-retromobile-2014-report-and-photos\/#breadcrumb"},"inLanguage":"en-US","potentialAction":[{"@type":"ReadAction","target":["https:\/\/www.supercars.net\/blog\/salon-retromobile-2014-report-and-photos\/"]}]},{"@type":"ImageObject","inLanguage":"en-US","@id":"https:\/\/www.supercars.net\/blog\/salon-retromobile-2014-report-and-photos\/#primaryimage","url":"https:\/\/www.supercars.net\/blog\/wp-content\/uploads\/2014\/02\/Lukas-Huni-Stand-2-1.jpg","contentUrl":"https:\/\/www.supercars.net\/blog\/wp-content\/uploads\/2014\/02\/Lukas-Huni-Stand-2-1.jpg","width":1024,"height":409,"caption":"Lukas Huni Stand"},{"@type":"BreadcrumbList","@id":"https:\/\/www.supercars.net\/blog\/salon-retromobile-2014-report-and-photos\/#breadcrumb","itemListElement":[{"@type":"ListItem","position":1,"name":"Home","item":"https:\/\/www.supercars.net\/blog\/"},{"@type":"ListItem","position":2,"name":"R\u00e9tromobile (2014) &#8211; Recap &#038; Photo Gallery 01"}]},{"@type":"WebSite","@id":"https:\/\/www.supercars.net\/blog\/#website","url":"https:\/\/www.supercars.net\/blog\/","name":"Supercars.net","description":"Exotic and Supercar news, information, pictures and videos","potentialAction":[{"@type":"SearchAction","target":{"@type":"EntryPoint","urlTemplate":"https:\/\/www.supercars.net\/blog\/?s={search_term_string}"},"query-input":{"@type":"PropertyValueSpecification","valueRequired":true,"valueName":"search_term_string"}}],"inLanguage":"en-US"},{"@type":"Person","@id":"https:\/\/www.supercars.net\/blog\/#\/schema\/person\/65e0e585a3d09b798a8dbc2db099c1b2","name":"Pavel Novitski","image":{"@type":"ImageObject","inLanguage":"en-US","@id":"https:\/\/www.supercars.net\/blog\/wp-content\/uploads\/2023\/10\/Pavel-Novitski-293x293.png","url":"https:\/\/www.supercars.net\/blog\/wp-content\/uploads\/2023\/10\/Pavel-Novitski-293x293.png","contentUrl":"https:\/\/www.supercars.net\/blog\/wp-content\/uploads\/2023\/10\/Pavel-Novitski-293x293.png","caption":"Pavel Novitski"},"description":"Pavel Novitski has been passionate about classic cars since his very early days and, naturally, in the last 10 years he expanded his interests well beyond classic car history into restoration, photography and consultancy, with the last two being his primary occupation. Based in London, Pavel is currently working on a number of projects, including, but not limited to, development of a collector car market in Russia. You may meet him at the major Concours, such as Villa d\u2019Este or St.James\u2019s, or historic rallies like the Mille Miglia. Pavel is a regular contributor to Classic &amp; Sport Cars (Russia) print edition as well as a number of online classic car magazines. To see more from Pavel, visit PavelNovitski.com.","sameAs":["https:\/\/pavelnovitski.wixsite.com\/novitski-classics","https:\/\/www.instagram.com\/pavelnovitski\/"],"url":"https:\/\/www.supercars.net\/blog\/author\/pavel-novitski\/"}]}},"_links":{"self":[{"href":"https:\/\/www.supercars.net\/blog\/wp-json\/wp\/v2\/posts\/370495","targetHints":{"allow":["GET"]}}],"collection":[{"href":"https:\/\/www.supercars.net\/blog\/wp-json\/wp\/v2\/posts"}],"about":[{"href":"https:\/\/www.supercars.net\/blog\/wp-json\/wp\/v2\/types\/post"}],"author":[{"embeddable":true,"href":"https:\/\/www.supercars.net\/blog\/wp-json\/wp\/v2\/users\/136"}],"replies":[{"embeddable":true,"href":"https:\/\/www.supercars.net\/blog\/wp-json\/wp\/v2\/comments?post=370495"}],"version-history":[{"count":0,"href":"https:\/\/www.supercars.net\/blog\/wp-json\/wp\/v2\/posts\/370495\/revisions"}],"wp:featuredmedia":[{"embeddable":true,"href":"https:\/\/www.supercars.net\/blog\/wp-json\/wp\/v2\/media\/793321"}],"wp:attachment":[{"href":"https:\/\/www.supercars.net\/blog\/wp-json\/wp\/v2\/media?parent=370495"}],"wp:term":[{"taxonomy":"category","embeddable":true,"href":"https:\/\/www.supercars.net\/blog\/wp-json\/wp\/v2\/categories?post=370495"},{"taxonomy":"post_tag","embeddable":true,"href":"https:\/\/www.supercars.net\/blog\/wp-json\/wp\/v2\/tags?post=370495"}],"curies":[{"name":"wp","href":"https:\/\/api.w.org\/{rel}","templated":true}]}}