{"id":370553,"date":"2014-04-14T11:30:35","date_gmt":"2014-04-14T15:30:35","guid":{"rendered":"https:\/\/sportscardigest.com\/?p=61411"},"modified":"2024-01-03T16:06:16","modified_gmt":"2024-01-03T16:06:16","slug":"tour-auto-rally-2014-report-photos","status":"publish","type":"post","link":"https:\/\/www.supercars.net\/blog\/tour-auto-rally-2014-report-photos\/","title":{"rendered":"Tour Auto (2014) &#8211; Recap &#038; Photo Gallery"},"content":{"rendered":"<p>The Tour Auto Rally 2014 was held April 7-12 on the secondary roads and race circuits of France. Since 1992, the retrospective of the Tour de France Automobile race followed the French secondary roads along a handpicked itinerary. Renewed each year, the route for the 2014 Tour Auto Optic 2ooo was concentrated to the east of France. After the traditional start in the Grand Palais, in which the cars were displayed for Parisian enthusiasts, the rally followed a unique course that was a blend of closed country roads and racing tracks, before the race came to an end in Marseille.<\/p>\n<p>The hotly-contested battle for first place in the overall Competition category was played out between the British crew of Shaun Lynn and Kevin Kivlochan in their AC Cobra and the E-Type Jaguar driven by French duo of Jean-Pierre Lajournade and Christophe Bouchet.<\/p>\n<p>The Frenchmen, who were in the lead at the end of Friday\u2019s leg after Ludovic Caron\u2019s (winner of 8 stages out of the 13 in the Tour Auto) off, were hit by a penalty that deprived them of victory, which went to the British drivers. Lajournade won the Colombier stage, and at Paul Ricard it was Jean-Marc Merlin in his AC Cobra who came out on top.<\/p>\n<p>Roman Rocher and Jean-Fran\u00e7ois Penillard in their Porsche 906 won Group G from the Ford GT40 driven by Philippe Vandromme and Fr\u00e9d\u00e9ric Vivier. Victory in Group H went to Christophe Van Riet and Kristoffer Cartenian\u2019s 2.7-litre 911 RS Porsche, which led home Didier and Barbara Denat\u2019s 3-litre version. The racing classifications were completed by the triumph of Christophe Grenier and Guillaume Puget in their Group IV Ferrari 308 in Group I.<\/p>\n<p>In the Regularity section victory went to the Franco-Swiss pairing of Georges-Henri Meylan and Julien Stervinou in an Alpine A110 1600 S, while the Index of Performance was won Pierre Le Gloahec and Henanff-Alexandre Brasseur in a Jaguar MkI.<\/p>\n<p>The 23rd Tour Auto Optic 2ooo was again marked by the overall beauty of its innovative route, the presence of 25 nationalities and well-known drivers like Olivier Panis, Erik Comas, Emanuele Pirro (5-time winner of the Le Mans 24 Hours), J\u00fcrgen Barth, Armin Schwarz, Rauno Altonen, Pierre Ragues, Christian Balas and Jean-Claude Basso. An even-bigger crowd than in 2013 lined the route and flocked to the circuits to see more than 200 historic cars passing by ranging from the popular Renault 4 CV to makes like Ferrari, Aston Martin and Porsche prototypes among others.<\/p>\n<p>&#8212;<\/p>\n<p>Similar to <a title=\"2012 Tour Auto Rally Photos\" href=\"https:\/\/sportscardigest.com\/tour-auto-rally-2012-report-and-photos\/\">2012<\/a> and <a title=\"2013 Tour Auto Rally Photos\" href=\"https:\/\/sportscardigest.com\/tour-auto-rally-2013-report-and-photos\/\">2013<\/a>, photographer Julien Mahiels documented the 2014 Tour Auto, offering the following stunning pictures that show the strong field of entrants, in addition to the wonderful views found on the French countryside. We split up Julien&#8217;s 314 pictures into two galleries. The first gallery starting below features our favorite images, all displayed in the full-width view of Sports Car Digest, while the second gallery and rally results can be found on the <a title=\"Tour Auto Rally - Full Photo Gallery\" href=\"https:\/\/sportscardigest.com\/tour-auto-rally-2014-report-photos\/18\/\">last page of the article<\/a> and gives a comprehensive view of all the photographs. To see more from Julien, visit <a title=\"Julien Mahiels\" href=\"http:\/\/www.julienmahiels.net\/\" target=\"_blank\" rel=\"noopener\">julienmahiels.net<\/a>.<\/p>\n<h2 style=\"text-align: center;\"><strong>Tour Auto Rally 2014 &#8211; Featured Photo Gallery<\/strong><\/h2>\n<p>&nbsp;<\/p>\n<figure id=\"attachment_747564\" aria-describedby=\"caption-attachment-747564\" style=\"width: 1150px\" class=\"wp-caption alignnone\"><a href=\"https:\/\/www.supercars.net\/blog\/wp-content\/uploads\/2014\/04\/0001.jpg\"><img decoding=\"async\" class=\"size-full wp-image-747564\" src=\"https:\/\/www.supercars.net\/blog\/wp-content\/uploads\/2014\/04\/0001.jpg\" alt=\"\" width=\"1150\" height=\"765\" srcset=\"https:\/\/www.supercars.net\/blog\/wp-content\/uploads\/2014\/04\/0001.jpg 1150w, https:\/\/www.supercars.net\/blog\/wp-content\/uploads\/2014\/04\/0001-300x200.jpg 300w, https:\/\/www.supercars.net\/blog\/wp-content\/uploads\/2014\/04\/0001-1024x681.jpg 1024w, https:\/\/www.supercars.net\/blog\/wp-content\/uploads\/2014\/04\/0001-100x67.jpg 100w, https:\/\/www.supercars.net\/blog\/wp-content\/uploads\/2014\/04\/0001-770x512.jpg 770w, https:\/\/www.supercars.net\/blog\/wp-content\/uploads\/2014\/04\/0001-360x240.jpg 360w, https:\/\/www.supercars.net\/blog\/wp-content\/uploads\/2014\/04\/0001-370x247.jpg 370w, https:\/\/www.supercars.net\/blog\/wp-content\/uploads\/2014\/04\/0001-293x195.jpg 293w\" sizes=\"(max-width: 1150px) 100vw, 1150px\" \/><\/a><figcaption id=\"caption-attachment-747564\" class=\"wp-caption-text\">1975 Ferrari 365 GTB\/4 NART Spider<\/figcaption><\/figure>\n<figure id=\"attachment_747565\" aria-describedby=\"caption-attachment-747565\" style=\"width: 1150px\" class=\"wp-caption alignnone\"><a href=\"https:\/\/www.supercars.net\/blog\/wp-content\/uploads\/2014\/04\/0002.jpg\"><img decoding=\"async\" class=\"size-full wp-image-747565\" src=\"https:\/\/www.supercars.net\/blog\/wp-content\/uploads\/2014\/04\/0002.jpg\" alt=\"\" width=\"1150\" height=\"765\" srcset=\"https:\/\/www.supercars.net\/blog\/wp-content\/uploads\/2014\/04\/0002.jpg 1150w, https:\/\/www.supercars.net\/blog\/wp-content\/uploads\/2014\/04\/0002-300x200.jpg 300w, https:\/\/www.supercars.net\/blog\/wp-content\/uploads\/2014\/04\/0002-1024x681.jpg 1024w, https:\/\/www.supercars.net\/blog\/wp-content\/uploads\/2014\/04\/0002-100x67.jpg 100w, https:\/\/www.supercars.net\/blog\/wp-content\/uploads\/2014\/04\/0002-770x512.jpg 770w, https:\/\/www.supercars.net\/blog\/wp-content\/uploads\/2014\/04\/0002-360x240.jpg 360w, https:\/\/www.supercars.net\/blog\/wp-content\/uploads\/2014\/04\/0002-370x247.jpg 370w, https:\/\/www.supercars.net\/blog\/wp-content\/uploads\/2014\/04\/0002-293x195.jpg 293w\" sizes=\"(max-width: 1150px) 100vw, 1150px\" \/><\/a><figcaption id=\"caption-attachment-747565\" class=\"wp-caption-text\">1955 Mercedes-Benz 300 SL Gullwing<\/figcaption><\/figure>\n<figure id=\"attachment_747566\" aria-describedby=\"caption-attachment-747566\" style=\"width: 1150px\" class=\"wp-caption alignnone\"><a href=\"https:\/\/www.supercars.net\/blog\/wp-content\/uploads\/2014\/04\/0003.jpg\"><img decoding=\"async\" class=\"size-full wp-image-747566\" src=\"https:\/\/www.supercars.net\/blog\/wp-content\/uploads\/2014\/04\/0003.jpg\" alt=\"\" width=\"1150\" height=\"765\" srcset=\"https:\/\/www.supercars.net\/blog\/wp-content\/uploads\/2014\/04\/0003.jpg 1150w, https:\/\/www.supercars.net\/blog\/wp-content\/uploads\/2014\/04\/0003-300x200.jpg 300w, https:\/\/www.supercars.net\/blog\/wp-content\/uploads\/2014\/04\/0003-1024x681.jpg 1024w, https:\/\/www.supercars.net\/blog\/wp-content\/uploads\/2014\/04\/0003-100x67.jpg 100w, https:\/\/www.supercars.net\/blog\/wp-content\/uploads\/2014\/04\/0003-770x512.jpg 770w, https:\/\/www.supercars.net\/blog\/wp-content\/uploads\/2014\/04\/0003-360x240.jpg 360w, https:\/\/www.supercars.net\/blog\/wp-content\/uploads\/2014\/04\/0003-370x247.jpg 370w, https:\/\/www.supercars.net\/blog\/wp-content\/uploads\/2014\/04\/0003-293x195.jpg 293w\" sizes=\"(max-width: 1150px) 100vw, 1150px\" \/><\/a><figcaption id=\"caption-attachment-747566\" class=\"wp-caption-text\">1978 Lancia Stratos Group IV and 1970 Chevrolet Camaro<\/figcaption><\/figure>\n<figure id=\"attachment_747567\" aria-describedby=\"caption-attachment-747567\" style=\"width: 1150px\" class=\"wp-caption alignnone\"><a href=\"https:\/\/www.supercars.net\/blog\/wp-content\/uploads\/2014\/04\/0004.jpg\"><img decoding=\"async\" class=\"size-full wp-image-747567\" src=\"https:\/\/www.supercars.net\/blog\/wp-content\/uploads\/2014\/04\/0004.jpg\" alt=\"\" width=\"1150\" height=\"765\" srcset=\"https:\/\/www.supercars.net\/blog\/wp-content\/uploads\/2014\/04\/0004.jpg 1150w, https:\/\/www.supercars.net\/blog\/wp-content\/uploads\/2014\/04\/0004-300x200.jpg 300w, https:\/\/www.supercars.net\/blog\/wp-content\/uploads\/2014\/04\/0004-1024x681.jpg 1024w, https:\/\/www.supercars.net\/blog\/wp-content\/uploads\/2014\/04\/0004-100x67.jpg 100w, https:\/\/www.supercars.net\/blog\/wp-content\/uploads\/2014\/04\/0004-770x512.jpg 770w, https:\/\/www.supercars.net\/blog\/wp-content\/uploads\/2014\/04\/0004-360x240.jpg 360w, https:\/\/www.supercars.net\/blog\/wp-content\/uploads\/2014\/04\/0004-370x247.jpg 370w, https:\/\/www.supercars.net\/blog\/wp-content\/uploads\/2014\/04\/0004-293x195.jpg 293w\" sizes=\"(max-width: 1150px) 100vw, 1150px\" \/><\/a><figcaption id=\"caption-attachment-747567\" class=\"wp-caption-text\">1952 Aston Martin DB2<\/figcaption><\/figure>\n<figure id=\"attachment_747568\" aria-describedby=\"caption-attachment-747568\" style=\"width: 1150px\" class=\"wp-caption alignnone\"><a href=\"https:\/\/www.supercars.net\/blog\/wp-content\/uploads\/2014\/04\/0005.jpg\"><img decoding=\"async\" class=\"size-full wp-image-747568\" src=\"https:\/\/www.supercars.net\/blog\/wp-content\/uploads\/2014\/04\/0005.jpg\" alt=\"\" width=\"1150\" height=\"765\" srcset=\"https:\/\/www.supercars.net\/blog\/wp-content\/uploads\/2014\/04\/0005.jpg 1150w, https:\/\/www.supercars.net\/blog\/wp-content\/uploads\/2014\/04\/0005-300x200.jpg 300w, https:\/\/www.supercars.net\/blog\/wp-content\/uploads\/2014\/04\/0005-1024x681.jpg 1024w, https:\/\/www.supercars.net\/blog\/wp-content\/uploads\/2014\/04\/0005-100x67.jpg 100w, https:\/\/www.supercars.net\/blog\/wp-content\/uploads\/2014\/04\/0005-770x512.jpg 770w, https:\/\/www.supercars.net\/blog\/wp-content\/uploads\/2014\/04\/0005-360x240.jpg 360w, https:\/\/www.supercars.net\/blog\/wp-content\/uploads\/2014\/04\/0005-370x247.jpg 370w, https:\/\/www.supercars.net\/blog\/wp-content\/uploads\/2014\/04\/0005-293x195.jpg 293w\" sizes=\"(max-width: 1150px) 100vw, 1150px\" \/><\/a><figcaption id=\"caption-attachment-747568\" class=\"wp-caption-text\">1950 Jaguar XK120 Roadster<\/figcaption><\/figure>\n<figure id=\"attachment_747569\" aria-describedby=\"caption-attachment-747569\" style=\"width: 1150px\" class=\"wp-caption alignnone\"><a href=\"https:\/\/www.supercars.net\/blog\/wp-content\/uploads\/2014\/04\/0006.jpg\"><img decoding=\"async\" class=\"size-full wp-image-747569\" src=\"https:\/\/www.supercars.net\/blog\/wp-content\/uploads\/2014\/04\/0006.jpg\" alt=\"\" width=\"1150\" height=\"765\" srcset=\"https:\/\/www.supercars.net\/blog\/wp-content\/uploads\/2014\/04\/0006.jpg 1150w, https:\/\/www.supercars.net\/blog\/wp-content\/uploads\/2014\/04\/0006-300x200.jpg 300w, https:\/\/www.supercars.net\/blog\/wp-content\/uploads\/2014\/04\/0006-1024x681.jpg 1024w, https:\/\/www.supercars.net\/blog\/wp-content\/uploads\/2014\/04\/0006-100x67.jpg 100w, https:\/\/www.supercars.net\/blog\/wp-content\/uploads\/2014\/04\/0006-770x512.jpg 770w, https:\/\/www.supercars.net\/blog\/wp-content\/uploads\/2014\/04\/0006-360x240.jpg 360w, https:\/\/www.supercars.net\/blog\/wp-content\/uploads\/2014\/04\/0006-370x247.jpg 370w, https:\/\/www.supercars.net\/blog\/wp-content\/uploads\/2014\/04\/0006-293x195.jpg 293w\" sizes=\"(max-width: 1150px) 100vw, 1150px\" \/><\/a><figcaption id=\"caption-attachment-747569\" class=\"wp-caption-text\">1955 Mercedes-Benz 300 SL Gullwing<\/figcaption><\/figure>\n<figure id=\"attachment_747570\" aria-describedby=\"caption-attachment-747570\" style=\"width: 1150px\" class=\"wp-caption alignnone\"><a href=\"https:\/\/www.supercars.net\/blog\/wp-content\/uploads\/2014\/04\/0007.jpg\"><img decoding=\"async\" class=\"size-full wp-image-747570\" src=\"https:\/\/www.supercars.net\/blog\/wp-content\/uploads\/2014\/04\/0007.jpg\" alt=\"\" width=\"1150\" height=\"765\" srcset=\"https:\/\/www.supercars.net\/blog\/wp-content\/uploads\/2014\/04\/0007.jpg 1150w, https:\/\/www.supercars.net\/blog\/wp-content\/uploads\/2014\/04\/0007-300x200.jpg 300w, https:\/\/www.supercars.net\/blog\/wp-content\/uploads\/2014\/04\/0007-1024x681.jpg 1024w, https:\/\/www.supercars.net\/blog\/wp-content\/uploads\/2014\/04\/0007-100x67.jpg 100w, https:\/\/www.supercars.net\/blog\/wp-content\/uploads\/2014\/04\/0007-770x512.jpg 770w, https:\/\/www.supercars.net\/blog\/wp-content\/uploads\/2014\/04\/0007-360x240.jpg 360w, https:\/\/www.supercars.net\/blog\/wp-content\/uploads\/2014\/04\/0007-370x247.jpg 370w, https:\/\/www.supercars.net\/blog\/wp-content\/uploads\/2014\/04\/0007-293x195.jpg 293w\" sizes=\"(max-width: 1150px) 100vw, 1150px\" \/><\/a><figcaption id=\"caption-attachment-747570\" class=\"wp-caption-text\">1954 Jaguar XK140 Roadster<\/figcaption><\/figure>\n<figure id=\"attachment_747571\" aria-describedby=\"caption-attachment-747571\" style=\"width: 1150px\" class=\"wp-caption alignnone\"><a href=\"https:\/\/www.supercars.net\/blog\/wp-content\/uploads\/2014\/04\/0008.jpg\"><img decoding=\"async\" class=\"size-full wp-image-747571\" src=\"https:\/\/www.supercars.net\/blog\/wp-content\/uploads\/2014\/04\/0008.jpg\" alt=\"\" width=\"1150\" height=\"659\" srcset=\"https:\/\/www.supercars.net\/blog\/wp-content\/uploads\/2014\/04\/0008.jpg 1150w, https:\/\/www.supercars.net\/blog\/wp-content\/uploads\/2014\/04\/0008-300x172.jpg 300w, https:\/\/www.supercars.net\/blog\/wp-content\/uploads\/2014\/04\/0008-1024x587.jpg 1024w, https:\/\/www.supercars.net\/blog\/wp-content\/uploads\/2014\/04\/0008-100x57.jpg 100w, https:\/\/www.supercars.net\/blog\/wp-content\/uploads\/2014\/04\/0008-770x441.jpg 770w, https:\/\/www.supercars.net\/blog\/wp-content\/uploads\/2014\/04\/0008-293x168.jpg 293w\" sizes=\"(max-width: 1150px) 100vw, 1150px\" \/><\/a><figcaption id=\"caption-attachment-747571\" class=\"wp-caption-text\">1971 Ferrari Dino 246 GT<\/figcaption><\/figure>\n<figure id=\"attachment_747572\" aria-describedby=\"caption-attachment-747572\" style=\"width: 1150px\" class=\"wp-caption alignnone\"><a href=\"https:\/\/www.supercars.net\/blog\/wp-content\/uploads\/2014\/04\/0009.jpg\"><img decoding=\"async\" class=\"size-full wp-image-747572\" src=\"https:\/\/www.supercars.net\/blog\/wp-content\/uploads\/2014\/04\/0009.jpg\" alt=\"\" width=\"1150\" height=\"765\" srcset=\"https:\/\/www.supercars.net\/blog\/wp-content\/uploads\/2014\/04\/0009.jpg 1150w, https:\/\/www.supercars.net\/blog\/wp-content\/uploads\/2014\/04\/0009-300x200.jpg 300w, https:\/\/www.supercars.net\/blog\/wp-content\/uploads\/2014\/04\/0009-1024x681.jpg 1024w, https:\/\/www.supercars.net\/blog\/wp-content\/uploads\/2014\/04\/0009-100x67.jpg 100w, https:\/\/www.supercars.net\/blog\/wp-content\/uploads\/2014\/04\/0009-770x512.jpg 770w, https:\/\/www.supercars.net\/blog\/wp-content\/uploads\/2014\/04\/0009-360x240.jpg 360w, https:\/\/www.supercars.net\/blog\/wp-content\/uploads\/2014\/04\/0009-370x247.jpg 370w, https:\/\/www.supercars.net\/blog\/wp-content\/uploads\/2014\/04\/0009-293x195.jpg 293w\" sizes=\"(max-width: 1150px) 100vw, 1150px\" \/><\/a><figcaption id=\"caption-attachment-747572\" class=\"wp-caption-text\">1960 Ferrari 250 GT SWB Berlinetta<\/figcaption><\/figure>\n<figure id=\"attachment_747573\" aria-describedby=\"caption-attachment-747573\" style=\"width: 1150px\" class=\"wp-caption alignnone\"><a href=\"https:\/\/www.supercars.net\/blog\/wp-content\/uploads\/2014\/04\/0010.jpg\"><img decoding=\"async\" class=\"size-full wp-image-747573\" src=\"https:\/\/www.supercars.net\/blog\/wp-content\/uploads\/2014\/04\/0010.jpg\" alt=\"\" width=\"1150\" height=\"765\" srcset=\"https:\/\/www.supercars.net\/blog\/wp-content\/uploads\/2014\/04\/0010.jpg 1150w, https:\/\/www.supercars.net\/blog\/wp-content\/uploads\/2014\/04\/0010-300x200.jpg 300w, https:\/\/www.supercars.net\/blog\/wp-content\/uploads\/2014\/04\/0010-1024x681.jpg 1024w, https:\/\/www.supercars.net\/blog\/wp-content\/uploads\/2014\/04\/0010-100x67.jpg 100w, https:\/\/www.supercars.net\/blog\/wp-content\/uploads\/2014\/04\/0010-770x512.jpg 770w, https:\/\/www.supercars.net\/blog\/wp-content\/uploads\/2014\/04\/0010-360x240.jpg 360w, https:\/\/www.supercars.net\/blog\/wp-content\/uploads\/2014\/04\/0010-370x247.jpg 370w, https:\/\/www.supercars.net\/blog\/wp-content\/uploads\/2014\/04\/0010-293x195.jpg 293w\" sizes=\"(max-width: 1150px) 100vw, 1150px\" \/><\/a><figcaption id=\"caption-attachment-747573\" class=\"wp-caption-text\">1973 Opel GT 6<\/figcaption><\/figure>\n<figure id=\"attachment_747574\" aria-describedby=\"caption-attachment-747574\" style=\"width: 1150px\" class=\"wp-caption alignnone\"><a href=\"https:\/\/www.supercars.net\/blog\/wp-content\/uploads\/2014\/04\/0011.jpg\"><img decoding=\"async\" class=\"size-full wp-image-747574\" src=\"https:\/\/www.supercars.net\/blog\/wp-content\/uploads\/2014\/04\/0011.jpg\" alt=\"\" width=\"1150\" height=\"765\" srcset=\"https:\/\/www.supercars.net\/blog\/wp-content\/uploads\/2014\/04\/0011.jpg 1150w, https:\/\/www.supercars.net\/blog\/wp-content\/uploads\/2014\/04\/0011-300x200.jpg 300w, https:\/\/www.supercars.net\/blog\/wp-content\/uploads\/2014\/04\/0011-1024x681.jpg 1024w, https:\/\/www.supercars.net\/blog\/wp-content\/uploads\/2014\/04\/0011-100x67.jpg 100w, https:\/\/www.supercars.net\/blog\/wp-content\/uploads\/2014\/04\/0011-770x512.jpg 770w, https:\/\/www.supercars.net\/blog\/wp-content\/uploads\/2014\/04\/0011-360x240.jpg 360w, https:\/\/www.supercars.net\/blog\/wp-content\/uploads\/2014\/04\/0011-370x247.jpg 370w, https:\/\/www.supercars.net\/blog\/wp-content\/uploads\/2014\/04\/0011-293x195.jpg 293w\" sizes=\"(max-width: 1150px) 100vw, 1150px\" \/><\/a><figcaption id=\"caption-attachment-747574\" class=\"wp-caption-text\">1958 Porsche 356 Speedster<\/figcaption><\/figure>\n<figure id=\"attachment_747575\" aria-describedby=\"caption-attachment-747575\" style=\"width: 1150px\" class=\"wp-caption alignnone\"><a href=\"https:\/\/www.supercars.net\/blog\/wp-content\/uploads\/2014\/04\/0012.jpg\"><img decoding=\"async\" class=\"size-full wp-image-747575\" src=\"https:\/\/www.supercars.net\/blog\/wp-content\/uploads\/2014\/04\/0012.jpg\" alt=\"\" width=\"1150\" height=\"765\" srcset=\"https:\/\/www.supercars.net\/blog\/wp-content\/uploads\/2014\/04\/0012.jpg 1150w, https:\/\/www.supercars.net\/blog\/wp-content\/uploads\/2014\/04\/0012-300x200.jpg 300w, https:\/\/www.supercars.net\/blog\/wp-content\/uploads\/2014\/04\/0012-1024x681.jpg 1024w, https:\/\/www.supercars.net\/blog\/wp-content\/uploads\/2014\/04\/0012-100x67.jpg 100w, https:\/\/www.supercars.net\/blog\/wp-content\/uploads\/2014\/04\/0012-770x512.jpg 770w, https:\/\/www.supercars.net\/blog\/wp-content\/uploads\/2014\/04\/0012-360x240.jpg 360w, https:\/\/www.supercars.net\/blog\/wp-content\/uploads\/2014\/04\/0012-370x247.jpg 370w, https:\/\/www.supercars.net\/blog\/wp-content\/uploads\/2014\/04\/0012-293x195.jpg 293w\" sizes=\"(max-width: 1150px) 100vw, 1150px\" \/><\/a><figcaption id=\"caption-attachment-747575\" class=\"wp-caption-text\">1954 Porsche 356 Pre-A Coupe<\/figcaption><\/figure>\n<figure id=\"attachment_747576\" aria-describedby=\"caption-attachment-747576\" style=\"width: 1150px\" class=\"wp-caption alignnone\"><a href=\"https:\/\/www.supercars.net\/blog\/wp-content\/uploads\/2014\/04\/0013.jpg\"><img decoding=\"async\" class=\"size-full wp-image-747576\" src=\"https:\/\/www.supercars.net\/blog\/wp-content\/uploads\/2014\/04\/0013.jpg\" alt=\"\" width=\"1150\" height=\"765\" srcset=\"https:\/\/www.supercars.net\/blog\/wp-content\/uploads\/2014\/04\/0013.jpg 1150w, https:\/\/www.supercars.net\/blog\/wp-content\/uploads\/2014\/04\/0013-300x200.jpg 300w, https:\/\/www.supercars.net\/blog\/wp-content\/uploads\/2014\/04\/0013-1024x681.jpg 1024w, https:\/\/www.supercars.net\/blog\/wp-content\/uploads\/2014\/04\/0013-100x67.jpg 100w, https:\/\/www.supercars.net\/blog\/wp-content\/uploads\/2014\/04\/0013-770x512.jpg 770w, https:\/\/www.supercars.net\/blog\/wp-content\/uploads\/2014\/04\/0013-360x240.jpg 360w, https:\/\/www.supercars.net\/blog\/wp-content\/uploads\/2014\/04\/0013-370x247.jpg 370w, https:\/\/www.supercars.net\/blog\/wp-content\/uploads\/2014\/04\/0013-293x195.jpg 293w\" sizes=\"(max-width: 1150px) 100vw, 1150px\" \/><\/a><figcaption id=\"caption-attachment-747576\" class=\"wp-caption-text\">1954 Porsche 356 A 1500 Carrera GT Speedster<\/figcaption><\/figure>\n<figure id=\"attachment_747577\" aria-describedby=\"caption-attachment-747577\" style=\"width: 1150px\" class=\"wp-caption alignnone\"><a href=\"https:\/\/www.supercars.net\/blog\/wp-content\/uploads\/2014\/04\/0014.jpg\"><img decoding=\"async\" class=\"size-full wp-image-747577\" src=\"https:\/\/www.supercars.net\/blog\/wp-content\/uploads\/2014\/04\/0014.jpg\" alt=\"\" width=\"1150\" height=\"765\" srcset=\"https:\/\/www.supercars.net\/blog\/wp-content\/uploads\/2014\/04\/0014.jpg 1150w, https:\/\/www.supercars.net\/blog\/wp-content\/uploads\/2014\/04\/0014-300x200.jpg 300w, https:\/\/www.supercars.net\/blog\/wp-content\/uploads\/2014\/04\/0014-1024x681.jpg 1024w, https:\/\/www.supercars.net\/blog\/wp-content\/uploads\/2014\/04\/0014-100x67.jpg 100w, https:\/\/www.supercars.net\/blog\/wp-content\/uploads\/2014\/04\/0014-770x512.jpg 770w, https:\/\/www.supercars.net\/blog\/wp-content\/uploads\/2014\/04\/0014-360x240.jpg 360w, https:\/\/www.supercars.net\/blog\/wp-content\/uploads\/2014\/04\/0014-370x247.jpg 370w, https:\/\/www.supercars.net\/blog\/wp-content\/uploads\/2014\/04\/0014-293x195.jpg 293w\" sizes=\"(max-width: 1150px) 100vw, 1150px\" \/><\/a><figcaption id=\"caption-attachment-747577\" class=\"wp-caption-text\">Winning Team &#8211; 1963 AC Cobra of Shaun Lynn and Kevin Kivlochan<\/figcaption><\/figure>\n<figure id=\"attachment_747578\" aria-describedby=\"caption-attachment-747578\" style=\"width: 1150px\" class=\"wp-caption alignnone\"><a href=\"https:\/\/www.supercars.net\/blog\/wp-content\/uploads\/2014\/04\/0015.jpg\"><img decoding=\"async\" class=\"size-full wp-image-747578\" src=\"https:\/\/www.supercars.net\/blog\/wp-content\/uploads\/2014\/04\/0015.jpg\" alt=\"\" width=\"1150\" height=\"765\" srcset=\"https:\/\/www.supercars.net\/blog\/wp-content\/uploads\/2014\/04\/0015.jpg 1150w, https:\/\/www.supercars.net\/blog\/wp-content\/uploads\/2014\/04\/0015-300x200.jpg 300w, https:\/\/www.supercars.net\/blog\/wp-content\/uploads\/2014\/04\/0015-1024x681.jpg 1024w, https:\/\/www.supercars.net\/blog\/wp-content\/uploads\/2014\/04\/0015-100x67.jpg 100w, https:\/\/www.supercars.net\/blog\/wp-content\/uploads\/2014\/04\/0015-770x512.jpg 770w, https:\/\/www.supercars.net\/blog\/wp-content\/uploads\/2014\/04\/0015-360x240.jpg 360w, https:\/\/www.supercars.net\/blog\/wp-content\/uploads\/2014\/04\/0015-370x247.jpg 370w, https:\/\/www.supercars.net\/blog\/wp-content\/uploads\/2014\/04\/0015-293x195.jpg 293w\" sizes=\"(max-width: 1150px) 100vw, 1150px\" \/><\/a><figcaption id=\"caption-attachment-747578\" class=\"wp-caption-text\">1970 Porsche 911 S<\/figcaption><\/figure>\n<figure id=\"attachment_747579\" aria-describedby=\"caption-attachment-747579\" style=\"width: 1150px\" class=\"wp-caption alignnone\"><a href=\"https:\/\/www.supercars.net\/blog\/wp-content\/uploads\/2014\/04\/0016.jpg\"><img decoding=\"async\" class=\"size-full wp-image-747579\" src=\"https:\/\/www.supercars.net\/blog\/wp-content\/uploads\/2014\/04\/0016.jpg\" alt=\"\" width=\"1150\" height=\"669\" srcset=\"https:\/\/www.supercars.net\/blog\/wp-content\/uploads\/2014\/04\/0016.jpg 1150w, https:\/\/www.supercars.net\/blog\/wp-content\/uploads\/2014\/04\/0016-300x175.jpg 300w, https:\/\/www.supercars.net\/blog\/wp-content\/uploads\/2014\/04\/0016-1024x596.jpg 1024w, https:\/\/www.supercars.net\/blog\/wp-content\/uploads\/2014\/04\/0016-100x58.jpg 100w, https:\/\/www.supercars.net\/blog\/wp-content\/uploads\/2014\/04\/0016-770x448.jpg 770w, https:\/\/www.supercars.net\/blog\/wp-content\/uploads\/2014\/04\/0016-293x170.jpg 293w\" sizes=\"(max-width: 1150px) 100vw, 1150px\" \/><\/a><figcaption id=\"caption-attachment-747579\" class=\"wp-caption-text\">1966 Porsche Carrera 906<\/figcaption><\/figure>\n<figure id=\"attachment_747582\" aria-describedby=\"caption-attachment-747582\" style=\"width: 1150px\" class=\"wp-caption alignnone\"><a href=\"https:\/\/www.supercars.net\/blog\/wp-content\/uploads\/2014\/04\/0017.jpg\"><img decoding=\"async\" class=\"size-full wp-image-747582\" src=\"https:\/\/www.supercars.net\/blog\/wp-content\/uploads\/2014\/04\/0017.jpg\" alt=\"\" width=\"1150\" height=\"765\" srcset=\"https:\/\/www.supercars.net\/blog\/wp-content\/uploads\/2014\/04\/0017.jpg 1150w, https:\/\/www.supercars.net\/blog\/wp-content\/uploads\/2014\/04\/0017-300x200.jpg 300w, https:\/\/www.supercars.net\/blog\/wp-content\/uploads\/2014\/04\/0017-1024x681.jpg 1024w, https:\/\/www.supercars.net\/blog\/wp-content\/uploads\/2014\/04\/0017-100x67.jpg 100w, https:\/\/www.supercars.net\/blog\/wp-content\/uploads\/2014\/04\/0017-770x512.jpg 770w, https:\/\/www.supercars.net\/blog\/wp-content\/uploads\/2014\/04\/0017-360x240.jpg 360w, https:\/\/www.supercars.net\/blog\/wp-content\/uploads\/2014\/04\/0017-370x247.jpg 370w, https:\/\/www.supercars.net\/blog\/wp-content\/uploads\/2014\/04\/0017-293x195.jpg 293w\" sizes=\"(max-width: 1150px) 100vw, 1150px\" \/><\/a><figcaption id=\"caption-attachment-747582\" class=\"wp-caption-text\">1974 BMW 3.0 CS<\/figcaption><\/figure>\n<figure id=\"attachment_747583\" aria-describedby=\"caption-attachment-747583\" style=\"width: 1150px\" class=\"wp-caption alignnone\"><a href=\"https:\/\/www.supercars.net\/blog\/wp-content\/uploads\/2014\/04\/0018.jpg\"><img decoding=\"async\" class=\"size-full wp-image-747583\" src=\"https:\/\/www.supercars.net\/blog\/wp-content\/uploads\/2014\/04\/0018.jpg\" alt=\"\" width=\"1150\" height=\"765\" srcset=\"https:\/\/www.supercars.net\/blog\/wp-content\/uploads\/2014\/04\/0018.jpg 1150w, https:\/\/www.supercars.net\/blog\/wp-content\/uploads\/2014\/04\/0018-300x200.jpg 300w, https:\/\/www.supercars.net\/blog\/wp-content\/uploads\/2014\/04\/0018-1024x681.jpg 1024w, https:\/\/www.supercars.net\/blog\/wp-content\/uploads\/2014\/04\/0018-100x67.jpg 100w, https:\/\/www.supercars.net\/blog\/wp-content\/uploads\/2014\/04\/0018-770x512.jpg 770w, https:\/\/www.supercars.net\/blog\/wp-content\/uploads\/2014\/04\/0018-360x240.jpg 360w, https:\/\/www.supercars.net\/blog\/wp-content\/uploads\/2014\/04\/0018-370x247.jpg 370w, https:\/\/www.supercars.net\/blog\/wp-content\/uploads\/2014\/04\/0018-293x195.jpg 293w\" sizes=\"(max-width: 1150px) 100vw, 1150px\" \/><\/a><figcaption id=\"caption-attachment-747583\" class=\"wp-caption-text\">1957 OSCA 372 FS<\/figcaption><\/figure>\n<figure id=\"attachment_747584\" aria-describedby=\"caption-attachment-747584\" style=\"width: 1150px\" class=\"wp-caption alignnone\"><a href=\"https:\/\/www.supercars.net\/blog\/wp-content\/uploads\/2014\/04\/0019.jpg\"><img decoding=\"async\" class=\"size-full wp-image-747584\" src=\"https:\/\/www.supercars.net\/blog\/wp-content\/uploads\/2014\/04\/0019.jpg\" alt=\"\" width=\"1150\" height=\"625\" srcset=\"https:\/\/www.supercars.net\/blog\/wp-content\/uploads\/2014\/04\/0019.jpg 1150w, https:\/\/www.supercars.net\/blog\/wp-content\/uploads\/2014\/04\/0019-300x163.jpg 300w, https:\/\/www.supercars.net\/blog\/wp-content\/uploads\/2014\/04\/0019-1024x557.jpg 1024w, https:\/\/www.supercars.net\/blog\/wp-content\/uploads\/2014\/04\/0019-100x54.jpg 100w, https:\/\/www.supercars.net\/blog\/wp-content\/uploads\/2014\/04\/0019-770x418.jpg 770w, https:\/\/www.supercars.net\/blog\/wp-content\/uploads\/2014\/04\/0019-293x159.jpg 293w\" sizes=\"(max-width: 1150px) 100vw, 1150px\" \/><\/a><figcaption id=\"caption-attachment-747584\" class=\"wp-caption-text\">1974 Fiat 124 Abarth<\/figcaption><\/figure>\n<figure id=\"attachment_747585\" aria-describedby=\"caption-attachment-747585\" style=\"width: 1150px\" class=\"wp-caption alignnone\"><a href=\"https:\/\/www.supercars.net\/blog\/wp-content\/uploads\/2014\/04\/0020.jpg\"><img decoding=\"async\" class=\"size-full wp-image-747585\" src=\"https:\/\/www.supercars.net\/blog\/wp-content\/uploads\/2014\/04\/0020.jpg\" alt=\"\" width=\"1150\" height=\"625\" srcset=\"https:\/\/www.supercars.net\/blog\/wp-content\/uploads\/2014\/04\/0020.jpg 1150w, https:\/\/www.supercars.net\/blog\/wp-content\/uploads\/2014\/04\/0020-300x163.jpg 300w, https:\/\/www.supercars.net\/blog\/wp-content\/uploads\/2014\/04\/0020-1024x557.jpg 1024w, https:\/\/www.supercars.net\/blog\/wp-content\/uploads\/2014\/04\/0020-100x54.jpg 100w, https:\/\/www.supercars.net\/blog\/wp-content\/uploads\/2014\/04\/0020-770x418.jpg 770w, https:\/\/www.supercars.net\/blog\/wp-content\/uploads\/2014\/04\/0020-293x159.jpg 293w\" sizes=\"(max-width: 1150px) 100vw, 1150px\" \/><\/a><figcaption id=\"caption-attachment-747585\" class=\"wp-caption-text\">1972 Lancia Fulvia 1.6 HF<\/figcaption><\/figure>\n<figure id=\"attachment_747586\" aria-describedby=\"caption-attachment-747586\" style=\"width: 1150px\" class=\"wp-caption alignnone\"><a href=\"https:\/\/www.supercars.net\/blog\/wp-content\/uploads\/2014\/04\/0021.jpg\"><img decoding=\"async\" class=\"size-full wp-image-747586\" src=\"https:\/\/www.supercars.net\/blog\/wp-content\/uploads\/2014\/04\/0021.jpg\" alt=\"\" width=\"1150\" height=\"765\" srcset=\"https:\/\/www.supercars.net\/blog\/wp-content\/uploads\/2014\/04\/0021.jpg 1150w, https:\/\/www.supercars.net\/blog\/wp-content\/uploads\/2014\/04\/0021-300x200.jpg 300w, https:\/\/www.supercars.net\/blog\/wp-content\/uploads\/2014\/04\/0021-1024x681.jpg 1024w, https:\/\/www.supercars.net\/blog\/wp-content\/uploads\/2014\/04\/0021-100x67.jpg 100w, https:\/\/www.supercars.net\/blog\/wp-content\/uploads\/2014\/04\/0021-770x512.jpg 770w, https:\/\/www.supercars.net\/blog\/wp-content\/uploads\/2014\/04\/0021-360x240.jpg 360w, https:\/\/www.supercars.net\/blog\/wp-content\/uploads\/2014\/04\/0021-370x247.jpg 370w, https:\/\/www.supercars.net\/blog\/wp-content\/uploads\/2014\/04\/0021-293x195.jpg 293w\" sizes=\"(max-width: 1150px) 100vw, 1150px\" \/><\/a><figcaption id=\"caption-attachment-747586\" class=\"wp-caption-text\">1966 Renault 8 Gordini<\/figcaption><\/figure>\n<figure id=\"attachment_747587\" aria-describedby=\"caption-attachment-747587\" style=\"width: 1150px\" class=\"wp-caption alignnone\"><a href=\"https:\/\/www.supercars.net\/blog\/wp-content\/uploads\/2014\/04\/0022.jpg\"><img decoding=\"async\" class=\"size-full wp-image-747587\" src=\"https:\/\/www.supercars.net\/blog\/wp-content\/uploads\/2014\/04\/0022.jpg\" alt=\"\" width=\"1150\" height=\"765\" srcset=\"https:\/\/www.supercars.net\/blog\/wp-content\/uploads\/2014\/04\/0022.jpg 1150w, https:\/\/www.supercars.net\/blog\/wp-content\/uploads\/2014\/04\/0022-300x200.jpg 300w, https:\/\/www.supercars.net\/blog\/wp-content\/uploads\/2014\/04\/0022-1024x681.jpg 1024w, https:\/\/www.supercars.net\/blog\/wp-content\/uploads\/2014\/04\/0022-100x67.jpg 100w, https:\/\/www.supercars.net\/blog\/wp-content\/uploads\/2014\/04\/0022-770x512.jpg 770w, https:\/\/www.supercars.net\/blog\/wp-content\/uploads\/2014\/04\/0022-360x240.jpg 360w, https:\/\/www.supercars.net\/blog\/wp-content\/uploads\/2014\/04\/0022-370x247.jpg 370w, https:\/\/www.supercars.net\/blog\/wp-content\/uploads\/2014\/04\/0022-293x195.jpg 293w\" sizes=\"(max-width: 1150px) 100vw, 1150px\" \/><\/a><figcaption id=\"caption-attachment-747587\" class=\"wp-caption-text\">1971 BMW 2002 Ti<\/figcaption><\/figure>\n<figure id=\"attachment_747588\" aria-describedby=\"caption-attachment-747588\" style=\"width: 1150px\" class=\"wp-caption alignnone\"><a href=\"https:\/\/www.supercars.net\/blog\/wp-content\/uploads\/2014\/04\/0023.jpg\"><img decoding=\"async\" class=\"size-full wp-image-747588\" src=\"https:\/\/www.supercars.net\/blog\/wp-content\/uploads\/2014\/04\/0023.jpg\" alt=\"\" width=\"1150\" height=\"765\" srcset=\"https:\/\/www.supercars.net\/blog\/wp-content\/uploads\/2014\/04\/0023.jpg 1150w, https:\/\/www.supercars.net\/blog\/wp-content\/uploads\/2014\/04\/0023-300x200.jpg 300w, https:\/\/www.supercars.net\/blog\/wp-content\/uploads\/2014\/04\/0023-1024x681.jpg 1024w, https:\/\/www.supercars.net\/blog\/wp-content\/uploads\/2014\/04\/0023-100x67.jpg 100w, https:\/\/www.supercars.net\/blog\/wp-content\/uploads\/2014\/04\/0023-770x512.jpg 770w, https:\/\/www.supercars.net\/blog\/wp-content\/uploads\/2014\/04\/0023-360x240.jpg 360w, https:\/\/www.supercars.net\/blog\/wp-content\/uploads\/2014\/04\/0023-370x247.jpg 370w, https:\/\/www.supercars.net\/blog\/wp-content\/uploads\/2014\/04\/0023-293x195.jpg 293w\" sizes=\"(max-width: 1150px) 100vw, 1150px\" \/><\/a><figcaption id=\"caption-attachment-747588\" class=\"wp-caption-text\">1965 Porsche 356 C<\/figcaption><\/figure>\n<figure id=\"attachment_747589\" aria-describedby=\"caption-attachment-747589\" style=\"width: 1150px\" class=\"wp-caption alignnone\"><a href=\"https:\/\/www.supercars.net\/blog\/wp-content\/uploads\/2014\/04\/0024.jpg\"><img decoding=\"async\" class=\"size-full wp-image-747589\" src=\"https:\/\/www.supercars.net\/blog\/wp-content\/uploads\/2014\/04\/0024.jpg\" alt=\"\" width=\"1150\" height=\"765\" srcset=\"https:\/\/www.supercars.net\/blog\/wp-content\/uploads\/2014\/04\/0024.jpg 1150w, https:\/\/www.supercars.net\/blog\/wp-content\/uploads\/2014\/04\/0024-300x200.jpg 300w, https:\/\/www.supercars.net\/blog\/wp-content\/uploads\/2014\/04\/0024-1024x681.jpg 1024w, https:\/\/www.supercars.net\/blog\/wp-content\/uploads\/2014\/04\/0024-100x67.jpg 100w, https:\/\/www.supercars.net\/blog\/wp-content\/uploads\/2014\/04\/0024-770x512.jpg 770w, https:\/\/www.supercars.net\/blog\/wp-content\/uploads\/2014\/04\/0024-360x240.jpg 360w, https:\/\/www.supercars.net\/blog\/wp-content\/uploads\/2014\/04\/0024-370x247.jpg 370w, https:\/\/www.supercars.net\/blog\/wp-content\/uploads\/2014\/04\/0024-293x195.jpg 293w\" sizes=\"(max-width: 1150px) 100vw, 1150px\" \/><\/a><figcaption id=\"caption-attachment-747589\" class=\"wp-caption-text\">1966 Porsche Carrera 906<\/figcaption><\/figure>\n<figure id=\"attachment_747597\" aria-describedby=\"caption-attachment-747597\" style=\"width: 1150px\" class=\"wp-caption alignnone\"><a href=\"https:\/\/www.supercars.net\/blog\/wp-content\/uploads\/2014\/04\/0025.jpg\"><img decoding=\"async\" class=\"size-full wp-image-747597\" src=\"https:\/\/www.supercars.net\/blog\/wp-content\/uploads\/2014\/04\/0025.jpg\" alt=\"\" width=\"1150\" height=\"765\" srcset=\"https:\/\/www.supercars.net\/blog\/wp-content\/uploads\/2014\/04\/0025.jpg 1150w, https:\/\/www.supercars.net\/blog\/wp-content\/uploads\/2014\/04\/0025-300x200.jpg 300w, https:\/\/www.supercars.net\/blog\/wp-content\/uploads\/2014\/04\/0025-1024x681.jpg 1024w, https:\/\/www.supercars.net\/blog\/wp-content\/uploads\/2014\/04\/0025-100x67.jpg 100w, https:\/\/www.supercars.net\/blog\/wp-content\/uploads\/2014\/04\/0025-770x512.jpg 770w, https:\/\/www.supercars.net\/blog\/wp-content\/uploads\/2014\/04\/0025-360x240.jpg 360w, https:\/\/www.supercars.net\/blog\/wp-content\/uploads\/2014\/04\/0025-370x247.jpg 370w, https:\/\/www.supercars.net\/blog\/wp-content\/uploads\/2014\/04\/0025-293x195.jpg 293w\" sizes=\"(max-width: 1150px) 100vw, 1150px\" \/><\/a><figcaption id=\"caption-attachment-747597\" class=\"wp-caption-text\">1974 Porsche 911 Carrera RS 3.0<\/figcaption><\/figure>\n<figure id=\"attachment_747599\" aria-describedby=\"caption-attachment-747599\" style=\"width: 1150px\" class=\"wp-caption alignnone\"><a href=\"https:\/\/www.supercars.net\/blog\/wp-content\/uploads\/2014\/04\/0026.jpg\"><img decoding=\"async\" class=\"size-full wp-image-747599\" src=\"https:\/\/www.supercars.net\/blog\/wp-content\/uploads\/2014\/04\/0026.jpg\" alt=\"\" width=\"1150\" height=\"765\" srcset=\"https:\/\/www.supercars.net\/blog\/wp-content\/uploads\/2014\/04\/0026.jpg 1150w, https:\/\/www.supercars.net\/blog\/wp-content\/uploads\/2014\/04\/0026-300x200.jpg 300w, https:\/\/www.supercars.net\/blog\/wp-content\/uploads\/2014\/04\/0026-1024x681.jpg 1024w, https:\/\/www.supercars.net\/blog\/wp-content\/uploads\/2014\/04\/0026-100x67.jpg 100w, https:\/\/www.supercars.net\/blog\/wp-content\/uploads\/2014\/04\/0026-770x512.jpg 770w, https:\/\/www.supercars.net\/blog\/wp-content\/uploads\/2014\/04\/0026-360x240.jpg 360w, https:\/\/www.supercars.net\/blog\/wp-content\/uploads\/2014\/04\/0026-370x247.jpg 370w, https:\/\/www.supercars.net\/blog\/wp-content\/uploads\/2014\/04\/0026-293x195.jpg 293w\" sizes=\"(max-width: 1150px) 100vw, 1150px\" \/><\/a><figcaption id=\"caption-attachment-747599\" class=\"wp-caption-text\">1969 BMW 2800 CS<\/figcaption><\/figure>\n<figure id=\"attachment_747602\" aria-describedby=\"caption-attachment-747602\" style=\"width: 1150px\" class=\"wp-caption alignnone\"><a href=\"https:\/\/www.supercars.net\/blog\/wp-content\/uploads\/2014\/04\/0027.jpg\"><img decoding=\"async\" class=\"size-full wp-image-747602\" src=\"https:\/\/www.supercars.net\/blog\/wp-content\/uploads\/2014\/04\/0027.jpg\" alt=\"\" width=\"1150\" height=\"765\" srcset=\"https:\/\/www.supercars.net\/blog\/wp-content\/uploads\/2014\/04\/0027.jpg 1150w, https:\/\/www.supercars.net\/blog\/wp-content\/uploads\/2014\/04\/0027-300x200.jpg 300w, https:\/\/www.supercars.net\/blog\/wp-content\/uploads\/2014\/04\/0027-1024x681.jpg 1024w, https:\/\/www.supercars.net\/blog\/wp-content\/uploads\/2014\/04\/0027-100x67.jpg 100w, https:\/\/www.supercars.net\/blog\/wp-content\/uploads\/2014\/04\/0027-770x512.jpg 770w, https:\/\/www.supercars.net\/blog\/wp-content\/uploads\/2014\/04\/0027-360x240.jpg 360w, https:\/\/www.supercars.net\/blog\/wp-content\/uploads\/2014\/04\/0027-370x247.jpg 370w, https:\/\/www.supercars.net\/blog\/wp-content\/uploads\/2014\/04\/0027-293x195.jpg 293w\" sizes=\"(max-width: 1150px) 100vw, 1150px\" \/><\/a><figcaption id=\"caption-attachment-747602\" class=\"wp-caption-text\">1964 Ferrari 250 GT SWB Breadvan<\/figcaption><\/figure>\n<figure id=\"attachment_747604\" aria-describedby=\"caption-attachment-747604\" style=\"width: 1150px\" class=\"wp-caption alignnone\"><a href=\"https:\/\/www.supercars.net\/blog\/wp-content\/uploads\/2014\/04\/0028.jpg\"><img decoding=\"async\" class=\"size-full wp-image-747604\" src=\"https:\/\/www.supercars.net\/blog\/wp-content\/uploads\/2014\/04\/0028.jpg\" alt=\"\" width=\"1150\" height=\"765\" srcset=\"https:\/\/www.supercars.net\/blog\/wp-content\/uploads\/2014\/04\/0028.jpg 1150w, https:\/\/www.supercars.net\/blog\/wp-content\/uploads\/2014\/04\/0028-300x200.jpg 300w, https:\/\/www.supercars.net\/blog\/wp-content\/uploads\/2014\/04\/0028-1024x681.jpg 1024w, https:\/\/www.supercars.net\/blog\/wp-content\/uploads\/2014\/04\/0028-100x67.jpg 100w, https:\/\/www.supercars.net\/blog\/wp-content\/uploads\/2014\/04\/0028-770x512.jpg 770w, https:\/\/www.supercars.net\/blog\/wp-content\/uploads\/2014\/04\/0028-360x240.jpg 360w, https:\/\/www.supercars.net\/blog\/wp-content\/uploads\/2014\/04\/0028-370x247.jpg 370w, https:\/\/www.supercars.net\/blog\/wp-content\/uploads\/2014\/04\/0028-293x195.jpg 293w\" sizes=\"(max-width: 1150px) 100vw, 1150px\" \/><\/a><figcaption id=\"caption-attachment-747604\" class=\"wp-caption-text\">1963 Jaguar E-Type<\/figcaption><\/figure>\n<figure id=\"attachment_747606\" aria-describedby=\"caption-attachment-747606\" style=\"width: 1150px\" class=\"wp-caption alignnone\"><a href=\"https:\/\/www.supercars.net\/blog\/wp-content\/uploads\/2014\/04\/0029.jpg\"><img decoding=\"async\" class=\"size-full wp-image-747606\" src=\"https:\/\/www.supercars.net\/blog\/wp-content\/uploads\/2014\/04\/0029.jpg\" alt=\"\" width=\"1150\" height=\"765\" srcset=\"https:\/\/www.supercars.net\/blog\/wp-content\/uploads\/2014\/04\/0029.jpg 1150w, https:\/\/www.supercars.net\/blog\/wp-content\/uploads\/2014\/04\/0029-300x200.jpg 300w, https:\/\/www.supercars.net\/blog\/wp-content\/uploads\/2014\/04\/0029-1024x681.jpg 1024w, https:\/\/www.supercars.net\/blog\/wp-content\/uploads\/2014\/04\/0029-100x67.jpg 100w, https:\/\/www.supercars.net\/blog\/wp-content\/uploads\/2014\/04\/0029-770x512.jpg 770w, https:\/\/www.supercars.net\/blog\/wp-content\/uploads\/2014\/04\/0029-360x240.jpg 360w, https:\/\/www.supercars.net\/blog\/wp-content\/uploads\/2014\/04\/0029-370x247.jpg 370w, https:\/\/www.supercars.net\/blog\/wp-content\/uploads\/2014\/04\/0029-293x195.jpg 293w\" sizes=\"(max-width: 1150px) 100vw, 1150px\" \/><\/a><figcaption id=\"caption-attachment-747606\" class=\"wp-caption-text\">1966 Ferrari 275 GTB<\/figcaption><\/figure>\n<figure id=\"attachment_747608\" aria-describedby=\"caption-attachment-747608\" style=\"width: 1150px\" class=\"wp-caption alignnone\"><a href=\"https:\/\/www.supercars.net\/blog\/wp-content\/uploads\/2014\/04\/0030.jpg\"><img decoding=\"async\" class=\"size-full wp-image-747608\" src=\"https:\/\/www.supercars.net\/blog\/wp-content\/uploads\/2014\/04\/0030.jpg\" alt=\"\" width=\"1150\" height=\"765\" srcset=\"https:\/\/www.supercars.net\/blog\/wp-content\/uploads\/2014\/04\/0030.jpg 1150w, https:\/\/www.supercars.net\/blog\/wp-content\/uploads\/2014\/04\/0030-300x200.jpg 300w, https:\/\/www.supercars.net\/blog\/wp-content\/uploads\/2014\/04\/0030-1024x681.jpg 1024w, https:\/\/www.supercars.net\/blog\/wp-content\/uploads\/2014\/04\/0030-100x67.jpg 100w, https:\/\/www.supercars.net\/blog\/wp-content\/uploads\/2014\/04\/0030-770x512.jpg 770w, https:\/\/www.supercars.net\/blog\/wp-content\/uploads\/2014\/04\/0030-360x240.jpg 360w, https:\/\/www.supercars.net\/blog\/wp-content\/uploads\/2014\/04\/0030-370x247.jpg 370w, https:\/\/www.supercars.net\/blog\/wp-content\/uploads\/2014\/04\/0030-293x195.jpg 293w\" sizes=\"(max-width: 1150px) 100vw, 1150px\" \/><\/a><figcaption id=\"caption-attachment-747608\" class=\"wp-caption-text\">1960 Ferrari 250 GT SWB Berlinetta<\/figcaption><\/figure>\n<figure id=\"attachment_747610\" aria-describedby=\"caption-attachment-747610\" style=\"width: 1150px\" class=\"wp-caption alignnone\"><a href=\"https:\/\/www.supercars.net\/blog\/wp-content\/uploads\/2014\/04\/0031.jpg\"><img decoding=\"async\" class=\"size-full wp-image-747610\" src=\"https:\/\/www.supercars.net\/blog\/wp-content\/uploads\/2014\/04\/0031.jpg\" alt=\"\" width=\"1150\" height=\"765\" srcset=\"https:\/\/www.supercars.net\/blog\/wp-content\/uploads\/2014\/04\/0031.jpg 1150w, https:\/\/www.supercars.net\/blog\/wp-content\/uploads\/2014\/04\/0031-300x200.jpg 300w, https:\/\/www.supercars.net\/blog\/wp-content\/uploads\/2014\/04\/0031-1024x681.jpg 1024w, https:\/\/www.supercars.net\/blog\/wp-content\/uploads\/2014\/04\/0031-100x67.jpg 100w, https:\/\/www.supercars.net\/blog\/wp-content\/uploads\/2014\/04\/0031-770x512.jpg 770w, https:\/\/www.supercars.net\/blog\/wp-content\/uploads\/2014\/04\/0031-360x240.jpg 360w, https:\/\/www.supercars.net\/blog\/wp-content\/uploads\/2014\/04\/0031-370x247.jpg 370w, https:\/\/www.supercars.net\/blog\/wp-content\/uploads\/2014\/04\/0031-293x195.jpg 293w\" sizes=\"(max-width: 1150px) 100vw, 1150px\" \/><\/a><figcaption id=\"caption-attachment-747610\" class=\"wp-caption-text\">1965 Ford Mustang<\/figcaption><\/figure>\n<figure id=\"attachment_747612\" aria-describedby=\"caption-attachment-747612\" style=\"width: 1150px\" class=\"wp-caption alignnone\"><a href=\"https:\/\/www.supercars.net\/blog\/wp-content\/uploads\/2014\/04\/0032.jpg\"><img decoding=\"async\" class=\"size-full wp-image-747612\" src=\"https:\/\/www.supercars.net\/blog\/wp-content\/uploads\/2014\/04\/0032.jpg\" alt=\"\" width=\"1150\" height=\"765\" srcset=\"https:\/\/www.supercars.net\/blog\/wp-content\/uploads\/2014\/04\/0032.jpg 1150w, https:\/\/www.supercars.net\/blog\/wp-content\/uploads\/2014\/04\/0032-300x200.jpg 300w, https:\/\/www.supercars.net\/blog\/wp-content\/uploads\/2014\/04\/0032-1024x681.jpg 1024w, https:\/\/www.supercars.net\/blog\/wp-content\/uploads\/2014\/04\/0032-100x67.jpg 100w, https:\/\/www.supercars.net\/blog\/wp-content\/uploads\/2014\/04\/0032-770x512.jpg 770w, https:\/\/www.supercars.net\/blog\/wp-content\/uploads\/2014\/04\/0032-360x240.jpg 360w, https:\/\/www.supercars.net\/blog\/wp-content\/uploads\/2014\/04\/0032-370x247.jpg 370w, https:\/\/www.supercars.net\/blog\/wp-content\/uploads\/2014\/04\/0032-293x195.jpg 293w\" sizes=\"(max-width: 1150px) 100vw, 1150px\" \/><\/a><figcaption id=\"caption-attachment-747612\" class=\"wp-caption-text\">1964 Alfa Romeo TZ<\/figcaption><\/figure>\n<p>&nbsp;<\/p>\n<figure id=\"attachment_747629\" aria-describedby=\"caption-attachment-747629\" style=\"width: 1150px\" class=\"wp-caption alignnone\"><a href=\"https:\/\/www.supercars.net\/blog\/wp-content\/uploads\/2014\/04\/0033.jpg\"><img decoding=\"async\" class=\"size-full wp-image-747629\" src=\"https:\/\/www.supercars.net\/blog\/wp-content\/uploads\/2014\/04\/0033.jpg\" alt=\"\" width=\"1150\" height=\"765\" srcset=\"https:\/\/www.supercars.net\/blog\/wp-content\/uploads\/2014\/04\/0033.jpg 1150w, https:\/\/www.supercars.net\/blog\/wp-content\/uploads\/2014\/04\/0033-300x200.jpg 300w, https:\/\/www.supercars.net\/blog\/wp-content\/uploads\/2014\/04\/0033-1024x681.jpg 1024w, https:\/\/www.supercars.net\/blog\/wp-content\/uploads\/2014\/04\/0033-100x67.jpg 100w, https:\/\/www.supercars.net\/blog\/wp-content\/uploads\/2014\/04\/0033-770x512.jpg 770w, https:\/\/www.supercars.net\/blog\/wp-content\/uploads\/2014\/04\/0033-360x240.jpg 360w, https:\/\/www.supercars.net\/blog\/wp-content\/uploads\/2014\/04\/0033-370x247.jpg 370w, https:\/\/www.supercars.net\/blog\/wp-content\/uploads\/2014\/04\/0033-293x195.jpg 293w\" sizes=\"(max-width: 1150px) 100vw, 1150px\" \/><\/a><figcaption id=\"caption-attachment-747629\" class=\"wp-caption-text\">1970 Alfa Romeo 1750 GTV<\/figcaption><\/figure>\n<figure id=\"attachment_747631\" aria-describedby=\"caption-attachment-747631\" style=\"width: 1150px\" class=\"wp-caption alignnone\"><a href=\"https:\/\/www.supercars.net\/blog\/wp-content\/uploads\/2014\/04\/0034.jpg\"><img decoding=\"async\" class=\"size-full wp-image-747631\" src=\"https:\/\/www.supercars.net\/blog\/wp-content\/uploads\/2014\/04\/0034.jpg\" alt=\"\" width=\"1150\" height=\"765\" srcset=\"https:\/\/www.supercars.net\/blog\/wp-content\/uploads\/2014\/04\/0034.jpg 1150w, https:\/\/www.supercars.net\/blog\/wp-content\/uploads\/2014\/04\/0034-300x200.jpg 300w, https:\/\/www.supercars.net\/blog\/wp-content\/uploads\/2014\/04\/0034-1024x681.jpg 1024w, https:\/\/www.supercars.net\/blog\/wp-content\/uploads\/2014\/04\/0034-100x67.jpg 100w, https:\/\/www.supercars.net\/blog\/wp-content\/uploads\/2014\/04\/0034-770x512.jpg 770w, https:\/\/www.supercars.net\/blog\/wp-content\/uploads\/2014\/04\/0034-360x240.jpg 360w, https:\/\/www.supercars.net\/blog\/wp-content\/uploads\/2014\/04\/0034-370x247.jpg 370w, https:\/\/www.supercars.net\/blog\/wp-content\/uploads\/2014\/04\/0034-293x195.jpg 293w\" sizes=\"(max-width: 1150px) 100vw, 1150px\" \/><\/a><figcaption id=\"caption-attachment-747631\" class=\"wp-caption-text\">1957 OSCA 372 FS<\/figcaption><\/figure>\n<figure id=\"attachment_747632\" aria-describedby=\"caption-attachment-747632\" style=\"width: 1150px\" class=\"wp-caption alignnone\"><a href=\"https:\/\/www.supercars.net\/blog\/wp-content\/uploads\/2014\/04\/0035.jpg\"><img decoding=\"async\" class=\"size-full wp-image-747632\" src=\"https:\/\/www.supercars.net\/blog\/wp-content\/uploads\/2014\/04\/0035.jpg\" alt=\"\" width=\"1150\" height=\"765\" srcset=\"https:\/\/www.supercars.net\/blog\/wp-content\/uploads\/2014\/04\/0035.jpg 1150w, https:\/\/www.supercars.net\/blog\/wp-content\/uploads\/2014\/04\/0035-300x200.jpg 300w, https:\/\/www.supercars.net\/blog\/wp-content\/uploads\/2014\/04\/0035-1024x681.jpg 1024w, https:\/\/www.supercars.net\/blog\/wp-content\/uploads\/2014\/04\/0035-100x67.jpg 100w, https:\/\/www.supercars.net\/blog\/wp-content\/uploads\/2014\/04\/0035-770x512.jpg 770w, https:\/\/www.supercars.net\/blog\/wp-content\/uploads\/2014\/04\/0035-360x240.jpg 360w, https:\/\/www.supercars.net\/blog\/wp-content\/uploads\/2014\/04\/0035-370x247.jpg 370w, https:\/\/www.supercars.net\/blog\/wp-content\/uploads\/2014\/04\/0035-293x195.jpg 293w\" sizes=\"(max-width: 1150px) 100vw, 1150px\" \/><\/a><figcaption id=\"caption-attachment-747632\" class=\"wp-caption-text\">1973 Lotus Europa Special<\/figcaption><\/figure>\n<figure id=\"attachment_747634\" aria-describedby=\"caption-attachment-747634\" style=\"width: 1150px\" class=\"wp-caption alignnone\"><a href=\"https:\/\/www.supercars.net\/blog\/wp-content\/uploads\/2014\/04\/0036.jpg\"><img decoding=\"async\" class=\"size-full wp-image-747634\" src=\"https:\/\/www.supercars.net\/blog\/wp-content\/uploads\/2014\/04\/0036.jpg\" alt=\"\" width=\"1150\" height=\"765\" srcset=\"https:\/\/www.supercars.net\/blog\/wp-content\/uploads\/2014\/04\/0036.jpg 1150w, https:\/\/www.supercars.net\/blog\/wp-content\/uploads\/2014\/04\/0036-300x200.jpg 300w, https:\/\/www.supercars.net\/blog\/wp-content\/uploads\/2014\/04\/0036-1024x681.jpg 1024w, https:\/\/www.supercars.net\/blog\/wp-content\/uploads\/2014\/04\/0036-100x67.jpg 100w, https:\/\/www.supercars.net\/blog\/wp-content\/uploads\/2014\/04\/0036-770x512.jpg 770w, https:\/\/www.supercars.net\/blog\/wp-content\/uploads\/2014\/04\/0036-360x240.jpg 360w, https:\/\/www.supercars.net\/blog\/wp-content\/uploads\/2014\/04\/0036-370x247.jpg 370w, https:\/\/www.supercars.net\/blog\/wp-content\/uploads\/2014\/04\/0036-293x195.jpg 293w\" sizes=\"(max-width: 1150px) 100vw, 1150px\" \/><\/a><figcaption id=\"caption-attachment-747634\" class=\"wp-caption-text\">1961 Mercedes-Benz 190 SL<\/figcaption><\/figure>\n<figure id=\"attachment_747636\" aria-describedby=\"caption-attachment-747636\" style=\"width: 1150px\" class=\"wp-caption alignnone\"><a href=\"https:\/\/www.supercars.net\/blog\/wp-content\/uploads\/2014\/04\/0037.jpg\"><img decoding=\"async\" class=\"size-full wp-image-747636\" src=\"https:\/\/www.supercars.net\/blog\/wp-content\/uploads\/2014\/04\/0037.jpg\" alt=\"\" width=\"1150\" height=\"765\" srcset=\"https:\/\/www.supercars.net\/blog\/wp-content\/uploads\/2014\/04\/0037.jpg 1150w, https:\/\/www.supercars.net\/blog\/wp-content\/uploads\/2014\/04\/0037-300x200.jpg 300w, https:\/\/www.supercars.net\/blog\/wp-content\/uploads\/2014\/04\/0037-1024x681.jpg 1024w, https:\/\/www.supercars.net\/blog\/wp-content\/uploads\/2014\/04\/0037-100x67.jpg 100w, https:\/\/www.supercars.net\/blog\/wp-content\/uploads\/2014\/04\/0037-770x512.jpg 770w, https:\/\/www.supercars.net\/blog\/wp-content\/uploads\/2014\/04\/0037-360x240.jpg 360w, https:\/\/www.supercars.net\/blog\/wp-content\/uploads\/2014\/04\/0037-370x247.jpg 370w, https:\/\/www.supercars.net\/blog\/wp-content\/uploads\/2014\/04\/0037-293x195.jpg 293w\" sizes=\"(max-width: 1150px) 100vw, 1150px\" \/><\/a><figcaption id=\"caption-attachment-747636\" class=\"wp-caption-text\">1979 Ferrari 308 Gr. IV Michelotto<\/figcaption><\/figure>\n<figure id=\"attachment_747638\" aria-describedby=\"caption-attachment-747638\" style=\"width: 1150px\" class=\"wp-caption alignnone\"><a href=\"https:\/\/www.supercars.net\/blog\/wp-content\/uploads\/2014\/04\/0038.jpg\"><img decoding=\"async\" class=\"size-full wp-image-747638\" src=\"https:\/\/www.supercars.net\/blog\/wp-content\/uploads\/2014\/04\/0038.jpg\" alt=\"\" width=\"1150\" height=\"765\" srcset=\"https:\/\/www.supercars.net\/blog\/wp-content\/uploads\/2014\/04\/0038.jpg 1150w, https:\/\/www.supercars.net\/blog\/wp-content\/uploads\/2014\/04\/0038-300x200.jpg 300w, https:\/\/www.supercars.net\/blog\/wp-content\/uploads\/2014\/04\/0038-1024x681.jpg 1024w, https:\/\/www.supercars.net\/blog\/wp-content\/uploads\/2014\/04\/0038-100x67.jpg 100w, https:\/\/www.supercars.net\/blog\/wp-content\/uploads\/2014\/04\/0038-770x512.jpg 770w, https:\/\/www.supercars.net\/blog\/wp-content\/uploads\/2014\/04\/0038-360x240.jpg 360w, https:\/\/www.supercars.net\/blog\/wp-content\/uploads\/2014\/04\/0038-370x247.jpg 370w, https:\/\/www.supercars.net\/blog\/wp-content\/uploads\/2014\/04\/0038-293x195.jpg 293w\" sizes=\"(max-width: 1150px) 100vw, 1150px\" \/><\/a><figcaption id=\"caption-attachment-747638\" class=\"wp-caption-text\">1960 Ferrari 250 GT SWB Berlinetta<\/figcaption><\/figure>\n<figure id=\"attachment_747640\" aria-describedby=\"caption-attachment-747640\" style=\"width: 1150px\" class=\"wp-caption alignnone\"><a href=\"https:\/\/www.supercars.net\/blog\/wp-content\/uploads\/2014\/04\/0039.jpg\"><img decoding=\"async\" class=\"size-full wp-image-747640\" src=\"https:\/\/www.supercars.net\/blog\/wp-content\/uploads\/2014\/04\/0039.jpg\" alt=\"\" width=\"1150\" height=\"765\" srcset=\"https:\/\/www.supercars.net\/blog\/wp-content\/uploads\/2014\/04\/0039.jpg 1150w, https:\/\/www.supercars.net\/blog\/wp-content\/uploads\/2014\/04\/0039-300x200.jpg 300w, https:\/\/www.supercars.net\/blog\/wp-content\/uploads\/2014\/04\/0039-1024x681.jpg 1024w, https:\/\/www.supercars.net\/blog\/wp-content\/uploads\/2014\/04\/0039-100x67.jpg 100w, https:\/\/www.supercars.net\/blog\/wp-content\/uploads\/2014\/04\/0039-770x512.jpg 770w, https:\/\/www.supercars.net\/blog\/wp-content\/uploads\/2014\/04\/0039-360x240.jpg 360w, https:\/\/www.supercars.net\/blog\/wp-content\/uploads\/2014\/04\/0039-370x247.jpg 370w, https:\/\/www.supercars.net\/blog\/wp-content\/uploads\/2014\/04\/0039-293x195.jpg 293w\" sizes=\"(max-width: 1150px) 100vw, 1150px\" \/><\/a><figcaption id=\"caption-attachment-747640\" class=\"wp-caption-text\">1965 Porsche 911<\/figcaption><\/figure>\n<figure id=\"attachment_747643\" aria-describedby=\"caption-attachment-747643\" style=\"width: 1150px\" class=\"wp-caption alignnone\"><a href=\"https:\/\/www.supercars.net\/blog\/wp-content\/uploads\/2014\/04\/0040.jpg\"><img decoding=\"async\" class=\"size-full wp-image-747643\" src=\"https:\/\/www.supercars.net\/blog\/wp-content\/uploads\/2014\/04\/0040.jpg\" alt=\"\" width=\"1150\" height=\"765\" srcset=\"https:\/\/www.supercars.net\/blog\/wp-content\/uploads\/2014\/04\/0040.jpg 1150w, https:\/\/www.supercars.net\/blog\/wp-content\/uploads\/2014\/04\/0040-300x200.jpg 300w, https:\/\/www.supercars.net\/blog\/wp-content\/uploads\/2014\/04\/0040-1024x681.jpg 1024w, https:\/\/www.supercars.net\/blog\/wp-content\/uploads\/2014\/04\/0040-100x67.jpg 100w, https:\/\/www.supercars.net\/blog\/wp-content\/uploads\/2014\/04\/0040-770x512.jpg 770w, https:\/\/www.supercars.net\/blog\/wp-content\/uploads\/2014\/04\/0040-360x240.jpg 360w, https:\/\/www.supercars.net\/blog\/wp-content\/uploads\/2014\/04\/0040-370x247.jpg 370w, https:\/\/www.supercars.net\/blog\/wp-content\/uploads\/2014\/04\/0040-293x195.jpg 293w\" sizes=\"(max-width: 1150px) 100vw, 1150px\" \/><\/a><figcaption id=\"caption-attachment-747643\" class=\"wp-caption-text\">1973 Porsche 911 Carrera RS 2.7<\/figcaption><\/figure>\n<p>&nbsp;<\/p>\n<figure id=\"attachment_61507\" aria-describedby=\"caption-attachment-61507\" style=\"width: 1024px\" class=\"wp-caption alignnone\"><a href=\"http:\/\/s3.amazonaws.com\/scardigest\/wp-content\/uploads\/JMI-01831.jpg\"><img decoding=\"async\" class=\"size-full wp-image-61507\" src=\"http:\/\/s3.amazonaws.com\/scardigest\/wp-content\/uploads\/JMI-01831.jpg\" alt=\"Winning Team - 1963 AC Cobra of Shaun Lynn and Kevin Kivlochan\" width=\"1150\" height=\"765\" \/><\/a><figcaption id=\"caption-attachment-61507\" class=\"wp-caption-text\">Winning Team &#8211; 1963 AC Cobra of Shaun Lynn and Kevin Kivlochan<\/figcaption><\/figure>\n<figure id=\"attachment_61509\" aria-describedby=\"caption-attachment-61509\" style=\"width: 1024px\" class=\"wp-caption alignnone\"><a href=\"http:\/\/s3.amazonaws.com\/scardigest\/wp-content\/uploads\/JMI-01861.jpg\"><img decoding=\"async\" class=\"size-full wp-image-61509\" src=\"http:\/\/s3.amazonaws.com\/scardigest\/wp-content\/uploads\/JMI-01861.jpg\" alt=\"1955 Mercedes-Benz 300 SL Gullwing\" width=\"1150\" height=\"691\" \/><\/a><figcaption id=\"caption-attachment-61509\" class=\"wp-caption-text\">1955 Mercedes-Benz 300 SL Gullwing<\/figcaption><\/figure>\n<figure id=\"attachment_61505\" aria-describedby=\"caption-attachment-61505\" style=\"width: 1024px\" class=\"wp-caption alignnone\"><a href=\"http:\/\/s3.amazonaws.com\/scardigest\/wp-content\/uploads\/JMI-01781.jpg\"><img decoding=\"async\" class=\"size-full wp-image-61505\" src=\"http:\/\/s3.amazonaws.com\/scardigest\/wp-content\/uploads\/JMI-01781.jpg\" alt=\"1963 Porsche 904 Carrera GTS\" width=\"1150\" height=\"765\" \/><\/a><figcaption id=\"caption-attachment-61505\" class=\"wp-caption-text\">1963 Porsche 904 Carrera GTS<\/figcaption><\/figure>\n<figure id=\"attachment_61504\" aria-describedby=\"caption-attachment-61504\" style=\"width: 1150px\" class=\"wp-caption aligncenter\"><a href=\"http:\/\/s3.amazonaws.com\/scardigest\/wp-content\/uploads\/JMI-01761.jpg\"><img decoding=\"async\" class=\"size-full wp-image-61504\" src=\"http:\/\/s3.amazonaws.com\/scardigest\/wp-content\/uploads\/JMI-01761.jpg\" alt=\"1965 Ford GT40\" width=\"1150\" height=\"765\" \/><\/a><figcaption id=\"caption-attachment-61504\" class=\"wp-caption-text\">1965 Ford GT40<\/figcaption><\/figure>\n<figure id=\"attachment_61503\" aria-describedby=\"caption-attachment-61503\" style=\"width: 1024px\" class=\"wp-caption alignnone\"><a href=\"http:\/\/s3.amazonaws.com\/scardigest\/wp-content\/uploads\/JMI-01751.jpg\"><img decoding=\"async\" class=\"size-full wp-image-61503\" src=\"http:\/\/s3.amazonaws.com\/scardigest\/wp-content\/uploads\/JMI-01751.jpg\" alt=\"1964 Jaguar E-Type\" width=\"1150\" height=\"765\" \/><\/a><figcaption id=\"caption-attachment-61503\" class=\"wp-caption-text\">1964 Jaguar E-Type<\/figcaption><\/figure>\n<figure id=\"attachment_61502\" aria-describedby=\"caption-attachment-61502\" style=\"width: 1024px\" class=\"wp-caption alignnone\"><a href=\"http:\/\/s3.amazonaws.com\/scardigest\/wp-content\/uploads\/JMI-01722.jpg\"><img decoding=\"async\" class=\"size-full wp-image-61502\" src=\"http:\/\/s3.amazonaws.com\/scardigest\/wp-content\/uploads\/JMI-01722.jpg\" alt=\"1953 Porsche 356 Coupe Pre-A\" width=\"1150\" height=\"765\" \/><\/a><figcaption id=\"caption-attachment-61502\" class=\"wp-caption-text\">1953 Porsche 356 Coupe Pre-A<\/figcaption><\/figure>\n<figure id=\"attachment_61500\" aria-describedby=\"caption-attachment-61500\" style=\"width: 1024px\" class=\"wp-caption alignnone\"><a href=\"http:\/\/s3.amazonaws.com\/scardigest\/wp-content\/uploads\/JMI-01661.jpg\"><img decoding=\"async\" class=\"size-full wp-image-61500\" src=\"http:\/\/s3.amazonaws.com\/scardigest\/wp-content\/uploads\/JMI-01661.jpg\" alt=\"1954 Jaguar XK 140 Roadster\" width=\"1150\" height=\"765\" \/><\/a><figcaption id=\"caption-attachment-61500\" class=\"wp-caption-text\">1954 Jaguar XK 140 Roadster<\/figcaption><\/figure>\n<figure id=\"attachment_61501\" aria-describedby=\"caption-attachment-61501\" style=\"width: 1024px\" class=\"wp-caption alignnone\"><a href=\"http:\/\/s3.amazonaws.com\/scardigest\/wp-content\/uploads\/JMI-01691.jpg\"><img decoding=\"async\" class=\"size-full wp-image-61501\" src=\"http:\/\/s3.amazonaws.com\/scardigest\/wp-content\/uploads\/JMI-01691.jpg\" alt=\"Renault TZ challenging the 2014 Tour Auto Rally\" width=\"1150\" height=\"765\" \/><\/a><figcaption id=\"caption-attachment-61501\" class=\"wp-caption-text\">Renault TZ challenging the 2014 Tour Auto Rally<\/figcaption><\/figure>\n<p>&nbsp;<\/p>\n<p>&nbsp;<\/p>\n<p>ull_width_banners]<\/p>\n<figure id=\"attachment_747730\" aria-describedby=\"caption-attachment-747730\" style=\"width: 1150px\" class=\"wp-caption alignnone\"><a href=\"https:\/\/www.supercars.net\/blog\/wp-content\/uploads\/2014\/04\/0049.jpg\"><img decoding=\"async\" class=\"size-full wp-image-747730\" src=\"https:\/\/www.supercars.net\/blog\/wp-content\/uploads\/2014\/04\/0049.jpg\" alt=\"\" width=\"1150\" height=\"765\" srcset=\"https:\/\/www.supercars.net\/blog\/wp-content\/uploads\/2014\/04\/0049.jpg 1150w, https:\/\/www.supercars.net\/blog\/wp-content\/uploads\/2014\/04\/0049-300x200.jpg 300w, https:\/\/www.supercars.net\/blog\/wp-content\/uploads\/2014\/04\/0049-1024x681.jpg 1024w, https:\/\/www.supercars.net\/blog\/wp-content\/uploads\/2014\/04\/0049-100x67.jpg 100w, https:\/\/www.supercars.net\/blog\/wp-content\/uploads\/2014\/04\/0049-770x512.jpg 770w, https:\/\/www.supercars.net\/blog\/wp-content\/uploads\/2014\/04\/0049-360x240.jpg 360w, https:\/\/www.supercars.net\/blog\/wp-content\/uploads\/2014\/04\/0049-370x247.jpg 370w, https:\/\/www.supercars.net\/blog\/wp-content\/uploads\/2014\/04\/0049-293x195.jpg 293w\" sizes=\"(max-width: 1150px) 100vw, 1150px\" \/><\/a><figcaption id=\"caption-attachment-747730\" class=\"wp-caption-text\">1967 Ford GT40<\/figcaption><\/figure>\n<figure id=\"attachment_747732\" aria-describedby=\"caption-attachment-747732\" style=\"width: 1150px\" class=\"wp-caption alignnone\"><a href=\"https:\/\/www.supercars.net\/blog\/wp-content\/uploads\/2014\/04\/0050.jpg\"><img decoding=\"async\" class=\"size-full wp-image-747732\" src=\"https:\/\/www.supercars.net\/blog\/wp-content\/uploads\/2014\/04\/0050.jpg\" alt=\"\" width=\"1150\" height=\"765\" srcset=\"https:\/\/www.supercars.net\/blog\/wp-content\/uploads\/2014\/04\/0050.jpg 1150w, https:\/\/www.supercars.net\/blog\/wp-content\/uploads\/2014\/04\/0050-300x200.jpg 300w, https:\/\/www.supercars.net\/blog\/wp-content\/uploads\/2014\/04\/0050-1024x681.jpg 1024w, https:\/\/www.supercars.net\/blog\/wp-content\/uploads\/2014\/04\/0050-100x67.jpg 100w, https:\/\/www.supercars.net\/blog\/wp-content\/uploads\/2014\/04\/0050-770x512.jpg 770w, https:\/\/www.supercars.net\/blog\/wp-content\/uploads\/2014\/04\/0050-360x240.jpg 360w, https:\/\/www.supercars.net\/blog\/wp-content\/uploads\/2014\/04\/0050-370x247.jpg 370w, https:\/\/www.supercars.net\/blog\/wp-content\/uploads\/2014\/04\/0050-293x195.jpg 293w\" sizes=\"(max-width: 1150px) 100vw, 1150px\" \/><\/a><figcaption id=\"caption-attachment-747732\" class=\"wp-caption-text\">1964 AC Cobra<\/figcaption><\/figure>\n<figure id=\"attachment_747734\" aria-describedby=\"caption-attachment-747734\" style=\"width: 1150px\" class=\"wp-caption alignnone\"><a href=\"https:\/\/www.supercars.net\/blog\/wp-content\/uploads\/2014\/04\/0051.jpg\"><img decoding=\"async\" class=\"size-full wp-image-747734\" src=\"https:\/\/www.supercars.net\/blog\/wp-content\/uploads\/2014\/04\/0051.jpg\" alt=\"\" width=\"1150\" height=\"765\" srcset=\"https:\/\/www.supercars.net\/blog\/wp-content\/uploads\/2014\/04\/0051.jpg 1150w, https:\/\/www.supercars.net\/blog\/wp-content\/uploads\/2014\/04\/0051-300x200.jpg 300w, https:\/\/www.supercars.net\/blog\/wp-content\/uploads\/2014\/04\/0051-1024x681.jpg 1024w, https:\/\/www.supercars.net\/blog\/wp-content\/uploads\/2014\/04\/0051-100x67.jpg 100w, https:\/\/www.supercars.net\/blog\/wp-content\/uploads\/2014\/04\/0051-770x512.jpg 770w, https:\/\/www.supercars.net\/blog\/wp-content\/uploads\/2014\/04\/0051-360x240.jpg 360w, https:\/\/www.supercars.net\/blog\/wp-content\/uploads\/2014\/04\/0051-370x247.jpg 370w, https:\/\/www.supercars.net\/blog\/wp-content\/uploads\/2014\/04\/0051-293x195.jpg 293w\" sizes=\"(max-width: 1150px) 100vw, 1150px\" \/><\/a><figcaption id=\"caption-attachment-747734\" class=\"wp-caption-text\">Winning Team &#8211; 1963 AC Cobra of Shaun Lynn and Kevin Kivlochan<\/figcaption><\/figure>\n<figure id=\"attachment_747736\" aria-describedby=\"caption-attachment-747736\" style=\"width: 1150px\" class=\"wp-caption alignnone\"><a href=\"https:\/\/www.supercars.net\/blog\/wp-content\/uploads\/2014\/04\/0052.jpg\"><img decoding=\"async\" class=\"size-full wp-image-747736\" src=\"https:\/\/www.supercars.net\/blog\/wp-content\/uploads\/2014\/04\/0052.jpg\" alt=\"\" width=\"1150\" height=\"765\" srcset=\"https:\/\/www.supercars.net\/blog\/wp-content\/uploads\/2014\/04\/0052.jpg 1150w, https:\/\/www.supercars.net\/blog\/wp-content\/uploads\/2014\/04\/0052-300x200.jpg 300w, https:\/\/www.supercars.net\/blog\/wp-content\/uploads\/2014\/04\/0052-1024x681.jpg 1024w, https:\/\/www.supercars.net\/blog\/wp-content\/uploads\/2014\/04\/0052-100x67.jpg 100w, https:\/\/www.supercars.net\/blog\/wp-content\/uploads\/2014\/04\/0052-770x512.jpg 770w, https:\/\/www.supercars.net\/blog\/wp-content\/uploads\/2014\/04\/0052-360x240.jpg 360w, https:\/\/www.supercars.net\/blog\/wp-content\/uploads\/2014\/04\/0052-370x247.jpg 370w, https:\/\/www.supercars.net\/blog\/wp-content\/uploads\/2014\/04\/0052-293x195.jpg 293w\" sizes=\"(max-width: 1150px) 100vw, 1150px\" \/><\/a><figcaption id=\"caption-attachment-747736\" class=\"wp-caption-text\">1965 Ford GT40<\/figcaption><\/figure>\n<figure id=\"attachment_747738\" aria-describedby=\"caption-attachment-747738\" style=\"width: 1150px\" class=\"wp-caption alignnone\"><a href=\"https:\/\/www.supercars.net\/blog\/wp-content\/uploads\/2014\/04\/0053.jpg\"><img decoding=\"async\" class=\"size-full wp-image-747738\" src=\"https:\/\/www.supercars.net\/blog\/wp-content\/uploads\/2014\/04\/0053.jpg\" alt=\"\" width=\"1150\" height=\"765\" srcset=\"https:\/\/www.supercars.net\/blog\/wp-content\/uploads\/2014\/04\/0053.jpg 1150w, https:\/\/www.supercars.net\/blog\/wp-content\/uploads\/2014\/04\/0053-300x200.jpg 300w, https:\/\/www.supercars.net\/blog\/wp-content\/uploads\/2014\/04\/0053-1024x681.jpg 1024w, https:\/\/www.supercars.net\/blog\/wp-content\/uploads\/2014\/04\/0053-100x67.jpg 100w, https:\/\/www.supercars.net\/blog\/wp-content\/uploads\/2014\/04\/0053-770x512.jpg 770w, https:\/\/www.supercars.net\/blog\/wp-content\/uploads\/2014\/04\/0053-360x240.jpg 360w, https:\/\/www.supercars.net\/blog\/wp-content\/uploads\/2014\/04\/0053-370x247.jpg 370w, https:\/\/www.supercars.net\/blog\/wp-content\/uploads\/2014\/04\/0053-293x195.jpg 293w\" sizes=\"(max-width: 1150px) 100vw, 1150px\" \/><\/a><figcaption id=\"caption-attachment-747738\" class=\"wp-caption-text\">AC Cobra 289<\/figcaption><\/figure>\n<figure id=\"attachment_747740\" aria-describedby=\"caption-attachment-747740\" style=\"width: 1150px\" class=\"wp-caption alignnone\"><a href=\"https:\/\/www.supercars.net\/blog\/wp-content\/uploads\/2014\/04\/0054.jpg\"><img decoding=\"async\" class=\"size-full wp-image-747740\" src=\"https:\/\/www.supercars.net\/blog\/wp-content\/uploads\/2014\/04\/0054.jpg\" alt=\"\" width=\"1150\" height=\"765\" srcset=\"https:\/\/www.supercars.net\/blog\/wp-content\/uploads\/2014\/04\/0054.jpg 1150w, https:\/\/www.supercars.net\/blog\/wp-content\/uploads\/2014\/04\/0054-300x200.jpg 300w, https:\/\/www.supercars.net\/blog\/wp-content\/uploads\/2014\/04\/0054-1024x681.jpg 1024w, https:\/\/www.supercars.net\/blog\/wp-content\/uploads\/2014\/04\/0054-100x67.jpg 100w, https:\/\/www.supercars.net\/blog\/wp-content\/uploads\/2014\/04\/0054-770x512.jpg 770w, https:\/\/www.supercars.net\/blog\/wp-content\/uploads\/2014\/04\/0054-360x240.jpg 360w, https:\/\/www.supercars.net\/blog\/wp-content\/uploads\/2014\/04\/0054-370x247.jpg 370w, https:\/\/www.supercars.net\/blog\/wp-content\/uploads\/2014\/04\/0054-293x195.jpg 293w\" sizes=\"(max-width: 1150px) 100vw, 1150px\" \/><\/a><figcaption id=\"caption-attachment-747740\" class=\"wp-caption-text\">1963 Alfa Romeo TZ<\/figcaption><\/figure>\n<figure id=\"attachment_747742\" aria-describedby=\"caption-attachment-747742\" style=\"width: 1150px\" class=\"wp-caption alignnone\"><a href=\"https:\/\/www.supercars.net\/blog\/wp-content\/uploads\/2014\/04\/0055.jpg\"><img decoding=\"async\" class=\"size-full wp-image-747742\" src=\"https:\/\/www.supercars.net\/blog\/wp-content\/uploads\/2014\/04\/0055.jpg\" alt=\"\" width=\"1150\" height=\"765\" srcset=\"https:\/\/www.supercars.net\/blog\/wp-content\/uploads\/2014\/04\/0055.jpg 1150w, https:\/\/www.supercars.net\/blog\/wp-content\/uploads\/2014\/04\/0055-300x200.jpg 300w, https:\/\/www.supercars.net\/blog\/wp-content\/uploads\/2014\/04\/0055-1024x681.jpg 1024w, https:\/\/www.supercars.net\/blog\/wp-content\/uploads\/2014\/04\/0055-100x67.jpg 100w, https:\/\/www.supercars.net\/blog\/wp-content\/uploads\/2014\/04\/0055-770x512.jpg 770w, https:\/\/www.supercars.net\/blog\/wp-content\/uploads\/2014\/04\/0055-360x240.jpg 360w, https:\/\/www.supercars.net\/blog\/wp-content\/uploads\/2014\/04\/0055-370x247.jpg 370w, https:\/\/www.supercars.net\/blog\/wp-content\/uploads\/2014\/04\/0055-293x195.jpg 293w\" sizes=\"(max-width: 1150px) 100vw, 1150px\" \/><\/a><figcaption id=\"caption-attachment-747742\" class=\"wp-caption-text\">1953 Porsche 356 Coupe Pre-A<\/figcaption><\/figure>\n<figure id=\"attachment_747744\" aria-describedby=\"caption-attachment-747744\" style=\"width: 1150px\" class=\"wp-caption alignnone\"><a href=\"https:\/\/www.supercars.net\/blog\/wp-content\/uploads\/2014\/04\/0056.jpg\"><img decoding=\"async\" class=\"size-full wp-image-747744\" src=\"https:\/\/www.supercars.net\/blog\/wp-content\/uploads\/2014\/04\/0056.jpg\" alt=\"\" width=\"1150\" height=\"765\" srcset=\"https:\/\/www.supercars.net\/blog\/wp-content\/uploads\/2014\/04\/0056.jpg 1150w, https:\/\/www.supercars.net\/blog\/wp-content\/uploads\/2014\/04\/0056-300x200.jpg 300w, https:\/\/www.supercars.net\/blog\/wp-content\/uploads\/2014\/04\/0056-1024x681.jpg 1024w, https:\/\/www.supercars.net\/blog\/wp-content\/uploads\/2014\/04\/0056-100x67.jpg 100w, https:\/\/www.supercars.net\/blog\/wp-content\/uploads\/2014\/04\/0056-770x512.jpg 770w, https:\/\/www.supercars.net\/blog\/wp-content\/uploads\/2014\/04\/0056-360x240.jpg 360w, https:\/\/www.supercars.net\/blog\/wp-content\/uploads\/2014\/04\/0056-370x247.jpg 370w, https:\/\/www.supercars.net\/blog\/wp-content\/uploads\/2014\/04\/0056-293x195.jpg 293w\" sizes=\"(max-width: 1150px) 100vw, 1150px\" \/><\/a><figcaption id=\"caption-attachment-747744\" class=\"wp-caption-text\">1955 Lancia Aurelia B20 GT<\/figcaption><\/figure>\n<p>&nbsp;<\/p>\n<figure id=\"attachment_747760\" aria-describedby=\"caption-attachment-747760\" style=\"width: 1150px\" class=\"wp-caption alignnone\"><a href=\"https:\/\/www.supercars.net\/blog\/wp-content\/uploads\/2014\/04\/0057.jpg\"><img decoding=\"async\" class=\"size-full wp-image-747760\" src=\"https:\/\/www.supercars.net\/blog\/wp-content\/uploads\/2014\/04\/0057.jpg\" alt=\"\" width=\"1150\" height=\"765\" srcset=\"https:\/\/www.supercars.net\/blog\/wp-content\/uploads\/2014\/04\/0057.jpg 1150w, https:\/\/www.supercars.net\/blog\/wp-content\/uploads\/2014\/04\/0057-300x200.jpg 300w, https:\/\/www.supercars.net\/blog\/wp-content\/uploads\/2014\/04\/0057-1024x681.jpg 1024w, https:\/\/www.supercars.net\/blog\/wp-content\/uploads\/2014\/04\/0057-100x67.jpg 100w, https:\/\/www.supercars.net\/blog\/wp-content\/uploads\/2014\/04\/0057-770x512.jpg 770w, https:\/\/www.supercars.net\/blog\/wp-content\/uploads\/2014\/04\/0057-360x240.jpg 360w, https:\/\/www.supercars.net\/blog\/wp-content\/uploads\/2014\/04\/0057-370x247.jpg 370w, https:\/\/www.supercars.net\/blog\/wp-content\/uploads\/2014\/04\/0057-293x195.jpg 293w\" sizes=\"(max-width: 1150px) 100vw, 1150px\" \/><\/a><figcaption id=\"caption-attachment-747760\" class=\"wp-caption-text\">1953 Jaguar XK120 Roadster<\/figcaption><\/figure>\n<figure id=\"attachment_747762\" aria-describedby=\"caption-attachment-747762\" style=\"width: 1150px\" class=\"wp-caption alignnone\"><a href=\"https:\/\/www.supercars.net\/blog\/wp-content\/uploads\/2014\/04\/0058.jpg\"><img decoding=\"async\" class=\"size-full wp-image-747762\" src=\"https:\/\/www.supercars.net\/blog\/wp-content\/uploads\/2014\/04\/0058.jpg\" alt=\"\" width=\"1150\" height=\"765\" srcset=\"https:\/\/www.supercars.net\/blog\/wp-content\/uploads\/2014\/04\/0058.jpg 1150w, https:\/\/www.supercars.net\/blog\/wp-content\/uploads\/2014\/04\/0058-300x200.jpg 300w, https:\/\/www.supercars.net\/blog\/wp-content\/uploads\/2014\/04\/0058-1024x681.jpg 1024w, https:\/\/www.supercars.net\/blog\/wp-content\/uploads\/2014\/04\/0058-100x67.jpg 100w, https:\/\/www.supercars.net\/blog\/wp-content\/uploads\/2014\/04\/0058-770x512.jpg 770w, https:\/\/www.supercars.net\/blog\/wp-content\/uploads\/2014\/04\/0058-360x240.jpg 360w, https:\/\/www.supercars.net\/blog\/wp-content\/uploads\/2014\/04\/0058-370x247.jpg 370w, https:\/\/www.supercars.net\/blog\/wp-content\/uploads\/2014\/04\/0058-293x195.jpg 293w\" sizes=\"(max-width: 1150px) 100vw, 1150px\" \/><\/a><figcaption id=\"caption-attachment-747762\" class=\"wp-caption-text\">1954 Austin-Healey 100\/4<\/figcaption><\/figure>\n<figure id=\"attachment_747764\" aria-describedby=\"caption-attachment-747764\" style=\"width: 1150px\" class=\"wp-caption alignnone\"><a href=\"https:\/\/www.supercars.net\/blog\/wp-content\/uploads\/2014\/04\/0059.jpg\"><img decoding=\"async\" class=\"size-full wp-image-747764\" src=\"https:\/\/www.supercars.net\/blog\/wp-content\/uploads\/2014\/04\/0059.jpg\" alt=\"\" width=\"1150\" height=\"765\" srcset=\"https:\/\/www.supercars.net\/blog\/wp-content\/uploads\/2014\/04\/0059.jpg 1150w, https:\/\/www.supercars.net\/blog\/wp-content\/uploads\/2014\/04\/0059-300x200.jpg 300w, https:\/\/www.supercars.net\/blog\/wp-content\/uploads\/2014\/04\/0059-1024x681.jpg 1024w, https:\/\/www.supercars.net\/blog\/wp-content\/uploads\/2014\/04\/0059-100x67.jpg 100w, https:\/\/www.supercars.net\/blog\/wp-content\/uploads\/2014\/04\/0059-770x512.jpg 770w, https:\/\/www.supercars.net\/blog\/wp-content\/uploads\/2014\/04\/0059-360x240.jpg 360w, https:\/\/www.supercars.net\/blog\/wp-content\/uploads\/2014\/04\/0059-370x247.jpg 370w, https:\/\/www.supercars.net\/blog\/wp-content\/uploads\/2014\/04\/0059-293x195.jpg 293w\" sizes=\"(max-width: 1150px) 100vw, 1150px\" \/><\/a><figcaption id=\"caption-attachment-747764\" class=\"wp-caption-text\">Traffic on 2014 Tour Auto Rally<\/figcaption><\/figure>\n<figure id=\"attachment_747766\" aria-describedby=\"caption-attachment-747766\" style=\"width: 1150px\" class=\"wp-caption alignnone\"><a href=\"https:\/\/www.supercars.net\/blog\/wp-content\/uploads\/2014\/04\/0060.jpg\"><img decoding=\"async\" class=\"size-full wp-image-747766\" src=\"https:\/\/www.supercars.net\/blog\/wp-content\/uploads\/2014\/04\/0060.jpg\" alt=\"\" width=\"1150\" height=\"765\" srcset=\"https:\/\/www.supercars.net\/blog\/wp-content\/uploads\/2014\/04\/0060.jpg 1150w, https:\/\/www.supercars.net\/blog\/wp-content\/uploads\/2014\/04\/0060-300x200.jpg 300w, https:\/\/www.supercars.net\/blog\/wp-content\/uploads\/2014\/04\/0060-1024x681.jpg 1024w, https:\/\/www.supercars.net\/blog\/wp-content\/uploads\/2014\/04\/0060-100x67.jpg 100w, https:\/\/www.supercars.net\/blog\/wp-content\/uploads\/2014\/04\/0060-770x512.jpg 770w, https:\/\/www.supercars.net\/blog\/wp-content\/uploads\/2014\/04\/0060-360x240.jpg 360w, https:\/\/www.supercars.net\/blog\/wp-content\/uploads\/2014\/04\/0060-370x247.jpg 370w, https:\/\/www.supercars.net\/blog\/wp-content\/uploads\/2014\/04\/0060-293x195.jpg 293w\" sizes=\"(max-width: 1150px) 100vw, 1150px\" \/><\/a><figcaption id=\"caption-attachment-747766\" class=\"wp-caption-text\">1968 Austin Mini Cooper S 1300<\/figcaption><\/figure>\n<figure id=\"attachment_747767\" aria-describedby=\"caption-attachment-747767\" style=\"width: 1150px\" class=\"wp-caption alignnone\"><a href=\"https:\/\/www.supercars.net\/blog\/wp-content\/uploads\/2014\/04\/0061.jpg\"><img decoding=\"async\" class=\"size-full wp-image-747767\" src=\"https:\/\/www.supercars.net\/blog\/wp-content\/uploads\/2014\/04\/0061.jpg\" alt=\"\" width=\"1150\" height=\"765\" srcset=\"https:\/\/www.supercars.net\/blog\/wp-content\/uploads\/2014\/04\/0061.jpg 1150w, https:\/\/www.supercars.net\/blog\/wp-content\/uploads\/2014\/04\/0061-300x200.jpg 300w, https:\/\/www.supercars.net\/blog\/wp-content\/uploads\/2014\/04\/0061-1024x681.jpg 1024w, https:\/\/www.supercars.net\/blog\/wp-content\/uploads\/2014\/04\/0061-100x67.jpg 100w, https:\/\/www.supercars.net\/blog\/wp-content\/uploads\/2014\/04\/0061-770x512.jpg 770w, https:\/\/www.supercars.net\/blog\/wp-content\/uploads\/2014\/04\/0061-360x240.jpg 360w, https:\/\/www.supercars.net\/blog\/wp-content\/uploads\/2014\/04\/0061-370x247.jpg 370w, https:\/\/www.supercars.net\/blog\/wp-content\/uploads\/2014\/04\/0061-293x195.jpg 293w\" sizes=\"(max-width: 1150px) 100vw, 1150px\" \/><\/a><figcaption id=\"caption-attachment-747767\" class=\"wp-caption-text\">1959 MG A<\/figcaption><\/figure>\n<figure id=\"attachment_747769\" aria-describedby=\"caption-attachment-747769\" style=\"width: 1150px\" class=\"wp-caption alignnone\"><a href=\"https:\/\/www.supercars.net\/blog\/wp-content\/uploads\/2014\/04\/0062.jpg\"><img decoding=\"async\" class=\"size-full wp-image-747769\" src=\"https:\/\/www.supercars.net\/blog\/wp-content\/uploads\/2014\/04\/0062.jpg\" alt=\"\" width=\"1150\" height=\"765\" srcset=\"https:\/\/www.supercars.net\/blog\/wp-content\/uploads\/2014\/04\/0062.jpg 1150w, https:\/\/www.supercars.net\/blog\/wp-content\/uploads\/2014\/04\/0062-300x200.jpg 300w, https:\/\/www.supercars.net\/blog\/wp-content\/uploads\/2014\/04\/0062-1024x681.jpg 1024w, https:\/\/www.supercars.net\/blog\/wp-content\/uploads\/2014\/04\/0062-100x67.jpg 100w, https:\/\/www.supercars.net\/blog\/wp-content\/uploads\/2014\/04\/0062-770x512.jpg 770w, https:\/\/www.supercars.net\/blog\/wp-content\/uploads\/2014\/04\/0062-360x240.jpg 360w, https:\/\/www.supercars.net\/blog\/wp-content\/uploads\/2014\/04\/0062-370x247.jpg 370w, https:\/\/www.supercars.net\/blog\/wp-content\/uploads\/2014\/04\/0062-293x195.jpg 293w\" sizes=\"(max-width: 1150px) 100vw, 1150px\" \/><\/a><figcaption id=\"caption-attachment-747769\" class=\"wp-caption-text\">1959 MG A<\/figcaption><\/figure>\n<figure id=\"attachment_747771\" aria-describedby=\"caption-attachment-747771\" style=\"width: 1150px\" class=\"wp-caption alignnone\"><a href=\"https:\/\/www.supercars.net\/blog\/wp-content\/uploads\/2014\/04\/0063.jpg\"><img decoding=\"async\" class=\"size-full wp-image-747771\" src=\"https:\/\/www.supercars.net\/blog\/wp-content\/uploads\/2014\/04\/0063.jpg\" alt=\"\" width=\"1150\" height=\"765\" srcset=\"https:\/\/www.supercars.net\/blog\/wp-content\/uploads\/2014\/04\/0063.jpg 1150w, https:\/\/www.supercars.net\/blog\/wp-content\/uploads\/2014\/04\/0063-300x200.jpg 300w, https:\/\/www.supercars.net\/blog\/wp-content\/uploads\/2014\/04\/0063-1024x681.jpg 1024w, https:\/\/www.supercars.net\/blog\/wp-content\/uploads\/2014\/04\/0063-100x67.jpg 100w, https:\/\/www.supercars.net\/blog\/wp-content\/uploads\/2014\/04\/0063-770x512.jpg 770w, https:\/\/www.supercars.net\/blog\/wp-content\/uploads\/2014\/04\/0063-360x240.jpg 360w, https:\/\/www.supercars.net\/blog\/wp-content\/uploads\/2014\/04\/0063-370x247.jpg 370w, https:\/\/www.supercars.net\/blog\/wp-content\/uploads\/2014\/04\/0063-293x195.jpg 293w\" sizes=\"(max-width: 1150px) 100vw, 1150px\" \/><\/a><figcaption id=\"caption-attachment-747771\" class=\"wp-caption-text\">1960 Lotus Elite<\/figcaption><\/figure>\n<figure id=\"attachment_747773\" aria-describedby=\"caption-attachment-747773\" style=\"width: 1150px\" class=\"wp-caption alignnone\"><a href=\"https:\/\/www.supercars.net\/blog\/wp-content\/uploads\/2014\/04\/0064.jpg\"><img decoding=\"async\" class=\"size-full wp-image-747773\" src=\"https:\/\/www.supercars.net\/blog\/wp-content\/uploads\/2014\/04\/0064.jpg\" alt=\"\" width=\"1150\" height=\"765\" srcset=\"https:\/\/www.supercars.net\/blog\/wp-content\/uploads\/2014\/04\/0064.jpg 1150w, https:\/\/www.supercars.net\/blog\/wp-content\/uploads\/2014\/04\/0064-300x200.jpg 300w, https:\/\/www.supercars.net\/blog\/wp-content\/uploads\/2014\/04\/0064-1024x681.jpg 1024w, https:\/\/www.supercars.net\/blog\/wp-content\/uploads\/2014\/04\/0064-100x67.jpg 100w, https:\/\/www.supercars.net\/blog\/wp-content\/uploads\/2014\/04\/0064-770x512.jpg 770w, https:\/\/www.supercars.net\/blog\/wp-content\/uploads\/2014\/04\/0064-360x240.jpg 360w, https:\/\/www.supercars.net\/blog\/wp-content\/uploads\/2014\/04\/0064-370x247.jpg 370w, https:\/\/www.supercars.net\/blog\/wp-content\/uploads\/2014\/04\/0064-293x195.jpg 293w\" sizes=\"(max-width: 1150px) 100vw, 1150px\" \/><\/a><figcaption id=\"caption-attachment-747773\" class=\"wp-caption-text\">1958 Jaguar MK I<\/figcaption><\/figure>\n<p>&nbsp;<\/p>\n<figure id=\"attachment_747774\" aria-describedby=\"caption-attachment-747774\" style=\"width: 1150px\" class=\"wp-caption alignnone\"><a href=\"https:\/\/www.supercars.net\/blog\/wp-content\/uploads\/2014\/04\/0065.jpg\"><img decoding=\"async\" class=\"size-full wp-image-747774\" src=\"https:\/\/www.supercars.net\/blog\/wp-content\/uploads\/2014\/04\/0065.jpg\" alt=\"\" width=\"1150\" height=\"623\" srcset=\"https:\/\/www.supercars.net\/blog\/wp-content\/uploads\/2014\/04\/0065.jpg 1150w, https:\/\/www.supercars.net\/blog\/wp-content\/uploads\/2014\/04\/0065-300x163.jpg 300w, https:\/\/www.supercars.net\/blog\/wp-content\/uploads\/2014\/04\/0065-1024x555.jpg 1024w, https:\/\/www.supercars.net\/blog\/wp-content\/uploads\/2014\/04\/0065-100x54.jpg 100w, https:\/\/www.supercars.net\/blog\/wp-content\/uploads\/2014\/04\/0065-770x417.jpg 770w, https:\/\/www.supercars.net\/blog\/wp-content\/uploads\/2014\/04\/0065-293x159.jpg 293w\" sizes=\"(max-width: 1150px) 100vw, 1150px\" \/><\/a><figcaption id=\"caption-attachment-747774\" class=\"wp-caption-text\">1960 Ferrari 250 GT SWB Berlinetta<\/figcaption><\/figure>\n<figure id=\"attachment_747775\" aria-describedby=\"caption-attachment-747775\" style=\"width: 1150px\" class=\"wp-caption alignnone\"><a href=\"https:\/\/www.supercars.net\/blog\/wp-content\/uploads\/2014\/04\/0066.jpg\"><img decoding=\"async\" class=\"size-full wp-image-747775\" src=\"https:\/\/www.supercars.net\/blog\/wp-content\/uploads\/2014\/04\/0066.jpg\" alt=\"\" width=\"1150\" height=\"765\" srcset=\"https:\/\/www.supercars.net\/blog\/wp-content\/uploads\/2014\/04\/0066.jpg 1150w, https:\/\/www.supercars.net\/blog\/wp-content\/uploads\/2014\/04\/0066-300x200.jpg 300w, https:\/\/www.supercars.net\/blog\/wp-content\/uploads\/2014\/04\/0066-1024x681.jpg 1024w, https:\/\/www.supercars.net\/blog\/wp-content\/uploads\/2014\/04\/0066-100x67.jpg 100w, https:\/\/www.supercars.net\/blog\/wp-content\/uploads\/2014\/04\/0066-770x512.jpg 770w, https:\/\/www.supercars.net\/blog\/wp-content\/uploads\/2014\/04\/0066-360x240.jpg 360w, https:\/\/www.supercars.net\/blog\/wp-content\/uploads\/2014\/04\/0066-370x247.jpg 370w, https:\/\/www.supercars.net\/blog\/wp-content\/uploads\/2014\/04\/0066-293x195.jpg 293w\" sizes=\"(max-width: 1150px) 100vw, 1150px\" \/><\/a><figcaption id=\"caption-attachment-747775\" class=\"wp-caption-text\">1967 Ford GT40<\/figcaption><\/figure>\n<figure id=\"attachment_747776\" aria-describedby=\"caption-attachment-747776\" style=\"width: 1150px\" class=\"wp-caption alignnone\"><a href=\"https:\/\/www.supercars.net\/blog\/wp-content\/uploads\/2014\/04\/0067.jpg\"><img decoding=\"async\" class=\"size-full wp-image-747776\" src=\"https:\/\/www.supercars.net\/blog\/wp-content\/uploads\/2014\/04\/0067.jpg\" alt=\"\" width=\"1150\" height=\"679\" srcset=\"https:\/\/www.supercars.net\/blog\/wp-content\/uploads\/2014\/04\/0067.jpg 1150w, https:\/\/www.supercars.net\/blog\/wp-content\/uploads\/2014\/04\/0067-300x177.jpg 300w, https:\/\/www.supercars.net\/blog\/wp-content\/uploads\/2014\/04\/0067-1024x605.jpg 1024w, https:\/\/www.supercars.net\/blog\/wp-content\/uploads\/2014\/04\/0067-100x59.jpg 100w, https:\/\/www.supercars.net\/blog\/wp-content\/uploads\/2014\/04\/0067-770x455.jpg 770w, https:\/\/www.supercars.net\/blog\/wp-content\/uploads\/2014\/04\/0067-293x173.jpg 293w\" sizes=\"(max-width: 1150px) 100vw, 1150px\" \/><\/a><figcaption id=\"caption-attachment-747776\" class=\"wp-caption-text\">1964 AC Cobra<\/figcaption><\/figure>\n<figure id=\"attachment_747777\" aria-describedby=\"caption-attachment-747777\" style=\"width: 1150px\" class=\"wp-caption alignnone\"><a href=\"https:\/\/www.supercars.net\/blog\/wp-content\/uploads\/2014\/04\/0068.jpg\"><img decoding=\"async\" class=\"size-full wp-image-747777\" src=\"https:\/\/www.supercars.net\/blog\/wp-content\/uploads\/2014\/04\/0068.jpg\" alt=\"\" width=\"1150\" height=\"696\" srcset=\"https:\/\/www.supercars.net\/blog\/wp-content\/uploads\/2014\/04\/0068.jpg 1150w, https:\/\/www.supercars.net\/blog\/wp-content\/uploads\/2014\/04\/0068-300x182.jpg 300w, https:\/\/www.supercars.net\/blog\/wp-content\/uploads\/2014\/04\/0068-1024x620.jpg 1024w, https:\/\/www.supercars.net\/blog\/wp-content\/uploads\/2014\/04\/0068-100x61.jpg 100w, https:\/\/www.supercars.net\/blog\/wp-content\/uploads\/2014\/04\/0068-770x466.jpg 770w, https:\/\/www.supercars.net\/blog\/wp-content\/uploads\/2014\/04\/0068-293x177.jpg 293w\" sizes=\"(max-width: 1150px) 100vw, 1150px\" \/><\/a><figcaption id=\"caption-attachment-747777\" class=\"wp-caption-text\">1965 Porsche 911<\/figcaption><\/figure>\n<figure id=\"attachment_747778\" aria-describedby=\"caption-attachment-747778\" style=\"width: 1150px\" class=\"wp-caption alignnone\"><a href=\"https:\/\/www.supercars.net\/blog\/wp-content\/uploads\/2014\/04\/0069.jpg\"><img decoding=\"async\" class=\"size-full wp-image-747778\" src=\"https:\/\/www.supercars.net\/blog\/wp-content\/uploads\/2014\/04\/0069.jpg\" alt=\"\" width=\"1150\" height=\"765\" srcset=\"https:\/\/www.supercars.net\/blog\/wp-content\/uploads\/2014\/04\/0069.jpg 1150w, https:\/\/www.supercars.net\/blog\/wp-content\/uploads\/2014\/04\/0069-300x200.jpg 300w, https:\/\/www.supercars.net\/blog\/wp-content\/uploads\/2014\/04\/0069-1024x681.jpg 1024w, https:\/\/www.supercars.net\/blog\/wp-content\/uploads\/2014\/04\/0069-100x67.jpg 100w, https:\/\/www.supercars.net\/blog\/wp-content\/uploads\/2014\/04\/0069-770x512.jpg 770w, https:\/\/www.supercars.net\/blog\/wp-content\/uploads\/2014\/04\/0069-360x240.jpg 360w, https:\/\/www.supercars.net\/blog\/wp-content\/uploads\/2014\/04\/0069-370x247.jpg 370w, https:\/\/www.supercars.net\/blog\/wp-content\/uploads\/2014\/04\/0069-293x195.jpg 293w\" sizes=\"(max-width: 1150px) 100vw, 1150px\" \/><\/a><figcaption id=\"caption-attachment-747778\" class=\"wp-caption-text\">1960 Aston Martin DB4 GT<\/figcaption><\/figure>\n<figure id=\"attachment_747779\" aria-describedby=\"caption-attachment-747779\" style=\"width: 1150px\" class=\"wp-caption alignnone\"><a href=\"https:\/\/www.supercars.net\/blog\/wp-content\/uploads\/2014\/04\/0070.jpg\"><img decoding=\"async\" class=\"size-full wp-image-747779\" src=\"https:\/\/www.supercars.net\/blog\/wp-content\/uploads\/2014\/04\/0070.jpg\" alt=\"\" width=\"1150\" height=\"765\" srcset=\"https:\/\/www.supercars.net\/blog\/wp-content\/uploads\/2014\/04\/0070.jpg 1150w, https:\/\/www.supercars.net\/blog\/wp-content\/uploads\/2014\/04\/0070-300x200.jpg 300w, https:\/\/www.supercars.net\/blog\/wp-content\/uploads\/2014\/04\/0070-1024x681.jpg 1024w, https:\/\/www.supercars.net\/blog\/wp-content\/uploads\/2014\/04\/0070-100x67.jpg 100w, https:\/\/www.supercars.net\/blog\/wp-content\/uploads\/2014\/04\/0070-770x512.jpg 770w, https:\/\/www.supercars.net\/blog\/wp-content\/uploads\/2014\/04\/0070-360x240.jpg 360w, https:\/\/www.supercars.net\/blog\/wp-content\/uploads\/2014\/04\/0070-370x247.jpg 370w, https:\/\/www.supercars.net\/blog\/wp-content\/uploads\/2014\/04\/0070-293x195.jpg 293w\" sizes=\"(max-width: 1150px) 100vw, 1150px\" \/><\/a><figcaption id=\"caption-attachment-747779\" class=\"wp-caption-text\">1965 Alfa Romeo 1600 GTA<\/figcaption><\/figure>\n<figure id=\"attachment_747780\" aria-describedby=\"caption-attachment-747780\" style=\"width: 1150px\" class=\"wp-caption alignnone\"><a href=\"https:\/\/www.supercars.net\/blog\/wp-content\/uploads\/2014\/04\/0071.jpg\"><img decoding=\"async\" class=\"size-full wp-image-747780\" src=\"https:\/\/www.supercars.net\/blog\/wp-content\/uploads\/2014\/04\/0071.jpg\" alt=\"\" width=\"1150\" height=\"765\" srcset=\"https:\/\/www.supercars.net\/blog\/wp-content\/uploads\/2014\/04\/0071.jpg 1150w, https:\/\/www.supercars.net\/blog\/wp-content\/uploads\/2014\/04\/0071-300x200.jpg 300w, https:\/\/www.supercars.net\/blog\/wp-content\/uploads\/2014\/04\/0071-1024x681.jpg 1024w, https:\/\/www.supercars.net\/blog\/wp-content\/uploads\/2014\/04\/0071-100x67.jpg 100w, https:\/\/www.supercars.net\/blog\/wp-content\/uploads\/2014\/04\/0071-770x512.jpg 770w, https:\/\/www.supercars.net\/blog\/wp-content\/uploads\/2014\/04\/0071-360x240.jpg 360w, https:\/\/www.supercars.net\/blog\/wp-content\/uploads\/2014\/04\/0071-370x247.jpg 370w, https:\/\/www.supercars.net\/blog\/wp-content\/uploads\/2014\/04\/0071-293x195.jpg 293w\" sizes=\"(max-width: 1150px) 100vw, 1150px\" \/><\/a><figcaption id=\"caption-attachment-747780\" class=\"wp-caption-text\">1965 Alfa Romeo 1600 GTA<\/figcaption><\/figure>\n<figure id=\"attachment_747781\" aria-describedby=\"caption-attachment-747781\" style=\"width: 1150px\" class=\"wp-caption alignnone\"><a href=\"https:\/\/www.supercars.net\/blog\/wp-content\/uploads\/2014\/04\/0072.jpg\"><img decoding=\"async\" class=\"size-full wp-image-747781\" src=\"https:\/\/www.supercars.net\/blog\/wp-content\/uploads\/2014\/04\/0072.jpg\" alt=\"\" width=\"1150\" height=\"765\" srcset=\"https:\/\/www.supercars.net\/blog\/wp-content\/uploads\/2014\/04\/0072.jpg 1150w, https:\/\/www.supercars.net\/blog\/wp-content\/uploads\/2014\/04\/0072-300x200.jpg 300w, https:\/\/www.supercars.net\/blog\/wp-content\/uploads\/2014\/04\/0072-1024x681.jpg 1024w, https:\/\/www.supercars.net\/blog\/wp-content\/uploads\/2014\/04\/0072-100x67.jpg 100w, https:\/\/www.supercars.net\/blog\/wp-content\/uploads\/2014\/04\/0072-770x512.jpg 770w, https:\/\/www.supercars.net\/blog\/wp-content\/uploads\/2014\/04\/0072-360x240.jpg 360w, https:\/\/www.supercars.net\/blog\/wp-content\/uploads\/2014\/04\/0072-370x247.jpg 370w, https:\/\/www.supercars.net\/blog\/wp-content\/uploads\/2014\/04\/0072-293x195.jpg 293w\" sizes=\"(max-width: 1150px) 100vw, 1150px\" \/><\/a><figcaption id=\"caption-attachment-747781\" class=\"wp-caption-text\">1961 Porsche 356 B<\/figcaption><\/figure>\n<p>&nbsp;<\/p>\n<figure id=\"attachment_747782\" aria-describedby=\"caption-attachment-747782\" style=\"width: 1150px\" class=\"wp-caption alignnone\"><a href=\"https:\/\/www.supercars.net\/blog\/wp-content\/uploads\/2014\/04\/0073.jpg\"><img decoding=\"async\" class=\"size-full wp-image-747782\" src=\"https:\/\/www.supercars.net\/blog\/wp-content\/uploads\/2014\/04\/0073.jpg\" alt=\"\" width=\"1150\" height=\"765\" srcset=\"https:\/\/www.supercars.net\/blog\/wp-content\/uploads\/2014\/04\/0073.jpg 1150w, https:\/\/www.supercars.net\/blog\/wp-content\/uploads\/2014\/04\/0073-300x200.jpg 300w, https:\/\/www.supercars.net\/blog\/wp-content\/uploads\/2014\/04\/0073-1024x681.jpg 1024w, https:\/\/www.supercars.net\/blog\/wp-content\/uploads\/2014\/04\/0073-100x67.jpg 100w, https:\/\/www.supercars.net\/blog\/wp-content\/uploads\/2014\/04\/0073-770x512.jpg 770w, https:\/\/www.supercars.net\/blog\/wp-content\/uploads\/2014\/04\/0073-360x240.jpg 360w, https:\/\/www.supercars.net\/blog\/wp-content\/uploads\/2014\/04\/0073-370x247.jpg 370w, https:\/\/www.supercars.net\/blog\/wp-content\/uploads\/2014\/04\/0073-293x195.jpg 293w\" sizes=\"(max-width: 1150px) 100vw, 1150px\" \/><\/a><figcaption id=\"caption-attachment-747782\" class=\"wp-caption-text\">1965 Austin Mini Cooper S<\/figcaption><\/figure>\n<figure id=\"attachment_747783\" aria-describedby=\"caption-attachment-747783\" style=\"width: 1150px\" class=\"wp-caption alignnone\"><a href=\"https:\/\/www.supercars.net\/blog\/wp-content\/uploads\/2014\/04\/0074.jpg\"><img decoding=\"async\" class=\"size-full wp-image-747783\" src=\"https:\/\/www.supercars.net\/blog\/wp-content\/uploads\/2014\/04\/0074.jpg\" alt=\"\" width=\"1150\" height=\"765\" srcset=\"https:\/\/www.supercars.net\/blog\/wp-content\/uploads\/2014\/04\/0074.jpg 1150w, https:\/\/www.supercars.net\/blog\/wp-content\/uploads\/2014\/04\/0074-300x200.jpg 300w, https:\/\/www.supercars.net\/blog\/wp-content\/uploads\/2014\/04\/0074-1024x681.jpg 1024w, https:\/\/www.supercars.net\/blog\/wp-content\/uploads\/2014\/04\/0074-100x67.jpg 100w, https:\/\/www.supercars.net\/blog\/wp-content\/uploads\/2014\/04\/0074-770x512.jpg 770w, https:\/\/www.supercars.net\/blog\/wp-content\/uploads\/2014\/04\/0074-360x240.jpg 360w, https:\/\/www.supercars.net\/blog\/wp-content\/uploads\/2014\/04\/0074-370x247.jpg 370w, https:\/\/www.supercars.net\/blog\/wp-content\/uploads\/2014\/04\/0074-293x195.jpg 293w\" sizes=\"(max-width: 1150px) 100vw, 1150px\" \/><\/a><figcaption id=\"caption-attachment-747783\" class=\"wp-caption-text\">1968 Austin Mini Cooper S 1300<\/figcaption><\/figure>\n<figure id=\"attachment_747784\" aria-describedby=\"caption-attachment-747784\" style=\"width: 1150px\" class=\"wp-caption alignnone\"><a href=\"https:\/\/www.supercars.net\/blog\/wp-content\/uploads\/2014\/04\/0075.jpg\"><img decoding=\"async\" class=\"size-full wp-image-747784\" src=\"https:\/\/www.supercars.net\/blog\/wp-content\/uploads\/2014\/04\/0075.jpg\" alt=\"\" width=\"1150\" height=\"765\" srcset=\"https:\/\/www.supercars.net\/blog\/wp-content\/uploads\/2014\/04\/0075.jpg 1150w, https:\/\/www.supercars.net\/blog\/wp-content\/uploads\/2014\/04\/0075-300x200.jpg 300w, https:\/\/www.supercars.net\/blog\/wp-content\/uploads\/2014\/04\/0075-1024x681.jpg 1024w, https:\/\/www.supercars.net\/blog\/wp-content\/uploads\/2014\/04\/0075-100x67.jpg 100w, https:\/\/www.supercars.net\/blog\/wp-content\/uploads\/2014\/04\/0075-770x512.jpg 770w, https:\/\/www.supercars.net\/blog\/wp-content\/uploads\/2014\/04\/0075-360x240.jpg 360w, https:\/\/www.supercars.net\/blog\/wp-content\/uploads\/2014\/04\/0075-370x247.jpg 370w, https:\/\/www.supercars.net\/blog\/wp-content\/uploads\/2014\/04\/0075-293x195.jpg 293w\" sizes=\"(max-width: 1150px) 100vw, 1150px\" \/><\/a><figcaption id=\"caption-attachment-747784\" class=\"wp-caption-text\">1959 MG A<\/figcaption><\/figure>\n<figure id=\"attachment_747785\" aria-describedby=\"caption-attachment-747785\" style=\"width: 1150px\" class=\"wp-caption alignnone\"><a href=\"https:\/\/www.supercars.net\/blog\/wp-content\/uploads\/2014\/04\/0076.jpg\"><img decoding=\"async\" class=\"size-full wp-image-747785\" src=\"https:\/\/www.supercars.net\/blog\/wp-content\/uploads\/2014\/04\/0076.jpg\" alt=\"\" width=\"1150\" height=\"765\" srcset=\"https:\/\/www.supercars.net\/blog\/wp-content\/uploads\/2014\/04\/0076.jpg 1150w, https:\/\/www.supercars.net\/blog\/wp-content\/uploads\/2014\/04\/0076-300x200.jpg 300w, https:\/\/www.supercars.net\/blog\/wp-content\/uploads\/2014\/04\/0076-1024x681.jpg 1024w, https:\/\/www.supercars.net\/blog\/wp-content\/uploads\/2014\/04\/0076-100x67.jpg 100w, https:\/\/www.supercars.net\/blog\/wp-content\/uploads\/2014\/04\/0076-770x512.jpg 770w, https:\/\/www.supercars.net\/blog\/wp-content\/uploads\/2014\/04\/0076-360x240.jpg 360w, https:\/\/www.supercars.net\/blog\/wp-content\/uploads\/2014\/04\/0076-370x247.jpg 370w, https:\/\/www.supercars.net\/blog\/wp-content\/uploads\/2014\/04\/0076-293x195.jpg 293w\" sizes=\"(max-width: 1150px) 100vw, 1150px\" \/><\/a><figcaption id=\"caption-attachment-747785\" class=\"wp-caption-text\">1962 Porsche 356 B<\/figcaption><\/figure>\n<figure id=\"attachment_747786\" aria-describedby=\"caption-attachment-747786\" style=\"width: 1150px\" class=\"wp-caption alignnone\"><a href=\"https:\/\/www.supercars.net\/blog\/wp-content\/uploads\/2014\/04\/0077.jpg\"><img decoding=\"async\" class=\"size-full wp-image-747786\" src=\"https:\/\/www.supercars.net\/blog\/wp-content\/uploads\/2014\/04\/0077.jpg\" alt=\"\" width=\"1150\" height=\"765\" srcset=\"https:\/\/www.supercars.net\/blog\/wp-content\/uploads\/2014\/04\/0077.jpg 1150w, https:\/\/www.supercars.net\/blog\/wp-content\/uploads\/2014\/04\/0077-300x200.jpg 300w, https:\/\/www.supercars.net\/blog\/wp-content\/uploads\/2014\/04\/0077-1024x681.jpg 1024w, https:\/\/www.supercars.net\/blog\/wp-content\/uploads\/2014\/04\/0077-100x67.jpg 100w, https:\/\/www.supercars.net\/blog\/wp-content\/uploads\/2014\/04\/0077-770x512.jpg 770w, https:\/\/www.supercars.net\/blog\/wp-content\/uploads\/2014\/04\/0077-360x240.jpg 360w, https:\/\/www.supercars.net\/blog\/wp-content\/uploads\/2014\/04\/0077-370x247.jpg 370w, https:\/\/www.supercars.net\/blog\/wp-content\/uploads\/2014\/04\/0077-293x195.jpg 293w\" sizes=\"(max-width: 1150px) 100vw, 1150px\" \/><\/a><figcaption id=\"caption-attachment-747786\" class=\"wp-caption-text\">1955 Mercedes-Benz 300 SL Gullwing<\/figcaption><\/figure>\n<figure id=\"attachment_747787\" aria-describedby=\"caption-attachment-747787\" style=\"width: 1150px\" class=\"wp-caption alignnone\"><a href=\"https:\/\/www.supercars.net\/blog\/wp-content\/uploads\/2014\/04\/0078.jpg\"><img decoding=\"async\" class=\"size-full wp-image-747787\" src=\"https:\/\/www.supercars.net\/blog\/wp-content\/uploads\/2014\/04\/0078.jpg\" alt=\"\" width=\"1150\" height=\"765\" srcset=\"https:\/\/www.supercars.net\/blog\/wp-content\/uploads\/2014\/04\/0078.jpg 1150w, https:\/\/www.supercars.net\/blog\/wp-content\/uploads\/2014\/04\/0078-300x200.jpg 300w, https:\/\/www.supercars.net\/blog\/wp-content\/uploads\/2014\/04\/0078-1024x681.jpg 1024w, https:\/\/www.supercars.net\/blog\/wp-content\/uploads\/2014\/04\/0078-100x67.jpg 100w, https:\/\/www.supercars.net\/blog\/wp-content\/uploads\/2014\/04\/0078-770x512.jpg 770w, https:\/\/www.supercars.net\/blog\/wp-content\/uploads\/2014\/04\/0078-360x240.jpg 360w, https:\/\/www.supercars.net\/blog\/wp-content\/uploads\/2014\/04\/0078-370x247.jpg 370w, https:\/\/www.supercars.net\/blog\/wp-content\/uploads\/2014\/04\/0078-293x195.jpg 293w\" sizes=\"(max-width: 1150px) 100vw, 1150px\" \/><\/a><figcaption id=\"caption-attachment-747787\" class=\"wp-caption-text\">1954 Porsche 356 A 1500 Carrera GT Speedster<\/figcaption><\/figure>\n<figure id=\"attachment_747788\" aria-describedby=\"caption-attachment-747788\" style=\"width: 1150px\" class=\"wp-caption alignnone\"><a href=\"https:\/\/www.supercars.net\/blog\/wp-content\/uploads\/2014\/04\/0079.jpg\"><img decoding=\"async\" class=\"size-full wp-image-747788\" src=\"https:\/\/www.supercars.net\/blog\/wp-content\/uploads\/2014\/04\/0079.jpg\" alt=\"\" width=\"1150\" height=\"765\" srcset=\"https:\/\/www.supercars.net\/blog\/wp-content\/uploads\/2014\/04\/0079.jpg 1150w, https:\/\/www.supercars.net\/blog\/wp-content\/uploads\/2014\/04\/0079-300x200.jpg 300w, https:\/\/www.supercars.net\/blog\/wp-content\/uploads\/2014\/04\/0079-1024x681.jpg 1024w, https:\/\/www.supercars.net\/blog\/wp-content\/uploads\/2014\/04\/0079-100x67.jpg 100w, https:\/\/www.supercars.net\/blog\/wp-content\/uploads\/2014\/04\/0079-770x512.jpg 770w, https:\/\/www.supercars.net\/blog\/wp-content\/uploads\/2014\/04\/0079-360x240.jpg 360w, https:\/\/www.supercars.net\/blog\/wp-content\/uploads\/2014\/04\/0079-370x247.jpg 370w, https:\/\/www.supercars.net\/blog\/wp-content\/uploads\/2014\/04\/0079-293x195.jpg 293w\" sizes=\"(max-width: 1150px) 100vw, 1150px\" \/><\/a><figcaption id=\"caption-attachment-747788\" class=\"wp-caption-text\">1965 MG B<\/figcaption><\/figure>\n<figure id=\"attachment_747789\" aria-describedby=\"caption-attachment-747789\" style=\"width: 1150px\" class=\"wp-caption alignnone\"><a href=\"https:\/\/www.supercars.net\/blog\/wp-content\/uploads\/2014\/04\/0080.jpg\"><img decoding=\"async\" class=\"size-full wp-image-747789\" src=\"https:\/\/www.supercars.net\/blog\/wp-content\/uploads\/2014\/04\/0080.jpg\" alt=\"\" width=\"1150\" height=\"765\" srcset=\"https:\/\/www.supercars.net\/blog\/wp-content\/uploads\/2014\/04\/0080.jpg 1150w, https:\/\/www.supercars.net\/blog\/wp-content\/uploads\/2014\/04\/0080-300x200.jpg 300w, https:\/\/www.supercars.net\/blog\/wp-content\/uploads\/2014\/04\/0080-1024x681.jpg 1024w, https:\/\/www.supercars.net\/blog\/wp-content\/uploads\/2014\/04\/0080-100x67.jpg 100w, https:\/\/www.supercars.net\/blog\/wp-content\/uploads\/2014\/04\/0080-770x512.jpg 770w, https:\/\/www.supercars.net\/blog\/wp-content\/uploads\/2014\/04\/0080-360x240.jpg 360w, https:\/\/www.supercars.net\/blog\/wp-content\/uploads\/2014\/04\/0080-370x247.jpg 370w, https:\/\/www.supercars.net\/blog\/wp-content\/uploads\/2014\/04\/0080-293x195.jpg 293w\" sizes=\"(max-width: 1150px) 100vw, 1150px\" \/><\/a><figcaption id=\"caption-attachment-747789\" class=\"wp-caption-text\">1954 Austin-Healey 100\/4<\/figcaption><\/figure>\n<p>&nbsp;<\/p>\n<figure id=\"attachment_747790\" aria-describedby=\"caption-attachment-747790\" style=\"width: 1150px\" class=\"wp-caption alignnone\"><a href=\"https:\/\/www.supercars.net\/blog\/wp-content\/uploads\/2014\/04\/0081.jpg\"><img decoding=\"async\" class=\"size-full wp-image-747790\" src=\"https:\/\/www.supercars.net\/blog\/wp-content\/uploads\/2014\/04\/0081.jpg\" alt=\"\" width=\"1150\" height=\"765\" srcset=\"https:\/\/www.supercars.net\/blog\/wp-content\/uploads\/2014\/04\/0081.jpg 1150w, https:\/\/www.supercars.net\/blog\/wp-content\/uploads\/2014\/04\/0081-300x200.jpg 300w, https:\/\/www.supercars.net\/blog\/wp-content\/uploads\/2014\/04\/0081-1024x681.jpg 1024w, https:\/\/www.supercars.net\/blog\/wp-content\/uploads\/2014\/04\/0081-100x67.jpg 100w, https:\/\/www.supercars.net\/blog\/wp-content\/uploads\/2014\/04\/0081-770x512.jpg 770w, https:\/\/www.supercars.net\/blog\/wp-content\/uploads\/2014\/04\/0081-360x240.jpg 360w, https:\/\/www.supercars.net\/blog\/wp-content\/uploads\/2014\/04\/0081-370x247.jpg 370w, https:\/\/www.supercars.net\/blog\/wp-content\/uploads\/2014\/04\/0081-293x195.jpg 293w\" sizes=\"(max-width: 1150px) 100vw, 1150px\" \/><\/a><figcaption id=\"caption-attachment-747790\" class=\"wp-caption-text\">1959 MG A<\/figcaption><\/figure>\n<figure id=\"attachment_747791\" aria-describedby=\"caption-attachment-747791\" style=\"width: 1150px\" class=\"wp-caption alignnone\"><a href=\"https:\/\/www.supercars.net\/blog\/wp-content\/uploads\/2014\/04\/0082.jpg\"><img decoding=\"async\" class=\"size-full wp-image-747791\" src=\"https:\/\/www.supercars.net\/blog\/wp-content\/uploads\/2014\/04\/0082.jpg\" alt=\"\" width=\"1150\" height=\"765\" srcset=\"https:\/\/www.supercars.net\/blog\/wp-content\/uploads\/2014\/04\/0082.jpg 1150w, https:\/\/www.supercars.net\/blog\/wp-content\/uploads\/2014\/04\/0082-300x200.jpg 300w, https:\/\/www.supercars.net\/blog\/wp-content\/uploads\/2014\/04\/0082-1024x681.jpg 1024w, https:\/\/www.supercars.net\/blog\/wp-content\/uploads\/2014\/04\/0082-100x67.jpg 100w, https:\/\/www.supercars.net\/blog\/wp-content\/uploads\/2014\/04\/0082-770x512.jpg 770w, https:\/\/www.supercars.net\/blog\/wp-content\/uploads\/2014\/04\/0082-360x240.jpg 360w, https:\/\/www.supercars.net\/blog\/wp-content\/uploads\/2014\/04\/0082-370x247.jpg 370w, https:\/\/www.supercars.net\/blog\/wp-content\/uploads\/2014\/04\/0082-293x195.jpg 293w\" sizes=\"(max-width: 1150px) 100vw, 1150px\" \/><\/a><figcaption id=\"caption-attachment-747791\" class=\"wp-caption-text\">1958 Jaguar MK I<\/figcaption><\/figure>\n<figure id=\"attachment_747792\" aria-describedby=\"caption-attachment-747792\" style=\"width: 1150px\" class=\"wp-caption alignnone\"><a href=\"https:\/\/www.supercars.net\/blog\/wp-content\/uploads\/2014\/04\/0083.jpg\"><img decoding=\"async\" class=\"size-full wp-image-747792\" src=\"https:\/\/www.supercars.net\/blog\/wp-content\/uploads\/2014\/04\/0083.jpg\" alt=\"\" width=\"1150\" height=\"765\" srcset=\"https:\/\/www.supercars.net\/blog\/wp-content\/uploads\/2014\/04\/0083.jpg 1150w, https:\/\/www.supercars.net\/blog\/wp-content\/uploads\/2014\/04\/0083-300x200.jpg 300w, https:\/\/www.supercars.net\/blog\/wp-content\/uploads\/2014\/04\/0083-1024x681.jpg 1024w, https:\/\/www.supercars.net\/blog\/wp-content\/uploads\/2014\/04\/0083-100x67.jpg 100w, https:\/\/www.supercars.net\/blog\/wp-content\/uploads\/2014\/04\/0083-770x512.jpg 770w, https:\/\/www.supercars.net\/blog\/wp-content\/uploads\/2014\/04\/0083-360x240.jpg 360w, https:\/\/www.supercars.net\/blog\/wp-content\/uploads\/2014\/04\/0083-370x247.jpg 370w, https:\/\/www.supercars.net\/blog\/wp-content\/uploads\/2014\/04\/0083-293x195.jpg 293w\" sizes=\"(max-width: 1150px) 100vw, 1150px\" \/><\/a><figcaption id=\"caption-attachment-747792\" class=\"wp-caption-text\">1955 Mercedes-Benz 300 SL Gullwing<\/figcaption><\/figure>\n<figure id=\"attachment_747793\" aria-describedby=\"caption-attachment-747793\" style=\"width: 1150px\" class=\"wp-caption alignnone\"><a href=\"https:\/\/www.supercars.net\/blog\/wp-content\/uploads\/2014\/04\/0084.jpg\"><img decoding=\"async\" class=\"size-full wp-image-747793\" src=\"https:\/\/www.supercars.net\/blog\/wp-content\/uploads\/2014\/04\/0084.jpg\" alt=\"\" width=\"1150\" height=\"765\" srcset=\"https:\/\/www.supercars.net\/blog\/wp-content\/uploads\/2014\/04\/0084.jpg 1150w, https:\/\/www.supercars.net\/blog\/wp-content\/uploads\/2014\/04\/0084-300x200.jpg 300w, https:\/\/www.supercars.net\/blog\/wp-content\/uploads\/2014\/04\/0084-1024x681.jpg 1024w, https:\/\/www.supercars.net\/blog\/wp-content\/uploads\/2014\/04\/0084-100x67.jpg 100w, https:\/\/www.supercars.net\/blog\/wp-content\/uploads\/2014\/04\/0084-770x512.jpg 770w, https:\/\/www.supercars.net\/blog\/wp-content\/uploads\/2014\/04\/0084-360x240.jpg 360w, https:\/\/www.supercars.net\/blog\/wp-content\/uploads\/2014\/04\/0084-370x247.jpg 370w, https:\/\/www.supercars.net\/blog\/wp-content\/uploads\/2014\/04\/0084-293x195.jpg 293w\" sizes=\"(max-width: 1150px) 100vw, 1150px\" \/><\/a><figcaption id=\"caption-attachment-747793\" class=\"wp-caption-text\">Winning Team &#8211; 1963 AC Cobra of Shaun Lynn and Kevin Kivlochan<\/figcaption><\/figure>\n<figure id=\"attachment_747794\" aria-describedby=\"caption-attachment-747794\" style=\"width: 1150px\" class=\"wp-caption alignnone\"><a href=\"https:\/\/www.supercars.net\/blog\/wp-content\/uploads\/2014\/04\/0085.jpg\"><img decoding=\"async\" class=\"size-full wp-image-747794\" src=\"https:\/\/www.supercars.net\/blog\/wp-content\/uploads\/2014\/04\/0085.jpg\" alt=\"\" width=\"1150\" height=\"765\" srcset=\"https:\/\/www.supercars.net\/blog\/wp-content\/uploads\/2014\/04\/0085.jpg 1150w, https:\/\/www.supercars.net\/blog\/wp-content\/uploads\/2014\/04\/0085-300x200.jpg 300w, https:\/\/www.supercars.net\/blog\/wp-content\/uploads\/2014\/04\/0085-1024x681.jpg 1024w, https:\/\/www.supercars.net\/blog\/wp-content\/uploads\/2014\/04\/0085-100x67.jpg 100w, https:\/\/www.supercars.net\/blog\/wp-content\/uploads\/2014\/04\/0085-770x512.jpg 770w, https:\/\/www.supercars.net\/blog\/wp-content\/uploads\/2014\/04\/0085-360x240.jpg 360w, https:\/\/www.supercars.net\/blog\/wp-content\/uploads\/2014\/04\/0085-370x247.jpg 370w, https:\/\/www.supercars.net\/blog\/wp-content\/uploads\/2014\/04\/0085-293x195.jpg 293w\" sizes=\"(max-width: 1150px) 100vw, 1150px\" \/><\/a><figcaption id=\"caption-attachment-747794\" class=\"wp-caption-text\">1954 Frazer Nash Le Mans Replica<\/figcaption><\/figure>\n<figure id=\"attachment_747795\" aria-describedby=\"caption-attachment-747795\" style=\"width: 1150px\" class=\"wp-caption alignnone\"><a href=\"https:\/\/www.supercars.net\/blog\/wp-content\/uploads\/2014\/04\/0086.jpg\"><img decoding=\"async\" class=\"size-full wp-image-747795\" src=\"https:\/\/www.supercars.net\/blog\/wp-content\/uploads\/2014\/04\/0086.jpg\" alt=\"\" width=\"1150\" height=\"765\" srcset=\"https:\/\/www.supercars.net\/blog\/wp-content\/uploads\/2014\/04\/0086.jpg 1150w, https:\/\/www.supercars.net\/blog\/wp-content\/uploads\/2014\/04\/0086-300x200.jpg 300w, https:\/\/www.supercars.net\/blog\/wp-content\/uploads\/2014\/04\/0086-1024x681.jpg 1024w, https:\/\/www.supercars.net\/blog\/wp-content\/uploads\/2014\/04\/0086-100x67.jpg 100w, https:\/\/www.supercars.net\/blog\/wp-content\/uploads\/2014\/04\/0086-770x512.jpg 770w, https:\/\/www.supercars.net\/blog\/wp-content\/uploads\/2014\/04\/0086-360x240.jpg 360w, https:\/\/www.supercars.net\/blog\/wp-content\/uploads\/2014\/04\/0086-370x247.jpg 370w, https:\/\/www.supercars.net\/blog\/wp-content\/uploads\/2014\/04\/0086-293x195.jpg 293w\" sizes=\"(max-width: 1150px) 100vw, 1150px\" \/><\/a><figcaption id=\"caption-attachment-747795\" class=\"wp-caption-text\">1960 Triumph TR3 A<\/figcaption><\/figure>\n<figure id=\"attachment_747796\" aria-describedby=\"caption-attachment-747796\" style=\"width: 1150px\" class=\"wp-caption alignnone\"><a href=\"https:\/\/www.supercars.net\/blog\/wp-content\/uploads\/2014\/04\/0087.jpg\"><img decoding=\"async\" class=\"size-full wp-image-747796\" src=\"https:\/\/www.supercars.net\/blog\/wp-content\/uploads\/2014\/04\/0087.jpg\" alt=\"\" width=\"1150\" height=\"765\" srcset=\"https:\/\/www.supercars.net\/blog\/wp-content\/uploads\/2014\/04\/0087.jpg 1150w, https:\/\/www.supercars.net\/blog\/wp-content\/uploads\/2014\/04\/0087-300x200.jpg 300w, https:\/\/www.supercars.net\/blog\/wp-content\/uploads\/2014\/04\/0087-1024x681.jpg 1024w, https:\/\/www.supercars.net\/blog\/wp-content\/uploads\/2014\/04\/0087-100x67.jpg 100w, https:\/\/www.supercars.net\/blog\/wp-content\/uploads\/2014\/04\/0087-770x512.jpg 770w, https:\/\/www.supercars.net\/blog\/wp-content\/uploads\/2014\/04\/0087-360x240.jpg 360w, https:\/\/www.supercars.net\/blog\/wp-content\/uploads\/2014\/04\/0087-370x247.jpg 370w, https:\/\/www.supercars.net\/blog\/wp-content\/uploads\/2014\/04\/0087-293x195.jpg 293w\" sizes=\"(max-width: 1150px) 100vw, 1150px\" \/><\/a><figcaption id=\"caption-attachment-747796\" class=\"wp-caption-text\">1965 Ferrari 275 GTB\/2<\/figcaption><\/figure>\n<figure id=\"attachment_747797\" aria-describedby=\"caption-attachment-747797\" style=\"width: 1150px\" class=\"wp-caption alignnone\"><a href=\"https:\/\/www.supercars.net\/blog\/wp-content\/uploads\/2014\/04\/0088.jpg\"><img decoding=\"async\" class=\"size-full wp-image-747797\" src=\"https:\/\/www.supercars.net\/blog\/wp-content\/uploads\/2014\/04\/0088.jpg\" alt=\"\" width=\"1150\" height=\"765\" srcset=\"https:\/\/www.supercars.net\/blog\/wp-content\/uploads\/2014\/04\/0088.jpg 1150w, https:\/\/www.supercars.net\/blog\/wp-content\/uploads\/2014\/04\/0088-300x200.jpg 300w, https:\/\/www.supercars.net\/blog\/wp-content\/uploads\/2014\/04\/0088-1024x681.jpg 1024w, https:\/\/www.supercars.net\/blog\/wp-content\/uploads\/2014\/04\/0088-100x67.jpg 100w, https:\/\/www.supercars.net\/blog\/wp-content\/uploads\/2014\/04\/0088-770x512.jpg 770w, https:\/\/www.supercars.net\/blog\/wp-content\/uploads\/2014\/04\/0088-360x240.jpg 360w, https:\/\/www.supercars.net\/blog\/wp-content\/uploads\/2014\/04\/0088-370x247.jpg 370w, https:\/\/www.supercars.net\/blog\/wp-content\/uploads\/2014\/04\/0088-293x195.jpg 293w\" sizes=\"(max-width: 1150px) 100vw, 1150px\" \/><\/a><figcaption id=\"caption-attachment-747797\" class=\"wp-caption-text\">1954 Salmson 2300 S<\/figcaption><\/figure>\n<p>&nbsp;<\/p>\n<figure id=\"attachment_747799\" aria-describedby=\"caption-attachment-747799\" style=\"width: 1150px\" class=\"wp-caption alignnone\"><a href=\"https:\/\/www.supercars.net\/blog\/wp-content\/uploads\/2014\/04\/0089.jpg\"><img decoding=\"async\" class=\"size-full wp-image-747799\" src=\"https:\/\/www.supercars.net\/blog\/wp-content\/uploads\/2014\/04\/0089.jpg\" alt=\"\" width=\"1150\" height=\"765\" srcset=\"https:\/\/www.supercars.net\/blog\/wp-content\/uploads\/2014\/04\/0089.jpg 1150w, https:\/\/www.supercars.net\/blog\/wp-content\/uploads\/2014\/04\/0089-300x200.jpg 300w, https:\/\/www.supercars.net\/blog\/wp-content\/uploads\/2014\/04\/0089-1024x681.jpg 1024w, https:\/\/www.supercars.net\/blog\/wp-content\/uploads\/2014\/04\/0089-100x67.jpg 100w, https:\/\/www.supercars.net\/blog\/wp-content\/uploads\/2014\/04\/0089-770x512.jpg 770w, https:\/\/www.supercars.net\/blog\/wp-content\/uploads\/2014\/04\/0089-360x240.jpg 360w, https:\/\/www.supercars.net\/blog\/wp-content\/uploads\/2014\/04\/0089-370x247.jpg 370w, https:\/\/www.supercars.net\/blog\/wp-content\/uploads\/2014\/04\/0089-293x195.jpg 293w\" sizes=\"(max-width: 1150px) 100vw, 1150px\" \/><\/a><figcaption id=\"caption-attachment-747799\" class=\"wp-caption-text\">1955 Jaguar XK 140 Roadster<\/figcaption><\/figure>\n<figure id=\"attachment_747800\" aria-describedby=\"caption-attachment-747800\" style=\"width: 1150px\" class=\"wp-caption alignnone\"><a href=\"https:\/\/www.supercars.net\/blog\/wp-content\/uploads\/2014\/04\/0090.jpg\"><img decoding=\"async\" class=\"size-full wp-image-747800\" src=\"https:\/\/www.supercars.net\/blog\/wp-content\/uploads\/2014\/04\/0090.jpg\" alt=\"\" width=\"1150\" height=\"765\" srcset=\"https:\/\/www.supercars.net\/blog\/wp-content\/uploads\/2014\/04\/0090.jpg 1150w, https:\/\/www.supercars.net\/blog\/wp-content\/uploads\/2014\/04\/0090-300x200.jpg 300w, https:\/\/www.supercars.net\/blog\/wp-content\/uploads\/2014\/04\/0090-1024x681.jpg 1024w, https:\/\/www.supercars.net\/blog\/wp-content\/uploads\/2014\/04\/0090-100x67.jpg 100w, https:\/\/www.supercars.net\/blog\/wp-content\/uploads\/2014\/04\/0090-770x512.jpg 770w, https:\/\/www.supercars.net\/blog\/wp-content\/uploads\/2014\/04\/0090-360x240.jpg 360w, https:\/\/www.supercars.net\/blog\/wp-content\/uploads\/2014\/04\/0090-370x247.jpg 370w, https:\/\/www.supercars.net\/blog\/wp-content\/uploads\/2014\/04\/0090-293x195.jpg 293w\" sizes=\"(max-width: 1150px) 100vw, 1150px\" \/><\/a><figcaption id=\"caption-attachment-747800\" class=\"wp-caption-text\">1957 BMW 507<\/figcaption><\/figure>\n<figure id=\"attachment_747801\" aria-describedby=\"caption-attachment-747801\" style=\"width: 1150px\" class=\"wp-caption alignnone\"><a href=\"https:\/\/www.supercars.net\/blog\/wp-content\/uploads\/2014\/04\/0091.jpg\"><img decoding=\"async\" class=\"size-full wp-image-747801\" src=\"https:\/\/www.supercars.net\/blog\/wp-content\/uploads\/2014\/04\/0091.jpg\" alt=\"\" width=\"1150\" height=\"765\" srcset=\"https:\/\/www.supercars.net\/blog\/wp-content\/uploads\/2014\/04\/0091.jpg 1150w, https:\/\/www.supercars.net\/blog\/wp-content\/uploads\/2014\/04\/0091-300x200.jpg 300w, https:\/\/www.supercars.net\/blog\/wp-content\/uploads\/2014\/04\/0091-1024x681.jpg 1024w, https:\/\/www.supercars.net\/blog\/wp-content\/uploads\/2014\/04\/0091-100x67.jpg 100w, https:\/\/www.supercars.net\/blog\/wp-content\/uploads\/2014\/04\/0091-770x512.jpg 770w, https:\/\/www.supercars.net\/blog\/wp-content\/uploads\/2014\/04\/0091-360x240.jpg 360w, https:\/\/www.supercars.net\/blog\/wp-content\/uploads\/2014\/04\/0091-370x247.jpg 370w, https:\/\/www.supercars.net\/blog\/wp-content\/uploads\/2014\/04\/0091-293x195.jpg 293w\" sizes=\"(max-width: 1150px) 100vw, 1150px\" \/><\/a><figcaption id=\"caption-attachment-747801\" class=\"wp-caption-text\">1957 OSCA 372 FS<\/figcaption><\/figure>\n<figure id=\"attachment_747802\" aria-describedby=\"caption-attachment-747802\" style=\"width: 1150px\" class=\"wp-caption alignnone\"><a href=\"https:\/\/www.supercars.net\/blog\/wp-content\/uploads\/2014\/04\/0092.jpg\"><img decoding=\"async\" class=\"size-full wp-image-747802\" src=\"https:\/\/www.supercars.net\/blog\/wp-content\/uploads\/2014\/04\/0092.jpg\" alt=\"\" width=\"1150\" height=\"765\" srcset=\"https:\/\/www.supercars.net\/blog\/wp-content\/uploads\/2014\/04\/0092.jpg 1150w, https:\/\/www.supercars.net\/blog\/wp-content\/uploads\/2014\/04\/0092-300x200.jpg 300w, https:\/\/www.supercars.net\/blog\/wp-content\/uploads\/2014\/04\/0092-1024x681.jpg 1024w, https:\/\/www.supercars.net\/blog\/wp-content\/uploads\/2014\/04\/0092-100x67.jpg 100w, https:\/\/www.supercars.net\/blog\/wp-content\/uploads\/2014\/04\/0092-770x512.jpg 770w, https:\/\/www.supercars.net\/blog\/wp-content\/uploads\/2014\/04\/0092-360x240.jpg 360w, https:\/\/www.supercars.net\/blog\/wp-content\/uploads\/2014\/04\/0092-370x247.jpg 370w, https:\/\/www.supercars.net\/blog\/wp-content\/uploads\/2014\/04\/0092-293x195.jpg 293w\" sizes=\"(max-width: 1150px) 100vw, 1150px\" \/><\/a><figcaption id=\"caption-attachment-747802\" class=\"wp-caption-text\">1965 Ferrari 275 GTB\/C<\/figcaption><\/figure>\n<figure id=\"attachment_747803\" aria-describedby=\"caption-attachment-747803\" style=\"width: 1150px\" class=\"wp-caption alignnone\"><a href=\"https:\/\/www.supercars.net\/blog\/wp-content\/uploads\/2014\/04\/0093.jpg\"><img decoding=\"async\" class=\"size-full wp-image-747803\" src=\"https:\/\/www.supercars.net\/blog\/wp-content\/uploads\/2014\/04\/0093.jpg\" alt=\"\" width=\"1150\" height=\"765\" srcset=\"https:\/\/www.supercars.net\/blog\/wp-content\/uploads\/2014\/04\/0093.jpg 1150w, https:\/\/www.supercars.net\/blog\/wp-content\/uploads\/2014\/04\/0093-300x200.jpg 300w, https:\/\/www.supercars.net\/blog\/wp-content\/uploads\/2014\/04\/0093-1024x681.jpg 1024w, https:\/\/www.supercars.net\/blog\/wp-content\/uploads\/2014\/04\/0093-100x67.jpg 100w, https:\/\/www.supercars.net\/blog\/wp-content\/uploads\/2014\/04\/0093-770x512.jpg 770w, https:\/\/www.supercars.net\/blog\/wp-content\/uploads\/2014\/04\/0093-360x240.jpg 360w, https:\/\/www.supercars.net\/blog\/wp-content\/uploads\/2014\/04\/0093-370x247.jpg 370w, https:\/\/www.supercars.net\/blog\/wp-content\/uploads\/2014\/04\/0093-293x195.jpg 293w\" sizes=\"(max-width: 1150px) 100vw, 1150px\" \/><\/a><figcaption id=\"caption-attachment-747803\" class=\"wp-caption-text\">1970 Ferrari 365 GTB\/4 Daytona Group IV<\/figcaption><\/figure>\n<figure id=\"attachment_747804\" aria-describedby=\"caption-attachment-747804\" style=\"width: 1150px\" class=\"wp-caption alignnone\"><a href=\"https:\/\/www.supercars.net\/blog\/wp-content\/uploads\/2014\/04\/0094.jpg\"><img decoding=\"async\" class=\"size-full wp-image-747804\" src=\"https:\/\/www.supercars.net\/blog\/wp-content\/uploads\/2014\/04\/0094.jpg\" alt=\"\" width=\"1150\" height=\"765\" srcset=\"https:\/\/www.supercars.net\/blog\/wp-content\/uploads\/2014\/04\/0094.jpg 1150w, https:\/\/www.supercars.net\/blog\/wp-content\/uploads\/2014\/04\/0094-300x200.jpg 300w, https:\/\/www.supercars.net\/blog\/wp-content\/uploads\/2014\/04\/0094-1024x681.jpg 1024w, https:\/\/www.supercars.net\/blog\/wp-content\/uploads\/2014\/04\/0094-100x67.jpg 100w, https:\/\/www.supercars.net\/blog\/wp-content\/uploads\/2014\/04\/0094-770x512.jpg 770w, https:\/\/www.supercars.net\/blog\/wp-content\/uploads\/2014\/04\/0094-360x240.jpg 360w, https:\/\/www.supercars.net\/blog\/wp-content\/uploads\/2014\/04\/0094-370x247.jpg 370w, https:\/\/www.supercars.net\/blog\/wp-content\/uploads\/2014\/04\/0094-293x195.jpg 293w\" sizes=\"(max-width: 1150px) 100vw, 1150px\" \/><\/a><figcaption id=\"caption-attachment-747804\" class=\"wp-caption-text\">1961 Ferrari 250 GT SWB Berlinetta<\/figcaption><\/figure>\n<figure id=\"attachment_747805\" aria-describedby=\"caption-attachment-747805\" style=\"width: 1150px\" class=\"wp-caption alignnone\"><a href=\"https:\/\/www.supercars.net\/blog\/wp-content\/uploads\/2014\/04\/0095.jpg\"><img decoding=\"async\" class=\"size-full wp-image-747805\" src=\"https:\/\/www.supercars.net\/blog\/wp-content\/uploads\/2014\/04\/0095.jpg\" alt=\"\" width=\"1150\" height=\"765\" srcset=\"https:\/\/www.supercars.net\/blog\/wp-content\/uploads\/2014\/04\/0095.jpg 1150w, https:\/\/www.supercars.net\/blog\/wp-content\/uploads\/2014\/04\/0095-300x200.jpg 300w, https:\/\/www.supercars.net\/blog\/wp-content\/uploads\/2014\/04\/0095-1024x681.jpg 1024w, https:\/\/www.supercars.net\/blog\/wp-content\/uploads\/2014\/04\/0095-100x67.jpg 100w, https:\/\/www.supercars.net\/blog\/wp-content\/uploads\/2014\/04\/0095-770x512.jpg 770w, https:\/\/www.supercars.net\/blog\/wp-content\/uploads\/2014\/04\/0095-360x240.jpg 360w, https:\/\/www.supercars.net\/blog\/wp-content\/uploads\/2014\/04\/0095-370x247.jpg 370w, https:\/\/www.supercars.net\/blog\/wp-content\/uploads\/2014\/04\/0095-293x195.jpg 293w\" sizes=\"(max-width: 1150px) 100vw, 1150px\" \/><\/a><figcaption id=\"caption-attachment-747805\" class=\"wp-caption-text\">1970 Ferrari 365 GTB\/4 Daytona Group IV<\/figcaption><\/figure>\n<figure id=\"attachment_747806\" aria-describedby=\"caption-attachment-747806\" style=\"width: 1150px\" class=\"wp-caption alignnone\"><a href=\"https:\/\/www.supercars.net\/blog\/wp-content\/uploads\/2014\/04\/0096.jpg\"><img decoding=\"async\" class=\"size-full wp-image-747806\" src=\"https:\/\/www.supercars.net\/blog\/wp-content\/uploads\/2014\/04\/0096.jpg\" alt=\"\" width=\"1150\" height=\"765\" srcset=\"https:\/\/www.supercars.net\/blog\/wp-content\/uploads\/2014\/04\/0096.jpg 1150w, https:\/\/www.supercars.net\/blog\/wp-content\/uploads\/2014\/04\/0096-300x200.jpg 300w, https:\/\/www.supercars.net\/blog\/wp-content\/uploads\/2014\/04\/0096-1024x681.jpg 1024w, https:\/\/www.supercars.net\/blog\/wp-content\/uploads\/2014\/04\/0096-100x67.jpg 100w, https:\/\/www.supercars.net\/blog\/wp-content\/uploads\/2014\/04\/0096-770x512.jpg 770w, https:\/\/www.supercars.net\/blog\/wp-content\/uploads\/2014\/04\/0096-360x240.jpg 360w, https:\/\/www.supercars.net\/blog\/wp-content\/uploads\/2014\/04\/0096-370x247.jpg 370w, https:\/\/www.supercars.net\/blog\/wp-content\/uploads\/2014\/04\/0096-293x195.jpg 293w\" sizes=\"(max-width: 1150px) 100vw, 1150px\" \/><\/a><figcaption id=\"caption-attachment-747806\" class=\"wp-caption-text\">1970 Alpine A110 1600 S<\/figcaption><\/figure>\n<p>&nbsp;<\/p>\n<figure id=\"attachment_747808\" aria-describedby=\"caption-attachment-747808\" style=\"width: 1150px\" class=\"wp-caption alignnone\"><a href=\"https:\/\/www.supercars.net\/blog\/wp-content\/uploads\/2014\/04\/0097.jpg\"><img decoding=\"async\" class=\"size-full wp-image-747808\" src=\"https:\/\/www.supercars.net\/blog\/wp-content\/uploads\/2014\/04\/0097.jpg\" alt=\"\" width=\"1150\" height=\"765\" srcset=\"https:\/\/www.supercars.net\/blog\/wp-content\/uploads\/2014\/04\/0097.jpg 1150w, https:\/\/www.supercars.net\/blog\/wp-content\/uploads\/2014\/04\/0097-300x200.jpg 300w, https:\/\/www.supercars.net\/blog\/wp-content\/uploads\/2014\/04\/0097-1024x681.jpg 1024w, https:\/\/www.supercars.net\/blog\/wp-content\/uploads\/2014\/04\/0097-100x67.jpg 100w, https:\/\/www.supercars.net\/blog\/wp-content\/uploads\/2014\/04\/0097-770x512.jpg 770w, https:\/\/www.supercars.net\/blog\/wp-content\/uploads\/2014\/04\/0097-360x240.jpg 360w, https:\/\/www.supercars.net\/blog\/wp-content\/uploads\/2014\/04\/0097-370x247.jpg 370w, https:\/\/www.supercars.net\/blog\/wp-content\/uploads\/2014\/04\/0097-293x195.jpg 293w\" sizes=\"(max-width: 1150px) 100vw, 1150px\" \/><\/a><figcaption id=\"caption-attachment-747808\" class=\"wp-caption-text\">1957 BMW 507<\/figcaption><\/figure>\n<figure id=\"attachment_747809\" aria-describedby=\"caption-attachment-747809\" style=\"width: 1150px\" class=\"wp-caption alignnone\"><a href=\"https:\/\/www.supercars.net\/blog\/wp-content\/uploads\/2014\/04\/0098.jpg\"><img decoding=\"async\" class=\"size-full wp-image-747809\" src=\"https:\/\/www.supercars.net\/blog\/wp-content\/uploads\/2014\/04\/0098.jpg\" alt=\"\" width=\"1150\" height=\"765\" srcset=\"https:\/\/www.supercars.net\/blog\/wp-content\/uploads\/2014\/04\/0098.jpg 1150w, https:\/\/www.supercars.net\/blog\/wp-content\/uploads\/2014\/04\/0098-300x200.jpg 300w, https:\/\/www.supercars.net\/blog\/wp-content\/uploads\/2014\/04\/0098-1024x681.jpg 1024w, https:\/\/www.supercars.net\/blog\/wp-content\/uploads\/2014\/04\/0098-100x67.jpg 100w, https:\/\/www.supercars.net\/blog\/wp-content\/uploads\/2014\/04\/0098-770x512.jpg 770w, https:\/\/www.supercars.net\/blog\/wp-content\/uploads\/2014\/04\/0098-360x240.jpg 360w, https:\/\/www.supercars.net\/blog\/wp-content\/uploads\/2014\/04\/0098-370x247.jpg 370w, https:\/\/www.supercars.net\/blog\/wp-content\/uploads\/2014\/04\/0098-293x195.jpg 293w\" sizes=\"(max-width: 1150px) 100vw, 1150px\" \/><\/a><figcaption id=\"caption-attachment-747809\" class=\"wp-caption-text\">1955 Alfa Romeo 1900 CSS<\/figcaption><\/figure>\n<figure id=\"attachment_747810\" aria-describedby=\"caption-attachment-747810\" style=\"width: 1150px\" class=\"wp-caption alignnone\"><a href=\"https:\/\/www.supercars.net\/blog\/wp-content\/uploads\/2014\/04\/0099.jpg\"><img decoding=\"async\" class=\"size-full wp-image-747810\" src=\"https:\/\/www.supercars.net\/blog\/wp-content\/uploads\/2014\/04\/0099.jpg\" alt=\"\" width=\"1150\" height=\"765\" srcset=\"https:\/\/www.supercars.net\/blog\/wp-content\/uploads\/2014\/04\/0099.jpg 1150w, https:\/\/www.supercars.net\/blog\/wp-content\/uploads\/2014\/04\/0099-300x200.jpg 300w, https:\/\/www.supercars.net\/blog\/wp-content\/uploads\/2014\/04\/0099-1024x681.jpg 1024w, https:\/\/www.supercars.net\/blog\/wp-content\/uploads\/2014\/04\/0099-100x67.jpg 100w, https:\/\/www.supercars.net\/blog\/wp-content\/uploads\/2014\/04\/0099-770x512.jpg 770w, https:\/\/www.supercars.net\/blog\/wp-content\/uploads\/2014\/04\/0099-360x240.jpg 360w, https:\/\/www.supercars.net\/blog\/wp-content\/uploads\/2014\/04\/0099-370x247.jpg 370w, https:\/\/www.supercars.net\/blog\/wp-content\/uploads\/2014\/04\/0099-293x195.jpg 293w\" sizes=\"(max-width: 1150px) 100vw, 1150px\" \/><\/a><figcaption id=\"caption-attachment-747810\" class=\"wp-caption-text\">1954 Jaguar XK140 Roadster<\/figcaption><\/figure>\n<figure id=\"attachment_747811\" aria-describedby=\"caption-attachment-747811\" style=\"width: 1150px\" class=\"wp-caption alignnone\"><a href=\"https:\/\/www.supercars.net\/blog\/wp-content\/uploads\/2014\/04\/0100.jpg\"><img decoding=\"async\" class=\"size-full wp-image-747811\" src=\"https:\/\/www.supercars.net\/blog\/wp-content\/uploads\/2014\/04\/0100.jpg\" alt=\"\" width=\"1150\" height=\"765\" srcset=\"https:\/\/www.supercars.net\/blog\/wp-content\/uploads\/2014\/04\/0100.jpg 1150w, https:\/\/www.supercars.net\/blog\/wp-content\/uploads\/2014\/04\/0100-300x200.jpg 300w, https:\/\/www.supercars.net\/blog\/wp-content\/uploads\/2014\/04\/0100-1024x681.jpg 1024w, https:\/\/www.supercars.net\/blog\/wp-content\/uploads\/2014\/04\/0100-100x67.jpg 100w, https:\/\/www.supercars.net\/blog\/wp-content\/uploads\/2014\/04\/0100-770x512.jpg 770w, https:\/\/www.supercars.net\/blog\/wp-content\/uploads\/2014\/04\/0100-360x240.jpg 360w, https:\/\/www.supercars.net\/blog\/wp-content\/uploads\/2014\/04\/0100-370x247.jpg 370w, https:\/\/www.supercars.net\/blog\/wp-content\/uploads\/2014\/04\/0100-293x195.jpg 293w\" sizes=\"(max-width: 1150px) 100vw, 1150px\" \/><\/a><figcaption id=\"caption-attachment-747811\" class=\"wp-caption-text\">1958 Jaguar XK 150S<\/figcaption><\/figure>\n<figure id=\"attachment_747812\" aria-describedby=\"caption-attachment-747812\" style=\"width: 1150px\" class=\"wp-caption alignnone\"><a href=\"https:\/\/www.supercars.net\/blog\/wp-content\/uploads\/2014\/04\/0101.jpg\"><img decoding=\"async\" class=\"size-full wp-image-747812\" src=\"https:\/\/www.supercars.net\/blog\/wp-content\/uploads\/2014\/04\/0101.jpg\" alt=\"\" width=\"1150\" height=\"765\" srcset=\"https:\/\/www.supercars.net\/blog\/wp-content\/uploads\/2014\/04\/0101.jpg 1150w, https:\/\/www.supercars.net\/blog\/wp-content\/uploads\/2014\/04\/0101-300x200.jpg 300w, https:\/\/www.supercars.net\/blog\/wp-content\/uploads\/2014\/04\/0101-1024x681.jpg 1024w, https:\/\/www.supercars.net\/blog\/wp-content\/uploads\/2014\/04\/0101-100x67.jpg 100w, https:\/\/www.supercars.net\/blog\/wp-content\/uploads\/2014\/04\/0101-770x512.jpg 770w, https:\/\/www.supercars.net\/blog\/wp-content\/uploads\/2014\/04\/0101-360x240.jpg 360w, https:\/\/www.supercars.net\/blog\/wp-content\/uploads\/2014\/04\/0101-370x247.jpg 370w, https:\/\/www.supercars.net\/blog\/wp-content\/uploads\/2014\/04\/0101-293x195.jpg 293w\" sizes=\"(max-width: 1150px) 100vw, 1150px\" \/><\/a><figcaption id=\"caption-attachment-747812\" class=\"wp-caption-text\">1960 Alfa Romeo Giulietta Sprint Speciale, 1955 Triumph TR2, 1960 Aston Martin DB4 GT and 1973 Lotus Europa Special<\/figcaption><\/figure>\n<figure id=\"attachment_747813\" aria-describedby=\"caption-attachment-747813\" style=\"width: 1150px\" class=\"wp-caption alignnone\"><a href=\"https:\/\/www.supercars.net\/blog\/wp-content\/uploads\/2014\/04\/0102.jpg\"><img decoding=\"async\" class=\"size-full wp-image-747813\" src=\"https:\/\/www.supercars.net\/blog\/wp-content\/uploads\/2014\/04\/0102.jpg\" alt=\"\" width=\"1150\" height=\"765\" srcset=\"https:\/\/www.supercars.net\/blog\/wp-content\/uploads\/2014\/04\/0102.jpg 1150w, https:\/\/www.supercars.net\/blog\/wp-content\/uploads\/2014\/04\/0102-300x200.jpg 300w, https:\/\/www.supercars.net\/blog\/wp-content\/uploads\/2014\/04\/0102-1024x681.jpg 1024w, https:\/\/www.supercars.net\/blog\/wp-content\/uploads\/2014\/04\/0102-100x67.jpg 100w, https:\/\/www.supercars.net\/blog\/wp-content\/uploads\/2014\/04\/0102-770x512.jpg 770w, https:\/\/www.supercars.net\/blog\/wp-content\/uploads\/2014\/04\/0102-360x240.jpg 360w, https:\/\/www.supercars.net\/blog\/wp-content\/uploads\/2014\/04\/0102-370x247.jpg 370w, https:\/\/www.supercars.net\/blog\/wp-content\/uploads\/2014\/04\/0102-293x195.jpg 293w\" sizes=\"(max-width: 1150px) 100vw, 1150px\" \/><\/a><figcaption id=\"caption-attachment-747813\" class=\"wp-caption-text\">1960 Aston Martin DB4 GT<\/figcaption><\/figure>\n<figure id=\"attachment_747814\" aria-describedby=\"caption-attachment-747814\" style=\"width: 1150px\" class=\"wp-caption alignnone\"><a href=\"https:\/\/www.supercars.net\/blog\/wp-content\/uploads\/2014\/04\/0103.jpg\"><img decoding=\"async\" class=\"size-full wp-image-747814\" src=\"https:\/\/www.supercars.net\/blog\/wp-content\/uploads\/2014\/04\/0103.jpg\" alt=\"\" width=\"1150\" height=\"765\" srcset=\"https:\/\/www.supercars.net\/blog\/wp-content\/uploads\/2014\/04\/0103.jpg 1150w, https:\/\/www.supercars.net\/blog\/wp-content\/uploads\/2014\/04\/0103-300x200.jpg 300w, https:\/\/www.supercars.net\/blog\/wp-content\/uploads\/2014\/04\/0103-1024x681.jpg 1024w, https:\/\/www.supercars.net\/blog\/wp-content\/uploads\/2014\/04\/0103-100x67.jpg 100w, https:\/\/www.supercars.net\/blog\/wp-content\/uploads\/2014\/04\/0103-770x512.jpg 770w, https:\/\/www.supercars.net\/blog\/wp-content\/uploads\/2014\/04\/0103-360x240.jpg 360w, https:\/\/www.supercars.net\/blog\/wp-content\/uploads\/2014\/04\/0103-370x247.jpg 370w, https:\/\/www.supercars.net\/blog\/wp-content\/uploads\/2014\/04\/0103-293x195.jpg 293w\" sizes=\"(max-width: 1150px) 100vw, 1150px\" \/><\/a><figcaption id=\"caption-attachment-747814\" class=\"wp-caption-text\">1966 Renault 8 Gordini<\/figcaption><\/figure>\n<figure id=\"attachment_747815\" aria-describedby=\"caption-attachment-747815\" style=\"width: 1150px\" class=\"wp-caption alignnone\"><a href=\"https:\/\/www.supercars.net\/blog\/wp-content\/uploads\/2014\/04\/0104.jpg\"><img decoding=\"async\" class=\"size-full wp-image-747815\" src=\"https:\/\/www.supercars.net\/blog\/wp-content\/uploads\/2014\/04\/0104.jpg\" alt=\"\" width=\"1150\" height=\"765\" srcset=\"https:\/\/www.supercars.net\/blog\/wp-content\/uploads\/2014\/04\/0104.jpg 1150w, https:\/\/www.supercars.net\/blog\/wp-content\/uploads\/2014\/04\/0104-300x200.jpg 300w, https:\/\/www.supercars.net\/blog\/wp-content\/uploads\/2014\/04\/0104-1024x681.jpg 1024w, https:\/\/www.supercars.net\/blog\/wp-content\/uploads\/2014\/04\/0104-100x67.jpg 100w, https:\/\/www.supercars.net\/blog\/wp-content\/uploads\/2014\/04\/0104-770x512.jpg 770w, https:\/\/www.supercars.net\/blog\/wp-content\/uploads\/2014\/04\/0104-360x240.jpg 360w, https:\/\/www.supercars.net\/blog\/wp-content\/uploads\/2014\/04\/0104-370x247.jpg 370w, https:\/\/www.supercars.net\/blog\/wp-content\/uploads\/2014\/04\/0104-293x195.jpg 293w\" sizes=\"(max-width: 1150px) 100vw, 1150px\" \/><\/a><figcaption id=\"caption-attachment-747815\" class=\"wp-caption-text\">1970 Porsche 911 S<\/figcaption><\/figure>\n<p>&nbsp;<\/p>\n<figure id=\"attachment_747817\" aria-describedby=\"caption-attachment-747817\" style=\"width: 1150px\" class=\"wp-caption alignnone\"><a href=\"https:\/\/www.supercars.net\/blog\/wp-content\/uploads\/2014\/04\/0105.jpg\"><img decoding=\"async\" class=\"size-full wp-image-747817\" src=\"https:\/\/www.supercars.net\/blog\/wp-content\/uploads\/2014\/04\/0105.jpg\" alt=\"\" width=\"1150\" height=\"765\" srcset=\"https:\/\/www.supercars.net\/blog\/wp-content\/uploads\/2014\/04\/0105.jpg 1150w, https:\/\/www.supercars.net\/blog\/wp-content\/uploads\/2014\/04\/0105-300x200.jpg 300w, https:\/\/www.supercars.net\/blog\/wp-content\/uploads\/2014\/04\/0105-1024x681.jpg 1024w, https:\/\/www.supercars.net\/blog\/wp-content\/uploads\/2014\/04\/0105-100x67.jpg 100w, https:\/\/www.supercars.net\/blog\/wp-content\/uploads\/2014\/04\/0105-770x512.jpg 770w, https:\/\/www.supercars.net\/blog\/wp-content\/uploads\/2014\/04\/0105-360x240.jpg 360w, https:\/\/www.supercars.net\/blog\/wp-content\/uploads\/2014\/04\/0105-370x247.jpg 370w, https:\/\/www.supercars.net\/blog\/wp-content\/uploads\/2014\/04\/0105-293x195.jpg 293w\" sizes=\"(max-width: 1150px) 100vw, 1150px\" \/><\/a><figcaption id=\"caption-attachment-747817\" class=\"wp-caption-text\">1967 Ferrari 275 GTB<\/figcaption><\/figure>\n<figure id=\"attachment_747818\" aria-describedby=\"caption-attachment-747818\" style=\"width: 1150px\" class=\"wp-caption alignnone\"><a href=\"https:\/\/www.supercars.net\/blog\/wp-content\/uploads\/2014\/04\/0106.jpg\"><img decoding=\"async\" class=\"size-full wp-image-747818\" src=\"https:\/\/www.supercars.net\/blog\/wp-content\/uploads\/2014\/04\/0106.jpg\" alt=\"\" width=\"1150\" height=\"765\" srcset=\"https:\/\/www.supercars.net\/blog\/wp-content\/uploads\/2014\/04\/0106.jpg 1150w, https:\/\/www.supercars.net\/blog\/wp-content\/uploads\/2014\/04\/0106-300x200.jpg 300w, https:\/\/www.supercars.net\/blog\/wp-content\/uploads\/2014\/04\/0106-1024x681.jpg 1024w, https:\/\/www.supercars.net\/blog\/wp-content\/uploads\/2014\/04\/0106-100x67.jpg 100w, https:\/\/www.supercars.net\/blog\/wp-content\/uploads\/2014\/04\/0106-770x512.jpg 770w, https:\/\/www.supercars.net\/blog\/wp-content\/uploads\/2014\/04\/0106-360x240.jpg 360w, https:\/\/www.supercars.net\/blog\/wp-content\/uploads\/2014\/04\/0106-370x247.jpg 370w, https:\/\/www.supercars.net\/blog\/wp-content\/uploads\/2014\/04\/0106-293x195.jpg 293w\" sizes=\"(max-width: 1150px) 100vw, 1150px\" \/><\/a><figcaption id=\"caption-attachment-747818\" class=\"wp-caption-text\">1958 Triumph TR3 A<\/figcaption><\/figure>\n<figure id=\"attachment_747819\" aria-describedby=\"caption-attachment-747819\" style=\"width: 1150px\" class=\"wp-caption alignnone\"><a href=\"https:\/\/www.supercars.net\/blog\/wp-content\/uploads\/2014\/04\/0107.jpg\"><img decoding=\"async\" class=\"size-full wp-image-747819\" src=\"https:\/\/www.supercars.net\/blog\/wp-content\/uploads\/2014\/04\/0107.jpg\" alt=\"\" width=\"1150\" height=\"765\" srcset=\"https:\/\/www.supercars.net\/blog\/wp-content\/uploads\/2014\/04\/0107.jpg 1150w, https:\/\/www.supercars.net\/blog\/wp-content\/uploads\/2014\/04\/0107-300x200.jpg 300w, https:\/\/www.supercars.net\/blog\/wp-content\/uploads\/2014\/04\/0107-1024x681.jpg 1024w, https:\/\/www.supercars.net\/blog\/wp-content\/uploads\/2014\/04\/0107-100x67.jpg 100w, https:\/\/www.supercars.net\/blog\/wp-content\/uploads\/2014\/04\/0107-770x512.jpg 770w, https:\/\/www.supercars.net\/blog\/wp-content\/uploads\/2014\/04\/0107-360x240.jpg 360w, https:\/\/www.supercars.net\/blog\/wp-content\/uploads\/2014\/04\/0107-370x247.jpg 370w, https:\/\/www.supercars.net\/blog\/wp-content\/uploads\/2014\/04\/0107-293x195.jpg 293w\" sizes=\"(max-width: 1150px) 100vw, 1150px\" \/><\/a><figcaption id=\"caption-attachment-747819\" class=\"wp-caption-text\">1960 Aston Martin DB4 GT<\/figcaption><\/figure>\n<figure id=\"attachment_747820\" aria-describedby=\"caption-attachment-747820\" style=\"width: 1150px\" class=\"wp-caption alignnone\"><a href=\"https:\/\/www.supercars.net\/blog\/wp-content\/uploads\/2014\/04\/0108.jpg\"><img decoding=\"async\" class=\"size-full wp-image-747820\" src=\"https:\/\/www.supercars.net\/blog\/wp-content\/uploads\/2014\/04\/0108.jpg\" alt=\"\" width=\"1150\" height=\"765\" srcset=\"https:\/\/www.supercars.net\/blog\/wp-content\/uploads\/2014\/04\/0108.jpg 1150w, https:\/\/www.supercars.net\/blog\/wp-content\/uploads\/2014\/04\/0108-300x200.jpg 300w, https:\/\/www.supercars.net\/blog\/wp-content\/uploads\/2014\/04\/0108-1024x681.jpg 1024w, https:\/\/www.supercars.net\/blog\/wp-content\/uploads\/2014\/04\/0108-100x67.jpg 100w, https:\/\/www.supercars.net\/blog\/wp-content\/uploads\/2014\/04\/0108-770x512.jpg 770w, https:\/\/www.supercars.net\/blog\/wp-content\/uploads\/2014\/04\/0108-360x240.jpg 360w, https:\/\/www.supercars.net\/blog\/wp-content\/uploads\/2014\/04\/0108-370x247.jpg 370w, https:\/\/www.supercars.net\/blog\/wp-content\/uploads\/2014\/04\/0108-293x195.jpg 293w\" sizes=\"(max-width: 1150px) 100vw, 1150px\" \/><\/a><figcaption id=\"caption-attachment-747820\" class=\"wp-caption-text\">1971 Alpine A110 1600S<\/figcaption><\/figure>\n<figure id=\"attachment_747821\" aria-describedby=\"caption-attachment-747821\" style=\"width: 1150px\" class=\"wp-caption alignnone\"><a href=\"https:\/\/www.supercars.net\/blog\/wp-content\/uploads\/2014\/04\/0109.jpg\"><img decoding=\"async\" class=\"size-full wp-image-747821\" src=\"https:\/\/www.supercars.net\/blog\/wp-content\/uploads\/2014\/04\/0109.jpg\" alt=\"\" width=\"1150\" height=\"539\" srcset=\"https:\/\/www.supercars.net\/blog\/wp-content\/uploads\/2014\/04\/0109.jpg 1150w, https:\/\/www.supercars.net\/blog\/wp-content\/uploads\/2014\/04\/0109-300x141.jpg 300w, https:\/\/www.supercars.net\/blog\/wp-content\/uploads\/2014\/04\/0109-1024x480.jpg 1024w, https:\/\/www.supercars.net\/blog\/wp-content\/uploads\/2014\/04\/0109-100x47.jpg 100w, https:\/\/www.supercars.net\/blog\/wp-content\/uploads\/2014\/04\/0109-770x361.jpg 770w, https:\/\/www.supercars.net\/blog\/wp-content\/uploads\/2014\/04\/0109-293x137.jpg 293w\" sizes=\"(max-width: 1150px) 100vw, 1150px\" \/><\/a><figcaption id=\"caption-attachment-747821\" class=\"wp-caption-text\">1957 Ferrari 250 GT Boano<\/figcaption><\/figure>\n<figure id=\"attachment_747822\" aria-describedby=\"caption-attachment-747822\" style=\"width: 1150px\" class=\"wp-caption alignnone\"><a href=\"https:\/\/www.supercars.net\/blog\/wp-content\/uploads\/2014\/04\/0110.jpg\"><img decoding=\"async\" class=\"size-full wp-image-747822\" src=\"https:\/\/www.supercars.net\/blog\/wp-content\/uploads\/2014\/04\/0110.jpg\" alt=\"\" width=\"1150\" height=\"765\" srcset=\"https:\/\/www.supercars.net\/blog\/wp-content\/uploads\/2014\/04\/0110.jpg 1150w, https:\/\/www.supercars.net\/blog\/wp-content\/uploads\/2014\/04\/0110-300x200.jpg 300w, https:\/\/www.supercars.net\/blog\/wp-content\/uploads\/2014\/04\/0110-1024x681.jpg 1024w, https:\/\/www.supercars.net\/blog\/wp-content\/uploads\/2014\/04\/0110-100x67.jpg 100w, https:\/\/www.supercars.net\/blog\/wp-content\/uploads\/2014\/04\/0110-770x512.jpg 770w, https:\/\/www.supercars.net\/blog\/wp-content\/uploads\/2014\/04\/0110-360x240.jpg 360w, https:\/\/www.supercars.net\/blog\/wp-content\/uploads\/2014\/04\/0110-370x247.jpg 370w, https:\/\/www.supercars.net\/blog\/wp-content\/uploads\/2014\/04\/0110-293x195.jpg 293w\" sizes=\"(max-width: 1150px) 100vw, 1150px\" \/><\/a><figcaption id=\"caption-attachment-747822\" class=\"wp-caption-text\">1965 Ferrari 275 GTB\/2<\/figcaption><\/figure>\n<figure id=\"attachment_747823\" aria-describedby=\"caption-attachment-747823\" style=\"width: 1150px\" class=\"wp-caption alignnone\"><a href=\"https:\/\/www.supercars.net\/blog\/wp-content\/uploads\/2014\/04\/0111.jpg\"><img decoding=\"async\" class=\"size-full wp-image-747823\" src=\"https:\/\/www.supercars.net\/blog\/wp-content\/uploads\/2014\/04\/0111.jpg\" alt=\"\" width=\"1150\" height=\"765\" srcset=\"https:\/\/www.supercars.net\/blog\/wp-content\/uploads\/2014\/04\/0111.jpg 1150w, https:\/\/www.supercars.net\/blog\/wp-content\/uploads\/2014\/04\/0111-300x200.jpg 300w, https:\/\/www.supercars.net\/blog\/wp-content\/uploads\/2014\/04\/0111-1024x681.jpg 1024w, https:\/\/www.supercars.net\/blog\/wp-content\/uploads\/2014\/04\/0111-100x67.jpg 100w, https:\/\/www.supercars.net\/blog\/wp-content\/uploads\/2014\/04\/0111-770x512.jpg 770w, https:\/\/www.supercars.net\/blog\/wp-content\/uploads\/2014\/04\/0111-360x240.jpg 360w, https:\/\/www.supercars.net\/blog\/wp-content\/uploads\/2014\/04\/0111-370x247.jpg 370w, https:\/\/www.supercars.net\/blog\/wp-content\/uploads\/2014\/04\/0111-293x195.jpg 293w\" sizes=\"(max-width: 1150px) 100vw, 1150px\" \/><\/a><figcaption id=\"caption-attachment-747823\" class=\"wp-caption-text\">1966 Ferrari 275 GTB\/4<\/figcaption><\/figure>\n<figure id=\"attachment_747824\" aria-describedby=\"caption-attachment-747824\" style=\"width: 1150px\" class=\"wp-caption alignnone\"><a href=\"https:\/\/www.supercars.net\/blog\/wp-content\/uploads\/2014\/04\/0112.jpg\"><img decoding=\"async\" class=\"size-full wp-image-747824\" src=\"https:\/\/www.supercars.net\/blog\/wp-content\/uploads\/2014\/04\/0112.jpg\" alt=\"\" width=\"1150\" height=\"765\" srcset=\"https:\/\/www.supercars.net\/blog\/wp-content\/uploads\/2014\/04\/0112.jpg 1150w, https:\/\/www.supercars.net\/blog\/wp-content\/uploads\/2014\/04\/0112-300x200.jpg 300w, https:\/\/www.supercars.net\/blog\/wp-content\/uploads\/2014\/04\/0112-1024x681.jpg 1024w, https:\/\/www.supercars.net\/blog\/wp-content\/uploads\/2014\/04\/0112-100x67.jpg 100w, https:\/\/www.supercars.net\/blog\/wp-content\/uploads\/2014\/04\/0112-770x512.jpg 770w, https:\/\/www.supercars.net\/blog\/wp-content\/uploads\/2014\/04\/0112-360x240.jpg 360w, https:\/\/www.supercars.net\/blog\/wp-content\/uploads\/2014\/04\/0112-370x247.jpg 370w, https:\/\/www.supercars.net\/blog\/wp-content\/uploads\/2014\/04\/0112-293x195.jpg 293w\" sizes=\"(max-width: 1150px) 100vw, 1150px\" \/><\/a><figcaption id=\"caption-attachment-747824\" class=\"wp-caption-text\">1961 Ferrari 250 GT SWB Berlinetta<\/figcaption><\/figure>\n<p>&nbsp;<\/p>\n<figure id=\"attachment_747825\" aria-describedby=\"caption-attachment-747825\" style=\"width: 1150px\" class=\"wp-caption alignnone\"><a href=\"https:\/\/www.supercars.net\/blog\/wp-content\/uploads\/2014\/04\/0113.jpg\"><img decoding=\"async\" class=\"size-full wp-image-747825\" src=\"https:\/\/www.supercars.net\/blog\/wp-content\/uploads\/2014\/04\/0113.jpg\" alt=\"\" width=\"1150\" height=\"685\" srcset=\"https:\/\/www.supercars.net\/blog\/wp-content\/uploads\/2014\/04\/0113.jpg 1150w, https:\/\/www.supercars.net\/blog\/wp-content\/uploads\/2014\/04\/0113-300x179.jpg 300w, https:\/\/www.supercars.net\/blog\/wp-content\/uploads\/2014\/04\/0113-1024x610.jpg 1024w, https:\/\/www.supercars.net\/blog\/wp-content\/uploads\/2014\/04\/0113-100x60.jpg 100w, https:\/\/www.supercars.net\/blog\/wp-content\/uploads\/2014\/04\/0113-770x459.jpg 770w, https:\/\/www.supercars.net\/blog\/wp-content\/uploads\/2014\/04\/0113-293x175.jpg 293w\" sizes=\"(max-width: 1150px) 100vw, 1150px\" \/><\/a><figcaption id=\"caption-attachment-747825\" class=\"wp-caption-text\">1970 Ferrari 365 GTB\/4 Daytona Group IV<\/figcaption><\/figure>\n<figure id=\"attachment_747826\" aria-describedby=\"caption-attachment-747826\" style=\"width: 1150px\" class=\"wp-caption alignnone\"><a href=\"https:\/\/www.supercars.net\/blog\/wp-content\/uploads\/2014\/04\/0114.jpg\"><img decoding=\"async\" class=\"size-full wp-image-747826\" src=\"https:\/\/www.supercars.net\/blog\/wp-content\/uploads\/2014\/04\/0114.jpg\" alt=\"\" width=\"1150\" height=\"765\" srcset=\"https:\/\/www.supercars.net\/blog\/wp-content\/uploads\/2014\/04\/0114.jpg 1150w, https:\/\/www.supercars.net\/blog\/wp-content\/uploads\/2014\/04\/0114-300x200.jpg 300w, https:\/\/www.supercars.net\/blog\/wp-content\/uploads\/2014\/04\/0114-1024x681.jpg 1024w, https:\/\/www.supercars.net\/blog\/wp-content\/uploads\/2014\/04\/0114-100x67.jpg 100w, https:\/\/www.supercars.net\/blog\/wp-content\/uploads\/2014\/04\/0114-770x512.jpg 770w, https:\/\/www.supercars.net\/blog\/wp-content\/uploads\/2014\/04\/0114-360x240.jpg 360w, https:\/\/www.supercars.net\/blog\/wp-content\/uploads\/2014\/04\/0114-370x247.jpg 370w, https:\/\/www.supercars.net\/blog\/wp-content\/uploads\/2014\/04\/0114-293x195.jpg 293w\" sizes=\"(max-width: 1150px) 100vw, 1150px\" \/><\/a><figcaption id=\"caption-attachment-747826\" class=\"wp-caption-text\">1954 Salmson 2300 S<\/figcaption><\/figure>\n<figure id=\"attachment_747827\" aria-describedby=\"caption-attachment-747827\" style=\"width: 1150px\" class=\"wp-caption alignnone\"><a href=\"https:\/\/www.supercars.net\/blog\/wp-content\/uploads\/2014\/04\/0115.jpg\"><img decoding=\"async\" class=\"size-full wp-image-747827\" src=\"https:\/\/www.supercars.net\/blog\/wp-content\/uploads\/2014\/04\/0115.jpg\" alt=\"\" width=\"1150\" height=\"765\" srcset=\"https:\/\/www.supercars.net\/blog\/wp-content\/uploads\/2014\/04\/0115.jpg 1150w, https:\/\/www.supercars.net\/blog\/wp-content\/uploads\/2014\/04\/0115-300x200.jpg 300w, https:\/\/www.supercars.net\/blog\/wp-content\/uploads\/2014\/04\/0115-1024x681.jpg 1024w, https:\/\/www.supercars.net\/blog\/wp-content\/uploads\/2014\/04\/0115-100x67.jpg 100w, https:\/\/www.supercars.net\/blog\/wp-content\/uploads\/2014\/04\/0115-770x512.jpg 770w, https:\/\/www.supercars.net\/blog\/wp-content\/uploads\/2014\/04\/0115-360x240.jpg 360w, https:\/\/www.supercars.net\/blog\/wp-content\/uploads\/2014\/04\/0115-370x247.jpg 370w, https:\/\/www.supercars.net\/blog\/wp-content\/uploads\/2014\/04\/0115-293x195.jpg 293w\" sizes=\"(max-width: 1150px) 100vw, 1150px\" \/><\/a><figcaption id=\"caption-attachment-747827\" class=\"wp-caption-text\">1964 Morris Mini Cooper S<\/figcaption><\/figure>\n<figure id=\"attachment_747828\" aria-describedby=\"caption-attachment-747828\" style=\"width: 1150px\" class=\"wp-caption alignnone\"><a href=\"https:\/\/www.supercars.net\/blog\/wp-content\/uploads\/2014\/04\/0116.jpg\"><img decoding=\"async\" class=\"size-full wp-image-747828\" src=\"https:\/\/www.supercars.net\/blog\/wp-content\/uploads\/2014\/04\/0116.jpg\" alt=\"\" width=\"1150\" height=\"765\" srcset=\"https:\/\/www.supercars.net\/blog\/wp-content\/uploads\/2014\/04\/0116.jpg 1150w, https:\/\/www.supercars.net\/blog\/wp-content\/uploads\/2014\/04\/0116-300x200.jpg 300w, https:\/\/www.supercars.net\/blog\/wp-content\/uploads\/2014\/04\/0116-1024x681.jpg 1024w, https:\/\/www.supercars.net\/blog\/wp-content\/uploads\/2014\/04\/0116-100x67.jpg 100w, https:\/\/www.supercars.net\/blog\/wp-content\/uploads\/2014\/04\/0116-770x512.jpg 770w, https:\/\/www.supercars.net\/blog\/wp-content\/uploads\/2014\/04\/0116-360x240.jpg 360w, https:\/\/www.supercars.net\/blog\/wp-content\/uploads\/2014\/04\/0116-370x247.jpg 370w, https:\/\/www.supercars.net\/blog\/wp-content\/uploads\/2014\/04\/0116-293x195.jpg 293w\" sizes=\"(max-width: 1150px) 100vw, 1150px\" \/><\/a><figcaption id=\"caption-attachment-747828\" class=\"wp-caption-text\">1952 Ferrari 212 Inter<\/figcaption><\/figure>\n<figure id=\"attachment_747829\" aria-describedby=\"caption-attachment-747829\" style=\"width: 1150px\" class=\"wp-caption alignnone\"><a href=\"https:\/\/www.supercars.net\/blog\/wp-content\/uploads\/2014\/04\/0117.jpg\"><img decoding=\"async\" class=\"size-full wp-image-747829\" src=\"https:\/\/www.supercars.net\/blog\/wp-content\/uploads\/2014\/04\/0117.jpg\" alt=\"\" width=\"1150\" height=\"765\" srcset=\"https:\/\/www.supercars.net\/blog\/wp-content\/uploads\/2014\/04\/0117.jpg 1150w, https:\/\/www.supercars.net\/blog\/wp-content\/uploads\/2014\/04\/0117-300x200.jpg 300w, https:\/\/www.supercars.net\/blog\/wp-content\/uploads\/2014\/04\/0117-1024x681.jpg 1024w, https:\/\/www.supercars.net\/blog\/wp-content\/uploads\/2014\/04\/0117-100x67.jpg 100w, https:\/\/www.supercars.net\/blog\/wp-content\/uploads\/2014\/04\/0117-770x512.jpg 770w, https:\/\/www.supercars.net\/blog\/wp-content\/uploads\/2014\/04\/0117-360x240.jpg 360w, https:\/\/www.supercars.net\/blog\/wp-content\/uploads\/2014\/04\/0117-370x247.jpg 370w, https:\/\/www.supercars.net\/blog\/wp-content\/uploads\/2014\/04\/0117-293x195.jpg 293w\" sizes=\"(max-width: 1150px) 100vw, 1150px\" \/><\/a><figcaption id=\"caption-attachment-747829\" class=\"wp-caption-text\">1971 Porsche 911 ST<\/figcaption><\/figure>\n<figure id=\"attachment_747830\" aria-describedby=\"caption-attachment-747830\" style=\"width: 1150px\" class=\"wp-caption alignnone\"><a href=\"https:\/\/www.supercars.net\/blog\/wp-content\/uploads\/2014\/04\/0118.jpg\"><img decoding=\"async\" class=\"size-full wp-image-747830\" src=\"https:\/\/www.supercars.net\/blog\/wp-content\/uploads\/2014\/04\/0118.jpg\" alt=\"\" width=\"1150\" height=\"667\" srcset=\"https:\/\/www.supercars.net\/blog\/wp-content\/uploads\/2014\/04\/0118.jpg 1150w, https:\/\/www.supercars.net\/blog\/wp-content\/uploads\/2014\/04\/0118-300x174.jpg 300w, https:\/\/www.supercars.net\/blog\/wp-content\/uploads\/2014\/04\/0118-1024x594.jpg 1024w, https:\/\/www.supercars.net\/blog\/wp-content\/uploads\/2014\/04\/0118-100x58.jpg 100w, https:\/\/www.supercars.net\/blog\/wp-content\/uploads\/2014\/04\/0118-770x447.jpg 770w, https:\/\/www.supercars.net\/blog\/wp-content\/uploads\/2014\/04\/0118-293x170.jpg 293w\" sizes=\"(max-width: 1150px) 100vw, 1150px\" \/><\/a><figcaption id=\"caption-attachment-747830\" class=\"wp-caption-text\">1961 Ferrari 250 GT SWB Berlinetta<\/figcaption><\/figure>\n<figure id=\"attachment_747831\" aria-describedby=\"caption-attachment-747831\" style=\"width: 1150px\" class=\"wp-caption alignnone\"><a href=\"https:\/\/www.supercars.net\/blog\/wp-content\/uploads\/2014\/04\/0119.jpg\"><img decoding=\"async\" class=\"size-full wp-image-747831\" src=\"https:\/\/www.supercars.net\/blog\/wp-content\/uploads\/2014\/04\/0119.jpg\" alt=\"\" width=\"1150\" height=\"765\" srcset=\"https:\/\/www.supercars.net\/blog\/wp-content\/uploads\/2014\/04\/0119.jpg 1150w, https:\/\/www.supercars.net\/blog\/wp-content\/uploads\/2014\/04\/0119-300x200.jpg 300w, https:\/\/www.supercars.net\/blog\/wp-content\/uploads\/2014\/04\/0119-1024x681.jpg 1024w, https:\/\/www.supercars.net\/blog\/wp-content\/uploads\/2014\/04\/0119-100x67.jpg 100w, https:\/\/www.supercars.net\/blog\/wp-content\/uploads\/2014\/04\/0119-770x512.jpg 770w, https:\/\/www.supercars.net\/blog\/wp-content\/uploads\/2014\/04\/0119-360x240.jpg 360w, https:\/\/www.supercars.net\/blog\/wp-content\/uploads\/2014\/04\/0119-370x247.jpg 370w, https:\/\/www.supercars.net\/blog\/wp-content\/uploads\/2014\/04\/0119-293x195.jpg 293w\" sizes=\"(max-width: 1150px) 100vw, 1150px\" \/><\/a><figcaption id=\"caption-attachment-747831\" class=\"wp-caption-text\">1961 Porsche 356 B<\/figcaption><\/figure>\n<figure id=\"attachment_747832\" aria-describedby=\"caption-attachment-747832\" style=\"width: 1150px\" class=\"wp-caption alignnone\"><a href=\"https:\/\/www.supercars.net\/blog\/wp-content\/uploads\/2014\/04\/0120.jpg\"><img decoding=\"async\" class=\"size-full wp-image-747832\" src=\"https:\/\/www.supercars.net\/blog\/wp-content\/uploads\/2014\/04\/0120.jpg\" alt=\"\" width=\"1150\" height=\"765\" srcset=\"https:\/\/www.supercars.net\/blog\/wp-content\/uploads\/2014\/04\/0120.jpg 1150w, https:\/\/www.supercars.net\/blog\/wp-content\/uploads\/2014\/04\/0120-300x200.jpg 300w, https:\/\/www.supercars.net\/blog\/wp-content\/uploads\/2014\/04\/0120-1024x681.jpg 1024w, https:\/\/www.supercars.net\/blog\/wp-content\/uploads\/2014\/04\/0120-100x67.jpg 100w, https:\/\/www.supercars.net\/blog\/wp-content\/uploads\/2014\/04\/0120-770x512.jpg 770w, https:\/\/www.supercars.net\/blog\/wp-content\/uploads\/2014\/04\/0120-360x240.jpg 360w, https:\/\/www.supercars.net\/blog\/wp-content\/uploads\/2014\/04\/0120-370x247.jpg 370w, https:\/\/www.supercars.net\/blog\/wp-content\/uploads\/2014\/04\/0120-293x195.jpg 293w\" sizes=\"(max-width: 1150px) 100vw, 1150px\" \/><\/a><figcaption id=\"caption-attachment-747832\" class=\"wp-caption-text\">1954 Frazer Nash Le Mans Replica<\/figcaption><\/figure>\n<p>&nbsp;<\/p>\n<figure id=\"attachment_747833\" aria-describedby=\"caption-attachment-747833\" style=\"width: 1150px\" class=\"wp-caption alignnone\"><a href=\"https:\/\/www.supercars.net\/blog\/wp-content\/uploads\/2014\/04\/0121.jpg\"><img decoding=\"async\" class=\"size-full wp-image-747833\" src=\"https:\/\/www.supercars.net\/blog\/wp-content\/uploads\/2014\/04\/0121.jpg\" alt=\"\" width=\"1150\" height=\"765\" srcset=\"https:\/\/www.supercars.net\/blog\/wp-content\/uploads\/2014\/04\/0121.jpg 1150w, https:\/\/www.supercars.net\/blog\/wp-content\/uploads\/2014\/04\/0121-300x200.jpg 300w, https:\/\/www.supercars.net\/blog\/wp-content\/uploads\/2014\/04\/0121-1024x681.jpg 1024w, https:\/\/www.supercars.net\/blog\/wp-content\/uploads\/2014\/04\/0121-100x67.jpg 100w, https:\/\/www.supercars.net\/blog\/wp-content\/uploads\/2014\/04\/0121-770x512.jpg 770w, https:\/\/www.supercars.net\/blog\/wp-content\/uploads\/2014\/04\/0121-360x240.jpg 360w, https:\/\/www.supercars.net\/blog\/wp-content\/uploads\/2014\/04\/0121-370x247.jpg 370w, https:\/\/www.supercars.net\/blog\/wp-content\/uploads\/2014\/04\/0121-293x195.jpg 293w\" sizes=\"(max-width: 1150px) 100vw, 1150px\" \/><\/a><figcaption id=\"caption-attachment-747833\" class=\"wp-caption-text\">1957 OSCA 372 FS<\/figcaption><\/figure>\n<figure id=\"attachment_747834\" aria-describedby=\"caption-attachment-747834\" style=\"width: 1150px\" class=\"wp-caption alignnone\"><a href=\"https:\/\/www.supercars.net\/blog\/wp-content\/uploads\/2014\/04\/0122.jpg\"><img decoding=\"async\" class=\"size-full wp-image-747834\" src=\"https:\/\/www.supercars.net\/blog\/wp-content\/uploads\/2014\/04\/0122.jpg\" alt=\"\" width=\"1150\" height=\"765\" srcset=\"https:\/\/www.supercars.net\/blog\/wp-content\/uploads\/2014\/04\/0122.jpg 1150w, https:\/\/www.supercars.net\/blog\/wp-content\/uploads\/2014\/04\/0122-300x200.jpg 300w, https:\/\/www.supercars.net\/blog\/wp-content\/uploads\/2014\/04\/0122-1024x681.jpg 1024w, https:\/\/www.supercars.net\/blog\/wp-content\/uploads\/2014\/04\/0122-100x67.jpg 100w, https:\/\/www.supercars.net\/blog\/wp-content\/uploads\/2014\/04\/0122-770x512.jpg 770w, https:\/\/www.supercars.net\/blog\/wp-content\/uploads\/2014\/04\/0122-360x240.jpg 360w, https:\/\/www.supercars.net\/blog\/wp-content\/uploads\/2014\/04\/0122-370x247.jpg 370w, https:\/\/www.supercars.net\/blog\/wp-content\/uploads\/2014\/04\/0122-293x195.jpg 293w\" sizes=\"(max-width: 1150px) 100vw, 1150px\" \/><\/a><figcaption id=\"caption-attachment-747834\" class=\"wp-caption-text\">1973 Porsche 911 Carrera RSR 2.8<\/figcaption><\/figure>\n<figure id=\"attachment_747835\" aria-describedby=\"caption-attachment-747835\" style=\"width: 1150px\" class=\"wp-caption alignnone\"><a href=\"https:\/\/www.supercars.net\/blog\/wp-content\/uploads\/2014\/04\/0123.jpg\"><img decoding=\"async\" class=\"size-full wp-image-747835\" src=\"https:\/\/www.supercars.net\/blog\/wp-content\/uploads\/2014\/04\/0123.jpg\" alt=\"\" width=\"1150\" height=\"765\" srcset=\"https:\/\/www.supercars.net\/blog\/wp-content\/uploads\/2014\/04\/0123.jpg 1150w, https:\/\/www.supercars.net\/blog\/wp-content\/uploads\/2014\/04\/0123-300x200.jpg 300w, https:\/\/www.supercars.net\/blog\/wp-content\/uploads\/2014\/04\/0123-1024x681.jpg 1024w, https:\/\/www.supercars.net\/blog\/wp-content\/uploads\/2014\/04\/0123-100x67.jpg 100w, https:\/\/www.supercars.net\/blog\/wp-content\/uploads\/2014\/04\/0123-770x512.jpg 770w, https:\/\/www.supercars.net\/blog\/wp-content\/uploads\/2014\/04\/0123-360x240.jpg 360w, https:\/\/www.supercars.net\/blog\/wp-content\/uploads\/2014\/04\/0123-370x247.jpg 370w, https:\/\/www.supercars.net\/blog\/wp-content\/uploads\/2014\/04\/0123-293x195.jpg 293w\" sizes=\"(max-width: 1150px) 100vw, 1150px\" \/><\/a><figcaption id=\"caption-attachment-747835\" class=\"wp-caption-text\">1972 BMW 3.0 CSL<\/figcaption><\/figure>\n<figure id=\"attachment_747836\" aria-describedby=\"caption-attachment-747836\" style=\"width: 1150px\" class=\"wp-caption alignnone\"><a href=\"https:\/\/www.supercars.net\/blog\/wp-content\/uploads\/2014\/04\/0124.jpg\"><img decoding=\"async\" class=\"size-full wp-image-747836\" src=\"https:\/\/www.supercars.net\/blog\/wp-content\/uploads\/2014\/04\/0124.jpg\" alt=\"\" width=\"1150\" height=\"765\" srcset=\"https:\/\/www.supercars.net\/blog\/wp-content\/uploads\/2014\/04\/0124.jpg 1150w, https:\/\/www.supercars.net\/blog\/wp-content\/uploads\/2014\/04\/0124-300x200.jpg 300w, https:\/\/www.supercars.net\/blog\/wp-content\/uploads\/2014\/04\/0124-1024x681.jpg 1024w, https:\/\/www.supercars.net\/blog\/wp-content\/uploads\/2014\/04\/0124-100x67.jpg 100w, https:\/\/www.supercars.net\/blog\/wp-content\/uploads\/2014\/04\/0124-770x512.jpg 770w, https:\/\/www.supercars.net\/blog\/wp-content\/uploads\/2014\/04\/0124-360x240.jpg 360w, https:\/\/www.supercars.net\/blog\/wp-content\/uploads\/2014\/04\/0124-370x247.jpg 370w, https:\/\/www.supercars.net\/blog\/wp-content\/uploads\/2014\/04\/0124-293x195.jpg 293w\" sizes=\"(max-width: 1150px) 100vw, 1150px\" \/><\/a><figcaption id=\"caption-attachment-747836\" class=\"wp-caption-text\">1981 Ferrari 308 Gr. IV Michelotto<\/figcaption><\/figure>\n<figure id=\"attachment_747837\" aria-describedby=\"caption-attachment-747837\" style=\"width: 1150px\" class=\"wp-caption alignnone\"><a href=\"https:\/\/www.supercars.net\/blog\/wp-content\/uploads\/2014\/04\/0125.jpg\"><img decoding=\"async\" class=\"size-full wp-image-747837\" src=\"https:\/\/www.supercars.net\/blog\/wp-content\/uploads\/2014\/04\/0125.jpg\" alt=\"\" width=\"1150\" height=\"623\" srcset=\"https:\/\/www.supercars.net\/blog\/wp-content\/uploads\/2014\/04\/0125.jpg 1150w, https:\/\/www.supercars.net\/blog\/wp-content\/uploads\/2014\/04\/0125-300x163.jpg 300w, https:\/\/www.supercars.net\/blog\/wp-content\/uploads\/2014\/04\/0125-1024x555.jpg 1024w, https:\/\/www.supercars.net\/blog\/wp-content\/uploads\/2014\/04\/0125-100x54.jpg 100w, https:\/\/www.supercars.net\/blog\/wp-content\/uploads\/2014\/04\/0125-770x417.jpg 770w, https:\/\/www.supercars.net\/blog\/wp-content\/uploads\/2014\/04\/0125-293x159.jpg 293w\" sizes=\"(max-width: 1150px) 100vw, 1150px\" \/><\/a><figcaption id=\"caption-attachment-747837\" class=\"wp-caption-text\">1974 Porsche 911 Carrera RS 3.0<\/figcaption><\/figure>\n<figure id=\"attachment_747838\" aria-describedby=\"caption-attachment-747838\" style=\"width: 1150px\" class=\"wp-caption alignnone\"><a href=\"https:\/\/www.supercars.net\/blog\/wp-content\/uploads\/2014\/04\/0126.jpg\"><img decoding=\"async\" class=\"size-full wp-image-747838\" src=\"https:\/\/www.supercars.net\/blog\/wp-content\/uploads\/2014\/04\/0126.jpg\" alt=\"\" width=\"1150\" height=\"765\" srcset=\"https:\/\/www.supercars.net\/blog\/wp-content\/uploads\/2014\/04\/0126.jpg 1150w, https:\/\/www.supercars.net\/blog\/wp-content\/uploads\/2014\/04\/0126-300x200.jpg 300w, https:\/\/www.supercars.net\/blog\/wp-content\/uploads\/2014\/04\/0126-1024x681.jpg 1024w, https:\/\/www.supercars.net\/blog\/wp-content\/uploads\/2014\/04\/0126-100x67.jpg 100w, https:\/\/www.supercars.net\/blog\/wp-content\/uploads\/2014\/04\/0126-770x512.jpg 770w, https:\/\/www.supercars.net\/blog\/wp-content\/uploads\/2014\/04\/0126-360x240.jpg 360w, https:\/\/www.supercars.net\/blog\/wp-content\/uploads\/2014\/04\/0126-370x247.jpg 370w, https:\/\/www.supercars.net\/blog\/wp-content\/uploads\/2014\/04\/0126-293x195.jpg 293w\" sizes=\"(max-width: 1150px) 100vw, 1150px\" \/><\/a><figcaption id=\"caption-attachment-747838\" class=\"wp-caption-text\">1955 Austin-Healey 100\/4<\/figcaption><\/figure>\n<figure id=\"attachment_747839\" aria-describedby=\"caption-attachment-747839\" style=\"width: 1150px\" class=\"wp-caption alignnone\"><a href=\"https:\/\/www.supercars.net\/blog\/wp-content\/uploads\/2014\/04\/0127.jpg\"><img decoding=\"async\" class=\"size-full wp-image-747839\" src=\"https:\/\/www.supercars.net\/blog\/wp-content\/uploads\/2014\/04\/0127.jpg\" alt=\"\" width=\"1150\" height=\"765\" srcset=\"https:\/\/www.supercars.net\/blog\/wp-content\/uploads\/2014\/04\/0127.jpg 1150w, https:\/\/www.supercars.net\/blog\/wp-content\/uploads\/2014\/04\/0127-300x200.jpg 300w, https:\/\/www.supercars.net\/blog\/wp-content\/uploads\/2014\/04\/0127-1024x681.jpg 1024w, https:\/\/www.supercars.net\/blog\/wp-content\/uploads\/2014\/04\/0127-100x67.jpg 100w, https:\/\/www.supercars.net\/blog\/wp-content\/uploads\/2014\/04\/0127-770x512.jpg 770w, https:\/\/www.supercars.net\/blog\/wp-content\/uploads\/2014\/04\/0127-360x240.jpg 360w, https:\/\/www.supercars.net\/blog\/wp-content\/uploads\/2014\/04\/0127-370x247.jpg 370w, https:\/\/www.supercars.net\/blog\/wp-content\/uploads\/2014\/04\/0127-293x195.jpg 293w\" sizes=\"(max-width: 1150px) 100vw, 1150px\" \/><\/a><figcaption id=\"caption-attachment-747839\" class=\"wp-caption-text\">1963 Porsche 356 B<\/figcaption><\/figure>\n<figure id=\"attachment_747840\" aria-describedby=\"caption-attachment-747840\" style=\"width: 1150px\" class=\"wp-caption alignnone\"><a href=\"https:\/\/www.supercars.net\/blog\/wp-content\/uploads\/2014\/04\/0128.jpg\"><img decoding=\"async\" class=\"size-full wp-image-747840\" src=\"https:\/\/www.supercars.net\/blog\/wp-content\/uploads\/2014\/04\/0128.jpg\" alt=\"\" width=\"1150\" height=\"765\" srcset=\"https:\/\/www.supercars.net\/blog\/wp-content\/uploads\/2014\/04\/0128.jpg 1150w, https:\/\/www.supercars.net\/blog\/wp-content\/uploads\/2014\/04\/0128-300x200.jpg 300w, https:\/\/www.supercars.net\/blog\/wp-content\/uploads\/2014\/04\/0128-1024x681.jpg 1024w, https:\/\/www.supercars.net\/blog\/wp-content\/uploads\/2014\/04\/0128-100x67.jpg 100w, https:\/\/www.supercars.net\/blog\/wp-content\/uploads\/2014\/04\/0128-770x512.jpg 770w, https:\/\/www.supercars.net\/blog\/wp-content\/uploads\/2014\/04\/0128-360x240.jpg 360w, https:\/\/www.supercars.net\/blog\/wp-content\/uploads\/2014\/04\/0128-370x247.jpg 370w, https:\/\/www.supercars.net\/blog\/wp-content\/uploads\/2014\/04\/0128-293x195.jpg 293w\" sizes=\"(max-width: 1150px) 100vw, 1150px\" \/><\/a><figcaption id=\"caption-attachment-747840\" class=\"wp-caption-text\">1966 Ferrari 275 GTB\/4 and 1965 Ferrari 275 GTB\/2<\/figcaption><\/figure>\n<p>&nbsp;<\/p>\n<figure id=\"attachment_747841\" aria-describedby=\"caption-attachment-747841\" style=\"width: 1150px\" class=\"wp-caption alignnone\"><a href=\"https:\/\/www.supercars.net\/blog\/wp-content\/uploads\/2014\/04\/0129.jpg\"><img decoding=\"async\" class=\"size-full wp-image-747841\" src=\"https:\/\/www.supercars.net\/blog\/wp-content\/uploads\/2014\/04\/0129.jpg\" alt=\"\" width=\"1150\" height=\"765\" srcset=\"https:\/\/www.supercars.net\/blog\/wp-content\/uploads\/2014\/04\/0129.jpg 1150w, https:\/\/www.supercars.net\/blog\/wp-content\/uploads\/2014\/04\/0129-300x200.jpg 300w, https:\/\/www.supercars.net\/blog\/wp-content\/uploads\/2014\/04\/0129-1024x681.jpg 1024w, https:\/\/www.supercars.net\/blog\/wp-content\/uploads\/2014\/04\/0129-100x67.jpg 100w, https:\/\/www.supercars.net\/blog\/wp-content\/uploads\/2014\/04\/0129-770x512.jpg 770w, https:\/\/www.supercars.net\/blog\/wp-content\/uploads\/2014\/04\/0129-360x240.jpg 360w, https:\/\/www.supercars.net\/blog\/wp-content\/uploads\/2014\/04\/0129-370x247.jpg 370w, https:\/\/www.supercars.net\/blog\/wp-content\/uploads\/2014\/04\/0129-293x195.jpg 293w\" sizes=\"(max-width: 1150px) 100vw, 1150px\" \/><\/a><figcaption id=\"caption-attachment-747841\" class=\"wp-caption-text\">1964 Ferrari 250 GT SWB Breadvan<\/figcaption><\/figure>\n<figure id=\"attachment_747842\" aria-describedby=\"caption-attachment-747842\" style=\"width: 1150px\" class=\"wp-caption alignnone\"><a href=\"https:\/\/www.supercars.net\/blog\/wp-content\/uploads\/2014\/04\/0130.jpg\"><img decoding=\"async\" class=\"size-full wp-image-747842\" src=\"https:\/\/www.supercars.net\/blog\/wp-content\/uploads\/2014\/04\/0130.jpg\" alt=\"\" width=\"1150\" height=\"765\" srcset=\"https:\/\/www.supercars.net\/blog\/wp-content\/uploads\/2014\/04\/0130.jpg 1150w, https:\/\/www.supercars.net\/blog\/wp-content\/uploads\/2014\/04\/0130-300x200.jpg 300w, https:\/\/www.supercars.net\/blog\/wp-content\/uploads\/2014\/04\/0130-1024x681.jpg 1024w, https:\/\/www.supercars.net\/blog\/wp-content\/uploads\/2014\/04\/0130-100x67.jpg 100w, https:\/\/www.supercars.net\/blog\/wp-content\/uploads\/2014\/04\/0130-770x512.jpg 770w, https:\/\/www.supercars.net\/blog\/wp-content\/uploads\/2014\/04\/0130-360x240.jpg 360w, https:\/\/www.supercars.net\/blog\/wp-content\/uploads\/2014\/04\/0130-370x247.jpg 370w, https:\/\/www.supercars.net\/blog\/wp-content\/uploads\/2014\/04\/0130-293x195.jpg 293w\" sizes=\"(max-width: 1150px) 100vw, 1150px\" \/><\/a><figcaption id=\"caption-attachment-747842\" class=\"wp-caption-text\">1971 De Tomaso Pantera Group IV<\/figcaption><\/figure>\n<figure id=\"attachment_747843\" aria-describedby=\"caption-attachment-747843\" style=\"width: 1150px\" class=\"wp-caption alignnone\"><a href=\"https:\/\/www.supercars.net\/blog\/wp-content\/uploads\/2014\/04\/0131.jpg\"><img decoding=\"async\" class=\"size-full wp-image-747843\" src=\"https:\/\/www.supercars.net\/blog\/wp-content\/uploads\/2014\/04\/0131.jpg\" alt=\"\" width=\"1150\" height=\"765\" srcset=\"https:\/\/www.supercars.net\/blog\/wp-content\/uploads\/2014\/04\/0131.jpg 1150w, https:\/\/www.supercars.net\/blog\/wp-content\/uploads\/2014\/04\/0131-300x200.jpg 300w, https:\/\/www.supercars.net\/blog\/wp-content\/uploads\/2014\/04\/0131-1024x681.jpg 1024w, https:\/\/www.supercars.net\/blog\/wp-content\/uploads\/2014\/04\/0131-100x67.jpg 100w, https:\/\/www.supercars.net\/blog\/wp-content\/uploads\/2014\/04\/0131-770x512.jpg 770w, https:\/\/www.supercars.net\/blog\/wp-content\/uploads\/2014\/04\/0131-360x240.jpg 360w, https:\/\/www.supercars.net\/blog\/wp-content\/uploads\/2014\/04\/0131-370x247.jpg 370w, https:\/\/www.supercars.net\/blog\/wp-content\/uploads\/2014\/04\/0131-293x195.jpg 293w\" sizes=\"(max-width: 1150px) 100vw, 1150px\" \/><\/a><figcaption id=\"caption-attachment-747843\" class=\"wp-caption-text\">1972 Porsche 911 RS 2.7<\/figcaption><\/figure>\n<figure id=\"attachment_747844\" aria-describedby=\"caption-attachment-747844\" style=\"width: 1150px\" class=\"wp-caption alignnone\"><a href=\"https:\/\/www.supercars.net\/blog\/wp-content\/uploads\/2014\/04\/0132.jpg\"><img decoding=\"async\" class=\"size-full wp-image-747844\" src=\"https:\/\/www.supercars.net\/blog\/wp-content\/uploads\/2014\/04\/0132.jpg\" alt=\"\" width=\"1150\" height=\"765\" srcset=\"https:\/\/www.supercars.net\/blog\/wp-content\/uploads\/2014\/04\/0132.jpg 1150w, https:\/\/www.supercars.net\/blog\/wp-content\/uploads\/2014\/04\/0132-300x200.jpg 300w, https:\/\/www.supercars.net\/blog\/wp-content\/uploads\/2014\/04\/0132-1024x681.jpg 1024w, https:\/\/www.supercars.net\/blog\/wp-content\/uploads\/2014\/04\/0132-100x67.jpg 100w, https:\/\/www.supercars.net\/blog\/wp-content\/uploads\/2014\/04\/0132-770x512.jpg 770w, https:\/\/www.supercars.net\/blog\/wp-content\/uploads\/2014\/04\/0132-360x240.jpg 360w, https:\/\/www.supercars.net\/blog\/wp-content\/uploads\/2014\/04\/0132-370x247.jpg 370w, https:\/\/www.supercars.net\/blog\/wp-content\/uploads\/2014\/04\/0132-293x195.jpg 293w\" sizes=\"(max-width: 1150px) 100vw, 1150px\" \/><\/a><figcaption id=\"caption-attachment-747844\" class=\"wp-caption-text\">1972 De Tomaso Pantera Group IV<\/figcaption><\/figure>\n<figure id=\"attachment_747845\" aria-describedby=\"caption-attachment-747845\" style=\"width: 1150px\" class=\"wp-caption alignnone\"><a href=\"https:\/\/www.supercars.net\/blog\/wp-content\/uploads\/2014\/04\/0133.jpg\"><img decoding=\"async\" class=\"size-full wp-image-747845\" src=\"https:\/\/www.supercars.net\/blog\/wp-content\/uploads\/2014\/04\/0133.jpg\" alt=\"\" width=\"1150\" height=\"765\" srcset=\"https:\/\/www.supercars.net\/blog\/wp-content\/uploads\/2014\/04\/0133.jpg 1150w, https:\/\/www.supercars.net\/blog\/wp-content\/uploads\/2014\/04\/0133-300x200.jpg 300w, https:\/\/www.supercars.net\/blog\/wp-content\/uploads\/2014\/04\/0133-1024x681.jpg 1024w, https:\/\/www.supercars.net\/blog\/wp-content\/uploads\/2014\/04\/0133-100x67.jpg 100w, https:\/\/www.supercars.net\/blog\/wp-content\/uploads\/2014\/04\/0133-770x512.jpg 770w, https:\/\/www.supercars.net\/blog\/wp-content\/uploads\/2014\/04\/0133-360x240.jpg 360w, https:\/\/www.supercars.net\/blog\/wp-content\/uploads\/2014\/04\/0133-370x247.jpg 370w, https:\/\/www.supercars.net\/blog\/wp-content\/uploads\/2014\/04\/0133-293x195.jpg 293w\" sizes=\"(max-width: 1150px) 100vw, 1150px\" \/><\/a><figcaption id=\"caption-attachment-747845\" class=\"wp-caption-text\">1963 Jaguar E-Type<\/figcaption><\/figure>\n<figure id=\"attachment_747846\" aria-describedby=\"caption-attachment-747846\" style=\"width: 1150px\" class=\"wp-caption alignnone\"><a href=\"https:\/\/www.supercars.net\/blog\/wp-content\/uploads\/2014\/04\/0134.jpg\"><img decoding=\"async\" class=\"size-full wp-image-747846\" src=\"https:\/\/www.supercars.net\/blog\/wp-content\/uploads\/2014\/04\/0134.jpg\" alt=\"\" width=\"1150\" height=\"765\" srcset=\"https:\/\/www.supercars.net\/blog\/wp-content\/uploads\/2014\/04\/0134.jpg 1150w, https:\/\/www.supercars.net\/blog\/wp-content\/uploads\/2014\/04\/0134-300x200.jpg 300w, https:\/\/www.supercars.net\/blog\/wp-content\/uploads\/2014\/04\/0134-1024x681.jpg 1024w, https:\/\/www.supercars.net\/blog\/wp-content\/uploads\/2014\/04\/0134-100x67.jpg 100w, https:\/\/www.supercars.net\/blog\/wp-content\/uploads\/2014\/04\/0134-770x512.jpg 770w, https:\/\/www.supercars.net\/blog\/wp-content\/uploads\/2014\/04\/0134-360x240.jpg 360w, https:\/\/www.supercars.net\/blog\/wp-content\/uploads\/2014\/04\/0134-370x247.jpg 370w, https:\/\/www.supercars.net\/blog\/wp-content\/uploads\/2014\/04\/0134-293x195.jpg 293w\" sizes=\"(max-width: 1150px) 100vw, 1150px\" \/><\/a><figcaption id=\"caption-attachment-747846\" class=\"wp-caption-text\">1981 Ferrari 308 Gr. IV Michelotto<\/figcaption><\/figure>\n<figure id=\"attachment_747847\" aria-describedby=\"caption-attachment-747847\" style=\"width: 1150px\" class=\"wp-caption alignnone\"><a href=\"https:\/\/www.supercars.net\/blog\/wp-content\/uploads\/2014\/04\/0135.jpg\"><img decoding=\"async\" class=\"size-full wp-image-747847\" src=\"https:\/\/www.supercars.net\/blog\/wp-content\/uploads\/2014\/04\/0135.jpg\" alt=\"\" width=\"1150\" height=\"765\" srcset=\"https:\/\/www.supercars.net\/blog\/wp-content\/uploads\/2014\/04\/0135.jpg 1150w, https:\/\/www.supercars.net\/blog\/wp-content\/uploads\/2014\/04\/0135-300x200.jpg 300w, https:\/\/www.supercars.net\/blog\/wp-content\/uploads\/2014\/04\/0135-1024x681.jpg 1024w, https:\/\/www.supercars.net\/blog\/wp-content\/uploads\/2014\/04\/0135-100x67.jpg 100w, https:\/\/www.supercars.net\/blog\/wp-content\/uploads\/2014\/04\/0135-770x512.jpg 770w, https:\/\/www.supercars.net\/blog\/wp-content\/uploads\/2014\/04\/0135-360x240.jpg 360w, https:\/\/www.supercars.net\/blog\/wp-content\/uploads\/2014\/04\/0135-370x247.jpg 370w, https:\/\/www.supercars.net\/blog\/wp-content\/uploads\/2014\/04\/0135-293x195.jpg 293w\" sizes=\"(max-width: 1150px) 100vw, 1150px\" \/><\/a><figcaption id=\"caption-attachment-747847\" class=\"wp-caption-text\">1966 Porsche Carrera 906 and 1979 Ferrari 308 Gr. IV Michelotto<\/figcaption><\/figure>\n<figure id=\"attachment_747848\" aria-describedby=\"caption-attachment-747848\" style=\"width: 1150px\" class=\"wp-caption alignnone\"><a href=\"https:\/\/www.supercars.net\/blog\/wp-content\/uploads\/2014\/04\/0136.jpg\"><img decoding=\"async\" class=\"size-full wp-image-747848\" src=\"https:\/\/www.supercars.net\/blog\/wp-content\/uploads\/2014\/04\/0136.jpg\" alt=\"\" width=\"1150\" height=\"765\" srcset=\"https:\/\/www.supercars.net\/blog\/wp-content\/uploads\/2014\/04\/0136.jpg 1150w, https:\/\/www.supercars.net\/blog\/wp-content\/uploads\/2014\/04\/0136-300x200.jpg 300w, https:\/\/www.supercars.net\/blog\/wp-content\/uploads\/2014\/04\/0136-1024x681.jpg 1024w, https:\/\/www.supercars.net\/blog\/wp-content\/uploads\/2014\/04\/0136-100x67.jpg 100w, https:\/\/www.supercars.net\/blog\/wp-content\/uploads\/2014\/04\/0136-770x512.jpg 770w, https:\/\/www.supercars.net\/blog\/wp-content\/uploads\/2014\/04\/0136-360x240.jpg 360w, https:\/\/www.supercars.net\/blog\/wp-content\/uploads\/2014\/04\/0136-370x247.jpg 370w, https:\/\/www.supercars.net\/blog\/wp-content\/uploads\/2014\/04\/0136-293x195.jpg 293w\" sizes=\"(max-width: 1150px) 100vw, 1150px\" \/><\/a><figcaption id=\"caption-attachment-747848\" class=\"wp-caption-text\">1981 Ferrari 308 Gr. IV Michelotto<\/figcaption><\/figure>\n<figure class='gallery-item'>\n            <div class='gallery-icon landscape'>\n                <a href='https:\/\/www.supercars.net\/blog\/wp-content\/uploads\/2014\/04\/0137.jpg' class='tipi-lightbox'>\n\t\t\t\t<a href='https:\/\/www.supercars.net\/blog\/wp-content\/uploads\/2014\/04\/0137.jpg'><img decoding=\"async\" width=\"920\" height=\"612\" src=\"https:\/\/www.supercars.net\/blog\/wp-content\/uploads\/2014\/04\/0137.jpg\" class=\"attachment-full size-full\" alt=\"\" srcset=\"https:\/\/www.supercars.net\/blog\/wp-content\/uploads\/2014\/04\/0137.jpg 920w, https:\/\/www.supercars.net\/blog\/wp-content\/uploads\/2014\/04\/0137-300x200.jpg 300w, https:\/\/www.supercars.net\/blog\/wp-content\/uploads\/2014\/04\/0137-100x67.jpg 100w, https:\/\/www.supercars.net\/blog\/wp-content\/uploads\/2014\/04\/0137-770x512.jpg 770w, https:\/\/www.supercars.net\/blog\/wp-content\/uploads\/2014\/04\/0137-360x240.jpg 360w, https:\/\/www.supercars.net\/blog\/wp-content\/uploads\/2014\/04\/0137-370x247.jpg 370w, https:\/\/www.supercars.net\/blog\/wp-content\/uploads\/2014\/04\/0137-293x195.jpg 293w\" sizes=\"(max-width: 920px) 100vw, 920px\" \/><\/a>\n\t\t\t\t<\/a>\n            <\/div>\n                <div class='wp-caption-text gallery-caption'>\n                1955 Mercedes-Benz 300 SL Gullwing\n                <\/div><\/figure><figure class='gallery-item'>\n            <div class='gallery-icon landscape'>\n                <a href='https:\/\/www.supercars.net\/blog\/wp-content\/uploads\/2014\/04\/0138.jpg' class='tipi-lightbox'>\n\t\t\t\t<a href='https:\/\/www.supercars.net\/blog\/wp-content\/uploads\/2014\/04\/0138.jpg'><img decoding=\"async\" width=\"920\" height=\"612\" src=\"https:\/\/www.supercars.net\/blog\/wp-content\/uploads\/2014\/04\/0138.jpg\" class=\"attachment-full size-full\" alt=\"\" srcset=\"https:\/\/www.supercars.net\/blog\/wp-content\/uploads\/2014\/04\/0138.jpg 920w, https:\/\/www.supercars.net\/blog\/wp-content\/uploads\/2014\/04\/0138-300x200.jpg 300w, https:\/\/www.supercars.net\/blog\/wp-content\/uploads\/2014\/04\/0138-100x67.jpg 100w, https:\/\/www.supercars.net\/blog\/wp-content\/uploads\/2014\/04\/0138-770x512.jpg 770w, https:\/\/www.supercars.net\/blog\/wp-content\/uploads\/2014\/04\/0138-360x240.jpg 360w, https:\/\/www.supercars.net\/blog\/wp-content\/uploads\/2014\/04\/0138-370x247.jpg 370w, https:\/\/www.supercars.net\/blog\/wp-content\/uploads\/2014\/04\/0138-293x195.jpg 293w\" sizes=\"(max-width: 920px) 100vw, 920px\" \/><\/a>\n\t\t\t\t<\/a>\n            <\/div>\n                <div class='wp-caption-text gallery-caption'>\n                Tour Auto Rally 2014\n                <\/div><\/figure><figure class='gallery-item'>\n            <div class='gallery-icon landscape'>\n                <a href='https:\/\/www.supercars.net\/blog\/wp-content\/uploads\/2014\/04\/0139.jpg' class='tipi-lightbox'>\n\t\t\t\t<a href='https:\/\/www.supercars.net\/blog\/wp-content\/uploads\/2014\/04\/0139.jpg'><img decoding=\"async\" width=\"920\" height=\"612\" src=\"https:\/\/www.supercars.net\/blog\/wp-content\/uploads\/2014\/04\/0139.jpg\" class=\"attachment-full size-full\" alt=\"\" srcset=\"https:\/\/www.supercars.net\/blog\/wp-content\/uploads\/2014\/04\/0139.jpg 920w, https:\/\/www.supercars.net\/blog\/wp-content\/uploads\/2014\/04\/0139-300x200.jpg 300w, https:\/\/www.supercars.net\/blog\/wp-content\/uploads\/2014\/04\/0139-100x67.jpg 100w, https:\/\/www.supercars.net\/blog\/wp-content\/uploads\/2014\/04\/0139-770x512.jpg 770w, https:\/\/www.supercars.net\/blog\/wp-content\/uploads\/2014\/04\/0139-360x240.jpg 360w, https:\/\/www.supercars.net\/blog\/wp-content\/uploads\/2014\/04\/0139-370x247.jpg 370w, https:\/\/www.supercars.net\/blog\/wp-content\/uploads\/2014\/04\/0139-293x195.jpg 293w\" sizes=\"(max-width: 920px) 100vw, 920px\" \/><\/a>\n\t\t\t\t<\/a>\n            <\/div>\n                <div class='wp-caption-text gallery-caption'>\n                1978 Lancia Stratos Group IV and 1970 Chevrolet Camaro\n                <\/div><\/figure><figure class='gallery-item'>\n            <div class='gallery-icon landscape'>\n                <a href='https:\/\/www.supercars.net\/blog\/wp-content\/uploads\/2014\/04\/0140.jpg' class='tipi-lightbox'>\n\t\t\t\t<a href='https:\/\/www.supercars.net\/blog\/wp-content\/uploads\/2014\/04\/0140.jpg'><img decoding=\"async\" width=\"920\" height=\"612\" src=\"https:\/\/www.supercars.net\/blog\/wp-content\/uploads\/2014\/04\/0140.jpg\" class=\"attachment-full size-full\" alt=\"\" srcset=\"https:\/\/www.supercars.net\/blog\/wp-content\/uploads\/2014\/04\/0140.jpg 920w, https:\/\/www.supercars.net\/blog\/wp-content\/uploads\/2014\/04\/0140-300x200.jpg 300w, https:\/\/www.supercars.net\/blog\/wp-content\/uploads\/2014\/04\/0140-100x67.jpg 100w, https:\/\/www.supercars.net\/blog\/wp-content\/uploads\/2014\/04\/0140-770x512.jpg 770w, https:\/\/www.supercars.net\/blog\/wp-content\/uploads\/2014\/04\/0140-360x240.jpg 360w, https:\/\/www.supercars.net\/blog\/wp-content\/uploads\/2014\/04\/0140-370x247.jpg 370w, https:\/\/www.supercars.net\/blog\/wp-content\/uploads\/2014\/04\/0140-293x195.jpg 293w\" sizes=\"(max-width: 920px) 100vw, 920px\" \/><\/a>\n\t\t\t\t<\/a>\n            <\/div>\n                <div class='wp-caption-text gallery-caption'>\n                Tour Auto Rally 2014\n                <\/div><\/figure><figure class='gallery-item'>\n            <div class='gallery-icon landscape'>\n                <a href='https:\/\/www.supercars.net\/blog\/wp-content\/uploads\/2014\/04\/0141.jpg' class='tipi-lightbox'>\n\t\t\t\t<a href='https:\/\/www.supercars.net\/blog\/wp-content\/uploads\/2014\/04\/0141.jpg'><img decoding=\"async\" width=\"920\" height=\"612\" src=\"https:\/\/www.supercars.net\/blog\/wp-content\/uploads\/2014\/04\/0141.jpg\" class=\"attachment-full size-full\" alt=\"\" srcset=\"https:\/\/www.supercars.net\/blog\/wp-content\/uploads\/2014\/04\/0141.jpg 920w, https:\/\/www.supercars.net\/blog\/wp-content\/uploads\/2014\/04\/0141-300x200.jpg 300w, https:\/\/www.supercars.net\/blog\/wp-content\/uploads\/2014\/04\/0141-100x67.jpg 100w, https:\/\/www.supercars.net\/blog\/wp-content\/uploads\/2014\/04\/0141-770x512.jpg 770w, https:\/\/www.supercars.net\/blog\/wp-content\/uploads\/2014\/04\/0141-360x240.jpg 360w, https:\/\/www.supercars.net\/blog\/wp-content\/uploads\/2014\/04\/0141-370x247.jpg 370w, https:\/\/www.supercars.net\/blog\/wp-content\/uploads\/2014\/04\/0141-293x195.jpg 293w\" sizes=\"(max-width: 920px) 100vw, 920px\" \/><\/a>\n\t\t\t\t<\/a>\n            <\/div>\n                <div class='wp-caption-text gallery-caption'>\n                1952 Aston Martin DB2\n                <\/div><\/figure><figure class='gallery-item'>\n            <div class='gallery-icon landscape'>\n                <a href='https:\/\/www.supercars.net\/blog\/wp-content\/uploads\/2014\/04\/0142.jpg' class='tipi-lightbox'>\n\t\t\t\t<a href='https:\/\/www.supercars.net\/blog\/wp-content\/uploads\/2014\/04\/0142.jpg'><img decoding=\"async\" width=\"920\" height=\"612\" src=\"https:\/\/www.supercars.net\/blog\/wp-content\/uploads\/2014\/04\/0142.jpg\" class=\"attachment-full size-full\" alt=\"\" srcset=\"https:\/\/www.supercars.net\/blog\/wp-content\/uploads\/2014\/04\/0142.jpg 920w, https:\/\/www.supercars.net\/blog\/wp-content\/uploads\/2014\/04\/0142-300x200.jpg 300w, https:\/\/www.supercars.net\/blog\/wp-content\/uploads\/2014\/04\/0142-100x67.jpg 100w, https:\/\/www.supercars.net\/blog\/wp-content\/uploads\/2014\/04\/0142-770x512.jpg 770w, https:\/\/www.supercars.net\/blog\/wp-content\/uploads\/2014\/04\/0142-360x240.jpg 360w, https:\/\/www.supercars.net\/blog\/wp-content\/uploads\/2014\/04\/0142-370x247.jpg 370w, https:\/\/www.supercars.net\/blog\/wp-content\/uploads\/2014\/04\/0142-293x195.jpg 293w\" sizes=\"(max-width: 920px) 100vw, 920px\" \/><\/a>\n\t\t\t\t<\/a>\n            <\/div>\n                <div class='wp-caption-text gallery-caption'>\n                1950 Jaguar XK120 Roadster\n                <\/div><\/figure><figure class='gallery-item'>\n            <div class='gallery-icon landscape'>\n                <a href='https:\/\/www.supercars.net\/blog\/wp-content\/uploads\/2014\/04\/0143.jpg' class='tipi-lightbox'>\n\t\t\t\t<a href='https:\/\/www.supercars.net\/blog\/wp-content\/uploads\/2014\/04\/0143.jpg'><img decoding=\"async\" width=\"920\" height=\"612\" src=\"https:\/\/www.supercars.net\/blog\/wp-content\/uploads\/2014\/04\/0143.jpg\" class=\"attachment-full size-full\" alt=\"\" srcset=\"https:\/\/www.supercars.net\/blog\/wp-content\/uploads\/2014\/04\/0143.jpg 920w, https:\/\/www.supercars.net\/blog\/wp-content\/uploads\/2014\/04\/0143-300x200.jpg 300w, https:\/\/www.supercars.net\/blog\/wp-content\/uploads\/2014\/04\/0143-100x67.jpg 100w, https:\/\/www.supercars.net\/blog\/wp-content\/uploads\/2014\/04\/0143-770x512.jpg 770w, https:\/\/www.supercars.net\/blog\/wp-content\/uploads\/2014\/04\/0143-360x240.jpg 360w, https:\/\/www.supercars.net\/blog\/wp-content\/uploads\/2014\/04\/0143-370x247.jpg 370w, https:\/\/www.supercars.net\/blog\/wp-content\/uploads\/2014\/04\/0143-293x195.jpg 293w\" sizes=\"(max-width: 920px) 100vw, 920px\" \/><\/a>\n\t\t\t\t<\/a>\n            <\/div>\n                <div class='wp-caption-text gallery-caption'>\n                Tour Auto Rally 2014\n                <\/div><\/figure><figure class='gallery-item'>\n            <div class='gallery-icon landscape'>\n                <a href='https:\/\/www.supercars.net\/blog\/wp-content\/uploads\/2014\/04\/0144.jpg' class='tipi-lightbox'>\n\t\t\t\t<a href='https:\/\/www.supercars.net\/blog\/wp-content\/uploads\/2014\/04\/0144.jpg'><img decoding=\"async\" width=\"920\" height=\"612\" src=\"https:\/\/www.supercars.net\/blog\/wp-content\/uploads\/2014\/04\/0144.jpg\" class=\"attachment-full size-full\" alt=\"\" srcset=\"https:\/\/www.supercars.net\/blog\/wp-content\/uploads\/2014\/04\/0144.jpg 920w, https:\/\/www.supercars.net\/blog\/wp-content\/uploads\/2014\/04\/0144-300x200.jpg 300w, https:\/\/www.supercars.net\/blog\/wp-content\/uploads\/2014\/04\/0144-100x67.jpg 100w, https:\/\/www.supercars.net\/blog\/wp-content\/uploads\/2014\/04\/0144-770x512.jpg 770w, https:\/\/www.supercars.net\/blog\/wp-content\/uploads\/2014\/04\/0144-360x240.jpg 360w, https:\/\/www.supercars.net\/blog\/wp-content\/uploads\/2014\/04\/0144-370x247.jpg 370w, https:\/\/www.supercars.net\/blog\/wp-content\/uploads\/2014\/04\/0144-293x195.jpg 293w\" sizes=\"(max-width: 920px) 100vw, 920px\" \/><\/a>\n\t\t\t\t<\/a>\n            <\/div>\n                <div class='wp-caption-text gallery-caption'>\n                Tour Auto Rally 2014\n                <\/div><\/figure><figure class='gallery-item'>\n            <div class='gallery-icon landscape'>\n                <a href='https:\/\/www.supercars.net\/blog\/wp-content\/uploads\/2014\/04\/0145.jpg' class='tipi-lightbox'>\n\t\t\t\t<a href='https:\/\/www.supercars.net\/blog\/wp-content\/uploads\/2014\/04\/0145.jpg'><img decoding=\"async\" width=\"920\" height=\"612\" src=\"https:\/\/www.supercars.net\/blog\/wp-content\/uploads\/2014\/04\/0145.jpg\" class=\"attachment-full size-full\" alt=\"\" srcset=\"https:\/\/www.supercars.net\/blog\/wp-content\/uploads\/2014\/04\/0145.jpg 920w, https:\/\/www.supercars.net\/blog\/wp-content\/uploads\/2014\/04\/0145-300x200.jpg 300w, https:\/\/www.supercars.net\/blog\/wp-content\/uploads\/2014\/04\/0145-100x67.jpg 100w, https:\/\/www.supercars.net\/blog\/wp-content\/uploads\/2014\/04\/0145-770x512.jpg 770w, https:\/\/www.supercars.net\/blog\/wp-content\/uploads\/2014\/04\/0145-360x240.jpg 360w, https:\/\/www.supercars.net\/blog\/wp-content\/uploads\/2014\/04\/0145-370x247.jpg 370w, https:\/\/www.supercars.net\/blog\/wp-content\/uploads\/2014\/04\/0145-293x195.jpg 293w\" sizes=\"(max-width: 920px) 100vw, 920px\" \/><\/a>\n\t\t\t\t<\/a>\n            <\/div>\n                <div class='wp-caption-text gallery-caption'>\n                1954 Jaguar XK140 Roadster\n                <\/div><\/figure><figure class='gallery-item'>\n            <div class='gallery-icon landscape'>\n                <a href='https:\/\/www.supercars.net\/blog\/wp-content\/uploads\/2014\/04\/0146.jpg' class='tipi-lightbox'>\n\t\t\t\t<a href='https:\/\/www.supercars.net\/blog\/wp-content\/uploads\/2014\/04\/0146.jpg'><img decoding=\"async\" width=\"920\" height=\"591\" src=\"https:\/\/www.supercars.net\/blog\/wp-content\/uploads\/2014\/04\/0146.jpg\" class=\"attachment-full size-full\" alt=\"\" srcset=\"https:\/\/www.supercars.net\/blog\/wp-content\/uploads\/2014\/04\/0146.jpg 920w, https:\/\/www.supercars.net\/blog\/wp-content\/uploads\/2014\/04\/0146-300x193.jpg 300w, https:\/\/www.supercars.net\/blog\/wp-content\/uploads\/2014\/04\/0146-100x64.jpg 100w, https:\/\/www.supercars.net\/blog\/wp-content\/uploads\/2014\/04\/0146-770x495.jpg 770w, https:\/\/www.supercars.net\/blog\/wp-content\/uploads\/2014\/04\/0146-293x188.jpg 293w\" sizes=\"(max-width: 920px) 100vw, 920px\" \/><\/a>\n\t\t\t\t<\/a>\n            <\/div>\n                <div class='wp-caption-text gallery-caption'>\n                Tour Auto Rally 2014\n                <\/div><\/figure><figure class='gallery-item'>\n            <div class='gallery-icon landscape'>\n                <a href='https:\/\/www.supercars.net\/blog\/wp-content\/uploads\/2014\/04\/0147.jpg' class='tipi-lightbox'>\n\t\t\t\t<a href='https:\/\/www.supercars.net\/blog\/wp-content\/uploads\/2014\/04\/0147.jpg'><img decoding=\"async\" width=\"920\" height=\"612\" src=\"https:\/\/www.supercars.net\/blog\/wp-content\/uploads\/2014\/04\/0147.jpg\" class=\"attachment-full size-full\" alt=\"\" srcset=\"https:\/\/www.supercars.net\/blog\/wp-content\/uploads\/2014\/04\/0147.jpg 920w, https:\/\/www.supercars.net\/blog\/wp-content\/uploads\/2014\/04\/0147-300x200.jpg 300w, https:\/\/www.supercars.net\/blog\/wp-content\/uploads\/2014\/04\/0147-100x67.jpg 100w, https:\/\/www.supercars.net\/blog\/wp-content\/uploads\/2014\/04\/0147-770x512.jpg 770w, https:\/\/www.supercars.net\/blog\/wp-content\/uploads\/2014\/04\/0147-360x240.jpg 360w, https:\/\/www.supercars.net\/blog\/wp-content\/uploads\/2014\/04\/0147-370x247.jpg 370w, https:\/\/www.supercars.net\/blog\/wp-content\/uploads\/2014\/04\/0147-293x195.jpg 293w\" sizes=\"(max-width: 920px) 100vw, 920px\" \/><\/a>\n\t\t\t\t<\/a>\n            <\/div>\n                <div class='wp-caption-text gallery-caption'>\n                Tour Auto Rally 2014\n                <\/div><\/figure><figure class='gallery-item'>\n            <div class='gallery-icon landscape'>\n                <a href='https:\/\/www.supercars.net\/blog\/wp-content\/uploads\/2014\/04\/0148.jpg' class='tipi-lightbox'>\n\t\t\t\t<a href='https:\/\/www.supercars.net\/blog\/wp-content\/uploads\/2014\/04\/0148.jpg'><img decoding=\"async\" width=\"920\" height=\"612\" src=\"https:\/\/www.supercars.net\/blog\/wp-content\/uploads\/2014\/04\/0148.jpg\" class=\"attachment-full size-full\" alt=\"\" srcset=\"https:\/\/www.supercars.net\/blog\/wp-content\/uploads\/2014\/04\/0148.jpg 920w, https:\/\/www.supercars.net\/blog\/wp-content\/uploads\/2014\/04\/0148-300x200.jpg 300w, https:\/\/www.supercars.net\/blog\/wp-content\/uploads\/2014\/04\/0148-100x67.jpg 100w, https:\/\/www.supercars.net\/blog\/wp-content\/uploads\/2014\/04\/0148-770x512.jpg 770w, https:\/\/www.supercars.net\/blog\/wp-content\/uploads\/2014\/04\/0148-360x240.jpg 360w, https:\/\/www.supercars.net\/blog\/wp-content\/uploads\/2014\/04\/0148-370x247.jpg 370w, https:\/\/www.supercars.net\/blog\/wp-content\/uploads\/2014\/04\/0148-293x195.jpg 293w\" sizes=\"(max-width: 920px) 100vw, 920px\" \/><\/a>\n\t\t\t\t<\/a>\n            <\/div>\n                <div class='wp-caption-text gallery-caption'>\n                Tour Auto Rally 2014\n                <\/div><\/figure><figure class='gallery-item'>\n            <div class='gallery-icon landscape'>\n                <a href='https:\/\/www.supercars.net\/blog\/wp-content\/uploads\/2014\/04\/0149.jpg' class='tipi-lightbox'>\n\t\t\t\t<a href='https:\/\/www.supercars.net\/blog\/wp-content\/uploads\/2014\/04\/0149.jpg'><img decoding=\"async\" width=\"920\" height=\"527\" src=\"https:\/\/www.supercars.net\/blog\/wp-content\/uploads\/2014\/04\/0149.jpg\" class=\"attachment-full size-full\" alt=\"\" srcset=\"https:\/\/www.supercars.net\/blog\/wp-content\/uploads\/2014\/04\/0149.jpg 920w, https:\/\/www.supercars.net\/blog\/wp-content\/uploads\/2014\/04\/0149-300x172.jpg 300w, https:\/\/www.supercars.net\/blog\/wp-content\/uploads\/2014\/04\/0149-100x57.jpg 100w, https:\/\/www.supercars.net\/blog\/wp-content\/uploads\/2014\/04\/0149-770x441.jpg 770w, https:\/\/www.supercars.net\/blog\/wp-content\/uploads\/2014\/04\/0149-293x168.jpg 293w\" sizes=\"(max-width: 920px) 100vw, 920px\" \/><\/a>\n\t\t\t\t<\/a>\n            <\/div>\n                <div class='wp-caption-text gallery-caption'>\n                1971 Ferrari Dino 246 GT\n                <\/div><\/figure><figure class='gallery-item'>\n            <div class='gallery-icon landscape'>\n                <a href='https:\/\/www.supercars.net\/blog\/wp-content\/uploads\/2014\/04\/0150.jpg' class='tipi-lightbox'>\n\t\t\t\t<a href='https:\/\/www.supercars.net\/blog\/wp-content\/uploads\/2014\/04\/0150.jpg'><img decoding=\"async\" width=\"920\" height=\"612\" src=\"https:\/\/www.supercars.net\/blog\/wp-content\/uploads\/2014\/04\/0150.jpg\" class=\"attachment-full size-full\" alt=\"\" srcset=\"https:\/\/www.supercars.net\/blog\/wp-content\/uploads\/2014\/04\/0150.jpg 920w, https:\/\/www.supercars.net\/blog\/wp-content\/uploads\/2014\/04\/0150-300x200.jpg 300w, https:\/\/www.supercars.net\/blog\/wp-content\/uploads\/2014\/04\/0150-100x67.jpg 100w, https:\/\/www.supercars.net\/blog\/wp-content\/uploads\/2014\/04\/0150-770x512.jpg 770w, https:\/\/www.supercars.net\/blog\/wp-content\/uploads\/2014\/04\/0150-360x240.jpg 360w, https:\/\/www.supercars.net\/blog\/wp-content\/uploads\/2014\/04\/0150-370x247.jpg 370w, https:\/\/www.supercars.net\/blog\/wp-content\/uploads\/2014\/04\/0150-293x195.jpg 293w\" sizes=\"(max-width: 920px) 100vw, 920px\" \/><\/a>\n\t\t\t\t<\/a>\n            <\/div>\n                <div class='wp-caption-text gallery-caption'>\n                Tour Auto Rally 2014\n                <\/div><\/figure><figure class='gallery-item'>\n            <div class='gallery-icon landscape'>\n                <a href='https:\/\/www.supercars.net\/blog\/wp-content\/uploads\/2014\/04\/0151.jpg' class='tipi-lightbox'>\n\t\t\t\t<a href='https:\/\/www.supercars.net\/blog\/wp-content\/uploads\/2014\/04\/0151.jpg'><img decoding=\"async\" width=\"920\" height=\"612\" src=\"https:\/\/www.supercars.net\/blog\/wp-content\/uploads\/2014\/04\/0151.jpg\" class=\"attachment-full size-full\" alt=\"\" srcset=\"https:\/\/www.supercars.net\/blog\/wp-content\/uploads\/2014\/04\/0151.jpg 920w, https:\/\/www.supercars.net\/blog\/wp-content\/uploads\/2014\/04\/0151-300x200.jpg 300w, https:\/\/www.supercars.net\/blog\/wp-content\/uploads\/2014\/04\/0151-100x67.jpg 100w, https:\/\/www.supercars.net\/blog\/wp-content\/uploads\/2014\/04\/0151-770x512.jpg 770w, https:\/\/www.supercars.net\/blog\/wp-content\/uploads\/2014\/04\/0151-360x240.jpg 360w, https:\/\/www.supercars.net\/blog\/wp-content\/uploads\/2014\/04\/0151-370x247.jpg 370w, https:\/\/www.supercars.net\/blog\/wp-content\/uploads\/2014\/04\/0151-293x195.jpg 293w\" sizes=\"(max-width: 920px) 100vw, 920px\" \/><\/a>\n\t\t\t\t<\/a>\n            <\/div>\n                <div class='wp-caption-text gallery-caption'>\n                Tour Auto Rally 2014\n                <\/div><\/figure><figure class='gallery-item'>\n            <div class='gallery-icon landscape'>\n                <a href='https:\/\/www.supercars.net\/blog\/wp-content\/uploads\/2014\/04\/0152.jpg' class='tipi-lightbox'>\n\t\t\t\t<a href='https:\/\/www.supercars.net\/blog\/wp-content\/uploads\/2014\/04\/0152.jpg'><img decoding=\"async\" width=\"920\" height=\"612\" src=\"https:\/\/www.supercars.net\/blog\/wp-content\/uploads\/2014\/04\/0152.jpg\" class=\"attachment-full size-full\" alt=\"\" srcset=\"https:\/\/www.supercars.net\/blog\/wp-content\/uploads\/2014\/04\/0152.jpg 920w, https:\/\/www.supercars.net\/blog\/wp-content\/uploads\/2014\/04\/0152-300x200.jpg 300w, https:\/\/www.supercars.net\/blog\/wp-content\/uploads\/2014\/04\/0152-100x67.jpg 100w, https:\/\/www.supercars.net\/blog\/wp-content\/uploads\/2014\/04\/0152-770x512.jpg 770w, https:\/\/www.supercars.net\/blog\/wp-content\/uploads\/2014\/04\/0152-360x240.jpg 360w, https:\/\/www.supercars.net\/blog\/wp-content\/uploads\/2014\/04\/0152-370x247.jpg 370w, https:\/\/www.supercars.net\/blog\/wp-content\/uploads\/2014\/04\/0152-293x195.jpg 293w\" sizes=\"(max-width: 920px) 100vw, 920px\" \/><\/a>\n\t\t\t\t<\/a>\n            <\/div>\n                <div class='wp-caption-text gallery-caption'>\n                1975 Ferrari 365 GTB\/4 NART Spider\n                <\/div><\/figure><figure class='gallery-item'>\n            <div class='gallery-icon landscape'>\n                <a href='https:\/\/www.supercars.net\/blog\/wp-content\/uploads\/2014\/04\/0153.jpg' class='tipi-lightbox'>\n\t\t\t\t<a href='https:\/\/www.supercars.net\/blog\/wp-content\/uploads\/2014\/04\/0153.jpg'><img decoding=\"async\" width=\"920\" height=\"612\" src=\"https:\/\/www.supercars.net\/blog\/wp-content\/uploads\/2014\/04\/0153.jpg\" class=\"attachment-full size-full\" alt=\"\" srcset=\"https:\/\/www.supercars.net\/blog\/wp-content\/uploads\/2014\/04\/0153.jpg 920w, https:\/\/www.supercars.net\/blog\/wp-content\/uploads\/2014\/04\/0153-300x200.jpg 300w, https:\/\/www.supercars.net\/blog\/wp-content\/uploads\/2014\/04\/0153-100x67.jpg 100w, https:\/\/www.supercars.net\/blog\/wp-content\/uploads\/2014\/04\/0153-770x512.jpg 770w, https:\/\/www.supercars.net\/blog\/wp-content\/uploads\/2014\/04\/0153-360x240.jpg 360w, https:\/\/www.supercars.net\/blog\/wp-content\/uploads\/2014\/04\/0153-370x247.jpg 370w, https:\/\/www.supercars.net\/blog\/wp-content\/uploads\/2014\/04\/0153-293x195.jpg 293w\" sizes=\"(max-width: 920px) 100vw, 920px\" \/><\/a>\n\t\t\t\t<\/a>\n            <\/div>\n                <div class='wp-caption-text gallery-caption'>\n                Tour Auto Rally 2014\n                <\/div><\/figure><figure class='gallery-item'>\n            <div class='gallery-icon landscape'>\n                <a href='https:\/\/www.supercars.net\/blog\/wp-content\/uploads\/2014\/04\/0154.jpg' class='tipi-lightbox'>\n\t\t\t\t<a href='https:\/\/www.supercars.net\/blog\/wp-content\/uploads\/2014\/04\/0154.jpg'><img decoding=\"async\" width=\"920\" height=\"612\" src=\"https:\/\/www.supercars.net\/blog\/wp-content\/uploads\/2014\/04\/0154.jpg\" class=\"attachment-full size-full\" alt=\"\" srcset=\"https:\/\/www.supercars.net\/blog\/wp-content\/uploads\/2014\/04\/0154.jpg 920w, https:\/\/www.supercars.net\/blog\/wp-content\/uploads\/2014\/04\/0154-300x200.jpg 300w, https:\/\/www.supercars.net\/blog\/wp-content\/uploads\/2014\/04\/0154-100x67.jpg 100w, https:\/\/www.supercars.net\/blog\/wp-content\/uploads\/2014\/04\/0154-770x512.jpg 770w, https:\/\/www.supercars.net\/blog\/wp-content\/uploads\/2014\/04\/0154-360x240.jpg 360w, https:\/\/www.supercars.net\/blog\/wp-content\/uploads\/2014\/04\/0154-370x247.jpg 370w, https:\/\/www.supercars.net\/blog\/wp-content\/uploads\/2014\/04\/0154-293x195.jpg 293w\" sizes=\"(max-width: 920px) 100vw, 920px\" \/><\/a>\n\t\t\t\t<\/a>\n            <\/div>\n                <div class='wp-caption-text gallery-caption'>\n                Tour Auto Rally 2014\n                <\/div><\/figure><figure class='gallery-item'>\n            <div class='gallery-icon landscape'>\n                <a href='https:\/\/www.supercars.net\/blog\/wp-content\/uploads\/2014\/04\/0155.jpg' class='tipi-lightbox'>\n\t\t\t\t<a href='https:\/\/www.supercars.net\/blog\/wp-content\/uploads\/2014\/04\/0155.jpg'><img decoding=\"async\" width=\"920\" height=\"612\" src=\"https:\/\/www.supercars.net\/blog\/wp-content\/uploads\/2014\/04\/0155.jpg\" class=\"attachment-full size-full\" alt=\"\" srcset=\"https:\/\/www.supercars.net\/blog\/wp-content\/uploads\/2014\/04\/0155.jpg 920w, https:\/\/www.supercars.net\/blog\/wp-content\/uploads\/2014\/04\/0155-300x200.jpg 300w, https:\/\/www.supercars.net\/blog\/wp-content\/uploads\/2014\/04\/0155-100x67.jpg 100w, https:\/\/www.supercars.net\/blog\/wp-content\/uploads\/2014\/04\/0155-770x512.jpg 770w, https:\/\/www.supercars.net\/blog\/wp-content\/uploads\/2014\/04\/0155-360x240.jpg 360w, https:\/\/www.supercars.net\/blog\/wp-content\/uploads\/2014\/04\/0155-370x247.jpg 370w, https:\/\/www.supercars.net\/blog\/wp-content\/uploads\/2014\/04\/0155-293x195.jpg 293w\" sizes=\"(max-width: 920px) 100vw, 920px\" \/><\/a>\n\t\t\t\t<\/a>\n            <\/div>\n                <div class='wp-caption-text gallery-caption'>\n                Tour Auto Rally 2014\n                <\/div><\/figure><figure class='gallery-item'>\n            <div class='gallery-icon portrait'>\n                <a href='https:\/\/www.supercars.net\/blog\/wp-content\/uploads\/2014\/04\/0156.jpg' class='tipi-lightbox'>\n\t\t\t\t<a href='https:\/\/www.supercars.net\/blog\/wp-content\/uploads\/2014\/04\/0156.jpg'><img decoding=\"async\" width=\"612\" height=\"920\" src=\"https:\/\/www.supercars.net\/blog\/wp-content\/uploads\/2014\/04\/0156.jpg\" class=\"attachment-full size-full\" alt=\"\" srcset=\"https:\/\/www.supercars.net\/blog\/wp-content\/uploads\/2014\/04\/0156.jpg 612w, https:\/\/www.supercars.net\/blog\/wp-content\/uploads\/2014\/04\/0156-200x300.jpg 200w, https:\/\/www.supercars.net\/blog\/wp-content\/uploads\/2014\/04\/0156-67x100.jpg 67w, https:\/\/www.supercars.net\/blog\/wp-content\/uploads\/2014\/04\/0156-293x440.jpg 293w\" sizes=\"(max-width: 612px) 100vw, 612px\" \/><\/a>\n\t\t\t\t<\/a>\n            <\/div>\n                <div class='wp-caption-text gallery-caption'>\n                Tour Auto Rally 2014\n                <\/div><\/figure><figure class='gallery-item'>\n            <div class='gallery-icon portrait'>\n                <a href='https:\/\/www.supercars.net\/blog\/wp-content\/uploads\/2014\/04\/0157.jpg' class='tipi-lightbox'>\n\t\t\t\t<a href='https:\/\/www.supercars.net\/blog\/wp-content\/uploads\/2014\/04\/0157.jpg'><img decoding=\"async\" width=\"612\" height=\"920\" src=\"https:\/\/www.supercars.net\/blog\/wp-content\/uploads\/2014\/04\/0157.jpg\" class=\"attachment-full size-full\" alt=\"\" srcset=\"https:\/\/www.supercars.net\/blog\/wp-content\/uploads\/2014\/04\/0157.jpg 612w, https:\/\/www.supercars.net\/blog\/wp-content\/uploads\/2014\/04\/0157-200x300.jpg 200w, https:\/\/www.supercars.net\/blog\/wp-content\/uploads\/2014\/04\/0157-67x100.jpg 67w, https:\/\/www.supercars.net\/blog\/wp-content\/uploads\/2014\/04\/0157-293x440.jpg 293w\" sizes=\"(max-width: 612px) 100vw, 612px\" \/><\/a>\n\t\t\t\t<\/a>\n            <\/div>\n                <div class='wp-caption-text gallery-caption'>\n                Tour Auto Rally 2014\n                <\/div><\/figure><figure class='gallery-item'>\n            <div class='gallery-icon portrait'>\n                <a href='https:\/\/www.supercars.net\/blog\/wp-content\/uploads\/2014\/04\/0158.jpg' class='tipi-lightbox'>\n\t\t\t\t<a href='https:\/\/www.supercars.net\/blog\/wp-content\/uploads\/2014\/04\/0158.jpg'><img decoding=\"async\" width=\"612\" height=\"920\" src=\"https:\/\/www.supercars.net\/blog\/wp-content\/uploads\/2014\/04\/0158.jpg\" class=\"attachment-full size-full\" alt=\"\" srcset=\"https:\/\/www.supercars.net\/blog\/wp-content\/uploads\/2014\/04\/0158.jpg 612w, https:\/\/www.supercars.net\/blog\/wp-content\/uploads\/2014\/04\/0158-200x300.jpg 200w, https:\/\/www.supercars.net\/blog\/wp-content\/uploads\/2014\/04\/0158-67x100.jpg 67w, https:\/\/www.supercars.net\/blog\/wp-content\/uploads\/2014\/04\/0158-293x440.jpg 293w\" sizes=\"(max-width: 612px) 100vw, 612px\" \/><\/a>\n\t\t\t\t<\/a>\n            <\/div>\n                <div class='wp-caption-text gallery-caption'>\n                Tour Auto Rally 2014\n                <\/div><\/figure><figure class='gallery-item'>\n            <div class='gallery-icon landscape'>\n                <a href='https:\/\/www.supercars.net\/blog\/wp-content\/uploads\/2014\/04\/0159.jpg' class='tipi-lightbox'>\n\t\t\t\t<a href='https:\/\/www.supercars.net\/blog\/wp-content\/uploads\/2014\/04\/0159.jpg'><img decoding=\"async\" width=\"920\" height=\"612\" src=\"https:\/\/www.supercars.net\/blog\/wp-content\/uploads\/2014\/04\/0159.jpg\" class=\"attachment-full size-full\" alt=\"\" srcset=\"https:\/\/www.supercars.net\/blog\/wp-content\/uploads\/2014\/04\/0159.jpg 920w, https:\/\/www.supercars.net\/blog\/wp-content\/uploads\/2014\/04\/0159-300x200.jpg 300w, https:\/\/www.supercars.net\/blog\/wp-content\/uploads\/2014\/04\/0159-100x67.jpg 100w, https:\/\/www.supercars.net\/blog\/wp-content\/uploads\/2014\/04\/0159-770x512.jpg 770w, https:\/\/www.supercars.net\/blog\/wp-content\/uploads\/2014\/04\/0159-360x240.jpg 360w, https:\/\/www.supercars.net\/blog\/wp-content\/uploads\/2014\/04\/0159-370x247.jpg 370w, https:\/\/www.supercars.net\/blog\/wp-content\/uploads\/2014\/04\/0159-293x195.jpg 293w\" sizes=\"(max-width: 920px) 100vw, 920px\" \/><\/a>\n\t\t\t\t<\/a>\n            <\/div>\n                <div class='wp-caption-text gallery-caption'>\n                Tour Auto Rally 2014\n                <\/div><\/figure><figure class='gallery-item'>\n            <div class='gallery-icon landscape'>\n                <a href='https:\/\/www.supercars.net\/blog\/wp-content\/uploads\/2014\/04\/0160.jpg' class='tipi-lightbox'>\n\t\t\t\t<a href='https:\/\/www.supercars.net\/blog\/wp-content\/uploads\/2014\/04\/0160.jpg'><img decoding=\"async\" width=\"920\" height=\"612\" src=\"https:\/\/www.supercars.net\/blog\/wp-content\/uploads\/2014\/04\/0160.jpg\" class=\"attachment-full size-full\" alt=\"\" srcset=\"https:\/\/www.supercars.net\/blog\/wp-content\/uploads\/2014\/04\/0160.jpg 920w, https:\/\/www.supercars.net\/blog\/wp-content\/uploads\/2014\/04\/0160-300x200.jpg 300w, https:\/\/www.supercars.net\/blog\/wp-content\/uploads\/2014\/04\/0160-100x67.jpg 100w, https:\/\/www.supercars.net\/blog\/wp-content\/uploads\/2014\/04\/0160-770x512.jpg 770w, https:\/\/www.supercars.net\/blog\/wp-content\/uploads\/2014\/04\/0160-360x240.jpg 360w, https:\/\/www.supercars.net\/blog\/wp-content\/uploads\/2014\/04\/0160-370x247.jpg 370w, https:\/\/www.supercars.net\/blog\/wp-content\/uploads\/2014\/04\/0160-293x195.jpg 293w\" sizes=\"(max-width: 920px) 100vw, 920px\" \/><\/a>\n\t\t\t\t<\/a>\n            <\/div>\n                <div class='wp-caption-text gallery-caption'>\n                Tour Auto Rally 2014\n                <\/div><\/figure><figure class='gallery-item'>\n            <div class='gallery-icon landscape'>\n                <a href='https:\/\/www.supercars.net\/blog\/wp-content\/uploads\/2014\/04\/0161.jpg' class='tipi-lightbox'>\n\t\t\t\t<a href='https:\/\/www.supercars.net\/blog\/wp-content\/uploads\/2014\/04\/0161.jpg'><img decoding=\"async\" width=\"920\" height=\"612\" src=\"https:\/\/www.supercars.net\/blog\/wp-content\/uploads\/2014\/04\/0161.jpg\" class=\"attachment-full size-full\" alt=\"\" srcset=\"https:\/\/www.supercars.net\/blog\/wp-content\/uploads\/2014\/04\/0161.jpg 920w, https:\/\/www.supercars.net\/blog\/wp-content\/uploads\/2014\/04\/0161-300x200.jpg 300w, https:\/\/www.supercars.net\/blog\/wp-content\/uploads\/2014\/04\/0161-100x67.jpg 100w, https:\/\/www.supercars.net\/blog\/wp-content\/uploads\/2014\/04\/0161-770x512.jpg 770w, https:\/\/www.supercars.net\/blog\/wp-content\/uploads\/2014\/04\/0161-360x240.jpg 360w, https:\/\/www.supercars.net\/blog\/wp-content\/uploads\/2014\/04\/0161-370x247.jpg 370w, https:\/\/www.supercars.net\/blog\/wp-content\/uploads\/2014\/04\/0161-293x195.jpg 293w\" sizes=\"(max-width: 920px) 100vw, 920px\" \/><\/a>\n\t\t\t\t<\/a>\n            <\/div>\n                <div class='wp-caption-text gallery-caption'>\n                1974 BMW 3.0 CS\n                <\/div><\/figure><figure class='gallery-item'>\n            <div class='gallery-icon landscape'>\n                <a href='https:\/\/www.supercars.net\/blog\/wp-content\/uploads\/2014\/04\/0162.jpg' class='tipi-lightbox'>\n\t\t\t\t<a href='https:\/\/www.supercars.net\/blog\/wp-content\/uploads\/2014\/04\/0162.jpg'><img decoding=\"async\" width=\"920\" height=\"612\" src=\"https:\/\/www.supercars.net\/blog\/wp-content\/uploads\/2014\/04\/0162.jpg\" class=\"attachment-full size-full\" alt=\"\" srcset=\"https:\/\/www.supercars.net\/blog\/wp-content\/uploads\/2014\/04\/0162.jpg 920w, https:\/\/www.supercars.net\/blog\/wp-content\/uploads\/2014\/04\/0162-300x200.jpg 300w, https:\/\/www.supercars.net\/blog\/wp-content\/uploads\/2014\/04\/0162-100x67.jpg 100w, https:\/\/www.supercars.net\/blog\/wp-content\/uploads\/2014\/04\/0162-770x512.jpg 770w, https:\/\/www.supercars.net\/blog\/wp-content\/uploads\/2014\/04\/0162-360x240.jpg 360w, https:\/\/www.supercars.net\/blog\/wp-content\/uploads\/2014\/04\/0162-370x247.jpg 370w, https:\/\/www.supercars.net\/blog\/wp-content\/uploads\/2014\/04\/0162-293x195.jpg 293w\" sizes=\"(max-width: 920px) 100vw, 920px\" \/><\/a>\n\t\t\t\t<\/a>\n            <\/div>\n                <div class='wp-caption-text gallery-caption'>\n                1957 OSCA 372 FS\n                <\/div><\/figure><figure class='gallery-item'>\n            <div class='gallery-icon landscape'>\n                <a href='https:\/\/www.supercars.net\/blog\/wp-content\/uploads\/2014\/04\/0163.jpg' class='tipi-lightbox'>\n\t\t\t\t<a href='https:\/\/www.supercars.net\/blog\/wp-content\/uploads\/2014\/04\/0163.jpg'><img decoding=\"async\" width=\"920\" height=\"612\" src=\"https:\/\/www.supercars.net\/blog\/wp-content\/uploads\/2014\/04\/0163.jpg\" class=\"attachment-full size-full\" alt=\"\" srcset=\"https:\/\/www.supercars.net\/blog\/wp-content\/uploads\/2014\/04\/0163.jpg 920w, https:\/\/www.supercars.net\/blog\/wp-content\/uploads\/2014\/04\/0163-300x200.jpg 300w, https:\/\/www.supercars.net\/blog\/wp-content\/uploads\/2014\/04\/0163-100x67.jpg 100w, https:\/\/www.supercars.net\/blog\/wp-content\/uploads\/2014\/04\/0163-770x512.jpg 770w, https:\/\/www.supercars.net\/blog\/wp-content\/uploads\/2014\/04\/0163-360x240.jpg 360w, https:\/\/www.supercars.net\/blog\/wp-content\/uploads\/2014\/04\/0163-370x247.jpg 370w, https:\/\/www.supercars.net\/blog\/wp-content\/uploads\/2014\/04\/0163-293x195.jpg 293w\" sizes=\"(max-width: 920px) 100vw, 920px\" \/><\/a>\n\t\t\t\t<\/a>\n            <\/div>\n                <div class='wp-caption-text gallery-caption'>\n                Tour Auto Rally 2014\n                <\/div><\/figure><figure class='gallery-item'>\n            <div class='gallery-icon landscape'>\n                <a href='https:\/\/www.supercars.net\/blog\/wp-content\/uploads\/2014\/04\/0164.jpg' class='tipi-lightbox'>\n\t\t\t\t<a href='https:\/\/www.supercars.net\/blog\/wp-content\/uploads\/2014\/04\/0164.jpg'><img decoding=\"async\" width=\"920\" height=\"612\" src=\"https:\/\/www.supercars.net\/blog\/wp-content\/uploads\/2014\/04\/0164.jpg\" class=\"attachment-full size-full\" alt=\"\" srcset=\"https:\/\/www.supercars.net\/blog\/wp-content\/uploads\/2014\/04\/0164.jpg 920w, https:\/\/www.supercars.net\/blog\/wp-content\/uploads\/2014\/04\/0164-300x200.jpg 300w, https:\/\/www.supercars.net\/blog\/wp-content\/uploads\/2014\/04\/0164-100x67.jpg 100w, https:\/\/www.supercars.net\/blog\/wp-content\/uploads\/2014\/04\/0164-770x512.jpg 770w, https:\/\/www.supercars.net\/blog\/wp-content\/uploads\/2014\/04\/0164-360x240.jpg 360w, https:\/\/www.supercars.net\/blog\/wp-content\/uploads\/2014\/04\/0164-370x247.jpg 370w, https:\/\/www.supercars.net\/blog\/wp-content\/uploads\/2014\/04\/0164-293x195.jpg 293w\" sizes=\"(max-width: 920px) 100vw, 920px\" \/><\/a>\n\t\t\t\t<\/a>\n            <\/div>\n                <div class='wp-caption-text gallery-caption'>\n                Tour Auto Rally 2014\n                <\/div><\/figure><figure class='gallery-item'>\n            <div class='gallery-icon landscape'>\n                <a href='https:\/\/www.supercars.net\/blog\/wp-content\/uploads\/2014\/04\/0165.jpg' class='tipi-lightbox'>\n\t\t\t\t<a href='https:\/\/www.supercars.net\/blog\/wp-content\/uploads\/2014\/04\/0165.jpg'><img decoding=\"async\" width=\"920\" height=\"612\" src=\"https:\/\/www.supercars.net\/blog\/wp-content\/uploads\/2014\/04\/0165.jpg\" class=\"attachment-full size-full\" alt=\"\" srcset=\"https:\/\/www.supercars.net\/blog\/wp-content\/uploads\/2014\/04\/0165.jpg 920w, https:\/\/www.supercars.net\/blog\/wp-content\/uploads\/2014\/04\/0165-300x200.jpg 300w, https:\/\/www.supercars.net\/blog\/wp-content\/uploads\/2014\/04\/0165-100x67.jpg 100w, https:\/\/www.supercars.net\/blog\/wp-content\/uploads\/2014\/04\/0165-770x512.jpg 770w, https:\/\/www.supercars.net\/blog\/wp-content\/uploads\/2014\/04\/0165-360x240.jpg 360w, https:\/\/www.supercars.net\/blog\/wp-content\/uploads\/2014\/04\/0165-370x247.jpg 370w, https:\/\/www.supercars.net\/blog\/wp-content\/uploads\/2014\/04\/0165-293x195.jpg 293w\" sizes=\"(max-width: 920px) 100vw, 920px\" \/><\/a>\n\t\t\t\t<\/a>\n            <\/div>\n                <div class='wp-caption-text gallery-caption'>\n                Tour Auto Rally 2014\n                <\/div><\/figure><figure class='gallery-item'>\n            <div class='gallery-icon landscape'>\n                <a href='https:\/\/www.supercars.net\/blog\/wp-content\/uploads\/2014\/04\/0166.jpg' class='tipi-lightbox'>\n\t\t\t\t<a href='https:\/\/www.supercars.net\/blog\/wp-content\/uploads\/2014\/04\/0166.jpg'><img decoding=\"async\" width=\"920\" height=\"500\" src=\"https:\/\/www.supercars.net\/blog\/wp-content\/uploads\/2014\/04\/0166.jpg\" class=\"attachment-full size-full\" alt=\"\" srcset=\"https:\/\/www.supercars.net\/blog\/wp-content\/uploads\/2014\/04\/0166.jpg 920w, https:\/\/www.supercars.net\/blog\/wp-content\/uploads\/2014\/04\/0166-300x163.jpg 300w, https:\/\/www.supercars.net\/blog\/wp-content\/uploads\/2014\/04\/0166-100x54.jpg 100w, https:\/\/www.supercars.net\/blog\/wp-content\/uploads\/2014\/04\/0166-770x418.jpg 770w, https:\/\/www.supercars.net\/blog\/wp-content\/uploads\/2014\/04\/0166-293x159.jpg 293w\" sizes=\"(max-width: 920px) 100vw, 920px\" \/><\/a>\n\t\t\t\t<\/a>\n            <\/div>\n                <div class='wp-caption-text gallery-caption'>\n                1974 Fiat 124 Abarth\n                <\/div><\/figure><figure class='gallery-item'>\n            <div class='gallery-icon landscape'>\n                <a href='https:\/\/www.supercars.net\/blog\/wp-content\/uploads\/2014\/04\/0167.jpg' class='tipi-lightbox'>\n\t\t\t\t<a href='https:\/\/www.supercars.net\/blog\/wp-content\/uploads\/2014\/04\/0167.jpg'><img decoding=\"async\" width=\"920\" height=\"500\" src=\"https:\/\/www.supercars.net\/blog\/wp-content\/uploads\/2014\/04\/0167.jpg\" class=\"attachment-full size-full\" alt=\"\" srcset=\"https:\/\/www.supercars.net\/blog\/wp-content\/uploads\/2014\/04\/0167.jpg 920w, https:\/\/www.supercars.net\/blog\/wp-content\/uploads\/2014\/04\/0167-300x163.jpg 300w, https:\/\/www.supercars.net\/blog\/wp-content\/uploads\/2014\/04\/0167-100x54.jpg 100w, https:\/\/www.supercars.net\/blog\/wp-content\/uploads\/2014\/04\/0167-770x418.jpg 770w, https:\/\/www.supercars.net\/blog\/wp-content\/uploads\/2014\/04\/0167-293x159.jpg 293w\" sizes=\"(max-width: 920px) 100vw, 920px\" \/><\/a>\n\t\t\t\t<\/a>\n            <\/div>\n                <div class='wp-caption-text gallery-caption'>\n                Tour Auto Rally 2014\n                <\/div><\/figure><figure class='gallery-item'>\n            <div class='gallery-icon landscape'>\n                <a href='https:\/\/www.supercars.net\/blog\/wp-content\/uploads\/2014\/04\/0168.jpg' class='tipi-lightbox'>\n\t\t\t\t<a href='https:\/\/www.supercars.net\/blog\/wp-content\/uploads\/2014\/04\/0168.jpg'><img decoding=\"async\" width=\"920\" height=\"500\" src=\"https:\/\/www.supercars.net\/blog\/wp-content\/uploads\/2014\/04\/0168.jpg\" class=\"attachment-full size-full\" alt=\"\" srcset=\"https:\/\/www.supercars.net\/blog\/wp-content\/uploads\/2014\/04\/0168.jpg 920w, https:\/\/www.supercars.net\/blog\/wp-content\/uploads\/2014\/04\/0168-300x163.jpg 300w, https:\/\/www.supercars.net\/blog\/wp-content\/uploads\/2014\/04\/0168-100x54.jpg 100w, https:\/\/www.supercars.net\/blog\/wp-content\/uploads\/2014\/04\/0168-770x418.jpg 770w, https:\/\/www.supercars.net\/blog\/wp-content\/uploads\/2014\/04\/0168-293x159.jpg 293w\" sizes=\"(max-width: 920px) 100vw, 920px\" \/><\/a>\n\t\t\t\t<\/a>\n            <\/div>\n                <div class='wp-caption-text gallery-caption'>\n                1972 Lancia Fulvia 1.6 HF\n                <\/div><\/figure><figure class='gallery-item'>\n            <div class='gallery-icon landscape'>\n                <a href='https:\/\/www.supercars.net\/blog\/wp-content\/uploads\/2014\/04\/0169.jpg' class='tipi-lightbox'>\n\t\t\t\t<a href='https:\/\/www.supercars.net\/blog\/wp-content\/uploads\/2014\/04\/0169.jpg'><img decoding=\"async\" width=\"920\" height=\"612\" src=\"https:\/\/www.supercars.net\/blog\/wp-content\/uploads\/2014\/04\/0169.jpg\" class=\"attachment-full size-full\" alt=\"\" srcset=\"https:\/\/www.supercars.net\/blog\/wp-content\/uploads\/2014\/04\/0169.jpg 920w, https:\/\/www.supercars.net\/blog\/wp-content\/uploads\/2014\/04\/0169-300x200.jpg 300w, https:\/\/www.supercars.net\/blog\/wp-content\/uploads\/2014\/04\/0169-100x67.jpg 100w, https:\/\/www.supercars.net\/blog\/wp-content\/uploads\/2014\/04\/0169-770x512.jpg 770w, https:\/\/www.supercars.net\/blog\/wp-content\/uploads\/2014\/04\/0169-360x240.jpg 360w, https:\/\/www.supercars.net\/blog\/wp-content\/uploads\/2014\/04\/0169-370x247.jpg 370w, https:\/\/www.supercars.net\/blog\/wp-content\/uploads\/2014\/04\/0169-293x195.jpg 293w\" sizes=\"(max-width: 920px) 100vw, 920px\" \/><\/a>\n\t\t\t\t<\/a>\n            <\/div>\n                <div class='wp-caption-text gallery-caption'>\n                1966 Renault 8 Gordini\n                <\/div><\/figure><figure class='gallery-item'>\n            <div class='gallery-icon landscape'>\n                <a href='https:\/\/www.supercars.net\/blog\/wp-content\/uploads\/2014\/04\/0170.jpg' class='tipi-lightbox'>\n\t\t\t\t<a href='https:\/\/www.supercars.net\/blog\/wp-content\/uploads\/2014\/04\/0170.jpg'><img decoding=\"async\" width=\"920\" height=\"500\" src=\"https:\/\/www.supercars.net\/blog\/wp-content\/uploads\/2014\/04\/0170.jpg\" class=\"attachment-full size-full\" alt=\"\" srcset=\"https:\/\/www.supercars.net\/blog\/wp-content\/uploads\/2014\/04\/0170.jpg 920w, https:\/\/www.supercars.net\/blog\/wp-content\/uploads\/2014\/04\/0170-300x163.jpg 300w, https:\/\/www.supercars.net\/blog\/wp-content\/uploads\/2014\/04\/0170-100x54.jpg 100w, https:\/\/www.supercars.net\/blog\/wp-content\/uploads\/2014\/04\/0170-770x418.jpg 770w, https:\/\/www.supercars.net\/blog\/wp-content\/uploads\/2014\/04\/0170-293x159.jpg 293w\" sizes=\"(max-width: 920px) 100vw, 920px\" \/><\/a>\n\t\t\t\t<\/a>\n            <\/div>\n                <div class='wp-caption-text gallery-caption'>\n                Tour Auto Rally 2014\n                <\/div><\/figure><figure class='gallery-item'>\n            <div class='gallery-icon landscape'>\n                <a href='https:\/\/www.supercars.net\/blog\/wp-content\/uploads\/2014\/04\/0171.jpg' class='tipi-lightbox'>\n\t\t\t\t<a href='https:\/\/www.supercars.net\/blog\/wp-content\/uploads\/2014\/04\/0171.jpg'><img decoding=\"async\" width=\"920\" height=\"612\" src=\"https:\/\/www.supercars.net\/blog\/wp-content\/uploads\/2014\/04\/0171.jpg\" class=\"attachment-full size-full\" alt=\"\" srcset=\"https:\/\/www.supercars.net\/blog\/wp-content\/uploads\/2014\/04\/0171.jpg 920w, https:\/\/www.supercars.net\/blog\/wp-content\/uploads\/2014\/04\/0171-300x200.jpg 300w, https:\/\/www.supercars.net\/blog\/wp-content\/uploads\/2014\/04\/0171-100x67.jpg 100w, https:\/\/www.supercars.net\/blog\/wp-content\/uploads\/2014\/04\/0171-770x512.jpg 770w, https:\/\/www.supercars.net\/blog\/wp-content\/uploads\/2014\/04\/0171-360x240.jpg 360w, https:\/\/www.supercars.net\/blog\/wp-content\/uploads\/2014\/04\/0171-370x247.jpg 370w, https:\/\/www.supercars.net\/blog\/wp-content\/uploads\/2014\/04\/0171-293x195.jpg 293w\" sizes=\"(max-width: 920px) 100vw, 920px\" \/><\/a>\n\t\t\t\t<\/a>\n            <\/div>\n                <div class='wp-caption-text gallery-caption'>\n                Tour Auto Rally 2014\n                <\/div><\/figure><figure class='gallery-item'>\n            <div class='gallery-icon landscape'>\n                <a href='https:\/\/www.supercars.net\/blog\/wp-content\/uploads\/2014\/04\/0172.jpg' class='tipi-lightbox'>\n\t\t\t\t<a href='https:\/\/www.supercars.net\/blog\/wp-content\/uploads\/2014\/04\/0172.jpg'><img decoding=\"async\" width=\"920\" height=\"612\" src=\"https:\/\/www.supercars.net\/blog\/wp-content\/uploads\/2014\/04\/0172.jpg\" class=\"attachment-full size-full\" alt=\"\" srcset=\"https:\/\/www.supercars.net\/blog\/wp-content\/uploads\/2014\/04\/0172.jpg 920w, https:\/\/www.supercars.net\/blog\/wp-content\/uploads\/2014\/04\/0172-300x200.jpg 300w, https:\/\/www.supercars.net\/blog\/wp-content\/uploads\/2014\/04\/0172-100x67.jpg 100w, https:\/\/www.supercars.net\/blog\/wp-content\/uploads\/2014\/04\/0172-770x512.jpg 770w, https:\/\/www.supercars.net\/blog\/wp-content\/uploads\/2014\/04\/0172-360x240.jpg 360w, https:\/\/www.supercars.net\/blog\/wp-content\/uploads\/2014\/04\/0172-370x247.jpg 370w, https:\/\/www.supercars.net\/blog\/wp-content\/uploads\/2014\/04\/0172-293x195.jpg 293w\" sizes=\"(max-width: 920px) 100vw, 920px\" \/><\/a>\n\t\t\t\t<\/a>\n            <\/div>\n                <div class='wp-caption-text gallery-caption'>\n                1971 BMW 2002 Ti\n                <\/div><\/figure><figure class='gallery-item'>\n            <div class='gallery-icon portrait'>\n                <a href='https:\/\/www.supercars.net\/blog\/wp-content\/uploads\/2014\/04\/0173.jpg' class='tipi-lightbox'>\n\t\t\t\t<a href='https:\/\/www.supercars.net\/blog\/wp-content\/uploads\/2014\/04\/0173.jpg'><img decoding=\"async\" width=\"612\" height=\"920\" src=\"https:\/\/www.supercars.net\/blog\/wp-content\/uploads\/2014\/04\/0173.jpg\" class=\"attachment-full size-full\" alt=\"\" srcset=\"https:\/\/www.supercars.net\/blog\/wp-content\/uploads\/2014\/04\/0173.jpg 612w, https:\/\/www.supercars.net\/blog\/wp-content\/uploads\/2014\/04\/0173-200x300.jpg 200w, https:\/\/www.supercars.net\/blog\/wp-content\/uploads\/2014\/04\/0173-67x100.jpg 67w, https:\/\/www.supercars.net\/blog\/wp-content\/uploads\/2014\/04\/0173-293x440.jpg 293w\" sizes=\"(max-width: 612px) 100vw, 612px\" \/><\/a>\n\t\t\t\t<\/a>\n            <\/div>\n                <div class='wp-caption-text gallery-caption'>\n                Tour Auto Rally 2014\n                <\/div><\/figure><figure class='gallery-item'>\n            <div class='gallery-icon portrait'>\n                <a href='https:\/\/www.supercars.net\/blog\/wp-content\/uploads\/2014\/04\/0174.jpg' class='tipi-lightbox'>\n\t\t\t\t<a href='https:\/\/www.supercars.net\/blog\/wp-content\/uploads\/2014\/04\/0174.jpg'><img decoding=\"async\" width=\"612\" height=\"920\" src=\"https:\/\/www.supercars.net\/blog\/wp-content\/uploads\/2014\/04\/0174.jpg\" class=\"attachment-full size-full\" alt=\"\" srcset=\"https:\/\/www.supercars.net\/blog\/wp-content\/uploads\/2014\/04\/0174.jpg 612w, https:\/\/www.supercars.net\/blog\/wp-content\/uploads\/2014\/04\/0174-200x300.jpg 200w, https:\/\/www.supercars.net\/blog\/wp-content\/uploads\/2014\/04\/0174-67x100.jpg 67w, https:\/\/www.supercars.net\/blog\/wp-content\/uploads\/2014\/04\/0174-293x440.jpg 293w\" sizes=\"(max-width: 612px) 100vw, 612px\" \/><\/a>\n\t\t\t\t<\/a>\n            <\/div>\n                <div class='wp-caption-text gallery-caption'>\n                Tour Auto Rally 2014\n                <\/div><\/figure><figure class='gallery-item'>\n            <div class='gallery-icon landscape'>\n                <a href='https:\/\/www.supercars.net\/blog\/wp-content\/uploads\/2014\/04\/0175.jpg' class='tipi-lightbox'>\n\t\t\t\t<a href='https:\/\/www.supercars.net\/blog\/wp-content\/uploads\/2014\/04\/0175.jpg'><img decoding=\"async\" width=\"920\" height=\"612\" src=\"https:\/\/www.supercars.net\/blog\/wp-content\/uploads\/2014\/04\/0175.jpg\" class=\"attachment-full size-full\" alt=\"\" srcset=\"https:\/\/www.supercars.net\/blog\/wp-content\/uploads\/2014\/04\/0175.jpg 920w, https:\/\/www.supercars.net\/blog\/wp-content\/uploads\/2014\/04\/0175-300x200.jpg 300w, https:\/\/www.supercars.net\/blog\/wp-content\/uploads\/2014\/04\/0175-100x67.jpg 100w, https:\/\/www.supercars.net\/blog\/wp-content\/uploads\/2014\/04\/0175-770x512.jpg 770w, https:\/\/www.supercars.net\/blog\/wp-content\/uploads\/2014\/04\/0175-360x240.jpg 360w, https:\/\/www.supercars.net\/blog\/wp-content\/uploads\/2014\/04\/0175-370x247.jpg 370w, https:\/\/www.supercars.net\/blog\/wp-content\/uploads\/2014\/04\/0175-293x195.jpg 293w\" sizes=\"(max-width: 920px) 100vw, 920px\" \/><\/a>\n\t\t\t\t<\/a>\n            <\/div>\n                <div class='wp-caption-text gallery-caption'>\n                Tour Auto Rally 2014\n                <\/div><\/figure><figure class='gallery-item'>\n            <div class='gallery-icon landscape'>\n                <a href='https:\/\/www.supercars.net\/blog\/wp-content\/uploads\/2014\/04\/0176.jpg' class='tipi-lightbox'>\n\t\t\t\t<a href='https:\/\/www.supercars.net\/blog\/wp-content\/uploads\/2014\/04\/0176.jpg'><img decoding=\"async\" width=\"920\" height=\"612\" src=\"https:\/\/www.supercars.net\/blog\/wp-content\/uploads\/2014\/04\/0176.jpg\" class=\"attachment-full size-full\" alt=\"\" srcset=\"https:\/\/www.supercars.net\/blog\/wp-content\/uploads\/2014\/04\/0176.jpg 920w, https:\/\/www.supercars.net\/blog\/wp-content\/uploads\/2014\/04\/0176-300x200.jpg 300w, https:\/\/www.supercars.net\/blog\/wp-content\/uploads\/2014\/04\/0176-100x67.jpg 100w, https:\/\/www.supercars.net\/blog\/wp-content\/uploads\/2014\/04\/0176-770x512.jpg 770w, https:\/\/www.supercars.net\/blog\/wp-content\/uploads\/2014\/04\/0176-360x240.jpg 360w, https:\/\/www.supercars.net\/blog\/wp-content\/uploads\/2014\/04\/0176-370x247.jpg 370w, https:\/\/www.supercars.net\/blog\/wp-content\/uploads\/2014\/04\/0176-293x195.jpg 293w\" sizes=\"(max-width: 920px) 100vw, 920px\" \/><\/a>\n\t\t\t\t<\/a>\n            <\/div>\n                <div class='wp-caption-text gallery-caption'>\n                Tour Auto Rally 2014\n                <\/div><\/figure><figure class='gallery-item'>\n            <div class='gallery-icon landscape'>\n                <a href='https:\/\/www.supercars.net\/blog\/wp-content\/uploads\/2014\/04\/0177.jpg' class='tipi-lightbox'>\n\t\t\t\t<a href='https:\/\/www.supercars.net\/blog\/wp-content\/uploads\/2014\/04\/0177.jpg'><img decoding=\"async\" width=\"920\" height=\"612\" src=\"https:\/\/www.supercars.net\/blog\/wp-content\/uploads\/2014\/04\/0177.jpg\" class=\"attachment-full size-full\" alt=\"\" srcset=\"https:\/\/www.supercars.net\/blog\/wp-content\/uploads\/2014\/04\/0177.jpg 920w, https:\/\/www.supercars.net\/blog\/wp-content\/uploads\/2014\/04\/0177-300x200.jpg 300w, https:\/\/www.supercars.net\/blog\/wp-content\/uploads\/2014\/04\/0177-100x67.jpg 100w, https:\/\/www.supercars.net\/blog\/wp-content\/uploads\/2014\/04\/0177-770x512.jpg 770w, https:\/\/www.supercars.net\/blog\/wp-content\/uploads\/2014\/04\/0177-360x240.jpg 360w, https:\/\/www.supercars.net\/blog\/wp-content\/uploads\/2014\/04\/0177-370x247.jpg 370w, https:\/\/www.supercars.net\/blog\/wp-content\/uploads\/2014\/04\/0177-293x195.jpg 293w\" sizes=\"(max-width: 920px) 100vw, 920px\" \/><\/a>\n\t\t\t\t<\/a>\n            <\/div>\n                <div class='wp-caption-text gallery-caption'>\n                1965 Porsche 356 C\n                <\/div><\/figure><figure class='gallery-item'>\n            <div class='gallery-icon landscape'>\n                <a href='https:\/\/www.supercars.net\/blog\/wp-content\/uploads\/2014\/04\/0178.jpg' class='tipi-lightbox'>\n\t\t\t\t<a href='https:\/\/www.supercars.net\/blog\/wp-content\/uploads\/2014\/04\/0178.jpg'><img decoding=\"async\" width=\"920\" height=\"612\" src=\"https:\/\/www.supercars.net\/blog\/wp-content\/uploads\/2014\/04\/0178.jpg\" class=\"attachment-full size-full\" alt=\"\" srcset=\"https:\/\/www.supercars.net\/blog\/wp-content\/uploads\/2014\/04\/0178.jpg 920w, https:\/\/www.supercars.net\/blog\/wp-content\/uploads\/2014\/04\/0178-300x200.jpg 300w, https:\/\/www.supercars.net\/blog\/wp-content\/uploads\/2014\/04\/0178-100x67.jpg 100w, https:\/\/www.supercars.net\/blog\/wp-content\/uploads\/2014\/04\/0178-770x512.jpg 770w, https:\/\/www.supercars.net\/blog\/wp-content\/uploads\/2014\/04\/0178-360x240.jpg 360w, https:\/\/www.supercars.net\/blog\/wp-content\/uploads\/2014\/04\/0178-370x247.jpg 370w, https:\/\/www.supercars.net\/blog\/wp-content\/uploads\/2014\/04\/0178-293x195.jpg 293w\" sizes=\"(max-width: 920px) 100vw, 920px\" \/><\/a>\n\t\t\t\t<\/a>\n            <\/div>\n                <div class='wp-caption-text gallery-caption'>\n                Tour Auto Rally 2014\n                <\/div><\/figure><figure class='gallery-item'>\n            <div class='gallery-icon landscape'>\n                <a href='https:\/\/www.supercars.net\/blog\/wp-content\/uploads\/2014\/04\/0179.jpg' class='tipi-lightbox'>\n\t\t\t\t<a href='https:\/\/www.supercars.net\/blog\/wp-content\/uploads\/2014\/04\/0179.jpg'><img decoding=\"async\" width=\"920\" height=\"612\" src=\"https:\/\/www.supercars.net\/blog\/wp-content\/uploads\/2014\/04\/0179.jpg\" class=\"attachment-full size-full\" alt=\"\" srcset=\"https:\/\/www.supercars.net\/blog\/wp-content\/uploads\/2014\/04\/0179.jpg 920w, https:\/\/www.supercars.net\/blog\/wp-content\/uploads\/2014\/04\/0179-300x200.jpg 300w, https:\/\/www.supercars.net\/blog\/wp-content\/uploads\/2014\/04\/0179-100x67.jpg 100w, https:\/\/www.supercars.net\/blog\/wp-content\/uploads\/2014\/04\/0179-770x512.jpg 770w, https:\/\/www.supercars.net\/blog\/wp-content\/uploads\/2014\/04\/0179-360x240.jpg 360w, https:\/\/www.supercars.net\/blog\/wp-content\/uploads\/2014\/04\/0179-370x247.jpg 370w, https:\/\/www.supercars.net\/blog\/wp-content\/uploads\/2014\/04\/0179-293x195.jpg 293w\" sizes=\"(max-width: 920px) 100vw, 920px\" \/><\/a>\n\t\t\t\t<\/a>\n            <\/div>\n                <div class='wp-caption-text gallery-caption'>\n                Tour Auto Rally 2014\n                <\/div><\/figure><figure class='gallery-item'>\n            <div class='gallery-icon landscape'>\n                <a href='https:\/\/www.supercars.net\/blog\/wp-content\/uploads\/2014\/04\/0180.jpg' class='tipi-lightbox'>\n\t\t\t\t<a href='https:\/\/www.supercars.net\/blog\/wp-content\/uploads\/2014\/04\/0180.jpg'><img decoding=\"async\" width=\"920\" height=\"612\" src=\"https:\/\/www.supercars.net\/blog\/wp-content\/uploads\/2014\/04\/0180.jpg\" class=\"attachment-full size-full\" alt=\"\" srcset=\"https:\/\/www.supercars.net\/blog\/wp-content\/uploads\/2014\/04\/0180.jpg 920w, https:\/\/www.supercars.net\/blog\/wp-content\/uploads\/2014\/04\/0180-300x200.jpg 300w, https:\/\/www.supercars.net\/blog\/wp-content\/uploads\/2014\/04\/0180-100x67.jpg 100w, https:\/\/www.supercars.net\/blog\/wp-content\/uploads\/2014\/04\/0180-770x512.jpg 770w, https:\/\/www.supercars.net\/blog\/wp-content\/uploads\/2014\/04\/0180-360x240.jpg 360w, https:\/\/www.supercars.net\/blog\/wp-content\/uploads\/2014\/04\/0180-370x247.jpg 370w, https:\/\/www.supercars.net\/blog\/wp-content\/uploads\/2014\/04\/0180-293x195.jpg 293w\" sizes=\"(max-width: 920px) 100vw, 920px\" \/><\/a>\n\t\t\t\t<\/a>\n            <\/div>\n                <div class='wp-caption-text gallery-caption'>\n                Tour Auto Rally 2014\n                <\/div><\/figure><figure class='gallery-item'>\n            <div class='gallery-icon landscape'>\n                <a href='https:\/\/www.supercars.net\/blog\/wp-content\/uploads\/2014\/04\/0181.jpg' class='tipi-lightbox'>\n\t\t\t\t<a href='https:\/\/www.supercars.net\/blog\/wp-content\/uploads\/2014\/04\/0181.jpg'><img decoding=\"async\" width=\"920\" height=\"612\" src=\"https:\/\/www.supercars.net\/blog\/wp-content\/uploads\/2014\/04\/0181.jpg\" class=\"attachment-full size-full\" alt=\"\" srcset=\"https:\/\/www.supercars.net\/blog\/wp-content\/uploads\/2014\/04\/0181.jpg 920w, https:\/\/www.supercars.net\/blog\/wp-content\/uploads\/2014\/04\/0181-300x200.jpg 300w, https:\/\/www.supercars.net\/blog\/wp-content\/uploads\/2014\/04\/0181-100x67.jpg 100w, https:\/\/www.supercars.net\/blog\/wp-content\/uploads\/2014\/04\/0181-770x512.jpg 770w, https:\/\/www.supercars.net\/blog\/wp-content\/uploads\/2014\/04\/0181-360x240.jpg 360w, https:\/\/www.supercars.net\/blog\/wp-content\/uploads\/2014\/04\/0181-370x247.jpg 370w, https:\/\/www.supercars.net\/blog\/wp-content\/uploads\/2014\/04\/0181-293x195.jpg 293w\" sizes=\"(max-width: 920px) 100vw, 920px\" \/><\/a>\n\t\t\t\t<\/a>\n            <\/div>\n                <div class='wp-caption-text gallery-caption'>\n                1966 Porsche Carrera 906\n                <\/div><\/figure><figure class='gallery-item'>\n            <div class='gallery-icon landscape'>\n                <a href='https:\/\/www.supercars.net\/blog\/wp-content\/uploads\/2014\/04\/0182.jpg' class='tipi-lightbox'>\n\t\t\t\t<a href='https:\/\/www.supercars.net\/blog\/wp-content\/uploads\/2014\/04\/0182.jpg'><img decoding=\"async\" width=\"920\" height=\"612\" src=\"https:\/\/www.supercars.net\/blog\/wp-content\/uploads\/2014\/04\/0182.jpg\" class=\"attachment-full size-full\" alt=\"\" srcset=\"https:\/\/www.supercars.net\/blog\/wp-content\/uploads\/2014\/04\/0182.jpg 920w, https:\/\/www.supercars.net\/blog\/wp-content\/uploads\/2014\/04\/0182-300x200.jpg 300w, https:\/\/www.supercars.net\/blog\/wp-content\/uploads\/2014\/04\/0182-100x67.jpg 100w, https:\/\/www.supercars.net\/blog\/wp-content\/uploads\/2014\/04\/0182-770x512.jpg 770w, https:\/\/www.supercars.net\/blog\/wp-content\/uploads\/2014\/04\/0182-360x240.jpg 360w, https:\/\/www.supercars.net\/blog\/wp-content\/uploads\/2014\/04\/0182-370x247.jpg 370w, https:\/\/www.supercars.net\/blog\/wp-content\/uploads\/2014\/04\/0182-293x195.jpg 293w\" sizes=\"(max-width: 920px) 100vw, 920px\" \/><\/a>\n\t\t\t\t<\/a>\n            <\/div>\n                <div class='wp-caption-text gallery-caption'>\n                Tour Auto Rally 2014\n                <\/div><\/figure><figure class='gallery-item'>\n            <div class='gallery-icon landscape'>\n                <a href='https:\/\/www.supercars.net\/blog\/wp-content\/uploads\/2014\/04\/0183.jpg' class='tipi-lightbox'>\n\t\t\t\t<a href='https:\/\/www.supercars.net\/blog\/wp-content\/uploads\/2014\/04\/0183.jpg'><img decoding=\"async\" width=\"920\" height=\"612\" src=\"https:\/\/www.supercars.net\/blog\/wp-content\/uploads\/2014\/04\/0183.jpg\" class=\"attachment-full size-full\" alt=\"\" srcset=\"https:\/\/www.supercars.net\/blog\/wp-content\/uploads\/2014\/04\/0183.jpg 920w, https:\/\/www.supercars.net\/blog\/wp-content\/uploads\/2014\/04\/0183-300x200.jpg 300w, https:\/\/www.supercars.net\/blog\/wp-content\/uploads\/2014\/04\/0183-100x67.jpg 100w, https:\/\/www.supercars.net\/blog\/wp-content\/uploads\/2014\/04\/0183-770x512.jpg 770w, https:\/\/www.supercars.net\/blog\/wp-content\/uploads\/2014\/04\/0183-360x240.jpg 360w, https:\/\/www.supercars.net\/blog\/wp-content\/uploads\/2014\/04\/0183-370x247.jpg 370w, https:\/\/www.supercars.net\/blog\/wp-content\/uploads\/2014\/04\/0183-293x195.jpg 293w\" sizes=\"(max-width: 920px) 100vw, 920px\" \/><\/a>\n\t\t\t\t<\/a>\n            <\/div>\n                <div class='wp-caption-text gallery-caption'>\n                Tour Auto Rally 2014\n                <\/div><\/figure><figure class='gallery-item'>\n            <div class='gallery-icon landscape'>\n                <a href='https:\/\/www.supercars.net\/blog\/wp-content\/uploads\/2014\/04\/0184.jpg' class='tipi-lightbox'>\n\t\t\t\t<a href='https:\/\/www.supercars.net\/blog\/wp-content\/uploads\/2014\/04\/0184.jpg'><img decoding=\"async\" width=\"920\" height=\"612\" src=\"https:\/\/www.supercars.net\/blog\/wp-content\/uploads\/2014\/04\/0184.jpg\" class=\"attachment-full size-full\" alt=\"\" srcset=\"https:\/\/www.supercars.net\/blog\/wp-content\/uploads\/2014\/04\/0184.jpg 920w, https:\/\/www.supercars.net\/blog\/wp-content\/uploads\/2014\/04\/0184-300x200.jpg 300w, https:\/\/www.supercars.net\/blog\/wp-content\/uploads\/2014\/04\/0184-100x67.jpg 100w, https:\/\/www.supercars.net\/blog\/wp-content\/uploads\/2014\/04\/0184-770x512.jpg 770w, https:\/\/www.supercars.net\/blog\/wp-content\/uploads\/2014\/04\/0184-360x240.jpg 360w, https:\/\/www.supercars.net\/blog\/wp-content\/uploads\/2014\/04\/0184-370x247.jpg 370w, https:\/\/www.supercars.net\/blog\/wp-content\/uploads\/2014\/04\/0184-293x195.jpg 293w\" sizes=\"(max-width: 920px) 100vw, 920px\" \/><\/a>\n\t\t\t\t<\/a>\n            <\/div>\n                <div class='wp-caption-text gallery-caption'>\n                1973 Opel GT 6\n                <\/div><\/figure><figure class='gallery-item'>\n            <div class='gallery-icon portrait'>\n                <a href='https:\/\/www.supercars.net\/blog\/wp-content\/uploads\/2014\/04\/0185.jpg' class='tipi-lightbox'>\n\t\t\t\t<a href='https:\/\/www.supercars.net\/blog\/wp-content\/uploads\/2014\/04\/0185.jpg'><img decoding=\"async\" width=\"612\" height=\"920\" src=\"https:\/\/www.supercars.net\/blog\/wp-content\/uploads\/2014\/04\/0185.jpg\" class=\"attachment-full size-full\" alt=\"\" srcset=\"https:\/\/www.supercars.net\/blog\/wp-content\/uploads\/2014\/04\/0185.jpg 612w, https:\/\/www.supercars.net\/blog\/wp-content\/uploads\/2014\/04\/0185-200x300.jpg 200w, https:\/\/www.supercars.net\/blog\/wp-content\/uploads\/2014\/04\/0185-67x100.jpg 67w, https:\/\/www.supercars.net\/blog\/wp-content\/uploads\/2014\/04\/0185-293x440.jpg 293w\" sizes=\"(max-width: 612px) 100vw, 612px\" \/><\/a>\n\t\t\t\t<\/a>\n            <\/div>\n                <div class='wp-caption-text gallery-caption'>\n                Tour Auto Rally 2014\n                <\/div><\/figure><figure class='gallery-item'>\n            <div class='gallery-icon portrait'>\n                <a href='https:\/\/www.supercars.net\/blog\/wp-content\/uploads\/2014\/04\/0186.jpg' class='tipi-lightbox'>\n\t\t\t\t<a href='https:\/\/www.supercars.net\/blog\/wp-content\/uploads\/2014\/04\/0186.jpg'><img decoding=\"async\" width=\"612\" height=\"920\" src=\"https:\/\/www.supercars.net\/blog\/wp-content\/uploads\/2014\/04\/0186.jpg\" class=\"attachment-full size-full\" alt=\"\" srcset=\"https:\/\/www.supercars.net\/blog\/wp-content\/uploads\/2014\/04\/0186.jpg 612w, https:\/\/www.supercars.net\/blog\/wp-content\/uploads\/2014\/04\/0186-200x300.jpg 200w, https:\/\/www.supercars.net\/blog\/wp-content\/uploads\/2014\/04\/0186-67x100.jpg 67w, https:\/\/www.supercars.net\/blog\/wp-content\/uploads\/2014\/04\/0186-293x440.jpg 293w\" sizes=\"(max-width: 612px) 100vw, 612px\" \/><\/a>\n\t\t\t\t<\/a>\n            <\/div>\n                <div class='wp-caption-text gallery-caption'>\n                Tour Auto Rally 2014\n                <\/div><\/figure><figure class='gallery-item'>\n            <div class='gallery-icon landscape'>\n                <a href='https:\/\/www.supercars.net\/blog\/wp-content\/uploads\/2014\/04\/0187.jpg' class='tipi-lightbox'>\n\t\t\t\t<a href='https:\/\/www.supercars.net\/blog\/wp-content\/uploads\/2014\/04\/0187.jpg'><img decoding=\"async\" width=\"920\" height=\"612\" src=\"https:\/\/www.supercars.net\/blog\/wp-content\/uploads\/2014\/04\/0187.jpg\" class=\"attachment-full size-full\" alt=\"\" srcset=\"https:\/\/www.supercars.net\/blog\/wp-content\/uploads\/2014\/04\/0187.jpg 920w, https:\/\/www.supercars.net\/blog\/wp-content\/uploads\/2014\/04\/0187-300x200.jpg 300w, https:\/\/www.supercars.net\/blog\/wp-content\/uploads\/2014\/04\/0187-100x67.jpg 100w, https:\/\/www.supercars.net\/blog\/wp-content\/uploads\/2014\/04\/0187-770x512.jpg 770w, https:\/\/www.supercars.net\/blog\/wp-content\/uploads\/2014\/04\/0187-360x240.jpg 360w, https:\/\/www.supercars.net\/blog\/wp-content\/uploads\/2014\/04\/0187-370x247.jpg 370w, https:\/\/www.supercars.net\/blog\/wp-content\/uploads\/2014\/04\/0187-293x195.jpg 293w\" sizes=\"(max-width: 920px) 100vw, 920px\" \/><\/a>\n\t\t\t\t<\/a>\n            <\/div>\n                <div class='wp-caption-text gallery-caption'>\n                1958 Porsche 356 Speedster\n                <\/div><\/figure><figure class='gallery-item'>\n            <div class='gallery-icon landscape'>\n                <a href='https:\/\/www.supercars.net\/blog\/wp-content\/uploads\/2014\/04\/0188.jpg' class='tipi-lightbox'>\n\t\t\t\t<a href='https:\/\/www.supercars.net\/blog\/wp-content\/uploads\/2014\/04\/0188.jpg'><img decoding=\"async\" width=\"920\" height=\"612\" src=\"https:\/\/www.supercars.net\/blog\/wp-content\/uploads\/2014\/04\/0188.jpg\" class=\"attachment-full size-full\" alt=\"\" srcset=\"https:\/\/www.supercars.net\/blog\/wp-content\/uploads\/2014\/04\/0188.jpg 920w, https:\/\/www.supercars.net\/blog\/wp-content\/uploads\/2014\/04\/0188-300x200.jpg 300w, https:\/\/www.supercars.net\/blog\/wp-content\/uploads\/2014\/04\/0188-100x67.jpg 100w, https:\/\/www.supercars.net\/blog\/wp-content\/uploads\/2014\/04\/0188-770x512.jpg 770w, https:\/\/www.supercars.net\/blog\/wp-content\/uploads\/2014\/04\/0188-360x240.jpg 360w, https:\/\/www.supercars.net\/blog\/wp-content\/uploads\/2014\/04\/0188-370x247.jpg 370w, https:\/\/www.supercars.net\/blog\/wp-content\/uploads\/2014\/04\/0188-293x195.jpg 293w\" sizes=\"(max-width: 920px) 100vw, 920px\" \/><\/a>\n\t\t\t\t<\/a>\n            <\/div>\n                <div class='wp-caption-text gallery-caption'>\n                Tour Auto Rally 2014\n                <\/div><\/figure><figure class='gallery-item'>\n            <div class='gallery-icon landscape'>\n                <a href='https:\/\/www.supercars.net\/blog\/wp-content\/uploads\/2014\/04\/0189.jpg' class='tipi-lightbox'>\n\t\t\t\t<a href='https:\/\/www.supercars.net\/blog\/wp-content\/uploads\/2014\/04\/0189.jpg'><img decoding=\"async\" width=\"920\" height=\"612\" src=\"https:\/\/www.supercars.net\/blog\/wp-content\/uploads\/2014\/04\/0189.jpg\" class=\"attachment-full size-full\" alt=\"\" srcset=\"https:\/\/www.supercars.net\/blog\/wp-content\/uploads\/2014\/04\/0189.jpg 920w, https:\/\/www.supercars.net\/blog\/wp-content\/uploads\/2014\/04\/0189-300x200.jpg 300w, https:\/\/www.supercars.net\/blog\/wp-content\/uploads\/2014\/04\/0189-100x67.jpg 100w, https:\/\/www.supercars.net\/blog\/wp-content\/uploads\/2014\/04\/0189-770x512.jpg 770w, https:\/\/www.supercars.net\/blog\/wp-content\/uploads\/2014\/04\/0189-360x240.jpg 360w, https:\/\/www.supercars.net\/blog\/wp-content\/uploads\/2014\/04\/0189-370x247.jpg 370w, https:\/\/www.supercars.net\/blog\/wp-content\/uploads\/2014\/04\/0189-293x195.jpg 293w\" sizes=\"(max-width: 920px) 100vw, 920px\" \/><\/a>\n\t\t\t\t<\/a>\n            <\/div>\n                <div class='wp-caption-text gallery-caption'>\n                Tour Auto Rally 2014\n                <\/div><\/figure><figure class='gallery-item'>\n            <div class='gallery-icon landscape'>\n                <a href='https:\/\/www.supercars.net\/blog\/wp-content\/uploads\/2014\/04\/0190.jpg' class='tipi-lightbox'>\n\t\t\t\t<a href='https:\/\/www.supercars.net\/blog\/wp-content\/uploads\/2014\/04\/0190.jpg'><img decoding=\"async\" width=\"920\" height=\"612\" src=\"https:\/\/www.supercars.net\/blog\/wp-content\/uploads\/2014\/04\/0190.jpg\" class=\"attachment-full size-full\" alt=\"\" srcset=\"https:\/\/www.supercars.net\/blog\/wp-content\/uploads\/2014\/04\/0190.jpg 920w, https:\/\/www.supercars.net\/blog\/wp-content\/uploads\/2014\/04\/0190-300x200.jpg 300w, https:\/\/www.supercars.net\/blog\/wp-content\/uploads\/2014\/04\/0190-100x67.jpg 100w, https:\/\/www.supercars.net\/blog\/wp-content\/uploads\/2014\/04\/0190-770x512.jpg 770w, https:\/\/www.supercars.net\/blog\/wp-content\/uploads\/2014\/04\/0190-360x240.jpg 360w, https:\/\/www.supercars.net\/blog\/wp-content\/uploads\/2014\/04\/0190-370x247.jpg 370w, https:\/\/www.supercars.net\/blog\/wp-content\/uploads\/2014\/04\/0190-293x195.jpg 293w\" sizes=\"(max-width: 920px) 100vw, 920px\" \/><\/a>\n\t\t\t\t<\/a>\n            <\/div>\n                <div class='wp-caption-text gallery-caption'>\n                Tour Auto Rally 2014\n                <\/div><\/figure><figure class='gallery-item'>\n            <div class='gallery-icon landscape'>\n                <a href='https:\/\/www.supercars.net\/blog\/wp-content\/uploads\/2014\/04\/0191.jpg' class='tipi-lightbox'>\n\t\t\t\t<a href='https:\/\/www.supercars.net\/blog\/wp-content\/uploads\/2014\/04\/0191.jpg'><img decoding=\"async\" width=\"920\" height=\"612\" src=\"https:\/\/www.supercars.net\/blog\/wp-content\/uploads\/2014\/04\/0191.jpg\" class=\"attachment-full size-full\" alt=\"\" srcset=\"https:\/\/www.supercars.net\/blog\/wp-content\/uploads\/2014\/04\/0191.jpg 920w, https:\/\/www.supercars.net\/blog\/wp-content\/uploads\/2014\/04\/0191-300x200.jpg 300w, https:\/\/www.supercars.net\/blog\/wp-content\/uploads\/2014\/04\/0191-100x67.jpg 100w, https:\/\/www.supercars.net\/blog\/wp-content\/uploads\/2014\/04\/0191-770x512.jpg 770w, https:\/\/www.supercars.net\/blog\/wp-content\/uploads\/2014\/04\/0191-360x240.jpg 360w, https:\/\/www.supercars.net\/blog\/wp-content\/uploads\/2014\/04\/0191-370x247.jpg 370w, https:\/\/www.supercars.net\/blog\/wp-content\/uploads\/2014\/04\/0191-293x195.jpg 293w\" sizes=\"(max-width: 920px) 100vw, 920px\" \/><\/a>\n\t\t\t\t<\/a>\n            <\/div>\n                <div class='wp-caption-text gallery-caption'>\n                Tour Auto Rally 2014\n                <\/div><\/figure><figure class='gallery-item'>\n            <div class='gallery-icon landscape'>\n                <a href='https:\/\/www.supercars.net\/blog\/wp-content\/uploads\/2014\/04\/0192.jpg' class='tipi-lightbox'>\n\t\t\t\t<a href='https:\/\/www.supercars.net\/blog\/wp-content\/uploads\/2014\/04\/0192.jpg'><img decoding=\"async\" width=\"920\" height=\"612\" src=\"https:\/\/www.supercars.net\/blog\/wp-content\/uploads\/2014\/04\/0192.jpg\" class=\"attachment-full size-full\" alt=\"\" srcset=\"https:\/\/www.supercars.net\/blog\/wp-content\/uploads\/2014\/04\/0192.jpg 920w, https:\/\/www.supercars.net\/blog\/wp-content\/uploads\/2014\/04\/0192-300x200.jpg 300w, https:\/\/www.supercars.net\/blog\/wp-content\/uploads\/2014\/04\/0192-100x67.jpg 100w, https:\/\/www.supercars.net\/blog\/wp-content\/uploads\/2014\/04\/0192-770x512.jpg 770w, https:\/\/www.supercars.net\/blog\/wp-content\/uploads\/2014\/04\/0192-360x240.jpg 360w, https:\/\/www.supercars.net\/blog\/wp-content\/uploads\/2014\/04\/0192-370x247.jpg 370w, https:\/\/www.supercars.net\/blog\/wp-content\/uploads\/2014\/04\/0192-293x195.jpg 293w\" sizes=\"(max-width: 920px) 100vw, 920px\" \/><\/a>\n\t\t\t\t<\/a>\n            <\/div>\n                <div class='wp-caption-text gallery-caption'>\n                Tour Auto Rally 2014\n                <\/div><\/figure><figure class='gallery-item'>\n            <div class='gallery-icon landscape'>\n                <a href='https:\/\/www.supercars.net\/blog\/wp-content\/uploads\/2014\/04\/0193.jpg' class='tipi-lightbox'>\n\t\t\t\t<a href='https:\/\/www.supercars.net\/blog\/wp-content\/uploads\/2014\/04\/0193.jpg'><img decoding=\"async\" width=\"920\" height=\"612\" src=\"https:\/\/www.supercars.net\/blog\/wp-content\/uploads\/2014\/04\/0193.jpg\" class=\"attachment-full size-full\" alt=\"\" srcset=\"https:\/\/www.supercars.net\/blog\/wp-content\/uploads\/2014\/04\/0193.jpg 920w, https:\/\/www.supercars.net\/blog\/wp-content\/uploads\/2014\/04\/0193-300x200.jpg 300w, https:\/\/www.supercars.net\/blog\/wp-content\/uploads\/2014\/04\/0193-100x67.jpg 100w, https:\/\/www.supercars.net\/blog\/wp-content\/uploads\/2014\/04\/0193-770x512.jpg 770w, https:\/\/www.supercars.net\/blog\/wp-content\/uploads\/2014\/04\/0193-360x240.jpg 360w, https:\/\/www.supercars.net\/blog\/wp-content\/uploads\/2014\/04\/0193-370x247.jpg 370w, https:\/\/www.supercars.net\/blog\/wp-content\/uploads\/2014\/04\/0193-293x195.jpg 293w\" sizes=\"(max-width: 920px) 100vw, 920px\" \/><\/a>\n\t\t\t\t<\/a>\n            <\/div>\n                <div class='wp-caption-text gallery-caption'>\n                Tour Auto Rally 2014\n                <\/div><\/figure><figure class='gallery-item'>\n            <div class='gallery-icon landscape'>\n                <a href='https:\/\/www.supercars.net\/blog\/wp-content\/uploads\/2014\/04\/0194.jpg' class='tipi-lightbox'>\n\t\t\t\t<a href='https:\/\/www.supercars.net\/blog\/wp-content\/uploads\/2014\/04\/0194.jpg'><img decoding=\"async\" width=\"920\" height=\"612\" src=\"https:\/\/www.supercars.net\/blog\/wp-content\/uploads\/2014\/04\/0194.jpg\" class=\"attachment-full size-full\" alt=\"\" srcset=\"https:\/\/www.supercars.net\/blog\/wp-content\/uploads\/2014\/04\/0194.jpg 920w, https:\/\/www.supercars.net\/blog\/wp-content\/uploads\/2014\/04\/0194-300x200.jpg 300w, https:\/\/www.supercars.net\/blog\/wp-content\/uploads\/2014\/04\/0194-100x67.jpg 100w, https:\/\/www.supercars.net\/blog\/wp-content\/uploads\/2014\/04\/0194-770x512.jpg 770w, https:\/\/www.supercars.net\/blog\/wp-content\/uploads\/2014\/04\/0194-360x240.jpg 360w, https:\/\/www.supercars.net\/blog\/wp-content\/uploads\/2014\/04\/0194-370x247.jpg 370w, https:\/\/www.supercars.net\/blog\/wp-content\/uploads\/2014\/04\/0194-293x195.jpg 293w\" sizes=\"(max-width: 920px) 100vw, 920px\" \/><\/a>\n\t\t\t\t<\/a>\n            <\/div>\n                <div class='wp-caption-text gallery-caption'>\n                Tour Auto Rally 2014\n                <\/div><\/figure><figure class='gallery-item'>\n            <div class='gallery-icon landscape'>\n                <a href='https:\/\/www.supercars.net\/blog\/wp-content\/uploads\/2014\/04\/0195.jpg' class='tipi-lightbox'>\n\t\t\t\t<a href='https:\/\/www.supercars.net\/blog\/wp-content\/uploads\/2014\/04\/0195.jpg'><img decoding=\"async\" width=\"920\" height=\"612\" src=\"https:\/\/www.supercars.net\/blog\/wp-content\/uploads\/2014\/04\/0195.jpg\" class=\"attachment-full size-full\" alt=\"\" srcset=\"https:\/\/www.supercars.net\/blog\/wp-content\/uploads\/2014\/04\/0195.jpg 920w, https:\/\/www.supercars.net\/blog\/wp-content\/uploads\/2014\/04\/0195-300x200.jpg 300w, https:\/\/www.supercars.net\/blog\/wp-content\/uploads\/2014\/04\/0195-100x67.jpg 100w, https:\/\/www.supercars.net\/blog\/wp-content\/uploads\/2014\/04\/0195-770x512.jpg 770w, https:\/\/www.supercars.net\/blog\/wp-content\/uploads\/2014\/04\/0195-360x240.jpg 360w, https:\/\/www.supercars.net\/blog\/wp-content\/uploads\/2014\/04\/0195-370x247.jpg 370w, https:\/\/www.supercars.net\/blog\/wp-content\/uploads\/2014\/04\/0195-293x195.jpg 293w\" sizes=\"(max-width: 920px) 100vw, 920px\" \/><\/a>\n\t\t\t\t<\/a>\n            <\/div>\n                <div class='wp-caption-text gallery-caption'>\n                Tour Auto Rally 2014\n                <\/div><\/figure><figure class='gallery-item'>\n            <div class='gallery-icon landscape'>\n                <a href='https:\/\/www.supercars.net\/blog\/wp-content\/uploads\/2014\/04\/0196.jpg' class='tipi-lightbox'>\n\t\t\t\t<a href='https:\/\/www.supercars.net\/blog\/wp-content\/uploads\/2014\/04\/0196.jpg'><img decoding=\"async\" width=\"920\" height=\"612\" src=\"https:\/\/www.supercars.net\/blog\/wp-content\/uploads\/2014\/04\/0196.jpg\" class=\"attachment-full size-full\" alt=\"\" srcset=\"https:\/\/www.supercars.net\/blog\/wp-content\/uploads\/2014\/04\/0196.jpg 920w, https:\/\/www.supercars.net\/blog\/wp-content\/uploads\/2014\/04\/0196-300x200.jpg 300w, https:\/\/www.supercars.net\/blog\/wp-content\/uploads\/2014\/04\/0196-100x67.jpg 100w, https:\/\/www.supercars.net\/blog\/wp-content\/uploads\/2014\/04\/0196-770x512.jpg 770w, https:\/\/www.supercars.net\/blog\/wp-content\/uploads\/2014\/04\/0196-360x240.jpg 360w, https:\/\/www.supercars.net\/blog\/wp-content\/uploads\/2014\/04\/0196-370x247.jpg 370w, https:\/\/www.supercars.net\/blog\/wp-content\/uploads\/2014\/04\/0196-293x195.jpg 293w\" sizes=\"(max-width: 920px) 100vw, 920px\" \/><\/a>\n\t\t\t\t<\/a>\n            <\/div>\n                <div class='wp-caption-text gallery-caption'>\n                Tour Auto Rally 2014\n                <\/div><\/figure><figure class='gallery-item'>\n            <div class='gallery-icon landscape'>\n                <a href='https:\/\/www.supercars.net\/blog\/wp-content\/uploads\/2014\/04\/0197.jpg' class='tipi-lightbox'>\n\t\t\t\t<a href='https:\/\/www.supercars.net\/blog\/wp-content\/uploads\/2014\/04\/0197.jpg'><img decoding=\"async\" width=\"920\" height=\"612\" src=\"https:\/\/www.supercars.net\/blog\/wp-content\/uploads\/2014\/04\/0197.jpg\" class=\"attachment-full size-full\" alt=\"\" srcset=\"https:\/\/www.supercars.net\/blog\/wp-content\/uploads\/2014\/04\/0197.jpg 920w, https:\/\/www.supercars.net\/blog\/wp-content\/uploads\/2014\/04\/0197-300x200.jpg 300w, https:\/\/www.supercars.net\/blog\/wp-content\/uploads\/2014\/04\/0197-100x67.jpg 100w, https:\/\/www.supercars.net\/blog\/wp-content\/uploads\/2014\/04\/0197-770x512.jpg 770w, https:\/\/www.supercars.net\/blog\/wp-content\/uploads\/2014\/04\/0197-360x240.jpg 360w, https:\/\/www.supercars.net\/blog\/wp-content\/uploads\/2014\/04\/0197-370x247.jpg 370w, https:\/\/www.supercars.net\/blog\/wp-content\/uploads\/2014\/04\/0197-293x195.jpg 293w\" sizes=\"(max-width: 920px) 100vw, 920px\" \/><\/a>\n\t\t\t\t<\/a>\n            <\/div>\n                <div class='wp-caption-text gallery-caption'>\n                Tour Auto Rally 2014\n                <\/div><\/figure><figure class='gallery-item'>\n            <div class='gallery-icon landscape'>\n                <a href='https:\/\/www.supercars.net\/blog\/wp-content\/uploads\/2014\/04\/0198.jpg' class='tipi-lightbox'>\n\t\t\t\t<a href='https:\/\/www.supercars.net\/blog\/wp-content\/uploads\/2014\/04\/0198.jpg'><img decoding=\"async\" width=\"920\" height=\"612\" src=\"https:\/\/www.supercars.net\/blog\/wp-content\/uploads\/2014\/04\/0198.jpg\" class=\"attachment-full size-full\" alt=\"\" srcset=\"https:\/\/www.supercars.net\/blog\/wp-content\/uploads\/2014\/04\/0198.jpg 920w, https:\/\/www.supercars.net\/blog\/wp-content\/uploads\/2014\/04\/0198-300x200.jpg 300w, https:\/\/www.supercars.net\/blog\/wp-content\/uploads\/2014\/04\/0198-100x67.jpg 100w, https:\/\/www.supercars.net\/blog\/wp-content\/uploads\/2014\/04\/0198-770x512.jpg 770w, https:\/\/www.supercars.net\/blog\/wp-content\/uploads\/2014\/04\/0198-360x240.jpg 360w, https:\/\/www.supercars.net\/blog\/wp-content\/uploads\/2014\/04\/0198-370x247.jpg 370w, https:\/\/www.supercars.net\/blog\/wp-content\/uploads\/2014\/04\/0198-293x195.jpg 293w\" sizes=\"(max-width: 920px) 100vw, 920px\" \/><\/a>\n\t\t\t\t<\/a>\n            <\/div>\n                <div class='wp-caption-text gallery-caption'>\n                1960 Ferrari 250 GT SWB Berlinetta\n                <\/div><\/figure><figure class='gallery-item'>\n            <div class='gallery-icon landscape'>\n                <a href='https:\/\/www.supercars.net\/blog\/wp-content\/uploads\/2014\/04\/0199.jpg' class='tipi-lightbox'>\n\t\t\t\t<a href='https:\/\/www.supercars.net\/blog\/wp-content\/uploads\/2014\/04\/0199.jpg'><img decoding=\"async\" width=\"920\" height=\"612\" src=\"https:\/\/www.supercars.net\/blog\/wp-content\/uploads\/2014\/04\/0199.jpg\" class=\"attachment-full size-full\" alt=\"\" srcset=\"https:\/\/www.supercars.net\/blog\/wp-content\/uploads\/2014\/04\/0199.jpg 920w, https:\/\/www.supercars.net\/blog\/wp-content\/uploads\/2014\/04\/0199-300x200.jpg 300w, https:\/\/www.supercars.net\/blog\/wp-content\/uploads\/2014\/04\/0199-100x67.jpg 100w, https:\/\/www.supercars.net\/blog\/wp-content\/uploads\/2014\/04\/0199-770x512.jpg 770w, https:\/\/www.supercars.net\/blog\/wp-content\/uploads\/2014\/04\/0199-360x240.jpg 360w, https:\/\/www.supercars.net\/blog\/wp-content\/uploads\/2014\/04\/0199-370x247.jpg 370w, https:\/\/www.supercars.net\/blog\/wp-content\/uploads\/2014\/04\/0199-293x195.jpg 293w\" sizes=\"(max-width: 920px) 100vw, 920px\" \/><\/a>\n\t\t\t\t<\/a>\n            <\/div>\n                <div class='wp-caption-text gallery-caption'>\n                Tour Auto Rally 2014\n                <\/div><\/figure><figure class='gallery-item'>\n            <div class='gallery-icon landscape'>\n                <a href='https:\/\/www.supercars.net\/blog\/wp-content\/uploads\/2014\/04\/0200.jpg' class='tipi-lightbox'>\n\t\t\t\t<a href='https:\/\/www.supercars.net\/blog\/wp-content\/uploads\/2014\/04\/0200.jpg'><img decoding=\"async\" width=\"920\" height=\"612\" src=\"https:\/\/www.supercars.net\/blog\/wp-content\/uploads\/2014\/04\/0200.jpg\" class=\"attachment-full size-full\" alt=\"\" srcset=\"https:\/\/www.supercars.net\/blog\/wp-content\/uploads\/2014\/04\/0200.jpg 920w, https:\/\/www.supercars.net\/blog\/wp-content\/uploads\/2014\/04\/0200-300x200.jpg 300w, https:\/\/www.supercars.net\/blog\/wp-content\/uploads\/2014\/04\/0200-100x67.jpg 100w, https:\/\/www.supercars.net\/blog\/wp-content\/uploads\/2014\/04\/0200-770x512.jpg 770w, https:\/\/www.supercars.net\/blog\/wp-content\/uploads\/2014\/04\/0200-360x240.jpg 360w, https:\/\/www.supercars.net\/blog\/wp-content\/uploads\/2014\/04\/0200-370x247.jpg 370w, https:\/\/www.supercars.net\/blog\/wp-content\/uploads\/2014\/04\/0200-293x195.jpg 293w\" sizes=\"(max-width: 920px) 100vw, 920px\" \/><\/a>\n\t\t\t\t<\/a>\n            <\/div>\n                <div class='wp-caption-text gallery-caption'>\n                Tour Auto Rally 2014\n                <\/div><\/figure><figure class='gallery-item'>\n            <div class='gallery-icon landscape'>\n                <a href='https:\/\/www.supercars.net\/blog\/wp-content\/uploads\/2014\/04\/0201.jpg' class='tipi-lightbox'>\n\t\t\t\t<a href='https:\/\/www.supercars.net\/blog\/wp-content\/uploads\/2014\/04\/0201.jpg'><img decoding=\"async\" width=\"920\" height=\"612\" src=\"https:\/\/www.supercars.net\/blog\/wp-content\/uploads\/2014\/04\/0201.jpg\" class=\"attachment-full size-full\" alt=\"\" srcset=\"https:\/\/www.supercars.net\/blog\/wp-content\/uploads\/2014\/04\/0201.jpg 920w, https:\/\/www.supercars.net\/blog\/wp-content\/uploads\/2014\/04\/0201-300x200.jpg 300w, https:\/\/www.supercars.net\/blog\/wp-content\/uploads\/2014\/04\/0201-100x67.jpg 100w, https:\/\/www.supercars.net\/blog\/wp-content\/uploads\/2014\/04\/0201-770x512.jpg 770w, https:\/\/www.supercars.net\/blog\/wp-content\/uploads\/2014\/04\/0201-360x240.jpg 360w, https:\/\/www.supercars.net\/blog\/wp-content\/uploads\/2014\/04\/0201-370x247.jpg 370w, https:\/\/www.supercars.net\/blog\/wp-content\/uploads\/2014\/04\/0201-293x195.jpg 293w\" sizes=\"(max-width: 920px) 100vw, 920px\" \/><\/a>\n\t\t\t\t<\/a>\n            <\/div>\n                <div class='wp-caption-text gallery-caption'>\n                1954 Porsche 356 Pre-A Coupe\n                <\/div><\/figure><figure class='gallery-item'>\n            <div class='gallery-icon landscape'>\n                <a href='https:\/\/www.supercars.net\/blog\/wp-content\/uploads\/2014\/04\/0202.jpg' class='tipi-lightbox'>\n\t\t\t\t<a href='https:\/\/www.supercars.net\/blog\/wp-content\/uploads\/2014\/04\/0202.jpg'><img decoding=\"async\" width=\"920\" height=\"612\" src=\"https:\/\/www.supercars.net\/blog\/wp-content\/uploads\/2014\/04\/0202.jpg\" class=\"attachment-full size-full\" alt=\"\" srcset=\"https:\/\/www.supercars.net\/blog\/wp-content\/uploads\/2014\/04\/0202.jpg 920w, https:\/\/www.supercars.net\/blog\/wp-content\/uploads\/2014\/04\/0202-300x200.jpg 300w, https:\/\/www.supercars.net\/blog\/wp-content\/uploads\/2014\/04\/0202-100x67.jpg 100w, https:\/\/www.supercars.net\/blog\/wp-content\/uploads\/2014\/04\/0202-770x512.jpg 770w, https:\/\/www.supercars.net\/blog\/wp-content\/uploads\/2014\/04\/0202-360x240.jpg 360w, https:\/\/www.supercars.net\/blog\/wp-content\/uploads\/2014\/04\/0202-370x247.jpg 370w, https:\/\/www.supercars.net\/blog\/wp-content\/uploads\/2014\/04\/0202-293x195.jpg 293w\" sizes=\"(max-width: 920px) 100vw, 920px\" \/><\/a>\n\t\t\t\t<\/a>\n            <\/div>\n                <div class='wp-caption-text gallery-caption'>\n                Tour Auto Rally 2014\n                <\/div><\/figure><figure class='gallery-item'>\n            <div class='gallery-icon landscape'>\n                <a href='https:\/\/www.supercars.net\/blog\/wp-content\/uploads\/2014\/04\/0203.jpg' class='tipi-lightbox'>\n\t\t\t\t<a href='https:\/\/www.supercars.net\/blog\/wp-content\/uploads\/2014\/04\/0203.jpg'><img decoding=\"async\" width=\"920\" height=\"612\" src=\"https:\/\/www.supercars.net\/blog\/wp-content\/uploads\/2014\/04\/0203.jpg\" class=\"attachment-full size-full\" alt=\"\" srcset=\"https:\/\/www.supercars.net\/blog\/wp-content\/uploads\/2014\/04\/0203.jpg 920w, https:\/\/www.supercars.net\/blog\/wp-content\/uploads\/2014\/04\/0203-300x200.jpg 300w, https:\/\/www.supercars.net\/blog\/wp-content\/uploads\/2014\/04\/0203-100x67.jpg 100w, https:\/\/www.supercars.net\/blog\/wp-content\/uploads\/2014\/04\/0203-770x512.jpg 770w, https:\/\/www.supercars.net\/blog\/wp-content\/uploads\/2014\/04\/0203-360x240.jpg 360w, https:\/\/www.supercars.net\/blog\/wp-content\/uploads\/2014\/04\/0203-370x247.jpg 370w, https:\/\/www.supercars.net\/blog\/wp-content\/uploads\/2014\/04\/0203-293x195.jpg 293w\" sizes=\"(max-width: 920px) 100vw, 920px\" \/><\/a>\n\t\t\t\t<\/a>\n            <\/div>\n                <div class='wp-caption-text gallery-caption'>\n                Tour Auto Rally 2014\n                <\/div><\/figure><figure class='gallery-item'>\n            <div class='gallery-icon landscape'>\n                <a href='https:\/\/www.supercars.net\/blog\/wp-content\/uploads\/2014\/04\/0204.jpg' class='tipi-lightbox'>\n\t\t\t\t<a href='https:\/\/www.supercars.net\/blog\/wp-content\/uploads\/2014\/04\/0204.jpg'><img decoding=\"async\" width=\"920\" height=\"612\" src=\"https:\/\/www.supercars.net\/blog\/wp-content\/uploads\/2014\/04\/0204.jpg\" class=\"attachment-full size-full\" alt=\"\" srcset=\"https:\/\/www.supercars.net\/blog\/wp-content\/uploads\/2014\/04\/0204.jpg 920w, https:\/\/www.supercars.net\/blog\/wp-content\/uploads\/2014\/04\/0204-300x200.jpg 300w, https:\/\/www.supercars.net\/blog\/wp-content\/uploads\/2014\/04\/0204-100x67.jpg 100w, https:\/\/www.supercars.net\/blog\/wp-content\/uploads\/2014\/04\/0204-770x512.jpg 770w, https:\/\/www.supercars.net\/blog\/wp-content\/uploads\/2014\/04\/0204-360x240.jpg 360w, https:\/\/www.supercars.net\/blog\/wp-content\/uploads\/2014\/04\/0204-370x247.jpg 370w, https:\/\/www.supercars.net\/blog\/wp-content\/uploads\/2014\/04\/0204-293x195.jpg 293w\" sizes=\"(max-width: 920px) 100vw, 920px\" \/><\/a>\n\t\t\t\t<\/a>\n            <\/div>\n                <div class='wp-caption-text gallery-caption'>\n                1954 Porsche 356 A 1500 Carrera GT Speedster\n                <\/div><\/figure><figure class='gallery-item'>\n            <div class='gallery-icon landscape'>\n                <a href='https:\/\/www.supercars.net\/blog\/wp-content\/uploads\/2014\/04\/0205.jpg' class='tipi-lightbox'>\n\t\t\t\t<a href='https:\/\/www.supercars.net\/blog\/wp-content\/uploads\/2014\/04\/0205.jpg'><img decoding=\"async\" width=\"920\" height=\"612\" src=\"https:\/\/www.supercars.net\/blog\/wp-content\/uploads\/2014\/04\/0205.jpg\" class=\"attachment-full size-full\" alt=\"\" srcset=\"https:\/\/www.supercars.net\/blog\/wp-content\/uploads\/2014\/04\/0205.jpg 920w, https:\/\/www.supercars.net\/blog\/wp-content\/uploads\/2014\/04\/0205-300x200.jpg 300w, https:\/\/www.supercars.net\/blog\/wp-content\/uploads\/2014\/04\/0205-100x67.jpg 100w, https:\/\/www.supercars.net\/blog\/wp-content\/uploads\/2014\/04\/0205-770x512.jpg 770w, https:\/\/www.supercars.net\/blog\/wp-content\/uploads\/2014\/04\/0205-360x240.jpg 360w, https:\/\/www.supercars.net\/blog\/wp-content\/uploads\/2014\/04\/0205-370x247.jpg 370w, https:\/\/www.supercars.net\/blog\/wp-content\/uploads\/2014\/04\/0205-293x195.jpg 293w\" sizes=\"(max-width: 920px) 100vw, 920px\" \/><\/a>\n\t\t\t\t<\/a>\n            <\/div>\n                <div class='wp-caption-text gallery-caption'>\n                Winning Team &#8211; 1963 AC Cobra of Shaun Lynn and Kevin Kivlochan\n                <\/div><\/figure><figure class='gallery-item'>\n            <div class='gallery-icon landscape'>\n                <a href='https:\/\/www.supercars.net\/blog\/wp-content\/uploads\/2014\/04\/0206.jpg' class='tipi-lightbox'>\n\t\t\t\t<a href='https:\/\/www.supercars.net\/blog\/wp-content\/uploads\/2014\/04\/0206.jpg'><img decoding=\"async\" width=\"920\" height=\"612\" src=\"https:\/\/www.supercars.net\/blog\/wp-content\/uploads\/2014\/04\/0206.jpg\" class=\"attachment-full size-full\" alt=\"\" srcset=\"https:\/\/www.supercars.net\/blog\/wp-content\/uploads\/2014\/04\/0206.jpg 920w, https:\/\/www.supercars.net\/blog\/wp-content\/uploads\/2014\/04\/0206-300x200.jpg 300w, https:\/\/www.supercars.net\/blog\/wp-content\/uploads\/2014\/04\/0206-100x67.jpg 100w, https:\/\/www.supercars.net\/blog\/wp-content\/uploads\/2014\/04\/0206-770x512.jpg 770w, https:\/\/www.supercars.net\/blog\/wp-content\/uploads\/2014\/04\/0206-360x240.jpg 360w, https:\/\/www.supercars.net\/blog\/wp-content\/uploads\/2014\/04\/0206-370x247.jpg 370w, https:\/\/www.supercars.net\/blog\/wp-content\/uploads\/2014\/04\/0206-293x195.jpg 293w\" sizes=\"(max-width: 920px) 100vw, 920px\" \/><\/a>\n\t\t\t\t<\/a>\n            <\/div>\n                <div class='wp-caption-text gallery-caption'>\n                Tour Auto Rally 2014\n                <\/div><\/figure><figure class='gallery-item'>\n            <div class='gallery-icon landscape'>\n                <a href='https:\/\/www.supercars.net\/blog\/wp-content\/uploads\/2014\/04\/0207.jpg' class='tipi-lightbox'>\n\t\t\t\t<a href='https:\/\/www.supercars.net\/blog\/wp-content\/uploads\/2014\/04\/0207.jpg'><img decoding=\"async\" width=\"920\" height=\"612\" src=\"https:\/\/www.supercars.net\/blog\/wp-content\/uploads\/2014\/04\/0207.jpg\" class=\"attachment-full size-full\" alt=\"\" srcset=\"https:\/\/www.supercars.net\/blog\/wp-content\/uploads\/2014\/04\/0207.jpg 920w, https:\/\/www.supercars.net\/blog\/wp-content\/uploads\/2014\/04\/0207-300x200.jpg 300w, https:\/\/www.supercars.net\/blog\/wp-content\/uploads\/2014\/04\/0207-100x67.jpg 100w, https:\/\/www.supercars.net\/blog\/wp-content\/uploads\/2014\/04\/0207-770x512.jpg 770w, https:\/\/www.supercars.net\/blog\/wp-content\/uploads\/2014\/04\/0207-360x240.jpg 360w, https:\/\/www.supercars.net\/blog\/wp-content\/uploads\/2014\/04\/0207-370x247.jpg 370w, https:\/\/www.supercars.net\/blog\/wp-content\/uploads\/2014\/04\/0207-293x195.jpg 293w\" sizes=\"(max-width: 920px) 100vw, 920px\" \/><\/a>\n\t\t\t\t<\/a>\n            <\/div>\n                <div class='wp-caption-text gallery-caption'>\n                Tour Auto Rally 2014\n                <\/div><\/figure><figure class='gallery-item'>\n            <div class='gallery-icon landscape'>\n                <a href='https:\/\/www.supercars.net\/blog\/wp-content\/uploads\/2014\/04\/0208.jpg' class='tipi-lightbox'>\n\t\t\t\t<a href='https:\/\/www.supercars.net\/blog\/wp-content\/uploads\/2014\/04\/0208.jpg'><img decoding=\"async\" width=\"920\" height=\"612\" src=\"https:\/\/www.supercars.net\/blog\/wp-content\/uploads\/2014\/04\/0208.jpg\" class=\"attachment-full size-full\" alt=\"\" srcset=\"https:\/\/www.supercars.net\/blog\/wp-content\/uploads\/2014\/04\/0208.jpg 920w, https:\/\/www.supercars.net\/blog\/wp-content\/uploads\/2014\/04\/0208-300x200.jpg 300w, https:\/\/www.supercars.net\/blog\/wp-content\/uploads\/2014\/04\/0208-100x67.jpg 100w, https:\/\/www.supercars.net\/blog\/wp-content\/uploads\/2014\/04\/0208-770x512.jpg 770w, https:\/\/www.supercars.net\/blog\/wp-content\/uploads\/2014\/04\/0208-360x240.jpg 360w, https:\/\/www.supercars.net\/blog\/wp-content\/uploads\/2014\/04\/0208-370x247.jpg 370w, https:\/\/www.supercars.net\/blog\/wp-content\/uploads\/2014\/04\/0208-293x195.jpg 293w\" sizes=\"(max-width: 920px) 100vw, 920px\" \/><\/a>\n\t\t\t\t<\/a>\n            <\/div>\n                <div class='wp-caption-text gallery-caption'>\n                Tour Auto Rally 2014\n                <\/div><\/figure><figure class='gallery-item'>\n            <div class='gallery-icon landscape'>\n                <a href='https:\/\/www.supercars.net\/blog\/wp-content\/uploads\/2014\/04\/0209.jpg' class='tipi-lightbox'>\n\t\t\t\t<a href='https:\/\/www.supercars.net\/blog\/wp-content\/uploads\/2014\/04\/0209.jpg'><img decoding=\"async\" width=\"920\" height=\"612\" src=\"https:\/\/www.supercars.net\/blog\/wp-content\/uploads\/2014\/04\/0209.jpg\" class=\"attachment-full size-full\" alt=\"\" srcset=\"https:\/\/www.supercars.net\/blog\/wp-content\/uploads\/2014\/04\/0209.jpg 920w, https:\/\/www.supercars.net\/blog\/wp-content\/uploads\/2014\/04\/0209-300x200.jpg 300w, https:\/\/www.supercars.net\/blog\/wp-content\/uploads\/2014\/04\/0209-100x67.jpg 100w, https:\/\/www.supercars.net\/blog\/wp-content\/uploads\/2014\/04\/0209-770x512.jpg 770w, https:\/\/www.supercars.net\/blog\/wp-content\/uploads\/2014\/04\/0209-360x240.jpg 360w, https:\/\/www.supercars.net\/blog\/wp-content\/uploads\/2014\/04\/0209-370x247.jpg 370w, https:\/\/www.supercars.net\/blog\/wp-content\/uploads\/2014\/04\/0209-293x195.jpg 293w\" sizes=\"(max-width: 920px) 100vw, 920px\" \/><\/a>\n\t\t\t\t<\/a>\n            <\/div>\n                <div class='wp-caption-text gallery-caption'>\n                Tour Auto Rally 2014\n                <\/div><\/figure><figure class='gallery-item'>\n            <div class='gallery-icon landscape'>\n                <a href='https:\/\/www.supercars.net\/blog\/wp-content\/uploads\/2014\/04\/0210.jpg' class='tipi-lightbox'>\n\t\t\t\t<a href='https:\/\/www.supercars.net\/blog\/wp-content\/uploads\/2014\/04\/0210.jpg'><img decoding=\"async\" width=\"920\" height=\"612\" src=\"https:\/\/www.supercars.net\/blog\/wp-content\/uploads\/2014\/04\/0210.jpg\" class=\"attachment-full size-full\" alt=\"\" srcset=\"https:\/\/www.supercars.net\/blog\/wp-content\/uploads\/2014\/04\/0210.jpg 920w, https:\/\/www.supercars.net\/blog\/wp-content\/uploads\/2014\/04\/0210-300x200.jpg 300w, https:\/\/www.supercars.net\/blog\/wp-content\/uploads\/2014\/04\/0210-100x67.jpg 100w, https:\/\/www.supercars.net\/blog\/wp-content\/uploads\/2014\/04\/0210-770x512.jpg 770w, https:\/\/www.supercars.net\/blog\/wp-content\/uploads\/2014\/04\/0210-360x240.jpg 360w, https:\/\/www.supercars.net\/blog\/wp-content\/uploads\/2014\/04\/0210-370x247.jpg 370w, https:\/\/www.supercars.net\/blog\/wp-content\/uploads\/2014\/04\/0210-293x195.jpg 293w\" sizes=\"(max-width: 920px) 100vw, 920px\" \/><\/a>\n\t\t\t\t<\/a>\n            <\/div>\n                <div class='wp-caption-text gallery-caption'>\n                1970 Porsche 911 S\n                <\/div><\/figure><figure class='gallery-item'>\n            <div class='gallery-icon landscape'>\n                <a href='https:\/\/www.supercars.net\/blog\/wp-content\/uploads\/2014\/04\/0211.jpg' class='tipi-lightbox'>\n\t\t\t\t<a href='https:\/\/www.supercars.net\/blog\/wp-content\/uploads\/2014\/04\/0211.jpg'><img decoding=\"async\" width=\"920\" height=\"612\" src=\"https:\/\/www.supercars.net\/blog\/wp-content\/uploads\/2014\/04\/0211.jpg\" class=\"attachment-full size-full\" alt=\"\" srcset=\"https:\/\/www.supercars.net\/blog\/wp-content\/uploads\/2014\/04\/0211.jpg 920w, https:\/\/www.supercars.net\/blog\/wp-content\/uploads\/2014\/04\/0211-300x200.jpg 300w, https:\/\/www.supercars.net\/blog\/wp-content\/uploads\/2014\/04\/0211-100x67.jpg 100w, https:\/\/www.supercars.net\/blog\/wp-content\/uploads\/2014\/04\/0211-770x512.jpg 770w, https:\/\/www.supercars.net\/blog\/wp-content\/uploads\/2014\/04\/0211-360x240.jpg 360w, https:\/\/www.supercars.net\/blog\/wp-content\/uploads\/2014\/04\/0211-370x247.jpg 370w, https:\/\/www.supercars.net\/blog\/wp-content\/uploads\/2014\/04\/0211-293x195.jpg 293w\" sizes=\"(max-width: 920px) 100vw, 920px\" \/><\/a>\n\t\t\t\t<\/a>\n            <\/div>\n                <div class='wp-caption-text gallery-caption'>\n                Tour Auto Rally 2014\n                <\/div><\/figure><figure class='gallery-item'>\n            <div class='gallery-icon landscape'>\n                <a href='https:\/\/www.supercars.net\/blog\/wp-content\/uploads\/2014\/04\/0212.jpg' class='tipi-lightbox'>\n\t\t\t\t<a href='https:\/\/www.supercars.net\/blog\/wp-content\/uploads\/2014\/04\/0212.jpg'><img decoding=\"async\" width=\"920\" height=\"535\" src=\"https:\/\/www.supercars.net\/blog\/wp-content\/uploads\/2014\/04\/0212.jpg\" class=\"attachment-full size-full\" alt=\"\" srcset=\"https:\/\/www.supercars.net\/blog\/wp-content\/uploads\/2014\/04\/0212.jpg 920w, https:\/\/www.supercars.net\/blog\/wp-content\/uploads\/2014\/04\/0212-300x174.jpg 300w, https:\/\/www.supercars.net\/blog\/wp-content\/uploads\/2014\/04\/0212-100x58.jpg 100w, https:\/\/www.supercars.net\/blog\/wp-content\/uploads\/2014\/04\/0212-770x448.jpg 770w, https:\/\/www.supercars.net\/blog\/wp-content\/uploads\/2014\/04\/0212-293x170.jpg 293w\" sizes=\"(max-width: 920px) 100vw, 920px\" \/><\/a>\n\t\t\t\t<\/a>\n            <\/div>\n                <div class='wp-caption-text gallery-caption'>\n                Tour Auto Rally 2014\n                <\/div><\/figure><figure class='gallery-item'>\n            <div class='gallery-icon landscape'>\n                <a href='https:\/\/www.supercars.net\/blog\/wp-content\/uploads\/2014\/04\/0213.jpg' class='tipi-lightbox'>\n\t\t\t\t<a href='https:\/\/www.supercars.net\/blog\/wp-content\/uploads\/2014\/04\/0213.jpg'><img decoding=\"async\" width=\"920\" height=\"612\" src=\"https:\/\/www.supercars.net\/blog\/wp-content\/uploads\/2014\/04\/0213.jpg\" class=\"attachment-full size-full\" alt=\"\" srcset=\"https:\/\/www.supercars.net\/blog\/wp-content\/uploads\/2014\/04\/0213.jpg 920w, https:\/\/www.supercars.net\/blog\/wp-content\/uploads\/2014\/04\/0213-300x200.jpg 300w, https:\/\/www.supercars.net\/blog\/wp-content\/uploads\/2014\/04\/0213-100x67.jpg 100w, https:\/\/www.supercars.net\/blog\/wp-content\/uploads\/2014\/04\/0213-770x512.jpg 770w, https:\/\/www.supercars.net\/blog\/wp-content\/uploads\/2014\/04\/0213-360x240.jpg 360w, https:\/\/www.supercars.net\/blog\/wp-content\/uploads\/2014\/04\/0213-370x247.jpg 370w, https:\/\/www.supercars.net\/blog\/wp-content\/uploads\/2014\/04\/0213-293x195.jpg 293w\" sizes=\"(max-width: 920px) 100vw, 920px\" \/><\/a>\n\t\t\t\t<\/a>\n            <\/div>\n                <div class='wp-caption-text gallery-caption'>\n                Tour Auto Rally 2014\n                <\/div><\/figure><figure class='gallery-item'>\n            <div class='gallery-icon landscape'>\n                <a href='https:\/\/www.supercars.net\/blog\/wp-content\/uploads\/2014\/04\/0214.jpg' class='tipi-lightbox'>\n\t\t\t\t<a href='https:\/\/www.supercars.net\/blog\/wp-content\/uploads\/2014\/04\/0214.jpg'><img decoding=\"async\" width=\"920\" height=\"612\" src=\"https:\/\/www.supercars.net\/blog\/wp-content\/uploads\/2014\/04\/0214.jpg\" class=\"attachment-full size-full\" alt=\"\" srcset=\"https:\/\/www.supercars.net\/blog\/wp-content\/uploads\/2014\/04\/0214.jpg 920w, https:\/\/www.supercars.net\/blog\/wp-content\/uploads\/2014\/04\/0214-300x200.jpg 300w, https:\/\/www.supercars.net\/blog\/wp-content\/uploads\/2014\/04\/0214-100x67.jpg 100w, https:\/\/www.supercars.net\/blog\/wp-content\/uploads\/2014\/04\/0214-770x512.jpg 770w, https:\/\/www.supercars.net\/blog\/wp-content\/uploads\/2014\/04\/0214-360x240.jpg 360w, https:\/\/www.supercars.net\/blog\/wp-content\/uploads\/2014\/04\/0214-370x247.jpg 370w, https:\/\/www.supercars.net\/blog\/wp-content\/uploads\/2014\/04\/0214-293x195.jpg 293w\" sizes=\"(max-width: 920px) 100vw, 920px\" \/><\/a>\n\t\t\t\t<\/a>\n            <\/div>\n                <div class='wp-caption-text gallery-caption'>\n                Tour Auto Rally 2014\n                <\/div><\/figure><figure class='gallery-item'>\n            <div class='gallery-icon landscape'>\n                <a href='https:\/\/www.supercars.net\/blog\/wp-content\/uploads\/2014\/04\/0215.jpg' class='tipi-lightbox'>\n\t\t\t\t<a href='https:\/\/www.supercars.net\/blog\/wp-content\/uploads\/2014\/04\/0215.jpg'><img decoding=\"async\" width=\"920\" height=\"535\" src=\"https:\/\/www.supercars.net\/blog\/wp-content\/uploads\/2014\/04\/0215.jpg\" class=\"attachment-full size-full\" alt=\"\" srcset=\"https:\/\/www.supercars.net\/blog\/wp-content\/uploads\/2014\/04\/0215.jpg 920w, https:\/\/www.supercars.net\/blog\/wp-content\/uploads\/2014\/04\/0215-300x174.jpg 300w, https:\/\/www.supercars.net\/blog\/wp-content\/uploads\/2014\/04\/0215-100x58.jpg 100w, https:\/\/www.supercars.net\/blog\/wp-content\/uploads\/2014\/04\/0215-770x448.jpg 770w, https:\/\/www.supercars.net\/blog\/wp-content\/uploads\/2014\/04\/0215-293x170.jpg 293w\" sizes=\"(max-width: 920px) 100vw, 920px\" \/><\/a>\n\t\t\t\t<\/a>\n            <\/div>\n                <div class='wp-caption-text gallery-caption'>\n                1966 Porsche Carrera 906\n                <\/div><\/figure><figure class='gallery-item'>\n            <div class='gallery-icon landscape'>\n                <a href='https:\/\/www.supercars.net\/blog\/wp-content\/uploads\/2014\/04\/0216.jpg' class='tipi-lightbox'>\n\t\t\t\t<a href='https:\/\/www.supercars.net\/blog\/wp-content\/uploads\/2014\/04\/0216.jpg'><img decoding=\"async\" width=\"920\" height=\"612\" src=\"https:\/\/www.supercars.net\/blog\/wp-content\/uploads\/2014\/04\/0216.jpg\" class=\"attachment-full size-full\" alt=\"\" srcset=\"https:\/\/www.supercars.net\/blog\/wp-content\/uploads\/2014\/04\/0216.jpg 920w, https:\/\/www.supercars.net\/blog\/wp-content\/uploads\/2014\/04\/0216-300x200.jpg 300w, https:\/\/www.supercars.net\/blog\/wp-content\/uploads\/2014\/04\/0216-100x67.jpg 100w, https:\/\/www.supercars.net\/blog\/wp-content\/uploads\/2014\/04\/0216-770x512.jpg 770w, https:\/\/www.supercars.net\/blog\/wp-content\/uploads\/2014\/04\/0216-360x240.jpg 360w, https:\/\/www.supercars.net\/blog\/wp-content\/uploads\/2014\/04\/0216-370x247.jpg 370w, https:\/\/www.supercars.net\/blog\/wp-content\/uploads\/2014\/04\/0216-293x195.jpg 293w\" sizes=\"(max-width: 920px) 100vw, 920px\" \/><\/a>\n\t\t\t\t<\/a>\n            <\/div>\n                <div class='wp-caption-text gallery-caption'>\n                1973 Lotus Europa Special\n                <\/div><\/figure><figure class='gallery-item'>\n            <div class='gallery-icon landscape'>\n                <a href='https:\/\/www.supercars.net\/blog\/wp-content\/uploads\/2014\/04\/0217.jpg' class='tipi-lightbox'>\n\t\t\t\t<a href='https:\/\/www.supercars.net\/blog\/wp-content\/uploads\/2014\/04\/0217.jpg'><img decoding=\"async\" width=\"920\" height=\"612\" src=\"https:\/\/www.supercars.net\/blog\/wp-content\/uploads\/2014\/04\/0217.jpg\" class=\"attachment-full size-full\" alt=\"\" srcset=\"https:\/\/www.supercars.net\/blog\/wp-content\/uploads\/2014\/04\/0217.jpg 920w, https:\/\/www.supercars.net\/blog\/wp-content\/uploads\/2014\/04\/0217-300x200.jpg 300w, https:\/\/www.supercars.net\/blog\/wp-content\/uploads\/2014\/04\/0217-100x67.jpg 100w, https:\/\/www.supercars.net\/blog\/wp-content\/uploads\/2014\/04\/0217-770x512.jpg 770w, https:\/\/www.supercars.net\/blog\/wp-content\/uploads\/2014\/04\/0217-360x240.jpg 360w, https:\/\/www.supercars.net\/blog\/wp-content\/uploads\/2014\/04\/0217-370x247.jpg 370w, https:\/\/www.supercars.net\/blog\/wp-content\/uploads\/2014\/04\/0217-293x195.jpg 293w\" sizes=\"(max-width: 920px) 100vw, 920px\" \/><\/a>\n\t\t\t\t<\/a>\n            <\/div>\n                <div class='wp-caption-text gallery-caption'>\n                Tour Auto Rally 2014\n                <\/div><\/figure><figure class='gallery-item'>\n            <div class='gallery-icon landscape'>\n                <a href='https:\/\/www.supercars.net\/blog\/wp-content\/uploads\/2014\/04\/0218.jpg' class='tipi-lightbox'>\n\t\t\t\t<a href='https:\/\/www.supercars.net\/blog\/wp-content\/uploads\/2014\/04\/0218.jpg'><img decoding=\"async\" width=\"920\" height=\"612\" src=\"https:\/\/www.supercars.net\/blog\/wp-content\/uploads\/2014\/04\/0218.jpg\" class=\"attachment-full size-full\" alt=\"\" srcset=\"https:\/\/www.supercars.net\/blog\/wp-content\/uploads\/2014\/04\/0218.jpg 920w, https:\/\/www.supercars.net\/blog\/wp-content\/uploads\/2014\/04\/0218-300x200.jpg 300w, https:\/\/www.supercars.net\/blog\/wp-content\/uploads\/2014\/04\/0218-100x67.jpg 100w, https:\/\/www.supercars.net\/blog\/wp-content\/uploads\/2014\/04\/0218-770x512.jpg 770w, https:\/\/www.supercars.net\/blog\/wp-content\/uploads\/2014\/04\/0218-360x240.jpg 360w, https:\/\/www.supercars.net\/blog\/wp-content\/uploads\/2014\/04\/0218-370x247.jpg 370w, https:\/\/www.supercars.net\/blog\/wp-content\/uploads\/2014\/04\/0218-293x195.jpg 293w\" sizes=\"(max-width: 920px) 100vw, 920px\" \/><\/a>\n\t\t\t\t<\/a>\n            <\/div>\n                <div class='wp-caption-text gallery-caption'>\n                Tour Auto Rally 2014\n                <\/div><\/figure><figure class='gallery-item'>\n            <div class='gallery-icon landscape'>\n                <a href='https:\/\/www.supercars.net\/blog\/wp-content\/uploads\/2014\/04\/0219.jpg' class='tipi-lightbox'>\n\t\t\t\t<a href='https:\/\/www.supercars.net\/blog\/wp-content\/uploads\/2014\/04\/0219.jpg'><img decoding=\"async\" width=\"920\" height=\"612\" src=\"https:\/\/www.supercars.net\/blog\/wp-content\/uploads\/2014\/04\/0219.jpg\" class=\"attachment-full size-full\" alt=\"\" srcset=\"https:\/\/www.supercars.net\/blog\/wp-content\/uploads\/2014\/04\/0219.jpg 920w, https:\/\/www.supercars.net\/blog\/wp-content\/uploads\/2014\/04\/0219-300x200.jpg 300w, https:\/\/www.supercars.net\/blog\/wp-content\/uploads\/2014\/04\/0219-100x67.jpg 100w, https:\/\/www.supercars.net\/blog\/wp-content\/uploads\/2014\/04\/0219-770x512.jpg 770w, https:\/\/www.supercars.net\/blog\/wp-content\/uploads\/2014\/04\/0219-360x240.jpg 360w, https:\/\/www.supercars.net\/blog\/wp-content\/uploads\/2014\/04\/0219-370x247.jpg 370w, https:\/\/www.supercars.net\/blog\/wp-content\/uploads\/2014\/04\/0219-293x195.jpg 293w\" sizes=\"(max-width: 920px) 100vw, 920px\" \/><\/a>\n\t\t\t\t<\/a>\n            <\/div>\n                <div class='wp-caption-text gallery-caption'>\n                Tour Auto Rally 2014\n                <\/div><\/figure><figure class='gallery-item'>\n            <div class='gallery-icon landscape'>\n                <a href='https:\/\/www.supercars.net\/blog\/wp-content\/uploads\/2014\/04\/0220.jpg' class='tipi-lightbox'>\n\t\t\t\t<a href='https:\/\/www.supercars.net\/blog\/wp-content\/uploads\/2014\/04\/0220.jpg'><img decoding=\"async\" width=\"920\" height=\"612\" src=\"https:\/\/www.supercars.net\/blog\/wp-content\/uploads\/2014\/04\/0220.jpg\" class=\"attachment-full size-full\" alt=\"\" srcset=\"https:\/\/www.supercars.net\/blog\/wp-content\/uploads\/2014\/04\/0220.jpg 920w, https:\/\/www.supercars.net\/blog\/wp-content\/uploads\/2014\/04\/0220-300x200.jpg 300w, https:\/\/www.supercars.net\/blog\/wp-content\/uploads\/2014\/04\/0220-100x67.jpg 100w, https:\/\/www.supercars.net\/blog\/wp-content\/uploads\/2014\/04\/0220-770x512.jpg 770w, https:\/\/www.supercars.net\/blog\/wp-content\/uploads\/2014\/04\/0220-360x240.jpg 360w, https:\/\/www.supercars.net\/blog\/wp-content\/uploads\/2014\/04\/0220-370x247.jpg 370w, https:\/\/www.supercars.net\/blog\/wp-content\/uploads\/2014\/04\/0220-293x195.jpg 293w\" sizes=\"(max-width: 920px) 100vw, 920px\" \/><\/a>\n\t\t\t\t<\/a>\n            <\/div>\n                <div class='wp-caption-text gallery-caption'>\n                1970 Alfa Romeo 1750 GTV\n                <\/div><\/figure><figure class='gallery-item'>\n            <div class='gallery-icon landscape'>\n                <a href='https:\/\/www.supercars.net\/blog\/wp-content\/uploads\/2014\/04\/0221.jpg' class='tipi-lightbox'>\n\t\t\t\t<a href='https:\/\/www.supercars.net\/blog\/wp-content\/uploads\/2014\/04\/0221.jpg'><img decoding=\"async\" width=\"920\" height=\"612\" src=\"https:\/\/www.supercars.net\/blog\/wp-content\/uploads\/2014\/04\/0221.jpg\" class=\"attachment-full size-full\" alt=\"\" srcset=\"https:\/\/www.supercars.net\/blog\/wp-content\/uploads\/2014\/04\/0221.jpg 920w, https:\/\/www.supercars.net\/blog\/wp-content\/uploads\/2014\/04\/0221-300x200.jpg 300w, https:\/\/www.supercars.net\/blog\/wp-content\/uploads\/2014\/04\/0221-100x67.jpg 100w, https:\/\/www.supercars.net\/blog\/wp-content\/uploads\/2014\/04\/0221-770x512.jpg 770w, https:\/\/www.supercars.net\/blog\/wp-content\/uploads\/2014\/04\/0221-360x240.jpg 360w, https:\/\/www.supercars.net\/blog\/wp-content\/uploads\/2014\/04\/0221-370x247.jpg 370w, https:\/\/www.supercars.net\/blog\/wp-content\/uploads\/2014\/04\/0221-293x195.jpg 293w\" sizes=\"(max-width: 920px) 100vw, 920px\" \/><\/a>\n\t\t\t\t<\/a>\n            <\/div>\n                <div class='wp-caption-text gallery-caption'>\n                Tour Auto Rally 2014\n                <\/div><\/figure><figure class='gallery-item'>\n            <div class='gallery-icon landscape'>\n                <a href='https:\/\/www.supercars.net\/blog\/wp-content\/uploads\/2014\/04\/0222.jpg' class='tipi-lightbox'>\n\t\t\t\t<a href='https:\/\/www.supercars.net\/blog\/wp-content\/uploads\/2014\/04\/0222.jpg'><img decoding=\"async\" width=\"920\" height=\"612\" src=\"https:\/\/www.supercars.net\/blog\/wp-content\/uploads\/2014\/04\/0222.jpg\" class=\"attachment-full size-full\" alt=\"\" srcset=\"https:\/\/www.supercars.net\/blog\/wp-content\/uploads\/2014\/04\/0222.jpg 920w, https:\/\/www.supercars.net\/blog\/wp-content\/uploads\/2014\/04\/0222-300x200.jpg 300w, https:\/\/www.supercars.net\/blog\/wp-content\/uploads\/2014\/04\/0222-100x67.jpg 100w, https:\/\/www.supercars.net\/blog\/wp-content\/uploads\/2014\/04\/0222-770x512.jpg 770w, https:\/\/www.supercars.net\/blog\/wp-content\/uploads\/2014\/04\/0222-360x240.jpg 360w, https:\/\/www.supercars.net\/blog\/wp-content\/uploads\/2014\/04\/0222-370x247.jpg 370w, https:\/\/www.supercars.net\/blog\/wp-content\/uploads\/2014\/04\/0222-293x195.jpg 293w\" sizes=\"(max-width: 920px) 100vw, 920px\" \/><\/a>\n\t\t\t\t<\/a>\n            <\/div>\n                <div class='wp-caption-text gallery-caption'>\n                Tour Auto Rally 2014\n                <\/div><\/figure><figure class='gallery-item'>\n            <div class='gallery-icon landscape'>\n                <a href='https:\/\/www.supercars.net\/blog\/wp-content\/uploads\/2014\/04\/0223.jpg' class='tipi-lightbox'>\n\t\t\t\t<a href='https:\/\/www.supercars.net\/blog\/wp-content\/uploads\/2014\/04\/0223.jpg'><img decoding=\"async\" width=\"920\" height=\"612\" src=\"https:\/\/www.supercars.net\/blog\/wp-content\/uploads\/2014\/04\/0223.jpg\" class=\"attachment-full size-full\" alt=\"\" srcset=\"https:\/\/www.supercars.net\/blog\/wp-content\/uploads\/2014\/04\/0223.jpg 920w, https:\/\/www.supercars.net\/blog\/wp-content\/uploads\/2014\/04\/0223-300x200.jpg 300w, https:\/\/www.supercars.net\/blog\/wp-content\/uploads\/2014\/04\/0223-100x67.jpg 100w, https:\/\/www.supercars.net\/blog\/wp-content\/uploads\/2014\/04\/0223-770x512.jpg 770w, https:\/\/www.supercars.net\/blog\/wp-content\/uploads\/2014\/04\/0223-360x240.jpg 360w, https:\/\/www.supercars.net\/blog\/wp-content\/uploads\/2014\/04\/0223-370x247.jpg 370w, https:\/\/www.supercars.net\/blog\/wp-content\/uploads\/2014\/04\/0223-293x195.jpg 293w\" sizes=\"(max-width: 920px) 100vw, 920px\" \/><\/a>\n\t\t\t\t<\/a>\n            <\/div>\n                <div class='wp-caption-text gallery-caption'>\n                Tour Auto Rally 2014\n                <\/div><\/figure><figure class='gallery-item'>\n            <div class='gallery-icon landscape'>\n                <a href='https:\/\/www.supercars.net\/blog\/wp-content\/uploads\/2014\/04\/0224.jpg' class='tipi-lightbox'>\n\t\t\t\t<a href='https:\/\/www.supercars.net\/blog\/wp-content\/uploads\/2014\/04\/0224.jpg'><img decoding=\"async\" width=\"920\" height=\"532\" src=\"https:\/\/www.supercars.net\/blog\/wp-content\/uploads\/2014\/04\/0224.jpg\" class=\"attachment-full size-full\" alt=\"\" srcset=\"https:\/\/www.supercars.net\/blog\/wp-content\/uploads\/2014\/04\/0224.jpg 920w, https:\/\/www.supercars.net\/blog\/wp-content\/uploads\/2014\/04\/0224-300x173.jpg 300w, https:\/\/www.supercars.net\/blog\/wp-content\/uploads\/2014\/04\/0224-100x58.jpg 100w, https:\/\/www.supercars.net\/blog\/wp-content\/uploads\/2014\/04\/0224-770x445.jpg 770w, https:\/\/www.supercars.net\/blog\/wp-content\/uploads\/2014\/04\/0224-293x169.jpg 293w\" sizes=\"(max-width: 920px) 100vw, 920px\" \/><\/a>\n\t\t\t\t<\/a>\n            <\/div>\n                <div class='wp-caption-text gallery-caption'>\n                Tour Auto Rally 2014\n                <\/div><\/figure><figure class='gallery-item'>\n            <div class='gallery-icon landscape'>\n                <a href='https:\/\/www.supercars.net\/blog\/wp-content\/uploads\/2014\/04\/0225.jpg' class='tipi-lightbox'>\n\t\t\t\t<a href='https:\/\/www.supercars.net\/blog\/wp-content\/uploads\/2014\/04\/0225.jpg'><img decoding=\"async\" width=\"920\" height=\"612\" src=\"https:\/\/www.supercars.net\/blog\/wp-content\/uploads\/2014\/04\/0225.jpg\" class=\"attachment-full size-full\" alt=\"\" srcset=\"https:\/\/www.supercars.net\/blog\/wp-content\/uploads\/2014\/04\/0225.jpg 920w, https:\/\/www.supercars.net\/blog\/wp-content\/uploads\/2014\/04\/0225-300x200.jpg 300w, https:\/\/www.supercars.net\/blog\/wp-content\/uploads\/2014\/04\/0225-100x67.jpg 100w, https:\/\/www.supercars.net\/blog\/wp-content\/uploads\/2014\/04\/0225-770x512.jpg 770w, https:\/\/www.supercars.net\/blog\/wp-content\/uploads\/2014\/04\/0225-360x240.jpg 360w, https:\/\/www.supercars.net\/blog\/wp-content\/uploads\/2014\/04\/0225-370x247.jpg 370w, https:\/\/www.supercars.net\/blog\/wp-content\/uploads\/2014\/04\/0225-293x195.jpg 293w\" sizes=\"(max-width: 920px) 100vw, 920px\" \/><\/a>\n\t\t\t\t<\/a>\n            <\/div>\n                <div class='wp-caption-text gallery-caption'>\n                1957 OSCA 372 FS\n                <\/div><\/figure><figure class='gallery-item'>\n            <div class='gallery-icon landscape'>\n                <a href='https:\/\/www.supercars.net\/blog\/wp-content\/uploads\/2014\/04\/0226.jpg' class='tipi-lightbox'>\n\t\t\t\t<a href='https:\/\/www.supercars.net\/blog\/wp-content\/uploads\/2014\/04\/0226.jpg'><img decoding=\"async\" width=\"920\" height=\"612\" src=\"https:\/\/www.supercars.net\/blog\/wp-content\/uploads\/2014\/04\/0226.jpg\" class=\"attachment-full size-full\" alt=\"\" srcset=\"https:\/\/www.supercars.net\/blog\/wp-content\/uploads\/2014\/04\/0226.jpg 920w, https:\/\/www.supercars.net\/blog\/wp-content\/uploads\/2014\/04\/0226-300x200.jpg 300w, https:\/\/www.supercars.net\/blog\/wp-content\/uploads\/2014\/04\/0226-100x67.jpg 100w, https:\/\/www.supercars.net\/blog\/wp-content\/uploads\/2014\/04\/0226-770x512.jpg 770w, https:\/\/www.supercars.net\/blog\/wp-content\/uploads\/2014\/04\/0226-360x240.jpg 360w, https:\/\/www.supercars.net\/blog\/wp-content\/uploads\/2014\/04\/0226-370x247.jpg 370w, https:\/\/www.supercars.net\/blog\/wp-content\/uploads\/2014\/04\/0226-293x195.jpg 293w\" sizes=\"(max-width: 920px) 100vw, 920px\" \/><\/a>\n\t\t\t\t<\/a>\n            <\/div>\n                <div class='wp-caption-text gallery-caption'>\n                Tour Auto Rally 2014\n                <\/div><\/figure><figure class='gallery-item'>\n            <div class='gallery-icon landscape'>\n                <a href='https:\/\/www.supercars.net\/blog\/wp-content\/uploads\/2014\/04\/0227.jpg' class='tipi-lightbox'>\n\t\t\t\t<a href='https:\/\/www.supercars.net\/blog\/wp-content\/uploads\/2014\/04\/0227.jpg'><img decoding=\"async\" width=\"920\" height=\"612\" src=\"https:\/\/www.supercars.net\/blog\/wp-content\/uploads\/2014\/04\/0227.jpg\" class=\"attachment-full size-full\" alt=\"\" srcset=\"https:\/\/www.supercars.net\/blog\/wp-content\/uploads\/2014\/04\/0227.jpg 920w, https:\/\/www.supercars.net\/blog\/wp-content\/uploads\/2014\/04\/0227-300x200.jpg 300w, https:\/\/www.supercars.net\/blog\/wp-content\/uploads\/2014\/04\/0227-100x67.jpg 100w, https:\/\/www.supercars.net\/blog\/wp-content\/uploads\/2014\/04\/0227-770x512.jpg 770w, https:\/\/www.supercars.net\/blog\/wp-content\/uploads\/2014\/04\/0227-360x240.jpg 360w, https:\/\/www.supercars.net\/blog\/wp-content\/uploads\/2014\/04\/0227-370x247.jpg 370w, https:\/\/www.supercars.net\/blog\/wp-content\/uploads\/2014\/04\/0227-293x195.jpg 293w\" sizes=\"(max-width: 920px) 100vw, 920px\" \/><\/a>\n\t\t\t\t<\/a>\n            <\/div>\n                <div class='wp-caption-text gallery-caption'>\n                Tour Auto Rally 2014\n                <\/div><\/figure><figure class='gallery-item'>\n            <div class='gallery-icon landscape'>\n                <a href='https:\/\/www.supercars.net\/blog\/wp-content\/uploads\/2014\/04\/0228.jpg' class='tipi-lightbox'>\n\t\t\t\t<a href='https:\/\/www.supercars.net\/blog\/wp-content\/uploads\/2014\/04\/0228.jpg'><img decoding=\"async\" width=\"920\" height=\"612\" src=\"https:\/\/www.supercars.net\/blog\/wp-content\/uploads\/2014\/04\/0228.jpg\" class=\"attachment-full size-full\" alt=\"\" srcset=\"https:\/\/www.supercars.net\/blog\/wp-content\/uploads\/2014\/04\/0228.jpg 920w, https:\/\/www.supercars.net\/blog\/wp-content\/uploads\/2014\/04\/0228-300x200.jpg 300w, https:\/\/www.supercars.net\/blog\/wp-content\/uploads\/2014\/04\/0228-100x67.jpg 100w, https:\/\/www.supercars.net\/blog\/wp-content\/uploads\/2014\/04\/0228-770x512.jpg 770w, https:\/\/www.supercars.net\/blog\/wp-content\/uploads\/2014\/04\/0228-360x240.jpg 360w, https:\/\/www.supercars.net\/blog\/wp-content\/uploads\/2014\/04\/0228-370x247.jpg 370w, https:\/\/www.supercars.net\/blog\/wp-content\/uploads\/2014\/04\/0228-293x195.jpg 293w\" sizes=\"(max-width: 920px) 100vw, 920px\" \/><\/a>\n\t\t\t\t<\/a>\n            <\/div>\n                <div class='wp-caption-text gallery-caption'>\n                Tour Auto Rally 2014\n                <\/div><\/figure><figure class='gallery-item'>\n            <div class='gallery-icon landscape'>\n                <a href='https:\/\/www.supercars.net\/blog\/wp-content\/uploads\/2014\/04\/0229.jpg' class='tipi-lightbox'>\n\t\t\t\t<a href='https:\/\/www.supercars.net\/blog\/wp-content\/uploads\/2014\/04\/0229.jpg'><img decoding=\"async\" width=\"920\" height=\"612\" src=\"https:\/\/www.supercars.net\/blog\/wp-content\/uploads\/2014\/04\/0229.jpg\" class=\"attachment-full size-full\" alt=\"\" srcset=\"https:\/\/www.supercars.net\/blog\/wp-content\/uploads\/2014\/04\/0229.jpg 920w, https:\/\/www.supercars.net\/blog\/wp-content\/uploads\/2014\/04\/0229-300x200.jpg 300w, https:\/\/www.supercars.net\/blog\/wp-content\/uploads\/2014\/04\/0229-100x67.jpg 100w, https:\/\/www.supercars.net\/blog\/wp-content\/uploads\/2014\/04\/0229-770x512.jpg 770w, https:\/\/www.supercars.net\/blog\/wp-content\/uploads\/2014\/04\/0229-360x240.jpg 360w, https:\/\/www.supercars.net\/blog\/wp-content\/uploads\/2014\/04\/0229-370x247.jpg 370w, https:\/\/www.supercars.net\/blog\/wp-content\/uploads\/2014\/04\/0229-293x195.jpg 293w\" sizes=\"(max-width: 920px) 100vw, 920px\" \/><\/a>\n\t\t\t\t<\/a>\n            <\/div>\n                <div class='wp-caption-text gallery-caption'>\n                Tour Auto Rally 2014\n                <\/div><\/figure><figure class='gallery-item'>\n            <div class='gallery-icon landscape'>\n                <a href='https:\/\/www.supercars.net\/blog\/wp-content\/uploads\/2014\/04\/0230.jpg' class='tipi-lightbox'>\n\t\t\t\t<a href='https:\/\/www.supercars.net\/blog\/wp-content\/uploads\/2014\/04\/0230.jpg'><img decoding=\"async\" width=\"920\" height=\"612\" src=\"https:\/\/www.supercars.net\/blog\/wp-content\/uploads\/2014\/04\/0230.jpg\" class=\"attachment-full size-full\" alt=\"\" srcset=\"https:\/\/www.supercars.net\/blog\/wp-content\/uploads\/2014\/04\/0230.jpg 920w, https:\/\/www.supercars.net\/blog\/wp-content\/uploads\/2014\/04\/0230-300x200.jpg 300w, https:\/\/www.supercars.net\/blog\/wp-content\/uploads\/2014\/04\/0230-100x67.jpg 100w, https:\/\/www.supercars.net\/blog\/wp-content\/uploads\/2014\/04\/0230-770x512.jpg 770w, https:\/\/www.supercars.net\/blog\/wp-content\/uploads\/2014\/04\/0230-360x240.jpg 360w, https:\/\/www.supercars.net\/blog\/wp-content\/uploads\/2014\/04\/0230-370x247.jpg 370w, https:\/\/www.supercars.net\/blog\/wp-content\/uploads\/2014\/04\/0230-293x195.jpg 293w\" sizes=\"(max-width: 920px) 100vw, 920px\" \/><\/a>\n\t\t\t\t<\/a>\n            <\/div>\n                <div class='wp-caption-text gallery-caption'>\n                1961 Mercedes-Benz 190 SL\n                <\/div><\/figure><figure class='gallery-item'>\n            <div class='gallery-icon landscape'>\n                <a href='https:\/\/www.supercars.net\/blog\/wp-content\/uploads\/2014\/04\/0231.jpg' class='tipi-lightbox'>\n\t\t\t\t<a href='https:\/\/www.supercars.net\/blog\/wp-content\/uploads\/2014\/04\/0231.jpg'><img decoding=\"async\" width=\"920\" height=\"612\" src=\"https:\/\/www.supercars.net\/blog\/wp-content\/uploads\/2014\/04\/0231.jpg\" class=\"attachment-full size-full\" alt=\"\" srcset=\"https:\/\/www.supercars.net\/blog\/wp-content\/uploads\/2014\/04\/0231.jpg 920w, https:\/\/www.supercars.net\/blog\/wp-content\/uploads\/2014\/04\/0231-300x200.jpg 300w, https:\/\/www.supercars.net\/blog\/wp-content\/uploads\/2014\/04\/0231-100x67.jpg 100w, https:\/\/www.supercars.net\/blog\/wp-content\/uploads\/2014\/04\/0231-770x512.jpg 770w, https:\/\/www.supercars.net\/blog\/wp-content\/uploads\/2014\/04\/0231-360x240.jpg 360w, https:\/\/www.supercars.net\/blog\/wp-content\/uploads\/2014\/04\/0231-370x247.jpg 370w, https:\/\/www.supercars.net\/blog\/wp-content\/uploads\/2014\/04\/0231-293x195.jpg 293w\" sizes=\"(max-width: 920px) 100vw, 920px\" \/><\/a>\n\t\t\t\t<\/a>\n            <\/div>\n                <div class='wp-caption-text gallery-caption'>\n                Tour Auto Rally 2014\n                <\/div><\/figure><figure class='gallery-item'>\n            <div class='gallery-icon landscape'>\n                <a href='https:\/\/www.supercars.net\/blog\/wp-content\/uploads\/2014\/04\/0232.jpg' class='tipi-lightbox'>\n\t\t\t\t<a href='https:\/\/www.supercars.net\/blog\/wp-content\/uploads\/2014\/04\/0232.jpg'><img decoding=\"async\" width=\"920\" height=\"448\" src=\"https:\/\/www.supercars.net\/blog\/wp-content\/uploads\/2014\/04\/0232.jpg\" class=\"attachment-full size-full\" alt=\"\" srcset=\"https:\/\/www.supercars.net\/blog\/wp-content\/uploads\/2014\/04\/0232.jpg 920w, https:\/\/www.supercars.net\/blog\/wp-content\/uploads\/2014\/04\/0232-300x146.jpg 300w, https:\/\/www.supercars.net\/blog\/wp-content\/uploads\/2014\/04\/0232-100x49.jpg 100w, https:\/\/www.supercars.net\/blog\/wp-content\/uploads\/2014\/04\/0232-770x375.jpg 770w, https:\/\/www.supercars.net\/blog\/wp-content\/uploads\/2014\/04\/0232-293x143.jpg 293w\" sizes=\"(max-width: 920px) 100vw, 920px\" \/><\/a>\n\t\t\t\t<\/a>\n            <\/div>\n                <div class='wp-caption-text gallery-caption'>\n                Tour Auto Rally 2014\n                <\/div><\/figure><figure class='gallery-item'>\n            <div class='gallery-icon landscape'>\n                <a href='https:\/\/www.supercars.net\/blog\/wp-content\/uploads\/2014\/04\/0233.jpg' class='tipi-lightbox'>\n\t\t\t\t<a href='https:\/\/www.supercars.net\/blog\/wp-content\/uploads\/2014\/04\/0233.jpg'><img decoding=\"async\" width=\"920\" height=\"612\" src=\"https:\/\/www.supercars.net\/blog\/wp-content\/uploads\/2014\/04\/0233.jpg\" class=\"attachment-full size-full\" alt=\"\" srcset=\"https:\/\/www.supercars.net\/blog\/wp-content\/uploads\/2014\/04\/0233.jpg 920w, https:\/\/www.supercars.net\/blog\/wp-content\/uploads\/2014\/04\/0233-300x200.jpg 300w, https:\/\/www.supercars.net\/blog\/wp-content\/uploads\/2014\/04\/0233-100x67.jpg 100w, https:\/\/www.supercars.net\/blog\/wp-content\/uploads\/2014\/04\/0233-770x512.jpg 770w, https:\/\/www.supercars.net\/blog\/wp-content\/uploads\/2014\/04\/0233-360x240.jpg 360w, https:\/\/www.supercars.net\/blog\/wp-content\/uploads\/2014\/04\/0233-370x247.jpg 370w, https:\/\/www.supercars.net\/blog\/wp-content\/uploads\/2014\/04\/0233-293x195.jpg 293w\" sizes=\"(max-width: 920px) 100vw, 920px\" \/><\/a>\n\t\t\t\t<\/a>\n            <\/div>\n                <div class='wp-caption-text gallery-caption'>\n                1979 Ferrari 308 Gr. IV Michelotto\n                <\/div><\/figure><figure class='gallery-item'>\n            <div class='gallery-icon landscape'>\n                <a href='https:\/\/www.supercars.net\/blog\/wp-content\/uploads\/2014\/04\/0234.jpg' class='tipi-lightbox'>\n\t\t\t\t<a href='https:\/\/www.supercars.net\/blog\/wp-content\/uploads\/2014\/04\/0234.jpg'><img decoding=\"async\" width=\"920\" height=\"612\" src=\"https:\/\/www.supercars.net\/blog\/wp-content\/uploads\/2014\/04\/0234.jpg\" class=\"attachment-full size-full\" alt=\"\" srcset=\"https:\/\/www.supercars.net\/blog\/wp-content\/uploads\/2014\/04\/0234.jpg 920w, https:\/\/www.supercars.net\/blog\/wp-content\/uploads\/2014\/04\/0234-300x200.jpg 300w, https:\/\/www.supercars.net\/blog\/wp-content\/uploads\/2014\/04\/0234-100x67.jpg 100w, https:\/\/www.supercars.net\/blog\/wp-content\/uploads\/2014\/04\/0234-770x512.jpg 770w, https:\/\/www.supercars.net\/blog\/wp-content\/uploads\/2014\/04\/0234-360x240.jpg 360w, https:\/\/www.supercars.net\/blog\/wp-content\/uploads\/2014\/04\/0234-370x247.jpg 370w, https:\/\/www.supercars.net\/blog\/wp-content\/uploads\/2014\/04\/0234-293x195.jpg 293w\" sizes=\"(max-width: 920px) 100vw, 920px\" \/><\/a>\n\t\t\t\t<\/a>\n            <\/div>\n                <div class='wp-caption-text gallery-caption'>\n                Tour Auto Rally 2014\n                <\/div><\/figure><figure class='gallery-item'>\n            <div class='gallery-icon landscape'>\n                <a href='https:\/\/www.supercars.net\/blog\/wp-content\/uploads\/2014\/04\/0235.jpg' class='tipi-lightbox'>\n\t\t\t\t<a href='https:\/\/www.supercars.net\/blog\/wp-content\/uploads\/2014\/04\/0235.jpg'><img decoding=\"async\" width=\"920\" height=\"612\" src=\"https:\/\/www.supercars.net\/blog\/wp-content\/uploads\/2014\/04\/0235.jpg\" class=\"attachment-full size-full\" alt=\"\" srcset=\"https:\/\/www.supercars.net\/blog\/wp-content\/uploads\/2014\/04\/0235.jpg 920w, https:\/\/www.supercars.net\/blog\/wp-content\/uploads\/2014\/04\/0235-300x200.jpg 300w, https:\/\/www.supercars.net\/blog\/wp-content\/uploads\/2014\/04\/0235-100x67.jpg 100w, https:\/\/www.supercars.net\/blog\/wp-content\/uploads\/2014\/04\/0235-770x512.jpg 770w, https:\/\/www.supercars.net\/blog\/wp-content\/uploads\/2014\/04\/0235-360x240.jpg 360w, https:\/\/www.supercars.net\/blog\/wp-content\/uploads\/2014\/04\/0235-370x247.jpg 370w, https:\/\/www.supercars.net\/blog\/wp-content\/uploads\/2014\/04\/0235-293x195.jpg 293w\" sizes=\"(max-width: 920px) 100vw, 920px\" \/><\/a>\n\t\t\t\t<\/a>\n            <\/div>\n                <div class='wp-caption-text gallery-caption'>\n                Tour Auto Rally 2014\n                <\/div><\/figure><figure class='gallery-item'>\n            <div class='gallery-icon landscape'>\n                <a href='https:\/\/www.supercars.net\/blog\/wp-content\/uploads\/2014\/04\/0236.jpg' class='tipi-lightbox'>\n\t\t\t\t<a href='https:\/\/www.supercars.net\/blog\/wp-content\/uploads\/2014\/04\/0236.jpg'><img decoding=\"async\" width=\"920\" height=\"612\" src=\"https:\/\/www.supercars.net\/blog\/wp-content\/uploads\/2014\/04\/0236.jpg\" class=\"attachment-full size-full\" alt=\"\" srcset=\"https:\/\/www.supercars.net\/blog\/wp-content\/uploads\/2014\/04\/0236.jpg 920w, https:\/\/www.supercars.net\/blog\/wp-content\/uploads\/2014\/04\/0236-300x200.jpg 300w, https:\/\/www.supercars.net\/blog\/wp-content\/uploads\/2014\/04\/0236-100x67.jpg 100w, https:\/\/www.supercars.net\/blog\/wp-content\/uploads\/2014\/04\/0236-770x512.jpg 770w, https:\/\/www.supercars.net\/blog\/wp-content\/uploads\/2014\/04\/0236-360x240.jpg 360w, https:\/\/www.supercars.net\/blog\/wp-content\/uploads\/2014\/04\/0236-370x247.jpg 370w, https:\/\/www.supercars.net\/blog\/wp-content\/uploads\/2014\/04\/0236-293x195.jpg 293w\" sizes=\"(max-width: 920px) 100vw, 920px\" \/><\/a>\n\t\t\t\t<\/a>\n            <\/div>\n                <div class='wp-caption-text gallery-caption'>\n                Tour Auto Rally 2014\n                <\/div><\/figure><figure class='gallery-item'>\n            <div class='gallery-icon landscape'>\n                <a href='https:\/\/www.supercars.net\/blog\/wp-content\/uploads\/2014\/04\/0237.jpg' class='tipi-lightbox'>\n\t\t\t\t<a href='https:\/\/www.supercars.net\/blog\/wp-content\/uploads\/2014\/04\/0237.jpg'><img decoding=\"async\" width=\"920\" height=\"612\" src=\"https:\/\/www.supercars.net\/blog\/wp-content\/uploads\/2014\/04\/0237.jpg\" class=\"attachment-full size-full\" alt=\"\" srcset=\"https:\/\/www.supercars.net\/blog\/wp-content\/uploads\/2014\/04\/0237.jpg 920w, https:\/\/www.supercars.net\/blog\/wp-content\/uploads\/2014\/04\/0237-300x200.jpg 300w, https:\/\/www.supercars.net\/blog\/wp-content\/uploads\/2014\/04\/0237-100x67.jpg 100w, https:\/\/www.supercars.net\/blog\/wp-content\/uploads\/2014\/04\/0237-770x512.jpg 770w, https:\/\/www.supercars.net\/blog\/wp-content\/uploads\/2014\/04\/0237-360x240.jpg 360w, https:\/\/www.supercars.net\/blog\/wp-content\/uploads\/2014\/04\/0237-370x247.jpg 370w, https:\/\/www.supercars.net\/blog\/wp-content\/uploads\/2014\/04\/0237-293x195.jpg 293w\" sizes=\"(max-width: 920px) 100vw, 920px\" \/><\/a>\n\t\t\t\t<\/a>\n            <\/div>\n                <div class='wp-caption-text gallery-caption'>\n                1960 Ferrari 250 GT SWB Berlinetta\n                <\/div><\/figure><figure class='gallery-item'>\n            <div class='gallery-icon landscape'>\n                <a href='https:\/\/www.supercars.net\/blog\/wp-content\/uploads\/2014\/04\/0238.jpg' class='tipi-lightbox'>\n\t\t\t\t<a href='https:\/\/www.supercars.net\/blog\/wp-content\/uploads\/2014\/04\/0238.jpg'><img decoding=\"async\" width=\"920\" height=\"612\" src=\"https:\/\/www.supercars.net\/blog\/wp-content\/uploads\/2014\/04\/0238.jpg\" class=\"attachment-full size-full\" alt=\"\" srcset=\"https:\/\/www.supercars.net\/blog\/wp-content\/uploads\/2014\/04\/0238.jpg 920w, https:\/\/www.supercars.net\/blog\/wp-content\/uploads\/2014\/04\/0238-300x200.jpg 300w, https:\/\/www.supercars.net\/blog\/wp-content\/uploads\/2014\/04\/0238-100x67.jpg 100w, https:\/\/www.supercars.net\/blog\/wp-content\/uploads\/2014\/04\/0238-770x512.jpg 770w, https:\/\/www.supercars.net\/blog\/wp-content\/uploads\/2014\/04\/0238-360x240.jpg 360w, https:\/\/www.supercars.net\/blog\/wp-content\/uploads\/2014\/04\/0238-370x247.jpg 370w, https:\/\/www.supercars.net\/blog\/wp-content\/uploads\/2014\/04\/0238-293x195.jpg 293w\" sizes=\"(max-width: 920px) 100vw, 920px\" \/><\/a>\n\t\t\t\t<\/a>\n            <\/div>\n                <div class='wp-caption-text gallery-caption'>\n                Tour Auto Rally 2014\n                <\/div><\/figure><figure class='gallery-item'>\n            <div class='gallery-icon landscape'>\n                <a href='https:\/\/www.supercars.net\/blog\/wp-content\/uploads\/2014\/04\/0239.jpg' class='tipi-lightbox'>\n\t\t\t\t<a href='https:\/\/www.supercars.net\/blog\/wp-content\/uploads\/2014\/04\/0239.jpg'><img decoding=\"async\" width=\"920\" height=\"612\" src=\"https:\/\/www.supercars.net\/blog\/wp-content\/uploads\/2014\/04\/0239.jpg\" class=\"attachment-full size-full\" alt=\"\" srcset=\"https:\/\/www.supercars.net\/blog\/wp-content\/uploads\/2014\/04\/0239.jpg 920w, https:\/\/www.supercars.net\/blog\/wp-content\/uploads\/2014\/04\/0239-300x200.jpg 300w, https:\/\/www.supercars.net\/blog\/wp-content\/uploads\/2014\/04\/0239-100x67.jpg 100w, https:\/\/www.supercars.net\/blog\/wp-content\/uploads\/2014\/04\/0239-770x512.jpg 770w, https:\/\/www.supercars.net\/blog\/wp-content\/uploads\/2014\/04\/0239-360x240.jpg 360w, https:\/\/www.supercars.net\/blog\/wp-content\/uploads\/2014\/04\/0239-370x247.jpg 370w, https:\/\/www.supercars.net\/blog\/wp-content\/uploads\/2014\/04\/0239-293x195.jpg 293w\" sizes=\"(max-width: 920px) 100vw, 920px\" \/><\/a>\n\t\t\t\t<\/a>\n            <\/div>\n                <div class='wp-caption-text gallery-caption'>\n                1965 Porsche 911\n                <\/div><\/figure><figure class='gallery-item'>\n            <div class='gallery-icon landscape'>\n                <a href='https:\/\/www.supercars.net\/blog\/wp-content\/uploads\/2014\/04\/0240.jpg' class='tipi-lightbox'>\n\t\t\t\t<a href='https:\/\/www.supercars.net\/blog\/wp-content\/uploads\/2014\/04\/0240.jpg'><img decoding=\"async\" width=\"920\" height=\"612\" src=\"https:\/\/www.supercars.net\/blog\/wp-content\/uploads\/2014\/04\/0240.jpg\" class=\"attachment-full size-full\" alt=\"\" srcset=\"https:\/\/www.supercars.net\/blog\/wp-content\/uploads\/2014\/04\/0240.jpg 920w, https:\/\/www.supercars.net\/blog\/wp-content\/uploads\/2014\/04\/0240-300x200.jpg 300w, https:\/\/www.supercars.net\/blog\/wp-content\/uploads\/2014\/04\/0240-100x67.jpg 100w, https:\/\/www.supercars.net\/blog\/wp-content\/uploads\/2014\/04\/0240-770x512.jpg 770w, https:\/\/www.supercars.net\/blog\/wp-content\/uploads\/2014\/04\/0240-360x240.jpg 360w, https:\/\/www.supercars.net\/blog\/wp-content\/uploads\/2014\/04\/0240-370x247.jpg 370w, https:\/\/www.supercars.net\/blog\/wp-content\/uploads\/2014\/04\/0240-293x195.jpg 293w\" sizes=\"(max-width: 920px) 100vw, 920px\" \/><\/a>\n\t\t\t\t<\/a>\n            <\/div>\n                <div class='wp-caption-text gallery-caption'>\n                Tour Auto Rally 2014\n                <\/div><\/figure><figure class='gallery-item'>\n            <div class='gallery-icon landscape'>\n                <a href='https:\/\/www.supercars.net\/blog\/wp-content\/uploads\/2014\/04\/0241.jpg' class='tipi-lightbox'>\n\t\t\t\t<a href='https:\/\/www.supercars.net\/blog\/wp-content\/uploads\/2014\/04\/0241.jpg'><img decoding=\"async\" width=\"920\" height=\"612\" src=\"https:\/\/www.supercars.net\/blog\/wp-content\/uploads\/2014\/04\/0241.jpg\" class=\"attachment-full size-full\" alt=\"\" srcset=\"https:\/\/www.supercars.net\/blog\/wp-content\/uploads\/2014\/04\/0241.jpg 920w, https:\/\/www.supercars.net\/blog\/wp-content\/uploads\/2014\/04\/0241-300x200.jpg 300w, https:\/\/www.supercars.net\/blog\/wp-content\/uploads\/2014\/04\/0241-100x67.jpg 100w, https:\/\/www.supercars.net\/blog\/wp-content\/uploads\/2014\/04\/0241-770x512.jpg 770w, https:\/\/www.supercars.net\/blog\/wp-content\/uploads\/2014\/04\/0241-360x240.jpg 360w, https:\/\/www.supercars.net\/blog\/wp-content\/uploads\/2014\/04\/0241-370x247.jpg 370w, https:\/\/www.supercars.net\/blog\/wp-content\/uploads\/2014\/04\/0241-293x195.jpg 293w\" sizes=\"(max-width: 920px) 100vw, 920px\" \/><\/a>\n\t\t\t\t<\/a>\n            <\/div>\n                <div class='wp-caption-text gallery-caption'>\n                Tour Auto Rally 2014\n                <\/div><\/figure><figure class='gallery-item'>\n            <div class='gallery-icon landscape'>\n                <a href='https:\/\/www.supercars.net\/blog\/wp-content\/uploads\/2014\/04\/0242.jpg' class='tipi-lightbox'>\n\t\t\t\t<a href='https:\/\/www.supercars.net\/blog\/wp-content\/uploads\/2014\/04\/0242.jpg'><img decoding=\"async\" width=\"920\" height=\"612\" src=\"https:\/\/www.supercars.net\/blog\/wp-content\/uploads\/2014\/04\/0242.jpg\" class=\"attachment-full size-full\" alt=\"\" srcset=\"https:\/\/www.supercars.net\/blog\/wp-content\/uploads\/2014\/04\/0242.jpg 920w, https:\/\/www.supercars.net\/blog\/wp-content\/uploads\/2014\/04\/0242-300x200.jpg 300w, https:\/\/www.supercars.net\/blog\/wp-content\/uploads\/2014\/04\/0242-100x67.jpg 100w, https:\/\/www.supercars.net\/blog\/wp-content\/uploads\/2014\/04\/0242-770x512.jpg 770w, https:\/\/www.supercars.net\/blog\/wp-content\/uploads\/2014\/04\/0242-360x240.jpg 360w, https:\/\/www.supercars.net\/blog\/wp-content\/uploads\/2014\/04\/0242-370x247.jpg 370w, https:\/\/www.supercars.net\/blog\/wp-content\/uploads\/2014\/04\/0242-293x195.jpg 293w\" sizes=\"(max-width: 920px) 100vw, 920px\" \/><\/a>\n\t\t\t\t<\/a>\n            <\/div>\n                <div class='wp-caption-text gallery-caption'>\n                Tour Auto Rally 2014\n                <\/div><\/figure><figure class='gallery-item'>\n            <div class='gallery-icon landscape'>\n                <a href='https:\/\/www.supercars.net\/blog\/wp-content\/uploads\/2014\/04\/0243.jpg' class='tipi-lightbox'>\n\t\t\t\t<a href='https:\/\/www.supercars.net\/blog\/wp-content\/uploads\/2014\/04\/0243.jpg'><img decoding=\"async\" width=\"920\" height=\"612\" src=\"https:\/\/www.supercars.net\/blog\/wp-content\/uploads\/2014\/04\/0243.jpg\" class=\"attachment-full size-full\" alt=\"\" srcset=\"https:\/\/www.supercars.net\/blog\/wp-content\/uploads\/2014\/04\/0243.jpg 920w, https:\/\/www.supercars.net\/blog\/wp-content\/uploads\/2014\/04\/0243-300x200.jpg 300w, https:\/\/www.supercars.net\/blog\/wp-content\/uploads\/2014\/04\/0243-100x67.jpg 100w, https:\/\/www.supercars.net\/blog\/wp-content\/uploads\/2014\/04\/0243-770x512.jpg 770w, https:\/\/www.supercars.net\/blog\/wp-content\/uploads\/2014\/04\/0243-360x240.jpg 360w, https:\/\/www.supercars.net\/blog\/wp-content\/uploads\/2014\/04\/0243-370x247.jpg 370w, https:\/\/www.supercars.net\/blog\/wp-content\/uploads\/2014\/04\/0243-293x195.jpg 293w\" sizes=\"(max-width: 920px) 100vw, 920px\" \/><\/a>\n\t\t\t\t<\/a>\n            <\/div>\n                <div class='wp-caption-text gallery-caption'>\n                1973 Porsche 911 Carrera RS 2.7\n                <\/div><\/figure><figure class='gallery-item'>\n            <div class='gallery-icon landscape'>\n                <a href='https:\/\/www.supercars.net\/blog\/wp-content\/uploads\/2014\/04\/0244.jpg' class='tipi-lightbox'>\n\t\t\t\t<a href='https:\/\/www.supercars.net\/blog\/wp-content\/uploads\/2014\/04\/0244.jpg'><img decoding=\"async\" width=\"920\" height=\"612\" src=\"https:\/\/www.supercars.net\/blog\/wp-content\/uploads\/2014\/04\/0244.jpg\" class=\"attachment-full size-full\" alt=\"\" srcset=\"https:\/\/www.supercars.net\/blog\/wp-content\/uploads\/2014\/04\/0244.jpg 920w, https:\/\/www.supercars.net\/blog\/wp-content\/uploads\/2014\/04\/0244-300x200.jpg 300w, https:\/\/www.supercars.net\/blog\/wp-content\/uploads\/2014\/04\/0244-100x67.jpg 100w, https:\/\/www.supercars.net\/blog\/wp-content\/uploads\/2014\/04\/0244-770x512.jpg 770w, https:\/\/www.supercars.net\/blog\/wp-content\/uploads\/2014\/04\/0244-360x240.jpg 360w, https:\/\/www.supercars.net\/blog\/wp-content\/uploads\/2014\/04\/0244-370x247.jpg 370w, https:\/\/www.supercars.net\/blog\/wp-content\/uploads\/2014\/04\/0244-293x195.jpg 293w\" sizes=\"(max-width: 920px) 100vw, 920px\" \/><\/a>\n\t\t\t\t<\/a>\n            <\/div>\n                <div class='wp-caption-text gallery-caption'>\n                Tour Auto Rally 2014\n                <\/div><\/figure><figure class='gallery-item'>\n            <div class='gallery-icon landscape'>\n                <a href='https:\/\/www.supercars.net\/blog\/wp-content\/uploads\/2014\/04\/0245.jpg' class='tipi-lightbox'>\n\t\t\t\t<a href='https:\/\/www.supercars.net\/blog\/wp-content\/uploads\/2014\/04\/0245.jpg'><img decoding=\"async\" width=\"920\" height=\"612\" src=\"https:\/\/www.supercars.net\/blog\/wp-content\/uploads\/2014\/04\/0245.jpg\" class=\"attachment-full size-full\" alt=\"\" srcset=\"https:\/\/www.supercars.net\/blog\/wp-content\/uploads\/2014\/04\/0245.jpg 920w, https:\/\/www.supercars.net\/blog\/wp-content\/uploads\/2014\/04\/0245-300x200.jpg 300w, https:\/\/www.supercars.net\/blog\/wp-content\/uploads\/2014\/04\/0245-100x67.jpg 100w, https:\/\/www.supercars.net\/blog\/wp-content\/uploads\/2014\/04\/0245-770x512.jpg 770w, https:\/\/www.supercars.net\/blog\/wp-content\/uploads\/2014\/04\/0245-360x240.jpg 360w, https:\/\/www.supercars.net\/blog\/wp-content\/uploads\/2014\/04\/0245-370x247.jpg 370w, https:\/\/www.supercars.net\/blog\/wp-content\/uploads\/2014\/04\/0245-293x195.jpg 293w\" sizes=\"(max-width: 920px) 100vw, 920px\" \/><\/a>\n\t\t\t\t<\/a>\n            <\/div>\n                <div class='wp-caption-text gallery-caption'>\n                Tour Auto Rally 2014\n                <\/div><\/figure><figure class='gallery-item'>\n            <div class='gallery-icon landscape'>\n                <a href='https:\/\/www.supercars.net\/blog\/wp-content\/uploads\/2014\/04\/0246.jpg' class='tipi-lightbox'>\n\t\t\t\t<a href='https:\/\/www.supercars.net\/blog\/wp-content\/uploads\/2014\/04\/0246.jpg'><img decoding=\"async\" width=\"920\" height=\"612\" src=\"https:\/\/www.supercars.net\/blog\/wp-content\/uploads\/2014\/04\/0246.jpg\" class=\"attachment-full size-full\" alt=\"\" srcset=\"https:\/\/www.supercars.net\/blog\/wp-content\/uploads\/2014\/04\/0246.jpg 920w, https:\/\/www.supercars.net\/blog\/wp-content\/uploads\/2014\/04\/0246-300x200.jpg 300w, https:\/\/www.supercars.net\/blog\/wp-content\/uploads\/2014\/04\/0246-100x67.jpg 100w, https:\/\/www.supercars.net\/blog\/wp-content\/uploads\/2014\/04\/0246-770x512.jpg 770w, https:\/\/www.supercars.net\/blog\/wp-content\/uploads\/2014\/04\/0246-360x240.jpg 360w, https:\/\/www.supercars.net\/blog\/wp-content\/uploads\/2014\/04\/0246-370x247.jpg 370w, https:\/\/www.supercars.net\/blog\/wp-content\/uploads\/2014\/04\/0246-293x195.jpg 293w\" sizes=\"(max-width: 920px) 100vw, 920px\" \/><\/a>\n\t\t\t\t<\/a>\n            <\/div>\n                <div class='wp-caption-text gallery-caption'>\n                Tour Auto Rally 2014\n                <\/div><\/figure><figure class='gallery-item'>\n            <div class='gallery-icon landscape'>\n                <a href='https:\/\/www.supercars.net\/blog\/wp-content\/uploads\/2014\/04\/0247.jpg' class='tipi-lightbox'>\n\t\t\t\t<a href='https:\/\/www.supercars.net\/blog\/wp-content\/uploads\/2014\/04\/0247.jpg'><img decoding=\"async\" width=\"920\" height=\"612\" src=\"https:\/\/www.supercars.net\/blog\/wp-content\/uploads\/2014\/04\/0247.jpg\" class=\"attachment-full size-full\" alt=\"\" srcset=\"https:\/\/www.supercars.net\/blog\/wp-content\/uploads\/2014\/04\/0247.jpg 920w, https:\/\/www.supercars.net\/blog\/wp-content\/uploads\/2014\/04\/0247-300x200.jpg 300w, https:\/\/www.supercars.net\/blog\/wp-content\/uploads\/2014\/04\/0247-100x67.jpg 100w, https:\/\/www.supercars.net\/blog\/wp-content\/uploads\/2014\/04\/0247-770x512.jpg 770w, https:\/\/www.supercars.net\/blog\/wp-content\/uploads\/2014\/04\/0247-360x240.jpg 360w, https:\/\/www.supercars.net\/blog\/wp-content\/uploads\/2014\/04\/0247-370x247.jpg 370w, https:\/\/www.supercars.net\/blog\/wp-content\/uploads\/2014\/04\/0247-293x195.jpg 293w\" sizes=\"(max-width: 920px) 100vw, 920px\" \/><\/a>\n\t\t\t\t<\/a>\n            <\/div>\n                <div class='wp-caption-text gallery-caption'>\n                Tour Auto Rally 2014\n                <\/div><\/figure><figure class='gallery-item'>\n            <div class='gallery-icon landscape'>\n                <a href='https:\/\/www.supercars.net\/blog\/wp-content\/uploads\/2014\/04\/0248.jpg' class='tipi-lightbox'>\n\t\t\t\t<a href='https:\/\/www.supercars.net\/blog\/wp-content\/uploads\/2014\/04\/0248.jpg'><img decoding=\"async\" width=\"920\" height=\"612\" src=\"https:\/\/www.supercars.net\/blog\/wp-content\/uploads\/2014\/04\/0248.jpg\" class=\"attachment-full size-full\" alt=\"\" srcset=\"https:\/\/www.supercars.net\/blog\/wp-content\/uploads\/2014\/04\/0248.jpg 920w, https:\/\/www.supercars.net\/blog\/wp-content\/uploads\/2014\/04\/0248-300x200.jpg 300w, https:\/\/www.supercars.net\/blog\/wp-content\/uploads\/2014\/04\/0248-100x67.jpg 100w, https:\/\/www.supercars.net\/blog\/wp-content\/uploads\/2014\/04\/0248-770x512.jpg 770w, https:\/\/www.supercars.net\/blog\/wp-content\/uploads\/2014\/04\/0248-360x240.jpg 360w, https:\/\/www.supercars.net\/blog\/wp-content\/uploads\/2014\/04\/0248-370x247.jpg 370w, https:\/\/www.supercars.net\/blog\/wp-content\/uploads\/2014\/04\/0248-293x195.jpg 293w\" sizes=\"(max-width: 920px) 100vw, 920px\" \/><\/a>\n\t\t\t\t<\/a>\n            <\/div>\n                <div class='wp-caption-text gallery-caption'>\n                1974 Porsche 911 Carrera RS 3.0\n                <\/div><\/figure><figure class='gallery-item'>\n            <div class='gallery-icon landscape'>\n                <a href='https:\/\/www.supercars.net\/blog\/wp-content\/uploads\/2014\/04\/0249.jpg' class='tipi-lightbox'>\n\t\t\t\t<a href='https:\/\/www.supercars.net\/blog\/wp-content\/uploads\/2014\/04\/0249.jpg'><img decoding=\"async\" width=\"920\" height=\"612\" src=\"https:\/\/www.supercars.net\/blog\/wp-content\/uploads\/2014\/04\/0249.jpg\" class=\"attachment-full size-full\" alt=\"\" srcset=\"https:\/\/www.supercars.net\/blog\/wp-content\/uploads\/2014\/04\/0249.jpg 920w, https:\/\/www.supercars.net\/blog\/wp-content\/uploads\/2014\/04\/0249-300x200.jpg 300w, https:\/\/www.supercars.net\/blog\/wp-content\/uploads\/2014\/04\/0249-100x67.jpg 100w, https:\/\/www.supercars.net\/blog\/wp-content\/uploads\/2014\/04\/0249-770x512.jpg 770w, https:\/\/www.supercars.net\/blog\/wp-content\/uploads\/2014\/04\/0249-360x240.jpg 360w, https:\/\/www.supercars.net\/blog\/wp-content\/uploads\/2014\/04\/0249-370x247.jpg 370w, https:\/\/www.supercars.net\/blog\/wp-content\/uploads\/2014\/04\/0249-293x195.jpg 293w\" sizes=\"(max-width: 920px) 100vw, 920px\" \/><\/a>\n\t\t\t\t<\/a>\n            <\/div>\n                <div class='wp-caption-text gallery-caption'>\n                1969 BMW 2800 CS\n                <\/div><\/figure><figure class='gallery-item'>\n            <div class='gallery-icon landscape'>\n                <a href='https:\/\/www.supercars.net\/blog\/wp-content\/uploads\/2014\/04\/0250.jpg' class='tipi-lightbox'>\n\t\t\t\t<a href='https:\/\/www.supercars.net\/blog\/wp-content\/uploads\/2014\/04\/0250.jpg'><img decoding=\"async\" width=\"920\" height=\"612\" src=\"https:\/\/www.supercars.net\/blog\/wp-content\/uploads\/2014\/04\/0250.jpg\" class=\"attachment-full size-full\" alt=\"\" srcset=\"https:\/\/www.supercars.net\/blog\/wp-content\/uploads\/2014\/04\/0250.jpg 920w, https:\/\/www.supercars.net\/blog\/wp-content\/uploads\/2014\/04\/0250-300x200.jpg 300w, https:\/\/www.supercars.net\/blog\/wp-content\/uploads\/2014\/04\/0250-100x67.jpg 100w, https:\/\/www.supercars.net\/blog\/wp-content\/uploads\/2014\/04\/0250-770x512.jpg 770w, https:\/\/www.supercars.net\/blog\/wp-content\/uploads\/2014\/04\/0250-360x240.jpg 360w, https:\/\/www.supercars.net\/blog\/wp-content\/uploads\/2014\/04\/0250-370x247.jpg 370w, https:\/\/www.supercars.net\/blog\/wp-content\/uploads\/2014\/04\/0250-293x195.jpg 293w\" sizes=\"(max-width: 920px) 100vw, 920px\" \/><\/a>\n\t\t\t\t<\/a>\n            <\/div>\n                <div class='wp-caption-text gallery-caption'>\n                Tour Auto Rally 2014\n                <\/div><\/figure><figure class='gallery-item'>\n            <div class='gallery-icon landscape'>\n                <a href='https:\/\/www.supercars.net\/blog\/wp-content\/uploads\/2014\/04\/0251.jpg' class='tipi-lightbox'>\n\t\t\t\t<a href='https:\/\/www.supercars.net\/blog\/wp-content\/uploads\/2014\/04\/0251.jpg'><img decoding=\"async\" width=\"920\" height=\"612\" src=\"https:\/\/www.supercars.net\/blog\/wp-content\/uploads\/2014\/04\/0251.jpg\" class=\"attachment-full size-full\" alt=\"\" srcset=\"https:\/\/www.supercars.net\/blog\/wp-content\/uploads\/2014\/04\/0251.jpg 920w, https:\/\/www.supercars.net\/blog\/wp-content\/uploads\/2014\/04\/0251-300x200.jpg 300w, https:\/\/www.supercars.net\/blog\/wp-content\/uploads\/2014\/04\/0251-100x67.jpg 100w, https:\/\/www.supercars.net\/blog\/wp-content\/uploads\/2014\/04\/0251-770x512.jpg 770w, https:\/\/www.supercars.net\/blog\/wp-content\/uploads\/2014\/04\/0251-360x240.jpg 360w, https:\/\/www.supercars.net\/blog\/wp-content\/uploads\/2014\/04\/0251-370x247.jpg 370w, https:\/\/www.supercars.net\/blog\/wp-content\/uploads\/2014\/04\/0251-293x195.jpg 293w\" sizes=\"(max-width: 920px) 100vw, 920px\" \/><\/a>\n\t\t\t\t<\/a>\n            <\/div>\n                <div class='wp-caption-text gallery-caption'>\n                Tour Auto Rally 2014\n                <\/div><\/figure><figure class='gallery-item'>\n            <div class='gallery-icon landscape'>\n                <a href='https:\/\/www.supercars.net\/blog\/wp-content\/uploads\/2014\/04\/0252.jpg' class='tipi-lightbox'>\n\t\t\t\t<a href='https:\/\/www.supercars.net\/blog\/wp-content\/uploads\/2014\/04\/0252.jpg'><img decoding=\"async\" width=\"920\" height=\"612\" src=\"https:\/\/www.supercars.net\/blog\/wp-content\/uploads\/2014\/04\/0252.jpg\" class=\"attachment-full size-full\" alt=\"\" srcset=\"https:\/\/www.supercars.net\/blog\/wp-content\/uploads\/2014\/04\/0252.jpg 920w, https:\/\/www.supercars.net\/blog\/wp-content\/uploads\/2014\/04\/0252-300x200.jpg 300w, https:\/\/www.supercars.net\/blog\/wp-content\/uploads\/2014\/04\/0252-100x67.jpg 100w, https:\/\/www.supercars.net\/blog\/wp-content\/uploads\/2014\/04\/0252-770x512.jpg 770w, https:\/\/www.supercars.net\/blog\/wp-content\/uploads\/2014\/04\/0252-360x240.jpg 360w, https:\/\/www.supercars.net\/blog\/wp-content\/uploads\/2014\/04\/0252-370x247.jpg 370w, https:\/\/www.supercars.net\/blog\/wp-content\/uploads\/2014\/04\/0252-293x195.jpg 293w\" sizes=\"(max-width: 920px) 100vw, 920px\" \/><\/a>\n\t\t\t\t<\/a>\n            <\/div>\n                <div class='wp-caption-text gallery-caption'>\n                1964 Ferrari 250 GT SWB Breadvan\n                <\/div><\/figure><figure class='gallery-item'>\n            <div class='gallery-icon landscape'>\n                <a href='https:\/\/www.supercars.net\/blog\/wp-content\/uploads\/2014\/04\/0253.jpg' class='tipi-lightbox'>\n\t\t\t\t<a href='https:\/\/www.supercars.net\/blog\/wp-content\/uploads\/2014\/04\/0253.jpg'><img decoding=\"async\" width=\"920\" height=\"612\" src=\"https:\/\/www.supercars.net\/blog\/wp-content\/uploads\/2014\/04\/0253.jpg\" class=\"attachment-full size-full\" alt=\"\" srcset=\"https:\/\/www.supercars.net\/blog\/wp-content\/uploads\/2014\/04\/0253.jpg 920w, https:\/\/www.supercars.net\/blog\/wp-content\/uploads\/2014\/04\/0253-300x200.jpg 300w, https:\/\/www.supercars.net\/blog\/wp-content\/uploads\/2014\/04\/0253-100x67.jpg 100w, https:\/\/www.supercars.net\/blog\/wp-content\/uploads\/2014\/04\/0253-770x512.jpg 770w, https:\/\/www.supercars.net\/blog\/wp-content\/uploads\/2014\/04\/0253-360x240.jpg 360w, https:\/\/www.supercars.net\/blog\/wp-content\/uploads\/2014\/04\/0253-370x247.jpg 370w, https:\/\/www.supercars.net\/blog\/wp-content\/uploads\/2014\/04\/0253-293x195.jpg 293w\" sizes=\"(max-width: 920px) 100vw, 920px\" \/><\/a>\n\t\t\t\t<\/a>\n            <\/div>\n                <div class='wp-caption-text gallery-caption'>\n                Tour Auto Rally 2014\n                <\/div><\/figure><figure class='gallery-item'>\n            <div class='gallery-icon landscape'>\n                <a href='https:\/\/www.supercars.net\/blog\/wp-content\/uploads\/2014\/04\/0254.jpg' class='tipi-lightbox'>\n\t\t\t\t<a href='https:\/\/www.supercars.net\/blog\/wp-content\/uploads\/2014\/04\/0254.jpg'><img decoding=\"async\" width=\"920\" height=\"468\" src=\"https:\/\/www.supercars.net\/blog\/wp-content\/uploads\/2014\/04\/0254.jpg\" class=\"attachment-full size-full\" alt=\"\" srcset=\"https:\/\/www.supercars.net\/blog\/wp-content\/uploads\/2014\/04\/0254.jpg 920w, https:\/\/www.supercars.net\/blog\/wp-content\/uploads\/2014\/04\/0254-300x153.jpg 300w, https:\/\/www.supercars.net\/blog\/wp-content\/uploads\/2014\/04\/0254-100x51.jpg 100w, https:\/\/www.supercars.net\/blog\/wp-content\/uploads\/2014\/04\/0254-770x392.jpg 770w, https:\/\/www.supercars.net\/blog\/wp-content\/uploads\/2014\/04\/0254-293x149.jpg 293w\" sizes=\"(max-width: 920px) 100vw, 920px\" \/><\/a>\n\t\t\t\t<\/a>\n            <\/div>\n                <div class='wp-caption-text gallery-caption'>\n                Tour Auto Rally 2014\n                <\/div><\/figure><figure class='gallery-item'>\n            <div class='gallery-icon landscape'>\n                <a href='https:\/\/www.supercars.net\/blog\/wp-content\/uploads\/2014\/04\/0255.jpg' class='tipi-lightbox'>\n\t\t\t\t<a href='https:\/\/www.supercars.net\/blog\/wp-content\/uploads\/2014\/04\/0255.jpg'><img decoding=\"async\" width=\"920\" height=\"612\" src=\"https:\/\/www.supercars.net\/blog\/wp-content\/uploads\/2014\/04\/0255.jpg\" class=\"attachment-full size-full\" alt=\"\" srcset=\"https:\/\/www.supercars.net\/blog\/wp-content\/uploads\/2014\/04\/0255.jpg 920w, https:\/\/www.supercars.net\/blog\/wp-content\/uploads\/2014\/04\/0255-300x200.jpg 300w, https:\/\/www.supercars.net\/blog\/wp-content\/uploads\/2014\/04\/0255-100x67.jpg 100w, https:\/\/www.supercars.net\/blog\/wp-content\/uploads\/2014\/04\/0255-770x512.jpg 770w, https:\/\/www.supercars.net\/blog\/wp-content\/uploads\/2014\/04\/0255-360x240.jpg 360w, https:\/\/www.supercars.net\/blog\/wp-content\/uploads\/2014\/04\/0255-370x247.jpg 370w, https:\/\/www.supercars.net\/blog\/wp-content\/uploads\/2014\/04\/0255-293x195.jpg 293w\" sizes=\"(max-width: 920px) 100vw, 920px\" \/><\/a>\n\t\t\t\t<\/a>\n            <\/div>\n                <div class='wp-caption-text gallery-caption'>\n                1963 Jaguar E-Type\n                <\/div><\/figure><figure class='gallery-item'>\n            <div class='gallery-icon landscape'>\n                <a href='https:\/\/www.supercars.net\/blog\/wp-content\/uploads\/2014\/04\/0256.jpg' class='tipi-lightbox'>\n\t\t\t\t<a href='https:\/\/www.supercars.net\/blog\/wp-content\/uploads\/2014\/04\/0256.jpg'><img decoding=\"async\" width=\"920\" height=\"612\" src=\"https:\/\/www.supercars.net\/blog\/wp-content\/uploads\/2014\/04\/0256.jpg\" class=\"attachment-full size-full\" alt=\"\" srcset=\"https:\/\/www.supercars.net\/blog\/wp-content\/uploads\/2014\/04\/0256.jpg 920w, https:\/\/www.supercars.net\/blog\/wp-content\/uploads\/2014\/04\/0256-300x200.jpg 300w, https:\/\/www.supercars.net\/blog\/wp-content\/uploads\/2014\/04\/0256-100x67.jpg 100w, https:\/\/www.supercars.net\/blog\/wp-content\/uploads\/2014\/04\/0256-770x512.jpg 770w, https:\/\/www.supercars.net\/blog\/wp-content\/uploads\/2014\/04\/0256-360x240.jpg 360w, https:\/\/www.supercars.net\/blog\/wp-content\/uploads\/2014\/04\/0256-370x247.jpg 370w, https:\/\/www.supercars.net\/blog\/wp-content\/uploads\/2014\/04\/0256-293x195.jpg 293w\" sizes=\"(max-width: 920px) 100vw, 920px\" \/><\/a>\n\t\t\t\t<\/a>\n            <\/div>\n                <div class='wp-caption-text gallery-caption'>\n                1966 Ferrari 275 GTB\n                <\/div><\/figure><figure class='gallery-item'>\n            <div class='gallery-icon landscape'>\n                <a href='https:\/\/www.supercars.net\/blog\/wp-content\/uploads\/2014\/04\/0257.jpg' class='tipi-lightbox'>\n\t\t\t\t<a href='https:\/\/www.supercars.net\/blog\/wp-content\/uploads\/2014\/04\/0257.jpg'><img decoding=\"async\" width=\"920\" height=\"612\" src=\"https:\/\/www.supercars.net\/blog\/wp-content\/uploads\/2014\/04\/0257.jpg\" class=\"attachment-full size-full\" alt=\"\" srcset=\"https:\/\/www.supercars.net\/blog\/wp-content\/uploads\/2014\/04\/0257.jpg 920w, https:\/\/www.supercars.net\/blog\/wp-content\/uploads\/2014\/04\/0257-300x200.jpg 300w, https:\/\/www.supercars.net\/blog\/wp-content\/uploads\/2014\/04\/0257-100x67.jpg 100w, https:\/\/www.supercars.net\/blog\/wp-content\/uploads\/2014\/04\/0257-770x512.jpg 770w, https:\/\/www.supercars.net\/blog\/wp-content\/uploads\/2014\/04\/0257-360x240.jpg 360w, https:\/\/www.supercars.net\/blog\/wp-content\/uploads\/2014\/04\/0257-370x247.jpg 370w, https:\/\/www.supercars.net\/blog\/wp-content\/uploads\/2014\/04\/0257-293x195.jpg 293w\" sizes=\"(max-width: 920px) 100vw, 920px\" \/><\/a>\n\t\t\t\t<\/a>\n            <\/div>\n                <div class='wp-caption-text gallery-caption'>\n                Tour Auto Rally 2014\n                <\/div><\/figure><figure class='gallery-item'>\n            <div class='gallery-icon landscape'>\n                <a href='https:\/\/www.supercars.net\/blog\/wp-content\/uploads\/2014\/04\/0258.jpg' class='tipi-lightbox'>\n\t\t\t\t<a href='https:\/\/www.supercars.net\/blog\/wp-content\/uploads\/2014\/04\/0258.jpg'><img decoding=\"async\" width=\"920\" height=\"612\" src=\"https:\/\/www.supercars.net\/blog\/wp-content\/uploads\/2014\/04\/0258.jpg\" class=\"attachment-full size-full\" alt=\"\" srcset=\"https:\/\/www.supercars.net\/blog\/wp-content\/uploads\/2014\/04\/0258.jpg 920w, https:\/\/www.supercars.net\/blog\/wp-content\/uploads\/2014\/04\/0258-300x200.jpg 300w, https:\/\/www.supercars.net\/blog\/wp-content\/uploads\/2014\/04\/0258-100x67.jpg 100w, https:\/\/www.supercars.net\/blog\/wp-content\/uploads\/2014\/04\/0258-770x512.jpg 770w, https:\/\/www.supercars.net\/blog\/wp-content\/uploads\/2014\/04\/0258-360x240.jpg 360w, https:\/\/www.supercars.net\/blog\/wp-content\/uploads\/2014\/04\/0258-370x247.jpg 370w, https:\/\/www.supercars.net\/blog\/wp-content\/uploads\/2014\/04\/0258-293x195.jpg 293w\" sizes=\"(max-width: 920px) 100vw, 920px\" \/><\/a>\n\t\t\t\t<\/a>\n            <\/div>\n                <div class='wp-caption-text gallery-caption'>\n                1960 Ferrari 250 GT SWB Berlinetta\n                <\/div><\/figure><figure class='gallery-item'>\n            <div class='gallery-icon landscape'>\n                <a href='https:\/\/www.supercars.net\/blog\/wp-content\/uploads\/2014\/04\/0259.jpg' class='tipi-lightbox'>\n\t\t\t\t<a href='https:\/\/www.supercars.net\/blog\/wp-content\/uploads\/2014\/04\/0259.jpg'><img decoding=\"async\" width=\"920\" height=\"612\" src=\"https:\/\/www.supercars.net\/blog\/wp-content\/uploads\/2014\/04\/0259.jpg\" class=\"attachment-full size-full\" alt=\"\" srcset=\"https:\/\/www.supercars.net\/blog\/wp-content\/uploads\/2014\/04\/0259.jpg 920w, https:\/\/www.supercars.net\/blog\/wp-content\/uploads\/2014\/04\/0259-300x200.jpg 300w, https:\/\/www.supercars.net\/blog\/wp-content\/uploads\/2014\/04\/0259-100x67.jpg 100w, https:\/\/www.supercars.net\/blog\/wp-content\/uploads\/2014\/04\/0259-770x512.jpg 770w, https:\/\/www.supercars.net\/blog\/wp-content\/uploads\/2014\/04\/0259-360x240.jpg 360w, https:\/\/www.supercars.net\/blog\/wp-content\/uploads\/2014\/04\/0259-370x247.jpg 370w, https:\/\/www.supercars.net\/blog\/wp-content\/uploads\/2014\/04\/0259-293x195.jpg 293w\" sizes=\"(max-width: 920px) 100vw, 920px\" \/><\/a>\n\t\t\t\t<\/a>\n            <\/div>\n                <div class='wp-caption-text gallery-caption'>\n                1965 Ford Mustang\n                <\/div><\/figure><figure class='gallery-item'>\n            <div class='gallery-icon landscape'>\n                <a href='https:\/\/www.supercars.net\/blog\/wp-content\/uploads\/2014\/04\/0260.jpg' class='tipi-lightbox'>\n\t\t\t\t<a href='https:\/\/www.supercars.net\/blog\/wp-content\/uploads\/2014\/04\/0260.jpg'><img decoding=\"async\" width=\"920\" height=\"612\" src=\"https:\/\/www.supercars.net\/blog\/wp-content\/uploads\/2014\/04\/0260.jpg\" class=\"attachment-full size-full\" alt=\"\" srcset=\"https:\/\/www.supercars.net\/blog\/wp-content\/uploads\/2014\/04\/0260.jpg 920w, https:\/\/www.supercars.net\/blog\/wp-content\/uploads\/2014\/04\/0260-300x200.jpg 300w, https:\/\/www.supercars.net\/blog\/wp-content\/uploads\/2014\/04\/0260-100x67.jpg 100w, https:\/\/www.supercars.net\/blog\/wp-content\/uploads\/2014\/04\/0260-770x512.jpg 770w, https:\/\/www.supercars.net\/blog\/wp-content\/uploads\/2014\/04\/0260-360x240.jpg 360w, https:\/\/www.supercars.net\/blog\/wp-content\/uploads\/2014\/04\/0260-370x247.jpg 370w, https:\/\/www.supercars.net\/blog\/wp-content\/uploads\/2014\/04\/0260-293x195.jpg 293w\" sizes=\"(max-width: 920px) 100vw, 920px\" \/><\/a>\n\t\t\t\t<\/a>\n            <\/div>\n                <div class='wp-caption-text gallery-caption'>\n                Tour Auto Rally 2014\n                <\/div><\/figure><figure class='gallery-item'>\n            <div class='gallery-icon landscape'>\n                <a href='https:\/\/www.supercars.net\/blog\/wp-content\/uploads\/2014\/04\/0261.jpg' class='tipi-lightbox'>\n\t\t\t\t<a href='https:\/\/www.supercars.net\/blog\/wp-content\/uploads\/2014\/04\/0261.jpg'><img decoding=\"async\" width=\"920\" height=\"612\" src=\"https:\/\/www.supercars.net\/blog\/wp-content\/uploads\/2014\/04\/0261.jpg\" class=\"attachment-full size-full\" alt=\"\" srcset=\"https:\/\/www.supercars.net\/blog\/wp-content\/uploads\/2014\/04\/0261.jpg 920w, https:\/\/www.supercars.net\/blog\/wp-content\/uploads\/2014\/04\/0261-300x200.jpg 300w, https:\/\/www.supercars.net\/blog\/wp-content\/uploads\/2014\/04\/0261-100x67.jpg 100w, https:\/\/www.supercars.net\/blog\/wp-content\/uploads\/2014\/04\/0261-770x512.jpg 770w, https:\/\/www.supercars.net\/blog\/wp-content\/uploads\/2014\/04\/0261-360x240.jpg 360w, https:\/\/www.supercars.net\/blog\/wp-content\/uploads\/2014\/04\/0261-370x247.jpg 370w, https:\/\/www.supercars.net\/blog\/wp-content\/uploads\/2014\/04\/0261-293x195.jpg 293w\" sizes=\"(max-width: 920px) 100vw, 920px\" \/><\/a>\n\t\t\t\t<\/a>\n            <\/div>\n                <div class='wp-caption-text gallery-caption'>\n                Tour Auto Rally 2014\n                <\/div><\/figure><figure class='gallery-item'>\n            <div class='gallery-icon landscape'>\n                <a href='https:\/\/www.supercars.net\/blog\/wp-content\/uploads\/2014\/04\/0262.jpg' class='tipi-lightbox'>\n\t\t\t\t<a href='https:\/\/www.supercars.net\/blog\/wp-content\/uploads\/2014\/04\/0262.jpg'><img decoding=\"async\" width=\"920\" height=\"612\" src=\"https:\/\/www.supercars.net\/blog\/wp-content\/uploads\/2014\/04\/0262.jpg\" class=\"attachment-full size-full\" alt=\"\" srcset=\"https:\/\/www.supercars.net\/blog\/wp-content\/uploads\/2014\/04\/0262.jpg 920w, https:\/\/www.supercars.net\/blog\/wp-content\/uploads\/2014\/04\/0262-300x200.jpg 300w, https:\/\/www.supercars.net\/blog\/wp-content\/uploads\/2014\/04\/0262-100x67.jpg 100w, https:\/\/www.supercars.net\/blog\/wp-content\/uploads\/2014\/04\/0262-770x512.jpg 770w, https:\/\/www.supercars.net\/blog\/wp-content\/uploads\/2014\/04\/0262-360x240.jpg 360w, https:\/\/www.supercars.net\/blog\/wp-content\/uploads\/2014\/04\/0262-370x247.jpg 370w, https:\/\/www.supercars.net\/blog\/wp-content\/uploads\/2014\/04\/0262-293x195.jpg 293w\" sizes=\"(max-width: 920px) 100vw, 920px\" \/><\/a>\n\t\t\t\t<\/a>\n            <\/div>\n                <div class='wp-caption-text gallery-caption'>\n                Tour Auto Rally 2014\n                <\/div><\/figure><figure class='gallery-item'>\n            <div class='gallery-icon landscape'>\n                <a href='https:\/\/www.supercars.net\/blog\/wp-content\/uploads\/2014\/04\/0263.jpg' class='tipi-lightbox'>\n\t\t\t\t<a href='https:\/\/www.supercars.net\/blog\/wp-content\/uploads\/2014\/04\/0263.jpg'><img decoding=\"async\" width=\"920\" height=\"612\" src=\"https:\/\/www.supercars.net\/blog\/wp-content\/uploads\/2014\/04\/0263.jpg\" class=\"attachment-full size-full\" alt=\"\" srcset=\"https:\/\/www.supercars.net\/blog\/wp-content\/uploads\/2014\/04\/0263.jpg 920w, https:\/\/www.supercars.net\/blog\/wp-content\/uploads\/2014\/04\/0263-300x200.jpg 300w, https:\/\/www.supercars.net\/blog\/wp-content\/uploads\/2014\/04\/0263-100x67.jpg 100w, https:\/\/www.supercars.net\/blog\/wp-content\/uploads\/2014\/04\/0263-770x512.jpg 770w, https:\/\/www.supercars.net\/blog\/wp-content\/uploads\/2014\/04\/0263-360x240.jpg 360w, https:\/\/www.supercars.net\/blog\/wp-content\/uploads\/2014\/04\/0263-370x247.jpg 370w, https:\/\/www.supercars.net\/blog\/wp-content\/uploads\/2014\/04\/0263-293x195.jpg 293w\" sizes=\"(max-width: 920px) 100vw, 920px\" \/><\/a>\n\t\t\t\t<\/a>\n            <\/div>\n                <div class='wp-caption-text gallery-caption'>\n                Tour Auto Rally 2014\n                <\/div><\/figure><figure class='gallery-item'>\n            <div class='gallery-icon landscape'>\n                <a href='https:\/\/www.supercars.net\/blog\/wp-content\/uploads\/2014\/04\/0264.jpg' class='tipi-lightbox'>\n\t\t\t\t<a href='https:\/\/www.supercars.net\/blog\/wp-content\/uploads\/2014\/04\/0264.jpg'><img decoding=\"async\" width=\"920\" height=\"612\" src=\"https:\/\/www.supercars.net\/blog\/wp-content\/uploads\/2014\/04\/0264.jpg\" class=\"attachment-full size-full\" alt=\"\" srcset=\"https:\/\/www.supercars.net\/blog\/wp-content\/uploads\/2014\/04\/0264.jpg 920w, https:\/\/www.supercars.net\/blog\/wp-content\/uploads\/2014\/04\/0264-300x200.jpg 300w, https:\/\/www.supercars.net\/blog\/wp-content\/uploads\/2014\/04\/0264-100x67.jpg 100w, https:\/\/www.supercars.net\/blog\/wp-content\/uploads\/2014\/04\/0264-770x512.jpg 770w, https:\/\/www.supercars.net\/blog\/wp-content\/uploads\/2014\/04\/0264-360x240.jpg 360w, https:\/\/www.supercars.net\/blog\/wp-content\/uploads\/2014\/04\/0264-370x247.jpg 370w, https:\/\/www.supercars.net\/blog\/wp-content\/uploads\/2014\/04\/0264-293x195.jpg 293w\" sizes=\"(max-width: 920px) 100vw, 920px\" \/><\/a>\n\t\t\t\t<\/a>\n            <\/div>\n                <div class='wp-caption-text gallery-caption'>\n                1964 Alfa Romeo TZ\n                <\/div><\/figure><figure class='gallery-item'>\n            <div class='gallery-icon landscape'>\n                <a href='https:\/\/www.supercars.net\/blog\/wp-content\/uploads\/2014\/04\/0265.jpg' class='tipi-lightbox'>\n\t\t\t\t<a href='https:\/\/www.supercars.net\/blog\/wp-content\/uploads\/2014\/04\/0265.jpg'><img decoding=\"async\" width=\"920\" height=\"552\" src=\"https:\/\/www.supercars.net\/blog\/wp-content\/uploads\/2014\/04\/0265.jpg\" class=\"attachment-full size-full\" alt=\"\" srcset=\"https:\/\/www.supercars.net\/blog\/wp-content\/uploads\/2014\/04\/0265.jpg 920w, https:\/\/www.supercars.net\/blog\/wp-content\/uploads\/2014\/04\/0265-300x180.jpg 300w, https:\/\/www.supercars.net\/blog\/wp-content\/uploads\/2014\/04\/0265-100x60.jpg 100w, https:\/\/www.supercars.net\/blog\/wp-content\/uploads\/2014\/04\/0265-770x462.jpg 770w, https:\/\/www.supercars.net\/blog\/wp-content\/uploads\/2014\/04\/0265-293x176.jpg 293w\" sizes=\"(max-width: 920px) 100vw, 920px\" \/><\/a>\n\t\t\t\t<\/a>\n            <\/div>\n                <div class='wp-caption-text gallery-caption'>\n                1955 Mercedes-Benz 300 SL Gullwing\n                <\/div><\/figure><figure class='gallery-item'>\n            <div class='gallery-icon landscape'>\n                <a href='https:\/\/www.supercars.net\/blog\/wp-content\/uploads\/2014\/04\/0266.jpg' class='tipi-lightbox'>\n\t\t\t\t<a href='https:\/\/www.supercars.net\/blog\/wp-content\/uploads\/2014\/04\/0266.jpg'><img decoding=\"async\" width=\"920\" height=\"612\" src=\"https:\/\/www.supercars.net\/blog\/wp-content\/uploads\/2014\/04\/0266.jpg\" class=\"attachment-full size-full\" alt=\"\" srcset=\"https:\/\/www.supercars.net\/blog\/wp-content\/uploads\/2014\/04\/0266.jpg 920w, https:\/\/www.supercars.net\/blog\/wp-content\/uploads\/2014\/04\/0266-300x200.jpg 300w, https:\/\/www.supercars.net\/blog\/wp-content\/uploads\/2014\/04\/0266-100x67.jpg 100w, https:\/\/www.supercars.net\/blog\/wp-content\/uploads\/2014\/04\/0266-770x512.jpg 770w, https:\/\/www.supercars.net\/blog\/wp-content\/uploads\/2014\/04\/0266-360x240.jpg 360w, https:\/\/www.supercars.net\/blog\/wp-content\/uploads\/2014\/04\/0266-370x247.jpg 370w, https:\/\/www.supercars.net\/blog\/wp-content\/uploads\/2014\/04\/0266-293x195.jpg 293w\" sizes=\"(max-width: 920px) 100vw, 920px\" \/><\/a>\n\t\t\t\t<\/a>\n            <\/div>\n                <div class='wp-caption-text gallery-caption'>\n                1955 Mercedes-Benz 300 SL Gullwing\n                <\/div><\/figure><figure class='gallery-item'>\n            <div class='gallery-icon landscape'>\n                <a href='https:\/\/www.supercars.net\/blog\/wp-content\/uploads\/2014\/04\/0267.jpg' class='tipi-lightbox'>\n\t\t\t\t<a href='https:\/\/www.supercars.net\/blog\/wp-content\/uploads\/2014\/04\/0267.jpg'><img decoding=\"async\" width=\"920\" height=\"612\" src=\"https:\/\/www.supercars.net\/blog\/wp-content\/uploads\/2014\/04\/0267.jpg\" class=\"attachment-full size-full\" alt=\"\" srcset=\"https:\/\/www.supercars.net\/blog\/wp-content\/uploads\/2014\/04\/0267.jpg 920w, https:\/\/www.supercars.net\/blog\/wp-content\/uploads\/2014\/04\/0267-300x200.jpg 300w, https:\/\/www.supercars.net\/blog\/wp-content\/uploads\/2014\/04\/0267-100x67.jpg 100w, https:\/\/www.supercars.net\/blog\/wp-content\/uploads\/2014\/04\/0267-770x512.jpg 770w, https:\/\/www.supercars.net\/blog\/wp-content\/uploads\/2014\/04\/0267-360x240.jpg 360w, https:\/\/www.supercars.net\/blog\/wp-content\/uploads\/2014\/04\/0267-370x247.jpg 370w, https:\/\/www.supercars.net\/blog\/wp-content\/uploads\/2014\/04\/0267-293x195.jpg 293w\" sizes=\"(max-width: 920px) 100vw, 920px\" \/><\/a>\n\t\t\t\t<\/a>\n            <\/div>\n                <div class='wp-caption-text gallery-caption'>\n                Tour Auto Rally 2014\n                <\/div><\/figure><figure class='gallery-item'>\n            <div class='gallery-icon landscape'>\n                <a href='https:\/\/www.supercars.net\/blog\/wp-content\/uploads\/2014\/04\/0268.jpg' class='tipi-lightbox'>\n\t\t\t\t<a href='https:\/\/www.supercars.net\/blog\/wp-content\/uploads\/2014\/04\/0268.jpg'><img decoding=\"async\" width=\"920\" height=\"612\" src=\"https:\/\/www.supercars.net\/blog\/wp-content\/uploads\/2014\/04\/0268.jpg\" class=\"attachment-full size-full\" alt=\"\" srcset=\"https:\/\/www.supercars.net\/blog\/wp-content\/uploads\/2014\/04\/0268.jpg 920w, https:\/\/www.supercars.net\/blog\/wp-content\/uploads\/2014\/04\/0268-300x200.jpg 300w, https:\/\/www.supercars.net\/blog\/wp-content\/uploads\/2014\/04\/0268-100x67.jpg 100w, https:\/\/www.supercars.net\/blog\/wp-content\/uploads\/2014\/04\/0268-770x512.jpg 770w, https:\/\/www.supercars.net\/blog\/wp-content\/uploads\/2014\/04\/0268-360x240.jpg 360w, https:\/\/www.supercars.net\/blog\/wp-content\/uploads\/2014\/04\/0268-370x247.jpg 370w, https:\/\/www.supercars.net\/blog\/wp-content\/uploads\/2014\/04\/0268-293x195.jpg 293w\" sizes=\"(max-width: 920px) 100vw, 920px\" \/><\/a>\n\t\t\t\t<\/a>\n            <\/div>\n                <div class='wp-caption-text gallery-caption'>\n                Winning Team &#8211; 1963 AC Cobra of Shaun Lynn and Kevin Kivlochan\n                <\/div><\/figure><figure class='gallery-item'>\n            <div class='gallery-icon landscape'>\n                <a href='https:\/\/www.supercars.net\/blog\/wp-content\/uploads\/2014\/04\/0269.jpg' class='tipi-lightbox'>\n\t\t\t\t<a href='https:\/\/www.supercars.net\/blog\/wp-content\/uploads\/2014\/04\/0269.jpg'><img decoding=\"async\" width=\"920\" height=\"612\" src=\"https:\/\/www.supercars.net\/blog\/wp-content\/uploads\/2014\/04\/0269.jpg\" class=\"attachment-full size-full\" alt=\"\" srcset=\"https:\/\/www.supercars.net\/blog\/wp-content\/uploads\/2014\/04\/0269.jpg 920w, https:\/\/www.supercars.net\/blog\/wp-content\/uploads\/2014\/04\/0269-300x200.jpg 300w, https:\/\/www.supercars.net\/blog\/wp-content\/uploads\/2014\/04\/0269-100x67.jpg 100w, https:\/\/www.supercars.net\/blog\/wp-content\/uploads\/2014\/04\/0269-770x512.jpg 770w, https:\/\/www.supercars.net\/blog\/wp-content\/uploads\/2014\/04\/0269-360x240.jpg 360w, https:\/\/www.supercars.net\/blog\/wp-content\/uploads\/2014\/04\/0269-370x247.jpg 370w, https:\/\/www.supercars.net\/blog\/wp-content\/uploads\/2014\/04\/0269-293x195.jpg 293w\" sizes=\"(max-width: 920px) 100vw, 920px\" \/><\/a>\n\t\t\t\t<\/a>\n            <\/div>\n                <div class='wp-caption-text gallery-caption'>\n                Winning Team &#8211; 1963 AC Cobra of Shaun Lynn and Kevin Kivlochan\n                <\/div><\/figure><figure class='gallery-item'>\n            <div class='gallery-icon landscape'>\n                <a href='https:\/\/www.supercars.net\/blog\/wp-content\/uploads\/2014\/04\/0270.jpg' class='tipi-lightbox'>\n\t\t\t\t<a href='https:\/\/www.supercars.net\/blog\/wp-content\/uploads\/2014\/04\/0270.jpg'><img decoding=\"async\" width=\"920\" height=\"612\" src=\"https:\/\/www.supercars.net\/blog\/wp-content\/uploads\/2014\/04\/0270.jpg\" class=\"attachment-full size-full\" alt=\"\" srcset=\"https:\/\/www.supercars.net\/blog\/wp-content\/uploads\/2014\/04\/0270.jpg 920w, https:\/\/www.supercars.net\/blog\/wp-content\/uploads\/2014\/04\/0270-300x200.jpg 300w, https:\/\/www.supercars.net\/blog\/wp-content\/uploads\/2014\/04\/0270-100x67.jpg 100w, https:\/\/www.supercars.net\/blog\/wp-content\/uploads\/2014\/04\/0270-770x512.jpg 770w, https:\/\/www.supercars.net\/blog\/wp-content\/uploads\/2014\/04\/0270-360x240.jpg 360w, https:\/\/www.supercars.net\/blog\/wp-content\/uploads\/2014\/04\/0270-370x247.jpg 370w, https:\/\/www.supercars.net\/blog\/wp-content\/uploads\/2014\/04\/0270-293x195.jpg 293w\" sizes=\"(max-width: 920px) 100vw, 920px\" \/><\/a>\n\t\t\t\t<\/a>\n            <\/div>\n                <div class='wp-caption-text gallery-caption'>\n                Tour Auto Rally 2014\n                <\/div><\/figure><figure class='gallery-item'>\n            <div class='gallery-icon landscape'>\n                <a href='https:\/\/www.supercars.net\/blog\/wp-content\/uploads\/2014\/04\/0271.jpg' class='tipi-lightbox'>\n\t\t\t\t<a href='https:\/\/www.supercars.net\/blog\/wp-content\/uploads\/2014\/04\/0271.jpg'><img decoding=\"async\" width=\"920\" height=\"612\" src=\"https:\/\/www.supercars.net\/blog\/wp-content\/uploads\/2014\/04\/0271.jpg\" class=\"attachment-full size-full\" alt=\"\" srcset=\"https:\/\/www.supercars.net\/blog\/wp-content\/uploads\/2014\/04\/0271.jpg 920w, https:\/\/www.supercars.net\/blog\/wp-content\/uploads\/2014\/04\/0271-300x200.jpg 300w, https:\/\/www.supercars.net\/blog\/wp-content\/uploads\/2014\/04\/0271-100x67.jpg 100w, https:\/\/www.supercars.net\/blog\/wp-content\/uploads\/2014\/04\/0271-770x512.jpg 770w, https:\/\/www.supercars.net\/blog\/wp-content\/uploads\/2014\/04\/0271-360x240.jpg 360w, https:\/\/www.supercars.net\/blog\/wp-content\/uploads\/2014\/04\/0271-370x247.jpg 370w, https:\/\/www.supercars.net\/blog\/wp-content\/uploads\/2014\/04\/0271-293x195.jpg 293w\" sizes=\"(max-width: 920px) 100vw, 920px\" \/><\/a>\n\t\t\t\t<\/a>\n            <\/div>\n                <div class='wp-caption-text gallery-caption'>\n                Tour Auto Rally 2014\n                <\/div><\/figure><figure class='gallery-item'>\n            <div class='gallery-icon landscape'>\n                <a href='https:\/\/www.supercars.net\/blog\/wp-content\/uploads\/2014\/04\/0272.jpg' class='tipi-lightbox'>\n\t\t\t\t<a href='https:\/\/www.supercars.net\/blog\/wp-content\/uploads\/2014\/04\/0272.jpg'><img decoding=\"async\" width=\"920\" height=\"612\" src=\"https:\/\/www.supercars.net\/blog\/wp-content\/uploads\/2014\/04\/0272.jpg\" class=\"attachment-full size-full\" alt=\"\" srcset=\"https:\/\/www.supercars.net\/blog\/wp-content\/uploads\/2014\/04\/0272.jpg 920w, https:\/\/www.supercars.net\/blog\/wp-content\/uploads\/2014\/04\/0272-300x200.jpg 300w, https:\/\/www.supercars.net\/blog\/wp-content\/uploads\/2014\/04\/0272-100x67.jpg 100w, https:\/\/www.supercars.net\/blog\/wp-content\/uploads\/2014\/04\/0272-770x512.jpg 770w, https:\/\/www.supercars.net\/blog\/wp-content\/uploads\/2014\/04\/0272-360x240.jpg 360w, https:\/\/www.supercars.net\/blog\/wp-content\/uploads\/2014\/04\/0272-370x247.jpg 370w, https:\/\/www.supercars.net\/blog\/wp-content\/uploads\/2014\/04\/0272-293x195.jpg 293w\" sizes=\"(max-width: 920px) 100vw, 920px\" \/><\/a>\n\t\t\t\t<\/a>\n            <\/div>\n                <div class='wp-caption-text gallery-caption'>\n                Tour Auto Rally 2014\n                <\/div><\/figure><figure class='gallery-item'>\n            <div class='gallery-icon landscape'>\n                <a href='https:\/\/www.supercars.net\/blog\/wp-content\/uploads\/2014\/04\/0273.jpg' class='tipi-lightbox'>\n\t\t\t\t<a href='https:\/\/www.supercars.net\/blog\/wp-content\/uploads\/2014\/04\/0273.jpg'><img decoding=\"async\" width=\"920\" height=\"612\" src=\"https:\/\/www.supercars.net\/blog\/wp-content\/uploads\/2014\/04\/0273.jpg\" class=\"attachment-full size-full\" alt=\"\" srcset=\"https:\/\/www.supercars.net\/blog\/wp-content\/uploads\/2014\/04\/0273.jpg 920w, https:\/\/www.supercars.net\/blog\/wp-content\/uploads\/2014\/04\/0273-300x200.jpg 300w, https:\/\/www.supercars.net\/blog\/wp-content\/uploads\/2014\/04\/0273-100x67.jpg 100w, https:\/\/www.supercars.net\/blog\/wp-content\/uploads\/2014\/04\/0273-770x512.jpg 770w, https:\/\/www.supercars.net\/blog\/wp-content\/uploads\/2014\/04\/0273-360x240.jpg 360w, https:\/\/www.supercars.net\/blog\/wp-content\/uploads\/2014\/04\/0273-370x247.jpg 370w, https:\/\/www.supercars.net\/blog\/wp-content\/uploads\/2014\/04\/0273-293x195.jpg 293w\" sizes=\"(max-width: 920px) 100vw, 920px\" \/><\/a>\n\t\t\t\t<\/a>\n            <\/div>\n                <div class='wp-caption-text gallery-caption'>\n                1963 Porsche 904 Carrera GTS\n                <\/div><\/figure><figure class='gallery-item'>\n            <div class='gallery-icon landscape'>\n                <a href='https:\/\/www.supercars.net\/blog\/wp-content\/uploads\/2014\/04\/0274.jpg' class='tipi-lightbox'>\n\t\t\t\t<a href='https:\/\/www.supercars.net\/blog\/wp-content\/uploads\/2014\/04\/0274.jpg'><img decoding=\"async\" width=\"920\" height=\"612\" src=\"https:\/\/www.supercars.net\/blog\/wp-content\/uploads\/2014\/04\/0274.jpg\" class=\"attachment-full size-full\" alt=\"\" srcset=\"https:\/\/www.supercars.net\/blog\/wp-content\/uploads\/2014\/04\/0274.jpg 920w, https:\/\/www.supercars.net\/blog\/wp-content\/uploads\/2014\/04\/0274-300x200.jpg 300w, https:\/\/www.supercars.net\/blog\/wp-content\/uploads\/2014\/04\/0274-100x67.jpg 100w, https:\/\/www.supercars.net\/blog\/wp-content\/uploads\/2014\/04\/0274-770x512.jpg 770w, https:\/\/www.supercars.net\/blog\/wp-content\/uploads\/2014\/04\/0274-360x240.jpg 360w, https:\/\/www.supercars.net\/blog\/wp-content\/uploads\/2014\/04\/0274-370x247.jpg 370w, https:\/\/www.supercars.net\/blog\/wp-content\/uploads\/2014\/04\/0274-293x195.jpg 293w\" sizes=\"(max-width: 920px) 100vw, 920px\" \/><\/a>\n\t\t\t\t<\/a>\n            <\/div>\n                <div class='wp-caption-text gallery-caption'>\n                Tour Auto Rally 2014\n                <\/div><\/figure><figure class='gallery-item'>\n            <div class='gallery-icon landscape'>\n                <a href='https:\/\/www.supercars.net\/blog\/wp-content\/uploads\/2014\/04\/0275.jpg' class='tipi-lightbox'>\n\t\t\t\t<a href='https:\/\/www.supercars.net\/blog\/wp-content\/uploads\/2014\/04\/0275.jpg'><img decoding=\"async\" width=\"920\" height=\"612\" src=\"https:\/\/www.supercars.net\/blog\/wp-content\/uploads\/2014\/04\/0275.jpg\" class=\"attachment-full size-full\" alt=\"\" srcset=\"https:\/\/www.supercars.net\/blog\/wp-content\/uploads\/2014\/04\/0275.jpg 920w, https:\/\/www.supercars.net\/blog\/wp-content\/uploads\/2014\/04\/0275-300x200.jpg 300w, https:\/\/www.supercars.net\/blog\/wp-content\/uploads\/2014\/04\/0275-100x67.jpg 100w, https:\/\/www.supercars.net\/blog\/wp-content\/uploads\/2014\/04\/0275-770x512.jpg 770w, https:\/\/www.supercars.net\/blog\/wp-content\/uploads\/2014\/04\/0275-360x240.jpg 360w, https:\/\/www.supercars.net\/blog\/wp-content\/uploads\/2014\/04\/0275-370x247.jpg 370w, https:\/\/www.supercars.net\/blog\/wp-content\/uploads\/2014\/04\/0275-293x195.jpg 293w\" sizes=\"(max-width: 920px) 100vw, 920px\" \/><\/a>\n\t\t\t\t<\/a>\n            <\/div>\n                <div class='wp-caption-text gallery-caption'>\n                1965 Ford GT40\n                <\/div><\/figure><figure class='gallery-item'>\n            <div class='gallery-icon landscape'>\n                <a href='https:\/\/www.supercars.net\/blog\/wp-content\/uploads\/2014\/04\/0276.jpg' class='tipi-lightbox'>\n\t\t\t\t<a href='https:\/\/www.supercars.net\/blog\/wp-content\/uploads\/2014\/04\/0276.jpg'><img decoding=\"async\" width=\"920\" height=\"612\" src=\"https:\/\/www.supercars.net\/blog\/wp-content\/uploads\/2014\/04\/0276.jpg\" class=\"attachment-full size-full\" alt=\"\" srcset=\"https:\/\/www.supercars.net\/blog\/wp-content\/uploads\/2014\/04\/0276.jpg 920w, https:\/\/www.supercars.net\/blog\/wp-content\/uploads\/2014\/04\/0276-300x200.jpg 300w, https:\/\/www.supercars.net\/blog\/wp-content\/uploads\/2014\/04\/0276-100x67.jpg 100w, https:\/\/www.supercars.net\/blog\/wp-content\/uploads\/2014\/04\/0276-770x512.jpg 770w, https:\/\/www.supercars.net\/blog\/wp-content\/uploads\/2014\/04\/0276-360x240.jpg 360w, https:\/\/www.supercars.net\/blog\/wp-content\/uploads\/2014\/04\/0276-370x247.jpg 370w, https:\/\/www.supercars.net\/blog\/wp-content\/uploads\/2014\/04\/0276-293x195.jpg 293w\" sizes=\"(max-width: 920px) 100vw, 920px\" \/><\/a>\n\t\t\t\t<\/a>\n            <\/div>\n                <div class='wp-caption-text gallery-caption'>\n                1964 Jaguar E-Type\n                <\/div><\/figure><figure class='gallery-item'>\n            <div class='gallery-icon landscape'>\n                <a href='https:\/\/www.supercars.net\/blog\/wp-content\/uploads\/2014\/04\/0277.jpg' class='tipi-lightbox'>\n\t\t\t\t<a href='https:\/\/www.supercars.net\/blog\/wp-content\/uploads\/2014\/04\/0277.jpg'><img decoding=\"async\" width=\"920\" height=\"612\" src=\"https:\/\/www.supercars.net\/blog\/wp-content\/uploads\/2014\/04\/0277.jpg\" class=\"attachment-full size-full\" alt=\"\" srcset=\"https:\/\/www.supercars.net\/blog\/wp-content\/uploads\/2014\/04\/0277.jpg 920w, https:\/\/www.supercars.net\/blog\/wp-content\/uploads\/2014\/04\/0277-300x200.jpg 300w, https:\/\/www.supercars.net\/blog\/wp-content\/uploads\/2014\/04\/0277-100x67.jpg 100w, https:\/\/www.supercars.net\/blog\/wp-content\/uploads\/2014\/04\/0277-770x512.jpg 770w, https:\/\/www.supercars.net\/blog\/wp-content\/uploads\/2014\/04\/0277-360x240.jpg 360w, https:\/\/www.supercars.net\/blog\/wp-content\/uploads\/2014\/04\/0277-370x247.jpg 370w, https:\/\/www.supercars.net\/blog\/wp-content\/uploads\/2014\/04\/0277-293x195.jpg 293w\" sizes=\"(max-width: 920px) 100vw, 920px\" \/><\/a>\n\t\t\t\t<\/a>\n            <\/div>\n                <div class='wp-caption-text gallery-caption'>\n                Tour Auto Rally 2014\n                <\/div><\/figure><figure class='gallery-item'>\n            <div class='gallery-icon landscape'>\n                <a href='https:\/\/www.supercars.net\/blog\/wp-content\/uploads\/2014\/04\/0278.jpg' class='tipi-lightbox'>\n\t\t\t\t<a href='https:\/\/www.supercars.net\/blog\/wp-content\/uploads\/2014\/04\/0278.jpg'><img decoding=\"async\" width=\"920\" height=\"612\" src=\"https:\/\/www.supercars.net\/blog\/wp-content\/uploads\/2014\/04\/0278.jpg\" class=\"attachment-full size-full\" alt=\"\" srcset=\"https:\/\/www.supercars.net\/blog\/wp-content\/uploads\/2014\/04\/0278.jpg 920w, https:\/\/www.supercars.net\/blog\/wp-content\/uploads\/2014\/04\/0278-300x200.jpg 300w, https:\/\/www.supercars.net\/blog\/wp-content\/uploads\/2014\/04\/0278-100x67.jpg 100w, https:\/\/www.supercars.net\/blog\/wp-content\/uploads\/2014\/04\/0278-770x512.jpg 770w, https:\/\/www.supercars.net\/blog\/wp-content\/uploads\/2014\/04\/0278-360x240.jpg 360w, https:\/\/www.supercars.net\/blog\/wp-content\/uploads\/2014\/04\/0278-370x247.jpg 370w, https:\/\/www.supercars.net\/blog\/wp-content\/uploads\/2014\/04\/0278-293x195.jpg 293w\" sizes=\"(max-width: 920px) 100vw, 920px\" \/><\/a>\n\t\t\t\t<\/a>\n            <\/div>\n                <div class='wp-caption-text gallery-caption'>\n                Tour Auto Rally 2014\n                <\/div><\/figure><figure class='gallery-item'>\n            <div class='gallery-icon landscape'>\n                <a href='https:\/\/www.supercars.net\/blog\/wp-content\/uploads\/2014\/04\/0279.jpg' class='tipi-lightbox'>\n\t\t\t\t<a href='https:\/\/www.supercars.net\/blog\/wp-content\/uploads\/2014\/04\/0279.jpg'><img decoding=\"async\" width=\"920\" height=\"612\" src=\"https:\/\/www.supercars.net\/blog\/wp-content\/uploads\/2014\/04\/0279.jpg\" class=\"attachment-full size-full\" alt=\"\" srcset=\"https:\/\/www.supercars.net\/blog\/wp-content\/uploads\/2014\/04\/0279.jpg 920w, https:\/\/www.supercars.net\/blog\/wp-content\/uploads\/2014\/04\/0279-300x200.jpg 300w, https:\/\/www.supercars.net\/blog\/wp-content\/uploads\/2014\/04\/0279-100x67.jpg 100w, https:\/\/www.supercars.net\/blog\/wp-content\/uploads\/2014\/04\/0279-770x512.jpg 770w, https:\/\/www.supercars.net\/blog\/wp-content\/uploads\/2014\/04\/0279-360x240.jpg 360w, https:\/\/www.supercars.net\/blog\/wp-content\/uploads\/2014\/04\/0279-370x247.jpg 370w, https:\/\/www.supercars.net\/blog\/wp-content\/uploads\/2014\/04\/0279-293x195.jpg 293w\" sizes=\"(max-width: 920px) 100vw, 920px\" \/><\/a>\n\t\t\t\t<\/a>\n            <\/div>\n                <div class='wp-caption-text gallery-caption'>\n                1953 Porsche 356 Coupe Pre-A\n                <\/div><\/figure><figure class='gallery-item'>\n            <div class='gallery-icon landscape'>\n                <a href='https:\/\/www.supercars.net\/blog\/wp-content\/uploads\/2014\/04\/0280.jpg' class='tipi-lightbox'>\n\t\t\t\t<a href='https:\/\/www.supercars.net\/blog\/wp-content\/uploads\/2014\/04\/0280.jpg'><img decoding=\"async\" width=\"920\" height=\"612\" src=\"https:\/\/www.supercars.net\/blog\/wp-content\/uploads\/2014\/04\/0280.jpg\" class=\"attachment-full size-full\" alt=\"\" srcset=\"https:\/\/www.supercars.net\/blog\/wp-content\/uploads\/2014\/04\/0280.jpg 920w, https:\/\/www.supercars.net\/blog\/wp-content\/uploads\/2014\/04\/0280-300x200.jpg 300w, https:\/\/www.supercars.net\/blog\/wp-content\/uploads\/2014\/04\/0280-100x67.jpg 100w, https:\/\/www.supercars.net\/blog\/wp-content\/uploads\/2014\/04\/0280-770x512.jpg 770w, https:\/\/www.supercars.net\/blog\/wp-content\/uploads\/2014\/04\/0280-360x240.jpg 360w, https:\/\/www.supercars.net\/blog\/wp-content\/uploads\/2014\/04\/0280-370x247.jpg 370w, https:\/\/www.supercars.net\/blog\/wp-content\/uploads\/2014\/04\/0280-293x195.jpg 293w\" sizes=\"(max-width: 920px) 100vw, 920px\" \/><\/a>\n\t\t\t\t<\/a>\n            <\/div>\n                <div class='wp-caption-text gallery-caption'>\n                Tour Auto Rally 2014\n                <\/div><\/figure><figure class='gallery-item'>\n            <div class='gallery-icon landscape'>\n                <a href='https:\/\/www.supercars.net\/blog\/wp-content\/uploads\/2014\/04\/0281.jpg' class='tipi-lightbox'>\n\t\t\t\t<a href='https:\/\/www.supercars.net\/blog\/wp-content\/uploads\/2014\/04\/0281.jpg'><img decoding=\"async\" width=\"920\" height=\"612\" src=\"https:\/\/www.supercars.net\/blog\/wp-content\/uploads\/2014\/04\/0281.jpg\" class=\"attachment-full size-full\" alt=\"\" srcset=\"https:\/\/www.supercars.net\/blog\/wp-content\/uploads\/2014\/04\/0281.jpg 920w, https:\/\/www.supercars.net\/blog\/wp-content\/uploads\/2014\/04\/0281-300x200.jpg 300w, https:\/\/www.supercars.net\/blog\/wp-content\/uploads\/2014\/04\/0281-100x67.jpg 100w, https:\/\/www.supercars.net\/blog\/wp-content\/uploads\/2014\/04\/0281-770x512.jpg 770w, https:\/\/www.supercars.net\/blog\/wp-content\/uploads\/2014\/04\/0281-360x240.jpg 360w, https:\/\/www.supercars.net\/blog\/wp-content\/uploads\/2014\/04\/0281-370x247.jpg 370w, https:\/\/www.supercars.net\/blog\/wp-content\/uploads\/2014\/04\/0281-293x195.jpg 293w\" sizes=\"(max-width: 920px) 100vw, 920px\" \/><\/a>\n\t\t\t\t<\/a>\n            <\/div>\n                <div class='wp-caption-text gallery-caption'>\n                Tour Auto Rally 2014\n                <\/div><\/figure><figure class='gallery-item'>\n            <div class='gallery-icon landscape'>\n                <a href='https:\/\/www.supercars.net\/blog\/wp-content\/uploads\/2014\/04\/0282.jpg' class='tipi-lightbox'>\n\t\t\t\t<a href='https:\/\/www.supercars.net\/blog\/wp-content\/uploads\/2014\/04\/0282.jpg'><img decoding=\"async\" width=\"920\" height=\"612\" src=\"https:\/\/www.supercars.net\/blog\/wp-content\/uploads\/2014\/04\/0282.jpg\" class=\"attachment-full size-full\" alt=\"\" srcset=\"https:\/\/www.supercars.net\/blog\/wp-content\/uploads\/2014\/04\/0282.jpg 920w, https:\/\/www.supercars.net\/blog\/wp-content\/uploads\/2014\/04\/0282-300x200.jpg 300w, https:\/\/www.supercars.net\/blog\/wp-content\/uploads\/2014\/04\/0282-100x67.jpg 100w, https:\/\/www.supercars.net\/blog\/wp-content\/uploads\/2014\/04\/0282-770x512.jpg 770w, https:\/\/www.supercars.net\/blog\/wp-content\/uploads\/2014\/04\/0282-360x240.jpg 360w, https:\/\/www.supercars.net\/blog\/wp-content\/uploads\/2014\/04\/0282-370x247.jpg 370w, https:\/\/www.supercars.net\/blog\/wp-content\/uploads\/2014\/04\/0282-293x195.jpg 293w\" sizes=\"(max-width: 920px) 100vw, 920px\" \/><\/a>\n\t\t\t\t<\/a>\n            <\/div>\n                <div class='wp-caption-text gallery-caption'>\n                Renault TZ challenging the 2014 Tour Auto Rally\n                <\/div><\/figure><figure class='gallery-item'>\n            <div class='gallery-icon landscape'>\n                <a href='https:\/\/www.supercars.net\/blog\/wp-content\/uploads\/2014\/04\/0283.jpg' class='tipi-lightbox'>\n\t\t\t\t<a href='https:\/\/www.supercars.net\/blog\/wp-content\/uploads\/2014\/04\/0283.jpg'><img decoding=\"async\" width=\"920\" height=\"612\" src=\"https:\/\/www.supercars.net\/blog\/wp-content\/uploads\/2014\/04\/0283.jpg\" class=\"attachment-full size-full\" alt=\"\" srcset=\"https:\/\/www.supercars.net\/blog\/wp-content\/uploads\/2014\/04\/0283.jpg 920w, https:\/\/www.supercars.net\/blog\/wp-content\/uploads\/2014\/04\/0283-300x200.jpg 300w, https:\/\/www.supercars.net\/blog\/wp-content\/uploads\/2014\/04\/0283-100x67.jpg 100w, https:\/\/www.supercars.net\/blog\/wp-content\/uploads\/2014\/04\/0283-770x512.jpg 770w, https:\/\/www.supercars.net\/blog\/wp-content\/uploads\/2014\/04\/0283-360x240.jpg 360w, https:\/\/www.supercars.net\/blog\/wp-content\/uploads\/2014\/04\/0283-370x247.jpg 370w, https:\/\/www.supercars.net\/blog\/wp-content\/uploads\/2014\/04\/0283-293x195.jpg 293w\" sizes=\"(max-width: 920px) 100vw, 920px\" \/><\/a>\n\t\t\t\t<\/a>\n            <\/div>\n                <div class='wp-caption-text gallery-caption'>\n                Tour Auto Rally 2014\n                <\/div><\/figure><figure class='gallery-item'>\n            <div class='gallery-icon landscape'>\n                <a href='https:\/\/www.supercars.net\/blog\/wp-content\/uploads\/2014\/04\/0284.jpg' class='tipi-lightbox'>\n\t\t\t\t<a href='https:\/\/www.supercars.net\/blog\/wp-content\/uploads\/2014\/04\/0284.jpg'><img decoding=\"async\" width=\"920\" height=\"612\" src=\"https:\/\/www.supercars.net\/blog\/wp-content\/uploads\/2014\/04\/0284.jpg\" class=\"attachment-full size-full\" alt=\"\" srcset=\"https:\/\/www.supercars.net\/blog\/wp-content\/uploads\/2014\/04\/0284.jpg 920w, https:\/\/www.supercars.net\/blog\/wp-content\/uploads\/2014\/04\/0284-300x200.jpg 300w, https:\/\/www.supercars.net\/blog\/wp-content\/uploads\/2014\/04\/0284-100x67.jpg 100w, https:\/\/www.supercars.net\/blog\/wp-content\/uploads\/2014\/04\/0284-770x512.jpg 770w, https:\/\/www.supercars.net\/blog\/wp-content\/uploads\/2014\/04\/0284-360x240.jpg 360w, https:\/\/www.supercars.net\/blog\/wp-content\/uploads\/2014\/04\/0284-370x247.jpg 370w, https:\/\/www.supercars.net\/blog\/wp-content\/uploads\/2014\/04\/0284-293x195.jpg 293w\" sizes=\"(max-width: 920px) 100vw, 920px\" \/><\/a>\n\t\t\t\t<\/a>\n            <\/div>\n                <div class='wp-caption-text gallery-caption'>\n                Tour Auto Rally 2014\n                <\/div><\/figure><figure class='gallery-item'>\n            <div class='gallery-icon landscape'>\n                <a href='https:\/\/www.supercars.net\/blog\/wp-content\/uploads\/2014\/04\/0285.jpg' class='tipi-lightbox'>\n\t\t\t\t<a href='https:\/\/www.supercars.net\/blog\/wp-content\/uploads\/2014\/04\/0285.jpg'><img decoding=\"async\" width=\"920\" height=\"612\" src=\"https:\/\/www.supercars.net\/blog\/wp-content\/uploads\/2014\/04\/0285.jpg\" class=\"attachment-full size-full\" alt=\"\" srcset=\"https:\/\/www.supercars.net\/blog\/wp-content\/uploads\/2014\/04\/0285.jpg 920w, https:\/\/www.supercars.net\/blog\/wp-content\/uploads\/2014\/04\/0285-300x200.jpg 300w, https:\/\/www.supercars.net\/blog\/wp-content\/uploads\/2014\/04\/0285-100x67.jpg 100w, https:\/\/www.supercars.net\/blog\/wp-content\/uploads\/2014\/04\/0285-770x512.jpg 770w, https:\/\/www.supercars.net\/blog\/wp-content\/uploads\/2014\/04\/0285-360x240.jpg 360w, https:\/\/www.supercars.net\/blog\/wp-content\/uploads\/2014\/04\/0285-370x247.jpg 370w, https:\/\/www.supercars.net\/blog\/wp-content\/uploads\/2014\/04\/0285-293x195.jpg 293w\" sizes=\"(max-width: 920px) 100vw, 920px\" \/><\/a>\n\t\t\t\t<\/a>\n            <\/div>\n                <div class='wp-caption-text gallery-caption'>\n                1954 Jaguar XK 140 Roadster\n                <\/div><\/figure><figure class='gallery-item'>\n            <div class='gallery-icon landscape'>\n                <a href='https:\/\/www.supercars.net\/blog\/wp-content\/uploads\/2014\/04\/0286.jpg' class='tipi-lightbox'>\n\t\t\t\t<a href='https:\/\/www.supercars.net\/blog\/wp-content\/uploads\/2014\/04\/0286.jpg'><img decoding=\"async\" width=\"920\" height=\"612\" src=\"https:\/\/www.supercars.net\/blog\/wp-content\/uploads\/2014\/04\/0286.jpg\" class=\"attachment-full size-full\" alt=\"\" srcset=\"https:\/\/www.supercars.net\/blog\/wp-content\/uploads\/2014\/04\/0286.jpg 920w, https:\/\/www.supercars.net\/blog\/wp-content\/uploads\/2014\/04\/0286-300x200.jpg 300w, https:\/\/www.supercars.net\/blog\/wp-content\/uploads\/2014\/04\/0286-100x67.jpg 100w, https:\/\/www.supercars.net\/blog\/wp-content\/uploads\/2014\/04\/0286-770x512.jpg 770w, https:\/\/www.supercars.net\/blog\/wp-content\/uploads\/2014\/04\/0286-360x240.jpg 360w, https:\/\/www.supercars.net\/blog\/wp-content\/uploads\/2014\/04\/0286-370x247.jpg 370w, https:\/\/www.supercars.net\/blog\/wp-content\/uploads\/2014\/04\/0286-293x195.jpg 293w\" sizes=\"(max-width: 920px) 100vw, 920px\" \/><\/a>\n\t\t\t\t<\/a>\n            <\/div>\n                <div class='wp-caption-text gallery-caption'>\n                1965 Austin Mini Cooper S\n                <\/div><\/figure><figure class='gallery-item'>\n            <div class='gallery-icon landscape'>\n                <a href='https:\/\/www.supercars.net\/blog\/wp-content\/uploads\/2014\/04\/0287.jpg' class='tipi-lightbox'>\n\t\t\t\t<a href='https:\/\/www.supercars.net\/blog\/wp-content\/uploads\/2014\/04\/0287.jpg'><img decoding=\"async\" width=\"920\" height=\"612\" src=\"https:\/\/www.supercars.net\/blog\/wp-content\/uploads\/2014\/04\/0287.jpg\" class=\"attachment-full size-full\" alt=\"\" srcset=\"https:\/\/www.supercars.net\/blog\/wp-content\/uploads\/2014\/04\/0287.jpg 920w, https:\/\/www.supercars.net\/blog\/wp-content\/uploads\/2014\/04\/0287-300x200.jpg 300w, https:\/\/www.supercars.net\/blog\/wp-content\/uploads\/2014\/04\/0287-100x67.jpg 100w, https:\/\/www.supercars.net\/blog\/wp-content\/uploads\/2014\/04\/0287-770x512.jpg 770w, https:\/\/www.supercars.net\/blog\/wp-content\/uploads\/2014\/04\/0287-360x240.jpg 360w, https:\/\/www.supercars.net\/blog\/wp-content\/uploads\/2014\/04\/0287-370x247.jpg 370w, https:\/\/www.supercars.net\/blog\/wp-content\/uploads\/2014\/04\/0287-293x195.jpg 293w\" sizes=\"(max-width: 920px) 100vw, 920px\" \/><\/a>\n\t\t\t\t<\/a>\n            <\/div>\n                <div class='wp-caption-text gallery-caption'>\n                1968 Austin Mini Cooper S 1300\n                <\/div><\/figure><figure class='gallery-item'>\n            <div class='gallery-icon landscape'>\n                <a href='https:\/\/www.supercars.net\/blog\/wp-content\/uploads\/2014\/04\/0288.jpg' class='tipi-lightbox'>\n\t\t\t\t<a href='https:\/\/www.supercars.net\/blog\/wp-content\/uploads\/2014\/04\/0288.jpg'><img decoding=\"async\" width=\"920\" height=\"612\" src=\"https:\/\/www.supercars.net\/blog\/wp-content\/uploads\/2014\/04\/0288.jpg\" class=\"attachment-full size-full\" alt=\"\" srcset=\"https:\/\/www.supercars.net\/blog\/wp-content\/uploads\/2014\/04\/0288.jpg 920w, https:\/\/www.supercars.net\/blog\/wp-content\/uploads\/2014\/04\/0288-300x200.jpg 300w, https:\/\/www.supercars.net\/blog\/wp-content\/uploads\/2014\/04\/0288-100x67.jpg 100w, https:\/\/www.supercars.net\/blog\/wp-content\/uploads\/2014\/04\/0288-770x512.jpg 770w, https:\/\/www.supercars.net\/blog\/wp-content\/uploads\/2014\/04\/0288-360x240.jpg 360w, https:\/\/www.supercars.net\/blog\/wp-content\/uploads\/2014\/04\/0288-370x247.jpg 370w, https:\/\/www.supercars.net\/blog\/wp-content\/uploads\/2014\/04\/0288-293x195.jpg 293w\" sizes=\"(max-width: 920px) 100vw, 920px\" \/><\/a>\n\t\t\t\t<\/a>\n            <\/div>\n                <div class='wp-caption-text gallery-caption'>\n                1959 MG A\n                <\/div><\/figure><figure class='gallery-item'>\n            <div class='gallery-icon landscape'>\n                <a href='https:\/\/www.supercars.net\/blog\/wp-content\/uploads\/2014\/04\/0289.jpg' class='tipi-lightbox'>\n\t\t\t\t<a href='https:\/\/www.supercars.net\/blog\/wp-content\/uploads\/2014\/04\/0289.jpg'><img decoding=\"async\" width=\"920\" height=\"612\" src=\"https:\/\/www.supercars.net\/blog\/wp-content\/uploads\/2014\/04\/0289.jpg\" class=\"attachment-full size-full\" alt=\"\" srcset=\"https:\/\/www.supercars.net\/blog\/wp-content\/uploads\/2014\/04\/0289.jpg 920w, https:\/\/www.supercars.net\/blog\/wp-content\/uploads\/2014\/04\/0289-300x200.jpg 300w, https:\/\/www.supercars.net\/blog\/wp-content\/uploads\/2014\/04\/0289-100x67.jpg 100w, https:\/\/www.supercars.net\/blog\/wp-content\/uploads\/2014\/04\/0289-770x512.jpg 770w, https:\/\/www.supercars.net\/blog\/wp-content\/uploads\/2014\/04\/0289-360x240.jpg 360w, https:\/\/www.supercars.net\/blog\/wp-content\/uploads\/2014\/04\/0289-370x247.jpg 370w, https:\/\/www.supercars.net\/blog\/wp-content\/uploads\/2014\/04\/0289-293x195.jpg 293w\" sizes=\"(max-width: 920px) 100vw, 920px\" \/><\/a>\n\t\t\t\t<\/a>\n            <\/div>\n                <div class='wp-caption-text gallery-caption'>\n                1962 Porsche 356 B\n                <\/div><\/figure><figure class='gallery-item'>\n            <div class='gallery-icon landscape'>\n                <a href='https:\/\/www.supercars.net\/blog\/wp-content\/uploads\/2014\/04\/0290.jpg' class='tipi-lightbox'>\n\t\t\t\t<a href='https:\/\/www.supercars.net\/blog\/wp-content\/uploads\/2014\/04\/0290.jpg'><img decoding=\"async\" width=\"920\" height=\"612\" src=\"https:\/\/www.supercars.net\/blog\/wp-content\/uploads\/2014\/04\/0290.jpg\" class=\"attachment-full size-full\" alt=\"\" srcset=\"https:\/\/www.supercars.net\/blog\/wp-content\/uploads\/2014\/04\/0290.jpg 920w, https:\/\/www.supercars.net\/blog\/wp-content\/uploads\/2014\/04\/0290-300x200.jpg 300w, https:\/\/www.supercars.net\/blog\/wp-content\/uploads\/2014\/04\/0290-100x67.jpg 100w, https:\/\/www.supercars.net\/blog\/wp-content\/uploads\/2014\/04\/0290-770x512.jpg 770w, https:\/\/www.supercars.net\/blog\/wp-content\/uploads\/2014\/04\/0290-360x240.jpg 360w, https:\/\/www.supercars.net\/blog\/wp-content\/uploads\/2014\/04\/0290-370x247.jpg 370w, https:\/\/www.supercars.net\/blog\/wp-content\/uploads\/2014\/04\/0290-293x195.jpg 293w\" sizes=\"(max-width: 920px) 100vw, 920px\" \/><\/a>\n\t\t\t\t<\/a>\n            <\/div>\n                <div class='wp-caption-text gallery-caption'>\n                1954 Porsche 356 A 1500 Carrera GT Speedster\n                <\/div><\/figure><figure class='gallery-item'>\n            <div class='gallery-icon landscape'>\n                <a href='https:\/\/www.supercars.net\/blog\/wp-content\/uploads\/2014\/04\/0291.jpg' class='tipi-lightbox'>\n\t\t\t\t<a href='https:\/\/www.supercars.net\/blog\/wp-content\/uploads\/2014\/04\/0291.jpg'><img decoding=\"async\" width=\"920\" height=\"612\" src=\"https:\/\/www.supercars.net\/blog\/wp-content\/uploads\/2014\/04\/0291.jpg\" class=\"attachment-full size-full\" alt=\"\" srcset=\"https:\/\/www.supercars.net\/blog\/wp-content\/uploads\/2014\/04\/0291.jpg 920w, https:\/\/www.supercars.net\/blog\/wp-content\/uploads\/2014\/04\/0291-300x200.jpg 300w, https:\/\/www.supercars.net\/blog\/wp-content\/uploads\/2014\/04\/0291-100x67.jpg 100w, https:\/\/www.supercars.net\/blog\/wp-content\/uploads\/2014\/04\/0291-770x512.jpg 770w, https:\/\/www.supercars.net\/blog\/wp-content\/uploads\/2014\/04\/0291-360x240.jpg 360w, https:\/\/www.supercars.net\/blog\/wp-content\/uploads\/2014\/04\/0291-370x247.jpg 370w, https:\/\/www.supercars.net\/blog\/wp-content\/uploads\/2014\/04\/0291-293x195.jpg 293w\" sizes=\"(max-width: 920px) 100vw, 920px\" \/><\/a>\n\t\t\t\t<\/a>\n            <\/div>\n                <div class='wp-caption-text gallery-caption'>\n                1965 MG B\n                <\/div><\/figure><figure class='gallery-item'>\n            <div class='gallery-icon landscape'>\n                <a href='https:\/\/www.supercars.net\/blog\/wp-content\/uploads\/2014\/04\/0292.jpg' class='tipi-lightbox'>\n\t\t\t\t<a href='https:\/\/www.supercars.net\/blog\/wp-content\/uploads\/2014\/04\/0292.jpg'><img decoding=\"async\" width=\"920\" height=\"612\" src=\"https:\/\/www.supercars.net\/blog\/wp-content\/uploads\/2014\/04\/0292.jpg\" class=\"attachment-full size-full\" alt=\"\" srcset=\"https:\/\/www.supercars.net\/blog\/wp-content\/uploads\/2014\/04\/0292.jpg 920w, https:\/\/www.supercars.net\/blog\/wp-content\/uploads\/2014\/04\/0292-300x200.jpg 300w, https:\/\/www.supercars.net\/blog\/wp-content\/uploads\/2014\/04\/0292-100x67.jpg 100w, https:\/\/www.supercars.net\/blog\/wp-content\/uploads\/2014\/04\/0292-770x512.jpg 770w, https:\/\/www.supercars.net\/blog\/wp-content\/uploads\/2014\/04\/0292-360x240.jpg 360w, https:\/\/www.supercars.net\/blog\/wp-content\/uploads\/2014\/04\/0292-370x247.jpg 370w, https:\/\/www.supercars.net\/blog\/wp-content\/uploads\/2014\/04\/0292-293x195.jpg 293w\" sizes=\"(max-width: 920px) 100vw, 920px\" \/><\/a>\n\t\t\t\t<\/a>\n            <\/div>\n                <div class='wp-caption-text gallery-caption'>\n                1954 Austin-Healey 100\/4\n                <\/div><\/figure><figure class='gallery-item'>\n            <div class='gallery-icon landscape'>\n                <a href='https:\/\/www.supercars.net\/blog\/wp-content\/uploads\/2014\/04\/0293.jpg' class='tipi-lightbox'>\n\t\t\t\t<a href='https:\/\/www.supercars.net\/blog\/wp-content\/uploads\/2014\/04\/0293.jpg'><img decoding=\"async\" width=\"920\" height=\"612\" src=\"https:\/\/www.supercars.net\/blog\/wp-content\/uploads\/2014\/04\/0293.jpg\" class=\"attachment-full size-full\" alt=\"\" srcset=\"https:\/\/www.supercars.net\/blog\/wp-content\/uploads\/2014\/04\/0293.jpg 920w, https:\/\/www.supercars.net\/blog\/wp-content\/uploads\/2014\/04\/0293-300x200.jpg 300w, https:\/\/www.supercars.net\/blog\/wp-content\/uploads\/2014\/04\/0293-100x67.jpg 100w, https:\/\/www.supercars.net\/blog\/wp-content\/uploads\/2014\/04\/0293-770x512.jpg 770w, https:\/\/www.supercars.net\/blog\/wp-content\/uploads\/2014\/04\/0293-360x240.jpg 360w, https:\/\/www.supercars.net\/blog\/wp-content\/uploads\/2014\/04\/0293-370x247.jpg 370w, https:\/\/www.supercars.net\/blog\/wp-content\/uploads\/2014\/04\/0293-293x195.jpg 293w\" sizes=\"(max-width: 920px) 100vw, 920px\" \/><\/a>\n\t\t\t\t<\/a>\n            <\/div>\n                <div class='wp-caption-text gallery-caption'>\n                Tour Auto Rally 2014\n                <\/div><\/figure><figure class='gallery-item'>\n            <div class='gallery-icon landscape'>\n                <a href='https:\/\/www.supercars.net\/blog\/wp-content\/uploads\/2014\/04\/0294.jpg' class='tipi-lightbox'>\n\t\t\t\t<a href='https:\/\/www.supercars.net\/blog\/wp-content\/uploads\/2014\/04\/0294.jpg'><img decoding=\"async\" width=\"920\" height=\"612\" src=\"https:\/\/www.supercars.net\/blog\/wp-content\/uploads\/2014\/04\/0294.jpg\" class=\"attachment-full size-full\" alt=\"\" srcset=\"https:\/\/www.supercars.net\/blog\/wp-content\/uploads\/2014\/04\/0294.jpg 920w, https:\/\/www.supercars.net\/blog\/wp-content\/uploads\/2014\/04\/0294-300x200.jpg 300w, https:\/\/www.supercars.net\/blog\/wp-content\/uploads\/2014\/04\/0294-100x67.jpg 100w, https:\/\/www.supercars.net\/blog\/wp-content\/uploads\/2014\/04\/0294-770x512.jpg 770w, https:\/\/www.supercars.net\/blog\/wp-content\/uploads\/2014\/04\/0294-360x240.jpg 360w, https:\/\/www.supercars.net\/blog\/wp-content\/uploads\/2014\/04\/0294-370x247.jpg 370w, https:\/\/www.supercars.net\/blog\/wp-content\/uploads\/2014\/04\/0294-293x195.jpg 293w\" sizes=\"(max-width: 920px) 100vw, 920px\" \/><\/a>\n\t\t\t\t<\/a>\n            <\/div>\n                <div class='wp-caption-text gallery-caption'>\n                1959 MG A\n                <\/div><\/figure><figure class='gallery-item'>\n            <div class='gallery-icon landscape'>\n                <a href='https:\/\/www.supercars.net\/blog\/wp-content\/uploads\/2014\/04\/0295.jpg' class='tipi-lightbox'>\n\t\t\t\t<a href='https:\/\/www.supercars.net\/blog\/wp-content\/uploads\/2014\/04\/0295.jpg'><img decoding=\"async\" width=\"920\" height=\"567\" src=\"https:\/\/www.supercars.net\/blog\/wp-content\/uploads\/2014\/04\/0295.jpg\" class=\"attachment-full size-full\" alt=\"\" srcset=\"https:\/\/www.supercars.net\/blog\/wp-content\/uploads\/2014\/04\/0295.jpg 920w, https:\/\/www.supercars.net\/blog\/wp-content\/uploads\/2014\/04\/0295-300x185.jpg 300w, https:\/\/www.supercars.net\/blog\/wp-content\/uploads\/2014\/04\/0295-100x62.jpg 100w, https:\/\/www.supercars.net\/blog\/wp-content\/uploads\/2014\/04\/0295-770x475.jpg 770w, https:\/\/www.supercars.net\/blog\/wp-content\/uploads\/2014\/04\/0295-293x181.jpg 293w\" sizes=\"(max-width: 920px) 100vw, 920px\" \/><\/a>\n\t\t\t\t<\/a>\n            <\/div>\n                <div class='wp-caption-text gallery-caption'>\n                Tour Auto Rally 2014\n                <\/div><\/figure><figure class='gallery-item'>\n            <div class='gallery-icon landscape'>\n                <a href='https:\/\/www.supercars.net\/blog\/wp-content\/uploads\/2014\/04\/0296.jpg' class='tipi-lightbox'>\n\t\t\t\t<a href='https:\/\/www.supercars.net\/blog\/wp-content\/uploads\/2014\/04\/0296.jpg'><img decoding=\"async\" width=\"920\" height=\"612\" src=\"https:\/\/www.supercars.net\/blog\/wp-content\/uploads\/2014\/04\/0296.jpg\" class=\"attachment-full size-full\" alt=\"\" srcset=\"https:\/\/www.supercars.net\/blog\/wp-content\/uploads\/2014\/04\/0296.jpg 920w, https:\/\/www.supercars.net\/blog\/wp-content\/uploads\/2014\/04\/0296-300x200.jpg 300w, https:\/\/www.supercars.net\/blog\/wp-content\/uploads\/2014\/04\/0296-100x67.jpg 100w, https:\/\/www.supercars.net\/blog\/wp-content\/uploads\/2014\/04\/0296-770x512.jpg 770w, https:\/\/www.supercars.net\/blog\/wp-content\/uploads\/2014\/04\/0296-360x240.jpg 360w, https:\/\/www.supercars.net\/blog\/wp-content\/uploads\/2014\/04\/0296-370x247.jpg 370w, https:\/\/www.supercars.net\/blog\/wp-content\/uploads\/2014\/04\/0296-293x195.jpg 293w\" sizes=\"(max-width: 920px) 100vw, 920px\" \/><\/a>\n\t\t\t\t<\/a>\n            <\/div>\n                <div class='wp-caption-text gallery-caption'>\n                1958 Jaguar MK I\n                <\/div><\/figure><figure class='gallery-item'>\n            <div class='gallery-icon landscape'>\n                <a href='https:\/\/www.supercars.net\/blog\/wp-content\/uploads\/2014\/04\/0297.jpg' class='tipi-lightbox'>\n\t\t\t\t<a href='https:\/\/www.supercars.net\/blog\/wp-content\/uploads\/2014\/04\/0297.jpg'><img decoding=\"async\" width=\"920\" height=\"612\" src=\"https:\/\/www.supercars.net\/blog\/wp-content\/uploads\/2014\/04\/0297.jpg\" class=\"attachment-full size-full\" alt=\"\" srcset=\"https:\/\/www.supercars.net\/blog\/wp-content\/uploads\/2014\/04\/0297.jpg 920w, https:\/\/www.supercars.net\/blog\/wp-content\/uploads\/2014\/04\/0297-300x200.jpg 300w, https:\/\/www.supercars.net\/blog\/wp-content\/uploads\/2014\/04\/0297-100x67.jpg 100w, https:\/\/www.supercars.net\/blog\/wp-content\/uploads\/2014\/04\/0297-770x512.jpg 770w, https:\/\/www.supercars.net\/blog\/wp-content\/uploads\/2014\/04\/0297-360x240.jpg 360w, https:\/\/www.supercars.net\/blog\/wp-content\/uploads\/2014\/04\/0297-370x247.jpg 370w, https:\/\/www.supercars.net\/blog\/wp-content\/uploads\/2014\/04\/0297-293x195.jpg 293w\" sizes=\"(max-width: 920px) 100vw, 920px\" \/><\/a>\n\t\t\t\t<\/a>\n            <\/div>\n                <div class='wp-caption-text gallery-caption'>\n                Tour Auto Rally 2014\n                <\/div><\/figure><figure class='gallery-item'>\n            <div class='gallery-icon landscape'>\n                <a href='https:\/\/www.supercars.net\/blog\/wp-content\/uploads\/2014\/04\/0298.jpg' class='tipi-lightbox'>\n\t\t\t\t<a href='https:\/\/www.supercars.net\/blog\/wp-content\/uploads\/2014\/04\/0298.jpg'><img decoding=\"async\" width=\"920\" height=\"612\" src=\"https:\/\/www.supercars.net\/blog\/wp-content\/uploads\/2014\/04\/0298.jpg\" class=\"attachment-full size-full\" alt=\"\" srcset=\"https:\/\/www.supercars.net\/blog\/wp-content\/uploads\/2014\/04\/0298.jpg 920w, https:\/\/www.supercars.net\/blog\/wp-content\/uploads\/2014\/04\/0298-300x200.jpg 300w, https:\/\/www.supercars.net\/blog\/wp-content\/uploads\/2014\/04\/0298-100x67.jpg 100w, https:\/\/www.supercars.net\/blog\/wp-content\/uploads\/2014\/04\/0298-770x512.jpg 770w, https:\/\/www.supercars.net\/blog\/wp-content\/uploads\/2014\/04\/0298-360x240.jpg 360w, https:\/\/www.supercars.net\/blog\/wp-content\/uploads\/2014\/04\/0298-370x247.jpg 370w, https:\/\/www.supercars.net\/blog\/wp-content\/uploads\/2014\/04\/0298-293x195.jpg 293w\" sizes=\"(max-width: 920px) 100vw, 920px\" \/><\/a>\n\t\t\t\t<\/a>\n            <\/div>\n                <div class='wp-caption-text gallery-caption'>\n                1955 Mercedes-Benz 300 SL Gullwing\n                <\/div><\/figure><figure class='gallery-item'>\n            <div class='gallery-icon landscape'>\n                <a href='https:\/\/www.supercars.net\/blog\/wp-content\/uploads\/2014\/04\/0299.jpg' class='tipi-lightbox'>\n\t\t\t\t<a href='https:\/\/www.supercars.net\/blog\/wp-content\/uploads\/2014\/04\/0299.jpg'><img decoding=\"async\" width=\"920\" height=\"612\" src=\"https:\/\/www.supercars.net\/blog\/wp-content\/uploads\/2014\/04\/0299.jpg\" class=\"attachment-full size-full\" alt=\"\" srcset=\"https:\/\/www.supercars.net\/blog\/wp-content\/uploads\/2014\/04\/0299.jpg 920w, https:\/\/www.supercars.net\/blog\/wp-content\/uploads\/2014\/04\/0299-300x200.jpg 300w, https:\/\/www.supercars.net\/blog\/wp-content\/uploads\/2014\/04\/0299-100x67.jpg 100w, https:\/\/www.supercars.net\/blog\/wp-content\/uploads\/2014\/04\/0299-770x512.jpg 770w, https:\/\/www.supercars.net\/blog\/wp-content\/uploads\/2014\/04\/0299-360x240.jpg 360w, https:\/\/www.supercars.net\/blog\/wp-content\/uploads\/2014\/04\/0299-370x247.jpg 370w, https:\/\/www.supercars.net\/blog\/wp-content\/uploads\/2014\/04\/0299-293x195.jpg 293w\" sizes=\"(max-width: 920px) 100vw, 920px\" \/><\/a>\n\t\t\t\t<\/a>\n            <\/div>\n                <div class='wp-caption-text gallery-caption'>\n                Tour Auto Rally 2014\n                <\/div><\/figure><figure class='gallery-item'>\n            <div class='gallery-icon landscape'>\n                <a href='https:\/\/www.supercars.net\/blog\/wp-content\/uploads\/2014\/04\/0300.jpg' class='tipi-lightbox'>\n\t\t\t\t<a href='https:\/\/www.supercars.net\/blog\/wp-content\/uploads\/2014\/04\/0300.jpg'><img decoding=\"async\" width=\"920\" height=\"612\" src=\"https:\/\/www.supercars.net\/blog\/wp-content\/uploads\/2014\/04\/0300.jpg\" class=\"attachment-full size-full\" alt=\"\" srcset=\"https:\/\/www.supercars.net\/blog\/wp-content\/uploads\/2014\/04\/0300.jpg 920w, https:\/\/www.supercars.net\/blog\/wp-content\/uploads\/2014\/04\/0300-300x200.jpg 300w, https:\/\/www.supercars.net\/blog\/wp-content\/uploads\/2014\/04\/0300-100x67.jpg 100w, https:\/\/www.supercars.net\/blog\/wp-content\/uploads\/2014\/04\/0300-770x512.jpg 770w, https:\/\/www.supercars.net\/blog\/wp-content\/uploads\/2014\/04\/0300-360x240.jpg 360w, https:\/\/www.supercars.net\/blog\/wp-content\/uploads\/2014\/04\/0300-370x247.jpg 370w, https:\/\/www.supercars.net\/blog\/wp-content\/uploads\/2014\/04\/0300-293x195.jpg 293w\" sizes=\"(max-width: 920px) 100vw, 920px\" \/><\/a>\n\t\t\t\t<\/a>\n            <\/div>\n                <div class='wp-caption-text gallery-caption'>\n                Tour Auto Rally 2014\n                <\/div><\/figure><figure class='gallery-item'>\n            <div class='gallery-icon landscape'>\n                <a href='https:\/\/www.supercars.net\/blog\/wp-content\/uploads\/2014\/04\/0301.jpg' class='tipi-lightbox'>\n\t\t\t\t<a href='https:\/\/www.supercars.net\/blog\/wp-content\/uploads\/2014\/04\/0301.jpg'><img decoding=\"async\" width=\"920\" height=\"612\" src=\"https:\/\/www.supercars.net\/blog\/wp-content\/uploads\/2014\/04\/0301.jpg\" class=\"attachment-full size-full\" alt=\"\" srcset=\"https:\/\/www.supercars.net\/blog\/wp-content\/uploads\/2014\/04\/0301.jpg 920w, https:\/\/www.supercars.net\/blog\/wp-content\/uploads\/2014\/04\/0301-300x200.jpg 300w, https:\/\/www.supercars.net\/blog\/wp-content\/uploads\/2014\/04\/0301-100x67.jpg 100w, https:\/\/www.supercars.net\/blog\/wp-content\/uploads\/2014\/04\/0301-770x512.jpg 770w, https:\/\/www.supercars.net\/blog\/wp-content\/uploads\/2014\/04\/0301-360x240.jpg 360w, https:\/\/www.supercars.net\/blog\/wp-content\/uploads\/2014\/04\/0301-370x247.jpg 370w, https:\/\/www.supercars.net\/blog\/wp-content\/uploads\/2014\/04\/0301-293x195.jpg 293w\" sizes=\"(max-width: 920px) 100vw, 920px\" \/><\/a>\n\t\t\t\t<\/a>\n            <\/div>\n                <div class='wp-caption-text gallery-caption'>\n                1954 Frazer Nash Le Mans Replica\n                <\/div><\/figure><figure class='gallery-item'>\n            <div class='gallery-icon landscape'>\n                <a href='https:\/\/www.supercars.net\/blog\/wp-content\/uploads\/2014\/04\/0302.jpg' class='tipi-lightbox'>\n\t\t\t\t<a href='https:\/\/www.supercars.net\/blog\/wp-content\/uploads\/2014\/04\/0302.jpg'><img decoding=\"async\" width=\"920\" height=\"612\" src=\"https:\/\/www.supercars.net\/blog\/wp-content\/uploads\/2014\/04\/0302.jpg\" class=\"attachment-full size-full\" alt=\"\" srcset=\"https:\/\/www.supercars.net\/blog\/wp-content\/uploads\/2014\/04\/0302.jpg 920w, https:\/\/www.supercars.net\/blog\/wp-content\/uploads\/2014\/04\/0302-300x200.jpg 300w, https:\/\/www.supercars.net\/blog\/wp-content\/uploads\/2014\/04\/0302-100x67.jpg 100w, https:\/\/www.supercars.net\/blog\/wp-content\/uploads\/2014\/04\/0302-770x512.jpg 770w, https:\/\/www.supercars.net\/blog\/wp-content\/uploads\/2014\/04\/0302-360x240.jpg 360w, https:\/\/www.supercars.net\/blog\/wp-content\/uploads\/2014\/04\/0302-370x247.jpg 370w, https:\/\/www.supercars.net\/blog\/wp-content\/uploads\/2014\/04\/0302-293x195.jpg 293w\" sizes=\"(max-width: 920px) 100vw, 920px\" \/><\/a>\n\t\t\t\t<\/a>\n            <\/div>\n                <div class='wp-caption-text gallery-caption'>\n                Tour Auto Rally 2014\n                <\/div><\/figure><figure class='gallery-item'>\n            <div class='gallery-icon landscape'>\n                <a href='https:\/\/www.supercars.net\/blog\/wp-content\/uploads\/2014\/04\/0303.jpg' class='tipi-lightbox'>\n\t\t\t\t<a href='https:\/\/www.supercars.net\/blog\/wp-content\/uploads\/2014\/04\/0303.jpg'><img decoding=\"async\" width=\"920\" height=\"612\" src=\"https:\/\/www.supercars.net\/blog\/wp-content\/uploads\/2014\/04\/0303.jpg\" class=\"attachment-full size-full\" alt=\"\" srcset=\"https:\/\/www.supercars.net\/blog\/wp-content\/uploads\/2014\/04\/0303.jpg 920w, https:\/\/www.supercars.net\/blog\/wp-content\/uploads\/2014\/04\/0303-300x200.jpg 300w, https:\/\/www.supercars.net\/blog\/wp-content\/uploads\/2014\/04\/0303-100x67.jpg 100w, https:\/\/www.supercars.net\/blog\/wp-content\/uploads\/2014\/04\/0303-770x512.jpg 770w, https:\/\/www.supercars.net\/blog\/wp-content\/uploads\/2014\/04\/0303-360x240.jpg 360w, https:\/\/www.supercars.net\/blog\/wp-content\/uploads\/2014\/04\/0303-370x247.jpg 370w, https:\/\/www.supercars.net\/blog\/wp-content\/uploads\/2014\/04\/0303-293x195.jpg 293w\" sizes=\"(max-width: 920px) 100vw, 920px\" \/><\/a>\n\t\t\t\t<\/a>\n            <\/div>\n                <div class='wp-caption-text gallery-caption'>\n                Tour Auto Rally 2014\n                <\/div><\/figure><figure class='gallery-item'>\n            <div class='gallery-icon landscape'>\n                <a href='https:\/\/www.supercars.net\/blog\/wp-content\/uploads\/2014\/04\/0304.jpg' class='tipi-lightbox'>\n\t\t\t\t<a href='https:\/\/www.supercars.net\/blog\/wp-content\/uploads\/2014\/04\/0304.jpg'><img decoding=\"async\" width=\"920\" height=\"612\" src=\"https:\/\/www.supercars.net\/blog\/wp-content\/uploads\/2014\/04\/0304.jpg\" class=\"attachment-full size-full\" alt=\"\" srcset=\"https:\/\/www.supercars.net\/blog\/wp-content\/uploads\/2014\/04\/0304.jpg 920w, https:\/\/www.supercars.net\/blog\/wp-content\/uploads\/2014\/04\/0304-300x200.jpg 300w, https:\/\/www.supercars.net\/blog\/wp-content\/uploads\/2014\/04\/0304-100x67.jpg 100w, https:\/\/www.supercars.net\/blog\/wp-content\/uploads\/2014\/04\/0304-770x512.jpg 770w, https:\/\/www.supercars.net\/blog\/wp-content\/uploads\/2014\/04\/0304-360x240.jpg 360w, https:\/\/www.supercars.net\/blog\/wp-content\/uploads\/2014\/04\/0304-370x247.jpg 370w, https:\/\/www.supercars.net\/blog\/wp-content\/uploads\/2014\/04\/0304-293x195.jpg 293w\" sizes=\"(max-width: 920px) 100vw, 920px\" \/><\/a>\n\t\t\t\t<\/a>\n            <\/div>\n                <div class='wp-caption-text gallery-caption'>\n                1960 Triumph TR3 A\n                <\/div><\/figure><figure class='gallery-item'>\n            <div class='gallery-icon landscape'>\n                <a href='https:\/\/www.supercars.net\/blog\/wp-content\/uploads\/2014\/04\/0305.jpg' class='tipi-lightbox'>\n\t\t\t\t<a href='https:\/\/www.supercars.net\/blog\/wp-content\/uploads\/2014\/04\/0305.jpg'><img decoding=\"async\" width=\"920\" height=\"612\" src=\"https:\/\/www.supercars.net\/blog\/wp-content\/uploads\/2014\/04\/0305.jpg\" class=\"attachment-full size-full\" alt=\"\" srcset=\"https:\/\/www.supercars.net\/blog\/wp-content\/uploads\/2014\/04\/0305.jpg 920w, https:\/\/www.supercars.net\/blog\/wp-content\/uploads\/2014\/04\/0305-300x200.jpg 300w, https:\/\/www.supercars.net\/blog\/wp-content\/uploads\/2014\/04\/0305-100x67.jpg 100w, https:\/\/www.supercars.net\/blog\/wp-content\/uploads\/2014\/04\/0305-770x512.jpg 770w, https:\/\/www.supercars.net\/blog\/wp-content\/uploads\/2014\/04\/0305-360x240.jpg 360w, https:\/\/www.supercars.net\/blog\/wp-content\/uploads\/2014\/04\/0305-370x247.jpg 370w, https:\/\/www.supercars.net\/blog\/wp-content\/uploads\/2014\/04\/0305-293x195.jpg 293w\" sizes=\"(max-width: 920px) 100vw, 920px\" \/><\/a>\n\t\t\t\t<\/a>\n            <\/div>\n                <div class='wp-caption-text gallery-caption'>\n                Tour Auto Rally 2014\n                <\/div><\/figure><figure class='gallery-item'>\n            <div class='gallery-icon landscape'>\n                <a href='https:\/\/www.supercars.net\/blog\/wp-content\/uploads\/2014\/04\/0306.jpg' class='tipi-lightbox'>\n\t\t\t\t<a href='https:\/\/www.supercars.net\/blog\/wp-content\/uploads\/2014\/04\/0306.jpg'><img decoding=\"async\" width=\"920\" height=\"612\" src=\"https:\/\/www.supercars.net\/blog\/wp-content\/uploads\/2014\/04\/0306.jpg\" class=\"attachment-full size-full\" alt=\"\" srcset=\"https:\/\/www.supercars.net\/blog\/wp-content\/uploads\/2014\/04\/0306.jpg 920w, https:\/\/www.supercars.net\/blog\/wp-content\/uploads\/2014\/04\/0306-300x200.jpg 300w, https:\/\/www.supercars.net\/blog\/wp-content\/uploads\/2014\/04\/0306-100x67.jpg 100w, https:\/\/www.supercars.net\/blog\/wp-content\/uploads\/2014\/04\/0306-770x512.jpg 770w, https:\/\/www.supercars.net\/blog\/wp-content\/uploads\/2014\/04\/0306-360x240.jpg 360w, https:\/\/www.supercars.net\/blog\/wp-content\/uploads\/2014\/04\/0306-370x247.jpg 370w, https:\/\/www.supercars.net\/blog\/wp-content\/uploads\/2014\/04\/0306-293x195.jpg 293w\" sizes=\"(max-width: 920px) 100vw, 920px\" \/><\/a>\n\t\t\t\t<\/a>\n            <\/div>\n                <div class='wp-caption-text gallery-caption'>\n                Tour Auto Rally 2014\n                <\/div><\/figure><figure class='gallery-item'>\n            <div class='gallery-icon landscape'>\n                <a href='https:\/\/www.supercars.net\/blog\/wp-content\/uploads\/2014\/04\/0307.jpg' class='tipi-lightbox'>\n\t\t\t\t<a href='https:\/\/www.supercars.net\/blog\/wp-content\/uploads\/2014\/04\/0307.jpg'><img decoding=\"async\" width=\"920\" height=\"612\" src=\"https:\/\/www.supercars.net\/blog\/wp-content\/uploads\/2014\/04\/0307.jpg\" class=\"attachment-full size-full\" alt=\"\" srcset=\"https:\/\/www.supercars.net\/blog\/wp-content\/uploads\/2014\/04\/0307.jpg 920w, https:\/\/www.supercars.net\/blog\/wp-content\/uploads\/2014\/04\/0307-300x200.jpg 300w, https:\/\/www.supercars.net\/blog\/wp-content\/uploads\/2014\/04\/0307-100x67.jpg 100w, https:\/\/www.supercars.net\/blog\/wp-content\/uploads\/2014\/04\/0307-770x512.jpg 770w, https:\/\/www.supercars.net\/blog\/wp-content\/uploads\/2014\/04\/0307-360x240.jpg 360w, https:\/\/www.supercars.net\/blog\/wp-content\/uploads\/2014\/04\/0307-370x247.jpg 370w, https:\/\/www.supercars.net\/blog\/wp-content\/uploads\/2014\/04\/0307-293x195.jpg 293w\" sizes=\"(max-width: 920px) 100vw, 920px\" \/><\/a>\n\t\t\t\t<\/a>\n            <\/div>\n                <div class='wp-caption-text gallery-caption'>\n                1965 Ferrari 275 GTB\/2\n                <\/div><\/figure><figure class='gallery-item'>\n            <div class='gallery-icon landscape'>\n                <a href='https:\/\/www.supercars.net\/blog\/wp-content\/uploads\/2014\/04\/0308.jpg' class='tipi-lightbox'>\n\t\t\t\t<a href='https:\/\/www.supercars.net\/blog\/wp-content\/uploads\/2014\/04\/0308.jpg'><img decoding=\"async\" width=\"920\" height=\"612\" src=\"https:\/\/www.supercars.net\/blog\/wp-content\/uploads\/2014\/04\/0308.jpg\" class=\"attachment-full size-full\" alt=\"\" srcset=\"https:\/\/www.supercars.net\/blog\/wp-content\/uploads\/2014\/04\/0308.jpg 920w, https:\/\/www.supercars.net\/blog\/wp-content\/uploads\/2014\/04\/0308-300x200.jpg 300w, https:\/\/www.supercars.net\/blog\/wp-content\/uploads\/2014\/04\/0308-100x67.jpg 100w, https:\/\/www.supercars.net\/blog\/wp-content\/uploads\/2014\/04\/0308-770x512.jpg 770w, https:\/\/www.supercars.net\/blog\/wp-content\/uploads\/2014\/04\/0308-360x240.jpg 360w, https:\/\/www.supercars.net\/blog\/wp-content\/uploads\/2014\/04\/0308-370x247.jpg 370w, https:\/\/www.supercars.net\/blog\/wp-content\/uploads\/2014\/04\/0308-293x195.jpg 293w\" sizes=\"(max-width: 920px) 100vw, 920px\" \/><\/a>\n\t\t\t\t<\/a>\n            <\/div>\n                <div class='wp-caption-text gallery-caption'>\n                Tour Auto Rally 2014\n                <\/div><\/figure><figure class='gallery-item'>\n            <div class='gallery-icon landscape'>\n                <a href='https:\/\/www.supercars.net\/blog\/wp-content\/uploads\/2014\/04\/0309.jpg' class='tipi-lightbox'>\n\t\t\t\t<a href='https:\/\/www.supercars.net\/blog\/wp-content\/uploads\/2014\/04\/0309.jpg'><img decoding=\"async\" width=\"920\" height=\"612\" src=\"https:\/\/www.supercars.net\/blog\/wp-content\/uploads\/2014\/04\/0309.jpg\" class=\"attachment-full size-full\" alt=\"\" srcset=\"https:\/\/www.supercars.net\/blog\/wp-content\/uploads\/2014\/04\/0309.jpg 920w, https:\/\/www.supercars.net\/blog\/wp-content\/uploads\/2014\/04\/0309-300x200.jpg 300w, https:\/\/www.supercars.net\/blog\/wp-content\/uploads\/2014\/04\/0309-100x67.jpg 100w, https:\/\/www.supercars.net\/blog\/wp-content\/uploads\/2014\/04\/0309-770x512.jpg 770w, https:\/\/www.supercars.net\/blog\/wp-content\/uploads\/2014\/04\/0309-360x240.jpg 360w, https:\/\/www.supercars.net\/blog\/wp-content\/uploads\/2014\/04\/0309-370x247.jpg 370w, https:\/\/www.supercars.net\/blog\/wp-content\/uploads\/2014\/04\/0309-293x195.jpg 293w\" sizes=\"(max-width: 920px) 100vw, 920px\" \/><\/a>\n\t\t\t\t<\/a>\n            <\/div>\n                <div class='wp-caption-text gallery-caption'>\n                Tour Auto Rally 2014\n                <\/div><\/figure><figure class='gallery-item'>\n            <div class='gallery-icon landscape'>\n                <a href='https:\/\/www.supercars.net\/blog\/wp-content\/uploads\/2014\/04\/0310.jpg' class='tipi-lightbox'>\n\t\t\t\t<a href='https:\/\/www.supercars.net\/blog\/wp-content\/uploads\/2014\/04\/0310.jpg'><img decoding=\"async\" width=\"920\" height=\"612\" src=\"https:\/\/www.supercars.net\/blog\/wp-content\/uploads\/2014\/04\/0310.jpg\" class=\"attachment-full size-full\" alt=\"\" srcset=\"https:\/\/www.supercars.net\/blog\/wp-content\/uploads\/2014\/04\/0310.jpg 920w, https:\/\/www.supercars.net\/blog\/wp-content\/uploads\/2014\/04\/0310-300x200.jpg 300w, https:\/\/www.supercars.net\/blog\/wp-content\/uploads\/2014\/04\/0310-100x67.jpg 100w, https:\/\/www.supercars.net\/blog\/wp-content\/uploads\/2014\/04\/0310-770x512.jpg 770w, https:\/\/www.supercars.net\/blog\/wp-content\/uploads\/2014\/04\/0310-360x240.jpg 360w, https:\/\/www.supercars.net\/blog\/wp-content\/uploads\/2014\/04\/0310-370x247.jpg 370w, https:\/\/www.supercars.net\/blog\/wp-content\/uploads\/2014\/04\/0310-293x195.jpg 293w\" sizes=\"(max-width: 920px) 100vw, 920px\" \/><\/a>\n\t\t\t\t<\/a>\n            <\/div>\n                <div class='wp-caption-text gallery-caption'>\n                Tour Auto Rally 2014\n                <\/div><\/figure><figure class='gallery-item'>\n            <div class='gallery-icon landscape'>\n                <a href='https:\/\/www.supercars.net\/blog\/wp-content\/uploads\/2014\/04\/0311.jpg' class='tipi-lightbox'>\n\t\t\t\t<a href='https:\/\/www.supercars.net\/blog\/wp-content\/uploads\/2014\/04\/0311.jpg'><img decoding=\"async\" width=\"920\" height=\"612\" src=\"https:\/\/www.supercars.net\/blog\/wp-content\/uploads\/2014\/04\/0311.jpg\" class=\"attachment-full size-full\" alt=\"\" srcset=\"https:\/\/www.supercars.net\/blog\/wp-content\/uploads\/2014\/04\/0311.jpg 920w, https:\/\/www.supercars.net\/blog\/wp-content\/uploads\/2014\/04\/0311-300x200.jpg 300w, https:\/\/www.supercars.net\/blog\/wp-content\/uploads\/2014\/04\/0311-100x67.jpg 100w, https:\/\/www.supercars.net\/blog\/wp-content\/uploads\/2014\/04\/0311-770x512.jpg 770w, https:\/\/www.supercars.net\/blog\/wp-content\/uploads\/2014\/04\/0311-360x240.jpg 360w, https:\/\/www.supercars.net\/blog\/wp-content\/uploads\/2014\/04\/0311-370x247.jpg 370w, https:\/\/www.supercars.net\/blog\/wp-content\/uploads\/2014\/04\/0311-293x195.jpg 293w\" sizes=\"(max-width: 920px) 100vw, 920px\" \/><\/a>\n\t\t\t\t<\/a>\n            <\/div>\n                <div class='wp-caption-text gallery-caption'>\n                Tour Auto Rally 2014\n                <\/div><\/figure><figure class='gallery-item'>\n            <div class='gallery-icon landscape'>\n                <a href='https:\/\/www.supercars.net\/blog\/wp-content\/uploads\/2014\/04\/0312.jpg' class='tipi-lightbox'>\n\t\t\t\t<a href='https:\/\/www.supercars.net\/blog\/wp-content\/uploads\/2014\/04\/0312.jpg'><img decoding=\"async\" width=\"920\" height=\"612\" src=\"https:\/\/www.supercars.net\/blog\/wp-content\/uploads\/2014\/04\/0312.jpg\" class=\"attachment-full size-full\" alt=\"\" srcset=\"https:\/\/www.supercars.net\/blog\/wp-content\/uploads\/2014\/04\/0312.jpg 920w, https:\/\/www.supercars.net\/blog\/wp-content\/uploads\/2014\/04\/0312-300x200.jpg 300w, https:\/\/www.supercars.net\/blog\/wp-content\/uploads\/2014\/04\/0312-100x67.jpg 100w, https:\/\/www.supercars.net\/blog\/wp-content\/uploads\/2014\/04\/0312-770x512.jpg 770w, https:\/\/www.supercars.net\/blog\/wp-content\/uploads\/2014\/04\/0312-360x240.jpg 360w, https:\/\/www.supercars.net\/blog\/wp-content\/uploads\/2014\/04\/0312-370x247.jpg 370w, https:\/\/www.supercars.net\/blog\/wp-content\/uploads\/2014\/04\/0312-293x195.jpg 293w\" sizes=\"(max-width: 920px) 100vw, 920px\" \/><\/a>\n\t\t\t\t<\/a>\n            <\/div>\n                <div class='wp-caption-text gallery-caption'>\n                Tour Auto Rally 2014\n                <\/div><\/figure><figure class='gallery-item'>\n            <div class='gallery-icon landscape'>\n                <a href='https:\/\/www.supercars.net\/blog\/wp-content\/uploads\/2014\/04\/0313.jpg' class='tipi-lightbox'>\n\t\t\t\t<a href='https:\/\/www.supercars.net\/blog\/wp-content\/uploads\/2014\/04\/0313.jpg'><img decoding=\"async\" width=\"920\" height=\"612\" src=\"https:\/\/www.supercars.net\/blog\/wp-content\/uploads\/2014\/04\/0313.jpg\" class=\"attachment-full size-full\" alt=\"\" srcset=\"https:\/\/www.supercars.net\/blog\/wp-content\/uploads\/2014\/04\/0313.jpg 920w, https:\/\/www.supercars.net\/blog\/wp-content\/uploads\/2014\/04\/0313-300x200.jpg 300w, https:\/\/www.supercars.net\/blog\/wp-content\/uploads\/2014\/04\/0313-100x67.jpg 100w, https:\/\/www.supercars.net\/blog\/wp-content\/uploads\/2014\/04\/0313-770x512.jpg 770w, https:\/\/www.supercars.net\/blog\/wp-content\/uploads\/2014\/04\/0313-360x240.jpg 360w, https:\/\/www.supercars.net\/blog\/wp-content\/uploads\/2014\/04\/0313-370x247.jpg 370w, https:\/\/www.supercars.net\/blog\/wp-content\/uploads\/2014\/04\/0313-293x195.jpg 293w\" sizes=\"(max-width: 920px) 100vw, 920px\" \/><\/a>\n\t\t\t\t<\/a>\n            <\/div>\n                <div class='wp-caption-text gallery-caption'>\n                Tour Auto Rally 2014\n                <\/div><\/figure><figure class='gallery-item'>\n            <div class='gallery-icon landscape'>\n                <a href='https:\/\/www.supercars.net\/blog\/wp-content\/uploads\/2014\/04\/0314.jpg' class='tipi-lightbox'>\n\t\t\t\t<a href='https:\/\/www.supercars.net\/blog\/wp-content\/uploads\/2014\/04\/0314.jpg'><img decoding=\"async\" width=\"920\" height=\"612\" src=\"https:\/\/www.supercars.net\/blog\/wp-content\/uploads\/2014\/04\/0314.jpg\" class=\"attachment-full size-full\" alt=\"\" srcset=\"https:\/\/www.supercars.net\/blog\/wp-content\/uploads\/2014\/04\/0314.jpg 920w, https:\/\/www.supercars.net\/blog\/wp-content\/uploads\/2014\/04\/0314-300x200.jpg 300w, https:\/\/www.supercars.net\/blog\/wp-content\/uploads\/2014\/04\/0314-100x67.jpg 100w, https:\/\/www.supercars.net\/blog\/wp-content\/uploads\/2014\/04\/0314-770x512.jpg 770w, https:\/\/www.supercars.net\/blog\/wp-content\/uploads\/2014\/04\/0314-360x240.jpg 360w, https:\/\/www.supercars.net\/blog\/wp-content\/uploads\/2014\/04\/0314-370x247.jpg 370w, https:\/\/www.supercars.net\/blog\/wp-content\/uploads\/2014\/04\/0314-293x195.jpg 293w\" sizes=\"(max-width: 920px) 100vw, 920px\" \/><\/a>\n\t\t\t\t<\/a>\n            <\/div>\n                <div class='wp-caption-text gallery-caption'>\n                Tour Auto Rally 2014\n                <\/div><\/figure><figure class='gallery-item'>\n            <div class='gallery-icon landscape'>\n                <a href='https:\/\/www.supercars.net\/blog\/wp-content\/uploads\/2014\/04\/0315.jpg' class='tipi-lightbox'>\n\t\t\t\t<a href='https:\/\/www.supercars.net\/blog\/wp-content\/uploads\/2014\/04\/0315.jpg'><img decoding=\"async\" width=\"920\" height=\"612\" src=\"https:\/\/www.supercars.net\/blog\/wp-content\/uploads\/2014\/04\/0315.jpg\" class=\"attachment-full size-full\" alt=\"\" srcset=\"https:\/\/www.supercars.net\/blog\/wp-content\/uploads\/2014\/04\/0315.jpg 920w, https:\/\/www.supercars.net\/blog\/wp-content\/uploads\/2014\/04\/0315-300x200.jpg 300w, https:\/\/www.supercars.net\/blog\/wp-content\/uploads\/2014\/04\/0315-100x67.jpg 100w, https:\/\/www.supercars.net\/blog\/wp-content\/uploads\/2014\/04\/0315-770x512.jpg 770w, https:\/\/www.supercars.net\/blog\/wp-content\/uploads\/2014\/04\/0315-360x240.jpg 360w, https:\/\/www.supercars.net\/blog\/wp-content\/uploads\/2014\/04\/0315-370x247.jpg 370w, https:\/\/www.supercars.net\/blog\/wp-content\/uploads\/2014\/04\/0315-293x195.jpg 293w\" sizes=\"(max-width: 920px) 100vw, 920px\" \/><\/a>\n\t\t\t\t<\/a>\n            <\/div>\n                <div class='wp-caption-text gallery-caption'>\n                Tour Auto Rally 2014\n                <\/div><\/figure><figure class='gallery-item'>\n            <div class='gallery-icon landscape'>\n                <a href='https:\/\/www.supercars.net\/blog\/wp-content\/uploads\/2014\/04\/0316.jpg' class='tipi-lightbox'>\n\t\t\t\t<a href='https:\/\/www.supercars.net\/blog\/wp-content\/uploads\/2014\/04\/0316.jpg'><img decoding=\"async\" width=\"920\" height=\"612\" src=\"https:\/\/www.supercars.net\/blog\/wp-content\/uploads\/2014\/04\/0316.jpg\" class=\"attachment-full size-full\" alt=\"\" srcset=\"https:\/\/www.supercars.net\/blog\/wp-content\/uploads\/2014\/04\/0316.jpg 920w, https:\/\/www.supercars.net\/blog\/wp-content\/uploads\/2014\/04\/0316-300x200.jpg 300w, https:\/\/www.supercars.net\/blog\/wp-content\/uploads\/2014\/04\/0316-100x67.jpg 100w, https:\/\/www.supercars.net\/blog\/wp-content\/uploads\/2014\/04\/0316-770x512.jpg 770w, https:\/\/www.supercars.net\/blog\/wp-content\/uploads\/2014\/04\/0316-360x240.jpg 360w, https:\/\/www.supercars.net\/blog\/wp-content\/uploads\/2014\/04\/0316-370x247.jpg 370w, https:\/\/www.supercars.net\/blog\/wp-content\/uploads\/2014\/04\/0316-293x195.jpg 293w\" sizes=\"(max-width: 920px) 100vw, 920px\" \/><\/a>\n\t\t\t\t<\/a>\n            <\/div>\n                <div class='wp-caption-text gallery-caption'>\n                Tour Auto Rally 2014\n                <\/div><\/figure><figure class='gallery-item'>\n            <div class='gallery-icon landscape'>\n                <a href='https:\/\/www.supercars.net\/blog\/wp-content\/uploads\/2014\/04\/0317.jpg' class='tipi-lightbox'>\n\t\t\t\t<a href='https:\/\/www.supercars.net\/blog\/wp-content\/uploads\/2014\/04\/0317.jpg'><img decoding=\"async\" width=\"920\" height=\"612\" src=\"https:\/\/www.supercars.net\/blog\/wp-content\/uploads\/2014\/04\/0317.jpg\" class=\"attachment-full size-full\" alt=\"\" srcset=\"https:\/\/www.supercars.net\/blog\/wp-content\/uploads\/2014\/04\/0317.jpg 920w, https:\/\/www.supercars.net\/blog\/wp-content\/uploads\/2014\/04\/0317-300x200.jpg 300w, https:\/\/www.supercars.net\/blog\/wp-content\/uploads\/2014\/04\/0317-100x67.jpg 100w, https:\/\/www.supercars.net\/blog\/wp-content\/uploads\/2014\/04\/0317-770x512.jpg 770w, https:\/\/www.supercars.net\/blog\/wp-content\/uploads\/2014\/04\/0317-360x240.jpg 360w, https:\/\/www.supercars.net\/blog\/wp-content\/uploads\/2014\/04\/0317-370x247.jpg 370w, https:\/\/www.supercars.net\/blog\/wp-content\/uploads\/2014\/04\/0317-293x195.jpg 293w\" sizes=\"(max-width: 920px) 100vw, 920px\" \/><\/a>\n\t\t\t\t<\/a>\n            <\/div>\n                <div class='wp-caption-text gallery-caption'>\n                1954 Salmson 2300 S\n                <\/div><\/figure><figure class='gallery-item'>\n            <div class='gallery-icon landscape'>\n                <a href='https:\/\/www.supercars.net\/blog\/wp-content\/uploads\/2014\/04\/0318.jpg' class='tipi-lightbox'>\n\t\t\t\t<a href='https:\/\/www.supercars.net\/blog\/wp-content\/uploads\/2014\/04\/0318.jpg'><img decoding=\"async\" width=\"920\" height=\"612\" src=\"https:\/\/www.supercars.net\/blog\/wp-content\/uploads\/2014\/04\/0318.jpg\" class=\"attachment-full size-full\" alt=\"\" srcset=\"https:\/\/www.supercars.net\/blog\/wp-content\/uploads\/2014\/04\/0318.jpg 920w, https:\/\/www.supercars.net\/blog\/wp-content\/uploads\/2014\/04\/0318-300x200.jpg 300w, https:\/\/www.supercars.net\/blog\/wp-content\/uploads\/2014\/04\/0318-100x67.jpg 100w, https:\/\/www.supercars.net\/blog\/wp-content\/uploads\/2014\/04\/0318-770x512.jpg 770w, https:\/\/www.supercars.net\/blog\/wp-content\/uploads\/2014\/04\/0318-360x240.jpg 360w, https:\/\/www.supercars.net\/blog\/wp-content\/uploads\/2014\/04\/0318-370x247.jpg 370w, https:\/\/www.supercars.net\/blog\/wp-content\/uploads\/2014\/04\/0318-293x195.jpg 293w\" sizes=\"(max-width: 920px) 100vw, 920px\" \/><\/a>\n\t\t\t\t<\/a>\n            <\/div>\n                <div class='wp-caption-text gallery-caption'>\n                1954 Salmson 2300 S\n                <\/div><\/figure><figure class='gallery-item'>\n            <div class='gallery-icon landscape'>\n                <a href='https:\/\/www.supercars.net\/blog\/wp-content\/uploads\/2014\/04\/0319.jpg' class='tipi-lightbox'>\n\t\t\t\t<a href='https:\/\/www.supercars.net\/blog\/wp-content\/uploads\/2014\/04\/0319.jpg'><img decoding=\"async\" width=\"920\" height=\"612\" src=\"https:\/\/www.supercars.net\/blog\/wp-content\/uploads\/2014\/04\/0319.jpg\" class=\"attachment-full size-full\" alt=\"\" srcset=\"https:\/\/www.supercars.net\/blog\/wp-content\/uploads\/2014\/04\/0319.jpg 920w, https:\/\/www.supercars.net\/blog\/wp-content\/uploads\/2014\/04\/0319-300x200.jpg 300w, https:\/\/www.supercars.net\/blog\/wp-content\/uploads\/2014\/04\/0319-100x67.jpg 100w, https:\/\/www.supercars.net\/blog\/wp-content\/uploads\/2014\/04\/0319-770x512.jpg 770w, https:\/\/www.supercars.net\/blog\/wp-content\/uploads\/2014\/04\/0319-360x240.jpg 360w, https:\/\/www.supercars.net\/blog\/wp-content\/uploads\/2014\/04\/0319-370x247.jpg 370w, https:\/\/www.supercars.net\/blog\/wp-content\/uploads\/2014\/04\/0319-293x195.jpg 293w\" sizes=\"(max-width: 920px) 100vw, 920px\" \/><\/a>\n\t\t\t\t<\/a>\n            <\/div>\n                <div class='wp-caption-text gallery-caption'>\n                Tour Auto Rally 2014\n                <\/div><\/figure><figure class='gallery-item'>\n            <div class='gallery-icon landscape'>\n                <a href='https:\/\/www.supercars.net\/blog\/wp-content\/uploads\/2014\/04\/0320.jpg' class='tipi-lightbox'>\n\t\t\t\t<a href='https:\/\/www.supercars.net\/blog\/wp-content\/uploads\/2014\/04\/0320.jpg'><img decoding=\"async\" width=\"920\" height=\"612\" src=\"https:\/\/www.supercars.net\/blog\/wp-content\/uploads\/2014\/04\/0320.jpg\" class=\"attachment-full size-full\" alt=\"\" srcset=\"https:\/\/www.supercars.net\/blog\/wp-content\/uploads\/2014\/04\/0320.jpg 920w, https:\/\/www.supercars.net\/blog\/wp-content\/uploads\/2014\/04\/0320-300x200.jpg 300w, https:\/\/www.supercars.net\/blog\/wp-content\/uploads\/2014\/04\/0320-100x67.jpg 100w, https:\/\/www.supercars.net\/blog\/wp-content\/uploads\/2014\/04\/0320-770x512.jpg 770w, https:\/\/www.supercars.net\/blog\/wp-content\/uploads\/2014\/04\/0320-360x240.jpg 360w, https:\/\/www.supercars.net\/blog\/wp-content\/uploads\/2014\/04\/0320-370x247.jpg 370w, https:\/\/www.supercars.net\/blog\/wp-content\/uploads\/2014\/04\/0320-293x195.jpg 293w\" sizes=\"(max-width: 920px) 100vw, 920px\" \/><\/a>\n\t\t\t\t<\/a>\n            <\/div>\n                <div class='wp-caption-text gallery-caption'>\n                1955 Jaguar XK 140 Roadster\n                <\/div><\/figure><figure class='gallery-item'>\n            <div class='gallery-icon landscape'>\n                <a href='https:\/\/www.supercars.net\/blog\/wp-content\/uploads\/2014\/04\/0321.jpg' class='tipi-lightbox'>\n\t\t\t\t<a href='https:\/\/www.supercars.net\/blog\/wp-content\/uploads\/2014\/04\/0321.jpg'><img decoding=\"async\" width=\"920\" height=\"612\" src=\"https:\/\/www.supercars.net\/blog\/wp-content\/uploads\/2014\/04\/0321.jpg\" class=\"attachment-full size-full\" alt=\"\" srcset=\"https:\/\/www.supercars.net\/blog\/wp-content\/uploads\/2014\/04\/0321.jpg 920w, https:\/\/www.supercars.net\/blog\/wp-content\/uploads\/2014\/04\/0321-300x200.jpg 300w, https:\/\/www.supercars.net\/blog\/wp-content\/uploads\/2014\/04\/0321-100x67.jpg 100w, https:\/\/www.supercars.net\/blog\/wp-content\/uploads\/2014\/04\/0321-770x512.jpg 770w, https:\/\/www.supercars.net\/blog\/wp-content\/uploads\/2014\/04\/0321-360x240.jpg 360w, https:\/\/www.supercars.net\/blog\/wp-content\/uploads\/2014\/04\/0321-370x247.jpg 370w, https:\/\/www.supercars.net\/blog\/wp-content\/uploads\/2014\/04\/0321-293x195.jpg 293w\" sizes=\"(max-width: 920px) 100vw, 920px\" \/><\/a>\n\t\t\t\t<\/a>\n            <\/div>\n                <div class='wp-caption-text gallery-caption'>\n                1957 BMW 507\n                <\/div><\/figure><figure class='gallery-item'>\n            <div class='gallery-icon landscape'>\n                <a href='https:\/\/www.supercars.net\/blog\/wp-content\/uploads\/2014\/04\/0322.jpg' class='tipi-lightbox'>\n\t\t\t\t<a href='https:\/\/www.supercars.net\/blog\/wp-content\/uploads\/2014\/04\/0322.jpg'><img decoding=\"async\" width=\"920\" height=\"612\" src=\"https:\/\/www.supercars.net\/blog\/wp-content\/uploads\/2014\/04\/0322.jpg\" class=\"attachment-full size-full\" alt=\"\" srcset=\"https:\/\/www.supercars.net\/blog\/wp-content\/uploads\/2014\/04\/0322.jpg 920w, https:\/\/www.supercars.net\/blog\/wp-content\/uploads\/2014\/04\/0322-300x200.jpg 300w, https:\/\/www.supercars.net\/blog\/wp-content\/uploads\/2014\/04\/0322-100x67.jpg 100w, https:\/\/www.supercars.net\/blog\/wp-content\/uploads\/2014\/04\/0322-770x512.jpg 770w, https:\/\/www.supercars.net\/blog\/wp-content\/uploads\/2014\/04\/0322-360x240.jpg 360w, https:\/\/www.supercars.net\/blog\/wp-content\/uploads\/2014\/04\/0322-370x247.jpg 370w, https:\/\/www.supercars.net\/blog\/wp-content\/uploads\/2014\/04\/0322-293x195.jpg 293w\" sizes=\"(max-width: 920px) 100vw, 920px\" \/><\/a>\n\t\t\t\t<\/a>\n            <\/div>\n                <div class='wp-caption-text gallery-caption'>\n                1957 OSCA 372 FS\n                <\/div><\/figure><figure class='gallery-item'>\n            <div class='gallery-icon landscape'>\n                <a href='https:\/\/www.supercars.net\/blog\/wp-content\/uploads\/2014\/04\/0323.jpg' class='tipi-lightbox'>\n\t\t\t\t<a href='https:\/\/www.supercars.net\/blog\/wp-content\/uploads\/2014\/04\/0323.jpg'><img decoding=\"async\" width=\"920\" height=\"612\" src=\"https:\/\/www.supercars.net\/blog\/wp-content\/uploads\/2014\/04\/0323.jpg\" class=\"attachment-full size-full\" alt=\"\" srcset=\"https:\/\/www.supercars.net\/blog\/wp-content\/uploads\/2014\/04\/0323.jpg 920w, https:\/\/www.supercars.net\/blog\/wp-content\/uploads\/2014\/04\/0323-300x200.jpg 300w, https:\/\/www.supercars.net\/blog\/wp-content\/uploads\/2014\/04\/0323-100x67.jpg 100w, https:\/\/www.supercars.net\/blog\/wp-content\/uploads\/2014\/04\/0323-770x512.jpg 770w, https:\/\/www.supercars.net\/blog\/wp-content\/uploads\/2014\/04\/0323-360x240.jpg 360w, https:\/\/www.supercars.net\/blog\/wp-content\/uploads\/2014\/04\/0323-370x247.jpg 370w, https:\/\/www.supercars.net\/blog\/wp-content\/uploads\/2014\/04\/0323-293x195.jpg 293w\" sizes=\"(max-width: 920px) 100vw, 920px\" \/><\/a>\n\t\t\t\t<\/a>\n            <\/div>\n                <div class='wp-caption-text gallery-caption'>\n                1965 Ferrari 275 GTB\/C\n                <\/div><\/figure><figure class='gallery-item'>\n            <div class='gallery-icon landscape'>\n                <a href='https:\/\/www.supercars.net\/blog\/wp-content\/uploads\/2014\/04\/0324.jpg' class='tipi-lightbox'>\n\t\t\t\t<a href='https:\/\/www.supercars.net\/blog\/wp-content\/uploads\/2014\/04\/0324.jpg'><img decoding=\"async\" width=\"920\" height=\"612\" src=\"https:\/\/www.supercars.net\/blog\/wp-content\/uploads\/2014\/04\/0324.jpg\" class=\"attachment-full size-full\" alt=\"\" srcset=\"https:\/\/www.supercars.net\/blog\/wp-content\/uploads\/2014\/04\/0324.jpg 920w, https:\/\/www.supercars.net\/blog\/wp-content\/uploads\/2014\/04\/0324-300x200.jpg 300w, https:\/\/www.supercars.net\/blog\/wp-content\/uploads\/2014\/04\/0324-100x67.jpg 100w, https:\/\/www.supercars.net\/blog\/wp-content\/uploads\/2014\/04\/0324-770x512.jpg 770w, https:\/\/www.supercars.net\/blog\/wp-content\/uploads\/2014\/04\/0324-360x240.jpg 360w, https:\/\/www.supercars.net\/blog\/wp-content\/uploads\/2014\/04\/0324-370x247.jpg 370w, https:\/\/www.supercars.net\/blog\/wp-content\/uploads\/2014\/04\/0324-293x195.jpg 293w\" sizes=\"(max-width: 920px) 100vw, 920px\" \/><\/a>\n\t\t\t\t<\/a>\n            <\/div>\n                <div class='wp-caption-text gallery-caption'>\n                Tour Auto Rally 2014\n                <\/div><\/figure><figure class='gallery-item'>\n            <div class='gallery-icon landscape'>\n                <a href='https:\/\/www.supercars.net\/blog\/wp-content\/uploads\/2014\/04\/0325.jpg' class='tipi-lightbox'>\n\t\t\t\t<a href='https:\/\/www.supercars.net\/blog\/wp-content\/uploads\/2014\/04\/0325.jpg'><img decoding=\"async\" width=\"920\" height=\"612\" src=\"https:\/\/www.supercars.net\/blog\/wp-content\/uploads\/2014\/04\/0325.jpg\" class=\"attachment-full size-full\" alt=\"\" srcset=\"https:\/\/www.supercars.net\/blog\/wp-content\/uploads\/2014\/04\/0325.jpg 920w, https:\/\/www.supercars.net\/blog\/wp-content\/uploads\/2014\/04\/0325-300x200.jpg 300w, https:\/\/www.supercars.net\/blog\/wp-content\/uploads\/2014\/04\/0325-100x67.jpg 100w, https:\/\/www.supercars.net\/blog\/wp-content\/uploads\/2014\/04\/0325-770x512.jpg 770w, https:\/\/www.supercars.net\/blog\/wp-content\/uploads\/2014\/04\/0325-360x240.jpg 360w, https:\/\/www.supercars.net\/blog\/wp-content\/uploads\/2014\/04\/0325-370x247.jpg 370w, https:\/\/www.supercars.net\/blog\/wp-content\/uploads\/2014\/04\/0325-293x195.jpg 293w\" sizes=\"(max-width: 920px) 100vw, 920px\" \/><\/a>\n\t\t\t\t<\/a>\n            <\/div>\n                <div class='wp-caption-text gallery-caption'>\n                Tour Auto Rally 2014\n                <\/div><\/figure><figure class='gallery-item'>\n            <div class='gallery-icon landscape'>\n                <a href='https:\/\/www.supercars.net\/blog\/wp-content\/uploads\/2014\/04\/0326.jpg' class='tipi-lightbox'>\n\t\t\t\t<a href='https:\/\/www.supercars.net\/blog\/wp-content\/uploads\/2014\/04\/0326.jpg'><img decoding=\"async\" width=\"920\" height=\"612\" src=\"https:\/\/www.supercars.net\/blog\/wp-content\/uploads\/2014\/04\/0326.jpg\" class=\"attachment-full size-full\" alt=\"\" srcset=\"https:\/\/www.supercars.net\/blog\/wp-content\/uploads\/2014\/04\/0326.jpg 920w, https:\/\/www.supercars.net\/blog\/wp-content\/uploads\/2014\/04\/0326-300x200.jpg 300w, https:\/\/www.supercars.net\/blog\/wp-content\/uploads\/2014\/04\/0326-100x67.jpg 100w, https:\/\/www.supercars.net\/blog\/wp-content\/uploads\/2014\/04\/0326-770x512.jpg 770w, https:\/\/www.supercars.net\/blog\/wp-content\/uploads\/2014\/04\/0326-360x240.jpg 360w, https:\/\/www.supercars.net\/blog\/wp-content\/uploads\/2014\/04\/0326-370x247.jpg 370w, https:\/\/www.supercars.net\/blog\/wp-content\/uploads\/2014\/04\/0326-293x195.jpg 293w\" sizes=\"(max-width: 920px) 100vw, 920px\" \/><\/a>\n\t\t\t\t<\/a>\n            <\/div>\n                <div class='wp-caption-text gallery-caption'>\n                1970 Ferrari 365 GTB\/4 Daytona Group IV\n                <\/div><\/figure><figure class='gallery-item'>\n            <div class='gallery-icon landscape'>\n                <a href='https:\/\/www.supercars.net\/blog\/wp-content\/uploads\/2014\/04\/0327.jpg' class='tipi-lightbox'>\n\t\t\t\t<a href='https:\/\/www.supercars.net\/blog\/wp-content\/uploads\/2014\/04\/0327.jpg'><img decoding=\"async\" width=\"920\" height=\"612\" src=\"https:\/\/www.supercars.net\/blog\/wp-content\/uploads\/2014\/04\/0327.jpg\" class=\"attachment-full size-full\" alt=\"\" srcset=\"https:\/\/www.supercars.net\/blog\/wp-content\/uploads\/2014\/04\/0327.jpg 920w, https:\/\/www.supercars.net\/blog\/wp-content\/uploads\/2014\/04\/0327-300x200.jpg 300w, https:\/\/www.supercars.net\/blog\/wp-content\/uploads\/2014\/04\/0327-100x67.jpg 100w, https:\/\/www.supercars.net\/blog\/wp-content\/uploads\/2014\/04\/0327-770x512.jpg 770w, https:\/\/www.supercars.net\/blog\/wp-content\/uploads\/2014\/04\/0327-360x240.jpg 360w, https:\/\/www.supercars.net\/blog\/wp-content\/uploads\/2014\/04\/0327-370x247.jpg 370w, https:\/\/www.supercars.net\/blog\/wp-content\/uploads\/2014\/04\/0327-293x195.jpg 293w\" sizes=\"(max-width: 920px) 100vw, 920px\" \/><\/a>\n\t\t\t\t<\/a>\n            <\/div>\n                <div class='wp-caption-text gallery-caption'>\n                Tour Auto Rally 2014\n                <\/div><\/figure><figure class='gallery-item'>\n            <div class='gallery-icon landscape'>\n                <a href='https:\/\/www.supercars.net\/blog\/wp-content\/uploads\/2014\/04\/0328.jpg' class='tipi-lightbox'>\n\t\t\t\t<a href='https:\/\/www.supercars.net\/blog\/wp-content\/uploads\/2014\/04\/0328.jpg'><img decoding=\"async\" width=\"920\" height=\"612\" src=\"https:\/\/www.supercars.net\/blog\/wp-content\/uploads\/2014\/04\/0328.jpg\" class=\"attachment-full size-full\" alt=\"\" srcset=\"https:\/\/www.supercars.net\/blog\/wp-content\/uploads\/2014\/04\/0328.jpg 920w, https:\/\/www.supercars.net\/blog\/wp-content\/uploads\/2014\/04\/0328-300x200.jpg 300w, https:\/\/www.supercars.net\/blog\/wp-content\/uploads\/2014\/04\/0328-100x67.jpg 100w, https:\/\/www.supercars.net\/blog\/wp-content\/uploads\/2014\/04\/0328-770x512.jpg 770w, https:\/\/www.supercars.net\/blog\/wp-content\/uploads\/2014\/04\/0328-360x240.jpg 360w, https:\/\/www.supercars.net\/blog\/wp-content\/uploads\/2014\/04\/0328-370x247.jpg 370w, https:\/\/www.supercars.net\/blog\/wp-content\/uploads\/2014\/04\/0328-293x195.jpg 293w\" sizes=\"(max-width: 920px) 100vw, 920px\" \/><\/a>\n\t\t\t\t<\/a>\n            <\/div>\n                <div class='wp-caption-text gallery-caption'>\n                Tour Auto Rally 2014\n                <\/div><\/figure><figure class='gallery-item'>\n            <div class='gallery-icon landscape'>\n                <a href='https:\/\/www.supercars.net\/blog\/wp-content\/uploads\/2014\/04\/0329.jpg' class='tipi-lightbox'>\n\t\t\t\t<a href='https:\/\/www.supercars.net\/blog\/wp-content\/uploads\/2014\/04\/0329.jpg'><img decoding=\"async\" width=\"920\" height=\"612\" src=\"https:\/\/www.supercars.net\/blog\/wp-content\/uploads\/2014\/04\/0329.jpg\" class=\"attachment-full size-full\" alt=\"\" srcset=\"https:\/\/www.supercars.net\/blog\/wp-content\/uploads\/2014\/04\/0329.jpg 920w, https:\/\/www.supercars.net\/blog\/wp-content\/uploads\/2014\/04\/0329-300x200.jpg 300w, https:\/\/www.supercars.net\/blog\/wp-content\/uploads\/2014\/04\/0329-100x67.jpg 100w, https:\/\/www.supercars.net\/blog\/wp-content\/uploads\/2014\/04\/0329-770x512.jpg 770w, https:\/\/www.supercars.net\/blog\/wp-content\/uploads\/2014\/04\/0329-360x240.jpg 360w, https:\/\/www.supercars.net\/blog\/wp-content\/uploads\/2014\/04\/0329-370x247.jpg 370w, https:\/\/www.supercars.net\/blog\/wp-content\/uploads\/2014\/04\/0329-293x195.jpg 293w\" sizes=\"(max-width: 920px) 100vw, 920px\" \/><\/a>\n\t\t\t\t<\/a>\n            <\/div>\n                <div class='wp-caption-text gallery-caption'>\n                1961 Ferrari 250 GT SWB Berlinetta\n                <\/div><\/figure><figure class='gallery-item'>\n            <div class='gallery-icon landscape'>\n                <a href='https:\/\/www.supercars.net\/blog\/wp-content\/uploads\/2014\/04\/0330.jpg' class='tipi-lightbox'>\n\t\t\t\t<a href='https:\/\/www.supercars.net\/blog\/wp-content\/uploads\/2014\/04\/0330.jpg'><img decoding=\"async\" width=\"920\" height=\"612\" src=\"https:\/\/www.supercars.net\/blog\/wp-content\/uploads\/2014\/04\/0330.jpg\" class=\"attachment-full size-full\" alt=\"\" srcset=\"https:\/\/www.supercars.net\/blog\/wp-content\/uploads\/2014\/04\/0330.jpg 920w, https:\/\/www.supercars.net\/blog\/wp-content\/uploads\/2014\/04\/0330-300x200.jpg 300w, https:\/\/www.supercars.net\/blog\/wp-content\/uploads\/2014\/04\/0330-100x67.jpg 100w, https:\/\/www.supercars.net\/blog\/wp-content\/uploads\/2014\/04\/0330-770x512.jpg 770w, https:\/\/www.supercars.net\/blog\/wp-content\/uploads\/2014\/04\/0330-360x240.jpg 360w, https:\/\/www.supercars.net\/blog\/wp-content\/uploads\/2014\/04\/0330-370x247.jpg 370w, https:\/\/www.supercars.net\/blog\/wp-content\/uploads\/2014\/04\/0330-293x195.jpg 293w\" sizes=\"(max-width: 920px) 100vw, 920px\" \/><\/a>\n\t\t\t\t<\/a>\n            <\/div>\n                <div class='wp-caption-text gallery-caption'>\n                1970 Ferrari 365 GTB\/4 Daytona Group IV\n                <\/div><\/figure><figure class='gallery-item'>\n            <div class='gallery-icon landscape'>\n                <a href='https:\/\/www.supercars.net\/blog\/wp-content\/uploads\/2014\/04\/0331.jpg' class='tipi-lightbox'>\n\t\t\t\t<a href='https:\/\/www.supercars.net\/blog\/wp-content\/uploads\/2014\/04\/0331.jpg'><img decoding=\"async\" width=\"920\" height=\"612\" src=\"https:\/\/www.supercars.net\/blog\/wp-content\/uploads\/2014\/04\/0331.jpg\" class=\"attachment-full size-full\" alt=\"\" srcset=\"https:\/\/www.supercars.net\/blog\/wp-content\/uploads\/2014\/04\/0331.jpg 920w, https:\/\/www.supercars.net\/blog\/wp-content\/uploads\/2014\/04\/0331-300x200.jpg 300w, https:\/\/www.supercars.net\/blog\/wp-content\/uploads\/2014\/04\/0331-100x67.jpg 100w, https:\/\/www.supercars.net\/blog\/wp-content\/uploads\/2014\/04\/0331-770x512.jpg 770w, https:\/\/www.supercars.net\/blog\/wp-content\/uploads\/2014\/04\/0331-360x240.jpg 360w, https:\/\/www.supercars.net\/blog\/wp-content\/uploads\/2014\/04\/0331-370x247.jpg 370w, https:\/\/www.supercars.net\/blog\/wp-content\/uploads\/2014\/04\/0331-293x195.jpg 293w\" sizes=\"(max-width: 920px) 100vw, 920px\" \/><\/a>\n\t\t\t\t<\/a>\n            <\/div>\n                <div class='wp-caption-text gallery-caption'>\n                1970 Alpine A110 1600 S\n                <\/div><\/figure><figure class='gallery-item'>\n            <div class='gallery-icon landscape'>\n                <a href='https:\/\/www.supercars.net\/blog\/wp-content\/uploads\/2014\/04\/0332.jpg' class='tipi-lightbox'>\n\t\t\t\t<a href='https:\/\/www.supercars.net\/blog\/wp-content\/uploads\/2014\/04\/0332.jpg'><img decoding=\"async\" width=\"920\" height=\"612\" src=\"https:\/\/www.supercars.net\/blog\/wp-content\/uploads\/2014\/04\/0332.jpg\" class=\"attachment-full size-full\" alt=\"\" srcset=\"https:\/\/www.supercars.net\/blog\/wp-content\/uploads\/2014\/04\/0332.jpg 920w, https:\/\/www.supercars.net\/blog\/wp-content\/uploads\/2014\/04\/0332-300x200.jpg 300w, https:\/\/www.supercars.net\/blog\/wp-content\/uploads\/2014\/04\/0332-100x67.jpg 100w, https:\/\/www.supercars.net\/blog\/wp-content\/uploads\/2014\/04\/0332-770x512.jpg 770w, https:\/\/www.supercars.net\/blog\/wp-content\/uploads\/2014\/04\/0332-360x240.jpg 360w, https:\/\/www.supercars.net\/blog\/wp-content\/uploads\/2014\/04\/0332-370x247.jpg 370w, https:\/\/www.supercars.net\/blog\/wp-content\/uploads\/2014\/04\/0332-293x195.jpg 293w\" sizes=\"(max-width: 920px) 100vw, 920px\" \/><\/a>\n\t\t\t\t<\/a>\n            <\/div>\n                <div class='wp-caption-text gallery-caption'>\n                1957 BMW 507\n                <\/div><\/figure><figure class='gallery-item'>\n            <div class='gallery-icon landscape'>\n                <a href='https:\/\/www.supercars.net\/blog\/wp-content\/uploads\/2014\/04\/0333.jpg' class='tipi-lightbox'>\n\t\t\t\t<a href='https:\/\/www.supercars.net\/blog\/wp-content\/uploads\/2014\/04\/0333.jpg'><img decoding=\"async\" width=\"920\" height=\"612\" src=\"https:\/\/www.supercars.net\/blog\/wp-content\/uploads\/2014\/04\/0333.jpg\" class=\"attachment-full size-full\" alt=\"\" srcset=\"https:\/\/www.supercars.net\/blog\/wp-content\/uploads\/2014\/04\/0333.jpg 920w, https:\/\/www.supercars.net\/blog\/wp-content\/uploads\/2014\/04\/0333-300x200.jpg 300w, https:\/\/www.supercars.net\/blog\/wp-content\/uploads\/2014\/04\/0333-100x67.jpg 100w, https:\/\/www.supercars.net\/blog\/wp-content\/uploads\/2014\/04\/0333-770x512.jpg 770w, https:\/\/www.supercars.net\/blog\/wp-content\/uploads\/2014\/04\/0333-360x240.jpg 360w, https:\/\/www.supercars.net\/blog\/wp-content\/uploads\/2014\/04\/0333-370x247.jpg 370w, https:\/\/www.supercars.net\/blog\/wp-content\/uploads\/2014\/04\/0333-293x195.jpg 293w\" sizes=\"(max-width: 920px) 100vw, 920px\" \/><\/a>\n\t\t\t\t<\/a>\n            <\/div>\n                <div class='wp-caption-text gallery-caption'>\n                1955 Alfa Romeo 1900 CSS\n                <\/div><\/figure><figure class='gallery-item'>\n            <div class='gallery-icon landscape'>\n                <a href='https:\/\/www.supercars.net\/blog\/wp-content\/uploads\/2014\/04\/0334.jpg' class='tipi-lightbox'>\n\t\t\t\t<a href='https:\/\/www.supercars.net\/blog\/wp-content\/uploads\/2014\/04\/0334.jpg'><img decoding=\"async\" width=\"920\" height=\"612\" src=\"https:\/\/www.supercars.net\/blog\/wp-content\/uploads\/2014\/04\/0334.jpg\" class=\"attachment-full size-full\" alt=\"\" srcset=\"https:\/\/www.supercars.net\/blog\/wp-content\/uploads\/2014\/04\/0334.jpg 920w, https:\/\/www.supercars.net\/blog\/wp-content\/uploads\/2014\/04\/0334-300x200.jpg 300w, https:\/\/www.supercars.net\/blog\/wp-content\/uploads\/2014\/04\/0334-100x67.jpg 100w, https:\/\/www.supercars.net\/blog\/wp-content\/uploads\/2014\/04\/0334-770x512.jpg 770w, https:\/\/www.supercars.net\/blog\/wp-content\/uploads\/2014\/04\/0334-360x240.jpg 360w, https:\/\/www.supercars.net\/blog\/wp-content\/uploads\/2014\/04\/0334-370x247.jpg 370w, https:\/\/www.supercars.net\/blog\/wp-content\/uploads\/2014\/04\/0334-293x195.jpg 293w\" sizes=\"(max-width: 920px) 100vw, 920px\" \/><\/a>\n\t\t\t\t<\/a>\n            <\/div>\n                <div class='wp-caption-text gallery-caption'>\n                1954 Jaguar XK140 Roadster\n                <\/div><\/figure><figure class='gallery-item'>\n            <div class='gallery-icon landscape'>\n                <a href='https:\/\/www.supercars.net\/blog\/wp-content\/uploads\/2014\/04\/0335.jpg' class='tipi-lightbox'>\n\t\t\t\t<a href='https:\/\/www.supercars.net\/blog\/wp-content\/uploads\/2014\/04\/0335.jpg'><img decoding=\"async\" width=\"920\" height=\"612\" src=\"https:\/\/www.supercars.net\/blog\/wp-content\/uploads\/2014\/04\/0335.jpg\" class=\"attachment-full size-full\" alt=\"\" srcset=\"https:\/\/www.supercars.net\/blog\/wp-content\/uploads\/2014\/04\/0335.jpg 920w, https:\/\/www.supercars.net\/blog\/wp-content\/uploads\/2014\/04\/0335-300x200.jpg 300w, https:\/\/www.supercars.net\/blog\/wp-content\/uploads\/2014\/04\/0335-100x67.jpg 100w, https:\/\/www.supercars.net\/blog\/wp-content\/uploads\/2014\/04\/0335-770x512.jpg 770w, https:\/\/www.supercars.net\/blog\/wp-content\/uploads\/2014\/04\/0335-360x240.jpg 360w, https:\/\/www.supercars.net\/blog\/wp-content\/uploads\/2014\/04\/0335-370x247.jpg 370w, https:\/\/www.supercars.net\/blog\/wp-content\/uploads\/2014\/04\/0335-293x195.jpg 293w\" sizes=\"(max-width: 920px) 100vw, 920px\" \/><\/a>\n\t\t\t\t<\/a>\n            <\/div>\n                <div class='wp-caption-text gallery-caption'>\n                Tour Auto Rally 2014\n                <\/div><\/figure><figure class='gallery-item'>\n            <div class='gallery-icon landscape'>\n                <a href='https:\/\/www.supercars.net\/blog\/wp-content\/uploads\/2014\/04\/0336.jpg' class='tipi-lightbox'>\n\t\t\t\t<a href='https:\/\/www.supercars.net\/blog\/wp-content\/uploads\/2014\/04\/0336.jpg'><img decoding=\"async\" width=\"920\" height=\"612\" src=\"https:\/\/www.supercars.net\/blog\/wp-content\/uploads\/2014\/04\/0336.jpg\" class=\"attachment-full size-full\" alt=\"\" srcset=\"https:\/\/www.supercars.net\/blog\/wp-content\/uploads\/2014\/04\/0336.jpg 920w, https:\/\/www.supercars.net\/blog\/wp-content\/uploads\/2014\/04\/0336-300x200.jpg 300w, https:\/\/www.supercars.net\/blog\/wp-content\/uploads\/2014\/04\/0336-100x67.jpg 100w, https:\/\/www.supercars.net\/blog\/wp-content\/uploads\/2014\/04\/0336-770x512.jpg 770w, https:\/\/www.supercars.net\/blog\/wp-content\/uploads\/2014\/04\/0336-360x240.jpg 360w, https:\/\/www.supercars.net\/blog\/wp-content\/uploads\/2014\/04\/0336-370x247.jpg 370w, https:\/\/www.supercars.net\/blog\/wp-content\/uploads\/2014\/04\/0336-293x195.jpg 293w\" sizes=\"(max-width: 920px) 100vw, 920px\" \/><\/a>\n\t\t\t\t<\/a>\n            <\/div>\n                <div class='wp-caption-text gallery-caption'>\n                Tour Auto Rally 2014\n                <\/div><\/figure><figure class='gallery-item'>\n            <div class='gallery-icon landscape'>\n                <a href='https:\/\/www.supercars.net\/blog\/wp-content\/uploads\/2014\/04\/0337.jpg' class='tipi-lightbox'>\n\t\t\t\t<a href='https:\/\/www.supercars.net\/blog\/wp-content\/uploads\/2014\/04\/0337.jpg'><img decoding=\"async\" width=\"920\" height=\"612\" src=\"https:\/\/www.supercars.net\/blog\/wp-content\/uploads\/2014\/04\/0337.jpg\" class=\"attachment-full size-full\" alt=\"\" srcset=\"https:\/\/www.supercars.net\/blog\/wp-content\/uploads\/2014\/04\/0337.jpg 920w, https:\/\/www.supercars.net\/blog\/wp-content\/uploads\/2014\/04\/0337-300x200.jpg 300w, https:\/\/www.supercars.net\/blog\/wp-content\/uploads\/2014\/04\/0337-100x67.jpg 100w, https:\/\/www.supercars.net\/blog\/wp-content\/uploads\/2014\/04\/0337-770x512.jpg 770w, https:\/\/www.supercars.net\/blog\/wp-content\/uploads\/2014\/04\/0337-360x240.jpg 360w, https:\/\/www.supercars.net\/blog\/wp-content\/uploads\/2014\/04\/0337-370x247.jpg 370w, https:\/\/www.supercars.net\/blog\/wp-content\/uploads\/2014\/04\/0337-293x195.jpg 293w\" sizes=\"(max-width: 920px) 100vw, 920px\" \/><\/a>\n\t\t\t\t<\/a>\n            <\/div>\n                <div class='wp-caption-text gallery-caption'>\n                Tour Auto Rally 2014\n                <\/div><\/figure><figure class='gallery-item'>\n            <div class='gallery-icon landscape'>\n                <a href='https:\/\/www.supercars.net\/blog\/wp-content\/uploads\/2014\/04\/0338.jpg' class='tipi-lightbox'>\n\t\t\t\t<a href='https:\/\/www.supercars.net\/blog\/wp-content\/uploads\/2014\/04\/0338.jpg'><img decoding=\"async\" width=\"920\" height=\"612\" src=\"https:\/\/www.supercars.net\/blog\/wp-content\/uploads\/2014\/04\/0338.jpg\" class=\"attachment-full size-full\" alt=\"\" srcset=\"https:\/\/www.supercars.net\/blog\/wp-content\/uploads\/2014\/04\/0338.jpg 920w, https:\/\/www.supercars.net\/blog\/wp-content\/uploads\/2014\/04\/0338-300x200.jpg 300w, https:\/\/www.supercars.net\/blog\/wp-content\/uploads\/2014\/04\/0338-100x67.jpg 100w, https:\/\/www.supercars.net\/blog\/wp-content\/uploads\/2014\/04\/0338-770x512.jpg 770w, https:\/\/www.supercars.net\/blog\/wp-content\/uploads\/2014\/04\/0338-360x240.jpg 360w, https:\/\/www.supercars.net\/blog\/wp-content\/uploads\/2014\/04\/0338-370x247.jpg 370w, https:\/\/www.supercars.net\/blog\/wp-content\/uploads\/2014\/04\/0338-293x195.jpg 293w\" sizes=\"(max-width: 920px) 100vw, 920px\" \/><\/a>\n\t\t\t\t<\/a>\n            <\/div>\n                <div class='wp-caption-text gallery-caption'>\n                Tour Auto Rally 2014\n                <\/div><\/figure><figure class='gallery-item'>\n            <div class='gallery-icon landscape'>\n                <a href='https:\/\/www.supercars.net\/blog\/wp-content\/uploads\/2014\/04\/0339.jpg' class='tipi-lightbox'>\n\t\t\t\t<a href='https:\/\/www.supercars.net\/blog\/wp-content\/uploads\/2014\/04\/0339.jpg'><img decoding=\"async\" width=\"920\" height=\"612\" src=\"https:\/\/www.supercars.net\/blog\/wp-content\/uploads\/2014\/04\/0339.jpg\" class=\"attachment-full size-full\" alt=\"\" srcset=\"https:\/\/www.supercars.net\/blog\/wp-content\/uploads\/2014\/04\/0339.jpg 920w, https:\/\/www.supercars.net\/blog\/wp-content\/uploads\/2014\/04\/0339-300x200.jpg 300w, https:\/\/www.supercars.net\/blog\/wp-content\/uploads\/2014\/04\/0339-100x67.jpg 100w, https:\/\/www.supercars.net\/blog\/wp-content\/uploads\/2014\/04\/0339-770x512.jpg 770w, https:\/\/www.supercars.net\/blog\/wp-content\/uploads\/2014\/04\/0339-360x240.jpg 360w, https:\/\/www.supercars.net\/blog\/wp-content\/uploads\/2014\/04\/0339-370x247.jpg 370w, https:\/\/www.supercars.net\/blog\/wp-content\/uploads\/2014\/04\/0339-293x195.jpg 293w\" sizes=\"(max-width: 920px) 100vw, 920px\" \/><\/a>\n\t\t\t\t<\/a>\n            <\/div>\n                <div class='wp-caption-text gallery-caption'>\n                1958 Jaguar XK 150S\n                <\/div><\/figure><figure class='gallery-item'>\n            <div class='gallery-icon landscape'>\n                <a href='https:\/\/www.supercars.net\/blog\/wp-content\/uploads\/2014\/04\/0340.jpg' class='tipi-lightbox'>\n\t\t\t\t<a href='https:\/\/www.supercars.net\/blog\/wp-content\/uploads\/2014\/04\/0340.jpg'><img decoding=\"async\" width=\"920\" height=\"612\" src=\"https:\/\/www.supercars.net\/blog\/wp-content\/uploads\/2014\/04\/0340.jpg\" class=\"attachment-full size-full\" alt=\"\" srcset=\"https:\/\/www.supercars.net\/blog\/wp-content\/uploads\/2014\/04\/0340.jpg 920w, https:\/\/www.supercars.net\/blog\/wp-content\/uploads\/2014\/04\/0340-300x200.jpg 300w, https:\/\/www.supercars.net\/blog\/wp-content\/uploads\/2014\/04\/0340-100x67.jpg 100w, https:\/\/www.supercars.net\/blog\/wp-content\/uploads\/2014\/04\/0340-770x512.jpg 770w, https:\/\/www.supercars.net\/blog\/wp-content\/uploads\/2014\/04\/0340-360x240.jpg 360w, https:\/\/www.supercars.net\/blog\/wp-content\/uploads\/2014\/04\/0340-370x247.jpg 370w, https:\/\/www.supercars.net\/blog\/wp-content\/uploads\/2014\/04\/0340-293x195.jpg 293w\" sizes=\"(max-width: 920px) 100vw, 920px\" \/><\/a>\n\t\t\t\t<\/a>\n            <\/div>\n                <div class='wp-caption-text gallery-caption'>\n                1960 Alfa Romeo Giulietta Sprint Speciale, 1955 Triumph TR2, 1960 Aston Martin DB4 GT and 1973 Lotus Europa Special\n                <\/div><\/figure><figure class='gallery-item'>\n            <div class='gallery-icon portrait'>\n                <a href='https:\/\/www.supercars.net\/blog\/wp-content\/uploads\/2014\/04\/0341.jpg' class='tipi-lightbox'>\n\t\t\t\t<a href='https:\/\/www.supercars.net\/blog\/wp-content\/uploads\/2014\/04\/0341.jpg'><img decoding=\"async\" width=\"612\" height=\"920\" src=\"https:\/\/www.supercars.net\/blog\/wp-content\/uploads\/2014\/04\/0341.jpg\" class=\"attachment-full size-full\" alt=\"\" srcset=\"https:\/\/www.supercars.net\/blog\/wp-content\/uploads\/2014\/04\/0341.jpg 612w, https:\/\/www.supercars.net\/blog\/wp-content\/uploads\/2014\/04\/0341-200x300.jpg 200w, https:\/\/www.supercars.net\/blog\/wp-content\/uploads\/2014\/04\/0341-67x100.jpg 67w, https:\/\/www.supercars.net\/blog\/wp-content\/uploads\/2014\/04\/0341-293x440.jpg 293w\" sizes=\"(max-width: 612px) 100vw, 612px\" \/><\/a>\n\t\t\t\t<\/a>\n            <\/div>\n                <div class='wp-caption-text gallery-caption'>\n                Tour Auto Rally 2014\n                <\/div><\/figure><figure class='gallery-item'>\n            <div class='gallery-icon landscape'>\n                <a href='https:\/\/www.supercars.net\/blog\/wp-content\/uploads\/2014\/04\/0342.jpg' class='tipi-lightbox'>\n\t\t\t\t<a href='https:\/\/www.supercars.net\/blog\/wp-content\/uploads\/2014\/04\/0342.jpg'><img decoding=\"async\" width=\"920\" height=\"612\" src=\"https:\/\/www.supercars.net\/blog\/wp-content\/uploads\/2014\/04\/0342.jpg\" class=\"attachment-full size-full\" alt=\"\" srcset=\"https:\/\/www.supercars.net\/blog\/wp-content\/uploads\/2014\/04\/0342.jpg 920w, https:\/\/www.supercars.net\/blog\/wp-content\/uploads\/2014\/04\/0342-300x200.jpg 300w, https:\/\/www.supercars.net\/blog\/wp-content\/uploads\/2014\/04\/0342-100x67.jpg 100w, https:\/\/www.supercars.net\/blog\/wp-content\/uploads\/2014\/04\/0342-770x512.jpg 770w, https:\/\/www.supercars.net\/blog\/wp-content\/uploads\/2014\/04\/0342-360x240.jpg 360w, https:\/\/www.supercars.net\/blog\/wp-content\/uploads\/2014\/04\/0342-370x247.jpg 370w, https:\/\/www.supercars.net\/blog\/wp-content\/uploads\/2014\/04\/0342-293x195.jpg 293w\" sizes=\"(max-width: 920px) 100vw, 920px\" \/><\/a>\n\t\t\t\t<\/a>\n            <\/div>\n                <div class='wp-caption-text gallery-caption'>\n                Tour Auto Rally 2014\n                <\/div><\/figure><figure class='gallery-item'>\n            <div class='gallery-icon landscape'>\n                <a href='https:\/\/www.supercars.net\/blog\/wp-content\/uploads\/2014\/04\/0343.jpg' class='tipi-lightbox'>\n\t\t\t\t<a href='https:\/\/www.supercars.net\/blog\/wp-content\/uploads\/2014\/04\/0343.jpg'><img decoding=\"async\" width=\"920\" height=\"612\" src=\"https:\/\/www.supercars.net\/blog\/wp-content\/uploads\/2014\/04\/0343.jpg\" class=\"attachment-full size-full\" alt=\"\" srcset=\"https:\/\/www.supercars.net\/blog\/wp-content\/uploads\/2014\/04\/0343.jpg 920w, https:\/\/www.supercars.net\/blog\/wp-content\/uploads\/2014\/04\/0343-300x200.jpg 300w, https:\/\/www.supercars.net\/blog\/wp-content\/uploads\/2014\/04\/0343-100x67.jpg 100w, https:\/\/www.supercars.net\/blog\/wp-content\/uploads\/2014\/04\/0343-770x512.jpg 770w, https:\/\/www.supercars.net\/blog\/wp-content\/uploads\/2014\/04\/0343-360x240.jpg 360w, https:\/\/www.supercars.net\/blog\/wp-content\/uploads\/2014\/04\/0343-370x247.jpg 370w, https:\/\/www.supercars.net\/blog\/wp-content\/uploads\/2014\/04\/0343-293x195.jpg 293w\" sizes=\"(max-width: 920px) 100vw, 920px\" \/><\/a>\n\t\t\t\t<\/a>\n            <\/div>\n                <div class='wp-caption-text gallery-caption'>\n                1960 Aston Martin DB4 GT\n                <\/div><\/figure><figure class='gallery-item'>\n            <div class='gallery-icon portrait'>\n                <a href='https:\/\/www.supercars.net\/blog\/wp-content\/uploads\/2014\/04\/0344.jpg' class='tipi-lightbox'>\n\t\t\t\t<a href='https:\/\/www.supercars.net\/blog\/wp-content\/uploads\/2014\/04\/0344.jpg'><img decoding=\"async\" width=\"612\" height=\"920\" src=\"https:\/\/www.supercars.net\/blog\/wp-content\/uploads\/2014\/04\/0344.jpg\" class=\"attachment-full size-full\" alt=\"\" srcset=\"https:\/\/www.supercars.net\/blog\/wp-content\/uploads\/2014\/04\/0344.jpg 612w, https:\/\/www.supercars.net\/blog\/wp-content\/uploads\/2014\/04\/0344-200x300.jpg 200w, https:\/\/www.supercars.net\/blog\/wp-content\/uploads\/2014\/04\/0344-67x100.jpg 67w, https:\/\/www.supercars.net\/blog\/wp-content\/uploads\/2014\/04\/0344-293x440.jpg 293w\" sizes=\"(max-width: 612px) 100vw, 612px\" \/><\/a>\n\t\t\t\t<\/a>\n            <\/div>\n                <div class='wp-caption-text gallery-caption'>\n                Tour Auto Rally 2014\n                <\/div><\/figure><figure class='gallery-item'>\n            <div class='gallery-icon landscape'>\n                <a href='https:\/\/www.supercars.net\/blog\/wp-content\/uploads\/2014\/04\/0345.jpg' class='tipi-lightbox'>\n\t\t\t\t<a href='https:\/\/www.supercars.net\/blog\/wp-content\/uploads\/2014\/04\/0345.jpg'><img decoding=\"async\" width=\"920\" height=\"612\" src=\"https:\/\/www.supercars.net\/blog\/wp-content\/uploads\/2014\/04\/0345.jpg\" class=\"attachment-full size-full\" alt=\"\" srcset=\"https:\/\/www.supercars.net\/blog\/wp-content\/uploads\/2014\/04\/0345.jpg 920w, https:\/\/www.supercars.net\/blog\/wp-content\/uploads\/2014\/04\/0345-300x200.jpg 300w, https:\/\/www.supercars.net\/blog\/wp-content\/uploads\/2014\/04\/0345-100x67.jpg 100w, https:\/\/www.supercars.net\/blog\/wp-content\/uploads\/2014\/04\/0345-770x512.jpg 770w, https:\/\/www.supercars.net\/blog\/wp-content\/uploads\/2014\/04\/0345-360x240.jpg 360w, https:\/\/www.supercars.net\/blog\/wp-content\/uploads\/2014\/04\/0345-370x247.jpg 370w, https:\/\/www.supercars.net\/blog\/wp-content\/uploads\/2014\/04\/0345-293x195.jpg 293w\" sizes=\"(max-width: 920px) 100vw, 920px\" \/><\/a>\n\t\t\t\t<\/a>\n            <\/div>\n                <div class='wp-caption-text gallery-caption'>\n                1966 Renault 8 Gordini\n                <\/div><\/figure><figure class='gallery-item'>\n            <div class='gallery-icon landscape'>\n                <a href='https:\/\/www.supercars.net\/blog\/wp-content\/uploads\/2014\/04\/0346.jpg' class='tipi-lightbox'>\n\t\t\t\t<a href='https:\/\/www.supercars.net\/blog\/wp-content\/uploads\/2014\/04\/0346.jpg'><img decoding=\"async\" width=\"920\" height=\"612\" src=\"https:\/\/www.supercars.net\/blog\/wp-content\/uploads\/2014\/04\/0346.jpg\" class=\"attachment-full size-full\" alt=\"\" srcset=\"https:\/\/www.supercars.net\/blog\/wp-content\/uploads\/2014\/04\/0346.jpg 920w, https:\/\/www.supercars.net\/blog\/wp-content\/uploads\/2014\/04\/0346-300x200.jpg 300w, https:\/\/www.supercars.net\/blog\/wp-content\/uploads\/2014\/04\/0346-100x67.jpg 100w, https:\/\/www.supercars.net\/blog\/wp-content\/uploads\/2014\/04\/0346-770x512.jpg 770w, https:\/\/www.supercars.net\/blog\/wp-content\/uploads\/2014\/04\/0346-360x240.jpg 360w, https:\/\/www.supercars.net\/blog\/wp-content\/uploads\/2014\/04\/0346-370x247.jpg 370w, https:\/\/www.supercars.net\/blog\/wp-content\/uploads\/2014\/04\/0346-293x195.jpg 293w\" sizes=\"(max-width: 920px) 100vw, 920px\" \/><\/a>\n\t\t\t\t<\/a>\n            <\/div>\n                <div class='wp-caption-text gallery-caption'>\n                Tour Auto Rally 2014\n                <\/div><\/figure><figure class='gallery-item'>\n            <div class='gallery-icon landscape'>\n                <a href='https:\/\/www.supercars.net\/blog\/wp-content\/uploads\/2014\/04\/0347.jpg' class='tipi-lightbox'>\n\t\t\t\t<a href='https:\/\/www.supercars.net\/blog\/wp-content\/uploads\/2014\/04\/0347.jpg'><img decoding=\"async\" width=\"920\" height=\"612\" src=\"https:\/\/www.supercars.net\/blog\/wp-content\/uploads\/2014\/04\/0347.jpg\" class=\"attachment-full size-full\" alt=\"\" srcset=\"https:\/\/www.supercars.net\/blog\/wp-content\/uploads\/2014\/04\/0347.jpg 920w, https:\/\/www.supercars.net\/blog\/wp-content\/uploads\/2014\/04\/0347-300x200.jpg 300w, https:\/\/www.supercars.net\/blog\/wp-content\/uploads\/2014\/04\/0347-100x67.jpg 100w, https:\/\/www.supercars.net\/blog\/wp-content\/uploads\/2014\/04\/0347-770x512.jpg 770w, https:\/\/www.supercars.net\/blog\/wp-content\/uploads\/2014\/04\/0347-360x240.jpg 360w, https:\/\/www.supercars.net\/blog\/wp-content\/uploads\/2014\/04\/0347-370x247.jpg 370w, https:\/\/www.supercars.net\/blog\/wp-content\/uploads\/2014\/04\/0347-293x195.jpg 293w\" sizes=\"(max-width: 920px) 100vw, 920px\" \/><\/a>\n\t\t\t\t<\/a>\n            <\/div>\n                <div class='wp-caption-text gallery-caption'>\n                1970 Porsche 911 S\n                <\/div><\/figure><figure class='gallery-item'>\n            <div class='gallery-icon landscape'>\n                <a href='https:\/\/www.supercars.net\/blog\/wp-content\/uploads\/2014\/04\/0348.jpg' class='tipi-lightbox'>\n\t\t\t\t<a href='https:\/\/www.supercars.net\/blog\/wp-content\/uploads\/2014\/04\/0348.jpg'><img decoding=\"async\" width=\"920\" height=\"612\" src=\"https:\/\/www.supercars.net\/blog\/wp-content\/uploads\/2014\/04\/0348.jpg\" class=\"attachment-full size-full\" alt=\"\" srcset=\"https:\/\/www.supercars.net\/blog\/wp-content\/uploads\/2014\/04\/0348.jpg 920w, https:\/\/www.supercars.net\/blog\/wp-content\/uploads\/2014\/04\/0348-300x200.jpg 300w, https:\/\/www.supercars.net\/blog\/wp-content\/uploads\/2014\/04\/0348-100x67.jpg 100w, https:\/\/www.supercars.net\/blog\/wp-content\/uploads\/2014\/04\/0348-770x512.jpg 770w, https:\/\/www.supercars.net\/blog\/wp-content\/uploads\/2014\/04\/0348-360x240.jpg 360w, https:\/\/www.supercars.net\/blog\/wp-content\/uploads\/2014\/04\/0348-370x247.jpg 370w, https:\/\/www.supercars.net\/blog\/wp-content\/uploads\/2014\/04\/0348-293x195.jpg 293w\" sizes=\"(max-width: 920px) 100vw, 920px\" \/><\/a>\n\t\t\t\t<\/a>\n            <\/div>\n                <div class='wp-caption-text gallery-caption'>\n                Tour Auto Rally 2014\n                <\/div><\/figure><figure class='gallery-item'>\n            <div class='gallery-icon landscape'>\n                <a href='https:\/\/www.supercars.net\/blog\/wp-content\/uploads\/2014\/04\/0349.jpg' class='tipi-lightbox'>\n\t\t\t\t<a href='https:\/\/www.supercars.net\/blog\/wp-content\/uploads\/2014\/04\/0349.jpg'><img decoding=\"async\" width=\"920\" height=\"612\" src=\"https:\/\/www.supercars.net\/blog\/wp-content\/uploads\/2014\/04\/0349.jpg\" class=\"attachment-full size-full\" alt=\"\" srcset=\"https:\/\/www.supercars.net\/blog\/wp-content\/uploads\/2014\/04\/0349.jpg 920w, https:\/\/www.supercars.net\/blog\/wp-content\/uploads\/2014\/04\/0349-300x200.jpg 300w, https:\/\/www.supercars.net\/blog\/wp-content\/uploads\/2014\/04\/0349-100x67.jpg 100w, https:\/\/www.supercars.net\/blog\/wp-content\/uploads\/2014\/04\/0349-770x512.jpg 770w, https:\/\/www.supercars.net\/blog\/wp-content\/uploads\/2014\/04\/0349-360x240.jpg 360w, https:\/\/www.supercars.net\/blog\/wp-content\/uploads\/2014\/04\/0349-370x247.jpg 370w, https:\/\/www.supercars.net\/blog\/wp-content\/uploads\/2014\/04\/0349-293x195.jpg 293w\" sizes=\"(max-width: 920px) 100vw, 920px\" \/><\/a>\n\t\t\t\t<\/a>\n            <\/div>\n                <div class='wp-caption-text gallery-caption'>\n                Tour Auto Rally 2014\n                <\/div><\/figure><figure class='gallery-item'>\n            <div class='gallery-icon landscape'>\n                <a href='https:\/\/www.supercars.net\/blog\/wp-content\/uploads\/2014\/04\/0350.jpg' class='tipi-lightbox'>\n\t\t\t\t<a href='https:\/\/www.supercars.net\/blog\/wp-content\/uploads\/2014\/04\/0350.jpg'><img decoding=\"async\" width=\"920\" height=\"612\" src=\"https:\/\/www.supercars.net\/blog\/wp-content\/uploads\/2014\/04\/0350.jpg\" class=\"attachment-full size-full\" alt=\"\" srcset=\"https:\/\/www.supercars.net\/blog\/wp-content\/uploads\/2014\/04\/0350.jpg 920w, https:\/\/www.supercars.net\/blog\/wp-content\/uploads\/2014\/04\/0350-300x200.jpg 300w, https:\/\/www.supercars.net\/blog\/wp-content\/uploads\/2014\/04\/0350-100x67.jpg 100w, https:\/\/www.supercars.net\/blog\/wp-content\/uploads\/2014\/04\/0350-770x512.jpg 770w, https:\/\/www.supercars.net\/blog\/wp-content\/uploads\/2014\/04\/0350-360x240.jpg 360w, https:\/\/www.supercars.net\/blog\/wp-content\/uploads\/2014\/04\/0350-370x247.jpg 370w, https:\/\/www.supercars.net\/blog\/wp-content\/uploads\/2014\/04\/0350-293x195.jpg 293w\" sizes=\"(max-width: 920px) 100vw, 920px\" \/><\/a>\n\t\t\t\t<\/a>\n            <\/div>\n                <div class='wp-caption-text gallery-caption'>\n                Tour Auto Rally 2014\n                <\/div><\/figure><figure class='gallery-item'>\n            <div class='gallery-icon landscape'>\n                <a href='https:\/\/www.supercars.net\/blog\/wp-content\/uploads\/2014\/04\/0351.jpg' class='tipi-lightbox'>\n\t\t\t\t<a href='https:\/\/www.supercars.net\/blog\/wp-content\/uploads\/2014\/04\/0351.jpg'><img decoding=\"async\" width=\"920\" height=\"612\" src=\"https:\/\/www.supercars.net\/blog\/wp-content\/uploads\/2014\/04\/0351.jpg\" class=\"attachment-full size-full\" alt=\"\" srcset=\"https:\/\/www.supercars.net\/blog\/wp-content\/uploads\/2014\/04\/0351.jpg 920w, https:\/\/www.supercars.net\/blog\/wp-content\/uploads\/2014\/04\/0351-300x200.jpg 300w, https:\/\/www.supercars.net\/blog\/wp-content\/uploads\/2014\/04\/0351-100x67.jpg 100w, https:\/\/www.supercars.net\/blog\/wp-content\/uploads\/2014\/04\/0351-770x512.jpg 770w, https:\/\/www.supercars.net\/blog\/wp-content\/uploads\/2014\/04\/0351-360x240.jpg 360w, https:\/\/www.supercars.net\/blog\/wp-content\/uploads\/2014\/04\/0351-370x247.jpg 370w, https:\/\/www.supercars.net\/blog\/wp-content\/uploads\/2014\/04\/0351-293x195.jpg 293w\" sizes=\"(max-width: 920px) 100vw, 920px\" \/><\/a>\n\t\t\t\t<\/a>\n            <\/div>\n                <div class='wp-caption-text gallery-caption'>\n                1967 Ferrari 275 GTB\n                <\/div><\/figure><figure class='gallery-item'>\n            <div class='gallery-icon landscape'>\n                <a href='https:\/\/www.supercars.net\/blog\/wp-content\/uploads\/2014\/04\/0352.jpg' class='tipi-lightbox'>\n\t\t\t\t<a href='https:\/\/www.supercars.net\/blog\/wp-content\/uploads\/2014\/04\/0352.jpg'><img decoding=\"async\" width=\"920\" height=\"612\" src=\"https:\/\/www.supercars.net\/blog\/wp-content\/uploads\/2014\/04\/0352.jpg\" class=\"attachment-full size-full\" alt=\"\" srcset=\"https:\/\/www.supercars.net\/blog\/wp-content\/uploads\/2014\/04\/0352.jpg 920w, https:\/\/www.supercars.net\/blog\/wp-content\/uploads\/2014\/04\/0352-300x200.jpg 300w, https:\/\/www.supercars.net\/blog\/wp-content\/uploads\/2014\/04\/0352-100x67.jpg 100w, https:\/\/www.supercars.net\/blog\/wp-content\/uploads\/2014\/04\/0352-770x512.jpg 770w, https:\/\/www.supercars.net\/blog\/wp-content\/uploads\/2014\/04\/0352-360x240.jpg 360w, https:\/\/www.supercars.net\/blog\/wp-content\/uploads\/2014\/04\/0352-370x247.jpg 370w, https:\/\/www.supercars.net\/blog\/wp-content\/uploads\/2014\/04\/0352-293x195.jpg 293w\" sizes=\"(max-width: 920px) 100vw, 920px\" \/><\/a>\n\t\t\t\t<\/a>\n            <\/div>\n                <div class='wp-caption-text gallery-caption'>\n                Tour Auto Rally 2014\n                <\/div><\/figure><figure class='gallery-item'>\n            <div class='gallery-icon landscape'>\n                <a href='https:\/\/www.supercars.net\/blog\/wp-content\/uploads\/2014\/04\/0353.jpg' class='tipi-lightbox'>\n\t\t\t\t<a href='https:\/\/www.supercars.net\/blog\/wp-content\/uploads\/2014\/04\/0353.jpg'><img decoding=\"async\" width=\"920\" height=\"612\" src=\"https:\/\/www.supercars.net\/blog\/wp-content\/uploads\/2014\/04\/0353.jpg\" class=\"attachment-full size-full\" alt=\"\" srcset=\"https:\/\/www.supercars.net\/blog\/wp-content\/uploads\/2014\/04\/0353.jpg 920w, https:\/\/www.supercars.net\/blog\/wp-content\/uploads\/2014\/04\/0353-300x200.jpg 300w, https:\/\/www.supercars.net\/blog\/wp-content\/uploads\/2014\/04\/0353-100x67.jpg 100w, https:\/\/www.supercars.net\/blog\/wp-content\/uploads\/2014\/04\/0353-770x512.jpg 770w, https:\/\/www.supercars.net\/blog\/wp-content\/uploads\/2014\/04\/0353-360x240.jpg 360w, https:\/\/www.supercars.net\/blog\/wp-content\/uploads\/2014\/04\/0353-370x247.jpg 370w, https:\/\/www.supercars.net\/blog\/wp-content\/uploads\/2014\/04\/0353-293x195.jpg 293w\" sizes=\"(max-width: 920px) 100vw, 920px\" \/><\/a>\n\t\t\t\t<\/a>\n            <\/div>\n                <div class='wp-caption-text gallery-caption'>\n                1958 Triumph TR3 A\n                <\/div><\/figure><figure class='gallery-item'>\n            <div class='gallery-icon landscape'>\n                <a href='https:\/\/www.supercars.net\/blog\/wp-content\/uploads\/2014\/04\/0354.jpg' class='tipi-lightbox'>\n\t\t\t\t<a href='https:\/\/www.supercars.net\/blog\/wp-content\/uploads\/2014\/04\/0354.jpg'><img decoding=\"async\" width=\"920\" height=\"612\" src=\"https:\/\/www.supercars.net\/blog\/wp-content\/uploads\/2014\/04\/0354.jpg\" class=\"attachment-full size-full\" alt=\"\" srcset=\"https:\/\/www.supercars.net\/blog\/wp-content\/uploads\/2014\/04\/0354.jpg 920w, https:\/\/www.supercars.net\/blog\/wp-content\/uploads\/2014\/04\/0354-300x200.jpg 300w, https:\/\/www.supercars.net\/blog\/wp-content\/uploads\/2014\/04\/0354-100x67.jpg 100w, https:\/\/www.supercars.net\/blog\/wp-content\/uploads\/2014\/04\/0354-770x512.jpg 770w, https:\/\/www.supercars.net\/blog\/wp-content\/uploads\/2014\/04\/0354-360x240.jpg 360w, https:\/\/www.supercars.net\/blog\/wp-content\/uploads\/2014\/04\/0354-370x247.jpg 370w, https:\/\/www.supercars.net\/blog\/wp-content\/uploads\/2014\/04\/0354-293x195.jpg 293w\" sizes=\"(max-width: 920px) 100vw, 920px\" \/><\/a>\n\t\t\t\t<\/a>\n            <\/div>\n                <div class='wp-caption-text gallery-caption'>\n                Tour Auto Rally 2014\n                <\/div><\/figure><figure class='gallery-item'>\n            <div class='gallery-icon landscape'>\n                <a href='https:\/\/www.supercars.net\/blog\/wp-content\/uploads\/2014\/04\/0355.jpg' class='tipi-lightbox'>\n\t\t\t\t<a href='https:\/\/www.supercars.net\/blog\/wp-content\/uploads\/2014\/04\/0355.jpg'><img decoding=\"async\" width=\"920\" height=\"612\" src=\"https:\/\/www.supercars.net\/blog\/wp-content\/uploads\/2014\/04\/0355.jpg\" class=\"attachment-full size-full\" alt=\"\" srcset=\"https:\/\/www.supercars.net\/blog\/wp-content\/uploads\/2014\/04\/0355.jpg 920w, https:\/\/www.supercars.net\/blog\/wp-content\/uploads\/2014\/04\/0355-300x200.jpg 300w, https:\/\/www.supercars.net\/blog\/wp-content\/uploads\/2014\/04\/0355-100x67.jpg 100w, https:\/\/www.supercars.net\/blog\/wp-content\/uploads\/2014\/04\/0355-770x512.jpg 770w, https:\/\/www.supercars.net\/blog\/wp-content\/uploads\/2014\/04\/0355-360x240.jpg 360w, https:\/\/www.supercars.net\/blog\/wp-content\/uploads\/2014\/04\/0355-370x247.jpg 370w, https:\/\/www.supercars.net\/blog\/wp-content\/uploads\/2014\/04\/0355-293x195.jpg 293w\" sizes=\"(max-width: 920px) 100vw, 920px\" \/><\/a>\n\t\t\t\t<\/a>\n            <\/div>\n                <div class='wp-caption-text gallery-caption'>\n                1960 Aston Martin DB4 GT\n                <\/div><\/figure><figure class='gallery-item'>\n            <div class='gallery-icon landscape'>\n                <a href='https:\/\/www.supercars.net\/blog\/wp-content\/uploads\/2014\/04\/0356.jpg' class='tipi-lightbox'>\n\t\t\t\t<a href='https:\/\/www.supercars.net\/blog\/wp-content\/uploads\/2014\/04\/0356.jpg'><img decoding=\"async\" width=\"920\" height=\"612\" src=\"https:\/\/www.supercars.net\/blog\/wp-content\/uploads\/2014\/04\/0356.jpg\" class=\"attachment-full size-full\" alt=\"\" srcset=\"https:\/\/www.supercars.net\/blog\/wp-content\/uploads\/2014\/04\/0356.jpg 920w, https:\/\/www.supercars.net\/blog\/wp-content\/uploads\/2014\/04\/0356-300x200.jpg 300w, https:\/\/www.supercars.net\/blog\/wp-content\/uploads\/2014\/04\/0356-100x67.jpg 100w, https:\/\/www.supercars.net\/blog\/wp-content\/uploads\/2014\/04\/0356-770x512.jpg 770w, https:\/\/www.supercars.net\/blog\/wp-content\/uploads\/2014\/04\/0356-360x240.jpg 360w, https:\/\/www.supercars.net\/blog\/wp-content\/uploads\/2014\/04\/0356-370x247.jpg 370w, https:\/\/www.supercars.net\/blog\/wp-content\/uploads\/2014\/04\/0356-293x195.jpg 293w\" sizes=\"(max-width: 920px) 100vw, 920px\" \/><\/a>\n\t\t\t\t<\/a>\n            <\/div>\n                <div class='wp-caption-text gallery-caption'>\n                Tour Auto Rally 2014\n                <\/div><\/figure><figure class='gallery-item'>\n            <div class='gallery-icon landscape'>\n                <a href='https:\/\/www.supercars.net\/blog\/wp-content\/uploads\/2014\/04\/0357.jpg' class='tipi-lightbox'>\n\t\t\t\t<a href='https:\/\/www.supercars.net\/blog\/wp-content\/uploads\/2014\/04\/0357.jpg'><img decoding=\"async\" width=\"920\" height=\"612\" src=\"https:\/\/www.supercars.net\/blog\/wp-content\/uploads\/2014\/04\/0357.jpg\" class=\"attachment-full size-full\" alt=\"\" srcset=\"https:\/\/www.supercars.net\/blog\/wp-content\/uploads\/2014\/04\/0357.jpg 920w, https:\/\/www.supercars.net\/blog\/wp-content\/uploads\/2014\/04\/0357-300x200.jpg 300w, https:\/\/www.supercars.net\/blog\/wp-content\/uploads\/2014\/04\/0357-100x67.jpg 100w, https:\/\/www.supercars.net\/blog\/wp-content\/uploads\/2014\/04\/0357-770x512.jpg 770w, https:\/\/www.supercars.net\/blog\/wp-content\/uploads\/2014\/04\/0357-360x240.jpg 360w, https:\/\/www.supercars.net\/blog\/wp-content\/uploads\/2014\/04\/0357-370x247.jpg 370w, https:\/\/www.supercars.net\/blog\/wp-content\/uploads\/2014\/04\/0357-293x195.jpg 293w\" sizes=\"(max-width: 920px) 100vw, 920px\" \/><\/a>\n\t\t\t\t<\/a>\n            <\/div>\n                <div class='wp-caption-text gallery-caption'>\n                1971 Alpine A110 1600S\n                <\/div><\/figure><figure class='gallery-item'>\n            <div class='gallery-icon landscape'>\n                <a href='https:\/\/www.supercars.net\/blog\/wp-content\/uploads\/2014\/04\/0358.jpg' class='tipi-lightbox'>\n\t\t\t\t<a href='https:\/\/www.supercars.net\/blog\/wp-content\/uploads\/2014\/04\/0358.jpg'><img decoding=\"async\" width=\"920\" height=\"431\" src=\"https:\/\/www.supercars.net\/blog\/wp-content\/uploads\/2014\/04\/0358.jpg\" class=\"attachment-full size-full\" alt=\"\" srcset=\"https:\/\/www.supercars.net\/blog\/wp-content\/uploads\/2014\/04\/0358.jpg 920w, https:\/\/www.supercars.net\/blog\/wp-content\/uploads\/2014\/04\/0358-300x141.jpg 300w, https:\/\/www.supercars.net\/blog\/wp-content\/uploads\/2014\/04\/0358-100x47.jpg 100w, https:\/\/www.supercars.net\/blog\/wp-content\/uploads\/2014\/04\/0358-770x361.jpg 770w, https:\/\/www.supercars.net\/blog\/wp-content\/uploads\/2014\/04\/0358-293x137.jpg 293w\" sizes=\"(max-width: 920px) 100vw, 920px\" \/><\/a>\n\t\t\t\t<\/a>\n            <\/div>\n                <div class='wp-caption-text gallery-caption'>\n                1957 Ferrari 250 GT Boano\n                <\/div><\/figure><figure class='gallery-item'>\n            <div class='gallery-icon landscape'>\n                <a href='https:\/\/www.supercars.net\/blog\/wp-content\/uploads\/2014\/04\/0359.jpg' class='tipi-lightbox'>\n\t\t\t\t<a href='https:\/\/www.supercars.net\/blog\/wp-content\/uploads\/2014\/04\/0359.jpg'><img decoding=\"async\" width=\"920\" height=\"612\" src=\"https:\/\/www.supercars.net\/blog\/wp-content\/uploads\/2014\/04\/0359.jpg\" class=\"attachment-full size-full\" alt=\"\" srcset=\"https:\/\/www.supercars.net\/blog\/wp-content\/uploads\/2014\/04\/0359.jpg 920w, https:\/\/www.supercars.net\/blog\/wp-content\/uploads\/2014\/04\/0359-300x200.jpg 300w, https:\/\/www.supercars.net\/blog\/wp-content\/uploads\/2014\/04\/0359-100x67.jpg 100w, https:\/\/www.supercars.net\/blog\/wp-content\/uploads\/2014\/04\/0359-770x512.jpg 770w, https:\/\/www.supercars.net\/blog\/wp-content\/uploads\/2014\/04\/0359-360x240.jpg 360w, https:\/\/www.supercars.net\/blog\/wp-content\/uploads\/2014\/04\/0359-370x247.jpg 370w, https:\/\/www.supercars.net\/blog\/wp-content\/uploads\/2014\/04\/0359-293x195.jpg 293w\" sizes=\"(max-width: 920px) 100vw, 920px\" \/><\/a>\n\t\t\t\t<\/a>\n            <\/div>\n                <div class='wp-caption-text gallery-caption'>\n                Tour Auto Rally 2014\n                <\/div><\/figure><figure class='gallery-item'>\n            <div class='gallery-icon landscape'>\n                <a href='https:\/\/www.supercars.net\/blog\/wp-content\/uploads\/2014\/04\/0360.jpg' class='tipi-lightbox'>\n\t\t\t\t<a href='https:\/\/www.supercars.net\/blog\/wp-content\/uploads\/2014\/04\/0360.jpg'><img decoding=\"async\" width=\"920\" height=\"544\" src=\"https:\/\/www.supercars.net\/blog\/wp-content\/uploads\/2014\/04\/0360.jpg\" class=\"attachment-full size-full\" alt=\"\" srcset=\"https:\/\/www.supercars.net\/blog\/wp-content\/uploads\/2014\/04\/0360.jpg 920w, https:\/\/www.supercars.net\/blog\/wp-content\/uploads\/2014\/04\/0360-300x177.jpg 300w, https:\/\/www.supercars.net\/blog\/wp-content\/uploads\/2014\/04\/0360-100x59.jpg 100w, https:\/\/www.supercars.net\/blog\/wp-content\/uploads\/2014\/04\/0360-770x455.jpg 770w, https:\/\/www.supercars.net\/blog\/wp-content\/uploads\/2014\/04\/0360-293x173.jpg 293w\" sizes=\"(max-width: 920px) 100vw, 920px\" \/><\/a>\n\t\t\t\t<\/a>\n            <\/div>\n                <div class='wp-caption-text gallery-caption'>\n                Tour Auto Rally 2014\n                <\/div><\/figure><figure class='gallery-item'>\n            <div class='gallery-icon landscape'>\n                <a href='https:\/\/www.supercars.net\/blog\/wp-content\/uploads\/2014\/04\/0361.jpg' class='tipi-lightbox'>\n\t\t\t\t<a href='https:\/\/www.supercars.net\/blog\/wp-content\/uploads\/2014\/04\/0361.jpg'><img decoding=\"async\" width=\"920\" height=\"538\" src=\"https:\/\/www.supercars.net\/blog\/wp-content\/uploads\/2014\/04\/0361.jpg\" class=\"attachment-full size-full\" alt=\"\" srcset=\"https:\/\/www.supercars.net\/blog\/wp-content\/uploads\/2014\/04\/0361.jpg 920w, https:\/\/www.supercars.net\/blog\/wp-content\/uploads\/2014\/04\/0361-300x175.jpg 300w, https:\/\/www.supercars.net\/blog\/wp-content\/uploads\/2014\/04\/0361-100x58.jpg 100w, https:\/\/www.supercars.net\/blog\/wp-content\/uploads\/2014\/04\/0361-770x450.jpg 770w, https:\/\/www.supercars.net\/blog\/wp-content\/uploads\/2014\/04\/0361-293x171.jpg 293w\" sizes=\"(max-width: 920px) 100vw, 920px\" \/><\/a>\n\t\t\t\t<\/a>\n            <\/div>\n                <div class='wp-caption-text gallery-caption'>\n                Tour Auto Rally 2014\n                <\/div><\/figure><figure class='gallery-item'>\n            <div class='gallery-icon landscape'>\n                <a href='https:\/\/www.supercars.net\/blog\/wp-content\/uploads\/2014\/04\/0362.jpg' class='tipi-lightbox'>\n\t\t\t\t<a href='https:\/\/www.supercars.net\/blog\/wp-content\/uploads\/2014\/04\/0362.jpg'><img decoding=\"async\" width=\"920\" height=\"612\" src=\"https:\/\/www.supercars.net\/blog\/wp-content\/uploads\/2014\/04\/0362.jpg\" class=\"attachment-full size-full\" alt=\"\" srcset=\"https:\/\/www.supercars.net\/blog\/wp-content\/uploads\/2014\/04\/0362.jpg 920w, https:\/\/www.supercars.net\/blog\/wp-content\/uploads\/2014\/04\/0362-300x200.jpg 300w, https:\/\/www.supercars.net\/blog\/wp-content\/uploads\/2014\/04\/0362-100x67.jpg 100w, https:\/\/www.supercars.net\/blog\/wp-content\/uploads\/2014\/04\/0362-770x512.jpg 770w, https:\/\/www.supercars.net\/blog\/wp-content\/uploads\/2014\/04\/0362-360x240.jpg 360w, https:\/\/www.supercars.net\/blog\/wp-content\/uploads\/2014\/04\/0362-370x247.jpg 370w, https:\/\/www.supercars.net\/blog\/wp-content\/uploads\/2014\/04\/0362-293x195.jpg 293w\" sizes=\"(max-width: 920px) 100vw, 920px\" \/><\/a>\n\t\t\t\t<\/a>\n            <\/div>\n                <div class='wp-caption-text gallery-caption'>\n                1965 Ferrari 275 GTB\/2\n                <\/div><\/figure><figure class='gallery-item'>\n            <div class='gallery-icon landscape'>\n                <a href='https:\/\/www.supercars.net\/blog\/wp-content\/uploads\/2014\/04\/0363.jpg' class='tipi-lightbox'>\n\t\t\t\t<a href='https:\/\/www.supercars.net\/blog\/wp-content\/uploads\/2014\/04\/0363.jpg'><img decoding=\"async\" width=\"920\" height=\"612\" src=\"https:\/\/www.supercars.net\/blog\/wp-content\/uploads\/2014\/04\/0363.jpg\" class=\"attachment-full size-full\" alt=\"\" srcset=\"https:\/\/www.supercars.net\/blog\/wp-content\/uploads\/2014\/04\/0363.jpg 920w, https:\/\/www.supercars.net\/blog\/wp-content\/uploads\/2014\/04\/0363-300x200.jpg 300w, https:\/\/www.supercars.net\/blog\/wp-content\/uploads\/2014\/04\/0363-100x67.jpg 100w, https:\/\/www.supercars.net\/blog\/wp-content\/uploads\/2014\/04\/0363-770x512.jpg 770w, https:\/\/www.supercars.net\/blog\/wp-content\/uploads\/2014\/04\/0363-360x240.jpg 360w, https:\/\/www.supercars.net\/blog\/wp-content\/uploads\/2014\/04\/0363-370x247.jpg 370w, https:\/\/www.supercars.net\/blog\/wp-content\/uploads\/2014\/04\/0363-293x195.jpg 293w\" sizes=\"(max-width: 920px) 100vw, 920px\" \/><\/a>\n\t\t\t\t<\/a>\n            <\/div>\n                <div class='wp-caption-text gallery-caption'>\n                Tour Auto Rally 2014\n                <\/div><\/figure><figure class='gallery-item'>\n            <div class='gallery-icon landscape'>\n                <a href='https:\/\/www.supercars.net\/blog\/wp-content\/uploads\/2014\/04\/0364.jpg' class='tipi-lightbox'>\n\t\t\t\t<a href='https:\/\/www.supercars.net\/blog\/wp-content\/uploads\/2014\/04\/0364.jpg'><img decoding=\"async\" width=\"920\" height=\"612\" src=\"https:\/\/www.supercars.net\/blog\/wp-content\/uploads\/2014\/04\/0364.jpg\" class=\"attachment-full size-full\" alt=\"\" srcset=\"https:\/\/www.supercars.net\/blog\/wp-content\/uploads\/2014\/04\/0364.jpg 920w, https:\/\/www.supercars.net\/blog\/wp-content\/uploads\/2014\/04\/0364-300x200.jpg 300w, https:\/\/www.supercars.net\/blog\/wp-content\/uploads\/2014\/04\/0364-100x67.jpg 100w, https:\/\/www.supercars.net\/blog\/wp-content\/uploads\/2014\/04\/0364-770x512.jpg 770w, https:\/\/www.supercars.net\/blog\/wp-content\/uploads\/2014\/04\/0364-360x240.jpg 360w, https:\/\/www.supercars.net\/blog\/wp-content\/uploads\/2014\/04\/0364-370x247.jpg 370w, https:\/\/www.supercars.net\/blog\/wp-content\/uploads\/2014\/04\/0364-293x195.jpg 293w\" sizes=\"(max-width: 920px) 100vw, 920px\" \/><\/a>\n\t\t\t\t<\/a>\n            <\/div>\n                <div class='wp-caption-text gallery-caption'>\n                1966 Ferrari 275 GTB\/4\n                <\/div><\/figure><figure class='gallery-item'>\n            <div class='gallery-icon landscape'>\n                <a href='https:\/\/www.supercars.net\/blog\/wp-content\/uploads\/2014\/04\/0365.jpg' class='tipi-lightbox'>\n\t\t\t\t<a href='https:\/\/www.supercars.net\/blog\/wp-content\/uploads\/2014\/04\/0365.jpg'><img decoding=\"async\" width=\"920\" height=\"612\" src=\"https:\/\/www.supercars.net\/blog\/wp-content\/uploads\/2014\/04\/0365.jpg\" class=\"attachment-full size-full\" alt=\"\" srcset=\"https:\/\/www.supercars.net\/blog\/wp-content\/uploads\/2014\/04\/0365.jpg 920w, https:\/\/www.supercars.net\/blog\/wp-content\/uploads\/2014\/04\/0365-300x200.jpg 300w, https:\/\/www.supercars.net\/blog\/wp-content\/uploads\/2014\/04\/0365-100x67.jpg 100w, https:\/\/www.supercars.net\/blog\/wp-content\/uploads\/2014\/04\/0365-770x512.jpg 770w, https:\/\/www.supercars.net\/blog\/wp-content\/uploads\/2014\/04\/0365-360x240.jpg 360w, https:\/\/www.supercars.net\/blog\/wp-content\/uploads\/2014\/04\/0365-370x247.jpg 370w, https:\/\/www.supercars.net\/blog\/wp-content\/uploads\/2014\/04\/0365-293x195.jpg 293w\" sizes=\"(max-width: 920px) 100vw, 920px\" \/><\/a>\n\t\t\t\t<\/a>\n            <\/div>\n                <div class='wp-caption-text gallery-caption'>\n                1961 Ferrari 250 GT SWB Berlinetta\n                <\/div><\/figure><figure class='gallery-item'>\n            <div class='gallery-icon landscape'>\n                <a href='https:\/\/www.supercars.net\/blog\/wp-content\/uploads\/2014\/04\/0366.jpg' class='tipi-lightbox'>\n\t\t\t\t<a href='https:\/\/www.supercars.net\/blog\/wp-content\/uploads\/2014\/04\/0366.jpg'><img decoding=\"async\" width=\"920\" height=\"612\" src=\"https:\/\/www.supercars.net\/blog\/wp-content\/uploads\/2014\/04\/0366.jpg\" class=\"attachment-full size-full\" alt=\"\" srcset=\"https:\/\/www.supercars.net\/blog\/wp-content\/uploads\/2014\/04\/0366.jpg 920w, https:\/\/www.supercars.net\/blog\/wp-content\/uploads\/2014\/04\/0366-300x200.jpg 300w, https:\/\/www.supercars.net\/blog\/wp-content\/uploads\/2014\/04\/0366-100x67.jpg 100w, https:\/\/www.supercars.net\/blog\/wp-content\/uploads\/2014\/04\/0366-770x512.jpg 770w, https:\/\/www.supercars.net\/blog\/wp-content\/uploads\/2014\/04\/0366-360x240.jpg 360w, https:\/\/www.supercars.net\/blog\/wp-content\/uploads\/2014\/04\/0366-370x247.jpg 370w, https:\/\/www.supercars.net\/blog\/wp-content\/uploads\/2014\/04\/0366-293x195.jpg 293w\" sizes=\"(max-width: 920px) 100vw, 920px\" \/><\/a>\n\t\t\t\t<\/a>\n            <\/div>\n                <div class='wp-caption-text gallery-caption'>\n                Tour Auto Rally 2014\n                <\/div><\/figure><figure class='gallery-item'>\n            <div class='gallery-icon landscape'>\n                <a href='https:\/\/www.supercars.net\/blog\/wp-content\/uploads\/2014\/04\/0367.jpg' class='tipi-lightbox'>\n\t\t\t\t<a href='https:\/\/www.supercars.net\/blog\/wp-content\/uploads\/2014\/04\/0367.jpg'><img decoding=\"async\" width=\"920\" height=\"548\" src=\"https:\/\/www.supercars.net\/blog\/wp-content\/uploads\/2014\/04\/0367.jpg\" class=\"attachment-full size-full\" alt=\"\" srcset=\"https:\/\/www.supercars.net\/blog\/wp-content\/uploads\/2014\/04\/0367.jpg 920w, https:\/\/www.supercars.net\/blog\/wp-content\/uploads\/2014\/04\/0367-300x179.jpg 300w, https:\/\/www.supercars.net\/blog\/wp-content\/uploads\/2014\/04\/0367-100x60.jpg 100w, https:\/\/www.supercars.net\/blog\/wp-content\/uploads\/2014\/04\/0367-770x459.jpg 770w, https:\/\/www.supercars.net\/blog\/wp-content\/uploads\/2014\/04\/0367-293x175.jpg 293w\" sizes=\"(max-width: 920px) 100vw, 920px\" \/><\/a>\n\t\t\t\t<\/a>\n            <\/div>\n                <div class='wp-caption-text gallery-caption'>\n                Tour Auto Rally 2014\n                <\/div><\/figure><figure class='gallery-item'>\n            <div class='gallery-icon landscape'>\n                <a href='https:\/\/www.supercars.net\/blog\/wp-content\/uploads\/2014\/04\/0368.jpg' class='tipi-lightbox'>\n\t\t\t\t<a href='https:\/\/www.supercars.net\/blog\/wp-content\/uploads\/2014\/04\/0368.jpg'><img decoding=\"async\" width=\"920\" height=\"548\" src=\"https:\/\/www.supercars.net\/blog\/wp-content\/uploads\/2014\/04\/0368.jpg\" class=\"attachment-full size-full\" alt=\"\" srcset=\"https:\/\/www.supercars.net\/blog\/wp-content\/uploads\/2014\/04\/0368.jpg 920w, https:\/\/www.supercars.net\/blog\/wp-content\/uploads\/2014\/04\/0368-300x179.jpg 300w, https:\/\/www.supercars.net\/blog\/wp-content\/uploads\/2014\/04\/0368-100x60.jpg 100w, https:\/\/www.supercars.net\/blog\/wp-content\/uploads\/2014\/04\/0368-770x459.jpg 770w, https:\/\/www.supercars.net\/blog\/wp-content\/uploads\/2014\/04\/0368-293x175.jpg 293w\" sizes=\"(max-width: 920px) 100vw, 920px\" \/><\/a>\n\t\t\t\t<\/a>\n            <\/div>\n                <div class='wp-caption-text gallery-caption'>\n                1970 Ferrari 365 GTB\/4 Daytona Group IV\n                <\/div><\/figure><figure class='gallery-item'>\n            <div class='gallery-icon landscape'>\n                <a href='https:\/\/www.supercars.net\/blog\/wp-content\/uploads\/2014\/04\/0369.jpg' class='tipi-lightbox'>\n\t\t\t\t<a href='https:\/\/www.supercars.net\/blog\/wp-content\/uploads\/2014\/04\/0369.jpg'><img decoding=\"async\" width=\"920\" height=\"612\" src=\"https:\/\/www.supercars.net\/blog\/wp-content\/uploads\/2014\/04\/0369.jpg\" class=\"attachment-full size-full\" alt=\"\" srcset=\"https:\/\/www.supercars.net\/blog\/wp-content\/uploads\/2014\/04\/0369.jpg 920w, https:\/\/www.supercars.net\/blog\/wp-content\/uploads\/2014\/04\/0369-300x200.jpg 300w, https:\/\/www.supercars.net\/blog\/wp-content\/uploads\/2014\/04\/0369-100x67.jpg 100w, https:\/\/www.supercars.net\/blog\/wp-content\/uploads\/2014\/04\/0369-770x512.jpg 770w, https:\/\/www.supercars.net\/blog\/wp-content\/uploads\/2014\/04\/0369-360x240.jpg 360w, https:\/\/www.supercars.net\/blog\/wp-content\/uploads\/2014\/04\/0369-370x247.jpg 370w, https:\/\/www.supercars.net\/blog\/wp-content\/uploads\/2014\/04\/0369-293x195.jpg 293w\" sizes=\"(max-width: 920px) 100vw, 920px\" \/><\/a>\n\t\t\t\t<\/a>\n            <\/div>\n                <div class='wp-caption-text gallery-caption'>\n                1954 Salmson 2300 S\n                <\/div><\/figure><figure class='gallery-item'>\n            <div class='gallery-icon landscape'>\n                <a href='https:\/\/www.supercars.net\/blog\/wp-content\/uploads\/2014\/04\/0370.jpg' class='tipi-lightbox'>\n\t\t\t\t<a href='https:\/\/www.supercars.net\/blog\/wp-content\/uploads\/2014\/04\/0370.jpg'><img decoding=\"async\" width=\"920\" height=\"612\" src=\"https:\/\/www.supercars.net\/blog\/wp-content\/uploads\/2014\/04\/0370.jpg\" class=\"attachment-full size-full\" alt=\"\" srcset=\"https:\/\/www.supercars.net\/blog\/wp-content\/uploads\/2014\/04\/0370.jpg 920w, https:\/\/www.supercars.net\/blog\/wp-content\/uploads\/2014\/04\/0370-300x200.jpg 300w, https:\/\/www.supercars.net\/blog\/wp-content\/uploads\/2014\/04\/0370-100x67.jpg 100w, https:\/\/www.supercars.net\/blog\/wp-content\/uploads\/2014\/04\/0370-770x512.jpg 770w, https:\/\/www.supercars.net\/blog\/wp-content\/uploads\/2014\/04\/0370-360x240.jpg 360w, https:\/\/www.supercars.net\/blog\/wp-content\/uploads\/2014\/04\/0370-370x247.jpg 370w, https:\/\/www.supercars.net\/blog\/wp-content\/uploads\/2014\/04\/0370-293x195.jpg 293w\" sizes=\"(max-width: 920px) 100vw, 920px\" \/><\/a>\n\t\t\t\t<\/a>\n            <\/div>\n                <div class='wp-caption-text gallery-caption'>\n                1964 Morris Mini Cooper S\n                <\/div><\/figure><figure class='gallery-item'>\n            <div class='gallery-icon landscape'>\n                <a href='https:\/\/www.supercars.net\/blog\/wp-content\/uploads\/2014\/04\/0371.jpg' class='tipi-lightbox'>\n\t\t\t\t<a href='https:\/\/www.supercars.net\/blog\/wp-content\/uploads\/2014\/04\/0371.jpg'><img decoding=\"async\" width=\"920\" height=\"612\" src=\"https:\/\/www.supercars.net\/blog\/wp-content\/uploads\/2014\/04\/0371.jpg\" class=\"attachment-full size-full\" alt=\"\" srcset=\"https:\/\/www.supercars.net\/blog\/wp-content\/uploads\/2014\/04\/0371.jpg 920w, https:\/\/www.supercars.net\/blog\/wp-content\/uploads\/2014\/04\/0371-300x200.jpg 300w, https:\/\/www.supercars.net\/blog\/wp-content\/uploads\/2014\/04\/0371-100x67.jpg 100w, https:\/\/www.supercars.net\/blog\/wp-content\/uploads\/2014\/04\/0371-770x512.jpg 770w, https:\/\/www.supercars.net\/blog\/wp-content\/uploads\/2014\/04\/0371-360x240.jpg 360w, https:\/\/www.supercars.net\/blog\/wp-content\/uploads\/2014\/04\/0371-370x247.jpg 370w, https:\/\/www.supercars.net\/blog\/wp-content\/uploads\/2014\/04\/0371-293x195.jpg 293w\" sizes=\"(max-width: 920px) 100vw, 920px\" \/><\/a>\n\t\t\t\t<\/a>\n            <\/div>\n                <div class='wp-caption-text gallery-caption'>\n                1952 Ferrari 212 Inter\n                <\/div><\/figure><figure class='gallery-item'>\n            <div class='gallery-icon landscape'>\n                <a href='https:\/\/www.supercars.net\/blog\/wp-content\/uploads\/2014\/04\/0372.jpg' class='tipi-lightbox'>\n\t\t\t\t<a href='https:\/\/www.supercars.net\/blog\/wp-content\/uploads\/2014\/04\/0372.jpg'><img decoding=\"async\" width=\"920\" height=\"612\" src=\"https:\/\/www.supercars.net\/blog\/wp-content\/uploads\/2014\/04\/0372.jpg\" class=\"attachment-full size-full\" alt=\"\" srcset=\"https:\/\/www.supercars.net\/blog\/wp-content\/uploads\/2014\/04\/0372.jpg 920w, https:\/\/www.supercars.net\/blog\/wp-content\/uploads\/2014\/04\/0372-300x200.jpg 300w, https:\/\/www.supercars.net\/blog\/wp-content\/uploads\/2014\/04\/0372-100x67.jpg 100w, https:\/\/www.supercars.net\/blog\/wp-content\/uploads\/2014\/04\/0372-770x512.jpg 770w, https:\/\/www.supercars.net\/blog\/wp-content\/uploads\/2014\/04\/0372-360x240.jpg 360w, https:\/\/www.supercars.net\/blog\/wp-content\/uploads\/2014\/04\/0372-370x247.jpg 370w, https:\/\/www.supercars.net\/blog\/wp-content\/uploads\/2014\/04\/0372-293x195.jpg 293w\" sizes=\"(max-width: 920px) 100vw, 920px\" \/><\/a>\n\t\t\t\t<\/a>\n            <\/div>\n                <div class='wp-caption-text gallery-caption'>\n                1971 Porsche 911 ST\n                <\/div><\/figure><figure class='gallery-item'>\n            <div class='gallery-icon landscape'>\n                <a href='https:\/\/www.supercars.net\/blog\/wp-content\/uploads\/2014\/04\/0373.jpg' class='tipi-lightbox'>\n\t\t\t\t<a href='https:\/\/www.supercars.net\/blog\/wp-content\/uploads\/2014\/04\/0373.jpg'><img decoding=\"async\" width=\"920\" height=\"612\" src=\"https:\/\/www.supercars.net\/blog\/wp-content\/uploads\/2014\/04\/0373.jpg\" class=\"attachment-full size-full\" alt=\"\" srcset=\"https:\/\/www.supercars.net\/blog\/wp-content\/uploads\/2014\/04\/0373.jpg 920w, https:\/\/www.supercars.net\/blog\/wp-content\/uploads\/2014\/04\/0373-300x200.jpg 300w, https:\/\/www.supercars.net\/blog\/wp-content\/uploads\/2014\/04\/0373-100x67.jpg 100w, https:\/\/www.supercars.net\/blog\/wp-content\/uploads\/2014\/04\/0373-770x512.jpg 770w, https:\/\/www.supercars.net\/blog\/wp-content\/uploads\/2014\/04\/0373-360x240.jpg 360w, https:\/\/www.supercars.net\/blog\/wp-content\/uploads\/2014\/04\/0373-370x247.jpg 370w, https:\/\/www.supercars.net\/blog\/wp-content\/uploads\/2014\/04\/0373-293x195.jpg 293w\" sizes=\"(max-width: 920px) 100vw, 920px\" \/><\/a>\n\t\t\t\t<\/a>\n            <\/div>\n                <div class='wp-caption-text gallery-caption'>\n                Tour Auto Rally 2014\n                <\/div><\/figure><figure class='gallery-item'>\n            <div class='gallery-icon landscape'>\n                <a href='https:\/\/www.supercars.net\/blog\/wp-content\/uploads\/2014\/04\/0374.jpg' class='tipi-lightbox'>\n\t\t\t\t<a href='https:\/\/www.supercars.net\/blog\/wp-content\/uploads\/2014\/04\/0374.jpg'><img decoding=\"async\" width=\"920\" height=\"534\" src=\"https:\/\/www.supercars.net\/blog\/wp-content\/uploads\/2014\/04\/0374.jpg\" class=\"attachment-full size-full\" alt=\"\" srcset=\"https:\/\/www.supercars.net\/blog\/wp-content\/uploads\/2014\/04\/0374.jpg 920w, https:\/\/www.supercars.net\/blog\/wp-content\/uploads\/2014\/04\/0374-300x174.jpg 300w, https:\/\/www.supercars.net\/blog\/wp-content\/uploads\/2014\/04\/0374-100x58.jpg 100w, https:\/\/www.supercars.net\/blog\/wp-content\/uploads\/2014\/04\/0374-770x447.jpg 770w, https:\/\/www.supercars.net\/blog\/wp-content\/uploads\/2014\/04\/0374-293x170.jpg 293w\" sizes=\"(max-width: 920px) 100vw, 920px\" \/><\/a>\n\t\t\t\t<\/a>\n            <\/div>\n                <div class='wp-caption-text gallery-caption'>\n                1961 Ferrari 250 GT SWB Berlinetta\n                <\/div><\/figure><figure class='gallery-item'>\n            <div class='gallery-icon landscape'>\n                <a href='https:\/\/www.supercars.net\/blog\/wp-content\/uploads\/2014\/04\/0375.jpg' class='tipi-lightbox'>\n\t\t\t\t<a href='https:\/\/www.supercars.net\/blog\/wp-content\/uploads\/2014\/04\/0375.jpg'><img decoding=\"async\" width=\"920\" height=\"612\" src=\"https:\/\/www.supercars.net\/blog\/wp-content\/uploads\/2014\/04\/0375.jpg\" class=\"attachment-full size-full\" alt=\"\" srcset=\"https:\/\/www.supercars.net\/blog\/wp-content\/uploads\/2014\/04\/0375.jpg 920w, https:\/\/www.supercars.net\/blog\/wp-content\/uploads\/2014\/04\/0375-300x200.jpg 300w, https:\/\/www.supercars.net\/blog\/wp-content\/uploads\/2014\/04\/0375-100x67.jpg 100w, https:\/\/www.supercars.net\/blog\/wp-content\/uploads\/2014\/04\/0375-770x512.jpg 770w, https:\/\/www.supercars.net\/blog\/wp-content\/uploads\/2014\/04\/0375-360x240.jpg 360w, https:\/\/www.supercars.net\/blog\/wp-content\/uploads\/2014\/04\/0375-370x247.jpg 370w, https:\/\/www.supercars.net\/blog\/wp-content\/uploads\/2014\/04\/0375-293x195.jpg 293w\" sizes=\"(max-width: 920px) 100vw, 920px\" \/><\/a>\n\t\t\t\t<\/a>\n            <\/div>\n                <div class='wp-caption-text gallery-caption'>\n                Tour Auto Rally 2014\n                <\/div><\/figure><figure class='gallery-item'>\n            <div class='gallery-icon landscape'>\n                <a href='https:\/\/www.supercars.net\/blog\/wp-content\/uploads\/2014\/04\/0376.jpg' class='tipi-lightbox'>\n\t\t\t\t<a href='https:\/\/www.supercars.net\/blog\/wp-content\/uploads\/2014\/04\/0376.jpg'><img decoding=\"async\" width=\"920\" height=\"612\" src=\"https:\/\/www.supercars.net\/blog\/wp-content\/uploads\/2014\/04\/0376.jpg\" class=\"attachment-full size-full\" alt=\"\" srcset=\"https:\/\/www.supercars.net\/blog\/wp-content\/uploads\/2014\/04\/0376.jpg 920w, https:\/\/www.supercars.net\/blog\/wp-content\/uploads\/2014\/04\/0376-300x200.jpg 300w, https:\/\/www.supercars.net\/blog\/wp-content\/uploads\/2014\/04\/0376-100x67.jpg 100w, https:\/\/www.supercars.net\/blog\/wp-content\/uploads\/2014\/04\/0376-770x512.jpg 770w, https:\/\/www.supercars.net\/blog\/wp-content\/uploads\/2014\/04\/0376-360x240.jpg 360w, https:\/\/www.supercars.net\/blog\/wp-content\/uploads\/2014\/04\/0376-370x247.jpg 370w, https:\/\/www.supercars.net\/blog\/wp-content\/uploads\/2014\/04\/0376-293x195.jpg 293w\" sizes=\"(max-width: 920px) 100vw, 920px\" \/><\/a>\n\t\t\t\t<\/a>\n            <\/div>\n                <div class='wp-caption-text gallery-caption'>\n                1961 Porsche 356 B\n                <\/div><\/figure><figure class='gallery-item'>\n            <div class='gallery-icon landscape'>\n                <a href='https:\/\/www.supercars.net\/blog\/wp-content\/uploads\/2014\/04\/0377.jpg' class='tipi-lightbox'>\n\t\t\t\t<a href='https:\/\/www.supercars.net\/blog\/wp-content\/uploads\/2014\/04\/0377.jpg'><img decoding=\"async\" width=\"920\" height=\"612\" src=\"https:\/\/www.supercars.net\/blog\/wp-content\/uploads\/2014\/04\/0377.jpg\" class=\"attachment-full size-full\" alt=\"\" srcset=\"https:\/\/www.supercars.net\/blog\/wp-content\/uploads\/2014\/04\/0377.jpg 920w, https:\/\/www.supercars.net\/blog\/wp-content\/uploads\/2014\/04\/0377-300x200.jpg 300w, https:\/\/www.supercars.net\/blog\/wp-content\/uploads\/2014\/04\/0377-100x67.jpg 100w, https:\/\/www.supercars.net\/blog\/wp-content\/uploads\/2014\/04\/0377-770x512.jpg 770w, https:\/\/www.supercars.net\/blog\/wp-content\/uploads\/2014\/04\/0377-360x240.jpg 360w, https:\/\/www.supercars.net\/blog\/wp-content\/uploads\/2014\/04\/0377-370x247.jpg 370w, https:\/\/www.supercars.net\/blog\/wp-content\/uploads\/2014\/04\/0377-293x195.jpg 293w\" sizes=\"(max-width: 920px) 100vw, 920px\" \/><\/a>\n\t\t\t\t<\/a>\n            <\/div>\n                <div class='wp-caption-text gallery-caption'>\n                Tour Auto Rally 2014\n                <\/div><\/figure><figure class='gallery-item'>\n            <div class='gallery-icon landscape'>\n                <a href='https:\/\/www.supercars.net\/blog\/wp-content\/uploads\/2014\/04\/0378.jpg' class='tipi-lightbox'>\n\t\t\t\t<a href='https:\/\/www.supercars.net\/blog\/wp-content\/uploads\/2014\/04\/0378.jpg'><img decoding=\"async\" width=\"920\" height=\"612\" src=\"https:\/\/www.supercars.net\/blog\/wp-content\/uploads\/2014\/04\/0378.jpg\" class=\"attachment-full size-full\" alt=\"\" srcset=\"https:\/\/www.supercars.net\/blog\/wp-content\/uploads\/2014\/04\/0378.jpg 920w, https:\/\/www.supercars.net\/blog\/wp-content\/uploads\/2014\/04\/0378-300x200.jpg 300w, https:\/\/www.supercars.net\/blog\/wp-content\/uploads\/2014\/04\/0378-100x67.jpg 100w, https:\/\/www.supercars.net\/blog\/wp-content\/uploads\/2014\/04\/0378-770x512.jpg 770w, https:\/\/www.supercars.net\/blog\/wp-content\/uploads\/2014\/04\/0378-360x240.jpg 360w, https:\/\/www.supercars.net\/blog\/wp-content\/uploads\/2014\/04\/0378-370x247.jpg 370w, https:\/\/www.supercars.net\/blog\/wp-content\/uploads\/2014\/04\/0378-293x195.jpg 293w\" sizes=\"(max-width: 920px) 100vw, 920px\" \/><\/a>\n\t\t\t\t<\/a>\n            <\/div>\n                <div class='wp-caption-text gallery-caption'>\n                1954 Frazer Nash Le Mans Replica\n                <\/div><\/figure><figure class='gallery-item'>\n            <div class='gallery-icon landscape'>\n                <a href='https:\/\/www.supercars.net\/blog\/wp-content\/uploads\/2014\/04\/0379.jpg' class='tipi-lightbox'>\n\t\t\t\t<a href='https:\/\/www.supercars.net\/blog\/wp-content\/uploads\/2014\/04\/0379.jpg'><img decoding=\"async\" width=\"920\" height=\"612\" src=\"https:\/\/www.supercars.net\/blog\/wp-content\/uploads\/2014\/04\/0379.jpg\" class=\"attachment-full size-full\" alt=\"\" srcset=\"https:\/\/www.supercars.net\/blog\/wp-content\/uploads\/2014\/04\/0379.jpg 920w, https:\/\/www.supercars.net\/blog\/wp-content\/uploads\/2014\/04\/0379-300x200.jpg 300w, https:\/\/www.supercars.net\/blog\/wp-content\/uploads\/2014\/04\/0379-100x67.jpg 100w, https:\/\/www.supercars.net\/blog\/wp-content\/uploads\/2014\/04\/0379-770x512.jpg 770w, https:\/\/www.supercars.net\/blog\/wp-content\/uploads\/2014\/04\/0379-360x240.jpg 360w, https:\/\/www.supercars.net\/blog\/wp-content\/uploads\/2014\/04\/0379-370x247.jpg 370w, https:\/\/www.supercars.net\/blog\/wp-content\/uploads\/2014\/04\/0379-293x195.jpg 293w\" sizes=\"(max-width: 920px) 100vw, 920px\" \/><\/a>\n\t\t\t\t<\/a>\n            <\/div>\n                <div class='wp-caption-text gallery-caption'>\n                1957 OSCA 372 FS\n                <\/div><\/figure><figure class='gallery-item'>\n            <div class='gallery-icon landscape'>\n                <a href='https:\/\/www.supercars.net\/blog\/wp-content\/uploads\/2014\/04\/0380.jpg' class='tipi-lightbox'>\n\t\t\t\t<a href='https:\/\/www.supercars.net\/blog\/wp-content\/uploads\/2014\/04\/0380.jpg'><img decoding=\"async\" width=\"920\" height=\"612\" src=\"https:\/\/www.supercars.net\/blog\/wp-content\/uploads\/2014\/04\/0380.jpg\" class=\"attachment-full size-full\" alt=\"\" srcset=\"https:\/\/www.supercars.net\/blog\/wp-content\/uploads\/2014\/04\/0380.jpg 920w, https:\/\/www.supercars.net\/blog\/wp-content\/uploads\/2014\/04\/0380-300x200.jpg 300w, https:\/\/www.supercars.net\/blog\/wp-content\/uploads\/2014\/04\/0380-100x67.jpg 100w, https:\/\/www.supercars.net\/blog\/wp-content\/uploads\/2014\/04\/0380-770x512.jpg 770w, https:\/\/www.supercars.net\/blog\/wp-content\/uploads\/2014\/04\/0380-360x240.jpg 360w, https:\/\/www.supercars.net\/blog\/wp-content\/uploads\/2014\/04\/0380-370x247.jpg 370w, https:\/\/www.supercars.net\/blog\/wp-content\/uploads\/2014\/04\/0380-293x195.jpg 293w\" sizes=\"(max-width: 920px) 100vw, 920px\" \/><\/a>\n\t\t\t\t<\/a>\n            <\/div>\n                <div class='wp-caption-text gallery-caption'>\n                1973 Porsche 911 Carrera RSR 2.8\n                <\/div><\/figure><figure class='gallery-item'>\n            <div class='gallery-icon landscape'>\n                <a href='https:\/\/www.supercars.net\/blog\/wp-content\/uploads\/2014\/04\/0381.jpg' class='tipi-lightbox'>\n\t\t\t\t<a href='https:\/\/www.supercars.net\/blog\/wp-content\/uploads\/2014\/04\/0381.jpg'><img decoding=\"async\" width=\"920\" height=\"612\" src=\"https:\/\/www.supercars.net\/blog\/wp-content\/uploads\/2014\/04\/0381.jpg\" class=\"attachment-full size-full\" alt=\"\" srcset=\"https:\/\/www.supercars.net\/blog\/wp-content\/uploads\/2014\/04\/0381.jpg 920w, https:\/\/www.supercars.net\/blog\/wp-content\/uploads\/2014\/04\/0381-300x200.jpg 300w, https:\/\/www.supercars.net\/blog\/wp-content\/uploads\/2014\/04\/0381-100x67.jpg 100w, https:\/\/www.supercars.net\/blog\/wp-content\/uploads\/2014\/04\/0381-770x512.jpg 770w, https:\/\/www.supercars.net\/blog\/wp-content\/uploads\/2014\/04\/0381-360x240.jpg 360w, https:\/\/www.supercars.net\/blog\/wp-content\/uploads\/2014\/04\/0381-370x247.jpg 370w, https:\/\/www.supercars.net\/blog\/wp-content\/uploads\/2014\/04\/0381-293x195.jpg 293w\" sizes=\"(max-width: 920px) 100vw, 920px\" \/><\/a>\n\t\t\t\t<\/a>\n            <\/div>\n                <div class='wp-caption-text gallery-caption'>\n                Tour Auto Rally 2014\n                <\/div><\/figure><figure class='gallery-item'>\n            <div class='gallery-icon landscape'>\n                <a href='https:\/\/www.supercars.net\/blog\/wp-content\/uploads\/2014\/04\/0382.jpg' class='tipi-lightbox'>\n\t\t\t\t<a href='https:\/\/www.supercars.net\/blog\/wp-content\/uploads\/2014\/04\/0382.jpg'><img decoding=\"async\" width=\"920\" height=\"612\" src=\"https:\/\/www.supercars.net\/blog\/wp-content\/uploads\/2014\/04\/0382.jpg\" class=\"attachment-full size-full\" alt=\"\" srcset=\"https:\/\/www.supercars.net\/blog\/wp-content\/uploads\/2014\/04\/0382.jpg 920w, https:\/\/www.supercars.net\/blog\/wp-content\/uploads\/2014\/04\/0382-300x200.jpg 300w, https:\/\/www.supercars.net\/blog\/wp-content\/uploads\/2014\/04\/0382-100x67.jpg 100w, https:\/\/www.supercars.net\/blog\/wp-content\/uploads\/2014\/04\/0382-770x512.jpg 770w, https:\/\/www.supercars.net\/blog\/wp-content\/uploads\/2014\/04\/0382-360x240.jpg 360w, https:\/\/www.supercars.net\/blog\/wp-content\/uploads\/2014\/04\/0382-370x247.jpg 370w, https:\/\/www.supercars.net\/blog\/wp-content\/uploads\/2014\/04\/0382-293x195.jpg 293w\" sizes=\"(max-width: 920px) 100vw, 920px\" \/><\/a>\n\t\t\t\t<\/a>\n            <\/div>\n                <div class='wp-caption-text gallery-caption'>\n                Tour Auto Rally 2014\n                <\/div><\/figure><figure class='gallery-item'>\n            <div class='gallery-icon landscape'>\n                <a href='https:\/\/www.supercars.net\/blog\/wp-content\/uploads\/2014\/04\/0383.jpg' class='tipi-lightbox'>\n\t\t\t\t<a href='https:\/\/www.supercars.net\/blog\/wp-content\/uploads\/2014\/04\/0383.jpg'><img decoding=\"async\" width=\"920\" height=\"612\" src=\"https:\/\/www.supercars.net\/blog\/wp-content\/uploads\/2014\/04\/0383.jpg\" class=\"attachment-full size-full\" alt=\"\" srcset=\"https:\/\/www.supercars.net\/blog\/wp-content\/uploads\/2014\/04\/0383.jpg 920w, https:\/\/www.supercars.net\/blog\/wp-content\/uploads\/2014\/04\/0383-300x200.jpg 300w, https:\/\/www.supercars.net\/blog\/wp-content\/uploads\/2014\/04\/0383-100x67.jpg 100w, https:\/\/www.supercars.net\/blog\/wp-content\/uploads\/2014\/04\/0383-770x512.jpg 770w, https:\/\/www.supercars.net\/blog\/wp-content\/uploads\/2014\/04\/0383-360x240.jpg 360w, https:\/\/www.supercars.net\/blog\/wp-content\/uploads\/2014\/04\/0383-370x247.jpg 370w, https:\/\/www.supercars.net\/blog\/wp-content\/uploads\/2014\/04\/0383-293x195.jpg 293w\" sizes=\"(max-width: 920px) 100vw, 920px\" \/><\/a>\n\t\t\t\t<\/a>\n            <\/div>\n                <div class='wp-caption-text gallery-caption'>\n                Tour Auto Rally 2014\n                <\/div><\/figure><figure class='gallery-item'>\n            <div class='gallery-icon landscape'>\n                <a href='https:\/\/www.supercars.net\/blog\/wp-content\/uploads\/2014\/04\/0384.jpg' class='tipi-lightbox'>\n\t\t\t\t<a href='https:\/\/www.supercars.net\/blog\/wp-content\/uploads\/2014\/04\/0384.jpg'><img decoding=\"async\" width=\"920\" height=\"612\" src=\"https:\/\/www.supercars.net\/blog\/wp-content\/uploads\/2014\/04\/0384.jpg\" class=\"attachment-full size-full\" alt=\"\" srcset=\"https:\/\/www.supercars.net\/blog\/wp-content\/uploads\/2014\/04\/0384.jpg 920w, https:\/\/www.supercars.net\/blog\/wp-content\/uploads\/2014\/04\/0384-300x200.jpg 300w, https:\/\/www.supercars.net\/blog\/wp-content\/uploads\/2014\/04\/0384-100x67.jpg 100w, https:\/\/www.supercars.net\/blog\/wp-content\/uploads\/2014\/04\/0384-770x512.jpg 770w, https:\/\/www.supercars.net\/blog\/wp-content\/uploads\/2014\/04\/0384-360x240.jpg 360w, https:\/\/www.supercars.net\/blog\/wp-content\/uploads\/2014\/04\/0384-370x247.jpg 370w, https:\/\/www.supercars.net\/blog\/wp-content\/uploads\/2014\/04\/0384-293x195.jpg 293w\" sizes=\"(max-width: 920px) 100vw, 920px\" \/><\/a>\n\t\t\t\t<\/a>\n            <\/div>\n                <div class='wp-caption-text gallery-caption'>\n                1972 BMW 3.0 CSL\n                <\/div><\/figure><figure class='gallery-item'>\n            <div class='gallery-icon landscape'>\n                <a href='https:\/\/www.supercars.net\/blog\/wp-content\/uploads\/2014\/04\/0385.jpg' class='tipi-lightbox'>\n\t\t\t\t<a href='https:\/\/www.supercars.net\/blog\/wp-content\/uploads\/2014\/04\/0385.jpg'><img decoding=\"async\" width=\"920\" height=\"612\" src=\"https:\/\/www.supercars.net\/blog\/wp-content\/uploads\/2014\/04\/0385.jpg\" class=\"attachment-full size-full\" alt=\"\" srcset=\"https:\/\/www.supercars.net\/blog\/wp-content\/uploads\/2014\/04\/0385.jpg 920w, https:\/\/www.supercars.net\/blog\/wp-content\/uploads\/2014\/04\/0385-300x200.jpg 300w, https:\/\/www.supercars.net\/blog\/wp-content\/uploads\/2014\/04\/0385-100x67.jpg 100w, https:\/\/www.supercars.net\/blog\/wp-content\/uploads\/2014\/04\/0385-770x512.jpg 770w, https:\/\/www.supercars.net\/blog\/wp-content\/uploads\/2014\/04\/0385-360x240.jpg 360w, https:\/\/www.supercars.net\/blog\/wp-content\/uploads\/2014\/04\/0385-370x247.jpg 370w, https:\/\/www.supercars.net\/blog\/wp-content\/uploads\/2014\/04\/0385-293x195.jpg 293w\" sizes=\"(max-width: 920px) 100vw, 920px\" \/><\/a>\n\t\t\t\t<\/a>\n            <\/div>\n                <div class='wp-caption-text gallery-caption'>\n                1981 Ferrari 308 Gr. IV Michelotto\n                <\/div><\/figure><figure class='gallery-item'>\n            <div class='gallery-icon landscape'>\n                <a href='https:\/\/www.supercars.net\/blog\/wp-content\/uploads\/2014\/04\/0386.jpg' class='tipi-lightbox'>\n\t\t\t\t<a href='https:\/\/www.supercars.net\/blog\/wp-content\/uploads\/2014\/04\/0386.jpg'><img decoding=\"async\" width=\"920\" height=\"498\" src=\"https:\/\/www.supercars.net\/blog\/wp-content\/uploads\/2014\/04\/0386.jpg\" class=\"attachment-full size-full\" alt=\"\" srcset=\"https:\/\/www.supercars.net\/blog\/wp-content\/uploads\/2014\/04\/0386.jpg 920w, https:\/\/www.supercars.net\/blog\/wp-content\/uploads\/2014\/04\/0386-300x162.jpg 300w, https:\/\/www.supercars.net\/blog\/wp-content\/uploads\/2014\/04\/0386-100x54.jpg 100w, https:\/\/www.supercars.net\/blog\/wp-content\/uploads\/2014\/04\/0386-770x417.jpg 770w, https:\/\/www.supercars.net\/blog\/wp-content\/uploads\/2014\/04\/0386-293x159.jpg 293w\" sizes=\"(max-width: 920px) 100vw, 920px\" \/><\/a>\n\t\t\t\t<\/a>\n            <\/div>\n                <div class='wp-caption-text gallery-caption'>\n                1974 Porsche 911 Carrera RS 3.0\n                <\/div><\/figure><figure class='gallery-item'>\n            <div class='gallery-icon landscape'>\n                <a href='https:\/\/www.supercars.net\/blog\/wp-content\/uploads\/2014\/04\/0387.jpg' class='tipi-lightbox'>\n\t\t\t\t<a href='https:\/\/www.supercars.net\/blog\/wp-content\/uploads\/2014\/04\/0387.jpg'><img decoding=\"async\" width=\"920\" height=\"612\" src=\"https:\/\/www.supercars.net\/blog\/wp-content\/uploads\/2014\/04\/0387.jpg\" class=\"attachment-full size-full\" alt=\"\" srcset=\"https:\/\/www.supercars.net\/blog\/wp-content\/uploads\/2014\/04\/0387.jpg 920w, https:\/\/www.supercars.net\/blog\/wp-content\/uploads\/2014\/04\/0387-300x200.jpg 300w, https:\/\/www.supercars.net\/blog\/wp-content\/uploads\/2014\/04\/0387-100x67.jpg 100w, https:\/\/www.supercars.net\/blog\/wp-content\/uploads\/2014\/04\/0387-770x512.jpg 770w, https:\/\/www.supercars.net\/blog\/wp-content\/uploads\/2014\/04\/0387-360x240.jpg 360w, https:\/\/www.supercars.net\/blog\/wp-content\/uploads\/2014\/04\/0387-370x247.jpg 370w, https:\/\/www.supercars.net\/blog\/wp-content\/uploads\/2014\/04\/0387-293x195.jpg 293w\" sizes=\"(max-width: 920px) 100vw, 920px\" \/><\/a>\n\t\t\t\t<\/a>\n            <\/div>\n                <div class='wp-caption-text gallery-caption'>\n                Tour Auto Rally 2014\n                <\/div><\/figure><figure class='gallery-item'>\n            <div class='gallery-icon landscape'>\n                <a href='https:\/\/www.supercars.net\/blog\/wp-content\/uploads\/2014\/04\/0388.jpg' class='tipi-lightbox'>\n\t\t\t\t<a href='https:\/\/www.supercars.net\/blog\/wp-content\/uploads\/2014\/04\/0388.jpg'><img decoding=\"async\" width=\"920\" height=\"564\" src=\"https:\/\/www.supercars.net\/blog\/wp-content\/uploads\/2014\/04\/0388.jpg\" class=\"attachment-full size-full\" alt=\"\" srcset=\"https:\/\/www.supercars.net\/blog\/wp-content\/uploads\/2014\/04\/0388.jpg 920w, https:\/\/www.supercars.net\/blog\/wp-content\/uploads\/2014\/04\/0388-300x184.jpg 300w, https:\/\/www.supercars.net\/blog\/wp-content\/uploads\/2014\/04\/0388-100x61.jpg 100w, https:\/\/www.supercars.net\/blog\/wp-content\/uploads\/2014\/04\/0388-770x472.jpg 770w, https:\/\/www.supercars.net\/blog\/wp-content\/uploads\/2014\/04\/0388-293x180.jpg 293w\" sizes=\"(max-width: 920px) 100vw, 920px\" \/><\/a>\n\t\t\t\t<\/a>\n            <\/div>\n                <div class='wp-caption-text gallery-caption'>\n                Tour Auto Rally 2014\n                <\/div><\/figure><figure class='gallery-item'>\n            <div class='gallery-icon landscape'>\n                <a href='https:\/\/www.supercars.net\/blog\/wp-content\/uploads\/2014\/04\/0389.jpg' class='tipi-lightbox'>\n\t\t\t\t<a href='https:\/\/www.supercars.net\/blog\/wp-content\/uploads\/2014\/04\/0389.jpg'><img decoding=\"async\" width=\"920\" height=\"612\" src=\"https:\/\/www.supercars.net\/blog\/wp-content\/uploads\/2014\/04\/0389.jpg\" class=\"attachment-full size-full\" alt=\"\" srcset=\"https:\/\/www.supercars.net\/blog\/wp-content\/uploads\/2014\/04\/0389.jpg 920w, https:\/\/www.supercars.net\/blog\/wp-content\/uploads\/2014\/04\/0389-300x200.jpg 300w, https:\/\/www.supercars.net\/blog\/wp-content\/uploads\/2014\/04\/0389-100x67.jpg 100w, https:\/\/www.supercars.net\/blog\/wp-content\/uploads\/2014\/04\/0389-770x512.jpg 770w, https:\/\/www.supercars.net\/blog\/wp-content\/uploads\/2014\/04\/0389-360x240.jpg 360w, https:\/\/www.supercars.net\/blog\/wp-content\/uploads\/2014\/04\/0389-370x247.jpg 370w, https:\/\/www.supercars.net\/blog\/wp-content\/uploads\/2014\/04\/0389-293x195.jpg 293w\" sizes=\"(max-width: 920px) 100vw, 920px\" \/><\/a>\n\t\t\t\t<\/a>\n            <\/div>\n                <div class='wp-caption-text gallery-caption'>\n                1955 Austin-Healey 100\/4\n                <\/div><\/figure><figure class='gallery-item'>\n            <div class='gallery-icon landscape'>\n                <a href='https:\/\/www.supercars.net\/blog\/wp-content\/uploads\/2014\/04\/0390.jpg' class='tipi-lightbox'>\n\t\t\t\t<a href='https:\/\/www.supercars.net\/blog\/wp-content\/uploads\/2014\/04\/0390.jpg'><img decoding=\"async\" width=\"920\" height=\"612\" src=\"https:\/\/www.supercars.net\/blog\/wp-content\/uploads\/2014\/04\/0390.jpg\" class=\"attachment-full size-full\" alt=\"\" srcset=\"https:\/\/www.supercars.net\/blog\/wp-content\/uploads\/2014\/04\/0390.jpg 920w, https:\/\/www.supercars.net\/blog\/wp-content\/uploads\/2014\/04\/0390-300x200.jpg 300w, https:\/\/www.supercars.net\/blog\/wp-content\/uploads\/2014\/04\/0390-100x67.jpg 100w, https:\/\/www.supercars.net\/blog\/wp-content\/uploads\/2014\/04\/0390-770x512.jpg 770w, https:\/\/www.supercars.net\/blog\/wp-content\/uploads\/2014\/04\/0390-360x240.jpg 360w, https:\/\/www.supercars.net\/blog\/wp-content\/uploads\/2014\/04\/0390-370x247.jpg 370w, https:\/\/www.supercars.net\/blog\/wp-content\/uploads\/2014\/04\/0390-293x195.jpg 293w\" sizes=\"(max-width: 920px) 100vw, 920px\" \/><\/a>\n\t\t\t\t<\/a>\n            <\/div>\n                <div class='wp-caption-text gallery-caption'>\n                Tour Auto Rally 2014\n                <\/div><\/figure><figure class='gallery-item'>\n            <div class='gallery-icon landscape'>\n                <a href='https:\/\/www.supercars.net\/blog\/wp-content\/uploads\/2014\/04\/0391.jpg' class='tipi-lightbox'>\n\t\t\t\t<a href='https:\/\/www.supercars.net\/blog\/wp-content\/uploads\/2014\/04\/0391.jpg'><img decoding=\"async\" width=\"920\" height=\"612\" src=\"https:\/\/www.supercars.net\/blog\/wp-content\/uploads\/2014\/04\/0391.jpg\" class=\"attachment-full size-full\" alt=\"\" srcset=\"https:\/\/www.supercars.net\/blog\/wp-content\/uploads\/2014\/04\/0391.jpg 920w, https:\/\/www.supercars.net\/blog\/wp-content\/uploads\/2014\/04\/0391-300x200.jpg 300w, https:\/\/www.supercars.net\/blog\/wp-content\/uploads\/2014\/04\/0391-100x67.jpg 100w, https:\/\/www.supercars.net\/blog\/wp-content\/uploads\/2014\/04\/0391-770x512.jpg 770w, https:\/\/www.supercars.net\/blog\/wp-content\/uploads\/2014\/04\/0391-360x240.jpg 360w, https:\/\/www.supercars.net\/blog\/wp-content\/uploads\/2014\/04\/0391-370x247.jpg 370w, https:\/\/www.supercars.net\/blog\/wp-content\/uploads\/2014\/04\/0391-293x195.jpg 293w\" sizes=\"(max-width: 920px) 100vw, 920px\" \/><\/a>\n\t\t\t\t<\/a>\n            <\/div>\n                <div class='wp-caption-text gallery-caption'>\n                1963 Porsche 356 B\n                <\/div><\/figure><figure class='gallery-item'>\n            <div class='gallery-icon landscape'>\n                <a href='https:\/\/www.supercars.net\/blog\/wp-content\/uploads\/2014\/04\/0392.jpg' class='tipi-lightbox'>\n\t\t\t\t<a href='https:\/\/www.supercars.net\/blog\/wp-content\/uploads\/2014\/04\/0392.jpg'><img decoding=\"async\" width=\"920\" height=\"498\" src=\"https:\/\/www.supercars.net\/blog\/wp-content\/uploads\/2014\/04\/0392.jpg\" class=\"attachment-full size-full\" alt=\"\" srcset=\"https:\/\/www.supercars.net\/blog\/wp-content\/uploads\/2014\/04\/0392.jpg 920w, https:\/\/www.supercars.net\/blog\/wp-content\/uploads\/2014\/04\/0392-300x162.jpg 300w, https:\/\/www.supercars.net\/blog\/wp-content\/uploads\/2014\/04\/0392-100x54.jpg 100w, https:\/\/www.supercars.net\/blog\/wp-content\/uploads\/2014\/04\/0392-770x417.jpg 770w, https:\/\/www.supercars.net\/blog\/wp-content\/uploads\/2014\/04\/0392-293x159.jpg 293w\" sizes=\"(max-width: 920px) 100vw, 920px\" \/><\/a>\n\t\t\t\t<\/a>\n            <\/div>\n                <div class='wp-caption-text gallery-caption'>\n                1960 Ferrari 250 GT SWB Berlinetta\n                <\/div><\/figure><figure class='gallery-item'>\n            <div class='gallery-icon landscape'>\n                <a href='https:\/\/www.supercars.net\/blog\/wp-content\/uploads\/2014\/04\/0393.jpg' class='tipi-lightbox'>\n\t\t\t\t<a href='https:\/\/www.supercars.net\/blog\/wp-content\/uploads\/2014\/04\/0393.jpg'><img decoding=\"async\" width=\"920\" height=\"612\" src=\"https:\/\/www.supercars.net\/blog\/wp-content\/uploads\/2014\/04\/0393.jpg\" class=\"attachment-full size-full\" alt=\"\" srcset=\"https:\/\/www.supercars.net\/blog\/wp-content\/uploads\/2014\/04\/0393.jpg 920w, https:\/\/www.supercars.net\/blog\/wp-content\/uploads\/2014\/04\/0393-300x200.jpg 300w, https:\/\/www.supercars.net\/blog\/wp-content\/uploads\/2014\/04\/0393-100x67.jpg 100w, https:\/\/www.supercars.net\/blog\/wp-content\/uploads\/2014\/04\/0393-770x512.jpg 770w, https:\/\/www.supercars.net\/blog\/wp-content\/uploads\/2014\/04\/0393-360x240.jpg 360w, https:\/\/www.supercars.net\/blog\/wp-content\/uploads\/2014\/04\/0393-370x247.jpg 370w, https:\/\/www.supercars.net\/blog\/wp-content\/uploads\/2014\/04\/0393-293x195.jpg 293w\" sizes=\"(max-width: 920px) 100vw, 920px\" \/><\/a>\n\t\t\t\t<\/a>\n            <\/div>\n                <div class='wp-caption-text gallery-caption'>\n                Tour Auto Rally 2014\n                <\/div><\/figure><figure class='gallery-item'>\n            <div class='gallery-icon landscape'>\n                <a href='https:\/\/www.supercars.net\/blog\/wp-content\/uploads\/2014\/04\/0394.jpg' class='tipi-lightbox'>\n\t\t\t\t<a href='https:\/\/www.supercars.net\/blog\/wp-content\/uploads\/2014\/04\/0394.jpg'><img decoding=\"async\" width=\"920\" height=\"612\" src=\"https:\/\/www.supercars.net\/blog\/wp-content\/uploads\/2014\/04\/0394.jpg\" class=\"attachment-full size-full\" alt=\"\" srcset=\"https:\/\/www.supercars.net\/blog\/wp-content\/uploads\/2014\/04\/0394.jpg 920w, https:\/\/www.supercars.net\/blog\/wp-content\/uploads\/2014\/04\/0394-300x200.jpg 300w, https:\/\/www.supercars.net\/blog\/wp-content\/uploads\/2014\/04\/0394-100x67.jpg 100w, https:\/\/www.supercars.net\/blog\/wp-content\/uploads\/2014\/04\/0394-770x512.jpg 770w, https:\/\/www.supercars.net\/blog\/wp-content\/uploads\/2014\/04\/0394-360x240.jpg 360w, https:\/\/www.supercars.net\/blog\/wp-content\/uploads\/2014\/04\/0394-370x247.jpg 370w, https:\/\/www.supercars.net\/blog\/wp-content\/uploads\/2014\/04\/0394-293x195.jpg 293w\" sizes=\"(max-width: 920px) 100vw, 920px\" \/><\/a>\n\t\t\t\t<\/a>\n            <\/div>\n                <div class='wp-caption-text gallery-caption'>\n                Tour Auto Rally 2014\n                <\/div><\/figure><figure class='gallery-item'>\n            <div class='gallery-icon landscape'>\n                <a href='https:\/\/www.supercars.net\/blog\/wp-content\/uploads\/2014\/04\/0395.jpg' class='tipi-lightbox'>\n\t\t\t\t<a href='https:\/\/www.supercars.net\/blog\/wp-content\/uploads\/2014\/04\/0395.jpg'><img decoding=\"async\" width=\"920\" height=\"612\" src=\"https:\/\/www.supercars.net\/blog\/wp-content\/uploads\/2014\/04\/0395.jpg\" class=\"attachment-full size-full\" alt=\"\" srcset=\"https:\/\/www.supercars.net\/blog\/wp-content\/uploads\/2014\/04\/0395.jpg 920w, https:\/\/www.supercars.net\/blog\/wp-content\/uploads\/2014\/04\/0395-300x200.jpg 300w, https:\/\/www.supercars.net\/blog\/wp-content\/uploads\/2014\/04\/0395-100x67.jpg 100w, https:\/\/www.supercars.net\/blog\/wp-content\/uploads\/2014\/04\/0395-770x512.jpg 770w, https:\/\/www.supercars.net\/blog\/wp-content\/uploads\/2014\/04\/0395-360x240.jpg 360w, https:\/\/www.supercars.net\/blog\/wp-content\/uploads\/2014\/04\/0395-370x247.jpg 370w, https:\/\/www.supercars.net\/blog\/wp-content\/uploads\/2014\/04\/0395-293x195.jpg 293w\" sizes=\"(max-width: 920px) 100vw, 920px\" \/><\/a>\n\t\t\t\t<\/a>\n            <\/div>\n                <div class='wp-caption-text gallery-caption'>\n                Tour Auto Rally 2014\n                <\/div><\/figure><figure class='gallery-item'>\n            <div class='gallery-icon landscape'>\n                <a href='https:\/\/www.supercars.net\/blog\/wp-content\/uploads\/2014\/04\/0396.jpg' class='tipi-lightbox'>\n\t\t\t\t<a href='https:\/\/www.supercars.net\/blog\/wp-content\/uploads\/2014\/04\/0396.jpg'><img decoding=\"async\" width=\"920\" height=\"612\" src=\"https:\/\/www.supercars.net\/blog\/wp-content\/uploads\/2014\/04\/0396.jpg\" class=\"attachment-full size-full\" alt=\"\" srcset=\"https:\/\/www.supercars.net\/blog\/wp-content\/uploads\/2014\/04\/0396.jpg 920w, https:\/\/www.supercars.net\/blog\/wp-content\/uploads\/2014\/04\/0396-300x200.jpg 300w, https:\/\/www.supercars.net\/blog\/wp-content\/uploads\/2014\/04\/0396-100x67.jpg 100w, https:\/\/www.supercars.net\/blog\/wp-content\/uploads\/2014\/04\/0396-770x512.jpg 770w, https:\/\/www.supercars.net\/blog\/wp-content\/uploads\/2014\/04\/0396-360x240.jpg 360w, https:\/\/www.supercars.net\/blog\/wp-content\/uploads\/2014\/04\/0396-370x247.jpg 370w, https:\/\/www.supercars.net\/blog\/wp-content\/uploads\/2014\/04\/0396-293x195.jpg 293w\" sizes=\"(max-width: 920px) 100vw, 920px\" \/><\/a>\n\t\t\t\t<\/a>\n            <\/div>\n                <div class='wp-caption-text gallery-caption'>\n                1967 Ford GT40\n                <\/div><\/figure><figure class='gallery-item'>\n            <div class='gallery-icon landscape'>\n                <a href='https:\/\/www.supercars.net\/blog\/wp-content\/uploads\/2014\/04\/0397.jpg' class='tipi-lightbox'>\n\t\t\t\t<a href='https:\/\/www.supercars.net\/blog\/wp-content\/uploads\/2014\/04\/0397.jpg'><img decoding=\"async\" width=\"920\" height=\"543\" src=\"https:\/\/www.supercars.net\/blog\/wp-content\/uploads\/2014\/04\/0397.jpg\" class=\"attachment-full size-full\" alt=\"\" srcset=\"https:\/\/www.supercars.net\/blog\/wp-content\/uploads\/2014\/04\/0397.jpg 920w, https:\/\/www.supercars.net\/blog\/wp-content\/uploads\/2014\/04\/0397-300x177.jpg 300w, https:\/\/www.supercars.net\/blog\/wp-content\/uploads\/2014\/04\/0397-100x59.jpg 100w, https:\/\/www.supercars.net\/blog\/wp-content\/uploads\/2014\/04\/0397-770x454.jpg 770w, https:\/\/www.supercars.net\/blog\/wp-content\/uploads\/2014\/04\/0397-293x173.jpg 293w\" sizes=\"(max-width: 920px) 100vw, 920px\" \/><\/a>\n\t\t\t\t<\/a>\n            <\/div>\n                <div class='wp-caption-text gallery-caption'>\n                1964 AC Cobra\n                <\/div><\/figure><figure class='gallery-item'>\n            <div class='gallery-icon landscape'>\n                <a href='https:\/\/www.supercars.net\/blog\/wp-content\/uploads\/2014\/04\/0398.jpg' class='tipi-lightbox'>\n\t\t\t\t<a href='https:\/\/www.supercars.net\/blog\/wp-content\/uploads\/2014\/04\/0398.jpg'><img decoding=\"async\" width=\"920\" height=\"557\" src=\"https:\/\/www.supercars.net\/blog\/wp-content\/uploads\/2014\/04\/0398.jpg\" class=\"attachment-full size-full\" alt=\"\" srcset=\"https:\/\/www.supercars.net\/blog\/wp-content\/uploads\/2014\/04\/0398.jpg 920w, https:\/\/www.supercars.net\/blog\/wp-content\/uploads\/2014\/04\/0398-300x182.jpg 300w, https:\/\/www.supercars.net\/blog\/wp-content\/uploads\/2014\/04\/0398-100x61.jpg 100w, https:\/\/www.supercars.net\/blog\/wp-content\/uploads\/2014\/04\/0398-770x466.jpg 770w, https:\/\/www.supercars.net\/blog\/wp-content\/uploads\/2014\/04\/0398-293x177.jpg 293w\" sizes=\"(max-width: 920px) 100vw, 920px\" \/><\/a>\n\t\t\t\t<\/a>\n            <\/div>\n                <div class='wp-caption-text gallery-caption'>\n                1965 Porsche 911\n                <\/div><\/figure><figure class='gallery-item'>\n            <div class='gallery-icon landscape'>\n                <a href='https:\/\/www.supercars.net\/blog\/wp-content\/uploads\/2014\/04\/0399.jpg' class='tipi-lightbox'>\n\t\t\t\t<a href='https:\/\/www.supercars.net\/blog\/wp-content\/uploads\/2014\/04\/0399.jpg'><img decoding=\"async\" width=\"920\" height=\"612\" src=\"https:\/\/www.supercars.net\/blog\/wp-content\/uploads\/2014\/04\/0399.jpg\" class=\"attachment-full size-full\" alt=\"\" srcset=\"https:\/\/www.supercars.net\/blog\/wp-content\/uploads\/2014\/04\/0399.jpg 920w, https:\/\/www.supercars.net\/blog\/wp-content\/uploads\/2014\/04\/0399-300x200.jpg 300w, https:\/\/www.supercars.net\/blog\/wp-content\/uploads\/2014\/04\/0399-100x67.jpg 100w, https:\/\/www.supercars.net\/blog\/wp-content\/uploads\/2014\/04\/0399-770x512.jpg 770w, https:\/\/www.supercars.net\/blog\/wp-content\/uploads\/2014\/04\/0399-360x240.jpg 360w, https:\/\/www.supercars.net\/blog\/wp-content\/uploads\/2014\/04\/0399-370x247.jpg 370w, https:\/\/www.supercars.net\/blog\/wp-content\/uploads\/2014\/04\/0399-293x195.jpg 293w\" sizes=\"(max-width: 920px) 100vw, 920px\" \/><\/a>\n\t\t\t\t<\/a>\n            <\/div>\n                <div class='wp-caption-text gallery-caption'>\n                Tour Auto Rally 2014\n                <\/div><\/figure><figure class='gallery-item'>\n            <div class='gallery-icon landscape'>\n                <a href='https:\/\/www.supercars.net\/blog\/wp-content\/uploads\/2014\/04\/0400.jpg' class='tipi-lightbox'>\n\t\t\t\t<a href='https:\/\/www.supercars.net\/blog\/wp-content\/uploads\/2014\/04\/0400.jpg'><img decoding=\"async\" width=\"920\" height=\"612\" src=\"https:\/\/www.supercars.net\/blog\/wp-content\/uploads\/2014\/04\/0400.jpg\" class=\"attachment-full size-full\" alt=\"\" srcset=\"https:\/\/www.supercars.net\/blog\/wp-content\/uploads\/2014\/04\/0400.jpg 920w, https:\/\/www.supercars.net\/blog\/wp-content\/uploads\/2014\/04\/0400-300x200.jpg 300w, https:\/\/www.supercars.net\/blog\/wp-content\/uploads\/2014\/04\/0400-100x67.jpg 100w, https:\/\/www.supercars.net\/blog\/wp-content\/uploads\/2014\/04\/0400-770x512.jpg 770w, https:\/\/www.supercars.net\/blog\/wp-content\/uploads\/2014\/04\/0400-360x240.jpg 360w, https:\/\/www.supercars.net\/blog\/wp-content\/uploads\/2014\/04\/0400-370x247.jpg 370w, https:\/\/www.supercars.net\/blog\/wp-content\/uploads\/2014\/04\/0400-293x195.jpg 293w\" sizes=\"(max-width: 920px) 100vw, 920px\" \/><\/a>\n\t\t\t\t<\/a>\n            <\/div>\n                <div class='wp-caption-text gallery-caption'>\n                Tour Auto Rally 2014\n                <\/div><\/figure><figure class='gallery-item'>\n            <div class='gallery-icon landscape'>\n                <a href='https:\/\/www.supercars.net\/blog\/wp-content\/uploads\/2014\/04\/0401.jpg' class='tipi-lightbox'>\n\t\t\t\t<a href='https:\/\/www.supercars.net\/blog\/wp-content\/uploads\/2014\/04\/0401.jpg'><img decoding=\"async\" width=\"920\" height=\"612\" src=\"https:\/\/www.supercars.net\/blog\/wp-content\/uploads\/2014\/04\/0401.jpg\" class=\"attachment-full size-full\" alt=\"\" srcset=\"https:\/\/www.supercars.net\/blog\/wp-content\/uploads\/2014\/04\/0401.jpg 920w, https:\/\/www.supercars.net\/blog\/wp-content\/uploads\/2014\/04\/0401-300x200.jpg 300w, https:\/\/www.supercars.net\/blog\/wp-content\/uploads\/2014\/04\/0401-100x67.jpg 100w, https:\/\/www.supercars.net\/blog\/wp-content\/uploads\/2014\/04\/0401-770x512.jpg 770w, https:\/\/www.supercars.net\/blog\/wp-content\/uploads\/2014\/04\/0401-360x240.jpg 360w, https:\/\/www.supercars.net\/blog\/wp-content\/uploads\/2014\/04\/0401-370x247.jpg 370w, https:\/\/www.supercars.net\/blog\/wp-content\/uploads\/2014\/04\/0401-293x195.jpg 293w\" sizes=\"(max-width: 920px) 100vw, 920px\" \/><\/a>\n\t\t\t\t<\/a>\n            <\/div>\n                <div class='wp-caption-text gallery-caption'>\n                1960 Aston Martin DB4 GT\n                <\/div><\/figure><figure class='gallery-item'>\n            <div class='gallery-icon landscape'>\n                <a href='https:\/\/www.supercars.net\/blog\/wp-content\/uploads\/2014\/04\/0402.jpg' class='tipi-lightbox'>\n\t\t\t\t<a href='https:\/\/www.supercars.net\/blog\/wp-content\/uploads\/2014\/04\/0402.jpg'><img decoding=\"async\" width=\"920\" height=\"612\" src=\"https:\/\/www.supercars.net\/blog\/wp-content\/uploads\/2014\/04\/0402.jpg\" class=\"attachment-full size-full\" alt=\"\" srcset=\"https:\/\/www.supercars.net\/blog\/wp-content\/uploads\/2014\/04\/0402.jpg 920w, https:\/\/www.supercars.net\/blog\/wp-content\/uploads\/2014\/04\/0402-300x200.jpg 300w, https:\/\/www.supercars.net\/blog\/wp-content\/uploads\/2014\/04\/0402-100x67.jpg 100w, https:\/\/www.supercars.net\/blog\/wp-content\/uploads\/2014\/04\/0402-770x512.jpg 770w, https:\/\/www.supercars.net\/blog\/wp-content\/uploads\/2014\/04\/0402-360x240.jpg 360w, https:\/\/www.supercars.net\/blog\/wp-content\/uploads\/2014\/04\/0402-370x247.jpg 370w, https:\/\/www.supercars.net\/blog\/wp-content\/uploads\/2014\/04\/0402-293x195.jpg 293w\" sizes=\"(max-width: 920px) 100vw, 920px\" \/><\/a>\n\t\t\t\t<\/a>\n            <\/div>\n                <div class='wp-caption-text gallery-caption'>\n                Tour Auto Rally 2014\n                <\/div><\/figure><figure class='gallery-item'>\n            <div class='gallery-icon landscape'>\n                <a href='https:\/\/www.supercars.net\/blog\/wp-content\/uploads\/2014\/04\/0403.jpg' class='tipi-lightbox'>\n\t\t\t\t<a href='https:\/\/www.supercars.net\/blog\/wp-content\/uploads\/2014\/04\/0403.jpg'><img decoding=\"async\" width=\"920\" height=\"612\" src=\"https:\/\/www.supercars.net\/blog\/wp-content\/uploads\/2014\/04\/0403.jpg\" class=\"attachment-full size-full\" alt=\"\" srcset=\"https:\/\/www.supercars.net\/blog\/wp-content\/uploads\/2014\/04\/0403.jpg 920w, https:\/\/www.supercars.net\/blog\/wp-content\/uploads\/2014\/04\/0403-300x200.jpg 300w, https:\/\/www.supercars.net\/blog\/wp-content\/uploads\/2014\/04\/0403-100x67.jpg 100w, https:\/\/www.supercars.net\/blog\/wp-content\/uploads\/2014\/04\/0403-770x512.jpg 770w, https:\/\/www.supercars.net\/blog\/wp-content\/uploads\/2014\/04\/0403-360x240.jpg 360w, https:\/\/www.supercars.net\/blog\/wp-content\/uploads\/2014\/04\/0403-370x247.jpg 370w, https:\/\/www.supercars.net\/blog\/wp-content\/uploads\/2014\/04\/0403-293x195.jpg 293w\" sizes=\"(max-width: 920px) 100vw, 920px\" \/><\/a>\n\t\t\t\t<\/a>\n            <\/div>\n                <div class='wp-caption-text gallery-caption'>\n                Tour Auto Rally 2014\n                <\/div><\/figure><figure class='gallery-item'>\n            <div class='gallery-icon landscape'>\n                <a href='https:\/\/www.supercars.net\/blog\/wp-content\/uploads\/2014\/04\/0404.jpg' class='tipi-lightbox'>\n\t\t\t\t<a href='https:\/\/www.supercars.net\/blog\/wp-content\/uploads\/2014\/04\/0404.jpg'><img decoding=\"async\" width=\"920\" height=\"612\" src=\"https:\/\/www.supercars.net\/blog\/wp-content\/uploads\/2014\/04\/0404.jpg\" class=\"attachment-full size-full\" alt=\"\" srcset=\"https:\/\/www.supercars.net\/blog\/wp-content\/uploads\/2014\/04\/0404.jpg 920w, https:\/\/www.supercars.net\/blog\/wp-content\/uploads\/2014\/04\/0404-300x200.jpg 300w, https:\/\/www.supercars.net\/blog\/wp-content\/uploads\/2014\/04\/0404-100x67.jpg 100w, https:\/\/www.supercars.net\/blog\/wp-content\/uploads\/2014\/04\/0404-770x512.jpg 770w, https:\/\/www.supercars.net\/blog\/wp-content\/uploads\/2014\/04\/0404-360x240.jpg 360w, https:\/\/www.supercars.net\/blog\/wp-content\/uploads\/2014\/04\/0404-370x247.jpg 370w, https:\/\/www.supercars.net\/blog\/wp-content\/uploads\/2014\/04\/0404-293x195.jpg 293w\" sizes=\"(max-width: 920px) 100vw, 920px\" \/><\/a>\n\t\t\t\t<\/a>\n            <\/div>\n                <div class='wp-caption-text gallery-caption'>\n                1965 Alfa Romeo 1600 GTA\n                <\/div><\/figure><figure class='gallery-item'>\n            <div class='gallery-icon landscape'>\n                <a href='https:\/\/www.supercars.net\/blog\/wp-content\/uploads\/2014\/04\/0405.jpg' class='tipi-lightbox'>\n\t\t\t\t<a href='https:\/\/www.supercars.net\/blog\/wp-content\/uploads\/2014\/04\/0405.jpg'><img decoding=\"async\" width=\"920\" height=\"612\" src=\"https:\/\/www.supercars.net\/blog\/wp-content\/uploads\/2014\/04\/0405.jpg\" class=\"attachment-full size-full\" alt=\"\" srcset=\"https:\/\/www.supercars.net\/blog\/wp-content\/uploads\/2014\/04\/0405.jpg 920w, https:\/\/www.supercars.net\/blog\/wp-content\/uploads\/2014\/04\/0405-300x200.jpg 300w, https:\/\/www.supercars.net\/blog\/wp-content\/uploads\/2014\/04\/0405-100x67.jpg 100w, https:\/\/www.supercars.net\/blog\/wp-content\/uploads\/2014\/04\/0405-770x512.jpg 770w, https:\/\/www.supercars.net\/blog\/wp-content\/uploads\/2014\/04\/0405-360x240.jpg 360w, https:\/\/www.supercars.net\/blog\/wp-content\/uploads\/2014\/04\/0405-370x247.jpg 370w, https:\/\/www.supercars.net\/blog\/wp-content\/uploads\/2014\/04\/0405-293x195.jpg 293w\" sizes=\"(max-width: 920px) 100vw, 920px\" \/><\/a>\n\t\t\t\t<\/a>\n            <\/div>\n                <div class='wp-caption-text gallery-caption'>\n                1965 Alfa Romeo 1600 GTA\n                <\/div><\/figure><figure class='gallery-item'>\n            <div class='gallery-icon landscape'>\n                <a href='https:\/\/www.supercars.net\/blog\/wp-content\/uploads\/2014\/04\/0406.jpg' class='tipi-lightbox'>\n\t\t\t\t<a href='https:\/\/www.supercars.net\/blog\/wp-content\/uploads\/2014\/04\/0406.jpg'><img decoding=\"async\" width=\"920\" height=\"612\" src=\"https:\/\/www.supercars.net\/blog\/wp-content\/uploads\/2014\/04\/0406.jpg\" class=\"attachment-full size-full\" alt=\"\" srcset=\"https:\/\/www.supercars.net\/blog\/wp-content\/uploads\/2014\/04\/0406.jpg 920w, https:\/\/www.supercars.net\/blog\/wp-content\/uploads\/2014\/04\/0406-300x200.jpg 300w, https:\/\/www.supercars.net\/blog\/wp-content\/uploads\/2014\/04\/0406-100x67.jpg 100w, https:\/\/www.supercars.net\/blog\/wp-content\/uploads\/2014\/04\/0406-770x512.jpg 770w, https:\/\/www.supercars.net\/blog\/wp-content\/uploads\/2014\/04\/0406-360x240.jpg 360w, https:\/\/www.supercars.net\/blog\/wp-content\/uploads\/2014\/04\/0406-370x247.jpg 370w, https:\/\/www.supercars.net\/blog\/wp-content\/uploads\/2014\/04\/0406-293x195.jpg 293w\" sizes=\"(max-width: 920px) 100vw, 920px\" \/><\/a>\n\t\t\t\t<\/a>\n            <\/div>\n                <div class='wp-caption-text gallery-caption'>\n                1961 Porsche 356 B\n                <\/div><\/figure><figure class='gallery-item'>\n            <div class='gallery-icon landscape'>\n                <a href='https:\/\/www.supercars.net\/blog\/wp-content\/uploads\/2014\/04\/0407.jpg' class='tipi-lightbox'>\n\t\t\t\t<a href='https:\/\/www.supercars.net\/blog\/wp-content\/uploads\/2014\/04\/0407.jpg'><img decoding=\"async\" width=\"920\" height=\"612\" src=\"https:\/\/www.supercars.net\/blog\/wp-content\/uploads\/2014\/04\/0407.jpg\" class=\"attachment-full size-full\" alt=\"\" srcset=\"https:\/\/www.supercars.net\/blog\/wp-content\/uploads\/2014\/04\/0407.jpg 920w, https:\/\/www.supercars.net\/blog\/wp-content\/uploads\/2014\/04\/0407-300x200.jpg 300w, https:\/\/www.supercars.net\/blog\/wp-content\/uploads\/2014\/04\/0407-100x67.jpg 100w, https:\/\/www.supercars.net\/blog\/wp-content\/uploads\/2014\/04\/0407-770x512.jpg 770w, https:\/\/www.supercars.net\/blog\/wp-content\/uploads\/2014\/04\/0407-360x240.jpg 360w, https:\/\/www.supercars.net\/blog\/wp-content\/uploads\/2014\/04\/0407-370x247.jpg 370w, https:\/\/www.supercars.net\/blog\/wp-content\/uploads\/2014\/04\/0407-293x195.jpg 293w\" sizes=\"(max-width: 920px) 100vw, 920px\" \/><\/a>\n\t\t\t\t<\/a>\n            <\/div>\n                <div class='wp-caption-text gallery-caption'>\n                Tour Auto Rally 2014\n                <\/div><\/figure><figure class='gallery-item'>\n            <div class='gallery-icon landscape'>\n                <a href='https:\/\/www.supercars.net\/blog\/wp-content\/uploads\/2014\/04\/0408.jpg' class='tipi-lightbox'>\n\t\t\t\t<a href='https:\/\/www.supercars.net\/blog\/wp-content\/uploads\/2014\/04\/0408.jpg'><img decoding=\"async\" width=\"920\" height=\"612\" src=\"https:\/\/www.supercars.net\/blog\/wp-content\/uploads\/2014\/04\/0408.jpg\" class=\"attachment-full size-full\" alt=\"\" srcset=\"https:\/\/www.supercars.net\/blog\/wp-content\/uploads\/2014\/04\/0408.jpg 920w, https:\/\/www.supercars.net\/blog\/wp-content\/uploads\/2014\/04\/0408-300x200.jpg 300w, https:\/\/www.supercars.net\/blog\/wp-content\/uploads\/2014\/04\/0408-100x67.jpg 100w, https:\/\/www.supercars.net\/blog\/wp-content\/uploads\/2014\/04\/0408-770x512.jpg 770w, https:\/\/www.supercars.net\/blog\/wp-content\/uploads\/2014\/04\/0408-360x240.jpg 360w, https:\/\/www.supercars.net\/blog\/wp-content\/uploads\/2014\/04\/0408-370x247.jpg 370w, https:\/\/www.supercars.net\/blog\/wp-content\/uploads\/2014\/04\/0408-293x195.jpg 293w\" sizes=\"(max-width: 920px) 100vw, 920px\" \/><\/a>\n\t\t\t\t<\/a>\n            <\/div>\n                <div class='wp-caption-text gallery-caption'>\n                Tour Auto Rally 2014\n                <\/div><\/figure><figure class='gallery-item'>\n            <div class='gallery-icon landscape'>\n                <a href='https:\/\/www.supercars.net\/blog\/wp-content\/uploads\/2014\/04\/0409.jpg' class='tipi-lightbox'>\n\t\t\t\t<a href='https:\/\/www.supercars.net\/blog\/wp-content\/uploads\/2014\/04\/0409.jpg'><img decoding=\"async\" width=\"920\" height=\"612\" src=\"https:\/\/www.supercars.net\/blog\/wp-content\/uploads\/2014\/04\/0409.jpg\" class=\"attachment-full size-full\" alt=\"\" srcset=\"https:\/\/www.supercars.net\/blog\/wp-content\/uploads\/2014\/04\/0409.jpg 920w, https:\/\/www.supercars.net\/blog\/wp-content\/uploads\/2014\/04\/0409-300x200.jpg 300w, https:\/\/www.supercars.net\/blog\/wp-content\/uploads\/2014\/04\/0409-100x67.jpg 100w, https:\/\/www.supercars.net\/blog\/wp-content\/uploads\/2014\/04\/0409-770x512.jpg 770w, https:\/\/www.supercars.net\/blog\/wp-content\/uploads\/2014\/04\/0409-360x240.jpg 360w, https:\/\/www.supercars.net\/blog\/wp-content\/uploads\/2014\/04\/0409-370x247.jpg 370w, https:\/\/www.supercars.net\/blog\/wp-content\/uploads\/2014\/04\/0409-293x195.jpg 293w\" sizes=\"(max-width: 920px) 100vw, 920px\" \/><\/a>\n\t\t\t\t<\/a>\n            <\/div>\n                <div class='wp-caption-text gallery-caption'>\n                1966 Ferrari 275 GTB\/4 and 1965 Ferrari 275 GTB\/2\n                <\/div><\/figure><figure class='gallery-item'>\n            <div class='gallery-icon landscape'>\n                <a href='https:\/\/www.supercars.net\/blog\/wp-content\/uploads\/2014\/04\/0410.jpg' class='tipi-lightbox'>\n\t\t\t\t<a href='https:\/\/www.supercars.net\/blog\/wp-content\/uploads\/2014\/04\/0410.jpg'><img decoding=\"async\" width=\"920\" height=\"612\" src=\"https:\/\/www.supercars.net\/blog\/wp-content\/uploads\/2014\/04\/0410.jpg\" class=\"attachment-full size-full\" alt=\"\" srcset=\"https:\/\/www.supercars.net\/blog\/wp-content\/uploads\/2014\/04\/0410.jpg 920w, https:\/\/www.supercars.net\/blog\/wp-content\/uploads\/2014\/04\/0410-300x200.jpg 300w, https:\/\/www.supercars.net\/blog\/wp-content\/uploads\/2014\/04\/0410-100x67.jpg 100w, https:\/\/www.supercars.net\/blog\/wp-content\/uploads\/2014\/04\/0410-770x512.jpg 770w, https:\/\/www.supercars.net\/blog\/wp-content\/uploads\/2014\/04\/0410-360x240.jpg 360w, https:\/\/www.supercars.net\/blog\/wp-content\/uploads\/2014\/04\/0410-370x247.jpg 370w, https:\/\/www.supercars.net\/blog\/wp-content\/uploads\/2014\/04\/0410-293x195.jpg 293w\" sizes=\"(max-width: 920px) 100vw, 920px\" \/><\/a>\n\t\t\t\t<\/a>\n            <\/div>\n                <div class='wp-caption-text gallery-caption'>\n                Tour Auto Rally 2014\n                <\/div><\/figure><figure class='gallery-item'>\n            <div class='gallery-icon landscape'>\n                <a href='https:\/\/www.supercars.net\/blog\/wp-content\/uploads\/2014\/04\/0411.jpg' class='tipi-lightbox'>\n\t\t\t\t<a href='https:\/\/www.supercars.net\/blog\/wp-content\/uploads\/2014\/04\/0411.jpg'><img decoding=\"async\" width=\"920\" height=\"538\" src=\"https:\/\/www.supercars.net\/blog\/wp-content\/uploads\/2014\/04\/0411.jpg\" class=\"attachment-full size-full\" alt=\"\" srcset=\"https:\/\/www.supercars.net\/blog\/wp-content\/uploads\/2014\/04\/0411.jpg 920w, https:\/\/www.supercars.net\/blog\/wp-content\/uploads\/2014\/04\/0411-300x175.jpg 300w, https:\/\/www.supercars.net\/blog\/wp-content\/uploads\/2014\/04\/0411-100x58.jpg 100w, https:\/\/www.supercars.net\/blog\/wp-content\/uploads\/2014\/04\/0411-770x450.jpg 770w, https:\/\/www.supercars.net\/blog\/wp-content\/uploads\/2014\/04\/0411-293x171.jpg 293w\" sizes=\"(max-width: 920px) 100vw, 920px\" \/><\/a>\n\t\t\t\t<\/a>\n            <\/div>\n                <div class='wp-caption-text gallery-caption'>\n                Tour Auto Rally 2014\n                <\/div><\/figure><figure class='gallery-item'>\n            <div class='gallery-icon landscape'>\n                <a href='https:\/\/www.supercars.net\/blog\/wp-content\/uploads\/2014\/04\/0412.jpg' class='tipi-lightbox'>\n\t\t\t\t<a href='https:\/\/www.supercars.net\/blog\/wp-content\/uploads\/2014\/04\/0412.jpg'><img decoding=\"async\" width=\"920\" height=\"612\" src=\"https:\/\/www.supercars.net\/blog\/wp-content\/uploads\/2014\/04\/0412.jpg\" class=\"attachment-full size-full\" alt=\"\" srcset=\"https:\/\/www.supercars.net\/blog\/wp-content\/uploads\/2014\/04\/0412.jpg 920w, https:\/\/www.supercars.net\/blog\/wp-content\/uploads\/2014\/04\/0412-300x200.jpg 300w, https:\/\/www.supercars.net\/blog\/wp-content\/uploads\/2014\/04\/0412-100x67.jpg 100w, https:\/\/www.supercars.net\/blog\/wp-content\/uploads\/2014\/04\/0412-770x512.jpg 770w, https:\/\/www.supercars.net\/blog\/wp-content\/uploads\/2014\/04\/0412-360x240.jpg 360w, https:\/\/www.supercars.net\/blog\/wp-content\/uploads\/2014\/04\/0412-370x247.jpg 370w, https:\/\/www.supercars.net\/blog\/wp-content\/uploads\/2014\/04\/0412-293x195.jpg 293w\" sizes=\"(max-width: 920px) 100vw, 920px\" \/><\/a>\n\t\t\t\t<\/a>\n            <\/div>\n                <div class='wp-caption-text gallery-caption'>\n                1964 Ferrari 250 GT SWB Breadvan\n                <\/div><\/figure><figure class='gallery-item'>\n            <div class='gallery-icon landscape'>\n                <a href='https:\/\/www.supercars.net\/blog\/wp-content\/uploads\/2014\/04\/0413.jpg' class='tipi-lightbox'>\n\t\t\t\t<a href='https:\/\/www.supercars.net\/blog\/wp-content\/uploads\/2014\/04\/0413.jpg'><img decoding=\"async\" width=\"920\" height=\"612\" src=\"https:\/\/www.supercars.net\/blog\/wp-content\/uploads\/2014\/04\/0413.jpg\" class=\"attachment-full size-full\" alt=\"\" srcset=\"https:\/\/www.supercars.net\/blog\/wp-content\/uploads\/2014\/04\/0413.jpg 920w, https:\/\/www.supercars.net\/blog\/wp-content\/uploads\/2014\/04\/0413-300x200.jpg 300w, https:\/\/www.supercars.net\/blog\/wp-content\/uploads\/2014\/04\/0413-100x67.jpg 100w, https:\/\/www.supercars.net\/blog\/wp-content\/uploads\/2014\/04\/0413-770x512.jpg 770w, https:\/\/www.supercars.net\/blog\/wp-content\/uploads\/2014\/04\/0413-360x240.jpg 360w, https:\/\/www.supercars.net\/blog\/wp-content\/uploads\/2014\/04\/0413-370x247.jpg 370w, https:\/\/www.supercars.net\/blog\/wp-content\/uploads\/2014\/04\/0413-293x195.jpg 293w\" sizes=\"(max-width: 920px) 100vw, 920px\" \/><\/a>\n\t\t\t\t<\/a>\n            <\/div>\n                <div class='wp-caption-text gallery-caption'>\n                1971 De Tomaso Pantera Group IV\n                <\/div><\/figure><figure class='gallery-item'>\n            <div class='gallery-icon landscape'>\n                <a href='https:\/\/www.supercars.net\/blog\/wp-content\/uploads\/2014\/04\/0414.jpg' class='tipi-lightbox'>\n\t\t\t\t<a href='https:\/\/www.supercars.net\/blog\/wp-content\/uploads\/2014\/04\/0414.jpg'><img decoding=\"async\" width=\"920\" height=\"612\" src=\"https:\/\/www.supercars.net\/blog\/wp-content\/uploads\/2014\/04\/0414.jpg\" class=\"attachment-full size-full\" alt=\"\" srcset=\"https:\/\/www.supercars.net\/blog\/wp-content\/uploads\/2014\/04\/0414.jpg 920w, https:\/\/www.supercars.net\/blog\/wp-content\/uploads\/2014\/04\/0414-300x200.jpg 300w, https:\/\/www.supercars.net\/blog\/wp-content\/uploads\/2014\/04\/0414-100x67.jpg 100w, https:\/\/www.supercars.net\/blog\/wp-content\/uploads\/2014\/04\/0414-770x512.jpg 770w, https:\/\/www.supercars.net\/blog\/wp-content\/uploads\/2014\/04\/0414-360x240.jpg 360w, https:\/\/www.supercars.net\/blog\/wp-content\/uploads\/2014\/04\/0414-370x247.jpg 370w, https:\/\/www.supercars.net\/blog\/wp-content\/uploads\/2014\/04\/0414-293x195.jpg 293w\" sizes=\"(max-width: 920px) 100vw, 920px\" \/><\/a>\n\t\t\t\t<\/a>\n            <\/div>\n                <div class='wp-caption-text gallery-caption'>\n                1972 Porsche 911 RS 2.7\n                <\/div><\/figure><figure class='gallery-item'>\n            <div class='gallery-icon landscape'>\n                <a href='https:\/\/www.supercars.net\/blog\/wp-content\/uploads\/2014\/04\/0415.jpg' class='tipi-lightbox'>\n\t\t\t\t<a href='https:\/\/www.supercars.net\/blog\/wp-content\/uploads\/2014\/04\/0415.jpg'><img decoding=\"async\" width=\"920\" height=\"612\" src=\"https:\/\/www.supercars.net\/blog\/wp-content\/uploads\/2014\/04\/0415.jpg\" class=\"attachment-full size-full\" alt=\"\" srcset=\"https:\/\/www.supercars.net\/blog\/wp-content\/uploads\/2014\/04\/0415.jpg 920w, https:\/\/www.supercars.net\/blog\/wp-content\/uploads\/2014\/04\/0415-300x200.jpg 300w, https:\/\/www.supercars.net\/blog\/wp-content\/uploads\/2014\/04\/0415-100x67.jpg 100w, https:\/\/www.supercars.net\/blog\/wp-content\/uploads\/2014\/04\/0415-770x512.jpg 770w, https:\/\/www.supercars.net\/blog\/wp-content\/uploads\/2014\/04\/0415-360x240.jpg 360w, https:\/\/www.supercars.net\/blog\/wp-content\/uploads\/2014\/04\/0415-370x247.jpg 370w, https:\/\/www.supercars.net\/blog\/wp-content\/uploads\/2014\/04\/0415-293x195.jpg 293w\" sizes=\"(max-width: 920px) 100vw, 920px\" \/><\/a>\n\t\t\t\t<\/a>\n            <\/div>\n                <div class='wp-caption-text gallery-caption'>\n                Tour Auto Rally 2014\n                <\/div><\/figure><figure class='gallery-item'>\n            <div class='gallery-icon landscape'>\n                <a href='https:\/\/www.supercars.net\/blog\/wp-content\/uploads\/2014\/04\/0416.jpg' class='tipi-lightbox'>\n\t\t\t\t<a href='https:\/\/www.supercars.net\/blog\/wp-content\/uploads\/2014\/04\/0416.jpg'><img decoding=\"async\" width=\"920\" height=\"612\" src=\"https:\/\/www.supercars.net\/blog\/wp-content\/uploads\/2014\/04\/0416.jpg\" class=\"attachment-full size-full\" alt=\"\" srcset=\"https:\/\/www.supercars.net\/blog\/wp-content\/uploads\/2014\/04\/0416.jpg 920w, https:\/\/www.supercars.net\/blog\/wp-content\/uploads\/2014\/04\/0416-300x200.jpg 300w, https:\/\/www.supercars.net\/blog\/wp-content\/uploads\/2014\/04\/0416-100x67.jpg 100w, https:\/\/www.supercars.net\/blog\/wp-content\/uploads\/2014\/04\/0416-770x512.jpg 770w, https:\/\/www.supercars.net\/blog\/wp-content\/uploads\/2014\/04\/0416-360x240.jpg 360w, https:\/\/www.supercars.net\/blog\/wp-content\/uploads\/2014\/04\/0416-370x247.jpg 370w, https:\/\/www.supercars.net\/blog\/wp-content\/uploads\/2014\/04\/0416-293x195.jpg 293w\" sizes=\"(max-width: 920px) 100vw, 920px\" \/><\/a>\n\t\t\t\t<\/a>\n            <\/div>\n                <div class='wp-caption-text gallery-caption'>\n                1972 De Tomaso Pantera Group IV\n                <\/div><\/figure><figure class='gallery-item'>\n            <div class='gallery-icon landscape'>\n                <a href='https:\/\/www.supercars.net\/blog\/wp-content\/uploads\/2014\/04\/0417.jpg' class='tipi-lightbox'>\n\t\t\t\t<a href='https:\/\/www.supercars.net\/blog\/wp-content\/uploads\/2014\/04\/0417.jpg'><img decoding=\"async\" width=\"920\" height=\"612\" src=\"https:\/\/www.supercars.net\/blog\/wp-content\/uploads\/2014\/04\/0417.jpg\" class=\"attachment-full size-full\" alt=\"\" srcset=\"https:\/\/www.supercars.net\/blog\/wp-content\/uploads\/2014\/04\/0417.jpg 920w, https:\/\/www.supercars.net\/blog\/wp-content\/uploads\/2014\/04\/0417-300x200.jpg 300w, https:\/\/www.supercars.net\/blog\/wp-content\/uploads\/2014\/04\/0417-100x67.jpg 100w, https:\/\/www.supercars.net\/blog\/wp-content\/uploads\/2014\/04\/0417-770x512.jpg 770w, https:\/\/www.supercars.net\/blog\/wp-content\/uploads\/2014\/04\/0417-360x240.jpg 360w, https:\/\/www.supercars.net\/blog\/wp-content\/uploads\/2014\/04\/0417-370x247.jpg 370w, https:\/\/www.supercars.net\/blog\/wp-content\/uploads\/2014\/04\/0417-293x195.jpg 293w\" sizes=\"(max-width: 920px) 100vw, 920px\" \/><\/a>\n\t\t\t\t<\/a>\n            <\/div>\n                <div class='wp-caption-text gallery-caption'>\n                1963 Jaguar E-Type\n                <\/div><\/figure><figure class='gallery-item'>\n            <div class='gallery-icon landscape'>\n                <a href='https:\/\/www.supercars.net\/blog\/wp-content\/uploads\/2014\/04\/0418.jpg' class='tipi-lightbox'>\n\t\t\t\t<a href='https:\/\/www.supercars.net\/blog\/wp-content\/uploads\/2014\/04\/0418.jpg'><img decoding=\"async\" width=\"920\" height=\"612\" src=\"https:\/\/www.supercars.net\/blog\/wp-content\/uploads\/2014\/04\/0418.jpg\" class=\"attachment-full size-full\" alt=\"\" srcset=\"https:\/\/www.supercars.net\/blog\/wp-content\/uploads\/2014\/04\/0418.jpg 920w, https:\/\/www.supercars.net\/blog\/wp-content\/uploads\/2014\/04\/0418-300x200.jpg 300w, https:\/\/www.supercars.net\/blog\/wp-content\/uploads\/2014\/04\/0418-100x67.jpg 100w, https:\/\/www.supercars.net\/blog\/wp-content\/uploads\/2014\/04\/0418-770x512.jpg 770w, https:\/\/www.supercars.net\/blog\/wp-content\/uploads\/2014\/04\/0418-360x240.jpg 360w, https:\/\/www.supercars.net\/blog\/wp-content\/uploads\/2014\/04\/0418-370x247.jpg 370w, https:\/\/www.supercars.net\/blog\/wp-content\/uploads\/2014\/04\/0418-293x195.jpg 293w\" sizes=\"(max-width: 920px) 100vw, 920px\" \/><\/a>\n\t\t\t\t<\/a>\n            <\/div>\n                <div class='wp-caption-text gallery-caption'>\n                Tour Auto Rally 2014\n                <\/div><\/figure><figure class='gallery-item'>\n            <div class='gallery-icon landscape'>\n                <a href='https:\/\/www.supercars.net\/blog\/wp-content\/uploads\/2014\/04\/0419.jpg' class='tipi-lightbox'>\n\t\t\t\t<a href='https:\/\/www.supercars.net\/blog\/wp-content\/uploads\/2014\/04\/0419.jpg'><img decoding=\"async\" width=\"920\" height=\"612\" src=\"https:\/\/www.supercars.net\/blog\/wp-content\/uploads\/2014\/04\/0419.jpg\" class=\"attachment-full size-full\" alt=\"\" srcset=\"https:\/\/www.supercars.net\/blog\/wp-content\/uploads\/2014\/04\/0419.jpg 920w, https:\/\/www.supercars.net\/blog\/wp-content\/uploads\/2014\/04\/0419-300x200.jpg 300w, https:\/\/www.supercars.net\/blog\/wp-content\/uploads\/2014\/04\/0419-100x67.jpg 100w, https:\/\/www.supercars.net\/blog\/wp-content\/uploads\/2014\/04\/0419-770x512.jpg 770w, https:\/\/www.supercars.net\/blog\/wp-content\/uploads\/2014\/04\/0419-360x240.jpg 360w, https:\/\/www.supercars.net\/blog\/wp-content\/uploads\/2014\/04\/0419-370x247.jpg 370w, https:\/\/www.supercars.net\/blog\/wp-content\/uploads\/2014\/04\/0419-293x195.jpg 293w\" sizes=\"(max-width: 920px) 100vw, 920px\" \/><\/a>\n\t\t\t\t<\/a>\n            <\/div>\n                <div class='wp-caption-text gallery-caption'>\n                Tour Auto Rally 2014\n                <\/div><\/figure><figure class='gallery-item'>\n            <div class='gallery-icon landscape'>\n                <a href='https:\/\/www.supercars.net\/blog\/wp-content\/uploads\/2014\/04\/0420.jpg' class='tipi-lightbox'>\n\t\t\t\t<a href='https:\/\/www.supercars.net\/blog\/wp-content\/uploads\/2014\/04\/0420.jpg'><img decoding=\"async\" width=\"920\" height=\"612\" src=\"https:\/\/www.supercars.net\/blog\/wp-content\/uploads\/2014\/04\/0420.jpg\" class=\"attachment-full size-full\" alt=\"\" srcset=\"https:\/\/www.supercars.net\/blog\/wp-content\/uploads\/2014\/04\/0420.jpg 920w, https:\/\/www.supercars.net\/blog\/wp-content\/uploads\/2014\/04\/0420-300x200.jpg 300w, https:\/\/www.supercars.net\/blog\/wp-content\/uploads\/2014\/04\/0420-100x67.jpg 100w, https:\/\/www.supercars.net\/blog\/wp-content\/uploads\/2014\/04\/0420-770x512.jpg 770w, https:\/\/www.supercars.net\/blog\/wp-content\/uploads\/2014\/04\/0420-360x240.jpg 360w, https:\/\/www.supercars.net\/blog\/wp-content\/uploads\/2014\/04\/0420-370x247.jpg 370w, https:\/\/www.supercars.net\/blog\/wp-content\/uploads\/2014\/04\/0420-293x195.jpg 293w\" sizes=\"(max-width: 920px) 100vw, 920px\" \/><\/a>\n\t\t\t\t<\/a>\n            <\/div>\n                <div class='wp-caption-text gallery-caption'>\n                Tour Auto Rally 2014\n                <\/div><\/figure><figure class='gallery-item'>\n            <div class='gallery-icon landscape'>\n                <a href='https:\/\/www.supercars.net\/blog\/wp-content\/uploads\/2014\/04\/0421.jpg' class='tipi-lightbox'>\n\t\t\t\t<a href='https:\/\/www.supercars.net\/blog\/wp-content\/uploads\/2014\/04\/0421.jpg'><img decoding=\"async\" width=\"920\" height=\"612\" src=\"https:\/\/www.supercars.net\/blog\/wp-content\/uploads\/2014\/04\/0421.jpg\" class=\"attachment-full size-full\" alt=\"\" srcset=\"https:\/\/www.supercars.net\/blog\/wp-content\/uploads\/2014\/04\/0421.jpg 920w, https:\/\/www.supercars.net\/blog\/wp-content\/uploads\/2014\/04\/0421-300x200.jpg 300w, https:\/\/www.supercars.net\/blog\/wp-content\/uploads\/2014\/04\/0421-100x67.jpg 100w, https:\/\/www.supercars.net\/blog\/wp-content\/uploads\/2014\/04\/0421-770x512.jpg 770w, https:\/\/www.supercars.net\/blog\/wp-content\/uploads\/2014\/04\/0421-360x240.jpg 360w, https:\/\/www.supercars.net\/blog\/wp-content\/uploads\/2014\/04\/0421-370x247.jpg 370w, https:\/\/www.supercars.net\/blog\/wp-content\/uploads\/2014\/04\/0421-293x195.jpg 293w\" sizes=\"(max-width: 920px) 100vw, 920px\" \/><\/a>\n\t\t\t\t<\/a>\n            <\/div>\n                <div class='wp-caption-text gallery-caption'>\n                1981 Ferrari 308 Gr. IV Michelotto\n                <\/div><\/figure><figure class='gallery-item'>\n            <div class='gallery-icon landscape'>\n                <a href='https:\/\/www.supercars.net\/blog\/wp-content\/uploads\/2014\/04\/0422.jpg' class='tipi-lightbox'>\n\t\t\t\t<a href='https:\/\/www.supercars.net\/blog\/wp-content\/uploads\/2014\/04\/0422.jpg'><img decoding=\"async\" width=\"920\" height=\"612\" src=\"https:\/\/www.supercars.net\/blog\/wp-content\/uploads\/2014\/04\/0422.jpg\" class=\"attachment-full size-full\" alt=\"\" srcset=\"https:\/\/www.supercars.net\/blog\/wp-content\/uploads\/2014\/04\/0422.jpg 920w, https:\/\/www.supercars.net\/blog\/wp-content\/uploads\/2014\/04\/0422-300x200.jpg 300w, https:\/\/www.supercars.net\/blog\/wp-content\/uploads\/2014\/04\/0422-100x67.jpg 100w, https:\/\/www.supercars.net\/blog\/wp-content\/uploads\/2014\/04\/0422-770x512.jpg 770w, https:\/\/www.supercars.net\/blog\/wp-content\/uploads\/2014\/04\/0422-360x240.jpg 360w, https:\/\/www.supercars.net\/blog\/wp-content\/uploads\/2014\/04\/0422-370x247.jpg 370w, https:\/\/www.supercars.net\/blog\/wp-content\/uploads\/2014\/04\/0422-293x195.jpg 293w\" sizes=\"(max-width: 920px) 100vw, 920px\" \/><\/a>\n\t\t\t\t<\/a>\n            <\/div>\n                <div class='wp-caption-text gallery-caption'>\n                Tour Auto Rally 2014\n                <\/div><\/figure><figure class='gallery-item'>\n            <div class='gallery-icon landscape'>\n                <a href='https:\/\/www.supercars.net\/blog\/wp-content\/uploads\/2014\/04\/0423.jpg' class='tipi-lightbox'>\n\t\t\t\t<a href='https:\/\/www.supercars.net\/blog\/wp-content\/uploads\/2014\/04\/0423.jpg'><img decoding=\"async\" width=\"920\" height=\"612\" src=\"https:\/\/www.supercars.net\/blog\/wp-content\/uploads\/2014\/04\/0423.jpg\" class=\"attachment-full size-full\" alt=\"\" srcset=\"https:\/\/www.supercars.net\/blog\/wp-content\/uploads\/2014\/04\/0423.jpg 920w, https:\/\/www.supercars.net\/blog\/wp-content\/uploads\/2014\/04\/0423-300x200.jpg 300w, https:\/\/www.supercars.net\/blog\/wp-content\/uploads\/2014\/04\/0423-100x67.jpg 100w, https:\/\/www.supercars.net\/blog\/wp-content\/uploads\/2014\/04\/0423-770x512.jpg 770w, https:\/\/www.supercars.net\/blog\/wp-content\/uploads\/2014\/04\/0423-360x240.jpg 360w, https:\/\/www.supercars.net\/blog\/wp-content\/uploads\/2014\/04\/0423-370x247.jpg 370w, https:\/\/www.supercars.net\/blog\/wp-content\/uploads\/2014\/04\/0423-293x195.jpg 293w\" sizes=\"(max-width: 920px) 100vw, 920px\" \/><\/a>\n\t\t\t\t<\/a>\n            <\/div>\n                <div class='wp-caption-text gallery-caption'>\n                1966 Porsche Carrera 906 and 1979 Ferrari 308 Gr. IV Michelotto\n                <\/div><\/figure><figure class='gallery-item'>\n            <div class='gallery-icon landscape'>\n                <a href='https:\/\/www.supercars.net\/blog\/wp-content\/uploads\/2014\/04\/0424.jpg' class='tipi-lightbox'>\n\t\t\t\t<a href='https:\/\/www.supercars.net\/blog\/wp-content\/uploads\/2014\/04\/0424.jpg'><img decoding=\"async\" width=\"920\" height=\"612\" src=\"https:\/\/www.supercars.net\/blog\/wp-content\/uploads\/2014\/04\/0424.jpg\" class=\"attachment-full size-full\" alt=\"\" srcset=\"https:\/\/www.supercars.net\/blog\/wp-content\/uploads\/2014\/04\/0424.jpg 920w, https:\/\/www.supercars.net\/blog\/wp-content\/uploads\/2014\/04\/0424-300x200.jpg 300w, https:\/\/www.supercars.net\/blog\/wp-content\/uploads\/2014\/04\/0424-100x67.jpg 100w, https:\/\/www.supercars.net\/blog\/wp-content\/uploads\/2014\/04\/0424-770x512.jpg 770w, https:\/\/www.supercars.net\/blog\/wp-content\/uploads\/2014\/04\/0424-360x240.jpg 360w, https:\/\/www.supercars.net\/blog\/wp-content\/uploads\/2014\/04\/0424-370x247.jpg 370w, https:\/\/www.supercars.net\/blog\/wp-content\/uploads\/2014\/04\/0424-293x195.jpg 293w\" sizes=\"(max-width: 920px) 100vw, 920px\" \/><\/a>\n\t\t\t\t<\/a>\n            <\/div>\n                <div class='wp-caption-text gallery-caption'>\n                1981 Ferrari 308 Gr. IV Michelotto\n                <\/div><\/figure><figure class='gallery-item'>\n            <div class='gallery-icon landscape'>\n                <a href='https:\/\/www.supercars.net\/blog\/wp-content\/uploads\/2014\/04\/0425.jpg' class='tipi-lightbox'>\n\t\t\t\t<a href='https:\/\/www.supercars.net\/blog\/wp-content\/uploads\/2014\/04\/0425.jpg'><img decoding=\"async\" width=\"920\" height=\"612\" src=\"https:\/\/www.supercars.net\/blog\/wp-content\/uploads\/2014\/04\/0425.jpg\" class=\"attachment-full size-full\" alt=\"\" srcset=\"https:\/\/www.supercars.net\/blog\/wp-content\/uploads\/2014\/04\/0425.jpg 920w, https:\/\/www.supercars.net\/blog\/wp-content\/uploads\/2014\/04\/0425-300x200.jpg 300w, https:\/\/www.supercars.net\/blog\/wp-content\/uploads\/2014\/04\/0425-100x67.jpg 100w, https:\/\/www.supercars.net\/blog\/wp-content\/uploads\/2014\/04\/0425-770x512.jpg 770w, https:\/\/www.supercars.net\/blog\/wp-content\/uploads\/2014\/04\/0425-360x240.jpg 360w, https:\/\/www.supercars.net\/blog\/wp-content\/uploads\/2014\/04\/0425-370x247.jpg 370w, https:\/\/www.supercars.net\/blog\/wp-content\/uploads\/2014\/04\/0425-293x195.jpg 293w\" sizes=\"(max-width: 920px) 100vw, 920px\" \/><\/a>\n\t\t\t\t<\/a>\n            <\/div>\n                <div class='wp-caption-text gallery-caption'>\n                1967 Ford GT40\n                <\/div><\/figure><figure class='gallery-item'>\n            <div class='gallery-icon landscape'>\n                <a href='https:\/\/www.supercars.net\/blog\/wp-content\/uploads\/2014\/04\/0426.jpg' class='tipi-lightbox'>\n\t\t\t\t<a href='https:\/\/www.supercars.net\/blog\/wp-content\/uploads\/2014\/04\/0426.jpg'><img decoding=\"async\" width=\"920\" height=\"612\" src=\"https:\/\/www.supercars.net\/blog\/wp-content\/uploads\/2014\/04\/0426.jpg\" class=\"attachment-full size-full\" alt=\"\" srcset=\"https:\/\/www.supercars.net\/blog\/wp-content\/uploads\/2014\/04\/0426.jpg 920w, https:\/\/www.supercars.net\/blog\/wp-content\/uploads\/2014\/04\/0426-300x200.jpg 300w, https:\/\/www.supercars.net\/blog\/wp-content\/uploads\/2014\/04\/0426-100x67.jpg 100w, https:\/\/www.supercars.net\/blog\/wp-content\/uploads\/2014\/04\/0426-770x512.jpg 770w, https:\/\/www.supercars.net\/blog\/wp-content\/uploads\/2014\/04\/0426-360x240.jpg 360w, https:\/\/www.supercars.net\/blog\/wp-content\/uploads\/2014\/04\/0426-370x247.jpg 370w, https:\/\/www.supercars.net\/blog\/wp-content\/uploads\/2014\/04\/0426-293x195.jpg 293w\" sizes=\"(max-width: 920px) 100vw, 920px\" \/><\/a>\n\t\t\t\t<\/a>\n            <\/div>\n                <div class='wp-caption-text gallery-caption'>\n                1964 AC Cobra\n                <\/div><\/figure><figure class='gallery-item'>\n            <div class='gallery-icon landscape'>\n                <a href='https:\/\/www.supercars.net\/blog\/wp-content\/uploads\/2014\/04\/0427.jpg' class='tipi-lightbox'>\n\t\t\t\t<a href='https:\/\/www.supercars.net\/blog\/wp-content\/uploads\/2014\/04\/0427.jpg'><img decoding=\"async\" width=\"920\" height=\"612\" src=\"https:\/\/www.supercars.net\/blog\/wp-content\/uploads\/2014\/04\/0427.jpg\" class=\"attachment-full size-full\" alt=\"\" srcset=\"https:\/\/www.supercars.net\/blog\/wp-content\/uploads\/2014\/04\/0427.jpg 920w, https:\/\/www.supercars.net\/blog\/wp-content\/uploads\/2014\/04\/0427-300x200.jpg 300w, https:\/\/www.supercars.net\/blog\/wp-content\/uploads\/2014\/04\/0427-100x67.jpg 100w, https:\/\/www.supercars.net\/blog\/wp-content\/uploads\/2014\/04\/0427-770x512.jpg 770w, https:\/\/www.supercars.net\/blog\/wp-content\/uploads\/2014\/04\/0427-360x240.jpg 360w, https:\/\/www.supercars.net\/blog\/wp-content\/uploads\/2014\/04\/0427-370x247.jpg 370w, https:\/\/www.supercars.net\/blog\/wp-content\/uploads\/2014\/04\/0427-293x195.jpg 293w\" sizes=\"(max-width: 920px) 100vw, 920px\" \/><\/a>\n\t\t\t\t<\/a>\n            <\/div>\n                <div class='wp-caption-text gallery-caption'>\n                1981 Ferrari 308 Gr. IV Michelotto\n                <\/div><\/figure><figure class='gallery-item'>\n            <div class='gallery-icon landscape'>\n                <a href='https:\/\/www.supercars.net\/blog\/wp-content\/uploads\/2014\/04\/0428.jpg' class='tipi-lightbox'>\n\t\t\t\t<a href='https:\/\/www.supercars.net\/blog\/wp-content\/uploads\/2014\/04\/0428.jpg'><img decoding=\"async\" width=\"920\" height=\"612\" src=\"https:\/\/www.supercars.net\/blog\/wp-content\/uploads\/2014\/04\/0428.jpg\" class=\"attachment-full size-full\" alt=\"\" srcset=\"https:\/\/www.supercars.net\/blog\/wp-content\/uploads\/2014\/04\/0428.jpg 920w, https:\/\/www.supercars.net\/blog\/wp-content\/uploads\/2014\/04\/0428-300x200.jpg 300w, https:\/\/www.supercars.net\/blog\/wp-content\/uploads\/2014\/04\/0428-100x67.jpg 100w, https:\/\/www.supercars.net\/blog\/wp-content\/uploads\/2014\/04\/0428-770x512.jpg 770w, https:\/\/www.supercars.net\/blog\/wp-content\/uploads\/2014\/04\/0428-360x240.jpg 360w, https:\/\/www.supercars.net\/blog\/wp-content\/uploads\/2014\/04\/0428-370x247.jpg 370w, https:\/\/www.supercars.net\/blog\/wp-content\/uploads\/2014\/04\/0428-293x195.jpg 293w\" sizes=\"(max-width: 920px) 100vw, 920px\" \/><\/a>\n\t\t\t\t<\/a>\n            <\/div>\n                <div class='wp-caption-text gallery-caption'>\n                Winning Team &#8211; 1963 AC Cobra of Shaun Lynn and Kevin Kivlochan\n                <\/div><\/figure><figure class='gallery-item'>\n            <div class='gallery-icon landscape'>\n                <a href='https:\/\/www.supercars.net\/blog\/wp-content\/uploads\/2014\/04\/0429.jpg' class='tipi-lightbox'>\n\t\t\t\t<a href='https:\/\/www.supercars.net\/blog\/wp-content\/uploads\/2014\/04\/0429.jpg'><img decoding=\"async\" width=\"920\" height=\"612\" src=\"https:\/\/www.supercars.net\/blog\/wp-content\/uploads\/2014\/04\/0429.jpg\" class=\"attachment-full size-full\" alt=\"\" srcset=\"https:\/\/www.supercars.net\/blog\/wp-content\/uploads\/2014\/04\/0429.jpg 920w, https:\/\/www.supercars.net\/blog\/wp-content\/uploads\/2014\/04\/0429-300x200.jpg 300w, https:\/\/www.supercars.net\/blog\/wp-content\/uploads\/2014\/04\/0429-100x67.jpg 100w, https:\/\/www.supercars.net\/blog\/wp-content\/uploads\/2014\/04\/0429-770x512.jpg 770w, https:\/\/www.supercars.net\/blog\/wp-content\/uploads\/2014\/04\/0429-360x240.jpg 360w, https:\/\/www.supercars.net\/blog\/wp-content\/uploads\/2014\/04\/0429-370x247.jpg 370w, https:\/\/www.supercars.net\/blog\/wp-content\/uploads\/2014\/04\/0429-293x195.jpg 293w\" sizes=\"(max-width: 920px) 100vw, 920px\" \/><\/a>\n\t\t\t\t<\/a>\n            <\/div>\n                <div class='wp-caption-text gallery-caption'>\n                1965 Ford GT40\n                <\/div><\/figure><figure class='gallery-item'>\n            <div class='gallery-icon landscape'>\n                <a href='https:\/\/www.supercars.net\/blog\/wp-content\/uploads\/2014\/04\/0430.jpg' class='tipi-lightbox'>\n\t\t\t\t<a href='https:\/\/www.supercars.net\/blog\/wp-content\/uploads\/2014\/04\/0430.jpg'><img decoding=\"async\" width=\"920\" height=\"612\" src=\"https:\/\/www.supercars.net\/blog\/wp-content\/uploads\/2014\/04\/0430.jpg\" class=\"attachment-full size-full\" alt=\"\" srcset=\"https:\/\/www.supercars.net\/blog\/wp-content\/uploads\/2014\/04\/0430.jpg 920w, https:\/\/www.supercars.net\/blog\/wp-content\/uploads\/2014\/04\/0430-300x200.jpg 300w, https:\/\/www.supercars.net\/blog\/wp-content\/uploads\/2014\/04\/0430-100x67.jpg 100w, https:\/\/www.supercars.net\/blog\/wp-content\/uploads\/2014\/04\/0430-770x512.jpg 770w, https:\/\/www.supercars.net\/blog\/wp-content\/uploads\/2014\/04\/0430-360x240.jpg 360w, https:\/\/www.supercars.net\/blog\/wp-content\/uploads\/2014\/04\/0430-370x247.jpg 370w, https:\/\/www.supercars.net\/blog\/wp-content\/uploads\/2014\/04\/0430-293x195.jpg 293w\" sizes=\"(max-width: 920px) 100vw, 920px\" \/><\/a>\n\t\t\t\t<\/a>\n            <\/div>\n                <div class='wp-caption-text gallery-caption'>\n                AC Cobra 289\n                <\/div><\/figure><figure class='gallery-item'>\n            <div class='gallery-icon landscape'>\n                <a href='https:\/\/www.supercars.net\/blog\/wp-content\/uploads\/2014\/04\/0431.jpg' class='tipi-lightbox'>\n\t\t\t\t<a href='https:\/\/www.supercars.net\/blog\/wp-content\/uploads\/2014\/04\/0431.jpg'><img decoding=\"async\" width=\"920\" height=\"612\" src=\"https:\/\/www.supercars.net\/blog\/wp-content\/uploads\/2014\/04\/0431.jpg\" class=\"attachment-full size-full\" alt=\"\" srcset=\"https:\/\/www.supercars.net\/blog\/wp-content\/uploads\/2014\/04\/0431.jpg 920w, https:\/\/www.supercars.net\/blog\/wp-content\/uploads\/2014\/04\/0431-300x200.jpg 300w, https:\/\/www.supercars.net\/blog\/wp-content\/uploads\/2014\/04\/0431-100x67.jpg 100w, https:\/\/www.supercars.net\/blog\/wp-content\/uploads\/2014\/04\/0431-770x512.jpg 770w, https:\/\/www.supercars.net\/blog\/wp-content\/uploads\/2014\/04\/0431-360x240.jpg 360w, https:\/\/www.supercars.net\/blog\/wp-content\/uploads\/2014\/04\/0431-370x247.jpg 370w, https:\/\/www.supercars.net\/blog\/wp-content\/uploads\/2014\/04\/0431-293x195.jpg 293w\" sizes=\"(max-width: 920px) 100vw, 920px\" \/><\/a>\n\t\t\t\t<\/a>\n            <\/div>\n                <div class='wp-caption-text gallery-caption'>\n                1963 Alfa Romeo TZ\n                <\/div><\/figure><figure class='gallery-item'>\n            <div class='gallery-icon landscape'>\n                <a href='https:\/\/www.supercars.net\/blog\/wp-content\/uploads\/2014\/04\/0432.jpg' class='tipi-lightbox'>\n\t\t\t\t<a href='https:\/\/www.supercars.net\/blog\/wp-content\/uploads\/2014\/04\/0432.jpg'><img decoding=\"async\" width=\"920\" height=\"612\" src=\"https:\/\/www.supercars.net\/blog\/wp-content\/uploads\/2014\/04\/0432.jpg\" class=\"attachment-full size-full\" alt=\"\" srcset=\"https:\/\/www.supercars.net\/blog\/wp-content\/uploads\/2014\/04\/0432.jpg 920w, https:\/\/www.supercars.net\/blog\/wp-content\/uploads\/2014\/04\/0432-300x200.jpg 300w, https:\/\/www.supercars.net\/blog\/wp-content\/uploads\/2014\/04\/0432-100x67.jpg 100w, https:\/\/www.supercars.net\/blog\/wp-content\/uploads\/2014\/04\/0432-770x512.jpg 770w, https:\/\/www.supercars.net\/blog\/wp-content\/uploads\/2014\/04\/0432-360x240.jpg 360w, https:\/\/www.supercars.net\/blog\/wp-content\/uploads\/2014\/04\/0432-370x247.jpg 370w, https:\/\/www.supercars.net\/blog\/wp-content\/uploads\/2014\/04\/0432-293x195.jpg 293w\" sizes=\"(max-width: 920px) 100vw, 920px\" \/><\/a>\n\t\t\t\t<\/a>\n            <\/div>\n                <div class='wp-caption-text gallery-caption'>\n                Tour Auto Rally 2014\n                <\/div><\/figure><figure class='gallery-item'>\n            <div class='gallery-icon landscape'>\n                <a href='https:\/\/www.supercars.net\/blog\/wp-content\/uploads\/2014\/04\/0433.jpg' class='tipi-lightbox'>\n\t\t\t\t<a href='https:\/\/www.supercars.net\/blog\/wp-content\/uploads\/2014\/04\/0433.jpg'><img decoding=\"async\" width=\"920\" height=\"612\" src=\"https:\/\/www.supercars.net\/blog\/wp-content\/uploads\/2014\/04\/0433.jpg\" class=\"attachment-full size-full\" alt=\"\" srcset=\"https:\/\/www.supercars.net\/blog\/wp-content\/uploads\/2014\/04\/0433.jpg 920w, https:\/\/www.supercars.net\/blog\/wp-content\/uploads\/2014\/04\/0433-300x200.jpg 300w, https:\/\/www.supercars.net\/blog\/wp-content\/uploads\/2014\/04\/0433-100x67.jpg 100w, https:\/\/www.supercars.net\/blog\/wp-content\/uploads\/2014\/04\/0433-770x512.jpg 770w, https:\/\/www.supercars.net\/blog\/wp-content\/uploads\/2014\/04\/0433-360x240.jpg 360w, https:\/\/www.supercars.net\/blog\/wp-content\/uploads\/2014\/04\/0433-370x247.jpg 370w, https:\/\/www.supercars.net\/blog\/wp-content\/uploads\/2014\/04\/0433-293x195.jpg 293w\" sizes=\"(max-width: 920px) 100vw, 920px\" \/><\/a>\n\t\t\t\t<\/a>\n            <\/div>\n                <div class='wp-caption-text gallery-caption'>\n                1953 Porsche 356 Coupe Pre-A\n                <\/div><\/figure><figure class='gallery-item'>\n            <div class='gallery-icon landscape'>\n                <a href='https:\/\/www.supercars.net\/blog\/wp-content\/uploads\/2014\/04\/0434.jpg' class='tipi-lightbox'>\n\t\t\t\t<a href='https:\/\/www.supercars.net\/blog\/wp-content\/uploads\/2014\/04\/0434.jpg'><img decoding=\"async\" width=\"920\" height=\"612\" src=\"https:\/\/www.supercars.net\/blog\/wp-content\/uploads\/2014\/04\/0434.jpg\" class=\"attachment-full size-full\" alt=\"\" srcset=\"https:\/\/www.supercars.net\/blog\/wp-content\/uploads\/2014\/04\/0434.jpg 920w, https:\/\/www.supercars.net\/blog\/wp-content\/uploads\/2014\/04\/0434-300x200.jpg 300w, https:\/\/www.supercars.net\/blog\/wp-content\/uploads\/2014\/04\/0434-100x67.jpg 100w, https:\/\/www.supercars.net\/blog\/wp-content\/uploads\/2014\/04\/0434-770x512.jpg 770w, https:\/\/www.supercars.net\/blog\/wp-content\/uploads\/2014\/04\/0434-360x240.jpg 360w, https:\/\/www.supercars.net\/blog\/wp-content\/uploads\/2014\/04\/0434-370x247.jpg 370w, https:\/\/www.supercars.net\/blog\/wp-content\/uploads\/2014\/04\/0434-293x195.jpg 293w\" sizes=\"(max-width: 920px) 100vw, 920px\" \/><\/a>\n\t\t\t\t<\/a>\n            <\/div>\n                <div class='wp-caption-text gallery-caption'>\n                1955 Lancia Aurelia B20 GT\n                <\/div><\/figure><figure class='gallery-item'>\n            <div class='gallery-icon landscape'>\n                <a href='https:\/\/www.supercars.net\/blog\/wp-content\/uploads\/2014\/04\/0435.jpg' class='tipi-lightbox'>\n\t\t\t\t<a href='https:\/\/www.supercars.net\/blog\/wp-content\/uploads\/2014\/04\/0435.jpg'><img decoding=\"async\" width=\"920\" height=\"612\" src=\"https:\/\/www.supercars.net\/blog\/wp-content\/uploads\/2014\/04\/0435.jpg\" class=\"attachment-full size-full\" alt=\"\" srcset=\"https:\/\/www.supercars.net\/blog\/wp-content\/uploads\/2014\/04\/0435.jpg 920w, https:\/\/www.supercars.net\/blog\/wp-content\/uploads\/2014\/04\/0435-300x200.jpg 300w, https:\/\/www.supercars.net\/blog\/wp-content\/uploads\/2014\/04\/0435-100x67.jpg 100w, https:\/\/www.supercars.net\/blog\/wp-content\/uploads\/2014\/04\/0435-770x512.jpg 770w, https:\/\/www.supercars.net\/blog\/wp-content\/uploads\/2014\/04\/0435-360x240.jpg 360w, https:\/\/www.supercars.net\/blog\/wp-content\/uploads\/2014\/04\/0435-370x247.jpg 370w, https:\/\/www.supercars.net\/blog\/wp-content\/uploads\/2014\/04\/0435-293x195.jpg 293w\" sizes=\"(max-width: 920px) 100vw, 920px\" \/><\/a>\n\t\t\t\t<\/a>\n            <\/div>\n                <div class='wp-caption-text gallery-caption'>\n                1953 Jaguar XK120 Roadster\n                <\/div><\/figure><figure class='gallery-item'>\n            <div class='gallery-icon landscape'>\n                <a href='https:\/\/www.supercars.net\/blog\/wp-content\/uploads\/2014\/04\/0436.jpg' class='tipi-lightbox'>\n\t\t\t\t<a href='https:\/\/www.supercars.net\/blog\/wp-content\/uploads\/2014\/04\/0436.jpg'><img decoding=\"async\" width=\"920\" height=\"612\" src=\"https:\/\/www.supercars.net\/blog\/wp-content\/uploads\/2014\/04\/0436.jpg\" class=\"attachment-full size-full\" alt=\"\" srcset=\"https:\/\/www.supercars.net\/blog\/wp-content\/uploads\/2014\/04\/0436.jpg 920w, https:\/\/www.supercars.net\/blog\/wp-content\/uploads\/2014\/04\/0436-300x200.jpg 300w, https:\/\/www.supercars.net\/blog\/wp-content\/uploads\/2014\/04\/0436-100x67.jpg 100w, https:\/\/www.supercars.net\/blog\/wp-content\/uploads\/2014\/04\/0436-770x512.jpg 770w, https:\/\/www.supercars.net\/blog\/wp-content\/uploads\/2014\/04\/0436-360x240.jpg 360w, https:\/\/www.supercars.net\/blog\/wp-content\/uploads\/2014\/04\/0436-370x247.jpg 370w, https:\/\/www.supercars.net\/blog\/wp-content\/uploads\/2014\/04\/0436-293x195.jpg 293w\" sizes=\"(max-width: 920px) 100vw, 920px\" \/><\/a>\n\t\t\t\t<\/a>\n            <\/div>\n                <div class='wp-caption-text gallery-caption'>\n                Tour Auto Rally 2014\n                <\/div><\/figure><figure class='gallery-item'>\n            <div class='gallery-icon landscape'>\n                <a href='https:\/\/www.supercars.net\/blog\/wp-content\/uploads\/2014\/04\/0437.jpg' class='tipi-lightbox'>\n\t\t\t\t<a href='https:\/\/www.supercars.net\/blog\/wp-content\/uploads\/2014\/04\/0437.jpg'><img decoding=\"async\" width=\"920\" height=\"612\" src=\"https:\/\/www.supercars.net\/blog\/wp-content\/uploads\/2014\/04\/0437.jpg\" class=\"attachment-full size-full\" alt=\"\" srcset=\"https:\/\/www.supercars.net\/blog\/wp-content\/uploads\/2014\/04\/0437.jpg 920w, https:\/\/www.supercars.net\/blog\/wp-content\/uploads\/2014\/04\/0437-300x200.jpg 300w, https:\/\/www.supercars.net\/blog\/wp-content\/uploads\/2014\/04\/0437-100x67.jpg 100w, https:\/\/www.supercars.net\/blog\/wp-content\/uploads\/2014\/04\/0437-770x512.jpg 770w, https:\/\/www.supercars.net\/blog\/wp-content\/uploads\/2014\/04\/0437-360x240.jpg 360w, https:\/\/www.supercars.net\/blog\/wp-content\/uploads\/2014\/04\/0437-370x247.jpg 370w, https:\/\/www.supercars.net\/blog\/wp-content\/uploads\/2014\/04\/0437-293x195.jpg 293w\" sizes=\"(max-width: 920px) 100vw, 920px\" \/><\/a>\n\t\t\t\t<\/a>\n            <\/div>\n                <div class='wp-caption-text gallery-caption'>\n                1954 Austin-Healey 100\/4\n                <\/div><\/figure><figure class='gallery-item'>\n            <div class='gallery-icon landscape'>\n                <a href='https:\/\/www.supercars.net\/blog\/wp-content\/uploads\/2014\/04\/0438.jpg' class='tipi-lightbox'>\n\t\t\t\t<a href='https:\/\/www.supercars.net\/blog\/wp-content\/uploads\/2014\/04\/0438.jpg'><img decoding=\"async\" width=\"920\" height=\"612\" src=\"https:\/\/www.supercars.net\/blog\/wp-content\/uploads\/2014\/04\/0438.jpg\" class=\"attachment-full size-full\" alt=\"\" srcset=\"https:\/\/www.supercars.net\/blog\/wp-content\/uploads\/2014\/04\/0438.jpg 920w, https:\/\/www.supercars.net\/blog\/wp-content\/uploads\/2014\/04\/0438-300x200.jpg 300w, https:\/\/www.supercars.net\/blog\/wp-content\/uploads\/2014\/04\/0438-100x67.jpg 100w, https:\/\/www.supercars.net\/blog\/wp-content\/uploads\/2014\/04\/0438-770x512.jpg 770w, https:\/\/www.supercars.net\/blog\/wp-content\/uploads\/2014\/04\/0438-360x240.jpg 360w, https:\/\/www.supercars.net\/blog\/wp-content\/uploads\/2014\/04\/0438-370x247.jpg 370w, https:\/\/www.supercars.net\/blog\/wp-content\/uploads\/2014\/04\/0438-293x195.jpg 293w\" sizes=\"(max-width: 920px) 100vw, 920px\" \/><\/a>\n\t\t\t\t<\/a>\n            <\/div>\n                <div class='wp-caption-text gallery-caption'>\n                Tour Auto Rally 2014\n                <\/div><\/figure><figure class='gallery-item'>\n            <div class='gallery-icon landscape'>\n                <a href='https:\/\/www.supercars.net\/blog\/wp-content\/uploads\/2014\/04\/0439.jpg' class='tipi-lightbox'>\n\t\t\t\t<a href='https:\/\/www.supercars.net\/blog\/wp-content\/uploads\/2014\/04\/0439.jpg'><img decoding=\"async\" width=\"920\" height=\"612\" src=\"https:\/\/www.supercars.net\/blog\/wp-content\/uploads\/2014\/04\/0439.jpg\" class=\"attachment-full size-full\" alt=\"\" srcset=\"https:\/\/www.supercars.net\/blog\/wp-content\/uploads\/2014\/04\/0439.jpg 920w, https:\/\/www.supercars.net\/blog\/wp-content\/uploads\/2014\/04\/0439-300x200.jpg 300w, https:\/\/www.supercars.net\/blog\/wp-content\/uploads\/2014\/04\/0439-100x67.jpg 100w, https:\/\/www.supercars.net\/blog\/wp-content\/uploads\/2014\/04\/0439-770x512.jpg 770w, https:\/\/www.supercars.net\/blog\/wp-content\/uploads\/2014\/04\/0439-360x240.jpg 360w, https:\/\/www.supercars.net\/blog\/wp-content\/uploads\/2014\/04\/0439-370x247.jpg 370w, https:\/\/www.supercars.net\/blog\/wp-content\/uploads\/2014\/04\/0439-293x195.jpg 293w\" sizes=\"(max-width: 920px) 100vw, 920px\" \/><\/a>\n\t\t\t\t<\/a>\n            <\/div>\n                <div class='wp-caption-text gallery-caption'>\n                Traffic on 2014 Tour Auto Rally\n                <\/div><\/figure><figure class='gallery-item'>\n            <div class='gallery-icon landscape'>\n                <a href='https:\/\/www.supercars.net\/blog\/wp-content\/uploads\/2014\/04\/0440.jpg' class='tipi-lightbox'>\n\t\t\t\t<a href='https:\/\/www.supercars.net\/blog\/wp-content\/uploads\/2014\/04\/0440.jpg'><img decoding=\"async\" width=\"920\" height=\"612\" src=\"https:\/\/www.supercars.net\/blog\/wp-content\/uploads\/2014\/04\/0440.jpg\" class=\"attachment-full size-full\" alt=\"\" srcset=\"https:\/\/www.supercars.net\/blog\/wp-content\/uploads\/2014\/04\/0440.jpg 920w, https:\/\/www.supercars.net\/blog\/wp-content\/uploads\/2014\/04\/0440-300x200.jpg 300w, https:\/\/www.supercars.net\/blog\/wp-content\/uploads\/2014\/04\/0440-100x67.jpg 100w, https:\/\/www.supercars.net\/blog\/wp-content\/uploads\/2014\/04\/0440-770x512.jpg 770w, https:\/\/www.supercars.net\/blog\/wp-content\/uploads\/2014\/04\/0440-360x240.jpg 360w, https:\/\/www.supercars.net\/blog\/wp-content\/uploads\/2014\/04\/0440-370x247.jpg 370w, https:\/\/www.supercars.net\/blog\/wp-content\/uploads\/2014\/04\/0440-293x195.jpg 293w\" sizes=\"(max-width: 920px) 100vw, 920px\" \/><\/a>\n\t\t\t\t<\/a>\n            <\/div>\n                <div class='wp-caption-text gallery-caption'>\n                Tour Auto Rally 2014\n                <\/div><\/figure><figure class='gallery-item'>\n            <div class='gallery-icon landscape'>\n                <a href='https:\/\/www.supercars.net\/blog\/wp-content\/uploads\/2014\/04\/0441.jpg' class='tipi-lightbox'>\n\t\t\t\t<a href='https:\/\/www.supercars.net\/blog\/wp-content\/uploads\/2014\/04\/0441.jpg'><img decoding=\"async\" width=\"920\" height=\"612\" src=\"https:\/\/www.supercars.net\/blog\/wp-content\/uploads\/2014\/04\/0441.jpg\" class=\"attachment-full size-full\" alt=\"\" srcset=\"https:\/\/www.supercars.net\/blog\/wp-content\/uploads\/2014\/04\/0441.jpg 920w, https:\/\/www.supercars.net\/blog\/wp-content\/uploads\/2014\/04\/0441-300x200.jpg 300w, https:\/\/www.supercars.net\/blog\/wp-content\/uploads\/2014\/04\/0441-100x67.jpg 100w, https:\/\/www.supercars.net\/blog\/wp-content\/uploads\/2014\/04\/0441-770x512.jpg 770w, https:\/\/www.supercars.net\/blog\/wp-content\/uploads\/2014\/04\/0441-360x240.jpg 360w, https:\/\/www.supercars.net\/blog\/wp-content\/uploads\/2014\/04\/0441-370x247.jpg 370w, https:\/\/www.supercars.net\/blog\/wp-content\/uploads\/2014\/04\/0441-293x195.jpg 293w\" sizes=\"(max-width: 920px) 100vw, 920px\" \/><\/a>\n\t\t\t\t<\/a>\n            <\/div>\n                <div class='wp-caption-text gallery-caption'>\n                1968 Austin Mini Cooper S 1300\n                <\/div><\/figure><figure class='gallery-item'>\n            <div class='gallery-icon landscape'>\n                <a href='https:\/\/www.supercars.net\/blog\/wp-content\/uploads\/2014\/04\/0442.jpg' class='tipi-lightbox'>\n\t\t\t\t<a href='https:\/\/www.supercars.net\/blog\/wp-content\/uploads\/2014\/04\/0442.jpg'><img decoding=\"async\" width=\"920\" height=\"612\" src=\"https:\/\/www.supercars.net\/blog\/wp-content\/uploads\/2014\/04\/0442.jpg\" class=\"attachment-full size-full\" alt=\"\" srcset=\"https:\/\/www.supercars.net\/blog\/wp-content\/uploads\/2014\/04\/0442.jpg 920w, https:\/\/www.supercars.net\/blog\/wp-content\/uploads\/2014\/04\/0442-300x200.jpg 300w, https:\/\/www.supercars.net\/blog\/wp-content\/uploads\/2014\/04\/0442-100x67.jpg 100w, https:\/\/www.supercars.net\/blog\/wp-content\/uploads\/2014\/04\/0442-770x512.jpg 770w, https:\/\/www.supercars.net\/blog\/wp-content\/uploads\/2014\/04\/0442-360x240.jpg 360w, https:\/\/www.supercars.net\/blog\/wp-content\/uploads\/2014\/04\/0442-370x247.jpg 370w, https:\/\/www.supercars.net\/blog\/wp-content\/uploads\/2014\/04\/0442-293x195.jpg 293w\" sizes=\"(max-width: 920px) 100vw, 920px\" \/><\/a>\n\t\t\t\t<\/a>\n            <\/div>\n                <div class='wp-caption-text gallery-caption'>\n                Tour Auto Rally 2014\n                <\/div><\/figure><figure class='gallery-item'>\n            <div class='gallery-icon landscape'>\n                <a href='https:\/\/www.supercars.net\/blog\/wp-content\/uploads\/2014\/04\/0443.jpg' class='tipi-lightbox'>\n\t\t\t\t<a href='https:\/\/www.supercars.net\/blog\/wp-content\/uploads\/2014\/04\/0443.jpg'><img decoding=\"async\" width=\"920\" height=\"612\" src=\"https:\/\/www.supercars.net\/blog\/wp-content\/uploads\/2014\/04\/0443.jpg\" class=\"attachment-full size-full\" alt=\"\" srcset=\"https:\/\/www.supercars.net\/blog\/wp-content\/uploads\/2014\/04\/0443.jpg 920w, https:\/\/www.supercars.net\/blog\/wp-content\/uploads\/2014\/04\/0443-300x200.jpg 300w, https:\/\/www.supercars.net\/blog\/wp-content\/uploads\/2014\/04\/0443-100x67.jpg 100w, https:\/\/www.supercars.net\/blog\/wp-content\/uploads\/2014\/04\/0443-770x512.jpg 770w, https:\/\/www.supercars.net\/blog\/wp-content\/uploads\/2014\/04\/0443-360x240.jpg 360w, https:\/\/www.supercars.net\/blog\/wp-content\/uploads\/2014\/04\/0443-370x247.jpg 370w, https:\/\/www.supercars.net\/blog\/wp-content\/uploads\/2014\/04\/0443-293x195.jpg 293w\" sizes=\"(max-width: 920px) 100vw, 920px\" \/><\/a>\n\t\t\t\t<\/a>\n            <\/div>\n                <div class='wp-caption-text gallery-caption'>\n                1959 MG A\n                <\/div><\/figure><figure class='gallery-item'>\n            <div class='gallery-icon landscape'>\n                <a href='https:\/\/www.supercars.net\/blog\/wp-content\/uploads\/2014\/04\/0444.jpg' class='tipi-lightbox'>\n\t\t\t\t<a href='https:\/\/www.supercars.net\/blog\/wp-content\/uploads\/2014\/04\/0444.jpg'><img decoding=\"async\" width=\"920\" height=\"612\" src=\"https:\/\/www.supercars.net\/blog\/wp-content\/uploads\/2014\/04\/0444.jpg\" class=\"attachment-full size-full\" alt=\"\" srcset=\"https:\/\/www.supercars.net\/blog\/wp-content\/uploads\/2014\/04\/0444.jpg 920w, https:\/\/www.supercars.net\/blog\/wp-content\/uploads\/2014\/04\/0444-300x200.jpg 300w, https:\/\/www.supercars.net\/blog\/wp-content\/uploads\/2014\/04\/0444-100x67.jpg 100w, https:\/\/www.supercars.net\/blog\/wp-content\/uploads\/2014\/04\/0444-770x512.jpg 770w, https:\/\/www.supercars.net\/blog\/wp-content\/uploads\/2014\/04\/0444-360x240.jpg 360w, https:\/\/www.supercars.net\/blog\/wp-content\/uploads\/2014\/04\/0444-370x247.jpg 370w, https:\/\/www.supercars.net\/blog\/wp-content\/uploads\/2014\/04\/0444-293x195.jpg 293w\" sizes=\"(max-width: 920px) 100vw, 920px\" \/><\/a>\n\t\t\t\t<\/a>\n            <\/div>\n                <div class='wp-caption-text gallery-caption'>\n                Tour Auto Rally 2014\n                <\/div><\/figure><figure class='gallery-item'>\n            <div class='gallery-icon landscape'>\n                <a href='https:\/\/www.supercars.net\/blog\/wp-content\/uploads\/2014\/04\/0445.jpg' class='tipi-lightbox'>\n\t\t\t\t<a href='https:\/\/www.supercars.net\/blog\/wp-content\/uploads\/2014\/04\/0445.jpg'><img decoding=\"async\" width=\"920\" height=\"612\" src=\"https:\/\/www.supercars.net\/blog\/wp-content\/uploads\/2014\/04\/0445.jpg\" class=\"attachment-full size-full\" alt=\"\" srcset=\"https:\/\/www.supercars.net\/blog\/wp-content\/uploads\/2014\/04\/0445.jpg 920w, https:\/\/www.supercars.net\/blog\/wp-content\/uploads\/2014\/04\/0445-300x200.jpg 300w, https:\/\/www.supercars.net\/blog\/wp-content\/uploads\/2014\/04\/0445-100x67.jpg 100w, https:\/\/www.supercars.net\/blog\/wp-content\/uploads\/2014\/04\/0445-770x512.jpg 770w, https:\/\/www.supercars.net\/blog\/wp-content\/uploads\/2014\/04\/0445-360x240.jpg 360w, https:\/\/www.supercars.net\/blog\/wp-content\/uploads\/2014\/04\/0445-370x247.jpg 370w, https:\/\/www.supercars.net\/blog\/wp-content\/uploads\/2014\/04\/0445-293x195.jpg 293w\" sizes=\"(max-width: 920px) 100vw, 920px\" \/><\/a>\n\t\t\t\t<\/a>\n            <\/div>\n                <div class='wp-caption-text gallery-caption'>\n                1959 MG A\n                <\/div><\/figure><figure class='gallery-item'>\n            <div class='gallery-icon landscape'>\n                <a href='https:\/\/www.supercars.net\/blog\/wp-content\/uploads\/2014\/04\/0446.jpg' class='tipi-lightbox'>\n\t\t\t\t<a href='https:\/\/www.supercars.net\/blog\/wp-content\/uploads\/2014\/04\/0446.jpg'><img decoding=\"async\" width=\"920\" height=\"612\" src=\"https:\/\/www.supercars.net\/blog\/wp-content\/uploads\/2014\/04\/0446.jpg\" class=\"attachment-full size-full\" alt=\"\" srcset=\"https:\/\/www.supercars.net\/blog\/wp-content\/uploads\/2014\/04\/0446.jpg 920w, https:\/\/www.supercars.net\/blog\/wp-content\/uploads\/2014\/04\/0446-300x200.jpg 300w, https:\/\/www.supercars.net\/blog\/wp-content\/uploads\/2014\/04\/0446-100x67.jpg 100w, https:\/\/www.supercars.net\/blog\/wp-content\/uploads\/2014\/04\/0446-770x512.jpg 770w, https:\/\/www.supercars.net\/blog\/wp-content\/uploads\/2014\/04\/0446-360x240.jpg 360w, https:\/\/www.supercars.net\/blog\/wp-content\/uploads\/2014\/04\/0446-370x247.jpg 370w, https:\/\/www.supercars.net\/blog\/wp-content\/uploads\/2014\/04\/0446-293x195.jpg 293w\" sizes=\"(max-width: 920px) 100vw, 920px\" \/><\/a>\n\t\t\t\t<\/a>\n            <\/div>\n                <div class='wp-caption-text gallery-caption'>\n                1960 Lotus Elite\n                <\/div><\/figure><figure class='gallery-item'>\n            <div class='gallery-icon landscape'>\n                <a href='https:\/\/www.supercars.net\/blog\/wp-content\/uploads\/2014\/04\/0447.jpg' class='tipi-lightbox'>\n\t\t\t\t<a href='https:\/\/www.supercars.net\/blog\/wp-content\/uploads\/2014\/04\/0447.jpg'><img decoding=\"async\" width=\"920\" height=\"612\" src=\"https:\/\/www.supercars.net\/blog\/wp-content\/uploads\/2014\/04\/0447.jpg\" class=\"attachment-full size-full\" alt=\"\" srcset=\"https:\/\/www.supercars.net\/blog\/wp-content\/uploads\/2014\/04\/0447.jpg 920w, https:\/\/www.supercars.net\/blog\/wp-content\/uploads\/2014\/04\/0447-300x200.jpg 300w, https:\/\/www.supercars.net\/blog\/wp-content\/uploads\/2014\/04\/0447-100x67.jpg 100w, https:\/\/www.supercars.net\/blog\/wp-content\/uploads\/2014\/04\/0447-770x512.jpg 770w, https:\/\/www.supercars.net\/blog\/wp-content\/uploads\/2014\/04\/0447-360x240.jpg 360w, https:\/\/www.supercars.net\/blog\/wp-content\/uploads\/2014\/04\/0447-370x247.jpg 370w, https:\/\/www.supercars.net\/blog\/wp-content\/uploads\/2014\/04\/0447-293x195.jpg 293w\" sizes=\"(max-width: 920px) 100vw, 920px\" \/><\/a>\n\t\t\t\t<\/a>\n            <\/div>\n                <div class='wp-caption-text gallery-caption'>\n                1958 Jaguar MK I\n                <\/div><\/figure><figure class='gallery-item'>\n            <div class='gallery-icon landscape'>\n                <a href='https:\/\/www.supercars.net\/blog\/wp-content\/uploads\/2014\/04\/0448.jpg' class='tipi-lightbox'>\n\t\t\t\t<a href='https:\/\/www.supercars.net\/blog\/wp-content\/uploads\/2014\/04\/0448.jpg'><img decoding=\"async\" width=\"920\" height=\"612\" src=\"https:\/\/www.supercars.net\/blog\/wp-content\/uploads\/2014\/04\/0448.jpg\" class=\"attachment-full size-full\" alt=\"\" srcset=\"https:\/\/www.supercars.net\/blog\/wp-content\/uploads\/2014\/04\/0448.jpg 920w, https:\/\/www.supercars.net\/blog\/wp-content\/uploads\/2014\/04\/0448-300x200.jpg 300w, https:\/\/www.supercars.net\/blog\/wp-content\/uploads\/2014\/04\/0448-100x67.jpg 100w, https:\/\/www.supercars.net\/blog\/wp-content\/uploads\/2014\/04\/0448-770x512.jpg 770w, https:\/\/www.supercars.net\/blog\/wp-content\/uploads\/2014\/04\/0448-360x240.jpg 360w, https:\/\/www.supercars.net\/blog\/wp-content\/uploads\/2014\/04\/0448-370x247.jpg 370w, https:\/\/www.supercars.net\/blog\/wp-content\/uploads\/2014\/04\/0448-293x195.jpg 293w\" sizes=\"(max-width: 920px) 100vw, 920px\" \/><\/a>\n\t\t\t\t<\/a>\n            <\/div>\n                <div class='wp-caption-text gallery-caption'>\n                Tour Auto Rally 2014\n                <\/div><\/figure><figure class='gallery-item'>\n            <div class='gallery-icon landscape'>\n                <a href='https:\/\/www.supercars.net\/blog\/wp-content\/uploads\/2014\/04\/0449.jpg' class='tipi-lightbox'>\n\t\t\t\t<a href='https:\/\/www.supercars.net\/blog\/wp-content\/uploads\/2014\/04\/0449.jpg'><img decoding=\"async\" width=\"920\" height=\"612\" src=\"https:\/\/www.supercars.net\/blog\/wp-content\/uploads\/2014\/04\/0449.jpg\" class=\"attachment-full size-full\" alt=\"\" srcset=\"https:\/\/www.supercars.net\/blog\/wp-content\/uploads\/2014\/04\/0449.jpg 920w, https:\/\/www.supercars.net\/blog\/wp-content\/uploads\/2014\/04\/0449-300x200.jpg 300w, https:\/\/www.supercars.net\/blog\/wp-content\/uploads\/2014\/04\/0449-100x67.jpg 100w, https:\/\/www.supercars.net\/blog\/wp-content\/uploads\/2014\/04\/0449-770x512.jpg 770w, https:\/\/www.supercars.net\/blog\/wp-content\/uploads\/2014\/04\/0449-360x240.jpg 360w, https:\/\/www.supercars.net\/blog\/wp-content\/uploads\/2014\/04\/0449-370x247.jpg 370w, https:\/\/www.supercars.net\/blog\/wp-content\/uploads\/2014\/04\/0449-293x195.jpg 293w\" sizes=\"(max-width: 920px) 100vw, 920px\" \/><\/a>\n\t\t\t\t<\/a>\n            <\/div>\n                <div class='wp-caption-text gallery-caption'>\n                1955 Mercedes-Benz 300 SL Gullwing\n                <\/div><\/figure><figure class='gallery-item'>\n            <div class='gallery-icon landscape'>\n                <a href='https:\/\/www.supercars.net\/blog\/wp-content\/uploads\/2014\/04\/0450.jpg' class='tipi-lightbox'>\n\t\t\t\t<a href='https:\/\/www.supercars.net\/blog\/wp-content\/uploads\/2014\/04\/0450.jpg'><img decoding=\"async\" width=\"920\" height=\"612\" src=\"https:\/\/www.supercars.net\/blog\/wp-content\/uploads\/2014\/04\/0450.jpg\" class=\"attachment-full size-full\" alt=\"\" srcset=\"https:\/\/www.supercars.net\/blog\/wp-content\/uploads\/2014\/04\/0450.jpg 920w, https:\/\/www.supercars.net\/blog\/wp-content\/uploads\/2014\/04\/0450-300x200.jpg 300w, https:\/\/www.supercars.net\/blog\/wp-content\/uploads\/2014\/04\/0450-100x67.jpg 100w, https:\/\/www.supercars.net\/blog\/wp-content\/uploads\/2014\/04\/0450-770x512.jpg 770w, https:\/\/www.supercars.net\/blog\/wp-content\/uploads\/2014\/04\/0450-360x240.jpg 360w, https:\/\/www.supercars.net\/blog\/wp-content\/uploads\/2014\/04\/0450-370x247.jpg 370w, https:\/\/www.supercars.net\/blog\/wp-content\/uploads\/2014\/04\/0450-293x195.jpg 293w\" sizes=\"(max-width: 920px) 100vw, 920px\" \/><\/a>\n\t\t\t\t<\/a>\n            <\/div>\n                <div class='wp-caption-text gallery-caption'>\n                Tour Auto Rally 2014\n                <\/div><\/figure>\n<p><strong>Overall Competition Class Results<\/strong><br \/>\n1. 1963 AC Cobra 289, Lynn \/ Kivlochan<br \/>\n2. 1964 Jaguar E-Type, Lajournade \/ Bouchet<br \/>\n3. 1963 Jaguar E-Type, Payen \/ Couedel<\/p>\n<p><strong>G\/H\/I Competition Class Results<\/strong><br \/>\n1. 1966 Porsche 906, Rocher \/ Penillard<br \/>\n2. 1967 Ford GT40, Vandromme \/ Vivier<br \/>\n3. 1970 Porsche 914\/6 GT, Barthe \/ Spirgi<\/p>\n<p><strong>Regularity Class Results<\/strong><br \/>\n1. 1970 Alpine A110 1600 S, Meylan \/ Stervinou<br \/>\n2. 1971 Alpine A110 1600 S, Ragues \/ Ragues<br \/>\n3. 1964 Porsche 356C, Plantavin \/ Rouge<\/p>\n<p><strong>Performance Index Class Results<\/strong><br \/>\n1. 1959 Jaguar MkI, Le Gloahec-Henanff \/ Brasseur<br \/>\n2. 1954 Porsche 356 A 1500 Carrera GT Speedster, Tourneur \/ Fiat<br \/>\n3. 1960 Lotus Elite, Couraudon \/ Couraudon<\/p>\n<p>[Source: Peter Auto; photos: Julien Mahiels]<\/p>\n","protected":false},"excerpt":{"rendered":"<p>The Tour Auto Rally 2014 was held April 7-12 on the secondary roads and race circuits of France. Since 1992, the retrospective of the Tour de France Automobile race followed the French secondary roads along a handpicked itinerary. Renewed each year, the route for the 2014 Tour Auto Optic 2ooo was concentrated to the east of France. After the traditional start in the Grand Palais, in which the cars were displayed for Parisian enthusiasts, the rally followed a unique course [&hellip;]<\/p>\n","protected":false},"author":125,"featured_media":747563,"comment_status":"open","ping_status":"open","sticky":false,"template":"","format":"standard","meta":{"footnotes":""},"categories":[260,13063],"tags":[432,15234,17718],"class_list":["post-370553","post","type-post","status-publish","format-standard","has-post-thumbnail","hentry","category-car-events","category-vintage-car-racing","tag-events","tag-events-vintage-racing","tag-vintage-race-tour-auto"],"yoast_head":"<!-- This site is optimized with the Yoast SEO plugin v28.4 - https:\/\/yoast.com\/product\/yoast-seo-wordpress\/ -->\n<title>Tour Auto Rally 2014 - Photo Gallery, Results, Report<\/title>\n<meta name=\"description\" content=\"Photo gallery, rally results and race report from the 2014 Tour Auto Rally, held 7-12 April on the back roads and race tracks of France.\" \/>\n<meta name=\"robots\" content=\"index, follow, max-snippet:-1, max-image-preview:large, max-video-preview:-1\" \/>\n<link rel=\"canonical\" href=\"https:\/\/www.supercars.net\/blog\/tour-auto-rally-2014-report-photos\/\" \/>\n<meta property=\"og:locale\" content=\"en_US\" \/>\n<meta property=\"og:type\" content=\"article\" \/>\n<meta property=\"og:title\" content=\"Tour Auto Rally 2014 - Photo Gallery, Results, Report\" \/>\n<meta property=\"og:description\" content=\"Photo gallery, rally results and race report from the 2014 Tour Auto Rally, held 7-12 April on the back roads and race tracks of France.\" \/>\n<meta property=\"og:url\" content=\"https:\/\/www.supercars.net\/blog\/tour-auto-rally-2014-report-photos\/\" \/>\n<meta property=\"og:site_name\" content=\"Supercars.net\" \/>\n<meta property=\"article:publisher\" content=\"https:\/\/www.facebook.com\/Supercars.net\/\" \/>\n<meta property=\"article:published_time\" content=\"2014-04-14T15:30:35+00:00\" \/>\n<meta property=\"article:modified_time\" content=\"2024-01-03T16:06:16+00:00\" \/>\n<meta property=\"og:image\" content=\"https:\/\/www.supercars.net\/blog\/wp-content\/uploads\/2014\/04\/2014-Tour-Auto-Rally-OSCA-1080x632-1.jpg\" \/>\n\t<meta property=\"og:image:width\" content=\"1080\" \/>\n\t<meta property=\"og:image:height\" content=\"632\" \/>\n\t<meta property=\"og:image:type\" content=\"image\/jpeg\" \/>\n<meta name=\"author\" content=\"Julien Mahiels\" \/>\n<meta name=\"twitter:card\" content=\"summary_large_image\" \/>\n<meta name=\"twitter:creator\" content=\"@supercars_net\" \/>\n<meta name=\"twitter:site\" content=\"@supercars_net\" \/>\n<meta name=\"twitter:label1\" content=\"Written by\" \/>\n\t<meta name=\"twitter:data1\" content=\"Julien Mahiels\" \/>\n\t<meta name=\"twitter:label2\" content=\"Est. reading time\" \/>\n\t<meta name=\"twitter:data2\" content=\"36 minutes\" \/>\n<script type=\"application\/ld+json\" class=\"yoast-schema-graph\">{\"@context\":\"https:\\\/\\\/schema.org\",\"@graph\":[{\"@type\":\"Article\",\"@id\":\"https:\\\/\\\/www.supercars.net\\\/blog\\\/tour-auto-rally-2014-report-photos\\\/#article\",\"isPartOf\":{\"@id\":\"https:\\\/\\\/www.supercars.net\\\/blog\\\/tour-auto-rally-2014-report-photos\\\/\"},\"author\":{\"name\":\"Julien Mahiels\",\"@id\":\"https:\\\/\\\/www.supercars.net\\\/blog\\\/#\\\/schema\\\/person\\\/434d7747ab941c88aca6a233b03057d0\"},\"headline\":\"Tour Auto (2014) &#8211; Recap &#038; Photo Gallery\",\"datePublished\":\"2014-04-14T15:30:35+00:00\",\"dateModified\":\"2024-01-03T16:06:16+00:00\",\"mainEntityOfPage\":{\"@id\":\"https:\\\/\\\/www.supercars.net\\\/blog\\\/tour-auto-rally-2014-report-photos\\\/\"},\"wordCount\":2013,\"commentCount\":15,\"image\":{\"@id\":\"https:\\\/\\\/www.supercars.net\\\/blog\\\/tour-auto-rally-2014-report-photos\\\/#primaryimage\"},\"thumbnailUrl\":\"https:\\\/\\\/www.supercars.net\\\/blog\\\/wp-content\\\/uploads\\\/2014\\\/04\\\/2014-Tour-Auto-Rally-OSCA-1080x632-1.jpg\",\"keywords\":[\"Event (Car Events &amp; Shows)\",\"Event (Vintage Races)\",\"Vintage Race (Tour Auto)\"],\"articleSection\":[\"Car Events &amp; Shows\",\"Vintage Races &amp; Rallies\"],\"inLanguage\":\"en-US\",\"potentialAction\":[{\"@type\":\"CommentAction\",\"name\":\"Comment\",\"target\":[\"https:\\\/\\\/www.supercars.net\\\/blog\\\/tour-auto-rally-2014-report-photos\\\/#respond\"]}]},{\"@type\":\"WebPage\",\"@id\":\"https:\\\/\\\/www.supercars.net\\\/blog\\\/tour-auto-rally-2014-report-photos\\\/\",\"url\":\"https:\\\/\\\/www.supercars.net\\\/blog\\\/tour-auto-rally-2014-report-photos\\\/\",\"name\":\"Tour Auto Rally 2014 - Photo Gallery, Results, Report\",\"isPartOf\":{\"@id\":\"https:\\\/\\\/www.supercars.net\\\/blog\\\/#website\"},\"primaryImageOfPage\":{\"@id\":\"https:\\\/\\\/www.supercars.net\\\/blog\\\/tour-auto-rally-2014-report-photos\\\/#primaryimage\"},\"image\":{\"@id\":\"https:\\\/\\\/www.supercars.net\\\/blog\\\/tour-auto-rally-2014-report-photos\\\/#primaryimage\"},\"thumbnailUrl\":\"https:\\\/\\\/www.supercars.net\\\/blog\\\/wp-content\\\/uploads\\\/2014\\\/04\\\/2014-Tour-Auto-Rally-OSCA-1080x632-1.jpg\",\"datePublished\":\"2014-04-14T15:30:35+00:00\",\"dateModified\":\"2024-01-03T16:06:16+00:00\",\"author\":{\"@id\":\"https:\\\/\\\/www.supercars.net\\\/blog\\\/#\\\/schema\\\/person\\\/434d7747ab941c88aca6a233b03057d0\"},\"description\":\"Photo gallery, rally results and race report from the 2014 Tour Auto Rally, held 7-12 April on the back roads and race tracks of France.\",\"breadcrumb\":{\"@id\":\"https:\\\/\\\/www.supercars.net\\\/blog\\\/tour-auto-rally-2014-report-photos\\\/#breadcrumb\"},\"inLanguage\":\"en-US\",\"potentialAction\":[{\"@type\":\"ReadAction\",\"target\":[\"https:\\\/\\\/www.supercars.net\\\/blog\\\/tour-auto-rally-2014-report-photos\\\/\"]}]},{\"@type\":\"ImageObject\",\"inLanguage\":\"en-US\",\"@id\":\"https:\\\/\\\/www.supercars.net\\\/blog\\\/tour-auto-rally-2014-report-photos\\\/#primaryimage\",\"url\":\"https:\\\/\\\/www.supercars.net\\\/blog\\\/wp-content\\\/uploads\\\/2014\\\/04\\\/2014-Tour-Auto-Rally-OSCA-1080x632-1.jpg\",\"contentUrl\":\"https:\\\/\\\/www.supercars.net\\\/blog\\\/wp-content\\\/uploads\\\/2014\\\/04\\\/2014-Tour-Auto-Rally-OSCA-1080x632-1.jpg\",\"width\":1080,\"height\":632},{\"@type\":\"BreadcrumbList\",\"@id\":\"https:\\\/\\\/www.supercars.net\\\/blog\\\/tour-auto-rally-2014-report-photos\\\/#breadcrumb\",\"itemListElement\":[{\"@type\":\"ListItem\",\"position\":1,\"name\":\"Home\",\"item\":\"https:\\\/\\\/www.supercars.net\\\/blog\\\/\"},{\"@type\":\"ListItem\",\"position\":2,\"name\":\"Tour Auto (2014) &#8211; Recap &#038; Photo Gallery\"}]},{\"@type\":\"WebSite\",\"@id\":\"https:\\\/\\\/www.supercars.net\\\/blog\\\/#website\",\"url\":\"https:\\\/\\\/www.supercars.net\\\/blog\\\/\",\"name\":\"Supercars.net\",\"description\":\"Exotic and Supercar news, information, pictures and videos\",\"potentialAction\":[{\"@type\":\"SearchAction\",\"target\":{\"@type\":\"EntryPoint\",\"urlTemplate\":\"https:\\\/\\\/www.supercars.net\\\/blog\\\/?s={search_term_string}\"},\"query-input\":{\"@type\":\"PropertyValueSpecification\",\"valueRequired\":true,\"valueName\":\"search_term_string\"}}],\"inLanguage\":\"en-US\"},{\"@type\":\"Person\",\"@id\":\"https:\\\/\\\/www.supercars.net\\\/blog\\\/#\\\/schema\\\/person\\\/434d7747ab941c88aca6a233b03057d0\",\"name\":\"Julien Mahiels\",\"image\":{\"@type\":\"ImageObject\",\"inLanguage\":\"en-US\",\"@id\":\"https:\\\/\\\/www.supercars.net\\\/blog\\\/wp-content\\\/uploads\\\/2023\\\/10\\\/Julien-Mahiels-100x100.jpeg\",\"url\":\"https:\\\/\\\/www.supercars.net\\\/blog\\\/wp-content\\\/uploads\\\/2023\\\/10\\\/Julien-Mahiels-100x100.jpeg\",\"contentUrl\":\"https:\\\/\\\/www.supercars.net\\\/blog\\\/wp-content\\\/uploads\\\/2023\\\/10\\\/Julien-Mahiels-100x100.jpeg\",\"caption\":\"Julien Mahiels\"},\"description\":\"Julien Mahiels is a freelance sport photographer living in Brussels. Inheriting the photo virus from his mother and the motorsport one from his father, he has spent the past seven years combining these passions by capturing the essence of speed and motion. Julien has worked for many automotive firms and publications. Besides photography, he is a freelance graphic designer working in event management and brand activation. To see more, visit julienmahiels.net. To purchase any prints or digital files, contact Julien at julien.mahiels@gmail.com or via his website.\",\"sameAs\":[\"https:\\\/\\\/www.instagram.com\\\/julien_mahiels\\\/?hl=en\",\"https:\\\/\\\/www.linkedin.com\\\/in\\\/julien-mahiels-4366b321\\\/?originalSubdomain=be\"],\"url\":\"https:\\\/\\\/www.supercars.net\\\/blog\\\/author\\\/julien-mahiels\\\/\"}]}<\/script>\n<!-- \/ Yoast SEO plugin. -->","yoast_head_json":{"title":"Tour Auto Rally 2014 - Photo Gallery, Results, Report","description":"Photo gallery, rally results and race report from the 2014 Tour Auto Rally, held 7-12 April on the back roads and race tracks of France.","robots":{"index":"index","follow":"follow","max-snippet":"max-snippet:-1","max-image-preview":"max-image-preview:large","max-video-preview":"max-video-preview:-1"},"canonical":"https:\/\/www.supercars.net\/blog\/tour-auto-rally-2014-report-photos\/","og_locale":"en_US","og_type":"article","og_title":"Tour Auto Rally 2014 - Photo Gallery, Results, Report","og_description":"Photo gallery, rally results and race report from the 2014 Tour Auto Rally, held 7-12 April on the back roads and race tracks of France.","og_url":"https:\/\/www.supercars.net\/blog\/tour-auto-rally-2014-report-photos\/","og_site_name":"Supercars.net","article_publisher":"https:\/\/www.facebook.com\/Supercars.net\/","article_published_time":"2014-04-14T15:30:35+00:00","article_modified_time":"2024-01-03T16:06:16+00:00","og_image":[{"width":1080,"height":632,"url":"https:\/\/www.supercars.net\/blog\/wp-content\/uploads\/2014\/04\/2014-Tour-Auto-Rally-OSCA-1080x632-1.jpg","type":"image\/jpeg"}],"author":"Julien Mahiels","twitter_card":"summary_large_image","twitter_creator":"@supercars_net","twitter_site":"@supercars_net","twitter_misc":{"Written by":"Julien Mahiels","Est. reading time":"36 minutes"},"schema":{"@context":"https:\/\/schema.org","@graph":[{"@type":"Article","@id":"https:\/\/www.supercars.net\/blog\/tour-auto-rally-2014-report-photos\/#article","isPartOf":{"@id":"https:\/\/www.supercars.net\/blog\/tour-auto-rally-2014-report-photos\/"},"author":{"name":"Julien Mahiels","@id":"https:\/\/www.supercars.net\/blog\/#\/schema\/person\/434d7747ab941c88aca6a233b03057d0"},"headline":"Tour Auto (2014) &#8211; Recap &#038; Photo Gallery","datePublished":"2014-04-14T15:30:35+00:00","dateModified":"2024-01-03T16:06:16+00:00","mainEntityOfPage":{"@id":"https:\/\/www.supercars.net\/blog\/tour-auto-rally-2014-report-photos\/"},"wordCount":2013,"commentCount":15,"image":{"@id":"https:\/\/www.supercars.net\/blog\/tour-auto-rally-2014-report-photos\/#primaryimage"},"thumbnailUrl":"https:\/\/www.supercars.net\/blog\/wp-content\/uploads\/2014\/04\/2014-Tour-Auto-Rally-OSCA-1080x632-1.jpg","keywords":["Event (Car Events &amp; Shows)","Event (Vintage Races)","Vintage Race (Tour Auto)"],"articleSection":["Car Events &amp; Shows","Vintage Races &amp; Rallies"],"inLanguage":"en-US","potentialAction":[{"@type":"CommentAction","name":"Comment","target":["https:\/\/www.supercars.net\/blog\/tour-auto-rally-2014-report-photos\/#respond"]}]},{"@type":"WebPage","@id":"https:\/\/www.supercars.net\/blog\/tour-auto-rally-2014-report-photos\/","url":"https:\/\/www.supercars.net\/blog\/tour-auto-rally-2014-report-photos\/","name":"Tour Auto Rally 2014 - Photo Gallery, Results, Report","isPartOf":{"@id":"https:\/\/www.supercars.net\/blog\/#website"},"primaryImageOfPage":{"@id":"https:\/\/www.supercars.net\/blog\/tour-auto-rally-2014-report-photos\/#primaryimage"},"image":{"@id":"https:\/\/www.supercars.net\/blog\/tour-auto-rally-2014-report-photos\/#primaryimage"},"thumbnailUrl":"https:\/\/www.supercars.net\/blog\/wp-content\/uploads\/2014\/04\/2014-Tour-Auto-Rally-OSCA-1080x632-1.jpg","datePublished":"2014-04-14T15:30:35+00:00","dateModified":"2024-01-03T16:06:16+00:00","author":{"@id":"https:\/\/www.supercars.net\/blog\/#\/schema\/person\/434d7747ab941c88aca6a233b03057d0"},"description":"Photo gallery, rally results and race report from the 2014 Tour Auto Rally, held 7-12 April on the back roads and race tracks of France.","breadcrumb":{"@id":"https:\/\/www.supercars.net\/blog\/tour-auto-rally-2014-report-photos\/#breadcrumb"},"inLanguage":"en-US","potentialAction":[{"@type":"ReadAction","target":["https:\/\/www.supercars.net\/blog\/tour-auto-rally-2014-report-photos\/"]}]},{"@type":"ImageObject","inLanguage":"en-US","@id":"https:\/\/www.supercars.net\/blog\/tour-auto-rally-2014-report-photos\/#primaryimage","url":"https:\/\/www.supercars.net\/blog\/wp-content\/uploads\/2014\/04\/2014-Tour-Auto-Rally-OSCA-1080x632-1.jpg","contentUrl":"https:\/\/www.supercars.net\/blog\/wp-content\/uploads\/2014\/04\/2014-Tour-Auto-Rally-OSCA-1080x632-1.jpg","width":1080,"height":632},{"@type":"BreadcrumbList","@id":"https:\/\/www.supercars.net\/blog\/tour-auto-rally-2014-report-photos\/#breadcrumb","itemListElement":[{"@type":"ListItem","position":1,"name":"Home","item":"https:\/\/www.supercars.net\/blog\/"},{"@type":"ListItem","position":2,"name":"Tour Auto (2014) &#8211; Recap &#038; Photo Gallery"}]},{"@type":"WebSite","@id":"https:\/\/www.supercars.net\/blog\/#website","url":"https:\/\/www.supercars.net\/blog\/","name":"Supercars.net","description":"Exotic and Supercar news, information, pictures and videos","potentialAction":[{"@type":"SearchAction","target":{"@type":"EntryPoint","urlTemplate":"https:\/\/www.supercars.net\/blog\/?s={search_term_string}"},"query-input":{"@type":"PropertyValueSpecification","valueRequired":true,"valueName":"search_term_string"}}],"inLanguage":"en-US"},{"@type":"Person","@id":"https:\/\/www.supercars.net\/blog\/#\/schema\/person\/434d7747ab941c88aca6a233b03057d0","name":"Julien Mahiels","image":{"@type":"ImageObject","inLanguage":"en-US","@id":"https:\/\/www.supercars.net\/blog\/wp-content\/uploads\/2023\/10\/Julien-Mahiels-100x100.jpeg","url":"https:\/\/www.supercars.net\/blog\/wp-content\/uploads\/2023\/10\/Julien-Mahiels-100x100.jpeg","contentUrl":"https:\/\/www.supercars.net\/blog\/wp-content\/uploads\/2023\/10\/Julien-Mahiels-100x100.jpeg","caption":"Julien Mahiels"},"description":"Julien Mahiels is a freelance sport photographer living in Brussels. Inheriting the photo virus from his mother and the motorsport one from his father, he has spent the past seven years combining these passions by capturing the essence of speed and motion. Julien has worked for many automotive firms and publications. Besides photography, he is a freelance graphic designer working in event management and brand activation. To see more, visit julienmahiels.net. To purchase any prints or digital files, contact Julien at julien.mahiels@gmail.com or via his website.","sameAs":["https:\/\/www.instagram.com\/julien_mahiels\/?hl=en","https:\/\/www.linkedin.com\/in\/julien-mahiels-4366b321\/?originalSubdomain=be"],"url":"https:\/\/www.supercars.net\/blog\/author\/julien-mahiels\/"}]}},"_links":{"self":[{"href":"https:\/\/www.supercars.net\/blog\/wp-json\/wp\/v2\/posts\/370553","targetHints":{"allow":["GET"]}}],"collection":[{"href":"https:\/\/www.supercars.net\/blog\/wp-json\/wp\/v2\/posts"}],"about":[{"href":"https:\/\/www.supercars.net\/blog\/wp-json\/wp\/v2\/types\/post"}],"author":[{"embeddable":true,"href":"https:\/\/www.supercars.net\/blog\/wp-json\/wp\/v2\/users\/125"}],"replies":[{"embeddable":true,"href":"https:\/\/www.supercars.net\/blog\/wp-json\/wp\/v2\/comments?post=370553"}],"version-history":[{"count":0,"href":"https:\/\/www.supercars.net\/blog\/wp-json\/wp\/v2\/posts\/370553\/revisions"}],"wp:featuredmedia":[{"embeddable":true,"href":"https:\/\/www.supercars.net\/blog\/wp-json\/wp\/v2\/media\/747563"}],"wp:attachment":[{"href":"https:\/\/www.supercars.net\/blog\/wp-json\/wp\/v2\/media?parent=370553"}],"wp:term":[{"taxonomy":"category","embeddable":true,"href":"https:\/\/www.supercars.net\/blog\/wp-json\/wp\/v2\/categories?post=370553"},{"taxonomy":"post_tag","embeddable":true,"href":"https:\/\/www.supercars.net\/blog\/wp-json\/wp\/v2\/tags?post=370553"}],"curies":[{"name":"wp","href":"https:\/\/api.w.org\/{rel}","templated":true}]}}