{"id":386557,"date":"2017-10-02T07:37:09","date_gmt":"2017-10-02T07:37:09","guid":{"rendered":"https:\/\/www.supercars.net\/blog\/?p=382718"},"modified":"2024-12-29T00:00:17","modified_gmt":"2024-12-29T00:00:17","slug":"2015-mercedes-benz-c63-amg-wallpapers","status":"publish","type":"post","link":"https:\/\/www.supercars.net\/blog\/2015-mercedes-benz-c63-amg-wallpapers\/","title":{"rendered":"2015 Mercedes-Benz C63 AMG Wallpapers"},"content":{"rendered":"<h1 style=\"text-align: center;\">2015 Mercedes-Benz C63 AMG Wallpaper Collection<\/h1>\n<p><span class=\" string \" dir=\"auto\">We have curated the ultimate collection of the best 2015 Mercedes-Benz C63 AMG Wallpapers <\/span><span class=\" string \" dir=\"auto\">and HD backgrounds for you to enjoy. Our team focused on finding the top 2015 Mercedes-Benz C63 AMG Wallpapers <\/span><span class=\" string \" dir=\"auto\">only to keep the quality high. These 2015 Mercedes-Benz C63 AMG Wallpapers <\/span><span class=\" string \" dir=\"auto\">are free to download so go ahead. To download any of these pictures for use as a wallpaper, right click the picture and choose <strong>Save As&#8230;<\/strong><\/span><\/p>\n<p>Find more awesome <a href=\"https:\/\/www.supercars.net\/blog\/tag\/mercedes-benz-wallpapers\/\">Mercedes-Benz\u00a0Wallpapers<\/a><\/p>\n<p><a href=\"https:\/\/www.supercars.net\/blog\/wp-content\/uploads\/2020\/11\/2015-Mercedes-Benz-C63-AMG-001-1600.jpg\"><img decoding=\"async\" class=\"alignnone wp-image-382738 size-full\" src=\"https:\/\/www.supercars.net\/blog\/wp-content\/uploads\/2020\/11\/2015-Mercedes-Benz-C63-AMG-001-1600.jpg\" alt=\"\" width=\"2560\" height=\"1600\" \/><\/a><\/p>\n<p><a href=\"https:\/\/www.supercars.net\/blog\/wp-content\/uploads\/2020\/11\/2015-Mercedes-Benz-C63-AMG-002-1600.jpg\"><img decoding=\"async\" class=\"alignnone wp-image-382739 size-full\" src=\"https:\/\/www.supercars.net\/blog\/wp-content\/uploads\/2020\/11\/2015-Mercedes-Benz-C63-AMG-002-1600.jpg\" alt=\"\" width=\"2560\" height=\"1600\" \/><\/a><\/p>\n<p><a href=\"https:\/\/www.supercars.net\/blog\/wp-content\/uploads\/2020\/11\/2015-Mercedes-Benz-C63-AMG-003-1600.jpg\"><img decoding=\"async\" class=\"alignnone wp-image-382740 size-full\" src=\"https:\/\/www.supercars.net\/blog\/wp-content\/uploads\/2020\/11\/2015-Mercedes-Benz-C63-AMG-003-1600.jpg\" alt=\"\" width=\"2560\" height=\"1600\" \/><\/a><\/p>\n<p><a href=\"https:\/\/www.supercars.net\/blog\/wp-content\/uploads\/2020\/11\/2015-Mercedes-Benz-C63-AMG-004-1600.jpg\"><img decoding=\"async\" class=\"alignnone wp-image-382741 size-full\" src=\"https:\/\/www.supercars.net\/blog\/wp-content\/uploads\/2020\/11\/2015-Mercedes-Benz-C63-AMG-004-1600.jpg\" alt=\"\" width=\"2560\" height=\"1600\" \/><\/a><\/p>\n<p><a href=\"https:\/\/www.supercars.net\/blog\/wp-content\/uploads\/2020\/11\/2015-Mercedes-Benz-C63-AMG-005-1600.jpg\"><img decoding=\"async\" class=\"alignnone wp-image-382742 size-full\" src=\"https:\/\/www.supercars.net\/blog\/wp-content\/uploads\/2020\/11\/2015-Mercedes-Benz-C63-AMG-005-1600.jpg\" alt=\"\" width=\"2560\" height=\"1600\" \/><\/a><\/p>\n<p><a href=\"https:\/\/www.supercars.net\/blog\/wp-content\/uploads\/2020\/11\/2015-Mercedes-Benz-C63-AMG-007-1600.jpg\"><img decoding=\"async\" class=\"alignnone size-full wp-image-382743\" src=\"https:\/\/www.supercars.net\/blog\/wp-content\/uploads\/2020\/11\/2015-Mercedes-Benz-C63-AMG-007-1600.jpg\" alt=\"\" width=\"2560\" height=\"1600\" \/><\/a> <a href=\"https:\/\/www.supercars.net\/blog\/wp-content\/uploads\/2020\/11\/2015-Mercedes-Benz-C63-AMG-008-1600.jpg\"><img decoding=\"async\" class=\"alignnone size-full wp-image-382744\" src=\"https:\/\/www.supercars.net\/blog\/wp-content\/uploads\/2020\/11\/2015-Mercedes-Benz-C63-AMG-008-1600.jpg\" alt=\"\" width=\"2560\" height=\"1600\" \/><\/a> <a href=\"https:\/\/www.supercars.net\/blog\/wp-content\/uploads\/2020\/11\/2015-Mercedes-Benz-C63-AMG-009-1600.jpg\"><img decoding=\"async\" class=\"alignnone size-full wp-image-382745\" src=\"https:\/\/www.supercars.net\/blog\/wp-content\/uploads\/2020\/11\/2015-Mercedes-Benz-C63-AMG-009-1600.jpg\" alt=\"\" width=\"2560\" height=\"1600\" \/><\/a><\/p>\n<p><a href=\"https:\/\/www.supercars.net\/blog\/wp-content\/uploads\/2020\/11\/2015-Mercedes-Benz-C63-AMG-Estate-001-1600.jpg\"><img decoding=\"async\" class=\"alignnone wp-image-382746 size-full\" src=\"https:\/\/www.supercars.net\/blog\/wp-content\/uploads\/2020\/11\/2015-Mercedes-Benz-C63-AMG-Estate-001-1600.jpg\" alt=\"\" width=\"2560\" height=\"1600\" \/><\/a><\/p>\n<p><a href=\"https:\/\/www.supercars.net\/blog\/wp-content\/uploads\/2020\/11\/2015-Mercedes-Benz-C63-AMG-Estate-002-1600.jpg\"><img decoding=\"async\" class=\"alignnone wp-image-382747 size-full\" src=\"https:\/\/www.supercars.net\/blog\/wp-content\/uploads\/2020\/11\/2015-Mercedes-Benz-C63-AMG-Estate-002-1600.jpg\" alt=\"\" width=\"2560\" height=\"1600\" \/><\/a><\/p>\n<p><a href=\"https:\/\/www.supercars.net\/blog\/wp-content\/uploads\/2020\/11\/2015-Mercedes-Benz-C63-AMG-Estate-003-1600.jpg\"><img decoding=\"async\" class=\"alignnone wp-image-382748 size-full\" src=\"https:\/\/www.supercars.net\/blog\/wp-content\/uploads\/2020\/11\/2015-Mercedes-Benz-C63-AMG-Estate-003-1600.jpg\" alt=\"\" width=\"2560\" height=\"1600\" \/><\/a><\/p>\n<p><a href=\"https:\/\/www.supercars.net\/blog\/wp-content\/uploads\/2020\/11\/2015-Mercedes-Benz-C63-AMG-Estate-004-1600.jpg\"><img decoding=\"async\" class=\"alignnone wp-image-382749 size-full\" src=\"https:\/\/www.supercars.net\/blog\/wp-content\/uploads\/2020\/11\/2015-Mercedes-Benz-C63-AMG-Estate-004-1600.jpg\" alt=\"\" width=\"2560\" height=\"1600\" \/><\/a><\/p>\n<p><a href=\"https:\/\/www.supercars.net\/blog\/wp-content\/uploads\/2020\/11\/2015-Mercedes-Benz-C63-AMG-Estate-005-1600.jpg\"><img decoding=\"async\" class=\"alignnone wp-image-382751 size-full\" src=\"https:\/\/www.supercars.net\/blog\/wp-content\/uploads\/2020\/11\/2015-Mercedes-Benz-C63-AMG-Estate-005-1600.jpg\" alt=\"\" width=\"2560\" height=\"1600\" \/><\/a><\/p>\n<p><a href=\"https:\/\/www.supercars.net\/blog\/wp-content\/uploads\/2020\/11\/2015-Mercedes-Benz-C63-AMG-Estate-006-1600.jpg\"><img decoding=\"async\" class=\"alignnone wp-image-382752 size-full\" src=\"https:\/\/www.supercars.net\/blog\/wp-content\/uploads\/2020\/11\/2015-Mercedes-Benz-C63-AMG-Estate-006-1600.jpg\" alt=\"\" width=\"2560\" height=\"1600\" \/><\/a><\/p>\n<p><a href=\"https:\/\/www.supercars.net\/blog\/wp-content\/uploads\/2020\/11\/2015-Mercedes-Benz-C63-AMG-Estate-007-1600.jpg\"><img decoding=\"async\" class=\"alignnone size-full wp-image-382753\" src=\"https:\/\/www.supercars.net\/blog\/wp-content\/uploads\/2020\/11\/2015-Mercedes-Benz-C63-AMG-Estate-007-1600.jpg\" alt=\"\" width=\"2560\" height=\"1600\" \/><\/a> <a href=\"https:\/\/www.supercars.net\/blog\/wp-content\/uploads\/2020\/11\/2015-Mercedes-Benz-C63-AMG-Estate-008-1600.jpg\"><img decoding=\"async\" class=\"alignnone size-full wp-image-382754\" src=\"https:\/\/www.supercars.net\/blog\/wp-content\/uploads\/2020\/11\/2015-Mercedes-Benz-C63-AMG-Estate-008-1600.jpg\" alt=\"\" width=\"2560\" height=\"1600\" \/><\/a> <a href=\"https:\/\/www.supercars.net\/blog\/wp-content\/uploads\/2020\/11\/2015-Mercedes-Benz-C63-AMG-Estate-009-1600.jpg\"><img decoding=\"async\" class=\"alignnone size-full wp-image-382755\" src=\"https:\/\/www.supercars.net\/blog\/wp-content\/uploads\/2020\/11\/2015-Mercedes-Benz-C63-AMG-Estate-009-1600.jpg\" alt=\"\" width=\"2560\" height=\"1600\" \/><\/a><\/p>\n<p>&nbsp;<\/p>\n<p>&nbsp;<\/p>\n<p>&nbsp;<\/p>\n<p>&nbsp;<\/p>\n<p>&nbsp;<\/p>\n","protected":false},"excerpt":{"rendered":"<p>2015 Mercedes-Benz C63 AMG Wallpaper Collection We have curated the ultimate collection of the best 2015 Mercedes-Benz C63 AMG Wallpapers and HD backgrounds for you to enjoy. Our team focused on finding the top 2015 Mercedes-Benz C63 AMG Wallpapers only to keep the quality high. These 2015 Mercedes-Benz C63 AMG Wallpapers are free to download so go ahead. To download any of these pictures for use as a wallpaper, right click the picture and choose Save As&#8230; Find more awesome [&hellip;]<\/p>\n","protected":false},"author":10,"featured_media":387338,"comment_status":"closed","ping_status":"closed","sticky":false,"template":"","format":"standard","meta":{"footnotes":""},"categories":[5976,73,2335],"tags":[18661,2336,16869,75,8194,6663,6690,6689],"class_list":["post-386557","post","type-post","status-publish","format-standard","has-post-thumbnail","hentry","category-mercedes-amg","category-mercedes-benz","category-supercar-wallpaper","tag-2010s-wallpapers","tag-wallpaper","tag-mercedes-amg","tag-mercedes-benz","tag-mercedes-benz-c-class","tag-mercedes-benz-wallpapers","tag-supercar-model-wallpaper","tag-sports-car-wallpapers"],"yoast_head":"<!-- This site is optimized with the Yoast SEO plugin v27.5 - https:\/\/yoast.com\/product\/yoast-seo-wordpress\/ -->\n<title>2015 Mercedes-Benz C63 AMG Wallpapers | SuperCars.net<\/title>\n<meta name=\"description\" content=\"We have curated the ultimate collection of the best 2015 Mercedes-Benz C63 AMG Wallpapers and HD backgrounds for you to enjoy. Free to download\" \/>\n<meta name=\"robots\" content=\"index, follow, max-snippet:-1, max-image-preview:large, max-video-preview:-1\" \/>\n<link rel=\"canonical\" href=\"https:\/\/www.supercars.net\/blog\/2015-mercedes-benz-c63-amg-wallpapers\/\" \/>\n<meta property=\"og:locale\" content=\"en_US\" \/>\n<meta property=\"og:type\" content=\"article\" \/>\n<meta property=\"og:title\" content=\"2015 Mercedes-Benz C63 AMG Wallpapers | SuperCars.net\" \/>\n<meta property=\"og:description\" content=\"We have curated the ultimate collection of the best 2015 Mercedes-Benz C63 AMG Wallpapers and HD backgrounds for you to enjoy. Free to download\" \/>\n<meta property=\"og:url\" content=\"https:\/\/www.supercars.net\/blog\/2015-mercedes-benz-c63-amg-wallpapers\/\" \/>\n<meta property=\"og:site_name\" content=\"Supercars.net\" \/>\n<meta property=\"article:publisher\" content=\"https:\/\/www.facebook.com\/Supercars.net\/\" \/>\n<meta property=\"article:published_time\" content=\"2017-10-02T07:37:09+00:00\" \/>\n<meta property=\"article:modified_time\" content=\"2024-12-29T00:00:17+00:00\" \/>\n<meta property=\"og:image\" content=\"https:\/\/www.supercars.net\/blog\/wp-content\/uploads\/2020\/11\/2015-Mercedes-Benz-C63-AMG-001-1600-1.jpg\" \/>\n\t<meta property=\"og:image:width\" content=\"2560\" \/>\n\t<meta property=\"og:image:height\" content=\"1600\" \/>\n\t<meta property=\"og:image:type\" content=\"image\/jpeg\" \/>\n<meta name=\"author\" content=\"Mark Leofe Capayas\" \/>\n<meta name=\"twitter:card\" content=\"summary_large_image\" \/>\n<meta name=\"twitter:creator\" content=\"@supercars_net\" \/>\n<meta name=\"twitter:site\" content=\"@supercars_net\" \/>\n<meta name=\"twitter:label1\" content=\"Written by\" \/>\n\t<meta name=\"twitter:data1\" content=\"Mark Leofe Capayas\" \/>\n<script type=\"application\/ld+json\" class=\"yoast-schema-graph\">{\"@context\":\"https:\\\/\\\/schema.org\",\"@graph\":[{\"@type\":\"Article\",\"@id\":\"https:\\\/\\\/www.supercars.net\\\/blog\\\/2015-mercedes-benz-c63-amg-wallpapers\\\/#article\",\"isPartOf\":{\"@id\":\"https:\\\/\\\/www.supercars.net\\\/blog\\\/2015-mercedes-benz-c63-amg-wallpapers\\\/\"},\"author\":{\"name\":\"Mark Leofe Capayas\",\"@id\":\"https:\\\/\\\/www.supercars.net\\\/blog\\\/#\\\/schema\\\/person\\\/257cd15ebb06ba3ddb7fcdcc4316d46b\"},\"headline\":\"2015 Mercedes-Benz C63 AMG Wallpapers\",\"datePublished\":\"2017-10-02T07:37:09+00:00\",\"dateModified\":\"2024-12-29T00:00:17+00:00\",\"mainEntityOfPage\":{\"@id\":\"https:\\\/\\\/www.supercars.net\\\/blog\\\/2015-mercedes-benz-c63-amg-wallpapers\\\/\"},\"wordCount\":87,\"image\":{\"@id\":\"https:\\\/\\\/www.supercars.net\\\/blog\\\/2015-mercedes-benz-c63-amg-wallpapers\\\/#primaryimage\"},\"thumbnailUrl\":\"https:\\\/\\\/www.supercars.net\\\/blog\\\/wp-content\\\/uploads\\\/2020\\\/11\\\/2015-Mercedes-Benz-C63-AMG-001-1600-1.jpg\",\"keywords\":[\"2010s Wallpapers\",\"Media (Car Wallpapers)\",\"Mercedes-AMG\",\"Mercedes-Benz\",\"Mercedes-Benz C-Class\",\"Mercedes-Benz Media (Wallpapers)\",\"Wallpapers (All Cars)\",\"Wallpapers (Sports Cars)\"],\"articleSection\":[\"Mercedes-AMG\",\"Mercedes-Benz\",\"Wallpapers\"],\"inLanguage\":\"en-US\"},{\"@type\":\"WebPage\",\"@id\":\"https:\\\/\\\/www.supercars.net\\\/blog\\\/2015-mercedes-benz-c63-amg-wallpapers\\\/\",\"url\":\"https:\\\/\\\/www.supercars.net\\\/blog\\\/2015-mercedes-benz-c63-amg-wallpapers\\\/\",\"name\":\"2015 Mercedes-Benz C63 AMG Wallpapers | SuperCars.net\",\"isPartOf\":{\"@id\":\"https:\\\/\\\/www.supercars.net\\\/blog\\\/#website\"},\"primaryImageOfPage\":{\"@id\":\"https:\\\/\\\/www.supercars.net\\\/blog\\\/2015-mercedes-benz-c63-amg-wallpapers\\\/#primaryimage\"},\"image\":{\"@id\":\"https:\\\/\\\/www.supercars.net\\\/blog\\\/2015-mercedes-benz-c63-amg-wallpapers\\\/#primaryimage\"},\"thumbnailUrl\":\"https:\\\/\\\/www.supercars.net\\\/blog\\\/wp-content\\\/uploads\\\/2020\\\/11\\\/2015-Mercedes-Benz-C63-AMG-001-1600-1.jpg\",\"datePublished\":\"2017-10-02T07:37:09+00:00\",\"dateModified\":\"2024-12-29T00:00:17+00:00\",\"author\":{\"@id\":\"https:\\\/\\\/www.supercars.net\\\/blog\\\/#\\\/schema\\\/person\\\/257cd15ebb06ba3ddb7fcdcc4316d46b\"},\"description\":\"We have curated the ultimate collection of the best 2015 Mercedes-Benz C63 AMG Wallpapers and HD backgrounds for you to enjoy. Free to download\",\"breadcrumb\":{\"@id\":\"https:\\\/\\\/www.supercars.net\\\/blog\\\/2015-mercedes-benz-c63-amg-wallpapers\\\/#breadcrumb\"},\"inLanguage\":\"en-US\",\"potentialAction\":[{\"@type\":\"ReadAction\",\"target\":[\"https:\\\/\\\/www.supercars.net\\\/blog\\\/2015-mercedes-benz-c63-amg-wallpapers\\\/\"]}]},{\"@type\":\"ImageObject\",\"inLanguage\":\"en-US\",\"@id\":\"https:\\\/\\\/www.supercars.net\\\/blog\\\/2015-mercedes-benz-c63-amg-wallpapers\\\/#primaryimage\",\"url\":\"https:\\\/\\\/www.supercars.net\\\/blog\\\/wp-content\\\/uploads\\\/2020\\\/11\\\/2015-Mercedes-Benz-C63-AMG-001-1600-1.jpg\",\"contentUrl\":\"https:\\\/\\\/www.supercars.net\\\/blog\\\/wp-content\\\/uploads\\\/2020\\\/11\\\/2015-Mercedes-Benz-C63-AMG-001-1600-1.jpg\",\"width\":2560,\"height\":1600,\"caption\":\"Mercedes-AMG C 63 S (BR 205) Limousine \\\/saloon; 2014; Exterieur: designo diamantwei\u00df bright, AMG Carbon-Paket Exterieur I, w\u00e4rmed\u00e4mmend dunkel get\u00f6ntes Glas, Exterior: designo diamond white bright, AMG Exterior Carbon-Fibre package I, heat-insulating dark-tinted glass\"},{\"@type\":\"BreadcrumbList\",\"@id\":\"https:\\\/\\\/www.supercars.net\\\/blog\\\/2015-mercedes-benz-c63-amg-wallpapers\\\/#breadcrumb\",\"itemListElement\":[{\"@type\":\"ListItem\",\"position\":1,\"name\":\"Home\",\"item\":\"https:\\\/\\\/www.supercars.net\\\/blog\\\/\"},{\"@type\":\"ListItem\",\"position\":2,\"name\":\"2015 Mercedes-Benz C63 AMG Wallpapers\"}]},{\"@type\":\"WebSite\",\"@id\":\"https:\\\/\\\/www.supercars.net\\\/blog\\\/#website\",\"url\":\"https:\\\/\\\/www.supercars.net\\\/blog\\\/\",\"name\":\"Supercars.net\",\"description\":\"Exotic and Supercar news, information, pictures and videos\",\"potentialAction\":[{\"@type\":\"SearchAction\",\"target\":{\"@type\":\"EntryPoint\",\"urlTemplate\":\"https:\\\/\\\/www.supercars.net\\\/blog\\\/?s={search_term_string}\"},\"query-input\":{\"@type\":\"PropertyValueSpecification\",\"valueRequired\":true,\"valueName\":\"search_term_string\"}}],\"inLanguage\":\"en-US\"},{\"@type\":\"Person\",\"@id\":\"https:\\\/\\\/www.supercars.net\\\/blog\\\/#\\\/schema\\\/person\\\/257cd15ebb06ba3ddb7fcdcc4316d46b\",\"name\":\"Mark Leofe Capayas\",\"image\":{\"@type\":\"ImageObject\",\"inLanguage\":\"en-US\",\"@id\":\"https:\\\/\\\/www.supercars.net\\\/blog\\\/wp-content\\\/uploads\\\/2023\\\/10\\\/1-1-293x293.jpg\",\"url\":\"https:\\\/\\\/www.supercars.net\\\/blog\\\/wp-content\\\/uploads\\\/2023\\\/10\\\/1-1-293x293.jpg\",\"contentUrl\":\"https:\\\/\\\/www.supercars.net\\\/blog\\\/wp-content\\\/uploads\\\/2023\\\/10\\\/1-1-293x293.jpg\",\"caption\":\"Mark Leofe Capayas\"},\"description\":\"Mark is a lifelong car fan with an insatiable hunger for speed and precision, immersing himself in the exhilarating realm of supercars and hypercars. Every day, he finds himself lost in the symphony of roaring engines, the allure of sleek aerodynamics, and the intricate tales of engineering prowess. From the racing circuits of Monaco to the opulent showrooms of Dubai, he chases every rumble, every gleam, and every innovation, ensuring no detail of these mechanical marvels escapes his keen eye. His obsession doesn't merely lie in their breathtaking speed but in the stories they tell, the legacy they carry, and the passion they ignite.\",\"url\":\"https:\\\/\\\/www.supercars.net\\\/blog\\\/author\\\/marklc\\\/\"}]}<\/script>\n<!-- \/ Yoast SEO plugin. -->","yoast_head_json":{"title":"2015 Mercedes-Benz C63 AMG Wallpapers | SuperCars.net","description":"We have curated the ultimate collection of the best 2015 Mercedes-Benz C63 AMG Wallpapers and HD backgrounds for you to enjoy. Free to download","robots":{"index":"index","follow":"follow","max-snippet":"max-snippet:-1","max-image-preview":"max-image-preview:large","max-video-preview":"max-video-preview:-1"},"canonical":"https:\/\/www.supercars.net\/blog\/2015-mercedes-benz-c63-amg-wallpapers\/","og_locale":"en_US","og_type":"article","og_title":"2015 Mercedes-Benz C63 AMG Wallpapers | SuperCars.net","og_description":"We have curated the ultimate collection of the best 2015 Mercedes-Benz C63 AMG Wallpapers and HD backgrounds for you to enjoy. Free to download","og_url":"https:\/\/www.supercars.net\/blog\/2015-mercedes-benz-c63-amg-wallpapers\/","og_site_name":"Supercars.net","article_publisher":"https:\/\/www.facebook.com\/Supercars.net\/","article_published_time":"2017-10-02T07:37:09+00:00","article_modified_time":"2024-12-29T00:00:17+00:00","og_image":[{"width":2560,"height":1600,"url":"https:\/\/www.supercars.net\/blog\/wp-content\/uploads\/2020\/11\/2015-Mercedes-Benz-C63-AMG-001-1600-1.jpg","type":"image\/jpeg"}],"author":"Mark Leofe Capayas","twitter_card":"summary_large_image","twitter_creator":"@supercars_net","twitter_site":"@supercars_net","twitter_misc":{"Written by":"Mark Leofe Capayas"},"schema":{"@context":"https:\/\/schema.org","@graph":[{"@type":"Article","@id":"https:\/\/www.supercars.net\/blog\/2015-mercedes-benz-c63-amg-wallpapers\/#article","isPartOf":{"@id":"https:\/\/www.supercars.net\/blog\/2015-mercedes-benz-c63-amg-wallpapers\/"},"author":{"name":"Mark Leofe Capayas","@id":"https:\/\/www.supercars.net\/blog\/#\/schema\/person\/257cd15ebb06ba3ddb7fcdcc4316d46b"},"headline":"2015 Mercedes-Benz C63 AMG Wallpapers","datePublished":"2017-10-02T07:37:09+00:00","dateModified":"2024-12-29T00:00:17+00:00","mainEntityOfPage":{"@id":"https:\/\/www.supercars.net\/blog\/2015-mercedes-benz-c63-amg-wallpapers\/"},"wordCount":87,"image":{"@id":"https:\/\/www.supercars.net\/blog\/2015-mercedes-benz-c63-amg-wallpapers\/#primaryimage"},"thumbnailUrl":"https:\/\/www.supercars.net\/blog\/wp-content\/uploads\/2020\/11\/2015-Mercedes-Benz-C63-AMG-001-1600-1.jpg","keywords":["2010s Wallpapers","Media (Car Wallpapers)","Mercedes-AMG","Mercedes-Benz","Mercedes-Benz C-Class","Mercedes-Benz Media (Wallpapers)","Wallpapers (All Cars)","Wallpapers (Sports Cars)"],"articleSection":["Mercedes-AMG","Mercedes-Benz","Wallpapers"],"inLanguage":"en-US"},{"@type":"WebPage","@id":"https:\/\/www.supercars.net\/blog\/2015-mercedes-benz-c63-amg-wallpapers\/","url":"https:\/\/www.supercars.net\/blog\/2015-mercedes-benz-c63-amg-wallpapers\/","name":"2015 Mercedes-Benz C63 AMG Wallpapers | SuperCars.net","isPartOf":{"@id":"https:\/\/www.supercars.net\/blog\/#website"},"primaryImageOfPage":{"@id":"https:\/\/www.supercars.net\/blog\/2015-mercedes-benz-c63-amg-wallpapers\/#primaryimage"},"image":{"@id":"https:\/\/www.supercars.net\/blog\/2015-mercedes-benz-c63-amg-wallpapers\/#primaryimage"},"thumbnailUrl":"https:\/\/www.supercars.net\/blog\/wp-content\/uploads\/2020\/11\/2015-Mercedes-Benz-C63-AMG-001-1600-1.jpg","datePublished":"2017-10-02T07:37:09+00:00","dateModified":"2024-12-29T00:00:17+00:00","author":{"@id":"https:\/\/www.supercars.net\/blog\/#\/schema\/person\/257cd15ebb06ba3ddb7fcdcc4316d46b"},"description":"We have curated the ultimate collection of the best 2015 Mercedes-Benz C63 AMG Wallpapers and HD backgrounds for you to enjoy. Free to download","breadcrumb":{"@id":"https:\/\/www.supercars.net\/blog\/2015-mercedes-benz-c63-amg-wallpapers\/#breadcrumb"},"inLanguage":"en-US","potentialAction":[{"@type":"ReadAction","target":["https:\/\/www.supercars.net\/blog\/2015-mercedes-benz-c63-amg-wallpapers\/"]}]},{"@type":"ImageObject","inLanguage":"en-US","@id":"https:\/\/www.supercars.net\/blog\/2015-mercedes-benz-c63-amg-wallpapers\/#primaryimage","url":"https:\/\/www.supercars.net\/blog\/wp-content\/uploads\/2020\/11\/2015-Mercedes-Benz-C63-AMG-001-1600-1.jpg","contentUrl":"https:\/\/www.supercars.net\/blog\/wp-content\/uploads\/2020\/11\/2015-Mercedes-Benz-C63-AMG-001-1600-1.jpg","width":2560,"height":1600,"caption":"Mercedes-AMG C 63 S (BR 205) Limousine \/saloon; 2014; Exterieur: designo diamantwei\u00df bright, AMG Carbon-Paket Exterieur I, w\u00e4rmed\u00e4mmend dunkel get\u00f6ntes Glas, Exterior: designo diamond white bright, AMG Exterior Carbon-Fibre package I, heat-insulating dark-tinted glass"},{"@type":"BreadcrumbList","@id":"https:\/\/www.supercars.net\/blog\/2015-mercedes-benz-c63-amg-wallpapers\/#breadcrumb","itemListElement":[{"@type":"ListItem","position":1,"name":"Home","item":"https:\/\/www.supercars.net\/blog\/"},{"@type":"ListItem","position":2,"name":"2015 Mercedes-Benz C63 AMG Wallpapers"}]},{"@type":"WebSite","@id":"https:\/\/www.supercars.net\/blog\/#website","url":"https:\/\/www.supercars.net\/blog\/","name":"Supercars.net","description":"Exotic and Supercar news, information, pictures and videos","potentialAction":[{"@type":"SearchAction","target":{"@type":"EntryPoint","urlTemplate":"https:\/\/www.supercars.net\/blog\/?s={search_term_string}"},"query-input":{"@type":"PropertyValueSpecification","valueRequired":true,"valueName":"search_term_string"}}],"inLanguage":"en-US"},{"@type":"Person","@id":"https:\/\/www.supercars.net\/blog\/#\/schema\/person\/257cd15ebb06ba3ddb7fcdcc4316d46b","name":"Mark Leofe Capayas","image":{"@type":"ImageObject","inLanguage":"en-US","@id":"https:\/\/www.supercars.net\/blog\/wp-content\/uploads\/2023\/10\/1-1-293x293.jpg","url":"https:\/\/www.supercars.net\/blog\/wp-content\/uploads\/2023\/10\/1-1-293x293.jpg","contentUrl":"https:\/\/www.supercars.net\/blog\/wp-content\/uploads\/2023\/10\/1-1-293x293.jpg","caption":"Mark Leofe Capayas"},"description":"Mark is a lifelong car fan with an insatiable hunger for speed and precision, immersing himself in the exhilarating realm of supercars and hypercars. Every day, he finds himself lost in the symphony of roaring engines, the allure of sleek aerodynamics, and the intricate tales of engineering prowess. From the racing circuits of Monaco to the opulent showrooms of Dubai, he chases every rumble, every gleam, and every innovation, ensuring no detail of these mechanical marvels escapes his keen eye. His obsession doesn't merely lie in their breathtaking speed but in the stories they tell, the legacy they carry, and the passion they ignite.","url":"https:\/\/www.supercars.net\/blog\/author\/marklc\/"}]}},"_links":{"self":[{"href":"https:\/\/www.supercars.net\/blog\/wp-json\/wp\/v2\/posts\/386557","targetHints":{"allow":["GET"]}}],"collection":[{"href":"https:\/\/www.supercars.net\/blog\/wp-json\/wp\/v2\/posts"}],"about":[{"href":"https:\/\/www.supercars.net\/blog\/wp-json\/wp\/v2\/types\/post"}],"author":[{"embeddable":true,"href":"https:\/\/www.supercars.net\/blog\/wp-json\/wp\/v2\/users\/10"}],"replies":[{"embeddable":true,"href":"https:\/\/www.supercars.net\/blog\/wp-json\/wp\/v2\/comments?post=386557"}],"version-history":[{"count":0,"href":"https:\/\/www.supercars.net\/blog\/wp-json\/wp\/v2\/posts\/386557\/revisions"}],"wp:featuredmedia":[{"embeddable":true,"href":"https:\/\/www.supercars.net\/blog\/wp-json\/wp\/v2\/media\/387338"}],"wp:attachment":[{"href":"https:\/\/www.supercars.net\/blog\/wp-json\/wp\/v2\/media?parent=386557"}],"wp:term":[{"taxonomy":"category","embeddable":true,"href":"https:\/\/www.supercars.net\/blog\/wp-json\/wp\/v2\/categories?post=386557"},{"taxonomy":"post_tag","embeddable":true,"href":"https:\/\/www.supercars.net\/blog\/wp-json\/wp\/v2\/tags?post=386557"}],"curies":[{"name":"wp","href":"https:\/\/api.w.org\/{rel}","templated":true}]}}