{"id":460763,"date":"2006-04-01T15:00:17","date_gmt":"2006-04-01T15:00:17","guid":{"rendered":"https:\/\/sportscardigest.com\/\/?p=74550"},"modified":"2024-04-03T16:50:58","modified_gmt":"2024-04-03T16:50:58","slug":"my-time-as-a-driver","status":"publish","type":"post","link":"https:\/\/www.supercars.net\/blog\/my-time-as-a-driver\/","title":{"rendered":"My Time as a Driver"},"content":{"rendered":"<div class='memberful-global-teaser-content'>\n<p style=\"text-align: justify;\">I made my first visit to the Silverstone circuit in the 1960s. It was just a mission of curiosity at first but I was soon bitten hard by the racing bug, and club racing was my staple diet for the first few years. I was particularly involved with the embryonic Clubman\u2019s formula at the time, where the racing was good and there was a lot of interesting machinery and people. At the start, the cars for that series were either the Lotus Seven, or bore at least a resemblance to the Lotus Seven. It was widely believed that if a \u201cconstructor\u201d sent a picture of his creation to the club and it looked like a Lotus Seven, it was in!<\/p>\n<figure id=\"attachment_705191\" aria-describedby=\"caption-attachment-705191\" style=\"width: 500px\" class=\"wp-caption aligncenter\"><a href=\"https:\/\/www.supercars.net\/blog\/wp-content\/uploads\/2006\/04\/LS200604-p1.jpg\"><img decoding=\"async\" class=\"wp-image-705191 size-full\" src=\"https:\/\/www.supercars.net\/blog\/wp-content\/uploads\/2006\/04\/LS200604-p1.jpg\" alt=\"Max Mosley\" width=\"500\" height=\"700\" srcset=\"https:\/\/www.supercars.net\/blog\/wp-content\/uploads\/2006\/04\/LS200604-p1.jpg 500w, https:\/\/www.supercars.net\/blog\/wp-content\/uploads\/2006\/04\/LS200604-p1-214x300.jpg 214w, https:\/\/www.supercars.net\/blog\/wp-content\/uploads\/2006\/04\/LS200604-p1-71x100.jpg 71w, https:\/\/www.supercars.net\/blog\/wp-content\/uploads\/2006\/04\/LS200604-p1-293x410.jpg 293w\" sizes=\"(max-width: 500px) 100vw, 500px\" \/><\/a><figcaption id=\"caption-attachment-705191\" class=\"wp-caption-text\">Max Mosley<\/figcaption><\/figure>\n<p style=\"text-align: justify;\">I spent some time in Clubman racing, which was very enjoyable and friendly. There were a number of creative people there, but then Formula 2 seemed to beckon. I had decided to move up a step and I formed the London Racing Team with Chris Lambert who I was racing with. We were friends and we thought we could do well in F2. That was in 1968 and Chris had already been doing some F2 races. We started with a Brabham BT23C-FVA and then got a second one. We failed to start at the first 1968 race at Barcelona and then we were at Hockenheim on April 7 where it was wet and gray. That, of course, was the terrible race when Jim Clark was killed, and that overshadowed everything. Chris was 3rd in the first heat and 5th in the second, while I finished 11th and 9th. He ended up 5th overall and I was 9th which would have been quite a good result if it hadn\u2019t been for Clark\u2019s accident.<\/p>\n<\/div>\n<style>\n        .memberful-global-teaser-content p:last-child{\n            -webkit-mask-image: linear-gradient(180deg, #000 0%, transparent);\n            mask-image: linear-gradient(180deg, #000 0%, transparent);\n        }\n    <\/style>\n<div class='memberful-global-marketing-content'>\n<div class=\"a07online-global-marketing-content-wrapper\">\n<h2 class=\"a07online-global-marketing-title\">No Subscription? You&#8217;re missing out<\/h2>\n<p class=\"a07online-global-marketing-content\">Any Text Here<\/p>\n<p><a class=\"a07online-global-marketing-prompt\" href=\"https:\/\/supercars.memberful.com\/checkout?plan=86696\">Get Started<\/a><\/p>\n<div class=\"a07online-global-marketing-signin\">\n<h4 class=\"a07online-global-marketing-signin\">Already a Member? <a href=\"https:\/\/supercars.memberful.com\/account\">Sign in to your account here<\/a>.<\/h4>\n<\/div>\n<\/div>\n<\/div>\n","protected":false},"excerpt":{"rendered":"<p>I made my first visit to the Silverstone circuit in the 1960s. It was just a mission of curiosity at first but I was soon bitten hard by the racing bug, and club racing was my staple diet for the first few years. I was particularly involved with the embryonic Clubman\u2019s formula at the time, where the racing was good and there was a lot of interesting machinery and people. At the start, the cars for that series were either [&hellip;]<\/p>\n","protected":false},"author":411,"featured_media":705188,"comment_status":"open","ping_status":"closed","sticky":false,"template":"","format":"standard","meta":{"footnotes":""},"categories":[263,16994,1920,11272,261,18207],"tags":[12308,18322,8618,17152,1961,20068,20125,12316,506,11456,17143,17220],"class_list":["post-460763","post","type-post","status-publish","format-standard","has-post-thumbnail","hentry","category-car-culture","category-formula-2","category-lotus","category-members-only","category-motorsport-racing","category-special-feature","tag-fia-federation-internationale-de-lautomobile","tag-2000s-all","tag-brabham","tag-car-culture","tag-lotus","tag-lotus-featured","tag-lotus-race-featured","tag-max-mosley","tag-silverstone","tag-f2","tag-special-feature","tag-vrr-column-legends-speak"],"yoast_head":"<!-- This site is optimized with the Yoast SEO plugin v27.5 - https:\/\/yoast.com\/product\/yoast-seo-wordpress\/ -->\n<title>My Time as a Driver<\/title>\n<meta name=\"description\" content=\"FIA president Max Mosley recalls his early days as a driver in Formula 2.\" \/>\n<meta name=\"robots\" content=\"index, follow, max-snippet:-1, max-image-preview:large, max-video-preview:-1\" \/>\n<link rel=\"canonical\" href=\"https:\/\/www.supercars.net\/blog\/my-time-as-a-driver\/\" \/>\n<meta property=\"og:locale\" content=\"en_US\" \/>\n<meta property=\"og:type\" content=\"article\" \/>\n<meta property=\"og:title\" content=\"My Time as a Driver\" \/>\n<meta property=\"og:description\" content=\"FIA president Max Mosley recalls his early days as a driver in Formula 2.\" \/>\n<meta property=\"og:url\" content=\"https:\/\/www.supercars.net\/blog\/my-time-as-a-driver\/\" \/>\n<meta property=\"og:site_name\" content=\"Supercars.net\" \/>\n<meta property=\"article:publisher\" content=\"https:\/\/www.facebook.com\/Supercars.net\/\" \/>\n<meta property=\"article:published_time\" content=\"2006-04-01T15:00:17+00:00\" \/>\n<meta property=\"article:modified_time\" content=\"2024-04-03T16:50:58+00:00\" \/>\n<meta property=\"og:image\" content=\"https:\/\/www.supercars.net\/blog\/wp-content\/uploads\/2006\/04\/LS200604-p2.jpg\" \/>\n\t<meta property=\"og:image:width\" content=\"1080\" \/>\n\t<meta property=\"og:image:height\" content=\"648\" \/>\n\t<meta property=\"og:image:type\" content=\"image\/jpeg\" \/>\n<meta name=\"author\" content=\"Max Mosley\" \/>\n<meta name=\"twitter:card\" content=\"summary_large_image\" \/>\n<meta name=\"twitter:creator\" content=\"@supercars_net\" \/>\n<meta name=\"twitter:site\" content=\"@supercars_net\" \/>\n<meta name=\"twitter:label1\" content=\"Written by\" \/>\n\t<meta name=\"twitter:data1\" content=\"Max Mosley\" \/>\n\t<meta name=\"twitter:label2\" content=\"Est. reading time\" \/>\n\t<meta name=\"twitter:data2\" content=\"6 minutes\" \/>\n<script type=\"application\/ld+json\" class=\"yoast-schema-graph\">{\"@context\":\"https:\\\/\\\/schema.org\",\"@graph\":[{\"@type\":\"Article\",\"@id\":\"https:\\\/\\\/www.supercars.net\\\/blog\\\/my-time-as-a-driver\\\/#article\",\"isPartOf\":{\"@id\":\"https:\\\/\\\/www.supercars.net\\\/blog\\\/my-time-as-a-driver\\\/\"},\"author\":{\"name\":\"Max Mosley\",\"@id\":\"https:\\\/\\\/www.supercars.net\\\/blog\\\/#\\\/schema\\\/person\\\/199ba440ef4a07db6dba1339f7ce14c9\"},\"headline\":\"My Time as a Driver\",\"datePublished\":\"2006-04-01T15:00:17+00:00\",\"dateModified\":\"2024-04-03T16:50:58+00:00\",\"mainEntityOfPage\":{\"@id\":\"https:\\\/\\\/www.supercars.net\\\/blog\\\/my-time-as-a-driver\\\/\"},\"wordCount\":1096,\"commentCount\":0,\"image\":{\"@id\":\"https:\\\/\\\/www.supercars.net\\\/blog\\\/my-time-as-a-driver\\\/#primaryimage\"},\"thumbnailUrl\":\"https:\\\/\\\/www.supercars.net\\\/blog\\\/wp-content\\\/uploads\\\/2006\\\/04\\\/LS200604-p2.jpg\",\"keywords\":[\"(FIA) Federation Internationale de l\u2019Automobile\",\"2000s All\",\"Brabham\",\"Car Culture\",\"Lotus\",\"Lotus (Featured)\",\"Lotus Race (Featured)\",\"People (Max Mosley)\",\"Racetrack (Silverstone)\",\"Series (Formula 2)\",\"Special Feature\",\"VRR Column (Legends Speak)\"],\"articleSection\":[\"Car Culture\",\"Formula 2\",\"Lotus\",\"Members Only\",\"Motorsport &amp; Racing\",\"Special Feature\"],\"inLanguage\":\"en-US\",\"potentialAction\":[{\"@type\":\"CommentAction\",\"name\":\"Comment\",\"target\":[\"https:\\\/\\\/www.supercars.net\\\/blog\\\/my-time-as-a-driver\\\/#respond\"]}]},{\"@type\":\"WebPage\",\"@id\":\"https:\\\/\\\/www.supercars.net\\\/blog\\\/my-time-as-a-driver\\\/\",\"url\":\"https:\\\/\\\/www.supercars.net\\\/blog\\\/my-time-as-a-driver\\\/\",\"name\":\"My Time as a Driver\",\"isPartOf\":{\"@id\":\"https:\\\/\\\/www.supercars.net\\\/blog\\\/#website\"},\"primaryImageOfPage\":{\"@id\":\"https:\\\/\\\/www.supercars.net\\\/blog\\\/my-time-as-a-driver\\\/#primaryimage\"},\"image\":{\"@id\":\"https:\\\/\\\/www.supercars.net\\\/blog\\\/my-time-as-a-driver\\\/#primaryimage\"},\"thumbnailUrl\":\"https:\\\/\\\/www.supercars.net\\\/blog\\\/wp-content\\\/uploads\\\/2006\\\/04\\\/LS200604-p2.jpg\",\"datePublished\":\"2006-04-01T15:00:17+00:00\",\"dateModified\":\"2024-04-03T16:50:58+00:00\",\"author\":{\"@id\":\"https:\\\/\\\/www.supercars.net\\\/blog\\\/#\\\/schema\\\/person\\\/199ba440ef4a07db6dba1339f7ce14c9\"},\"description\":\"FIA president Max Mosley recalls his early days as a driver in Formula 2.\",\"breadcrumb\":{\"@id\":\"https:\\\/\\\/www.supercars.net\\\/blog\\\/my-time-as-a-driver\\\/#breadcrumb\"},\"inLanguage\":\"en-US\",\"potentialAction\":[{\"@type\":\"ReadAction\",\"target\":[\"https:\\\/\\\/www.supercars.net\\\/blog\\\/my-time-as-a-driver\\\/\"]}]},{\"@type\":\"ImageObject\",\"inLanguage\":\"en-US\",\"@id\":\"https:\\\/\\\/www.supercars.net\\\/blog\\\/my-time-as-a-driver\\\/#primaryimage\",\"url\":\"https:\\\/\\\/www.supercars.net\\\/blog\\\/wp-content\\\/uploads\\\/2006\\\/04\\\/LS200604-p2.jpg\",\"contentUrl\":\"https:\\\/\\\/www.supercars.net\\\/blog\\\/wp-content\\\/uploads\\\/2006\\\/04\\\/LS200604-p2.jpg\",\"width\":1080,\"height\":648,\"caption\":\"FIA president Max Mosley made a return both to the track, and his roots, last year when he drove a Mallock U2 in a historic race honoring 40 years of Clubman\u00d5s racing at Silverstone. In the \u00d560s Mosley raced Clubman\u00d5s, as well as Formula 2, before launching the MARCH racecar company.\"},{\"@type\":\"BreadcrumbList\",\"@id\":\"https:\\\/\\\/www.supercars.net\\\/blog\\\/my-time-as-a-driver\\\/#breadcrumb\",\"itemListElement\":[{\"@type\":\"ListItem\",\"position\":1,\"name\":\"Home\",\"item\":\"https:\\\/\\\/www.supercars.net\\\/blog\\\/\"},{\"@type\":\"ListItem\",\"position\":2,\"name\":\"My Time as a Driver\"}]},{\"@type\":\"WebSite\",\"@id\":\"https:\\\/\\\/www.supercars.net\\\/blog\\\/#website\",\"url\":\"https:\\\/\\\/www.supercars.net\\\/blog\\\/\",\"name\":\"Supercars.net\",\"description\":\"Exotic and Supercar news, information, pictures and videos\",\"potentialAction\":[{\"@type\":\"SearchAction\",\"target\":{\"@type\":\"EntryPoint\",\"urlTemplate\":\"https:\\\/\\\/www.supercars.net\\\/blog\\\/?s={search_term_string}\"},\"query-input\":{\"@type\":\"PropertyValueSpecification\",\"valueRequired\":true,\"valueName\":\"search_term_string\"}}],\"inLanguage\":\"en-US\"},{\"@type\":\"Person\",\"@id\":\"https:\\\/\\\/www.supercars.net\\\/blog\\\/#\\\/schema\\\/person\\\/199ba440ef4a07db6dba1339f7ce14c9\",\"name\":\"Max Mosley\",\"image\":{\"@type\":\"ImageObject\",\"inLanguage\":\"en-US\",\"@id\":\"https:\\\/\\\/www.supercars.net\\\/blog\\\/wp-content\\\/uploads\\\/2023\\\/10\\\/Max-Mosley-293x293.jpeg\",\"url\":\"https:\\\/\\\/www.supercars.net\\\/blog\\\/wp-content\\\/uploads\\\/2023\\\/10\\\/Max-Mosley-293x293.jpeg\",\"contentUrl\":\"https:\\\/\\\/www.supercars.net\\\/blog\\\/wp-content\\\/uploads\\\/2023\\\/10\\\/Max-Mosley-293x293.jpeg\",\"caption\":\"Max Mosley\"},\"description\":\"Max Rufus Mosley was a British businessman, lawyer and racing driver. He served as president of the F\u00e9d\u00e9ration Internationale de l'Automobile, the governing body for Formula One.\",\"url\":\"https:\\\/\\\/www.supercars.net\\\/blog\\\/author\\\/max-mosley\\\/\"}]}<\/script>\n<!-- \/ Yoast SEO plugin. -->","yoast_head_json":{"title":"My Time as a Driver","description":"FIA president Max Mosley recalls his early days as a driver in Formula 2.","robots":{"index":"index","follow":"follow","max-snippet":"max-snippet:-1","max-image-preview":"max-image-preview:large","max-video-preview":"max-video-preview:-1"},"canonical":"https:\/\/www.supercars.net\/blog\/my-time-as-a-driver\/","og_locale":"en_US","og_type":"article","og_title":"My Time as a Driver","og_description":"FIA president Max Mosley recalls his early days as a driver in Formula 2.","og_url":"https:\/\/www.supercars.net\/blog\/my-time-as-a-driver\/","og_site_name":"Supercars.net","article_publisher":"https:\/\/www.facebook.com\/Supercars.net\/","article_published_time":"2006-04-01T15:00:17+00:00","article_modified_time":"2024-04-03T16:50:58+00:00","og_image":[{"width":1080,"height":648,"url":"https:\/\/www.supercars.net\/blog\/wp-content\/uploads\/2006\/04\/LS200604-p2.jpg","type":"image\/jpeg"}],"author":"Max Mosley","twitter_card":"summary_large_image","twitter_creator":"@supercars_net","twitter_site":"@supercars_net","twitter_misc":{"Written by":"Max Mosley","Est. reading time":"6 minutes"},"schema":{"@context":"https:\/\/schema.org","@graph":[{"@type":"Article","@id":"https:\/\/www.supercars.net\/blog\/my-time-as-a-driver\/#article","isPartOf":{"@id":"https:\/\/www.supercars.net\/blog\/my-time-as-a-driver\/"},"author":{"name":"Max Mosley","@id":"https:\/\/www.supercars.net\/blog\/#\/schema\/person\/199ba440ef4a07db6dba1339f7ce14c9"},"headline":"My Time as a Driver","datePublished":"2006-04-01T15:00:17+00:00","dateModified":"2024-04-03T16:50:58+00:00","mainEntityOfPage":{"@id":"https:\/\/www.supercars.net\/blog\/my-time-as-a-driver\/"},"wordCount":1096,"commentCount":0,"image":{"@id":"https:\/\/www.supercars.net\/blog\/my-time-as-a-driver\/#primaryimage"},"thumbnailUrl":"https:\/\/www.supercars.net\/blog\/wp-content\/uploads\/2006\/04\/LS200604-p2.jpg","keywords":["(FIA) Federation Internationale de l\u2019Automobile","2000s All","Brabham","Car Culture","Lotus","Lotus (Featured)","Lotus Race (Featured)","People (Max Mosley)","Racetrack (Silverstone)","Series (Formula 2)","Special Feature","VRR Column (Legends Speak)"],"articleSection":["Car Culture","Formula 2","Lotus","Members Only","Motorsport &amp; Racing","Special Feature"],"inLanguage":"en-US","potentialAction":[{"@type":"CommentAction","name":"Comment","target":["https:\/\/www.supercars.net\/blog\/my-time-as-a-driver\/#respond"]}]},{"@type":"WebPage","@id":"https:\/\/www.supercars.net\/blog\/my-time-as-a-driver\/","url":"https:\/\/www.supercars.net\/blog\/my-time-as-a-driver\/","name":"My Time as a Driver","isPartOf":{"@id":"https:\/\/www.supercars.net\/blog\/#website"},"primaryImageOfPage":{"@id":"https:\/\/www.supercars.net\/blog\/my-time-as-a-driver\/#primaryimage"},"image":{"@id":"https:\/\/www.supercars.net\/blog\/my-time-as-a-driver\/#primaryimage"},"thumbnailUrl":"https:\/\/www.supercars.net\/blog\/wp-content\/uploads\/2006\/04\/LS200604-p2.jpg","datePublished":"2006-04-01T15:00:17+00:00","dateModified":"2024-04-03T16:50:58+00:00","author":{"@id":"https:\/\/www.supercars.net\/blog\/#\/schema\/person\/199ba440ef4a07db6dba1339f7ce14c9"},"description":"FIA president Max Mosley recalls his early days as a driver in Formula 2.","breadcrumb":{"@id":"https:\/\/www.supercars.net\/blog\/my-time-as-a-driver\/#breadcrumb"},"inLanguage":"en-US","potentialAction":[{"@type":"ReadAction","target":["https:\/\/www.supercars.net\/blog\/my-time-as-a-driver\/"]}]},{"@type":"ImageObject","inLanguage":"en-US","@id":"https:\/\/www.supercars.net\/blog\/my-time-as-a-driver\/#primaryimage","url":"https:\/\/www.supercars.net\/blog\/wp-content\/uploads\/2006\/04\/LS200604-p2.jpg","contentUrl":"https:\/\/www.supercars.net\/blog\/wp-content\/uploads\/2006\/04\/LS200604-p2.jpg","width":1080,"height":648,"caption":"FIA president Max Mosley made a return both to the track, and his roots, last year when he drove a Mallock U2 in a historic race honoring 40 years of Clubman\u00d5s racing at Silverstone. In the \u00d560s Mosley raced Clubman\u00d5s, as well as Formula 2, before launching the MARCH racecar company."},{"@type":"BreadcrumbList","@id":"https:\/\/www.supercars.net\/blog\/my-time-as-a-driver\/#breadcrumb","itemListElement":[{"@type":"ListItem","position":1,"name":"Home","item":"https:\/\/www.supercars.net\/blog\/"},{"@type":"ListItem","position":2,"name":"My Time as a Driver"}]},{"@type":"WebSite","@id":"https:\/\/www.supercars.net\/blog\/#website","url":"https:\/\/www.supercars.net\/blog\/","name":"Supercars.net","description":"Exotic and Supercar news, information, pictures and videos","potentialAction":[{"@type":"SearchAction","target":{"@type":"EntryPoint","urlTemplate":"https:\/\/www.supercars.net\/blog\/?s={search_term_string}"},"query-input":{"@type":"PropertyValueSpecification","valueRequired":true,"valueName":"search_term_string"}}],"inLanguage":"en-US"},{"@type":"Person","@id":"https:\/\/www.supercars.net\/blog\/#\/schema\/person\/199ba440ef4a07db6dba1339f7ce14c9","name":"Max Mosley","image":{"@type":"ImageObject","inLanguage":"en-US","@id":"https:\/\/www.supercars.net\/blog\/wp-content\/uploads\/2023\/10\/Max-Mosley-293x293.jpeg","url":"https:\/\/www.supercars.net\/blog\/wp-content\/uploads\/2023\/10\/Max-Mosley-293x293.jpeg","contentUrl":"https:\/\/www.supercars.net\/blog\/wp-content\/uploads\/2023\/10\/Max-Mosley-293x293.jpeg","caption":"Max Mosley"},"description":"Max Rufus Mosley was a British businessman, lawyer and racing driver. He served as president of the F\u00e9d\u00e9ration Internationale de l'Automobile, the governing body for Formula One.","url":"https:\/\/www.supercars.net\/blog\/author\/max-mosley\/"}]}},"_links":{"self":[{"href":"https:\/\/www.supercars.net\/blog\/wp-json\/wp\/v2\/posts\/460763","targetHints":{"allow":["GET"]}}],"collection":[{"href":"https:\/\/www.supercars.net\/blog\/wp-json\/wp\/v2\/posts"}],"about":[{"href":"https:\/\/www.supercars.net\/blog\/wp-json\/wp\/v2\/types\/post"}],"author":[{"embeddable":true,"href":"https:\/\/www.supercars.net\/blog\/wp-json\/wp\/v2\/users\/411"}],"replies":[{"embeddable":true,"href":"https:\/\/www.supercars.net\/blog\/wp-json\/wp\/v2\/comments?post=460763"}],"version-history":[{"count":0,"href":"https:\/\/www.supercars.net\/blog\/wp-json\/wp\/v2\/posts\/460763\/revisions"}],"wp:featuredmedia":[{"embeddable":true,"href":"https:\/\/www.supercars.net\/blog\/wp-json\/wp\/v2\/media\/705188"}],"wp:attachment":[{"href":"https:\/\/www.supercars.net\/blog\/wp-json\/wp\/v2\/media?parent=460763"}],"wp:term":[{"taxonomy":"category","embeddable":true,"href":"https:\/\/www.supercars.net\/blog\/wp-json\/wp\/v2\/categories?post=460763"},{"taxonomy":"post_tag","embeddable":true,"href":"https:\/\/www.supercars.net\/blog\/wp-json\/wp\/v2\/tags?post=460763"}],"curies":[{"name":"wp","href":"https:\/\/api.w.org\/{rel}","templated":true}]}}