{"id":460783,"date":"2006-05-01T06:04:06","date_gmt":"2006-05-01T13:04:06","guid":{"rendered":"https:\/\/sportscardigest.com\/\/?p=73167"},"modified":"2023-12-29T09:14:01","modified_gmt":"2023-12-29T09:14:01","slug":"retromobile-10","status":"publish","type":"post","link":"https:\/\/www.supercars.net\/blog\/retromobile-10\/","title":{"rendered":"R\u00e9tromobile (2006) &#8211; Recap &#038; Photo Gallery 01"},"content":{"rendered":"<p>Paris, France<br \/>\nFebruary 10\u201319, 2006<\/p>\n<figure id=\"attachment_699600\" aria-describedby=\"caption-attachment-699600\" style=\"width: 1080px\" class=\"wp-caption alignnone\"><a href=\"https:\/\/www.supercars.net\/blog\/wp-content\/uploads\/2006\/05\/pg4-200605-p1.jpg\"><img decoding=\"async\" class=\"wp-image-699600 size-full\" src=\"https:\/\/www.supercars.net\/blog\/wp-content\/uploads\/2006\/05\/pg4-200605-p1.jpg\" alt=\"\" width=\"1080\" height=\"720\" srcset=\"https:\/\/www.supercars.net\/blog\/wp-content\/uploads\/2006\/05\/pg4-200605-p1.jpg 1080w, https:\/\/www.supercars.net\/blog\/wp-content\/uploads\/2006\/05\/pg4-200605-p1-300x200.jpg 300w, https:\/\/www.supercars.net\/blog\/wp-content\/uploads\/2006\/05\/pg4-200605-p1-1024x683.jpg 1024w, https:\/\/www.supercars.net\/blog\/wp-content\/uploads\/2006\/05\/pg4-200605-p1-100x67.jpg 100w, https:\/\/www.supercars.net\/blog\/wp-content\/uploads\/2006\/05\/pg4-200605-p1-770x513.jpg 770w, https:\/\/www.supercars.net\/blog\/wp-content\/uploads\/2006\/05\/pg4-200605-p1-360x240.jpg 360w, https:\/\/www.supercars.net\/blog\/wp-content\/uploads\/2006\/05\/pg4-200605-p1-370x247.jpg 370w, https:\/\/www.supercars.net\/blog\/wp-content\/uploads\/2006\/05\/pg4-200605-p1-293x195.jpg 293w\" sizes=\"(max-width: 1080px) 100vw, 1080px\" \/><\/a><figcaption id=\"caption-attachment-699600\" class=\"wp-caption-text\">The ex-Le Mans Matra MS670 on the Artcurial auction stand. Photo: Thierry Lesparre<\/figcaption><\/figure>\n<p><!--nextpage--><\/p>\n<figure id=\"attachment_699602\" aria-describedby=\"caption-attachment-699602\" style=\"width: 1080px\" class=\"wp-caption alignnone\"><a href=\"https:\/\/www.supercars.net\/blog\/wp-content\/uploads\/2006\/05\/pg4-200605-p2.jpg\"><img decoding=\"async\" class=\"wp-image-699602 size-full\" src=\"https:\/\/www.supercars.net\/blog\/wp-content\/uploads\/2006\/05\/pg4-200605-p2.jpg\" alt=\"\" width=\"1080\" height=\"720\" srcset=\"https:\/\/www.supercars.net\/blog\/wp-content\/uploads\/2006\/05\/pg4-200605-p2.jpg 1080w, https:\/\/www.supercars.net\/blog\/wp-content\/uploads\/2006\/05\/pg4-200605-p2-300x200.jpg 300w, https:\/\/www.supercars.net\/blog\/wp-content\/uploads\/2006\/05\/pg4-200605-p2-1024x683.jpg 1024w, https:\/\/www.supercars.net\/blog\/wp-content\/uploads\/2006\/05\/pg4-200605-p2-100x67.jpg 100w, https:\/\/www.supercars.net\/blog\/wp-content\/uploads\/2006\/05\/pg4-200605-p2-770x513.jpg 770w, https:\/\/www.supercars.net\/blog\/wp-content\/uploads\/2006\/05\/pg4-200605-p2-360x240.jpg 360w, https:\/\/www.supercars.net\/blog\/wp-content\/uploads\/2006\/05\/pg4-200605-p2-370x247.jpg 370w, https:\/\/www.supercars.net\/blog\/wp-content\/uploads\/2006\/05\/pg4-200605-p2-293x195.jpg 293w\" sizes=\"(max-width: 1080px) 100vw, 1080px\" \/><\/a><figcaption id=\"caption-attachment-699602\" class=\"wp-caption-text\">The theme for this year\u00d5s show was \u00d2The Automobile &amp; Publicity\u00d3 which produced some wild machines like this Space Shuttle?! Photo: Thierry Lesparre<\/figcaption><\/figure>\n<p><!--nextpage--><\/p>\n<figure id=\"attachment_699603\" aria-describedby=\"caption-attachment-699603\" style=\"width: 1080px\" class=\"wp-caption alignnone\"><a href=\"https:\/\/www.supercars.net\/blog\/wp-content\/uploads\/2006\/05\/pg4-200605-p3.jpg\"><img decoding=\"async\" class=\"wp-image-699603 size-full\" src=\"https:\/\/www.supercars.net\/blog\/wp-content\/uploads\/2006\/05\/pg4-200605-p3.jpg\" alt=\"Bugattis abound, including this Bugatti T51.Photo: Thierry Lesparre \" width=\"1080\" height=\"720\" srcset=\"https:\/\/www.supercars.net\/blog\/wp-content\/uploads\/2006\/05\/pg4-200605-p3.jpg 1080w, https:\/\/www.supercars.net\/blog\/wp-content\/uploads\/2006\/05\/pg4-200605-p3-300x200.jpg 300w, https:\/\/www.supercars.net\/blog\/wp-content\/uploads\/2006\/05\/pg4-200605-p3-1024x683.jpg 1024w, https:\/\/www.supercars.net\/blog\/wp-content\/uploads\/2006\/05\/pg4-200605-p3-100x67.jpg 100w, https:\/\/www.supercars.net\/blog\/wp-content\/uploads\/2006\/05\/pg4-200605-p3-770x513.jpg 770w, https:\/\/www.supercars.net\/blog\/wp-content\/uploads\/2006\/05\/pg4-200605-p3-360x240.jpg 360w, https:\/\/www.supercars.net\/blog\/wp-content\/uploads\/2006\/05\/pg4-200605-p3-370x247.jpg 370w, https:\/\/www.supercars.net\/blog\/wp-content\/uploads\/2006\/05\/pg4-200605-p3-293x195.jpg 293w\" sizes=\"(max-width: 1080px) 100vw, 1080px\" \/><\/a><figcaption id=\"caption-attachment-699603\" class=\"wp-caption-text\">Bugattis abound, including this Bugatti T51. Photo: Thierry Lesparre<\/figcaption><\/figure>\n<p><!--nextpage--><\/p>\n<figure id=\"attachment_699604\" aria-describedby=\"caption-attachment-699604\" style=\"width: 1080px\" class=\"wp-caption alignnone\"><a href=\"https:\/\/www.supercars.net\/blog\/wp-content\/uploads\/2006\/05\/pg4-200605-p4-1.jpg\"><img decoding=\"async\" class=\"wp-image-699604 size-full\" src=\"https:\/\/www.supercars.net\/blog\/wp-content\/uploads\/2006\/05\/pg4-200605-p4-1.jpg\" alt=\"\" width=\"1080\" height=\"720\" srcset=\"https:\/\/www.supercars.net\/blog\/wp-content\/uploads\/2006\/05\/pg4-200605-p4-1.jpg 1080w, https:\/\/www.supercars.net\/blog\/wp-content\/uploads\/2006\/05\/pg4-200605-p4-1-300x200.jpg 300w, https:\/\/www.supercars.net\/blog\/wp-content\/uploads\/2006\/05\/pg4-200605-p4-1-1024x683.jpg 1024w, https:\/\/www.supercars.net\/blog\/wp-content\/uploads\/2006\/05\/pg4-200605-p4-1-100x67.jpg 100w, https:\/\/www.supercars.net\/blog\/wp-content\/uploads\/2006\/05\/pg4-200605-p4-1-770x513.jpg 770w, https:\/\/www.supercars.net\/blog\/wp-content\/uploads\/2006\/05\/pg4-200605-p4-1-360x240.jpg 360w, https:\/\/www.supercars.net\/blog\/wp-content\/uploads\/2006\/05\/pg4-200605-p4-1-370x247.jpg 370w, https:\/\/www.supercars.net\/blog\/wp-content\/uploads\/2006\/05\/pg4-200605-p4-1-293x195.jpg 293w\" sizes=\"(max-width: 1080px) 100vw, 1080px\" \/><\/a><figcaption id=\"caption-attachment-699604\" class=\"wp-caption-text\">Cars sent from the Alfa Romeo museum included this Alfa Romeo TZ2 (for-ground) and a P3. Photo: Thierry Lesparre<\/figcaption><\/figure>\n","protected":false},"excerpt":{"rendered":"<p>Paris, France February 10\u201319, 2006<\/p>\n","protected":false},"author":469,"featured_media":699598,"comment_status":"open","ping_status":"closed","sticky":false,"template":"","format":"standard","meta":{"footnotes":""},"categories":[260,16932],"tags":[432,16936,881],"class_list":["post-460783","post","type-post","status-publish","format-standard","has-post-thumbnail","hentry","category-car-events","category-festivals-shows","tag-events","tag-festivals-shows","tag-retromobile"],"yoast_head":"<!-- This site is optimized with the Yoast SEO plugin v27.5 - https:\/\/yoast.com\/product\/yoast-seo-wordpress\/ -->\n<title>R\u00e9tromobile (2006) - Recap &amp; Photo Gallery 01<\/title>\n<meta name=\"description\" content=\"Retromobile, Paris, France\" \/>\n<meta name=\"robots\" content=\"index, follow, max-snippet:-1, max-image-preview:large, max-video-preview:-1\" \/>\n<link rel=\"canonical\" href=\"https:\/\/www.supercars.net\/blog\/retromobile-10\/\" \/>\n<link rel=\"next\" href=\"https:\/\/www.supercars.net\/blog\/retromobile-10\/2\/\" \/>\n<meta property=\"og:locale\" content=\"en_US\" \/>\n<meta property=\"og:type\" content=\"article\" \/>\n<meta property=\"og:title\" content=\"R\u00e9tromobile (2006) - Recap &amp; Photo Gallery 01\" \/>\n<meta property=\"og:description\" content=\"Retromobile, Paris, France\" \/>\n<meta property=\"og:url\" content=\"https:\/\/www.supercars.net\/blog\/retromobile-10\/\" \/>\n<meta property=\"og:site_name\" content=\"Supercars.net\" \/>\n<meta property=\"article:publisher\" content=\"https:\/\/www.facebook.com\/Supercars.net\/\" \/>\n<meta property=\"article:published_time\" content=\"2006-05-01T13:04:06+00:00\" \/>\n<meta property=\"article:modified_time\" content=\"2023-12-29T09:14:01+00:00\" \/>\n<meta property=\"og:image\" content=\"https:\/\/www.supercars.net\/blog\/wp-content\/uploads\/2006\/05\/pg4-200605-p4.jpg\" \/>\n\t<meta property=\"og:image:width\" content=\"1080\" \/>\n\t<meta property=\"og:image:height\" content=\"720\" \/>\n\t<meta property=\"og:image:type\" content=\"image\/jpeg\" \/>\n<meta name=\"author\" content=\"Thierry Lesparre\" \/>\n<meta name=\"twitter:card\" content=\"summary_large_image\" \/>\n<meta name=\"twitter:creator\" content=\"@supercars_net\" \/>\n<meta name=\"twitter:site\" content=\"@supercars_net\" \/>\n<meta name=\"twitter:label1\" content=\"Written by\" \/>\n\t<meta name=\"twitter:data1\" content=\"Thierry Lesparre\" \/>\n\t<meta name=\"twitter:label2\" content=\"Est. reading time\" \/>\n\t<meta name=\"twitter:data2\" content=\"2 minutes\" \/>\n<script type=\"application\/ld+json\" class=\"yoast-schema-graph\">{\"@context\":\"https:\\\/\\\/schema.org\",\"@graph\":[{\"@type\":\"Article\",\"@id\":\"https:\\\/\\\/www.supercars.net\\\/blog\\\/retromobile-10\\\/#article\",\"isPartOf\":{\"@id\":\"https:\\\/\\\/www.supercars.net\\\/blog\\\/retromobile-10\\\/\"},\"author\":{\"name\":\"Thierry Lesparre\",\"@id\":\"https:\\\/\\\/www.supercars.net\\\/blog\\\/#\\\/schema\\\/person\\\/e442e07ba977e1e182e5b7078a248e64\"},\"headline\":\"R\u00e9tromobile (2006) &#8211; Recap &#038; Photo Gallery 01\",\"datePublished\":\"2006-05-01T13:04:06+00:00\",\"dateModified\":\"2023-12-29T09:14:01+00:00\",\"mainEntityOfPage\":{\"@id\":\"https:\\\/\\\/www.supercars.net\\\/blog\\\/retromobile-10\\\/\"},\"wordCount\":102,\"commentCount\":0,\"image\":{\"@id\":\"https:\\\/\\\/www.supercars.net\\\/blog\\\/retromobile-10\\\/#primaryimage\"},\"thumbnailUrl\":\"https:\\\/\\\/www.supercars.net\\\/blog\\\/wp-content\\\/uploads\\\/2006\\\/05\\\/pg4-200605-p4.jpg\",\"keywords\":[\"Event (Car Events &amp; Shows)\",\"Event (Festivals &amp; Shows)\",\"Event (Retromobile)\"],\"articleSection\":[\"Car Events &amp; Shows\",\"Festivals &amp; Shows\"],\"inLanguage\":\"en-US\",\"potentialAction\":[{\"@type\":\"CommentAction\",\"name\":\"Comment\",\"target\":[\"https:\\\/\\\/www.supercars.net\\\/blog\\\/retromobile-10\\\/#respond\"]}]},{\"@type\":\"WebPage\",\"@id\":\"https:\\\/\\\/www.supercars.net\\\/blog\\\/retromobile-10\\\/\",\"url\":\"https:\\\/\\\/www.supercars.net\\\/blog\\\/retromobile-10\\\/\",\"name\":\"R\u00e9tromobile (2006) - Recap & Photo Gallery 01\",\"isPartOf\":{\"@id\":\"https:\\\/\\\/www.supercars.net\\\/blog\\\/#website\"},\"primaryImageOfPage\":{\"@id\":\"https:\\\/\\\/www.supercars.net\\\/blog\\\/retromobile-10\\\/#primaryimage\"},\"image\":{\"@id\":\"https:\\\/\\\/www.supercars.net\\\/blog\\\/retromobile-10\\\/#primaryimage\"},\"thumbnailUrl\":\"https:\\\/\\\/www.supercars.net\\\/blog\\\/wp-content\\\/uploads\\\/2006\\\/05\\\/pg4-200605-p4.jpg\",\"datePublished\":\"2006-05-01T13:04:06+00:00\",\"dateModified\":\"2023-12-29T09:14:01+00:00\",\"author\":{\"@id\":\"https:\\\/\\\/www.supercars.net\\\/blog\\\/#\\\/schema\\\/person\\\/e442e07ba977e1e182e5b7078a248e64\"},\"description\":\"Retromobile, Paris, France\",\"inLanguage\":\"en-US\",\"potentialAction\":[{\"@type\":\"ReadAction\",\"target\":[\"https:\\\/\\\/www.supercars.net\\\/blog\\\/retromobile-10\\\/\"]}]},{\"@type\":\"ImageObject\",\"inLanguage\":\"en-US\",\"@id\":\"https:\\\/\\\/www.supercars.net\\\/blog\\\/retromobile-10\\\/#primaryimage\",\"url\":\"https:\\\/\\\/www.supercars.net\\\/blog\\\/wp-content\\\/uploads\\\/2006\\\/05\\\/pg4-200605-p4.jpg\",\"contentUrl\":\"https:\\\/\\\/www.supercars.net\\\/blog\\\/wp-content\\\/uploads\\\/2006\\\/05\\\/pg4-200605-p4.jpg\",\"width\":1080,\"height\":720,\"caption\":\"Cars sent from the Alfa Romeo museum included this Alfa Romeo TZ2 (for-ground) and a P3. Photo: Thierry Lesparre\"},{\"@type\":\"WebSite\",\"@id\":\"https:\\\/\\\/www.supercars.net\\\/blog\\\/#website\",\"url\":\"https:\\\/\\\/www.supercars.net\\\/blog\\\/\",\"name\":\"Supercars.net\",\"description\":\"Exotic and Supercar news, information, pictures and videos\",\"potentialAction\":[{\"@type\":\"SearchAction\",\"target\":{\"@type\":\"EntryPoint\",\"urlTemplate\":\"https:\\\/\\\/www.supercars.net\\\/blog\\\/?s={search_term_string}\"},\"query-input\":{\"@type\":\"PropertyValueSpecification\",\"valueRequired\":true,\"valueName\":\"search_term_string\"}}],\"inLanguage\":\"en-US\"},{\"@type\":\"Person\",\"@id\":\"https:\\\/\\\/www.supercars.net\\\/blog\\\/#\\\/schema\\\/person\\\/e442e07ba977e1e182e5b7078a248e64\",\"name\":\"Thierry Lesparre\",\"image\":{\"@type\":\"ImageObject\",\"inLanguage\":\"en-US\",\"@id\":\"https:\\\/\\\/secure.gravatar.com\\\/avatar\\\/bc184b9f7705e334a6b25c031e6a97bb666008aa07668e6dae7531996c9a358e?s=96&d=mm&r=g\",\"url\":\"https:\\\/\\\/secure.gravatar.com\\\/avatar\\\/bc184b9f7705e334a6b25c031e6a97bb666008aa07668e6dae7531996c9a358e?s=96&d=mm&r=g\",\"contentUrl\":\"https:\\\/\\\/secure.gravatar.com\\\/avatar\\\/bc184b9f7705e334a6b25c031e6a97bb666008aa07668e6dae7531996c9a358e?s=96&d=mm&r=g\",\"caption\":\"Thierry Lesparre\"},\"url\":\"https:\\\/\\\/www.supercars.net\\\/blog\\\/author\\\/thierry\\\/\"}]}<\/script>\n<!-- \/ Yoast SEO plugin. -->","yoast_head_json":{"title":"R\u00e9tromobile (2006) - Recap & Photo Gallery 01","description":"Retromobile, Paris, France","robots":{"index":"index","follow":"follow","max-snippet":"max-snippet:-1","max-image-preview":"max-image-preview:large","max-video-preview":"max-video-preview:-1"},"canonical":"https:\/\/www.supercars.net\/blog\/retromobile-10\/","next":"https:\/\/www.supercars.net\/blog\/retromobile-10\/2\/","og_locale":"en_US","og_type":"article","og_title":"R\u00e9tromobile (2006) - Recap & Photo Gallery 01","og_description":"Retromobile, Paris, France","og_url":"https:\/\/www.supercars.net\/blog\/retromobile-10\/","og_site_name":"Supercars.net","article_publisher":"https:\/\/www.facebook.com\/Supercars.net\/","article_published_time":"2006-05-01T13:04:06+00:00","article_modified_time":"2023-12-29T09:14:01+00:00","og_image":[{"width":1080,"height":720,"url":"https:\/\/www.supercars.net\/blog\/wp-content\/uploads\/2006\/05\/pg4-200605-p4.jpg","type":"image\/jpeg"}],"author":"Thierry Lesparre","twitter_card":"summary_large_image","twitter_creator":"@supercars_net","twitter_site":"@supercars_net","twitter_misc":{"Written by":"Thierry Lesparre","Est. reading time":"2 minutes"},"schema":{"@context":"https:\/\/schema.org","@graph":[{"@type":"Article","@id":"https:\/\/www.supercars.net\/blog\/retromobile-10\/#article","isPartOf":{"@id":"https:\/\/www.supercars.net\/blog\/retromobile-10\/"},"author":{"name":"Thierry Lesparre","@id":"https:\/\/www.supercars.net\/blog\/#\/schema\/person\/e442e07ba977e1e182e5b7078a248e64"},"headline":"R\u00e9tromobile (2006) &#8211; Recap &#038; Photo Gallery 01","datePublished":"2006-05-01T13:04:06+00:00","dateModified":"2023-12-29T09:14:01+00:00","mainEntityOfPage":{"@id":"https:\/\/www.supercars.net\/blog\/retromobile-10\/"},"wordCount":102,"commentCount":0,"image":{"@id":"https:\/\/www.supercars.net\/blog\/retromobile-10\/#primaryimage"},"thumbnailUrl":"https:\/\/www.supercars.net\/blog\/wp-content\/uploads\/2006\/05\/pg4-200605-p4.jpg","keywords":["Event (Car Events &amp; Shows)","Event (Festivals &amp; Shows)","Event (Retromobile)"],"articleSection":["Car Events &amp; Shows","Festivals &amp; Shows"],"inLanguage":"en-US","potentialAction":[{"@type":"CommentAction","name":"Comment","target":["https:\/\/www.supercars.net\/blog\/retromobile-10\/#respond"]}]},{"@type":"WebPage","@id":"https:\/\/www.supercars.net\/blog\/retromobile-10\/","url":"https:\/\/www.supercars.net\/blog\/retromobile-10\/","name":"R\u00e9tromobile (2006) - Recap & Photo Gallery 01","isPartOf":{"@id":"https:\/\/www.supercars.net\/blog\/#website"},"primaryImageOfPage":{"@id":"https:\/\/www.supercars.net\/blog\/retromobile-10\/#primaryimage"},"image":{"@id":"https:\/\/www.supercars.net\/blog\/retromobile-10\/#primaryimage"},"thumbnailUrl":"https:\/\/www.supercars.net\/blog\/wp-content\/uploads\/2006\/05\/pg4-200605-p4.jpg","datePublished":"2006-05-01T13:04:06+00:00","dateModified":"2023-12-29T09:14:01+00:00","author":{"@id":"https:\/\/www.supercars.net\/blog\/#\/schema\/person\/e442e07ba977e1e182e5b7078a248e64"},"description":"Retromobile, Paris, France","inLanguage":"en-US","potentialAction":[{"@type":"ReadAction","target":["https:\/\/www.supercars.net\/blog\/retromobile-10\/"]}]},{"@type":"ImageObject","inLanguage":"en-US","@id":"https:\/\/www.supercars.net\/blog\/retromobile-10\/#primaryimage","url":"https:\/\/www.supercars.net\/blog\/wp-content\/uploads\/2006\/05\/pg4-200605-p4.jpg","contentUrl":"https:\/\/www.supercars.net\/blog\/wp-content\/uploads\/2006\/05\/pg4-200605-p4.jpg","width":1080,"height":720,"caption":"Cars sent from the Alfa Romeo museum included this Alfa Romeo TZ2 (for-ground) and a P3. Photo: Thierry Lesparre"},{"@type":"WebSite","@id":"https:\/\/www.supercars.net\/blog\/#website","url":"https:\/\/www.supercars.net\/blog\/","name":"Supercars.net","description":"Exotic and Supercar news, information, pictures and videos","potentialAction":[{"@type":"SearchAction","target":{"@type":"EntryPoint","urlTemplate":"https:\/\/www.supercars.net\/blog\/?s={search_term_string}"},"query-input":{"@type":"PropertyValueSpecification","valueRequired":true,"valueName":"search_term_string"}}],"inLanguage":"en-US"},{"@type":"Person","@id":"https:\/\/www.supercars.net\/blog\/#\/schema\/person\/e442e07ba977e1e182e5b7078a248e64","name":"Thierry Lesparre","image":{"@type":"ImageObject","inLanguage":"en-US","@id":"https:\/\/secure.gravatar.com\/avatar\/bc184b9f7705e334a6b25c031e6a97bb666008aa07668e6dae7531996c9a358e?s=96&d=mm&r=g","url":"https:\/\/secure.gravatar.com\/avatar\/bc184b9f7705e334a6b25c031e6a97bb666008aa07668e6dae7531996c9a358e?s=96&d=mm&r=g","contentUrl":"https:\/\/secure.gravatar.com\/avatar\/bc184b9f7705e334a6b25c031e6a97bb666008aa07668e6dae7531996c9a358e?s=96&d=mm&r=g","caption":"Thierry Lesparre"},"url":"https:\/\/www.supercars.net\/blog\/author\/thierry\/"}]}},"_links":{"self":[{"href":"https:\/\/www.supercars.net\/blog\/wp-json\/wp\/v2\/posts\/460783","targetHints":{"allow":["GET"]}}],"collection":[{"href":"https:\/\/www.supercars.net\/blog\/wp-json\/wp\/v2\/posts"}],"about":[{"href":"https:\/\/www.supercars.net\/blog\/wp-json\/wp\/v2\/types\/post"}],"author":[{"embeddable":true,"href":"https:\/\/www.supercars.net\/blog\/wp-json\/wp\/v2\/users\/469"}],"replies":[{"embeddable":true,"href":"https:\/\/www.supercars.net\/blog\/wp-json\/wp\/v2\/comments?post=460783"}],"version-history":[{"count":0,"href":"https:\/\/www.supercars.net\/blog\/wp-json\/wp\/v2\/posts\/460783\/revisions"}],"wp:featuredmedia":[{"embeddable":true,"href":"https:\/\/www.supercars.net\/blog\/wp-json\/wp\/v2\/media\/699598"}],"wp:attachment":[{"href":"https:\/\/www.supercars.net\/blog\/wp-json\/wp\/v2\/media?parent=460783"}],"wp:term":[{"taxonomy":"category","embeddable":true,"href":"https:\/\/www.supercars.net\/blog\/wp-json\/wp\/v2\/categories?post=460783"},{"taxonomy":"post_tag","embeddable":true,"href":"https:\/\/www.supercars.net\/blog\/wp-json\/wp\/v2\/tags?post=460783"}],"curies":[{"name":"wp","href":"https:\/\/api.w.org\/{rel}","templated":true}]}}