{"id":491225,"date":"2010-03-01T16:00:43","date_gmt":"2010-03-02T00:00:43","guid":{"rendered":"https:\/\/sportscardigest.com\/\/?p=48114"},"modified":"2024-12-27T03:07:28","modified_gmt":"2024-12-27T03:07:28","slug":"hans-stuck","status":"publish","type":"post","link":"https:\/\/www.supercars.net\/blog\/hans-stuck\/","title":{"rendered":"Hans Stuck"},"content":{"rendered":"<div class='memberful-global-teaser-content'>\n<p style=\"text-align: justify;\">Hans Stuck first met Adolf Hitler in 1925, when a mutual friend brought the budding F\u00fchrer to the racing driver\u2019s farm near Freiburg, Germany, for a day\u2019s hunting. Hitler never forgot his day out and, after taking power on January 30, 1933, telephoned Stuck, who had been bemoaning the lack of a German car to race since both Austro-Daimler and Mercedes-Benz had dropped out of the sport.<\/p>\n<p style=\"text-align: justify;\">The Reichskanzler said Stuck, then 32 years old, would get his car and asked for a list of his needs. Hans immediately contacted Professor Ferdinand Porsche, who had designed both his Austro-Daimler and the Mercedes SSKL he was racing at the time, and the two arranged to meet in Berlin together with Baron Klaus von Oertzen of Auto Union. They had an audience with the F\u00fchrer during which Hitler agreed the state would partly fund German motor racing, but the money was to be divided between Auto Union and Mercedes. And so, the foundations were laid for the birth of the famous Silver Arrows.<\/p>\n<\/div>\n<style>\n        .memberful-global-teaser-content p:last-child{\n            -webkit-mask-image: linear-gradient(180deg, #000 0%, transparent);\n            mask-image: linear-gradient(180deg, #000 0%, transparent);\n        }\n    <\/style>\n<div class='memberful-global-marketing-content'>\n<div class=\"a07online-global-marketing-content-wrapper\">\n<h2 class=\"a07online-global-marketing-title\">No Subscription? You&#8217;re missing out<\/h2>\n<p class=\"a07online-global-marketing-content\">Any Text Here<\/p>\n<p><a class=\"a07online-global-marketing-prompt\" href=\"https:\/\/supercars.memberful.com\/checkout?plan=86696\">Get Started<\/a><\/p>\n<div class=\"a07online-global-marketing-signin\">\n<h4 class=\"a07online-global-marketing-signin\">Already a Member? <a href=\"https:\/\/supercars.memberful.com\/account\">Sign in to your account here<\/a>.<\/h4>\n<\/div>\n<\/div>\n<\/div>\n","protected":false},"excerpt":{"rendered":"<p>Hans Stuck first met Adolf Hitler in 1925, when a mutual friend brought the budding F\u00fchrer to the racing driver\u2019s farm near Freiburg, Germany, for a day\u2019s hunting. Hitler never forgot his day out and, after taking power on January 30, 1933, telephoned Stuck, who had been bemoaning the lack of a German car to race since both Austro-Daimler and Mercedes-Benz had dropped out of the sport. The Reichskanzler said Stuck, then 32 years old, would get his car and [&hellip;]<\/p>\n","protected":false},"author":179,"featured_media":761730,"comment_status":"open","ping_status":"closed","sticky":false,"template":"","format":"standard","meta":{"footnotes":""},"categories":[263,11272,261,18114,18330,18207],"tags":[18322,13901,1769,17152,11657,13774,11349,17140,75,12715,548,18435,11941,11361,11313,11346,18107,89,16791,583,501,13900,17143,13639],"class_list":["post-491225","post","type-post","status-publish","format-standard","has-post-thumbnail","hentry","category-car-culture","category-members-only","category-motorsport-racing","category-people","category-profiles-car-culture","category-special-feature","tag-2000s-all","tag-austro-daimler","tag-auto-union","tag-car-culture","tag-grand-prix","tag-tripoli-grand-prix","tag-gp-history","tag-members-only","tag-mercedes-benz","tag-mercedes-benz-sskl","tag-motorsport","tag-people","tag-ferdinand-porsche","tag-hans-stuck","tag-rudolf-caracciola","tag-driver-profiles","tag-people-profiles","tag-porsche","tag-profiles","tag-monaco","tag-nurburgring","tag-aiacr","tag-special-feature","tag-the-silver-arrows"],"yoast_head":"<!-- This site is optimized with the Yoast SEO plugin v27.4 - https:\/\/yoast.com\/product\/yoast-seo-wordpress\/ -->\n<title>Hans Stuck<\/title>\n<meta name=\"description\" content=\"Robert Newman recalls the accomplishments of one of Germany\u2019s greatest racing heroes.\" \/>\n<meta name=\"robots\" content=\"index, follow, max-snippet:-1, max-image-preview:large, max-video-preview:-1\" \/>\n<link rel=\"canonical\" href=\"https:\/\/www.supercars.net\/blog\/hans-stuck\/\" \/>\n<link rel=\"next\" href=\"https:\/\/www.supercars.net\/blog\/hans-stuck\/2\/\" \/>\n<meta property=\"og:locale\" content=\"en_US\" \/>\n<meta property=\"og:type\" content=\"article\" \/>\n<meta property=\"og:title\" content=\"Hans Stuck\" \/>\n<meta property=\"og:description\" content=\"Robert Newman recalls the accomplishments of one of Germany\u2019s greatest racing heroes.\" \/>\n<meta property=\"og:url\" content=\"https:\/\/www.supercars.net\/blog\/hans-stuck\/\" \/>\n<meta property=\"og:site_name\" content=\"Supercars.net\" \/>\n<meta property=\"article:publisher\" content=\"https:\/\/www.facebook.com\/Supercars.net\/\" \/>\n<meta property=\"article:published_time\" content=\"2010-03-02T00:00:43+00:00\" \/>\n<meta property=\"article:modified_time\" content=\"2024-12-27T03:07:28+00:00\" \/>\n<meta property=\"og:image\" content=\"https:\/\/www.supercars.net\/blog\/wp-content\/uploads\/2010\/03\/HE200903-p1.jpg\" \/>\n\t<meta property=\"og:image:width\" content=\"1080\" \/>\n\t<meta property=\"og:image:height\" content=\"795\" \/>\n\t<meta property=\"og:image:type\" content=\"image\/jpeg\" \/>\n<meta name=\"author\" content=\"Robert Newman\" \/>\n<meta name=\"twitter:card\" content=\"summary_large_image\" \/>\n<meta name=\"twitter:creator\" content=\"@supercars_net\" \/>\n<meta name=\"twitter:site\" content=\"@supercars_net\" \/>\n<meta name=\"twitter:label1\" content=\"Written by\" \/>\n\t<meta name=\"twitter:data1\" content=\"Robert Newman\" \/>\n\t<meta name=\"twitter:label2\" content=\"Est. reading time\" \/>\n\t<meta name=\"twitter:data2\" content=\"6 minutes\" \/>\n<script type=\"application\/ld+json\" class=\"yoast-schema-graph\">{\"@context\":\"https:\\\/\\\/schema.org\",\"@graph\":[{\"@type\":\"Article\",\"@id\":\"https:\\\/\\\/www.supercars.net\\\/blog\\\/hans-stuck\\\/#article\",\"isPartOf\":{\"@id\":\"https:\\\/\\\/www.supercars.net\\\/blog\\\/hans-stuck\\\/\"},\"author\":{\"name\":\"Robert Newman\",\"@id\":\"https:\\\/\\\/www.supercars.net\\\/blog\\\/#\\\/schema\\\/person\\\/a6bb7003c06481e9ed650a2b44c3e3c3\"},\"headline\":\"Hans Stuck\",\"datePublished\":\"2010-03-02T00:00:43+00:00\",\"dateModified\":\"2024-12-27T03:07:28+00:00\",\"mainEntityOfPage\":{\"@id\":\"https:\\\/\\\/www.supercars.net\\\/blog\\\/hans-stuck\\\/\"},\"wordCount\":1161,\"commentCount\":0,\"image\":{\"@id\":\"https:\\\/\\\/www.supercars.net\\\/blog\\\/hans-stuck\\\/#primaryimage\"},\"thumbnailUrl\":\"https:\\\/\\\/www.supercars.net\\\/blog\\\/wp-content\\\/uploads\\\/2010\\\/03\\\/HE200903-p1.jpg\",\"keywords\":[\"2000s All\",\"Austro Daimler\",\"Auto Union\",\"Car Culture\",\"Grand Prix\",\"Grand Prix (Tripoli)\",\"History (Grand Prix)\",\"Members Only\",\"Mercedes-Benz\",\"Mercedes-Benz Type SSKL\",\"Motorsport &amp; Racing\",\"People\",\"People (Ferdinand Porsche)\",\"People (Hans Stuck)\",\"People (Rudolf Caracciola)\",\"People Profiles (All Drivers)\",\"People Profiles (All)\",\"Porsche\",\"Profiles (All)\",\"Racetrack (Monaco)\",\"Racetrack (N\u00fcrburgring Nordschleife)\",\"Series (AIACR European Championship)\",\"Special Feature\",\"The Silver Arrows\"],\"articleSection\":[\"Car Culture\",\"Members Only\",\"Motorsport &amp; Racing\",\"People\",\"Profiles\",\"Special Feature\"],\"inLanguage\":\"en-US\",\"potentialAction\":[{\"@type\":\"CommentAction\",\"name\":\"Comment\",\"target\":[\"https:\\\/\\\/www.supercars.net\\\/blog\\\/hans-stuck\\\/#respond\"]}]},{\"@type\":\"WebPage\",\"@id\":\"https:\\\/\\\/www.supercars.net\\\/blog\\\/hans-stuck\\\/\",\"url\":\"https:\\\/\\\/www.supercars.net\\\/blog\\\/hans-stuck\\\/\",\"name\":\"Hans Stuck\",\"isPartOf\":{\"@id\":\"https:\\\/\\\/www.supercars.net\\\/blog\\\/#website\"},\"primaryImageOfPage\":{\"@id\":\"https:\\\/\\\/www.supercars.net\\\/blog\\\/hans-stuck\\\/#primaryimage\"},\"image\":{\"@id\":\"https:\\\/\\\/www.supercars.net\\\/blog\\\/hans-stuck\\\/#primaryimage\"},\"thumbnailUrl\":\"https:\\\/\\\/www.supercars.net\\\/blog\\\/wp-content\\\/uploads\\\/2010\\\/03\\\/HE200903-p1.jpg\",\"datePublished\":\"2010-03-02T00:00:43+00:00\",\"dateModified\":\"2024-12-27T03:07:28+00:00\",\"author\":{\"@id\":\"https:\\\/\\\/www.supercars.net\\\/blog\\\/#\\\/schema\\\/person\\\/a6bb7003c06481e9ed650a2b44c3e3c3\"},\"description\":\"Robert Newman recalls the accomplishments of one of Germany\u2019s greatest racing heroes.\",\"inLanguage\":\"en-US\",\"potentialAction\":[{\"@type\":\"ReadAction\",\"target\":[\"https:\\\/\\\/www.supercars.net\\\/blog\\\/hans-stuck\\\/\"]}]},{\"@type\":\"ImageObject\",\"inLanguage\":\"en-US\",\"@id\":\"https:\\\/\\\/www.supercars.net\\\/blog\\\/hans-stuck\\\/#primaryimage\",\"url\":\"https:\\\/\\\/www.supercars.net\\\/blog\\\/wp-content\\\/uploads\\\/2010\\\/03\\\/HE200903-p1.jpg\",\"contentUrl\":\"https:\\\/\\\/www.supercars.net\\\/blog\\\/wp-content\\\/uploads\\\/2010\\\/03\\\/HE200903-p1.jpg\",\"width\":1080,\"height\":795,\"caption\":\"Stuck was sufficiently masterful at the wheel of Dr. Porsche\u00d5s V-16 Auto Union Type A, that Adolf Hitler reversed his firing by the team for being \u00d2uncompetitive.\u00d3 Photo: Audi\"},{\"@type\":\"WebSite\",\"@id\":\"https:\\\/\\\/www.supercars.net\\\/blog\\\/#website\",\"url\":\"https:\\\/\\\/www.supercars.net\\\/blog\\\/\",\"name\":\"Supercars.net\",\"description\":\"Exotic and Supercar news, information, pictures and videos\",\"potentialAction\":[{\"@type\":\"SearchAction\",\"target\":{\"@type\":\"EntryPoint\",\"urlTemplate\":\"https:\\\/\\\/www.supercars.net\\\/blog\\\/?s={search_term_string}\"},\"query-input\":{\"@type\":\"PropertyValueSpecification\",\"valueRequired\":true,\"valueName\":\"search_term_string\"}}],\"inLanguage\":\"en-US\"},{\"@type\":\"Person\",\"@id\":\"https:\\\/\\\/www.supercars.net\\\/blog\\\/#\\\/schema\\\/person\\\/a6bb7003c06481e9ed650a2b44c3e3c3\",\"name\":\"Robert Newman\",\"image\":{\"@type\":\"ImageObject\",\"inLanguage\":\"en-US\",\"@id\":\"https:\\\/\\\/www.supercars.net\\\/blog\\\/wp-content\\\/uploads\\\/2023\\\/10\\\/Robert-Newman-293x293.png\",\"url\":\"https:\\\/\\\/www.supercars.net\\\/blog\\\/wp-content\\\/uploads\\\/2023\\\/10\\\/Robert-Newman-293x293.png\",\"contentUrl\":\"https:\\\/\\\/www.supercars.net\\\/blog\\\/wp-content\\\/uploads\\\/2023\\\/10\\\/Robert-Newman-293x293.png\",\"caption\":\"Robert Newman\"},\"description\":\"PR man Robert Newman's experience rubbing shoulders with racing's household names gives us an inside look at the world of the drivers, the races and the atmosphere in amazing detail.\",\"url\":\"https:\\\/\\\/www.supercars.net\\\/blog\\\/author\\\/robert-newman\\\/\"}]}<\/script>\n<!-- \/ Yoast SEO plugin. -->","yoast_head_json":{"title":"Hans Stuck","description":"Robert Newman recalls the accomplishments of one of Germany\u2019s greatest racing heroes.","robots":{"index":"index","follow":"follow","max-snippet":"max-snippet:-1","max-image-preview":"max-image-preview:large","max-video-preview":"max-video-preview:-1"},"canonical":"https:\/\/www.supercars.net\/blog\/hans-stuck\/","next":"https:\/\/www.supercars.net\/blog\/hans-stuck\/2\/","og_locale":"en_US","og_type":"article","og_title":"Hans Stuck","og_description":"Robert Newman recalls the accomplishments of one of Germany\u2019s greatest racing heroes.","og_url":"https:\/\/www.supercars.net\/blog\/hans-stuck\/","og_site_name":"Supercars.net","article_publisher":"https:\/\/www.facebook.com\/Supercars.net\/","article_published_time":"2010-03-02T00:00:43+00:00","article_modified_time":"2024-12-27T03:07:28+00:00","og_image":[{"width":1080,"height":795,"url":"https:\/\/www.supercars.net\/blog\/wp-content\/uploads\/2010\/03\/HE200903-p1.jpg","type":"image\/jpeg"}],"author":"Robert Newman","twitter_card":"summary_large_image","twitter_creator":"@supercars_net","twitter_site":"@supercars_net","twitter_misc":{"Written by":"Robert Newman","Est. reading time":"6 minutes"},"schema":{"@context":"https:\/\/schema.org","@graph":[{"@type":"Article","@id":"https:\/\/www.supercars.net\/blog\/hans-stuck\/#article","isPartOf":{"@id":"https:\/\/www.supercars.net\/blog\/hans-stuck\/"},"author":{"name":"Robert Newman","@id":"https:\/\/www.supercars.net\/blog\/#\/schema\/person\/a6bb7003c06481e9ed650a2b44c3e3c3"},"headline":"Hans Stuck","datePublished":"2010-03-02T00:00:43+00:00","dateModified":"2024-12-27T03:07:28+00:00","mainEntityOfPage":{"@id":"https:\/\/www.supercars.net\/blog\/hans-stuck\/"},"wordCount":1161,"commentCount":0,"image":{"@id":"https:\/\/www.supercars.net\/blog\/hans-stuck\/#primaryimage"},"thumbnailUrl":"https:\/\/www.supercars.net\/blog\/wp-content\/uploads\/2010\/03\/HE200903-p1.jpg","keywords":["2000s All","Austro Daimler","Auto Union","Car Culture","Grand Prix","Grand Prix (Tripoli)","History (Grand Prix)","Members Only","Mercedes-Benz","Mercedes-Benz Type SSKL","Motorsport &amp; Racing","People","People (Ferdinand Porsche)","People (Hans Stuck)","People (Rudolf Caracciola)","People Profiles (All Drivers)","People Profiles (All)","Porsche","Profiles (All)","Racetrack (Monaco)","Racetrack (N\u00fcrburgring Nordschleife)","Series (AIACR European Championship)","Special Feature","The Silver Arrows"],"articleSection":["Car Culture","Members Only","Motorsport &amp; Racing","People","Profiles","Special Feature"],"inLanguage":"en-US","potentialAction":[{"@type":"CommentAction","name":"Comment","target":["https:\/\/www.supercars.net\/blog\/hans-stuck\/#respond"]}]},{"@type":"WebPage","@id":"https:\/\/www.supercars.net\/blog\/hans-stuck\/","url":"https:\/\/www.supercars.net\/blog\/hans-stuck\/","name":"Hans Stuck","isPartOf":{"@id":"https:\/\/www.supercars.net\/blog\/#website"},"primaryImageOfPage":{"@id":"https:\/\/www.supercars.net\/blog\/hans-stuck\/#primaryimage"},"image":{"@id":"https:\/\/www.supercars.net\/blog\/hans-stuck\/#primaryimage"},"thumbnailUrl":"https:\/\/www.supercars.net\/blog\/wp-content\/uploads\/2010\/03\/HE200903-p1.jpg","datePublished":"2010-03-02T00:00:43+00:00","dateModified":"2024-12-27T03:07:28+00:00","author":{"@id":"https:\/\/www.supercars.net\/blog\/#\/schema\/person\/a6bb7003c06481e9ed650a2b44c3e3c3"},"description":"Robert Newman recalls the accomplishments of one of Germany\u2019s greatest racing heroes.","inLanguage":"en-US","potentialAction":[{"@type":"ReadAction","target":["https:\/\/www.supercars.net\/blog\/hans-stuck\/"]}]},{"@type":"ImageObject","inLanguage":"en-US","@id":"https:\/\/www.supercars.net\/blog\/hans-stuck\/#primaryimage","url":"https:\/\/www.supercars.net\/blog\/wp-content\/uploads\/2010\/03\/HE200903-p1.jpg","contentUrl":"https:\/\/www.supercars.net\/blog\/wp-content\/uploads\/2010\/03\/HE200903-p1.jpg","width":1080,"height":795,"caption":"Stuck was sufficiently masterful at the wheel of Dr. Porsche\u00d5s V-16 Auto Union Type A, that Adolf Hitler reversed his firing by the team for being \u00d2uncompetitive.\u00d3 Photo: Audi"},{"@type":"WebSite","@id":"https:\/\/www.supercars.net\/blog\/#website","url":"https:\/\/www.supercars.net\/blog\/","name":"Supercars.net","description":"Exotic and Supercar news, information, pictures and videos","potentialAction":[{"@type":"SearchAction","target":{"@type":"EntryPoint","urlTemplate":"https:\/\/www.supercars.net\/blog\/?s={search_term_string}"},"query-input":{"@type":"PropertyValueSpecification","valueRequired":true,"valueName":"search_term_string"}}],"inLanguage":"en-US"},{"@type":"Person","@id":"https:\/\/www.supercars.net\/blog\/#\/schema\/person\/a6bb7003c06481e9ed650a2b44c3e3c3","name":"Robert Newman","image":{"@type":"ImageObject","inLanguage":"en-US","@id":"https:\/\/www.supercars.net\/blog\/wp-content\/uploads\/2023\/10\/Robert-Newman-293x293.png","url":"https:\/\/www.supercars.net\/blog\/wp-content\/uploads\/2023\/10\/Robert-Newman-293x293.png","contentUrl":"https:\/\/www.supercars.net\/blog\/wp-content\/uploads\/2023\/10\/Robert-Newman-293x293.png","caption":"Robert Newman"},"description":"PR man Robert Newman's experience rubbing shoulders with racing's household names gives us an inside look at the world of the drivers, the races and the atmosphere in amazing detail.","url":"https:\/\/www.supercars.net\/blog\/author\/robert-newman\/"}]}},"_links":{"self":[{"href":"https:\/\/www.supercars.net\/blog\/wp-json\/wp\/v2\/posts\/491225","targetHints":{"allow":["GET"]}}],"collection":[{"href":"https:\/\/www.supercars.net\/blog\/wp-json\/wp\/v2\/posts"}],"about":[{"href":"https:\/\/www.supercars.net\/blog\/wp-json\/wp\/v2\/types\/post"}],"author":[{"embeddable":true,"href":"https:\/\/www.supercars.net\/blog\/wp-json\/wp\/v2\/users\/179"}],"replies":[{"embeddable":true,"href":"https:\/\/www.supercars.net\/blog\/wp-json\/wp\/v2\/comments?post=491225"}],"version-history":[{"count":0,"href":"https:\/\/www.supercars.net\/blog\/wp-json\/wp\/v2\/posts\/491225\/revisions"}],"wp:featuredmedia":[{"embeddable":true,"href":"https:\/\/www.supercars.net\/blog\/wp-json\/wp\/v2\/media\/761730"}],"wp:attachment":[{"href":"https:\/\/www.supercars.net\/blog\/wp-json\/wp\/v2\/media?parent=491225"}],"wp:term":[{"taxonomy":"category","embeddable":true,"href":"https:\/\/www.supercars.net\/blog\/wp-json\/wp\/v2\/categories?post=491225"},{"taxonomy":"post_tag","embeddable":true,"href":"https:\/\/www.supercars.net\/blog\/wp-json\/wp\/v2\/tags?post=491225"}],"curies":[{"name":"wp","href":"https:\/\/api.w.org\/{rel}","templated":true}]}}