{"id":491426,"date":"2010-08-01T06:01:06","date_gmt":"2010-08-01T13:01:06","guid":{"rendered":"https:\/\/sportscardigest.com\/\/?p=39559"},"modified":"2024-02-23T19:40:58","modified_gmt":"2024-02-23T19:40:58","slug":"scc-mallala-historics","status":"publish","type":"post","link":"https:\/\/www.supercars.net\/blog\/scc-mallala-historics\/","title":{"rendered":"SCC Mallala Historics (2010)"},"content":{"rendered":"<p>Mallala Motorsports Park, South Australia<\/p>\n<p>April 3\u20134, 2010<\/p>\n<div class=\"mceTemp\"><\/div>\n<figure id=\"attachment_579861\" aria-describedby=\"caption-attachment-579861\" style=\"width: 1080px\" class=\"wp-caption alignnone\"><a href=\"https:\/\/www.supercars.net\/blog\/wp-content\/uploads\/2010\/08\/pg1-201008-p1.jpg\"><img decoding=\"async\" class=\"size-full wp-image-579861\" src=\"https:\/\/www.supercars.net\/blog\/wp-content\/uploads\/2010\/08\/pg1-201008-p1.jpg\" alt=\"\" width=\"1080\" height=\"736\" srcset=\"https:\/\/www.supercars.net\/blog\/wp-content\/uploads\/2010\/08\/pg1-201008-p1.jpg 1080w, https:\/\/www.supercars.net\/blog\/wp-content\/uploads\/2010\/08\/pg1-201008-p1-300x204.jpg 300w, https:\/\/www.supercars.net\/blog\/wp-content\/uploads\/2010\/08\/pg1-201008-p1-1024x698.jpg 1024w, https:\/\/www.supercars.net\/blog\/wp-content\/uploads\/2010\/08\/pg1-201008-p1-100x68.jpg 100w, https:\/\/www.supercars.net\/blog\/wp-content\/uploads\/2010\/08\/pg1-201008-p1-770x525.jpg 770w, https:\/\/www.supercars.net\/blog\/wp-content\/uploads\/2010\/08\/pg1-201008-p1-293x200.jpg 293w\" sizes=\"(max-width: 1080px) 100vw, 1080px\" \/><\/a><figcaption id=\"caption-attachment-579861\" class=\"wp-caption-text\">Bill Hemming\u00d5s Elfin 300 sports holds off Richard Carter\u00d5s Elfin 600 Formula 2.<br \/>Photo: John Lemm<\/figcaption><\/figure>\n<figure id=\"attachment_579862\" aria-describedby=\"caption-attachment-579862\" style=\"width: 1080px\" class=\"wp-caption alignnone\"><a href=\"https:\/\/www.supercars.net\/blog\/wp-content\/uploads\/2010\/08\/pg1-201008-p2.jpg\"><img decoding=\"async\" class=\"size-full wp-image-579862\" src=\"https:\/\/www.supercars.net\/blog\/wp-content\/uploads\/2010\/08\/pg1-201008-p2.jpg\" alt=\"\" width=\"1080\" height=\"717\" srcset=\"https:\/\/www.supercars.net\/blog\/wp-content\/uploads\/2010\/08\/pg1-201008-p2.jpg 1080w, https:\/\/www.supercars.net\/blog\/wp-content\/uploads\/2010\/08\/pg1-201008-p2-300x199.jpg 300w, https:\/\/www.supercars.net\/blog\/wp-content\/uploads\/2010\/08\/pg1-201008-p2-1024x680.jpg 1024w, https:\/\/www.supercars.net\/blog\/wp-content\/uploads\/2010\/08\/pg1-201008-p2-100x66.jpg 100w, https:\/\/www.supercars.net\/blog\/wp-content\/uploads\/2010\/08\/pg1-201008-p2-770x511.jpg 770w, https:\/\/www.supercars.net\/blog\/wp-content\/uploads\/2010\/08\/pg1-201008-p2-360x240.jpg 360w, https:\/\/www.supercars.net\/blog\/wp-content\/uploads\/2010\/08\/pg1-201008-p2-370x247.jpg 370w, https:\/\/www.supercars.net\/blog\/wp-content\/uploads\/2010\/08\/pg1-201008-p2-293x195.jpg 293w\" sizes=\"(max-width: 1080px) 100vw, 1080px\" \/><\/a><figcaption id=\"caption-attachment-579862\" class=\"wp-caption-text\">Bradley DeLuca\u00d5s Falcon Rallye Sprint leads Mark Forgie\u00d5s Porsche 911 and Chris Frost\u00d5s Torana XU-1 during the opening round of the Australian Historic Touring Car Cup.<br \/>Photo: John Lemm<\/figcaption><\/figure>\n<figure id=\"attachment_579863\" aria-describedby=\"caption-attachment-579863\" style=\"width: 1080px\" class=\"wp-caption alignnone\"><a href=\"https:\/\/www.supercars.net\/blog\/wp-content\/uploads\/2010\/08\/pg1-201008-p3.jpg\"><img decoding=\"async\" class=\"size-full wp-image-579863\" src=\"https:\/\/www.supercars.net\/blog\/wp-content\/uploads\/2010\/08\/pg1-201008-p3.jpg\" alt=\"\" width=\"1080\" height=\"739\" srcset=\"https:\/\/www.supercars.net\/blog\/wp-content\/uploads\/2010\/08\/pg1-201008-p3.jpg 1080w, https:\/\/www.supercars.net\/blog\/wp-content\/uploads\/2010\/08\/pg1-201008-p3-300x205.jpg 300w, https:\/\/www.supercars.net\/blog\/wp-content\/uploads\/2010\/08\/pg1-201008-p3-1024x701.jpg 1024w, https:\/\/www.supercars.net\/blog\/wp-content\/uploads\/2010\/08\/pg1-201008-p3-100x68.jpg 100w, https:\/\/www.supercars.net\/blog\/wp-content\/uploads\/2010\/08\/pg1-201008-p3-770x527.jpg 770w, https:\/\/www.supercars.net\/blog\/wp-content\/uploads\/2010\/08\/pg1-201008-p3-293x200.jpg 293w\" sizes=\"(max-width: 1080px) 100vw, 1080px\" \/><\/a><figcaption id=\"caption-attachment-579863\" class=\"wp-caption-text\">Mike Bennett\u00d5s pristine Lotus 12 is the very first Lotus Formula 1 car.<br \/>Photo: John Lemm<\/figcaption><\/figure>\n<figure id=\"attachment_579864\" aria-describedby=\"caption-attachment-579864\" style=\"width: 1080px\" class=\"wp-caption alignnone\"><a href=\"https:\/\/www.supercars.net\/blog\/wp-content\/uploads\/2010\/08\/pg1-201008-p4.jpg\"><img decoding=\"async\" class=\"size-full wp-image-579864\" src=\"https:\/\/www.supercars.net\/blog\/wp-content\/uploads\/2010\/08\/pg1-201008-p4.jpg\" alt=\"\" width=\"1080\" height=\"726\" srcset=\"https:\/\/www.supercars.net\/blog\/wp-content\/uploads\/2010\/08\/pg1-201008-p4.jpg 1080w, https:\/\/www.supercars.net\/blog\/wp-content\/uploads\/2010\/08\/pg1-201008-p4-300x202.jpg 300w, https:\/\/www.supercars.net\/blog\/wp-content\/uploads\/2010\/08\/pg1-201008-p4-1024x688.jpg 1024w, https:\/\/www.supercars.net\/blog\/wp-content\/uploads\/2010\/08\/pg1-201008-p4-100x67.jpg 100w, https:\/\/www.supercars.net\/blog\/wp-content\/uploads\/2010\/08\/pg1-201008-p4-770x518.jpg 770w, https:\/\/www.supercars.net\/blog\/wp-content\/uploads\/2010\/08\/pg1-201008-p4-293x197.jpg 293w\" sizes=\"(max-width: 1080px) 100vw, 1080px\" \/><\/a><figcaption id=\"caption-attachment-579864\" class=\"wp-caption-text\">Graeme Lowe brought our his lovely Alta, which he has owned for more than 30 years.<br \/>Photo: John Lemm<\/figcaption><\/figure>\n","protected":false},"excerpt":{"rendered":"<p>Mallala Motorsports Park, South Australia April 3\u20134, 2010<\/p>\n","protected":false},"author":202,"featured_media":579864,"comment_status":"open","ping_status":"closed","sticky":false,"template":"","format":"standard","meta":{"footnotes":""},"categories":[495,260,13063],"tags":[5469,432,15234,17937],"class_list":["post-491426","post","type-post","status-publish","format-standard","has-post-thumbnail","hentry","category-bugatti","category-car-events","category-vintage-car-racing","tag-bugatti","tag-events","tag-events-vintage-racing","tag-vintage-race-scc-mallala-historics"],"yoast_head":"<!-- This site is optimized with the Yoast SEO plugin v27.4 - https:\/\/yoast.com\/product\/yoast-seo-wordpress\/ -->\n<title>SCC Mallala Historics (2010)<\/title>\n<meta name=\"description\" content=\"SCC Mallala Historics\" \/>\n<meta name=\"robots\" content=\"index, follow, max-snippet:-1, max-image-preview:large, max-video-preview:-1\" \/>\n<link rel=\"canonical\" href=\"https:\/\/www.supercars.net\/blog\/scc-mallala-historics\/\" \/>\n<meta property=\"og:locale\" content=\"en_US\" \/>\n<meta property=\"og:type\" content=\"article\" \/>\n<meta property=\"og:title\" content=\"SCC Mallala Historics (2010)\" \/>\n<meta property=\"og:description\" content=\"SCC Mallala Historics\" \/>\n<meta property=\"og:url\" content=\"https:\/\/www.supercars.net\/blog\/scc-mallala-historics\/\" \/>\n<meta property=\"og:site_name\" content=\"Supercars.net\" \/>\n<meta property=\"article:publisher\" content=\"https:\/\/www.facebook.com\/Supercars.net\/\" \/>\n<meta property=\"article:published_time\" content=\"2010-08-01T13:01:06+00:00\" \/>\n<meta property=\"article:modified_time\" content=\"2024-02-23T19:40:58+00:00\" \/>\n<meta property=\"og:image\" content=\"https:\/\/www.supercars.net\/blog\/wp-content\/uploads\/2010\/08\/pg1-201008-p4.jpg\" \/>\n\t<meta property=\"og:image:width\" content=\"1080\" \/>\n\t<meta property=\"og:image:height\" content=\"726\" \/>\n\t<meta property=\"og:image:type\" content=\"image\/jpeg\" \/>\n<meta name=\"author\" content=\"John Lemm\" \/>\n<meta name=\"twitter:card\" content=\"summary_large_image\" \/>\n<meta name=\"twitter:creator\" content=\"@supercars_net\" \/>\n<meta name=\"twitter:site\" content=\"@supercars_net\" \/>\n<meta name=\"twitter:label1\" content=\"Written by\" \/>\n\t<meta name=\"twitter:data1\" content=\"John Lemm\" \/>\n\t<meta name=\"twitter:label2\" content=\"Est. reading time\" \/>\n\t<meta name=\"twitter:data2\" content=\"2 minutes\" \/>\n<script type=\"application\/ld+json\" class=\"yoast-schema-graph\">{\"@context\":\"https:\\\/\\\/schema.org\",\"@graph\":[{\"@type\":\"Article\",\"@id\":\"https:\\\/\\\/www.supercars.net\\\/blog\\\/scc-mallala-historics\\\/#article\",\"isPartOf\":{\"@id\":\"https:\\\/\\\/www.supercars.net\\\/blog\\\/scc-mallala-historics\\\/\"},\"author\":{\"name\":\"John Lemm\",\"@id\":\"https:\\\/\\\/www.supercars.net\\\/blog\\\/#\\\/schema\\\/person\\\/51495057b47f95f1024f812627e4a5fc\"},\"headline\":\"SCC Mallala Historics (2010)\",\"datePublished\":\"2010-08-01T13:01:06+00:00\",\"dateModified\":\"2024-02-23T19:40:58+00:00\",\"mainEntityOfPage\":{\"@id\":\"https:\\\/\\\/www.supercars.net\\\/blog\\\/scc-mallala-historics\\\/\"},\"wordCount\":116,\"commentCount\":0,\"image\":{\"@id\":\"https:\\\/\\\/www.supercars.net\\\/blog\\\/scc-mallala-historics\\\/#primaryimage\"},\"thumbnailUrl\":\"https:\\\/\\\/www.supercars.net\\\/blog\\\/wp-content\\\/uploads\\\/2010\\\/08\\\/pg1-201008-p4.jpg\",\"keywords\":[\"Bugatti\",\"Event (Car Events &amp; Shows)\",\"Event (Vintage Races)\",\"Vintage Race (SCC Mallala Historics)\"],\"articleSection\":[\"Bugatti\",\"Car Events &amp; Shows\",\"Vintage Races &amp; Rallies\"],\"inLanguage\":\"en-US\",\"potentialAction\":[{\"@type\":\"CommentAction\",\"name\":\"Comment\",\"target\":[\"https:\\\/\\\/www.supercars.net\\\/blog\\\/scc-mallala-historics\\\/#respond\"]}]},{\"@type\":\"WebPage\",\"@id\":\"https:\\\/\\\/www.supercars.net\\\/blog\\\/scc-mallala-historics\\\/\",\"url\":\"https:\\\/\\\/www.supercars.net\\\/blog\\\/scc-mallala-historics\\\/\",\"name\":\"SCC Mallala Historics (2010)\",\"isPartOf\":{\"@id\":\"https:\\\/\\\/www.supercars.net\\\/blog\\\/#website\"},\"primaryImageOfPage\":{\"@id\":\"https:\\\/\\\/www.supercars.net\\\/blog\\\/scc-mallala-historics\\\/#primaryimage\"},\"image\":{\"@id\":\"https:\\\/\\\/www.supercars.net\\\/blog\\\/scc-mallala-historics\\\/#primaryimage\"},\"thumbnailUrl\":\"https:\\\/\\\/www.supercars.net\\\/blog\\\/wp-content\\\/uploads\\\/2010\\\/08\\\/pg1-201008-p4.jpg\",\"datePublished\":\"2010-08-01T13:01:06+00:00\",\"dateModified\":\"2024-02-23T19:40:58+00:00\",\"author\":{\"@id\":\"https:\\\/\\\/www.supercars.net\\\/blog\\\/#\\\/schema\\\/person\\\/51495057b47f95f1024f812627e4a5fc\"},\"description\":\"SCC Mallala Historics\",\"breadcrumb\":{\"@id\":\"https:\\\/\\\/www.supercars.net\\\/blog\\\/scc-mallala-historics\\\/#breadcrumb\"},\"inLanguage\":\"en-US\",\"potentialAction\":[{\"@type\":\"ReadAction\",\"target\":[\"https:\\\/\\\/www.supercars.net\\\/blog\\\/scc-mallala-historics\\\/\"]}]},{\"@type\":\"ImageObject\",\"inLanguage\":\"en-US\",\"@id\":\"https:\\\/\\\/www.supercars.net\\\/blog\\\/scc-mallala-historics\\\/#primaryimage\",\"url\":\"https:\\\/\\\/www.supercars.net\\\/blog\\\/wp-content\\\/uploads\\\/2010\\\/08\\\/pg1-201008-p4.jpg\",\"contentUrl\":\"https:\\\/\\\/www.supercars.net\\\/blog\\\/wp-content\\\/uploads\\\/2010\\\/08\\\/pg1-201008-p4.jpg\",\"width\":1080,\"height\":726,\"caption\":\"Graeme Lowe brought our his lovely Alta, which he has owned for more than 30 years. Photo: John Lemm\"},{\"@type\":\"BreadcrumbList\",\"@id\":\"https:\\\/\\\/www.supercars.net\\\/blog\\\/scc-mallala-historics\\\/#breadcrumb\",\"itemListElement\":[{\"@type\":\"ListItem\",\"position\":1,\"name\":\"Home\",\"item\":\"https:\\\/\\\/www.supercars.net\\\/blog\\\/\"},{\"@type\":\"ListItem\",\"position\":2,\"name\":\"SCC Mallala Historics (2010)\"}]},{\"@type\":\"WebSite\",\"@id\":\"https:\\\/\\\/www.supercars.net\\\/blog\\\/#website\",\"url\":\"https:\\\/\\\/www.supercars.net\\\/blog\\\/\",\"name\":\"Supercars.net\",\"description\":\"Exotic and Supercar news, information, pictures and videos\",\"potentialAction\":[{\"@type\":\"SearchAction\",\"target\":{\"@type\":\"EntryPoint\",\"urlTemplate\":\"https:\\\/\\\/www.supercars.net\\\/blog\\\/?s={search_term_string}\"},\"query-input\":{\"@type\":\"PropertyValueSpecification\",\"valueRequired\":true,\"valueName\":\"search_term_string\"}}],\"inLanguage\":\"en-US\"},{\"@type\":\"Person\",\"@id\":\"https:\\\/\\\/www.supercars.net\\\/blog\\\/#\\\/schema\\\/person\\\/51495057b47f95f1024f812627e4a5fc\",\"name\":\"John Lemm\",\"image\":{\"@type\":\"ImageObject\",\"inLanguage\":\"en-US\",\"@id\":\"https:\\\/\\\/www.supercars.net\\\/blog\\\/wp-content\\\/uploads\\\/2023\\\/10\\\/John-Lemm-293x293.jpeg\",\"url\":\"https:\\\/\\\/www.supercars.net\\\/blog\\\/wp-content\\\/uploads\\\/2023\\\/10\\\/John-Lemm-293x293.jpeg\",\"contentUrl\":\"https:\\\/\\\/www.supercars.net\\\/blog\\\/wp-content\\\/uploads\\\/2023\\\/10\\\/John-Lemm-293x293.jpeg\",\"caption\":\"John Lemm\"},\"description\":\"I have been a motor sport photographer in Australia since 1971. More recently I seem to specialise in historic racing.\",\"url\":\"https:\\\/\\\/www.supercars.net\\\/blog\\\/author\\\/john-lemm\\\/\"}]}<\/script>\n<!-- \/ Yoast SEO plugin. -->","yoast_head_json":{"title":"SCC Mallala Historics (2010)","description":"SCC Mallala Historics","robots":{"index":"index","follow":"follow","max-snippet":"max-snippet:-1","max-image-preview":"max-image-preview:large","max-video-preview":"max-video-preview:-1"},"canonical":"https:\/\/www.supercars.net\/blog\/scc-mallala-historics\/","og_locale":"en_US","og_type":"article","og_title":"SCC Mallala Historics (2010)","og_description":"SCC Mallala Historics","og_url":"https:\/\/www.supercars.net\/blog\/scc-mallala-historics\/","og_site_name":"Supercars.net","article_publisher":"https:\/\/www.facebook.com\/Supercars.net\/","article_published_time":"2010-08-01T13:01:06+00:00","article_modified_time":"2024-02-23T19:40:58+00:00","og_image":[{"width":1080,"height":726,"url":"https:\/\/www.supercars.net\/blog\/wp-content\/uploads\/2010\/08\/pg1-201008-p4.jpg","type":"image\/jpeg"}],"author":"John Lemm","twitter_card":"summary_large_image","twitter_creator":"@supercars_net","twitter_site":"@supercars_net","twitter_misc":{"Written by":"John Lemm","Est. reading time":"2 minutes"},"schema":{"@context":"https:\/\/schema.org","@graph":[{"@type":"Article","@id":"https:\/\/www.supercars.net\/blog\/scc-mallala-historics\/#article","isPartOf":{"@id":"https:\/\/www.supercars.net\/blog\/scc-mallala-historics\/"},"author":{"name":"John Lemm","@id":"https:\/\/www.supercars.net\/blog\/#\/schema\/person\/51495057b47f95f1024f812627e4a5fc"},"headline":"SCC Mallala Historics (2010)","datePublished":"2010-08-01T13:01:06+00:00","dateModified":"2024-02-23T19:40:58+00:00","mainEntityOfPage":{"@id":"https:\/\/www.supercars.net\/blog\/scc-mallala-historics\/"},"wordCount":116,"commentCount":0,"image":{"@id":"https:\/\/www.supercars.net\/blog\/scc-mallala-historics\/#primaryimage"},"thumbnailUrl":"https:\/\/www.supercars.net\/blog\/wp-content\/uploads\/2010\/08\/pg1-201008-p4.jpg","keywords":["Bugatti","Event (Car Events &amp; Shows)","Event (Vintage Races)","Vintage Race (SCC Mallala Historics)"],"articleSection":["Bugatti","Car Events &amp; Shows","Vintage Races &amp; Rallies"],"inLanguage":"en-US","potentialAction":[{"@type":"CommentAction","name":"Comment","target":["https:\/\/www.supercars.net\/blog\/scc-mallala-historics\/#respond"]}]},{"@type":"WebPage","@id":"https:\/\/www.supercars.net\/blog\/scc-mallala-historics\/","url":"https:\/\/www.supercars.net\/blog\/scc-mallala-historics\/","name":"SCC Mallala Historics (2010)","isPartOf":{"@id":"https:\/\/www.supercars.net\/blog\/#website"},"primaryImageOfPage":{"@id":"https:\/\/www.supercars.net\/blog\/scc-mallala-historics\/#primaryimage"},"image":{"@id":"https:\/\/www.supercars.net\/blog\/scc-mallala-historics\/#primaryimage"},"thumbnailUrl":"https:\/\/www.supercars.net\/blog\/wp-content\/uploads\/2010\/08\/pg1-201008-p4.jpg","datePublished":"2010-08-01T13:01:06+00:00","dateModified":"2024-02-23T19:40:58+00:00","author":{"@id":"https:\/\/www.supercars.net\/blog\/#\/schema\/person\/51495057b47f95f1024f812627e4a5fc"},"description":"SCC Mallala Historics","breadcrumb":{"@id":"https:\/\/www.supercars.net\/blog\/scc-mallala-historics\/#breadcrumb"},"inLanguage":"en-US","potentialAction":[{"@type":"ReadAction","target":["https:\/\/www.supercars.net\/blog\/scc-mallala-historics\/"]}]},{"@type":"ImageObject","inLanguage":"en-US","@id":"https:\/\/www.supercars.net\/blog\/scc-mallala-historics\/#primaryimage","url":"https:\/\/www.supercars.net\/blog\/wp-content\/uploads\/2010\/08\/pg1-201008-p4.jpg","contentUrl":"https:\/\/www.supercars.net\/blog\/wp-content\/uploads\/2010\/08\/pg1-201008-p4.jpg","width":1080,"height":726,"caption":"Graeme Lowe brought our his lovely Alta, which he has owned for more than 30 years. Photo: John Lemm"},{"@type":"BreadcrumbList","@id":"https:\/\/www.supercars.net\/blog\/scc-mallala-historics\/#breadcrumb","itemListElement":[{"@type":"ListItem","position":1,"name":"Home","item":"https:\/\/www.supercars.net\/blog\/"},{"@type":"ListItem","position":2,"name":"SCC Mallala Historics (2010)"}]},{"@type":"WebSite","@id":"https:\/\/www.supercars.net\/blog\/#website","url":"https:\/\/www.supercars.net\/blog\/","name":"Supercars.net","description":"Exotic and Supercar news, information, pictures and videos","potentialAction":[{"@type":"SearchAction","target":{"@type":"EntryPoint","urlTemplate":"https:\/\/www.supercars.net\/blog\/?s={search_term_string}"},"query-input":{"@type":"PropertyValueSpecification","valueRequired":true,"valueName":"search_term_string"}}],"inLanguage":"en-US"},{"@type":"Person","@id":"https:\/\/www.supercars.net\/blog\/#\/schema\/person\/51495057b47f95f1024f812627e4a5fc","name":"John Lemm","image":{"@type":"ImageObject","inLanguage":"en-US","@id":"https:\/\/www.supercars.net\/blog\/wp-content\/uploads\/2023\/10\/John-Lemm-293x293.jpeg","url":"https:\/\/www.supercars.net\/blog\/wp-content\/uploads\/2023\/10\/John-Lemm-293x293.jpeg","contentUrl":"https:\/\/www.supercars.net\/blog\/wp-content\/uploads\/2023\/10\/John-Lemm-293x293.jpeg","caption":"John Lemm"},"description":"I have been a motor sport photographer in Australia since 1971. More recently I seem to specialise in historic racing.","url":"https:\/\/www.supercars.net\/blog\/author\/john-lemm\/"}]}},"_links":{"self":[{"href":"https:\/\/www.supercars.net\/blog\/wp-json\/wp\/v2\/posts\/491426","targetHints":{"allow":["GET"]}}],"collection":[{"href":"https:\/\/www.supercars.net\/blog\/wp-json\/wp\/v2\/posts"}],"about":[{"href":"https:\/\/www.supercars.net\/blog\/wp-json\/wp\/v2\/types\/post"}],"author":[{"embeddable":true,"href":"https:\/\/www.supercars.net\/blog\/wp-json\/wp\/v2\/users\/202"}],"replies":[{"embeddable":true,"href":"https:\/\/www.supercars.net\/blog\/wp-json\/wp\/v2\/comments?post=491426"}],"version-history":[{"count":0,"href":"https:\/\/www.supercars.net\/blog\/wp-json\/wp\/v2\/posts\/491426\/revisions"}],"wp:featuredmedia":[{"embeddable":true,"href":"https:\/\/www.supercars.net\/blog\/wp-json\/wp\/v2\/media\/579864"}],"wp:attachment":[{"href":"https:\/\/www.supercars.net\/blog\/wp-json\/wp\/v2\/media?parent=491426"}],"wp:term":[{"taxonomy":"category","embeddable":true,"href":"https:\/\/www.supercars.net\/blog\/wp-json\/wp\/v2\/categories?post=491426"},{"taxonomy":"post_tag","embeddable":true,"href":"https:\/\/www.supercars.net\/blog\/wp-json\/wp\/v2\/tags?post=491426"}],"curies":[{"name":"wp","href":"https:\/\/api.w.org\/{rel}","templated":true}]}}