{"id":493942,"date":"2014-07-14T09:00:26","date_gmt":"2014-07-14T13:00:26","guid":{"rendered":"https:\/\/sportscardigest.com\/?p=65803"},"modified":"2024-01-27T22:38:28","modified_gmt":"2024-01-27T22:38:28","slug":"le-mans-classic-2014-1972-to-1979-race-report-photos","status":"publish","type":"post","link":"https:\/\/www.supercars.net\/blog\/le-mans-classic-2014-1972-to-1979-race-report-photos\/","title":{"rendered":"Le Mans Classic (2014) &#8211; 1972 to 1979 Race Report and Photos"},"content":{"rendered":"<p>The 2014 Le Mans Classic was held 4-6 July at the famed Circuit de la Sarthe in Le Mans, France. Staged by Peter Auto in association with Automobile Club de l&#8217;Ouest, the seventh running of the biennial event battled on the same 13.629 kilometer Le Mans circuit run in the modern 24 Hours of Le Mans.<\/p>\n<p>The Plateau Six race &#8212; the most modern grid at Le Mans Classic 2014 &#8212; was held for race cars that left their mark on the 1972 to 1979 era of Le Mans. A notable entrant was the Alpine A442B that scored outright victory in the 1979 Le Mans 24 Hours with Didier Pironi and Jean-Pierre Jaussaud at the wheel &#8211; Renault&#8217;s only overall success in the Sarthe.It was driven this year by Jean Ragnotti (4th in the same race in the A442A) and Alain Serpaggi (5 outings at Le Mans between 1968 and 1989, winner of the 1.5 prototype category in 1969 in an Alpine A210 that raced in <a title=\"2014 Le Mans Classic - 1962 to 1965 Race\" href=\"https:\/\/sportscardigest.com\/le-mans-classic-2014-1962-to-1965-race-report-photos\/\">grid 4<\/a>).<\/p>\n<p>Another French car that shone in the Sarthe Classic was the Matra 670C, which saw the flag in second place in 1972 driven by Fran\u00e7ois Cevert and Howden Ganley, behind its sister-car of Henri Pescarolo and Graham Hill. The Inaltera GT, first in the line of racers built by Jean Rondeau in 1976 was back at Le Mans &#8212; the Rondeau M378, which holds the record for the highest number of starts at Le Mans at 10, and the Rondeau M379, which won the 1980 race with Rondeau himself and Jean-Pierre Jaussaud. The BMW 3.0 CSL that won the 1973 Spa 24 Hours with the duo Toine Hezemans-Dieter Quester was also part of the grid without forgetting some of the old NASCAR cars, a Chevrolet Monza, Porsche\u2019s great rival in IMSA, a Ford Gran Torino and a Dodge Charger.<\/p>\n<p>Another point of interest was a Mirage GR7, one of which came home 4th in 1974 with Derek Bell and Mike Hailwood, as well as the 1972 Duckhams driven by its owner (driver and owner of the OAK Racing team) Jacques Nicolet. Rounding off this rich field was the Tecma 755, the home-built design by Philippe Mettetal entered in the 1975 24 Hours for Jean Ragnotti and Pierre-Fran\u00e7ois Rousselot. Among other well-known drivers in this grid were Eric H\u00e9lary (Chevrolet Corvette C3), G\u00e9rard Larrousse victorious in 1973 and 1974, and J\u00fcrgen Barth who teamed up in a Porsche 911 RSR Turbo.<\/p>\n<p>The Grid Six race at this year&#8217;s Le Mans Class saw the 1973 Gulf Mirage of Chris MacAllister take the top prize, the same result as <a title=\"2012 Le Mans Classic\" href=\"https:\/\/sportscardigest.com\/le-mans-classic-2012-results-and-photos\/\">2012<\/a>. The first heat was given the green light during a lull in the bad weather, but it was quickly neutralised because of a shower. The safety conditions were too perilous to allow the cars to race, so they continued behind the safety car. The first real battle took place around dawn on Sunday morning on an almost dry track. Carlos Barbot came out on top in his 1972 Lola T280 beating the Ferrer-Collinot Ferrari 512 BB LM by a second. Chris MacAllister won the third heat in his open Gulf Mirage by only 10 seconds from Barbot to take the overall win. Two Porsche 935s followed less than a minute behind, while the Titford-Reeves Ford Capri 2600 RS won the Index of Performance.<\/p>\n<p>Similar to <a title=\"2010 Le Mans Classic\" href=\"https:\/\/sportscardigest.com\/le-mans-classic-2010-picture-gallery\/\">2010<\/a> and <a title=\"2012 Le Mans Classic\" href=\"https:\/\/sportscardigest.com\/le-mans-classic-2012-results-and-photos\/\">2012<\/a>, Senior Photographer Tim Scott also documented Le Mans Classic 2014 with the following images that expertly capture the Grid \/ Plateau Six race for 1972 to 1979 Le Mans entrants. We split up Tim&#8217;s 144 pictures into two galleries. The first gallery starting below features our favorite images, all displayed in the full-width view of Sports Car Digest, while the second gallery and race results can be found on the <a title=\"Le Mans Classic 1972 to 1979 Race - Full Photo Gallery\" href=\"https:\/\/sportscardigest.com\/le-mans-classic-2014-1972-to-1979-race-report-photos\/9\/\">last page of the article<\/a> and gives a comprehensive view of all the photographs. To see more from Tim, visit <a title=\"Tim Scott \/ Fluid Images\" href=\"http:\/\/fluidimages.co.uk\" target=\"_blank\" rel=\"noopener\">fluidimages.co.uk<\/a>.<\/p>\n<h2 style=\"text-align: center;\"><strong>Le Mans Classic 2014 &#8211; 1972 to 1979 Race Featured Photo Gallery<\/strong><\/h2>\n<p>&nbsp;<\/p>\n<figure id=\"attachment_807388\" aria-describedby=\"caption-attachment-807388\" style=\"width: 1150px\" class=\"wp-caption alignnone\"><a href=\"https:\/\/www.supercars.net\/blog\/wp-content\/uploads\/2014\/07\/DSC_9737.jpg\"><img decoding=\"async\" class=\"wp-image-807388 size-full\" src=\"https:\/\/www.supercars.net\/blog\/wp-content\/uploads\/2014\/07\/DSC_9737.jpg\" alt=\"Race winning 1973 Gulf Mirage of Chris MacAllister\" width=\"1150\" height=\"767\" srcset=\"https:\/\/www.supercars.net\/blog\/wp-content\/uploads\/2014\/07\/DSC_9737.jpg 1150w, https:\/\/www.supercars.net\/blog\/wp-content\/uploads\/2014\/07\/DSC_9737-300x200.jpg 300w, https:\/\/www.supercars.net\/blog\/wp-content\/uploads\/2014\/07\/DSC_9737-1024x683.jpg 1024w, https:\/\/www.supercars.net\/blog\/wp-content\/uploads\/2014\/07\/DSC_9737-100x67.jpg 100w, https:\/\/www.supercars.net\/blog\/wp-content\/uploads\/2014\/07\/DSC_9737-770x514.jpg 770w, https:\/\/www.supercars.net\/blog\/wp-content\/uploads\/2014\/07\/DSC_9737-360x240.jpg 360w, https:\/\/www.supercars.net\/blog\/wp-content\/uploads\/2014\/07\/DSC_9737-370x247.jpg 370w, https:\/\/www.supercars.net\/blog\/wp-content\/uploads\/2014\/07\/DSC_9737-293x195.jpg 293w\" sizes=\"(max-width: 1150px) 100vw, 1150px\" \/><\/a><figcaption id=\"caption-attachment-807388\" class=\"wp-caption-text\">Race winning 1973 Gulf Mirage of Chris MacAllister<\/figcaption><\/figure>\n<figure id=\"attachment_807389\" aria-describedby=\"caption-attachment-807389\" style=\"width: 1150px\" class=\"wp-caption alignnone\"><a href=\"https:\/\/www.supercars.net\/blog\/wp-content\/uploads\/2014\/07\/DSC_9747.jpg\"><img decoding=\"async\" class=\"wp-image-807389 size-full\" src=\"https:\/\/www.supercars.net\/blog\/wp-content\/uploads\/2014\/07\/DSC_9747.jpg\" alt=\"1979 Porsche 935 K3\" width=\"1150\" height=\"767\" srcset=\"https:\/\/www.supercars.net\/blog\/wp-content\/uploads\/2014\/07\/DSC_9747.jpg 1150w, https:\/\/www.supercars.net\/blog\/wp-content\/uploads\/2014\/07\/DSC_9747-300x200.jpg 300w, https:\/\/www.supercars.net\/blog\/wp-content\/uploads\/2014\/07\/DSC_9747-1024x683.jpg 1024w, https:\/\/www.supercars.net\/blog\/wp-content\/uploads\/2014\/07\/DSC_9747-100x67.jpg 100w, https:\/\/www.supercars.net\/blog\/wp-content\/uploads\/2014\/07\/DSC_9747-770x514.jpg 770w, https:\/\/www.supercars.net\/blog\/wp-content\/uploads\/2014\/07\/DSC_9747-360x240.jpg 360w, https:\/\/www.supercars.net\/blog\/wp-content\/uploads\/2014\/07\/DSC_9747-370x247.jpg 370w, https:\/\/www.supercars.net\/blog\/wp-content\/uploads\/2014\/07\/DSC_9747-293x195.jpg 293w\" sizes=\"(max-width: 1150px) 100vw, 1150px\" \/><\/a><figcaption id=\"caption-attachment-807389\" class=\"wp-caption-text\">1979 Porsche 935 K3<\/figcaption><\/figure>\n<figure id=\"attachment_807390\" aria-describedby=\"caption-attachment-807390\" style=\"width: 800px\" class=\"wp-caption alignnone\"><a href=\"https:\/\/www.supercars.net\/blog\/wp-content\/uploads\/2014\/07\/DSC_8681.jpg\"><img decoding=\"async\" class=\"wp-image-807390 size-full\" src=\"https:\/\/www.supercars.net\/blog\/wp-content\/uploads\/2014\/07\/DSC_8681.jpg\" alt=\"1975 De Cadenet Lola T380 DFV\" width=\"800\" height=\"533\" srcset=\"https:\/\/www.supercars.net\/blog\/wp-content\/uploads\/2014\/07\/DSC_8681.jpg 800w, https:\/\/www.supercars.net\/blog\/wp-content\/uploads\/2014\/07\/DSC_8681-300x200.jpg 300w, https:\/\/www.supercars.net\/blog\/wp-content\/uploads\/2014\/07\/DSC_8681-100x67.jpg 100w, https:\/\/www.supercars.net\/blog\/wp-content\/uploads\/2014\/07\/DSC_8681-770x513.jpg 770w, https:\/\/www.supercars.net\/blog\/wp-content\/uploads\/2014\/07\/DSC_8681-360x240.jpg 360w, https:\/\/www.supercars.net\/blog\/wp-content\/uploads\/2014\/07\/DSC_8681-370x247.jpg 370w, https:\/\/www.supercars.net\/blog\/wp-content\/uploads\/2014\/07\/DSC_8681-293x195.jpg 293w\" sizes=\"(max-width: 800px) 100vw, 800px\" \/><\/a><figcaption id=\"caption-attachment-807390\" class=\"wp-caption-text\">Jonathan Feiber&#8217;s &#8216;Birdcage&#8217; Maserati Tipo 61.<\/figcaption><\/figure>\n<figure id=\"attachment_807391\" aria-describedby=\"caption-attachment-807391\" style=\"width: 1150px\" class=\"wp-caption alignnone\"><a href=\"https:\/\/www.supercars.net\/blog\/wp-content\/uploads\/2014\/07\/DSC_86801.jpg\"><img decoding=\"async\" class=\"wp-image-807391 size-full\" src=\"https:\/\/www.supercars.net\/blog\/wp-content\/uploads\/2014\/07\/DSC_86801.jpg\" alt=\"1974 Porsche 911 RSR 3.0\" width=\"1150\" height=\"767\" srcset=\"https:\/\/www.supercars.net\/blog\/wp-content\/uploads\/2014\/07\/DSC_86801.jpg 1150w, https:\/\/www.supercars.net\/blog\/wp-content\/uploads\/2014\/07\/DSC_86801-300x200.jpg 300w, https:\/\/www.supercars.net\/blog\/wp-content\/uploads\/2014\/07\/DSC_86801-1024x683.jpg 1024w, https:\/\/www.supercars.net\/blog\/wp-content\/uploads\/2014\/07\/DSC_86801-100x67.jpg 100w, https:\/\/www.supercars.net\/blog\/wp-content\/uploads\/2014\/07\/DSC_86801-770x514.jpg 770w, https:\/\/www.supercars.net\/blog\/wp-content\/uploads\/2014\/07\/DSC_86801-360x240.jpg 360w, https:\/\/www.supercars.net\/blog\/wp-content\/uploads\/2014\/07\/DSC_86801-370x247.jpg 370w, https:\/\/www.supercars.net\/blog\/wp-content\/uploads\/2014\/07\/DSC_86801-293x195.jpg 293w\" sizes=\"(max-width: 1150px) 100vw, 1150px\" \/><\/a><figcaption id=\"caption-attachment-807391\" class=\"wp-caption-text\">1974 Porsche 911 RSR 3.0<\/figcaption><\/figure>\n<figure id=\"attachment_807392\" aria-describedby=\"caption-attachment-807392\" style=\"width: 1150px\" class=\"wp-caption alignnone\"><a href=\"https:\/\/www.supercars.net\/blog\/wp-content\/uploads\/2014\/07\/DSC_8678.jpg\"><img decoding=\"async\" class=\"size-full wp-image-807392\" src=\"https:\/\/www.supercars.net\/blog\/wp-content\/uploads\/2014\/07\/DSC_8678.jpg\" alt=\"Race winning 1973 Gulf Mirage of Chris MacAllister\" width=\"1150\" height=\"767\" srcset=\"https:\/\/www.supercars.net\/blog\/wp-content\/uploads\/2014\/07\/DSC_8678.jpg 1150w, https:\/\/www.supercars.net\/blog\/wp-content\/uploads\/2014\/07\/DSC_8678-300x200.jpg 300w, https:\/\/www.supercars.net\/blog\/wp-content\/uploads\/2014\/07\/DSC_8678-1024x683.jpg 1024w, https:\/\/www.supercars.net\/blog\/wp-content\/uploads\/2014\/07\/DSC_8678-100x67.jpg 100w, https:\/\/www.supercars.net\/blog\/wp-content\/uploads\/2014\/07\/DSC_8678-770x514.jpg 770w, https:\/\/www.supercars.net\/blog\/wp-content\/uploads\/2014\/07\/DSC_8678-360x240.jpg 360w, https:\/\/www.supercars.net\/blog\/wp-content\/uploads\/2014\/07\/DSC_8678-370x247.jpg 370w, https:\/\/www.supercars.net\/blog\/wp-content\/uploads\/2014\/07\/DSC_8678-293x195.jpg 293w\" sizes=\"(max-width: 1150px) 100vw, 1150px\" \/><\/a><figcaption id=\"caption-attachment-807392\" class=\"wp-caption-text\">Race winning 1973 Gulf Mirage of Chris MacAllister<\/figcaption><\/figure>\n<figure id=\"attachment_807393\" aria-describedby=\"caption-attachment-807393\" style=\"width: 1150px\" class=\"wp-caption alignnone\"><a href=\"https:\/\/www.supercars.net\/blog\/wp-content\/uploads\/2014\/07\/DSC_8676.jpg\"><img decoding=\"async\" class=\"size-full wp-image-807393\" src=\"https:\/\/www.supercars.net\/blog\/wp-content\/uploads\/2014\/07\/DSC_8676.jpg\" alt=\"1978 Porsche 935\" width=\"1150\" height=\"767\" srcset=\"https:\/\/www.supercars.net\/blog\/wp-content\/uploads\/2014\/07\/DSC_8676.jpg 1150w, https:\/\/www.supercars.net\/blog\/wp-content\/uploads\/2014\/07\/DSC_8676-300x200.jpg 300w, https:\/\/www.supercars.net\/blog\/wp-content\/uploads\/2014\/07\/DSC_8676-1024x683.jpg 1024w, https:\/\/www.supercars.net\/blog\/wp-content\/uploads\/2014\/07\/DSC_8676-100x67.jpg 100w, https:\/\/www.supercars.net\/blog\/wp-content\/uploads\/2014\/07\/DSC_8676-770x514.jpg 770w, https:\/\/www.supercars.net\/blog\/wp-content\/uploads\/2014\/07\/DSC_8676-360x240.jpg 360w, https:\/\/www.supercars.net\/blog\/wp-content\/uploads\/2014\/07\/DSC_8676-370x247.jpg 370w, https:\/\/www.supercars.net\/blog\/wp-content\/uploads\/2014\/07\/DSC_8676-293x195.jpg 293w\" sizes=\"(max-width: 1150px) 100vw, 1150px\" \/><\/a><figcaption id=\"caption-attachment-807393\" class=\"wp-caption-text\">1978 Porsche 935<\/figcaption><\/figure>\n<figure id=\"attachment_807394\" aria-describedby=\"caption-attachment-807394\" style=\"width: 1150px\" class=\"wp-caption alignnone\"><a href=\"https:\/\/www.supercars.net\/blog\/wp-content\/uploads\/2014\/07\/DSC_8674.jpg\"><img decoding=\"async\" class=\"size-full wp-image-807394\" src=\"https:\/\/www.supercars.net\/blog\/wp-content\/uploads\/2014\/07\/DSC_8674.jpg\" alt=\"1974 BMW CSL 3.0\" width=\"1150\" height=\"767\" srcset=\"https:\/\/www.supercars.net\/blog\/wp-content\/uploads\/2014\/07\/DSC_8674.jpg 1150w, https:\/\/www.supercars.net\/blog\/wp-content\/uploads\/2014\/07\/DSC_8674-300x200.jpg 300w, https:\/\/www.supercars.net\/blog\/wp-content\/uploads\/2014\/07\/DSC_8674-1024x683.jpg 1024w, https:\/\/www.supercars.net\/blog\/wp-content\/uploads\/2014\/07\/DSC_8674-100x67.jpg 100w, https:\/\/www.supercars.net\/blog\/wp-content\/uploads\/2014\/07\/DSC_8674-770x514.jpg 770w, https:\/\/www.supercars.net\/blog\/wp-content\/uploads\/2014\/07\/DSC_8674-360x240.jpg 360w, https:\/\/www.supercars.net\/blog\/wp-content\/uploads\/2014\/07\/DSC_8674-370x247.jpg 370w, https:\/\/www.supercars.net\/blog\/wp-content\/uploads\/2014\/07\/DSC_8674-293x195.jpg 293w\" sizes=\"(max-width: 1150px) 100vw, 1150px\" \/><\/a><figcaption id=\"caption-attachment-807394\" class=\"wp-caption-text\">1974 BMW CSL 3.0<\/figcaption><\/figure>\n<figure id=\"attachment_807398\" aria-describedby=\"caption-attachment-807398\" style=\"width: 1150px\" class=\"wp-caption alignnone\"><a href=\"https:\/\/www.supercars.net\/blog\/wp-content\/uploads\/2014\/07\/DSC_8672.jpg\"><img decoding=\"async\" class=\"size-full wp-image-807398\" src=\"https:\/\/www.supercars.net\/blog\/wp-content\/uploads\/2014\/07\/DSC_8672.jpg\" alt=\"1970 Ligier JS 2 DFV\" width=\"1150\" height=\"768\" srcset=\"https:\/\/www.supercars.net\/blog\/wp-content\/uploads\/2014\/07\/DSC_8672.jpg 1150w, https:\/\/www.supercars.net\/blog\/wp-content\/uploads\/2014\/07\/DSC_8672-300x200.jpg 300w, https:\/\/www.supercars.net\/blog\/wp-content\/uploads\/2014\/07\/DSC_8672-1024x684.jpg 1024w, https:\/\/www.supercars.net\/blog\/wp-content\/uploads\/2014\/07\/DSC_8672-100x67.jpg 100w, https:\/\/www.supercars.net\/blog\/wp-content\/uploads\/2014\/07\/DSC_8672-770x514.jpg 770w, https:\/\/www.supercars.net\/blog\/wp-content\/uploads\/2014\/07\/DSC_8672-360x240.jpg 360w, https:\/\/www.supercars.net\/blog\/wp-content\/uploads\/2014\/07\/DSC_8672-370x247.jpg 370w, https:\/\/www.supercars.net\/blog\/wp-content\/uploads\/2014\/07\/DSC_8672-293x196.jpg 293w\" sizes=\"(max-width: 1150px) 100vw, 1150px\" \/><\/a><figcaption id=\"caption-attachment-807398\" class=\"wp-caption-text\">1970 Ligier JS 2 DFV<\/figcaption><\/figure>\n<p>&nbsp;<\/p>\n<p>&nbsp;<\/p>\n<figure id=\"attachment_807400\" aria-describedby=\"caption-attachment-807400\" style=\"width: 1150px\" class=\"wp-caption alignnone\"><a href=\"https:\/\/www.supercars.net\/blog\/wp-content\/uploads\/2014\/07\/DSC_98031.jpg\"><img decoding=\"async\" class=\"wp-image-807400 size-full\" src=\"https:\/\/www.supercars.net\/blog\/wp-content\/uploads\/2014\/07\/DSC_98031.jpg\" alt=\"1978 Porsche 935\" width=\"1150\" height=\"767\" srcset=\"https:\/\/www.supercars.net\/blog\/wp-content\/uploads\/2014\/07\/DSC_98031.jpg 1150w, https:\/\/www.supercars.net\/blog\/wp-content\/uploads\/2014\/07\/DSC_98031-300x200.jpg 300w, https:\/\/www.supercars.net\/blog\/wp-content\/uploads\/2014\/07\/DSC_98031-1024x683.jpg 1024w, https:\/\/www.supercars.net\/blog\/wp-content\/uploads\/2014\/07\/DSC_98031-100x67.jpg 100w, https:\/\/www.supercars.net\/blog\/wp-content\/uploads\/2014\/07\/DSC_98031-770x514.jpg 770w, https:\/\/www.supercars.net\/blog\/wp-content\/uploads\/2014\/07\/DSC_98031-360x240.jpg 360w, https:\/\/www.supercars.net\/blog\/wp-content\/uploads\/2014\/07\/DSC_98031-370x247.jpg 370w, https:\/\/www.supercars.net\/blog\/wp-content\/uploads\/2014\/07\/DSC_98031-293x195.jpg 293w\" sizes=\"(max-width: 1150px) 100vw, 1150px\" \/><\/a><figcaption id=\"caption-attachment-807400\" class=\"wp-caption-text\">1978 Porsche 935<\/figcaption><\/figure>\n<figure id=\"attachment_807401\" aria-describedby=\"caption-attachment-807401\" style=\"width: 1150px\" class=\"wp-caption alignnone\"><a href=\"https:\/\/www.supercars.net\/blog\/wp-content\/uploads\/2014\/07\/DSC_9799.jpg\"><img decoding=\"async\" class=\"size-full wp-image-807401\" src=\"https:\/\/www.supercars.net\/blog\/wp-content\/uploads\/2014\/07\/DSC_9799.jpg\" alt=\"1973 Porsche 911 RSR Turbo\" width=\"1150\" height=\"767\" srcset=\"https:\/\/www.supercars.net\/blog\/wp-content\/uploads\/2014\/07\/DSC_9799.jpg 1150w, https:\/\/www.supercars.net\/blog\/wp-content\/uploads\/2014\/07\/DSC_9799-300x200.jpg 300w, https:\/\/www.supercars.net\/blog\/wp-content\/uploads\/2014\/07\/DSC_9799-1024x683.jpg 1024w, https:\/\/www.supercars.net\/blog\/wp-content\/uploads\/2014\/07\/DSC_9799-100x67.jpg 100w, https:\/\/www.supercars.net\/blog\/wp-content\/uploads\/2014\/07\/DSC_9799-770x514.jpg 770w, https:\/\/www.supercars.net\/blog\/wp-content\/uploads\/2014\/07\/DSC_9799-360x240.jpg 360w, https:\/\/www.supercars.net\/blog\/wp-content\/uploads\/2014\/07\/DSC_9799-370x247.jpg 370w, https:\/\/www.supercars.net\/blog\/wp-content\/uploads\/2014\/07\/DSC_9799-293x195.jpg 293w\" sizes=\"(max-width: 1150px) 100vw, 1150px\" \/><\/a><figcaption id=\"caption-attachment-807401\" class=\"wp-caption-text\">1973 Porsche 911 RSR Turbo<\/figcaption><\/figure>\n<figure id=\"attachment_807402\" aria-describedby=\"caption-attachment-807402\" style=\"width: 1150px\" class=\"wp-caption alignnone\"><a href=\"https:\/\/www.supercars.net\/blog\/wp-content\/uploads\/2014\/07\/DSC_97941.jpg\"><img decoding=\"async\" class=\"wp-image-807402 size-full\" src=\"https:\/\/www.supercars.net\/blog\/wp-content\/uploads\/2014\/07\/DSC_97941.jpg\" alt=\"1970 Ligier JS 2 DFV\" width=\"1150\" height=\"767\" srcset=\"https:\/\/www.supercars.net\/blog\/wp-content\/uploads\/2014\/07\/DSC_97941.jpg 1150w, https:\/\/www.supercars.net\/blog\/wp-content\/uploads\/2014\/07\/DSC_97941-300x200.jpg 300w, https:\/\/www.supercars.net\/blog\/wp-content\/uploads\/2014\/07\/DSC_97941-1024x683.jpg 1024w, https:\/\/www.supercars.net\/blog\/wp-content\/uploads\/2014\/07\/DSC_97941-100x67.jpg 100w, https:\/\/www.supercars.net\/blog\/wp-content\/uploads\/2014\/07\/DSC_97941-770x514.jpg 770w, https:\/\/www.supercars.net\/blog\/wp-content\/uploads\/2014\/07\/DSC_97941-360x240.jpg 360w, https:\/\/www.supercars.net\/blog\/wp-content\/uploads\/2014\/07\/DSC_97941-370x247.jpg 370w, https:\/\/www.supercars.net\/blog\/wp-content\/uploads\/2014\/07\/DSC_97941-293x195.jpg 293w\" sizes=\"(max-width: 1150px) 100vw, 1150px\" \/><\/a><figcaption id=\"caption-attachment-807402\" class=\"wp-caption-text\">1970 Ligier JS 2 DFV<\/figcaption><\/figure>\n<figure id=\"attachment_807403\" aria-describedby=\"caption-attachment-807403\" style=\"width: 1150px\" class=\"wp-caption alignnone\"><a href=\"https:\/\/www.supercars.net\/blog\/wp-content\/uploads\/2014\/07\/DSC_97853.jpg\"><img decoding=\"async\" class=\"wp-image-807403 size-full\" src=\"https:\/\/www.supercars.net\/blog\/wp-content\/uploads\/2014\/07\/DSC_97853.jpg\" alt=\"1972 Porsche 911 Carrera RS 2.7\" width=\"1150\" height=\"767\" srcset=\"https:\/\/www.supercars.net\/blog\/wp-content\/uploads\/2014\/07\/DSC_97853.jpg 1150w, https:\/\/www.supercars.net\/blog\/wp-content\/uploads\/2014\/07\/DSC_97853-300x200.jpg 300w, https:\/\/www.supercars.net\/blog\/wp-content\/uploads\/2014\/07\/DSC_97853-1024x683.jpg 1024w, https:\/\/www.supercars.net\/blog\/wp-content\/uploads\/2014\/07\/DSC_97853-100x67.jpg 100w, https:\/\/www.supercars.net\/blog\/wp-content\/uploads\/2014\/07\/DSC_97853-770x514.jpg 770w, https:\/\/www.supercars.net\/blog\/wp-content\/uploads\/2014\/07\/DSC_97853-360x240.jpg 360w, https:\/\/www.supercars.net\/blog\/wp-content\/uploads\/2014\/07\/DSC_97853-370x247.jpg 370w, https:\/\/www.supercars.net\/blog\/wp-content\/uploads\/2014\/07\/DSC_97853-293x195.jpg 293w\" sizes=\"(max-width: 1150px) 100vw, 1150px\" \/><\/a><figcaption id=\"caption-attachment-807403\" class=\"wp-caption-text\">1972 Porsche 911 Carrera RS 2.7<\/figcaption><\/figure>\n<figure id=\"attachment_807404\" aria-describedby=\"caption-attachment-807404\" style=\"width: 1150px\" class=\"wp-caption alignnone\"><a href=\"https:\/\/www.supercars.net\/blog\/wp-content\/uploads\/2014\/07\/DSC_9780.jpg\"><img decoding=\"async\" class=\"wp-image-807404 size-full\" src=\"https:\/\/www.supercars.net\/blog\/wp-content\/uploads\/2014\/07\/DSC_9780.jpg\" alt=\"1977 Porsche 935\" width=\"1150\" height=\"767\" srcset=\"https:\/\/www.supercars.net\/blog\/wp-content\/uploads\/2014\/07\/DSC_9780.jpg 1150w, https:\/\/www.supercars.net\/blog\/wp-content\/uploads\/2014\/07\/DSC_9780-300x200.jpg 300w, https:\/\/www.supercars.net\/blog\/wp-content\/uploads\/2014\/07\/DSC_9780-1024x683.jpg 1024w, https:\/\/www.supercars.net\/blog\/wp-content\/uploads\/2014\/07\/DSC_9780-100x67.jpg 100w, https:\/\/www.supercars.net\/blog\/wp-content\/uploads\/2014\/07\/DSC_9780-770x514.jpg 770w, https:\/\/www.supercars.net\/blog\/wp-content\/uploads\/2014\/07\/DSC_9780-360x240.jpg 360w, https:\/\/www.supercars.net\/blog\/wp-content\/uploads\/2014\/07\/DSC_9780-370x247.jpg 370w, https:\/\/www.supercars.net\/blog\/wp-content\/uploads\/2014\/07\/DSC_9780-293x195.jpg 293w\" sizes=\"(max-width: 1150px) 100vw, 1150px\" \/><\/a><figcaption id=\"caption-attachment-807404\" class=\"wp-caption-text\">1977 Porsche 935<\/figcaption><\/figure>\n<figure id=\"attachment_807405\" aria-describedby=\"caption-attachment-807405\" style=\"width: 1150px\" class=\"wp-caption alignnone\"><a href=\"https:\/\/www.supercars.net\/blog\/wp-content\/uploads\/2014\/07\/DSC_97751.jpg\"><img decoding=\"async\" class=\"wp-image-807405 size-full\" src=\"https:\/\/www.supercars.net\/blog\/wp-content\/uploads\/2014\/07\/DSC_97751.jpg\" alt=\"1973 BMW CSL 3.0, 1974 Porsche 911 RSR 3.0, 1979 Porsche 935 K3 and 1974 Porsche 911 RSR 3.0\" width=\"1150\" height=\"767\" srcset=\"https:\/\/www.supercars.net\/blog\/wp-content\/uploads\/2014\/07\/DSC_97751.jpg 1150w, https:\/\/www.supercars.net\/blog\/wp-content\/uploads\/2014\/07\/DSC_97751-300x200.jpg 300w, https:\/\/www.supercars.net\/blog\/wp-content\/uploads\/2014\/07\/DSC_97751-1024x683.jpg 1024w, https:\/\/www.supercars.net\/blog\/wp-content\/uploads\/2014\/07\/DSC_97751-100x67.jpg 100w, https:\/\/www.supercars.net\/blog\/wp-content\/uploads\/2014\/07\/DSC_97751-770x514.jpg 770w, https:\/\/www.supercars.net\/blog\/wp-content\/uploads\/2014\/07\/DSC_97751-360x240.jpg 360w, https:\/\/www.supercars.net\/blog\/wp-content\/uploads\/2014\/07\/DSC_97751-370x247.jpg 370w, https:\/\/www.supercars.net\/blog\/wp-content\/uploads\/2014\/07\/DSC_97751-293x195.jpg 293w\" sizes=\"(max-width: 1150px) 100vw, 1150px\" \/><\/a><figcaption id=\"caption-attachment-807405\" class=\"wp-caption-text\">1973 BMW CSL 3.0, 1974 Porsche 911 RSR 3.0, 1979 Porsche 935 K3 and 1974 Porsche 911 RSR 3.0<\/figcaption><\/figure>\n<figure id=\"attachment_807406\" aria-describedby=\"caption-attachment-807406\" style=\"width: 1150px\" class=\"wp-caption alignnone\"><a href=\"https:\/\/www.supercars.net\/blog\/wp-content\/uploads\/2014\/07\/DSC_9761.jpg\"><img decoding=\"async\" class=\"wp-image-807406 size-full\" src=\"https:\/\/www.supercars.net\/blog\/wp-content\/uploads\/2014\/07\/DSC_9761.jpg\" alt=\"1978 Porsche 935 and 1976 Chevron B36 BDG\" width=\"1150\" height=\"767\" srcset=\"https:\/\/www.supercars.net\/blog\/wp-content\/uploads\/2014\/07\/DSC_9761.jpg 1150w, https:\/\/www.supercars.net\/blog\/wp-content\/uploads\/2014\/07\/DSC_9761-300x200.jpg 300w, https:\/\/www.supercars.net\/blog\/wp-content\/uploads\/2014\/07\/DSC_9761-1024x683.jpg 1024w, https:\/\/www.supercars.net\/blog\/wp-content\/uploads\/2014\/07\/DSC_9761-100x67.jpg 100w, https:\/\/www.supercars.net\/blog\/wp-content\/uploads\/2014\/07\/DSC_9761-770x514.jpg 770w, https:\/\/www.supercars.net\/blog\/wp-content\/uploads\/2014\/07\/DSC_9761-360x240.jpg 360w, https:\/\/www.supercars.net\/blog\/wp-content\/uploads\/2014\/07\/DSC_9761-370x247.jpg 370w, https:\/\/www.supercars.net\/blog\/wp-content\/uploads\/2014\/07\/DSC_9761-293x195.jpg 293w\" sizes=\"(max-width: 1150px) 100vw, 1150px\" \/><\/a><figcaption id=\"caption-attachment-807406\" class=\"wp-caption-text\">1978 Porsche 935 and 1976 Chevron B36 BDG<\/figcaption><\/figure>\n<figure id=\"attachment_807407\" aria-describedby=\"caption-attachment-807407\" style=\"width: 1150px\" class=\"wp-caption alignnone\"><a href=\"https:\/\/www.supercars.net\/blog\/wp-content\/uploads\/2014\/07\/DSC_97522.jpg\"><img decoding=\"async\" class=\"wp-image-807407 size-full\" src=\"https:\/\/www.supercars.net\/blog\/wp-content\/uploads\/2014\/07\/DSC_97522.jpg\" alt=\"1972 Porsche 911 Carrera RS 2.7 and 1972 BMW 3.0 CSL\" width=\"1150\" height=\"767\" srcset=\"https:\/\/www.supercars.net\/blog\/wp-content\/uploads\/2014\/07\/DSC_97522.jpg 1150w, https:\/\/www.supercars.net\/blog\/wp-content\/uploads\/2014\/07\/DSC_97522-300x200.jpg 300w, https:\/\/www.supercars.net\/blog\/wp-content\/uploads\/2014\/07\/DSC_97522-1024x683.jpg 1024w, https:\/\/www.supercars.net\/blog\/wp-content\/uploads\/2014\/07\/DSC_97522-100x67.jpg 100w, https:\/\/www.supercars.net\/blog\/wp-content\/uploads\/2014\/07\/DSC_97522-770x514.jpg 770w, https:\/\/www.supercars.net\/blog\/wp-content\/uploads\/2014\/07\/DSC_97522-360x240.jpg 360w, https:\/\/www.supercars.net\/blog\/wp-content\/uploads\/2014\/07\/DSC_97522-370x247.jpg 370w, https:\/\/www.supercars.net\/blog\/wp-content\/uploads\/2014\/07\/DSC_97522-293x195.jpg 293w\" sizes=\"(max-width: 1150px) 100vw, 1150px\" \/><\/a><figcaption id=\"caption-attachment-807407\" class=\"wp-caption-text\">1972 Porsche 911 Carrera RS 2.7 and 1972 BMW 3.0 CSL<\/figcaption><\/figure>\n<figure id=\"attachment_807408\" aria-describedby=\"caption-attachment-807408\" style=\"width: 1150px\" class=\"wp-caption alignnone\"><a href=\"https:\/\/www.supercars.net\/blog\/wp-content\/uploads\/2014\/07\/DSC_8659.jpg\"><img decoding=\"async\" class=\"size-full wp-image-807408\" src=\"https:\/\/www.supercars.net\/blog\/wp-content\/uploads\/2014\/07\/DSC_8659.jpg\" alt=\"Ferrari 512 BB LM\" width=\"1150\" height=\"767\" srcset=\"https:\/\/www.supercars.net\/blog\/wp-content\/uploads\/2014\/07\/DSC_8659.jpg 1150w, https:\/\/www.supercars.net\/blog\/wp-content\/uploads\/2014\/07\/DSC_8659-300x200.jpg 300w, https:\/\/www.supercars.net\/blog\/wp-content\/uploads\/2014\/07\/DSC_8659-1024x683.jpg 1024w, https:\/\/www.supercars.net\/blog\/wp-content\/uploads\/2014\/07\/DSC_8659-100x67.jpg 100w, https:\/\/www.supercars.net\/blog\/wp-content\/uploads\/2014\/07\/DSC_8659-770x514.jpg 770w, https:\/\/www.supercars.net\/blog\/wp-content\/uploads\/2014\/07\/DSC_8659-360x240.jpg 360w, https:\/\/www.supercars.net\/blog\/wp-content\/uploads\/2014\/07\/DSC_8659-370x247.jpg 370w, https:\/\/www.supercars.net\/blog\/wp-content\/uploads\/2014\/07\/DSC_8659-293x195.jpg 293w\" sizes=\"(max-width: 1150px) 100vw, 1150px\" \/><\/a><figcaption id=\"caption-attachment-807408\" class=\"wp-caption-text\">Ferrari 512 BB LM<\/figcaption><\/figure>\n<figure id=\"attachment_807409\" aria-describedby=\"caption-attachment-807409\" style=\"width: 1150px\" class=\"wp-caption alignnone\"><a href=\"https:\/\/www.supercars.net\/blog\/wp-content\/uploads\/2014\/07\/DSC_86701.jpg\"><img decoding=\"async\" class=\"size-full wp-image-807409\" src=\"https:\/\/www.supercars.net\/blog\/wp-content\/uploads\/2014\/07\/DSC_86701.jpg\" alt=\"Porsche 935 K3\" width=\"1150\" height=\"767\" srcset=\"https:\/\/www.supercars.net\/blog\/wp-content\/uploads\/2014\/07\/DSC_86701.jpg 1150w, https:\/\/www.supercars.net\/blog\/wp-content\/uploads\/2014\/07\/DSC_86701-300x200.jpg 300w, https:\/\/www.supercars.net\/blog\/wp-content\/uploads\/2014\/07\/DSC_86701-1024x683.jpg 1024w, https:\/\/www.supercars.net\/blog\/wp-content\/uploads\/2014\/07\/DSC_86701-100x67.jpg 100w, https:\/\/www.supercars.net\/blog\/wp-content\/uploads\/2014\/07\/DSC_86701-770x514.jpg 770w, https:\/\/www.supercars.net\/blog\/wp-content\/uploads\/2014\/07\/DSC_86701-360x240.jpg 360w, https:\/\/www.supercars.net\/blog\/wp-content\/uploads\/2014\/07\/DSC_86701-370x247.jpg 370w, https:\/\/www.supercars.net\/blog\/wp-content\/uploads\/2014\/07\/DSC_86701-293x195.jpg 293w\" sizes=\"(max-width: 1150px) 100vw, 1150px\" \/><\/a><figcaption id=\"caption-attachment-807409\" class=\"wp-caption-text\">Porsche 935 K3<\/figcaption><\/figure>\n<figure id=\"attachment_807410\" aria-describedby=\"caption-attachment-807410\" style=\"width: 1150px\" class=\"wp-caption alignnone\"><a href=\"https:\/\/www.supercars.net\/blog\/wp-content\/uploads\/2014\/07\/DSC_8669.jpg\"><img decoding=\"async\" class=\"size-full wp-image-807410\" src=\"https:\/\/www.supercars.net\/blog\/wp-content\/uploads\/2014\/07\/DSC_8669.jpg\" alt=\"1972 BMW CSL 3.0\" width=\"1150\" height=\"767\" srcset=\"https:\/\/www.supercars.net\/blog\/wp-content\/uploads\/2014\/07\/DSC_8669.jpg 1150w, https:\/\/www.supercars.net\/blog\/wp-content\/uploads\/2014\/07\/DSC_8669-300x200.jpg 300w, https:\/\/www.supercars.net\/blog\/wp-content\/uploads\/2014\/07\/DSC_8669-1024x683.jpg 1024w, https:\/\/www.supercars.net\/blog\/wp-content\/uploads\/2014\/07\/DSC_8669-100x67.jpg 100w, https:\/\/www.supercars.net\/blog\/wp-content\/uploads\/2014\/07\/DSC_8669-770x514.jpg 770w, https:\/\/www.supercars.net\/blog\/wp-content\/uploads\/2014\/07\/DSC_8669-360x240.jpg 360w, https:\/\/www.supercars.net\/blog\/wp-content\/uploads\/2014\/07\/DSC_8669-370x247.jpg 370w, https:\/\/www.supercars.net\/blog\/wp-content\/uploads\/2014\/07\/DSC_8669-293x195.jpg 293w\" sizes=\"(max-width: 1150px) 100vw, 1150px\" \/><\/a><figcaption id=\"caption-attachment-807410\" class=\"wp-caption-text\">1972 BMW CSL 3.0<\/figcaption><\/figure>\n<figure id=\"attachment_807411\" aria-describedby=\"caption-attachment-807411\" style=\"width: 1150px\" class=\"wp-caption alignnone\"><a href=\"https:\/\/www.supercars.net\/blog\/wp-content\/uploads\/2014\/07\/DSC_86661.jpg\"><img decoding=\"async\" class=\"size-full wp-image-807411\" src=\"https:\/\/www.supercars.net\/blog\/wp-content\/uploads\/2014\/07\/DSC_86661.jpg\" alt=\"1973 Porsche 911 Carrera RS 2.8\" width=\"1150\" height=\"767\" srcset=\"https:\/\/www.supercars.net\/blog\/wp-content\/uploads\/2014\/07\/DSC_86661.jpg 1150w, https:\/\/www.supercars.net\/blog\/wp-content\/uploads\/2014\/07\/DSC_86661-300x200.jpg 300w, https:\/\/www.supercars.net\/blog\/wp-content\/uploads\/2014\/07\/DSC_86661-1024x683.jpg 1024w, https:\/\/www.supercars.net\/blog\/wp-content\/uploads\/2014\/07\/DSC_86661-100x67.jpg 100w, https:\/\/www.supercars.net\/blog\/wp-content\/uploads\/2014\/07\/DSC_86661-770x514.jpg 770w, https:\/\/www.supercars.net\/blog\/wp-content\/uploads\/2014\/07\/DSC_86661-360x240.jpg 360w, https:\/\/www.supercars.net\/blog\/wp-content\/uploads\/2014\/07\/DSC_86661-370x247.jpg 370w, https:\/\/www.supercars.net\/blog\/wp-content\/uploads\/2014\/07\/DSC_86661-293x195.jpg 293w\" sizes=\"(max-width: 1150px) 100vw, 1150px\" \/><\/a><figcaption id=\"caption-attachment-807411\" class=\"wp-caption-text\">1973 Porsche 911 Carrera RS 2.8<\/figcaption><\/figure>\n<figure id=\"attachment_807412\" aria-describedby=\"caption-attachment-807412\" style=\"width: 1150px\" class=\"wp-caption alignnone\"><a href=\"https:\/\/www.supercars.net\/blog\/wp-content\/uploads\/2014\/07\/DSC_8656.jpg\"><img decoding=\"async\" class=\"size-full wp-image-807412\" src=\"https:\/\/www.supercars.net\/blog\/wp-content\/uploads\/2014\/07\/DSC_8656.jpg\" alt=\"1976 Dodge Charger\" width=\"1150\" height=\"767\" srcset=\"https:\/\/www.supercars.net\/blog\/wp-content\/uploads\/2014\/07\/DSC_8656.jpg 1150w, https:\/\/www.supercars.net\/blog\/wp-content\/uploads\/2014\/07\/DSC_8656-300x200.jpg 300w, https:\/\/www.supercars.net\/blog\/wp-content\/uploads\/2014\/07\/DSC_8656-1024x683.jpg 1024w, https:\/\/www.supercars.net\/blog\/wp-content\/uploads\/2014\/07\/DSC_8656-100x67.jpg 100w, https:\/\/www.supercars.net\/blog\/wp-content\/uploads\/2014\/07\/DSC_8656-770x514.jpg 770w, https:\/\/www.supercars.net\/blog\/wp-content\/uploads\/2014\/07\/DSC_8656-360x240.jpg 360w, https:\/\/www.supercars.net\/blog\/wp-content\/uploads\/2014\/07\/DSC_8656-370x247.jpg 370w, https:\/\/www.supercars.net\/blog\/wp-content\/uploads\/2014\/07\/DSC_8656-293x195.jpg 293w\" sizes=\"(max-width: 1150px) 100vw, 1150px\" \/><\/a><figcaption id=\"caption-attachment-807412\" class=\"wp-caption-text\">1976 Dodge Charger<\/figcaption><\/figure>\n<figure id=\"attachment_807413\" aria-describedby=\"caption-attachment-807413\" style=\"width: 1150px\" class=\"wp-caption alignnone\"><a href=\"https:\/\/www.supercars.net\/blog\/wp-content\/uploads\/2014\/07\/DSC_86541.jpg\"><img decoding=\"async\" class=\"size-full wp-image-807413\" src=\"https:\/\/www.supercars.net\/blog\/wp-content\/uploads\/2014\/07\/DSC_86541.jpg\" alt=\"1973 BMW CSL 3.0\" width=\"1150\" height=\"767\" srcset=\"https:\/\/www.supercars.net\/blog\/wp-content\/uploads\/2014\/07\/DSC_86541.jpg 1150w, https:\/\/www.supercars.net\/blog\/wp-content\/uploads\/2014\/07\/DSC_86541-300x200.jpg 300w, https:\/\/www.supercars.net\/blog\/wp-content\/uploads\/2014\/07\/DSC_86541-1024x683.jpg 1024w, https:\/\/www.supercars.net\/blog\/wp-content\/uploads\/2014\/07\/DSC_86541-100x67.jpg 100w, https:\/\/www.supercars.net\/blog\/wp-content\/uploads\/2014\/07\/DSC_86541-770x514.jpg 770w, https:\/\/www.supercars.net\/blog\/wp-content\/uploads\/2014\/07\/DSC_86541-360x240.jpg 360w, https:\/\/www.supercars.net\/blog\/wp-content\/uploads\/2014\/07\/DSC_86541-370x247.jpg 370w, https:\/\/www.supercars.net\/blog\/wp-content\/uploads\/2014\/07\/DSC_86541-293x195.jpg 293w\" sizes=\"(max-width: 1150px) 100vw, 1150px\" \/><\/a><figcaption id=\"caption-attachment-807413\" class=\"wp-caption-text\">1973 BMW CSL 3.0<\/figcaption><\/figure>\n<figure id=\"attachment_807414\" aria-describedby=\"caption-attachment-807414\" style=\"width: 1150px\" class=\"wp-caption alignnone\"><a href=\"https:\/\/www.supercars.net\/blog\/wp-content\/uploads\/2014\/07\/DSC_86512.jpg\"><img decoding=\"async\" class=\"size-full wp-image-807414\" src=\"https:\/\/www.supercars.net\/blog\/wp-content\/uploads\/2014\/07\/DSC_86512.jpg\" alt=\"Ferrari 512 BB LM\" width=\"1150\" height=\"767\" srcset=\"https:\/\/www.supercars.net\/blog\/wp-content\/uploads\/2014\/07\/DSC_86512.jpg 1150w, https:\/\/www.supercars.net\/blog\/wp-content\/uploads\/2014\/07\/DSC_86512-300x200.jpg 300w, https:\/\/www.supercars.net\/blog\/wp-content\/uploads\/2014\/07\/DSC_86512-1024x683.jpg 1024w, https:\/\/www.supercars.net\/blog\/wp-content\/uploads\/2014\/07\/DSC_86512-100x67.jpg 100w, https:\/\/www.supercars.net\/blog\/wp-content\/uploads\/2014\/07\/DSC_86512-770x514.jpg 770w, https:\/\/www.supercars.net\/blog\/wp-content\/uploads\/2014\/07\/DSC_86512-360x240.jpg 360w, https:\/\/www.supercars.net\/blog\/wp-content\/uploads\/2014\/07\/DSC_86512-370x247.jpg 370w, https:\/\/www.supercars.net\/blog\/wp-content\/uploads\/2014\/07\/DSC_86512-293x195.jpg 293w\" sizes=\"(max-width: 1150px) 100vw, 1150px\" \/><\/a><figcaption id=\"caption-attachment-807414\" class=\"wp-caption-text\">Ferrari 512 BB LM<\/figcaption><\/figure>\n<figure id=\"attachment_807415\" aria-describedby=\"caption-attachment-807415\" style=\"width: 1150px\" class=\"wp-caption alignnone\"><a href=\"https:\/\/www.supercars.net\/blog\/wp-content\/uploads\/2014\/07\/DSC_86481.jpg\"><img decoding=\"async\" class=\"size-full wp-image-807415\" src=\"https:\/\/www.supercars.net\/blog\/wp-content\/uploads\/2014\/07\/DSC_86481.jpg\" alt=\"Ferrari 512 BB LM\" width=\"1150\" height=\"767\" srcset=\"https:\/\/www.supercars.net\/blog\/wp-content\/uploads\/2014\/07\/DSC_86481.jpg 1150w, https:\/\/www.supercars.net\/blog\/wp-content\/uploads\/2014\/07\/DSC_86481-300x200.jpg 300w, https:\/\/www.supercars.net\/blog\/wp-content\/uploads\/2014\/07\/DSC_86481-1024x683.jpg 1024w, https:\/\/www.supercars.net\/blog\/wp-content\/uploads\/2014\/07\/DSC_86481-100x67.jpg 100w, https:\/\/www.supercars.net\/blog\/wp-content\/uploads\/2014\/07\/DSC_86481-770x514.jpg 770w, https:\/\/www.supercars.net\/blog\/wp-content\/uploads\/2014\/07\/DSC_86481-360x240.jpg 360w, https:\/\/www.supercars.net\/blog\/wp-content\/uploads\/2014\/07\/DSC_86481-370x247.jpg 370w, https:\/\/www.supercars.net\/blog\/wp-content\/uploads\/2014\/07\/DSC_86481-293x195.jpg 293w\" sizes=\"(max-width: 1150px) 100vw, 1150px\" \/><\/a><figcaption id=\"caption-attachment-807415\" class=\"wp-caption-text\">Ferrari 512 BB LM<\/figcaption><\/figure>\n<figure id=\"attachment_807416\" aria-describedby=\"caption-attachment-807416\" style=\"width: 1150px\" class=\"wp-caption alignnone\"><a href=\"https:\/\/www.supercars.net\/blog\/wp-content\/uploads\/2014\/07\/DSC_7113.jpg\"><img decoding=\"async\" class=\"size-full wp-image-807416\" src=\"https:\/\/www.supercars.net\/blog\/wp-content\/uploads\/2014\/07\/DSC_7113.jpg\" alt=\"Ferrari 512 BB LM\" width=\"1150\" height=\"767\" srcset=\"https:\/\/www.supercars.net\/blog\/wp-content\/uploads\/2014\/07\/DSC_7113.jpg 1150w, https:\/\/www.supercars.net\/blog\/wp-content\/uploads\/2014\/07\/DSC_7113-300x200.jpg 300w, https:\/\/www.supercars.net\/blog\/wp-content\/uploads\/2014\/07\/DSC_7113-1024x683.jpg 1024w, https:\/\/www.supercars.net\/blog\/wp-content\/uploads\/2014\/07\/DSC_7113-100x67.jpg 100w, https:\/\/www.supercars.net\/blog\/wp-content\/uploads\/2014\/07\/DSC_7113-770x514.jpg 770w, https:\/\/www.supercars.net\/blog\/wp-content\/uploads\/2014\/07\/DSC_7113-360x240.jpg 360w, https:\/\/www.supercars.net\/blog\/wp-content\/uploads\/2014\/07\/DSC_7113-370x247.jpg 370w, https:\/\/www.supercars.net\/blog\/wp-content\/uploads\/2014\/07\/DSC_7113-293x195.jpg 293w\" sizes=\"(max-width: 1150px) 100vw, 1150px\" \/><\/a><figcaption id=\"caption-attachment-807416\" class=\"wp-caption-text\">1979 Ferrari 512 BB LM and 1976 Chevron B36 BDG<\/figcaption><\/figure>\n<figure id=\"attachment_807417\" aria-describedby=\"caption-attachment-807417\" style=\"width: 1150px\" class=\"wp-caption alignnone\"><a href=\"https:\/\/www.supercars.net\/blog\/wp-content\/uploads\/2014\/07\/DSC_71073.jpg\"><img decoding=\"async\" class=\"size-full wp-image-807417\" src=\"https:\/\/www.supercars.net\/blog\/wp-content\/uploads\/2014\/07\/DSC_71073.jpg\" alt=\"1977 Porsche 935\" width=\"1150\" height=\"767\" srcset=\"https:\/\/www.supercars.net\/blog\/wp-content\/uploads\/2014\/07\/DSC_71073.jpg 1150w, https:\/\/www.supercars.net\/blog\/wp-content\/uploads\/2014\/07\/DSC_71073-300x200.jpg 300w, https:\/\/www.supercars.net\/blog\/wp-content\/uploads\/2014\/07\/DSC_71073-1024x683.jpg 1024w, https:\/\/www.supercars.net\/blog\/wp-content\/uploads\/2014\/07\/DSC_71073-100x67.jpg 100w, https:\/\/www.supercars.net\/blog\/wp-content\/uploads\/2014\/07\/DSC_71073-770x514.jpg 770w, https:\/\/www.supercars.net\/blog\/wp-content\/uploads\/2014\/07\/DSC_71073-360x240.jpg 360w, https:\/\/www.supercars.net\/blog\/wp-content\/uploads\/2014\/07\/DSC_71073-370x247.jpg 370w, https:\/\/www.supercars.net\/blog\/wp-content\/uploads\/2014\/07\/DSC_71073-293x195.jpg 293w\" sizes=\"(max-width: 1150px) 100vw, 1150px\" \/><\/a><figcaption id=\"caption-attachment-807417\" class=\"wp-caption-text\">1977 Porsche 935 and 1974 Porsche 911 RSR 3.0<\/figcaption><\/figure>\n<p>&nbsp;<\/p>\n<figure id=\"attachment_807418\" aria-describedby=\"caption-attachment-807418\" style=\"width: 1150px\" class=\"wp-caption alignnone\"><a href=\"https:\/\/www.supercars.net\/blog\/wp-content\/uploads\/2014\/07\/DSC_7103.jpg\"><img decoding=\"async\" class=\"size-full wp-image-807418\" src=\"https:\/\/www.supercars.net\/blog\/wp-content\/uploads\/2014\/07\/DSC_7103.jpg\" alt=\"1979 Ferrari 512 BB LM\" width=\"1150\" height=\"767\" srcset=\"https:\/\/www.supercars.net\/blog\/wp-content\/uploads\/2014\/07\/DSC_7103.jpg 1150w, https:\/\/www.supercars.net\/blog\/wp-content\/uploads\/2014\/07\/DSC_7103-300x200.jpg 300w, https:\/\/www.supercars.net\/blog\/wp-content\/uploads\/2014\/07\/DSC_7103-1024x683.jpg 1024w, https:\/\/www.supercars.net\/blog\/wp-content\/uploads\/2014\/07\/DSC_7103-100x67.jpg 100w, https:\/\/www.supercars.net\/blog\/wp-content\/uploads\/2014\/07\/DSC_7103-770x514.jpg 770w, https:\/\/www.supercars.net\/blog\/wp-content\/uploads\/2014\/07\/DSC_7103-360x240.jpg 360w, https:\/\/www.supercars.net\/blog\/wp-content\/uploads\/2014\/07\/DSC_7103-370x247.jpg 370w, https:\/\/www.supercars.net\/blog\/wp-content\/uploads\/2014\/07\/DSC_7103-293x195.jpg 293w\" sizes=\"(max-width: 1150px) 100vw, 1150px\" \/><\/a><figcaption id=\"caption-attachment-807418\" class=\"wp-caption-text\">1979 Ferrari 512 BB LM<\/figcaption><\/figure>\n<figure id=\"attachment_807419\" aria-describedby=\"caption-attachment-807419\" style=\"width: 1150px\" class=\"wp-caption alignnone\"><a href=\"https:\/\/www.supercars.net\/blog\/wp-content\/uploads\/2014\/07\/DSC_7097.jpg\"><img decoding=\"async\" class=\"size-full wp-image-807419\" src=\"https:\/\/www.supercars.net\/blog\/wp-content\/uploads\/2014\/07\/DSC_7097.jpg\" alt=\"1975 De Cadenet Lola T380 DFV and 1974 Porsche 911 RSR 3.0\" width=\"1150\" height=\"767\" srcset=\"https:\/\/www.supercars.net\/blog\/wp-content\/uploads\/2014\/07\/DSC_7097.jpg 1150w, https:\/\/www.supercars.net\/blog\/wp-content\/uploads\/2014\/07\/DSC_7097-300x200.jpg 300w, https:\/\/www.supercars.net\/blog\/wp-content\/uploads\/2014\/07\/DSC_7097-1024x683.jpg 1024w, https:\/\/www.supercars.net\/blog\/wp-content\/uploads\/2014\/07\/DSC_7097-100x67.jpg 100w, https:\/\/www.supercars.net\/blog\/wp-content\/uploads\/2014\/07\/DSC_7097-770x514.jpg 770w, https:\/\/www.supercars.net\/blog\/wp-content\/uploads\/2014\/07\/DSC_7097-360x240.jpg 360w, https:\/\/www.supercars.net\/blog\/wp-content\/uploads\/2014\/07\/DSC_7097-370x247.jpg 370w, https:\/\/www.supercars.net\/blog\/wp-content\/uploads\/2014\/07\/DSC_7097-293x195.jpg 293w\" sizes=\"(max-width: 1150px) 100vw, 1150px\" \/><\/a><figcaption id=\"caption-attachment-807419\" class=\"wp-caption-text\">1975 De Cadenet Lola T380 DFV and 1974 Porsche 911 RSR 3.0<\/figcaption><\/figure>\n<figure id=\"attachment_807420\" aria-describedby=\"caption-attachment-807420\" style=\"width: 1150px\" class=\"wp-caption alignnone\"><a href=\"https:\/\/www.supercars.net\/blog\/wp-content\/uploads\/2014\/07\/DSC_7088.jpg\"><img decoding=\"async\" class=\"wp-image-807420 size-full\" src=\"https:\/\/www.supercars.net\/blog\/wp-content\/uploads\/2014\/07\/DSC_7088.jpg\" alt=\"Ferrari 512 BB LM\" width=\"1150\" height=\"767\" srcset=\"https:\/\/www.supercars.net\/blog\/wp-content\/uploads\/2014\/07\/DSC_7088.jpg 1150w, https:\/\/www.supercars.net\/blog\/wp-content\/uploads\/2014\/07\/DSC_7088-300x200.jpg 300w, https:\/\/www.supercars.net\/blog\/wp-content\/uploads\/2014\/07\/DSC_7088-1024x683.jpg 1024w, https:\/\/www.supercars.net\/blog\/wp-content\/uploads\/2014\/07\/DSC_7088-100x67.jpg 100w, https:\/\/www.supercars.net\/blog\/wp-content\/uploads\/2014\/07\/DSC_7088-770x514.jpg 770w, https:\/\/www.supercars.net\/blog\/wp-content\/uploads\/2014\/07\/DSC_7088-360x240.jpg 360w, https:\/\/www.supercars.net\/blog\/wp-content\/uploads\/2014\/07\/DSC_7088-370x247.jpg 370w, https:\/\/www.supercars.net\/blog\/wp-content\/uploads\/2014\/07\/DSC_7088-293x195.jpg 293w\" sizes=\"(max-width: 1150px) 100vw, 1150px\" \/><\/a><figcaption id=\"caption-attachment-807420\" class=\"wp-caption-text\">Ferrari 512 BB LM<\/figcaption><\/figure>\n<figure id=\"attachment_807422\" aria-describedby=\"caption-attachment-807422\" style=\"width: 1150px\" class=\"wp-caption alignnone\"><a href=\"https:\/\/www.supercars.net\/blog\/wp-content\/uploads\/2014\/07\/DSC_7086.jpg\"><img decoding=\"async\" class=\"wp-image-807422 size-full\" src=\"https:\/\/www.supercars.net\/blog\/wp-content\/uploads\/2014\/07\/DSC_7086.jpg\" alt=\"1973 Porsche 911 Carrera RS 2.8\" width=\"1150\" height=\"767\" srcset=\"https:\/\/www.supercars.net\/blog\/wp-content\/uploads\/2014\/07\/DSC_7086.jpg 1150w, https:\/\/www.supercars.net\/blog\/wp-content\/uploads\/2014\/07\/DSC_7086-300x200.jpg 300w, https:\/\/www.supercars.net\/blog\/wp-content\/uploads\/2014\/07\/DSC_7086-1024x683.jpg 1024w, https:\/\/www.supercars.net\/blog\/wp-content\/uploads\/2014\/07\/DSC_7086-100x67.jpg 100w, https:\/\/www.supercars.net\/blog\/wp-content\/uploads\/2014\/07\/DSC_7086-770x514.jpg 770w, https:\/\/www.supercars.net\/blog\/wp-content\/uploads\/2014\/07\/DSC_7086-360x240.jpg 360w, https:\/\/www.supercars.net\/blog\/wp-content\/uploads\/2014\/07\/DSC_7086-370x247.jpg 370w, https:\/\/www.supercars.net\/blog\/wp-content\/uploads\/2014\/07\/DSC_7086-293x195.jpg 293w\" sizes=\"(max-width: 1150px) 100vw, 1150px\" \/><\/a><figcaption id=\"caption-attachment-807422\" class=\"wp-caption-text\">1973 Porsche 911 Carrera RS 2.8<\/figcaption><\/figure>\n<figure id=\"attachment_807423\" aria-describedby=\"caption-attachment-807423\" style=\"width: 1150px\" class=\"wp-caption alignnone\"><a href=\"https:\/\/www.supercars.net\/blog\/wp-content\/uploads\/2014\/07\/DSC_7074.jpg\"><img decoding=\"async\" class=\"wp-image-807423 size-full\" src=\"https:\/\/www.supercars.net\/blog\/wp-content\/uploads\/2014\/07\/DSC_7074.jpg\" alt=\"1977 Porsche 935 K3\" width=\"1150\" height=\"767\" srcset=\"https:\/\/www.supercars.net\/blog\/wp-content\/uploads\/2014\/07\/DSC_7074.jpg 1150w, https:\/\/www.supercars.net\/blog\/wp-content\/uploads\/2014\/07\/DSC_7074-300x200.jpg 300w, https:\/\/www.supercars.net\/blog\/wp-content\/uploads\/2014\/07\/DSC_7074-1024x683.jpg 1024w, https:\/\/www.supercars.net\/blog\/wp-content\/uploads\/2014\/07\/DSC_7074-100x67.jpg 100w, https:\/\/www.supercars.net\/blog\/wp-content\/uploads\/2014\/07\/DSC_7074-770x514.jpg 770w, https:\/\/www.supercars.net\/blog\/wp-content\/uploads\/2014\/07\/DSC_7074-360x240.jpg 360w, https:\/\/www.supercars.net\/blog\/wp-content\/uploads\/2014\/07\/DSC_7074-370x247.jpg 370w, https:\/\/www.supercars.net\/blog\/wp-content\/uploads\/2014\/07\/DSC_7074-293x195.jpg 293w\" sizes=\"(max-width: 1150px) 100vw, 1150px\" \/><\/a><figcaption id=\"caption-attachment-807423\" class=\"wp-caption-text\">1977 Porsche 935 K3<\/figcaption><\/figure>\n<figure id=\"attachment_807424\" aria-describedby=\"caption-attachment-807424\" style=\"width: 1150px\" class=\"wp-caption alignnone\"><a href=\"https:\/\/www.supercars.net\/blog\/wp-content\/uploads\/2014\/07\/DSC_70661.jpg\"><img decoding=\"async\" class=\"wp-image-807424 size-full\" src=\"https:\/\/www.supercars.net\/blog\/wp-content\/uploads\/2014\/07\/DSC_70661.jpg\" alt=\"1972 Ford Capri 2600 RS\" width=\"1150\" height=\"767\" srcset=\"https:\/\/www.supercars.net\/blog\/wp-content\/uploads\/2014\/07\/DSC_70661.jpg 1150w, https:\/\/www.supercars.net\/blog\/wp-content\/uploads\/2014\/07\/DSC_70661-300x200.jpg 300w, https:\/\/www.supercars.net\/blog\/wp-content\/uploads\/2014\/07\/DSC_70661-1024x683.jpg 1024w, https:\/\/www.supercars.net\/blog\/wp-content\/uploads\/2014\/07\/DSC_70661-100x67.jpg 100w, https:\/\/www.supercars.net\/blog\/wp-content\/uploads\/2014\/07\/DSC_70661-770x514.jpg 770w, https:\/\/www.supercars.net\/blog\/wp-content\/uploads\/2014\/07\/DSC_70661-360x240.jpg 360w, https:\/\/www.supercars.net\/blog\/wp-content\/uploads\/2014\/07\/DSC_70661-370x247.jpg 370w, https:\/\/www.supercars.net\/blog\/wp-content\/uploads\/2014\/07\/DSC_70661-293x195.jpg 293w\" sizes=\"(max-width: 1150px) 100vw, 1150px\" \/><\/a><figcaption id=\"caption-attachment-807424\" class=\"wp-caption-text\">1972 Ford Capri 2600 RS<\/figcaption><\/figure>\n<p>&nbsp;<\/p>\n<figure id=\"attachment_807425\" aria-describedby=\"caption-attachment-807425\" style=\"width: 1150px\" class=\"wp-caption alignnone\"><a href=\"https:\/\/www.supercars.net\/blog\/wp-content\/uploads\/2014\/07\/DSC_70551.jpg\"><img decoding=\"async\" class=\"wp-image-807425 size-full\" src=\"https:\/\/www.supercars.net\/blog\/wp-content\/uploads\/2014\/07\/DSC_70551.jpg\" alt=\"1973 Porsche 911 Carrera RS 2.8, 1979 Lola T298 BMW and 1975 Tecma 755\" width=\"1150\" height=\"767\" srcset=\"https:\/\/www.supercars.net\/blog\/wp-content\/uploads\/2014\/07\/DSC_70551.jpg 1150w, https:\/\/www.supercars.net\/blog\/wp-content\/uploads\/2014\/07\/DSC_70551-300x200.jpg 300w, https:\/\/www.supercars.net\/blog\/wp-content\/uploads\/2014\/07\/DSC_70551-1024x683.jpg 1024w, https:\/\/www.supercars.net\/blog\/wp-content\/uploads\/2014\/07\/DSC_70551-100x67.jpg 100w, https:\/\/www.supercars.net\/blog\/wp-content\/uploads\/2014\/07\/DSC_70551-770x514.jpg 770w, https:\/\/www.supercars.net\/blog\/wp-content\/uploads\/2014\/07\/DSC_70551-360x240.jpg 360w, https:\/\/www.supercars.net\/blog\/wp-content\/uploads\/2014\/07\/DSC_70551-370x247.jpg 370w, https:\/\/www.supercars.net\/blog\/wp-content\/uploads\/2014\/07\/DSC_70551-293x195.jpg 293w\" sizes=\"(max-width: 1150px) 100vw, 1150px\" \/><\/a><figcaption id=\"caption-attachment-807425\" class=\"wp-caption-text\">1973 Porsche 911 Carrera RS 2.8, 1979 Lola T298 BMW and 1975 Tecma 755<\/figcaption><\/figure>\n<figure id=\"attachment_807426\" aria-describedby=\"caption-attachment-807426\" style=\"width: 1150px\" class=\"wp-caption alignnone\"><a href=\"https:\/\/www.supercars.net\/blog\/wp-content\/uploads\/2014\/07\/DSC_7049.jpg\"><img decoding=\"async\" class=\"wp-image-807426 size-full\" src=\"https:\/\/www.supercars.net\/blog\/wp-content\/uploads\/2014\/07\/DSC_7049.jpg\" alt=\"1979 BMW M1\" width=\"1150\" height=\"766\" srcset=\"https:\/\/www.supercars.net\/blog\/wp-content\/uploads\/2014\/07\/DSC_7049.jpg 1150w, https:\/\/www.supercars.net\/blog\/wp-content\/uploads\/2014\/07\/DSC_7049-300x200.jpg 300w, https:\/\/www.supercars.net\/blog\/wp-content\/uploads\/2014\/07\/DSC_7049-1024x682.jpg 1024w, https:\/\/www.supercars.net\/blog\/wp-content\/uploads\/2014\/07\/DSC_7049-100x67.jpg 100w, https:\/\/www.supercars.net\/blog\/wp-content\/uploads\/2014\/07\/DSC_7049-770x513.jpg 770w, https:\/\/www.supercars.net\/blog\/wp-content\/uploads\/2014\/07\/DSC_7049-360x240.jpg 360w, https:\/\/www.supercars.net\/blog\/wp-content\/uploads\/2014\/07\/DSC_7049-370x247.jpg 370w, https:\/\/www.supercars.net\/blog\/wp-content\/uploads\/2014\/07\/DSC_7049-293x195.jpg 293w\" sizes=\"(max-width: 1150px) 100vw, 1150px\" \/><\/a><figcaption id=\"caption-attachment-807426\" class=\"wp-caption-text\">1979 BMW M1<\/figcaption><\/figure>\n<figure id=\"attachment_807427\" aria-describedby=\"caption-attachment-807427\" style=\"width: 1150px\" class=\"wp-caption alignnone\"><a href=\"https:\/\/www.supercars.net\/blog\/wp-content\/uploads\/2014\/07\/DSC_7047.jpg\"><img decoding=\"async\" class=\"wp-image-807427 size-full\" src=\"https:\/\/www.supercars.net\/blog\/wp-content\/uploads\/2014\/07\/DSC_7047.jpg\" alt=\"1979 Porsche 935\" width=\"1150\" height=\"767\" srcset=\"https:\/\/www.supercars.net\/blog\/wp-content\/uploads\/2014\/07\/DSC_7047.jpg 1150w, https:\/\/www.supercars.net\/blog\/wp-content\/uploads\/2014\/07\/DSC_7047-300x200.jpg 300w, https:\/\/www.supercars.net\/blog\/wp-content\/uploads\/2014\/07\/DSC_7047-1024x683.jpg 1024w, https:\/\/www.supercars.net\/blog\/wp-content\/uploads\/2014\/07\/DSC_7047-100x67.jpg 100w, https:\/\/www.supercars.net\/blog\/wp-content\/uploads\/2014\/07\/DSC_7047-770x514.jpg 770w, https:\/\/www.supercars.net\/blog\/wp-content\/uploads\/2014\/07\/DSC_7047-360x240.jpg 360w, https:\/\/www.supercars.net\/blog\/wp-content\/uploads\/2014\/07\/DSC_7047-370x247.jpg 370w, https:\/\/www.supercars.net\/blog\/wp-content\/uploads\/2014\/07\/DSC_7047-293x195.jpg 293w\" sizes=\"(max-width: 1150px) 100vw, 1150px\" \/><\/a><figcaption id=\"caption-attachment-807427\" class=\"wp-caption-text\">1979 Porsche 935<\/figcaption><\/figure>\n<figure id=\"attachment_65818\" aria-describedby=\"caption-attachment-65818\" style=\"width: 1024px\" class=\"wp-caption alignnone\"><a href=\"http:\/\/s3.amazonaws.com\/scardigest\/wp-content\/uploads\/DSC_7042.jpg\"><img decoding=\"async\" class=\"size-full wp-image-65818\" src=\"http:\/\/s3.amazonaws.com\/scardigest\/wp-content\/uploads\/DSC_7042.jpg\" alt=\"1973 Porsche 911 RSR Turbo\" width=\"1150\" height=\"767\" \/><\/a><figcaption id=\"caption-attachment-65818\" class=\"wp-caption-text\">1973 Porsche 911 RSR Turbo<\/figcaption><\/figure>\n<figure id=\"attachment_807428\" aria-describedby=\"caption-attachment-807428\" style=\"width: 1150px\" class=\"wp-caption alignnone\"><a href=\"https:\/\/www.supercars.net\/blog\/wp-content\/uploads\/2014\/07\/DSC_7039.jpg\"><img decoding=\"async\" class=\"wp-image-807428 size-full\" src=\"https:\/\/www.supercars.net\/blog\/wp-content\/uploads\/2014\/07\/DSC_7039.jpg\" alt=\"1977 Porsche 935\" width=\"1150\" height=\"767\" srcset=\"https:\/\/www.supercars.net\/blog\/wp-content\/uploads\/2014\/07\/DSC_7039.jpg 1150w, https:\/\/www.supercars.net\/blog\/wp-content\/uploads\/2014\/07\/DSC_7039-300x200.jpg 300w, https:\/\/www.supercars.net\/blog\/wp-content\/uploads\/2014\/07\/DSC_7039-1024x683.jpg 1024w, https:\/\/www.supercars.net\/blog\/wp-content\/uploads\/2014\/07\/DSC_7039-100x67.jpg 100w, https:\/\/www.supercars.net\/blog\/wp-content\/uploads\/2014\/07\/DSC_7039-770x514.jpg 770w, https:\/\/www.supercars.net\/blog\/wp-content\/uploads\/2014\/07\/DSC_7039-360x240.jpg 360w, https:\/\/www.supercars.net\/blog\/wp-content\/uploads\/2014\/07\/DSC_7039-370x247.jpg 370w, https:\/\/www.supercars.net\/blog\/wp-content\/uploads\/2014\/07\/DSC_7039-293x195.jpg 293w\" sizes=\"(max-width: 1150px) 100vw, 1150px\" \/><\/a><figcaption id=\"caption-attachment-807428\" class=\"wp-caption-text\">1977 Porsche 935<\/figcaption><\/figure>\n<figure id=\"attachment_807429\" aria-describedby=\"caption-attachment-807429\" style=\"width: 1150px\" class=\"wp-caption alignnone\"><a href=\"https:\/\/www.supercars.net\/blog\/wp-content\/uploads\/2014\/07\/DSC_70371.jpg\"><img decoding=\"async\" class=\"wp-image-807429 size-full\" src=\"https:\/\/www.supercars.net\/blog\/wp-content\/uploads\/2014\/07\/DSC_70371.jpg\" alt=\"1974 Porsche 911 RSR 3.0 and 1972 Ford Capri 2600 RS\" width=\"1150\" height=\"767\" srcset=\"https:\/\/www.supercars.net\/blog\/wp-content\/uploads\/2014\/07\/DSC_70371.jpg 1150w, https:\/\/www.supercars.net\/blog\/wp-content\/uploads\/2014\/07\/DSC_70371-300x200.jpg 300w, https:\/\/www.supercars.net\/blog\/wp-content\/uploads\/2014\/07\/DSC_70371-1024x683.jpg 1024w, https:\/\/www.supercars.net\/blog\/wp-content\/uploads\/2014\/07\/DSC_70371-100x67.jpg 100w, https:\/\/www.supercars.net\/blog\/wp-content\/uploads\/2014\/07\/DSC_70371-770x514.jpg 770w, https:\/\/www.supercars.net\/blog\/wp-content\/uploads\/2014\/07\/DSC_70371-360x240.jpg 360w, https:\/\/www.supercars.net\/blog\/wp-content\/uploads\/2014\/07\/DSC_70371-370x247.jpg 370w, https:\/\/www.supercars.net\/blog\/wp-content\/uploads\/2014\/07\/DSC_70371-293x195.jpg 293w\" sizes=\"(max-width: 1150px) 100vw, 1150px\" \/><\/a><figcaption id=\"caption-attachment-807429\" class=\"wp-caption-text\">1974 Porsche 911 RSR 3.0 and 1972 Ford Capri 2600 RS<\/figcaption><\/figure>\n<figure id=\"attachment_807431\" aria-describedby=\"caption-attachment-807431\" style=\"width: 1150px\" class=\"wp-caption alignnone\"><a href=\"https:\/\/www.supercars.net\/blog\/wp-content\/uploads\/2014\/07\/DSC_7035.jpg\"><img decoding=\"async\" class=\"wp-image-807431 size-full\" src=\"https:\/\/www.supercars.net\/blog\/wp-content\/uploads\/2014\/07\/DSC_7035.jpg\" alt=\"1977 Porsche 935 K3\" width=\"1150\" height=\"767\" srcset=\"https:\/\/www.supercars.net\/blog\/wp-content\/uploads\/2014\/07\/DSC_7035.jpg 1150w, https:\/\/www.supercars.net\/blog\/wp-content\/uploads\/2014\/07\/DSC_7035-300x200.jpg 300w, https:\/\/www.supercars.net\/blog\/wp-content\/uploads\/2014\/07\/DSC_7035-1024x683.jpg 1024w, https:\/\/www.supercars.net\/blog\/wp-content\/uploads\/2014\/07\/DSC_7035-100x67.jpg 100w, https:\/\/www.supercars.net\/blog\/wp-content\/uploads\/2014\/07\/DSC_7035-770x514.jpg 770w, https:\/\/www.supercars.net\/blog\/wp-content\/uploads\/2014\/07\/DSC_7035-360x240.jpg 360w, https:\/\/www.supercars.net\/blog\/wp-content\/uploads\/2014\/07\/DSC_7035-370x247.jpg 370w, https:\/\/www.supercars.net\/blog\/wp-content\/uploads\/2014\/07\/DSC_7035-293x195.jpg 293w\" sizes=\"(max-width: 1150px) 100vw, 1150px\" \/><\/a><figcaption id=\"caption-attachment-807431\" class=\"wp-caption-text\">1977 Porsche 935 K3<\/figcaption><\/figure>\n<figure id=\"attachment_807432\" aria-describedby=\"caption-attachment-807432\" style=\"width: 1150px\" class=\"wp-caption alignnone\"><a href=\"https:\/\/www.supercars.net\/blog\/wp-content\/uploads\/2014\/07\/DSC_70241.jpg\"><img decoding=\"async\" class=\"wp-image-807432 size-full\" src=\"https:\/\/www.supercars.net\/blog\/wp-content\/uploads\/2014\/07\/DSC_70241.jpg\" alt=\"Ferrari 512 BB LM\" width=\"1150\" height=\"767\" srcset=\"https:\/\/www.supercars.net\/blog\/wp-content\/uploads\/2014\/07\/DSC_70241.jpg 1150w, https:\/\/www.supercars.net\/blog\/wp-content\/uploads\/2014\/07\/DSC_70241-300x200.jpg 300w, https:\/\/www.supercars.net\/blog\/wp-content\/uploads\/2014\/07\/DSC_70241-1024x683.jpg 1024w, https:\/\/www.supercars.net\/blog\/wp-content\/uploads\/2014\/07\/DSC_70241-100x67.jpg 100w, https:\/\/www.supercars.net\/blog\/wp-content\/uploads\/2014\/07\/DSC_70241-770x514.jpg 770w, https:\/\/www.supercars.net\/blog\/wp-content\/uploads\/2014\/07\/DSC_70241-360x240.jpg 360w, https:\/\/www.supercars.net\/blog\/wp-content\/uploads\/2014\/07\/DSC_70241-370x247.jpg 370w, https:\/\/www.supercars.net\/blog\/wp-content\/uploads\/2014\/07\/DSC_70241-293x195.jpg 293w\" sizes=\"(max-width: 1150px) 100vw, 1150px\" \/><\/a><figcaption id=\"caption-attachment-807432\" class=\"wp-caption-text\">Ferrari 512 BB LM<\/figcaption><\/figure>\n<figure id=\"attachment_807434\" aria-describedby=\"caption-attachment-807434\" style=\"width: 1150px\" class=\"wp-caption alignnone\"><a href=\"https:\/\/www.supercars.net\/blog\/wp-content\/uploads\/2014\/07\/DSC_8647.jpg\"><img decoding=\"async\" class=\"size-full wp-image-807434\" src=\"https:\/\/www.supercars.net\/blog\/wp-content\/uploads\/2014\/07\/DSC_8647.jpg\" alt=\"Porsche 935 K3\" width=\"1150\" height=\"767\" srcset=\"https:\/\/www.supercars.net\/blog\/wp-content\/uploads\/2014\/07\/DSC_8647.jpg 1150w, https:\/\/www.supercars.net\/blog\/wp-content\/uploads\/2014\/07\/DSC_8647-300x200.jpg 300w, https:\/\/www.supercars.net\/blog\/wp-content\/uploads\/2014\/07\/DSC_8647-1024x683.jpg 1024w, https:\/\/www.supercars.net\/blog\/wp-content\/uploads\/2014\/07\/DSC_8647-100x67.jpg 100w, https:\/\/www.supercars.net\/blog\/wp-content\/uploads\/2014\/07\/DSC_8647-770x514.jpg 770w, https:\/\/www.supercars.net\/blog\/wp-content\/uploads\/2014\/07\/DSC_8647-360x240.jpg 360w, https:\/\/www.supercars.net\/blog\/wp-content\/uploads\/2014\/07\/DSC_8647-370x247.jpg 370w, https:\/\/www.supercars.net\/blog\/wp-content\/uploads\/2014\/07\/DSC_8647-293x195.jpg 293w\" sizes=\"(max-width: 1150px) 100vw, 1150px\" \/><\/a><figcaption id=\"caption-attachment-807434\" class=\"wp-caption-text\">Porsche 935 K3<\/figcaption><\/figure>\n<figure id=\"attachment_807436\" aria-describedby=\"caption-attachment-807436\" style=\"width: 1150px\" class=\"wp-caption alignnone\"><a href=\"https:\/\/www.supercars.net\/blog\/wp-content\/uploads\/2014\/07\/DSC_8643.jpg\"><img decoding=\"async\" class=\"size-full wp-image-807436\" src=\"https:\/\/www.supercars.net\/blog\/wp-content\/uploads\/2014\/07\/DSC_8643.jpg\" alt=\"1972 Porsche 911 Carrera RS 2.7\" width=\"1150\" height=\"767\" srcset=\"https:\/\/www.supercars.net\/blog\/wp-content\/uploads\/2014\/07\/DSC_8643.jpg 1150w, https:\/\/www.supercars.net\/blog\/wp-content\/uploads\/2014\/07\/DSC_8643-300x200.jpg 300w, https:\/\/www.supercars.net\/blog\/wp-content\/uploads\/2014\/07\/DSC_8643-1024x683.jpg 1024w, https:\/\/www.supercars.net\/blog\/wp-content\/uploads\/2014\/07\/DSC_8643-100x67.jpg 100w, https:\/\/www.supercars.net\/blog\/wp-content\/uploads\/2014\/07\/DSC_8643-770x514.jpg 770w, https:\/\/www.supercars.net\/blog\/wp-content\/uploads\/2014\/07\/DSC_8643-360x240.jpg 360w, https:\/\/www.supercars.net\/blog\/wp-content\/uploads\/2014\/07\/DSC_8643-370x247.jpg 370w, https:\/\/www.supercars.net\/blog\/wp-content\/uploads\/2014\/07\/DSC_8643-293x195.jpg 293w\" sizes=\"(max-width: 1150px) 100vw, 1150px\" \/><\/a><figcaption id=\"caption-attachment-807436\" class=\"wp-caption-text\">1972 Porsche 911 Carrera RS 2.7<\/figcaption><\/figure>\n<figure id=\"attachment_807438\" aria-describedby=\"caption-attachment-807438\" style=\"width: 1150px\" class=\"wp-caption alignnone\"><a href=\"https:\/\/www.supercars.net\/blog\/wp-content\/uploads\/2014\/07\/DSC_8638.jpg\"><img decoding=\"async\" class=\"size-full wp-image-807438\" src=\"https:\/\/www.supercars.net\/blog\/wp-content\/uploads\/2014\/07\/DSC_8638.jpg\" alt=\"1978 Porsche 935 K3\" width=\"1150\" height=\"767\" srcset=\"https:\/\/www.supercars.net\/blog\/wp-content\/uploads\/2014\/07\/DSC_8638.jpg 1150w, https:\/\/www.supercars.net\/blog\/wp-content\/uploads\/2014\/07\/DSC_8638-300x200.jpg 300w, https:\/\/www.supercars.net\/blog\/wp-content\/uploads\/2014\/07\/DSC_8638-1024x683.jpg 1024w, https:\/\/www.supercars.net\/blog\/wp-content\/uploads\/2014\/07\/DSC_8638-100x67.jpg 100w, https:\/\/www.supercars.net\/blog\/wp-content\/uploads\/2014\/07\/DSC_8638-770x514.jpg 770w, https:\/\/www.supercars.net\/blog\/wp-content\/uploads\/2014\/07\/DSC_8638-360x240.jpg 360w, https:\/\/www.supercars.net\/blog\/wp-content\/uploads\/2014\/07\/DSC_8638-370x247.jpg 370w, https:\/\/www.supercars.net\/blog\/wp-content\/uploads\/2014\/07\/DSC_8638-293x195.jpg 293w\" sizes=\"(max-width: 1150px) 100vw, 1150px\" \/><\/a><figcaption id=\"caption-attachment-807438\" class=\"wp-caption-text\">1978 Porsche 935 K3<\/figcaption><\/figure>\n<figure id=\"attachment_807439\" aria-describedby=\"caption-attachment-807439\" style=\"width: 1150px\" class=\"wp-caption alignnone\"><a href=\"https:\/\/www.supercars.net\/blog\/wp-content\/uploads\/2014\/07\/DSC_86351.jpg\"><img decoding=\"async\" class=\"size-full wp-image-807439\" src=\"https:\/\/www.supercars.net\/blog\/wp-content\/uploads\/2014\/07\/DSC_86351.jpg\" alt=\"1974 Porsche 911 RSR 3.0\" width=\"1150\" height=\"767\" srcset=\"https:\/\/www.supercars.net\/blog\/wp-content\/uploads\/2014\/07\/DSC_86351.jpg 1150w, https:\/\/www.supercars.net\/blog\/wp-content\/uploads\/2014\/07\/DSC_86351-300x200.jpg 300w, https:\/\/www.supercars.net\/blog\/wp-content\/uploads\/2014\/07\/DSC_86351-1024x683.jpg 1024w, https:\/\/www.supercars.net\/blog\/wp-content\/uploads\/2014\/07\/DSC_86351-100x67.jpg 100w, https:\/\/www.supercars.net\/blog\/wp-content\/uploads\/2014\/07\/DSC_86351-770x514.jpg 770w, https:\/\/www.supercars.net\/blog\/wp-content\/uploads\/2014\/07\/DSC_86351-360x240.jpg 360w, https:\/\/www.supercars.net\/blog\/wp-content\/uploads\/2014\/07\/DSC_86351-370x247.jpg 370w, https:\/\/www.supercars.net\/blog\/wp-content\/uploads\/2014\/07\/DSC_86351-293x195.jpg 293w\" sizes=\"(max-width: 1150px) 100vw, 1150px\" \/><\/a><figcaption id=\"caption-attachment-807439\" class=\"wp-caption-text\">1974 Porsche 911 RSR 3.0<\/figcaption><\/figure>\n<figure id=\"attachment_807440\" aria-describedby=\"caption-attachment-807440\" style=\"width: 1150px\" class=\"wp-caption alignnone\"><a href=\"https:\/\/www.supercars.net\/blog\/wp-content\/uploads\/2014\/07\/DSC_8633.jpg\"><img decoding=\"async\" class=\"size-full wp-image-807440\" src=\"https:\/\/www.supercars.net\/blog\/wp-content\/uploads\/2014\/07\/DSC_8633.jpg\" alt=\"Porsche 935 K3\" width=\"1150\" height=\"767\" srcset=\"https:\/\/www.supercars.net\/blog\/wp-content\/uploads\/2014\/07\/DSC_8633.jpg 1150w, https:\/\/www.supercars.net\/blog\/wp-content\/uploads\/2014\/07\/DSC_8633-300x200.jpg 300w, https:\/\/www.supercars.net\/blog\/wp-content\/uploads\/2014\/07\/DSC_8633-1024x683.jpg 1024w, https:\/\/www.supercars.net\/blog\/wp-content\/uploads\/2014\/07\/DSC_8633-100x67.jpg 100w, https:\/\/www.supercars.net\/blog\/wp-content\/uploads\/2014\/07\/DSC_8633-770x514.jpg 770w, https:\/\/www.supercars.net\/blog\/wp-content\/uploads\/2014\/07\/DSC_8633-360x240.jpg 360w, https:\/\/www.supercars.net\/blog\/wp-content\/uploads\/2014\/07\/DSC_8633-370x247.jpg 370w, https:\/\/www.supercars.net\/blog\/wp-content\/uploads\/2014\/07\/DSC_8633-293x195.jpg 293w\" sizes=\"(max-width: 1150px) 100vw, 1150px\" \/><\/a><figcaption id=\"caption-attachment-807440\" class=\"wp-caption-text\">Porsche 935 K3<\/figcaption><\/figure>\n<figure id=\"attachment_807442\" aria-describedby=\"caption-attachment-807442\" style=\"width: 800px\" class=\"wp-caption alignnone\"><a href=\"https:\/\/www.supercars.net\/blog\/wp-content\/uploads\/2014\/07\/DSC_8629.jpg\"><img decoding=\"async\" class=\"size-full wp-image-807442\" src=\"https:\/\/www.supercars.net\/blog\/wp-content\/uploads\/2014\/07\/DSC_8629.jpg\" alt=\"1978 Porsche 935\" width=\"800\" height=\"533\" srcset=\"https:\/\/www.supercars.net\/blog\/wp-content\/uploads\/2014\/07\/DSC_8629.jpg 800w, https:\/\/www.supercars.net\/blog\/wp-content\/uploads\/2014\/07\/DSC_8629-300x200.jpg 300w, https:\/\/www.supercars.net\/blog\/wp-content\/uploads\/2014\/07\/DSC_8629-100x67.jpg 100w, https:\/\/www.supercars.net\/blog\/wp-content\/uploads\/2014\/07\/DSC_8629-770x513.jpg 770w, https:\/\/www.supercars.net\/blog\/wp-content\/uploads\/2014\/07\/DSC_8629-360x240.jpg 360w, https:\/\/www.supercars.net\/blog\/wp-content\/uploads\/2014\/07\/DSC_8629-370x247.jpg 370w, https:\/\/www.supercars.net\/blog\/wp-content\/uploads\/2014\/07\/DSC_8629-293x195.jpg 293w\" sizes=\"(max-width: 800px) 100vw, 800px\" \/><\/a><figcaption id=\"caption-attachment-807442\" class=\"wp-caption-text\">Carl Moore&#8217;s 1976 MARCH 76A.<\/figcaption><\/figure>\n<figure id=\"attachment_807443\" aria-describedby=\"caption-attachment-807443\" style=\"width: 1150px\" class=\"wp-caption alignnone\"><a href=\"https:\/\/www.supercars.net\/blog\/wp-content\/uploads\/2014\/07\/DSC_71182.jpg\"><img decoding=\"async\" class=\"size-full wp-image-807443\" src=\"https:\/\/www.supercars.net\/blog\/wp-content\/uploads\/2014\/07\/DSC_71182.jpg\" alt=\"1975 De Cadenet Lola T380 DFV and 1977 Porsche 935 K3\" width=\"1150\" height=\"767\" srcset=\"https:\/\/www.supercars.net\/blog\/wp-content\/uploads\/2014\/07\/DSC_71182.jpg 1150w, https:\/\/www.supercars.net\/blog\/wp-content\/uploads\/2014\/07\/DSC_71182-300x200.jpg 300w, https:\/\/www.supercars.net\/blog\/wp-content\/uploads\/2014\/07\/DSC_71182-1024x683.jpg 1024w, https:\/\/www.supercars.net\/blog\/wp-content\/uploads\/2014\/07\/DSC_71182-100x67.jpg 100w, https:\/\/www.supercars.net\/blog\/wp-content\/uploads\/2014\/07\/DSC_71182-770x514.jpg 770w, https:\/\/www.supercars.net\/blog\/wp-content\/uploads\/2014\/07\/DSC_71182-360x240.jpg 360w, https:\/\/www.supercars.net\/blog\/wp-content\/uploads\/2014\/07\/DSC_71182-370x247.jpg 370w, https:\/\/www.supercars.net\/blog\/wp-content\/uploads\/2014\/07\/DSC_71182-293x195.jpg 293w\" sizes=\"(max-width: 1150px) 100vw, 1150px\" \/><\/a><figcaption id=\"caption-attachment-807443\" class=\"wp-caption-text\">1975 De Cadenet Lola T380 DFV and 1977 Porsche 935 K3<\/figcaption><\/figure>\n<p>&nbsp;<\/p>\n<figure id=\"attachment_807445\" aria-describedby=\"caption-attachment-807445\" style=\"width: 1150px\" class=\"wp-caption alignnone\"><a href=\"https:\/\/www.supercars.net\/blog\/wp-content\/uploads\/2014\/07\/DSC_7116.jpg\"><img decoding=\"async\" class=\"size-full wp-image-807445\" src=\"https:\/\/www.supercars.net\/blog\/wp-content\/uploads\/2014\/07\/DSC_7116.jpg\" alt=\"Porsche 935\" width=\"1150\" height=\"767\" srcset=\"https:\/\/www.supercars.net\/blog\/wp-content\/uploads\/2014\/07\/DSC_7116.jpg 1150w, https:\/\/www.supercars.net\/blog\/wp-content\/uploads\/2014\/07\/DSC_7116-300x200.jpg 300w, https:\/\/www.supercars.net\/blog\/wp-content\/uploads\/2014\/07\/DSC_7116-1024x683.jpg 1024w, https:\/\/www.supercars.net\/blog\/wp-content\/uploads\/2014\/07\/DSC_7116-100x67.jpg 100w, https:\/\/www.supercars.net\/blog\/wp-content\/uploads\/2014\/07\/DSC_7116-770x514.jpg 770w, https:\/\/www.supercars.net\/blog\/wp-content\/uploads\/2014\/07\/DSC_7116-360x240.jpg 360w, https:\/\/www.supercars.net\/blog\/wp-content\/uploads\/2014\/07\/DSC_7116-370x247.jpg 370w, https:\/\/www.supercars.net\/blog\/wp-content\/uploads\/2014\/07\/DSC_7116-293x195.jpg 293w\" sizes=\"(max-width: 1150px) 100vw, 1150px\" \/><\/a><figcaption id=\"caption-attachment-807445\" class=\"wp-caption-text\">1978 Porsche 935<\/figcaption><\/figure>\n<p>&nbsp;<\/p>\n<figure id=\"attachment_807447\" aria-describedby=\"caption-attachment-807447\" style=\"width: 1150px\" class=\"wp-caption alignnone\"><a href=\"https:\/\/www.supercars.net\/blog\/wp-content\/uploads\/2014\/07\/DSC_70221.jpg\"><img decoding=\"async\" class=\"size-full wp-image-807447\" src=\"https:\/\/www.supercars.net\/blog\/wp-content\/uploads\/2014\/07\/DSC_70221.jpg\" alt=\"1974 Gulf Mirage Group 7\" width=\"1150\" height=\"767\" srcset=\"https:\/\/www.supercars.net\/blog\/wp-content\/uploads\/2014\/07\/DSC_70221.jpg 1150w, https:\/\/www.supercars.net\/blog\/wp-content\/uploads\/2014\/07\/DSC_70221-300x200.jpg 300w, https:\/\/www.supercars.net\/blog\/wp-content\/uploads\/2014\/07\/DSC_70221-1024x683.jpg 1024w, https:\/\/www.supercars.net\/blog\/wp-content\/uploads\/2014\/07\/DSC_70221-100x67.jpg 100w, https:\/\/www.supercars.net\/blog\/wp-content\/uploads\/2014\/07\/DSC_70221-770x514.jpg 770w, https:\/\/www.supercars.net\/blog\/wp-content\/uploads\/2014\/07\/DSC_70221-360x240.jpg 360w, https:\/\/www.supercars.net\/blog\/wp-content\/uploads\/2014\/07\/DSC_70221-370x247.jpg 370w, https:\/\/www.supercars.net\/blog\/wp-content\/uploads\/2014\/07\/DSC_70221-293x195.jpg 293w\" sizes=\"(max-width: 1150px) 100vw, 1150px\" \/><\/a><figcaption id=\"caption-attachment-807447\" class=\"wp-caption-text\">1974 Gulf Mirage Group 7<\/figcaption><\/figure>\n<figure id=\"attachment_807448\" aria-describedby=\"caption-attachment-807448\" style=\"width: 1150px\" class=\"wp-caption alignnone\"><a href=\"https:\/\/www.supercars.net\/blog\/wp-content\/uploads\/2014\/07\/DSC_7019.jpg\"><img decoding=\"async\" class=\"wp-image-807448 size-full\" src=\"https:\/\/www.supercars.net\/blog\/wp-content\/uploads\/2014\/07\/DSC_7019.jpg\" alt=\"Porsche 935 K3\" width=\"1150\" height=\"767\" srcset=\"https:\/\/www.supercars.net\/blog\/wp-content\/uploads\/2014\/07\/DSC_7019.jpg 1150w, https:\/\/www.supercars.net\/blog\/wp-content\/uploads\/2014\/07\/DSC_7019-300x200.jpg 300w, https:\/\/www.supercars.net\/blog\/wp-content\/uploads\/2014\/07\/DSC_7019-1024x683.jpg 1024w, https:\/\/www.supercars.net\/blog\/wp-content\/uploads\/2014\/07\/DSC_7019-100x67.jpg 100w, https:\/\/www.supercars.net\/blog\/wp-content\/uploads\/2014\/07\/DSC_7019-770x514.jpg 770w, https:\/\/www.supercars.net\/blog\/wp-content\/uploads\/2014\/07\/DSC_7019-360x240.jpg 360w, https:\/\/www.supercars.net\/blog\/wp-content\/uploads\/2014\/07\/DSC_7019-370x247.jpg 370w, https:\/\/www.supercars.net\/blog\/wp-content\/uploads\/2014\/07\/DSC_7019-293x195.jpg 293w\" sizes=\"(max-width: 1150px) 100vw, 1150px\" \/><\/a><figcaption id=\"caption-attachment-807448\" class=\"wp-caption-text\">Porsche 935 K3<\/figcaption><\/figure>\n<figure id=\"attachment_807451\" aria-describedby=\"caption-attachment-807451\" style=\"width: 1150px\" class=\"wp-caption alignnone\"><a href=\"https:\/\/www.supercars.net\/blog\/wp-content\/uploads\/2014\/07\/DSC_70001.jpg\"><img decoding=\"async\" class=\"wp-image-807451 size-full\" src=\"https:\/\/www.supercars.net\/blog\/wp-content\/uploads\/2014\/07\/DSC_70001.jpg\" alt=\"1976 Inaltera GT\" width=\"1150\" height=\"767\" srcset=\"https:\/\/www.supercars.net\/blog\/wp-content\/uploads\/2014\/07\/DSC_70001.jpg 1150w, https:\/\/www.supercars.net\/blog\/wp-content\/uploads\/2014\/07\/DSC_70001-300x200.jpg 300w, https:\/\/www.supercars.net\/blog\/wp-content\/uploads\/2014\/07\/DSC_70001-1024x683.jpg 1024w, https:\/\/www.supercars.net\/blog\/wp-content\/uploads\/2014\/07\/DSC_70001-100x67.jpg 100w, https:\/\/www.supercars.net\/blog\/wp-content\/uploads\/2014\/07\/DSC_70001-770x514.jpg 770w, https:\/\/www.supercars.net\/blog\/wp-content\/uploads\/2014\/07\/DSC_70001-360x240.jpg 360w, https:\/\/www.supercars.net\/blog\/wp-content\/uploads\/2014\/07\/DSC_70001-370x247.jpg 370w, https:\/\/www.supercars.net\/blog\/wp-content\/uploads\/2014\/07\/DSC_70001-293x195.jpg 293w\" sizes=\"(max-width: 1150px) 100vw, 1150px\" \/><\/a><figcaption id=\"caption-attachment-807451\" class=\"wp-caption-text\">1976 Inaltera GT<\/figcaption><\/figure>\n<figure id=\"attachment_807453\" aria-describedby=\"caption-attachment-807453\" style=\"width: 1150px\" class=\"wp-caption alignnone\"><a href=\"https:\/\/www.supercars.net\/blog\/wp-content\/uploads\/2014\/07\/DSC_6975.jpg\"><img decoding=\"async\" class=\"wp-image-807453 size-full\" src=\"https:\/\/www.supercars.net\/blog\/wp-content\/uploads\/2014\/07\/DSC_6975.jpg\" alt=\"1979 Porsche 935\" width=\"1150\" height=\"767\" srcset=\"https:\/\/www.supercars.net\/blog\/wp-content\/uploads\/2014\/07\/DSC_6975.jpg 1150w, https:\/\/www.supercars.net\/blog\/wp-content\/uploads\/2014\/07\/DSC_6975-300x200.jpg 300w, https:\/\/www.supercars.net\/blog\/wp-content\/uploads\/2014\/07\/DSC_6975-1024x683.jpg 1024w, https:\/\/www.supercars.net\/blog\/wp-content\/uploads\/2014\/07\/DSC_6975-100x67.jpg 100w, https:\/\/www.supercars.net\/blog\/wp-content\/uploads\/2014\/07\/DSC_6975-770x514.jpg 770w, https:\/\/www.supercars.net\/blog\/wp-content\/uploads\/2014\/07\/DSC_6975-360x240.jpg 360w, https:\/\/www.supercars.net\/blog\/wp-content\/uploads\/2014\/07\/DSC_6975-370x247.jpg 370w, https:\/\/www.supercars.net\/blog\/wp-content\/uploads\/2014\/07\/DSC_6975-293x195.jpg 293w\" sizes=\"(max-width: 1150px) 100vw, 1150px\" \/><\/a><figcaption id=\"caption-attachment-807453\" class=\"wp-caption-text\">1979 Porsche 935<\/figcaption><\/figure>\n<p>&nbsp;<\/p>\n<figure id=\"attachment_807454\" aria-describedby=\"caption-attachment-807454\" style=\"width: 1150px\" class=\"wp-caption alignnone\"><a href=\"https:\/\/www.supercars.net\/blog\/wp-content\/uploads\/2014\/07\/DSC_6962.jpg\"><img decoding=\"async\" class=\"wp-image-807454 size-full\" src=\"https:\/\/www.supercars.net\/blog\/wp-content\/uploads\/2014\/07\/DSC_6962.jpg\" alt=\"Ferrari 512 BB LM\" width=\"1150\" height=\"767\" srcset=\"https:\/\/www.supercars.net\/blog\/wp-content\/uploads\/2014\/07\/DSC_6962.jpg 1150w, https:\/\/www.supercars.net\/blog\/wp-content\/uploads\/2014\/07\/DSC_6962-300x200.jpg 300w, https:\/\/www.supercars.net\/blog\/wp-content\/uploads\/2014\/07\/DSC_6962-1024x683.jpg 1024w, https:\/\/www.supercars.net\/blog\/wp-content\/uploads\/2014\/07\/DSC_6962-100x67.jpg 100w, https:\/\/www.supercars.net\/blog\/wp-content\/uploads\/2014\/07\/DSC_6962-770x514.jpg 770w, https:\/\/www.supercars.net\/blog\/wp-content\/uploads\/2014\/07\/DSC_6962-360x240.jpg 360w, https:\/\/www.supercars.net\/blog\/wp-content\/uploads\/2014\/07\/DSC_6962-370x247.jpg 370w, https:\/\/www.supercars.net\/blog\/wp-content\/uploads\/2014\/07\/DSC_6962-293x195.jpg 293w\" sizes=\"(max-width: 1150px) 100vw, 1150px\" \/><\/a><figcaption id=\"caption-attachment-807454\" class=\"wp-caption-text\">Ferrari 512 BB LM<\/figcaption><\/figure>\n<figure id=\"attachment_807455\" aria-describedby=\"caption-attachment-807455\" style=\"width: 1150px\" class=\"wp-caption alignnone\"><a href=\"https:\/\/www.supercars.net\/blog\/wp-content\/uploads\/2014\/07\/DSC_6948.jpg\"><img decoding=\"async\" class=\"wp-image-807455 size-full\" src=\"https:\/\/www.supercars.net\/blog\/wp-content\/uploads\/2014\/07\/DSC_6948.jpg\" alt=\"Race winning 1973 Gulf Mirage of Chris MacAllister\" width=\"1150\" height=\"767\" srcset=\"https:\/\/www.supercars.net\/blog\/wp-content\/uploads\/2014\/07\/DSC_6948.jpg 1150w, https:\/\/www.supercars.net\/blog\/wp-content\/uploads\/2014\/07\/DSC_6948-300x200.jpg 300w, https:\/\/www.supercars.net\/blog\/wp-content\/uploads\/2014\/07\/DSC_6948-1024x683.jpg 1024w, https:\/\/www.supercars.net\/blog\/wp-content\/uploads\/2014\/07\/DSC_6948-100x67.jpg 100w, https:\/\/www.supercars.net\/blog\/wp-content\/uploads\/2014\/07\/DSC_6948-770x514.jpg 770w, https:\/\/www.supercars.net\/blog\/wp-content\/uploads\/2014\/07\/DSC_6948-360x240.jpg 360w, https:\/\/www.supercars.net\/blog\/wp-content\/uploads\/2014\/07\/DSC_6948-370x247.jpg 370w, https:\/\/www.supercars.net\/blog\/wp-content\/uploads\/2014\/07\/DSC_6948-293x195.jpg 293w\" sizes=\"(max-width: 1150px) 100vw, 1150px\" \/><\/a><figcaption id=\"caption-attachment-807455\" class=\"wp-caption-text\">Race winning 1973 Gulf Mirage of Chris MacAllister<\/figcaption><\/figure>\n<figure id=\"attachment_807457\" aria-describedby=\"caption-attachment-807457\" style=\"width: 1150px\" class=\"wp-caption alignnone\"><a href=\"https:\/\/www.supercars.net\/blog\/wp-content\/uploads\/2014\/07\/DSC_6938.jpg\"><img decoding=\"async\" class=\"wp-image-807457 size-full\" src=\"https:\/\/www.supercars.net\/blog\/wp-content\/uploads\/2014\/07\/DSC_6938.jpg\" alt=\"1973 BMW CSL 3.0\" width=\"1150\" height=\"767\" srcset=\"https:\/\/www.supercars.net\/blog\/wp-content\/uploads\/2014\/07\/DSC_6938.jpg 1150w, https:\/\/www.supercars.net\/blog\/wp-content\/uploads\/2014\/07\/DSC_6938-300x200.jpg 300w, https:\/\/www.supercars.net\/blog\/wp-content\/uploads\/2014\/07\/DSC_6938-1024x683.jpg 1024w, https:\/\/www.supercars.net\/blog\/wp-content\/uploads\/2014\/07\/DSC_6938-100x67.jpg 100w, https:\/\/www.supercars.net\/blog\/wp-content\/uploads\/2014\/07\/DSC_6938-770x514.jpg 770w, https:\/\/www.supercars.net\/blog\/wp-content\/uploads\/2014\/07\/DSC_6938-360x240.jpg 360w, https:\/\/www.supercars.net\/blog\/wp-content\/uploads\/2014\/07\/DSC_6938-370x247.jpg 370w, https:\/\/www.supercars.net\/blog\/wp-content\/uploads\/2014\/07\/DSC_6938-293x195.jpg 293w\" sizes=\"(max-width: 1150px) 100vw, 1150px\" \/><\/a><figcaption id=\"caption-attachment-807457\" class=\"wp-caption-text\">1973 BMW CSL 3.0<\/figcaption><\/figure>\n<figure id=\"attachment_807458\" aria-describedby=\"caption-attachment-807458\" style=\"width: 1150px\" class=\"wp-caption alignnone\"><a href=\"https:\/\/www.supercars.net\/blog\/wp-content\/uploads\/2014\/07\/DSC_6929.jpg\"><img decoding=\"async\" class=\"wp-image-807458 size-full\" src=\"https:\/\/www.supercars.net\/blog\/wp-content\/uploads\/2014\/07\/DSC_6929.jpg\" alt=\"Ferrari 512 BB LM\" width=\"1150\" height=\"767\" srcset=\"https:\/\/www.supercars.net\/blog\/wp-content\/uploads\/2014\/07\/DSC_6929.jpg 1150w, https:\/\/www.supercars.net\/blog\/wp-content\/uploads\/2014\/07\/DSC_6929-300x200.jpg 300w, https:\/\/www.supercars.net\/blog\/wp-content\/uploads\/2014\/07\/DSC_6929-1024x683.jpg 1024w, https:\/\/www.supercars.net\/blog\/wp-content\/uploads\/2014\/07\/DSC_6929-100x67.jpg 100w, https:\/\/www.supercars.net\/blog\/wp-content\/uploads\/2014\/07\/DSC_6929-770x514.jpg 770w, https:\/\/www.supercars.net\/blog\/wp-content\/uploads\/2014\/07\/DSC_6929-360x240.jpg 360w, https:\/\/www.supercars.net\/blog\/wp-content\/uploads\/2014\/07\/DSC_6929-370x247.jpg 370w, https:\/\/www.supercars.net\/blog\/wp-content\/uploads\/2014\/07\/DSC_6929-293x195.jpg 293w\" sizes=\"(max-width: 1150px) 100vw, 1150px\" \/><\/a><figcaption id=\"caption-attachment-807458\" class=\"wp-caption-text\">Ferrari 512 BB LM<\/figcaption><\/figure>\n<p>&nbsp;<\/p>\n<figure id=\"attachment_807460\" aria-describedby=\"caption-attachment-807460\" style=\"width: 1150px\" class=\"wp-caption alignnone\"><a href=\"https:\/\/www.supercars.net\/blog\/wp-content\/uploads\/2014\/07\/DSC_6925.jpg\"><img decoding=\"async\" class=\"wp-image-807460 size-full\" src=\"https:\/\/www.supercars.net\/blog\/wp-content\/uploads\/2014\/07\/DSC_6925.jpg\" alt=\"1974 Porsche 911 RSR 3.0\" width=\"1150\" height=\"767\" srcset=\"https:\/\/www.supercars.net\/blog\/wp-content\/uploads\/2014\/07\/DSC_6925.jpg 1150w, https:\/\/www.supercars.net\/blog\/wp-content\/uploads\/2014\/07\/DSC_6925-300x200.jpg 300w, https:\/\/www.supercars.net\/blog\/wp-content\/uploads\/2014\/07\/DSC_6925-1024x683.jpg 1024w, https:\/\/www.supercars.net\/blog\/wp-content\/uploads\/2014\/07\/DSC_6925-100x67.jpg 100w, https:\/\/www.supercars.net\/blog\/wp-content\/uploads\/2014\/07\/DSC_6925-770x514.jpg 770w, https:\/\/www.supercars.net\/blog\/wp-content\/uploads\/2014\/07\/DSC_6925-360x240.jpg 360w, https:\/\/www.supercars.net\/blog\/wp-content\/uploads\/2014\/07\/DSC_6925-370x247.jpg 370w, https:\/\/www.supercars.net\/blog\/wp-content\/uploads\/2014\/07\/DSC_6925-293x195.jpg 293w\" sizes=\"(max-width: 1150px) 100vw, 1150px\" \/><\/a><figcaption id=\"caption-attachment-807460\" class=\"wp-caption-text\">1974 Porsche 911 RSR 3.0<\/figcaption><\/figure>\n<figure id=\"attachment_807461\" aria-describedby=\"caption-attachment-807461\" style=\"width: 1150px\" class=\"wp-caption alignnone\"><a href=\"https:\/\/www.supercars.net\/blog\/wp-content\/uploads\/2014\/07\/DSC_9847.jpg\"><img decoding=\"async\" class=\"wp-image-807461 size-full\" src=\"https:\/\/www.supercars.net\/blog\/wp-content\/uploads\/2014\/07\/DSC_9847.jpg\" alt=\"1978 Porsche 935 and 1978 Rondeau M 378 DFV\" width=\"1150\" height=\"767\" srcset=\"https:\/\/www.supercars.net\/blog\/wp-content\/uploads\/2014\/07\/DSC_9847.jpg 1150w, https:\/\/www.supercars.net\/blog\/wp-content\/uploads\/2014\/07\/DSC_9847-300x200.jpg 300w, https:\/\/www.supercars.net\/blog\/wp-content\/uploads\/2014\/07\/DSC_9847-1024x683.jpg 1024w, https:\/\/www.supercars.net\/blog\/wp-content\/uploads\/2014\/07\/DSC_9847-100x67.jpg 100w, https:\/\/www.supercars.net\/blog\/wp-content\/uploads\/2014\/07\/DSC_9847-770x514.jpg 770w, https:\/\/www.supercars.net\/blog\/wp-content\/uploads\/2014\/07\/DSC_9847-360x240.jpg 360w, https:\/\/www.supercars.net\/blog\/wp-content\/uploads\/2014\/07\/DSC_9847-370x247.jpg 370w, https:\/\/www.supercars.net\/blog\/wp-content\/uploads\/2014\/07\/DSC_9847-293x195.jpg 293w\" sizes=\"(max-width: 1150px) 100vw, 1150px\" \/><\/a><figcaption id=\"caption-attachment-807461\" class=\"wp-caption-text\">1978 Porsche 935 and 1978 Rondeau M 378 DFV<\/figcaption><\/figure>\n<p>&nbsp;<\/p>\n<figure id=\"attachment_807463\" aria-describedby=\"caption-attachment-807463\" style=\"width: 1150px\" class=\"wp-caption alignnone\"><a href=\"https:\/\/www.supercars.net\/blog\/wp-content\/uploads\/2014\/07\/DSC_9840.jpg\"><img decoding=\"async\" class=\"wp-image-807463 size-full\" src=\"https:\/\/www.supercars.net\/blog\/wp-content\/uploads\/2014\/07\/DSC_9840.jpg\" alt=\"1978 Porsche 935 and 1974 Gulf Mirage Group 7\" width=\"1150\" height=\"767\" srcset=\"https:\/\/www.supercars.net\/blog\/wp-content\/uploads\/2014\/07\/DSC_9840.jpg 1150w, https:\/\/www.supercars.net\/blog\/wp-content\/uploads\/2014\/07\/DSC_9840-300x200.jpg 300w, https:\/\/www.supercars.net\/blog\/wp-content\/uploads\/2014\/07\/DSC_9840-1024x683.jpg 1024w, https:\/\/www.supercars.net\/blog\/wp-content\/uploads\/2014\/07\/DSC_9840-100x67.jpg 100w, https:\/\/www.supercars.net\/blog\/wp-content\/uploads\/2014\/07\/DSC_9840-770x514.jpg 770w, https:\/\/www.supercars.net\/blog\/wp-content\/uploads\/2014\/07\/DSC_9840-360x240.jpg 360w, https:\/\/www.supercars.net\/blog\/wp-content\/uploads\/2014\/07\/DSC_9840-370x247.jpg 370w, https:\/\/www.supercars.net\/blog\/wp-content\/uploads\/2014\/07\/DSC_9840-293x195.jpg 293w\" sizes=\"(max-width: 1150px) 100vw, 1150px\" \/><\/a><figcaption id=\"caption-attachment-807463\" class=\"wp-caption-text\">1978 Porsche 935 and 1974 Gulf Mirage Group 7<\/figcaption><\/figure>\n<p>&nbsp;<\/p>\n<figure id=\"attachment_807464\" aria-describedby=\"caption-attachment-807464\" style=\"width: 1150px\" class=\"wp-caption alignnone\"><a href=\"https:\/\/www.supercars.net\/blog\/wp-content\/uploads\/2014\/07\/DSC_98381.jpg\"><img decoding=\"async\" class=\"wp-image-807464 size-full\" src=\"https:\/\/www.supercars.net\/blog\/wp-content\/uploads\/2014\/07\/DSC_98381.jpg\" alt=\"1974 BMW CSL 3.0\" width=\"1150\" height=\"767\" srcset=\"https:\/\/www.supercars.net\/blog\/wp-content\/uploads\/2014\/07\/DSC_98381.jpg 1150w, https:\/\/www.supercars.net\/blog\/wp-content\/uploads\/2014\/07\/DSC_98381-300x200.jpg 300w, https:\/\/www.supercars.net\/blog\/wp-content\/uploads\/2014\/07\/DSC_98381-1024x683.jpg 1024w, https:\/\/www.supercars.net\/blog\/wp-content\/uploads\/2014\/07\/DSC_98381-100x67.jpg 100w, https:\/\/www.supercars.net\/blog\/wp-content\/uploads\/2014\/07\/DSC_98381-770x514.jpg 770w, https:\/\/www.supercars.net\/blog\/wp-content\/uploads\/2014\/07\/DSC_98381-360x240.jpg 360w, https:\/\/www.supercars.net\/blog\/wp-content\/uploads\/2014\/07\/DSC_98381-370x247.jpg 370w, https:\/\/www.supercars.net\/blog\/wp-content\/uploads\/2014\/07\/DSC_98381-293x195.jpg 293w\" sizes=\"(max-width: 1150px) 100vw, 1150px\" \/><\/a><figcaption id=\"caption-attachment-807464\" class=\"wp-caption-text\">1974 BMW CSL 3.0<\/figcaption><\/figure>\n<figure id=\"attachment_807465\" aria-describedby=\"caption-attachment-807465\" style=\"width: 1150px\" class=\"wp-caption alignnone\"><a href=\"https:\/\/www.supercars.net\/blog\/wp-content\/uploads\/2014\/07\/DSC_9837.jpg\"><img decoding=\"async\" class=\"wp-image-807465 size-full\" src=\"https:\/\/www.supercars.net\/blog\/wp-content\/uploads\/2014\/07\/DSC_9837.jpg\" alt=\"1978 Porsche 930 Turbo\" width=\"1150\" height=\"767\" srcset=\"https:\/\/www.supercars.net\/blog\/wp-content\/uploads\/2014\/07\/DSC_9837.jpg 1150w, https:\/\/www.supercars.net\/blog\/wp-content\/uploads\/2014\/07\/DSC_9837-300x200.jpg 300w, https:\/\/www.supercars.net\/blog\/wp-content\/uploads\/2014\/07\/DSC_9837-1024x683.jpg 1024w, https:\/\/www.supercars.net\/blog\/wp-content\/uploads\/2014\/07\/DSC_9837-100x67.jpg 100w, https:\/\/www.supercars.net\/blog\/wp-content\/uploads\/2014\/07\/DSC_9837-770x514.jpg 770w, https:\/\/www.supercars.net\/blog\/wp-content\/uploads\/2014\/07\/DSC_9837-360x240.jpg 360w, https:\/\/www.supercars.net\/blog\/wp-content\/uploads\/2014\/07\/DSC_9837-370x247.jpg 370w, https:\/\/www.supercars.net\/blog\/wp-content\/uploads\/2014\/07\/DSC_9837-293x195.jpg 293w\" sizes=\"(max-width: 1150px) 100vw, 1150px\" \/><\/a><figcaption id=\"caption-attachment-807465\" class=\"wp-caption-text\">1978 Porsche 930 Turbo<\/figcaption><\/figure>\n<figure id=\"attachment_807466\" aria-describedby=\"caption-attachment-807466\" style=\"width: 1150px\" class=\"wp-caption alignnone\"><a href=\"https:\/\/www.supercars.net\/blog\/wp-content\/uploads\/2014\/07\/DSC_98331.jpg\"><img decoding=\"async\" class=\"wp-image-807466 size-full\" src=\"https:\/\/www.supercars.net\/blog\/wp-content\/uploads\/2014\/07\/DSC_98331.jpg\" alt=\"1972 BMW CSL 3.0 and 1975 BMW 2002 Heidegger\" width=\"1150\" height=\"767\" srcset=\"https:\/\/www.supercars.net\/blog\/wp-content\/uploads\/2014\/07\/DSC_98331.jpg 1150w, https:\/\/www.supercars.net\/blog\/wp-content\/uploads\/2014\/07\/DSC_98331-300x200.jpg 300w, https:\/\/www.supercars.net\/blog\/wp-content\/uploads\/2014\/07\/DSC_98331-1024x683.jpg 1024w, https:\/\/www.supercars.net\/blog\/wp-content\/uploads\/2014\/07\/DSC_98331-100x67.jpg 100w, https:\/\/www.supercars.net\/blog\/wp-content\/uploads\/2014\/07\/DSC_98331-770x514.jpg 770w, https:\/\/www.supercars.net\/blog\/wp-content\/uploads\/2014\/07\/DSC_98331-360x240.jpg 360w, https:\/\/www.supercars.net\/blog\/wp-content\/uploads\/2014\/07\/DSC_98331-370x247.jpg 370w, https:\/\/www.supercars.net\/blog\/wp-content\/uploads\/2014\/07\/DSC_98331-293x195.jpg 293w\" sizes=\"(max-width: 1150px) 100vw, 1150px\" \/><\/a><figcaption id=\"caption-attachment-807466\" class=\"wp-caption-text\">1972 BMW CSL 3.0 and 1975 BMW 2002 Heidegger<\/figcaption><\/figure>\n<figure id=\"attachment_807467\" aria-describedby=\"caption-attachment-807467\" style=\"width: 1150px\" class=\"wp-caption alignnone\"><a href=\"https:\/\/www.supercars.net\/blog\/wp-content\/uploads\/2014\/07\/DSC_9819.jpg\"><img decoding=\"async\" class=\"wp-image-807467 size-full\" src=\"https:\/\/www.supercars.net\/blog\/wp-content\/uploads\/2014\/07\/DSC_9819.jpg\" alt=\"1979 BMW M1\" width=\"1150\" height=\"767\" srcset=\"https:\/\/www.supercars.net\/blog\/wp-content\/uploads\/2014\/07\/DSC_9819.jpg 1150w, https:\/\/www.supercars.net\/blog\/wp-content\/uploads\/2014\/07\/DSC_9819-300x200.jpg 300w, https:\/\/www.supercars.net\/blog\/wp-content\/uploads\/2014\/07\/DSC_9819-1024x683.jpg 1024w, https:\/\/www.supercars.net\/blog\/wp-content\/uploads\/2014\/07\/DSC_9819-100x67.jpg 100w, https:\/\/www.supercars.net\/blog\/wp-content\/uploads\/2014\/07\/DSC_9819-770x514.jpg 770w, https:\/\/www.supercars.net\/blog\/wp-content\/uploads\/2014\/07\/DSC_9819-360x240.jpg 360w, https:\/\/www.supercars.net\/blog\/wp-content\/uploads\/2014\/07\/DSC_9819-370x247.jpg 370w, https:\/\/www.supercars.net\/blog\/wp-content\/uploads\/2014\/07\/DSC_9819-293x195.jpg 293w\" sizes=\"(max-width: 1150px) 100vw, 1150px\" \/><\/a><figcaption id=\"caption-attachment-807467\" class=\"wp-caption-text\">1979 BMW M1<\/figcaption><\/figure>\n<figure id=\"attachment_807468\" aria-describedby=\"caption-attachment-807468\" style=\"width: 1150px\" class=\"wp-caption alignnone\"><a href=\"https:\/\/www.supercars.net\/blog\/wp-content\/uploads\/2014\/07\/DSC_98101.jpg\"><img decoding=\"async\" class=\"wp-image-807468 size-full\" src=\"https:\/\/www.supercars.net\/blog\/wp-content\/uploads\/2014\/07\/DSC_98101.jpg\" alt=\"1979 Porsche 935 K3 between pair of 1974 Porsche 911 RSR 3.0 Litres\" width=\"1150\" height=\"767\" srcset=\"https:\/\/www.supercars.net\/blog\/wp-content\/uploads\/2014\/07\/DSC_98101.jpg 1150w, https:\/\/www.supercars.net\/blog\/wp-content\/uploads\/2014\/07\/DSC_98101-300x200.jpg 300w, https:\/\/www.supercars.net\/blog\/wp-content\/uploads\/2014\/07\/DSC_98101-1024x683.jpg 1024w, https:\/\/www.supercars.net\/blog\/wp-content\/uploads\/2014\/07\/DSC_98101-100x67.jpg 100w, https:\/\/www.supercars.net\/blog\/wp-content\/uploads\/2014\/07\/DSC_98101-770x514.jpg 770w, https:\/\/www.supercars.net\/blog\/wp-content\/uploads\/2014\/07\/DSC_98101-360x240.jpg 360w, https:\/\/www.supercars.net\/blog\/wp-content\/uploads\/2014\/07\/DSC_98101-370x247.jpg 370w, https:\/\/www.supercars.net\/blog\/wp-content\/uploads\/2014\/07\/DSC_98101-293x195.jpg 293w\" sizes=\"(max-width: 1150px) 100vw, 1150px\" \/><\/a><figcaption id=\"caption-attachment-807468\" class=\"wp-caption-text\">1979 Porsche 935 K3 between pair of 1974 Porsche 911 RSR 3.0 Litres<\/figcaption><\/figure>\n<p><strong>Le Mans Classic 2014 &#8211; 1972 to 1979 Main Photo Gallery<\/strong> (click image for larger picture and description)<\/p>\n<figure class='gallery-item'>\r\n            <div class='gallery-icon landscape'>\r\n                <a href='https:\/\/www.supercars.net\/blog\/wp-content\/uploads\/2014\/07\/DSC_6915-2-1.jpg' class='tipi-lightbox'>\r\n\t\t\t\t<a href='https:\/\/www.supercars.net\/blog\/wp-content\/uploads\/2014\/07\/DSC_6915-2-1.jpg'><img decoding=\"async\" width=\"800\" height=\"533\" src=\"https:\/\/www.supercars.net\/blog\/wp-content\/uploads\/2014\/07\/DSC_6915-2-1.jpg\" class=\"attachment-full size-full\" alt=\"\" srcset=\"https:\/\/www.supercars.net\/blog\/wp-content\/uploads\/2014\/07\/DSC_6915-2-1.jpg 800w, https:\/\/www.supercars.net\/blog\/wp-content\/uploads\/2014\/07\/DSC_6915-2-1-300x200.jpg 300w, https:\/\/www.supercars.net\/blog\/wp-content\/uploads\/2014\/07\/DSC_6915-2-1-100x67.jpg 100w, https:\/\/www.supercars.net\/blog\/wp-content\/uploads\/2014\/07\/DSC_6915-2-1-770x513.jpg 770w, https:\/\/www.supercars.net\/blog\/wp-content\/uploads\/2014\/07\/DSC_6915-2-1-360x240.jpg 360w, https:\/\/www.supercars.net\/blog\/wp-content\/uploads\/2014\/07\/DSC_6915-2-1-370x247.jpg 370w, https:\/\/www.supercars.net\/blog\/wp-content\/uploads\/2014\/07\/DSC_6915-2-1-293x195.jpg 293w\" sizes=\"(max-width: 800px) 100vw, 800px\" \/><\/a>\r\n\t\t\t\t<\/a>\r\n            <\/div>\r\n                <div class='wp-caption-text gallery-caption'>\r\n                Le Mans Classic 2014 &#8211; 1972 to 1979 Race\r\n                <\/div><\/figure><figure class='gallery-item'>\r\n            <div class='gallery-icon landscape'>\r\n                <a href='https:\/\/www.supercars.net\/blog\/wp-content\/uploads\/2014\/07\/DSC_6925-3.jpg' class='tipi-lightbox'>\r\n\t\t\t\t<a href='https:\/\/www.supercars.net\/blog\/wp-content\/uploads\/2014\/07\/DSC_6925-3.jpg'><img decoding=\"async\" width=\"800\" height=\"533\" src=\"https:\/\/www.supercars.net\/blog\/wp-content\/uploads\/2014\/07\/DSC_6925-3.jpg\" class=\"attachment-full size-full\" alt=\"\" srcset=\"https:\/\/www.supercars.net\/blog\/wp-content\/uploads\/2014\/07\/DSC_6925-3.jpg 800w, https:\/\/www.supercars.net\/blog\/wp-content\/uploads\/2014\/07\/DSC_6925-3-300x200.jpg 300w, https:\/\/www.supercars.net\/blog\/wp-content\/uploads\/2014\/07\/DSC_6925-3-100x67.jpg 100w, https:\/\/www.supercars.net\/blog\/wp-content\/uploads\/2014\/07\/DSC_6925-3-770x513.jpg 770w, https:\/\/www.supercars.net\/blog\/wp-content\/uploads\/2014\/07\/DSC_6925-3-360x240.jpg 360w, https:\/\/www.supercars.net\/blog\/wp-content\/uploads\/2014\/07\/DSC_6925-3-370x247.jpg 370w, https:\/\/www.supercars.net\/blog\/wp-content\/uploads\/2014\/07\/DSC_6925-3-293x195.jpg 293w\" sizes=\"(max-width: 800px) 100vw, 800px\" \/><\/a>\r\n\t\t\t\t<\/a>\r\n            <\/div>\r\n                <div class='wp-caption-text gallery-caption'>\r\n                1974 Porsche 911 RSR 3.0\r\n                <\/div><\/figure><figure class='gallery-item'>\r\n            <div class='gallery-icon landscape'>\r\n                <a href='https:\/\/www.supercars.net\/blog\/wp-content\/uploads\/2014\/07\/DSC_6928-4.jpg' class='tipi-lightbox'>\r\n\t\t\t\t<a href='https:\/\/www.supercars.net\/blog\/wp-content\/uploads\/2014\/07\/DSC_6928-4.jpg'><img decoding=\"async\" width=\"800\" height=\"533\" src=\"https:\/\/www.supercars.net\/blog\/wp-content\/uploads\/2014\/07\/DSC_6928-4.jpg\" class=\"attachment-full size-full\" alt=\"\" srcset=\"https:\/\/www.supercars.net\/blog\/wp-content\/uploads\/2014\/07\/DSC_6928-4.jpg 800w, https:\/\/www.supercars.net\/blog\/wp-content\/uploads\/2014\/07\/DSC_6928-4-300x200.jpg 300w, https:\/\/www.supercars.net\/blog\/wp-content\/uploads\/2014\/07\/DSC_6928-4-100x67.jpg 100w, https:\/\/www.supercars.net\/blog\/wp-content\/uploads\/2014\/07\/DSC_6928-4-770x513.jpg 770w, https:\/\/www.supercars.net\/blog\/wp-content\/uploads\/2014\/07\/DSC_6928-4-360x240.jpg 360w, https:\/\/www.supercars.net\/blog\/wp-content\/uploads\/2014\/07\/DSC_6928-4-370x247.jpg 370w, https:\/\/www.supercars.net\/blog\/wp-content\/uploads\/2014\/07\/DSC_6928-4-293x195.jpg 293w\" sizes=\"(max-width: 800px) 100vw, 800px\" \/><\/a>\r\n\t\t\t\t<\/a>\r\n            <\/div>\r\n                <div class='wp-caption-text gallery-caption'>\r\n                Ferrari 512 BB LM\r\n                <\/div><\/figure><figure class='gallery-item'>\r\n            <div class='gallery-icon landscape'>\r\n                <a href='https:\/\/www.supercars.net\/blog\/wp-content\/uploads\/2014\/07\/DSC_6929-6.jpg' class='tipi-lightbox'>\r\n\t\t\t\t<a href='https:\/\/www.supercars.net\/blog\/wp-content\/uploads\/2014\/07\/DSC_6929-6.jpg'><img decoding=\"async\" width=\"800\" height=\"533\" src=\"https:\/\/www.supercars.net\/blog\/wp-content\/uploads\/2014\/07\/DSC_6929-6.jpg\" class=\"attachment-full size-full\" alt=\"\" srcset=\"https:\/\/www.supercars.net\/blog\/wp-content\/uploads\/2014\/07\/DSC_6929-6.jpg 800w, https:\/\/www.supercars.net\/blog\/wp-content\/uploads\/2014\/07\/DSC_6929-6-300x200.jpg 300w, https:\/\/www.supercars.net\/blog\/wp-content\/uploads\/2014\/07\/DSC_6929-6-100x67.jpg 100w, https:\/\/www.supercars.net\/blog\/wp-content\/uploads\/2014\/07\/DSC_6929-6-770x513.jpg 770w, https:\/\/www.supercars.net\/blog\/wp-content\/uploads\/2014\/07\/DSC_6929-6-360x240.jpg 360w, https:\/\/www.supercars.net\/blog\/wp-content\/uploads\/2014\/07\/DSC_6929-6-370x247.jpg 370w, https:\/\/www.supercars.net\/blog\/wp-content\/uploads\/2014\/07\/DSC_6929-6-293x195.jpg 293w\" sizes=\"(max-width: 800px) 100vw, 800px\" \/><\/a>\r\n\t\t\t\t<\/a>\r\n            <\/div>\r\n                <div class='wp-caption-text gallery-caption'>\r\n                Ferrari 512 BB LM\r\n                <\/div><\/figure><figure class='gallery-item'>\r\n            <div class='gallery-icon landscape'>\r\n                <a href='https:\/\/www.supercars.net\/blog\/wp-content\/uploads\/2014\/07\/DSC_6938-1-1.jpg' class='tipi-lightbox'>\r\n\t\t\t\t<a href='https:\/\/www.supercars.net\/blog\/wp-content\/uploads\/2014\/07\/DSC_6938-1-1.jpg'><img decoding=\"async\" width=\"800\" height=\"533\" src=\"https:\/\/www.supercars.net\/blog\/wp-content\/uploads\/2014\/07\/DSC_6938-1-1.jpg\" class=\"attachment-full size-full\" alt=\"\" srcset=\"https:\/\/www.supercars.net\/blog\/wp-content\/uploads\/2014\/07\/DSC_6938-1-1.jpg 800w, https:\/\/www.supercars.net\/blog\/wp-content\/uploads\/2014\/07\/DSC_6938-1-1-300x200.jpg 300w, https:\/\/www.supercars.net\/blog\/wp-content\/uploads\/2014\/07\/DSC_6938-1-1-100x67.jpg 100w, https:\/\/www.supercars.net\/blog\/wp-content\/uploads\/2014\/07\/DSC_6938-1-1-770x513.jpg 770w, https:\/\/www.supercars.net\/blog\/wp-content\/uploads\/2014\/07\/DSC_6938-1-1-360x240.jpg 360w, https:\/\/www.supercars.net\/blog\/wp-content\/uploads\/2014\/07\/DSC_6938-1-1-370x247.jpg 370w, https:\/\/www.supercars.net\/blog\/wp-content\/uploads\/2014\/07\/DSC_6938-1-1-293x195.jpg 293w\" sizes=\"(max-width: 800px) 100vw, 800px\" \/><\/a>\r\n\t\t\t\t<\/a>\r\n            <\/div>\r\n                <div class='wp-caption-text gallery-caption'>\r\n                1973 BMW CSL 3.0\r\n                <\/div><\/figure><figure class='gallery-item'>\r\n            <div class='gallery-icon landscape'>\r\n                <a href='https:\/\/www.supercars.net\/blog\/wp-content\/uploads\/2014\/07\/DSC_6941-4.jpg' class='tipi-lightbox'>\r\n\t\t\t\t<a href='https:\/\/www.supercars.net\/blog\/wp-content\/uploads\/2014\/07\/DSC_6941-4.jpg'><img decoding=\"async\" width=\"800\" height=\"533\" src=\"https:\/\/www.supercars.net\/blog\/wp-content\/uploads\/2014\/07\/DSC_6941-4.jpg\" class=\"attachment-full size-full\" alt=\"\" srcset=\"https:\/\/www.supercars.net\/blog\/wp-content\/uploads\/2014\/07\/DSC_6941-4.jpg 800w, https:\/\/www.supercars.net\/blog\/wp-content\/uploads\/2014\/07\/DSC_6941-4-300x200.jpg 300w, https:\/\/www.supercars.net\/blog\/wp-content\/uploads\/2014\/07\/DSC_6941-4-100x67.jpg 100w, https:\/\/www.supercars.net\/blog\/wp-content\/uploads\/2014\/07\/DSC_6941-4-770x513.jpg 770w, https:\/\/www.supercars.net\/blog\/wp-content\/uploads\/2014\/07\/DSC_6941-4-360x240.jpg 360w, https:\/\/www.supercars.net\/blog\/wp-content\/uploads\/2014\/07\/DSC_6941-4-370x247.jpg 370w, https:\/\/www.supercars.net\/blog\/wp-content\/uploads\/2014\/07\/DSC_6941-4-293x195.jpg 293w\" sizes=\"(max-width: 800px) 100vw, 800px\" \/><\/a>\r\n\t\t\t\t<\/a>\r\n            <\/div>\r\n                <div class='wp-caption-text gallery-caption'>\r\n                Ferrari 512 BB LM\r\n                <\/div><\/figure><figure class='gallery-item'>\r\n            <div class='gallery-icon landscape'>\r\n                <a href='https:\/\/www.supercars.net\/blog\/wp-content\/uploads\/2014\/07\/DSC_6948-4.jpg' class='tipi-lightbox'>\r\n\t\t\t\t<a href='https:\/\/www.supercars.net\/blog\/wp-content\/uploads\/2014\/07\/DSC_6948-4.jpg'><img decoding=\"async\" width=\"800\" height=\"533\" src=\"https:\/\/www.supercars.net\/blog\/wp-content\/uploads\/2014\/07\/DSC_6948-4.jpg\" class=\"attachment-full size-full\" alt=\"\" srcset=\"https:\/\/www.supercars.net\/blog\/wp-content\/uploads\/2014\/07\/DSC_6948-4.jpg 800w, https:\/\/www.supercars.net\/blog\/wp-content\/uploads\/2014\/07\/DSC_6948-4-300x200.jpg 300w, https:\/\/www.supercars.net\/blog\/wp-content\/uploads\/2014\/07\/DSC_6948-4-100x67.jpg 100w, https:\/\/www.supercars.net\/blog\/wp-content\/uploads\/2014\/07\/DSC_6948-4-770x513.jpg 770w, https:\/\/www.supercars.net\/blog\/wp-content\/uploads\/2014\/07\/DSC_6948-4-360x240.jpg 360w, https:\/\/www.supercars.net\/blog\/wp-content\/uploads\/2014\/07\/DSC_6948-4-370x247.jpg 370w, https:\/\/www.supercars.net\/blog\/wp-content\/uploads\/2014\/07\/DSC_6948-4-293x195.jpg 293w\" sizes=\"(max-width: 800px) 100vw, 800px\" \/><\/a>\r\n\t\t\t\t<\/a>\r\n            <\/div>\r\n                <div class='wp-caption-text gallery-caption'>\r\n                Race winning 1973 Gulf Mirage of Chris MacAllister\r\n                <\/div><\/figure><figure class='gallery-item'>\r\n            <div class='gallery-icon landscape'>\r\n                <a href='https:\/\/www.supercars.net\/blog\/wp-content\/uploads\/2014\/07\/DSC_6959-1-1.jpg' class='tipi-lightbox'>\r\n\t\t\t\t<a href='https:\/\/www.supercars.net\/blog\/wp-content\/uploads\/2014\/07\/DSC_6959-1-1.jpg'><img decoding=\"async\" width=\"800\" height=\"533\" src=\"https:\/\/www.supercars.net\/blog\/wp-content\/uploads\/2014\/07\/DSC_6959-1-1.jpg\" class=\"attachment-full size-full\" alt=\"\" srcset=\"https:\/\/www.supercars.net\/blog\/wp-content\/uploads\/2014\/07\/DSC_6959-1-1.jpg 800w, https:\/\/www.supercars.net\/blog\/wp-content\/uploads\/2014\/07\/DSC_6959-1-1-300x200.jpg 300w, https:\/\/www.supercars.net\/blog\/wp-content\/uploads\/2014\/07\/DSC_6959-1-1-100x67.jpg 100w, https:\/\/www.supercars.net\/blog\/wp-content\/uploads\/2014\/07\/DSC_6959-1-1-770x513.jpg 770w, https:\/\/www.supercars.net\/blog\/wp-content\/uploads\/2014\/07\/DSC_6959-1-1-360x240.jpg 360w, https:\/\/www.supercars.net\/blog\/wp-content\/uploads\/2014\/07\/DSC_6959-1-1-370x247.jpg 370w, https:\/\/www.supercars.net\/blog\/wp-content\/uploads\/2014\/07\/DSC_6959-1-1-293x195.jpg 293w\" sizes=\"(max-width: 800px) 100vw, 800px\" \/><\/a>\r\n\t\t\t\t<\/a>\r\n            <\/div>\r\n                <div class='wp-caption-text gallery-caption'>\r\n                1973 Porsche 911 Carrera RS 2.8\r\n                <\/div><\/figure><figure class='gallery-item'>\r\n            <div class='gallery-icon landscape'>\r\n                <a href='https:\/\/www.supercars.net\/blog\/wp-content\/uploads\/2014\/07\/DSC_6962-1-2.jpg' class='tipi-lightbox'>\r\n\t\t\t\t<a href='https:\/\/www.supercars.net\/blog\/wp-content\/uploads\/2014\/07\/DSC_6962-1-2.jpg'><img decoding=\"async\" width=\"800\" height=\"533\" src=\"https:\/\/www.supercars.net\/blog\/wp-content\/uploads\/2014\/07\/DSC_6962-1-2.jpg\" class=\"attachment-full size-full\" alt=\"\" srcset=\"https:\/\/www.supercars.net\/blog\/wp-content\/uploads\/2014\/07\/DSC_6962-1-2.jpg 800w, https:\/\/www.supercars.net\/blog\/wp-content\/uploads\/2014\/07\/DSC_6962-1-2-300x200.jpg 300w, https:\/\/www.supercars.net\/blog\/wp-content\/uploads\/2014\/07\/DSC_6962-1-2-100x67.jpg 100w, https:\/\/www.supercars.net\/blog\/wp-content\/uploads\/2014\/07\/DSC_6962-1-2-770x513.jpg 770w, https:\/\/www.supercars.net\/blog\/wp-content\/uploads\/2014\/07\/DSC_6962-1-2-360x240.jpg 360w, https:\/\/www.supercars.net\/blog\/wp-content\/uploads\/2014\/07\/DSC_6962-1-2-370x247.jpg 370w, https:\/\/www.supercars.net\/blog\/wp-content\/uploads\/2014\/07\/DSC_6962-1-2-293x195.jpg 293w\" sizes=\"(max-width: 800px) 100vw, 800px\" \/><\/a>\r\n\t\t\t\t<\/a>\r\n            <\/div>\r\n                <div class='wp-caption-text gallery-caption'>\r\n                Ferrari 512 BB LM\r\n                <\/div><\/figure><figure class='gallery-item'>\r\n            <div class='gallery-icon landscape'>\r\n                <a href='https:\/\/www.supercars.net\/blog\/wp-content\/uploads\/2014\/07\/DSC_6963-7.jpg' class='tipi-lightbox'>\r\n\t\t\t\t<a href='https:\/\/www.supercars.net\/blog\/wp-content\/uploads\/2014\/07\/DSC_6963-7.jpg'><img decoding=\"async\" width=\"800\" height=\"533\" src=\"https:\/\/www.supercars.net\/blog\/wp-content\/uploads\/2014\/07\/DSC_6963-7.jpg\" class=\"attachment-full size-full\" alt=\"\" srcset=\"https:\/\/www.supercars.net\/blog\/wp-content\/uploads\/2014\/07\/DSC_6963-7.jpg 800w, https:\/\/www.supercars.net\/blog\/wp-content\/uploads\/2014\/07\/DSC_6963-7-300x200.jpg 300w, https:\/\/www.supercars.net\/blog\/wp-content\/uploads\/2014\/07\/DSC_6963-7-100x67.jpg 100w, https:\/\/www.supercars.net\/blog\/wp-content\/uploads\/2014\/07\/DSC_6963-7-770x513.jpg 770w, https:\/\/www.supercars.net\/blog\/wp-content\/uploads\/2014\/07\/DSC_6963-7-360x240.jpg 360w, https:\/\/www.supercars.net\/blog\/wp-content\/uploads\/2014\/07\/DSC_6963-7-370x247.jpg 370w, https:\/\/www.supercars.net\/blog\/wp-content\/uploads\/2014\/07\/DSC_6963-7-293x195.jpg 293w\" sizes=\"(max-width: 800px) 100vw, 800px\" \/><\/a>\r\n\t\t\t\t<\/a>\r\n            <\/div>\r\n                <div class='wp-caption-text gallery-caption'>\r\n                Ferrari 512 BB LM\r\n                <\/div><\/figure><figure class='gallery-item'>\r\n            <div class='gallery-icon landscape'>\r\n                <a href='https:\/\/www.supercars.net\/blog\/wp-content\/uploads\/2014\/07\/DSC_6967-2.jpg' class='tipi-lightbox'>\r\n\t\t\t\t<a href='https:\/\/www.supercars.net\/blog\/wp-content\/uploads\/2014\/07\/DSC_6967-2.jpg'><img decoding=\"async\" width=\"800\" height=\"533\" src=\"https:\/\/www.supercars.net\/blog\/wp-content\/uploads\/2014\/07\/DSC_6967-2.jpg\" class=\"attachment-full size-full\" alt=\"\" srcset=\"https:\/\/www.supercars.net\/blog\/wp-content\/uploads\/2014\/07\/DSC_6967-2.jpg 800w, https:\/\/www.supercars.net\/blog\/wp-content\/uploads\/2014\/07\/DSC_6967-2-300x200.jpg 300w, https:\/\/www.supercars.net\/blog\/wp-content\/uploads\/2014\/07\/DSC_6967-2-100x67.jpg 100w, https:\/\/www.supercars.net\/blog\/wp-content\/uploads\/2014\/07\/DSC_6967-2-770x513.jpg 770w, https:\/\/www.supercars.net\/blog\/wp-content\/uploads\/2014\/07\/DSC_6967-2-360x240.jpg 360w, https:\/\/www.supercars.net\/blog\/wp-content\/uploads\/2014\/07\/DSC_6967-2-370x247.jpg 370w, https:\/\/www.supercars.net\/blog\/wp-content\/uploads\/2014\/07\/DSC_6967-2-293x195.jpg 293w\" sizes=\"(max-width: 800px) 100vw, 800px\" \/><\/a>\r\n\t\t\t\t<\/a>\r\n            <\/div>\r\n                <div class='wp-caption-text gallery-caption'>\r\n                Le Mans Classic 2014 &#8211; 1972 to 1979 Race\r\n                <\/div><\/figure><figure class='gallery-item'>\r\n            <div class='gallery-icon landscape'>\r\n                <a href='https:\/\/www.supercars.net\/blog\/wp-content\/uploads\/2014\/07\/DSC_6968-5.jpg' class='tipi-lightbox'>\r\n\t\t\t\t<a href='https:\/\/www.supercars.net\/blog\/wp-content\/uploads\/2014\/07\/DSC_6968-5.jpg'><img decoding=\"async\" width=\"800\" height=\"533\" src=\"https:\/\/www.supercars.net\/blog\/wp-content\/uploads\/2014\/07\/DSC_6968-5.jpg\" class=\"attachment-full size-full\" alt=\"\" srcset=\"https:\/\/www.supercars.net\/blog\/wp-content\/uploads\/2014\/07\/DSC_6968-5.jpg 800w, https:\/\/www.supercars.net\/blog\/wp-content\/uploads\/2014\/07\/DSC_6968-5-300x200.jpg 300w, https:\/\/www.supercars.net\/blog\/wp-content\/uploads\/2014\/07\/DSC_6968-5-100x67.jpg 100w, https:\/\/www.supercars.net\/blog\/wp-content\/uploads\/2014\/07\/DSC_6968-5-770x513.jpg 770w, https:\/\/www.supercars.net\/blog\/wp-content\/uploads\/2014\/07\/DSC_6968-5-360x240.jpg 360w, https:\/\/www.supercars.net\/blog\/wp-content\/uploads\/2014\/07\/DSC_6968-5-370x247.jpg 370w, https:\/\/www.supercars.net\/blog\/wp-content\/uploads\/2014\/07\/DSC_6968-5-293x195.jpg 293w\" sizes=\"(max-width: 800px) 100vw, 800px\" \/><\/a>\r\n\t\t\t\t<\/a>\r\n            <\/div>\r\n                <div class='wp-caption-text gallery-caption'>\r\n                Porsche 935\r\n                <\/div><\/figure><figure class='gallery-item'>\r\n            <div class='gallery-icon landscape'>\r\n                <a href='https:\/\/www.supercars.net\/blog\/wp-content\/uploads\/2014\/07\/DSC_6975-5.jpg' class='tipi-lightbox'>\r\n\t\t\t\t<a href='https:\/\/www.supercars.net\/blog\/wp-content\/uploads\/2014\/07\/DSC_6975-5.jpg'><img decoding=\"async\" width=\"800\" height=\"533\" src=\"https:\/\/www.supercars.net\/blog\/wp-content\/uploads\/2014\/07\/DSC_6975-5.jpg\" class=\"attachment-full size-full\" alt=\"\" srcset=\"https:\/\/www.supercars.net\/blog\/wp-content\/uploads\/2014\/07\/DSC_6975-5.jpg 800w, https:\/\/www.supercars.net\/blog\/wp-content\/uploads\/2014\/07\/DSC_6975-5-300x200.jpg 300w, https:\/\/www.supercars.net\/blog\/wp-content\/uploads\/2014\/07\/DSC_6975-5-100x67.jpg 100w, https:\/\/www.supercars.net\/blog\/wp-content\/uploads\/2014\/07\/DSC_6975-5-770x513.jpg 770w, https:\/\/www.supercars.net\/blog\/wp-content\/uploads\/2014\/07\/DSC_6975-5-360x240.jpg 360w, https:\/\/www.supercars.net\/blog\/wp-content\/uploads\/2014\/07\/DSC_6975-5-370x247.jpg 370w, https:\/\/www.supercars.net\/blog\/wp-content\/uploads\/2014\/07\/DSC_6975-5-293x195.jpg 293w\" sizes=\"(max-width: 800px) 100vw, 800px\" \/><\/a>\r\n\t\t\t\t<\/a>\r\n            <\/div>\r\n                <div class='wp-caption-text gallery-caption'>\r\n                1979 Porsche 935\r\n                <\/div><\/figure><figure class='gallery-item'>\r\n            <div class='gallery-icon landscape'>\r\n                <a href='https:\/\/www.supercars.net\/blog\/wp-content\/uploads\/2014\/07\/DSC_6976-1-1.jpg' class='tipi-lightbox'>\r\n\t\t\t\t<a href='https:\/\/www.supercars.net\/blog\/wp-content\/uploads\/2014\/07\/DSC_6976-1-1.jpg'><img decoding=\"async\" width=\"800\" height=\"533\" src=\"https:\/\/www.supercars.net\/blog\/wp-content\/uploads\/2014\/07\/DSC_6976-1-1.jpg\" class=\"attachment-full size-full\" alt=\"\" srcset=\"https:\/\/www.supercars.net\/blog\/wp-content\/uploads\/2014\/07\/DSC_6976-1-1.jpg 800w, https:\/\/www.supercars.net\/blog\/wp-content\/uploads\/2014\/07\/DSC_6976-1-1-300x200.jpg 300w, https:\/\/www.supercars.net\/blog\/wp-content\/uploads\/2014\/07\/DSC_6976-1-1-100x67.jpg 100w, https:\/\/www.supercars.net\/blog\/wp-content\/uploads\/2014\/07\/DSC_6976-1-1-770x513.jpg 770w, https:\/\/www.supercars.net\/blog\/wp-content\/uploads\/2014\/07\/DSC_6976-1-1-360x240.jpg 360w, https:\/\/www.supercars.net\/blog\/wp-content\/uploads\/2014\/07\/DSC_6976-1-1-370x247.jpg 370w, https:\/\/www.supercars.net\/blog\/wp-content\/uploads\/2014\/07\/DSC_6976-1-1-293x195.jpg 293w\" sizes=\"(max-width: 800px) 100vw, 800px\" \/><\/a>\r\n\t\t\t\t<\/a>\r\n            <\/div>\r\n                <div class='wp-caption-text gallery-caption'>\r\n                Le Mans Classic 2014 &#8211; 1972 to 1979 Race\r\n                <\/div><\/figure><figure class='gallery-item'>\r\n            <div class='gallery-icon landscape'>\r\n                <a href='https:\/\/www.supercars.net\/blog\/wp-content\/uploads\/2014\/07\/DSC_6981-1-2.jpg' class='tipi-lightbox'>\r\n\t\t\t\t<a href='https:\/\/www.supercars.net\/blog\/wp-content\/uploads\/2014\/07\/DSC_6981-1-2.jpg'><img decoding=\"async\" width=\"800\" height=\"533\" src=\"https:\/\/www.supercars.net\/blog\/wp-content\/uploads\/2014\/07\/DSC_6981-1-2.jpg\" class=\"attachment-full size-full\" alt=\"\" srcset=\"https:\/\/www.supercars.net\/blog\/wp-content\/uploads\/2014\/07\/DSC_6981-1-2.jpg 800w, https:\/\/www.supercars.net\/blog\/wp-content\/uploads\/2014\/07\/DSC_6981-1-2-300x200.jpg 300w, https:\/\/www.supercars.net\/blog\/wp-content\/uploads\/2014\/07\/DSC_6981-1-2-100x67.jpg 100w, https:\/\/www.supercars.net\/blog\/wp-content\/uploads\/2014\/07\/DSC_6981-1-2-770x513.jpg 770w, https:\/\/www.supercars.net\/blog\/wp-content\/uploads\/2014\/07\/DSC_6981-1-2-360x240.jpg 360w, https:\/\/www.supercars.net\/blog\/wp-content\/uploads\/2014\/07\/DSC_6981-1-2-370x247.jpg 370w, https:\/\/www.supercars.net\/blog\/wp-content\/uploads\/2014\/07\/DSC_6981-1-2-293x195.jpg 293w\" sizes=\"(max-width: 800px) 100vw, 800px\" \/><\/a>\r\n\t\t\t\t<\/a>\r\n            <\/div>\r\n                <div class='wp-caption-text gallery-caption'>\r\n                Le Mans Classic 2014 &#8211; 1972 to 1979 Race\r\n                <\/div><\/figure><figure class='gallery-item'>\r\n            <div class='gallery-icon landscape'>\r\n                <a href='https:\/\/www.supercars.net\/blog\/wp-content\/uploads\/2014\/07\/DSC_6985-2.jpg' class='tipi-lightbox'>\r\n\t\t\t\t<a href='https:\/\/www.supercars.net\/blog\/wp-content\/uploads\/2014\/07\/DSC_6985-2.jpg'><img decoding=\"async\" width=\"800\" height=\"533\" src=\"https:\/\/www.supercars.net\/blog\/wp-content\/uploads\/2014\/07\/DSC_6985-2.jpg\" class=\"attachment-full size-full\" alt=\"\" srcset=\"https:\/\/www.supercars.net\/blog\/wp-content\/uploads\/2014\/07\/DSC_6985-2.jpg 800w, https:\/\/www.supercars.net\/blog\/wp-content\/uploads\/2014\/07\/DSC_6985-2-300x200.jpg 300w, https:\/\/www.supercars.net\/blog\/wp-content\/uploads\/2014\/07\/DSC_6985-2-100x67.jpg 100w, https:\/\/www.supercars.net\/blog\/wp-content\/uploads\/2014\/07\/DSC_6985-2-770x513.jpg 770w, https:\/\/www.supercars.net\/blog\/wp-content\/uploads\/2014\/07\/DSC_6985-2-360x240.jpg 360w, https:\/\/www.supercars.net\/blog\/wp-content\/uploads\/2014\/07\/DSC_6985-2-370x247.jpg 370w, https:\/\/www.supercars.net\/blog\/wp-content\/uploads\/2014\/07\/DSC_6985-2-293x195.jpg 293w\" sizes=\"(max-width: 800px) 100vw, 800px\" \/><\/a>\r\n\t\t\t\t<\/a>\r\n            <\/div>\r\n                <div class='wp-caption-text gallery-caption'>\r\n                Porsche 935\r\n                <\/div><\/figure><figure class='gallery-item'>\r\n            <div class='gallery-icon landscape'>\r\n                <a href='https:\/\/www.supercars.net\/blog\/wp-content\/uploads\/2014\/07\/DSC_6993-1.jpg' class='tipi-lightbox'>\r\n\t\t\t\t<a href='https:\/\/www.supercars.net\/blog\/wp-content\/uploads\/2014\/07\/DSC_6993-1.jpg'><img decoding=\"async\" width=\"800\" height=\"533\" src=\"https:\/\/www.supercars.net\/blog\/wp-content\/uploads\/2014\/07\/DSC_6993-1.jpg\" class=\"attachment-full size-full\" alt=\"\" srcset=\"https:\/\/www.supercars.net\/blog\/wp-content\/uploads\/2014\/07\/DSC_6993-1.jpg 800w, https:\/\/www.supercars.net\/blog\/wp-content\/uploads\/2014\/07\/DSC_6993-1-300x200.jpg 300w, https:\/\/www.supercars.net\/blog\/wp-content\/uploads\/2014\/07\/DSC_6993-1-100x67.jpg 100w, https:\/\/www.supercars.net\/blog\/wp-content\/uploads\/2014\/07\/DSC_6993-1-770x513.jpg 770w, https:\/\/www.supercars.net\/blog\/wp-content\/uploads\/2014\/07\/DSC_6993-1-360x240.jpg 360w, https:\/\/www.supercars.net\/blog\/wp-content\/uploads\/2014\/07\/DSC_6993-1-370x247.jpg 370w, https:\/\/www.supercars.net\/blog\/wp-content\/uploads\/2014\/07\/DSC_6993-1-293x195.jpg 293w\" sizes=\"(max-width: 800px) 100vw, 800px\" \/><\/a>\r\n\t\t\t\t<\/a>\r\n            <\/div>\r\n                <div class='wp-caption-text gallery-caption'>\r\n                Ferrari 512 BB LM\r\n                <\/div><\/figure><figure class='gallery-item'>\r\n            <div class='gallery-icon landscape'>\r\n                <a href='https:\/\/www.supercars.net\/blog\/wp-content\/uploads\/2014\/07\/DSC_6997-4.jpg' class='tipi-lightbox'>\r\n\t\t\t\t<a href='https:\/\/www.supercars.net\/blog\/wp-content\/uploads\/2014\/07\/DSC_6997-4.jpg'><img decoding=\"async\" width=\"800\" height=\"533\" src=\"https:\/\/www.supercars.net\/blog\/wp-content\/uploads\/2014\/07\/DSC_6997-4.jpg\" class=\"attachment-full size-full\" alt=\"\" srcset=\"https:\/\/www.supercars.net\/blog\/wp-content\/uploads\/2014\/07\/DSC_6997-4.jpg 800w, https:\/\/www.supercars.net\/blog\/wp-content\/uploads\/2014\/07\/DSC_6997-4-300x200.jpg 300w, https:\/\/www.supercars.net\/blog\/wp-content\/uploads\/2014\/07\/DSC_6997-4-100x67.jpg 100w, https:\/\/www.supercars.net\/blog\/wp-content\/uploads\/2014\/07\/DSC_6997-4-770x513.jpg 770w, https:\/\/www.supercars.net\/blog\/wp-content\/uploads\/2014\/07\/DSC_6997-4-360x240.jpg 360w, https:\/\/www.supercars.net\/blog\/wp-content\/uploads\/2014\/07\/DSC_6997-4-370x247.jpg 370w, https:\/\/www.supercars.net\/blog\/wp-content\/uploads\/2014\/07\/DSC_6997-4-293x195.jpg 293w\" sizes=\"(max-width: 800px) 100vw, 800px\" \/><\/a>\r\n\t\t\t\t<\/a>\r\n            <\/div>\r\n                <div class='wp-caption-text gallery-caption'>\r\n                Le Mans Classic 2014 &#8211; 1972 to 1979 Race\r\n                <\/div><\/figure><figure class='gallery-item'>\r\n            <div class='gallery-icon landscape'>\r\n                <a href='https:\/\/www.supercars.net\/blog\/wp-content\/uploads\/2014\/07\/DSC_7000-1-1.jpg' class='tipi-lightbox'>\r\n\t\t\t\t<a href='https:\/\/www.supercars.net\/blog\/wp-content\/uploads\/2014\/07\/DSC_7000-1-1.jpg'><img decoding=\"async\" width=\"800\" height=\"533\" src=\"https:\/\/www.supercars.net\/blog\/wp-content\/uploads\/2014\/07\/DSC_7000-1-1.jpg\" class=\"attachment-full size-full\" alt=\"\" srcset=\"https:\/\/www.supercars.net\/blog\/wp-content\/uploads\/2014\/07\/DSC_7000-1-1.jpg 800w, https:\/\/www.supercars.net\/blog\/wp-content\/uploads\/2014\/07\/DSC_7000-1-1-300x200.jpg 300w, https:\/\/www.supercars.net\/blog\/wp-content\/uploads\/2014\/07\/DSC_7000-1-1-100x67.jpg 100w, https:\/\/www.supercars.net\/blog\/wp-content\/uploads\/2014\/07\/DSC_7000-1-1-770x513.jpg 770w, https:\/\/www.supercars.net\/blog\/wp-content\/uploads\/2014\/07\/DSC_7000-1-1-360x240.jpg 360w, https:\/\/www.supercars.net\/blog\/wp-content\/uploads\/2014\/07\/DSC_7000-1-1-370x247.jpg 370w, https:\/\/www.supercars.net\/blog\/wp-content\/uploads\/2014\/07\/DSC_7000-1-1-293x195.jpg 293w\" sizes=\"(max-width: 800px) 100vw, 800px\" \/><\/a>\r\n\t\t\t\t<\/a>\r\n            <\/div>\r\n                <div class='wp-caption-text gallery-caption'>\r\n                1976 Inaltera GT\r\n                <\/div><\/figure><figure class='gallery-item'>\r\n            <div class='gallery-icon landscape'>\r\n                <a href='https:\/\/www.supercars.net\/blog\/wp-content\/uploads\/2014\/07\/DSC_7018-5.jpg' class='tipi-lightbox'>\r\n\t\t\t\t<a href='https:\/\/www.supercars.net\/blog\/wp-content\/uploads\/2014\/07\/DSC_7018-5.jpg'><img decoding=\"async\" width=\"800\" height=\"533\" src=\"https:\/\/www.supercars.net\/blog\/wp-content\/uploads\/2014\/07\/DSC_7018-5.jpg\" class=\"attachment-full size-full\" alt=\"\" srcset=\"https:\/\/www.supercars.net\/blog\/wp-content\/uploads\/2014\/07\/DSC_7018-5.jpg 800w, https:\/\/www.supercars.net\/blog\/wp-content\/uploads\/2014\/07\/DSC_7018-5-300x200.jpg 300w, https:\/\/www.supercars.net\/blog\/wp-content\/uploads\/2014\/07\/DSC_7018-5-100x67.jpg 100w, https:\/\/www.supercars.net\/blog\/wp-content\/uploads\/2014\/07\/DSC_7018-5-770x513.jpg 770w, https:\/\/www.supercars.net\/blog\/wp-content\/uploads\/2014\/07\/DSC_7018-5-360x240.jpg 360w, https:\/\/www.supercars.net\/blog\/wp-content\/uploads\/2014\/07\/DSC_7018-5-370x247.jpg 370w, https:\/\/www.supercars.net\/blog\/wp-content\/uploads\/2014\/07\/DSC_7018-5-293x195.jpg 293w\" sizes=\"(max-width: 800px) 100vw, 800px\" \/><\/a>\r\n\t\t\t\t<\/a>\r\n            <\/div>\r\n                <div class='wp-caption-text gallery-caption'>\r\n                Le Mans Classic 2014 &#8211; 1972 to 1979 Race\r\n                <\/div><\/figure><figure class='gallery-item'>\r\n            <div class='gallery-icon landscape'>\r\n                <a href='https:\/\/www.supercars.net\/blog\/wp-content\/uploads\/2014\/07\/DSC_7019-6.jpg' class='tipi-lightbox'>\r\n\t\t\t\t<a href='https:\/\/www.supercars.net\/blog\/wp-content\/uploads\/2014\/07\/DSC_7019-6.jpg'><img decoding=\"async\" width=\"800\" height=\"533\" src=\"https:\/\/www.supercars.net\/blog\/wp-content\/uploads\/2014\/07\/DSC_7019-6.jpg\" class=\"attachment-full size-full\" alt=\"\" srcset=\"https:\/\/www.supercars.net\/blog\/wp-content\/uploads\/2014\/07\/DSC_7019-6.jpg 800w, https:\/\/www.supercars.net\/blog\/wp-content\/uploads\/2014\/07\/DSC_7019-6-300x200.jpg 300w, https:\/\/www.supercars.net\/blog\/wp-content\/uploads\/2014\/07\/DSC_7019-6-100x67.jpg 100w, https:\/\/www.supercars.net\/blog\/wp-content\/uploads\/2014\/07\/DSC_7019-6-770x513.jpg 770w, https:\/\/www.supercars.net\/blog\/wp-content\/uploads\/2014\/07\/DSC_7019-6-360x240.jpg 360w, https:\/\/www.supercars.net\/blog\/wp-content\/uploads\/2014\/07\/DSC_7019-6-370x247.jpg 370w, https:\/\/www.supercars.net\/blog\/wp-content\/uploads\/2014\/07\/DSC_7019-6-293x195.jpg 293w\" sizes=\"(max-width: 800px) 100vw, 800px\" \/><\/a>\r\n\t\t\t\t<\/a>\r\n            <\/div>\r\n                <div class='wp-caption-text gallery-caption'>\r\n                Porsche 935 K3\r\n                <\/div><\/figure><figure class='gallery-item'>\r\n            <div class='gallery-icon landscape'>\r\n                <a href='https:\/\/www.supercars.net\/blog\/wp-content\/uploads\/2014\/07\/DSC_7022-2.jpg' class='tipi-lightbox'>\r\n\t\t\t\t<a href='https:\/\/www.supercars.net\/blog\/wp-content\/uploads\/2014\/07\/DSC_7022-2.jpg'><img decoding=\"async\" width=\"800\" height=\"533\" src=\"https:\/\/www.supercars.net\/blog\/wp-content\/uploads\/2014\/07\/DSC_7022-2.jpg\" class=\"attachment-full size-full\" alt=\"\" srcset=\"https:\/\/www.supercars.net\/blog\/wp-content\/uploads\/2014\/07\/DSC_7022-2.jpg 800w, https:\/\/www.supercars.net\/blog\/wp-content\/uploads\/2014\/07\/DSC_7022-2-300x200.jpg 300w, https:\/\/www.supercars.net\/blog\/wp-content\/uploads\/2014\/07\/DSC_7022-2-100x67.jpg 100w, https:\/\/www.supercars.net\/blog\/wp-content\/uploads\/2014\/07\/DSC_7022-2-770x513.jpg 770w, https:\/\/www.supercars.net\/blog\/wp-content\/uploads\/2014\/07\/DSC_7022-2-360x240.jpg 360w, https:\/\/www.supercars.net\/blog\/wp-content\/uploads\/2014\/07\/DSC_7022-2-370x247.jpg 370w, https:\/\/www.supercars.net\/blog\/wp-content\/uploads\/2014\/07\/DSC_7022-2-293x195.jpg 293w\" sizes=\"(max-width: 800px) 100vw, 800px\" \/><\/a>\r\n\t\t\t\t<\/a>\r\n            <\/div>\r\n                <div class='wp-caption-text gallery-caption'>\r\n                1974 Gulf Mirage Group 7\r\n                <\/div><\/figure><figure class='gallery-item'>\r\n            <div class='gallery-icon landscape'>\r\n                <a href='https:\/\/www.supercars.net\/blog\/wp-content\/uploads\/2014\/07\/DSC_7024-1-1.jpg' class='tipi-lightbox'>\r\n\t\t\t\t<a href='https:\/\/www.supercars.net\/blog\/wp-content\/uploads\/2014\/07\/DSC_7024-1-1.jpg'><img decoding=\"async\" width=\"800\" height=\"533\" src=\"https:\/\/www.supercars.net\/blog\/wp-content\/uploads\/2014\/07\/DSC_7024-1-1.jpg\" class=\"attachment-full size-full\" alt=\"\" srcset=\"https:\/\/www.supercars.net\/blog\/wp-content\/uploads\/2014\/07\/DSC_7024-1-1.jpg 800w, https:\/\/www.supercars.net\/blog\/wp-content\/uploads\/2014\/07\/DSC_7024-1-1-300x200.jpg 300w, https:\/\/www.supercars.net\/blog\/wp-content\/uploads\/2014\/07\/DSC_7024-1-1-100x67.jpg 100w, https:\/\/www.supercars.net\/blog\/wp-content\/uploads\/2014\/07\/DSC_7024-1-1-770x513.jpg 770w, https:\/\/www.supercars.net\/blog\/wp-content\/uploads\/2014\/07\/DSC_7024-1-1-360x240.jpg 360w, https:\/\/www.supercars.net\/blog\/wp-content\/uploads\/2014\/07\/DSC_7024-1-1-370x247.jpg 370w, https:\/\/www.supercars.net\/blog\/wp-content\/uploads\/2014\/07\/DSC_7024-1-1-293x195.jpg 293w\" sizes=\"(max-width: 800px) 100vw, 800px\" \/><\/a>\r\n\t\t\t\t<\/a>\r\n            <\/div>\r\n                <div class='wp-caption-text gallery-caption'>\r\n                Ferrari 512 BB LM\r\n                <\/div><\/figure><figure class='gallery-item'>\r\n            <div class='gallery-icon landscape'>\r\n                <a href='https:\/\/www.supercars.net\/blog\/wp-content\/uploads\/2014\/07\/DSC_7025-6.jpg' class='tipi-lightbox'>\r\n\t\t\t\t<a href='https:\/\/www.supercars.net\/blog\/wp-content\/uploads\/2014\/07\/DSC_7025-6.jpg'><img decoding=\"async\" width=\"800\" height=\"533\" src=\"https:\/\/www.supercars.net\/blog\/wp-content\/uploads\/2014\/07\/DSC_7025-6.jpg\" class=\"attachment-full size-full\" alt=\"\" srcset=\"https:\/\/www.supercars.net\/blog\/wp-content\/uploads\/2014\/07\/DSC_7025-6.jpg 800w, https:\/\/www.supercars.net\/blog\/wp-content\/uploads\/2014\/07\/DSC_7025-6-300x200.jpg 300w, https:\/\/www.supercars.net\/blog\/wp-content\/uploads\/2014\/07\/DSC_7025-6-100x67.jpg 100w, https:\/\/www.supercars.net\/blog\/wp-content\/uploads\/2014\/07\/DSC_7025-6-770x513.jpg 770w, https:\/\/www.supercars.net\/blog\/wp-content\/uploads\/2014\/07\/DSC_7025-6-360x240.jpg 360w, https:\/\/www.supercars.net\/blog\/wp-content\/uploads\/2014\/07\/DSC_7025-6-370x247.jpg 370w, https:\/\/www.supercars.net\/blog\/wp-content\/uploads\/2014\/07\/DSC_7025-6-293x195.jpg 293w\" sizes=\"(max-width: 800px) 100vw, 800px\" \/><\/a>\r\n\t\t\t\t<\/a>\r\n            <\/div>\r\n                <div class='wp-caption-text gallery-caption'>\r\n                Ferrari 512 BB LM\r\n                <\/div><\/figure><figure class='gallery-item'>\r\n            <div class='gallery-icon portrait'>\r\n                <a href='https:\/\/www.supercars.net\/blog\/wp-content\/uploads\/2014\/07\/DSC_7026-8.jpg' class='tipi-lightbox'>\r\n\t\t\t\t<a href='https:\/\/www.supercars.net\/blog\/wp-content\/uploads\/2014\/07\/DSC_7026-8.jpg'><img decoding=\"async\" width=\"533\" height=\"800\" src=\"https:\/\/www.supercars.net\/blog\/wp-content\/uploads\/2014\/07\/DSC_7026-8.jpg\" class=\"attachment-full size-full\" alt=\"\" srcset=\"https:\/\/www.supercars.net\/blog\/wp-content\/uploads\/2014\/07\/DSC_7026-8.jpg 533w, https:\/\/www.supercars.net\/blog\/wp-content\/uploads\/2014\/07\/DSC_7026-8-200x300.jpg 200w, https:\/\/www.supercars.net\/blog\/wp-content\/uploads\/2014\/07\/DSC_7026-8-67x100.jpg 67w, https:\/\/www.supercars.net\/blog\/wp-content\/uploads\/2014\/07\/DSC_7026-8-293x440.jpg 293w\" sizes=\"(max-width: 533px) 100vw, 533px\" \/><\/a>\r\n\t\t\t\t<\/a>\r\n            <\/div>\r\n                <div class='wp-caption-text gallery-caption'>\r\n                Porsche 935\r\n                <\/div><\/figure><figure class='gallery-item'>\r\n            <div class='gallery-icon portrait'>\r\n                <a href='https:\/\/www.supercars.net\/blog\/wp-content\/uploads\/2014\/07\/DSC_7028-1-1.jpg' class='tipi-lightbox'>\r\n\t\t\t\t<a href='https:\/\/www.supercars.net\/blog\/wp-content\/uploads\/2014\/07\/DSC_7028-1-1.jpg'><img decoding=\"async\" width=\"533\" height=\"800\" src=\"https:\/\/www.supercars.net\/blog\/wp-content\/uploads\/2014\/07\/DSC_7028-1-1.jpg\" class=\"attachment-full size-full\" alt=\"\" srcset=\"https:\/\/www.supercars.net\/blog\/wp-content\/uploads\/2014\/07\/DSC_7028-1-1.jpg 533w, https:\/\/www.supercars.net\/blog\/wp-content\/uploads\/2014\/07\/DSC_7028-1-1-200x300.jpg 200w, https:\/\/www.supercars.net\/blog\/wp-content\/uploads\/2014\/07\/DSC_7028-1-1-67x100.jpg 67w, https:\/\/www.supercars.net\/blog\/wp-content\/uploads\/2014\/07\/DSC_7028-1-1-293x440.jpg 293w\" sizes=\"(max-width: 533px) 100vw, 533px\" \/><\/a>\r\n\t\t\t\t<\/a>\r\n            <\/div>\r\n                <div class='wp-caption-text gallery-caption'>\r\n                BMW CSL\r\n                <\/div><\/figure><figure class='gallery-item'>\r\n            <div class='gallery-icon portrait'>\r\n                <a href='https:\/\/www.supercars.net\/blog\/wp-content\/uploads\/2014\/07\/DSC_7029-3.jpg' class='tipi-lightbox'>\r\n\t\t\t\t<a href='https:\/\/www.supercars.net\/blog\/wp-content\/uploads\/2014\/07\/DSC_7029-3.jpg'><img decoding=\"async\" width=\"533\" height=\"800\" src=\"https:\/\/www.supercars.net\/blog\/wp-content\/uploads\/2014\/07\/DSC_7029-3.jpg\" class=\"attachment-full size-full\" alt=\"\" srcset=\"https:\/\/www.supercars.net\/blog\/wp-content\/uploads\/2014\/07\/DSC_7029-3.jpg 533w, https:\/\/www.supercars.net\/blog\/wp-content\/uploads\/2014\/07\/DSC_7029-3-200x300.jpg 200w, https:\/\/www.supercars.net\/blog\/wp-content\/uploads\/2014\/07\/DSC_7029-3-67x100.jpg 67w, https:\/\/www.supercars.net\/blog\/wp-content\/uploads\/2014\/07\/DSC_7029-3-293x440.jpg 293w\" sizes=\"(max-width: 533px) 100vw, 533px\" \/><\/a>\r\n\t\t\t\t<\/a>\r\n            <\/div>\r\n                <div class='wp-caption-text gallery-caption'>\r\n                1973 Porsche 911 Carrera RS 2.8\r\n                <\/div><\/figure><figure class='gallery-item'>\r\n            <div class='gallery-icon landscape'>\r\n                <a href='https:\/\/www.supercars.net\/blog\/wp-content\/uploads\/2014\/07\/DSC_7030-5.jpg' class='tipi-lightbox'>\r\n\t\t\t\t<a href='https:\/\/www.supercars.net\/blog\/wp-content\/uploads\/2014\/07\/DSC_7030-5.jpg'><img decoding=\"async\" width=\"800\" height=\"533\" src=\"https:\/\/www.supercars.net\/blog\/wp-content\/uploads\/2014\/07\/DSC_7030-5.jpg\" class=\"attachment-full size-full\" alt=\"\" srcset=\"https:\/\/www.supercars.net\/blog\/wp-content\/uploads\/2014\/07\/DSC_7030-5.jpg 800w, https:\/\/www.supercars.net\/blog\/wp-content\/uploads\/2014\/07\/DSC_7030-5-300x200.jpg 300w, https:\/\/www.supercars.net\/blog\/wp-content\/uploads\/2014\/07\/DSC_7030-5-100x67.jpg 100w, https:\/\/www.supercars.net\/blog\/wp-content\/uploads\/2014\/07\/DSC_7030-5-770x513.jpg 770w, https:\/\/www.supercars.net\/blog\/wp-content\/uploads\/2014\/07\/DSC_7030-5-360x240.jpg 360w, https:\/\/www.supercars.net\/blog\/wp-content\/uploads\/2014\/07\/DSC_7030-5-370x247.jpg 370w, https:\/\/www.supercars.net\/blog\/wp-content\/uploads\/2014\/07\/DSC_7030-5-293x195.jpg 293w\" sizes=\"(max-width: 800px) 100vw, 800px\" \/><\/a>\r\n\t\t\t\t<\/a>\r\n            <\/div>\r\n                <div class='wp-caption-text gallery-caption'>\r\n                Le Mans Classic 2014 &#8211; 1972 to 1979 Race\r\n                <\/div><\/figure><figure class='gallery-item'>\r\n            <div class='gallery-icon landscape'>\r\n                <a href='https:\/\/www.supercars.net\/blog\/wp-content\/uploads\/2014\/07\/DSC_7035-1-1.jpg' class='tipi-lightbox'>\r\n\t\t\t\t<a href='https:\/\/www.supercars.net\/blog\/wp-content\/uploads\/2014\/07\/DSC_7035-1-1.jpg'><img decoding=\"async\" width=\"800\" height=\"533\" src=\"https:\/\/www.supercars.net\/blog\/wp-content\/uploads\/2014\/07\/DSC_7035-1-1.jpg\" class=\"attachment-full size-full\" alt=\"\" srcset=\"https:\/\/www.supercars.net\/blog\/wp-content\/uploads\/2014\/07\/DSC_7035-1-1.jpg 800w, https:\/\/www.supercars.net\/blog\/wp-content\/uploads\/2014\/07\/DSC_7035-1-1-300x200.jpg 300w, https:\/\/www.supercars.net\/blog\/wp-content\/uploads\/2014\/07\/DSC_7035-1-1-100x67.jpg 100w, https:\/\/www.supercars.net\/blog\/wp-content\/uploads\/2014\/07\/DSC_7035-1-1-770x513.jpg 770w, https:\/\/www.supercars.net\/blog\/wp-content\/uploads\/2014\/07\/DSC_7035-1-1-360x240.jpg 360w, https:\/\/www.supercars.net\/blog\/wp-content\/uploads\/2014\/07\/DSC_7035-1-1-370x247.jpg 370w, https:\/\/www.supercars.net\/blog\/wp-content\/uploads\/2014\/07\/DSC_7035-1-1-293x195.jpg 293w\" sizes=\"(max-width: 800px) 100vw, 800px\" \/><\/a>\r\n\t\t\t\t<\/a>\r\n            <\/div>\r\n                <div class='wp-caption-text gallery-caption'>\r\n                1977 Porsche 935 K3\r\n                <\/div><\/figure><figure class='gallery-item'>\r\n            <div class='gallery-icon landscape'>\r\n                <a href='https:\/\/www.supercars.net\/blog\/wp-content\/uploads\/2014\/07\/DSC_7037-1-1.jpg' class='tipi-lightbox'>\r\n\t\t\t\t<a href='https:\/\/www.supercars.net\/blog\/wp-content\/uploads\/2014\/07\/DSC_7037-1-1.jpg'><img decoding=\"async\" width=\"800\" height=\"533\" src=\"https:\/\/www.supercars.net\/blog\/wp-content\/uploads\/2014\/07\/DSC_7037-1-1.jpg\" class=\"attachment-full size-full\" alt=\"\" srcset=\"https:\/\/www.supercars.net\/blog\/wp-content\/uploads\/2014\/07\/DSC_7037-1-1.jpg 800w, https:\/\/www.supercars.net\/blog\/wp-content\/uploads\/2014\/07\/DSC_7037-1-1-300x200.jpg 300w, https:\/\/www.supercars.net\/blog\/wp-content\/uploads\/2014\/07\/DSC_7037-1-1-100x67.jpg 100w, https:\/\/www.supercars.net\/blog\/wp-content\/uploads\/2014\/07\/DSC_7037-1-1-770x513.jpg 770w, https:\/\/www.supercars.net\/blog\/wp-content\/uploads\/2014\/07\/DSC_7037-1-1-360x240.jpg 360w, https:\/\/www.supercars.net\/blog\/wp-content\/uploads\/2014\/07\/DSC_7037-1-1-370x247.jpg 370w, https:\/\/www.supercars.net\/blog\/wp-content\/uploads\/2014\/07\/DSC_7037-1-1-293x195.jpg 293w\" sizes=\"(max-width: 800px) 100vw, 800px\" \/><\/a>\r\n\t\t\t\t<\/a>\r\n            <\/div>\r\n                <div class='wp-caption-text gallery-caption'>\r\n                1974 Porsche 911 RSR 3.0 and 1972 Ford Capri 2600 RS\r\n                <\/div><\/figure><figure class='gallery-item'>\r\n            <div class='gallery-icon landscape'>\r\n                <a href='https:\/\/www.supercars.net\/blog\/wp-content\/uploads\/2014\/07\/DSC_7039-4.jpg' class='tipi-lightbox'>\r\n\t\t\t\t<a href='https:\/\/www.supercars.net\/blog\/wp-content\/uploads\/2014\/07\/DSC_7039-4.jpg'><img decoding=\"async\" width=\"800\" height=\"533\" src=\"https:\/\/www.supercars.net\/blog\/wp-content\/uploads\/2014\/07\/DSC_7039-4.jpg\" class=\"attachment-full size-full\" alt=\"\" srcset=\"https:\/\/www.supercars.net\/blog\/wp-content\/uploads\/2014\/07\/DSC_7039-4.jpg 800w, https:\/\/www.supercars.net\/blog\/wp-content\/uploads\/2014\/07\/DSC_7039-4-300x200.jpg 300w, https:\/\/www.supercars.net\/blog\/wp-content\/uploads\/2014\/07\/DSC_7039-4-100x67.jpg 100w, https:\/\/www.supercars.net\/blog\/wp-content\/uploads\/2014\/07\/DSC_7039-4-770x513.jpg 770w, https:\/\/www.supercars.net\/blog\/wp-content\/uploads\/2014\/07\/DSC_7039-4-360x240.jpg 360w, https:\/\/www.supercars.net\/blog\/wp-content\/uploads\/2014\/07\/DSC_7039-4-370x247.jpg 370w, https:\/\/www.supercars.net\/blog\/wp-content\/uploads\/2014\/07\/DSC_7039-4-293x195.jpg 293w\" sizes=\"(max-width: 800px) 100vw, 800px\" \/><\/a>\r\n\t\t\t\t<\/a>\r\n            <\/div>\r\n                <div class='wp-caption-text gallery-caption'>\r\n                1977 Porsche 935\r\n                <\/div><\/figure><figure class='gallery-item'>\r\n            <div class='gallery-icon portrait'>\r\n                <a href='https:\/\/www.supercars.net\/blog\/wp-content\/uploads\/2014\/07\/DSC_7041-5.jpg' class='tipi-lightbox'>\r\n\t\t\t\t<a href='https:\/\/www.supercars.net\/blog\/wp-content\/uploads\/2014\/07\/DSC_7041-5.jpg'><img decoding=\"async\" width=\"533\" height=\"800\" src=\"https:\/\/www.supercars.net\/blog\/wp-content\/uploads\/2014\/07\/DSC_7041-5.jpg\" class=\"attachment-full size-full\" alt=\"\" srcset=\"https:\/\/www.supercars.net\/blog\/wp-content\/uploads\/2014\/07\/DSC_7041-5.jpg 533w, https:\/\/www.supercars.net\/blog\/wp-content\/uploads\/2014\/07\/DSC_7041-5-200x300.jpg 200w, https:\/\/www.supercars.net\/blog\/wp-content\/uploads\/2014\/07\/DSC_7041-5-67x100.jpg 67w, https:\/\/www.supercars.net\/blog\/wp-content\/uploads\/2014\/07\/DSC_7041-5-293x440.jpg 293w\" sizes=\"(max-width: 533px) 100vw, 533px\" \/><\/a>\r\n\t\t\t\t<\/a>\r\n            <\/div>\r\n                <div class='wp-caption-text gallery-caption'>\r\n                1973 Porsche 911 RSR Turbo\r\n                <\/div><\/figure><figure class='gallery-item'>\r\n            <div class='gallery-icon landscape'>\r\n                <a href='https:\/\/www.supercars.net\/blog\/wp-content\/uploads\/2014\/07\/DSC_7042-3.jpg' class='tipi-lightbox'>\r\n\t\t\t\t<a href='https:\/\/www.supercars.net\/blog\/wp-content\/uploads\/2014\/07\/DSC_7042-3.jpg'><img decoding=\"async\" width=\"800\" height=\"533\" src=\"https:\/\/www.supercars.net\/blog\/wp-content\/uploads\/2014\/07\/DSC_7042-3.jpg\" class=\"attachment-full size-full\" alt=\"\" srcset=\"https:\/\/www.supercars.net\/blog\/wp-content\/uploads\/2014\/07\/DSC_7042-3.jpg 800w, https:\/\/www.supercars.net\/blog\/wp-content\/uploads\/2014\/07\/DSC_7042-3-300x200.jpg 300w, https:\/\/www.supercars.net\/blog\/wp-content\/uploads\/2014\/07\/DSC_7042-3-100x67.jpg 100w, https:\/\/www.supercars.net\/blog\/wp-content\/uploads\/2014\/07\/DSC_7042-3-770x513.jpg 770w, https:\/\/www.supercars.net\/blog\/wp-content\/uploads\/2014\/07\/DSC_7042-3-360x240.jpg 360w, https:\/\/www.supercars.net\/blog\/wp-content\/uploads\/2014\/07\/DSC_7042-3-370x247.jpg 370w, https:\/\/www.supercars.net\/blog\/wp-content\/uploads\/2014\/07\/DSC_7042-3-293x195.jpg 293w\" sizes=\"(max-width: 800px) 100vw, 800px\" \/><\/a>\r\n\t\t\t\t<\/a>\r\n            <\/div>\r\n                <div class='wp-caption-text gallery-caption'>\r\n                1973 Porsche 911 RSR Turbo\r\n                <\/div><\/figure><figure class='gallery-item'>\r\n            <div class='gallery-icon landscape'>\r\n                <a href='https:\/\/www.supercars.net\/blog\/wp-content\/uploads\/2014\/07\/DSC_7043-1-1.jpg' class='tipi-lightbox'>\r\n\t\t\t\t<a href='https:\/\/www.supercars.net\/blog\/wp-content\/uploads\/2014\/07\/DSC_7043-1-1.jpg'><img decoding=\"async\" width=\"800\" height=\"533\" src=\"https:\/\/www.supercars.net\/blog\/wp-content\/uploads\/2014\/07\/DSC_7043-1-1.jpg\" class=\"attachment-full size-full\" alt=\"\" srcset=\"https:\/\/www.supercars.net\/blog\/wp-content\/uploads\/2014\/07\/DSC_7043-1-1.jpg 800w, https:\/\/www.supercars.net\/blog\/wp-content\/uploads\/2014\/07\/DSC_7043-1-1-300x200.jpg 300w, https:\/\/www.supercars.net\/blog\/wp-content\/uploads\/2014\/07\/DSC_7043-1-1-100x67.jpg 100w, https:\/\/www.supercars.net\/blog\/wp-content\/uploads\/2014\/07\/DSC_7043-1-1-770x513.jpg 770w, https:\/\/www.supercars.net\/blog\/wp-content\/uploads\/2014\/07\/DSC_7043-1-1-360x240.jpg 360w, https:\/\/www.supercars.net\/blog\/wp-content\/uploads\/2014\/07\/DSC_7043-1-1-370x247.jpg 370w, https:\/\/www.supercars.net\/blog\/wp-content\/uploads\/2014\/07\/DSC_7043-1-1-293x195.jpg 293w\" sizes=\"(max-width: 800px) 100vw, 800px\" \/><\/a>\r\n\t\t\t\t<\/a>\r\n            <\/div>\r\n                <div class='wp-caption-text gallery-caption'>\r\n                1974 Porsche 911 RSR 3.0\r\n                <\/div><\/figure><figure class='gallery-item'>\r\n            <div class='gallery-icon landscape'>\r\n                <a href='https:\/\/www.supercars.net\/blog\/wp-content\/uploads\/2014\/07\/DSC_7044-1-1.jpg' class='tipi-lightbox'>\r\n\t\t\t\t<a href='https:\/\/www.supercars.net\/blog\/wp-content\/uploads\/2014\/07\/DSC_7044-1-1.jpg'><img decoding=\"async\" width=\"800\" height=\"533\" src=\"https:\/\/www.supercars.net\/blog\/wp-content\/uploads\/2014\/07\/DSC_7044-1-1.jpg\" class=\"attachment-full size-full\" alt=\"\" srcset=\"https:\/\/www.supercars.net\/blog\/wp-content\/uploads\/2014\/07\/DSC_7044-1-1.jpg 800w, https:\/\/www.supercars.net\/blog\/wp-content\/uploads\/2014\/07\/DSC_7044-1-1-300x200.jpg 300w, https:\/\/www.supercars.net\/blog\/wp-content\/uploads\/2014\/07\/DSC_7044-1-1-100x67.jpg 100w, https:\/\/www.supercars.net\/blog\/wp-content\/uploads\/2014\/07\/DSC_7044-1-1-770x513.jpg 770w, https:\/\/www.supercars.net\/blog\/wp-content\/uploads\/2014\/07\/DSC_7044-1-1-360x240.jpg 360w, https:\/\/www.supercars.net\/blog\/wp-content\/uploads\/2014\/07\/DSC_7044-1-1-370x247.jpg 370w, https:\/\/www.supercars.net\/blog\/wp-content\/uploads\/2014\/07\/DSC_7044-1-1-293x195.jpg 293w\" sizes=\"(max-width: 800px) 100vw, 800px\" \/><\/a>\r\n\t\t\t\t<\/a>\r\n            <\/div>\r\n                <div class='wp-caption-text gallery-caption'>\r\n                Porsche 935\r\n                <\/div><\/figure><figure class='gallery-item'>\r\n            <div class='gallery-icon landscape'>\r\n                <a href='https:\/\/www.supercars.net\/blog\/wp-content\/uploads\/2014\/07\/DSC_7046-1-1.jpg' class='tipi-lightbox'>\r\n\t\t\t\t<a href='https:\/\/www.supercars.net\/blog\/wp-content\/uploads\/2014\/07\/DSC_7046-1-1.jpg'><img decoding=\"async\" width=\"800\" height=\"533\" src=\"https:\/\/www.supercars.net\/blog\/wp-content\/uploads\/2014\/07\/DSC_7046-1-1.jpg\" class=\"attachment-full size-full\" alt=\"\" srcset=\"https:\/\/www.supercars.net\/blog\/wp-content\/uploads\/2014\/07\/DSC_7046-1-1.jpg 800w, https:\/\/www.supercars.net\/blog\/wp-content\/uploads\/2014\/07\/DSC_7046-1-1-300x200.jpg 300w, https:\/\/www.supercars.net\/blog\/wp-content\/uploads\/2014\/07\/DSC_7046-1-1-100x67.jpg 100w, https:\/\/www.supercars.net\/blog\/wp-content\/uploads\/2014\/07\/DSC_7046-1-1-770x513.jpg 770w, https:\/\/www.supercars.net\/blog\/wp-content\/uploads\/2014\/07\/DSC_7046-1-1-360x240.jpg 360w, https:\/\/www.supercars.net\/blog\/wp-content\/uploads\/2014\/07\/DSC_7046-1-1-370x247.jpg 370w, https:\/\/www.supercars.net\/blog\/wp-content\/uploads\/2014\/07\/DSC_7046-1-1-293x195.jpg 293w\" sizes=\"(max-width: 800px) 100vw, 800px\" \/><\/a>\r\n\t\t\t\t<\/a>\r\n            <\/div>\r\n                <div class='wp-caption-text gallery-caption'>\r\n                Ferrari 512 BB LM\r\n                <\/div><\/figure><figure class='gallery-item'>\r\n            <div class='gallery-icon landscape'>\r\n                <a href='https:\/\/www.supercars.net\/blog\/wp-content\/uploads\/2014\/07\/DSC_7047-3.jpg' class='tipi-lightbox'>\r\n\t\t\t\t<a href='https:\/\/www.supercars.net\/blog\/wp-content\/uploads\/2014\/07\/DSC_7047-3.jpg'><img decoding=\"async\" width=\"800\" height=\"533\" src=\"https:\/\/www.supercars.net\/blog\/wp-content\/uploads\/2014\/07\/DSC_7047-3.jpg\" class=\"attachment-full size-full\" alt=\"\" srcset=\"https:\/\/www.supercars.net\/blog\/wp-content\/uploads\/2014\/07\/DSC_7047-3.jpg 800w, https:\/\/www.supercars.net\/blog\/wp-content\/uploads\/2014\/07\/DSC_7047-3-300x200.jpg 300w, https:\/\/www.supercars.net\/blog\/wp-content\/uploads\/2014\/07\/DSC_7047-3-100x67.jpg 100w, https:\/\/www.supercars.net\/blog\/wp-content\/uploads\/2014\/07\/DSC_7047-3-770x513.jpg 770w, https:\/\/www.supercars.net\/blog\/wp-content\/uploads\/2014\/07\/DSC_7047-3-360x240.jpg 360w, https:\/\/www.supercars.net\/blog\/wp-content\/uploads\/2014\/07\/DSC_7047-3-370x247.jpg 370w, https:\/\/www.supercars.net\/blog\/wp-content\/uploads\/2014\/07\/DSC_7047-3-293x195.jpg 293w\" sizes=\"(max-width: 800px) 100vw, 800px\" \/><\/a>\r\n\t\t\t\t<\/a>\r\n            <\/div>\r\n                <div class='wp-caption-text gallery-caption'>\r\n                1979 Porsche 935\r\n                <\/div><\/figure><figure class='gallery-item'>\r\n            <div class='gallery-icon landscape'>\r\n                <a href='https:\/\/www.supercars.net\/blog\/wp-content\/uploads\/2014\/07\/DSC_7048-1-1.jpg' class='tipi-lightbox'>\r\n\t\t\t\t<a href='https:\/\/www.supercars.net\/blog\/wp-content\/uploads\/2014\/07\/DSC_7048-1-1.jpg'><img decoding=\"async\" width=\"800\" height=\"533\" src=\"https:\/\/www.supercars.net\/blog\/wp-content\/uploads\/2014\/07\/DSC_7048-1-1.jpg\" class=\"attachment-full size-full\" alt=\"\" srcset=\"https:\/\/www.supercars.net\/blog\/wp-content\/uploads\/2014\/07\/DSC_7048-1-1.jpg 800w, https:\/\/www.supercars.net\/blog\/wp-content\/uploads\/2014\/07\/DSC_7048-1-1-300x200.jpg 300w, https:\/\/www.supercars.net\/blog\/wp-content\/uploads\/2014\/07\/DSC_7048-1-1-100x67.jpg 100w, https:\/\/www.supercars.net\/blog\/wp-content\/uploads\/2014\/07\/DSC_7048-1-1-770x513.jpg 770w, https:\/\/www.supercars.net\/blog\/wp-content\/uploads\/2014\/07\/DSC_7048-1-1-360x240.jpg 360w, https:\/\/www.supercars.net\/blog\/wp-content\/uploads\/2014\/07\/DSC_7048-1-1-370x247.jpg 370w, https:\/\/www.supercars.net\/blog\/wp-content\/uploads\/2014\/07\/DSC_7048-1-1-293x195.jpg 293w\" sizes=\"(max-width: 800px) 100vw, 800px\" \/><\/a>\r\n\t\t\t\t<\/a>\r\n            <\/div>\r\n                <div class='wp-caption-text gallery-caption'>\r\n                BMW CSL\r\n                <\/div><\/figure><figure class='gallery-item'>\r\n            <div class='gallery-icon landscape'>\r\n                <a href='https:\/\/www.supercars.net\/blog\/wp-content\/uploads\/2014\/07\/DSC_7049-2.jpg' class='tipi-lightbox'>\r\n\t\t\t\t<a href='https:\/\/www.supercars.net\/blog\/wp-content\/uploads\/2014\/07\/DSC_7049-2.jpg'><img decoding=\"async\" width=\"800\" height=\"533\" src=\"https:\/\/www.supercars.net\/blog\/wp-content\/uploads\/2014\/07\/DSC_7049-2.jpg\" class=\"attachment-full size-full\" alt=\"\" srcset=\"https:\/\/www.supercars.net\/blog\/wp-content\/uploads\/2014\/07\/DSC_7049-2.jpg 800w, https:\/\/www.supercars.net\/blog\/wp-content\/uploads\/2014\/07\/DSC_7049-2-300x200.jpg 300w, https:\/\/www.supercars.net\/blog\/wp-content\/uploads\/2014\/07\/DSC_7049-2-100x67.jpg 100w, https:\/\/www.supercars.net\/blog\/wp-content\/uploads\/2014\/07\/DSC_7049-2-770x513.jpg 770w, https:\/\/www.supercars.net\/blog\/wp-content\/uploads\/2014\/07\/DSC_7049-2-360x240.jpg 360w, https:\/\/www.supercars.net\/blog\/wp-content\/uploads\/2014\/07\/DSC_7049-2-370x247.jpg 370w, https:\/\/www.supercars.net\/blog\/wp-content\/uploads\/2014\/07\/DSC_7049-2-293x195.jpg 293w\" sizes=\"(max-width: 800px) 100vw, 800px\" \/><\/a>\r\n\t\t\t\t<\/a>\r\n            <\/div>\r\n                <div class='wp-caption-text gallery-caption'>\r\n                1979 BMW M1\r\n                <\/div><\/figure><figure class='gallery-item'>\r\n            <div class='gallery-icon landscape'>\r\n                <a href='https:\/\/www.supercars.net\/blog\/wp-content\/uploads\/2014\/07\/DSC_7051-1-1.jpg' class='tipi-lightbox'>\r\n\t\t\t\t<a href='https:\/\/www.supercars.net\/blog\/wp-content\/uploads\/2014\/07\/DSC_7051-1-1.jpg'><img decoding=\"async\" width=\"800\" height=\"533\" src=\"https:\/\/www.supercars.net\/blog\/wp-content\/uploads\/2014\/07\/DSC_7051-1-1.jpg\" class=\"attachment-full size-full\" alt=\"\" srcset=\"https:\/\/www.supercars.net\/blog\/wp-content\/uploads\/2014\/07\/DSC_7051-1-1.jpg 800w, https:\/\/www.supercars.net\/blog\/wp-content\/uploads\/2014\/07\/DSC_7051-1-1-300x200.jpg 300w, https:\/\/www.supercars.net\/blog\/wp-content\/uploads\/2014\/07\/DSC_7051-1-1-100x67.jpg 100w, https:\/\/www.supercars.net\/blog\/wp-content\/uploads\/2014\/07\/DSC_7051-1-1-770x513.jpg 770w, https:\/\/www.supercars.net\/blog\/wp-content\/uploads\/2014\/07\/DSC_7051-1-1-360x240.jpg 360w, https:\/\/www.supercars.net\/blog\/wp-content\/uploads\/2014\/07\/DSC_7051-1-1-370x247.jpg 370w, https:\/\/www.supercars.net\/blog\/wp-content\/uploads\/2014\/07\/DSC_7051-1-1-293x195.jpg 293w\" sizes=\"(max-width: 800px) 100vw, 800px\" \/><\/a>\r\n\t\t\t\t<\/a>\r\n            <\/div>\r\n                <div class='wp-caption-text gallery-caption'>\r\n                Porsche 935\r\n                <\/div><\/figure><figure class='gallery-item'>\r\n            <div class='gallery-icon landscape'>\r\n                <a href='https:\/\/www.supercars.net\/blog\/wp-content\/uploads\/2014\/07\/DSC_7053-4.jpg' class='tipi-lightbox'>\r\n\t\t\t\t<a href='https:\/\/www.supercars.net\/blog\/wp-content\/uploads\/2014\/07\/DSC_7053-4.jpg'><img decoding=\"async\" width=\"800\" height=\"533\" src=\"https:\/\/www.supercars.net\/blog\/wp-content\/uploads\/2014\/07\/DSC_7053-4.jpg\" class=\"attachment-full size-full\" alt=\"\" srcset=\"https:\/\/www.supercars.net\/blog\/wp-content\/uploads\/2014\/07\/DSC_7053-4.jpg 800w, https:\/\/www.supercars.net\/blog\/wp-content\/uploads\/2014\/07\/DSC_7053-4-300x200.jpg 300w, https:\/\/www.supercars.net\/blog\/wp-content\/uploads\/2014\/07\/DSC_7053-4-100x67.jpg 100w, https:\/\/www.supercars.net\/blog\/wp-content\/uploads\/2014\/07\/DSC_7053-4-770x513.jpg 770w, https:\/\/www.supercars.net\/blog\/wp-content\/uploads\/2014\/07\/DSC_7053-4-360x240.jpg 360w, https:\/\/www.supercars.net\/blog\/wp-content\/uploads\/2014\/07\/DSC_7053-4-370x247.jpg 370w, https:\/\/www.supercars.net\/blog\/wp-content\/uploads\/2014\/07\/DSC_7053-4-293x195.jpg 293w\" sizes=\"(max-width: 800px) 100vw, 800px\" \/><\/a>\r\n\t\t\t\t<\/a>\r\n            <\/div>\r\n                <div class='wp-caption-text gallery-caption'>\r\n                Ferrari 512 BB LM\r\n                <\/div><\/figure><figure class='gallery-item'>\r\n            <div class='gallery-icon landscape'>\r\n                <a href='https:\/\/www.supercars.net\/blog\/wp-content\/uploads\/2014\/07\/DSC_7055-2.jpg' class='tipi-lightbox'>\r\n\t\t\t\t<a href='https:\/\/www.supercars.net\/blog\/wp-content\/uploads\/2014\/07\/DSC_7055-2.jpg'><img decoding=\"async\" width=\"800\" height=\"533\" src=\"https:\/\/www.supercars.net\/blog\/wp-content\/uploads\/2014\/07\/DSC_7055-2.jpg\" class=\"attachment-full size-full\" alt=\"\" srcset=\"https:\/\/www.supercars.net\/blog\/wp-content\/uploads\/2014\/07\/DSC_7055-2.jpg 800w, https:\/\/www.supercars.net\/blog\/wp-content\/uploads\/2014\/07\/DSC_7055-2-300x200.jpg 300w, https:\/\/www.supercars.net\/blog\/wp-content\/uploads\/2014\/07\/DSC_7055-2-100x67.jpg 100w, https:\/\/www.supercars.net\/blog\/wp-content\/uploads\/2014\/07\/DSC_7055-2-770x513.jpg 770w, https:\/\/www.supercars.net\/blog\/wp-content\/uploads\/2014\/07\/DSC_7055-2-360x240.jpg 360w, https:\/\/www.supercars.net\/blog\/wp-content\/uploads\/2014\/07\/DSC_7055-2-370x247.jpg 370w, https:\/\/www.supercars.net\/blog\/wp-content\/uploads\/2014\/07\/DSC_7055-2-293x195.jpg 293w\" sizes=\"(max-width: 800px) 100vw, 800px\" \/><\/a>\r\n\t\t\t\t<\/a>\r\n            <\/div>\r\n                <div class='wp-caption-text gallery-caption'>\r\n                1973 Porsche 911 Carrera RS 2.8, 1979 Lola T298 BMW and 1975 Tecma 755\r\n                <\/div><\/figure><figure class='gallery-item'>\r\n            <div class='gallery-icon portrait'>\r\n                <a href='https:\/\/www.supercars.net\/blog\/wp-content\/uploads\/2014\/07\/DSC_7059-1-1.jpg' class='tipi-lightbox'>\r\n\t\t\t\t<a href='https:\/\/www.supercars.net\/blog\/wp-content\/uploads\/2014\/07\/DSC_7059-1-1.jpg'><img decoding=\"async\" width=\"533\" height=\"800\" src=\"https:\/\/www.supercars.net\/blog\/wp-content\/uploads\/2014\/07\/DSC_7059-1-1.jpg\" class=\"attachment-full size-full\" alt=\"\" srcset=\"https:\/\/www.supercars.net\/blog\/wp-content\/uploads\/2014\/07\/DSC_7059-1-1.jpg 533w, https:\/\/www.supercars.net\/blog\/wp-content\/uploads\/2014\/07\/DSC_7059-1-1-200x300.jpg 200w, https:\/\/www.supercars.net\/blog\/wp-content\/uploads\/2014\/07\/DSC_7059-1-1-67x100.jpg 67w, https:\/\/www.supercars.net\/blog\/wp-content\/uploads\/2014\/07\/DSC_7059-1-1-293x440.jpg 293w\" sizes=\"(max-width: 533px) 100vw, 533px\" \/><\/a>\r\n\t\t\t\t<\/a>\r\n            <\/div>\r\n                <div class='wp-caption-text gallery-caption'>\r\n                Porsche 935\r\n                <\/div><\/figure><figure class='gallery-item'>\r\n            <div class='gallery-icon landscape'>\r\n                <a href='https:\/\/www.supercars.net\/blog\/wp-content\/uploads\/2014\/07\/DSC_7062-1-1.jpg' class='tipi-lightbox'>\r\n\t\t\t\t<a href='https:\/\/www.supercars.net\/blog\/wp-content\/uploads\/2014\/07\/DSC_7062-1-1.jpg'><img decoding=\"async\" width=\"800\" height=\"533\" src=\"https:\/\/www.supercars.net\/blog\/wp-content\/uploads\/2014\/07\/DSC_7062-1-1.jpg\" class=\"attachment-full size-full\" alt=\"\" srcset=\"https:\/\/www.supercars.net\/blog\/wp-content\/uploads\/2014\/07\/DSC_7062-1-1.jpg 800w, https:\/\/www.supercars.net\/blog\/wp-content\/uploads\/2014\/07\/DSC_7062-1-1-300x200.jpg 300w, https:\/\/www.supercars.net\/blog\/wp-content\/uploads\/2014\/07\/DSC_7062-1-1-100x67.jpg 100w, https:\/\/www.supercars.net\/blog\/wp-content\/uploads\/2014\/07\/DSC_7062-1-1-770x513.jpg 770w, https:\/\/www.supercars.net\/blog\/wp-content\/uploads\/2014\/07\/DSC_7062-1-1-360x240.jpg 360w, https:\/\/www.supercars.net\/blog\/wp-content\/uploads\/2014\/07\/DSC_7062-1-1-370x247.jpg 370w, https:\/\/www.supercars.net\/blog\/wp-content\/uploads\/2014\/07\/DSC_7062-1-1-293x195.jpg 293w\" sizes=\"(max-width: 800px) 100vw, 800px\" \/><\/a>\r\n\t\t\t\t<\/a>\r\n            <\/div>\r\n                <div class='wp-caption-text gallery-caption'>\r\n                Porsche 935\r\n                <\/div><\/figure><figure class='gallery-item'>\r\n            <div class='gallery-icon landscape'>\r\n                <a href='https:\/\/www.supercars.net\/blog\/wp-content\/uploads\/2014\/07\/DSC_7064-1-1.jpg' class='tipi-lightbox'>\r\n\t\t\t\t<a href='https:\/\/www.supercars.net\/blog\/wp-content\/uploads\/2014\/07\/DSC_7064-1-1.jpg'><img decoding=\"async\" width=\"800\" height=\"533\" src=\"https:\/\/www.supercars.net\/blog\/wp-content\/uploads\/2014\/07\/DSC_7064-1-1.jpg\" class=\"attachment-full size-full\" alt=\"\" srcset=\"https:\/\/www.supercars.net\/blog\/wp-content\/uploads\/2014\/07\/DSC_7064-1-1.jpg 800w, https:\/\/www.supercars.net\/blog\/wp-content\/uploads\/2014\/07\/DSC_7064-1-1-300x200.jpg 300w, https:\/\/www.supercars.net\/blog\/wp-content\/uploads\/2014\/07\/DSC_7064-1-1-100x67.jpg 100w, https:\/\/www.supercars.net\/blog\/wp-content\/uploads\/2014\/07\/DSC_7064-1-1-770x513.jpg 770w, https:\/\/www.supercars.net\/blog\/wp-content\/uploads\/2014\/07\/DSC_7064-1-1-360x240.jpg 360w, https:\/\/www.supercars.net\/blog\/wp-content\/uploads\/2014\/07\/DSC_7064-1-1-370x247.jpg 370w, https:\/\/www.supercars.net\/blog\/wp-content\/uploads\/2014\/07\/DSC_7064-1-1-293x195.jpg 293w\" sizes=\"(max-width: 800px) 100vw, 800px\" \/><\/a>\r\n\t\t\t\t<\/a>\r\n            <\/div>\r\n                <div class='wp-caption-text gallery-caption'>\r\n                Ferrari 512 BB LM\r\n                <\/div><\/figure><figure class='gallery-item'>\r\n            <div class='gallery-icon landscape'>\r\n                <a href='https:\/\/www.supercars.net\/blog\/wp-content\/uploads\/2014\/07\/DSC_7066-1-1.jpg' class='tipi-lightbox'>\r\n\t\t\t\t<a href='https:\/\/www.supercars.net\/blog\/wp-content\/uploads\/2014\/07\/DSC_7066-1-1.jpg'><img decoding=\"async\" width=\"800\" height=\"533\" src=\"https:\/\/www.supercars.net\/blog\/wp-content\/uploads\/2014\/07\/DSC_7066-1-1.jpg\" class=\"attachment-full size-full\" alt=\"\" srcset=\"https:\/\/www.supercars.net\/blog\/wp-content\/uploads\/2014\/07\/DSC_7066-1-1.jpg 800w, https:\/\/www.supercars.net\/blog\/wp-content\/uploads\/2014\/07\/DSC_7066-1-1-300x200.jpg 300w, https:\/\/www.supercars.net\/blog\/wp-content\/uploads\/2014\/07\/DSC_7066-1-1-100x67.jpg 100w, https:\/\/www.supercars.net\/blog\/wp-content\/uploads\/2014\/07\/DSC_7066-1-1-770x513.jpg 770w, https:\/\/www.supercars.net\/blog\/wp-content\/uploads\/2014\/07\/DSC_7066-1-1-360x240.jpg 360w, https:\/\/www.supercars.net\/blog\/wp-content\/uploads\/2014\/07\/DSC_7066-1-1-370x247.jpg 370w, https:\/\/www.supercars.net\/blog\/wp-content\/uploads\/2014\/07\/DSC_7066-1-1-293x195.jpg 293w\" sizes=\"(max-width: 800px) 100vw, 800px\" \/><\/a>\r\n\t\t\t\t<\/a>\r\n            <\/div>\r\n                <div class='wp-caption-text gallery-caption'>\r\n                1972 Ford Capri 2600 RS\r\n                <\/div><\/figure><figure class='gallery-item'>\r\n            <div class='gallery-icon landscape'>\r\n                <a href='https:\/\/www.supercars.net\/blog\/wp-content\/uploads\/2014\/07\/DSC_7067-5.jpg' class='tipi-lightbox'>\r\n\t\t\t\t<a href='https:\/\/www.supercars.net\/blog\/wp-content\/uploads\/2014\/07\/DSC_7067-5.jpg'><img decoding=\"async\" width=\"800\" height=\"533\" src=\"https:\/\/www.supercars.net\/blog\/wp-content\/uploads\/2014\/07\/DSC_7067-5.jpg\" class=\"attachment-full size-full\" alt=\"\" srcset=\"https:\/\/www.supercars.net\/blog\/wp-content\/uploads\/2014\/07\/DSC_7067-5.jpg 800w, https:\/\/www.supercars.net\/blog\/wp-content\/uploads\/2014\/07\/DSC_7067-5-300x200.jpg 300w, https:\/\/www.supercars.net\/blog\/wp-content\/uploads\/2014\/07\/DSC_7067-5-100x67.jpg 100w, https:\/\/www.supercars.net\/blog\/wp-content\/uploads\/2014\/07\/DSC_7067-5-770x513.jpg 770w, https:\/\/www.supercars.net\/blog\/wp-content\/uploads\/2014\/07\/DSC_7067-5-360x240.jpg 360w, https:\/\/www.supercars.net\/blog\/wp-content\/uploads\/2014\/07\/DSC_7067-5-370x247.jpg 370w, https:\/\/www.supercars.net\/blog\/wp-content\/uploads\/2014\/07\/DSC_7067-5-293x195.jpg 293w\" sizes=\"(max-width: 800px) 100vw, 800px\" \/><\/a>\r\n\t\t\t\t<\/a>\r\n            <\/div>\r\n                <div class='wp-caption-text gallery-caption'>\r\n                Porsche 935\r\n                <\/div><\/figure><figure class='gallery-item'>\r\n            <div class='gallery-icon landscape'>\r\n                <a href='https:\/\/www.supercars.net\/blog\/wp-content\/uploads\/2014\/07\/DSC_7069-7.jpg' class='tipi-lightbox'>\r\n\t\t\t\t<a href='https:\/\/www.supercars.net\/blog\/wp-content\/uploads\/2014\/07\/DSC_7069-7.jpg'><img decoding=\"async\" width=\"800\" height=\"533\" src=\"https:\/\/www.supercars.net\/blog\/wp-content\/uploads\/2014\/07\/DSC_7069-7.jpg\" class=\"attachment-full size-full\" alt=\"\" srcset=\"https:\/\/www.supercars.net\/blog\/wp-content\/uploads\/2014\/07\/DSC_7069-7.jpg 800w, https:\/\/www.supercars.net\/blog\/wp-content\/uploads\/2014\/07\/DSC_7069-7-300x200.jpg 300w, https:\/\/www.supercars.net\/blog\/wp-content\/uploads\/2014\/07\/DSC_7069-7-100x67.jpg 100w, https:\/\/www.supercars.net\/blog\/wp-content\/uploads\/2014\/07\/DSC_7069-7-770x513.jpg 770w, https:\/\/www.supercars.net\/blog\/wp-content\/uploads\/2014\/07\/DSC_7069-7-360x240.jpg 360w, https:\/\/www.supercars.net\/blog\/wp-content\/uploads\/2014\/07\/DSC_7069-7-370x247.jpg 370w, https:\/\/www.supercars.net\/blog\/wp-content\/uploads\/2014\/07\/DSC_7069-7-293x195.jpg 293w\" sizes=\"(max-width: 800px) 100vw, 800px\" \/><\/a>\r\n\t\t\t\t<\/a>\r\n            <\/div>\r\n                <div class='wp-caption-text gallery-caption'>\r\n                Le Mans Classic 2014 &#8211; 1972 to 1979 Race\r\n                <\/div><\/figure><figure class='gallery-item'>\r\n            <div class='gallery-icon portrait'>\r\n                <a href='https:\/\/www.supercars.net\/blog\/wp-content\/uploads\/2014\/07\/DSC_7070-3.jpg' class='tipi-lightbox'>\r\n\t\t\t\t<a href='https:\/\/www.supercars.net\/blog\/wp-content\/uploads\/2014\/07\/DSC_7070-3.jpg'><img decoding=\"async\" width=\"533\" height=\"800\" src=\"https:\/\/www.supercars.net\/blog\/wp-content\/uploads\/2014\/07\/DSC_7070-3.jpg\" class=\"attachment-full size-full\" alt=\"\" srcset=\"https:\/\/www.supercars.net\/blog\/wp-content\/uploads\/2014\/07\/DSC_7070-3.jpg 533w, https:\/\/www.supercars.net\/blog\/wp-content\/uploads\/2014\/07\/DSC_7070-3-200x300.jpg 200w, https:\/\/www.supercars.net\/blog\/wp-content\/uploads\/2014\/07\/DSC_7070-3-67x100.jpg 67w, https:\/\/www.supercars.net\/blog\/wp-content\/uploads\/2014\/07\/DSC_7070-3-293x440.jpg 293w\" sizes=\"(max-width: 533px) 100vw, 533px\" \/><\/a>\r\n\t\t\t\t<\/a>\r\n            <\/div>\r\n                <div class='wp-caption-text gallery-caption'>\r\n                Porsche 935\r\n                <\/div><\/figure><figure class='gallery-item'>\r\n            <div class='gallery-icon landscape'>\r\n                <a href='https:\/\/www.supercars.net\/blog\/wp-content\/uploads\/2014\/07\/DSC_7074-3.jpg' class='tipi-lightbox'>\r\n\t\t\t\t<a href='https:\/\/www.supercars.net\/blog\/wp-content\/uploads\/2014\/07\/DSC_7074-3.jpg'><img decoding=\"async\" width=\"800\" height=\"533\" src=\"https:\/\/www.supercars.net\/blog\/wp-content\/uploads\/2014\/07\/DSC_7074-3.jpg\" class=\"attachment-full size-full\" alt=\"\" srcset=\"https:\/\/www.supercars.net\/blog\/wp-content\/uploads\/2014\/07\/DSC_7074-3.jpg 800w, https:\/\/www.supercars.net\/blog\/wp-content\/uploads\/2014\/07\/DSC_7074-3-300x200.jpg 300w, https:\/\/www.supercars.net\/blog\/wp-content\/uploads\/2014\/07\/DSC_7074-3-100x67.jpg 100w, https:\/\/www.supercars.net\/blog\/wp-content\/uploads\/2014\/07\/DSC_7074-3-770x513.jpg 770w, https:\/\/www.supercars.net\/blog\/wp-content\/uploads\/2014\/07\/DSC_7074-3-360x240.jpg 360w, https:\/\/www.supercars.net\/blog\/wp-content\/uploads\/2014\/07\/DSC_7074-3-370x247.jpg 370w, https:\/\/www.supercars.net\/blog\/wp-content\/uploads\/2014\/07\/DSC_7074-3-293x195.jpg 293w\" sizes=\"(max-width: 800px) 100vw, 800px\" \/><\/a>\r\n\t\t\t\t<\/a>\r\n            <\/div>\r\n                <div class='wp-caption-text gallery-caption'>\r\n                1977 Porsche 935 K3\r\n                <\/div><\/figure><figure class='gallery-item'>\r\n            <div class='gallery-icon landscape'>\r\n                <a href='https:\/\/www.supercars.net\/blog\/wp-content\/uploads\/2014\/07\/DSC_7077-1-1.jpg' class='tipi-lightbox'>\r\n\t\t\t\t<a href='https:\/\/www.supercars.net\/blog\/wp-content\/uploads\/2014\/07\/DSC_7077-1-1.jpg'><img decoding=\"async\" width=\"800\" height=\"533\" src=\"https:\/\/www.supercars.net\/blog\/wp-content\/uploads\/2014\/07\/DSC_7077-1-1.jpg\" class=\"attachment-full size-full\" alt=\"\" srcset=\"https:\/\/www.supercars.net\/blog\/wp-content\/uploads\/2014\/07\/DSC_7077-1-1.jpg 800w, https:\/\/www.supercars.net\/blog\/wp-content\/uploads\/2014\/07\/DSC_7077-1-1-300x200.jpg 300w, https:\/\/www.supercars.net\/blog\/wp-content\/uploads\/2014\/07\/DSC_7077-1-1-100x67.jpg 100w, https:\/\/www.supercars.net\/blog\/wp-content\/uploads\/2014\/07\/DSC_7077-1-1-770x513.jpg 770w, https:\/\/www.supercars.net\/blog\/wp-content\/uploads\/2014\/07\/DSC_7077-1-1-360x240.jpg 360w, https:\/\/www.supercars.net\/blog\/wp-content\/uploads\/2014\/07\/DSC_7077-1-1-370x247.jpg 370w, https:\/\/www.supercars.net\/blog\/wp-content\/uploads\/2014\/07\/DSC_7077-1-1-293x195.jpg 293w\" sizes=\"(max-width: 800px) 100vw, 800px\" \/><\/a>\r\n\t\t\t\t<\/a>\r\n            <\/div>\r\n                <div class='wp-caption-text gallery-caption'>\r\n                Le Mans Classic 2014 &#8211; 1972 to 1979 Race\r\n                <\/div><\/figure><figure class='gallery-item'>\r\n            <div class='gallery-icon landscape'>\r\n                <a href='https:\/\/www.supercars.net\/blog\/wp-content\/uploads\/2014\/07\/DSC_7082-1.jpg' class='tipi-lightbox'>\r\n\t\t\t\t<a href='https:\/\/www.supercars.net\/blog\/wp-content\/uploads\/2014\/07\/DSC_7082-1.jpg'><img decoding=\"async\" width=\"800\" height=\"533\" src=\"https:\/\/www.supercars.net\/blog\/wp-content\/uploads\/2014\/07\/DSC_7082-1.jpg\" class=\"attachment-full size-full\" alt=\"\" srcset=\"https:\/\/www.supercars.net\/blog\/wp-content\/uploads\/2014\/07\/DSC_7082-1.jpg 800w, https:\/\/www.supercars.net\/blog\/wp-content\/uploads\/2014\/07\/DSC_7082-1-300x200.jpg 300w, https:\/\/www.supercars.net\/blog\/wp-content\/uploads\/2014\/07\/DSC_7082-1-100x67.jpg 100w, https:\/\/www.supercars.net\/blog\/wp-content\/uploads\/2014\/07\/DSC_7082-1-770x513.jpg 770w, https:\/\/www.supercars.net\/blog\/wp-content\/uploads\/2014\/07\/DSC_7082-1-360x240.jpg 360w, https:\/\/www.supercars.net\/blog\/wp-content\/uploads\/2014\/07\/DSC_7082-1-370x247.jpg 370w, https:\/\/www.supercars.net\/blog\/wp-content\/uploads\/2014\/07\/DSC_7082-1-293x195.jpg 293w\" sizes=\"(max-width: 800px) 100vw, 800px\" \/><\/a>\r\n\t\t\t\t<\/a>\r\n            <\/div>\r\n                <div class='wp-caption-text gallery-caption'>\r\n                Ferrari 512 BB LM\r\n                <\/div><\/figure><figure class='gallery-item'>\r\n            <div class='gallery-icon landscape'>\r\n                <a href='https:\/\/www.supercars.net\/blog\/wp-content\/uploads\/2014\/07\/DSC_7083-1-1.jpg' class='tipi-lightbox'>\r\n\t\t\t\t<a href='https:\/\/www.supercars.net\/blog\/wp-content\/uploads\/2014\/07\/DSC_7083-1-1.jpg'><img decoding=\"async\" width=\"800\" height=\"533\" src=\"https:\/\/www.supercars.net\/blog\/wp-content\/uploads\/2014\/07\/DSC_7083-1-1.jpg\" class=\"attachment-full size-full\" alt=\"\" srcset=\"https:\/\/www.supercars.net\/blog\/wp-content\/uploads\/2014\/07\/DSC_7083-1-1.jpg 800w, https:\/\/www.supercars.net\/blog\/wp-content\/uploads\/2014\/07\/DSC_7083-1-1-300x200.jpg 300w, https:\/\/www.supercars.net\/blog\/wp-content\/uploads\/2014\/07\/DSC_7083-1-1-100x67.jpg 100w, https:\/\/www.supercars.net\/blog\/wp-content\/uploads\/2014\/07\/DSC_7083-1-1-770x513.jpg 770w, https:\/\/www.supercars.net\/blog\/wp-content\/uploads\/2014\/07\/DSC_7083-1-1-360x240.jpg 360w, https:\/\/www.supercars.net\/blog\/wp-content\/uploads\/2014\/07\/DSC_7083-1-1-370x247.jpg 370w, https:\/\/www.supercars.net\/blog\/wp-content\/uploads\/2014\/07\/DSC_7083-1-1-293x195.jpg 293w\" sizes=\"(max-width: 800px) 100vw, 800px\" \/><\/a>\r\n\t\t\t\t<\/a>\r\n            <\/div>\r\n                <div class='wp-caption-text gallery-caption'>\r\n                Ferrari 512 BB LM\r\n                <\/div><\/figure><figure class='gallery-item'>\r\n            <div class='gallery-icon landscape'>\r\n                <a href='https:\/\/www.supercars.net\/blog\/wp-content\/uploads\/2014\/07\/DSC_7086-2.jpg' class='tipi-lightbox'>\r\n\t\t\t\t<a href='https:\/\/www.supercars.net\/blog\/wp-content\/uploads\/2014\/07\/DSC_7086-2.jpg'><img decoding=\"async\" width=\"800\" height=\"533\" src=\"https:\/\/www.supercars.net\/blog\/wp-content\/uploads\/2014\/07\/DSC_7086-2.jpg\" class=\"attachment-full size-full\" alt=\"\" srcset=\"https:\/\/www.supercars.net\/blog\/wp-content\/uploads\/2014\/07\/DSC_7086-2.jpg 800w, https:\/\/www.supercars.net\/blog\/wp-content\/uploads\/2014\/07\/DSC_7086-2-300x200.jpg 300w, https:\/\/www.supercars.net\/blog\/wp-content\/uploads\/2014\/07\/DSC_7086-2-100x67.jpg 100w, https:\/\/www.supercars.net\/blog\/wp-content\/uploads\/2014\/07\/DSC_7086-2-770x513.jpg 770w, https:\/\/www.supercars.net\/blog\/wp-content\/uploads\/2014\/07\/DSC_7086-2-360x240.jpg 360w, https:\/\/www.supercars.net\/blog\/wp-content\/uploads\/2014\/07\/DSC_7086-2-370x247.jpg 370w, https:\/\/www.supercars.net\/blog\/wp-content\/uploads\/2014\/07\/DSC_7086-2-293x195.jpg 293w\" sizes=\"(max-width: 800px) 100vw, 800px\" \/><\/a>\r\n\t\t\t\t<\/a>\r\n            <\/div>\r\n                <div class='wp-caption-text gallery-caption'>\r\n                1973 Porsche 911 Carrera RS 2.8\r\n                <\/div><\/figure><figure class='gallery-item'>\r\n            <div class='gallery-icon landscape'>\r\n                <a href='https:\/\/www.supercars.net\/blog\/wp-content\/uploads\/2014\/07\/DSC_7087-2.jpg' class='tipi-lightbox'>\r\n\t\t\t\t<a href='https:\/\/www.supercars.net\/blog\/wp-content\/uploads\/2014\/07\/DSC_7087-2.jpg'><img decoding=\"async\" width=\"800\" height=\"533\" src=\"https:\/\/www.supercars.net\/blog\/wp-content\/uploads\/2014\/07\/DSC_7087-2.jpg\" class=\"attachment-full size-full\" alt=\"\" srcset=\"https:\/\/www.supercars.net\/blog\/wp-content\/uploads\/2014\/07\/DSC_7087-2.jpg 800w, https:\/\/www.supercars.net\/blog\/wp-content\/uploads\/2014\/07\/DSC_7087-2-300x200.jpg 300w, https:\/\/www.supercars.net\/blog\/wp-content\/uploads\/2014\/07\/DSC_7087-2-100x67.jpg 100w, https:\/\/www.supercars.net\/blog\/wp-content\/uploads\/2014\/07\/DSC_7087-2-770x513.jpg 770w, https:\/\/www.supercars.net\/blog\/wp-content\/uploads\/2014\/07\/DSC_7087-2-360x240.jpg 360w, https:\/\/www.supercars.net\/blog\/wp-content\/uploads\/2014\/07\/DSC_7087-2-370x247.jpg 370w, https:\/\/www.supercars.net\/blog\/wp-content\/uploads\/2014\/07\/DSC_7087-2-293x195.jpg 293w\" sizes=\"(max-width: 800px) 100vw, 800px\" \/><\/a>\r\n\t\t\t\t<\/a>\r\n            <\/div>\r\n                <div class='wp-caption-text gallery-caption'>\r\n                Porsche 935\r\n                <\/div><\/figure><figure class='gallery-item'>\r\n            <div class='gallery-icon landscape'>\r\n                <a href='https:\/\/www.supercars.net\/blog\/wp-content\/uploads\/2014\/07\/DSC_7088-5.jpg' class='tipi-lightbox'>\r\n\t\t\t\t<a href='https:\/\/www.supercars.net\/blog\/wp-content\/uploads\/2014\/07\/DSC_7088-5.jpg'><img decoding=\"async\" width=\"800\" height=\"533\" src=\"https:\/\/www.supercars.net\/blog\/wp-content\/uploads\/2014\/07\/DSC_7088-5.jpg\" class=\"attachment-full size-full\" alt=\"\" srcset=\"https:\/\/www.supercars.net\/blog\/wp-content\/uploads\/2014\/07\/DSC_7088-5.jpg 800w, https:\/\/www.supercars.net\/blog\/wp-content\/uploads\/2014\/07\/DSC_7088-5-300x200.jpg 300w, https:\/\/www.supercars.net\/blog\/wp-content\/uploads\/2014\/07\/DSC_7088-5-100x67.jpg 100w, https:\/\/www.supercars.net\/blog\/wp-content\/uploads\/2014\/07\/DSC_7088-5-770x513.jpg 770w, https:\/\/www.supercars.net\/blog\/wp-content\/uploads\/2014\/07\/DSC_7088-5-360x240.jpg 360w, https:\/\/www.supercars.net\/blog\/wp-content\/uploads\/2014\/07\/DSC_7088-5-370x247.jpg 370w, https:\/\/www.supercars.net\/blog\/wp-content\/uploads\/2014\/07\/DSC_7088-5-293x195.jpg 293w\" sizes=\"(max-width: 800px) 100vw, 800px\" \/><\/a>\r\n\t\t\t\t<\/a>\r\n            <\/div>\r\n                <div class='wp-caption-text gallery-caption'>\r\n                Ferrari 512 BB LM\r\n                <\/div><\/figure><figure class='gallery-item'>\r\n            <div class='gallery-icon landscape'>\r\n                <a href='https:\/\/www.supercars.net\/blog\/wp-content\/uploads\/2014\/07\/DSC_7090-5.jpg' class='tipi-lightbox'>\r\n\t\t\t\t<a href='https:\/\/www.supercars.net\/blog\/wp-content\/uploads\/2014\/07\/DSC_7090-5.jpg'><img decoding=\"async\" width=\"800\" height=\"533\" src=\"https:\/\/www.supercars.net\/blog\/wp-content\/uploads\/2014\/07\/DSC_7090-5.jpg\" class=\"attachment-full size-full\" alt=\"\" srcset=\"https:\/\/www.supercars.net\/blog\/wp-content\/uploads\/2014\/07\/DSC_7090-5.jpg 800w, https:\/\/www.supercars.net\/blog\/wp-content\/uploads\/2014\/07\/DSC_7090-5-300x200.jpg 300w, https:\/\/www.supercars.net\/blog\/wp-content\/uploads\/2014\/07\/DSC_7090-5-100x67.jpg 100w, https:\/\/www.supercars.net\/blog\/wp-content\/uploads\/2014\/07\/DSC_7090-5-770x513.jpg 770w, https:\/\/www.supercars.net\/blog\/wp-content\/uploads\/2014\/07\/DSC_7090-5-360x240.jpg 360w, https:\/\/www.supercars.net\/blog\/wp-content\/uploads\/2014\/07\/DSC_7090-5-370x247.jpg 370w, https:\/\/www.supercars.net\/blog\/wp-content\/uploads\/2014\/07\/DSC_7090-5-293x195.jpg 293w\" sizes=\"(max-width: 800px) 100vw, 800px\" \/><\/a>\r\n\t\t\t\t<\/a>\r\n            <\/div>\r\n                <div class='wp-caption-text gallery-caption'>\r\n                Porsche 935\r\n                <\/div><\/figure><figure class='gallery-item'>\r\n            <div class='gallery-icon landscape'>\r\n                <a href='https:\/\/www.supercars.net\/blog\/wp-content\/uploads\/2014\/07\/DSC_7093-5.jpg' class='tipi-lightbox'>\r\n\t\t\t\t<a href='https:\/\/www.supercars.net\/blog\/wp-content\/uploads\/2014\/07\/DSC_7093-5.jpg'><img decoding=\"async\" width=\"800\" height=\"533\" src=\"https:\/\/www.supercars.net\/blog\/wp-content\/uploads\/2014\/07\/DSC_7093-5.jpg\" class=\"attachment-full size-full\" alt=\"\" srcset=\"https:\/\/www.supercars.net\/blog\/wp-content\/uploads\/2014\/07\/DSC_7093-5.jpg 800w, https:\/\/www.supercars.net\/blog\/wp-content\/uploads\/2014\/07\/DSC_7093-5-300x200.jpg 300w, https:\/\/www.supercars.net\/blog\/wp-content\/uploads\/2014\/07\/DSC_7093-5-100x67.jpg 100w, https:\/\/www.supercars.net\/blog\/wp-content\/uploads\/2014\/07\/DSC_7093-5-770x513.jpg 770w, https:\/\/www.supercars.net\/blog\/wp-content\/uploads\/2014\/07\/DSC_7093-5-360x240.jpg 360w, https:\/\/www.supercars.net\/blog\/wp-content\/uploads\/2014\/07\/DSC_7093-5-370x247.jpg 370w, https:\/\/www.supercars.net\/blog\/wp-content\/uploads\/2014\/07\/DSC_7093-5-293x195.jpg 293w\" sizes=\"(max-width: 800px) 100vw, 800px\" \/><\/a>\r\n\t\t\t\t<\/a>\r\n            <\/div>\r\n                <div class='wp-caption-text gallery-caption'>\r\n                Le Mans Classic 2014 &#8211; 1972 to 1979 Race\r\n                <\/div><\/figure><figure class='gallery-item'>\r\n            <div class='gallery-icon landscape'>\r\n                <a href='https:\/\/www.supercars.net\/blog\/wp-content\/uploads\/2014\/07\/DSC_7095-1-1.jpg' class='tipi-lightbox'>\r\n\t\t\t\t<a href='https:\/\/www.supercars.net\/blog\/wp-content\/uploads\/2014\/07\/DSC_7095-1-1.jpg'><img decoding=\"async\" width=\"800\" height=\"533\" src=\"https:\/\/www.supercars.net\/blog\/wp-content\/uploads\/2014\/07\/DSC_7095-1-1.jpg\" class=\"attachment-full size-full\" alt=\"\" srcset=\"https:\/\/www.supercars.net\/blog\/wp-content\/uploads\/2014\/07\/DSC_7095-1-1.jpg 800w, https:\/\/www.supercars.net\/blog\/wp-content\/uploads\/2014\/07\/DSC_7095-1-1-300x200.jpg 300w, https:\/\/www.supercars.net\/blog\/wp-content\/uploads\/2014\/07\/DSC_7095-1-1-100x67.jpg 100w, https:\/\/www.supercars.net\/blog\/wp-content\/uploads\/2014\/07\/DSC_7095-1-1-770x513.jpg 770w, https:\/\/www.supercars.net\/blog\/wp-content\/uploads\/2014\/07\/DSC_7095-1-1-360x240.jpg 360w, https:\/\/www.supercars.net\/blog\/wp-content\/uploads\/2014\/07\/DSC_7095-1-1-370x247.jpg 370w, https:\/\/www.supercars.net\/blog\/wp-content\/uploads\/2014\/07\/DSC_7095-1-1-293x195.jpg 293w\" sizes=\"(max-width: 800px) 100vw, 800px\" \/><\/a>\r\n\t\t\t\t<\/a>\r\n            <\/div>\r\n                <div class='wp-caption-text gallery-caption'>\r\n                Porsche 935\r\n                <\/div><\/figure><figure class='gallery-item'>\r\n            <div class='gallery-icon portrait'>\r\n                <a href='https:\/\/www.supercars.net\/blog\/wp-content\/uploads\/2014\/07\/DSC_7096-1-2.jpg' class='tipi-lightbox'>\r\n\t\t\t\t<a href='https:\/\/www.supercars.net\/blog\/wp-content\/uploads\/2014\/07\/DSC_7096-1-2.jpg'><img decoding=\"async\" width=\"533\" height=\"800\" src=\"https:\/\/www.supercars.net\/blog\/wp-content\/uploads\/2014\/07\/DSC_7096-1-2.jpg\" class=\"attachment-full size-full\" alt=\"\" srcset=\"https:\/\/www.supercars.net\/blog\/wp-content\/uploads\/2014\/07\/DSC_7096-1-2.jpg 533w, https:\/\/www.supercars.net\/blog\/wp-content\/uploads\/2014\/07\/DSC_7096-1-2-200x300.jpg 200w, https:\/\/www.supercars.net\/blog\/wp-content\/uploads\/2014\/07\/DSC_7096-1-2-67x100.jpg 67w, https:\/\/www.supercars.net\/blog\/wp-content\/uploads\/2014\/07\/DSC_7096-1-2-293x440.jpg 293w\" sizes=\"(max-width: 533px) 100vw, 533px\" \/><\/a>\r\n\t\t\t\t<\/a>\r\n            <\/div>\r\n                <div class='wp-caption-text gallery-caption'>\r\n                Porsche 935\r\n                <\/div><\/figure><figure class='gallery-item'>\r\n            <div class='gallery-icon landscape'>\r\n                <a href='https:\/\/www.supercars.net\/blog\/wp-content\/uploads\/2014\/07\/DSC_7097-1-1.jpg' class='tipi-lightbox'>\r\n\t\t\t\t<a href='https:\/\/www.supercars.net\/blog\/wp-content\/uploads\/2014\/07\/DSC_7097-1-1.jpg'><img decoding=\"async\" width=\"800\" height=\"533\" src=\"https:\/\/www.supercars.net\/blog\/wp-content\/uploads\/2014\/07\/DSC_7097-1-1.jpg\" class=\"attachment-full size-full\" alt=\"\" srcset=\"https:\/\/www.supercars.net\/blog\/wp-content\/uploads\/2014\/07\/DSC_7097-1-1.jpg 800w, https:\/\/www.supercars.net\/blog\/wp-content\/uploads\/2014\/07\/DSC_7097-1-1-300x200.jpg 300w, https:\/\/www.supercars.net\/blog\/wp-content\/uploads\/2014\/07\/DSC_7097-1-1-100x67.jpg 100w, https:\/\/www.supercars.net\/blog\/wp-content\/uploads\/2014\/07\/DSC_7097-1-1-770x513.jpg 770w, https:\/\/www.supercars.net\/blog\/wp-content\/uploads\/2014\/07\/DSC_7097-1-1-360x240.jpg 360w, https:\/\/www.supercars.net\/blog\/wp-content\/uploads\/2014\/07\/DSC_7097-1-1-370x247.jpg 370w, https:\/\/www.supercars.net\/blog\/wp-content\/uploads\/2014\/07\/DSC_7097-1-1-293x195.jpg 293w\" sizes=\"(max-width: 800px) 100vw, 800px\" \/><\/a>\r\n\t\t\t\t<\/a>\r\n            <\/div>\r\n                <div class='wp-caption-text gallery-caption'>\r\n                1975 De Cadenet Lola T380 DFV and 1974 Porsche 911 RSR 3.0\r\n                <\/div><\/figure><figure class='gallery-item'>\r\n            <div class='gallery-icon portrait'>\r\n                <a href='https:\/\/www.supercars.net\/blog\/wp-content\/uploads\/2014\/07\/DSC_7102-1-2.jpg' class='tipi-lightbox'>\r\n\t\t\t\t<a href='https:\/\/www.supercars.net\/blog\/wp-content\/uploads\/2014\/07\/DSC_7102-1-2.jpg'><img decoding=\"async\" width=\"533\" height=\"800\" src=\"https:\/\/www.supercars.net\/blog\/wp-content\/uploads\/2014\/07\/DSC_7102-1-2.jpg\" class=\"attachment-full size-full\" alt=\"\" srcset=\"https:\/\/www.supercars.net\/blog\/wp-content\/uploads\/2014\/07\/DSC_7102-1-2.jpg 533w, https:\/\/www.supercars.net\/blog\/wp-content\/uploads\/2014\/07\/DSC_7102-1-2-200x300.jpg 200w, https:\/\/www.supercars.net\/blog\/wp-content\/uploads\/2014\/07\/DSC_7102-1-2-67x100.jpg 67w, https:\/\/www.supercars.net\/blog\/wp-content\/uploads\/2014\/07\/DSC_7102-1-2-293x440.jpg 293w\" sizes=\"(max-width: 533px) 100vw, 533px\" \/><\/a>\r\n\t\t\t\t<\/a>\r\n            <\/div>\r\n                <div class='wp-caption-text gallery-caption'>\r\n                Le Mans Classic 2014 &#8211; 1972 to 1979 Race\r\n                <\/div><\/figure><figure class='gallery-item'>\r\n            <div class='gallery-icon landscape'>\r\n                <a href='https:\/\/www.supercars.net\/blog\/wp-content\/uploads\/2014\/07\/DSC_7103-1-1.jpg' class='tipi-lightbox'>\r\n\t\t\t\t<a href='https:\/\/www.supercars.net\/blog\/wp-content\/uploads\/2014\/07\/DSC_7103-1-1.jpg'><img decoding=\"async\" width=\"800\" height=\"533\" src=\"https:\/\/www.supercars.net\/blog\/wp-content\/uploads\/2014\/07\/DSC_7103-1-1.jpg\" class=\"attachment-full size-full\" alt=\"\" srcset=\"https:\/\/www.supercars.net\/blog\/wp-content\/uploads\/2014\/07\/DSC_7103-1-1.jpg 800w, https:\/\/www.supercars.net\/blog\/wp-content\/uploads\/2014\/07\/DSC_7103-1-1-300x200.jpg 300w, https:\/\/www.supercars.net\/blog\/wp-content\/uploads\/2014\/07\/DSC_7103-1-1-100x67.jpg 100w, https:\/\/www.supercars.net\/blog\/wp-content\/uploads\/2014\/07\/DSC_7103-1-1-770x513.jpg 770w, https:\/\/www.supercars.net\/blog\/wp-content\/uploads\/2014\/07\/DSC_7103-1-1-360x240.jpg 360w, https:\/\/www.supercars.net\/blog\/wp-content\/uploads\/2014\/07\/DSC_7103-1-1-370x247.jpg 370w, https:\/\/www.supercars.net\/blog\/wp-content\/uploads\/2014\/07\/DSC_7103-1-1-293x195.jpg 293w\" sizes=\"(max-width: 800px) 100vw, 800px\" \/><\/a>\r\n\t\t\t\t<\/a>\r\n            <\/div>\r\n                <div class='wp-caption-text gallery-caption'>\r\n                Ferrari 512 BB LM\r\n                <\/div><\/figure><figure class='gallery-item'>\r\n            <div class='gallery-icon landscape'>\r\n                <a href='https:\/\/www.supercars.net\/blog\/wp-content\/uploads\/2014\/07\/DSC_7106-3.jpg' class='tipi-lightbox'>\r\n\t\t\t\t<a href='https:\/\/www.supercars.net\/blog\/wp-content\/uploads\/2014\/07\/DSC_7106-3.jpg'><img decoding=\"async\" width=\"800\" height=\"533\" src=\"https:\/\/www.supercars.net\/blog\/wp-content\/uploads\/2014\/07\/DSC_7106-3.jpg\" class=\"attachment-full size-full\" alt=\"\" srcset=\"https:\/\/www.supercars.net\/blog\/wp-content\/uploads\/2014\/07\/DSC_7106-3.jpg 800w, https:\/\/www.supercars.net\/blog\/wp-content\/uploads\/2014\/07\/DSC_7106-3-300x200.jpg 300w, https:\/\/www.supercars.net\/blog\/wp-content\/uploads\/2014\/07\/DSC_7106-3-100x67.jpg 100w, https:\/\/www.supercars.net\/blog\/wp-content\/uploads\/2014\/07\/DSC_7106-3-770x513.jpg 770w, https:\/\/www.supercars.net\/blog\/wp-content\/uploads\/2014\/07\/DSC_7106-3-360x240.jpg 360w, https:\/\/www.supercars.net\/blog\/wp-content\/uploads\/2014\/07\/DSC_7106-3-370x247.jpg 370w, https:\/\/www.supercars.net\/blog\/wp-content\/uploads\/2014\/07\/DSC_7106-3-293x195.jpg 293w\" sizes=\"(max-width: 800px) 100vw, 800px\" \/><\/a>\r\n\t\t\t\t<\/a>\r\n            <\/div>\r\n                <div class='wp-caption-text gallery-caption'>\r\n                1973 Porsche 911 Carrera RS 2.8\r\n                <\/div><\/figure><figure class='gallery-item'>\r\n            <div class='gallery-icon landscape'>\r\n                <a href='https:\/\/www.supercars.net\/blog\/wp-content\/uploads\/2014\/07\/DSC_7107-1-2.jpg' class='tipi-lightbox'>\r\n\t\t\t\t<a href='https:\/\/www.supercars.net\/blog\/wp-content\/uploads\/2014\/07\/DSC_7107-1-2.jpg'><img decoding=\"async\" width=\"800\" height=\"533\" src=\"https:\/\/www.supercars.net\/blog\/wp-content\/uploads\/2014\/07\/DSC_7107-1-2.jpg\" class=\"attachment-full size-full\" alt=\"\" srcset=\"https:\/\/www.supercars.net\/blog\/wp-content\/uploads\/2014\/07\/DSC_7107-1-2.jpg 800w, https:\/\/www.supercars.net\/blog\/wp-content\/uploads\/2014\/07\/DSC_7107-1-2-300x200.jpg 300w, https:\/\/www.supercars.net\/blog\/wp-content\/uploads\/2014\/07\/DSC_7107-1-2-100x67.jpg 100w, https:\/\/www.supercars.net\/blog\/wp-content\/uploads\/2014\/07\/DSC_7107-1-2-770x513.jpg 770w, https:\/\/www.supercars.net\/blog\/wp-content\/uploads\/2014\/07\/DSC_7107-1-2-360x240.jpg 360w, https:\/\/www.supercars.net\/blog\/wp-content\/uploads\/2014\/07\/DSC_7107-1-2-370x247.jpg 370w, https:\/\/www.supercars.net\/blog\/wp-content\/uploads\/2014\/07\/DSC_7107-1-2-293x195.jpg 293w\" sizes=\"(max-width: 800px) 100vw, 800px\" \/><\/a>\r\n\t\t\t\t<\/a>\r\n            <\/div>\r\n                <div class='wp-caption-text gallery-caption'>\r\n                1977 Porsche 935\r\n                <\/div><\/figure><figure class='gallery-item'>\r\n            <div class='gallery-icon landscape'>\r\n                <a href='https:\/\/www.supercars.net\/blog\/wp-content\/uploads\/2014\/07\/DSC_7108-6.jpg' class='tipi-lightbox'>\r\n\t\t\t\t<a href='https:\/\/www.supercars.net\/blog\/wp-content\/uploads\/2014\/07\/DSC_7108-6.jpg'><img decoding=\"async\" width=\"800\" height=\"533\" src=\"https:\/\/www.supercars.net\/blog\/wp-content\/uploads\/2014\/07\/DSC_7108-6.jpg\" class=\"attachment-full size-full\" alt=\"\" srcset=\"https:\/\/www.supercars.net\/blog\/wp-content\/uploads\/2014\/07\/DSC_7108-6.jpg 800w, https:\/\/www.supercars.net\/blog\/wp-content\/uploads\/2014\/07\/DSC_7108-6-300x200.jpg 300w, https:\/\/www.supercars.net\/blog\/wp-content\/uploads\/2014\/07\/DSC_7108-6-100x67.jpg 100w, https:\/\/www.supercars.net\/blog\/wp-content\/uploads\/2014\/07\/DSC_7108-6-770x513.jpg 770w, https:\/\/www.supercars.net\/blog\/wp-content\/uploads\/2014\/07\/DSC_7108-6-360x240.jpg 360w, https:\/\/www.supercars.net\/blog\/wp-content\/uploads\/2014\/07\/DSC_7108-6-370x247.jpg 370w, https:\/\/www.supercars.net\/blog\/wp-content\/uploads\/2014\/07\/DSC_7108-6-293x195.jpg 293w\" sizes=\"(max-width: 800px) 100vw, 800px\" \/><\/a>\r\n\t\t\t\t<\/a>\r\n            <\/div>\r\n                <div class='wp-caption-text gallery-caption'>\r\n                Le Mans Classic 2014 &#8211; 1972 to 1979 Race\r\n                <\/div><\/figure><figure class='gallery-item'>\r\n            <div class='gallery-icon landscape'>\r\n                <a href='https:\/\/www.supercars.net\/blog\/wp-content\/uploads\/2014\/07\/DSC_7111-1-1.jpg' class='tipi-lightbox'>\r\n\t\t\t\t<a href='https:\/\/www.supercars.net\/blog\/wp-content\/uploads\/2014\/07\/DSC_7111-1-1.jpg'><img decoding=\"async\" width=\"800\" height=\"533\" src=\"https:\/\/www.supercars.net\/blog\/wp-content\/uploads\/2014\/07\/DSC_7111-1-1.jpg\" class=\"attachment-full size-full\" alt=\"\" srcset=\"https:\/\/www.supercars.net\/blog\/wp-content\/uploads\/2014\/07\/DSC_7111-1-1.jpg 800w, https:\/\/www.supercars.net\/blog\/wp-content\/uploads\/2014\/07\/DSC_7111-1-1-300x200.jpg 300w, https:\/\/www.supercars.net\/blog\/wp-content\/uploads\/2014\/07\/DSC_7111-1-1-100x67.jpg 100w, https:\/\/www.supercars.net\/blog\/wp-content\/uploads\/2014\/07\/DSC_7111-1-1-770x513.jpg 770w, https:\/\/www.supercars.net\/blog\/wp-content\/uploads\/2014\/07\/DSC_7111-1-1-360x240.jpg 360w, https:\/\/www.supercars.net\/blog\/wp-content\/uploads\/2014\/07\/DSC_7111-1-1-370x247.jpg 370w, https:\/\/www.supercars.net\/blog\/wp-content\/uploads\/2014\/07\/DSC_7111-1-1-293x195.jpg 293w\" sizes=\"(max-width: 800px) 100vw, 800px\" \/><\/a>\r\n\t\t\t\t<\/a>\r\n            <\/div>\r\n                <div class='wp-caption-text gallery-caption'>\r\n                Le Mans Classic 2014 &#8211; 1972 to 1979 Race\r\n                <\/div><\/figure><figure class='gallery-item'>\r\n            <div class='gallery-icon landscape'>\r\n                <a href='https:\/\/www.supercars.net\/blog\/wp-content\/uploads\/2014\/07\/DSC_7112-2.jpg' class='tipi-lightbox'>\r\n\t\t\t\t<a href='https:\/\/www.supercars.net\/blog\/wp-content\/uploads\/2014\/07\/DSC_7112-2.jpg'><img decoding=\"async\" width=\"800\" height=\"533\" src=\"https:\/\/www.supercars.net\/blog\/wp-content\/uploads\/2014\/07\/DSC_7112-2.jpg\" class=\"attachment-full size-full\" alt=\"\" srcset=\"https:\/\/www.supercars.net\/blog\/wp-content\/uploads\/2014\/07\/DSC_7112-2.jpg 800w, https:\/\/www.supercars.net\/blog\/wp-content\/uploads\/2014\/07\/DSC_7112-2-300x200.jpg 300w, https:\/\/www.supercars.net\/blog\/wp-content\/uploads\/2014\/07\/DSC_7112-2-100x67.jpg 100w, https:\/\/www.supercars.net\/blog\/wp-content\/uploads\/2014\/07\/DSC_7112-2-770x513.jpg 770w, https:\/\/www.supercars.net\/blog\/wp-content\/uploads\/2014\/07\/DSC_7112-2-360x240.jpg 360w, https:\/\/www.supercars.net\/blog\/wp-content\/uploads\/2014\/07\/DSC_7112-2-370x247.jpg 370w, https:\/\/www.supercars.net\/blog\/wp-content\/uploads\/2014\/07\/DSC_7112-2-293x195.jpg 293w\" sizes=\"(max-width: 800px) 100vw, 800px\" \/><\/a>\r\n\t\t\t\t<\/a>\r\n            <\/div>\r\n                <div class='wp-caption-text gallery-caption'>\r\n                Le Mans Classic 2014 &#8211; 1972 to 1979 Race\r\n                <\/div><\/figure><figure class='gallery-item'>\r\n            <div class='gallery-icon landscape'>\r\n                <a href='https:\/\/www.supercars.net\/blog\/wp-content\/uploads\/2014\/07\/DSC_7113-4.jpg' class='tipi-lightbox'>\r\n\t\t\t\t<a href='https:\/\/www.supercars.net\/blog\/wp-content\/uploads\/2014\/07\/DSC_7113-4.jpg'><img decoding=\"async\" width=\"800\" height=\"533\" src=\"https:\/\/www.supercars.net\/blog\/wp-content\/uploads\/2014\/07\/DSC_7113-4.jpg\" class=\"attachment-full size-full\" alt=\"\" srcset=\"https:\/\/www.supercars.net\/blog\/wp-content\/uploads\/2014\/07\/DSC_7113-4.jpg 800w, https:\/\/www.supercars.net\/blog\/wp-content\/uploads\/2014\/07\/DSC_7113-4-300x200.jpg 300w, https:\/\/www.supercars.net\/blog\/wp-content\/uploads\/2014\/07\/DSC_7113-4-100x67.jpg 100w, https:\/\/www.supercars.net\/blog\/wp-content\/uploads\/2014\/07\/DSC_7113-4-770x513.jpg 770w, https:\/\/www.supercars.net\/blog\/wp-content\/uploads\/2014\/07\/DSC_7113-4-360x240.jpg 360w, https:\/\/www.supercars.net\/blog\/wp-content\/uploads\/2014\/07\/DSC_7113-4-370x247.jpg 370w, https:\/\/www.supercars.net\/blog\/wp-content\/uploads\/2014\/07\/DSC_7113-4-293x195.jpg 293w\" sizes=\"(max-width: 800px) 100vw, 800px\" \/><\/a>\r\n\t\t\t\t<\/a>\r\n            <\/div>\r\n                <div class='wp-caption-text gallery-caption'>\r\n                Ferrari 512 BB LM\r\n                <\/div><\/figure><figure class='gallery-item'>\r\n            <div class='gallery-icon landscape'>\r\n                <a href='https:\/\/www.supercars.net\/blog\/wp-content\/uploads\/2014\/07\/DSC_7114-5.jpg' class='tipi-lightbox'>\r\n\t\t\t\t<a href='https:\/\/www.supercars.net\/blog\/wp-content\/uploads\/2014\/07\/DSC_7114-5.jpg'><img decoding=\"async\" width=\"800\" height=\"533\" src=\"https:\/\/www.supercars.net\/blog\/wp-content\/uploads\/2014\/07\/DSC_7114-5.jpg\" class=\"attachment-full size-full\" alt=\"\" srcset=\"https:\/\/www.supercars.net\/blog\/wp-content\/uploads\/2014\/07\/DSC_7114-5.jpg 800w, https:\/\/www.supercars.net\/blog\/wp-content\/uploads\/2014\/07\/DSC_7114-5-300x200.jpg 300w, https:\/\/www.supercars.net\/blog\/wp-content\/uploads\/2014\/07\/DSC_7114-5-100x67.jpg 100w, https:\/\/www.supercars.net\/blog\/wp-content\/uploads\/2014\/07\/DSC_7114-5-770x513.jpg 770w, https:\/\/www.supercars.net\/blog\/wp-content\/uploads\/2014\/07\/DSC_7114-5-360x240.jpg 360w, https:\/\/www.supercars.net\/blog\/wp-content\/uploads\/2014\/07\/DSC_7114-5-370x247.jpg 370w, https:\/\/www.supercars.net\/blog\/wp-content\/uploads\/2014\/07\/DSC_7114-5-293x195.jpg 293w\" sizes=\"(max-width: 800px) 100vw, 800px\" \/><\/a>\r\n\t\t\t\t<\/a>\r\n            <\/div>\r\n                <div class='wp-caption-text gallery-caption'>\r\n                Porsche 935\r\n                <\/div><\/figure><figure class='gallery-item'>\r\n            <div class='gallery-icon landscape'>\r\n                <a href='https:\/\/www.supercars.net\/blog\/wp-content\/uploads\/2014\/07\/DSC_7116-5.jpg' class='tipi-lightbox'>\r\n\t\t\t\t<a href='https:\/\/www.supercars.net\/blog\/wp-content\/uploads\/2014\/07\/DSC_7116-5.jpg'><img decoding=\"async\" width=\"800\" height=\"533\" src=\"https:\/\/www.supercars.net\/blog\/wp-content\/uploads\/2014\/07\/DSC_7116-5.jpg\" class=\"attachment-full size-full\" alt=\"\" srcset=\"https:\/\/www.supercars.net\/blog\/wp-content\/uploads\/2014\/07\/DSC_7116-5.jpg 800w, https:\/\/www.supercars.net\/blog\/wp-content\/uploads\/2014\/07\/DSC_7116-5-300x200.jpg 300w, https:\/\/www.supercars.net\/blog\/wp-content\/uploads\/2014\/07\/DSC_7116-5-100x67.jpg 100w, https:\/\/www.supercars.net\/blog\/wp-content\/uploads\/2014\/07\/DSC_7116-5-770x513.jpg 770w, https:\/\/www.supercars.net\/blog\/wp-content\/uploads\/2014\/07\/DSC_7116-5-360x240.jpg 360w, https:\/\/www.supercars.net\/blog\/wp-content\/uploads\/2014\/07\/DSC_7116-5-370x247.jpg 370w, https:\/\/www.supercars.net\/blog\/wp-content\/uploads\/2014\/07\/DSC_7116-5-293x195.jpg 293w\" sizes=\"(max-width: 800px) 100vw, 800px\" \/><\/a>\r\n\t\t\t\t<\/a>\r\n            <\/div>\r\n                <div class='wp-caption-text gallery-caption'>\r\n                Porsche 935\r\n                <\/div><\/figure><figure class='gallery-item'>\r\n            <div class='gallery-icon portrait'>\r\n                <a href='https:\/\/www.supercars.net\/blog\/wp-content\/uploads\/2014\/07\/DSC_7117-5.jpg' class='tipi-lightbox'>\r\n\t\t\t\t<a href='https:\/\/www.supercars.net\/blog\/wp-content\/uploads\/2014\/07\/DSC_7117-5.jpg'><img decoding=\"async\" width=\"533\" height=\"800\" src=\"https:\/\/www.supercars.net\/blog\/wp-content\/uploads\/2014\/07\/DSC_7117-5.jpg\" class=\"attachment-full size-full\" alt=\"\" srcset=\"https:\/\/www.supercars.net\/blog\/wp-content\/uploads\/2014\/07\/DSC_7117-5.jpg 533w, https:\/\/www.supercars.net\/blog\/wp-content\/uploads\/2014\/07\/DSC_7117-5-200x300.jpg 200w, https:\/\/www.supercars.net\/blog\/wp-content\/uploads\/2014\/07\/DSC_7117-5-67x100.jpg 67w, https:\/\/www.supercars.net\/blog\/wp-content\/uploads\/2014\/07\/DSC_7117-5-293x440.jpg 293w\" sizes=\"(max-width: 533px) 100vw, 533px\" \/><\/a>\r\n\t\t\t\t<\/a>\r\n            <\/div>\r\n                <div class='wp-caption-text gallery-caption'>\r\n                Porsche 935\r\n                <\/div><\/figure><figure class='gallery-item'>\r\n            <div class='gallery-icon landscape'>\r\n                <a href='https:\/\/www.supercars.net\/blog\/wp-content\/uploads\/2014\/07\/DSC_7118-1.jpg' class='tipi-lightbox'>\r\n\t\t\t\t<a href='https:\/\/www.supercars.net\/blog\/wp-content\/uploads\/2014\/07\/DSC_7118-1.jpg'><img decoding=\"async\" width=\"800\" height=\"533\" src=\"https:\/\/www.supercars.net\/blog\/wp-content\/uploads\/2014\/07\/DSC_7118-1.jpg\" class=\"attachment-full size-full\" alt=\"\" srcset=\"https:\/\/www.supercars.net\/blog\/wp-content\/uploads\/2014\/07\/DSC_7118-1.jpg 800w, https:\/\/www.supercars.net\/blog\/wp-content\/uploads\/2014\/07\/DSC_7118-1-300x200.jpg 300w, https:\/\/www.supercars.net\/blog\/wp-content\/uploads\/2014\/07\/DSC_7118-1-100x67.jpg 100w, https:\/\/www.supercars.net\/blog\/wp-content\/uploads\/2014\/07\/DSC_7118-1-770x513.jpg 770w, https:\/\/www.supercars.net\/blog\/wp-content\/uploads\/2014\/07\/DSC_7118-1-360x240.jpg 360w, https:\/\/www.supercars.net\/blog\/wp-content\/uploads\/2014\/07\/DSC_7118-1-370x247.jpg 370w, https:\/\/www.supercars.net\/blog\/wp-content\/uploads\/2014\/07\/DSC_7118-1-293x195.jpg 293w\" sizes=\"(max-width: 800px) 100vw, 800px\" \/><\/a>\r\n\t\t\t\t<\/a>\r\n            <\/div>\r\n                <div class='wp-caption-text gallery-caption'>\r\n                1975 De Cadenet Lola T380 DFV and 1977 Porsche 935 K3\r\n                <\/div><\/figure><figure class='gallery-item'>\r\n            <div class='gallery-icon landscape'>\r\n                <a href='https:\/\/www.supercars.net\/blog\/wp-content\/uploads\/2014\/07\/DSC_8629-1-2.jpg' class='tipi-lightbox'>\r\n\t\t\t\t<a href='https:\/\/www.supercars.net\/blog\/wp-content\/uploads\/2014\/07\/DSC_8629-1-2.jpg'><img decoding=\"async\" width=\"800\" height=\"533\" src=\"https:\/\/www.supercars.net\/blog\/wp-content\/uploads\/2014\/07\/DSC_8629-1-2.jpg\" class=\"attachment-full size-full\" alt=\"\" srcset=\"https:\/\/www.supercars.net\/blog\/wp-content\/uploads\/2014\/07\/DSC_8629-1-2.jpg 800w, https:\/\/www.supercars.net\/blog\/wp-content\/uploads\/2014\/07\/DSC_8629-1-2-300x200.jpg 300w, https:\/\/www.supercars.net\/blog\/wp-content\/uploads\/2014\/07\/DSC_8629-1-2-100x67.jpg 100w, https:\/\/www.supercars.net\/blog\/wp-content\/uploads\/2014\/07\/DSC_8629-1-2-770x513.jpg 770w, https:\/\/www.supercars.net\/blog\/wp-content\/uploads\/2014\/07\/DSC_8629-1-2-360x240.jpg 360w, https:\/\/www.supercars.net\/blog\/wp-content\/uploads\/2014\/07\/DSC_8629-1-2-370x247.jpg 370w, https:\/\/www.supercars.net\/blog\/wp-content\/uploads\/2014\/07\/DSC_8629-1-2-293x195.jpg 293w\" sizes=\"(max-width: 800px) 100vw, 800px\" \/><\/a>\r\n\t\t\t\t<\/a>\r\n            <\/div>\r\n                <div class='wp-caption-text gallery-caption'>\r\n                1978 Porsche 935\r\n                <\/div><\/figure><figure class='gallery-item'>\r\n            <div class='gallery-icon landscape'>\r\n                <a href='https:\/\/www.supercars.net\/blog\/wp-content\/uploads\/2014\/07\/DSC_8630-1-1.jpg' class='tipi-lightbox'>\r\n\t\t\t\t<a href='https:\/\/www.supercars.net\/blog\/wp-content\/uploads\/2014\/07\/DSC_8630-1-1.jpg'><img decoding=\"async\" width=\"800\" height=\"533\" src=\"https:\/\/www.supercars.net\/blog\/wp-content\/uploads\/2014\/07\/DSC_8630-1-1.jpg\" class=\"attachment-full size-full\" alt=\"\" srcset=\"https:\/\/www.supercars.net\/blog\/wp-content\/uploads\/2014\/07\/DSC_8630-1-1.jpg 800w, https:\/\/www.supercars.net\/blog\/wp-content\/uploads\/2014\/07\/DSC_8630-1-1-300x200.jpg 300w, https:\/\/www.supercars.net\/blog\/wp-content\/uploads\/2014\/07\/DSC_8630-1-1-100x67.jpg 100w, https:\/\/www.supercars.net\/blog\/wp-content\/uploads\/2014\/07\/DSC_8630-1-1-770x513.jpg 770w, https:\/\/www.supercars.net\/blog\/wp-content\/uploads\/2014\/07\/DSC_8630-1-1-360x240.jpg 360w, https:\/\/www.supercars.net\/blog\/wp-content\/uploads\/2014\/07\/DSC_8630-1-1-370x247.jpg 370w, https:\/\/www.supercars.net\/blog\/wp-content\/uploads\/2014\/07\/DSC_8630-1-1-293x195.jpg 293w\" sizes=\"(max-width: 800px) 100vw, 800px\" \/><\/a>\r\n\t\t\t\t<\/a>\r\n            <\/div>\r\n                <div class='wp-caption-text gallery-caption'>\r\n                Porsche 935\r\n                <\/div><\/figure><figure class='gallery-item'>\r\n            <div class='gallery-icon landscape'>\r\n                <a href='https:\/\/www.supercars.net\/blog\/wp-content\/uploads\/2014\/07\/DSC_8633-1-2.jpg' class='tipi-lightbox'>\r\n\t\t\t\t<a href='https:\/\/www.supercars.net\/blog\/wp-content\/uploads\/2014\/07\/DSC_8633-1-2.jpg'><img decoding=\"async\" width=\"800\" height=\"533\" src=\"https:\/\/www.supercars.net\/blog\/wp-content\/uploads\/2014\/07\/DSC_8633-1-2.jpg\" class=\"attachment-full size-full\" alt=\"\" srcset=\"https:\/\/www.supercars.net\/blog\/wp-content\/uploads\/2014\/07\/DSC_8633-1-2.jpg 800w, https:\/\/www.supercars.net\/blog\/wp-content\/uploads\/2014\/07\/DSC_8633-1-2-300x200.jpg 300w, https:\/\/www.supercars.net\/blog\/wp-content\/uploads\/2014\/07\/DSC_8633-1-2-100x67.jpg 100w, https:\/\/www.supercars.net\/blog\/wp-content\/uploads\/2014\/07\/DSC_8633-1-2-770x513.jpg 770w, https:\/\/www.supercars.net\/blog\/wp-content\/uploads\/2014\/07\/DSC_8633-1-2-360x240.jpg 360w, https:\/\/www.supercars.net\/blog\/wp-content\/uploads\/2014\/07\/DSC_8633-1-2-370x247.jpg 370w, https:\/\/www.supercars.net\/blog\/wp-content\/uploads\/2014\/07\/DSC_8633-1-2-293x195.jpg 293w\" sizes=\"(max-width: 800px) 100vw, 800px\" \/><\/a>\r\n\t\t\t\t<\/a>\r\n            <\/div>\r\n                <div class='wp-caption-text gallery-caption'>\r\n                Porsche 935 K3\r\n                <\/div><\/figure><figure class='gallery-item'>\r\n            <div class='gallery-icon landscape'>\r\n                <a href='https:\/\/www.supercars.net\/blog\/wp-content\/uploads\/2014\/07\/DSC_8634-1-2.jpg' class='tipi-lightbox'>\r\n\t\t\t\t<a href='https:\/\/www.supercars.net\/blog\/wp-content\/uploads\/2014\/07\/DSC_8634-1-2.jpg'><img decoding=\"async\" width=\"800\" height=\"533\" src=\"https:\/\/www.supercars.net\/blog\/wp-content\/uploads\/2014\/07\/DSC_8634-1-2.jpg\" class=\"attachment-full size-full\" alt=\"\" srcset=\"https:\/\/www.supercars.net\/blog\/wp-content\/uploads\/2014\/07\/DSC_8634-1-2.jpg 800w, https:\/\/www.supercars.net\/blog\/wp-content\/uploads\/2014\/07\/DSC_8634-1-2-300x200.jpg 300w, https:\/\/www.supercars.net\/blog\/wp-content\/uploads\/2014\/07\/DSC_8634-1-2-100x67.jpg 100w, https:\/\/www.supercars.net\/blog\/wp-content\/uploads\/2014\/07\/DSC_8634-1-2-770x513.jpg 770w, https:\/\/www.supercars.net\/blog\/wp-content\/uploads\/2014\/07\/DSC_8634-1-2-360x240.jpg 360w, https:\/\/www.supercars.net\/blog\/wp-content\/uploads\/2014\/07\/DSC_8634-1-2-370x247.jpg 370w, https:\/\/www.supercars.net\/blog\/wp-content\/uploads\/2014\/07\/DSC_8634-1-2-293x195.jpg 293w\" sizes=\"(max-width: 800px) 100vw, 800px\" \/><\/a>\r\n\t\t\t\t<\/a>\r\n            <\/div>\r\n                <div class='wp-caption-text gallery-caption'>\r\n                Porsche 935\r\n                <\/div><\/figure><figure class='gallery-item'>\r\n            <div class='gallery-icon landscape'>\r\n                <a href='https:\/\/www.supercars.net\/blog\/wp-content\/uploads\/2014\/07\/DSC_8635-3.jpg' class='tipi-lightbox'>\r\n\t\t\t\t<a href='https:\/\/www.supercars.net\/blog\/wp-content\/uploads\/2014\/07\/DSC_8635-3.jpg'><img decoding=\"async\" width=\"800\" height=\"533\" src=\"https:\/\/www.supercars.net\/blog\/wp-content\/uploads\/2014\/07\/DSC_8635-3.jpg\" class=\"attachment-full size-full\" alt=\"\" srcset=\"https:\/\/www.supercars.net\/blog\/wp-content\/uploads\/2014\/07\/DSC_8635-3.jpg 800w, https:\/\/www.supercars.net\/blog\/wp-content\/uploads\/2014\/07\/DSC_8635-3-300x200.jpg 300w, https:\/\/www.supercars.net\/blog\/wp-content\/uploads\/2014\/07\/DSC_8635-3-100x67.jpg 100w, https:\/\/www.supercars.net\/blog\/wp-content\/uploads\/2014\/07\/DSC_8635-3-770x513.jpg 770w, https:\/\/www.supercars.net\/blog\/wp-content\/uploads\/2014\/07\/DSC_8635-3-360x240.jpg 360w, https:\/\/www.supercars.net\/blog\/wp-content\/uploads\/2014\/07\/DSC_8635-3-370x247.jpg 370w, https:\/\/www.supercars.net\/blog\/wp-content\/uploads\/2014\/07\/DSC_8635-3-293x195.jpg 293w\" sizes=\"(max-width: 800px) 100vw, 800px\" \/><\/a>\r\n\t\t\t\t<\/a>\r\n            <\/div>\r\n                <div class='wp-caption-text gallery-caption'>\r\n                1974 Porsche 911 RSR 3.0\r\n                <\/div><\/figure><figure class='gallery-item'>\r\n            <div class='gallery-icon landscape'>\r\n                <a href='https:\/\/www.supercars.net\/blog\/wp-content\/uploads\/2014\/07\/DSC_8637-1.jpg' class='tipi-lightbox'>\r\n\t\t\t\t<a href='https:\/\/www.supercars.net\/blog\/wp-content\/uploads\/2014\/07\/DSC_8637-1.jpg'><img decoding=\"async\" width=\"800\" height=\"533\" src=\"https:\/\/www.supercars.net\/blog\/wp-content\/uploads\/2014\/07\/DSC_8637-1.jpg\" class=\"attachment-full size-full\" alt=\"\" srcset=\"https:\/\/www.supercars.net\/blog\/wp-content\/uploads\/2014\/07\/DSC_8637-1.jpg 800w, https:\/\/www.supercars.net\/blog\/wp-content\/uploads\/2014\/07\/DSC_8637-1-300x200.jpg 300w, https:\/\/www.supercars.net\/blog\/wp-content\/uploads\/2014\/07\/DSC_8637-1-100x67.jpg 100w, https:\/\/www.supercars.net\/blog\/wp-content\/uploads\/2014\/07\/DSC_8637-1-770x513.jpg 770w, https:\/\/www.supercars.net\/blog\/wp-content\/uploads\/2014\/07\/DSC_8637-1-360x240.jpg 360w, https:\/\/www.supercars.net\/blog\/wp-content\/uploads\/2014\/07\/DSC_8637-1-370x247.jpg 370w, https:\/\/www.supercars.net\/blog\/wp-content\/uploads\/2014\/07\/DSC_8637-1-293x195.jpg 293w\" sizes=\"(max-width: 800px) 100vw, 800px\" \/><\/a>\r\n\t\t\t\t<\/a>\r\n            <\/div>\r\n                <div class='wp-caption-text gallery-caption'>\r\n                1978 Porsche 935 K3\r\n                <\/div><\/figure><figure class='gallery-item'>\r\n            <div class='gallery-icon landscape'>\r\n                <a href='https:\/\/www.supercars.net\/blog\/wp-content\/uploads\/2014\/07\/DSC_8638-2.jpg' class='tipi-lightbox'>\r\n\t\t\t\t<a href='https:\/\/www.supercars.net\/blog\/wp-content\/uploads\/2014\/07\/DSC_8638-2.jpg'><img decoding=\"async\" width=\"800\" height=\"533\" src=\"https:\/\/www.supercars.net\/blog\/wp-content\/uploads\/2014\/07\/DSC_8638-2.jpg\" class=\"attachment-full size-full\" alt=\"\" srcset=\"https:\/\/www.supercars.net\/blog\/wp-content\/uploads\/2014\/07\/DSC_8638-2.jpg 800w, https:\/\/www.supercars.net\/blog\/wp-content\/uploads\/2014\/07\/DSC_8638-2-300x200.jpg 300w, https:\/\/www.supercars.net\/blog\/wp-content\/uploads\/2014\/07\/DSC_8638-2-100x67.jpg 100w, https:\/\/www.supercars.net\/blog\/wp-content\/uploads\/2014\/07\/DSC_8638-2-770x513.jpg 770w, https:\/\/www.supercars.net\/blog\/wp-content\/uploads\/2014\/07\/DSC_8638-2-360x240.jpg 360w, https:\/\/www.supercars.net\/blog\/wp-content\/uploads\/2014\/07\/DSC_8638-2-370x247.jpg 370w, https:\/\/www.supercars.net\/blog\/wp-content\/uploads\/2014\/07\/DSC_8638-2-293x195.jpg 293w\" sizes=\"(max-width: 800px) 100vw, 800px\" \/><\/a>\r\n\t\t\t\t<\/a>\r\n            <\/div>\r\n                <div class='wp-caption-text gallery-caption'>\r\n                1978 Porsche 935 K3\r\n                <\/div><\/figure><figure class='gallery-item'>\r\n            <div class='gallery-icon landscape'>\r\n                <a href='https:\/\/www.supercars.net\/blog\/wp-content\/uploads\/2014\/07\/DSC_8641-3.jpg' class='tipi-lightbox'>\r\n\t\t\t\t<a href='https:\/\/www.supercars.net\/blog\/wp-content\/uploads\/2014\/07\/DSC_8641-3.jpg'><img decoding=\"async\" width=\"800\" height=\"533\" src=\"https:\/\/www.supercars.net\/blog\/wp-content\/uploads\/2014\/07\/DSC_8641-3.jpg\" class=\"attachment-full size-full\" alt=\"\" srcset=\"https:\/\/www.supercars.net\/blog\/wp-content\/uploads\/2014\/07\/DSC_8641-3.jpg 800w, https:\/\/www.supercars.net\/blog\/wp-content\/uploads\/2014\/07\/DSC_8641-3-300x200.jpg 300w, https:\/\/www.supercars.net\/blog\/wp-content\/uploads\/2014\/07\/DSC_8641-3-100x67.jpg 100w, https:\/\/www.supercars.net\/blog\/wp-content\/uploads\/2014\/07\/DSC_8641-3-770x513.jpg 770w, https:\/\/www.supercars.net\/blog\/wp-content\/uploads\/2014\/07\/DSC_8641-3-360x240.jpg 360w, https:\/\/www.supercars.net\/blog\/wp-content\/uploads\/2014\/07\/DSC_8641-3-370x247.jpg 370w, https:\/\/www.supercars.net\/blog\/wp-content\/uploads\/2014\/07\/DSC_8641-3-293x195.jpg 293w\" sizes=\"(max-width: 800px) 100vw, 800px\" \/><\/a>\r\n\t\t\t\t<\/a>\r\n            <\/div>\r\n                <div class='wp-caption-text gallery-caption'>\r\n                Le Mans Classic 2014 &#8211; 1972 to 1979 Race\r\n                <\/div><\/figure><figure class='gallery-item'>\r\n            <div class='gallery-icon landscape'>\r\n                <a href='https:\/\/www.supercars.net\/blog\/wp-content\/uploads\/2014\/07\/DSC_8643-3.jpg' class='tipi-lightbox'>\r\n\t\t\t\t<a href='https:\/\/www.supercars.net\/blog\/wp-content\/uploads\/2014\/07\/DSC_8643-3.jpg'><img decoding=\"async\" width=\"800\" height=\"533\" src=\"https:\/\/www.supercars.net\/blog\/wp-content\/uploads\/2014\/07\/DSC_8643-3.jpg\" class=\"attachment-full size-full\" alt=\"\" srcset=\"https:\/\/www.supercars.net\/blog\/wp-content\/uploads\/2014\/07\/DSC_8643-3.jpg 800w, https:\/\/www.supercars.net\/blog\/wp-content\/uploads\/2014\/07\/DSC_8643-3-300x200.jpg 300w, https:\/\/www.supercars.net\/blog\/wp-content\/uploads\/2014\/07\/DSC_8643-3-100x67.jpg 100w, https:\/\/www.supercars.net\/blog\/wp-content\/uploads\/2014\/07\/DSC_8643-3-770x513.jpg 770w, https:\/\/www.supercars.net\/blog\/wp-content\/uploads\/2014\/07\/DSC_8643-3-360x240.jpg 360w, https:\/\/www.supercars.net\/blog\/wp-content\/uploads\/2014\/07\/DSC_8643-3-370x247.jpg 370w, https:\/\/www.supercars.net\/blog\/wp-content\/uploads\/2014\/07\/DSC_8643-3-293x195.jpg 293w\" sizes=\"(max-width: 800px) 100vw, 800px\" \/><\/a>\r\n\t\t\t\t<\/a>\r\n            <\/div>\r\n                <div class='wp-caption-text gallery-caption'>\r\n                1972 Porsche 911 Carrera RS 2.7\r\n                <\/div><\/figure><figure class='gallery-item'>\r\n            <div class='gallery-icon landscape'>\r\n                <a href='https:\/\/www.supercars.net\/blog\/wp-content\/uploads\/2014\/07\/DSC_8647-4.jpg' class='tipi-lightbox'>\r\n\t\t\t\t<a href='https:\/\/www.supercars.net\/blog\/wp-content\/uploads\/2014\/07\/DSC_8647-4.jpg'><img decoding=\"async\" width=\"800\" height=\"533\" src=\"https:\/\/www.supercars.net\/blog\/wp-content\/uploads\/2014\/07\/DSC_8647-4.jpg\" class=\"attachment-full size-full\" alt=\"\" srcset=\"https:\/\/www.supercars.net\/blog\/wp-content\/uploads\/2014\/07\/DSC_8647-4.jpg 800w, https:\/\/www.supercars.net\/blog\/wp-content\/uploads\/2014\/07\/DSC_8647-4-300x200.jpg 300w, https:\/\/www.supercars.net\/blog\/wp-content\/uploads\/2014\/07\/DSC_8647-4-100x67.jpg 100w, https:\/\/www.supercars.net\/blog\/wp-content\/uploads\/2014\/07\/DSC_8647-4-770x513.jpg 770w, https:\/\/www.supercars.net\/blog\/wp-content\/uploads\/2014\/07\/DSC_8647-4-360x240.jpg 360w, https:\/\/www.supercars.net\/blog\/wp-content\/uploads\/2014\/07\/DSC_8647-4-370x247.jpg 370w, https:\/\/www.supercars.net\/blog\/wp-content\/uploads\/2014\/07\/DSC_8647-4-293x195.jpg 293w\" sizes=\"(max-width: 800px) 100vw, 800px\" \/><\/a>\r\n\t\t\t\t<\/a>\r\n            <\/div>\r\n                <div class='wp-caption-text gallery-caption'>\r\n                Porsche 935 K3\r\n                <\/div><\/figure><figure class='gallery-item'>\r\n            <div class='gallery-icon landscape'>\r\n                <a href='https:\/\/www.supercars.net\/blog\/wp-content\/uploads\/2014\/07\/DSC_8648-2.jpg' class='tipi-lightbox'>\r\n\t\t\t\t<a href='https:\/\/www.supercars.net\/blog\/wp-content\/uploads\/2014\/07\/DSC_8648-2.jpg'><img decoding=\"async\" width=\"800\" height=\"533\" src=\"https:\/\/www.supercars.net\/blog\/wp-content\/uploads\/2014\/07\/DSC_8648-2.jpg\" class=\"attachment-full size-full\" alt=\"\" srcset=\"https:\/\/www.supercars.net\/blog\/wp-content\/uploads\/2014\/07\/DSC_8648-2.jpg 800w, https:\/\/www.supercars.net\/blog\/wp-content\/uploads\/2014\/07\/DSC_8648-2-300x200.jpg 300w, https:\/\/www.supercars.net\/blog\/wp-content\/uploads\/2014\/07\/DSC_8648-2-100x67.jpg 100w, https:\/\/www.supercars.net\/blog\/wp-content\/uploads\/2014\/07\/DSC_8648-2-770x513.jpg 770w, https:\/\/www.supercars.net\/blog\/wp-content\/uploads\/2014\/07\/DSC_8648-2-360x240.jpg 360w, https:\/\/www.supercars.net\/blog\/wp-content\/uploads\/2014\/07\/DSC_8648-2-370x247.jpg 370w, https:\/\/www.supercars.net\/blog\/wp-content\/uploads\/2014\/07\/DSC_8648-2-293x195.jpg 293w\" sizes=\"(max-width: 800px) 100vw, 800px\" \/><\/a>\r\n\t\t\t\t<\/a>\r\n            <\/div>\r\n                <div class='wp-caption-text gallery-caption'>\r\n                Ferrari 512 BB LM\r\n                <\/div><\/figure><figure class='gallery-item'>\r\n            <div class='gallery-icon landscape'>\r\n                <a href='https:\/\/www.supercars.net\/blog\/wp-content\/uploads\/2014\/07\/DSC_8649-5.jpg' class='tipi-lightbox'>\r\n\t\t\t\t<a href='https:\/\/www.supercars.net\/blog\/wp-content\/uploads\/2014\/07\/DSC_8649-5.jpg'><img decoding=\"async\" width=\"800\" height=\"533\" src=\"https:\/\/www.supercars.net\/blog\/wp-content\/uploads\/2014\/07\/DSC_8649-5.jpg\" class=\"attachment-full size-full\" alt=\"\" srcset=\"https:\/\/www.supercars.net\/blog\/wp-content\/uploads\/2014\/07\/DSC_8649-5.jpg 800w, https:\/\/www.supercars.net\/blog\/wp-content\/uploads\/2014\/07\/DSC_8649-5-300x200.jpg 300w, https:\/\/www.supercars.net\/blog\/wp-content\/uploads\/2014\/07\/DSC_8649-5-100x67.jpg 100w, https:\/\/www.supercars.net\/blog\/wp-content\/uploads\/2014\/07\/DSC_8649-5-770x513.jpg 770w, https:\/\/www.supercars.net\/blog\/wp-content\/uploads\/2014\/07\/DSC_8649-5-360x240.jpg 360w, https:\/\/www.supercars.net\/blog\/wp-content\/uploads\/2014\/07\/DSC_8649-5-370x247.jpg 370w, https:\/\/www.supercars.net\/blog\/wp-content\/uploads\/2014\/07\/DSC_8649-5-293x195.jpg 293w\" sizes=\"(max-width: 800px) 100vw, 800px\" \/><\/a>\r\n\t\t\t\t<\/a>\r\n            <\/div>\r\n                <div class='wp-caption-text gallery-caption'>\r\n                Ferrari 512 BB LM\r\n                <\/div><\/figure><figure class='gallery-item'>\r\n            <div class='gallery-icon landscape'>\r\n                <a href='https:\/\/www.supercars.net\/blog\/wp-content\/uploads\/2014\/07\/DSC_8650-4.jpg' class='tipi-lightbox'>\r\n\t\t\t\t<a href='https:\/\/www.supercars.net\/blog\/wp-content\/uploads\/2014\/07\/DSC_8650-4.jpg'><img decoding=\"async\" width=\"800\" height=\"533\" src=\"https:\/\/www.supercars.net\/blog\/wp-content\/uploads\/2014\/07\/DSC_8650-4.jpg\" class=\"attachment-full size-full\" alt=\"\" srcset=\"https:\/\/www.supercars.net\/blog\/wp-content\/uploads\/2014\/07\/DSC_8650-4.jpg 800w, https:\/\/www.supercars.net\/blog\/wp-content\/uploads\/2014\/07\/DSC_8650-4-300x200.jpg 300w, https:\/\/www.supercars.net\/blog\/wp-content\/uploads\/2014\/07\/DSC_8650-4-100x67.jpg 100w, https:\/\/www.supercars.net\/blog\/wp-content\/uploads\/2014\/07\/DSC_8650-4-770x513.jpg 770w, https:\/\/www.supercars.net\/blog\/wp-content\/uploads\/2014\/07\/DSC_8650-4-360x240.jpg 360w, https:\/\/www.supercars.net\/blog\/wp-content\/uploads\/2014\/07\/DSC_8650-4-370x247.jpg 370w, https:\/\/www.supercars.net\/blog\/wp-content\/uploads\/2014\/07\/DSC_8650-4-293x195.jpg 293w\" sizes=\"(max-width: 800px) 100vw, 800px\" \/><\/a>\r\n\t\t\t\t<\/a>\r\n            <\/div>\r\n                <div class='wp-caption-text gallery-caption'>\r\n                Ferrari 512 BB LM\r\n                <\/div><\/figure><figure class='gallery-item'>\r\n            <div class='gallery-icon landscape'>\r\n                <a href='https:\/\/www.supercars.net\/blog\/wp-content\/uploads\/2014\/07\/DSC_8651-5.jpg' class='tipi-lightbox'>\r\n\t\t\t\t<a href='https:\/\/www.supercars.net\/blog\/wp-content\/uploads\/2014\/07\/DSC_8651-5.jpg'><img decoding=\"async\" width=\"800\" height=\"533\" src=\"https:\/\/www.supercars.net\/blog\/wp-content\/uploads\/2014\/07\/DSC_8651-5.jpg\" class=\"attachment-full size-full\" alt=\"\" srcset=\"https:\/\/www.supercars.net\/blog\/wp-content\/uploads\/2014\/07\/DSC_8651-5.jpg 800w, https:\/\/www.supercars.net\/blog\/wp-content\/uploads\/2014\/07\/DSC_8651-5-300x200.jpg 300w, https:\/\/www.supercars.net\/blog\/wp-content\/uploads\/2014\/07\/DSC_8651-5-100x67.jpg 100w, https:\/\/www.supercars.net\/blog\/wp-content\/uploads\/2014\/07\/DSC_8651-5-770x513.jpg 770w, https:\/\/www.supercars.net\/blog\/wp-content\/uploads\/2014\/07\/DSC_8651-5-360x240.jpg 360w, https:\/\/www.supercars.net\/blog\/wp-content\/uploads\/2014\/07\/DSC_8651-5-370x247.jpg 370w, https:\/\/www.supercars.net\/blog\/wp-content\/uploads\/2014\/07\/DSC_8651-5-293x195.jpg 293w\" sizes=\"(max-width: 800px) 100vw, 800px\" \/><\/a>\r\n\t\t\t\t<\/a>\r\n            <\/div>\r\n                <div class='wp-caption-text gallery-caption'>\r\n                Ferrari 512 BB LM\r\n                <\/div><\/figure><figure class='gallery-item'>\r\n            <div class='gallery-icon landscape'>\r\n                <a href='https:\/\/www.supercars.net\/blog\/wp-content\/uploads\/2014\/07\/DSC_8654-2.jpg' class='tipi-lightbox'>\r\n\t\t\t\t<a href='https:\/\/www.supercars.net\/blog\/wp-content\/uploads\/2014\/07\/DSC_8654-2.jpg'><img decoding=\"async\" width=\"800\" height=\"533\" src=\"https:\/\/www.supercars.net\/blog\/wp-content\/uploads\/2014\/07\/DSC_8654-2.jpg\" class=\"attachment-full size-full\" alt=\"\" srcset=\"https:\/\/www.supercars.net\/blog\/wp-content\/uploads\/2014\/07\/DSC_8654-2.jpg 800w, https:\/\/www.supercars.net\/blog\/wp-content\/uploads\/2014\/07\/DSC_8654-2-300x200.jpg 300w, https:\/\/www.supercars.net\/blog\/wp-content\/uploads\/2014\/07\/DSC_8654-2-100x67.jpg 100w, https:\/\/www.supercars.net\/blog\/wp-content\/uploads\/2014\/07\/DSC_8654-2-770x513.jpg 770w, https:\/\/www.supercars.net\/blog\/wp-content\/uploads\/2014\/07\/DSC_8654-2-360x240.jpg 360w, https:\/\/www.supercars.net\/blog\/wp-content\/uploads\/2014\/07\/DSC_8654-2-370x247.jpg 370w, https:\/\/www.supercars.net\/blog\/wp-content\/uploads\/2014\/07\/DSC_8654-2-293x195.jpg 293w\" sizes=\"(max-width: 800px) 100vw, 800px\" \/><\/a>\r\n\t\t\t\t<\/a>\r\n            <\/div>\r\n                <div class='wp-caption-text gallery-caption'>\r\n                1973 BMW CSL 3.0\r\n                <\/div><\/figure><figure class='gallery-item'>\r\n            <div class='gallery-icon landscape'>\r\n                <a href='https:\/\/www.supercars.net\/blog\/wp-content\/uploads\/2014\/07\/DSC_8656-5.jpg' class='tipi-lightbox'>\r\n\t\t\t\t<a href='https:\/\/www.supercars.net\/blog\/wp-content\/uploads\/2014\/07\/DSC_8656-5.jpg'><img decoding=\"async\" width=\"800\" height=\"533\" src=\"https:\/\/www.supercars.net\/blog\/wp-content\/uploads\/2014\/07\/DSC_8656-5.jpg\" class=\"attachment-full size-full\" alt=\"\" srcset=\"https:\/\/www.supercars.net\/blog\/wp-content\/uploads\/2014\/07\/DSC_8656-5.jpg 800w, https:\/\/www.supercars.net\/blog\/wp-content\/uploads\/2014\/07\/DSC_8656-5-300x200.jpg 300w, https:\/\/www.supercars.net\/blog\/wp-content\/uploads\/2014\/07\/DSC_8656-5-100x67.jpg 100w, https:\/\/www.supercars.net\/blog\/wp-content\/uploads\/2014\/07\/DSC_8656-5-770x513.jpg 770w, https:\/\/www.supercars.net\/blog\/wp-content\/uploads\/2014\/07\/DSC_8656-5-360x240.jpg 360w, https:\/\/www.supercars.net\/blog\/wp-content\/uploads\/2014\/07\/DSC_8656-5-370x247.jpg 370w, https:\/\/www.supercars.net\/blog\/wp-content\/uploads\/2014\/07\/DSC_8656-5-293x195.jpg 293w\" sizes=\"(max-width: 800px) 100vw, 800px\" \/><\/a>\r\n\t\t\t\t<\/a>\r\n            <\/div>\r\n                <div class='wp-caption-text gallery-caption'>\r\n                1976 Dodge Charger\r\n                <\/div><\/figure><figure class='gallery-item'>\r\n            <div class='gallery-icon landscape'>\r\n                <a href='https:\/\/www.supercars.net\/blog\/wp-content\/uploads\/2014\/07\/DSC_8658-6.jpg' class='tipi-lightbox'>\r\n\t\t\t\t<a href='https:\/\/www.supercars.net\/blog\/wp-content\/uploads\/2014\/07\/DSC_8658-6.jpg'><img decoding=\"async\" width=\"800\" height=\"533\" src=\"https:\/\/www.supercars.net\/blog\/wp-content\/uploads\/2014\/07\/DSC_8658-6.jpg\" class=\"attachment-full size-full\" alt=\"\" srcset=\"https:\/\/www.supercars.net\/blog\/wp-content\/uploads\/2014\/07\/DSC_8658-6.jpg 800w, https:\/\/www.supercars.net\/blog\/wp-content\/uploads\/2014\/07\/DSC_8658-6-300x200.jpg 300w, https:\/\/www.supercars.net\/blog\/wp-content\/uploads\/2014\/07\/DSC_8658-6-100x67.jpg 100w, https:\/\/www.supercars.net\/blog\/wp-content\/uploads\/2014\/07\/DSC_8658-6-770x513.jpg 770w, https:\/\/www.supercars.net\/blog\/wp-content\/uploads\/2014\/07\/DSC_8658-6-360x240.jpg 360w, https:\/\/www.supercars.net\/blog\/wp-content\/uploads\/2014\/07\/DSC_8658-6-370x247.jpg 370w, https:\/\/www.supercars.net\/blog\/wp-content\/uploads\/2014\/07\/DSC_8658-6-293x195.jpg 293w\" sizes=\"(max-width: 800px) 100vw, 800px\" \/><\/a>\r\n\t\t\t\t<\/a>\r\n            <\/div>\r\n                <div class='wp-caption-text gallery-caption'>\r\n                Ferrari 512 BB LM\r\n                <\/div><\/figure><figure class='gallery-item'>\r\n            <div class='gallery-icon landscape'>\r\n                <a href='https:\/\/www.supercars.net\/blog\/wp-content\/uploads\/2014\/07\/DSC_8659-2.jpg' class='tipi-lightbox'>\r\n\t\t\t\t<a href='https:\/\/www.supercars.net\/blog\/wp-content\/uploads\/2014\/07\/DSC_8659-2.jpg'><img decoding=\"async\" width=\"800\" height=\"533\" src=\"https:\/\/www.supercars.net\/blog\/wp-content\/uploads\/2014\/07\/DSC_8659-2.jpg\" class=\"attachment-full size-full\" alt=\"\" srcset=\"https:\/\/www.supercars.net\/blog\/wp-content\/uploads\/2014\/07\/DSC_8659-2.jpg 800w, https:\/\/www.supercars.net\/blog\/wp-content\/uploads\/2014\/07\/DSC_8659-2-300x200.jpg 300w, https:\/\/www.supercars.net\/blog\/wp-content\/uploads\/2014\/07\/DSC_8659-2-100x67.jpg 100w, https:\/\/www.supercars.net\/blog\/wp-content\/uploads\/2014\/07\/DSC_8659-2-770x513.jpg 770w, https:\/\/www.supercars.net\/blog\/wp-content\/uploads\/2014\/07\/DSC_8659-2-360x240.jpg 360w, https:\/\/www.supercars.net\/blog\/wp-content\/uploads\/2014\/07\/DSC_8659-2-370x247.jpg 370w, https:\/\/www.supercars.net\/blog\/wp-content\/uploads\/2014\/07\/DSC_8659-2-293x195.jpg 293w\" sizes=\"(max-width: 800px) 100vw, 800px\" \/><\/a>\r\n\t\t\t\t<\/a>\r\n            <\/div>\r\n                <div class='wp-caption-text gallery-caption'>\r\n                Ferrari 512 BB LM\r\n                <\/div><\/figure><figure class='gallery-item'>\r\n            <div class='gallery-icon landscape'>\r\n                <a href='https:\/\/www.supercars.net\/blog\/wp-content\/uploads\/2014\/07\/DSC_8660-5.jpg' class='tipi-lightbox'>\r\n\t\t\t\t<a href='https:\/\/www.supercars.net\/blog\/wp-content\/uploads\/2014\/07\/DSC_8660-5.jpg'><img decoding=\"async\" width=\"800\" height=\"533\" src=\"https:\/\/www.supercars.net\/blog\/wp-content\/uploads\/2014\/07\/DSC_8660-5.jpg\" class=\"attachment-full size-full\" alt=\"\" srcset=\"https:\/\/www.supercars.net\/blog\/wp-content\/uploads\/2014\/07\/DSC_8660-5.jpg 800w, https:\/\/www.supercars.net\/blog\/wp-content\/uploads\/2014\/07\/DSC_8660-5-300x200.jpg 300w, https:\/\/www.supercars.net\/blog\/wp-content\/uploads\/2014\/07\/DSC_8660-5-100x67.jpg 100w, https:\/\/www.supercars.net\/blog\/wp-content\/uploads\/2014\/07\/DSC_8660-5-770x513.jpg 770w, https:\/\/www.supercars.net\/blog\/wp-content\/uploads\/2014\/07\/DSC_8660-5-360x240.jpg 360w, https:\/\/www.supercars.net\/blog\/wp-content\/uploads\/2014\/07\/DSC_8660-5-370x247.jpg 370w, https:\/\/www.supercars.net\/blog\/wp-content\/uploads\/2014\/07\/DSC_8660-5-293x195.jpg 293w\" sizes=\"(max-width: 800px) 100vw, 800px\" \/><\/a>\r\n\t\t\t\t<\/a>\r\n            <\/div>\r\n                <div class='wp-caption-text gallery-caption'>\r\n                Le Mans Classic 2014 &#8211; 1972 to 1979 Race\r\n                <\/div><\/figure><figure class='gallery-item'>\r\n            <div class='gallery-icon landscape'>\r\n                <a href='https:\/\/www.supercars.net\/blog\/wp-content\/uploads\/2014\/07\/DSC_8666-7.jpg' class='tipi-lightbox'>\r\n\t\t\t\t<a href='https:\/\/www.supercars.net\/blog\/wp-content\/uploads\/2014\/07\/DSC_8666-7.jpg'><img decoding=\"async\" width=\"800\" height=\"533\" src=\"https:\/\/www.supercars.net\/blog\/wp-content\/uploads\/2014\/07\/DSC_8666-7.jpg\" class=\"attachment-full size-full\" alt=\"\" srcset=\"https:\/\/www.supercars.net\/blog\/wp-content\/uploads\/2014\/07\/DSC_8666-7.jpg 800w, https:\/\/www.supercars.net\/blog\/wp-content\/uploads\/2014\/07\/DSC_8666-7-300x200.jpg 300w, https:\/\/www.supercars.net\/blog\/wp-content\/uploads\/2014\/07\/DSC_8666-7-100x67.jpg 100w, https:\/\/www.supercars.net\/blog\/wp-content\/uploads\/2014\/07\/DSC_8666-7-770x513.jpg 770w, https:\/\/www.supercars.net\/blog\/wp-content\/uploads\/2014\/07\/DSC_8666-7-360x240.jpg 360w, https:\/\/www.supercars.net\/blog\/wp-content\/uploads\/2014\/07\/DSC_8666-7-370x247.jpg 370w, https:\/\/www.supercars.net\/blog\/wp-content\/uploads\/2014\/07\/DSC_8666-7-293x195.jpg 293w\" sizes=\"(max-width: 800px) 100vw, 800px\" \/><\/a>\r\n\t\t\t\t<\/a>\r\n            <\/div>\r\n                <div class='wp-caption-text gallery-caption'>\r\n                1973 Porsche 911 Carrera RS 2.8\r\n                <\/div><\/figure><figure class='gallery-item'>\r\n            <div class='gallery-icon landscape'>\r\n                <a href='https:\/\/www.supercars.net\/blog\/wp-content\/uploads\/2014\/07\/DSC_8667-1-1.jpg' class='tipi-lightbox'>\r\n\t\t\t\t<a href='https:\/\/www.supercars.net\/blog\/wp-content\/uploads\/2014\/07\/DSC_8667-1-1.jpg'><img decoding=\"async\" width=\"800\" height=\"533\" src=\"https:\/\/www.supercars.net\/blog\/wp-content\/uploads\/2014\/07\/DSC_8667-1-1.jpg\" class=\"attachment-full size-full\" alt=\"\" srcset=\"https:\/\/www.supercars.net\/blog\/wp-content\/uploads\/2014\/07\/DSC_8667-1-1.jpg 800w, https:\/\/www.supercars.net\/blog\/wp-content\/uploads\/2014\/07\/DSC_8667-1-1-300x200.jpg 300w, https:\/\/www.supercars.net\/blog\/wp-content\/uploads\/2014\/07\/DSC_8667-1-1-100x67.jpg 100w, https:\/\/www.supercars.net\/blog\/wp-content\/uploads\/2014\/07\/DSC_8667-1-1-770x513.jpg 770w, https:\/\/www.supercars.net\/blog\/wp-content\/uploads\/2014\/07\/DSC_8667-1-1-360x240.jpg 360w, https:\/\/www.supercars.net\/blog\/wp-content\/uploads\/2014\/07\/DSC_8667-1-1-370x247.jpg 370w, https:\/\/www.supercars.net\/blog\/wp-content\/uploads\/2014\/07\/DSC_8667-1-1-293x195.jpg 293w\" sizes=\"(max-width: 800px) 100vw, 800px\" \/><\/a>\r\n\t\t\t\t<\/a>\r\n            <\/div>\r\n                <div class='wp-caption-text gallery-caption'>\r\n                Le Mans Classic 2014 &#8211; 1972 to 1979 Race\r\n                <\/div><\/figure><figure class='gallery-item'>\r\n            <div class='gallery-icon landscape'>\r\n                <a href='https:\/\/www.supercars.net\/blog\/wp-content\/uploads\/2014\/07\/DSC_8669-1-1.jpg' class='tipi-lightbox'>\r\n\t\t\t\t<a href='https:\/\/www.supercars.net\/blog\/wp-content\/uploads\/2014\/07\/DSC_8669-1-1.jpg'><img decoding=\"async\" width=\"800\" height=\"533\" src=\"https:\/\/www.supercars.net\/blog\/wp-content\/uploads\/2014\/07\/DSC_8669-1-1.jpg\" class=\"attachment-full size-full\" alt=\"\" srcset=\"https:\/\/www.supercars.net\/blog\/wp-content\/uploads\/2014\/07\/DSC_8669-1-1.jpg 800w, https:\/\/www.supercars.net\/blog\/wp-content\/uploads\/2014\/07\/DSC_8669-1-1-300x200.jpg 300w, https:\/\/www.supercars.net\/blog\/wp-content\/uploads\/2014\/07\/DSC_8669-1-1-100x67.jpg 100w, https:\/\/www.supercars.net\/blog\/wp-content\/uploads\/2014\/07\/DSC_8669-1-1-770x513.jpg 770w, https:\/\/www.supercars.net\/blog\/wp-content\/uploads\/2014\/07\/DSC_8669-1-1-360x240.jpg 360w, https:\/\/www.supercars.net\/blog\/wp-content\/uploads\/2014\/07\/DSC_8669-1-1-370x247.jpg 370w, https:\/\/www.supercars.net\/blog\/wp-content\/uploads\/2014\/07\/DSC_8669-1-1-293x195.jpg 293w\" sizes=\"(max-width: 800px) 100vw, 800px\" \/><\/a>\r\n\t\t\t\t<\/a>\r\n            <\/div>\r\n                <div class='wp-caption-text gallery-caption'>\r\n                1972 BMW CSL 3.0\r\n                <\/div><\/figure><figure class='gallery-item'>\r\n            <div class='gallery-icon landscape'>\r\n                <a href='https:\/\/www.supercars.net\/blog\/wp-content\/uploads\/2014\/07\/DSC_8670-2.jpg' class='tipi-lightbox'>\r\n\t\t\t\t<a href='https:\/\/www.supercars.net\/blog\/wp-content\/uploads\/2014\/07\/DSC_8670-2.jpg'><img decoding=\"async\" width=\"800\" height=\"533\" src=\"https:\/\/www.supercars.net\/blog\/wp-content\/uploads\/2014\/07\/DSC_8670-2.jpg\" class=\"attachment-full size-full\" alt=\"\" srcset=\"https:\/\/www.supercars.net\/blog\/wp-content\/uploads\/2014\/07\/DSC_8670-2.jpg 800w, https:\/\/www.supercars.net\/blog\/wp-content\/uploads\/2014\/07\/DSC_8670-2-300x200.jpg 300w, https:\/\/www.supercars.net\/blog\/wp-content\/uploads\/2014\/07\/DSC_8670-2-100x67.jpg 100w, https:\/\/www.supercars.net\/blog\/wp-content\/uploads\/2014\/07\/DSC_8670-2-770x513.jpg 770w, https:\/\/www.supercars.net\/blog\/wp-content\/uploads\/2014\/07\/DSC_8670-2-360x240.jpg 360w, https:\/\/www.supercars.net\/blog\/wp-content\/uploads\/2014\/07\/DSC_8670-2-370x247.jpg 370w, https:\/\/www.supercars.net\/blog\/wp-content\/uploads\/2014\/07\/DSC_8670-2-293x195.jpg 293w\" sizes=\"(max-width: 800px) 100vw, 800px\" \/><\/a>\r\n\t\t\t\t<\/a>\r\n            <\/div>\r\n                <div class='wp-caption-text gallery-caption'>\r\n                Porsche 935 K3\r\n                <\/div><\/figure><figure class='gallery-item'>\r\n            <div class='gallery-icon landscape'>\r\n                <a href='https:\/\/www.supercars.net\/blog\/wp-content\/uploads\/2014\/07\/DSC_8672-4.jpg' class='tipi-lightbox'>\r\n\t\t\t\t<a href='https:\/\/www.supercars.net\/blog\/wp-content\/uploads\/2014\/07\/DSC_8672-4.jpg'><img decoding=\"async\" width=\"800\" height=\"534\" src=\"https:\/\/www.supercars.net\/blog\/wp-content\/uploads\/2014\/07\/DSC_8672-4.jpg\" class=\"attachment-full size-full\" alt=\"\" srcset=\"https:\/\/www.supercars.net\/blog\/wp-content\/uploads\/2014\/07\/DSC_8672-4.jpg 800w, https:\/\/www.supercars.net\/blog\/wp-content\/uploads\/2014\/07\/DSC_8672-4-300x200.jpg 300w, https:\/\/www.supercars.net\/blog\/wp-content\/uploads\/2014\/07\/DSC_8672-4-100x67.jpg 100w, https:\/\/www.supercars.net\/blog\/wp-content\/uploads\/2014\/07\/DSC_8672-4-770x514.jpg 770w, https:\/\/www.supercars.net\/blog\/wp-content\/uploads\/2014\/07\/DSC_8672-4-360x240.jpg 360w, https:\/\/www.supercars.net\/blog\/wp-content\/uploads\/2014\/07\/DSC_8672-4-370x247.jpg 370w, https:\/\/www.supercars.net\/blog\/wp-content\/uploads\/2014\/07\/DSC_8672-4-293x196.jpg 293w\" sizes=\"(max-width: 800px) 100vw, 800px\" \/><\/a>\r\n\t\t\t\t<\/a>\r\n            <\/div>\r\n                <div class='wp-caption-text gallery-caption'>\r\n                1970 Ligier JS 2 DFV\r\n                <\/div><\/figure><figure class='gallery-item'>\r\n            <div class='gallery-icon landscape'>\r\n                <a href='https:\/\/www.supercars.net\/blog\/wp-content\/uploads\/2014\/07\/DSC_8674-1.jpg' class='tipi-lightbox'>\r\n\t\t\t\t<a href='https:\/\/www.supercars.net\/blog\/wp-content\/uploads\/2014\/07\/DSC_8674-1.jpg'><img decoding=\"async\" width=\"800\" height=\"533\" src=\"https:\/\/www.supercars.net\/blog\/wp-content\/uploads\/2014\/07\/DSC_8674-1.jpg\" class=\"attachment-full size-full\" alt=\"\" srcset=\"https:\/\/www.supercars.net\/blog\/wp-content\/uploads\/2014\/07\/DSC_8674-1.jpg 800w, https:\/\/www.supercars.net\/blog\/wp-content\/uploads\/2014\/07\/DSC_8674-1-300x200.jpg 300w, https:\/\/www.supercars.net\/blog\/wp-content\/uploads\/2014\/07\/DSC_8674-1-100x67.jpg 100w, https:\/\/www.supercars.net\/blog\/wp-content\/uploads\/2014\/07\/DSC_8674-1-770x513.jpg 770w, https:\/\/www.supercars.net\/blog\/wp-content\/uploads\/2014\/07\/DSC_8674-1-360x240.jpg 360w, https:\/\/www.supercars.net\/blog\/wp-content\/uploads\/2014\/07\/DSC_8674-1-370x247.jpg 370w, https:\/\/www.supercars.net\/blog\/wp-content\/uploads\/2014\/07\/DSC_8674-1-293x195.jpg 293w\" sizes=\"(max-width: 800px) 100vw, 800px\" \/><\/a>\r\n\t\t\t\t<\/a>\r\n            <\/div>\r\n                <div class='wp-caption-text gallery-caption'>\r\n                1974 BMW CSL 3.0\r\n                <\/div><\/figure><figure class='gallery-item'>\r\n            <div class='gallery-icon landscape'>\r\n                <a href='https:\/\/www.supercars.net\/blog\/wp-content\/uploads\/2014\/07\/DSC_8676-3.jpg' class='tipi-lightbox'>\r\n\t\t\t\t<a href='https:\/\/www.supercars.net\/blog\/wp-content\/uploads\/2014\/07\/DSC_8676-3.jpg'><img decoding=\"async\" width=\"800\" height=\"533\" src=\"https:\/\/www.supercars.net\/blog\/wp-content\/uploads\/2014\/07\/DSC_8676-3.jpg\" class=\"attachment-full size-full\" alt=\"\" srcset=\"https:\/\/www.supercars.net\/blog\/wp-content\/uploads\/2014\/07\/DSC_8676-3.jpg 800w, https:\/\/www.supercars.net\/blog\/wp-content\/uploads\/2014\/07\/DSC_8676-3-300x200.jpg 300w, https:\/\/www.supercars.net\/blog\/wp-content\/uploads\/2014\/07\/DSC_8676-3-100x67.jpg 100w, https:\/\/www.supercars.net\/blog\/wp-content\/uploads\/2014\/07\/DSC_8676-3-770x513.jpg 770w, https:\/\/www.supercars.net\/blog\/wp-content\/uploads\/2014\/07\/DSC_8676-3-360x240.jpg 360w, https:\/\/www.supercars.net\/blog\/wp-content\/uploads\/2014\/07\/DSC_8676-3-370x247.jpg 370w, https:\/\/www.supercars.net\/blog\/wp-content\/uploads\/2014\/07\/DSC_8676-3-293x195.jpg 293w\" sizes=\"(max-width: 800px) 100vw, 800px\" \/><\/a>\r\n\t\t\t\t<\/a>\r\n            <\/div>\r\n                <div class='wp-caption-text gallery-caption'>\r\n                1978 Porsche 935\r\n                <\/div><\/figure><figure class='gallery-item'>\r\n            <div class='gallery-icon landscape'>\r\n                <a href='https:\/\/www.supercars.net\/blog\/wp-content\/uploads\/2014\/07\/DSC_8677-3.jpg' class='tipi-lightbox'>\r\n\t\t\t\t<a href='https:\/\/www.supercars.net\/blog\/wp-content\/uploads\/2014\/07\/DSC_8677-3.jpg'><img decoding=\"async\" width=\"800\" height=\"533\" src=\"https:\/\/www.supercars.net\/blog\/wp-content\/uploads\/2014\/07\/DSC_8677-3.jpg\" class=\"attachment-full size-full\" alt=\"\" srcset=\"https:\/\/www.supercars.net\/blog\/wp-content\/uploads\/2014\/07\/DSC_8677-3.jpg 800w, https:\/\/www.supercars.net\/blog\/wp-content\/uploads\/2014\/07\/DSC_8677-3-300x200.jpg 300w, https:\/\/www.supercars.net\/blog\/wp-content\/uploads\/2014\/07\/DSC_8677-3-100x67.jpg 100w, https:\/\/www.supercars.net\/blog\/wp-content\/uploads\/2014\/07\/DSC_8677-3-770x513.jpg 770w, https:\/\/www.supercars.net\/blog\/wp-content\/uploads\/2014\/07\/DSC_8677-3-360x240.jpg 360w, https:\/\/www.supercars.net\/blog\/wp-content\/uploads\/2014\/07\/DSC_8677-3-370x247.jpg 370w, https:\/\/www.supercars.net\/blog\/wp-content\/uploads\/2014\/07\/DSC_8677-3-293x195.jpg 293w\" sizes=\"(max-width: 800px) 100vw, 800px\" \/><\/a>\r\n\t\t\t\t<\/a>\r\n            <\/div>\r\n                <div class='wp-caption-text gallery-caption'>\r\n                Race winning 1973 Gulf Mirage of Chris MacAllister\r\n                <\/div><\/figure><figure class='gallery-item'>\r\n            <div class='gallery-icon landscape'>\r\n                <a href='https:\/\/www.supercars.net\/blog\/wp-content\/uploads\/2014\/07\/DSC_8678-1-1.jpg' class='tipi-lightbox'>\r\n\t\t\t\t<a href='https:\/\/www.supercars.net\/blog\/wp-content\/uploads\/2014\/07\/DSC_8678-1-1.jpg'><img decoding=\"async\" width=\"800\" height=\"533\" src=\"https:\/\/www.supercars.net\/blog\/wp-content\/uploads\/2014\/07\/DSC_8678-1-1.jpg\" class=\"attachment-full size-full\" alt=\"\" srcset=\"https:\/\/www.supercars.net\/blog\/wp-content\/uploads\/2014\/07\/DSC_8678-1-1.jpg 800w, https:\/\/www.supercars.net\/blog\/wp-content\/uploads\/2014\/07\/DSC_8678-1-1-300x200.jpg 300w, https:\/\/www.supercars.net\/blog\/wp-content\/uploads\/2014\/07\/DSC_8678-1-1-100x67.jpg 100w, https:\/\/www.supercars.net\/blog\/wp-content\/uploads\/2014\/07\/DSC_8678-1-1-770x513.jpg 770w, https:\/\/www.supercars.net\/blog\/wp-content\/uploads\/2014\/07\/DSC_8678-1-1-360x240.jpg 360w, https:\/\/www.supercars.net\/blog\/wp-content\/uploads\/2014\/07\/DSC_8678-1-1-370x247.jpg 370w, https:\/\/www.supercars.net\/blog\/wp-content\/uploads\/2014\/07\/DSC_8678-1-1-293x195.jpg 293w\" sizes=\"(max-width: 800px) 100vw, 800px\" \/><\/a>\r\n\t\t\t\t<\/a>\r\n            <\/div>\r\n                <div class='wp-caption-text gallery-caption'>\r\n                Race winning 1973 Gulf Mirage of Chris MacAllister\r\n                <\/div><\/figure><figure class='gallery-item'>\r\n            <div class='gallery-icon landscape'>\r\n                <a href='https:\/\/www.supercars.net\/blog\/wp-content\/uploads\/2014\/07\/DSC_8680-1-1.jpg' class='tipi-lightbox'>\r\n\t\t\t\t<a href='https:\/\/www.supercars.net\/blog\/wp-content\/uploads\/2014\/07\/DSC_8680-1-1.jpg'><img decoding=\"async\" width=\"800\" height=\"533\" src=\"https:\/\/www.supercars.net\/blog\/wp-content\/uploads\/2014\/07\/DSC_8680-1-1.jpg\" class=\"attachment-full size-full\" alt=\"\" srcset=\"https:\/\/www.supercars.net\/blog\/wp-content\/uploads\/2014\/07\/DSC_8680-1-1.jpg 800w, https:\/\/www.supercars.net\/blog\/wp-content\/uploads\/2014\/07\/DSC_8680-1-1-300x200.jpg 300w, https:\/\/www.supercars.net\/blog\/wp-content\/uploads\/2014\/07\/DSC_8680-1-1-100x67.jpg 100w, https:\/\/www.supercars.net\/blog\/wp-content\/uploads\/2014\/07\/DSC_8680-1-1-770x513.jpg 770w, https:\/\/www.supercars.net\/blog\/wp-content\/uploads\/2014\/07\/DSC_8680-1-1-360x240.jpg 360w, https:\/\/www.supercars.net\/blog\/wp-content\/uploads\/2014\/07\/DSC_8680-1-1-370x247.jpg 370w, https:\/\/www.supercars.net\/blog\/wp-content\/uploads\/2014\/07\/DSC_8680-1-1-293x195.jpg 293w\" sizes=\"(max-width: 800px) 100vw, 800px\" \/><\/a>\r\n\t\t\t\t<\/a>\r\n            <\/div>\r\n                <div class='wp-caption-text gallery-caption'>\r\n                1974 Porsche 911 RSR 3.0\r\n                <\/div><\/figure><figure class='gallery-item'>\r\n            <div class='gallery-icon landscape'>\r\n                <a href='https:\/\/www.supercars.net\/blog\/wp-content\/uploads\/2014\/07\/DSC_8681-1-2.jpg' class='tipi-lightbox'>\r\n\t\t\t\t<a href='https:\/\/www.supercars.net\/blog\/wp-content\/uploads\/2014\/07\/DSC_8681-1-2.jpg'><img decoding=\"async\" width=\"800\" height=\"533\" src=\"https:\/\/www.supercars.net\/blog\/wp-content\/uploads\/2014\/07\/DSC_8681-1-2.jpg\" class=\"attachment-full size-full\" alt=\"\" srcset=\"https:\/\/www.supercars.net\/blog\/wp-content\/uploads\/2014\/07\/DSC_8681-1-2.jpg 800w, https:\/\/www.supercars.net\/blog\/wp-content\/uploads\/2014\/07\/DSC_8681-1-2-300x200.jpg 300w, https:\/\/www.supercars.net\/blog\/wp-content\/uploads\/2014\/07\/DSC_8681-1-2-100x67.jpg 100w, https:\/\/www.supercars.net\/blog\/wp-content\/uploads\/2014\/07\/DSC_8681-1-2-770x513.jpg 770w, https:\/\/www.supercars.net\/blog\/wp-content\/uploads\/2014\/07\/DSC_8681-1-2-360x240.jpg 360w, https:\/\/www.supercars.net\/blog\/wp-content\/uploads\/2014\/07\/DSC_8681-1-2-370x247.jpg 370w, https:\/\/www.supercars.net\/blog\/wp-content\/uploads\/2014\/07\/DSC_8681-1-2-293x195.jpg 293w\" sizes=\"(max-width: 800px) 100vw, 800px\" \/><\/a>\r\n\t\t\t\t<\/a>\r\n            <\/div>\r\n                <div class='wp-caption-text gallery-caption'>\r\n                1975 De Cadenet Lola T380 DFV\r\n                <\/div><\/figure><figure class='gallery-item'>\r\n            <div class='gallery-icon portrait'>\r\n                <a href='https:\/\/www.supercars.net\/blog\/wp-content\/uploads\/2014\/07\/DSC_9729-1.jpg' class='tipi-lightbox'>\r\n\t\t\t\t<a href='https:\/\/www.supercars.net\/blog\/wp-content\/uploads\/2014\/07\/DSC_9729-1.jpg'><img decoding=\"async\" width=\"533\" height=\"800\" src=\"https:\/\/www.supercars.net\/blog\/wp-content\/uploads\/2014\/07\/DSC_9729-1.jpg\" class=\"attachment-full size-full\" alt=\"\" srcset=\"https:\/\/www.supercars.net\/blog\/wp-content\/uploads\/2014\/07\/DSC_9729-1.jpg 533w, https:\/\/www.supercars.net\/blog\/wp-content\/uploads\/2014\/07\/DSC_9729-1-200x300.jpg 200w, https:\/\/www.supercars.net\/blog\/wp-content\/uploads\/2014\/07\/DSC_9729-1-67x100.jpg 67w, https:\/\/www.supercars.net\/blog\/wp-content\/uploads\/2014\/07\/DSC_9729-1-293x440.jpg 293w\" sizes=\"(max-width: 533px) 100vw, 533px\" \/><\/a>\r\n\t\t\t\t<\/a>\r\n            <\/div>\r\n                <div class='wp-caption-text gallery-caption'>\r\n                Le Mans Classic 2014 &#8211; 1972 to 1979 Race\r\n                <\/div><\/figure><figure class='gallery-item'>\r\n            <div class='gallery-icon landscape'>\r\n                <a href='https:\/\/www.supercars.net\/blog\/wp-content\/uploads\/2014\/07\/DSC_9737-2.jpg' class='tipi-lightbox'>\r\n\t\t\t\t<a href='https:\/\/www.supercars.net\/blog\/wp-content\/uploads\/2014\/07\/DSC_9737-2.jpg'><img decoding=\"async\" width=\"800\" height=\"533\" src=\"https:\/\/www.supercars.net\/blog\/wp-content\/uploads\/2014\/07\/DSC_9737-2.jpg\" class=\"attachment-full size-full\" alt=\"\" srcset=\"https:\/\/www.supercars.net\/blog\/wp-content\/uploads\/2014\/07\/DSC_9737-2.jpg 800w, https:\/\/www.supercars.net\/blog\/wp-content\/uploads\/2014\/07\/DSC_9737-2-300x200.jpg 300w, https:\/\/www.supercars.net\/blog\/wp-content\/uploads\/2014\/07\/DSC_9737-2-100x67.jpg 100w, https:\/\/www.supercars.net\/blog\/wp-content\/uploads\/2014\/07\/DSC_9737-2-770x513.jpg 770w, https:\/\/www.supercars.net\/blog\/wp-content\/uploads\/2014\/07\/DSC_9737-2-360x240.jpg 360w, https:\/\/www.supercars.net\/blog\/wp-content\/uploads\/2014\/07\/DSC_9737-2-370x247.jpg 370w, https:\/\/www.supercars.net\/blog\/wp-content\/uploads\/2014\/07\/DSC_9737-2-293x195.jpg 293w\" sizes=\"(max-width: 800px) 100vw, 800px\" \/><\/a>\r\n\t\t\t\t<\/a>\r\n            <\/div>\r\n                <div class='wp-caption-text gallery-caption'>\r\n                Race winning 1973 Gulf Mirage of Chris MacAllister\r\n                <\/div><\/figure><figure class='gallery-item'>\r\n            <div class='gallery-icon landscape'>\r\n                <a href='https:\/\/www.supercars.net\/blog\/wp-content\/uploads\/2014\/07\/DSC_9738-2.jpg' class='tipi-lightbox'>\r\n\t\t\t\t<a href='https:\/\/www.supercars.net\/blog\/wp-content\/uploads\/2014\/07\/DSC_9738-2.jpg'><img decoding=\"async\" width=\"800\" height=\"533\" src=\"https:\/\/www.supercars.net\/blog\/wp-content\/uploads\/2014\/07\/DSC_9738-2.jpg\" class=\"attachment-full size-full\" alt=\"\" srcset=\"https:\/\/www.supercars.net\/blog\/wp-content\/uploads\/2014\/07\/DSC_9738-2.jpg 800w, https:\/\/www.supercars.net\/blog\/wp-content\/uploads\/2014\/07\/DSC_9738-2-300x200.jpg 300w, https:\/\/www.supercars.net\/blog\/wp-content\/uploads\/2014\/07\/DSC_9738-2-100x67.jpg 100w, https:\/\/www.supercars.net\/blog\/wp-content\/uploads\/2014\/07\/DSC_9738-2-770x513.jpg 770w, https:\/\/www.supercars.net\/blog\/wp-content\/uploads\/2014\/07\/DSC_9738-2-360x240.jpg 360w, https:\/\/www.supercars.net\/blog\/wp-content\/uploads\/2014\/07\/DSC_9738-2-370x247.jpg 370w, https:\/\/www.supercars.net\/blog\/wp-content\/uploads\/2014\/07\/DSC_9738-2-293x195.jpg 293w\" sizes=\"(max-width: 800px) 100vw, 800px\" \/><\/a>\r\n\t\t\t\t<\/a>\r\n            <\/div>\r\n                <div class='wp-caption-text gallery-caption'>\r\n                Porsche 935\r\n                <\/div><\/figure><figure class='gallery-item'>\r\n            <div class='gallery-icon landscape'>\r\n                <a href='https:\/\/www.supercars.net\/blog\/wp-content\/uploads\/2014\/07\/DSC_9740-1.jpg' class='tipi-lightbox'>\r\n\t\t\t\t<a href='https:\/\/www.supercars.net\/blog\/wp-content\/uploads\/2014\/07\/DSC_9740-1.jpg'><img decoding=\"async\" width=\"800\" height=\"533\" src=\"https:\/\/www.supercars.net\/blog\/wp-content\/uploads\/2014\/07\/DSC_9740-1.jpg\" class=\"attachment-full size-full\" alt=\"\" srcset=\"https:\/\/www.supercars.net\/blog\/wp-content\/uploads\/2014\/07\/DSC_9740-1.jpg 800w, https:\/\/www.supercars.net\/blog\/wp-content\/uploads\/2014\/07\/DSC_9740-1-300x200.jpg 300w, https:\/\/www.supercars.net\/blog\/wp-content\/uploads\/2014\/07\/DSC_9740-1-100x67.jpg 100w, https:\/\/www.supercars.net\/blog\/wp-content\/uploads\/2014\/07\/DSC_9740-1-770x513.jpg 770w, https:\/\/www.supercars.net\/blog\/wp-content\/uploads\/2014\/07\/DSC_9740-1-360x240.jpg 360w, https:\/\/www.supercars.net\/blog\/wp-content\/uploads\/2014\/07\/DSC_9740-1-370x247.jpg 370w, https:\/\/www.supercars.net\/blog\/wp-content\/uploads\/2014\/07\/DSC_9740-1-293x195.jpg 293w\" sizes=\"(max-width: 800px) 100vw, 800px\" \/><\/a>\r\n\t\t\t\t<\/a>\r\n            <\/div>\r\n                <div class='wp-caption-text gallery-caption'>\r\n                Porsche 935\r\n                <\/div><\/figure><figure class='gallery-item'>\r\n            <div class='gallery-icon landscape'>\r\n                <a href='https:\/\/www.supercars.net\/blog\/wp-content\/uploads\/2014\/07\/DSC_9746-3.jpg' class='tipi-lightbox'>\r\n\t\t\t\t<a href='https:\/\/www.supercars.net\/blog\/wp-content\/uploads\/2014\/07\/DSC_9746-3.jpg'><img decoding=\"async\" width=\"800\" height=\"533\" src=\"https:\/\/www.supercars.net\/blog\/wp-content\/uploads\/2014\/07\/DSC_9746-3.jpg\" class=\"attachment-full size-full\" alt=\"\" srcset=\"https:\/\/www.supercars.net\/blog\/wp-content\/uploads\/2014\/07\/DSC_9746-3.jpg 800w, https:\/\/www.supercars.net\/blog\/wp-content\/uploads\/2014\/07\/DSC_9746-3-300x200.jpg 300w, https:\/\/www.supercars.net\/blog\/wp-content\/uploads\/2014\/07\/DSC_9746-3-100x67.jpg 100w, https:\/\/www.supercars.net\/blog\/wp-content\/uploads\/2014\/07\/DSC_9746-3-770x513.jpg 770w, https:\/\/www.supercars.net\/blog\/wp-content\/uploads\/2014\/07\/DSC_9746-3-360x240.jpg 360w, https:\/\/www.supercars.net\/blog\/wp-content\/uploads\/2014\/07\/DSC_9746-3-370x247.jpg 370w, https:\/\/www.supercars.net\/blog\/wp-content\/uploads\/2014\/07\/DSC_9746-3-293x195.jpg 293w\" sizes=\"(max-width: 800px) 100vw, 800px\" \/><\/a>\r\n\t\t\t\t<\/a>\r\n            <\/div>\r\n                <div class='wp-caption-text gallery-caption'>\r\n                BMW CSL\r\n                <\/div><\/figure><figure class='gallery-item'>\r\n            <div class='gallery-icon landscape'>\r\n                <a href='https:\/\/www.supercars.net\/blog\/wp-content\/uploads\/2014\/07\/DSC_9747-2.jpg' class='tipi-lightbox'>\r\n\t\t\t\t<a href='https:\/\/www.supercars.net\/blog\/wp-content\/uploads\/2014\/07\/DSC_9747-2.jpg'><img decoding=\"async\" width=\"800\" height=\"533\" src=\"https:\/\/www.supercars.net\/blog\/wp-content\/uploads\/2014\/07\/DSC_9747-2.jpg\" class=\"attachment-full size-full\" alt=\"\" srcset=\"https:\/\/www.supercars.net\/blog\/wp-content\/uploads\/2014\/07\/DSC_9747-2.jpg 800w, https:\/\/www.supercars.net\/blog\/wp-content\/uploads\/2014\/07\/DSC_9747-2-300x200.jpg 300w, https:\/\/www.supercars.net\/blog\/wp-content\/uploads\/2014\/07\/DSC_9747-2-100x67.jpg 100w, https:\/\/www.supercars.net\/blog\/wp-content\/uploads\/2014\/07\/DSC_9747-2-770x513.jpg 770w, https:\/\/www.supercars.net\/blog\/wp-content\/uploads\/2014\/07\/DSC_9747-2-360x240.jpg 360w, https:\/\/www.supercars.net\/blog\/wp-content\/uploads\/2014\/07\/DSC_9747-2-370x247.jpg 370w, https:\/\/www.supercars.net\/blog\/wp-content\/uploads\/2014\/07\/DSC_9747-2-293x195.jpg 293w\" sizes=\"(max-width: 800px) 100vw, 800px\" \/><\/a>\r\n\t\t\t\t<\/a>\r\n            <\/div>\r\n                <div class='wp-caption-text gallery-caption'>\r\n                1979 Porsche 935 K3\r\n                <\/div><\/figure><figure class='gallery-item'>\r\n            <div class='gallery-icon landscape'>\r\n                <a href='https:\/\/www.supercars.net\/blog\/wp-content\/uploads\/2014\/07\/DSC_9750-1.jpg' class='tipi-lightbox'>\r\n\t\t\t\t<a href='https:\/\/www.supercars.net\/blog\/wp-content\/uploads\/2014\/07\/DSC_9750-1.jpg'><img decoding=\"async\" width=\"800\" height=\"533\" src=\"https:\/\/www.supercars.net\/blog\/wp-content\/uploads\/2014\/07\/DSC_9750-1.jpg\" class=\"attachment-full size-full\" alt=\"\" srcset=\"https:\/\/www.supercars.net\/blog\/wp-content\/uploads\/2014\/07\/DSC_9750-1.jpg 800w, https:\/\/www.supercars.net\/blog\/wp-content\/uploads\/2014\/07\/DSC_9750-1-300x200.jpg 300w, https:\/\/www.supercars.net\/blog\/wp-content\/uploads\/2014\/07\/DSC_9750-1-100x67.jpg 100w, https:\/\/www.supercars.net\/blog\/wp-content\/uploads\/2014\/07\/DSC_9750-1-770x513.jpg 770w, https:\/\/www.supercars.net\/blog\/wp-content\/uploads\/2014\/07\/DSC_9750-1-360x240.jpg 360w, https:\/\/www.supercars.net\/blog\/wp-content\/uploads\/2014\/07\/DSC_9750-1-370x247.jpg 370w, https:\/\/www.supercars.net\/blog\/wp-content\/uploads\/2014\/07\/DSC_9750-1-293x195.jpg 293w\" sizes=\"(max-width: 800px) 100vw, 800px\" \/><\/a>\r\n\t\t\t\t<\/a>\r\n            <\/div>\r\n                <div class='wp-caption-text gallery-caption'>\r\n                Ferrari 512 BB LM\r\n                <\/div><\/figure><figure class='gallery-item'>\r\n            <div class='gallery-icon landscape'>\r\n                <a href='https:\/\/www.supercars.net\/blog\/wp-content\/uploads\/2014\/07\/DSC_9752-1.jpg' class='tipi-lightbox'>\r\n\t\t\t\t<a href='https:\/\/www.supercars.net\/blog\/wp-content\/uploads\/2014\/07\/DSC_9752-1.jpg'><img decoding=\"async\" width=\"800\" height=\"533\" src=\"https:\/\/www.supercars.net\/blog\/wp-content\/uploads\/2014\/07\/DSC_9752-1.jpg\" class=\"attachment-full size-full\" alt=\"\" srcset=\"https:\/\/www.supercars.net\/blog\/wp-content\/uploads\/2014\/07\/DSC_9752-1.jpg 800w, https:\/\/www.supercars.net\/blog\/wp-content\/uploads\/2014\/07\/DSC_9752-1-300x200.jpg 300w, https:\/\/www.supercars.net\/blog\/wp-content\/uploads\/2014\/07\/DSC_9752-1-100x67.jpg 100w, https:\/\/www.supercars.net\/blog\/wp-content\/uploads\/2014\/07\/DSC_9752-1-770x513.jpg 770w, https:\/\/www.supercars.net\/blog\/wp-content\/uploads\/2014\/07\/DSC_9752-1-360x240.jpg 360w, https:\/\/www.supercars.net\/blog\/wp-content\/uploads\/2014\/07\/DSC_9752-1-370x247.jpg 370w, https:\/\/www.supercars.net\/blog\/wp-content\/uploads\/2014\/07\/DSC_9752-1-293x195.jpg 293w\" sizes=\"(max-width: 800px) 100vw, 800px\" \/><\/a>\r\n\t\t\t\t<\/a>\r\n            <\/div>\r\n                <div class='wp-caption-text gallery-caption'>\r\n                1972 Porsche 911 Carrera RS 2.7 and 1972 BMW 3.0 CSL\r\n                <\/div><\/figure><figure class='gallery-item'>\r\n            <div class='gallery-icon landscape'>\r\n                <a href='https:\/\/www.supercars.net\/blog\/wp-content\/uploads\/2014\/07\/DSC_9754-1.jpg' class='tipi-lightbox'>\r\n\t\t\t\t<a href='https:\/\/www.supercars.net\/blog\/wp-content\/uploads\/2014\/07\/DSC_9754-1.jpg'><img decoding=\"async\" width=\"800\" height=\"533\" src=\"https:\/\/www.supercars.net\/blog\/wp-content\/uploads\/2014\/07\/DSC_9754-1.jpg\" class=\"attachment-full size-full\" alt=\"\" srcset=\"https:\/\/www.supercars.net\/blog\/wp-content\/uploads\/2014\/07\/DSC_9754-1.jpg 800w, https:\/\/www.supercars.net\/blog\/wp-content\/uploads\/2014\/07\/DSC_9754-1-300x200.jpg 300w, https:\/\/www.supercars.net\/blog\/wp-content\/uploads\/2014\/07\/DSC_9754-1-100x67.jpg 100w, https:\/\/www.supercars.net\/blog\/wp-content\/uploads\/2014\/07\/DSC_9754-1-770x513.jpg 770w, https:\/\/www.supercars.net\/blog\/wp-content\/uploads\/2014\/07\/DSC_9754-1-360x240.jpg 360w, https:\/\/www.supercars.net\/blog\/wp-content\/uploads\/2014\/07\/DSC_9754-1-370x247.jpg 370w, https:\/\/www.supercars.net\/blog\/wp-content\/uploads\/2014\/07\/DSC_9754-1-293x195.jpg 293w\" sizes=\"(max-width: 800px) 100vw, 800px\" \/><\/a>\r\n\t\t\t\t<\/a>\r\n            <\/div>\r\n                <div class='wp-caption-text gallery-caption'>\r\n                Porsche 935\r\n                <\/div><\/figure><figure class='gallery-item'>\r\n            <div class='gallery-icon landscape'>\r\n                <a href='https:\/\/www.supercars.net\/blog\/wp-content\/uploads\/2014\/07\/DSC_9758-1.jpg' class='tipi-lightbox'>\r\n\t\t\t\t<a href='https:\/\/www.supercars.net\/blog\/wp-content\/uploads\/2014\/07\/DSC_9758-1.jpg'><img decoding=\"async\" width=\"800\" height=\"533\" src=\"https:\/\/www.supercars.net\/blog\/wp-content\/uploads\/2014\/07\/DSC_9758-1.jpg\" class=\"attachment-full size-full\" alt=\"\" srcset=\"https:\/\/www.supercars.net\/blog\/wp-content\/uploads\/2014\/07\/DSC_9758-1.jpg 800w, https:\/\/www.supercars.net\/blog\/wp-content\/uploads\/2014\/07\/DSC_9758-1-300x200.jpg 300w, https:\/\/www.supercars.net\/blog\/wp-content\/uploads\/2014\/07\/DSC_9758-1-100x67.jpg 100w, https:\/\/www.supercars.net\/blog\/wp-content\/uploads\/2014\/07\/DSC_9758-1-770x513.jpg 770w, https:\/\/www.supercars.net\/blog\/wp-content\/uploads\/2014\/07\/DSC_9758-1-360x240.jpg 360w, https:\/\/www.supercars.net\/blog\/wp-content\/uploads\/2014\/07\/DSC_9758-1-370x247.jpg 370w, https:\/\/www.supercars.net\/blog\/wp-content\/uploads\/2014\/07\/DSC_9758-1-293x195.jpg 293w\" sizes=\"(max-width: 800px) 100vw, 800px\" \/><\/a>\r\n\t\t\t\t<\/a>\r\n            <\/div>\r\n                <div class='wp-caption-text gallery-caption'>\r\n                1979 BMW M1\r\n                <\/div><\/figure><figure class='gallery-item'>\r\n            <div class='gallery-icon landscape'>\r\n                <a href='https:\/\/www.supercars.net\/blog\/wp-content\/uploads\/2014\/07\/DSC_9761-1.jpg' class='tipi-lightbox'>\r\n\t\t\t\t<a href='https:\/\/www.supercars.net\/blog\/wp-content\/uploads\/2014\/07\/DSC_9761-1.jpg'><img decoding=\"async\" width=\"800\" height=\"533\" src=\"https:\/\/www.supercars.net\/blog\/wp-content\/uploads\/2014\/07\/DSC_9761-1.jpg\" class=\"attachment-full size-full\" alt=\"\" srcset=\"https:\/\/www.supercars.net\/blog\/wp-content\/uploads\/2014\/07\/DSC_9761-1.jpg 800w, https:\/\/www.supercars.net\/blog\/wp-content\/uploads\/2014\/07\/DSC_9761-1-300x200.jpg 300w, https:\/\/www.supercars.net\/blog\/wp-content\/uploads\/2014\/07\/DSC_9761-1-100x67.jpg 100w, https:\/\/www.supercars.net\/blog\/wp-content\/uploads\/2014\/07\/DSC_9761-1-770x513.jpg 770w, https:\/\/www.supercars.net\/blog\/wp-content\/uploads\/2014\/07\/DSC_9761-1-360x240.jpg 360w, https:\/\/www.supercars.net\/blog\/wp-content\/uploads\/2014\/07\/DSC_9761-1-370x247.jpg 370w, https:\/\/www.supercars.net\/blog\/wp-content\/uploads\/2014\/07\/DSC_9761-1-293x195.jpg 293w\" sizes=\"(max-width: 800px) 100vw, 800px\" \/><\/a>\r\n\t\t\t\t<\/a>\r\n            <\/div>\r\n                <div class='wp-caption-text gallery-caption'>\r\n                1978 Porsche 935 and 1976 Chevron B36 BDG\r\n                <\/div><\/figure><figure class='gallery-item'>\r\n            <div class='gallery-icon landscape'>\r\n                <a href='https:\/\/www.supercars.net\/blog\/wp-content\/uploads\/2014\/07\/DSC_9770-4.jpg' class='tipi-lightbox'>\r\n\t\t\t\t<a href='https:\/\/www.supercars.net\/blog\/wp-content\/uploads\/2014\/07\/DSC_9770-4.jpg'><img decoding=\"async\" width=\"800\" height=\"533\" src=\"https:\/\/www.supercars.net\/blog\/wp-content\/uploads\/2014\/07\/DSC_9770-4.jpg\" class=\"attachment-full size-full\" alt=\"\" srcset=\"https:\/\/www.supercars.net\/blog\/wp-content\/uploads\/2014\/07\/DSC_9770-4.jpg 800w, https:\/\/www.supercars.net\/blog\/wp-content\/uploads\/2014\/07\/DSC_9770-4-300x200.jpg 300w, https:\/\/www.supercars.net\/blog\/wp-content\/uploads\/2014\/07\/DSC_9770-4-100x67.jpg 100w, https:\/\/www.supercars.net\/blog\/wp-content\/uploads\/2014\/07\/DSC_9770-4-770x513.jpg 770w, https:\/\/www.supercars.net\/blog\/wp-content\/uploads\/2014\/07\/DSC_9770-4-360x240.jpg 360w, https:\/\/www.supercars.net\/blog\/wp-content\/uploads\/2014\/07\/DSC_9770-4-370x247.jpg 370w, https:\/\/www.supercars.net\/blog\/wp-content\/uploads\/2014\/07\/DSC_9770-4-293x195.jpg 293w\" sizes=\"(max-width: 800px) 100vw, 800px\" \/><\/a>\r\n\t\t\t\t<\/a>\r\n            <\/div>\r\n                <div class='wp-caption-text gallery-caption'>\r\n                Ferrari 512 BB LM\r\n                <\/div><\/figure><figure class='gallery-item'>\r\n            <div class='gallery-icon landscape'>\r\n                <a href='https:\/\/www.supercars.net\/blog\/wp-content\/uploads\/2014\/07\/DSC_9772-2.jpg' class='tipi-lightbox'>\r\n\t\t\t\t<a href='https:\/\/www.supercars.net\/blog\/wp-content\/uploads\/2014\/07\/DSC_9772-2.jpg'><img decoding=\"async\" width=\"800\" height=\"533\" src=\"https:\/\/www.supercars.net\/blog\/wp-content\/uploads\/2014\/07\/DSC_9772-2.jpg\" class=\"attachment-full size-full\" alt=\"\" srcset=\"https:\/\/www.supercars.net\/blog\/wp-content\/uploads\/2014\/07\/DSC_9772-2.jpg 800w, https:\/\/www.supercars.net\/blog\/wp-content\/uploads\/2014\/07\/DSC_9772-2-300x200.jpg 300w, https:\/\/www.supercars.net\/blog\/wp-content\/uploads\/2014\/07\/DSC_9772-2-100x67.jpg 100w, https:\/\/www.supercars.net\/blog\/wp-content\/uploads\/2014\/07\/DSC_9772-2-770x513.jpg 770w, https:\/\/www.supercars.net\/blog\/wp-content\/uploads\/2014\/07\/DSC_9772-2-360x240.jpg 360w, https:\/\/www.supercars.net\/blog\/wp-content\/uploads\/2014\/07\/DSC_9772-2-370x247.jpg 370w, https:\/\/www.supercars.net\/blog\/wp-content\/uploads\/2014\/07\/DSC_9772-2-293x195.jpg 293w\" sizes=\"(max-width: 800px) 100vw, 800px\" \/><\/a>\r\n\t\t\t\t<\/a>\r\n            <\/div>\r\n                <div class='wp-caption-text gallery-caption'>\r\n                Le Mans Classic 2014 &#8211; 1972 to 1979 Race\r\n                <\/div><\/figure><figure class='gallery-item'>\r\n            <div class='gallery-icon landscape'>\r\n                <a href='https:\/\/www.supercars.net\/blog\/wp-content\/uploads\/2014\/07\/DSC_9775-3.jpg' class='tipi-lightbox'>\r\n\t\t\t\t<a href='https:\/\/www.supercars.net\/blog\/wp-content\/uploads\/2014\/07\/DSC_9775-3.jpg'><img decoding=\"async\" width=\"800\" height=\"533\" src=\"https:\/\/www.supercars.net\/blog\/wp-content\/uploads\/2014\/07\/DSC_9775-3.jpg\" class=\"attachment-full size-full\" alt=\"\" srcset=\"https:\/\/www.supercars.net\/blog\/wp-content\/uploads\/2014\/07\/DSC_9775-3.jpg 800w, https:\/\/www.supercars.net\/blog\/wp-content\/uploads\/2014\/07\/DSC_9775-3-300x200.jpg 300w, https:\/\/www.supercars.net\/blog\/wp-content\/uploads\/2014\/07\/DSC_9775-3-100x67.jpg 100w, https:\/\/www.supercars.net\/blog\/wp-content\/uploads\/2014\/07\/DSC_9775-3-770x513.jpg 770w, https:\/\/www.supercars.net\/blog\/wp-content\/uploads\/2014\/07\/DSC_9775-3-360x240.jpg 360w, https:\/\/www.supercars.net\/blog\/wp-content\/uploads\/2014\/07\/DSC_9775-3-370x247.jpg 370w, https:\/\/www.supercars.net\/blog\/wp-content\/uploads\/2014\/07\/DSC_9775-3-293x195.jpg 293w\" sizes=\"(max-width: 800px) 100vw, 800px\" \/><\/a>\r\n\t\t\t\t<\/a>\r\n            <\/div>\r\n                <div class='wp-caption-text gallery-caption'>\r\n                1973 BMW CSL 3.0, 1974 Porsche 911 RSR 3.0, 1979 Porsche 935 K3 and 1974 Porsche 911 RSR 3.0\r\n                <\/div><\/figure><figure class='gallery-item'>\r\n            <div class='gallery-icon landscape'>\r\n                <a href='https:\/\/www.supercars.net\/blog\/wp-content\/uploads\/2014\/07\/DSC_9780-1.jpg' class='tipi-lightbox'>\r\n\t\t\t\t<a href='https:\/\/www.supercars.net\/blog\/wp-content\/uploads\/2014\/07\/DSC_9780-1.jpg'><img decoding=\"async\" width=\"800\" height=\"533\" src=\"https:\/\/www.supercars.net\/blog\/wp-content\/uploads\/2014\/07\/DSC_9780-1.jpg\" class=\"attachment-full size-full\" alt=\"\" srcset=\"https:\/\/www.supercars.net\/blog\/wp-content\/uploads\/2014\/07\/DSC_9780-1.jpg 800w, https:\/\/www.supercars.net\/blog\/wp-content\/uploads\/2014\/07\/DSC_9780-1-300x200.jpg 300w, https:\/\/www.supercars.net\/blog\/wp-content\/uploads\/2014\/07\/DSC_9780-1-100x67.jpg 100w, https:\/\/www.supercars.net\/blog\/wp-content\/uploads\/2014\/07\/DSC_9780-1-770x513.jpg 770w, https:\/\/www.supercars.net\/blog\/wp-content\/uploads\/2014\/07\/DSC_9780-1-360x240.jpg 360w, https:\/\/www.supercars.net\/blog\/wp-content\/uploads\/2014\/07\/DSC_9780-1-370x247.jpg 370w, https:\/\/www.supercars.net\/blog\/wp-content\/uploads\/2014\/07\/DSC_9780-1-293x195.jpg 293w\" sizes=\"(max-width: 800px) 100vw, 800px\" \/><\/a>\r\n\t\t\t\t<\/a>\r\n            <\/div>\r\n                <div class='wp-caption-text gallery-caption'>\r\n                1977 Porsche 935\r\n                <\/div><\/figure><figure class='gallery-item'>\r\n            <div class='gallery-icon landscape'>\r\n                <a href='https:\/\/www.supercars.net\/blog\/wp-content\/uploads\/2014\/07\/DSC_9781-1.jpg' class='tipi-lightbox'>\r\n\t\t\t\t<a href='https:\/\/www.supercars.net\/blog\/wp-content\/uploads\/2014\/07\/DSC_9781-1.jpg'><img decoding=\"async\" width=\"800\" height=\"533\" src=\"https:\/\/www.supercars.net\/blog\/wp-content\/uploads\/2014\/07\/DSC_9781-1.jpg\" class=\"attachment-full size-full\" alt=\"\" srcset=\"https:\/\/www.supercars.net\/blog\/wp-content\/uploads\/2014\/07\/DSC_9781-1.jpg 800w, https:\/\/www.supercars.net\/blog\/wp-content\/uploads\/2014\/07\/DSC_9781-1-300x200.jpg 300w, https:\/\/www.supercars.net\/blog\/wp-content\/uploads\/2014\/07\/DSC_9781-1-100x67.jpg 100w, https:\/\/www.supercars.net\/blog\/wp-content\/uploads\/2014\/07\/DSC_9781-1-770x513.jpg 770w, https:\/\/www.supercars.net\/blog\/wp-content\/uploads\/2014\/07\/DSC_9781-1-360x240.jpg 360w, https:\/\/www.supercars.net\/blog\/wp-content\/uploads\/2014\/07\/DSC_9781-1-370x247.jpg 370w, https:\/\/www.supercars.net\/blog\/wp-content\/uploads\/2014\/07\/DSC_9781-1-293x195.jpg 293w\" sizes=\"(max-width: 800px) 100vw, 800px\" \/><\/a>\r\n\t\t\t\t<\/a>\r\n            <\/div>\r\n                <div class='wp-caption-text gallery-caption'>\r\n                Le Mans Classic 2014 &#8211; 1972 to 1979 Race\r\n                <\/div><\/figure><figure class='gallery-item'>\r\n            <div class='gallery-icon landscape'>\r\n                <a href='https:\/\/www.supercars.net\/blog\/wp-content\/uploads\/2014\/07\/DSC_9783-1.jpg' class='tipi-lightbox'>\r\n\t\t\t\t<a href='https:\/\/www.supercars.net\/blog\/wp-content\/uploads\/2014\/07\/DSC_9783-1.jpg'><img decoding=\"async\" width=\"800\" height=\"533\" src=\"https:\/\/www.supercars.net\/blog\/wp-content\/uploads\/2014\/07\/DSC_9783-1.jpg\" class=\"attachment-full size-full\" alt=\"\" srcset=\"https:\/\/www.supercars.net\/blog\/wp-content\/uploads\/2014\/07\/DSC_9783-1.jpg 800w, https:\/\/www.supercars.net\/blog\/wp-content\/uploads\/2014\/07\/DSC_9783-1-300x200.jpg 300w, https:\/\/www.supercars.net\/blog\/wp-content\/uploads\/2014\/07\/DSC_9783-1-100x67.jpg 100w, https:\/\/www.supercars.net\/blog\/wp-content\/uploads\/2014\/07\/DSC_9783-1-770x513.jpg 770w, https:\/\/www.supercars.net\/blog\/wp-content\/uploads\/2014\/07\/DSC_9783-1-360x240.jpg 360w, https:\/\/www.supercars.net\/blog\/wp-content\/uploads\/2014\/07\/DSC_9783-1-370x247.jpg 370w, https:\/\/www.supercars.net\/blog\/wp-content\/uploads\/2014\/07\/DSC_9783-1-293x195.jpg 293w\" sizes=\"(max-width: 800px) 100vw, 800px\" \/><\/a>\r\n\t\t\t\t<\/a>\r\n            <\/div>\r\n                <div class='wp-caption-text gallery-caption'>\r\n                Le Mans Classic 2014 &#8211; 1972 to 1979 Race\r\n                <\/div><\/figure><figure class='gallery-item'>\r\n            <div class='gallery-icon landscape'>\r\n                <a href='https:\/\/www.supercars.net\/blog\/wp-content\/uploads\/2014\/07\/DSC_9785-1-1.jpg' class='tipi-lightbox'>\r\n\t\t\t\t<a href='https:\/\/www.supercars.net\/blog\/wp-content\/uploads\/2014\/07\/DSC_9785-1-1.jpg'><img decoding=\"async\" width=\"800\" height=\"533\" src=\"https:\/\/www.supercars.net\/blog\/wp-content\/uploads\/2014\/07\/DSC_9785-1-1.jpg\" class=\"attachment-full size-full\" alt=\"\" srcset=\"https:\/\/www.supercars.net\/blog\/wp-content\/uploads\/2014\/07\/DSC_9785-1-1.jpg 800w, https:\/\/www.supercars.net\/blog\/wp-content\/uploads\/2014\/07\/DSC_9785-1-1-300x200.jpg 300w, https:\/\/www.supercars.net\/blog\/wp-content\/uploads\/2014\/07\/DSC_9785-1-1-100x67.jpg 100w, https:\/\/www.supercars.net\/blog\/wp-content\/uploads\/2014\/07\/DSC_9785-1-1-770x513.jpg 770w, https:\/\/www.supercars.net\/blog\/wp-content\/uploads\/2014\/07\/DSC_9785-1-1-360x240.jpg 360w, https:\/\/www.supercars.net\/blog\/wp-content\/uploads\/2014\/07\/DSC_9785-1-1-370x247.jpg 370w, https:\/\/www.supercars.net\/blog\/wp-content\/uploads\/2014\/07\/DSC_9785-1-1-293x195.jpg 293w\" sizes=\"(max-width: 800px) 100vw, 800px\" \/><\/a>\r\n\t\t\t\t<\/a>\r\n            <\/div>\r\n                <div class='wp-caption-text gallery-caption'>\r\n                1972 Porsche 911 Carrera RS 2.7\r\n                <\/div><\/figure><figure class='gallery-item'>\r\n            <div class='gallery-icon landscape'>\r\n                <a href='https:\/\/www.supercars.net\/blog\/wp-content\/uploads\/2014\/07\/DSC_9792-1-1.jpg' class='tipi-lightbox'>\r\n\t\t\t\t<a href='https:\/\/www.supercars.net\/blog\/wp-content\/uploads\/2014\/07\/DSC_9792-1-1.jpg'><img decoding=\"async\" width=\"800\" height=\"533\" src=\"https:\/\/www.supercars.net\/blog\/wp-content\/uploads\/2014\/07\/DSC_9792-1-1.jpg\" class=\"attachment-full size-full\" alt=\"\" srcset=\"https:\/\/www.supercars.net\/blog\/wp-content\/uploads\/2014\/07\/DSC_9792-1-1.jpg 800w, https:\/\/www.supercars.net\/blog\/wp-content\/uploads\/2014\/07\/DSC_9792-1-1-300x200.jpg 300w, https:\/\/www.supercars.net\/blog\/wp-content\/uploads\/2014\/07\/DSC_9792-1-1-100x67.jpg 100w, https:\/\/www.supercars.net\/blog\/wp-content\/uploads\/2014\/07\/DSC_9792-1-1-770x513.jpg 770w, https:\/\/www.supercars.net\/blog\/wp-content\/uploads\/2014\/07\/DSC_9792-1-1-360x240.jpg 360w, https:\/\/www.supercars.net\/blog\/wp-content\/uploads\/2014\/07\/DSC_9792-1-1-370x247.jpg 370w, https:\/\/www.supercars.net\/blog\/wp-content\/uploads\/2014\/07\/DSC_9792-1-1-293x195.jpg 293w\" sizes=\"(max-width: 800px) 100vw, 800px\" \/><\/a>\r\n\t\t\t\t<\/a>\r\n            <\/div>\r\n                <div class='wp-caption-text gallery-caption'>\r\n                Porsche 935\r\n                <\/div><\/figure><figure class='gallery-item'>\r\n            <div class='gallery-icon landscape'>\r\n                <a href='https:\/\/www.supercars.net\/blog\/wp-content\/uploads\/2014\/07\/DSC_9794-3.jpg' class='tipi-lightbox'>\r\n\t\t\t\t<a href='https:\/\/www.supercars.net\/blog\/wp-content\/uploads\/2014\/07\/DSC_9794-3.jpg'><img decoding=\"async\" width=\"800\" height=\"533\" src=\"https:\/\/www.supercars.net\/blog\/wp-content\/uploads\/2014\/07\/DSC_9794-3.jpg\" class=\"attachment-full size-full\" alt=\"\" srcset=\"https:\/\/www.supercars.net\/blog\/wp-content\/uploads\/2014\/07\/DSC_9794-3.jpg 800w, https:\/\/www.supercars.net\/blog\/wp-content\/uploads\/2014\/07\/DSC_9794-3-300x200.jpg 300w, https:\/\/www.supercars.net\/blog\/wp-content\/uploads\/2014\/07\/DSC_9794-3-100x67.jpg 100w, https:\/\/www.supercars.net\/blog\/wp-content\/uploads\/2014\/07\/DSC_9794-3-770x513.jpg 770w, https:\/\/www.supercars.net\/blog\/wp-content\/uploads\/2014\/07\/DSC_9794-3-360x240.jpg 360w, https:\/\/www.supercars.net\/blog\/wp-content\/uploads\/2014\/07\/DSC_9794-3-370x247.jpg 370w, https:\/\/www.supercars.net\/blog\/wp-content\/uploads\/2014\/07\/DSC_9794-3-293x195.jpg 293w\" sizes=\"(max-width: 800px) 100vw, 800px\" \/><\/a>\r\n\t\t\t\t<\/a>\r\n            <\/div>\r\n                <div class='wp-caption-text gallery-caption'>\r\n                1970 Ligier JS 2 DFV\r\n                <\/div><\/figure><figure class='gallery-item'>\r\n            <div class='gallery-icon landscape'>\r\n                <a href='https:\/\/www.supercars.net\/blog\/wp-content\/uploads\/2014\/07\/DSC_9796-2.jpg' class='tipi-lightbox'>\r\n\t\t\t\t<a href='https:\/\/www.supercars.net\/blog\/wp-content\/uploads\/2014\/07\/DSC_9796-2.jpg'><img decoding=\"async\" width=\"800\" height=\"533\" src=\"https:\/\/www.supercars.net\/blog\/wp-content\/uploads\/2014\/07\/DSC_9796-2.jpg\" class=\"attachment-full size-full\" alt=\"\" srcset=\"https:\/\/www.supercars.net\/blog\/wp-content\/uploads\/2014\/07\/DSC_9796-2.jpg 800w, https:\/\/www.supercars.net\/blog\/wp-content\/uploads\/2014\/07\/DSC_9796-2-300x200.jpg 300w, https:\/\/www.supercars.net\/blog\/wp-content\/uploads\/2014\/07\/DSC_9796-2-100x67.jpg 100w, https:\/\/www.supercars.net\/blog\/wp-content\/uploads\/2014\/07\/DSC_9796-2-770x513.jpg 770w, https:\/\/www.supercars.net\/blog\/wp-content\/uploads\/2014\/07\/DSC_9796-2-360x240.jpg 360w, https:\/\/www.supercars.net\/blog\/wp-content\/uploads\/2014\/07\/DSC_9796-2-370x247.jpg 370w, https:\/\/www.supercars.net\/blog\/wp-content\/uploads\/2014\/07\/DSC_9796-2-293x195.jpg 293w\" sizes=\"(max-width: 800px) 100vw, 800px\" \/><\/a>\r\n\t\t\t\t<\/a>\r\n            <\/div>\r\n                <div class='wp-caption-text gallery-caption'>\r\n                Porsche 935\r\n                <\/div><\/figure><figure class='gallery-item'>\r\n            <div class='gallery-icon landscape'>\r\n                <a href='https:\/\/www.supercars.net\/blog\/wp-content\/uploads\/2014\/07\/DSC_9799-2.jpg' class='tipi-lightbox'>\r\n\t\t\t\t<a href='https:\/\/www.supercars.net\/blog\/wp-content\/uploads\/2014\/07\/DSC_9799-2.jpg'><img decoding=\"async\" width=\"800\" height=\"533\" src=\"https:\/\/www.supercars.net\/blog\/wp-content\/uploads\/2014\/07\/DSC_9799-2.jpg\" class=\"attachment-full size-full\" alt=\"\" srcset=\"https:\/\/www.supercars.net\/blog\/wp-content\/uploads\/2014\/07\/DSC_9799-2.jpg 800w, https:\/\/www.supercars.net\/blog\/wp-content\/uploads\/2014\/07\/DSC_9799-2-300x200.jpg 300w, https:\/\/www.supercars.net\/blog\/wp-content\/uploads\/2014\/07\/DSC_9799-2-100x67.jpg 100w, https:\/\/www.supercars.net\/blog\/wp-content\/uploads\/2014\/07\/DSC_9799-2-770x513.jpg 770w, https:\/\/www.supercars.net\/blog\/wp-content\/uploads\/2014\/07\/DSC_9799-2-360x240.jpg 360w, https:\/\/www.supercars.net\/blog\/wp-content\/uploads\/2014\/07\/DSC_9799-2-370x247.jpg 370w, https:\/\/www.supercars.net\/blog\/wp-content\/uploads\/2014\/07\/DSC_9799-2-293x195.jpg 293w\" sizes=\"(max-width: 800px) 100vw, 800px\" \/><\/a>\r\n\t\t\t\t<\/a>\r\n            <\/div>\r\n                <div class='wp-caption-text gallery-caption'>\r\n                1973 Porsche 911 RSR Turbo\r\n                <\/div><\/figure><figure class='gallery-item'>\r\n            <div class='gallery-icon landscape'>\r\n                <a href='https:\/\/www.supercars.net\/blog\/wp-content\/uploads\/2014\/07\/DSC_9802-2.jpg' class='tipi-lightbox'>\r\n\t\t\t\t<a href='https:\/\/www.supercars.net\/blog\/wp-content\/uploads\/2014\/07\/DSC_9802-2.jpg'><img decoding=\"async\" width=\"800\" height=\"533\" src=\"https:\/\/www.supercars.net\/blog\/wp-content\/uploads\/2014\/07\/DSC_9802-2.jpg\" class=\"attachment-full size-full\" alt=\"\" srcset=\"https:\/\/www.supercars.net\/blog\/wp-content\/uploads\/2014\/07\/DSC_9802-2.jpg 800w, https:\/\/www.supercars.net\/blog\/wp-content\/uploads\/2014\/07\/DSC_9802-2-300x200.jpg 300w, https:\/\/www.supercars.net\/blog\/wp-content\/uploads\/2014\/07\/DSC_9802-2-100x67.jpg 100w, https:\/\/www.supercars.net\/blog\/wp-content\/uploads\/2014\/07\/DSC_9802-2-770x513.jpg 770w, https:\/\/www.supercars.net\/blog\/wp-content\/uploads\/2014\/07\/DSC_9802-2-360x240.jpg 360w, https:\/\/www.supercars.net\/blog\/wp-content\/uploads\/2014\/07\/DSC_9802-2-370x247.jpg 370w, https:\/\/www.supercars.net\/blog\/wp-content\/uploads\/2014\/07\/DSC_9802-2-293x195.jpg 293w\" sizes=\"(max-width: 800px) 100vw, 800px\" \/><\/a>\r\n\t\t\t\t<\/a>\r\n            <\/div>\r\n                <div class='wp-caption-text gallery-caption'>\r\n                Porsche 935\r\n                <\/div><\/figure><figure class='gallery-item'>\r\n            <div class='gallery-icon landscape'>\r\n                <a href='https:\/\/www.supercars.net\/blog\/wp-content\/uploads\/2014\/07\/DSC_9803-2.jpg' class='tipi-lightbox'>\r\n\t\t\t\t<a href='https:\/\/www.supercars.net\/blog\/wp-content\/uploads\/2014\/07\/DSC_9803-2.jpg'><img decoding=\"async\" width=\"800\" height=\"533\" src=\"https:\/\/www.supercars.net\/blog\/wp-content\/uploads\/2014\/07\/DSC_9803-2.jpg\" class=\"attachment-full size-full\" alt=\"\" srcset=\"https:\/\/www.supercars.net\/blog\/wp-content\/uploads\/2014\/07\/DSC_9803-2.jpg 800w, https:\/\/www.supercars.net\/blog\/wp-content\/uploads\/2014\/07\/DSC_9803-2-300x200.jpg 300w, https:\/\/www.supercars.net\/blog\/wp-content\/uploads\/2014\/07\/DSC_9803-2-100x67.jpg 100w, https:\/\/www.supercars.net\/blog\/wp-content\/uploads\/2014\/07\/DSC_9803-2-770x513.jpg 770w, https:\/\/www.supercars.net\/blog\/wp-content\/uploads\/2014\/07\/DSC_9803-2-360x240.jpg 360w, https:\/\/www.supercars.net\/blog\/wp-content\/uploads\/2014\/07\/DSC_9803-2-370x247.jpg 370w, https:\/\/www.supercars.net\/blog\/wp-content\/uploads\/2014\/07\/DSC_9803-2-293x195.jpg 293w\" sizes=\"(max-width: 800px) 100vw, 800px\" \/><\/a>\r\n\t\t\t\t<\/a>\r\n            <\/div>\r\n                <div class='wp-caption-text gallery-caption'>\r\n                1978 Porsche 935\r\n                <\/div><\/figure><figure class='gallery-item'>\r\n            <div class='gallery-icon landscape'>\r\n                <a href='https:\/\/www.supercars.net\/blog\/wp-content\/uploads\/2014\/07\/DSC_9805-5.jpg' class='tipi-lightbox'>\r\n\t\t\t\t<a href='https:\/\/www.supercars.net\/blog\/wp-content\/uploads\/2014\/07\/DSC_9805-5.jpg'><img decoding=\"async\" width=\"800\" height=\"533\" src=\"https:\/\/www.supercars.net\/blog\/wp-content\/uploads\/2014\/07\/DSC_9805-5.jpg\" class=\"attachment-full size-full\" alt=\"\" srcset=\"https:\/\/www.supercars.net\/blog\/wp-content\/uploads\/2014\/07\/DSC_9805-5.jpg 800w, https:\/\/www.supercars.net\/blog\/wp-content\/uploads\/2014\/07\/DSC_9805-5-300x200.jpg 300w, https:\/\/www.supercars.net\/blog\/wp-content\/uploads\/2014\/07\/DSC_9805-5-100x67.jpg 100w, https:\/\/www.supercars.net\/blog\/wp-content\/uploads\/2014\/07\/DSC_9805-5-770x513.jpg 770w, https:\/\/www.supercars.net\/blog\/wp-content\/uploads\/2014\/07\/DSC_9805-5-360x240.jpg 360w, https:\/\/www.supercars.net\/blog\/wp-content\/uploads\/2014\/07\/DSC_9805-5-370x247.jpg 370w, https:\/\/www.supercars.net\/blog\/wp-content\/uploads\/2014\/07\/DSC_9805-5-293x195.jpg 293w\" sizes=\"(max-width: 800px) 100vw, 800px\" \/><\/a>\r\n\t\t\t\t<\/a>\r\n            <\/div>\r\n                <div class='wp-caption-text gallery-caption'>\r\n                Le Mans Classic 2014 &#8211; 1972 to 1979 Race\r\n                <\/div><\/figure><figure class='gallery-item'>\r\n            <div class='gallery-icon landscape'>\r\n                <a href='https:\/\/www.supercars.net\/blog\/wp-content\/uploads\/2014\/07\/DSC_9810-4.jpg' class='tipi-lightbox'>\r\n\t\t\t\t<a href='https:\/\/www.supercars.net\/blog\/wp-content\/uploads\/2014\/07\/DSC_9810-4.jpg'><img decoding=\"async\" width=\"800\" height=\"533\" src=\"https:\/\/www.supercars.net\/blog\/wp-content\/uploads\/2014\/07\/DSC_9810-4.jpg\" class=\"attachment-full size-full\" alt=\"\" srcset=\"https:\/\/www.supercars.net\/blog\/wp-content\/uploads\/2014\/07\/DSC_9810-4.jpg 800w, https:\/\/www.supercars.net\/blog\/wp-content\/uploads\/2014\/07\/DSC_9810-4-300x200.jpg 300w, https:\/\/www.supercars.net\/blog\/wp-content\/uploads\/2014\/07\/DSC_9810-4-100x67.jpg 100w, https:\/\/www.supercars.net\/blog\/wp-content\/uploads\/2014\/07\/DSC_9810-4-770x513.jpg 770w, https:\/\/www.supercars.net\/blog\/wp-content\/uploads\/2014\/07\/DSC_9810-4-360x240.jpg 360w, https:\/\/www.supercars.net\/blog\/wp-content\/uploads\/2014\/07\/DSC_9810-4-370x247.jpg 370w, https:\/\/www.supercars.net\/blog\/wp-content\/uploads\/2014\/07\/DSC_9810-4-293x195.jpg 293w\" sizes=\"(max-width: 800px) 100vw, 800px\" \/><\/a>\r\n\t\t\t\t<\/a>\r\n            <\/div>\r\n                <div class='wp-caption-text gallery-caption'>\r\n                1979 Porsche 935 K3 between pair of 1974 Porsche 911 RSR 3.0 Litres\r\n                <\/div><\/figure><figure class='gallery-item'>\r\n            <div class='gallery-icon landscape'>\r\n                <a href='https:\/\/www.supercars.net\/blog\/wp-content\/uploads\/2014\/07\/DSC_9812-2.jpg' class='tipi-lightbox'>\r\n\t\t\t\t<a href='https:\/\/www.supercars.net\/blog\/wp-content\/uploads\/2014\/07\/DSC_9812-2.jpg'><img decoding=\"async\" width=\"800\" height=\"533\" src=\"https:\/\/www.supercars.net\/blog\/wp-content\/uploads\/2014\/07\/DSC_9812-2.jpg\" class=\"attachment-full size-full\" alt=\"\" srcset=\"https:\/\/www.supercars.net\/blog\/wp-content\/uploads\/2014\/07\/DSC_9812-2.jpg 800w, https:\/\/www.supercars.net\/blog\/wp-content\/uploads\/2014\/07\/DSC_9812-2-300x200.jpg 300w, https:\/\/www.supercars.net\/blog\/wp-content\/uploads\/2014\/07\/DSC_9812-2-100x67.jpg 100w, https:\/\/www.supercars.net\/blog\/wp-content\/uploads\/2014\/07\/DSC_9812-2-770x513.jpg 770w, https:\/\/www.supercars.net\/blog\/wp-content\/uploads\/2014\/07\/DSC_9812-2-360x240.jpg 360w, https:\/\/www.supercars.net\/blog\/wp-content\/uploads\/2014\/07\/DSC_9812-2-370x247.jpg 370w, https:\/\/www.supercars.net\/blog\/wp-content\/uploads\/2014\/07\/DSC_9812-2-293x195.jpg 293w\" sizes=\"(max-width: 800px) 100vw, 800px\" \/><\/a>\r\n\t\t\t\t<\/a>\r\n            <\/div>\r\n                <div class='wp-caption-text gallery-caption'>\r\n                1974 Porsche 911 RSR 3.0\r\n                <\/div><\/figure><figure class='gallery-item'>\r\n            <div class='gallery-icon landscape'>\r\n                <a href='https:\/\/www.supercars.net\/blog\/wp-content\/uploads\/2014\/07\/DSC_9816-3.jpg' class='tipi-lightbox'>\r\n\t\t\t\t<a href='https:\/\/www.supercars.net\/blog\/wp-content\/uploads\/2014\/07\/DSC_9816-3.jpg'><img decoding=\"async\" width=\"800\" height=\"533\" src=\"https:\/\/www.supercars.net\/blog\/wp-content\/uploads\/2014\/07\/DSC_9816-3.jpg\" class=\"attachment-full size-full\" alt=\"\" srcset=\"https:\/\/www.supercars.net\/blog\/wp-content\/uploads\/2014\/07\/DSC_9816-3.jpg 800w, https:\/\/www.supercars.net\/blog\/wp-content\/uploads\/2014\/07\/DSC_9816-3-300x200.jpg 300w, https:\/\/www.supercars.net\/blog\/wp-content\/uploads\/2014\/07\/DSC_9816-3-100x67.jpg 100w, https:\/\/www.supercars.net\/blog\/wp-content\/uploads\/2014\/07\/DSC_9816-3-770x513.jpg 770w, https:\/\/www.supercars.net\/blog\/wp-content\/uploads\/2014\/07\/DSC_9816-3-360x240.jpg 360w, https:\/\/www.supercars.net\/blog\/wp-content\/uploads\/2014\/07\/DSC_9816-3-370x247.jpg 370w, https:\/\/www.supercars.net\/blog\/wp-content\/uploads\/2014\/07\/DSC_9816-3-293x195.jpg 293w\" sizes=\"(max-width: 800px) 100vw, 800px\" \/><\/a>\r\n\t\t\t\t<\/a>\r\n            <\/div>\r\n                <div class='wp-caption-text gallery-caption'>\r\n                Le Mans Classic 2014 &#8211; 1972 to 1979 Race\r\n                <\/div><\/figure><figure class='gallery-item'>\r\n            <div class='gallery-icon landscape'>\r\n                <a href='https:\/\/www.supercars.net\/blog\/wp-content\/uploads\/2014\/07\/DSC_9819-1.jpg' class='tipi-lightbox'>\r\n\t\t\t\t<a href='https:\/\/www.supercars.net\/blog\/wp-content\/uploads\/2014\/07\/DSC_9819-1.jpg'><img decoding=\"async\" width=\"800\" height=\"533\" src=\"https:\/\/www.supercars.net\/blog\/wp-content\/uploads\/2014\/07\/DSC_9819-1.jpg\" class=\"attachment-full size-full\" alt=\"\" srcset=\"https:\/\/www.supercars.net\/blog\/wp-content\/uploads\/2014\/07\/DSC_9819-1.jpg 800w, https:\/\/www.supercars.net\/blog\/wp-content\/uploads\/2014\/07\/DSC_9819-1-300x200.jpg 300w, https:\/\/www.supercars.net\/blog\/wp-content\/uploads\/2014\/07\/DSC_9819-1-100x67.jpg 100w, https:\/\/www.supercars.net\/blog\/wp-content\/uploads\/2014\/07\/DSC_9819-1-770x513.jpg 770w, https:\/\/www.supercars.net\/blog\/wp-content\/uploads\/2014\/07\/DSC_9819-1-360x240.jpg 360w, https:\/\/www.supercars.net\/blog\/wp-content\/uploads\/2014\/07\/DSC_9819-1-370x247.jpg 370w, https:\/\/www.supercars.net\/blog\/wp-content\/uploads\/2014\/07\/DSC_9819-1-293x195.jpg 293w\" sizes=\"(max-width: 800px) 100vw, 800px\" \/><\/a>\r\n\t\t\t\t<\/a>\r\n            <\/div>\r\n                <div class='wp-caption-text gallery-caption'>\r\n                1979 BMW M1\r\n                <\/div><\/figure><figure class='gallery-item'>\r\n            <div class='gallery-icon landscape'>\r\n                <a href='https:\/\/www.supercars.net\/blog\/wp-content\/uploads\/2014\/07\/DSC_9824-2.jpg' class='tipi-lightbox'>\r\n\t\t\t\t<a href='https:\/\/www.supercars.net\/blog\/wp-content\/uploads\/2014\/07\/DSC_9824-2.jpg'><img decoding=\"async\" width=\"800\" height=\"533\" src=\"https:\/\/www.supercars.net\/blog\/wp-content\/uploads\/2014\/07\/DSC_9824-2.jpg\" class=\"attachment-full size-full\" alt=\"\" srcset=\"https:\/\/www.supercars.net\/blog\/wp-content\/uploads\/2014\/07\/DSC_9824-2.jpg 800w, https:\/\/www.supercars.net\/blog\/wp-content\/uploads\/2014\/07\/DSC_9824-2-300x200.jpg 300w, https:\/\/www.supercars.net\/blog\/wp-content\/uploads\/2014\/07\/DSC_9824-2-100x67.jpg 100w, https:\/\/www.supercars.net\/blog\/wp-content\/uploads\/2014\/07\/DSC_9824-2-770x513.jpg 770w, https:\/\/www.supercars.net\/blog\/wp-content\/uploads\/2014\/07\/DSC_9824-2-360x240.jpg 360w, https:\/\/www.supercars.net\/blog\/wp-content\/uploads\/2014\/07\/DSC_9824-2-370x247.jpg 370w, https:\/\/www.supercars.net\/blog\/wp-content\/uploads\/2014\/07\/DSC_9824-2-293x195.jpg 293w\" sizes=\"(max-width: 800px) 100vw, 800px\" \/><\/a>\r\n\t\t\t\t<\/a>\r\n            <\/div>\r\n                <div class='wp-caption-text gallery-caption'>\r\n                1973 Porsche 911 Carrera RS 2.8\r\n                <\/div><\/figure><figure class='gallery-item'>\r\n            <div class='gallery-icon landscape'>\r\n                <a href='https:\/\/www.supercars.net\/blog\/wp-content\/uploads\/2014\/07\/DSC_9825-2.jpg' class='tipi-lightbox'>\r\n\t\t\t\t<a href='https:\/\/www.supercars.net\/blog\/wp-content\/uploads\/2014\/07\/DSC_9825-2.jpg'><img decoding=\"async\" width=\"800\" height=\"533\" src=\"https:\/\/www.supercars.net\/blog\/wp-content\/uploads\/2014\/07\/DSC_9825-2.jpg\" class=\"attachment-full size-full\" alt=\"\" srcset=\"https:\/\/www.supercars.net\/blog\/wp-content\/uploads\/2014\/07\/DSC_9825-2.jpg 800w, https:\/\/www.supercars.net\/blog\/wp-content\/uploads\/2014\/07\/DSC_9825-2-300x200.jpg 300w, https:\/\/www.supercars.net\/blog\/wp-content\/uploads\/2014\/07\/DSC_9825-2-100x67.jpg 100w, https:\/\/www.supercars.net\/blog\/wp-content\/uploads\/2014\/07\/DSC_9825-2-770x513.jpg 770w, https:\/\/www.supercars.net\/blog\/wp-content\/uploads\/2014\/07\/DSC_9825-2-360x240.jpg 360w, https:\/\/www.supercars.net\/blog\/wp-content\/uploads\/2014\/07\/DSC_9825-2-370x247.jpg 370w, https:\/\/www.supercars.net\/blog\/wp-content\/uploads\/2014\/07\/DSC_9825-2-293x195.jpg 293w\" sizes=\"(max-width: 800px) 100vw, 800px\" \/><\/a>\r\n\t\t\t\t<\/a>\r\n            <\/div>\r\n                <div class='wp-caption-text gallery-caption'>\r\n                Porsche 935\r\n                <\/div><\/figure><figure class='gallery-item'>\r\n            <div class='gallery-icon landscape'>\r\n                <a href='https:\/\/www.supercars.net\/blog\/wp-content\/uploads\/2014\/07\/DSC_9828-1.jpg' class='tipi-lightbox'>\r\n\t\t\t\t<a href='https:\/\/www.supercars.net\/blog\/wp-content\/uploads\/2014\/07\/DSC_9828-1.jpg'><img decoding=\"async\" width=\"800\" height=\"533\" src=\"https:\/\/www.supercars.net\/blog\/wp-content\/uploads\/2014\/07\/DSC_9828-1.jpg\" class=\"attachment-full size-full\" alt=\"\" srcset=\"https:\/\/www.supercars.net\/blog\/wp-content\/uploads\/2014\/07\/DSC_9828-1.jpg 800w, https:\/\/www.supercars.net\/blog\/wp-content\/uploads\/2014\/07\/DSC_9828-1-300x200.jpg 300w, https:\/\/www.supercars.net\/blog\/wp-content\/uploads\/2014\/07\/DSC_9828-1-100x67.jpg 100w, https:\/\/www.supercars.net\/blog\/wp-content\/uploads\/2014\/07\/DSC_9828-1-770x513.jpg 770w, https:\/\/www.supercars.net\/blog\/wp-content\/uploads\/2014\/07\/DSC_9828-1-360x240.jpg 360w, https:\/\/www.supercars.net\/blog\/wp-content\/uploads\/2014\/07\/DSC_9828-1-370x247.jpg 370w, https:\/\/www.supercars.net\/blog\/wp-content\/uploads\/2014\/07\/DSC_9828-1-293x195.jpg 293w\" sizes=\"(max-width: 800px) 100vw, 800px\" \/><\/a>\r\n\t\t\t\t<\/a>\r\n            <\/div>\r\n                <div class='wp-caption-text gallery-caption'>\r\n                Ferrari 512 BB LM\r\n                <\/div><\/figure><figure class='gallery-item'>\r\n            <div class='gallery-icon landscape'>\r\n                <a href='https:\/\/www.supercars.net\/blog\/wp-content\/uploads\/2014\/07\/DSC_9833-2.jpg' class='tipi-lightbox'>\r\n\t\t\t\t<a href='https:\/\/www.supercars.net\/blog\/wp-content\/uploads\/2014\/07\/DSC_9833-2.jpg'><img decoding=\"async\" width=\"800\" height=\"533\" src=\"https:\/\/www.supercars.net\/blog\/wp-content\/uploads\/2014\/07\/DSC_9833-2.jpg\" class=\"attachment-full size-full\" alt=\"\" srcset=\"https:\/\/www.supercars.net\/blog\/wp-content\/uploads\/2014\/07\/DSC_9833-2.jpg 800w, https:\/\/www.supercars.net\/blog\/wp-content\/uploads\/2014\/07\/DSC_9833-2-300x200.jpg 300w, https:\/\/www.supercars.net\/blog\/wp-content\/uploads\/2014\/07\/DSC_9833-2-100x67.jpg 100w, https:\/\/www.supercars.net\/blog\/wp-content\/uploads\/2014\/07\/DSC_9833-2-770x513.jpg 770w, https:\/\/www.supercars.net\/blog\/wp-content\/uploads\/2014\/07\/DSC_9833-2-360x240.jpg 360w, https:\/\/www.supercars.net\/blog\/wp-content\/uploads\/2014\/07\/DSC_9833-2-370x247.jpg 370w, https:\/\/www.supercars.net\/blog\/wp-content\/uploads\/2014\/07\/DSC_9833-2-293x195.jpg 293w\" sizes=\"(max-width: 800px) 100vw, 800px\" \/><\/a>\r\n\t\t\t\t<\/a>\r\n            <\/div>\r\n                <div class='wp-caption-text gallery-caption'>\r\n                1972 BMW CSL 3.0 and 1975 BMW 2002 Heidegger\r\n                <\/div><\/figure><figure class='gallery-item'>\r\n            <div class='gallery-icon landscape'>\r\n                <a href='https:\/\/www.supercars.net\/blog\/wp-content\/uploads\/2014\/07\/DSC_9837-4.jpg' class='tipi-lightbox'>\r\n\t\t\t\t<a href='https:\/\/www.supercars.net\/blog\/wp-content\/uploads\/2014\/07\/DSC_9837-4.jpg'><img decoding=\"async\" width=\"800\" height=\"533\" src=\"https:\/\/www.supercars.net\/blog\/wp-content\/uploads\/2014\/07\/DSC_9837-4.jpg\" class=\"attachment-full size-full\" alt=\"\" srcset=\"https:\/\/www.supercars.net\/blog\/wp-content\/uploads\/2014\/07\/DSC_9837-4.jpg 800w, https:\/\/www.supercars.net\/blog\/wp-content\/uploads\/2014\/07\/DSC_9837-4-300x200.jpg 300w, https:\/\/www.supercars.net\/blog\/wp-content\/uploads\/2014\/07\/DSC_9837-4-100x67.jpg 100w, https:\/\/www.supercars.net\/blog\/wp-content\/uploads\/2014\/07\/DSC_9837-4-770x513.jpg 770w, https:\/\/www.supercars.net\/blog\/wp-content\/uploads\/2014\/07\/DSC_9837-4-360x240.jpg 360w, https:\/\/www.supercars.net\/blog\/wp-content\/uploads\/2014\/07\/DSC_9837-4-370x247.jpg 370w, https:\/\/www.supercars.net\/blog\/wp-content\/uploads\/2014\/07\/DSC_9837-4-293x195.jpg 293w\" sizes=\"(max-width: 800px) 100vw, 800px\" \/><\/a>\r\n\t\t\t\t<\/a>\r\n            <\/div>\r\n                <div class='wp-caption-text gallery-caption'>\r\n                1978 Porsche 930 Turbo\r\n                <\/div><\/figure><figure class='gallery-item'>\r\n            <div class='gallery-icon landscape'>\r\n                <a href='https:\/\/www.supercars.net\/blog\/wp-content\/uploads\/2014\/07\/DSC_9838-4.jpg' class='tipi-lightbox'>\r\n\t\t\t\t<a href='https:\/\/www.supercars.net\/blog\/wp-content\/uploads\/2014\/07\/DSC_9838-4.jpg'><img decoding=\"async\" width=\"800\" height=\"533\" src=\"https:\/\/www.supercars.net\/blog\/wp-content\/uploads\/2014\/07\/DSC_9838-4.jpg\" class=\"attachment-full size-full\" alt=\"\" srcset=\"https:\/\/www.supercars.net\/blog\/wp-content\/uploads\/2014\/07\/DSC_9838-4.jpg 800w, https:\/\/www.supercars.net\/blog\/wp-content\/uploads\/2014\/07\/DSC_9838-4-300x200.jpg 300w, https:\/\/www.supercars.net\/blog\/wp-content\/uploads\/2014\/07\/DSC_9838-4-100x67.jpg 100w, https:\/\/www.supercars.net\/blog\/wp-content\/uploads\/2014\/07\/DSC_9838-4-770x513.jpg 770w, https:\/\/www.supercars.net\/blog\/wp-content\/uploads\/2014\/07\/DSC_9838-4-360x240.jpg 360w, https:\/\/www.supercars.net\/blog\/wp-content\/uploads\/2014\/07\/DSC_9838-4-370x247.jpg 370w, https:\/\/www.supercars.net\/blog\/wp-content\/uploads\/2014\/07\/DSC_9838-4-293x195.jpg 293w\" sizes=\"(max-width: 800px) 100vw, 800px\" \/><\/a>\r\n\t\t\t\t<\/a>\r\n            <\/div>\r\n                <div class='wp-caption-text gallery-caption'>\r\n                1974 BMW CSL 3.0\r\n                <\/div><\/figure><figure class='gallery-item'>\r\n            <div class='gallery-icon landscape'>\r\n                <a href='https:\/\/www.supercars.net\/blog\/wp-content\/uploads\/2014\/07\/DSC_9840-1.jpg' class='tipi-lightbox'>\r\n\t\t\t\t<a href='https:\/\/www.supercars.net\/blog\/wp-content\/uploads\/2014\/07\/DSC_9840-1.jpg'><img decoding=\"async\" width=\"800\" height=\"533\" src=\"https:\/\/www.supercars.net\/blog\/wp-content\/uploads\/2014\/07\/DSC_9840-1.jpg\" class=\"attachment-full size-full\" alt=\"\" srcset=\"https:\/\/www.supercars.net\/blog\/wp-content\/uploads\/2014\/07\/DSC_9840-1.jpg 800w, https:\/\/www.supercars.net\/blog\/wp-content\/uploads\/2014\/07\/DSC_9840-1-300x200.jpg 300w, https:\/\/www.supercars.net\/blog\/wp-content\/uploads\/2014\/07\/DSC_9840-1-100x67.jpg 100w, https:\/\/www.supercars.net\/blog\/wp-content\/uploads\/2014\/07\/DSC_9840-1-770x513.jpg 770w, https:\/\/www.supercars.net\/blog\/wp-content\/uploads\/2014\/07\/DSC_9840-1-360x240.jpg 360w, https:\/\/www.supercars.net\/blog\/wp-content\/uploads\/2014\/07\/DSC_9840-1-370x247.jpg 370w, https:\/\/www.supercars.net\/blog\/wp-content\/uploads\/2014\/07\/DSC_9840-1-293x195.jpg 293w\" sizes=\"(max-width: 800px) 100vw, 800px\" \/><\/a>\r\n\t\t\t\t<\/a>\r\n            <\/div>\r\n                <div class='wp-caption-text gallery-caption'>\r\n                1978 Porsche 935 and 1974 Gulf Mirage Group 7\r\n                <\/div><\/figure><figure class='gallery-item'>\r\n            <div class='gallery-icon landscape'>\r\n                <a href='https:\/\/www.supercars.net\/blog\/wp-content\/uploads\/2014\/07\/DSC_9844-4.jpg' class='tipi-lightbox'>\r\n\t\t\t\t<a href='https:\/\/www.supercars.net\/blog\/wp-content\/uploads\/2014\/07\/DSC_9844-4.jpg'><img decoding=\"async\" width=\"800\" height=\"533\" src=\"https:\/\/www.supercars.net\/blog\/wp-content\/uploads\/2014\/07\/DSC_9844-4.jpg\" class=\"attachment-full size-full\" alt=\"\" srcset=\"https:\/\/www.supercars.net\/blog\/wp-content\/uploads\/2014\/07\/DSC_9844-4.jpg 800w, https:\/\/www.supercars.net\/blog\/wp-content\/uploads\/2014\/07\/DSC_9844-4-300x200.jpg 300w, https:\/\/www.supercars.net\/blog\/wp-content\/uploads\/2014\/07\/DSC_9844-4-100x67.jpg 100w, https:\/\/www.supercars.net\/blog\/wp-content\/uploads\/2014\/07\/DSC_9844-4-770x513.jpg 770w, https:\/\/www.supercars.net\/blog\/wp-content\/uploads\/2014\/07\/DSC_9844-4-360x240.jpg 360w, https:\/\/www.supercars.net\/blog\/wp-content\/uploads\/2014\/07\/DSC_9844-4-370x247.jpg 370w, https:\/\/www.supercars.net\/blog\/wp-content\/uploads\/2014\/07\/DSC_9844-4-293x195.jpg 293w\" sizes=\"(max-width: 800px) 100vw, 800px\" \/><\/a>\r\n\t\t\t\t<\/a>\r\n            <\/div>\r\n                <div class='wp-caption-text gallery-caption'>\r\n                Porsche 935\r\n                <\/div><\/figure><figure class='gallery-item'>\r\n            <div class='gallery-icon landscape'>\r\n                <a href='https:\/\/www.supercars.net\/blog\/wp-content\/uploads\/2014\/07\/DSC_9847-1.jpg' class='tipi-lightbox'>\r\n\t\t\t\t<a href='https:\/\/www.supercars.net\/blog\/wp-content\/uploads\/2014\/07\/DSC_9847-1.jpg'><img decoding=\"async\" width=\"800\" height=\"533\" src=\"https:\/\/www.supercars.net\/blog\/wp-content\/uploads\/2014\/07\/DSC_9847-1.jpg\" class=\"attachment-full size-full\" alt=\"\" srcset=\"https:\/\/www.supercars.net\/blog\/wp-content\/uploads\/2014\/07\/DSC_9847-1.jpg 800w, https:\/\/www.supercars.net\/blog\/wp-content\/uploads\/2014\/07\/DSC_9847-1-300x200.jpg 300w, https:\/\/www.supercars.net\/blog\/wp-content\/uploads\/2014\/07\/DSC_9847-1-100x67.jpg 100w, https:\/\/www.supercars.net\/blog\/wp-content\/uploads\/2014\/07\/DSC_9847-1-770x513.jpg 770w, https:\/\/www.supercars.net\/blog\/wp-content\/uploads\/2014\/07\/DSC_9847-1-360x240.jpg 360w, https:\/\/www.supercars.net\/blog\/wp-content\/uploads\/2014\/07\/DSC_9847-1-370x247.jpg 370w, https:\/\/www.supercars.net\/blog\/wp-content\/uploads\/2014\/07\/DSC_9847-1-293x195.jpg 293w\" sizes=\"(max-width: 800px) 100vw, 800px\" \/><\/a>\r\n\t\t\t\t<\/a>\r\n            <\/div>\r\n                <div class='wp-caption-text gallery-caption'>\r\n                1978 Porsche 935 and 1978 Rondeau M 378 DFV\r\n                <\/div><\/figure><figure class='gallery-item'>\r\n            <div class='gallery-icon landscape'>\r\n                <a href='https:\/\/www.supercars.net\/blog\/wp-content\/uploads\/2014\/07\/DSC_9857-3.jpg' class='tipi-lightbox'>\r\n\t\t\t\t<a href='https:\/\/www.supercars.net\/blog\/wp-content\/uploads\/2014\/07\/DSC_9857-3.jpg'><img decoding=\"async\" width=\"800\" height=\"533\" src=\"https:\/\/www.supercars.net\/blog\/wp-content\/uploads\/2014\/07\/DSC_9857-3.jpg\" class=\"attachment-full size-full\" alt=\"\" srcset=\"https:\/\/www.supercars.net\/blog\/wp-content\/uploads\/2014\/07\/DSC_9857-3.jpg 800w, https:\/\/www.supercars.net\/blog\/wp-content\/uploads\/2014\/07\/DSC_9857-3-300x200.jpg 300w, https:\/\/www.supercars.net\/blog\/wp-content\/uploads\/2014\/07\/DSC_9857-3-100x67.jpg 100w, https:\/\/www.supercars.net\/blog\/wp-content\/uploads\/2014\/07\/DSC_9857-3-770x513.jpg 770w, https:\/\/www.supercars.net\/blog\/wp-content\/uploads\/2014\/07\/DSC_9857-3-360x240.jpg 360w, https:\/\/www.supercars.net\/blog\/wp-content\/uploads\/2014\/07\/DSC_9857-3-370x247.jpg 370w, https:\/\/www.supercars.net\/blog\/wp-content\/uploads\/2014\/07\/DSC_9857-3-293x195.jpg 293w\" sizes=\"(max-width: 800px) 100vw, 800px\" \/><\/a>\r\n\t\t\t\t<\/a>\r\n            <\/div>\r\n                <div class='wp-caption-text gallery-caption'>\r\n                Porsche 935\r\n                <\/div><\/figure><figure class='gallery-item'>\r\n            <div class='gallery-icon landscape'>\r\n                <a href='https:\/\/www.supercars.net\/blog\/wp-content\/uploads\/2014\/07\/DSC_9860-4.jpg' class='tipi-lightbox'>\r\n\t\t\t\t<a href='https:\/\/www.supercars.net\/blog\/wp-content\/uploads\/2014\/07\/DSC_9860-4.jpg'><img decoding=\"async\" width=\"800\" height=\"533\" src=\"https:\/\/www.supercars.net\/blog\/wp-content\/uploads\/2014\/07\/DSC_9860-4.jpg\" class=\"attachment-full size-full\" alt=\"\" srcset=\"https:\/\/www.supercars.net\/blog\/wp-content\/uploads\/2014\/07\/DSC_9860-4.jpg 800w, https:\/\/www.supercars.net\/blog\/wp-content\/uploads\/2014\/07\/DSC_9860-4-300x200.jpg 300w, https:\/\/www.supercars.net\/blog\/wp-content\/uploads\/2014\/07\/DSC_9860-4-100x67.jpg 100w, https:\/\/www.supercars.net\/blog\/wp-content\/uploads\/2014\/07\/DSC_9860-4-770x513.jpg 770w, https:\/\/www.supercars.net\/blog\/wp-content\/uploads\/2014\/07\/DSC_9860-4-360x240.jpg 360w, https:\/\/www.supercars.net\/blog\/wp-content\/uploads\/2014\/07\/DSC_9860-4-370x247.jpg 370w, https:\/\/www.supercars.net\/blog\/wp-content\/uploads\/2014\/07\/DSC_9860-4-293x195.jpg 293w\" sizes=\"(max-width: 800px) 100vw, 800px\" \/><\/a>\r\n\t\t\t\t<\/a>\r\n            <\/div>\r\n                <div class='wp-caption-text gallery-caption'>\r\n                Porsche 935\r\n                <\/div><\/figure><figure class='gallery-item'>\r\n            <div class='gallery-icon landscape'>\r\n                <a href='https:\/\/www.supercars.net\/blog\/wp-content\/uploads\/2014\/07\/DSC_9861-3.jpg' class='tipi-lightbox'>\r\n\t\t\t\t<a href='https:\/\/www.supercars.net\/blog\/wp-content\/uploads\/2014\/07\/DSC_9861-3.jpg'><img decoding=\"async\" width=\"800\" height=\"533\" src=\"https:\/\/www.supercars.net\/blog\/wp-content\/uploads\/2014\/07\/DSC_9861-3.jpg\" class=\"attachment-full size-full\" alt=\"\" srcset=\"https:\/\/www.supercars.net\/blog\/wp-content\/uploads\/2014\/07\/DSC_9861-3.jpg 800w, https:\/\/www.supercars.net\/blog\/wp-content\/uploads\/2014\/07\/DSC_9861-3-300x200.jpg 300w, https:\/\/www.supercars.net\/blog\/wp-content\/uploads\/2014\/07\/DSC_9861-3-100x67.jpg 100w, https:\/\/www.supercars.net\/blog\/wp-content\/uploads\/2014\/07\/DSC_9861-3-770x513.jpg 770w, https:\/\/www.supercars.net\/blog\/wp-content\/uploads\/2014\/07\/DSC_9861-3-360x240.jpg 360w, https:\/\/www.supercars.net\/blog\/wp-content\/uploads\/2014\/07\/DSC_9861-3-370x247.jpg 370w, https:\/\/www.supercars.net\/blog\/wp-content\/uploads\/2014\/07\/DSC_9861-3-293x195.jpg 293w\" sizes=\"(max-width: 800px) 100vw, 800px\" \/><\/a>\r\n\t\t\t\t<\/a>\r\n            <\/div>\r\n                <div class='wp-caption-text gallery-caption'>\r\n                Porsche 935\r\n                <\/div><\/figure><figure class='gallery-item'>\r\n            <div class='gallery-icon landscape'>\r\n                <a href='https:\/\/www.supercars.net\/blog\/wp-content\/uploads\/2014\/07\/DSC_98101-1.jpg' class='tipi-lightbox'>\r\n\t\t\t\t<a href='https:\/\/www.supercars.net\/blog\/wp-content\/uploads\/2014\/07\/DSC_98101-1.jpg'><img decoding=\"async\" width=\"1150\" height=\"767\" src=\"https:\/\/www.supercars.net\/blog\/wp-content\/uploads\/2014\/07\/DSC_98101-1.jpg\" class=\"attachment-full size-full\" alt=\"\" srcset=\"https:\/\/www.supercars.net\/blog\/wp-content\/uploads\/2014\/07\/DSC_98101-1.jpg 1150w, https:\/\/www.supercars.net\/blog\/wp-content\/uploads\/2014\/07\/DSC_98101-1-300x200.jpg 300w, https:\/\/www.supercars.net\/blog\/wp-content\/uploads\/2014\/07\/DSC_98101-1-1024x683.jpg 1024w, https:\/\/www.supercars.net\/blog\/wp-content\/uploads\/2014\/07\/DSC_98101-1-100x67.jpg 100w, https:\/\/www.supercars.net\/blog\/wp-content\/uploads\/2014\/07\/DSC_98101-1-770x514.jpg 770w, https:\/\/www.supercars.net\/blog\/wp-content\/uploads\/2014\/07\/DSC_98101-1-360x240.jpg 360w, https:\/\/www.supercars.net\/blog\/wp-content\/uploads\/2014\/07\/DSC_98101-1-370x247.jpg 370w, https:\/\/www.supercars.net\/blog\/wp-content\/uploads\/2014\/07\/DSC_98101-1-293x195.jpg 293w\" sizes=\"(max-width: 1150px) 100vw, 1150px\" \/><\/a>\r\n\t\t\t\t<\/a>\r\n            <\/div>\r\n                <div class='wp-caption-text gallery-caption'>\r\n                1979 Porsche 935 K3 between pair of 1974 Porsche 911 RSR 3.0 Litres\r\n                <\/div><\/figure><figure class='gallery-item'>\r\n            <div class='gallery-icon landscape'>\r\n                <a href='https:\/\/www.supercars.net\/blog\/wp-content\/uploads\/2014\/07\/DSC_86351-1.jpg' class='tipi-lightbox'>\r\n\t\t\t\t<a href='https:\/\/www.supercars.net\/blog\/wp-content\/uploads\/2014\/07\/DSC_86351-1.jpg'><img decoding=\"async\" width=\"1150\" height=\"767\" src=\"https:\/\/www.supercars.net\/blog\/wp-content\/uploads\/2014\/07\/DSC_86351-1.jpg\" class=\"attachment-full size-full\" alt=\"\" srcset=\"https:\/\/www.supercars.net\/blog\/wp-content\/uploads\/2014\/07\/DSC_86351-1.jpg 1150w, https:\/\/www.supercars.net\/blog\/wp-content\/uploads\/2014\/07\/DSC_86351-1-300x200.jpg 300w, https:\/\/www.supercars.net\/blog\/wp-content\/uploads\/2014\/07\/DSC_86351-1-1024x683.jpg 1024w, https:\/\/www.supercars.net\/blog\/wp-content\/uploads\/2014\/07\/DSC_86351-1-100x67.jpg 100w, https:\/\/www.supercars.net\/blog\/wp-content\/uploads\/2014\/07\/DSC_86351-1-770x514.jpg 770w, https:\/\/www.supercars.net\/blog\/wp-content\/uploads\/2014\/07\/DSC_86351-1-360x240.jpg 360w, https:\/\/www.supercars.net\/blog\/wp-content\/uploads\/2014\/07\/DSC_86351-1-370x247.jpg 370w, https:\/\/www.supercars.net\/blog\/wp-content\/uploads\/2014\/07\/DSC_86351-1-293x195.jpg 293w\" sizes=\"(max-width: 1150px) 100vw, 1150px\" \/><\/a>\r\n\t\t\t\t<\/a>\r\n            <\/div>\r\n                <div class='wp-caption-text gallery-caption'>\r\n                1974 Porsche 911 RSR 3.0\r\n                <\/div><\/figure><figure class='gallery-item'>\r\n            <div class='gallery-icon landscape'>\r\n                <a href='https:\/\/www.supercars.net\/blog\/wp-content\/uploads\/2014\/07\/DSC_7042.jpg' class='tipi-lightbox'>\r\n\t\t\t\t<a href='https:\/\/www.supercars.net\/blog\/wp-content\/uploads\/2014\/07\/DSC_7042.jpg'><img decoding=\"async\" width=\"1150\" height=\"767\" src=\"https:\/\/www.supercars.net\/blog\/wp-content\/uploads\/2014\/07\/DSC_7042.jpg\" class=\"attachment-full size-full\" alt=\"\" srcset=\"https:\/\/www.supercars.net\/blog\/wp-content\/uploads\/2014\/07\/DSC_7042.jpg 1150w, https:\/\/www.supercars.net\/blog\/wp-content\/uploads\/2014\/07\/DSC_7042-300x200.jpg 300w, https:\/\/www.supercars.net\/blog\/wp-content\/uploads\/2014\/07\/DSC_7042-1024x683.jpg 1024w, https:\/\/www.supercars.net\/blog\/wp-content\/uploads\/2014\/07\/DSC_7042-100x67.jpg 100w, https:\/\/www.supercars.net\/blog\/wp-content\/uploads\/2014\/07\/DSC_7042-770x514.jpg 770w, https:\/\/www.supercars.net\/blog\/wp-content\/uploads\/2014\/07\/DSC_7042-360x240.jpg 360w, https:\/\/www.supercars.net\/blog\/wp-content\/uploads\/2014\/07\/DSC_7042-370x247.jpg 370w, https:\/\/www.supercars.net\/blog\/wp-content\/uploads\/2014\/07\/DSC_7042-293x195.jpg 293w\" sizes=\"(max-width: 1150px) 100vw, 1150px\" \/><\/a>\r\n\t\t\t\t<\/a>\r\n            <\/div>\r\n                <div class='wp-caption-text gallery-caption'>\r\n                1973 Porsche 911 RSR Turbo\r\n                <\/div><\/figure>\n<p><strong>Le Mans Classic 2014 \u2013 1972 to 1979 Race Results<\/strong><\/p>\n<p>1. 1973 Gulf Mirage, MacAllister<br \/>\n2. 1972 Lola T280 DFV HU3, Barbot<br \/>\n3. 1979 Porsche 935 K3, D&#8217;Ieteren<br \/>\n4. 1978 Porsche 935, Meyers \/ de Siebenthal<br \/>\n5. 1970 Ligier JS2 DFV \/ Mr John of B \/ Ayari<\/p>\n<p>The unauthorized use and\/or duplication of any editorial or photographic content from sportscardigest.com without express and written permission from the publisher is strictly prohibited. Excerpts and links may be used, provided that full and clear credit is given to sportscardigest.com with appropriate and specific direction to the original content.<\/p>\n<p>[Source: Peter Auto; photos: Tim Scott \/ Fluid Images]<\/p>\n","protected":false},"excerpt":{"rendered":"<p>The 2014 Le Mans Classic was held 4-6 July at the famed Circuit de la Sarthe in Le Mans, France. Staged by Peter Auto in association with Automobile Club de l&#8217;Ouest, the seventh running of the biennial event battled on the same 13.629 kilometer Le Mans circuit run in the modern 24 Hours of Le Mans. The Plateau Six race &#8212; the most modern grid at Le Mans Classic 2014 &#8212; was held for race cars that left their mark [&hellip;]<\/p>\n","protected":false},"author":106,"featured_media":807573,"comment_status":"open","ping_status":"closed","sticky":false,"template":"","format":"standard","meta":{"footnotes":""},"categories":[260,13063],"tags":[432,15234,16959],"class_list":["post-493942","post","type-post","status-publish","format-standard","has-post-thumbnail","hentry","category-car-events","category-vintage-car-racing","tag-events","tag-events-vintage-racing","tag-race-le-mans-classic"],"yoast_head":"<!-- This site is optimized with the Yoast SEO plugin v27.4 - https:\/\/yoast.com\/product\/yoast-seo-wordpress\/ -->\n<title>Le Mans Classic 2014 - 1972 to 1979 Photos, Results, Report<\/title>\n<meta name=\"description\" content=\"Photo gallery, results and report from the 1972 to 1979 race at Le Mans Classic 2014, held July 4-6 at Circuit de la Sarthe in Le Mans, France.\" \/>\n<meta name=\"robots\" content=\"index, follow, max-snippet:-1, max-image-preview:large, max-video-preview:-1\" \/>\n<link rel=\"canonical\" href=\"https:\/\/www.supercars.net\/blog\/le-mans-classic-2014-1972-to-1979-race-report-photos\/\" \/>\n<meta property=\"og:locale\" content=\"en_US\" \/>\n<meta property=\"og:type\" content=\"article\" \/>\n<meta property=\"og:title\" content=\"Le Mans Classic 2014 - 1972 to 1979 Photos, Results, Report\" \/>\n<meta property=\"og:description\" content=\"Photo gallery, results and report from the 1972 to 1979 race at Le Mans Classic 2014, held July 4-6 at Circuit de la Sarthe in Le Mans, France.\" \/>\n<meta property=\"og:url\" content=\"https:\/\/www.supercars.net\/blog\/le-mans-classic-2014-1972-to-1979-race-report-photos\/\" \/>\n<meta property=\"og:site_name\" content=\"Supercars.net\" \/>\n<meta property=\"article:publisher\" content=\"https:\/\/www.facebook.com\/Supercars.net\/\" \/>\n<meta property=\"article:published_time\" content=\"2014-07-14T13:00:26+00:00\" \/>\n<meta property=\"article:modified_time\" content=\"2024-01-27T22:38:28+00:00\" \/>\n<meta name=\"author\" content=\"Sports Car Digest\" \/>\n<meta name=\"twitter:card\" content=\"summary_large_image\" \/>\n<meta name=\"twitter:image\" content=\"https:\/\/www.supercars.net\/blog\/wp-content\/uploads\/2014\/07\/DSC_8676-3.jpg\" \/>\n<meta name=\"twitter:creator\" content=\"@supercars_net\" \/>\n<meta name=\"twitter:site\" content=\"@supercars_net\" \/>\n<meta name=\"twitter:label1\" content=\"Written by\" \/>\n\t<meta name=\"twitter:data1\" content=\"Sports Car Digest\" \/>\n\t<meta name=\"twitter:label2\" content=\"Est. reading time\" \/>\n\t<meta name=\"twitter:data2\" content=\"19 minutes\" \/>\n<script type=\"application\/ld+json\" class=\"yoast-schema-graph\">{\"@context\":\"https:\\\/\\\/schema.org\",\"@graph\":[{\"@type\":\"Article\",\"@id\":\"https:\\\/\\\/www.supercars.net\\\/blog\\\/le-mans-classic-2014-1972-to-1979-race-report-photos\\\/#article\",\"isPartOf\":{\"@id\":\"https:\\\/\\\/www.supercars.net\\\/blog\\\/le-mans-classic-2014-1972-to-1979-race-report-photos\\\/\"},\"author\":{\"name\":\"Sports Car Digest\",\"@id\":\"https:\\\/\\\/www.supercars.net\\\/blog\\\/#\\\/schema\\\/person\\\/188bd99a52d1e69543c54566c30e906b\"},\"headline\":\"Le Mans Classic (2014) &#8211; 1972 to 1979 Race Report and Photos\",\"datePublished\":\"2014-07-14T13:00:26+00:00\",\"dateModified\":\"2024-01-27T22:38:28+00:00\",\"mainEntityOfPage\":{\"@id\":\"https:\\\/\\\/www.supercars.net\\\/blog\\\/le-mans-classic-2014-1972-to-1979-race-report-photos\\\/\"},\"wordCount\":1435,\"commentCount\":1,\"image\":{\"@id\":\"https:\\\/\\\/www.supercars.net\\\/blog\\\/le-mans-classic-2014-1972-to-1979-race-report-photos\\\/#primaryimage\"},\"thumbnailUrl\":\"https:\\\/\\\/www.supercars.net\\\/blog\\\/wp-content\\\/uploads\\\/2014\\\/07\\\/DSC_8676-3.jpg\",\"keywords\":[\"Event (Car Events &amp; Shows)\",\"Event (Vintage Races)\",\"Vintage Race (Le Mans Classic)\"],\"articleSection\":[\"Car Events &amp; Shows\",\"Vintage Races &amp; Rallies\"],\"inLanguage\":\"en-US\",\"potentialAction\":[{\"@type\":\"CommentAction\",\"name\":\"Comment\",\"target\":[\"https:\\\/\\\/www.supercars.net\\\/blog\\\/le-mans-classic-2014-1972-to-1979-race-report-photos\\\/#respond\"]}]},{\"@type\":\"WebPage\",\"@id\":\"https:\\\/\\\/www.supercars.net\\\/blog\\\/le-mans-classic-2014-1972-to-1979-race-report-photos\\\/\",\"url\":\"https:\\\/\\\/www.supercars.net\\\/blog\\\/le-mans-classic-2014-1972-to-1979-race-report-photos\\\/\",\"name\":\"Le Mans Classic 2014 - 1972 to 1979 Photos, Results, Report\",\"isPartOf\":{\"@id\":\"https:\\\/\\\/www.supercars.net\\\/blog\\\/#website\"},\"primaryImageOfPage\":{\"@id\":\"https:\\\/\\\/www.supercars.net\\\/blog\\\/le-mans-classic-2014-1972-to-1979-race-report-photos\\\/#primaryimage\"},\"image\":{\"@id\":\"https:\\\/\\\/www.supercars.net\\\/blog\\\/le-mans-classic-2014-1972-to-1979-race-report-photos\\\/#primaryimage\"},\"thumbnailUrl\":\"https:\\\/\\\/www.supercars.net\\\/blog\\\/wp-content\\\/uploads\\\/2014\\\/07\\\/DSC_8676-3.jpg\",\"datePublished\":\"2014-07-14T13:00:26+00:00\",\"dateModified\":\"2024-01-27T22:38:28+00:00\",\"author\":{\"@id\":\"https:\\\/\\\/www.supercars.net\\\/blog\\\/#\\\/schema\\\/person\\\/188bd99a52d1e69543c54566c30e906b\"},\"description\":\"Photo gallery, results and report from the 1972 to 1979 race at Le Mans Classic 2014, held July 4-6 at Circuit de la Sarthe in Le Mans, France.\",\"breadcrumb\":{\"@id\":\"https:\\\/\\\/www.supercars.net\\\/blog\\\/le-mans-classic-2014-1972-to-1979-race-report-photos\\\/#breadcrumb\"},\"inLanguage\":\"en-US\",\"potentialAction\":[{\"@type\":\"ReadAction\",\"target\":[\"https:\\\/\\\/www.supercars.net\\\/blog\\\/le-mans-classic-2014-1972-to-1979-race-report-photos\\\/\"]}]},{\"@type\":\"ImageObject\",\"inLanguage\":\"en-US\",\"@id\":\"https:\\\/\\\/www.supercars.net\\\/blog\\\/le-mans-classic-2014-1972-to-1979-race-report-photos\\\/#primaryimage\",\"url\":\"https:\\\/\\\/www.supercars.net\\\/blog\\\/wp-content\\\/uploads\\\/2014\\\/07\\\/DSC_8676-3.jpg\",\"contentUrl\":\"https:\\\/\\\/www.supercars.net\\\/blog\\\/wp-content\\\/uploads\\\/2014\\\/07\\\/DSC_8676-3.jpg\",\"width\":800,\"height\":533,\"caption\":\"1978 Porsche 935\"},{\"@type\":\"BreadcrumbList\",\"@id\":\"https:\\\/\\\/www.supercars.net\\\/blog\\\/le-mans-classic-2014-1972-to-1979-race-report-photos\\\/#breadcrumb\",\"itemListElement\":[{\"@type\":\"ListItem\",\"position\":1,\"name\":\"Home\",\"item\":\"https:\\\/\\\/www.supercars.net\\\/blog\\\/\"},{\"@type\":\"ListItem\",\"position\":2,\"name\":\"Le Mans Classic (2014) &#8211; 1972 to 1979 Race Report and Photos\"}]},{\"@type\":\"WebSite\",\"@id\":\"https:\\\/\\\/www.supercars.net\\\/blog\\\/#website\",\"url\":\"https:\\\/\\\/www.supercars.net\\\/blog\\\/\",\"name\":\"Supercars.net\",\"description\":\"Exotic and Supercar news, information, pictures and videos\",\"potentialAction\":[{\"@type\":\"SearchAction\",\"target\":{\"@type\":\"EntryPoint\",\"urlTemplate\":\"https:\\\/\\\/www.supercars.net\\\/blog\\\/?s={search_term_string}\"},\"query-input\":{\"@type\":\"PropertyValueSpecification\",\"valueRequired\":true,\"valueName\":\"search_term_string\"}}],\"inLanguage\":\"en-US\"},{\"@type\":\"Person\",\"@id\":\"https:\\\/\\\/www.supercars.net\\\/blog\\\/#\\\/schema\\\/person\\\/188bd99a52d1e69543c54566c30e906b\",\"name\":\"Sports Car Digest\",\"image\":{\"@type\":\"ImageObject\",\"inLanguage\":\"en-US\",\"@id\":\"https:\\\/\\\/www.supercars.net\\\/blog\\\/wp-content\\\/uploads\\\/2023\\\/10\\\/D3S_76221-293x293.jpg\",\"url\":\"https:\\\/\\\/www.supercars.net\\\/blog\\\/wp-content\\\/uploads\\\/2023\\\/10\\\/D3S_76221-293x293.jpg\",\"contentUrl\":\"https:\\\/\\\/www.supercars.net\\\/blog\\\/wp-content\\\/uploads\\\/2023\\\/10\\\/D3S_76221-293x293.jpg\",\"caption\":\"Sports Car Digest\"},\"description\":\"We profile the world\u2019s finest sports cars, past and present automotive personalities, larger-than-life races and garages or museums. Profiles may include first-hand driving impressions, in-depth interviews and period racing stories and photographs. Profiles range from the Mario Righini Collection in Italy to the 1958 12 Hours of Sebring to a Shelby 427 Competition Cobra and everything in between.\",\"url\":\"https:\\\/\\\/www.supercars.net\\\/blog\\\/author\\\/scdigest\\\/\"}]}<\/script>\n<!-- \/ Yoast SEO plugin. -->","yoast_head_json":{"title":"Le Mans Classic 2014 - 1972 to 1979 Photos, Results, Report","description":"Photo gallery, results and report from the 1972 to 1979 race at Le Mans Classic 2014, held July 4-6 at Circuit de la Sarthe in Le Mans, France.","robots":{"index":"index","follow":"follow","max-snippet":"max-snippet:-1","max-image-preview":"max-image-preview:large","max-video-preview":"max-video-preview:-1"},"canonical":"https:\/\/www.supercars.net\/blog\/le-mans-classic-2014-1972-to-1979-race-report-photos\/","og_locale":"en_US","og_type":"article","og_title":"Le Mans Classic 2014 - 1972 to 1979 Photos, Results, Report","og_description":"Photo gallery, results and report from the 1972 to 1979 race at Le Mans Classic 2014, held July 4-6 at Circuit de la Sarthe in Le Mans, France.","og_url":"https:\/\/www.supercars.net\/blog\/le-mans-classic-2014-1972-to-1979-race-report-photos\/","og_site_name":"Supercars.net","article_publisher":"https:\/\/www.facebook.com\/Supercars.net\/","article_published_time":"2014-07-14T13:00:26+00:00","article_modified_time":"2024-01-27T22:38:28+00:00","author":"Sports Car Digest","twitter_card":"summary_large_image","twitter_image":"https:\/\/www.supercars.net\/blog\/wp-content\/uploads\/2014\/07\/DSC_8676-3.jpg","twitter_creator":"@supercars_net","twitter_site":"@supercars_net","twitter_misc":{"Written by":"Sports Car Digest","Est. reading time":"19 minutes"},"schema":{"@context":"https:\/\/schema.org","@graph":[{"@type":"Article","@id":"https:\/\/www.supercars.net\/blog\/le-mans-classic-2014-1972-to-1979-race-report-photos\/#article","isPartOf":{"@id":"https:\/\/www.supercars.net\/blog\/le-mans-classic-2014-1972-to-1979-race-report-photos\/"},"author":{"name":"Sports Car Digest","@id":"https:\/\/www.supercars.net\/blog\/#\/schema\/person\/188bd99a52d1e69543c54566c30e906b"},"headline":"Le Mans Classic (2014) &#8211; 1972 to 1979 Race Report and Photos","datePublished":"2014-07-14T13:00:26+00:00","dateModified":"2024-01-27T22:38:28+00:00","mainEntityOfPage":{"@id":"https:\/\/www.supercars.net\/blog\/le-mans-classic-2014-1972-to-1979-race-report-photos\/"},"wordCount":1435,"commentCount":1,"image":{"@id":"https:\/\/www.supercars.net\/blog\/le-mans-classic-2014-1972-to-1979-race-report-photos\/#primaryimage"},"thumbnailUrl":"https:\/\/www.supercars.net\/blog\/wp-content\/uploads\/2014\/07\/DSC_8676-3.jpg","keywords":["Event (Car Events &amp; Shows)","Event (Vintage Races)","Vintage Race (Le Mans Classic)"],"articleSection":["Car Events &amp; Shows","Vintage Races &amp; Rallies"],"inLanguage":"en-US","potentialAction":[{"@type":"CommentAction","name":"Comment","target":["https:\/\/www.supercars.net\/blog\/le-mans-classic-2014-1972-to-1979-race-report-photos\/#respond"]}]},{"@type":"WebPage","@id":"https:\/\/www.supercars.net\/blog\/le-mans-classic-2014-1972-to-1979-race-report-photos\/","url":"https:\/\/www.supercars.net\/blog\/le-mans-classic-2014-1972-to-1979-race-report-photos\/","name":"Le Mans Classic 2014 - 1972 to 1979 Photos, Results, Report","isPartOf":{"@id":"https:\/\/www.supercars.net\/blog\/#website"},"primaryImageOfPage":{"@id":"https:\/\/www.supercars.net\/blog\/le-mans-classic-2014-1972-to-1979-race-report-photos\/#primaryimage"},"image":{"@id":"https:\/\/www.supercars.net\/blog\/le-mans-classic-2014-1972-to-1979-race-report-photos\/#primaryimage"},"thumbnailUrl":"https:\/\/www.supercars.net\/blog\/wp-content\/uploads\/2014\/07\/DSC_8676-3.jpg","datePublished":"2014-07-14T13:00:26+00:00","dateModified":"2024-01-27T22:38:28+00:00","author":{"@id":"https:\/\/www.supercars.net\/blog\/#\/schema\/person\/188bd99a52d1e69543c54566c30e906b"},"description":"Photo gallery, results and report from the 1972 to 1979 race at Le Mans Classic 2014, held July 4-6 at Circuit de la Sarthe in Le Mans, France.","breadcrumb":{"@id":"https:\/\/www.supercars.net\/blog\/le-mans-classic-2014-1972-to-1979-race-report-photos\/#breadcrumb"},"inLanguage":"en-US","potentialAction":[{"@type":"ReadAction","target":["https:\/\/www.supercars.net\/blog\/le-mans-classic-2014-1972-to-1979-race-report-photos\/"]}]},{"@type":"ImageObject","inLanguage":"en-US","@id":"https:\/\/www.supercars.net\/blog\/le-mans-classic-2014-1972-to-1979-race-report-photos\/#primaryimage","url":"https:\/\/www.supercars.net\/blog\/wp-content\/uploads\/2014\/07\/DSC_8676-3.jpg","contentUrl":"https:\/\/www.supercars.net\/blog\/wp-content\/uploads\/2014\/07\/DSC_8676-3.jpg","width":800,"height":533,"caption":"1978 Porsche 935"},{"@type":"BreadcrumbList","@id":"https:\/\/www.supercars.net\/blog\/le-mans-classic-2014-1972-to-1979-race-report-photos\/#breadcrumb","itemListElement":[{"@type":"ListItem","position":1,"name":"Home","item":"https:\/\/www.supercars.net\/blog\/"},{"@type":"ListItem","position":2,"name":"Le Mans Classic (2014) &#8211; 1972 to 1979 Race Report and Photos"}]},{"@type":"WebSite","@id":"https:\/\/www.supercars.net\/blog\/#website","url":"https:\/\/www.supercars.net\/blog\/","name":"Supercars.net","description":"Exotic and Supercar news, information, pictures and videos","potentialAction":[{"@type":"SearchAction","target":{"@type":"EntryPoint","urlTemplate":"https:\/\/www.supercars.net\/blog\/?s={search_term_string}"},"query-input":{"@type":"PropertyValueSpecification","valueRequired":true,"valueName":"search_term_string"}}],"inLanguage":"en-US"},{"@type":"Person","@id":"https:\/\/www.supercars.net\/blog\/#\/schema\/person\/188bd99a52d1e69543c54566c30e906b","name":"Sports Car Digest","image":{"@type":"ImageObject","inLanguage":"en-US","@id":"https:\/\/www.supercars.net\/blog\/wp-content\/uploads\/2023\/10\/D3S_76221-293x293.jpg","url":"https:\/\/www.supercars.net\/blog\/wp-content\/uploads\/2023\/10\/D3S_76221-293x293.jpg","contentUrl":"https:\/\/www.supercars.net\/blog\/wp-content\/uploads\/2023\/10\/D3S_76221-293x293.jpg","caption":"Sports Car Digest"},"description":"We profile the world\u2019s finest sports cars, past and present automotive personalities, larger-than-life races and garages or museums. Profiles may include first-hand driving impressions, in-depth interviews and period racing stories and photographs. Profiles range from the Mario Righini Collection in Italy to the 1958 12 Hours of Sebring to a Shelby 427 Competition Cobra and everything in between.","url":"https:\/\/www.supercars.net\/blog\/author\/scdigest\/"}]}},"_links":{"self":[{"href":"https:\/\/www.supercars.net\/blog\/wp-json\/wp\/v2\/posts\/493942","targetHints":{"allow":["GET"]}}],"collection":[{"href":"https:\/\/www.supercars.net\/blog\/wp-json\/wp\/v2\/posts"}],"about":[{"href":"https:\/\/www.supercars.net\/blog\/wp-json\/wp\/v2\/types\/post"}],"author":[{"embeddable":true,"href":"https:\/\/www.supercars.net\/blog\/wp-json\/wp\/v2\/users\/106"}],"replies":[{"embeddable":true,"href":"https:\/\/www.supercars.net\/blog\/wp-json\/wp\/v2\/comments?post=493942"}],"version-history":[{"count":0,"href":"https:\/\/www.supercars.net\/blog\/wp-json\/wp\/v2\/posts\/493942\/revisions"}],"wp:featuredmedia":[{"embeddable":true,"href":"https:\/\/www.supercars.net\/blog\/wp-json\/wp\/v2\/media\/807573"}],"wp:attachment":[{"href":"https:\/\/www.supercars.net\/blog\/wp-json\/wp\/v2\/media?parent=493942"}],"wp:term":[{"taxonomy":"category","embeddable":true,"href":"https:\/\/www.supercars.net\/blog\/wp-json\/wp\/v2\/categories?post=493942"},{"taxonomy":"post_tag","embeddable":true,"href":"https:\/\/www.supercars.net\/blog\/wp-json\/wp\/v2\/tags?post=493942"}],"curies":[{"name":"wp","href":"https:\/\/api.w.org\/{rel}","templated":true}]}}