{"id":494059,"date":"2014-10-01T06:32:17","date_gmt":"2014-10-01T13:32:17","guid":{"rendered":"http:\/\/demo.sportscardigest.com\/?p=6472"},"modified":"2023-12-29T10:54:27","modified_gmt":"2023-12-29T10:54:27","slug":"hawk","status":"publish","type":"post","link":"https:\/\/www.supercars.net\/blog\/hawk\/","title":{"rendered":"Hawk International Challenge (2014) &#8211; Recap &#038; Photo Gallery"},"content":{"rendered":"<p>Road America, Elkhart Lake, WI<br \/>\nJuly 18-20, 2014<\/p>\n<figure id=\"attachment_708063\" aria-describedby=\"caption-attachment-708063\" style=\"width: 1080px\" class=\"wp-caption alignnone\"><a href=\"https:\/\/www.supercars.net\/blog\/wp-content\/uploads\/2014\/10\/p4-201410-p1.jpg\"><img decoding=\"async\" class=\"size-full wp-image-708063\" src=\"https:\/\/www.supercars.net\/blog\/wp-content\/uploads\/2014\/10\/p4-201410-p1.jpg\" alt=\"Eventual winner August Grasis\u00d5 1953 Allard J2X leads the PreWar field into Turn 5 in Sunday's Feature race. Photo: Jim Hatfield\" width=\"1080\" height=\"717\" srcset=\"https:\/\/www.supercars.net\/blog\/wp-content\/uploads\/2014\/10\/p4-201410-p1.jpg 1080w, https:\/\/www.supercars.net\/blog\/wp-content\/uploads\/2014\/10\/p4-201410-p1-300x199.jpg 300w, https:\/\/www.supercars.net\/blog\/wp-content\/uploads\/2014\/10\/p4-201410-p1-1024x680.jpg 1024w, https:\/\/www.supercars.net\/blog\/wp-content\/uploads\/2014\/10\/p4-201410-p1-100x66.jpg 100w, https:\/\/www.supercars.net\/blog\/wp-content\/uploads\/2014\/10\/p4-201410-p1-770x511.jpg 770w, https:\/\/www.supercars.net\/blog\/wp-content\/uploads\/2014\/10\/p4-201410-p1-360x240.jpg 360w, https:\/\/www.supercars.net\/blog\/wp-content\/uploads\/2014\/10\/p4-201410-p1-370x247.jpg 370w, https:\/\/www.supercars.net\/blog\/wp-content\/uploads\/2014\/10\/p4-201410-p1-293x195.jpg 293w\" sizes=\"(max-width: 1080px) 100vw, 1080px\" \/><\/a><figcaption id=\"caption-attachment-708063\" class=\"wp-caption-text\">Eventual winner August Grasis\u00d5 1953 Allard J2X leads the PreWar field into Turn 5 in Sunday&#8217;s Feature race. Photo: Jim Hatfield<\/figcaption><\/figure>\n<figure id=\"attachment_708065\" aria-describedby=\"caption-attachment-708065\" style=\"width: 1080px\" class=\"wp-caption alignnone\"><a href=\"https:\/\/www.supercars.net\/blog\/wp-content\/uploads\/2014\/10\/p4-201410-p2.jpg\"><img decoding=\"async\" class=\"wp-image-708065 size-full\" src=\"https:\/\/www.supercars.net\/blog\/wp-content\/uploads\/2014\/10\/p4-201410-p2.jpg\" alt=\"David Jacobs\u00d5 1967 Lola T70 Mk II is chased out of Turn 9 by James Stengel\u00d5s 1972 McLaren M8F.Photo: Fred Sickler \" width=\"1080\" height=\"720\" srcset=\"https:\/\/www.supercars.net\/blog\/wp-content\/uploads\/2014\/10\/p4-201410-p2.jpg 1080w, https:\/\/www.supercars.net\/blog\/wp-content\/uploads\/2014\/10\/p4-201410-p2-300x200.jpg 300w, https:\/\/www.supercars.net\/blog\/wp-content\/uploads\/2014\/10\/p4-201410-p2-1024x683.jpg 1024w, https:\/\/www.supercars.net\/blog\/wp-content\/uploads\/2014\/10\/p4-201410-p2-100x67.jpg 100w, https:\/\/www.supercars.net\/blog\/wp-content\/uploads\/2014\/10\/p4-201410-p2-770x513.jpg 770w, https:\/\/www.supercars.net\/blog\/wp-content\/uploads\/2014\/10\/p4-201410-p2-360x240.jpg 360w, https:\/\/www.supercars.net\/blog\/wp-content\/uploads\/2014\/10\/p4-201410-p2-370x247.jpg 370w, https:\/\/www.supercars.net\/blog\/wp-content\/uploads\/2014\/10\/p4-201410-p2-293x195.jpg 293w\" sizes=\"(max-width: 1080px) 100vw, 1080px\" \/><\/a><figcaption id=\"caption-attachment-708065\" class=\"wp-caption-text\">David Jacobs\u00d5 1967 Lola T70 Mk II is chased out of Turn 9 by James Stengel\u00d5s 1972 McLaren M8F.Photo: Fred Sickler<\/figcaption><\/figure>\n<figure id=\"attachment_708066\" aria-describedby=\"caption-attachment-708066\" style=\"width: 1080px\" class=\"wp-caption alignnone\"><a href=\"https:\/\/www.supercars.net\/blog\/wp-content\/uploads\/2014\/10\/p4-201410-p3-1.jpg\"><img decoding=\"async\" class=\"size-full wp-image-708066\" src=\"https:\/\/www.supercars.net\/blog\/wp-content\/uploads\/2014\/10\/p4-201410-p3-1.jpg\" alt=\"This is Jeff Gerkin\u00d5s 1973 BMW 3.5 CSL Alpina. Photo: J R Schabowski \" width=\"1080\" height=\"696\" srcset=\"https:\/\/www.supercars.net\/blog\/wp-content\/uploads\/2014\/10\/p4-201410-p3-1.jpg 1080w, https:\/\/www.supercars.net\/blog\/wp-content\/uploads\/2014\/10\/p4-201410-p3-1-300x193.jpg 300w, https:\/\/www.supercars.net\/blog\/wp-content\/uploads\/2014\/10\/p4-201410-p3-1-1024x660.jpg 1024w, https:\/\/www.supercars.net\/blog\/wp-content\/uploads\/2014\/10\/p4-201410-p3-1-100x64.jpg 100w, https:\/\/www.supercars.net\/blog\/wp-content\/uploads\/2014\/10\/p4-201410-p3-1-770x496.jpg 770w, https:\/\/www.supercars.net\/blog\/wp-content\/uploads\/2014\/10\/p4-201410-p3-1-293x189.jpg 293w\" sizes=\"(max-width: 1080px) 100vw, 1080px\" \/><\/a><figcaption id=\"caption-attachment-708066\" class=\"wp-caption-text\">This is Jeff Gerkin\u00d5s 1973 BMW 3.5 CSL Alpina. Photo: J R Schabowski<\/figcaption><\/figure>\n<figure id=\"attachment_708067\" aria-describedby=\"caption-attachment-708067\" style=\"width: 1080px\" class=\"wp-caption alignnone\"><a href=\"https:\/\/www.supercars.net\/blog\/wp-content\/uploads\/2014\/10\/p4-201410-p4.jpg\"><img decoding=\"async\" class=\"size-full wp-image-708067\" src=\"https:\/\/www.supercars.net\/blog\/wp-content\/uploads\/2014\/10\/p4-201410-p4.jpg\" alt=\"\" width=\"1080\" height=\"698\" srcset=\"https:\/\/www.supercars.net\/blog\/wp-content\/uploads\/2014\/10\/p4-201410-p4.jpg 1080w, https:\/\/www.supercars.net\/blog\/wp-content\/uploads\/2014\/10\/p4-201410-p4-300x194.jpg 300w, https:\/\/www.supercars.net\/blog\/wp-content\/uploads\/2014\/10\/p4-201410-p4-1024x662.jpg 1024w, https:\/\/www.supercars.net\/blog\/wp-content\/uploads\/2014\/10\/p4-201410-p4-100x65.jpg 100w, https:\/\/www.supercars.net\/blog\/wp-content\/uploads\/2014\/10\/p4-201410-p4-770x498.jpg 770w, https:\/\/www.supercars.net\/blog\/wp-content\/uploads\/2014\/10\/p4-201410-p4-293x189.jpg 293w\" sizes=\"(max-width: 1080px) 100vw, 1080px\" \/><\/a><figcaption id=\"caption-attachment-708067\" class=\"wp-caption-text\">Historic F1 champ John Delane brought his 1971 Tyrrell 002 from California.Photo: J R Schabowski<\/figcaption><\/figure>\n<figure id=\"attachment_708068\" aria-describedby=\"caption-attachment-708068\" style=\"width: 1080px\" class=\"wp-caption alignnone\"><a href=\"https:\/\/www.supercars.net\/blog\/wp-content\/uploads\/2014\/10\/p4-201410-p5.jpg\"><img decoding=\"async\" class=\"wp-image-708068 size-full\" src=\"https:\/\/www.supercars.net\/blog\/wp-content\/uploads\/2014\/10\/p4-201410-p5.jpg\" alt=\"Chris Pederson\u00d5s ex-Jerry Hansen \u00d572 LolaT300 (#44) leads Tony Adamowicz\u00d5s \u00d569 Eagle Mark 5 out of Turn 6.Photo: Fred Sickler\" width=\"1080\" height=\"720\" srcset=\"https:\/\/www.supercars.net\/blog\/wp-content\/uploads\/2014\/10\/p4-201410-p5.jpg 1080w, https:\/\/www.supercars.net\/blog\/wp-content\/uploads\/2014\/10\/p4-201410-p5-300x200.jpg 300w, https:\/\/www.supercars.net\/blog\/wp-content\/uploads\/2014\/10\/p4-201410-p5-1024x683.jpg 1024w, https:\/\/www.supercars.net\/blog\/wp-content\/uploads\/2014\/10\/p4-201410-p5-100x67.jpg 100w, https:\/\/www.supercars.net\/blog\/wp-content\/uploads\/2014\/10\/p4-201410-p5-770x513.jpg 770w, https:\/\/www.supercars.net\/blog\/wp-content\/uploads\/2014\/10\/p4-201410-p5-360x240.jpg 360w, https:\/\/www.supercars.net\/blog\/wp-content\/uploads\/2014\/10\/p4-201410-p5-370x247.jpg 370w, https:\/\/www.supercars.net\/blog\/wp-content\/uploads\/2014\/10\/p4-201410-p5-293x195.jpg 293w\" sizes=\"(max-width: 1080px) 100vw, 1080px\" \/><\/a><figcaption id=\"caption-attachment-708068\" class=\"wp-caption-text\">Chris Pederson\u00d5s ex-Jerry Hansen \u00d572 LolaT300 (#44) leads Tony Adamowicz\u00d5s \u00d569 Eagle Mark 5 out of Turn 6.Photo: Fred Sickler<\/figcaption><\/figure>\n<figure id=\"attachment_708069\" aria-describedby=\"caption-attachment-708069\" style=\"width: 1080px\" class=\"wp-caption alignnone\"><a href=\"https:\/\/www.supercars.net\/blog\/wp-content\/uploads\/2014\/10\/p4-201410-p6.jpg\"><img decoding=\"async\" class=\"size-full wp-image-708069\" src=\"https:\/\/www.supercars.net\/blog\/wp-content\/uploads\/2014\/10\/p4-201410-p6.jpg\" alt=\"During Sunday\u00d5s Mustang Feature Race, 2nd-place finisher Colin Comer blazes into Turn 6 with his 1995 Trans-Am Mustang.Photo: Jim Hatfield \" width=\"1080\" height=\"717\" srcset=\"https:\/\/www.supercars.net\/blog\/wp-content\/uploads\/2014\/10\/p4-201410-p6.jpg 1080w, https:\/\/www.supercars.net\/blog\/wp-content\/uploads\/2014\/10\/p4-201410-p6-300x199.jpg 300w, https:\/\/www.supercars.net\/blog\/wp-content\/uploads\/2014\/10\/p4-201410-p6-1024x680.jpg 1024w, https:\/\/www.supercars.net\/blog\/wp-content\/uploads\/2014\/10\/p4-201410-p6-100x66.jpg 100w, https:\/\/www.supercars.net\/blog\/wp-content\/uploads\/2014\/10\/p4-201410-p6-770x511.jpg 770w, https:\/\/www.supercars.net\/blog\/wp-content\/uploads\/2014\/10\/p4-201410-p6-360x240.jpg 360w, https:\/\/www.supercars.net\/blog\/wp-content\/uploads\/2014\/10\/p4-201410-p6-370x247.jpg 370w, https:\/\/www.supercars.net\/blog\/wp-content\/uploads\/2014\/10\/p4-201410-p6-293x195.jpg 293w\" sizes=\"(max-width: 1080px) 100vw, 1080px\" \/><\/a><figcaption id=\"caption-attachment-708069\" class=\"wp-caption-text\">During Sunday\u00d5s Mustang Feature Race, 2nd-place finisher Colin Comer blazes into Turn 6 with his 1995 Trans-Am Mustang.Photo: Jim Hatfield<\/figcaption><\/figure>\n","protected":false},"excerpt":{"rendered":"<p>Road America, Elkhart Lake, WI July 18-20, 2014<\/p>\n","protected":false},"author":227,"featured_media":708062,"comment_status":"open","ping_status":"closed","sticky":false,"template":"","format":"standard","meta":{"footnotes":""},"categories":[260,13063],"tags":[432,15234,7808,17831,17483],"class_list":["post-494059","post","type-post","status-publish","format-standard","has-post-thumbnail","hentry","category-car-events","category-vintage-car-racing","tag-events","tag-events-vintage-racing","tag-road-america","tag-vintage-race-international-challenge","tag-vintage-race-the-hawk"],"yoast_head":"<!-- This site is optimized with the Yoast SEO plugin v27.4 - https:\/\/yoast.com\/product\/yoast-seo-wordpress\/ -->\n<title>Hawk International Challenge (2014) - Recap &amp; Photo Gallery<\/title>\n<meta name=\"robots\" content=\"index, follow, max-snippet:-1, max-image-preview:large, max-video-preview:-1\" \/>\n<link rel=\"canonical\" href=\"https:\/\/www.supercars.net\/blog\/hawk\/\" \/>\n<meta property=\"og:locale\" content=\"en_US\" \/>\n<meta property=\"og:type\" content=\"article\" \/>\n<meta property=\"og:title\" content=\"Hawk International Challenge (2014) - Recap &amp; Photo Gallery\" \/>\n<meta property=\"og:description\" content=\"Road America, Elkhart Lake, WI July 18-20, 2014\" \/>\n<meta property=\"og:url\" content=\"https:\/\/www.supercars.net\/blog\/hawk\/\" \/>\n<meta property=\"og:site_name\" content=\"Supercars.net\" \/>\n<meta property=\"article:publisher\" content=\"https:\/\/www.facebook.com\/Supercars.net\/\" \/>\n<meta property=\"article:published_time\" content=\"2014-10-01T13:32:17+00:00\" \/>\n<meta property=\"article:modified_time\" content=\"2023-12-29T10:54:27+00:00\" \/>\n<meta property=\"og:image\" content=\"https:\/\/www.supercars.net\/blog\/wp-content\/uploads\/2014\/10\/p4-201410-p3.jpg\" \/>\n\t<meta property=\"og:image:width\" content=\"1080\" \/>\n\t<meta property=\"og:image:height\" content=\"696\" \/>\n\t<meta property=\"og:image:type\" content=\"image\/jpeg\" \/>\n<meta name=\"author\" content=\"Fred Sickler\" \/>\n<meta name=\"twitter:card\" content=\"summary_large_image\" \/>\n<meta name=\"twitter:creator\" content=\"@supercars_net\" \/>\n<meta name=\"twitter:site\" content=\"@supercars_net\" \/>\n<meta name=\"twitter:label1\" content=\"Written by\" \/>\n\t<meta name=\"twitter:data1\" content=\"Fred Sickler\" \/>\n\t<meta name=\"twitter:label2\" content=\"Est. reading time\" \/>\n\t<meta name=\"twitter:data2\" content=\"3 minutes\" \/>\n<script type=\"application\/ld+json\" class=\"yoast-schema-graph\">{\"@context\":\"https:\\\/\\\/schema.org\",\"@graph\":[{\"@type\":\"Article\",\"@id\":\"https:\\\/\\\/www.supercars.net\\\/blog\\\/hawk\\\/#article\",\"isPartOf\":{\"@id\":\"https:\\\/\\\/www.supercars.net\\\/blog\\\/hawk\\\/\"},\"author\":{\"name\":\"Fred Sickler\",\"@id\":\"https:\\\/\\\/www.supercars.net\\\/blog\\\/#\\\/schema\\\/person\\\/30bfa0e2c9cb0dbf76227361298a4c5c\"},\"headline\":\"Hawk International Challenge (2014) &#8211; Recap &#038; Photo Gallery\",\"datePublished\":\"2014-10-01T13:32:17+00:00\",\"dateModified\":\"2023-12-29T10:54:27+00:00\",\"mainEntityOfPage\":{\"@id\":\"https:\\\/\\\/www.supercars.net\\\/blog\\\/hawk\\\/\"},\"wordCount\":162,\"commentCount\":0,\"image\":{\"@id\":\"https:\\\/\\\/www.supercars.net\\\/blog\\\/hawk\\\/#primaryimage\"},\"thumbnailUrl\":\"https:\\\/\\\/www.supercars.net\\\/blog\\\/wp-content\\\/uploads\\\/2014\\\/10\\\/p4-201410-p3.jpg\",\"keywords\":[\"Event (Car Events &amp; Shows)\",\"Event (Vintage Races)\",\"Racetrack (Road America)\",\"Vintage Race (International Challenge)\",\"Vintage Race (The Hawk)\"],\"articleSection\":[\"Car Events &amp; Shows\",\"Vintage Races &amp; Rallies\"],\"inLanguage\":\"en-US\",\"potentialAction\":[{\"@type\":\"CommentAction\",\"name\":\"Comment\",\"target\":[\"https:\\\/\\\/www.supercars.net\\\/blog\\\/hawk\\\/#respond\"]}]},{\"@type\":\"WebPage\",\"@id\":\"https:\\\/\\\/www.supercars.net\\\/blog\\\/hawk\\\/\",\"url\":\"https:\\\/\\\/www.supercars.net\\\/blog\\\/hawk\\\/\",\"name\":\"Hawk International Challenge (2014) - Recap & Photo Gallery\",\"isPartOf\":{\"@id\":\"https:\\\/\\\/www.supercars.net\\\/blog\\\/#website\"},\"primaryImageOfPage\":{\"@id\":\"https:\\\/\\\/www.supercars.net\\\/blog\\\/hawk\\\/#primaryimage\"},\"image\":{\"@id\":\"https:\\\/\\\/www.supercars.net\\\/blog\\\/hawk\\\/#primaryimage\"},\"thumbnailUrl\":\"https:\\\/\\\/www.supercars.net\\\/blog\\\/wp-content\\\/uploads\\\/2014\\\/10\\\/p4-201410-p3.jpg\",\"datePublished\":\"2014-10-01T13:32:17+00:00\",\"dateModified\":\"2023-12-29T10:54:27+00:00\",\"author\":{\"@id\":\"https:\\\/\\\/www.supercars.net\\\/blog\\\/#\\\/schema\\\/person\\\/30bfa0e2c9cb0dbf76227361298a4c5c\"},\"breadcrumb\":{\"@id\":\"https:\\\/\\\/www.supercars.net\\\/blog\\\/hawk\\\/#breadcrumb\"},\"inLanguage\":\"en-US\",\"potentialAction\":[{\"@type\":\"ReadAction\",\"target\":[\"https:\\\/\\\/www.supercars.net\\\/blog\\\/hawk\\\/\"]}]},{\"@type\":\"ImageObject\",\"inLanguage\":\"en-US\",\"@id\":\"https:\\\/\\\/www.supercars.net\\\/blog\\\/hawk\\\/#primaryimage\",\"url\":\"https:\\\/\\\/www.supercars.net\\\/blog\\\/wp-content\\\/uploads\\\/2014\\\/10\\\/p4-201410-p3.jpg\",\"contentUrl\":\"https:\\\/\\\/www.supercars.net\\\/blog\\\/wp-content\\\/uploads\\\/2014\\\/10\\\/p4-201410-p3.jpg\",\"width\":1080,\"height\":696},{\"@type\":\"BreadcrumbList\",\"@id\":\"https:\\\/\\\/www.supercars.net\\\/blog\\\/hawk\\\/#breadcrumb\",\"itemListElement\":[{\"@type\":\"ListItem\",\"position\":1,\"name\":\"Home\",\"item\":\"https:\\\/\\\/www.supercars.net\\\/blog\\\/\"},{\"@type\":\"ListItem\",\"position\":2,\"name\":\"Hawk International Challenge (2014) &#8211; Recap &#038; Photo Gallery\"}]},{\"@type\":\"WebSite\",\"@id\":\"https:\\\/\\\/www.supercars.net\\\/blog\\\/#website\",\"url\":\"https:\\\/\\\/www.supercars.net\\\/blog\\\/\",\"name\":\"Supercars.net\",\"description\":\"Exotic and Supercar news, information, pictures and videos\",\"potentialAction\":[{\"@type\":\"SearchAction\",\"target\":{\"@type\":\"EntryPoint\",\"urlTemplate\":\"https:\\\/\\\/www.supercars.net\\\/blog\\\/?s={search_term_string}\"},\"query-input\":{\"@type\":\"PropertyValueSpecification\",\"valueRequired\":true,\"valueName\":\"search_term_string\"}}],\"inLanguage\":\"en-US\"},{\"@type\":\"Person\",\"@id\":\"https:\\\/\\\/www.supercars.net\\\/blog\\\/#\\\/schema\\\/person\\\/30bfa0e2c9cb0dbf76227361298a4c5c\",\"name\":\"Fred Sickler\",\"image\":{\"@type\":\"ImageObject\",\"inLanguage\":\"en-US\",\"@id\":\"https:\\\/\\\/www.supercars.net\\\/blog\\\/wp-content\\\/uploads\\\/2023\\\/10\\\/Fred-Sickler-293x293.jpeg\",\"url\":\"https:\\\/\\\/www.supercars.net\\\/blog\\\/wp-content\\\/uploads\\\/2023\\\/10\\\/Fred-Sickler-293x293.jpeg\",\"contentUrl\":\"https:\\\/\\\/www.supercars.net\\\/blog\\\/wp-content\\\/uploads\\\/2023\\\/10\\\/Fred-Sickler-293x293.jpeg\",\"caption\":\"Fred Sickler\"},\"description\":\"Vintage car racing isn't just a thing of the past. Events like the Goodwood Revival in the UK, the Monterey Historic Races in the US, and many others around the world celebrate historic motorsport, offering photographers modern opportunities to capture vintage cars in action. Fred helps capture all of this magic.\",\"sameAs\":[\"https:\\\/\\\/www.instagram.com\\\/fredsickler\\\/\"],\"url\":\"https:\\\/\\\/www.supercars.net\\\/blog\\\/author\\\/fred-sickler\\\/\"}]}<\/script>\n<!-- \/ Yoast SEO plugin. -->","yoast_head_json":{"title":"Hawk International Challenge (2014) - Recap & Photo Gallery","robots":{"index":"index","follow":"follow","max-snippet":"max-snippet:-1","max-image-preview":"max-image-preview:large","max-video-preview":"max-video-preview:-1"},"canonical":"https:\/\/www.supercars.net\/blog\/hawk\/","og_locale":"en_US","og_type":"article","og_title":"Hawk International Challenge (2014) - Recap & Photo Gallery","og_description":"Road America, Elkhart Lake, WI July 18-20, 2014","og_url":"https:\/\/www.supercars.net\/blog\/hawk\/","og_site_name":"Supercars.net","article_publisher":"https:\/\/www.facebook.com\/Supercars.net\/","article_published_time":"2014-10-01T13:32:17+00:00","article_modified_time":"2023-12-29T10:54:27+00:00","og_image":[{"width":1080,"height":696,"url":"https:\/\/www.supercars.net\/blog\/wp-content\/uploads\/2014\/10\/p4-201410-p3.jpg","type":"image\/jpeg"}],"author":"Fred Sickler","twitter_card":"summary_large_image","twitter_creator":"@supercars_net","twitter_site":"@supercars_net","twitter_misc":{"Written by":"Fred Sickler","Est. reading time":"3 minutes"},"schema":{"@context":"https:\/\/schema.org","@graph":[{"@type":"Article","@id":"https:\/\/www.supercars.net\/blog\/hawk\/#article","isPartOf":{"@id":"https:\/\/www.supercars.net\/blog\/hawk\/"},"author":{"name":"Fred Sickler","@id":"https:\/\/www.supercars.net\/blog\/#\/schema\/person\/30bfa0e2c9cb0dbf76227361298a4c5c"},"headline":"Hawk International Challenge (2014) &#8211; Recap &#038; Photo Gallery","datePublished":"2014-10-01T13:32:17+00:00","dateModified":"2023-12-29T10:54:27+00:00","mainEntityOfPage":{"@id":"https:\/\/www.supercars.net\/blog\/hawk\/"},"wordCount":162,"commentCount":0,"image":{"@id":"https:\/\/www.supercars.net\/blog\/hawk\/#primaryimage"},"thumbnailUrl":"https:\/\/www.supercars.net\/blog\/wp-content\/uploads\/2014\/10\/p4-201410-p3.jpg","keywords":["Event (Car Events &amp; Shows)","Event (Vintage Races)","Racetrack (Road America)","Vintage Race (International Challenge)","Vintage Race (The Hawk)"],"articleSection":["Car Events &amp; Shows","Vintage Races &amp; Rallies"],"inLanguage":"en-US","potentialAction":[{"@type":"CommentAction","name":"Comment","target":["https:\/\/www.supercars.net\/blog\/hawk\/#respond"]}]},{"@type":"WebPage","@id":"https:\/\/www.supercars.net\/blog\/hawk\/","url":"https:\/\/www.supercars.net\/blog\/hawk\/","name":"Hawk International Challenge (2014) - Recap & Photo Gallery","isPartOf":{"@id":"https:\/\/www.supercars.net\/blog\/#website"},"primaryImageOfPage":{"@id":"https:\/\/www.supercars.net\/blog\/hawk\/#primaryimage"},"image":{"@id":"https:\/\/www.supercars.net\/blog\/hawk\/#primaryimage"},"thumbnailUrl":"https:\/\/www.supercars.net\/blog\/wp-content\/uploads\/2014\/10\/p4-201410-p3.jpg","datePublished":"2014-10-01T13:32:17+00:00","dateModified":"2023-12-29T10:54:27+00:00","author":{"@id":"https:\/\/www.supercars.net\/blog\/#\/schema\/person\/30bfa0e2c9cb0dbf76227361298a4c5c"},"breadcrumb":{"@id":"https:\/\/www.supercars.net\/blog\/hawk\/#breadcrumb"},"inLanguage":"en-US","potentialAction":[{"@type":"ReadAction","target":["https:\/\/www.supercars.net\/blog\/hawk\/"]}]},{"@type":"ImageObject","inLanguage":"en-US","@id":"https:\/\/www.supercars.net\/blog\/hawk\/#primaryimage","url":"https:\/\/www.supercars.net\/blog\/wp-content\/uploads\/2014\/10\/p4-201410-p3.jpg","contentUrl":"https:\/\/www.supercars.net\/blog\/wp-content\/uploads\/2014\/10\/p4-201410-p3.jpg","width":1080,"height":696},{"@type":"BreadcrumbList","@id":"https:\/\/www.supercars.net\/blog\/hawk\/#breadcrumb","itemListElement":[{"@type":"ListItem","position":1,"name":"Home","item":"https:\/\/www.supercars.net\/blog\/"},{"@type":"ListItem","position":2,"name":"Hawk International Challenge (2014) &#8211; Recap &#038; Photo Gallery"}]},{"@type":"WebSite","@id":"https:\/\/www.supercars.net\/blog\/#website","url":"https:\/\/www.supercars.net\/blog\/","name":"Supercars.net","description":"Exotic and Supercar news, information, pictures and videos","potentialAction":[{"@type":"SearchAction","target":{"@type":"EntryPoint","urlTemplate":"https:\/\/www.supercars.net\/blog\/?s={search_term_string}"},"query-input":{"@type":"PropertyValueSpecification","valueRequired":true,"valueName":"search_term_string"}}],"inLanguage":"en-US"},{"@type":"Person","@id":"https:\/\/www.supercars.net\/blog\/#\/schema\/person\/30bfa0e2c9cb0dbf76227361298a4c5c","name":"Fred Sickler","image":{"@type":"ImageObject","inLanguage":"en-US","@id":"https:\/\/www.supercars.net\/blog\/wp-content\/uploads\/2023\/10\/Fred-Sickler-293x293.jpeg","url":"https:\/\/www.supercars.net\/blog\/wp-content\/uploads\/2023\/10\/Fred-Sickler-293x293.jpeg","contentUrl":"https:\/\/www.supercars.net\/blog\/wp-content\/uploads\/2023\/10\/Fred-Sickler-293x293.jpeg","caption":"Fred Sickler"},"description":"Vintage car racing isn't just a thing of the past. Events like the Goodwood Revival in the UK, the Monterey Historic Races in the US, and many others around the world celebrate historic motorsport, offering photographers modern opportunities to capture vintage cars in action. Fred helps capture all of this magic.","sameAs":["https:\/\/www.instagram.com\/fredsickler\/"],"url":"https:\/\/www.supercars.net\/blog\/author\/fred-sickler\/"}]}},"_links":{"self":[{"href":"https:\/\/www.supercars.net\/blog\/wp-json\/wp\/v2\/posts\/494059","targetHints":{"allow":["GET"]}}],"collection":[{"href":"https:\/\/www.supercars.net\/blog\/wp-json\/wp\/v2\/posts"}],"about":[{"href":"https:\/\/www.supercars.net\/blog\/wp-json\/wp\/v2\/types\/post"}],"author":[{"embeddable":true,"href":"https:\/\/www.supercars.net\/blog\/wp-json\/wp\/v2\/users\/227"}],"replies":[{"embeddable":true,"href":"https:\/\/www.supercars.net\/blog\/wp-json\/wp\/v2\/comments?post=494059"}],"version-history":[{"count":0,"href":"https:\/\/www.supercars.net\/blog\/wp-json\/wp\/v2\/posts\/494059\/revisions"}],"wp:featuredmedia":[{"embeddable":true,"href":"https:\/\/www.supercars.net\/blog\/wp-json\/wp\/v2\/media\/708062"}],"wp:attachment":[{"href":"https:\/\/www.supercars.net\/blog\/wp-json\/wp\/v2\/media?parent=494059"}],"wp:term":[{"taxonomy":"category","embeddable":true,"href":"https:\/\/www.supercars.net\/blog\/wp-json\/wp\/v2\/categories?post=494059"},{"taxonomy":"post_tag","embeddable":true,"href":"https:\/\/www.supercars.net\/blog\/wp-json\/wp\/v2\/tags?post=494059"}],"curies":[{"name":"wp","href":"https:\/\/api.w.org\/{rel}","templated":true}]}}