{"id":495240,"date":"2016-02-17T12:25:11","date_gmt":"2016-02-17T20:25:11","guid":{"rendered":"https:\/\/sportscardigest.com\/\/?p=26490"},"modified":"2024-03-01T06:27:33","modified_gmt":"2024-03-01T06:27:33","slug":"2016-is-world-motoring-heritage-year","status":"publish","type":"post","link":"https:\/\/www.supercars.net\/blog\/2016-is-world-motoring-heritage-year\/","title":{"rendered":"2016 is World Motoring Heritage Year"},"content":{"rendered":"<p>FIVA, the <em>F\u00e9d\u00e9ration Internationale des V\u00e9hicules Anciens<\/em>, has named 2016 as World Motoring Heritage Year \u2014 both in recognition of our motoring history and to celebrate a new dawn for the historic vehicle movement throughout the world. This year also marks the 50th anniversary of FIVA itself.<\/p>\n<p>\u201cThis is the perfect time to launch World Motoring Heritage Year, as we\u2019re at the dawn of a bright new age of classic motoring,\u201d says Patrick Rollet, President of FIVA, a non-profit-making enterprise set up in 1966 that currently represents 85 member organizations in more than 64 countries, on behalf of millions of individuals with a passion for historic cars, motorcycles or utilitarian vehicles.<\/p>\n<p>\u201cAt a time when new technology and autonomous cars are poised to change the face of motoring forever, you only need look at the similarly dramatic shift in transport at the end of the 19<sup>th<\/sup> Century \u2014 when horses were almost entirely replaced by motor vehicles \u2014 to see a vibrant future for classic cars as recreational vehicles. Indeed, there are some startling parallels between the environmental crisis of the 1800s, and the challenges facing the motor industry today.<\/p>\n<p>\u201cAnd it is right to celebrate motoring history. The automobile has \u2014 over the last hundred years or so \u2014 had a hugely liberating effect on humanity. FIVA welcomes safer, cheaper, more environmentally friendly modern vehicles as necessary transport, but as autonomous cars become the norm on arterial roads, the back roads will increasingly be available for people to enjoy classic motoring.\u201d<\/p>\n<p>To mark World Motoring Heritage Year and emphasize its new mission statement, \u201cProtecting, preserving and promoting world motoring heritage,\u201d FIVA is planning an ongoing series of events and initiatives throughout the coming year, including:<\/p>\n<ul>\n<li>Twice-yearly \u201cHeritage Forums,\u201d bringing together the heads of the classic divisions of the major vehicle manufacturers, and symposiums on pertinent topics for all stakeholders to deliberate and debate key issues;<\/li>\n<\/ul>\n<ul>\n<li>Broadening the scope of FIVA to allow professional members, such as manufacturers, to contribute to and aid the movement;<\/li>\n<\/ul>\n<ul>\n<li>Identifying issues of global concern, lobbying the relevant authorities and raising public awareness;<\/li>\n<\/ul>\n<ul>\n<li>Launching FIVA-backed awards at many of the world\u2019s top events;<\/li>\n<\/ul>\n<p>Issuing FIVA ID cards based on the new technical code for historic vehicle authentication;<\/p>\n<ul>\n<li>The design of two World Motoring Heritage Year logos (one for cars and one for motorcycles) that will soon be available as stickers to the general public.<\/li>\n<\/ul>\n<p>For complete information, please visit: <a href=\"http:\/\/www.fiva.org\" target=\"_blank\" rel=\"noopener\">www.fiva.org<\/a><\/p>\n<p>&nbsp;<\/p>\n<p>&nbsp;<\/p>\n","protected":false},"excerpt":{"rendered":"<p>FIVA, the F\u00e9d\u00e9ration Internationale des V\u00e9hicules Anciens, has named 2016 as World Motoring Heritage Year \u2014 both in recognition of our motoring history and to celebrate a new dawn for the historic vehicle movement throughout the world. This year also marks the 50th anniversary of FIVA itself. \u201cThis is the perfect time to launch World Motoring Heritage Year, as we\u2019re at the dawn of a bright new age of classic motoring,\u201d says Patrick Rollet, President of FIVA, a non-profit-making enterprise [&hellip;]<\/p>\n","protected":false},"author":142,"featured_media":535835,"comment_status":"open","ping_status":"closed","sticky":false,"template":"","format":"standard","meta":{"footnotes":""},"categories":[263,7143],"tags":[17152,17154],"class_list":["post-495240","post","type-post","status-publish","format-standard","has-post-thumbnail","hentry","category-car-culture","category-misc","tag-car-culture","tag-misc"],"yoast_head":"<!-- This site is optimized with the Yoast SEO plugin v27.5 - https:\/\/yoast.com\/product\/yoast-seo-wordpress\/ -->\n<title>2016 is World Motoring Heritage Year<\/title>\n<meta name=\"robots\" content=\"index, follow, max-snippet:-1, max-image-preview:large, max-video-preview:-1\" \/>\n<link rel=\"canonical\" href=\"https:\/\/www.supercars.net\/blog\/2016-is-world-motoring-heritage-year\/\" \/>\n<meta property=\"og:locale\" content=\"en_US\" \/>\n<meta property=\"og:type\" content=\"article\" \/>\n<meta property=\"og:title\" content=\"2016 is World Motoring Heritage Year\" \/>\n<meta property=\"og:description\" content=\"FIVA, the F\u00e9d\u00e9ration Internationale des V\u00e9hicules Anciens, has named 2016 as World Motoring Heritage Year \u2014 both in recognition of our motoring history and to celebrate a new dawn for the historic vehicle movement throughout the world. This year also marks the 50th anniversary of FIVA itself. \u201cThis is the perfect time to launch World Motoring Heritage Year, as we\u2019re at the dawn of a bright new age of classic motoring,\u201d says Patrick Rollet, President of FIVA, a non-profit-making enterprise [&hellip;]\" \/>\n<meta property=\"og:url\" content=\"https:\/\/www.supercars.net\/blog\/2016-is-world-motoring-heritage-year\/\" \/>\n<meta property=\"og:site_name\" content=\"Supercars.net\" \/>\n<meta property=\"article:publisher\" content=\"https:\/\/www.facebook.com\/Supercars.net\/\" \/>\n<meta property=\"article:published_time\" content=\"2016-02-17T20:25:11+00:00\" \/>\n<meta property=\"article:modified_time\" content=\"2024-03-01T06:27:33+00:00\" \/>\n<meta property=\"og:image\" content=\"https:\/\/www.supercars.net\/blog\/wp-content\/uploads\/2016\/02\/Jaguar-XK120.jpg\" \/>\n\t<meta property=\"og:image:width\" content=\"1080\" \/>\n\t<meta property=\"og:image:height\" content=\"808\" \/>\n\t<meta property=\"og:image:type\" content=\"image\/jpeg\" \/>\n<meta name=\"author\" content=\"John Zimmermann\" \/>\n<meta name=\"twitter:card\" content=\"summary_large_image\" \/>\n<meta name=\"twitter:creator\" content=\"@supercars_net\" \/>\n<meta name=\"twitter:site\" content=\"@supercars_net\" \/>\n<meta name=\"twitter:label1\" content=\"Written by\" \/>\n\t<meta name=\"twitter:data1\" content=\"John Zimmermann\" \/>\n\t<meta name=\"twitter:label2\" content=\"Est. reading time\" \/>\n\t<meta name=\"twitter:data2\" content=\"2 minutes\" \/>\n<script type=\"application\/ld+json\" class=\"yoast-schema-graph\">{\"@context\":\"https:\\\/\\\/schema.org\",\"@graph\":[{\"@type\":\"Article\",\"@id\":\"https:\\\/\\\/www.supercars.net\\\/blog\\\/2016-is-world-motoring-heritage-year\\\/#article\",\"isPartOf\":{\"@id\":\"https:\\\/\\\/www.supercars.net\\\/blog\\\/2016-is-world-motoring-heritage-year\\\/\"},\"author\":{\"name\":\"John Zimmermann\",\"@id\":\"https:\\\/\\\/www.supercars.net\\\/blog\\\/#\\\/schema\\\/person\\\/96b206a07dacd5614967544b2c3b0e35\"},\"headline\":\"2016 is World Motoring Heritage Year\",\"datePublished\":\"2016-02-17T20:25:11+00:00\",\"dateModified\":\"2024-03-01T06:27:33+00:00\",\"mainEntityOfPage\":{\"@id\":\"https:\\\/\\\/www.supercars.net\\\/blog\\\/2016-is-world-motoring-heritage-year\\\/\"},\"wordCount\":410,\"commentCount\":0,\"image\":{\"@id\":\"https:\\\/\\\/www.supercars.net\\\/blog\\\/2016-is-world-motoring-heritage-year\\\/#primaryimage\"},\"thumbnailUrl\":\"https:\\\/\\\/www.supercars.net\\\/blog\\\/wp-content\\\/uploads\\\/2016\\\/02\\\/Jaguar-XK120.jpg\",\"keywords\":[\"Car Culture\",\"Misc\"],\"articleSection\":[\"Car Culture\",\"Misc\"],\"inLanguage\":\"en-US\",\"potentialAction\":[{\"@type\":\"CommentAction\",\"name\":\"Comment\",\"target\":[\"https:\\\/\\\/www.supercars.net\\\/blog\\\/2016-is-world-motoring-heritage-year\\\/#respond\"]}]},{\"@type\":\"WebPage\",\"@id\":\"https:\\\/\\\/www.supercars.net\\\/blog\\\/2016-is-world-motoring-heritage-year\\\/\",\"url\":\"https:\\\/\\\/www.supercars.net\\\/blog\\\/2016-is-world-motoring-heritage-year\\\/\",\"name\":\"2016 is World Motoring Heritage Year\",\"isPartOf\":{\"@id\":\"https:\\\/\\\/www.supercars.net\\\/blog\\\/#website\"},\"primaryImageOfPage\":{\"@id\":\"https:\\\/\\\/www.supercars.net\\\/blog\\\/2016-is-world-motoring-heritage-year\\\/#primaryimage\"},\"image\":{\"@id\":\"https:\\\/\\\/www.supercars.net\\\/blog\\\/2016-is-world-motoring-heritage-year\\\/#primaryimage\"},\"thumbnailUrl\":\"https:\\\/\\\/www.supercars.net\\\/blog\\\/wp-content\\\/uploads\\\/2016\\\/02\\\/Jaguar-XK120.jpg\",\"datePublished\":\"2016-02-17T20:25:11+00:00\",\"dateModified\":\"2024-03-01T06:27:33+00:00\",\"author\":{\"@id\":\"https:\\\/\\\/www.supercars.net\\\/blog\\\/#\\\/schema\\\/person\\\/96b206a07dacd5614967544b2c3b0e35\"},\"breadcrumb\":{\"@id\":\"https:\\\/\\\/www.supercars.net\\\/blog\\\/2016-is-world-motoring-heritage-year\\\/#breadcrumb\"},\"inLanguage\":\"en-US\",\"potentialAction\":[{\"@type\":\"ReadAction\",\"target\":[\"https:\\\/\\\/www.supercars.net\\\/blog\\\/2016-is-world-motoring-heritage-year\\\/\"]}]},{\"@type\":\"ImageObject\",\"inLanguage\":\"en-US\",\"@id\":\"https:\\\/\\\/www.supercars.net\\\/blog\\\/2016-is-world-motoring-heritage-year\\\/#primaryimage\",\"url\":\"https:\\\/\\\/www.supercars.net\\\/blog\\\/wp-content\\\/uploads\\\/2016\\\/02\\\/Jaguar-XK120.jpg\",\"contentUrl\":\"https:\\\/\\\/www.supercars.net\\\/blog\\\/wp-content\\\/uploads\\\/2016\\\/02\\\/Jaguar-XK120.jpg\",\"width\":1080,\"height\":808},{\"@type\":\"BreadcrumbList\",\"@id\":\"https:\\\/\\\/www.supercars.net\\\/blog\\\/2016-is-world-motoring-heritage-year\\\/#breadcrumb\",\"itemListElement\":[{\"@type\":\"ListItem\",\"position\":1,\"name\":\"Home\",\"item\":\"https:\\\/\\\/www.supercars.net\\\/blog\\\/\"},{\"@type\":\"ListItem\",\"position\":2,\"name\":\"2016 is World Motoring Heritage Year\"}]},{\"@type\":\"WebSite\",\"@id\":\"https:\\\/\\\/www.supercars.net\\\/blog\\\/#website\",\"url\":\"https:\\\/\\\/www.supercars.net\\\/blog\\\/\",\"name\":\"Supercars.net\",\"description\":\"Exotic and Supercar news, information, pictures and videos\",\"potentialAction\":[{\"@type\":\"SearchAction\",\"target\":{\"@type\":\"EntryPoint\",\"urlTemplate\":\"https:\\\/\\\/www.supercars.net\\\/blog\\\/?s={search_term_string}\"},\"query-input\":{\"@type\":\"PropertyValueSpecification\",\"valueRequired\":true,\"valueName\":\"search_term_string\"}}],\"inLanguage\":\"en-US\"},{\"@type\":\"Person\",\"@id\":\"https:\\\/\\\/www.supercars.net\\\/blog\\\/#\\\/schema\\\/person\\\/96b206a07dacd5614967544b2c3b0e35\",\"name\":\"John Zimmermann\",\"image\":{\"@type\":\"ImageObject\",\"inLanguage\":\"en-US\",\"@id\":\"https:\\\/\\\/www.supercars.net\\\/blog\\\/wp-content\\\/uploads\\\/2023\\\/10\\\/DNFD62DX0AA8wcD-293x293.jpeg\",\"url\":\"https:\\\/\\\/www.supercars.net\\\/blog\\\/wp-content\\\/uploads\\\/2023\\\/10\\\/DNFD62DX0AA8wcD-293x293.jpeg\",\"contentUrl\":\"https:\\\/\\\/www.supercars.net\\\/blog\\\/wp-content\\\/uploads\\\/2023\\\/10\\\/DNFD62DX0AA8wcD-293x293.jpeg\",\"caption\":\"John Zimmermann\"},\"description\":\"John Zimmermann was exposed to racing at birth. His father worked for famed race car builder Kurtis Kraft, and later as a mechanic at Indianapolis and on the Championship Trail for drivers such as Rex Mays, Ted Horn, and Troy Ruttman. John has written about racing for more than 25 years, first at RACECAR before helping found both On Track and RACER, overseeing the latter for a dozen years. He was also motorsports editor at AutoWeek and editor of SportsCar, and his book The Atlantic Championship celebrates the first 25 years of Formula Atlantic. His freelance work has appeared in Road &amp; Track, Motor Sport, Autosport, and Vintage Motorsport, among others.\",\"url\":\"https:\\\/\\\/www.supercars.net\\\/blog\\\/author\\\/john_zimmermann-2\\\/\"}]}<\/script>\n<!-- \/ Yoast SEO plugin. -->","yoast_head_json":{"title":"2016 is World Motoring Heritage Year","robots":{"index":"index","follow":"follow","max-snippet":"max-snippet:-1","max-image-preview":"max-image-preview:large","max-video-preview":"max-video-preview:-1"},"canonical":"https:\/\/www.supercars.net\/blog\/2016-is-world-motoring-heritage-year\/","og_locale":"en_US","og_type":"article","og_title":"2016 is World Motoring Heritage Year","og_description":"FIVA, the F\u00e9d\u00e9ration Internationale des V\u00e9hicules Anciens, has named 2016 as World Motoring Heritage Year \u2014 both in recognition of our motoring history and to celebrate a new dawn for the historic vehicle movement throughout the world. This year also marks the 50th anniversary of FIVA itself. \u201cThis is the perfect time to launch World Motoring Heritage Year, as we\u2019re at the dawn of a bright new age of classic motoring,\u201d says Patrick Rollet, President of FIVA, a non-profit-making enterprise [&hellip;]","og_url":"https:\/\/www.supercars.net\/blog\/2016-is-world-motoring-heritage-year\/","og_site_name":"Supercars.net","article_publisher":"https:\/\/www.facebook.com\/Supercars.net\/","article_published_time":"2016-02-17T20:25:11+00:00","article_modified_time":"2024-03-01T06:27:33+00:00","og_image":[{"width":1080,"height":808,"url":"https:\/\/www.supercars.net\/blog\/wp-content\/uploads\/2016\/02\/Jaguar-XK120.jpg","type":"image\/jpeg"}],"author":"John Zimmermann","twitter_card":"summary_large_image","twitter_creator":"@supercars_net","twitter_site":"@supercars_net","twitter_misc":{"Written by":"John Zimmermann","Est. reading time":"2 minutes"},"schema":{"@context":"https:\/\/schema.org","@graph":[{"@type":"Article","@id":"https:\/\/www.supercars.net\/blog\/2016-is-world-motoring-heritage-year\/#article","isPartOf":{"@id":"https:\/\/www.supercars.net\/blog\/2016-is-world-motoring-heritage-year\/"},"author":{"name":"John Zimmermann","@id":"https:\/\/www.supercars.net\/blog\/#\/schema\/person\/96b206a07dacd5614967544b2c3b0e35"},"headline":"2016 is World Motoring Heritage Year","datePublished":"2016-02-17T20:25:11+00:00","dateModified":"2024-03-01T06:27:33+00:00","mainEntityOfPage":{"@id":"https:\/\/www.supercars.net\/blog\/2016-is-world-motoring-heritage-year\/"},"wordCount":410,"commentCount":0,"image":{"@id":"https:\/\/www.supercars.net\/blog\/2016-is-world-motoring-heritage-year\/#primaryimage"},"thumbnailUrl":"https:\/\/www.supercars.net\/blog\/wp-content\/uploads\/2016\/02\/Jaguar-XK120.jpg","keywords":["Car Culture","Misc"],"articleSection":["Car Culture","Misc"],"inLanguage":"en-US","potentialAction":[{"@type":"CommentAction","name":"Comment","target":["https:\/\/www.supercars.net\/blog\/2016-is-world-motoring-heritage-year\/#respond"]}]},{"@type":"WebPage","@id":"https:\/\/www.supercars.net\/blog\/2016-is-world-motoring-heritage-year\/","url":"https:\/\/www.supercars.net\/blog\/2016-is-world-motoring-heritage-year\/","name":"2016 is World Motoring Heritage Year","isPartOf":{"@id":"https:\/\/www.supercars.net\/blog\/#website"},"primaryImageOfPage":{"@id":"https:\/\/www.supercars.net\/blog\/2016-is-world-motoring-heritage-year\/#primaryimage"},"image":{"@id":"https:\/\/www.supercars.net\/blog\/2016-is-world-motoring-heritage-year\/#primaryimage"},"thumbnailUrl":"https:\/\/www.supercars.net\/blog\/wp-content\/uploads\/2016\/02\/Jaguar-XK120.jpg","datePublished":"2016-02-17T20:25:11+00:00","dateModified":"2024-03-01T06:27:33+00:00","author":{"@id":"https:\/\/www.supercars.net\/blog\/#\/schema\/person\/96b206a07dacd5614967544b2c3b0e35"},"breadcrumb":{"@id":"https:\/\/www.supercars.net\/blog\/2016-is-world-motoring-heritage-year\/#breadcrumb"},"inLanguage":"en-US","potentialAction":[{"@type":"ReadAction","target":["https:\/\/www.supercars.net\/blog\/2016-is-world-motoring-heritage-year\/"]}]},{"@type":"ImageObject","inLanguage":"en-US","@id":"https:\/\/www.supercars.net\/blog\/2016-is-world-motoring-heritage-year\/#primaryimage","url":"https:\/\/www.supercars.net\/blog\/wp-content\/uploads\/2016\/02\/Jaguar-XK120.jpg","contentUrl":"https:\/\/www.supercars.net\/blog\/wp-content\/uploads\/2016\/02\/Jaguar-XK120.jpg","width":1080,"height":808},{"@type":"BreadcrumbList","@id":"https:\/\/www.supercars.net\/blog\/2016-is-world-motoring-heritage-year\/#breadcrumb","itemListElement":[{"@type":"ListItem","position":1,"name":"Home","item":"https:\/\/www.supercars.net\/blog\/"},{"@type":"ListItem","position":2,"name":"2016 is World Motoring Heritage Year"}]},{"@type":"WebSite","@id":"https:\/\/www.supercars.net\/blog\/#website","url":"https:\/\/www.supercars.net\/blog\/","name":"Supercars.net","description":"Exotic and Supercar news, information, pictures and videos","potentialAction":[{"@type":"SearchAction","target":{"@type":"EntryPoint","urlTemplate":"https:\/\/www.supercars.net\/blog\/?s={search_term_string}"},"query-input":{"@type":"PropertyValueSpecification","valueRequired":true,"valueName":"search_term_string"}}],"inLanguage":"en-US"},{"@type":"Person","@id":"https:\/\/www.supercars.net\/blog\/#\/schema\/person\/96b206a07dacd5614967544b2c3b0e35","name":"John Zimmermann","image":{"@type":"ImageObject","inLanguage":"en-US","@id":"https:\/\/www.supercars.net\/blog\/wp-content\/uploads\/2023\/10\/DNFD62DX0AA8wcD-293x293.jpeg","url":"https:\/\/www.supercars.net\/blog\/wp-content\/uploads\/2023\/10\/DNFD62DX0AA8wcD-293x293.jpeg","contentUrl":"https:\/\/www.supercars.net\/blog\/wp-content\/uploads\/2023\/10\/DNFD62DX0AA8wcD-293x293.jpeg","caption":"John Zimmermann"},"description":"John Zimmermann was exposed to racing at birth. His father worked for famed race car builder Kurtis Kraft, and later as a mechanic at Indianapolis and on the Championship Trail for drivers such as Rex Mays, Ted Horn, and Troy Ruttman. John has written about racing for more than 25 years, first at RACECAR before helping found both On Track and RACER, overseeing the latter for a dozen years. He was also motorsports editor at AutoWeek and editor of SportsCar, and his book The Atlantic Championship celebrates the first 25 years of Formula Atlantic. His freelance work has appeared in Road &amp; Track, Motor Sport, Autosport, and Vintage Motorsport, among others.","url":"https:\/\/www.supercars.net\/blog\/author\/john_zimmermann-2\/"}]}},"_links":{"self":[{"href":"https:\/\/www.supercars.net\/blog\/wp-json\/wp\/v2\/posts\/495240","targetHints":{"allow":["GET"]}}],"collection":[{"href":"https:\/\/www.supercars.net\/blog\/wp-json\/wp\/v2\/posts"}],"about":[{"href":"https:\/\/www.supercars.net\/blog\/wp-json\/wp\/v2\/types\/post"}],"author":[{"embeddable":true,"href":"https:\/\/www.supercars.net\/blog\/wp-json\/wp\/v2\/users\/142"}],"replies":[{"embeddable":true,"href":"https:\/\/www.supercars.net\/blog\/wp-json\/wp\/v2\/comments?post=495240"}],"version-history":[{"count":0,"href":"https:\/\/www.supercars.net\/blog\/wp-json\/wp\/v2\/posts\/495240\/revisions"}],"wp:featuredmedia":[{"embeddable":true,"href":"https:\/\/www.supercars.net\/blog\/wp-json\/wp\/v2\/media\/535835"}],"wp:attachment":[{"href":"https:\/\/www.supercars.net\/blog\/wp-json\/wp\/v2\/media?parent=495240"}],"wp:term":[{"taxonomy":"category","embeddable":true,"href":"https:\/\/www.supercars.net\/blog\/wp-json\/wp\/v2\/categories?post=495240"},{"taxonomy":"post_tag","embeddable":true,"href":"https:\/\/www.supercars.net\/blog\/wp-json\/wp\/v2\/tags?post=495240"}],"curies":[{"name":"wp","href":"https:\/\/api.w.org\/{rel}","templated":true}]}}