{"id":497761,"date":"2018-08-21T15:01:41","date_gmt":"2018-08-21T22:01:41","guid":{"rendered":"https:\/\/sportscardigest.com\/\/?p=63857"},"modified":"2024-06-04T19:48:54","modified_gmt":"2024-06-04T19:48:54","slug":"1958-zundapp-janus-250","status":"publish","type":"post","link":"https:\/\/www.supercars.net\/blog\/1958-zundapp-janus-250\/","title":{"rendered":"1958 Z\u00fcndapp Janus 250"},"content":{"rendered":"<p>Four-seater, mid-engined, sequential gearbox, what\u2019s not to like? Short descriptions can be deceiving, but if you\u2019re interested in an unusual and very versatile car, then the 1958 Z\u00fcndapp Janus 250 may be for you.<\/p>\n<p>Once again, a trip to the Lane Motor Museum (<a href=\"http:\/\/www.lanemotormuseum.org\" target=\"_blank\" rel=\"noopener\">www.lanemotormuseum.org<\/a>) in Nashville resulted in a car that had to be experienced. The Z\u00fcndapp Janus is an interesting solution to moving four people cheaply and providing interior flexibility not seen in many, if any, other automobiles. Z\u00fcndapp is not known for automobiles, although there were some notable exceptions. It is best known for its motorcycles\u2014some of which were just beautiful\u2014and scooters.<\/p>\n<p><a href=\"https:\/\/www.supercars.net\/blog\/wp-content\/uploads\/2018\/08\/IMG_4206.jpg\"><img decoding=\"async\" class=\"alignnone wp-image-643307 size-full\" src=\"https:\/\/www.supercars.net\/blog\/wp-content\/uploads\/2018\/08\/IMG_4206.jpg\" alt=\" Jackson X.\" width=\"1080\" height=\"720\" srcset=\"https:\/\/www.supercars.net\/blog\/wp-content\/uploads\/2018\/08\/IMG_4206.jpg 1080w, https:\/\/www.supercars.net\/blog\/wp-content\/uploads\/2018\/08\/IMG_4206-300x200.jpg 300w, https:\/\/www.supercars.net\/blog\/wp-content\/uploads\/2018\/08\/IMG_4206-1024x683.jpg 1024w, https:\/\/www.supercars.net\/blog\/wp-content\/uploads\/2018\/08\/IMG_4206-100x67.jpg 100w, https:\/\/www.supercars.net\/blog\/wp-content\/uploads\/2018\/08\/IMG_4206-770x513.jpg 770w, https:\/\/www.supercars.net\/blog\/wp-content\/uploads\/2018\/08\/IMG_4206-360x240.jpg 360w, https:\/\/www.supercars.net\/blog\/wp-content\/uploads\/2018\/08\/IMG_4206-370x247.jpg 370w, https:\/\/www.supercars.net\/blog\/wp-content\/uploads\/2018\/08\/IMG_4206-293x195.jpg 293w\" sizes=\"(max-width: 1080px) 100vw, 1080px\" \/><\/a><\/p>\n<p>The company came into existence in Nuremberg in 1917 thanks to Fritz Neumeyer, Friedrich Krupp AG, and a machine tool manufacturer called Thiel. It was first named Z\u00fcnder und Apparatebau, German for \u201cIgniter\u201d and \u201cApparatus\u201d to produce detonators for the German military. Toward the end of WWI, Krupp and Thiel lost interest, and Neumeyer became the sole owner of the company. He added motorcycles after the war and renamed the company Z\u00fcndapp, taking the first four letters of the former first part of its name and the first three letters from the second.<\/p>\n<figure id=\"attachment_643312\" aria-describedby=\"caption-attachment-643312\" style=\"width: 1080px\" class=\"wp-caption alignnone\"><a href=\"https:\/\/www.supercars.net\/blog\/wp-content\/uploads\/2018\/08\/Photo-1-IMG_0174-1.jpg\"><img decoding=\"async\" class=\"wp-image-643312 size-full\" src=\"https:\/\/www.supercars.net\/blog\/wp-content\/uploads\/2018\/08\/Photo-1-IMG_0174-1.jpg\" alt=\"\" width=\"1080\" height=\"721\" srcset=\"https:\/\/www.supercars.net\/blog\/wp-content\/uploads\/2018\/08\/Photo-1-IMG_0174-1.jpg 1080w, https:\/\/www.supercars.net\/blog\/wp-content\/uploads\/2018\/08\/Photo-1-IMG_0174-1-300x200.jpg 300w, https:\/\/www.supercars.net\/blog\/wp-content\/uploads\/2018\/08\/Photo-1-IMG_0174-1-1024x684.jpg 1024w, https:\/\/www.supercars.net\/blog\/wp-content\/uploads\/2018\/08\/Photo-1-IMG_0174-1-100x67.jpg 100w, https:\/\/www.supercars.net\/blog\/wp-content\/uploads\/2018\/08\/Photo-1-IMG_0174-1-770x514.jpg 770w, https:\/\/www.supercars.net\/blog\/wp-content\/uploads\/2018\/08\/Photo-1-IMG_0174-1-360x240.jpg 360w, https:\/\/www.supercars.net\/blog\/wp-content\/uploads\/2018\/08\/Photo-1-IMG_0174-1-370x247.jpg 370w, https:\/\/www.supercars.net\/blog\/wp-content\/uploads\/2018\/08\/Photo-1-IMG_0174-1-293x196.jpg 293w\" sizes=\"(max-width: 1080px) 100vw, 1080px\" \/><\/a><figcaption id=\"caption-attachment-643312\" class=\"wp-caption-text\">1938 Z\u00fcndapp K 800 4-cylinder motorcycle.<\/figcaption><\/figure>\n<p>A particularly nice example of the motorcycles the company produced is the 1938 K 800. It is a 4-cylinder, horizontally opposed, shaft-driven motorcycle and it was the only 4-cylinder motorcycle used by the Bundeswehr during WWII. Post WWII, Z\u00fcndapp left the large motorcycle market and concentrated on scooters and small motorcycles, including a 125-cc bike with which Andr\u00e8 Mahlerbe won the European motorcross championship in 1973 and 1974.<\/p>\n<figure id=\"attachment_643313\" aria-describedby=\"caption-attachment-643313\" style=\"width: 1080px\" class=\"wp-caption alignnone\"><a href=\"https:\/\/www.supercars.net\/blog\/wp-content\/uploads\/2018\/08\/Photo-2-Porsche_Typ12_Model2_Nuremberg-by-Mb1302.jpg\"><img decoding=\"async\" class=\"wp-image-643313 size-full\" src=\"https:\/\/www.supercars.net\/blog\/wp-content\/uploads\/2018\/08\/Photo-2-Porsche_Typ12_Model2_Nuremberg-by-Mb1302.jpg\" alt=\"Digital StillCamera \" width=\"1080\" height=\"810\" srcset=\"https:\/\/www.supercars.net\/blog\/wp-content\/uploads\/2018\/08\/Photo-2-Porsche_Typ12_Model2_Nuremberg-by-Mb1302.jpg 1080w, https:\/\/www.supercars.net\/blog\/wp-content\/uploads\/2018\/08\/Photo-2-Porsche_Typ12_Model2_Nuremberg-by-Mb1302-300x225.jpg 300w, https:\/\/www.supercars.net\/blog\/wp-content\/uploads\/2018\/08\/Photo-2-Porsche_Typ12_Model2_Nuremberg-by-Mb1302-1024x768.jpg 1024w, https:\/\/www.supercars.net\/blog\/wp-content\/uploads\/2018\/08\/Photo-2-Porsche_Typ12_Model2_Nuremberg-by-Mb1302-100x75.jpg 100w, https:\/\/www.supercars.net\/blog\/wp-content\/uploads\/2018\/08\/Photo-2-Porsche_Typ12_Model2_Nuremberg-by-Mb1302-770x578.jpg 770w, https:\/\/www.supercars.net\/blog\/wp-content\/uploads\/2018\/08\/Photo-2-Porsche_Typ12_Model2_Nuremberg-by-Mb1302-293x220.jpg 293w\" sizes=\"(max-width: 1080px) 100vw, 1080px\" \/><\/a><figcaption id=\"caption-attachment-643313\" class=\"wp-caption-text\">Recreation of the 1931 Porsche Type 12.<\/figcaption><\/figure>\n<p>The company\u2019s first excursion into auto production appears to have happened together with Ferdinand Porsche in 1931. Together they developed the Auto f\u00fcr Jedermann or \u201cCar for Everyone,\u201d aka People\u2019s car, aka Volkswagen. The Porsche Type 12 was not much like the VW known today as it used a 1.2-liter Z\u00fcndapp 5-cylinder radial engine. Sadly, the three prototypes were destroyed during the war, but a reconstruction of the car exists in the Industrial Culture Museum in Nuremberg.<\/p>\n<p><!--nextpage--><\/p>\n<figure id=\"attachment_643315\" aria-describedby=\"caption-attachment-643315\" style=\"width: 1080px\" class=\"wp-caption alignnone\"><a href=\"https:\/\/www.supercars.net\/blog\/wp-content\/uploads\/2018\/08\/Photo-3-Janus-Vatican.jpg\"><img decoding=\"async\" class=\"wp-image-643315 size-full\" src=\"https:\/\/www.supercars.net\/blog\/wp-content\/uploads\/2018\/08\/Photo-3-Janus-Vatican.jpg\" alt=\"\" width=\"1080\" height=\"948\" srcset=\"https:\/\/www.supercars.net\/blog\/wp-content\/uploads\/2018\/08\/Photo-3-Janus-Vatican.jpg 1080w, https:\/\/www.supercars.net\/blog\/wp-content\/uploads\/2018\/08\/Photo-3-Janus-Vatican-300x263.jpg 300w, https:\/\/www.supercars.net\/blog\/wp-content\/uploads\/2018\/08\/Photo-3-Janus-Vatican-1024x899.jpg 1024w, https:\/\/www.supercars.net\/blog\/wp-content\/uploads\/2018\/08\/Photo-3-Janus-Vatican-100x88.jpg 100w, https:\/\/www.supercars.net\/blog\/wp-content\/uploads\/2018\/08\/Photo-3-Janus-Vatican-770x676.jpg 770w, https:\/\/www.supercars.net\/blog\/wp-content\/uploads\/2018\/08\/Photo-3-Janus-Vatican-293x257.jpg 293w\" sizes=\"(max-width: 1080px) 100vw, 1080px\" \/><\/a><figcaption id=\"caption-attachment-643315\" class=\"wp-caption-text\">Roman god Janus \u2013 keeper of time.<\/figcaption><\/figure>\n<p>Other than the Porsche Type 12, the only other automobile the company appears to have produced is the Janus 250. The car was named after, the two-faced Roman god, Janus, who was responsible for time, therefore one face looking forward and one back in time. Introduced during the Suez crisis, it is a 4-seater like few others. The driver and front passenger face forward and enter through a forward facing door, like that of an Isetta. The other passengers face backward, and enter through a door in the back and a mirror image of the one in front. A clever design aspect of the interior of the car makes it a car for camping trips. The two seats can be repositioned to make a bed for two.<\/p>\n<p><a href=\"https:\/\/www.supercars.net\/blog\/wp-content\/uploads\/2018\/08\/IMG_4214.jpg\"><img decoding=\"async\" class=\"alignnone wp-image-643316 size-full\" src=\"https:\/\/www.supercars.net\/blog\/wp-content\/uploads\/2018\/08\/IMG_4214.jpg\" alt=\" Jackson X.\" width=\"1080\" height=\"720\" srcset=\"https:\/\/www.supercars.net\/blog\/wp-content\/uploads\/2018\/08\/IMG_4214.jpg 1080w, https:\/\/www.supercars.net\/blog\/wp-content\/uploads\/2018\/08\/IMG_4214-300x200.jpg 300w, https:\/\/www.supercars.net\/blog\/wp-content\/uploads\/2018\/08\/IMG_4214-1024x683.jpg 1024w, https:\/\/www.supercars.net\/blog\/wp-content\/uploads\/2018\/08\/IMG_4214-100x67.jpg 100w, https:\/\/www.supercars.net\/blog\/wp-content\/uploads\/2018\/08\/IMG_4214-770x513.jpg 770w, https:\/\/www.supercars.net\/blog\/wp-content\/uploads\/2018\/08\/IMG_4214-360x240.jpg 360w, https:\/\/www.supercars.net\/blog\/wp-content\/uploads\/2018\/08\/IMG_4214-370x247.jpg 370w, https:\/\/www.supercars.net\/blog\/wp-content\/uploads\/2018\/08\/IMG_4214-293x195.jpg 293w\" sizes=\"(max-width: 1080px) 100vw, 1080px\" \/><\/a><\/p>\n<p>Between the two seats is a mid-mounted, single-cylinder 250-cc, 2-stroke engine. The Janus was not a unique design by Z\u00fcdapp, but was a Dornier Delta designed by Claudius Dornier, famous for his push-pull airplanes, and built under license.<\/p>\n<p><iframe class=\"zeen-lazy-load-base zeen-lazy-load\" title=\"Werbefilme von Zuendapp Janus  und VW\" width=\"1200\" height=\"675\" src=\"about:blank\" data-lazy-src=\"https:\/\/www.youtube.com\/embed\/H8iCdHOkPvg?feature=oembed\" frameborder=\"0\" allow=\"accelerometer; autoplay; clipboard-write; encrypted-media; gyroscope; picture-in-picture; web-share\" allowfullscreen><\/iframe><noscript><iframe title=\"Werbefilme von Zuendapp Janus  und VW\" width=\"1200\" height=\"675\" src=\"https:\/\/www.youtube.com\/embed\/H8iCdHOkPvg?feature=oembed\" frameborder=\"0\" allow=\"accelerometer; autoplay; clipboard-write; encrypted-media; gyroscope; picture-in-picture; web-share\" allowfullscreen><\/iframe><\/noscript><\/p>\n<p><strong>Driving Impressions<\/strong><\/p>\n<p><a href=\"https:\/\/www.supercars.net\/blog\/wp-content\/uploads\/2018\/08\/Photo-5a-Janus-1.jpg\"><img decoding=\"async\" class=\"alignnone wp-image-643317 size-full\" src=\"https:\/\/www.supercars.net\/blog\/wp-content\/uploads\/2018\/08\/Photo-5a-Janus-1.jpg\" alt=\"\" width=\"831\" height=\"1080\" srcset=\"https:\/\/www.supercars.net\/blog\/wp-content\/uploads\/2018\/08\/Photo-5a-Janus-1.jpg 831w, https:\/\/www.supercars.net\/blog\/wp-content\/uploads\/2018\/08\/Photo-5a-Janus-1-231x300.jpg 231w, https:\/\/www.supercars.net\/blog\/wp-content\/uploads\/2018\/08\/Photo-5a-Janus-1-788x1024.jpg 788w, https:\/\/www.supercars.net\/blog\/wp-content\/uploads\/2018\/08\/Photo-5a-Janus-1-77x100.jpg 77w, https:\/\/www.supercars.net\/blog\/wp-content\/uploads\/2018\/08\/Photo-5a-Janus-1-770x1001.jpg 770w, https:\/\/www.supercars.net\/blog\/wp-content\/uploads\/2018\/08\/Photo-5a-Janus-1-293x381.jpg 293w\" sizes=\"(max-width: 831px) 100vw, 831px\" \/><\/a>How hard can a little car like this be to drive? Turns out I was very happy that James Green from the museum\u2019s staff was with me. Getting in and out is a learning experience, since few of us are used to entering a car from the front (or back). The driving position is fairly cramped \u2013 the car is only a little over nine feet long and has two bench seats with the engine between them. There was little to learn once inside, since gauges and controls are quite limited, and some of the controls defied understanding. When I thought I was using the blinker, it seems I was turning the lights on and off. Then there was the transmission. The shifter is beside the driver\u2019s seat on the left. To go forward, you start the car in first gear, release the clutch and zoom, well, not really zoom since the car is geared pretty low. To shift into second, you first push the lever forward to engage neutral, then again for second, again for third, then fourth. Ah, just like the transmission on my BMW motorcycle! To get reverse, you pull the shift lever left, then back. To downshift, push the lever to the right and back. OK, that sounds reasonable, so off we go in first, then shift through neutral to second, then try it again, then try it again, and finally get second. Green comments, \u201cYou can\u2019t be nice to it.\u201d With that in mind, I am more, uh, assertive with the transmission. As we drove toward the park where we\u2019d do the photo shoot, I got better with practice, but this is not a car that\u2019s easy to shift. Green, who has much more time in the car than I\u2019ll ever have, was much better at shifting it.<\/p>\n<p><a href=\"https:\/\/www.supercars.net\/blog\/wp-content\/uploads\/2018\/08\/IMG_4190.jpg\"><img decoding=\"async\" class=\"alignnone wp-image-643318 size-full\" src=\"https:\/\/www.supercars.net\/blog\/wp-content\/uploads\/2018\/08\/IMG_4190.jpg\" alt=\" Jackson X.\" width=\"1080\" height=\"720\" srcset=\"https:\/\/www.supercars.net\/blog\/wp-content\/uploads\/2018\/08\/IMG_4190.jpg 1080w, https:\/\/www.supercars.net\/blog\/wp-content\/uploads\/2018\/08\/IMG_4190-300x200.jpg 300w, https:\/\/www.supercars.net\/blog\/wp-content\/uploads\/2018\/08\/IMG_4190-1024x683.jpg 1024w, https:\/\/www.supercars.net\/blog\/wp-content\/uploads\/2018\/08\/IMG_4190-100x67.jpg 100w, https:\/\/www.supercars.net\/blog\/wp-content\/uploads\/2018\/08\/IMG_4190-770x513.jpg 770w, https:\/\/www.supercars.net\/blog\/wp-content\/uploads\/2018\/08\/IMG_4190-360x240.jpg 360w, https:\/\/www.supercars.net\/blog\/wp-content\/uploads\/2018\/08\/IMG_4190-370x247.jpg 370w, https:\/\/www.supercars.net\/blog\/wp-content\/uploads\/2018\/08\/IMG_4190-293x195.jpg 293w\" sizes=\"(max-width: 1080px) 100vw, 1080px\" \/><\/a><\/p>\n<p>Thankfully, the early part of the trip was more downhill than up. This is a momentum car, so downhill is good, but the car has little power for going up, so you have to get the revs up before shifting into the next gear. That\u2019s when you discover that the car loses so much speed during the shift that you need to go back down a gear. Except for going up hills, the car is kind of peppy. Green added, \u201cPretty capable for a micro.\u201d But it is a micro with a small engine with a top speed of 80! Well, that\u2019s 80 kph. We saw 60 on our drive, again kph. Handling is not great. It\u2019s a tall car with small wheels, so the center of gravity is not your friend when cornering. Thankfully, you\u2019ll probably not be going too fast when cornering. The suspension is stiff, and, with its short wheelbase, the car is not gentle on its passengers.<\/p>\n<p><iframe class=\"zeen-lazy-load-base zeen-lazy-load\" title=\"Driving Z\u00fcndapp Janus 250 1958\" width=\"1200\" height=\"675\" src=\"about:blank\" data-lazy-src=\"https:\/\/www.youtube.com\/embed\/-sNXuBo7wTw?feature=oembed\" frameborder=\"0\" allow=\"accelerometer; autoplay; clipboard-write; encrypted-media; gyroscope; picture-in-picture; web-share\" allowfullscreen><\/iframe><noscript><iframe title=\"Driving Z\u00fcndapp Janus 250 1958\" width=\"1200\" height=\"675\" src=\"https:\/\/www.youtube.com\/embed\/-sNXuBo7wTw?feature=oembed\" frameborder=\"0\" allow=\"accelerometer; autoplay; clipboard-write; encrypted-media; gyroscope; picture-in-picture; web-share\" allowfullscreen><\/iframe><\/noscript><\/p>\n<p>On the way back to the museum, Green drove, and I rode in the back. As you would expect when in a car this unusual, it generates a lot of head turns. Pretty much everyone who was behind us waved at me as they caught up in traffic. Some cars caught us at quite a speed differential, probably just to get a good look at the Janus, but I have to admit, it increases the pucker factor when you\u2019re looking a 4&#215;4 pickup driver in the eye as he closes the distance.<\/p>\n<p><a href=\"https:\/\/www.supercars.net\/blog\/wp-content\/uploads\/2018\/08\/Janus-2.jpg\"><img decoding=\"async\" class=\"alignnone wp-image-643319 size-full\" src=\"https:\/\/www.supercars.net\/blog\/wp-content\/uploads\/2018\/08\/Janus-2.jpg\" alt=\"\" width=\"819\" height=\"1080\" srcset=\"https:\/\/www.supercars.net\/blog\/wp-content\/uploads\/2018\/08\/Janus-2.jpg 819w, https:\/\/www.supercars.net\/blog\/wp-content\/uploads\/2018\/08\/Janus-2-228x300.jpg 228w, https:\/\/www.supercars.net\/blog\/wp-content\/uploads\/2018\/08\/Janus-2-777x1024.jpg 777w, https:\/\/www.supercars.net\/blog\/wp-content\/uploads\/2018\/08\/Janus-2-76x100.jpg 76w, https:\/\/www.supercars.net\/blog\/wp-content\/uploads\/2018\/08\/Janus-2-770x1015.jpg 770w, https:\/\/www.supercars.net\/blog\/wp-content\/uploads\/2018\/08\/Janus-2-293x386.jpg 293w\" sizes=\"(max-width: 819px) 100vw, 819px\" \/><\/a>A total of 6,900 Janus were built, but 15,000 per year were needed to make it profitable. The car was dropped after a two year run possibly because, as one reviewer of the car noted, it\u2019s \u201cunsociable seating arrangement and a total lack of luggage space prevented it from becoming very popular.\u201d<\/p>\n<p>Thanks to Jeff Lane for letting me drive the Janus and Jeff Green for being my instructor. Having this museum close is a joy. I can\u2019t think of anywhere else with so many very unusual cars. The Janus was a trip!<\/p>\n<p>&nbsp;<\/p>\n<figure class='gallery-item'>\r\n            <div class='gallery-icon landscape'>\r\n                <a href='https:\/\/www.supercars.net\/blog\/wp-content\/uploads\/2018\/08\/IMG_4200.jpg' class='tipi-lightbox'>\r\n\t\t\t\t<a href='https:\/\/www.supercars.net\/blog\/wp-content\/uploads\/2018\/08\/IMG_4200.jpg'><img decoding=\"async\" width=\"1080\" height=\"720\" src=\"https:\/\/www.supercars.net\/blog\/wp-content\/uploads\/2018\/08\/IMG_4200.jpg\" class=\"attachment-full size-full\" alt=\"\" srcset=\"https:\/\/www.supercars.net\/blog\/wp-content\/uploads\/2018\/08\/IMG_4200.jpg 1080w, https:\/\/www.supercars.net\/blog\/wp-content\/uploads\/2018\/08\/IMG_4200-300x200.jpg 300w, https:\/\/www.supercars.net\/blog\/wp-content\/uploads\/2018\/08\/IMG_4200-1024x683.jpg 1024w, https:\/\/www.supercars.net\/blog\/wp-content\/uploads\/2018\/08\/IMG_4200-100x67.jpg 100w, https:\/\/www.supercars.net\/blog\/wp-content\/uploads\/2018\/08\/IMG_4200-770x513.jpg 770w, https:\/\/www.supercars.net\/blog\/wp-content\/uploads\/2018\/08\/IMG_4200-360x240.jpg 360w, https:\/\/www.supercars.net\/blog\/wp-content\/uploads\/2018\/08\/IMG_4200-370x247.jpg 370w, https:\/\/www.supercars.net\/blog\/wp-content\/uploads\/2018\/08\/IMG_4200-293x195.jpg 293w\" sizes=\"(max-width: 1080px) 100vw, 1080px\" \/><\/a>\r\n\t\t\t\t<\/a>\r\n            <\/div><\/figure><figure class='gallery-item'>\r\n            <div class='gallery-icon portrait'>\r\n                <a href='https:\/\/www.supercars.net\/blog\/wp-content\/uploads\/2018\/08\/Photo-4-IMG_4181.jpg' class='tipi-lightbox'>\r\n\t\t\t\t<a href='https:\/\/www.supercars.net\/blog\/wp-content\/uploads\/2018\/08\/Photo-4-IMG_4181.jpg'><img decoding=\"async\" width=\"720\" height=\"1080\" src=\"https:\/\/www.supercars.net\/blog\/wp-content\/uploads\/2018\/08\/Photo-4-IMG_4181.jpg\" class=\"attachment-full size-full\" alt=\"\" srcset=\"https:\/\/www.supercars.net\/blog\/wp-content\/uploads\/2018\/08\/Photo-4-IMG_4181.jpg 720w, https:\/\/www.supercars.net\/blog\/wp-content\/uploads\/2018\/08\/Photo-4-IMG_4181-200x300.jpg 200w, https:\/\/www.supercars.net\/blog\/wp-content\/uploads\/2018\/08\/Photo-4-IMG_4181-683x1024.jpg 683w, https:\/\/www.supercars.net\/blog\/wp-content\/uploads\/2018\/08\/Photo-4-IMG_4181-67x100.jpg 67w, https:\/\/www.supercars.net\/blog\/wp-content\/uploads\/2018\/08\/Photo-4-IMG_4181-293x440.jpg 293w\" sizes=\"(max-width: 720px) 100vw, 720px\" \/><\/a>\r\n\t\t\t\t<\/a>\r\n            <\/div><\/figure><figure class='gallery-item'>\r\n            <div class='gallery-icon landscape'>\r\n                <a href='https:\/\/www.supercars.net\/blog\/wp-content\/uploads\/2018\/08\/Photo-5-IMG_4182.jpg' class='tipi-lightbox'>\r\n\t\t\t\t<a href='https:\/\/www.supercars.net\/blog\/wp-content\/uploads\/2018\/08\/Photo-5-IMG_4182.jpg'><img decoding=\"async\" width=\"1080\" height=\"720\" src=\"https:\/\/www.supercars.net\/blog\/wp-content\/uploads\/2018\/08\/Photo-5-IMG_4182.jpg\" class=\"attachment-full size-full\" alt=\"\" srcset=\"https:\/\/www.supercars.net\/blog\/wp-content\/uploads\/2018\/08\/Photo-5-IMG_4182.jpg 1080w, https:\/\/www.supercars.net\/blog\/wp-content\/uploads\/2018\/08\/Photo-5-IMG_4182-300x200.jpg 300w, https:\/\/www.supercars.net\/blog\/wp-content\/uploads\/2018\/08\/Photo-5-IMG_4182-1024x683.jpg 1024w, https:\/\/www.supercars.net\/blog\/wp-content\/uploads\/2018\/08\/Photo-5-IMG_4182-100x67.jpg 100w, https:\/\/www.supercars.net\/blog\/wp-content\/uploads\/2018\/08\/Photo-5-IMG_4182-770x513.jpg 770w, https:\/\/www.supercars.net\/blog\/wp-content\/uploads\/2018\/08\/Photo-5-IMG_4182-360x240.jpg 360w, https:\/\/www.supercars.net\/blog\/wp-content\/uploads\/2018\/08\/Photo-5-IMG_4182-370x247.jpg 370w, https:\/\/www.supercars.net\/blog\/wp-content\/uploads\/2018\/08\/Photo-5-IMG_4182-293x195.jpg 293w\" sizes=\"(max-width: 1080px) 100vw, 1080px\" \/><\/a>\r\n\t\t\t\t<\/a>\r\n            <\/div><\/figure>\n<p><strong>Specifications<\/strong><\/p>\n<p>Body\u00a0\u00a0\u00a0\u00a0\u00a0\u00a0\u00a0\u00a0\u00a0\u00a0\u00a0\u00a0\u00a0\u00a0 \u00a0\u00a0\u00a0\u00a0\u00a0\u00a0\u00a0\u00a0\u00a0\u00a0\u00a0\u00a0\u00a0\u00a0\u00a0\u00a0\u00a0\u00a0\u00a0\u00a0\u00a0\u00a0\u00a0 Monocoque, two door, four-seat microcar<br \/>\nEngine\u00a0\u00a0\u00a0\u00a0\u00a0\u00a0\u00a0\u00a0\u00a0\u00a0\u00a0\u00a0\u00a0\u00a0\u00a0\u00a0\u00a0\u00a0\u00a0\u00a0\u00a0\u00a0\u00a0\u00a0\u00a0\u00a0\u00a0\u00a0\u00a0\u00a0\u00a0\u00a0\u00a0\u00a0\u00a0\u00a0 Single cylinder, two-stroke, mid-mounted<br \/>\nDisplacement \u00a0 \u00a0 \u00a0 \u00a0 \u00a0 \u00a0 \u00a0 \u00a0 \u00a0 \u00a0 \u00a0 \u00a0248-cc\/15 cubic inches<br \/>\nPower \u00a0 \u00a0 \u00a0 \u00a0 \u00a0 \u00a0 \u00a0 \u00a0 \u00a0 \u00a0 \u00a0 \u00a0 \u00a0 \u00a0 \u00a0 \u00a0 \u00a0 \u00a0 14 bhp\/10.3 KW @5000rpm<br \/>\nTorque \u00a0 \u00a0 \u00a0 \u00a0 \u00a0 \u00a0 \u00a0 \u00a0 \u00a0 \u00a0 \u00a0 \u00a0 \u00a0 \u00a0 \u00a0 \u00a0 \u00a0 \u00a015 ft-lbs\/20 NM @4800 rpm<br \/>\nDrive\u00a0\u00a0\u00a0\u00a0\u00a0\u00a0\u00a0\u00a0\u00a0\u00a0\u00a0\u00a0\u00a0\u00a0\u00a0\u00a0\u00a0\u00a0\u00a0\u00a0\u00a0\u00a0\u00a0\u00a0\u00a0\u00a0\u00a0\u00a0\u00a0\u00a0\u00a0\u00a0\u00a0\u00a0\u00a0\u00a0\u00a0\u00a0 Rear wheels<br \/>\nSuspension \u00a0 \u00a0 \u00a0 \u00a0 \u00a0 \u00a0 \u00a0 \u00a0 \u00a0 \u00a0 \u00a0 \u00a0 \u00a0 Coil strut<br \/>\nSteering \u00a0 \u00a0 \u00a0 \u00a0 \u00a0 \u00a0 \u00a0 \u00a0 \u00a0 \u00a0 \u00a0 \u00a0 \u00a0 \u00a0 \u00a0 \u00a0 Rack and pinion<br \/>\nLength \u00a0 \u00a0 \u00a0 \u00a0 \u00a0 \u00a0 \u00a0 \u00a0 \u00a0 \u00a0 \u00a0 \u00a0 \u00a0 \u00a0 \u00a0 \u00a0 \u00a0 \u00a02860 mm\/9 ft 4 inches<br \/>\nWidth \u00a0 \u00a0 \u00a0 \u00a0 \u00a0 \u00a0 \u00a0 \u00a0 \u00a0 \u00a0 \u00a0 \u00a0 \u00a0 \u00a0 \u00a0 \u00a0 \u00a0 \u00a0 1400 mm\/4 ft 7 inches<br \/>\nWeight \u00a0 \u00a0 \u00a0 \u00a0 \u00a0 \u00a0 \u00a0 \u00a0 \u00a0 \u00a0 \u00a0 \u00a0 \u00a0 \u00a0 \u00a0 \u00a0 \u00a0 900 lbs\/408.233 kg<\/p>\n<p><strong>Performance<br \/>\n<\/strong>Top Speed\u00a0\u00a0\u00a0\u00a0\u00a0\u00a0\u00a0\u00a0\u00a0\u00a0\u00a0\u00a0\u00a0\u00a0\u00a0\u00a0\u00a0\u00a0\u00a0\u00a0\u00a0\u00a0\u00a0\u00a0\u00a0\u00a0\u00a0\u00a0\u00a0 50 mph\/80 kph<br \/>\n0-60\u00a0\u00a0\u00a0\u00a0\u00a0\u00a0\u00a0\u00a0\u00a0\u00a0\u00a0\u00a0\u00a0\u00a0\u00a0\u00a0\u00a0\u00a0\u00a0\u00a0\u00a0\u00a0\u00a0\u00a0\u00a0\u00a0\u00a0\u00a0\u00a0\u00a0\u00a0\u00a0\u00a0\u00a0\u00a0\u00a0\u00a0\u00a0\u00a0\u00a0 Forever<br \/>\nMileage\u00a0\u00a0\u00a0\u00a0\u00a0\u00a0\u00a0\u00a0\u00a0\u00a0\u00a0\u00a0\u00a0\u00a0\u00a0\u00a0\u00a0\u00a0\u00a0\u00a0\u00a0\u00a0\u00a0\u00a0\u00a0\u00a0\u00a0\u00a0\u00a0\u00a0\u00a0\u00a0\u00a0\u00a0 64 mpg<\/p>\n<p><strong>Valuation<br \/>\n<\/strong>Price new\u00a0\u00a0\u00a0\u00a0\u00a0\u00a0\u00a0\u00a0\u00a0\u00a0\u00a0\u00a0\u00a0\u00a0\u00a0\u00a0\u00a0\u00a0\u00a0\u00a0\u00a0\u00a0\u00a0\u00a0\u00a0\u00a0\u00a0\u00a0\u00a0\u00a0\u00a0 $1190 fob NY<br \/>\nAuction Results \u00a0 \u00a0 \u00a0 \u00a0 \u00a0 \u00a0 \u00a0 \u00a0 \u00a0 \u00a0 2011 &#8211; $22,000 (predicted value $25,000-$35,000)<br \/>\n2012 &#8211; $51,750<\/p>\n","protected":false},"excerpt":{"rendered":"<p>Four-seater, mid-engined, sequential gearbox, what\u2019s not to like? Short descriptions can be deceiving, but if you\u2019re interested in an unusual and very versatile car, then the 1958 Z\u00fcndapp Janus 250 may be for you. Once again, a trip to the Lane Motor Museum (www.lanemotormuseum.org) in Nashville resulted in a car that had to be experienced. The Z\u00fcndapp Janus is an interesting solution to moving four people cheaply and providing interior flexibility not seen in many, if any, other automobiles. Z\u00fcndapp [&hellip;]<\/p>\n","protected":false},"author":466,"featured_media":643298,"comment_status":"open","ping_status":"closed","sticky":false,"template":"","format":"standard","meta":{"footnotes":""},"categories":[2185,9348,17105,17972],"tags":[2536,16842,13061,17106,17973,21064],"class_list":["post-497761","post","type-post","status-publish","format-standard","has-post-thumbnail","hentry","category-1950s","category-guides","category-model-guides-production-cars","category-zundapp","tag-1950s","tag-1950s-cars","tag-car-profiles","tag-model-guides-production-cars","tag-zundapp","tag-zundapp-model-guides-all"],"yoast_head":"<!-- This site is optimized with the Yoast SEO plugin v27.4 - https:\/\/yoast.com\/product\/yoast-seo-wordpress\/ -->\n<title>1958 Z\u00fcndapp Janus 250<\/title>\n<meta name=\"description\" content=\"Mike Hemsley climbs behind the wheel of the diminutive, but surprisingly practical, 1958 Z\u00fcndapp Janus 250, a microcar...you can camp in?!\" \/>\n<meta name=\"robots\" content=\"index, follow, max-snippet:-1, max-image-preview:large, max-video-preview:-1\" \/>\n<link rel=\"canonical\" href=\"https:\/\/www.supercars.net\/blog\/1958-zundapp-janus-250\/\" \/>\n<link rel=\"next\" href=\"https:\/\/www.supercars.net\/blog\/1958-zundapp-janus-250\/2\/\" \/>\n<meta property=\"og:locale\" content=\"en_US\" \/>\n<meta property=\"og:type\" content=\"article\" \/>\n<meta property=\"og:title\" content=\"1958 Z\u00fcndapp Janus 250\" \/>\n<meta property=\"og:description\" content=\"Mike Hemsley climbs behind the wheel of the diminutive, but surprisingly practical, 1958 Z\u00fcndapp Janus 250, a microcar...you can camp in?!\" \/>\n<meta property=\"og:url\" content=\"https:\/\/www.supercars.net\/blog\/1958-zundapp-janus-250\/\" \/>\n<meta property=\"og:site_name\" content=\"Supercars.net\" \/>\n<meta property=\"article:publisher\" content=\"https:\/\/www.facebook.com\/Supercars.net\/\" \/>\n<meta property=\"article:published_time\" content=\"2018-08-21T22:01:41+00:00\" \/>\n<meta property=\"article:modified_time\" content=\"2024-06-04T19:48:54+00:00\" \/>\n<meta property=\"og:image\" content=\"https:\/\/www.supercars.net\/blog\/wp-content\/uploads\/2018\/08\/IMG_4197-e1534887596897.jpg\" \/>\n\t<meta property=\"og:image:width\" content=\"1077\" \/>\n\t<meta property=\"og:image:height\" content=\"618\" \/>\n\t<meta property=\"og:image:type\" content=\"image\/jpeg\" \/>\n<meta name=\"author\" content=\"J. Michael Hemsley\" \/>\n<meta name=\"twitter:card\" content=\"summary_large_image\" \/>\n<meta name=\"twitter:creator\" content=\"@supercars_net\" \/>\n<meta name=\"twitter:site\" content=\"@supercars_net\" \/>\n<meta name=\"twitter:label1\" content=\"Written by\" \/>\n\t<meta name=\"twitter:data1\" content=\"J. Michael Hemsley\" \/>\n\t<meta name=\"twitter:label2\" content=\"Est. reading time\" \/>\n\t<meta name=\"twitter:data2\" content=\"8 minutes\" \/>\n<script type=\"application\/ld+json\" class=\"yoast-schema-graph\">{\"@context\":\"https:\\\/\\\/schema.org\",\"@graph\":[{\"@type\":\"Article\",\"@id\":\"https:\\\/\\\/www.supercars.net\\\/blog\\\/1958-zundapp-janus-250\\\/#article\",\"isPartOf\":{\"@id\":\"https:\\\/\\\/www.supercars.net\\\/blog\\\/1958-zundapp-janus-250\\\/\"},\"author\":{\"name\":\"J. Michael Hemsley\",\"@id\":\"https:\\\/\\\/www.supercars.net\\\/blog\\\/#\\\/schema\\\/person\\\/de2aea88807eb028875279ebe523948f\"},\"headline\":\"1958 Z\u00fcndapp Janus 250\",\"datePublished\":\"2018-08-21T22:01:41+00:00\",\"dateModified\":\"2024-06-04T19:48:54+00:00\",\"mainEntityOfPage\":{\"@id\":\"https:\\\/\\\/www.supercars.net\\\/blog\\\/1958-zundapp-janus-250\\\/\"},\"wordCount\":1301,\"commentCount\":0,\"image\":{\"@id\":\"https:\\\/\\\/www.supercars.net\\\/blog\\\/1958-zundapp-janus-250\\\/#primaryimage\"},\"thumbnailUrl\":\"https:\\\/\\\/www.supercars.net\\\/blog\\\/wp-content\\\/uploads\\\/2018\\\/08\\\/IMG_4197-e1534887596897.jpg\",\"keywords\":[\"1950s All\",\"1950s Cars\",\"Model Guides (All)\",\"Model Guides (Production Cars)\",\"Z\u00fcndapp\",\"Z\u00fcndapp Model Guides (All)\"],\"articleSection\":[\"1950s Cars\",\"Model Guides (All)\",\"Model Guides (Production Cars)\",\"Z\u00fcndapp\"],\"inLanguage\":\"en-US\",\"potentialAction\":[{\"@type\":\"CommentAction\",\"name\":\"Comment\",\"target\":[\"https:\\\/\\\/www.supercars.net\\\/blog\\\/1958-zundapp-janus-250\\\/#respond\"]}]},{\"@type\":\"WebPage\",\"@id\":\"https:\\\/\\\/www.supercars.net\\\/blog\\\/1958-zundapp-janus-250\\\/\",\"url\":\"https:\\\/\\\/www.supercars.net\\\/blog\\\/1958-zundapp-janus-250\\\/\",\"name\":\"1958 Z\u00fcndapp Janus 250\",\"isPartOf\":{\"@id\":\"https:\\\/\\\/www.supercars.net\\\/blog\\\/#website\"},\"primaryImageOfPage\":{\"@id\":\"https:\\\/\\\/www.supercars.net\\\/blog\\\/1958-zundapp-janus-250\\\/#primaryimage\"},\"image\":{\"@id\":\"https:\\\/\\\/www.supercars.net\\\/blog\\\/1958-zundapp-janus-250\\\/#primaryimage\"},\"thumbnailUrl\":\"https:\\\/\\\/www.supercars.net\\\/blog\\\/wp-content\\\/uploads\\\/2018\\\/08\\\/IMG_4197-e1534887596897.jpg\",\"datePublished\":\"2018-08-21T22:01:41+00:00\",\"dateModified\":\"2024-06-04T19:48:54+00:00\",\"author\":{\"@id\":\"https:\\\/\\\/www.supercars.net\\\/blog\\\/#\\\/schema\\\/person\\\/de2aea88807eb028875279ebe523948f\"},\"description\":\"Mike Hemsley climbs behind the wheel of the diminutive, but surprisingly practical, 1958 Z\u00fcndapp Janus 250, a microcar...you can camp in?!\",\"inLanguage\":\"en-US\",\"potentialAction\":[{\"@type\":\"ReadAction\",\"target\":[\"https:\\\/\\\/www.supercars.net\\\/blog\\\/1958-zundapp-janus-250\\\/\"]}]},{\"@type\":\"ImageObject\",\"inLanguage\":\"en-US\",\"@id\":\"https:\\\/\\\/www.supercars.net\\\/blog\\\/1958-zundapp-janus-250\\\/#primaryimage\",\"url\":\"https:\\\/\\\/www.supercars.net\\\/blog\\\/wp-content\\\/uploads\\\/2018\\\/08\\\/IMG_4197-e1534887596897.jpg\",\"contentUrl\":\"https:\\\/\\\/www.supercars.net\\\/blog\\\/wp-content\\\/uploads\\\/2018\\\/08\\\/IMG_4197-e1534887596897.jpg\",\"width\":1077,\"height\":618},{\"@type\":\"WebSite\",\"@id\":\"https:\\\/\\\/www.supercars.net\\\/blog\\\/#website\",\"url\":\"https:\\\/\\\/www.supercars.net\\\/blog\\\/\",\"name\":\"Supercars.net\",\"description\":\"Exotic and Supercar news, information, pictures and videos\",\"potentialAction\":[{\"@type\":\"SearchAction\",\"target\":{\"@type\":\"EntryPoint\",\"urlTemplate\":\"https:\\\/\\\/www.supercars.net\\\/blog\\\/?s={search_term_string}\"},\"query-input\":{\"@type\":\"PropertyValueSpecification\",\"valueRequired\":true,\"valueName\":\"search_term_string\"}}],\"inLanguage\":\"en-US\"},{\"@type\":\"Person\",\"@id\":\"https:\\\/\\\/www.supercars.net\\\/blog\\\/#\\\/schema\\\/person\\\/de2aea88807eb028875279ebe523948f\",\"name\":\"J. Michael Hemsley\",\"image\":{\"@type\":\"ImageObject\",\"inLanguage\":\"en-US\",\"@id\":\"https:\\\/\\\/secure.gravatar.com\\\/avatar\\\/c310df20d6c27833e11e9b6e4521660766b120883743e5b932c280654704082f?s=96&d=mm&r=g\",\"url\":\"https:\\\/\\\/secure.gravatar.com\\\/avatar\\\/c310df20d6c27833e11e9b6e4521660766b120883743e5b932c280654704082f?s=96&d=mm&r=g\",\"contentUrl\":\"https:\\\/\\\/secure.gravatar.com\\\/avatar\\\/c310df20d6c27833e11e9b6e4521660766b120883743e5b932c280654704082f?s=96&d=mm&r=g\",\"caption\":\"J. Michael Hemsley\"},\"url\":\"https:\\\/\\\/www.supercars.net\\\/blog\\\/author\\\/michael-hemsley\\\/\"}]}<\/script>\n<!-- \/ Yoast SEO plugin. -->","yoast_head_json":{"title":"1958 Z\u00fcndapp Janus 250","description":"Mike Hemsley climbs behind the wheel of the diminutive, but surprisingly practical, 1958 Z\u00fcndapp Janus 250, a microcar...you can camp in?!","robots":{"index":"index","follow":"follow","max-snippet":"max-snippet:-1","max-image-preview":"max-image-preview:large","max-video-preview":"max-video-preview:-1"},"canonical":"https:\/\/www.supercars.net\/blog\/1958-zundapp-janus-250\/","next":"https:\/\/www.supercars.net\/blog\/1958-zundapp-janus-250\/2\/","og_locale":"en_US","og_type":"article","og_title":"1958 Z\u00fcndapp Janus 250","og_description":"Mike Hemsley climbs behind the wheel of the diminutive, but surprisingly practical, 1958 Z\u00fcndapp Janus 250, a microcar...you can camp in?!","og_url":"https:\/\/www.supercars.net\/blog\/1958-zundapp-janus-250\/","og_site_name":"Supercars.net","article_publisher":"https:\/\/www.facebook.com\/Supercars.net\/","article_published_time":"2018-08-21T22:01:41+00:00","article_modified_time":"2024-06-04T19:48:54+00:00","og_image":[{"width":1077,"height":618,"url":"https:\/\/www.supercars.net\/blog\/wp-content\/uploads\/2018\/08\/IMG_4197-e1534887596897.jpg","type":"image\/jpeg"}],"author":"J. Michael Hemsley","twitter_card":"summary_large_image","twitter_creator":"@supercars_net","twitter_site":"@supercars_net","twitter_misc":{"Written by":"J. Michael Hemsley","Est. reading time":"8 minutes"},"schema":{"@context":"https:\/\/schema.org","@graph":[{"@type":"Article","@id":"https:\/\/www.supercars.net\/blog\/1958-zundapp-janus-250\/#article","isPartOf":{"@id":"https:\/\/www.supercars.net\/blog\/1958-zundapp-janus-250\/"},"author":{"name":"J. Michael Hemsley","@id":"https:\/\/www.supercars.net\/blog\/#\/schema\/person\/de2aea88807eb028875279ebe523948f"},"headline":"1958 Z\u00fcndapp Janus 250","datePublished":"2018-08-21T22:01:41+00:00","dateModified":"2024-06-04T19:48:54+00:00","mainEntityOfPage":{"@id":"https:\/\/www.supercars.net\/blog\/1958-zundapp-janus-250\/"},"wordCount":1301,"commentCount":0,"image":{"@id":"https:\/\/www.supercars.net\/blog\/1958-zundapp-janus-250\/#primaryimage"},"thumbnailUrl":"https:\/\/www.supercars.net\/blog\/wp-content\/uploads\/2018\/08\/IMG_4197-e1534887596897.jpg","keywords":["1950s All","1950s Cars","Model Guides (All)","Model Guides (Production Cars)","Z\u00fcndapp","Z\u00fcndapp Model Guides (All)"],"articleSection":["1950s Cars","Model Guides (All)","Model Guides (Production Cars)","Z\u00fcndapp"],"inLanguage":"en-US","potentialAction":[{"@type":"CommentAction","name":"Comment","target":["https:\/\/www.supercars.net\/blog\/1958-zundapp-janus-250\/#respond"]}]},{"@type":"WebPage","@id":"https:\/\/www.supercars.net\/blog\/1958-zundapp-janus-250\/","url":"https:\/\/www.supercars.net\/blog\/1958-zundapp-janus-250\/","name":"1958 Z\u00fcndapp Janus 250","isPartOf":{"@id":"https:\/\/www.supercars.net\/blog\/#website"},"primaryImageOfPage":{"@id":"https:\/\/www.supercars.net\/blog\/1958-zundapp-janus-250\/#primaryimage"},"image":{"@id":"https:\/\/www.supercars.net\/blog\/1958-zundapp-janus-250\/#primaryimage"},"thumbnailUrl":"https:\/\/www.supercars.net\/blog\/wp-content\/uploads\/2018\/08\/IMG_4197-e1534887596897.jpg","datePublished":"2018-08-21T22:01:41+00:00","dateModified":"2024-06-04T19:48:54+00:00","author":{"@id":"https:\/\/www.supercars.net\/blog\/#\/schema\/person\/de2aea88807eb028875279ebe523948f"},"description":"Mike Hemsley climbs behind the wheel of the diminutive, but surprisingly practical, 1958 Z\u00fcndapp Janus 250, a microcar...you can camp in?!","inLanguage":"en-US","potentialAction":[{"@type":"ReadAction","target":["https:\/\/www.supercars.net\/blog\/1958-zundapp-janus-250\/"]}]},{"@type":"ImageObject","inLanguage":"en-US","@id":"https:\/\/www.supercars.net\/blog\/1958-zundapp-janus-250\/#primaryimage","url":"https:\/\/www.supercars.net\/blog\/wp-content\/uploads\/2018\/08\/IMG_4197-e1534887596897.jpg","contentUrl":"https:\/\/www.supercars.net\/blog\/wp-content\/uploads\/2018\/08\/IMG_4197-e1534887596897.jpg","width":1077,"height":618},{"@type":"WebSite","@id":"https:\/\/www.supercars.net\/blog\/#website","url":"https:\/\/www.supercars.net\/blog\/","name":"Supercars.net","description":"Exotic and Supercar news, information, pictures and videos","potentialAction":[{"@type":"SearchAction","target":{"@type":"EntryPoint","urlTemplate":"https:\/\/www.supercars.net\/blog\/?s={search_term_string}"},"query-input":{"@type":"PropertyValueSpecification","valueRequired":true,"valueName":"search_term_string"}}],"inLanguage":"en-US"},{"@type":"Person","@id":"https:\/\/www.supercars.net\/blog\/#\/schema\/person\/de2aea88807eb028875279ebe523948f","name":"J. Michael Hemsley","image":{"@type":"ImageObject","inLanguage":"en-US","@id":"https:\/\/secure.gravatar.com\/avatar\/c310df20d6c27833e11e9b6e4521660766b120883743e5b932c280654704082f?s=96&d=mm&r=g","url":"https:\/\/secure.gravatar.com\/avatar\/c310df20d6c27833e11e9b6e4521660766b120883743e5b932c280654704082f?s=96&d=mm&r=g","contentUrl":"https:\/\/secure.gravatar.com\/avatar\/c310df20d6c27833e11e9b6e4521660766b120883743e5b932c280654704082f?s=96&d=mm&r=g","caption":"J. Michael Hemsley"},"url":"https:\/\/www.supercars.net\/blog\/author\/michael-hemsley\/"}]}},"_links":{"self":[{"href":"https:\/\/www.supercars.net\/blog\/wp-json\/wp\/v2\/posts\/497761","targetHints":{"allow":["GET"]}}],"collection":[{"href":"https:\/\/www.supercars.net\/blog\/wp-json\/wp\/v2\/posts"}],"about":[{"href":"https:\/\/www.supercars.net\/blog\/wp-json\/wp\/v2\/types\/post"}],"author":[{"embeddable":true,"href":"https:\/\/www.supercars.net\/blog\/wp-json\/wp\/v2\/users\/466"}],"replies":[{"embeddable":true,"href":"https:\/\/www.supercars.net\/blog\/wp-json\/wp\/v2\/comments?post=497761"}],"version-history":[{"count":0,"href":"https:\/\/www.supercars.net\/blog\/wp-json\/wp\/v2\/posts\/497761\/revisions"}],"wp:featuredmedia":[{"embeddable":true,"href":"https:\/\/www.supercars.net\/blog\/wp-json\/wp\/v2\/media\/643298"}],"wp:attachment":[{"href":"https:\/\/www.supercars.net\/blog\/wp-json\/wp\/v2\/media?parent=497761"}],"wp:term":[{"taxonomy":"category","embeddable":true,"href":"https:\/\/www.supercars.net\/blog\/wp-json\/wp\/v2\/categories?post=497761"},{"taxonomy":"post_tag","embeddable":true,"href":"https:\/\/www.supercars.net\/blog\/wp-json\/wp\/v2\/tags?post=497761"}],"curies":[{"name":"wp","href":"https:\/\/api.w.org\/{rel}","templated":true}]}}