{"id":498242,"date":"2019-06-18T20:18:27","date_gmt":"2019-06-19T03:18:27","guid":{"rendered":"https:\/\/sportscardigest.com\/\/?p=81852"},"modified":"2023-12-09T15:53:05","modified_gmt":"2023-12-09T15:53:05","slug":"exceptional-field-for-5th-chantilly-concour","status":"publish","type":"post","link":"https:\/\/www.supercars.net\/blog\/exceptional-field-for-5th-chantilly-concour\/","title":{"rendered":"Chantilly Concours (2019) &#8211; Exceptional Field"},"content":{"rendered":"<p>On Sunday June 30<sup>th<\/sup>, the Le N\u00f4tre lawns in the Chateau de Chantilly domain will provide an idyllic setting for a gathering which, for the space of a few hours, will become the most beautiful automobile museum in the world! Over 100 exceptional cars from different universes and all eras will be assembled there for the 5th Concours Arts &amp; Elegance Richard Mille.<\/p>\n<p>The concept of the Concours d\u2019Etat is a bottomless one. At each staging of the event a committee of experts meets up to produce a list of around 15 original classes or those inspired by anniversaries. Among other celebrations in 2019 are Bentley\u2019s and Ballot\u2019s centenaries, the Porsche\u00a0917\u2019s 50th anniversary and Bugatti\u2019s 110th! A total of more than 100 exceptional cars will provide a wide-ranging historical panorama from 1913 to 2015, from the Delaunay-Belleville Coupe de Ville to the McLaren 650 S GT3. Here follows a brief description of what awaits through 11 cars chosen at random.<\/p>\n<p><strong>CLASS: Ballot, 100th anniversary<\/strong><\/p>\n<p><a href=\"https:\/\/www.supercars.net\/blog\/wp-content\/uploads\/2019\/06\/ballot-indianapolis-race-car.jpg\"><img decoding=\"async\" class=\"alignnone size-full wp-image-715821\" src=\"https:\/\/www.supercars.net\/blog\/wp-content\/uploads\/2019\/06\/ballot-indianapolis-race-car.jpg\" alt=\"\" width=\"1920\" height=\"1280\" srcset=\"https:\/\/www.supercars.net\/blog\/wp-content\/uploads\/2019\/06\/ballot-indianapolis-race-car.jpg 1920w, https:\/\/www.supercars.net\/blog\/wp-content\/uploads\/2019\/06\/ballot-indianapolis-race-car-300x200.jpg 300w, https:\/\/www.supercars.net\/blog\/wp-content\/uploads\/2019\/06\/ballot-indianapolis-race-car-1024x683.jpg 1024w, https:\/\/www.supercars.net\/blog\/wp-content\/uploads\/2019\/06\/ballot-indianapolis-race-car-100x67.jpg 100w, https:\/\/www.supercars.net\/blog\/wp-content\/uploads\/2019\/06\/ballot-indianapolis-race-car-770x513.jpg 770w, https:\/\/www.supercars.net\/blog\/wp-content\/uploads\/2019\/06\/ballot-indianapolis-race-car-1536x1024.jpg 1536w, https:\/\/www.supercars.net\/blog\/wp-content\/uploads\/2019\/06\/ballot-indianapolis-race-car-360x240.jpg 360w, https:\/\/www.supercars.net\/blog\/wp-content\/uploads\/2019\/06\/ballot-indianapolis-race-car-1155x770.jpg 1155w, https:\/\/www.supercars.net\/blog\/wp-content\/uploads\/2019\/06\/ballot-indianapolis-race-car-370x247.jpg 370w, https:\/\/www.supercars.net\/blog\/wp-content\/uploads\/2019\/06\/ballot-indianapolis-race-car-293x195.jpg 293w, https:\/\/www.supercars.net\/blog\/wp-content\/uploads\/2019\/06\/ballot-indianapolis-race-car-1400x933.jpg 1400w\" sizes=\"(max-width: 1920px) 100vw, 1920px\" \/><\/a><\/p>\n<p><strong>CAR: Ballot Indianapolis Race Car 5\/8 LC (1919)\u00a0; chassis 1001<\/strong><\/p>\n<p>Shortly after the creation of the Indianapolis 500 Miles in 1911, the French set out to conquer America. The brothers Ernest and Edouard Ballot found inspiration in the victories of Peugeot in 1913 and Delage in 1914 and were determined to achieve the same feat in 1919. They specialised in the supply of engines for the motor car and for boats (hence the anchor on the logo), and they designed a 4.8-litre 8-cylinder power plant for the race. Ren\u00e9 Thomas finished 11th in the car on show at Chantilly. Boosted by this experience the team returned the following year and came home second.<\/p>\n<p>&nbsp;<\/p>\n<p><strong>CLASS: Endurance GTs from 1994 onwards<\/strong><\/p>\n<p><a href=\"https:\/\/www.supercars.net\/blog\/wp-content\/uploads\/2019\/06\/mercedes-clk-gtr.jpg\"><img decoding=\"async\" class=\"alignnone size-full wp-image-715814\" src=\"https:\/\/www.supercars.net\/blog\/wp-content\/uploads\/2019\/06\/mercedes-clk-gtr.jpg\" alt=\"\" width=\"1920\" height=\"1280\" srcset=\"https:\/\/www.supercars.net\/blog\/wp-content\/uploads\/2019\/06\/mercedes-clk-gtr.jpg 1920w, https:\/\/www.supercars.net\/blog\/wp-content\/uploads\/2019\/06\/mercedes-clk-gtr-300x200.jpg 300w, https:\/\/www.supercars.net\/blog\/wp-content\/uploads\/2019\/06\/mercedes-clk-gtr-1024x683.jpg 1024w, https:\/\/www.supercars.net\/blog\/wp-content\/uploads\/2019\/06\/mercedes-clk-gtr-100x67.jpg 100w, https:\/\/www.supercars.net\/blog\/wp-content\/uploads\/2019\/06\/mercedes-clk-gtr-770x513.jpg 770w, https:\/\/www.supercars.net\/blog\/wp-content\/uploads\/2019\/06\/mercedes-clk-gtr-1536x1024.jpg 1536w, https:\/\/www.supercars.net\/blog\/wp-content\/uploads\/2019\/06\/mercedes-clk-gtr-360x240.jpg 360w, https:\/\/www.supercars.net\/blog\/wp-content\/uploads\/2019\/06\/mercedes-clk-gtr-1155x770.jpg 1155w, https:\/\/www.supercars.net\/blog\/wp-content\/uploads\/2019\/06\/mercedes-clk-gtr-370x247.jpg 370w, https:\/\/www.supercars.net\/blog\/wp-content\/uploads\/2019\/06\/mercedes-clk-gtr-293x195.jpg 293w, https:\/\/www.supercars.net\/blog\/wp-content\/uploads\/2019\/06\/mercedes-clk-gtr-1400x933.jpg 1400w\" sizes=\"(max-width: 1920px) 100vw, 1920px\" \/><\/a><\/p>\n<p><strong>CAR: Mercedes-Benz CLK GTR (1997)\u00a0; chassis 297397WA000004<\/strong><\/p>\n<p>In the middle of the 1990s, several manufacturers became involved in an arms race facilitated by loopholes in the GT regulations in an attempt to score outright victory in the 24 Hours of Le Mans. The Mercedes-Benz CLK GTR is a perfect illustration of these excesses. Although designed for the road (!) with a carbon monocoque chassis and powered by a 6.9-litre V12 engine it covered the 0 &#8211; 100 km\/h in 3.4 seconds and reached a top speed of 320 km\/h. It won the FIA GT Championship in 1997 and 1998, but failed to achieve success at Le Mans.<\/p>\n<p>&nbsp;<\/p>\n<p><strong>CLASS: Post-war racing Aston Martins<\/strong><\/p>\n<p><a href=\"https:\/\/www.supercars.net\/blog\/wp-content\/uploads\/2019\/06\/aston-martin-dbr1.jpg\"><img decoding=\"async\" class=\"alignnone size-full wp-image-715818\" src=\"https:\/\/www.supercars.net\/blog\/wp-content\/uploads\/2019\/06\/aston-martin-dbr1.jpg\" alt=\"\" width=\"1920\" height=\"1280\" srcset=\"https:\/\/www.supercars.net\/blog\/wp-content\/uploads\/2019\/06\/aston-martin-dbr1.jpg 1920w, https:\/\/www.supercars.net\/blog\/wp-content\/uploads\/2019\/06\/aston-martin-dbr1-300x200.jpg 300w, https:\/\/www.supercars.net\/blog\/wp-content\/uploads\/2019\/06\/aston-martin-dbr1-1024x683.jpg 1024w, https:\/\/www.supercars.net\/blog\/wp-content\/uploads\/2019\/06\/aston-martin-dbr1-100x67.jpg 100w, https:\/\/www.supercars.net\/blog\/wp-content\/uploads\/2019\/06\/aston-martin-dbr1-770x513.jpg 770w, https:\/\/www.supercars.net\/blog\/wp-content\/uploads\/2019\/06\/aston-martin-dbr1-1536x1024.jpg 1536w, https:\/\/www.supercars.net\/blog\/wp-content\/uploads\/2019\/06\/aston-martin-dbr1-360x240.jpg 360w, https:\/\/www.supercars.net\/blog\/wp-content\/uploads\/2019\/06\/aston-martin-dbr1-1155x770.jpg 1155w, https:\/\/www.supercars.net\/blog\/wp-content\/uploads\/2019\/06\/aston-martin-dbr1-370x247.jpg 370w, https:\/\/www.supercars.net\/blog\/wp-content\/uploads\/2019\/06\/aston-martin-dbr1-293x195.jpg 293w, https:\/\/www.supercars.net\/blog\/wp-content\/uploads\/2019\/06\/aston-martin-dbr1-1400x933.jpg 1400w\" sizes=\"(max-width: 1920px) 100vw, 1920px\" \/><\/a><\/p>\n<p><strong>CAR: Aston Martin DBR1 (1959) &#8211; chassis DBR1\/5<\/strong><\/p>\n<p>This is one of the most famous British racing cars of all time. It was produced in 1956 and is characterised by the triangular air intakes on the flanks that became one of the major styling cues of the make. In the hands of some of the best drivers of the day including Jack Brabham, Tony Brooks, Jim Clark, Stirling Moss, etc. it won everywhere including Le Mans in 1959 with Roy Salvadori and Carroll Shelby at the wheel. The car on display at Chantilly is the only one built for a private team.<\/p>\n<p>&nbsp;<\/p>\n<p><strong>CLASS: Pre-war Bentleys &#8211; open cars<\/strong><\/p>\n<p><a href=\"https:\/\/www.supercars.net\/blog\/wp-content\/uploads\/2019\/06\/bentley-speed-six.jpg\"><img decoding=\"async\" class=\"alignnone size-full wp-image-715822\" src=\"https:\/\/www.supercars.net\/blog\/wp-content\/uploads\/2019\/06\/bentley-speed-six.jpg\" alt=\"\" width=\"1920\" height=\"1280\" srcset=\"https:\/\/www.supercars.net\/blog\/wp-content\/uploads\/2019\/06\/bentley-speed-six.jpg 1920w, https:\/\/www.supercars.net\/blog\/wp-content\/uploads\/2019\/06\/bentley-speed-six-300x200.jpg 300w, https:\/\/www.supercars.net\/blog\/wp-content\/uploads\/2019\/06\/bentley-speed-six-1024x683.jpg 1024w, https:\/\/www.supercars.net\/blog\/wp-content\/uploads\/2019\/06\/bentley-speed-six-100x67.jpg 100w, https:\/\/www.supercars.net\/blog\/wp-content\/uploads\/2019\/06\/bentley-speed-six-770x513.jpg 770w, https:\/\/www.supercars.net\/blog\/wp-content\/uploads\/2019\/06\/bentley-speed-six-1536x1024.jpg 1536w, https:\/\/www.supercars.net\/blog\/wp-content\/uploads\/2019\/06\/bentley-speed-six-360x240.jpg 360w, https:\/\/www.supercars.net\/blog\/wp-content\/uploads\/2019\/06\/bentley-speed-six-1155x770.jpg 1155w, https:\/\/www.supercars.net\/blog\/wp-content\/uploads\/2019\/06\/bentley-speed-six-370x247.jpg 370w, https:\/\/www.supercars.net\/blog\/wp-content\/uploads\/2019\/06\/bentley-speed-six-293x195.jpg 293w, https:\/\/www.supercars.net\/blog\/wp-content\/uploads\/2019\/06\/bentley-speed-six-1400x933.jpg 1400w\" sizes=\"(max-width: 1920px) 100vw, 1920px\" \/><\/a><\/p>\n<p><strong>CAR: Bentley Speed Six &#8220;Old No. 3&#8221; (1930) chassis HM2869<\/strong><\/p>\n<p>The Bentley Speed 6, brought out in 1928, is the racing version of the 6.5 litre model that had appeared two years earlier. This machine completed Bentley\u2019s domination of the 24 Hours of Le Mans in the first decade of the race with two consecutive victories in 1929 and 1930 at the height of the fame of the Bentley Boys, a group of well-heeled British sportsmen who won everything at the time. The car on display at Chantilly is the third and last built for the works team. Better-known as Old No. 3, it did not see the finish in the 1930 24 Hours of Le Mans (accident).<\/p>\n<p><!--nextpage--><\/p>\n<p><strong>CLASS: Marcello Gandini\u2019s creations<\/strong><\/p>\n<p><a href=\"https:\/\/www.supercars.net\/blog\/wp-content\/uploads\/2019\/06\/lamborghini-miura-p400-S.jpg\"><img decoding=\"async\" class=\"alignnone size-full wp-image-715824\" src=\"https:\/\/www.supercars.net\/blog\/wp-content\/uploads\/2019\/06\/lamborghini-miura-p400-S.jpg\" alt=\"\" width=\"1920\" height=\"1280\" srcset=\"https:\/\/www.supercars.net\/blog\/wp-content\/uploads\/2019\/06\/lamborghini-miura-p400-S.jpg 1920w, https:\/\/www.supercars.net\/blog\/wp-content\/uploads\/2019\/06\/lamborghini-miura-p400-S-300x200.jpg 300w, https:\/\/www.supercars.net\/blog\/wp-content\/uploads\/2019\/06\/lamborghini-miura-p400-S-1024x683.jpg 1024w, https:\/\/www.supercars.net\/blog\/wp-content\/uploads\/2019\/06\/lamborghini-miura-p400-S-100x67.jpg 100w, https:\/\/www.supercars.net\/blog\/wp-content\/uploads\/2019\/06\/lamborghini-miura-p400-S-770x513.jpg 770w, https:\/\/www.supercars.net\/blog\/wp-content\/uploads\/2019\/06\/lamborghini-miura-p400-S-1536x1024.jpg 1536w, https:\/\/www.supercars.net\/blog\/wp-content\/uploads\/2019\/06\/lamborghini-miura-p400-S-360x240.jpg 360w, https:\/\/www.supercars.net\/blog\/wp-content\/uploads\/2019\/06\/lamborghini-miura-p400-S-1155x770.jpg 1155w, https:\/\/www.supercars.net\/blog\/wp-content\/uploads\/2019\/06\/lamborghini-miura-p400-S-370x247.jpg 370w, https:\/\/www.supercars.net\/blog\/wp-content\/uploads\/2019\/06\/lamborghini-miura-p400-S-293x195.jpg 293w, https:\/\/www.supercars.net\/blog\/wp-content\/uploads\/2019\/06\/lamborghini-miura-p400-S-1400x933.jpg 1400w\" sizes=\"(max-width: 1920px) 100vw, 1920px\" \/><\/a><\/p>\n<p><strong>CAR: Lamborghini Miura P400 S (1969)\u00a0; ch\u00e2ssis 4127<\/strong><\/p>\n<p>Marcello Gandini was born in Turin in 1938 and designed some of the most beautiful Italians cars from the mid-sixties onwards. He was the chief designer at Bertone for a long time and was responsible for the famous Lamborghini Miura that many consider the first supercar in history with its 3.9-litre transversally-mounted V12 in the rear. The S version on display at Chantilly is an evolution with a more powerful engine producing 370 bhp.<\/p>\n<p>&nbsp;<\/p>\n<p><strong>CLASS: The Porsche 917s<\/strong><\/p>\n<p><a href=\"https:\/\/www.supercars.net\/blog\/wp-content\/uploads\/2019\/06\/porsche-917.jpg\"><img decoding=\"async\" class=\"alignnone size-full wp-image-715815\" src=\"https:\/\/www.supercars.net\/blog\/wp-content\/uploads\/2019\/06\/porsche-917.jpg\" alt=\"\" width=\"1920\" height=\"1280\" srcset=\"https:\/\/www.supercars.net\/blog\/wp-content\/uploads\/2019\/06\/porsche-917.jpg 1920w, https:\/\/www.supercars.net\/blog\/wp-content\/uploads\/2019\/06\/porsche-917-300x200.jpg 300w, https:\/\/www.supercars.net\/blog\/wp-content\/uploads\/2019\/06\/porsche-917-1024x683.jpg 1024w, https:\/\/www.supercars.net\/blog\/wp-content\/uploads\/2019\/06\/porsche-917-100x67.jpg 100w, https:\/\/www.supercars.net\/blog\/wp-content\/uploads\/2019\/06\/porsche-917-770x513.jpg 770w, https:\/\/www.supercars.net\/blog\/wp-content\/uploads\/2019\/06\/porsche-917-1536x1024.jpg 1536w, https:\/\/www.supercars.net\/blog\/wp-content\/uploads\/2019\/06\/porsche-917-360x240.jpg 360w, https:\/\/www.supercars.net\/blog\/wp-content\/uploads\/2019\/06\/porsche-917-1155x770.jpg 1155w, https:\/\/www.supercars.net\/blog\/wp-content\/uploads\/2019\/06\/porsche-917-370x247.jpg 370w, https:\/\/www.supercars.net\/blog\/wp-content\/uploads\/2019\/06\/porsche-917-293x195.jpg 293w, https:\/\/www.supercars.net\/blog\/wp-content\/uploads\/2019\/06\/porsche-917-1400x933.jpg 1400w\" sizes=\"(max-width: 1920px) 100vw, 1920px\" \/><\/a><\/p>\n<p><strong>CAR: Porsche 917 (1971)\u00a0; chassis 917-030<\/strong><\/p>\n<p>This car is special in more ways than one. First of all, it was the first racing car in the world to be fitted with an ABS system, which didn\u2019t really impress Marko-Larousse at the 1971 Zeltweg 1000 km. Then what happened next is even more surprising. In 1975, Count Gregorio Rossi di Montelera, owner of a famous brand of aperitif, had the prototype modified (exhaust silenced, indicators, leather seats, etc.) and managed to have it registered in the state of Alabama\u00a0in the USA!<\/p>\n<p>&nbsp;<\/p>\n<p><strong>CLASS: The Iso Rivolta<\/strong><\/p>\n<p><a href=\"https:\/\/www.supercars.net\/blog\/wp-content\/uploads\/2019\/06\/iso-a3c-grifo.jpg\"><img decoding=\"async\" class=\"alignnone size-full wp-image-715823\" src=\"https:\/\/www.supercars.net\/blog\/wp-content\/uploads\/2019\/06\/iso-a3c-grifo.jpg\" alt=\"\" width=\"1920\" height=\"1280\" srcset=\"https:\/\/www.supercars.net\/blog\/wp-content\/uploads\/2019\/06\/iso-a3c-grifo.jpg 1920w, https:\/\/www.supercars.net\/blog\/wp-content\/uploads\/2019\/06\/iso-a3c-grifo-300x200.jpg 300w, https:\/\/www.supercars.net\/blog\/wp-content\/uploads\/2019\/06\/iso-a3c-grifo-1024x683.jpg 1024w, https:\/\/www.supercars.net\/blog\/wp-content\/uploads\/2019\/06\/iso-a3c-grifo-100x67.jpg 100w, https:\/\/www.supercars.net\/blog\/wp-content\/uploads\/2019\/06\/iso-a3c-grifo-770x513.jpg 770w, https:\/\/www.supercars.net\/blog\/wp-content\/uploads\/2019\/06\/iso-a3c-grifo-1536x1024.jpg 1536w, https:\/\/www.supercars.net\/blog\/wp-content\/uploads\/2019\/06\/iso-a3c-grifo-360x240.jpg 360w, https:\/\/www.supercars.net\/blog\/wp-content\/uploads\/2019\/06\/iso-a3c-grifo-1155x770.jpg 1155w, https:\/\/www.supercars.net\/blog\/wp-content\/uploads\/2019\/06\/iso-a3c-grifo-370x247.jpg 370w, https:\/\/www.supercars.net\/blog\/wp-content\/uploads\/2019\/06\/iso-a3c-grifo-293x195.jpg 293w, https:\/\/www.supercars.net\/blog\/wp-content\/uploads\/2019\/06\/iso-a3c-grifo-1400x933.jpg 1400w\" sizes=\"(max-width: 1920px) 100vw, 1920px\" \/><\/a><\/p>\n<p><strong>CAR: Iso A3\/C Grifo (1964)\u00a0; chassis I-3507<\/strong><\/p>\n<p>The Iso Rivolta Company, a manufacturer of electrical household goods, motorbikes and then the Isetta bubble car, began building a sports car in\u00a0\u00a0 1962, the GT 300. Its success encouraged the top brass of the firm to up their game even further and compete against Ferrari. Nothing was left to chance. Giotto Bizzarrini, the father of the Ferrari 250 GTO, was entrusted with the development of the car. It was, however, very different from its Italian rival in that it was powered by a V8 Chevrolet.\u00a0Only a small number of A3\/Cs was produced.<\/p>\n<p>&nbsp;<\/p>\n<p><strong>CLASS: Japanese sports cars<\/strong><\/p>\n<p><a href=\"https:\/\/www.supercars.net\/blog\/wp-content\/uploads\/2019\/06\/toyota-2000-gt.jpg\"><img decoding=\"async\" class=\"alignnone size-full wp-image-715817\" src=\"https:\/\/www.supercars.net\/blog\/wp-content\/uploads\/2019\/06\/toyota-2000-gt.jpg\" alt=\"\" width=\"1920\" height=\"1280\" srcset=\"https:\/\/www.supercars.net\/blog\/wp-content\/uploads\/2019\/06\/toyota-2000-gt.jpg 1920w, https:\/\/www.supercars.net\/blog\/wp-content\/uploads\/2019\/06\/toyota-2000-gt-300x200.jpg 300w, https:\/\/www.supercars.net\/blog\/wp-content\/uploads\/2019\/06\/toyota-2000-gt-1024x683.jpg 1024w, https:\/\/www.supercars.net\/blog\/wp-content\/uploads\/2019\/06\/toyota-2000-gt-100x67.jpg 100w, https:\/\/www.supercars.net\/blog\/wp-content\/uploads\/2019\/06\/toyota-2000-gt-770x513.jpg 770w, https:\/\/www.supercars.net\/blog\/wp-content\/uploads\/2019\/06\/toyota-2000-gt-1536x1024.jpg 1536w, https:\/\/www.supercars.net\/blog\/wp-content\/uploads\/2019\/06\/toyota-2000-gt-360x240.jpg 360w, https:\/\/www.supercars.net\/blog\/wp-content\/uploads\/2019\/06\/toyota-2000-gt-1155x770.jpg 1155w, https:\/\/www.supercars.net\/blog\/wp-content\/uploads\/2019\/06\/toyota-2000-gt-370x247.jpg 370w, https:\/\/www.supercars.net\/blog\/wp-content\/uploads\/2019\/06\/toyota-2000-gt-293x195.jpg 293w, https:\/\/www.supercars.net\/blog\/wp-content\/uploads\/2019\/06\/toyota-2000-gt-1400x933.jpg 1400w\" sizes=\"(max-width: 1920px) 100vw, 1920px\" \/><\/a><\/p>\n<p><strong>CAR: Toyota 2000 GT (1969)\u00a0; chassis 1207<\/strong><\/p>\n<p>Only once in his life did James Bond drive a Toyota: the iconic 2000 GT produced from 1967 to 1970. And for good reason as this very modern car was a cocktail of the latest cutting-edge technologies of the moment. It is the first series produced Japanese to be equipped with four disc brakes and four-wheel independent suspension as well as rack and pinion steering. Due to the limited number of cars produced (351), very few were exported (only 25 to Europe), making it a very rare machine.<\/p>\n<p><!--nextpage--><\/p>\n<p><strong>CLASS: Voisins with Voisin coachwork<\/strong><\/p>\n<p><a href=\"https:\/\/www.supercars.net\/blog\/wp-content\/uploads\/2019\/06\/avions-voisin-c25-aerodyne-e1560913678131.jpg\"><img decoding=\"async\" class=\"alignnone size-full wp-image-715820\" src=\"https:\/\/www.supercars.net\/blog\/wp-content\/uploads\/2019\/06\/avions-voisin-c25-aerodyne-e1560913678131.jpg\" alt=\"\" width=\"1761\" height=\"998\" srcset=\"https:\/\/www.supercars.net\/blog\/wp-content\/uploads\/2019\/06\/avions-voisin-c25-aerodyne-e1560913678131.jpg 1761w, https:\/\/www.supercars.net\/blog\/wp-content\/uploads\/2019\/06\/avions-voisin-c25-aerodyne-e1560913678131-300x170.jpg 300w, https:\/\/www.supercars.net\/blog\/wp-content\/uploads\/2019\/06\/avions-voisin-c25-aerodyne-e1560913678131-1024x580.jpg 1024w, https:\/\/www.supercars.net\/blog\/wp-content\/uploads\/2019\/06\/avions-voisin-c25-aerodyne-e1560913678131-100x57.jpg 100w, https:\/\/www.supercars.net\/blog\/wp-content\/uploads\/2019\/06\/avions-voisin-c25-aerodyne-e1560913678131-770x436.jpg 770w, https:\/\/www.supercars.net\/blog\/wp-content\/uploads\/2019\/06\/avions-voisin-c25-aerodyne-e1560913678131-1536x870.jpg 1536w, https:\/\/www.supercars.net\/blog\/wp-content\/uploads\/2019\/06\/avions-voisin-c25-aerodyne-e1560913678131-293x166.jpg 293w, https:\/\/www.supercars.net\/blog\/wp-content\/uploads\/2019\/06\/avions-voisin-c25-aerodyne-e1560913678131-1400x793.jpg 1400w\" sizes=\"(max-width: 1761px) 100vw, 1761px\" \/><\/a><\/p>\n<p><strong>CAR: Avions-Voisin C25 A\u00e9rodyne (1935)\u00a0; chassis 50010<\/strong><\/p>\n<p>At the 1934\u00a0Paris Motor Show the crowd was milling around the Citro\u00ebn stand admiring the Traction. Even so a small manufacturer managed to shine. His name? Gabriel Voisin. Unlike Andr\u00e9 Citro\u00ebn, he never made mass produced cars. The C25 Aerodyne was pure haute couture with its sliding opening roof actuated by a motor because he designed the whole car; and as a former plane manufacturer aerodynamics were particularly important for him. But the C25 A\u00e9rodyne never took off and only seven were made.<\/p>\n<p>&nbsp;<\/p>\n<p><strong>CLASS: The Racing McLarens<\/strong><\/p>\n<p><a href=\"https:\/\/www.supercars.net\/blog\/wp-content\/uploads\/2019\/06\/mclaren-mp44.jpg\"><img decoding=\"async\" class=\"alignnone size-full wp-image-715813\" src=\"https:\/\/www.supercars.net\/blog\/wp-content\/uploads\/2019\/06\/mclaren-mp44.jpg\" alt=\"\" width=\"1920\" height=\"1280\" srcset=\"https:\/\/www.supercars.net\/blog\/wp-content\/uploads\/2019\/06\/mclaren-mp44.jpg 1920w, https:\/\/www.supercars.net\/blog\/wp-content\/uploads\/2019\/06\/mclaren-mp44-300x200.jpg 300w, https:\/\/www.supercars.net\/blog\/wp-content\/uploads\/2019\/06\/mclaren-mp44-1024x683.jpg 1024w, https:\/\/www.supercars.net\/blog\/wp-content\/uploads\/2019\/06\/mclaren-mp44-100x67.jpg 100w, https:\/\/www.supercars.net\/blog\/wp-content\/uploads\/2019\/06\/mclaren-mp44-770x513.jpg 770w, https:\/\/www.supercars.net\/blog\/wp-content\/uploads\/2019\/06\/mclaren-mp44-1536x1024.jpg 1536w, https:\/\/www.supercars.net\/blog\/wp-content\/uploads\/2019\/06\/mclaren-mp44-360x240.jpg 360w, https:\/\/www.supercars.net\/blog\/wp-content\/uploads\/2019\/06\/mclaren-mp44-1155x770.jpg 1155w, https:\/\/www.supercars.net\/blog\/wp-content\/uploads\/2019\/06\/mclaren-mp44-370x247.jpg 370w, https:\/\/www.supercars.net\/blog\/wp-content\/uploads\/2019\/06\/mclaren-mp44-293x195.jpg 293w, https:\/\/www.supercars.net\/blog\/wp-content\/uploads\/2019\/06\/mclaren-mp44-1400x933.jpg 1400w\" sizes=\"(max-width: 1920px) 100vw, 1920px\" \/><\/a><\/p>\n<p><strong>CAR: McLaren MP4\/4 (1988)\u00a0; ex-Senna chassis<\/strong><\/p>\n<p>Despite its late arrival on the final day in the winter tests, the McLaren MP4\/4 crushed its rivals in 1988. It also marked the start of the legendary Prost-Senna rivalry. Designed by Gordon Murray and Steve Nichols the car is easily recognisable by its very flat silhouette and its very low ground clearance. It drew its strength from exceptional aerodynamic efficiency and the redoubtable V6 Honda turbo. Winning 15 out of 16 grands prix it is still the most dominant single-seater in the history of Formula\u00a01.<\/p>\n<p>&nbsp;<\/p>\n<p><strong>CLASS: Cars at the Paris Motor Show in the Grand Palais, up to 1961<\/strong><\/p>\n<p><a href=\"https:\/\/www.supercars.net\/blog\/wp-content\/uploads\/2019\/06\/talbot-lago-t26-grand-sport-coupe.jpg\"><img decoding=\"async\" class=\"alignnone size-full wp-image-715816\" src=\"https:\/\/www.supercars.net\/blog\/wp-content\/uploads\/2019\/06\/talbot-lago-t26-grand-sport-coupe.jpg\" alt=\"\" width=\"1920\" height=\"1280\" srcset=\"https:\/\/www.supercars.net\/blog\/wp-content\/uploads\/2019\/06\/talbot-lago-t26-grand-sport-coupe.jpg 1920w, https:\/\/www.supercars.net\/blog\/wp-content\/uploads\/2019\/06\/talbot-lago-t26-grand-sport-coupe-300x200.jpg 300w, https:\/\/www.supercars.net\/blog\/wp-content\/uploads\/2019\/06\/talbot-lago-t26-grand-sport-coupe-1024x683.jpg 1024w, https:\/\/www.supercars.net\/blog\/wp-content\/uploads\/2019\/06\/talbot-lago-t26-grand-sport-coupe-100x67.jpg 100w, https:\/\/www.supercars.net\/blog\/wp-content\/uploads\/2019\/06\/talbot-lago-t26-grand-sport-coupe-770x513.jpg 770w, https:\/\/www.supercars.net\/blog\/wp-content\/uploads\/2019\/06\/talbot-lago-t26-grand-sport-coupe-1536x1024.jpg 1536w, https:\/\/www.supercars.net\/blog\/wp-content\/uploads\/2019\/06\/talbot-lago-t26-grand-sport-coupe-360x240.jpg 360w, https:\/\/www.supercars.net\/blog\/wp-content\/uploads\/2019\/06\/talbot-lago-t26-grand-sport-coupe-1155x770.jpg 1155w, https:\/\/www.supercars.net\/blog\/wp-content\/uploads\/2019\/06\/talbot-lago-t26-grand-sport-coupe-370x247.jpg 370w, https:\/\/www.supercars.net\/blog\/wp-content\/uploads\/2019\/06\/talbot-lago-t26-grand-sport-coupe-293x195.jpg 293w, https:\/\/www.supercars.net\/blog\/wp-content\/uploads\/2019\/06\/talbot-lago-t26-grand-sport-coupe-1400x933.jpg 1400w\" sizes=\"(max-width: 1920px) 100vw, 1920px\" \/><\/a><\/p>\n<p><strong>CAR: Talbot-Lago T26 Grand Sport Coupe (1948)\u00a0; chassis 110103<\/strong><\/p>\n<p>This bare chassis left Talbot-Lago in October 1948, and is the only one delivered to Figoni &amp; Falaschi. It is also the only tear-drop car made by the French coachbuilder in the post-war period. This car with its sleek lines was unveiled at the 1949 Motor Show and is one of the last great designs of post-war French coachwork. Its first owner was an industrialist called the King of the Zip fastener as recalled by the trammels on the front bonnet!<\/p>\n<p>For more information visit\u00a0<a href=\"https:\/\/www.chantillyartsetelegance.com\/language\/en\/home\/\" target=\"_blank\" rel=\"noopener noreferrer\">www.chantillyartsetelegance.com<\/a><\/p>\n","protected":false},"excerpt":{"rendered":"<p>On Sunday June 30th, the Le N\u00f4tre lawns in the Chateau de Chantilly domain will provide an idyllic setting for a gathering which, for the space of a few hours, will become the most beautiful automobile museum in the world! Over 100 exceptional cars from different universes and all eras will be assembled there for the 5th Concours Arts &amp; Elegance Richard Mille. The concept of the Concours d\u2019Etat is a bottomless one. At each staging of the event a [&hellip;]<\/p>\n","protected":false},"author":54,"featured_media":715819,"comment_status":"open","ping_status":"closed","sticky":false,"template":"","format":"standard","meta":{"footnotes":""},"categories":[260,17565],"tags":[432,15200,16912],"class_list":["post-498242","post","type-post","status-publish","format-standard","has-post-thumbnail","hentry","category-car-events","category-concours-events","tag-events","tag-chantilly-concours","tag-events-concours"],"yoast_head":"<!-- This site is optimized with the Yoast SEO plugin v27.5 - https:\/\/yoast.com\/product\/yoast-seo-wordpress\/ -->\n<title>Chantilly Concours (2019) - Exceptional Field<\/title>\n<meta name=\"description\" content=\"Over 100 exceptional cars from all eras will be assembled at the Chateau de Chantilly for the 5th Concours Arts &amp; Elegance Richard Mille.\" \/>\n<meta name=\"robots\" content=\"index, follow, max-snippet:-1, max-image-preview:large, max-video-preview:-1\" \/>\n<link rel=\"canonical\" href=\"https:\/\/www.supercars.net\/blog\/exceptional-field-for-5th-chantilly-concour\/\" \/>\n<link rel=\"next\" href=\"https:\/\/www.supercars.net\/blog\/exceptional-field-for-5th-chantilly-concour\/2\/\" \/>\n<meta property=\"og:locale\" content=\"en_US\" \/>\n<meta property=\"og:type\" content=\"article\" \/>\n<meta property=\"og:title\" content=\"Chantilly Concours (2019) - Exceptional Field\" \/>\n<meta property=\"og:description\" content=\"Over 100 exceptional cars from all eras will be assembled at the Chateau de Chantilly for the 5th Concours Arts &amp; Elegance Richard Mille.\" \/>\n<meta property=\"og:url\" content=\"https:\/\/www.supercars.net\/blog\/exceptional-field-for-5th-chantilly-concour\/\" \/>\n<meta property=\"og:site_name\" content=\"Supercars.net\" \/>\n<meta property=\"article:publisher\" content=\"https:\/\/www.facebook.com\/Supercars.net\/\" \/>\n<meta property=\"article:published_time\" content=\"2019-06-19T03:18:27+00:00\" \/>\n<meta property=\"article:modified_time\" content=\"2023-12-09T15:53:05+00:00\" \/>\n<meta property=\"og:image\" content=\"https:\/\/www.supercars.net\/blog\/wp-content\/uploads\/2019\/06\/avions-voisin-c25-aerodyne-e1560913678131-1.jpg\" \/>\n\t<meta property=\"og:image:width\" content=\"1761\" \/>\n\t<meta property=\"og:image:height\" content=\"998\" \/>\n\t<meta property=\"og:image:type\" content=\"image\/jpeg\" \/>\n<meta name=\"author\" content=\"Casey Annis\" \/>\n<meta name=\"twitter:card\" content=\"summary_large_image\" \/>\n<meta name=\"twitter:creator\" content=\"@supercars_net\" \/>\n<meta name=\"twitter:site\" content=\"@supercars_net\" \/>\n<meta name=\"twitter:label1\" content=\"Written by\" \/>\n\t<meta name=\"twitter:data1\" content=\"Casey Annis\" \/>\n\t<meta name=\"twitter:label2\" content=\"Est. reading time\" \/>\n\t<meta name=\"twitter:data2\" content=\"8 minutes\" \/>\n<script type=\"application\/ld+json\" class=\"yoast-schema-graph\">{\"@context\":\"https:\\\/\\\/schema.org\",\"@graph\":[{\"@type\":\"Article\",\"@id\":\"https:\\\/\\\/www.supercars.net\\\/blog\\\/exceptional-field-for-5th-chantilly-concour\\\/#article\",\"isPartOf\":{\"@id\":\"https:\\\/\\\/www.supercars.net\\\/blog\\\/exceptional-field-for-5th-chantilly-concour\\\/\"},\"author\":{\"name\":\"Casey Annis\",\"@id\":\"https:\\\/\\\/www.supercars.net\\\/blog\\\/#\\\/schema\\\/person\\\/02825f2c90f727d91e873a83f18cbd9f\"},\"headline\":\"Chantilly Concours (2019) &#8211; Exceptional Field\",\"datePublished\":\"2019-06-19T03:18:27+00:00\",\"dateModified\":\"2023-12-09T15:53:05+00:00\",\"mainEntityOfPage\":{\"@id\":\"https:\\\/\\\/www.supercars.net\\\/blog\\\/exceptional-field-for-5th-chantilly-concour\\\/\"},\"wordCount\":1267,\"commentCount\":0,\"image\":{\"@id\":\"https:\\\/\\\/www.supercars.net\\\/blog\\\/exceptional-field-for-5th-chantilly-concour\\\/#primaryimage\"},\"thumbnailUrl\":\"https:\\\/\\\/www.supercars.net\\\/blog\\\/wp-content\\\/uploads\\\/2019\\\/06\\\/avions-voisin-c25-aerodyne-e1560913678131-1.jpg\",\"keywords\":[\"Event (Car Events &amp; Shows)\",\"Event (Chantilly Concours)\",\"Event (Concours)\"],\"articleSection\":[\"Car Events &amp; Shows\",\"Concours Events\"],\"inLanguage\":\"en-US\",\"potentialAction\":[{\"@type\":\"CommentAction\",\"name\":\"Comment\",\"target\":[\"https:\\\/\\\/www.supercars.net\\\/blog\\\/exceptional-field-for-5th-chantilly-concour\\\/#respond\"]}]},{\"@type\":\"WebPage\",\"@id\":\"https:\\\/\\\/www.supercars.net\\\/blog\\\/exceptional-field-for-5th-chantilly-concour\\\/\",\"url\":\"https:\\\/\\\/www.supercars.net\\\/blog\\\/exceptional-field-for-5th-chantilly-concour\\\/\",\"name\":\"Chantilly Concours (2019) - Exceptional Field\",\"isPartOf\":{\"@id\":\"https:\\\/\\\/www.supercars.net\\\/blog\\\/#website\"},\"primaryImageOfPage\":{\"@id\":\"https:\\\/\\\/www.supercars.net\\\/blog\\\/exceptional-field-for-5th-chantilly-concour\\\/#primaryimage\"},\"image\":{\"@id\":\"https:\\\/\\\/www.supercars.net\\\/blog\\\/exceptional-field-for-5th-chantilly-concour\\\/#primaryimage\"},\"thumbnailUrl\":\"https:\\\/\\\/www.supercars.net\\\/blog\\\/wp-content\\\/uploads\\\/2019\\\/06\\\/avions-voisin-c25-aerodyne-e1560913678131-1.jpg\",\"datePublished\":\"2019-06-19T03:18:27+00:00\",\"dateModified\":\"2023-12-09T15:53:05+00:00\",\"author\":{\"@id\":\"https:\\\/\\\/www.supercars.net\\\/blog\\\/#\\\/schema\\\/person\\\/02825f2c90f727d91e873a83f18cbd9f\"},\"description\":\"Over 100 exceptional cars from all eras will be assembled at the Chateau de Chantilly for the 5th Concours Arts & Elegance Richard Mille.\",\"inLanguage\":\"en-US\",\"potentialAction\":[{\"@type\":\"ReadAction\",\"target\":[\"https:\\\/\\\/www.supercars.net\\\/blog\\\/exceptional-field-for-5th-chantilly-concour\\\/\"]}]},{\"@type\":\"ImageObject\",\"inLanguage\":\"en-US\",\"@id\":\"https:\\\/\\\/www.supercars.net\\\/blog\\\/exceptional-field-for-5th-chantilly-concour\\\/#primaryimage\",\"url\":\"https:\\\/\\\/www.supercars.net\\\/blog\\\/wp-content\\\/uploads\\\/2019\\\/06\\\/avions-voisin-c25-aerodyne-e1560913678131-1.jpg\",\"contentUrl\":\"https:\\\/\\\/www.supercars.net\\\/blog\\\/wp-content\\\/uploads\\\/2019\\\/06\\\/avions-voisin-c25-aerodyne-e1560913678131-1.jpg\",\"width\":1761,\"height\":998},{\"@type\":\"WebSite\",\"@id\":\"https:\\\/\\\/www.supercars.net\\\/blog\\\/#website\",\"url\":\"https:\\\/\\\/www.supercars.net\\\/blog\\\/\",\"name\":\"Supercars.net\",\"description\":\"Exotic and Supercar news, information, pictures and videos\",\"potentialAction\":[{\"@type\":\"SearchAction\",\"target\":{\"@type\":\"EntryPoint\",\"urlTemplate\":\"https:\\\/\\\/www.supercars.net\\\/blog\\\/?s={search_term_string}\"},\"query-input\":{\"@type\":\"PropertyValueSpecification\",\"valueRequired\":true,\"valueName\":\"search_term_string\"}}],\"inLanguage\":\"en-US\"},{\"@type\":\"Person\",\"@id\":\"https:\\\/\\\/www.supercars.net\\\/blog\\\/#\\\/schema\\\/person\\\/02825f2c90f727d91e873a83f18cbd9f\",\"name\":\"Casey Annis\",\"image\":{\"@type\":\"ImageObject\",\"inLanguage\":\"en-US\",\"@id\":\"https:\\\/\\\/www.supercars.net\\\/blog\\\/wp-content\\\/uploads\\\/2022\\\/05\\\/CaseyMonaco-1-293x293.jpeg\",\"url\":\"https:\\\/\\\/www.supercars.net\\\/blog\\\/wp-content\\\/uploads\\\/2022\\\/05\\\/CaseyMonaco-1-293x293.jpeg\",\"contentUrl\":\"https:\\\/\\\/www.supercars.net\\\/blog\\\/wp-content\\\/uploads\\\/2022\\\/05\\\/CaseyMonaco-1-293x293.jpeg\",\"caption\":\"Casey Annis\"},\"description\":\"Casey M. Annis is the Founder and Editor of Vintage Racecar\\\/Vintage Roadcar magazine, the Petersen Museum\u2019s Finish Line and Petersen Quarterly, Alfa Owner, and The Oily Rag magazines. He founded Parabolica Publishing in 1997 after a career in biology, anatomy and neurobiology. Along with this passion for automobiles Casey is a long distance open-ocean paddleboard racer who\u2019s competed in the 32-mile Catalina to Manhattan Beach race and the 32-mile Molokai to Oahu race. Casey contributes and writes about the world of vintage road and race cars.\",\"sameAs\":[\"https:\\\/\\\/vintageracecar.com\\\/\"],\"url\":\"https:\\\/\\\/www.supercars.net\\\/blog\\\/author\\\/caseyannis-2\\\/\"}]}<\/script>\n<!-- \/ Yoast SEO plugin. -->","yoast_head_json":{"title":"Chantilly Concours (2019) - Exceptional Field","description":"Over 100 exceptional cars from all eras will be assembled at the Chateau de Chantilly for the 5th Concours Arts & Elegance Richard Mille.","robots":{"index":"index","follow":"follow","max-snippet":"max-snippet:-1","max-image-preview":"max-image-preview:large","max-video-preview":"max-video-preview:-1"},"canonical":"https:\/\/www.supercars.net\/blog\/exceptional-field-for-5th-chantilly-concour\/","next":"https:\/\/www.supercars.net\/blog\/exceptional-field-for-5th-chantilly-concour\/2\/","og_locale":"en_US","og_type":"article","og_title":"Chantilly Concours (2019) - Exceptional Field","og_description":"Over 100 exceptional cars from all eras will be assembled at the Chateau de Chantilly for the 5th Concours Arts & Elegance Richard Mille.","og_url":"https:\/\/www.supercars.net\/blog\/exceptional-field-for-5th-chantilly-concour\/","og_site_name":"Supercars.net","article_publisher":"https:\/\/www.facebook.com\/Supercars.net\/","article_published_time":"2019-06-19T03:18:27+00:00","article_modified_time":"2023-12-09T15:53:05+00:00","og_image":[{"width":1761,"height":998,"url":"https:\/\/www.supercars.net\/blog\/wp-content\/uploads\/2019\/06\/avions-voisin-c25-aerodyne-e1560913678131-1.jpg","type":"image\/jpeg"}],"author":"Casey Annis","twitter_card":"summary_large_image","twitter_creator":"@supercars_net","twitter_site":"@supercars_net","twitter_misc":{"Written by":"Casey Annis","Est. reading time":"8 minutes"},"schema":{"@context":"https:\/\/schema.org","@graph":[{"@type":"Article","@id":"https:\/\/www.supercars.net\/blog\/exceptional-field-for-5th-chantilly-concour\/#article","isPartOf":{"@id":"https:\/\/www.supercars.net\/blog\/exceptional-field-for-5th-chantilly-concour\/"},"author":{"name":"Casey Annis","@id":"https:\/\/www.supercars.net\/blog\/#\/schema\/person\/02825f2c90f727d91e873a83f18cbd9f"},"headline":"Chantilly Concours (2019) &#8211; Exceptional Field","datePublished":"2019-06-19T03:18:27+00:00","dateModified":"2023-12-09T15:53:05+00:00","mainEntityOfPage":{"@id":"https:\/\/www.supercars.net\/blog\/exceptional-field-for-5th-chantilly-concour\/"},"wordCount":1267,"commentCount":0,"image":{"@id":"https:\/\/www.supercars.net\/blog\/exceptional-field-for-5th-chantilly-concour\/#primaryimage"},"thumbnailUrl":"https:\/\/www.supercars.net\/blog\/wp-content\/uploads\/2019\/06\/avions-voisin-c25-aerodyne-e1560913678131-1.jpg","keywords":["Event (Car Events &amp; Shows)","Event (Chantilly Concours)","Event (Concours)"],"articleSection":["Car Events &amp; Shows","Concours Events"],"inLanguage":"en-US","potentialAction":[{"@type":"CommentAction","name":"Comment","target":["https:\/\/www.supercars.net\/blog\/exceptional-field-for-5th-chantilly-concour\/#respond"]}]},{"@type":"WebPage","@id":"https:\/\/www.supercars.net\/blog\/exceptional-field-for-5th-chantilly-concour\/","url":"https:\/\/www.supercars.net\/blog\/exceptional-field-for-5th-chantilly-concour\/","name":"Chantilly Concours (2019) - Exceptional Field","isPartOf":{"@id":"https:\/\/www.supercars.net\/blog\/#website"},"primaryImageOfPage":{"@id":"https:\/\/www.supercars.net\/blog\/exceptional-field-for-5th-chantilly-concour\/#primaryimage"},"image":{"@id":"https:\/\/www.supercars.net\/blog\/exceptional-field-for-5th-chantilly-concour\/#primaryimage"},"thumbnailUrl":"https:\/\/www.supercars.net\/blog\/wp-content\/uploads\/2019\/06\/avions-voisin-c25-aerodyne-e1560913678131-1.jpg","datePublished":"2019-06-19T03:18:27+00:00","dateModified":"2023-12-09T15:53:05+00:00","author":{"@id":"https:\/\/www.supercars.net\/blog\/#\/schema\/person\/02825f2c90f727d91e873a83f18cbd9f"},"description":"Over 100 exceptional cars from all eras will be assembled at the Chateau de Chantilly for the 5th Concours Arts & Elegance Richard Mille.","inLanguage":"en-US","potentialAction":[{"@type":"ReadAction","target":["https:\/\/www.supercars.net\/blog\/exceptional-field-for-5th-chantilly-concour\/"]}]},{"@type":"ImageObject","inLanguage":"en-US","@id":"https:\/\/www.supercars.net\/blog\/exceptional-field-for-5th-chantilly-concour\/#primaryimage","url":"https:\/\/www.supercars.net\/blog\/wp-content\/uploads\/2019\/06\/avions-voisin-c25-aerodyne-e1560913678131-1.jpg","contentUrl":"https:\/\/www.supercars.net\/blog\/wp-content\/uploads\/2019\/06\/avions-voisin-c25-aerodyne-e1560913678131-1.jpg","width":1761,"height":998},{"@type":"WebSite","@id":"https:\/\/www.supercars.net\/blog\/#website","url":"https:\/\/www.supercars.net\/blog\/","name":"Supercars.net","description":"Exotic and Supercar news, information, pictures and videos","potentialAction":[{"@type":"SearchAction","target":{"@type":"EntryPoint","urlTemplate":"https:\/\/www.supercars.net\/blog\/?s={search_term_string}"},"query-input":{"@type":"PropertyValueSpecification","valueRequired":true,"valueName":"search_term_string"}}],"inLanguage":"en-US"},{"@type":"Person","@id":"https:\/\/www.supercars.net\/blog\/#\/schema\/person\/02825f2c90f727d91e873a83f18cbd9f","name":"Casey Annis","image":{"@type":"ImageObject","inLanguage":"en-US","@id":"https:\/\/www.supercars.net\/blog\/wp-content\/uploads\/2022\/05\/CaseyMonaco-1-293x293.jpeg","url":"https:\/\/www.supercars.net\/blog\/wp-content\/uploads\/2022\/05\/CaseyMonaco-1-293x293.jpeg","contentUrl":"https:\/\/www.supercars.net\/blog\/wp-content\/uploads\/2022\/05\/CaseyMonaco-1-293x293.jpeg","caption":"Casey Annis"},"description":"Casey M. Annis is the Founder and Editor of Vintage Racecar\/Vintage Roadcar magazine, the Petersen Museum\u2019s Finish Line and Petersen Quarterly, Alfa Owner, and The Oily Rag magazines. He founded Parabolica Publishing in 1997 after a career in biology, anatomy and neurobiology. Along with this passion for automobiles Casey is a long distance open-ocean paddleboard racer who\u2019s competed in the 32-mile Catalina to Manhattan Beach race and the 32-mile Molokai to Oahu race. Casey contributes and writes about the world of vintage road and race cars.","sameAs":["https:\/\/vintageracecar.com\/"],"url":"https:\/\/www.supercars.net\/blog\/author\/caseyannis-2\/"}]}},"_links":{"self":[{"href":"https:\/\/www.supercars.net\/blog\/wp-json\/wp\/v2\/posts\/498242","targetHints":{"allow":["GET"]}}],"collection":[{"href":"https:\/\/www.supercars.net\/blog\/wp-json\/wp\/v2\/posts"}],"about":[{"href":"https:\/\/www.supercars.net\/blog\/wp-json\/wp\/v2\/types\/post"}],"author":[{"embeddable":true,"href":"https:\/\/www.supercars.net\/blog\/wp-json\/wp\/v2\/users\/54"}],"replies":[{"embeddable":true,"href":"https:\/\/www.supercars.net\/blog\/wp-json\/wp\/v2\/comments?post=498242"}],"version-history":[{"count":0,"href":"https:\/\/www.supercars.net\/blog\/wp-json\/wp\/v2\/posts\/498242\/revisions"}],"wp:featuredmedia":[{"embeddable":true,"href":"https:\/\/www.supercars.net\/blog\/wp-json\/wp\/v2\/media\/715819"}],"wp:attachment":[{"href":"https:\/\/www.supercars.net\/blog\/wp-json\/wp\/v2\/media?parent=498242"}],"wp:term":[{"taxonomy":"category","embeddable":true,"href":"https:\/\/www.supercars.net\/blog\/wp-json\/wp\/v2\/categories?post=498242"},{"taxonomy":"post_tag","embeddable":true,"href":"https:\/\/www.supercars.net\/blog\/wp-json\/wp\/v2\/tags?post=498242"}],"curies":[{"name":"wp","href":"https:\/\/api.w.org\/{rel}","templated":true}]}}