{"id":499547,"date":"2021-12-08T10:59:59","date_gmt":"2021-12-08T18:59:59","guid":{"rendered":"https:\/\/sportscardigest.com\/\/?p=125848"},"modified":"2024-02-01T06:05:42","modified_gmt":"2024-02-01T06:05:42","slug":"niello-concours-subscriber-photo-gallery-3","status":"publish","type":"post","link":"https:\/\/www.supercars.net\/blog\/niello-concours-subscriber-photo-gallery-3\/","title":{"rendered":"Niello Concours d&#8217;Elegance (2021) &#8211; Subscriber Only Photo Gallery"},"content":{"rendered":"<div class='memberful-global-teaser-content'>\n<p>Subscriber exclusive Photo Gallery from the Oct. 3, 2021, Niello Concours in El Dorado, CA.<\/p>\n<figure class='gallery-item'>\n<div class='gallery-icon landscape'>\n                <a href='https:\/\/www.supercars.net\/blog\/wp-content\/uploads\/2016\/03\/1087940-20481.jpg' class='tipi-lightbox'><br \/>\n\t\t\t\t<\/a><a href='https:\/\/www.supercars.net\/blog\/wp-content\/uploads\/2016\/03\/1087940-20481.jpg'><img decoding=\"async\" width=\"2048\" height=\"1365\" src=\"https:\/\/www.supercars.net\/blog\/wp-content\/uploads\/2016\/03\/1087940-20481.jpg\" class=\"attachment-full size-full\" alt=\"2014 Continental Tire Monterey Grand Prix, powered by Mazda-4\" srcset=\"https:\/\/www.supercars.net\/blog\/wp-content\/uploads\/2016\/03\/1087940-20481.jpg 2048w, https:\/\/www.supercars.net\/blog\/wp-content\/uploads\/2016\/03\/1087940-20481-300x200.jpg 300w, https:\/\/www.supercars.net\/blog\/wp-content\/uploads\/2016\/03\/1087940-20481-1024x683.jpg 1024w, https:\/\/www.supercars.net\/blog\/wp-content\/uploads\/2016\/03\/1087940-20481-100x67.jpg 100w, https:\/\/www.supercars.net\/blog\/wp-content\/uploads\/2016\/03\/1087940-20481-770x513.jpg 770w, https:\/\/www.supercars.net\/blog\/wp-content\/uploads\/2016\/03\/1087940-20481-1536x1024.jpg 1536w, https:\/\/www.supercars.net\/blog\/wp-content\/uploads\/2016\/03\/1087940-20481-360x240.jpg 360w, https:\/\/www.supercars.net\/blog\/wp-content\/uploads\/2016\/03\/1087940-20481-1155x770.jpg 1155w, https:\/\/www.supercars.net\/blog\/wp-content\/uploads\/2016\/03\/1087940-20481-370x247.jpg 370w, https:\/\/www.supercars.net\/blog\/wp-content\/uploads\/2016\/03\/1087940-20481-293x195.jpg 293w, https:\/\/www.supercars.net\/blog\/wp-content\/uploads\/2016\/03\/1087940-20481-1400x933.jpg 1400w\" sizes=\"(max-width: 2048px) 100vw, 2048px\" \/><\/a><\/p><\/div>\n<\/figure>\n<figure class='gallery-item'>\n<div class='gallery-icon landscape'>\n                <a href='https:\/\/www.supercars.net\/blog\/wp-content\/uploads\/2016\/03\/1059619-2048.jpg' class='tipi-lightbox'><br \/>\n\t\t\t\t<\/a><a href='https:\/\/www.supercars.net\/blog\/wp-content\/uploads\/2016\/03\/1059619-2048.jpg'><img decoding=\"async\" width=\"2048\" height=\"1363\" src=\"https:\/\/www.supercars.net\/blog\/wp-content\/uploads\/2016\/03\/1059619-2048.jpg\" class=\"attachment-full size-full\" alt=\"\" srcset=\"https:\/\/www.supercars.net\/blog\/wp-content\/uploads\/2016\/03\/1059619-2048.jpg 2048w, https:\/\/www.supercars.net\/blog\/wp-content\/uploads\/2016\/03\/1059619-2048-300x200.jpg 300w, https:\/\/www.supercars.net\/blog\/wp-content\/uploads\/2016\/03\/1059619-2048-1024x682.jpg 1024w, https:\/\/www.supercars.net\/blog\/wp-content\/uploads\/2016\/03\/1059619-2048-100x67.jpg 100w, https:\/\/www.supercars.net\/blog\/wp-content\/uploads\/2016\/03\/1059619-2048-770x512.jpg 770w, https:\/\/www.supercars.net\/blog\/wp-content\/uploads\/2016\/03\/1059619-2048-1536x1022.jpg 1536w, https:\/\/www.supercars.net\/blog\/wp-content\/uploads\/2016\/03\/1059619-2048-360x240.jpg 360w, https:\/\/www.supercars.net\/blog\/wp-content\/uploads\/2016\/03\/1059619-2048-1155x770.jpg 1155w, https:\/\/www.supercars.net\/blog\/wp-content\/uploads\/2016\/03\/1059619-2048-370x247.jpg 370w, https:\/\/www.supercars.net\/blog\/wp-content\/uploads\/2016\/03\/1059619-2048-293x195.jpg 293w, https:\/\/www.supercars.net\/blog\/wp-content\/uploads\/2016\/03\/1059619-2048-1400x932.jpg 1400w\" sizes=\"(max-width: 2048px) 100vw, 2048px\" \/><\/a><\/p><\/div>\n<div class='wp-caption-text gallery-caption'>\n                Sebastien Ogier (F), Julien Ingrassia (F)<br \/>\nVolkswagen Polo R WRC (2013)<br \/>\nWRC Rally Monte Carlo 2013\n                <\/div>\n<\/figure>\n<figure class='gallery-item'>\n<div class='gallery-icon landscape'>\n                <a href='https:\/\/www.supercars.net\/blog\/wp-content\/uploads\/2016\/03\/1063982-1536.jpg' class='tipi-lightbox'><br \/>\n\t\t\t\t<\/a><a href='https:\/\/www.supercars.net\/blog\/wp-content\/uploads\/2016\/03\/1063982-1536.jpg'><img decoding=\"async\" width=\"1536\" height=\"1024\" src=\"https:\/\/www.supercars.net\/blog\/wp-content\/uploads\/2016\/03\/1063982-1536.jpg\" class=\"attachment-full size-full\" alt=\"2013 6 Hours of Silverstone-1\" srcset=\"https:\/\/www.supercars.net\/blog\/wp-content\/uploads\/2016\/03\/1063982-1536.jpg 1536w, https:\/\/www.supercars.net\/blog\/wp-content\/uploads\/2016\/03\/1063982-1536-300x200.jpg 300w, https:\/\/www.supercars.net\/blog\/wp-content\/uploads\/2016\/03\/1063982-1536-1024x683.jpg 1024w, https:\/\/www.supercars.net\/blog\/wp-content\/uploads\/2016\/03\/1063982-1536-100x67.jpg 100w, https:\/\/www.supercars.net\/blog\/wp-content\/uploads\/2016\/03\/1063982-1536-770x513.jpg 770w, https:\/\/www.supercars.net\/blog\/wp-content\/uploads\/2016\/03\/1063982-1536-360x240.jpg 360w, https:\/\/www.supercars.net\/blog\/wp-content\/uploads\/2016\/03\/1063982-1536-1155x770.jpg 1155w, https:\/\/www.supercars.net\/blog\/wp-content\/uploads\/2016\/03\/1063982-1536-370x247.jpg 370w, https:\/\/www.supercars.net\/blog\/wp-content\/uploads\/2016\/03\/1063982-1536-293x195.jpg 293w, https:\/\/www.supercars.net\/blog\/wp-content\/uploads\/2016\/03\/1063982-1536-1400x933.jpg 1400w\" sizes=\"(max-width: 1536px) 100vw, 1536px\" \/><\/a><\/p><\/div>\n<div class='wp-caption-text gallery-caption'>\n                Audi R18 e-tron quattro #1 (Audi Sport Team Joest),<br \/>\nMarcel F\u00e4ssler (CH), Andr\u00e8 Lotterer (D), Beno\u00eet Tr\u00e9luyer (F)\n                <\/div>\n<\/figure>\n<figure class='gallery-item'>\n<div class='gallery-icon landscape'>\n                <a href='https:\/\/www.supercars.net\/blog\/wp-content\/uploads\/2016\/03\/1065790-2048.jpg' class='tipi-lightbox'><br \/>\n\t\t\t\t<\/a><a href='https:\/\/www.supercars.net\/blog\/wp-content\/uploads\/2016\/03\/1065790-2048.jpg'><img decoding=\"async\" width=\"2048\" height=\"1365\" src=\"https:\/\/www.supercars.net\/blog\/wp-content\/uploads\/2016\/03\/1065790-2048.jpg\" class=\"attachment-full size-full\" alt=\"41. ADAC Zurich 24h-Rennen\" srcset=\"https:\/\/www.supercars.net\/blog\/wp-content\/uploads\/2016\/03\/1065790-2048.jpg 2048w, https:\/\/www.supercars.net\/blog\/wp-content\/uploads\/2016\/03\/1065790-2048-300x200.jpg 300w, https:\/\/www.supercars.net\/blog\/wp-content\/uploads\/2016\/03\/1065790-2048-1024x683.jpg 1024w, https:\/\/www.supercars.net\/blog\/wp-content\/uploads\/2016\/03\/1065790-2048-100x67.jpg 100w, https:\/\/www.supercars.net\/blog\/wp-content\/uploads\/2016\/03\/1065790-2048-770x513.jpg 770w, https:\/\/www.supercars.net\/blog\/wp-content\/uploads\/2016\/03\/1065790-2048-1536x1024.jpg 1536w, https:\/\/www.supercars.net\/blog\/wp-content\/uploads\/2016\/03\/1065790-2048-360x240.jpg 360w, https:\/\/www.supercars.net\/blog\/wp-content\/uploads\/2016\/03\/1065790-2048-1155x770.jpg 1155w, https:\/\/www.supercars.net\/blog\/wp-content\/uploads\/2016\/03\/1065790-2048-370x247.jpg 370w, https:\/\/www.supercars.net\/blog\/wp-content\/uploads\/2016\/03\/1065790-2048-293x195.jpg 293w, https:\/\/www.supercars.net\/blog\/wp-content\/uploads\/2016\/03\/1065790-2048-1400x933.jpg 1400w\" sizes=\"(max-width: 2048px) 100vw, 2048px\" \/><\/a><\/p><\/div>\n<div class='wp-caption-text gallery-caption'>\n                Laurens Vanthoor \/ Edward Sandstroem \/ Christopher Mies \/ Christopher Haase (Belgian Audi Club Team WRT, Audi R8 LMS ultra, Startnummer 29), 41. ADAC Zurich 24h-Rennen Nuerburgring Nordschleife &#8211; 17.-20. Mai 2013 *** Local Caption *** Copyright ADAC Nordrhein \/ Thomas Suer\n                <\/div>\n<\/figure>\n<figure class='gallery-item'>\n<div class='gallery-icon landscape'>\n                <a href='https:\/\/www.supercars.net\/blog\/wp-content\/uploads\/2016\/03\/1059620-2048.jpg' class='tipi-lightbox'><br \/>\n\t\t\t\t<\/a><a href='https:\/\/www.supercars.net\/blog\/wp-content\/uploads\/2016\/03\/1059620-2048.jpg'><img decoding=\"async\" width=\"2048\" height=\"1365\" src=\"https:\/\/www.supercars.net\/blog\/wp-content\/uploads\/2016\/03\/1059620-2048.jpg\" class=\"attachment-full size-full\" alt=\"81e Rallye Monte-Carlo\" srcset=\"https:\/\/www.supercars.net\/blog\/wp-content\/uploads\/2016\/03\/1059620-2048.jpg 2048w, https:\/\/www.supercars.net\/blog\/wp-content\/uploads\/2016\/03\/1059620-2048-300x200.jpg 300w, https:\/\/www.supercars.net\/blog\/wp-content\/uploads\/2016\/03\/1059620-2048-1024x683.jpg 1024w, https:\/\/www.supercars.net\/blog\/wp-content\/uploads\/2016\/03\/1059620-2048-100x67.jpg 100w, https:\/\/www.supercars.net\/blog\/wp-content\/uploads\/2016\/03\/1059620-2048-770x513.jpg 770w, https:\/\/www.supercars.net\/blog\/wp-content\/uploads\/2016\/03\/1059620-2048-1536x1024.jpg 1536w, https:\/\/www.supercars.net\/blog\/wp-content\/uploads\/2016\/03\/1059620-2048-360x240.jpg 360w, https:\/\/www.supercars.net\/blog\/wp-content\/uploads\/2016\/03\/1059620-2048-1155x770.jpg 1155w, https:\/\/www.supercars.net\/blog\/wp-content\/uploads\/2016\/03\/1059620-2048-370x247.jpg 370w, https:\/\/www.supercars.net\/blog\/wp-content\/uploads\/2016\/03\/1059620-2048-293x195.jpg 293w, https:\/\/www.supercars.net\/blog\/wp-content\/uploads\/2016\/03\/1059620-2048-1400x933.jpg 1400w\" sizes=\"(max-width: 2048px) 100vw, 2048px\" \/><\/a><\/p><\/div>\n<div class='wp-caption-text gallery-caption'>\n                WORLD RALLY CHAMPIONSHIP 2013 &#8211; RALLYE MONTE-CARLO  VALENCE (FRA) MONACO (MC) WRC 15\/01\/2013 TO 20\/01\/2013 &#8211; PHOTO :  ANDRE LAVADINHO\n                <\/div>\n<\/figure>\n<figure class='gallery-item'>\n<div class='gallery-icon landscape'>\n                <a href='https:\/\/www.supercars.net\/blog\/wp-content\/uploads\/2016\/03\/1065464-2048.jpg' class='tipi-lightbox'><br \/>\n\t\t\t\t<\/a><a href='https:\/\/www.supercars.net\/blog\/wp-content\/uploads\/2016\/03\/1065464-2048.jpg'><img decoding=\"async\" width=\"2048\" height=\"1365\" src=\"https:\/\/www.supercars.net\/blog\/wp-content\/uploads\/2016\/03\/1065464-2048.jpg\" class=\"attachment-full size-full\" alt=\"2013 1000 Miglia\" srcset=\"https:\/\/www.supercars.net\/blog\/wp-content\/uploads\/2016\/03\/1065464-2048.jpg 2048w, https:\/\/www.supercars.net\/blog\/wp-content\/uploads\/2016\/03\/1065464-2048-300x200.jpg 300w, https:\/\/www.supercars.net\/blog\/wp-content\/uploads\/2016\/03\/1065464-2048-1024x683.jpg 1024w, https:\/\/www.supercars.net\/blog\/wp-content\/uploads\/2016\/03\/1065464-2048-100x67.jpg 100w, https:\/\/www.supercars.net\/blog\/wp-content\/uploads\/2016\/03\/1065464-2048-770x513.jpg 770w, https:\/\/www.supercars.net\/blog\/wp-content\/uploads\/2016\/03\/1065464-2048-1536x1024.jpg 1536w, https:\/\/www.supercars.net\/blog\/wp-content\/uploads\/2016\/03\/1065464-2048-360x240.jpg 360w, https:\/\/www.supercars.net\/blog\/wp-content\/uploads\/2016\/03\/1065464-2048-1155x770.jpg 1155w, https:\/\/www.supercars.net\/blog\/wp-content\/uploads\/2016\/03\/1065464-2048-370x247.jpg 370w, https:\/\/www.supercars.net\/blog\/wp-content\/uploads\/2016\/03\/1065464-2048-293x195.jpg 293w, https:\/\/www.supercars.net\/blog\/wp-content\/uploads\/2016\/03\/1065464-2048-1400x933.jpg 1400w\" sizes=\"(max-width: 2048px) 100vw, 2048px\" \/><\/a><\/p><\/div>\n<\/figure>\n<figure class='gallery-item'>\n<div class='gallery-icon landscape'>\n                <a href='https:\/\/www.supercars.net\/blog\/wp-content\/uploads\/2016\/03\/1063983-1536.jpg' class='tipi-lightbox'><br \/>\n\t\t\t\t<\/a><a href='https:\/\/www.supercars.net\/blog\/wp-content\/uploads\/2016\/03\/1063983-1536.jpg'><img decoding=\"async\" width=\"1536\" height=\"1024\" src=\"https:\/\/www.supercars.net\/blog\/wp-content\/uploads\/2016\/03\/1063983-1536.jpg\" class=\"attachment-full size-full\" alt=\"2013 6 Hours of Silverstone-1\" srcset=\"https:\/\/www.supercars.net\/blog\/wp-content\/uploads\/2016\/03\/1063983-1536.jpg 1536w, https:\/\/www.supercars.net\/blog\/wp-content\/uploads\/2016\/03\/1063983-1536-300x200.jpg 300w, https:\/\/www.supercars.net\/blog\/wp-content\/uploads\/2016\/03\/1063983-1536-1024x683.jpg 1024w, https:\/\/www.supercars.net\/blog\/wp-content\/uploads\/2016\/03\/1063983-1536-100x67.jpg 100w, https:\/\/www.supercars.net\/blog\/wp-content\/uploads\/2016\/03\/1063983-1536-770x513.jpg 770w, https:\/\/www.supercars.net\/blog\/wp-content\/uploads\/2016\/03\/1063983-1536-360x240.jpg 360w, https:\/\/www.supercars.net\/blog\/wp-content\/uploads\/2016\/03\/1063983-1536-1155x770.jpg 1155w, https:\/\/www.supercars.net\/blog\/wp-content\/uploads\/2016\/03\/1063983-1536-370x247.jpg 370w, https:\/\/www.supercars.net\/blog\/wp-content\/uploads\/2016\/03\/1063983-1536-293x195.jpg 293w, https:\/\/www.supercars.net\/blog\/wp-content\/uploads\/2016\/03\/1063983-1536-1400x933.jpg 1400w\" sizes=\"(max-width: 1536px) 100vw, 1536px\" \/><\/a><\/p><\/div>\n<div class='wp-caption-text gallery-caption'>\n                WEC 6h Silverstone 2013<br \/>\nAudi R18 e-tron quattro #1 (Audi Sport Team Joest),<br \/>\nMarcel F\u00e4ssler (CH), Andr\u00e8 Lotterer (D), Beno\u00eet Tr\u00e9luyer (F)\n                <\/div>\n<\/figure>\n<figure class='gallery-item'>\n<div class='gallery-icon landscape'>\n                <a href='https:\/\/www.supercars.net\/blog\/wp-content\/uploads\/2016\/03\/1065791-2048.jpg' class='tipi-lightbox'><br \/>\n\t\t\t\t<\/a><a href='https:\/\/www.supercars.net\/blog\/wp-content\/uploads\/2016\/03\/1065791-2048.jpg'><img decoding=\"async\" width=\"2048\" height=\"1365\" src=\"https:\/\/www.supercars.net\/blog\/wp-content\/uploads\/2016\/03\/1065791-2048.jpg\" class=\"attachment-full size-full\" alt=\"41. ADAC Zurich 24h-Rennen\" srcset=\"https:\/\/www.supercars.net\/blog\/wp-content\/uploads\/2016\/03\/1065791-2048.jpg 2048w, https:\/\/www.supercars.net\/blog\/wp-content\/uploads\/2016\/03\/1065791-2048-300x200.jpg 300w, https:\/\/www.supercars.net\/blog\/wp-content\/uploads\/2016\/03\/1065791-2048-1024x683.jpg 1024w, https:\/\/www.supercars.net\/blog\/wp-content\/uploads\/2016\/03\/1065791-2048-100x67.jpg 100w, https:\/\/www.supercars.net\/blog\/wp-content\/uploads\/2016\/03\/1065791-2048-770x513.jpg 770w, https:\/\/www.supercars.net\/blog\/wp-content\/uploads\/2016\/03\/1065791-2048-1536x1024.jpg 1536w, https:\/\/www.supercars.net\/blog\/wp-content\/uploads\/2016\/03\/1065791-2048-360x240.jpg 360w, https:\/\/www.supercars.net\/blog\/wp-content\/uploads\/2016\/03\/1065791-2048-1155x770.jpg 1155w, https:\/\/www.supercars.net\/blog\/wp-content\/uploads\/2016\/03\/1065791-2048-370x247.jpg 370w, https:\/\/www.supercars.net\/blog\/wp-content\/uploads\/2016\/03\/1065791-2048-293x195.jpg 293w, https:\/\/www.supercars.net\/blog\/wp-content\/uploads\/2016\/03\/1065791-2048-1400x933.jpg 1400w\" sizes=\"(max-width: 2048px) 100vw, 2048px\" \/><\/a><\/p><\/div>\n<div class='wp-caption-text gallery-caption'>\n                Rudi Speich \/ Roland Waschkau (MSC Sinzig e. V. i. ADAC, Audi TT, Startnummer 118), 41. ADAC Zurich 24h-Rennen Nuerburgring Nordschleife &#8211; 17.-20. Mai 2013 *** Local Caption *** Copyright ADAC Nordrhein \/ Thomas Suer\n                <\/div>\n<\/figure>\n<figure class='gallery-item'>\n<div class='gallery-icon landscape'>\n                <a href='https:\/\/www.supercars.net\/blog\/wp-content\/uploads\/2016\/03\/1084050-2048.jpg' class='tipi-lightbox'><br \/>\n\t\t\t\t<\/a><a href='https:\/\/www.supercars.net\/blog\/wp-content\/uploads\/2016\/03\/1084050-2048.jpg'><img decoding=\"async\" width=\"2048\" height=\"1365\" src=\"https:\/\/www.supercars.net\/blog\/wp-content\/uploads\/2016\/03\/1084050-2048.jpg\" class=\"attachment-full size-full\" alt=\"2014 Amelia Island Concours d&#039;Elegance-39\" srcset=\"https:\/\/www.supercars.net\/blog\/wp-content\/uploads\/2016\/03\/1084050-2048.jpg 2048w, https:\/\/www.supercars.net\/blog\/wp-content\/uploads\/2016\/03\/1084050-2048-300x200.jpg 300w, https:\/\/www.supercars.net\/blog\/wp-content\/uploads\/2016\/03\/1084050-2048-1024x683.jpg 1024w, https:\/\/www.supercars.net\/blog\/wp-content\/uploads\/2016\/03\/1084050-2048-100x67.jpg 100w, https:\/\/www.supercars.net\/blog\/wp-content\/uploads\/2016\/03\/1084050-2048-770x513.jpg 770w, https:\/\/www.supercars.net\/blog\/wp-content\/uploads\/2016\/03\/1084050-2048-1536x1024.jpg 1536w, https:\/\/www.supercars.net\/blog\/wp-content\/uploads\/2016\/03\/1084050-2048-360x240.jpg 360w, https:\/\/www.supercars.net\/blog\/wp-content\/uploads\/2016\/03\/1084050-2048-1155x770.jpg 1155w, https:\/\/www.supercars.net\/blog\/wp-content\/uploads\/2016\/03\/1084050-2048-370x247.jpg 370w, https:\/\/www.supercars.net\/blog\/wp-content\/uploads\/2016\/03\/1084050-2048-293x195.jpg 293w, https:\/\/www.supercars.net\/blog\/wp-content\/uploads\/2016\/03\/1084050-2048-1400x933.jpg 1400w\" sizes=\"(max-width: 2048px) 100vw, 2048px\" \/><\/a><\/p><\/div>\n<\/figure>\n<figure class='gallery-item'>\n<div class='gallery-icon landscape'>\n                <a href='https:\/\/www.supercars.net\/blog\/wp-content\/uploads\/2016\/03\/1059622-2048.jpg' class='tipi-lightbox'><br \/>\n\t\t\t\t<\/a><a href='https:\/\/www.supercars.net\/blog\/wp-content\/uploads\/2016\/03\/1059622-2048.jpg'><img decoding=\"async\" width=\"2048\" height=\"1365\" src=\"https:\/\/www.supercars.net\/blog\/wp-content\/uploads\/2016\/03\/1059622-2048.jpg\" class=\"attachment-full size-full\" alt=\"81e Rallye Monte-Carlo\" srcset=\"https:\/\/www.supercars.net\/blog\/wp-content\/uploads\/2016\/03\/1059622-2048.jpg 2048w, https:\/\/www.supercars.net\/blog\/wp-content\/uploads\/2016\/03\/1059622-2048-300x200.jpg 300w, https:\/\/www.supercars.net\/blog\/wp-content\/uploads\/2016\/03\/1059622-2048-1024x683.jpg 1024w, https:\/\/www.supercars.net\/blog\/wp-content\/uploads\/2016\/03\/1059622-2048-100x67.jpg 100w, https:\/\/www.supercars.net\/blog\/wp-content\/uploads\/2016\/03\/1059622-2048-770x513.jpg 770w, https:\/\/www.supercars.net\/blog\/wp-content\/uploads\/2016\/03\/1059622-2048-1536x1024.jpg 1536w, https:\/\/www.supercars.net\/blog\/wp-content\/uploads\/2016\/03\/1059622-2048-360x240.jpg 360w, https:\/\/www.supercars.net\/blog\/wp-content\/uploads\/2016\/03\/1059622-2048-1155x770.jpg 1155w, https:\/\/www.supercars.net\/blog\/wp-content\/uploads\/2016\/03\/1059622-2048-370x247.jpg 370w, https:\/\/www.supercars.net\/blog\/wp-content\/uploads\/2016\/03\/1059622-2048-293x195.jpg 293w, https:\/\/www.supercars.net\/blog\/wp-content\/uploads\/2016\/03\/1059622-2048-1400x933.jpg 1400w\" sizes=\"(max-width: 2048px) 100vw, 2048px\" \/><\/a><\/p><\/div>\n<div class='wp-caption-text gallery-caption'>\n                WORLD RALLY CHAMPIONSHIP 2013 &#8211; RALLYE MONTE-CARLO  VALENCE (FRA) MONACO (MC) WRC 15\/01\/2013 TO 20\/01\/2013 &#8211; PHOTO :  ANDRE LAVADINHO\n                <\/div>\n<\/figure>\n<p><!--nextpage--><\/p>\n<\/div>\n<style>\n        .memberful-global-teaser-content p:last-child{\n            -webkit-mask-image: linear-gradient(180deg, #000 0%, transparent);\n            mask-image: linear-gradient(180deg, #000 0%, transparent);\n        }\n    <\/style>\n<div class='memberful-global-marketing-content'>\n<div class=\"a07online-global-marketing-content-wrapper\">\n<h2 class=\"a07online-global-marketing-title\">No Subscription? You&#8217;re missing out<\/h2>\n<p class=\"a07online-global-marketing-content\">Any Text Here<\/p>\n<p><a class=\"a07online-global-marketing-prompt\" href=\"https:\/\/supercars.memberful.com\/checkout?plan=86696\">Get Started<\/a><\/p>\n<div class=\"a07online-global-marketing-signin\">\n<h4 class=\"a07online-global-marketing-signin\">Already a Member? <a href=\"https:\/\/supercars.memberful.com\/account\">Sign in to your account here<\/a>.<\/h4>\n<\/div>\n<\/div>\n<\/div>\n","protected":false},"excerpt":{"rendered":"<p>Subscriber exclusive Photo Gallery from the Oct. 3, 2021, Niello Concours in El Dorado, CA. Sebastien Ogier (F), Julien Ingrassia (F) Volkswagen Polo R WRC (2013) WRC Rally Monte Carlo 2013 Audi R18 e-tron quattro #1 (Audi Sport Team Joest), Marcel F\u00e4ssler (CH), Andr\u00e8 Lotterer (D), Beno\u00eet Tr\u00e9luyer (F) Laurens Vanthoor \/ Edward Sandstroem \/ Christopher Mies \/ Christopher Haase (Belgian Audi Club Team WRT, Audi R8 LMS ultra, Startnummer 29), 41. ADAC Zurich 24h-Rennen Nuerburgring Nordschleife &#8211; 17.-20. Mai [&hellip;]<\/p>\n","protected":false},"author":172,"featured_media":809650,"comment_status":"open","ping_status":"closed","sticky":false,"template":"","format":"standard","meta":{"footnotes":""},"categories":[260,17565,11272],"tags":[432,16912,15812,17140],"class_list":["post-499547","post","type-post","status-publish","format-standard","has-post-thumbnail","hentry","category-car-events","category-concours-events","category-members-only","tag-events","tag-events-concours","tag-niello-concours","tag-members-only"],"yoast_head":"<!-- This site is optimized with the Yoast SEO plugin v27.5 - https:\/\/yoast.com\/product\/yoast-seo-wordpress\/ -->\n<title>Niello Concours d&#039;Elegance (2021) - Subscriber Only Photo Gallery<\/title>\n<meta name=\"description\" content=\"Subscriber exclusive Photo Gallery from the Oct. 3, 2021, Niello Concours in El Dorado, CA.\" \/>\n<meta name=\"robots\" content=\"index, follow, max-snippet:-1, max-image-preview:large, max-video-preview:-1\" \/>\n<link rel=\"canonical\" href=\"https:\/\/www.supercars.net\/blog\/niello-concours-subscriber-photo-gallery-3\/\" \/>\n<link rel=\"next\" href=\"https:\/\/www.supercars.net\/blog\/niello-concours-subscriber-photo-gallery-3\/2\/\" \/>\n<meta property=\"og:locale\" content=\"en_US\" \/>\n<meta property=\"og:type\" content=\"article\" \/>\n<meta property=\"og:title\" content=\"Niello Concours d&#039;Elegance (2021) - Subscriber Only Photo Gallery\" \/>\n<meta property=\"og:description\" content=\"Subscriber exclusive Photo Gallery from the Oct. 3, 2021, Niello Concours in El Dorado, CA.\" \/>\n<meta property=\"og:url\" content=\"https:\/\/www.supercars.net\/blog\/niello-concours-subscriber-photo-gallery-3\/\" \/>\n<meta property=\"og:site_name\" content=\"Supercars.net\" \/>\n<meta property=\"article:publisher\" content=\"https:\/\/www.facebook.com\/Supercars.net\/\" \/>\n<meta property=\"article:author\" content=\"https:\/\/www.facebook.com\/steve.natale1\" \/>\n<meta property=\"article:published_time\" content=\"2021-12-08T18:59:59+00:00\" \/>\n<meta property=\"article:modified_time\" content=\"2024-02-01T06:05:42+00:00\" \/>\n<meta property=\"og:image\" content=\"https:\/\/www.supercars.net\/blog\/wp-content\/uploads\/2021\/12\/Niello-Concours-2021-17-e1638989604938.jpg\" \/>\n\t<meta property=\"og:image:width\" content=\"1500\" \/>\n\t<meta property=\"og:image:height\" content=\"765\" \/>\n\t<meta property=\"og:image:type\" content=\"image\/jpeg\" \/>\n<meta name=\"author\" content=\"Steve Natale\" \/>\n<meta name=\"twitter:card\" content=\"summary_large_image\" \/>\n<meta name=\"twitter:creator\" content=\"@supercars_net\" \/>\n<meta name=\"twitter:site\" content=\"@supercars_net\" \/>\n<meta name=\"twitter:label1\" content=\"Written by\" \/>\n\t<meta name=\"twitter:data1\" content=\"Steve Natale\" \/>\n\t<meta name=\"twitter:label2\" content=\"Est. reading time\" \/>\n\t<meta name=\"twitter:data2\" content=\"1 minute\" \/>\n<script type=\"application\/ld+json\" class=\"yoast-schema-graph\">{\"@context\":\"https:\\\/\\\/schema.org\",\"@graph\":[{\"@type\":\"Article\",\"@id\":\"https:\\\/\\\/www.supercars.net\\\/blog\\\/niello-concours-subscriber-photo-gallery-3\\\/#article\",\"isPartOf\":{\"@id\":\"https:\\\/\\\/www.supercars.net\\\/blog\\\/niello-concours-subscriber-photo-gallery-3\\\/\"},\"author\":{\"name\":\"Steve Natale\",\"@id\":\"https:\\\/\\\/www.supercars.net\\\/blog\\\/#\\\/schema\\\/person\\\/237befa83e8e5937247db55880b8cc49\"},\"headline\":\"Niello Concours d&#8217;Elegance (2021) &#8211; Subscriber Only Photo Gallery\",\"datePublished\":\"2021-12-08T18:59:59+00:00\",\"dateModified\":\"2024-02-01T06:05:42+00:00\",\"mainEntityOfPage\":{\"@id\":\"https:\\\/\\\/www.supercars.net\\\/blog\\\/niello-concours-subscriber-photo-gallery-3\\\/\"},\"wordCount\":49,\"commentCount\":0,\"image\":{\"@id\":\"https:\\\/\\\/www.supercars.net\\\/blog\\\/niello-concours-subscriber-photo-gallery-3\\\/#primaryimage\"},\"thumbnailUrl\":\"https:\\\/\\\/www.supercars.net\\\/blog\\\/wp-content\\\/uploads\\\/2021\\\/12\\\/Niello-Concours-2021-17-e1638989604938.jpg\",\"keywords\":[\"Event (Car Events &amp; Shows)\",\"Event (Concours)\",\"Event (Niello Concours)\",\"Members Only\"],\"articleSection\":[\"Car Events &amp; Shows\",\"Concours Events\",\"Members Only\"],\"inLanguage\":\"en-US\",\"potentialAction\":[{\"@type\":\"CommentAction\",\"name\":\"Comment\",\"target\":[\"https:\\\/\\\/www.supercars.net\\\/blog\\\/niello-concours-subscriber-photo-gallery-3\\\/#respond\"]}]},{\"@type\":\"WebPage\",\"@id\":\"https:\\\/\\\/www.supercars.net\\\/blog\\\/niello-concours-subscriber-photo-gallery-3\\\/\",\"url\":\"https:\\\/\\\/www.supercars.net\\\/blog\\\/niello-concours-subscriber-photo-gallery-3\\\/\",\"name\":\"Niello Concours d'Elegance (2021) - Subscriber Only Photo Gallery\",\"isPartOf\":{\"@id\":\"https:\\\/\\\/www.supercars.net\\\/blog\\\/#website\"},\"primaryImageOfPage\":{\"@id\":\"https:\\\/\\\/www.supercars.net\\\/blog\\\/niello-concours-subscriber-photo-gallery-3\\\/#primaryimage\"},\"image\":{\"@id\":\"https:\\\/\\\/www.supercars.net\\\/blog\\\/niello-concours-subscriber-photo-gallery-3\\\/#primaryimage\"},\"thumbnailUrl\":\"https:\\\/\\\/www.supercars.net\\\/blog\\\/wp-content\\\/uploads\\\/2021\\\/12\\\/Niello-Concours-2021-17-e1638989604938.jpg\",\"datePublished\":\"2021-12-08T18:59:59+00:00\",\"dateModified\":\"2024-02-01T06:05:42+00:00\",\"author\":{\"@id\":\"https:\\\/\\\/www.supercars.net\\\/blog\\\/#\\\/schema\\\/person\\\/237befa83e8e5937247db55880b8cc49\"},\"description\":\"Subscriber exclusive Photo Gallery from the Oct. 3, 2021, Niello Concours in El Dorado, CA.\",\"inLanguage\":\"en-US\",\"potentialAction\":[{\"@type\":\"ReadAction\",\"target\":[\"https:\\\/\\\/www.supercars.net\\\/blog\\\/niello-concours-subscriber-photo-gallery-3\\\/\"]}]},{\"@type\":\"ImageObject\",\"inLanguage\":\"en-US\",\"@id\":\"https:\\\/\\\/www.supercars.net\\\/blog\\\/niello-concours-subscriber-photo-gallery-3\\\/#primaryimage\",\"url\":\"https:\\\/\\\/www.supercars.net\\\/blog\\\/wp-content\\\/uploads\\\/2021\\\/12\\\/Niello-Concours-2021-17-e1638989604938.jpg\",\"contentUrl\":\"https:\\\/\\\/www.supercars.net\\\/blog\\\/wp-content\\\/uploads\\\/2021\\\/12\\\/Niello-Concours-2021-17-e1638989604938.jpg\",\"width\":1500,\"height\":765,\"caption\":\"1974 BMW 3.0 CS Douglas Cook\"},{\"@type\":\"WebSite\",\"@id\":\"https:\\\/\\\/www.supercars.net\\\/blog\\\/#website\",\"url\":\"https:\\\/\\\/www.supercars.net\\\/blog\\\/\",\"name\":\"Supercars.net\",\"description\":\"Exotic and Supercar news, information, pictures and videos\",\"potentialAction\":[{\"@type\":\"SearchAction\",\"target\":{\"@type\":\"EntryPoint\",\"urlTemplate\":\"https:\\\/\\\/www.supercars.net\\\/blog\\\/?s={search_term_string}\"},\"query-input\":{\"@type\":\"PropertyValueSpecification\",\"valueRequired\":true,\"valueName\":\"search_term_string\"}}],\"inLanguage\":\"en-US\"},{\"@type\":\"Person\",\"@id\":\"https:\\\/\\\/www.supercars.net\\\/blog\\\/#\\\/schema\\\/person\\\/237befa83e8e5937247db55880b8cc49\",\"name\":\"Steve Natale\",\"image\":{\"@type\":\"ImageObject\",\"inLanguage\":\"en-US\",\"@id\":\"https:\\\/\\\/www.supercars.net\\\/blog\\\/wp-content\\\/uploads\\\/2023\\\/10\\\/Steve-Natale-100x100.png\",\"url\":\"https:\\\/\\\/www.supercars.net\\\/blog\\\/wp-content\\\/uploads\\\/2023\\\/10\\\/Steve-Natale-100x100.png\",\"contentUrl\":\"https:\\\/\\\/www.supercars.net\\\/blog\\\/wp-content\\\/uploads\\\/2023\\\/10\\\/Steve-Natale-100x100.png\",\"caption\":\"Steve Natale\"},\"description\":\"Steve Natale has been playing with cars ever since he was old enough to first hold a matchbox car in his hand. A lifelong enthusiast of anything old with an engine in it or wheels on it, Steve has been active in the hobby for over 35 years. Currently he owns a successful marketing company with his wife Mary, is an automotive photographer, blogger and writer for several automotive magazines and regular contributor to various automotive websites. Steve has attended vintage car events and visited car museums and collections around the world.\",\"sameAs\":[\"https:\\\/\\\/stevenatale.com\\\/\",\"https:\\\/\\\/www.facebook.com\\\/steve.natale1\",\"https:\\\/\\\/www.instagram.com\\\/stevenatale\\\/\",\"https:\\\/\\\/www.youtube.com\\\/@SteveNatale\\\/videos\"],\"url\":\"https:\\\/\\\/www.supercars.net\\\/blog\\\/author\\\/steve100530\\\/\"}]}<\/script>\n<!-- \/ Yoast SEO plugin. -->","yoast_head_json":{"title":"Niello Concours d'Elegance (2021) - Subscriber Only Photo Gallery","description":"Subscriber exclusive Photo Gallery from the Oct. 3, 2021, Niello Concours in El Dorado, CA.","robots":{"index":"index","follow":"follow","max-snippet":"max-snippet:-1","max-image-preview":"max-image-preview:large","max-video-preview":"max-video-preview:-1"},"canonical":"https:\/\/www.supercars.net\/blog\/niello-concours-subscriber-photo-gallery-3\/","next":"https:\/\/www.supercars.net\/blog\/niello-concours-subscriber-photo-gallery-3\/2\/","og_locale":"en_US","og_type":"article","og_title":"Niello Concours d'Elegance (2021) - Subscriber Only Photo Gallery","og_description":"Subscriber exclusive Photo Gallery from the Oct. 3, 2021, Niello Concours in El Dorado, CA.","og_url":"https:\/\/www.supercars.net\/blog\/niello-concours-subscriber-photo-gallery-3\/","og_site_name":"Supercars.net","article_publisher":"https:\/\/www.facebook.com\/Supercars.net\/","article_author":"https:\/\/www.facebook.com\/steve.natale1","article_published_time":"2021-12-08T18:59:59+00:00","article_modified_time":"2024-02-01T06:05:42+00:00","og_image":[{"width":1500,"height":765,"url":"https:\/\/www.supercars.net\/blog\/wp-content\/uploads\/2021\/12\/Niello-Concours-2021-17-e1638989604938.jpg","type":"image\/jpeg"}],"author":"Steve Natale","twitter_card":"summary_large_image","twitter_creator":"@supercars_net","twitter_site":"@supercars_net","twitter_misc":{"Written by":"Steve Natale","Est. reading time":"1 minute"},"schema":{"@context":"https:\/\/schema.org","@graph":[{"@type":"Article","@id":"https:\/\/www.supercars.net\/blog\/niello-concours-subscriber-photo-gallery-3\/#article","isPartOf":{"@id":"https:\/\/www.supercars.net\/blog\/niello-concours-subscriber-photo-gallery-3\/"},"author":{"name":"Steve Natale","@id":"https:\/\/www.supercars.net\/blog\/#\/schema\/person\/237befa83e8e5937247db55880b8cc49"},"headline":"Niello Concours d&#8217;Elegance (2021) &#8211; Subscriber Only Photo Gallery","datePublished":"2021-12-08T18:59:59+00:00","dateModified":"2024-02-01T06:05:42+00:00","mainEntityOfPage":{"@id":"https:\/\/www.supercars.net\/blog\/niello-concours-subscriber-photo-gallery-3\/"},"wordCount":49,"commentCount":0,"image":{"@id":"https:\/\/www.supercars.net\/blog\/niello-concours-subscriber-photo-gallery-3\/#primaryimage"},"thumbnailUrl":"https:\/\/www.supercars.net\/blog\/wp-content\/uploads\/2021\/12\/Niello-Concours-2021-17-e1638989604938.jpg","keywords":["Event (Car Events &amp; Shows)","Event (Concours)","Event (Niello Concours)","Members Only"],"articleSection":["Car Events &amp; Shows","Concours Events","Members Only"],"inLanguage":"en-US","potentialAction":[{"@type":"CommentAction","name":"Comment","target":["https:\/\/www.supercars.net\/blog\/niello-concours-subscriber-photo-gallery-3\/#respond"]}]},{"@type":"WebPage","@id":"https:\/\/www.supercars.net\/blog\/niello-concours-subscriber-photo-gallery-3\/","url":"https:\/\/www.supercars.net\/blog\/niello-concours-subscriber-photo-gallery-3\/","name":"Niello Concours d'Elegance (2021) - Subscriber Only Photo Gallery","isPartOf":{"@id":"https:\/\/www.supercars.net\/blog\/#website"},"primaryImageOfPage":{"@id":"https:\/\/www.supercars.net\/blog\/niello-concours-subscriber-photo-gallery-3\/#primaryimage"},"image":{"@id":"https:\/\/www.supercars.net\/blog\/niello-concours-subscriber-photo-gallery-3\/#primaryimage"},"thumbnailUrl":"https:\/\/www.supercars.net\/blog\/wp-content\/uploads\/2021\/12\/Niello-Concours-2021-17-e1638989604938.jpg","datePublished":"2021-12-08T18:59:59+00:00","dateModified":"2024-02-01T06:05:42+00:00","author":{"@id":"https:\/\/www.supercars.net\/blog\/#\/schema\/person\/237befa83e8e5937247db55880b8cc49"},"description":"Subscriber exclusive Photo Gallery from the Oct. 3, 2021, Niello Concours in El Dorado, CA.","inLanguage":"en-US","potentialAction":[{"@type":"ReadAction","target":["https:\/\/www.supercars.net\/blog\/niello-concours-subscriber-photo-gallery-3\/"]}]},{"@type":"ImageObject","inLanguage":"en-US","@id":"https:\/\/www.supercars.net\/blog\/niello-concours-subscriber-photo-gallery-3\/#primaryimage","url":"https:\/\/www.supercars.net\/blog\/wp-content\/uploads\/2021\/12\/Niello-Concours-2021-17-e1638989604938.jpg","contentUrl":"https:\/\/www.supercars.net\/blog\/wp-content\/uploads\/2021\/12\/Niello-Concours-2021-17-e1638989604938.jpg","width":1500,"height":765,"caption":"1974 BMW 3.0 CS Douglas Cook"},{"@type":"WebSite","@id":"https:\/\/www.supercars.net\/blog\/#website","url":"https:\/\/www.supercars.net\/blog\/","name":"Supercars.net","description":"Exotic and Supercar news, information, pictures and videos","potentialAction":[{"@type":"SearchAction","target":{"@type":"EntryPoint","urlTemplate":"https:\/\/www.supercars.net\/blog\/?s={search_term_string}"},"query-input":{"@type":"PropertyValueSpecification","valueRequired":true,"valueName":"search_term_string"}}],"inLanguage":"en-US"},{"@type":"Person","@id":"https:\/\/www.supercars.net\/blog\/#\/schema\/person\/237befa83e8e5937247db55880b8cc49","name":"Steve Natale","image":{"@type":"ImageObject","inLanguage":"en-US","@id":"https:\/\/www.supercars.net\/blog\/wp-content\/uploads\/2023\/10\/Steve-Natale-100x100.png","url":"https:\/\/www.supercars.net\/blog\/wp-content\/uploads\/2023\/10\/Steve-Natale-100x100.png","contentUrl":"https:\/\/www.supercars.net\/blog\/wp-content\/uploads\/2023\/10\/Steve-Natale-100x100.png","caption":"Steve Natale"},"description":"Steve Natale has been playing with cars ever since he was old enough to first hold a matchbox car in his hand. A lifelong enthusiast of anything old with an engine in it or wheels on it, Steve has been active in the hobby for over 35 years. Currently he owns a successful marketing company with his wife Mary, is an automotive photographer, blogger and writer for several automotive magazines and regular contributor to various automotive websites. Steve has attended vintage car events and visited car museums and collections around the world.","sameAs":["https:\/\/stevenatale.com\/","https:\/\/www.facebook.com\/steve.natale1","https:\/\/www.instagram.com\/stevenatale\/","https:\/\/www.youtube.com\/@SteveNatale\/videos"],"url":"https:\/\/www.supercars.net\/blog\/author\/steve100530\/"}]}},"_links":{"self":[{"href":"https:\/\/www.supercars.net\/blog\/wp-json\/wp\/v2\/posts\/499547","targetHints":{"allow":["GET"]}}],"collection":[{"href":"https:\/\/www.supercars.net\/blog\/wp-json\/wp\/v2\/posts"}],"about":[{"href":"https:\/\/www.supercars.net\/blog\/wp-json\/wp\/v2\/types\/post"}],"author":[{"embeddable":true,"href":"https:\/\/www.supercars.net\/blog\/wp-json\/wp\/v2\/users\/172"}],"replies":[{"embeddable":true,"href":"https:\/\/www.supercars.net\/blog\/wp-json\/wp\/v2\/comments?post=499547"}],"version-history":[{"count":0,"href":"https:\/\/www.supercars.net\/blog\/wp-json\/wp\/v2\/posts\/499547\/revisions"}],"wp:featuredmedia":[{"embeddable":true,"href":"https:\/\/www.supercars.net\/blog\/wp-json\/wp\/v2\/media\/809650"}],"wp:attachment":[{"href":"https:\/\/www.supercars.net\/blog\/wp-json\/wp\/v2\/media?parent=499547"}],"wp:term":[{"taxonomy":"category","embeddable":true,"href":"https:\/\/www.supercars.net\/blog\/wp-json\/wp\/v2\/categories?post=499547"},{"taxonomy":"post_tag","embeddable":true,"href":"https:\/\/www.supercars.net\/blog\/wp-json\/wp\/v2\/tags?post=499547"}],"curies":[{"name":"wp","href":"https:\/\/api.w.org\/{rel}","templated":true}]}}