{"id":499549,"date":"2021-12-09T12:04:34","date_gmt":"2021-12-09T12:04:34","guid":{"rendered":"https:\/\/sportscardigest.com\/\/?p=125894"},"modified":"2024-02-01T06:08:12","modified_gmt":"2024-02-01T06:08:12","slug":"22nd-winter-traversee-de-paris","status":"publish","type":"post","link":"https:\/\/www.supercars.net\/blog\/22nd-winter-traversee-de-paris\/","title":{"rendered":"Travers\u00e9e de Paris (2021) &#8211; Information"},"content":{"rendered":"<p>The 22nd<span class=\"apple-converted-space\">\u00a0winter running of the Travers\u00e9e de Paris (<\/span>Crossing of Paris) will take place on Sunday January 9th, bringing together more than 700 vehicles (cars, motorbikes, light utility vehicles, tractors, omnibuses, etc.) of all makes and from all periods to drive through the streets of the French capital.<\/p>\n<figure id=\"attachment_615779\" aria-describedby=\"caption-attachment-615779\" style=\"width: 1500px\" class=\"wp-caption alignnone\"><a href=\"https:\/\/www.supercars.net\/blog\/wp-content\/uploads\/2021\/12\/49425794897_7775b77ed3_o.jpg\"><img decoding=\"async\" class=\"size-full wp-image-615779\" src=\"https:\/\/www.supercars.net\/blog\/wp-content\/uploads\/2021\/12\/49425794897_7775b77ed3_o.jpg\" alt=\"\" width=\"1500\" height=\"898\" srcset=\"https:\/\/www.supercars.net\/blog\/wp-content\/uploads\/2021\/12\/49425794897_7775b77ed3_o.jpg 1500w, https:\/\/www.supercars.net\/blog\/wp-content\/uploads\/2021\/12\/49425794897_7775b77ed3_o-300x180.jpg 300w, https:\/\/www.supercars.net\/blog\/wp-content\/uploads\/2021\/12\/49425794897_7775b77ed3_o-1024x613.jpg 1024w, https:\/\/www.supercars.net\/blog\/wp-content\/uploads\/2021\/12\/49425794897_7775b77ed3_o-100x60.jpg 100w, https:\/\/www.supercars.net\/blog\/wp-content\/uploads\/2021\/12\/49425794897_7775b77ed3_o-770x461.jpg 770w, https:\/\/www.supercars.net\/blog\/wp-content\/uploads\/2021\/12\/49425794897_7775b77ed3_o-293x175.jpg 293w, https:\/\/www.supercars.net\/blog\/wp-content\/uploads\/2021\/12\/49425794897_7775b77ed3_o-1400x838.jpg 1400w\" sizes=\"(max-width: 1500px) 100vw, 1500px\" \/><\/a><figcaption id=\"caption-attachment-615779\" class=\"wp-caption-text\">20 ans de la Travers\u00e9e de Paris Hivernale<\/figcaption><\/figure>\n<p>&nbsp;<\/p>\n<p>According to event organizers<span class=\"apple-converted-space\">\u00a0<\/span><em>Vincennes en Anciennes<\/em>, the largest multi-marque club in France, &#8220;\u201cThe Travers\u00e9e de Paris is not only about honoring vintage cars, it is also about admiring the beauty, the richness and the architectural diversity of the capital city. Our participants are not only Parisians, they like discovering or rediscovering the iconic monuments: Panth\u00e9on, H\u00f4tel de Ville, Institut de France, Tour Eiffel, Op\u00e9ra Garnier or Bastille.&#8221;<\/p>\n<h2 style=\"text-align: center;\"><a href=\"https:\/\/www.supercars.net\/blog\/wp-content\/uploads\/2021\/12\/DSC02584-N.-Palmas-1.jpg\"><img decoding=\"async\" class=\"alignnone size-full wp-image-809652\" src=\"https:\/\/www.supercars.net\/blog\/wp-content\/uploads\/2021\/12\/DSC02584-N.-Palmas-1.jpg\" alt=\"\" width=\"1125\" height=\"1500\" srcset=\"https:\/\/www.supercars.net\/blog\/wp-content\/uploads\/2021\/12\/DSC02584-N.-Palmas-1.jpg 1125w, https:\/\/www.supercars.net\/blog\/wp-content\/uploads\/2021\/12\/DSC02584-N.-Palmas-1-225x300.jpg 225w, https:\/\/www.supercars.net\/blog\/wp-content\/uploads\/2021\/12\/DSC02584-N.-Palmas-1-768x1024.jpg 768w, https:\/\/www.supercars.net\/blog\/wp-content\/uploads\/2021\/12\/DSC02584-N.-Palmas-1-75x100.jpg 75w, https:\/\/www.supercars.net\/blog\/wp-content\/uploads\/2021\/12\/DSC02584-N.-Palmas-1-770x1027.jpg 770w, https:\/\/www.supercars.net\/blog\/wp-content\/uploads\/2021\/12\/DSC02584-N.-Palmas-1-293x391.jpg 293w\" sizes=\"(max-width: 1125px) 100vw, 1125px\" \/><\/a>Event Details<\/h2>\n<p>Vehicles departure between 7:15 and 9:00 am from the Ch\u00e2teau de Vincennes south square.<\/p>\n<p>Old buses departure from \u00a0Parc Floral de Vincennes at 8:00 am<\/p>\n<p>Arrival around 12:00\u00a0 at the Hippodrome de Vincennes.<\/p>\n<p>More information and old bus tour booking (10\u20ac) available at\u00a0 <a href=\"http:\/\/vincennesenanciennes.com\" target=\"_blank\" rel=\"noopener noreferrer\">vincennesenanciennes.com<\/a><\/p>\n","protected":false},"excerpt":{"rendered":"<p>The 22nd\u00a0winter running of the Travers\u00e9e de Paris (Crossing of Paris) will take place on Sunday January 9th, bringing together more than 700 vehicles (cars, motorbikes, light utility vehicles, tractors, omnibuses, etc.) of all makes and from all periods to drive through the streets of the French capital. &nbsp; According to event organizers\u00a0Vincennes en Anciennes, the largest multi-marque club in France, &#8220;\u201cThe Travers\u00e9e de Paris is not only about honoring vintage cars, it is also about admiring the beauty, the [&hellip;]<\/p>\n","protected":false},"author":54,"featured_media":809652,"comment_status":"open","ping_status":"closed","sticky":false,"template":"","format":"standard","meta":{"footnotes":""},"categories":[260,16932],"tags":[432,15234,17717],"class_list":["post-499549","post","type-post","status-publish","format-standard","has-post-thumbnail","hentry","category-car-events","category-festivals-shows","tag-events","tag-events-vintage-racing","tag-vintage-race-traversee-de-paris"],"yoast_head":"<!-- This site is optimized with the Yoast SEO plugin v27.5 - https:\/\/yoast.com\/product\/yoast-seo-wordpress\/ -->\n<title>Travers\u00e9e de Paris (2021) - Information<\/title>\n<meta name=\"description\" content=\"The 22nd annual Travers\u00e9e de Paris will take place on January 9th, bringing together 700 classic vehicles to drive through the streets of the French capital.\" \/>\n<meta name=\"robots\" content=\"index, follow, max-snippet:-1, max-image-preview:large, max-video-preview:-1\" \/>\n<link rel=\"canonical\" href=\"https:\/\/www.supercars.net\/blog\/22nd-winter-traversee-de-paris\/\" \/>\n<meta property=\"og:locale\" content=\"en_US\" \/>\n<meta property=\"og:type\" content=\"article\" \/>\n<meta property=\"og:title\" content=\"Travers\u00e9e de Paris (2021) - Information\" \/>\n<meta property=\"og:description\" content=\"The 22nd annual Travers\u00e9e de Paris will take place on January 9th, bringing together 700 classic vehicles to drive through the streets of the French capital.\" \/>\n<meta property=\"og:url\" content=\"https:\/\/www.supercars.net\/blog\/22nd-winter-traversee-de-paris\/\" \/>\n<meta property=\"og:site_name\" content=\"Supercars.net\" \/>\n<meta property=\"article:publisher\" content=\"https:\/\/www.facebook.com\/Supercars.net\/\" \/>\n<meta property=\"article:published_time\" content=\"2021-12-09T12:04:34+00:00\" \/>\n<meta property=\"article:modified_time\" content=\"2024-02-01T06:08:12+00:00\" \/>\n<meta property=\"og:image\" content=\"https:\/\/www.supercars.net\/blog\/wp-content\/uploads\/2021\/12\/DSC02584-N.-Palmas-1.jpg\" \/>\n\t<meta property=\"og:image:width\" content=\"1125\" \/>\n\t<meta property=\"og:image:height\" content=\"1500\" \/>\n\t<meta property=\"og:image:type\" content=\"image\/jpeg\" \/>\n<meta name=\"author\" content=\"Casey Annis\" \/>\n<meta name=\"twitter:card\" content=\"summary_large_image\" \/>\n<meta name=\"twitter:creator\" content=\"@supercars_net\" \/>\n<meta name=\"twitter:site\" content=\"@supercars_net\" \/>\n<meta name=\"twitter:label1\" content=\"Written by\" \/>\n\t<meta name=\"twitter:data1\" content=\"Casey Annis\" \/>\n\t<meta name=\"twitter:label2\" content=\"Est. reading time\" \/>\n\t<meta name=\"twitter:data2\" content=\"2 minutes\" \/>\n<script type=\"application\/ld+json\" class=\"yoast-schema-graph\">{\"@context\":\"https:\\\/\\\/schema.org\",\"@graph\":[{\"@type\":\"Article\",\"@id\":\"https:\\\/\\\/www.supercars.net\\\/blog\\\/22nd-winter-traversee-de-paris\\\/#article\",\"isPartOf\":{\"@id\":\"https:\\\/\\\/www.supercars.net\\\/blog\\\/22nd-winter-traversee-de-paris\\\/\"},\"author\":{\"name\":\"Casey Annis\",\"@id\":\"https:\\\/\\\/www.supercars.net\\\/blog\\\/#\\\/schema\\\/person\\\/02825f2c90f727d91e873a83f18cbd9f\"},\"headline\":\"Travers\u00e9e de Paris (2021) &#8211; Information\",\"datePublished\":\"2021-12-09T12:04:34+00:00\",\"dateModified\":\"2024-02-01T06:08:12+00:00\",\"mainEntityOfPage\":{\"@id\":\"https:\\\/\\\/www.supercars.net\\\/blog\\\/22nd-winter-traversee-de-paris\\\/\"},\"wordCount\":186,\"commentCount\":0,\"image\":{\"@id\":\"https:\\\/\\\/www.supercars.net\\\/blog\\\/22nd-winter-traversee-de-paris\\\/#primaryimage\"},\"thumbnailUrl\":\"https:\\\/\\\/www.supercars.net\\\/blog\\\/wp-content\\\/uploads\\\/2021\\\/12\\\/DSC02584-N.-Palmas-1.jpg\",\"keywords\":[\"Event (Car Events &amp; Shows)\",\"Event (Vintage Races)\",\"Vintage Race (Travers\u00e9e de Paris)\"],\"articleSection\":[\"Car Events &amp; Shows\",\"Festivals &amp; Shows\"],\"inLanguage\":\"en-US\",\"potentialAction\":[{\"@type\":\"CommentAction\",\"name\":\"Comment\",\"target\":[\"https:\\\/\\\/www.supercars.net\\\/blog\\\/22nd-winter-traversee-de-paris\\\/#respond\"]}]},{\"@type\":\"WebPage\",\"@id\":\"https:\\\/\\\/www.supercars.net\\\/blog\\\/22nd-winter-traversee-de-paris\\\/\",\"url\":\"https:\\\/\\\/www.supercars.net\\\/blog\\\/22nd-winter-traversee-de-paris\\\/\",\"name\":\"Travers\u00e9e de Paris (2021) - Information\",\"isPartOf\":{\"@id\":\"https:\\\/\\\/www.supercars.net\\\/blog\\\/#website\"},\"primaryImageOfPage\":{\"@id\":\"https:\\\/\\\/www.supercars.net\\\/blog\\\/22nd-winter-traversee-de-paris\\\/#primaryimage\"},\"image\":{\"@id\":\"https:\\\/\\\/www.supercars.net\\\/blog\\\/22nd-winter-traversee-de-paris\\\/#primaryimage\"},\"thumbnailUrl\":\"https:\\\/\\\/www.supercars.net\\\/blog\\\/wp-content\\\/uploads\\\/2021\\\/12\\\/DSC02584-N.-Palmas-1.jpg\",\"datePublished\":\"2021-12-09T12:04:34+00:00\",\"dateModified\":\"2024-02-01T06:08:12+00:00\",\"author\":{\"@id\":\"https:\\\/\\\/www.supercars.net\\\/blog\\\/#\\\/schema\\\/person\\\/02825f2c90f727d91e873a83f18cbd9f\"},\"description\":\"The 22nd annual Travers\u00e9e de Paris will take place on January 9th, bringing together 700 classic vehicles to drive through the streets of the French capital.\",\"breadcrumb\":{\"@id\":\"https:\\\/\\\/www.supercars.net\\\/blog\\\/22nd-winter-traversee-de-paris\\\/#breadcrumb\"},\"inLanguage\":\"en-US\",\"potentialAction\":[{\"@type\":\"ReadAction\",\"target\":[\"https:\\\/\\\/www.supercars.net\\\/blog\\\/22nd-winter-traversee-de-paris\\\/\"]}]},{\"@type\":\"ImageObject\",\"inLanguage\":\"en-US\",\"@id\":\"https:\\\/\\\/www.supercars.net\\\/blog\\\/22nd-winter-traversee-de-paris\\\/#primaryimage\",\"url\":\"https:\\\/\\\/www.supercars.net\\\/blog\\\/wp-content\\\/uploads\\\/2021\\\/12\\\/DSC02584-N.-Palmas-1.jpg\",\"contentUrl\":\"https:\\\/\\\/www.supercars.net\\\/blog\\\/wp-content\\\/uploads\\\/2021\\\/12\\\/DSC02584-N.-Palmas-1.jpg\",\"width\":1125,\"height\":1500},{\"@type\":\"BreadcrumbList\",\"@id\":\"https:\\\/\\\/www.supercars.net\\\/blog\\\/22nd-winter-traversee-de-paris\\\/#breadcrumb\",\"itemListElement\":[{\"@type\":\"ListItem\",\"position\":1,\"name\":\"Home\",\"item\":\"https:\\\/\\\/www.supercars.net\\\/blog\\\/\"},{\"@type\":\"ListItem\",\"position\":2,\"name\":\"Travers\u00e9e de Paris (2021) &#8211; Information\"}]},{\"@type\":\"WebSite\",\"@id\":\"https:\\\/\\\/www.supercars.net\\\/blog\\\/#website\",\"url\":\"https:\\\/\\\/www.supercars.net\\\/blog\\\/\",\"name\":\"Supercars.net\",\"description\":\"Exotic and Supercar news, information, pictures and videos\",\"potentialAction\":[{\"@type\":\"SearchAction\",\"target\":{\"@type\":\"EntryPoint\",\"urlTemplate\":\"https:\\\/\\\/www.supercars.net\\\/blog\\\/?s={search_term_string}\"},\"query-input\":{\"@type\":\"PropertyValueSpecification\",\"valueRequired\":true,\"valueName\":\"search_term_string\"}}],\"inLanguage\":\"en-US\"},{\"@type\":\"Person\",\"@id\":\"https:\\\/\\\/www.supercars.net\\\/blog\\\/#\\\/schema\\\/person\\\/02825f2c90f727d91e873a83f18cbd9f\",\"name\":\"Casey Annis\",\"image\":{\"@type\":\"ImageObject\",\"inLanguage\":\"en-US\",\"@id\":\"https:\\\/\\\/www.supercars.net\\\/blog\\\/wp-content\\\/uploads\\\/2022\\\/05\\\/CaseyMonaco-1-293x293.jpeg\",\"url\":\"https:\\\/\\\/www.supercars.net\\\/blog\\\/wp-content\\\/uploads\\\/2022\\\/05\\\/CaseyMonaco-1-293x293.jpeg\",\"contentUrl\":\"https:\\\/\\\/www.supercars.net\\\/blog\\\/wp-content\\\/uploads\\\/2022\\\/05\\\/CaseyMonaco-1-293x293.jpeg\",\"caption\":\"Casey Annis\"},\"description\":\"Casey M. Annis is the Founder and Editor of Vintage Racecar\\\/Vintage Roadcar magazine, the Petersen Museum\u2019s Finish Line and Petersen Quarterly, Alfa Owner, and The Oily Rag magazines. He founded Parabolica Publishing in 1997 after a career in biology, anatomy and neurobiology. Along with this passion for automobiles Casey is a long distance open-ocean paddleboard racer who\u2019s competed in the 32-mile Catalina to Manhattan Beach race and the 32-mile Molokai to Oahu race. Casey contributes and writes about the world of vintage road and race cars.\",\"sameAs\":[\"https:\\\/\\\/vintageracecar.com\\\/\"],\"url\":\"https:\\\/\\\/www.supercars.net\\\/blog\\\/author\\\/caseyannis-2\\\/\"}]}<\/script>\n<!-- \/ Yoast SEO plugin. -->","yoast_head_json":{"title":"Travers\u00e9e de Paris (2021) - Information","description":"The 22nd annual Travers\u00e9e de Paris will take place on January 9th, bringing together 700 classic vehicles to drive through the streets of the French capital.","robots":{"index":"index","follow":"follow","max-snippet":"max-snippet:-1","max-image-preview":"max-image-preview:large","max-video-preview":"max-video-preview:-1"},"canonical":"https:\/\/www.supercars.net\/blog\/22nd-winter-traversee-de-paris\/","og_locale":"en_US","og_type":"article","og_title":"Travers\u00e9e de Paris (2021) - Information","og_description":"The 22nd annual Travers\u00e9e de Paris will take place on January 9th, bringing together 700 classic vehicles to drive through the streets of the French capital.","og_url":"https:\/\/www.supercars.net\/blog\/22nd-winter-traversee-de-paris\/","og_site_name":"Supercars.net","article_publisher":"https:\/\/www.facebook.com\/Supercars.net\/","article_published_time":"2021-12-09T12:04:34+00:00","article_modified_time":"2024-02-01T06:08:12+00:00","og_image":[{"width":1125,"height":1500,"url":"https:\/\/www.supercars.net\/blog\/wp-content\/uploads\/2021\/12\/DSC02584-N.-Palmas-1.jpg","type":"image\/jpeg"}],"author":"Casey Annis","twitter_card":"summary_large_image","twitter_creator":"@supercars_net","twitter_site":"@supercars_net","twitter_misc":{"Written by":"Casey Annis","Est. reading time":"2 minutes"},"schema":{"@context":"https:\/\/schema.org","@graph":[{"@type":"Article","@id":"https:\/\/www.supercars.net\/blog\/22nd-winter-traversee-de-paris\/#article","isPartOf":{"@id":"https:\/\/www.supercars.net\/blog\/22nd-winter-traversee-de-paris\/"},"author":{"name":"Casey Annis","@id":"https:\/\/www.supercars.net\/blog\/#\/schema\/person\/02825f2c90f727d91e873a83f18cbd9f"},"headline":"Travers\u00e9e de Paris (2021) &#8211; Information","datePublished":"2021-12-09T12:04:34+00:00","dateModified":"2024-02-01T06:08:12+00:00","mainEntityOfPage":{"@id":"https:\/\/www.supercars.net\/blog\/22nd-winter-traversee-de-paris\/"},"wordCount":186,"commentCount":0,"image":{"@id":"https:\/\/www.supercars.net\/blog\/22nd-winter-traversee-de-paris\/#primaryimage"},"thumbnailUrl":"https:\/\/www.supercars.net\/blog\/wp-content\/uploads\/2021\/12\/DSC02584-N.-Palmas-1.jpg","keywords":["Event (Car Events &amp; Shows)","Event (Vintage Races)","Vintage Race (Travers\u00e9e de Paris)"],"articleSection":["Car Events &amp; Shows","Festivals &amp; Shows"],"inLanguage":"en-US","potentialAction":[{"@type":"CommentAction","name":"Comment","target":["https:\/\/www.supercars.net\/blog\/22nd-winter-traversee-de-paris\/#respond"]}]},{"@type":"WebPage","@id":"https:\/\/www.supercars.net\/blog\/22nd-winter-traversee-de-paris\/","url":"https:\/\/www.supercars.net\/blog\/22nd-winter-traversee-de-paris\/","name":"Travers\u00e9e de Paris (2021) - Information","isPartOf":{"@id":"https:\/\/www.supercars.net\/blog\/#website"},"primaryImageOfPage":{"@id":"https:\/\/www.supercars.net\/blog\/22nd-winter-traversee-de-paris\/#primaryimage"},"image":{"@id":"https:\/\/www.supercars.net\/blog\/22nd-winter-traversee-de-paris\/#primaryimage"},"thumbnailUrl":"https:\/\/www.supercars.net\/blog\/wp-content\/uploads\/2021\/12\/DSC02584-N.-Palmas-1.jpg","datePublished":"2021-12-09T12:04:34+00:00","dateModified":"2024-02-01T06:08:12+00:00","author":{"@id":"https:\/\/www.supercars.net\/blog\/#\/schema\/person\/02825f2c90f727d91e873a83f18cbd9f"},"description":"The 22nd annual Travers\u00e9e de Paris will take place on January 9th, bringing together 700 classic vehicles to drive through the streets of the French capital.","breadcrumb":{"@id":"https:\/\/www.supercars.net\/blog\/22nd-winter-traversee-de-paris\/#breadcrumb"},"inLanguage":"en-US","potentialAction":[{"@type":"ReadAction","target":["https:\/\/www.supercars.net\/blog\/22nd-winter-traversee-de-paris\/"]}]},{"@type":"ImageObject","inLanguage":"en-US","@id":"https:\/\/www.supercars.net\/blog\/22nd-winter-traversee-de-paris\/#primaryimage","url":"https:\/\/www.supercars.net\/blog\/wp-content\/uploads\/2021\/12\/DSC02584-N.-Palmas-1.jpg","contentUrl":"https:\/\/www.supercars.net\/blog\/wp-content\/uploads\/2021\/12\/DSC02584-N.-Palmas-1.jpg","width":1125,"height":1500},{"@type":"BreadcrumbList","@id":"https:\/\/www.supercars.net\/blog\/22nd-winter-traversee-de-paris\/#breadcrumb","itemListElement":[{"@type":"ListItem","position":1,"name":"Home","item":"https:\/\/www.supercars.net\/blog\/"},{"@type":"ListItem","position":2,"name":"Travers\u00e9e de Paris (2021) &#8211; Information"}]},{"@type":"WebSite","@id":"https:\/\/www.supercars.net\/blog\/#website","url":"https:\/\/www.supercars.net\/blog\/","name":"Supercars.net","description":"Exotic and Supercar news, information, pictures and videos","potentialAction":[{"@type":"SearchAction","target":{"@type":"EntryPoint","urlTemplate":"https:\/\/www.supercars.net\/blog\/?s={search_term_string}"},"query-input":{"@type":"PropertyValueSpecification","valueRequired":true,"valueName":"search_term_string"}}],"inLanguage":"en-US"},{"@type":"Person","@id":"https:\/\/www.supercars.net\/blog\/#\/schema\/person\/02825f2c90f727d91e873a83f18cbd9f","name":"Casey Annis","image":{"@type":"ImageObject","inLanguage":"en-US","@id":"https:\/\/www.supercars.net\/blog\/wp-content\/uploads\/2022\/05\/CaseyMonaco-1-293x293.jpeg","url":"https:\/\/www.supercars.net\/blog\/wp-content\/uploads\/2022\/05\/CaseyMonaco-1-293x293.jpeg","contentUrl":"https:\/\/www.supercars.net\/blog\/wp-content\/uploads\/2022\/05\/CaseyMonaco-1-293x293.jpeg","caption":"Casey Annis"},"description":"Casey M. Annis is the Founder and Editor of Vintage Racecar\/Vintage Roadcar magazine, the Petersen Museum\u2019s Finish Line and Petersen Quarterly, Alfa Owner, and The Oily Rag magazines. He founded Parabolica Publishing in 1997 after a career in biology, anatomy and neurobiology. Along with this passion for automobiles Casey is a long distance open-ocean paddleboard racer who\u2019s competed in the 32-mile Catalina to Manhattan Beach race and the 32-mile Molokai to Oahu race. Casey contributes and writes about the world of vintage road and race cars.","sameAs":["https:\/\/vintageracecar.com\/"],"url":"https:\/\/www.supercars.net\/blog\/author\/caseyannis-2\/"}]}},"_links":{"self":[{"href":"https:\/\/www.supercars.net\/blog\/wp-json\/wp\/v2\/posts\/499549","targetHints":{"allow":["GET"]}}],"collection":[{"href":"https:\/\/www.supercars.net\/blog\/wp-json\/wp\/v2\/posts"}],"about":[{"href":"https:\/\/www.supercars.net\/blog\/wp-json\/wp\/v2\/types\/post"}],"author":[{"embeddable":true,"href":"https:\/\/www.supercars.net\/blog\/wp-json\/wp\/v2\/users\/54"}],"replies":[{"embeddable":true,"href":"https:\/\/www.supercars.net\/blog\/wp-json\/wp\/v2\/comments?post=499549"}],"version-history":[{"count":0,"href":"https:\/\/www.supercars.net\/blog\/wp-json\/wp\/v2\/posts\/499549\/revisions"}],"wp:featuredmedia":[{"embeddable":true,"href":"https:\/\/www.supercars.net\/blog\/wp-json\/wp\/v2\/media\/809652"}],"wp:attachment":[{"href":"https:\/\/www.supercars.net\/blog\/wp-json\/wp\/v2\/media?parent=499549"}],"wp:term":[{"taxonomy":"category","embeddable":true,"href":"https:\/\/www.supercars.net\/blog\/wp-json\/wp\/v2\/categories?post=499549"},{"taxonomy":"post_tag","embeddable":true,"href":"https:\/\/www.supercars.net\/blog\/wp-json\/wp\/v2\/tags?post=499549"}],"curies":[{"name":"wp","href":"https:\/\/api.w.org\/{rel}","templated":true}]}}