{"id":793643,"date":"2023-11-15T10:06:51","date_gmt":"2023-11-15T18:06:51","guid":{"rendered":"https:\/\/sportscardigest.com\/?p=512711"},"modified":"2024-02-24T00:26:04","modified_gmt":"2024-02-24T00:26:04","slug":"bugatti-in-the-basque-region","status":"publish","type":"post","link":"https:\/\/www.supercars.net\/blog\/bugatti-in-the-basque-region\/","title":{"rendered":"Bugatti in the Basque Region"},"content":{"rendered":"<p>Whether behind the wheel of the <a href=\"https:\/\/sportscardigest.com\/bugatti-chiron-super-sport-golden-era\/\" target=\"_blank\" rel=\"noopener\">Chiron<\/a> or <a href=\"https:\/\/sportscardigest.com\/car-of-the-day-2005-bugatti-veyron\/\" target=\"_blank\" rel=\"noopener\">Veyron<\/a>, the Bugatti ownership experience transcends driving. Seamlessly blending elegance and cutting-edge technology, a <a href=\"https:\/\/sportscardigest.com\/bugatti-tank-type-32\/\" target=\"_blank\" rel=\"noopener\">Bugatti<\/a> intensifies the emotions of a journey. To showcase this unique ability, owners of Molsheim\u2019s hyper sports cars were invited to the Basque Region for the 2023 edition of the European Grand Tour.<\/p>\n<p><a href=\"https:\/\/www.supercars.net\/blog\/wp-content\/uploads\/2023\/11\/2023-Bugatti-07.jpg\"><img decoding=\"async\" class=\"alignnone size-full wp-image-799671\" src=\"https:\/\/www.supercars.net\/blog\/wp-content\/uploads\/2023\/11\/2023-Bugatti-07.jpg\" alt=\"\" width=\"1800\" height=\"1200\" srcset=\"https:\/\/www.supercars.net\/blog\/wp-content\/uploads\/2023\/11\/2023-Bugatti-07.jpg 1800w, https:\/\/www.supercars.net\/blog\/wp-content\/uploads\/2023\/11\/2023-Bugatti-07-300x200.jpg 300w, https:\/\/www.supercars.net\/blog\/wp-content\/uploads\/2023\/11\/2023-Bugatti-07-1024x683.jpg 1024w, https:\/\/www.supercars.net\/blog\/wp-content\/uploads\/2023\/11\/2023-Bugatti-07-100x67.jpg 100w, https:\/\/www.supercars.net\/blog\/wp-content\/uploads\/2023\/11\/2023-Bugatti-07-770x513.jpg 770w, https:\/\/www.supercars.net\/blog\/wp-content\/uploads\/2023\/11\/2023-Bugatti-07-1536x1024.jpg 1536w, https:\/\/www.supercars.net\/blog\/wp-content\/uploads\/2023\/11\/2023-Bugatti-07-360x240.jpg 360w, https:\/\/www.supercars.net\/blog\/wp-content\/uploads\/2023\/11\/2023-Bugatti-07-1155x770.jpg 1155w, https:\/\/www.supercars.net\/blog\/wp-content\/uploads\/2023\/11\/2023-Bugatti-07-370x247.jpg 370w, https:\/\/www.supercars.net\/blog\/wp-content\/uploads\/2023\/11\/2023-Bugatti-07-293x195.jpg 293w, https:\/\/www.supercars.net\/blog\/wp-content\/uploads\/2023\/11\/2023-Bugatti-07-1400x933.jpg 1400w\" sizes=\"(max-width: 1800px) 100vw, 1800px\" \/><\/a><\/p>\n<p>&nbsp;<\/p>\n<p>Home to one of Europe&#8217;s oldest and richest cultures, the Basque Region is remarkably unique in its history, language and traditions. Sprawling along the Atlantic coast from Bayonne to Bilbao, it is a region that intertwines stunning landscapes, spectacular historic and modern architecture, and world-renowned food and wine. Here, in this outstanding location, the most extensive array of iconic Bugatti models yet assembled for the European Grand Tour. This extraordinary fleet of 28, including the unparalleled <a href=\"https:\/\/sportscardigest.com\/last-available-bugatti-with-legendary-w16-engine\/\" target=\"_blank\" rel=\"noopener\">Chiron Profil\u00e9e1<\/a> and Divo2, journeyed through the Basque Region\u2019s verdant hills, dramatic mountains and alluring beaches.<\/p>\n<p><a href=\"https:\/\/www.supercars.net\/blog\/wp-content\/uploads\/2023\/11\/2023-Bugatti-02-scaled-1.jpg\"><img decoding=\"async\" class=\"alignnone size-full wp-image-799673\" src=\"https:\/\/www.supercars.net\/blog\/wp-content\/uploads\/2023\/11\/2023-Bugatti-02-scaled-1.jpg\" alt=\"\" width=\"1707\" height=\"2560\" srcset=\"https:\/\/www.supercars.net\/blog\/wp-content\/uploads\/2023\/11\/2023-Bugatti-02-scaled-1.jpg 1707w, https:\/\/www.supercars.net\/blog\/wp-content\/uploads\/2023\/11\/2023-Bugatti-02-scaled-1-200x300.jpg 200w, https:\/\/www.supercars.net\/blog\/wp-content\/uploads\/2023\/11\/2023-Bugatti-02-scaled-1-683x1024.jpg 683w, https:\/\/www.supercars.net\/blog\/wp-content\/uploads\/2023\/11\/2023-Bugatti-02-scaled-1-67x100.jpg 67w, https:\/\/www.supercars.net\/blog\/wp-content\/uploads\/2023\/11\/2023-Bugatti-02-scaled-1-770x1155.jpg 770w, https:\/\/www.supercars.net\/blog\/wp-content\/uploads\/2023\/11\/2023-Bugatti-02-scaled-1-1024x1536.jpg 1024w, https:\/\/www.supercars.net\/blog\/wp-content\/uploads\/2023\/11\/2023-Bugatti-02-scaled-1-1366x2048.jpg 1366w, https:\/\/www.supercars.net\/blog\/wp-content\/uploads\/2023\/11\/2023-Bugatti-02-scaled-1-293x439.jpg 293w, https:\/\/www.supercars.net\/blog\/wp-content\/uploads\/2023\/11\/2023-Bugatti-02-scaled-1-1400x2100.jpg 1400w\" sizes=\"(max-width: 1707px) 100vw, 1707px\" \/><\/a><\/p>\n<p>&nbsp;<\/p>\n<h2 style=\"text-align: center;\">Welcome to Biarritz<\/h2>\n<p>Once a favored destination of European royalty, <a href=\"https:\/\/en.wikipedia.org\/wiki\/Biarritz\" target=\"_blank\" rel=\"noopener\">Biarritz<\/a> \u2013 a city known for its captivating Belle \u00c9poque architecture \u2013 marked the launch point for the Bugatti European Grand Tour. And ahead of the first drive, the Bugatti guests immersed themselves in the opulence and charm of Biarritz, taking in its architectural gems, Basque influence and natural beauty.<\/p>\n<p><a href=\"https:\/\/www.supercars.net\/blog\/wp-content\/uploads\/2023\/11\/2023-Bugatti-18.jpg\"><img decoding=\"async\" class=\"alignnone size-full wp-image-799676\" src=\"https:\/\/www.supercars.net\/blog\/wp-content\/uploads\/2023\/11\/2023-Bugatti-18.jpg\" alt=\"\" width=\"1800\" height=\"1200\" srcset=\"https:\/\/www.supercars.net\/blog\/wp-content\/uploads\/2023\/11\/2023-Bugatti-18.jpg 1800w, https:\/\/www.supercars.net\/blog\/wp-content\/uploads\/2023\/11\/2023-Bugatti-18-300x200.jpg 300w, https:\/\/www.supercars.net\/blog\/wp-content\/uploads\/2023\/11\/2023-Bugatti-18-1024x683.jpg 1024w, https:\/\/www.supercars.net\/blog\/wp-content\/uploads\/2023\/11\/2023-Bugatti-18-100x67.jpg 100w, https:\/\/www.supercars.net\/blog\/wp-content\/uploads\/2023\/11\/2023-Bugatti-18-770x513.jpg 770w, https:\/\/www.supercars.net\/blog\/wp-content\/uploads\/2023\/11\/2023-Bugatti-18-1536x1024.jpg 1536w, https:\/\/www.supercars.net\/blog\/wp-content\/uploads\/2023\/11\/2023-Bugatti-18-360x240.jpg 360w, https:\/\/www.supercars.net\/blog\/wp-content\/uploads\/2023\/11\/2023-Bugatti-18-1155x770.jpg 1155w, https:\/\/www.supercars.net\/blog\/wp-content\/uploads\/2023\/11\/2023-Bugatti-18-370x247.jpg 370w, https:\/\/www.supercars.net\/blog\/wp-content\/uploads\/2023\/11\/2023-Bugatti-18-293x195.jpg 293w, https:\/\/www.supercars.net\/blog\/wp-content\/uploads\/2023\/11\/2023-Bugatti-18-1400x933.jpg 1400w\" sizes=\"(max-width: 1800px) 100vw, 1800px\" \/><\/a><\/p>\n<p>&nbsp;<\/p>\n<p>As the sun set over the wave-buoyant Bay of Biscay that night, the participants readied themselves for an extraordinary four-day voyage, enjoying an unforgettable evening at the H\u00f4tel Du Palais \u2013 a renowned and majestic waterfront palace built by Napoleon III as an imperial summer residence for his wife Eug\u00e9nie. At the H\u00f4tel Du Palais, the Bugatti party enjoyed the special contemporary French cuisine of La Table D&#8217;Aur\u00e9lien Largeau.<\/p>\n<p><a href=\"https:\/\/www.supercars.net\/blog\/wp-content\/uploads\/2023\/11\/2023-Bugatti-09.jpg\"><img decoding=\"async\" class=\"alignnone size-full wp-image-799677\" src=\"https:\/\/www.supercars.net\/blog\/wp-content\/uploads\/2023\/11\/2023-Bugatti-09.jpg\" alt=\"\" width=\"1800\" height=\"1200\" srcset=\"https:\/\/www.supercars.net\/blog\/wp-content\/uploads\/2023\/11\/2023-Bugatti-09.jpg 1800w, https:\/\/www.supercars.net\/blog\/wp-content\/uploads\/2023\/11\/2023-Bugatti-09-300x200.jpg 300w, https:\/\/www.supercars.net\/blog\/wp-content\/uploads\/2023\/11\/2023-Bugatti-09-1024x683.jpg 1024w, https:\/\/www.supercars.net\/blog\/wp-content\/uploads\/2023\/11\/2023-Bugatti-09-100x67.jpg 100w, https:\/\/www.supercars.net\/blog\/wp-content\/uploads\/2023\/11\/2023-Bugatti-09-770x513.jpg 770w, https:\/\/www.supercars.net\/blog\/wp-content\/uploads\/2023\/11\/2023-Bugatti-09-1536x1024.jpg 1536w, https:\/\/www.supercars.net\/blog\/wp-content\/uploads\/2023\/11\/2023-Bugatti-09-360x240.jpg 360w, https:\/\/www.supercars.net\/blog\/wp-content\/uploads\/2023\/11\/2023-Bugatti-09-1155x770.jpg 1155w, https:\/\/www.supercars.net\/blog\/wp-content\/uploads\/2023\/11\/2023-Bugatti-09-370x247.jpg 370w, https:\/\/www.supercars.net\/blog\/wp-content\/uploads\/2023\/11\/2023-Bugatti-09-293x195.jpg 293w, https:\/\/www.supercars.net\/blog\/wp-content\/uploads\/2023\/11\/2023-Bugatti-09-1400x933.jpg 1400w\" sizes=\"(max-width: 1800px) 100vw, 1800px\" \/><\/a><\/p>\n<p>&nbsp;<\/p>\n<h2 style=\"text-align: center;\">Driving through the Basque regions<\/h2>\n<p>The Bugatti line-up reflected the ripples of the Atlantic Ocean as they awaited ignition. Next stop, Chillida Leku, the unique museum created by\u00a0 Eduardo Chillida. The convoy wound their way along picturesque coastal roads that morning, passing fishing villages and breathtaking views of the Bay as they crossed the border into Spain and powered on to Chillida Leku, where they absorbed the sculptural legacy of Eduardo Chillida.<\/p>\n<p><a href=\"https:\/\/www.supercars.net\/blog\/wp-content\/uploads\/2023\/11\/2023-Bugatti-14-scaled-1.jpg\"><img decoding=\"async\" class=\"alignnone size-full wp-image-799678\" src=\"https:\/\/www.supercars.net\/blog\/wp-content\/uploads\/2023\/11\/2023-Bugatti-14-scaled-1.jpg\" alt=\"\" width=\"1707\" height=\"2560\" srcset=\"https:\/\/www.supercars.net\/blog\/wp-content\/uploads\/2023\/11\/2023-Bugatti-14-scaled-1.jpg 1707w, https:\/\/www.supercars.net\/blog\/wp-content\/uploads\/2023\/11\/2023-Bugatti-14-scaled-1-200x300.jpg 200w, https:\/\/www.supercars.net\/blog\/wp-content\/uploads\/2023\/11\/2023-Bugatti-14-scaled-1-683x1024.jpg 683w, https:\/\/www.supercars.net\/blog\/wp-content\/uploads\/2023\/11\/2023-Bugatti-14-scaled-1-67x100.jpg 67w, https:\/\/www.supercars.net\/blog\/wp-content\/uploads\/2023\/11\/2023-Bugatti-14-scaled-1-770x1155.jpg 770w, https:\/\/www.supercars.net\/blog\/wp-content\/uploads\/2023\/11\/2023-Bugatti-14-scaled-1-1024x1536.jpg 1024w, https:\/\/www.supercars.net\/blog\/wp-content\/uploads\/2023\/11\/2023-Bugatti-14-scaled-1-1366x2048.jpg 1366w, https:\/\/www.supercars.net\/blog\/wp-content\/uploads\/2023\/11\/2023-Bugatti-14-scaled-1-293x439.jpg 293w, https:\/\/www.supercars.net\/blog\/wp-content\/uploads\/2023\/11\/2023-Bugatti-14-scaled-1-1400x2100.jpg 1400w\" sizes=\"(max-width: 1707px) 100vw, 1707px\" \/><\/a><\/p>\n<p>&nbsp;<\/p>\n<p>From the sanctuary of a unique artistic expression that is\u00a0 the museum, the procession travelled through the lush hillsides that overlook the bay, heading back in the direction of France. Taking in the stunning vistas of autumn-colored, tree-covered mountains that follow the road, the guests found themselves back at H\u00f4tel Du Palais for dinner and cocktails to enjoy an evening of stimulating conversation and friendship together.<\/p>\n<p><a href=\"https:\/\/www.supercars.net\/blog\/wp-content\/uploads\/2023\/11\/2023-Bugatti-11-scaled-1.jpg\"><img decoding=\"async\" class=\"alignnone size-full wp-image-799679\" src=\"https:\/\/www.supercars.net\/blog\/wp-content\/uploads\/2023\/11\/2023-Bugatti-11-scaled-1.jpg\" alt=\"\" width=\"1707\" height=\"2560\" srcset=\"https:\/\/www.supercars.net\/blog\/wp-content\/uploads\/2023\/11\/2023-Bugatti-11-scaled-1.jpg 1707w, https:\/\/www.supercars.net\/blog\/wp-content\/uploads\/2023\/11\/2023-Bugatti-11-scaled-1-200x300.jpg 200w, https:\/\/www.supercars.net\/blog\/wp-content\/uploads\/2023\/11\/2023-Bugatti-11-scaled-1-683x1024.jpg 683w, https:\/\/www.supercars.net\/blog\/wp-content\/uploads\/2023\/11\/2023-Bugatti-11-scaled-1-67x100.jpg 67w, https:\/\/www.supercars.net\/blog\/wp-content\/uploads\/2023\/11\/2023-Bugatti-11-scaled-1-770x1155.jpg 770w, https:\/\/www.supercars.net\/blog\/wp-content\/uploads\/2023\/11\/2023-Bugatti-11-scaled-1-1024x1536.jpg 1024w, https:\/\/www.supercars.net\/blog\/wp-content\/uploads\/2023\/11\/2023-Bugatti-11-scaled-1-1366x2048.jpg 1366w, https:\/\/www.supercars.net\/blog\/wp-content\/uploads\/2023\/11\/2023-Bugatti-11-scaled-1-293x439.jpg 293w, https:\/\/www.supercars.net\/blog\/wp-content\/uploads\/2023\/11\/2023-Bugatti-11-scaled-1-1400x2100.jpg 1400w\" sizes=\"(max-width: 1707px) 100vw, 1707px\" \/><\/a><\/p>\n<p>&nbsp;<\/p>\n<h2 style=\"text-align: center;\">Crossing the Atlantic Pyrenees<\/h2>\n<p>As day broke on the next day, the Bugatti owners ascended through the rugged, mountainous landscape of the Atlantic Pyrenees to the Roncevaux Pass. As the road weaves, the group reflected on the emotions that come with sitting inside the meticulously crafted hyper sports cars of Bugatti that bring driving emotions like no other.<\/p>\n<p><a href=\"https:\/\/www.supercars.net\/blog\/wp-content\/uploads\/2023\/11\/2023-Bugatti-16.jpg\"><img decoding=\"async\" class=\"alignnone size-full wp-image-799680\" src=\"https:\/\/www.supercars.net\/blog\/wp-content\/uploads\/2023\/11\/2023-Bugatti-16.jpg\" alt=\"\" width=\"1800\" height=\"1200\" srcset=\"https:\/\/www.supercars.net\/blog\/wp-content\/uploads\/2023\/11\/2023-Bugatti-16.jpg 1800w, https:\/\/www.supercars.net\/blog\/wp-content\/uploads\/2023\/11\/2023-Bugatti-16-300x200.jpg 300w, https:\/\/www.supercars.net\/blog\/wp-content\/uploads\/2023\/11\/2023-Bugatti-16-1024x683.jpg 1024w, https:\/\/www.supercars.net\/blog\/wp-content\/uploads\/2023\/11\/2023-Bugatti-16-100x67.jpg 100w, https:\/\/www.supercars.net\/blog\/wp-content\/uploads\/2023\/11\/2023-Bugatti-16-770x513.jpg 770w, https:\/\/www.supercars.net\/blog\/wp-content\/uploads\/2023\/11\/2023-Bugatti-16-1536x1024.jpg 1536w, https:\/\/www.supercars.net\/blog\/wp-content\/uploads\/2023\/11\/2023-Bugatti-16-360x240.jpg 360w, https:\/\/www.supercars.net\/blog\/wp-content\/uploads\/2023\/11\/2023-Bugatti-16-1155x770.jpg 1155w, https:\/\/www.supercars.net\/blog\/wp-content\/uploads\/2023\/11\/2023-Bugatti-16-370x247.jpg 370w, https:\/\/www.supercars.net\/blog\/wp-content\/uploads\/2023\/11\/2023-Bugatti-16-293x195.jpg 293w, https:\/\/www.supercars.net\/blog\/wp-content\/uploads\/2023\/11\/2023-Bugatti-16-1400x933.jpg 1400w\" sizes=\"(max-width: 1800px) 100vw, 1800px\" \/><\/a><\/p>\n<p>&nbsp;<\/p>\n<p>A luxurious and engaging experience, driving across the Pyrenees alongside 27 members of the Bugatti family is a sensation that is without equal. The Bugatti community then enjoyed a delicious lunch in Etxarri Aranatz with traditional Basque cuisine before the tour continued. The Bugatti W16 engines growled as the roads traversed the extraordinary peaks of France and Spain enroute to the Marqu\u00e9s De Riscal Hotel in Elciego. Nestled amongst the famed vineyards of la Rioja Alavesa wine region, the Marqu\u00e9s De Riscal Hotel\u00a0 stands as a beacon for the area, its rooftop adorned with a captivating interplay of silver, gold and pink titanium ribbons. It is the result of the architectural vision of Frank Gehry \u2013 one which leaves an everlasting impression on every visitor.<\/p>\n<p><a href=\"https:\/\/www.supercars.net\/blog\/wp-content\/uploads\/2023\/11\/2023-Bugatti-10.jpg\"><img decoding=\"async\" class=\"alignnone size-full wp-image-799681\" src=\"https:\/\/www.supercars.net\/blog\/wp-content\/uploads\/2023\/11\/2023-Bugatti-10.jpg\" alt=\"\" width=\"1800\" height=\"1200\" srcset=\"https:\/\/www.supercars.net\/blog\/wp-content\/uploads\/2023\/11\/2023-Bugatti-10.jpg 1800w, https:\/\/www.supercars.net\/blog\/wp-content\/uploads\/2023\/11\/2023-Bugatti-10-300x200.jpg 300w, https:\/\/www.supercars.net\/blog\/wp-content\/uploads\/2023\/11\/2023-Bugatti-10-1024x683.jpg 1024w, https:\/\/www.supercars.net\/blog\/wp-content\/uploads\/2023\/11\/2023-Bugatti-10-100x67.jpg 100w, https:\/\/www.supercars.net\/blog\/wp-content\/uploads\/2023\/11\/2023-Bugatti-10-770x513.jpg 770w, https:\/\/www.supercars.net\/blog\/wp-content\/uploads\/2023\/11\/2023-Bugatti-10-1536x1024.jpg 1536w, https:\/\/www.supercars.net\/blog\/wp-content\/uploads\/2023\/11\/2023-Bugatti-10-360x240.jpg 360w, https:\/\/www.supercars.net\/blog\/wp-content\/uploads\/2023\/11\/2023-Bugatti-10-1155x770.jpg 1155w, https:\/\/www.supercars.net\/blog\/wp-content\/uploads\/2023\/11\/2023-Bugatti-10-370x247.jpg 370w, https:\/\/www.supercars.net\/blog\/wp-content\/uploads\/2023\/11\/2023-Bugatti-10-293x195.jpg 293w, https:\/\/www.supercars.net\/blog\/wp-content\/uploads\/2023\/11\/2023-Bugatti-10-1400x933.jpg 1400w\" sizes=\"(max-width: 1800px) 100vw, 1800px\" \/><\/a><\/p>\n<p>&nbsp;<\/p>\n<h2 style=\"text-align: center;\">Navarra and La Rioja<\/h2>\n<p>The picturesque vineyards that scatter the La Rioja Alavesa region gradually fell into the rear-view mirror, as the Bugatti guests headed toward Los Arcos. First came spectacular rolling hills, then came the Navarra Circuit \u2013 the concrete structure of the track juxtaposed to the natural beauty of the gentle slopes that surround it.<\/p>\n<p><a href=\"https:\/\/www.supercars.net\/blog\/wp-content\/uploads\/2023\/11\/2023-Bugatti-05.jpg\"><img decoding=\"async\" class=\"alignnone size-full wp-image-799682\" src=\"https:\/\/www.supercars.net\/blog\/wp-content\/uploads\/2023\/11\/2023-Bugatti-05.jpg\" alt=\"\" width=\"1800\" height=\"1200\" srcset=\"https:\/\/www.supercars.net\/blog\/wp-content\/uploads\/2023\/11\/2023-Bugatti-05.jpg 1800w, https:\/\/www.supercars.net\/blog\/wp-content\/uploads\/2023\/11\/2023-Bugatti-05-300x200.jpg 300w, https:\/\/www.supercars.net\/blog\/wp-content\/uploads\/2023\/11\/2023-Bugatti-05-1024x683.jpg 1024w, https:\/\/www.supercars.net\/blog\/wp-content\/uploads\/2023\/11\/2023-Bugatti-05-100x67.jpg 100w, https:\/\/www.supercars.net\/blog\/wp-content\/uploads\/2023\/11\/2023-Bugatti-05-770x513.jpg 770w, https:\/\/www.supercars.net\/blog\/wp-content\/uploads\/2023\/11\/2023-Bugatti-05-1536x1024.jpg 1536w, https:\/\/www.supercars.net\/blog\/wp-content\/uploads\/2023\/11\/2023-Bugatti-05-360x240.jpg 360w, https:\/\/www.supercars.net\/blog\/wp-content\/uploads\/2023\/11\/2023-Bugatti-05-1155x770.jpg 1155w, https:\/\/www.supercars.net\/blog\/wp-content\/uploads\/2023\/11\/2023-Bugatti-05-370x247.jpg 370w, https:\/\/www.supercars.net\/blog\/wp-content\/uploads\/2023\/11\/2023-Bugatti-05-293x195.jpg 293w, https:\/\/www.supercars.net\/blog\/wp-content\/uploads\/2023\/11\/2023-Bugatti-05-1400x933.jpg 1400w\" sizes=\"(max-width: 1800px) 100vw, 1800px\" \/><\/a><\/p>\n<p>&nbsp;<\/p>\n<p>In this temple of speed, the pilots felt the full potential of their Bugatti as they lapped the 4km track, before returning to the Marqu\u00e9s De Riscal Hotel. As the sun dipped below the horizon, the group made their way to Sierra Cantabria Vi\u00f1edos y Bodegas for a truly magnificent dinner and wine pairing experience overlooking the abundant vineyards that stretch far over the horizon.<\/p>\n<p><a href=\"https:\/\/www.supercars.net\/blog\/wp-content\/uploads\/2023\/11\/2023-Bugatti-06.jpg\"><img decoding=\"async\" class=\"alignnone size-full wp-image-799688\" src=\"https:\/\/www.supercars.net\/blog\/wp-content\/uploads\/2023\/11\/2023-Bugatti-06.jpg\" alt=\"\" width=\"1800\" height=\"1200\" srcset=\"https:\/\/www.supercars.net\/blog\/wp-content\/uploads\/2023\/11\/2023-Bugatti-06.jpg 1800w, https:\/\/www.supercars.net\/blog\/wp-content\/uploads\/2023\/11\/2023-Bugatti-06-300x200.jpg 300w, https:\/\/www.supercars.net\/blog\/wp-content\/uploads\/2023\/11\/2023-Bugatti-06-1024x683.jpg 1024w, https:\/\/www.supercars.net\/blog\/wp-content\/uploads\/2023\/11\/2023-Bugatti-06-100x67.jpg 100w, https:\/\/www.supercars.net\/blog\/wp-content\/uploads\/2023\/11\/2023-Bugatti-06-770x513.jpg 770w, https:\/\/www.supercars.net\/blog\/wp-content\/uploads\/2023\/11\/2023-Bugatti-06-1536x1024.jpg 1536w, https:\/\/www.supercars.net\/blog\/wp-content\/uploads\/2023\/11\/2023-Bugatti-06-360x240.jpg 360w, https:\/\/www.supercars.net\/blog\/wp-content\/uploads\/2023\/11\/2023-Bugatti-06-1155x770.jpg 1155w, https:\/\/www.supercars.net\/blog\/wp-content\/uploads\/2023\/11\/2023-Bugatti-06-370x247.jpg 370w, https:\/\/www.supercars.net\/blog\/wp-content\/uploads\/2023\/11\/2023-Bugatti-06-293x195.jpg 293w, https:\/\/www.supercars.net\/blog\/wp-content\/uploads\/2023\/11\/2023-Bugatti-06-1400x933.jpg 1400w\" sizes=\"(max-width: 1800px) 100vw, 1800px\" \/><\/a><\/p>\n<p>&nbsp;<\/p>\n<h2 style=\"text-align: center;\">Basque Region \u2013 Art and Fashion<\/h2>\n<p>The next morning, the sun radiated across the heart of the Basque Region as the Bugatti guests set off once again on the remarkable European Grand Tour. Winding through the lush scenery of the region, the procession of Bugattis cruised to the Cristobal Balenciaga Museum. One of the most influential fashion designers of the 20th century, Balenciaga was known for its purity of line, perfection in detail and innovative use of fabrics \u2013 much as the form-defining designs of Bugatti are today.<\/p>\n<p><a href=\"https:\/\/www.supercars.net\/blog\/wp-content\/uploads\/2023\/11\/2023-Bugatti-19.jpg\"><img decoding=\"async\" class=\"alignnone size-full wp-image-799689\" src=\"https:\/\/www.supercars.net\/blog\/wp-content\/uploads\/2023\/11\/2023-Bugatti-19.jpg\" alt=\"\" width=\"1800\" height=\"1200\" srcset=\"https:\/\/www.supercars.net\/blog\/wp-content\/uploads\/2023\/11\/2023-Bugatti-19.jpg 1800w, https:\/\/www.supercars.net\/blog\/wp-content\/uploads\/2023\/11\/2023-Bugatti-19-300x200.jpg 300w, https:\/\/www.supercars.net\/blog\/wp-content\/uploads\/2023\/11\/2023-Bugatti-19-1024x683.jpg 1024w, https:\/\/www.supercars.net\/blog\/wp-content\/uploads\/2023\/11\/2023-Bugatti-19-100x67.jpg 100w, https:\/\/www.supercars.net\/blog\/wp-content\/uploads\/2023\/11\/2023-Bugatti-19-770x513.jpg 770w, https:\/\/www.supercars.net\/blog\/wp-content\/uploads\/2023\/11\/2023-Bugatti-19-1536x1024.jpg 1536w, https:\/\/www.supercars.net\/blog\/wp-content\/uploads\/2023\/11\/2023-Bugatti-19-360x240.jpg 360w, https:\/\/www.supercars.net\/blog\/wp-content\/uploads\/2023\/11\/2023-Bugatti-19-1155x770.jpg 1155w, https:\/\/www.supercars.net\/blog\/wp-content\/uploads\/2023\/11\/2023-Bugatti-19-370x247.jpg 370w, https:\/\/www.supercars.net\/blog\/wp-content\/uploads\/2023\/11\/2023-Bugatti-19-293x195.jpg 293w, https:\/\/www.supercars.net\/blog\/wp-content\/uploads\/2023\/11\/2023-Bugatti-19-1400x933.jpg 1400w\" sizes=\"(max-width: 1800px) 100vw, 1800px\" \/><\/a><a href=\"https:\/\/www.supercars.net\/blog\/wp-content\/uploads\/2023\/11\/2023-Bugatti-20.jpg\"><img decoding=\"async\" class=\"alignnone size-full wp-image-799691\" src=\"https:\/\/www.supercars.net\/blog\/wp-content\/uploads\/2023\/11\/2023-Bugatti-20.jpg\" alt=\"\" width=\"1800\" height=\"1200\" srcset=\"https:\/\/www.supercars.net\/blog\/wp-content\/uploads\/2023\/11\/2023-Bugatti-20.jpg 1800w, https:\/\/www.supercars.net\/blog\/wp-content\/uploads\/2023\/11\/2023-Bugatti-20-300x200.jpg 300w, https:\/\/www.supercars.net\/blog\/wp-content\/uploads\/2023\/11\/2023-Bugatti-20-1024x683.jpg 1024w, https:\/\/www.supercars.net\/blog\/wp-content\/uploads\/2023\/11\/2023-Bugatti-20-100x67.jpg 100w, https:\/\/www.supercars.net\/blog\/wp-content\/uploads\/2023\/11\/2023-Bugatti-20-770x513.jpg 770w, https:\/\/www.supercars.net\/blog\/wp-content\/uploads\/2023\/11\/2023-Bugatti-20-1536x1024.jpg 1536w, https:\/\/www.supercars.net\/blog\/wp-content\/uploads\/2023\/11\/2023-Bugatti-20-360x240.jpg 360w, https:\/\/www.supercars.net\/blog\/wp-content\/uploads\/2023\/11\/2023-Bugatti-20-1155x770.jpg 1155w, https:\/\/www.supercars.net\/blog\/wp-content\/uploads\/2023\/11\/2023-Bugatti-20-370x247.jpg 370w, https:\/\/www.supercars.net\/blog\/wp-content\/uploads\/2023\/11\/2023-Bugatti-20-293x195.jpg 293w, https:\/\/www.supercars.net\/blog\/wp-content\/uploads\/2023\/11\/2023-Bugatti-20-1400x933.jpg 1400w\" sizes=\"(max-width: 1800px) 100vw, 1800px\" \/><\/a><\/p>\n<p>Guided by the dramatic coastal roads of the Bay of Biscay, the final drive of the tour began, proceeding to another masterpiece of modern architecture from Frank Gehry \u2013 the Guggenheim Museum in Bilbao. From behind the wheel of their hyper sports cars, the group of participants flowed effortlessly from the serenity of the surrounding countryside to the cultural and artistic mainstays of Bilbao, arriving at the base of the titanium structure of the museum, in time for a specially curated private experience.<\/p>\n<p><a href=\"https:\/\/www.supercars.net\/blog\/wp-content\/uploads\/2023\/11\/2023-Bugatti-23-1.jpg\"><img decoding=\"async\" class=\"alignnone size-full wp-image-799694\" src=\"https:\/\/www.supercars.net\/blog\/wp-content\/uploads\/2023\/11\/2023-Bugatti-23-1.jpg\" alt=\"\" width=\"1800\" height=\"1200\" srcset=\"https:\/\/www.supercars.net\/blog\/wp-content\/uploads\/2023\/11\/2023-Bugatti-23-1.jpg 1800w, https:\/\/www.supercars.net\/blog\/wp-content\/uploads\/2023\/11\/2023-Bugatti-23-1-300x200.jpg 300w, https:\/\/www.supercars.net\/blog\/wp-content\/uploads\/2023\/11\/2023-Bugatti-23-1-1024x683.jpg 1024w, https:\/\/www.supercars.net\/blog\/wp-content\/uploads\/2023\/11\/2023-Bugatti-23-1-100x67.jpg 100w, https:\/\/www.supercars.net\/blog\/wp-content\/uploads\/2023\/11\/2023-Bugatti-23-1-770x513.jpg 770w, https:\/\/www.supercars.net\/blog\/wp-content\/uploads\/2023\/11\/2023-Bugatti-23-1-1536x1024.jpg 1536w, https:\/\/www.supercars.net\/blog\/wp-content\/uploads\/2023\/11\/2023-Bugatti-23-1-360x240.jpg 360w, https:\/\/www.supercars.net\/blog\/wp-content\/uploads\/2023\/11\/2023-Bugatti-23-1-1155x770.jpg 1155w, https:\/\/www.supercars.net\/blog\/wp-content\/uploads\/2023\/11\/2023-Bugatti-23-1-370x247.jpg 370w, https:\/\/www.supercars.net\/blog\/wp-content\/uploads\/2023\/11\/2023-Bugatti-23-1-293x195.jpg 293w, https:\/\/www.supercars.net\/blog\/wp-content\/uploads\/2023\/11\/2023-Bugatti-23-1-1400x933.jpg 1400w\" sizes=\"(max-width: 1800px) 100vw, 1800px\" \/><\/a><\/p>\n<p>&nbsp;<\/p>\n<p>&nbsp;<\/p>\n<p>The evening at the Guggenheim Museum encompassed an immersive tour and the spectacular local cuisine of Josean Alija\u2019s Nerua; a fitting ending to a remarkable journey.<\/p>\n<p><a href=\"https:\/\/www.supercars.net\/blog\/wp-content\/uploads\/2023\/11\/2023-Bugatti-04.jpg\"><img decoding=\"async\" class=\"alignnone size-full wp-image-799695\" src=\"https:\/\/www.supercars.net\/blog\/wp-content\/uploads\/2023\/11\/2023-Bugatti-04.jpg\" alt=\"\" width=\"1800\" height=\"1200\" srcset=\"https:\/\/www.supercars.net\/blog\/wp-content\/uploads\/2023\/11\/2023-Bugatti-04.jpg 1800w, https:\/\/www.supercars.net\/blog\/wp-content\/uploads\/2023\/11\/2023-Bugatti-04-300x200.jpg 300w, https:\/\/www.supercars.net\/blog\/wp-content\/uploads\/2023\/11\/2023-Bugatti-04-1024x683.jpg 1024w, https:\/\/www.supercars.net\/blog\/wp-content\/uploads\/2023\/11\/2023-Bugatti-04-100x67.jpg 100w, https:\/\/www.supercars.net\/blog\/wp-content\/uploads\/2023\/11\/2023-Bugatti-04-770x513.jpg 770w, https:\/\/www.supercars.net\/blog\/wp-content\/uploads\/2023\/11\/2023-Bugatti-04-1536x1024.jpg 1536w, https:\/\/www.supercars.net\/blog\/wp-content\/uploads\/2023\/11\/2023-Bugatti-04-360x240.jpg 360w, https:\/\/www.supercars.net\/blog\/wp-content\/uploads\/2023\/11\/2023-Bugatti-04-1155x770.jpg 1155w, https:\/\/www.supercars.net\/blog\/wp-content\/uploads\/2023\/11\/2023-Bugatti-04-370x247.jpg 370w, https:\/\/www.supercars.net\/blog\/wp-content\/uploads\/2023\/11\/2023-Bugatti-04-293x195.jpg 293w, https:\/\/www.supercars.net\/blog\/wp-content\/uploads\/2023\/11\/2023-Bugatti-04-1400x933.jpg 1400w\" sizes=\"(max-width: 1800px) 100vw, 1800px\" \/><\/a><\/p>\n<p>&nbsp;<\/p>\n<p>All content <strong>\u00a9<\/strong> 2023 Bugatti<\/p>\n<h2>Bugatti&#8217;s Tour in America<\/h2>\n<p><iframe class=\"zeen-lazy-load-base zeen-lazy-load\" title=\"The BUGATTI Grand Tour America 2023\" width=\"1200\" height=\"675\" src=\"about:blank\" data-lazy-src=\"https:\/\/www.youtube.com\/embed\/I8SpoaJRRyg?feature=oembed\" frameborder=\"0\" allow=\"accelerometer; autoplay; clipboard-write; encrypted-media; gyroscope; picture-in-picture; web-share\" allowfullscreen><\/iframe><noscript><iframe title=\"The BUGATTI Grand Tour America 2023\" width=\"1200\" height=\"675\" src=\"https:\/\/www.youtube.com\/embed\/I8SpoaJRRyg?feature=oembed\" frameborder=\"0\" allow=\"accelerometer; autoplay; clipboard-write; encrypted-media; gyroscope; picture-in-picture; web-share\" allowfullscreen><\/iframe><\/noscript><\/p>\n","protected":false},"excerpt":{"rendered":"<p>Whether behind the wheel of the Chiron or Veyron, the Bugatti ownership experience transcends driving. Seamlessly blending elegance and cutting-edge technology, a Bugatti intensifies the emotions of a journey. To showcase this unique ability, owners of Molsheim\u2019s hyper sports cars were invited to the Basque Region for the 2023 edition of the European Grand Tour. &nbsp; Home to one of Europe&#8217;s oldest and richest cultures, the Basque Region is remarkably unique in its history, language and traditions. Sprawling along the [&hellip;]<\/p>\n","protected":false},"author":75,"featured_media":799670,"comment_status":"open","ping_status":"closed","sticky":false,"template":"","format":"standard","meta":{"footnotes":""},"categories":[495,260,17565],"tags":[5469,17908,432,16912],"class_list":["post-793643","post","type-post","status-publish","format-standard","has-post-thumbnail","hentry","category-bugatti","category-car-events","category-concours-events","tag-bugatti","tag-bugatti-events","tag-events","tag-events-concours"],"yoast_head":"<!-- This site is optimized with the Yoast SEO plugin v27.4 - https:\/\/yoast.com\/product\/yoast-seo-wordpress\/ -->\n<title>Bugatti in the Basque Region<\/title>\n<meta name=\"description\" content=\"Owners of Bugatti hyper sports cars were invited to the Basque Region for the 2023 edition of the European Grand Tour\" \/>\n<meta name=\"robots\" content=\"index, follow, max-snippet:-1, max-image-preview:large, max-video-preview:-1\" \/>\n<link rel=\"canonical\" href=\"https:\/\/www.supercars.net\/blog\/bugatti-in-the-basque-region\/\" \/>\n<meta property=\"og:locale\" content=\"en_US\" \/>\n<meta property=\"og:type\" content=\"article\" \/>\n<meta property=\"og:title\" content=\"Bugatti in the Basque Region\" \/>\n<meta property=\"og:description\" content=\"Owners of Bugatti hyper sports cars were invited to the Basque Region for the 2023 edition of the European Grand Tour\" \/>\n<meta property=\"og:url\" content=\"https:\/\/www.supercars.net\/blog\/bugatti-in-the-basque-region\/\" \/>\n<meta property=\"og:site_name\" content=\"Supercars.net\" \/>\n<meta property=\"article:publisher\" content=\"https:\/\/www.facebook.com\/Supercars.net\/\" \/>\n<meta property=\"article:published_time\" content=\"2023-11-15T18:06:51+00:00\" \/>\n<meta property=\"article:modified_time\" content=\"2024-02-24T00:26:04+00:00\" \/>\n<meta property=\"og:image\" content=\"https:\/\/www.supercars.net\/blog\/wp-content\/uploads\/2023\/11\/2023-Bugatti-25.jpg\" \/>\n\t<meta property=\"og:image:width\" content=\"1800\" \/>\n\t<meta property=\"og:image:height\" content=\"1012\" \/>\n\t<meta property=\"og:image:type\" content=\"image\/jpeg\" \/>\n<meta name=\"author\" content=\"Rex Mcafee\" \/>\n<meta name=\"twitter:card\" content=\"summary_large_image\" \/>\n<meta name=\"twitter:creator\" content=\"@supercars_net\" \/>\n<meta name=\"twitter:site\" content=\"@supercars_net\" \/>\n<meta name=\"twitter:label1\" content=\"Written by\" \/>\n\t<meta name=\"twitter:data1\" content=\"Rex Mcafee\" \/>\n\t<meta name=\"twitter:label2\" content=\"Est. reading time\" \/>\n\t<meta name=\"twitter:data2\" content=\"8 minutes\" \/>\n<script type=\"application\/ld+json\" class=\"yoast-schema-graph\">{\"@context\":\"https:\\\/\\\/schema.org\",\"@graph\":[{\"@type\":\"Article\",\"@id\":\"https:\\\/\\\/www.supercars.net\\\/blog\\\/bugatti-in-the-basque-region\\\/#article\",\"isPartOf\":{\"@id\":\"https:\\\/\\\/www.supercars.net\\\/blog\\\/bugatti-in-the-basque-region\\\/\"},\"author\":{\"name\":\"Rex Mcafee\",\"@id\":\"https:\\\/\\\/www.supercars.net\\\/blog\\\/#\\\/schema\\\/person\\\/e9915d59b2394af05e42320f3debfe8a\"},\"headline\":\"Bugatti in the Basque Region\",\"datePublished\":\"2023-11-15T18:06:51+00:00\",\"dateModified\":\"2024-02-24T00:26:04+00:00\",\"mainEntityOfPage\":{\"@id\":\"https:\\\/\\\/www.supercars.net\\\/blog\\\/bugatti-in-the-basque-region\\\/\"},\"wordCount\":958,\"commentCount\":0,\"image\":{\"@id\":\"https:\\\/\\\/www.supercars.net\\\/blog\\\/bugatti-in-the-basque-region\\\/#primaryimage\"},\"thumbnailUrl\":\"https:\\\/\\\/www.supercars.net\\\/blog\\\/wp-content\\\/uploads\\\/2023\\\/11\\\/2023-Bugatti-25.jpg\",\"keywords\":[\"Bugatti\",\"Bugatti Events\",\"Event (Car Events &amp; Shows)\",\"Event (Concours)\"],\"articleSection\":[\"Bugatti\",\"Car Events &amp; Shows\",\"Concours Events\"],\"inLanguage\":\"en-US\",\"potentialAction\":[{\"@type\":\"CommentAction\",\"name\":\"Comment\",\"target\":[\"https:\\\/\\\/www.supercars.net\\\/blog\\\/bugatti-in-the-basque-region\\\/#respond\"]}]},{\"@type\":\"WebPage\",\"@id\":\"https:\\\/\\\/www.supercars.net\\\/blog\\\/bugatti-in-the-basque-region\\\/\",\"url\":\"https:\\\/\\\/www.supercars.net\\\/blog\\\/bugatti-in-the-basque-region\\\/\",\"name\":\"Bugatti in the Basque Region\",\"isPartOf\":{\"@id\":\"https:\\\/\\\/www.supercars.net\\\/blog\\\/#website\"},\"primaryImageOfPage\":{\"@id\":\"https:\\\/\\\/www.supercars.net\\\/blog\\\/bugatti-in-the-basque-region\\\/#primaryimage\"},\"image\":{\"@id\":\"https:\\\/\\\/www.supercars.net\\\/blog\\\/bugatti-in-the-basque-region\\\/#primaryimage\"},\"thumbnailUrl\":\"https:\\\/\\\/www.supercars.net\\\/blog\\\/wp-content\\\/uploads\\\/2023\\\/11\\\/2023-Bugatti-25.jpg\",\"datePublished\":\"2023-11-15T18:06:51+00:00\",\"dateModified\":\"2024-02-24T00:26:04+00:00\",\"author\":{\"@id\":\"https:\\\/\\\/www.supercars.net\\\/blog\\\/#\\\/schema\\\/person\\\/e9915d59b2394af05e42320f3debfe8a\"},\"description\":\"Owners of Bugatti hyper sports cars were invited to the Basque Region for the 2023 edition of the European Grand Tour\",\"breadcrumb\":{\"@id\":\"https:\\\/\\\/www.supercars.net\\\/blog\\\/bugatti-in-the-basque-region\\\/#breadcrumb\"},\"inLanguage\":\"en-US\",\"potentialAction\":[{\"@type\":\"ReadAction\",\"target\":[\"https:\\\/\\\/www.supercars.net\\\/blog\\\/bugatti-in-the-basque-region\\\/\"]}]},{\"@type\":\"ImageObject\",\"inLanguage\":\"en-US\",\"@id\":\"https:\\\/\\\/www.supercars.net\\\/blog\\\/bugatti-in-the-basque-region\\\/#primaryimage\",\"url\":\"https:\\\/\\\/www.supercars.net\\\/blog\\\/wp-content\\\/uploads\\\/2023\\\/11\\\/2023-Bugatti-25.jpg\",\"contentUrl\":\"https:\\\/\\\/www.supercars.net\\\/blog\\\/wp-content\\\/uploads\\\/2023\\\/11\\\/2023-Bugatti-25.jpg\",\"width\":1800,\"height\":1012},{\"@type\":\"BreadcrumbList\",\"@id\":\"https:\\\/\\\/www.supercars.net\\\/blog\\\/bugatti-in-the-basque-region\\\/#breadcrumb\",\"itemListElement\":[{\"@type\":\"ListItem\",\"position\":1,\"name\":\"Home\",\"item\":\"https:\\\/\\\/www.supercars.net\\\/blog\\\/\"},{\"@type\":\"ListItem\",\"position\":2,\"name\":\"Bugatti in the Basque Region\"}]},{\"@type\":\"WebSite\",\"@id\":\"https:\\\/\\\/www.supercars.net\\\/blog\\\/#website\",\"url\":\"https:\\\/\\\/www.supercars.net\\\/blog\\\/\",\"name\":\"Supercars.net\",\"description\":\"Exotic and Supercar news, information, pictures and videos\",\"potentialAction\":[{\"@type\":\"SearchAction\",\"target\":{\"@type\":\"EntryPoint\",\"urlTemplate\":\"https:\\\/\\\/www.supercars.net\\\/blog\\\/?s={search_term_string}\"},\"query-input\":{\"@type\":\"PropertyValueSpecification\",\"valueRequired\":true,\"valueName\":\"search_term_string\"}}],\"inLanguage\":\"en-US\"},{\"@type\":\"Person\",\"@id\":\"https:\\\/\\\/www.supercars.net\\\/blog\\\/#\\\/schema\\\/person\\\/e9915d59b2394af05e42320f3debfe8a\",\"name\":\"Rex Mcafee\",\"image\":{\"@type\":\"ImageObject\",\"inLanguage\":\"en-US\",\"@id\":\"https:\\\/\\\/www.supercars.net\\\/blog\\\/wp-content\\\/uploads\\\/2023\\\/01\\\/RM1_7849-1-e1643753626849-96x96-1.jpeg\",\"url\":\"https:\\\/\\\/www.supercars.net\\\/blog\\\/wp-content\\\/uploads\\\/2023\\\/01\\\/RM1_7849-1-e1643753626849-96x96-1.jpeg\",\"contentUrl\":\"https:\\\/\\\/www.supercars.net\\\/blog\\\/wp-content\\\/uploads\\\/2023\\\/01\\\/RM1_7849-1-e1643753626849-96x96-1.jpeg\",\"caption\":\"Rex Mcafee\"},\"description\":\"Published photographer and writer for several Porsche and Ferrari magazines. I currently reside in Southern California and I am very grateful for all of the opportunities the local car culture presents me with. Currently the editor of the 356 Club of Southern California. Sharing the car's history through the club's magazine is a true privilege. I also am a core member of the SportsCarDigest.com and Stuttcars.com team, working on content organization and event scheduling, to ensure great coverage of all Porsche and classic car events globally.\",\"sameAs\":[\"https:\\\/\\\/www.instagram.com\\\/rexmcafee\\\/\"],\"url\":\"https:\\\/\\\/www.supercars.net\\\/blog\\\/author\\\/rexmcafee\\\/\"}]}<\/script>\n<!-- \/ Yoast SEO plugin. -->","yoast_head_json":{"title":"Bugatti in the Basque Region","description":"Owners of Bugatti hyper sports cars were invited to the Basque Region for the 2023 edition of the European Grand Tour","robots":{"index":"index","follow":"follow","max-snippet":"max-snippet:-1","max-image-preview":"max-image-preview:large","max-video-preview":"max-video-preview:-1"},"canonical":"https:\/\/www.supercars.net\/blog\/bugatti-in-the-basque-region\/","og_locale":"en_US","og_type":"article","og_title":"Bugatti in the Basque Region","og_description":"Owners of Bugatti hyper sports cars were invited to the Basque Region for the 2023 edition of the European Grand Tour","og_url":"https:\/\/www.supercars.net\/blog\/bugatti-in-the-basque-region\/","og_site_name":"Supercars.net","article_publisher":"https:\/\/www.facebook.com\/Supercars.net\/","article_published_time":"2023-11-15T18:06:51+00:00","article_modified_time":"2024-02-24T00:26:04+00:00","og_image":[{"width":1800,"height":1012,"url":"https:\/\/www.supercars.net\/blog\/wp-content\/uploads\/2023\/11\/2023-Bugatti-25.jpg","type":"image\/jpeg"}],"author":"Rex Mcafee","twitter_card":"summary_large_image","twitter_creator":"@supercars_net","twitter_site":"@supercars_net","twitter_misc":{"Written by":"Rex Mcafee","Est. reading time":"8 minutes"},"schema":{"@context":"https:\/\/schema.org","@graph":[{"@type":"Article","@id":"https:\/\/www.supercars.net\/blog\/bugatti-in-the-basque-region\/#article","isPartOf":{"@id":"https:\/\/www.supercars.net\/blog\/bugatti-in-the-basque-region\/"},"author":{"name":"Rex Mcafee","@id":"https:\/\/www.supercars.net\/blog\/#\/schema\/person\/e9915d59b2394af05e42320f3debfe8a"},"headline":"Bugatti in the Basque Region","datePublished":"2023-11-15T18:06:51+00:00","dateModified":"2024-02-24T00:26:04+00:00","mainEntityOfPage":{"@id":"https:\/\/www.supercars.net\/blog\/bugatti-in-the-basque-region\/"},"wordCount":958,"commentCount":0,"image":{"@id":"https:\/\/www.supercars.net\/blog\/bugatti-in-the-basque-region\/#primaryimage"},"thumbnailUrl":"https:\/\/www.supercars.net\/blog\/wp-content\/uploads\/2023\/11\/2023-Bugatti-25.jpg","keywords":["Bugatti","Bugatti Events","Event (Car Events &amp; Shows)","Event (Concours)"],"articleSection":["Bugatti","Car Events &amp; Shows","Concours Events"],"inLanguage":"en-US","potentialAction":[{"@type":"CommentAction","name":"Comment","target":["https:\/\/www.supercars.net\/blog\/bugatti-in-the-basque-region\/#respond"]}]},{"@type":"WebPage","@id":"https:\/\/www.supercars.net\/blog\/bugatti-in-the-basque-region\/","url":"https:\/\/www.supercars.net\/blog\/bugatti-in-the-basque-region\/","name":"Bugatti in the Basque Region","isPartOf":{"@id":"https:\/\/www.supercars.net\/blog\/#website"},"primaryImageOfPage":{"@id":"https:\/\/www.supercars.net\/blog\/bugatti-in-the-basque-region\/#primaryimage"},"image":{"@id":"https:\/\/www.supercars.net\/blog\/bugatti-in-the-basque-region\/#primaryimage"},"thumbnailUrl":"https:\/\/www.supercars.net\/blog\/wp-content\/uploads\/2023\/11\/2023-Bugatti-25.jpg","datePublished":"2023-11-15T18:06:51+00:00","dateModified":"2024-02-24T00:26:04+00:00","author":{"@id":"https:\/\/www.supercars.net\/blog\/#\/schema\/person\/e9915d59b2394af05e42320f3debfe8a"},"description":"Owners of Bugatti hyper sports cars were invited to the Basque Region for the 2023 edition of the European Grand Tour","breadcrumb":{"@id":"https:\/\/www.supercars.net\/blog\/bugatti-in-the-basque-region\/#breadcrumb"},"inLanguage":"en-US","potentialAction":[{"@type":"ReadAction","target":["https:\/\/www.supercars.net\/blog\/bugatti-in-the-basque-region\/"]}]},{"@type":"ImageObject","inLanguage":"en-US","@id":"https:\/\/www.supercars.net\/blog\/bugatti-in-the-basque-region\/#primaryimage","url":"https:\/\/www.supercars.net\/blog\/wp-content\/uploads\/2023\/11\/2023-Bugatti-25.jpg","contentUrl":"https:\/\/www.supercars.net\/blog\/wp-content\/uploads\/2023\/11\/2023-Bugatti-25.jpg","width":1800,"height":1012},{"@type":"BreadcrumbList","@id":"https:\/\/www.supercars.net\/blog\/bugatti-in-the-basque-region\/#breadcrumb","itemListElement":[{"@type":"ListItem","position":1,"name":"Home","item":"https:\/\/www.supercars.net\/blog\/"},{"@type":"ListItem","position":2,"name":"Bugatti in the Basque Region"}]},{"@type":"WebSite","@id":"https:\/\/www.supercars.net\/blog\/#website","url":"https:\/\/www.supercars.net\/blog\/","name":"Supercars.net","description":"Exotic and Supercar news, information, pictures and videos","potentialAction":[{"@type":"SearchAction","target":{"@type":"EntryPoint","urlTemplate":"https:\/\/www.supercars.net\/blog\/?s={search_term_string}"},"query-input":{"@type":"PropertyValueSpecification","valueRequired":true,"valueName":"search_term_string"}}],"inLanguage":"en-US"},{"@type":"Person","@id":"https:\/\/www.supercars.net\/blog\/#\/schema\/person\/e9915d59b2394af05e42320f3debfe8a","name":"Rex Mcafee","image":{"@type":"ImageObject","inLanguage":"en-US","@id":"https:\/\/www.supercars.net\/blog\/wp-content\/uploads\/2023\/01\/RM1_7849-1-e1643753626849-96x96-1.jpeg","url":"https:\/\/www.supercars.net\/blog\/wp-content\/uploads\/2023\/01\/RM1_7849-1-e1643753626849-96x96-1.jpeg","contentUrl":"https:\/\/www.supercars.net\/blog\/wp-content\/uploads\/2023\/01\/RM1_7849-1-e1643753626849-96x96-1.jpeg","caption":"Rex Mcafee"},"description":"Published photographer and writer for several Porsche and Ferrari magazines. I currently reside in Southern California and I am very grateful for all of the opportunities the local car culture presents me with. Currently the editor of the 356 Club of Southern California. Sharing the car's history through the club's magazine is a true privilege. I also am a core member of the SportsCarDigest.com and Stuttcars.com team, working on content organization and event scheduling, to ensure great coverage of all Porsche and classic car events globally.","sameAs":["https:\/\/www.instagram.com\/rexmcafee\/"],"url":"https:\/\/www.supercars.net\/blog\/author\/rexmcafee\/"}]}},"_links":{"self":[{"href":"https:\/\/www.supercars.net\/blog\/wp-json\/wp\/v2\/posts\/793643","targetHints":{"allow":["GET"]}}],"collection":[{"href":"https:\/\/www.supercars.net\/blog\/wp-json\/wp\/v2\/posts"}],"about":[{"href":"https:\/\/www.supercars.net\/blog\/wp-json\/wp\/v2\/types\/post"}],"author":[{"embeddable":true,"href":"https:\/\/www.supercars.net\/blog\/wp-json\/wp\/v2\/users\/75"}],"replies":[{"embeddable":true,"href":"https:\/\/www.supercars.net\/blog\/wp-json\/wp\/v2\/comments?post=793643"}],"version-history":[{"count":0,"href":"https:\/\/www.supercars.net\/blog\/wp-json\/wp\/v2\/posts\/793643\/revisions"}],"wp:featuredmedia":[{"embeddable":true,"href":"https:\/\/www.supercars.net\/blog\/wp-json\/wp\/v2\/media\/799670"}],"wp:attachment":[{"href":"https:\/\/www.supercars.net\/blog\/wp-json\/wp\/v2\/media?parent=793643"}],"wp:term":[{"taxonomy":"category","embeddable":true,"href":"https:\/\/www.supercars.net\/blog\/wp-json\/wp\/v2\/categories?post=793643"},{"taxonomy":"post_tag","embeddable":true,"href":"https:\/\/www.supercars.net\/blog\/wp-json\/wp\/v2\/tags?post=793643"}],"curies":[{"name":"wp","href":"https:\/\/api.w.org\/{rel}","templated":true}]}}