{"id":892928,"date":"2026-01-30T18:20:42","date_gmt":"2026-01-30T18:20:42","guid":{"rendered":"https:\/\/www.supercars.net\/blog\/?p=892928"},"modified":"2026-01-30T18:25:50","modified_gmt":"2026-01-30T18:25:50","slug":"bugatti-unveils-the-f-k-p-hommage-at-retromobile","status":"publish","type":"post","link":"https:\/\/www.supercars.net\/blog\/bugatti-unveils-the-f-k-p-hommage-at-retromobile\/","title":{"rendered":"Bugatti unveils the &#8220;F.K.P. Hommage&#8221; at R\u00e9tromobile"},"content":{"rendered":"<p>Following its digital unveiling on January 22, <a href=\"http:\/\/www.bugatti.com\" target=\"_blank\" rel=\"noopener\">Bugatti<\/a> presented the physical World Premiere of the F.K.P. Hommage at <a href=\"https:\/\/www.retromobile.com\/en\/\" target=\"_blank\" rel=\"noopener\">R\u00e9tromobile<\/a> 2026, as part of the inaugural Ultimate Supercar Garage. Dedicated to the world of supercars, this new space within the prestigious Parisian event provided a fitting stage for the second creation from Programme Solitaire, marking a moment that seamlessly connected Bugatti\u2019s contemporary vision of bespoke craftsmanship with its rich heritage.<\/p>\n<p><a href=\"https:\/\/www.supercars.net\/blog\/wp-content\/uploads\/2026\/01\/Bugatti-Veyron-FKP-Hommage-302.jpg\"><img decoding=\"async\" class=\"alignnone size-full wp-image-892938\" src=\"https:\/\/www.supercars.net\/blog\/wp-content\/uploads\/2026\/01\/Bugatti-Veyron-FKP-Hommage-302.jpg\" alt=\"\" width=\"2000\" height=\"1428\" srcset=\"https:\/\/www.supercars.net\/blog\/wp-content\/uploads\/2026\/01\/Bugatti-Veyron-FKP-Hommage-302.jpg 2000w, https:\/\/www.supercars.net\/blog\/wp-content\/uploads\/2026\/01\/Bugatti-Veyron-FKP-Hommage-302-300x214.jpg 300w, https:\/\/www.supercars.net\/blog\/wp-content\/uploads\/2026\/01\/Bugatti-Veyron-FKP-Hommage-302-1024x731.jpg 1024w, https:\/\/www.supercars.net\/blog\/wp-content\/uploads\/2026\/01\/Bugatti-Veyron-FKP-Hommage-302-100x71.jpg 100w, https:\/\/www.supercars.net\/blog\/wp-content\/uploads\/2026\/01\/Bugatti-Veyron-FKP-Hommage-302-770x550.jpg 770w, https:\/\/www.supercars.net\/blog\/wp-content\/uploads\/2026\/01\/Bugatti-Veyron-FKP-Hommage-302-1536x1097.jpg 1536w, https:\/\/www.supercars.net\/blog\/wp-content\/uploads\/2026\/01\/Bugatti-Veyron-FKP-Hommage-302-500x357.jpg 500w, https:\/\/www.supercars.net\/blog\/wp-content\/uploads\/2026\/01\/Bugatti-Veyron-FKP-Hommage-302-293x209.jpg 293w, https:\/\/www.supercars.net\/blog\/wp-content\/uploads\/2026\/01\/Bugatti-Veyron-FKP-Hommage-302-1400x1000.jpg 1400w\" sizes=\"(max-width: 2000px) 100vw, 2000px\" \/><\/a><\/p>\n<p>That connection traces back two decades to the Bugatti Veyron, a car that reimagined what was possible in the automotive world and created an entirely new category of performance. Born from the vision of Prof. Dr. Ferdinand Karl Pi\u00ebch, the Veyron combined unprecedented power with refinement, establishing benchmarks that continue to inspire Bugatti today and form the philosophical foundation behind the F.K.P. Hommage.<\/p>\n<p>Capturing the attention of the automotive world and international media, Bugatti unveiled the F.K.P. Hommage, with Bugatti CEO Mate Rimac opening the presentation. The unveiling formed part of a landmark year for the brand, building on the launch of Programme Solitaire and the 20th anniversary of the Bugatti Veyron \u2013 a car that rewrote performance expectations with more than 1,000 horsepower, and established the new hyper-GT segment. Central to that legacy was the uncompromising vision of Prof. Dr. Ferdinand Karl Pi\u00ebch, an ambition that still guides Bugatti today.<\/p>\n<p><a href=\"https:\/\/www.supercars.net\/blog\/wp-content\/uploads\/2026\/01\/Bugatti-Veyron-FKP-Hommage-303-scaled.jpg\"><img decoding=\"async\" class=\"alignnone size-full wp-image-892935\" src=\"https:\/\/www.supercars.net\/blog\/wp-content\/uploads\/2026\/01\/Bugatti-Veyron-FKP-Hommage-303-scaled.jpg\" alt=\"\" width=\"1829\" height=\"2560\" srcset=\"https:\/\/www.supercars.net\/blog\/wp-content\/uploads\/2026\/01\/Bugatti-Veyron-FKP-Hommage-303-scaled.jpg 1829w, https:\/\/www.supercars.net\/blog\/wp-content\/uploads\/2026\/01\/Bugatti-Veyron-FKP-Hommage-303-214x300.jpg 214w, https:\/\/www.supercars.net\/blog\/wp-content\/uploads\/2026\/01\/Bugatti-Veyron-FKP-Hommage-303-731x1024.jpg 731w, https:\/\/www.supercars.net\/blog\/wp-content\/uploads\/2026\/01\/Bugatti-Veyron-FKP-Hommage-303-71x100.jpg 71w, https:\/\/www.supercars.net\/blog\/wp-content\/uploads\/2026\/01\/Bugatti-Veyron-FKP-Hommage-303-770x1078.jpg 770w, https:\/\/www.supercars.net\/blog\/wp-content\/uploads\/2026\/01\/Bugatti-Veyron-FKP-Hommage-303-1097x1536.jpg 1097w, https:\/\/www.supercars.net\/blog\/wp-content\/uploads\/2026\/01\/Bugatti-Veyron-FKP-Hommage-303-1463x2048.jpg 1463w, https:\/\/www.supercars.net\/blog\/wp-content\/uploads\/2026\/01\/Bugatti-Veyron-FKP-Hommage-303-500x700.jpg 500w, https:\/\/www.supercars.net\/blog\/wp-content\/uploads\/2026\/01\/Bugatti-Veyron-FKP-Hommage-303-293x410.jpg 293w, https:\/\/www.supercars.net\/blog\/wp-content\/uploads\/2026\/01\/Bugatti-Veyron-FKP-Hommage-303-1400x1960.jpg 1400w\" sizes=\"(max-width: 1829px) 100vw, 1829px\" \/><\/a><\/p>\n<p>The F.K.P. Hommage continues the legacy established by Programme Solitaire&#8217;s inaugural creation, Brouillard, unveiled at Monterey Car Week in August 2025. Limited to just two unique masterpieces per year, Programme Solitaire represents Bugatti&#8217;s commitment to the Art of Coachbuilding, offering enthusiasts the opportunity to create truly bespoke, one-of-a-kind vehicles that reflect their individual vision while paying tribute to Bugatti&#8217;s storied heritage.<\/p>\n<p><a href=\"https:\/\/www.supercars.net\/blog\/wp-content\/uploads\/2026\/01\/Bugatti-Veyron-FKP-Hommage-307.jpg\"><img decoding=\"async\" class=\"alignnone size-full wp-image-892933\" src=\"https:\/\/www.supercars.net\/blog\/wp-content\/uploads\/2026\/01\/Bugatti-Veyron-FKP-Hommage-307.jpg\" alt=\"\" width=\"2000\" height=\"1429\" srcset=\"https:\/\/www.supercars.net\/blog\/wp-content\/uploads\/2026\/01\/Bugatti-Veyron-FKP-Hommage-307.jpg 2000w, https:\/\/www.supercars.net\/blog\/wp-content\/uploads\/2026\/01\/Bugatti-Veyron-FKP-Hommage-307-300x214.jpg 300w, https:\/\/www.supercars.net\/blog\/wp-content\/uploads\/2026\/01\/Bugatti-Veyron-FKP-Hommage-307-1024x732.jpg 1024w, https:\/\/www.supercars.net\/blog\/wp-content\/uploads\/2026\/01\/Bugatti-Veyron-FKP-Hommage-307-100x71.jpg 100w, https:\/\/www.supercars.net\/blog\/wp-content\/uploads\/2026\/01\/Bugatti-Veyron-FKP-Hommage-307-770x550.jpg 770w, https:\/\/www.supercars.net\/blog\/wp-content\/uploads\/2026\/01\/Bugatti-Veyron-FKP-Hommage-307-1536x1097.jpg 1536w, https:\/\/www.supercars.net\/blog\/wp-content\/uploads\/2026\/01\/Bugatti-Veyron-FKP-Hommage-307-500x357.jpg 500w, https:\/\/www.supercars.net\/blog\/wp-content\/uploads\/2026\/01\/Bugatti-Veyron-FKP-Hommage-307-293x209.jpg 293w, https:\/\/www.supercars.net\/blog\/wp-content\/uploads\/2026\/01\/Bugatti-Veyron-FKP-Hommage-307-1400x1000.jpg 1400w\" sizes=\"(max-width: 2000px) 100vw, 2000px\" \/><\/a><\/p>\n<p>The moment of unveiling was led by Bugatti Head of Design, Frank Heyl, who introduced the F.K.P. Hommage to an enthusiastic audience and explained the design philosophy behind this extraordinary one-off. Built on the latest evolution of Bugatti\u2019s W16 platform, featuring a 1,600 hp quad-turbocharged engine that represents the pinnacle of two decades of engineering refinement, the F.K.P. Hommage thoughtfully bridges past and present.<\/p>\n<p>The exterior preserves the Veyron\u2019s iconic leaning-back posture and dropping belt line, while refining every surface, enlarging air intakes to support the enhanced powertrain, and introducing a three-dimensional horseshoe grille machined from solid aluminum that flows organically into the bodywork. A distinctive multi-layer Rouge Jubil\u00e9 paint finish \u2013 an evolution from the original \u2018Absolute Red\u2019 that featured on the Veyron \u2013 creates extraordinary visual depth, contrasted by black-tinted exposed carbon fiber.<\/p>\n<p>Inside, the F.K.P. Hommage represents a near-complete evolution compared with recent W16 models, including Chiron and Mistral. A bespoke circular steering wheel, along with a centre console and tunnel cover machined from solid aluminum blocks, evokes the spirit of the original Veyron, while a custom \u2018Ettore Grand\u2019 fabric in the color \u2018Havana\u2019, showcases the brand\u2019s most advanced craft. Dominating the dashboard is a 41 mm Audemars Piguet Royal Oak Tourbillon, integrated at the customer\u2019s request and set within an engine-turned \u201cisland\u201d, serving as a tribute to Bugatti\u2019s historic engineering heritage.<\/p>\n<p><a href=\"https:\/\/www.supercars.net\/blog\/wp-content\/uploads\/2026\/01\/Bugatti-Veyron-FKP-Hommage-306.jpg\"><img decoding=\"async\" class=\"alignnone size-full wp-image-892932\" src=\"https:\/\/www.supercars.net\/blog\/wp-content\/uploads\/2026\/01\/Bugatti-Veyron-FKP-Hommage-306.jpg\" alt=\"\" width=\"2000\" height=\"1335\" srcset=\"https:\/\/www.supercars.net\/blog\/wp-content\/uploads\/2026\/01\/Bugatti-Veyron-FKP-Hommage-306.jpg 2000w, https:\/\/www.supercars.net\/blog\/wp-content\/uploads\/2026\/01\/Bugatti-Veyron-FKP-Hommage-306-300x200.jpg 300w, https:\/\/www.supercars.net\/blog\/wp-content\/uploads\/2026\/01\/Bugatti-Veyron-FKP-Hommage-306-1024x684.jpg 1024w, https:\/\/www.supercars.net\/blog\/wp-content\/uploads\/2026\/01\/Bugatti-Veyron-FKP-Hommage-306-100x67.jpg 100w, https:\/\/www.supercars.net\/blog\/wp-content\/uploads\/2026\/01\/Bugatti-Veyron-FKP-Hommage-306-770x514.jpg 770w, https:\/\/www.supercars.net\/blog\/wp-content\/uploads\/2026\/01\/Bugatti-Veyron-FKP-Hommage-306-1536x1025.jpg 1536w, https:\/\/www.supercars.net\/blog\/wp-content\/uploads\/2026\/01\/Bugatti-Veyron-FKP-Hommage-306-360x240.jpg 360w, https:\/\/www.supercars.net\/blog\/wp-content\/uploads\/2026\/01\/Bugatti-Veyron-FKP-Hommage-306-500x334.jpg 500w, https:\/\/www.supercars.net\/blog\/wp-content\/uploads\/2026\/01\/Bugatti-Veyron-FKP-Hommage-306-1155x770.jpg 1155w, https:\/\/www.supercars.net\/blog\/wp-content\/uploads\/2026\/01\/Bugatti-Veyron-FKP-Hommage-306-370x247.jpg 370w, https:\/\/www.supercars.net\/blog\/wp-content\/uploads\/2026\/01\/Bugatti-Veyron-FKP-Hommage-306-293x196.jpg 293w, https:\/\/www.supercars.net\/blog\/wp-content\/uploads\/2026\/01\/Bugatti-Veyron-FKP-Hommage-306-1400x935.jpg 1400w\" sizes=\"(max-width: 2000px) 100vw, 2000px\" \/><\/a><\/p>\n<p>Closing the presentation, Christophe Piochon, President of Bugatti Automobiles, reflected on his personal connection to the Veyron, having been part of the team that launched the car 20 years ago. He recalled how the quality standards defined at that time were established as the benchmark for Bugatti, principles that guide the marque to this day and shape its future.<\/p>\n<p>&#8220;Being part of the team that launched the Veyron 20 years ago was a defining moment in my career. The quality standards we set then, driven by absolute precision and a relentless pursuit of perfection, remain at the heart of everything we do at Bugatti today. Seeing the F.K.P. Hommage unveiled here at R\u00e9tromobile, within the Ultimate Supercar Garage, is a proud moment, as it allows us to honor that legacy while offering collectors the opportunity to create cars that are as personal as the stories behind them.&#8221; Christophe Piochon, President of Bugatti Automobiles<\/p>\n<p>Displayed alongside the F.K.P. Hommage was the original Veyron 16.4, serving as a powerful reminder of how far Bugatti has come since that groundbreaking hypercar first redefined automotive possibilities two decades ago.<\/p>\n<p>Throughout the four-day event, Bugatti and four of its official partners \u2013 Bugatti Bruxelles, Bugatti Gstaad, Bugatti Monaco, Bugatti Paris \u2013 came together to present a curated selection of four Bugatti-certified Veyron models: a Veyron 16.4, Grand Sport, Super Sport, and Vitesse. Certified through La Maison Pur Sang, the gathering of these motoring legends highlighted the enduring desirability of the Veyron and the prestige that comes with acquiring these celebrated hypercars through Bugatti\u2019s official network.<\/p>\n<p><a href=\"https:\/\/www.supercars.net\/blog\/wp-content\/uploads\/2026\/01\/Bugatti-Veyron-FKP-Hommage-309.jpg\"><img decoding=\"async\" class=\"alignnone size-full wp-image-892931\" src=\"https:\/\/www.supercars.net\/blog\/wp-content\/uploads\/2026\/01\/Bugatti-Veyron-FKP-Hommage-309.jpg\" alt=\"\" width=\"2000\" height=\"1333\" srcset=\"https:\/\/www.supercars.net\/blog\/wp-content\/uploads\/2026\/01\/Bugatti-Veyron-FKP-Hommage-309.jpg 2000w, https:\/\/www.supercars.net\/blog\/wp-content\/uploads\/2026\/01\/Bugatti-Veyron-FKP-Hommage-309-300x200.jpg 300w, https:\/\/www.supercars.net\/blog\/wp-content\/uploads\/2026\/01\/Bugatti-Veyron-FKP-Hommage-309-1024x682.jpg 1024w, https:\/\/www.supercars.net\/blog\/wp-content\/uploads\/2026\/01\/Bugatti-Veyron-FKP-Hommage-309-100x67.jpg 100w, https:\/\/www.supercars.net\/blog\/wp-content\/uploads\/2026\/01\/Bugatti-Veyron-FKP-Hommage-309-770x513.jpg 770w, https:\/\/www.supercars.net\/blog\/wp-content\/uploads\/2026\/01\/Bugatti-Veyron-FKP-Hommage-309-1536x1024.jpg 1536w, https:\/\/www.supercars.net\/blog\/wp-content\/uploads\/2026\/01\/Bugatti-Veyron-FKP-Hommage-309-360x240.jpg 360w, https:\/\/www.supercars.net\/blog\/wp-content\/uploads\/2026\/01\/Bugatti-Veyron-FKP-Hommage-309-500x333.jpg 500w, https:\/\/www.supercars.net\/blog\/wp-content\/uploads\/2026\/01\/Bugatti-Veyron-FKP-Hommage-309-1155x770.jpg 1155w, https:\/\/www.supercars.net\/blog\/wp-content\/uploads\/2026\/01\/Bugatti-Veyron-FKP-Hommage-309-370x247.jpg 370w, https:\/\/www.supercars.net\/blog\/wp-content\/uploads\/2026\/01\/Bugatti-Veyron-FKP-Hommage-309-293x195.jpg 293w, https:\/\/www.supercars.net\/blog\/wp-content\/uploads\/2026\/01\/Bugatti-Veyron-FKP-Hommage-309-1400x933.jpg 1400w\" sizes=\"(max-width: 2000px) 100vw, 2000px\" \/><\/a><\/p>\n<p>Marking the relaunch of the Bugatti marque, the Veyron has since become one of the brand\u2019s defining icons, alongside historic models like the Type 35. La Maison Pur Sang safeguards the authenticity and value of Bugatti collector cars. Some of which, including these four Veyrons, are distinguished by unconventional stories, extraordinary bodywork and unique configurations. Certification from Bugatti reassures owners and enhances value, while also offering restoration and reconfiguration options, allowing each car to be personalized via the Veyron configurator to reflect its owner\u2019s taste and story.<\/p>\n<p><a href=\"https:\/\/www.supercars.net\/blog\/wp-content\/uploads\/2026\/01\/Bugatti-Veyron-FKP-Hommage-310.jpg\"><img decoding=\"async\" class=\"alignnone size-full wp-image-892929\" src=\"https:\/\/www.supercars.net\/blog\/wp-content\/uploads\/2026\/01\/Bugatti-Veyron-FKP-Hommage-310.jpg\" alt=\"\" width=\"2000\" height=\"1333\" srcset=\"https:\/\/www.supercars.net\/blog\/wp-content\/uploads\/2026\/01\/Bugatti-Veyron-FKP-Hommage-310.jpg 2000w, https:\/\/www.supercars.net\/blog\/wp-content\/uploads\/2026\/01\/Bugatti-Veyron-FKP-Hommage-310-300x200.jpg 300w, https:\/\/www.supercars.net\/blog\/wp-content\/uploads\/2026\/01\/Bugatti-Veyron-FKP-Hommage-310-1024x682.jpg 1024w, https:\/\/www.supercars.net\/blog\/wp-content\/uploads\/2026\/01\/Bugatti-Veyron-FKP-Hommage-310-100x67.jpg 100w, https:\/\/www.supercars.net\/blog\/wp-content\/uploads\/2026\/01\/Bugatti-Veyron-FKP-Hommage-310-770x513.jpg 770w, https:\/\/www.supercars.net\/blog\/wp-content\/uploads\/2026\/01\/Bugatti-Veyron-FKP-Hommage-310-1536x1024.jpg 1536w, https:\/\/www.supercars.net\/blog\/wp-content\/uploads\/2026\/01\/Bugatti-Veyron-FKP-Hommage-310-360x240.jpg 360w, https:\/\/www.supercars.net\/blog\/wp-content\/uploads\/2026\/01\/Bugatti-Veyron-FKP-Hommage-310-500x333.jpg 500w, https:\/\/www.supercars.net\/blog\/wp-content\/uploads\/2026\/01\/Bugatti-Veyron-FKP-Hommage-310-1155x770.jpg 1155w, https:\/\/www.supercars.net\/blog\/wp-content\/uploads\/2026\/01\/Bugatti-Veyron-FKP-Hommage-310-370x247.jpg 370w, https:\/\/www.supercars.net\/blog\/wp-content\/uploads\/2026\/01\/Bugatti-Veyron-FKP-Hommage-310-293x195.jpg 293w, https:\/\/www.supercars.net\/blog\/wp-content\/uploads\/2026\/01\/Bugatti-Veyron-FKP-Hommage-310-1400x933.jpg 1400w\" sizes=\"(max-width: 2000px) 100vw, 2000px\" \/><\/a><\/p>\n<p>Adding to this celebration, former Bugatti Pilote Officiel Pierre-Henri Raphanel presented a bespoke variant of his sculptural Bugatti Baby T52, a project deeply rooted in this heritage and closely linked to the spirit of the F.K.P. Hommage. Executed in the same exclusive materials and colors as the new Programme Solitaire creation, the Baby T52 stands as an artistic counterpart, echoing the essence of the one-of-one through a collectible expression of motion and art. More than a century ago, Ettore Bugatti created the first Bugatti Baby for his son Roland, crafting a reduced-scale interpretation of the legendary Type 35. Today, the Baby T52 represents a true renaissance of that original icon, faithfully recreated from the 102 original design drawings of the 1920s. Entirely handcrafted in France, it underscores Bugatti\u2019s enduring commitment to heritage, precision, and exceptional savoir-faire.<\/p>\n<p>Bugatti&#8217;s presence at R\u00e9tromobile 2026 represented a special celebration of two decades of Veyron heritage and a powerful statement about the future of automotive personalization through Programme Solitaire. As the first edition of the Ultimate Supercar Garage, the event brought together the world&#8217;s most prestigious hypercar manufacturers within an unprecedented setting.<\/p>\n<p><a href=\"https:\/\/www.supercars.net\/blog\/wp-content\/uploads\/2026\/01\/Bugatti-Veyron-FKP-Hommage-300.jpg\"><img decoding=\"async\" class=\"alignnone size-full wp-image-892939\" src=\"https:\/\/www.supercars.net\/blog\/wp-content\/uploads\/2026\/01\/Bugatti-Veyron-FKP-Hommage-300.jpg\" alt=\"\" width=\"2000\" height=\"1335\" srcset=\"https:\/\/www.supercars.net\/blog\/wp-content\/uploads\/2026\/01\/Bugatti-Veyron-FKP-Hommage-300.jpg 2000w, https:\/\/www.supercars.net\/blog\/wp-content\/uploads\/2026\/01\/Bugatti-Veyron-FKP-Hommage-300-300x200.jpg 300w, https:\/\/www.supercars.net\/blog\/wp-content\/uploads\/2026\/01\/Bugatti-Veyron-FKP-Hommage-300-1024x684.jpg 1024w, https:\/\/www.supercars.net\/blog\/wp-content\/uploads\/2026\/01\/Bugatti-Veyron-FKP-Hommage-300-100x67.jpg 100w, https:\/\/www.supercars.net\/blog\/wp-content\/uploads\/2026\/01\/Bugatti-Veyron-FKP-Hommage-300-770x514.jpg 770w, https:\/\/www.supercars.net\/blog\/wp-content\/uploads\/2026\/01\/Bugatti-Veyron-FKP-Hommage-300-1536x1025.jpg 1536w, https:\/\/www.supercars.net\/blog\/wp-content\/uploads\/2026\/01\/Bugatti-Veyron-FKP-Hommage-300-360x240.jpg 360w, https:\/\/www.supercars.net\/blog\/wp-content\/uploads\/2026\/01\/Bugatti-Veyron-FKP-Hommage-300-500x334.jpg 500w, https:\/\/www.supercars.net\/blog\/wp-content\/uploads\/2026\/01\/Bugatti-Veyron-FKP-Hommage-300-1155x770.jpg 1155w, https:\/\/www.supercars.net\/blog\/wp-content\/uploads\/2026\/01\/Bugatti-Veyron-FKP-Hommage-300-370x247.jpg 370w, https:\/\/www.supercars.net\/blog\/wp-content\/uploads\/2026\/01\/Bugatti-Veyron-FKP-Hommage-300-293x196.jpg 293w, https:\/\/www.supercars.net\/blog\/wp-content\/uploads\/2026\/01\/Bugatti-Veyron-FKP-Hommage-300-1400x935.jpg 1400w\" sizes=\"(max-width: 2000px) 100vw, 2000px\" \/><\/a><\/p>\n<p>\u201cR\u00e9tromobile has always been a celebration of automotive heritage, and with the addition of the Ultimate Supercar Garage this year, there could be no better place to honor 20 years of the Veyron while unveiling the F.K.P. Hommage. This car pays tribute to the vision of Prof. Dr. Ferdinand Karl Pi\u00ebch, whose ambition created the hypercar segment and changed the automotive world forever. Our Programme Solitaire continues that spirit of innovation, creating truly unique masterpieces that push the boundaries of what is possible.\u201d Mate Rimac, CEO of Bugatti Rimac<\/p>\n<p>Also starting this incredible week on Monday, a spectacular parade through the illuminated streets of Paris brought together a collection of historic Bugatti models, including a EB110 GT and a Veyron 16.4, escorted by the prestigious Garde R\u00e9publicaine. The convoy wound through the heart of the French capital, pausing at the Mus\u00e9e des Arts D\u00e9coratifs along the famous Rue de Rivoli before arriving at the Parc des Expositions at Porte de Versailles, building anticipation for the showcase at R\u00e9tromobile. The parade created an unforgettable spectacle as these automotive icons moved through Paris by night, with the city&#8217;s monuments providing a stunning backdrop. Meanwhile, the legendary Bugatti Autorail had traveled from the Cit\u00e9 du Train in Mulhouse to be exhibited at R\u00e9tromobile, showcasing another remarkable chapter of the marque\u2019s history.<\/p>\n<p>R\u00e9tromobile 2026 and the Ultimate Supercar Garage will continue welcoming thousands of fans until Sunday, February 1, offering them the opportunity to experience Bugatti&#8217;s past, present and future.<\/p>\n<h2>Related Content<\/h2>\n<p><iframe class=\"zeen-lazy-load-base zeen-lazy-load\" title=\"Programme Solitaire \u2013 The Art of Coachbuilding\" width=\"1200\" height=\"675\" src=\"about:blank\" data-lazy-src=\"https:\/\/www.youtube.com\/embed\/EUJlIXzfKYI?feature=oembed\" frameborder=\"0\" allow=\"accelerometer; autoplay; clipboard-write; encrypted-media; gyroscope; picture-in-picture; web-share\" referrerpolicy=\"strict-origin-when-cross-origin\" allowfullscreen><\/iframe><noscript><iframe title=\"Programme Solitaire \u2013 The Art of Coachbuilding\" width=\"1200\" height=\"675\" src=\"https:\/\/www.youtube.com\/embed\/EUJlIXzfKYI?feature=oembed\" frameborder=\"0\" allow=\"accelerometer; autoplay; clipboard-write; encrypted-media; gyroscope; picture-in-picture; web-share\" referrerpolicy=\"strict-origin-when-cross-origin\" allowfullscreen><\/iframe><\/noscript><\/p>\n<p>Above contents \u00a9 2026 Bugatti Automobiles S.A.S., reviewed and edited by <a href=\"https:\/\/www.stuttcars.com\/author\/rexmcafee\/\" target=\"_blank\" rel=\"noopener\">Rex McAfee<\/a> , <a href=\"https:\/\/www.instagram.com\/rexmcafee\/\" target=\"_blank\" rel=\"noopener\">@rexmcafee<\/a><\/p>\n","protected":false},"excerpt":{"rendered":"<p>Following its digital unveiling on January 22, Bugatti presented the physical World Premiere of the F.K.P. Hommage at R\u00e9tromobile 2026, as part of the inaugural Ultimate Supercar Garage. Dedicated to the world of supercars, this new space within the prestigious Parisian event provided a fitting stage for the second creation from Programme Solitaire, marking a moment that seamlessly connected Bugatti\u2019s contemporary vision of bespoke craftsmanship with its rich heritage. That connection traces back two decades to the Bugatti Veyron, a [&hellip;]<\/p>\n","protected":false},"author":75,"featured_media":892937,"comment_status":"closed","ping_status":"open","sticky":false,"template":"","format":"standard","meta":{"footnotes":""},"categories":[495,255,22642],"tags":[5469,881],"class_list":["post-892928","post","type-post","status-publish","format-standard","has-post-thumbnail","hentry","category-bugatti","category-news","category-sc","tag-bugatti","tag-retromobile"],"yoast_head":"<!-- This site is optimized with the Yoast SEO plugin v27.5 - https:\/\/yoast.com\/product\/yoast-seo-wordpress\/ -->\n<title>Bugatti unveils the &quot;F.K.P. Hommage&quot; at R\u00e9tromobile<\/title>\n<meta name=\"robots\" content=\"index, follow, max-snippet:-1, max-image-preview:large, max-video-preview:-1\" \/>\n<link rel=\"canonical\" href=\"https:\/\/www.supercars.net\/blog\/bugatti-unveils-the-f-k-p-hommage-at-retromobile\/\" \/>\n<meta property=\"og:locale\" content=\"en_US\" \/>\n<meta property=\"og:type\" content=\"article\" \/>\n<meta property=\"og:title\" content=\"Bugatti unveils the &quot;F.K.P. Hommage&quot; at R\u00e9tromobile\" \/>\n<meta property=\"og:description\" content=\"Following its digital unveiling on January 22, Bugatti presented the physical World Premiere of the F.K.P. Hommage at R\u00e9tromobile 2026, as part of the inaugural Ultimate Supercar Garage. Dedicated to the world of supercars, this new space within the prestigious Parisian event provided a fitting stage for the second creation from Programme Solitaire, marking a moment that seamlessly connected Bugatti\u2019s contemporary vision of bespoke craftsmanship with its rich heritage. That connection traces back two decades to the Bugatti Veyron, a [&hellip;]\" \/>\n<meta property=\"og:url\" content=\"https:\/\/www.supercars.net\/blog\/bugatti-unveils-the-f-k-p-hommage-at-retromobile\/\" \/>\n<meta property=\"og:site_name\" content=\"Supercars.net\" \/>\n<meta property=\"article:publisher\" content=\"https:\/\/www.facebook.com\/Supercars.net\/\" \/>\n<meta property=\"article:published_time\" content=\"2026-01-30T18:20:42+00:00\" \/>\n<meta property=\"article:modified_time\" content=\"2026-01-30T18:25:50+00:00\" \/>\n<meta property=\"og:image\" content=\"https:\/\/www.supercars.net\/blog\/wp-content\/uploads\/2026\/01\/Bugatti-Veyron-FKP-Hommage-301.jpg\" \/>\n\t<meta property=\"og:image:width\" content=\"2000\" \/>\n\t<meta property=\"og:image:height\" content=\"1429\" \/>\n\t<meta property=\"og:image:type\" content=\"image\/jpeg\" \/>\n<meta name=\"author\" content=\"Rex Mcafee\" \/>\n<meta name=\"twitter:card\" content=\"summary_large_image\" \/>\n<meta name=\"twitter:creator\" content=\"@supercars_net\" \/>\n<meta name=\"twitter:site\" content=\"@supercars_net\" \/>\n<meta name=\"twitter:label1\" content=\"Written by\" \/>\n\t<meta name=\"twitter:data1\" content=\"Rex Mcafee\" \/>\n\t<meta name=\"twitter:label2\" content=\"Est. reading time\" \/>\n\t<meta name=\"twitter:data2\" content=\"8 minutes\" \/>\n<script type=\"application\/ld+json\" class=\"yoast-schema-graph\">{\"@context\":\"https:\\\/\\\/schema.org\",\"@graph\":[{\"@type\":\"Article\",\"@id\":\"https:\\\/\\\/www.supercars.net\\\/blog\\\/bugatti-unveils-the-f-k-p-hommage-at-retromobile\\\/#article\",\"isPartOf\":{\"@id\":\"https:\\\/\\\/www.supercars.net\\\/blog\\\/bugatti-unveils-the-f-k-p-hommage-at-retromobile\\\/\"},\"author\":{\"name\":\"Rex Mcafee\",\"@id\":\"https:\\\/\\\/www.supercars.net\\\/blog\\\/#\\\/schema\\\/person\\\/e9915d59b2394af05e42320f3debfe8a\"},\"headline\":\"Bugatti unveils the &#8220;F.K.P. Hommage&#8221; at R\u00e9tromobile\",\"datePublished\":\"2026-01-30T18:20:42+00:00\",\"dateModified\":\"2026-01-30T18:25:50+00:00\",\"mainEntityOfPage\":{\"@id\":\"https:\\\/\\\/www.supercars.net\\\/blog\\\/bugatti-unveils-the-f-k-p-hommage-at-retromobile\\\/\"},\"wordCount\":1349,\"image\":{\"@id\":\"https:\\\/\\\/www.supercars.net\\\/blog\\\/bugatti-unveils-the-f-k-p-hommage-at-retromobile\\\/#primaryimage\"},\"thumbnailUrl\":\"https:\\\/\\\/www.supercars.net\\\/blog\\\/wp-content\\\/uploads\\\/2026\\\/01\\\/Bugatti-Veyron-FKP-Hommage-301.jpg\",\"keywords\":[\"Bugatti\",\"Event (Retromobile)\"],\"articleSection\":[\"Bugatti\",\"News\",\"SC\"],\"inLanguage\":\"en-US\"},{\"@type\":\"WebPage\",\"@id\":\"https:\\\/\\\/www.supercars.net\\\/blog\\\/bugatti-unveils-the-f-k-p-hommage-at-retromobile\\\/\",\"url\":\"https:\\\/\\\/www.supercars.net\\\/blog\\\/bugatti-unveils-the-f-k-p-hommage-at-retromobile\\\/\",\"name\":\"Bugatti unveils the \\\"F.K.P. Hommage\\\" at R\u00e9tromobile\",\"isPartOf\":{\"@id\":\"https:\\\/\\\/www.supercars.net\\\/blog\\\/#website\"},\"primaryImageOfPage\":{\"@id\":\"https:\\\/\\\/www.supercars.net\\\/blog\\\/bugatti-unveils-the-f-k-p-hommage-at-retromobile\\\/#primaryimage\"},\"image\":{\"@id\":\"https:\\\/\\\/www.supercars.net\\\/blog\\\/bugatti-unveils-the-f-k-p-hommage-at-retromobile\\\/#primaryimage\"},\"thumbnailUrl\":\"https:\\\/\\\/www.supercars.net\\\/blog\\\/wp-content\\\/uploads\\\/2026\\\/01\\\/Bugatti-Veyron-FKP-Hommage-301.jpg\",\"datePublished\":\"2026-01-30T18:20:42+00:00\",\"dateModified\":\"2026-01-30T18:25:50+00:00\",\"author\":{\"@id\":\"https:\\\/\\\/www.supercars.net\\\/blog\\\/#\\\/schema\\\/person\\\/e9915d59b2394af05e42320f3debfe8a\"},\"breadcrumb\":{\"@id\":\"https:\\\/\\\/www.supercars.net\\\/blog\\\/bugatti-unveils-the-f-k-p-hommage-at-retromobile\\\/#breadcrumb\"},\"inLanguage\":\"en-US\",\"potentialAction\":[{\"@type\":\"ReadAction\",\"target\":[\"https:\\\/\\\/www.supercars.net\\\/blog\\\/bugatti-unveils-the-f-k-p-hommage-at-retromobile\\\/\"]}]},{\"@type\":\"ImageObject\",\"inLanguage\":\"en-US\",\"@id\":\"https:\\\/\\\/www.supercars.net\\\/blog\\\/bugatti-unveils-the-f-k-p-hommage-at-retromobile\\\/#primaryimage\",\"url\":\"https:\\\/\\\/www.supercars.net\\\/blog\\\/wp-content\\\/uploads\\\/2026\\\/01\\\/Bugatti-Veyron-FKP-Hommage-301.jpg\",\"contentUrl\":\"https:\\\/\\\/www.supercars.net\\\/blog\\\/wp-content\\\/uploads\\\/2026\\\/01\\\/Bugatti-Veyron-FKP-Hommage-301.jpg\",\"width\":2000,\"height\":1429},{\"@type\":\"BreadcrumbList\",\"@id\":\"https:\\\/\\\/www.supercars.net\\\/blog\\\/bugatti-unveils-the-f-k-p-hommage-at-retromobile\\\/#breadcrumb\",\"itemListElement\":[{\"@type\":\"ListItem\",\"position\":1,\"name\":\"Home\",\"item\":\"https:\\\/\\\/www.supercars.net\\\/blog\\\/\"},{\"@type\":\"ListItem\",\"position\":2,\"name\":\"Bugatti unveils the &#8220;F.K.P. Hommage&#8221; at R\u00e9tromobile\"}]},{\"@type\":\"WebSite\",\"@id\":\"https:\\\/\\\/www.supercars.net\\\/blog\\\/#website\",\"url\":\"https:\\\/\\\/www.supercars.net\\\/blog\\\/\",\"name\":\"Supercars.net\",\"description\":\"Exotic and Supercar news, information, pictures and videos\",\"potentialAction\":[{\"@type\":\"SearchAction\",\"target\":{\"@type\":\"EntryPoint\",\"urlTemplate\":\"https:\\\/\\\/www.supercars.net\\\/blog\\\/?s={search_term_string}\"},\"query-input\":{\"@type\":\"PropertyValueSpecification\",\"valueRequired\":true,\"valueName\":\"search_term_string\"}}],\"inLanguage\":\"en-US\"},{\"@type\":\"Person\",\"@id\":\"https:\\\/\\\/www.supercars.net\\\/blog\\\/#\\\/schema\\\/person\\\/e9915d59b2394af05e42320f3debfe8a\",\"name\":\"Rex Mcafee\",\"image\":{\"@type\":\"ImageObject\",\"inLanguage\":\"en-US\",\"@id\":\"https:\\\/\\\/www.supercars.net\\\/blog\\\/wp-content\\\/uploads\\\/2023\\\/01\\\/RM1_7849-1-e1643753626849-96x96-1.jpeg\",\"url\":\"https:\\\/\\\/www.supercars.net\\\/blog\\\/wp-content\\\/uploads\\\/2023\\\/01\\\/RM1_7849-1-e1643753626849-96x96-1.jpeg\",\"contentUrl\":\"https:\\\/\\\/www.supercars.net\\\/blog\\\/wp-content\\\/uploads\\\/2023\\\/01\\\/RM1_7849-1-e1643753626849-96x96-1.jpeg\",\"caption\":\"Rex Mcafee\"},\"description\":\"Published photographer and writer for several Porsche and Ferrari magazines. I currently reside in Southern California and I am very grateful for all of the opportunities the local car culture presents me with. Currently the editor of the 356 Club of Southern California. Sharing the car's history through the club's magazine is a true privilege. I also am a core member of the SportsCarDigest.com and Stuttcars.com team, working on content organization and event scheduling, to ensure great coverage of all Porsche and classic car events globally.\",\"sameAs\":[\"https:\\\/\\\/www.instagram.com\\\/rexmcafee\\\/\"],\"url\":\"https:\\\/\\\/www.supercars.net\\\/blog\\\/author\\\/rexmcafee\\\/\"}]}<\/script>\n<!-- \/ Yoast SEO plugin. -->","yoast_head_json":{"title":"Bugatti unveils the \"F.K.P. Hommage\" at R\u00e9tromobile","robots":{"index":"index","follow":"follow","max-snippet":"max-snippet:-1","max-image-preview":"max-image-preview:large","max-video-preview":"max-video-preview:-1"},"canonical":"https:\/\/www.supercars.net\/blog\/bugatti-unveils-the-f-k-p-hommage-at-retromobile\/","og_locale":"en_US","og_type":"article","og_title":"Bugatti unveils the \"F.K.P. Hommage\" at R\u00e9tromobile","og_description":"Following its digital unveiling on January 22, Bugatti presented the physical World Premiere of the F.K.P. Hommage at R\u00e9tromobile 2026, as part of the inaugural Ultimate Supercar Garage. Dedicated to the world of supercars, this new space within the prestigious Parisian event provided a fitting stage for the second creation from Programme Solitaire, marking a moment that seamlessly connected Bugatti\u2019s contemporary vision of bespoke craftsmanship with its rich heritage. That connection traces back two decades to the Bugatti Veyron, a [&hellip;]","og_url":"https:\/\/www.supercars.net\/blog\/bugatti-unveils-the-f-k-p-hommage-at-retromobile\/","og_site_name":"Supercars.net","article_publisher":"https:\/\/www.facebook.com\/Supercars.net\/","article_published_time":"2026-01-30T18:20:42+00:00","article_modified_time":"2026-01-30T18:25:50+00:00","og_image":[{"width":2000,"height":1429,"url":"https:\/\/www.supercars.net\/blog\/wp-content\/uploads\/2026\/01\/Bugatti-Veyron-FKP-Hommage-301.jpg","type":"image\/jpeg"}],"author":"Rex Mcafee","twitter_card":"summary_large_image","twitter_creator":"@supercars_net","twitter_site":"@supercars_net","twitter_misc":{"Written by":"Rex Mcafee","Est. reading time":"8 minutes"},"schema":{"@context":"https:\/\/schema.org","@graph":[{"@type":"Article","@id":"https:\/\/www.supercars.net\/blog\/bugatti-unveils-the-f-k-p-hommage-at-retromobile\/#article","isPartOf":{"@id":"https:\/\/www.supercars.net\/blog\/bugatti-unveils-the-f-k-p-hommage-at-retromobile\/"},"author":{"name":"Rex Mcafee","@id":"https:\/\/www.supercars.net\/blog\/#\/schema\/person\/e9915d59b2394af05e42320f3debfe8a"},"headline":"Bugatti unveils the &#8220;F.K.P. Hommage&#8221; at R\u00e9tromobile","datePublished":"2026-01-30T18:20:42+00:00","dateModified":"2026-01-30T18:25:50+00:00","mainEntityOfPage":{"@id":"https:\/\/www.supercars.net\/blog\/bugatti-unveils-the-f-k-p-hommage-at-retromobile\/"},"wordCount":1349,"image":{"@id":"https:\/\/www.supercars.net\/blog\/bugatti-unveils-the-f-k-p-hommage-at-retromobile\/#primaryimage"},"thumbnailUrl":"https:\/\/www.supercars.net\/blog\/wp-content\/uploads\/2026\/01\/Bugatti-Veyron-FKP-Hommage-301.jpg","keywords":["Bugatti","Event (Retromobile)"],"articleSection":["Bugatti","News","SC"],"inLanguage":"en-US"},{"@type":"WebPage","@id":"https:\/\/www.supercars.net\/blog\/bugatti-unveils-the-f-k-p-hommage-at-retromobile\/","url":"https:\/\/www.supercars.net\/blog\/bugatti-unveils-the-f-k-p-hommage-at-retromobile\/","name":"Bugatti unveils the \"F.K.P. Hommage\" at R\u00e9tromobile","isPartOf":{"@id":"https:\/\/www.supercars.net\/blog\/#website"},"primaryImageOfPage":{"@id":"https:\/\/www.supercars.net\/blog\/bugatti-unveils-the-f-k-p-hommage-at-retromobile\/#primaryimage"},"image":{"@id":"https:\/\/www.supercars.net\/blog\/bugatti-unveils-the-f-k-p-hommage-at-retromobile\/#primaryimage"},"thumbnailUrl":"https:\/\/www.supercars.net\/blog\/wp-content\/uploads\/2026\/01\/Bugatti-Veyron-FKP-Hommage-301.jpg","datePublished":"2026-01-30T18:20:42+00:00","dateModified":"2026-01-30T18:25:50+00:00","author":{"@id":"https:\/\/www.supercars.net\/blog\/#\/schema\/person\/e9915d59b2394af05e42320f3debfe8a"},"breadcrumb":{"@id":"https:\/\/www.supercars.net\/blog\/bugatti-unveils-the-f-k-p-hommage-at-retromobile\/#breadcrumb"},"inLanguage":"en-US","potentialAction":[{"@type":"ReadAction","target":["https:\/\/www.supercars.net\/blog\/bugatti-unveils-the-f-k-p-hommage-at-retromobile\/"]}]},{"@type":"ImageObject","inLanguage":"en-US","@id":"https:\/\/www.supercars.net\/blog\/bugatti-unveils-the-f-k-p-hommage-at-retromobile\/#primaryimage","url":"https:\/\/www.supercars.net\/blog\/wp-content\/uploads\/2026\/01\/Bugatti-Veyron-FKP-Hommage-301.jpg","contentUrl":"https:\/\/www.supercars.net\/blog\/wp-content\/uploads\/2026\/01\/Bugatti-Veyron-FKP-Hommage-301.jpg","width":2000,"height":1429},{"@type":"BreadcrumbList","@id":"https:\/\/www.supercars.net\/blog\/bugatti-unveils-the-f-k-p-hommage-at-retromobile\/#breadcrumb","itemListElement":[{"@type":"ListItem","position":1,"name":"Home","item":"https:\/\/www.supercars.net\/blog\/"},{"@type":"ListItem","position":2,"name":"Bugatti unveils the &#8220;F.K.P. Hommage&#8221; at R\u00e9tromobile"}]},{"@type":"WebSite","@id":"https:\/\/www.supercars.net\/blog\/#website","url":"https:\/\/www.supercars.net\/blog\/","name":"Supercars.net","description":"Exotic and Supercar news, information, pictures and videos","potentialAction":[{"@type":"SearchAction","target":{"@type":"EntryPoint","urlTemplate":"https:\/\/www.supercars.net\/blog\/?s={search_term_string}"},"query-input":{"@type":"PropertyValueSpecification","valueRequired":true,"valueName":"search_term_string"}}],"inLanguage":"en-US"},{"@type":"Person","@id":"https:\/\/www.supercars.net\/blog\/#\/schema\/person\/e9915d59b2394af05e42320f3debfe8a","name":"Rex Mcafee","image":{"@type":"ImageObject","inLanguage":"en-US","@id":"https:\/\/www.supercars.net\/blog\/wp-content\/uploads\/2023\/01\/RM1_7849-1-e1643753626849-96x96-1.jpeg","url":"https:\/\/www.supercars.net\/blog\/wp-content\/uploads\/2023\/01\/RM1_7849-1-e1643753626849-96x96-1.jpeg","contentUrl":"https:\/\/www.supercars.net\/blog\/wp-content\/uploads\/2023\/01\/RM1_7849-1-e1643753626849-96x96-1.jpeg","caption":"Rex Mcafee"},"description":"Published photographer and writer for several Porsche and Ferrari magazines. I currently reside in Southern California and I am very grateful for all of the opportunities the local car culture presents me with. Currently the editor of the 356 Club of Southern California. Sharing the car's history through the club's magazine is a true privilege. I also am a core member of the SportsCarDigest.com and Stuttcars.com team, working on content organization and event scheduling, to ensure great coverage of all Porsche and classic car events globally.","sameAs":["https:\/\/www.instagram.com\/rexmcafee\/"],"url":"https:\/\/www.supercars.net\/blog\/author\/rexmcafee\/"}]}},"_links":{"self":[{"href":"https:\/\/www.supercars.net\/blog\/wp-json\/wp\/v2\/posts\/892928","targetHints":{"allow":["GET"]}}],"collection":[{"href":"https:\/\/www.supercars.net\/blog\/wp-json\/wp\/v2\/posts"}],"about":[{"href":"https:\/\/www.supercars.net\/blog\/wp-json\/wp\/v2\/types\/post"}],"author":[{"embeddable":true,"href":"https:\/\/www.supercars.net\/blog\/wp-json\/wp\/v2\/users\/75"}],"replies":[{"embeddable":true,"href":"https:\/\/www.supercars.net\/blog\/wp-json\/wp\/v2\/comments?post=892928"}],"version-history":[{"count":2,"href":"https:\/\/www.supercars.net\/blog\/wp-json\/wp\/v2\/posts\/892928\/revisions"}],"predecessor-version":[{"id":892941,"href":"https:\/\/www.supercars.net\/blog\/wp-json\/wp\/v2\/posts\/892928\/revisions\/892941"}],"wp:featuredmedia":[{"embeddable":true,"href":"https:\/\/www.supercars.net\/blog\/wp-json\/wp\/v2\/media\/892937"}],"wp:attachment":[{"href":"https:\/\/www.supercars.net\/blog\/wp-json\/wp\/v2\/media?parent=892928"}],"wp:term":[{"taxonomy":"category","embeddable":true,"href":"https:\/\/www.supercars.net\/blog\/wp-json\/wp\/v2\/categories?post=892928"},{"taxonomy":"post_tag","embeddable":true,"href":"https:\/\/www.supercars.net\/blog\/wp-json\/wp\/v2\/tags?post=892928"}],"curies":[{"name":"wp","href":"https:\/\/api.w.org\/{rel}","templated":true}]}}