{"id":96814,"date":"2016-03-15T21:05:04","date_gmt":"2016-03-15T21:05:04","guid":{"rendered":"http:\/\/blog.supercars.net\/blog\/?p=96814"},"modified":"2024-01-08T00:57:56","modified_gmt":"2024-01-08T00:57:56","slug":"40-adac-zurich-24h-rennen-nurburgring-1","status":"publish","type":"post","link":"https:\/\/www.supercars.net\/blog\/40-adac-zurich-24h-rennen-nurburgring-1\/","title":{"rendered":"40. ADAC Zurich 24h-Rennen N\u00fcrburgring-1"},"content":{"rendered":"<p>40th edition of the ADAC Zurich 24h. Held May 17th to Sunday 20th. Won by the Audi Sport Team Phoenix Audi R8 LMS driven by the all-German line-up of Marc Basseng, Christopher Haase, Frank Stippler andMarkus Winkelhock.<\/p>\n<figure class='gallery-item'>\r\n            <div class='gallery-icon landscape'>\r\n                <a href='https:\/\/www.supercars.net\/blog\/wp-content\/uploads\/2016\/03\/1035129.jpg' class='tipi-lightbox'>\r\n\t\t\t\t<img decoding=\"async\" width=\"1024\" height=\"683\" src=\"https:\/\/www.supercars.net\/blog\/wp-content\/uploads\/2016\/03\/1035129.jpg\" class=\"attachment-full size-full\" alt=\"40. ADAC Zurich 24h-Rennen N\u00fcrburgring-1\" srcset=\"https:\/\/www.supercars.net\/blog\/wp-content\/uploads\/2016\/03\/1035129.jpg 1024w, https:\/\/www.supercars.net\/blog\/wp-content\/uploads\/2016\/03\/1035129-300x200.jpg 300w, https:\/\/www.supercars.net\/blog\/wp-content\/uploads\/2016\/03\/1035129-100x67.jpg 100w, https:\/\/www.supercars.net\/blog\/wp-content\/uploads\/2016\/03\/1035129-770x514.jpg 770w, https:\/\/www.supercars.net\/blog\/wp-content\/uploads\/2016\/03\/1035129-360x240.jpg 360w, https:\/\/www.supercars.net\/blog\/wp-content\/uploads\/2016\/03\/1035129-370x247.jpg 370w, https:\/\/www.supercars.net\/blog\/wp-content\/uploads\/2016\/03\/1035129-293x195.jpg 293w\" sizes=\"(max-width: 1024px) 100vw, 1024px\" \/>\r\n\t\t\t\t<\/a>\r\n            <\/div><\/figure><figure class='gallery-item'>\r\n            <div class='gallery-icon landscape'>\r\n                <a href='https:\/\/www.supercars.net\/blog\/wp-content\/uploads\/2016\/03\/1035130.jpg' class='tipi-lightbox'>\r\n\t\t\t\t<img decoding=\"async\" width=\"1024\" height=\"683\" src=\"https:\/\/www.supercars.net\/blog\/wp-content\/uploads\/2016\/03\/1035130.jpg\" class=\"attachment-full size-full\" alt=\"40. ADAC Zurich 24h-Rennen N\u00fcrburgring-1\" srcset=\"https:\/\/www.supercars.net\/blog\/wp-content\/uploads\/2016\/03\/1035130.jpg 1024w, https:\/\/www.supercars.net\/blog\/wp-content\/uploads\/2016\/03\/1035130-300x200.jpg 300w, https:\/\/www.supercars.net\/blog\/wp-content\/uploads\/2016\/03\/1035130-100x67.jpg 100w, https:\/\/www.supercars.net\/blog\/wp-content\/uploads\/2016\/03\/1035130-770x514.jpg 770w, https:\/\/www.supercars.net\/blog\/wp-content\/uploads\/2016\/03\/1035130-360x240.jpg 360w, https:\/\/www.supercars.net\/blog\/wp-content\/uploads\/2016\/03\/1035130-370x247.jpg 370w, https:\/\/www.supercars.net\/blog\/wp-content\/uploads\/2016\/03\/1035130-293x195.jpg 293w\" sizes=\"(max-width: 1024px) 100vw, 1024px\" \/>\r\n\t\t\t\t<\/a>\r\n            <\/div><\/figure><figure class='gallery-item'>\r\n            <div class='gallery-icon landscape'>\r\n                <a href='https:\/\/www.supercars.net\/blog\/wp-content\/uploads\/2016\/03\/1035131.jpg' class='tipi-lightbox'>\r\n\t\t\t\t<img decoding=\"async\" width=\"1024\" height=\"683\" src=\"https:\/\/www.supercars.net\/blog\/wp-content\/uploads\/2016\/03\/1035131.jpg\" class=\"attachment-full size-full\" alt=\"40. ADAC Zurich 24h-Rennen N\u00fcrburgring-1\" srcset=\"https:\/\/www.supercars.net\/blog\/wp-content\/uploads\/2016\/03\/1035131.jpg 1024w, https:\/\/www.supercars.net\/blog\/wp-content\/uploads\/2016\/03\/1035131-300x200.jpg 300w, https:\/\/www.supercars.net\/blog\/wp-content\/uploads\/2016\/03\/1035131-100x67.jpg 100w, https:\/\/www.supercars.net\/blog\/wp-content\/uploads\/2016\/03\/1035131-770x514.jpg 770w, https:\/\/www.supercars.net\/blog\/wp-content\/uploads\/2016\/03\/1035131-360x240.jpg 360w, https:\/\/www.supercars.net\/blog\/wp-content\/uploads\/2016\/03\/1035131-370x247.jpg 370w, https:\/\/www.supercars.net\/blog\/wp-content\/uploads\/2016\/03\/1035131-293x195.jpg 293w\" sizes=\"(max-width: 1024px) 100vw, 1024px\" \/>\r\n\t\t\t\t<\/a>\r\n            <\/div><\/figure><figure class='gallery-item'>\r\n            <div class='gallery-icon landscape'>\r\n                <a href='https:\/\/www.supercars.net\/blog\/wp-content\/uploads\/2016\/03\/1035132.jpg' class='tipi-lightbox'>\r\n\t\t\t\t<img decoding=\"async\" width=\"1024\" height=\"683\" src=\"https:\/\/www.supercars.net\/blog\/wp-content\/uploads\/2016\/03\/1035132.jpg\" class=\"attachment-full size-full\" alt=\"40. ADAC Zurich 24h-Rennen N\u00fcrburgring-1\" srcset=\"https:\/\/www.supercars.net\/blog\/wp-content\/uploads\/2016\/03\/1035132.jpg 1024w, https:\/\/www.supercars.net\/blog\/wp-content\/uploads\/2016\/03\/1035132-300x200.jpg 300w, https:\/\/www.supercars.net\/blog\/wp-content\/uploads\/2016\/03\/1035132-100x67.jpg 100w, https:\/\/www.supercars.net\/blog\/wp-content\/uploads\/2016\/03\/1035132-770x514.jpg 770w, https:\/\/www.supercars.net\/blog\/wp-content\/uploads\/2016\/03\/1035132-360x240.jpg 360w, https:\/\/www.supercars.net\/blog\/wp-content\/uploads\/2016\/03\/1035132-370x247.jpg 370w, https:\/\/www.supercars.net\/blog\/wp-content\/uploads\/2016\/03\/1035132-293x195.jpg 293w\" sizes=\"(max-width: 1024px) 100vw, 1024px\" \/>\r\n\t\t\t\t<\/a>\r\n            <\/div>\r\n                <div class='wp-caption-text gallery-caption'>\r\n                24h N\u00fcrburgring 2008\n\nLangzeitbelichtung\r\n                <\/div><\/figure><figure class='gallery-item'>\r\n            <div class='gallery-icon landscape'>\r\n                <a href='https:\/\/www.supercars.net\/blog\/wp-content\/uploads\/2016\/03\/1035133.jpg' class='tipi-lightbox'>\r\n\t\t\t\t<img decoding=\"async\" width=\"1024\" height=\"683\" src=\"https:\/\/www.supercars.net\/blog\/wp-content\/uploads\/2016\/03\/1035133.jpg\" class=\"attachment-full size-full\" alt=\"40. ADAC Zurich 24h-Rennen N\u00fcrburgring-1\" srcset=\"https:\/\/www.supercars.net\/blog\/wp-content\/uploads\/2016\/03\/1035133.jpg 1024w, https:\/\/www.supercars.net\/blog\/wp-content\/uploads\/2016\/03\/1035133-300x200.jpg 300w, https:\/\/www.supercars.net\/blog\/wp-content\/uploads\/2016\/03\/1035133-100x67.jpg 100w, https:\/\/www.supercars.net\/blog\/wp-content\/uploads\/2016\/03\/1035133-770x514.jpg 770w, https:\/\/www.supercars.net\/blog\/wp-content\/uploads\/2016\/03\/1035133-360x240.jpg 360w, https:\/\/www.supercars.net\/blog\/wp-content\/uploads\/2016\/03\/1035133-370x247.jpg 370w, https:\/\/www.supercars.net\/blog\/wp-content\/uploads\/2016\/03\/1035133-293x195.jpg 293w\" sizes=\"(max-width: 1024px) 100vw, 1024px\" \/>\r\n\t\t\t\t<\/a>\r\n            <\/div><\/figure><figure class='gallery-item'>\r\n            <div class='gallery-icon landscape'>\r\n                <a href='https:\/\/www.supercars.net\/blog\/wp-content\/uploads\/2016\/03\/1035134.jpg' class='tipi-lightbox'>\r\n\t\t\t\t<img decoding=\"async\" width=\"1024\" height=\"684\" src=\"https:\/\/www.supercars.net\/blog\/wp-content\/uploads\/2016\/03\/1035134.jpg\" class=\"attachment-full size-full\" alt=\"40. ADAC Zurich 24h-Rennen N\u00fcrburgring-1\" srcset=\"https:\/\/www.supercars.net\/blog\/wp-content\/uploads\/2016\/03\/1035134.jpg 1024w, https:\/\/www.supercars.net\/blog\/wp-content\/uploads\/2016\/03\/1035134-300x200.jpg 300w, https:\/\/www.supercars.net\/blog\/wp-content\/uploads\/2016\/03\/1035134-100x67.jpg 100w, https:\/\/www.supercars.net\/blog\/wp-content\/uploads\/2016\/03\/1035134-770x514.jpg 770w, https:\/\/www.supercars.net\/blog\/wp-content\/uploads\/2016\/03\/1035134-360x240.jpg 360w, https:\/\/www.supercars.net\/blog\/wp-content\/uploads\/2016\/03\/1035134-370x247.jpg 370w, https:\/\/www.supercars.net\/blog\/wp-content\/uploads\/2016\/03\/1035134-293x196.jpg 293w\" sizes=\"(max-width: 1024px) 100vw, 1024px\" \/>\r\n\t\t\t\t<\/a>\r\n            <\/div><\/figure><figure class='gallery-item'>\r\n            <div class='gallery-icon landscape'>\r\n                <a href='https:\/\/www.supercars.net\/blog\/wp-content\/uploads\/2016\/03\/1035135.jpg' class='tipi-lightbox'>\r\n\t\t\t\t<img decoding=\"async\" width=\"1024\" height=\"768\" src=\"https:\/\/www.supercars.net\/blog\/wp-content\/uploads\/2016\/03\/1035135.jpg\" class=\"attachment-full size-full\" alt=\"40. ADAC Zurich 24h-Rennen N\u00fcrburgring-1\" srcset=\"https:\/\/www.supercars.net\/blog\/wp-content\/uploads\/2016\/03\/1035135.jpg 1024w, https:\/\/www.supercars.net\/blog\/wp-content\/uploads\/2016\/03\/1035135-300x225.jpg 300w, https:\/\/www.supercars.net\/blog\/wp-content\/uploads\/2016\/03\/1035135-100x75.jpg 100w, https:\/\/www.supercars.net\/blog\/wp-content\/uploads\/2016\/03\/1035135-770x578.jpg 770w, https:\/\/www.supercars.net\/blog\/wp-content\/uploads\/2016\/03\/1035135-293x220.jpg 293w\" sizes=\"(max-width: 1024px) 100vw, 1024px\" \/>\r\n\t\t\t\t<\/a>\r\n            <\/div><\/figure><figure class='gallery-item'>\r\n            <div class='gallery-icon landscape'>\r\n                <a href='https:\/\/www.supercars.net\/blog\/wp-content\/uploads\/2016\/03\/1035136.jpg' class='tipi-lightbox'>\r\n\t\t\t\t<img decoding=\"async\" width=\"1024\" height=\"683\" src=\"https:\/\/www.supercars.net\/blog\/wp-content\/uploads\/2016\/03\/1035136.jpg\" class=\"attachment-full size-full\" alt=\"40. ADAC Zurich 24h-Rennen N\u00fcrburgring-1\" srcset=\"https:\/\/www.supercars.net\/blog\/wp-content\/uploads\/2016\/03\/1035136.jpg 1024w, https:\/\/www.supercars.net\/blog\/wp-content\/uploads\/2016\/03\/1035136-300x200.jpg 300w, https:\/\/www.supercars.net\/blog\/wp-content\/uploads\/2016\/03\/1035136-100x67.jpg 100w, https:\/\/www.supercars.net\/blog\/wp-content\/uploads\/2016\/03\/1035136-770x514.jpg 770w, https:\/\/www.supercars.net\/blog\/wp-content\/uploads\/2016\/03\/1035136-360x240.jpg 360w, https:\/\/www.supercars.net\/blog\/wp-content\/uploads\/2016\/03\/1035136-370x247.jpg 370w, https:\/\/www.supercars.net\/blog\/wp-content\/uploads\/2016\/03\/1035136-293x195.jpg 293w\" sizes=\"(max-width: 1024px) 100vw, 1024px\" \/>\r\n\t\t\t\t<\/a>\r\n            <\/div><\/figure><figure class='gallery-item'>\r\n            <div class='gallery-icon landscape'>\r\n                <a href='https:\/\/www.supercars.net\/blog\/wp-content\/uploads\/2016\/03\/1035137.jpg' class='tipi-lightbox'>\r\n\t\t\t\t<img decoding=\"async\" width=\"1024\" height=\"685\" src=\"https:\/\/www.supercars.net\/blog\/wp-content\/uploads\/2016\/03\/1035137.jpg\" class=\"attachment-full size-full\" alt=\"40. ADAC Zurich 24h-Rennen N\u00fcrburgring-1\" srcset=\"https:\/\/www.supercars.net\/blog\/wp-content\/uploads\/2016\/03\/1035137.jpg 1024w, https:\/\/www.supercars.net\/blog\/wp-content\/uploads\/2016\/03\/1035137-300x201.jpg 300w, https:\/\/www.supercars.net\/blog\/wp-content\/uploads\/2016\/03\/1035137-100x67.jpg 100w, https:\/\/www.supercars.net\/blog\/wp-content\/uploads\/2016\/03\/1035137-770x515.jpg 770w, https:\/\/www.supercars.net\/blog\/wp-content\/uploads\/2016\/03\/1035137-360x240.jpg 360w, https:\/\/www.supercars.net\/blog\/wp-content\/uploads\/2016\/03\/1035137-370x247.jpg 370w, https:\/\/www.supercars.net\/blog\/wp-content\/uploads\/2016\/03\/1035137-293x196.jpg 293w\" sizes=\"(max-width: 1024px) 100vw, 1024px\" \/>\r\n\t\t\t\t<\/a>\r\n            <\/div><\/figure><figure class='gallery-item'>\r\n            <div class='gallery-icon landscape'>\r\n                <a href='https:\/\/www.supercars.net\/blog\/wp-content\/uploads\/2016\/03\/1035138.jpg' class='tipi-lightbox'>\r\n\t\t\t\t<img decoding=\"async\" width=\"1024\" height=\"683\" src=\"https:\/\/www.supercars.net\/blog\/wp-content\/uploads\/2016\/03\/1035138.jpg\" class=\"attachment-full size-full\" alt=\"40. ADAC Zurich 24h-Rennen N\u00fcrburgring-1\" srcset=\"https:\/\/www.supercars.net\/blog\/wp-content\/uploads\/2016\/03\/1035138.jpg 1024w, https:\/\/www.supercars.net\/blog\/wp-content\/uploads\/2016\/03\/1035138-300x200.jpg 300w, https:\/\/www.supercars.net\/blog\/wp-content\/uploads\/2016\/03\/1035138-100x67.jpg 100w, https:\/\/www.supercars.net\/blog\/wp-content\/uploads\/2016\/03\/1035138-770x514.jpg 770w, https:\/\/www.supercars.net\/blog\/wp-content\/uploads\/2016\/03\/1035138-360x240.jpg 360w, https:\/\/www.supercars.net\/blog\/wp-content\/uploads\/2016\/03\/1035138-370x247.jpg 370w, https:\/\/www.supercars.net\/blog\/wp-content\/uploads\/2016\/03\/1035138-293x195.jpg 293w\" sizes=\"(max-width: 1024px) 100vw, 1024px\" \/>\r\n\t\t\t\t<\/a>\r\n            <\/div><\/figure><figure class='gallery-item'>\r\n            <div class='gallery-icon landscape'>\r\n                <a href='https:\/\/www.supercars.net\/blog\/wp-content\/uploads\/2016\/03\/1035139.jpg' class='tipi-lightbox'>\r\n\t\t\t\t<img decoding=\"async\" width=\"1024\" height=\"683\" src=\"https:\/\/www.supercars.net\/blog\/wp-content\/uploads\/2016\/03\/1035139.jpg\" class=\"attachment-full size-full\" alt=\"40. ADAC Zurich 24h-Rennen N\u00fcrburgring-1\" srcset=\"https:\/\/www.supercars.net\/blog\/wp-content\/uploads\/2016\/03\/1035139.jpg 1024w, https:\/\/www.supercars.net\/blog\/wp-content\/uploads\/2016\/03\/1035139-300x200.jpg 300w, https:\/\/www.supercars.net\/blog\/wp-content\/uploads\/2016\/03\/1035139-100x67.jpg 100w, https:\/\/www.supercars.net\/blog\/wp-content\/uploads\/2016\/03\/1035139-770x514.jpg 770w, https:\/\/www.supercars.net\/blog\/wp-content\/uploads\/2016\/03\/1035139-360x240.jpg 360w, https:\/\/www.supercars.net\/blog\/wp-content\/uploads\/2016\/03\/1035139-370x247.jpg 370w, https:\/\/www.supercars.net\/blog\/wp-content\/uploads\/2016\/03\/1035139-293x195.jpg 293w\" sizes=\"(max-width: 1024px) 100vw, 1024px\" \/>\r\n\t\t\t\t<\/a>\r\n            <\/div><\/figure><figure class='gallery-item'>\r\n            <div class='gallery-icon landscape'>\r\n                <a href='https:\/\/www.supercars.net\/blog\/wp-content\/uploads\/2016\/03\/1035140.jpg' class='tipi-lightbox'>\r\n\t\t\t\t<img decoding=\"async\" width=\"1024\" height=\"683\" src=\"https:\/\/www.supercars.net\/blog\/wp-content\/uploads\/2016\/03\/1035140.jpg\" class=\"attachment-full size-full\" alt=\"40. ADAC Zurich 24h-Rennen N\u00fcrburgring-1\" srcset=\"https:\/\/www.supercars.net\/blog\/wp-content\/uploads\/2016\/03\/1035140.jpg 1024w, https:\/\/www.supercars.net\/blog\/wp-content\/uploads\/2016\/03\/1035140-300x200.jpg 300w, https:\/\/www.supercars.net\/blog\/wp-content\/uploads\/2016\/03\/1035140-100x67.jpg 100w, https:\/\/www.supercars.net\/blog\/wp-content\/uploads\/2016\/03\/1035140-770x514.jpg 770w, https:\/\/www.supercars.net\/blog\/wp-content\/uploads\/2016\/03\/1035140-360x240.jpg 360w, https:\/\/www.supercars.net\/blog\/wp-content\/uploads\/2016\/03\/1035140-370x247.jpg 370w, https:\/\/www.supercars.net\/blog\/wp-content\/uploads\/2016\/03\/1035140-293x195.jpg 293w\" sizes=\"(max-width: 1024px) 100vw, 1024px\" \/>\r\n\t\t\t\t<\/a>\r\n            <\/div><\/figure><figure class='gallery-item'>\r\n            <div class='gallery-icon landscape'>\r\n                <a href='https:\/\/www.supercars.net\/blog\/wp-content\/uploads\/2016\/03\/1035141.jpg' class='tipi-lightbox'>\r\n\t\t\t\t<img decoding=\"async\" width=\"1024\" height=\"683\" src=\"https:\/\/www.supercars.net\/blog\/wp-content\/uploads\/2016\/03\/1035141.jpg\" class=\"attachment-full size-full\" alt=\"40. ADAC Zurich 24h-Rennen N\u00fcrburgring-1\" srcset=\"https:\/\/www.supercars.net\/blog\/wp-content\/uploads\/2016\/03\/1035141.jpg 1024w, https:\/\/www.supercars.net\/blog\/wp-content\/uploads\/2016\/03\/1035141-300x200.jpg 300w, https:\/\/www.supercars.net\/blog\/wp-content\/uploads\/2016\/03\/1035141-100x67.jpg 100w, https:\/\/www.supercars.net\/blog\/wp-content\/uploads\/2016\/03\/1035141-770x514.jpg 770w, https:\/\/www.supercars.net\/blog\/wp-content\/uploads\/2016\/03\/1035141-360x240.jpg 360w, https:\/\/www.supercars.net\/blog\/wp-content\/uploads\/2016\/03\/1035141-370x247.jpg 370w, https:\/\/www.supercars.net\/blog\/wp-content\/uploads\/2016\/03\/1035141-293x195.jpg 293w\" sizes=\"(max-width: 1024px) 100vw, 1024px\" \/>\r\n\t\t\t\t<\/a>\r\n            <\/div>\r\n                <div class='wp-caption-text gallery-caption'>\r\n                St150 Kremer Racing; Porsche 911 GT3 KR\r\n                <\/div><\/figure><figure class='gallery-item'>\r\n            <div class='gallery-icon landscape'>\r\n                <a href='https:\/\/www.supercars.net\/blog\/wp-content\/uploads\/2016\/03\/1035142.jpg' class='tipi-lightbox'>\r\n\t\t\t\t<img decoding=\"async\" width=\"1024\" height=\"683\" src=\"https:\/\/www.supercars.net\/blog\/wp-content\/uploads\/2016\/03\/1035142.jpg\" class=\"attachment-full size-full\" alt=\"40. ADAC Zurich 24h-Rennen N\u00fcrburgring-1\" srcset=\"https:\/\/www.supercars.net\/blog\/wp-content\/uploads\/2016\/03\/1035142.jpg 1024w, https:\/\/www.supercars.net\/blog\/wp-content\/uploads\/2016\/03\/1035142-300x200.jpg 300w, https:\/\/www.supercars.net\/blog\/wp-content\/uploads\/2016\/03\/1035142-100x67.jpg 100w, https:\/\/www.supercars.net\/blog\/wp-content\/uploads\/2016\/03\/1035142-770x514.jpg 770w, https:\/\/www.supercars.net\/blog\/wp-content\/uploads\/2016\/03\/1035142-360x240.jpg 360w, https:\/\/www.supercars.net\/blog\/wp-content\/uploads\/2016\/03\/1035142-370x247.jpg 370w, https:\/\/www.supercars.net\/blog\/wp-content\/uploads\/2016\/03\/1035142-293x195.jpg 293w\" sizes=\"(max-width: 1024px) 100vw, 1024px\" \/>\r\n\t\t\t\t<\/a>\r\n            <\/div><\/figure><figure class='gallery-item'>\r\n            <div class='gallery-icon landscape'>\r\n                <a href='https:\/\/www.supercars.net\/blog\/wp-content\/uploads\/2016\/03\/1035143.jpg' class='tipi-lightbox'>\r\n\t\t\t\t<img decoding=\"async\" width=\"1024\" height=\"683\" src=\"https:\/\/www.supercars.net\/blog\/wp-content\/uploads\/2016\/03\/1035143.jpg\" class=\"attachment-full size-full\" alt=\"40. ADAC Zurich 24h-Rennen N\u00fcrburgring-1\" srcset=\"https:\/\/www.supercars.net\/blog\/wp-content\/uploads\/2016\/03\/1035143.jpg 1024w, https:\/\/www.supercars.net\/blog\/wp-content\/uploads\/2016\/03\/1035143-300x200.jpg 300w, https:\/\/www.supercars.net\/blog\/wp-content\/uploads\/2016\/03\/1035143-100x67.jpg 100w, https:\/\/www.supercars.net\/blog\/wp-content\/uploads\/2016\/03\/1035143-770x514.jpg 770w, https:\/\/www.supercars.net\/blog\/wp-content\/uploads\/2016\/03\/1035143-360x240.jpg 360w, https:\/\/www.supercars.net\/blog\/wp-content\/uploads\/2016\/03\/1035143-370x247.jpg 370w, https:\/\/www.supercars.net\/blog\/wp-content\/uploads\/2016\/03\/1035143-293x195.jpg 293w\" sizes=\"(max-width: 1024px) 100vw, 1024px\" \/>\r\n\t\t\t\t<\/a>\r\n            <\/div><\/figure><figure class='gallery-item'>\r\n            <div class='gallery-icon landscape'>\r\n                <a href='https:\/\/www.supercars.net\/blog\/wp-content\/uploads\/2016\/03\/1035144.jpg' class='tipi-lightbox'>\r\n\t\t\t\t<img decoding=\"async\" width=\"1024\" height=\"683\" src=\"https:\/\/www.supercars.net\/blog\/wp-content\/uploads\/2016\/03\/1035144.jpg\" class=\"attachment-full size-full\" alt=\"40. ADAC Zurich 24h-Rennen N\u00fcrburgring-1\" srcset=\"https:\/\/www.supercars.net\/blog\/wp-content\/uploads\/2016\/03\/1035144.jpg 1024w, https:\/\/www.supercars.net\/blog\/wp-content\/uploads\/2016\/03\/1035144-300x200.jpg 300w, https:\/\/www.supercars.net\/blog\/wp-content\/uploads\/2016\/03\/1035144-100x67.jpg 100w, https:\/\/www.supercars.net\/blog\/wp-content\/uploads\/2016\/03\/1035144-770x514.jpg 770w, https:\/\/www.supercars.net\/blog\/wp-content\/uploads\/2016\/03\/1035144-360x240.jpg 360w, https:\/\/www.supercars.net\/blog\/wp-content\/uploads\/2016\/03\/1035144-370x247.jpg 370w, https:\/\/www.supercars.net\/blog\/wp-content\/uploads\/2016\/03\/1035144-293x195.jpg 293w\" sizes=\"(max-width: 1024px) 100vw, 1024px\" \/>\r\n\t\t\t\t<\/a>\r\n            <\/div><\/figure><figure class='gallery-item'>\r\n            <div class='gallery-icon landscape'>\r\n                <a href='https:\/\/www.supercars.net\/blog\/wp-content\/uploads\/2016\/03\/1035145.jpg' class='tipi-lightbox'>\r\n\t\t\t\t<img decoding=\"async\" width=\"1024\" height=\"683\" src=\"https:\/\/www.supercars.net\/blog\/wp-content\/uploads\/2016\/03\/1035145.jpg\" class=\"attachment-full size-full\" alt=\"40. ADAC Zurich 24h-Rennen N\u00fcrburgring-1\" srcset=\"https:\/\/www.supercars.net\/blog\/wp-content\/uploads\/2016\/03\/1035145.jpg 1024w, https:\/\/www.supercars.net\/blog\/wp-content\/uploads\/2016\/03\/1035145-300x200.jpg 300w, https:\/\/www.supercars.net\/blog\/wp-content\/uploads\/2016\/03\/1035145-100x67.jpg 100w, https:\/\/www.supercars.net\/blog\/wp-content\/uploads\/2016\/03\/1035145-770x514.jpg 770w, https:\/\/www.supercars.net\/blog\/wp-content\/uploads\/2016\/03\/1035145-360x240.jpg 360w, https:\/\/www.supercars.net\/blog\/wp-content\/uploads\/2016\/03\/1035145-370x247.jpg 370w, https:\/\/www.supercars.net\/blog\/wp-content\/uploads\/2016\/03\/1035145-293x195.jpg 293w\" sizes=\"(max-width: 1024px) 100vw, 1024px\" \/>\r\n\t\t\t\t<\/a>\r\n            <\/div><\/figure><figure class='gallery-item'>\r\n            <div class='gallery-icon landscape'>\r\n                <a href='https:\/\/www.supercars.net\/blog\/wp-content\/uploads\/2016\/03\/1035146.jpg' class='tipi-lightbox'>\r\n\t\t\t\t<img decoding=\"async\" width=\"1024\" height=\"683\" src=\"https:\/\/www.supercars.net\/blog\/wp-content\/uploads\/2016\/03\/1035146.jpg\" class=\"attachment-full size-full\" alt=\"40. ADAC Zurich 24h-Rennen N\u00fcrburgring-1\" srcset=\"https:\/\/www.supercars.net\/blog\/wp-content\/uploads\/2016\/03\/1035146.jpg 1024w, https:\/\/www.supercars.net\/blog\/wp-content\/uploads\/2016\/03\/1035146-300x200.jpg 300w, https:\/\/www.supercars.net\/blog\/wp-content\/uploads\/2016\/03\/1035146-100x67.jpg 100w, https:\/\/www.supercars.net\/blog\/wp-content\/uploads\/2016\/03\/1035146-770x514.jpg 770w, https:\/\/www.supercars.net\/blog\/wp-content\/uploads\/2016\/03\/1035146-360x240.jpg 360w, https:\/\/www.supercars.net\/blog\/wp-content\/uploads\/2016\/03\/1035146-370x247.jpg 370w, https:\/\/www.supercars.net\/blog\/wp-content\/uploads\/2016\/03\/1035146-293x195.jpg 293w\" sizes=\"(max-width: 1024px) 100vw, 1024px\" \/>\r\n\t\t\t\t<\/a>\r\n            <\/div>\r\n                <div class='wp-caption-text gallery-caption'>\r\n                BMW Team Schubert BMW Z4 GT3 with Claudia H\u00fcrtgen, Nico Bastian, Dominik Schwager, Dirk Adorf, Dirk M\u00fcller, Uwe Alzen and J\u00f6rg M\u00fcller 18.05.2012. ADAC Zurich 24 Hours, Nurburgring, Germany\n &#8211; www.xpbimages.com, EMail: requests@xpbimages.com &#8211; copy of publication required for printed pictures. Every used picture is fee-liable. \u00a9 Copyright: Schaber \/ XPB Images\r\n                <\/div><\/figure><figure class='gallery-item'>\r\n            <div class='gallery-icon landscape'>\r\n                <a href='https:\/\/www.supercars.net\/blog\/wp-content\/uploads\/2016\/03\/1035147.jpg' class='tipi-lightbox'>\r\n\t\t\t\t<img decoding=\"async\" width=\"1024\" height=\"683\" src=\"https:\/\/www.supercars.net\/blog\/wp-content\/uploads\/2016\/03\/1035147.jpg\" class=\"attachment-full size-full\" alt=\"40. ADAC Zurich 24h-Rennen N\u00fcrburgring-1\" srcset=\"https:\/\/www.supercars.net\/blog\/wp-content\/uploads\/2016\/03\/1035147.jpg 1024w, https:\/\/www.supercars.net\/blog\/wp-content\/uploads\/2016\/03\/1035147-300x200.jpg 300w, https:\/\/www.supercars.net\/blog\/wp-content\/uploads\/2016\/03\/1035147-100x67.jpg 100w, https:\/\/www.supercars.net\/blog\/wp-content\/uploads\/2016\/03\/1035147-770x514.jpg 770w, https:\/\/www.supercars.net\/blog\/wp-content\/uploads\/2016\/03\/1035147-360x240.jpg 360w, https:\/\/www.supercars.net\/blog\/wp-content\/uploads\/2016\/03\/1035147-370x247.jpg 370w, https:\/\/www.supercars.net\/blog\/wp-content\/uploads\/2016\/03\/1035147-293x195.jpg 293w\" sizes=\"(max-width: 1024px) 100vw, 1024px\" \/>\r\n\t\t\t\t<\/a>\r\n            <\/div><\/figure><figure class='gallery-item'>\r\n            <div class='gallery-icon landscape'>\r\n                <a href='https:\/\/www.supercars.net\/blog\/wp-content\/uploads\/2016\/03\/1035148.jpg' class='tipi-lightbox'>\r\n\t\t\t\t<img decoding=\"async\" width=\"1024\" height=\"683\" src=\"https:\/\/www.supercars.net\/blog\/wp-content\/uploads\/2016\/03\/1035148.jpg\" class=\"attachment-full size-full\" alt=\"40. ADAC Zurich 24h-Rennen N\u00fcrburgring-1\" srcset=\"https:\/\/www.supercars.net\/blog\/wp-content\/uploads\/2016\/03\/1035148.jpg 1024w, https:\/\/www.supercars.net\/blog\/wp-content\/uploads\/2016\/03\/1035148-300x200.jpg 300w, https:\/\/www.supercars.net\/blog\/wp-content\/uploads\/2016\/03\/1035148-100x67.jpg 100w, https:\/\/www.supercars.net\/blog\/wp-content\/uploads\/2016\/03\/1035148-770x514.jpg 770w, https:\/\/www.supercars.net\/blog\/wp-content\/uploads\/2016\/03\/1035148-360x240.jpg 360w, https:\/\/www.supercars.net\/blog\/wp-content\/uploads\/2016\/03\/1035148-370x247.jpg 370w, https:\/\/www.supercars.net\/blog\/wp-content\/uploads\/2016\/03\/1035148-293x195.jpg 293w\" sizes=\"(max-width: 1024px) 100vw, 1024px\" \/>\r\n\t\t\t\t<\/a>\r\n            <\/div><\/figure><figure class='gallery-item'>\r\n            <div class='gallery-icon landscape'>\r\n                <a href='https:\/\/www.supercars.net\/blog\/wp-content\/uploads\/2016\/03\/1035149.jpg' class='tipi-lightbox'>\r\n\t\t\t\t<img decoding=\"async\" width=\"1024\" height=\"683\" src=\"https:\/\/www.supercars.net\/blog\/wp-content\/uploads\/2016\/03\/1035149.jpg\" class=\"attachment-full size-full\" alt=\"40. ADAC Zurich 24h-Rennen N\u00fcrburgring-1\" srcset=\"https:\/\/www.supercars.net\/blog\/wp-content\/uploads\/2016\/03\/1035149.jpg 1024w, https:\/\/www.supercars.net\/blog\/wp-content\/uploads\/2016\/03\/1035149-300x200.jpg 300w, https:\/\/www.supercars.net\/blog\/wp-content\/uploads\/2016\/03\/1035149-100x67.jpg 100w, https:\/\/www.supercars.net\/blog\/wp-content\/uploads\/2016\/03\/1035149-770x514.jpg 770w, https:\/\/www.supercars.net\/blog\/wp-content\/uploads\/2016\/03\/1035149-360x240.jpg 360w, https:\/\/www.supercars.net\/blog\/wp-content\/uploads\/2016\/03\/1035149-370x247.jpg 370w, https:\/\/www.supercars.net\/blog\/wp-content\/uploads\/2016\/03\/1035149-293x195.jpg 293w\" sizes=\"(max-width: 1024px) 100vw, 1024px\" \/>\r\n\t\t\t\t<\/a>\r\n            <\/div><\/figure><figure class='gallery-item'>\r\n            <div class='gallery-icon landscape'>\r\n                <a href='https:\/\/www.supercars.net\/blog\/wp-content\/uploads\/2016\/03\/1035150.jpg' class='tipi-lightbox'>\r\n\t\t\t\t<img decoding=\"async\" width=\"1024\" height=\"683\" src=\"https:\/\/www.supercars.net\/blog\/wp-content\/uploads\/2016\/03\/1035150.jpg\" class=\"attachment-full size-full\" alt=\"40. ADAC Zurich 24h-Rennen N\u00fcrburgring-1\" srcset=\"https:\/\/www.supercars.net\/blog\/wp-content\/uploads\/2016\/03\/1035150.jpg 1024w, https:\/\/www.supercars.net\/blog\/wp-content\/uploads\/2016\/03\/1035150-300x200.jpg 300w, https:\/\/www.supercars.net\/blog\/wp-content\/uploads\/2016\/03\/1035150-100x67.jpg 100w, https:\/\/www.supercars.net\/blog\/wp-content\/uploads\/2016\/03\/1035150-770x514.jpg 770w, https:\/\/www.supercars.net\/blog\/wp-content\/uploads\/2016\/03\/1035150-360x240.jpg 360w, https:\/\/www.supercars.net\/blog\/wp-content\/uploads\/2016\/03\/1035150-370x247.jpg 370w, https:\/\/www.supercars.net\/blog\/wp-content\/uploads\/2016\/03\/1035150-293x195.jpg 293w\" sizes=\"(max-width: 1024px) 100vw, 1024px\" \/>\r\n\t\t\t\t<\/a>\r\n            <\/div><\/figure><figure class='gallery-item'>\r\n            <div class='gallery-icon landscape'>\r\n                <a href='https:\/\/www.supercars.net\/blog\/wp-content\/uploads\/2016\/03\/1035151.jpg' class='tipi-lightbox'>\r\n\t\t\t\t<img decoding=\"async\" width=\"1024\" height=\"683\" src=\"https:\/\/www.supercars.net\/blog\/wp-content\/uploads\/2016\/03\/1035151.jpg\" class=\"attachment-full size-full\" alt=\"40. ADAC Zurich 24h-Rennen N\u00fcrburgring-1\" srcset=\"https:\/\/www.supercars.net\/blog\/wp-content\/uploads\/2016\/03\/1035151.jpg 1024w, https:\/\/www.supercars.net\/blog\/wp-content\/uploads\/2016\/03\/1035151-300x200.jpg 300w, https:\/\/www.supercars.net\/blog\/wp-content\/uploads\/2016\/03\/1035151-100x67.jpg 100w, https:\/\/www.supercars.net\/blog\/wp-content\/uploads\/2016\/03\/1035151-770x514.jpg 770w, https:\/\/www.supercars.net\/blog\/wp-content\/uploads\/2016\/03\/1035151-360x240.jpg 360w, https:\/\/www.supercars.net\/blog\/wp-content\/uploads\/2016\/03\/1035151-370x247.jpg 370w, https:\/\/www.supercars.net\/blog\/wp-content\/uploads\/2016\/03\/1035151-293x195.jpg 293w\" sizes=\"(max-width: 1024px) 100vw, 1024px\" \/>\r\n\t\t\t\t<\/a>\r\n            <\/div><\/figure><figure class='gallery-item'>\r\n            <div class='gallery-icon landscape'>\r\n                <a href='https:\/\/www.supercars.net\/blog\/wp-content\/uploads\/2016\/03\/1035152.jpg' class='tipi-lightbox'>\r\n\t\t\t\t<img decoding=\"async\" width=\"1024\" height=\"683\" src=\"https:\/\/www.supercars.net\/blog\/wp-content\/uploads\/2016\/03\/1035152.jpg\" class=\"attachment-full size-full\" alt=\"40. ADAC Zurich 24h-Rennen N\u00fcrburgring-1\" srcset=\"https:\/\/www.supercars.net\/blog\/wp-content\/uploads\/2016\/03\/1035152.jpg 1024w, https:\/\/www.supercars.net\/blog\/wp-content\/uploads\/2016\/03\/1035152-300x200.jpg 300w, https:\/\/www.supercars.net\/blog\/wp-content\/uploads\/2016\/03\/1035152-100x67.jpg 100w, https:\/\/www.supercars.net\/blog\/wp-content\/uploads\/2016\/03\/1035152-770x514.jpg 770w, https:\/\/www.supercars.net\/blog\/wp-content\/uploads\/2016\/03\/1035152-360x240.jpg 360w, https:\/\/www.supercars.net\/blog\/wp-content\/uploads\/2016\/03\/1035152-370x247.jpg 370w, https:\/\/www.supercars.net\/blog\/wp-content\/uploads\/2016\/03\/1035152-293x195.jpg 293w\" sizes=\"(max-width: 1024px) 100vw, 1024px\" \/>\r\n\t\t\t\t<\/a>\r\n            <\/div><\/figure><figure class='gallery-item'>\r\n            <div class='gallery-icon landscape'>\r\n                <a href='https:\/\/www.supercars.net\/blog\/wp-content\/uploads\/2016\/03\/1035153.jpg' class='tipi-lightbox'>\r\n\t\t\t\t<img decoding=\"async\" width=\"1024\" height=\"683\" src=\"https:\/\/www.supercars.net\/blog\/wp-content\/uploads\/2016\/03\/1035153.jpg\" class=\"attachment-full size-full\" alt=\"40. ADAC Zurich 24h-Rennen N\u00fcrburgring-1\" srcset=\"https:\/\/www.supercars.net\/blog\/wp-content\/uploads\/2016\/03\/1035153.jpg 1024w, https:\/\/www.supercars.net\/blog\/wp-content\/uploads\/2016\/03\/1035153-300x200.jpg 300w, https:\/\/www.supercars.net\/blog\/wp-content\/uploads\/2016\/03\/1035153-100x67.jpg 100w, https:\/\/www.supercars.net\/blog\/wp-content\/uploads\/2016\/03\/1035153-770x514.jpg 770w, https:\/\/www.supercars.net\/blog\/wp-content\/uploads\/2016\/03\/1035153-360x240.jpg 360w, https:\/\/www.supercars.net\/blog\/wp-content\/uploads\/2016\/03\/1035153-370x247.jpg 370w, https:\/\/www.supercars.net\/blog\/wp-content\/uploads\/2016\/03\/1035153-293x195.jpg 293w\" sizes=\"(max-width: 1024px) 100vw, 1024px\" \/>\r\n\t\t\t\t<\/a>\r\n            <\/div><\/figure><figure class='gallery-item'>\r\n            <div class='gallery-icon landscape'>\r\n                <a href='https:\/\/www.supercars.net\/blog\/wp-content\/uploads\/2016\/03\/1035154.jpg' class='tipi-lightbox'>\r\n\t\t\t\t<img decoding=\"async\" width=\"1024\" height=\"683\" src=\"https:\/\/www.supercars.net\/blog\/wp-content\/uploads\/2016\/03\/1035154.jpg\" class=\"attachment-full size-full\" alt=\"40. ADAC Zurich 24h-Rennen N\u00fcrburgring-1\" srcset=\"https:\/\/www.supercars.net\/blog\/wp-content\/uploads\/2016\/03\/1035154.jpg 1024w, https:\/\/www.supercars.net\/blog\/wp-content\/uploads\/2016\/03\/1035154-300x200.jpg 300w, https:\/\/www.supercars.net\/blog\/wp-content\/uploads\/2016\/03\/1035154-100x67.jpg 100w, https:\/\/www.supercars.net\/blog\/wp-content\/uploads\/2016\/03\/1035154-770x514.jpg 770w, https:\/\/www.supercars.net\/blog\/wp-content\/uploads\/2016\/03\/1035154-360x240.jpg 360w, https:\/\/www.supercars.net\/blog\/wp-content\/uploads\/2016\/03\/1035154-370x247.jpg 370w, https:\/\/www.supercars.net\/blog\/wp-content\/uploads\/2016\/03\/1035154-293x195.jpg 293w\" sizes=\"(max-width: 1024px) 100vw, 1024px\" \/>\r\n\t\t\t\t<\/a>\r\n            <\/div><\/figure><figure class='gallery-item'>\r\n            <div class='gallery-icon landscape'>\r\n                <a href='https:\/\/www.supercars.net\/blog\/wp-content\/uploads\/2016\/03\/1035155.jpg' class='tipi-lightbox'>\r\n\t\t\t\t<img decoding=\"async\" width=\"1024\" height=\"683\" src=\"https:\/\/www.supercars.net\/blog\/wp-content\/uploads\/2016\/03\/1035155.jpg\" class=\"attachment-full size-full\" alt=\"40. ADAC Zurich 24h-Rennen N\u00fcrburgring-1\" srcset=\"https:\/\/www.supercars.net\/blog\/wp-content\/uploads\/2016\/03\/1035155.jpg 1024w, https:\/\/www.supercars.net\/blog\/wp-content\/uploads\/2016\/03\/1035155-300x200.jpg 300w, https:\/\/www.supercars.net\/blog\/wp-content\/uploads\/2016\/03\/1035155-100x67.jpg 100w, https:\/\/www.supercars.net\/blog\/wp-content\/uploads\/2016\/03\/1035155-770x514.jpg 770w, https:\/\/www.supercars.net\/blog\/wp-content\/uploads\/2016\/03\/1035155-360x240.jpg 360w, https:\/\/www.supercars.net\/blog\/wp-content\/uploads\/2016\/03\/1035155-370x247.jpg 370w, https:\/\/www.supercars.net\/blog\/wp-content\/uploads\/2016\/03\/1035155-293x195.jpg 293w\" sizes=\"(max-width: 1024px) 100vw, 1024px\" \/>\r\n\t\t\t\t<\/a>\r\n            <\/div>\r\n                <div class='wp-caption-text gallery-caption'>\r\n                St10 Manthey Racing; Porsche 911 GT3 R\r\n                <\/div><\/figure><figure class='gallery-item'>\r\n            <div class='gallery-icon landscape'>\r\n                <a href='https:\/\/www.supercars.net\/blog\/wp-content\/uploads\/2016\/03\/1035156.jpg' class='tipi-lightbox'>\r\n\t\t\t\t<img decoding=\"async\" width=\"1024\" height=\"683\" src=\"https:\/\/www.supercars.net\/blog\/wp-content\/uploads\/2016\/03\/1035156.jpg\" class=\"attachment-full size-full\" alt=\"40. ADAC Zurich 24h-Rennen N\u00fcrburgring-1\" srcset=\"https:\/\/www.supercars.net\/blog\/wp-content\/uploads\/2016\/03\/1035156.jpg 1024w, https:\/\/www.supercars.net\/blog\/wp-content\/uploads\/2016\/03\/1035156-300x200.jpg 300w, https:\/\/www.supercars.net\/blog\/wp-content\/uploads\/2016\/03\/1035156-100x67.jpg 100w, https:\/\/www.supercars.net\/blog\/wp-content\/uploads\/2016\/03\/1035156-770x514.jpg 770w, https:\/\/www.supercars.net\/blog\/wp-content\/uploads\/2016\/03\/1035156-360x240.jpg 360w, https:\/\/www.supercars.net\/blog\/wp-content\/uploads\/2016\/03\/1035156-370x247.jpg 370w, https:\/\/www.supercars.net\/blog\/wp-content\/uploads\/2016\/03\/1035156-293x195.jpg 293w\" sizes=\"(max-width: 1024px) 100vw, 1024px\" \/>\r\n\t\t\t\t<\/a>\r\n            <\/div><\/figure><figure class='gallery-item'>\r\n            <div class='gallery-icon landscape'>\r\n                <a href='https:\/\/www.supercars.net\/blog\/wp-content\/uploads\/2016\/03\/1035157.jpg' class='tipi-lightbox'>\r\n\t\t\t\t<img decoding=\"async\" width=\"1024\" height=\"683\" src=\"https:\/\/www.supercars.net\/blog\/wp-content\/uploads\/2016\/03\/1035157.jpg\" class=\"attachment-full size-full\" alt=\"40. ADAC Zurich 24h-Rennen N\u00fcrburgring-1\" srcset=\"https:\/\/www.supercars.net\/blog\/wp-content\/uploads\/2016\/03\/1035157.jpg 1024w, https:\/\/www.supercars.net\/blog\/wp-content\/uploads\/2016\/03\/1035157-300x200.jpg 300w, https:\/\/www.supercars.net\/blog\/wp-content\/uploads\/2016\/03\/1035157-100x67.jpg 100w, https:\/\/www.supercars.net\/blog\/wp-content\/uploads\/2016\/03\/1035157-770x514.jpg 770w, https:\/\/www.supercars.net\/blog\/wp-content\/uploads\/2016\/03\/1035157-360x240.jpg 360w, https:\/\/www.supercars.net\/blog\/wp-content\/uploads\/2016\/03\/1035157-370x247.jpg 370w, https:\/\/www.supercars.net\/blog\/wp-content\/uploads\/2016\/03\/1035157-293x195.jpg 293w\" sizes=\"(max-width: 1024px) 100vw, 1024px\" \/>\r\n\t\t\t\t<\/a>\r\n            <\/div><\/figure><figure class='gallery-item'>\r\n            <div class='gallery-icon landscape'>\r\n                <a href='https:\/\/www.supercars.net\/blog\/wp-content\/uploads\/2016\/03\/1035158.jpg' class='tipi-lightbox'>\r\n\t\t\t\t<img decoding=\"async\" width=\"1024\" height=\"683\" src=\"https:\/\/www.supercars.net\/blog\/wp-content\/uploads\/2016\/03\/1035158.jpg\" class=\"attachment-full size-full\" alt=\"40. ADAC Zurich 24h-Rennen N\u00fcrburgring-1\" srcset=\"https:\/\/www.supercars.net\/blog\/wp-content\/uploads\/2016\/03\/1035158.jpg 1024w, https:\/\/www.supercars.net\/blog\/wp-content\/uploads\/2016\/03\/1035158-300x200.jpg 300w, https:\/\/www.supercars.net\/blog\/wp-content\/uploads\/2016\/03\/1035158-100x67.jpg 100w, https:\/\/www.supercars.net\/blog\/wp-content\/uploads\/2016\/03\/1035158-770x514.jpg 770w, https:\/\/www.supercars.net\/blog\/wp-content\/uploads\/2016\/03\/1035158-360x240.jpg 360w, https:\/\/www.supercars.net\/blog\/wp-content\/uploads\/2016\/03\/1035158-370x247.jpg 370w, https:\/\/www.supercars.net\/blog\/wp-content\/uploads\/2016\/03\/1035158-293x195.jpg 293w\" sizes=\"(max-width: 1024px) 100vw, 1024px\" \/>\r\n\t\t\t\t<\/a>\r\n            <\/div><\/figure><figure class='gallery-item'>\r\n            <div class='gallery-icon landscape'>\r\n                <a href='https:\/\/www.supercars.net\/blog\/wp-content\/uploads\/2016\/03\/1035160.jpg' class='tipi-lightbox'>\r\n\t\t\t\t<img decoding=\"async\" width=\"1024\" height=\"683\" src=\"https:\/\/www.supercars.net\/blog\/wp-content\/uploads\/2016\/03\/1035160.jpg\" class=\"attachment-full size-full\" alt=\"40. ADAC Zurich 24h-Rennen N\u00fcrburgring-1\" srcset=\"https:\/\/www.supercars.net\/blog\/wp-content\/uploads\/2016\/03\/1035160.jpg 1024w, https:\/\/www.supercars.net\/blog\/wp-content\/uploads\/2016\/03\/1035160-300x200.jpg 300w, https:\/\/www.supercars.net\/blog\/wp-content\/uploads\/2016\/03\/1035160-100x67.jpg 100w, https:\/\/www.supercars.net\/blog\/wp-content\/uploads\/2016\/03\/1035160-770x514.jpg 770w, https:\/\/www.supercars.net\/blog\/wp-content\/uploads\/2016\/03\/1035160-360x240.jpg 360w, https:\/\/www.supercars.net\/blog\/wp-content\/uploads\/2016\/03\/1035160-370x247.jpg 370w, https:\/\/www.supercars.net\/blog\/wp-content\/uploads\/2016\/03\/1035160-293x195.jpg 293w\" sizes=\"(max-width: 1024px) 100vw, 1024px\" \/>\r\n\t\t\t\t<\/a>\r\n            <\/div>\r\n                <div class='wp-caption-text gallery-caption'>\r\n                St47 Timbuli Racing; Porsche 911 GT3\r\n                <\/div><\/figure><figure class='gallery-item'>\r\n            <div class='gallery-icon landscape'>\r\n                <a href='https:\/\/www.supercars.net\/blog\/wp-content\/uploads\/2016\/03\/1035161.jpg' class='tipi-lightbox'>\r\n\t\t\t\t<img decoding=\"async\" width=\"1024\" height=\"683\" src=\"https:\/\/www.supercars.net\/blog\/wp-content\/uploads\/2016\/03\/1035161.jpg\" class=\"attachment-full size-full\" alt=\"40. ADAC Zurich 24h-Rennen N\u00fcrburgring-1\" srcset=\"https:\/\/www.supercars.net\/blog\/wp-content\/uploads\/2016\/03\/1035161.jpg 1024w, https:\/\/www.supercars.net\/blog\/wp-content\/uploads\/2016\/03\/1035161-300x200.jpg 300w, https:\/\/www.supercars.net\/blog\/wp-content\/uploads\/2016\/03\/1035161-100x67.jpg 100w, https:\/\/www.supercars.net\/blog\/wp-content\/uploads\/2016\/03\/1035161-770x514.jpg 770w, https:\/\/www.supercars.net\/blog\/wp-content\/uploads\/2016\/03\/1035161-360x240.jpg 360w, https:\/\/www.supercars.net\/blog\/wp-content\/uploads\/2016\/03\/1035161-370x247.jpg 370w, https:\/\/www.supercars.net\/blog\/wp-content\/uploads\/2016\/03\/1035161-293x195.jpg 293w\" sizes=\"(max-width: 1024px) 100vw, 1024px\" \/>\r\n\t\t\t\t<\/a>\r\n            <\/div>\r\n                <div class='wp-caption-text gallery-caption'>\r\n                St27 Timbuli Racing; Porsche 997 GT3 R\r\n                <\/div><\/figure><figure class='gallery-item'>\r\n            <div class='gallery-icon landscape'>\r\n                <a href='https:\/\/www.supercars.net\/blog\/wp-content\/uploads\/2016\/03\/1035162.jpg' class='tipi-lightbox'>\r\n\t\t\t\t<img decoding=\"async\" width=\"1024\" height=\"683\" src=\"https:\/\/www.supercars.net\/blog\/wp-content\/uploads\/2016\/03\/1035162.jpg\" class=\"attachment-full size-full\" alt=\"40. ADAC Zurich 24h-Rennen N\u00fcrburgring-1\" srcset=\"https:\/\/www.supercars.net\/blog\/wp-content\/uploads\/2016\/03\/1035162.jpg 1024w, https:\/\/www.supercars.net\/blog\/wp-content\/uploads\/2016\/03\/1035162-300x200.jpg 300w, https:\/\/www.supercars.net\/blog\/wp-content\/uploads\/2016\/03\/1035162-100x67.jpg 100w, https:\/\/www.supercars.net\/blog\/wp-content\/uploads\/2016\/03\/1035162-770x514.jpg 770w, https:\/\/www.supercars.net\/blog\/wp-content\/uploads\/2016\/03\/1035162-360x240.jpg 360w, https:\/\/www.supercars.net\/blog\/wp-content\/uploads\/2016\/03\/1035162-370x247.jpg 370w, https:\/\/www.supercars.net\/blog\/wp-content\/uploads\/2016\/03\/1035162-293x195.jpg 293w\" sizes=\"(max-width: 1024px) 100vw, 1024px\" \/>\r\n\t\t\t\t<\/a>\r\n            <\/div><\/figure><figure class='gallery-item'>\r\n            <div class='gallery-icon landscape'>\r\n                <a href='https:\/\/www.supercars.net\/blog\/wp-content\/uploads\/2016\/03\/1035163.jpg' class='tipi-lightbox'>\r\n\t\t\t\t<img decoding=\"async\" width=\"1024\" height=\"683\" src=\"https:\/\/www.supercars.net\/blog\/wp-content\/uploads\/2016\/03\/1035163.jpg\" class=\"attachment-full size-full\" alt=\"40. ADAC Zurich 24h-Rennen N\u00fcrburgring-1\" srcset=\"https:\/\/www.supercars.net\/blog\/wp-content\/uploads\/2016\/03\/1035163.jpg 1024w, https:\/\/www.supercars.net\/blog\/wp-content\/uploads\/2016\/03\/1035163-300x200.jpg 300w, https:\/\/www.supercars.net\/blog\/wp-content\/uploads\/2016\/03\/1035163-100x67.jpg 100w, https:\/\/www.supercars.net\/blog\/wp-content\/uploads\/2016\/03\/1035163-770x514.jpg 770w, https:\/\/www.supercars.net\/blog\/wp-content\/uploads\/2016\/03\/1035163-360x240.jpg 360w, https:\/\/www.supercars.net\/blog\/wp-content\/uploads\/2016\/03\/1035163-370x247.jpg 370w, https:\/\/www.supercars.net\/blog\/wp-content\/uploads\/2016\/03\/1035163-293x195.jpg 293w\" sizes=\"(max-width: 1024px) 100vw, 1024px\" \/>\r\n\t\t\t\t<\/a>\r\n            <\/div><\/figure><figure class='gallery-item'>\r\n            <div class='gallery-icon landscape'>\r\n                <a href='https:\/\/www.supercars.net\/blog\/wp-content\/uploads\/2016\/03\/1035164.jpg' class='tipi-lightbox'>\r\n\t\t\t\t<img decoding=\"async\" width=\"1024\" height=\"682\" src=\"https:\/\/www.supercars.net\/blog\/wp-content\/uploads\/2016\/03\/1035164.jpg\" class=\"attachment-full size-full\" alt=\"40. ADAC Zurich 24h-Rennen N\u00fcrburgring-1\" srcset=\"https:\/\/www.supercars.net\/blog\/wp-content\/uploads\/2016\/03\/1035164.jpg 1024w, https:\/\/www.supercars.net\/blog\/wp-content\/uploads\/2016\/03\/1035164-300x200.jpg 300w, https:\/\/www.supercars.net\/blog\/wp-content\/uploads\/2016\/03\/1035164-100x67.jpg 100w, https:\/\/www.supercars.net\/blog\/wp-content\/uploads\/2016\/03\/1035164-770x513.jpg 770w, https:\/\/www.supercars.net\/blog\/wp-content\/uploads\/2016\/03\/1035164-360x240.jpg 360w, https:\/\/www.supercars.net\/blog\/wp-content\/uploads\/2016\/03\/1035164-370x247.jpg 370w, https:\/\/www.supercars.net\/blog\/wp-content\/uploads\/2016\/03\/1035164-293x195.jpg 293w\" sizes=\"(max-width: 1024px) 100vw, 1024px\" \/>\r\n\t\t\t\t<\/a>\r\n            <\/div><\/figure><figure class='gallery-item'>\r\n            <div class='gallery-icon landscape'>\r\n                <a href='https:\/\/www.supercars.net\/blog\/wp-content\/uploads\/2016\/03\/1035165.jpg' class='tipi-lightbox'>\r\n\t\t\t\t<img decoding=\"async\" width=\"1024\" height=\"683\" src=\"https:\/\/www.supercars.net\/blog\/wp-content\/uploads\/2016\/03\/1035165.jpg\" class=\"attachment-full size-full\" alt=\"40. ADAC Zurich 24h-Rennen N\u00fcrburgring-1\" srcset=\"https:\/\/www.supercars.net\/blog\/wp-content\/uploads\/2016\/03\/1035165.jpg 1024w, https:\/\/www.supercars.net\/blog\/wp-content\/uploads\/2016\/03\/1035165-300x200.jpg 300w, https:\/\/www.supercars.net\/blog\/wp-content\/uploads\/2016\/03\/1035165-100x67.jpg 100w, https:\/\/www.supercars.net\/blog\/wp-content\/uploads\/2016\/03\/1035165-770x514.jpg 770w, https:\/\/www.supercars.net\/blog\/wp-content\/uploads\/2016\/03\/1035165-360x240.jpg 360w, https:\/\/www.supercars.net\/blog\/wp-content\/uploads\/2016\/03\/1035165-370x247.jpg 370w, https:\/\/www.supercars.net\/blog\/wp-content\/uploads\/2016\/03\/1035165-293x195.jpg 293w\" sizes=\"(max-width: 1024px) 100vw, 1024px\" \/>\r\n\t\t\t\t<\/a>\r\n            <\/div><\/figure><figure class='gallery-item'>\r\n            <div class='gallery-icon landscape'>\r\n                <a href='https:\/\/www.supercars.net\/blog\/wp-content\/uploads\/2016\/03\/1035166.jpg' class='tipi-lightbox'>\r\n\t\t\t\t<img decoding=\"async\" width=\"1024\" height=\"683\" src=\"https:\/\/www.supercars.net\/blog\/wp-content\/uploads\/2016\/03\/1035166.jpg\" class=\"attachment-full size-full\" alt=\"40. ADAC Zurich 24h-Rennen N\u00fcrburgring-1\" srcset=\"https:\/\/www.supercars.net\/blog\/wp-content\/uploads\/2016\/03\/1035166.jpg 1024w, https:\/\/www.supercars.net\/blog\/wp-content\/uploads\/2016\/03\/1035166-300x200.jpg 300w, https:\/\/www.supercars.net\/blog\/wp-content\/uploads\/2016\/03\/1035166-100x67.jpg 100w, https:\/\/www.supercars.net\/blog\/wp-content\/uploads\/2016\/03\/1035166-770x514.jpg 770w, https:\/\/www.supercars.net\/blog\/wp-content\/uploads\/2016\/03\/1035166-360x240.jpg 360w, https:\/\/www.supercars.net\/blog\/wp-content\/uploads\/2016\/03\/1035166-370x247.jpg 370w, https:\/\/www.supercars.net\/blog\/wp-content\/uploads\/2016\/03\/1035166-293x195.jpg 293w\" sizes=\"(max-width: 1024px) 100vw, 1024px\" \/>\r\n\t\t\t\t<\/a>\r\n            <\/div><\/figure><figure class='gallery-item'>\r\n            <div class='gallery-icon landscape'>\r\n                <a href='https:\/\/www.supercars.net\/blog\/wp-content\/uploads\/2016\/03\/1035167.jpg' class='tipi-lightbox'>\r\n\t\t\t\t<img decoding=\"async\" width=\"1024\" height=\"683\" src=\"https:\/\/www.supercars.net\/blog\/wp-content\/uploads\/2016\/03\/1035167.jpg\" class=\"attachment-full size-full\" alt=\"40. ADAC Zurich 24h-Rennen N\u00fcrburgring-1\" srcset=\"https:\/\/www.supercars.net\/blog\/wp-content\/uploads\/2016\/03\/1035167.jpg 1024w, https:\/\/www.supercars.net\/blog\/wp-content\/uploads\/2016\/03\/1035167-300x200.jpg 300w, https:\/\/www.supercars.net\/blog\/wp-content\/uploads\/2016\/03\/1035167-100x67.jpg 100w, https:\/\/www.supercars.net\/blog\/wp-content\/uploads\/2016\/03\/1035167-770x514.jpg 770w, https:\/\/www.supercars.net\/blog\/wp-content\/uploads\/2016\/03\/1035167-360x240.jpg 360w, https:\/\/www.supercars.net\/blog\/wp-content\/uploads\/2016\/03\/1035167-370x247.jpg 370w, https:\/\/www.supercars.net\/blog\/wp-content\/uploads\/2016\/03\/1035167-293x195.jpg 293w\" sizes=\"(max-width: 1024px) 100vw, 1024px\" \/>\r\n\t\t\t\t<\/a>\r\n            <\/div><\/figure><figure class='gallery-item'>\r\n            <div class='gallery-icon landscape'>\r\n                <a href='https:\/\/www.supercars.net\/blog\/wp-content\/uploads\/2016\/03\/1035168.jpg' class='tipi-lightbox'>\r\n\t\t\t\t<img decoding=\"async\" width=\"1024\" height=\"683\" src=\"https:\/\/www.supercars.net\/blog\/wp-content\/uploads\/2016\/03\/1035168.jpg\" class=\"attachment-full size-full\" alt=\"40. ADAC Zurich 24h-Rennen N\u00fcrburgring-1\" srcset=\"https:\/\/www.supercars.net\/blog\/wp-content\/uploads\/2016\/03\/1035168.jpg 1024w, https:\/\/www.supercars.net\/blog\/wp-content\/uploads\/2016\/03\/1035168-300x200.jpg 300w, https:\/\/www.supercars.net\/blog\/wp-content\/uploads\/2016\/03\/1035168-100x67.jpg 100w, https:\/\/www.supercars.net\/blog\/wp-content\/uploads\/2016\/03\/1035168-770x514.jpg 770w, https:\/\/www.supercars.net\/blog\/wp-content\/uploads\/2016\/03\/1035168-360x240.jpg 360w, https:\/\/www.supercars.net\/blog\/wp-content\/uploads\/2016\/03\/1035168-370x247.jpg 370w, https:\/\/www.supercars.net\/blog\/wp-content\/uploads\/2016\/03\/1035168-293x195.jpg 293w\" sizes=\"(max-width: 1024px) 100vw, 1024px\" \/>\r\n\t\t\t\t<\/a>\r\n            <\/div><\/figure><figure class='gallery-item'>\r\n            <div class='gallery-icon landscape'>\r\n                <a href='https:\/\/www.supercars.net\/blog\/wp-content\/uploads\/2016\/03\/1035169.jpg' class='tipi-lightbox'>\r\n\t\t\t\t<img decoding=\"async\" width=\"1024\" height=\"683\" src=\"https:\/\/www.supercars.net\/blog\/wp-content\/uploads\/2016\/03\/1035169.jpg\" class=\"attachment-full size-full\" alt=\"40. ADAC Zurich 24h-Rennen N\u00fcrburgring-1\" srcset=\"https:\/\/www.supercars.net\/blog\/wp-content\/uploads\/2016\/03\/1035169.jpg 1024w, https:\/\/www.supercars.net\/blog\/wp-content\/uploads\/2016\/03\/1035169-300x200.jpg 300w, https:\/\/www.supercars.net\/blog\/wp-content\/uploads\/2016\/03\/1035169-100x67.jpg 100w, https:\/\/www.supercars.net\/blog\/wp-content\/uploads\/2016\/03\/1035169-770x514.jpg 770w, https:\/\/www.supercars.net\/blog\/wp-content\/uploads\/2016\/03\/1035169-360x240.jpg 360w, https:\/\/www.supercars.net\/blog\/wp-content\/uploads\/2016\/03\/1035169-370x247.jpg 370w, https:\/\/www.supercars.net\/blog\/wp-content\/uploads\/2016\/03\/1035169-293x195.jpg 293w\" sizes=\"(max-width: 1024px) 100vw, 1024px\" \/>\r\n\t\t\t\t<\/a>\r\n            <\/div><\/figure><figure class='gallery-item'>\r\n            <div class='gallery-icon landscape'>\r\n                <a href='https:\/\/www.supercars.net\/blog\/wp-content\/uploads\/2016\/03\/1035170.jpg' class='tipi-lightbox'>\r\n\t\t\t\t<img decoding=\"async\" width=\"1024\" height=\"683\" src=\"https:\/\/www.supercars.net\/blog\/wp-content\/uploads\/2016\/03\/1035170.jpg\" class=\"attachment-full size-full\" alt=\"40. ADAC Zurich 24h-Rennen N\u00fcrburgring-1\" srcset=\"https:\/\/www.supercars.net\/blog\/wp-content\/uploads\/2016\/03\/1035170.jpg 1024w, https:\/\/www.supercars.net\/blog\/wp-content\/uploads\/2016\/03\/1035170-300x200.jpg 300w, https:\/\/www.supercars.net\/blog\/wp-content\/uploads\/2016\/03\/1035170-100x67.jpg 100w, https:\/\/www.supercars.net\/blog\/wp-content\/uploads\/2016\/03\/1035170-770x514.jpg 770w, https:\/\/www.supercars.net\/blog\/wp-content\/uploads\/2016\/03\/1035170-360x240.jpg 360w, https:\/\/www.supercars.net\/blog\/wp-content\/uploads\/2016\/03\/1035170-370x247.jpg 370w, https:\/\/www.supercars.net\/blog\/wp-content\/uploads\/2016\/03\/1035170-293x195.jpg 293w\" sizes=\"(max-width: 1024px) 100vw, 1024px\" \/>\r\n\t\t\t\t<\/a>\r\n            <\/div><\/figure><figure class='gallery-item'>\r\n            <div class='gallery-icon landscape'>\r\n                <a href='https:\/\/www.supercars.net\/blog\/wp-content\/uploads\/2016\/03\/1035171.jpg' class='tipi-lightbox'>\r\n\t\t\t\t<img decoding=\"async\" width=\"1024\" height=\"683\" src=\"https:\/\/www.supercars.net\/blog\/wp-content\/uploads\/2016\/03\/1035171.jpg\" class=\"attachment-full size-full\" alt=\"40. ADAC Zurich 24h-Rennen N\u00fcrburgring-1\" srcset=\"https:\/\/www.supercars.net\/blog\/wp-content\/uploads\/2016\/03\/1035171.jpg 1024w, https:\/\/www.supercars.net\/blog\/wp-content\/uploads\/2016\/03\/1035171-300x200.jpg 300w, https:\/\/www.supercars.net\/blog\/wp-content\/uploads\/2016\/03\/1035171-100x67.jpg 100w, https:\/\/www.supercars.net\/blog\/wp-content\/uploads\/2016\/03\/1035171-770x514.jpg 770w, https:\/\/www.supercars.net\/blog\/wp-content\/uploads\/2016\/03\/1035171-360x240.jpg 360w, https:\/\/www.supercars.net\/blog\/wp-content\/uploads\/2016\/03\/1035171-370x247.jpg 370w, https:\/\/www.supercars.net\/blog\/wp-content\/uploads\/2016\/03\/1035171-293x195.jpg 293w\" sizes=\"(max-width: 1024px) 100vw, 1024px\" \/>\r\n\t\t\t\t<\/a>\r\n            <\/div><\/figure><figure class='gallery-item'>\r\n            <div class='gallery-icon landscape'>\r\n                <a href='https:\/\/www.supercars.net\/blog\/wp-content\/uploads\/2016\/03\/1035172.jpg' class='tipi-lightbox'>\r\n\t\t\t\t<img decoding=\"async\" width=\"1024\" height=\"683\" src=\"https:\/\/www.supercars.net\/blog\/wp-content\/uploads\/2016\/03\/1035172.jpg\" class=\"attachment-full size-full\" alt=\"40. ADAC Zurich 24h-Rennen N\u00fcrburgring-1\" srcset=\"https:\/\/www.supercars.net\/blog\/wp-content\/uploads\/2016\/03\/1035172.jpg 1024w, https:\/\/www.supercars.net\/blog\/wp-content\/uploads\/2016\/03\/1035172-300x200.jpg 300w, https:\/\/www.supercars.net\/blog\/wp-content\/uploads\/2016\/03\/1035172-100x67.jpg 100w, https:\/\/www.supercars.net\/blog\/wp-content\/uploads\/2016\/03\/1035172-770x514.jpg 770w, https:\/\/www.supercars.net\/blog\/wp-content\/uploads\/2016\/03\/1035172-360x240.jpg 360w, https:\/\/www.supercars.net\/blog\/wp-content\/uploads\/2016\/03\/1035172-370x247.jpg 370w, https:\/\/www.supercars.net\/blog\/wp-content\/uploads\/2016\/03\/1035172-293x195.jpg 293w\" sizes=\"(max-width: 1024px) 100vw, 1024px\" \/>\r\n\t\t\t\t<\/a>\r\n            <\/div><\/figure><figure class='gallery-item'>\r\n            <div class='gallery-icon landscape'>\r\n                <a href='https:\/\/www.supercars.net\/blog\/wp-content\/uploads\/2016\/03\/1035173.jpg' class='tipi-lightbox'>\r\n\t\t\t\t<img decoding=\"async\" width=\"1024\" height=\"683\" src=\"https:\/\/www.supercars.net\/blog\/wp-content\/uploads\/2016\/03\/1035173.jpg\" class=\"attachment-full size-full\" alt=\"40. ADAC Zurich 24h-Rennen N\u00fcrburgring-1\" srcset=\"https:\/\/www.supercars.net\/blog\/wp-content\/uploads\/2016\/03\/1035173.jpg 1024w, https:\/\/www.supercars.net\/blog\/wp-content\/uploads\/2016\/03\/1035173-300x200.jpg 300w, https:\/\/www.supercars.net\/blog\/wp-content\/uploads\/2016\/03\/1035173-100x67.jpg 100w, https:\/\/www.supercars.net\/blog\/wp-content\/uploads\/2016\/03\/1035173-770x514.jpg 770w, https:\/\/www.supercars.net\/blog\/wp-content\/uploads\/2016\/03\/1035173-360x240.jpg 360w, https:\/\/www.supercars.net\/blog\/wp-content\/uploads\/2016\/03\/1035173-370x247.jpg 370w, https:\/\/www.supercars.net\/blog\/wp-content\/uploads\/2016\/03\/1035173-293x195.jpg 293w\" sizes=\"(max-width: 1024px) 100vw, 1024px\" \/>\r\n\t\t\t\t<\/a>\r\n            <\/div><\/figure><figure class='gallery-item'>\r\n            <div class='gallery-icon landscape'>\r\n                <a href='https:\/\/www.supercars.net\/blog\/wp-content\/uploads\/2016\/03\/1035174.jpg' class='tipi-lightbox'>\r\n\t\t\t\t<img decoding=\"async\" width=\"1024\" height=\"683\" src=\"https:\/\/www.supercars.net\/blog\/wp-content\/uploads\/2016\/03\/1035174.jpg\" class=\"attachment-full size-full\" alt=\"40. ADAC Zurich 24h-Rennen N\u00fcrburgring-1\" srcset=\"https:\/\/www.supercars.net\/blog\/wp-content\/uploads\/2016\/03\/1035174.jpg 1024w, https:\/\/www.supercars.net\/blog\/wp-content\/uploads\/2016\/03\/1035174-300x200.jpg 300w, https:\/\/www.supercars.net\/blog\/wp-content\/uploads\/2016\/03\/1035174-100x67.jpg 100w, https:\/\/www.supercars.net\/blog\/wp-content\/uploads\/2016\/03\/1035174-770x514.jpg 770w, https:\/\/www.supercars.net\/blog\/wp-content\/uploads\/2016\/03\/1035174-360x240.jpg 360w, https:\/\/www.supercars.net\/blog\/wp-content\/uploads\/2016\/03\/1035174-370x247.jpg 370w, https:\/\/www.supercars.net\/blog\/wp-content\/uploads\/2016\/03\/1035174-293x195.jpg 293w\" sizes=\"(max-width: 1024px) 100vw, 1024px\" \/>\r\n\t\t\t\t<\/a>\r\n            <\/div><\/figure><figure class='gallery-item'>\r\n            <div class='gallery-icon landscape'>\r\n                <a href='https:\/\/www.supercars.net\/blog\/wp-content\/uploads\/2016\/03\/1035175.jpg' class='tipi-lightbox'>\r\n\t\t\t\t<img decoding=\"async\" width=\"1024\" height=\"683\" src=\"https:\/\/www.supercars.net\/blog\/wp-content\/uploads\/2016\/03\/1035175.jpg\" class=\"attachment-full size-full\" alt=\"40. ADAC Zurich 24h-Rennen N\u00fcrburgring-1\" srcset=\"https:\/\/www.supercars.net\/blog\/wp-content\/uploads\/2016\/03\/1035175.jpg 1024w, https:\/\/www.supercars.net\/blog\/wp-content\/uploads\/2016\/03\/1035175-300x200.jpg 300w, https:\/\/www.supercars.net\/blog\/wp-content\/uploads\/2016\/03\/1035175-100x67.jpg 100w, https:\/\/www.supercars.net\/blog\/wp-content\/uploads\/2016\/03\/1035175-770x514.jpg 770w, https:\/\/www.supercars.net\/blog\/wp-content\/uploads\/2016\/03\/1035175-360x240.jpg 360w, https:\/\/www.supercars.net\/blog\/wp-content\/uploads\/2016\/03\/1035175-370x247.jpg 370w, https:\/\/www.supercars.net\/blog\/wp-content\/uploads\/2016\/03\/1035175-293x195.jpg 293w\" sizes=\"(max-width: 1024px) 100vw, 1024px\" \/>\r\n\t\t\t\t<\/a>\r\n            <\/div><\/figure><figure class='gallery-item'>\r\n            <div class='gallery-icon landscape'>\r\n                <a href='https:\/\/www.supercars.net\/blog\/wp-content\/uploads\/2016\/03\/1035176.jpg' class='tipi-lightbox'>\r\n\t\t\t\t<img decoding=\"async\" width=\"1024\" height=\"683\" src=\"https:\/\/www.supercars.net\/blog\/wp-content\/uploads\/2016\/03\/1035176.jpg\" class=\"attachment-full size-full\" alt=\"40. ADAC Zurich 24h-Rennen N\u00fcrburgring-1\" srcset=\"https:\/\/www.supercars.net\/blog\/wp-content\/uploads\/2016\/03\/1035176.jpg 1024w, https:\/\/www.supercars.net\/blog\/wp-content\/uploads\/2016\/03\/1035176-300x200.jpg 300w, https:\/\/www.supercars.net\/blog\/wp-content\/uploads\/2016\/03\/1035176-100x67.jpg 100w, https:\/\/www.supercars.net\/blog\/wp-content\/uploads\/2016\/03\/1035176-770x514.jpg 770w, https:\/\/www.supercars.net\/blog\/wp-content\/uploads\/2016\/03\/1035176-360x240.jpg 360w, https:\/\/www.supercars.net\/blog\/wp-content\/uploads\/2016\/03\/1035176-370x247.jpg 370w, https:\/\/www.supercars.net\/blog\/wp-content\/uploads\/2016\/03\/1035176-293x195.jpg 293w\" sizes=\"(max-width: 1024px) 100vw, 1024px\" \/>\r\n\t\t\t\t<\/a>\r\n            <\/div><\/figure><figure class='gallery-item'>\r\n            <div class='gallery-icon landscape'>\r\n                <a href='https:\/\/www.supercars.net\/blog\/wp-content\/uploads\/2016\/03\/1035177.jpg' class='tipi-lightbox'>\r\n\t\t\t\t<img decoding=\"async\" width=\"1024\" height=\"683\" src=\"https:\/\/www.supercars.net\/blog\/wp-content\/uploads\/2016\/03\/1035177.jpg\" class=\"attachment-full size-full\" alt=\"40. ADAC Zurich 24h-Rennen N\u00fcrburgring-1\" srcset=\"https:\/\/www.supercars.net\/blog\/wp-content\/uploads\/2016\/03\/1035177.jpg 1024w, https:\/\/www.supercars.net\/blog\/wp-content\/uploads\/2016\/03\/1035177-300x200.jpg 300w, https:\/\/www.supercars.net\/blog\/wp-content\/uploads\/2016\/03\/1035177-100x67.jpg 100w, https:\/\/www.supercars.net\/blog\/wp-content\/uploads\/2016\/03\/1035177-770x514.jpg 770w, https:\/\/www.supercars.net\/blog\/wp-content\/uploads\/2016\/03\/1035177-360x240.jpg 360w, https:\/\/www.supercars.net\/blog\/wp-content\/uploads\/2016\/03\/1035177-370x247.jpg 370w, https:\/\/www.supercars.net\/blog\/wp-content\/uploads\/2016\/03\/1035177-293x195.jpg 293w\" sizes=\"(max-width: 1024px) 100vw, 1024px\" \/>\r\n\t\t\t\t<\/a>\r\n            <\/div><\/figure><figure class='gallery-item'>\r\n            <div class='gallery-icon landscape'>\r\n                <a href='https:\/\/www.supercars.net\/blog\/wp-content\/uploads\/2016\/03\/1035178.jpg' class='tipi-lightbox'>\r\n\t\t\t\t<img decoding=\"async\" width=\"1024\" height=\"683\" src=\"https:\/\/www.supercars.net\/blog\/wp-content\/uploads\/2016\/03\/1035178.jpg\" class=\"attachment-full size-full\" alt=\"40. ADAC Zurich 24h-Rennen N\u00fcrburgring-1\" srcset=\"https:\/\/www.supercars.net\/blog\/wp-content\/uploads\/2016\/03\/1035178.jpg 1024w, https:\/\/www.supercars.net\/blog\/wp-content\/uploads\/2016\/03\/1035178-300x200.jpg 300w, https:\/\/www.supercars.net\/blog\/wp-content\/uploads\/2016\/03\/1035178-100x67.jpg 100w, https:\/\/www.supercars.net\/blog\/wp-content\/uploads\/2016\/03\/1035178-770x514.jpg 770w, https:\/\/www.supercars.net\/blog\/wp-content\/uploads\/2016\/03\/1035178-360x240.jpg 360w, https:\/\/www.supercars.net\/blog\/wp-content\/uploads\/2016\/03\/1035178-370x247.jpg 370w, https:\/\/www.supercars.net\/blog\/wp-content\/uploads\/2016\/03\/1035178-293x195.jpg 293w\" sizes=\"(max-width: 1024px) 100vw, 1024px\" \/>\r\n\t\t\t\t<\/a>\r\n            <\/div><\/figure><figure class='gallery-item'>\r\n            <div class='gallery-icon landscape'>\r\n                <a href='https:\/\/www.supercars.net\/blog\/wp-content\/uploads\/2016\/03\/1035179.jpg' class='tipi-lightbox'>\r\n\t\t\t\t<img decoding=\"async\" width=\"1024\" height=\"683\" src=\"https:\/\/www.supercars.net\/blog\/wp-content\/uploads\/2016\/03\/1035179.jpg\" class=\"attachment-full size-full\" alt=\"40. ADAC Zurich 24h-Rennen N\u00fcrburgring-1\" srcset=\"https:\/\/www.supercars.net\/blog\/wp-content\/uploads\/2016\/03\/1035179.jpg 1024w, https:\/\/www.supercars.net\/blog\/wp-content\/uploads\/2016\/03\/1035179-300x200.jpg 300w, https:\/\/www.supercars.net\/blog\/wp-content\/uploads\/2016\/03\/1035179-100x67.jpg 100w, https:\/\/www.supercars.net\/blog\/wp-content\/uploads\/2016\/03\/1035179-770x514.jpg 770w, https:\/\/www.supercars.net\/blog\/wp-content\/uploads\/2016\/03\/1035179-360x240.jpg 360w, https:\/\/www.supercars.net\/blog\/wp-content\/uploads\/2016\/03\/1035179-370x247.jpg 370w, https:\/\/www.supercars.net\/blog\/wp-content\/uploads\/2016\/03\/1035179-293x195.jpg 293w\" sizes=\"(max-width: 1024px) 100vw, 1024px\" \/>\r\n\t\t\t\t<\/a>\r\n            <\/div><\/figure><figure class='gallery-item'>\r\n            <div class='gallery-icon landscape'>\r\n                <a href='https:\/\/www.supercars.net\/blog\/wp-content\/uploads\/2016\/03\/1035180.jpg' class='tipi-lightbox'>\r\n\t\t\t\t<img decoding=\"async\" width=\"1024\" height=\"683\" src=\"https:\/\/www.supercars.net\/blog\/wp-content\/uploads\/2016\/03\/1035180.jpg\" class=\"attachment-full size-full\" alt=\"40. ADAC Zurich 24h-Rennen N\u00fcrburgring-1\" srcset=\"https:\/\/www.supercars.net\/blog\/wp-content\/uploads\/2016\/03\/1035180.jpg 1024w, https:\/\/www.supercars.net\/blog\/wp-content\/uploads\/2016\/03\/1035180-300x200.jpg 300w, https:\/\/www.supercars.net\/blog\/wp-content\/uploads\/2016\/03\/1035180-100x67.jpg 100w, https:\/\/www.supercars.net\/blog\/wp-content\/uploads\/2016\/03\/1035180-770x514.jpg 770w, https:\/\/www.supercars.net\/blog\/wp-content\/uploads\/2016\/03\/1035180-360x240.jpg 360w, https:\/\/www.supercars.net\/blog\/wp-content\/uploads\/2016\/03\/1035180-370x247.jpg 370w, https:\/\/www.supercars.net\/blog\/wp-content\/uploads\/2016\/03\/1035180-293x195.jpg 293w\" sizes=\"(max-width: 1024px) 100vw, 1024px\" \/>\r\n\t\t\t\t<\/a>\r\n            <\/div><\/figure><figure class='gallery-item'>\r\n            <div class='gallery-icon landscape'>\r\n                <a href='https:\/\/www.supercars.net\/blog\/wp-content\/uploads\/2016\/03\/1035181.jpg' class='tipi-lightbox'>\r\n\t\t\t\t<img decoding=\"async\" width=\"1024\" height=\"683\" src=\"https:\/\/www.supercars.net\/blog\/wp-content\/uploads\/2016\/03\/1035181.jpg\" class=\"attachment-full size-full\" alt=\"40. ADAC Zurich 24h-Rennen N\u00fcrburgring-1\" srcset=\"https:\/\/www.supercars.net\/blog\/wp-content\/uploads\/2016\/03\/1035181.jpg 1024w, https:\/\/www.supercars.net\/blog\/wp-content\/uploads\/2016\/03\/1035181-300x200.jpg 300w, https:\/\/www.supercars.net\/blog\/wp-content\/uploads\/2016\/03\/1035181-100x67.jpg 100w, https:\/\/www.supercars.net\/blog\/wp-content\/uploads\/2016\/03\/1035181-770x514.jpg 770w, https:\/\/www.supercars.net\/blog\/wp-content\/uploads\/2016\/03\/1035181-360x240.jpg 360w, https:\/\/www.supercars.net\/blog\/wp-content\/uploads\/2016\/03\/1035181-370x247.jpg 370w, https:\/\/www.supercars.net\/blog\/wp-content\/uploads\/2016\/03\/1035181-293x195.jpg 293w\" sizes=\"(max-width: 1024px) 100vw, 1024px\" \/>\r\n\t\t\t\t<\/a>\r\n            <\/div><\/figure><figure class='gallery-item'>\r\n            <div class='gallery-icon landscape'>\r\n                <a href='https:\/\/www.supercars.net\/blog\/wp-content\/uploads\/2016\/03\/1035182.jpg' class='tipi-lightbox'>\r\n\t\t\t\t<img decoding=\"async\" width=\"1024\" height=\"683\" src=\"https:\/\/www.supercars.net\/blog\/wp-content\/uploads\/2016\/03\/1035182.jpg\" class=\"attachment-full size-full\" alt=\"40. ADAC Zurich 24h-Rennen N\u00fcrburgring-1\" srcset=\"https:\/\/www.supercars.net\/blog\/wp-content\/uploads\/2016\/03\/1035182.jpg 1024w, https:\/\/www.supercars.net\/blog\/wp-content\/uploads\/2016\/03\/1035182-300x200.jpg 300w, https:\/\/www.supercars.net\/blog\/wp-content\/uploads\/2016\/03\/1035182-100x67.jpg 100w, https:\/\/www.supercars.net\/blog\/wp-content\/uploads\/2016\/03\/1035182-770x514.jpg 770w, https:\/\/www.supercars.net\/blog\/wp-content\/uploads\/2016\/03\/1035182-360x240.jpg 360w, https:\/\/www.supercars.net\/blog\/wp-content\/uploads\/2016\/03\/1035182-370x247.jpg 370w, https:\/\/www.supercars.net\/blog\/wp-content\/uploads\/2016\/03\/1035182-293x195.jpg 293w\" sizes=\"(max-width: 1024px) 100vw, 1024px\" \/>\r\n\t\t\t\t<\/a>\r\n            <\/div><\/figure><figure class='gallery-item'>\r\n            <div class='gallery-icon landscape'>\r\n                <a href='https:\/\/www.supercars.net\/blog\/wp-content\/uploads\/2016\/03\/1035183.jpg' class='tipi-lightbox'>\r\n\t\t\t\t<img decoding=\"async\" width=\"1024\" height=\"683\" src=\"https:\/\/www.supercars.net\/blog\/wp-content\/uploads\/2016\/03\/1035183.jpg\" class=\"attachment-full size-full\" alt=\"40. ADAC Zurich 24h-Rennen N\u00fcrburgring-1\" srcset=\"https:\/\/www.supercars.net\/blog\/wp-content\/uploads\/2016\/03\/1035183.jpg 1024w, https:\/\/www.supercars.net\/blog\/wp-content\/uploads\/2016\/03\/1035183-300x200.jpg 300w, https:\/\/www.supercars.net\/blog\/wp-content\/uploads\/2016\/03\/1035183-100x67.jpg 100w, https:\/\/www.supercars.net\/blog\/wp-content\/uploads\/2016\/03\/1035183-770x514.jpg 770w, https:\/\/www.supercars.net\/blog\/wp-content\/uploads\/2016\/03\/1035183-360x240.jpg 360w, https:\/\/www.supercars.net\/blog\/wp-content\/uploads\/2016\/03\/1035183-370x247.jpg 370w, https:\/\/www.supercars.net\/blog\/wp-content\/uploads\/2016\/03\/1035183-293x195.jpg 293w\" sizes=\"(max-width: 1024px) 100vw, 1024px\" \/>\r\n\t\t\t\t<\/a>\r\n            <\/div><\/figure><figure class='gallery-item'>\r\n            <div class='gallery-icon landscape'>\r\n                <a href='https:\/\/www.supercars.net\/blog\/wp-content\/uploads\/2016\/03\/1035184.jpg' class='tipi-lightbox'>\r\n\t\t\t\t<img decoding=\"async\" width=\"1024\" height=\"683\" src=\"https:\/\/www.supercars.net\/blog\/wp-content\/uploads\/2016\/03\/1035184.jpg\" class=\"attachment-full size-full\" alt=\"40. ADAC Zurich 24h-Rennen N\u00fcrburgring-1\" srcset=\"https:\/\/www.supercars.net\/blog\/wp-content\/uploads\/2016\/03\/1035184.jpg 1024w, https:\/\/www.supercars.net\/blog\/wp-content\/uploads\/2016\/03\/1035184-300x200.jpg 300w, https:\/\/www.supercars.net\/blog\/wp-content\/uploads\/2016\/03\/1035184-100x67.jpg 100w, https:\/\/www.supercars.net\/blog\/wp-content\/uploads\/2016\/03\/1035184-770x514.jpg 770w, https:\/\/www.supercars.net\/blog\/wp-content\/uploads\/2016\/03\/1035184-360x240.jpg 360w, https:\/\/www.supercars.net\/blog\/wp-content\/uploads\/2016\/03\/1035184-370x247.jpg 370w, https:\/\/www.supercars.net\/blog\/wp-content\/uploads\/2016\/03\/1035184-293x195.jpg 293w\" sizes=\"(max-width: 1024px) 100vw, 1024px\" \/>\r\n\t\t\t\t<\/a>\r\n            <\/div><\/figure><figure class='gallery-item'>\r\n            <div class='gallery-icon landscape'>\r\n                <a href='https:\/\/www.supercars.net\/blog\/wp-content\/uploads\/2016\/03\/1035185.jpg' class='tipi-lightbox'>\r\n\t\t\t\t<img decoding=\"async\" width=\"1024\" height=\"684\" src=\"https:\/\/www.supercars.net\/blog\/wp-content\/uploads\/2016\/03\/1035185.jpg\" class=\"attachment-full size-full\" alt=\"40. ADAC Zurich 24h-Rennen N\u00fcrburgring-1\" srcset=\"https:\/\/www.supercars.net\/blog\/wp-content\/uploads\/2016\/03\/1035185.jpg 1024w, https:\/\/www.supercars.net\/blog\/wp-content\/uploads\/2016\/03\/1035185-300x200.jpg 300w, https:\/\/www.supercars.net\/blog\/wp-content\/uploads\/2016\/03\/1035185-100x67.jpg 100w, https:\/\/www.supercars.net\/blog\/wp-content\/uploads\/2016\/03\/1035185-770x514.jpg 770w, https:\/\/www.supercars.net\/blog\/wp-content\/uploads\/2016\/03\/1035185-360x240.jpg 360w, https:\/\/www.supercars.net\/blog\/wp-content\/uploads\/2016\/03\/1035185-370x247.jpg 370w, https:\/\/www.supercars.net\/blog\/wp-content\/uploads\/2016\/03\/1035185-293x196.jpg 293w\" sizes=\"(max-width: 1024px) 100vw, 1024px\" \/>\r\n\t\t\t\t<\/a>\r\n            <\/div><\/figure><figure class='gallery-item'>\r\n            <div class='gallery-icon landscape'>\r\n                <a href='https:\/\/www.supercars.net\/blog\/wp-content\/uploads\/2016\/03\/1035186.jpg' class='tipi-lightbox'>\r\n\t\t\t\t<img decoding=\"async\" width=\"1024\" height=\"683\" src=\"https:\/\/www.supercars.net\/blog\/wp-content\/uploads\/2016\/03\/1035186.jpg\" class=\"attachment-full size-full\" alt=\"40. ADAC Zurich 24h-Rennen N\u00fcrburgring-1\" srcset=\"https:\/\/www.supercars.net\/blog\/wp-content\/uploads\/2016\/03\/1035186.jpg 1024w, https:\/\/www.supercars.net\/blog\/wp-content\/uploads\/2016\/03\/1035186-300x200.jpg 300w, https:\/\/www.supercars.net\/blog\/wp-content\/uploads\/2016\/03\/1035186-100x67.jpg 100w, https:\/\/www.supercars.net\/blog\/wp-content\/uploads\/2016\/03\/1035186-770x514.jpg 770w, https:\/\/www.supercars.net\/blog\/wp-content\/uploads\/2016\/03\/1035186-360x240.jpg 360w, https:\/\/www.supercars.net\/blog\/wp-content\/uploads\/2016\/03\/1035186-370x247.jpg 370w, https:\/\/www.supercars.net\/blog\/wp-content\/uploads\/2016\/03\/1035186-293x195.jpg 293w\" sizes=\"(max-width: 1024px) 100vw, 1024px\" \/>\r\n\t\t\t\t<\/a>\r\n            <\/div><\/figure><figure class='gallery-item'>\r\n            <div class='gallery-icon landscape'>\r\n                <a href='https:\/\/www.supercars.net\/blog\/wp-content\/uploads\/2016\/03\/1035187.jpg' class='tipi-lightbox'>\r\n\t\t\t\t<img decoding=\"async\" width=\"1024\" height=\"683\" src=\"https:\/\/www.supercars.net\/blog\/wp-content\/uploads\/2016\/03\/1035187.jpg\" class=\"attachment-full size-full\" alt=\"40. ADAC Zurich 24h-Rennen N\u00fcrburgring-1\" srcset=\"https:\/\/www.supercars.net\/blog\/wp-content\/uploads\/2016\/03\/1035187.jpg 1024w, https:\/\/www.supercars.net\/blog\/wp-content\/uploads\/2016\/03\/1035187-300x200.jpg 300w, https:\/\/www.supercars.net\/blog\/wp-content\/uploads\/2016\/03\/1035187-100x67.jpg 100w, https:\/\/www.supercars.net\/blog\/wp-content\/uploads\/2016\/03\/1035187-770x514.jpg 770w, https:\/\/www.supercars.net\/blog\/wp-content\/uploads\/2016\/03\/1035187-360x240.jpg 360w, https:\/\/www.supercars.net\/blog\/wp-content\/uploads\/2016\/03\/1035187-370x247.jpg 370w, https:\/\/www.supercars.net\/blog\/wp-content\/uploads\/2016\/03\/1035187-293x195.jpg 293w\" sizes=\"(max-width: 1024px) 100vw, 1024px\" \/>\r\n\t\t\t\t<\/a>\r\n            <\/div><\/figure><figure class='gallery-item'>\r\n            <div class='gallery-icon landscape'>\r\n                <a href='https:\/\/www.supercars.net\/blog\/wp-content\/uploads\/2016\/03\/1035188.jpg' class='tipi-lightbox'>\r\n\t\t\t\t<img decoding=\"async\" width=\"1024\" height=\"684\" src=\"https:\/\/www.supercars.net\/blog\/wp-content\/uploads\/2016\/03\/1035188.jpg\" class=\"attachment-full size-full\" alt=\"40. ADAC Zurich 24h-Rennen N\u00fcrburgring-1\" srcset=\"https:\/\/www.supercars.net\/blog\/wp-content\/uploads\/2016\/03\/1035188.jpg 1024w, https:\/\/www.supercars.net\/blog\/wp-content\/uploads\/2016\/03\/1035188-300x200.jpg 300w, https:\/\/www.supercars.net\/blog\/wp-content\/uploads\/2016\/03\/1035188-100x67.jpg 100w, https:\/\/www.supercars.net\/blog\/wp-content\/uploads\/2016\/03\/1035188-770x514.jpg 770w, https:\/\/www.supercars.net\/blog\/wp-content\/uploads\/2016\/03\/1035188-360x240.jpg 360w, https:\/\/www.supercars.net\/blog\/wp-content\/uploads\/2016\/03\/1035188-370x247.jpg 370w, https:\/\/www.supercars.net\/blog\/wp-content\/uploads\/2016\/03\/1035188-293x196.jpg 293w\" sizes=\"(max-width: 1024px) 100vw, 1024px\" \/>\r\n\t\t\t\t<\/a>\r\n            <\/div><\/figure><figure class='gallery-item'>\r\n            <div class='gallery-icon landscape'>\r\n                <a href='https:\/\/www.supercars.net\/blog\/wp-content\/uploads\/2016\/03\/1035189.jpg' class='tipi-lightbox'>\r\n\t\t\t\t<img decoding=\"async\" width=\"1024\" height=\"684\" src=\"https:\/\/www.supercars.net\/blog\/wp-content\/uploads\/2016\/03\/1035189.jpg\" class=\"attachment-full size-full\" alt=\"40. ADAC Zurich 24h-Rennen N\u00fcrburgring-1\" srcset=\"https:\/\/www.supercars.net\/blog\/wp-content\/uploads\/2016\/03\/1035189.jpg 1024w, https:\/\/www.supercars.net\/blog\/wp-content\/uploads\/2016\/03\/1035189-300x200.jpg 300w, https:\/\/www.supercars.net\/blog\/wp-content\/uploads\/2016\/03\/1035189-100x67.jpg 100w, https:\/\/www.supercars.net\/blog\/wp-content\/uploads\/2016\/03\/1035189-770x514.jpg 770w, https:\/\/www.supercars.net\/blog\/wp-content\/uploads\/2016\/03\/1035189-360x240.jpg 360w, https:\/\/www.supercars.net\/blog\/wp-content\/uploads\/2016\/03\/1035189-370x247.jpg 370w, https:\/\/www.supercars.net\/blog\/wp-content\/uploads\/2016\/03\/1035189-293x196.jpg 293w\" sizes=\"(max-width: 1024px) 100vw, 1024px\" \/>\r\n\t\t\t\t<\/a>\r\n            <\/div><\/figure><figure class='gallery-item'>\r\n            <div class='gallery-icon landscape'>\r\n                <a href='https:\/\/www.supercars.net\/blog\/wp-content\/uploads\/2016\/03\/1035190.jpg' class='tipi-lightbox'>\r\n\t\t\t\t<img decoding=\"async\" width=\"1024\" height=\"685\" src=\"https:\/\/www.supercars.net\/blog\/wp-content\/uploads\/2016\/03\/1035190.jpg\" class=\"attachment-full size-full\" alt=\"40. ADAC Zurich 24h-Rennen N\u00fcrburgring-1\" srcset=\"https:\/\/www.supercars.net\/blog\/wp-content\/uploads\/2016\/03\/1035190.jpg 1024w, https:\/\/www.supercars.net\/blog\/wp-content\/uploads\/2016\/03\/1035190-300x201.jpg 300w, https:\/\/www.supercars.net\/blog\/wp-content\/uploads\/2016\/03\/1035190-100x67.jpg 100w, https:\/\/www.supercars.net\/blog\/wp-content\/uploads\/2016\/03\/1035190-770x515.jpg 770w, https:\/\/www.supercars.net\/blog\/wp-content\/uploads\/2016\/03\/1035190-360x240.jpg 360w, https:\/\/www.supercars.net\/blog\/wp-content\/uploads\/2016\/03\/1035190-370x247.jpg 370w, https:\/\/www.supercars.net\/blog\/wp-content\/uploads\/2016\/03\/1035190-293x196.jpg 293w\" sizes=\"(max-width: 1024px) 100vw, 1024px\" \/>\r\n\t\t\t\t<\/a>\r\n            <\/div><\/figure><figure class='gallery-item'>\r\n            <div class='gallery-icon landscape'>\r\n                <a href='https:\/\/www.supercars.net\/blog\/wp-content\/uploads\/2016\/03\/1035191.jpg' class='tipi-lightbox'>\r\n\t\t\t\t<img decoding=\"async\" width=\"1024\" height=\"683\" src=\"https:\/\/www.supercars.net\/blog\/wp-content\/uploads\/2016\/03\/1035191.jpg\" class=\"attachment-full size-full\" alt=\"40. ADAC Zurich 24h-Rennen N\u00fcrburgring-1\" srcset=\"https:\/\/www.supercars.net\/blog\/wp-content\/uploads\/2016\/03\/1035191.jpg 1024w, https:\/\/www.supercars.net\/blog\/wp-content\/uploads\/2016\/03\/1035191-300x200.jpg 300w, https:\/\/www.supercars.net\/blog\/wp-content\/uploads\/2016\/03\/1035191-100x67.jpg 100w, https:\/\/www.supercars.net\/blog\/wp-content\/uploads\/2016\/03\/1035191-770x514.jpg 770w, https:\/\/www.supercars.net\/blog\/wp-content\/uploads\/2016\/03\/1035191-360x240.jpg 360w, https:\/\/www.supercars.net\/blog\/wp-content\/uploads\/2016\/03\/1035191-370x247.jpg 370w, https:\/\/www.supercars.net\/blog\/wp-content\/uploads\/2016\/03\/1035191-293x195.jpg 293w\" sizes=\"(max-width: 1024px) 100vw, 1024px\" \/>\r\n\t\t\t\t<\/a>\r\n            <\/div><\/figure><figure class='gallery-item'>\r\n            <div class='gallery-icon landscape'>\r\n                <a href='https:\/\/www.supercars.net\/blog\/wp-content\/uploads\/2016\/03\/1035192.jpg' class='tipi-lightbox'>\r\n\t\t\t\t<img decoding=\"async\" width=\"1024\" height=\"683\" src=\"https:\/\/www.supercars.net\/blog\/wp-content\/uploads\/2016\/03\/1035192.jpg\" class=\"attachment-full size-full\" alt=\"40. ADAC Zurich 24h-Rennen N\u00fcrburgring-1\" srcset=\"https:\/\/www.supercars.net\/blog\/wp-content\/uploads\/2016\/03\/1035192.jpg 1024w, https:\/\/www.supercars.net\/blog\/wp-content\/uploads\/2016\/03\/1035192-300x200.jpg 300w, https:\/\/www.supercars.net\/blog\/wp-content\/uploads\/2016\/03\/1035192-100x67.jpg 100w, https:\/\/www.supercars.net\/blog\/wp-content\/uploads\/2016\/03\/1035192-770x514.jpg 770w, https:\/\/www.supercars.net\/blog\/wp-content\/uploads\/2016\/03\/1035192-360x240.jpg 360w, https:\/\/www.supercars.net\/blog\/wp-content\/uploads\/2016\/03\/1035192-370x247.jpg 370w, https:\/\/www.supercars.net\/blog\/wp-content\/uploads\/2016\/03\/1035192-293x195.jpg 293w\" sizes=\"(max-width: 1024px) 100vw, 1024px\" \/>\r\n\t\t\t\t<\/a>\r\n            <\/div><\/figure><figure class='gallery-item'>\r\n            <div class='gallery-icon landscape'>\r\n                <a href='https:\/\/www.supercars.net\/blog\/wp-content\/uploads\/2016\/03\/1035193.jpg' class='tipi-lightbox'>\r\n\t\t\t\t<img decoding=\"async\" width=\"1024\" height=\"683\" src=\"https:\/\/www.supercars.net\/blog\/wp-content\/uploads\/2016\/03\/1035193.jpg\" class=\"attachment-full size-full\" alt=\"40. ADAC Zurich 24h-Rennen N\u00fcrburgring-1\" srcset=\"https:\/\/www.supercars.net\/blog\/wp-content\/uploads\/2016\/03\/1035193.jpg 1024w, https:\/\/www.supercars.net\/blog\/wp-content\/uploads\/2016\/03\/1035193-300x200.jpg 300w, https:\/\/www.supercars.net\/blog\/wp-content\/uploads\/2016\/03\/1035193-100x67.jpg 100w, https:\/\/www.supercars.net\/blog\/wp-content\/uploads\/2016\/03\/1035193-770x514.jpg 770w, https:\/\/www.supercars.net\/blog\/wp-content\/uploads\/2016\/03\/1035193-360x240.jpg 360w, https:\/\/www.supercars.net\/blog\/wp-content\/uploads\/2016\/03\/1035193-370x247.jpg 370w, https:\/\/www.supercars.net\/blog\/wp-content\/uploads\/2016\/03\/1035193-293x195.jpg 293w\" sizes=\"(max-width: 1024px) 100vw, 1024px\" \/>\r\n\t\t\t\t<\/a>\r\n            <\/div><\/figure><figure class='gallery-item'>\r\n            <div class='gallery-icon landscape'>\r\n                <a href='https:\/\/www.supercars.net\/blog\/wp-content\/uploads\/2016\/03\/1035194.jpg' class='tipi-lightbox'>\r\n\t\t\t\t<img decoding=\"async\" width=\"1024\" height=\"683\" src=\"https:\/\/www.supercars.net\/blog\/wp-content\/uploads\/2016\/03\/1035194.jpg\" class=\"attachment-full size-full\" alt=\"40. ADAC Zurich 24h-Rennen N\u00fcrburgring-1\" srcset=\"https:\/\/www.supercars.net\/blog\/wp-content\/uploads\/2016\/03\/1035194.jpg 1024w, https:\/\/www.supercars.net\/blog\/wp-content\/uploads\/2016\/03\/1035194-300x200.jpg 300w, https:\/\/www.supercars.net\/blog\/wp-content\/uploads\/2016\/03\/1035194-100x67.jpg 100w, https:\/\/www.supercars.net\/blog\/wp-content\/uploads\/2016\/03\/1035194-770x514.jpg 770w, https:\/\/www.supercars.net\/blog\/wp-content\/uploads\/2016\/03\/1035194-360x240.jpg 360w, https:\/\/www.supercars.net\/blog\/wp-content\/uploads\/2016\/03\/1035194-370x247.jpg 370w, https:\/\/www.supercars.net\/blog\/wp-content\/uploads\/2016\/03\/1035194-293x195.jpg 293w\" sizes=\"(max-width: 1024px) 100vw, 1024px\" \/>\r\n\t\t\t\t<\/a>\r\n            <\/div><\/figure><figure class='gallery-item'>\r\n            <div class='gallery-icon landscape'>\r\n                <a href='https:\/\/www.supercars.net\/blog\/wp-content\/uploads\/2016\/03\/1035195.jpg' class='tipi-lightbox'>\r\n\t\t\t\t<img decoding=\"async\" width=\"1024\" height=\"683\" src=\"https:\/\/www.supercars.net\/blog\/wp-content\/uploads\/2016\/03\/1035195.jpg\" class=\"attachment-full size-full\" alt=\"40. ADAC Zurich 24h-Rennen N\u00fcrburgring-1\" srcset=\"https:\/\/www.supercars.net\/blog\/wp-content\/uploads\/2016\/03\/1035195.jpg 1024w, https:\/\/www.supercars.net\/blog\/wp-content\/uploads\/2016\/03\/1035195-300x200.jpg 300w, https:\/\/www.supercars.net\/blog\/wp-content\/uploads\/2016\/03\/1035195-100x67.jpg 100w, https:\/\/www.supercars.net\/blog\/wp-content\/uploads\/2016\/03\/1035195-770x514.jpg 770w, https:\/\/www.supercars.net\/blog\/wp-content\/uploads\/2016\/03\/1035195-360x240.jpg 360w, https:\/\/www.supercars.net\/blog\/wp-content\/uploads\/2016\/03\/1035195-370x247.jpg 370w, https:\/\/www.supercars.net\/blog\/wp-content\/uploads\/2016\/03\/1035195-293x195.jpg 293w\" sizes=\"(max-width: 1024px) 100vw, 1024px\" \/>\r\n\t\t\t\t<\/a>\r\n            <\/div><\/figure><figure class='gallery-item'>\r\n            <div class='gallery-icon landscape'>\r\n                <a href='https:\/\/www.supercars.net\/blog\/wp-content\/uploads\/2016\/03\/1035196.jpg' class='tipi-lightbox'>\r\n\t\t\t\t<img decoding=\"async\" width=\"1024\" height=\"683\" src=\"https:\/\/www.supercars.net\/blog\/wp-content\/uploads\/2016\/03\/1035196.jpg\" class=\"attachment-full size-full\" alt=\"40. ADAC Zurich 24h-Rennen N\u00fcrburgring-1\" srcset=\"https:\/\/www.supercars.net\/blog\/wp-content\/uploads\/2016\/03\/1035196.jpg 1024w, https:\/\/www.supercars.net\/blog\/wp-content\/uploads\/2016\/03\/1035196-300x200.jpg 300w, https:\/\/www.supercars.net\/blog\/wp-content\/uploads\/2016\/03\/1035196-100x67.jpg 100w, https:\/\/www.supercars.net\/blog\/wp-content\/uploads\/2016\/03\/1035196-770x514.jpg 770w, https:\/\/www.supercars.net\/blog\/wp-content\/uploads\/2016\/03\/1035196-360x240.jpg 360w, https:\/\/www.supercars.net\/blog\/wp-content\/uploads\/2016\/03\/1035196-370x247.jpg 370w, https:\/\/www.supercars.net\/blog\/wp-content\/uploads\/2016\/03\/1035196-293x195.jpg 293w\" sizes=\"(max-width: 1024px) 100vw, 1024px\" \/>\r\n\t\t\t\t<\/a>\r\n            <\/div><\/figure><figure class='gallery-item'>\r\n            <div class='gallery-icon landscape'>\r\n                <a href='https:\/\/www.supercars.net\/blog\/wp-content\/uploads\/2016\/03\/1035197.jpg' class='tipi-lightbox'>\r\n\t\t\t\t<img decoding=\"async\" width=\"1024\" height=\"683\" src=\"https:\/\/www.supercars.net\/blog\/wp-content\/uploads\/2016\/03\/1035197.jpg\" class=\"attachment-full size-full\" alt=\"40. ADAC Zurich 24h-Rennen N\u00fcrburgring-1\" srcset=\"https:\/\/www.supercars.net\/blog\/wp-content\/uploads\/2016\/03\/1035197.jpg 1024w, https:\/\/www.supercars.net\/blog\/wp-content\/uploads\/2016\/03\/1035197-300x200.jpg 300w, https:\/\/www.supercars.net\/blog\/wp-content\/uploads\/2016\/03\/1035197-100x67.jpg 100w, https:\/\/www.supercars.net\/blog\/wp-content\/uploads\/2016\/03\/1035197-770x514.jpg 770w, https:\/\/www.supercars.net\/blog\/wp-content\/uploads\/2016\/03\/1035197-360x240.jpg 360w, https:\/\/www.supercars.net\/blog\/wp-content\/uploads\/2016\/03\/1035197-370x247.jpg 370w, https:\/\/www.supercars.net\/blog\/wp-content\/uploads\/2016\/03\/1035197-293x195.jpg 293w\" sizes=\"(max-width: 1024px) 100vw, 1024px\" \/>\r\n\t\t\t\t<\/a>\r\n            <\/div><\/figure><figure class='gallery-item'>\r\n            <div class='gallery-icon landscape'>\r\n                <a href='https:\/\/www.supercars.net\/blog\/wp-content\/uploads\/2016\/03\/1035198.jpg' class='tipi-lightbox'>\r\n\t\t\t\t<img decoding=\"async\" width=\"1024\" height=\"683\" src=\"https:\/\/www.supercars.net\/blog\/wp-content\/uploads\/2016\/03\/1035198.jpg\" class=\"attachment-full size-full\" alt=\"40. ADAC Zurich 24h-Rennen N\u00fcrburgring-1\" srcset=\"https:\/\/www.supercars.net\/blog\/wp-content\/uploads\/2016\/03\/1035198.jpg 1024w, https:\/\/www.supercars.net\/blog\/wp-content\/uploads\/2016\/03\/1035198-300x200.jpg 300w, https:\/\/www.supercars.net\/blog\/wp-content\/uploads\/2016\/03\/1035198-100x67.jpg 100w, https:\/\/www.supercars.net\/blog\/wp-content\/uploads\/2016\/03\/1035198-770x514.jpg 770w, https:\/\/www.supercars.net\/blog\/wp-content\/uploads\/2016\/03\/1035198-360x240.jpg 360w, https:\/\/www.supercars.net\/blog\/wp-content\/uploads\/2016\/03\/1035198-370x247.jpg 370w, https:\/\/www.supercars.net\/blog\/wp-content\/uploads\/2016\/03\/1035198-293x195.jpg 293w\" sizes=\"(max-width: 1024px) 100vw, 1024px\" \/>\r\n\t\t\t\t<\/a>\r\n            <\/div><\/figure><figure class='gallery-item'>\r\n            <div class='gallery-icon landscape'>\r\n                <a href='https:\/\/www.supercars.net\/blog\/wp-content\/uploads\/2016\/03\/1035199.jpg' class='tipi-lightbox'>\r\n\t\t\t\t<img decoding=\"async\" width=\"1024\" height=\"685\" src=\"https:\/\/www.supercars.net\/blog\/wp-content\/uploads\/2016\/03\/1035199.jpg\" class=\"attachment-full size-full\" alt=\"40. ADAC Zurich 24h-Rennen N\u00fcrburgring-1\" srcset=\"https:\/\/www.supercars.net\/blog\/wp-content\/uploads\/2016\/03\/1035199.jpg 1024w, https:\/\/www.supercars.net\/blog\/wp-content\/uploads\/2016\/03\/1035199-300x201.jpg 300w, https:\/\/www.supercars.net\/blog\/wp-content\/uploads\/2016\/03\/1035199-100x67.jpg 100w, https:\/\/www.supercars.net\/blog\/wp-content\/uploads\/2016\/03\/1035199-770x515.jpg 770w, https:\/\/www.supercars.net\/blog\/wp-content\/uploads\/2016\/03\/1035199-360x240.jpg 360w, https:\/\/www.supercars.net\/blog\/wp-content\/uploads\/2016\/03\/1035199-370x247.jpg 370w, https:\/\/www.supercars.net\/blog\/wp-content\/uploads\/2016\/03\/1035199-293x196.jpg 293w\" sizes=\"(max-width: 1024px) 100vw, 1024px\" \/>\r\n\t\t\t\t<\/a>\r\n            <\/div><\/figure><figure class='gallery-item'>\r\n            <div class='gallery-icon landscape'>\r\n                <a href='https:\/\/www.supercars.net\/blog\/wp-content\/uploads\/2016\/03\/1035200.jpg' class='tipi-lightbox'>\r\n\t\t\t\t<img decoding=\"async\" width=\"1024\" height=\"684\" src=\"https:\/\/www.supercars.net\/blog\/wp-content\/uploads\/2016\/03\/1035200.jpg\" class=\"attachment-full size-full\" alt=\"40. ADAC Zurich 24h-Rennen N\u00fcrburgring-1\" srcset=\"https:\/\/www.supercars.net\/blog\/wp-content\/uploads\/2016\/03\/1035200.jpg 1024w, https:\/\/www.supercars.net\/blog\/wp-content\/uploads\/2016\/03\/1035200-300x200.jpg 300w, https:\/\/www.supercars.net\/blog\/wp-content\/uploads\/2016\/03\/1035200-100x67.jpg 100w, https:\/\/www.supercars.net\/blog\/wp-content\/uploads\/2016\/03\/1035200-770x514.jpg 770w, https:\/\/www.supercars.net\/blog\/wp-content\/uploads\/2016\/03\/1035200-360x240.jpg 360w, https:\/\/www.supercars.net\/blog\/wp-content\/uploads\/2016\/03\/1035200-370x247.jpg 370w, https:\/\/www.supercars.net\/blog\/wp-content\/uploads\/2016\/03\/1035200-293x196.jpg 293w\" sizes=\"(max-width: 1024px) 100vw, 1024px\" \/>\r\n\t\t\t\t<\/a>\r\n            <\/div><\/figure><figure class='gallery-item'>\r\n            <div class='gallery-icon landscape'>\r\n                <a href='https:\/\/www.supercars.net\/blog\/wp-content\/uploads\/2016\/03\/1035201.jpg' class='tipi-lightbox'>\r\n\t\t\t\t<img decoding=\"async\" width=\"1024\" height=\"683\" src=\"https:\/\/www.supercars.net\/blog\/wp-content\/uploads\/2016\/03\/1035201.jpg\" class=\"attachment-full size-full\" alt=\"40. ADAC Zurich 24h-Rennen N\u00fcrburgring-1\" srcset=\"https:\/\/www.supercars.net\/blog\/wp-content\/uploads\/2016\/03\/1035201.jpg 1024w, https:\/\/www.supercars.net\/blog\/wp-content\/uploads\/2016\/03\/1035201-300x200.jpg 300w, https:\/\/www.supercars.net\/blog\/wp-content\/uploads\/2016\/03\/1035201-100x67.jpg 100w, https:\/\/www.supercars.net\/blog\/wp-content\/uploads\/2016\/03\/1035201-770x514.jpg 770w, https:\/\/www.supercars.net\/blog\/wp-content\/uploads\/2016\/03\/1035201-360x240.jpg 360w, https:\/\/www.supercars.net\/blog\/wp-content\/uploads\/2016\/03\/1035201-370x247.jpg 370w, https:\/\/www.supercars.net\/blog\/wp-content\/uploads\/2016\/03\/1035201-293x195.jpg 293w\" sizes=\"(max-width: 1024px) 100vw, 1024px\" \/>\r\n\t\t\t\t<\/a>\r\n            <\/div><\/figure><figure class='gallery-item'>\r\n            <div class='gallery-icon landscape'>\r\n                <a href='https:\/\/www.supercars.net\/blog\/wp-content\/uploads\/2016\/03\/1035202.jpg' class='tipi-lightbox'>\r\n\t\t\t\t<img decoding=\"async\" width=\"1024\" height=\"683\" src=\"https:\/\/www.supercars.net\/blog\/wp-content\/uploads\/2016\/03\/1035202.jpg\" class=\"attachment-full size-full\" alt=\"40. ADAC Zurich 24h-Rennen N\u00fcrburgring-1\" srcset=\"https:\/\/www.supercars.net\/blog\/wp-content\/uploads\/2016\/03\/1035202.jpg 1024w, https:\/\/www.supercars.net\/blog\/wp-content\/uploads\/2016\/03\/1035202-300x200.jpg 300w, https:\/\/www.supercars.net\/blog\/wp-content\/uploads\/2016\/03\/1035202-100x67.jpg 100w, https:\/\/www.supercars.net\/blog\/wp-content\/uploads\/2016\/03\/1035202-770x514.jpg 770w, https:\/\/www.supercars.net\/blog\/wp-content\/uploads\/2016\/03\/1035202-360x240.jpg 360w, https:\/\/www.supercars.net\/blog\/wp-content\/uploads\/2016\/03\/1035202-370x247.jpg 370w, https:\/\/www.supercars.net\/blog\/wp-content\/uploads\/2016\/03\/1035202-293x195.jpg 293w\" sizes=\"(max-width: 1024px) 100vw, 1024px\" \/>\r\n\t\t\t\t<\/a>\r\n            <\/div><\/figure><figure class='gallery-item'>\r\n            <div class='gallery-icon landscape'>\r\n                <a href='https:\/\/www.supercars.net\/blog\/wp-content\/uploads\/2016\/03\/1035203.jpg' class='tipi-lightbox'>\r\n\t\t\t\t<img decoding=\"async\" width=\"1024\" height=\"683\" src=\"https:\/\/www.supercars.net\/blog\/wp-content\/uploads\/2016\/03\/1035203.jpg\" class=\"attachment-full size-full\" alt=\"40. ADAC Zurich 24h-Rennen N\u00fcrburgring-1\" srcset=\"https:\/\/www.supercars.net\/blog\/wp-content\/uploads\/2016\/03\/1035203.jpg 1024w, https:\/\/www.supercars.net\/blog\/wp-content\/uploads\/2016\/03\/1035203-300x200.jpg 300w, https:\/\/www.supercars.net\/blog\/wp-content\/uploads\/2016\/03\/1035203-100x67.jpg 100w, https:\/\/www.supercars.net\/blog\/wp-content\/uploads\/2016\/03\/1035203-770x514.jpg 770w, https:\/\/www.supercars.net\/blog\/wp-content\/uploads\/2016\/03\/1035203-360x240.jpg 360w, https:\/\/www.supercars.net\/blog\/wp-content\/uploads\/2016\/03\/1035203-370x247.jpg 370w, https:\/\/www.supercars.net\/blog\/wp-content\/uploads\/2016\/03\/1035203-293x195.jpg 293w\" sizes=\"(max-width: 1024px) 100vw, 1024px\" \/>\r\n\t\t\t\t<\/a>\r\n            <\/div><\/figure><figure class='gallery-item'>\r\n            <div class='gallery-icon landscape'>\r\n                <a href='https:\/\/www.supercars.net\/blog\/wp-content\/uploads\/2016\/03\/1035204.jpg' class='tipi-lightbox'>\r\n\t\t\t\t<img decoding=\"async\" width=\"1024\" height=\"685\" src=\"https:\/\/www.supercars.net\/blog\/wp-content\/uploads\/2016\/03\/1035204.jpg\" class=\"attachment-full size-full\" alt=\"40. ADAC Zurich 24h-Rennen N\u00fcrburgring-1\" srcset=\"https:\/\/www.supercars.net\/blog\/wp-content\/uploads\/2016\/03\/1035204.jpg 1024w, https:\/\/www.supercars.net\/blog\/wp-content\/uploads\/2016\/03\/1035204-300x201.jpg 300w, https:\/\/www.supercars.net\/blog\/wp-content\/uploads\/2016\/03\/1035204-100x67.jpg 100w, https:\/\/www.supercars.net\/blog\/wp-content\/uploads\/2016\/03\/1035204-770x515.jpg 770w, https:\/\/www.supercars.net\/blog\/wp-content\/uploads\/2016\/03\/1035204-360x240.jpg 360w, https:\/\/www.supercars.net\/blog\/wp-content\/uploads\/2016\/03\/1035204-370x247.jpg 370w, https:\/\/www.supercars.net\/blog\/wp-content\/uploads\/2016\/03\/1035204-293x196.jpg 293w\" sizes=\"(max-width: 1024px) 100vw, 1024px\" \/>\r\n\t\t\t\t<\/a>\r\n            <\/div><\/figure><figure class='gallery-item'>\r\n            <div class='gallery-icon landscape'>\r\n                <a href='https:\/\/www.supercars.net\/blog\/wp-content\/uploads\/2016\/03\/1035205.jpg' class='tipi-lightbox'>\r\n\t\t\t\t<img decoding=\"async\" width=\"1024\" height=\"684\" src=\"https:\/\/www.supercars.net\/blog\/wp-content\/uploads\/2016\/03\/1035205.jpg\" class=\"attachment-full size-full\" alt=\"40. ADAC Zurich 24h-Rennen N\u00fcrburgring-1\" srcset=\"https:\/\/www.supercars.net\/blog\/wp-content\/uploads\/2016\/03\/1035205.jpg 1024w, https:\/\/www.supercars.net\/blog\/wp-content\/uploads\/2016\/03\/1035205-300x200.jpg 300w, https:\/\/www.supercars.net\/blog\/wp-content\/uploads\/2016\/03\/1035205-100x67.jpg 100w, https:\/\/www.supercars.net\/blog\/wp-content\/uploads\/2016\/03\/1035205-770x514.jpg 770w, https:\/\/www.supercars.net\/blog\/wp-content\/uploads\/2016\/03\/1035205-360x240.jpg 360w, https:\/\/www.supercars.net\/blog\/wp-content\/uploads\/2016\/03\/1035205-370x247.jpg 370w, https:\/\/www.supercars.net\/blog\/wp-content\/uploads\/2016\/03\/1035205-293x196.jpg 293w\" sizes=\"(max-width: 1024px) 100vw, 1024px\" \/>\r\n\t\t\t\t<\/a>\r\n            <\/div><\/figure><figure class='gallery-item'>\r\n            <div class='gallery-icon landscape'>\r\n                <a href='https:\/\/www.supercars.net\/blog\/wp-content\/uploads\/2016\/03\/1035206.jpg' class='tipi-lightbox'>\r\n\t\t\t\t<img decoding=\"async\" width=\"1024\" height=\"683\" src=\"https:\/\/www.supercars.net\/blog\/wp-content\/uploads\/2016\/03\/1035206.jpg\" class=\"attachment-full size-full\" alt=\"40. ADAC Zurich 24h-Rennen N\u00fcrburgring-1\" srcset=\"https:\/\/www.supercars.net\/blog\/wp-content\/uploads\/2016\/03\/1035206.jpg 1024w, https:\/\/www.supercars.net\/blog\/wp-content\/uploads\/2016\/03\/1035206-300x200.jpg 300w, https:\/\/www.supercars.net\/blog\/wp-content\/uploads\/2016\/03\/1035206-100x67.jpg 100w, https:\/\/www.supercars.net\/blog\/wp-content\/uploads\/2016\/03\/1035206-770x514.jpg 770w, https:\/\/www.supercars.net\/blog\/wp-content\/uploads\/2016\/03\/1035206-360x240.jpg 360w, https:\/\/www.supercars.net\/blog\/wp-content\/uploads\/2016\/03\/1035206-370x247.jpg 370w, https:\/\/www.supercars.net\/blog\/wp-content\/uploads\/2016\/03\/1035206-293x195.jpg 293w\" sizes=\"(max-width: 1024px) 100vw, 1024px\" \/>\r\n\t\t\t\t<\/a>\r\n            <\/div><\/figure><figure class='gallery-item'>\r\n            <div class='gallery-icon landscape'>\r\n                <a href='https:\/\/www.supercars.net\/blog\/wp-content\/uploads\/2016\/03\/1035207.jpg' class='tipi-lightbox'>\r\n\t\t\t\t<img decoding=\"async\" width=\"1024\" height=\"683\" src=\"https:\/\/www.supercars.net\/blog\/wp-content\/uploads\/2016\/03\/1035207.jpg\" class=\"attachment-full size-full\" alt=\"40. ADAC Zurich 24h-Rennen N\u00fcrburgring-1\" srcset=\"https:\/\/www.supercars.net\/blog\/wp-content\/uploads\/2016\/03\/1035207.jpg 1024w, https:\/\/www.supercars.net\/blog\/wp-content\/uploads\/2016\/03\/1035207-300x200.jpg 300w, https:\/\/www.supercars.net\/blog\/wp-content\/uploads\/2016\/03\/1035207-100x67.jpg 100w, https:\/\/www.supercars.net\/blog\/wp-content\/uploads\/2016\/03\/1035207-770x514.jpg 770w, https:\/\/www.supercars.net\/blog\/wp-content\/uploads\/2016\/03\/1035207-360x240.jpg 360w, https:\/\/www.supercars.net\/blog\/wp-content\/uploads\/2016\/03\/1035207-370x247.jpg 370w, https:\/\/www.supercars.net\/blog\/wp-content\/uploads\/2016\/03\/1035207-293x195.jpg 293w\" sizes=\"(max-width: 1024px) 100vw, 1024px\" \/>\r\n\t\t\t\t<\/a>\r\n            <\/div><\/figure><figure class='gallery-item'>\r\n            <div class='gallery-icon landscape'>\r\n                <a href='https:\/\/www.supercars.net\/blog\/wp-content\/uploads\/2016\/03\/1035208.jpg' class='tipi-lightbox'>\r\n\t\t\t\t<img decoding=\"async\" width=\"1024\" height=\"683\" src=\"https:\/\/www.supercars.net\/blog\/wp-content\/uploads\/2016\/03\/1035208.jpg\" class=\"attachment-full size-full\" alt=\"40. ADAC Zurich 24h-Rennen N\u00fcrburgring-1\" srcset=\"https:\/\/www.supercars.net\/blog\/wp-content\/uploads\/2016\/03\/1035208.jpg 1024w, https:\/\/www.supercars.net\/blog\/wp-content\/uploads\/2016\/03\/1035208-300x200.jpg 300w, https:\/\/www.supercars.net\/blog\/wp-content\/uploads\/2016\/03\/1035208-100x67.jpg 100w, https:\/\/www.supercars.net\/blog\/wp-content\/uploads\/2016\/03\/1035208-770x514.jpg 770w, https:\/\/www.supercars.net\/blog\/wp-content\/uploads\/2016\/03\/1035208-360x240.jpg 360w, https:\/\/www.supercars.net\/blog\/wp-content\/uploads\/2016\/03\/1035208-370x247.jpg 370w, https:\/\/www.supercars.net\/blog\/wp-content\/uploads\/2016\/03\/1035208-293x195.jpg 293w\" sizes=\"(max-width: 1024px) 100vw, 1024px\" \/>\r\n\t\t\t\t<\/a>\r\n            <\/div><\/figure><figure class='gallery-item'>\r\n            <div class='gallery-icon landscape'>\r\n                <a href='https:\/\/www.supercars.net\/blog\/wp-content\/uploads\/2016\/03\/1035209.jpg' class='tipi-lightbox'>\r\n\t\t\t\t<img decoding=\"async\" width=\"1024\" height=\"681\" src=\"https:\/\/www.supercars.net\/blog\/wp-content\/uploads\/2016\/03\/1035209.jpg\" class=\"attachment-full size-full\" alt=\"40. ADAC Zurich 24h-Rennen N\u00fcrburgring-1\" srcset=\"https:\/\/www.supercars.net\/blog\/wp-content\/uploads\/2016\/03\/1035209.jpg 1024w, https:\/\/www.supercars.net\/blog\/wp-content\/uploads\/2016\/03\/1035209-300x200.jpg 300w, https:\/\/www.supercars.net\/blog\/wp-content\/uploads\/2016\/03\/1035209-100x67.jpg 100w, https:\/\/www.supercars.net\/blog\/wp-content\/uploads\/2016\/03\/1035209-770x512.jpg 770w, https:\/\/www.supercars.net\/blog\/wp-content\/uploads\/2016\/03\/1035209-360x240.jpg 360w, https:\/\/www.supercars.net\/blog\/wp-content\/uploads\/2016\/03\/1035209-370x247.jpg 370w, https:\/\/www.supercars.net\/blog\/wp-content\/uploads\/2016\/03\/1035209-293x195.jpg 293w\" sizes=\"(max-width: 1024px) 100vw, 1024px\" \/>\r\n\t\t\t\t<\/a>\r\n            <\/div><\/figure><figure class='gallery-item'>\r\n            <div class='gallery-icon landscape'>\r\n                <a href='https:\/\/www.supercars.net\/blog\/wp-content\/uploads\/2016\/03\/1035210.jpg' class='tipi-lightbox'>\r\n\t\t\t\t<img decoding=\"async\" width=\"1024\" height=\"683\" src=\"https:\/\/www.supercars.net\/blog\/wp-content\/uploads\/2016\/03\/1035210.jpg\" class=\"attachment-full size-full\" alt=\"40. ADAC Zurich 24h-Rennen N\u00fcrburgring-1\" srcset=\"https:\/\/www.supercars.net\/blog\/wp-content\/uploads\/2016\/03\/1035210.jpg 1024w, https:\/\/www.supercars.net\/blog\/wp-content\/uploads\/2016\/03\/1035210-300x200.jpg 300w, https:\/\/www.supercars.net\/blog\/wp-content\/uploads\/2016\/03\/1035210-100x67.jpg 100w, https:\/\/www.supercars.net\/blog\/wp-content\/uploads\/2016\/03\/1035210-770x514.jpg 770w, https:\/\/www.supercars.net\/blog\/wp-content\/uploads\/2016\/03\/1035210-360x240.jpg 360w, https:\/\/www.supercars.net\/blog\/wp-content\/uploads\/2016\/03\/1035210-370x247.jpg 370w, https:\/\/www.supercars.net\/blog\/wp-content\/uploads\/2016\/03\/1035210-293x195.jpg 293w\" sizes=\"(max-width: 1024px) 100vw, 1024px\" \/>\r\n\t\t\t\t<\/a>\r\n            <\/div><\/figure><figure class='gallery-item'>\r\n            <div class='gallery-icon landscape'>\r\n                <a href='https:\/\/www.supercars.net\/blog\/wp-content\/uploads\/2016\/03\/1035211.jpg' class='tipi-lightbox'>\r\n\t\t\t\t<img decoding=\"async\" width=\"1024\" height=\"683\" src=\"https:\/\/www.supercars.net\/blog\/wp-content\/uploads\/2016\/03\/1035211.jpg\" class=\"attachment-full size-full\" alt=\"40. ADAC Zurich 24h-Rennen N\u00fcrburgring-1\" srcset=\"https:\/\/www.supercars.net\/blog\/wp-content\/uploads\/2016\/03\/1035211.jpg 1024w, https:\/\/www.supercars.net\/blog\/wp-content\/uploads\/2016\/03\/1035211-300x200.jpg 300w, https:\/\/www.supercars.net\/blog\/wp-content\/uploads\/2016\/03\/1035211-100x67.jpg 100w, https:\/\/www.supercars.net\/blog\/wp-content\/uploads\/2016\/03\/1035211-770x514.jpg 770w, https:\/\/www.supercars.net\/blog\/wp-content\/uploads\/2016\/03\/1035211-360x240.jpg 360w, https:\/\/www.supercars.net\/blog\/wp-content\/uploads\/2016\/03\/1035211-370x247.jpg 370w, https:\/\/www.supercars.net\/blog\/wp-content\/uploads\/2016\/03\/1035211-293x195.jpg 293w\" sizes=\"(max-width: 1024px) 100vw, 1024px\" \/>\r\n\t\t\t\t<\/a>\r\n            <\/div><\/figure><figure class='gallery-item'>\r\n            <div class='gallery-icon landscape'>\r\n                <a href='https:\/\/www.supercars.net\/blog\/wp-content\/uploads\/2016\/03\/1035212.jpg' class='tipi-lightbox'>\r\n\t\t\t\t<img decoding=\"async\" width=\"1024\" height=\"683\" src=\"https:\/\/www.supercars.net\/blog\/wp-content\/uploads\/2016\/03\/1035212.jpg\" class=\"attachment-full size-full\" alt=\"40. ADAC Zurich 24h-Rennen N\u00fcrburgring-1\" srcset=\"https:\/\/www.supercars.net\/blog\/wp-content\/uploads\/2016\/03\/1035212.jpg 1024w, https:\/\/www.supercars.net\/blog\/wp-content\/uploads\/2016\/03\/1035212-300x200.jpg 300w, https:\/\/www.supercars.net\/blog\/wp-content\/uploads\/2016\/03\/1035212-100x67.jpg 100w, https:\/\/www.supercars.net\/blog\/wp-content\/uploads\/2016\/03\/1035212-770x514.jpg 770w, https:\/\/www.supercars.net\/blog\/wp-content\/uploads\/2016\/03\/1035212-360x240.jpg 360w, https:\/\/www.supercars.net\/blog\/wp-content\/uploads\/2016\/03\/1035212-370x247.jpg 370w, https:\/\/www.supercars.net\/blog\/wp-content\/uploads\/2016\/03\/1035212-293x195.jpg 293w\" sizes=\"(max-width: 1024px) 100vw, 1024px\" \/>\r\n\t\t\t\t<\/a>\r\n            <\/div><\/figure><figure class='gallery-item'>\r\n            <div class='gallery-icon landscape'>\r\n                <a href='https:\/\/www.supercars.net\/blog\/wp-content\/uploads\/2016\/03\/1035213.jpg' class='tipi-lightbox'>\r\n\t\t\t\t<img decoding=\"async\" width=\"1024\" height=\"683\" src=\"https:\/\/www.supercars.net\/blog\/wp-content\/uploads\/2016\/03\/1035213.jpg\" class=\"attachment-full size-full\" alt=\"40. ADAC Zurich 24h-Rennen N\u00fcrburgring-1\" srcset=\"https:\/\/www.supercars.net\/blog\/wp-content\/uploads\/2016\/03\/1035213.jpg 1024w, https:\/\/www.supercars.net\/blog\/wp-content\/uploads\/2016\/03\/1035213-300x200.jpg 300w, https:\/\/www.supercars.net\/blog\/wp-content\/uploads\/2016\/03\/1035213-100x67.jpg 100w, https:\/\/www.supercars.net\/blog\/wp-content\/uploads\/2016\/03\/1035213-770x514.jpg 770w, https:\/\/www.supercars.net\/blog\/wp-content\/uploads\/2016\/03\/1035213-360x240.jpg 360w, https:\/\/www.supercars.net\/blog\/wp-content\/uploads\/2016\/03\/1035213-370x247.jpg 370w, https:\/\/www.supercars.net\/blog\/wp-content\/uploads\/2016\/03\/1035213-293x195.jpg 293w\" sizes=\"(max-width: 1024px) 100vw, 1024px\" \/>\r\n\t\t\t\t<\/a>\r\n            <\/div><\/figure><figure class='gallery-item'>\r\n            <div class='gallery-icon landscape'>\r\n                <a href='https:\/\/www.supercars.net\/blog\/wp-content\/uploads\/2016\/03\/1035214.jpg' class='tipi-lightbox'>\r\n\t\t\t\t<img decoding=\"async\" width=\"1024\" height=\"683\" src=\"https:\/\/www.supercars.net\/blog\/wp-content\/uploads\/2016\/03\/1035214.jpg\" class=\"attachment-full size-full\" alt=\"40. ADAC Zurich 24h-Rennen N\u00fcrburgring-1\" srcset=\"https:\/\/www.supercars.net\/blog\/wp-content\/uploads\/2016\/03\/1035214.jpg 1024w, https:\/\/www.supercars.net\/blog\/wp-content\/uploads\/2016\/03\/1035214-300x200.jpg 300w, https:\/\/www.supercars.net\/blog\/wp-content\/uploads\/2016\/03\/1035214-100x67.jpg 100w, https:\/\/www.supercars.net\/blog\/wp-content\/uploads\/2016\/03\/1035214-770x514.jpg 770w, https:\/\/www.supercars.net\/blog\/wp-content\/uploads\/2016\/03\/1035214-360x240.jpg 360w, https:\/\/www.supercars.net\/blog\/wp-content\/uploads\/2016\/03\/1035214-370x247.jpg 370w, https:\/\/www.supercars.net\/blog\/wp-content\/uploads\/2016\/03\/1035214-293x195.jpg 293w\" sizes=\"(max-width: 1024px) 100vw, 1024px\" \/>\r\n\t\t\t\t<\/a>\r\n            <\/div><\/figure><figure class='gallery-item'>\r\n            <div class='gallery-icon landscape'>\r\n                <a href='https:\/\/www.supercars.net\/blog\/wp-content\/uploads\/2016\/03\/1035215.jpg' class='tipi-lightbox'>\r\n\t\t\t\t<img decoding=\"async\" width=\"1024\" height=\"683\" src=\"https:\/\/www.supercars.net\/blog\/wp-content\/uploads\/2016\/03\/1035215.jpg\" class=\"attachment-full size-full\" alt=\"40. ADAC Zurich 24h-Rennen N\u00fcrburgring-1\" srcset=\"https:\/\/www.supercars.net\/blog\/wp-content\/uploads\/2016\/03\/1035215.jpg 1024w, https:\/\/www.supercars.net\/blog\/wp-content\/uploads\/2016\/03\/1035215-300x200.jpg 300w, https:\/\/www.supercars.net\/blog\/wp-content\/uploads\/2016\/03\/1035215-100x67.jpg 100w, https:\/\/www.supercars.net\/blog\/wp-content\/uploads\/2016\/03\/1035215-770x514.jpg 770w, https:\/\/www.supercars.net\/blog\/wp-content\/uploads\/2016\/03\/1035215-360x240.jpg 360w, https:\/\/www.supercars.net\/blog\/wp-content\/uploads\/2016\/03\/1035215-370x247.jpg 370w, https:\/\/www.supercars.net\/blog\/wp-content\/uploads\/2016\/03\/1035215-293x195.jpg 293w\" sizes=\"(max-width: 1024px) 100vw, 1024px\" \/>\r\n\t\t\t\t<\/a>\r\n            <\/div><\/figure><figure class='gallery-item'>\r\n            <div class='gallery-icon landscape'>\r\n                <a href='https:\/\/www.supercars.net\/blog\/wp-content\/uploads\/2016\/03\/1035216.jpg' class='tipi-lightbox'>\r\n\t\t\t\t<img decoding=\"async\" width=\"1024\" height=\"681\" src=\"https:\/\/www.supercars.net\/blog\/wp-content\/uploads\/2016\/03\/1035216.jpg\" class=\"attachment-full size-full\" alt=\"40. ADAC Zurich 24h-Rennen N\u00fcrburgring-1\" srcset=\"https:\/\/www.supercars.net\/blog\/wp-content\/uploads\/2016\/03\/1035216.jpg 1024w, https:\/\/www.supercars.net\/blog\/wp-content\/uploads\/2016\/03\/1035216-300x200.jpg 300w, https:\/\/www.supercars.net\/blog\/wp-content\/uploads\/2016\/03\/1035216-100x67.jpg 100w, https:\/\/www.supercars.net\/blog\/wp-content\/uploads\/2016\/03\/1035216-770x512.jpg 770w, https:\/\/www.supercars.net\/blog\/wp-content\/uploads\/2016\/03\/1035216-360x240.jpg 360w, https:\/\/www.supercars.net\/blog\/wp-content\/uploads\/2016\/03\/1035216-370x247.jpg 370w, https:\/\/www.supercars.net\/blog\/wp-content\/uploads\/2016\/03\/1035216-293x195.jpg 293w\" sizes=\"(max-width: 1024px) 100vw, 1024px\" \/>\r\n\t\t\t\t<\/a>\r\n            <\/div><\/figure><figure class='gallery-item'>\r\n            <div class='gallery-icon landscape'>\r\n                <a href='https:\/\/www.supercars.net\/blog\/wp-content\/uploads\/2016\/03\/1035217.jpg' class='tipi-lightbox'>\r\n\t\t\t\t<img decoding=\"async\" width=\"1024\" height=\"683\" src=\"https:\/\/www.supercars.net\/blog\/wp-content\/uploads\/2016\/03\/1035217.jpg\" class=\"attachment-full size-full\" alt=\"40. ADAC Zurich 24h-Rennen N\u00fcrburgring-1\" srcset=\"https:\/\/www.supercars.net\/blog\/wp-content\/uploads\/2016\/03\/1035217.jpg 1024w, https:\/\/www.supercars.net\/blog\/wp-content\/uploads\/2016\/03\/1035217-300x200.jpg 300w, https:\/\/www.supercars.net\/blog\/wp-content\/uploads\/2016\/03\/1035217-100x67.jpg 100w, https:\/\/www.supercars.net\/blog\/wp-content\/uploads\/2016\/03\/1035217-770x514.jpg 770w, https:\/\/www.supercars.net\/blog\/wp-content\/uploads\/2016\/03\/1035217-360x240.jpg 360w, https:\/\/www.supercars.net\/blog\/wp-content\/uploads\/2016\/03\/1035217-370x247.jpg 370w, https:\/\/www.supercars.net\/blog\/wp-content\/uploads\/2016\/03\/1035217-293x195.jpg 293w\" sizes=\"(max-width: 1024px) 100vw, 1024px\" \/>\r\n\t\t\t\t<\/a>\r\n            <\/div><\/figure><figure class='gallery-item'>\r\n            <div class='gallery-icon landscape'>\r\n                <a href='https:\/\/www.supercars.net\/blog\/wp-content\/uploads\/2016\/03\/1035218.jpg' class='tipi-lightbox'>\r\n\t\t\t\t<img decoding=\"async\" width=\"1024\" height=\"681\" src=\"https:\/\/www.supercars.net\/blog\/wp-content\/uploads\/2016\/03\/1035218.jpg\" class=\"attachment-full size-full\" alt=\"40. ADAC Zurich 24h-Rennen N\u00fcrburgring-1\" srcset=\"https:\/\/www.supercars.net\/blog\/wp-content\/uploads\/2016\/03\/1035218.jpg 1024w, https:\/\/www.supercars.net\/blog\/wp-content\/uploads\/2016\/03\/1035218-300x200.jpg 300w, https:\/\/www.supercars.net\/blog\/wp-content\/uploads\/2016\/03\/1035218-100x67.jpg 100w, https:\/\/www.supercars.net\/blog\/wp-content\/uploads\/2016\/03\/1035218-770x512.jpg 770w, https:\/\/www.supercars.net\/blog\/wp-content\/uploads\/2016\/03\/1035218-360x240.jpg 360w, https:\/\/www.supercars.net\/blog\/wp-content\/uploads\/2016\/03\/1035218-370x247.jpg 370w, https:\/\/www.supercars.net\/blog\/wp-content\/uploads\/2016\/03\/1035218-293x195.jpg 293w\" sizes=\"(max-width: 1024px) 100vw, 1024px\" \/>\r\n\t\t\t\t<\/a>\r\n            <\/div><\/figure><figure class='gallery-item'>\r\n            <div class='gallery-icon landscape'>\r\n                <a href='https:\/\/www.supercars.net\/blog\/wp-content\/uploads\/2016\/03\/1035219.jpg' class='tipi-lightbox'>\r\n\t\t\t\t<img decoding=\"async\" width=\"800\" height=\"533\" src=\"https:\/\/www.supercars.net\/blog\/wp-content\/uploads\/2016\/03\/1035219.jpg\" class=\"attachment-full size-full\" alt=\"40. ADAC Zurich 24h-Rennen N\u00fcrburgring-1\" srcset=\"https:\/\/www.supercars.net\/blog\/wp-content\/uploads\/2016\/03\/1035219.jpg 800w, https:\/\/www.supercars.net\/blog\/wp-content\/uploads\/2016\/03\/1035219-300x200.jpg 300w, https:\/\/www.supercars.net\/blog\/wp-content\/uploads\/2016\/03\/1035219-100x67.jpg 100w, https:\/\/www.supercars.net\/blog\/wp-content\/uploads\/2016\/03\/1035219-770x513.jpg 770w, https:\/\/www.supercars.net\/blog\/wp-content\/uploads\/2016\/03\/1035219-360x240.jpg 360w, https:\/\/www.supercars.net\/blog\/wp-content\/uploads\/2016\/03\/1035219-370x247.jpg 370w, https:\/\/www.supercars.net\/blog\/wp-content\/uploads\/2016\/03\/1035219-293x195.jpg 293w\" sizes=\"(max-width: 800px) 100vw, 800px\" \/>\r\n\t\t\t\t<\/a>\r\n            <\/div><\/figure><figure class='gallery-item'>\r\n            <div class='gallery-icon landscape'>\r\n                <a href='https:\/\/www.supercars.net\/blog\/wp-content\/uploads\/2016\/03\/1035220.jpg' class='tipi-lightbox'>\r\n\t\t\t\t<img decoding=\"async\" width=\"800\" height=\"533\" src=\"https:\/\/www.supercars.net\/blog\/wp-content\/uploads\/2016\/03\/1035220.jpg\" class=\"attachment-full size-full\" alt=\"40. ADAC Zurich 24h-Rennen N\u00fcrburgring-1\" srcset=\"https:\/\/www.supercars.net\/blog\/wp-content\/uploads\/2016\/03\/1035220.jpg 800w, https:\/\/www.supercars.net\/blog\/wp-content\/uploads\/2016\/03\/1035220-300x200.jpg 300w, https:\/\/www.supercars.net\/blog\/wp-content\/uploads\/2016\/03\/1035220-100x67.jpg 100w, https:\/\/www.supercars.net\/blog\/wp-content\/uploads\/2016\/03\/1035220-770x513.jpg 770w, https:\/\/www.supercars.net\/blog\/wp-content\/uploads\/2016\/03\/1035220-360x240.jpg 360w, https:\/\/www.supercars.net\/blog\/wp-content\/uploads\/2016\/03\/1035220-370x247.jpg 370w, https:\/\/www.supercars.net\/blog\/wp-content\/uploads\/2016\/03\/1035220-293x195.jpg 293w\" sizes=\"(max-width: 800px) 100vw, 800px\" \/>\r\n\t\t\t\t<\/a>\r\n            <\/div><\/figure><figure class='gallery-item'>\r\n            <div class='gallery-icon landscape'>\r\n                <a href='https:\/\/www.supercars.net\/blog\/wp-content\/uploads\/2016\/03\/1035221.jpg' class='tipi-lightbox'>\r\n\t\t\t\t<img decoding=\"async\" width=\"800\" height=\"533\" src=\"https:\/\/www.supercars.net\/blog\/wp-content\/uploads\/2016\/03\/1035221.jpg\" class=\"attachment-full size-full\" alt=\"40. ADAC Zurich 24h-Rennen N\u00fcrburgring-1\" srcset=\"https:\/\/www.supercars.net\/blog\/wp-content\/uploads\/2016\/03\/1035221.jpg 800w, https:\/\/www.supercars.net\/blog\/wp-content\/uploads\/2016\/03\/1035221-300x200.jpg 300w, https:\/\/www.supercars.net\/blog\/wp-content\/uploads\/2016\/03\/1035221-100x67.jpg 100w, https:\/\/www.supercars.net\/blog\/wp-content\/uploads\/2016\/03\/1035221-770x513.jpg 770w, https:\/\/www.supercars.net\/blog\/wp-content\/uploads\/2016\/03\/1035221-360x240.jpg 360w, https:\/\/www.supercars.net\/blog\/wp-content\/uploads\/2016\/03\/1035221-370x247.jpg 370w, https:\/\/www.supercars.net\/blog\/wp-content\/uploads\/2016\/03\/1035221-293x195.jpg 293w\" sizes=\"(max-width: 800px) 100vw, 800px\" \/>\r\n\t\t\t\t<\/a>\r\n            <\/div><\/figure><figure class='gallery-item'>\r\n            <div class='gallery-icon landscape'>\r\n                <a href='https:\/\/www.supercars.net\/blog\/wp-content\/uploads\/2016\/03\/1035222.jpg' class='tipi-lightbox'>\r\n\t\t\t\t<img decoding=\"async\" width=\"800\" height=\"533\" src=\"https:\/\/www.supercars.net\/blog\/wp-content\/uploads\/2016\/03\/1035222.jpg\" class=\"attachment-full size-full\" alt=\"40. ADAC Zurich 24h-Rennen N\u00fcrburgring-1\" srcset=\"https:\/\/www.supercars.net\/blog\/wp-content\/uploads\/2016\/03\/1035222.jpg 800w, https:\/\/www.supercars.net\/blog\/wp-content\/uploads\/2016\/03\/1035222-300x200.jpg 300w, https:\/\/www.supercars.net\/blog\/wp-content\/uploads\/2016\/03\/1035222-100x67.jpg 100w, https:\/\/www.supercars.net\/blog\/wp-content\/uploads\/2016\/03\/1035222-770x513.jpg 770w, https:\/\/www.supercars.net\/blog\/wp-content\/uploads\/2016\/03\/1035222-360x240.jpg 360w, https:\/\/www.supercars.net\/blog\/wp-content\/uploads\/2016\/03\/1035222-370x247.jpg 370w, https:\/\/www.supercars.net\/blog\/wp-content\/uploads\/2016\/03\/1035222-293x195.jpg 293w\" sizes=\"(max-width: 800px) 100vw, 800px\" \/>\r\n\t\t\t\t<\/a>\r\n            <\/div><\/figure><figure class='gallery-item'>\r\n            <div class='gallery-icon landscape'>\r\n                <a href='https:\/\/www.supercars.net\/blog\/wp-content\/uploads\/2016\/03\/1035223.jpg' class='tipi-lightbox'>\r\n\t\t\t\t<img decoding=\"async\" width=\"800\" height=\"533\" src=\"https:\/\/www.supercars.net\/blog\/wp-content\/uploads\/2016\/03\/1035223.jpg\" class=\"attachment-full size-full\" alt=\"40. ADAC Zurich 24h-Rennen N\u00fcrburgring-1\" srcset=\"https:\/\/www.supercars.net\/blog\/wp-content\/uploads\/2016\/03\/1035223.jpg 800w, https:\/\/www.supercars.net\/blog\/wp-content\/uploads\/2016\/03\/1035223-300x200.jpg 300w, https:\/\/www.supercars.net\/blog\/wp-content\/uploads\/2016\/03\/1035223-100x67.jpg 100w, https:\/\/www.supercars.net\/blog\/wp-content\/uploads\/2016\/03\/1035223-770x513.jpg 770w, https:\/\/www.supercars.net\/blog\/wp-content\/uploads\/2016\/03\/1035223-360x240.jpg 360w, https:\/\/www.supercars.net\/blog\/wp-content\/uploads\/2016\/03\/1035223-370x247.jpg 370w, https:\/\/www.supercars.net\/blog\/wp-content\/uploads\/2016\/03\/1035223-293x195.jpg 293w\" sizes=\"(max-width: 800px) 100vw, 800px\" \/>\r\n\t\t\t\t<\/a>\r\n            <\/div><\/figure><figure class='gallery-item'>\r\n            <div class='gallery-icon landscape'>\r\n                <a href='https:\/\/www.supercars.net\/blog\/wp-content\/uploads\/2016\/03\/1035224.jpg' class='tipi-lightbox'>\r\n\t\t\t\t<img decoding=\"async\" width=\"800\" height=\"533\" src=\"https:\/\/www.supercars.net\/blog\/wp-content\/uploads\/2016\/03\/1035224.jpg\" class=\"attachment-full size-full\" alt=\"40. ADAC Zurich 24h-Rennen N\u00fcrburgring-1\" srcset=\"https:\/\/www.supercars.net\/blog\/wp-content\/uploads\/2016\/03\/1035224.jpg 800w, https:\/\/www.supercars.net\/blog\/wp-content\/uploads\/2016\/03\/1035224-300x200.jpg 300w, https:\/\/www.supercars.net\/blog\/wp-content\/uploads\/2016\/03\/1035224-100x67.jpg 100w, https:\/\/www.supercars.net\/blog\/wp-content\/uploads\/2016\/03\/1035224-770x513.jpg 770w, https:\/\/www.supercars.net\/blog\/wp-content\/uploads\/2016\/03\/1035224-360x240.jpg 360w, https:\/\/www.supercars.net\/blog\/wp-content\/uploads\/2016\/03\/1035224-370x247.jpg 370w, https:\/\/www.supercars.net\/blog\/wp-content\/uploads\/2016\/03\/1035224-293x195.jpg 293w\" sizes=\"(max-width: 800px) 100vw, 800px\" \/>\r\n\t\t\t\t<\/a>\r\n            <\/div><\/figure><figure class='gallery-item'>\r\n            <div class='gallery-icon landscape'>\r\n                <a href='https:\/\/www.supercars.net\/blog\/wp-content\/uploads\/2016\/03\/1035225.jpg' class='tipi-lightbox'>\r\n\t\t\t\t<img decoding=\"async\" width=\"800\" height=\"533\" src=\"https:\/\/www.supercars.net\/blog\/wp-content\/uploads\/2016\/03\/1035225.jpg\" class=\"attachment-full size-full\" alt=\"40. ADAC Zurich 24h-Rennen N\u00fcrburgring-1\" srcset=\"https:\/\/www.supercars.net\/blog\/wp-content\/uploads\/2016\/03\/1035225.jpg 800w, https:\/\/www.supercars.net\/blog\/wp-content\/uploads\/2016\/03\/1035225-300x200.jpg 300w, https:\/\/www.supercars.net\/blog\/wp-content\/uploads\/2016\/03\/1035225-100x67.jpg 100w, https:\/\/www.supercars.net\/blog\/wp-content\/uploads\/2016\/03\/1035225-770x513.jpg 770w, https:\/\/www.supercars.net\/blog\/wp-content\/uploads\/2016\/03\/1035225-360x240.jpg 360w, https:\/\/www.supercars.net\/blog\/wp-content\/uploads\/2016\/03\/1035225-370x247.jpg 370w, https:\/\/www.supercars.net\/blog\/wp-content\/uploads\/2016\/03\/1035225-293x195.jpg 293w\" sizes=\"(max-width: 800px) 100vw, 800px\" \/>\r\n\t\t\t\t<\/a>\r\n            <\/div><\/figure><figure class='gallery-item'>\r\n            <div class='gallery-icon landscape'>\r\n                <a href='https:\/\/www.supercars.net\/blog\/wp-content\/uploads\/2016\/03\/1035226.jpg' class='tipi-lightbox'>\r\n\t\t\t\t<img decoding=\"async\" width=\"800\" height=\"533\" src=\"https:\/\/www.supercars.net\/blog\/wp-content\/uploads\/2016\/03\/1035226.jpg\" class=\"attachment-full size-full\" alt=\"40. ADAC Zurich 24h-Rennen N\u00fcrburgring-1\" srcset=\"https:\/\/www.supercars.net\/blog\/wp-content\/uploads\/2016\/03\/1035226.jpg 800w, https:\/\/www.supercars.net\/blog\/wp-content\/uploads\/2016\/03\/1035226-300x200.jpg 300w, https:\/\/www.supercars.net\/blog\/wp-content\/uploads\/2016\/03\/1035226-100x67.jpg 100w, https:\/\/www.supercars.net\/blog\/wp-content\/uploads\/2016\/03\/1035226-770x513.jpg 770w, https:\/\/www.supercars.net\/blog\/wp-content\/uploads\/2016\/03\/1035226-360x240.jpg 360w, https:\/\/www.supercars.net\/blog\/wp-content\/uploads\/2016\/03\/1035226-370x247.jpg 370w, https:\/\/www.supercars.net\/blog\/wp-content\/uploads\/2016\/03\/1035226-293x195.jpg 293w\" sizes=\"(max-width: 800px) 100vw, 800px\" \/>\r\n\t\t\t\t<\/a>\r\n            <\/div><\/figure><figure class='gallery-item'>\r\n            <div class='gallery-icon landscape'>\r\n                <a href='https:\/\/www.supercars.net\/blog\/wp-content\/uploads\/2016\/03\/1035227.jpg' class='tipi-lightbox'>\r\n\t\t\t\t<img decoding=\"async\" width=\"800\" height=\"533\" src=\"https:\/\/www.supercars.net\/blog\/wp-content\/uploads\/2016\/03\/1035227.jpg\" class=\"attachment-full size-full\" alt=\"40. ADAC Zurich 24h-Rennen N\u00fcrburgring-1\" srcset=\"https:\/\/www.supercars.net\/blog\/wp-content\/uploads\/2016\/03\/1035227.jpg 800w, https:\/\/www.supercars.net\/blog\/wp-content\/uploads\/2016\/03\/1035227-300x200.jpg 300w, https:\/\/www.supercars.net\/blog\/wp-content\/uploads\/2016\/03\/1035227-100x67.jpg 100w, https:\/\/www.supercars.net\/blog\/wp-content\/uploads\/2016\/03\/1035227-770x513.jpg 770w, https:\/\/www.supercars.net\/blog\/wp-content\/uploads\/2016\/03\/1035227-360x240.jpg 360w, https:\/\/www.supercars.net\/blog\/wp-content\/uploads\/2016\/03\/1035227-370x247.jpg 370w, https:\/\/www.supercars.net\/blog\/wp-content\/uploads\/2016\/03\/1035227-293x195.jpg 293w\" sizes=\"(max-width: 800px) 100vw, 800px\" \/>\r\n\t\t\t\t<\/a>\r\n            <\/div><\/figure><figure class='gallery-item'>\r\n            <div class='gallery-icon landscape'>\r\n                <a href='https:\/\/www.supercars.net\/blog\/wp-content\/uploads\/2016\/03\/1035228.jpg' class='tipi-lightbox'>\r\n\t\t\t\t<img decoding=\"async\" width=\"800\" height=\"533\" src=\"https:\/\/www.supercars.net\/blog\/wp-content\/uploads\/2016\/03\/1035228.jpg\" class=\"attachment-full size-full\" alt=\"40. ADAC Zurich 24h-Rennen N\u00fcrburgring-1\" srcset=\"https:\/\/www.supercars.net\/blog\/wp-content\/uploads\/2016\/03\/1035228.jpg 800w, https:\/\/www.supercars.net\/blog\/wp-content\/uploads\/2016\/03\/1035228-300x200.jpg 300w, https:\/\/www.supercars.net\/blog\/wp-content\/uploads\/2016\/03\/1035228-100x67.jpg 100w, https:\/\/www.supercars.net\/blog\/wp-content\/uploads\/2016\/03\/1035228-770x513.jpg 770w, https:\/\/www.supercars.net\/blog\/wp-content\/uploads\/2016\/03\/1035228-360x240.jpg 360w, https:\/\/www.supercars.net\/blog\/wp-content\/uploads\/2016\/03\/1035228-370x247.jpg 370w, https:\/\/www.supercars.net\/blog\/wp-content\/uploads\/2016\/03\/1035228-293x195.jpg 293w\" sizes=\"(max-width: 800px) 100vw, 800px\" \/>\r\n\t\t\t\t<\/a>\r\n            <\/div><\/figure><figure class='gallery-item'>\r\n            <div class='gallery-icon landscape'>\r\n                <a href='https:\/\/www.supercars.net\/blog\/wp-content\/uploads\/2016\/03\/1035229.jpg' class='tipi-lightbox'>\r\n\t\t\t\t<img decoding=\"async\" width=\"800\" height=\"533\" src=\"https:\/\/www.supercars.net\/blog\/wp-content\/uploads\/2016\/03\/1035229.jpg\" class=\"attachment-full size-full\" alt=\"40. ADAC Zurich 24h-Rennen N\u00fcrburgring-1\" srcset=\"https:\/\/www.supercars.net\/blog\/wp-content\/uploads\/2016\/03\/1035229.jpg 800w, https:\/\/www.supercars.net\/blog\/wp-content\/uploads\/2016\/03\/1035229-300x200.jpg 300w, https:\/\/www.supercars.net\/blog\/wp-content\/uploads\/2016\/03\/1035229-100x67.jpg 100w, https:\/\/www.supercars.net\/blog\/wp-content\/uploads\/2016\/03\/1035229-770x513.jpg 770w, https:\/\/www.supercars.net\/blog\/wp-content\/uploads\/2016\/03\/1035229-360x240.jpg 360w, https:\/\/www.supercars.net\/blog\/wp-content\/uploads\/2016\/03\/1035229-370x247.jpg 370w, https:\/\/www.supercars.net\/blog\/wp-content\/uploads\/2016\/03\/1035229-293x195.jpg 293w\" sizes=\"(max-width: 800px) 100vw, 800px\" \/>\r\n\t\t\t\t<\/a>\r\n            <\/div><\/figure>\n","protected":false},"excerpt":{"rendered":"<p>40th edition of the ADAC Zurich 24h. Held May 17th to Sunday 20th. Won by the Audi Sport Team Phoenix Audi R8 LMS driven by the all-German line-up of Marc Basseng, Christopher Haase, Frank Stippler andMarkus Winkelhock.<\/p>\n","protected":false},"author":2,"featured_media":163769,"comment_status":"open","ping_status":"closed","sticky":false,"template":"","format":"standard","meta":{"footnotes":""},"categories":[261,255,16918],"tags":[548,17225,501,18151],"class_list":["post-96814","post","type-post","status-publish","format-standard","has-post-thumbnail","hentry","category-motorsport-racing","category-news","category-races","tag-motorsport","tag-race-recap","tag-nurburgring","tag-racing-news"],"yoast_head":"<!-- This site is optimized with the Yoast SEO plugin v27.5 - https:\/\/yoast.com\/product\/yoast-seo-wordpress\/ -->\n<title>40. ADAC Zurich 24h-Rennen N\u00fcrburgring-1<\/title>\n<meta name=\"robots\" content=\"index, follow, max-snippet:-1, max-image-preview:large, max-video-preview:-1\" \/>\n<link rel=\"canonical\" href=\"https:\/\/www.supercars.net\/blog\/40-adac-zurich-24h-rennen-nurburgring-1\/\" \/>\n<meta property=\"og:locale\" content=\"en_US\" \/>\n<meta property=\"og:type\" content=\"article\" \/>\n<meta property=\"og:title\" content=\"40. ADAC Zurich 24h-Rennen N\u00fcrburgring-1\" \/>\n<meta property=\"og:description\" content=\"40th edition of the ADAC Zurich 24h. Held May 17th to Sunday 20th. Won by the Audi Sport Team Phoenix Audi R8 LMS driven by the all-German line-up of Marc Basseng, Christopher Haase, Frank Stippler andMarkus Winkelhock.\" \/>\n<meta property=\"og:url\" content=\"https:\/\/www.supercars.net\/blog\/40-adac-zurich-24h-rennen-nurburgring-1\/\" \/>\n<meta property=\"og:site_name\" content=\"Supercars.net\" \/>\n<meta property=\"article:publisher\" content=\"https:\/\/www.facebook.com\/Supercars.net\/\" \/>\n<meta property=\"article:author\" content=\"https:\/\/www.facebook.com\/Supercars.net\/\" \/>\n<meta property=\"article:published_time\" content=\"2016-03-15T21:05:04+00:00\" \/>\n<meta property=\"article:modified_time\" content=\"2024-01-08T00:57:56+00:00\" \/>\n<meta property=\"og:image\" content=\"https:\/\/www.supercars.net\/blog\/wp-content\/uploads\/2016\/03\/10351291.jpg\" \/>\n\t<meta property=\"og:image:width\" content=\"1024\" \/>\n\t<meta property=\"og:image:height\" content=\"683\" \/>\n\t<meta property=\"og:image:type\" content=\"image\/jpeg\" \/>\n<meta name=\"author\" content=\"Editorial Team\" \/>\n<meta name=\"twitter:card\" content=\"summary_large_image\" \/>\n<meta name=\"twitter:creator\" content=\"@https:\/\/twitter.com\/supercars_net\" \/>\n<meta name=\"twitter:site\" content=\"@supercars_net\" \/>\n<meta name=\"twitter:label1\" content=\"Written by\" \/>\n\t<meta name=\"twitter:data1\" content=\"Editorial Team\" \/>\n<script type=\"application\/ld+json\" class=\"yoast-schema-graph\">{\"@context\":\"https:\\\/\\\/schema.org\",\"@graph\":[{\"@type\":\"Article\",\"@id\":\"https:\\\/\\\/www.supercars.net\\\/blog\\\/40-adac-zurich-24h-rennen-nurburgring-1\\\/#article\",\"isPartOf\":{\"@id\":\"https:\\\/\\\/www.supercars.net\\\/blog\\\/40-adac-zurich-24h-rennen-nurburgring-1\\\/\"},\"author\":{\"name\":\"Editorial Team\",\"@id\":\"https:\\\/\\\/www.supercars.net\\\/blog\\\/#\\\/schema\\\/person\\\/08906293a84eafb03312b711c1507c7e\"},\"headline\":\"40. ADAC Zurich 24h-Rennen N\u00fcrburgring-1\",\"datePublished\":\"2016-03-15T21:05:04+00:00\",\"dateModified\":\"2024-01-08T00:57:56+00:00\",\"mainEntityOfPage\":{\"@id\":\"https:\\\/\\\/www.supercars.net\\\/blog\\\/40-adac-zurich-24h-rennen-nurburgring-1\\\/\"},\"wordCount\":46,\"commentCount\":0,\"image\":{\"@id\":\"https:\\\/\\\/www.supercars.net\\\/blog\\\/40-adac-zurich-24h-rennen-nurburgring-1\\\/#primaryimage\"},\"thumbnailUrl\":\"https:\\\/\\\/www.supercars.net\\\/blog\\\/wp-content\\\/uploads\\\/2016\\\/03\\\/10351291.jpg\",\"keywords\":[\"Motorsport &amp; Racing\",\"Race Recap\",\"Racetrack (N\u00fcrburgring Nordschleife)\",\"Racing News\"],\"articleSection\":[\"Motorsport &amp; Racing\",\"News\",\"Race Recap\"],\"inLanguage\":\"en-US\",\"potentialAction\":[{\"@type\":\"CommentAction\",\"name\":\"Comment\",\"target\":[\"https:\\\/\\\/www.supercars.net\\\/blog\\\/40-adac-zurich-24h-rennen-nurburgring-1\\\/#respond\"]}]},{\"@type\":\"WebPage\",\"@id\":\"https:\\\/\\\/www.supercars.net\\\/blog\\\/40-adac-zurich-24h-rennen-nurburgring-1\\\/\",\"url\":\"https:\\\/\\\/www.supercars.net\\\/blog\\\/40-adac-zurich-24h-rennen-nurburgring-1\\\/\",\"name\":\"40. ADAC Zurich 24h-Rennen N\u00fcrburgring-1\",\"isPartOf\":{\"@id\":\"https:\\\/\\\/www.supercars.net\\\/blog\\\/#website\"},\"primaryImageOfPage\":{\"@id\":\"https:\\\/\\\/www.supercars.net\\\/blog\\\/40-adac-zurich-24h-rennen-nurburgring-1\\\/#primaryimage\"},\"image\":{\"@id\":\"https:\\\/\\\/www.supercars.net\\\/blog\\\/40-adac-zurich-24h-rennen-nurburgring-1\\\/#primaryimage\"},\"thumbnailUrl\":\"https:\\\/\\\/www.supercars.net\\\/blog\\\/wp-content\\\/uploads\\\/2016\\\/03\\\/10351291.jpg\",\"datePublished\":\"2016-03-15T21:05:04+00:00\",\"dateModified\":\"2024-01-08T00:57:56+00:00\",\"author\":{\"@id\":\"https:\\\/\\\/www.supercars.net\\\/blog\\\/#\\\/schema\\\/person\\\/08906293a84eafb03312b711c1507c7e\"},\"breadcrumb\":{\"@id\":\"https:\\\/\\\/www.supercars.net\\\/blog\\\/40-adac-zurich-24h-rennen-nurburgring-1\\\/#breadcrumb\"},\"inLanguage\":\"en-US\",\"potentialAction\":[{\"@type\":\"ReadAction\",\"target\":[\"https:\\\/\\\/www.supercars.net\\\/blog\\\/40-adac-zurich-24h-rennen-nurburgring-1\\\/\"]}]},{\"@type\":\"ImageObject\",\"inLanguage\":\"en-US\",\"@id\":\"https:\\\/\\\/www.supercars.net\\\/blog\\\/40-adac-zurich-24h-rennen-nurburgring-1\\\/#primaryimage\",\"url\":\"https:\\\/\\\/www.supercars.net\\\/blog\\\/wp-content\\\/uploads\\\/2016\\\/03\\\/10351291.jpg\",\"contentUrl\":\"https:\\\/\\\/www.supercars.net\\\/blog\\\/wp-content\\\/uploads\\\/2016\\\/03\\\/10351291.jpg\",\"width\":1024,\"height\":683},{\"@type\":\"BreadcrumbList\",\"@id\":\"https:\\\/\\\/www.supercars.net\\\/blog\\\/40-adac-zurich-24h-rennen-nurburgring-1\\\/#breadcrumb\",\"itemListElement\":[{\"@type\":\"ListItem\",\"position\":1,\"name\":\"Home\",\"item\":\"https:\\\/\\\/www.supercars.net\\\/blog\\\/\"},{\"@type\":\"ListItem\",\"position\":2,\"name\":\"40. ADAC Zurich 24h-Rennen N\u00fcrburgring-1\"}]},{\"@type\":\"WebSite\",\"@id\":\"https:\\\/\\\/www.supercars.net\\\/blog\\\/#website\",\"url\":\"https:\\\/\\\/www.supercars.net\\\/blog\\\/\",\"name\":\"Supercars.net\",\"description\":\"Exotic and Supercar news, information, pictures and videos\",\"potentialAction\":[{\"@type\":\"SearchAction\",\"target\":{\"@type\":\"EntryPoint\",\"urlTemplate\":\"https:\\\/\\\/www.supercars.net\\\/blog\\\/?s={search_term_string}\"},\"query-input\":{\"@type\":\"PropertyValueSpecification\",\"valueRequired\":true,\"valueName\":\"search_term_string\"}}],\"inLanguage\":\"en-US\"},{\"@type\":\"Person\",\"@id\":\"https:\\\/\\\/www.supercars.net\\\/blog\\\/#\\\/schema\\\/person\\\/08906293a84eafb03312b711c1507c7e\",\"name\":\"Editorial Team\",\"image\":{\"@type\":\"ImageObject\",\"inLanguage\":\"en-US\",\"@id\":\"https:\\\/\\\/www.supercars.net\\\/blog\\\/wp-content\\\/uploads\\\/2012\\\/01\\\/196-293x293.jpg\",\"url\":\"https:\\\/\\\/www.supercars.net\\\/blog\\\/wp-content\\\/uploads\\\/2012\\\/01\\\/196-293x293.jpg\",\"contentUrl\":\"https:\\\/\\\/www.supercars.net\\\/blog\\\/wp-content\\\/uploads\\\/2012\\\/01\\\/196-293x293.jpg\",\"caption\":\"Editorial Team\"},\"description\":\"Regular people by day, car obsessed nutcases by night. We are like kids in a candy store, except the candy is made of metal, goes vroom-vroom, and occasionally bankrupts us faster than a sugar rush at a candy store sale! We spend hours debating the merits of turbochargers versus superchargers, and our weekends are a never-ending quest for the perfect polish and wax combo. We can identify every make and model by the sound of a revving engine, and our idea of a romantic evening is a candlelit dinner with our cars in the garage.\",\"sameAs\":[\"http:\\\/\\\/www.supercars.net\",\"https:\\\/\\\/www.facebook.com\\\/Supercars.net\\\/\",\"https:\\\/\\\/instagram.com\\\/super.cars.fans\",\"https:\\\/\\\/x.com\\\/https:\\\/\\\/twitter.com\\\/supercars_net\"],\"url\":\"https:\\\/\\\/www.supercars.net\\\/blog\\\/author\\\/supercars\\\/\"}]}<\/script>\n<!-- \/ Yoast SEO plugin. -->","yoast_head_json":{"title":"40. ADAC Zurich 24h-Rennen N\u00fcrburgring-1","robots":{"index":"index","follow":"follow","max-snippet":"max-snippet:-1","max-image-preview":"max-image-preview:large","max-video-preview":"max-video-preview:-1"},"canonical":"https:\/\/www.supercars.net\/blog\/40-adac-zurich-24h-rennen-nurburgring-1\/","og_locale":"en_US","og_type":"article","og_title":"40. ADAC Zurich 24h-Rennen N\u00fcrburgring-1","og_description":"40th edition of the ADAC Zurich 24h. Held May 17th to Sunday 20th. Won by the Audi Sport Team Phoenix Audi R8 LMS driven by the all-German line-up of Marc Basseng, Christopher Haase, Frank Stippler andMarkus Winkelhock.","og_url":"https:\/\/www.supercars.net\/blog\/40-adac-zurich-24h-rennen-nurburgring-1\/","og_site_name":"Supercars.net","article_publisher":"https:\/\/www.facebook.com\/Supercars.net\/","article_author":"https:\/\/www.facebook.com\/Supercars.net\/","article_published_time":"2016-03-15T21:05:04+00:00","article_modified_time":"2024-01-08T00:57:56+00:00","og_image":[{"width":1024,"height":683,"url":"https:\/\/www.supercars.net\/blog\/wp-content\/uploads\/2016\/03\/10351291.jpg","type":"image\/jpeg"}],"author":"Editorial Team","twitter_card":"summary_large_image","twitter_creator":"@https:\/\/twitter.com\/supercars_net","twitter_site":"@supercars_net","twitter_misc":{"Written by":"Editorial Team"},"schema":{"@context":"https:\/\/schema.org","@graph":[{"@type":"Article","@id":"https:\/\/www.supercars.net\/blog\/40-adac-zurich-24h-rennen-nurburgring-1\/#article","isPartOf":{"@id":"https:\/\/www.supercars.net\/blog\/40-adac-zurich-24h-rennen-nurburgring-1\/"},"author":{"name":"Editorial Team","@id":"https:\/\/www.supercars.net\/blog\/#\/schema\/person\/08906293a84eafb03312b711c1507c7e"},"headline":"40. ADAC Zurich 24h-Rennen N\u00fcrburgring-1","datePublished":"2016-03-15T21:05:04+00:00","dateModified":"2024-01-08T00:57:56+00:00","mainEntityOfPage":{"@id":"https:\/\/www.supercars.net\/blog\/40-adac-zurich-24h-rennen-nurburgring-1\/"},"wordCount":46,"commentCount":0,"image":{"@id":"https:\/\/www.supercars.net\/blog\/40-adac-zurich-24h-rennen-nurburgring-1\/#primaryimage"},"thumbnailUrl":"https:\/\/www.supercars.net\/blog\/wp-content\/uploads\/2016\/03\/10351291.jpg","keywords":["Motorsport &amp; Racing","Race Recap","Racetrack (N\u00fcrburgring Nordschleife)","Racing News"],"articleSection":["Motorsport &amp; Racing","News","Race Recap"],"inLanguage":"en-US","potentialAction":[{"@type":"CommentAction","name":"Comment","target":["https:\/\/www.supercars.net\/blog\/40-adac-zurich-24h-rennen-nurburgring-1\/#respond"]}]},{"@type":"WebPage","@id":"https:\/\/www.supercars.net\/blog\/40-adac-zurich-24h-rennen-nurburgring-1\/","url":"https:\/\/www.supercars.net\/blog\/40-adac-zurich-24h-rennen-nurburgring-1\/","name":"40. ADAC Zurich 24h-Rennen N\u00fcrburgring-1","isPartOf":{"@id":"https:\/\/www.supercars.net\/blog\/#website"},"primaryImageOfPage":{"@id":"https:\/\/www.supercars.net\/blog\/40-adac-zurich-24h-rennen-nurburgring-1\/#primaryimage"},"image":{"@id":"https:\/\/www.supercars.net\/blog\/40-adac-zurich-24h-rennen-nurburgring-1\/#primaryimage"},"thumbnailUrl":"https:\/\/www.supercars.net\/blog\/wp-content\/uploads\/2016\/03\/10351291.jpg","datePublished":"2016-03-15T21:05:04+00:00","dateModified":"2024-01-08T00:57:56+00:00","author":{"@id":"https:\/\/www.supercars.net\/blog\/#\/schema\/person\/08906293a84eafb03312b711c1507c7e"},"breadcrumb":{"@id":"https:\/\/www.supercars.net\/blog\/40-adac-zurich-24h-rennen-nurburgring-1\/#breadcrumb"},"inLanguage":"en-US","potentialAction":[{"@type":"ReadAction","target":["https:\/\/www.supercars.net\/blog\/40-adac-zurich-24h-rennen-nurburgring-1\/"]}]},{"@type":"ImageObject","inLanguage":"en-US","@id":"https:\/\/www.supercars.net\/blog\/40-adac-zurich-24h-rennen-nurburgring-1\/#primaryimage","url":"https:\/\/www.supercars.net\/blog\/wp-content\/uploads\/2016\/03\/10351291.jpg","contentUrl":"https:\/\/www.supercars.net\/blog\/wp-content\/uploads\/2016\/03\/10351291.jpg","width":1024,"height":683},{"@type":"BreadcrumbList","@id":"https:\/\/www.supercars.net\/blog\/40-adac-zurich-24h-rennen-nurburgring-1\/#breadcrumb","itemListElement":[{"@type":"ListItem","position":1,"name":"Home","item":"https:\/\/www.supercars.net\/blog\/"},{"@type":"ListItem","position":2,"name":"40. ADAC Zurich 24h-Rennen N\u00fcrburgring-1"}]},{"@type":"WebSite","@id":"https:\/\/www.supercars.net\/blog\/#website","url":"https:\/\/www.supercars.net\/blog\/","name":"Supercars.net","description":"Exotic and Supercar news, information, pictures and videos","potentialAction":[{"@type":"SearchAction","target":{"@type":"EntryPoint","urlTemplate":"https:\/\/www.supercars.net\/blog\/?s={search_term_string}"},"query-input":{"@type":"PropertyValueSpecification","valueRequired":true,"valueName":"search_term_string"}}],"inLanguage":"en-US"},{"@type":"Person","@id":"https:\/\/www.supercars.net\/blog\/#\/schema\/person\/08906293a84eafb03312b711c1507c7e","name":"Editorial Team","image":{"@type":"ImageObject","inLanguage":"en-US","@id":"https:\/\/www.supercars.net\/blog\/wp-content\/uploads\/2012\/01\/196-293x293.jpg","url":"https:\/\/www.supercars.net\/blog\/wp-content\/uploads\/2012\/01\/196-293x293.jpg","contentUrl":"https:\/\/www.supercars.net\/blog\/wp-content\/uploads\/2012\/01\/196-293x293.jpg","caption":"Editorial Team"},"description":"Regular people by day, car obsessed nutcases by night. We are like kids in a candy store, except the candy is made of metal, goes vroom-vroom, and occasionally bankrupts us faster than a sugar rush at a candy store sale! We spend hours debating the merits of turbochargers versus superchargers, and our weekends are a never-ending quest for the perfect polish and wax combo. We can identify every make and model by the sound of a revving engine, and our idea of a romantic evening is a candlelit dinner with our cars in the garage.","sameAs":["http:\/\/www.supercars.net","https:\/\/www.facebook.com\/Supercars.net\/","https:\/\/instagram.com\/super.cars.fans","https:\/\/x.com\/https:\/\/twitter.com\/supercars_net"],"url":"https:\/\/www.supercars.net\/blog\/author\/supercars\/"}]}},"_links":{"self":[{"href":"https:\/\/www.supercars.net\/blog\/wp-json\/wp\/v2\/posts\/96814","targetHints":{"allow":["GET"]}}],"collection":[{"href":"https:\/\/www.supercars.net\/blog\/wp-json\/wp\/v2\/posts"}],"about":[{"href":"https:\/\/www.supercars.net\/blog\/wp-json\/wp\/v2\/types\/post"}],"author":[{"embeddable":true,"href":"https:\/\/www.supercars.net\/blog\/wp-json\/wp\/v2\/users\/2"}],"replies":[{"embeddable":true,"href":"https:\/\/www.supercars.net\/blog\/wp-json\/wp\/v2\/comments?post=96814"}],"version-history":[{"count":0,"href":"https:\/\/www.supercars.net\/blog\/wp-json\/wp\/v2\/posts\/96814\/revisions"}],"wp:featuredmedia":[{"embeddable":true,"href":"https:\/\/www.supercars.net\/blog\/wp-json\/wp\/v2\/media\/163769"}],"wp:attachment":[{"href":"https:\/\/www.supercars.net\/blog\/wp-json\/wp\/v2\/media?parent=96814"}],"wp:term":[{"taxonomy":"category","embeddable":true,"href":"https:\/\/www.supercars.net\/blog\/wp-json\/wp\/v2\/categories?post=96814"},{"taxonomy":"post_tag","embeddable":true,"href":"https:\/\/www.supercars.net\/blog\/wp-json\/wp\/v2\/tags?post=96814"}],"curies":[{"name":"wp","href":"https:\/\/api.w.org\/{rel}","templated":true}]}}